{"id":47518,"date":"2023-07-12T13:56:47","date_gmt":"2023-07-12T16:56:47","guid":{"rendered":"https:\/\/portalnpm.com\/?p=47518"},"modified":"2023-07-12T13:56:47","modified_gmt":"2023-07-12T16:56:47","slug":"vasco-acerta-contratacao-de-tecnico-argentino-apos-sondar-varias-opcoes","status":"publish","type":"post","link":"https:\/\/portalnpm.com\/index.php\/2023\/07\/12\/vasco-acerta-contratacao-de-tecnico-argentino-apos-sondar-varias-opcoes\/","title":{"rendered":"Vasco acerta contrata\u00e7\u00e3o de t\u00e9cnico argentino ap\u00f3s sondar v\u00e1rias op\u00e7\u00f5es"},"content":{"rendered":"<h6 class=\"article-subtitle\" style=\"text-align: justify;\">O diretor esportivo Paulo Bracks havia prometido um treinador para esta semana; Esta ser\u00e1 a primeira oportunidade do argentino no futebol brasileiro.<\/h6>\n<p style=\"text-align: justify;\">\n<p style=\"text-align: justify;\">Depois da negativa de Gustavo Alfaro, o Vasco encontrou um novo alvo e fechou acordo para contratar o treinador argentino Ram\u00f3n D\u00edaz. Com 63 anos de idade, D\u00edaz estava sem clube desde maio, quando deixou o Al Hilal, da Ar\u00e1bia Saudita. Ele est\u00e1 a caminho do Rio de Janeiro e deve assinar contrato na quarta-feira.<\/p>\n<p style=\"text-align: justify;\">Embora o nome de Ram\u00f3n tenha sido cogitado no Vasco no final de junho, naquela \u00e9poca o clube descartou o interesse. No entanto, devido \u00e0 recusa de v\u00e1rios treinadores nos \u00faltimos dias, o argentino voltou a ser considerado e foi contatado pela SAF. A confirma\u00e7\u00e3o do acordo foi inicialmente divulgada pelo jornalista argentino C\u00e9sar Luis Merlo.<\/p>\n<p style=\"text-align: justify;\">O Vasco estava com pressa e o diretor esportivo Paulo Bracks havia prometido um treinador para esta semana. Esta ser\u00e1 a primeira oportunidade do argentino no futebol brasileiro. Ram\u00f3n D\u00edaz foi anunciado pelo Botafogo em 2020, mas n\u00e3o p\u00f4de comandar a equipe devido a problemas de sa\u00fade. Na ocasi\u00e3o, seu filho, Emiliano D\u00edaz, assumiu como t\u00e9cnico alvinegro em tr\u00eas jogos, resultando em tr\u00eas derrotas.<\/p>\n<p style=\"text-align: justify;\">Ram\u00f3n D\u00edaz teve uma carreira de destaque como jogador no futebol argentino, especialmente no River Plate e na sele\u00e7\u00e3o nacional. Ap\u00f3s encerrar sua carreira como jogador, ele treinou equipes importantes em seu pa\u00eds natal, como San Lorenzo, Independiente e River Plate, onde conquistou diversos t\u00edtulos. Al\u00e9m disso, ele tamb\u00e9m teve experi\u00eancias internacionais, passando por clubes na Inglaterra, M\u00e9xico e Paraguai.<\/p>\n<p style=\"text-align: justify;\">O Al Hilal, da Ar\u00e1bia Saudita, foi o \u00faltimo clube que Ram\u00f3n D\u00edaz treinou. Ele esteve \u00e0 frente da equipe em 60 jogos durante as duas \u00faltimas temporadas. Um dos jogos mais memor\u00e1veis para os brasileiros foi a vit\u00f3ria por 3 a 2 sobre o Flamengo, na semifinal do Mundial de Clubes, ocorrida em fevereiro deste ano.<\/p>\n<p style=\"text-align: justify;\">Antes da contrata\u00e7\u00e3o de Ram\u00f3n D\u00edaz, o Vasco tentou os treinadores argentinos Gustavo Alfaro e Eduardo Coudet, os uruguaios Paulo Pezzolano e Diego Alonso, al\u00e9m do brasileiro Rog\u00e9rio Ceni. No entanto, todos eles indicaram que n\u00e3o tinham interesse no momento.<\/p>\n<p style=\"text-align: justify;\">Devido \u00e0 dif\u00edcil situa\u00e7\u00e3o do Vasco no Campeonato Brasileiro, as negocia\u00e7\u00f5es foram desafiadoras. O time perdeu oito dos \u00faltimos nove jogos e atualmente ocupa a 19\u00aa posi\u00e7\u00e3o na tabela. A diretoria se comprometeu a contratar mais refor\u00e7os durante esta janela de transfer\u00eancias, visando mudar o rumo da equipe nas pr\u00f3ximas rodadas.<\/p>\n<p style=\"text-align: justify;\">Fonte:\u00a0 Meionorte.com<\/p>\n","protected":false},"excerpt":{"rendered":"<p>O diretor esportivo Paulo Bracks havia prometido um treinador para esta semana; Esta ser\u00e1 a primeira oportunidade do argentino no futebol brasileiro. Depois da negativa de Gustavo Alfaro, o Vasco encontrou um novo alvo e fechou acordo para contratar o treinador argentino Ram\u00f3n D\u00edaz. Com 63 anos de idade, D\u00edaz estava sem clube desde maio, &hellip;<\/p>\n","protected":false},"author":2,"featured_media":47519,"comment_status":"open","ping_status":"open","sticky":false,"template":"","format":"standard","meta":{"content-type":"","rop_custom_images_group":[],"rop_custom_messages_group":[],"rop_publish_now":"initial","rop_publish_now_accounts":{"facebook_2648258775420054_1618374048415101":""},"rop_publish_now_history":[],"rop_publish_now_status":"pending","footnotes":"","_jetpack_memberships_contains_paid_content":false},"categories":[108],"tags":[2563,1076,163],"yoast_head":"<!-- This site is optimized with the Yoast SEO plugin v22.3 - https:\/\/yoast.com\/wordpress\/plugins\/seo\/ -->\n<title>Vasco acerta contrata\u00e7\u00e3o de t\u00e9cnico argentino ap\u00f3s sondar v\u00e1rias op\u00e7\u00f5es - Portal NPM<\/title>\n<meta name=\"robots\" content=\"index, follow, max-snippet:-1, max-image-preview:large, max-video-preview:-1\" \/>\n<link rel=\"canonical\" href=\"https:\/\/portalnpm.com\/index.php\/2023\/07\/12\/vasco-acerta-contratacao-de-tecnico-argentino-apos-sondar-varias-opcoes\/\" \/>\n<meta property=\"og:locale\" content=\"pt_BR\" \/>\n<meta property=\"og:type\" content=\"article\" \/>\n<meta property=\"og:title\" content=\"Vasco acerta contrata\u00e7\u00e3o de t\u00e9cnico argentino ap\u00f3s sondar v\u00e1rias op\u00e7\u00f5es - Portal NPM\" \/>\n<meta property=\"og:description\" content=\"O diretor esportivo Paulo Bracks havia prometido um treinador para esta semana; Esta ser\u00e1 a primeira oportunidade do argentino no futebol brasileiro. Depois da negativa de Gustavo Alfaro, o Vasco encontrou um novo alvo e fechou acordo para contratar o treinador argentino Ram\u00f3n D\u00edaz. Com 63 anos de idade, D\u00edaz estava sem clube desde maio, &hellip;\" \/>\n<meta property=\"og:url\" content=\"https:\/\/portalnpm.com\/index.php\/2023\/07\/12\/vasco-acerta-contratacao-de-tecnico-argentino-apos-sondar-varias-opcoes\/\" \/>\n<meta property=\"og:site_name\" content=\"Portal NPM\" \/>\n<meta property=\"article:published_time\" content=\"2023-07-12T16:56:47+00:00\" \/>\n<meta name=\"author\" content=\"Genival Barbosa\" \/>\n<meta name=\"twitter:card\" content=\"summary_large_image\" \/>\n<meta name=\"twitter:label1\" content=\"Escrito por\" \/>\n\t<meta name=\"twitter:data1\" content=\"Genival Barbosa\" \/>\n\t<meta name=\"twitter:label2\" content=\"Est. tempo de leitura\" \/>\n\t<meta name=\"twitter:data2\" content=\"3 minutos\" \/>\n<script type=\"application\/ld+json\" class=\"yoast-schema-graph\">{\"@context\":\"https:\/\/schema.org\",\"@graph\":[{\"@type\":\"WebPage\",\"@id\":\"https:\/\/portalnpm.com\/index.php\/2023\/07\/12\/vasco-acerta-contratacao-de-tecnico-argentino-apos-sondar-varias-opcoes\/\",\"url\":\"https:\/\/portalnpm.com\/index.php\/2023\/07\/12\/vasco-acerta-contratacao-de-tecnico-argentino-apos-sondar-varias-opcoes\/\",\"name\":\"Vasco acerta contrata\u00e7\u00e3o de t\u00e9cnico argentino ap\u00f3s sondar v\u00e1rias op\u00e7\u00f5es - Portal NPM\",\"isPartOf\":{\"@id\":\"https:\/\/portalnpm.com\/#website\"},\"primaryImageOfPage\":{\"@id\":\"https:\/\/portalnpm.com\/index.php\/2023\/07\/12\/vasco-acerta-contratacao-de-tecnico-argentino-apos-sondar-varias-opcoes\/#primaryimage\"},\"image\":{\"@id\":\"https:\/\/portalnpm.com\/index.php\/2023\/07\/12\/vasco-acerta-contratacao-de-tecnico-argentino-apos-sondar-varias-opcoes\/#primaryimage\"},\"thumbnailUrl\":\"\",\"datePublished\":\"2023-07-12T16:56:47+00:00\",\"dateModified\":\"2023-07-12T16:56:47+00:00\",\"author\":{\"@id\":\"https:\/\/portalnpm.com\/#\/schema\/person\/49313e563cfdefcc167f1ee4c017c294\"},\"breadcrumb\":{\"@id\":\"https:\/\/portalnpm.com\/index.php\/2023\/07\/12\/vasco-acerta-contratacao-de-tecnico-argentino-apos-sondar-varias-opcoes\/#breadcrumb\"},\"inLanguage\":\"pt-BR\",\"potentialAction\":[{\"@type\":\"ReadAction\",\"target\":[\"https:\/\/portalnpm.com\/index.php\/2023\/07\/12\/vasco-acerta-contratacao-de-tecnico-argentino-apos-sondar-varias-opcoes\/\"]}]},{\"@type\":\"ImageObject\",\"inLanguage\":\"pt-BR\",\"@id\":\"https:\/\/portalnpm.com\/index.php\/2023\/07\/12\/vasco-acerta-contratacao-de-tecnico-argentino-apos-sondar-varias-opcoes\/#primaryimage\",\"url\":\"\",\"contentUrl\":\"\"},{\"@type\":\"BreadcrumbList\",\"@id\":\"https:\/\/portalnpm.com\/index.php\/2023\/07\/12\/vasco-acerta-contratacao-de-tecnico-argentino-apos-sondar-varias-opcoes\/#breadcrumb\",\"itemListElement\":[{\"@type\":\"ListItem\",\"position\":1,\"name\":\"In\u00edcio\",\"item\":\"https:\/\/portalnpm.com\/\"},{\"@type\":\"ListItem\",\"position\":2,\"name\":\"Vasco acerta contrata\u00e7\u00e3o de t\u00e9cnico argentino ap\u00f3s sondar v\u00e1rias op\u00e7\u00f5es\"}]},{\"@type\":\"WebSite\",\"@id\":\"https:\/\/portalnpm.com\/#website\",\"url\":\"https:\/\/portalnpm.com\/\",\"name\":\"Portal NPM\",\"description\":\"Not\u00edcias em Primeira M\u00e3o\",\"potentialAction\":[{\"@type\":\"SearchAction\",\"target\":{\"@type\":\"EntryPoint\",\"urlTemplate\":\"https:\/\/portalnpm.com\/?s={search_term_string}\"},\"query-input\":\"required name=search_term_string\"}],\"inLanguage\":\"pt-BR\"},{\"@type\":\"Person\",\"@id\":\"https:\/\/portalnpm.com\/#\/schema\/person\/49313e563cfdefcc167f1ee4c017c294\",\"name\":\"Genival Barbosa\",\"image\":{\"@type\":\"ImageObject\",\"inLanguage\":\"pt-BR\",\"@id\":\"https:\/\/portalnpm.com\/#\/schema\/person\/image\/\",\"url\":\"https:\/\/portalnpm.com\/wp-content\/uploads\/2024\/02\/avatar_user_2_1707743258-96x96.jpeg\",\"contentUrl\":\"https:\/\/portalnpm.com\/wp-content\/uploads\/2024\/02\/avatar_user_2_1707743258-96x96.jpeg\",\"caption\":\"Genival Barbosa\"},\"url\":\"https:\/\/portalnpm.com\/index.php\/author\/genival\/\"}]}<\/script>\n<!-- \/ Yoast SEO plugin. -->","yoast_head_json":{"title":"Vasco acerta contrata\u00e7\u00e3o de t\u00e9cnico argentino ap\u00f3s sondar v\u00e1rias op\u00e7\u00f5es - Portal NPM","robots":{"index":"index","follow":"follow","max-snippet":"max-snippet:-1","max-image-preview":"max-image-preview:large","max-video-preview":"max-video-preview:-1"},"canonical":"https:\/\/portalnpm.com\/index.php\/2023\/07\/12\/vasco-acerta-contratacao-de-tecnico-argentino-apos-sondar-varias-opcoes\/","og_locale":"pt_BR","og_type":"article","og_title":"Vasco acerta contrata\u00e7\u00e3o de t\u00e9cnico argentino ap\u00f3s sondar v\u00e1rias op\u00e7\u00f5es - Portal NPM","og_description":"O diretor esportivo Paulo Bracks havia prometido um treinador para esta semana; Esta ser\u00e1 a primeira oportunidade do argentino no futebol brasileiro. Depois da negativa de Gustavo Alfaro, o Vasco encontrou um novo alvo e fechou acordo para contratar o treinador argentino Ram\u00f3n D\u00edaz. Com 63 anos de idade, D\u00edaz estava sem clube desde maio, &hellip;","og_url":"https:\/\/portalnpm.com\/index.php\/2023\/07\/12\/vasco-acerta-contratacao-de-tecnico-argentino-apos-sondar-varias-opcoes\/","og_site_name":"Portal NPM","article_published_time":"2023-07-12T16:56:47+00:00","author":"Genival Barbosa","twitter_card":"summary_large_image","twitter_misc":{"Escrito por":"Genival Barbosa","Est. tempo de leitura":"3 minutos"},"schema":{"@context":"https:\/\/schema.org","@graph":[{"@type":"WebPage","@id":"https:\/\/portalnpm.com\/index.php\/2023\/07\/12\/vasco-acerta-contratacao-de-tecnico-argentino-apos-sondar-varias-opcoes\/","url":"https:\/\/portalnpm.com\/index.php\/2023\/07\/12\/vasco-acerta-contratacao-de-tecnico-argentino-apos-sondar-varias-opcoes\/","name":"Vasco acerta contrata\u00e7\u00e3o de t\u00e9cnico argentino ap\u00f3s sondar v\u00e1rias op\u00e7\u00f5es - Portal NPM","isPartOf":{"@id":"https:\/\/portalnpm.com\/#website"},"primaryImageOfPage":{"@id":"https:\/\/portalnpm.com\/index.php\/2023\/07\/12\/vasco-acerta-contratacao-de-tecnico-argentino-apos-sondar-varias-opcoes\/#primaryimage"},"image":{"@id":"https:\/\/portalnpm.com\/index.php\/2023\/07\/12\/vasco-acerta-contratacao-de-tecnico-argentino-apos-sondar-varias-opcoes\/#primaryimage"},"thumbnailUrl":"","datePublished":"2023-07-12T16:56:47+00:00","dateModified":"2023-07-12T16:56:47+00:00","author":{"@id":"https:\/\/portalnpm.com\/#\/schema\/person\/49313e563cfdefcc167f1ee4c017c294"},"breadcrumb":{"@id":"https:\/\/portalnpm.com\/index.php\/2023\/07\/12\/vasco-acerta-contratacao-de-tecnico-argentino-apos-sondar-varias-opcoes\/#breadcrumb"},"inLanguage":"pt-BR","potentialAction":[{"@type":"ReadAction","target":["https:\/\/portalnpm.com\/index.php\/2023\/07\/12\/vasco-acerta-contratacao-de-tecnico-argentino-apos-sondar-varias-opcoes\/"]}]},{"@type":"ImageObject","inLanguage":"pt-BR","@id":"https:\/\/portalnpm.com\/index.php\/2023\/07\/12\/vasco-acerta-contratacao-de-tecnico-argentino-apos-sondar-varias-opcoes\/#primaryimage","url":"","contentUrl":""},{"@type":"BreadcrumbList","@id":"https:\/\/portalnpm.com\/index.php\/2023\/07\/12\/vasco-acerta-contratacao-de-tecnico-argentino-apos-sondar-varias-opcoes\/#breadcrumb","itemListElement":[{"@type":"ListItem","position":1,"name":"In\u00edcio","item":"https:\/\/portalnpm.com\/"},{"@type":"ListItem","position":2,"name":"Vasco acerta contrata\u00e7\u00e3o de t\u00e9cnico argentino ap\u00f3s sondar v\u00e1rias op\u00e7\u00f5es"}]},{"@type":"WebSite","@id":"https:\/\/portalnpm.com\/#website","url":"https:\/\/portalnpm.com\/","name":"Portal NPM","description":"Not\u00edcias em Primeira M\u00e3o","potentialAction":[{"@type":"SearchAction","target":{"@type":"EntryPoint","urlTemplate":"https:\/\/portalnpm.com\/?s={search_term_string}"},"query-input":"required name=search_term_string"}],"inLanguage":"pt-BR"},{"@type":"Person","@id":"https:\/\/portalnpm.com\/#\/schema\/person\/49313e563cfdefcc167f1ee4c017c294","name":"Genival Barbosa","image":{"@type":"ImageObject","inLanguage":"pt-BR","@id":"https:\/\/portalnpm.com\/#\/schema\/person\/image\/","url":"https:\/\/portalnpm.com\/wp-content\/uploads\/2024\/02\/avatar_user_2_1707743258-96x96.jpeg","contentUrl":"https:\/\/portalnpm.com\/wp-content\/uploads\/2024\/02\/avatar_user_2_1707743258-96x96.jpeg","caption":"Genival Barbosa"},"url":"https:\/\/portalnpm.com\/index.php\/author\/genival\/"}]}},"jetpack_sharing_enabled":true,"jetpack_featured_media_url":"","_links":{"self":[{"href":"https:\/\/portalnpm.com\/index.php\/wp-json\/wp\/v2\/posts\/47518"}],"collection":[{"href":"https:\/\/portalnpm.com\/index.php\/wp-json\/wp\/v2\/posts"}],"about":[{"href":"https:\/\/portalnpm.com\/index.php\/wp-json\/wp\/v2\/types\/post"}],"author":[{"embeddable":true,"href":"https:\/\/portalnpm.com\/index.php\/wp-json\/wp\/v2\/users\/2"}],"replies":[{"embeddable":true,"href":"https:\/\/portalnpm.com\/index.php\/wp-json\/wp\/v2\/comments?post=47518"}],"version-history":[{"count":0,"href":"https:\/\/portalnpm.com\/index.php\/wp-json\/wp\/v2\/posts\/47518\/revisions"}],"wp:featuredmedia":[{"embeddable":true,"href":"https:\/\/portalnpm.com\/index.php\/wp-json\/"}],"wp:attachment":[{"href":"https:\/\/portalnpm.com\/index.php\/wp-json\/wp\/v2\/media?parent=47518"}],"wp:term":[{"taxonomy":"category","embeddable":true,"href":"https:\/\/portalnpm.com\/index.php\/wp-json\/wp\/v2\/categories?post=47518"},{"taxonomy":"post_tag","embeddable":true,"href":"https:\/\/portalnpm.com\/index.php\/wp-json\/wp\/v2\/tags?post=47518"}],"curies":[{"name":"wp","href":"https:\/\/api.w.org\/{rel}","templated":true}]}}