{"id":47527,"date":"2023-07-12T14:32:06","date_gmt":"2023-07-12T17:32:06","guid":{"rendered":"https:\/\/portalnpm.com\/?p=47527"},"modified":"2023-07-12T14:32:06","modified_gmt":"2023-07-12T17:32:06","slug":"zuckerberg-aparece-com-abdomen-trincado-apos-ser-desafiado-a-lutar-contra-elon-musk","status":"publish","type":"post","link":"https:\/\/portalnpm.com\/index.php\/2023\/07\/12\/zuckerberg-aparece-com-abdomen-trincado-apos-ser-desafiado-a-lutar-contra-elon-musk\/","title":{"rendered":"Zuckerberg aparece com abd\u00f4men \u2018trincado\u2019 ap\u00f3s ser desafiado a lutar contra Elon Musk"},"content":{"rendered":"<p style=\"text-align: justify;\"><iframe id=\"instagram-embed-0\" class=\"instagram-media instagram-media-rendered lazyloaded\" src=\"data:image\/gif;base64,R0lGODlhAQABAAAAACH5BAEKAAEALAAAAAABAAEAAAICTAEAOw==\" height=\"888\" frameborder=\"0\" scrolling=\"no\" allowfullscreen=\"allowfullscreen\" data-instgrm-payload-id=\"instagram-media-payload-0\" data-mce-fragment=\"1\" data-src=\"https:\/\/www.instagram.com\/p\/CukZy18hHAZ\/embed\/captioned\/?cr=1&amp;v=14&amp;wp=540&amp;rd=https%3A%2F%2Fcidadeverde.com&amp;rp=%2Fnoticias%2F395705%2Fzuckerberg-aparece-com-abdomen-trincado-apos-ser-desafiado-a-lutar-contra-elon-musk#%7B%22ci%22%3A0%2C%22os%22%3A2792.6000003814697%2C%22ls%22%3A1101%2C%22le%22%3A1615.1000003814697%7D\"><\/iframe><\/p>\n<p style=\"text-align: justify;\">\n<p style=\"text-align: justify;\">Fundador do Facebook, o bilion\u00e1rio Mark Zuckerberg foi nesta ter\u00e7a, 11, ao Instagram para exibir o peitoral e abd\u00f4men trincados ap\u00f3s um treino de jiu-jitsu. A foto pode ser entendida como mais uma provoca\u00e7\u00e3o para Elon Musk, que convidou o colega para uma luta f\u00edsica ap\u00f3s descobrir que a Meta desenvolveu um aplicativo para competir com o Twitter, o Threads.<\/p>\n<p style=\"text-align: justify;\">Publicada de forma conjunta pela conta de Zuckerberg e do atleta Israel Adesanya, em Lake Tahoe (na Calif\u00f3rnia), a imagem mostra os colegas ap\u00f3s o treino, sorrindo. Na legenda, dizem: \u201cSem brincadeira com Zuckerberg!\u201d. Em resposta, o bilion\u00e1rio comentou: \u201c\u00c9 uma honra treinar com voc\u00eas!\u201d.<\/p>\n<p style=\"text-align: justify;\">At\u00e9 a publica\u00e7\u00e3o desta mat\u00e9ria, Elon Musk, conhecido por usar o Twitter cotidianamente, n\u00e3o fez coment\u00e1rios.<\/p>\n<p style=\"text-align: justify;\"><strong>\u2018Briga\u2019 entre Elon Musk e Mark Zuckerberg<\/strong><\/p>\n<p style=\"text-align: justify;\">No final de junho, Elon Musk \u201cdesafiou\u201d Mark Zuckerberg para uma luta, em postagem no seu perfil na rede social. \u201cEu estou pronto para uma luta de jaula se ele estiver, rs\u201d, tuitou.<\/p>\n<p style=\"text-align: justify;\">O coment\u00e1rio aconteceu ap\u00f3s a Meta anunciar o lan\u00e7amento de uma rede social para competir com o Twitter, o Threads. \u201cTenho certeza de que a Terra mal pode esperar para estar exclusivamente sob o controle de Zuck, sem outras op\u00e7\u00f5es\u201d, tamb\u00e9m escreveu Musk sobre o caso.<\/p>\n<p style=\"text-align: justify;\">\n<p style=\"text-align: justify;\"><em>Fonte: Estad\u00e3o Conte\u00fado<\/em><\/p>\n","protected":false},"excerpt":{"rendered":"<p>Fundador do Facebook, o bilion\u00e1rio Mark Zuckerberg foi nesta ter\u00e7a, 11, ao Instagram para exibir o peitoral e abd\u00f4men trincados ap\u00f3s um treino de jiu-jitsu. A foto pode ser entendida como mais uma provoca\u00e7\u00e3o para Elon Musk, que convidou o colega para uma luta f\u00edsica ap\u00f3s descobrir que a Meta desenvolveu um aplicativo para competir &hellip;<\/p>\n","protected":false},"author":2,"featured_media":47528,"comment_status":"open","ping_status":"open","sticky":false,"template":"","format":"standard","meta":{"content-type":"","rop_custom_images_group":[],"rop_custom_messages_group":[],"rop_publish_now":"initial","rop_publish_now_accounts":{"facebook_2648258775420054_1618374048415101":""},"rop_publish_now_history":[],"rop_publish_now_status":"pending","footnotes":"","_jetpack_memberships_contains_paid_content":false},"categories":[901],"tags":[11244,433],"yoast_head":"<!-- This site is optimized with the Yoast SEO plugin v22.3 - https:\/\/yoast.com\/wordpress\/plugins\/seo\/ -->\n<title>Zuckerberg aparece com abd\u00f4men \u2018trincado\u2019 ap\u00f3s ser desafiado a lutar contra Elon Musk - Portal NPM<\/title>\n<meta name=\"robots\" content=\"index, follow, max-snippet:-1, max-image-preview:large, max-video-preview:-1\" \/>\n<link rel=\"canonical\" href=\"https:\/\/portalnpm.com\/index.php\/2023\/07\/12\/zuckerberg-aparece-com-abdomen-trincado-apos-ser-desafiado-a-lutar-contra-elon-musk\/\" \/>\n<meta property=\"og:locale\" content=\"pt_BR\" \/>\n<meta property=\"og:type\" content=\"article\" \/>\n<meta property=\"og:title\" content=\"Zuckerberg aparece com abd\u00f4men \u2018trincado\u2019 ap\u00f3s ser desafiado a lutar contra Elon Musk - Portal NPM\" \/>\n<meta property=\"og:description\" content=\"Fundador do Facebook, o bilion\u00e1rio Mark Zuckerberg foi nesta ter\u00e7a, 11, ao Instagram para exibir o peitoral e abd\u00f4men trincados ap\u00f3s um treino de jiu-jitsu. A foto pode ser entendida como mais uma provoca\u00e7\u00e3o para Elon Musk, que convidou o colega para uma luta f\u00edsica ap\u00f3s descobrir que a Meta desenvolveu um aplicativo para competir &hellip;\" \/>\n<meta property=\"og:url\" content=\"https:\/\/portalnpm.com\/index.php\/2023\/07\/12\/zuckerberg-aparece-com-abdomen-trincado-apos-ser-desafiado-a-lutar-contra-elon-musk\/\" \/>\n<meta property=\"og:site_name\" content=\"Portal NPM\" \/>\n<meta property=\"article:published_time\" content=\"2023-07-12T17:32:06+00:00\" \/>\n<meta name=\"author\" content=\"Genival Barbosa\" \/>\n<meta name=\"twitter:card\" content=\"summary_large_image\" \/>\n<meta name=\"twitter:label1\" content=\"Escrito por\" \/>\n\t<meta name=\"twitter:data1\" content=\"Genival Barbosa\" \/>\n\t<meta name=\"twitter:label2\" content=\"Est. tempo de leitura\" \/>\n\t<meta name=\"twitter:data2\" content=\"2 minutos\" \/>\n<script type=\"application\/ld+json\" class=\"yoast-schema-graph\">{\"@context\":\"https:\/\/schema.org\",\"@graph\":[{\"@type\":\"WebPage\",\"@id\":\"https:\/\/portalnpm.com\/index.php\/2023\/07\/12\/zuckerberg-aparece-com-abdomen-trincado-apos-ser-desafiado-a-lutar-contra-elon-musk\/\",\"url\":\"https:\/\/portalnpm.com\/index.php\/2023\/07\/12\/zuckerberg-aparece-com-abdomen-trincado-apos-ser-desafiado-a-lutar-contra-elon-musk\/\",\"name\":\"Zuckerberg aparece com abd\u00f4men \u2018trincado\u2019 ap\u00f3s ser desafiado a lutar contra Elon Musk - Portal NPM\",\"isPartOf\":{\"@id\":\"https:\/\/portalnpm.com\/#website\"},\"primaryImageOfPage\":{\"@id\":\"https:\/\/portalnpm.com\/index.php\/2023\/07\/12\/zuckerberg-aparece-com-abdomen-trincado-apos-ser-desafiado-a-lutar-contra-elon-musk\/#primaryimage\"},\"image\":{\"@id\":\"https:\/\/portalnpm.com\/index.php\/2023\/07\/12\/zuckerberg-aparece-com-abdomen-trincado-apos-ser-desafiado-a-lutar-contra-elon-musk\/#primaryimage\"},\"thumbnailUrl\":\"\",\"datePublished\":\"2023-07-12T17:32:06+00:00\",\"dateModified\":\"2023-07-12T17:32:06+00:00\",\"author\":{\"@id\":\"https:\/\/portalnpm.com\/#\/schema\/person\/49313e563cfdefcc167f1ee4c017c294\"},\"breadcrumb\":{\"@id\":\"https:\/\/portalnpm.com\/index.php\/2023\/07\/12\/zuckerberg-aparece-com-abdomen-trincado-apos-ser-desafiado-a-lutar-contra-elon-musk\/#breadcrumb\"},\"inLanguage\":\"pt-BR\",\"potentialAction\":[{\"@type\":\"ReadAction\",\"target\":[\"https:\/\/portalnpm.com\/index.php\/2023\/07\/12\/zuckerberg-aparece-com-abdomen-trincado-apos-ser-desafiado-a-lutar-contra-elon-musk\/\"]}]},{\"@type\":\"ImageObject\",\"inLanguage\":\"pt-BR\",\"@id\":\"https:\/\/portalnpm.com\/index.php\/2023\/07\/12\/zuckerberg-aparece-com-abdomen-trincado-apos-ser-desafiado-a-lutar-contra-elon-musk\/#primaryimage\",\"url\":\"\",\"contentUrl\":\"\"},{\"@type\":\"BreadcrumbList\",\"@id\":\"https:\/\/portalnpm.com\/index.php\/2023\/07\/12\/zuckerberg-aparece-com-abdomen-trincado-apos-ser-desafiado-a-lutar-contra-elon-musk\/#breadcrumb\",\"itemListElement\":[{\"@type\":\"ListItem\",\"position\":1,\"name\":\"In\u00edcio\",\"item\":\"https:\/\/portalnpm.com\/\"},{\"@type\":\"ListItem\",\"position\":2,\"name\":\"Zuckerberg aparece com abd\u00f4men \u2018trincado\u2019 ap\u00f3s ser desafiado a lutar contra Elon Musk\"}]},{\"@type\":\"WebSite\",\"@id\":\"https:\/\/portalnpm.com\/#website\",\"url\":\"https:\/\/portalnpm.com\/\",\"name\":\"Portal NPM\",\"description\":\"Not\u00edcias em Primeira M\u00e3o\",\"potentialAction\":[{\"@type\":\"SearchAction\",\"target\":{\"@type\":\"EntryPoint\",\"urlTemplate\":\"https:\/\/portalnpm.com\/?s={search_term_string}\"},\"query-input\":\"required name=search_term_string\"}],\"inLanguage\":\"pt-BR\"},{\"@type\":\"Person\",\"@id\":\"https:\/\/portalnpm.com\/#\/schema\/person\/49313e563cfdefcc167f1ee4c017c294\",\"name\":\"Genival Barbosa\",\"image\":{\"@type\":\"ImageObject\",\"inLanguage\":\"pt-BR\",\"@id\":\"https:\/\/portalnpm.com\/#\/schema\/person\/image\/\",\"url\":\"https:\/\/portalnpm.com\/wp-content\/uploads\/2024\/02\/avatar_user_2_1707743258-96x96.jpeg\",\"contentUrl\":\"https:\/\/portalnpm.com\/wp-content\/uploads\/2024\/02\/avatar_user_2_1707743258-96x96.jpeg\",\"caption\":\"Genival Barbosa\"},\"url\":\"https:\/\/portalnpm.com\/index.php\/author\/genival\/\"}]}<\/script>\n<!-- \/ Yoast SEO plugin. -->","yoast_head_json":{"title":"Zuckerberg aparece com abd\u00f4men \u2018trincado\u2019 ap\u00f3s ser desafiado a lutar contra Elon Musk - Portal NPM","robots":{"index":"index","follow":"follow","max-snippet":"max-snippet:-1","max-image-preview":"max-image-preview:large","max-video-preview":"max-video-preview:-1"},"canonical":"https:\/\/portalnpm.com\/index.php\/2023\/07\/12\/zuckerberg-aparece-com-abdomen-trincado-apos-ser-desafiado-a-lutar-contra-elon-musk\/","og_locale":"pt_BR","og_type":"article","og_title":"Zuckerberg aparece com abd\u00f4men \u2018trincado\u2019 ap\u00f3s ser desafiado a lutar contra Elon Musk - Portal NPM","og_description":"Fundador do Facebook, o bilion\u00e1rio Mark Zuckerberg foi nesta ter\u00e7a, 11, ao Instagram para exibir o peitoral e abd\u00f4men trincados ap\u00f3s um treino de jiu-jitsu. A foto pode ser entendida como mais uma provoca\u00e7\u00e3o para Elon Musk, que convidou o colega para uma luta f\u00edsica ap\u00f3s descobrir que a Meta desenvolveu um aplicativo para competir &hellip;","og_url":"https:\/\/portalnpm.com\/index.php\/2023\/07\/12\/zuckerberg-aparece-com-abdomen-trincado-apos-ser-desafiado-a-lutar-contra-elon-musk\/","og_site_name":"Portal NPM","article_published_time":"2023-07-12T17:32:06+00:00","author":"Genival Barbosa","twitter_card":"summary_large_image","twitter_misc":{"Escrito por":"Genival Barbosa","Est. tempo de leitura":"2 minutos"},"schema":{"@context":"https:\/\/schema.org","@graph":[{"@type":"WebPage","@id":"https:\/\/portalnpm.com\/index.php\/2023\/07\/12\/zuckerberg-aparece-com-abdomen-trincado-apos-ser-desafiado-a-lutar-contra-elon-musk\/","url":"https:\/\/portalnpm.com\/index.php\/2023\/07\/12\/zuckerberg-aparece-com-abdomen-trincado-apos-ser-desafiado-a-lutar-contra-elon-musk\/","name":"Zuckerberg aparece com abd\u00f4men \u2018trincado\u2019 ap\u00f3s ser desafiado a lutar contra Elon Musk - Portal NPM","isPartOf":{"@id":"https:\/\/portalnpm.com\/#website"},"primaryImageOfPage":{"@id":"https:\/\/portalnpm.com\/index.php\/2023\/07\/12\/zuckerberg-aparece-com-abdomen-trincado-apos-ser-desafiado-a-lutar-contra-elon-musk\/#primaryimage"},"image":{"@id":"https:\/\/portalnpm.com\/index.php\/2023\/07\/12\/zuckerberg-aparece-com-abdomen-trincado-apos-ser-desafiado-a-lutar-contra-elon-musk\/#primaryimage"},"thumbnailUrl":"","datePublished":"2023-07-12T17:32:06+00:00","dateModified":"2023-07-12T17:32:06+00:00","author":{"@id":"https:\/\/portalnpm.com\/#\/schema\/person\/49313e563cfdefcc167f1ee4c017c294"},"breadcrumb":{"@id":"https:\/\/portalnpm.com\/index.php\/2023\/07\/12\/zuckerberg-aparece-com-abdomen-trincado-apos-ser-desafiado-a-lutar-contra-elon-musk\/#breadcrumb"},"inLanguage":"pt-BR","potentialAction":[{"@type":"ReadAction","target":["https:\/\/portalnpm.com\/index.php\/2023\/07\/12\/zuckerberg-aparece-com-abdomen-trincado-apos-ser-desafiado-a-lutar-contra-elon-musk\/"]}]},{"@type":"ImageObject","inLanguage":"pt-BR","@id":"https:\/\/portalnpm.com\/index.php\/2023\/07\/12\/zuckerberg-aparece-com-abdomen-trincado-apos-ser-desafiado-a-lutar-contra-elon-musk\/#primaryimage","url":"","contentUrl":""},{"@type":"BreadcrumbList","@id":"https:\/\/portalnpm.com\/index.php\/2023\/07\/12\/zuckerberg-aparece-com-abdomen-trincado-apos-ser-desafiado-a-lutar-contra-elon-musk\/#breadcrumb","itemListElement":[{"@type":"ListItem","position":1,"name":"In\u00edcio","item":"https:\/\/portalnpm.com\/"},{"@type":"ListItem","position":2,"name":"Zuckerberg aparece com abd\u00f4men \u2018trincado\u2019 ap\u00f3s ser desafiado a lutar contra Elon Musk"}]},{"@type":"WebSite","@id":"https:\/\/portalnpm.com\/#website","url":"https:\/\/portalnpm.com\/","name":"Portal NPM","description":"Not\u00edcias em Primeira M\u00e3o","potentialAction":[{"@type":"SearchAction","target":{"@type":"EntryPoint","urlTemplate":"https:\/\/portalnpm.com\/?s={search_term_string}"},"query-input":"required name=search_term_string"}],"inLanguage":"pt-BR"},{"@type":"Person","@id":"https:\/\/portalnpm.com\/#\/schema\/person\/49313e563cfdefcc167f1ee4c017c294","name":"Genival Barbosa","image":{"@type":"ImageObject","inLanguage":"pt-BR","@id":"https:\/\/portalnpm.com\/#\/schema\/person\/image\/","url":"https:\/\/portalnpm.com\/wp-content\/uploads\/2024\/02\/avatar_user_2_1707743258-96x96.jpeg","contentUrl":"https:\/\/portalnpm.com\/wp-content\/uploads\/2024\/02\/avatar_user_2_1707743258-96x96.jpeg","caption":"Genival Barbosa"},"url":"https:\/\/portalnpm.com\/index.php\/author\/genival\/"}]}},"jetpack_sharing_enabled":true,"jetpack_featured_media_url":"","_links":{"self":[{"href":"https:\/\/portalnpm.com\/index.php\/wp-json\/wp\/v2\/posts\/47527"}],"collection":[{"href":"https:\/\/portalnpm.com\/index.php\/wp-json\/wp\/v2\/posts"}],"about":[{"href":"https:\/\/portalnpm.com\/index.php\/wp-json\/wp\/v2\/types\/post"}],"author":[{"embeddable":true,"href":"https:\/\/portalnpm.com\/index.php\/wp-json\/wp\/v2\/users\/2"}],"replies":[{"embeddable":true,"href":"https:\/\/portalnpm.com\/index.php\/wp-json\/wp\/v2\/comments?post=47527"}],"version-history":[{"count":0,"href":"https:\/\/portalnpm.com\/index.php\/wp-json\/wp\/v2\/posts\/47527\/revisions"}],"wp:featuredmedia":[{"embeddable":true,"href":"https:\/\/portalnpm.com\/index.php\/wp-json\/"}],"wp:attachment":[{"href":"https:\/\/portalnpm.com\/index.php\/wp-json\/wp\/v2\/media?parent=47527"}],"wp:term":[{"taxonomy":"category","embeddable":true,"href":"https:\/\/portalnpm.com\/index.php\/wp-json\/wp\/v2\/categories?post=47527"},{"taxonomy":"post_tag","embeddable":true,"href":"https:\/\/portalnpm.com\/index.php\/wp-json\/wp\/v2\/tags?post=47527"}],"curies":[{"name":"wp","href":"https:\/\/api.w.org\/{rel}","templated":true}]}}