{"id":47544,"date":"2023-07-12T17:42:09","date_gmt":"2023-07-12T20:42:09","guid":{"rendered":"https:\/\/portalnpm.com\/?p=47544"},"modified":"2023-07-12T17:42:09","modified_gmt":"2023-07-12T20:42:09","slug":"mec-anuncia-fim-das-escolas-civico-militares","status":"publish","type":"post","link":"https:\/\/portalnpm.com\/index.php\/2023\/07\/12\/mec-anuncia-fim-das-escolas-civico-militares\/","title":{"rendered":"MEC anuncia fim das escolas c\u00edvico-militares"},"content":{"rendered":"<p style=\"text-align: justify;\">O Minist\u00e9rio da Educa\u00e7\u00e3o (MEC) anunciou o encerramento progressivo do Programa Nacional das Escolas C\u00edvico-Militares, uma das\u00a0prioridades gest\u00e3o do Bolsonaro (PL).<\/p>\n<p style=\"text-align: justify;\">\n<p style=\"text-align: justify;\">O MEC informou que a decis\u00e3o foi adotada ap\u00f3s processo de avalia\u00e7\u00e3o do Programa \u201cpela equipe da Secretaria de Educa\u00e7\u00e3o B\u00e1sica, Minist\u00e9rio da Educa\u00e7\u00e3o e o Minist\u00e9rio da Defesa\u201d.<\/p>\n<p style=\"text-align: justify;\">\u201cA partir desta defini\u00e7\u00e3o, iniciar-se-\u00e1 um processo de desmobiliza\u00e7\u00e3o do pessoal das For\u00e7as Armadas envolvidos em sua implementa\u00e7\u00e3o e lotado nas unidades educacionais vinculadas ao Programa, bem como a ado\u00e7\u00e3o gradual de medidas que possibilitem o encerramento do ano letivo dentro da normalidade necess\u00e1ria aos trabalhos e atividades educativas\u201d, informou\u00a0o MEC.<\/p>\n<p style=\"text-align: justify;\">A normaliza\u00e7\u00e3o do sistema de ensino, com \u201cas defini\u00e7\u00f5es de estrat\u00e9gias espec\u00edficas de reintegra\u00e7\u00e3o das Unidades Educacionais \u00e0 rede regular de ensino ser\u00e1 objeto de defini\u00e7\u00e3o e planejamento de cada Sistema\u201d, informou\u00a0o Minist\u00e9rio.<\/p>\n<p style=\"text-align: justify;\">A nota citou alguns motivos que teriam levado o encerramento do projeto, um deles, seria que o \u201cprograma induz o desvio de finalidade das atividades das For\u00e7as Armadas\u201d. Outro problema seria de coes\u00e3o com o sistema educacional brasileiro e o modelo did\u00e1tico-pedag\u00f3gico adotado<\/p>\n<p style=\"text-align: justify;\">\n<p style=\"text-align: justify;\">Por Pensar Piau\u00ed<\/p>\n","protected":false},"excerpt":{"rendered":"<p>O Minist\u00e9rio da Educa\u00e7\u00e3o (MEC) anunciou o encerramento progressivo do Programa Nacional das Escolas C\u00edvico-Militares, uma das\u00a0prioridades gest\u00e3o do Bolsonaro (PL). O MEC informou que a decis\u00e3o foi adotada ap\u00f3s processo de avalia\u00e7\u00e3o do Programa \u201cpela equipe da Secretaria de Educa\u00e7\u00e3o B\u00e1sica, Minist\u00e9rio da Educa\u00e7\u00e3o e o Minist\u00e9rio da Defesa\u201d. \u201cA partir desta defini\u00e7\u00e3o, iniciar-se-\u00e1 &hellip;<\/p>\n","protected":false},"author":2,"featured_media":47545,"comment_status":"open","ping_status":"open","sticky":false,"template":"","format":"standard","meta":{"content-type":"","rop_custom_images_group":[],"rop_custom_messages_group":[],"rop_publish_now":"initial","rop_publish_now_accounts":{"facebook_2648258775420054_1618374048415101":""},"rop_publish_now_history":[],"rop_publish_now_status":"pending","footnotes":"","_jetpack_memberships_contains_paid_content":false},"categories":[113],"tags":[644,6178,875],"yoast_head":"<!-- This site is optimized with the Yoast SEO plugin v22.3 - https:\/\/yoast.com\/wordpress\/plugins\/seo\/ -->\n<title>MEC anuncia fim das escolas c\u00edvico-militares - Portal NPM<\/title>\n<meta name=\"robots\" content=\"index, follow, max-snippet:-1, max-image-preview:large, max-video-preview:-1\" \/>\n<link rel=\"canonical\" href=\"https:\/\/portalnpm.com\/index.php\/2023\/07\/12\/mec-anuncia-fim-das-escolas-civico-militares\/\" \/>\n<meta property=\"og:locale\" content=\"pt_BR\" \/>\n<meta property=\"og:type\" content=\"article\" \/>\n<meta property=\"og:title\" content=\"MEC anuncia fim das escolas c\u00edvico-militares - Portal NPM\" \/>\n<meta property=\"og:description\" content=\"O Minist\u00e9rio da Educa\u00e7\u00e3o (MEC) anunciou o encerramento progressivo do Programa Nacional das Escolas C\u00edvico-Militares, uma das\u00a0prioridades gest\u00e3o do Bolsonaro (PL). O MEC informou que a decis\u00e3o foi adotada ap\u00f3s processo de avalia\u00e7\u00e3o do Programa \u201cpela equipe da Secretaria de Educa\u00e7\u00e3o B\u00e1sica, Minist\u00e9rio da Educa\u00e7\u00e3o e o Minist\u00e9rio da Defesa\u201d. \u201cA partir desta defini\u00e7\u00e3o, iniciar-se-\u00e1 &hellip;\" \/>\n<meta property=\"og:url\" content=\"https:\/\/portalnpm.com\/index.php\/2023\/07\/12\/mec-anuncia-fim-das-escolas-civico-militares\/\" \/>\n<meta property=\"og:site_name\" content=\"Portal NPM\" \/>\n<meta property=\"article:published_time\" content=\"2023-07-12T20:42:09+00:00\" \/>\n<meta name=\"author\" content=\"Genival Barbosa\" \/>\n<meta name=\"twitter:card\" content=\"summary_large_image\" \/>\n<meta name=\"twitter:label1\" content=\"Escrito por\" \/>\n\t<meta name=\"twitter:data1\" content=\"Genival Barbosa\" \/>\n\t<meta name=\"twitter:label2\" content=\"Est. tempo de leitura\" \/>\n\t<meta name=\"twitter:data2\" content=\"2 minutos\" \/>\n<script type=\"application\/ld+json\" class=\"yoast-schema-graph\">{\"@context\":\"https:\/\/schema.org\",\"@graph\":[{\"@type\":\"WebPage\",\"@id\":\"https:\/\/portalnpm.com\/index.php\/2023\/07\/12\/mec-anuncia-fim-das-escolas-civico-militares\/\",\"url\":\"https:\/\/portalnpm.com\/index.php\/2023\/07\/12\/mec-anuncia-fim-das-escolas-civico-militares\/\",\"name\":\"MEC anuncia fim das escolas c\u00edvico-militares - Portal NPM\",\"isPartOf\":{\"@id\":\"https:\/\/portalnpm.com\/#website\"},\"primaryImageOfPage\":{\"@id\":\"https:\/\/portalnpm.com\/index.php\/2023\/07\/12\/mec-anuncia-fim-das-escolas-civico-militares\/#primaryimage\"},\"image\":{\"@id\":\"https:\/\/portalnpm.com\/index.php\/2023\/07\/12\/mec-anuncia-fim-das-escolas-civico-militares\/#primaryimage\"},\"thumbnailUrl\":\"\",\"datePublished\":\"2023-07-12T20:42:09+00:00\",\"dateModified\":\"2023-07-12T20:42:09+00:00\",\"author\":{\"@id\":\"https:\/\/portalnpm.com\/#\/schema\/person\/49313e563cfdefcc167f1ee4c017c294\"},\"breadcrumb\":{\"@id\":\"https:\/\/portalnpm.com\/index.php\/2023\/07\/12\/mec-anuncia-fim-das-escolas-civico-militares\/#breadcrumb\"},\"inLanguage\":\"pt-BR\",\"potentialAction\":[{\"@type\":\"ReadAction\",\"target\":[\"https:\/\/portalnpm.com\/index.php\/2023\/07\/12\/mec-anuncia-fim-das-escolas-civico-militares\/\"]}]},{\"@type\":\"ImageObject\",\"inLanguage\":\"pt-BR\",\"@id\":\"https:\/\/portalnpm.com\/index.php\/2023\/07\/12\/mec-anuncia-fim-das-escolas-civico-militares\/#primaryimage\",\"url\":\"\",\"contentUrl\":\"\"},{\"@type\":\"BreadcrumbList\",\"@id\":\"https:\/\/portalnpm.com\/index.php\/2023\/07\/12\/mec-anuncia-fim-das-escolas-civico-militares\/#breadcrumb\",\"itemListElement\":[{\"@type\":\"ListItem\",\"position\":1,\"name\":\"In\u00edcio\",\"item\":\"https:\/\/portalnpm.com\/\"},{\"@type\":\"ListItem\",\"position\":2,\"name\":\"MEC anuncia fim das escolas c\u00edvico-militares\"}]},{\"@type\":\"WebSite\",\"@id\":\"https:\/\/portalnpm.com\/#website\",\"url\":\"https:\/\/portalnpm.com\/\",\"name\":\"Portal NPM\",\"description\":\"Not\u00edcias em Primeira M\u00e3o\",\"potentialAction\":[{\"@type\":\"SearchAction\",\"target\":{\"@type\":\"EntryPoint\",\"urlTemplate\":\"https:\/\/portalnpm.com\/?s={search_term_string}\"},\"query-input\":\"required name=search_term_string\"}],\"inLanguage\":\"pt-BR\"},{\"@type\":\"Person\",\"@id\":\"https:\/\/portalnpm.com\/#\/schema\/person\/49313e563cfdefcc167f1ee4c017c294\",\"name\":\"Genival Barbosa\",\"image\":{\"@type\":\"ImageObject\",\"inLanguage\":\"pt-BR\",\"@id\":\"https:\/\/portalnpm.com\/#\/schema\/person\/image\/\",\"url\":\"https:\/\/portalnpm.com\/wp-content\/uploads\/2024\/02\/avatar_user_2_1707743258-96x96.jpeg\",\"contentUrl\":\"https:\/\/portalnpm.com\/wp-content\/uploads\/2024\/02\/avatar_user_2_1707743258-96x96.jpeg\",\"caption\":\"Genival Barbosa\"},\"url\":\"https:\/\/portalnpm.com\/index.php\/author\/genival\/\"}]}<\/script>\n<!-- \/ Yoast SEO plugin. -->","yoast_head_json":{"title":"MEC anuncia fim das escolas c\u00edvico-militares - Portal NPM","robots":{"index":"index","follow":"follow","max-snippet":"max-snippet:-1","max-image-preview":"max-image-preview:large","max-video-preview":"max-video-preview:-1"},"canonical":"https:\/\/portalnpm.com\/index.php\/2023\/07\/12\/mec-anuncia-fim-das-escolas-civico-militares\/","og_locale":"pt_BR","og_type":"article","og_title":"MEC anuncia fim das escolas c\u00edvico-militares - Portal NPM","og_description":"O Minist\u00e9rio da Educa\u00e7\u00e3o (MEC) anunciou o encerramento progressivo do Programa Nacional das Escolas C\u00edvico-Militares, uma das\u00a0prioridades gest\u00e3o do Bolsonaro (PL). O MEC informou que a decis\u00e3o foi adotada ap\u00f3s processo de avalia\u00e7\u00e3o do Programa \u201cpela equipe da Secretaria de Educa\u00e7\u00e3o B\u00e1sica, Minist\u00e9rio da Educa\u00e7\u00e3o e o Minist\u00e9rio da Defesa\u201d. \u201cA partir desta defini\u00e7\u00e3o, iniciar-se-\u00e1 &hellip;","og_url":"https:\/\/portalnpm.com\/index.php\/2023\/07\/12\/mec-anuncia-fim-das-escolas-civico-militares\/","og_site_name":"Portal NPM","article_published_time":"2023-07-12T20:42:09+00:00","author":"Genival Barbosa","twitter_card":"summary_large_image","twitter_misc":{"Escrito por":"Genival Barbosa","Est. tempo de leitura":"2 minutos"},"schema":{"@context":"https:\/\/schema.org","@graph":[{"@type":"WebPage","@id":"https:\/\/portalnpm.com\/index.php\/2023\/07\/12\/mec-anuncia-fim-das-escolas-civico-militares\/","url":"https:\/\/portalnpm.com\/index.php\/2023\/07\/12\/mec-anuncia-fim-das-escolas-civico-militares\/","name":"MEC anuncia fim das escolas c\u00edvico-militares - Portal NPM","isPartOf":{"@id":"https:\/\/portalnpm.com\/#website"},"primaryImageOfPage":{"@id":"https:\/\/portalnpm.com\/index.php\/2023\/07\/12\/mec-anuncia-fim-das-escolas-civico-militares\/#primaryimage"},"image":{"@id":"https:\/\/portalnpm.com\/index.php\/2023\/07\/12\/mec-anuncia-fim-das-escolas-civico-militares\/#primaryimage"},"thumbnailUrl":"","datePublished":"2023-07-12T20:42:09+00:00","dateModified":"2023-07-12T20:42:09+00:00","author":{"@id":"https:\/\/portalnpm.com\/#\/schema\/person\/49313e563cfdefcc167f1ee4c017c294"},"breadcrumb":{"@id":"https:\/\/portalnpm.com\/index.php\/2023\/07\/12\/mec-anuncia-fim-das-escolas-civico-militares\/#breadcrumb"},"inLanguage":"pt-BR","potentialAction":[{"@type":"ReadAction","target":["https:\/\/portalnpm.com\/index.php\/2023\/07\/12\/mec-anuncia-fim-das-escolas-civico-militares\/"]}]},{"@type":"ImageObject","inLanguage":"pt-BR","@id":"https:\/\/portalnpm.com\/index.php\/2023\/07\/12\/mec-anuncia-fim-das-escolas-civico-militares\/#primaryimage","url":"","contentUrl":""},{"@type":"BreadcrumbList","@id":"https:\/\/portalnpm.com\/index.php\/2023\/07\/12\/mec-anuncia-fim-das-escolas-civico-militares\/#breadcrumb","itemListElement":[{"@type":"ListItem","position":1,"name":"In\u00edcio","item":"https:\/\/portalnpm.com\/"},{"@type":"ListItem","position":2,"name":"MEC anuncia fim das escolas c\u00edvico-militares"}]},{"@type":"WebSite","@id":"https:\/\/portalnpm.com\/#website","url":"https:\/\/portalnpm.com\/","name":"Portal NPM","description":"Not\u00edcias em Primeira M\u00e3o","potentialAction":[{"@type":"SearchAction","target":{"@type":"EntryPoint","urlTemplate":"https:\/\/portalnpm.com\/?s={search_term_string}"},"query-input":"required name=search_term_string"}],"inLanguage":"pt-BR"},{"@type":"Person","@id":"https:\/\/portalnpm.com\/#\/schema\/person\/49313e563cfdefcc167f1ee4c017c294","name":"Genival Barbosa","image":{"@type":"ImageObject","inLanguage":"pt-BR","@id":"https:\/\/portalnpm.com\/#\/schema\/person\/image\/","url":"https:\/\/portalnpm.com\/wp-content\/uploads\/2024\/02\/avatar_user_2_1707743258-96x96.jpeg","contentUrl":"https:\/\/portalnpm.com\/wp-content\/uploads\/2024\/02\/avatar_user_2_1707743258-96x96.jpeg","caption":"Genival Barbosa"},"url":"https:\/\/portalnpm.com\/index.php\/author\/genival\/"}]}},"jetpack_sharing_enabled":true,"jetpack_featured_media_url":"","_links":{"self":[{"href":"https:\/\/portalnpm.com\/index.php\/wp-json\/wp\/v2\/posts\/47544"}],"collection":[{"href":"https:\/\/portalnpm.com\/index.php\/wp-json\/wp\/v2\/posts"}],"about":[{"href":"https:\/\/portalnpm.com\/index.php\/wp-json\/wp\/v2\/types\/post"}],"author":[{"embeddable":true,"href":"https:\/\/portalnpm.com\/index.php\/wp-json\/wp\/v2\/users\/2"}],"replies":[{"embeddable":true,"href":"https:\/\/portalnpm.com\/index.php\/wp-json\/wp\/v2\/comments?post=47544"}],"version-history":[{"count":0,"href":"https:\/\/portalnpm.com\/index.php\/wp-json\/wp\/v2\/posts\/47544\/revisions"}],"wp:featuredmedia":[{"embeddable":true,"href":"https:\/\/portalnpm.com\/index.php\/wp-json\/"}],"wp:attachment":[{"href":"https:\/\/portalnpm.com\/index.php\/wp-json\/wp\/v2\/media?parent=47544"}],"wp:term":[{"taxonomy":"category","embeddable":true,"href":"https:\/\/portalnpm.com\/index.php\/wp-json\/wp\/v2\/categories?post=47544"},{"taxonomy":"post_tag","embeddable":true,"href":"https:\/\/portalnpm.com\/index.php\/wp-json\/wp\/v2\/tags?post=47544"}],"curies":[{"name":"wp","href":"https:\/\/api.w.org\/{rel}","templated":true}]}}