{"id":47559,"date":"2023-07-12T18:13:48","date_gmt":"2023-07-12T21:13:48","guid":{"rendered":"https:\/\/portalnpm.com\/?p=47559"},"modified":"2023-07-12T18:13:48","modified_gmt":"2023-07-12T21:13:48","slug":"america-mg-perde-do-colo-colo-no-chile-e-larga-atras-nos-playoffs-da-sul-americana","status":"publish","type":"post","link":"https:\/\/portalnpm.com\/index.php\/2023\/07\/12\/america-mg-perde-do-colo-colo-no-chile-e-larga-atras-nos-playoffs-da-sul-americana\/","title":{"rendered":"Am\u00e9rica-MG perde do Colo-Colo no Chile e larga atr\u00e1s nos playoffs da Sul-Americana"},"content":{"rendered":"<div class=\"ArticleParagraph_articleParagraph__hR05e\">\n<p style=\"text-align: justify;\">Na noite desta ter\u00e7a-feira, o\u00a0<a href=\"https:\/\/www.gazetaesportiva.com\/times\/america-mg\" target=\"_blank\" rel=\"noopener noreferrer\">Am\u00e9rica-MG<\/a>\u00a0visitou o Colo-Colo pela partida de ida dos\u00a0<em>playoffs<\/em>\u00a0da\u00a0<a href=\"https:\/\/www.gazetaesportiva.com\/campeonatos\/copa-sulamericana\" target=\"_blank\" rel=\"noopener noreferrer\">Copa Sul-Americana<\/a>, no Est\u00e1dio Monumental David Arellano, em Macul, no Chile, e perdeu por 2 a 1. O volante Leonardo Gil marcou duas vezes para os chilenos, enquanto Al\u00ea, nos acr\u00e9scimos do segundo tempo, diminuiu para os mineiros.<\/p>\n<\/div>\n<div class=\"ArticleParagraph_articleParagraph__hR05e\" style=\"text-align: justify;\">\n<p>Assim, o\u00a0<a href=\"https:\/\/onefootball.com\/pt-br\/time\/america-mg-6618\">Coelho<\/a> sai atr\u00e1s na disputa por uma vaga nas oitavas de final da competi\u00e7\u00e3o continental. O time brasileiro, ent\u00e3o, precisa reverter a desvantagem para seguir vivo no torneio. Para isso, precisa triunfar por um gol para levar o duelo para os p\u00eanaltis. Caso ven\u00e7a por dois ou mais tentos de dist\u00e2ncia, avan\u00e7a direto para a pr\u00f3xima fase.<\/p>\n<\/div>\n<div class=\"EmbeddedVideoPlayer_container__YsovL\" style=\"text-align: justify;\">\n<div class=\"dugout-video dugout-embed-eyJrZXkiOiIiLCJwIjoib25lZm9vdGJhbGwtY3dlYiIsInBsIjoiNGtoaEo1QlgifQ== EmbeddedVideoPlayer_videoPlayer__vCmTH\" dir=\"ltr\" data-testid=\"video-player\">\n<div class=\"dugout-inner\" data-testid=\"dugout-inner\">\n<div id=\"player-1\" class=\"jwplayer jw-reset jw-state-playing jw-stretch-uniform jw-flag-aspect-mode jw-breakpoint-3 jw-flag-user-inactive\" tabindex=\"0\" role=\"application\" aria-label=\"Reprodutor de V\u00eddeo\">\n<div class=\"jw-wrapper jw-reset\">\n<div class=\"jw-controls jw-reset\">\n<div class=\"jw-controlbar jw-reset\">\n<div class=\"jw-reset jw-button-container\">\n<div class=\"jw-icon jw-icon-inline jw-button-color jw-reset jw-related-btn\" tabindex=\"0\" role=\"button\" aria-label=\"Mais V\u00eddeos\">\n<div class=\"jw-reset-text jw-tooltip jw-tooltip-related\" dir=\"auto\">\n<div><\/div>\n<div class=\"jw-text\">Vale lembrar que o vencedor do compromisso entre mineiros e chilenos enfrenta o Red Bull Bragantino nas oitavas de final da Sul-Americana.<\/div>\n<\/div>\n<\/div>\n<\/div>\n<\/div>\n<\/div>\n<\/div>\n<\/div>\n<\/div>\n<\/div>\n<\/div>\n<div class=\"ArticleParagraph_articleParagraph__hR05e\" style=\"text-align: justify;\">\n<p>Agora,\u00a0<a href=\"https:\/\/onefootball.com\/pt-br\/time\/america-mg-6618\">Am\u00e9rica-MG<\/a>\u00a0e Colo-Colo voltam a se enfrentar, no embate de volta do confronto, na pr\u00f3xima ter\u00e7a-feira (18), \u00e0s 19 horas (de Bras\u00edlia), na Arena Independ\u00eancia, em Belo Horizonte (MG).<\/p>\n<\/div>\n<div class=\"ArticleParagraph_articleParagraph__hR05e\" style=\"text-align: justify;\">\n<p>Antes disso, por\u00e9m, o\u00a0<a href=\"https:\/\/onefootball.com\/pt-br\/time\/america-mg-6618\">Coelho<\/a>\u00a0define vaga nas semifinais da Copa do Brasil. No s\u00e1bado, a partir das 16h30, a equipe mineira encara o Corinthians, na Neo Qu\u00edmica Arena. O primeiro encontro entre os clubes terminou com vit\u00f3ria americana por 1 a 0. Portanto, joga pelo empate. O triunfo corintiano por um gol de diferen\u00e7a leva a decis\u00e3o para os p\u00eanaltis.<\/p>\n<\/div>\n<div class=\"ArticleParagraph_articleParagraph__hR05e\" style=\"text-align: justify;\">\n<h3>O jogo entre Colo-Colo e Am\u00e9rica-MG<\/h3>\n<\/div>\n<div class=\"ArticleParagraph_articleParagraph__hR05e\" style=\"text-align: justify;\">\n<p>Os donos da casa levaram perigo logo aos cinco minutos do primeiro tempo. Leonardo Gil recebeu dentro da \u00e1rea, cortou a marca\u00e7\u00e3o e chutou forte, mas a bola bateu na rede pelo lado de fora. Aos 15, Palacios foi acionado na esquerda em jogada de contra-ataque, tirou o defensor e finalizou colocado, com perigo.<\/p>\n<\/div>\n<div class=\"ArticleParagraph_articleParagraph__hR05e\" style=\"text-align: justify;\">\n<p>O\u00a0<a href=\"https:\/\/onefootball.com\/pt-br\/time\/america-mg-6618\">Am\u00e9rica-MG<\/a>\u00a0assustou aos 31 minutos. Em jogada ensaiada de escanteio, Al\u00ea cabeceou para Mastriani no meio da \u00e1rea, mas a defesa cortou antes da finaliza\u00e7\u00e3o do atacante. Sete minutos mais tarde, o camisa 17 teve outra chance de inaugurar o placar. Ele ficou com a bola ap\u00f3s chute mascado de Nicolas e bateu de primeira, mas o goleiro De Paul fez grande defesa.<\/p>\n<\/div>\n<div class=\"ArticleParagraph_articleParagraph__hR05e\" style=\"text-align: justify;\">\n<p>Na volta do intervalo, o Colo-Colo abriu o marcador nos primeiros segundo da etapa complementar. Ap\u00f3s lan\u00e7amento longo feito para o ataque, Wanderson errou o bote e perdeu a dividida. Assim, a bola ficou com Leonardo Gil, que\u00a0 recebeu dentro da \u00e1rea e finalizou forte, no alto, para vencer Mateus Pasinato.<\/p>\n<\/div>\n<div class=\"ArticleParagraph_articleParagraph__hR05e\" style=\"text-align: justify;\">\n<p>Aos 17, o meio-campista chileno foi o respons\u00e1vel por mais um tento da equipe mandante. Leonardo Gil carregou a bola no corredor central e, com a marca\u00e7\u00e3o brasileira recuando para a \u00e1rea, ele arriscou de longe, acertando um belo chute e encobrindo Pasinato para fazer o 2 a 0.<\/p>\n<\/div>\n<div class=\"ArticleParagraph_articleParagraph__hR05e\" style=\"text-align: justify;\">\n<p>Por fim, ap\u00f3s o segundo rev\u00e9s, o\u00a0<a href=\"https:\/\/onefootball.com\/pt-br\/time\/america-mg-6618\">Coelho<\/a>\u00a0passou a controlar mais a bola e pressionar na busca de, pelo menos, diminuir a desvantagem. Com isso, aos 47 minutos, Al\u00ea recebeu bola ajeitada de Juninho ap\u00f3s cobran\u00e7a de escanteio na \u00e1rea e bateu com categoria, no \u00e2ngulo, para anotar o tento mineiro na partida.<\/p>\n<\/div>\n<p style=\"text-align: justify;\">Gazeta Esportiva<\/p>\n","protected":false},"excerpt":{"rendered":"<p>Na noite desta ter\u00e7a-feira, o\u00a0Am\u00e9rica-MG\u00a0visitou o Colo-Colo pela partida de ida dos\u00a0playoffs\u00a0da\u00a0Copa Sul-Americana, no Est\u00e1dio Monumental David Arellano, em Macul, no Chile, e perdeu por 2 a 1. O volante Leonardo Gil marcou duas vezes para os chilenos, enquanto Al\u00ea, nos acr\u00e9scimos do segundo tempo, diminuiu para os mineiros. Assim, o\u00a0Coelho sai atr\u00e1s na disputa &hellip;<\/p>\n","protected":false},"author":2,"featured_media":47560,"comment_status":"open","ping_status":"open","sticky":false,"template":"","format":"standard","meta":{"content-type":"","rop_custom_images_group":[],"rop_custom_messages_group":[],"rop_publish_now":"initial","rop_publish_now_accounts":{"facebook_2648258775420054_1618374048415101":""},"rop_publish_now_history":[],"rop_publish_now_status":"pending","footnotes":"","_jetpack_memberships_contains_paid_content":false},"categories":[108],"tags":[11439,161,8232],"yoast_head":"<!-- This site is optimized with the Yoast SEO plugin v22.3 - https:\/\/yoast.com\/wordpress\/plugins\/seo\/ -->\n<title>Am\u00e9rica-MG perde do Colo-Colo no Chile e larga atr\u00e1s nos playoffs da Sul-Americana - Portal NPM<\/title>\n<meta name=\"robots\" content=\"index, follow, max-snippet:-1, max-image-preview:large, max-video-preview:-1\" \/>\n<link rel=\"canonical\" href=\"https:\/\/portalnpm.com\/index.php\/2023\/07\/12\/america-mg-perde-do-colo-colo-no-chile-e-larga-atras-nos-playoffs-da-sul-americana\/\" \/>\n<meta property=\"og:locale\" content=\"pt_BR\" \/>\n<meta property=\"og:type\" content=\"article\" \/>\n<meta property=\"og:title\" content=\"Am\u00e9rica-MG perde do Colo-Colo no Chile e larga atr\u00e1s nos playoffs da Sul-Americana - Portal NPM\" \/>\n<meta property=\"og:description\" content=\"Na noite desta ter\u00e7a-feira, o\u00a0Am\u00e9rica-MG\u00a0visitou o Colo-Colo pela partida de ida dos\u00a0playoffs\u00a0da\u00a0Copa Sul-Americana, no Est\u00e1dio Monumental David Arellano, em Macul, no Chile, e perdeu por 2 a 1. O volante Leonardo Gil marcou duas vezes para os chilenos, enquanto Al\u00ea, nos acr\u00e9scimos do segundo tempo, diminuiu para os mineiros. Assim, o\u00a0Coelho sai atr\u00e1s na disputa &hellip;\" \/>\n<meta property=\"og:url\" content=\"https:\/\/portalnpm.com\/index.php\/2023\/07\/12\/america-mg-perde-do-colo-colo-no-chile-e-larga-atras-nos-playoffs-da-sul-americana\/\" \/>\n<meta property=\"og:site_name\" content=\"Portal NPM\" \/>\n<meta property=\"article:published_time\" content=\"2023-07-12T21:13:48+00:00\" \/>\n<meta name=\"author\" content=\"Genival Barbosa\" \/>\n<meta name=\"twitter:card\" content=\"summary_large_image\" \/>\n<meta name=\"twitter:label1\" content=\"Escrito por\" \/>\n\t<meta name=\"twitter:data1\" content=\"Genival Barbosa\" \/>\n\t<meta name=\"twitter:label2\" content=\"Est. tempo de leitura\" \/>\n\t<meta name=\"twitter:data2\" content=\"3 minutos\" \/>\n<script type=\"application\/ld+json\" class=\"yoast-schema-graph\">{\"@context\":\"https:\/\/schema.org\",\"@graph\":[{\"@type\":\"WebPage\",\"@id\":\"https:\/\/portalnpm.com\/index.php\/2023\/07\/12\/america-mg-perde-do-colo-colo-no-chile-e-larga-atras-nos-playoffs-da-sul-americana\/\",\"url\":\"https:\/\/portalnpm.com\/index.php\/2023\/07\/12\/america-mg-perde-do-colo-colo-no-chile-e-larga-atras-nos-playoffs-da-sul-americana\/\",\"name\":\"Am\u00e9rica-MG perde do Colo-Colo no Chile e larga atr\u00e1s nos playoffs da Sul-Americana - Portal NPM\",\"isPartOf\":{\"@id\":\"https:\/\/portalnpm.com\/#website\"},\"primaryImageOfPage\":{\"@id\":\"https:\/\/portalnpm.com\/index.php\/2023\/07\/12\/america-mg-perde-do-colo-colo-no-chile-e-larga-atras-nos-playoffs-da-sul-americana\/#primaryimage\"},\"image\":{\"@id\":\"https:\/\/portalnpm.com\/index.php\/2023\/07\/12\/america-mg-perde-do-colo-colo-no-chile-e-larga-atras-nos-playoffs-da-sul-americana\/#primaryimage\"},\"thumbnailUrl\":\"\",\"datePublished\":\"2023-07-12T21:13:48+00:00\",\"dateModified\":\"2023-07-12T21:13:48+00:00\",\"author\":{\"@id\":\"https:\/\/portalnpm.com\/#\/schema\/person\/49313e563cfdefcc167f1ee4c017c294\"},\"breadcrumb\":{\"@id\":\"https:\/\/portalnpm.com\/index.php\/2023\/07\/12\/america-mg-perde-do-colo-colo-no-chile-e-larga-atras-nos-playoffs-da-sul-americana\/#breadcrumb\"},\"inLanguage\":\"pt-BR\",\"potentialAction\":[{\"@type\":\"ReadAction\",\"target\":[\"https:\/\/portalnpm.com\/index.php\/2023\/07\/12\/america-mg-perde-do-colo-colo-no-chile-e-larga-atras-nos-playoffs-da-sul-americana\/\"]}]},{\"@type\":\"ImageObject\",\"inLanguage\":\"pt-BR\",\"@id\":\"https:\/\/portalnpm.com\/index.php\/2023\/07\/12\/america-mg-perde-do-colo-colo-no-chile-e-larga-atras-nos-playoffs-da-sul-americana\/#primaryimage\",\"url\":\"\",\"contentUrl\":\"\"},{\"@type\":\"BreadcrumbList\",\"@id\":\"https:\/\/portalnpm.com\/index.php\/2023\/07\/12\/america-mg-perde-do-colo-colo-no-chile-e-larga-atras-nos-playoffs-da-sul-americana\/#breadcrumb\",\"itemListElement\":[{\"@type\":\"ListItem\",\"position\":1,\"name\":\"In\u00edcio\",\"item\":\"https:\/\/portalnpm.com\/\"},{\"@type\":\"ListItem\",\"position\":2,\"name\":\"Am\u00e9rica-MG perde do Colo-Colo no Chile e larga atr\u00e1s nos playoffs da Sul-Americana\"}]},{\"@type\":\"WebSite\",\"@id\":\"https:\/\/portalnpm.com\/#website\",\"url\":\"https:\/\/portalnpm.com\/\",\"name\":\"Portal NPM\",\"description\":\"Not\u00edcias em Primeira M\u00e3o\",\"potentialAction\":[{\"@type\":\"SearchAction\",\"target\":{\"@type\":\"EntryPoint\",\"urlTemplate\":\"https:\/\/portalnpm.com\/?s={search_term_string}\"},\"query-input\":\"required name=search_term_string\"}],\"inLanguage\":\"pt-BR\"},{\"@type\":\"Person\",\"@id\":\"https:\/\/portalnpm.com\/#\/schema\/person\/49313e563cfdefcc167f1ee4c017c294\",\"name\":\"Genival Barbosa\",\"image\":{\"@type\":\"ImageObject\",\"inLanguage\":\"pt-BR\",\"@id\":\"https:\/\/portalnpm.com\/#\/schema\/person\/image\/\",\"url\":\"https:\/\/portalnpm.com\/wp-content\/uploads\/2024\/02\/avatar_user_2_1707743258-96x96.jpeg\",\"contentUrl\":\"https:\/\/portalnpm.com\/wp-content\/uploads\/2024\/02\/avatar_user_2_1707743258-96x96.jpeg\",\"caption\":\"Genival Barbosa\"},\"url\":\"https:\/\/portalnpm.com\/index.php\/author\/genival\/\"}]}<\/script>\n<!-- \/ Yoast SEO plugin. -->","yoast_head_json":{"title":"Am\u00e9rica-MG perde do Colo-Colo no Chile e larga atr\u00e1s nos playoffs da Sul-Americana - Portal NPM","robots":{"index":"index","follow":"follow","max-snippet":"max-snippet:-1","max-image-preview":"max-image-preview:large","max-video-preview":"max-video-preview:-1"},"canonical":"https:\/\/portalnpm.com\/index.php\/2023\/07\/12\/america-mg-perde-do-colo-colo-no-chile-e-larga-atras-nos-playoffs-da-sul-americana\/","og_locale":"pt_BR","og_type":"article","og_title":"Am\u00e9rica-MG perde do Colo-Colo no Chile e larga atr\u00e1s nos playoffs da Sul-Americana - Portal NPM","og_description":"Na noite desta ter\u00e7a-feira, o\u00a0Am\u00e9rica-MG\u00a0visitou o Colo-Colo pela partida de ida dos\u00a0playoffs\u00a0da\u00a0Copa Sul-Americana, no Est\u00e1dio Monumental David Arellano, em Macul, no Chile, e perdeu por 2 a 1. O volante Leonardo Gil marcou duas vezes para os chilenos, enquanto Al\u00ea, nos acr\u00e9scimos do segundo tempo, diminuiu para os mineiros. Assim, o\u00a0Coelho sai atr\u00e1s na disputa &hellip;","og_url":"https:\/\/portalnpm.com\/index.php\/2023\/07\/12\/america-mg-perde-do-colo-colo-no-chile-e-larga-atras-nos-playoffs-da-sul-americana\/","og_site_name":"Portal NPM","article_published_time":"2023-07-12T21:13:48+00:00","author":"Genival Barbosa","twitter_card":"summary_large_image","twitter_misc":{"Escrito por":"Genival Barbosa","Est. tempo de leitura":"3 minutos"},"schema":{"@context":"https:\/\/schema.org","@graph":[{"@type":"WebPage","@id":"https:\/\/portalnpm.com\/index.php\/2023\/07\/12\/america-mg-perde-do-colo-colo-no-chile-e-larga-atras-nos-playoffs-da-sul-americana\/","url":"https:\/\/portalnpm.com\/index.php\/2023\/07\/12\/america-mg-perde-do-colo-colo-no-chile-e-larga-atras-nos-playoffs-da-sul-americana\/","name":"Am\u00e9rica-MG perde do Colo-Colo no Chile e larga atr\u00e1s nos playoffs da Sul-Americana - Portal NPM","isPartOf":{"@id":"https:\/\/portalnpm.com\/#website"},"primaryImageOfPage":{"@id":"https:\/\/portalnpm.com\/index.php\/2023\/07\/12\/america-mg-perde-do-colo-colo-no-chile-e-larga-atras-nos-playoffs-da-sul-americana\/#primaryimage"},"image":{"@id":"https:\/\/portalnpm.com\/index.php\/2023\/07\/12\/america-mg-perde-do-colo-colo-no-chile-e-larga-atras-nos-playoffs-da-sul-americana\/#primaryimage"},"thumbnailUrl":"","datePublished":"2023-07-12T21:13:48+00:00","dateModified":"2023-07-12T21:13:48+00:00","author":{"@id":"https:\/\/portalnpm.com\/#\/schema\/person\/49313e563cfdefcc167f1ee4c017c294"},"breadcrumb":{"@id":"https:\/\/portalnpm.com\/index.php\/2023\/07\/12\/america-mg-perde-do-colo-colo-no-chile-e-larga-atras-nos-playoffs-da-sul-americana\/#breadcrumb"},"inLanguage":"pt-BR","potentialAction":[{"@type":"ReadAction","target":["https:\/\/portalnpm.com\/index.php\/2023\/07\/12\/america-mg-perde-do-colo-colo-no-chile-e-larga-atras-nos-playoffs-da-sul-americana\/"]}]},{"@type":"ImageObject","inLanguage":"pt-BR","@id":"https:\/\/portalnpm.com\/index.php\/2023\/07\/12\/america-mg-perde-do-colo-colo-no-chile-e-larga-atras-nos-playoffs-da-sul-americana\/#primaryimage","url":"","contentUrl":""},{"@type":"BreadcrumbList","@id":"https:\/\/portalnpm.com\/index.php\/2023\/07\/12\/america-mg-perde-do-colo-colo-no-chile-e-larga-atras-nos-playoffs-da-sul-americana\/#breadcrumb","itemListElement":[{"@type":"ListItem","position":1,"name":"In\u00edcio","item":"https:\/\/portalnpm.com\/"},{"@type":"ListItem","position":2,"name":"Am\u00e9rica-MG perde do Colo-Colo no Chile e larga atr\u00e1s nos playoffs da Sul-Americana"}]},{"@type":"WebSite","@id":"https:\/\/portalnpm.com\/#website","url":"https:\/\/portalnpm.com\/","name":"Portal NPM","description":"Not\u00edcias em Primeira M\u00e3o","potentialAction":[{"@type":"SearchAction","target":{"@type":"EntryPoint","urlTemplate":"https:\/\/portalnpm.com\/?s={search_term_string}"},"query-input":"required name=search_term_string"}],"inLanguage":"pt-BR"},{"@type":"Person","@id":"https:\/\/portalnpm.com\/#\/schema\/person\/49313e563cfdefcc167f1ee4c017c294","name":"Genival Barbosa","image":{"@type":"ImageObject","inLanguage":"pt-BR","@id":"https:\/\/portalnpm.com\/#\/schema\/person\/image\/","url":"https:\/\/portalnpm.com\/wp-content\/uploads\/2024\/02\/avatar_user_2_1707743258-96x96.jpeg","contentUrl":"https:\/\/portalnpm.com\/wp-content\/uploads\/2024\/02\/avatar_user_2_1707743258-96x96.jpeg","caption":"Genival Barbosa"},"url":"https:\/\/portalnpm.com\/index.php\/author\/genival\/"}]}},"jetpack_sharing_enabled":true,"jetpack_featured_media_url":"","_links":{"self":[{"href":"https:\/\/portalnpm.com\/index.php\/wp-json\/wp\/v2\/posts\/47559"}],"collection":[{"href":"https:\/\/portalnpm.com\/index.php\/wp-json\/wp\/v2\/posts"}],"about":[{"href":"https:\/\/portalnpm.com\/index.php\/wp-json\/wp\/v2\/types\/post"}],"author":[{"embeddable":true,"href":"https:\/\/portalnpm.com\/index.php\/wp-json\/wp\/v2\/users\/2"}],"replies":[{"embeddable":true,"href":"https:\/\/portalnpm.com\/index.php\/wp-json\/wp\/v2\/comments?post=47559"}],"version-history":[{"count":0,"href":"https:\/\/portalnpm.com\/index.php\/wp-json\/wp\/v2\/posts\/47559\/revisions"}],"wp:featuredmedia":[{"embeddable":true,"href":"https:\/\/portalnpm.com\/index.php\/wp-json\/"}],"wp:attachment":[{"href":"https:\/\/portalnpm.com\/index.php\/wp-json\/wp\/v2\/media?parent=47559"}],"wp:term":[{"taxonomy":"category","embeddable":true,"href":"https:\/\/portalnpm.com\/index.php\/wp-json\/wp\/v2\/categories?post=47559"},{"taxonomy":"post_tag","embeddable":true,"href":"https:\/\/portalnpm.com\/index.php\/wp-json\/wp\/v2\/tags?post=47559"}],"curies":[{"name":"wp","href":"https:\/\/api.w.org\/{rel}","templated":true}]}}