{"id":47575,"date":"2023-07-13T10:13:26","date_gmt":"2023-07-13T13:13:26","guid":{"rendered":"https:\/\/portalnpm.com\/?p=47575"},"modified":"2023-07-13T10:13:26","modified_gmt":"2023-07-13T13:13:26","slug":"em-picos-vereador-marcos-buriti-deixa-a-oposicao-e-se-posiciona-como-terceira-via-para-as-eleicoes-de-2024","status":"publish","type":"post","link":"https:\/\/portalnpm.com\/index.php\/2023\/07\/13\/em-picos-vereador-marcos-buriti-deixa-a-oposicao-e-se-posiciona-como-terceira-via-para-as-eleicoes-de-2024\/","title":{"rendered":"Em Picos, Vereador Marcos Buriti deixa a oposi\u00e7\u00e3o e se posiciona como terceira via para as elei\u00e7\u00f5es de 2024"},"content":{"rendered":"<div id=\"share-buttons-top\" class=\"share-buttons share-buttons-top\">\n<div class=\"share-links \" style=\"text-align: justify;\">\u00a0<a class=\"email-share-btn \" title=\"Compartilhar via e-mail\" href=\"mailto:?subject=Em%20Picos%2C%20Vereador%20Marcos%20Buriti%20deixa%20a%20oposi%C3%A7%C3%A3o%20e%20se%20posiciona%20como%20terceira%20via%20para%20as%20elei%C3%A7%C3%B5es%20de%202024&amp;body=https:\/\/www.portalenoticias.com.br\/em-picos-vereador-marcos-buriti-deixa-a-oposicao-e-se-posiciona-como-terceira-via-para-as-eleicoes-de-2024\/\" target=\"_blank\" rel=\"external noopener nofollow\" data-raw=\"mailto:?subject={post_title}&amp;body={post_link}\"><span class=\"screen-reader-text\">Compartilhar via e-mail<\/span><\/a>\u00a0<a class=\"print-share-btn \" title=\"Imprimir\" href=\"https:\/\/www.portalenoticias.com.br\/em-picos-vereador-marcos-buriti-deixa-a-oposicao-e-se-posiciona-como-terceira-via-para-as-eleicoes-de-2024\/#\" target=\"_blank\" rel=\"external noopener nofollow\" data-raw=\"#\"><span class=\"screen-reader-text\">Imprimir<\/span><\/a><\/div>\n<\/div>\n<div class=\"entry-content entry clearfix\">\n<p style=\"text-align: justify;\">O vereador picoense era cogitado como um dos poss\u00edveis aliados da oposi\u00e7\u00e3o, tendo estabelecido um entendimento pr\u00e9vio com o deputado Pablo Santos, do MDB, tamb\u00e9m postulante ao cargo de prefeito. Contudo, Marcos Buriti optou por um desvio de rota e decidiu seguir seu pr\u00f3prio projeto pol\u00edtico.<\/p>\n<blockquote><p>\u201cMinha decis\u00e3o \u00e9 irrevog\u00e1vel. Ap\u00f3s reflex\u00f5es e an\u00e1lises cuidadosas, percebi que tenho uma vis\u00e3o distinta da oposi\u00e7\u00e3o. Acredito que posso representar uma alternativa genu\u00edna para os eleitores de Picos, como a terceira via, com propostas concretas e uma abordagem diferente para os desafios que nossa cidade enfrenta\u201d, declarou o vereador.<\/p><\/blockquote>\n<div id=\"nbtioout\" style=\"text-align: justify;\">\n<figure id=\"attachment_136608\" class=\"wp-caption alignnone\" aria-describedby=\"caption-attachment-136608\">\n<div id=\"nbtio\"><\/div>\n<p><img fetchpriority=\"high\" decoding=\"async\" class=\"wp-image-136608 size-full entered lazyloaded\" src=\"https:\/\/i0.wp.com\/www.portalenoticias.com.br\/wp-content\/uploads\/2023\/07\/fdferre.jpg?fit=720%2C470&amp;ssl=1\" sizes=\"(max-width: 720px) 100vw, 720px\" srcset=\"https:\/\/i0.wp.com\/www.portalenoticias.com.br\/wp-content\/uploads\/2023\/07\/fdferre.jpg?fit=300%2C196&amp;ssl=1 300w, https:\/\/i0.wp.com\/www.portalenoticias.com.br\/wp-content\/uploads\/2023\/07\/fdferre.jpg?fit=720%2C470&amp;ssl=1 720w\" alt=\"\" width=\"708\" height=\"462\" data-lazy-srcset=\"https:\/\/i0.wp.com\/www.portalenoticias.com.br\/wp-content\/uploads\/2023\/07\/fdferre.jpg?fit=300%2C196&amp;ssl=1 300w, https:\/\/i0.wp.com\/www.portalenoticias.com.br\/wp-content\/uploads\/2023\/07\/fdferre.jpg?fit=720%2C470&amp;ssl=1 720w\" data-lazy-sizes=\"(max-width: 720px) 100vw, 720px\" data-attachment-id=\"136608\" data-permalink=\"https:\/\/www.portalenoticias.com.br\/em-picos-vereador-marcos-buriti-deixa-a-oposicao-e-se-posiciona-como-terceira-via-para-as-eleicoes-de-2024\/fdferre\/\" data-orig-file=\"https:\/\/i0.wp.com\/www.portalenoticias.com.br\/wp-content\/uploads\/2023\/07\/fdferre.jpg?fit=720%2C470&amp;ssl=1\" data-orig-size=\"720,470\" data-comments-opened=\"0\" data-image-meta=\"{&quot;aperture&quot;:&quot;7.1&quot;,&quot;credit&quot;:&quot;&quot;,&quot;camera&quot;:&quot;Canon EOS REBEL T3i&quot;,&quot;caption&quot;:&quot;&quot;,&quot;created_timestamp&quot;:&quot;1685037489&quot;,&quot;copyright&quot;:&quot;&quot;,&quot;focal_length&quot;:&quot;44&quot;,&quot;iso&quot;:&quot;6400&quot;,&quot;shutter_speed&quot;:&quot;0.008&quot;,&quot;title&quot;:&quot;&quot;,&quot;orientation&quot;:&quot;1&quot;}\" data-image-title=\"fdferre\" data-image-description=\"\" data-image-caption=\"\" data-medium-file=\"https:\/\/i0.wp.com\/www.portalenoticias.com.br\/wp-content\/uploads\/2023\/07\/fdferre.jpg?fit=300%2C196&amp;ssl=1\" data-large-file=\"https:\/\/i0.wp.com\/www.portalenoticias.com.br\/wp-content\/uploads\/2023\/07\/fdferre.jpg?fit=708%2C462&amp;ssl=1\" data-lazy-src=\"https:\/\/i0.wp.com\/www.portalenoticias.com.br\/wp-content\/uploads\/2023\/07\/fdferre.jpg?fit=720%2C470&amp;ssl=1\" data-ll-status=\"loaded\" \/><figcaption id=\"caption-attachment-136608\" class=\"wp-caption-text\">\u00a0Marcos Buriti \u2013 Foto: Rom\u00e1rio Mendes<\/figcaption><\/figure>\n<\/div>\n<p style=\"text-align: justify;\">Essa mudan\u00e7a de posicionamento \u00e9 estrat\u00e9gica levando em conta o atual cen\u00e1rio pol\u00edtico. Com sua independ\u00eancia, Marcos Buriti pretende conquistar um espa\u00e7o pr\u00f3prio no eleitorado picoense, apresentando sua plataforma pol\u00edtica e trabalhando para angariar apoio e simpatia da popula\u00e7\u00e3o.<\/p>\n<p style=\"text-align: justify;\">\u00c9 importante ressaltar que as elei\u00e7\u00f5es municipais de 2024 em Picos prometem ser acirradas, com diversos nomes j\u00e1 se colocando como postulantes ao cargo de prefeito. O posicionamento de Marcos Buriti como terceira via certamente adiciona mais dinamismo e pluralidade ao processo eleitoral, trazendo novas perspectivas e ideias para o debate pol\u00edtico na cidade.<\/p>\n<p style=\"text-align: justify;\">Ainda \u00e9 cedo para prever as consequ\u00eancias dessa mudan\u00e7a de rumo, mas uma coisa \u00e9 certa: o vereador Marcos Buriti est\u00e1 determinado a seguir sua pr\u00f3pria trajet\u00f3ria pol\u00edtica, em busca de representar os interesses da popula\u00e7\u00e3o picoense como uma op\u00e7\u00e3o independente e diferenciada dos grupos tradicionais da oposi\u00e7\u00e3o.<\/p>\n<p style=\"text-align: justify;\"><em><strong>Ascom<\/strong><\/em><\/p>\n<\/div>\n","protected":false},"excerpt":{"rendered":"<p>\u00a0Compartilhar via e-mail\u00a0Imprimir O vereador picoense era cogitado como um dos poss\u00edveis aliados da oposi\u00e7\u00e3o, tendo estabelecido um entendimento pr\u00e9vio com o deputado Pablo Santos, do MDB, tamb\u00e9m postulante ao cargo de prefeito. Contudo, Marcos Buriti optou por um desvio de rota e decidiu seguir seu pr\u00f3prio projeto pol\u00edtico. \u201cMinha decis\u00e3o \u00e9 irrevog\u00e1vel. Ap\u00f3s reflex\u00f5es &hellip;<\/p>\n","protected":false},"author":2,"featured_media":47576,"comment_status":"open","ping_status":"open","sticky":false,"template":"","format":"standard","meta":{"content-type":"","rop_custom_images_group":[],"rop_custom_messages_group":[],"rop_publish_now":"initial","rop_publish_now_accounts":{"facebook_2648258775420054_1618374048415101":""},"rop_publish_now_history":[],"rop_publish_now_status":"pending","footnotes":"","_jetpack_memberships_contains_paid_content":false},"categories":[109,127],"tags":[508,6227],"yoast_head":"<!-- This site is optimized with the Yoast SEO plugin v22.3 - https:\/\/yoast.com\/wordpress\/plugins\/seo\/ -->\n<title>Em Picos, Vereador Marcos Buriti deixa a oposi\u00e7\u00e3o e se posiciona como terceira via para as elei\u00e7\u00f5es de 2024 - Portal NPM<\/title>\n<meta name=\"robots\" content=\"index, follow, max-snippet:-1, max-image-preview:large, max-video-preview:-1\" \/>\n<link rel=\"canonical\" href=\"https:\/\/portalnpm.com\/index.php\/2023\/07\/13\/em-picos-vereador-marcos-buriti-deixa-a-oposicao-e-se-posiciona-como-terceira-via-para-as-eleicoes-de-2024\/\" \/>\n<meta property=\"og:locale\" content=\"pt_BR\" \/>\n<meta property=\"og:type\" content=\"article\" \/>\n<meta property=\"og:title\" content=\"Em Picos, Vereador Marcos Buriti deixa a oposi\u00e7\u00e3o e se posiciona como terceira via para as elei\u00e7\u00f5es de 2024 - Portal NPM\" \/>\n<meta property=\"og:description\" content=\"\u00a0Compartilhar via e-mail\u00a0Imprimir O vereador picoense era cogitado como um dos poss\u00edveis aliados da oposi\u00e7\u00e3o, tendo estabelecido um entendimento pr\u00e9vio com o deputado Pablo Santos, do MDB, tamb\u00e9m postulante ao cargo de prefeito. Contudo, Marcos Buriti optou por um desvio de rota e decidiu seguir seu pr\u00f3prio projeto pol\u00edtico. \u201cMinha decis\u00e3o \u00e9 irrevog\u00e1vel. Ap\u00f3s reflex\u00f5es &hellip;\" \/>\n<meta property=\"og:url\" content=\"https:\/\/portalnpm.com\/index.php\/2023\/07\/13\/em-picos-vereador-marcos-buriti-deixa-a-oposicao-e-se-posiciona-como-terceira-via-para-as-eleicoes-de-2024\/\" \/>\n<meta property=\"og:site_name\" content=\"Portal NPM\" \/>\n<meta property=\"article:published_time\" content=\"2023-07-13T13:13:26+00:00\" \/>\n<meta name=\"author\" content=\"Genival Barbosa\" \/>\n<meta name=\"twitter:card\" content=\"summary_large_image\" \/>\n<meta name=\"twitter:label1\" content=\"Escrito por\" \/>\n\t<meta name=\"twitter:data1\" content=\"Genival Barbosa\" \/>\n\t<meta name=\"twitter:label2\" content=\"Est. tempo de leitura\" \/>\n\t<meta name=\"twitter:data2\" content=\"2 minutos\" \/>\n<script type=\"application\/ld+json\" class=\"yoast-schema-graph\">{\"@context\":\"https:\/\/schema.org\",\"@graph\":[{\"@type\":\"WebPage\",\"@id\":\"https:\/\/portalnpm.com\/index.php\/2023\/07\/13\/em-picos-vereador-marcos-buriti-deixa-a-oposicao-e-se-posiciona-como-terceira-via-para-as-eleicoes-de-2024\/\",\"url\":\"https:\/\/portalnpm.com\/index.php\/2023\/07\/13\/em-picos-vereador-marcos-buriti-deixa-a-oposicao-e-se-posiciona-como-terceira-via-para-as-eleicoes-de-2024\/\",\"name\":\"Em Picos, Vereador Marcos Buriti deixa a oposi\u00e7\u00e3o e se posiciona como terceira via para as elei\u00e7\u00f5es de 2024 - Portal NPM\",\"isPartOf\":{\"@id\":\"https:\/\/portalnpm.com\/#website\"},\"primaryImageOfPage\":{\"@id\":\"https:\/\/portalnpm.com\/index.php\/2023\/07\/13\/em-picos-vereador-marcos-buriti-deixa-a-oposicao-e-se-posiciona-como-terceira-via-para-as-eleicoes-de-2024\/#primaryimage\"},\"image\":{\"@id\":\"https:\/\/portalnpm.com\/index.php\/2023\/07\/13\/em-picos-vereador-marcos-buriti-deixa-a-oposicao-e-se-posiciona-como-terceira-via-para-as-eleicoes-de-2024\/#primaryimage\"},\"thumbnailUrl\":\"\",\"datePublished\":\"2023-07-13T13:13:26+00:00\",\"dateModified\":\"2023-07-13T13:13:26+00:00\",\"author\":{\"@id\":\"https:\/\/portalnpm.com\/#\/schema\/person\/49313e563cfdefcc167f1ee4c017c294\"},\"breadcrumb\":{\"@id\":\"https:\/\/portalnpm.com\/index.php\/2023\/07\/13\/em-picos-vereador-marcos-buriti-deixa-a-oposicao-e-se-posiciona-como-terceira-via-para-as-eleicoes-de-2024\/#breadcrumb\"},\"inLanguage\":\"pt-BR\",\"potentialAction\":[{\"@type\":\"ReadAction\",\"target\":[\"https:\/\/portalnpm.com\/index.php\/2023\/07\/13\/em-picos-vereador-marcos-buriti-deixa-a-oposicao-e-se-posiciona-como-terceira-via-para-as-eleicoes-de-2024\/\"]}]},{\"@type\":\"ImageObject\",\"inLanguage\":\"pt-BR\",\"@id\":\"https:\/\/portalnpm.com\/index.php\/2023\/07\/13\/em-picos-vereador-marcos-buriti-deixa-a-oposicao-e-se-posiciona-como-terceira-via-para-as-eleicoes-de-2024\/#primaryimage\",\"url\":\"\",\"contentUrl\":\"\"},{\"@type\":\"BreadcrumbList\",\"@id\":\"https:\/\/portalnpm.com\/index.php\/2023\/07\/13\/em-picos-vereador-marcos-buriti-deixa-a-oposicao-e-se-posiciona-como-terceira-via-para-as-eleicoes-de-2024\/#breadcrumb\",\"itemListElement\":[{\"@type\":\"ListItem\",\"position\":1,\"name\":\"In\u00edcio\",\"item\":\"https:\/\/portalnpm.com\/\"},{\"@type\":\"ListItem\",\"position\":2,\"name\":\"Em Picos, Vereador Marcos Buriti deixa a oposi\u00e7\u00e3o e se posiciona como terceira via para as elei\u00e7\u00f5es de 2024\"}]},{\"@type\":\"WebSite\",\"@id\":\"https:\/\/portalnpm.com\/#website\",\"url\":\"https:\/\/portalnpm.com\/\",\"name\":\"Portal NPM\",\"description\":\"Not\u00edcias em Primeira M\u00e3o\",\"potentialAction\":[{\"@type\":\"SearchAction\",\"target\":{\"@type\":\"EntryPoint\",\"urlTemplate\":\"https:\/\/portalnpm.com\/?s={search_term_string}\"},\"query-input\":\"required name=search_term_string\"}],\"inLanguage\":\"pt-BR\"},{\"@type\":\"Person\",\"@id\":\"https:\/\/portalnpm.com\/#\/schema\/person\/49313e563cfdefcc167f1ee4c017c294\",\"name\":\"Genival Barbosa\",\"image\":{\"@type\":\"ImageObject\",\"inLanguage\":\"pt-BR\",\"@id\":\"https:\/\/portalnpm.com\/#\/schema\/person\/image\/\",\"url\":\"https:\/\/portalnpm.com\/wp-content\/uploads\/2024\/02\/avatar_user_2_1707743258-96x96.jpeg\",\"contentUrl\":\"https:\/\/portalnpm.com\/wp-content\/uploads\/2024\/02\/avatar_user_2_1707743258-96x96.jpeg\",\"caption\":\"Genival Barbosa\"},\"url\":\"https:\/\/portalnpm.com\/index.php\/author\/genival\/\"}]}<\/script>\n<!-- \/ Yoast SEO plugin. -->","yoast_head_json":{"title":"Em Picos, Vereador Marcos Buriti deixa a oposi\u00e7\u00e3o e se posiciona como terceira via para as elei\u00e7\u00f5es de 2024 - Portal NPM","robots":{"index":"index","follow":"follow","max-snippet":"max-snippet:-1","max-image-preview":"max-image-preview:large","max-video-preview":"max-video-preview:-1"},"canonical":"https:\/\/portalnpm.com\/index.php\/2023\/07\/13\/em-picos-vereador-marcos-buriti-deixa-a-oposicao-e-se-posiciona-como-terceira-via-para-as-eleicoes-de-2024\/","og_locale":"pt_BR","og_type":"article","og_title":"Em Picos, Vereador Marcos Buriti deixa a oposi\u00e7\u00e3o e se posiciona como terceira via para as elei\u00e7\u00f5es de 2024 - Portal NPM","og_description":"\u00a0Compartilhar via e-mail\u00a0Imprimir O vereador picoense era cogitado como um dos poss\u00edveis aliados da oposi\u00e7\u00e3o, tendo estabelecido um entendimento pr\u00e9vio com o deputado Pablo Santos, do MDB, tamb\u00e9m postulante ao cargo de prefeito. Contudo, Marcos Buriti optou por um desvio de rota e decidiu seguir seu pr\u00f3prio projeto pol\u00edtico. \u201cMinha decis\u00e3o \u00e9 irrevog\u00e1vel. Ap\u00f3s reflex\u00f5es &hellip;","og_url":"https:\/\/portalnpm.com\/index.php\/2023\/07\/13\/em-picos-vereador-marcos-buriti-deixa-a-oposicao-e-se-posiciona-como-terceira-via-para-as-eleicoes-de-2024\/","og_site_name":"Portal NPM","article_published_time":"2023-07-13T13:13:26+00:00","author":"Genival Barbosa","twitter_card":"summary_large_image","twitter_misc":{"Escrito por":"Genival Barbosa","Est. tempo de leitura":"2 minutos"},"schema":{"@context":"https:\/\/schema.org","@graph":[{"@type":"WebPage","@id":"https:\/\/portalnpm.com\/index.php\/2023\/07\/13\/em-picos-vereador-marcos-buriti-deixa-a-oposicao-e-se-posiciona-como-terceira-via-para-as-eleicoes-de-2024\/","url":"https:\/\/portalnpm.com\/index.php\/2023\/07\/13\/em-picos-vereador-marcos-buriti-deixa-a-oposicao-e-se-posiciona-como-terceira-via-para-as-eleicoes-de-2024\/","name":"Em Picos, Vereador Marcos Buriti deixa a oposi\u00e7\u00e3o e se posiciona como terceira via para as elei\u00e7\u00f5es de 2024 - Portal NPM","isPartOf":{"@id":"https:\/\/portalnpm.com\/#website"},"primaryImageOfPage":{"@id":"https:\/\/portalnpm.com\/index.php\/2023\/07\/13\/em-picos-vereador-marcos-buriti-deixa-a-oposicao-e-se-posiciona-como-terceira-via-para-as-eleicoes-de-2024\/#primaryimage"},"image":{"@id":"https:\/\/portalnpm.com\/index.php\/2023\/07\/13\/em-picos-vereador-marcos-buriti-deixa-a-oposicao-e-se-posiciona-como-terceira-via-para-as-eleicoes-de-2024\/#primaryimage"},"thumbnailUrl":"","datePublished":"2023-07-13T13:13:26+00:00","dateModified":"2023-07-13T13:13:26+00:00","author":{"@id":"https:\/\/portalnpm.com\/#\/schema\/person\/49313e563cfdefcc167f1ee4c017c294"},"breadcrumb":{"@id":"https:\/\/portalnpm.com\/index.php\/2023\/07\/13\/em-picos-vereador-marcos-buriti-deixa-a-oposicao-e-se-posiciona-como-terceira-via-para-as-eleicoes-de-2024\/#breadcrumb"},"inLanguage":"pt-BR","potentialAction":[{"@type":"ReadAction","target":["https:\/\/portalnpm.com\/index.php\/2023\/07\/13\/em-picos-vereador-marcos-buriti-deixa-a-oposicao-e-se-posiciona-como-terceira-via-para-as-eleicoes-de-2024\/"]}]},{"@type":"ImageObject","inLanguage":"pt-BR","@id":"https:\/\/portalnpm.com\/index.php\/2023\/07\/13\/em-picos-vereador-marcos-buriti-deixa-a-oposicao-e-se-posiciona-como-terceira-via-para-as-eleicoes-de-2024\/#primaryimage","url":"","contentUrl":""},{"@type":"BreadcrumbList","@id":"https:\/\/portalnpm.com\/index.php\/2023\/07\/13\/em-picos-vereador-marcos-buriti-deixa-a-oposicao-e-se-posiciona-como-terceira-via-para-as-eleicoes-de-2024\/#breadcrumb","itemListElement":[{"@type":"ListItem","position":1,"name":"In\u00edcio","item":"https:\/\/portalnpm.com\/"},{"@type":"ListItem","position":2,"name":"Em Picos, Vereador Marcos Buriti deixa a oposi\u00e7\u00e3o e se posiciona como terceira via para as elei\u00e7\u00f5es de 2024"}]},{"@type":"WebSite","@id":"https:\/\/portalnpm.com\/#website","url":"https:\/\/portalnpm.com\/","name":"Portal NPM","description":"Not\u00edcias em Primeira M\u00e3o","potentialAction":[{"@type":"SearchAction","target":{"@type":"EntryPoint","urlTemplate":"https:\/\/portalnpm.com\/?s={search_term_string}"},"query-input":"required name=search_term_string"}],"inLanguage":"pt-BR"},{"@type":"Person","@id":"https:\/\/portalnpm.com\/#\/schema\/person\/49313e563cfdefcc167f1ee4c017c294","name":"Genival Barbosa","image":{"@type":"ImageObject","inLanguage":"pt-BR","@id":"https:\/\/portalnpm.com\/#\/schema\/person\/image\/","url":"https:\/\/portalnpm.com\/wp-content\/uploads\/2024\/02\/avatar_user_2_1707743258-96x96.jpeg","contentUrl":"https:\/\/portalnpm.com\/wp-content\/uploads\/2024\/02\/avatar_user_2_1707743258-96x96.jpeg","caption":"Genival Barbosa"},"url":"https:\/\/portalnpm.com\/index.php\/author\/genival\/"}]}},"jetpack_sharing_enabled":true,"jetpack_featured_media_url":"","_links":{"self":[{"href":"https:\/\/portalnpm.com\/index.php\/wp-json\/wp\/v2\/posts\/47575"}],"collection":[{"href":"https:\/\/portalnpm.com\/index.php\/wp-json\/wp\/v2\/posts"}],"about":[{"href":"https:\/\/portalnpm.com\/index.php\/wp-json\/wp\/v2\/types\/post"}],"author":[{"embeddable":true,"href":"https:\/\/portalnpm.com\/index.php\/wp-json\/wp\/v2\/users\/2"}],"replies":[{"embeddable":true,"href":"https:\/\/portalnpm.com\/index.php\/wp-json\/wp\/v2\/comments?post=47575"}],"version-history":[{"count":0,"href":"https:\/\/portalnpm.com\/index.php\/wp-json\/wp\/v2\/posts\/47575\/revisions"}],"wp:featuredmedia":[{"embeddable":true,"href":"https:\/\/portalnpm.com\/index.php\/wp-json\/"}],"wp:attachment":[{"href":"https:\/\/portalnpm.com\/index.php\/wp-json\/wp\/v2\/media?parent=47575"}],"wp:term":[{"taxonomy":"category","embeddable":true,"href":"https:\/\/portalnpm.com\/index.php\/wp-json\/wp\/v2\/categories?post=47575"},{"taxonomy":"post_tag","embeddable":true,"href":"https:\/\/portalnpm.com\/index.php\/wp-json\/wp\/v2\/tags?post=47575"}],"curies":[{"name":"wp","href":"https:\/\/api.w.org\/{rel}","templated":true}]}}