{"id":47638,"date":"2023-07-14T17:54:30","date_gmt":"2023-07-14T20:54:30","guid":{"rendered":"https:\/\/portalnpm.com\/?p=47638"},"modified":"2023-07-14T17:54:30","modified_gmt":"2023-07-14T20:54:30","slug":"lula-sanciona-nova-lei-do-mais-medicos-com-criacao-de-15-mil-vagas","status":"publish","type":"post","link":"https:\/\/portalnpm.com\/index.php\/2023\/07\/14\/lula-sanciona-nova-lei-do-mais-medicos-com-criacao-de-15-mil-vagas\/","title":{"rendered":"Lula sanciona nova lei do Mais M\u00e9dicos com cria\u00e7\u00e3o de 15 mil vagas"},"content":{"rendered":"<p style=\"text-align: justify;\">O presidente Lula sanciona, nesta sexta-feira (14), a lei do Programa Mais M\u00e9dicos. Com o ato, fica institu\u00edda a Estrat\u00e9gia Nacional de Forma\u00e7\u00e3o de Especialistas para a Sa\u00fade que deve ampliar em 15 mil o n\u00famero de m\u00e9dicos atuando na aten\u00e7\u00e3o b\u00e1sica do Sistema \u00danico de Sa\u00fade (SUS), principalmente em regi\u00f5es de maior vulnerabilidade, informa o Pal\u00e1cio do Planalto.<\/p>\n<p style=\"text-align: justify;\">\n<p style=\"text-align: justify;\">O Minist\u00e9rio da Sa\u00fade anuncia ainda a abertura de novos editais para profissionais e para ades\u00e3o de munic\u00edpios, com iniciativas in\u00e9ditas como m\u00e9dicos para equipes de Consult\u00f3rio na Rua e popula\u00e7\u00e3o prisional, al\u00e9m de novas vagas para os territ\u00f3rios ind\u00edgenas.<\/p>\n<p style=\"text-align: justify;\">Ao todo, o Mais M\u00e9dicos ter\u00e1, at\u00e9 o fim de 2023, 15 mil novos m\u00e9dicos em todo pa\u00eds, totalizando 28 mil profissionais. Assim, a iniciativa do governo Federal pretende melhorar o acesso \u00e0 sa\u00fade para mais de 96 milh\u00f5es de brasileiros.<\/p>\n<p style=\"text-align: justify;\"><strong>Entenda as novas vagas e editais do Mais M\u00e9dicos<\/strong><\/p>\n<ul style=\"text-align: justify;\">\n<li>Para chamamento de profissionais, est\u00e3o abertas as sele\u00e7\u00f5es referentes \u00e0s vagas no modelo de coparticipa\u00e7\u00e3o em parceria com munic\u00edpios. A previs\u00e3o \u00e9 que o Minist\u00e9rio da Sa\u00fade habilite, pelo menos, 10 mil vagas neste modelo em 2023. Para os profissionais, n\u00e3o h\u00e1 mudan\u00e7as na forma de sele\u00e7\u00e3o ou contrata\u00e7\u00e3o. O cronograma com todas as etapas e os poss\u00edveis munic\u00edpios de atua\u00e7\u00e3o ser\u00e3o divulgados nas pr\u00f3ximas semanas.<\/li>\n<li>Em iniciativa in\u00e9dita, dois editais est\u00e3o abertos para garantir acesso \u00e0 sa\u00fade para popula\u00e7\u00f5es mais vulner\u00e1veis, como as que s\u00e3o atendidas pelos Consult\u00f3rios na Rua e pela sa\u00fade prisional. Ser\u00e3o 111 novas vagas para profissionais que queiram atuar nos Consult\u00f3rios na Rua, iniciativa que assegura atendimento m\u00e9dico para popula\u00e7\u00e3o em situa\u00e7\u00e3o de rua. Outras 145 novas vagas s\u00e3o direcionadas para atua\u00e7\u00e3o no sistema de sa\u00fade prisional. \u00c9 a primeira vez que o Mais M\u00e9dicos destina profissionais para esses servi\u00e7os. O edital para os gestores locais aderirem \u00e0 essas vagas tamb\u00e9m est\u00e1 aberto.<\/li>\n<li>Al\u00e9m desses, foi aberto um novo edital para que munic\u00edpios aderidos ao Programa confirmem 1.232 vagas de reposi\u00e7\u00e3o de profissionais.<\/li>\n<li>A retomada do Mais M\u00e9dicos traz estrat\u00e9gias de incentivos aos profissionais e oportunidades de qualifica\u00e7\u00e3o durante a atua\u00e7\u00e3o no programa. O participante poder\u00e1 fazer especializa\u00e7\u00e3o e mestrado em at\u00e9 quatro anos. Os profissionais tamb\u00e9m passar\u00e3o a receber benef\u00edcios, proporcional ao valor mensal da bolsa, para atuarem nas periferias e regi\u00f5es de maior vulnerabilidade.<\/li>\n<\/ul>\n<p style=\"text-align: justify;\">O Mais M\u00e9dicos tamb\u00e9m quer atrair os profissionais formados com apoio do Governo Federal. Os beneficiados pelo Financiamento ao Estudante do Ensino Superior (FIES) que participarem do programa poder\u00e3o receber incentivos de R$ 238 mil a R$ 475 mil, dependendo da vulnerabilidade do munic\u00edpio e a perman\u00eancia no programa por 48 meses. Assim, o profissional poder\u00e1 ter aux\u00edlio para o pagamento de at\u00e9 80% do financiamento.<\/p>\n<p style=\"text-align: justify;\">Os profissionais tamb\u00e9m ter\u00e3o benef\u00edcios proporcionais ao valor da bolsa pelo tempo de perman\u00eancia no programa e por atua\u00e7\u00e3o em \u00e1reas de alta vulnerabilidade. Esses incentivos podem chegar a R$ 120 mil.<\/p>\n<p style=\"text-align: justify;\">Fonte:\u00a0<em>SBT News\/Secretaria de Comunica\u00e7\u00e3o Social da Presid\u00eancia da Rep\u00fablica<\/em>|<em>Foto: Ricardo Stuckert\/PR<\/em><\/p>\n","protected":false},"excerpt":{"rendered":"<p>O presidente Lula sanciona, nesta sexta-feira (14), a lei do Programa Mais M\u00e9dicos. Com o ato, fica institu\u00edda a Estrat\u00e9gia Nacional de Forma\u00e7\u00e3o de Especialistas para a Sa\u00fade que deve ampliar em 15 mil o n\u00famero de m\u00e9dicos atuando na aten\u00e7\u00e3o b\u00e1sica do Sistema \u00danico de Sa\u00fade (SUS), principalmente em regi\u00f5es de maior vulnerabilidade, informa &hellip;<\/p>\n","protected":false},"author":2,"featured_media":47639,"comment_status":"open","ping_status":"open","sticky":false,"template":"","format":"standard","meta":{"content-type":"","rop_custom_images_group":[],"rop_custom_messages_group":[],"rop_publish_now":"initial","rop_publish_now_accounts":{"facebook_2648258775420054_1618374048415101":""},"rop_publish_now_history":[],"rop_publish_now_status":"pending","footnotes":"","_jetpack_memberships_contains_paid_content":false},"categories":[118],"tags":[674,1719],"yoast_head":"<!-- This site is optimized with the Yoast SEO plugin v22.3 - https:\/\/yoast.com\/wordpress\/plugins\/seo\/ -->\n<title>Lula sanciona nova lei do Mais M\u00e9dicos com cria\u00e7\u00e3o de 15 mil vagas - Portal NPM<\/title>\n<meta name=\"robots\" content=\"index, follow, max-snippet:-1, max-image-preview:large, max-video-preview:-1\" \/>\n<link rel=\"canonical\" href=\"https:\/\/portalnpm.com\/index.php\/2023\/07\/14\/lula-sanciona-nova-lei-do-mais-medicos-com-criacao-de-15-mil-vagas\/\" \/>\n<meta property=\"og:locale\" content=\"pt_BR\" \/>\n<meta property=\"og:type\" content=\"article\" \/>\n<meta property=\"og:title\" content=\"Lula sanciona nova lei do Mais M\u00e9dicos com cria\u00e7\u00e3o de 15 mil vagas - Portal NPM\" \/>\n<meta property=\"og:description\" content=\"O presidente Lula sanciona, nesta sexta-feira (14), a lei do Programa Mais M\u00e9dicos. Com o ato, fica institu\u00edda a Estrat\u00e9gia Nacional de Forma\u00e7\u00e3o de Especialistas para a Sa\u00fade que deve ampliar em 15 mil o n\u00famero de m\u00e9dicos atuando na aten\u00e7\u00e3o b\u00e1sica do Sistema \u00danico de Sa\u00fade (SUS), principalmente em regi\u00f5es de maior vulnerabilidade, informa &hellip;\" \/>\n<meta property=\"og:url\" content=\"https:\/\/portalnpm.com\/index.php\/2023\/07\/14\/lula-sanciona-nova-lei-do-mais-medicos-com-criacao-de-15-mil-vagas\/\" \/>\n<meta property=\"og:site_name\" content=\"Portal NPM\" \/>\n<meta property=\"article:published_time\" content=\"2023-07-14T20:54:30+00:00\" \/>\n<meta name=\"author\" content=\"Genival Barbosa\" \/>\n<meta name=\"twitter:card\" content=\"summary_large_image\" \/>\n<meta name=\"twitter:label1\" content=\"Escrito por\" \/>\n\t<meta name=\"twitter:data1\" content=\"Genival Barbosa\" \/>\n\t<meta name=\"twitter:label2\" content=\"Est. tempo de leitura\" \/>\n\t<meta name=\"twitter:data2\" content=\"3 minutos\" \/>\n<script type=\"application\/ld+json\" class=\"yoast-schema-graph\">{\"@context\":\"https:\/\/schema.org\",\"@graph\":[{\"@type\":\"WebPage\",\"@id\":\"https:\/\/portalnpm.com\/index.php\/2023\/07\/14\/lula-sanciona-nova-lei-do-mais-medicos-com-criacao-de-15-mil-vagas\/\",\"url\":\"https:\/\/portalnpm.com\/index.php\/2023\/07\/14\/lula-sanciona-nova-lei-do-mais-medicos-com-criacao-de-15-mil-vagas\/\",\"name\":\"Lula sanciona nova lei do Mais M\u00e9dicos com cria\u00e7\u00e3o de 15 mil vagas - Portal NPM\",\"isPartOf\":{\"@id\":\"https:\/\/portalnpm.com\/#website\"},\"primaryImageOfPage\":{\"@id\":\"https:\/\/portalnpm.com\/index.php\/2023\/07\/14\/lula-sanciona-nova-lei-do-mais-medicos-com-criacao-de-15-mil-vagas\/#primaryimage\"},\"image\":{\"@id\":\"https:\/\/portalnpm.com\/index.php\/2023\/07\/14\/lula-sanciona-nova-lei-do-mais-medicos-com-criacao-de-15-mil-vagas\/#primaryimage\"},\"thumbnailUrl\":\"\",\"datePublished\":\"2023-07-14T20:54:30+00:00\",\"dateModified\":\"2023-07-14T20:54:30+00:00\",\"author\":{\"@id\":\"https:\/\/portalnpm.com\/#\/schema\/person\/49313e563cfdefcc167f1ee4c017c294\"},\"breadcrumb\":{\"@id\":\"https:\/\/portalnpm.com\/index.php\/2023\/07\/14\/lula-sanciona-nova-lei-do-mais-medicos-com-criacao-de-15-mil-vagas\/#breadcrumb\"},\"inLanguage\":\"pt-BR\",\"potentialAction\":[{\"@type\":\"ReadAction\",\"target\":[\"https:\/\/portalnpm.com\/index.php\/2023\/07\/14\/lula-sanciona-nova-lei-do-mais-medicos-com-criacao-de-15-mil-vagas\/\"]}]},{\"@type\":\"ImageObject\",\"inLanguage\":\"pt-BR\",\"@id\":\"https:\/\/portalnpm.com\/index.php\/2023\/07\/14\/lula-sanciona-nova-lei-do-mais-medicos-com-criacao-de-15-mil-vagas\/#primaryimage\",\"url\":\"\",\"contentUrl\":\"\"},{\"@type\":\"BreadcrumbList\",\"@id\":\"https:\/\/portalnpm.com\/index.php\/2023\/07\/14\/lula-sanciona-nova-lei-do-mais-medicos-com-criacao-de-15-mil-vagas\/#breadcrumb\",\"itemListElement\":[{\"@type\":\"ListItem\",\"position\":1,\"name\":\"In\u00edcio\",\"item\":\"https:\/\/portalnpm.com\/\"},{\"@type\":\"ListItem\",\"position\":2,\"name\":\"Lula sanciona nova lei do Mais M\u00e9dicos com cria\u00e7\u00e3o de 15 mil vagas\"}]},{\"@type\":\"WebSite\",\"@id\":\"https:\/\/portalnpm.com\/#website\",\"url\":\"https:\/\/portalnpm.com\/\",\"name\":\"Portal NPM\",\"description\":\"Not\u00edcias em Primeira M\u00e3o\",\"potentialAction\":[{\"@type\":\"SearchAction\",\"target\":{\"@type\":\"EntryPoint\",\"urlTemplate\":\"https:\/\/portalnpm.com\/?s={search_term_string}\"},\"query-input\":\"required name=search_term_string\"}],\"inLanguage\":\"pt-BR\"},{\"@type\":\"Person\",\"@id\":\"https:\/\/portalnpm.com\/#\/schema\/person\/49313e563cfdefcc167f1ee4c017c294\",\"name\":\"Genival Barbosa\",\"image\":{\"@type\":\"ImageObject\",\"inLanguage\":\"pt-BR\",\"@id\":\"https:\/\/portalnpm.com\/#\/schema\/person\/image\/\",\"url\":\"https:\/\/portalnpm.com\/wp-content\/uploads\/2024\/02\/avatar_user_2_1707743258-96x96.jpeg\",\"contentUrl\":\"https:\/\/portalnpm.com\/wp-content\/uploads\/2024\/02\/avatar_user_2_1707743258-96x96.jpeg\",\"caption\":\"Genival Barbosa\"},\"url\":\"https:\/\/portalnpm.com\/index.php\/author\/genival\/\"}]}<\/script>\n<!-- \/ Yoast SEO plugin. -->","yoast_head_json":{"title":"Lula sanciona nova lei do Mais M\u00e9dicos com cria\u00e7\u00e3o de 15 mil vagas - Portal NPM","robots":{"index":"index","follow":"follow","max-snippet":"max-snippet:-1","max-image-preview":"max-image-preview:large","max-video-preview":"max-video-preview:-1"},"canonical":"https:\/\/portalnpm.com\/index.php\/2023\/07\/14\/lula-sanciona-nova-lei-do-mais-medicos-com-criacao-de-15-mil-vagas\/","og_locale":"pt_BR","og_type":"article","og_title":"Lula sanciona nova lei do Mais M\u00e9dicos com cria\u00e7\u00e3o de 15 mil vagas - Portal NPM","og_description":"O presidente Lula sanciona, nesta sexta-feira (14), a lei do Programa Mais M\u00e9dicos. Com o ato, fica institu\u00edda a Estrat\u00e9gia Nacional de Forma\u00e7\u00e3o de Especialistas para a Sa\u00fade que deve ampliar em 15 mil o n\u00famero de m\u00e9dicos atuando na aten\u00e7\u00e3o b\u00e1sica do Sistema \u00danico de Sa\u00fade (SUS), principalmente em regi\u00f5es de maior vulnerabilidade, informa &hellip;","og_url":"https:\/\/portalnpm.com\/index.php\/2023\/07\/14\/lula-sanciona-nova-lei-do-mais-medicos-com-criacao-de-15-mil-vagas\/","og_site_name":"Portal NPM","article_published_time":"2023-07-14T20:54:30+00:00","author":"Genival Barbosa","twitter_card":"summary_large_image","twitter_misc":{"Escrito por":"Genival Barbosa","Est. tempo de leitura":"3 minutos"},"schema":{"@context":"https:\/\/schema.org","@graph":[{"@type":"WebPage","@id":"https:\/\/portalnpm.com\/index.php\/2023\/07\/14\/lula-sanciona-nova-lei-do-mais-medicos-com-criacao-de-15-mil-vagas\/","url":"https:\/\/portalnpm.com\/index.php\/2023\/07\/14\/lula-sanciona-nova-lei-do-mais-medicos-com-criacao-de-15-mil-vagas\/","name":"Lula sanciona nova lei do Mais M\u00e9dicos com cria\u00e7\u00e3o de 15 mil vagas - Portal NPM","isPartOf":{"@id":"https:\/\/portalnpm.com\/#website"},"primaryImageOfPage":{"@id":"https:\/\/portalnpm.com\/index.php\/2023\/07\/14\/lula-sanciona-nova-lei-do-mais-medicos-com-criacao-de-15-mil-vagas\/#primaryimage"},"image":{"@id":"https:\/\/portalnpm.com\/index.php\/2023\/07\/14\/lula-sanciona-nova-lei-do-mais-medicos-com-criacao-de-15-mil-vagas\/#primaryimage"},"thumbnailUrl":"","datePublished":"2023-07-14T20:54:30+00:00","dateModified":"2023-07-14T20:54:30+00:00","author":{"@id":"https:\/\/portalnpm.com\/#\/schema\/person\/49313e563cfdefcc167f1ee4c017c294"},"breadcrumb":{"@id":"https:\/\/portalnpm.com\/index.php\/2023\/07\/14\/lula-sanciona-nova-lei-do-mais-medicos-com-criacao-de-15-mil-vagas\/#breadcrumb"},"inLanguage":"pt-BR","potentialAction":[{"@type":"ReadAction","target":["https:\/\/portalnpm.com\/index.php\/2023\/07\/14\/lula-sanciona-nova-lei-do-mais-medicos-com-criacao-de-15-mil-vagas\/"]}]},{"@type":"ImageObject","inLanguage":"pt-BR","@id":"https:\/\/portalnpm.com\/index.php\/2023\/07\/14\/lula-sanciona-nova-lei-do-mais-medicos-com-criacao-de-15-mil-vagas\/#primaryimage","url":"","contentUrl":""},{"@type":"BreadcrumbList","@id":"https:\/\/portalnpm.com\/index.php\/2023\/07\/14\/lula-sanciona-nova-lei-do-mais-medicos-com-criacao-de-15-mil-vagas\/#breadcrumb","itemListElement":[{"@type":"ListItem","position":1,"name":"In\u00edcio","item":"https:\/\/portalnpm.com\/"},{"@type":"ListItem","position":2,"name":"Lula sanciona nova lei do Mais M\u00e9dicos com cria\u00e7\u00e3o de 15 mil vagas"}]},{"@type":"WebSite","@id":"https:\/\/portalnpm.com\/#website","url":"https:\/\/portalnpm.com\/","name":"Portal NPM","description":"Not\u00edcias em Primeira M\u00e3o","potentialAction":[{"@type":"SearchAction","target":{"@type":"EntryPoint","urlTemplate":"https:\/\/portalnpm.com\/?s={search_term_string}"},"query-input":"required name=search_term_string"}],"inLanguage":"pt-BR"},{"@type":"Person","@id":"https:\/\/portalnpm.com\/#\/schema\/person\/49313e563cfdefcc167f1ee4c017c294","name":"Genival Barbosa","image":{"@type":"ImageObject","inLanguage":"pt-BR","@id":"https:\/\/portalnpm.com\/#\/schema\/person\/image\/","url":"https:\/\/portalnpm.com\/wp-content\/uploads\/2024\/02\/avatar_user_2_1707743258-96x96.jpeg","contentUrl":"https:\/\/portalnpm.com\/wp-content\/uploads\/2024\/02\/avatar_user_2_1707743258-96x96.jpeg","caption":"Genival Barbosa"},"url":"https:\/\/portalnpm.com\/index.php\/author\/genival\/"}]}},"jetpack_sharing_enabled":true,"jetpack_featured_media_url":"","_links":{"self":[{"href":"https:\/\/portalnpm.com\/index.php\/wp-json\/wp\/v2\/posts\/47638"}],"collection":[{"href":"https:\/\/portalnpm.com\/index.php\/wp-json\/wp\/v2\/posts"}],"about":[{"href":"https:\/\/portalnpm.com\/index.php\/wp-json\/wp\/v2\/types\/post"}],"author":[{"embeddable":true,"href":"https:\/\/portalnpm.com\/index.php\/wp-json\/wp\/v2\/users\/2"}],"replies":[{"embeddable":true,"href":"https:\/\/portalnpm.com\/index.php\/wp-json\/wp\/v2\/comments?post=47638"}],"version-history":[{"count":0,"href":"https:\/\/portalnpm.com\/index.php\/wp-json\/wp\/v2\/posts\/47638\/revisions"}],"wp:featuredmedia":[{"embeddable":true,"href":"https:\/\/portalnpm.com\/index.php\/wp-json\/"}],"wp:attachment":[{"href":"https:\/\/portalnpm.com\/index.php\/wp-json\/wp\/v2\/media?parent=47638"}],"wp:term":[{"taxonomy":"category","embeddable":true,"href":"https:\/\/portalnpm.com\/index.php\/wp-json\/wp\/v2\/categories?post=47638"},{"taxonomy":"post_tag","embeddable":true,"href":"https:\/\/portalnpm.com\/index.php\/wp-json\/wp\/v2\/tags?post=47638"}],"curies":[{"name":"wp","href":"https:\/\/api.w.org\/{rel}","templated":true}]}}