{"id":47641,"date":"2023-07-14T17:57:38","date_gmt":"2023-07-14T20:57:38","guid":{"rendered":"https:\/\/portalnpm.com\/?p=47641"},"modified":"2023-07-14T17:57:38","modified_gmt":"2023-07-14T20:57:38","slug":"morre-motociclista-envolvido-em-acidente-com-caminhao-em-picos","status":"publish","type":"post","link":"https:\/\/portalnpm.com\/index.php\/2023\/07\/14\/morre-motociclista-envolvido-em-acidente-com-caminhao-em-picos\/","title":{"rendered":"Morre motociclista envolvido em acidente com caminh\u00e3o em Picos"},"content":{"rendered":"<p style=\"text-align: justify;\">Veio a \u00f3bito nesta sexta-feira, 14 de julho, o jovem Maylon Vin\u00edcius Pires de Sousa Barbosa, de 21 anos. Ele se envolveu em um acidente na manh\u00e3 da \u00faltima sexta-feira, 07 de julho, na rotat\u00f3ria do Bairro Bomba, em Picos.<\/p>\n<p style=\"text-align: justify;\">\n<p style=\"text-align: justify;\">Maylon pilotava uma motocicleta e foi colhido por um caminh\u00e3o, com o impacto da colis\u00e3o, a moto foi arrastada por alguns metros e Maylon ficou gravemente ferido. Ele havia sido submetido h\u00e1 dois procedimentos cir\u00fargicos e estava em um leito da Unidade de Terapia Itensiva (UTI) do Hospital Regional Justino Luz,<\/p>\n<p style=\"text-align: justify;\">Mailon era estudante de Ci\u00eancias Cont\u00e1beis da Faculdade R.S\u00e1 e era natural da cidade de Elesb\u00e3o Veloso, onde seu corpo dever\u00e1 ser velado e sepultado.<\/p>\n<p style=\"text-align: justify;\">A Faculdade R.S\u00e1 divulgou nota de pesar pelo falecimento do estudante:<\/p>\n<p style=\"text-align: justify;\"><img fetchpriority=\"high\" decoding=\"async\" class=\"alignnone wp-image-403809 size-full lazyloaded\" src=\"https:\/\/infonewss.com\/wp-content\/uploads\/2023\/07\/WhatsApp-Image-2023-07-14-at-14_21_34.jpeg\" sizes=\"(max-width: 1200px) 100vw, 1200px\" srcset=\"https:\/\/infonewss.com\/wp-content\/uploads\/2023\/07\/WhatsApp-Image-2023-07-14-at-14_21_34.jpeg 1200w, https:\/\/infonewss.com\/wp-content\/uploads\/2023\/07\/WhatsApp-Image-2023-07-14-at-14_21_34-300x300.jpeg 300w, https:\/\/infonewss.com\/wp-content\/uploads\/2023\/07\/WhatsApp-Image-2023-07-14-at-14_21_34-1024x1024.jpeg 1024w, https:\/\/infonewss.com\/wp-content\/uploads\/2023\/07\/WhatsApp-Image-2023-07-14-at-14_21_34-150x150.jpeg 150w, https:\/\/infonewss.com\/wp-content\/uploads\/2023\/07\/WhatsApp-Image-2023-07-14-at-14_21_34-768x768.jpeg 768w, https:\/\/infonewss.com\/wp-content\/uploads\/2023\/07\/WhatsApp-Image-2023-07-14-at-14_21_34-696x696.jpeg 696w, https:\/\/infonewss.com\/wp-content\/uploads\/2023\/07\/WhatsApp-Image-2023-07-14-at-14_21_34-1068x1068.jpeg 1068w\" alt=\"\" width=\"1200\" height=\"1200\" data-srcset=\"https:\/\/infonewss.com\/wp-content\/uploads\/2023\/07\/WhatsApp-Image-2023-07-14-at-14_21_34.jpeg 1200w, https:\/\/infonewss.com\/wp-content\/uploads\/2023\/07\/WhatsApp-Image-2023-07-14-at-14_21_34-300x300.jpeg 300w, https:\/\/infonewss.com\/wp-content\/uploads\/2023\/07\/WhatsApp-Image-2023-07-14-at-14_21_34-1024x1024.jpeg 1024w, https:\/\/infonewss.com\/wp-content\/uploads\/2023\/07\/WhatsApp-Image-2023-07-14-at-14_21_34-150x150.jpeg 150w, https:\/\/infonewss.com\/wp-content\/uploads\/2023\/07\/WhatsApp-Image-2023-07-14-at-14_21_34-768x768.jpeg 768w, https:\/\/infonewss.com\/wp-content\/uploads\/2023\/07\/WhatsApp-Image-2023-07-14-at-14_21_34-696x696.jpeg 696w, https:\/\/infonewss.com\/wp-content\/uploads\/2023\/07\/WhatsApp-Image-2023-07-14-at-14_21_34-1068x1068.jpeg 1068w\" data-src=\"https:\/\/infonewss.com\/wp-content\/uploads\/2023\/07\/WhatsApp-Image-2023-07-14-at-14_21_34.jpeg\" data-sizes=\"(max-width: 1200px) 100vw, 1200px\" \/><\/p>\n<p style=\"text-align: justify;\">\n<p style=\"text-align: justify;\">Fonte: Picos40Graus<\/p>\n","protected":false},"excerpt":{"rendered":"<p>Veio a \u00f3bito nesta sexta-feira, 14 de julho, o jovem Maylon Vin\u00edcius Pires de Sousa Barbosa, de 21 anos. Ele se envolveu em um acidente na manh\u00e3 da \u00faltima sexta-feira, 07 de julho, na rotat\u00f3ria do Bairro Bomba, em Picos. Maylon pilotava uma motocicleta e foi colhido por um caminh\u00e3o, com o impacto da colis\u00e3o, &hellip;<\/p>\n","protected":false},"author":2,"featured_media":47642,"comment_status":"open","ping_status":"open","sticky":false,"template":"","format":"standard","meta":{"content-type":"","rop_custom_images_group":[],"rop_custom_messages_group":[],"rop_publish_now":"initial","rop_publish_now_accounts":{"facebook_2648258775420054_1618374048415101":""},"rop_publish_now_history":[],"rop_publish_now_status":"pending","footnotes":"","_jetpack_memberships_contains_paid_content":false},"categories":[109,127],"tags":[154,128],"yoast_head":"<!-- This site is optimized with the Yoast SEO plugin v22.3 - https:\/\/yoast.com\/wordpress\/plugins\/seo\/ -->\n<title>Morre motociclista envolvido em acidente com caminh\u00e3o em Picos - Portal NPM<\/title>\n<meta name=\"robots\" content=\"index, follow, max-snippet:-1, max-image-preview:large, max-video-preview:-1\" \/>\n<link rel=\"canonical\" href=\"https:\/\/portalnpm.com\/index.php\/2023\/07\/14\/morre-motociclista-envolvido-em-acidente-com-caminhao-em-picos\/\" \/>\n<meta property=\"og:locale\" content=\"pt_BR\" \/>\n<meta property=\"og:type\" content=\"article\" \/>\n<meta property=\"og:title\" content=\"Morre motociclista envolvido em acidente com caminh\u00e3o em Picos - Portal NPM\" \/>\n<meta property=\"og:description\" content=\"Veio a \u00f3bito nesta sexta-feira, 14 de julho, o jovem Maylon Vin\u00edcius Pires de Sousa Barbosa, de 21 anos. Ele se envolveu em um acidente na manh\u00e3 da \u00faltima sexta-feira, 07 de julho, na rotat\u00f3ria do Bairro Bomba, em Picos. Maylon pilotava uma motocicleta e foi colhido por um caminh\u00e3o, com o impacto da colis\u00e3o, &hellip;\" \/>\n<meta property=\"og:url\" content=\"https:\/\/portalnpm.com\/index.php\/2023\/07\/14\/morre-motociclista-envolvido-em-acidente-com-caminhao-em-picos\/\" \/>\n<meta property=\"og:site_name\" content=\"Portal NPM\" \/>\n<meta property=\"article:published_time\" content=\"2023-07-14T20:57:38+00:00\" \/>\n<meta name=\"author\" content=\"Genival Barbosa\" \/>\n<meta name=\"twitter:card\" content=\"summary_large_image\" \/>\n<meta name=\"twitter:label1\" content=\"Escrito por\" \/>\n\t<meta name=\"twitter:data1\" content=\"Genival Barbosa\" \/>\n\t<meta name=\"twitter:label2\" content=\"Est. tempo de leitura\" \/>\n\t<meta name=\"twitter:data2\" content=\"1 minuto\" \/>\n<script type=\"application\/ld+json\" class=\"yoast-schema-graph\">{\"@context\":\"https:\/\/schema.org\",\"@graph\":[{\"@type\":\"WebPage\",\"@id\":\"https:\/\/portalnpm.com\/index.php\/2023\/07\/14\/morre-motociclista-envolvido-em-acidente-com-caminhao-em-picos\/\",\"url\":\"https:\/\/portalnpm.com\/index.php\/2023\/07\/14\/morre-motociclista-envolvido-em-acidente-com-caminhao-em-picos\/\",\"name\":\"Morre motociclista envolvido em acidente com caminh\u00e3o em Picos - Portal NPM\",\"isPartOf\":{\"@id\":\"https:\/\/portalnpm.com\/#website\"},\"primaryImageOfPage\":{\"@id\":\"https:\/\/portalnpm.com\/index.php\/2023\/07\/14\/morre-motociclista-envolvido-em-acidente-com-caminhao-em-picos\/#primaryimage\"},\"image\":{\"@id\":\"https:\/\/portalnpm.com\/index.php\/2023\/07\/14\/morre-motociclista-envolvido-em-acidente-com-caminhao-em-picos\/#primaryimage\"},\"thumbnailUrl\":\"\",\"datePublished\":\"2023-07-14T20:57:38+00:00\",\"dateModified\":\"2023-07-14T20:57:38+00:00\",\"author\":{\"@id\":\"https:\/\/portalnpm.com\/#\/schema\/person\/49313e563cfdefcc167f1ee4c017c294\"},\"breadcrumb\":{\"@id\":\"https:\/\/portalnpm.com\/index.php\/2023\/07\/14\/morre-motociclista-envolvido-em-acidente-com-caminhao-em-picos\/#breadcrumb\"},\"inLanguage\":\"pt-BR\",\"potentialAction\":[{\"@type\":\"ReadAction\",\"target\":[\"https:\/\/portalnpm.com\/index.php\/2023\/07\/14\/morre-motociclista-envolvido-em-acidente-com-caminhao-em-picos\/\"]}]},{\"@type\":\"ImageObject\",\"inLanguage\":\"pt-BR\",\"@id\":\"https:\/\/portalnpm.com\/index.php\/2023\/07\/14\/morre-motociclista-envolvido-em-acidente-com-caminhao-em-picos\/#primaryimage\",\"url\":\"\",\"contentUrl\":\"\"},{\"@type\":\"BreadcrumbList\",\"@id\":\"https:\/\/portalnpm.com\/index.php\/2023\/07\/14\/morre-motociclista-envolvido-em-acidente-com-caminhao-em-picos\/#breadcrumb\",\"itemListElement\":[{\"@type\":\"ListItem\",\"position\":1,\"name\":\"In\u00edcio\",\"item\":\"https:\/\/portalnpm.com\/\"},{\"@type\":\"ListItem\",\"position\":2,\"name\":\"Morre motociclista envolvido em acidente com caminh\u00e3o em Picos\"}]},{\"@type\":\"WebSite\",\"@id\":\"https:\/\/portalnpm.com\/#website\",\"url\":\"https:\/\/portalnpm.com\/\",\"name\":\"Portal NPM\",\"description\":\"Not\u00edcias em Primeira M\u00e3o\",\"potentialAction\":[{\"@type\":\"SearchAction\",\"target\":{\"@type\":\"EntryPoint\",\"urlTemplate\":\"https:\/\/portalnpm.com\/?s={search_term_string}\"},\"query-input\":\"required name=search_term_string\"}],\"inLanguage\":\"pt-BR\"},{\"@type\":\"Person\",\"@id\":\"https:\/\/portalnpm.com\/#\/schema\/person\/49313e563cfdefcc167f1ee4c017c294\",\"name\":\"Genival Barbosa\",\"image\":{\"@type\":\"ImageObject\",\"inLanguage\":\"pt-BR\",\"@id\":\"https:\/\/portalnpm.com\/#\/schema\/person\/image\/\",\"url\":\"https:\/\/portalnpm.com\/wp-content\/uploads\/2024\/02\/avatar_user_2_1707743258-96x96.jpeg\",\"contentUrl\":\"https:\/\/portalnpm.com\/wp-content\/uploads\/2024\/02\/avatar_user_2_1707743258-96x96.jpeg\",\"caption\":\"Genival Barbosa\"},\"url\":\"https:\/\/portalnpm.com\/index.php\/author\/genival\/\"}]}<\/script>\n<!-- \/ Yoast SEO plugin. -->","yoast_head_json":{"title":"Morre motociclista envolvido em acidente com caminh\u00e3o em Picos - Portal NPM","robots":{"index":"index","follow":"follow","max-snippet":"max-snippet:-1","max-image-preview":"max-image-preview:large","max-video-preview":"max-video-preview:-1"},"canonical":"https:\/\/portalnpm.com\/index.php\/2023\/07\/14\/morre-motociclista-envolvido-em-acidente-com-caminhao-em-picos\/","og_locale":"pt_BR","og_type":"article","og_title":"Morre motociclista envolvido em acidente com caminh\u00e3o em Picos - Portal NPM","og_description":"Veio a \u00f3bito nesta sexta-feira, 14 de julho, o jovem Maylon Vin\u00edcius Pires de Sousa Barbosa, de 21 anos. Ele se envolveu em um acidente na manh\u00e3 da \u00faltima sexta-feira, 07 de julho, na rotat\u00f3ria do Bairro Bomba, em Picos. Maylon pilotava uma motocicleta e foi colhido por um caminh\u00e3o, com o impacto da colis\u00e3o, &hellip;","og_url":"https:\/\/portalnpm.com\/index.php\/2023\/07\/14\/morre-motociclista-envolvido-em-acidente-com-caminhao-em-picos\/","og_site_name":"Portal NPM","article_published_time":"2023-07-14T20:57:38+00:00","author":"Genival Barbosa","twitter_card":"summary_large_image","twitter_misc":{"Escrito por":"Genival Barbosa","Est. tempo de leitura":"1 minuto"},"schema":{"@context":"https:\/\/schema.org","@graph":[{"@type":"WebPage","@id":"https:\/\/portalnpm.com\/index.php\/2023\/07\/14\/morre-motociclista-envolvido-em-acidente-com-caminhao-em-picos\/","url":"https:\/\/portalnpm.com\/index.php\/2023\/07\/14\/morre-motociclista-envolvido-em-acidente-com-caminhao-em-picos\/","name":"Morre motociclista envolvido em acidente com caminh\u00e3o em Picos - Portal NPM","isPartOf":{"@id":"https:\/\/portalnpm.com\/#website"},"primaryImageOfPage":{"@id":"https:\/\/portalnpm.com\/index.php\/2023\/07\/14\/morre-motociclista-envolvido-em-acidente-com-caminhao-em-picos\/#primaryimage"},"image":{"@id":"https:\/\/portalnpm.com\/index.php\/2023\/07\/14\/morre-motociclista-envolvido-em-acidente-com-caminhao-em-picos\/#primaryimage"},"thumbnailUrl":"","datePublished":"2023-07-14T20:57:38+00:00","dateModified":"2023-07-14T20:57:38+00:00","author":{"@id":"https:\/\/portalnpm.com\/#\/schema\/person\/49313e563cfdefcc167f1ee4c017c294"},"breadcrumb":{"@id":"https:\/\/portalnpm.com\/index.php\/2023\/07\/14\/morre-motociclista-envolvido-em-acidente-com-caminhao-em-picos\/#breadcrumb"},"inLanguage":"pt-BR","potentialAction":[{"@type":"ReadAction","target":["https:\/\/portalnpm.com\/index.php\/2023\/07\/14\/morre-motociclista-envolvido-em-acidente-com-caminhao-em-picos\/"]}]},{"@type":"ImageObject","inLanguage":"pt-BR","@id":"https:\/\/portalnpm.com\/index.php\/2023\/07\/14\/morre-motociclista-envolvido-em-acidente-com-caminhao-em-picos\/#primaryimage","url":"","contentUrl":""},{"@type":"BreadcrumbList","@id":"https:\/\/portalnpm.com\/index.php\/2023\/07\/14\/morre-motociclista-envolvido-em-acidente-com-caminhao-em-picos\/#breadcrumb","itemListElement":[{"@type":"ListItem","position":1,"name":"In\u00edcio","item":"https:\/\/portalnpm.com\/"},{"@type":"ListItem","position":2,"name":"Morre motociclista envolvido em acidente com caminh\u00e3o em Picos"}]},{"@type":"WebSite","@id":"https:\/\/portalnpm.com\/#website","url":"https:\/\/portalnpm.com\/","name":"Portal NPM","description":"Not\u00edcias em Primeira M\u00e3o","potentialAction":[{"@type":"SearchAction","target":{"@type":"EntryPoint","urlTemplate":"https:\/\/portalnpm.com\/?s={search_term_string}"},"query-input":"required name=search_term_string"}],"inLanguage":"pt-BR"},{"@type":"Person","@id":"https:\/\/portalnpm.com\/#\/schema\/person\/49313e563cfdefcc167f1ee4c017c294","name":"Genival Barbosa","image":{"@type":"ImageObject","inLanguage":"pt-BR","@id":"https:\/\/portalnpm.com\/#\/schema\/person\/image\/","url":"https:\/\/portalnpm.com\/wp-content\/uploads\/2024\/02\/avatar_user_2_1707743258-96x96.jpeg","contentUrl":"https:\/\/portalnpm.com\/wp-content\/uploads\/2024\/02\/avatar_user_2_1707743258-96x96.jpeg","caption":"Genival Barbosa"},"url":"https:\/\/portalnpm.com\/index.php\/author\/genival\/"}]}},"jetpack_sharing_enabled":true,"jetpack_featured_media_url":"","_links":{"self":[{"href":"https:\/\/portalnpm.com\/index.php\/wp-json\/wp\/v2\/posts\/47641"}],"collection":[{"href":"https:\/\/portalnpm.com\/index.php\/wp-json\/wp\/v2\/posts"}],"about":[{"href":"https:\/\/portalnpm.com\/index.php\/wp-json\/wp\/v2\/types\/post"}],"author":[{"embeddable":true,"href":"https:\/\/portalnpm.com\/index.php\/wp-json\/wp\/v2\/users\/2"}],"replies":[{"embeddable":true,"href":"https:\/\/portalnpm.com\/index.php\/wp-json\/wp\/v2\/comments?post=47641"}],"version-history":[{"count":0,"href":"https:\/\/portalnpm.com\/index.php\/wp-json\/wp\/v2\/posts\/47641\/revisions"}],"wp:featuredmedia":[{"embeddable":true,"href":"https:\/\/portalnpm.com\/index.php\/wp-json\/"}],"wp:attachment":[{"href":"https:\/\/portalnpm.com\/index.php\/wp-json\/wp\/v2\/media?parent=47641"}],"wp:term":[{"taxonomy":"category","embeddable":true,"href":"https:\/\/portalnpm.com\/index.php\/wp-json\/wp\/v2\/categories?post=47641"},{"taxonomy":"post_tag","embeddable":true,"href":"https:\/\/portalnpm.com\/index.php\/wp-json\/wp\/v2\/tags?post=47641"}],"curies":[{"name":"wp","href":"https:\/\/api.w.org\/{rel}","templated":true}]}}