{"id":47647,"date":"2023-07-14T18:05:56","date_gmt":"2023-07-14T21:05:56","guid":{"rendered":"https:\/\/portalnpm.com\/?p=47647"},"modified":"2023-07-14T18:05:56","modified_gmt":"2023-07-14T21:05:56","slug":"quem-e-celso-sabino-o-novo-ministro-do-turismo-de-lula","status":"publish","type":"post","link":"https:\/\/portalnpm.com\/index.php\/2023\/07\/14\/quem-e-celso-sabino-o-novo-ministro-do-turismo-de-lula\/","title":{"rendered":"Quem \u00e9 Celso Sabino, o novo ministro do Turismo de Lula"},"content":{"rendered":"<p style=\"text-align: justify;\">O presidente Luiz In\u00e1cio Lula da Silva (PT) oficializou nesta quinta-feira (13) o nome do deputado federal Celso Sabino (Uni\u00e3o Brasil-PA) para o comando do Minist\u00e9rio do Turismo. Ele assumir\u00e1 o lugar de Daniela Carneiro, que deixou a pasta ap\u00f3s um pedido do Uni\u00e3o Brasil.<\/p>\n<p style=\"text-align: justify;\">\n<p style=\"text-align: justify;\">O parlamentar se reuniu com Lula na tarde desta quinta (13) e ouviu do petista as a\u00e7\u00f5es que deseja para implementar no minist\u00e9rio. Antes, ele tinha se encontrado com Lula apenas uma vez, em um evento no Par\u00e1.<\/p>\n<p style=\"text-align: justify;\"><strong>Quem \u00e9 Celso Sabino, novo ministro do Turismo<\/strong><\/p>\n<p style=\"text-align: justify;\">Deputado Federal pelo Par\u00e1, Celso Sabino de Oliveira (Uni\u00e3o-PA) nasceu em Bel\u00e9m, em 29 de agosto de 1978. Escolhido para substituir\u00a0 Daniela Carneiro (Uni\u00e3o-RJ) na pasta do Turismo no governo Lula, Sabino \u00e9 ex-tucano, evang\u00e9lico, aliado do presidente da C\u00e2mara, Arthur Lira (PP-AL), e esteve lado a lado com o Jair Bolsonaro (PL) durante os quatro anos de sua gest\u00e3o.<\/p>\n<p style=\"text-align: justify;\">Graduado em administra\u00e7\u00e3o e direito, possui p\u00f3s-gradua\u00e7\u00e3o em Controladoria, Auditoria e Gest\u00e3o Financeira e doutorado em Ci\u00eancias Jur\u00eddicas e Sociais.\u00a0 Sabino iniciou sua carreira p\u00fablica apenas em 2011, aos 44 anos, quando foi eleito deputado estadual suplente em Bel\u00e9m, pelo antigo PR.<\/p>\n<p style=\"text-align: justify;\">No ano seguinte, foi nomeado secret\u00e1rio estadual na Seter (Secretaria de Trabalho, Emprego e Renda). J\u00e1 em 2013, o paraense se filiou ao PSDB e foi eleito deputado estadual.<\/p>\n<p style=\"text-align: justify;\">Nas elei\u00e7\u00f5es de 2018, Sabino foi eleito deputado federal pelo PSDB. Um dos principais aliados de A\u00e9cio Neves (MG) na C\u00e2mara dos Deputados, o paraense foi o relator do pedido de expuls\u00e3o do mineiro em 2019, que acabou rejeitado pela Executiva da sigla.<\/p>\n<p style=\"text-align: justify;\">Os conflitos no PSDB tiveram in\u00edcio em 2020, quando Sabino se aproximou do atual presidente da C\u00e2mara, Arthur Lira, e do Centr\u00e3o. No mesmo ano, o pol\u00edtico postou uma foto ao lado do ex-presidente Jair Bolsonaro \u2014 o que incomodou ainda mais os tucanos. Apesar de n\u00e3o explicitar o apoio ao ex-mandat\u00e1rio, Sabino afirmou ser \u201cA favor do Brasil\u201d. Em 2021, ele anunciou a sa\u00edda do partido.<\/p>\n<p style=\"text-align: justify;\"><strong>Passado de conflito com Lula<\/strong><\/p>\n<p style=\"text-align: justify;\">Em 2016, o pol\u00edtico chegou a condenar a indica\u00e7\u00e3o de Lula como ministro da Casa Civil pela ent\u00e3o presidente Dilma Rousseff. Sabino chegou a insinuar que existia uma estrat\u00e9gia do PT para que Lula, que estava sendo investigado pela opera\u00e7\u00e3o Lava Jato, conseguisse garantir foro privilegiado.<\/p>\n<p style=\"text-align: justify;\">\u201cAconteceu o que era previsto. O ex-presidente Luiz In\u00e1cio Lula da Silva acaba de ser empossado como novo ministro da presidente Dilma, ele assume a Casa Civil. Sem ouvir o clamor das ruas, sem observar aquilo que os cidad\u00e3os e cidad\u00e3s brasileiras pedem. A chefa do Executivo nacional aceitou a manobra do seu partido para garantir o foro privilegiado ao homem que poderia ser preso por crimes como lavagem de dinheiro para n\u00e3o citar outros. Assim caminha a atual conjuntura pol\u00edtica brasileira\u201d, disse Sabino em uma publica\u00e7\u00e3o no Facebook, que foi apagada posteriormente.<\/p>\n<p style=\"text-align: justify;\"><strong>Alinhamento com o bolsonarismo<\/strong><\/p>\n<p style=\"text-align: justify;\">Durante o governo de Jair Bolsonaro (PL), o deputado federal demonstrou forte apoio e alinhamento ao capit\u00e3o da reserva durante os quatro anos de seu governo.<\/p>\n<p style=\"text-align: justify;\">Apontado como \u201cbolsonarista\u201d pelo prefeito de Belford Roxo, Waguinho, marido de Daniela Carneiro, Sabino chegou a viajar com o ex-presidente e apoiar decis\u00f5es de Bolsonaro durante a pandemia, como a indica\u00e7\u00e3o de Marcelo Queiroga a pasta da Sa\u00fade.<\/p>\n<p style=\"text-align: justify;\">\u201cEle domina bastante, transita bem nos temas relacionados \u00e0 ci\u00eancia e est\u00e1 com muta disposi\u00e7\u00e3o. Ministro, conte com nosso irrestrito apoio\u201d, disse Sabino em um v\u00eddeo ao lado do ent\u00e3o ministro Marcelo Queiroga.<\/p>\n<p style=\"text-align: justify;\">A rela\u00e7\u00e3o de Sabino com Bolsonaro tamb\u00e9m foi evidenciada pelas grandes quantias do Or\u00e7amento Secreto direcionadas ao parlamentar. Sabino se beneficou de, pelo menos, R$ 27,2 milh\u00f5es de verbas em 2022. No mesmo ano, o pol\u00edtico esteve entre os 30 deputados federais que mais indicaram recursos \u2014 R$ 54,1 milh\u00f5es.<\/p>\n<p style=\"text-align: justify;\">Fonte: Br Hoje<\/p>\n","protected":false},"excerpt":{"rendered":"<p>O presidente Luiz In\u00e1cio Lula da Silva (PT) oficializou nesta quinta-feira (13) o nome do deputado federal Celso Sabino (Uni\u00e3o Brasil-PA) para o comando do Minist\u00e9rio do Turismo. Ele assumir\u00e1 o lugar de Daniela Carneiro, que deixou a pasta ap\u00f3s um pedido do Uni\u00e3o Brasil. O parlamentar se reuniu com Lula na tarde desta quinta &hellip;<\/p>\n","protected":false},"author":2,"featured_media":47648,"comment_status":"open","ping_status":"open","sticky":false,"template":"","format":"standard","meta":{"content-type":"","rop_custom_images_group":[],"rop_custom_messages_group":[],"rop_publish_now":"initial","rop_publish_now_accounts":{"facebook_2648258775420054_1618374048415101":""},"rop_publish_now_history":[],"rop_publish_now_status":"pending","footnotes":"","_jetpack_memberships_contains_paid_content":false},"categories":[130],"tags":[1253,1105,3395],"yoast_head":"<!-- This site is optimized with the Yoast SEO plugin v22.3 - https:\/\/yoast.com\/wordpress\/plugins\/seo\/ -->\n<title>Quem \u00e9 Celso Sabino, o novo ministro do Turismo de Lula - Portal NPM<\/title>\n<meta name=\"robots\" content=\"index, follow, max-snippet:-1, max-image-preview:large, max-video-preview:-1\" \/>\n<link rel=\"canonical\" href=\"https:\/\/portalnpm.com\/index.php\/2023\/07\/14\/quem-e-celso-sabino-o-novo-ministro-do-turismo-de-lula\/\" \/>\n<meta property=\"og:locale\" content=\"pt_BR\" \/>\n<meta property=\"og:type\" content=\"article\" \/>\n<meta property=\"og:title\" content=\"Quem \u00e9 Celso Sabino, o novo ministro do Turismo de Lula - Portal NPM\" \/>\n<meta property=\"og:description\" content=\"O presidente Luiz In\u00e1cio Lula da Silva (PT) oficializou nesta quinta-feira (13) o nome do deputado federal Celso Sabino (Uni\u00e3o Brasil-PA) para o comando do Minist\u00e9rio do Turismo. Ele assumir\u00e1 o lugar de Daniela Carneiro, que deixou a pasta ap\u00f3s um pedido do Uni\u00e3o Brasil. O parlamentar se reuniu com Lula na tarde desta quinta &hellip;\" \/>\n<meta property=\"og:url\" content=\"https:\/\/portalnpm.com\/index.php\/2023\/07\/14\/quem-e-celso-sabino-o-novo-ministro-do-turismo-de-lula\/\" \/>\n<meta property=\"og:site_name\" content=\"Portal NPM\" \/>\n<meta property=\"article:published_time\" content=\"2023-07-14T21:05:56+00:00\" \/>\n<meta name=\"author\" content=\"Genival Barbosa\" \/>\n<meta name=\"twitter:card\" content=\"summary_large_image\" \/>\n<meta name=\"twitter:label1\" content=\"Escrito por\" \/>\n\t<meta name=\"twitter:data1\" content=\"Genival Barbosa\" \/>\n\t<meta name=\"twitter:label2\" content=\"Est. tempo de leitura\" \/>\n\t<meta name=\"twitter:data2\" content=\"4 minutos\" \/>\n<script type=\"application\/ld+json\" class=\"yoast-schema-graph\">{\"@context\":\"https:\/\/schema.org\",\"@graph\":[{\"@type\":\"WebPage\",\"@id\":\"https:\/\/portalnpm.com\/index.php\/2023\/07\/14\/quem-e-celso-sabino-o-novo-ministro-do-turismo-de-lula\/\",\"url\":\"https:\/\/portalnpm.com\/index.php\/2023\/07\/14\/quem-e-celso-sabino-o-novo-ministro-do-turismo-de-lula\/\",\"name\":\"Quem \u00e9 Celso Sabino, o novo ministro do Turismo de Lula - Portal NPM\",\"isPartOf\":{\"@id\":\"https:\/\/portalnpm.com\/#website\"},\"primaryImageOfPage\":{\"@id\":\"https:\/\/portalnpm.com\/index.php\/2023\/07\/14\/quem-e-celso-sabino-o-novo-ministro-do-turismo-de-lula\/#primaryimage\"},\"image\":{\"@id\":\"https:\/\/portalnpm.com\/index.php\/2023\/07\/14\/quem-e-celso-sabino-o-novo-ministro-do-turismo-de-lula\/#primaryimage\"},\"thumbnailUrl\":\"\",\"datePublished\":\"2023-07-14T21:05:56+00:00\",\"dateModified\":\"2023-07-14T21:05:56+00:00\",\"author\":{\"@id\":\"https:\/\/portalnpm.com\/#\/schema\/person\/49313e563cfdefcc167f1ee4c017c294\"},\"breadcrumb\":{\"@id\":\"https:\/\/portalnpm.com\/index.php\/2023\/07\/14\/quem-e-celso-sabino-o-novo-ministro-do-turismo-de-lula\/#breadcrumb\"},\"inLanguage\":\"pt-BR\",\"potentialAction\":[{\"@type\":\"ReadAction\",\"target\":[\"https:\/\/portalnpm.com\/index.php\/2023\/07\/14\/quem-e-celso-sabino-o-novo-ministro-do-turismo-de-lula\/\"]}]},{\"@type\":\"ImageObject\",\"inLanguage\":\"pt-BR\",\"@id\":\"https:\/\/portalnpm.com\/index.php\/2023\/07\/14\/quem-e-celso-sabino-o-novo-ministro-do-turismo-de-lula\/#primaryimage\",\"url\":\"\",\"contentUrl\":\"\"},{\"@type\":\"BreadcrumbList\",\"@id\":\"https:\/\/portalnpm.com\/index.php\/2023\/07\/14\/quem-e-celso-sabino-o-novo-ministro-do-turismo-de-lula\/#breadcrumb\",\"itemListElement\":[{\"@type\":\"ListItem\",\"position\":1,\"name\":\"In\u00edcio\",\"item\":\"https:\/\/portalnpm.com\/\"},{\"@type\":\"ListItem\",\"position\":2,\"name\":\"Quem \u00e9 Celso Sabino, o novo ministro do Turismo de Lula\"}]},{\"@type\":\"WebSite\",\"@id\":\"https:\/\/portalnpm.com\/#website\",\"url\":\"https:\/\/portalnpm.com\/\",\"name\":\"Portal NPM\",\"description\":\"Not\u00edcias em Primeira M\u00e3o\",\"potentialAction\":[{\"@type\":\"SearchAction\",\"target\":{\"@type\":\"EntryPoint\",\"urlTemplate\":\"https:\/\/portalnpm.com\/?s={search_term_string}\"},\"query-input\":\"required name=search_term_string\"}],\"inLanguage\":\"pt-BR\"},{\"@type\":\"Person\",\"@id\":\"https:\/\/portalnpm.com\/#\/schema\/person\/49313e563cfdefcc167f1ee4c017c294\",\"name\":\"Genival Barbosa\",\"image\":{\"@type\":\"ImageObject\",\"inLanguage\":\"pt-BR\",\"@id\":\"https:\/\/portalnpm.com\/#\/schema\/person\/image\/\",\"url\":\"https:\/\/portalnpm.com\/wp-content\/uploads\/2024\/02\/avatar_user_2_1707743258-96x96.jpeg\",\"contentUrl\":\"https:\/\/portalnpm.com\/wp-content\/uploads\/2024\/02\/avatar_user_2_1707743258-96x96.jpeg\",\"caption\":\"Genival Barbosa\"},\"url\":\"https:\/\/portalnpm.com\/index.php\/author\/genival\/\"}]}<\/script>\n<!-- \/ Yoast SEO plugin. -->","yoast_head_json":{"title":"Quem \u00e9 Celso Sabino, o novo ministro do Turismo de Lula - Portal NPM","robots":{"index":"index","follow":"follow","max-snippet":"max-snippet:-1","max-image-preview":"max-image-preview:large","max-video-preview":"max-video-preview:-1"},"canonical":"https:\/\/portalnpm.com\/index.php\/2023\/07\/14\/quem-e-celso-sabino-o-novo-ministro-do-turismo-de-lula\/","og_locale":"pt_BR","og_type":"article","og_title":"Quem \u00e9 Celso Sabino, o novo ministro do Turismo de Lula - Portal NPM","og_description":"O presidente Luiz In\u00e1cio Lula da Silva (PT) oficializou nesta quinta-feira (13) o nome do deputado federal Celso Sabino (Uni\u00e3o Brasil-PA) para o comando do Minist\u00e9rio do Turismo. Ele assumir\u00e1 o lugar de Daniela Carneiro, que deixou a pasta ap\u00f3s um pedido do Uni\u00e3o Brasil. O parlamentar se reuniu com Lula na tarde desta quinta &hellip;","og_url":"https:\/\/portalnpm.com\/index.php\/2023\/07\/14\/quem-e-celso-sabino-o-novo-ministro-do-turismo-de-lula\/","og_site_name":"Portal NPM","article_published_time":"2023-07-14T21:05:56+00:00","author":"Genival Barbosa","twitter_card":"summary_large_image","twitter_misc":{"Escrito por":"Genival Barbosa","Est. tempo de leitura":"4 minutos"},"schema":{"@context":"https:\/\/schema.org","@graph":[{"@type":"WebPage","@id":"https:\/\/portalnpm.com\/index.php\/2023\/07\/14\/quem-e-celso-sabino-o-novo-ministro-do-turismo-de-lula\/","url":"https:\/\/portalnpm.com\/index.php\/2023\/07\/14\/quem-e-celso-sabino-o-novo-ministro-do-turismo-de-lula\/","name":"Quem \u00e9 Celso Sabino, o novo ministro do Turismo de Lula - Portal NPM","isPartOf":{"@id":"https:\/\/portalnpm.com\/#website"},"primaryImageOfPage":{"@id":"https:\/\/portalnpm.com\/index.php\/2023\/07\/14\/quem-e-celso-sabino-o-novo-ministro-do-turismo-de-lula\/#primaryimage"},"image":{"@id":"https:\/\/portalnpm.com\/index.php\/2023\/07\/14\/quem-e-celso-sabino-o-novo-ministro-do-turismo-de-lula\/#primaryimage"},"thumbnailUrl":"","datePublished":"2023-07-14T21:05:56+00:00","dateModified":"2023-07-14T21:05:56+00:00","author":{"@id":"https:\/\/portalnpm.com\/#\/schema\/person\/49313e563cfdefcc167f1ee4c017c294"},"breadcrumb":{"@id":"https:\/\/portalnpm.com\/index.php\/2023\/07\/14\/quem-e-celso-sabino-o-novo-ministro-do-turismo-de-lula\/#breadcrumb"},"inLanguage":"pt-BR","potentialAction":[{"@type":"ReadAction","target":["https:\/\/portalnpm.com\/index.php\/2023\/07\/14\/quem-e-celso-sabino-o-novo-ministro-do-turismo-de-lula\/"]}]},{"@type":"ImageObject","inLanguage":"pt-BR","@id":"https:\/\/portalnpm.com\/index.php\/2023\/07\/14\/quem-e-celso-sabino-o-novo-ministro-do-turismo-de-lula\/#primaryimage","url":"","contentUrl":""},{"@type":"BreadcrumbList","@id":"https:\/\/portalnpm.com\/index.php\/2023\/07\/14\/quem-e-celso-sabino-o-novo-ministro-do-turismo-de-lula\/#breadcrumb","itemListElement":[{"@type":"ListItem","position":1,"name":"In\u00edcio","item":"https:\/\/portalnpm.com\/"},{"@type":"ListItem","position":2,"name":"Quem \u00e9 Celso Sabino, o novo ministro do Turismo de Lula"}]},{"@type":"WebSite","@id":"https:\/\/portalnpm.com\/#website","url":"https:\/\/portalnpm.com\/","name":"Portal NPM","description":"Not\u00edcias em Primeira M\u00e3o","potentialAction":[{"@type":"SearchAction","target":{"@type":"EntryPoint","urlTemplate":"https:\/\/portalnpm.com\/?s={search_term_string}"},"query-input":"required name=search_term_string"}],"inLanguage":"pt-BR"},{"@type":"Person","@id":"https:\/\/portalnpm.com\/#\/schema\/person\/49313e563cfdefcc167f1ee4c017c294","name":"Genival Barbosa","image":{"@type":"ImageObject","inLanguage":"pt-BR","@id":"https:\/\/portalnpm.com\/#\/schema\/person\/image\/","url":"https:\/\/portalnpm.com\/wp-content\/uploads\/2024\/02\/avatar_user_2_1707743258-96x96.jpeg","contentUrl":"https:\/\/portalnpm.com\/wp-content\/uploads\/2024\/02\/avatar_user_2_1707743258-96x96.jpeg","caption":"Genival Barbosa"},"url":"https:\/\/portalnpm.com\/index.php\/author\/genival\/"}]}},"jetpack_sharing_enabled":true,"jetpack_featured_media_url":"","_links":{"self":[{"href":"https:\/\/portalnpm.com\/index.php\/wp-json\/wp\/v2\/posts\/47647"}],"collection":[{"href":"https:\/\/portalnpm.com\/index.php\/wp-json\/wp\/v2\/posts"}],"about":[{"href":"https:\/\/portalnpm.com\/index.php\/wp-json\/wp\/v2\/types\/post"}],"author":[{"embeddable":true,"href":"https:\/\/portalnpm.com\/index.php\/wp-json\/wp\/v2\/users\/2"}],"replies":[{"embeddable":true,"href":"https:\/\/portalnpm.com\/index.php\/wp-json\/wp\/v2\/comments?post=47647"}],"version-history":[{"count":0,"href":"https:\/\/portalnpm.com\/index.php\/wp-json\/wp\/v2\/posts\/47647\/revisions"}],"wp:featuredmedia":[{"embeddable":true,"href":"https:\/\/portalnpm.com\/index.php\/wp-json\/"}],"wp:attachment":[{"href":"https:\/\/portalnpm.com\/index.php\/wp-json\/wp\/v2\/media?parent=47647"}],"wp:term":[{"taxonomy":"category","embeddable":true,"href":"https:\/\/portalnpm.com\/index.php\/wp-json\/wp\/v2\/categories?post=47647"},{"taxonomy":"post_tag","embeddable":true,"href":"https:\/\/portalnpm.com\/index.php\/wp-json\/wp\/v2\/tags?post=47647"}],"curies":[{"name":"wp","href":"https:\/\/api.w.org\/{rel}","templated":true}]}}