{"id":47655,"date":"2023-07-15T12:09:17","date_gmt":"2023-07-15T15:09:17","guid":{"rendered":"https:\/\/portalnpm.com\/?p=47655"},"modified":"2023-07-15T12:09:17","modified_gmt":"2023-07-15T15:09:17","slug":"piauiense-fatura-medalha-de-prata-no-mundial-de-atletismo-paralimpico","status":"publish","type":"post","link":"https:\/\/portalnpm.com\/index.php\/2023\/07\/15\/piauiense-fatura-medalha-de-prata-no-mundial-de-atletismo-paralimpico\/","title":{"rendered":"Piauiense fatura medalha de prata no Mundial de Atletismo Paral\u00edmpico"},"content":{"rendered":"<p style=\"text-align: justify;\">A piauiense Ant\u00f4nia Keyla conquistou a medalha de prata na prova dos 1.500m da clase T20 (defici\u00eancia intelectual) no Mundial de Atletismo Paral\u00edmpico, que acontece em Paris, Fran\u00e7a.<\/p>\n<p style=\"text-align: justify;\">\n<p style=\"text-align: justify;\">Agora, Ant\u00f4nia \u00e9 dona do novo recorde das Am\u00e9ricas na categoria. A atleta fez a marca de 4min30s75 e superou o tempo (4min54s58) registrado pela norte-americana, Kaitlin Bounds, em 2017.<\/p>\n<p style=\"text-align: justify;\">Ant\u00f4nia Keyla participou pela primeira vez do mundial, na condi\u00e7\u00e3o de atleta. Antes ela atuou coma atleta-guia.<\/p>\n<p style=\"text-align: justify;\">\u201cN\u00e3o tem explica\u00e7\u00e3o. Demorei a chegar aqui. Essa medalha de prata \u00e9 muito importante para mim, \u00e9 a realiza\u00e7\u00e3o de um sonho. Por v\u00e1rios momentos da minha vida, pensei em parar. Mas eu continuei e hoje fui premiada por isso\u201d, disse Ant\u00f4nia Keyla, que terminou a prova somente atr\u00e1s da polonesa Barbara Bieganowska, com 4min28s66.<\/p>\n<p style=\"text-align: justify;\">O Brasil est\u00e1 representado por 54 atletas de 19 Estados e 11 atletas-guia na competi\u00e7\u00e3o. O Mundial de atletismo de Paris \u00e9 o primeiro da modalidade ap\u00f3s os Jogos Paral\u00edmpicos de T\u00f3quio 2020 e acontece no Est\u00e1dio Charlety. O local tem capacidade para 20 mil pessoas e pertence ao clube de futebol Paris FC, da segunda divis\u00e3o francesa.<\/p>\n<p style=\"text-align: justify;\">\n<p style=\"text-align: justify;\"><strong>Atleta do Maranh\u00e3o ganha bronze<\/strong><\/p>\n<p style=\"text-align: justify;\">O maranhense Bartolomeu Silva, 22, fez a sua melhor marca da temporada, 53s04, e conquistou a medalha de bronze nos 400m T37 (paralisados cerebrais). Nesta categoria, o ouro ficou com o ucraniano Yaroslav Okapinskyi (52s23), e a prata com o polon\u00eas Michal Kotkowsi (52s62).<\/p>\n<p style=\"text-align: justify;\"><em>Adriana Magalh\u00e3es, com informa\u00e7\u00f5es do Comit\u00ea Paral\u00edmpico Brasileiro<br \/>\nredacao@cidadeverde.com<\/em><\/p>\n","protected":false},"excerpt":{"rendered":"<p>A piauiense Ant\u00f4nia Keyla conquistou a medalha de prata na prova dos 1.500m da clase T20 (defici\u00eancia intelectual) no Mundial de Atletismo Paral\u00edmpico, que acontece em Paris, Fran\u00e7a. Agora, Ant\u00f4nia \u00e9 dona do novo recorde das Am\u00e9ricas na categoria. A atleta fez a marca de 4min30s75 e superou o tempo (4min54s58) registrado pela norte-americana, Kaitlin &hellip;<\/p>\n","protected":false},"author":2,"featured_media":47656,"comment_status":"open","ping_status":"open","sticky":false,"template":"","format":"standard","meta":{"content-type":"","rop_custom_images_group":[],"rop_custom_messages_group":[],"rop_publish_now":"initial","rop_publish_now_accounts":{"facebook_2648258775420054_1618374048415101":""},"rop_publish_now_history":[],"rop_publish_now_status":"pending","footnotes":"","_jetpack_memberships_contains_paid_content":false},"categories":[108],"tags":[1349,14567,608],"yoast_head":"<!-- This site is optimized with the Yoast SEO plugin v22.3 - https:\/\/yoast.com\/wordpress\/plugins\/seo\/ -->\n<title>Piauiense fatura medalha de prata no Mundial de Atletismo Paral\u00edmpico - Portal NPM<\/title>\n<meta name=\"robots\" content=\"index, follow, max-snippet:-1, max-image-preview:large, max-video-preview:-1\" \/>\n<link rel=\"canonical\" href=\"https:\/\/portalnpm.com\/index.php\/2023\/07\/15\/piauiense-fatura-medalha-de-prata-no-mundial-de-atletismo-paralimpico\/\" \/>\n<meta property=\"og:locale\" content=\"pt_BR\" \/>\n<meta property=\"og:type\" content=\"article\" \/>\n<meta property=\"og:title\" content=\"Piauiense fatura medalha de prata no Mundial de Atletismo Paral\u00edmpico - Portal NPM\" \/>\n<meta property=\"og:description\" content=\"A piauiense Ant\u00f4nia Keyla conquistou a medalha de prata na prova dos 1.500m da clase T20 (defici\u00eancia intelectual) no Mundial de Atletismo Paral\u00edmpico, que acontece em Paris, Fran\u00e7a. Agora, Ant\u00f4nia \u00e9 dona do novo recorde das Am\u00e9ricas na categoria. A atleta fez a marca de 4min30s75 e superou o tempo (4min54s58) registrado pela norte-americana, Kaitlin &hellip;\" \/>\n<meta property=\"og:url\" content=\"https:\/\/portalnpm.com\/index.php\/2023\/07\/15\/piauiense-fatura-medalha-de-prata-no-mundial-de-atletismo-paralimpico\/\" \/>\n<meta property=\"og:site_name\" content=\"Portal NPM\" \/>\n<meta property=\"article:published_time\" content=\"2023-07-15T15:09:17+00:00\" \/>\n<meta name=\"author\" content=\"Genival Barbosa\" \/>\n<meta name=\"twitter:card\" content=\"summary_large_image\" \/>\n<meta name=\"twitter:label1\" content=\"Escrito por\" \/>\n\t<meta name=\"twitter:data1\" content=\"Genival Barbosa\" \/>\n\t<meta name=\"twitter:label2\" content=\"Est. tempo de leitura\" \/>\n\t<meta name=\"twitter:data2\" content=\"2 minutos\" \/>\n<script type=\"application\/ld+json\" class=\"yoast-schema-graph\">{\"@context\":\"https:\/\/schema.org\",\"@graph\":[{\"@type\":\"WebPage\",\"@id\":\"https:\/\/portalnpm.com\/index.php\/2023\/07\/15\/piauiense-fatura-medalha-de-prata-no-mundial-de-atletismo-paralimpico\/\",\"url\":\"https:\/\/portalnpm.com\/index.php\/2023\/07\/15\/piauiense-fatura-medalha-de-prata-no-mundial-de-atletismo-paralimpico\/\",\"name\":\"Piauiense fatura medalha de prata no Mundial de Atletismo Paral\u00edmpico - Portal NPM\",\"isPartOf\":{\"@id\":\"https:\/\/portalnpm.com\/#website\"},\"primaryImageOfPage\":{\"@id\":\"https:\/\/portalnpm.com\/index.php\/2023\/07\/15\/piauiense-fatura-medalha-de-prata-no-mundial-de-atletismo-paralimpico\/#primaryimage\"},\"image\":{\"@id\":\"https:\/\/portalnpm.com\/index.php\/2023\/07\/15\/piauiense-fatura-medalha-de-prata-no-mundial-de-atletismo-paralimpico\/#primaryimage\"},\"thumbnailUrl\":\"\",\"datePublished\":\"2023-07-15T15:09:17+00:00\",\"dateModified\":\"2023-07-15T15:09:17+00:00\",\"author\":{\"@id\":\"https:\/\/portalnpm.com\/#\/schema\/person\/49313e563cfdefcc167f1ee4c017c294\"},\"breadcrumb\":{\"@id\":\"https:\/\/portalnpm.com\/index.php\/2023\/07\/15\/piauiense-fatura-medalha-de-prata-no-mundial-de-atletismo-paralimpico\/#breadcrumb\"},\"inLanguage\":\"pt-BR\",\"potentialAction\":[{\"@type\":\"ReadAction\",\"target\":[\"https:\/\/portalnpm.com\/index.php\/2023\/07\/15\/piauiense-fatura-medalha-de-prata-no-mundial-de-atletismo-paralimpico\/\"]}]},{\"@type\":\"ImageObject\",\"inLanguage\":\"pt-BR\",\"@id\":\"https:\/\/portalnpm.com\/index.php\/2023\/07\/15\/piauiense-fatura-medalha-de-prata-no-mundial-de-atletismo-paralimpico\/#primaryimage\",\"url\":\"\",\"contentUrl\":\"\"},{\"@type\":\"BreadcrumbList\",\"@id\":\"https:\/\/portalnpm.com\/index.php\/2023\/07\/15\/piauiense-fatura-medalha-de-prata-no-mundial-de-atletismo-paralimpico\/#breadcrumb\",\"itemListElement\":[{\"@type\":\"ListItem\",\"position\":1,\"name\":\"In\u00edcio\",\"item\":\"https:\/\/portalnpm.com\/\"},{\"@type\":\"ListItem\",\"position\":2,\"name\":\"Piauiense fatura medalha de prata no Mundial de Atletismo Paral\u00edmpico\"}]},{\"@type\":\"WebSite\",\"@id\":\"https:\/\/portalnpm.com\/#website\",\"url\":\"https:\/\/portalnpm.com\/\",\"name\":\"Portal NPM\",\"description\":\"Not\u00edcias em Primeira M\u00e3o\",\"potentialAction\":[{\"@type\":\"SearchAction\",\"target\":{\"@type\":\"EntryPoint\",\"urlTemplate\":\"https:\/\/portalnpm.com\/?s={search_term_string}\"},\"query-input\":\"required name=search_term_string\"}],\"inLanguage\":\"pt-BR\"},{\"@type\":\"Person\",\"@id\":\"https:\/\/portalnpm.com\/#\/schema\/person\/49313e563cfdefcc167f1ee4c017c294\",\"name\":\"Genival Barbosa\",\"image\":{\"@type\":\"ImageObject\",\"inLanguage\":\"pt-BR\",\"@id\":\"https:\/\/portalnpm.com\/#\/schema\/person\/image\/\",\"url\":\"https:\/\/portalnpm.com\/wp-content\/uploads\/2024\/02\/avatar_user_2_1707743258-96x96.jpeg\",\"contentUrl\":\"https:\/\/portalnpm.com\/wp-content\/uploads\/2024\/02\/avatar_user_2_1707743258-96x96.jpeg\",\"caption\":\"Genival Barbosa\"},\"url\":\"https:\/\/portalnpm.com\/index.php\/author\/genival\/\"}]}<\/script>\n<!-- \/ Yoast SEO plugin. -->","yoast_head_json":{"title":"Piauiense fatura medalha de prata no Mundial de Atletismo Paral\u00edmpico - Portal NPM","robots":{"index":"index","follow":"follow","max-snippet":"max-snippet:-1","max-image-preview":"max-image-preview:large","max-video-preview":"max-video-preview:-1"},"canonical":"https:\/\/portalnpm.com\/index.php\/2023\/07\/15\/piauiense-fatura-medalha-de-prata-no-mundial-de-atletismo-paralimpico\/","og_locale":"pt_BR","og_type":"article","og_title":"Piauiense fatura medalha de prata no Mundial de Atletismo Paral\u00edmpico - Portal NPM","og_description":"A piauiense Ant\u00f4nia Keyla conquistou a medalha de prata na prova dos 1.500m da clase T20 (defici\u00eancia intelectual) no Mundial de Atletismo Paral\u00edmpico, que acontece em Paris, Fran\u00e7a. Agora, Ant\u00f4nia \u00e9 dona do novo recorde das Am\u00e9ricas na categoria. A atleta fez a marca de 4min30s75 e superou o tempo (4min54s58) registrado pela norte-americana, Kaitlin &hellip;","og_url":"https:\/\/portalnpm.com\/index.php\/2023\/07\/15\/piauiense-fatura-medalha-de-prata-no-mundial-de-atletismo-paralimpico\/","og_site_name":"Portal NPM","article_published_time":"2023-07-15T15:09:17+00:00","author":"Genival Barbosa","twitter_card":"summary_large_image","twitter_misc":{"Escrito por":"Genival Barbosa","Est. tempo de leitura":"2 minutos"},"schema":{"@context":"https:\/\/schema.org","@graph":[{"@type":"WebPage","@id":"https:\/\/portalnpm.com\/index.php\/2023\/07\/15\/piauiense-fatura-medalha-de-prata-no-mundial-de-atletismo-paralimpico\/","url":"https:\/\/portalnpm.com\/index.php\/2023\/07\/15\/piauiense-fatura-medalha-de-prata-no-mundial-de-atletismo-paralimpico\/","name":"Piauiense fatura medalha de prata no Mundial de Atletismo Paral\u00edmpico - Portal NPM","isPartOf":{"@id":"https:\/\/portalnpm.com\/#website"},"primaryImageOfPage":{"@id":"https:\/\/portalnpm.com\/index.php\/2023\/07\/15\/piauiense-fatura-medalha-de-prata-no-mundial-de-atletismo-paralimpico\/#primaryimage"},"image":{"@id":"https:\/\/portalnpm.com\/index.php\/2023\/07\/15\/piauiense-fatura-medalha-de-prata-no-mundial-de-atletismo-paralimpico\/#primaryimage"},"thumbnailUrl":"","datePublished":"2023-07-15T15:09:17+00:00","dateModified":"2023-07-15T15:09:17+00:00","author":{"@id":"https:\/\/portalnpm.com\/#\/schema\/person\/49313e563cfdefcc167f1ee4c017c294"},"breadcrumb":{"@id":"https:\/\/portalnpm.com\/index.php\/2023\/07\/15\/piauiense-fatura-medalha-de-prata-no-mundial-de-atletismo-paralimpico\/#breadcrumb"},"inLanguage":"pt-BR","potentialAction":[{"@type":"ReadAction","target":["https:\/\/portalnpm.com\/index.php\/2023\/07\/15\/piauiense-fatura-medalha-de-prata-no-mundial-de-atletismo-paralimpico\/"]}]},{"@type":"ImageObject","inLanguage":"pt-BR","@id":"https:\/\/portalnpm.com\/index.php\/2023\/07\/15\/piauiense-fatura-medalha-de-prata-no-mundial-de-atletismo-paralimpico\/#primaryimage","url":"","contentUrl":""},{"@type":"BreadcrumbList","@id":"https:\/\/portalnpm.com\/index.php\/2023\/07\/15\/piauiense-fatura-medalha-de-prata-no-mundial-de-atletismo-paralimpico\/#breadcrumb","itemListElement":[{"@type":"ListItem","position":1,"name":"In\u00edcio","item":"https:\/\/portalnpm.com\/"},{"@type":"ListItem","position":2,"name":"Piauiense fatura medalha de prata no Mundial de Atletismo Paral\u00edmpico"}]},{"@type":"WebSite","@id":"https:\/\/portalnpm.com\/#website","url":"https:\/\/portalnpm.com\/","name":"Portal NPM","description":"Not\u00edcias em Primeira M\u00e3o","potentialAction":[{"@type":"SearchAction","target":{"@type":"EntryPoint","urlTemplate":"https:\/\/portalnpm.com\/?s={search_term_string}"},"query-input":"required name=search_term_string"}],"inLanguage":"pt-BR"},{"@type":"Person","@id":"https:\/\/portalnpm.com\/#\/schema\/person\/49313e563cfdefcc167f1ee4c017c294","name":"Genival Barbosa","image":{"@type":"ImageObject","inLanguage":"pt-BR","@id":"https:\/\/portalnpm.com\/#\/schema\/person\/image\/","url":"https:\/\/portalnpm.com\/wp-content\/uploads\/2024\/02\/avatar_user_2_1707743258-96x96.jpeg","contentUrl":"https:\/\/portalnpm.com\/wp-content\/uploads\/2024\/02\/avatar_user_2_1707743258-96x96.jpeg","caption":"Genival Barbosa"},"url":"https:\/\/portalnpm.com\/index.php\/author\/genival\/"}]}},"jetpack_sharing_enabled":true,"jetpack_featured_media_url":"","_links":{"self":[{"href":"https:\/\/portalnpm.com\/index.php\/wp-json\/wp\/v2\/posts\/47655"}],"collection":[{"href":"https:\/\/portalnpm.com\/index.php\/wp-json\/wp\/v2\/posts"}],"about":[{"href":"https:\/\/portalnpm.com\/index.php\/wp-json\/wp\/v2\/types\/post"}],"author":[{"embeddable":true,"href":"https:\/\/portalnpm.com\/index.php\/wp-json\/wp\/v2\/users\/2"}],"replies":[{"embeddable":true,"href":"https:\/\/portalnpm.com\/index.php\/wp-json\/wp\/v2\/comments?post=47655"}],"version-history":[{"count":0,"href":"https:\/\/portalnpm.com\/index.php\/wp-json\/wp\/v2\/posts\/47655\/revisions"}],"wp:featuredmedia":[{"embeddable":true,"href":"https:\/\/portalnpm.com\/index.php\/wp-json\/"}],"wp:attachment":[{"href":"https:\/\/portalnpm.com\/index.php\/wp-json\/wp\/v2\/media?parent=47655"}],"wp:term":[{"taxonomy":"category","embeddable":true,"href":"https:\/\/portalnpm.com\/index.php\/wp-json\/wp\/v2\/categories?post=47655"},{"taxonomy":"post_tag","embeddable":true,"href":"https:\/\/portalnpm.com\/index.php\/wp-json\/wp\/v2\/tags?post=47655"}],"curies":[{"name":"wp","href":"https:\/\/api.w.org\/{rel}","templated":true}]}}