{"id":4769,"date":"2019-01-10T20:10:57","date_gmt":"2019-01-10T22:10:57","guid":{"rendered":"http:\/\/srv.portalnpm.com.br\/?p=4769"},"modified":"2019-01-10T20:10:57","modified_gmt":"2019-01-10T22:10:57","slug":"sao-juliao-pi-ganha-medico-brasileiro-que-substituira-cubano","status":"publish","type":"post","link":"https:\/\/portalnpm.com\/index.php\/2019\/01\/10\/sao-juliao-pi-ganha-medico-brasileiro-que-substituira-cubano\/","title":{"rendered":"S\u00e3o Juli\u00e3o \u2013 PI ganha m\u00e9dico brasileiro que substituir\u00e1 cubano"},"content":{"rendered":"<p style=\"text-align: justify;\">Foi apresentando ao munic\u00edpio de S\u00e3o Juli\u00e3o \u2013 PI, nesta ter\u00e7a-feira, 08 de janeiro, o novo profissional que substituir\u00e1 o m\u00e9dico cubano no servi\u00e7o de aten\u00e7\u00e3o b\u00e1sica pelo programa Mais M\u00e9dicos, do Governo Federal.<\/p>\n<p style=\"text-align: justify;\">Andr\u00e9 da Silva Carvalho, de 31 anos, \u00e9 filho de pais s\u00e3ojuli\u00e3oenses e \u00e9 formado em Medicina pelo Centro Universit\u00e1rio de Volta Redonda \u2013 UNIFOA, no estado do Rio de Janeiro.<\/p>\n<figure id=\"attachment_4770\" aria-describedby=\"caption-attachment-4770\" style=\"width: 300px\" class=\"wp-caption alignnone\"><img fetchpriority=\"high\" decoding=\"async\" class=\"size-medium wp-image-4770\" src=\"http:\/\/portalnpm.com.br\/wp-content\/uploads\/2019\/01\/dr-3-300x209.jpg\" alt=\"\" width=\"300\" height=\"209\" \/><figcaption id=\"caption-attachment-4770\" class=\"wp-caption-text\">Dr. Andr\u00e9 participa de reuni\u00e3o com equipe da Secretaria Municipal de Sa\u00fade<\/figcaption><\/figure>\n<p style=\"text-align: justify;\">Nesta quinta-feira, 10 de janeiro, o novo m\u00e9dico se reuniu com a equipe da Secretaria Municipal de Sa\u00fade de S\u00e3o Juli\u00e3o \u2013 PI e ap\u00f3s ser integrado \u00e0 equipe de aten\u00e7\u00e3o b\u00e1sica iniciou os atendimentos no Centro Municipal de Sa\u00fade Luiz Gonzaga da Rocha.<\/p>\n<p style=\"text-align: justify;\">Em conversa com a reda\u00e7\u00e3o do <strong><em>Portal \u00c9 Not\u00edcias<\/em><\/strong>, Dr. Andr\u00e9 disse que encara o desafio de trabalhar em S\u00e3o Juli\u00e3o \u2013 PI com uma enorme satisfa\u00e7\u00e3o.<\/p>\n<figure id=\"attachment_4771\" aria-describedby=\"caption-attachment-4771\" style=\"width: 300px\" class=\"wp-caption alignnone\"><img decoding=\"async\" class=\"size-medium wp-image-4771\" src=\"http:\/\/portalnpm.com.br\/wp-content\/uploads\/2019\/01\/dr-2-300x208.jpg\" alt=\"\" width=\"300\" height=\"208\" \/><figcaption id=\"caption-attachment-4771\" class=\"wp-caption-text\">Novo m\u00e9dico j\u00e1 integra equipe de aten\u00e7\u00e3o b\u00e1sica de S\u00e3o Juli\u00e3o \u2013 PI<\/figcaption><\/figure>\n<p style=\"text-align: justify;\">\u201c\u00c9 uma enorme satisfa\u00e7\u00e3o poder trabalhar na minha terra. Embora tenha sido criado no Rio de Janeiro, meu cora\u00e7\u00e3o sempre pediu para trabalhar em S\u00e3o Juli\u00e3o \u2013 PI. Desde que abriu a vaga no Mais M\u00e9dicos n\u00e3o pensei duas vezes e logo me inscrevi. Gra\u00e7as a Deus deu tudo certo e estou muito feliz por esse sonho realizado. Espero poder honrar e contribuir para a melhoria na sa\u00fade de nosso munic\u00edpio\u201d, disse.<\/p>\n<p><strong>Fonte<\/strong>: Portal \u00c9 Not\u00edcias<\/p>\n","protected":false},"excerpt":{"rendered":"<p>Foi apresentando ao munic\u00edpio de S\u00e3o Juli\u00e3o \u2013 PI, nesta ter\u00e7a-feira, 08 de janeiro, o novo profissional que substituir\u00e1 o m\u00e9dico cubano no servi\u00e7o de aten\u00e7\u00e3o b\u00e1sica pelo programa Mais M\u00e9dicos, do Governo Federal. Andr\u00e9 da Silva Carvalho, de 31 anos, \u00e9 filho de pais s\u00e3ojuli\u00e3oenses e \u00e9 formado em Medicina pelo Centro Universit\u00e1rio de &hellip;<\/p>\n","protected":false},"author":8,"featured_media":4772,"comment_status":"open","ping_status":"open","sticky":false,"template":"","format":"standard","meta":{"content-type":"","rop_custom_images_group":[],"rop_custom_messages_group":[],"rop_publish_now":"initial","rop_publish_now_accounts":{"facebook_2648258775420054_1618374048415101":""},"rop_publish_now_history":[],"rop_publish_now_status":"pending","footnotes":"","_jetpack_memberships_contains_paid_content":false},"categories":[113,136,384],"tags":[913,1928,1501,1929],"yoast_head":"<!-- This site is optimized with the Yoast SEO plugin v22.3 - https:\/\/yoast.com\/wordpress\/plugins\/seo\/ -->\n<title>S\u00e3o Juli\u00e3o \u2013 PI ganha m\u00e9dico brasileiro que substituir\u00e1 cubano - Portal NPM<\/title>\n<meta name=\"robots\" content=\"index, follow, max-snippet:-1, max-image-preview:large, max-video-preview:-1\" \/>\n<link rel=\"canonical\" href=\"https:\/\/portalnpm.com\/index.php\/2019\/01\/10\/sao-juliao-pi-ganha-medico-brasileiro-que-substituira-cubano\/\" \/>\n<meta property=\"og:locale\" content=\"pt_BR\" \/>\n<meta property=\"og:type\" content=\"article\" \/>\n<meta property=\"og:title\" content=\"S\u00e3o Juli\u00e3o \u2013 PI ganha m\u00e9dico brasileiro que substituir\u00e1 cubano - Portal NPM\" \/>\n<meta property=\"og:description\" content=\"Foi apresentando ao munic\u00edpio de S\u00e3o Juli\u00e3o \u2013 PI, nesta ter\u00e7a-feira, 08 de janeiro, o novo profissional que substituir\u00e1 o m\u00e9dico cubano no servi\u00e7o de aten\u00e7\u00e3o b\u00e1sica pelo programa Mais M\u00e9dicos, do Governo Federal. Andr\u00e9 da Silva Carvalho, de 31 anos, \u00e9 filho de pais s\u00e3ojuli\u00e3oenses e \u00e9 formado em Medicina pelo Centro Universit\u00e1rio de &hellip;\" \/>\n<meta property=\"og:url\" content=\"https:\/\/portalnpm.com\/index.php\/2019\/01\/10\/sao-juliao-pi-ganha-medico-brasileiro-que-substituira-cubano\/\" \/>\n<meta property=\"og:site_name\" content=\"Portal NPM\" \/>\n<meta property=\"article:published_time\" content=\"2019-01-10T22:10:57+00:00\" \/>\n<meta name=\"author\" content=\"Zenilton Lima\" \/>\n<meta name=\"twitter:card\" content=\"summary_large_image\" \/>\n<meta name=\"twitter:label1\" content=\"Escrito por\" \/>\n\t<meta name=\"twitter:data1\" content=\"Zenilton Lima\" \/>\n\t<meta name=\"twitter:label2\" content=\"Est. tempo de leitura\" \/>\n\t<meta name=\"twitter:data2\" content=\"1 minuto\" \/>\n<script type=\"application\/ld+json\" class=\"yoast-schema-graph\">{\"@context\":\"https:\/\/schema.org\",\"@graph\":[{\"@type\":\"WebPage\",\"@id\":\"https:\/\/portalnpm.com\/index.php\/2019\/01\/10\/sao-juliao-pi-ganha-medico-brasileiro-que-substituira-cubano\/\",\"url\":\"https:\/\/portalnpm.com\/index.php\/2019\/01\/10\/sao-juliao-pi-ganha-medico-brasileiro-que-substituira-cubano\/\",\"name\":\"S\u00e3o Juli\u00e3o \u2013 PI ganha m\u00e9dico brasileiro que substituir\u00e1 cubano - Portal NPM\",\"isPartOf\":{\"@id\":\"https:\/\/portalnpm.com\/#website\"},\"primaryImageOfPage\":{\"@id\":\"https:\/\/portalnpm.com\/index.php\/2019\/01\/10\/sao-juliao-pi-ganha-medico-brasileiro-que-substituira-cubano\/#primaryimage\"},\"image\":{\"@id\":\"https:\/\/portalnpm.com\/index.php\/2019\/01\/10\/sao-juliao-pi-ganha-medico-brasileiro-que-substituira-cubano\/#primaryimage\"},\"thumbnailUrl\":\"\",\"datePublished\":\"2019-01-10T22:10:57+00:00\",\"dateModified\":\"2019-01-10T22:10:57+00:00\",\"author\":{\"@id\":\"https:\/\/portalnpm.com\/#\/schema\/person\/35cb55186eae3f074b6783da6d35591e\"},\"breadcrumb\":{\"@id\":\"https:\/\/portalnpm.com\/index.php\/2019\/01\/10\/sao-juliao-pi-ganha-medico-brasileiro-que-substituira-cubano\/#breadcrumb\"},\"inLanguage\":\"pt-BR\",\"potentialAction\":[{\"@type\":\"ReadAction\",\"target\":[\"https:\/\/portalnpm.com\/index.php\/2019\/01\/10\/sao-juliao-pi-ganha-medico-brasileiro-que-substituira-cubano\/\"]}]},{\"@type\":\"ImageObject\",\"inLanguage\":\"pt-BR\",\"@id\":\"https:\/\/portalnpm.com\/index.php\/2019\/01\/10\/sao-juliao-pi-ganha-medico-brasileiro-que-substituira-cubano\/#primaryimage\",\"url\":\"\",\"contentUrl\":\"\"},{\"@type\":\"BreadcrumbList\",\"@id\":\"https:\/\/portalnpm.com\/index.php\/2019\/01\/10\/sao-juliao-pi-ganha-medico-brasileiro-que-substituira-cubano\/#breadcrumb\",\"itemListElement\":[{\"@type\":\"ListItem\",\"position\":1,\"name\":\"In\u00edcio\",\"item\":\"https:\/\/portalnpm.com\/\"},{\"@type\":\"ListItem\",\"position\":2,\"name\":\"S\u00e3o Juli\u00e3o \u2013 PI ganha m\u00e9dico brasileiro que substituir\u00e1 cubano\"}]},{\"@type\":\"WebSite\",\"@id\":\"https:\/\/portalnpm.com\/#website\",\"url\":\"https:\/\/portalnpm.com\/\",\"name\":\"Portal NPM\",\"description\":\"Not\u00edcias em Primeira M\u00e3o\",\"potentialAction\":[{\"@type\":\"SearchAction\",\"target\":{\"@type\":\"EntryPoint\",\"urlTemplate\":\"https:\/\/portalnpm.com\/?s={search_term_string}\"},\"query-input\":\"required name=search_term_string\"}],\"inLanguage\":\"pt-BR\"},{\"@type\":\"Person\",\"@id\":\"https:\/\/portalnpm.com\/#\/schema\/person\/35cb55186eae3f074b6783da6d35591e\",\"name\":\"Zenilton Lima\",\"image\":{\"@type\":\"ImageObject\",\"inLanguage\":\"pt-BR\",\"@id\":\"https:\/\/portalnpm.com\/#\/schema\/person\/image\/\",\"url\":\"https:\/\/portalnpm.com\/wp-content\/uploads\/2024\/12\/avatar_user_8_1733658137-96x96.jpeg\",\"contentUrl\":\"https:\/\/portalnpm.com\/wp-content\/uploads\/2024\/12\/avatar_user_8_1733658137-96x96.jpeg\",\"caption\":\"Zenilton Lima\"},\"url\":\"https:\/\/portalnpm.com\/index.php\/author\/zenilton\/\"}]}<\/script>\n<!-- \/ Yoast SEO plugin. -->","yoast_head_json":{"title":"S\u00e3o Juli\u00e3o \u2013 PI ganha m\u00e9dico brasileiro que substituir\u00e1 cubano - Portal NPM","robots":{"index":"index","follow":"follow","max-snippet":"max-snippet:-1","max-image-preview":"max-image-preview:large","max-video-preview":"max-video-preview:-1"},"canonical":"https:\/\/portalnpm.com\/index.php\/2019\/01\/10\/sao-juliao-pi-ganha-medico-brasileiro-que-substituira-cubano\/","og_locale":"pt_BR","og_type":"article","og_title":"S\u00e3o Juli\u00e3o \u2013 PI ganha m\u00e9dico brasileiro que substituir\u00e1 cubano - Portal NPM","og_description":"Foi apresentando ao munic\u00edpio de S\u00e3o Juli\u00e3o \u2013 PI, nesta ter\u00e7a-feira, 08 de janeiro, o novo profissional que substituir\u00e1 o m\u00e9dico cubano no servi\u00e7o de aten\u00e7\u00e3o b\u00e1sica pelo programa Mais M\u00e9dicos, do Governo Federal. Andr\u00e9 da Silva Carvalho, de 31 anos, \u00e9 filho de pais s\u00e3ojuli\u00e3oenses e \u00e9 formado em Medicina pelo Centro Universit\u00e1rio de &hellip;","og_url":"https:\/\/portalnpm.com\/index.php\/2019\/01\/10\/sao-juliao-pi-ganha-medico-brasileiro-que-substituira-cubano\/","og_site_name":"Portal NPM","article_published_time":"2019-01-10T22:10:57+00:00","author":"Zenilton Lima","twitter_card":"summary_large_image","twitter_misc":{"Escrito por":"Zenilton Lima","Est. tempo de leitura":"1 minuto"},"schema":{"@context":"https:\/\/schema.org","@graph":[{"@type":"WebPage","@id":"https:\/\/portalnpm.com\/index.php\/2019\/01\/10\/sao-juliao-pi-ganha-medico-brasileiro-que-substituira-cubano\/","url":"https:\/\/portalnpm.com\/index.php\/2019\/01\/10\/sao-juliao-pi-ganha-medico-brasileiro-que-substituira-cubano\/","name":"S\u00e3o Juli\u00e3o \u2013 PI ganha m\u00e9dico brasileiro que substituir\u00e1 cubano - Portal NPM","isPartOf":{"@id":"https:\/\/portalnpm.com\/#website"},"primaryImageOfPage":{"@id":"https:\/\/portalnpm.com\/index.php\/2019\/01\/10\/sao-juliao-pi-ganha-medico-brasileiro-que-substituira-cubano\/#primaryimage"},"image":{"@id":"https:\/\/portalnpm.com\/index.php\/2019\/01\/10\/sao-juliao-pi-ganha-medico-brasileiro-que-substituira-cubano\/#primaryimage"},"thumbnailUrl":"","datePublished":"2019-01-10T22:10:57+00:00","dateModified":"2019-01-10T22:10:57+00:00","author":{"@id":"https:\/\/portalnpm.com\/#\/schema\/person\/35cb55186eae3f074b6783da6d35591e"},"breadcrumb":{"@id":"https:\/\/portalnpm.com\/index.php\/2019\/01\/10\/sao-juliao-pi-ganha-medico-brasileiro-que-substituira-cubano\/#breadcrumb"},"inLanguage":"pt-BR","potentialAction":[{"@type":"ReadAction","target":["https:\/\/portalnpm.com\/index.php\/2019\/01\/10\/sao-juliao-pi-ganha-medico-brasileiro-que-substituira-cubano\/"]}]},{"@type":"ImageObject","inLanguage":"pt-BR","@id":"https:\/\/portalnpm.com\/index.php\/2019\/01\/10\/sao-juliao-pi-ganha-medico-brasileiro-que-substituira-cubano\/#primaryimage","url":"","contentUrl":""},{"@type":"BreadcrumbList","@id":"https:\/\/portalnpm.com\/index.php\/2019\/01\/10\/sao-juliao-pi-ganha-medico-brasileiro-que-substituira-cubano\/#breadcrumb","itemListElement":[{"@type":"ListItem","position":1,"name":"In\u00edcio","item":"https:\/\/portalnpm.com\/"},{"@type":"ListItem","position":2,"name":"S\u00e3o Juli\u00e3o \u2013 PI ganha m\u00e9dico brasileiro que substituir\u00e1 cubano"}]},{"@type":"WebSite","@id":"https:\/\/portalnpm.com\/#website","url":"https:\/\/portalnpm.com\/","name":"Portal NPM","description":"Not\u00edcias em Primeira M\u00e3o","potentialAction":[{"@type":"SearchAction","target":{"@type":"EntryPoint","urlTemplate":"https:\/\/portalnpm.com\/?s={search_term_string}"},"query-input":"required name=search_term_string"}],"inLanguage":"pt-BR"},{"@type":"Person","@id":"https:\/\/portalnpm.com\/#\/schema\/person\/35cb55186eae3f074b6783da6d35591e","name":"Zenilton Lima","image":{"@type":"ImageObject","inLanguage":"pt-BR","@id":"https:\/\/portalnpm.com\/#\/schema\/person\/image\/","url":"https:\/\/portalnpm.com\/wp-content\/uploads\/2024\/12\/avatar_user_8_1733658137-96x96.jpeg","contentUrl":"https:\/\/portalnpm.com\/wp-content\/uploads\/2024\/12\/avatar_user_8_1733658137-96x96.jpeg","caption":"Zenilton Lima"},"url":"https:\/\/portalnpm.com\/index.php\/author\/zenilton\/"}]}},"jetpack_sharing_enabled":true,"jetpack_featured_media_url":"","_links":{"self":[{"href":"https:\/\/portalnpm.com\/index.php\/wp-json\/wp\/v2\/posts\/4769"}],"collection":[{"href":"https:\/\/portalnpm.com\/index.php\/wp-json\/wp\/v2\/posts"}],"about":[{"href":"https:\/\/portalnpm.com\/index.php\/wp-json\/wp\/v2\/types\/post"}],"author":[{"embeddable":true,"href":"https:\/\/portalnpm.com\/index.php\/wp-json\/wp\/v2\/users\/8"}],"replies":[{"embeddable":true,"href":"https:\/\/portalnpm.com\/index.php\/wp-json\/wp\/v2\/comments?post=4769"}],"version-history":[{"count":0,"href":"https:\/\/portalnpm.com\/index.php\/wp-json\/wp\/v2\/posts\/4769\/revisions"}],"wp:featuredmedia":[{"embeddable":true,"href":"https:\/\/portalnpm.com\/index.php\/wp-json\/"}],"wp:attachment":[{"href":"https:\/\/portalnpm.com\/index.php\/wp-json\/wp\/v2\/media?parent=4769"}],"wp:term":[{"taxonomy":"category","embeddable":true,"href":"https:\/\/portalnpm.com\/index.php\/wp-json\/wp\/v2\/categories?post=4769"},{"taxonomy":"post_tag","embeddable":true,"href":"https:\/\/portalnpm.com\/index.php\/wp-json\/wp\/v2\/tags?post=4769"}],"curies":[{"name":"wp","href":"https:\/\/api.w.org\/{rel}","templated":true}]}}