{"id":47717,"date":"2023-07-16T20:59:10","date_gmt":"2023-07-16T23:59:10","guid":{"rendered":"https:\/\/portalnpm.com\/?p=47717"},"modified":"2023-07-16T20:59:10","modified_gmt":"2023-07-16T23:59:10","slug":"em-alagoinha-do-piaui-chapa-da-oposicao-define-dr-pedro-otacilio-e-cicinho-dos-colchoes-como-pre-candidatos-a-prefeito-e-vice-veja","status":"publish","type":"post","link":"https:\/\/portalnpm.com\/index.php\/2023\/07\/16\/em-alagoinha-do-piaui-chapa-da-oposicao-define-dr-pedro-otacilio-e-cicinho-dos-colchoes-como-pre-candidatos-a-prefeito-e-vice-veja\/","title":{"rendered":"Em Alagoinha do Piau\u00ed, chapa da oposi\u00e7\u00e3o define Dr. Pedro Otac\u00edlio e Cicinho dos Colch\u00f5es como pr\u00e9-candidatos a prefeito e vice; veja!"},"content":{"rendered":"<p style=\"text-align: justify;\">Visando as elei\u00e7\u00f5es municipais do pr\u00f3ximo ano, o grupo da oposi\u00e7\u00e3o da cidade de <strong><em>Alagoinha do Piau\u00ed<\/em><\/strong>, munic\u00edpio localizado na regi\u00e3o de Picos, definiu neste domingo, 16 de julho, a sua chapa majorit\u00e1ria que disputar\u00e1 o poder executivo local.<\/p>\n<figure id=\"attachment_47719\" aria-describedby=\"caption-attachment-47719\" style=\"width: 216px\" class=\"wp-caption alignnone\"><img fetchpriority=\"high\" decoding=\"async\" class=\"size-medium wp-image-47719\" src=\"http:\/\/portalnpm.com\/wp-content\/uploads\/2023\/07\/IMG-20230716-WA0118-216x300.jpg\" alt=\"\" width=\"216\" height=\"300\" \/><figcaption id=\"caption-attachment-47719\" class=\"wp-caption-text\">Dr. Pedro Otac\u00edlio e Cicinho dos Colch\u00f5es formam a chapa da oposi\u00e7\u00e3o<\/figcaption><\/figure>\n<p style=\"text-align: justify;\">O m\u00e9dico e ex-prefeito <strong><em>Pedro Otac\u00edlio<\/em><\/strong> (deve trocar o PP pelo PSD), ser\u00e1 o pr\u00e9-candidato a prefeito, tendo como companheiro de chapa o empres\u00e1rio <strong><em>Cicinho dos Colch\u00f5es<\/em><\/strong>, que deve definir seu destino partid\u00e1rio ap\u00f3s uma reuni\u00e3o, em breve, que o seu grupo ter\u00e1 com o deputado estadual Nerinho.<\/p>\n<p style=\"text-align: justify;\">Na ocasi\u00e3o, ficou decidido que o l\u00edder pol\u00edtico <strong><em>Decim<\/em><\/strong>, do povoado Serra Velha, colocar\u00e1 seu nome \u00e0 disposi\u00e7\u00e3o na disputa por uma vaga na C\u00e2mara municipal pelo grupo oposicionista, sendo, assim, uma das apostas de renova\u00e7\u00e3o no legislativo municipal.<\/p>\n<figure id=\"attachment_47720\" aria-describedby=\"caption-attachment-47720\" style=\"width: 228px\" class=\"wp-caption alignnone\"><img decoding=\"async\" class=\"size-medium wp-image-47720\" src=\"http:\/\/portalnpm.com\/wp-content\/uploads\/2023\/07\/IMG-20230716-WA0119-228x300.jpg\" alt=\"\" width=\"228\" height=\"300\" \/><figcaption id=\"caption-attachment-47720\" class=\"wp-caption-text\">O l\u00edder pol\u00edtico Decim colocou seu nome a disposi\u00e7\u00e3o, na disputa por uma das vagas na C\u00e2mara Municipal<\/figcaption><\/figure>\n<p style=\"text-align: justify;\">As elei\u00e7\u00f5es em Alagoinha do Piau\u00ed prometem ser novamente bastante acirradas. Em 2020, Dr. Pedro Otac\u00edlio n\u00e3o logrou \u00eaxito por uma diferen\u00e7a de apenas 21 votos, pleito no qual teve o atual prefeito Jorismar Rocha (PT), sendo reeleito.<\/p>\n","protected":false},"excerpt":{"rendered":"<p>Visando as elei\u00e7\u00f5es municipais do pr\u00f3ximo ano, o grupo da oposi\u00e7\u00e3o da cidade de Alagoinha do Piau\u00ed, munic\u00edpio localizado na regi\u00e3o de Picos, definiu neste domingo, 16 de julho, a sua chapa majorit\u00e1ria que disputar\u00e1 o poder executivo local. O m\u00e9dico e ex-prefeito Pedro Otac\u00edlio (deve trocar o PP pelo PSD), ser\u00e1 o pr\u00e9-candidato a &hellip;<\/p>\n","protected":false},"author":3,"featured_media":47721,"comment_status":"open","ping_status":"open","sticky":false,"template":"","format":"standard","meta":{"content-type":"","rop_custom_images_group":[],"rop_custom_messages_group":[],"rop_publish_now":"initial","rop_publish_now_accounts":{"facebook_2648258775420054_1618374048415101":""},"rop_publish_now_history":[],"rop_publish_now_status":"pending","footnotes":"","_jetpack_memberships_contains_paid_content":false},"categories":[144,113,109,130],"tags":[14573,1119,378,176,14574],"yoast_head":"<!-- This site is optimized with the Yoast SEO plugin v22.3 - https:\/\/yoast.com\/wordpress\/plugins\/seo\/ -->\n<title>Em Alagoinha do Piau\u00ed, chapa da oposi\u00e7\u00e3o define Dr. Pedro Otac\u00edlio e Cicinho dos Colch\u00f5es como pr\u00e9-candidatos a prefeito e vice; veja! - Portal NPM<\/title>\n<meta name=\"robots\" content=\"index, follow, max-snippet:-1, max-image-preview:large, max-video-preview:-1\" \/>\n<link rel=\"canonical\" href=\"https:\/\/portalnpm.com\/index.php\/2023\/07\/16\/em-alagoinha-do-piaui-chapa-da-oposicao-define-dr-pedro-otacilio-e-cicinho-dos-colchoes-como-pre-candidatos-a-prefeito-e-vice-veja\/\" \/>\n<meta property=\"og:locale\" content=\"pt_BR\" \/>\n<meta property=\"og:type\" content=\"article\" \/>\n<meta property=\"og:title\" content=\"Em Alagoinha do Piau\u00ed, chapa da oposi\u00e7\u00e3o define Dr. Pedro Otac\u00edlio e Cicinho dos Colch\u00f5es como pr\u00e9-candidatos a prefeito e vice; veja! - Portal NPM\" \/>\n<meta property=\"og:description\" content=\"Visando as elei\u00e7\u00f5es municipais do pr\u00f3ximo ano, o grupo da oposi\u00e7\u00e3o da cidade de Alagoinha do Piau\u00ed, munic\u00edpio localizado na regi\u00e3o de Picos, definiu neste domingo, 16 de julho, a sua chapa majorit\u00e1ria que disputar\u00e1 o poder executivo local. O m\u00e9dico e ex-prefeito Pedro Otac\u00edlio (deve trocar o PP pelo PSD), ser\u00e1 o pr\u00e9-candidato a &hellip;\" \/>\n<meta property=\"og:url\" content=\"https:\/\/portalnpm.com\/index.php\/2023\/07\/16\/em-alagoinha-do-piaui-chapa-da-oposicao-define-dr-pedro-otacilio-e-cicinho-dos-colchoes-como-pre-candidatos-a-prefeito-e-vice-veja\/\" \/>\n<meta property=\"og:site_name\" content=\"Portal NPM\" \/>\n<meta property=\"article:published_time\" content=\"2023-07-16T23:59:10+00:00\" \/>\n<meta name=\"author\" content=\"Luis Alberto\" \/>\n<meta name=\"twitter:card\" content=\"summary_large_image\" \/>\n<meta name=\"twitter:label1\" content=\"Escrito por\" \/>\n\t<meta name=\"twitter:data1\" content=\"Luis Alberto\" \/>\n\t<meta name=\"twitter:label2\" content=\"Est. tempo de leitura\" \/>\n\t<meta name=\"twitter:data2\" content=\"2 minutos\" \/>\n<script type=\"application\/ld+json\" class=\"yoast-schema-graph\">{\"@context\":\"https:\/\/schema.org\",\"@graph\":[{\"@type\":\"WebPage\",\"@id\":\"https:\/\/portalnpm.com\/index.php\/2023\/07\/16\/em-alagoinha-do-piaui-chapa-da-oposicao-define-dr-pedro-otacilio-e-cicinho-dos-colchoes-como-pre-candidatos-a-prefeito-e-vice-veja\/\",\"url\":\"https:\/\/portalnpm.com\/index.php\/2023\/07\/16\/em-alagoinha-do-piaui-chapa-da-oposicao-define-dr-pedro-otacilio-e-cicinho-dos-colchoes-como-pre-candidatos-a-prefeito-e-vice-veja\/\",\"name\":\"Em Alagoinha do Piau\u00ed, chapa da oposi\u00e7\u00e3o define Dr. Pedro Otac\u00edlio e Cicinho dos Colch\u00f5es como pr\u00e9-candidatos a prefeito e vice; veja! - Portal NPM\",\"isPartOf\":{\"@id\":\"https:\/\/portalnpm.com\/#website\"},\"primaryImageOfPage\":{\"@id\":\"https:\/\/portalnpm.com\/index.php\/2023\/07\/16\/em-alagoinha-do-piaui-chapa-da-oposicao-define-dr-pedro-otacilio-e-cicinho-dos-colchoes-como-pre-candidatos-a-prefeito-e-vice-veja\/#primaryimage\"},\"image\":{\"@id\":\"https:\/\/portalnpm.com\/index.php\/2023\/07\/16\/em-alagoinha-do-piaui-chapa-da-oposicao-define-dr-pedro-otacilio-e-cicinho-dos-colchoes-como-pre-candidatos-a-prefeito-e-vice-veja\/#primaryimage\"},\"thumbnailUrl\":\"\",\"datePublished\":\"2023-07-16T23:59:10+00:00\",\"dateModified\":\"2023-07-16T23:59:10+00:00\",\"author\":{\"@id\":\"https:\/\/portalnpm.com\/#\/schema\/person\/5c8006acdf71774cd4e7a5ab98482152\"},\"breadcrumb\":{\"@id\":\"https:\/\/portalnpm.com\/index.php\/2023\/07\/16\/em-alagoinha-do-piaui-chapa-da-oposicao-define-dr-pedro-otacilio-e-cicinho-dos-colchoes-como-pre-candidatos-a-prefeito-e-vice-veja\/#breadcrumb\"},\"inLanguage\":\"pt-BR\",\"potentialAction\":[{\"@type\":\"ReadAction\",\"target\":[\"https:\/\/portalnpm.com\/index.php\/2023\/07\/16\/em-alagoinha-do-piaui-chapa-da-oposicao-define-dr-pedro-otacilio-e-cicinho-dos-colchoes-como-pre-candidatos-a-prefeito-e-vice-veja\/\"]}]},{\"@type\":\"ImageObject\",\"inLanguage\":\"pt-BR\",\"@id\":\"https:\/\/portalnpm.com\/index.php\/2023\/07\/16\/em-alagoinha-do-piaui-chapa-da-oposicao-define-dr-pedro-otacilio-e-cicinho-dos-colchoes-como-pre-candidatos-a-prefeito-e-vice-veja\/#primaryimage\",\"url\":\"\",\"contentUrl\":\"\"},{\"@type\":\"BreadcrumbList\",\"@id\":\"https:\/\/portalnpm.com\/index.php\/2023\/07\/16\/em-alagoinha-do-piaui-chapa-da-oposicao-define-dr-pedro-otacilio-e-cicinho-dos-colchoes-como-pre-candidatos-a-prefeito-e-vice-veja\/#breadcrumb\",\"itemListElement\":[{\"@type\":\"ListItem\",\"position\":1,\"name\":\"In\u00edcio\",\"item\":\"https:\/\/portalnpm.com\/\"},{\"@type\":\"ListItem\",\"position\":2,\"name\":\"Em Alagoinha do Piau\u00ed, chapa da oposi\u00e7\u00e3o define Dr. Pedro Otac\u00edlio e Cicinho dos Colch\u00f5es como pr\u00e9-candidatos a prefeito e vice; veja!\"}]},{\"@type\":\"WebSite\",\"@id\":\"https:\/\/portalnpm.com\/#website\",\"url\":\"https:\/\/portalnpm.com\/\",\"name\":\"Portal NPM\",\"description\":\"Not\u00edcias em Primeira M\u00e3o\",\"potentialAction\":[{\"@type\":\"SearchAction\",\"target\":{\"@type\":\"EntryPoint\",\"urlTemplate\":\"https:\/\/portalnpm.com\/?s={search_term_string}\"},\"query-input\":\"required name=search_term_string\"}],\"inLanguage\":\"pt-BR\"},{\"@type\":\"Person\",\"@id\":\"https:\/\/portalnpm.com\/#\/schema\/person\/5c8006acdf71774cd4e7a5ab98482152\",\"name\":\"Luis Alberto\",\"image\":{\"@type\":\"ImageObject\",\"inLanguage\":\"pt-BR\",\"@id\":\"https:\/\/portalnpm.com\/#\/schema\/person\/image\/\",\"url\":\"https:\/\/portalnpm.com\/wp-content\/uploads\/2024\/12\/avatar_user_3_1734699769-96x96.jpeg\",\"contentUrl\":\"https:\/\/portalnpm.com\/wp-content\/uploads\/2024\/12\/avatar_user_3_1734699769-96x96.jpeg\",\"caption\":\"Luis Alberto\"},\"description\":\"Editor-geral do Portal NPM, \u00e9 formado como T\u00e9cnico em Seguran\u00e7a do Trabalho pela Escola Metropolitana de Cursos T\u00e9cnicos. Det\u00e9m ainda licenciatura em Educa\u00e7\u00e3o F\u00edsica e bacharelado em Ci\u00eancias Pol\u00edticas, ambos obtidos pela institui\u00e7\u00e3o Anhanguera\/UNOPAR.\",\"url\":\"https:\/\/portalnpm.com\/index.php\/author\/pereira\/\"}]}<\/script>\n<!-- \/ Yoast SEO plugin. -->","yoast_head_json":{"title":"Em Alagoinha do Piau\u00ed, chapa da oposi\u00e7\u00e3o define Dr. Pedro Otac\u00edlio e Cicinho dos Colch\u00f5es como pr\u00e9-candidatos a prefeito e vice; veja! - Portal NPM","robots":{"index":"index","follow":"follow","max-snippet":"max-snippet:-1","max-image-preview":"max-image-preview:large","max-video-preview":"max-video-preview:-1"},"canonical":"https:\/\/portalnpm.com\/index.php\/2023\/07\/16\/em-alagoinha-do-piaui-chapa-da-oposicao-define-dr-pedro-otacilio-e-cicinho-dos-colchoes-como-pre-candidatos-a-prefeito-e-vice-veja\/","og_locale":"pt_BR","og_type":"article","og_title":"Em Alagoinha do Piau\u00ed, chapa da oposi\u00e7\u00e3o define Dr. Pedro Otac\u00edlio e Cicinho dos Colch\u00f5es como pr\u00e9-candidatos a prefeito e vice; veja! - Portal NPM","og_description":"Visando as elei\u00e7\u00f5es municipais do pr\u00f3ximo ano, o grupo da oposi\u00e7\u00e3o da cidade de Alagoinha do Piau\u00ed, munic\u00edpio localizado na regi\u00e3o de Picos, definiu neste domingo, 16 de julho, a sua chapa majorit\u00e1ria que disputar\u00e1 o poder executivo local. O m\u00e9dico e ex-prefeito Pedro Otac\u00edlio (deve trocar o PP pelo PSD), ser\u00e1 o pr\u00e9-candidato a &hellip;","og_url":"https:\/\/portalnpm.com\/index.php\/2023\/07\/16\/em-alagoinha-do-piaui-chapa-da-oposicao-define-dr-pedro-otacilio-e-cicinho-dos-colchoes-como-pre-candidatos-a-prefeito-e-vice-veja\/","og_site_name":"Portal NPM","article_published_time":"2023-07-16T23:59:10+00:00","author":"Luis Alberto","twitter_card":"summary_large_image","twitter_misc":{"Escrito por":"Luis Alberto","Est. tempo de leitura":"2 minutos"},"schema":{"@context":"https:\/\/schema.org","@graph":[{"@type":"WebPage","@id":"https:\/\/portalnpm.com\/index.php\/2023\/07\/16\/em-alagoinha-do-piaui-chapa-da-oposicao-define-dr-pedro-otacilio-e-cicinho-dos-colchoes-como-pre-candidatos-a-prefeito-e-vice-veja\/","url":"https:\/\/portalnpm.com\/index.php\/2023\/07\/16\/em-alagoinha-do-piaui-chapa-da-oposicao-define-dr-pedro-otacilio-e-cicinho-dos-colchoes-como-pre-candidatos-a-prefeito-e-vice-veja\/","name":"Em Alagoinha do Piau\u00ed, chapa da oposi\u00e7\u00e3o define Dr. Pedro Otac\u00edlio e Cicinho dos Colch\u00f5es como pr\u00e9-candidatos a prefeito e vice; veja! - Portal NPM","isPartOf":{"@id":"https:\/\/portalnpm.com\/#website"},"primaryImageOfPage":{"@id":"https:\/\/portalnpm.com\/index.php\/2023\/07\/16\/em-alagoinha-do-piaui-chapa-da-oposicao-define-dr-pedro-otacilio-e-cicinho-dos-colchoes-como-pre-candidatos-a-prefeito-e-vice-veja\/#primaryimage"},"image":{"@id":"https:\/\/portalnpm.com\/index.php\/2023\/07\/16\/em-alagoinha-do-piaui-chapa-da-oposicao-define-dr-pedro-otacilio-e-cicinho-dos-colchoes-como-pre-candidatos-a-prefeito-e-vice-veja\/#primaryimage"},"thumbnailUrl":"","datePublished":"2023-07-16T23:59:10+00:00","dateModified":"2023-07-16T23:59:10+00:00","author":{"@id":"https:\/\/portalnpm.com\/#\/schema\/person\/5c8006acdf71774cd4e7a5ab98482152"},"breadcrumb":{"@id":"https:\/\/portalnpm.com\/index.php\/2023\/07\/16\/em-alagoinha-do-piaui-chapa-da-oposicao-define-dr-pedro-otacilio-e-cicinho-dos-colchoes-como-pre-candidatos-a-prefeito-e-vice-veja\/#breadcrumb"},"inLanguage":"pt-BR","potentialAction":[{"@type":"ReadAction","target":["https:\/\/portalnpm.com\/index.php\/2023\/07\/16\/em-alagoinha-do-piaui-chapa-da-oposicao-define-dr-pedro-otacilio-e-cicinho-dos-colchoes-como-pre-candidatos-a-prefeito-e-vice-veja\/"]}]},{"@type":"ImageObject","inLanguage":"pt-BR","@id":"https:\/\/portalnpm.com\/index.php\/2023\/07\/16\/em-alagoinha-do-piaui-chapa-da-oposicao-define-dr-pedro-otacilio-e-cicinho-dos-colchoes-como-pre-candidatos-a-prefeito-e-vice-veja\/#primaryimage","url":"","contentUrl":""},{"@type":"BreadcrumbList","@id":"https:\/\/portalnpm.com\/index.php\/2023\/07\/16\/em-alagoinha-do-piaui-chapa-da-oposicao-define-dr-pedro-otacilio-e-cicinho-dos-colchoes-como-pre-candidatos-a-prefeito-e-vice-veja\/#breadcrumb","itemListElement":[{"@type":"ListItem","position":1,"name":"In\u00edcio","item":"https:\/\/portalnpm.com\/"},{"@type":"ListItem","position":2,"name":"Em Alagoinha do Piau\u00ed, chapa da oposi\u00e7\u00e3o define Dr. Pedro Otac\u00edlio e Cicinho dos Colch\u00f5es como pr\u00e9-candidatos a prefeito e vice; veja!"}]},{"@type":"WebSite","@id":"https:\/\/portalnpm.com\/#website","url":"https:\/\/portalnpm.com\/","name":"Portal NPM","description":"Not\u00edcias em Primeira M\u00e3o","potentialAction":[{"@type":"SearchAction","target":{"@type":"EntryPoint","urlTemplate":"https:\/\/portalnpm.com\/?s={search_term_string}"},"query-input":"required name=search_term_string"}],"inLanguage":"pt-BR"},{"@type":"Person","@id":"https:\/\/portalnpm.com\/#\/schema\/person\/5c8006acdf71774cd4e7a5ab98482152","name":"Luis Alberto","image":{"@type":"ImageObject","inLanguage":"pt-BR","@id":"https:\/\/portalnpm.com\/#\/schema\/person\/image\/","url":"https:\/\/portalnpm.com\/wp-content\/uploads\/2024\/12\/avatar_user_3_1734699769-96x96.jpeg","contentUrl":"https:\/\/portalnpm.com\/wp-content\/uploads\/2024\/12\/avatar_user_3_1734699769-96x96.jpeg","caption":"Luis Alberto"},"description":"Editor-geral do Portal NPM, \u00e9 formado como T\u00e9cnico em Seguran\u00e7a do Trabalho pela Escola Metropolitana de Cursos T\u00e9cnicos. Det\u00e9m ainda licenciatura em Educa\u00e7\u00e3o F\u00edsica e bacharelado em Ci\u00eancias Pol\u00edticas, ambos obtidos pela institui\u00e7\u00e3o Anhanguera\/UNOPAR.","url":"https:\/\/portalnpm.com\/index.php\/author\/pereira\/"}]}},"jetpack_sharing_enabled":true,"jetpack_featured_media_url":"","_links":{"self":[{"href":"https:\/\/portalnpm.com\/index.php\/wp-json\/wp\/v2\/posts\/47717"}],"collection":[{"href":"https:\/\/portalnpm.com\/index.php\/wp-json\/wp\/v2\/posts"}],"about":[{"href":"https:\/\/portalnpm.com\/index.php\/wp-json\/wp\/v2\/types\/post"}],"author":[{"embeddable":true,"href":"https:\/\/portalnpm.com\/index.php\/wp-json\/wp\/v2\/users\/3"}],"replies":[{"embeddable":true,"href":"https:\/\/portalnpm.com\/index.php\/wp-json\/wp\/v2\/comments?post=47717"}],"version-history":[{"count":0,"href":"https:\/\/portalnpm.com\/index.php\/wp-json\/wp\/v2\/posts\/47717\/revisions"}],"wp:featuredmedia":[{"embeddable":true,"href":"https:\/\/portalnpm.com\/index.php\/wp-json\/"}],"wp:attachment":[{"href":"https:\/\/portalnpm.com\/index.php\/wp-json\/wp\/v2\/media?parent=47717"}],"wp:term":[{"taxonomy":"category","embeddable":true,"href":"https:\/\/portalnpm.com\/index.php\/wp-json\/wp\/v2\/categories?post=47717"},{"taxonomy":"post_tag","embeddable":true,"href":"https:\/\/portalnpm.com\/index.php\/wp-json\/wp\/v2\/tags?post=47717"}],"curies":[{"name":"wp","href":"https:\/\/api.w.org\/{rel}","templated":true}]}}