{"id":4775,"date":"2019-01-10T20:23:08","date_gmt":"2019-01-10T22:23:08","guid":{"rendered":"http:\/\/srv.portalnpm.com.br\/?p=4775"},"modified":"2019-01-10T20:23:08","modified_gmt":"2019-01-10T22:23:08","slug":"jovem-de-21-anos-morre-dentro-de-onibus-na-br-316-proximo-a-cidade-de-picos","status":"publish","type":"post","link":"https:\/\/portalnpm.com\/index.php\/2019\/01\/10\/jovem-de-21-anos-morre-dentro-de-onibus-na-br-316-proximo-a-cidade-de-picos\/","title":{"rendered":"Jovem de 21 anos morre dentro de \u00f4nibus na BR-316 pr\u00f3ximo \u00e0 cidade de Picos"},"content":{"rendered":"<p style=\"text-align: justify;\">No final da manh\u00e3 desta quinta-feira (10) de janeiro, deu entrada no Hospital Regional Eust\u00e1quio Portela (HREP) em Valen\u00e7a do Piau\u00ed, j\u00e1 sem vida, por morte natural (infarto), o jovem Jhonatan Willyan da Silva Dias de 21 anos, com resid\u00eancia fixa em Marab\u00e1\/PA.<\/p>\n<p style=\"text-align: justify;\">A morte se deu quando o jovem viajava em um \u00f4nibus da Empresa Gontijo, que faz Lina de salvador a Teresina. De acordo com informa\u00e7\u00e3o repassada ao\u00a0<strong>valencaonline.com<\/strong>\u00a0pelo o pai do falecido, senhor Juraci Silva Dias, o filho embarcou no \u00f4nibus citado, na cidade de feira de Santana\/BA, com destino a Teresina, o mesmo vinha com problema de sa\u00fade, tendo em vista que ele era (soro positivo) e o pai j\u00e1 o aguardava na capital piauiense, quando recebeu um telefonema que o filho veio a \u00f3bito dentro do \u00f4nibus na BR 316 KM 207 nas proximidades do Posto da PRF em Valen\u00e7a do Piau\u00ed.<\/p>\n<p style=\"text-align: justify;\">Ainda de acordo com as informa\u00e7\u00f5es do Pai do falecido, o \u00f4nibus retornou a cidade levando o corpo para o HREP, onde o m\u00e9dico de plant\u00e3o constatou a veracidade do \u00f3bito. A delegacia de Pol\u00edcia Civil, foi acionada, tamb\u00e9m constatou o \u00f3bito e o corpo foi liberado para o exame cadav\u00e9rico no IML em Teresina, quem fez o translado do corpo foi a Funer\u00e1ria Vida Eterna.<\/p>\n<p style=\"text-align: justify;\"><strong><em>Fonte: Valen\u00e7a Online<\/em><\/strong><\/p>\n","protected":false},"excerpt":{"rendered":"<p>No final da manh\u00e3 desta quinta-feira (10) de janeiro, deu entrada no Hospital Regional Eust\u00e1quio Portela (HREP) em Valen\u00e7a do Piau\u00ed, j\u00e1 sem vida, por morte natural (infarto), o jovem Jhonatan Willyan da Silva Dias de 21 anos, com resid\u00eancia fixa em Marab\u00e1\/PA. A morte se deu quando o jovem viajava em um \u00f4nibus da &hellip;<\/p>\n","protected":false},"author":8,"featured_media":4776,"comment_status":"open","ping_status":"open","sticky":false,"template":"","format":"standard","meta":{"content-type":"","rop_custom_images_group":[],"rop_custom_messages_group":[],"rop_publish_now":"initial","rop_publish_now_accounts":{"facebook_2648258775420054_1618374048415101":""},"rop_publish_now_history":[],"rop_publish_now_status":"pending","footnotes":"","_jetpack_memberships_contains_paid_content":false},"categories":[113,118],"tags":[1930,172,132,806],"yoast_head":"<!-- This site is optimized with the Yoast SEO plugin v22.3 - https:\/\/yoast.com\/wordpress\/plugins\/seo\/ -->\n<title>Jovem de 21 anos morre dentro de \u00f4nibus na BR-316 pr\u00f3ximo \u00e0 cidade de Picos - Portal NPM<\/title>\n<meta name=\"robots\" content=\"index, follow, max-snippet:-1, max-image-preview:large, max-video-preview:-1\" \/>\n<link rel=\"canonical\" href=\"https:\/\/portalnpm.com\/index.php\/2019\/01\/10\/jovem-de-21-anos-morre-dentro-de-onibus-na-br-316-proximo-a-cidade-de-picos\/\" \/>\n<meta property=\"og:locale\" content=\"pt_BR\" \/>\n<meta property=\"og:type\" content=\"article\" \/>\n<meta property=\"og:title\" content=\"Jovem de 21 anos morre dentro de \u00f4nibus na BR-316 pr\u00f3ximo \u00e0 cidade de Picos - Portal NPM\" \/>\n<meta property=\"og:description\" content=\"No final da manh\u00e3 desta quinta-feira (10) de janeiro, deu entrada no Hospital Regional Eust\u00e1quio Portela (HREP) em Valen\u00e7a do Piau\u00ed, j\u00e1 sem vida, por morte natural (infarto), o jovem Jhonatan Willyan da Silva Dias de 21 anos, com resid\u00eancia fixa em Marab\u00e1\/PA. A morte se deu quando o jovem viajava em um \u00f4nibus da &hellip;\" \/>\n<meta property=\"og:url\" content=\"https:\/\/portalnpm.com\/index.php\/2019\/01\/10\/jovem-de-21-anos-morre-dentro-de-onibus-na-br-316-proximo-a-cidade-de-picos\/\" \/>\n<meta property=\"og:site_name\" content=\"Portal NPM\" \/>\n<meta property=\"article:published_time\" content=\"2019-01-10T22:23:08+00:00\" \/>\n<meta name=\"author\" content=\"Zenilton Lima\" \/>\n<meta name=\"twitter:card\" content=\"summary_large_image\" \/>\n<meta name=\"twitter:label1\" content=\"Escrito por\" \/>\n\t<meta name=\"twitter:data1\" content=\"Zenilton Lima\" \/>\n\t<meta name=\"twitter:label2\" content=\"Est. tempo de leitura\" \/>\n\t<meta name=\"twitter:data2\" content=\"1 minuto\" \/>\n<script type=\"application\/ld+json\" class=\"yoast-schema-graph\">{\"@context\":\"https:\/\/schema.org\",\"@graph\":[{\"@type\":\"WebPage\",\"@id\":\"https:\/\/portalnpm.com\/index.php\/2019\/01\/10\/jovem-de-21-anos-morre-dentro-de-onibus-na-br-316-proximo-a-cidade-de-picos\/\",\"url\":\"https:\/\/portalnpm.com\/index.php\/2019\/01\/10\/jovem-de-21-anos-morre-dentro-de-onibus-na-br-316-proximo-a-cidade-de-picos\/\",\"name\":\"Jovem de 21 anos morre dentro de \u00f4nibus na BR-316 pr\u00f3ximo \u00e0 cidade de Picos - Portal NPM\",\"isPartOf\":{\"@id\":\"https:\/\/portalnpm.com\/#website\"},\"primaryImageOfPage\":{\"@id\":\"https:\/\/portalnpm.com\/index.php\/2019\/01\/10\/jovem-de-21-anos-morre-dentro-de-onibus-na-br-316-proximo-a-cidade-de-picos\/#primaryimage\"},\"image\":{\"@id\":\"https:\/\/portalnpm.com\/index.php\/2019\/01\/10\/jovem-de-21-anos-morre-dentro-de-onibus-na-br-316-proximo-a-cidade-de-picos\/#primaryimage\"},\"thumbnailUrl\":\"\",\"datePublished\":\"2019-01-10T22:23:08+00:00\",\"dateModified\":\"2019-01-10T22:23:08+00:00\",\"author\":{\"@id\":\"https:\/\/portalnpm.com\/#\/schema\/person\/35cb55186eae3f074b6783da6d35591e\"},\"breadcrumb\":{\"@id\":\"https:\/\/portalnpm.com\/index.php\/2019\/01\/10\/jovem-de-21-anos-morre-dentro-de-onibus-na-br-316-proximo-a-cidade-de-picos\/#breadcrumb\"},\"inLanguage\":\"pt-BR\",\"potentialAction\":[{\"@type\":\"ReadAction\",\"target\":[\"https:\/\/portalnpm.com\/index.php\/2019\/01\/10\/jovem-de-21-anos-morre-dentro-de-onibus-na-br-316-proximo-a-cidade-de-picos\/\"]}]},{\"@type\":\"ImageObject\",\"inLanguage\":\"pt-BR\",\"@id\":\"https:\/\/portalnpm.com\/index.php\/2019\/01\/10\/jovem-de-21-anos-morre-dentro-de-onibus-na-br-316-proximo-a-cidade-de-picos\/#primaryimage\",\"url\":\"\",\"contentUrl\":\"\"},{\"@type\":\"BreadcrumbList\",\"@id\":\"https:\/\/portalnpm.com\/index.php\/2019\/01\/10\/jovem-de-21-anos-morre-dentro-de-onibus-na-br-316-proximo-a-cidade-de-picos\/#breadcrumb\",\"itemListElement\":[{\"@type\":\"ListItem\",\"position\":1,\"name\":\"In\u00edcio\",\"item\":\"https:\/\/portalnpm.com\/\"},{\"@type\":\"ListItem\",\"position\":2,\"name\":\"Jovem de 21 anos morre dentro de \u00f4nibus na BR-316 pr\u00f3ximo \u00e0 cidade de Picos\"}]},{\"@type\":\"WebSite\",\"@id\":\"https:\/\/portalnpm.com\/#website\",\"url\":\"https:\/\/portalnpm.com\/\",\"name\":\"Portal NPM\",\"description\":\"Not\u00edcias em Primeira M\u00e3o\",\"potentialAction\":[{\"@type\":\"SearchAction\",\"target\":{\"@type\":\"EntryPoint\",\"urlTemplate\":\"https:\/\/portalnpm.com\/?s={search_term_string}\"},\"query-input\":\"required name=search_term_string\"}],\"inLanguage\":\"pt-BR\"},{\"@type\":\"Person\",\"@id\":\"https:\/\/portalnpm.com\/#\/schema\/person\/35cb55186eae3f074b6783da6d35591e\",\"name\":\"Zenilton Lima\",\"image\":{\"@type\":\"ImageObject\",\"inLanguage\":\"pt-BR\",\"@id\":\"https:\/\/portalnpm.com\/#\/schema\/person\/image\/\",\"url\":\"https:\/\/portalnpm.com\/wp-content\/uploads\/2024\/12\/avatar_user_8_1733658137-96x96.jpeg\",\"contentUrl\":\"https:\/\/portalnpm.com\/wp-content\/uploads\/2024\/12\/avatar_user_8_1733658137-96x96.jpeg\",\"caption\":\"Zenilton Lima\"},\"url\":\"https:\/\/portalnpm.com\/index.php\/author\/zenilton\/\"}]}<\/script>\n<!-- \/ Yoast SEO plugin. -->","yoast_head_json":{"title":"Jovem de 21 anos morre dentro de \u00f4nibus na BR-316 pr\u00f3ximo \u00e0 cidade de Picos - Portal NPM","robots":{"index":"index","follow":"follow","max-snippet":"max-snippet:-1","max-image-preview":"max-image-preview:large","max-video-preview":"max-video-preview:-1"},"canonical":"https:\/\/portalnpm.com\/index.php\/2019\/01\/10\/jovem-de-21-anos-morre-dentro-de-onibus-na-br-316-proximo-a-cidade-de-picos\/","og_locale":"pt_BR","og_type":"article","og_title":"Jovem de 21 anos morre dentro de \u00f4nibus na BR-316 pr\u00f3ximo \u00e0 cidade de Picos - Portal NPM","og_description":"No final da manh\u00e3 desta quinta-feira (10) de janeiro, deu entrada no Hospital Regional Eust\u00e1quio Portela (HREP) em Valen\u00e7a do Piau\u00ed, j\u00e1 sem vida, por morte natural (infarto), o jovem Jhonatan Willyan da Silva Dias de 21 anos, com resid\u00eancia fixa em Marab\u00e1\/PA. A morte se deu quando o jovem viajava em um \u00f4nibus da &hellip;","og_url":"https:\/\/portalnpm.com\/index.php\/2019\/01\/10\/jovem-de-21-anos-morre-dentro-de-onibus-na-br-316-proximo-a-cidade-de-picos\/","og_site_name":"Portal NPM","article_published_time":"2019-01-10T22:23:08+00:00","author":"Zenilton Lima","twitter_card":"summary_large_image","twitter_misc":{"Escrito por":"Zenilton Lima","Est. tempo de leitura":"1 minuto"},"schema":{"@context":"https:\/\/schema.org","@graph":[{"@type":"WebPage","@id":"https:\/\/portalnpm.com\/index.php\/2019\/01\/10\/jovem-de-21-anos-morre-dentro-de-onibus-na-br-316-proximo-a-cidade-de-picos\/","url":"https:\/\/portalnpm.com\/index.php\/2019\/01\/10\/jovem-de-21-anos-morre-dentro-de-onibus-na-br-316-proximo-a-cidade-de-picos\/","name":"Jovem de 21 anos morre dentro de \u00f4nibus na BR-316 pr\u00f3ximo \u00e0 cidade de Picos - Portal NPM","isPartOf":{"@id":"https:\/\/portalnpm.com\/#website"},"primaryImageOfPage":{"@id":"https:\/\/portalnpm.com\/index.php\/2019\/01\/10\/jovem-de-21-anos-morre-dentro-de-onibus-na-br-316-proximo-a-cidade-de-picos\/#primaryimage"},"image":{"@id":"https:\/\/portalnpm.com\/index.php\/2019\/01\/10\/jovem-de-21-anos-morre-dentro-de-onibus-na-br-316-proximo-a-cidade-de-picos\/#primaryimage"},"thumbnailUrl":"","datePublished":"2019-01-10T22:23:08+00:00","dateModified":"2019-01-10T22:23:08+00:00","author":{"@id":"https:\/\/portalnpm.com\/#\/schema\/person\/35cb55186eae3f074b6783da6d35591e"},"breadcrumb":{"@id":"https:\/\/portalnpm.com\/index.php\/2019\/01\/10\/jovem-de-21-anos-morre-dentro-de-onibus-na-br-316-proximo-a-cidade-de-picos\/#breadcrumb"},"inLanguage":"pt-BR","potentialAction":[{"@type":"ReadAction","target":["https:\/\/portalnpm.com\/index.php\/2019\/01\/10\/jovem-de-21-anos-morre-dentro-de-onibus-na-br-316-proximo-a-cidade-de-picos\/"]}]},{"@type":"ImageObject","inLanguage":"pt-BR","@id":"https:\/\/portalnpm.com\/index.php\/2019\/01\/10\/jovem-de-21-anos-morre-dentro-de-onibus-na-br-316-proximo-a-cidade-de-picos\/#primaryimage","url":"","contentUrl":""},{"@type":"BreadcrumbList","@id":"https:\/\/portalnpm.com\/index.php\/2019\/01\/10\/jovem-de-21-anos-morre-dentro-de-onibus-na-br-316-proximo-a-cidade-de-picos\/#breadcrumb","itemListElement":[{"@type":"ListItem","position":1,"name":"In\u00edcio","item":"https:\/\/portalnpm.com\/"},{"@type":"ListItem","position":2,"name":"Jovem de 21 anos morre dentro de \u00f4nibus na BR-316 pr\u00f3ximo \u00e0 cidade de Picos"}]},{"@type":"WebSite","@id":"https:\/\/portalnpm.com\/#website","url":"https:\/\/portalnpm.com\/","name":"Portal NPM","description":"Not\u00edcias em Primeira M\u00e3o","potentialAction":[{"@type":"SearchAction","target":{"@type":"EntryPoint","urlTemplate":"https:\/\/portalnpm.com\/?s={search_term_string}"},"query-input":"required name=search_term_string"}],"inLanguage":"pt-BR"},{"@type":"Person","@id":"https:\/\/portalnpm.com\/#\/schema\/person\/35cb55186eae3f074b6783da6d35591e","name":"Zenilton Lima","image":{"@type":"ImageObject","inLanguage":"pt-BR","@id":"https:\/\/portalnpm.com\/#\/schema\/person\/image\/","url":"https:\/\/portalnpm.com\/wp-content\/uploads\/2024\/12\/avatar_user_8_1733658137-96x96.jpeg","contentUrl":"https:\/\/portalnpm.com\/wp-content\/uploads\/2024\/12\/avatar_user_8_1733658137-96x96.jpeg","caption":"Zenilton Lima"},"url":"https:\/\/portalnpm.com\/index.php\/author\/zenilton\/"}]}},"jetpack_sharing_enabled":true,"jetpack_featured_media_url":"","_links":{"self":[{"href":"https:\/\/portalnpm.com\/index.php\/wp-json\/wp\/v2\/posts\/4775"}],"collection":[{"href":"https:\/\/portalnpm.com\/index.php\/wp-json\/wp\/v2\/posts"}],"about":[{"href":"https:\/\/portalnpm.com\/index.php\/wp-json\/wp\/v2\/types\/post"}],"author":[{"embeddable":true,"href":"https:\/\/portalnpm.com\/index.php\/wp-json\/wp\/v2\/users\/8"}],"replies":[{"embeddable":true,"href":"https:\/\/portalnpm.com\/index.php\/wp-json\/wp\/v2\/comments?post=4775"}],"version-history":[{"count":0,"href":"https:\/\/portalnpm.com\/index.php\/wp-json\/wp\/v2\/posts\/4775\/revisions"}],"wp:featuredmedia":[{"embeddable":true,"href":"https:\/\/portalnpm.com\/index.php\/wp-json\/"}],"wp:attachment":[{"href":"https:\/\/portalnpm.com\/index.php\/wp-json\/wp\/v2\/media?parent=4775"}],"wp:term":[{"taxonomy":"category","embeddable":true,"href":"https:\/\/portalnpm.com\/index.php\/wp-json\/wp\/v2\/categories?post=4775"},{"taxonomy":"post_tag","embeddable":true,"href":"https:\/\/portalnpm.com\/index.php\/wp-json\/wp\/v2\/tags?post=4775"}],"curies":[{"name":"wp","href":"https:\/\/api.w.org\/{rel}","templated":true}]}}