{"id":4781,"date":"2019-01-11T10:32:16","date_gmt":"2019-01-11T12:32:16","guid":{"rendered":"http:\/\/srv.portalnpm.com.br\/?p=4781"},"modified":"2019-01-11T10:32:16","modified_gmt":"2019-01-11T12:32:16","slug":"prefeito-baia-anuncia-atracoes-da-festa-do-aniversario-de-campo-grande-do-piaui","status":"publish","type":"post","link":"https:\/\/portalnpm.com\/index.php\/2019\/01\/11\/prefeito-baia-anuncia-atracoes-da-festa-do-aniversario-de-campo-grande-do-piaui\/","title":{"rendered":"Prefeito Bai\u00e1 anuncia atra\u00e7\u00f5es da festa do anivers\u00e1rio de Campo Grande do Piau\u00ed"},"content":{"rendered":"<p style=\"text-align: justify;\">Campo Grande do Piau\u00ed completa, neste m\u00eas de janeiro, 25 anos de emancipado. E para comemorar a mais importante data do calend\u00e1rio municipal e os tempos de progresso por que passa o munic\u00edpio, a Prefeitura Municipal vai realizar diversas atividades.<\/p>\n<p style=\"text-align: justify;\">O ponto alto da programa\u00e7\u00e3o \u00e9 a festa. O evento \u00e9 uma tradi\u00e7\u00e3o do interior do Piau\u00ed e atrai milhares de pessoas anualmente, movimentando a economia local e promovendo lazer e entretenimento \u00e0 popula\u00e7\u00e3o e visitantes.<\/p>\n<p style=\"text-align: justify;\">As atra\u00e7\u00f5es art\u00edsticas da festa do anivers\u00e1rio foram anunciadas pelo prefeito Jo\u00e3o Batista de Oliveira, o Bai\u00e1, nesta quinta-feira (11). A principal delas \u00e9 o jovem Jonas Esticado, al\u00e9m do cantor Zeca Bota Bom e artistas locais.<\/p>\n<p style=\"text-align: justify;\">O evento, segundo o prefeito Bai\u00e1, come\u00e7a no dia 25 de janeiro e s\u00f3 termina no dia 26, data do anivers\u00e1rio de Campo Grande. \u201cEstamos preparando uma grande festa para comemorar com a popula\u00e7\u00e3o essa data t\u00e3o importante, que \u00e9 o anivers\u00e1rio de Campo Grande. S\u00e3o 25 anos de hist\u00f3ria, da qual tenho muito orgulho de fazer parte, promovendo o desenvolvimento desta terra querida\u201d, disse.<\/p>\n<p style=\"text-align: justify;\"><strong>Fonte: Cidades na Net\u00a0<\/strong><\/p>\n","protected":false},"excerpt":{"rendered":"<p>Campo Grande do Piau\u00ed completa, neste m\u00eas de janeiro, 25 anos de emancipado. E para comemorar a mais importante data do calend\u00e1rio municipal e os tempos de progresso por que passa o munic\u00edpio, a Prefeitura Municipal vai realizar diversas atividades. O ponto alto da programa\u00e7\u00e3o \u00e9 a festa. O evento \u00e9 uma tradi\u00e7\u00e3o do interior &hellip;<\/p>\n","protected":false},"author":4,"featured_media":4782,"comment_status":"open","ping_status":"open","sticky":false,"template":"","format":"standard","meta":{"content-type":"","rop_custom_images_group":[],"rop_custom_messages_group":[],"rop_publish_now":"initial","rop_publish_now_accounts":{"facebook_2648258775420054_1618374048415101":""},"rop_publish_now_history":[],"rop_publish_now_status":"pending","footnotes":"","_jetpack_memberships_contains_paid_content":false},"categories":[138,113,109],"tags":[116,223,437,1660,135],"yoast_head":"<!-- This site is optimized with the Yoast SEO plugin v22.3 - https:\/\/yoast.com\/wordpress\/plugins\/seo\/ -->\n<title>Prefeito Bai\u00e1 anuncia atra\u00e7\u00f5es da festa do anivers\u00e1rio de Campo Grande do Piau\u00ed - Portal NPM<\/title>\n<meta name=\"robots\" content=\"index, follow, max-snippet:-1, max-image-preview:large, max-video-preview:-1\" \/>\n<link rel=\"canonical\" href=\"https:\/\/portalnpm.com\/index.php\/2019\/01\/11\/prefeito-baia-anuncia-atracoes-da-festa-do-aniversario-de-campo-grande-do-piaui\/\" \/>\n<meta property=\"og:locale\" content=\"pt_BR\" \/>\n<meta property=\"og:type\" content=\"article\" \/>\n<meta property=\"og:title\" content=\"Prefeito Bai\u00e1 anuncia atra\u00e7\u00f5es da festa do anivers\u00e1rio de Campo Grande do Piau\u00ed - Portal NPM\" \/>\n<meta property=\"og:description\" content=\"Campo Grande do Piau\u00ed completa, neste m\u00eas de janeiro, 25 anos de emancipado. E para comemorar a mais importante data do calend\u00e1rio municipal e os tempos de progresso por que passa o munic\u00edpio, a Prefeitura Municipal vai realizar diversas atividades. O ponto alto da programa\u00e7\u00e3o \u00e9 a festa. O evento \u00e9 uma tradi\u00e7\u00e3o do interior &hellip;\" \/>\n<meta property=\"og:url\" content=\"https:\/\/portalnpm.com\/index.php\/2019\/01\/11\/prefeito-baia-anuncia-atracoes-da-festa-do-aniversario-de-campo-grande-do-piaui\/\" \/>\n<meta property=\"og:site_name\" content=\"Portal NPM\" \/>\n<meta property=\"article:published_time\" content=\"2019-01-11T12:32:16+00:00\" \/>\n<meta name=\"author\" content=\"Reda\u00e7\u00e3o\" \/>\n<meta name=\"twitter:card\" content=\"summary_large_image\" \/>\n<meta name=\"twitter:label1\" content=\"Escrito por\" \/>\n\t<meta name=\"twitter:data1\" content=\"Reda\u00e7\u00e3o\" \/>\n\t<meta name=\"twitter:label2\" content=\"Est. tempo de leitura\" \/>\n\t<meta name=\"twitter:data2\" content=\"1 minuto\" \/>\n<script type=\"application\/ld+json\" class=\"yoast-schema-graph\">{\"@context\":\"https:\/\/schema.org\",\"@graph\":[{\"@type\":\"WebPage\",\"@id\":\"https:\/\/portalnpm.com\/index.php\/2019\/01\/11\/prefeito-baia-anuncia-atracoes-da-festa-do-aniversario-de-campo-grande-do-piaui\/\",\"url\":\"https:\/\/portalnpm.com\/index.php\/2019\/01\/11\/prefeito-baia-anuncia-atracoes-da-festa-do-aniversario-de-campo-grande-do-piaui\/\",\"name\":\"Prefeito Bai\u00e1 anuncia atra\u00e7\u00f5es da festa do anivers\u00e1rio de Campo Grande do Piau\u00ed - Portal NPM\",\"isPartOf\":{\"@id\":\"https:\/\/portalnpm.com\/#website\"},\"primaryImageOfPage\":{\"@id\":\"https:\/\/portalnpm.com\/index.php\/2019\/01\/11\/prefeito-baia-anuncia-atracoes-da-festa-do-aniversario-de-campo-grande-do-piaui\/#primaryimage\"},\"image\":{\"@id\":\"https:\/\/portalnpm.com\/index.php\/2019\/01\/11\/prefeito-baia-anuncia-atracoes-da-festa-do-aniversario-de-campo-grande-do-piaui\/#primaryimage\"},\"thumbnailUrl\":\"\",\"datePublished\":\"2019-01-11T12:32:16+00:00\",\"dateModified\":\"2019-01-11T12:32:16+00:00\",\"author\":{\"@id\":\"https:\/\/portalnpm.com\/#\/schema\/person\/0b5f230ec96cee25504fa328e7f2b733\"},\"breadcrumb\":{\"@id\":\"https:\/\/portalnpm.com\/index.php\/2019\/01\/11\/prefeito-baia-anuncia-atracoes-da-festa-do-aniversario-de-campo-grande-do-piaui\/#breadcrumb\"},\"inLanguage\":\"pt-BR\",\"potentialAction\":[{\"@type\":\"ReadAction\",\"target\":[\"https:\/\/portalnpm.com\/index.php\/2019\/01\/11\/prefeito-baia-anuncia-atracoes-da-festa-do-aniversario-de-campo-grande-do-piaui\/\"]}]},{\"@type\":\"ImageObject\",\"inLanguage\":\"pt-BR\",\"@id\":\"https:\/\/portalnpm.com\/index.php\/2019\/01\/11\/prefeito-baia-anuncia-atracoes-da-festa-do-aniversario-de-campo-grande-do-piaui\/#primaryimage\",\"url\":\"\",\"contentUrl\":\"\"},{\"@type\":\"BreadcrumbList\",\"@id\":\"https:\/\/portalnpm.com\/index.php\/2019\/01\/11\/prefeito-baia-anuncia-atracoes-da-festa-do-aniversario-de-campo-grande-do-piaui\/#breadcrumb\",\"itemListElement\":[{\"@type\":\"ListItem\",\"position\":1,\"name\":\"In\u00edcio\",\"item\":\"https:\/\/portalnpm.com\/\"},{\"@type\":\"ListItem\",\"position\":2,\"name\":\"Prefeito Bai\u00e1 anuncia atra\u00e7\u00f5es da festa do anivers\u00e1rio de Campo Grande do Piau\u00ed\"}]},{\"@type\":\"WebSite\",\"@id\":\"https:\/\/portalnpm.com\/#website\",\"url\":\"https:\/\/portalnpm.com\/\",\"name\":\"Portal NPM\",\"description\":\"Not\u00edcias em Primeira M\u00e3o\",\"potentialAction\":[{\"@type\":\"SearchAction\",\"target\":{\"@type\":\"EntryPoint\",\"urlTemplate\":\"https:\/\/portalnpm.com\/?s={search_term_string}\"},\"query-input\":\"required name=search_term_string\"}],\"inLanguage\":\"pt-BR\"},{\"@type\":\"Person\",\"@id\":\"https:\/\/portalnpm.com\/#\/schema\/person\/0b5f230ec96cee25504fa328e7f2b733\",\"name\":\"Reda\u00e7\u00e3o\",\"image\":{\"@type\":\"ImageObject\",\"inLanguage\":\"pt-BR\",\"@id\":\"https:\/\/portalnpm.com\/#\/schema\/person\/image\/\",\"url\":\"https:\/\/portalnpm.com\/wp-content\/uploads\/2024\/03\/avatar_user_4_1710097212-96x96.png\",\"contentUrl\":\"https:\/\/portalnpm.com\/wp-content\/uploads\/2024\/03\/avatar_user_4_1710097212-96x96.png\",\"caption\":\"Reda\u00e7\u00e3o\"},\"url\":\"https:\/\/portalnpm.com\/index.php\/author\/redacao\/\"}]}<\/script>\n<!-- \/ Yoast SEO plugin. -->","yoast_head_json":{"title":"Prefeito Bai\u00e1 anuncia atra\u00e7\u00f5es da festa do anivers\u00e1rio de Campo Grande do Piau\u00ed - Portal NPM","robots":{"index":"index","follow":"follow","max-snippet":"max-snippet:-1","max-image-preview":"max-image-preview:large","max-video-preview":"max-video-preview:-1"},"canonical":"https:\/\/portalnpm.com\/index.php\/2019\/01\/11\/prefeito-baia-anuncia-atracoes-da-festa-do-aniversario-de-campo-grande-do-piaui\/","og_locale":"pt_BR","og_type":"article","og_title":"Prefeito Bai\u00e1 anuncia atra\u00e7\u00f5es da festa do anivers\u00e1rio de Campo Grande do Piau\u00ed - Portal NPM","og_description":"Campo Grande do Piau\u00ed completa, neste m\u00eas de janeiro, 25 anos de emancipado. E para comemorar a mais importante data do calend\u00e1rio municipal e os tempos de progresso por que passa o munic\u00edpio, a Prefeitura Municipal vai realizar diversas atividades. O ponto alto da programa\u00e7\u00e3o \u00e9 a festa. O evento \u00e9 uma tradi\u00e7\u00e3o do interior &hellip;","og_url":"https:\/\/portalnpm.com\/index.php\/2019\/01\/11\/prefeito-baia-anuncia-atracoes-da-festa-do-aniversario-de-campo-grande-do-piaui\/","og_site_name":"Portal NPM","article_published_time":"2019-01-11T12:32:16+00:00","author":"Reda\u00e7\u00e3o","twitter_card":"summary_large_image","twitter_misc":{"Escrito por":"Reda\u00e7\u00e3o","Est. tempo de leitura":"1 minuto"},"schema":{"@context":"https:\/\/schema.org","@graph":[{"@type":"WebPage","@id":"https:\/\/portalnpm.com\/index.php\/2019\/01\/11\/prefeito-baia-anuncia-atracoes-da-festa-do-aniversario-de-campo-grande-do-piaui\/","url":"https:\/\/portalnpm.com\/index.php\/2019\/01\/11\/prefeito-baia-anuncia-atracoes-da-festa-do-aniversario-de-campo-grande-do-piaui\/","name":"Prefeito Bai\u00e1 anuncia atra\u00e7\u00f5es da festa do anivers\u00e1rio de Campo Grande do Piau\u00ed - Portal NPM","isPartOf":{"@id":"https:\/\/portalnpm.com\/#website"},"primaryImageOfPage":{"@id":"https:\/\/portalnpm.com\/index.php\/2019\/01\/11\/prefeito-baia-anuncia-atracoes-da-festa-do-aniversario-de-campo-grande-do-piaui\/#primaryimage"},"image":{"@id":"https:\/\/portalnpm.com\/index.php\/2019\/01\/11\/prefeito-baia-anuncia-atracoes-da-festa-do-aniversario-de-campo-grande-do-piaui\/#primaryimage"},"thumbnailUrl":"","datePublished":"2019-01-11T12:32:16+00:00","dateModified":"2019-01-11T12:32:16+00:00","author":{"@id":"https:\/\/portalnpm.com\/#\/schema\/person\/0b5f230ec96cee25504fa328e7f2b733"},"breadcrumb":{"@id":"https:\/\/portalnpm.com\/index.php\/2019\/01\/11\/prefeito-baia-anuncia-atracoes-da-festa-do-aniversario-de-campo-grande-do-piaui\/#breadcrumb"},"inLanguage":"pt-BR","potentialAction":[{"@type":"ReadAction","target":["https:\/\/portalnpm.com\/index.php\/2019\/01\/11\/prefeito-baia-anuncia-atracoes-da-festa-do-aniversario-de-campo-grande-do-piaui\/"]}]},{"@type":"ImageObject","inLanguage":"pt-BR","@id":"https:\/\/portalnpm.com\/index.php\/2019\/01\/11\/prefeito-baia-anuncia-atracoes-da-festa-do-aniversario-de-campo-grande-do-piaui\/#primaryimage","url":"","contentUrl":""},{"@type":"BreadcrumbList","@id":"https:\/\/portalnpm.com\/index.php\/2019\/01\/11\/prefeito-baia-anuncia-atracoes-da-festa-do-aniversario-de-campo-grande-do-piaui\/#breadcrumb","itemListElement":[{"@type":"ListItem","position":1,"name":"In\u00edcio","item":"https:\/\/portalnpm.com\/"},{"@type":"ListItem","position":2,"name":"Prefeito Bai\u00e1 anuncia atra\u00e7\u00f5es da festa do anivers\u00e1rio de Campo Grande do Piau\u00ed"}]},{"@type":"WebSite","@id":"https:\/\/portalnpm.com\/#website","url":"https:\/\/portalnpm.com\/","name":"Portal NPM","description":"Not\u00edcias em Primeira M\u00e3o","potentialAction":[{"@type":"SearchAction","target":{"@type":"EntryPoint","urlTemplate":"https:\/\/portalnpm.com\/?s={search_term_string}"},"query-input":"required name=search_term_string"}],"inLanguage":"pt-BR"},{"@type":"Person","@id":"https:\/\/portalnpm.com\/#\/schema\/person\/0b5f230ec96cee25504fa328e7f2b733","name":"Reda\u00e7\u00e3o","image":{"@type":"ImageObject","inLanguage":"pt-BR","@id":"https:\/\/portalnpm.com\/#\/schema\/person\/image\/","url":"https:\/\/portalnpm.com\/wp-content\/uploads\/2024\/03\/avatar_user_4_1710097212-96x96.png","contentUrl":"https:\/\/portalnpm.com\/wp-content\/uploads\/2024\/03\/avatar_user_4_1710097212-96x96.png","caption":"Reda\u00e7\u00e3o"},"url":"https:\/\/portalnpm.com\/index.php\/author\/redacao\/"}]}},"jetpack_sharing_enabled":true,"jetpack_featured_media_url":"","_links":{"self":[{"href":"https:\/\/portalnpm.com\/index.php\/wp-json\/wp\/v2\/posts\/4781"}],"collection":[{"href":"https:\/\/portalnpm.com\/index.php\/wp-json\/wp\/v2\/posts"}],"about":[{"href":"https:\/\/portalnpm.com\/index.php\/wp-json\/wp\/v2\/types\/post"}],"author":[{"embeddable":true,"href":"https:\/\/portalnpm.com\/index.php\/wp-json\/wp\/v2\/users\/4"}],"replies":[{"embeddable":true,"href":"https:\/\/portalnpm.com\/index.php\/wp-json\/wp\/v2\/comments?post=4781"}],"version-history":[{"count":0,"href":"https:\/\/portalnpm.com\/index.php\/wp-json\/wp\/v2\/posts\/4781\/revisions"}],"wp:featuredmedia":[{"embeddable":true,"href":"https:\/\/portalnpm.com\/index.php\/wp-json\/"}],"wp:attachment":[{"href":"https:\/\/portalnpm.com\/index.php\/wp-json\/wp\/v2\/media?parent=4781"}],"wp:term":[{"taxonomy":"category","embeddable":true,"href":"https:\/\/portalnpm.com\/index.php\/wp-json\/wp\/v2\/categories?post=4781"},{"taxonomy":"post_tag","embeddable":true,"href":"https:\/\/portalnpm.com\/index.php\/wp-json\/wp\/v2\/tags?post=4781"}],"curies":[{"name":"wp","href":"https:\/\/api.w.org\/{rel}","templated":true}]}}