{"id":47817,"date":"2023-07-19T16:23:50","date_gmt":"2023-07-19T19:23:50","guid":{"rendered":"https:\/\/portalnpm.com\/?p=47817"},"modified":"2023-07-19T16:23:50","modified_gmt":"2023-07-19T19:23:50","slug":"acidente-entre-onibus-mata-motorista-e-deixa-dezenas-de-pessoas-feridas","status":"publish","type":"post","link":"https:\/\/portalnpm.com\/index.php\/2023\/07\/19\/acidente-entre-onibus-mata-motorista-e-deixa-dezenas-de-pessoas-feridas\/","title":{"rendered":"Acidente entre \u00f4nibus mata motorista e deixa dezenas de pessoas feridas"},"content":{"rendered":"<div class=\"content\">\n<p style=\"text-align: justify;\">Uma\u00a0colis\u00e3o\u00a0entre dois \u00f4nibus deixou uma pessoa morta e dezenas de pessoas feridas na \u00faltima ter\u00e7a-feira (18\/07), na BR-060, em An\u00e1polis\/GO. A v\u00edtima \u00e9 um motorista do \u00f4nibus que estava parado. As informa\u00e7\u00f5es s\u00e3o do\u00a0<a href=\"https:\/\/www.metropoles.com\/brasil\/acidente-entre-dois-onibus\" target=\"_blank\" rel=\"noopener\"><strong>Metr\u00f3poles.<\/strong><\/a><\/p>\n<div id=\"standard_2\" class=\"st-placement standard_2 inArticle\" style=\"text-align: justify;\"><\/div>\n<div class=\"small-image-noticia\" style=\"text-align: justify;\"><span class=\"credit\">FOTO: DIVULGA\u00c7\u00c3O \/ PRF<\/span><img decoding=\"async\" src=\"http:\/\/storage.stwonline.com.br\/180graus\/media\/image_bank\/2023\/7\/acidente-entre-onibus-deixa-uma-pessoa-morta-e-dezenas-de-fe_9007810969821394694.webp\" alt=\"Acidente entre \u00f4nibus deixa uma pessoa morta e dezenas de feridos\" width=\"300\" height=\"\" \/><\/p>\n<div class=\"legend\">Acidente entre \u00f4nibus deixa uma pessoa morta e dezenas de feridos<\/div>\n<\/div>\n<p style=\"text-align: justify;\">Segundo a Pol\u00edcia Rodovi\u00e1ria Federal (PRF), duas faixas da rodovia foram interditadas para o atendimento das v\u00edtimas. Um\u00a0\u00f4nibus foi atingido por outro ve\u00edculo quando estava parado em uma das pistas da BR-060.<\/p>\n<div class=\"alright_article\" style=\"text-align: justify;\"><\/div>\n<p style=\"text-align: justify;\">Corpo de Bombeiros, Servi\u00e7o de Atendimento M\u00f3vel de Urg\u00eancia (Samu)\u00a0e a concession\u00e1ria Triunfo Concebra, respons\u00e1vel pela rodovia, foram acionadas para atender a ocorr\u00eancia.<\/p>\n<div id=\"supertag-ad-0bqe8us5o\" style=\"text-align: justify;\" data-google-query-id=\"COKWh4m_m4ADFauXlQIdj2ULiw\">\n<div id=\"google_ads_iframe_\/21830119956,21770540060\/180graus\/23n_D2_MOB_INTERNA_0__container__\"><\/div>\n<\/div>\n<p style=\"text-align: justify;\">Tr\u00eas feridos foram encaminhados ao Hospital Estadual de An\u00e1polis Dr. Henrique Santillo (HEANA) e outras tr\u00eas v\u00edtimas ao Pronto Socorro do Hospital Hapvida, ambos em An\u00e1polis.<\/p>\n<\/div>\n<div class=\"row justify-content-between comunica-erro\" style=\"text-align: justify;\">Fonte: Metr\u00f3poles<\/div>\n","protected":false},"excerpt":{"rendered":"<p>Uma\u00a0colis\u00e3o\u00a0entre dois \u00f4nibus deixou uma pessoa morta e dezenas de pessoas feridas na \u00faltima ter\u00e7a-feira (18\/07), na BR-060, em An\u00e1polis\/GO. A v\u00edtima \u00e9 um motorista do \u00f4nibus que estava parado. As informa\u00e7\u00f5es s\u00e3o do\u00a0Metr\u00f3poles. FOTO: DIVULGA\u00c7\u00c3O \/ PRF Acidente entre \u00f4nibus deixa uma pessoa morta e dezenas de feridos Segundo a Pol\u00edcia Rodovi\u00e1ria Federal (PRF), &hellip;<\/p>\n","protected":false},"author":2,"featured_media":0,"comment_status":"open","ping_status":"open","sticky":false,"template":"","format":"standard","meta":{"content-type":"","rop_custom_images_group":[],"rop_custom_messages_group":[],"rop_publish_now":"initial","rop_publish_now_accounts":{"facebook_2648258775420054_1618374048415101":""},"rop_publish_now_history":[],"rop_publish_now_status":"pending","footnotes":"","_jetpack_memberships_contains_paid_content":false},"categories":[118],"tags":[154,806],"yoast_head":"<!-- This site is optimized with the Yoast SEO plugin v22.3 - https:\/\/yoast.com\/wordpress\/plugins\/seo\/ -->\n<title>Acidente entre \u00f4nibus mata motorista e deixa dezenas de pessoas feridas - Portal NPM<\/title>\n<meta name=\"robots\" content=\"index, follow, max-snippet:-1, max-image-preview:large, max-video-preview:-1\" \/>\n<link rel=\"canonical\" href=\"https:\/\/portalnpm.com\/index.php\/2023\/07\/19\/acidente-entre-onibus-mata-motorista-e-deixa-dezenas-de-pessoas-feridas\/\" \/>\n<meta property=\"og:locale\" content=\"pt_BR\" \/>\n<meta property=\"og:type\" content=\"article\" \/>\n<meta property=\"og:title\" content=\"Acidente entre \u00f4nibus mata motorista e deixa dezenas de pessoas feridas - Portal NPM\" \/>\n<meta property=\"og:description\" content=\"Uma\u00a0colis\u00e3o\u00a0entre dois \u00f4nibus deixou uma pessoa morta e dezenas de pessoas feridas na \u00faltima ter\u00e7a-feira (18\/07), na BR-060, em An\u00e1polis\/GO. A v\u00edtima \u00e9 um motorista do \u00f4nibus que estava parado. As informa\u00e7\u00f5es s\u00e3o do\u00a0Metr\u00f3poles. FOTO: DIVULGA\u00c7\u00c3O \/ PRF Acidente entre \u00f4nibus deixa uma pessoa morta e dezenas de feridos Segundo a Pol\u00edcia Rodovi\u00e1ria Federal (PRF), &hellip;\" \/>\n<meta property=\"og:url\" content=\"https:\/\/portalnpm.com\/index.php\/2023\/07\/19\/acidente-entre-onibus-mata-motorista-e-deixa-dezenas-de-pessoas-feridas\/\" \/>\n<meta property=\"og:site_name\" content=\"Portal NPM\" \/>\n<meta property=\"article:published_time\" content=\"2023-07-19T19:23:50+00:00\" \/>\n<meta property=\"og:image\" content=\"http:\/\/storage.stwonline.com.br\/180graus\/media\/image_bank\/2023\/7\/acidente-entre-onibus-deixa-uma-pessoa-morta-e-dezenas-de-fe_9007810969821394694.webp\" \/>\n<meta name=\"author\" content=\"Genival Barbosa\" \/>\n<meta name=\"twitter:card\" content=\"summary_large_image\" \/>\n<meta name=\"twitter:label1\" content=\"Escrito por\" \/>\n\t<meta name=\"twitter:data1\" content=\"Genival Barbosa\" \/>\n\t<meta name=\"twitter:label2\" content=\"Est. tempo de leitura\" \/>\n\t<meta name=\"twitter:data2\" content=\"1 minuto\" \/>\n<script type=\"application\/ld+json\" class=\"yoast-schema-graph\">{\"@context\":\"https:\/\/schema.org\",\"@graph\":[{\"@type\":\"WebPage\",\"@id\":\"https:\/\/portalnpm.com\/index.php\/2023\/07\/19\/acidente-entre-onibus-mata-motorista-e-deixa-dezenas-de-pessoas-feridas\/\",\"url\":\"https:\/\/portalnpm.com\/index.php\/2023\/07\/19\/acidente-entre-onibus-mata-motorista-e-deixa-dezenas-de-pessoas-feridas\/\",\"name\":\"Acidente entre \u00f4nibus mata motorista e deixa dezenas de pessoas feridas - Portal NPM\",\"isPartOf\":{\"@id\":\"https:\/\/portalnpm.com\/#website\"},\"primaryImageOfPage\":{\"@id\":\"https:\/\/portalnpm.com\/index.php\/2023\/07\/19\/acidente-entre-onibus-mata-motorista-e-deixa-dezenas-de-pessoas-feridas\/#primaryimage\"},\"image\":{\"@id\":\"https:\/\/portalnpm.com\/index.php\/2023\/07\/19\/acidente-entre-onibus-mata-motorista-e-deixa-dezenas-de-pessoas-feridas\/#primaryimage\"},\"thumbnailUrl\":\"http:\/\/storage.stwonline.com.br\/180graus\/media\/image_bank\/2023\/7\/acidente-entre-onibus-deixa-uma-pessoa-morta-e-dezenas-de-fe_9007810969821394694.webp\",\"datePublished\":\"2023-07-19T19:23:50+00:00\",\"dateModified\":\"2023-07-19T19:23:50+00:00\",\"author\":{\"@id\":\"https:\/\/portalnpm.com\/#\/schema\/person\/49313e563cfdefcc167f1ee4c017c294\"},\"breadcrumb\":{\"@id\":\"https:\/\/portalnpm.com\/index.php\/2023\/07\/19\/acidente-entre-onibus-mata-motorista-e-deixa-dezenas-de-pessoas-feridas\/#breadcrumb\"},\"inLanguage\":\"pt-BR\",\"potentialAction\":[{\"@type\":\"ReadAction\",\"target\":[\"https:\/\/portalnpm.com\/index.php\/2023\/07\/19\/acidente-entre-onibus-mata-motorista-e-deixa-dezenas-de-pessoas-feridas\/\"]}]},{\"@type\":\"ImageObject\",\"inLanguage\":\"pt-BR\",\"@id\":\"https:\/\/portalnpm.com\/index.php\/2023\/07\/19\/acidente-entre-onibus-mata-motorista-e-deixa-dezenas-de-pessoas-feridas\/#primaryimage\",\"url\":\"http:\/\/storage.stwonline.com.br\/180graus\/media\/image_bank\/2023\/7\/acidente-entre-onibus-deixa-uma-pessoa-morta-e-dezenas-de-fe_9007810969821394694.webp\",\"contentUrl\":\"http:\/\/storage.stwonline.com.br\/180graus\/media\/image_bank\/2023\/7\/acidente-entre-onibus-deixa-uma-pessoa-morta-e-dezenas-de-fe_9007810969821394694.webp\"},{\"@type\":\"BreadcrumbList\",\"@id\":\"https:\/\/portalnpm.com\/index.php\/2023\/07\/19\/acidente-entre-onibus-mata-motorista-e-deixa-dezenas-de-pessoas-feridas\/#breadcrumb\",\"itemListElement\":[{\"@type\":\"ListItem\",\"position\":1,\"name\":\"In\u00edcio\",\"item\":\"https:\/\/portalnpm.com\/\"},{\"@type\":\"ListItem\",\"position\":2,\"name\":\"Acidente entre \u00f4nibus mata motorista e deixa dezenas de pessoas feridas\"}]},{\"@type\":\"WebSite\",\"@id\":\"https:\/\/portalnpm.com\/#website\",\"url\":\"https:\/\/portalnpm.com\/\",\"name\":\"Portal NPM\",\"description\":\"Not\u00edcias em Primeira M\u00e3o\",\"potentialAction\":[{\"@type\":\"SearchAction\",\"target\":{\"@type\":\"EntryPoint\",\"urlTemplate\":\"https:\/\/portalnpm.com\/?s={search_term_string}\"},\"query-input\":\"required name=search_term_string\"}],\"inLanguage\":\"pt-BR\"},{\"@type\":\"Person\",\"@id\":\"https:\/\/portalnpm.com\/#\/schema\/person\/49313e563cfdefcc167f1ee4c017c294\",\"name\":\"Genival Barbosa\",\"image\":{\"@type\":\"ImageObject\",\"inLanguage\":\"pt-BR\",\"@id\":\"https:\/\/portalnpm.com\/#\/schema\/person\/image\/\",\"url\":\"https:\/\/portalnpm.com\/wp-content\/uploads\/2024\/02\/avatar_user_2_1707743258-96x96.jpeg\",\"contentUrl\":\"https:\/\/portalnpm.com\/wp-content\/uploads\/2024\/02\/avatar_user_2_1707743258-96x96.jpeg\",\"caption\":\"Genival Barbosa\"},\"url\":\"https:\/\/portalnpm.com\/index.php\/author\/genival\/\"}]}<\/script>\n<!-- \/ Yoast SEO plugin. -->","yoast_head_json":{"title":"Acidente entre \u00f4nibus mata motorista e deixa dezenas de pessoas feridas - Portal NPM","robots":{"index":"index","follow":"follow","max-snippet":"max-snippet:-1","max-image-preview":"max-image-preview:large","max-video-preview":"max-video-preview:-1"},"canonical":"https:\/\/portalnpm.com\/index.php\/2023\/07\/19\/acidente-entre-onibus-mata-motorista-e-deixa-dezenas-de-pessoas-feridas\/","og_locale":"pt_BR","og_type":"article","og_title":"Acidente entre \u00f4nibus mata motorista e deixa dezenas de pessoas feridas - Portal NPM","og_description":"Uma\u00a0colis\u00e3o\u00a0entre dois \u00f4nibus deixou uma pessoa morta e dezenas de pessoas feridas na \u00faltima ter\u00e7a-feira (18\/07), na BR-060, em An\u00e1polis\/GO. A v\u00edtima \u00e9 um motorista do \u00f4nibus que estava parado. As informa\u00e7\u00f5es s\u00e3o do\u00a0Metr\u00f3poles. FOTO: DIVULGA\u00c7\u00c3O \/ PRF Acidente entre \u00f4nibus deixa uma pessoa morta e dezenas de feridos Segundo a Pol\u00edcia Rodovi\u00e1ria Federal (PRF), &hellip;","og_url":"https:\/\/portalnpm.com\/index.php\/2023\/07\/19\/acidente-entre-onibus-mata-motorista-e-deixa-dezenas-de-pessoas-feridas\/","og_site_name":"Portal NPM","article_published_time":"2023-07-19T19:23:50+00:00","og_image":[{"url":"http:\/\/storage.stwonline.com.br\/180graus\/media\/image_bank\/2023\/7\/acidente-entre-onibus-deixa-uma-pessoa-morta-e-dezenas-de-fe_9007810969821394694.webp"}],"author":"Genival Barbosa","twitter_card":"summary_large_image","twitter_misc":{"Escrito por":"Genival Barbosa","Est. tempo de leitura":"1 minuto"},"schema":{"@context":"https:\/\/schema.org","@graph":[{"@type":"WebPage","@id":"https:\/\/portalnpm.com\/index.php\/2023\/07\/19\/acidente-entre-onibus-mata-motorista-e-deixa-dezenas-de-pessoas-feridas\/","url":"https:\/\/portalnpm.com\/index.php\/2023\/07\/19\/acidente-entre-onibus-mata-motorista-e-deixa-dezenas-de-pessoas-feridas\/","name":"Acidente entre \u00f4nibus mata motorista e deixa dezenas de pessoas feridas - Portal NPM","isPartOf":{"@id":"https:\/\/portalnpm.com\/#website"},"primaryImageOfPage":{"@id":"https:\/\/portalnpm.com\/index.php\/2023\/07\/19\/acidente-entre-onibus-mata-motorista-e-deixa-dezenas-de-pessoas-feridas\/#primaryimage"},"image":{"@id":"https:\/\/portalnpm.com\/index.php\/2023\/07\/19\/acidente-entre-onibus-mata-motorista-e-deixa-dezenas-de-pessoas-feridas\/#primaryimage"},"thumbnailUrl":"http:\/\/storage.stwonline.com.br\/180graus\/media\/image_bank\/2023\/7\/acidente-entre-onibus-deixa-uma-pessoa-morta-e-dezenas-de-fe_9007810969821394694.webp","datePublished":"2023-07-19T19:23:50+00:00","dateModified":"2023-07-19T19:23:50+00:00","author":{"@id":"https:\/\/portalnpm.com\/#\/schema\/person\/49313e563cfdefcc167f1ee4c017c294"},"breadcrumb":{"@id":"https:\/\/portalnpm.com\/index.php\/2023\/07\/19\/acidente-entre-onibus-mata-motorista-e-deixa-dezenas-de-pessoas-feridas\/#breadcrumb"},"inLanguage":"pt-BR","potentialAction":[{"@type":"ReadAction","target":["https:\/\/portalnpm.com\/index.php\/2023\/07\/19\/acidente-entre-onibus-mata-motorista-e-deixa-dezenas-de-pessoas-feridas\/"]}]},{"@type":"ImageObject","inLanguage":"pt-BR","@id":"https:\/\/portalnpm.com\/index.php\/2023\/07\/19\/acidente-entre-onibus-mata-motorista-e-deixa-dezenas-de-pessoas-feridas\/#primaryimage","url":"http:\/\/storage.stwonline.com.br\/180graus\/media\/image_bank\/2023\/7\/acidente-entre-onibus-deixa-uma-pessoa-morta-e-dezenas-de-fe_9007810969821394694.webp","contentUrl":"http:\/\/storage.stwonline.com.br\/180graus\/media\/image_bank\/2023\/7\/acidente-entre-onibus-deixa-uma-pessoa-morta-e-dezenas-de-fe_9007810969821394694.webp"},{"@type":"BreadcrumbList","@id":"https:\/\/portalnpm.com\/index.php\/2023\/07\/19\/acidente-entre-onibus-mata-motorista-e-deixa-dezenas-de-pessoas-feridas\/#breadcrumb","itemListElement":[{"@type":"ListItem","position":1,"name":"In\u00edcio","item":"https:\/\/portalnpm.com\/"},{"@type":"ListItem","position":2,"name":"Acidente entre \u00f4nibus mata motorista e deixa dezenas de pessoas feridas"}]},{"@type":"WebSite","@id":"https:\/\/portalnpm.com\/#website","url":"https:\/\/portalnpm.com\/","name":"Portal NPM","description":"Not\u00edcias em Primeira M\u00e3o","potentialAction":[{"@type":"SearchAction","target":{"@type":"EntryPoint","urlTemplate":"https:\/\/portalnpm.com\/?s={search_term_string}"},"query-input":"required name=search_term_string"}],"inLanguage":"pt-BR"},{"@type":"Person","@id":"https:\/\/portalnpm.com\/#\/schema\/person\/49313e563cfdefcc167f1ee4c017c294","name":"Genival Barbosa","image":{"@type":"ImageObject","inLanguage":"pt-BR","@id":"https:\/\/portalnpm.com\/#\/schema\/person\/image\/","url":"https:\/\/portalnpm.com\/wp-content\/uploads\/2024\/02\/avatar_user_2_1707743258-96x96.jpeg","contentUrl":"https:\/\/portalnpm.com\/wp-content\/uploads\/2024\/02\/avatar_user_2_1707743258-96x96.jpeg","caption":"Genival Barbosa"},"url":"https:\/\/portalnpm.com\/index.php\/author\/genival\/"}]}},"jetpack_sharing_enabled":true,"jetpack_featured_media_url":"","_links":{"self":[{"href":"https:\/\/portalnpm.com\/index.php\/wp-json\/wp\/v2\/posts\/47817"}],"collection":[{"href":"https:\/\/portalnpm.com\/index.php\/wp-json\/wp\/v2\/posts"}],"about":[{"href":"https:\/\/portalnpm.com\/index.php\/wp-json\/wp\/v2\/types\/post"}],"author":[{"embeddable":true,"href":"https:\/\/portalnpm.com\/index.php\/wp-json\/wp\/v2\/users\/2"}],"replies":[{"embeddable":true,"href":"https:\/\/portalnpm.com\/index.php\/wp-json\/wp\/v2\/comments?post=47817"}],"version-history":[{"count":0,"href":"https:\/\/portalnpm.com\/index.php\/wp-json\/wp\/v2\/posts\/47817\/revisions"}],"wp:attachment":[{"href":"https:\/\/portalnpm.com\/index.php\/wp-json\/wp\/v2\/media?parent=47817"}],"wp:term":[{"taxonomy":"category","embeddable":true,"href":"https:\/\/portalnpm.com\/index.php\/wp-json\/wp\/v2\/categories?post=47817"},{"taxonomy":"post_tag","embeddable":true,"href":"https:\/\/portalnpm.com\/index.php\/wp-json\/wp\/v2\/tags?post=47817"}],"curies":[{"name":"wp","href":"https:\/\/api.w.org\/{rel}","templated":true}]}}