{"id":47861,"date":"2023-07-21T11:07:34","date_gmt":"2023-07-21T14:07:34","guid":{"rendered":"https:\/\/portalnpm.com\/?p=47861"},"modified":"2023-07-21T11:07:34","modified_gmt":"2023-07-21T14:07:34","slug":"pl-expulsa-yury-do-paredao-deputado-que-fez-o-l-e-posou-em-fotos-com-lula","status":"publish","type":"post","link":"https:\/\/portalnpm.com\/index.php\/2023\/07\/21\/pl-expulsa-yury-do-paredao-deputado-que-fez-o-l-e-posou-em-fotos-com-lula\/","title":{"rendered":"PL expulsa Yury do Pared\u00e3o, deputado que fez o \u2018L\u2019 e posou em fotos com Lula"},"content":{"rendered":"<div class=\"articlePage_actionTrayContainer_new-DS-EntryPoint1-1\">\n<div class=\"articlePage_actionTray_new-DS-EntryPoint1-1\">\n<p style=\"text-align: justify;\">\n<\/div>\n<\/div>\n<div class=\"articlePage_gridarea_article-DS-EntryPoint1-1 articlePage_gridarea_article\">\n<div class=\"articlePage_articleContentContainer-DS-EntryPoint1-1 dwellTimeStartAllowed-AA1e8hx6\">\n<div class=\"articlePage_contentWrapper_new-DS-EntryPoint1-1 articlePage_contentWrapper_fullArticle-DS-EntryPoint1-1 articlePage_contentWrapper_reducedMargin-DS-EntryPoint1-1 articlePage_contentWrapper_enableRR-DS-EntryPoint1-1\">\n<div class=\"articlePage_absoluteContentWrapper-DS-EntryPoint1-1 articlePage_absoluteContentWrapper_noMargin-DS-EntryPoint1-1\">\n<div data-t=\"{&quot;n&quot;:&quot;ArticleBody&quot;,&quot;t&quot;:13}\">\n<div role=\"main\">\n<section class=\"articlePageBodySection articlePage_section_new-DS-EntryPoint1-1 articlePage_section_continueReading-DS-EntryPoint1-1 articlePage_enableNewGrid-DS-EntryPoint1-1 articlePage_body_expanded-DS-EntryPoint1-1\" data-col=\"c3\">\n<article>\n<div class=\"views-article-body articlePage_body-DS-EntryPoint1-1 articlePage_body_overrides_new-DS-EntryPoint1-1\" data-test-id=\"test-article\">\n<p style=\"text-align: justify;\" data-t=\"{&quot;n&quot;:&quot;blueLinks&quot;}\">BRAS\u00cdLIA \u2013 O deputado federal\u00a0<a tabindex=\"0\" href=\"https:\/\/www.estadao.com.br\/tudo-sobre\/yury-do-paredao\/\" target=\"_blank\" rel=\"noopener\" data-t=\"{&quot;n&quot;:&quot;destination&quot;,&quot;t&quot;:13,&quot;b&quot;:1,&quot;c.t&quot;:7}\"><b>Yury do Pared\u00e3o<\/b><\/a>\u00a0(CE) foi expulso do PL ap\u00f3s fazer reiterados apoios ao presidente\u00a0<a tabindex=\"0\" href=\"https:\/\/www.estadao.com.br\/tudo-sobre\/lula-luiz-inacio-lula-da-silva\/\" target=\"_blank\" rel=\"noopener\" data-t=\"{&quot;n&quot;:&quot;destination&quot;,&quot;t&quot;:13,&quot;b&quot;:1,&quot;c.t&quot;:7}\"><b>Luiz In\u00e1cio Lula da Silva<\/b><\/a>\u00a0(PL), seja em fotos ao lado dele, seja fazendo o \u201cL\u201d com ministros. A decis\u00e3o foi tomada pelo presidente do partido,\u00a0<a tabindex=\"0\" href=\"https:\/\/www.estadao.com.br\/politica\/valdemar-costa-neto-yury-do-paredao-expulsao-pl-partido-jair-bolsonaro-apoio-lula-nprp\/\" target=\"_blank\" rel=\"noopener\" data-t=\"{&quot;n&quot;:&quot;destination&quot;,&quot;t&quot;:13,&quot;b&quot;:1,&quot;c.t&quot;:7}\">Valdemar Costa Neto, que se reuniu com o parlamentar na manh\u00e3 desta quinta-feira, 20<\/a>.<\/p>\n<p style=\"text-align: justify;\" data-t=\"{&quot;n&quot;:&quot;blueLinks&quot;}\">\n<p class=\"continue-read-break\" style=\"text-align: justify;\" data-t=\"{&quot;n&quot;:&quot;blueLinks&quot;}\">Nesta segunda-feira, 17,\u00a0<a tabindex=\"0\" href=\"https:\/\/www.estadao.com.br\/politica\/valdemar-costa-neto-pl-abre-processo-expulsar-deputado-tirou-foto-lula-votou-governo-camara-nprp\/\" target=\"_blank\" rel=\"noopener\" data-t=\"{&quot;n&quot;:&quot;destination&quot;,&quot;t&quot;:13,&quot;b&quot;:1,&quot;c.t&quot;:7}\">Valdemar anunciou a abertura do processo no diret\u00f3rio estadual<\/a>. O presidente da legenda no Cear\u00e1,\u00a0<a tabindex=\"0\" href=\"https:\/\/www.estadao.com.br\/politica\/valdemar-costa-neto-yury-do-paredao-expulsao-pl-partido-jair-bolsonaro-apoio-lula-nprp\/\" target=\"_blank\" rel=\"noopener\" data-t=\"{&quot;n&quot;:&quot;destination&quot;,&quot;t&quot;:13,&quot;b&quot;:1,&quot;c.t&quot;:7}\">Acilon Gon\u00e7alves, devolveu o pedido e informou que a decis\u00e3o caberia ao presidente nacional<\/a>.<\/p>\n<p class=\"\" style=\"text-align: justify;\" tabindex=\"-1\" data-t=\"{&quot;n&quot;:&quot;blueLinks&quot;}\" aria-expanded=\"true\">Mesmo depois da press\u00e3o, Yury continuou sinalizando apoio ao governo: fez propaganda do projeto Desenrola, elaborado para limpar o nome de brasileiros endividados; elogiou a volta do Minha Casa, Minha Vida e se posicionou sobre a aprova\u00e7\u00e3o do arcabou\u00e7o fiscal na C\u00e2mara. \u201cEstou otimista em rela\u00e7\u00e3o ao futuro e \u00e0s transforma\u00e7\u00f5es positivas que essas iniciativas podem trazer para o Pa\u00eds\u201d, escreveu nas redes sociais.<\/p>\n<div class=\"mm_conteudo blog-multimidia foto\" style=\"text-align: justify;\" tabindex=\"-1\" aria-expanded=\"true\">\n<div class=\"article-clear-div\"><\/div>\n<div class=\"article-image-slot image-slot-placeholder\" data-image-href=\"https:\/\/www.msn.com\/pt-br\/noticias\/brasil\/pl-expulsa-yury-do-pared%C3%A3o-deputado-que-fez-o-l-e-posou-em-fotos-com-lula\/ar-AA1e8hx6?ocid=hpmsn&amp;cvid=1f4dc8c7f80b4d90acdab02d39e3e87e&amp;ei=115&amp;fullscreen=true#image=1\" data-doc-id=\"cms\/api\/amp\/image\/AA1dFR97\" data-reset-char-count=\"true\" data-rendered=\"true\">\n<div class=\"article-image-container \" data-t=\"{&quot;n&quot;:&quot;OpenModal&quot;,&quot;t&quot;:13}\"><a class=\"article-image-height-wrapper \" href=\"https:\/\/www.msn.com\/pt-br\/noticias\/brasil\/pl-expulsa-yury-do-pared%C3%A3o-deputado-que-fez-o-l-e-posou-em-fotos-com-lula\/ar-AA1e8hx6?ocid=hpmsn&amp;cvid=5ebb4810136d423e9a6d85366a30090d&amp;ei=10&amp;fullscreen=true#image=1\" target=\"_self\" data-t=\"{&quot;n&quot;:&quot;destination&quot;,&quot;t&quot;:14,&quot;b&quot;:1,&quot;c.t&quot;:14}\" rel=\"noopener\"><img decoding=\"async\" class=\"article-image article-image-ux-impr \" tabindex=\"0\" title=\"Yury do Pared\u00e3o, ao centro, tirou foto com Lula Foto: Reprodu\u00e7\u00e3o\" src=\"https:\/\/img-s-msn-com.akamaized.net\/tenant\/amp\/entityid\/AA1dFR97.img?w=534&amp;h=300&amp;m=6&amp;x=67&amp;y=35&amp;s=567&amp;d=142\" alt=\"Yury do Pared\u00e3o, ao centro, tirou foto com Lula Foto: Reprodu\u00e7\u00e3o\" \/><\/a><\/p>\n<div class=\"image-caption-container image-caption-container-ux-impr   content-small-text\"><span class=\"image-caption\">Yury do Pared\u00e3o, ao centro, tirou foto com Lula Foto: Reprodu\u00e7\u00e3o<\/span><span class=\"image-attribution image-attribution-ux-impr\">\u00a9\u00a0Fornecido por Estad\u00e3o<\/span><\/div>\n<\/div>\n<\/div>\n<\/div>\n<p class=\"\" style=\"text-align: justify;\" tabindex=\"-1\" data-t=\"{&quot;n&quot;:&quot;blueLinks&quot;}\" aria-expanded=\"true\">Na tarde desta quinta-feira, Yury e Valdemar comunicaram a decis\u00e3o. \u201cRecebi na sede do PL Nacional o deputado Yury do Pared\u00e3o, do Cear\u00e1, a quem reafirmei que ser\u00e1 expulso do partido por n\u00e3o comungar dos ideais de nossa legenda\u201d, escreveu Valdemar.<\/p>\n<div class=\"article-clear-div\" style=\"text-align: justify;\" tabindex=\"-1\" aria-expanded=\"true\"><\/div>\n<div class=\"twitter-slot\" style=\"text-align: justify;\" tabindex=\"-1\" data-reset-char-count=\"true\" aria-expanded=\"true\">\n<div class=\"twitter-tweet twitter-tweet-rendered\"><iframe id=\"twitter-widget-0\" class=\"\" title=\"Twitter Tweet\" src=\"https:\/\/platform.twitter.com\/embed\/Tweet.html?dnt=false&amp;embedId=twitter-widget-0&amp;features=eyJ0ZndfdGltZWxpbmVfbGlzdCI6eyJidWNrZXQiOltdLCJ2ZXJzaW9uIjpudWxsfSwidGZ3X2ZvbGxvd2VyX2NvdW50X3N1bnNldCI6eyJidWNrZXQiOnRydWUsInZlcnNpb24iOm51bGx9LCJ0ZndfdHdlZXRfZWRpdF9iYWNrZW5kIjp7ImJ1Y2tldCI6Im9uIiwidmVyc2lvbiI6bnVsbH0sInRmd19yZWZzcmNfc2Vzc2lvbiI6eyJidWNrZXQiOiJvbiIsInZlcnNpb24iOm51bGx9LCJ0ZndfZm9zbnJfc29mdF9pbnRlcnZlbnRpb25zX2VuYWJsZWQiOnsiYnVja2V0Ijoib24iLCJ2ZXJzaW9uIjpudWxsfSwidGZ3X21peGVkX21lZGlhXzE1ODk3Ijp7ImJ1Y2tldCI6InRyZWF0bWVudCIsInZlcnNpb24iOm51bGx9LCJ0ZndfZXhwZXJpbWVudHNfY29va2llX2V4cGlyYXRpb24iOnsiYnVja2V0IjoxMjA5NjAwLCJ2ZXJzaW9uIjpudWxsfSwidGZ3X3Nob3dfYmlyZHdhdGNoX3Bpdm90c19lbmFibGVkIjp7ImJ1Y2tldCI6Im9uIiwidmVyc2lvbiI6bnVsbH0sInRmd19kdXBsaWNhdGVfc2NyaWJlc190b19zZXR0aW5ncyI6eyJidWNrZXQiOiJvbiIsInZlcnNpb24iOm51bGx9LCJ0ZndfdXNlX3Byb2ZpbGVfaW1hZ2Vfc2hhcGVfZW5hYmxlZCI6eyJidWNrZXQiOiJvbiIsInZlcnNpb24iOm51bGx9LCJ0ZndfdmlkZW9faGxzX2R5bmFtaWNfbWFuaWZlc3RzXzE1MDgyIjp7ImJ1Y2tldCI6InRydWVfYml0cmF0ZSIsInZlcnNpb24iOm51bGx9LCJ0ZndfbGVnYWN5X3RpbWVsaW5lX3N1bnNldCI6eyJidWNrZXQiOnRydWUsInZlcnNpb24iOm51bGx9LCJ0ZndfdHdlZXRfZWRpdF9mcm9udGVuZCI6eyJidWNrZXQiOiJvbiIsInZlcnNpb24iOm51bGx9fQ%3D%3D&amp;frame=false&amp;hideCard=false&amp;hideThread=false&amp;id=1682064048802635782&amp;lang=pt&amp;origin=https%3A%2F%2Fwww.estadao.com.br%2Fpolitica%2Fpl-partido-jair-bolsonaro-expulsa-yury-do-paredao-deputado-fez-o-l-posou-fotos-lula-nprp%2F&amp;sessionId=6c0ea5d48b41584f0d33718f35bc54756f7764ce&amp;theme=light&amp;widgetsVersion=aaf4084522e3a%3A1674595607486&amp;width=550px\" frameborder=\"0\" scrolling=\"no\" allowfullscreen=\"allowfullscreen\" data-tweet-id=\"1682064048802635782\" data-mce-fragment=\"1\"><\/iframe><\/div>\n<\/div>\n<div class=\"div-related-embed article-video-slot related-video-large-title-slot related-video-loading-state\" style=\"text-align: justify;\" tabindex=\"-1\" data-content-embed-type=\"auto\" data-reset-char-count=\"true\" aria-expanded=\"true\" data-doc-id=\"AA1e2jqH\" data-rendered=\"true\">\n<p class=\"related-video-divider-top video-title\" data-test-id=\"video-embed-title\">\n<div class=\"video-clear-div\"><\/div>\n<\/div>\n<p class=\"\" style=\"text-align: justify;\" tabindex=\"-1\" data-t=\"{&quot;n&quot;:&quot;blueLinks&quot;}\" aria-expanded=\"true\">\u201cRespeito a decis\u00e3o do presidente. E agrade\u00e7o a oportunidade dada na elei\u00e7\u00e3o de 2022. Sigo como deputado federal, defendendo a democracia, fazendo pol\u00edtica com di\u00e1logo, respeito, sem radicalismo, com toler\u00e2ncia, e defendendo as a\u00e7\u00f5es dos governos que tragam melhorias para o povo brasileiro\u201d, afirmou o parlamentar cearense poucos minutos depois.<\/p>\n<div class=\"article-clear-div\" style=\"text-align: justify;\" tabindex=\"-1\" aria-expanded=\"true\"><\/div>\n<div class=\"twitter-slot\" style=\"text-align: justify;\" tabindex=\"-1\" data-reset-char-count=\"true\" aria-expanded=\"true\">\n<div class=\"twitter-tweet twitter-tweet-rendered\"><iframe id=\"twitter-widget-1\" class=\"\" title=\"Twitter Tweet\" src=\"https:\/\/platform.twitter.com\/embed\/Tweet.html?dnt=false&amp;embedId=twitter-widget-1&amp;features=eyJ0ZndfdGltZWxpbmVfbGlzdCI6eyJidWNrZXQiOltdLCJ2ZXJzaW9uIjpudWxsfSwidGZ3X2ZvbGxvd2VyX2NvdW50X3N1bnNldCI6eyJidWNrZXQiOnRydWUsInZlcnNpb24iOm51bGx9LCJ0ZndfdHdlZXRfZWRpdF9iYWNrZW5kIjp7ImJ1Y2tldCI6Im9uIiwidmVyc2lvbiI6bnVsbH0sInRmd19yZWZzcmNfc2Vzc2lvbiI6eyJidWNrZXQiOiJvbiIsInZlcnNpb24iOm51bGx9LCJ0ZndfZm9zbnJfc29mdF9pbnRlcnZlbnRpb25zX2VuYWJsZWQiOnsiYnVja2V0Ijoib24iLCJ2ZXJzaW9uIjpudWxsfSwidGZ3X21peGVkX21lZGlhXzE1ODk3Ijp7ImJ1Y2tldCI6InRyZWF0bWVudCIsInZlcnNpb24iOm51bGx9LCJ0ZndfZXhwZXJpbWVudHNfY29va2llX2V4cGlyYXRpb24iOnsiYnVja2V0IjoxMjA5NjAwLCJ2ZXJzaW9uIjpudWxsfSwidGZ3X3Nob3dfYmlyZHdhdGNoX3Bpdm90c19lbmFibGVkIjp7ImJ1Y2tldCI6Im9uIiwidmVyc2lvbiI6bnVsbH0sInRmd19kdXBsaWNhdGVfc2NyaWJlc190b19zZXR0aW5ncyI6eyJidWNrZXQiOiJvbiIsInZlcnNpb24iOm51bGx9LCJ0ZndfdXNlX3Byb2ZpbGVfaW1hZ2Vfc2hhcGVfZW5hYmxlZCI6eyJidWNrZXQiOiJvbiIsInZlcnNpb24iOm51bGx9LCJ0ZndfdmlkZW9faGxzX2R5bmFtaWNfbWFuaWZlc3RzXzE1MDgyIjp7ImJ1Y2tldCI6InRydWVfYml0cmF0ZSIsInZlcnNpb24iOm51bGx9LCJ0ZndfbGVnYWN5X3RpbWVsaW5lX3N1bnNldCI6eyJidWNrZXQiOnRydWUsInZlcnNpb24iOm51bGx9LCJ0ZndfdHdlZXRfZWRpdF9mcm9udGVuZCI6eyJidWNrZXQiOiJvbiIsInZlcnNpb24iOm51bGx9fQ%3D%3D&amp;frame=false&amp;hideCard=false&amp;hideThread=false&amp;id=1682071662680850456&amp;lang=pt&amp;origin=https%3A%2F%2Fwww.estadao.com.br%2Fpolitica%2Fpl-partido-jair-bolsonaro-expulsa-yury-do-paredao-deputado-fez-o-l-posou-fotos-lula-nprp%2F&amp;sessionId=6c0ea5d48b41584f0d33718f35bc54756f7764ce&amp;theme=light&amp;widgetsVersion=aaf4084522e3a%3A1674595607486&amp;width=550px\" frameborder=\"0\" scrolling=\"no\" allowfullscreen=\"allowfullscreen\" data-tweet-id=\"1682071662680850456\" data-mce-fragment=\"1\"><\/iframe><\/div>\n<\/div>\n<p class=\"\" style=\"text-align: justify;\" tabindex=\"-1\" data-t=\"{&quot;n&quot;:&quot;blueLinks&quot;}\" aria-expanded=\"true\">A decis\u00e3o \u00e9 uma resposta a uma press\u00e3o da ala bolsonarista do partido que acredita que a legenda precisa representar a direita conservadora que elegeu a maior bancada da C\u00e2mara, com 99 deputados. Parlamentares como<a tabindex=\"0\" href=\"https:\/\/www.estadao.com.br\/tudo-sobre\/ricardo-salles\/\" target=\"_blank\" rel=\"noopener\" data-t=\"{&quot;n&quot;:&quot;destination&quot;,&quot;t&quot;:13,&quot;b&quot;:1,&quot;c.t&quot;:7}\"><b>\u00a0Ricardo Salles<\/b><\/a> (PL-SP) j\u00e1 fizeram cr\u00edticas p\u00fablicas \u00e0s repetidas aproxima\u00e7\u00f5es do PL ao Centr\u00e3o.<\/p>\n<div class=\"intra-article-module articlePageIntraArticleFullWidth intra-article-ad-full intra-article-ad-full-placeholder\" style=\"text-align: justify;\" tabindex=\"-1\" data-t=\"{&quot;n&quot;:&quot;intraArticle&quot;,&quot;t&quot;:13}\" aria-expanded=\"true\">\n<div class=\"\">\n<div class=\"native-ad-container native-ad-full  native-ad-full-mobile  \">\n<div class=\"article no-content-indicator image-pos-end narrow-image\">\n<div class=\"image-end\">\n<div class=\"image-end-container\">\n<div class=\"image-end-gradient-container\">\n<div class=\"image-end-gradient-top\"><\/div>\n<div class=\"image-end-gradient-bottom\"><\/div>\n<\/div>\n<\/div>\n<\/div>\n<\/div>\n<\/div>\n<\/div>\n<\/div>\n<p class=\"\" style=\"text-align: justify;\" tabindex=\"-1\" data-t=\"{&quot;n&quot;:&quot;blueLinks&quot;}\" aria-expanded=\"true\">Salles teve a candidatura \u00e0 prefeitura da capital paulista preterida pelo partido, que preferiu apoiar neste momento o atual prefeito\u00a0<a tabindex=\"0\" href=\"https:\/\/www.estadao.com.br\/tudo-sobre\/ricardo-nunes\/\" target=\"_blank\" rel=\"noopener\" data-t=\"{&quot;n&quot;:&quot;destination&quot;,&quot;t&quot;:13,&quot;b&quot;:1,&quot;c.t&quot;:7}\"><b>Ricardo Nunes<\/b><\/a>\u00a0(MDB) \u00e0 reelei\u00e7\u00e3o.<\/p>\n<p class=\"\" style=\"text-align: justify;\" tabindex=\"-1\" data-t=\"{&quot;n&quot;:&quot;blueLinks&quot;}\" aria-expanded=\"true\">Ao longo do primeiro semestre do ano, Yury fez repetidos acenos ao governo Lula, destacando boas not\u00edcias da atual gest\u00e3o e se aliou a petistas no Cear\u00e1. A tens\u00e3o entre o deputado e os correligion\u00e1rios come\u00e7ou em maio, quando ele publicou uma foto ao lado de Lula e do ministro da Educa\u00e7\u00e3o,\u00a0<a tabindex=\"0\" href=\"https:\/\/www.estadao.com.br\/tudo-sobre\/camilo-santana\/\" target=\"_blank\" rel=\"noopener\" data-t=\"{&quot;n&quot;:&quot;destination&quot;,&quot;t&quot;:13,&quot;b&quot;:1,&quot;c.t&quot;:7}\"><b>Camilo Santana<\/b><\/a>, ex-governador do Estado.<\/p>\n<p class=\"\" style=\"text-align: justify;\" tabindex=\"-1\" data-t=\"{&quot;n&quot;:&quot;blueLinks&quot;}\" aria-expanded=\"true\">O epis\u00f3dio rendeu uma indireta do deputado\u00a0<a tabindex=\"0\" href=\"https:\/\/www.estadao.com.br\/tudo-sobre\/andre-fernandes-de-moura\/\" target=\"_blank\" rel=\"noopener\" data-t=\"{&quot;n&quot;:&quot;destination&quot;,&quot;t&quot;:13,&quot;b&quot;:1,&quot;c.t&quot;:7}\"><b>Andr\u00e9 Fernandes<\/b><\/a>\u00a0(PL-CE), um dos mais contundentes bolsonaristas na C\u00e2mara e no Cear\u00e1. \u201cDeputado do PL que posa ao lado do maior ladr\u00e3o da hist\u00f3ria do Brasil em foto tem que ser expulso imediatamente do partido. Quem tem \u2018honra\u2019 em receber Lula, n\u00e3o tem honra para permanecer no nosso partido\u201d, escreveu Fernandes.<\/p>\n<p class=\"\" style=\"text-align: justify;\" tabindex=\"-1\" data-t=\"{&quot;n&quot;:&quot;blueLinks&quot;}\" aria-expanded=\"true\">Mesmo ap\u00f3s o epis\u00f3dio,\u00a0<a tabindex=\"0\" href=\"https:\/\/www.estadao.com.br\/politica\/julia-lindner\/valdemar-decide-manter-no-pl-deputado-que-tirou-foto-com-lula\/\" target=\"_blank\" rel=\"noopener\" data-t=\"{&quot;n&quot;:&quot;destination&quot;,&quot;t&quot;:13,&quot;b&quot;:1,&quot;c.t&quot;:7}\">Valdemar decidiu mant\u00ea-lo<\/a>\u00a0na legenda e Yury continuou com os acenos ao governo. Ele votou, por exemplo, favoravelmente \u00e0\u00a0<a tabindex=\"0\" href=\"https:\/\/www.estadao.com.br\/politica\/mp-1154-dos-ministerios-governo-lula-aprovada-placar-votacao-camara-deputados-nprp\/\" target=\"_blank\" rel=\"noopener\" data-t=\"{&quot;n&quot;:&quot;destination&quot;,&quot;t&quot;:13,&quot;b&quot;:1,&quot;c.t&quot;:7}\">medida provis\u00f3ria (MP) dos Minist\u00e9rios, contra a orienta\u00e7\u00e3o do partido<\/a>, em maio. Ele est\u00e1 afastado do cargo desde o final de junho, para tratar de \u201cassuntos pessoais\u201d.<\/p>\n<p class=\"\" style=\"text-align: justify;\" tabindex=\"-1\" data-t=\"{&quot;n&quot;:&quot;blueLinks&quot;}\" aria-expanded=\"true\">Yury tamb\u00e9m viajou ao lado dos ministros\u00a0<a tabindex=\"0\" href=\"https:\/\/www.estadao.com.br\/tudo-sobre\/waldez-goes\/\" target=\"_blank\" rel=\"noopener\" data-t=\"{&quot;n&quot;:&quot;destination&quot;,&quot;t&quot;:13,&quot;b&quot;:1,&quot;c.t&quot;:7}\"><b>Waldez G\u00f3es<\/b><\/a>\u00a0(Desenvolvimento Regional) e\u00a0<a tabindex=\"0\" href=\"https:\/\/www.estadao.com.br\/tudo-sobre\/paulo-pimenta\/\" target=\"_blank\" rel=\"noopener\" data-t=\"{&quot;n&quot;:&quot;destination&quot;,&quot;t&quot;:13,&quot;b&quot;:1,&quot;c.t&quot;:7}\"><b>Paulo Pimenta<\/b><\/a>\u00a0(Comunica\u00e7\u00e3o Social) para inaugurar um novo sistema da transposi\u00e7\u00e3o do rio S\u00e3o Francisco em Salgueiro (PE). L\u00e1, apareceu em fotos e fez o \u201cL\u201d com os ministros.<\/p>\n<div class=\"article-clear-div\" style=\"text-align: justify;\" tabindex=\"-1\" aria-expanded=\"true\"><\/div>\n<div class=\"instagram-slot\" style=\"text-align: justify;\" tabindex=\"-1\" data-reset-char-count=\"true\" aria-expanded=\"true\"><iframe id=\"instagram-embed-0\" class=\"instagram-media instagram-media-rendered\" src=\"https:\/\/www.instagram.com\/reel\/CuxqKbURgt2\/embed\/captioned\/?cr=1&amp;v=14&amp;wp=570&amp;rd=https%3A%2F%2Fwww.msn.com&amp;rp=%2Fpt-br%2Fnoticias%2Fbrasil%2Fpl-expulsa-yury-do-pared%25C3%25A3o-deputado-que-fez-o-l-e-posou-em-fotos-com-lula%2Far-AA1e8hx6%3Focid%3Dhpmsn%26cvid%3D1f4dc8c7f80b4d90acdab02d39e3e87e%26ei%3D115#%7B%22ci%22%3A0%2C%22os%22%3A8503.099999904633%2C%22ls%22%3A4623.599999904633%2C%22le%22%3A5620.799999952316%7D\" height=\"1053\" frameborder=\"0\" scrolling=\"no\" allowfullscreen=\"allowfullscreen\" data-instgrm-payload-id=\"instagram-media-payload-0\" data-mce-fragment=\"1\"><\/iframe><\/div>\n<p class=\"\" style=\"text-align: justify;\" tabindex=\"-1\" data-t=\"{&quot;n&quot;:&quot;blueLinks&quot;}\" aria-expanded=\"true\">Yury manter\u00e1 o mandato de deputado mesmo expulso por decis\u00e3o da legenda e poder\u00e1 migrar para outro partido. Com a sa\u00edda, ele perde a capacidade de participar de comiss\u00f5es que o PL o indicou. Ele \u00e9 titular na Comiss\u00e3o de Turismo e na Comiss\u00e3o Parlamentar de Inqu\u00e9rito (CPI) dos esquemas de pir\u00e2mide, e suplente na Comiss\u00e3o de Finan\u00e7as e Tributa\u00e7\u00e3o.<\/p>\n<p style=\"text-align: justify;\" tabindex=\"-1\" data-t=\"{&quot;n&quot;:&quot;blueLinks&quot;}\" aria-expanded=\"true\"><em><strong>Fonte: Estad\u00e3o Conte\u00fado<\/strong><\/em><\/p>\n<\/div>\n<\/article>\n<\/section>\n<\/div>\n<\/div>\n<\/div>\n<\/div>\n<\/div>\n<\/div>\n","protected":false},"excerpt":{"rendered":"<p>BRAS\u00cdLIA \u2013 O deputado federal\u00a0Yury do Pared\u00e3o\u00a0(CE) foi expulso do PL ap\u00f3s fazer reiterados apoios ao presidente\u00a0Luiz In\u00e1cio Lula da Silva\u00a0(PL), seja em fotos ao lado dele, seja fazendo o \u201cL\u201d com ministros. A decis\u00e3o foi tomada pelo presidente do partido,\u00a0Valdemar Costa Neto, que se reuniu com o parlamentar na manh\u00e3 desta quinta-feira, 20. Nesta &hellip;<\/p>\n","protected":false},"author":2,"featured_media":47862,"comment_status":"open","ping_status":"open","sticky":false,"template":"","format":"standard","meta":{"content-type":"","rop_custom_images_group":[],"rop_custom_messages_group":[],"rop_publish_now":"initial","rop_publish_now_accounts":{"facebook_2648258775420054_1618374048415101":""},"rop_publish_now_history":[],"rop_publish_now_status":"pending","footnotes":"","_jetpack_memberships_contains_paid_content":false},"categories":[118],"tags":[583,14589],"yoast_head":"<!-- This site is optimized with the Yoast SEO plugin v22.3 - https:\/\/yoast.com\/wordpress\/plugins\/seo\/ -->\n<title>PL expulsa Yury do Pared\u00e3o, deputado que fez o \u2018L\u2019 e posou em fotos com Lula - Portal NPM<\/title>\n<meta name=\"robots\" content=\"index, follow, max-snippet:-1, max-image-preview:large, max-video-preview:-1\" \/>\n<link rel=\"canonical\" href=\"https:\/\/portalnpm.com\/index.php\/2023\/07\/21\/pl-expulsa-yury-do-paredao-deputado-que-fez-o-l-e-posou-em-fotos-com-lula\/\" \/>\n<meta property=\"og:locale\" content=\"pt_BR\" \/>\n<meta property=\"og:type\" content=\"article\" \/>\n<meta property=\"og:title\" content=\"PL expulsa Yury do Pared\u00e3o, deputado que fez o \u2018L\u2019 e posou em fotos com Lula - Portal NPM\" \/>\n<meta property=\"og:description\" content=\"BRAS\u00cdLIA \u2013 O deputado federal\u00a0Yury do Pared\u00e3o\u00a0(CE) foi expulso do PL ap\u00f3s fazer reiterados apoios ao presidente\u00a0Luiz In\u00e1cio Lula da Silva\u00a0(PL), seja em fotos ao lado dele, seja fazendo o \u201cL\u201d com ministros. A decis\u00e3o foi tomada pelo presidente do partido,\u00a0Valdemar Costa Neto, que se reuniu com o parlamentar na manh\u00e3 desta quinta-feira, 20. Nesta &hellip;\" \/>\n<meta property=\"og:url\" content=\"https:\/\/portalnpm.com\/index.php\/2023\/07\/21\/pl-expulsa-yury-do-paredao-deputado-que-fez-o-l-e-posou-em-fotos-com-lula\/\" \/>\n<meta property=\"og:site_name\" content=\"Portal NPM\" \/>\n<meta property=\"article:published_time\" content=\"2023-07-21T14:07:34+00:00\" \/>\n<meta name=\"author\" content=\"Genival Barbosa\" \/>\n<meta name=\"twitter:card\" content=\"summary_large_image\" \/>\n<meta name=\"twitter:label1\" content=\"Escrito por\" \/>\n\t<meta name=\"twitter:data1\" content=\"Genival Barbosa\" \/>\n\t<meta name=\"twitter:label2\" content=\"Est. tempo de leitura\" \/>\n\t<meta name=\"twitter:data2\" content=\"4 minutos\" \/>\n<script type=\"application\/ld+json\" class=\"yoast-schema-graph\">{\"@context\":\"https:\/\/schema.org\",\"@graph\":[{\"@type\":\"WebPage\",\"@id\":\"https:\/\/portalnpm.com\/index.php\/2023\/07\/21\/pl-expulsa-yury-do-paredao-deputado-que-fez-o-l-e-posou-em-fotos-com-lula\/\",\"url\":\"https:\/\/portalnpm.com\/index.php\/2023\/07\/21\/pl-expulsa-yury-do-paredao-deputado-que-fez-o-l-e-posou-em-fotos-com-lula\/\",\"name\":\"PL expulsa Yury do Pared\u00e3o, deputado que fez o \u2018L\u2019 e posou em fotos com Lula - Portal NPM\",\"isPartOf\":{\"@id\":\"https:\/\/portalnpm.com\/#website\"},\"primaryImageOfPage\":{\"@id\":\"https:\/\/portalnpm.com\/index.php\/2023\/07\/21\/pl-expulsa-yury-do-paredao-deputado-que-fez-o-l-e-posou-em-fotos-com-lula\/#primaryimage\"},\"image\":{\"@id\":\"https:\/\/portalnpm.com\/index.php\/2023\/07\/21\/pl-expulsa-yury-do-paredao-deputado-que-fez-o-l-e-posou-em-fotos-com-lula\/#primaryimage\"},\"thumbnailUrl\":\"\",\"datePublished\":\"2023-07-21T14:07:34+00:00\",\"dateModified\":\"2023-07-21T14:07:34+00:00\",\"author\":{\"@id\":\"https:\/\/portalnpm.com\/#\/schema\/person\/49313e563cfdefcc167f1ee4c017c294\"},\"breadcrumb\":{\"@id\":\"https:\/\/portalnpm.com\/index.php\/2023\/07\/21\/pl-expulsa-yury-do-paredao-deputado-que-fez-o-l-e-posou-em-fotos-com-lula\/#breadcrumb\"},\"inLanguage\":\"pt-BR\",\"potentialAction\":[{\"@type\":\"ReadAction\",\"target\":[\"https:\/\/portalnpm.com\/index.php\/2023\/07\/21\/pl-expulsa-yury-do-paredao-deputado-que-fez-o-l-e-posou-em-fotos-com-lula\/\"]}]},{\"@type\":\"ImageObject\",\"inLanguage\":\"pt-BR\",\"@id\":\"https:\/\/portalnpm.com\/index.php\/2023\/07\/21\/pl-expulsa-yury-do-paredao-deputado-que-fez-o-l-e-posou-em-fotos-com-lula\/#primaryimage\",\"url\":\"\",\"contentUrl\":\"\"},{\"@type\":\"BreadcrumbList\",\"@id\":\"https:\/\/portalnpm.com\/index.php\/2023\/07\/21\/pl-expulsa-yury-do-paredao-deputado-que-fez-o-l-e-posou-em-fotos-com-lula\/#breadcrumb\",\"itemListElement\":[{\"@type\":\"ListItem\",\"position\":1,\"name\":\"In\u00edcio\",\"item\":\"https:\/\/portalnpm.com\/\"},{\"@type\":\"ListItem\",\"position\":2,\"name\":\"PL expulsa Yury do Pared\u00e3o, deputado que fez o \u2018L\u2019 e posou em fotos com Lula\"}]},{\"@type\":\"WebSite\",\"@id\":\"https:\/\/portalnpm.com\/#website\",\"url\":\"https:\/\/portalnpm.com\/\",\"name\":\"Portal NPM\",\"description\":\"Not\u00edcias em Primeira M\u00e3o\",\"potentialAction\":[{\"@type\":\"SearchAction\",\"target\":{\"@type\":\"EntryPoint\",\"urlTemplate\":\"https:\/\/portalnpm.com\/?s={search_term_string}\"},\"query-input\":\"required name=search_term_string\"}],\"inLanguage\":\"pt-BR\"},{\"@type\":\"Person\",\"@id\":\"https:\/\/portalnpm.com\/#\/schema\/person\/49313e563cfdefcc167f1ee4c017c294\",\"name\":\"Genival Barbosa\",\"image\":{\"@type\":\"ImageObject\",\"inLanguage\":\"pt-BR\",\"@id\":\"https:\/\/portalnpm.com\/#\/schema\/person\/image\/\",\"url\":\"https:\/\/portalnpm.com\/wp-content\/uploads\/2024\/02\/avatar_user_2_1707743258-96x96.jpeg\",\"contentUrl\":\"https:\/\/portalnpm.com\/wp-content\/uploads\/2024\/02\/avatar_user_2_1707743258-96x96.jpeg\",\"caption\":\"Genival Barbosa\"},\"url\":\"https:\/\/portalnpm.com\/index.php\/author\/genival\/\"}]}<\/script>\n<!-- \/ Yoast SEO plugin. -->","yoast_head_json":{"title":"PL expulsa Yury do Pared\u00e3o, deputado que fez o \u2018L\u2019 e posou em fotos com Lula - Portal NPM","robots":{"index":"index","follow":"follow","max-snippet":"max-snippet:-1","max-image-preview":"max-image-preview:large","max-video-preview":"max-video-preview:-1"},"canonical":"https:\/\/portalnpm.com\/index.php\/2023\/07\/21\/pl-expulsa-yury-do-paredao-deputado-que-fez-o-l-e-posou-em-fotos-com-lula\/","og_locale":"pt_BR","og_type":"article","og_title":"PL expulsa Yury do Pared\u00e3o, deputado que fez o \u2018L\u2019 e posou em fotos com Lula - Portal NPM","og_description":"BRAS\u00cdLIA \u2013 O deputado federal\u00a0Yury do Pared\u00e3o\u00a0(CE) foi expulso do PL ap\u00f3s fazer reiterados apoios ao presidente\u00a0Luiz In\u00e1cio Lula da Silva\u00a0(PL), seja em fotos ao lado dele, seja fazendo o \u201cL\u201d com ministros. A decis\u00e3o foi tomada pelo presidente do partido,\u00a0Valdemar Costa Neto, que se reuniu com o parlamentar na manh\u00e3 desta quinta-feira, 20. Nesta &hellip;","og_url":"https:\/\/portalnpm.com\/index.php\/2023\/07\/21\/pl-expulsa-yury-do-paredao-deputado-que-fez-o-l-e-posou-em-fotos-com-lula\/","og_site_name":"Portal NPM","article_published_time":"2023-07-21T14:07:34+00:00","author":"Genival Barbosa","twitter_card":"summary_large_image","twitter_misc":{"Escrito por":"Genival Barbosa","Est. tempo de leitura":"4 minutos"},"schema":{"@context":"https:\/\/schema.org","@graph":[{"@type":"WebPage","@id":"https:\/\/portalnpm.com\/index.php\/2023\/07\/21\/pl-expulsa-yury-do-paredao-deputado-que-fez-o-l-e-posou-em-fotos-com-lula\/","url":"https:\/\/portalnpm.com\/index.php\/2023\/07\/21\/pl-expulsa-yury-do-paredao-deputado-que-fez-o-l-e-posou-em-fotos-com-lula\/","name":"PL expulsa Yury do Pared\u00e3o, deputado que fez o \u2018L\u2019 e posou em fotos com Lula - Portal NPM","isPartOf":{"@id":"https:\/\/portalnpm.com\/#website"},"primaryImageOfPage":{"@id":"https:\/\/portalnpm.com\/index.php\/2023\/07\/21\/pl-expulsa-yury-do-paredao-deputado-que-fez-o-l-e-posou-em-fotos-com-lula\/#primaryimage"},"image":{"@id":"https:\/\/portalnpm.com\/index.php\/2023\/07\/21\/pl-expulsa-yury-do-paredao-deputado-que-fez-o-l-e-posou-em-fotos-com-lula\/#primaryimage"},"thumbnailUrl":"","datePublished":"2023-07-21T14:07:34+00:00","dateModified":"2023-07-21T14:07:34+00:00","author":{"@id":"https:\/\/portalnpm.com\/#\/schema\/person\/49313e563cfdefcc167f1ee4c017c294"},"breadcrumb":{"@id":"https:\/\/portalnpm.com\/index.php\/2023\/07\/21\/pl-expulsa-yury-do-paredao-deputado-que-fez-o-l-e-posou-em-fotos-com-lula\/#breadcrumb"},"inLanguage":"pt-BR","potentialAction":[{"@type":"ReadAction","target":["https:\/\/portalnpm.com\/index.php\/2023\/07\/21\/pl-expulsa-yury-do-paredao-deputado-que-fez-o-l-e-posou-em-fotos-com-lula\/"]}]},{"@type":"ImageObject","inLanguage":"pt-BR","@id":"https:\/\/portalnpm.com\/index.php\/2023\/07\/21\/pl-expulsa-yury-do-paredao-deputado-que-fez-o-l-e-posou-em-fotos-com-lula\/#primaryimage","url":"","contentUrl":""},{"@type":"BreadcrumbList","@id":"https:\/\/portalnpm.com\/index.php\/2023\/07\/21\/pl-expulsa-yury-do-paredao-deputado-que-fez-o-l-e-posou-em-fotos-com-lula\/#breadcrumb","itemListElement":[{"@type":"ListItem","position":1,"name":"In\u00edcio","item":"https:\/\/portalnpm.com\/"},{"@type":"ListItem","position":2,"name":"PL expulsa Yury do Pared\u00e3o, deputado que fez o \u2018L\u2019 e posou em fotos com Lula"}]},{"@type":"WebSite","@id":"https:\/\/portalnpm.com\/#website","url":"https:\/\/portalnpm.com\/","name":"Portal NPM","description":"Not\u00edcias em Primeira M\u00e3o","potentialAction":[{"@type":"SearchAction","target":{"@type":"EntryPoint","urlTemplate":"https:\/\/portalnpm.com\/?s={search_term_string}"},"query-input":"required name=search_term_string"}],"inLanguage":"pt-BR"},{"@type":"Person","@id":"https:\/\/portalnpm.com\/#\/schema\/person\/49313e563cfdefcc167f1ee4c017c294","name":"Genival Barbosa","image":{"@type":"ImageObject","inLanguage":"pt-BR","@id":"https:\/\/portalnpm.com\/#\/schema\/person\/image\/","url":"https:\/\/portalnpm.com\/wp-content\/uploads\/2024\/02\/avatar_user_2_1707743258-96x96.jpeg","contentUrl":"https:\/\/portalnpm.com\/wp-content\/uploads\/2024\/02\/avatar_user_2_1707743258-96x96.jpeg","caption":"Genival Barbosa"},"url":"https:\/\/portalnpm.com\/index.php\/author\/genival\/"}]}},"jetpack_sharing_enabled":true,"jetpack_featured_media_url":"","_links":{"self":[{"href":"https:\/\/portalnpm.com\/index.php\/wp-json\/wp\/v2\/posts\/47861"}],"collection":[{"href":"https:\/\/portalnpm.com\/index.php\/wp-json\/wp\/v2\/posts"}],"about":[{"href":"https:\/\/portalnpm.com\/index.php\/wp-json\/wp\/v2\/types\/post"}],"author":[{"embeddable":true,"href":"https:\/\/portalnpm.com\/index.php\/wp-json\/wp\/v2\/users\/2"}],"replies":[{"embeddable":true,"href":"https:\/\/portalnpm.com\/index.php\/wp-json\/wp\/v2\/comments?post=47861"}],"version-history":[{"count":0,"href":"https:\/\/portalnpm.com\/index.php\/wp-json\/wp\/v2\/posts\/47861\/revisions"}],"wp:featuredmedia":[{"embeddable":true,"href":"https:\/\/portalnpm.com\/index.php\/wp-json\/"}],"wp:attachment":[{"href":"https:\/\/portalnpm.com\/index.php\/wp-json\/wp\/v2\/media?parent=47861"}],"wp:term":[{"taxonomy":"category","embeddable":true,"href":"https:\/\/portalnpm.com\/index.php\/wp-json\/wp\/v2\/categories?post=47861"},{"taxonomy":"post_tag","embeddable":true,"href":"https:\/\/portalnpm.com\/index.php\/wp-json\/wp\/v2\/tags?post=47861"}],"curies":[{"name":"wp","href":"https:\/\/api.w.org\/{rel}","templated":true}]}}