{"id":47883,"date":"2023-07-21T18:37:11","date_gmt":"2023-07-21T21:37:11","guid":{"rendered":"https:\/\/portalnpm.com\/?p=47883"},"modified":"2023-07-21T18:37:11","modified_gmt":"2023-07-21T21:37:11","slug":"mae-do-desembargador-jose-james-morre-aos-90-anos-em-teresina","status":"publish","type":"post","link":"https:\/\/portalnpm.com\/index.php\/2023\/07\/21\/mae-do-desembargador-jose-james-morre-aos-90-anos-em-teresina\/","title":{"rendered":"M\u00e3e do desembargador Jos\u00e9 James morre aos 90 anos em Teresina"},"content":{"rendered":"<p style=\"text-align: justify;\">O Tribunal de Justi\u00e7a do Piau\u00ed divulgou nota de pesar pelo falecimento de Maria da Gra\u00e7a Gomes Pereira, de 90 anos, que \u00e9 m\u00e3e do desembargador Jos\u00e9 James Gomes Pereira, que \u00e9 vice-presidente do Tribunal Regional Eleitoral do Piau\u00ed (TRE-PI).<\/p>\n<p style=\"text-align: justify;\">\n<p style=\"text-align: justify;\">O falecimento ocorreu na noite de quinta-feira (20). A causa da morte de Maria da Gra\u00e7a n\u00e3o foi revelada pelo tribunal.<\/p>\n<p style=\"text-align: justify;\">O desembargador e corregedor Ol\u00edmpio Jos\u00e9 lamentou o falecimento. \u201cQue Deus, em seu infinito amor e miseric\u00f3rdia, conforte o cora\u00e7\u00e3o de amigos e familiares nesse momento de dor\u201d, afirmou em nota de pesar.<\/p>\n<p style=\"text-align: justify;\">O presidente do TRE, o desembargador Erivan Lopes, e a Associa\u00e7\u00e3o dos Magistrados Piauienses (Amapi) divulgaram notas lamentando o ocorrido.<\/p>\n<p style=\"text-align: justify;\">\u201cMuito respeitosamente, a Amapi presta condol\u00eancias e os mais sinceros p\u00easames aos amigos e familiares, rogando para que encontrem for\u00e7as e superem a dor pela perda irrepar\u00e1vel\u201d, diz a Amapi em nota.<\/p>\n<p style=\"text-align: justify;\"><strong>Nota de pesar do TRE-PI<\/strong><\/p>\n<p style=\"text-align: justify;\">O Presidente do Tribunal Regional Eleitoral do Piau\u00ed (TRE-PI), Desembargador Erivan Lopes, os demais integrantes da Corte Eleitoral e as servidoras e os servidores da institui\u00e7\u00e3o, lamentam profundamente o falecimento da Sra. Maria da Gra\u00e7a Gomes Pereira, m\u00e3e do Vice-Presidente e Corregedor do TRE-PI, Desembargador Jos\u00e9 James Gomes Pereira, e se solidarizam com seus familiares e amigos.<\/p>\n<p style=\"text-align: justify;\">Maria da Gra\u00e7a Gomes Pereira era parnaibana e faleceu ontem (20) \u00e0 noite em Teresina-PI, aos 90 anos de idade.<\/p>\n<p style=\"text-align: justify;\"><strong>Nota de pesar do TJ-PI<\/strong><\/p>\n<p style=\"text-align: justify;\">Com profundo pesar, a Corregedoria Geral da Justi\u00e7a do Piau\u00ed lamenta o falecimento da senhora Maria da Gra\u00e7a Gomes Pereira, m\u00e3e do desembargador Jos\u00e9 James Gomes Pereira, ocorrido na noite de ontem (20).<\/p>\n<p style=\"text-align: justify;\">Que Deus, em seu infinito amor e miseric\u00f3rdia, conforte o cora\u00e7\u00e3o de amigos e familiares nesse momento de dor<\/p>\n<p style=\"text-align: justify;\">Desembargador Ol\u00edmpio Jos\u00e9 Passos Galv\u00e3o<br \/>\nCorregedor-Geral da Justi\u00e7a do Piau\u00ed<\/p>\n<p style=\"text-align: justify;\"><strong>Nota de pesar da Amapi:<\/strong><\/p>\n<p style=\"text-align: justify;\">A Associa\u00e7\u00e3o dos Magistrados Piauienses manifesta seu mais profundo pesar pelo falecimento da senhora Maria da Gra\u00e7a Gomes Pereira, m\u00e3e do Desembargador Jos\u00e9 James Gomes Pereira, ocorrido nesta sexta-feira, 21 de julho, em Teresina.<\/p>\n<p style=\"text-align: justify;\">Muito respeitosamente, a Amapi presta condol\u00eancias e os mais sinceros p\u00easames aos amigos e familiares, rogando para que encontrem for\u00e7as e superem a dor pela perda irrepar\u00e1vel.<\/p>\n<p style=\"text-align: justify;\">\n<p style=\"text-align: justify;\"><em>B\u00e1rbara Rodrigues<br \/>\nredacao@cidadeverde.com<\/em><\/p>\n","protected":false},"excerpt":{"rendered":"<p>O Tribunal de Justi\u00e7a do Piau\u00ed divulgou nota de pesar pelo falecimento de Maria da Gra\u00e7a Gomes Pereira, de 90 anos, que \u00e9 m\u00e3e do desembargador Jos\u00e9 James Gomes Pereira, que \u00e9 vice-presidente do Tribunal Regional Eleitoral do Piau\u00ed (TRE-PI). O falecimento ocorreu na noite de quinta-feira (20). A causa da morte de Maria da &hellip;<\/p>\n","protected":false},"author":2,"featured_media":47884,"comment_status":"open","ping_status":"open","sticky":false,"template":"","format":"standard","meta":{"content-type":"","rop_custom_images_group":[],"rop_custom_messages_group":[],"rop_publish_now":"initial","rop_publish_now_accounts":{"facebook_2648258775420054_1618374048415101":""},"rop_publish_now_history":[],"rop_publish_now_status":"pending","footnotes":"","_jetpack_memberships_contains_paid_content":false},"categories":[118],"tags":[11574,2120,132],"yoast_head":"<!-- This site is optimized with the Yoast SEO plugin v22.3 - https:\/\/yoast.com\/wordpress\/plugins\/seo\/ -->\n<title>M\u00e3e do desembargador Jos\u00e9 James morre aos 90 anos em Teresina - Portal NPM<\/title>\n<meta name=\"robots\" content=\"index, follow, max-snippet:-1, max-image-preview:large, max-video-preview:-1\" \/>\n<link rel=\"canonical\" href=\"https:\/\/portalnpm.com\/index.php\/2023\/07\/21\/mae-do-desembargador-jose-james-morre-aos-90-anos-em-teresina\/\" \/>\n<meta property=\"og:locale\" content=\"pt_BR\" \/>\n<meta property=\"og:type\" content=\"article\" \/>\n<meta property=\"og:title\" content=\"M\u00e3e do desembargador Jos\u00e9 James morre aos 90 anos em Teresina - Portal NPM\" \/>\n<meta property=\"og:description\" content=\"O Tribunal de Justi\u00e7a do Piau\u00ed divulgou nota de pesar pelo falecimento de Maria da Gra\u00e7a Gomes Pereira, de 90 anos, que \u00e9 m\u00e3e do desembargador Jos\u00e9 James Gomes Pereira, que \u00e9 vice-presidente do Tribunal Regional Eleitoral do Piau\u00ed (TRE-PI). O falecimento ocorreu na noite de quinta-feira (20). A causa da morte de Maria da &hellip;\" \/>\n<meta property=\"og:url\" content=\"https:\/\/portalnpm.com\/index.php\/2023\/07\/21\/mae-do-desembargador-jose-james-morre-aos-90-anos-em-teresina\/\" \/>\n<meta property=\"og:site_name\" content=\"Portal NPM\" \/>\n<meta property=\"article:published_time\" content=\"2023-07-21T21:37:11+00:00\" \/>\n<meta name=\"author\" content=\"Genival Barbosa\" \/>\n<meta name=\"twitter:card\" content=\"summary_large_image\" \/>\n<meta name=\"twitter:label1\" content=\"Escrito por\" \/>\n\t<meta name=\"twitter:data1\" content=\"Genival Barbosa\" \/>\n\t<meta name=\"twitter:label2\" content=\"Est. tempo de leitura\" \/>\n\t<meta name=\"twitter:data2\" content=\"3 minutos\" \/>\n<script type=\"application\/ld+json\" class=\"yoast-schema-graph\">{\"@context\":\"https:\/\/schema.org\",\"@graph\":[{\"@type\":\"WebPage\",\"@id\":\"https:\/\/portalnpm.com\/index.php\/2023\/07\/21\/mae-do-desembargador-jose-james-morre-aos-90-anos-em-teresina\/\",\"url\":\"https:\/\/portalnpm.com\/index.php\/2023\/07\/21\/mae-do-desembargador-jose-james-morre-aos-90-anos-em-teresina\/\",\"name\":\"M\u00e3e do desembargador Jos\u00e9 James morre aos 90 anos em Teresina - Portal NPM\",\"isPartOf\":{\"@id\":\"https:\/\/portalnpm.com\/#website\"},\"primaryImageOfPage\":{\"@id\":\"https:\/\/portalnpm.com\/index.php\/2023\/07\/21\/mae-do-desembargador-jose-james-morre-aos-90-anos-em-teresina\/#primaryimage\"},\"image\":{\"@id\":\"https:\/\/portalnpm.com\/index.php\/2023\/07\/21\/mae-do-desembargador-jose-james-morre-aos-90-anos-em-teresina\/#primaryimage\"},\"thumbnailUrl\":\"\",\"datePublished\":\"2023-07-21T21:37:11+00:00\",\"dateModified\":\"2023-07-21T21:37:11+00:00\",\"author\":{\"@id\":\"https:\/\/portalnpm.com\/#\/schema\/person\/49313e563cfdefcc167f1ee4c017c294\"},\"breadcrumb\":{\"@id\":\"https:\/\/portalnpm.com\/index.php\/2023\/07\/21\/mae-do-desembargador-jose-james-morre-aos-90-anos-em-teresina\/#breadcrumb\"},\"inLanguage\":\"pt-BR\",\"potentialAction\":[{\"@type\":\"ReadAction\",\"target\":[\"https:\/\/portalnpm.com\/index.php\/2023\/07\/21\/mae-do-desembargador-jose-james-morre-aos-90-anos-em-teresina\/\"]}]},{\"@type\":\"ImageObject\",\"inLanguage\":\"pt-BR\",\"@id\":\"https:\/\/portalnpm.com\/index.php\/2023\/07\/21\/mae-do-desembargador-jose-james-morre-aos-90-anos-em-teresina\/#primaryimage\",\"url\":\"\",\"contentUrl\":\"\"},{\"@type\":\"BreadcrumbList\",\"@id\":\"https:\/\/portalnpm.com\/index.php\/2023\/07\/21\/mae-do-desembargador-jose-james-morre-aos-90-anos-em-teresina\/#breadcrumb\",\"itemListElement\":[{\"@type\":\"ListItem\",\"position\":1,\"name\":\"In\u00edcio\",\"item\":\"https:\/\/portalnpm.com\/\"},{\"@type\":\"ListItem\",\"position\":2,\"name\":\"M\u00e3e do desembargador Jos\u00e9 James morre aos 90 anos em Teresina\"}]},{\"@type\":\"WebSite\",\"@id\":\"https:\/\/portalnpm.com\/#website\",\"url\":\"https:\/\/portalnpm.com\/\",\"name\":\"Portal NPM\",\"description\":\"Not\u00edcias em Primeira M\u00e3o\",\"potentialAction\":[{\"@type\":\"SearchAction\",\"target\":{\"@type\":\"EntryPoint\",\"urlTemplate\":\"https:\/\/portalnpm.com\/?s={search_term_string}\"},\"query-input\":\"required name=search_term_string\"}],\"inLanguage\":\"pt-BR\"},{\"@type\":\"Person\",\"@id\":\"https:\/\/portalnpm.com\/#\/schema\/person\/49313e563cfdefcc167f1ee4c017c294\",\"name\":\"Genival Barbosa\",\"image\":{\"@type\":\"ImageObject\",\"inLanguage\":\"pt-BR\",\"@id\":\"https:\/\/portalnpm.com\/#\/schema\/person\/image\/\",\"url\":\"https:\/\/portalnpm.com\/wp-content\/uploads\/2024\/02\/avatar_user_2_1707743258-96x96.jpeg\",\"contentUrl\":\"https:\/\/portalnpm.com\/wp-content\/uploads\/2024\/02\/avatar_user_2_1707743258-96x96.jpeg\",\"caption\":\"Genival Barbosa\"},\"url\":\"https:\/\/portalnpm.com\/index.php\/author\/genival\/\"}]}<\/script>\n<!-- \/ Yoast SEO plugin. -->","yoast_head_json":{"title":"M\u00e3e do desembargador Jos\u00e9 James morre aos 90 anos em Teresina - Portal NPM","robots":{"index":"index","follow":"follow","max-snippet":"max-snippet:-1","max-image-preview":"max-image-preview:large","max-video-preview":"max-video-preview:-1"},"canonical":"https:\/\/portalnpm.com\/index.php\/2023\/07\/21\/mae-do-desembargador-jose-james-morre-aos-90-anos-em-teresina\/","og_locale":"pt_BR","og_type":"article","og_title":"M\u00e3e do desembargador Jos\u00e9 James morre aos 90 anos em Teresina - Portal NPM","og_description":"O Tribunal de Justi\u00e7a do Piau\u00ed divulgou nota de pesar pelo falecimento de Maria da Gra\u00e7a Gomes Pereira, de 90 anos, que \u00e9 m\u00e3e do desembargador Jos\u00e9 James Gomes Pereira, que \u00e9 vice-presidente do Tribunal Regional Eleitoral do Piau\u00ed (TRE-PI). O falecimento ocorreu na noite de quinta-feira (20). A causa da morte de Maria da &hellip;","og_url":"https:\/\/portalnpm.com\/index.php\/2023\/07\/21\/mae-do-desembargador-jose-james-morre-aos-90-anos-em-teresina\/","og_site_name":"Portal NPM","article_published_time":"2023-07-21T21:37:11+00:00","author":"Genival Barbosa","twitter_card":"summary_large_image","twitter_misc":{"Escrito por":"Genival Barbosa","Est. tempo de leitura":"3 minutos"},"schema":{"@context":"https:\/\/schema.org","@graph":[{"@type":"WebPage","@id":"https:\/\/portalnpm.com\/index.php\/2023\/07\/21\/mae-do-desembargador-jose-james-morre-aos-90-anos-em-teresina\/","url":"https:\/\/portalnpm.com\/index.php\/2023\/07\/21\/mae-do-desembargador-jose-james-morre-aos-90-anos-em-teresina\/","name":"M\u00e3e do desembargador Jos\u00e9 James morre aos 90 anos em Teresina - Portal NPM","isPartOf":{"@id":"https:\/\/portalnpm.com\/#website"},"primaryImageOfPage":{"@id":"https:\/\/portalnpm.com\/index.php\/2023\/07\/21\/mae-do-desembargador-jose-james-morre-aos-90-anos-em-teresina\/#primaryimage"},"image":{"@id":"https:\/\/portalnpm.com\/index.php\/2023\/07\/21\/mae-do-desembargador-jose-james-morre-aos-90-anos-em-teresina\/#primaryimage"},"thumbnailUrl":"","datePublished":"2023-07-21T21:37:11+00:00","dateModified":"2023-07-21T21:37:11+00:00","author":{"@id":"https:\/\/portalnpm.com\/#\/schema\/person\/49313e563cfdefcc167f1ee4c017c294"},"breadcrumb":{"@id":"https:\/\/portalnpm.com\/index.php\/2023\/07\/21\/mae-do-desembargador-jose-james-morre-aos-90-anos-em-teresina\/#breadcrumb"},"inLanguage":"pt-BR","potentialAction":[{"@type":"ReadAction","target":["https:\/\/portalnpm.com\/index.php\/2023\/07\/21\/mae-do-desembargador-jose-james-morre-aos-90-anos-em-teresina\/"]}]},{"@type":"ImageObject","inLanguage":"pt-BR","@id":"https:\/\/portalnpm.com\/index.php\/2023\/07\/21\/mae-do-desembargador-jose-james-morre-aos-90-anos-em-teresina\/#primaryimage","url":"","contentUrl":""},{"@type":"BreadcrumbList","@id":"https:\/\/portalnpm.com\/index.php\/2023\/07\/21\/mae-do-desembargador-jose-james-morre-aos-90-anos-em-teresina\/#breadcrumb","itemListElement":[{"@type":"ListItem","position":1,"name":"In\u00edcio","item":"https:\/\/portalnpm.com\/"},{"@type":"ListItem","position":2,"name":"M\u00e3e do desembargador Jos\u00e9 James morre aos 90 anos em Teresina"}]},{"@type":"WebSite","@id":"https:\/\/portalnpm.com\/#website","url":"https:\/\/portalnpm.com\/","name":"Portal NPM","description":"Not\u00edcias em Primeira M\u00e3o","potentialAction":[{"@type":"SearchAction","target":{"@type":"EntryPoint","urlTemplate":"https:\/\/portalnpm.com\/?s={search_term_string}"},"query-input":"required name=search_term_string"}],"inLanguage":"pt-BR"},{"@type":"Person","@id":"https:\/\/portalnpm.com\/#\/schema\/person\/49313e563cfdefcc167f1ee4c017c294","name":"Genival Barbosa","image":{"@type":"ImageObject","inLanguage":"pt-BR","@id":"https:\/\/portalnpm.com\/#\/schema\/person\/image\/","url":"https:\/\/portalnpm.com\/wp-content\/uploads\/2024\/02\/avatar_user_2_1707743258-96x96.jpeg","contentUrl":"https:\/\/portalnpm.com\/wp-content\/uploads\/2024\/02\/avatar_user_2_1707743258-96x96.jpeg","caption":"Genival Barbosa"},"url":"https:\/\/portalnpm.com\/index.php\/author\/genival\/"}]}},"jetpack_sharing_enabled":true,"jetpack_featured_media_url":"","_links":{"self":[{"href":"https:\/\/portalnpm.com\/index.php\/wp-json\/wp\/v2\/posts\/47883"}],"collection":[{"href":"https:\/\/portalnpm.com\/index.php\/wp-json\/wp\/v2\/posts"}],"about":[{"href":"https:\/\/portalnpm.com\/index.php\/wp-json\/wp\/v2\/types\/post"}],"author":[{"embeddable":true,"href":"https:\/\/portalnpm.com\/index.php\/wp-json\/wp\/v2\/users\/2"}],"replies":[{"embeddable":true,"href":"https:\/\/portalnpm.com\/index.php\/wp-json\/wp\/v2\/comments?post=47883"}],"version-history":[{"count":0,"href":"https:\/\/portalnpm.com\/index.php\/wp-json\/wp\/v2\/posts\/47883\/revisions"}],"wp:featuredmedia":[{"embeddable":true,"href":"https:\/\/portalnpm.com\/index.php\/wp-json\/"}],"wp:attachment":[{"href":"https:\/\/portalnpm.com\/index.php\/wp-json\/wp\/v2\/media?parent=47883"}],"wp:term":[{"taxonomy":"category","embeddable":true,"href":"https:\/\/portalnpm.com\/index.php\/wp-json\/wp\/v2\/categories?post=47883"},{"taxonomy":"post_tag","embeddable":true,"href":"https:\/\/portalnpm.com\/index.php\/wp-json\/wp\/v2\/tags?post=47883"}],"curies":[{"name":"wp","href":"https:\/\/api.w.org\/{rel}","templated":true}]}}