{"id":479,"date":"2018-08-12T15:51:47","date_gmt":"2018-08-12T18:51:47","guid":{"rendered":"http:\/\/srv.portalnpm.com.br\/?p=479"},"modified":"2018-08-12T15:51:47","modified_gmt":"2018-08-12T18:51:47","slug":"em-francisco-macedo-dois-irmaos-acusados-de-patricar-vandalismo-e-diversos-crimes-sao-presos-veja-video","status":"publish","type":"post","link":"https:\/\/portalnpm.com\/index.php\/2018\/08\/12\/em-francisco-macedo-dois-irmaos-acusados-de-patricar-vandalismo-e-diversos-crimes-sao-presos-veja-video\/","title":{"rendered":"Em Francisco Macedo, dois irm\u00e3os acusados de patricar vandalismo e diversos crimes s\u00e3o presos; Veja v\u00eddeo!"},"content":{"rendered":"<p style=\"text-align: justify;\">Na manh\u00e3 deste s\u00e1bado (11), por volta das 10hrs, dois homens identificados como Joaquim Francisco da Silva e Raimundo Francisco da Silva foram presos na localidade Saco Grande, munic\u00edpio de Francisco Macedo-PI, acusados de arrombamento em um po\u00e7o na localidade Agreste, tamb\u00e9m no referido munic\u00edpio.<\/p>\n<p style=\"text-align: justify;\">Segundo informa\u00e7\u00f5es da PM, por volta de 1hr da madrugada da sexta-feira (10) para o s\u00e1bado (11) os acusados arrebentaram o port\u00e3o de entrada do po\u00e7o que abastece a localidade Agreste, onde quebraram as torneiras, os canos e danificaram a porta que da acesso ao motor do po\u00e7o.<\/p>\n<p style=\"text-align: justify;\">Ainda segundo informa\u00e7\u00f5es da PM, ap\u00f3s descobrirem o crime, foi realizada uma opera\u00e7\u00e3o conjunta entre os GPMs dos munic\u00edpios de Francisco Macedo, Alegrete do Piau\u00ed e Caldeir\u00e3o Grande do Piau\u00ed para encontrar os suspeitos e realizar a pris\u00e3o dos mesmos.<\/p>\n<p style=\"text-align: justify;\">Raimundo Francisco da Silva e Joaquim Francisco da Silva foram presos e levados a Delegacia para os procedimentos cab\u00edveis. Com os dois suspeitos, foram apreendidas duas armas de fogo, modelo espingarda.<\/p>\n<p style=\"text-align: justify;\"><strong>Veja o video:<\/strong><\/p>\n<p><iframe title=\"Dois homens presos em Francisco Macedo.\" width=\"500\" height=\"281\" src=\"https:\/\/www.youtube.com\/embed\/Him08u2V0XY?feature=oembed\" frameborder=\"0\" allow=\"accelerometer; autoplay; clipboard-write; encrypted-media; gyroscope; picture-in-picture; web-share\" allowfullscreen><\/iframe><\/p>\n<p><strong>FONTE:<\/strong>\u00a0Piau\u00ed em Foco<\/p>\n","protected":false},"excerpt":{"rendered":"<p>Na manh\u00e3 deste s\u00e1bado (11), por volta das 10hrs, dois homens identificados como Joaquim Francisco da Silva e Raimundo Francisco da Silva foram presos na localidade Saco Grande, munic\u00edpio de Francisco Macedo-PI, acusados de arrombamento em um po\u00e7o na localidade Agreste, tamb\u00e9m no referido munic\u00edpio. Segundo informa\u00e7\u00f5es da PM, por volta de 1hr da madrugada &hellip;<\/p>\n","protected":false},"author":3,"featured_media":481,"comment_status":"open","ping_status":"open","sticky":false,"template":"","format":"standard","meta":{"content-type":"","rop_custom_images_group":[],"rop_custom_messages_group":[],"rop_publish_now":"initial","rop_publish_now_accounts":{"facebook_2648258775420054_1618374048415101":""},"rop_publish_now_history":[],"rop_publish_now_status":"pending","footnotes":"","_jetpack_memberships_contains_paid_content":false},"categories":[502,109],"tags":[501,503],"yoast_head":"<!-- This site is optimized with the Yoast SEO plugin v22.3 - https:\/\/yoast.com\/wordpress\/plugins\/seo\/ -->\n<title>Em Francisco Macedo, dois irm\u00e3os acusados de patricar vandalismo e diversos crimes s\u00e3o presos; Veja v\u00eddeo! - Portal NPM<\/title>\n<meta name=\"robots\" content=\"index, follow, max-snippet:-1, max-image-preview:large, max-video-preview:-1\" \/>\n<link rel=\"canonical\" href=\"https:\/\/portalnpm.com\/index.php\/2018\/08\/12\/em-francisco-macedo-dois-irmaos-acusados-de-patricar-vandalismo-e-diversos-crimes-sao-presos-veja-video\/\" \/>\n<meta property=\"og:locale\" content=\"pt_BR\" \/>\n<meta property=\"og:type\" content=\"article\" \/>\n<meta property=\"og:title\" content=\"Em Francisco Macedo, dois irm\u00e3os acusados de patricar vandalismo e diversos crimes s\u00e3o presos; Veja v\u00eddeo! - Portal NPM\" \/>\n<meta property=\"og:description\" content=\"Na manh\u00e3 deste s\u00e1bado (11), por volta das 10hrs, dois homens identificados como Joaquim Francisco da Silva e Raimundo Francisco da Silva foram presos na localidade Saco Grande, munic\u00edpio de Francisco Macedo-PI, acusados de arrombamento em um po\u00e7o na localidade Agreste, tamb\u00e9m no referido munic\u00edpio. Segundo informa\u00e7\u00f5es da PM, por volta de 1hr da madrugada &hellip;\" \/>\n<meta property=\"og:url\" content=\"https:\/\/portalnpm.com\/index.php\/2018\/08\/12\/em-francisco-macedo-dois-irmaos-acusados-de-patricar-vandalismo-e-diversos-crimes-sao-presos-veja-video\/\" \/>\n<meta property=\"og:site_name\" content=\"Portal NPM\" \/>\n<meta property=\"article:published_time\" content=\"2018-08-12T18:51:47+00:00\" \/>\n<meta property=\"og:image\" content=\"https:\/\/portalnpm.com\/wp-content\/uploads\/2018\/08\/page-5.jpg\" \/>\n\t<meta property=\"og:image:width\" content=\"500\" \/>\n\t<meta property=\"og:image:height\" content=\"300\" \/>\n\t<meta property=\"og:image:type\" content=\"image\/jpeg\" \/>\n<meta name=\"author\" content=\"Luis Alberto\" \/>\n<meta name=\"twitter:card\" content=\"summary_large_image\" \/>\n<meta name=\"twitter:label1\" content=\"Escrito por\" \/>\n\t<meta name=\"twitter:data1\" content=\"Luis Alberto\" \/>\n\t<meta name=\"twitter:label2\" content=\"Est. tempo de leitura\" \/>\n\t<meta name=\"twitter:data2\" content=\"1 minuto\" \/>\n<script type=\"application\/ld+json\" class=\"yoast-schema-graph\">{\"@context\":\"https:\/\/schema.org\",\"@graph\":[{\"@type\":\"WebPage\",\"@id\":\"https:\/\/portalnpm.com\/index.php\/2018\/08\/12\/em-francisco-macedo-dois-irmaos-acusados-de-patricar-vandalismo-e-diversos-crimes-sao-presos-veja-video\/\",\"url\":\"https:\/\/portalnpm.com\/index.php\/2018\/08\/12\/em-francisco-macedo-dois-irmaos-acusados-de-patricar-vandalismo-e-diversos-crimes-sao-presos-veja-video\/\",\"name\":\"Em Francisco Macedo, dois irm\u00e3os acusados de patricar vandalismo e diversos crimes s\u00e3o presos; Veja v\u00eddeo! - Portal NPM\",\"isPartOf\":{\"@id\":\"https:\/\/portalnpm.com\/#website\"},\"primaryImageOfPage\":{\"@id\":\"https:\/\/portalnpm.com\/index.php\/2018\/08\/12\/em-francisco-macedo-dois-irmaos-acusados-de-patricar-vandalismo-e-diversos-crimes-sao-presos-veja-video\/#primaryimage\"},\"image\":{\"@id\":\"https:\/\/portalnpm.com\/index.php\/2018\/08\/12\/em-francisco-macedo-dois-irmaos-acusados-de-patricar-vandalismo-e-diversos-crimes-sao-presos-veja-video\/#primaryimage\"},\"thumbnailUrl\":\"https:\/\/portalnpm.com\/wp-content\/uploads\/2018\/08\/page-5.jpg\",\"datePublished\":\"2018-08-12T18:51:47+00:00\",\"dateModified\":\"2018-08-12T18:51:47+00:00\",\"author\":{\"@id\":\"https:\/\/portalnpm.com\/#\/schema\/person\/5c8006acdf71774cd4e7a5ab98482152\"},\"breadcrumb\":{\"@id\":\"https:\/\/portalnpm.com\/index.php\/2018\/08\/12\/em-francisco-macedo-dois-irmaos-acusados-de-patricar-vandalismo-e-diversos-crimes-sao-presos-veja-video\/#breadcrumb\"},\"inLanguage\":\"pt-BR\",\"potentialAction\":[{\"@type\":\"ReadAction\",\"target\":[\"https:\/\/portalnpm.com\/index.php\/2018\/08\/12\/em-francisco-macedo-dois-irmaos-acusados-de-patricar-vandalismo-e-diversos-crimes-sao-presos-veja-video\/\"]}]},{\"@type\":\"ImageObject\",\"inLanguage\":\"pt-BR\",\"@id\":\"https:\/\/portalnpm.com\/index.php\/2018\/08\/12\/em-francisco-macedo-dois-irmaos-acusados-de-patricar-vandalismo-e-diversos-crimes-sao-presos-veja-video\/#primaryimage\",\"url\":\"https:\/\/portalnpm.com\/wp-content\/uploads\/2018\/08\/page-5.jpg\",\"contentUrl\":\"https:\/\/portalnpm.com\/wp-content\/uploads\/2018\/08\/page-5.jpg\",\"width\":500,\"height\":300},{\"@type\":\"BreadcrumbList\",\"@id\":\"https:\/\/portalnpm.com\/index.php\/2018\/08\/12\/em-francisco-macedo-dois-irmaos-acusados-de-patricar-vandalismo-e-diversos-crimes-sao-presos-veja-video\/#breadcrumb\",\"itemListElement\":[{\"@type\":\"ListItem\",\"position\":1,\"name\":\"In\u00edcio\",\"item\":\"https:\/\/portalnpm.com\/\"},{\"@type\":\"ListItem\",\"position\":2,\"name\":\"Em Francisco Macedo, dois irm\u00e3os acusados de patricar vandalismo e diversos crimes s\u00e3o presos; Veja v\u00eddeo!\"}]},{\"@type\":\"WebSite\",\"@id\":\"https:\/\/portalnpm.com\/#website\",\"url\":\"https:\/\/portalnpm.com\/\",\"name\":\"Portal NPM\",\"description\":\"Not\u00edcias em Primeira M\u00e3o\",\"potentialAction\":[{\"@type\":\"SearchAction\",\"target\":{\"@type\":\"EntryPoint\",\"urlTemplate\":\"https:\/\/portalnpm.com\/?s={search_term_string}\"},\"query-input\":\"required name=search_term_string\"}],\"inLanguage\":\"pt-BR\"},{\"@type\":\"Person\",\"@id\":\"https:\/\/portalnpm.com\/#\/schema\/person\/5c8006acdf71774cd4e7a5ab98482152\",\"name\":\"Luis Alberto\",\"image\":{\"@type\":\"ImageObject\",\"inLanguage\":\"pt-BR\",\"@id\":\"https:\/\/portalnpm.com\/#\/schema\/person\/image\/\",\"url\":\"https:\/\/portalnpm.com\/wp-content\/uploads\/2024\/12\/avatar_user_3_1734699769-96x96.jpeg\",\"contentUrl\":\"https:\/\/portalnpm.com\/wp-content\/uploads\/2024\/12\/avatar_user_3_1734699769-96x96.jpeg\",\"caption\":\"Luis Alberto\"},\"description\":\"Editor-geral do Portal NPM, \u00e9 formado como T\u00e9cnico em Seguran\u00e7a do Trabalho pela Escola Metropolitana de Cursos T\u00e9cnicos. Det\u00e9m ainda licenciatura em Educa\u00e7\u00e3o F\u00edsica e bacharelado em Ci\u00eancias Pol\u00edticas, ambos obtidos pela institui\u00e7\u00e3o Anhanguera\/UNOPAR.\",\"url\":\"https:\/\/portalnpm.com\/index.php\/author\/pereira\/\"}]}<\/script>\n<!-- \/ Yoast SEO plugin. -->","yoast_head_json":{"title":"Em Francisco Macedo, dois irm\u00e3os acusados de patricar vandalismo e diversos crimes s\u00e3o presos; Veja v\u00eddeo! - Portal NPM","robots":{"index":"index","follow":"follow","max-snippet":"max-snippet:-1","max-image-preview":"max-image-preview:large","max-video-preview":"max-video-preview:-1"},"canonical":"https:\/\/portalnpm.com\/index.php\/2018\/08\/12\/em-francisco-macedo-dois-irmaos-acusados-de-patricar-vandalismo-e-diversos-crimes-sao-presos-veja-video\/","og_locale":"pt_BR","og_type":"article","og_title":"Em Francisco Macedo, dois irm\u00e3os acusados de patricar vandalismo e diversos crimes s\u00e3o presos; Veja v\u00eddeo! - Portal NPM","og_description":"Na manh\u00e3 deste s\u00e1bado (11), por volta das 10hrs, dois homens identificados como Joaquim Francisco da Silva e Raimundo Francisco da Silva foram presos na localidade Saco Grande, munic\u00edpio de Francisco Macedo-PI, acusados de arrombamento em um po\u00e7o na localidade Agreste, tamb\u00e9m no referido munic\u00edpio. Segundo informa\u00e7\u00f5es da PM, por volta de 1hr da madrugada &hellip;","og_url":"https:\/\/portalnpm.com\/index.php\/2018\/08\/12\/em-francisco-macedo-dois-irmaos-acusados-de-patricar-vandalismo-e-diversos-crimes-sao-presos-veja-video\/","og_site_name":"Portal NPM","article_published_time":"2018-08-12T18:51:47+00:00","og_image":[{"width":500,"height":300,"url":"https:\/\/portalnpm.com\/wp-content\/uploads\/2018\/08\/page-5.jpg","type":"image\/jpeg"}],"author":"Luis Alberto","twitter_card":"summary_large_image","twitter_misc":{"Escrito por":"Luis Alberto","Est. tempo de leitura":"1 minuto"},"schema":{"@context":"https:\/\/schema.org","@graph":[{"@type":"WebPage","@id":"https:\/\/portalnpm.com\/index.php\/2018\/08\/12\/em-francisco-macedo-dois-irmaos-acusados-de-patricar-vandalismo-e-diversos-crimes-sao-presos-veja-video\/","url":"https:\/\/portalnpm.com\/index.php\/2018\/08\/12\/em-francisco-macedo-dois-irmaos-acusados-de-patricar-vandalismo-e-diversos-crimes-sao-presos-veja-video\/","name":"Em Francisco Macedo, dois irm\u00e3os acusados de patricar vandalismo e diversos crimes s\u00e3o presos; Veja v\u00eddeo! - Portal NPM","isPartOf":{"@id":"https:\/\/portalnpm.com\/#website"},"primaryImageOfPage":{"@id":"https:\/\/portalnpm.com\/index.php\/2018\/08\/12\/em-francisco-macedo-dois-irmaos-acusados-de-patricar-vandalismo-e-diversos-crimes-sao-presos-veja-video\/#primaryimage"},"image":{"@id":"https:\/\/portalnpm.com\/index.php\/2018\/08\/12\/em-francisco-macedo-dois-irmaos-acusados-de-patricar-vandalismo-e-diversos-crimes-sao-presos-veja-video\/#primaryimage"},"thumbnailUrl":"https:\/\/portalnpm.com\/wp-content\/uploads\/2018\/08\/page-5.jpg","datePublished":"2018-08-12T18:51:47+00:00","dateModified":"2018-08-12T18:51:47+00:00","author":{"@id":"https:\/\/portalnpm.com\/#\/schema\/person\/5c8006acdf71774cd4e7a5ab98482152"},"breadcrumb":{"@id":"https:\/\/portalnpm.com\/index.php\/2018\/08\/12\/em-francisco-macedo-dois-irmaos-acusados-de-patricar-vandalismo-e-diversos-crimes-sao-presos-veja-video\/#breadcrumb"},"inLanguage":"pt-BR","potentialAction":[{"@type":"ReadAction","target":["https:\/\/portalnpm.com\/index.php\/2018\/08\/12\/em-francisco-macedo-dois-irmaos-acusados-de-patricar-vandalismo-e-diversos-crimes-sao-presos-veja-video\/"]}]},{"@type":"ImageObject","inLanguage":"pt-BR","@id":"https:\/\/portalnpm.com\/index.php\/2018\/08\/12\/em-francisco-macedo-dois-irmaos-acusados-de-patricar-vandalismo-e-diversos-crimes-sao-presos-veja-video\/#primaryimage","url":"https:\/\/portalnpm.com\/wp-content\/uploads\/2018\/08\/page-5.jpg","contentUrl":"https:\/\/portalnpm.com\/wp-content\/uploads\/2018\/08\/page-5.jpg","width":500,"height":300},{"@type":"BreadcrumbList","@id":"https:\/\/portalnpm.com\/index.php\/2018\/08\/12\/em-francisco-macedo-dois-irmaos-acusados-de-patricar-vandalismo-e-diversos-crimes-sao-presos-veja-video\/#breadcrumb","itemListElement":[{"@type":"ListItem","position":1,"name":"In\u00edcio","item":"https:\/\/portalnpm.com\/"},{"@type":"ListItem","position":2,"name":"Em Francisco Macedo, dois irm\u00e3os acusados de patricar vandalismo e diversos crimes s\u00e3o presos; Veja v\u00eddeo!"}]},{"@type":"WebSite","@id":"https:\/\/portalnpm.com\/#website","url":"https:\/\/portalnpm.com\/","name":"Portal NPM","description":"Not\u00edcias em Primeira M\u00e3o","potentialAction":[{"@type":"SearchAction","target":{"@type":"EntryPoint","urlTemplate":"https:\/\/portalnpm.com\/?s={search_term_string}"},"query-input":"required name=search_term_string"}],"inLanguage":"pt-BR"},{"@type":"Person","@id":"https:\/\/portalnpm.com\/#\/schema\/person\/5c8006acdf71774cd4e7a5ab98482152","name":"Luis Alberto","image":{"@type":"ImageObject","inLanguage":"pt-BR","@id":"https:\/\/portalnpm.com\/#\/schema\/person\/image\/","url":"https:\/\/portalnpm.com\/wp-content\/uploads\/2024\/12\/avatar_user_3_1734699769-96x96.jpeg","contentUrl":"https:\/\/portalnpm.com\/wp-content\/uploads\/2024\/12\/avatar_user_3_1734699769-96x96.jpeg","caption":"Luis Alberto"},"description":"Editor-geral do Portal NPM, \u00e9 formado como T\u00e9cnico em Seguran\u00e7a do Trabalho pela Escola Metropolitana de Cursos T\u00e9cnicos. Det\u00e9m ainda licenciatura em Educa\u00e7\u00e3o F\u00edsica e bacharelado em Ci\u00eancias Pol\u00edticas, ambos obtidos pela institui\u00e7\u00e3o Anhanguera\/UNOPAR.","url":"https:\/\/portalnpm.com\/index.php\/author\/pereira\/"}]}},"jetpack_sharing_enabled":true,"jetpack_featured_media_url":"https:\/\/portalnpm.com\/wp-content\/uploads\/2018\/08\/page-5.jpg","_links":{"self":[{"href":"https:\/\/portalnpm.com\/index.php\/wp-json\/wp\/v2\/posts\/479"}],"collection":[{"href":"https:\/\/portalnpm.com\/index.php\/wp-json\/wp\/v2\/posts"}],"about":[{"href":"https:\/\/portalnpm.com\/index.php\/wp-json\/wp\/v2\/types\/post"}],"author":[{"embeddable":true,"href":"https:\/\/portalnpm.com\/index.php\/wp-json\/wp\/v2\/users\/3"}],"replies":[{"embeddable":true,"href":"https:\/\/portalnpm.com\/index.php\/wp-json\/wp\/v2\/comments?post=479"}],"version-history":[{"count":0,"href":"https:\/\/portalnpm.com\/index.php\/wp-json\/wp\/v2\/posts\/479\/revisions"}],"wp:featuredmedia":[{"embeddable":true,"href":"https:\/\/portalnpm.com\/index.php\/wp-json\/wp\/v2\/media\/481"}],"wp:attachment":[{"href":"https:\/\/portalnpm.com\/index.php\/wp-json\/wp\/v2\/media?parent=479"}],"wp:term":[{"taxonomy":"category","embeddable":true,"href":"https:\/\/portalnpm.com\/index.php\/wp-json\/wp\/v2\/categories?post=479"},{"taxonomy":"post_tag","embeddable":true,"href":"https:\/\/portalnpm.com\/index.php\/wp-json\/wp\/v2\/tags?post=479"}],"curies":[{"name":"wp","href":"https:\/\/api.w.org\/{rel}","templated":true}]}}