{"id":47906,"date":"2023-07-22T13:29:33","date_gmt":"2023-07-22T16:29:33","guid":{"rendered":"https:\/\/portalnpm.com\/?p=47906"},"modified":"2023-07-22T13:29:33","modified_gmt":"2023-07-22T16:29:33","slug":"prefeitura-de-belem-do-piaui-anuncia-amado-batista-para-o-aniversario-de-28-anos-de-emancipacao-politica","status":"publish","type":"post","link":"https:\/\/portalnpm.com\/index.php\/2023\/07\/22\/prefeitura-de-belem-do-piaui-anuncia-amado-batista-para-o-aniversario-de-28-anos-de-emancipacao-politica\/","title":{"rendered":"Prefeitura de Bel\u00e9m do Piau\u00ed anuncia Amado Batista para o anivers\u00e1rio de 28 anos de emancipa\u00e7\u00e3o pol\u00edtica"},"content":{"rendered":"<p style=\"text-align: justify;\">Bel\u00e9m do Piau\u00ed se prepara para celebrar com grande estilo o seu 28\u00ba anivers\u00e1rio de emancipa\u00e7\u00e3o pol\u00edtica. Durante o X Belarrai\u00e1 Caboclo Nordestino, uma das principais festividades do munic\u00edpio, o prefeito Ademar Carvalho emocionou a popula\u00e7\u00e3o ao anunciar o renomado cantor Amado Batista como a primeira atra\u00e7\u00e3o musical para as comemora\u00e7\u00f5es do anivers\u00e1rio da cidade.<\/p>\n<p style=\"text-align: justify;\">\n<p style=\"text-align: justify;\">A not\u00edcia foi recebida com entusiasmo por moradores e f\u00e3s do cantor em toda a regi\u00e3o. Amado Batista \u00e9 um dos artistas mais queridos e consagrados do Brasil, conhecido por suas belas can\u00e7\u00f5es rom\u00e2nticas que encantam gera\u00e7\u00f5es h\u00e1 d\u00e9cadas. Com uma carreira marcada por sucessos, o cantor promete proporcionar um show inesquec\u00edvel para o p\u00fablico de Bel\u00e9m do Piau\u00ed.<\/p>\n<p style=\"text-align: justify;\">O evento est\u00e1 programado para acontecer no dia 13 de dezembro, na v\u00e9spera do anivers\u00e1rio oficial da cidade, celebrado em 14 de dezembro. A escolha da data para o show do cantor Amado Batista demonstra o cuidado da prefeitura em oferecer uma festa memor\u00e1vel para os belenenses e visitantes que se juntar\u00e3o \u00e0 celebra\u00e7\u00e3o.<\/p>\n<p style=\"text-align: justify;\"><img fetchpriority=\"high\" decoding=\"async\" class=\"alignnone size-full wp-image-409976 lazyloaded\" src=\"https:\/\/infonewss.com\/wp-content\/uploads\/2023\/07\/WhatsApp-Image-2023-07-22-at-11.34.52-AM.jpeg\" sizes=\"(max-width: 1080px) 100vw, 1080px\" srcset=\"https:\/\/infonewss.com\/wp-content\/uploads\/2023\/07\/WhatsApp-Image-2023-07-22-at-11.34.52-AM.jpeg 1080w, https:\/\/infonewss.com\/wp-content\/uploads\/2023\/07\/WhatsApp-Image-2023-07-22-at-11.34.52-AM-240x300.jpeg 240w, https:\/\/infonewss.com\/wp-content\/uploads\/2023\/07\/WhatsApp-Image-2023-07-22-at-11.34.52-AM-819x1024.jpeg 819w, https:\/\/infonewss.com\/wp-content\/uploads\/2023\/07\/WhatsApp-Image-2023-07-22-at-11.34.52-AM-768x960.jpeg 768w, https:\/\/infonewss.com\/wp-content\/uploads\/2023\/07\/WhatsApp-Image-2023-07-22-at-11.34.52-AM-150x188.jpeg 150w, https:\/\/infonewss.com\/wp-content\/uploads\/2023\/07\/WhatsApp-Image-2023-07-22-at-11.34.52-AM-300x375.jpeg 300w, https:\/\/infonewss.com\/wp-content\/uploads\/2023\/07\/WhatsApp-Image-2023-07-22-at-11.34.52-AM-696x870.jpeg 696w, https:\/\/infonewss.com\/wp-content\/uploads\/2023\/07\/WhatsApp-Image-2023-07-22-at-11.34.52-AM-1068x1335.jpeg 1068w\" alt=\"\" width=\"1080\" height=\"1350\" data-srcset=\"https:\/\/infonewss.com\/wp-content\/uploads\/2023\/07\/WhatsApp-Image-2023-07-22-at-11.34.52-AM.jpeg 1080w, https:\/\/infonewss.com\/wp-content\/uploads\/2023\/07\/WhatsApp-Image-2023-07-22-at-11.34.52-AM-240x300.jpeg 240w, https:\/\/infonewss.com\/wp-content\/uploads\/2023\/07\/WhatsApp-Image-2023-07-22-at-11.34.52-AM-819x1024.jpeg 819w, https:\/\/infonewss.com\/wp-content\/uploads\/2023\/07\/WhatsApp-Image-2023-07-22-at-11.34.52-AM-768x960.jpeg 768w, https:\/\/infonewss.com\/wp-content\/uploads\/2023\/07\/WhatsApp-Image-2023-07-22-at-11.34.52-AM-150x188.jpeg 150w, https:\/\/infonewss.com\/wp-content\/uploads\/2023\/07\/WhatsApp-Image-2023-07-22-at-11.34.52-AM-300x375.jpeg 300w, https:\/\/infonewss.com\/wp-content\/uploads\/2023\/07\/WhatsApp-Image-2023-07-22-at-11.34.52-AM-696x870.jpeg 696w, https:\/\/infonewss.com\/wp-content\/uploads\/2023\/07\/WhatsApp-Image-2023-07-22-at-11.34.52-AM-1068x1335.jpeg 1068w\" data-src=\"https:\/\/infonewss.com\/wp-content\/uploads\/2023\/07\/WhatsApp-Image-2023-07-22-at-11.34.52-AM.jpeg\" data-sizes=\"(max-width: 1080px) 100vw, 1080px\" \/><\/p>\n<p style=\"text-align: justify;\">O prefeito Ademar Carvalho destacou a import\u00e2ncia do evento para a cidade e regi\u00e3o, ressaltando a expectativa de um p\u00fablico numeroso e alegre durante as comemora\u00e7\u00f5es. Ele afirmou que a escolha de Amado Batista como atra\u00e7\u00e3o principal foi feita considerando proporcionar um espet\u00e1culo \u00e0 altura da grandiosidade dessa data especial para Bel\u00e9m do Piau\u00ed.<\/p>\n<p style=\"text-align: justify;\"><img decoding=\"async\" class=\" lazyloaded\" src=\"https:\/\/infonewss.com\/wp-content\/uploads\/2023\/07\/Shows-com-Taiene-Carvalho-Luan-Estilizado-e-Lucas-Barao-no-X-Belarraia-do-Caboclo-Nordestino-IMG_2744.jpg\" data-src=\"https:\/\/infonewss.com\/wp-content\/uploads\/2023\/07\/Shows-com-Taiene-Carvalho-Luan-Estilizado-e-Lucas-Barao-no-X-Belarraia-do-Caboclo-Nordestino-IMG_2744.jpg\" \/><\/p>\n<p style=\"text-align: justify;\">Al\u00e9m do show do cantor, a prefeitura ainda revelar\u00e1 nos pr\u00f3ximos dias outras atra\u00e7\u00f5es que far\u00e3o parte da programa\u00e7\u00e3o das festividades de anivers\u00e1rio da cidade. A expectativa \u00e9 que as comemora\u00e7\u00f5es deste ano sejam ainda mais marcantes e inesquec\u00edveis, refor\u00e7ando a identidade e o orgulho do povo belenense.<\/p>\n<p style=\"text-align: justify;\">Os preparativos para o evento j\u00e1 est\u00e3o em andamento, e a prefeitura trabalha em conjunto com outros \u00f3rg\u00e3os para garantir a seguran\u00e7a e o conforto do p\u00fablico durante a festa. Com atra\u00e7\u00f5es diversificadas, a expectativa \u00e9 atrair visitantes de toda a regi\u00e3o e at\u00e9 mesmo de outros estados, impulsionando o turismo local e valorizando a cultura nordestina.<\/p>\n<p style=\"text-align: justify;\"><em><strong>Fonte: Portal Infonewss<\/strong><\/em><\/p>\n","protected":false},"excerpt":{"rendered":"<p>Bel\u00e9m do Piau\u00ed se prepara para celebrar com grande estilo o seu 28\u00ba anivers\u00e1rio de emancipa\u00e7\u00e3o pol\u00edtica. Durante o X Belarrai\u00e1 Caboclo Nordestino, uma das principais festividades do munic\u00edpio, o prefeito Ademar Carvalho emocionou a popula\u00e7\u00e3o ao anunciar o renomado cantor Amado Batista como a primeira atra\u00e7\u00e3o musical para as comemora\u00e7\u00f5es do anivers\u00e1rio da cidade. &hellip;<\/p>\n","protected":false},"author":2,"featured_media":47907,"comment_status":"open","ping_status":"open","sticky":false,"template":"","format":"standard","meta":{"content-type":"","rop_custom_images_group":[],"rop_custom_messages_group":[],"rop_publish_now":"initial","rop_publish_now_accounts":{"facebook_2648258775420054_1618374048415101":""},"rop_publish_now_history":[],"rop_publish_now_status":"pending","footnotes":"","_jetpack_memberships_contains_paid_content":false},"categories":[106,113,147,109],"tags":[116,105,1198],"yoast_head":"<!-- This site is optimized with the Yoast SEO plugin v22.3 - https:\/\/yoast.com\/wordpress\/plugins\/seo\/ -->\n<title>Prefeitura de Bel\u00e9m do Piau\u00ed anuncia Amado Batista para o anivers\u00e1rio de 28 anos de emancipa\u00e7\u00e3o pol\u00edtica - Portal NPM<\/title>\n<meta name=\"robots\" content=\"index, follow, max-snippet:-1, max-image-preview:large, max-video-preview:-1\" \/>\n<link rel=\"canonical\" href=\"https:\/\/portalnpm.com\/index.php\/2023\/07\/22\/prefeitura-de-belem-do-piaui-anuncia-amado-batista-para-o-aniversario-de-28-anos-de-emancipacao-politica\/\" \/>\n<meta property=\"og:locale\" content=\"pt_BR\" \/>\n<meta property=\"og:type\" content=\"article\" \/>\n<meta property=\"og:title\" content=\"Prefeitura de Bel\u00e9m do Piau\u00ed anuncia Amado Batista para o anivers\u00e1rio de 28 anos de emancipa\u00e7\u00e3o pol\u00edtica - Portal NPM\" \/>\n<meta property=\"og:description\" content=\"Bel\u00e9m do Piau\u00ed se prepara para celebrar com grande estilo o seu 28\u00ba anivers\u00e1rio de emancipa\u00e7\u00e3o pol\u00edtica. Durante o X Belarrai\u00e1 Caboclo Nordestino, uma das principais festividades do munic\u00edpio, o prefeito Ademar Carvalho emocionou a popula\u00e7\u00e3o ao anunciar o renomado cantor Amado Batista como a primeira atra\u00e7\u00e3o musical para as comemora\u00e7\u00f5es do anivers\u00e1rio da cidade. &hellip;\" \/>\n<meta property=\"og:url\" content=\"https:\/\/portalnpm.com\/index.php\/2023\/07\/22\/prefeitura-de-belem-do-piaui-anuncia-amado-batista-para-o-aniversario-de-28-anos-de-emancipacao-politica\/\" \/>\n<meta property=\"og:site_name\" content=\"Portal NPM\" \/>\n<meta property=\"article:published_time\" content=\"2023-07-22T16:29:33+00:00\" \/>\n<meta name=\"author\" content=\"Genival Barbosa\" \/>\n<meta name=\"twitter:card\" content=\"summary_large_image\" \/>\n<meta name=\"twitter:label1\" content=\"Escrito por\" \/>\n\t<meta name=\"twitter:data1\" content=\"Genival Barbosa\" \/>\n\t<meta name=\"twitter:label2\" content=\"Est. tempo de leitura\" \/>\n\t<meta name=\"twitter:data2\" content=\"3 minutos\" \/>\n<script type=\"application\/ld+json\" class=\"yoast-schema-graph\">{\"@context\":\"https:\/\/schema.org\",\"@graph\":[{\"@type\":\"WebPage\",\"@id\":\"https:\/\/portalnpm.com\/index.php\/2023\/07\/22\/prefeitura-de-belem-do-piaui-anuncia-amado-batista-para-o-aniversario-de-28-anos-de-emancipacao-politica\/\",\"url\":\"https:\/\/portalnpm.com\/index.php\/2023\/07\/22\/prefeitura-de-belem-do-piaui-anuncia-amado-batista-para-o-aniversario-de-28-anos-de-emancipacao-politica\/\",\"name\":\"Prefeitura de Bel\u00e9m do Piau\u00ed anuncia Amado Batista para o anivers\u00e1rio de 28 anos de emancipa\u00e7\u00e3o pol\u00edtica - Portal NPM\",\"isPartOf\":{\"@id\":\"https:\/\/portalnpm.com\/#website\"},\"primaryImageOfPage\":{\"@id\":\"https:\/\/portalnpm.com\/index.php\/2023\/07\/22\/prefeitura-de-belem-do-piaui-anuncia-amado-batista-para-o-aniversario-de-28-anos-de-emancipacao-politica\/#primaryimage\"},\"image\":{\"@id\":\"https:\/\/portalnpm.com\/index.php\/2023\/07\/22\/prefeitura-de-belem-do-piaui-anuncia-amado-batista-para-o-aniversario-de-28-anos-de-emancipacao-politica\/#primaryimage\"},\"thumbnailUrl\":\"\",\"datePublished\":\"2023-07-22T16:29:33+00:00\",\"dateModified\":\"2023-07-22T16:29:33+00:00\",\"author\":{\"@id\":\"https:\/\/portalnpm.com\/#\/schema\/person\/49313e563cfdefcc167f1ee4c017c294\"},\"breadcrumb\":{\"@id\":\"https:\/\/portalnpm.com\/index.php\/2023\/07\/22\/prefeitura-de-belem-do-piaui-anuncia-amado-batista-para-o-aniversario-de-28-anos-de-emancipacao-politica\/#breadcrumb\"},\"inLanguage\":\"pt-BR\",\"potentialAction\":[{\"@type\":\"ReadAction\",\"target\":[\"https:\/\/portalnpm.com\/index.php\/2023\/07\/22\/prefeitura-de-belem-do-piaui-anuncia-amado-batista-para-o-aniversario-de-28-anos-de-emancipacao-politica\/\"]}]},{\"@type\":\"ImageObject\",\"inLanguage\":\"pt-BR\",\"@id\":\"https:\/\/portalnpm.com\/index.php\/2023\/07\/22\/prefeitura-de-belem-do-piaui-anuncia-amado-batista-para-o-aniversario-de-28-anos-de-emancipacao-politica\/#primaryimage\",\"url\":\"\",\"contentUrl\":\"\"},{\"@type\":\"BreadcrumbList\",\"@id\":\"https:\/\/portalnpm.com\/index.php\/2023\/07\/22\/prefeitura-de-belem-do-piaui-anuncia-amado-batista-para-o-aniversario-de-28-anos-de-emancipacao-politica\/#breadcrumb\",\"itemListElement\":[{\"@type\":\"ListItem\",\"position\":1,\"name\":\"In\u00edcio\",\"item\":\"https:\/\/portalnpm.com\/\"},{\"@type\":\"ListItem\",\"position\":2,\"name\":\"Prefeitura de Bel\u00e9m do Piau\u00ed anuncia Amado Batista para o anivers\u00e1rio de 28 anos de emancipa\u00e7\u00e3o pol\u00edtica\"}]},{\"@type\":\"WebSite\",\"@id\":\"https:\/\/portalnpm.com\/#website\",\"url\":\"https:\/\/portalnpm.com\/\",\"name\":\"Portal NPM\",\"description\":\"Not\u00edcias em Primeira M\u00e3o\",\"potentialAction\":[{\"@type\":\"SearchAction\",\"target\":{\"@type\":\"EntryPoint\",\"urlTemplate\":\"https:\/\/portalnpm.com\/?s={search_term_string}\"},\"query-input\":\"required name=search_term_string\"}],\"inLanguage\":\"pt-BR\"},{\"@type\":\"Person\",\"@id\":\"https:\/\/portalnpm.com\/#\/schema\/person\/49313e563cfdefcc167f1ee4c017c294\",\"name\":\"Genival Barbosa\",\"image\":{\"@type\":\"ImageObject\",\"inLanguage\":\"pt-BR\",\"@id\":\"https:\/\/portalnpm.com\/#\/schema\/person\/image\/\",\"url\":\"https:\/\/portalnpm.com\/wp-content\/uploads\/2024\/02\/avatar_user_2_1707743258-96x96.jpeg\",\"contentUrl\":\"https:\/\/portalnpm.com\/wp-content\/uploads\/2024\/02\/avatar_user_2_1707743258-96x96.jpeg\",\"caption\":\"Genival Barbosa\"},\"url\":\"https:\/\/portalnpm.com\/index.php\/author\/genival\/\"}]}<\/script>\n<!-- \/ Yoast SEO plugin. -->","yoast_head_json":{"title":"Prefeitura de Bel\u00e9m do Piau\u00ed anuncia Amado Batista para o anivers\u00e1rio de 28 anos de emancipa\u00e7\u00e3o pol\u00edtica - Portal NPM","robots":{"index":"index","follow":"follow","max-snippet":"max-snippet:-1","max-image-preview":"max-image-preview:large","max-video-preview":"max-video-preview:-1"},"canonical":"https:\/\/portalnpm.com\/index.php\/2023\/07\/22\/prefeitura-de-belem-do-piaui-anuncia-amado-batista-para-o-aniversario-de-28-anos-de-emancipacao-politica\/","og_locale":"pt_BR","og_type":"article","og_title":"Prefeitura de Bel\u00e9m do Piau\u00ed anuncia Amado Batista para o anivers\u00e1rio de 28 anos de emancipa\u00e7\u00e3o pol\u00edtica - Portal NPM","og_description":"Bel\u00e9m do Piau\u00ed se prepara para celebrar com grande estilo o seu 28\u00ba anivers\u00e1rio de emancipa\u00e7\u00e3o pol\u00edtica. Durante o X Belarrai\u00e1 Caboclo Nordestino, uma das principais festividades do munic\u00edpio, o prefeito Ademar Carvalho emocionou a popula\u00e7\u00e3o ao anunciar o renomado cantor Amado Batista como a primeira atra\u00e7\u00e3o musical para as comemora\u00e7\u00f5es do anivers\u00e1rio da cidade. &hellip;","og_url":"https:\/\/portalnpm.com\/index.php\/2023\/07\/22\/prefeitura-de-belem-do-piaui-anuncia-amado-batista-para-o-aniversario-de-28-anos-de-emancipacao-politica\/","og_site_name":"Portal NPM","article_published_time":"2023-07-22T16:29:33+00:00","author":"Genival Barbosa","twitter_card":"summary_large_image","twitter_misc":{"Escrito por":"Genival Barbosa","Est. tempo de leitura":"3 minutos"},"schema":{"@context":"https:\/\/schema.org","@graph":[{"@type":"WebPage","@id":"https:\/\/portalnpm.com\/index.php\/2023\/07\/22\/prefeitura-de-belem-do-piaui-anuncia-amado-batista-para-o-aniversario-de-28-anos-de-emancipacao-politica\/","url":"https:\/\/portalnpm.com\/index.php\/2023\/07\/22\/prefeitura-de-belem-do-piaui-anuncia-amado-batista-para-o-aniversario-de-28-anos-de-emancipacao-politica\/","name":"Prefeitura de Bel\u00e9m do Piau\u00ed anuncia Amado Batista para o anivers\u00e1rio de 28 anos de emancipa\u00e7\u00e3o pol\u00edtica - Portal NPM","isPartOf":{"@id":"https:\/\/portalnpm.com\/#website"},"primaryImageOfPage":{"@id":"https:\/\/portalnpm.com\/index.php\/2023\/07\/22\/prefeitura-de-belem-do-piaui-anuncia-amado-batista-para-o-aniversario-de-28-anos-de-emancipacao-politica\/#primaryimage"},"image":{"@id":"https:\/\/portalnpm.com\/index.php\/2023\/07\/22\/prefeitura-de-belem-do-piaui-anuncia-amado-batista-para-o-aniversario-de-28-anos-de-emancipacao-politica\/#primaryimage"},"thumbnailUrl":"","datePublished":"2023-07-22T16:29:33+00:00","dateModified":"2023-07-22T16:29:33+00:00","author":{"@id":"https:\/\/portalnpm.com\/#\/schema\/person\/49313e563cfdefcc167f1ee4c017c294"},"breadcrumb":{"@id":"https:\/\/portalnpm.com\/index.php\/2023\/07\/22\/prefeitura-de-belem-do-piaui-anuncia-amado-batista-para-o-aniversario-de-28-anos-de-emancipacao-politica\/#breadcrumb"},"inLanguage":"pt-BR","potentialAction":[{"@type":"ReadAction","target":["https:\/\/portalnpm.com\/index.php\/2023\/07\/22\/prefeitura-de-belem-do-piaui-anuncia-amado-batista-para-o-aniversario-de-28-anos-de-emancipacao-politica\/"]}]},{"@type":"ImageObject","inLanguage":"pt-BR","@id":"https:\/\/portalnpm.com\/index.php\/2023\/07\/22\/prefeitura-de-belem-do-piaui-anuncia-amado-batista-para-o-aniversario-de-28-anos-de-emancipacao-politica\/#primaryimage","url":"","contentUrl":""},{"@type":"BreadcrumbList","@id":"https:\/\/portalnpm.com\/index.php\/2023\/07\/22\/prefeitura-de-belem-do-piaui-anuncia-amado-batista-para-o-aniversario-de-28-anos-de-emancipacao-politica\/#breadcrumb","itemListElement":[{"@type":"ListItem","position":1,"name":"In\u00edcio","item":"https:\/\/portalnpm.com\/"},{"@type":"ListItem","position":2,"name":"Prefeitura de Bel\u00e9m do Piau\u00ed anuncia Amado Batista para o anivers\u00e1rio de 28 anos de emancipa\u00e7\u00e3o pol\u00edtica"}]},{"@type":"WebSite","@id":"https:\/\/portalnpm.com\/#website","url":"https:\/\/portalnpm.com\/","name":"Portal NPM","description":"Not\u00edcias em Primeira M\u00e3o","potentialAction":[{"@type":"SearchAction","target":{"@type":"EntryPoint","urlTemplate":"https:\/\/portalnpm.com\/?s={search_term_string}"},"query-input":"required name=search_term_string"}],"inLanguage":"pt-BR"},{"@type":"Person","@id":"https:\/\/portalnpm.com\/#\/schema\/person\/49313e563cfdefcc167f1ee4c017c294","name":"Genival Barbosa","image":{"@type":"ImageObject","inLanguage":"pt-BR","@id":"https:\/\/portalnpm.com\/#\/schema\/person\/image\/","url":"https:\/\/portalnpm.com\/wp-content\/uploads\/2024\/02\/avatar_user_2_1707743258-96x96.jpeg","contentUrl":"https:\/\/portalnpm.com\/wp-content\/uploads\/2024\/02\/avatar_user_2_1707743258-96x96.jpeg","caption":"Genival Barbosa"},"url":"https:\/\/portalnpm.com\/index.php\/author\/genival\/"}]}},"jetpack_sharing_enabled":true,"jetpack_featured_media_url":"","_links":{"self":[{"href":"https:\/\/portalnpm.com\/index.php\/wp-json\/wp\/v2\/posts\/47906"}],"collection":[{"href":"https:\/\/portalnpm.com\/index.php\/wp-json\/wp\/v2\/posts"}],"about":[{"href":"https:\/\/portalnpm.com\/index.php\/wp-json\/wp\/v2\/types\/post"}],"author":[{"embeddable":true,"href":"https:\/\/portalnpm.com\/index.php\/wp-json\/wp\/v2\/users\/2"}],"replies":[{"embeddable":true,"href":"https:\/\/portalnpm.com\/index.php\/wp-json\/wp\/v2\/comments?post=47906"}],"version-history":[{"count":0,"href":"https:\/\/portalnpm.com\/index.php\/wp-json\/wp\/v2\/posts\/47906\/revisions"}],"wp:featuredmedia":[{"embeddable":true,"href":"https:\/\/portalnpm.com\/index.php\/wp-json\/"}],"wp:attachment":[{"href":"https:\/\/portalnpm.com\/index.php\/wp-json\/wp\/v2\/media?parent=47906"}],"wp:term":[{"taxonomy":"category","embeddable":true,"href":"https:\/\/portalnpm.com\/index.php\/wp-json\/wp\/v2\/categories?post=47906"},{"taxonomy":"post_tag","embeddable":true,"href":"https:\/\/portalnpm.com\/index.php\/wp-json\/wp\/v2\/tags?post=47906"}],"curies":[{"name":"wp","href":"https:\/\/api.w.org\/{rel}","templated":true}]}}