{"id":48025,"date":"2023-07-25T12:20:03","date_gmt":"2023-07-25T15:20:03","guid":{"rendered":"https:\/\/portalnpm.com\/?p=48025"},"modified":"2023-07-25T12:20:03","modified_gmt":"2023-07-25T15:20:03","slug":"aviso-urgente-para-os-beneficiarios-do-bolsa-familia-com-este-nis","status":"publish","type":"post","link":"https:\/\/portalnpm.com\/index.php\/2023\/07\/25\/aviso-urgente-para-os-beneficiarios-do-bolsa-familia-com-este-nis\/","title":{"rendered":"AVISO URGENTE para os benefici\u00e1rios do Bolsa Fam\u00edlia com ESTE NIS"},"content":{"rendered":"<header id=\"header\" class=\"site-header header-style-8 full-width\">\n<div class=\"bs-pinning-wrapper bspw-header bspw-header-style-8\">\n<div class=\"content-wrap bs-pinning-block normal unpinned-no-transition\">\n<div class=\"container\">\n<div class=\"header-inner clearfix\">\n<div id=\"site-branding\" class=\"site-branding\">\n<p id=\"site-title\" class=\"logo h1 img-logo\" style=\"text-align: justify;\">\n<\/div>\n<\/div>\n<\/div>\n<\/div>\n<\/div>\n<\/header>\n<div class=\"content-wrap\"><main id=\"content\" class=\"content-container\"><\/p>\n<div class=\"container layout-2-col layout-2-col-1 layout-right-sidebar layout-bc-before post-template-1\">\n<div class=\"row main-section\">\n<div class=\"col-sm-8 content-column\">\n<div class=\"single-container\">\n<article id=\"post-679242\" class=\"post-679242 post type-post status-publish format-standard has-post-thumbnail  category-beneficios-sociais category-bolsa-familia tag-auxilio-gas tag-bolsa-familia tag-bolsa-familia-bloqueado tag-calendario-bolsa-familia tag-como-entrar-no-bolsa-familia tag-desbloqueio-do-bolsa-familia single-post-content has-thumbnail\">\n<div class=\"entry-content clearfix single-post-content\">\n<p style=\"text-align: justify;\">O t\u00e3o esperado dia para os benefici\u00e1rios do\u00a0<a href=\"https:\/\/noticiasconcursos.com.br\/beneficios-sociais\/bolsa-familia\"><strong>Bolsa Fam\u00edlia<\/strong><\/a>\u00a0com NIS final 6 chegou. Nesta ter\u00e7a-feira (25),\u00a0<strong>a Caixa Econ\u00f4mica Federal<\/strong>\u00a0liberar\u00e1 o pagamento da parcela de julho para os benefici\u00e1rios com o NIS terminado em 6. Esta \u00e9 a segunda parcela contendo o adicional de R$ 50 destinado \u00e0s fam\u00edlias com gestantes e filhos entre 7 a 18 anos. Neste artigo, vamos desvendar os detalhes do programa, as regras de participa\u00e7\u00e3o e o que fazer em caso de bloqueio.<\/p>\n<h2 style=\"text-align: justify;\">Adicionais do Bolsa Fam\u00edlia<\/h2>\n<p style=\"text-align: justify;\">Desde mar\u00e7o, o\u00a0<strong>Bolsa Fam\u00edlia<\/strong>\u00a0tem concedido um adicional de R$ 150 para as fam\u00edlias com crian\u00e7as de at\u00e9 6 anos. Assim, o valor total do benef\u00edcio pode chegar a R$ 900 para os que atendem aos requisitos para os dois adicionais.<\/p>\n<p style=\"text-align: justify;\">O valor m\u00ednimo do benef\u00edcio \u00e9 de R$ 600, todavia, com o novo adicional, a m\u00e9dia do benef\u00edcio aumenta para R$ 684,17. De acordo com o Minist\u00e9rio do Desenvolvimento e Assist\u00eancia Social, o programa de transfer\u00eancia de renda do governo federal alcan\u00e7ar\u00e1 20,9 milh\u00f5es de fam\u00edlias em julho, com um gasto de R$ 14 bilh\u00f5es.<\/p>\n<div class=\"code-block code-block-adsense-paragrafo-3\" style=\"text-align: justify;\"><ins class=\"adsbygoogle\" data-ad-client=\"ca-pub-1380450852231683\" data-ad-slot=\"5448303659\" data-ad-format=\"auto\" data-full-width-responsive=\"true\" data-adsbygoogle-status=\"done\" data-ad-status=\"filled\"><\/p>\n<div id=\"aswift_2_host\" tabindex=\"0\" title=\"Advertisement\" aria-label=\"Advertisement\"><\/div>\n<p><\/ins><\/div>\n<h2 style=\"text-align: justify;\">Integra\u00e7\u00e3o de Dados do Bolsa Fam\u00edlia e CNIS<\/h2>\n<p style=\"text-align: justify;\">A partir deste m\u00eas, as informa\u00e7\u00f5es do\u00a0<strong>Bolsa Fam\u00edlia<\/strong>\u00a0ser\u00e3o integradas ao Cadastro Nacional de Informa\u00e7\u00f5es Sociais (CNIS). Com base no cruzamento de dados, 341 mil fam\u00edlias foram exclu\u00eddas do programa por terem renda superior \u00e0s regras estabelecidas pelo\u00a0<strong>Bolsa Fam\u00edlia<\/strong>. O CNIS possui mais de 80 bilh\u00f5es de registros administrativos relacionados a renda, empregos formais e benef\u00edcios previdenci\u00e1rios e assistenciais pagos pelo INSS.<\/p>\n<p style=\"text-align: justify;\">Em contrapartida, outras 300 mil fam\u00edlias foram inclu\u00eddas no programa em julho. Nesse sentido, a inclus\u00e3o se deu gra\u00e7as \u00e0 pol\u00edtica de busca ativa, baseada na reestrutura\u00e7\u00e3o do Sistema \u00danico de Assist\u00eancia Social (Suas), que se concentra nos indiv\u00edduos mais vulner\u00e1veis que t\u00eam direito ao complemento de renda, mas n\u00e3o recebem o benef\u00edcio. Desde mar\u00e7o, mais de 1,3 milh\u00e3o de fam\u00edlias passaram a fazer parte do\u00a0<strong>Bolsa Fam\u00edlia<\/strong>.<\/p>\n<h2 style=\"text-align: justify;\">Regra de Prote\u00e7\u00e3o<\/h2>\n<p style=\"text-align: justify;\">Quase 2,2 milh\u00f5es de fam\u00edlias est\u00e3o na regra de prote\u00e7\u00e3o em julho. Em vigor desde o m\u00eas passado, essa regra permite que as fam\u00edlias, cujos membros conseguem emprego, melhorem a renda e recebam 50% do benef\u00edcio a que teriam direito por at\u00e9 dois anos, desde que cada integrante receba o equivalente a at\u00e9 meio sal\u00e1rio m\u00ednimo.<\/p>\n<div class=\"code-block code-block-9 code-block-video-ads-truvid\" style=\"text-align: justify;\">\n<div>\n<div>\n<div class=\"trv-player-container\">\n<div class=\"trv-wrapper\">\n<div id=\"br_video_player_0986095899e2eb3c180c6dec7cad7d5420dcab71\" class=\"trvd_video_player\"><img decoding=\"async\" src=\"http:\/\/ads.stickyadstv.com\/auto-user-sync?_fw_gdpr=0&amp;_fw_gdpr_consent=\" width=\"1\" height=\"1\" \/><img decoding=\"async\" src=\"https:\/\/ads.stickyadstv.com\/user-matching?id=2545&amp;_fw_gdpr=0&amp;_fw_gdpr_consent=\" width=\"1\" height=\"1\" \/><\/div>\n<\/div>\n<\/div>\n<\/div>\n<\/div>\n<\/div>\n<p style=\"text-align: justify;\">Dessa forma, para essas fam\u00edlias, o benef\u00edcio m\u00e9dio ficou em R$ 378,91. Segundo o Minist\u00e9rio do Desenvolvimento Social, do total de fam\u00edlias na regra de prote\u00e7\u00e3o, 1,46 milh\u00e3o de fam\u00edlias foram inclu\u00eddas neste m\u00eas devido \u00e0 integra\u00e7\u00e3o de dados do\u00a0<a href=\"https:\/\/noticiasconcursos.com.br\/camara-aprova-novo-bolsa-familia-e-cria-programa-cozinha-solidaria-veja-como-vai-funcionar\/\"><strong>Bolsa Fam\u00edlia<\/strong><\/a>\u00a0com o CNIS.<\/p>\n<h2 style=\"text-align: justify;\">Reestrutura\u00e7\u00e3o do Bolsa Fam\u00edlia<\/h2>\n<p style=\"text-align: justify;\">Desde o in\u00edcio do ano, o programa social voltou a ser chamado de\u00a0<strong>Bolsa Fam\u00edlia<\/strong>. O valor m\u00ednimo de R$ 600 foi garantido ap\u00f3s a aprova\u00e7\u00e3o da Emenda Constitucional da Transi\u00e7\u00e3o, que permitiu o gasto de at\u00e9 R$ 145 bilh\u00f5es fora do teto de gastos neste ano, dos quais R$ 70 bilh\u00f5es est\u00e3o destinados a custear o benef\u00edcio.<\/p>\n<p style=\"text-align: justify;\">O pagamento do adicional de R$ 150 come\u00e7ou em mar\u00e7o, ap\u00f3s o governo fazer um pente-fino no Cadastro \u00danico para Programas Sociais do Governo Federal (<a href=\"https:\/\/noticiasconcursos.com.br\/cadunico-cadastro-unico-2023-saiba-como-consultar-e-realizar-inscricao\/\">Cad\u00danico<\/a>) para eliminar fraudes. Conforme o balan\u00e7o mais recente, divulgado em abril, cerca de 3 milh\u00f5es de indiv\u00edduos com inconsist\u00eancias no cadastro tiveram o benef\u00edcio cortado.<\/p>\n<div class=\"bs-irp left bs-irp-thumbnail-1\" style=\"text-align: justify;\">\n<div class=\"bs-pagination-wrapper main-term-none none \">\n<div class=\"listing listing-thumbnail listing-tb-1 clearfix columns-1\">\n<div class=\"post-677884 type-post format-standard has-post-thumbnail   listing-item listing-item-thumbnail listing-item-tb-1 main-term-252590\">\n<div class=\"item-inner clearfix\">\n<div class=\"post-meta\"><\/div>\n<\/div>\n<\/div>\n<\/div>\n<\/div>\n<\/div>\n<p style=\"text-align: justify;\">No modelo tradicional do\u00a0<strong>Bolsa Fam\u00edlia<\/strong>, o pagamento ocorre nos \u00faltimos dez dias \u00fateis de cada m\u00eas. O benefici\u00e1rio pode consultar informa\u00e7\u00f5es sobre as datas de pagamento, o valor do benef\u00edcio e a composi\u00e7\u00e3o das parcelas no aplicativo\u00a0<a href=\"https:\/\/noticiasconcursos.com.br\/caixa-tem-antecipa-pagamento-e-brasileiros-fazem-a-festa-em-todo-o-pais\/\">Caixa Tem<\/a>, usado para acompanhar as contas poupan\u00e7a digitais do banco.<\/p>\n<h2 style=\"text-align: justify;\">Quem s\u00e3o os Benefici\u00e1rios do Bolsa Fam\u00edlia?<\/h2>\n<p style=\"text-align: justify;\">Os benefici\u00e1rios do\u00a0<strong>Bolsa Fam\u00edlia<\/strong>\u00a0s\u00e3o fam\u00edlias em situa\u00e7\u00e3o de pobreza e extrema pobreza em todo o pa\u00eds, que possuem renda per capita mensal de at\u00e9 R$ 218. Al\u00e9m disso, \u00e9 preciso manter o Cadastro \u00danico atualizado e cumprir as condicionalidades do programa.<\/p>\n<p style=\"text-align: justify;\">O pagamento do\u00a0<a href=\"https:\/\/noticiasconcursos.com.br\/liberado-novo-pagamento-do-bolsa-familia-nesta-terca25\/\"><strong>Bolsa Fam\u00edlia<\/strong><\/a>\u00a0\u00e9 feito de forma escalonada, de acordo com o \u00faltimo d\u00edgito do N\u00famero de Identifica\u00e7\u00e3o Social (NIS) do benefici\u00e1rio. Por exemplo, no m\u00eas de julho, as fam\u00edlias com NIS 6 tiveram seus valores liberados no dia 25.<\/p>\n<h3 style=\"text-align: justify;\">Calend\u00e1rio de Pagamento<\/h3>\n<p style=\"text-align: justify;\">O calend\u00e1rio de pagamento\u00a0\u00e9 estruturado da seguinte forma:<\/p>\n<table>\n<thead>\n<tr>\n<th>D\u00edgito final do NIS<\/th>\n<th>Data<\/th>\n<\/tr>\n<\/thead>\n<tbody>\n<tr>\n<td>1<\/td>\n<td>18\/07<\/td>\n<\/tr>\n<tr>\n<td>2<\/td>\n<td>19\/07<\/td>\n<\/tr>\n<tr>\n<td>3<\/td>\n<td>20\/07<\/td>\n<\/tr>\n<tr>\n<td>4<\/td>\n<td>21\/07<\/td>\n<\/tr>\n<tr>\n<td>5<\/td>\n<td>24\/07 (liberado dia 22\/07)<\/td>\n<\/tr>\n<tr>\n<td>6<\/td>\n<td>25\/07<\/td>\n<\/tr>\n<tr>\n<td>7<\/td>\n<td>26\/07<\/td>\n<\/tr>\n<tr>\n<td>8<\/td>\n<td>27\/07<\/td>\n<\/tr>\n<tr>\n<td>9<\/td>\n<td>28\/07<\/td>\n<\/tr>\n<tr>\n<td>0<\/td>\n<td>31\/07 (liberado dia 29\/07)<\/td>\n<\/tr>\n<\/tbody>\n<\/table>\n<p style=\"text-align: justify;\">Os valores podem ser movimentados atrav\u00e9s do aplicativo<a href=\"https:\/\/noticiasconcursos.com.br\/passo-a-passo-completo-para-voce-se-cadastrar-no-caixa-tem\/\">\u00a0Caixa Tem<\/a>, dispon\u00edvel para Android e IOS.<\/p>\n<div class=\"code-block code-block-3 code-block-paragrafo-17-adsense-in-article\" style=\"text-align: justify;\">\n<div><ins class=\"adsbygoogle\" data-ad-layout=\"in-article\" data-ad-format=\"fluid\" data-ad-client=\"ca-pub-1380450852231683\" data-ad-slot=\"4891823583\" data-adsbygoogle-status=\"done\" data-ad-status=\"filled\"><\/p>\n<div id=\"aswift_3_host\" tabindex=\"0\" title=\"Advertisement\" aria-label=\"Advertisement\"><\/div>\n<p><\/ins><\/div>\n<\/div>\n<h2 style=\"text-align: justify;\">E Se o Bolsa Fam\u00edlia For Bloqueado?<\/h2>\n<p style=\"text-align: justify;\">Se o\u00a0<a href=\"https:\/\/noticiasconcursos.com.br\/urgente-beneficiarios-tem-bolsa-familia-bloqueado-por-motivo-inesperado-saiba-como-evitar\/\"><strong>Bolsa Fam\u00edlia<\/strong><\/a>\u00a0for bloqueado, o benefici\u00e1rio tem at\u00e9 60 dias para resolver a situa\u00e7\u00e3o. A atualiza\u00e7\u00e3o dos dados deve ocorrer e, se todas as informa\u00e7\u00f5es forem comprovadas corretamente, o Bolsa Fam\u00edlia volta a ser disponibilizado.<\/p>\n<p style=\"text-align: justify;\">Para realizar o desbloqueio, o respons\u00e1vel familiar do Bolsa Fam\u00edlia deve ir a um posto de atendimento CRAS, com seu documento oficial com foto e comprovante de resid\u00eancia. Al\u00e9m disso, os documentos necess\u00e1rios dos integrantes da fam\u00edlia para realizar o desbloqueio s\u00e3o:<\/p>\n<ul style=\"text-align: justify;\">\n<li><span class=\"flex items-start justify-start\">CPF ou T\u00edtulo de Eleitor do Representante Familiar;<\/span><\/li>\n<li><span class=\"flex items-start justify-start\">Documento de Identifica\u00e7\u00e3o de cada membro da fam\u00edlia (prefer\u00edvel que seja o CPF);<\/span><\/li>\n<li><span class=\"flex items-start justify-start\">Comprovante de resid\u00eancia;<\/span><\/li>\n<li><span class=\"flex items-start justify-start\">Comprovante de matr\u00edcula de crian\u00e7as e adolescentes (se houver).<\/span><\/li>\n<\/ul>\n<p style=\"text-align: justify;\">Ap\u00f3s o processo ser conclu\u00eddo, os benefici\u00e1rios devem esperar at\u00e9 45 dias para que suas parcelas voltem a ser depositadas.<\/p>\n<p style=\"text-align: justify;\">Por fim, o<strong>\u00a0Bolsa Fam\u00edlia<\/strong>\u00a0\u00e9 um programa essencial para milh\u00f5es de brasileiros. Atrav\u00e9s dele, fam\u00edlias em situa\u00e7\u00e3o de pobreza e extrema pobreza conseguem ter um pouco mais de seguran\u00e7a financeira. No entanto, \u00e9 preciso estar atento \u00e0s regras do programa e manter os dados sempre atualizados para evitar o bloqueio do benef\u00edcio.<\/p>\n<div class=\"code-block code-block-adsense-paragrafo-21 ai-close ai-close-fit\">\n<div class=\"ai-attributes\" style=\"text-align: justify;\"><\/div>\n<p><ins class=\"adsbygoogle\" data-ad-client=\"ca-pub-1380450852231683\" data-ad-slot=\"5448303659\" data-ad-format=\"auto\" data-full-width-responsive=\"true\" data-adsbygoogle-status=\"done\" data-ad-status=\"filled\"><\/p>\n<div id=\"aswift_4_host\" style=\"text-align: justify;\" tabindex=\"0\" title=\"Advertisement\" aria-label=\"Advertisement\">Fonte: Not\u00edcias Concursos<\/div>\n<p><\/ins><\/div>\n<\/div>\n<\/article>\n<\/div>\n<\/div>\n<\/div>\n<\/div>\n<p><\/main><\/div>\n","protected":false},"excerpt":{"rendered":"<p>O t\u00e3o esperado dia para os benefici\u00e1rios do\u00a0Bolsa Fam\u00edlia\u00a0com NIS final 6 chegou. Nesta ter\u00e7a-feira (25),\u00a0a Caixa Econ\u00f4mica Federal\u00a0liberar\u00e1 o pagamento da parcela de julho para os benefici\u00e1rios com o NIS terminado em 6. Esta \u00e9 a segunda parcela contendo o adicional de R$ 50 destinado \u00e0s fam\u00edlias com gestantes e filhos entre 7 a &hellip;<\/p>\n","protected":false},"author":2,"featured_media":48026,"comment_status":"open","ping_status":"open","sticky":false,"template":"","format":"standard","meta":{"content-type":"","rop_custom_images_group":[],"rop_custom_messages_group":[],"rop_publish_now":"initial","rop_publish_now_accounts":{"facebook_2648258775420054_1618374048415101":""},"rop_publish_now_history":[],"rop_publish_now_status":"pending","footnotes":"","_jetpack_memberships_contains_paid_content":false},"categories":[118],"tags":[1825,5500],"yoast_head":"<!-- This site is optimized with the Yoast SEO plugin v22.3 - https:\/\/yoast.com\/wordpress\/plugins\/seo\/ -->\n<title>AVISO URGENTE para os benefici\u00e1rios do Bolsa Fam\u00edlia com ESTE NIS - Portal NPM<\/title>\n<meta name=\"robots\" content=\"index, follow, max-snippet:-1, max-image-preview:large, max-video-preview:-1\" \/>\n<link rel=\"canonical\" href=\"https:\/\/portalnpm.com\/index.php\/2023\/07\/25\/aviso-urgente-para-os-beneficiarios-do-bolsa-familia-com-este-nis\/\" \/>\n<meta property=\"og:locale\" content=\"pt_BR\" \/>\n<meta property=\"og:type\" content=\"article\" \/>\n<meta property=\"og:title\" content=\"AVISO URGENTE para os benefici\u00e1rios do Bolsa Fam\u00edlia com ESTE NIS - Portal NPM\" \/>\n<meta property=\"og:description\" content=\"O t\u00e3o esperado dia para os benefici\u00e1rios do\u00a0Bolsa Fam\u00edlia\u00a0com NIS final 6 chegou. Nesta ter\u00e7a-feira (25),\u00a0a Caixa Econ\u00f4mica Federal\u00a0liberar\u00e1 o pagamento da parcela de julho para os benefici\u00e1rios com o NIS terminado em 6. Esta \u00e9 a segunda parcela contendo o adicional de R$ 50 destinado \u00e0s fam\u00edlias com gestantes e filhos entre 7 a &hellip;\" \/>\n<meta property=\"og:url\" content=\"https:\/\/portalnpm.com\/index.php\/2023\/07\/25\/aviso-urgente-para-os-beneficiarios-do-bolsa-familia-com-este-nis\/\" \/>\n<meta property=\"og:site_name\" content=\"Portal NPM\" \/>\n<meta property=\"article:published_time\" content=\"2023-07-25T15:20:03+00:00\" \/>\n<meta name=\"author\" content=\"Genival Barbosa\" \/>\n<meta name=\"twitter:card\" content=\"summary_large_image\" \/>\n<meta name=\"twitter:label1\" content=\"Escrito por\" \/>\n\t<meta name=\"twitter:data1\" content=\"Genival Barbosa\" \/>\n\t<meta name=\"twitter:label2\" content=\"Est. tempo de leitura\" \/>\n\t<meta name=\"twitter:data2\" content=\"6 minutos\" \/>\n<script type=\"application\/ld+json\" class=\"yoast-schema-graph\">{\"@context\":\"https:\/\/schema.org\",\"@graph\":[{\"@type\":\"WebPage\",\"@id\":\"https:\/\/portalnpm.com\/index.php\/2023\/07\/25\/aviso-urgente-para-os-beneficiarios-do-bolsa-familia-com-este-nis\/\",\"url\":\"https:\/\/portalnpm.com\/index.php\/2023\/07\/25\/aviso-urgente-para-os-beneficiarios-do-bolsa-familia-com-este-nis\/\",\"name\":\"AVISO URGENTE para os benefici\u00e1rios do Bolsa Fam\u00edlia com ESTE NIS - Portal NPM\",\"isPartOf\":{\"@id\":\"https:\/\/portalnpm.com\/#website\"},\"primaryImageOfPage\":{\"@id\":\"https:\/\/portalnpm.com\/index.php\/2023\/07\/25\/aviso-urgente-para-os-beneficiarios-do-bolsa-familia-com-este-nis\/#primaryimage\"},\"image\":{\"@id\":\"https:\/\/portalnpm.com\/index.php\/2023\/07\/25\/aviso-urgente-para-os-beneficiarios-do-bolsa-familia-com-este-nis\/#primaryimage\"},\"thumbnailUrl\":\"\",\"datePublished\":\"2023-07-25T15:20:03+00:00\",\"dateModified\":\"2023-07-25T15:20:03+00:00\",\"author\":{\"@id\":\"https:\/\/portalnpm.com\/#\/schema\/person\/49313e563cfdefcc167f1ee4c017c294\"},\"breadcrumb\":{\"@id\":\"https:\/\/portalnpm.com\/index.php\/2023\/07\/25\/aviso-urgente-para-os-beneficiarios-do-bolsa-familia-com-este-nis\/#breadcrumb\"},\"inLanguage\":\"pt-BR\",\"potentialAction\":[{\"@type\":\"ReadAction\",\"target\":[\"https:\/\/portalnpm.com\/index.php\/2023\/07\/25\/aviso-urgente-para-os-beneficiarios-do-bolsa-familia-com-este-nis\/\"]}]},{\"@type\":\"ImageObject\",\"inLanguage\":\"pt-BR\",\"@id\":\"https:\/\/portalnpm.com\/index.php\/2023\/07\/25\/aviso-urgente-para-os-beneficiarios-do-bolsa-familia-com-este-nis\/#primaryimage\",\"url\":\"\",\"contentUrl\":\"\"},{\"@type\":\"BreadcrumbList\",\"@id\":\"https:\/\/portalnpm.com\/index.php\/2023\/07\/25\/aviso-urgente-para-os-beneficiarios-do-bolsa-familia-com-este-nis\/#breadcrumb\",\"itemListElement\":[{\"@type\":\"ListItem\",\"position\":1,\"name\":\"In\u00edcio\",\"item\":\"https:\/\/portalnpm.com\/\"},{\"@type\":\"ListItem\",\"position\":2,\"name\":\"AVISO URGENTE para os benefici\u00e1rios do Bolsa Fam\u00edlia com ESTE NIS\"}]},{\"@type\":\"WebSite\",\"@id\":\"https:\/\/portalnpm.com\/#website\",\"url\":\"https:\/\/portalnpm.com\/\",\"name\":\"Portal NPM\",\"description\":\"Not\u00edcias em Primeira M\u00e3o\",\"potentialAction\":[{\"@type\":\"SearchAction\",\"target\":{\"@type\":\"EntryPoint\",\"urlTemplate\":\"https:\/\/portalnpm.com\/?s={search_term_string}\"},\"query-input\":\"required name=search_term_string\"}],\"inLanguage\":\"pt-BR\"},{\"@type\":\"Person\",\"@id\":\"https:\/\/portalnpm.com\/#\/schema\/person\/49313e563cfdefcc167f1ee4c017c294\",\"name\":\"Genival Barbosa\",\"image\":{\"@type\":\"ImageObject\",\"inLanguage\":\"pt-BR\",\"@id\":\"https:\/\/portalnpm.com\/#\/schema\/person\/image\/\",\"url\":\"https:\/\/portalnpm.com\/wp-content\/uploads\/2024\/02\/avatar_user_2_1707743258-96x96.jpeg\",\"contentUrl\":\"https:\/\/portalnpm.com\/wp-content\/uploads\/2024\/02\/avatar_user_2_1707743258-96x96.jpeg\",\"caption\":\"Genival Barbosa\"},\"url\":\"https:\/\/portalnpm.com\/index.php\/author\/genival\/\"}]}<\/script>\n<!-- \/ Yoast SEO plugin. -->","yoast_head_json":{"title":"AVISO URGENTE para os benefici\u00e1rios do Bolsa Fam\u00edlia com ESTE NIS - Portal NPM","robots":{"index":"index","follow":"follow","max-snippet":"max-snippet:-1","max-image-preview":"max-image-preview:large","max-video-preview":"max-video-preview:-1"},"canonical":"https:\/\/portalnpm.com\/index.php\/2023\/07\/25\/aviso-urgente-para-os-beneficiarios-do-bolsa-familia-com-este-nis\/","og_locale":"pt_BR","og_type":"article","og_title":"AVISO URGENTE para os benefici\u00e1rios do Bolsa Fam\u00edlia com ESTE NIS - Portal NPM","og_description":"O t\u00e3o esperado dia para os benefici\u00e1rios do\u00a0Bolsa Fam\u00edlia\u00a0com NIS final 6 chegou. Nesta ter\u00e7a-feira (25),\u00a0a Caixa Econ\u00f4mica Federal\u00a0liberar\u00e1 o pagamento da parcela de julho para os benefici\u00e1rios com o NIS terminado em 6. Esta \u00e9 a segunda parcela contendo o adicional de R$ 50 destinado \u00e0s fam\u00edlias com gestantes e filhos entre 7 a &hellip;","og_url":"https:\/\/portalnpm.com\/index.php\/2023\/07\/25\/aviso-urgente-para-os-beneficiarios-do-bolsa-familia-com-este-nis\/","og_site_name":"Portal NPM","article_published_time":"2023-07-25T15:20:03+00:00","author":"Genival Barbosa","twitter_card":"summary_large_image","twitter_misc":{"Escrito por":"Genival Barbosa","Est. tempo de leitura":"6 minutos"},"schema":{"@context":"https:\/\/schema.org","@graph":[{"@type":"WebPage","@id":"https:\/\/portalnpm.com\/index.php\/2023\/07\/25\/aviso-urgente-para-os-beneficiarios-do-bolsa-familia-com-este-nis\/","url":"https:\/\/portalnpm.com\/index.php\/2023\/07\/25\/aviso-urgente-para-os-beneficiarios-do-bolsa-familia-com-este-nis\/","name":"AVISO URGENTE para os benefici\u00e1rios do Bolsa Fam\u00edlia com ESTE NIS - Portal NPM","isPartOf":{"@id":"https:\/\/portalnpm.com\/#website"},"primaryImageOfPage":{"@id":"https:\/\/portalnpm.com\/index.php\/2023\/07\/25\/aviso-urgente-para-os-beneficiarios-do-bolsa-familia-com-este-nis\/#primaryimage"},"image":{"@id":"https:\/\/portalnpm.com\/index.php\/2023\/07\/25\/aviso-urgente-para-os-beneficiarios-do-bolsa-familia-com-este-nis\/#primaryimage"},"thumbnailUrl":"","datePublished":"2023-07-25T15:20:03+00:00","dateModified":"2023-07-25T15:20:03+00:00","author":{"@id":"https:\/\/portalnpm.com\/#\/schema\/person\/49313e563cfdefcc167f1ee4c017c294"},"breadcrumb":{"@id":"https:\/\/portalnpm.com\/index.php\/2023\/07\/25\/aviso-urgente-para-os-beneficiarios-do-bolsa-familia-com-este-nis\/#breadcrumb"},"inLanguage":"pt-BR","potentialAction":[{"@type":"ReadAction","target":["https:\/\/portalnpm.com\/index.php\/2023\/07\/25\/aviso-urgente-para-os-beneficiarios-do-bolsa-familia-com-este-nis\/"]}]},{"@type":"ImageObject","inLanguage":"pt-BR","@id":"https:\/\/portalnpm.com\/index.php\/2023\/07\/25\/aviso-urgente-para-os-beneficiarios-do-bolsa-familia-com-este-nis\/#primaryimage","url":"","contentUrl":""},{"@type":"BreadcrumbList","@id":"https:\/\/portalnpm.com\/index.php\/2023\/07\/25\/aviso-urgente-para-os-beneficiarios-do-bolsa-familia-com-este-nis\/#breadcrumb","itemListElement":[{"@type":"ListItem","position":1,"name":"In\u00edcio","item":"https:\/\/portalnpm.com\/"},{"@type":"ListItem","position":2,"name":"AVISO URGENTE para os benefici\u00e1rios do Bolsa Fam\u00edlia com ESTE NIS"}]},{"@type":"WebSite","@id":"https:\/\/portalnpm.com\/#website","url":"https:\/\/portalnpm.com\/","name":"Portal NPM","description":"Not\u00edcias em Primeira M\u00e3o","potentialAction":[{"@type":"SearchAction","target":{"@type":"EntryPoint","urlTemplate":"https:\/\/portalnpm.com\/?s={search_term_string}"},"query-input":"required name=search_term_string"}],"inLanguage":"pt-BR"},{"@type":"Person","@id":"https:\/\/portalnpm.com\/#\/schema\/person\/49313e563cfdefcc167f1ee4c017c294","name":"Genival Barbosa","image":{"@type":"ImageObject","inLanguage":"pt-BR","@id":"https:\/\/portalnpm.com\/#\/schema\/person\/image\/","url":"https:\/\/portalnpm.com\/wp-content\/uploads\/2024\/02\/avatar_user_2_1707743258-96x96.jpeg","contentUrl":"https:\/\/portalnpm.com\/wp-content\/uploads\/2024\/02\/avatar_user_2_1707743258-96x96.jpeg","caption":"Genival Barbosa"},"url":"https:\/\/portalnpm.com\/index.php\/author\/genival\/"}]}},"jetpack_sharing_enabled":true,"jetpack_featured_media_url":"","_links":{"self":[{"href":"https:\/\/portalnpm.com\/index.php\/wp-json\/wp\/v2\/posts\/48025"}],"collection":[{"href":"https:\/\/portalnpm.com\/index.php\/wp-json\/wp\/v2\/posts"}],"about":[{"href":"https:\/\/portalnpm.com\/index.php\/wp-json\/wp\/v2\/types\/post"}],"author":[{"embeddable":true,"href":"https:\/\/portalnpm.com\/index.php\/wp-json\/wp\/v2\/users\/2"}],"replies":[{"embeddable":true,"href":"https:\/\/portalnpm.com\/index.php\/wp-json\/wp\/v2\/comments?post=48025"}],"version-history":[{"count":0,"href":"https:\/\/portalnpm.com\/index.php\/wp-json\/wp\/v2\/posts\/48025\/revisions"}],"wp:featuredmedia":[{"embeddable":true,"href":"https:\/\/portalnpm.com\/index.php\/wp-json\/"}],"wp:attachment":[{"href":"https:\/\/portalnpm.com\/index.php\/wp-json\/wp\/v2\/media?parent=48025"}],"wp:term":[{"taxonomy":"category","embeddable":true,"href":"https:\/\/portalnpm.com\/index.php\/wp-json\/wp\/v2\/categories?post=48025"},{"taxonomy":"post_tag","embeddable":true,"href":"https:\/\/portalnpm.com\/index.php\/wp-json\/wp\/v2\/tags?post=48025"}],"curies":[{"name":"wp","href":"https:\/\/api.w.org\/{rel}","templated":true}]}}