{"id":48038,"date":"2023-07-25T12:36:31","date_gmt":"2023-07-25T15:36:31","guid":{"rendered":"https:\/\/portalnpm.com\/?p=48038"},"modified":"2023-07-25T12:36:31","modified_gmt":"2023-07-25T15:36:31","slug":"luan-carlos-pede-demissao-e-nao-e-mais-tecnico-do-altos-na-serie-c-do-brasileiro","status":"publish","type":"post","link":"https:\/\/portalnpm.com\/index.php\/2023\/07\/25\/luan-carlos-pede-demissao-e-nao-e-mais-tecnico-do-altos-na-serie-c-do-brasileiro\/","title":{"rendered":"Luan Carlos pede demiss\u00e3o e n\u00e3o \u00e9 mais t\u00e9cnico do Altos na S\u00e9rie C do Brasileiro"},"content":{"rendered":"<p style=\"text-align: justify;\">\n<p style=\"text-align: justify;\">Ap\u00f3s nova derrota dentro de casa no \u00faltimo domingo (23), diante o Botafogo-PB\u00a0 por 1 a 0, o t\u00e9cnico Luan Carlos decidiu, em comum acordo, pedir demiss\u00e3o do cargo de treinador do Altos na sequ\u00eancia da S\u00e9rie C do Brasileiro. O Jacar\u00e9 \u00e9 lanterna da competi\u00e7\u00e3o e faltando cinco jogos para fechar a primeira fase e luta contra o rebaixamento.<\/p>\n<p style=\"text-align: justify;\">\n<p style=\"text-align: justify;\">Luan Carlos, de 31 anos, ficou apenas quatro jogos a frente do clube Piauiense e sai com &#8211; duas derrotas e dois empates. Essa foi sua primeira passagem no futebol do Piau\u00ed.<\/p>\n<p style=\"text-align: justify;\">Com a sa\u00edda, quem assume \u00e9 o auxiliar t\u00e9cnico fixo Cristiano Bassoli, que passar\u00e1 a ter como auxiliar t\u00e9cnico nesses \u00faltimos cinco jogos da terceira divis\u00e3o Marcelo Copertino ao seu lado na comiss\u00e3o t\u00e9cnica.<\/p>\n<p style=\"text-align: justify;\">Com Cristiano Bassoli assumindo o comando t\u00e9cnico, esse ser\u00e1 o quinto treinador do Altos na temporada 2023. Passaram pelo clube esse ano &#8211; Fernando Tonet, Gerson Testoni, S\u00e9rgio Soares e Luan Carlos. Auxiliar fixo do clube desde o ano passado, Cristiano acompanhou de perto todos esses trabalhos.<\/p>\n<p style=\"text-align: justify;\">O Jacar\u00e9, ainda tem chances mat\u00e9rias de sair da zona de rebaixamento e permanecer na S\u00e9rie C para temporada seguinte, mas o longo jejum de vit\u00f3rias e apresenta\u00e7\u00f5es irregulares dentro e fora de casa pesam contra em um cen\u00e1rio de rea\u00e7\u00e3o do elenco. O Altos tem como pr\u00f3ximo compromisso o Volta Redonda (RJ), no s\u00e1bado (29), no Rio de Janeiro.<\/p>\n<p style=\"text-align: justify;\">\n<p style=\"text-align: justify;\">\n<p style=\"text-align: justify;\"><iframe id=\"instagram-embed-0\" class=\"instagram-media instagram-media-rendered\" src=\"https:\/\/www.instagram.com\/p\/CvFVQTJAIXX\/embed\/captioned\/?cr=1&amp;v=14&amp;wp=945&amp;rd=https%3A%2F%2Fcidadeverde.com&amp;rp=%2Fnoticias%2F396384%2Fluan-carlos-pede-demissao-e-nao-e-mais-tecnico-do-altos-na-serie-c-do-brasileiro#%7B%22ci%22%3A0%2C%22os%22%3A4257.300000071526%2C%22ls%22%3A578.7000000476837%2C%22le%22%3A1218.9000000953674%7D\" height=\"1170\" frameborder=\"0\" scrolling=\"no\" allowfullscreen=\"allowfullscreen\" data-instgrm-payload-id=\"instagram-media-payload-0\" data-mce-fragment=\"1\"><\/iframe><\/p>\n<p style=\"text-align: justify;\">\n<p style=\"text-align: justify;\">\n<p style=\"text-align: justify;\">\n<em>P\u00e2mella Maranh\u00e3o<br \/>\nredacao@cidadeverde.com<\/em><\/p>\n","protected":false},"excerpt":{"rendered":"<p>Ap\u00f3s nova derrota dentro de casa no \u00faltimo domingo (23), diante o Botafogo-PB\u00a0 por 1 a 0, o t\u00e9cnico Luan Carlos decidiu, em comum acordo, pedir demiss\u00e3o do cargo de treinador do Altos na sequ\u00eancia da S\u00e9rie C do Brasileiro. O Jacar\u00e9 \u00e9 lanterna da competi\u00e7\u00e3o e faltando cinco jogos para fechar a primeira fase &hellip;<\/p>\n","protected":false},"author":2,"featured_media":48039,"comment_status":"open","ping_status":"open","sticky":false,"template":"","format":"standard","meta":{"content-type":"","rop_custom_images_group":[],"rop_custom_messages_group":[],"rop_publish_now":"initial","rop_publish_now_accounts":{"facebook_2648258775420054_1618374048415101":""},"rop_publish_now_history":[],"rop_publish_now_status":"pending","footnotes":"","_jetpack_memberships_contains_paid_content":false},"categories":[108],"tags":[808,6451],"yoast_head":"<!-- This site is optimized with the Yoast SEO plugin v22.3 - https:\/\/yoast.com\/wordpress\/plugins\/seo\/ -->\n<title>Luan Carlos pede demiss\u00e3o e n\u00e3o \u00e9 mais t\u00e9cnico do Altos na S\u00e9rie C do Brasileiro - Portal NPM<\/title>\n<meta name=\"robots\" content=\"index, follow, max-snippet:-1, max-image-preview:large, max-video-preview:-1\" \/>\n<link rel=\"canonical\" href=\"https:\/\/portalnpm.com\/index.php\/2023\/07\/25\/luan-carlos-pede-demissao-e-nao-e-mais-tecnico-do-altos-na-serie-c-do-brasileiro\/\" \/>\n<meta property=\"og:locale\" content=\"pt_BR\" \/>\n<meta property=\"og:type\" content=\"article\" \/>\n<meta property=\"og:title\" content=\"Luan Carlos pede demiss\u00e3o e n\u00e3o \u00e9 mais t\u00e9cnico do Altos na S\u00e9rie C do Brasileiro - Portal NPM\" \/>\n<meta property=\"og:description\" content=\"Ap\u00f3s nova derrota dentro de casa no \u00faltimo domingo (23), diante o Botafogo-PB\u00a0 por 1 a 0, o t\u00e9cnico Luan Carlos decidiu, em comum acordo, pedir demiss\u00e3o do cargo de treinador do Altos na sequ\u00eancia da S\u00e9rie C do Brasileiro. O Jacar\u00e9 \u00e9 lanterna da competi\u00e7\u00e3o e faltando cinco jogos para fechar a primeira fase &hellip;\" \/>\n<meta property=\"og:url\" content=\"https:\/\/portalnpm.com\/index.php\/2023\/07\/25\/luan-carlos-pede-demissao-e-nao-e-mais-tecnico-do-altos-na-serie-c-do-brasileiro\/\" \/>\n<meta property=\"og:site_name\" content=\"Portal NPM\" \/>\n<meta property=\"article:published_time\" content=\"2023-07-25T15:36:31+00:00\" \/>\n<meta name=\"author\" content=\"Genival Barbosa\" \/>\n<meta name=\"twitter:card\" content=\"summary_large_image\" \/>\n<meta name=\"twitter:label1\" content=\"Escrito por\" \/>\n\t<meta name=\"twitter:data1\" content=\"Genival Barbosa\" \/>\n\t<meta name=\"twitter:label2\" content=\"Est. tempo de leitura\" \/>\n\t<meta name=\"twitter:data2\" content=\"2 minutos\" \/>\n<script type=\"application\/ld+json\" class=\"yoast-schema-graph\">{\"@context\":\"https:\/\/schema.org\",\"@graph\":[{\"@type\":\"WebPage\",\"@id\":\"https:\/\/portalnpm.com\/index.php\/2023\/07\/25\/luan-carlos-pede-demissao-e-nao-e-mais-tecnico-do-altos-na-serie-c-do-brasileiro\/\",\"url\":\"https:\/\/portalnpm.com\/index.php\/2023\/07\/25\/luan-carlos-pede-demissao-e-nao-e-mais-tecnico-do-altos-na-serie-c-do-brasileiro\/\",\"name\":\"Luan Carlos pede demiss\u00e3o e n\u00e3o \u00e9 mais t\u00e9cnico do Altos na S\u00e9rie C do Brasileiro - Portal NPM\",\"isPartOf\":{\"@id\":\"https:\/\/portalnpm.com\/#website\"},\"primaryImageOfPage\":{\"@id\":\"https:\/\/portalnpm.com\/index.php\/2023\/07\/25\/luan-carlos-pede-demissao-e-nao-e-mais-tecnico-do-altos-na-serie-c-do-brasileiro\/#primaryimage\"},\"image\":{\"@id\":\"https:\/\/portalnpm.com\/index.php\/2023\/07\/25\/luan-carlos-pede-demissao-e-nao-e-mais-tecnico-do-altos-na-serie-c-do-brasileiro\/#primaryimage\"},\"thumbnailUrl\":\"\",\"datePublished\":\"2023-07-25T15:36:31+00:00\",\"dateModified\":\"2023-07-25T15:36:31+00:00\",\"author\":{\"@id\":\"https:\/\/portalnpm.com\/#\/schema\/person\/49313e563cfdefcc167f1ee4c017c294\"},\"breadcrumb\":{\"@id\":\"https:\/\/portalnpm.com\/index.php\/2023\/07\/25\/luan-carlos-pede-demissao-e-nao-e-mais-tecnico-do-altos-na-serie-c-do-brasileiro\/#breadcrumb\"},\"inLanguage\":\"pt-BR\",\"potentialAction\":[{\"@type\":\"ReadAction\",\"target\":[\"https:\/\/portalnpm.com\/index.php\/2023\/07\/25\/luan-carlos-pede-demissao-e-nao-e-mais-tecnico-do-altos-na-serie-c-do-brasileiro\/\"]}]},{\"@type\":\"ImageObject\",\"inLanguage\":\"pt-BR\",\"@id\":\"https:\/\/portalnpm.com\/index.php\/2023\/07\/25\/luan-carlos-pede-demissao-e-nao-e-mais-tecnico-do-altos-na-serie-c-do-brasileiro\/#primaryimage\",\"url\":\"\",\"contentUrl\":\"\"},{\"@type\":\"BreadcrumbList\",\"@id\":\"https:\/\/portalnpm.com\/index.php\/2023\/07\/25\/luan-carlos-pede-demissao-e-nao-e-mais-tecnico-do-altos-na-serie-c-do-brasileiro\/#breadcrumb\",\"itemListElement\":[{\"@type\":\"ListItem\",\"position\":1,\"name\":\"In\u00edcio\",\"item\":\"https:\/\/portalnpm.com\/\"},{\"@type\":\"ListItem\",\"position\":2,\"name\":\"Luan Carlos pede demiss\u00e3o e n\u00e3o \u00e9 mais t\u00e9cnico do Altos na S\u00e9rie C do Brasileiro\"}]},{\"@type\":\"WebSite\",\"@id\":\"https:\/\/portalnpm.com\/#website\",\"url\":\"https:\/\/portalnpm.com\/\",\"name\":\"Portal NPM\",\"description\":\"Not\u00edcias em Primeira M\u00e3o\",\"potentialAction\":[{\"@type\":\"SearchAction\",\"target\":{\"@type\":\"EntryPoint\",\"urlTemplate\":\"https:\/\/portalnpm.com\/?s={search_term_string}\"},\"query-input\":\"required name=search_term_string\"}],\"inLanguage\":\"pt-BR\"},{\"@type\":\"Person\",\"@id\":\"https:\/\/portalnpm.com\/#\/schema\/person\/49313e563cfdefcc167f1ee4c017c294\",\"name\":\"Genival Barbosa\",\"image\":{\"@type\":\"ImageObject\",\"inLanguage\":\"pt-BR\",\"@id\":\"https:\/\/portalnpm.com\/#\/schema\/person\/image\/\",\"url\":\"https:\/\/portalnpm.com\/wp-content\/uploads\/2024\/02\/avatar_user_2_1707743258-96x96.jpeg\",\"contentUrl\":\"https:\/\/portalnpm.com\/wp-content\/uploads\/2024\/02\/avatar_user_2_1707743258-96x96.jpeg\",\"caption\":\"Genival Barbosa\"},\"url\":\"https:\/\/portalnpm.com\/index.php\/author\/genival\/\"}]}<\/script>\n<!-- \/ Yoast SEO plugin. -->","yoast_head_json":{"title":"Luan Carlos pede demiss\u00e3o e n\u00e3o \u00e9 mais t\u00e9cnico do Altos na S\u00e9rie C do Brasileiro - Portal NPM","robots":{"index":"index","follow":"follow","max-snippet":"max-snippet:-1","max-image-preview":"max-image-preview:large","max-video-preview":"max-video-preview:-1"},"canonical":"https:\/\/portalnpm.com\/index.php\/2023\/07\/25\/luan-carlos-pede-demissao-e-nao-e-mais-tecnico-do-altos-na-serie-c-do-brasileiro\/","og_locale":"pt_BR","og_type":"article","og_title":"Luan Carlos pede demiss\u00e3o e n\u00e3o \u00e9 mais t\u00e9cnico do Altos na S\u00e9rie C do Brasileiro - Portal NPM","og_description":"Ap\u00f3s nova derrota dentro de casa no \u00faltimo domingo (23), diante o Botafogo-PB\u00a0 por 1 a 0, o t\u00e9cnico Luan Carlos decidiu, em comum acordo, pedir demiss\u00e3o do cargo de treinador do Altos na sequ\u00eancia da S\u00e9rie C do Brasileiro. O Jacar\u00e9 \u00e9 lanterna da competi\u00e7\u00e3o e faltando cinco jogos para fechar a primeira fase &hellip;","og_url":"https:\/\/portalnpm.com\/index.php\/2023\/07\/25\/luan-carlos-pede-demissao-e-nao-e-mais-tecnico-do-altos-na-serie-c-do-brasileiro\/","og_site_name":"Portal NPM","article_published_time":"2023-07-25T15:36:31+00:00","author":"Genival Barbosa","twitter_card":"summary_large_image","twitter_misc":{"Escrito por":"Genival Barbosa","Est. tempo de leitura":"2 minutos"},"schema":{"@context":"https:\/\/schema.org","@graph":[{"@type":"WebPage","@id":"https:\/\/portalnpm.com\/index.php\/2023\/07\/25\/luan-carlos-pede-demissao-e-nao-e-mais-tecnico-do-altos-na-serie-c-do-brasileiro\/","url":"https:\/\/portalnpm.com\/index.php\/2023\/07\/25\/luan-carlos-pede-demissao-e-nao-e-mais-tecnico-do-altos-na-serie-c-do-brasileiro\/","name":"Luan Carlos pede demiss\u00e3o e n\u00e3o \u00e9 mais t\u00e9cnico do Altos na S\u00e9rie C do Brasileiro - Portal NPM","isPartOf":{"@id":"https:\/\/portalnpm.com\/#website"},"primaryImageOfPage":{"@id":"https:\/\/portalnpm.com\/index.php\/2023\/07\/25\/luan-carlos-pede-demissao-e-nao-e-mais-tecnico-do-altos-na-serie-c-do-brasileiro\/#primaryimage"},"image":{"@id":"https:\/\/portalnpm.com\/index.php\/2023\/07\/25\/luan-carlos-pede-demissao-e-nao-e-mais-tecnico-do-altos-na-serie-c-do-brasileiro\/#primaryimage"},"thumbnailUrl":"","datePublished":"2023-07-25T15:36:31+00:00","dateModified":"2023-07-25T15:36:31+00:00","author":{"@id":"https:\/\/portalnpm.com\/#\/schema\/person\/49313e563cfdefcc167f1ee4c017c294"},"breadcrumb":{"@id":"https:\/\/portalnpm.com\/index.php\/2023\/07\/25\/luan-carlos-pede-demissao-e-nao-e-mais-tecnico-do-altos-na-serie-c-do-brasileiro\/#breadcrumb"},"inLanguage":"pt-BR","potentialAction":[{"@type":"ReadAction","target":["https:\/\/portalnpm.com\/index.php\/2023\/07\/25\/luan-carlos-pede-demissao-e-nao-e-mais-tecnico-do-altos-na-serie-c-do-brasileiro\/"]}]},{"@type":"ImageObject","inLanguage":"pt-BR","@id":"https:\/\/portalnpm.com\/index.php\/2023\/07\/25\/luan-carlos-pede-demissao-e-nao-e-mais-tecnico-do-altos-na-serie-c-do-brasileiro\/#primaryimage","url":"","contentUrl":""},{"@type":"BreadcrumbList","@id":"https:\/\/portalnpm.com\/index.php\/2023\/07\/25\/luan-carlos-pede-demissao-e-nao-e-mais-tecnico-do-altos-na-serie-c-do-brasileiro\/#breadcrumb","itemListElement":[{"@type":"ListItem","position":1,"name":"In\u00edcio","item":"https:\/\/portalnpm.com\/"},{"@type":"ListItem","position":2,"name":"Luan Carlos pede demiss\u00e3o e n\u00e3o \u00e9 mais t\u00e9cnico do Altos na S\u00e9rie C do Brasileiro"}]},{"@type":"WebSite","@id":"https:\/\/portalnpm.com\/#website","url":"https:\/\/portalnpm.com\/","name":"Portal NPM","description":"Not\u00edcias em Primeira M\u00e3o","potentialAction":[{"@type":"SearchAction","target":{"@type":"EntryPoint","urlTemplate":"https:\/\/portalnpm.com\/?s={search_term_string}"},"query-input":"required name=search_term_string"}],"inLanguage":"pt-BR"},{"@type":"Person","@id":"https:\/\/portalnpm.com\/#\/schema\/person\/49313e563cfdefcc167f1ee4c017c294","name":"Genival Barbosa","image":{"@type":"ImageObject","inLanguage":"pt-BR","@id":"https:\/\/portalnpm.com\/#\/schema\/person\/image\/","url":"https:\/\/portalnpm.com\/wp-content\/uploads\/2024\/02\/avatar_user_2_1707743258-96x96.jpeg","contentUrl":"https:\/\/portalnpm.com\/wp-content\/uploads\/2024\/02\/avatar_user_2_1707743258-96x96.jpeg","caption":"Genival Barbosa"},"url":"https:\/\/portalnpm.com\/index.php\/author\/genival\/"}]}},"jetpack_sharing_enabled":true,"jetpack_featured_media_url":"","_links":{"self":[{"href":"https:\/\/portalnpm.com\/index.php\/wp-json\/wp\/v2\/posts\/48038"}],"collection":[{"href":"https:\/\/portalnpm.com\/index.php\/wp-json\/wp\/v2\/posts"}],"about":[{"href":"https:\/\/portalnpm.com\/index.php\/wp-json\/wp\/v2\/types\/post"}],"author":[{"embeddable":true,"href":"https:\/\/portalnpm.com\/index.php\/wp-json\/wp\/v2\/users\/2"}],"replies":[{"embeddable":true,"href":"https:\/\/portalnpm.com\/index.php\/wp-json\/wp\/v2\/comments?post=48038"}],"version-history":[{"count":0,"href":"https:\/\/portalnpm.com\/index.php\/wp-json\/wp\/v2\/posts\/48038\/revisions"}],"wp:featuredmedia":[{"embeddable":true,"href":"https:\/\/portalnpm.com\/index.php\/wp-json\/"}],"wp:attachment":[{"href":"https:\/\/portalnpm.com\/index.php\/wp-json\/wp\/v2\/media?parent=48038"}],"wp:term":[{"taxonomy":"category","embeddable":true,"href":"https:\/\/portalnpm.com\/index.php\/wp-json\/wp\/v2\/categories?post=48038"},{"taxonomy":"post_tag","embeddable":true,"href":"https:\/\/portalnpm.com\/index.php\/wp-json\/wp\/v2\/tags?post=48038"}],"curies":[{"name":"wp","href":"https:\/\/api.w.org\/{rel}","templated":true}]}}