{"id":48098,"date":"2023-07-28T12:01:59","date_gmt":"2023-07-28T15:01:59","guid":{"rendered":"https:\/\/portalnpm.com\/?p=48098"},"modified":"2023-07-28T12:01:59","modified_gmt":"2023-07-28T15:01:59","slug":"o-pt-planeja-eleger-70-prefeitos-no-piaui","status":"publish","type":"post","link":"https:\/\/portalnpm.com\/index.php\/2023\/07\/28\/o-pt-planeja-eleger-70-prefeitos-no-piaui\/","title":{"rendered":"O PT planeja eleger 70 prefeitos no Piau\u00ed"},"content":{"rendered":"<p style=\"text-align: justify;\">O diret\u00f3rio estadual do PT do Piau\u00ed\u00a0vai realizar um encontro em Teresina, nos dias 28 e 29 de julho para planejar o processo eleitoral municipal do ano que vem. Isso \u00e9 uma orienta\u00e7\u00e3o do PT nacional.<\/p>\n<p style=\"text-align: justify;\">\n<p style=\"text-align: justify;\">Participam do evento prefeitos, pr\u00e9-candidatos, deputados estaduais, presidentes de diret\u00f3rios e coordenadores regionais, al\u00e9m do governador Rafael Fonteles, do ministro Wellington Dias e da secret\u00e1ria de Assist\u00eancia Social e Direitos Humanos, Regina Sousa.<\/p>\n<p style=\"text-align: justify;\">&#8220;Esse evento \u00e9 uma orienta\u00e7\u00e3o da Dire\u00e7\u00e3o Nacional do partido. O PT nacional est\u00e1 querendo um levantamento completo das perspectivas de sucess\u00e3o para 2024 em todos os munic\u00edpios do Brasil. Ent\u00e3o recomendou que nesse m\u00eas de julho todos os Estados se organizassem e realizassem um semin\u00e1rio envolvendo as principais lideran\u00e7as da sigla &#8221; , informou o presidente do PT\/PI, Jo\u00e3o de Deus.<\/p>\n<p style=\"text-align: justify;\">&#8220;N\u00f3s vamos fazer um leque de filia\u00e7\u00f5es, com muita gente retornando ao PT, como o Paulo Martins, por exemplo, que \u00e9 pr\u00e9-candidato na cidade de Campo Maior e est\u00e1 conosco;\u00a0o Olavo Rebelo, ex-deputado, ex- conselheiro do TCE, que tamb\u00e9m vai estar se filiando;\u00a0o ex-deputado Jos\u00e9 Santana, \u00a0assim como v\u00e1rios prefeitos. O prefeito de Piracuruca, Assis M\u00e3ozinha;\u00a0a\u00a0de Lu\u00eds Correia, Maria das Dores Fontenele Brito, e uma s\u00e9rie de outros prefeitos e lideran\u00e7as v\u00e3o se filiar ao partido no semin\u00e1rio, vindo para somar, para que a gente tenha mais competitividade. O PT hoje tem 42 prefeitos no Piau\u00ed e com essas filia\u00e7\u00f5es chegaremos a quase 50 prefeitos. Queremos chegar a 70 gestores no processo eleitoral do ano que vem&#8221;, disse Jo\u00e3o de Deus, acrescentando que o partido dever\u00e1 ter 120 pr\u00e9-candidaturas ano que vem.<\/p>\n<p style=\"text-align: justify;\">Jo\u00e3o de Deus informou que o semin\u00e1rio n\u00e3o tem a pretens\u00e3o de definir candidaturas, vai apenas definir estrat\u00e9gias para as j\u00e1 existentes.<\/p>\n<p style=\"text-align: justify;\"><strong>Teresina<\/strong><\/p>\n<p style=\"text-align: justify;\">Sobre Teresina, desde maio de 2023 que h\u00e1 uma busca pelo entendimento. Inclusive j\u00e1 ocorreram v\u00e1rias reuni\u00f5es com os pr\u00e9-candidatos Franz\u00e9 Silva e F\u00e1bio Novo.<\/p>\n<p style=\"text-align: justify;\">&#8220;Fizemos uma reuni\u00e3o com os candidatos, para que tenhamos um processo tranquilo, definindo uma candidatura em que a gente possa sair fortalecido para dialogar com outras for\u00e7as pol\u00edticas. Na ocasi\u00e3o, foram definidos consensualmente os crit\u00e9rios de escolha. As pesquisas v\u00e3o definir o candidato a prefeito de Teresina do PT. Eles ser\u00e3o ouvidos sobre os question\u00e1rios que dever\u00e3o ser feitos. O outro crit\u00e9rio \u00e9 a agrega\u00e7\u00e3o, jun\u00e7\u00e3o de l\u00edderes. Quem tiver \u00a0mais vereadores, suplentes, ex-vereadores, lideran\u00e7as comunit\u00e1rias e sindicais, enfim, quem tiver mais apoio ser\u00e1 o candidato do PT em Teresina&#8221;, disse Jo\u00e3o de Deus.<\/p>\n<p style=\"text-align: justify;\">O presidente do PT\/PI garantiu que at\u00e9 o final do m\u00eas de agosto vai haver uma defini\u00e7\u00e3o.<\/p>\n<p style=\"text-align: justify;\">Indagado sobre o peso do \u00a0governador Rafael Fonteles nessa decis\u00e3o, Jo\u00e3o de Deus foi enf\u00e1tico. &#8220;Foi sugerido at\u00e9 que o governador n\u00e3o indicasse um nome e o pr\u00f3prio governador informou que n\u00e3o tinha nem um nome para impor ou dizer que \u00e9 seu candidato&#8221;, disse.<\/p>\n<p style=\"text-align: justify;\">&#8220;N\u00f3s temos dois nomes fortes, com experi\u00eancia administrativa, pessoas s\u00e9rias, corretas, que j\u00e1 comandaram secretarias de Estado importantes. Qualquer um dos dois tem todas as condi\u00e7\u00f5es de fazer com que Teresina possa avan\u00e7ar. Teresina precisa de apoio. Nos \u00faltimos 20 anos muitas obras abandonadas foram conclu\u00eddas, tipo HUT e o Hospital Universit\u00e1rio, nos governos do PT, e acho que vamos ter a oportunidade agora, quem sabe, de conquistar o cora\u00e7\u00e3o da popula\u00e7\u00e3o da capital, com um nome que tenha livre di\u00e1logo com o governo do Piau\u00ed e o governo federal&#8221; revelou o presidente do PT\/ PI.<\/p>\n<p style=\"text-align: justify;\">Jo\u00e3o de Deus descarta a possibilidade de desgaste no partido durante o processo de escolha.<\/p>\n<p style=\"text-align: justify;\">&#8220;A gente conversa, discute e decide, por\u00e9m \u00e9 preciso ter cuidado. Na \u00faltima reuni\u00e3o que n\u00f3s fizemos, quinze dias atr\u00e1s, o pr\u00f3prio governador sugeriu que os dois pudessem tomar um caf\u00e9 juntos. A reuni\u00e3o aconteceu por volta de onze da manh\u00e3, mas eles j\u00e1 tinham tomado o caf\u00e9 juntos, bem mais cedo, e j\u00e1 tinham conversado muito e todos dois fizeram revela\u00e7\u00f5es fant\u00e1sticas. Ambos nos informaram que qualquer um que perder n\u00e3o vai perder, vai estar do lado do outro&#8221;, finalizou Jo\u00e3o de Deus.<\/p>\n<p style=\"text-align: justify;\">A abertura do evento est\u00e1 prevista para sexta-feira, 28 de julho, \u00e0s 18h, e seguir\u00e1 no s\u00e1bado, 29, a partir das 8h.<\/p>\n<p style=\"text-align: justify;\">O semin\u00e1rio preparat\u00f3rio ser\u00e1 realizado no Diferencial Buffet, localizado na rua S\u00e3o Pedro, 3000, centro sul de Teresina.<\/p>\n<p style=\"text-align: justify;\">\n<div class=\"big-image-noticia\" style=\"text-align: justify;\"><span class=\"credit\">FOTO: DIVULGA\u00c7\u00c3O<\/span><img fetchpriority=\"high\" decoding=\"async\" src=\"https:\/\/pensarpiaui.com\/media\/image_bank\/2023\/7\/joao-de-deus-falou-com-exclusividade-para-o-pensarpiaui.jpg.1200x0_q95_crop.jpg\" alt=\"Jo\u00e3o de Deus falou com exclusividade para o pensarpiau\u00ed\" width=\"1200\" height=\"675\" \/><\/p>\n<div class=\"legend\">Jo\u00e3o de Deus falou com exclusividade para o pensarpiau\u00ed<\/div>\n<\/div>\n<p style=\"text-align: justify;\">\n<div class=\"mt-2 fanpage\" style=\"text-align: justify;\"><a class=\"btn btn-outline-primary me-3 mb-3\" href=\"https:\/\/www.facebook.com\/PensarPiaui\/\" target=\"_blank\" rel=\"noopener\">\u00a0<span class=\"d-inline-block ms-2\">\u00a0Pensar Piau\u00ed<\/span><\/a><\/div>\n","protected":false},"excerpt":{"rendered":"<p>O diret\u00f3rio estadual do PT do Piau\u00ed\u00a0vai realizar um encontro em Teresina, nos dias 28 e 29 de julho para planejar o processo eleitoral municipal do ano que vem. Isso \u00e9 uma orienta\u00e7\u00e3o do PT nacional. Participam do evento prefeitos, pr\u00e9-candidatos, deputados estaduais, presidentes de diret\u00f3rios e coordenadores regionais, al\u00e9m do governador Rafael Fonteles, do &hellip;<\/p>\n","protected":false},"author":2,"featured_media":48099,"comment_status":"open","ping_status":"open","sticky":false,"template":"","format":"standard","meta":{"content-type":"","rop_custom_images_group":[],"rop_custom_messages_group":[],"rop_publish_now":"initial","rop_publish_now_accounts":{"facebook_2648258775420054_1618374048415101":""},"rop_publish_now_history":[],"rop_publish_now_status":"pending","footnotes":"","_jetpack_memberships_contains_paid_content":false},"categories":[118],"tags":[187,403],"yoast_head":"<!-- This site is optimized with the Yoast SEO plugin v22.3 - https:\/\/yoast.com\/wordpress\/plugins\/seo\/ -->\n<title>O PT planeja eleger 70 prefeitos no Piau\u00ed - Portal NPM<\/title>\n<meta name=\"robots\" content=\"index, follow, max-snippet:-1, max-image-preview:large, max-video-preview:-1\" \/>\n<link rel=\"canonical\" href=\"https:\/\/portalnpm.com\/index.php\/2023\/07\/28\/o-pt-planeja-eleger-70-prefeitos-no-piaui\/\" \/>\n<meta property=\"og:locale\" content=\"pt_BR\" \/>\n<meta property=\"og:type\" content=\"article\" \/>\n<meta property=\"og:title\" content=\"O PT planeja eleger 70 prefeitos no Piau\u00ed - Portal NPM\" \/>\n<meta property=\"og:description\" content=\"O diret\u00f3rio estadual do PT do Piau\u00ed\u00a0vai realizar um encontro em Teresina, nos dias 28 e 29 de julho para planejar o processo eleitoral municipal do ano que vem. Isso \u00e9 uma orienta\u00e7\u00e3o do PT nacional. Participam do evento prefeitos, pr\u00e9-candidatos, deputados estaduais, presidentes de diret\u00f3rios e coordenadores regionais, al\u00e9m do governador Rafael Fonteles, do &hellip;\" \/>\n<meta property=\"og:url\" content=\"https:\/\/portalnpm.com\/index.php\/2023\/07\/28\/o-pt-planeja-eleger-70-prefeitos-no-piaui\/\" \/>\n<meta property=\"og:site_name\" content=\"Portal NPM\" \/>\n<meta property=\"article:published_time\" content=\"2023-07-28T15:01:59+00:00\" \/>\n<meta name=\"author\" content=\"Genival Barbosa\" \/>\n<meta name=\"twitter:card\" content=\"summary_large_image\" \/>\n<meta name=\"twitter:label1\" content=\"Escrito por\" \/>\n\t<meta name=\"twitter:data1\" content=\"Genival Barbosa\" \/>\n\t<meta name=\"twitter:label2\" content=\"Est. tempo de leitura\" \/>\n\t<meta name=\"twitter:data2\" content=\"5 minutos\" \/>\n<script type=\"application\/ld+json\" class=\"yoast-schema-graph\">{\"@context\":\"https:\/\/schema.org\",\"@graph\":[{\"@type\":\"WebPage\",\"@id\":\"https:\/\/portalnpm.com\/index.php\/2023\/07\/28\/o-pt-planeja-eleger-70-prefeitos-no-piaui\/\",\"url\":\"https:\/\/portalnpm.com\/index.php\/2023\/07\/28\/o-pt-planeja-eleger-70-prefeitos-no-piaui\/\",\"name\":\"O PT planeja eleger 70 prefeitos no Piau\u00ed - Portal NPM\",\"isPartOf\":{\"@id\":\"https:\/\/portalnpm.com\/#website\"},\"primaryImageOfPage\":{\"@id\":\"https:\/\/portalnpm.com\/index.php\/2023\/07\/28\/o-pt-planeja-eleger-70-prefeitos-no-piaui\/#primaryimage\"},\"image\":{\"@id\":\"https:\/\/portalnpm.com\/index.php\/2023\/07\/28\/o-pt-planeja-eleger-70-prefeitos-no-piaui\/#primaryimage\"},\"thumbnailUrl\":\"\",\"datePublished\":\"2023-07-28T15:01:59+00:00\",\"dateModified\":\"2023-07-28T15:01:59+00:00\",\"author\":{\"@id\":\"https:\/\/portalnpm.com\/#\/schema\/person\/49313e563cfdefcc167f1ee4c017c294\"},\"breadcrumb\":{\"@id\":\"https:\/\/portalnpm.com\/index.php\/2023\/07\/28\/o-pt-planeja-eleger-70-prefeitos-no-piaui\/#breadcrumb\"},\"inLanguage\":\"pt-BR\",\"potentialAction\":[{\"@type\":\"ReadAction\",\"target\":[\"https:\/\/portalnpm.com\/index.php\/2023\/07\/28\/o-pt-planeja-eleger-70-prefeitos-no-piaui\/\"]}]},{\"@type\":\"ImageObject\",\"inLanguage\":\"pt-BR\",\"@id\":\"https:\/\/portalnpm.com\/index.php\/2023\/07\/28\/o-pt-planeja-eleger-70-prefeitos-no-piaui\/#primaryimage\",\"url\":\"\",\"contentUrl\":\"\"},{\"@type\":\"BreadcrumbList\",\"@id\":\"https:\/\/portalnpm.com\/index.php\/2023\/07\/28\/o-pt-planeja-eleger-70-prefeitos-no-piaui\/#breadcrumb\",\"itemListElement\":[{\"@type\":\"ListItem\",\"position\":1,\"name\":\"In\u00edcio\",\"item\":\"https:\/\/portalnpm.com\/\"},{\"@type\":\"ListItem\",\"position\":2,\"name\":\"O PT planeja eleger 70 prefeitos no Piau\u00ed\"}]},{\"@type\":\"WebSite\",\"@id\":\"https:\/\/portalnpm.com\/#website\",\"url\":\"https:\/\/portalnpm.com\/\",\"name\":\"Portal NPM\",\"description\":\"Not\u00edcias em Primeira M\u00e3o\",\"potentialAction\":[{\"@type\":\"SearchAction\",\"target\":{\"@type\":\"EntryPoint\",\"urlTemplate\":\"https:\/\/portalnpm.com\/?s={search_term_string}\"},\"query-input\":\"required name=search_term_string\"}],\"inLanguage\":\"pt-BR\"},{\"@type\":\"Person\",\"@id\":\"https:\/\/portalnpm.com\/#\/schema\/person\/49313e563cfdefcc167f1ee4c017c294\",\"name\":\"Genival Barbosa\",\"image\":{\"@type\":\"ImageObject\",\"inLanguage\":\"pt-BR\",\"@id\":\"https:\/\/portalnpm.com\/#\/schema\/person\/image\/\",\"url\":\"https:\/\/portalnpm.com\/wp-content\/uploads\/2024\/02\/avatar_user_2_1707743258-96x96.jpeg\",\"contentUrl\":\"https:\/\/portalnpm.com\/wp-content\/uploads\/2024\/02\/avatar_user_2_1707743258-96x96.jpeg\",\"caption\":\"Genival Barbosa\"},\"url\":\"https:\/\/portalnpm.com\/index.php\/author\/genival\/\"}]}<\/script>\n<!-- \/ Yoast SEO plugin. -->","yoast_head_json":{"title":"O PT planeja eleger 70 prefeitos no Piau\u00ed - Portal NPM","robots":{"index":"index","follow":"follow","max-snippet":"max-snippet:-1","max-image-preview":"max-image-preview:large","max-video-preview":"max-video-preview:-1"},"canonical":"https:\/\/portalnpm.com\/index.php\/2023\/07\/28\/o-pt-planeja-eleger-70-prefeitos-no-piaui\/","og_locale":"pt_BR","og_type":"article","og_title":"O PT planeja eleger 70 prefeitos no Piau\u00ed - Portal NPM","og_description":"O diret\u00f3rio estadual do PT do Piau\u00ed\u00a0vai realizar um encontro em Teresina, nos dias 28 e 29 de julho para planejar o processo eleitoral municipal do ano que vem. Isso \u00e9 uma orienta\u00e7\u00e3o do PT nacional. Participam do evento prefeitos, pr\u00e9-candidatos, deputados estaduais, presidentes de diret\u00f3rios e coordenadores regionais, al\u00e9m do governador Rafael Fonteles, do &hellip;","og_url":"https:\/\/portalnpm.com\/index.php\/2023\/07\/28\/o-pt-planeja-eleger-70-prefeitos-no-piaui\/","og_site_name":"Portal NPM","article_published_time":"2023-07-28T15:01:59+00:00","author":"Genival Barbosa","twitter_card":"summary_large_image","twitter_misc":{"Escrito por":"Genival Barbosa","Est. tempo de leitura":"5 minutos"},"schema":{"@context":"https:\/\/schema.org","@graph":[{"@type":"WebPage","@id":"https:\/\/portalnpm.com\/index.php\/2023\/07\/28\/o-pt-planeja-eleger-70-prefeitos-no-piaui\/","url":"https:\/\/portalnpm.com\/index.php\/2023\/07\/28\/o-pt-planeja-eleger-70-prefeitos-no-piaui\/","name":"O PT planeja eleger 70 prefeitos no Piau\u00ed - Portal NPM","isPartOf":{"@id":"https:\/\/portalnpm.com\/#website"},"primaryImageOfPage":{"@id":"https:\/\/portalnpm.com\/index.php\/2023\/07\/28\/o-pt-planeja-eleger-70-prefeitos-no-piaui\/#primaryimage"},"image":{"@id":"https:\/\/portalnpm.com\/index.php\/2023\/07\/28\/o-pt-planeja-eleger-70-prefeitos-no-piaui\/#primaryimage"},"thumbnailUrl":"","datePublished":"2023-07-28T15:01:59+00:00","dateModified":"2023-07-28T15:01:59+00:00","author":{"@id":"https:\/\/portalnpm.com\/#\/schema\/person\/49313e563cfdefcc167f1ee4c017c294"},"breadcrumb":{"@id":"https:\/\/portalnpm.com\/index.php\/2023\/07\/28\/o-pt-planeja-eleger-70-prefeitos-no-piaui\/#breadcrumb"},"inLanguage":"pt-BR","potentialAction":[{"@type":"ReadAction","target":["https:\/\/portalnpm.com\/index.php\/2023\/07\/28\/o-pt-planeja-eleger-70-prefeitos-no-piaui\/"]}]},{"@type":"ImageObject","inLanguage":"pt-BR","@id":"https:\/\/portalnpm.com\/index.php\/2023\/07\/28\/o-pt-planeja-eleger-70-prefeitos-no-piaui\/#primaryimage","url":"","contentUrl":""},{"@type":"BreadcrumbList","@id":"https:\/\/portalnpm.com\/index.php\/2023\/07\/28\/o-pt-planeja-eleger-70-prefeitos-no-piaui\/#breadcrumb","itemListElement":[{"@type":"ListItem","position":1,"name":"In\u00edcio","item":"https:\/\/portalnpm.com\/"},{"@type":"ListItem","position":2,"name":"O PT planeja eleger 70 prefeitos no Piau\u00ed"}]},{"@type":"WebSite","@id":"https:\/\/portalnpm.com\/#website","url":"https:\/\/portalnpm.com\/","name":"Portal NPM","description":"Not\u00edcias em Primeira M\u00e3o","potentialAction":[{"@type":"SearchAction","target":{"@type":"EntryPoint","urlTemplate":"https:\/\/portalnpm.com\/?s={search_term_string}"},"query-input":"required name=search_term_string"}],"inLanguage":"pt-BR"},{"@type":"Person","@id":"https:\/\/portalnpm.com\/#\/schema\/person\/49313e563cfdefcc167f1ee4c017c294","name":"Genival Barbosa","image":{"@type":"ImageObject","inLanguage":"pt-BR","@id":"https:\/\/portalnpm.com\/#\/schema\/person\/image\/","url":"https:\/\/portalnpm.com\/wp-content\/uploads\/2024\/02\/avatar_user_2_1707743258-96x96.jpeg","contentUrl":"https:\/\/portalnpm.com\/wp-content\/uploads\/2024\/02\/avatar_user_2_1707743258-96x96.jpeg","caption":"Genival Barbosa"},"url":"https:\/\/portalnpm.com\/index.php\/author\/genival\/"}]}},"jetpack_sharing_enabled":true,"jetpack_featured_media_url":"","_links":{"self":[{"href":"https:\/\/portalnpm.com\/index.php\/wp-json\/wp\/v2\/posts\/48098"}],"collection":[{"href":"https:\/\/portalnpm.com\/index.php\/wp-json\/wp\/v2\/posts"}],"about":[{"href":"https:\/\/portalnpm.com\/index.php\/wp-json\/wp\/v2\/types\/post"}],"author":[{"embeddable":true,"href":"https:\/\/portalnpm.com\/index.php\/wp-json\/wp\/v2\/users\/2"}],"replies":[{"embeddable":true,"href":"https:\/\/portalnpm.com\/index.php\/wp-json\/wp\/v2\/comments?post=48098"}],"version-history":[{"count":0,"href":"https:\/\/portalnpm.com\/index.php\/wp-json\/wp\/v2\/posts\/48098\/revisions"}],"wp:featuredmedia":[{"embeddable":true,"href":"https:\/\/portalnpm.com\/index.php\/wp-json\/"}],"wp:attachment":[{"href":"https:\/\/portalnpm.com\/index.php\/wp-json\/wp\/v2\/media?parent=48098"}],"wp:term":[{"taxonomy":"category","embeddable":true,"href":"https:\/\/portalnpm.com\/index.php\/wp-json\/wp\/v2\/categories?post=48098"},{"taxonomy":"post_tag","embeddable":true,"href":"https:\/\/portalnpm.com\/index.php\/wp-json\/wp\/v2\/tags?post=48098"}],"curies":[{"name":"wp","href":"https:\/\/api.w.org\/{rel}","templated":true}]}}