{"id":4825,"date":"2019-01-13T13:31:23","date_gmt":"2019-01-13T15:31:23","guid":{"rendered":"http:\/\/srv.portalnpm.com.br\/?p=4825"},"modified":"2019-01-13T13:31:23","modified_gmt":"2019-01-13T15:31:23","slug":"12o-dia-de-ataques-no-ceara-criminosos-usam-explosivo-em-ponte-e-incendeiam-carros","status":"publish","type":"post","link":"https:\/\/portalnpm.com\/index.php\/2019\/01\/13\/12o-dia-de-ataques-no-ceara-criminosos-usam-explosivo-em-ponte-e-incendeiam-carros\/","title":{"rendered":"12\u00ba dia de ataques no Cear\u00e1: Criminosos usam explosivo em ponte e incendeiam carros"},"content":{"rendered":"<p style=\"text-align: justify;\">Membros de fac\u00e7\u00f5es criminosas voltaram a cometer ataques no Cear\u00e1 na madrugada deste domingo (13).<\/p>\n<p style=\"text-align: justify;\">Uma ponte na BR-116, que passa sobre o Rio Chor\u00f3, no munic\u00edpio de Chorozinho, na Regi\u00e3o Metropolitana de Fortaleza, foi atacada com explosivos e o local foi interditado. Ainda n\u00e3o h\u00e1 informa\u00e7\u00e3o sobre a dimens\u00e3o do dano, segundo a PRF. No interior e na capital, ve\u00edculos foram incendiados. N\u00e3o h\u00e1 informa\u00e7\u00f5es de feridos. At\u00e9 a \u00faltima atualiza\u00e7\u00e3o desta reportagem, ningu\u00e9m havia sido preso por estes crimes.<\/p>\n<p style=\"text-align: justify;\">Este j\u00e1 \u00e9 o 12\u00ba dia desta onda de viol\u00eancia, que come\u00e7ou em 2 de janeiro ap\u00f3s o governo anunciar medidas para tornar mais rigorosa a fiscaliza\u00e7\u00e3o nos pres\u00eddios.<\/p>\n<p style=\"text-align: justify;\">No s\u00e1bado, eles derrubaram uma torre de transmiss\u00e3o de energia el\u00e9trica, ap\u00f3s detonarem bombas, e explodiram uma concession\u00e1ria de ve\u00edculos.<\/p>\n<p style=\"text-align: justify;\">Rea\u00e7\u00e3o<br \/>\nDeputados estaduais aprovaram um pacote de medidas no s\u00e1bado (12) com o objetivo de combater a onda de crimes. Uma dessas medidas \u00e9 a a Lei da Recompensa, que paga em dinheiro quem denunciar autores de ataques (leia mais abaixo).<\/p>\n<p style=\"text-align: justify;\">Tamb\u00e9m no s\u00e1bado, a pol\u00edcia apreendeu cinco toneladas de explosivos no Bairro Jangurussu, na periferia de Fortaleza.<\/p>\n<p style=\"text-align: justify;\">A For\u00e7a Nacional est\u00e1 no Cear\u00e1 para auxiliar nas a\u00e7\u00f5es de combate ao crime.<\/p>\n<p style=\"text-align: justify;\">Nos 12 dias de crimes foram 199 a\u00e7\u00f5es violentas em 44 munic\u00edpios; 347 suspeitos foram presos, segundo a Secretaria da Seguran\u00e7a do Cear\u00e1.<\/p>\n<p style=\"text-align: justify;\">O Minist\u00e9rio da Justi\u00e7a confirmou tamb\u00e9m a transfer\u00eancia de 35 chefes de fac\u00e7\u00e3o que ordenavam os ataques. Eles ser\u00e3o levados a pres\u00eddios federais.<\/p>\n<div class=\"mc-column content-text active-extra-styles\" style=\"text-align: justify;\" data-block-type=\"raw\" data-block-weight=\"3\" data-block-id=\"13\">\n<div class=\"content-intertitle\">\n<h2>Explosivos em ponte<\/h2>\n<\/div>\n<\/div>\n<div class=\"mc-column content-text active-extra-styles \" style=\"text-align: justify;\" data-block-type=\"unstyled\" data-block-weight=\"30\" data-block-id=\"14\">\n<p class=\"content-text__container \" data-track-category=\"Link no Texto\" data-track-links=\"\">A ponte sobre o Rio Chor\u00f3, na cidade de Chorozinho, foi interditada pela Pol\u00edcia Rodovi\u00e1ria Federal (PRF) na madrugada desde domingo, ap\u00f3s explosivos serem detonados na parte inferior da estrutura.<\/p>\n<\/div>\n<div class=\"mc-column content-text active-extra-styles \" data-block-type=\"unstyled\" data-block-weight=\"22\" data-block-id=\"15\">\n<p class=\"content-text__container \" style=\"text-align: justify;\" data-track-category=\"Link no Texto\" data-track-links=\"\">Motoristas que trafegam entre as cidades de Fortaleza e Chorozinho devem alterar o trajeto e fazer a rota pela cidade de Horizonte.<\/p>\n<figure id=\"attachment_4826\" aria-describedby=\"caption-attachment-4826\" style=\"width: 300px\" class=\"wp-caption alignnone\"><img fetchpriority=\"high\" decoding=\"async\" class=\"size-medium wp-image-4826\" src=\"http:\/\/portalnpm.com.br\/wp-content\/uploads\/2019\/01\/2-explosivo-foi-detonado-na-estrutura-de-sustencao-de-ponte-na-grande-fortaleza-300x169.jpg\" alt=\"\" width=\"300\" height=\"169\" \/><figcaption id=\"caption-attachment-4826\" class=\"wp-caption-text\">Explosivos foram detonados na estrutura da ponte sobre o Rio Chor\u00f3, na Grande Fortaleza. \u2014 Foto: Arquivo pessoal<\/figcaption><\/figure>\n<div class=\"mc-column content-text active-extra-styles\" data-block-type=\"raw\" data-block-weight=\"3\" data-block-id=\"17\">\n<div class=\"content-intertitle\">\n<h2 style=\"text-align: justify;\">Explos\u00e3o causou tremor<\/h2>\n<\/div>\n<\/div>\n<div class=\"mc-column content-text active-extra-styles \" style=\"text-align: justify;\" data-block-type=\"unstyled\" data-block-weight=\"18\" data-block-id=\"18\">\n<p class=\"content-text__container \" data-track-category=\"Link no Texto\" data-track-links=\"\">Pessoas que moram pr\u00f3ximo ao local, na entrada da cidade, relataram um \u201ctremor\u201d com o impacto da detona\u00e7\u00e3o.<\/p>\n<\/div>\n<div class=\"mc-column content-text active-extra-styles \" data-block-type=\"unstyled\" data-block-weight=\"38\" data-block-id=\"19\">\n<p class=\"content-text__container \" style=\"text-align: justify;\" data-track-category=\"Link no Texto\" data-track-links=\"\">\u201cEstremeceu at\u00e9 a janela daqui de casa, parecia um tremor de terra. Foi um estrondo muito grande\u201d, afirmou um morador da regi\u00e3o, que n\u00e3o quer se identificar. A casa dele ficou com rachaduras nas paredes ap\u00f3s a explos\u00e3o.<\/p>\n<figure id=\"attachment_4827\" aria-describedby=\"caption-attachment-4827\" style=\"width: 300px\" class=\"wp-caption alignnone\"><img decoding=\"async\" class=\"size-medium wp-image-4827\" src=\"http:\/\/portalnpm.com.br\/wp-content\/uploads\/2019\/01\/4-veiculo-e-incendiado-em-umirim-interior-do-ceara-300x237.jpg\" alt=\"\" width=\"300\" height=\"237\" \/><figcaption id=\"caption-attachment-4827\" class=\"wp-caption-text\">Ve\u00edculo \u00e9 incendiado em Umirim, no interior do Cear\u00e1, em ataque coordenado por fac\u00e7\u00f5es criminosas. \u2014 Foto: Arquivo pessoal<\/figcaption><\/figure>\n<div class=\"row medium-uncollapsed content-media content-photo\" data-block-type=\"backstage-photo\" data-block-id=\"20\">\n<div class=\"mc-column content-media__container\">\n<p class=\"content-media__description \" style=\"text-align: justify;\">Ve\u00edculo \u00e9 incendiado em Umirim, no interior do Cear\u00e1, em ataque coordenado por fac\u00e7\u00f5es criminosas. \u2014 Foto: Arquivo pessoal<\/p>\n<\/div>\n<\/div>\n<div class=\"tag-manager-publicidade-container has-reveal has-ad-lazyload tag-manager-publicidade-banner_materia__4faaf703cb994cbdb69b628f6f6ef6ad tag-manager-publicidade-container--carregado tag-manager-publicidade-container--visivel\" data-id=\"banner_materia__4faaf703cb994cbdb69b628f6f6ef6ad\" data-google-query-id=\"CIrMpY_i6t8CFQV6wQodylkCQg\" data-cid=\"138254291442\" data-lid=\"4889947669\">\n<div class=\"mc-column content-text active-extra-styles\" style=\"text-align: justify;\" data-block-type=\"raw\" data-block-weight=\"2\" data-block-id=\"22\">\n<div class=\"content-intertitle\">\n<h2>Carros incendiados<\/h2>\n<\/div>\n<\/div>\n<div class=\"mc-column content-text active-extra-styles \" style=\"text-align: justify;\" data-block-type=\"unstyled\" data-block-weight=\"26\" data-block-id=\"23\">\n<p class=\"content-text__container \" data-track-category=\"Link no Texto\" data-track-links=\"\">Entre a noite de s\u00e1bado e a madrugada deste domingo foram incendiados carros particulares em Umirim, no interior do estado, e em Fortaleza, no Bairro Siqueira.<\/p>\n<\/div>\n<div class=\"mc-column content-text active-extra-styles\" style=\"text-align: justify;\" data-block-type=\"raw\" data-block-weight=\"5\" data-block-id=\"24\">\n<div class=\"content-intertitle\">\n<h2>Ataque ao pr\u00e9dio do Juizado<\/h2>\n<\/div>\n<\/div>\n<div class=\"mc-column content-text active-extra-styles \" data-block-type=\"unstyled\" data-block-weight=\"27\" data-block-id=\"25\">\n<p class=\"content-text__container \" style=\"text-align: justify;\" data-track-category=\"Link no Texto\" data-track-links=\"\">Tamb\u00e9m na madrugada de s\u00e1bado para domingo, um explosivo foi detonado em frente ao Juizado Especial Criminal de Fortaleza, na rua Desembargador Jo\u00e3o Firmino, no Bairro Montese.<\/p>\n<figure id=\"attachment_4828\" aria-describedby=\"caption-attachment-4828\" style=\"width: 300px\" class=\"wp-caption alignnone\"><img decoding=\"async\" class=\"size-medium wp-image-4828\" src=\"http:\/\/portalnpm.com.br\/wp-content\/uploads\/2019\/01\/rafaela-duarte-300x169.jpeg\" alt=\"\" width=\"300\" height=\"169\" \/><figcaption id=\"caption-attachment-4828\" class=\"wp-caption-text\">Ataque com explosivos ao Juizado Especial Criminal de Fortaleza, no Bairro Montese \u2014 Foto: Rafaela Duarte<\/figcaption><\/figure>\n<div class=\"mc-column content-text active-extra-styles \" data-block-type=\"unstyled\" data-block-weight=\"55\" data-block-id=\"27\">\n<p class=\"content-text__container \" data-track-category=\"Link no Texto\" data-track-links=\"\">De acordo com a pol\u00edcia, um suspeito desceu de um ve\u00edculo, onde estavam pelo menos outros tr\u00eas homens dando suporte, e colocou um artefato pr\u00f3ximo \u00e0 base de uma coluna do pr\u00e9dio. Apesar da explos\u00e3o, o impacto foi de pequenas propor\u00e7\u00f5es e atingiu a base da coluna de sustenta\u00e7\u00e3o e parte do vidro da porta.<\/p>\n<\/div>\n<div class=\"mc-column content-text active-extra-styles \" data-block-type=\"unstyled\" data-block-weight=\"20\" data-block-id=\"28\">\n<p class=\"content-text__container \" data-track-category=\"Link no Texto\" data-track-links=\"\">Policiais que estavam de plant\u00e3o dentro do juizado chegaram a atirar em dire\u00e7\u00e3o ao ve\u00edculo mas os suspeitos conseguiram fugir.<\/p>\n<\/div>\n<div class=\"mc-column content-text active-extra-styles\" data-block-type=\"raw\" data-block-weight=\"4\" data-block-id=\"29\">\n<div class=\"content-intertitle\">\n<h2>Maior rigor nos pres\u00eddios<\/h2>\n<\/div>\n<\/div>\n<div class=\"mc-column content-text active-extra-styles \" data-block-type=\"unstyled\" data-block-weight=\"31\" data-block-id=\"30\">\n<p class=\"content-text__container \" style=\"text-align: justify;\" data-track-category=\"Link no Texto\" data-track-links=\"\">A\u00a0<a href=\"https:\/\/g1.globo.com\/ce\/ceara\/noticia\/2019\/01\/04\/ataques-no-ceara-o-que-se-sabe-e-o-que-falta-saber.ghtml\">onda de viol\u00eancia come\u00e7ou em 2 de janeiro<\/a>, um dia ap\u00f3s Mauro Albuquerque tomar posse do cargo de secret\u00e1rio da Administra\u00e7\u00e3o Penitenci\u00e1ria, pasta criada no segundo mandato de Camilo Santana.<\/p>\n<\/div>\n<div class=\"mc-column content-text active-extra-styles \" data-block-type=\"unstyled\" data-block-weight=\"35\" data-block-id=\"31\">\n<p class=\"content-text__container \" style=\"text-align: justify;\" data-track-category=\"Link no Texto\" data-track-links=\"\">Mauro Albuquerque fez opera\u00e7\u00f5es para apreender celulares nos pres\u00eddios e prometeu acabar com a divis\u00e3o de presos conforme a fac\u00e7\u00e3o criminosa a que pertencem. O governador do Cear\u00e1, Camilo Santana, afirmou que\u00a0<a href=\"https:\/\/g1.globo.com\/ce\/ceara\/noticia\/2019\/01\/11\/assembleia-vai-votar-lei-da-recompensa-para-pagar-pessoas-que-denunciem-autores-de-ataques-no-ceara.ghtml\">\u201cn\u00e3o h\u00e1 recuo\u201d<\/a>.<\/p>\n<div class=\"mc-column content-text active-extra-styles\" data-block-type=\"raw\" data-block-weight=\"6\" data-block-id=\"33\">\n<div class=\"content-intertitle\">\n<h2 style=\"text-align: justify;\">Medidas da Assembleia contra os ataques<\/h2>\n<figure id=\"attachment_4829\" aria-describedby=\"caption-attachment-4829\" style=\"width: 300px\" class=\"wp-caption alignnone\"><img loading=\"lazy\" decoding=\"async\" class=\"size-medium wp-image-4829\" src=\"http:\/\/portalnpm.com.br\/wp-content\/uploads\/2019\/01\/deputados-assembleia-ceara-300x225.jpg\" alt=\"\" width=\"300\" height=\"225\" \/><figcaption id=\"caption-attachment-4829\" class=\"wp-caption-text\">Deputados estaduais do Cear\u00e1 votam em sess\u00e3o extraordin\u00e1rio pacote de medidas para tentar conter viol\u00eancia \u2014 Foto: Kilvia Muniz\/SVM<\/figcaption><\/figure>\n<div class=\"mc-column content-text active-extra-styles \" data-block-type=\"unstyled\" data-block-weight=\"29\" data-block-id=\"35\">\n<p class=\"content-text__container \" style=\"text-align: justify;\" data-track-category=\"Link no Texto\" data-track-links=\"\">Na noite de s\u00e1bado (12), em sess\u00e3o extraordin\u00e1ria durante o recesso parlamentar, os\u00a0<a href=\"https:\/\/g1.globo.com\/ce\/ceara\/noticia\/2019\/01\/12\/deputados-aprovam-pacote-de-medidas-contra-acoes-criminosas-no-ceara.ghtml\">deputados estaduais aprovaram um pacote de medidas<\/a>\u00a0na tentativa de fortalecer o combate \u00e0s fac\u00e7\u00f5es criminosas.<\/p>\n<\/div>\n<div class=\"mc-column content-text active-extra-styles \" style=\"text-align: justify;\" data-block-type=\"unstyled\" data-block-weight=\"29\" data-block-id=\"36\">\n<p class=\"content-text__container \" data-track-category=\"Link no Texto\" data-track-links=\"\">Estiveram presentes 36 dos 46 deputados estaduais do Cear\u00e1. O governador Camilo Santana prometeu assinar o pacote neste domingo e publicar em edi\u00e7\u00e3o extra do Di\u00e1rio Oficial do Estado.<\/p>\n<\/div>\n<div class=\"mc-column content-text active-extra-styles \" style=\"text-align: justify;\" data-block-type=\"unstyled\" data-block-weight=\"8\" data-block-id=\"37\">\n<p class=\"content-text__container \" data-track-category=\"Link no Texto\" data-track-links=\"\">As medidas aprovadas por aclama\u00e7\u00e3o na Assembleia s\u00e3o:<\/p>\n<\/div>\n<div class=\"mc-column content-text active-extra-styles\" data-block-type=\"raw\" data-block-weight=\"146\" data-block-id=\"38\">\n<ul class=\"content-unordered-list\" style=\"text-align: justify;\">\n<li><a href=\"https:\/\/g1.globo.com\/ce\/ceara\/noticia\/2019\/01\/11\/assembleia-vai-votar-lei-da-recompensa-para-pagar-pessoas-que-denunciem-autores-de-ataques-no-ceara.ghtml\">Lei da Recompensa<\/a>, que paga em dinheiro quem denunciar autores de ataques ou fornecer informa\u00e7\u00f5es que possam prevenir crimes;<\/li>\n<li>Retirada das tomadas em celas de pres\u00eddios, para evitar que criminosos possam usar carregadores de celular;<\/li>\n<li>Aumento de 48 para 84 o m\u00e1ximo de horas extras que policiais civis, militares e bombeiros podem fazer por m\u00eas;<\/li>\n<li>Convoca\u00e7\u00e3o de policiais da reserva para aumentar o efetivo nas ruas;<\/li>\n<li>Cria\u00e7\u00e3o de um banco de informa\u00e7\u00f5es sobre ve\u00edculos destru\u00eddos na onda de ataques;<\/li>\n<li>Restri\u00e7\u00e3o da presen\u00e7a de pessoas no entorno dos pres\u00eddios, com objetivo de evitar fugas;<\/li>\n<li>Cria\u00e7\u00e3o do Fundo de Seguran\u00e7a P\u00fablica, que ter\u00e1 reserva para investir na preven\u00e7\u00e3o de crimes e pagar beneficiados da Lei da Recompensa;<\/li>\n<li>Regulariza\u00e7\u00e3o do comando de tropas de policiais militares\u00a0<a href=\"http:\/\/g1.globo.com\/ceara\/videos\/v\/policiais-de-pernambuco-piaui-e-santa-catarina-a-caminho-do-ceara\/7285751\/\">cedidas por outros estados<\/a>\u00a0(o que na pr\u00e1tica j\u00e1 est\u00e1 acontecendo com agentes cedidos pelos governos de Bahia, Piau\u00ed, Santa Catarina e Pernambuco).<\/li>\n<\/ul>\n<div class=\"mc-column content-text active-extra-styles\" style=\"text-align: justify;\" data-block-type=\"raw\" data-block-weight=\"7\" data-block-id=\"40\">\n<div class=\"content-intertitle\">\n<h2>Entenda o que est\u00e1 acontecendo no Cear\u00e1<\/h2>\n<\/div>\n<\/div>\n<div style=\"text-align: justify;\" data-track-category=\"multicontent\" data-track-action=\"ultimo chunk conteudo\" data-track-noninteraction=\"false\" data-track-scroll=\"view\">\n<div class=\"mc-column content-text active-extra-styles\" data-block-type=\"raw\" data-block-weight=\"153\" data-block-id=\"41\">\n<ul class=\"content-unordered-list\">\n<li>O\u00a0<a href=\"https:\/\/g1.globo.com\/ce\/ceara\/noticia\/2019\/01\/04\/ataques-no-ceara-o-que-se-sabe-e-o-que-falta-saber.ghtml\">governo criou a secretaria de Administra\u00e7\u00e3o Penitenci\u00e1ria<\/a>\u00a0e iniciou uma s\u00e9rie de a\u00e7\u00f5es para combater o crime dentro dos pres\u00eddios.<\/li>\n<li>O novo secret\u00e1rio, Mauro Albuquerque, coordenou a apreens\u00e3o de celulares, drogas e armas em celas. Tamb\u00e9m disse que n\u00e3o reconhecia fac\u00e7\u00f5es e que o estado iria parar de dividir presos conforme a filia\u00e7\u00e3o a grupos criminosos.<\/li>\n<li><a href=\"https:\/\/g1.globo.com\/ce\/ceara\/noticia\/2019\/01\/10\/criminosos-explodem-bomba-em-viaduto-no-9o-dia-de-ataques-no-ceara.ghtml\">Criminosos come\u00e7aram a atacar \u00f4nibus e pr\u00e9dios p\u00fablicos e privados<\/a>. As a\u00e7\u00f5es come\u00e7aram na Regi\u00e3o Metropolitana e se espalharam pelo interior ao longo da semana.<\/li>\n<li>O\u00a0<a href=\"https:\/\/g1.globo.com\/ce\/ceara\/noticia\/2019\/01\/03\/governador-do-ceara-solicita-apoio-da-forca-nacional-apos-onda-de-ataques.ghtml\">governo pediu apoio da For\u00e7a Nacional<\/a>. O ministro da Justi\u00e7a e Seguran\u00e7a P\u00fablica, S\u00e9rgio Moro,\u00a0<a href=\"https:\/\/g1.globo.com\/ce\/ceara\/noticia\/2019\/01\/04\/sergio-moro-autoriza-atuacao-da-forca-nacional-no-ceara.ghtml\">autorizou o envio de tropas<\/a>; 406 agentes da For\u00e7a Nacional refor\u00e7am a seguran\u00e7a no estado.<\/li>\n<li>A popula\u00e7\u00e3o de Fortaleza e da Regi\u00e3o Metropolitana sofre com\u00a0<a href=\"https:\/\/g1.globo.com\/ce\/ceara\/noticia\/2019\/01\/10\/sequencia-de-ataques-deixa-bairros-de-fortaleza-sem-coleta-de-lixo-energia-e-transporte-publico.ghtml\">interrup\u00e7\u00f5es no transporte p\u00fablico, com a falta de coleta de lixo e com o fechamento do com\u00e9rcio<\/a>.<\/li>\n<li><a href=\"https:\/\/g1.globo.com\/ce\/ceara\/noticia\/2019\/01\/09\/onda-de-violencia-no-ceara-afasta-turistas-e-ocupacao-hoteleira-no-estado-cai-de-85-para-65.ghtml\">Onda de viol\u00eancia afastou turistas<\/a>\u00a0e fez a ocupa\u00e7\u00e3o hoteleira no estado cair.<\/li>\n<\/ul>\n<\/div>\n<\/div>\n<p style=\"text-align: justify;\"><strong>Fonte<\/strong>: G1<\/p>\n<\/div>\n<\/div>\n<\/div>\n<\/div>\n<\/div>\n<\/div>\n<\/div>\n<\/div>\n","protected":false},"excerpt":{"rendered":"<p>Membros de fac\u00e7\u00f5es criminosas voltaram a cometer ataques no Cear\u00e1 na madrugada deste domingo (13). Uma ponte na BR-116, que passa sobre o Rio Chor\u00f3, no munic\u00edpio de Chorozinho, na Regi\u00e3o Metropolitana de Fortaleza, foi atacada com explosivos e o local foi interditado. Ainda n\u00e3o h\u00e1 informa\u00e7\u00e3o sobre a dimens\u00e3o do dano, segundo a PRF. &hellip;<\/p>\n","protected":false},"author":8,"featured_media":4830,"comment_status":"open","ping_status":"open","sticky":false,"template":"","format":"standard","meta":{"content-type":"","rop_custom_images_group":[],"rop_custom_messages_group":[],"rop_publish_now":"initial","rop_publish_now_accounts":{"facebook_2648258775420054_1618374048415101":""},"rop_publish_now_history":[],"rop_publish_now_status":"pending","footnotes":"","_jetpack_memberships_contains_paid_content":false},"categories":[113,145],"tags":[1953,1163,1954],"yoast_head":"<!-- This site is optimized with the Yoast SEO plugin v22.3 - https:\/\/yoast.com\/wordpress\/plugins\/seo\/ -->\n<title>12\u00ba dia de ataques no Cear\u00e1: Criminosos usam explosivo em ponte e incendeiam carros - Portal NPM<\/title>\n<meta name=\"robots\" content=\"index, follow, max-snippet:-1, max-image-preview:large, max-video-preview:-1\" \/>\n<link rel=\"canonical\" href=\"https:\/\/portalnpm.com\/index.php\/2019\/01\/13\/12o-dia-de-ataques-no-ceara-criminosos-usam-explosivo-em-ponte-e-incendeiam-carros\/\" \/>\n<meta property=\"og:locale\" content=\"pt_BR\" \/>\n<meta property=\"og:type\" content=\"article\" \/>\n<meta property=\"og:title\" content=\"12\u00ba dia de ataques no Cear\u00e1: Criminosos usam explosivo em ponte e incendeiam carros - Portal NPM\" \/>\n<meta property=\"og:description\" content=\"Membros de fac\u00e7\u00f5es criminosas voltaram a cometer ataques no Cear\u00e1 na madrugada deste domingo (13). Uma ponte na BR-116, que passa sobre o Rio Chor\u00f3, no munic\u00edpio de Chorozinho, na Regi\u00e3o Metropolitana de Fortaleza, foi atacada com explosivos e o local foi interditado. Ainda n\u00e3o h\u00e1 informa\u00e7\u00e3o sobre a dimens\u00e3o do dano, segundo a PRF. &hellip;\" \/>\n<meta property=\"og:url\" content=\"https:\/\/portalnpm.com\/index.php\/2019\/01\/13\/12o-dia-de-ataques-no-ceara-criminosos-usam-explosivo-em-ponte-e-incendeiam-carros\/\" \/>\n<meta property=\"og:site_name\" content=\"Portal NPM\" \/>\n<meta property=\"article:published_time\" content=\"2019-01-13T15:31:23+00:00\" \/>\n<meta name=\"author\" content=\"Zenilton Lima\" \/>\n<meta name=\"twitter:card\" content=\"summary_large_image\" \/>\n<meta name=\"twitter:label1\" content=\"Escrito por\" \/>\n\t<meta name=\"twitter:data1\" content=\"Zenilton Lima\" \/>\n\t<meta name=\"twitter:label2\" content=\"Est. tempo de leitura\" \/>\n\t<meta name=\"twitter:data2\" content=\"6 minutos\" \/>\n<script type=\"application\/ld+json\" class=\"yoast-schema-graph\">{\"@context\":\"https:\/\/schema.org\",\"@graph\":[{\"@type\":\"WebPage\",\"@id\":\"https:\/\/portalnpm.com\/index.php\/2019\/01\/13\/12o-dia-de-ataques-no-ceara-criminosos-usam-explosivo-em-ponte-e-incendeiam-carros\/\",\"url\":\"https:\/\/portalnpm.com\/index.php\/2019\/01\/13\/12o-dia-de-ataques-no-ceara-criminosos-usam-explosivo-em-ponte-e-incendeiam-carros\/\",\"name\":\"12\u00ba dia de ataques no Cear\u00e1: Criminosos usam explosivo em ponte e incendeiam carros - Portal NPM\",\"isPartOf\":{\"@id\":\"https:\/\/portalnpm.com\/#website\"},\"primaryImageOfPage\":{\"@id\":\"https:\/\/portalnpm.com\/index.php\/2019\/01\/13\/12o-dia-de-ataques-no-ceara-criminosos-usam-explosivo-em-ponte-e-incendeiam-carros\/#primaryimage\"},\"image\":{\"@id\":\"https:\/\/portalnpm.com\/index.php\/2019\/01\/13\/12o-dia-de-ataques-no-ceara-criminosos-usam-explosivo-em-ponte-e-incendeiam-carros\/#primaryimage\"},\"thumbnailUrl\":\"\",\"datePublished\":\"2019-01-13T15:31:23+00:00\",\"dateModified\":\"2019-01-13T15:31:23+00:00\",\"author\":{\"@id\":\"https:\/\/portalnpm.com\/#\/schema\/person\/35cb55186eae3f074b6783da6d35591e\"},\"breadcrumb\":{\"@id\":\"https:\/\/portalnpm.com\/index.php\/2019\/01\/13\/12o-dia-de-ataques-no-ceara-criminosos-usam-explosivo-em-ponte-e-incendeiam-carros\/#breadcrumb\"},\"inLanguage\":\"pt-BR\",\"potentialAction\":[{\"@type\":\"ReadAction\",\"target\":[\"https:\/\/portalnpm.com\/index.php\/2019\/01\/13\/12o-dia-de-ataques-no-ceara-criminosos-usam-explosivo-em-ponte-e-incendeiam-carros\/\"]}]},{\"@type\":\"ImageObject\",\"inLanguage\":\"pt-BR\",\"@id\":\"https:\/\/portalnpm.com\/index.php\/2019\/01\/13\/12o-dia-de-ataques-no-ceara-criminosos-usam-explosivo-em-ponte-e-incendeiam-carros\/#primaryimage\",\"url\":\"\",\"contentUrl\":\"\"},{\"@type\":\"BreadcrumbList\",\"@id\":\"https:\/\/portalnpm.com\/index.php\/2019\/01\/13\/12o-dia-de-ataques-no-ceara-criminosos-usam-explosivo-em-ponte-e-incendeiam-carros\/#breadcrumb\",\"itemListElement\":[{\"@type\":\"ListItem\",\"position\":1,\"name\":\"In\u00edcio\",\"item\":\"https:\/\/portalnpm.com\/\"},{\"@type\":\"ListItem\",\"position\":2,\"name\":\"12\u00ba dia de ataques no Cear\u00e1: Criminosos usam explosivo em ponte e incendeiam carros\"}]},{\"@type\":\"WebSite\",\"@id\":\"https:\/\/portalnpm.com\/#website\",\"url\":\"https:\/\/portalnpm.com\/\",\"name\":\"Portal NPM\",\"description\":\"Not\u00edcias em Primeira M\u00e3o\",\"potentialAction\":[{\"@type\":\"SearchAction\",\"target\":{\"@type\":\"EntryPoint\",\"urlTemplate\":\"https:\/\/portalnpm.com\/?s={search_term_string}\"},\"query-input\":\"required name=search_term_string\"}],\"inLanguage\":\"pt-BR\"},{\"@type\":\"Person\",\"@id\":\"https:\/\/portalnpm.com\/#\/schema\/person\/35cb55186eae3f074b6783da6d35591e\",\"name\":\"Zenilton Lima\",\"image\":{\"@type\":\"ImageObject\",\"inLanguage\":\"pt-BR\",\"@id\":\"https:\/\/portalnpm.com\/#\/schema\/person\/image\/\",\"url\":\"https:\/\/portalnpm.com\/wp-content\/uploads\/2024\/12\/avatar_user_8_1733658137-96x96.jpeg\",\"contentUrl\":\"https:\/\/portalnpm.com\/wp-content\/uploads\/2024\/12\/avatar_user_8_1733658137-96x96.jpeg\",\"caption\":\"Zenilton Lima\"},\"url\":\"https:\/\/portalnpm.com\/index.php\/author\/zenilton\/\"}]}<\/script>\n<!-- \/ Yoast SEO plugin. -->","yoast_head_json":{"title":"12\u00ba dia de ataques no Cear\u00e1: Criminosos usam explosivo em ponte e incendeiam carros - Portal NPM","robots":{"index":"index","follow":"follow","max-snippet":"max-snippet:-1","max-image-preview":"max-image-preview:large","max-video-preview":"max-video-preview:-1"},"canonical":"https:\/\/portalnpm.com\/index.php\/2019\/01\/13\/12o-dia-de-ataques-no-ceara-criminosos-usam-explosivo-em-ponte-e-incendeiam-carros\/","og_locale":"pt_BR","og_type":"article","og_title":"12\u00ba dia de ataques no Cear\u00e1: Criminosos usam explosivo em ponte e incendeiam carros - Portal NPM","og_description":"Membros de fac\u00e7\u00f5es criminosas voltaram a cometer ataques no Cear\u00e1 na madrugada deste domingo (13). Uma ponte na BR-116, que passa sobre o Rio Chor\u00f3, no munic\u00edpio de Chorozinho, na Regi\u00e3o Metropolitana de Fortaleza, foi atacada com explosivos e o local foi interditado. Ainda n\u00e3o h\u00e1 informa\u00e7\u00e3o sobre a dimens\u00e3o do dano, segundo a PRF. &hellip;","og_url":"https:\/\/portalnpm.com\/index.php\/2019\/01\/13\/12o-dia-de-ataques-no-ceara-criminosos-usam-explosivo-em-ponte-e-incendeiam-carros\/","og_site_name":"Portal NPM","article_published_time":"2019-01-13T15:31:23+00:00","author":"Zenilton Lima","twitter_card":"summary_large_image","twitter_misc":{"Escrito por":"Zenilton Lima","Est. tempo de leitura":"6 minutos"},"schema":{"@context":"https:\/\/schema.org","@graph":[{"@type":"WebPage","@id":"https:\/\/portalnpm.com\/index.php\/2019\/01\/13\/12o-dia-de-ataques-no-ceara-criminosos-usam-explosivo-em-ponte-e-incendeiam-carros\/","url":"https:\/\/portalnpm.com\/index.php\/2019\/01\/13\/12o-dia-de-ataques-no-ceara-criminosos-usam-explosivo-em-ponte-e-incendeiam-carros\/","name":"12\u00ba dia de ataques no Cear\u00e1: Criminosos usam explosivo em ponte e incendeiam carros - Portal NPM","isPartOf":{"@id":"https:\/\/portalnpm.com\/#website"},"primaryImageOfPage":{"@id":"https:\/\/portalnpm.com\/index.php\/2019\/01\/13\/12o-dia-de-ataques-no-ceara-criminosos-usam-explosivo-em-ponte-e-incendeiam-carros\/#primaryimage"},"image":{"@id":"https:\/\/portalnpm.com\/index.php\/2019\/01\/13\/12o-dia-de-ataques-no-ceara-criminosos-usam-explosivo-em-ponte-e-incendeiam-carros\/#primaryimage"},"thumbnailUrl":"","datePublished":"2019-01-13T15:31:23+00:00","dateModified":"2019-01-13T15:31:23+00:00","author":{"@id":"https:\/\/portalnpm.com\/#\/schema\/person\/35cb55186eae3f074b6783da6d35591e"},"breadcrumb":{"@id":"https:\/\/portalnpm.com\/index.php\/2019\/01\/13\/12o-dia-de-ataques-no-ceara-criminosos-usam-explosivo-em-ponte-e-incendeiam-carros\/#breadcrumb"},"inLanguage":"pt-BR","potentialAction":[{"@type":"ReadAction","target":["https:\/\/portalnpm.com\/index.php\/2019\/01\/13\/12o-dia-de-ataques-no-ceara-criminosos-usam-explosivo-em-ponte-e-incendeiam-carros\/"]}]},{"@type":"ImageObject","inLanguage":"pt-BR","@id":"https:\/\/portalnpm.com\/index.php\/2019\/01\/13\/12o-dia-de-ataques-no-ceara-criminosos-usam-explosivo-em-ponte-e-incendeiam-carros\/#primaryimage","url":"","contentUrl":""},{"@type":"BreadcrumbList","@id":"https:\/\/portalnpm.com\/index.php\/2019\/01\/13\/12o-dia-de-ataques-no-ceara-criminosos-usam-explosivo-em-ponte-e-incendeiam-carros\/#breadcrumb","itemListElement":[{"@type":"ListItem","position":1,"name":"In\u00edcio","item":"https:\/\/portalnpm.com\/"},{"@type":"ListItem","position":2,"name":"12\u00ba dia de ataques no Cear\u00e1: Criminosos usam explosivo em ponte e incendeiam carros"}]},{"@type":"WebSite","@id":"https:\/\/portalnpm.com\/#website","url":"https:\/\/portalnpm.com\/","name":"Portal NPM","description":"Not\u00edcias em Primeira M\u00e3o","potentialAction":[{"@type":"SearchAction","target":{"@type":"EntryPoint","urlTemplate":"https:\/\/portalnpm.com\/?s={search_term_string}"},"query-input":"required name=search_term_string"}],"inLanguage":"pt-BR"},{"@type":"Person","@id":"https:\/\/portalnpm.com\/#\/schema\/person\/35cb55186eae3f074b6783da6d35591e","name":"Zenilton Lima","image":{"@type":"ImageObject","inLanguage":"pt-BR","@id":"https:\/\/portalnpm.com\/#\/schema\/person\/image\/","url":"https:\/\/portalnpm.com\/wp-content\/uploads\/2024\/12\/avatar_user_8_1733658137-96x96.jpeg","contentUrl":"https:\/\/portalnpm.com\/wp-content\/uploads\/2024\/12\/avatar_user_8_1733658137-96x96.jpeg","caption":"Zenilton Lima"},"url":"https:\/\/portalnpm.com\/index.php\/author\/zenilton\/"}]}},"jetpack_sharing_enabled":true,"jetpack_featured_media_url":"","_links":{"self":[{"href":"https:\/\/portalnpm.com\/index.php\/wp-json\/wp\/v2\/posts\/4825"}],"collection":[{"href":"https:\/\/portalnpm.com\/index.php\/wp-json\/wp\/v2\/posts"}],"about":[{"href":"https:\/\/portalnpm.com\/index.php\/wp-json\/wp\/v2\/types\/post"}],"author":[{"embeddable":true,"href":"https:\/\/portalnpm.com\/index.php\/wp-json\/wp\/v2\/users\/8"}],"replies":[{"embeddable":true,"href":"https:\/\/portalnpm.com\/index.php\/wp-json\/wp\/v2\/comments?post=4825"}],"version-history":[{"count":0,"href":"https:\/\/portalnpm.com\/index.php\/wp-json\/wp\/v2\/posts\/4825\/revisions"}],"wp:featuredmedia":[{"embeddable":true,"href":"https:\/\/portalnpm.com\/index.php\/wp-json\/"}],"wp:attachment":[{"href":"https:\/\/portalnpm.com\/index.php\/wp-json\/wp\/v2\/media?parent=4825"}],"wp:term":[{"taxonomy":"category","embeddable":true,"href":"https:\/\/portalnpm.com\/index.php\/wp-json\/wp\/v2\/categories?post=4825"},{"taxonomy":"post_tag","embeddable":true,"href":"https:\/\/portalnpm.com\/index.php\/wp-json\/wp\/v2\/tags?post=4825"}],"curies":[{"name":"wp","href":"https:\/\/api.w.org\/{rel}","templated":true}]}}