{"id":48432,"date":"2023-08-12T18:53:47","date_gmt":"2023-08-12T21:53:47","guid":{"rendered":"https:\/\/portalnpm.com\/?p=48432"},"modified":"2023-08-12T18:53:47","modified_gmt":"2023-08-12T21:53:47","slug":"divida-de-r300-milhoes-grande-fabrica-tem-falencia-decretada-e-vai-afetar-trabalhadores","status":"publish","type":"post","link":"https:\/\/portalnpm.com\/index.php\/2023\/08\/12\/divida-de-r300-milhoes-grande-fabrica-tem-falencia-decretada-e-vai-afetar-trabalhadores\/","title":{"rendered":"D\u00cdVIDA DE R$300 MILH\u00d5ES: grande f\u00e1brica tem fal\u00eancia decretada e vai afetar trabalhadores"},"content":{"rendered":"<nav class=\"bf-breadcrumb clearfix bc-top-style\" role=\"navigation\" aria-label=\"Breadcrumbs\"><\/nav>\n<div class=\"content-wrap\"><main id=\"content\" class=\"content-container\"><\/p>\n<div class=\"container layout-2-col layout-2-col-1 layout-right-sidebar layout-bc-before post-template-1\">\n<div class=\"row main-section\">\n<div class=\"col-sm-8 content-column\">\n<div class=\"single-container\">\n<article id=\"post-705982\" class=\"post-705982 post type-post status-publish format-standard has-post-thumbnail  category-atualidades tag-falencia-da-mais-sabor tag-fechamento-da-fabrica tag-gestao-financeira single-post-content \">\n<div class=\"entry-content clearfix single-post-content\">\n<div class=\"code-block code-block-audima--inicio-post\" style=\"text-align: justify;\">\n<div id=\"audimaWidget\" class=\"checked\"><\/div>\n<\/div>\n<p style=\"text-align: justify;\">No dia 7 de agosto de 2023, a empresa cearense Mais Sabor Ind\u00fastria e Com\u00e9rcio de Refrigerantes Eireli, conhecida como Refrigerantes Mais Sabor, recebeu um golpe devastador para suas opera\u00e7\u00f5es. Com uma d\u00edvida acumulada de R$ 300 milh\u00f5es, a Justi\u00e7a do Cear\u00e1 decretou a fal\u00eancia da empresa. Desse modo, ordenou o fechamento de sua f\u00e1brica, localizada na Vila Uni\u00e3o.<\/p>\n<h3 style=\"text-align: justify;\"><strong>Entenda o fechamento da f\u00e1brica e a decreta\u00e7\u00e3o de fal\u00eancia da Mais Sabor<\/strong><\/h3>\n<p style=\"text-align: justify;\">A decis\u00e3o foi proferida pelo juiz Cl\u00e1udio de Paula Pessoa. Assim, em resposta a um pedido de um dos credores da empresa, a Meplast Distribuidora de Produtos Pl\u00e1sticos Ltda. Em suma, o caso envolveu um acordo anterior entre a Mais Sabor e a Metaplast. Contudo, o tribunal determinou a revoga\u00e7\u00e3o do acordo e o restabelecimento do processo de fal\u00eancia.<\/p>\n<div class=\"code-block code-block-adsense-bloco-2--paragrafo-3\" style=\"text-align: justify;\"><\/div>\n<h4 style=\"text-align: justify;\"><strong>Os detalhes da decis\u00e3o judicial<\/strong><\/h4>\n<p style=\"text-align: justify;\">A determina\u00e7\u00e3o do juiz Cl\u00e1udio de Paula Pessoa decretando a fal\u00eancia da Mais Sabor Ind\u00fastria e Com\u00e9rcio de Refrigerantes Eireli, tamb\u00e9m conhecida como Refrigerantes Mais Sabor, ecoou fortemente no cen\u00e1rio empresarial.<\/p>\n<p style=\"text-align: justify;\">Desse modo, a senten\u00e7a foi emitida em resposta a um pedido da Meplast Distribuidora de Produtos Pl\u00e1sticos Ltda, um dos credores da empresa. A Meplast, buscando recuperar seus cr\u00e9ditos, recorreu \u00e0 Justi\u00e7a para garantir o pagamento das d\u00edvidas pendentes.<\/p>\n<div class=\"code-block code-block-9 code-block-video-ads-truvid\" style=\"text-align: justify;\">\n<div class=\"trv-player-container\">\n<div class=\"trv-wrapper\">\n<div id=\"br_video_player_ad1f70149249edd0d22a2c6711f4245420dcab71\" class=\"trvd_video_player\"><img decoding=\"async\" src=\"http:\/\/ads.stickyadstv.com\/auto-user-sync?_fw_gdpr=0&amp;_fw_gdpr_consent=\" \/><img decoding=\"async\" src=\"https:\/\/ads.stickyadstv.com\/user-matching?id=2545&amp;_fw_gdpr=0&amp;_fw_gdpr_consent=\" \/><\/div>\n<\/div>\n<\/div>\n<\/div>\n<h4 style=\"text-align: justify;\"><strong>Acordo desfeito e revoga\u00e7\u00e3o da decreta\u00e7\u00e3o de fal\u00eancia<\/strong><\/h4>\n<p style=\"text-align: justify;\">O caso tomou uma reviravolta quando veio \u00e0 tona um acordo que havia sido celebrado entre a Mais Sabor e a Metaplast, outro credor da empresa. Esse acordo, no entanto, desconsiderou certos precedentes legais. J\u00e1 que indicavam claramente que a revoga\u00e7\u00e3o da decreta\u00e7\u00e3o de fal\u00eancia s\u00f3 seria poss\u00edvel quando a empresa falida n\u00e3o estivesse insolvente.<\/p>\n<p style=\"text-align: justify;\">O juiz Cl\u00e1udio de Paula Pessoa destacou em sua senten\u00e7a que ele \u00e9 um defensor da preserva\u00e7\u00e3o das empresas e que a fal\u00eancia deve ser evitada quando h\u00e1 possibilidade de recupera\u00e7\u00e3o econ\u00f4mica e desenvolvimento\u00a0<a href=\"https:\/\/noticiasconcursos.com.br\/gestao-empresarial-oportunidades-no-empreendedorismo-atraves-da-tecnologia\/\"><strong>empresarial.<\/strong><\/a>\u00a0No entanto, diante das circunst\u00e2ncias e da incapacidade da Mais Sabor de cumprir suas obriga\u00e7\u00f5es financeiras, a fal\u00eancia foi declarada como a medida apropriada.<\/p>\n<h4 style=\"text-align: justify;\"><strong>Impacto financeiro e desfecho<\/strong><\/h4>\n<p style=\"text-align: justify;\">Com uma d\u00edvida acumulada de R$ 300 milh\u00f5es, a fal\u00eancia da Mais Sabor Ind\u00fastria e Com\u00e9rcio de Refrigerantes Eireli abalou n\u00e3o apenas a pr\u00f3pria empresa, mas tamb\u00e9m os credores envolvidos. Dessa forma, a parcela da d\u00edvida que diz respeito \u00e0 Metaplast \u00e9 de R$ 7,5 milh\u00f5es, um valor significativo que reflete a gravidade da situa\u00e7\u00e3o financeira da empresa.<\/p>\n<p style=\"text-align: justify;\">O desfecho dessa saga judicial ressalta a import\u00e2ncia de equilibrar a preserva\u00e7\u00e3o das empresas com a necessidade de lidar de maneira justa com os credores e a realidade econ\u00f4mica.<\/p>\n<figure id=\"attachment_705992\" class=\"wp-caption alignnone\" style=\"text-align: justify;\" aria-describedby=\"caption-attachment-705992\"><img fetchpriority=\"high\" decoding=\"async\" class=\"size-medium wp-image-705992 entered lazyloaded\" src=\"https:\/\/noticiasconcursos.com.br\/wp-content\/uploads\/2023\/08\/noticiasconcursos.com.br-divida-de-r300-milhoes-grande-fabrica-tem-falencia-decretada-e-vai-afetar-trabalhadores-maisabor-300x219.png\" sizes=\"(max-width: 300px) 100vw, 300px\" srcset=\"https:\/\/noticiasconcursos.com.br\/wp-content\/uploads\/2023\/08\/noticiasconcursos.com.br-divida-de-r300-milhoes-grande-fabrica-tem-falencia-decretada-e-vai-afetar-trabalhadores-maisabor-300x219.png 300w, https:\/\/noticiasconcursos.com.br\/wp-content\/uploads\/2023\/08\/noticiasconcursos.com.br-divida-de-r300-milhoes-grande-fabrica-tem-falencia-decretada-e-vai-afetar-trabalhadores-maisabor-768x560.png 768w, https:\/\/noticiasconcursos.com.br\/wp-content\/uploads\/2023\/08\/noticiasconcursos.com.br-divida-de-r300-milhoes-grande-fabrica-tem-falencia-decretada-e-vai-afetar-trabalhadores-maisabor-86x64.png 86w, https:\/\/noticiasconcursos.com.br\/wp-content\/uploads\/2023\/08\/noticiasconcursos.com.br-divida-de-r300-milhoes-grande-fabrica-tem-falencia-decretada-e-vai-afetar-trabalhadores-maisabor.png 1095w\" alt=\"Entenda o fechamento da f\u00e1brica e a decreta\u00e7\u00e3o de fal\u00eancia da Mais Sabor\" width=\"300\" height=\"219\" data-lazy-srcset=\"https:\/\/noticiasconcursos.com.br\/wp-content\/uploads\/2023\/08\/noticiasconcursos.com.br-divida-de-r300-milhoes-grande-fabrica-tem-falencia-decretada-e-vai-afetar-trabalhadores-maisabor-300x219.png 300w, https:\/\/noticiasconcursos.com.br\/wp-content\/uploads\/2023\/08\/noticiasconcursos.com.br-divida-de-r300-milhoes-grande-fabrica-tem-falencia-decretada-e-vai-afetar-trabalhadores-maisabor-768x560.png 768w, https:\/\/noticiasconcursos.com.br\/wp-content\/uploads\/2023\/08\/noticiasconcursos.com.br-divida-de-r300-milhoes-grande-fabrica-tem-falencia-decretada-e-vai-afetar-trabalhadores-maisabor-86x64.png 86w, https:\/\/noticiasconcursos.com.br\/wp-content\/uploads\/2023\/08\/noticiasconcursos.com.br-divida-de-r300-milhoes-grande-fabrica-tem-falencia-decretada-e-vai-afetar-trabalhadores-maisabor.png 1095w\" data-lazy-sizes=\"(max-width: 300px) 100vw, 300px\" data-lazy-src=\"https:\/\/noticiasconcursos.com.br\/wp-content\/uploads\/2023\/08\/noticiasconcursos.com.br-divida-de-r300-milhoes-grande-fabrica-tem-falencia-decretada-e-vai-afetar-trabalhadores-maisabor-300x219.png\" data-ll-status=\"loaded\" \/><figcaption id=\"caption-attachment-705992\" class=\"wp-caption-text\">Entenda o fechamento da f\u00e1brica e a decreta\u00e7\u00e3o de fal\u00eancia da Mais Sabor. Imagem: Reprodu\u00e7\u00e3o<\/figcaption><\/figure>\n<h4 style=\"text-align: justify;\"><strong>Uma decis\u00e3o impactante para o mercado<\/strong><\/h4>\n<p style=\"text-align: justify;\">A decis\u00e3o do juiz Cl\u00e1udio de Paula Pessoa, apoiada por precedentes legais, refor\u00e7a a ideia de que a fal\u00eancia pode ser uma medida necess\u00e1ria quando a viabilidade econ\u00f4mica e a capacidade de funcionamento satisfat\u00f3rio est\u00e3o comprometidas.<\/p>\n<p style=\"text-align: justify;\">Certamente, o caso da fal\u00eancia da Mais Sabor Ind\u00fastria e Com\u00e9rcio de Refrigerantes Eireli serve como um lembrete contundente. Considerando os desafios enfrentados pelas empresas quando suas d\u00edvidas se acumulam a ponto de comprometer sua opera\u00e7\u00e3o.<\/p>\n<p style=\"text-align: justify;\">Desse modo, a decis\u00e3o judicial de decretar a fal\u00eancia, apesar de ser uma medida dr\u00e1stica, foi baseada em s\u00f3lidos fundamentos legais. Bem como, na busca por um equil\u00edbrio entre a preserva\u00e7\u00e3o das empresas e a prote\u00e7\u00e3o dos interesses dos credores.<\/p>\n<p style=\"text-align: justify;\">No entanto, esse epis\u00f3dio destaca a import\u00e2ncia da\u00a0<a href=\"https:\/\/noticiasconcursos.com.br\/gestao-financeira-empresarial-parte-do-fluxo-holistico-na-era-digital\/\"><strong>gest\u00e3o financeira<\/strong><\/a>\u00a0prudente. Bem como, da ado\u00e7\u00e3o de estrat\u00e9gias que evitem o ac\u00famulo insustent\u00e1vel de d\u00edvidas. A fim de garantir a sa\u00fade financeira e a continuidade das opera\u00e7\u00f5es empresariais.<\/p>\n<p style=\"text-align: justify;\">De modo geral, diversos fatores impactam os resultados financeiros de uma empresa. Por isso, a decreta\u00e7\u00e3o de fal\u00eancia \u00e9 resultado de uma administra\u00e7\u00e3o com falhas, al\u00e9m de\u00a0<a href=\"https:\/\/noticiasconcursos.com.br\/investimentos-acompanhe-a-economia-o-mercado-e-planeje-o-seu-processo\/\"><strong>investimentos<\/strong>\u00a0<\/a>que n\u00e3o retornaram efetivamente.<\/p>\n<p style=\"text-align: justify;\">Fonte: Not\u00edcias Concursos<\/p>\n<\/div>\n<\/article>\n<\/div>\n<\/div>\n<\/div>\n<\/div>\n<p><\/main><\/div>\n","protected":false},"excerpt":{"rendered":"<p>No dia 7 de agosto de 2023, a empresa cearense Mais Sabor Ind\u00fastria e Com\u00e9rcio de Refrigerantes Eireli, conhecida como Refrigerantes Mais Sabor, recebeu um golpe devastador para suas opera\u00e7\u00f5es. Com uma d\u00edvida acumulada de R$ 300 milh\u00f5es, a Justi\u00e7a do Cear\u00e1 decretou a fal\u00eancia da empresa. Desse modo, ordenou o fechamento de sua f\u00e1brica, &hellip;<\/p>\n","protected":false},"author":2,"featured_media":48433,"comment_status":"open","ping_status":"open","sticky":false,"template":"","format":"standard","meta":{"content-type":"","rop_custom_images_group":[],"rop_custom_messages_group":[],"rop_publish_now":"initial","rop_publish_now_accounts":{"facebook_2648258775420054_1618374048415101":""},"rop_publish_now_history":[],"rop_publish_now_status":"pending","footnotes":"","_jetpack_memberships_contains_paid_content":false},"categories":[414,118],"tags":[2872,2569],"yoast_head":"<!-- This site is optimized with the Yoast SEO plugin v22.3 - https:\/\/yoast.com\/wordpress\/plugins\/seo\/ -->\n<title>D\u00cdVIDA DE R$300 MILH\u00d5ES: grande f\u00e1brica tem fal\u00eancia decretada e vai afetar trabalhadores - Portal NPM<\/title>\n<meta name=\"robots\" content=\"index, follow, max-snippet:-1, max-image-preview:large, max-video-preview:-1\" \/>\n<link rel=\"canonical\" href=\"https:\/\/portalnpm.com\/index.php\/2023\/08\/12\/divida-de-r300-milhoes-grande-fabrica-tem-falencia-decretada-e-vai-afetar-trabalhadores\/\" \/>\n<meta property=\"og:locale\" content=\"pt_BR\" \/>\n<meta property=\"og:type\" content=\"article\" \/>\n<meta property=\"og:title\" content=\"D\u00cdVIDA DE R$300 MILH\u00d5ES: grande f\u00e1brica tem fal\u00eancia decretada e vai afetar trabalhadores - Portal NPM\" \/>\n<meta property=\"og:description\" content=\"No dia 7 de agosto de 2023, a empresa cearense Mais Sabor Ind\u00fastria e Com\u00e9rcio de Refrigerantes Eireli, conhecida como Refrigerantes Mais Sabor, recebeu um golpe devastador para suas opera\u00e7\u00f5es. Com uma d\u00edvida acumulada de R$ 300 milh\u00f5es, a Justi\u00e7a do Cear\u00e1 decretou a fal\u00eancia da empresa. Desse modo, ordenou o fechamento de sua f\u00e1brica, &hellip;\" \/>\n<meta property=\"og:url\" content=\"https:\/\/portalnpm.com\/index.php\/2023\/08\/12\/divida-de-r300-milhoes-grande-fabrica-tem-falencia-decretada-e-vai-afetar-trabalhadores\/\" \/>\n<meta property=\"og:site_name\" content=\"Portal NPM\" \/>\n<meta property=\"article:published_time\" content=\"2023-08-12T21:53:47+00:00\" \/>\n<meta name=\"author\" content=\"Genival Barbosa\" \/>\n<meta name=\"twitter:card\" content=\"summary_large_image\" \/>\n<meta name=\"twitter:label1\" content=\"Escrito por\" \/>\n\t<meta name=\"twitter:data1\" content=\"Genival Barbosa\" \/>\n\t<meta name=\"twitter:label2\" content=\"Est. tempo de leitura\" \/>\n\t<meta name=\"twitter:data2\" content=\"5 minutos\" \/>\n<script type=\"application\/ld+json\" class=\"yoast-schema-graph\">{\"@context\":\"https:\/\/schema.org\",\"@graph\":[{\"@type\":\"WebPage\",\"@id\":\"https:\/\/portalnpm.com\/index.php\/2023\/08\/12\/divida-de-r300-milhoes-grande-fabrica-tem-falencia-decretada-e-vai-afetar-trabalhadores\/\",\"url\":\"https:\/\/portalnpm.com\/index.php\/2023\/08\/12\/divida-de-r300-milhoes-grande-fabrica-tem-falencia-decretada-e-vai-afetar-trabalhadores\/\",\"name\":\"D\u00cdVIDA DE R$300 MILH\u00d5ES: grande f\u00e1brica tem fal\u00eancia decretada e vai afetar trabalhadores - Portal NPM\",\"isPartOf\":{\"@id\":\"https:\/\/portalnpm.com\/#website\"},\"primaryImageOfPage\":{\"@id\":\"https:\/\/portalnpm.com\/index.php\/2023\/08\/12\/divida-de-r300-milhoes-grande-fabrica-tem-falencia-decretada-e-vai-afetar-trabalhadores\/#primaryimage\"},\"image\":{\"@id\":\"https:\/\/portalnpm.com\/index.php\/2023\/08\/12\/divida-de-r300-milhoes-grande-fabrica-tem-falencia-decretada-e-vai-afetar-trabalhadores\/#primaryimage\"},\"thumbnailUrl\":\"\",\"datePublished\":\"2023-08-12T21:53:47+00:00\",\"dateModified\":\"2023-08-12T21:53:47+00:00\",\"author\":{\"@id\":\"https:\/\/portalnpm.com\/#\/schema\/person\/49313e563cfdefcc167f1ee4c017c294\"},\"breadcrumb\":{\"@id\":\"https:\/\/portalnpm.com\/index.php\/2023\/08\/12\/divida-de-r300-milhoes-grande-fabrica-tem-falencia-decretada-e-vai-afetar-trabalhadores\/#breadcrumb\"},\"inLanguage\":\"pt-BR\",\"potentialAction\":[{\"@type\":\"ReadAction\",\"target\":[\"https:\/\/portalnpm.com\/index.php\/2023\/08\/12\/divida-de-r300-milhoes-grande-fabrica-tem-falencia-decretada-e-vai-afetar-trabalhadores\/\"]}]},{\"@type\":\"ImageObject\",\"inLanguage\":\"pt-BR\",\"@id\":\"https:\/\/portalnpm.com\/index.php\/2023\/08\/12\/divida-de-r300-milhoes-grande-fabrica-tem-falencia-decretada-e-vai-afetar-trabalhadores\/#primaryimage\",\"url\":\"\",\"contentUrl\":\"\"},{\"@type\":\"BreadcrumbList\",\"@id\":\"https:\/\/portalnpm.com\/index.php\/2023\/08\/12\/divida-de-r300-milhoes-grande-fabrica-tem-falencia-decretada-e-vai-afetar-trabalhadores\/#breadcrumb\",\"itemListElement\":[{\"@type\":\"ListItem\",\"position\":1,\"name\":\"In\u00edcio\",\"item\":\"https:\/\/portalnpm.com\/\"},{\"@type\":\"ListItem\",\"position\":2,\"name\":\"D\u00cdVIDA DE R$300 MILH\u00d5ES: grande f\u00e1brica tem fal\u00eancia decretada e vai afetar trabalhadores\"}]},{\"@type\":\"WebSite\",\"@id\":\"https:\/\/portalnpm.com\/#website\",\"url\":\"https:\/\/portalnpm.com\/\",\"name\":\"Portal NPM\",\"description\":\"Not\u00edcias em Primeira M\u00e3o\",\"potentialAction\":[{\"@type\":\"SearchAction\",\"target\":{\"@type\":\"EntryPoint\",\"urlTemplate\":\"https:\/\/portalnpm.com\/?s={search_term_string}\"},\"query-input\":\"required name=search_term_string\"}],\"inLanguage\":\"pt-BR\"},{\"@type\":\"Person\",\"@id\":\"https:\/\/portalnpm.com\/#\/schema\/person\/49313e563cfdefcc167f1ee4c017c294\",\"name\":\"Genival Barbosa\",\"image\":{\"@type\":\"ImageObject\",\"inLanguage\":\"pt-BR\",\"@id\":\"https:\/\/portalnpm.com\/#\/schema\/person\/image\/\",\"url\":\"https:\/\/portalnpm.com\/wp-content\/uploads\/2024\/02\/avatar_user_2_1707743258-96x96.jpeg\",\"contentUrl\":\"https:\/\/portalnpm.com\/wp-content\/uploads\/2024\/02\/avatar_user_2_1707743258-96x96.jpeg\",\"caption\":\"Genival Barbosa\"},\"url\":\"https:\/\/portalnpm.com\/index.php\/author\/genival\/\"}]}<\/script>\n<!-- \/ Yoast SEO plugin. -->","yoast_head_json":{"title":"D\u00cdVIDA DE R$300 MILH\u00d5ES: grande f\u00e1brica tem fal\u00eancia decretada e vai afetar trabalhadores - Portal NPM","robots":{"index":"index","follow":"follow","max-snippet":"max-snippet:-1","max-image-preview":"max-image-preview:large","max-video-preview":"max-video-preview:-1"},"canonical":"https:\/\/portalnpm.com\/index.php\/2023\/08\/12\/divida-de-r300-milhoes-grande-fabrica-tem-falencia-decretada-e-vai-afetar-trabalhadores\/","og_locale":"pt_BR","og_type":"article","og_title":"D\u00cdVIDA DE R$300 MILH\u00d5ES: grande f\u00e1brica tem fal\u00eancia decretada e vai afetar trabalhadores - Portal NPM","og_description":"No dia 7 de agosto de 2023, a empresa cearense Mais Sabor Ind\u00fastria e Com\u00e9rcio de Refrigerantes Eireli, conhecida como Refrigerantes Mais Sabor, recebeu um golpe devastador para suas opera\u00e7\u00f5es. Com uma d\u00edvida acumulada de R$ 300 milh\u00f5es, a Justi\u00e7a do Cear\u00e1 decretou a fal\u00eancia da empresa. Desse modo, ordenou o fechamento de sua f\u00e1brica, &hellip;","og_url":"https:\/\/portalnpm.com\/index.php\/2023\/08\/12\/divida-de-r300-milhoes-grande-fabrica-tem-falencia-decretada-e-vai-afetar-trabalhadores\/","og_site_name":"Portal NPM","article_published_time":"2023-08-12T21:53:47+00:00","author":"Genival Barbosa","twitter_card":"summary_large_image","twitter_misc":{"Escrito por":"Genival Barbosa","Est. tempo de leitura":"5 minutos"},"schema":{"@context":"https:\/\/schema.org","@graph":[{"@type":"WebPage","@id":"https:\/\/portalnpm.com\/index.php\/2023\/08\/12\/divida-de-r300-milhoes-grande-fabrica-tem-falencia-decretada-e-vai-afetar-trabalhadores\/","url":"https:\/\/portalnpm.com\/index.php\/2023\/08\/12\/divida-de-r300-milhoes-grande-fabrica-tem-falencia-decretada-e-vai-afetar-trabalhadores\/","name":"D\u00cdVIDA DE R$300 MILH\u00d5ES: grande f\u00e1brica tem fal\u00eancia decretada e vai afetar trabalhadores - Portal NPM","isPartOf":{"@id":"https:\/\/portalnpm.com\/#website"},"primaryImageOfPage":{"@id":"https:\/\/portalnpm.com\/index.php\/2023\/08\/12\/divida-de-r300-milhoes-grande-fabrica-tem-falencia-decretada-e-vai-afetar-trabalhadores\/#primaryimage"},"image":{"@id":"https:\/\/portalnpm.com\/index.php\/2023\/08\/12\/divida-de-r300-milhoes-grande-fabrica-tem-falencia-decretada-e-vai-afetar-trabalhadores\/#primaryimage"},"thumbnailUrl":"","datePublished":"2023-08-12T21:53:47+00:00","dateModified":"2023-08-12T21:53:47+00:00","author":{"@id":"https:\/\/portalnpm.com\/#\/schema\/person\/49313e563cfdefcc167f1ee4c017c294"},"breadcrumb":{"@id":"https:\/\/portalnpm.com\/index.php\/2023\/08\/12\/divida-de-r300-milhoes-grande-fabrica-tem-falencia-decretada-e-vai-afetar-trabalhadores\/#breadcrumb"},"inLanguage":"pt-BR","potentialAction":[{"@type":"ReadAction","target":["https:\/\/portalnpm.com\/index.php\/2023\/08\/12\/divida-de-r300-milhoes-grande-fabrica-tem-falencia-decretada-e-vai-afetar-trabalhadores\/"]}]},{"@type":"ImageObject","inLanguage":"pt-BR","@id":"https:\/\/portalnpm.com\/index.php\/2023\/08\/12\/divida-de-r300-milhoes-grande-fabrica-tem-falencia-decretada-e-vai-afetar-trabalhadores\/#primaryimage","url":"","contentUrl":""},{"@type":"BreadcrumbList","@id":"https:\/\/portalnpm.com\/index.php\/2023\/08\/12\/divida-de-r300-milhoes-grande-fabrica-tem-falencia-decretada-e-vai-afetar-trabalhadores\/#breadcrumb","itemListElement":[{"@type":"ListItem","position":1,"name":"In\u00edcio","item":"https:\/\/portalnpm.com\/"},{"@type":"ListItem","position":2,"name":"D\u00cdVIDA DE R$300 MILH\u00d5ES: grande f\u00e1brica tem fal\u00eancia decretada e vai afetar trabalhadores"}]},{"@type":"WebSite","@id":"https:\/\/portalnpm.com\/#website","url":"https:\/\/portalnpm.com\/","name":"Portal NPM","description":"Not\u00edcias em Primeira M\u00e3o","potentialAction":[{"@type":"SearchAction","target":{"@type":"EntryPoint","urlTemplate":"https:\/\/portalnpm.com\/?s={search_term_string}"},"query-input":"required name=search_term_string"}],"inLanguage":"pt-BR"},{"@type":"Person","@id":"https:\/\/portalnpm.com\/#\/schema\/person\/49313e563cfdefcc167f1ee4c017c294","name":"Genival Barbosa","image":{"@type":"ImageObject","inLanguage":"pt-BR","@id":"https:\/\/portalnpm.com\/#\/schema\/person\/image\/","url":"https:\/\/portalnpm.com\/wp-content\/uploads\/2024\/02\/avatar_user_2_1707743258-96x96.jpeg","contentUrl":"https:\/\/portalnpm.com\/wp-content\/uploads\/2024\/02\/avatar_user_2_1707743258-96x96.jpeg","caption":"Genival Barbosa"},"url":"https:\/\/portalnpm.com\/index.php\/author\/genival\/"}]}},"jetpack_sharing_enabled":true,"jetpack_featured_media_url":"","_links":{"self":[{"href":"https:\/\/portalnpm.com\/index.php\/wp-json\/wp\/v2\/posts\/48432"}],"collection":[{"href":"https:\/\/portalnpm.com\/index.php\/wp-json\/wp\/v2\/posts"}],"about":[{"href":"https:\/\/portalnpm.com\/index.php\/wp-json\/wp\/v2\/types\/post"}],"author":[{"embeddable":true,"href":"https:\/\/portalnpm.com\/index.php\/wp-json\/wp\/v2\/users\/2"}],"replies":[{"embeddable":true,"href":"https:\/\/portalnpm.com\/index.php\/wp-json\/wp\/v2\/comments?post=48432"}],"version-history":[{"count":0,"href":"https:\/\/portalnpm.com\/index.php\/wp-json\/wp\/v2\/posts\/48432\/revisions"}],"wp:featuredmedia":[{"embeddable":true,"href":"https:\/\/portalnpm.com\/index.php\/wp-json\/"}],"wp:attachment":[{"href":"https:\/\/portalnpm.com\/index.php\/wp-json\/wp\/v2\/media?parent=48432"}],"wp:term":[{"taxonomy":"category","embeddable":true,"href":"https:\/\/portalnpm.com\/index.php\/wp-json\/wp\/v2\/categories?post=48432"},{"taxonomy":"post_tag","embeddable":true,"href":"https:\/\/portalnpm.com\/index.php\/wp-json\/wp\/v2\/tags?post=48432"}],"curies":[{"name":"wp","href":"https:\/\/api.w.org\/{rel}","templated":true}]}}