{"id":48487,"date":"2023-08-13T20:43:32","date_gmt":"2023-08-13T23:43:32","guid":{"rendered":"https:\/\/portalnpm.com\/?p=48487"},"modified":"2023-08-13T20:43:32","modified_gmt":"2023-08-13T23:43:32","slug":"em-jogo-bastante-movimentado-belem-e-jaicos-ficam-no-empate-na-ii-copa-amvi","status":"publish","type":"post","link":"https:\/\/portalnpm.com\/index.php\/2023\/08\/13\/em-jogo-bastante-movimentado-belem-e-jaicos-ficam-no-empate-na-ii-copa-amvi\/","title":{"rendered":"Em jogo bastante movimentado Bel\u00e9m e Jaic\u00f3s ficam no empate na II Copa AMVI"},"content":{"rendered":"<div class=\"td-header-template-wrap\">\n<div class=\"td-header-desktop-wrap\">\n<div id=\"tdi_20\" class=\"tdc-zone\">\n<div class=\"tdc_zone tdi_21  wpb_row td-pb-row tdc-element-style\">\n<div id=\"tdi_22\" class=\"tdc-row stretch_row_1400 td-stretch-content\">\n<div class=\"vc_row tdi_23  wpb_row td-pb-row tdc-element-style\">\n<div class=\"tdi_22_rand_style td-element-style\">\n<div class=\"td-element-style-before\" style=\"text-align: justify;\"><\/div>\n<\/div>\n<\/div>\n<\/div>\n<\/div>\n<\/div>\n<\/div>\n<\/div>\n<div id=\"tdb-autoload-article\" data-autoload=\"off\" data-autoload-org-post-id=\"419630\" data-autoload-type=\"\" data-autoload-count=\"5\">\n<div class=\"td-main-content-wrap td-container-wrap\">\n<div class=\"tdc-content-wrap\">\n<article id=\"template-id-226975\" class=\"post-226975 tdb_templates type-tdb_templates status-publish post\">\n<div id=\"tdi_58\" class=\"tdc-zone\">\n<div class=\"tdc_zone tdi_59  wpb_row td-pb-row\">\n<div id=\"tdi_109\" class=\"tdc-row\">\n<div class=\"vc_row tdi_110  wpb_row td-pb-row\">\n<div class=\"vc_column tdi_112  wpb_column vc_column_container tdc-column td-pb-span8\">\n<div class=\"wpb_wrapper\">\n<div class=\"td_block_wrap tdb_single_content tdi_115 td-pb-border-top td_block_template_1 td-post-content tagdiv-type\" data-td-block-uid=\"tdi_115\">\n<div class=\"tdb-block-inner td-fix-index\" style=\"text-align: justify;\">\n<div class=\"td-a-ad id_top_ad \"><\/div>\n<p>O final de semana foi bastante movimentado na II Copa AMVI de Futebol Amador, que est\u00e1 agitando as cidades do Territ\u00f3rio Vale do Itaim. Neste s\u00e1bado, 12 de agosto, o Est\u00e1dio Municipal Malhad\u00e3o, em Bel\u00e9m do Piau\u00ed, foi palco de um emocionante confronto.<\/p>\n<p>A sele\u00e7\u00e3o da casa recebeu a sele\u00e7\u00e3o de Jaic\u00f3s em uma partida que marcou o segundo encontro entre ambas as equipes, ambas integrantes do Grupo B da competi\u00e7\u00e3o.<\/p>\n<p>&nbsp;<\/p>\n<div id=\"gallery-1\" class=\"gallery galleryid-419630 gallery-columns-2 gallery-size-medium\">\n<figure class=\"gallery-item\">\n<div class=\"gallery-icon landscape\"><a href=\"https:\/\/infonewss.com\/wp-content\/uploads\/2023\/08\/Em-Jogo-Bastante-Movimentado-Belem-e-Jaicos-Ficam-no-Empate-na-II-Copa-AMV-IMG_9693.jpg\"><img fetchpriority=\"high\" decoding=\"async\" class=\"attachment-medium size-medium lazyloaded\" src=\"https:\/\/infonewss.com\/wp-content\/uploads\/2023\/08\/Em-Jogo-Bastante-Movimentado-Belem-e-Jaicos-Ficam-no-Empate-na-II-Copa-AMV-IMG_9693-300x200.jpg\" sizes=\"(max-width: 300px) 100vw, 300px\" srcset=\"https:\/\/infonewss.com\/wp-content\/uploads\/2023\/08\/Em-Jogo-Bastante-Movimentado-Belem-e-Jaicos-Ficam-no-Empate-na-II-Copa-AMV-IMG_9693-300x200.jpg 300w, https:\/\/infonewss.com\/wp-content\/uploads\/2023\/08\/Em-Jogo-Bastante-Movimentado-Belem-e-Jaicos-Ficam-no-Empate-na-II-Copa-AMV-IMG_9693-768x512.jpg 768w, https:\/\/infonewss.com\/wp-content\/uploads\/2023\/08\/Em-Jogo-Bastante-Movimentado-Belem-e-Jaicos-Ficam-no-Empate-na-II-Copa-AMV-IMG_9693-150x100.jpg 150w, https:\/\/infonewss.com\/wp-content\/uploads\/2023\/08\/Em-Jogo-Bastante-Movimentado-Belem-e-Jaicos-Ficam-no-Empate-na-II-Copa-AMV-IMG_9693-696x464.jpg 696w, https:\/\/infonewss.com\/wp-content\/uploads\/2023\/08\/Em-Jogo-Bastante-Movimentado-Belem-e-Jaicos-Ficam-no-Empate-na-II-Copa-AMV-IMG_9693.jpg 900w\" alt=\"\" width=\"300\" height=\"200\" data-srcset=\"https:\/\/infonewss.com\/wp-content\/uploads\/2023\/08\/Em-Jogo-Bastante-Movimentado-Belem-e-Jaicos-Ficam-no-Empate-na-II-Copa-AMV-IMG_9693-300x200.jpg 300w, https:\/\/infonewss.com\/wp-content\/uploads\/2023\/08\/Em-Jogo-Bastante-Movimentado-Belem-e-Jaicos-Ficam-no-Empate-na-II-Copa-AMV-IMG_9693-768x512.jpg 768w, https:\/\/infonewss.com\/wp-content\/uploads\/2023\/08\/Em-Jogo-Bastante-Movimentado-Belem-e-Jaicos-Ficam-no-Empate-na-II-Copa-AMV-IMG_9693-150x100.jpg 150w, https:\/\/infonewss.com\/wp-content\/uploads\/2023\/08\/Em-Jogo-Bastante-Movimentado-Belem-e-Jaicos-Ficam-no-Empate-na-II-Copa-AMV-IMG_9693-696x464.jpg 696w, https:\/\/infonewss.com\/wp-content\/uploads\/2023\/08\/Em-Jogo-Bastante-Movimentado-Belem-e-Jaicos-Ficam-no-Empate-na-II-Copa-AMV-IMG_9693.jpg 900w\" data-src=\"https:\/\/infonewss.com\/wp-content\/uploads\/2023\/08\/Em-Jogo-Bastante-Movimentado-Belem-e-Jaicos-Ficam-no-Empate-na-II-Copa-AMV-IMG_9693-300x200.jpg\" data-sizes=\"(max-width: 300px) 100vw, 300px\" \/><\/a><\/div>\n<\/figure>\n<figure class=\"gallery-item\">\n<div class=\"gallery-icon landscape\"><a href=\"https:\/\/infonewss.com\/wp-content\/uploads\/2023\/08\/Em-Jogo-Bastante-Movimentado-Belem-e-Jaicos-Ficam-no-Empate-na-II-Copa-AMV-IMG_9611.jpg\"><img decoding=\"async\" class=\"attachment-medium size-medium lazyloaded\" src=\"https:\/\/infonewss.com\/wp-content\/uploads\/2023\/08\/Em-Jogo-Bastante-Movimentado-Belem-e-Jaicos-Ficam-no-Empate-na-II-Copa-AMV-IMG_9611-300x200.jpg\" sizes=\"(max-width: 300px) 100vw, 300px\" srcset=\"https:\/\/infonewss.com\/wp-content\/uploads\/2023\/08\/Em-Jogo-Bastante-Movimentado-Belem-e-Jaicos-Ficam-no-Empate-na-II-Copa-AMV-IMG_9611-300x200.jpg 300w, https:\/\/infonewss.com\/wp-content\/uploads\/2023\/08\/Em-Jogo-Bastante-Movimentado-Belem-e-Jaicos-Ficam-no-Empate-na-II-Copa-AMV-IMG_9611-768x512.jpg 768w, https:\/\/infonewss.com\/wp-content\/uploads\/2023\/08\/Em-Jogo-Bastante-Movimentado-Belem-e-Jaicos-Ficam-no-Empate-na-II-Copa-AMV-IMG_9611-150x100.jpg 150w, https:\/\/infonewss.com\/wp-content\/uploads\/2023\/08\/Em-Jogo-Bastante-Movimentado-Belem-e-Jaicos-Ficam-no-Empate-na-II-Copa-AMV-IMG_9611-696x464.jpg 696w, https:\/\/infonewss.com\/wp-content\/uploads\/2023\/08\/Em-Jogo-Bastante-Movimentado-Belem-e-Jaicos-Ficam-no-Empate-na-II-Copa-AMV-IMG_9611.jpg 900w\" alt=\"\" width=\"300\" height=\"200\" data-srcset=\"https:\/\/infonewss.com\/wp-content\/uploads\/2023\/08\/Em-Jogo-Bastante-Movimentado-Belem-e-Jaicos-Ficam-no-Empate-na-II-Copa-AMV-IMG_9611-300x200.jpg 300w, https:\/\/infonewss.com\/wp-content\/uploads\/2023\/08\/Em-Jogo-Bastante-Movimentado-Belem-e-Jaicos-Ficam-no-Empate-na-II-Copa-AMV-IMG_9611-768x512.jpg 768w, https:\/\/infonewss.com\/wp-content\/uploads\/2023\/08\/Em-Jogo-Bastante-Movimentado-Belem-e-Jaicos-Ficam-no-Empate-na-II-Copa-AMV-IMG_9611-150x100.jpg 150w, https:\/\/infonewss.com\/wp-content\/uploads\/2023\/08\/Em-Jogo-Bastante-Movimentado-Belem-e-Jaicos-Ficam-no-Empate-na-II-Copa-AMV-IMG_9611-696x464.jpg 696w, https:\/\/infonewss.com\/wp-content\/uploads\/2023\/08\/Em-Jogo-Bastante-Movimentado-Belem-e-Jaicos-Ficam-no-Empate-na-II-Copa-AMV-IMG_9611.jpg 900w\" data-src=\"https:\/\/infonewss.com\/wp-content\/uploads\/2023\/08\/Em-Jogo-Bastante-Movimentado-Belem-e-Jaicos-Ficam-no-Empate-na-II-Copa-AMV-IMG_9611-300x200.jpg\" data-sizes=\"(max-width: 300px) 100vw, 300px\" \/><\/a><\/div>\n<\/figure>\n<\/div>\n<p>Ap\u00f3s empates na primeira rodada, com Bel\u00e9m tendo empatado contra Massap\u00ea e Jaic\u00f3s contra Padre Marcos, as duas equipes entraram em campo em busca da vit\u00f3ria para somar pontos preciosos na competi\u00e7\u00e3o.<\/p>\n<p><img decoding=\"async\" class=\"alignnone wp-image-419866 size-full lazyloaded\" src=\"https:\/\/infonewss.com\/wp-content\/uploads\/2023\/08\/Em-Jogo-Bastante-Movimentado-Belem-e-Jaicos-Ficam-no-Empate-na-II-Copa-AMV-IMG_9769.jpg\" sizes=\"(max-width: 900px) 100vw, 900px\" srcset=\"https:\/\/infonewss.com\/wp-content\/uploads\/2023\/08\/Em-Jogo-Bastante-Movimentado-Belem-e-Jaicos-Ficam-no-Empate-na-II-Copa-AMV-IMG_9769.jpg 900w, https:\/\/infonewss.com\/wp-content\/uploads\/2023\/08\/Em-Jogo-Bastante-Movimentado-Belem-e-Jaicos-Ficam-no-Empate-na-II-Copa-AMV-IMG_9769-300x200.jpg 300w, https:\/\/infonewss.com\/wp-content\/uploads\/2023\/08\/Em-Jogo-Bastante-Movimentado-Belem-e-Jaicos-Ficam-no-Empate-na-II-Copa-AMV-IMG_9769-768x512.jpg 768w, https:\/\/infonewss.com\/wp-content\/uploads\/2023\/08\/Em-Jogo-Bastante-Movimentado-Belem-e-Jaicos-Ficam-no-Empate-na-II-Copa-AMV-IMG_9769-150x100.jpg 150w, https:\/\/infonewss.com\/wp-content\/uploads\/2023\/08\/Em-Jogo-Bastante-Movimentado-Belem-e-Jaicos-Ficam-no-Empate-na-II-Copa-AMV-IMG_9769-696x464.jpg 696w\" alt=\"\" width=\"900\" height=\"600\" data-srcset=\"https:\/\/infonewss.com\/wp-content\/uploads\/2023\/08\/Em-Jogo-Bastante-Movimentado-Belem-e-Jaicos-Ficam-no-Empate-na-II-Copa-AMV-IMG_9769.jpg 900w, https:\/\/infonewss.com\/wp-content\/uploads\/2023\/08\/Em-Jogo-Bastante-Movimentado-Belem-e-Jaicos-Ficam-no-Empate-na-II-Copa-AMV-IMG_9769-300x200.jpg 300w, https:\/\/infonewss.com\/wp-content\/uploads\/2023\/08\/Em-Jogo-Bastante-Movimentado-Belem-e-Jaicos-Ficam-no-Empate-na-II-Copa-AMV-IMG_9769-768x512.jpg 768w, https:\/\/infonewss.com\/wp-content\/uploads\/2023\/08\/Em-Jogo-Bastante-Movimentado-Belem-e-Jaicos-Ficam-no-Empate-na-II-Copa-AMV-IMG_9769-150x100.jpg 150w, https:\/\/infonewss.com\/wp-content\/uploads\/2023\/08\/Em-Jogo-Bastante-Movimentado-Belem-e-Jaicos-Ficam-no-Empate-na-II-Copa-AMV-IMG_9769-696x464.jpg 696w\" data-src=\"https:\/\/infonewss.com\/wp-content\/uploads\/2023\/08\/Em-Jogo-Bastante-Movimentado-Belem-e-Jaicos-Ficam-no-Empate-na-II-Copa-AMV-IMG_9769.jpg\" data-sizes=\"(max-width: 900px) 100vw, 900px\" \/><\/p>\n<p>Ao longo do jogo, a sele\u00e7\u00e3o de Bel\u00e9m mostrou superioridade, criando diversas oportunidades de gol, por\u00e9m, pecando na convers\u00e3o das chances. Logo no in\u00edcio da partida, o atacante Elber teve a chance de abrir o placar, mas desperdi\u00e7ou um p\u00eanalti.<\/p>\n<p><img loading=\"lazy\" decoding=\"async\" class=\"alignnone wp-image-419644 size-full lazyloaded\" src=\"https:\/\/infonewss.com\/wp-content\/uploads\/2023\/08\/Em-Jogo-Bastante-Movimentado-Belem-e-Jaicos-Ficam-no-Empate-na-II-Copa-AMV-DSC_0021.jpg\" sizes=\"(max-width: 900px) 100vw, 900px\" srcset=\"https:\/\/infonewss.com\/wp-content\/uploads\/2023\/08\/Em-Jogo-Bastante-Movimentado-Belem-e-Jaicos-Ficam-no-Empate-na-II-Copa-AMV-DSC_0021.jpg 900w, https:\/\/infonewss.com\/wp-content\/uploads\/2023\/08\/Em-Jogo-Bastante-Movimentado-Belem-e-Jaicos-Ficam-no-Empate-na-II-Copa-AMV-DSC_0021-300x200.jpg 300w, https:\/\/infonewss.com\/wp-content\/uploads\/2023\/08\/Em-Jogo-Bastante-Movimentado-Belem-e-Jaicos-Ficam-no-Empate-na-II-Copa-AMV-DSC_0021-768x512.jpg 768w, https:\/\/infonewss.com\/wp-content\/uploads\/2023\/08\/Em-Jogo-Bastante-Movimentado-Belem-e-Jaicos-Ficam-no-Empate-na-II-Copa-AMV-DSC_0021-150x100.jpg 150w, https:\/\/infonewss.com\/wp-content\/uploads\/2023\/08\/Em-Jogo-Bastante-Movimentado-Belem-e-Jaicos-Ficam-no-Empate-na-II-Copa-AMV-DSC_0021-696x464.jpg 696w\" alt=\"\" width=\"900\" height=\"600\" data-srcset=\"https:\/\/infonewss.com\/wp-content\/uploads\/2023\/08\/Em-Jogo-Bastante-Movimentado-Belem-e-Jaicos-Ficam-no-Empate-na-II-Copa-AMV-DSC_0021.jpg 900w, https:\/\/infonewss.com\/wp-content\/uploads\/2023\/08\/Em-Jogo-Bastante-Movimentado-Belem-e-Jaicos-Ficam-no-Empate-na-II-Copa-AMV-DSC_0021-300x200.jpg 300w, https:\/\/infonewss.com\/wp-content\/uploads\/2023\/08\/Em-Jogo-Bastante-Movimentado-Belem-e-Jaicos-Ficam-no-Empate-na-II-Copa-AMV-DSC_0021-768x512.jpg 768w, https:\/\/infonewss.com\/wp-content\/uploads\/2023\/08\/Em-Jogo-Bastante-Movimentado-Belem-e-Jaicos-Ficam-no-Empate-na-II-Copa-AMV-DSC_0021-150x100.jpg 150w, https:\/\/infonewss.com\/wp-content\/uploads\/2023\/08\/Em-Jogo-Bastante-Movimentado-Belem-e-Jaicos-Ficam-no-Empate-na-II-Copa-AMV-DSC_0021-696x464.jpg 696w\" data-src=\"https:\/\/infonewss.com\/wp-content\/uploads\/2023\/08\/Em-Jogo-Bastante-Movimentado-Belem-e-Jaicos-Ficam-no-Empate-na-II-Copa-AMV-DSC_0021.jpg\" data-sizes=\"(max-width: 900px) 100vw, 900px\" \/><\/p>\n<p>Jaic\u00f3s, por sua vez, demonstrou efici\u00eancia ao marcar o primeiro gol do confronto, com Kailson balan\u00e7ando as redes advers\u00e1rias. A partida seguiu com ambas as equipes buscando o gol, por\u00e9m, a sele\u00e7\u00e3o de Bel\u00e9m mantendo o controle da partida enquanto Jaic\u00f3s optava por estrat\u00e9gicos contra-ataques. O placar apertado se manteve inalterado at\u00e9 o final do tempo regulamentar.<\/p>\n<p><img loading=\"lazy\" decoding=\"async\" class=\"alignnone wp-image-419894 size-full lazyloaded\" src=\"https:\/\/infonewss.com\/wp-content\/uploads\/2023\/08\/Em-Jogo-Bastante-Movimentado-Belem-e-Jaicos-Ficam-no-Empate-na-II-Copa-AMV-IMG_9822.jpg\" sizes=\"(max-width: 900px) 100vw, 900px\" srcset=\"https:\/\/infonewss.com\/wp-content\/uploads\/2023\/08\/Em-Jogo-Bastante-Movimentado-Belem-e-Jaicos-Ficam-no-Empate-na-II-Copa-AMV-IMG_9822.jpg 900w, https:\/\/infonewss.com\/wp-content\/uploads\/2023\/08\/Em-Jogo-Bastante-Movimentado-Belem-e-Jaicos-Ficam-no-Empate-na-II-Copa-AMV-IMG_9822-300x200.jpg 300w, https:\/\/infonewss.com\/wp-content\/uploads\/2023\/08\/Em-Jogo-Bastante-Movimentado-Belem-e-Jaicos-Ficam-no-Empate-na-II-Copa-AMV-IMG_9822-768x512.jpg 768w, https:\/\/infonewss.com\/wp-content\/uploads\/2023\/08\/Em-Jogo-Bastante-Movimentado-Belem-e-Jaicos-Ficam-no-Empate-na-II-Copa-AMV-IMG_9822-150x100.jpg 150w, https:\/\/infonewss.com\/wp-content\/uploads\/2023\/08\/Em-Jogo-Bastante-Movimentado-Belem-e-Jaicos-Ficam-no-Empate-na-II-Copa-AMV-IMG_9822-696x464.jpg 696w\" alt=\"\" width=\"900\" height=\"600\" data-srcset=\"https:\/\/infonewss.com\/wp-content\/uploads\/2023\/08\/Em-Jogo-Bastante-Movimentado-Belem-e-Jaicos-Ficam-no-Empate-na-II-Copa-AMV-IMG_9822.jpg 900w, https:\/\/infonewss.com\/wp-content\/uploads\/2023\/08\/Em-Jogo-Bastante-Movimentado-Belem-e-Jaicos-Ficam-no-Empate-na-II-Copa-AMV-IMG_9822-300x200.jpg 300w, https:\/\/infonewss.com\/wp-content\/uploads\/2023\/08\/Em-Jogo-Bastante-Movimentado-Belem-e-Jaicos-Ficam-no-Empate-na-II-Copa-AMV-IMG_9822-768x512.jpg 768w, https:\/\/infonewss.com\/wp-content\/uploads\/2023\/08\/Em-Jogo-Bastante-Movimentado-Belem-e-Jaicos-Ficam-no-Empate-na-II-Copa-AMV-IMG_9822-150x100.jpg 150w, https:\/\/infonewss.com\/wp-content\/uploads\/2023\/08\/Em-Jogo-Bastante-Movimentado-Belem-e-Jaicos-Ficam-no-Empate-na-II-Copa-AMV-IMG_9822-696x464.jpg 696w\" data-src=\"https:\/\/infonewss.com\/wp-content\/uploads\/2023\/08\/Em-Jogo-Bastante-Movimentado-Belem-e-Jaicos-Ficam-no-Empate-na-II-Copa-AMV-IMG_9822.jpg\" data-sizes=\"(max-width: 900px) 100vw, 900px\" \/><\/p>\n<p>No segundo tempo, a sele\u00e7\u00e3o de Bel\u00e9m conseguiu chegar ao empate. Em uma jogada de bola parada, Elber subiu sozinho e, de cabe\u00e7a, marcou o gol de empate, se redimindo, e encerrando a partida com um placar de 1 a 1. Vale destacar que Bel\u00e9m terminou o jogo com um jogador a menos em campo, devido \u00e0 expuls\u00e3o de Ronaldo.<\/p>\n<p><img loading=\"lazy\" decoding=\"async\" class=\"alignnone wp-image-419841 size-full lazyloaded\" src=\"https:\/\/infonewss.com\/wp-content\/uploads\/2023\/08\/Em-Jogo-Bastante-Movimentado-Belem-e-Jaicos-Ficam-no-Empate-na-II-Copa-AMV-IMG_9725.jpg\" sizes=\"(max-width: 900px) 100vw, 900px\" srcset=\"https:\/\/infonewss.com\/wp-content\/uploads\/2023\/08\/Em-Jogo-Bastante-Movimentado-Belem-e-Jaicos-Ficam-no-Empate-na-II-Copa-AMV-IMG_9725.jpg 900w, https:\/\/infonewss.com\/wp-content\/uploads\/2023\/08\/Em-Jogo-Bastante-Movimentado-Belem-e-Jaicos-Ficam-no-Empate-na-II-Copa-AMV-IMG_9725-300x200.jpg 300w, https:\/\/infonewss.com\/wp-content\/uploads\/2023\/08\/Em-Jogo-Bastante-Movimentado-Belem-e-Jaicos-Ficam-no-Empate-na-II-Copa-AMV-IMG_9725-768x512.jpg 768w, https:\/\/infonewss.com\/wp-content\/uploads\/2023\/08\/Em-Jogo-Bastante-Movimentado-Belem-e-Jaicos-Ficam-no-Empate-na-II-Copa-AMV-IMG_9725-150x100.jpg 150w, https:\/\/infonewss.com\/wp-content\/uploads\/2023\/08\/Em-Jogo-Bastante-Movimentado-Belem-e-Jaicos-Ficam-no-Empate-na-II-Copa-AMV-IMG_9725-696x464.jpg 696w\" alt=\"\" width=\"900\" height=\"600\" data-srcset=\"https:\/\/infonewss.com\/wp-content\/uploads\/2023\/08\/Em-Jogo-Bastante-Movimentado-Belem-e-Jaicos-Ficam-no-Empate-na-II-Copa-AMV-IMG_9725.jpg 900w, https:\/\/infonewss.com\/wp-content\/uploads\/2023\/08\/Em-Jogo-Bastante-Movimentado-Belem-e-Jaicos-Ficam-no-Empate-na-II-Copa-AMV-IMG_9725-300x200.jpg 300w, https:\/\/infonewss.com\/wp-content\/uploads\/2023\/08\/Em-Jogo-Bastante-Movimentado-Belem-e-Jaicos-Ficam-no-Empate-na-II-Copa-AMV-IMG_9725-768x512.jpg 768w, https:\/\/infonewss.com\/wp-content\/uploads\/2023\/08\/Em-Jogo-Bastante-Movimentado-Belem-e-Jaicos-Ficam-no-Empate-na-II-Copa-AMV-IMG_9725-150x100.jpg 150w, https:\/\/infonewss.com\/wp-content\/uploads\/2023\/08\/Em-Jogo-Bastante-Movimentado-Belem-e-Jaicos-Ficam-no-Empate-na-II-Copa-AMV-IMG_9725-696x464.jpg 696w\" data-src=\"https:\/\/infonewss.com\/wp-content\/uploads\/2023\/08\/Em-Jogo-Bastante-Movimentado-Belem-e-Jaicos-Ficam-no-Empate-na-II-Copa-AMV-IMG_9725.jpg\" data-sizes=\"(max-width: 900px) 100vw, 900px\" \/><\/p>\n<p>Com esse empate, as sele\u00e7\u00f5es de Bel\u00e9m e Jaic\u00f3s somaram um ponto cada. Por sua vez, a equipe de Padre Marcos assumiu a lideran\u00e7a do Grupo B, com quatro pontos, ap\u00f3s uma vit\u00f3ria sobre Massap\u00ea. Bel\u00e9m e Jaic\u00f3s agora est\u00e3o empatadas com dois pontos cada, enquanto Massap\u00ea possui apenas um ponto na tabela de classifica\u00e7\u00e3o.<\/p>\n<p><img loading=\"lazy\" decoding=\"async\" class=\"alignnone wp-image-419836 size-full lazyloaded\" src=\"https:\/\/infonewss.com\/wp-content\/uploads\/2023\/08\/Em-Jogo-Bastante-Movimentado-Belem-e-Jaicos-Ficam-no-Empate-na-II-Copa-AMV-IMG_9718.jpg\" sizes=\"(max-width: 900px) 100vw, 900px\" srcset=\"https:\/\/infonewss.com\/wp-content\/uploads\/2023\/08\/Em-Jogo-Bastante-Movimentado-Belem-e-Jaicos-Ficam-no-Empate-na-II-Copa-AMV-IMG_9718.jpg 900w, https:\/\/infonewss.com\/wp-content\/uploads\/2023\/08\/Em-Jogo-Bastante-Movimentado-Belem-e-Jaicos-Ficam-no-Empate-na-II-Copa-AMV-IMG_9718-300x200.jpg 300w, https:\/\/infonewss.com\/wp-content\/uploads\/2023\/08\/Em-Jogo-Bastante-Movimentado-Belem-e-Jaicos-Ficam-no-Empate-na-II-Copa-AMV-IMG_9718-768x512.jpg 768w, https:\/\/infonewss.com\/wp-content\/uploads\/2023\/08\/Em-Jogo-Bastante-Movimentado-Belem-e-Jaicos-Ficam-no-Empate-na-II-Copa-AMV-IMG_9718-150x100.jpg 150w, https:\/\/infonewss.com\/wp-content\/uploads\/2023\/08\/Em-Jogo-Bastante-Movimentado-Belem-e-Jaicos-Ficam-no-Empate-na-II-Copa-AMV-IMG_9718-696x464.jpg 696w\" alt=\"\" width=\"900\" height=\"600\" data-srcset=\"https:\/\/infonewss.com\/wp-content\/uploads\/2023\/08\/Em-Jogo-Bastante-Movimentado-Belem-e-Jaicos-Ficam-no-Empate-na-II-Copa-AMV-IMG_9718.jpg 900w, https:\/\/infonewss.com\/wp-content\/uploads\/2023\/08\/Em-Jogo-Bastante-Movimentado-Belem-e-Jaicos-Ficam-no-Empate-na-II-Copa-AMV-IMG_9718-300x200.jpg 300w, https:\/\/infonewss.com\/wp-content\/uploads\/2023\/08\/Em-Jogo-Bastante-Movimentado-Belem-e-Jaicos-Ficam-no-Empate-na-II-Copa-AMV-IMG_9718-768x512.jpg 768w, https:\/\/infonewss.com\/wp-content\/uploads\/2023\/08\/Em-Jogo-Bastante-Movimentado-Belem-e-Jaicos-Ficam-no-Empate-na-II-Copa-AMV-IMG_9718-150x100.jpg 150w, https:\/\/infonewss.com\/wp-content\/uploads\/2023\/08\/Em-Jogo-Bastante-Movimentado-Belem-e-Jaicos-Ficam-no-Empate-na-II-Copa-AMV-IMG_9718-696x464.jpg 696w\" data-src=\"https:\/\/infonewss.com\/wp-content\/uploads\/2023\/08\/Em-Jogo-Bastante-Movimentado-Belem-e-Jaicos-Ficam-no-Empate-na-II-Copa-AMV-IMG_9718.jpg\" data-sizes=\"(max-width: 900px) 100vw, 900px\" \/><\/p>\n<p>O desenrolar emocionante desse confronto demonstrou o talento e a determina\u00e7\u00e3o das equipes em busca da vit\u00f3ria na II Copa AMVI de Futebol Amador. Os torcedores e amantes do esporte podem esperar por mais jogos eletrizantes e momentos emocionantes ao longo dessa empolgante competi\u00e7\u00e3o.<\/p>\n<p><img loading=\"lazy\" decoding=\"async\" class=\"alignnone wp-image-419833 size-full lazyloaded\" src=\"https:\/\/infonewss.com\/wp-content\/uploads\/2023\/08\/Em-Jogo-Bastante-Movimentado-Belem-e-Jaicos-Ficam-no-Empate-na-II-Copa-AMV-IMG_9714.jpg\" sizes=\"(max-width: 900px) 100vw, 900px\" srcset=\"https:\/\/infonewss.com\/wp-content\/uploads\/2023\/08\/Em-Jogo-Bastante-Movimentado-Belem-e-Jaicos-Ficam-no-Empate-na-II-Copa-AMV-IMG_9714.jpg 900w, https:\/\/infonewss.com\/wp-content\/uploads\/2023\/08\/Em-Jogo-Bastante-Movimentado-Belem-e-Jaicos-Ficam-no-Empate-na-II-Copa-AMV-IMG_9714-300x200.jpg 300w, https:\/\/infonewss.com\/wp-content\/uploads\/2023\/08\/Em-Jogo-Bastante-Movimentado-Belem-e-Jaicos-Ficam-no-Empate-na-II-Copa-AMV-IMG_9714-768x512.jpg 768w, https:\/\/infonewss.com\/wp-content\/uploads\/2023\/08\/Em-Jogo-Bastante-Movimentado-Belem-e-Jaicos-Ficam-no-Empate-na-II-Copa-AMV-IMG_9714-150x100.jpg 150w, https:\/\/infonewss.com\/wp-content\/uploads\/2023\/08\/Em-Jogo-Bastante-Movimentado-Belem-e-Jaicos-Ficam-no-Empate-na-II-Copa-AMV-IMG_9714-696x464.jpg 696w\" alt=\"\" width=\"900\" height=\"600\" data-srcset=\"https:\/\/infonewss.com\/wp-content\/uploads\/2023\/08\/Em-Jogo-Bastante-Movimentado-Belem-e-Jaicos-Ficam-no-Empate-na-II-Copa-AMV-IMG_9714.jpg 900w, https:\/\/infonewss.com\/wp-content\/uploads\/2023\/08\/Em-Jogo-Bastante-Movimentado-Belem-e-Jaicos-Ficam-no-Empate-na-II-Copa-AMV-IMG_9714-300x200.jpg 300w, https:\/\/infonewss.com\/wp-content\/uploads\/2023\/08\/Em-Jogo-Bastante-Movimentado-Belem-e-Jaicos-Ficam-no-Empate-na-II-Copa-AMV-IMG_9714-768x512.jpg 768w, https:\/\/infonewss.com\/wp-content\/uploads\/2023\/08\/Em-Jogo-Bastante-Movimentado-Belem-e-Jaicos-Ficam-no-Empate-na-II-Copa-AMV-IMG_9714-150x100.jpg 150w, https:\/\/infonewss.com\/wp-content\/uploads\/2023\/08\/Em-Jogo-Bastante-Movimentado-Belem-e-Jaicos-Ficam-no-Empate-na-II-Copa-AMV-IMG_9714-696x464.jpg 696w\" data-src=\"https:\/\/infonewss.com\/wp-content\/uploads\/2023\/08\/Em-Jogo-Bastante-Movimentado-Belem-e-Jaicos-Ficam-no-Empate-na-II-Copa-AMV-IMG_9714.jpg\" data-sizes=\"(max-width: 900px) 100vw, 900px\" \/><\/p>\n<p>Estiveram presentes no est\u00e1dio diversas autoridades, incluindo o prefeito de Bel\u00e9m, Ademar Carvalho, o vice-prefeito Tico Bento, o presidente da C\u00e2mara Bernardino Carvalho, os vereadores Kalebe Pedro, Cristiana Carvalho, Cicisso e Epif\u00e2nio Oleg\u00e1rio. Tamb\u00e9m marcaram presen\u00e7a os secret\u00e1rios municipais Sherlyn Oliveira, Edson Ribeiro, Luizinho Sousa e Manoel Neto, al\u00e9m do engenheiro civil Jhonatas Carvalho. Representando Jaic\u00f3s, o secret\u00e1rio de Esportes Osmildo Oliveira e o presidente da C\u00e2mara Ednaldo Carvalho tamb\u00e9m estavam entre as figuras presentes no evento.<\/p>\n<p><img loading=\"lazy\" decoding=\"async\" class=\"alignnone wp-image-419632 size-full lazyloaded\" src=\"https:\/\/infonewss.com\/wp-content\/uploads\/2023\/08\/Em-Jogo-Bastante-Movimentado-Belem-e-Jaicos-Ficam-no-Empate-na-II-Copa-AMV-DSC_0005.jpg\" sizes=\"(max-width: 900px) 100vw, 900px\" srcset=\"https:\/\/infonewss.com\/wp-content\/uploads\/2023\/08\/Em-Jogo-Bastante-Movimentado-Belem-e-Jaicos-Ficam-no-Empate-na-II-Copa-AMV-DSC_0005.jpg 900w, https:\/\/infonewss.com\/wp-content\/uploads\/2023\/08\/Em-Jogo-Bastante-Movimentado-Belem-e-Jaicos-Ficam-no-Empate-na-II-Copa-AMV-DSC_0005-300x200.jpg 300w, https:\/\/infonewss.com\/wp-content\/uploads\/2023\/08\/Em-Jogo-Bastante-Movimentado-Belem-e-Jaicos-Ficam-no-Empate-na-II-Copa-AMV-DSC_0005-768x512.jpg 768w, https:\/\/infonewss.com\/wp-content\/uploads\/2023\/08\/Em-Jogo-Bastante-Movimentado-Belem-e-Jaicos-Ficam-no-Empate-na-II-Copa-AMV-DSC_0005-150x100.jpg 150w, https:\/\/infonewss.com\/wp-content\/uploads\/2023\/08\/Em-Jogo-Bastante-Movimentado-Belem-e-Jaicos-Ficam-no-Empate-na-II-Copa-AMV-DSC_0005-696x464.jpg 696w\" alt=\"\" width=\"900\" height=\"600\" data-srcset=\"https:\/\/infonewss.com\/wp-content\/uploads\/2023\/08\/Em-Jogo-Bastante-Movimentado-Belem-e-Jaicos-Ficam-no-Empate-na-II-Copa-AMV-DSC_0005.jpg 900w, https:\/\/infonewss.com\/wp-content\/uploads\/2023\/08\/Em-Jogo-Bastante-Movimentado-Belem-e-Jaicos-Ficam-no-Empate-na-II-Copa-AMV-DSC_0005-300x200.jpg 300w, https:\/\/infonewss.com\/wp-content\/uploads\/2023\/08\/Em-Jogo-Bastante-Movimentado-Belem-e-Jaicos-Ficam-no-Empate-na-II-Copa-AMV-DSC_0005-768x512.jpg 768w, https:\/\/infonewss.com\/wp-content\/uploads\/2023\/08\/Em-Jogo-Bastante-Movimentado-Belem-e-Jaicos-Ficam-no-Empate-na-II-Copa-AMV-DSC_0005-150x100.jpg 150w, https:\/\/infonewss.com\/wp-content\/uploads\/2023\/08\/Em-Jogo-Bastante-Movimentado-Belem-e-Jaicos-Ficam-no-Empate-na-II-Copa-AMV-DSC_0005-696x464.jpg 696w\" data-src=\"https:\/\/infonewss.com\/wp-content\/uploads\/2023\/08\/Em-Jogo-Bastante-Movimentado-Belem-e-Jaicos-Ficam-no-Empate-na-II-Copa-AMV-DSC_0005.jpg\" data-sizes=\"(max-width: 900px) 100vw, 900px\" \/><\/p>\n<p><strong>Mais fotos;\u00a0<\/strong><\/p>\n<div id=\"gallery-2\" class=\"gallery galleryid-419630 gallery-columns-2 gallery-size-medium\">\n<figure class=\"gallery-item\">\n<div><\/div>\n<div class=\"gallery-icon landscape\"><a href=\"https:\/\/infonewss.com\/wp-content\/uploads\/2023\/08\/Em-Jogo-Bastante-Movimentado-Belem-e-Jaicos-Ficam-no-Empate-na-II-Copa-AMV-DSC_0003.jpg\"><img loading=\"lazy\" decoding=\"async\" class=\"attachment-medium size-medium ls-is-cached lazyloaded\" src=\"https:\/\/infonewss.com\/wp-content\/uploads\/2023\/08\/Em-Jogo-Bastante-Movimentado-Belem-e-Jaicos-Ficam-no-Empate-na-II-Copa-AMV-DSC_0003-300x200.jpg\" sizes=\"(max-width: 300px) 100vw, 300px\" srcset=\"https:\/\/infonewss.com\/wp-content\/uploads\/2023\/08\/Em-Jogo-Bastante-Movimentado-Belem-e-Jaicos-Ficam-no-Empate-na-II-Copa-AMV-DSC_0003-300x200.jpg 300w, https:\/\/infonewss.com\/wp-content\/uploads\/2023\/08\/Em-Jogo-Bastante-Movimentado-Belem-e-Jaicos-Ficam-no-Empate-na-II-Copa-AMV-DSC_0003-768x512.jpg 768w, https:\/\/infonewss.com\/wp-content\/uploads\/2023\/08\/Em-Jogo-Bastante-Movimentado-Belem-e-Jaicos-Ficam-no-Empate-na-II-Copa-AMV-DSC_0003-150x100.jpg 150w, https:\/\/infonewss.com\/wp-content\/uploads\/2023\/08\/Em-Jogo-Bastante-Movimentado-Belem-e-Jaicos-Ficam-no-Empate-na-II-Copa-AMV-DSC_0003-696x464.jpg 696w, https:\/\/infonewss.com\/wp-content\/uploads\/2023\/08\/Em-Jogo-Bastante-Movimentado-Belem-e-Jaicos-Ficam-no-Empate-na-II-Copa-AMV-DSC_0003.jpg 900w\" alt=\"\" width=\"300\" height=\"200\" data-srcset=\"https:\/\/infonewss.com\/wp-content\/uploads\/2023\/08\/Em-Jogo-Bastante-Movimentado-Belem-e-Jaicos-Ficam-no-Empate-na-II-Copa-AMV-DSC_0003-300x200.jpg 300w, https:\/\/infonewss.com\/wp-content\/uploads\/2023\/08\/Em-Jogo-Bastante-Movimentado-Belem-e-Jaicos-Ficam-no-Empate-na-II-Copa-AMV-DSC_0003-768x512.jpg 768w, https:\/\/infonewss.com\/wp-content\/uploads\/2023\/08\/Em-Jogo-Bastante-Movimentado-Belem-e-Jaicos-Ficam-no-Empate-na-II-Copa-AMV-DSC_0003-150x100.jpg 150w, https:\/\/infonewss.com\/wp-content\/uploads\/2023\/08\/Em-Jogo-Bastante-Movimentado-Belem-e-Jaicos-Ficam-no-Empate-na-II-Copa-AMV-DSC_0003-696x464.jpg 696w, https:\/\/infonewss.com\/wp-content\/uploads\/2023\/08\/Em-Jogo-Bastante-Movimentado-Belem-e-Jaicos-Ficam-no-Empate-na-II-Copa-AMV-DSC_0003.jpg 900w\" data-src=\"https:\/\/infonewss.com\/wp-content\/uploads\/2023\/08\/Em-Jogo-Bastante-Movimentado-Belem-e-Jaicos-Ficam-no-Empate-na-II-Copa-AMV-DSC_0003-300x200.jpg\" data-sizes=\"(max-width: 300px) 100vw, 300px\" \/><\/a><\/div>\n<\/figure>\n<figure class=\"gallery-item\">\n<div class=\"gallery-icon landscape\"><a href=\"https:\/\/infonewss.com\/wp-content\/uploads\/2023\/08\/Em-Jogo-Bastante-Movimentado-Belem-e-Jaicos-Ficam-no-Empate-na-II-Copa-AMV-DSC_0005.jpg\"><img loading=\"lazy\" decoding=\"async\" class=\"attachment-medium size-medium ls-is-cached lazyloaded\" src=\"https:\/\/infonewss.com\/wp-content\/uploads\/2023\/08\/Em-Jogo-Bastante-Movimentado-Belem-e-Jaicos-Ficam-no-Empate-na-II-Copa-AMV-DSC_0005-300x200.jpg\" sizes=\"(max-width: 300px) 100vw, 300px\" srcset=\"https:\/\/infonewss.com\/wp-content\/uploads\/2023\/08\/Em-Jogo-Bastante-Movimentado-Belem-e-Jaicos-Ficam-no-Empate-na-II-Copa-AMV-DSC_0005-300x200.jpg 300w, https:\/\/infonewss.com\/wp-content\/uploads\/2023\/08\/Em-Jogo-Bastante-Movimentado-Belem-e-Jaicos-Ficam-no-Empate-na-II-Copa-AMV-DSC_0005-768x512.jpg 768w, https:\/\/infonewss.com\/wp-content\/uploads\/2023\/08\/Em-Jogo-Bastante-Movimentado-Belem-e-Jaicos-Ficam-no-Empate-na-II-Copa-AMV-DSC_0005-150x100.jpg 150w, https:\/\/infonewss.com\/wp-content\/uploads\/2023\/08\/Em-Jogo-Bastante-Movimentado-Belem-e-Jaicos-Ficam-no-Empate-na-II-Copa-AMV-DSC_0005-696x464.jpg 696w, https:\/\/infonewss.com\/wp-content\/uploads\/2023\/08\/Em-Jogo-Bastante-Movimentado-Belem-e-Jaicos-Ficam-no-Empate-na-II-Copa-AMV-DSC_0005.jpg 900w\" alt=\"\" width=\"300\" height=\"200\" data-srcset=\"https:\/\/infonewss.com\/wp-content\/uploads\/2023\/08\/Em-Jogo-Bastante-Movimentado-Belem-e-Jaicos-Ficam-no-Empate-na-II-Copa-AMV-DSC_0005-300x200.jpg 300w, https:\/\/infonewss.com\/wp-content\/uploads\/2023\/08\/Em-Jogo-Bastante-Movimentado-Belem-e-Jaicos-Ficam-no-Empate-na-II-Copa-AMV-DSC_0005-768x512.jpg 768w, https:\/\/infonewss.com\/wp-content\/uploads\/2023\/08\/Em-Jogo-Bastante-Movimentado-Belem-e-Jaicos-Ficam-no-Empate-na-II-Copa-AMV-DSC_0005-150x100.jpg 150w, https:\/\/infonewss.com\/wp-content\/uploads\/2023\/08\/Em-Jogo-Bastante-Movimentado-Belem-e-Jaicos-Ficam-no-Empate-na-II-Copa-AMV-DSC_0005-696x464.jpg 696w, https:\/\/infonewss.com\/wp-content\/uploads\/2023\/08\/Em-Jogo-Bastante-Movimentado-Belem-e-Jaicos-Ficam-no-Empate-na-II-Copa-AMV-DSC_0005.jpg 900w\" data-src=\"https:\/\/infonewss.com\/wp-content\/uploads\/2023\/08\/Em-Jogo-Bastante-Movimentado-Belem-e-Jaicos-Ficam-no-Empate-na-II-Copa-AMV-DSC_0005-300x200.jpg\" data-sizes=\"(max-width: 300px) 100vw, 300px\" \/><\/a><\/div>\n<\/figure>\n<figure class=\"gallery-item\">\n<div class=\"gallery-icon landscape\"><a href=\"https:\/\/infonewss.com\/wp-content\/uploads\/2023\/08\/Em-Jogo-Bastante-Movimentado-Belem-e-Jaicos-Ficam-no-Empate-na-II-Copa-AMV-DSC_0006.jpg\"><img loading=\"lazy\" decoding=\"async\" class=\"attachment-medium size-medium ls-is-cached lazyloaded\" src=\"https:\/\/infonewss.com\/wp-content\/uploads\/2023\/08\/Em-Jogo-Bastante-Movimentado-Belem-e-Jaicos-Ficam-no-Empate-na-II-Copa-AMV-DSC_0006-300x200.jpg\" sizes=\"(max-width: 300px) 100vw, 300px\" srcset=\"https:\/\/infonewss.com\/wp-content\/uploads\/2023\/08\/Em-Jogo-Bastante-Movimentado-Belem-e-Jaicos-Ficam-no-Empate-na-II-Copa-AMV-DSC_0006-300x200.jpg 300w, https:\/\/infonewss.com\/wp-content\/uploads\/2023\/08\/Em-Jogo-Bastante-Movimentado-Belem-e-Jaicos-Ficam-no-Empate-na-II-Copa-AMV-DSC_0006-768x512.jpg 768w, https:\/\/infonewss.com\/wp-content\/uploads\/2023\/08\/Em-Jogo-Bastante-Movimentado-Belem-e-Jaicos-Ficam-no-Empate-na-II-Copa-AMV-DSC_0006-150x100.jpg 150w, https:\/\/infonewss.com\/wp-content\/uploads\/2023\/08\/Em-Jogo-Bastante-Movimentado-Belem-e-Jaicos-Ficam-no-Empate-na-II-Copa-AMV-DSC_0006-696x464.jpg 696w, https:\/\/infonewss.com\/wp-content\/uploads\/2023\/08\/Em-Jogo-Bastante-Movimentado-Belem-e-Jaicos-Ficam-no-Empate-na-II-Copa-AMV-DSC_0006.jpg 900w\" alt=\"\" width=\"300\" height=\"200\" data-srcset=\"https:\/\/infonewss.com\/wp-content\/uploads\/2023\/08\/Em-Jogo-Bastante-Movimentado-Belem-e-Jaicos-Ficam-no-Empate-na-II-Copa-AMV-DSC_0006-300x200.jpg 300w, https:\/\/infonewss.com\/wp-content\/uploads\/2023\/08\/Em-Jogo-Bastante-Movimentado-Belem-e-Jaicos-Ficam-no-Empate-na-II-Copa-AMV-DSC_0006-768x512.jpg 768w, https:\/\/infonewss.com\/wp-content\/uploads\/2023\/08\/Em-Jogo-Bastante-Movimentado-Belem-e-Jaicos-Ficam-no-Empate-na-II-Copa-AMV-DSC_0006-150x100.jpg 150w, https:\/\/infonewss.com\/wp-content\/uploads\/2023\/08\/Em-Jogo-Bastante-Movimentado-Belem-e-Jaicos-Ficam-no-Empate-na-II-Copa-AMV-DSC_0006-696x464.jpg 696w, https:\/\/infonewss.com\/wp-content\/uploads\/2023\/08\/Em-Jogo-Bastante-Movimentado-Belem-e-Jaicos-Ficam-no-Empate-na-II-Copa-AMV-DSC_0006.jpg 900w\" data-src=\"https:\/\/infonewss.com\/wp-content\/uploads\/2023\/08\/Em-Jogo-Bastante-Movimentado-Belem-e-Jaicos-Ficam-no-Empate-na-II-Copa-AMV-DSC_0006-300x200.jpg\" data-sizes=\"(max-width: 300px) 100vw, 300px\" \/><\/a><\/div>\n<\/figure>\n<figure class=\"gallery-item\">\n<div class=\"gallery-icon landscape\"><a href=\"https:\/\/infonewss.com\/wp-content\/uploads\/2023\/08\/Em-Jogo-Bastante-Movimentado-Belem-e-Jaicos-Ficam-no-Empate-na-II-Copa-AMV-DSC_0008.jpg\"><img loading=\"lazy\" decoding=\"async\" class=\"attachment-medium size-medium ls-is-cached lazyloaded\" src=\"https:\/\/infonewss.com\/wp-content\/uploads\/2023\/08\/Em-Jogo-Bastante-Movimentado-Belem-e-Jaicos-Ficam-no-Empate-na-II-Copa-AMV-DSC_0008-300x200.jpg\" sizes=\"(max-width: 300px) 100vw, 300px\" srcset=\"https:\/\/infonewss.com\/wp-content\/uploads\/2023\/08\/Em-Jogo-Bastante-Movimentado-Belem-e-Jaicos-Ficam-no-Empate-na-II-Copa-AMV-DSC_0008-300x200.jpg 300w, https:\/\/infonewss.com\/wp-content\/uploads\/2023\/08\/Em-Jogo-Bastante-Movimentado-Belem-e-Jaicos-Ficam-no-Empate-na-II-Copa-AMV-DSC_0008-768x512.jpg 768w, https:\/\/infonewss.com\/wp-content\/uploads\/2023\/08\/Em-Jogo-Bastante-Movimentado-Belem-e-Jaicos-Ficam-no-Empate-na-II-Copa-AMV-DSC_0008-150x100.jpg 150w, https:\/\/infonewss.com\/wp-content\/uploads\/2023\/08\/Em-Jogo-Bastante-Movimentado-Belem-e-Jaicos-Ficam-no-Empate-na-II-Copa-AMV-DSC_0008-696x464.jpg 696w, https:\/\/infonewss.com\/wp-content\/uploads\/2023\/08\/Em-Jogo-Bastante-Movimentado-Belem-e-Jaicos-Ficam-no-Empate-na-II-Copa-AMV-DSC_0008.jpg 900w\" alt=\"\" width=\"300\" height=\"200\" data-srcset=\"https:\/\/infonewss.com\/wp-content\/uploads\/2023\/08\/Em-Jogo-Bastante-Movimentado-Belem-e-Jaicos-Ficam-no-Empate-na-II-Copa-AMV-DSC_0008-300x200.jpg 300w, https:\/\/infonewss.com\/wp-content\/uploads\/2023\/08\/Em-Jogo-Bastante-Movimentado-Belem-e-Jaicos-Ficam-no-Empate-na-II-Copa-AMV-DSC_0008-768x512.jpg 768w, https:\/\/infonewss.com\/wp-content\/uploads\/2023\/08\/Em-Jogo-Bastante-Movimentado-Belem-e-Jaicos-Ficam-no-Empate-na-II-Copa-AMV-DSC_0008-150x100.jpg 150w, https:\/\/infonewss.com\/wp-content\/uploads\/2023\/08\/Em-Jogo-Bastante-Movimentado-Belem-e-Jaicos-Ficam-no-Empate-na-II-Copa-AMV-DSC_0008-696x464.jpg 696w, https:\/\/infonewss.com\/wp-content\/uploads\/2023\/08\/Em-Jogo-Bastante-Movimentado-Belem-e-Jaicos-Ficam-no-Empate-na-II-Copa-AMV-DSC_0008.jpg 900w\" data-src=\"https:\/\/infonewss.com\/wp-content\/uploads\/2023\/08\/Em-Jogo-Bastante-Movimentado-Belem-e-Jaicos-Ficam-no-Empate-na-II-Copa-AMV-DSC_0008-300x200.jpg\" data-sizes=\"(max-width: 300px) 100vw, 300px\" \/><\/a><\/div>\n<\/figure>\n<figure class=\"gallery-item\">\n<div class=\"gallery-icon landscape\"><a href=\"https:\/\/infonewss.com\/wp-content\/uploads\/2023\/08\/Em-Jogo-Bastante-Movimentado-Belem-e-Jaicos-Ficam-no-Empate-na-II-Copa-AMV-DSC_0010.jpg\"><img loading=\"lazy\" decoding=\"async\" class=\"attachment-medium size-medium ls-is-cached lazyloaded\" src=\"https:\/\/infonewss.com\/wp-content\/uploads\/2023\/08\/Em-Jogo-Bastante-Movimentado-Belem-e-Jaicos-Ficam-no-Empate-na-II-Copa-AMV-DSC_0010-300x200.jpg\" sizes=\"(max-width: 300px) 100vw, 300px\" srcset=\"https:\/\/infonewss.com\/wp-content\/uploads\/2023\/08\/Em-Jogo-Bastante-Movimentado-Belem-e-Jaicos-Ficam-no-Empate-na-II-Copa-AMV-DSC_0010-300x200.jpg 300w, https:\/\/infonewss.com\/wp-content\/uploads\/2023\/08\/Em-Jogo-Bastante-Movimentado-Belem-e-Jaicos-Ficam-no-Empate-na-II-Copa-AMV-DSC_0010-768x512.jpg 768w, https:\/\/infonewss.com\/wp-content\/uploads\/2023\/08\/Em-Jogo-Bastante-Movimentado-Belem-e-Jaicos-Ficam-no-Empate-na-II-Copa-AMV-DSC_0010-150x100.jpg 150w, https:\/\/infonewss.com\/wp-content\/uploads\/2023\/08\/Em-Jogo-Bastante-Movimentado-Belem-e-Jaicos-Ficam-no-Empate-na-II-Copa-AMV-DSC_0010-696x464.jpg 696w, https:\/\/infonewss.com\/wp-content\/uploads\/2023\/08\/Em-Jogo-Bastante-Movimentado-Belem-e-Jaicos-Ficam-no-Empate-na-II-Copa-AMV-DSC_0010.jpg 900w\" alt=\"\" width=\"300\" height=\"200\" data-srcset=\"https:\/\/infonewss.com\/wp-content\/uploads\/2023\/08\/Em-Jogo-Bastante-Movimentado-Belem-e-Jaicos-Ficam-no-Empate-na-II-Copa-AMV-DSC_0010-300x200.jpg 300w, https:\/\/infonewss.com\/wp-content\/uploads\/2023\/08\/Em-Jogo-Bastante-Movimentado-Belem-e-Jaicos-Ficam-no-Empate-na-II-Copa-AMV-DSC_0010-768x512.jpg 768w, https:\/\/infonewss.com\/wp-content\/uploads\/2023\/08\/Em-Jogo-Bastante-Movimentado-Belem-e-Jaicos-Ficam-no-Empate-na-II-Copa-AMV-DSC_0010-150x100.jpg 150w, https:\/\/infonewss.com\/wp-content\/uploads\/2023\/08\/Em-Jogo-Bastante-Movimentado-Belem-e-Jaicos-Ficam-no-Empate-na-II-Copa-AMV-DSC_0010-696x464.jpg 696w, https:\/\/infonewss.com\/wp-content\/uploads\/2023\/08\/Em-Jogo-Bastante-Movimentado-Belem-e-Jaicos-Ficam-no-Empate-na-II-Copa-AMV-DSC_0010.jpg 900w\" data-src=\"https:\/\/infonewss.com\/wp-content\/uploads\/2023\/08\/Em-Jogo-Bastante-Movimentado-Belem-e-Jaicos-Ficam-no-Empate-na-II-Copa-AMV-DSC_0010-300x200.jpg\" data-sizes=\"(max-width: 300px) 100vw, 300px\" \/><\/a><\/div>\n<\/figure>\n<figure class=\"gallery-item\">\n<div class=\"gallery-icon landscape\"><a href=\"https:\/\/infonewss.com\/wp-content\/uploads\/2023\/08\/Em-Jogo-Bastante-Movimentado-Belem-e-Jaicos-Ficam-no-Empate-na-II-Copa-AMV-DSC_0011.jpg\"><img loading=\"lazy\" decoding=\"async\" class=\"attachment-medium size-medium lazyloaded\" src=\"https:\/\/infonewss.com\/wp-content\/uploads\/2023\/08\/Em-Jogo-Bastante-Movimentado-Belem-e-Jaicos-Ficam-no-Empate-na-II-Copa-AMV-DSC_0011-300x200.jpg\" sizes=\"(max-width: 300px) 100vw, 300px\" srcset=\"https:\/\/infonewss.com\/wp-content\/uploads\/2023\/08\/Em-Jogo-Bastante-Movimentado-Belem-e-Jaicos-Ficam-no-Empate-na-II-Copa-AMV-DSC_0011-300x200.jpg 300w, https:\/\/infonewss.com\/wp-content\/uploads\/2023\/08\/Em-Jogo-Bastante-Movimentado-Belem-e-Jaicos-Ficam-no-Empate-na-II-Copa-AMV-DSC_0011-768x512.jpg 768w, https:\/\/infonewss.com\/wp-content\/uploads\/2023\/08\/Em-Jogo-Bastante-Movimentado-Belem-e-Jaicos-Ficam-no-Empate-na-II-Copa-AMV-DSC_0011-150x100.jpg 150w, https:\/\/infonewss.com\/wp-content\/uploads\/2023\/08\/Em-Jogo-Bastante-Movimentado-Belem-e-Jaicos-Ficam-no-Empate-na-II-Copa-AMV-DSC_0011-696x464.jpg 696w, https:\/\/infonewss.com\/wp-content\/uploads\/2023\/08\/Em-Jogo-Bastante-Movimentado-Belem-e-Jaicos-Ficam-no-Empate-na-II-Copa-AMV-DSC_0011.jpg 900w\" alt=\"\" width=\"300\" height=\"200\" data-srcset=\"https:\/\/infonewss.com\/wp-content\/uploads\/2023\/08\/Em-Jogo-Bastante-Movimentado-Belem-e-Jaicos-Ficam-no-Empate-na-II-Copa-AMV-DSC_0011-300x200.jpg 300w, https:\/\/infonewss.com\/wp-content\/uploads\/2023\/08\/Em-Jogo-Bastante-Movimentado-Belem-e-Jaicos-Ficam-no-Empate-na-II-Copa-AMV-DSC_0011-768x512.jpg 768w, https:\/\/infonewss.com\/wp-content\/uploads\/2023\/08\/Em-Jogo-Bastante-Movimentado-Belem-e-Jaicos-Ficam-no-Empate-na-II-Copa-AMV-DSC_0011-150x100.jpg 150w, https:\/\/infonewss.com\/wp-content\/uploads\/2023\/08\/Em-Jogo-Bastante-Movimentado-Belem-e-Jaicos-Ficam-no-Empate-na-II-Copa-AMV-DSC_0011-696x464.jpg 696w, https:\/\/infonewss.com\/wp-content\/uploads\/2023\/08\/Em-Jogo-Bastante-Movimentado-Belem-e-Jaicos-Ficam-no-Empate-na-II-Copa-AMV-DSC_0011.jpg 900w\" data-src=\"https:\/\/infonewss.com\/wp-content\/uploads\/2023\/08\/Em-Jogo-Bastante-Movimentado-Belem-e-Jaicos-Ficam-no-Empate-na-II-Copa-AMV-DSC_0011-300x200.jpg\" data-sizes=\"(max-width: 300px) 100vw, 300px\" \/><\/a><\/div>\n<\/figure>\n<figure class=\"gallery-item\">\n<div class=\"gallery-icon landscape\"><a href=\"https:\/\/infonewss.com\/wp-content\/uploads\/2023\/08\/Em-Jogo-Bastante-Movimentado-Belem-e-Jaicos-Ficam-no-Empate-na-II-Copa-AMV-DSC_0012.jpg\"><img loading=\"lazy\" decoding=\"async\" class=\"attachment-medium size-medium lazyloaded\" src=\"https:\/\/infonewss.com\/wp-content\/uploads\/2023\/08\/Em-Jogo-Bastante-Movimentado-Belem-e-Jaicos-Ficam-no-Empate-na-II-Copa-AMV-DSC_0012-300x200.jpg\" sizes=\"(max-width: 300px) 100vw, 300px\" srcset=\"https:\/\/infonewss.com\/wp-content\/uploads\/2023\/08\/Em-Jogo-Bastante-Movimentado-Belem-e-Jaicos-Ficam-no-Empate-na-II-Copa-AMV-DSC_0012-300x200.jpg 300w, https:\/\/infonewss.com\/wp-content\/uploads\/2023\/08\/Em-Jogo-Bastante-Movimentado-Belem-e-Jaicos-Ficam-no-Empate-na-II-Copa-AMV-DSC_0012-768x512.jpg 768w, https:\/\/infonewss.com\/wp-content\/uploads\/2023\/08\/Em-Jogo-Bastante-Movimentado-Belem-e-Jaicos-Ficam-no-Empate-na-II-Copa-AMV-DSC_0012-150x100.jpg 150w, https:\/\/infonewss.com\/wp-content\/uploads\/2023\/08\/Em-Jogo-Bastante-Movimentado-Belem-e-Jaicos-Ficam-no-Empate-na-II-Copa-AMV-DSC_0012-696x464.jpg 696w, https:\/\/infonewss.com\/wp-content\/uploads\/2023\/08\/Em-Jogo-Bastante-Movimentado-Belem-e-Jaicos-Ficam-no-Empate-na-II-Copa-AMV-DSC_0012.jpg 900w\" alt=\"\" width=\"300\" height=\"200\" data-srcset=\"https:\/\/infonewss.com\/wp-content\/uploads\/2023\/08\/Em-Jogo-Bastante-Movimentado-Belem-e-Jaicos-Ficam-no-Empate-na-II-Copa-AMV-DSC_0012-300x200.jpg 300w, https:\/\/infonewss.com\/wp-content\/uploads\/2023\/08\/Em-Jogo-Bastante-Movimentado-Belem-e-Jaicos-Ficam-no-Empate-na-II-Copa-AMV-DSC_0012-768x512.jpg 768w, https:\/\/infonewss.com\/wp-content\/uploads\/2023\/08\/Em-Jogo-Bastante-Movimentado-Belem-e-Jaicos-Ficam-no-Empate-na-II-Copa-AMV-DSC_0012-150x100.jpg 150w, https:\/\/infonewss.com\/wp-content\/uploads\/2023\/08\/Em-Jogo-Bastante-Movimentado-Belem-e-Jaicos-Ficam-no-Empate-na-II-Copa-AMV-DSC_0012-696x464.jpg 696w, https:\/\/infonewss.com\/wp-content\/uploads\/2023\/08\/Em-Jogo-Bastante-Movimentado-Belem-e-Jaicos-Ficam-no-Empate-na-II-Copa-AMV-DSC_0012.jpg 900w\" data-src=\"https:\/\/infonewss.com\/wp-content\/uploads\/2023\/08\/Em-Jogo-Bastante-Movimentado-Belem-e-Jaicos-Ficam-no-Empate-na-II-Copa-AMV-DSC_0012-300x200.jpg\" data-sizes=\"(max-width: 300px) 100vw, 300px\" \/><\/a><\/div>\n<\/figure>\n<figure class=\"gallery-item\">\n<div class=\"gallery-icon landscape\"><a href=\"https:\/\/infonewss.com\/wp-content\/uploads\/2023\/08\/Em-Jogo-Bastante-Movimentado-Belem-e-Jaicos-Ficam-no-Empate-na-II-Copa-AMV-DSC_0013.jpg\"><img loading=\"lazy\" decoding=\"async\" class=\"attachment-medium size-medium lazyloaded\" src=\"https:\/\/infonewss.com\/wp-content\/uploads\/2023\/08\/Em-Jogo-Bastante-Movimentado-Belem-e-Jaicos-Ficam-no-Empate-na-II-Copa-AMV-DSC_0013-300x200.jpg\" sizes=\"(max-width: 300px) 100vw, 300px\" srcset=\"https:\/\/infonewss.com\/wp-content\/uploads\/2023\/08\/Em-Jogo-Bastante-Movimentado-Belem-e-Jaicos-Ficam-no-Empate-na-II-Copa-AMV-DSC_0013-300x200.jpg 300w, https:\/\/infonewss.com\/wp-content\/uploads\/2023\/08\/Em-Jogo-Bastante-Movimentado-Belem-e-Jaicos-Ficam-no-Empate-na-II-Copa-AMV-DSC_0013-768x512.jpg 768w, https:\/\/infonewss.com\/wp-content\/uploads\/2023\/08\/Em-Jogo-Bastante-Movimentado-Belem-e-Jaicos-Ficam-no-Empate-na-II-Copa-AMV-DSC_0013-150x100.jpg 150w, https:\/\/infonewss.com\/wp-content\/uploads\/2023\/08\/Em-Jogo-Bastante-Movimentado-Belem-e-Jaicos-Ficam-no-Empate-na-II-Copa-AMV-DSC_0013-696x464.jpg 696w, https:\/\/infonewss.com\/wp-content\/uploads\/2023\/08\/Em-Jogo-Bastante-Movimentado-Belem-e-Jaicos-Ficam-no-Empate-na-II-Copa-AMV-DSC_0013.jpg 900w\" alt=\"\" width=\"300\" height=\"200\" data-srcset=\"https:\/\/infonewss.com\/wp-content\/uploads\/2023\/08\/Em-Jogo-Bastante-Movimentado-Belem-e-Jaicos-Ficam-no-Empate-na-II-Copa-AMV-DSC_0013-300x200.jpg 300w, https:\/\/infonewss.com\/wp-content\/uploads\/2023\/08\/Em-Jogo-Bastante-Movimentado-Belem-e-Jaicos-Ficam-no-Empate-na-II-Copa-AMV-DSC_0013-768x512.jpg 768w, https:\/\/infonewss.com\/wp-content\/uploads\/2023\/08\/Em-Jogo-Bastante-Movimentado-Belem-e-Jaicos-Ficam-no-Empate-na-II-Copa-AMV-DSC_0013-150x100.jpg 150w, https:\/\/infonewss.com\/wp-content\/uploads\/2023\/08\/Em-Jogo-Bastante-Movimentado-Belem-e-Jaicos-Ficam-no-Empate-na-II-Copa-AMV-DSC_0013-696x464.jpg 696w, https:\/\/infonewss.com\/wp-content\/uploads\/2023\/08\/Em-Jogo-Bastante-Movimentado-Belem-e-Jaicos-Ficam-no-Empate-na-II-Copa-AMV-DSC_0013.jpg 900w\" data-src=\"https:\/\/infonewss.com\/wp-content\/uploads\/2023\/08\/Em-Jogo-Bastante-Movimentado-Belem-e-Jaicos-Ficam-no-Empate-na-II-Copa-AMV-DSC_0013-300x200.jpg\" data-sizes=\"(max-width: 300px) 100vw, 300px\" \/><\/a><\/div>\n<\/figure>\n<figure class=\"gallery-item\">\n<div class=\"gallery-icon landscape\"><a href=\"https:\/\/infonewss.com\/wp-content\/uploads\/2023\/08\/Em-Jogo-Bastante-Movimentado-Belem-e-Jaicos-Ficam-no-Empate-na-II-Copa-AMV-DSC_0015.jpg\"><img loading=\"lazy\" decoding=\"async\" class=\"attachment-medium size-medium lazyloaded\" src=\"https:\/\/infonewss.com\/wp-content\/uploads\/2023\/08\/Em-Jogo-Bastante-Movimentado-Belem-e-Jaicos-Ficam-no-Empate-na-II-Copa-AMV-DSC_0015-300x200.jpg\" sizes=\"(max-width: 300px) 100vw, 300px\" srcset=\"https:\/\/infonewss.com\/wp-content\/uploads\/2023\/08\/Em-Jogo-Bastante-Movimentado-Belem-e-Jaicos-Ficam-no-Empate-na-II-Copa-AMV-DSC_0015-300x200.jpg 300w, https:\/\/infonewss.com\/wp-content\/uploads\/2023\/08\/Em-Jogo-Bastante-Movimentado-Belem-e-Jaicos-Ficam-no-Empate-na-II-Copa-AMV-DSC_0015-768x512.jpg 768w, https:\/\/infonewss.com\/wp-content\/uploads\/2023\/08\/Em-Jogo-Bastante-Movimentado-Belem-e-Jaicos-Ficam-no-Empate-na-II-Copa-AMV-DSC_0015-150x100.jpg 150w, https:\/\/infonewss.com\/wp-content\/uploads\/2023\/08\/Em-Jogo-Bastante-Movimentado-Belem-e-Jaicos-Ficam-no-Empate-na-II-Copa-AMV-DSC_0015-696x464.jpg 696w, https:\/\/infonewss.com\/wp-content\/uploads\/2023\/08\/Em-Jogo-Bastante-Movimentado-Belem-e-Jaicos-Ficam-no-Empate-na-II-Copa-AMV-DSC_0015.jpg 900w\" alt=\"\" width=\"300\" height=\"200\" data-srcset=\"https:\/\/infonewss.com\/wp-content\/uploads\/2023\/08\/Em-Jogo-Bastante-Movimentado-Belem-e-Jaicos-Ficam-no-Empate-na-II-Copa-AMV-DSC_0015-300x200.jpg 300w, https:\/\/infonewss.com\/wp-content\/uploads\/2023\/08\/Em-Jogo-Bastante-Movimentado-Belem-e-Jaicos-Ficam-no-Empate-na-II-Copa-AMV-DSC_0015-768x512.jpg 768w, https:\/\/infonewss.com\/wp-content\/uploads\/2023\/08\/Em-Jogo-Bastante-Movimentado-Belem-e-Jaicos-Ficam-no-Empate-na-II-Copa-AMV-DSC_0015-150x100.jpg 150w, https:\/\/infonewss.com\/wp-content\/uploads\/2023\/08\/Em-Jogo-Bastante-Movimentado-Belem-e-Jaicos-Ficam-no-Empate-na-II-Copa-AMV-DSC_0015-696x464.jpg 696w, https:\/\/infonewss.com\/wp-content\/uploads\/2023\/08\/Em-Jogo-Bastante-Movimentado-Belem-e-Jaicos-Ficam-no-Empate-na-II-Copa-AMV-DSC_0015.jpg 900w\" data-src=\"https:\/\/infonewss.com\/wp-content\/uploads\/2023\/08\/Em-Jogo-Bastante-Movimentado-Belem-e-Jaicos-Ficam-no-Empate-na-II-Copa-AMV-DSC_0015-300x200.jpg\" data-sizes=\"(max-width: 300px) 100vw, 300px\" \/><\/a><\/div>\n<\/figure>\n<figure class=\"gallery-item\">\n<div class=\"gallery-icon landscape\"><a href=\"https:\/\/infonewss.com\/wp-content\/uploads\/2023\/08\/Em-Jogo-Bastante-Movimentado-Belem-e-Jaicos-Ficam-no-Empate-na-II-Copa-AMV-DSC_0016.jpg\"><img loading=\"lazy\" decoding=\"async\" class=\"attachment-medium size-medium lazyloaded\" src=\"https:\/\/infonewss.com\/wp-content\/uploads\/2023\/08\/Em-Jogo-Bastante-Movimentado-Belem-e-Jaicos-Ficam-no-Empate-na-II-Copa-AMV-DSC_0016-300x200.jpg\" sizes=\"(max-width: 300px) 100vw, 300px\" srcset=\"https:\/\/infonewss.com\/wp-content\/uploads\/2023\/08\/Em-Jogo-Bastante-Movimentado-Belem-e-Jaicos-Ficam-no-Empate-na-II-Copa-AMV-DSC_0016-300x200.jpg 300w, https:\/\/infonewss.com\/wp-content\/uploads\/2023\/08\/Em-Jogo-Bastante-Movimentado-Belem-e-Jaicos-Ficam-no-Empate-na-II-Copa-AMV-DSC_0016-768x512.jpg 768w, https:\/\/infonewss.com\/wp-content\/uploads\/2023\/08\/Em-Jogo-Bastante-Movimentado-Belem-e-Jaicos-Ficam-no-Empate-na-II-Copa-AMV-DSC_0016-150x100.jpg 150w, https:\/\/infonewss.com\/wp-content\/uploads\/2023\/08\/Em-Jogo-Bastante-Movimentado-Belem-e-Jaicos-Ficam-no-Empate-na-II-Copa-AMV-DSC_0016-696x464.jpg 696w, https:\/\/infonewss.com\/wp-content\/uploads\/2023\/08\/Em-Jogo-Bastante-Movimentado-Belem-e-Jaicos-Ficam-no-Empate-na-II-Copa-AMV-DSC_0016.jpg 900w\" alt=\"\" width=\"300\" height=\"200\" data-srcset=\"https:\/\/infonewss.com\/wp-content\/uploads\/2023\/08\/Em-Jogo-Bastante-Movimentado-Belem-e-Jaicos-Ficam-no-Empate-na-II-Copa-AMV-DSC_0016-300x200.jpg 300w, https:\/\/infonewss.com\/wp-content\/uploads\/2023\/08\/Em-Jogo-Bastante-Movimentado-Belem-e-Jaicos-Ficam-no-Empate-na-II-Copa-AMV-DSC_0016-768x512.jpg 768w, https:\/\/infonewss.com\/wp-content\/uploads\/2023\/08\/Em-Jogo-Bastante-Movimentado-Belem-e-Jaicos-Ficam-no-Empate-na-II-Copa-AMV-DSC_0016-150x100.jpg 150w, https:\/\/infonewss.com\/wp-content\/uploads\/2023\/08\/Em-Jogo-Bastante-Movimentado-Belem-e-Jaicos-Ficam-no-Empate-na-II-Copa-AMV-DSC_0016-696x464.jpg 696w, https:\/\/infonewss.com\/wp-content\/uploads\/2023\/08\/Em-Jogo-Bastante-Movimentado-Belem-e-Jaicos-Ficam-no-Empate-na-II-Copa-AMV-DSC_0016.jpg 900w\" data-src=\"https:\/\/infonewss.com\/wp-content\/uploads\/2023\/08\/Em-Jogo-Bastante-Movimentado-Belem-e-Jaicos-Ficam-no-Empate-na-II-Copa-AMV-DSC_0016-300x200.jpg\" data-sizes=\"(max-width: 300px) 100vw, 300px\" \/><\/a><\/div>\n<\/figure>\n<figure class=\"gallery-item\">\n<div class=\"gallery-icon landscape\"><a href=\"https:\/\/infonewss.com\/wp-content\/uploads\/2023\/08\/Em-Jogo-Bastante-Movimentado-Belem-e-Jaicos-Ficam-no-Empate-na-II-Copa-AMV-DSC_0017.jpg\"><img loading=\"lazy\" decoding=\"async\" class=\"attachment-medium size-medium lazyloaded\" src=\"https:\/\/infonewss.com\/wp-content\/uploads\/2023\/08\/Em-Jogo-Bastante-Movimentado-Belem-e-Jaicos-Ficam-no-Empate-na-II-Copa-AMV-DSC_0017-300x200.jpg\" sizes=\"(max-width: 300px) 100vw, 300px\" srcset=\"https:\/\/infonewss.com\/wp-content\/uploads\/2023\/08\/Em-Jogo-Bastante-Movimentado-Belem-e-Jaicos-Ficam-no-Empate-na-II-Copa-AMV-DSC_0017-300x200.jpg 300w, https:\/\/infonewss.com\/wp-content\/uploads\/2023\/08\/Em-Jogo-Bastante-Movimentado-Belem-e-Jaicos-Ficam-no-Empate-na-II-Copa-AMV-DSC_0017-768x512.jpg 768w, https:\/\/infonewss.com\/wp-content\/uploads\/2023\/08\/Em-Jogo-Bastante-Movimentado-Belem-e-Jaicos-Ficam-no-Empate-na-II-Copa-AMV-DSC_0017-150x100.jpg 150w, https:\/\/infonewss.com\/wp-content\/uploads\/2023\/08\/Em-Jogo-Bastante-Movimentado-Belem-e-Jaicos-Ficam-no-Empate-na-II-Copa-AMV-DSC_0017-696x464.jpg 696w, https:\/\/infonewss.com\/wp-content\/uploads\/2023\/08\/Em-Jogo-Bastante-Movimentado-Belem-e-Jaicos-Ficam-no-Empate-na-II-Copa-AMV-DSC_0017.jpg 900w\" alt=\"\" width=\"300\" height=\"200\" data-srcset=\"https:\/\/infonewss.com\/wp-content\/uploads\/2023\/08\/Em-Jogo-Bastante-Movimentado-Belem-e-Jaicos-Ficam-no-Empate-na-II-Copa-AMV-DSC_0017-300x200.jpg 300w, https:\/\/infonewss.com\/wp-content\/uploads\/2023\/08\/Em-Jogo-Bastante-Movimentado-Belem-e-Jaicos-Ficam-no-Empate-na-II-Copa-AMV-DSC_0017-768x512.jpg 768w, https:\/\/infonewss.com\/wp-content\/uploads\/2023\/08\/Em-Jogo-Bastante-Movimentado-Belem-e-Jaicos-Ficam-no-Empate-na-II-Copa-AMV-DSC_0017-150x100.jpg 150w, https:\/\/infonewss.com\/wp-content\/uploads\/2023\/08\/Em-Jogo-Bastante-Movimentado-Belem-e-Jaicos-Ficam-no-Empate-na-II-Copa-AMV-DSC_0017-696x464.jpg 696w, https:\/\/infonewss.com\/wp-content\/uploads\/2023\/08\/Em-Jogo-Bastante-Movimentado-Belem-e-Jaicos-Ficam-no-Empate-na-II-Copa-AMV-DSC_0017.jpg 900w\" data-src=\"https:\/\/infonewss.com\/wp-content\/uploads\/2023\/08\/Em-Jogo-Bastante-Movimentado-Belem-e-Jaicos-Ficam-no-Empate-na-II-Copa-AMV-DSC_0017-300x200.jpg\" data-sizes=\"(max-width: 300px) 100vw, 300px\" \/><\/a><\/div>\n<\/figure>\n<figure class=\"gallery-item\">\n<div class=\"gallery-icon landscape\"><a href=\"https:\/\/infonewss.com\/wp-content\/uploads\/2023\/08\/Em-Jogo-Bastante-Movimentado-Belem-e-Jaicos-Ficam-no-Empate-na-II-Copa-AMV-DSC_0019.jpg\"><img loading=\"lazy\" decoding=\"async\" class=\"attachment-medium size-medium lazyloaded\" src=\"https:\/\/infonewss.com\/wp-content\/uploads\/2023\/08\/Em-Jogo-Bastante-Movimentado-Belem-e-Jaicos-Ficam-no-Empate-na-II-Copa-AMV-DSC_0019-300x200.jpg\" sizes=\"(max-width: 300px) 100vw, 300px\" srcset=\"https:\/\/infonewss.com\/wp-content\/uploads\/2023\/08\/Em-Jogo-Bastante-Movimentado-Belem-e-Jaicos-Ficam-no-Empate-na-II-Copa-AMV-DSC_0019-300x200.jpg 300w, https:\/\/infonewss.com\/wp-content\/uploads\/2023\/08\/Em-Jogo-Bastante-Movimentado-Belem-e-Jaicos-Ficam-no-Empate-na-II-Copa-AMV-DSC_0019-768x512.jpg 768w, https:\/\/infonewss.com\/wp-content\/uploads\/2023\/08\/Em-Jogo-Bastante-Movimentado-Belem-e-Jaicos-Ficam-no-Empate-na-II-Copa-AMV-DSC_0019-150x100.jpg 150w, https:\/\/infonewss.com\/wp-content\/uploads\/2023\/08\/Em-Jogo-Bastante-Movimentado-Belem-e-Jaicos-Ficam-no-Empate-na-II-Copa-AMV-DSC_0019-696x464.jpg 696w, https:\/\/infonewss.com\/wp-content\/uploads\/2023\/08\/Em-Jogo-Bastante-Movimentado-Belem-e-Jaicos-Ficam-no-Empate-na-II-Copa-AMV-DSC_0019.jpg 900w\" alt=\"\" width=\"300\" height=\"200\" data-srcset=\"https:\/\/infonewss.com\/wp-content\/uploads\/2023\/08\/Em-Jogo-Bastante-Movimentado-Belem-e-Jaicos-Ficam-no-Empate-na-II-Copa-AMV-DSC_0019-300x200.jpg 300w, https:\/\/infonewss.com\/wp-content\/uploads\/2023\/08\/Em-Jogo-Bastante-Movimentado-Belem-e-Jaicos-Ficam-no-Empate-na-II-Copa-AMV-DSC_0019-768x512.jpg 768w, https:\/\/infonewss.com\/wp-content\/uploads\/2023\/08\/Em-Jogo-Bastante-Movimentado-Belem-e-Jaicos-Ficam-no-Empate-na-II-Copa-AMV-DSC_0019-150x100.jpg 150w, https:\/\/infonewss.com\/wp-content\/uploads\/2023\/08\/Em-Jogo-Bastante-Movimentado-Belem-e-Jaicos-Ficam-no-Empate-na-II-Copa-AMV-DSC_0019-696x464.jpg 696w, https:\/\/infonewss.com\/wp-content\/uploads\/2023\/08\/Em-Jogo-Bastante-Movimentado-Belem-e-Jaicos-Ficam-no-Empate-na-II-Copa-AMV-DSC_0019.jpg 900w\" data-src=\"https:\/\/infonewss.com\/wp-content\/uploads\/2023\/08\/Em-Jogo-Bastante-Movimentado-Belem-e-Jaicos-Ficam-no-Empate-na-II-Copa-AMV-DSC_0019-300x200.jpg\" data-sizes=\"(max-width: 300px) 100vw, 300px\" \/><\/a><\/div>\n<\/figure>\n<figure class=\"gallery-item\">\n<div class=\"gallery-icon landscape\"><a href=\"https:\/\/infonewss.com\/wp-content\/uploads\/2023\/08\/Em-Jogo-Bastante-Movimentado-Belem-e-Jaicos-Ficam-no-Empate-na-II-Copa-AMV-DSC_0020.jpg\"><img loading=\"lazy\" decoding=\"async\" class=\"attachment-medium size-medium lazyloaded\" src=\"https:\/\/infonewss.com\/wp-content\/uploads\/2023\/08\/Em-Jogo-Bastante-Movimentado-Belem-e-Jaicos-Ficam-no-Empate-na-II-Copa-AMV-DSC_0020-300x200.jpg\" sizes=\"(max-width: 300px) 100vw, 300px\" srcset=\"https:\/\/infonewss.com\/wp-content\/uploads\/2023\/08\/Em-Jogo-Bastante-Movimentado-Belem-e-Jaicos-Ficam-no-Empate-na-II-Copa-AMV-DSC_0020-300x200.jpg 300w, https:\/\/infonewss.com\/wp-content\/uploads\/2023\/08\/Em-Jogo-Bastante-Movimentado-Belem-e-Jaicos-Ficam-no-Empate-na-II-Copa-AMV-DSC_0020-768x512.jpg 768w, https:\/\/infonewss.com\/wp-content\/uploads\/2023\/08\/Em-Jogo-Bastante-Movimentado-Belem-e-Jaicos-Ficam-no-Empate-na-II-Copa-AMV-DSC_0020-150x100.jpg 150w, https:\/\/infonewss.com\/wp-content\/uploads\/2023\/08\/Em-Jogo-Bastante-Movimentado-Belem-e-Jaicos-Ficam-no-Empate-na-II-Copa-AMV-DSC_0020-696x464.jpg 696w, https:\/\/infonewss.com\/wp-content\/uploads\/2023\/08\/Em-Jogo-Bastante-Movimentado-Belem-e-Jaicos-Ficam-no-Empate-na-II-Copa-AMV-DSC_0020.jpg 900w\" alt=\"\" width=\"300\" height=\"200\" data-srcset=\"https:\/\/infonewss.com\/wp-content\/uploads\/2023\/08\/Em-Jogo-Bastante-Movimentado-Belem-e-Jaicos-Ficam-no-Empate-na-II-Copa-AMV-DSC_0020-300x200.jpg 300w, https:\/\/infonewss.com\/wp-content\/uploads\/2023\/08\/Em-Jogo-Bastante-Movimentado-Belem-e-Jaicos-Ficam-no-Empate-na-II-Copa-AMV-DSC_0020-768x512.jpg 768w, https:\/\/infonewss.com\/wp-content\/uploads\/2023\/08\/Em-Jogo-Bastante-Movimentado-Belem-e-Jaicos-Ficam-no-Empate-na-II-Copa-AMV-DSC_0020-150x100.jpg 150w, https:\/\/infonewss.com\/wp-content\/uploads\/2023\/08\/Em-Jogo-Bastante-Movimentado-Belem-e-Jaicos-Ficam-no-Empate-na-II-Copa-AMV-DSC_0020-696x464.jpg 696w, https:\/\/infonewss.com\/wp-content\/uploads\/2023\/08\/Em-Jogo-Bastante-Movimentado-Belem-e-Jaicos-Ficam-no-Empate-na-II-Copa-AMV-DSC_0020.jpg 900w\" data-src=\"https:\/\/infonewss.com\/wp-content\/uploads\/2023\/08\/Em-Jogo-Bastante-Movimentado-Belem-e-Jaicos-Ficam-no-Empate-na-II-Copa-AMV-DSC_0020-300x200.jpg\" data-sizes=\"(max-width: 300px) 100vw, 300px\" \/><\/a><\/div>\n<\/figure>\n<figure class=\"gallery-item\">\n<div class=\"gallery-icon landscape\"><a href=\"https:\/\/infonewss.com\/wp-content\/uploads\/2023\/08\/Em-Jogo-Bastante-Movimentado-Belem-e-Jaicos-Ficam-no-Empate-na-II-Copa-AMV-DSC_0021.jpg\"><img loading=\"lazy\" decoding=\"async\" class=\"attachment-medium size-medium ls-is-cached lazyloaded\" src=\"https:\/\/infonewss.com\/wp-content\/uploads\/2023\/08\/Em-Jogo-Bastante-Movimentado-Belem-e-Jaicos-Ficam-no-Empate-na-II-Copa-AMV-DSC_0021-300x200.jpg\" sizes=\"(max-width: 300px) 100vw, 300px\" srcset=\"https:\/\/infonewss.com\/wp-content\/uploads\/2023\/08\/Em-Jogo-Bastante-Movimentado-Belem-e-Jaicos-Ficam-no-Empate-na-II-Copa-AMV-DSC_0021-300x200.jpg 300w, https:\/\/infonewss.com\/wp-content\/uploads\/2023\/08\/Em-Jogo-Bastante-Movimentado-Belem-e-Jaicos-Ficam-no-Empate-na-II-Copa-AMV-DSC_0021-768x512.jpg 768w, https:\/\/infonewss.com\/wp-content\/uploads\/2023\/08\/Em-Jogo-Bastante-Movimentado-Belem-e-Jaicos-Ficam-no-Empate-na-II-Copa-AMV-DSC_0021-150x100.jpg 150w, https:\/\/infonewss.com\/wp-content\/uploads\/2023\/08\/Em-Jogo-Bastante-Movimentado-Belem-e-Jaicos-Ficam-no-Empate-na-II-Copa-AMV-DSC_0021-696x464.jpg 696w, https:\/\/infonewss.com\/wp-content\/uploads\/2023\/08\/Em-Jogo-Bastante-Movimentado-Belem-e-Jaicos-Ficam-no-Empate-na-II-Copa-AMV-DSC_0021.jpg 900w\" alt=\"\" width=\"300\" height=\"200\" data-srcset=\"https:\/\/infonewss.com\/wp-content\/uploads\/2023\/08\/Em-Jogo-Bastante-Movimentado-Belem-e-Jaicos-Ficam-no-Empate-na-II-Copa-AMV-DSC_0021-300x200.jpg 300w, https:\/\/infonewss.com\/wp-content\/uploads\/2023\/08\/Em-Jogo-Bastante-Movimentado-Belem-e-Jaicos-Ficam-no-Empate-na-II-Copa-AMV-DSC_0021-768x512.jpg 768w, https:\/\/infonewss.com\/wp-content\/uploads\/2023\/08\/Em-Jogo-Bastante-Movimentado-Belem-e-Jaicos-Ficam-no-Empate-na-II-Copa-AMV-DSC_0021-150x100.jpg 150w, https:\/\/infonewss.com\/wp-content\/uploads\/2023\/08\/Em-Jogo-Bastante-Movimentado-Belem-e-Jaicos-Ficam-no-Empate-na-II-Copa-AMV-DSC_0021-696x464.jpg 696w, https:\/\/infonewss.com\/wp-content\/uploads\/2023\/08\/Em-Jogo-Bastante-Movimentado-Belem-e-Jaicos-Ficam-no-Empate-na-II-Copa-AMV-DSC_0021.jpg 900w\" data-src=\"https:\/\/infonewss.com\/wp-content\/uploads\/2023\/08\/Em-Jogo-Bastante-Movimentado-Belem-e-Jaicos-Ficam-no-Empate-na-II-Copa-AMV-DSC_0021-300x200.jpg\" data-sizes=\"(max-width: 300px) 100vw, 300px\" \/><\/a><\/div>\n<\/figure>\n<figure class=\"gallery-item\">\n<div class=\"gallery-icon landscape\"><a href=\"https:\/\/infonewss.com\/wp-content\/uploads\/2023\/08\/Em-Jogo-Bastante-Movimentado-Belem-e-Jaicos-Ficam-no-Empate-na-II-Copa-AMV-DSC_0024.jpg\"><img loading=\"lazy\" decoding=\"async\" class=\"attachment-medium size-medium ls-is-cached lazyloaded\" src=\"https:\/\/infonewss.com\/wp-content\/uploads\/2023\/08\/Em-Jogo-Bastante-Movimentado-Belem-e-Jaicos-Ficam-no-Empate-na-II-Copa-AMV-DSC_0024-300x200.jpg\" sizes=\"(max-width: 300px) 100vw, 300px\" srcset=\"https:\/\/infonewss.com\/wp-content\/uploads\/2023\/08\/Em-Jogo-Bastante-Movimentado-Belem-e-Jaicos-Ficam-no-Empate-na-II-Copa-AMV-DSC_0024-300x200.jpg 300w, https:\/\/infonewss.com\/wp-content\/uploads\/2023\/08\/Em-Jogo-Bastante-Movimentado-Belem-e-Jaicos-Ficam-no-Empate-na-II-Copa-AMV-DSC_0024-768x512.jpg 768w, https:\/\/infonewss.com\/wp-content\/uploads\/2023\/08\/Em-Jogo-Bastante-Movimentado-Belem-e-Jaicos-Ficam-no-Empate-na-II-Copa-AMV-DSC_0024-150x100.jpg 150w, https:\/\/infonewss.com\/wp-content\/uploads\/2023\/08\/Em-Jogo-Bastante-Movimentado-Belem-e-Jaicos-Ficam-no-Empate-na-II-Copa-AMV-DSC_0024-696x464.jpg 696w, https:\/\/infonewss.com\/wp-content\/uploads\/2023\/08\/Em-Jogo-Bastante-Movimentado-Belem-e-Jaicos-Ficam-no-Empate-na-II-Copa-AMV-DSC_0024.jpg 900w\" alt=\"\" width=\"300\" height=\"200\" data-srcset=\"https:\/\/infonewss.com\/wp-content\/uploads\/2023\/08\/Em-Jogo-Bastante-Movimentado-Belem-e-Jaicos-Ficam-no-Empate-na-II-Copa-AMV-DSC_0024-300x200.jpg 300w, https:\/\/infonewss.com\/wp-content\/uploads\/2023\/08\/Em-Jogo-Bastante-Movimentado-Belem-e-Jaicos-Ficam-no-Empate-na-II-Copa-AMV-DSC_0024-768x512.jpg 768w, https:\/\/infonewss.com\/wp-content\/uploads\/2023\/08\/Em-Jogo-Bastante-Movimentado-Belem-e-Jaicos-Ficam-no-Empate-na-II-Copa-AMV-DSC_0024-150x100.jpg 150w, https:\/\/infonewss.com\/wp-content\/uploads\/2023\/08\/Em-Jogo-Bastante-Movimentado-Belem-e-Jaicos-Ficam-no-Empate-na-II-Copa-AMV-DSC_0024-696x464.jpg 696w, https:\/\/infonewss.com\/wp-content\/uploads\/2023\/08\/Em-Jogo-Bastante-Movimentado-Belem-e-Jaicos-Ficam-no-Empate-na-II-Copa-AMV-DSC_0024.jpg 900w\" data-src=\"https:\/\/infonewss.com\/wp-content\/uploads\/2023\/08\/Em-Jogo-Bastante-Movimentado-Belem-e-Jaicos-Ficam-no-Empate-na-II-Copa-AMV-DSC_0024-300x200.jpg\" data-sizes=\"(max-width: 300px) 100vw, 300px\" \/><\/a><\/div>\n<\/figure>\n<figure class=\"gallery-item\">\n<div class=\"gallery-icon landscape\"><a href=\"https:\/\/infonewss.com\/wp-content\/uploads\/2023\/08\/Em-Jogo-Bastante-Movimentado-Belem-e-Jaicos-Ficam-no-Empate-na-II-Copa-AMV-DSC_0026.jpg\"><img loading=\"lazy\" decoding=\"async\" class=\"attachment-medium size-medium ls-is-cached lazyloaded\" src=\"https:\/\/infonewss.com\/wp-content\/uploads\/2023\/08\/Em-Jogo-Bastante-Movimentado-Belem-e-Jaicos-Ficam-no-Empate-na-II-Copa-AMV-DSC_0026-300x200.jpg\" sizes=\"(max-width: 300px) 100vw, 300px\" srcset=\"https:\/\/infonewss.com\/wp-content\/uploads\/2023\/08\/Em-Jogo-Bastante-Movimentado-Belem-e-Jaicos-Ficam-no-Empate-na-II-Copa-AMV-DSC_0026-300x200.jpg 300w, https:\/\/infonewss.com\/wp-content\/uploads\/2023\/08\/Em-Jogo-Bastante-Movimentado-Belem-e-Jaicos-Ficam-no-Empate-na-II-Copa-AMV-DSC_0026-768x512.jpg 768w, https:\/\/infonewss.com\/wp-content\/uploads\/2023\/08\/Em-Jogo-Bastante-Movimentado-Belem-e-Jaicos-Ficam-no-Empate-na-II-Copa-AMV-DSC_0026-150x100.jpg 150w, https:\/\/infonewss.com\/wp-content\/uploads\/2023\/08\/Em-Jogo-Bastante-Movimentado-Belem-e-Jaicos-Ficam-no-Empate-na-II-Copa-AMV-DSC_0026-696x464.jpg 696w, https:\/\/infonewss.com\/wp-content\/uploads\/2023\/08\/Em-Jogo-Bastante-Movimentado-Belem-e-Jaicos-Ficam-no-Empate-na-II-Copa-AMV-DSC_0026.jpg 900w\" alt=\"\" width=\"300\" height=\"200\" data-srcset=\"https:\/\/infonewss.com\/wp-content\/uploads\/2023\/08\/Em-Jogo-Bastante-Movimentado-Belem-e-Jaicos-Ficam-no-Empate-na-II-Copa-AMV-DSC_0026-300x200.jpg 300w, https:\/\/infonewss.com\/wp-content\/uploads\/2023\/08\/Em-Jogo-Bastante-Movimentado-Belem-e-Jaicos-Ficam-no-Empate-na-II-Copa-AMV-DSC_0026-768x512.jpg 768w, https:\/\/infonewss.com\/wp-content\/uploads\/2023\/08\/Em-Jogo-Bastante-Movimentado-Belem-e-Jaicos-Ficam-no-Empate-na-II-Copa-AMV-DSC_0026-150x100.jpg 150w, https:\/\/infonewss.com\/wp-content\/uploads\/2023\/08\/Em-Jogo-Bastante-Movimentado-Belem-e-Jaicos-Ficam-no-Empate-na-II-Copa-AMV-DSC_0026-696x464.jpg 696w, https:\/\/infonewss.com\/wp-content\/uploads\/2023\/08\/Em-Jogo-Bastante-Movimentado-Belem-e-Jaicos-Ficam-no-Empate-na-II-Copa-AMV-DSC_0026.jpg 900w\" data-src=\"https:\/\/infonewss.com\/wp-content\/uploads\/2023\/08\/Em-Jogo-Bastante-Movimentado-Belem-e-Jaicos-Ficam-no-Empate-na-II-Copa-AMV-DSC_0026-300x200.jpg\" data-sizes=\"(max-width: 300px) 100vw, 300px\" \/><\/a><\/div>\n<\/figure>\n<figure class=\"gallery-item\">\n<div class=\"gallery-icon landscape\"><a href=\"https:\/\/infonewss.com\/wp-content\/uploads\/2023\/08\/Em-Jogo-Bastante-Movimentado-Belem-e-Jaicos-Ficam-no-Empate-na-II-Copa-AMV-DSC_0028.jpg\"><img loading=\"lazy\" decoding=\"async\" class=\"attachment-medium size-medium ls-is-cached lazyloaded\" src=\"https:\/\/infonewss.com\/wp-content\/uploads\/2023\/08\/Em-Jogo-Bastante-Movimentado-Belem-e-Jaicos-Ficam-no-Empate-na-II-Copa-AMV-DSC_0028-300x200.jpg\" sizes=\"(max-width: 300px) 100vw, 300px\" srcset=\"https:\/\/infonewss.com\/wp-content\/uploads\/2023\/08\/Em-Jogo-Bastante-Movimentado-Belem-e-Jaicos-Ficam-no-Empate-na-II-Copa-AMV-DSC_0028-300x200.jpg 300w, https:\/\/infonewss.com\/wp-content\/uploads\/2023\/08\/Em-Jogo-Bastante-Movimentado-Belem-e-Jaicos-Ficam-no-Empate-na-II-Copa-AMV-DSC_0028-768x512.jpg 768w, https:\/\/infonewss.com\/wp-content\/uploads\/2023\/08\/Em-Jogo-Bastante-Movimentado-Belem-e-Jaicos-Ficam-no-Empate-na-II-Copa-AMV-DSC_0028-150x100.jpg 150w, https:\/\/infonewss.com\/wp-content\/uploads\/2023\/08\/Em-Jogo-Bastante-Movimentado-Belem-e-Jaicos-Ficam-no-Empate-na-II-Copa-AMV-DSC_0028-696x464.jpg 696w, https:\/\/infonewss.com\/wp-content\/uploads\/2023\/08\/Em-Jogo-Bastante-Movimentado-Belem-e-Jaicos-Ficam-no-Empate-na-II-Copa-AMV-DSC_0028.jpg 900w\" alt=\"\" width=\"300\" height=\"200\" data-srcset=\"https:\/\/infonewss.com\/wp-content\/uploads\/2023\/08\/Em-Jogo-Bastante-Movimentado-Belem-e-Jaicos-Ficam-no-Empate-na-II-Copa-AMV-DSC_0028-300x200.jpg 300w, https:\/\/infonewss.com\/wp-content\/uploads\/2023\/08\/Em-Jogo-Bastante-Movimentado-Belem-e-Jaicos-Ficam-no-Empate-na-II-Copa-AMV-DSC_0028-768x512.jpg 768w, https:\/\/infonewss.com\/wp-content\/uploads\/2023\/08\/Em-Jogo-Bastante-Movimentado-Belem-e-Jaicos-Ficam-no-Empate-na-II-Copa-AMV-DSC_0028-150x100.jpg 150w, https:\/\/infonewss.com\/wp-content\/uploads\/2023\/08\/Em-Jogo-Bastante-Movimentado-Belem-e-Jaicos-Ficam-no-Empate-na-II-Copa-AMV-DSC_0028-696x464.jpg 696w, https:\/\/infonewss.com\/wp-content\/uploads\/2023\/08\/Em-Jogo-Bastante-Movimentado-Belem-e-Jaicos-Ficam-no-Empate-na-II-Copa-AMV-DSC_0028.jpg 900w\" data-src=\"https:\/\/infonewss.com\/wp-content\/uploads\/2023\/08\/Em-Jogo-Bastante-Movimentado-Belem-e-Jaicos-Ficam-no-Empate-na-II-Copa-AMV-DSC_0028-300x200.jpg\" data-sizes=\"(max-width: 300px) 100vw, 300px\" \/><\/a><\/div>\n<\/figure>\n<figure class=\"gallery-item\">\n<div class=\"gallery-icon landscape\"><a href=\"https:\/\/infonewss.com\/wp-content\/uploads\/2023\/08\/Em-Jogo-Bastante-Movimentado-Belem-e-Jaicos-Ficam-no-Empate-na-II-Copa-AMV-DSC_0030.jpg\"><img loading=\"lazy\" decoding=\"async\" class=\"attachment-medium size-medium ls-is-cached lazyloaded\" src=\"https:\/\/infonewss.com\/wp-content\/uploads\/2023\/08\/Em-Jogo-Bastante-Movimentado-Belem-e-Jaicos-Ficam-no-Empate-na-II-Copa-AMV-DSC_0030-300x200.jpg\" sizes=\"(max-width: 300px) 100vw, 300px\" srcset=\"https:\/\/infonewss.com\/wp-content\/uploads\/2023\/08\/Em-Jogo-Bastante-Movimentado-Belem-e-Jaicos-Ficam-no-Empate-na-II-Copa-AMV-DSC_0030-300x200.jpg 300w, https:\/\/infonewss.com\/wp-content\/uploads\/2023\/08\/Em-Jogo-Bastante-Movimentado-Belem-e-Jaicos-Ficam-no-Empate-na-II-Copa-AMV-DSC_0030-768x512.jpg 768w, https:\/\/infonewss.com\/wp-content\/uploads\/2023\/08\/Em-Jogo-Bastante-Movimentado-Belem-e-Jaicos-Ficam-no-Empate-na-II-Copa-AMV-DSC_0030-150x100.jpg 150w, https:\/\/infonewss.com\/wp-content\/uploads\/2023\/08\/Em-Jogo-Bastante-Movimentado-Belem-e-Jaicos-Ficam-no-Empate-na-II-Copa-AMV-DSC_0030-696x464.jpg 696w, https:\/\/infonewss.com\/wp-content\/uploads\/2023\/08\/Em-Jogo-Bastante-Movimentado-Belem-e-Jaicos-Ficam-no-Empate-na-II-Copa-AMV-DSC_0030.jpg 900w\" alt=\"\" width=\"300\" height=\"200\" data-srcset=\"https:\/\/infonewss.com\/wp-content\/uploads\/2023\/08\/Em-Jogo-Bastante-Movimentado-Belem-e-Jaicos-Ficam-no-Empate-na-II-Copa-AMV-DSC_0030-300x200.jpg 300w, https:\/\/infonewss.com\/wp-content\/uploads\/2023\/08\/Em-Jogo-Bastante-Movimentado-Belem-e-Jaicos-Ficam-no-Empate-na-II-Copa-AMV-DSC_0030-768x512.jpg 768w, https:\/\/infonewss.com\/wp-content\/uploads\/2023\/08\/Em-Jogo-Bastante-Movimentado-Belem-e-Jaicos-Ficam-no-Empate-na-II-Copa-AMV-DSC_0030-150x100.jpg 150w, https:\/\/infonewss.com\/wp-content\/uploads\/2023\/08\/Em-Jogo-Bastante-Movimentado-Belem-e-Jaicos-Ficam-no-Empate-na-II-Copa-AMV-DSC_0030-696x464.jpg 696w, https:\/\/infonewss.com\/wp-content\/uploads\/2023\/08\/Em-Jogo-Bastante-Movimentado-Belem-e-Jaicos-Ficam-no-Empate-na-II-Copa-AMV-DSC_0030.jpg 900w\" data-src=\"https:\/\/infonewss.com\/wp-content\/uploads\/2023\/08\/Em-Jogo-Bastante-Movimentado-Belem-e-Jaicos-Ficam-no-Empate-na-II-Copa-AMV-DSC_0030-300x200.jpg\" data-sizes=\"(max-width: 300px) 100vw, 300px\" \/><\/a><\/div>\n<\/figure>\n<figure class=\"gallery-item\">\n<div class=\"gallery-icon landscape\"><a href=\"https:\/\/infonewss.com\/wp-content\/uploads\/2023\/08\/Em-Jogo-Bastante-Movimentado-Belem-e-Jaicos-Ficam-no-Empate-na-II-Copa-AMV-DSC_0032.jpg\"><img loading=\"lazy\" decoding=\"async\" class=\"attachment-medium size-medium lazyloaded\" src=\"https:\/\/infonewss.com\/wp-content\/uploads\/2023\/08\/Em-Jogo-Bastante-Movimentado-Belem-e-Jaicos-Ficam-no-Empate-na-II-Copa-AMV-DSC_0032-300x200.jpg\" sizes=\"(max-width: 300px) 100vw, 300px\" srcset=\"https:\/\/infonewss.com\/wp-content\/uploads\/2023\/08\/Em-Jogo-Bastante-Movimentado-Belem-e-Jaicos-Ficam-no-Empate-na-II-Copa-AMV-DSC_0032-300x200.jpg 300w, https:\/\/infonewss.com\/wp-content\/uploads\/2023\/08\/Em-Jogo-Bastante-Movimentado-Belem-e-Jaicos-Ficam-no-Empate-na-II-Copa-AMV-DSC_0032-768x512.jpg 768w, https:\/\/infonewss.com\/wp-content\/uploads\/2023\/08\/Em-Jogo-Bastante-Movimentado-Belem-e-Jaicos-Ficam-no-Empate-na-II-Copa-AMV-DSC_0032-150x100.jpg 150w, https:\/\/infonewss.com\/wp-content\/uploads\/2023\/08\/Em-Jogo-Bastante-Movimentado-Belem-e-Jaicos-Ficam-no-Empate-na-II-Copa-AMV-DSC_0032-696x464.jpg 696w, https:\/\/infonewss.com\/wp-content\/uploads\/2023\/08\/Em-Jogo-Bastante-Movimentado-Belem-e-Jaicos-Ficam-no-Empate-na-II-Copa-AMV-DSC_0032.jpg 900w\" alt=\"\" width=\"300\" height=\"200\" data-srcset=\"https:\/\/infonewss.com\/wp-content\/uploads\/2023\/08\/Em-Jogo-Bastante-Movimentado-Belem-e-Jaicos-Ficam-no-Empate-na-II-Copa-AMV-DSC_0032-300x200.jpg 300w, https:\/\/infonewss.com\/wp-content\/uploads\/2023\/08\/Em-Jogo-Bastante-Movimentado-Belem-e-Jaicos-Ficam-no-Empate-na-II-Copa-AMV-DSC_0032-768x512.jpg 768w, https:\/\/infonewss.com\/wp-content\/uploads\/2023\/08\/Em-Jogo-Bastante-Movimentado-Belem-e-Jaicos-Ficam-no-Empate-na-II-Copa-AMV-DSC_0032-150x100.jpg 150w, https:\/\/infonewss.com\/wp-content\/uploads\/2023\/08\/Em-Jogo-Bastante-Movimentado-Belem-e-Jaicos-Ficam-no-Empate-na-II-Copa-AMV-DSC_0032-696x464.jpg 696w, https:\/\/infonewss.com\/wp-content\/uploads\/2023\/08\/Em-Jogo-Bastante-Movimentado-Belem-e-Jaicos-Ficam-no-Empate-na-II-Copa-AMV-DSC_0032.jpg 900w\" data-src=\"https:\/\/infonewss.com\/wp-content\/uploads\/2023\/08\/Em-Jogo-Bastante-Movimentado-Belem-e-Jaicos-Ficam-no-Empate-na-II-Copa-AMV-DSC_0032-300x200.jpg\" data-sizes=\"(max-width: 300px) 100vw, 300px\" \/><\/a><\/div>\n<\/figure>\n<figure class=\"gallery-item\">\n<div class=\"gallery-icon landscape\"><a href=\"https:\/\/infonewss.com\/wp-content\/uploads\/2023\/08\/Em-Jogo-Bastante-Movimentado-Belem-e-Jaicos-Ficam-no-Empate-na-II-Copa-AMV-DSC_0035.jpg\"><img loading=\"lazy\" decoding=\"async\" class=\"attachment-medium size-medium lazyloaded\" src=\"https:\/\/infonewss.com\/wp-content\/uploads\/2023\/08\/Em-Jogo-Bastante-Movimentado-Belem-e-Jaicos-Ficam-no-Empate-na-II-Copa-AMV-DSC_0035-300x200.jpg\" sizes=\"(max-width: 300px) 100vw, 300px\" srcset=\"https:\/\/infonewss.com\/wp-content\/uploads\/2023\/08\/Em-Jogo-Bastante-Movimentado-Belem-e-Jaicos-Ficam-no-Empate-na-II-Copa-AMV-DSC_0035-300x200.jpg 300w, https:\/\/infonewss.com\/wp-content\/uploads\/2023\/08\/Em-Jogo-Bastante-Movimentado-Belem-e-Jaicos-Ficam-no-Empate-na-II-Copa-AMV-DSC_0035-768x512.jpg 768w, https:\/\/infonewss.com\/wp-content\/uploads\/2023\/08\/Em-Jogo-Bastante-Movimentado-Belem-e-Jaicos-Ficam-no-Empate-na-II-Copa-AMV-DSC_0035-150x100.jpg 150w, https:\/\/infonewss.com\/wp-content\/uploads\/2023\/08\/Em-Jogo-Bastante-Movimentado-Belem-e-Jaicos-Ficam-no-Empate-na-II-Copa-AMV-DSC_0035-696x464.jpg 696w, https:\/\/infonewss.com\/wp-content\/uploads\/2023\/08\/Em-Jogo-Bastante-Movimentado-Belem-e-Jaicos-Ficam-no-Empate-na-II-Copa-AMV-DSC_0035.jpg 900w\" alt=\"\" width=\"300\" height=\"200\" data-srcset=\"https:\/\/infonewss.com\/wp-content\/uploads\/2023\/08\/Em-Jogo-Bastante-Movimentado-Belem-e-Jaicos-Ficam-no-Empate-na-II-Copa-AMV-DSC_0035-300x200.jpg 300w, https:\/\/infonewss.com\/wp-content\/uploads\/2023\/08\/Em-Jogo-Bastante-Movimentado-Belem-e-Jaicos-Ficam-no-Empate-na-II-Copa-AMV-DSC_0035-768x512.jpg 768w, https:\/\/infonewss.com\/wp-content\/uploads\/2023\/08\/Em-Jogo-Bastante-Movimentado-Belem-e-Jaicos-Ficam-no-Empate-na-II-Copa-AMV-DSC_0035-150x100.jpg 150w, https:\/\/infonewss.com\/wp-content\/uploads\/2023\/08\/Em-Jogo-Bastante-Movimentado-Belem-e-Jaicos-Ficam-no-Empate-na-II-Copa-AMV-DSC_0035-696x464.jpg 696w, https:\/\/infonewss.com\/wp-content\/uploads\/2023\/08\/Em-Jogo-Bastante-Movimentado-Belem-e-Jaicos-Ficam-no-Empate-na-II-Copa-AMV-DSC_0035.jpg 900w\" data-src=\"https:\/\/infonewss.com\/wp-content\/uploads\/2023\/08\/Em-Jogo-Bastante-Movimentado-Belem-e-Jaicos-Ficam-no-Empate-na-II-Copa-AMV-DSC_0035-300x200.jpg\" data-sizes=\"(max-width: 300px) 100vw, 300px\" \/><\/a><\/div>\n<\/figure>\n<figure class=\"gallery-item\">\n<div class=\"gallery-icon landscape\"><a href=\"https:\/\/infonewss.com\/wp-content\/uploads\/2023\/08\/Em-Jogo-Bastante-Movimentado-Belem-e-Jaicos-Ficam-no-Empate-na-II-Copa-AMV-DSC_0037.jpg\"><img loading=\"lazy\" decoding=\"async\" class=\"attachment-medium size-medium lazyloaded\" src=\"https:\/\/infonewss.com\/wp-content\/uploads\/2023\/08\/Em-Jogo-Bastante-Movimentado-Belem-e-Jaicos-Ficam-no-Empate-na-II-Copa-AMV-DSC_0037-300x200.jpg\" sizes=\"(max-width: 300px) 100vw, 300px\" srcset=\"https:\/\/infonewss.com\/wp-content\/uploads\/2023\/08\/Em-Jogo-Bastante-Movimentado-Belem-e-Jaicos-Ficam-no-Empate-na-II-Copa-AMV-DSC_0037-300x200.jpg 300w, https:\/\/infonewss.com\/wp-content\/uploads\/2023\/08\/Em-Jogo-Bastante-Movimentado-Belem-e-Jaicos-Ficam-no-Empate-na-II-Copa-AMV-DSC_0037-768x512.jpg 768w, https:\/\/infonewss.com\/wp-content\/uploads\/2023\/08\/Em-Jogo-Bastante-Movimentado-Belem-e-Jaicos-Ficam-no-Empate-na-II-Copa-AMV-DSC_0037-150x100.jpg 150w, https:\/\/infonewss.com\/wp-content\/uploads\/2023\/08\/Em-Jogo-Bastante-Movimentado-Belem-e-Jaicos-Ficam-no-Empate-na-II-Copa-AMV-DSC_0037-696x464.jpg 696w, https:\/\/infonewss.com\/wp-content\/uploads\/2023\/08\/Em-Jogo-Bastante-Movimentado-Belem-e-Jaicos-Ficam-no-Empate-na-II-Copa-AMV-DSC_0037.jpg 900w\" alt=\"\" width=\"300\" height=\"200\" data-srcset=\"https:\/\/infonewss.com\/wp-content\/uploads\/2023\/08\/Em-Jogo-Bastante-Movimentado-Belem-e-Jaicos-Ficam-no-Empate-na-II-Copa-AMV-DSC_0037-300x200.jpg 300w, https:\/\/infonewss.com\/wp-content\/uploads\/2023\/08\/Em-Jogo-Bastante-Movimentado-Belem-e-Jaicos-Ficam-no-Empate-na-II-Copa-AMV-DSC_0037-768x512.jpg 768w, https:\/\/infonewss.com\/wp-content\/uploads\/2023\/08\/Em-Jogo-Bastante-Movimentado-Belem-e-Jaicos-Ficam-no-Empate-na-II-Copa-AMV-DSC_0037-150x100.jpg 150w, https:\/\/infonewss.com\/wp-content\/uploads\/2023\/08\/Em-Jogo-Bastante-Movimentado-Belem-e-Jaicos-Ficam-no-Empate-na-II-Copa-AMV-DSC_0037-696x464.jpg 696w, https:\/\/infonewss.com\/wp-content\/uploads\/2023\/08\/Em-Jogo-Bastante-Movimentado-Belem-e-Jaicos-Ficam-no-Empate-na-II-Copa-AMV-DSC_0037.jpg 900w\" data-src=\"https:\/\/infonewss.com\/wp-content\/uploads\/2023\/08\/Em-Jogo-Bastante-Movimentado-Belem-e-Jaicos-Ficam-no-Empate-na-II-Copa-AMV-DSC_0037-300x200.jpg\" data-sizes=\"(max-width: 300px) 100vw, 300px\" \/><\/a><\/div>\n<\/figure>\n<figure class=\"gallery-item\">\n<div class=\"gallery-icon landscape\"><a href=\"https:\/\/infonewss.com\/wp-content\/uploads\/2023\/08\/Em-Jogo-Bastante-Movimentado-Belem-e-Jaicos-Ficam-no-Empate-na-II-Copa-AMV-DSC_0039.jpg\"><img loading=\"lazy\" decoding=\"async\" class=\"attachment-medium size-medium lazyloaded\" src=\"https:\/\/infonewss.com\/wp-content\/uploads\/2023\/08\/Em-Jogo-Bastante-Movimentado-Belem-e-Jaicos-Ficam-no-Empate-na-II-Copa-AMV-DSC_0039-300x200.jpg\" sizes=\"(max-width: 300px) 100vw, 300px\" srcset=\"https:\/\/infonewss.com\/wp-content\/uploads\/2023\/08\/Em-Jogo-Bastante-Movimentado-Belem-e-Jaicos-Ficam-no-Empate-na-II-Copa-AMV-DSC_0039-300x200.jpg 300w, https:\/\/infonewss.com\/wp-content\/uploads\/2023\/08\/Em-Jogo-Bastante-Movimentado-Belem-e-Jaicos-Ficam-no-Empate-na-II-Copa-AMV-DSC_0039-768x512.jpg 768w, https:\/\/infonewss.com\/wp-content\/uploads\/2023\/08\/Em-Jogo-Bastante-Movimentado-Belem-e-Jaicos-Ficam-no-Empate-na-II-Copa-AMV-DSC_0039-150x100.jpg 150w, https:\/\/infonewss.com\/wp-content\/uploads\/2023\/08\/Em-Jogo-Bastante-Movimentado-Belem-e-Jaicos-Ficam-no-Empate-na-II-Copa-AMV-DSC_0039-696x464.jpg 696w, https:\/\/infonewss.com\/wp-content\/uploads\/2023\/08\/Em-Jogo-Bastante-Movimentado-Belem-e-Jaicos-Ficam-no-Empate-na-II-Copa-AMV-DSC_0039.jpg 900w\" alt=\"\" width=\"300\" height=\"200\" data-srcset=\"https:\/\/infonewss.com\/wp-content\/uploads\/2023\/08\/Em-Jogo-Bastante-Movimentado-Belem-e-Jaicos-Ficam-no-Empate-na-II-Copa-AMV-DSC_0039-300x200.jpg 300w, https:\/\/infonewss.com\/wp-content\/uploads\/2023\/08\/Em-Jogo-Bastante-Movimentado-Belem-e-Jaicos-Ficam-no-Empate-na-II-Copa-AMV-DSC_0039-768x512.jpg 768w, https:\/\/infonewss.com\/wp-content\/uploads\/2023\/08\/Em-Jogo-Bastante-Movimentado-Belem-e-Jaicos-Ficam-no-Empate-na-II-Copa-AMV-DSC_0039-150x100.jpg 150w, https:\/\/infonewss.com\/wp-content\/uploads\/2023\/08\/Em-Jogo-Bastante-Movimentado-Belem-e-Jaicos-Ficam-no-Empate-na-II-Copa-AMV-DSC_0039-696x464.jpg 696w, https:\/\/infonewss.com\/wp-content\/uploads\/2023\/08\/Em-Jogo-Bastante-Movimentado-Belem-e-Jaicos-Ficam-no-Empate-na-II-Copa-AMV-DSC_0039.jpg 900w\" data-src=\"https:\/\/infonewss.com\/wp-content\/uploads\/2023\/08\/Em-Jogo-Bastante-Movimentado-Belem-e-Jaicos-Ficam-no-Empate-na-II-Copa-AMV-DSC_0039-300x200.jpg\" data-sizes=\"(max-width: 300px) 100vw, 300px\" \/><\/a><\/div>\n<\/figure>\n<figure class=\"gallery-item\">\n<div class=\"gallery-icon landscape\"><a href=\"https:\/\/infonewss.com\/wp-content\/uploads\/2023\/08\/Em-Jogo-Bastante-Movimentado-Belem-e-Jaicos-Ficam-no-Empate-na-II-Copa-AMV-DSC_0042.jpg\"><img loading=\"lazy\" decoding=\"async\" class=\"attachment-medium size-medium lazyloaded\" src=\"https:\/\/infonewss.com\/wp-content\/uploads\/2023\/08\/Em-Jogo-Bastante-Movimentado-Belem-e-Jaicos-Ficam-no-Empate-na-II-Copa-AMV-DSC_0042-300x200.jpg\" sizes=\"(max-width: 300px) 100vw, 300px\" srcset=\"https:\/\/infonewss.com\/wp-content\/uploads\/2023\/08\/Em-Jogo-Bastante-Movimentado-Belem-e-Jaicos-Ficam-no-Empate-na-II-Copa-AMV-DSC_0042-300x200.jpg 300w, https:\/\/infonewss.com\/wp-content\/uploads\/2023\/08\/Em-Jogo-Bastante-Movimentado-Belem-e-Jaicos-Ficam-no-Empate-na-II-Copa-AMV-DSC_0042-768x512.jpg 768w, https:\/\/infonewss.com\/wp-content\/uploads\/2023\/08\/Em-Jogo-Bastante-Movimentado-Belem-e-Jaicos-Ficam-no-Empate-na-II-Copa-AMV-DSC_0042-150x100.jpg 150w, https:\/\/infonewss.com\/wp-content\/uploads\/2023\/08\/Em-Jogo-Bastante-Movimentado-Belem-e-Jaicos-Ficam-no-Empate-na-II-Copa-AMV-DSC_0042-696x464.jpg 696w, https:\/\/infonewss.com\/wp-content\/uploads\/2023\/08\/Em-Jogo-Bastante-Movimentado-Belem-e-Jaicos-Ficam-no-Empate-na-II-Copa-AMV-DSC_0042.jpg 900w\" alt=\"\" width=\"300\" height=\"200\" data-srcset=\"https:\/\/infonewss.com\/wp-content\/uploads\/2023\/08\/Em-Jogo-Bastante-Movimentado-Belem-e-Jaicos-Ficam-no-Empate-na-II-Copa-AMV-DSC_0042-300x200.jpg 300w, https:\/\/infonewss.com\/wp-content\/uploads\/2023\/08\/Em-Jogo-Bastante-Movimentado-Belem-e-Jaicos-Ficam-no-Empate-na-II-Copa-AMV-DSC_0042-768x512.jpg 768w, https:\/\/infonewss.com\/wp-content\/uploads\/2023\/08\/Em-Jogo-Bastante-Movimentado-Belem-e-Jaicos-Ficam-no-Empate-na-II-Copa-AMV-DSC_0042-150x100.jpg 150w, https:\/\/infonewss.com\/wp-content\/uploads\/2023\/08\/Em-Jogo-Bastante-Movimentado-Belem-e-Jaicos-Ficam-no-Empate-na-II-Copa-AMV-DSC_0042-696x464.jpg 696w, https:\/\/infonewss.com\/wp-content\/uploads\/2023\/08\/Em-Jogo-Bastante-Movimentado-Belem-e-Jaicos-Ficam-no-Empate-na-II-Copa-AMV-DSC_0042.jpg 900w\" data-src=\"https:\/\/infonewss.com\/wp-content\/uploads\/2023\/08\/Em-Jogo-Bastante-Movimentado-Belem-e-Jaicos-Ficam-no-Empate-na-II-Copa-AMV-DSC_0042-300x200.jpg\" data-sizes=\"(max-width: 300px) 100vw, 300px\" \/><\/a><\/div>\n<\/figure>\n<figure class=\"gallery-item\">\n<div class=\"gallery-icon landscape\"><a href=\"https:\/\/infonewss.com\/wp-content\/uploads\/2023\/08\/Em-Jogo-Bastante-Movimentado-Belem-e-Jaicos-Ficam-no-Empate-na-II-Copa-AMV-DSC_0043.jpg\"><img loading=\"lazy\" decoding=\"async\" class=\"attachment-medium size-medium lazyloaded\" src=\"https:\/\/infonewss.com\/wp-content\/uploads\/2023\/08\/Em-Jogo-Bastante-Movimentado-Belem-e-Jaicos-Ficam-no-Empate-na-II-Copa-AMV-DSC_0043-300x200.jpg\" sizes=\"(max-width: 300px) 100vw, 300px\" srcset=\"https:\/\/infonewss.com\/wp-content\/uploads\/2023\/08\/Em-Jogo-Bastante-Movimentado-Belem-e-Jaicos-Ficam-no-Empate-na-II-Copa-AMV-DSC_0043-300x200.jpg 300w, https:\/\/infonewss.com\/wp-content\/uploads\/2023\/08\/Em-Jogo-Bastante-Movimentado-Belem-e-Jaicos-Ficam-no-Empate-na-II-Copa-AMV-DSC_0043-768x512.jpg 768w, https:\/\/infonewss.com\/wp-content\/uploads\/2023\/08\/Em-Jogo-Bastante-Movimentado-Belem-e-Jaicos-Ficam-no-Empate-na-II-Copa-AMV-DSC_0043-150x100.jpg 150w, https:\/\/infonewss.com\/wp-content\/uploads\/2023\/08\/Em-Jogo-Bastante-Movimentado-Belem-e-Jaicos-Ficam-no-Empate-na-II-Copa-AMV-DSC_0043-696x464.jpg 696w, https:\/\/infonewss.com\/wp-content\/uploads\/2023\/08\/Em-Jogo-Bastante-Movimentado-Belem-e-Jaicos-Ficam-no-Empate-na-II-Copa-AMV-DSC_0043.jpg 900w\" alt=\"\" width=\"300\" height=\"200\" data-srcset=\"https:\/\/infonewss.com\/wp-content\/uploads\/2023\/08\/Em-Jogo-Bastante-Movimentado-Belem-e-Jaicos-Ficam-no-Empate-na-II-Copa-AMV-DSC_0043-300x200.jpg 300w, https:\/\/infonewss.com\/wp-content\/uploads\/2023\/08\/Em-Jogo-Bastante-Movimentado-Belem-e-Jaicos-Ficam-no-Empate-na-II-Copa-AMV-DSC_0043-768x512.jpg 768w, https:\/\/infonewss.com\/wp-content\/uploads\/2023\/08\/Em-Jogo-Bastante-Movimentado-Belem-e-Jaicos-Ficam-no-Empate-na-II-Copa-AMV-DSC_0043-150x100.jpg 150w, https:\/\/infonewss.com\/wp-content\/uploads\/2023\/08\/Em-Jogo-Bastante-Movimentado-Belem-e-Jaicos-Ficam-no-Empate-na-II-Copa-AMV-DSC_0043-696x464.jpg 696w, https:\/\/infonewss.com\/wp-content\/uploads\/2023\/08\/Em-Jogo-Bastante-Movimentado-Belem-e-Jaicos-Ficam-no-Empate-na-II-Copa-AMV-DSC_0043.jpg 900w\" data-src=\"https:\/\/infonewss.com\/wp-content\/uploads\/2023\/08\/Em-Jogo-Bastante-Movimentado-Belem-e-Jaicos-Ficam-no-Empate-na-II-Copa-AMV-DSC_0043-300x200.jpg\" data-sizes=\"(max-width: 300px) 100vw, 300px\" \/><\/a><\/div>\n<\/figure>\n<figure class=\"gallery-item\">\n<div class=\"gallery-icon landscape\"><a href=\"https:\/\/infonewss.com\/wp-content\/uploads\/2023\/08\/Em-Jogo-Bastante-Movimentado-Belem-e-Jaicos-Ficam-no-Empate-na-II-Copa-AMV-DSC_0045.jpg\"><img loading=\"lazy\" decoding=\"async\" class=\"attachment-medium size-medium lazyloaded\" src=\"https:\/\/infonewss.com\/wp-content\/uploads\/2023\/08\/Em-Jogo-Bastante-Movimentado-Belem-e-Jaicos-Ficam-no-Empate-na-II-Copa-AMV-DSC_0045-300x200.jpg\" sizes=\"(max-width: 300px) 100vw, 300px\" srcset=\"https:\/\/infonewss.com\/wp-content\/uploads\/2023\/08\/Em-Jogo-Bastante-Movimentado-Belem-e-Jaicos-Ficam-no-Empate-na-II-Copa-AMV-DSC_0045-300x200.jpg 300w, https:\/\/infonewss.com\/wp-content\/uploads\/2023\/08\/Em-Jogo-Bastante-Movimentado-Belem-e-Jaicos-Ficam-no-Empate-na-II-Copa-AMV-DSC_0045-768x512.jpg 768w, https:\/\/infonewss.com\/wp-content\/uploads\/2023\/08\/Em-Jogo-Bastante-Movimentado-Belem-e-Jaicos-Ficam-no-Empate-na-II-Copa-AMV-DSC_0045-150x100.jpg 150w, https:\/\/infonewss.com\/wp-content\/uploads\/2023\/08\/Em-Jogo-Bastante-Movimentado-Belem-e-Jaicos-Ficam-no-Empate-na-II-Copa-AMV-DSC_0045-696x464.jpg 696w, https:\/\/infonewss.com\/wp-content\/uploads\/2023\/08\/Em-Jogo-Bastante-Movimentado-Belem-e-Jaicos-Ficam-no-Empate-na-II-Copa-AMV-DSC_0045.jpg 900w\" alt=\"\" width=\"300\" height=\"200\" data-srcset=\"https:\/\/infonewss.com\/wp-content\/uploads\/2023\/08\/Em-Jogo-Bastante-Movimentado-Belem-e-Jaicos-Ficam-no-Empate-na-II-Copa-AMV-DSC_0045-300x200.jpg 300w, https:\/\/infonewss.com\/wp-content\/uploads\/2023\/08\/Em-Jogo-Bastante-Movimentado-Belem-e-Jaicos-Ficam-no-Empate-na-II-Copa-AMV-DSC_0045-768x512.jpg 768w, https:\/\/infonewss.com\/wp-content\/uploads\/2023\/08\/Em-Jogo-Bastante-Movimentado-Belem-e-Jaicos-Ficam-no-Empate-na-II-Copa-AMV-DSC_0045-150x100.jpg 150w, https:\/\/infonewss.com\/wp-content\/uploads\/2023\/08\/Em-Jogo-Bastante-Movimentado-Belem-e-Jaicos-Ficam-no-Empate-na-II-Copa-AMV-DSC_0045-696x464.jpg 696w, https:\/\/infonewss.com\/wp-content\/uploads\/2023\/08\/Em-Jogo-Bastante-Movimentado-Belem-e-Jaicos-Ficam-no-Empate-na-II-Copa-AMV-DSC_0045.jpg 900w\" data-src=\"https:\/\/infonewss.com\/wp-content\/uploads\/2023\/08\/Em-Jogo-Bastante-Movimentado-Belem-e-Jaicos-Ficam-no-Empate-na-II-Copa-AMV-DSC_0045-300x200.jpg\" data-sizes=\"(max-width: 300px) 100vw, 300px\" \/><\/a><\/div>\n<\/figure>\n<figure class=\"gallery-item\">\n<div class=\"gallery-icon landscape\"><a href=\"https:\/\/infonewss.com\/wp-content\/uploads\/2023\/08\/Em-Jogo-Bastante-Movimentado-Belem-e-Jaicos-Ficam-no-Empate-na-II-Copa-AMV-DSC_0047.jpg\"><img loading=\"lazy\" decoding=\"async\" class=\"attachment-medium size-medium lazyloaded\" src=\"https:\/\/infonewss.com\/wp-content\/uploads\/2023\/08\/Em-Jogo-Bastante-Movimentado-Belem-e-Jaicos-Ficam-no-Empate-na-II-Copa-AMV-DSC_0047-300x200.jpg\" sizes=\"(max-width: 300px) 100vw, 300px\" srcset=\"https:\/\/infonewss.com\/wp-content\/uploads\/2023\/08\/Em-Jogo-Bastante-Movimentado-Belem-e-Jaicos-Ficam-no-Empate-na-II-Copa-AMV-DSC_0047-300x200.jpg 300w, https:\/\/infonewss.com\/wp-content\/uploads\/2023\/08\/Em-Jogo-Bastante-Movimentado-Belem-e-Jaicos-Ficam-no-Empate-na-II-Copa-AMV-DSC_0047-768x512.jpg 768w, https:\/\/infonewss.com\/wp-content\/uploads\/2023\/08\/Em-Jogo-Bastante-Movimentado-Belem-e-Jaicos-Ficam-no-Empate-na-II-Copa-AMV-DSC_0047-150x100.jpg 150w, https:\/\/infonewss.com\/wp-content\/uploads\/2023\/08\/Em-Jogo-Bastante-Movimentado-Belem-e-Jaicos-Ficam-no-Empate-na-II-Copa-AMV-DSC_0047-696x464.jpg 696w, https:\/\/infonewss.com\/wp-content\/uploads\/2023\/08\/Em-Jogo-Bastante-Movimentado-Belem-e-Jaicos-Ficam-no-Empate-na-II-Copa-AMV-DSC_0047.jpg 900w\" alt=\"\" width=\"300\" height=\"200\" data-srcset=\"https:\/\/infonewss.com\/wp-content\/uploads\/2023\/08\/Em-Jogo-Bastante-Movimentado-Belem-e-Jaicos-Ficam-no-Empate-na-II-Copa-AMV-DSC_0047-300x200.jpg 300w, https:\/\/infonewss.com\/wp-content\/uploads\/2023\/08\/Em-Jogo-Bastante-Movimentado-Belem-e-Jaicos-Ficam-no-Empate-na-II-Copa-AMV-DSC_0047-768x512.jpg 768w, https:\/\/infonewss.com\/wp-content\/uploads\/2023\/08\/Em-Jogo-Bastante-Movimentado-Belem-e-Jaicos-Ficam-no-Empate-na-II-Copa-AMV-DSC_0047-150x100.jpg 150w, https:\/\/infonewss.com\/wp-content\/uploads\/2023\/08\/Em-Jogo-Bastante-Movimentado-Belem-e-Jaicos-Ficam-no-Empate-na-II-Copa-AMV-DSC_0047-696x464.jpg 696w, https:\/\/infonewss.com\/wp-content\/uploads\/2023\/08\/Em-Jogo-Bastante-Movimentado-Belem-e-Jaicos-Ficam-no-Empate-na-II-Copa-AMV-DSC_0047.jpg 900w\" data-src=\"https:\/\/infonewss.com\/wp-content\/uploads\/2023\/08\/Em-Jogo-Bastante-Movimentado-Belem-e-Jaicos-Ficam-no-Empate-na-II-Copa-AMV-DSC_0047-300x200.jpg\" data-sizes=\"(max-width: 300px) 100vw, 300px\" \/><\/a><\/div>\n<\/figure>\n<figure class=\"gallery-item\">\n<div class=\"gallery-icon landscape\"><a href=\"https:\/\/infonewss.com\/wp-content\/uploads\/2023\/08\/Em-Jogo-Bastante-Movimentado-Belem-e-Jaicos-Ficam-no-Empate-na-II-Copa-AMV-DSC_0048.jpg\"><img loading=\"lazy\" decoding=\"async\" class=\"attachment-medium size-medium lazyloaded\" src=\"https:\/\/infonewss.com\/wp-content\/uploads\/2023\/08\/Em-Jogo-Bastante-Movimentado-Belem-e-Jaicos-Ficam-no-Empate-na-II-Copa-AMV-DSC_0048-300x200.jpg\" sizes=\"(max-width: 300px) 100vw, 300px\" srcset=\"https:\/\/infonewss.com\/wp-content\/uploads\/2023\/08\/Em-Jogo-Bastante-Movimentado-Belem-e-Jaicos-Ficam-no-Empate-na-II-Copa-AMV-DSC_0048-300x200.jpg 300w, https:\/\/infonewss.com\/wp-content\/uploads\/2023\/08\/Em-Jogo-Bastante-Movimentado-Belem-e-Jaicos-Ficam-no-Empate-na-II-Copa-AMV-DSC_0048-768x512.jpg 768w, https:\/\/infonewss.com\/wp-content\/uploads\/2023\/08\/Em-Jogo-Bastante-Movimentado-Belem-e-Jaicos-Ficam-no-Empate-na-II-Copa-AMV-DSC_0048-150x100.jpg 150w, https:\/\/infonewss.com\/wp-content\/uploads\/2023\/08\/Em-Jogo-Bastante-Movimentado-Belem-e-Jaicos-Ficam-no-Empate-na-II-Copa-AMV-DSC_0048-696x464.jpg 696w, https:\/\/infonewss.com\/wp-content\/uploads\/2023\/08\/Em-Jogo-Bastante-Movimentado-Belem-e-Jaicos-Ficam-no-Empate-na-II-Copa-AMV-DSC_0048.jpg 900w\" alt=\"\" width=\"300\" height=\"200\" data-srcset=\"https:\/\/infonewss.com\/wp-content\/uploads\/2023\/08\/Em-Jogo-Bastante-Movimentado-Belem-e-Jaicos-Ficam-no-Empate-na-II-Copa-AMV-DSC_0048-300x200.jpg 300w, https:\/\/infonewss.com\/wp-content\/uploads\/2023\/08\/Em-Jogo-Bastante-Movimentado-Belem-e-Jaicos-Ficam-no-Empate-na-II-Copa-AMV-DSC_0048-768x512.jpg 768w, https:\/\/infonewss.com\/wp-content\/uploads\/2023\/08\/Em-Jogo-Bastante-Movimentado-Belem-e-Jaicos-Ficam-no-Empate-na-II-Copa-AMV-DSC_0048-150x100.jpg 150w, https:\/\/infonewss.com\/wp-content\/uploads\/2023\/08\/Em-Jogo-Bastante-Movimentado-Belem-e-Jaicos-Ficam-no-Empate-na-II-Copa-AMV-DSC_0048-696x464.jpg 696w, https:\/\/infonewss.com\/wp-content\/uploads\/2023\/08\/Em-Jogo-Bastante-Movimentado-Belem-e-Jaicos-Ficam-no-Empate-na-II-Copa-AMV-DSC_0048.jpg 900w\" data-src=\"https:\/\/infonewss.com\/wp-content\/uploads\/2023\/08\/Em-Jogo-Bastante-Movimentado-Belem-e-Jaicos-Ficam-no-Empate-na-II-Copa-AMV-DSC_0048-300x200.jpg\" data-sizes=\"(max-width: 300px) 100vw, 300px\" \/><\/a><\/div>\n<\/figure>\n<figure class=\"gallery-item\">\n<div class=\"gallery-icon landscape\"><a href=\"https:\/\/infonewss.com\/wp-content\/uploads\/2023\/08\/Em-Jogo-Bastante-Movimentado-Belem-e-Jaicos-Ficam-no-Empate-na-II-Copa-AMV-DSC_0052.jpg\"><img loading=\"lazy\" decoding=\"async\" class=\"attachment-medium size-medium lazyloaded\" src=\"https:\/\/infonewss.com\/wp-content\/uploads\/2023\/08\/Em-Jogo-Bastante-Movimentado-Belem-e-Jaicos-Ficam-no-Empate-na-II-Copa-AMV-DSC_0052-300x200.jpg\" sizes=\"(max-width: 300px) 100vw, 300px\" srcset=\"https:\/\/infonewss.com\/wp-content\/uploads\/2023\/08\/Em-Jogo-Bastante-Movimentado-Belem-e-Jaicos-Ficam-no-Empate-na-II-Copa-AMV-DSC_0052-300x200.jpg 300w, https:\/\/infonewss.com\/wp-content\/uploads\/2023\/08\/Em-Jogo-Bastante-Movimentado-Belem-e-Jaicos-Ficam-no-Empate-na-II-Copa-AMV-DSC_0052-768x512.jpg 768w, https:\/\/infonewss.com\/wp-content\/uploads\/2023\/08\/Em-Jogo-Bastante-Movimentado-Belem-e-Jaicos-Ficam-no-Empate-na-II-Copa-AMV-DSC_0052-150x100.jpg 150w, https:\/\/infonewss.com\/wp-content\/uploads\/2023\/08\/Em-Jogo-Bastante-Movimentado-Belem-e-Jaicos-Ficam-no-Empate-na-II-Copa-AMV-DSC_0052-696x464.jpg 696w, https:\/\/infonewss.com\/wp-content\/uploads\/2023\/08\/Em-Jogo-Bastante-Movimentado-Belem-e-Jaicos-Ficam-no-Empate-na-II-Copa-AMV-DSC_0052.jpg 900w\" alt=\"\" width=\"300\" height=\"200\" data-srcset=\"https:\/\/infonewss.com\/wp-content\/uploads\/2023\/08\/Em-Jogo-Bastante-Movimentado-Belem-e-Jaicos-Ficam-no-Empate-na-II-Copa-AMV-DSC_0052-300x200.jpg 300w, https:\/\/infonewss.com\/wp-content\/uploads\/2023\/08\/Em-Jogo-Bastante-Movimentado-Belem-e-Jaicos-Ficam-no-Empate-na-II-Copa-AMV-DSC_0052-768x512.jpg 768w, https:\/\/infonewss.com\/wp-content\/uploads\/2023\/08\/Em-Jogo-Bastante-Movimentado-Belem-e-Jaicos-Ficam-no-Empate-na-II-Copa-AMV-DSC_0052-150x100.jpg 150w, https:\/\/infonewss.com\/wp-content\/uploads\/2023\/08\/Em-Jogo-Bastante-Movimentado-Belem-e-Jaicos-Ficam-no-Empate-na-II-Copa-AMV-DSC_0052-696x464.jpg 696w, https:\/\/infonewss.com\/wp-content\/uploads\/2023\/08\/Em-Jogo-Bastante-Movimentado-Belem-e-Jaicos-Ficam-no-Empate-na-II-Copa-AMV-DSC_0052.jpg 900w\" data-src=\"https:\/\/infonewss.com\/wp-content\/uploads\/2023\/08\/Em-Jogo-Bastante-Movimentado-Belem-e-Jaicos-Ficam-no-Empate-na-II-Copa-AMV-DSC_0052-300x200.jpg\" data-sizes=\"(max-width: 300px) 100vw, 300px\" \/><\/a><\/div>\n<\/figure>\n<figure class=\"gallery-item\">\n<div class=\"gallery-icon landscape\"><a href=\"https:\/\/infonewss.com\/wp-content\/uploads\/2023\/08\/Em-Jogo-Bastante-Movimentado-Belem-e-Jaicos-Ficam-no-Empate-na-II-Copa-AMV-DSC_0054.jpg\"><img loading=\"lazy\" decoding=\"async\" class=\"attachment-medium size-medium lazyloaded\" src=\"https:\/\/infonewss.com\/wp-content\/uploads\/2023\/08\/Em-Jogo-Bastante-Movimentado-Belem-e-Jaicos-Ficam-no-Empate-na-II-Copa-AMV-DSC_0054-300x200.jpg\" sizes=\"(max-width: 300px) 100vw, 300px\" srcset=\"https:\/\/infonewss.com\/wp-content\/uploads\/2023\/08\/Em-Jogo-Bastante-Movimentado-Belem-e-Jaicos-Ficam-no-Empate-na-II-Copa-AMV-DSC_0054-300x200.jpg 300w, https:\/\/infonewss.com\/wp-content\/uploads\/2023\/08\/Em-Jogo-Bastante-Movimentado-Belem-e-Jaicos-Ficam-no-Empate-na-II-Copa-AMV-DSC_0054-768x512.jpg 768w, https:\/\/infonewss.com\/wp-content\/uploads\/2023\/08\/Em-Jogo-Bastante-Movimentado-Belem-e-Jaicos-Ficam-no-Empate-na-II-Copa-AMV-DSC_0054-150x100.jpg 150w, https:\/\/infonewss.com\/wp-content\/uploads\/2023\/08\/Em-Jogo-Bastante-Movimentado-Belem-e-Jaicos-Ficam-no-Empate-na-II-Copa-AMV-DSC_0054-696x464.jpg 696w, https:\/\/infonewss.com\/wp-content\/uploads\/2023\/08\/Em-Jogo-Bastante-Movimentado-Belem-e-Jaicos-Ficam-no-Empate-na-II-Copa-AMV-DSC_0054.jpg 900w\" alt=\"\" width=\"300\" height=\"200\" data-srcset=\"https:\/\/infonewss.com\/wp-content\/uploads\/2023\/08\/Em-Jogo-Bastante-Movimentado-Belem-e-Jaicos-Ficam-no-Empate-na-II-Copa-AMV-DSC_0054-300x200.jpg 300w, https:\/\/infonewss.com\/wp-content\/uploads\/2023\/08\/Em-Jogo-Bastante-Movimentado-Belem-e-Jaicos-Ficam-no-Empate-na-II-Copa-AMV-DSC_0054-768x512.jpg 768w, https:\/\/infonewss.com\/wp-content\/uploads\/2023\/08\/Em-Jogo-Bastante-Movimentado-Belem-e-Jaicos-Ficam-no-Empate-na-II-Copa-AMV-DSC_0054-150x100.jpg 150w, https:\/\/infonewss.com\/wp-content\/uploads\/2023\/08\/Em-Jogo-Bastante-Movimentado-Belem-e-Jaicos-Ficam-no-Empate-na-II-Copa-AMV-DSC_0054-696x464.jpg 696w, https:\/\/infonewss.com\/wp-content\/uploads\/2023\/08\/Em-Jogo-Bastante-Movimentado-Belem-e-Jaicos-Ficam-no-Empate-na-II-Copa-AMV-DSC_0054.jpg 900w\" data-src=\"https:\/\/infonewss.com\/wp-content\/uploads\/2023\/08\/Em-Jogo-Bastante-Movimentado-Belem-e-Jaicos-Ficam-no-Empate-na-II-Copa-AMV-DSC_0054-300x200.jpg\" data-sizes=\"(max-width: 300px) 100vw, 300px\" \/><\/a><\/div>\n<\/figure>\n<figure class=\"gallery-item\">\n<div class=\"gallery-icon landscape\"><a href=\"https:\/\/infonewss.com\/wp-content\/uploads\/2023\/08\/Em-Jogo-Bastante-Movimentado-Belem-e-Jaicos-Ficam-no-Empate-na-II-Copa-AMV-DSC_0056.jpg\"><img loading=\"lazy\" decoding=\"async\" class=\"attachment-medium size-medium ls-is-cached lazyloaded\" src=\"https:\/\/infonewss.com\/wp-content\/uploads\/2023\/08\/Em-Jogo-Bastante-Movimentado-Belem-e-Jaicos-Ficam-no-Empate-na-II-Copa-AMV-DSC_0056-300x200.jpg\" sizes=\"(max-width: 300px) 100vw, 300px\" srcset=\"https:\/\/infonewss.com\/wp-content\/uploads\/2023\/08\/Em-Jogo-Bastante-Movimentado-Belem-e-Jaicos-Ficam-no-Empate-na-II-Copa-AMV-DSC_0056-300x200.jpg 300w, https:\/\/infonewss.com\/wp-content\/uploads\/2023\/08\/Em-Jogo-Bastante-Movimentado-Belem-e-Jaicos-Ficam-no-Empate-na-II-Copa-AMV-DSC_0056-768x512.jpg 768w, https:\/\/infonewss.com\/wp-content\/uploads\/2023\/08\/Em-Jogo-Bastante-Movimentado-Belem-e-Jaicos-Ficam-no-Empate-na-II-Copa-AMV-DSC_0056-150x100.jpg 150w, https:\/\/infonewss.com\/wp-content\/uploads\/2023\/08\/Em-Jogo-Bastante-Movimentado-Belem-e-Jaicos-Ficam-no-Empate-na-II-Copa-AMV-DSC_0056-696x464.jpg 696w, https:\/\/infonewss.com\/wp-content\/uploads\/2023\/08\/Em-Jogo-Bastante-Movimentado-Belem-e-Jaicos-Ficam-no-Empate-na-II-Copa-AMV-DSC_0056.jpg 900w\" alt=\"\" width=\"300\" height=\"200\" data-srcset=\"https:\/\/infonewss.com\/wp-content\/uploads\/2023\/08\/Em-Jogo-Bastante-Movimentado-Belem-e-Jaicos-Ficam-no-Empate-na-II-Copa-AMV-DSC_0056-300x200.jpg 300w, https:\/\/infonewss.com\/wp-content\/uploads\/2023\/08\/Em-Jogo-Bastante-Movimentado-Belem-e-Jaicos-Ficam-no-Empate-na-II-Copa-AMV-DSC_0056-768x512.jpg 768w, https:\/\/infonewss.com\/wp-content\/uploads\/2023\/08\/Em-Jogo-Bastante-Movimentado-Belem-e-Jaicos-Ficam-no-Empate-na-II-Copa-AMV-DSC_0056-150x100.jpg 150w, https:\/\/infonewss.com\/wp-content\/uploads\/2023\/08\/Em-Jogo-Bastante-Movimentado-Belem-e-Jaicos-Ficam-no-Empate-na-II-Copa-AMV-DSC_0056-696x464.jpg 696w, https:\/\/infonewss.com\/wp-content\/uploads\/2023\/08\/Em-Jogo-Bastante-Movimentado-Belem-e-Jaicos-Ficam-no-Empate-na-II-Copa-AMV-DSC_0056.jpg 900w\" data-src=\"https:\/\/infonewss.com\/wp-content\/uploads\/2023\/08\/Em-Jogo-Bastante-Movimentado-Belem-e-Jaicos-Ficam-no-Empate-na-II-Copa-AMV-DSC_0056-300x200.jpg\" data-sizes=\"(max-width: 300px) 100vw, 300px\" \/><\/a><\/div>\n<\/figure>\n<figure class=\"gallery-item\">\n<div class=\"gallery-icon landscape\"><a href=\"https:\/\/infonewss.com\/wp-content\/uploads\/2023\/08\/Em-Jogo-Bastante-Movimentado-Belem-e-Jaicos-Ficam-no-Empate-na-II-Copa-AMV-DSC_0058.jpg\"><img loading=\"lazy\" decoding=\"async\" class=\"attachment-medium size-medium lazyloaded\" src=\"https:\/\/infonewss.com\/wp-content\/uploads\/2023\/08\/Em-Jogo-Bastante-Movimentado-Belem-e-Jaicos-Ficam-no-Empate-na-II-Copa-AMV-DSC_0058-300x200.jpg\" sizes=\"(max-width: 300px) 100vw, 300px\" srcset=\"https:\/\/infonewss.com\/wp-content\/uploads\/2023\/08\/Em-Jogo-Bastante-Movimentado-Belem-e-Jaicos-Ficam-no-Empate-na-II-Copa-AMV-DSC_0058-300x200.jpg 300w, https:\/\/infonewss.com\/wp-content\/uploads\/2023\/08\/Em-Jogo-Bastante-Movimentado-Belem-e-Jaicos-Ficam-no-Empate-na-II-Copa-AMV-DSC_0058-768x512.jpg 768w, https:\/\/infonewss.com\/wp-content\/uploads\/2023\/08\/Em-Jogo-Bastante-Movimentado-Belem-e-Jaicos-Ficam-no-Empate-na-II-Copa-AMV-DSC_0058-150x100.jpg 150w, https:\/\/infonewss.com\/wp-content\/uploads\/2023\/08\/Em-Jogo-Bastante-Movimentado-Belem-e-Jaicos-Ficam-no-Empate-na-II-Copa-AMV-DSC_0058-696x464.jpg 696w, https:\/\/infonewss.com\/wp-content\/uploads\/2023\/08\/Em-Jogo-Bastante-Movimentado-Belem-e-Jaicos-Ficam-no-Empate-na-II-Copa-AMV-DSC_0058.jpg 900w\" alt=\"\" width=\"300\" height=\"200\" data-srcset=\"https:\/\/infonewss.com\/wp-content\/uploads\/2023\/08\/Em-Jogo-Bastante-Movimentado-Belem-e-Jaicos-Ficam-no-Empate-na-II-Copa-AMV-DSC_0058-300x200.jpg 300w, https:\/\/infonewss.com\/wp-content\/uploads\/2023\/08\/Em-Jogo-Bastante-Movimentado-Belem-e-Jaicos-Ficam-no-Empate-na-II-Copa-AMV-DSC_0058-768x512.jpg 768w, https:\/\/infonewss.com\/wp-content\/uploads\/2023\/08\/Em-Jogo-Bastante-Movimentado-Belem-e-Jaicos-Ficam-no-Empate-na-II-Copa-AMV-DSC_0058-150x100.jpg 150w, https:\/\/infonewss.com\/wp-content\/uploads\/2023\/08\/Em-Jogo-Bastante-Movimentado-Belem-e-Jaicos-Ficam-no-Empate-na-II-Copa-AMV-DSC_0058-696x464.jpg 696w, https:\/\/infonewss.com\/wp-content\/uploads\/2023\/08\/Em-Jogo-Bastante-Movimentado-Belem-e-Jaicos-Ficam-no-Empate-na-II-Copa-AMV-DSC_0058.jpg 900w\" data-src=\"https:\/\/infonewss.com\/wp-content\/uploads\/2023\/08\/Em-Jogo-Bastante-Movimentado-Belem-e-Jaicos-Ficam-no-Empate-na-II-Copa-AMV-DSC_0058-300x200.jpg\" data-sizes=\"(max-width: 300px) 100vw, 300px\" \/><\/a><\/div>\n<\/figure>\n<figure class=\"gallery-item\">\n<div class=\"gallery-icon landscape\"><a href=\"https:\/\/infonewss.com\/wp-content\/uploads\/2023\/08\/Em-Jogo-Bastante-Movimentado-Belem-e-Jaicos-Ficam-no-Empate-na-II-Copa-AMV-DSC_0060.jpg\"><img loading=\"lazy\" decoding=\"async\" class=\"attachment-medium size-medium lazyloaded\" src=\"https:\/\/infonewss.com\/wp-content\/uploads\/2023\/08\/Em-Jogo-Bastante-Movimentado-Belem-e-Jaicos-Ficam-no-Empate-na-II-Copa-AMV-DSC_0060-300x200.jpg\" sizes=\"(max-width: 300px) 100vw, 300px\" srcset=\"https:\/\/infonewss.com\/wp-content\/uploads\/2023\/08\/Em-Jogo-Bastante-Movimentado-Belem-e-Jaicos-Ficam-no-Empate-na-II-Copa-AMV-DSC_0060-300x200.jpg 300w, https:\/\/infonewss.com\/wp-content\/uploads\/2023\/08\/Em-Jogo-Bastante-Movimentado-Belem-e-Jaicos-Ficam-no-Empate-na-II-Copa-AMV-DSC_0060-768x512.jpg 768w, https:\/\/infonewss.com\/wp-content\/uploads\/2023\/08\/Em-Jogo-Bastante-Movimentado-Belem-e-Jaicos-Ficam-no-Empate-na-II-Copa-AMV-DSC_0060-150x100.jpg 150w, https:\/\/infonewss.com\/wp-content\/uploads\/2023\/08\/Em-Jogo-Bastante-Movimentado-Belem-e-Jaicos-Ficam-no-Empate-na-II-Copa-AMV-DSC_0060-696x464.jpg 696w, https:\/\/infonewss.com\/wp-content\/uploads\/2023\/08\/Em-Jogo-Bastante-Movimentado-Belem-e-Jaicos-Ficam-no-Empate-na-II-Copa-AMV-DSC_0060.jpg 900w\" alt=\"\" width=\"300\" height=\"200\" data-srcset=\"https:\/\/infonewss.com\/wp-content\/uploads\/2023\/08\/Em-Jogo-Bastante-Movimentado-Belem-e-Jaicos-Ficam-no-Empate-na-II-Copa-AMV-DSC_0060-300x200.jpg 300w, https:\/\/infonewss.com\/wp-content\/uploads\/2023\/08\/Em-Jogo-Bastante-Movimentado-Belem-e-Jaicos-Ficam-no-Empate-na-II-Copa-AMV-DSC_0060-768x512.jpg 768w, https:\/\/infonewss.com\/wp-content\/uploads\/2023\/08\/Em-Jogo-Bastante-Movimentado-Belem-e-Jaicos-Ficam-no-Empate-na-II-Copa-AMV-DSC_0060-150x100.jpg 150w, https:\/\/infonewss.com\/wp-content\/uploads\/2023\/08\/Em-Jogo-Bastante-Movimentado-Belem-e-Jaicos-Ficam-no-Empate-na-II-Copa-AMV-DSC_0060-696x464.jpg 696w, https:\/\/infonewss.com\/wp-content\/uploads\/2023\/08\/Em-Jogo-Bastante-Movimentado-Belem-e-Jaicos-Ficam-no-Empate-na-II-Copa-AMV-DSC_0060.jpg 900w\" data-src=\"https:\/\/infonewss.com\/wp-content\/uploads\/2023\/08\/Em-Jogo-Bastante-Movimentado-Belem-e-Jaicos-Ficam-no-Empate-na-II-Copa-AMV-DSC_0060-300x200.jpg\" data-sizes=\"(max-width: 300px) 100vw, 300px\" \/><\/a><\/div>\n<\/figure>\n<figure class=\"gallery-item\">\n<div class=\"gallery-icon landscape\"><a href=\"https:\/\/infonewss.com\/wp-content\/uploads\/2023\/08\/Em-Jogo-Bastante-Movimentado-Belem-e-Jaicos-Ficam-no-Empate-na-II-Copa-AMV-DSC_0062.jpg\"><img loading=\"lazy\" decoding=\"async\" class=\"attachment-medium size-medium lazyloaded\" src=\"https:\/\/infonewss.com\/wp-content\/uploads\/2023\/08\/Em-Jogo-Bastante-Movimentado-Belem-e-Jaicos-Ficam-no-Empate-na-II-Copa-AMV-DSC_0062-300x200.jpg\" sizes=\"(max-width: 300px) 100vw, 300px\" srcset=\"https:\/\/infonewss.com\/wp-content\/uploads\/2023\/08\/Em-Jogo-Bastante-Movimentado-Belem-e-Jaicos-Ficam-no-Empate-na-II-Copa-AMV-DSC_0062-300x200.jpg 300w, https:\/\/infonewss.com\/wp-content\/uploads\/2023\/08\/Em-Jogo-Bastante-Movimentado-Belem-e-Jaicos-Ficam-no-Empate-na-II-Copa-AMV-DSC_0062-768x512.jpg 768w, https:\/\/infonewss.com\/wp-content\/uploads\/2023\/08\/Em-Jogo-Bastante-Movimentado-Belem-e-Jaicos-Ficam-no-Empate-na-II-Copa-AMV-DSC_0062-150x100.jpg 150w, https:\/\/infonewss.com\/wp-content\/uploads\/2023\/08\/Em-Jogo-Bastante-Movimentado-Belem-e-Jaicos-Ficam-no-Empate-na-II-Copa-AMV-DSC_0062-696x464.jpg 696w, https:\/\/infonewss.com\/wp-content\/uploads\/2023\/08\/Em-Jogo-Bastante-Movimentado-Belem-e-Jaicos-Ficam-no-Empate-na-II-Copa-AMV-DSC_0062.jpg 900w\" alt=\"\" width=\"300\" height=\"200\" data-srcset=\"https:\/\/infonewss.com\/wp-content\/uploads\/2023\/08\/Em-Jogo-Bastante-Movimentado-Belem-e-Jaicos-Ficam-no-Empate-na-II-Copa-AMV-DSC_0062-300x200.jpg 300w, https:\/\/infonewss.com\/wp-content\/uploads\/2023\/08\/Em-Jogo-Bastante-Movimentado-Belem-e-Jaicos-Ficam-no-Empate-na-II-Copa-AMV-DSC_0062-768x512.jpg 768w, https:\/\/infonewss.com\/wp-content\/uploads\/2023\/08\/Em-Jogo-Bastante-Movimentado-Belem-e-Jaicos-Ficam-no-Empate-na-II-Copa-AMV-DSC_0062-150x100.jpg 150w, https:\/\/infonewss.com\/wp-content\/uploads\/2023\/08\/Em-Jogo-Bastante-Movimentado-Belem-e-Jaicos-Ficam-no-Empate-na-II-Copa-AMV-DSC_0062-696x464.jpg 696w, https:\/\/infonewss.com\/wp-content\/uploads\/2023\/08\/Em-Jogo-Bastante-Movimentado-Belem-e-Jaicos-Ficam-no-Empate-na-II-Copa-AMV-DSC_0062.jpg 900w\" data-src=\"https:\/\/infonewss.com\/wp-content\/uploads\/2023\/08\/Em-Jogo-Bastante-Movimentado-Belem-e-Jaicos-Ficam-no-Empate-na-II-Copa-AMV-DSC_0062-300x200.jpg\" data-sizes=\"(max-width: 300px) 100vw, 300px\" \/><\/a><\/div>\n<\/figure>\n<figure class=\"gallery-item\">\n<div class=\"gallery-icon landscape\"><a href=\"https:\/\/infonewss.com\/wp-content\/uploads\/2023\/08\/Em-Jogo-Bastante-Movimentado-Belem-e-Jaicos-Ficam-no-Empate-na-II-Copa-AMV-DSC_0064.jpg\"><img loading=\"lazy\" decoding=\"async\" class=\"attachment-medium size-medium lazyloaded\" src=\"https:\/\/infonewss.com\/wp-content\/uploads\/2023\/08\/Em-Jogo-Bastante-Movimentado-Belem-e-Jaicos-Ficam-no-Empate-na-II-Copa-AMV-DSC_0064-300x200.jpg\" sizes=\"(max-width: 300px) 100vw, 300px\" srcset=\"https:\/\/infonewss.com\/wp-content\/uploads\/2023\/08\/Em-Jogo-Bastante-Movimentado-Belem-e-Jaicos-Ficam-no-Empate-na-II-Copa-AMV-DSC_0064-300x200.jpg 300w, https:\/\/infonewss.com\/wp-content\/uploads\/2023\/08\/Em-Jogo-Bastante-Movimentado-Belem-e-Jaicos-Ficam-no-Empate-na-II-Copa-AMV-DSC_0064-768x512.jpg 768w, https:\/\/infonewss.com\/wp-content\/uploads\/2023\/08\/Em-Jogo-Bastante-Movimentado-Belem-e-Jaicos-Ficam-no-Empate-na-II-Copa-AMV-DSC_0064-150x100.jpg 150w, https:\/\/infonewss.com\/wp-content\/uploads\/2023\/08\/Em-Jogo-Bastante-Movimentado-Belem-e-Jaicos-Ficam-no-Empate-na-II-Copa-AMV-DSC_0064-696x464.jpg 696w, https:\/\/infonewss.com\/wp-content\/uploads\/2023\/08\/Em-Jogo-Bastante-Movimentado-Belem-e-Jaicos-Ficam-no-Empate-na-II-Copa-AMV-DSC_0064.jpg 900w\" alt=\"\" width=\"300\" height=\"200\" data-srcset=\"https:\/\/infonewss.com\/wp-content\/uploads\/2023\/08\/Em-Jogo-Bastante-Movimentado-Belem-e-Jaicos-Ficam-no-Empate-na-II-Copa-AMV-DSC_0064-300x200.jpg 300w, https:\/\/infonewss.com\/wp-content\/uploads\/2023\/08\/Em-Jogo-Bastante-Movimentado-Belem-e-Jaicos-Ficam-no-Empate-na-II-Copa-AMV-DSC_0064-768x512.jpg 768w, https:\/\/infonewss.com\/wp-content\/uploads\/2023\/08\/Em-Jogo-Bastante-Movimentado-Belem-e-Jaicos-Ficam-no-Empate-na-II-Copa-AMV-DSC_0064-150x100.jpg 150w, https:\/\/infonewss.com\/wp-content\/uploads\/2023\/08\/Em-Jogo-Bastante-Movimentado-Belem-e-Jaicos-Ficam-no-Empate-na-II-Copa-AMV-DSC_0064-696x464.jpg 696w, https:\/\/infonewss.com\/wp-content\/uploads\/2023\/08\/Em-Jogo-Bastante-Movimentado-Belem-e-Jaicos-Ficam-no-Empate-na-II-Copa-AMV-DSC_0064.jpg 900w\" data-src=\"https:\/\/infonewss.com\/wp-content\/uploads\/2023\/08\/Em-Jogo-Bastante-Movimentado-Belem-e-Jaicos-Ficam-no-Empate-na-II-Copa-AMV-DSC_0064-300x200.jpg\" data-sizes=\"(max-width: 300px) 100vw, 300px\" \/><\/a><\/div>\n<\/figure>\n<figure class=\"gallery-item\">\n<div class=\"gallery-icon landscape\"><a href=\"https:\/\/infonewss.com\/wp-content\/uploads\/2023\/08\/Em-Jogo-Bastante-Movimentado-Belem-e-Jaicos-Ficam-no-Empate-na-II-Copa-AMV-DSC_0066.jpg\"><img loading=\"lazy\" decoding=\"async\" class=\"attachment-medium size-medium lazyloaded\" src=\"https:\/\/infonewss.com\/wp-content\/uploads\/2023\/08\/Em-Jogo-Bastante-Movimentado-Belem-e-Jaicos-Ficam-no-Empate-na-II-Copa-AMV-DSC_0066-300x200.jpg\" sizes=\"(max-width: 300px) 100vw, 300px\" srcset=\"https:\/\/infonewss.com\/wp-content\/uploads\/2023\/08\/Em-Jogo-Bastante-Movimentado-Belem-e-Jaicos-Ficam-no-Empate-na-II-Copa-AMV-DSC_0066-300x200.jpg 300w, https:\/\/infonewss.com\/wp-content\/uploads\/2023\/08\/Em-Jogo-Bastante-Movimentado-Belem-e-Jaicos-Ficam-no-Empate-na-II-Copa-AMV-DSC_0066-768x512.jpg 768w, https:\/\/infonewss.com\/wp-content\/uploads\/2023\/08\/Em-Jogo-Bastante-Movimentado-Belem-e-Jaicos-Ficam-no-Empate-na-II-Copa-AMV-DSC_0066-150x100.jpg 150w, https:\/\/infonewss.com\/wp-content\/uploads\/2023\/08\/Em-Jogo-Bastante-Movimentado-Belem-e-Jaicos-Ficam-no-Empate-na-II-Copa-AMV-DSC_0066-696x464.jpg 696w, https:\/\/infonewss.com\/wp-content\/uploads\/2023\/08\/Em-Jogo-Bastante-Movimentado-Belem-e-Jaicos-Ficam-no-Empate-na-II-Copa-AMV-DSC_0066.jpg 900w\" alt=\"\" width=\"300\" height=\"200\" data-srcset=\"https:\/\/infonewss.com\/wp-content\/uploads\/2023\/08\/Em-Jogo-Bastante-Movimentado-Belem-e-Jaicos-Ficam-no-Empate-na-II-Copa-AMV-DSC_0066-300x200.jpg 300w, https:\/\/infonewss.com\/wp-content\/uploads\/2023\/08\/Em-Jogo-Bastante-Movimentado-Belem-e-Jaicos-Ficam-no-Empate-na-II-Copa-AMV-DSC_0066-768x512.jpg 768w, https:\/\/infonewss.com\/wp-content\/uploads\/2023\/08\/Em-Jogo-Bastante-Movimentado-Belem-e-Jaicos-Ficam-no-Empate-na-II-Copa-AMV-DSC_0066-150x100.jpg 150w, https:\/\/infonewss.com\/wp-content\/uploads\/2023\/08\/Em-Jogo-Bastante-Movimentado-Belem-e-Jaicos-Ficam-no-Empate-na-II-Copa-AMV-DSC_0066-696x464.jpg 696w, https:\/\/infonewss.com\/wp-content\/uploads\/2023\/08\/Em-Jogo-Bastante-Movimentado-Belem-e-Jaicos-Ficam-no-Empate-na-II-Copa-AMV-DSC_0066.jpg 900w\" data-src=\"https:\/\/infonewss.com\/wp-content\/uploads\/2023\/08\/Em-Jogo-Bastante-Movimentado-Belem-e-Jaicos-Ficam-no-Empate-na-II-Copa-AMV-DSC_0066-300x200.jpg\" data-sizes=\"(max-width: 300px) 100vw, 300px\" \/><\/a><\/div>\n<\/figure>\n<figure class=\"gallery-item\">\n<div class=\"gallery-icon landscape\"><a href=\"https:\/\/infonewss.com\/wp-content\/uploads\/2023\/08\/Em-Jogo-Bastante-Movimentado-Belem-e-Jaicos-Ficam-no-Empate-na-II-Copa-AMV-DSC_0068.jpg\"><img loading=\"lazy\" decoding=\"async\" class=\"attachment-medium size-medium lazyloaded\" src=\"https:\/\/infonewss.com\/wp-content\/uploads\/2023\/08\/Em-Jogo-Bastante-Movimentado-Belem-e-Jaicos-Ficam-no-Empate-na-II-Copa-AMV-DSC_0068-300x200.jpg\" sizes=\"(max-width: 300px) 100vw, 300px\" srcset=\"https:\/\/infonewss.com\/wp-content\/uploads\/2023\/08\/Em-Jogo-Bastante-Movimentado-Belem-e-Jaicos-Ficam-no-Empate-na-II-Copa-AMV-DSC_0068-300x200.jpg 300w, https:\/\/infonewss.com\/wp-content\/uploads\/2023\/08\/Em-Jogo-Bastante-Movimentado-Belem-e-Jaicos-Ficam-no-Empate-na-II-Copa-AMV-DSC_0068-768x512.jpg 768w, https:\/\/infonewss.com\/wp-content\/uploads\/2023\/08\/Em-Jogo-Bastante-Movimentado-Belem-e-Jaicos-Ficam-no-Empate-na-II-Copa-AMV-DSC_0068-150x100.jpg 150w, https:\/\/infonewss.com\/wp-content\/uploads\/2023\/08\/Em-Jogo-Bastante-Movimentado-Belem-e-Jaicos-Ficam-no-Empate-na-II-Copa-AMV-DSC_0068-696x464.jpg 696w, https:\/\/infonewss.com\/wp-content\/uploads\/2023\/08\/Em-Jogo-Bastante-Movimentado-Belem-e-Jaicos-Ficam-no-Empate-na-II-Copa-AMV-DSC_0068.jpg 900w\" alt=\"\" width=\"300\" height=\"200\" data-srcset=\"https:\/\/infonewss.com\/wp-content\/uploads\/2023\/08\/Em-Jogo-Bastante-Movimentado-Belem-e-Jaicos-Ficam-no-Empate-na-II-Copa-AMV-DSC_0068-300x200.jpg 300w, https:\/\/infonewss.com\/wp-content\/uploads\/2023\/08\/Em-Jogo-Bastante-Movimentado-Belem-e-Jaicos-Ficam-no-Empate-na-II-Copa-AMV-DSC_0068-768x512.jpg 768w, https:\/\/infonewss.com\/wp-content\/uploads\/2023\/08\/Em-Jogo-Bastante-Movimentado-Belem-e-Jaicos-Ficam-no-Empate-na-II-Copa-AMV-DSC_0068-150x100.jpg 150w, https:\/\/infonewss.com\/wp-content\/uploads\/2023\/08\/Em-Jogo-Bastante-Movimentado-Belem-e-Jaicos-Ficam-no-Empate-na-II-Copa-AMV-DSC_0068-696x464.jpg 696w, https:\/\/infonewss.com\/wp-content\/uploads\/2023\/08\/Em-Jogo-Bastante-Movimentado-Belem-e-Jaicos-Ficam-no-Empate-na-II-Copa-AMV-DSC_0068.jpg 900w\" data-src=\"https:\/\/infonewss.com\/wp-content\/uploads\/2023\/08\/Em-Jogo-Bastante-Movimentado-Belem-e-Jaicos-Ficam-no-Empate-na-II-Copa-AMV-DSC_0068-300x200.jpg\" data-sizes=\"(max-width: 300px) 100vw, 300px\" \/><\/a><\/div>\n<\/figure>\n<figure class=\"gallery-item\">\n<div class=\"gallery-icon portrait\"><a href=\"https:\/\/infonewss.com\/wp-content\/uploads\/2023\/08\/Em-Jogo-Bastante-Movimentado-Belem-e-Jaicos-Ficam-no-Empate-na-II-Copa-AMV-DSC_0070.jpg\"><img loading=\"lazy\" decoding=\"async\" class=\"attachment-medium size-medium lazyloaded\" src=\"https:\/\/infonewss.com\/wp-content\/uploads\/2023\/08\/Em-Jogo-Bastante-Movimentado-Belem-e-Jaicos-Ficam-no-Empate-na-II-Copa-AMV-DSC_0070-200x300.jpg\" sizes=\"(max-width: 200px) 100vw, 200px\" srcset=\"https:\/\/infonewss.com\/wp-content\/uploads\/2023\/08\/Em-Jogo-Bastante-Movimentado-Belem-e-Jaicos-Ficam-no-Empate-na-II-Copa-AMV-DSC_0070-200x300.jpg 200w, https:\/\/infonewss.com\/wp-content\/uploads\/2023\/08\/Em-Jogo-Bastante-Movimentado-Belem-e-Jaicos-Ficam-no-Empate-na-II-Copa-AMV-DSC_0070-683x1024.jpg 683w, https:\/\/infonewss.com\/wp-content\/uploads\/2023\/08\/Em-Jogo-Bastante-Movimentado-Belem-e-Jaicos-Ficam-no-Empate-na-II-Copa-AMV-DSC_0070-768x1152.jpg 768w, https:\/\/infonewss.com\/wp-content\/uploads\/2023\/08\/Em-Jogo-Bastante-Movimentado-Belem-e-Jaicos-Ficam-no-Empate-na-II-Copa-AMV-DSC_0070-150x225.jpg 150w, https:\/\/infonewss.com\/wp-content\/uploads\/2023\/08\/Em-Jogo-Bastante-Movimentado-Belem-e-Jaicos-Ficam-no-Empate-na-II-Copa-AMV-DSC_0070-300x450.jpg 300w, https:\/\/infonewss.com\/wp-content\/uploads\/2023\/08\/Em-Jogo-Bastante-Movimentado-Belem-e-Jaicos-Ficam-no-Empate-na-II-Copa-AMV-DSC_0070-696x1044.jpg 696w, https:\/\/infonewss.com\/wp-content\/uploads\/2023\/08\/Em-Jogo-Bastante-Movimentado-Belem-e-Jaicos-Ficam-no-Empate-na-II-Copa-AMV-DSC_0070.jpg 900w\" alt=\"\" width=\"200\" height=\"300\" data-srcset=\"https:\/\/infonewss.com\/wp-content\/uploads\/2023\/08\/Em-Jogo-Bastante-Movimentado-Belem-e-Jaicos-Ficam-no-Empate-na-II-Copa-AMV-DSC_0070-200x300.jpg 200w, https:\/\/infonewss.com\/wp-content\/uploads\/2023\/08\/Em-Jogo-Bastante-Movimentado-Belem-e-Jaicos-Ficam-no-Empate-na-II-Copa-AMV-DSC_0070-683x1024.jpg 683w, https:\/\/infonewss.com\/wp-content\/uploads\/2023\/08\/Em-Jogo-Bastante-Movimentado-Belem-e-Jaicos-Ficam-no-Empate-na-II-Copa-AMV-DSC_0070-768x1152.jpg 768w, https:\/\/infonewss.com\/wp-content\/uploads\/2023\/08\/Em-Jogo-Bastante-Movimentado-Belem-e-Jaicos-Ficam-no-Empate-na-II-Copa-AMV-DSC_0070-150x225.jpg 150w, https:\/\/infonewss.com\/wp-content\/uploads\/2023\/08\/Em-Jogo-Bastante-Movimentado-Belem-e-Jaicos-Ficam-no-Empate-na-II-Copa-AMV-DSC_0070-300x450.jpg 300w, https:\/\/infonewss.com\/wp-content\/uploads\/2023\/08\/Em-Jogo-Bastante-Movimentado-Belem-e-Jaicos-Ficam-no-Empate-na-II-Copa-AMV-DSC_0070-696x1044.jpg 696w, https:\/\/infonewss.com\/wp-content\/uploads\/2023\/08\/Em-Jogo-Bastante-Movimentado-Belem-e-Jaicos-Ficam-no-Empate-na-II-Copa-AMV-DSC_0070.jpg 900w\" data-src=\"https:\/\/infonewss.com\/wp-content\/uploads\/2023\/08\/Em-Jogo-Bastante-Movimentado-Belem-e-Jaicos-Ficam-no-Empate-na-II-Copa-AMV-DSC_0070-200x300.jpg\" data-sizes=\"(max-width: 200px) 100vw, 200px\" \/><\/a><\/div>\n<\/figure>\n<\/div>\n<\/div>\n<div style=\"text-align: justify;\">Fonte: Infonewss<\/div>\n<\/div>\n<\/div>\n<\/div>\n<\/div>\n<\/div>\n<\/div>\n<\/div>\n<\/article>\n<\/div>\n<\/div>\n<\/div>\n","protected":false},"excerpt":{"rendered":"<p>O final de semana foi bastante movimentado na II Copa AMVI de Futebol Amador, que est\u00e1 agitando as cidades do Territ\u00f3rio Vale do Itaim. Neste s\u00e1bado, 12 de agosto, o Est\u00e1dio Municipal Malhad\u00e3o, em Bel\u00e9m do Piau\u00ed, foi palco de um emocionante confronto. A sele\u00e7\u00e3o da casa recebeu a sele\u00e7\u00e3o de Jaic\u00f3s em uma partida &hellip;<\/p>\n","protected":false},"author":2,"featured_media":48488,"comment_status":"open","ping_status":"open","sticky":false,"template":"","format":"standard","meta":{"content-type":"","rop_custom_images_group":[],"rop_custom_messages_group":[],"rop_publish_now":"initial","rop_publish_now_accounts":{"facebook_2648258775420054_1618374048415101":""},"rop_publish_now_history":[],"rop_publish_now_status":"pending","footnotes":"","_jetpack_memberships_contains_paid_content":false},"categories":[125],"tags":[105,1118],"yoast_head":"<!-- This site is optimized with the Yoast SEO plugin v22.3 - https:\/\/yoast.com\/wordpress\/plugins\/seo\/ -->\n<title>Em jogo bastante movimentado Bel\u00e9m e Jaic\u00f3s ficam no empate na II Copa AMVI - Portal NPM<\/title>\n<meta name=\"robots\" content=\"index, follow, max-snippet:-1, max-image-preview:large, max-video-preview:-1\" \/>\n<link rel=\"canonical\" href=\"https:\/\/portalnpm.com\/index.php\/2023\/08\/13\/em-jogo-bastante-movimentado-belem-e-jaicos-ficam-no-empate-na-ii-copa-amvi\/\" \/>\n<meta property=\"og:locale\" content=\"pt_BR\" \/>\n<meta property=\"og:type\" content=\"article\" \/>\n<meta property=\"og:title\" content=\"Em jogo bastante movimentado Bel\u00e9m e Jaic\u00f3s ficam no empate na II Copa AMVI - Portal NPM\" \/>\n<meta property=\"og:description\" content=\"O final de semana foi bastante movimentado na II Copa AMVI de Futebol Amador, que est\u00e1 agitando as cidades do Territ\u00f3rio Vale do Itaim. Neste s\u00e1bado, 12 de agosto, o Est\u00e1dio Municipal Malhad\u00e3o, em Bel\u00e9m do Piau\u00ed, foi palco de um emocionante confronto. A sele\u00e7\u00e3o da casa recebeu a sele\u00e7\u00e3o de Jaic\u00f3s em uma partida &hellip;\" \/>\n<meta property=\"og:url\" content=\"https:\/\/portalnpm.com\/index.php\/2023\/08\/13\/em-jogo-bastante-movimentado-belem-e-jaicos-ficam-no-empate-na-ii-copa-amvi\/\" \/>\n<meta property=\"og:site_name\" content=\"Portal NPM\" \/>\n<meta property=\"article:published_time\" content=\"2023-08-13T23:43:32+00:00\" \/>\n<meta name=\"author\" content=\"Genival Barbosa\" \/>\n<meta name=\"twitter:card\" content=\"summary_large_image\" \/>\n<meta name=\"twitter:label1\" content=\"Escrito por\" \/>\n\t<meta name=\"twitter:data1\" content=\"Genival Barbosa\" \/>\n\t<meta name=\"twitter:label2\" content=\"Est. tempo de leitura\" \/>\n\t<meta name=\"twitter:data2\" content=\"12 minutos\" \/>\n<script type=\"application\/ld+json\" class=\"yoast-schema-graph\">{\"@context\":\"https:\/\/schema.org\",\"@graph\":[{\"@type\":\"WebPage\",\"@id\":\"https:\/\/portalnpm.com\/index.php\/2023\/08\/13\/em-jogo-bastante-movimentado-belem-e-jaicos-ficam-no-empate-na-ii-copa-amvi\/\",\"url\":\"https:\/\/portalnpm.com\/index.php\/2023\/08\/13\/em-jogo-bastante-movimentado-belem-e-jaicos-ficam-no-empate-na-ii-copa-amvi\/\",\"name\":\"Em jogo bastante movimentado Bel\u00e9m e Jaic\u00f3s ficam no empate na II Copa AMVI - Portal NPM\",\"isPartOf\":{\"@id\":\"https:\/\/portalnpm.com\/#website\"},\"primaryImageOfPage\":{\"@id\":\"https:\/\/portalnpm.com\/index.php\/2023\/08\/13\/em-jogo-bastante-movimentado-belem-e-jaicos-ficam-no-empate-na-ii-copa-amvi\/#primaryimage\"},\"image\":{\"@id\":\"https:\/\/portalnpm.com\/index.php\/2023\/08\/13\/em-jogo-bastante-movimentado-belem-e-jaicos-ficam-no-empate-na-ii-copa-amvi\/#primaryimage\"},\"thumbnailUrl\":\"\",\"datePublished\":\"2023-08-13T23:43:32+00:00\",\"dateModified\":\"2023-08-13T23:43:32+00:00\",\"author\":{\"@id\":\"https:\/\/portalnpm.com\/#\/schema\/person\/49313e563cfdefcc167f1ee4c017c294\"},\"breadcrumb\":{\"@id\":\"https:\/\/portalnpm.com\/index.php\/2023\/08\/13\/em-jogo-bastante-movimentado-belem-e-jaicos-ficam-no-empate-na-ii-copa-amvi\/#breadcrumb\"},\"inLanguage\":\"pt-BR\",\"potentialAction\":[{\"@type\":\"ReadAction\",\"target\":[\"https:\/\/portalnpm.com\/index.php\/2023\/08\/13\/em-jogo-bastante-movimentado-belem-e-jaicos-ficam-no-empate-na-ii-copa-amvi\/\"]}]},{\"@type\":\"ImageObject\",\"inLanguage\":\"pt-BR\",\"@id\":\"https:\/\/portalnpm.com\/index.php\/2023\/08\/13\/em-jogo-bastante-movimentado-belem-e-jaicos-ficam-no-empate-na-ii-copa-amvi\/#primaryimage\",\"url\":\"\",\"contentUrl\":\"\"},{\"@type\":\"BreadcrumbList\",\"@id\":\"https:\/\/portalnpm.com\/index.php\/2023\/08\/13\/em-jogo-bastante-movimentado-belem-e-jaicos-ficam-no-empate-na-ii-copa-amvi\/#breadcrumb\",\"itemListElement\":[{\"@type\":\"ListItem\",\"position\":1,\"name\":\"In\u00edcio\",\"item\":\"https:\/\/portalnpm.com\/\"},{\"@type\":\"ListItem\",\"position\":2,\"name\":\"Em jogo bastante movimentado Bel\u00e9m e Jaic\u00f3s ficam no empate na II Copa AMVI\"}]},{\"@type\":\"WebSite\",\"@id\":\"https:\/\/portalnpm.com\/#website\",\"url\":\"https:\/\/portalnpm.com\/\",\"name\":\"Portal NPM\",\"description\":\"Not\u00edcias em Primeira M\u00e3o\",\"potentialAction\":[{\"@type\":\"SearchAction\",\"target\":{\"@type\":\"EntryPoint\",\"urlTemplate\":\"https:\/\/portalnpm.com\/?s={search_term_string}\"},\"query-input\":\"required name=search_term_string\"}],\"inLanguage\":\"pt-BR\"},{\"@type\":\"Person\",\"@id\":\"https:\/\/portalnpm.com\/#\/schema\/person\/49313e563cfdefcc167f1ee4c017c294\",\"name\":\"Genival Barbosa\",\"image\":{\"@type\":\"ImageObject\",\"inLanguage\":\"pt-BR\",\"@id\":\"https:\/\/portalnpm.com\/#\/schema\/person\/image\/\",\"url\":\"https:\/\/portalnpm.com\/wp-content\/uploads\/2024\/02\/avatar_user_2_1707743258-96x96.jpeg\",\"contentUrl\":\"https:\/\/portalnpm.com\/wp-content\/uploads\/2024\/02\/avatar_user_2_1707743258-96x96.jpeg\",\"caption\":\"Genival Barbosa\"},\"url\":\"https:\/\/portalnpm.com\/index.php\/author\/genival\/\"}]}<\/script>\n<!-- \/ Yoast SEO plugin. -->","yoast_head_json":{"title":"Em jogo bastante movimentado Bel\u00e9m e Jaic\u00f3s ficam no empate na II Copa AMVI - Portal NPM","robots":{"index":"index","follow":"follow","max-snippet":"max-snippet:-1","max-image-preview":"max-image-preview:large","max-video-preview":"max-video-preview:-1"},"canonical":"https:\/\/portalnpm.com\/index.php\/2023\/08\/13\/em-jogo-bastante-movimentado-belem-e-jaicos-ficam-no-empate-na-ii-copa-amvi\/","og_locale":"pt_BR","og_type":"article","og_title":"Em jogo bastante movimentado Bel\u00e9m e Jaic\u00f3s ficam no empate na II Copa AMVI - Portal NPM","og_description":"O final de semana foi bastante movimentado na II Copa AMVI de Futebol Amador, que est\u00e1 agitando as cidades do Territ\u00f3rio Vale do Itaim. Neste s\u00e1bado, 12 de agosto, o Est\u00e1dio Municipal Malhad\u00e3o, em Bel\u00e9m do Piau\u00ed, foi palco de um emocionante confronto. A sele\u00e7\u00e3o da casa recebeu a sele\u00e7\u00e3o de Jaic\u00f3s em uma partida &hellip;","og_url":"https:\/\/portalnpm.com\/index.php\/2023\/08\/13\/em-jogo-bastante-movimentado-belem-e-jaicos-ficam-no-empate-na-ii-copa-amvi\/","og_site_name":"Portal NPM","article_published_time":"2023-08-13T23:43:32+00:00","author":"Genival Barbosa","twitter_card":"summary_large_image","twitter_misc":{"Escrito por":"Genival Barbosa","Est. tempo de leitura":"12 minutos"},"schema":{"@context":"https:\/\/schema.org","@graph":[{"@type":"WebPage","@id":"https:\/\/portalnpm.com\/index.php\/2023\/08\/13\/em-jogo-bastante-movimentado-belem-e-jaicos-ficam-no-empate-na-ii-copa-amvi\/","url":"https:\/\/portalnpm.com\/index.php\/2023\/08\/13\/em-jogo-bastante-movimentado-belem-e-jaicos-ficam-no-empate-na-ii-copa-amvi\/","name":"Em jogo bastante movimentado Bel\u00e9m e Jaic\u00f3s ficam no empate na II Copa AMVI - Portal NPM","isPartOf":{"@id":"https:\/\/portalnpm.com\/#website"},"primaryImageOfPage":{"@id":"https:\/\/portalnpm.com\/index.php\/2023\/08\/13\/em-jogo-bastante-movimentado-belem-e-jaicos-ficam-no-empate-na-ii-copa-amvi\/#primaryimage"},"image":{"@id":"https:\/\/portalnpm.com\/index.php\/2023\/08\/13\/em-jogo-bastante-movimentado-belem-e-jaicos-ficam-no-empate-na-ii-copa-amvi\/#primaryimage"},"thumbnailUrl":"","datePublished":"2023-08-13T23:43:32+00:00","dateModified":"2023-08-13T23:43:32+00:00","author":{"@id":"https:\/\/portalnpm.com\/#\/schema\/person\/49313e563cfdefcc167f1ee4c017c294"},"breadcrumb":{"@id":"https:\/\/portalnpm.com\/index.php\/2023\/08\/13\/em-jogo-bastante-movimentado-belem-e-jaicos-ficam-no-empate-na-ii-copa-amvi\/#breadcrumb"},"inLanguage":"pt-BR","potentialAction":[{"@type":"ReadAction","target":["https:\/\/portalnpm.com\/index.php\/2023\/08\/13\/em-jogo-bastante-movimentado-belem-e-jaicos-ficam-no-empate-na-ii-copa-amvi\/"]}]},{"@type":"ImageObject","inLanguage":"pt-BR","@id":"https:\/\/portalnpm.com\/index.php\/2023\/08\/13\/em-jogo-bastante-movimentado-belem-e-jaicos-ficam-no-empate-na-ii-copa-amvi\/#primaryimage","url":"","contentUrl":""},{"@type":"BreadcrumbList","@id":"https:\/\/portalnpm.com\/index.php\/2023\/08\/13\/em-jogo-bastante-movimentado-belem-e-jaicos-ficam-no-empate-na-ii-copa-amvi\/#breadcrumb","itemListElement":[{"@type":"ListItem","position":1,"name":"In\u00edcio","item":"https:\/\/portalnpm.com\/"},{"@type":"ListItem","position":2,"name":"Em jogo bastante movimentado Bel\u00e9m e Jaic\u00f3s ficam no empate na II Copa AMVI"}]},{"@type":"WebSite","@id":"https:\/\/portalnpm.com\/#website","url":"https:\/\/portalnpm.com\/","name":"Portal NPM","description":"Not\u00edcias em Primeira M\u00e3o","potentialAction":[{"@type":"SearchAction","target":{"@type":"EntryPoint","urlTemplate":"https:\/\/portalnpm.com\/?s={search_term_string}"},"query-input":"required name=search_term_string"}],"inLanguage":"pt-BR"},{"@type":"Person","@id":"https:\/\/portalnpm.com\/#\/schema\/person\/49313e563cfdefcc167f1ee4c017c294","name":"Genival Barbosa","image":{"@type":"ImageObject","inLanguage":"pt-BR","@id":"https:\/\/portalnpm.com\/#\/schema\/person\/image\/","url":"https:\/\/portalnpm.com\/wp-content\/uploads\/2024\/02\/avatar_user_2_1707743258-96x96.jpeg","contentUrl":"https:\/\/portalnpm.com\/wp-content\/uploads\/2024\/02\/avatar_user_2_1707743258-96x96.jpeg","caption":"Genival Barbosa"},"url":"https:\/\/portalnpm.com\/index.php\/author\/genival\/"}]}},"jetpack_sharing_enabled":true,"jetpack_featured_media_url":"","_links":{"self":[{"href":"https:\/\/portalnpm.com\/index.php\/wp-json\/wp\/v2\/posts\/48487"}],"collection":[{"href":"https:\/\/portalnpm.com\/index.php\/wp-json\/wp\/v2\/posts"}],"about":[{"href":"https:\/\/portalnpm.com\/index.php\/wp-json\/wp\/v2\/types\/post"}],"author":[{"embeddable":true,"href":"https:\/\/portalnpm.com\/index.php\/wp-json\/wp\/v2\/users\/2"}],"replies":[{"embeddable":true,"href":"https:\/\/portalnpm.com\/index.php\/wp-json\/wp\/v2\/comments?post=48487"}],"version-history":[{"count":0,"href":"https:\/\/portalnpm.com\/index.php\/wp-json\/wp\/v2\/posts\/48487\/revisions"}],"wp:featuredmedia":[{"embeddable":true,"href":"https:\/\/portalnpm.com\/index.php\/wp-json\/"}],"wp:attachment":[{"href":"https:\/\/portalnpm.com\/index.php\/wp-json\/wp\/v2\/media?parent=48487"}],"wp:term":[{"taxonomy":"category","embeddable":true,"href":"https:\/\/portalnpm.com\/index.php\/wp-json\/wp\/v2\/categories?post=48487"},{"taxonomy":"post_tag","embeddable":true,"href":"https:\/\/portalnpm.com\/index.php\/wp-json\/wp\/v2\/tags?post=48487"}],"curies":[{"name":"wp","href":"https:\/\/api.w.org\/{rel}","templated":true}]}}