{"id":48518,"date":"2023-08-14T12:29:06","date_gmt":"2023-08-14T15:29:06","guid":{"rendered":"https:\/\/portalnpm.com\/?p=48518"},"modified":"2023-08-14T12:29:06","modified_gmt":"2023-08-14T15:29:06","slug":"francisco-macedo-vence-caldeirao-grande-por-2-a-1-na-ii-copa-amvi","status":"publish","type":"post","link":"https:\/\/portalnpm.com\/index.php\/2023\/08\/14\/francisco-macedo-vence-caldeirao-grande-por-2-a-1-na-ii-copa-amvi\/","title":{"rendered":"Francisco Macedo vence Caldeir\u00e3o Grande por 2 a 1 na II Copa AMVI"},"content":{"rendered":"<div class=\"td_block_wrap tdb_single_content tdi_115 td-pb-border-top td_block_template_1 td-post-content tagdiv-type\" data-td-block-uid=\"tdi_115\">\n<div class=\"tdb-block-inner td-fix-index\">\n<div class=\"td-a-ad id_top_ad \" style=\"text-align: justify;\"><\/div>\n<p style=\"text-align: justify;\">Na tarde ensolarada deste domingo, dia 13 de agosto, as emo\u00e7\u00f5es da II Copa AMVI tomaram conta do Est\u00e1dio Pedro Jo\u00e3o Delfino, onde a sele\u00e7\u00e3o de Francisco Macedo enfrentou a equipe de Caldeir\u00e3o Grande em um confronto eletrizante. Ambas as equipes buscavam a vit\u00f3ria para somar pontos na competi\u00e7\u00e3o, depois de terem sofrido derrotas em suas respectivas estreias.<\/p>\n<p style=\"text-align: justify;\">\n<p style=\"text-align: justify;\">Desde o apito inicial, as duas equipes mostraram intensidade e determina\u00e7\u00e3o, movimentando o campo em busca de oportunidades. Caldeir\u00e3o Grande se esfor\u00e7ou para criar chances, mas teve dificuldades em converter suas investidas em gols devido a uma defesa s\u00f3lida por parte de Francisco Macedo.<\/p>\n<p style=\"text-align: justify;\"><img fetchpriority=\"high\" decoding=\"async\" class=\"alignnone wp-image-420262 size-full lazyloaded\" src=\"https:\/\/infonewss.com\/wp-content\/uploads\/2023\/08\/Francisco-Macedo-vence-Caldeirao-Grande-por-2-a-1-na-II-Copa-AMVI-IMG_0022.jpg\" sizes=\"(max-width: 900px) 100vw, 900px\" srcset=\"https:\/\/infonewss.com\/wp-content\/uploads\/2023\/08\/Francisco-Macedo-vence-Caldeirao-Grande-por-2-a-1-na-II-Copa-AMVI-IMG_0022.jpg 900w, https:\/\/infonewss.com\/wp-content\/uploads\/2023\/08\/Francisco-Macedo-vence-Caldeirao-Grande-por-2-a-1-na-II-Copa-AMVI-IMG_0022-300x200.jpg 300w, https:\/\/infonewss.com\/wp-content\/uploads\/2023\/08\/Francisco-Macedo-vence-Caldeirao-Grande-por-2-a-1-na-II-Copa-AMVI-IMG_0022-768x512.jpg 768w, https:\/\/infonewss.com\/wp-content\/uploads\/2023\/08\/Francisco-Macedo-vence-Caldeirao-Grande-por-2-a-1-na-II-Copa-AMVI-IMG_0022-150x100.jpg 150w, https:\/\/infonewss.com\/wp-content\/uploads\/2023\/08\/Francisco-Macedo-vence-Caldeirao-Grande-por-2-a-1-na-II-Copa-AMVI-IMG_0022-696x464.jpg 696w\" alt=\"\" width=\"900\" height=\"600\" data-srcset=\"https:\/\/infonewss.com\/wp-content\/uploads\/2023\/08\/Francisco-Macedo-vence-Caldeirao-Grande-por-2-a-1-na-II-Copa-AMVI-IMG_0022.jpg 900w, https:\/\/infonewss.com\/wp-content\/uploads\/2023\/08\/Francisco-Macedo-vence-Caldeirao-Grande-por-2-a-1-na-II-Copa-AMVI-IMG_0022-300x200.jpg 300w, https:\/\/infonewss.com\/wp-content\/uploads\/2023\/08\/Francisco-Macedo-vence-Caldeirao-Grande-por-2-a-1-na-II-Copa-AMVI-IMG_0022-768x512.jpg 768w, https:\/\/infonewss.com\/wp-content\/uploads\/2023\/08\/Francisco-Macedo-vence-Caldeirao-Grande-por-2-a-1-na-II-Copa-AMVI-IMG_0022-150x100.jpg 150w, https:\/\/infonewss.com\/wp-content\/uploads\/2023\/08\/Francisco-Macedo-vence-Caldeirao-Grande-por-2-a-1-na-II-Copa-AMVI-IMG_0022-696x464.jpg 696w\" data-src=\"https:\/\/infonewss.com\/wp-content\/uploads\/2023\/08\/Francisco-Macedo-vence-Caldeirao-Grande-por-2-a-1-na-II-Copa-AMVI-IMG_0022.jpg\" data-sizes=\"(max-width: 900px) 100vw, 900px\" \/><\/p>\n<p style=\"text-align: justify;\">No entanto, foi a sele\u00e7\u00e3o de Francisco Macedo que abriu o placar em uma jogada bastante trabalhada, culminando no gol marcado pelo atacante Felipe, pr\u00f3ximo ao final do primeiro tempo. Com essa vantagem, Francisco Macedo demonstrou confian\u00e7a e seguiu pressionando o advers\u00e1rio.<\/p>\n<p style=\"text-align: justify;\"><img decoding=\"async\" class=\"alignnone wp-image-420286 size-full lazyloaded\" src=\"https:\/\/infonewss.com\/wp-content\/uploads\/2023\/08\/Francisco-Macedo-vence-Caldeirao-Grande-por-2-a-1-na-II-Copa-AMVI-IMG_0046.jpg\" sizes=\"(max-width: 900px) 100vw, 900px\" srcset=\"https:\/\/infonewss.com\/wp-content\/uploads\/2023\/08\/Francisco-Macedo-vence-Caldeirao-Grande-por-2-a-1-na-II-Copa-AMVI-IMG_0046.jpg 900w, https:\/\/infonewss.com\/wp-content\/uploads\/2023\/08\/Francisco-Macedo-vence-Caldeirao-Grande-por-2-a-1-na-II-Copa-AMVI-IMG_0046-300x200.jpg 300w, https:\/\/infonewss.com\/wp-content\/uploads\/2023\/08\/Francisco-Macedo-vence-Caldeirao-Grande-por-2-a-1-na-II-Copa-AMVI-IMG_0046-768x512.jpg 768w, https:\/\/infonewss.com\/wp-content\/uploads\/2023\/08\/Francisco-Macedo-vence-Caldeirao-Grande-por-2-a-1-na-II-Copa-AMVI-IMG_0046-150x100.jpg 150w, https:\/\/infonewss.com\/wp-content\/uploads\/2023\/08\/Francisco-Macedo-vence-Caldeirao-Grande-por-2-a-1-na-II-Copa-AMVI-IMG_0046-696x464.jpg 696w\" alt=\"\" width=\"900\" height=\"600\" data-srcset=\"https:\/\/infonewss.com\/wp-content\/uploads\/2023\/08\/Francisco-Macedo-vence-Caldeirao-Grande-por-2-a-1-na-II-Copa-AMVI-IMG_0046.jpg 900w, https:\/\/infonewss.com\/wp-content\/uploads\/2023\/08\/Francisco-Macedo-vence-Caldeirao-Grande-por-2-a-1-na-II-Copa-AMVI-IMG_0046-300x200.jpg 300w, https:\/\/infonewss.com\/wp-content\/uploads\/2023\/08\/Francisco-Macedo-vence-Caldeirao-Grande-por-2-a-1-na-II-Copa-AMVI-IMG_0046-768x512.jpg 768w, https:\/\/infonewss.com\/wp-content\/uploads\/2023\/08\/Francisco-Macedo-vence-Caldeirao-Grande-por-2-a-1-na-II-Copa-AMVI-IMG_0046-150x100.jpg 150w, https:\/\/infonewss.com\/wp-content\/uploads\/2023\/08\/Francisco-Macedo-vence-Caldeirao-Grande-por-2-a-1-na-II-Copa-AMVI-IMG_0046-696x464.jpg 696w\" data-src=\"https:\/\/infonewss.com\/wp-content\/uploads\/2023\/08\/Francisco-Macedo-vence-Caldeirao-Grande-por-2-a-1-na-II-Copa-AMVI-IMG_0046.jpg\" data-sizes=\"(max-width: 900px) 100vw, 900px\" \/><\/p>\n<p style=\"text-align: justify;\">No segundo tempo, Caldeir\u00e3o Grande mostrou sua determina\u00e7\u00e3o e conseguiu o empate em uma jogada de bola parada, onde o atleta William se destacou ao balan\u00e7ar as redes advers\u00e1rias. A partida ficou ainda mais emocionante, com ambas as equipes buscando a virada a todo custo.<\/p>\n<p style=\"text-align: justify;\"><img decoding=\"async\" class=\"alignnone wp-image-420318 size-full lazyloaded\" src=\"https:\/\/infonewss.com\/wp-content\/uploads\/2023\/08\/Francisco-Macedo-vence-Caldeirao-Grande-por-2-a-1-na-II-Copa-AMVI-IMG_0085.jpg\" sizes=\"(max-width: 900px) 100vw, 900px\" srcset=\"https:\/\/infonewss.com\/wp-content\/uploads\/2023\/08\/Francisco-Macedo-vence-Caldeirao-Grande-por-2-a-1-na-II-Copa-AMVI-IMG_0085.jpg 900w, https:\/\/infonewss.com\/wp-content\/uploads\/2023\/08\/Francisco-Macedo-vence-Caldeirao-Grande-por-2-a-1-na-II-Copa-AMVI-IMG_0085-300x200.jpg 300w, https:\/\/infonewss.com\/wp-content\/uploads\/2023\/08\/Francisco-Macedo-vence-Caldeirao-Grande-por-2-a-1-na-II-Copa-AMVI-IMG_0085-768x512.jpg 768w, https:\/\/infonewss.com\/wp-content\/uploads\/2023\/08\/Francisco-Macedo-vence-Caldeirao-Grande-por-2-a-1-na-II-Copa-AMVI-IMG_0085-150x100.jpg 150w, https:\/\/infonewss.com\/wp-content\/uploads\/2023\/08\/Francisco-Macedo-vence-Caldeirao-Grande-por-2-a-1-na-II-Copa-AMVI-IMG_0085-696x464.jpg 696w\" alt=\"\" width=\"900\" height=\"600\" data-srcset=\"https:\/\/infonewss.com\/wp-content\/uploads\/2023\/08\/Francisco-Macedo-vence-Caldeirao-Grande-por-2-a-1-na-II-Copa-AMVI-IMG_0085.jpg 900w, https:\/\/infonewss.com\/wp-content\/uploads\/2023\/08\/Francisco-Macedo-vence-Caldeirao-Grande-por-2-a-1-na-II-Copa-AMVI-IMG_0085-300x200.jpg 300w, https:\/\/infonewss.com\/wp-content\/uploads\/2023\/08\/Francisco-Macedo-vence-Caldeirao-Grande-por-2-a-1-na-II-Copa-AMVI-IMG_0085-768x512.jpg 768w, https:\/\/infonewss.com\/wp-content\/uploads\/2023\/08\/Francisco-Macedo-vence-Caldeirao-Grande-por-2-a-1-na-II-Copa-AMVI-IMG_0085-150x100.jpg 150w, https:\/\/infonewss.com\/wp-content\/uploads\/2023\/08\/Francisco-Macedo-vence-Caldeirao-Grande-por-2-a-1-na-II-Copa-AMVI-IMG_0085-696x464.jpg 696w\" data-src=\"https:\/\/infonewss.com\/wp-content\/uploads\/2023\/08\/Francisco-Macedo-vence-Caldeirao-Grande-por-2-a-1-na-II-Copa-AMVI-IMG_0085.jpg\" data-sizes=\"(max-width: 900px) 100vw, 900px\" \/><\/p>\n<p style=\"text-align: justify;\">Os minutos finais foram repletos de emo\u00e7\u00f5es, e foi o atacante Valdiram, de Francisco Macedo, quem se tornou o her\u00f3i da partida. Nos acr\u00e9scimos, Valdiram aproveitou uma oportunidade e marcou o gol da virada, levando a torcida local ao del\u00edrio.<\/p>\n<p style=\"text-align: justify;\"><img loading=\"lazy\" decoding=\"async\" class=\"alignnone wp-image-420313 size-full lazyloaded\" src=\"https:\/\/infonewss.com\/wp-content\/uploads\/2023\/08\/Francisco-Macedo-vence-Caldeirao-Grande-por-2-a-1-na-II-Copa-AMVI-IMG_0080.jpg\" sizes=\"(max-width: 900px) 100vw, 900px\" srcset=\"https:\/\/infonewss.com\/wp-content\/uploads\/2023\/08\/Francisco-Macedo-vence-Caldeirao-Grande-por-2-a-1-na-II-Copa-AMVI-IMG_0080.jpg 900w, https:\/\/infonewss.com\/wp-content\/uploads\/2023\/08\/Francisco-Macedo-vence-Caldeirao-Grande-por-2-a-1-na-II-Copa-AMVI-IMG_0080-300x200.jpg 300w, https:\/\/infonewss.com\/wp-content\/uploads\/2023\/08\/Francisco-Macedo-vence-Caldeirao-Grande-por-2-a-1-na-II-Copa-AMVI-IMG_0080-768x512.jpg 768w, https:\/\/infonewss.com\/wp-content\/uploads\/2023\/08\/Francisco-Macedo-vence-Caldeirao-Grande-por-2-a-1-na-II-Copa-AMVI-IMG_0080-150x100.jpg 150w, https:\/\/infonewss.com\/wp-content\/uploads\/2023\/08\/Francisco-Macedo-vence-Caldeirao-Grande-por-2-a-1-na-II-Copa-AMVI-IMG_0080-696x464.jpg 696w\" alt=\"\" width=\"900\" height=\"600\" data-srcset=\"https:\/\/infonewss.com\/wp-content\/uploads\/2023\/08\/Francisco-Macedo-vence-Caldeirao-Grande-por-2-a-1-na-II-Copa-AMVI-IMG_0080.jpg 900w, https:\/\/infonewss.com\/wp-content\/uploads\/2023\/08\/Francisco-Macedo-vence-Caldeirao-Grande-por-2-a-1-na-II-Copa-AMVI-IMG_0080-300x200.jpg 300w, https:\/\/infonewss.com\/wp-content\/uploads\/2023\/08\/Francisco-Macedo-vence-Caldeirao-Grande-por-2-a-1-na-II-Copa-AMVI-IMG_0080-768x512.jpg 768w, https:\/\/infonewss.com\/wp-content\/uploads\/2023\/08\/Francisco-Macedo-vence-Caldeirao-Grande-por-2-a-1-na-II-Copa-AMVI-IMG_0080-150x100.jpg 150w, https:\/\/infonewss.com\/wp-content\/uploads\/2023\/08\/Francisco-Macedo-vence-Caldeirao-Grande-por-2-a-1-na-II-Copa-AMVI-IMG_0080-696x464.jpg 696w\" data-src=\"https:\/\/infonewss.com\/wp-content\/uploads\/2023\/08\/Francisco-Macedo-vence-Caldeirao-Grande-por-2-a-1-na-II-Copa-AMVI-IMG_0080.jpg\" data-sizes=\"(max-width: 900px) 100vw, 900px\" \/><\/p>\n<p style=\"text-align: justify;\">No entanto, sua celebra\u00e7\u00e3o foi intensa demais, resultando na exibi\u00e7\u00e3o de um segundo cart\u00e3o amarelo e sua consequente expuls\u00e3o por tirar a camisa.<\/p>\n<p style=\"text-align: justify;\"><img loading=\"lazy\" decoding=\"async\" class=\"alignnone wp-image-420408 size-full lazyloaded\" src=\"https:\/\/infonewss.com\/wp-content\/uploads\/2023\/08\/Francisco-Macedo-vence-Caldeirao-Grande-por-2-a-1-na-II-Copa-AMVI-IMG_0067-1.jpg\" sizes=\"(max-width: 900px) 100vw, 900px\" srcset=\"https:\/\/infonewss.com\/wp-content\/uploads\/2023\/08\/Francisco-Macedo-vence-Caldeirao-Grande-por-2-a-1-na-II-Copa-AMVI-IMG_0067-1.jpg 900w, https:\/\/infonewss.com\/wp-content\/uploads\/2023\/08\/Francisco-Macedo-vence-Caldeirao-Grande-por-2-a-1-na-II-Copa-AMVI-IMG_0067-1-300x200.jpg 300w, https:\/\/infonewss.com\/wp-content\/uploads\/2023\/08\/Francisco-Macedo-vence-Caldeirao-Grande-por-2-a-1-na-II-Copa-AMVI-IMG_0067-1-768x512.jpg 768w, https:\/\/infonewss.com\/wp-content\/uploads\/2023\/08\/Francisco-Macedo-vence-Caldeirao-Grande-por-2-a-1-na-II-Copa-AMVI-IMG_0067-1-150x100.jpg 150w, https:\/\/infonewss.com\/wp-content\/uploads\/2023\/08\/Francisco-Macedo-vence-Caldeirao-Grande-por-2-a-1-na-II-Copa-AMVI-IMG_0067-1-696x464.jpg 696w\" alt=\"\" width=\"900\" height=\"600\" data-srcset=\"https:\/\/infonewss.com\/wp-content\/uploads\/2023\/08\/Francisco-Macedo-vence-Caldeirao-Grande-por-2-a-1-na-II-Copa-AMVI-IMG_0067-1.jpg 900w, https:\/\/infonewss.com\/wp-content\/uploads\/2023\/08\/Francisco-Macedo-vence-Caldeirao-Grande-por-2-a-1-na-II-Copa-AMVI-IMG_0067-1-300x200.jpg 300w, https:\/\/infonewss.com\/wp-content\/uploads\/2023\/08\/Francisco-Macedo-vence-Caldeirao-Grande-por-2-a-1-na-II-Copa-AMVI-IMG_0067-1-768x512.jpg 768w, https:\/\/infonewss.com\/wp-content\/uploads\/2023\/08\/Francisco-Macedo-vence-Caldeirao-Grande-por-2-a-1-na-II-Copa-AMVI-IMG_0067-1-150x100.jpg 150w, https:\/\/infonewss.com\/wp-content\/uploads\/2023\/08\/Francisco-Macedo-vence-Caldeirao-Grande-por-2-a-1-na-II-Copa-AMVI-IMG_0067-1-696x464.jpg 696w\" data-src=\"https:\/\/infonewss.com\/wp-content\/uploads\/2023\/08\/Francisco-Macedo-vence-Caldeirao-Grande-por-2-a-1-na-II-Copa-AMVI-IMG_0067-1.jpg\" data-sizes=\"(max-width: 900px) 100vw, 900px\" \/><\/p>\n<p style=\"text-align: justify;\">Mesmo com um jogador a menos, Francisco Macedo conseguiu manter a vantagem at\u00e9 o apito final, garantindo uma vit\u00f3ria crucial por 2 a 1 sobre Caldeir\u00e3o Grande.<\/p>\n<p style=\"text-align: justify;\"><img loading=\"lazy\" decoding=\"async\" class=\"alignnone wp-image-420416 size-full lazyloaded\" src=\"https:\/\/infonewss.com\/wp-content\/uploads\/2023\/08\/Francisco-Macedo-vence-Caldeirao-Grande-por-2-a-1-na-II-Copa-AMVI-IMG_0082-1.jpg\" sizes=\"(max-width: 900px) 100vw, 900px\" srcset=\"https:\/\/infonewss.com\/wp-content\/uploads\/2023\/08\/Francisco-Macedo-vence-Caldeirao-Grande-por-2-a-1-na-II-Copa-AMVI-IMG_0082-1.jpg 900w, https:\/\/infonewss.com\/wp-content\/uploads\/2023\/08\/Francisco-Macedo-vence-Caldeirao-Grande-por-2-a-1-na-II-Copa-AMVI-IMG_0082-1-300x200.jpg 300w, https:\/\/infonewss.com\/wp-content\/uploads\/2023\/08\/Francisco-Macedo-vence-Caldeirao-Grande-por-2-a-1-na-II-Copa-AMVI-IMG_0082-1-768x512.jpg 768w, https:\/\/infonewss.com\/wp-content\/uploads\/2023\/08\/Francisco-Macedo-vence-Caldeirao-Grande-por-2-a-1-na-II-Copa-AMVI-IMG_0082-1-150x100.jpg 150w, https:\/\/infonewss.com\/wp-content\/uploads\/2023\/08\/Francisco-Macedo-vence-Caldeirao-Grande-por-2-a-1-na-II-Copa-AMVI-IMG_0082-1-696x464.jpg 696w\" alt=\"\" width=\"900\" height=\"600\" data-srcset=\"https:\/\/infonewss.com\/wp-content\/uploads\/2023\/08\/Francisco-Macedo-vence-Caldeirao-Grande-por-2-a-1-na-II-Copa-AMVI-IMG_0082-1.jpg 900w, https:\/\/infonewss.com\/wp-content\/uploads\/2023\/08\/Francisco-Macedo-vence-Caldeirao-Grande-por-2-a-1-na-II-Copa-AMVI-IMG_0082-1-300x200.jpg 300w, https:\/\/infonewss.com\/wp-content\/uploads\/2023\/08\/Francisco-Macedo-vence-Caldeirao-Grande-por-2-a-1-na-II-Copa-AMVI-IMG_0082-1-768x512.jpg 768w, https:\/\/infonewss.com\/wp-content\/uploads\/2023\/08\/Francisco-Macedo-vence-Caldeirao-Grande-por-2-a-1-na-II-Copa-AMVI-IMG_0082-1-150x100.jpg 150w, https:\/\/infonewss.com\/wp-content\/uploads\/2023\/08\/Francisco-Macedo-vence-Caldeirao-Grande-por-2-a-1-na-II-Copa-AMVI-IMG_0082-1-696x464.jpg 696w\" data-src=\"https:\/\/infonewss.com\/wp-content\/uploads\/2023\/08\/Francisco-Macedo-vence-Caldeirao-Grande-por-2-a-1-na-II-Copa-AMVI-IMG_0082-1.jpg\" data-sizes=\"(max-width: 900px) 100vw, 900px\" \/><\/p>\n<p style=\"text-align: justify;\">Com esse resultado, Francisco Macedo soma tr\u00eas pontos e ocupa a terceira posi\u00e7\u00e3o no Grupo D da II Copa AMVI. A lideran\u00e7a do grupo \u00e9 compartilhada por Sim\u00f5es e Marcol\u00e2ndia, ambos com quatro pontos, enquanto Caldeir\u00e3o Grande encontra-se na \u00faltima posi\u00e7\u00e3o, ainda sem pontos somados na competi\u00e7\u00e3o.<\/p>\n<p style=\"text-align: justify;\">A II Copa AMVI continua a proporcionar emocionantes confrontos e reviravoltas, mantendo os torcedores ansiosos por mais a\u00e7\u00e3o e competi\u00e7\u00e3o. As equipes agora se preparam para as pr\u00f3ximas rodadas, em busca de fortalecer suas posi\u00e7\u00f5es na busca pelo t\u00edtulo desta prestigiada competi\u00e7\u00e3o regional.<\/p>\n<p style=\"text-align: justify;\">No pr\u00f3ximo embate, Francisco Macedo enfrentar\u00e1 Marcol\u00e2ndia fora de seus dom\u00ednios, ao passo que Caldeir\u00e3o se dirigir\u00e1 a Sim\u00f5es.<\/p>\n<p style=\"text-align: justify;\">O evento foi bastante prestigiado, contou com a presen\u00e7a de diversas autoridades como a primeira-dama Ester Damares, o vice-prefeito Odair Lopes, o prefeito de Caldeir\u00e3o Grande Filipe Gon\u00e7alves, vereadores, secret\u00e1rios municipais dentre outras lideran\u00e7as politicas.<\/p>\n<div id=\"gallery-1\" class=\"gallery galleryid-419927 gallery-columns-2 gallery-size-medium\" style=\"text-align: justify;\">\n<figure class=\"gallery-item\">\n<div class=\"gallery-icon landscape\"><a href=\"https:\/\/infonewss.com\/wp-content\/uploads\/2023\/08\/Francisco-Macedo-vence-Caldeirao-Grande-por-2-a-1-na-II-Copa-AMVI-IMG_0008-1.jpg\"><img loading=\"lazy\" decoding=\"async\" class=\"attachment-medium size-medium lazyloaded\" src=\"https:\/\/infonewss.com\/wp-content\/uploads\/2023\/08\/Francisco-Macedo-vence-Caldeirao-Grande-por-2-a-1-na-II-Copa-AMVI-IMG_0008-1-300x200.jpg\" sizes=\"(max-width: 300px) 100vw, 300px\" srcset=\"https:\/\/infonewss.com\/wp-content\/uploads\/2023\/08\/Francisco-Macedo-vence-Caldeirao-Grande-por-2-a-1-na-II-Copa-AMVI-IMG_0008-1-300x200.jpg 300w, https:\/\/infonewss.com\/wp-content\/uploads\/2023\/08\/Francisco-Macedo-vence-Caldeirao-Grande-por-2-a-1-na-II-Copa-AMVI-IMG_0008-1-768x512.jpg 768w, https:\/\/infonewss.com\/wp-content\/uploads\/2023\/08\/Francisco-Macedo-vence-Caldeirao-Grande-por-2-a-1-na-II-Copa-AMVI-IMG_0008-1-150x100.jpg 150w, https:\/\/infonewss.com\/wp-content\/uploads\/2023\/08\/Francisco-Macedo-vence-Caldeirao-Grande-por-2-a-1-na-II-Copa-AMVI-IMG_0008-1-696x464.jpg 696w, https:\/\/infonewss.com\/wp-content\/uploads\/2023\/08\/Francisco-Macedo-vence-Caldeirao-Grande-por-2-a-1-na-II-Copa-AMVI-IMG_0008-1.jpg 900w\" alt=\"\" width=\"300\" height=\"200\" data-srcset=\"https:\/\/infonewss.com\/wp-content\/uploads\/2023\/08\/Francisco-Macedo-vence-Caldeirao-Grande-por-2-a-1-na-II-Copa-AMVI-IMG_0008-1-300x200.jpg 300w, https:\/\/infonewss.com\/wp-content\/uploads\/2023\/08\/Francisco-Macedo-vence-Caldeirao-Grande-por-2-a-1-na-II-Copa-AMVI-IMG_0008-1-768x512.jpg 768w, https:\/\/infonewss.com\/wp-content\/uploads\/2023\/08\/Francisco-Macedo-vence-Caldeirao-Grande-por-2-a-1-na-II-Copa-AMVI-IMG_0008-1-150x100.jpg 150w, https:\/\/infonewss.com\/wp-content\/uploads\/2023\/08\/Francisco-Macedo-vence-Caldeirao-Grande-por-2-a-1-na-II-Copa-AMVI-IMG_0008-1-696x464.jpg 696w, https:\/\/infonewss.com\/wp-content\/uploads\/2023\/08\/Francisco-Macedo-vence-Caldeirao-Grande-por-2-a-1-na-II-Copa-AMVI-IMG_0008-1.jpg 900w\" data-src=\"https:\/\/infonewss.com\/wp-content\/uploads\/2023\/08\/Francisco-Macedo-vence-Caldeirao-Grande-por-2-a-1-na-II-Copa-AMVI-IMG_0008-1-300x200.jpg\" data-sizes=\"(max-width: 300px) 100vw, 300px\" \/><\/a><\/div>\n<\/figure>\n<figure class=\"gallery-item\">\n<div class=\"gallery-icon landscape\"><a href=\"https:\/\/infonewss.com\/wp-content\/uploads\/2023\/08\/Francisco-Macedo-vence-Caldeirao-Grande-por-2-a-1-na-II-Copa-AMVI-IMG_0099.jpg\"><img loading=\"lazy\" decoding=\"async\" class=\"attachment-medium size-medium lazyloaded\" src=\"https:\/\/infonewss.com\/wp-content\/uploads\/2023\/08\/Francisco-Macedo-vence-Caldeirao-Grande-por-2-a-1-na-II-Copa-AMVI-IMG_0099-300x200.jpg\" sizes=\"(max-width: 300px) 100vw, 300px\" srcset=\"https:\/\/infonewss.com\/wp-content\/uploads\/2023\/08\/Francisco-Macedo-vence-Caldeirao-Grande-por-2-a-1-na-II-Copa-AMVI-IMG_0099-300x200.jpg 300w, https:\/\/infonewss.com\/wp-content\/uploads\/2023\/08\/Francisco-Macedo-vence-Caldeirao-Grande-por-2-a-1-na-II-Copa-AMVI-IMG_0099-768x512.jpg 768w, https:\/\/infonewss.com\/wp-content\/uploads\/2023\/08\/Francisco-Macedo-vence-Caldeirao-Grande-por-2-a-1-na-II-Copa-AMVI-IMG_0099-150x100.jpg 150w, https:\/\/infonewss.com\/wp-content\/uploads\/2023\/08\/Francisco-Macedo-vence-Caldeirao-Grande-por-2-a-1-na-II-Copa-AMVI-IMG_0099-696x464.jpg 696w, https:\/\/infonewss.com\/wp-content\/uploads\/2023\/08\/Francisco-Macedo-vence-Caldeirao-Grande-por-2-a-1-na-II-Copa-AMVI-IMG_0099.jpg 900w\" alt=\"\" width=\"300\" height=\"200\" data-srcset=\"https:\/\/infonewss.com\/wp-content\/uploads\/2023\/08\/Francisco-Macedo-vence-Caldeirao-Grande-por-2-a-1-na-II-Copa-AMVI-IMG_0099-300x200.jpg 300w, https:\/\/infonewss.com\/wp-content\/uploads\/2023\/08\/Francisco-Macedo-vence-Caldeirao-Grande-por-2-a-1-na-II-Copa-AMVI-IMG_0099-768x512.jpg 768w, https:\/\/infonewss.com\/wp-content\/uploads\/2023\/08\/Francisco-Macedo-vence-Caldeirao-Grande-por-2-a-1-na-II-Copa-AMVI-IMG_0099-150x100.jpg 150w, https:\/\/infonewss.com\/wp-content\/uploads\/2023\/08\/Francisco-Macedo-vence-Caldeirao-Grande-por-2-a-1-na-II-Copa-AMVI-IMG_0099-696x464.jpg 696w, https:\/\/infonewss.com\/wp-content\/uploads\/2023\/08\/Francisco-Macedo-vence-Caldeirao-Grande-por-2-a-1-na-II-Copa-AMVI-IMG_0099.jpg 900w\" data-src=\"https:\/\/infonewss.com\/wp-content\/uploads\/2023\/08\/Francisco-Macedo-vence-Caldeirao-Grande-por-2-a-1-na-II-Copa-AMVI-IMG_0099-300x200.jpg\" data-sizes=\"(max-width: 300px) 100vw, 300px\" \/><\/a><\/div>\n<\/figure>\n<figure class=\"gallery-item\">\n<div class=\"gallery-icon landscape\"><a href=\"https:\/\/infonewss.com\/wp-content\/uploads\/2023\/08\/Francisco-Macedo-vence-Caldeirao-Grande-por-2-a-1-na-II-Copa-AMVI-IMG_0054.jpg\"><img loading=\"lazy\" decoding=\"async\" class=\"attachment-medium size-medium lazyloaded\" src=\"https:\/\/infonewss.com\/wp-content\/uploads\/2023\/08\/Francisco-Macedo-vence-Caldeirao-Grande-por-2-a-1-na-II-Copa-AMVI-IMG_0054-300x200.jpg\" sizes=\"(max-width: 300px) 100vw, 300px\" srcset=\"https:\/\/infonewss.com\/wp-content\/uploads\/2023\/08\/Francisco-Macedo-vence-Caldeirao-Grande-por-2-a-1-na-II-Copa-AMVI-IMG_0054-300x200.jpg 300w, https:\/\/infonewss.com\/wp-content\/uploads\/2023\/08\/Francisco-Macedo-vence-Caldeirao-Grande-por-2-a-1-na-II-Copa-AMVI-IMG_0054-768x512.jpg 768w, https:\/\/infonewss.com\/wp-content\/uploads\/2023\/08\/Francisco-Macedo-vence-Caldeirao-Grande-por-2-a-1-na-II-Copa-AMVI-IMG_0054-150x100.jpg 150w, https:\/\/infonewss.com\/wp-content\/uploads\/2023\/08\/Francisco-Macedo-vence-Caldeirao-Grande-por-2-a-1-na-II-Copa-AMVI-IMG_0054-696x464.jpg 696w, https:\/\/infonewss.com\/wp-content\/uploads\/2023\/08\/Francisco-Macedo-vence-Caldeirao-Grande-por-2-a-1-na-II-Copa-AMVI-IMG_0054.jpg 900w\" alt=\"\" width=\"300\" height=\"200\" data-srcset=\"https:\/\/infonewss.com\/wp-content\/uploads\/2023\/08\/Francisco-Macedo-vence-Caldeirao-Grande-por-2-a-1-na-II-Copa-AMVI-IMG_0054-300x200.jpg 300w, https:\/\/infonewss.com\/wp-content\/uploads\/2023\/08\/Francisco-Macedo-vence-Caldeirao-Grande-por-2-a-1-na-II-Copa-AMVI-IMG_0054-768x512.jpg 768w, https:\/\/infonewss.com\/wp-content\/uploads\/2023\/08\/Francisco-Macedo-vence-Caldeirao-Grande-por-2-a-1-na-II-Copa-AMVI-IMG_0054-150x100.jpg 150w, https:\/\/infonewss.com\/wp-content\/uploads\/2023\/08\/Francisco-Macedo-vence-Caldeirao-Grande-por-2-a-1-na-II-Copa-AMVI-IMG_0054-696x464.jpg 696w, https:\/\/infonewss.com\/wp-content\/uploads\/2023\/08\/Francisco-Macedo-vence-Caldeirao-Grande-por-2-a-1-na-II-Copa-AMVI-IMG_0054.jpg 900w\" data-src=\"https:\/\/infonewss.com\/wp-content\/uploads\/2023\/08\/Francisco-Macedo-vence-Caldeirao-Grande-por-2-a-1-na-II-Copa-AMVI-IMG_0054-300x200.jpg\" data-sizes=\"(max-width: 300px) 100vw, 300px\" \/><\/a><\/div>\n<\/figure>\n<figure class=\"gallery-item\">\n<div class=\"gallery-icon landscape\"><a href=\"https:\/\/infonewss.com\/wp-content\/uploads\/2023\/08\/Francisco-Macedo-vence-Caldeirao-Grande-por-2-a-1-na-II-Copa-AMVI-55b43e55-3a5d-45a6-abc3-614a651e4cd8.jpg\"><img loading=\"lazy\" decoding=\"async\" class=\"attachment-medium size-medium lazyloaded\" src=\"https:\/\/infonewss.com\/wp-content\/uploads\/2023\/08\/Francisco-Macedo-vence-Caldeirao-Grande-por-2-a-1-na-II-Copa-AMVI-55b43e55-3a5d-45a6-abc3-614a651e4cd8-300x225.jpg\" sizes=\"(max-width: 300px) 100vw, 300px\" srcset=\"https:\/\/infonewss.com\/wp-content\/uploads\/2023\/08\/Francisco-Macedo-vence-Caldeirao-Grande-por-2-a-1-na-II-Copa-AMVI-55b43e55-3a5d-45a6-abc3-614a651e4cd8-300x225.jpg 300w, https:\/\/infonewss.com\/wp-content\/uploads\/2023\/08\/Francisco-Macedo-vence-Caldeirao-Grande-por-2-a-1-na-II-Copa-AMVI-55b43e55-3a5d-45a6-abc3-614a651e4cd8-768x576.jpg 768w, https:\/\/infonewss.com\/wp-content\/uploads\/2023\/08\/Francisco-Macedo-vence-Caldeirao-Grande-por-2-a-1-na-II-Copa-AMVI-55b43e55-3a5d-45a6-abc3-614a651e4cd8-150x113.jpg 150w, https:\/\/infonewss.com\/wp-content\/uploads\/2023\/08\/Francisco-Macedo-vence-Caldeirao-Grande-por-2-a-1-na-II-Copa-AMVI-55b43e55-3a5d-45a6-abc3-614a651e4cd8-696x522.jpg 696w, https:\/\/infonewss.com\/wp-content\/uploads\/2023\/08\/Francisco-Macedo-vence-Caldeirao-Grande-por-2-a-1-na-II-Copa-AMVI-55b43e55-3a5d-45a6-abc3-614a651e4cd8.jpg 900w\" alt=\"\" width=\"300\" height=\"225\" data-srcset=\"https:\/\/infonewss.com\/wp-content\/uploads\/2023\/08\/Francisco-Macedo-vence-Caldeirao-Grande-por-2-a-1-na-II-Copa-AMVI-55b43e55-3a5d-45a6-abc3-614a651e4cd8-300x225.jpg 300w, https:\/\/infonewss.com\/wp-content\/uploads\/2023\/08\/Francisco-Macedo-vence-Caldeirao-Grande-por-2-a-1-na-II-Copa-AMVI-55b43e55-3a5d-45a6-abc3-614a651e4cd8-768x576.jpg 768w, https:\/\/infonewss.com\/wp-content\/uploads\/2023\/08\/Francisco-Macedo-vence-Caldeirao-Grande-por-2-a-1-na-II-Copa-AMVI-55b43e55-3a5d-45a6-abc3-614a651e4cd8-150x113.jpg 150w, https:\/\/infonewss.com\/wp-content\/uploads\/2023\/08\/Francisco-Macedo-vence-Caldeirao-Grande-por-2-a-1-na-II-Copa-AMVI-55b43e55-3a5d-45a6-abc3-614a651e4cd8-696x522.jpg 696w, https:\/\/infonewss.com\/wp-content\/uploads\/2023\/08\/Francisco-Macedo-vence-Caldeirao-Grande-por-2-a-1-na-II-Copa-AMVI-55b43e55-3a5d-45a6-abc3-614a651e4cd8.jpg 900w\" data-src=\"https:\/\/infonewss.com\/wp-content\/uploads\/2023\/08\/Francisco-Macedo-vence-Caldeirao-Grande-por-2-a-1-na-II-Copa-AMVI-55b43e55-3a5d-45a6-abc3-614a651e4cd8-300x225.jpg\" data-sizes=\"(max-width: 300px) 100vw, 300px\" \/><\/a><\/div>\n<\/figure>\n<\/div>\n<p style=\"text-align: justify;\"><strong>Mais fotos;\u00a0<\/strong><\/p>\n<div id=\"gallery-2\" class=\"gallery galleryid-419927 gallery-columns-2 gallery-size-medium\" style=\"text-align: justify;\">\n<figure class=\"gallery-item\">\n<div class=\"gallery-icon landscape\"><a href=\"https:\/\/infonewss.com\/wp-content\/uploads\/2023\/08\/Francisco-Macedo-vence-Caldeirao-Grande-por-2-a-1-na-II-Copa-AMVI-IMG_9910.jpg\"><img loading=\"lazy\" decoding=\"async\" class=\"attachment-medium size-medium lazyloaded\" src=\"https:\/\/infonewss.com\/wp-content\/uploads\/2023\/08\/Francisco-Macedo-vence-Caldeirao-Grande-por-2-a-1-na-II-Copa-AMVI-IMG_9910-300x200.jpg\" sizes=\"(max-width: 300px) 100vw, 300px\" srcset=\"https:\/\/infonewss.com\/wp-content\/uploads\/2023\/08\/Francisco-Macedo-vence-Caldeirao-Grande-por-2-a-1-na-II-Copa-AMVI-IMG_9910-300x200.jpg 300w, https:\/\/infonewss.com\/wp-content\/uploads\/2023\/08\/Francisco-Macedo-vence-Caldeirao-Grande-por-2-a-1-na-II-Copa-AMVI-IMG_9910-768x512.jpg 768w, https:\/\/infonewss.com\/wp-content\/uploads\/2023\/08\/Francisco-Macedo-vence-Caldeirao-Grande-por-2-a-1-na-II-Copa-AMVI-IMG_9910-150x100.jpg 150w, https:\/\/infonewss.com\/wp-content\/uploads\/2023\/08\/Francisco-Macedo-vence-Caldeirao-Grande-por-2-a-1-na-II-Copa-AMVI-IMG_9910-696x464.jpg 696w, https:\/\/infonewss.com\/wp-content\/uploads\/2023\/08\/Francisco-Macedo-vence-Caldeirao-Grande-por-2-a-1-na-II-Copa-AMVI-IMG_9910.jpg 900w\" alt=\"\" width=\"300\" height=\"200\" data-srcset=\"https:\/\/infonewss.com\/wp-content\/uploads\/2023\/08\/Francisco-Macedo-vence-Caldeirao-Grande-por-2-a-1-na-II-Copa-AMVI-IMG_9910-300x200.jpg 300w, https:\/\/infonewss.com\/wp-content\/uploads\/2023\/08\/Francisco-Macedo-vence-Caldeirao-Grande-por-2-a-1-na-II-Copa-AMVI-IMG_9910-768x512.jpg 768w, https:\/\/infonewss.com\/wp-content\/uploads\/2023\/08\/Francisco-Macedo-vence-Caldeirao-Grande-por-2-a-1-na-II-Copa-AMVI-IMG_9910-150x100.jpg 150w, https:\/\/infonewss.com\/wp-content\/uploads\/2023\/08\/Francisco-Macedo-vence-Caldeirao-Grande-por-2-a-1-na-II-Copa-AMVI-IMG_9910-696x464.jpg 696w, https:\/\/infonewss.com\/wp-content\/uploads\/2023\/08\/Francisco-Macedo-vence-Caldeirao-Grande-por-2-a-1-na-II-Copa-AMVI-IMG_9910.jpg 900w\" data-src=\"https:\/\/infonewss.com\/wp-content\/uploads\/2023\/08\/Francisco-Macedo-vence-Caldeirao-Grande-por-2-a-1-na-II-Copa-AMVI-IMG_9910-300x200.jpg\" data-sizes=\"(max-width: 300px) 100vw, 300px\" \/><\/a><\/div>\n<\/figure>\n<figure class=\"gallery-item\">\n<div class=\"gallery-icon landscape\"><a href=\"https:\/\/infonewss.com\/wp-content\/uploads\/2023\/08\/Francisco-Macedo-vence-Caldeirao-Grande-por-2-a-1-na-II-Copa-AMVI-IMG_9913.jpg\"><img loading=\"lazy\" decoding=\"async\" class=\"attachment-medium size-medium lazyloaded\" src=\"https:\/\/infonewss.com\/wp-content\/uploads\/2023\/08\/Francisco-Macedo-vence-Caldeirao-Grande-por-2-a-1-na-II-Copa-AMVI-IMG_9913-300x200.jpg\" sizes=\"(max-width: 300px) 100vw, 300px\" srcset=\"https:\/\/infonewss.com\/wp-content\/uploads\/2023\/08\/Francisco-Macedo-vence-Caldeirao-Grande-por-2-a-1-na-II-Copa-AMVI-IMG_9913-300x200.jpg 300w, https:\/\/infonewss.com\/wp-content\/uploads\/2023\/08\/Francisco-Macedo-vence-Caldeirao-Grande-por-2-a-1-na-II-Copa-AMVI-IMG_9913-768x512.jpg 768w, https:\/\/infonewss.com\/wp-content\/uploads\/2023\/08\/Francisco-Macedo-vence-Caldeirao-Grande-por-2-a-1-na-II-Copa-AMVI-IMG_9913-150x100.jpg 150w, https:\/\/infonewss.com\/wp-content\/uploads\/2023\/08\/Francisco-Macedo-vence-Caldeirao-Grande-por-2-a-1-na-II-Copa-AMVI-IMG_9913-696x464.jpg 696w, https:\/\/infonewss.com\/wp-content\/uploads\/2023\/08\/Francisco-Macedo-vence-Caldeirao-Grande-por-2-a-1-na-II-Copa-AMVI-IMG_9913.jpg 900w\" alt=\"\" width=\"300\" height=\"200\" data-srcset=\"https:\/\/infonewss.com\/wp-content\/uploads\/2023\/08\/Francisco-Macedo-vence-Caldeirao-Grande-por-2-a-1-na-II-Copa-AMVI-IMG_9913-300x200.jpg 300w, https:\/\/infonewss.com\/wp-content\/uploads\/2023\/08\/Francisco-Macedo-vence-Caldeirao-Grande-por-2-a-1-na-II-Copa-AMVI-IMG_9913-768x512.jpg 768w, https:\/\/infonewss.com\/wp-content\/uploads\/2023\/08\/Francisco-Macedo-vence-Caldeirao-Grande-por-2-a-1-na-II-Copa-AMVI-IMG_9913-150x100.jpg 150w, https:\/\/infonewss.com\/wp-content\/uploads\/2023\/08\/Francisco-Macedo-vence-Caldeirao-Grande-por-2-a-1-na-II-Copa-AMVI-IMG_9913-696x464.jpg 696w, https:\/\/infonewss.com\/wp-content\/uploads\/2023\/08\/Francisco-Macedo-vence-Caldeirao-Grande-por-2-a-1-na-II-Copa-AMVI-IMG_9913.jpg 900w\" data-src=\"https:\/\/infonewss.com\/wp-content\/uploads\/2023\/08\/Francisco-Macedo-vence-Caldeirao-Grande-por-2-a-1-na-II-Copa-AMVI-IMG_9913-300x200.jpg\" data-sizes=\"(max-width: 300px) 100vw, 300px\" \/><\/a><\/div>\n<\/figure>\n<figure class=\"gallery-item\">\n<div class=\"gallery-icon landscape\"><a href=\"https:\/\/infonewss.com\/wp-content\/uploads\/2023\/08\/Francisco-Macedo-vence-Caldeirao-Grande-por-2-a-1-na-II-Copa-AMVI-IMG_9917.jpg\"><img loading=\"lazy\" decoding=\"async\" class=\"attachment-medium size-medium lazyloaded\" src=\"https:\/\/infonewss.com\/wp-content\/uploads\/2023\/08\/Francisco-Macedo-vence-Caldeirao-Grande-por-2-a-1-na-II-Copa-AMVI-IMG_9917-300x200.jpg\" sizes=\"(max-width: 300px) 100vw, 300px\" srcset=\"https:\/\/infonewss.com\/wp-content\/uploads\/2023\/08\/Francisco-Macedo-vence-Caldeirao-Grande-por-2-a-1-na-II-Copa-AMVI-IMG_9917-300x200.jpg 300w, https:\/\/infonewss.com\/wp-content\/uploads\/2023\/08\/Francisco-Macedo-vence-Caldeirao-Grande-por-2-a-1-na-II-Copa-AMVI-IMG_9917-768x512.jpg 768w, https:\/\/infonewss.com\/wp-content\/uploads\/2023\/08\/Francisco-Macedo-vence-Caldeirao-Grande-por-2-a-1-na-II-Copa-AMVI-IMG_9917-150x100.jpg 150w, https:\/\/infonewss.com\/wp-content\/uploads\/2023\/08\/Francisco-Macedo-vence-Caldeirao-Grande-por-2-a-1-na-II-Copa-AMVI-IMG_9917-696x464.jpg 696w, https:\/\/infonewss.com\/wp-content\/uploads\/2023\/08\/Francisco-Macedo-vence-Caldeirao-Grande-por-2-a-1-na-II-Copa-AMVI-IMG_9917.jpg 900w\" alt=\"\" width=\"300\" height=\"200\" data-srcset=\"https:\/\/infonewss.com\/wp-content\/uploads\/2023\/08\/Francisco-Macedo-vence-Caldeirao-Grande-por-2-a-1-na-II-Copa-AMVI-IMG_9917-300x200.jpg 300w, https:\/\/infonewss.com\/wp-content\/uploads\/2023\/08\/Francisco-Macedo-vence-Caldeirao-Grande-por-2-a-1-na-II-Copa-AMVI-IMG_9917-768x512.jpg 768w, https:\/\/infonewss.com\/wp-content\/uploads\/2023\/08\/Francisco-Macedo-vence-Caldeirao-Grande-por-2-a-1-na-II-Copa-AMVI-IMG_9917-150x100.jpg 150w, https:\/\/infonewss.com\/wp-content\/uploads\/2023\/08\/Francisco-Macedo-vence-Caldeirao-Grande-por-2-a-1-na-II-Copa-AMVI-IMG_9917-696x464.jpg 696w, https:\/\/infonewss.com\/wp-content\/uploads\/2023\/08\/Francisco-Macedo-vence-Caldeirao-Grande-por-2-a-1-na-II-Copa-AMVI-IMG_9917.jpg 900w\" data-src=\"https:\/\/infonewss.com\/wp-content\/uploads\/2023\/08\/Francisco-Macedo-vence-Caldeirao-Grande-por-2-a-1-na-II-Copa-AMVI-IMG_9917-300x200.jpg\" data-sizes=\"(max-width: 300px) 100vw, 300px\" \/><\/a><\/div>\n<\/figure>\n<figure class=\"gallery-item\">\n<div class=\"gallery-icon landscape\"><a href=\"https:\/\/infonewss.com\/wp-content\/uploads\/2023\/08\/Francisco-Macedo-vence-Caldeirao-Grande-por-2-a-1-na-II-Copa-AMVI-IMG_9919.jpg\"><img loading=\"lazy\" decoding=\"async\" class=\"attachment-medium size-medium lazyloaded\" src=\"https:\/\/infonewss.com\/wp-content\/uploads\/2023\/08\/Francisco-Macedo-vence-Caldeirao-Grande-por-2-a-1-na-II-Copa-AMVI-IMG_9919-300x200.jpg\" sizes=\"(max-width: 300px) 100vw, 300px\" srcset=\"https:\/\/infonewss.com\/wp-content\/uploads\/2023\/08\/Francisco-Macedo-vence-Caldeirao-Grande-por-2-a-1-na-II-Copa-AMVI-IMG_9919-300x200.jpg 300w, https:\/\/infonewss.com\/wp-content\/uploads\/2023\/08\/Francisco-Macedo-vence-Caldeirao-Grande-por-2-a-1-na-II-Copa-AMVI-IMG_9919-768x512.jpg 768w, https:\/\/infonewss.com\/wp-content\/uploads\/2023\/08\/Francisco-Macedo-vence-Caldeirao-Grande-por-2-a-1-na-II-Copa-AMVI-IMG_9919-150x100.jpg 150w, https:\/\/infonewss.com\/wp-content\/uploads\/2023\/08\/Francisco-Macedo-vence-Caldeirao-Grande-por-2-a-1-na-II-Copa-AMVI-IMG_9919-696x464.jpg 696w, https:\/\/infonewss.com\/wp-content\/uploads\/2023\/08\/Francisco-Macedo-vence-Caldeirao-Grande-por-2-a-1-na-II-Copa-AMVI-IMG_9919.jpg 900w\" alt=\"\" width=\"300\" height=\"200\" data-srcset=\"https:\/\/infonewss.com\/wp-content\/uploads\/2023\/08\/Francisco-Macedo-vence-Caldeirao-Grande-por-2-a-1-na-II-Copa-AMVI-IMG_9919-300x200.jpg 300w, https:\/\/infonewss.com\/wp-content\/uploads\/2023\/08\/Francisco-Macedo-vence-Caldeirao-Grande-por-2-a-1-na-II-Copa-AMVI-IMG_9919-768x512.jpg 768w, https:\/\/infonewss.com\/wp-content\/uploads\/2023\/08\/Francisco-Macedo-vence-Caldeirao-Grande-por-2-a-1-na-II-Copa-AMVI-IMG_9919-150x100.jpg 150w, https:\/\/infonewss.com\/wp-content\/uploads\/2023\/08\/Francisco-Macedo-vence-Caldeirao-Grande-por-2-a-1-na-II-Copa-AMVI-IMG_9919-696x464.jpg 696w, https:\/\/infonewss.com\/wp-content\/uploads\/2023\/08\/Francisco-Macedo-vence-Caldeirao-Grande-por-2-a-1-na-II-Copa-AMVI-IMG_9919.jpg 900w\" data-src=\"https:\/\/infonewss.com\/wp-content\/uploads\/2023\/08\/Francisco-Macedo-vence-Caldeirao-Grande-por-2-a-1-na-II-Copa-AMVI-IMG_9919-300x200.jpg\" data-sizes=\"(max-width: 300px) 100vw, 300px\" \/><\/a><\/div>\n<\/figure>\n<figure class=\"gallery-item\">\n<div class=\"gallery-icon portrait\"><a href=\"https:\/\/infonewss.com\/wp-content\/uploads\/2023\/08\/Francisco-Macedo-vence-Caldeirao-Grande-por-2-a-1-na-II-Copa-AMVI-IMG_9920.jpg\"><img loading=\"lazy\" decoding=\"async\" class=\"attachment-medium size-medium lazyloaded\" src=\"https:\/\/infonewss.com\/wp-content\/uploads\/2023\/08\/Francisco-Macedo-vence-Caldeirao-Grande-por-2-a-1-na-II-Copa-AMVI-IMG_9920-200x300.jpg\" sizes=\"(max-width: 200px) 100vw, 200px\" srcset=\"https:\/\/infonewss.com\/wp-content\/uploads\/2023\/08\/Francisco-Macedo-vence-Caldeirao-Grande-por-2-a-1-na-II-Copa-AMVI-IMG_9920-200x300.jpg 200w, https:\/\/infonewss.com\/wp-content\/uploads\/2023\/08\/Francisco-Macedo-vence-Caldeirao-Grande-por-2-a-1-na-II-Copa-AMVI-IMG_9920-683x1024.jpg 683w, https:\/\/infonewss.com\/wp-content\/uploads\/2023\/08\/Francisco-Macedo-vence-Caldeirao-Grande-por-2-a-1-na-II-Copa-AMVI-IMG_9920-768x1152.jpg 768w, https:\/\/infonewss.com\/wp-content\/uploads\/2023\/08\/Francisco-Macedo-vence-Caldeirao-Grande-por-2-a-1-na-II-Copa-AMVI-IMG_9920-150x225.jpg 150w, https:\/\/infonewss.com\/wp-content\/uploads\/2023\/08\/Francisco-Macedo-vence-Caldeirao-Grande-por-2-a-1-na-II-Copa-AMVI-IMG_9920-300x450.jpg 300w, https:\/\/infonewss.com\/wp-content\/uploads\/2023\/08\/Francisco-Macedo-vence-Caldeirao-Grande-por-2-a-1-na-II-Copa-AMVI-IMG_9920-696x1044.jpg 696w, https:\/\/infonewss.com\/wp-content\/uploads\/2023\/08\/Francisco-Macedo-vence-Caldeirao-Grande-por-2-a-1-na-II-Copa-AMVI-IMG_9920.jpg 900w\" alt=\"\" width=\"200\" height=\"300\" data-srcset=\"https:\/\/infonewss.com\/wp-content\/uploads\/2023\/08\/Francisco-Macedo-vence-Caldeirao-Grande-por-2-a-1-na-II-Copa-AMVI-IMG_9920-200x300.jpg 200w, https:\/\/infonewss.com\/wp-content\/uploads\/2023\/08\/Francisco-Macedo-vence-Caldeirao-Grande-por-2-a-1-na-II-Copa-AMVI-IMG_9920-683x1024.jpg 683w, https:\/\/infonewss.com\/wp-content\/uploads\/2023\/08\/Francisco-Macedo-vence-Caldeirao-Grande-por-2-a-1-na-II-Copa-AMVI-IMG_9920-768x1152.jpg 768w, https:\/\/infonewss.com\/wp-content\/uploads\/2023\/08\/Francisco-Macedo-vence-Caldeirao-Grande-por-2-a-1-na-II-Copa-AMVI-IMG_9920-150x225.jpg 150w, https:\/\/infonewss.com\/wp-content\/uploads\/2023\/08\/Francisco-Macedo-vence-Caldeirao-Grande-por-2-a-1-na-II-Copa-AMVI-IMG_9920-300x450.jpg 300w, https:\/\/infonewss.com\/wp-content\/uploads\/2023\/08\/Francisco-Macedo-vence-Caldeirao-Grande-por-2-a-1-na-II-Copa-AMVI-IMG_9920-696x1044.jpg 696w, https:\/\/infonewss.com\/wp-content\/uploads\/2023\/08\/Francisco-Macedo-vence-Caldeirao-Grande-por-2-a-1-na-II-Copa-AMVI-IMG_9920.jpg 900w\" data-src=\"https:\/\/infonewss.com\/wp-content\/uploads\/2023\/08\/Francisco-Macedo-vence-Caldeirao-Grande-por-2-a-1-na-II-Copa-AMVI-IMG_9920-200x300.jpg\" data-sizes=\"(max-width: 200px) 100vw, 200px\" \/><\/a><\/div>\n<\/figure>\n<figure class=\"gallery-item\">\n<div class=\"gallery-icon portrait\"><a href=\"https:\/\/infonewss.com\/wp-content\/uploads\/2023\/08\/Francisco-Macedo-vence-Caldeirao-Grande-por-2-a-1-na-II-Copa-AMVI-IMG_9922.jpg\"><img loading=\"lazy\" decoding=\"async\" class=\"attachment-medium size-medium lazyloaded\" src=\"https:\/\/infonewss.com\/wp-content\/uploads\/2023\/08\/Francisco-Macedo-vence-Caldeirao-Grande-por-2-a-1-na-II-Copa-AMVI-IMG_9922-200x300.jpg\" sizes=\"(max-width: 200px) 100vw, 200px\" srcset=\"https:\/\/infonewss.com\/wp-content\/uploads\/2023\/08\/Francisco-Macedo-vence-Caldeirao-Grande-por-2-a-1-na-II-Copa-AMVI-IMG_9922-200x300.jpg 200w, https:\/\/infonewss.com\/wp-content\/uploads\/2023\/08\/Francisco-Macedo-vence-Caldeirao-Grande-por-2-a-1-na-II-Copa-AMVI-IMG_9922-683x1024.jpg 683w, https:\/\/infonewss.com\/wp-content\/uploads\/2023\/08\/Francisco-Macedo-vence-Caldeirao-Grande-por-2-a-1-na-II-Copa-AMVI-IMG_9922-768x1152.jpg 768w, https:\/\/infonewss.com\/wp-content\/uploads\/2023\/08\/Francisco-Macedo-vence-Caldeirao-Grande-por-2-a-1-na-II-Copa-AMVI-IMG_9922-150x225.jpg 150w, https:\/\/infonewss.com\/wp-content\/uploads\/2023\/08\/Francisco-Macedo-vence-Caldeirao-Grande-por-2-a-1-na-II-Copa-AMVI-IMG_9922-300x450.jpg 300w, https:\/\/infonewss.com\/wp-content\/uploads\/2023\/08\/Francisco-Macedo-vence-Caldeirao-Grande-por-2-a-1-na-II-Copa-AMVI-IMG_9922-696x1044.jpg 696w, https:\/\/infonewss.com\/wp-content\/uploads\/2023\/08\/Francisco-Macedo-vence-Caldeirao-Grande-por-2-a-1-na-II-Copa-AMVI-IMG_9922.jpg 900w\" alt=\"\" width=\"200\" height=\"300\" data-srcset=\"https:\/\/infonewss.com\/wp-content\/uploads\/2023\/08\/Francisco-Macedo-vence-Caldeirao-Grande-por-2-a-1-na-II-Copa-AMVI-IMG_9922-200x300.jpg 200w, https:\/\/infonewss.com\/wp-content\/uploads\/2023\/08\/Francisco-Macedo-vence-Caldeirao-Grande-por-2-a-1-na-II-Copa-AMVI-IMG_9922-683x1024.jpg 683w, https:\/\/infonewss.com\/wp-content\/uploads\/2023\/08\/Francisco-Macedo-vence-Caldeirao-Grande-por-2-a-1-na-II-Copa-AMVI-IMG_9922-768x1152.jpg 768w, https:\/\/infonewss.com\/wp-content\/uploads\/2023\/08\/Francisco-Macedo-vence-Caldeirao-Grande-por-2-a-1-na-II-Copa-AMVI-IMG_9922-150x225.jpg 150w, https:\/\/infonewss.com\/wp-content\/uploads\/2023\/08\/Francisco-Macedo-vence-Caldeirao-Grande-por-2-a-1-na-II-Copa-AMVI-IMG_9922-300x450.jpg 300w, https:\/\/infonewss.com\/wp-content\/uploads\/2023\/08\/Francisco-Macedo-vence-Caldeirao-Grande-por-2-a-1-na-II-Copa-AMVI-IMG_9922-696x1044.jpg 696w, https:\/\/infonewss.com\/wp-content\/uploads\/2023\/08\/Francisco-Macedo-vence-Caldeirao-Grande-por-2-a-1-na-II-Copa-AMVI-IMG_9922.jpg 900w\" data-src=\"https:\/\/infonewss.com\/wp-content\/uploads\/2023\/08\/Francisco-Macedo-vence-Caldeirao-Grande-por-2-a-1-na-II-Copa-AMVI-IMG_9922-200x300.jpg\" data-sizes=\"(max-width: 200px) 100vw, 200px\" \/><\/a><\/div>\n<\/figure>\n<figure class=\"gallery-item\">\n<div class=\"gallery-icon portrait\"><a href=\"https:\/\/infonewss.com\/wp-content\/uploads\/2023\/08\/Francisco-Macedo-vence-Caldeirao-Grande-por-2-a-1-na-II-Copa-AMVI-IMG_9923.jpg\"><img loading=\"lazy\" decoding=\"async\" class=\"attachment-medium size-medium lazyloaded\" src=\"https:\/\/infonewss.com\/wp-content\/uploads\/2023\/08\/Francisco-Macedo-vence-Caldeirao-Grande-por-2-a-1-na-II-Copa-AMVI-IMG_9923-200x300.jpg\" sizes=\"(max-width: 200px) 100vw, 200px\" srcset=\"https:\/\/infonewss.com\/wp-content\/uploads\/2023\/08\/Francisco-Macedo-vence-Caldeirao-Grande-por-2-a-1-na-II-Copa-AMVI-IMG_9923-200x300.jpg 200w, https:\/\/infonewss.com\/wp-content\/uploads\/2023\/08\/Francisco-Macedo-vence-Caldeirao-Grande-por-2-a-1-na-II-Copa-AMVI-IMG_9923-683x1024.jpg 683w, https:\/\/infonewss.com\/wp-content\/uploads\/2023\/08\/Francisco-Macedo-vence-Caldeirao-Grande-por-2-a-1-na-II-Copa-AMVI-IMG_9923-768x1152.jpg 768w, https:\/\/infonewss.com\/wp-content\/uploads\/2023\/08\/Francisco-Macedo-vence-Caldeirao-Grande-por-2-a-1-na-II-Copa-AMVI-IMG_9923-150x225.jpg 150w, https:\/\/infonewss.com\/wp-content\/uploads\/2023\/08\/Francisco-Macedo-vence-Caldeirao-Grande-por-2-a-1-na-II-Copa-AMVI-IMG_9923-300x450.jpg 300w, https:\/\/infonewss.com\/wp-content\/uploads\/2023\/08\/Francisco-Macedo-vence-Caldeirao-Grande-por-2-a-1-na-II-Copa-AMVI-IMG_9923-696x1044.jpg 696w, https:\/\/infonewss.com\/wp-content\/uploads\/2023\/08\/Francisco-Macedo-vence-Caldeirao-Grande-por-2-a-1-na-II-Copa-AMVI-IMG_9923.jpg 900w\" alt=\"\" width=\"200\" height=\"300\" data-srcset=\"https:\/\/infonewss.com\/wp-content\/uploads\/2023\/08\/Francisco-Macedo-vence-Caldeirao-Grande-por-2-a-1-na-II-Copa-AMVI-IMG_9923-200x300.jpg 200w, https:\/\/infonewss.com\/wp-content\/uploads\/2023\/08\/Francisco-Macedo-vence-Caldeirao-Grande-por-2-a-1-na-II-Copa-AMVI-IMG_9923-683x1024.jpg 683w, https:\/\/infonewss.com\/wp-content\/uploads\/2023\/08\/Francisco-Macedo-vence-Caldeirao-Grande-por-2-a-1-na-II-Copa-AMVI-IMG_9923-768x1152.jpg 768w, https:\/\/infonewss.com\/wp-content\/uploads\/2023\/08\/Francisco-Macedo-vence-Caldeirao-Grande-por-2-a-1-na-II-Copa-AMVI-IMG_9923-150x225.jpg 150w, https:\/\/infonewss.com\/wp-content\/uploads\/2023\/08\/Francisco-Macedo-vence-Caldeirao-Grande-por-2-a-1-na-II-Copa-AMVI-IMG_9923-300x450.jpg 300w, https:\/\/infonewss.com\/wp-content\/uploads\/2023\/08\/Francisco-Macedo-vence-Caldeirao-Grande-por-2-a-1-na-II-Copa-AMVI-IMG_9923-696x1044.jpg 696w, https:\/\/infonewss.com\/wp-content\/uploads\/2023\/08\/Francisco-Macedo-vence-Caldeirao-Grande-por-2-a-1-na-II-Copa-AMVI-IMG_9923.jpg 900w\" data-src=\"https:\/\/infonewss.com\/wp-content\/uploads\/2023\/08\/Francisco-Macedo-vence-Caldeirao-Grande-por-2-a-1-na-II-Copa-AMVI-IMG_9923-200x300.jpg\" data-sizes=\"(max-width: 200px) 100vw, 200px\" \/><\/a><\/div>\n<\/figure>\n<figure class=\"gallery-item\">\n<div class=\"gallery-icon portrait\"><a href=\"https:\/\/infonewss.com\/wp-content\/uploads\/2023\/08\/Francisco-Macedo-vence-Caldeirao-Grande-por-2-a-1-na-II-Copa-AMVI-IMG_9925.jpg\"><img loading=\"lazy\" decoding=\"async\" class=\"attachment-medium size-medium lazyloaded\" src=\"https:\/\/infonewss.com\/wp-content\/uploads\/2023\/08\/Francisco-Macedo-vence-Caldeirao-Grande-por-2-a-1-na-II-Copa-AMVI-IMG_9925-200x300.jpg\" sizes=\"(max-width: 200px) 100vw, 200px\" srcset=\"https:\/\/infonewss.com\/wp-content\/uploads\/2023\/08\/Francisco-Macedo-vence-Caldeirao-Grande-por-2-a-1-na-II-Copa-AMVI-IMG_9925-200x300.jpg 200w, https:\/\/infonewss.com\/wp-content\/uploads\/2023\/08\/Francisco-Macedo-vence-Caldeirao-Grande-por-2-a-1-na-II-Copa-AMVI-IMG_9925-683x1024.jpg 683w, https:\/\/infonewss.com\/wp-content\/uploads\/2023\/08\/Francisco-Macedo-vence-Caldeirao-Grande-por-2-a-1-na-II-Copa-AMVI-IMG_9925-768x1152.jpg 768w, https:\/\/infonewss.com\/wp-content\/uploads\/2023\/08\/Francisco-Macedo-vence-Caldeirao-Grande-por-2-a-1-na-II-Copa-AMVI-IMG_9925-150x225.jpg 150w, https:\/\/infonewss.com\/wp-content\/uploads\/2023\/08\/Francisco-Macedo-vence-Caldeirao-Grande-por-2-a-1-na-II-Copa-AMVI-IMG_9925-300x450.jpg 300w, https:\/\/infonewss.com\/wp-content\/uploads\/2023\/08\/Francisco-Macedo-vence-Caldeirao-Grande-por-2-a-1-na-II-Copa-AMVI-IMG_9925-696x1044.jpg 696w, https:\/\/infonewss.com\/wp-content\/uploads\/2023\/08\/Francisco-Macedo-vence-Caldeirao-Grande-por-2-a-1-na-II-Copa-AMVI-IMG_9925.jpg 900w\" alt=\"\" width=\"200\" height=\"300\" data-srcset=\"https:\/\/infonewss.com\/wp-content\/uploads\/2023\/08\/Francisco-Macedo-vence-Caldeirao-Grande-por-2-a-1-na-II-Copa-AMVI-IMG_9925-200x300.jpg 200w, https:\/\/infonewss.com\/wp-content\/uploads\/2023\/08\/Francisco-Macedo-vence-Caldeirao-Grande-por-2-a-1-na-II-Copa-AMVI-IMG_9925-683x1024.jpg 683w, https:\/\/infonewss.com\/wp-content\/uploads\/2023\/08\/Francisco-Macedo-vence-Caldeirao-Grande-por-2-a-1-na-II-Copa-AMVI-IMG_9925-768x1152.jpg 768w, https:\/\/infonewss.com\/wp-content\/uploads\/2023\/08\/Francisco-Macedo-vence-Caldeirao-Grande-por-2-a-1-na-II-Copa-AMVI-IMG_9925-150x225.jpg 150w, https:\/\/infonewss.com\/wp-content\/uploads\/2023\/08\/Francisco-Macedo-vence-Caldeirao-Grande-por-2-a-1-na-II-Copa-AMVI-IMG_9925-300x450.jpg 300w, https:\/\/infonewss.com\/wp-content\/uploads\/2023\/08\/Francisco-Macedo-vence-Caldeirao-Grande-por-2-a-1-na-II-Copa-AMVI-IMG_9925-696x1044.jpg 696w, https:\/\/infonewss.com\/wp-content\/uploads\/2023\/08\/Francisco-Macedo-vence-Caldeirao-Grande-por-2-a-1-na-II-Copa-AMVI-IMG_9925.jpg 900w\" data-src=\"https:\/\/infonewss.com\/wp-content\/uploads\/2023\/08\/Francisco-Macedo-vence-Caldeirao-Grande-por-2-a-1-na-II-Copa-AMVI-IMG_9925-200x300.jpg\" data-sizes=\"(max-width: 200px) 100vw, 200px\" \/><\/a><\/div>\n<\/figure>\n<figure class=\"gallery-item\">\n<div class=\"gallery-icon portrait\"><a href=\"https:\/\/infonewss.com\/wp-content\/uploads\/2023\/08\/Francisco-Macedo-vence-Caldeirao-Grande-por-2-a-1-na-II-Copa-AMVI-IMG_9926.jpg\"><img loading=\"lazy\" decoding=\"async\" class=\"attachment-medium size-medium lazyloaded\" src=\"https:\/\/infonewss.com\/wp-content\/uploads\/2023\/08\/Francisco-Macedo-vence-Caldeirao-Grande-por-2-a-1-na-II-Copa-AMVI-IMG_9926-200x300.jpg\" sizes=\"(max-width: 200px) 100vw, 200px\" srcset=\"https:\/\/infonewss.com\/wp-content\/uploads\/2023\/08\/Francisco-Macedo-vence-Caldeirao-Grande-por-2-a-1-na-II-Copa-AMVI-IMG_9926-200x300.jpg 200w, https:\/\/infonewss.com\/wp-content\/uploads\/2023\/08\/Francisco-Macedo-vence-Caldeirao-Grande-por-2-a-1-na-II-Copa-AMVI-IMG_9926-683x1024.jpg 683w, https:\/\/infonewss.com\/wp-content\/uploads\/2023\/08\/Francisco-Macedo-vence-Caldeirao-Grande-por-2-a-1-na-II-Copa-AMVI-IMG_9926-768x1152.jpg 768w, https:\/\/infonewss.com\/wp-content\/uploads\/2023\/08\/Francisco-Macedo-vence-Caldeirao-Grande-por-2-a-1-na-II-Copa-AMVI-IMG_9926-150x225.jpg 150w, https:\/\/infonewss.com\/wp-content\/uploads\/2023\/08\/Francisco-Macedo-vence-Caldeirao-Grande-por-2-a-1-na-II-Copa-AMVI-IMG_9926-300x450.jpg 300w, https:\/\/infonewss.com\/wp-content\/uploads\/2023\/08\/Francisco-Macedo-vence-Caldeirao-Grande-por-2-a-1-na-II-Copa-AMVI-IMG_9926-696x1044.jpg 696w, https:\/\/infonewss.com\/wp-content\/uploads\/2023\/08\/Francisco-Macedo-vence-Caldeirao-Grande-por-2-a-1-na-II-Copa-AMVI-IMG_9926.jpg 900w\" alt=\"\" width=\"200\" height=\"300\" data-srcset=\"https:\/\/infonewss.com\/wp-content\/uploads\/2023\/08\/Francisco-Macedo-vence-Caldeirao-Grande-por-2-a-1-na-II-Copa-AMVI-IMG_9926-200x300.jpg 200w, https:\/\/infonewss.com\/wp-content\/uploads\/2023\/08\/Francisco-Macedo-vence-Caldeirao-Grande-por-2-a-1-na-II-Copa-AMVI-IMG_9926-683x1024.jpg 683w, https:\/\/infonewss.com\/wp-content\/uploads\/2023\/08\/Francisco-Macedo-vence-Caldeirao-Grande-por-2-a-1-na-II-Copa-AMVI-IMG_9926-768x1152.jpg 768w, https:\/\/infonewss.com\/wp-content\/uploads\/2023\/08\/Francisco-Macedo-vence-Caldeirao-Grande-por-2-a-1-na-II-Copa-AMVI-IMG_9926-150x225.jpg 150w, https:\/\/infonewss.com\/wp-content\/uploads\/2023\/08\/Francisco-Macedo-vence-Caldeirao-Grande-por-2-a-1-na-II-Copa-AMVI-IMG_9926-300x450.jpg 300w, https:\/\/infonewss.com\/wp-content\/uploads\/2023\/08\/Francisco-Macedo-vence-Caldeirao-Grande-por-2-a-1-na-II-Copa-AMVI-IMG_9926-696x1044.jpg 696w, https:\/\/infonewss.com\/wp-content\/uploads\/2023\/08\/Francisco-Macedo-vence-Caldeirao-Grande-por-2-a-1-na-II-Copa-AMVI-IMG_9926.jpg 900w\" data-src=\"https:\/\/infonewss.com\/wp-content\/uploads\/2023\/08\/Francisco-Macedo-vence-Caldeirao-Grande-por-2-a-1-na-II-Copa-AMVI-IMG_9926-200x300.jpg\" data-sizes=\"(max-width: 200px) 100vw, 200px\" \/><\/a><\/div>\n<\/figure>\n<figure class=\"gallery-item\">\n<div class=\"gallery-icon portrait\"><a href=\"https:\/\/infonewss.com\/wp-content\/uploads\/2023\/08\/Francisco-Macedo-vence-Caldeirao-Grande-por-2-a-1-na-II-Copa-AMVI-IMG_9930.jpg\"><img loading=\"lazy\" decoding=\"async\" class=\"attachment-medium size-medium lazyloaded\" src=\"https:\/\/infonewss.com\/wp-content\/uploads\/2023\/08\/Francisco-Macedo-vence-Caldeirao-Grande-por-2-a-1-na-II-Copa-AMVI-IMG_9930-200x300.jpg\" sizes=\"(max-width: 200px) 100vw, 200px\" srcset=\"https:\/\/infonewss.com\/wp-content\/uploads\/2023\/08\/Francisco-Macedo-vence-Caldeirao-Grande-por-2-a-1-na-II-Copa-AMVI-IMG_9930-200x300.jpg 200w, https:\/\/infonewss.com\/wp-content\/uploads\/2023\/08\/Francisco-Macedo-vence-Caldeirao-Grande-por-2-a-1-na-II-Copa-AMVI-IMG_9930-683x1024.jpg 683w, https:\/\/infonewss.com\/wp-content\/uploads\/2023\/08\/Francisco-Macedo-vence-Caldeirao-Grande-por-2-a-1-na-II-Copa-AMVI-IMG_9930-768x1152.jpg 768w, https:\/\/infonewss.com\/wp-content\/uploads\/2023\/08\/Francisco-Macedo-vence-Caldeirao-Grande-por-2-a-1-na-II-Copa-AMVI-IMG_9930-150x225.jpg 150w, https:\/\/infonewss.com\/wp-content\/uploads\/2023\/08\/Francisco-Macedo-vence-Caldeirao-Grande-por-2-a-1-na-II-Copa-AMVI-IMG_9930-300x450.jpg 300w, https:\/\/infonewss.com\/wp-content\/uploads\/2023\/08\/Francisco-Macedo-vence-Caldeirao-Grande-por-2-a-1-na-II-Copa-AMVI-IMG_9930-696x1044.jpg 696w, https:\/\/infonewss.com\/wp-content\/uploads\/2023\/08\/Francisco-Macedo-vence-Caldeirao-Grande-por-2-a-1-na-II-Copa-AMVI-IMG_9930.jpg 900w\" alt=\"\" width=\"200\" height=\"300\" data-srcset=\"https:\/\/infonewss.com\/wp-content\/uploads\/2023\/08\/Francisco-Macedo-vence-Caldeirao-Grande-por-2-a-1-na-II-Copa-AMVI-IMG_9930-200x300.jpg 200w, https:\/\/infonewss.com\/wp-content\/uploads\/2023\/08\/Francisco-Macedo-vence-Caldeirao-Grande-por-2-a-1-na-II-Copa-AMVI-IMG_9930-683x1024.jpg 683w, https:\/\/infonewss.com\/wp-content\/uploads\/2023\/08\/Francisco-Macedo-vence-Caldeirao-Grande-por-2-a-1-na-II-Copa-AMVI-IMG_9930-768x1152.jpg 768w, https:\/\/infonewss.com\/wp-content\/uploads\/2023\/08\/Francisco-Macedo-vence-Caldeirao-Grande-por-2-a-1-na-II-Copa-AMVI-IMG_9930-150x225.jpg 150w, https:\/\/infonewss.com\/wp-content\/uploads\/2023\/08\/Francisco-Macedo-vence-Caldeirao-Grande-por-2-a-1-na-II-Copa-AMVI-IMG_9930-300x450.jpg 300w, https:\/\/infonewss.com\/wp-content\/uploads\/2023\/08\/Francisco-Macedo-vence-Caldeirao-Grande-por-2-a-1-na-II-Copa-AMVI-IMG_9930-696x1044.jpg 696w, https:\/\/infonewss.com\/wp-content\/uploads\/2023\/08\/Francisco-Macedo-vence-Caldeirao-Grande-por-2-a-1-na-II-Copa-AMVI-IMG_9930.jpg 900w\" data-src=\"https:\/\/infonewss.com\/wp-content\/uploads\/2023\/08\/Francisco-Macedo-vence-Caldeirao-Grande-por-2-a-1-na-II-Copa-AMVI-IMG_9930-200x300.jpg\" data-sizes=\"(max-width: 200px) 100vw, 200px\" \/><\/a><\/div>\n<\/figure>\n<figure class=\"gallery-item\">\n<div class=\"gallery-icon portrait\"><a href=\"https:\/\/infonewss.com\/wp-content\/uploads\/2023\/08\/Francisco-Macedo-vence-Caldeirao-Grande-por-2-a-1-na-II-Copa-AMVI-IMG_9933.jpg\"><img loading=\"lazy\" decoding=\"async\" class=\"attachment-medium size-medium lazyloaded\" src=\"https:\/\/infonewss.com\/wp-content\/uploads\/2023\/08\/Francisco-Macedo-vence-Caldeirao-Grande-por-2-a-1-na-II-Copa-AMVI-IMG_9933-200x300.jpg\" sizes=\"(max-width: 200px) 100vw, 200px\" srcset=\"https:\/\/infonewss.com\/wp-content\/uploads\/2023\/08\/Francisco-Macedo-vence-Caldeirao-Grande-por-2-a-1-na-II-Copa-AMVI-IMG_9933-200x300.jpg 200w, https:\/\/infonewss.com\/wp-content\/uploads\/2023\/08\/Francisco-Macedo-vence-Caldeirao-Grande-por-2-a-1-na-II-Copa-AMVI-IMG_9933-683x1024.jpg 683w, https:\/\/infonewss.com\/wp-content\/uploads\/2023\/08\/Francisco-Macedo-vence-Caldeirao-Grande-por-2-a-1-na-II-Copa-AMVI-IMG_9933-768x1152.jpg 768w, https:\/\/infonewss.com\/wp-content\/uploads\/2023\/08\/Francisco-Macedo-vence-Caldeirao-Grande-por-2-a-1-na-II-Copa-AMVI-IMG_9933-150x225.jpg 150w, https:\/\/infonewss.com\/wp-content\/uploads\/2023\/08\/Francisco-Macedo-vence-Caldeirao-Grande-por-2-a-1-na-II-Copa-AMVI-IMG_9933-300x450.jpg 300w, https:\/\/infonewss.com\/wp-content\/uploads\/2023\/08\/Francisco-Macedo-vence-Caldeirao-Grande-por-2-a-1-na-II-Copa-AMVI-IMG_9933-696x1044.jpg 696w, https:\/\/infonewss.com\/wp-content\/uploads\/2023\/08\/Francisco-Macedo-vence-Caldeirao-Grande-por-2-a-1-na-II-Copa-AMVI-IMG_9933.jpg 900w\" alt=\"\" width=\"200\" height=\"300\" data-srcset=\"https:\/\/infonewss.com\/wp-content\/uploads\/2023\/08\/Francisco-Macedo-vence-Caldeirao-Grande-por-2-a-1-na-II-Copa-AMVI-IMG_9933-200x300.jpg 200w, https:\/\/infonewss.com\/wp-content\/uploads\/2023\/08\/Francisco-Macedo-vence-Caldeirao-Grande-por-2-a-1-na-II-Copa-AMVI-IMG_9933-683x1024.jpg 683w, https:\/\/infonewss.com\/wp-content\/uploads\/2023\/08\/Francisco-Macedo-vence-Caldeirao-Grande-por-2-a-1-na-II-Copa-AMVI-IMG_9933-768x1152.jpg 768w, https:\/\/infonewss.com\/wp-content\/uploads\/2023\/08\/Francisco-Macedo-vence-Caldeirao-Grande-por-2-a-1-na-II-Copa-AMVI-IMG_9933-150x225.jpg 150w, https:\/\/infonewss.com\/wp-content\/uploads\/2023\/08\/Francisco-Macedo-vence-Caldeirao-Grande-por-2-a-1-na-II-Copa-AMVI-IMG_9933-300x450.jpg 300w, https:\/\/infonewss.com\/wp-content\/uploads\/2023\/08\/Francisco-Macedo-vence-Caldeirao-Grande-por-2-a-1-na-II-Copa-AMVI-IMG_9933-696x1044.jpg 696w, https:\/\/infonewss.com\/wp-content\/uploads\/2023\/08\/Francisco-Macedo-vence-Caldeirao-Grande-por-2-a-1-na-II-Copa-AMVI-IMG_9933.jpg 900w\" data-src=\"https:\/\/infonewss.com\/wp-content\/uploads\/2023\/08\/Francisco-Macedo-vence-Caldeirao-Grande-por-2-a-1-na-II-Copa-AMVI-IMG_9933-200x300.jpg\" data-sizes=\"(max-width: 200px) 100vw, 200px\" \/><\/a><\/div>\n<\/figure>\n<figure class=\"gallery-item\">\n<div class=\"gallery-icon portrait\"><a href=\"https:\/\/infonewss.com\/wp-content\/uploads\/2023\/08\/Francisco-Macedo-vence-Caldeirao-Grande-por-2-a-1-na-II-Copa-AMVI-IMG_9934.jpg\"><img loading=\"lazy\" decoding=\"async\" class=\"attachment-medium size-medium lazyloaded\" src=\"https:\/\/infonewss.com\/wp-content\/uploads\/2023\/08\/Francisco-Macedo-vence-Caldeirao-Grande-por-2-a-1-na-II-Copa-AMVI-IMG_9934-200x300.jpg\" sizes=\"(max-width: 200px) 100vw, 200px\" srcset=\"https:\/\/infonewss.com\/wp-content\/uploads\/2023\/08\/Francisco-Macedo-vence-Caldeirao-Grande-por-2-a-1-na-II-Copa-AMVI-IMG_9934-200x300.jpg 200w, https:\/\/infonewss.com\/wp-content\/uploads\/2023\/08\/Francisco-Macedo-vence-Caldeirao-Grande-por-2-a-1-na-II-Copa-AMVI-IMG_9934-683x1024.jpg 683w, https:\/\/infonewss.com\/wp-content\/uploads\/2023\/08\/Francisco-Macedo-vence-Caldeirao-Grande-por-2-a-1-na-II-Copa-AMVI-IMG_9934-768x1152.jpg 768w, https:\/\/infonewss.com\/wp-content\/uploads\/2023\/08\/Francisco-Macedo-vence-Caldeirao-Grande-por-2-a-1-na-II-Copa-AMVI-IMG_9934-150x225.jpg 150w, https:\/\/infonewss.com\/wp-content\/uploads\/2023\/08\/Francisco-Macedo-vence-Caldeirao-Grande-por-2-a-1-na-II-Copa-AMVI-IMG_9934-300x450.jpg 300w, https:\/\/infonewss.com\/wp-content\/uploads\/2023\/08\/Francisco-Macedo-vence-Caldeirao-Grande-por-2-a-1-na-II-Copa-AMVI-IMG_9934-696x1044.jpg 696w, https:\/\/infonewss.com\/wp-content\/uploads\/2023\/08\/Francisco-Macedo-vence-Caldeirao-Grande-por-2-a-1-na-II-Copa-AMVI-IMG_9934.jpg 900w\" alt=\"\" width=\"200\" height=\"300\" data-srcset=\"https:\/\/infonewss.com\/wp-content\/uploads\/2023\/08\/Francisco-Macedo-vence-Caldeirao-Grande-por-2-a-1-na-II-Copa-AMVI-IMG_9934-200x300.jpg 200w, https:\/\/infonewss.com\/wp-content\/uploads\/2023\/08\/Francisco-Macedo-vence-Caldeirao-Grande-por-2-a-1-na-II-Copa-AMVI-IMG_9934-683x1024.jpg 683w, https:\/\/infonewss.com\/wp-content\/uploads\/2023\/08\/Francisco-Macedo-vence-Caldeirao-Grande-por-2-a-1-na-II-Copa-AMVI-IMG_9934-768x1152.jpg 768w, https:\/\/infonewss.com\/wp-content\/uploads\/2023\/08\/Francisco-Macedo-vence-Caldeirao-Grande-por-2-a-1-na-II-Copa-AMVI-IMG_9934-150x225.jpg 150w, https:\/\/infonewss.com\/wp-content\/uploads\/2023\/08\/Francisco-Macedo-vence-Caldeirao-Grande-por-2-a-1-na-II-Copa-AMVI-IMG_9934-300x450.jpg 300w, https:\/\/infonewss.com\/wp-content\/uploads\/2023\/08\/Francisco-Macedo-vence-Caldeirao-Grande-por-2-a-1-na-II-Copa-AMVI-IMG_9934-696x1044.jpg 696w, https:\/\/infonewss.com\/wp-content\/uploads\/2023\/08\/Francisco-Macedo-vence-Caldeirao-Grande-por-2-a-1-na-II-Copa-AMVI-IMG_9934.jpg 900w\" data-src=\"https:\/\/infonewss.com\/wp-content\/uploads\/2023\/08\/Francisco-Macedo-vence-Caldeirao-Grande-por-2-a-1-na-II-Copa-AMVI-IMG_9934-200x300.jpg\" data-sizes=\"(max-width: 200px) 100vw, 200px\" \/><\/a><\/div>\n<\/figure>\n<figure class=\"gallery-item\">\n<div class=\"gallery-icon portrait\"><a href=\"https:\/\/infonewss.com\/wp-content\/uploads\/2023\/08\/Francisco-Macedo-vence-Caldeirao-Grande-por-2-a-1-na-II-Copa-AMVI-IMG_9935.jpg\"><img loading=\"lazy\" decoding=\"async\" class=\"attachment-medium size-medium lazyloaded\" src=\"https:\/\/infonewss.com\/wp-content\/uploads\/2023\/08\/Francisco-Macedo-vence-Caldeirao-Grande-por-2-a-1-na-II-Copa-AMVI-IMG_9935-200x300.jpg\" sizes=\"(max-width: 200px) 100vw, 200px\" srcset=\"https:\/\/infonewss.com\/wp-content\/uploads\/2023\/08\/Francisco-Macedo-vence-Caldeirao-Grande-por-2-a-1-na-II-Copa-AMVI-IMG_9935-200x300.jpg 200w, https:\/\/infonewss.com\/wp-content\/uploads\/2023\/08\/Francisco-Macedo-vence-Caldeirao-Grande-por-2-a-1-na-II-Copa-AMVI-IMG_9935-683x1024.jpg 683w, https:\/\/infonewss.com\/wp-content\/uploads\/2023\/08\/Francisco-Macedo-vence-Caldeirao-Grande-por-2-a-1-na-II-Copa-AMVI-IMG_9935-768x1152.jpg 768w, https:\/\/infonewss.com\/wp-content\/uploads\/2023\/08\/Francisco-Macedo-vence-Caldeirao-Grande-por-2-a-1-na-II-Copa-AMVI-IMG_9935-150x225.jpg 150w, https:\/\/infonewss.com\/wp-content\/uploads\/2023\/08\/Francisco-Macedo-vence-Caldeirao-Grande-por-2-a-1-na-II-Copa-AMVI-IMG_9935-300x450.jpg 300w, https:\/\/infonewss.com\/wp-content\/uploads\/2023\/08\/Francisco-Macedo-vence-Caldeirao-Grande-por-2-a-1-na-II-Copa-AMVI-IMG_9935-696x1044.jpg 696w, https:\/\/infonewss.com\/wp-content\/uploads\/2023\/08\/Francisco-Macedo-vence-Caldeirao-Grande-por-2-a-1-na-II-Copa-AMVI-IMG_9935.jpg 900w\" alt=\"\" width=\"200\" height=\"300\" data-srcset=\"https:\/\/infonewss.com\/wp-content\/uploads\/2023\/08\/Francisco-Macedo-vence-Caldeirao-Grande-por-2-a-1-na-II-Copa-AMVI-IMG_9935-200x300.jpg 200w, https:\/\/infonewss.com\/wp-content\/uploads\/2023\/08\/Francisco-Macedo-vence-Caldeirao-Grande-por-2-a-1-na-II-Copa-AMVI-IMG_9935-683x1024.jpg 683w, https:\/\/infonewss.com\/wp-content\/uploads\/2023\/08\/Francisco-Macedo-vence-Caldeirao-Grande-por-2-a-1-na-II-Copa-AMVI-IMG_9935-768x1152.jpg 768w, https:\/\/infonewss.com\/wp-content\/uploads\/2023\/08\/Francisco-Macedo-vence-Caldeirao-Grande-por-2-a-1-na-II-Copa-AMVI-IMG_9935-150x225.jpg 150w, https:\/\/infonewss.com\/wp-content\/uploads\/2023\/08\/Francisco-Macedo-vence-Caldeirao-Grande-por-2-a-1-na-II-Copa-AMVI-IMG_9935-300x450.jpg 300w, https:\/\/infonewss.com\/wp-content\/uploads\/2023\/08\/Francisco-Macedo-vence-Caldeirao-Grande-por-2-a-1-na-II-Copa-AMVI-IMG_9935-696x1044.jpg 696w, https:\/\/infonewss.com\/wp-content\/uploads\/2023\/08\/Francisco-Macedo-vence-Caldeirao-Grande-por-2-a-1-na-II-Copa-AMVI-IMG_9935.jpg 900w\" data-src=\"https:\/\/infonewss.com\/wp-content\/uploads\/2023\/08\/Francisco-Macedo-vence-Caldeirao-Grande-por-2-a-1-na-II-Copa-AMVI-IMG_9935-200x300.jpg\" data-sizes=\"(max-width: 200px) 100vw, 200px\" \/><\/a><\/div>\n<\/figure>\n<figure class=\"gallery-item\">\n<div class=\"gallery-icon landscape\"><a href=\"https:\/\/infonewss.com\/wp-content\/uploads\/2023\/08\/Francisco-Macedo-vence-Caldeirao-Grande-por-2-a-1-na-II-Copa-AMVI-IMG_9936.jpg\"><img loading=\"lazy\" decoding=\"async\" class=\"attachment-medium size-medium lazyloaded\" src=\"https:\/\/infonewss.com\/wp-content\/uploads\/2023\/08\/Francisco-Macedo-vence-Caldeirao-Grande-por-2-a-1-na-II-Copa-AMVI-IMG_9936-300x200.jpg\" sizes=\"(max-width: 300px) 100vw, 300px\" srcset=\"https:\/\/infonewss.com\/wp-content\/uploads\/2023\/08\/Francisco-Macedo-vence-Caldeirao-Grande-por-2-a-1-na-II-Copa-AMVI-IMG_9936-300x200.jpg 300w, https:\/\/infonewss.com\/wp-content\/uploads\/2023\/08\/Francisco-Macedo-vence-Caldeirao-Grande-por-2-a-1-na-II-Copa-AMVI-IMG_9936-768x512.jpg 768w, https:\/\/infonewss.com\/wp-content\/uploads\/2023\/08\/Francisco-Macedo-vence-Caldeirao-Grande-por-2-a-1-na-II-Copa-AMVI-IMG_9936-150x100.jpg 150w, https:\/\/infonewss.com\/wp-content\/uploads\/2023\/08\/Francisco-Macedo-vence-Caldeirao-Grande-por-2-a-1-na-II-Copa-AMVI-IMG_9936-696x464.jpg 696w, https:\/\/infonewss.com\/wp-content\/uploads\/2023\/08\/Francisco-Macedo-vence-Caldeirao-Grande-por-2-a-1-na-II-Copa-AMVI-IMG_9936.jpg 900w\" alt=\"\" width=\"300\" height=\"200\" data-srcset=\"https:\/\/infonewss.com\/wp-content\/uploads\/2023\/08\/Francisco-Macedo-vence-Caldeirao-Grande-por-2-a-1-na-II-Copa-AMVI-IMG_9936-300x200.jpg 300w, https:\/\/infonewss.com\/wp-content\/uploads\/2023\/08\/Francisco-Macedo-vence-Caldeirao-Grande-por-2-a-1-na-II-Copa-AMVI-IMG_9936-768x512.jpg 768w, https:\/\/infonewss.com\/wp-content\/uploads\/2023\/08\/Francisco-Macedo-vence-Caldeirao-Grande-por-2-a-1-na-II-Copa-AMVI-IMG_9936-150x100.jpg 150w, https:\/\/infonewss.com\/wp-content\/uploads\/2023\/08\/Francisco-Macedo-vence-Caldeirao-Grande-por-2-a-1-na-II-Copa-AMVI-IMG_9936-696x464.jpg 696w, https:\/\/infonewss.com\/wp-content\/uploads\/2023\/08\/Francisco-Macedo-vence-Caldeirao-Grande-por-2-a-1-na-II-Copa-AMVI-IMG_9936.jpg 900w\" data-src=\"https:\/\/infonewss.com\/wp-content\/uploads\/2023\/08\/Francisco-Macedo-vence-Caldeirao-Grande-por-2-a-1-na-II-Copa-AMVI-IMG_9936-300x200.jpg\" data-sizes=\"(max-width: 300px) 100vw, 300px\" \/><\/a><\/div>\n<\/figure>\n<figure class=\"gallery-item\">\n<div class=\"gallery-icon landscape\"><a href=\"https:\/\/infonewss.com\/wp-content\/uploads\/2023\/08\/Francisco-Macedo-vence-Caldeirao-Grande-por-2-a-1-na-II-Copa-AMVI-IMG_9939.jpg\"><img loading=\"lazy\" decoding=\"async\" class=\"attachment-medium size-medium lazyloaded\" src=\"https:\/\/infonewss.com\/wp-content\/uploads\/2023\/08\/Francisco-Macedo-vence-Caldeirao-Grande-por-2-a-1-na-II-Copa-AMVI-IMG_9939-300x200.jpg\" sizes=\"(max-width: 300px) 100vw, 300px\" srcset=\"https:\/\/infonewss.com\/wp-content\/uploads\/2023\/08\/Francisco-Macedo-vence-Caldeirao-Grande-por-2-a-1-na-II-Copa-AMVI-IMG_9939-300x200.jpg 300w, https:\/\/infonewss.com\/wp-content\/uploads\/2023\/08\/Francisco-Macedo-vence-Caldeirao-Grande-por-2-a-1-na-II-Copa-AMVI-IMG_9939-768x512.jpg 768w, https:\/\/infonewss.com\/wp-content\/uploads\/2023\/08\/Francisco-Macedo-vence-Caldeirao-Grande-por-2-a-1-na-II-Copa-AMVI-IMG_9939-150x100.jpg 150w, https:\/\/infonewss.com\/wp-content\/uploads\/2023\/08\/Francisco-Macedo-vence-Caldeirao-Grande-por-2-a-1-na-II-Copa-AMVI-IMG_9939-696x464.jpg 696w, https:\/\/infonewss.com\/wp-content\/uploads\/2023\/08\/Francisco-Macedo-vence-Caldeirao-Grande-por-2-a-1-na-II-Copa-AMVI-IMG_9939.jpg 900w\" alt=\"\" width=\"300\" height=\"200\" data-srcset=\"https:\/\/infonewss.com\/wp-content\/uploads\/2023\/08\/Francisco-Macedo-vence-Caldeirao-Grande-por-2-a-1-na-II-Copa-AMVI-IMG_9939-300x200.jpg 300w, https:\/\/infonewss.com\/wp-content\/uploads\/2023\/08\/Francisco-Macedo-vence-Caldeirao-Grande-por-2-a-1-na-II-Copa-AMVI-IMG_9939-768x512.jpg 768w, https:\/\/infonewss.com\/wp-content\/uploads\/2023\/08\/Francisco-Macedo-vence-Caldeirao-Grande-por-2-a-1-na-II-Copa-AMVI-IMG_9939-150x100.jpg 150w, https:\/\/infonewss.com\/wp-content\/uploads\/2023\/08\/Francisco-Macedo-vence-Caldeirao-Grande-por-2-a-1-na-II-Copa-AMVI-IMG_9939-696x464.jpg 696w, https:\/\/infonewss.com\/wp-content\/uploads\/2023\/08\/Francisco-Macedo-vence-Caldeirao-Grande-por-2-a-1-na-II-Copa-AMVI-IMG_9939.jpg 900w\" data-src=\"https:\/\/infonewss.com\/wp-content\/uploads\/2023\/08\/Francisco-Macedo-vence-Caldeirao-Grande-por-2-a-1-na-II-Copa-AMVI-IMG_9939-300x200.jpg\" data-sizes=\"(max-width: 300px) 100vw, 300px\" \/><\/a><\/div>\n<\/figure>\n<figure class=\"gallery-item\">\n<div class=\"gallery-icon landscape\"><a href=\"https:\/\/infonewss.com\/wp-content\/uploads\/2023\/08\/Francisco-Macedo-vence-Caldeirao-Grande-por-2-a-1-na-II-Copa-AMVI-IMG_9940.jpg\"><img loading=\"lazy\" decoding=\"async\" class=\"attachment-medium size-medium lazyloaded\" src=\"https:\/\/infonewss.com\/wp-content\/uploads\/2023\/08\/Francisco-Macedo-vence-Caldeirao-Grande-por-2-a-1-na-II-Copa-AMVI-IMG_9940-300x200.jpg\" sizes=\"(max-width: 300px) 100vw, 300px\" srcset=\"https:\/\/infonewss.com\/wp-content\/uploads\/2023\/08\/Francisco-Macedo-vence-Caldeirao-Grande-por-2-a-1-na-II-Copa-AMVI-IMG_9940-300x200.jpg 300w, https:\/\/infonewss.com\/wp-content\/uploads\/2023\/08\/Francisco-Macedo-vence-Caldeirao-Grande-por-2-a-1-na-II-Copa-AMVI-IMG_9940-768x512.jpg 768w, https:\/\/infonewss.com\/wp-content\/uploads\/2023\/08\/Francisco-Macedo-vence-Caldeirao-Grande-por-2-a-1-na-II-Copa-AMVI-IMG_9940-150x100.jpg 150w, https:\/\/infonewss.com\/wp-content\/uploads\/2023\/08\/Francisco-Macedo-vence-Caldeirao-Grande-por-2-a-1-na-II-Copa-AMVI-IMG_9940-696x464.jpg 696w, https:\/\/infonewss.com\/wp-content\/uploads\/2023\/08\/Francisco-Macedo-vence-Caldeirao-Grande-por-2-a-1-na-II-Copa-AMVI-IMG_9940.jpg 900w\" alt=\"\" width=\"300\" height=\"200\" data-srcset=\"https:\/\/infonewss.com\/wp-content\/uploads\/2023\/08\/Francisco-Macedo-vence-Caldeirao-Grande-por-2-a-1-na-II-Copa-AMVI-IMG_9940-300x200.jpg 300w, https:\/\/infonewss.com\/wp-content\/uploads\/2023\/08\/Francisco-Macedo-vence-Caldeirao-Grande-por-2-a-1-na-II-Copa-AMVI-IMG_9940-768x512.jpg 768w, https:\/\/infonewss.com\/wp-content\/uploads\/2023\/08\/Francisco-Macedo-vence-Caldeirao-Grande-por-2-a-1-na-II-Copa-AMVI-IMG_9940-150x100.jpg 150w, https:\/\/infonewss.com\/wp-content\/uploads\/2023\/08\/Francisco-Macedo-vence-Caldeirao-Grande-por-2-a-1-na-II-Copa-AMVI-IMG_9940-696x464.jpg 696w, https:\/\/infonewss.com\/wp-content\/uploads\/2023\/08\/Francisco-Macedo-vence-Caldeirao-Grande-por-2-a-1-na-II-Copa-AMVI-IMG_9940.jpg 900w\" data-src=\"https:\/\/infonewss.com\/wp-content\/uploads\/2023\/08\/Francisco-Macedo-vence-Caldeirao-Grande-por-2-a-1-na-II-Copa-AMVI-IMG_9940-300x200.jpg\" data-sizes=\"(max-width: 300px) 100vw, 300px\" \/><\/a><\/div>\n<\/figure>\n<figure class=\"gallery-item\">\n<div class=\"gallery-icon landscape\"><a href=\"https:\/\/infonewss.com\/wp-content\/uploads\/2023\/08\/Francisco-Macedo-vence-Caldeirao-Grande-por-2-a-1-na-II-Copa-AMVI-IMG_9941.jpg\"><img loading=\"lazy\" decoding=\"async\" class=\"attachment-medium size-medium lazyloaded\" src=\"https:\/\/infonewss.com\/wp-content\/uploads\/2023\/08\/Francisco-Macedo-vence-Caldeirao-Grande-por-2-a-1-na-II-Copa-AMVI-IMG_9941-300x200.jpg\" sizes=\"(max-width: 300px) 100vw, 300px\" srcset=\"https:\/\/infonewss.com\/wp-content\/uploads\/2023\/08\/Francisco-Macedo-vence-Caldeirao-Grande-por-2-a-1-na-II-Copa-AMVI-IMG_9941-300x200.jpg 300w, https:\/\/infonewss.com\/wp-content\/uploads\/2023\/08\/Francisco-Macedo-vence-Caldeirao-Grande-por-2-a-1-na-II-Copa-AMVI-IMG_9941-768x512.jpg 768w, https:\/\/infonewss.com\/wp-content\/uploads\/2023\/08\/Francisco-Macedo-vence-Caldeirao-Grande-por-2-a-1-na-II-Copa-AMVI-IMG_9941-150x100.jpg 150w, https:\/\/infonewss.com\/wp-content\/uploads\/2023\/08\/Francisco-Macedo-vence-Caldeirao-Grande-por-2-a-1-na-II-Copa-AMVI-IMG_9941-696x464.jpg 696w, https:\/\/infonewss.com\/wp-content\/uploads\/2023\/08\/Francisco-Macedo-vence-Caldeirao-Grande-por-2-a-1-na-II-Copa-AMVI-IMG_9941.jpg 900w\" alt=\"\" width=\"300\" height=\"200\" data-srcset=\"https:\/\/infonewss.com\/wp-content\/uploads\/2023\/08\/Francisco-Macedo-vence-Caldeirao-Grande-por-2-a-1-na-II-Copa-AMVI-IMG_9941-300x200.jpg 300w, https:\/\/infonewss.com\/wp-content\/uploads\/2023\/08\/Francisco-Macedo-vence-Caldeirao-Grande-por-2-a-1-na-II-Copa-AMVI-IMG_9941-768x512.jpg 768w, https:\/\/infonewss.com\/wp-content\/uploads\/2023\/08\/Francisco-Macedo-vence-Caldeirao-Grande-por-2-a-1-na-II-Copa-AMVI-IMG_9941-150x100.jpg 150w, https:\/\/infonewss.com\/wp-content\/uploads\/2023\/08\/Francisco-Macedo-vence-Caldeirao-Grande-por-2-a-1-na-II-Copa-AMVI-IMG_9941-696x464.jpg 696w, https:\/\/infonewss.com\/wp-content\/uploads\/2023\/08\/Francisco-Macedo-vence-Caldeirao-Grande-por-2-a-1-na-II-Copa-AMVI-IMG_9941.jpg 900w\" data-src=\"https:\/\/infonewss.com\/wp-content\/uploads\/2023\/08\/Francisco-Macedo-vence-Caldeirao-Grande-por-2-a-1-na-II-Copa-AMVI-IMG_9941-300x200.jpg\" data-sizes=\"(max-width: 300px) 100vw, 300px\" \/><\/a><\/div>\n<\/figure>\n<figure class=\"gallery-item\">\n<div class=\"gallery-icon portrait\"><a href=\"https:\/\/infonewss.com\/wp-content\/uploads\/2023\/08\/Francisco-Macedo-vence-Caldeirao-Grande-por-2-a-1-na-II-Copa-AMVI-IMG_9943.jpg\"><img loading=\"lazy\" decoding=\"async\" class=\"attachment-medium size-medium lazyloaded\" src=\"https:\/\/infonewss.com\/wp-content\/uploads\/2023\/08\/Francisco-Macedo-vence-Caldeirao-Grande-por-2-a-1-na-II-Copa-AMVI-IMG_9943-200x300.jpg\" sizes=\"(max-width: 200px) 100vw, 200px\" srcset=\"https:\/\/infonewss.com\/wp-content\/uploads\/2023\/08\/Francisco-Macedo-vence-Caldeirao-Grande-por-2-a-1-na-II-Copa-AMVI-IMG_9943-200x300.jpg 200w, https:\/\/infonewss.com\/wp-content\/uploads\/2023\/08\/Francisco-Macedo-vence-Caldeirao-Grande-por-2-a-1-na-II-Copa-AMVI-IMG_9943-683x1024.jpg 683w, https:\/\/infonewss.com\/wp-content\/uploads\/2023\/08\/Francisco-Macedo-vence-Caldeirao-Grande-por-2-a-1-na-II-Copa-AMVI-IMG_9943-768x1152.jpg 768w, https:\/\/infonewss.com\/wp-content\/uploads\/2023\/08\/Francisco-Macedo-vence-Caldeirao-Grande-por-2-a-1-na-II-Copa-AMVI-IMG_9943-150x225.jpg 150w, https:\/\/infonewss.com\/wp-content\/uploads\/2023\/08\/Francisco-Macedo-vence-Caldeirao-Grande-por-2-a-1-na-II-Copa-AMVI-IMG_9943-300x450.jpg 300w, https:\/\/infonewss.com\/wp-content\/uploads\/2023\/08\/Francisco-Macedo-vence-Caldeirao-Grande-por-2-a-1-na-II-Copa-AMVI-IMG_9943-696x1044.jpg 696w, https:\/\/infonewss.com\/wp-content\/uploads\/2023\/08\/Francisco-Macedo-vence-Caldeirao-Grande-por-2-a-1-na-II-Copa-AMVI-IMG_9943.jpg 900w\" alt=\"\" width=\"200\" height=\"300\" data-srcset=\"https:\/\/infonewss.com\/wp-content\/uploads\/2023\/08\/Francisco-Macedo-vence-Caldeirao-Grande-por-2-a-1-na-II-Copa-AMVI-IMG_9943-200x300.jpg 200w, https:\/\/infonewss.com\/wp-content\/uploads\/2023\/08\/Francisco-Macedo-vence-Caldeirao-Grande-por-2-a-1-na-II-Copa-AMVI-IMG_9943-683x1024.jpg 683w, https:\/\/infonewss.com\/wp-content\/uploads\/2023\/08\/Francisco-Macedo-vence-Caldeirao-Grande-por-2-a-1-na-II-Copa-AMVI-IMG_9943-768x1152.jpg 768w, https:\/\/infonewss.com\/wp-content\/uploads\/2023\/08\/Francisco-Macedo-vence-Caldeirao-Grande-por-2-a-1-na-II-Copa-AMVI-IMG_9943-150x225.jpg 150w, https:\/\/infonewss.com\/wp-content\/uploads\/2023\/08\/Francisco-Macedo-vence-Caldeirao-Grande-por-2-a-1-na-II-Copa-AMVI-IMG_9943-300x450.jpg 300w, https:\/\/infonewss.com\/wp-content\/uploads\/2023\/08\/Francisco-Macedo-vence-Caldeirao-Grande-por-2-a-1-na-II-Copa-AMVI-IMG_9943-696x1044.jpg 696w, https:\/\/infonewss.com\/wp-content\/uploads\/2023\/08\/Francisco-Macedo-vence-Caldeirao-Grande-por-2-a-1-na-II-Copa-AMVI-IMG_9943.jpg 900w\" data-src=\"https:\/\/infonewss.com\/wp-content\/uploads\/2023\/08\/Francisco-Macedo-vence-Caldeirao-Grande-por-2-a-1-na-II-Copa-AMVI-IMG_9943-200x300.jpg\" data-sizes=\"(max-width: 200px) 100vw, 200px\" \/><\/a><\/div>\n<\/figure>\n<figure class=\"gallery-item\">\n<div class=\"gallery-icon portrait\"><a href=\"https:\/\/infonewss.com\/wp-content\/uploads\/2023\/08\/Francisco-Macedo-vence-Caldeirao-Grande-por-2-a-1-na-II-Copa-AMVI-IMG_9944.jpg\"><img loading=\"lazy\" decoding=\"async\" class=\"attachment-medium size-medium lazyloaded\" src=\"https:\/\/infonewss.com\/wp-content\/uploads\/2023\/08\/Francisco-Macedo-vence-Caldeirao-Grande-por-2-a-1-na-II-Copa-AMVI-IMG_9944-200x300.jpg\" sizes=\"(max-width: 200px) 100vw, 200px\" srcset=\"https:\/\/infonewss.com\/wp-content\/uploads\/2023\/08\/Francisco-Macedo-vence-Caldeirao-Grande-por-2-a-1-na-II-Copa-AMVI-IMG_9944-200x300.jpg 200w, https:\/\/infonewss.com\/wp-content\/uploads\/2023\/08\/Francisco-Macedo-vence-Caldeirao-Grande-por-2-a-1-na-II-Copa-AMVI-IMG_9944-683x1024.jpg 683w, https:\/\/infonewss.com\/wp-content\/uploads\/2023\/08\/Francisco-Macedo-vence-Caldeirao-Grande-por-2-a-1-na-II-Copa-AMVI-IMG_9944-768x1152.jpg 768w, https:\/\/infonewss.com\/wp-content\/uploads\/2023\/08\/Francisco-Macedo-vence-Caldeirao-Grande-por-2-a-1-na-II-Copa-AMVI-IMG_9944-150x225.jpg 150w, https:\/\/infonewss.com\/wp-content\/uploads\/2023\/08\/Francisco-Macedo-vence-Caldeirao-Grande-por-2-a-1-na-II-Copa-AMVI-IMG_9944-300x450.jpg 300w, https:\/\/infonewss.com\/wp-content\/uploads\/2023\/08\/Francisco-Macedo-vence-Caldeirao-Grande-por-2-a-1-na-II-Copa-AMVI-IMG_9944-696x1044.jpg 696w, https:\/\/infonewss.com\/wp-content\/uploads\/2023\/08\/Francisco-Macedo-vence-Caldeirao-Grande-por-2-a-1-na-II-Copa-AMVI-IMG_9944.jpg 900w\" alt=\"\" width=\"200\" height=\"300\" data-srcset=\"https:\/\/infonewss.com\/wp-content\/uploads\/2023\/08\/Francisco-Macedo-vence-Caldeirao-Grande-por-2-a-1-na-II-Copa-AMVI-IMG_9944-200x300.jpg 200w, https:\/\/infonewss.com\/wp-content\/uploads\/2023\/08\/Francisco-Macedo-vence-Caldeirao-Grande-por-2-a-1-na-II-Copa-AMVI-IMG_9944-683x1024.jpg 683w, https:\/\/infonewss.com\/wp-content\/uploads\/2023\/08\/Francisco-Macedo-vence-Caldeirao-Grande-por-2-a-1-na-II-Copa-AMVI-IMG_9944-768x1152.jpg 768w, https:\/\/infonewss.com\/wp-content\/uploads\/2023\/08\/Francisco-Macedo-vence-Caldeirao-Grande-por-2-a-1-na-II-Copa-AMVI-IMG_9944-150x225.jpg 150w, https:\/\/infonewss.com\/wp-content\/uploads\/2023\/08\/Francisco-Macedo-vence-Caldeirao-Grande-por-2-a-1-na-II-Copa-AMVI-IMG_9944-300x450.jpg 300w, https:\/\/infonewss.com\/wp-content\/uploads\/2023\/08\/Francisco-Macedo-vence-Caldeirao-Grande-por-2-a-1-na-II-Copa-AMVI-IMG_9944-696x1044.jpg 696w, https:\/\/infonewss.com\/wp-content\/uploads\/2023\/08\/Francisco-Macedo-vence-Caldeirao-Grande-por-2-a-1-na-II-Copa-AMVI-IMG_9944.jpg 900w\" data-src=\"https:\/\/infonewss.com\/wp-content\/uploads\/2023\/08\/Francisco-Macedo-vence-Caldeirao-Grande-por-2-a-1-na-II-Copa-AMVI-IMG_9944-200x300.jpg\" data-sizes=\"(max-width: 200px) 100vw, 200px\" \/><\/a><\/div>\n<\/figure>\n<figure class=\"gallery-item\">\n<div class=\"gallery-icon portrait\"><a href=\"https:\/\/infonewss.com\/wp-content\/uploads\/2023\/08\/Francisco-Macedo-vence-Caldeirao-Grande-por-2-a-1-na-II-Copa-AMVI-IMG_9945.jpg\"><img loading=\"lazy\" decoding=\"async\" class=\"attachment-medium size-medium lazyloaded\" src=\"https:\/\/infonewss.com\/wp-content\/uploads\/2023\/08\/Francisco-Macedo-vence-Caldeirao-Grande-por-2-a-1-na-II-Copa-AMVI-IMG_9945-200x300.jpg\" sizes=\"(max-width: 200px) 100vw, 200px\" srcset=\"https:\/\/infonewss.com\/wp-content\/uploads\/2023\/08\/Francisco-Macedo-vence-Caldeirao-Grande-por-2-a-1-na-II-Copa-AMVI-IMG_9945-200x300.jpg 200w, https:\/\/infonewss.com\/wp-content\/uploads\/2023\/08\/Francisco-Macedo-vence-Caldeirao-Grande-por-2-a-1-na-II-Copa-AMVI-IMG_9945-683x1024.jpg 683w, https:\/\/infonewss.com\/wp-content\/uploads\/2023\/08\/Francisco-Macedo-vence-Caldeirao-Grande-por-2-a-1-na-II-Copa-AMVI-IMG_9945-768x1152.jpg 768w, https:\/\/infonewss.com\/wp-content\/uploads\/2023\/08\/Francisco-Macedo-vence-Caldeirao-Grande-por-2-a-1-na-II-Copa-AMVI-IMG_9945-150x225.jpg 150w, https:\/\/infonewss.com\/wp-content\/uploads\/2023\/08\/Francisco-Macedo-vence-Caldeirao-Grande-por-2-a-1-na-II-Copa-AMVI-IMG_9945-300x450.jpg 300w, https:\/\/infonewss.com\/wp-content\/uploads\/2023\/08\/Francisco-Macedo-vence-Caldeirao-Grande-por-2-a-1-na-II-Copa-AMVI-IMG_9945-696x1044.jpg 696w, https:\/\/infonewss.com\/wp-content\/uploads\/2023\/08\/Francisco-Macedo-vence-Caldeirao-Grande-por-2-a-1-na-II-Copa-AMVI-IMG_9945.jpg 900w\" alt=\"\" width=\"200\" height=\"300\" data-srcset=\"https:\/\/infonewss.com\/wp-content\/uploads\/2023\/08\/Francisco-Macedo-vence-Caldeirao-Grande-por-2-a-1-na-II-Copa-AMVI-IMG_9945-200x300.jpg 200w, https:\/\/infonewss.com\/wp-content\/uploads\/2023\/08\/Francisco-Macedo-vence-Caldeirao-Grande-por-2-a-1-na-II-Copa-AMVI-IMG_9945-683x1024.jpg 683w, https:\/\/infonewss.com\/wp-content\/uploads\/2023\/08\/Francisco-Macedo-vence-Caldeirao-Grande-por-2-a-1-na-II-Copa-AMVI-IMG_9945-768x1152.jpg 768w, https:\/\/infonewss.com\/wp-content\/uploads\/2023\/08\/Francisco-Macedo-vence-Caldeirao-Grande-por-2-a-1-na-II-Copa-AMVI-IMG_9945-150x225.jpg 150w, https:\/\/infonewss.com\/wp-content\/uploads\/2023\/08\/Francisco-Macedo-vence-Caldeirao-Grande-por-2-a-1-na-II-Copa-AMVI-IMG_9945-300x450.jpg 300w, https:\/\/infonewss.com\/wp-content\/uploads\/2023\/08\/Francisco-Macedo-vence-Caldeirao-Grande-por-2-a-1-na-II-Copa-AMVI-IMG_9945-696x1044.jpg 696w, https:\/\/infonewss.com\/wp-content\/uploads\/2023\/08\/Francisco-Macedo-vence-Caldeirao-Grande-por-2-a-1-na-II-Copa-AMVI-IMG_9945.jpg 900w\" data-src=\"https:\/\/infonewss.com\/wp-content\/uploads\/2023\/08\/Francisco-Macedo-vence-Caldeirao-Grande-por-2-a-1-na-II-Copa-AMVI-IMG_9945-200x300.jpg\" data-sizes=\"(max-width: 200px) 100vw, 200px\" \/><\/a><\/div>\n<\/figure>\n<figure class=\"gallery-item\">\n<div class=\"gallery-icon landscape\"><a href=\"https:\/\/infonewss.com\/wp-content\/uploads\/2023\/08\/Francisco-Macedo-vence-Caldeirao-Grande-por-2-a-1-na-II-Copa-AMVI-IMG_9946.jpg\"><img loading=\"lazy\" decoding=\"async\" class=\"attachment-medium size-medium lazyloaded\" src=\"https:\/\/infonewss.com\/wp-content\/uploads\/2023\/08\/Francisco-Macedo-vence-Caldeirao-Grande-por-2-a-1-na-II-Copa-AMVI-IMG_9946-300x200.jpg\" sizes=\"(max-width: 300px) 100vw, 300px\" srcset=\"https:\/\/infonewss.com\/wp-content\/uploads\/2023\/08\/Francisco-Macedo-vence-Caldeirao-Grande-por-2-a-1-na-II-Copa-AMVI-IMG_9946-300x200.jpg 300w, https:\/\/infonewss.com\/wp-content\/uploads\/2023\/08\/Francisco-Macedo-vence-Caldeirao-Grande-por-2-a-1-na-II-Copa-AMVI-IMG_9946-768x512.jpg 768w, https:\/\/infonewss.com\/wp-content\/uploads\/2023\/08\/Francisco-Macedo-vence-Caldeirao-Grande-por-2-a-1-na-II-Copa-AMVI-IMG_9946-150x100.jpg 150w, https:\/\/infonewss.com\/wp-content\/uploads\/2023\/08\/Francisco-Macedo-vence-Caldeirao-Grande-por-2-a-1-na-II-Copa-AMVI-IMG_9946-696x464.jpg 696w, https:\/\/infonewss.com\/wp-content\/uploads\/2023\/08\/Francisco-Macedo-vence-Caldeirao-Grande-por-2-a-1-na-II-Copa-AMVI-IMG_9946.jpg 900w\" alt=\"\" width=\"300\" height=\"200\" data-srcset=\"https:\/\/infonewss.com\/wp-content\/uploads\/2023\/08\/Francisco-Macedo-vence-Caldeirao-Grande-por-2-a-1-na-II-Copa-AMVI-IMG_9946-300x200.jpg 300w, https:\/\/infonewss.com\/wp-content\/uploads\/2023\/08\/Francisco-Macedo-vence-Caldeirao-Grande-por-2-a-1-na-II-Copa-AMVI-IMG_9946-768x512.jpg 768w, https:\/\/infonewss.com\/wp-content\/uploads\/2023\/08\/Francisco-Macedo-vence-Caldeirao-Grande-por-2-a-1-na-II-Copa-AMVI-IMG_9946-150x100.jpg 150w, https:\/\/infonewss.com\/wp-content\/uploads\/2023\/08\/Francisco-Macedo-vence-Caldeirao-Grande-por-2-a-1-na-II-Copa-AMVI-IMG_9946-696x464.jpg 696w, https:\/\/infonewss.com\/wp-content\/uploads\/2023\/08\/Francisco-Macedo-vence-Caldeirao-Grande-por-2-a-1-na-II-Copa-AMVI-IMG_9946.jpg 900w\" data-src=\"https:\/\/infonewss.com\/wp-content\/uploads\/2023\/08\/Francisco-Macedo-vence-Caldeirao-Grande-por-2-a-1-na-II-Copa-AMVI-IMG_9946-300x200.jpg\" data-sizes=\"(max-width: 300px) 100vw, 300px\" \/><\/a><\/div>\n<\/figure>\n<figure class=\"gallery-item\">\n<div class=\"gallery-icon landscape\"><a href=\"https:\/\/infonewss.com\/wp-content\/uploads\/2023\/08\/Francisco-Macedo-vence-Caldeirao-Grande-por-2-a-1-na-II-Copa-AMVI-IMG_9948.jpg\"><img loading=\"lazy\" decoding=\"async\" class=\"attachment-medium size-medium lazyloaded\" src=\"https:\/\/infonewss.com\/wp-content\/uploads\/2023\/08\/Francisco-Macedo-vence-Caldeirao-Grande-por-2-a-1-na-II-Copa-AMVI-IMG_9948-300x200.jpg\" sizes=\"(max-width: 300px) 100vw, 300px\" srcset=\"https:\/\/infonewss.com\/wp-content\/uploads\/2023\/08\/Francisco-Macedo-vence-Caldeirao-Grande-por-2-a-1-na-II-Copa-AMVI-IMG_9948-300x200.jpg 300w, https:\/\/infonewss.com\/wp-content\/uploads\/2023\/08\/Francisco-Macedo-vence-Caldeirao-Grande-por-2-a-1-na-II-Copa-AMVI-IMG_9948-768x512.jpg 768w, https:\/\/infonewss.com\/wp-content\/uploads\/2023\/08\/Francisco-Macedo-vence-Caldeirao-Grande-por-2-a-1-na-II-Copa-AMVI-IMG_9948-150x100.jpg 150w, https:\/\/infonewss.com\/wp-content\/uploads\/2023\/08\/Francisco-Macedo-vence-Caldeirao-Grande-por-2-a-1-na-II-Copa-AMVI-IMG_9948-696x464.jpg 696w, https:\/\/infonewss.com\/wp-content\/uploads\/2023\/08\/Francisco-Macedo-vence-Caldeirao-Grande-por-2-a-1-na-II-Copa-AMVI-IMG_9948.jpg 900w\" alt=\"\" width=\"300\" height=\"200\" data-srcset=\"https:\/\/infonewss.com\/wp-content\/uploads\/2023\/08\/Francisco-Macedo-vence-Caldeirao-Grande-por-2-a-1-na-II-Copa-AMVI-IMG_9948-300x200.jpg 300w, https:\/\/infonewss.com\/wp-content\/uploads\/2023\/08\/Francisco-Macedo-vence-Caldeirao-Grande-por-2-a-1-na-II-Copa-AMVI-IMG_9948-768x512.jpg 768w, https:\/\/infonewss.com\/wp-content\/uploads\/2023\/08\/Francisco-Macedo-vence-Caldeirao-Grande-por-2-a-1-na-II-Copa-AMVI-IMG_9948-150x100.jpg 150w, https:\/\/infonewss.com\/wp-content\/uploads\/2023\/08\/Francisco-Macedo-vence-Caldeirao-Grande-por-2-a-1-na-II-Copa-AMVI-IMG_9948-696x464.jpg 696w, https:\/\/infonewss.com\/wp-content\/uploads\/2023\/08\/Francisco-Macedo-vence-Caldeirao-Grande-por-2-a-1-na-II-Copa-AMVI-IMG_9948.jpg 900w\" data-src=\"https:\/\/infonewss.com\/wp-content\/uploads\/2023\/08\/Francisco-Macedo-vence-Caldeirao-Grande-por-2-a-1-na-II-Copa-AMVI-IMG_9948-300x200.jpg\" data-sizes=\"(max-width: 300px) 100vw, 300px\" \/><\/a><\/div>\n<\/figure>\n<figure class=\"gallery-item\">\n<div class=\"gallery-icon landscape\"><a href=\"https:\/\/infonewss.com\/wp-content\/uploads\/2023\/08\/Francisco-Macedo-vence-Caldeirao-Grande-por-2-a-1-na-II-Copa-AMVI-IMG_9949.jpg\"><img loading=\"lazy\" decoding=\"async\" class=\"attachment-medium size-medium lazyloaded\" src=\"https:\/\/infonewss.com\/wp-content\/uploads\/2023\/08\/Francisco-Macedo-vence-Caldeirao-Grande-por-2-a-1-na-II-Copa-AMVI-IMG_9949-300x200.jpg\" sizes=\"(max-width: 300px) 100vw, 300px\" srcset=\"https:\/\/infonewss.com\/wp-content\/uploads\/2023\/08\/Francisco-Macedo-vence-Caldeirao-Grande-por-2-a-1-na-II-Copa-AMVI-IMG_9949-300x200.jpg 300w, https:\/\/infonewss.com\/wp-content\/uploads\/2023\/08\/Francisco-Macedo-vence-Caldeirao-Grande-por-2-a-1-na-II-Copa-AMVI-IMG_9949-768x512.jpg 768w, https:\/\/infonewss.com\/wp-content\/uploads\/2023\/08\/Francisco-Macedo-vence-Caldeirao-Grande-por-2-a-1-na-II-Copa-AMVI-IMG_9949-150x100.jpg 150w, https:\/\/infonewss.com\/wp-content\/uploads\/2023\/08\/Francisco-Macedo-vence-Caldeirao-Grande-por-2-a-1-na-II-Copa-AMVI-IMG_9949-696x464.jpg 696w, https:\/\/infonewss.com\/wp-content\/uploads\/2023\/08\/Francisco-Macedo-vence-Caldeirao-Grande-por-2-a-1-na-II-Copa-AMVI-IMG_9949.jpg 900w\" alt=\"\" width=\"300\" height=\"200\" data-srcset=\"https:\/\/infonewss.com\/wp-content\/uploads\/2023\/08\/Francisco-Macedo-vence-Caldeirao-Grande-por-2-a-1-na-II-Copa-AMVI-IMG_9949-300x200.jpg 300w, https:\/\/infonewss.com\/wp-content\/uploads\/2023\/08\/Francisco-Macedo-vence-Caldeirao-Grande-por-2-a-1-na-II-Copa-AMVI-IMG_9949-768x512.jpg 768w, https:\/\/infonewss.com\/wp-content\/uploads\/2023\/08\/Francisco-Macedo-vence-Caldeirao-Grande-por-2-a-1-na-II-Copa-AMVI-IMG_9949-150x100.jpg 150w, https:\/\/infonewss.com\/wp-content\/uploads\/2023\/08\/Francisco-Macedo-vence-Caldeirao-Grande-por-2-a-1-na-II-Copa-AMVI-IMG_9949-696x464.jpg 696w, https:\/\/infonewss.com\/wp-content\/uploads\/2023\/08\/Francisco-Macedo-vence-Caldeirao-Grande-por-2-a-1-na-II-Copa-AMVI-IMG_9949.jpg 900w\" data-src=\"https:\/\/infonewss.com\/wp-content\/uploads\/2023\/08\/Francisco-Macedo-vence-Caldeirao-Grande-por-2-a-1-na-II-Copa-AMVI-IMG_9949-300x200.jpg\" data-sizes=\"(max-width: 300px) 100vw, 300px\" \/><\/a><\/div>\n<\/figure>\n<figure class=\"gallery-item\">\n<div class=\"gallery-icon landscape\"><a href=\"https:\/\/infonewss.com\/wp-content\/uploads\/2023\/08\/Francisco-Macedo-vence-Caldeirao-Grande-por-2-a-1-na-II-Copa-AMVI-IMG_9954.jpg\"><img loading=\"lazy\" decoding=\"async\" class=\"attachment-medium size-medium lazyloaded\" src=\"https:\/\/infonewss.com\/wp-content\/uploads\/2023\/08\/Francisco-Macedo-vence-Caldeirao-Grande-por-2-a-1-na-II-Copa-AMVI-IMG_9954-300x200.jpg\" sizes=\"(max-width: 300px) 100vw, 300px\" srcset=\"https:\/\/infonewss.com\/wp-content\/uploads\/2023\/08\/Francisco-Macedo-vence-Caldeirao-Grande-por-2-a-1-na-II-Copa-AMVI-IMG_9954-300x200.jpg 300w, https:\/\/infonewss.com\/wp-content\/uploads\/2023\/08\/Francisco-Macedo-vence-Caldeirao-Grande-por-2-a-1-na-II-Copa-AMVI-IMG_9954-768x512.jpg 768w, https:\/\/infonewss.com\/wp-content\/uploads\/2023\/08\/Francisco-Macedo-vence-Caldeirao-Grande-por-2-a-1-na-II-Copa-AMVI-IMG_9954-150x100.jpg 150w, https:\/\/infonewss.com\/wp-content\/uploads\/2023\/08\/Francisco-Macedo-vence-Caldeirao-Grande-por-2-a-1-na-II-Copa-AMVI-IMG_9954-696x464.jpg 696w, https:\/\/infonewss.com\/wp-content\/uploads\/2023\/08\/Francisco-Macedo-vence-Caldeirao-Grande-por-2-a-1-na-II-Copa-AMVI-IMG_9954.jpg 900w\" alt=\"\" width=\"300\" height=\"200\" data-srcset=\"https:\/\/infonewss.com\/wp-content\/uploads\/2023\/08\/Francisco-Macedo-vence-Caldeirao-Grande-por-2-a-1-na-II-Copa-AMVI-IMG_9954-300x200.jpg 300w, https:\/\/infonewss.com\/wp-content\/uploads\/2023\/08\/Francisco-Macedo-vence-Caldeirao-Grande-por-2-a-1-na-II-Copa-AMVI-IMG_9954-768x512.jpg 768w, https:\/\/infonewss.com\/wp-content\/uploads\/2023\/08\/Francisco-Macedo-vence-Caldeirao-Grande-por-2-a-1-na-II-Copa-AMVI-IMG_9954-150x100.jpg 150w, https:\/\/infonewss.com\/wp-content\/uploads\/2023\/08\/Francisco-Macedo-vence-Caldeirao-Grande-por-2-a-1-na-II-Copa-AMVI-IMG_9954-696x464.jpg 696w, https:\/\/infonewss.com\/wp-content\/uploads\/2023\/08\/Francisco-Macedo-vence-Caldeirao-Grande-por-2-a-1-na-II-Copa-AMVI-IMG_9954.jpg 900w\" data-src=\"https:\/\/infonewss.com\/wp-content\/uploads\/2023\/08\/Francisco-Macedo-vence-Caldeirao-Grande-por-2-a-1-na-II-Copa-AMVI-IMG_9954-300x200.jpg\" data-sizes=\"(max-width: 300px) 100vw, 300px\" \/><\/a><\/div>\n<\/figure>\n<figure class=\"gallery-item\">\n<div class=\"gallery-icon landscape\"><a href=\"https:\/\/infonewss.com\/wp-content\/uploads\/2023\/08\/Francisco-Macedo-vence-Caldeirao-Grande-por-2-a-1-na-II-Copa-AMVI-IMG_9955.jpg\"><img loading=\"lazy\" decoding=\"async\" class=\"attachment-medium size-medium lazyloaded\" src=\"https:\/\/infonewss.com\/wp-content\/uploads\/2023\/08\/Francisco-Macedo-vence-Caldeirao-Grande-por-2-a-1-na-II-Copa-AMVI-IMG_9955-300x200.jpg\" sizes=\"(max-width: 300px) 100vw, 300px\" srcset=\"https:\/\/infonewss.com\/wp-content\/uploads\/2023\/08\/Francisco-Macedo-vence-Caldeirao-Grande-por-2-a-1-na-II-Copa-AMVI-IMG_9955-300x200.jpg 300w, https:\/\/infonewss.com\/wp-content\/uploads\/2023\/08\/Francisco-Macedo-vence-Caldeirao-Grande-por-2-a-1-na-II-Copa-AMVI-IMG_9955-768x512.jpg 768w, https:\/\/infonewss.com\/wp-content\/uploads\/2023\/08\/Francisco-Macedo-vence-Caldeirao-Grande-por-2-a-1-na-II-Copa-AMVI-IMG_9955-150x100.jpg 150w, https:\/\/infonewss.com\/wp-content\/uploads\/2023\/08\/Francisco-Macedo-vence-Caldeirao-Grande-por-2-a-1-na-II-Copa-AMVI-IMG_9955-696x464.jpg 696w, https:\/\/infonewss.com\/wp-content\/uploads\/2023\/08\/Francisco-Macedo-vence-Caldeirao-Grande-por-2-a-1-na-II-Copa-AMVI-IMG_9955.jpg 900w\" alt=\"\" width=\"300\" height=\"200\" data-srcset=\"https:\/\/infonewss.com\/wp-content\/uploads\/2023\/08\/Francisco-Macedo-vence-Caldeirao-Grande-por-2-a-1-na-II-Copa-AMVI-IMG_9955-300x200.jpg 300w, https:\/\/infonewss.com\/wp-content\/uploads\/2023\/08\/Francisco-Macedo-vence-Caldeirao-Grande-por-2-a-1-na-II-Copa-AMVI-IMG_9955-768x512.jpg 768w, https:\/\/infonewss.com\/wp-content\/uploads\/2023\/08\/Francisco-Macedo-vence-Caldeirao-Grande-por-2-a-1-na-II-Copa-AMVI-IMG_9955-150x100.jpg 150w, https:\/\/infonewss.com\/wp-content\/uploads\/2023\/08\/Francisco-Macedo-vence-Caldeirao-Grande-por-2-a-1-na-II-Copa-AMVI-IMG_9955-696x464.jpg 696w, https:\/\/infonewss.com\/wp-content\/uploads\/2023\/08\/Francisco-Macedo-vence-Caldeirao-Grande-por-2-a-1-na-II-Copa-AMVI-IMG_9955.jpg 900w\" data-src=\"https:\/\/infonewss.com\/wp-content\/uploads\/2023\/08\/Francisco-Macedo-vence-Caldeirao-Grande-por-2-a-1-na-II-Copa-AMVI-IMG_9955-300x200.jpg\" data-sizes=\"(max-width: 300px) 100vw, 300px\" \/><\/a><\/div>\n<\/figure>\n<figure class=\"gallery-item\">\n<div class=\"gallery-icon landscape\"><a href=\"https:\/\/infonewss.com\/wp-content\/uploads\/2023\/08\/Francisco-Macedo-vence-Caldeirao-Grande-por-2-a-1-na-II-Copa-AMVI-IMG_9956.jpg\"><img loading=\"lazy\" decoding=\"async\" class=\"attachment-medium size-medium lazyloaded\" src=\"https:\/\/infonewss.com\/wp-content\/uploads\/2023\/08\/Francisco-Macedo-vence-Caldeirao-Grande-por-2-a-1-na-II-Copa-AMVI-IMG_9956-300x200.jpg\" sizes=\"(max-width: 300px) 100vw, 300px\" srcset=\"https:\/\/infonewss.com\/wp-content\/uploads\/2023\/08\/Francisco-Macedo-vence-Caldeirao-Grande-por-2-a-1-na-II-Copa-AMVI-IMG_9956-300x200.jpg 300w, https:\/\/infonewss.com\/wp-content\/uploads\/2023\/08\/Francisco-Macedo-vence-Caldeirao-Grande-por-2-a-1-na-II-Copa-AMVI-IMG_9956-768x512.jpg 768w, https:\/\/infonewss.com\/wp-content\/uploads\/2023\/08\/Francisco-Macedo-vence-Caldeirao-Grande-por-2-a-1-na-II-Copa-AMVI-IMG_9956-150x100.jpg 150w, https:\/\/infonewss.com\/wp-content\/uploads\/2023\/08\/Francisco-Macedo-vence-Caldeirao-Grande-por-2-a-1-na-II-Copa-AMVI-IMG_9956-696x464.jpg 696w, https:\/\/infonewss.com\/wp-content\/uploads\/2023\/08\/Francisco-Macedo-vence-Caldeirao-Grande-por-2-a-1-na-II-Copa-AMVI-IMG_9956.jpg 900w\" alt=\"\" width=\"300\" height=\"200\" data-srcset=\"https:\/\/infonewss.com\/wp-content\/uploads\/2023\/08\/Francisco-Macedo-vence-Caldeirao-Grande-por-2-a-1-na-II-Copa-AMVI-IMG_9956-300x200.jpg 300w, https:\/\/infonewss.com\/wp-content\/uploads\/2023\/08\/Francisco-Macedo-vence-Caldeirao-Grande-por-2-a-1-na-II-Copa-AMVI-IMG_9956-768x512.jpg 768w, https:\/\/infonewss.com\/wp-content\/uploads\/2023\/08\/Francisco-Macedo-vence-Caldeirao-Grande-por-2-a-1-na-II-Copa-AMVI-IMG_9956-150x100.jpg 150w, https:\/\/infonewss.com\/wp-content\/uploads\/2023\/08\/Francisco-Macedo-vence-Caldeirao-Grande-por-2-a-1-na-II-Copa-AMVI-IMG_9956-696x464.jpg 696w, https:\/\/infonewss.com\/wp-content\/uploads\/2023\/08\/Francisco-Macedo-vence-Caldeirao-Grande-por-2-a-1-na-II-Copa-AMVI-IMG_9956.jpg 900w\" data-src=\"https:\/\/infonewss.com\/wp-content\/uploads\/2023\/08\/Francisco-Macedo-vence-Caldeirao-Grande-por-2-a-1-na-II-Copa-AMVI-IMG_9956-300x200.jpg\" data-sizes=\"(max-width: 300px) 100vw, 300px\" \/><\/a><\/div>\n<\/figure>\n<figure class=\"gallery-item\">\n<div class=\"gallery-icon landscape\"><a href=\"https:\/\/infonewss.com\/wp-content\/uploads\/2023\/08\/Francisco-Macedo-vence-Caldeirao-Grande-por-2-a-1-na-II-Copa-AMVI-IMG_9957.jpg\"><img loading=\"lazy\" decoding=\"async\" class=\"attachment-medium size-medium lazyloaded\" src=\"https:\/\/infonewss.com\/wp-content\/uploads\/2023\/08\/Francisco-Macedo-vence-Caldeirao-Grande-por-2-a-1-na-II-Copa-AMVI-IMG_9957-300x200.jpg\" sizes=\"(max-width: 300px) 100vw, 300px\" srcset=\"https:\/\/infonewss.com\/wp-content\/uploads\/2023\/08\/Francisco-Macedo-vence-Caldeirao-Grande-por-2-a-1-na-II-Copa-AMVI-IMG_9957-300x200.jpg 300w, https:\/\/infonewss.com\/wp-content\/uploads\/2023\/08\/Francisco-Macedo-vence-Caldeirao-Grande-por-2-a-1-na-II-Copa-AMVI-IMG_9957-768x512.jpg 768w, https:\/\/infonewss.com\/wp-content\/uploads\/2023\/08\/Francisco-Macedo-vence-Caldeirao-Grande-por-2-a-1-na-II-Copa-AMVI-IMG_9957-150x100.jpg 150w, https:\/\/infonewss.com\/wp-content\/uploads\/2023\/08\/Francisco-Macedo-vence-Caldeirao-Grande-por-2-a-1-na-II-Copa-AMVI-IMG_9957-696x464.jpg 696w, https:\/\/infonewss.com\/wp-content\/uploads\/2023\/08\/Francisco-Macedo-vence-Caldeirao-Grande-por-2-a-1-na-II-Copa-AMVI-IMG_9957.jpg 900w\" alt=\"\" width=\"300\" height=\"200\" data-srcset=\"https:\/\/infonewss.com\/wp-content\/uploads\/2023\/08\/Francisco-Macedo-vence-Caldeirao-Grande-por-2-a-1-na-II-Copa-AMVI-IMG_9957-300x200.jpg 300w, https:\/\/infonewss.com\/wp-content\/uploads\/2023\/08\/Francisco-Macedo-vence-Caldeirao-Grande-por-2-a-1-na-II-Copa-AMVI-IMG_9957-768x512.jpg 768w, https:\/\/infonewss.com\/wp-content\/uploads\/2023\/08\/Francisco-Macedo-vence-Caldeirao-Grande-por-2-a-1-na-II-Copa-AMVI-IMG_9957-150x100.jpg 150w, https:\/\/infonewss.com\/wp-content\/uploads\/2023\/08\/Francisco-Macedo-vence-Caldeirao-Grande-por-2-a-1-na-II-Copa-AMVI-IMG_9957-696x464.jpg 696w, https:\/\/infonewss.com\/wp-content\/uploads\/2023\/08\/Francisco-Macedo-vence-Caldeirao-Grande-por-2-a-1-na-II-Copa-AMVI-IMG_9957.jpg 900w\" data-src=\"https:\/\/infonewss.com\/wp-content\/uploads\/2023\/08\/Francisco-Macedo-vence-Caldeirao-Grande-por-2-a-1-na-II-Copa-AMVI-IMG_9957-300x200.jpg\" data-sizes=\"(max-width: 300px) 100vw, 300px\" \/><\/a><\/div>\n<\/figure>\n<figure class=\"gallery-item\">\n<div class=\"gallery-icon landscape\"><a href=\"https:\/\/infonewss.com\/wp-content\/uploads\/2023\/08\/Francisco-Macedo-vence-Caldeirao-Grande-por-2-a-1-na-II-Copa-AMVI-IMG_9958.jpg\"><img loading=\"lazy\" decoding=\"async\" class=\"attachment-medium size-medium lazyloaded\" src=\"https:\/\/infonewss.com\/wp-content\/uploads\/2023\/08\/Francisco-Macedo-vence-Caldeirao-Grande-por-2-a-1-na-II-Copa-AMVI-IMG_9958-300x200.jpg\" sizes=\"(max-width: 300px) 100vw, 300px\" srcset=\"https:\/\/infonewss.com\/wp-content\/uploads\/2023\/08\/Francisco-Macedo-vence-Caldeirao-Grande-por-2-a-1-na-II-Copa-AMVI-IMG_9958-300x200.jpg 300w, https:\/\/infonewss.com\/wp-content\/uploads\/2023\/08\/Francisco-Macedo-vence-Caldeirao-Grande-por-2-a-1-na-II-Copa-AMVI-IMG_9958-768x512.jpg 768w, https:\/\/infonewss.com\/wp-content\/uploads\/2023\/08\/Francisco-Macedo-vence-Caldeirao-Grande-por-2-a-1-na-II-Copa-AMVI-IMG_9958-150x100.jpg 150w, https:\/\/infonewss.com\/wp-content\/uploads\/2023\/08\/Francisco-Macedo-vence-Caldeirao-Grande-por-2-a-1-na-II-Copa-AMVI-IMG_9958-696x464.jpg 696w, https:\/\/infonewss.com\/wp-content\/uploads\/2023\/08\/Francisco-Macedo-vence-Caldeirao-Grande-por-2-a-1-na-II-Copa-AMVI-IMG_9958.jpg 900w\" alt=\"\" width=\"300\" height=\"200\" data-srcset=\"https:\/\/infonewss.com\/wp-content\/uploads\/2023\/08\/Francisco-Macedo-vence-Caldeirao-Grande-por-2-a-1-na-II-Copa-AMVI-IMG_9958-300x200.jpg 300w, https:\/\/infonewss.com\/wp-content\/uploads\/2023\/08\/Francisco-Macedo-vence-Caldeirao-Grande-por-2-a-1-na-II-Copa-AMVI-IMG_9958-768x512.jpg 768w, https:\/\/infonewss.com\/wp-content\/uploads\/2023\/08\/Francisco-Macedo-vence-Caldeirao-Grande-por-2-a-1-na-II-Copa-AMVI-IMG_9958-150x100.jpg 150w, https:\/\/infonewss.com\/wp-content\/uploads\/2023\/08\/Francisco-Macedo-vence-Caldeirao-Grande-por-2-a-1-na-II-Copa-AMVI-IMG_9958-696x464.jpg 696w, https:\/\/infonewss.com\/wp-content\/uploads\/2023\/08\/Francisco-Macedo-vence-Caldeirao-Grande-por-2-a-1-na-II-Copa-AMVI-IMG_9958.jpg 900w\" data-src=\"https:\/\/infonewss.com\/wp-content\/uploads\/2023\/08\/Francisco-Macedo-vence-Caldeirao-Grande-por-2-a-1-na-II-Copa-AMVI-IMG_9958-300x200.jpg\" data-sizes=\"(max-width: 300px) 100vw, 300px\" \/><\/a><\/div>\n<\/figure>\n<figure class=\"gallery-item\">\n<div class=\"gallery-icon landscape\"><a href=\"https:\/\/infonewss.com\/wp-content\/uploads\/2023\/08\/Francisco-Macedo-vence-Caldeirao-Grande-por-2-a-1-na-II-Copa-AMVI-IMG_9959.jpg\"><img loading=\"lazy\" decoding=\"async\" class=\"attachment-medium size-medium lazyloaded\" src=\"https:\/\/infonewss.com\/wp-content\/uploads\/2023\/08\/Francisco-Macedo-vence-Caldeirao-Grande-por-2-a-1-na-II-Copa-AMVI-IMG_9959-300x200.jpg\" sizes=\"(max-width: 300px) 100vw, 300px\" srcset=\"https:\/\/infonewss.com\/wp-content\/uploads\/2023\/08\/Francisco-Macedo-vence-Caldeirao-Grande-por-2-a-1-na-II-Copa-AMVI-IMG_9959-300x200.jpg 300w, https:\/\/infonewss.com\/wp-content\/uploads\/2023\/08\/Francisco-Macedo-vence-Caldeirao-Grande-por-2-a-1-na-II-Copa-AMVI-IMG_9959-768x512.jpg 768w, https:\/\/infonewss.com\/wp-content\/uploads\/2023\/08\/Francisco-Macedo-vence-Caldeirao-Grande-por-2-a-1-na-II-Copa-AMVI-IMG_9959-150x100.jpg 150w, https:\/\/infonewss.com\/wp-content\/uploads\/2023\/08\/Francisco-Macedo-vence-Caldeirao-Grande-por-2-a-1-na-II-Copa-AMVI-IMG_9959-696x464.jpg 696w, https:\/\/infonewss.com\/wp-content\/uploads\/2023\/08\/Francisco-Macedo-vence-Caldeirao-Grande-por-2-a-1-na-II-Copa-AMVI-IMG_9959.jpg 900w\" alt=\"\" width=\"300\" height=\"200\" data-srcset=\"https:\/\/infonewss.com\/wp-content\/uploads\/2023\/08\/Francisco-Macedo-vence-Caldeirao-Grande-por-2-a-1-na-II-Copa-AMVI-IMG_9959-300x200.jpg 300w, https:\/\/infonewss.com\/wp-content\/uploads\/2023\/08\/Francisco-Macedo-vence-Caldeirao-Grande-por-2-a-1-na-II-Copa-AMVI-IMG_9959-768x512.jpg 768w, https:\/\/infonewss.com\/wp-content\/uploads\/2023\/08\/Francisco-Macedo-vence-Caldeirao-Grande-por-2-a-1-na-II-Copa-AMVI-IMG_9959-150x100.jpg 150w, https:\/\/infonewss.com\/wp-content\/uploads\/2023\/08\/Francisco-Macedo-vence-Caldeirao-Grande-por-2-a-1-na-II-Copa-AMVI-IMG_9959-696x464.jpg 696w, https:\/\/infonewss.com\/wp-content\/uploads\/2023\/08\/Francisco-Macedo-vence-Caldeirao-Grande-por-2-a-1-na-II-Copa-AMVI-IMG_9959.jpg 900w\" data-src=\"https:\/\/infonewss.com\/wp-content\/uploads\/2023\/08\/Francisco-Macedo-vence-Caldeirao-Grande-por-2-a-1-na-II-Copa-AMVI-IMG_9959-300x200.jpg\" data-sizes=\"(max-width: 300px) 100vw, 300px\" \/><\/a><\/div>\n<\/figure>\n<figure class=\"gallery-item\">\n<div class=\"gallery-icon landscape\"><a href=\"https:\/\/infonewss.com\/wp-content\/uploads\/2023\/08\/Francisco-Macedo-vence-Caldeirao-Grande-por-2-a-1-na-II-Copa-AMVI-IMG_9960.jpg\"><img loading=\"lazy\" decoding=\"async\" class=\"attachment-medium size-medium lazyloaded\" src=\"https:\/\/infonewss.com\/wp-content\/uploads\/2023\/08\/Francisco-Macedo-vence-Caldeirao-Grande-por-2-a-1-na-II-Copa-AMVI-IMG_9960-300x200.jpg\" sizes=\"(max-width: 300px) 100vw, 300px\" srcset=\"https:\/\/infonewss.com\/wp-content\/uploads\/2023\/08\/Francisco-Macedo-vence-Caldeirao-Grande-por-2-a-1-na-II-Copa-AMVI-IMG_9960-300x200.jpg 300w, https:\/\/infonewss.com\/wp-content\/uploads\/2023\/08\/Francisco-Macedo-vence-Caldeirao-Grande-por-2-a-1-na-II-Copa-AMVI-IMG_9960-768x512.jpg 768w, https:\/\/infonewss.com\/wp-content\/uploads\/2023\/08\/Francisco-Macedo-vence-Caldeirao-Grande-por-2-a-1-na-II-Copa-AMVI-IMG_9960-150x100.jpg 150w, https:\/\/infonewss.com\/wp-content\/uploads\/2023\/08\/Francisco-Macedo-vence-Caldeirao-Grande-por-2-a-1-na-II-Copa-AMVI-IMG_9960-696x464.jpg 696w, https:\/\/infonewss.com\/wp-content\/uploads\/2023\/08\/Francisco-Macedo-vence-Caldeirao-Grande-por-2-a-1-na-II-Copa-AMVI-IMG_9960.jpg 900w\" alt=\"\" width=\"300\" height=\"200\" data-srcset=\"https:\/\/infonewss.com\/wp-content\/uploads\/2023\/08\/Francisco-Macedo-vence-Caldeirao-Grande-por-2-a-1-na-II-Copa-AMVI-IMG_9960-300x200.jpg 300w, https:\/\/infonewss.com\/wp-content\/uploads\/2023\/08\/Francisco-Macedo-vence-Caldeirao-Grande-por-2-a-1-na-II-Copa-AMVI-IMG_9960-768x512.jpg 768w, https:\/\/infonewss.com\/wp-content\/uploads\/2023\/08\/Francisco-Macedo-vence-Caldeirao-Grande-por-2-a-1-na-II-Copa-AMVI-IMG_9960-150x100.jpg 150w, https:\/\/infonewss.com\/wp-content\/uploads\/2023\/08\/Francisco-Macedo-vence-Caldeirao-Grande-por-2-a-1-na-II-Copa-AMVI-IMG_9960-696x464.jpg 696w, https:\/\/infonewss.com\/wp-content\/uploads\/2023\/08\/Francisco-Macedo-vence-Caldeirao-Grande-por-2-a-1-na-II-Copa-AMVI-IMG_9960.jpg 900w\" data-src=\"https:\/\/infonewss.com\/wp-content\/uploads\/2023\/08\/Francisco-Macedo-vence-Caldeirao-Grande-por-2-a-1-na-II-Copa-AMVI-IMG_9960-300x200.jpg\" data-sizes=\"(max-width: 300px) 100vw, 300px\" \/><\/a><\/div>\n<\/figure>\n<figure class=\"gallery-item\">\n<div class=\"gallery-icon landscape\"><a href=\"https:\/\/infonewss.com\/wp-content\/uploads\/2023\/08\/Francisco-Macedo-vence-Caldeirao-Grande-por-2-a-1-na-II-Copa-AMVI-IMG_9961.jpg\"><img loading=\"lazy\" decoding=\"async\" class=\"attachment-medium size-medium lazyload\" src=\"data:image\/gif;base64,R0lGODlhAQABAAAAACH5BAEKAAEALAAAAAABAAEAAAICTAEAOw==\" alt=\"\" width=\"300\" height=\"200\" data-srcset=\"https:\/\/infonewss.com\/wp-content\/uploads\/2023\/08\/Francisco-Macedo-vence-Caldeirao-Grande-por-2-a-1-na-II-Copa-AMVI-IMG_9961-300x200.jpg 300w, https:\/\/infonewss.com\/wp-content\/uploads\/2023\/08\/Francisco-Macedo-vence-Caldeirao-Grande-por-2-a-1-na-II-Copa-AMVI-IMG_9961-768x512.jpg 768w, https:\/\/infonewss.com\/wp-content\/uploads\/2023\/08\/Francisco-Macedo-vence-Caldeirao-Grande-por-2-a-1-na-II-Copa-AMVI-IMG_9961-150x100.jpg 150w, https:\/\/infonewss.com\/wp-content\/uploads\/2023\/08\/Francisco-Macedo-vence-Caldeirao-Grande-por-2-a-1-na-II-Copa-AMVI-IMG_9961-696x464.jpg 696w, https:\/\/infonewss.com\/wp-content\/uploads\/2023\/08\/Francisco-Macedo-vence-Caldeirao-Grande-por-2-a-1-na-II-Copa-AMVI-IMG_9961.jpg 900w\" data-src=\"https:\/\/infonewss.com\/wp-content\/uploads\/2023\/08\/Francisco-Macedo-vence-Caldeirao-Grande-por-2-a-1-na-II-Copa-AMVI-IMG_9961-300x200.jpg\" data-sizes=\"(max-width: 300px) 100vw, 300px\" \/><\/a><\/div>\n<\/figure>\n<figure class=\"gallery-item\">\n<div class=\"gallery-icon landscape\"><a href=\"https:\/\/infonewss.com\/wp-content\/uploads\/2023\/08\/Francisco-Macedo-vence-Caldeirao-Grande-por-2-a-1-na-II-Copa-AMVI-IMG_9962.jpg\"><img loading=\"lazy\" decoding=\"async\" class=\"attachment-medium size-medium lazyload\" src=\"data:image\/gif;base64,R0lGODlhAQABAAAAACH5BAEKAAEALAAAAAABAAEAAAICTAEAOw==\" alt=\"\" width=\"300\" height=\"200\" data-srcset=\"https:\/\/infonewss.com\/wp-content\/uploads\/2023\/08\/Francisco-Macedo-vence-Caldeirao-Grande-por-2-a-1-na-II-Copa-AMVI-IMG_9962-300x200.jpg 300w, https:\/\/infonewss.com\/wp-content\/uploads\/2023\/08\/Francisco-Macedo-vence-Caldeirao-Grande-por-2-a-1-na-II-Copa-AMVI-IMG_9962-768x512.jpg 768w, https:\/\/infonewss.com\/wp-content\/uploads\/2023\/08\/Francisco-Macedo-vence-Caldeirao-Grande-por-2-a-1-na-II-Copa-AMVI-IMG_9962-150x100.jpg 150w, https:\/\/infonewss.com\/wp-content\/uploads\/2023\/08\/Francisco-Macedo-vence-Caldeirao-Grande-por-2-a-1-na-II-Copa-AMVI-IMG_9962-696x464.jpg 696w, https:\/\/infonewss.com\/wp-content\/uploads\/2023\/08\/Francisco-Macedo-vence-Caldeirao-Grande-por-2-a-1-na-II-Copa-AMVI-IMG_9962.jpg 900w\" data-src=\"https:\/\/infonewss.com\/wp-content\/uploads\/2023\/08\/Francisco-Macedo-vence-Caldeirao-Grande-por-2-a-1-na-II-Copa-AMVI-IMG_9962-300x200.jpg\" data-sizes=\"(max-width: 300px) 100vw, 300px\" \/><\/a><\/div>\n<\/figure>\n<figure class=\"gallery-item\">\n<div class=\"gallery-icon landscape\"><a href=\"https:\/\/infonewss.com\/wp-content\/uploads\/2023\/08\/Francisco-Macedo-vence-Caldeirao-Grande-por-2-a-1-na-II-Copa-AMVI-IMG_9963.jpg\"><img loading=\"lazy\" decoding=\"async\" class=\"attachment-medium size-medium lazyload\" src=\"data:image\/gif;base64,R0lGODlhAQABAAAAACH5BAEKAAEALAAAAAABAAEAAAICTAEAOw==\" alt=\"\" width=\"300\" height=\"200\" data-srcset=\"https:\/\/infonewss.com\/wp-content\/uploads\/2023\/08\/Francisco-Macedo-vence-Caldeirao-Grande-por-2-a-1-na-II-Copa-AMVI-IMG_9963-300x200.jpg 300w, https:\/\/infonewss.com\/wp-content\/uploads\/2023\/08\/Francisco-Macedo-vence-Caldeirao-Grande-por-2-a-1-na-II-Copa-AMVI-IMG_9963-768x512.jpg 768w, https:\/\/infonewss.com\/wp-content\/uploads\/2023\/08\/Francisco-Macedo-vence-Caldeirao-Grande-por-2-a-1-na-II-Copa-AMVI-IMG_9963-150x100.jpg 150w, https:\/\/infonewss.com\/wp-content\/uploads\/2023\/08\/Francisco-Macedo-vence-Caldeirao-Grande-por-2-a-1-na-II-Copa-AMVI-IMG_9963-696x464.jpg 696w, https:\/\/infonewss.com\/wp-content\/uploads\/2023\/08\/Francisco-Macedo-vence-Caldeirao-Grande-por-2-a-1-na-II-Copa-AMVI-IMG_9963.jpg 900w\" data-src=\"https:\/\/infonewss.com\/wp-content\/uploads\/2023\/08\/Francisco-Macedo-vence-Caldeirao-Grande-por-2-a-1-na-II-Copa-AMVI-IMG_9963-300x200.jpg\" data-sizes=\"(max-width: 300px) 100vw, 300px\" \/><\/a><\/div>\n<\/figure>\n<figure class=\"gallery-item\">\n<div class=\"gallery-icon landscape\"><a href=\"https:\/\/infonewss.com\/wp-content\/uploads\/2023\/08\/Francisco-Macedo-vence-Caldeirao-Grande-por-2-a-1-na-II-Copa-AMVI-IMG_9964.jpg\"><img loading=\"lazy\" decoding=\"async\" class=\"attachment-medium size-medium lazyload\" src=\"data:image\/gif;base64,R0lGODlhAQABAAAAACH5BAEKAAEALAAAAAABAAEAAAICTAEAOw==\" alt=\"\" width=\"300\" height=\"200\" data-srcset=\"https:\/\/infonewss.com\/wp-content\/uploads\/2023\/08\/Francisco-Macedo-vence-Caldeirao-Grande-por-2-a-1-na-II-Copa-AMVI-IMG_9964-300x200.jpg 300w, https:\/\/infonewss.com\/wp-content\/uploads\/2023\/08\/Francisco-Macedo-vence-Caldeirao-Grande-por-2-a-1-na-II-Copa-AMVI-IMG_9964-768x512.jpg 768w, https:\/\/infonewss.com\/wp-content\/uploads\/2023\/08\/Francisco-Macedo-vence-Caldeirao-Grande-por-2-a-1-na-II-Copa-AMVI-IMG_9964-150x100.jpg 150w, https:\/\/infonewss.com\/wp-content\/uploads\/2023\/08\/Francisco-Macedo-vence-Caldeirao-Grande-por-2-a-1-na-II-Copa-AMVI-IMG_9964-696x464.jpg 696w, https:\/\/infonewss.com\/wp-content\/uploads\/2023\/08\/Francisco-Macedo-vence-Caldeirao-Grande-por-2-a-1-na-II-Copa-AMVI-IMG_9964.jpg 900w\" data-src=\"https:\/\/infonewss.com\/wp-content\/uploads\/2023\/08\/Francisco-Macedo-vence-Caldeirao-Grande-por-2-a-1-na-II-Copa-AMVI-IMG_9964-300x200.jpg\" data-sizes=\"(max-width: 300px) 100vw, 300px\" \/><\/a><\/div>\n<\/figure>\n<figure class=\"gallery-item\">\n<div class=\"gallery-icon landscape\"><a href=\"https:\/\/infonewss.com\/wp-content\/uploads\/2023\/08\/Francisco-Macedo-vence-Caldeirao-Grande-por-2-a-1-na-II-Copa-AMVI-IMG_9965.jpg\"><img loading=\"lazy\" decoding=\"async\" class=\"attachment-medium size-medium lazyload\" src=\"data:image\/gif;base64,R0lGODlhAQABAAAAACH5BAEKAAEALAAAAAABAAEAAAICTAEAOw==\" alt=\"\" width=\"300\" height=\"200\" data-srcset=\"https:\/\/infonewss.com\/wp-content\/uploads\/2023\/08\/Francisco-Macedo-vence-Caldeirao-Grande-por-2-a-1-na-II-Copa-AMVI-IMG_9965-300x200.jpg 300w, https:\/\/infonewss.com\/wp-content\/uploads\/2023\/08\/Francisco-Macedo-vence-Caldeirao-Grande-por-2-a-1-na-II-Copa-AMVI-IMG_9965-768x512.jpg 768w, https:\/\/infonewss.com\/wp-content\/uploads\/2023\/08\/Francisco-Macedo-vence-Caldeirao-Grande-por-2-a-1-na-II-Copa-AMVI-IMG_9965-150x100.jpg 150w, https:\/\/infonewss.com\/wp-content\/uploads\/2023\/08\/Francisco-Macedo-vence-Caldeirao-Grande-por-2-a-1-na-II-Copa-AMVI-IMG_9965-696x464.jpg 696w, https:\/\/infonewss.com\/wp-content\/uploads\/2023\/08\/Francisco-Macedo-vence-Caldeirao-Grande-por-2-a-1-na-II-Copa-AMVI-IMG_9965.jpg 900w\" data-src=\"https:\/\/infonewss.com\/wp-content\/uploads\/2023\/08\/Francisco-Macedo-vence-Caldeirao-Grande-por-2-a-1-na-II-Copa-AMVI-IMG_9965-300x200.jpg\" data-sizes=\"(max-width: 300px) 100vw, 300px\" \/><\/a><\/div>\n<\/figure>\n<figure class=\"gallery-item\">\n<div class=\"gallery-icon landscape\"><a href=\"https:\/\/infonewss.com\/wp-content\/uploads\/2023\/08\/Francisco-Macedo-vence-Caldeirao-Grande-por-2-a-1-na-II-Copa-AMVI-IMG_9966.jpg\"><img loading=\"lazy\" decoding=\"async\" class=\"attachment-medium size-medium lazyload\" src=\"data:image\/gif;base64,R0lGODlhAQABAAAAACH5BAEKAAEALAAAAAABAAEAAAICTAEAOw==\" alt=\"\" width=\"300\" height=\"200\" data-srcset=\"https:\/\/infonewss.com\/wp-content\/uploads\/2023\/08\/Francisco-Macedo-vence-Caldeirao-Grande-por-2-a-1-na-II-Copa-AMVI-IMG_9966-300x200.jpg 300w, https:\/\/infonewss.com\/wp-content\/uploads\/2023\/08\/Francisco-Macedo-vence-Caldeirao-Grande-por-2-a-1-na-II-Copa-AMVI-IMG_9966-768x512.jpg 768w, https:\/\/infonewss.com\/wp-content\/uploads\/2023\/08\/Francisco-Macedo-vence-Caldeirao-Grande-por-2-a-1-na-II-Copa-AMVI-IMG_9966-150x100.jpg 150w, https:\/\/infonewss.com\/wp-content\/uploads\/2023\/08\/Francisco-Macedo-vence-Caldeirao-Grande-por-2-a-1-na-II-Copa-AMVI-IMG_9966-696x464.jpg 696w, https:\/\/infonewss.com\/wp-content\/uploads\/2023\/08\/Francisco-Macedo-vence-Caldeirao-Grande-por-2-a-1-na-II-Copa-AMVI-IMG_9966.jpg 900w\" data-src=\"https:\/\/infonewss.com\/wp-content\/uploads\/2023\/08\/Francisco-Macedo-vence-Caldeirao-Grande-por-2-a-1-na-II-Copa-AMVI-IMG_9966-300x200.jpg\" data-sizes=\"(max-width: 300px) 100vw, 300px\" \/><\/a><\/div>\n<\/figure>\n<figure class=\"gallery-item\">\n<div class=\"gallery-icon landscape\"><a href=\"https:\/\/infonewss.com\/wp-content\/uploads\/2023\/08\/Francisco-Macedo-vence-Caldeirao-Grande-por-2-a-1-na-II-Copa-AMVI-IMG_9967.jpg\"><img loading=\"lazy\" decoding=\"async\" class=\"attachment-medium size-medium lazyload\" src=\"data:image\/gif;base64,R0lGODlhAQABAAAAACH5BAEKAAEALAAAAAABAAEAAAICTAEAOw==\" alt=\"\" width=\"300\" height=\"200\" data-srcset=\"https:\/\/infonewss.com\/wp-content\/uploads\/2023\/08\/Francisco-Macedo-vence-Caldeirao-Grande-por-2-a-1-na-II-Copa-AMVI-IMG_9967-300x200.jpg 300w, https:\/\/infonewss.com\/wp-content\/uploads\/2023\/08\/Francisco-Macedo-vence-Caldeirao-Grande-por-2-a-1-na-II-Copa-AMVI-IMG_9967-768x512.jpg 768w, https:\/\/infonewss.com\/wp-content\/uploads\/2023\/08\/Francisco-Macedo-vence-Caldeirao-Grande-por-2-a-1-na-II-Copa-AMVI-IMG_9967-150x100.jpg 150w, https:\/\/infonewss.com\/wp-content\/uploads\/2023\/08\/Francisco-Macedo-vence-Caldeirao-Grande-por-2-a-1-na-II-Copa-AMVI-IMG_9967-696x464.jpg 696w, https:\/\/infonewss.com\/wp-content\/uploads\/2023\/08\/Francisco-Macedo-vence-Caldeirao-Grande-por-2-a-1-na-II-Copa-AMVI-IMG_9967.jpg 900w\" data-src=\"https:\/\/infonewss.com\/wp-content\/uploads\/2023\/08\/Francisco-Macedo-vence-Caldeirao-Grande-por-2-a-1-na-II-Copa-AMVI-IMG_9967-300x200.jpg\" data-sizes=\"(max-width: 300px) 100vw, 300px\" \/><\/a><\/div>\n<\/figure>\n<figure class=\"gallery-item\">\n<div class=\"gallery-icon landscape\"><a href=\"https:\/\/infonewss.com\/wp-content\/uploads\/2023\/08\/Francisco-Macedo-vence-Caldeirao-Grande-por-2-a-1-na-II-Copa-AMVI-IMG_9968.jpg\"><img loading=\"lazy\" decoding=\"async\" class=\"attachment-medium size-medium lazyload\" src=\"data:image\/gif;base64,R0lGODlhAQABAAAAACH5BAEKAAEALAAAAAABAAEAAAICTAEAOw==\" alt=\"\" width=\"300\" height=\"200\" data-srcset=\"https:\/\/infonewss.com\/wp-content\/uploads\/2023\/08\/Francisco-Macedo-vence-Caldeirao-Grande-por-2-a-1-na-II-Copa-AMVI-IMG_9968-300x200.jpg 300w, https:\/\/infonewss.com\/wp-content\/uploads\/2023\/08\/Francisco-Macedo-vence-Caldeirao-Grande-por-2-a-1-na-II-Copa-AMVI-IMG_9968-768x512.jpg 768w, https:\/\/infonewss.com\/wp-content\/uploads\/2023\/08\/Francisco-Macedo-vence-Caldeirao-Grande-por-2-a-1-na-II-Copa-AMVI-IMG_9968-150x100.jpg 150w, https:\/\/infonewss.com\/wp-content\/uploads\/2023\/08\/Francisco-Macedo-vence-Caldeirao-Grande-por-2-a-1-na-II-Copa-AMVI-IMG_9968-696x464.jpg 696w, https:\/\/infonewss.com\/wp-content\/uploads\/2023\/08\/Francisco-Macedo-vence-Caldeirao-Grande-por-2-a-1-na-II-Copa-AMVI-IMG_9968.jpg 900w\" data-src=\"https:\/\/infonewss.com\/wp-content\/uploads\/2023\/08\/Francisco-Macedo-vence-Caldeirao-Grande-por-2-a-1-na-II-Copa-AMVI-IMG_9968-300x200.jpg\" data-sizes=\"(max-width: 300px) 100vw, 300px\" \/><\/a><\/div>\n<\/figure>\n<figure class=\"gallery-item\">\n<div class=\"gallery-icon landscape\"><a href=\"https:\/\/infonewss.com\/wp-content\/uploads\/2023\/08\/Francisco-Macedo-vence-Caldeirao-Grande-por-2-a-1-na-II-Copa-AMVI-IMG_9969.jpg\"><img loading=\"lazy\" decoding=\"async\" class=\"attachment-medium size-medium lazyload\" src=\"data:image\/gif;base64,R0lGODlhAQABAAAAACH5BAEKAAEALAAAAAABAAEAAAICTAEAOw==\" alt=\"\" width=\"300\" height=\"200\" data-srcset=\"https:\/\/infonewss.com\/wp-content\/uploads\/2023\/08\/Francisco-Macedo-vence-Caldeirao-Grande-por-2-a-1-na-II-Copa-AMVI-IMG_9969-300x200.jpg 300w, https:\/\/infonewss.com\/wp-content\/uploads\/2023\/08\/Francisco-Macedo-vence-Caldeirao-Grande-por-2-a-1-na-II-Copa-AMVI-IMG_9969-768x512.jpg 768w, https:\/\/infonewss.com\/wp-content\/uploads\/2023\/08\/Francisco-Macedo-vence-Caldeirao-Grande-por-2-a-1-na-II-Copa-AMVI-IMG_9969-150x100.jpg 150w, https:\/\/infonewss.com\/wp-content\/uploads\/2023\/08\/Francisco-Macedo-vence-Caldeirao-Grande-por-2-a-1-na-II-Copa-AMVI-IMG_9969-696x464.jpg 696w, https:\/\/infonewss.com\/wp-content\/uploads\/2023\/08\/Francisco-Macedo-vence-Caldeirao-Grande-por-2-a-1-na-II-Copa-AMVI-IMG_9969.jpg 900w\" data-src=\"https:\/\/infonewss.com\/wp-content\/uploads\/2023\/08\/Francisco-Macedo-vence-Caldeirao-Grande-por-2-a-1-na-II-Copa-AMVI-IMG_9969-300x200.jpg\" data-sizes=\"(max-width: 300px) 100vw, 300px\" \/><\/a><\/div>\n<\/figure>\n<figure class=\"gallery-item\">\n<div class=\"gallery-icon landscape\"><a href=\"https:\/\/infonewss.com\/wp-content\/uploads\/2023\/08\/Francisco-Macedo-vence-Caldeirao-Grande-por-2-a-1-na-II-Copa-AMVI-IMG_9970.jpg\"><img loading=\"lazy\" decoding=\"async\" class=\"attachment-medium size-medium lazyload\" src=\"data:image\/gif;base64,R0lGODlhAQABAAAAACH5BAEKAAEALAAAAAABAAEAAAICTAEAOw==\" alt=\"\" width=\"300\" height=\"200\" data-srcset=\"https:\/\/infonewss.com\/wp-content\/uploads\/2023\/08\/Francisco-Macedo-vence-Caldeirao-Grande-por-2-a-1-na-II-Copa-AMVI-IMG_9970-300x200.jpg 300w, https:\/\/infonewss.com\/wp-content\/uploads\/2023\/08\/Francisco-Macedo-vence-Caldeirao-Grande-por-2-a-1-na-II-Copa-AMVI-IMG_9970-768x512.jpg 768w, https:\/\/infonewss.com\/wp-content\/uploads\/2023\/08\/Francisco-Macedo-vence-Caldeirao-Grande-por-2-a-1-na-II-Copa-AMVI-IMG_9970-150x100.jpg 150w, https:\/\/infonewss.com\/wp-content\/uploads\/2023\/08\/Francisco-Macedo-vence-Caldeirao-Grande-por-2-a-1-na-II-Copa-AMVI-IMG_9970-696x464.jpg 696w, https:\/\/infonewss.com\/wp-content\/uploads\/2023\/08\/Francisco-Macedo-vence-Caldeirao-Grande-por-2-a-1-na-II-Copa-AMVI-IMG_9970.jpg 900w\" data-src=\"https:\/\/infonewss.com\/wp-content\/uploads\/2023\/08\/Francisco-Macedo-vence-Caldeirao-Grande-por-2-a-1-na-II-Copa-AMVI-IMG_9970-300x200.jpg\" data-sizes=\"(max-width: 300px) 100vw, 300px\" \/><\/a><\/div>\n<\/figure>\n<figure class=\"gallery-item\">\n<div class=\"gallery-icon landscape\"><a href=\"https:\/\/infonewss.com\/wp-content\/uploads\/2023\/08\/Francisco-Macedo-vence-Caldeirao-Grande-por-2-a-1-na-II-Copa-AMVI-IMG_9971.jpg\"><img loading=\"lazy\" decoding=\"async\" class=\"attachment-medium size-medium lazyload\" src=\"data:image\/gif;base64,R0lGODlhAQABAAAAACH5BAEKAAEALAAAAAABAAEAAAICTAEAOw==\" alt=\"\" width=\"300\" height=\"200\" data-srcset=\"https:\/\/infonewss.com\/wp-content\/uploads\/2023\/08\/Francisco-Macedo-vence-Caldeirao-Grande-por-2-a-1-na-II-Copa-AMVI-IMG_9971-300x200.jpg 300w, https:\/\/infonewss.com\/wp-content\/uploads\/2023\/08\/Francisco-Macedo-vence-Caldeirao-Grande-por-2-a-1-na-II-Copa-AMVI-IMG_9971-768x512.jpg 768w, https:\/\/infonewss.com\/wp-content\/uploads\/2023\/08\/Francisco-Macedo-vence-Caldeirao-Grande-por-2-a-1-na-II-Copa-AMVI-IMG_9971-150x100.jpg 150w, https:\/\/infonewss.com\/wp-content\/uploads\/2023\/08\/Francisco-Macedo-vence-Caldeirao-Grande-por-2-a-1-na-II-Copa-AMVI-IMG_9971-696x464.jpg 696w, https:\/\/infonewss.com\/wp-content\/uploads\/2023\/08\/Francisco-Macedo-vence-Caldeirao-Grande-por-2-a-1-na-II-Copa-AMVI-IMG_9971.jpg 900w\" data-src=\"https:\/\/infonewss.com\/wp-content\/uploads\/2023\/08\/Francisco-Macedo-vence-Caldeirao-Grande-por-2-a-1-na-II-Copa-AMVI-IMG_9971-300x200.jpg\" data-sizes=\"(max-width: 300px) 100vw, 300px\" \/><\/a><\/div>\n<\/figure>\n<figure class=\"gallery-item\">\n<div class=\"gallery-icon landscape\"><a href=\"https:\/\/infonewss.com\/wp-content\/uploads\/2023\/08\/Francisco-Macedo-vence-Caldeirao-Grande-por-2-a-1-na-II-Copa-AMVI-IMG_9972.jpg\"><img loading=\"lazy\" decoding=\"async\" class=\"attachment-medium size-medium lazyload\" src=\"data:image\/gif;base64,R0lGODlhAQABAAAAACH5BAEKAAEALAAAAAABAAEAAAICTAEAOw==\" alt=\"\" width=\"300\" height=\"200\" data-srcset=\"https:\/\/infonewss.com\/wp-content\/uploads\/2023\/08\/Francisco-Macedo-vence-Caldeirao-Grande-por-2-a-1-na-II-Copa-AMVI-IMG_9972-300x200.jpg 300w, https:\/\/infonewss.com\/wp-content\/uploads\/2023\/08\/Francisco-Macedo-vence-Caldeirao-Grande-por-2-a-1-na-II-Copa-AMVI-IMG_9972-768x512.jpg 768w, https:\/\/infonewss.com\/wp-content\/uploads\/2023\/08\/Francisco-Macedo-vence-Caldeirao-Grande-por-2-a-1-na-II-Copa-AMVI-IMG_9972-150x100.jpg 150w, https:\/\/infonewss.com\/wp-content\/uploads\/2023\/08\/Francisco-Macedo-vence-Caldeirao-Grande-por-2-a-1-na-II-Copa-AMVI-IMG_9972-696x464.jpg 696w, https:\/\/infonewss.com\/wp-content\/uploads\/2023\/08\/Francisco-Macedo-vence-Caldeirao-Grande-por-2-a-1-na-II-Copa-AMVI-IMG_9972.jpg 900w\" data-src=\"https:\/\/infonewss.com\/wp-content\/uploads\/2023\/08\/Francisco-Macedo-vence-Caldeirao-Grande-por-2-a-1-na-II-Copa-AMVI-IMG_9972-300x200.jpg\" data-sizes=\"(max-width: 300px) 100vw, 300px\" \/><\/a><\/div>\n<\/figure>\n<figure class=\"gallery-item\">\n<div class=\"gallery-icon landscape\"><a href=\"https:\/\/infonewss.com\/wp-content\/uploads\/2023\/08\/Francisco-Macedo-vence-Caldeirao-Grande-por-2-a-1-na-II-Copa-AMVI-IMG_9973.jpg\"><img loading=\"lazy\" decoding=\"async\" class=\"attachment-medium size-medium lazyload\" src=\"data:image\/gif;base64,R0lGODlhAQABAAAAACH5BAEKAAEALAAAAAABAAEAAAICTAEAOw==\" alt=\"\" width=\"300\" height=\"200\" data-srcset=\"https:\/\/infonewss.com\/wp-content\/uploads\/2023\/08\/Francisco-Macedo-vence-Caldeirao-Grande-por-2-a-1-na-II-Copa-AMVI-IMG_9973-300x200.jpg 300w, https:\/\/infonewss.com\/wp-content\/uploads\/2023\/08\/Francisco-Macedo-vence-Caldeirao-Grande-por-2-a-1-na-II-Copa-AMVI-IMG_9973-768x512.jpg 768w, https:\/\/infonewss.com\/wp-content\/uploads\/2023\/08\/Francisco-Macedo-vence-Caldeirao-Grande-por-2-a-1-na-II-Copa-AMVI-IMG_9973-150x100.jpg 150w, https:\/\/infonewss.com\/wp-content\/uploads\/2023\/08\/Francisco-Macedo-vence-Caldeirao-Grande-por-2-a-1-na-II-Copa-AMVI-IMG_9973-696x464.jpg 696w, https:\/\/infonewss.com\/wp-content\/uploads\/2023\/08\/Francisco-Macedo-vence-Caldeirao-Grande-por-2-a-1-na-II-Copa-AMVI-IMG_9973.jpg 900w\" data-src=\"https:\/\/infonewss.com\/wp-content\/uploads\/2023\/08\/Francisco-Macedo-vence-Caldeirao-Grande-por-2-a-1-na-II-Copa-AMVI-IMG_9973-300x200.jpg\" data-sizes=\"(max-width: 300px) 100vw, 300px\" \/><\/a><\/div>\n<\/figure>\n<figure class=\"gallery-item\">\n<div class=\"gallery-icon landscape\"><a href=\"https:\/\/infonewss.com\/wp-content\/uploads\/2023\/08\/Francisco-Macedo-vence-Caldeirao-Grande-por-2-a-1-na-II-Copa-AMVI-IMG_9974.jpg\"><img loading=\"lazy\" decoding=\"async\" class=\"attachment-medium size-medium lazyload\" src=\"data:image\/gif;base64,R0lGODlhAQABAAAAACH5BAEKAAEALAAAAAABAAEAAAICTAEAOw==\" alt=\"\" width=\"300\" height=\"200\" data-srcset=\"https:\/\/infonewss.com\/wp-content\/uploads\/2023\/08\/Francisco-Macedo-vence-Caldeirao-Grande-por-2-a-1-na-II-Copa-AMVI-IMG_9974-300x200.jpg 300w, https:\/\/infonewss.com\/wp-content\/uploads\/2023\/08\/Francisco-Macedo-vence-Caldeirao-Grande-por-2-a-1-na-II-Copa-AMVI-IMG_9974-768x512.jpg 768w, https:\/\/infonewss.com\/wp-content\/uploads\/2023\/08\/Francisco-Macedo-vence-Caldeirao-Grande-por-2-a-1-na-II-Copa-AMVI-IMG_9974-150x100.jpg 150w, https:\/\/infonewss.com\/wp-content\/uploads\/2023\/08\/Francisco-Macedo-vence-Caldeirao-Grande-por-2-a-1-na-II-Copa-AMVI-IMG_9974-696x464.jpg 696w, https:\/\/infonewss.com\/wp-content\/uploads\/2023\/08\/Francisco-Macedo-vence-Caldeirao-Grande-por-2-a-1-na-II-Copa-AMVI-IMG_9974.jpg 900w\" data-src=\"https:\/\/infonewss.com\/wp-content\/uploads\/2023\/08\/Francisco-Macedo-vence-Caldeirao-Grande-por-2-a-1-na-II-Copa-AMVI-IMG_9974-300x200.jpg\" data-sizes=\"(max-width: 300px) 100vw, 300px\" \/><\/a><\/div>\n<\/figure>\n<figure class=\"gallery-item\">\n<div class=\"gallery-icon landscape\"><a href=\"https:\/\/infonewss.com\/wp-content\/uploads\/2023\/08\/Francisco-Macedo-vence-Caldeirao-Grande-por-2-a-1-na-II-Copa-AMVI-IMG_9975.jpg\"><img loading=\"lazy\" decoding=\"async\" class=\"attachment-medium size-medium lazyload\" src=\"data:image\/gif;base64,R0lGODlhAQABAAAAACH5BAEKAAEALAAAAAABAAEAAAICTAEAOw==\" alt=\"\" width=\"300\" height=\"200\" data-srcset=\"https:\/\/infonewss.com\/wp-content\/uploads\/2023\/08\/Francisco-Macedo-vence-Caldeirao-Grande-por-2-a-1-na-II-Copa-AMVI-IMG_9975-300x200.jpg 300w, https:\/\/infonewss.com\/wp-content\/uploads\/2023\/08\/Francisco-Macedo-vence-Caldeirao-Grande-por-2-a-1-na-II-Copa-AMVI-IMG_9975-768x512.jpg 768w, https:\/\/infonewss.com\/wp-content\/uploads\/2023\/08\/Francisco-Macedo-vence-Caldeirao-Grande-por-2-a-1-na-II-Copa-AMVI-IMG_9975-150x100.jpg 150w, https:\/\/infonewss.com\/wp-content\/uploads\/2023\/08\/Francisco-Macedo-vence-Caldeirao-Grande-por-2-a-1-na-II-Copa-AMVI-IMG_9975-696x464.jpg 696w, https:\/\/infonewss.com\/wp-content\/uploads\/2023\/08\/Francisco-Macedo-vence-Caldeirao-Grande-por-2-a-1-na-II-Copa-AMVI-IMG_9975.jpg 900w\" data-src=\"https:\/\/infonewss.com\/wp-content\/uploads\/2023\/08\/Francisco-Macedo-vence-Caldeirao-Grande-por-2-a-1-na-II-Copa-AMVI-IMG_9975-300x200.jpg\" data-sizes=\"(max-width: 300px) 100vw, 300px\" \/><\/a><\/div>\n<\/figure>\n<figure class=\"gallery-item\">\n<div class=\"gallery-icon landscape\"><a href=\"https:\/\/infonewss.com\/wp-content\/uploads\/2023\/08\/Francisco-Macedo-vence-Caldeirao-Grande-por-2-a-1-na-II-Copa-AMVI-IMG_9976.jpg\"><img loading=\"lazy\" decoding=\"async\" class=\"attachment-medium size-medium lazyload\" src=\"data:image\/gif;base64,R0lGODlhAQABAAAAACH5BAEKAAEALAAAAAABAAEAAAICTAEAOw==\" alt=\"\" width=\"300\" height=\"200\" data-srcset=\"https:\/\/infonewss.com\/wp-content\/uploads\/2023\/08\/Francisco-Macedo-vence-Caldeirao-Grande-por-2-a-1-na-II-Copa-AMVI-IMG_9976-300x200.jpg 300w, https:\/\/infonewss.com\/wp-content\/uploads\/2023\/08\/Francisco-Macedo-vence-Caldeirao-Grande-por-2-a-1-na-II-Copa-AMVI-IMG_9976-768x512.jpg 768w, https:\/\/infonewss.com\/wp-content\/uploads\/2023\/08\/Francisco-Macedo-vence-Caldeirao-Grande-por-2-a-1-na-II-Copa-AMVI-IMG_9976-150x100.jpg 150w, https:\/\/infonewss.com\/wp-content\/uploads\/2023\/08\/Francisco-Macedo-vence-Caldeirao-Grande-por-2-a-1-na-II-Copa-AMVI-IMG_9976-696x464.jpg 696w, https:\/\/infonewss.com\/wp-content\/uploads\/2023\/08\/Francisco-Macedo-vence-Caldeirao-Grande-por-2-a-1-na-II-Copa-AMVI-IMG_9976.jpg 900w\" data-src=\"https:\/\/infonewss.com\/wp-content\/uploads\/2023\/08\/Francisco-Macedo-vence-Caldeirao-Grande-por-2-a-1-na-II-Copa-AMVI-IMG_9976-300x200.jpg\" data-sizes=\"(max-width: 300px) 100vw, 300px\" \/><\/a><\/div>\n<\/figure>\n<figure class=\"gallery-item\">\n<div class=\"gallery-icon landscape\"><a href=\"https:\/\/infonewss.com\/wp-content\/uploads\/2023\/08\/Francisco-Macedo-vence-Caldeirao-Grande-por-2-a-1-na-II-Copa-AMVI-IMG_9977.jpg\"><img loading=\"lazy\" decoding=\"async\" class=\"attachment-medium size-medium lazyload\" src=\"data:image\/gif;base64,R0lGODlhAQABAAAAACH5BAEKAAEALAAAAAABAAEAAAICTAEAOw==\" alt=\"\" width=\"300\" height=\"200\" data-srcset=\"https:\/\/infonewss.com\/wp-content\/uploads\/2023\/08\/Francisco-Macedo-vence-Caldeirao-Grande-por-2-a-1-na-II-Copa-AMVI-IMG_9977-300x200.jpg 300w, https:\/\/infonewss.com\/wp-content\/uploads\/2023\/08\/Francisco-Macedo-vence-Caldeirao-Grande-por-2-a-1-na-II-Copa-AMVI-IMG_9977-768x512.jpg 768w, https:\/\/infonewss.com\/wp-content\/uploads\/2023\/08\/Francisco-Macedo-vence-Caldeirao-Grande-por-2-a-1-na-II-Copa-AMVI-IMG_9977-150x100.jpg 150w, https:\/\/infonewss.com\/wp-content\/uploads\/2023\/08\/Francisco-Macedo-vence-Caldeirao-Grande-por-2-a-1-na-II-Copa-AMVI-IMG_9977-696x464.jpg 696w, https:\/\/infonewss.com\/wp-content\/uploads\/2023\/08\/Francisco-Macedo-vence-Caldeirao-Grande-por-2-a-1-na-II-Copa-AMVI-IMG_9977.jpg 900w\" data-src=\"https:\/\/infonewss.com\/wp-content\/uploads\/2023\/08\/Francisco-Macedo-vence-Caldeirao-Grande-por-2-a-1-na-II-Copa-AMVI-IMG_9977-300x200.jpg\" data-sizes=\"(max-width: 300px) 100vw, 300px\" \/><\/a><\/div>\n<\/figure>\n<figure class=\"gallery-item\">\n<div class=\"gallery-icon landscape\"><a href=\"https:\/\/infonewss.com\/wp-content\/uploads\/2023\/08\/Francisco-Macedo-vence-Caldeirao-Grande-por-2-a-1-na-II-Copa-AMVI-IMG_9979.jpg\"><img loading=\"lazy\" decoding=\"async\" class=\"attachment-medium size-medium lazyload\" src=\"data:image\/gif;base64,R0lGODlhAQABAAAAACH5BAEKAAEALAAAAAABAAEAAAICTAEAOw==\" alt=\"\" width=\"300\" height=\"200\" data-srcset=\"https:\/\/infonewss.com\/wp-content\/uploads\/2023\/08\/Francisco-Macedo-vence-Caldeirao-Grande-por-2-a-1-na-II-Copa-AMVI-IMG_9979-300x200.jpg 300w, https:\/\/infonewss.com\/wp-content\/uploads\/2023\/08\/Francisco-Macedo-vence-Caldeirao-Grande-por-2-a-1-na-II-Copa-AMVI-IMG_9979-768x512.jpg 768w, https:\/\/infonewss.com\/wp-content\/uploads\/2023\/08\/Francisco-Macedo-vence-Caldeirao-Grande-por-2-a-1-na-II-Copa-AMVI-IMG_9979-150x100.jpg 150w, https:\/\/infonewss.com\/wp-content\/uploads\/2023\/08\/Francisco-Macedo-vence-Caldeirao-Grande-por-2-a-1-na-II-Copa-AMVI-IMG_9979-696x464.jpg 696w, https:\/\/infonewss.com\/wp-content\/uploads\/2023\/08\/Francisco-Macedo-vence-Caldeirao-Grande-por-2-a-1-na-II-Copa-AMVI-IMG_9979.jpg 900w\" data-src=\"https:\/\/infonewss.com\/wp-content\/uploads\/2023\/08\/Francisco-Macedo-vence-Caldeirao-Grande-por-2-a-1-na-II-Copa-AMVI-IMG_9979-300x200.jpg\" data-sizes=\"(max-width: 300px) 100vw, 300px\" \/><\/a><\/div>\n<\/figure>\n<figure class=\"gallery-item\">\n<div class=\"gallery-icon landscape\"><a href=\"https:\/\/infonewss.com\/wp-content\/uploads\/2023\/08\/Francisco-Macedo-vence-Caldeirao-Grande-por-2-a-1-na-II-Copa-AMVI-IMG_9980.jpg\"><img loading=\"lazy\" decoding=\"async\" class=\"attachment-medium size-medium lazyload\" src=\"data:image\/gif;base64,R0lGODlhAQABAAAAACH5BAEKAAEALAAAAAABAAEAAAICTAEAOw==\" alt=\"\" width=\"300\" height=\"200\" data-srcset=\"https:\/\/infonewss.com\/wp-content\/uploads\/2023\/08\/Francisco-Macedo-vence-Caldeirao-Grande-por-2-a-1-na-II-Copa-AMVI-IMG_9980-300x200.jpg 300w, https:\/\/infonewss.com\/wp-content\/uploads\/2023\/08\/Francisco-Macedo-vence-Caldeirao-Grande-por-2-a-1-na-II-Copa-AMVI-IMG_9980-768x512.jpg 768w, https:\/\/infonewss.com\/wp-content\/uploads\/2023\/08\/Francisco-Macedo-vence-Caldeirao-Grande-por-2-a-1-na-II-Copa-AMVI-IMG_9980-150x100.jpg 150w, https:\/\/infonewss.com\/wp-content\/uploads\/2023\/08\/Francisco-Macedo-vence-Caldeirao-Grande-por-2-a-1-na-II-Copa-AMVI-IMG_9980-696x464.jpg 696w, https:\/\/infonewss.com\/wp-content\/uploads\/2023\/08\/Francisco-Macedo-vence-Caldeirao-Grande-por-2-a-1-na-II-Copa-AMVI-IMG_9980.jpg 900w\" data-src=\"https:\/\/infonewss.com\/wp-content\/uploads\/2023\/08\/Francisco-Macedo-vence-Caldeirao-Grande-por-2-a-1-na-II-Copa-AMVI-IMG_9980-300x200.jpg\" data-sizes=\"(max-width: 300px) 100vw, 300px\" \/><\/a><\/div>\n<\/figure>\n<figure class=\"gallery-item\">\n<div class=\"gallery-icon landscape\"><a href=\"https:\/\/infonewss.com\/wp-content\/uploads\/2023\/08\/Francisco-Macedo-vence-Caldeirao-Grande-por-2-a-1-na-II-Copa-AMVI-IMG_9982.jpg\"><img loading=\"lazy\" decoding=\"async\" class=\"attachment-medium size-medium lazyload\" src=\"data:image\/gif;base64,R0lGODlhAQABAAAAACH5BAEKAAEALAAAAAABAAEAAAICTAEAOw==\" alt=\"\" width=\"300\" height=\"200\" data-srcset=\"https:\/\/infonewss.com\/wp-content\/uploads\/2023\/08\/Francisco-Macedo-vence-Caldeirao-Grande-por-2-a-1-na-II-Copa-AMVI-IMG_9982-300x200.jpg 300w, https:\/\/infonewss.com\/wp-content\/uploads\/2023\/08\/Francisco-Macedo-vence-Caldeirao-Grande-por-2-a-1-na-II-Copa-AMVI-IMG_9982-768x512.jpg 768w, https:\/\/infonewss.com\/wp-content\/uploads\/2023\/08\/Francisco-Macedo-vence-Caldeirao-Grande-por-2-a-1-na-II-Copa-AMVI-IMG_9982-150x100.jpg 150w, https:\/\/infonewss.com\/wp-content\/uploads\/2023\/08\/Francisco-Macedo-vence-Caldeirao-Grande-por-2-a-1-na-II-Copa-AMVI-IMG_9982-696x464.jpg 696w, https:\/\/infonewss.com\/wp-content\/uploads\/2023\/08\/Francisco-Macedo-vence-Caldeirao-Grande-por-2-a-1-na-II-Copa-AMVI-IMG_9982.jpg 900w\" data-src=\"https:\/\/infonewss.com\/wp-content\/uploads\/2023\/08\/Francisco-Macedo-vence-Caldeirao-Grande-por-2-a-1-na-II-Copa-AMVI-IMG_9982-300x200.jpg\" data-sizes=\"(max-width: 300px) 100vw, 300px\" \/><\/a><\/div>\n<\/figure>\n<figure class=\"gallery-item\">\n<div class=\"gallery-icon landscape\"><a href=\"https:\/\/infonewss.com\/wp-content\/uploads\/2023\/08\/Francisco-Macedo-vence-Caldeirao-Grande-por-2-a-1-na-II-Copa-AMVI-IMG_9983.jpg\"><img loading=\"lazy\" decoding=\"async\" class=\"attachment-medium size-medium lazyload\" src=\"data:image\/gif;base64,R0lGODlhAQABAAAAACH5BAEKAAEALAAAAAABAAEAAAICTAEAOw==\" alt=\"\" width=\"300\" height=\"200\" data-srcset=\"https:\/\/infonewss.com\/wp-content\/uploads\/2023\/08\/Francisco-Macedo-vence-Caldeirao-Grande-por-2-a-1-na-II-Copa-AMVI-IMG_9983-300x200.jpg 300w, https:\/\/infonewss.com\/wp-content\/uploads\/2023\/08\/Francisco-Macedo-vence-Caldeirao-Grande-por-2-a-1-na-II-Copa-AMVI-IMG_9983-768x512.jpg 768w, https:\/\/infonewss.com\/wp-content\/uploads\/2023\/08\/Francisco-Macedo-vence-Caldeirao-Grande-por-2-a-1-na-II-Copa-AMVI-IMG_9983-150x100.jpg 150w, https:\/\/infonewss.com\/wp-content\/uploads\/2023\/08\/Francisco-Macedo-vence-Caldeirao-Grande-por-2-a-1-na-II-Copa-AMVI-IMG_9983-696x464.jpg 696w, https:\/\/infonewss.com\/wp-content\/uploads\/2023\/08\/Francisco-Macedo-vence-Caldeirao-Grande-por-2-a-1-na-II-Copa-AMVI-IMG_9983.jpg 900w\" data-src=\"https:\/\/infonewss.com\/wp-content\/uploads\/2023\/08\/Francisco-Macedo-vence-Caldeirao-Grande-por-2-a-1-na-II-Copa-AMVI-IMG_9983-300x200.jpg\" data-sizes=\"(max-width: 300px) 100vw, 300px\" \/><\/a><\/div>\n<\/figure>\n<figure class=\"gallery-item\">\n<div class=\"gallery-icon landscape\"><a href=\"https:\/\/infonewss.com\/wp-content\/uploads\/2023\/08\/Francisco-Macedo-vence-Caldeirao-Grande-por-2-a-1-na-II-Copa-AMVI-IMG_9984.jpg\"><img loading=\"lazy\" decoding=\"async\" class=\"attachment-medium size-medium lazyload\" src=\"data:image\/gif;base64,R0lGODlhAQABAAAAACH5BAEKAAEALAAAAAABAAEAAAICTAEAOw==\" alt=\"\" width=\"300\" height=\"200\" data-srcset=\"https:\/\/infonewss.com\/wp-content\/uploads\/2023\/08\/Francisco-Macedo-vence-Caldeirao-Grande-por-2-a-1-na-II-Copa-AMVI-IMG_9984-300x200.jpg 300w, https:\/\/infonewss.com\/wp-content\/uploads\/2023\/08\/Francisco-Macedo-vence-Caldeirao-Grande-por-2-a-1-na-II-Copa-AMVI-IMG_9984-768x512.jpg 768w, https:\/\/infonewss.com\/wp-content\/uploads\/2023\/08\/Francisco-Macedo-vence-Caldeirao-Grande-por-2-a-1-na-II-Copa-AMVI-IMG_9984-150x100.jpg 150w, https:\/\/infonewss.com\/wp-content\/uploads\/2023\/08\/Francisco-Macedo-vence-Caldeirao-Grande-por-2-a-1-na-II-Copa-AMVI-IMG_9984-696x464.jpg 696w, https:\/\/infonewss.com\/wp-content\/uploads\/2023\/08\/Francisco-Macedo-vence-Caldeirao-Grande-por-2-a-1-na-II-Copa-AMVI-IMG_9984.jpg 900w\" data-src=\"https:\/\/infonewss.com\/wp-content\/uploads\/2023\/08\/Francisco-Macedo-vence-Caldeirao-Grande-por-2-a-1-na-II-Copa-AMVI-IMG_9984-300x200.jpg\" data-sizes=\"(max-width: 300px) 100vw, 300px\" \/><\/a><\/div>\n<\/figure>\n<figure class=\"gallery-item\">\n<div class=\"gallery-icon landscape\"><a href=\"https:\/\/infonewss.com\/wp-content\/uploads\/2023\/08\/Francisco-Macedo-vence-Caldeirao-Grande-por-2-a-1-na-II-Copa-AMVI-IMG_9987.jpg\"><img loading=\"lazy\" decoding=\"async\" class=\"attachment-medium size-medium lazyload\" src=\"data:image\/gif;base64,R0lGODlhAQABAAAAACH5BAEKAAEALAAAAAABAAEAAAICTAEAOw==\" alt=\"\" width=\"300\" height=\"200\" data-srcset=\"https:\/\/infonewss.com\/wp-content\/uploads\/2023\/08\/Francisco-Macedo-vence-Caldeirao-Grande-por-2-a-1-na-II-Copa-AMVI-IMG_9987-300x200.jpg 300w, https:\/\/infonewss.com\/wp-content\/uploads\/2023\/08\/Francisco-Macedo-vence-Caldeirao-Grande-por-2-a-1-na-II-Copa-AMVI-IMG_9987-768x512.jpg 768w, https:\/\/infonewss.com\/wp-content\/uploads\/2023\/08\/Francisco-Macedo-vence-Caldeirao-Grande-por-2-a-1-na-II-Copa-AMVI-IMG_9987-150x100.jpg 150w, https:\/\/infonewss.com\/wp-content\/uploads\/2023\/08\/Francisco-Macedo-vence-Caldeirao-Grande-por-2-a-1-na-II-Copa-AMVI-IMG_9987-696x464.jpg 696w, https:\/\/infonewss.com\/wp-content\/uploads\/2023\/08\/Francisco-Macedo-vence-Caldeirao-Grande-por-2-a-1-na-II-Copa-AMVI-IMG_9987.jpg 900w\" data-src=\"https:\/\/infonewss.com\/wp-content\/uploads\/2023\/08\/Francisco-Macedo-vence-Caldeirao-Grande-por-2-a-1-na-II-Copa-AMVI-IMG_9987-300x200.jpg\" data-sizes=\"(max-width: 300px) 100vw, 300px\" \/><\/a><\/div>\n<\/figure>\n<figure class=\"gallery-item\">\n<div class=\"gallery-icon landscape\"><a href=\"https:\/\/infonewss.com\/wp-content\/uploads\/2023\/08\/Francisco-Macedo-vence-Caldeirao-Grande-por-2-a-1-na-II-Copa-AMVI-IMG_9989.jpg\"><img loading=\"lazy\" decoding=\"async\" class=\"attachment-medium size-medium lazyload\" src=\"data:image\/gif;base64,R0lGODlhAQABAAAAACH5BAEKAAEALAAAAAABAAEAAAICTAEAOw==\" alt=\"\" width=\"300\" height=\"200\" data-srcset=\"https:\/\/infonewss.com\/wp-content\/uploads\/2023\/08\/Francisco-Macedo-vence-Caldeirao-Grande-por-2-a-1-na-II-Copa-AMVI-IMG_9989-300x200.jpg 300w, https:\/\/infonewss.com\/wp-content\/uploads\/2023\/08\/Francisco-Macedo-vence-Caldeirao-Grande-por-2-a-1-na-II-Copa-AMVI-IMG_9989-768x512.jpg 768w, https:\/\/infonewss.com\/wp-content\/uploads\/2023\/08\/Francisco-Macedo-vence-Caldeirao-Grande-por-2-a-1-na-II-Copa-AMVI-IMG_9989-150x100.jpg 150w, https:\/\/infonewss.com\/wp-content\/uploads\/2023\/08\/Francisco-Macedo-vence-Caldeirao-Grande-por-2-a-1-na-II-Copa-AMVI-IMG_9989-696x464.jpg 696w, https:\/\/infonewss.com\/wp-content\/uploads\/2023\/08\/Francisco-Macedo-vence-Caldeirao-Grande-por-2-a-1-na-II-Copa-AMVI-IMG_9989.jpg 900w\" data-src=\"https:\/\/infonewss.com\/wp-content\/uploads\/2023\/08\/Francisco-Macedo-vence-Caldeirao-Grande-por-2-a-1-na-II-Copa-AMVI-IMG_9989-300x200.jpg\" data-sizes=\"(max-width: 300px) 100vw, 300px\" \/><\/a><\/div>\n<\/figure>\n<figure class=\"gallery-item\">\n<div class=\"gallery-icon landscape\"><a href=\"https:\/\/infonewss.com\/wp-content\/uploads\/2023\/08\/Francisco-Macedo-vence-Caldeirao-Grande-por-2-a-1-na-II-Copa-AMVI-IMG_9990.jpg\"><img loading=\"lazy\" decoding=\"async\" class=\"attachment-medium size-medium lazyload\" src=\"data:image\/gif;base64,R0lGODlhAQABAAAAACH5BAEKAAEALAAAAAABAAEAAAICTAEAOw==\" alt=\"\" width=\"300\" height=\"200\" data-srcset=\"https:\/\/infonewss.com\/wp-content\/uploads\/2023\/08\/Francisco-Macedo-vence-Caldeirao-Grande-por-2-a-1-na-II-Copa-AMVI-IMG_9990-300x200.jpg 300w, https:\/\/infonewss.com\/wp-content\/uploads\/2023\/08\/Francisco-Macedo-vence-Caldeirao-Grande-por-2-a-1-na-II-Copa-AMVI-IMG_9990-768x512.jpg 768w, https:\/\/infonewss.com\/wp-content\/uploads\/2023\/08\/Francisco-Macedo-vence-Caldeirao-Grande-por-2-a-1-na-II-Copa-AMVI-IMG_9990-150x100.jpg 150w, https:\/\/infonewss.com\/wp-content\/uploads\/2023\/08\/Francisco-Macedo-vence-Caldeirao-Grande-por-2-a-1-na-II-Copa-AMVI-IMG_9990-696x464.jpg 696w, https:\/\/infonewss.com\/wp-content\/uploads\/2023\/08\/Francisco-Macedo-vence-Caldeirao-Grande-por-2-a-1-na-II-Copa-AMVI-IMG_9990.jpg 900w\" data-src=\"https:\/\/infonewss.com\/wp-content\/uploads\/2023\/08\/Francisco-Macedo-vence-Caldeirao-Grande-por-2-a-1-na-II-Copa-AMVI-IMG_9990-300x200.jpg\" data-sizes=\"(max-width: 300px) 100vw, 300px\" \/><\/a><\/div>\n<\/figure>\n<figure class=\"gallery-item\">\n<div class=\"gallery-icon landscape\"><a href=\"https:\/\/infonewss.com\/wp-content\/uploads\/2023\/08\/Francisco-Macedo-vence-Caldeirao-Grande-por-2-a-1-na-II-Copa-AMVI-IMG_9991.jpg\"><img loading=\"lazy\" decoding=\"async\" class=\"attachment-medium size-medium lazyload\" src=\"data:image\/gif;base64,R0lGODlhAQABAAAAACH5BAEKAAEALAAAAAABAAEAAAICTAEAOw==\" alt=\"\" width=\"300\" height=\"200\" data-srcset=\"https:\/\/infonewss.com\/wp-content\/uploads\/2023\/08\/Francisco-Macedo-vence-Caldeirao-Grande-por-2-a-1-na-II-Copa-AMVI-IMG_9991-300x200.jpg 300w, https:\/\/infonewss.com\/wp-content\/uploads\/2023\/08\/Francisco-Macedo-vence-Caldeirao-Grande-por-2-a-1-na-II-Copa-AMVI-IMG_9991-768x512.jpg 768w, https:\/\/infonewss.com\/wp-content\/uploads\/2023\/08\/Francisco-Macedo-vence-Caldeirao-Grande-por-2-a-1-na-II-Copa-AMVI-IMG_9991-150x100.jpg 150w, https:\/\/infonewss.com\/wp-content\/uploads\/2023\/08\/Francisco-Macedo-vence-Caldeirao-Grande-por-2-a-1-na-II-Copa-AMVI-IMG_9991-696x464.jpg 696w, https:\/\/infonewss.com\/wp-content\/uploads\/2023\/08\/Francisco-Macedo-vence-Caldeirao-Grande-por-2-a-1-na-II-Copa-AMVI-IMG_9991.jpg 900w\" data-src=\"https:\/\/infonewss.com\/wp-content\/uploads\/2023\/08\/Francisco-Macedo-vence-Caldeirao-Grande-por-2-a-1-na-II-Copa-AMVI-IMG_9991-300x200.jpg\" data-sizes=\"(max-width: 300px) 100vw, 300px\" \/><\/a><\/div>\n<\/figure>\n<figure class=\"gallery-item\">\n<div class=\"gallery-icon landscape\"><a href=\"https:\/\/infonewss.com\/wp-content\/uploads\/2023\/08\/Francisco-Macedo-vence-Caldeirao-Grande-por-2-a-1-na-II-Copa-AMVI-IMG_9994.jpg\"><img loading=\"lazy\" decoding=\"async\" class=\"attachment-medium size-medium lazyload\" src=\"data:image\/gif;base64,R0lGODlhAQABAAAAACH5BAEKAAEALAAAAAABAAEAAAICTAEAOw==\" alt=\"\" width=\"300\" height=\"200\" data-srcset=\"https:\/\/infonewss.com\/wp-content\/uploads\/2023\/08\/Francisco-Macedo-vence-Caldeirao-Grande-por-2-a-1-na-II-Copa-AMVI-IMG_9994-300x200.jpg 300w, https:\/\/infonewss.com\/wp-content\/uploads\/2023\/08\/Francisco-Macedo-vence-Caldeirao-Grande-por-2-a-1-na-II-Copa-AMVI-IMG_9994-768x512.jpg 768w, https:\/\/infonewss.com\/wp-content\/uploads\/2023\/08\/Francisco-Macedo-vence-Caldeirao-Grande-por-2-a-1-na-II-Copa-AMVI-IMG_9994-150x100.jpg 150w, https:\/\/infonewss.com\/wp-content\/uploads\/2023\/08\/Francisco-Macedo-vence-Caldeirao-Grande-por-2-a-1-na-II-Copa-AMVI-IMG_9994-696x464.jpg 696w, https:\/\/infonewss.com\/wp-content\/uploads\/2023\/08\/Francisco-Macedo-vence-Caldeirao-Grande-por-2-a-1-na-II-Copa-AMVI-IMG_9994.jpg 900w\" data-src=\"https:\/\/infonewss.com\/wp-content\/uploads\/2023\/08\/Francisco-Macedo-vence-Caldeirao-Grande-por-2-a-1-na-II-Copa-AMVI-IMG_9994-300x200.jpg\" data-sizes=\"(max-width: 300px) 100vw, 300px\" \/><\/a><\/div>\n<\/figure>\n<figure class=\"gallery-item\">\n<div class=\"gallery-icon landscape\"><a href=\"https:\/\/infonewss.com\/wp-content\/uploads\/2023\/08\/Francisco-Macedo-vence-Caldeirao-Grande-por-2-a-1-na-II-Copa-AMVI-IMG_9996.jpg\"><img loading=\"lazy\" decoding=\"async\" class=\"attachment-medium size-medium lazyload\" src=\"data:image\/gif;base64,R0lGODlhAQABAAAAACH5BAEKAAEALAAAAAABAAEAAAICTAEAOw==\" alt=\"\" width=\"300\" height=\"200\" data-srcset=\"https:\/\/infonewss.com\/wp-content\/uploads\/2023\/08\/Francisco-Macedo-vence-Caldeirao-Grande-por-2-a-1-na-II-Copa-AMVI-IMG_9996-300x200.jpg 300w, https:\/\/infonewss.com\/wp-content\/uploads\/2023\/08\/Francisco-Macedo-vence-Caldeirao-Grande-por-2-a-1-na-II-Copa-AMVI-IMG_9996-768x512.jpg 768w, https:\/\/infonewss.com\/wp-content\/uploads\/2023\/08\/Francisco-Macedo-vence-Caldeirao-Grande-por-2-a-1-na-II-Copa-AMVI-IMG_9996-150x100.jpg 150w, https:\/\/infonewss.com\/wp-content\/uploads\/2023\/08\/Francisco-Macedo-vence-Caldeirao-Grande-por-2-a-1-na-II-Copa-AMVI-IMG_9996-696x464.jpg 696w, https:\/\/infonewss.com\/wp-content\/uploads\/2023\/08\/Francisco-Macedo-vence-Caldeirao-Grande-por-2-a-1-na-II-Copa-AMVI-IMG_9996.jpg 900w\" data-src=\"https:\/\/infonewss.com\/wp-content\/uploads\/2023\/08\/Francisco-Macedo-vence-Caldeirao-Grande-por-2-a-1-na-II-Copa-AMVI-IMG_9996-300x200.jpg\" data-sizes=\"(max-width: 300px) 100vw, 300px\" \/><\/a><\/div>\n<\/figure>\n<figure class=\"gallery-item\">\n<div class=\"gallery-icon landscape\"><a href=\"https:\/\/infonewss.com\/wp-content\/uploads\/2023\/08\/Francisco-Macedo-vence-Caldeirao-Grande-por-2-a-1-na-II-Copa-AMVI-IMG_9997.jpg\"><img loading=\"lazy\" decoding=\"async\" class=\"attachment-medium size-medium lazyload\" src=\"data:image\/gif;base64,R0lGODlhAQABAAAAACH5BAEKAAEALAAAAAABAAEAAAICTAEAOw==\" alt=\"\" width=\"300\" height=\"200\" data-srcset=\"https:\/\/infonewss.com\/wp-content\/uploads\/2023\/08\/Francisco-Macedo-vence-Caldeirao-Grande-por-2-a-1-na-II-Copa-AMVI-IMG_9997-300x200.jpg 300w, https:\/\/infonewss.com\/wp-content\/uploads\/2023\/08\/Francisco-Macedo-vence-Caldeirao-Grande-por-2-a-1-na-II-Copa-AMVI-IMG_9997-768x512.jpg 768w, https:\/\/infonewss.com\/wp-content\/uploads\/2023\/08\/Francisco-Macedo-vence-Caldeirao-Grande-por-2-a-1-na-II-Copa-AMVI-IMG_9997-150x100.jpg 150w, https:\/\/infonewss.com\/wp-content\/uploads\/2023\/08\/Francisco-Macedo-vence-Caldeirao-Grande-por-2-a-1-na-II-Copa-AMVI-IMG_9997-696x464.jpg 696w, https:\/\/infonewss.com\/wp-content\/uploads\/2023\/08\/Francisco-Macedo-vence-Caldeirao-Grande-por-2-a-1-na-II-Copa-AMVI-IMG_9997.jpg 900w\" data-src=\"https:\/\/infonewss.com\/wp-content\/uploads\/2023\/08\/Francisco-Macedo-vence-Caldeirao-Grande-por-2-a-1-na-II-Copa-AMVI-IMG_9997-300x200.jpg\" data-sizes=\"(max-width: 300px) 100vw, 300px\" \/><\/a><\/div>\n<\/figure>\n<figure class=\"gallery-item\">\n<div class=\"gallery-icon landscape\"><a href=\"https:\/\/infonewss.com\/wp-content\/uploads\/2023\/08\/Francisco-Macedo-vence-Caldeirao-Grande-por-2-a-1-na-II-Copa-AMVI-IMG_9999.jpg\"><img loading=\"lazy\" decoding=\"async\" class=\"attachment-medium size-medium lazyload\" src=\"data:image\/gif;base64,R0lGODlhAQABAAAAACH5BAEKAAEALAAAAAABAAEAAAICTAEAOw==\" alt=\"\" width=\"300\" height=\"200\" data-srcset=\"https:\/\/infonewss.com\/wp-content\/uploads\/2023\/08\/Francisco-Macedo-vence-Caldeirao-Grande-por-2-a-1-na-II-Copa-AMVI-IMG_9999-300x200.jpg 300w, https:\/\/infonewss.com\/wp-content\/uploads\/2023\/08\/Francisco-Macedo-vence-Caldeirao-Grande-por-2-a-1-na-II-Copa-AMVI-IMG_9999-768x512.jpg 768w, https:\/\/infonewss.com\/wp-content\/uploads\/2023\/08\/Francisco-Macedo-vence-Caldeirao-Grande-por-2-a-1-na-II-Copa-AMVI-IMG_9999-150x100.jpg 150w, https:\/\/infonewss.com\/wp-content\/uploads\/2023\/08\/Francisco-Macedo-vence-Caldeirao-Grande-por-2-a-1-na-II-Copa-AMVI-IMG_9999-696x464.jpg 696w, https:\/\/infonewss.com\/wp-content\/uploads\/2023\/08\/Francisco-Macedo-vence-Caldeirao-Grande-por-2-a-1-na-II-Copa-AMVI-IMG_9999.jpg 900w\" data-src=\"https:\/\/infonewss.com\/wp-content\/uploads\/2023\/08\/Francisco-Macedo-vence-Caldeirao-Grande-por-2-a-1-na-II-Copa-AMVI-IMG_9999-300x200.jpg\" data-sizes=\"(max-width: 300px) 100vw, 300px\" \/><\/a><\/div>\n<\/figure>\n<\/div>\n<div id=\"gallery-3\" class=\"gallery galleryid-419927 gallery-columns-2 gallery-size-medium\" style=\"text-align: justify;\">\n<figure class=\"gallery-item\">\n<div class=\"gallery-icon landscape\"><a href=\"https:\/\/infonewss.com\/wp-content\/uploads\/2023\/08\/Francisco-Macedo-vence-Caldeirao-Grande-por-2-a-1-na-II-Copa-AMVI-IMG_0002.jpg\"><img loading=\"lazy\" decoding=\"async\" class=\"attachment-medium size-medium lazyload\" src=\"data:image\/gif;base64,R0lGODlhAQABAAAAACH5BAEKAAEALAAAAAABAAEAAAICTAEAOw==\" alt=\"\" width=\"300\" height=\"200\" data-srcset=\"https:\/\/infonewss.com\/wp-content\/uploads\/2023\/08\/Francisco-Macedo-vence-Caldeirao-Grande-por-2-a-1-na-II-Copa-AMVI-IMG_0002-300x200.jpg 300w, https:\/\/infonewss.com\/wp-content\/uploads\/2023\/08\/Francisco-Macedo-vence-Caldeirao-Grande-por-2-a-1-na-II-Copa-AMVI-IMG_0002-768x512.jpg 768w, https:\/\/infonewss.com\/wp-content\/uploads\/2023\/08\/Francisco-Macedo-vence-Caldeirao-Grande-por-2-a-1-na-II-Copa-AMVI-IMG_0002-150x100.jpg 150w, https:\/\/infonewss.com\/wp-content\/uploads\/2023\/08\/Francisco-Macedo-vence-Caldeirao-Grande-por-2-a-1-na-II-Copa-AMVI-IMG_0002-696x464.jpg 696w, https:\/\/infonewss.com\/wp-content\/uploads\/2023\/08\/Francisco-Macedo-vence-Caldeirao-Grande-por-2-a-1-na-II-Copa-AMVI-IMG_0002.jpg 900w\" data-src=\"https:\/\/infonewss.com\/wp-content\/uploads\/2023\/08\/Francisco-Macedo-vence-Caldeirao-Grande-por-2-a-1-na-II-Copa-AMVI-IMG_0002-300x200.jpg\" data-sizes=\"(max-width: 300px) 100vw, 300px\" \/><\/a><\/div>\n<\/figure>\n<figure class=\"gallery-item\">\n<div class=\"gallery-icon landscape\"><a href=\"https:\/\/infonewss.com\/wp-content\/uploads\/2023\/08\/Francisco-Macedo-vence-Caldeirao-Grande-por-2-a-1-na-II-Copa-AMVI-IMG_0003.jpg\"><img loading=\"lazy\" decoding=\"async\" class=\"attachment-medium size-medium lazyload\" src=\"data:image\/gif;base64,R0lGODlhAQABAAAAACH5BAEKAAEALAAAAAABAAEAAAICTAEAOw==\" alt=\"\" width=\"300\" height=\"200\" data-srcset=\"https:\/\/infonewss.com\/wp-content\/uploads\/2023\/08\/Francisco-Macedo-vence-Caldeirao-Grande-por-2-a-1-na-II-Copa-AMVI-IMG_0003-300x200.jpg 300w, https:\/\/infonewss.com\/wp-content\/uploads\/2023\/08\/Francisco-Macedo-vence-Caldeirao-Grande-por-2-a-1-na-II-Copa-AMVI-IMG_0003-768x512.jpg 768w, https:\/\/infonewss.com\/wp-content\/uploads\/2023\/08\/Francisco-Macedo-vence-Caldeirao-Grande-por-2-a-1-na-II-Copa-AMVI-IMG_0003-150x100.jpg 150w, https:\/\/infonewss.com\/wp-content\/uploads\/2023\/08\/Francisco-Macedo-vence-Caldeirao-Grande-por-2-a-1-na-II-Copa-AMVI-IMG_0003-696x464.jpg 696w, https:\/\/infonewss.com\/wp-content\/uploads\/2023\/08\/Francisco-Macedo-vence-Caldeirao-Grande-por-2-a-1-na-II-Copa-AMVI-IMG_0003.jpg 900w\" data-src=\"https:\/\/infonewss.com\/wp-content\/uploads\/2023\/08\/Francisco-Macedo-vence-Caldeirao-Grande-por-2-a-1-na-II-Copa-AMVI-IMG_0003-300x200.jpg\" data-sizes=\"(max-width: 300px) 100vw, 300px\" \/><\/a><\/div>\n<\/figure>\n<figure class=\"gallery-item\">\n<div class=\"gallery-icon landscape\"><a href=\"https:\/\/infonewss.com\/wp-content\/uploads\/2023\/08\/Francisco-Macedo-vence-Caldeirao-Grande-por-2-a-1-na-II-Copa-AMVI-IMG_0004.jpg\"><img loading=\"lazy\" decoding=\"async\" class=\"attachment-medium size-medium lazyload\" src=\"data:image\/gif;base64,R0lGODlhAQABAAAAACH5BAEKAAEALAAAAAABAAEAAAICTAEAOw==\" alt=\"\" width=\"300\" height=\"200\" data-srcset=\"https:\/\/infonewss.com\/wp-content\/uploads\/2023\/08\/Francisco-Macedo-vence-Caldeirao-Grande-por-2-a-1-na-II-Copa-AMVI-IMG_0004-300x200.jpg 300w, https:\/\/infonewss.com\/wp-content\/uploads\/2023\/08\/Francisco-Macedo-vence-Caldeirao-Grande-por-2-a-1-na-II-Copa-AMVI-IMG_0004-768x512.jpg 768w, https:\/\/infonewss.com\/wp-content\/uploads\/2023\/08\/Francisco-Macedo-vence-Caldeirao-Grande-por-2-a-1-na-II-Copa-AMVI-IMG_0004-150x100.jpg 150w, https:\/\/infonewss.com\/wp-content\/uploads\/2023\/08\/Francisco-Macedo-vence-Caldeirao-Grande-por-2-a-1-na-II-Copa-AMVI-IMG_0004-696x464.jpg 696w, https:\/\/infonewss.com\/wp-content\/uploads\/2023\/08\/Francisco-Macedo-vence-Caldeirao-Grande-por-2-a-1-na-II-Copa-AMVI-IMG_0004.jpg 900w\" data-src=\"https:\/\/infonewss.com\/wp-content\/uploads\/2023\/08\/Francisco-Macedo-vence-Caldeirao-Grande-por-2-a-1-na-II-Copa-AMVI-IMG_0004-300x200.jpg\" data-sizes=\"(max-width: 300px) 100vw, 300px\" \/><\/a><\/div>\n<\/figure>\n<figure class=\"gallery-item\">\n<div class=\"gallery-icon landscape\"><a href=\"https:\/\/infonewss.com\/wp-content\/uploads\/2023\/08\/Francisco-Macedo-vence-Caldeirao-Grande-por-2-a-1-na-II-Copa-AMVI-IMG_0005.jpg\"><img loading=\"lazy\" decoding=\"async\" class=\"attachment-medium size-medium lazyload\" src=\"data:image\/gif;base64,R0lGODlhAQABAAAAACH5BAEKAAEALAAAAAABAAEAAAICTAEAOw==\" alt=\"\" width=\"300\" height=\"200\" data-srcset=\"https:\/\/infonewss.com\/wp-content\/uploads\/2023\/08\/Francisco-Macedo-vence-Caldeirao-Grande-por-2-a-1-na-II-Copa-AMVI-IMG_0005-300x200.jpg 300w, https:\/\/infonewss.com\/wp-content\/uploads\/2023\/08\/Francisco-Macedo-vence-Caldeirao-Grande-por-2-a-1-na-II-Copa-AMVI-IMG_0005-768x512.jpg 768w, https:\/\/infonewss.com\/wp-content\/uploads\/2023\/08\/Francisco-Macedo-vence-Caldeirao-Grande-por-2-a-1-na-II-Copa-AMVI-IMG_0005-150x100.jpg 150w, https:\/\/infonewss.com\/wp-content\/uploads\/2023\/08\/Francisco-Macedo-vence-Caldeirao-Grande-por-2-a-1-na-II-Copa-AMVI-IMG_0005-696x464.jpg 696w, https:\/\/infonewss.com\/wp-content\/uploads\/2023\/08\/Francisco-Macedo-vence-Caldeirao-Grande-por-2-a-1-na-II-Copa-AMVI-IMG_0005.jpg 900w\" data-src=\"https:\/\/infonewss.com\/wp-content\/uploads\/2023\/08\/Francisco-Macedo-vence-Caldeirao-Grande-por-2-a-1-na-II-Copa-AMVI-IMG_0005-300x200.jpg\" data-sizes=\"(max-width: 300px) 100vw, 300px\" \/><\/a><\/div>\n<\/figure>\n<figure class=\"gallery-item\">\n<div class=\"gallery-icon landscape\"><a href=\"https:\/\/infonewss.com\/wp-content\/uploads\/2023\/08\/Francisco-Macedo-vence-Caldeirao-Grande-por-2-a-1-na-II-Copa-AMVI-IMG_0006.jpg\"><img loading=\"lazy\" decoding=\"async\" class=\"attachment-medium size-medium lazyload\" src=\"data:image\/gif;base64,R0lGODlhAQABAAAAACH5BAEKAAEALAAAAAABAAEAAAICTAEAOw==\" alt=\"\" width=\"300\" height=\"200\" data-srcset=\"https:\/\/infonewss.com\/wp-content\/uploads\/2023\/08\/Francisco-Macedo-vence-Caldeirao-Grande-por-2-a-1-na-II-Copa-AMVI-IMG_0006-300x200.jpg 300w, https:\/\/infonewss.com\/wp-content\/uploads\/2023\/08\/Francisco-Macedo-vence-Caldeirao-Grande-por-2-a-1-na-II-Copa-AMVI-IMG_0006-768x512.jpg 768w, https:\/\/infonewss.com\/wp-content\/uploads\/2023\/08\/Francisco-Macedo-vence-Caldeirao-Grande-por-2-a-1-na-II-Copa-AMVI-IMG_0006-150x100.jpg 150w, https:\/\/infonewss.com\/wp-content\/uploads\/2023\/08\/Francisco-Macedo-vence-Caldeirao-Grande-por-2-a-1-na-II-Copa-AMVI-IMG_0006-696x464.jpg 696w, https:\/\/infonewss.com\/wp-content\/uploads\/2023\/08\/Francisco-Macedo-vence-Caldeirao-Grande-por-2-a-1-na-II-Copa-AMVI-IMG_0006.jpg 900w\" data-src=\"https:\/\/infonewss.com\/wp-content\/uploads\/2023\/08\/Francisco-Macedo-vence-Caldeirao-Grande-por-2-a-1-na-II-Copa-AMVI-IMG_0006-300x200.jpg\" data-sizes=\"(max-width: 300px) 100vw, 300px\" \/><\/a><\/div>\n<\/figure>\n<figure class=\"gallery-item\">\n<div class=\"gallery-icon landscape\"><a href=\"https:\/\/infonewss.com\/wp-content\/uploads\/2023\/08\/Francisco-Macedo-vence-Caldeirao-Grande-por-2-a-1-na-II-Copa-AMVI-IMG_0007.jpg\"><img loading=\"lazy\" decoding=\"async\" class=\"attachment-medium size-medium lazyload\" src=\"data:image\/gif;base64,R0lGODlhAQABAAAAACH5BAEKAAEALAAAAAABAAEAAAICTAEAOw==\" alt=\"\" width=\"300\" height=\"200\" data-srcset=\"https:\/\/infonewss.com\/wp-content\/uploads\/2023\/08\/Francisco-Macedo-vence-Caldeirao-Grande-por-2-a-1-na-II-Copa-AMVI-IMG_0007-300x200.jpg 300w, https:\/\/infonewss.com\/wp-content\/uploads\/2023\/08\/Francisco-Macedo-vence-Caldeirao-Grande-por-2-a-1-na-II-Copa-AMVI-IMG_0007-768x512.jpg 768w, https:\/\/infonewss.com\/wp-content\/uploads\/2023\/08\/Francisco-Macedo-vence-Caldeirao-Grande-por-2-a-1-na-II-Copa-AMVI-IMG_0007-150x100.jpg 150w, https:\/\/infonewss.com\/wp-content\/uploads\/2023\/08\/Francisco-Macedo-vence-Caldeirao-Grande-por-2-a-1-na-II-Copa-AMVI-IMG_0007-696x464.jpg 696w, https:\/\/infonewss.com\/wp-content\/uploads\/2023\/08\/Francisco-Macedo-vence-Caldeirao-Grande-por-2-a-1-na-II-Copa-AMVI-IMG_0007.jpg 900w\" data-src=\"https:\/\/infonewss.com\/wp-content\/uploads\/2023\/08\/Francisco-Macedo-vence-Caldeirao-Grande-por-2-a-1-na-II-Copa-AMVI-IMG_0007-300x200.jpg\" data-sizes=\"(max-width: 300px) 100vw, 300px\" \/><\/a><\/div>\n<\/figure>\n<figure class=\"gallery-item\">\n<div class=\"gallery-icon landscape\"><a href=\"https:\/\/infonewss.com\/wp-content\/uploads\/2023\/08\/Francisco-Macedo-vence-Caldeirao-Grande-por-2-a-1-na-II-Copa-AMVI-IMG_0008.jpg\"><img loading=\"lazy\" decoding=\"async\" class=\"attachment-medium size-medium lazyload\" src=\"data:image\/gif;base64,R0lGODlhAQABAAAAACH5BAEKAAEALAAAAAABAAEAAAICTAEAOw==\" alt=\"\" width=\"300\" height=\"200\" data-srcset=\"https:\/\/infonewss.com\/wp-content\/uploads\/2023\/08\/Francisco-Macedo-vence-Caldeirao-Grande-por-2-a-1-na-II-Copa-AMVI-IMG_0008-300x200.jpg 300w, https:\/\/infonewss.com\/wp-content\/uploads\/2023\/08\/Francisco-Macedo-vence-Caldeirao-Grande-por-2-a-1-na-II-Copa-AMVI-IMG_0008-768x512.jpg 768w, https:\/\/infonewss.com\/wp-content\/uploads\/2023\/08\/Francisco-Macedo-vence-Caldeirao-Grande-por-2-a-1-na-II-Copa-AMVI-IMG_0008-150x100.jpg 150w, https:\/\/infonewss.com\/wp-content\/uploads\/2023\/08\/Francisco-Macedo-vence-Caldeirao-Grande-por-2-a-1-na-II-Copa-AMVI-IMG_0008-696x464.jpg 696w, https:\/\/infonewss.com\/wp-content\/uploads\/2023\/08\/Francisco-Macedo-vence-Caldeirao-Grande-por-2-a-1-na-II-Copa-AMVI-IMG_0008.jpg 900w\" data-src=\"https:\/\/infonewss.com\/wp-content\/uploads\/2023\/08\/Francisco-Macedo-vence-Caldeirao-Grande-por-2-a-1-na-II-Copa-AMVI-IMG_0008-300x200.jpg\" data-sizes=\"(max-width: 300px) 100vw, 300px\" \/><\/a><\/div>\n<\/figure>\n<figure class=\"gallery-item\">\n<div class=\"gallery-icon landscape\"><a href=\"https:\/\/infonewss.com\/wp-content\/uploads\/2023\/08\/Francisco-Macedo-vence-Caldeirao-Grande-por-2-a-1-na-II-Copa-AMVI-IMG_0010.jpg\"><img loading=\"lazy\" decoding=\"async\" class=\"attachment-medium size-medium lazyload\" src=\"data:image\/gif;base64,R0lGODlhAQABAAAAACH5BAEKAAEALAAAAAABAAEAAAICTAEAOw==\" alt=\"\" width=\"300\" height=\"200\" data-srcset=\"https:\/\/infonewss.com\/wp-content\/uploads\/2023\/08\/Francisco-Macedo-vence-Caldeirao-Grande-por-2-a-1-na-II-Copa-AMVI-IMG_0010-300x200.jpg 300w, https:\/\/infonewss.com\/wp-content\/uploads\/2023\/08\/Francisco-Macedo-vence-Caldeirao-Grande-por-2-a-1-na-II-Copa-AMVI-IMG_0010-768x512.jpg 768w, https:\/\/infonewss.com\/wp-content\/uploads\/2023\/08\/Francisco-Macedo-vence-Caldeirao-Grande-por-2-a-1-na-II-Copa-AMVI-IMG_0010-150x100.jpg 150w, https:\/\/infonewss.com\/wp-content\/uploads\/2023\/08\/Francisco-Macedo-vence-Caldeirao-Grande-por-2-a-1-na-II-Copa-AMVI-IMG_0010-696x464.jpg 696w, https:\/\/infonewss.com\/wp-content\/uploads\/2023\/08\/Francisco-Macedo-vence-Caldeirao-Grande-por-2-a-1-na-II-Copa-AMVI-IMG_0010.jpg 900w\" data-src=\"https:\/\/infonewss.com\/wp-content\/uploads\/2023\/08\/Francisco-Macedo-vence-Caldeirao-Grande-por-2-a-1-na-II-Copa-AMVI-IMG_0010-300x200.jpg\" data-sizes=\"(max-width: 300px) 100vw, 300px\" \/><\/a><\/div>\n<\/figure>\n<figure class=\"gallery-item\">\n<div class=\"gallery-icon landscape\"><a href=\"https:\/\/infonewss.com\/wp-content\/uploads\/2023\/08\/Francisco-Macedo-vence-Caldeirao-Grande-por-2-a-1-na-II-Copa-AMVI-IMG_0011.jpg\"><img loading=\"lazy\" decoding=\"async\" class=\"attachment-medium size-medium lazyload\" src=\"data:image\/gif;base64,R0lGODlhAQABAAAAACH5BAEKAAEALAAAAAABAAEAAAICTAEAOw==\" alt=\"\" width=\"300\" height=\"200\" data-srcset=\"https:\/\/infonewss.com\/wp-content\/uploads\/2023\/08\/Francisco-Macedo-vence-Caldeirao-Grande-por-2-a-1-na-II-Copa-AMVI-IMG_0011-300x200.jpg 300w, https:\/\/infonewss.com\/wp-content\/uploads\/2023\/08\/Francisco-Macedo-vence-Caldeirao-Grande-por-2-a-1-na-II-Copa-AMVI-IMG_0011-768x512.jpg 768w, https:\/\/infonewss.com\/wp-content\/uploads\/2023\/08\/Francisco-Macedo-vence-Caldeirao-Grande-por-2-a-1-na-II-Copa-AMVI-IMG_0011-150x100.jpg 150w, https:\/\/infonewss.com\/wp-content\/uploads\/2023\/08\/Francisco-Macedo-vence-Caldeirao-Grande-por-2-a-1-na-II-Copa-AMVI-IMG_0011-696x464.jpg 696w, https:\/\/infonewss.com\/wp-content\/uploads\/2023\/08\/Francisco-Macedo-vence-Caldeirao-Grande-por-2-a-1-na-II-Copa-AMVI-IMG_0011.jpg 900w\" data-src=\"https:\/\/infonewss.com\/wp-content\/uploads\/2023\/08\/Francisco-Macedo-vence-Caldeirao-Grande-por-2-a-1-na-II-Copa-AMVI-IMG_0011-300x200.jpg\" data-sizes=\"(max-width: 300px) 100vw, 300px\" \/><\/a><\/div>\n<\/figure>\n<figure class=\"gallery-item\">\n<div class=\"gallery-icon landscape\"><a href=\"https:\/\/infonewss.com\/wp-content\/uploads\/2023\/08\/Francisco-Macedo-vence-Caldeirao-Grande-por-2-a-1-na-II-Copa-AMVI-IMG_0013.jpg\"><img loading=\"lazy\" decoding=\"async\" class=\"attachment-medium size-medium lazyload\" src=\"data:image\/gif;base64,R0lGODlhAQABAAAAACH5BAEKAAEALAAAAAABAAEAAAICTAEAOw==\" alt=\"\" width=\"300\" height=\"200\" data-srcset=\"https:\/\/infonewss.com\/wp-content\/uploads\/2023\/08\/Francisco-Macedo-vence-Caldeirao-Grande-por-2-a-1-na-II-Copa-AMVI-IMG_0013-300x200.jpg 300w, https:\/\/infonewss.com\/wp-content\/uploads\/2023\/08\/Francisco-Macedo-vence-Caldeirao-Grande-por-2-a-1-na-II-Copa-AMVI-IMG_0013-768x512.jpg 768w, https:\/\/infonewss.com\/wp-content\/uploads\/2023\/08\/Francisco-Macedo-vence-Caldeirao-Grande-por-2-a-1-na-II-Copa-AMVI-IMG_0013-150x100.jpg 150w, https:\/\/infonewss.com\/wp-content\/uploads\/2023\/08\/Francisco-Macedo-vence-Caldeirao-Grande-por-2-a-1-na-II-Copa-AMVI-IMG_0013-696x464.jpg 696w, https:\/\/infonewss.com\/wp-content\/uploads\/2023\/08\/Francisco-Macedo-vence-Caldeirao-Grande-por-2-a-1-na-II-Copa-AMVI-IMG_0013.jpg 900w\" data-src=\"https:\/\/infonewss.com\/wp-content\/uploads\/2023\/08\/Francisco-Macedo-vence-Caldeirao-Grande-por-2-a-1-na-II-Copa-AMVI-IMG_0013-300x200.jpg\" data-sizes=\"(max-width: 300px) 100vw, 300px\" \/><\/a><\/div>\n<\/figure>\n<figure class=\"gallery-item\">\n<div class=\"gallery-icon landscape\"><a href=\"https:\/\/infonewss.com\/wp-content\/uploads\/2023\/08\/Francisco-Macedo-vence-Caldeirao-Grande-por-2-a-1-na-II-Copa-AMVI-IMG_0015.jpg\"><img loading=\"lazy\" decoding=\"async\" class=\"attachment-medium size-medium lazyload\" src=\"data:image\/gif;base64,R0lGODlhAQABAAAAACH5BAEKAAEALAAAAAABAAEAAAICTAEAOw==\" alt=\"\" width=\"300\" height=\"200\" data-srcset=\"https:\/\/infonewss.com\/wp-content\/uploads\/2023\/08\/Francisco-Macedo-vence-Caldeirao-Grande-por-2-a-1-na-II-Copa-AMVI-IMG_0015-300x200.jpg 300w, https:\/\/infonewss.com\/wp-content\/uploads\/2023\/08\/Francisco-Macedo-vence-Caldeirao-Grande-por-2-a-1-na-II-Copa-AMVI-IMG_0015-768x512.jpg 768w, https:\/\/infonewss.com\/wp-content\/uploads\/2023\/08\/Francisco-Macedo-vence-Caldeirao-Grande-por-2-a-1-na-II-Copa-AMVI-IMG_0015-150x100.jpg 150w, https:\/\/infonewss.com\/wp-content\/uploads\/2023\/08\/Francisco-Macedo-vence-Caldeirao-Grande-por-2-a-1-na-II-Copa-AMVI-IMG_0015-696x464.jpg 696w, https:\/\/infonewss.com\/wp-content\/uploads\/2023\/08\/Francisco-Macedo-vence-Caldeirao-Grande-por-2-a-1-na-II-Copa-AMVI-IMG_0015.jpg 900w\" data-src=\"https:\/\/infonewss.com\/wp-content\/uploads\/2023\/08\/Francisco-Macedo-vence-Caldeirao-Grande-por-2-a-1-na-II-Copa-AMVI-IMG_0015-300x200.jpg\" data-sizes=\"(max-width: 300px) 100vw, 300px\" \/><\/a><\/div>\n<\/figure>\n<figure class=\"gallery-item\">\n<div class=\"gallery-icon landscape\"><a href=\"https:\/\/infonewss.com\/wp-content\/uploads\/2023\/08\/Francisco-Macedo-vence-Caldeirao-Grande-por-2-a-1-na-II-Copa-AMVI-IMG_0017.jpg\"><img loading=\"lazy\" decoding=\"async\" class=\"attachment-medium size-medium lazyload\" src=\"data:image\/gif;base64,R0lGODlhAQABAAAAACH5BAEKAAEALAAAAAABAAEAAAICTAEAOw==\" alt=\"\" width=\"300\" height=\"200\" data-srcset=\"https:\/\/infonewss.com\/wp-content\/uploads\/2023\/08\/Francisco-Macedo-vence-Caldeirao-Grande-por-2-a-1-na-II-Copa-AMVI-IMG_0017-300x200.jpg 300w, https:\/\/infonewss.com\/wp-content\/uploads\/2023\/08\/Francisco-Macedo-vence-Caldeirao-Grande-por-2-a-1-na-II-Copa-AMVI-IMG_0017-768x512.jpg 768w, https:\/\/infonewss.com\/wp-content\/uploads\/2023\/08\/Francisco-Macedo-vence-Caldeirao-Grande-por-2-a-1-na-II-Copa-AMVI-IMG_0017-150x100.jpg 150w, https:\/\/infonewss.com\/wp-content\/uploads\/2023\/08\/Francisco-Macedo-vence-Caldeirao-Grande-por-2-a-1-na-II-Copa-AMVI-IMG_0017-696x464.jpg 696w, https:\/\/infonewss.com\/wp-content\/uploads\/2023\/08\/Francisco-Macedo-vence-Caldeirao-Grande-por-2-a-1-na-II-Copa-AMVI-IMG_0017.jpg 900w\" data-src=\"https:\/\/infonewss.com\/wp-content\/uploads\/2023\/08\/Francisco-Macedo-vence-Caldeirao-Grande-por-2-a-1-na-II-Copa-AMVI-IMG_0017-300x200.jpg\" data-sizes=\"(max-width: 300px) 100vw, 300px\" \/><\/a><\/div>\n<\/figure>\n<figure class=\"gallery-item\">\n<div class=\"gallery-icon landscape\"><a href=\"https:\/\/infonewss.com\/wp-content\/uploads\/2023\/08\/Francisco-Macedo-vence-Caldeirao-Grande-por-2-a-1-na-II-Copa-AMVI-IMG_0020.jpg\"><img loading=\"lazy\" decoding=\"async\" class=\"attachment-medium size-medium lazyload\" src=\"data:image\/gif;base64,R0lGODlhAQABAAAAACH5BAEKAAEALAAAAAABAAEAAAICTAEAOw==\" alt=\"\" width=\"300\" height=\"200\" data-srcset=\"https:\/\/infonewss.com\/wp-content\/uploads\/2023\/08\/Francisco-Macedo-vence-Caldeirao-Grande-por-2-a-1-na-II-Copa-AMVI-IMG_0020-300x200.jpg 300w, https:\/\/infonewss.com\/wp-content\/uploads\/2023\/08\/Francisco-Macedo-vence-Caldeirao-Grande-por-2-a-1-na-II-Copa-AMVI-IMG_0020-768x512.jpg 768w, https:\/\/infonewss.com\/wp-content\/uploads\/2023\/08\/Francisco-Macedo-vence-Caldeirao-Grande-por-2-a-1-na-II-Copa-AMVI-IMG_0020-150x100.jpg 150w, https:\/\/infonewss.com\/wp-content\/uploads\/2023\/08\/Francisco-Macedo-vence-Caldeirao-Grande-por-2-a-1-na-II-Copa-AMVI-IMG_0020-696x464.jpg 696w, https:\/\/infonewss.com\/wp-content\/uploads\/2023\/08\/Francisco-Macedo-vence-Caldeirao-Grande-por-2-a-1-na-II-Copa-AMVI-IMG_0020.jpg 900w\" data-src=\"https:\/\/infonewss.com\/wp-content\/uploads\/2023\/08\/Francisco-Macedo-vence-Caldeirao-Grande-por-2-a-1-na-II-Copa-AMVI-IMG_0020-300x200.jpg\" data-sizes=\"(max-width: 300px) 100vw, 300px\" \/><\/a><\/div>\n<\/figure>\n<figure class=\"gallery-item\">\n<div class=\"gallery-icon landscape\"><a href=\"https:\/\/infonewss.com\/wp-content\/uploads\/2023\/08\/Francisco-Macedo-vence-Caldeirao-Grande-por-2-a-1-na-II-Copa-AMVI-IMG_0021.jpg\"><img loading=\"lazy\" decoding=\"async\" class=\"attachment-medium size-medium lazyload\" src=\"data:image\/gif;base64,R0lGODlhAQABAAAAACH5BAEKAAEALAAAAAABAAEAAAICTAEAOw==\" alt=\"\" width=\"300\" height=\"200\" data-srcset=\"https:\/\/infonewss.com\/wp-content\/uploads\/2023\/08\/Francisco-Macedo-vence-Caldeirao-Grande-por-2-a-1-na-II-Copa-AMVI-IMG_0021-300x200.jpg 300w, https:\/\/infonewss.com\/wp-content\/uploads\/2023\/08\/Francisco-Macedo-vence-Caldeirao-Grande-por-2-a-1-na-II-Copa-AMVI-IMG_0021-768x512.jpg 768w, https:\/\/infonewss.com\/wp-content\/uploads\/2023\/08\/Francisco-Macedo-vence-Caldeirao-Grande-por-2-a-1-na-II-Copa-AMVI-IMG_0021-150x100.jpg 150w, https:\/\/infonewss.com\/wp-content\/uploads\/2023\/08\/Francisco-Macedo-vence-Caldeirao-Grande-por-2-a-1-na-II-Copa-AMVI-IMG_0021-696x464.jpg 696w, https:\/\/infonewss.com\/wp-content\/uploads\/2023\/08\/Francisco-Macedo-vence-Caldeirao-Grande-por-2-a-1-na-II-Copa-AMVI-IMG_0021.jpg 900w\" data-src=\"https:\/\/infonewss.com\/wp-content\/uploads\/2023\/08\/Francisco-Macedo-vence-Caldeirao-Grande-por-2-a-1-na-II-Copa-AMVI-IMG_0021-300x200.jpg\" data-sizes=\"(max-width: 300px) 100vw, 300px\" \/><\/a><\/div>\n<\/figure>\n<figure class=\"gallery-item\">\n<div class=\"gallery-icon landscape\"><a href=\"https:\/\/infonewss.com\/wp-content\/uploads\/2023\/08\/Francisco-Macedo-vence-Caldeirao-Grande-por-2-a-1-na-II-Copa-AMVI-IMG_0022.jpg\"><img loading=\"lazy\" decoding=\"async\" class=\"attachment-medium size-medium lazyload\" src=\"data:image\/gif;base64,R0lGODlhAQABAAAAACH5BAEKAAEALAAAAAABAAEAAAICTAEAOw==\" alt=\"\" width=\"300\" height=\"200\" data-srcset=\"https:\/\/infonewss.com\/wp-content\/uploads\/2023\/08\/Francisco-Macedo-vence-Caldeirao-Grande-por-2-a-1-na-II-Copa-AMVI-IMG_0022-300x200.jpg 300w, https:\/\/infonewss.com\/wp-content\/uploads\/2023\/08\/Francisco-Macedo-vence-Caldeirao-Grande-por-2-a-1-na-II-Copa-AMVI-IMG_0022-768x512.jpg 768w, https:\/\/infonewss.com\/wp-content\/uploads\/2023\/08\/Francisco-Macedo-vence-Caldeirao-Grande-por-2-a-1-na-II-Copa-AMVI-IMG_0022-150x100.jpg 150w, https:\/\/infonewss.com\/wp-content\/uploads\/2023\/08\/Francisco-Macedo-vence-Caldeirao-Grande-por-2-a-1-na-II-Copa-AMVI-IMG_0022-696x464.jpg 696w, https:\/\/infonewss.com\/wp-content\/uploads\/2023\/08\/Francisco-Macedo-vence-Caldeirao-Grande-por-2-a-1-na-II-Copa-AMVI-IMG_0022.jpg 900w\" data-src=\"https:\/\/infonewss.com\/wp-content\/uploads\/2023\/08\/Francisco-Macedo-vence-Caldeirao-Grande-por-2-a-1-na-II-Copa-AMVI-IMG_0022-300x200.jpg\" data-sizes=\"(max-width: 300px) 100vw, 300px\" \/><\/a><\/div>\n<\/figure>\n<figure class=\"gallery-item\">\n<div class=\"gallery-icon landscape\"><a href=\"https:\/\/infonewss.com\/wp-content\/uploads\/2023\/08\/Francisco-Macedo-vence-Caldeirao-Grande-por-2-a-1-na-II-Copa-AMVI-IMG_0023.jpg\"><img loading=\"lazy\" decoding=\"async\" class=\"attachment-medium size-medium lazyload\" src=\"data:image\/gif;base64,R0lGODlhAQABAAAAACH5BAEKAAEALAAAAAABAAEAAAICTAEAOw==\" alt=\"\" width=\"300\" height=\"200\" data-srcset=\"https:\/\/infonewss.com\/wp-content\/uploads\/2023\/08\/Francisco-Macedo-vence-Caldeirao-Grande-por-2-a-1-na-II-Copa-AMVI-IMG_0023-300x200.jpg 300w, https:\/\/infonewss.com\/wp-content\/uploads\/2023\/08\/Francisco-Macedo-vence-Caldeirao-Grande-por-2-a-1-na-II-Copa-AMVI-IMG_0023-768x512.jpg 768w, https:\/\/infonewss.com\/wp-content\/uploads\/2023\/08\/Francisco-Macedo-vence-Caldeirao-Grande-por-2-a-1-na-II-Copa-AMVI-IMG_0023-150x100.jpg 150w, https:\/\/infonewss.com\/wp-content\/uploads\/2023\/08\/Francisco-Macedo-vence-Caldeirao-Grande-por-2-a-1-na-II-Copa-AMVI-IMG_0023-696x464.jpg 696w, https:\/\/infonewss.com\/wp-content\/uploads\/2023\/08\/Francisco-Macedo-vence-Caldeirao-Grande-por-2-a-1-na-II-Copa-AMVI-IMG_0023.jpg 900w\" data-src=\"https:\/\/infonewss.com\/wp-content\/uploads\/2023\/08\/Francisco-Macedo-vence-Caldeirao-Grande-por-2-a-1-na-II-Copa-AMVI-IMG_0023-300x200.jpg\" data-sizes=\"(max-width: 300px) 100vw, 300px\" \/><\/a><\/div>\n<\/figure>\n<figure class=\"gallery-item\">\n<div class=\"gallery-icon landscape\"><a href=\"https:\/\/infonewss.com\/wp-content\/uploads\/2023\/08\/Francisco-Macedo-vence-Caldeirao-Grande-por-2-a-1-na-II-Copa-AMVI-IMG_0024.jpg\"><img loading=\"lazy\" decoding=\"async\" class=\"attachment-medium size-medium lazyloaded\" src=\"https:\/\/infonewss.com\/wp-content\/uploads\/2023\/08\/Francisco-Macedo-vence-Caldeirao-Grande-por-2-a-1-na-II-Copa-AMVI-IMG_0024-300x200.jpg\" sizes=\"(max-width: 300px) 100vw, 300px\" srcset=\"https:\/\/infonewss.com\/wp-content\/uploads\/2023\/08\/Francisco-Macedo-vence-Caldeirao-Grande-por-2-a-1-na-II-Copa-AMVI-IMG_0024-300x200.jpg 300w, https:\/\/infonewss.com\/wp-content\/uploads\/2023\/08\/Francisco-Macedo-vence-Caldeirao-Grande-por-2-a-1-na-II-Copa-AMVI-IMG_0024-768x512.jpg 768w, https:\/\/infonewss.com\/wp-content\/uploads\/2023\/08\/Francisco-Macedo-vence-Caldeirao-Grande-por-2-a-1-na-II-Copa-AMVI-IMG_0024-150x100.jpg 150w, https:\/\/infonewss.com\/wp-content\/uploads\/2023\/08\/Francisco-Macedo-vence-Caldeirao-Grande-por-2-a-1-na-II-Copa-AMVI-IMG_0024-696x464.jpg 696w, https:\/\/infonewss.com\/wp-content\/uploads\/2023\/08\/Francisco-Macedo-vence-Caldeirao-Grande-por-2-a-1-na-II-Copa-AMVI-IMG_0024.jpg 900w\" alt=\"\" width=\"300\" height=\"200\" data-srcset=\"https:\/\/infonewss.com\/wp-content\/uploads\/2023\/08\/Francisco-Macedo-vence-Caldeirao-Grande-por-2-a-1-na-II-Copa-AMVI-IMG_0024-300x200.jpg 300w, https:\/\/infonewss.com\/wp-content\/uploads\/2023\/08\/Francisco-Macedo-vence-Caldeirao-Grande-por-2-a-1-na-II-Copa-AMVI-IMG_0024-768x512.jpg 768w, https:\/\/infonewss.com\/wp-content\/uploads\/2023\/08\/Francisco-Macedo-vence-Caldeirao-Grande-por-2-a-1-na-II-Copa-AMVI-IMG_0024-150x100.jpg 150w, https:\/\/infonewss.com\/wp-content\/uploads\/2023\/08\/Francisco-Macedo-vence-Caldeirao-Grande-por-2-a-1-na-II-Copa-AMVI-IMG_0024-696x464.jpg 696w, https:\/\/infonewss.com\/wp-content\/uploads\/2023\/08\/Francisco-Macedo-vence-Caldeirao-Grande-por-2-a-1-na-II-Copa-AMVI-IMG_0024.jpg 900w\" data-src=\"https:\/\/infonewss.com\/wp-content\/uploads\/2023\/08\/Francisco-Macedo-vence-Caldeirao-Grande-por-2-a-1-na-II-Copa-AMVI-IMG_0024-300x200.jpg\" data-sizes=\"(max-width: 300px) 100vw, 300px\" \/><\/a><\/div>\n<\/figure>\n<figure class=\"gallery-item\">\n<div class=\"gallery-icon landscape\"><a href=\"https:\/\/infonewss.com\/wp-content\/uploads\/2023\/08\/Francisco-Macedo-vence-Caldeirao-Grande-por-2-a-1-na-II-Copa-AMVI-IMG_0025.jpg\"><img loading=\"lazy\" decoding=\"async\" class=\"attachment-medium size-medium lazyloaded\" src=\"https:\/\/infonewss.com\/wp-content\/uploads\/2023\/08\/Francisco-Macedo-vence-Caldeirao-Grande-por-2-a-1-na-II-Copa-AMVI-IMG_0025-300x200.jpg\" sizes=\"(max-width: 300px) 100vw, 300px\" srcset=\"https:\/\/infonewss.com\/wp-content\/uploads\/2023\/08\/Francisco-Macedo-vence-Caldeirao-Grande-por-2-a-1-na-II-Copa-AMVI-IMG_0025-300x200.jpg 300w, https:\/\/infonewss.com\/wp-content\/uploads\/2023\/08\/Francisco-Macedo-vence-Caldeirao-Grande-por-2-a-1-na-II-Copa-AMVI-IMG_0025-768x512.jpg 768w, https:\/\/infonewss.com\/wp-content\/uploads\/2023\/08\/Francisco-Macedo-vence-Caldeirao-Grande-por-2-a-1-na-II-Copa-AMVI-IMG_0025-150x100.jpg 150w, https:\/\/infonewss.com\/wp-content\/uploads\/2023\/08\/Francisco-Macedo-vence-Caldeirao-Grande-por-2-a-1-na-II-Copa-AMVI-IMG_0025-696x464.jpg 696w, https:\/\/infonewss.com\/wp-content\/uploads\/2023\/08\/Francisco-Macedo-vence-Caldeirao-Grande-por-2-a-1-na-II-Copa-AMVI-IMG_0025.jpg 900w\" alt=\"\" width=\"300\" height=\"200\" data-srcset=\"https:\/\/infonewss.com\/wp-content\/uploads\/2023\/08\/Francisco-Macedo-vence-Caldeirao-Grande-por-2-a-1-na-II-Copa-AMVI-IMG_0025-300x200.jpg 300w, https:\/\/infonewss.com\/wp-content\/uploads\/2023\/08\/Francisco-Macedo-vence-Caldeirao-Grande-por-2-a-1-na-II-Copa-AMVI-IMG_0025-768x512.jpg 768w, https:\/\/infonewss.com\/wp-content\/uploads\/2023\/08\/Francisco-Macedo-vence-Caldeirao-Grande-por-2-a-1-na-II-Copa-AMVI-IMG_0025-150x100.jpg 150w, https:\/\/infonewss.com\/wp-content\/uploads\/2023\/08\/Francisco-Macedo-vence-Caldeirao-Grande-por-2-a-1-na-II-Copa-AMVI-IMG_0025-696x464.jpg 696w, https:\/\/infonewss.com\/wp-content\/uploads\/2023\/08\/Francisco-Macedo-vence-Caldeirao-Grande-por-2-a-1-na-II-Copa-AMVI-IMG_0025.jpg 900w\" data-src=\"https:\/\/infonewss.com\/wp-content\/uploads\/2023\/08\/Francisco-Macedo-vence-Caldeirao-Grande-por-2-a-1-na-II-Copa-AMVI-IMG_0025-300x200.jpg\" data-sizes=\"(max-width: 300px) 100vw, 300px\" \/><\/a><\/div>\n<\/figure>\n<figure class=\"gallery-item\">\n<div class=\"gallery-icon landscape\"><a href=\"https:\/\/infonewss.com\/wp-content\/uploads\/2023\/08\/Francisco-Macedo-vence-Caldeirao-Grande-por-2-a-1-na-II-Copa-AMVI-IMG_0028.jpg\"><img loading=\"lazy\" decoding=\"async\" class=\"attachment-medium size-medium lazyloaded\" src=\"https:\/\/infonewss.com\/wp-content\/uploads\/2023\/08\/Francisco-Macedo-vence-Caldeirao-Grande-por-2-a-1-na-II-Copa-AMVI-IMG_0028-300x200.jpg\" sizes=\"(max-width: 300px) 100vw, 300px\" srcset=\"https:\/\/infonewss.com\/wp-content\/uploads\/2023\/08\/Francisco-Macedo-vence-Caldeirao-Grande-por-2-a-1-na-II-Copa-AMVI-IMG_0028-300x200.jpg 300w, https:\/\/infonewss.com\/wp-content\/uploads\/2023\/08\/Francisco-Macedo-vence-Caldeirao-Grande-por-2-a-1-na-II-Copa-AMVI-IMG_0028-768x512.jpg 768w, https:\/\/infonewss.com\/wp-content\/uploads\/2023\/08\/Francisco-Macedo-vence-Caldeirao-Grande-por-2-a-1-na-II-Copa-AMVI-IMG_0028-150x100.jpg 150w, https:\/\/infonewss.com\/wp-content\/uploads\/2023\/08\/Francisco-Macedo-vence-Caldeirao-Grande-por-2-a-1-na-II-Copa-AMVI-IMG_0028-696x464.jpg 696w, https:\/\/infonewss.com\/wp-content\/uploads\/2023\/08\/Francisco-Macedo-vence-Caldeirao-Grande-por-2-a-1-na-II-Copa-AMVI-IMG_0028.jpg 900w\" alt=\"\" width=\"300\" height=\"200\" data-srcset=\"https:\/\/infonewss.com\/wp-content\/uploads\/2023\/08\/Francisco-Macedo-vence-Caldeirao-Grande-por-2-a-1-na-II-Copa-AMVI-IMG_0028-300x200.jpg 300w, https:\/\/infonewss.com\/wp-content\/uploads\/2023\/08\/Francisco-Macedo-vence-Caldeirao-Grande-por-2-a-1-na-II-Copa-AMVI-IMG_0028-768x512.jpg 768w, https:\/\/infonewss.com\/wp-content\/uploads\/2023\/08\/Francisco-Macedo-vence-Caldeirao-Grande-por-2-a-1-na-II-Copa-AMVI-IMG_0028-150x100.jpg 150w, https:\/\/infonewss.com\/wp-content\/uploads\/2023\/08\/Francisco-Macedo-vence-Caldeirao-Grande-por-2-a-1-na-II-Copa-AMVI-IMG_0028-696x464.jpg 696w, https:\/\/infonewss.com\/wp-content\/uploads\/2023\/08\/Francisco-Macedo-vence-Caldeirao-Grande-por-2-a-1-na-II-Copa-AMVI-IMG_0028.jpg 900w\" data-src=\"https:\/\/infonewss.com\/wp-content\/uploads\/2023\/08\/Francisco-Macedo-vence-Caldeirao-Grande-por-2-a-1-na-II-Copa-AMVI-IMG_0028-300x200.jpg\" data-sizes=\"(max-width: 300px) 100vw, 300px\" \/><\/a><\/div>\n<\/figure>\n<figure class=\"gallery-item\">\n<div class=\"gallery-icon landscape\"><a href=\"https:\/\/infonewss.com\/wp-content\/uploads\/2023\/08\/Francisco-Macedo-vence-Caldeirao-Grande-por-2-a-1-na-II-Copa-AMVI-IMG_0029.jpg\"><img loading=\"lazy\" decoding=\"async\" class=\"attachment-medium size-medium lazyload\" src=\"data:image\/gif;base64,R0lGODlhAQABAAAAACH5BAEKAAEALAAAAAABAAEAAAICTAEAOw==\" alt=\"\" width=\"300\" height=\"200\" data-srcset=\"https:\/\/infonewss.com\/wp-content\/uploads\/2023\/08\/Francisco-Macedo-vence-Caldeirao-Grande-por-2-a-1-na-II-Copa-AMVI-IMG_0029-300x200.jpg 300w, https:\/\/infonewss.com\/wp-content\/uploads\/2023\/08\/Francisco-Macedo-vence-Caldeirao-Grande-por-2-a-1-na-II-Copa-AMVI-IMG_0029-768x512.jpg 768w, https:\/\/infonewss.com\/wp-content\/uploads\/2023\/08\/Francisco-Macedo-vence-Caldeirao-Grande-por-2-a-1-na-II-Copa-AMVI-IMG_0029-150x100.jpg 150w, https:\/\/infonewss.com\/wp-content\/uploads\/2023\/08\/Francisco-Macedo-vence-Caldeirao-Grande-por-2-a-1-na-II-Copa-AMVI-IMG_0029-696x464.jpg 696w, https:\/\/infonewss.com\/wp-content\/uploads\/2023\/08\/Francisco-Macedo-vence-Caldeirao-Grande-por-2-a-1-na-II-Copa-AMVI-IMG_0029.jpg 900w\" data-src=\"https:\/\/infonewss.com\/wp-content\/uploads\/2023\/08\/Francisco-Macedo-vence-Caldeirao-Grande-por-2-a-1-na-II-Copa-AMVI-IMG_0029-300x200.jpg\" data-sizes=\"(max-width: 300px) 100vw, 300px\" \/><\/a><\/div>\n<\/figure>\n<figure class=\"gallery-item\">\n<div class=\"gallery-icon landscape\"><a href=\"https:\/\/infonewss.com\/wp-content\/uploads\/2023\/08\/Francisco-Macedo-vence-Caldeirao-Grande-por-2-a-1-na-II-Copa-AMVI-IMG_0030.jpg\"><img loading=\"lazy\" decoding=\"async\" class=\"attachment-medium size-medium lazyload\" src=\"data:image\/gif;base64,R0lGODlhAQABAAAAACH5BAEKAAEALAAAAAABAAEAAAICTAEAOw==\" alt=\"\" width=\"300\" height=\"200\" data-srcset=\"https:\/\/infonewss.com\/wp-content\/uploads\/2023\/08\/Francisco-Macedo-vence-Caldeirao-Grande-por-2-a-1-na-II-Copa-AMVI-IMG_0030-300x200.jpg 300w, https:\/\/infonewss.com\/wp-content\/uploads\/2023\/08\/Francisco-Macedo-vence-Caldeirao-Grande-por-2-a-1-na-II-Copa-AMVI-IMG_0030-768x512.jpg 768w, https:\/\/infonewss.com\/wp-content\/uploads\/2023\/08\/Francisco-Macedo-vence-Caldeirao-Grande-por-2-a-1-na-II-Copa-AMVI-IMG_0030-150x100.jpg 150w, https:\/\/infonewss.com\/wp-content\/uploads\/2023\/08\/Francisco-Macedo-vence-Caldeirao-Grande-por-2-a-1-na-II-Copa-AMVI-IMG_0030-696x464.jpg 696w, https:\/\/infonewss.com\/wp-content\/uploads\/2023\/08\/Francisco-Macedo-vence-Caldeirao-Grande-por-2-a-1-na-II-Copa-AMVI-IMG_0030.jpg 900w\" data-src=\"https:\/\/infonewss.com\/wp-content\/uploads\/2023\/08\/Francisco-Macedo-vence-Caldeirao-Grande-por-2-a-1-na-II-Copa-AMVI-IMG_0030-300x200.jpg\" data-sizes=\"(max-width: 300px) 100vw, 300px\" \/><\/a><\/div>\n<\/figure>\n<figure class=\"gallery-item\">\n<div class=\"gallery-icon landscape\"><a href=\"https:\/\/infonewss.com\/wp-content\/uploads\/2023\/08\/Francisco-Macedo-vence-Caldeirao-Grande-por-2-a-1-na-II-Copa-AMVI-IMG_0031.jpg\"><img loading=\"lazy\" decoding=\"async\" class=\"attachment-medium size-medium lazyload\" src=\"data:image\/gif;base64,R0lGODlhAQABAAAAACH5BAEKAAEALAAAAAABAAEAAAICTAEAOw==\" alt=\"\" width=\"300\" height=\"200\" data-srcset=\"https:\/\/infonewss.com\/wp-content\/uploads\/2023\/08\/Francisco-Macedo-vence-Caldeirao-Grande-por-2-a-1-na-II-Copa-AMVI-IMG_0031-300x200.jpg 300w, https:\/\/infonewss.com\/wp-content\/uploads\/2023\/08\/Francisco-Macedo-vence-Caldeirao-Grande-por-2-a-1-na-II-Copa-AMVI-IMG_0031-768x512.jpg 768w, https:\/\/infonewss.com\/wp-content\/uploads\/2023\/08\/Francisco-Macedo-vence-Caldeirao-Grande-por-2-a-1-na-II-Copa-AMVI-IMG_0031-150x100.jpg 150w, https:\/\/infonewss.com\/wp-content\/uploads\/2023\/08\/Francisco-Macedo-vence-Caldeirao-Grande-por-2-a-1-na-II-Copa-AMVI-IMG_0031-696x464.jpg 696w, https:\/\/infonewss.com\/wp-content\/uploads\/2023\/08\/Francisco-Macedo-vence-Caldeirao-Grande-por-2-a-1-na-II-Copa-AMVI-IMG_0031.jpg 900w\" data-src=\"https:\/\/infonewss.com\/wp-content\/uploads\/2023\/08\/Francisco-Macedo-vence-Caldeirao-Grande-por-2-a-1-na-II-Copa-AMVI-IMG_0031-300x200.jpg\" data-sizes=\"(max-width: 300px) 100vw, 300px\" \/><\/a><\/div>\n<\/figure>\n<figure class=\"gallery-item\">\n<div class=\"gallery-icon landscape\"><a href=\"https:\/\/infonewss.com\/wp-content\/uploads\/2023\/08\/Francisco-Macedo-vence-Caldeirao-Grande-por-2-a-1-na-II-Copa-AMVI-IMG_0032.jpg\"><img loading=\"lazy\" decoding=\"async\" class=\"attachment-medium size-medium lazyload\" src=\"data:image\/gif;base64,R0lGODlhAQABAAAAACH5BAEKAAEALAAAAAABAAEAAAICTAEAOw==\" alt=\"\" width=\"300\" height=\"200\" data-srcset=\"https:\/\/infonewss.com\/wp-content\/uploads\/2023\/08\/Francisco-Macedo-vence-Caldeirao-Grande-por-2-a-1-na-II-Copa-AMVI-IMG_0032-300x200.jpg 300w, https:\/\/infonewss.com\/wp-content\/uploads\/2023\/08\/Francisco-Macedo-vence-Caldeirao-Grande-por-2-a-1-na-II-Copa-AMVI-IMG_0032-768x512.jpg 768w, https:\/\/infonewss.com\/wp-content\/uploads\/2023\/08\/Francisco-Macedo-vence-Caldeirao-Grande-por-2-a-1-na-II-Copa-AMVI-IMG_0032-150x100.jpg 150w, https:\/\/infonewss.com\/wp-content\/uploads\/2023\/08\/Francisco-Macedo-vence-Caldeirao-Grande-por-2-a-1-na-II-Copa-AMVI-IMG_0032-696x464.jpg 696w, https:\/\/infonewss.com\/wp-content\/uploads\/2023\/08\/Francisco-Macedo-vence-Caldeirao-Grande-por-2-a-1-na-II-Copa-AMVI-IMG_0032.jpg 900w\" data-src=\"https:\/\/infonewss.com\/wp-content\/uploads\/2023\/08\/Francisco-Macedo-vence-Caldeirao-Grande-por-2-a-1-na-II-Copa-AMVI-IMG_0032-300x200.jpg\" data-sizes=\"(max-width: 300px) 100vw, 300px\" \/><\/a><\/div>\n<\/figure>\n<figure class=\"gallery-item\">\n<div class=\"gallery-icon landscape\"><a href=\"https:\/\/infonewss.com\/wp-content\/uploads\/2023\/08\/Francisco-Macedo-vence-Caldeirao-Grande-por-2-a-1-na-II-Copa-AMVI-IMG_0033.jpg\"><img loading=\"lazy\" decoding=\"async\" class=\"attachment-medium size-medium lazyload\" src=\"data:image\/gif;base64,R0lGODlhAQABAAAAACH5BAEKAAEALAAAAAABAAEAAAICTAEAOw==\" alt=\"\" width=\"300\" height=\"200\" data-srcset=\"https:\/\/infonewss.com\/wp-content\/uploads\/2023\/08\/Francisco-Macedo-vence-Caldeirao-Grande-por-2-a-1-na-II-Copa-AMVI-IMG_0033-300x200.jpg 300w, https:\/\/infonewss.com\/wp-content\/uploads\/2023\/08\/Francisco-Macedo-vence-Caldeirao-Grande-por-2-a-1-na-II-Copa-AMVI-IMG_0033-768x512.jpg 768w, https:\/\/infonewss.com\/wp-content\/uploads\/2023\/08\/Francisco-Macedo-vence-Caldeirao-Grande-por-2-a-1-na-II-Copa-AMVI-IMG_0033-150x100.jpg 150w, https:\/\/infonewss.com\/wp-content\/uploads\/2023\/08\/Francisco-Macedo-vence-Caldeirao-Grande-por-2-a-1-na-II-Copa-AMVI-IMG_0033-696x464.jpg 696w, https:\/\/infonewss.com\/wp-content\/uploads\/2023\/08\/Francisco-Macedo-vence-Caldeirao-Grande-por-2-a-1-na-II-Copa-AMVI-IMG_0033.jpg 900w\" data-src=\"https:\/\/infonewss.com\/wp-content\/uploads\/2023\/08\/Francisco-Macedo-vence-Caldeirao-Grande-por-2-a-1-na-II-Copa-AMVI-IMG_0033-300x200.jpg\" data-sizes=\"(max-width: 300px) 100vw, 300px\" \/><\/a><\/div>\n<\/figure>\n<figure class=\"gallery-item\">\n<div class=\"gallery-icon landscape\"><a href=\"https:\/\/infonewss.com\/wp-content\/uploads\/2023\/08\/Francisco-Macedo-vence-Caldeirao-Grande-por-2-a-1-na-II-Copa-AMVI-IMG_0035.jpg\"><img loading=\"lazy\" decoding=\"async\" class=\"attachment-medium size-medium lazyload\" src=\"data:image\/gif;base64,R0lGODlhAQABAAAAACH5BAEKAAEALAAAAAABAAEAAAICTAEAOw==\" alt=\"\" width=\"300\" height=\"200\" data-srcset=\"https:\/\/infonewss.com\/wp-content\/uploads\/2023\/08\/Francisco-Macedo-vence-Caldeirao-Grande-por-2-a-1-na-II-Copa-AMVI-IMG_0035-300x200.jpg 300w, https:\/\/infonewss.com\/wp-content\/uploads\/2023\/08\/Francisco-Macedo-vence-Caldeirao-Grande-por-2-a-1-na-II-Copa-AMVI-IMG_0035-768x512.jpg 768w, https:\/\/infonewss.com\/wp-content\/uploads\/2023\/08\/Francisco-Macedo-vence-Caldeirao-Grande-por-2-a-1-na-II-Copa-AMVI-IMG_0035-150x100.jpg 150w, https:\/\/infonewss.com\/wp-content\/uploads\/2023\/08\/Francisco-Macedo-vence-Caldeirao-Grande-por-2-a-1-na-II-Copa-AMVI-IMG_0035-696x464.jpg 696w, https:\/\/infonewss.com\/wp-content\/uploads\/2023\/08\/Francisco-Macedo-vence-Caldeirao-Grande-por-2-a-1-na-II-Copa-AMVI-IMG_0035.jpg 900w\" data-src=\"https:\/\/infonewss.com\/wp-content\/uploads\/2023\/08\/Francisco-Macedo-vence-Caldeirao-Grande-por-2-a-1-na-II-Copa-AMVI-IMG_0035-300x200.jpg\" data-sizes=\"(max-width: 300px) 100vw, 300px\" \/><\/a><\/div>\n<\/figure>\n<figure class=\"gallery-item\">\n<div class=\"gallery-icon landscape\"><a href=\"https:\/\/infonewss.com\/wp-content\/uploads\/2023\/08\/Francisco-Macedo-vence-Caldeirao-Grande-por-2-a-1-na-II-Copa-AMVI-IMG_0038.jpg\"><img loading=\"lazy\" decoding=\"async\" class=\"attachment-medium size-medium lazyload\" src=\"data:image\/gif;base64,R0lGODlhAQABAAAAACH5BAEKAAEALAAAAAABAAEAAAICTAEAOw==\" alt=\"\" width=\"300\" height=\"200\" data-srcset=\"https:\/\/infonewss.com\/wp-content\/uploads\/2023\/08\/Francisco-Macedo-vence-Caldeirao-Grande-por-2-a-1-na-II-Copa-AMVI-IMG_0038-300x200.jpg 300w, https:\/\/infonewss.com\/wp-content\/uploads\/2023\/08\/Francisco-Macedo-vence-Caldeirao-Grande-por-2-a-1-na-II-Copa-AMVI-IMG_0038-768x512.jpg 768w, https:\/\/infonewss.com\/wp-content\/uploads\/2023\/08\/Francisco-Macedo-vence-Caldeirao-Grande-por-2-a-1-na-II-Copa-AMVI-IMG_0038-150x100.jpg 150w, https:\/\/infonewss.com\/wp-content\/uploads\/2023\/08\/Francisco-Macedo-vence-Caldeirao-Grande-por-2-a-1-na-II-Copa-AMVI-IMG_0038-696x464.jpg 696w, https:\/\/infonewss.com\/wp-content\/uploads\/2023\/08\/Francisco-Macedo-vence-Caldeirao-Grande-por-2-a-1-na-II-Copa-AMVI-IMG_0038.jpg 900w\" data-src=\"https:\/\/infonewss.com\/wp-content\/uploads\/2023\/08\/Francisco-Macedo-vence-Caldeirao-Grande-por-2-a-1-na-II-Copa-AMVI-IMG_0038-300x200.jpg\" data-sizes=\"(max-width: 300px) 100vw, 300px\" \/><\/a><\/div>\n<\/figure>\n<figure class=\"gallery-item\">\n<div class=\"gallery-icon landscape\"><a href=\"https:\/\/infonewss.com\/wp-content\/uploads\/2023\/08\/Francisco-Macedo-vence-Caldeirao-Grande-por-2-a-1-na-II-Copa-AMVI-IMG_0039.jpg\"><img loading=\"lazy\" decoding=\"async\" class=\"attachment-medium size-medium lazyload\" src=\"data:image\/gif;base64,R0lGODlhAQABAAAAACH5BAEKAAEALAAAAAABAAEAAAICTAEAOw==\" alt=\"\" width=\"300\" height=\"200\" data-srcset=\"https:\/\/infonewss.com\/wp-content\/uploads\/2023\/08\/Francisco-Macedo-vence-Caldeirao-Grande-por-2-a-1-na-II-Copa-AMVI-IMG_0039-300x200.jpg 300w, https:\/\/infonewss.com\/wp-content\/uploads\/2023\/08\/Francisco-Macedo-vence-Caldeirao-Grande-por-2-a-1-na-II-Copa-AMVI-IMG_0039-768x512.jpg 768w, https:\/\/infonewss.com\/wp-content\/uploads\/2023\/08\/Francisco-Macedo-vence-Caldeirao-Grande-por-2-a-1-na-II-Copa-AMVI-IMG_0039-150x100.jpg 150w, https:\/\/infonewss.com\/wp-content\/uploads\/2023\/08\/Francisco-Macedo-vence-Caldeirao-Grande-por-2-a-1-na-II-Copa-AMVI-IMG_0039-696x464.jpg 696w, https:\/\/infonewss.com\/wp-content\/uploads\/2023\/08\/Francisco-Macedo-vence-Caldeirao-Grande-por-2-a-1-na-II-Copa-AMVI-IMG_0039.jpg 900w\" data-src=\"https:\/\/infonewss.com\/wp-content\/uploads\/2023\/08\/Francisco-Macedo-vence-Caldeirao-Grande-por-2-a-1-na-II-Copa-AMVI-IMG_0039-300x200.jpg\" data-sizes=\"(max-width: 300px) 100vw, 300px\" \/><\/a><\/div>\n<\/figure>\n<figure class=\"gallery-item\">\n<div class=\"gallery-icon landscape\"><a href=\"https:\/\/infonewss.com\/wp-content\/uploads\/2023\/08\/Francisco-Macedo-vence-Caldeirao-Grande-por-2-a-1-na-II-Copa-AMVI-IMG_0041.jpg\"><img loading=\"lazy\" decoding=\"async\" class=\"attachment-medium size-medium lazyload\" src=\"data:image\/gif;base64,R0lGODlhAQABAAAAACH5BAEKAAEALAAAAAABAAEAAAICTAEAOw==\" alt=\"\" width=\"300\" height=\"200\" data-srcset=\"https:\/\/infonewss.com\/wp-content\/uploads\/2023\/08\/Francisco-Macedo-vence-Caldeirao-Grande-por-2-a-1-na-II-Copa-AMVI-IMG_0041-300x200.jpg 300w, https:\/\/infonewss.com\/wp-content\/uploads\/2023\/08\/Francisco-Macedo-vence-Caldeirao-Grande-por-2-a-1-na-II-Copa-AMVI-IMG_0041-768x512.jpg 768w, https:\/\/infonewss.com\/wp-content\/uploads\/2023\/08\/Francisco-Macedo-vence-Caldeirao-Grande-por-2-a-1-na-II-Copa-AMVI-IMG_0041-150x100.jpg 150w, https:\/\/infonewss.com\/wp-content\/uploads\/2023\/08\/Francisco-Macedo-vence-Caldeirao-Grande-por-2-a-1-na-II-Copa-AMVI-IMG_0041-696x464.jpg 696w, https:\/\/infonewss.com\/wp-content\/uploads\/2023\/08\/Francisco-Macedo-vence-Caldeirao-Grande-por-2-a-1-na-II-Copa-AMVI-IMG_0041.jpg 900w\" data-src=\"https:\/\/infonewss.com\/wp-content\/uploads\/2023\/08\/Francisco-Macedo-vence-Caldeirao-Grande-por-2-a-1-na-II-Copa-AMVI-IMG_0041-300x200.jpg\" data-sizes=\"(max-width: 300px) 100vw, 300px\" \/><\/a><\/div>\n<\/figure>\n<figure class=\"gallery-item\">\n<div class=\"gallery-icon landscape\"><a href=\"https:\/\/infonewss.com\/wp-content\/uploads\/2023\/08\/Francisco-Macedo-vence-Caldeirao-Grande-por-2-a-1-na-II-Copa-AMVI-IMG_0042.jpg\"><img loading=\"lazy\" decoding=\"async\" class=\"attachment-medium size-medium lazyload\" src=\"data:image\/gif;base64,R0lGODlhAQABAAAAACH5BAEKAAEALAAAAAABAAEAAAICTAEAOw==\" alt=\"\" width=\"300\" height=\"200\" data-srcset=\"https:\/\/infonewss.com\/wp-content\/uploads\/2023\/08\/Francisco-Macedo-vence-Caldeirao-Grande-por-2-a-1-na-II-Copa-AMVI-IMG_0042-300x200.jpg 300w, https:\/\/infonewss.com\/wp-content\/uploads\/2023\/08\/Francisco-Macedo-vence-Caldeirao-Grande-por-2-a-1-na-II-Copa-AMVI-IMG_0042-768x512.jpg 768w, https:\/\/infonewss.com\/wp-content\/uploads\/2023\/08\/Francisco-Macedo-vence-Caldeirao-Grande-por-2-a-1-na-II-Copa-AMVI-IMG_0042-150x100.jpg 150w, https:\/\/infonewss.com\/wp-content\/uploads\/2023\/08\/Francisco-Macedo-vence-Caldeirao-Grande-por-2-a-1-na-II-Copa-AMVI-IMG_0042-696x464.jpg 696w, https:\/\/infonewss.com\/wp-content\/uploads\/2023\/08\/Francisco-Macedo-vence-Caldeirao-Grande-por-2-a-1-na-II-Copa-AMVI-IMG_0042.jpg 900w\" data-src=\"https:\/\/infonewss.com\/wp-content\/uploads\/2023\/08\/Francisco-Macedo-vence-Caldeirao-Grande-por-2-a-1-na-II-Copa-AMVI-IMG_0042-300x200.jpg\" data-sizes=\"(max-width: 300px) 100vw, 300px\" \/><\/a><\/div>\n<\/figure>\n<figure class=\"gallery-item\">\n<div class=\"gallery-icon landscape\"><a href=\"https:\/\/infonewss.com\/wp-content\/uploads\/2023\/08\/Francisco-Macedo-vence-Caldeirao-Grande-por-2-a-1-na-II-Copa-AMVI-IMG_0043.jpg\"><img loading=\"lazy\" decoding=\"async\" class=\"attachment-medium size-medium lazyload\" src=\"data:image\/gif;base64,R0lGODlhAQABAAAAACH5BAEKAAEALAAAAAABAAEAAAICTAEAOw==\" alt=\"\" width=\"300\" height=\"200\" data-srcset=\"https:\/\/infonewss.com\/wp-content\/uploads\/2023\/08\/Francisco-Macedo-vence-Caldeirao-Grande-por-2-a-1-na-II-Copa-AMVI-IMG_0043-300x200.jpg 300w, https:\/\/infonewss.com\/wp-content\/uploads\/2023\/08\/Francisco-Macedo-vence-Caldeirao-Grande-por-2-a-1-na-II-Copa-AMVI-IMG_0043-768x512.jpg 768w, https:\/\/infonewss.com\/wp-content\/uploads\/2023\/08\/Francisco-Macedo-vence-Caldeirao-Grande-por-2-a-1-na-II-Copa-AMVI-IMG_0043-150x100.jpg 150w, https:\/\/infonewss.com\/wp-content\/uploads\/2023\/08\/Francisco-Macedo-vence-Caldeirao-Grande-por-2-a-1-na-II-Copa-AMVI-IMG_0043-696x464.jpg 696w, https:\/\/infonewss.com\/wp-content\/uploads\/2023\/08\/Francisco-Macedo-vence-Caldeirao-Grande-por-2-a-1-na-II-Copa-AMVI-IMG_0043.jpg 900w\" data-src=\"https:\/\/infonewss.com\/wp-content\/uploads\/2023\/08\/Francisco-Macedo-vence-Caldeirao-Grande-por-2-a-1-na-II-Copa-AMVI-IMG_0043-300x200.jpg\" data-sizes=\"(max-width: 300px) 100vw, 300px\" \/><\/a><\/div>\n<\/figure>\n<figure class=\"gallery-item\">\n<div class=\"gallery-icon landscape\"><a href=\"https:\/\/infonewss.com\/wp-content\/uploads\/2023\/08\/Francisco-Macedo-vence-Caldeirao-Grande-por-2-a-1-na-II-Copa-AMVI-IMG_0045.jpg\"><img loading=\"lazy\" decoding=\"async\" class=\"attachment-medium size-medium lazyload\" src=\"data:image\/gif;base64,R0lGODlhAQABAAAAACH5BAEKAAEALAAAAAABAAEAAAICTAEAOw==\" alt=\"\" width=\"300\" height=\"200\" data-srcset=\"https:\/\/infonewss.com\/wp-content\/uploads\/2023\/08\/Francisco-Macedo-vence-Caldeirao-Grande-por-2-a-1-na-II-Copa-AMVI-IMG_0045-300x200.jpg 300w, https:\/\/infonewss.com\/wp-content\/uploads\/2023\/08\/Francisco-Macedo-vence-Caldeirao-Grande-por-2-a-1-na-II-Copa-AMVI-IMG_0045-768x512.jpg 768w, https:\/\/infonewss.com\/wp-content\/uploads\/2023\/08\/Francisco-Macedo-vence-Caldeirao-Grande-por-2-a-1-na-II-Copa-AMVI-IMG_0045-150x100.jpg 150w, https:\/\/infonewss.com\/wp-content\/uploads\/2023\/08\/Francisco-Macedo-vence-Caldeirao-Grande-por-2-a-1-na-II-Copa-AMVI-IMG_0045-696x464.jpg 696w, https:\/\/infonewss.com\/wp-content\/uploads\/2023\/08\/Francisco-Macedo-vence-Caldeirao-Grande-por-2-a-1-na-II-Copa-AMVI-IMG_0045.jpg 900w\" data-src=\"https:\/\/infonewss.com\/wp-content\/uploads\/2023\/08\/Francisco-Macedo-vence-Caldeirao-Grande-por-2-a-1-na-II-Copa-AMVI-IMG_0045-300x200.jpg\" data-sizes=\"(max-width: 300px) 100vw, 300px\" \/><\/a><\/div>\n<\/figure>\n<figure class=\"gallery-item\">\n<div class=\"gallery-icon landscape\"><a href=\"https:\/\/infonewss.com\/wp-content\/uploads\/2023\/08\/Francisco-Macedo-vence-Caldeirao-Grande-por-2-a-1-na-II-Copa-AMVI-IMG_0046.jpg\"><img loading=\"lazy\" decoding=\"async\" class=\"attachment-medium size-medium lazyload\" src=\"data:image\/gif;base64,R0lGODlhAQABAAAAACH5BAEKAAEALAAAAAABAAEAAAICTAEAOw==\" alt=\"\" width=\"300\" height=\"200\" data-srcset=\"https:\/\/infonewss.com\/wp-content\/uploads\/2023\/08\/Francisco-Macedo-vence-Caldeirao-Grande-por-2-a-1-na-II-Copa-AMVI-IMG_0046-300x200.jpg 300w, https:\/\/infonewss.com\/wp-content\/uploads\/2023\/08\/Francisco-Macedo-vence-Caldeirao-Grande-por-2-a-1-na-II-Copa-AMVI-IMG_0046-768x512.jpg 768w, https:\/\/infonewss.com\/wp-content\/uploads\/2023\/08\/Francisco-Macedo-vence-Caldeirao-Grande-por-2-a-1-na-II-Copa-AMVI-IMG_0046-150x100.jpg 150w, https:\/\/infonewss.com\/wp-content\/uploads\/2023\/08\/Francisco-Macedo-vence-Caldeirao-Grande-por-2-a-1-na-II-Copa-AMVI-IMG_0046-696x464.jpg 696w, https:\/\/infonewss.com\/wp-content\/uploads\/2023\/08\/Francisco-Macedo-vence-Caldeirao-Grande-por-2-a-1-na-II-Copa-AMVI-IMG_0046.jpg 900w\" data-src=\"https:\/\/infonewss.com\/wp-content\/uploads\/2023\/08\/Francisco-Macedo-vence-Caldeirao-Grande-por-2-a-1-na-II-Copa-AMVI-IMG_0046-300x200.jpg\" data-sizes=\"(max-width: 300px) 100vw, 300px\" \/><\/a><\/div>\n<\/figure>\n<figure class=\"gallery-item\">\n<div class=\"gallery-icon landscape\"><a href=\"https:\/\/infonewss.com\/wp-content\/uploads\/2023\/08\/Francisco-Macedo-vence-Caldeirao-Grande-por-2-a-1-na-II-Copa-AMVI-IMG_0047.jpg\"><img loading=\"lazy\" decoding=\"async\" class=\"attachment-medium size-medium lazyload\" src=\"data:image\/gif;base64,R0lGODlhAQABAAAAACH5BAEKAAEALAAAAAABAAEAAAICTAEAOw==\" alt=\"\" width=\"300\" height=\"200\" data-srcset=\"https:\/\/infonewss.com\/wp-content\/uploads\/2023\/08\/Francisco-Macedo-vence-Caldeirao-Grande-por-2-a-1-na-II-Copa-AMVI-IMG_0047-300x200.jpg 300w, https:\/\/infonewss.com\/wp-content\/uploads\/2023\/08\/Francisco-Macedo-vence-Caldeirao-Grande-por-2-a-1-na-II-Copa-AMVI-IMG_0047-768x512.jpg 768w, https:\/\/infonewss.com\/wp-content\/uploads\/2023\/08\/Francisco-Macedo-vence-Caldeirao-Grande-por-2-a-1-na-II-Copa-AMVI-IMG_0047-150x100.jpg 150w, https:\/\/infonewss.com\/wp-content\/uploads\/2023\/08\/Francisco-Macedo-vence-Caldeirao-Grande-por-2-a-1-na-II-Copa-AMVI-IMG_0047-696x464.jpg 696w, https:\/\/infonewss.com\/wp-content\/uploads\/2023\/08\/Francisco-Macedo-vence-Caldeirao-Grande-por-2-a-1-na-II-Copa-AMVI-IMG_0047.jpg 900w\" data-src=\"https:\/\/infonewss.com\/wp-content\/uploads\/2023\/08\/Francisco-Macedo-vence-Caldeirao-Grande-por-2-a-1-na-II-Copa-AMVI-IMG_0047-300x200.jpg\" data-sizes=\"(max-width: 300px) 100vw, 300px\" \/><\/a><\/div>\n<\/figure>\n<figure class=\"gallery-item\">\n<div class=\"gallery-icon landscape\"><a href=\"https:\/\/infonewss.com\/wp-content\/uploads\/2023\/08\/Francisco-Macedo-vence-Caldeirao-Grande-por-2-a-1-na-II-Copa-AMVI-IMG_0049.jpg\"><img loading=\"lazy\" decoding=\"async\" class=\"attachment-medium size-medium lazyload\" src=\"data:image\/gif;base64,R0lGODlhAQABAAAAACH5BAEKAAEALAAAAAABAAEAAAICTAEAOw==\" alt=\"\" width=\"300\" height=\"200\" data-srcset=\"https:\/\/infonewss.com\/wp-content\/uploads\/2023\/08\/Francisco-Macedo-vence-Caldeirao-Grande-por-2-a-1-na-II-Copa-AMVI-IMG_0049-300x200.jpg 300w, https:\/\/infonewss.com\/wp-content\/uploads\/2023\/08\/Francisco-Macedo-vence-Caldeirao-Grande-por-2-a-1-na-II-Copa-AMVI-IMG_0049-768x512.jpg 768w, https:\/\/infonewss.com\/wp-content\/uploads\/2023\/08\/Francisco-Macedo-vence-Caldeirao-Grande-por-2-a-1-na-II-Copa-AMVI-IMG_0049-150x100.jpg 150w, https:\/\/infonewss.com\/wp-content\/uploads\/2023\/08\/Francisco-Macedo-vence-Caldeirao-Grande-por-2-a-1-na-II-Copa-AMVI-IMG_0049-696x464.jpg 696w, https:\/\/infonewss.com\/wp-content\/uploads\/2023\/08\/Francisco-Macedo-vence-Caldeirao-Grande-por-2-a-1-na-II-Copa-AMVI-IMG_0049.jpg 900w\" data-src=\"https:\/\/infonewss.com\/wp-content\/uploads\/2023\/08\/Francisco-Macedo-vence-Caldeirao-Grande-por-2-a-1-na-II-Copa-AMVI-IMG_0049-300x200.jpg\" data-sizes=\"(max-width: 300px) 100vw, 300px\" \/><\/a><\/div>\n<\/figure>\n<figure class=\"gallery-item\">\n<div class=\"gallery-icon portrait\"><a href=\"https:\/\/infonewss.com\/wp-content\/uploads\/2023\/08\/Francisco-Macedo-vence-Caldeirao-Grande-por-2-a-1-na-II-Copa-AMVI-IMG_0050.jpg\"><img loading=\"lazy\" decoding=\"async\" class=\"attachment-medium size-medium lazyload\" src=\"data:image\/gif;base64,R0lGODlhAQABAAAAACH5BAEKAAEALAAAAAABAAEAAAICTAEAOw==\" alt=\"\" width=\"200\" height=\"300\" data-srcset=\"https:\/\/infonewss.com\/wp-content\/uploads\/2023\/08\/Francisco-Macedo-vence-Caldeirao-Grande-por-2-a-1-na-II-Copa-AMVI-IMG_0050-200x300.jpg 200w, https:\/\/infonewss.com\/wp-content\/uploads\/2023\/08\/Francisco-Macedo-vence-Caldeirao-Grande-por-2-a-1-na-II-Copa-AMVI-IMG_0050-683x1024.jpg 683w, https:\/\/infonewss.com\/wp-content\/uploads\/2023\/08\/Francisco-Macedo-vence-Caldeirao-Grande-por-2-a-1-na-II-Copa-AMVI-IMG_0050-768x1152.jpg 768w, https:\/\/infonewss.com\/wp-content\/uploads\/2023\/08\/Francisco-Macedo-vence-Caldeirao-Grande-por-2-a-1-na-II-Copa-AMVI-IMG_0050-150x225.jpg 150w, https:\/\/infonewss.com\/wp-content\/uploads\/2023\/08\/Francisco-Macedo-vence-Caldeirao-Grande-por-2-a-1-na-II-Copa-AMVI-IMG_0050-300x450.jpg 300w, https:\/\/infonewss.com\/wp-content\/uploads\/2023\/08\/Francisco-Macedo-vence-Caldeirao-Grande-por-2-a-1-na-II-Copa-AMVI-IMG_0050-696x1044.jpg 696w, https:\/\/infonewss.com\/wp-content\/uploads\/2023\/08\/Francisco-Macedo-vence-Caldeirao-Grande-por-2-a-1-na-II-Copa-AMVI-IMG_0050.jpg 900w\" data-src=\"https:\/\/infonewss.com\/wp-content\/uploads\/2023\/08\/Francisco-Macedo-vence-Caldeirao-Grande-por-2-a-1-na-II-Copa-AMVI-IMG_0050-200x300.jpg\" data-sizes=\"(max-width: 200px) 100vw, 200px\" \/><\/a><\/div>\n<\/figure>\n<figure class=\"gallery-item\">\n<div class=\"gallery-icon landscape\"><a href=\"https:\/\/infonewss.com\/wp-content\/uploads\/2023\/08\/Francisco-Macedo-vence-Caldeirao-Grande-por-2-a-1-na-II-Copa-AMVI-IMG_0053.jpg\"><img loading=\"lazy\" decoding=\"async\" class=\"attachment-medium size-medium lazyload\" src=\"data:image\/gif;base64,R0lGODlhAQABAAAAACH5BAEKAAEALAAAAAABAAEAAAICTAEAOw==\" alt=\"\" width=\"300\" height=\"200\" data-srcset=\"https:\/\/infonewss.com\/wp-content\/uploads\/2023\/08\/Francisco-Macedo-vence-Caldeirao-Grande-por-2-a-1-na-II-Copa-AMVI-IMG_0053-300x200.jpg 300w, https:\/\/infonewss.com\/wp-content\/uploads\/2023\/08\/Francisco-Macedo-vence-Caldeirao-Grande-por-2-a-1-na-II-Copa-AMVI-IMG_0053-768x512.jpg 768w, https:\/\/infonewss.com\/wp-content\/uploads\/2023\/08\/Francisco-Macedo-vence-Caldeirao-Grande-por-2-a-1-na-II-Copa-AMVI-IMG_0053-150x100.jpg 150w, https:\/\/infonewss.com\/wp-content\/uploads\/2023\/08\/Francisco-Macedo-vence-Caldeirao-Grande-por-2-a-1-na-II-Copa-AMVI-IMG_0053-696x464.jpg 696w, https:\/\/infonewss.com\/wp-content\/uploads\/2023\/08\/Francisco-Macedo-vence-Caldeirao-Grande-por-2-a-1-na-II-Copa-AMVI-IMG_0053.jpg 900w\" data-src=\"https:\/\/infonewss.com\/wp-content\/uploads\/2023\/08\/Francisco-Macedo-vence-Caldeirao-Grande-por-2-a-1-na-II-Copa-AMVI-IMG_0053-300x200.jpg\" data-sizes=\"(max-width: 300px) 100vw, 300px\" \/><\/a><\/div>\n<\/figure>\n<figure class=\"gallery-item\">\n<div class=\"gallery-icon landscape\"><a href=\"https:\/\/infonewss.com\/wp-content\/uploads\/2023\/08\/Francisco-Macedo-vence-Caldeirao-Grande-por-2-a-1-na-II-Copa-AMVI-IMG_0054.jpg\"><img loading=\"lazy\" decoding=\"async\" class=\"attachment-medium size-medium lazyload\" src=\"data:image\/gif;base64,R0lGODlhAQABAAAAACH5BAEKAAEALAAAAAABAAEAAAICTAEAOw==\" alt=\"\" width=\"300\" height=\"200\" data-srcset=\"https:\/\/infonewss.com\/wp-content\/uploads\/2023\/08\/Francisco-Macedo-vence-Caldeirao-Grande-por-2-a-1-na-II-Copa-AMVI-IMG_0054-300x200.jpg 300w, https:\/\/infonewss.com\/wp-content\/uploads\/2023\/08\/Francisco-Macedo-vence-Caldeirao-Grande-por-2-a-1-na-II-Copa-AMVI-IMG_0054-768x512.jpg 768w, https:\/\/infonewss.com\/wp-content\/uploads\/2023\/08\/Francisco-Macedo-vence-Caldeirao-Grande-por-2-a-1-na-II-Copa-AMVI-IMG_0054-150x100.jpg 150w, https:\/\/infonewss.com\/wp-content\/uploads\/2023\/08\/Francisco-Macedo-vence-Caldeirao-Grande-por-2-a-1-na-II-Copa-AMVI-IMG_0054-696x464.jpg 696w, https:\/\/infonewss.com\/wp-content\/uploads\/2023\/08\/Francisco-Macedo-vence-Caldeirao-Grande-por-2-a-1-na-II-Copa-AMVI-IMG_0054.jpg 900w\" data-src=\"https:\/\/infonewss.com\/wp-content\/uploads\/2023\/08\/Francisco-Macedo-vence-Caldeirao-Grande-por-2-a-1-na-II-Copa-AMVI-IMG_0054-300x200.jpg\" data-sizes=\"(max-width: 300px) 100vw, 300px\" \/><\/a><\/div>\n<\/figure>\n<figure class=\"gallery-item\">\n<div class=\"gallery-icon landscape\"><a href=\"https:\/\/infonewss.com\/wp-content\/uploads\/2023\/08\/Francisco-Macedo-vence-Caldeirao-Grande-por-2-a-1-na-II-Copa-AMVI-IMG_0055.jpg\"><img loading=\"lazy\" decoding=\"async\" class=\"attachment-medium size-medium lazyload\" src=\"data:image\/gif;base64,R0lGODlhAQABAAAAACH5BAEKAAEALAAAAAABAAEAAAICTAEAOw==\" alt=\"\" width=\"300\" height=\"200\" data-srcset=\"https:\/\/infonewss.com\/wp-content\/uploads\/2023\/08\/Francisco-Macedo-vence-Caldeirao-Grande-por-2-a-1-na-II-Copa-AMVI-IMG_0055-300x200.jpg 300w, https:\/\/infonewss.com\/wp-content\/uploads\/2023\/08\/Francisco-Macedo-vence-Caldeirao-Grande-por-2-a-1-na-II-Copa-AMVI-IMG_0055-768x512.jpg 768w, https:\/\/infonewss.com\/wp-content\/uploads\/2023\/08\/Francisco-Macedo-vence-Caldeirao-Grande-por-2-a-1-na-II-Copa-AMVI-IMG_0055-150x100.jpg 150w, https:\/\/infonewss.com\/wp-content\/uploads\/2023\/08\/Francisco-Macedo-vence-Caldeirao-Grande-por-2-a-1-na-II-Copa-AMVI-IMG_0055-696x464.jpg 696w, https:\/\/infonewss.com\/wp-content\/uploads\/2023\/08\/Francisco-Macedo-vence-Caldeirao-Grande-por-2-a-1-na-II-Copa-AMVI-IMG_0055.jpg 900w\" data-src=\"https:\/\/infonewss.com\/wp-content\/uploads\/2023\/08\/Francisco-Macedo-vence-Caldeirao-Grande-por-2-a-1-na-II-Copa-AMVI-IMG_0055-300x200.jpg\" data-sizes=\"(max-width: 300px) 100vw, 300px\" \/><\/a><\/div>\n<\/figure>\n<figure class=\"gallery-item\">\n<div class=\"gallery-icon landscape\"><a href=\"https:\/\/infonewss.com\/wp-content\/uploads\/2023\/08\/Francisco-Macedo-vence-Caldeirao-Grande-por-2-a-1-na-II-Copa-AMVI-IMG_0056.jpg\"><img loading=\"lazy\" decoding=\"async\" class=\"attachment-medium size-medium lazyload\" src=\"data:image\/gif;base64,R0lGODlhAQABAAAAACH5BAEKAAEALAAAAAABAAEAAAICTAEAOw==\" alt=\"\" width=\"300\" height=\"200\" data-srcset=\"https:\/\/infonewss.com\/wp-content\/uploads\/2023\/08\/Francisco-Macedo-vence-Caldeirao-Grande-por-2-a-1-na-II-Copa-AMVI-IMG_0056-300x200.jpg 300w, https:\/\/infonewss.com\/wp-content\/uploads\/2023\/08\/Francisco-Macedo-vence-Caldeirao-Grande-por-2-a-1-na-II-Copa-AMVI-IMG_0056-768x512.jpg 768w, https:\/\/infonewss.com\/wp-content\/uploads\/2023\/08\/Francisco-Macedo-vence-Caldeirao-Grande-por-2-a-1-na-II-Copa-AMVI-IMG_0056-150x100.jpg 150w, https:\/\/infonewss.com\/wp-content\/uploads\/2023\/08\/Francisco-Macedo-vence-Caldeirao-Grande-por-2-a-1-na-II-Copa-AMVI-IMG_0056-696x464.jpg 696w, https:\/\/infonewss.com\/wp-content\/uploads\/2023\/08\/Francisco-Macedo-vence-Caldeirao-Grande-por-2-a-1-na-II-Copa-AMVI-IMG_0056.jpg 900w\" data-src=\"https:\/\/infonewss.com\/wp-content\/uploads\/2023\/08\/Francisco-Macedo-vence-Caldeirao-Grande-por-2-a-1-na-II-Copa-AMVI-IMG_0056-300x200.jpg\" data-sizes=\"(max-width: 300px) 100vw, 300px\" \/><\/a><\/div>\n<\/figure>\n<figure class=\"gallery-item\">\n<div class=\"gallery-icon landscape\"><a href=\"https:\/\/infonewss.com\/wp-content\/uploads\/2023\/08\/Francisco-Macedo-vence-Caldeirao-Grande-por-2-a-1-na-II-Copa-AMVI-IMG_0057.jpg\"><img loading=\"lazy\" decoding=\"async\" class=\"attachment-medium size-medium lazyload\" src=\"data:image\/gif;base64,R0lGODlhAQABAAAAACH5BAEKAAEALAAAAAABAAEAAAICTAEAOw==\" alt=\"\" width=\"300\" height=\"200\" data-srcset=\"https:\/\/infonewss.com\/wp-content\/uploads\/2023\/08\/Francisco-Macedo-vence-Caldeirao-Grande-por-2-a-1-na-II-Copa-AMVI-IMG_0057-300x200.jpg 300w, https:\/\/infonewss.com\/wp-content\/uploads\/2023\/08\/Francisco-Macedo-vence-Caldeirao-Grande-por-2-a-1-na-II-Copa-AMVI-IMG_0057-768x512.jpg 768w, https:\/\/infonewss.com\/wp-content\/uploads\/2023\/08\/Francisco-Macedo-vence-Caldeirao-Grande-por-2-a-1-na-II-Copa-AMVI-IMG_0057-150x100.jpg 150w, https:\/\/infonewss.com\/wp-content\/uploads\/2023\/08\/Francisco-Macedo-vence-Caldeirao-Grande-por-2-a-1-na-II-Copa-AMVI-IMG_0057-696x464.jpg 696w, https:\/\/infonewss.com\/wp-content\/uploads\/2023\/08\/Francisco-Macedo-vence-Caldeirao-Grande-por-2-a-1-na-II-Copa-AMVI-IMG_0057.jpg 900w\" data-src=\"https:\/\/infonewss.com\/wp-content\/uploads\/2023\/08\/Francisco-Macedo-vence-Caldeirao-Grande-por-2-a-1-na-II-Copa-AMVI-IMG_0057-300x200.jpg\" data-sizes=\"(max-width: 300px) 100vw, 300px\" \/><\/a><\/div>\n<\/figure>\n<figure class=\"gallery-item\">\n<div class=\"gallery-icon landscape\"><a href=\"https:\/\/infonewss.com\/wp-content\/uploads\/2023\/08\/Francisco-Macedo-vence-Caldeirao-Grande-por-2-a-1-na-II-Copa-AMVI-IMG_0059.jpg\"><img loading=\"lazy\" decoding=\"async\" class=\"attachment-medium size-medium lazyload\" src=\"data:image\/gif;base64,R0lGODlhAQABAAAAACH5BAEKAAEALAAAAAABAAEAAAICTAEAOw==\" alt=\"\" width=\"300\" height=\"200\" data-srcset=\"https:\/\/infonewss.com\/wp-content\/uploads\/2023\/08\/Francisco-Macedo-vence-Caldeirao-Grande-por-2-a-1-na-II-Copa-AMVI-IMG_0059-300x200.jpg 300w, https:\/\/infonewss.com\/wp-content\/uploads\/2023\/08\/Francisco-Macedo-vence-Caldeirao-Grande-por-2-a-1-na-II-Copa-AMVI-IMG_0059-768x512.jpg 768w, https:\/\/infonewss.com\/wp-content\/uploads\/2023\/08\/Francisco-Macedo-vence-Caldeirao-Grande-por-2-a-1-na-II-Copa-AMVI-IMG_0059-150x100.jpg 150w, https:\/\/infonewss.com\/wp-content\/uploads\/2023\/08\/Francisco-Macedo-vence-Caldeirao-Grande-por-2-a-1-na-II-Copa-AMVI-IMG_0059-696x464.jpg 696w, https:\/\/infonewss.com\/wp-content\/uploads\/2023\/08\/Francisco-Macedo-vence-Caldeirao-Grande-por-2-a-1-na-II-Copa-AMVI-IMG_0059.jpg 900w\" data-src=\"https:\/\/infonewss.com\/wp-content\/uploads\/2023\/08\/Francisco-Macedo-vence-Caldeirao-Grande-por-2-a-1-na-II-Copa-AMVI-IMG_0059-300x200.jpg\" data-sizes=\"(max-width: 300px) 100vw, 300px\" \/><\/a><\/div>\n<\/figure>\n<figure class=\"gallery-item\">\n<div class=\"gallery-icon landscape\"><a href=\"https:\/\/infonewss.com\/wp-content\/uploads\/2023\/08\/Francisco-Macedo-vence-Caldeirao-Grande-por-2-a-1-na-II-Copa-AMVI-IMG_0060.jpg\"><img loading=\"lazy\" decoding=\"async\" class=\"attachment-medium size-medium lazyload\" src=\"data:image\/gif;base64,R0lGODlhAQABAAAAACH5BAEKAAEALAAAAAABAAEAAAICTAEAOw==\" alt=\"\" width=\"300\" height=\"200\" data-srcset=\"https:\/\/infonewss.com\/wp-content\/uploads\/2023\/08\/Francisco-Macedo-vence-Caldeirao-Grande-por-2-a-1-na-II-Copa-AMVI-IMG_0060-300x200.jpg 300w, https:\/\/infonewss.com\/wp-content\/uploads\/2023\/08\/Francisco-Macedo-vence-Caldeirao-Grande-por-2-a-1-na-II-Copa-AMVI-IMG_0060-768x512.jpg 768w, https:\/\/infonewss.com\/wp-content\/uploads\/2023\/08\/Francisco-Macedo-vence-Caldeirao-Grande-por-2-a-1-na-II-Copa-AMVI-IMG_0060-150x100.jpg 150w, https:\/\/infonewss.com\/wp-content\/uploads\/2023\/08\/Francisco-Macedo-vence-Caldeirao-Grande-por-2-a-1-na-II-Copa-AMVI-IMG_0060-696x464.jpg 696w, https:\/\/infonewss.com\/wp-content\/uploads\/2023\/08\/Francisco-Macedo-vence-Caldeirao-Grande-por-2-a-1-na-II-Copa-AMVI-IMG_0060.jpg 900w\" data-src=\"https:\/\/infonewss.com\/wp-content\/uploads\/2023\/08\/Francisco-Macedo-vence-Caldeirao-Grande-por-2-a-1-na-II-Copa-AMVI-IMG_0060-300x200.jpg\" data-sizes=\"(max-width: 300px) 100vw, 300px\" \/><\/a><\/div>\n<\/figure>\n<figure class=\"gallery-item\">\n<div class=\"gallery-icon landscape\"><a href=\"https:\/\/infonewss.com\/wp-content\/uploads\/2023\/08\/Francisco-Macedo-vence-Caldeirao-Grande-por-2-a-1-na-II-Copa-AMVI-IMG_0061.jpg\"><img loading=\"lazy\" decoding=\"async\" class=\"attachment-medium size-medium lazyload\" src=\"data:image\/gif;base64,R0lGODlhAQABAAAAACH5BAEKAAEALAAAAAABAAEAAAICTAEAOw==\" alt=\"\" width=\"300\" height=\"200\" data-srcset=\"https:\/\/infonewss.com\/wp-content\/uploads\/2023\/08\/Francisco-Macedo-vence-Caldeirao-Grande-por-2-a-1-na-II-Copa-AMVI-IMG_0061-300x200.jpg 300w, https:\/\/infonewss.com\/wp-content\/uploads\/2023\/08\/Francisco-Macedo-vence-Caldeirao-Grande-por-2-a-1-na-II-Copa-AMVI-IMG_0061-768x512.jpg 768w, https:\/\/infonewss.com\/wp-content\/uploads\/2023\/08\/Francisco-Macedo-vence-Caldeirao-Grande-por-2-a-1-na-II-Copa-AMVI-IMG_0061-150x100.jpg 150w, https:\/\/infonewss.com\/wp-content\/uploads\/2023\/08\/Francisco-Macedo-vence-Caldeirao-Grande-por-2-a-1-na-II-Copa-AMVI-IMG_0061-696x464.jpg 696w, https:\/\/infonewss.com\/wp-content\/uploads\/2023\/08\/Francisco-Macedo-vence-Caldeirao-Grande-por-2-a-1-na-II-Copa-AMVI-IMG_0061.jpg 900w\" data-src=\"https:\/\/infonewss.com\/wp-content\/uploads\/2023\/08\/Francisco-Macedo-vence-Caldeirao-Grande-por-2-a-1-na-II-Copa-AMVI-IMG_0061-300x200.jpg\" data-sizes=\"(max-width: 300px) 100vw, 300px\" \/><\/a><\/div>\n<\/figure>\n<figure class=\"gallery-item\">\n<div class=\"gallery-icon portrait\"><a href=\"https:\/\/infonewss.com\/wp-content\/uploads\/2023\/08\/Francisco-Macedo-vence-Caldeirao-Grande-por-2-a-1-na-II-Copa-AMVI-IMG_0062.jpg\"><img loading=\"lazy\" decoding=\"async\" class=\"attachment-medium size-medium lazyload\" src=\"data:image\/gif;base64,R0lGODlhAQABAAAAACH5BAEKAAEALAAAAAABAAEAAAICTAEAOw==\" alt=\"\" width=\"200\" height=\"300\" data-srcset=\"https:\/\/infonewss.com\/wp-content\/uploads\/2023\/08\/Francisco-Macedo-vence-Caldeirao-Grande-por-2-a-1-na-II-Copa-AMVI-IMG_0062-200x300.jpg 200w, https:\/\/infonewss.com\/wp-content\/uploads\/2023\/08\/Francisco-Macedo-vence-Caldeirao-Grande-por-2-a-1-na-II-Copa-AMVI-IMG_0062-683x1024.jpg 683w, https:\/\/infonewss.com\/wp-content\/uploads\/2023\/08\/Francisco-Macedo-vence-Caldeirao-Grande-por-2-a-1-na-II-Copa-AMVI-IMG_0062-768x1152.jpg 768w, https:\/\/infonewss.com\/wp-content\/uploads\/2023\/08\/Francisco-Macedo-vence-Caldeirao-Grande-por-2-a-1-na-II-Copa-AMVI-IMG_0062-150x225.jpg 150w, https:\/\/infonewss.com\/wp-content\/uploads\/2023\/08\/Francisco-Macedo-vence-Caldeirao-Grande-por-2-a-1-na-II-Copa-AMVI-IMG_0062-300x450.jpg 300w, https:\/\/infonewss.com\/wp-content\/uploads\/2023\/08\/Francisco-Macedo-vence-Caldeirao-Grande-por-2-a-1-na-II-Copa-AMVI-IMG_0062-696x1044.jpg 696w, https:\/\/infonewss.com\/wp-content\/uploads\/2023\/08\/Francisco-Macedo-vence-Caldeirao-Grande-por-2-a-1-na-II-Copa-AMVI-IMG_0062.jpg 900w\" data-src=\"https:\/\/infonewss.com\/wp-content\/uploads\/2023\/08\/Francisco-Macedo-vence-Caldeirao-Grande-por-2-a-1-na-II-Copa-AMVI-IMG_0062-200x300.jpg\" data-sizes=\"(max-width: 200px) 100vw, 200px\" \/><\/a><\/div>\n<\/figure>\n<figure class=\"gallery-item\">\n<div class=\"gallery-icon landscape\"><a href=\"https:\/\/infonewss.com\/wp-content\/uploads\/2023\/08\/Francisco-Macedo-vence-Caldeirao-Grande-por-2-a-1-na-II-Copa-AMVI-IMG_0064.jpg\"><img loading=\"lazy\" decoding=\"async\" class=\"attachment-medium size-medium lazyload\" src=\"data:image\/gif;base64,R0lGODlhAQABAAAAACH5BAEKAAEALAAAAAABAAEAAAICTAEAOw==\" alt=\"\" width=\"300\" height=\"200\" data-srcset=\"https:\/\/infonewss.com\/wp-content\/uploads\/2023\/08\/Francisco-Macedo-vence-Caldeirao-Grande-por-2-a-1-na-II-Copa-AMVI-IMG_0064-300x200.jpg 300w, https:\/\/infonewss.com\/wp-content\/uploads\/2023\/08\/Francisco-Macedo-vence-Caldeirao-Grande-por-2-a-1-na-II-Copa-AMVI-IMG_0064-768x512.jpg 768w, https:\/\/infonewss.com\/wp-content\/uploads\/2023\/08\/Francisco-Macedo-vence-Caldeirao-Grande-por-2-a-1-na-II-Copa-AMVI-IMG_0064-150x100.jpg 150w, https:\/\/infonewss.com\/wp-content\/uploads\/2023\/08\/Francisco-Macedo-vence-Caldeirao-Grande-por-2-a-1-na-II-Copa-AMVI-IMG_0064-696x464.jpg 696w, https:\/\/infonewss.com\/wp-content\/uploads\/2023\/08\/Francisco-Macedo-vence-Caldeirao-Grande-por-2-a-1-na-II-Copa-AMVI-IMG_0064.jpg 900w\" data-src=\"https:\/\/infonewss.com\/wp-content\/uploads\/2023\/08\/Francisco-Macedo-vence-Caldeirao-Grande-por-2-a-1-na-II-Copa-AMVI-IMG_0064-300x200.jpg\" data-sizes=\"(max-width: 300px) 100vw, 300px\" \/><\/a><\/div>\n<\/figure>\n<figure class=\"gallery-item\">\n<div class=\"gallery-icon landscape\"><a href=\"https:\/\/infonewss.com\/wp-content\/uploads\/2023\/08\/Francisco-Macedo-vence-Caldeirao-Grande-por-2-a-1-na-II-Copa-AMVI-IMG_0065.jpg\"><img loading=\"lazy\" decoding=\"async\" class=\"attachment-medium size-medium lazyload\" src=\"data:image\/gif;base64,R0lGODlhAQABAAAAACH5BAEKAAEALAAAAAABAAEAAAICTAEAOw==\" alt=\"\" width=\"300\" height=\"200\" data-srcset=\"https:\/\/infonewss.com\/wp-content\/uploads\/2023\/08\/Francisco-Macedo-vence-Caldeirao-Grande-por-2-a-1-na-II-Copa-AMVI-IMG_0065-300x200.jpg 300w, https:\/\/infonewss.com\/wp-content\/uploads\/2023\/08\/Francisco-Macedo-vence-Caldeirao-Grande-por-2-a-1-na-II-Copa-AMVI-IMG_0065-768x512.jpg 768w, https:\/\/infonewss.com\/wp-content\/uploads\/2023\/08\/Francisco-Macedo-vence-Caldeirao-Grande-por-2-a-1-na-II-Copa-AMVI-IMG_0065-150x100.jpg 150w, https:\/\/infonewss.com\/wp-content\/uploads\/2023\/08\/Francisco-Macedo-vence-Caldeirao-Grande-por-2-a-1-na-II-Copa-AMVI-IMG_0065-696x464.jpg 696w, https:\/\/infonewss.com\/wp-content\/uploads\/2023\/08\/Francisco-Macedo-vence-Caldeirao-Grande-por-2-a-1-na-II-Copa-AMVI-IMG_0065.jpg 900w\" data-src=\"https:\/\/infonewss.com\/wp-content\/uploads\/2023\/08\/Francisco-Macedo-vence-Caldeirao-Grande-por-2-a-1-na-II-Copa-AMVI-IMG_0065-300x200.jpg\" data-sizes=\"(max-width: 300px) 100vw, 300px\" \/><\/a><\/div>\n<\/figure>\n<figure class=\"gallery-item\">\n<div class=\"gallery-icon landscape\"><a href=\"https:\/\/infonewss.com\/wp-content\/uploads\/2023\/08\/Francisco-Macedo-vence-Caldeirao-Grande-por-2-a-1-na-II-Copa-AMVI-IMG_0066.jpg\"><img loading=\"lazy\" decoding=\"async\" class=\"attachment-medium size-medium lazyload\" src=\"data:image\/gif;base64,R0lGODlhAQABAAAAACH5BAEKAAEALAAAAAABAAEAAAICTAEAOw==\" alt=\"\" width=\"300\" height=\"200\" data-srcset=\"https:\/\/infonewss.com\/wp-content\/uploads\/2023\/08\/Francisco-Macedo-vence-Caldeirao-Grande-por-2-a-1-na-II-Copa-AMVI-IMG_0066-300x200.jpg 300w, https:\/\/infonewss.com\/wp-content\/uploads\/2023\/08\/Francisco-Macedo-vence-Caldeirao-Grande-por-2-a-1-na-II-Copa-AMVI-IMG_0066-768x512.jpg 768w, https:\/\/infonewss.com\/wp-content\/uploads\/2023\/08\/Francisco-Macedo-vence-Caldeirao-Grande-por-2-a-1-na-II-Copa-AMVI-IMG_0066-150x100.jpg 150w, https:\/\/infonewss.com\/wp-content\/uploads\/2023\/08\/Francisco-Macedo-vence-Caldeirao-Grande-por-2-a-1-na-II-Copa-AMVI-IMG_0066-696x464.jpg 696w, https:\/\/infonewss.com\/wp-content\/uploads\/2023\/08\/Francisco-Macedo-vence-Caldeirao-Grande-por-2-a-1-na-II-Copa-AMVI-IMG_0066.jpg 900w\" data-src=\"https:\/\/infonewss.com\/wp-content\/uploads\/2023\/08\/Francisco-Macedo-vence-Caldeirao-Grande-por-2-a-1-na-II-Copa-AMVI-IMG_0066-300x200.jpg\" data-sizes=\"(max-width: 300px) 100vw, 300px\" \/><\/a><\/div>\n<\/figure>\n<figure class=\"gallery-item\">\n<div class=\"gallery-icon landscape\"><a href=\"https:\/\/infonewss.com\/wp-content\/uploads\/2023\/08\/Francisco-Macedo-vence-Caldeirao-Grande-por-2-a-1-na-II-Copa-AMVI-IMG_0067.jpg\"><img loading=\"lazy\" decoding=\"async\" class=\"attachment-medium size-medium lazyload\" src=\"data:image\/gif;base64,R0lGODlhAQABAAAAACH5BAEKAAEALAAAAAABAAEAAAICTAEAOw==\" alt=\"\" width=\"300\" height=\"200\" data-srcset=\"https:\/\/infonewss.com\/wp-content\/uploads\/2023\/08\/Francisco-Macedo-vence-Caldeirao-Grande-por-2-a-1-na-II-Copa-AMVI-IMG_0067-300x200.jpg 300w, https:\/\/infonewss.com\/wp-content\/uploads\/2023\/08\/Francisco-Macedo-vence-Caldeirao-Grande-por-2-a-1-na-II-Copa-AMVI-IMG_0067-768x512.jpg 768w, https:\/\/infonewss.com\/wp-content\/uploads\/2023\/08\/Francisco-Macedo-vence-Caldeirao-Grande-por-2-a-1-na-II-Copa-AMVI-IMG_0067-150x100.jpg 150w, https:\/\/infonewss.com\/wp-content\/uploads\/2023\/08\/Francisco-Macedo-vence-Caldeirao-Grande-por-2-a-1-na-II-Copa-AMVI-IMG_0067-696x464.jpg 696w, https:\/\/infonewss.com\/wp-content\/uploads\/2023\/08\/Francisco-Macedo-vence-Caldeirao-Grande-por-2-a-1-na-II-Copa-AMVI-IMG_0067.jpg 900w\" data-src=\"https:\/\/infonewss.com\/wp-content\/uploads\/2023\/08\/Francisco-Macedo-vence-Caldeirao-Grande-por-2-a-1-na-II-Copa-AMVI-IMG_0067-300x200.jpg\" data-sizes=\"(max-width: 300px) 100vw, 300px\" \/><\/a><\/div>\n<\/figure>\n<figure class=\"gallery-item\">\n<div class=\"gallery-icon portrait\"><a href=\"https:\/\/infonewss.com\/wp-content\/uploads\/2023\/08\/Francisco-Macedo-vence-Caldeirao-Grande-por-2-a-1-na-II-Copa-AMVI-IMG_0068.jpg\"><img loading=\"lazy\" decoding=\"async\" class=\"attachment-medium size-medium lazyload\" src=\"data:image\/gif;base64,R0lGODlhAQABAAAAACH5BAEKAAEALAAAAAABAAEAAAICTAEAOw==\" alt=\"\" width=\"200\" height=\"300\" data-srcset=\"https:\/\/infonewss.com\/wp-content\/uploads\/2023\/08\/Francisco-Macedo-vence-Caldeirao-Grande-por-2-a-1-na-II-Copa-AMVI-IMG_0068-200x300.jpg 200w, https:\/\/infonewss.com\/wp-content\/uploads\/2023\/08\/Francisco-Macedo-vence-Caldeirao-Grande-por-2-a-1-na-II-Copa-AMVI-IMG_0068-683x1024.jpg 683w, https:\/\/infonewss.com\/wp-content\/uploads\/2023\/08\/Francisco-Macedo-vence-Caldeirao-Grande-por-2-a-1-na-II-Copa-AMVI-IMG_0068-768x1152.jpg 768w, https:\/\/infonewss.com\/wp-content\/uploads\/2023\/08\/Francisco-Macedo-vence-Caldeirao-Grande-por-2-a-1-na-II-Copa-AMVI-IMG_0068-150x225.jpg 150w, https:\/\/infonewss.com\/wp-content\/uploads\/2023\/08\/Francisco-Macedo-vence-Caldeirao-Grande-por-2-a-1-na-II-Copa-AMVI-IMG_0068-300x450.jpg 300w, https:\/\/infonewss.com\/wp-content\/uploads\/2023\/08\/Francisco-Macedo-vence-Caldeirao-Grande-por-2-a-1-na-II-Copa-AMVI-IMG_0068-696x1044.jpg 696w, https:\/\/infonewss.com\/wp-content\/uploads\/2023\/08\/Francisco-Macedo-vence-Caldeirao-Grande-por-2-a-1-na-II-Copa-AMVI-IMG_0068.jpg 900w\" data-src=\"https:\/\/infonewss.com\/wp-content\/uploads\/2023\/08\/Francisco-Macedo-vence-Caldeirao-Grande-por-2-a-1-na-II-Copa-AMVI-IMG_0068-200x300.jpg\" data-sizes=\"(max-width: 200px) 100vw, 200px\" \/><\/a><\/div>\n<\/figure>\n<figure class=\"gallery-item\">\n<div class=\"gallery-icon landscape\"><a href=\"https:\/\/infonewss.com\/wp-content\/uploads\/2023\/08\/Francisco-Macedo-vence-Caldeirao-Grande-por-2-a-1-na-II-Copa-AMVI-IMG_0070.jpg\"><img loading=\"lazy\" decoding=\"async\" class=\"attachment-medium size-medium lazyload\" src=\"data:image\/gif;base64,R0lGODlhAQABAAAAACH5BAEKAAEALAAAAAABAAEAAAICTAEAOw==\" alt=\"\" width=\"300\" height=\"200\" data-srcset=\"https:\/\/infonewss.com\/wp-content\/uploads\/2023\/08\/Francisco-Macedo-vence-Caldeirao-Grande-por-2-a-1-na-II-Copa-AMVI-IMG_0070-300x200.jpg 300w, https:\/\/infonewss.com\/wp-content\/uploads\/2023\/08\/Francisco-Macedo-vence-Caldeirao-Grande-por-2-a-1-na-II-Copa-AMVI-IMG_0070-768x512.jpg 768w, https:\/\/infonewss.com\/wp-content\/uploads\/2023\/08\/Francisco-Macedo-vence-Caldeirao-Grande-por-2-a-1-na-II-Copa-AMVI-IMG_0070-150x100.jpg 150w, https:\/\/infonewss.com\/wp-content\/uploads\/2023\/08\/Francisco-Macedo-vence-Caldeirao-Grande-por-2-a-1-na-II-Copa-AMVI-IMG_0070-696x464.jpg 696w, https:\/\/infonewss.com\/wp-content\/uploads\/2023\/08\/Francisco-Macedo-vence-Caldeirao-Grande-por-2-a-1-na-II-Copa-AMVI-IMG_0070.jpg 900w\" data-src=\"https:\/\/infonewss.com\/wp-content\/uploads\/2023\/08\/Francisco-Macedo-vence-Caldeirao-Grande-por-2-a-1-na-II-Copa-AMVI-IMG_0070-300x200.jpg\" data-sizes=\"(max-width: 300px) 100vw, 300px\" \/><\/a><\/div>\n<\/figure>\n<figure class=\"gallery-item\">\n<div class=\"gallery-icon landscape\"><a href=\"https:\/\/infonewss.com\/wp-content\/uploads\/2023\/08\/Francisco-Macedo-vence-Caldeirao-Grande-por-2-a-1-na-II-Copa-AMVI-IMG_0072.jpg\"><img loading=\"lazy\" decoding=\"async\" class=\"attachment-medium size-medium lazyload\" src=\"data:image\/gif;base64,R0lGODlhAQABAAAAACH5BAEKAAEALAAAAAABAAEAAAICTAEAOw==\" alt=\"\" width=\"300\" height=\"200\" data-srcset=\"https:\/\/infonewss.com\/wp-content\/uploads\/2023\/08\/Francisco-Macedo-vence-Caldeirao-Grande-por-2-a-1-na-II-Copa-AMVI-IMG_0072-300x200.jpg 300w, https:\/\/infonewss.com\/wp-content\/uploads\/2023\/08\/Francisco-Macedo-vence-Caldeirao-Grande-por-2-a-1-na-II-Copa-AMVI-IMG_0072-768x512.jpg 768w, https:\/\/infonewss.com\/wp-content\/uploads\/2023\/08\/Francisco-Macedo-vence-Caldeirao-Grande-por-2-a-1-na-II-Copa-AMVI-IMG_0072-150x100.jpg 150w, https:\/\/infonewss.com\/wp-content\/uploads\/2023\/08\/Francisco-Macedo-vence-Caldeirao-Grande-por-2-a-1-na-II-Copa-AMVI-IMG_0072-696x464.jpg 696w, https:\/\/infonewss.com\/wp-content\/uploads\/2023\/08\/Francisco-Macedo-vence-Caldeirao-Grande-por-2-a-1-na-II-Copa-AMVI-IMG_0072.jpg 900w\" data-src=\"https:\/\/infonewss.com\/wp-content\/uploads\/2023\/08\/Francisco-Macedo-vence-Caldeirao-Grande-por-2-a-1-na-II-Copa-AMVI-IMG_0072-300x200.jpg\" data-sizes=\"(max-width: 300px) 100vw, 300px\" \/><\/a><\/div>\n<\/figure>\n<figure class=\"gallery-item\">\n<div class=\"gallery-icon landscape\"><a href=\"https:\/\/infonewss.com\/wp-content\/uploads\/2023\/08\/Francisco-Macedo-vence-Caldeirao-Grande-por-2-a-1-na-II-Copa-AMVI-IMG_0073.jpg\"><img loading=\"lazy\" decoding=\"async\" class=\"attachment-medium size-medium lazyload\" src=\"data:image\/gif;base64,R0lGODlhAQABAAAAACH5BAEKAAEALAAAAAABAAEAAAICTAEAOw==\" alt=\"\" width=\"300\" height=\"200\" data-srcset=\"https:\/\/infonewss.com\/wp-content\/uploads\/2023\/08\/Francisco-Macedo-vence-Caldeirao-Grande-por-2-a-1-na-II-Copa-AMVI-IMG_0073-300x200.jpg 300w, https:\/\/infonewss.com\/wp-content\/uploads\/2023\/08\/Francisco-Macedo-vence-Caldeirao-Grande-por-2-a-1-na-II-Copa-AMVI-IMG_0073-768x512.jpg 768w, https:\/\/infonewss.com\/wp-content\/uploads\/2023\/08\/Francisco-Macedo-vence-Caldeirao-Grande-por-2-a-1-na-II-Copa-AMVI-IMG_0073-150x100.jpg 150w, https:\/\/infonewss.com\/wp-content\/uploads\/2023\/08\/Francisco-Macedo-vence-Caldeirao-Grande-por-2-a-1-na-II-Copa-AMVI-IMG_0073-696x464.jpg 696w, https:\/\/infonewss.com\/wp-content\/uploads\/2023\/08\/Francisco-Macedo-vence-Caldeirao-Grande-por-2-a-1-na-II-Copa-AMVI-IMG_0073.jpg 900w\" data-src=\"https:\/\/infonewss.com\/wp-content\/uploads\/2023\/08\/Francisco-Macedo-vence-Caldeirao-Grande-por-2-a-1-na-II-Copa-AMVI-IMG_0073-300x200.jpg\" data-sizes=\"(max-width: 300px) 100vw, 300px\" \/><\/a><\/div>\n<\/figure>\n<figure class=\"gallery-item\">\n<div class=\"gallery-icon landscape\"><a href=\"https:\/\/infonewss.com\/wp-content\/uploads\/2023\/08\/Francisco-Macedo-vence-Caldeirao-Grande-por-2-a-1-na-II-Copa-AMVI-IMG_0074.jpg\"><img loading=\"lazy\" decoding=\"async\" class=\"attachment-medium size-medium lazyload\" src=\"data:image\/gif;base64,R0lGODlhAQABAAAAACH5BAEKAAEALAAAAAABAAEAAAICTAEAOw==\" alt=\"\" width=\"300\" height=\"200\" data-srcset=\"https:\/\/infonewss.com\/wp-content\/uploads\/2023\/08\/Francisco-Macedo-vence-Caldeirao-Grande-por-2-a-1-na-II-Copa-AMVI-IMG_0074-300x200.jpg 300w, https:\/\/infonewss.com\/wp-content\/uploads\/2023\/08\/Francisco-Macedo-vence-Caldeirao-Grande-por-2-a-1-na-II-Copa-AMVI-IMG_0074-768x512.jpg 768w, https:\/\/infonewss.com\/wp-content\/uploads\/2023\/08\/Francisco-Macedo-vence-Caldeirao-Grande-por-2-a-1-na-II-Copa-AMVI-IMG_0074-150x100.jpg 150w, https:\/\/infonewss.com\/wp-content\/uploads\/2023\/08\/Francisco-Macedo-vence-Caldeirao-Grande-por-2-a-1-na-II-Copa-AMVI-IMG_0074-696x464.jpg 696w, https:\/\/infonewss.com\/wp-content\/uploads\/2023\/08\/Francisco-Macedo-vence-Caldeirao-Grande-por-2-a-1-na-II-Copa-AMVI-IMG_0074.jpg 900w\" data-src=\"https:\/\/infonewss.com\/wp-content\/uploads\/2023\/08\/Francisco-Macedo-vence-Caldeirao-Grande-por-2-a-1-na-II-Copa-AMVI-IMG_0074-300x200.jpg\" data-sizes=\"(max-width: 300px) 100vw, 300px\" \/><\/a><\/div>\n<\/figure>\n<figure class=\"gallery-item\">\n<div class=\"gallery-icon landscape\"><a href=\"https:\/\/infonewss.com\/wp-content\/uploads\/2023\/08\/Francisco-Macedo-vence-Caldeirao-Grande-por-2-a-1-na-II-Copa-AMVI-IMG_0075.jpg\"><img loading=\"lazy\" decoding=\"async\" class=\"attachment-medium size-medium lazyload\" src=\"data:image\/gif;base64,R0lGODlhAQABAAAAACH5BAEKAAEALAAAAAABAAEAAAICTAEAOw==\" alt=\"\" width=\"300\" height=\"200\" data-srcset=\"https:\/\/infonewss.com\/wp-content\/uploads\/2023\/08\/Francisco-Macedo-vence-Caldeirao-Grande-por-2-a-1-na-II-Copa-AMVI-IMG_0075-300x200.jpg 300w, https:\/\/infonewss.com\/wp-content\/uploads\/2023\/08\/Francisco-Macedo-vence-Caldeirao-Grande-por-2-a-1-na-II-Copa-AMVI-IMG_0075-768x512.jpg 768w, https:\/\/infonewss.com\/wp-content\/uploads\/2023\/08\/Francisco-Macedo-vence-Caldeirao-Grande-por-2-a-1-na-II-Copa-AMVI-IMG_0075-150x100.jpg 150w, https:\/\/infonewss.com\/wp-content\/uploads\/2023\/08\/Francisco-Macedo-vence-Caldeirao-Grande-por-2-a-1-na-II-Copa-AMVI-IMG_0075-696x464.jpg 696w, https:\/\/infonewss.com\/wp-content\/uploads\/2023\/08\/Francisco-Macedo-vence-Caldeirao-Grande-por-2-a-1-na-II-Copa-AMVI-IMG_0075.jpg 900w\" data-src=\"https:\/\/infonewss.com\/wp-content\/uploads\/2023\/08\/Francisco-Macedo-vence-Caldeirao-Grande-por-2-a-1-na-II-Copa-AMVI-IMG_0075-300x200.jpg\" data-sizes=\"(max-width: 300px) 100vw, 300px\" \/><\/a><\/div>\n<\/figure>\n<figure class=\"gallery-item\">\n<div class=\"gallery-icon landscape\"><a href=\"https:\/\/infonewss.com\/wp-content\/uploads\/2023\/08\/Francisco-Macedo-vence-Caldeirao-Grande-por-2-a-1-na-II-Copa-AMVI-IMG_0076.jpg\"><img loading=\"lazy\" decoding=\"async\" class=\"attachment-medium size-medium lazyloaded\" src=\"https:\/\/infonewss.com\/wp-content\/uploads\/2023\/08\/Francisco-Macedo-vence-Caldeirao-Grande-por-2-a-1-na-II-Copa-AMVI-IMG_0076-300x200.jpg\" sizes=\"(max-width: 300px) 100vw, 300px\" srcset=\"https:\/\/infonewss.com\/wp-content\/uploads\/2023\/08\/Francisco-Macedo-vence-Caldeirao-Grande-por-2-a-1-na-II-Copa-AMVI-IMG_0076-300x200.jpg 300w, https:\/\/infonewss.com\/wp-content\/uploads\/2023\/08\/Francisco-Macedo-vence-Caldeirao-Grande-por-2-a-1-na-II-Copa-AMVI-IMG_0076-768x512.jpg 768w, https:\/\/infonewss.com\/wp-content\/uploads\/2023\/08\/Francisco-Macedo-vence-Caldeirao-Grande-por-2-a-1-na-II-Copa-AMVI-IMG_0076-150x100.jpg 150w, https:\/\/infonewss.com\/wp-content\/uploads\/2023\/08\/Francisco-Macedo-vence-Caldeirao-Grande-por-2-a-1-na-II-Copa-AMVI-IMG_0076-696x464.jpg 696w, https:\/\/infonewss.com\/wp-content\/uploads\/2023\/08\/Francisco-Macedo-vence-Caldeirao-Grande-por-2-a-1-na-II-Copa-AMVI-IMG_0076.jpg 900w\" alt=\"\" width=\"300\" height=\"200\" data-srcset=\"https:\/\/infonewss.com\/wp-content\/uploads\/2023\/08\/Francisco-Macedo-vence-Caldeirao-Grande-por-2-a-1-na-II-Copa-AMVI-IMG_0076-300x200.jpg 300w, https:\/\/infonewss.com\/wp-content\/uploads\/2023\/08\/Francisco-Macedo-vence-Caldeirao-Grande-por-2-a-1-na-II-Copa-AMVI-IMG_0076-768x512.jpg 768w, https:\/\/infonewss.com\/wp-content\/uploads\/2023\/08\/Francisco-Macedo-vence-Caldeirao-Grande-por-2-a-1-na-II-Copa-AMVI-IMG_0076-150x100.jpg 150w, https:\/\/infonewss.com\/wp-content\/uploads\/2023\/08\/Francisco-Macedo-vence-Caldeirao-Grande-por-2-a-1-na-II-Copa-AMVI-IMG_0076-696x464.jpg 696w, https:\/\/infonewss.com\/wp-content\/uploads\/2023\/08\/Francisco-Macedo-vence-Caldeirao-Grande-por-2-a-1-na-II-Copa-AMVI-IMG_0076.jpg 900w\" data-src=\"https:\/\/infonewss.com\/wp-content\/uploads\/2023\/08\/Francisco-Macedo-vence-Caldeirao-Grande-por-2-a-1-na-II-Copa-AMVI-IMG_0076-300x200.jpg\" data-sizes=\"(max-width: 300px) 100vw, 300px\" \/><\/a><\/div>\n<\/figure>\n<figure class=\"gallery-item\">\n<div class=\"gallery-icon landscape\"><a href=\"https:\/\/infonewss.com\/wp-content\/uploads\/2023\/08\/Francisco-Macedo-vence-Caldeirao-Grande-por-2-a-1-na-II-Copa-AMVI-IMG_0077.jpg\"><img loading=\"lazy\" decoding=\"async\" class=\"attachment-medium size-medium lazyloaded\" src=\"https:\/\/infonewss.com\/wp-content\/uploads\/2023\/08\/Francisco-Macedo-vence-Caldeirao-Grande-por-2-a-1-na-II-Copa-AMVI-IMG_0077-300x200.jpg\" sizes=\"(max-width: 300px) 100vw, 300px\" srcset=\"https:\/\/infonewss.com\/wp-content\/uploads\/2023\/08\/Francisco-Macedo-vence-Caldeirao-Grande-por-2-a-1-na-II-Copa-AMVI-IMG_0077-300x200.jpg 300w, https:\/\/infonewss.com\/wp-content\/uploads\/2023\/08\/Francisco-Macedo-vence-Caldeirao-Grande-por-2-a-1-na-II-Copa-AMVI-IMG_0077-768x512.jpg 768w, https:\/\/infonewss.com\/wp-content\/uploads\/2023\/08\/Francisco-Macedo-vence-Caldeirao-Grande-por-2-a-1-na-II-Copa-AMVI-IMG_0077-150x100.jpg 150w, https:\/\/infonewss.com\/wp-content\/uploads\/2023\/08\/Francisco-Macedo-vence-Caldeirao-Grande-por-2-a-1-na-II-Copa-AMVI-IMG_0077-696x464.jpg 696w, https:\/\/infonewss.com\/wp-content\/uploads\/2023\/08\/Francisco-Macedo-vence-Caldeirao-Grande-por-2-a-1-na-II-Copa-AMVI-IMG_0077.jpg 900w\" alt=\"\" width=\"300\" height=\"200\" data-srcset=\"https:\/\/infonewss.com\/wp-content\/uploads\/2023\/08\/Francisco-Macedo-vence-Caldeirao-Grande-por-2-a-1-na-II-Copa-AMVI-IMG_0077-300x200.jpg 300w, https:\/\/infonewss.com\/wp-content\/uploads\/2023\/08\/Francisco-Macedo-vence-Caldeirao-Grande-por-2-a-1-na-II-Copa-AMVI-IMG_0077-768x512.jpg 768w, https:\/\/infonewss.com\/wp-content\/uploads\/2023\/08\/Francisco-Macedo-vence-Caldeirao-Grande-por-2-a-1-na-II-Copa-AMVI-IMG_0077-150x100.jpg 150w, https:\/\/infonewss.com\/wp-content\/uploads\/2023\/08\/Francisco-Macedo-vence-Caldeirao-Grande-por-2-a-1-na-II-Copa-AMVI-IMG_0077-696x464.jpg 696w, https:\/\/infonewss.com\/wp-content\/uploads\/2023\/08\/Francisco-Macedo-vence-Caldeirao-Grande-por-2-a-1-na-II-Copa-AMVI-IMG_0077.jpg 900w\" data-src=\"https:\/\/infonewss.com\/wp-content\/uploads\/2023\/08\/Francisco-Macedo-vence-Caldeirao-Grande-por-2-a-1-na-II-Copa-AMVI-IMG_0077-300x200.jpg\" data-sizes=\"(max-width: 300px) 100vw, 300px\" \/><\/a><\/div>\n<\/figure>\n<figure class=\"gallery-item\">\n<div class=\"gallery-icon landscape\"><a href=\"https:\/\/infonewss.com\/wp-content\/uploads\/2023\/08\/Francisco-Macedo-vence-Caldeirao-Grande-por-2-a-1-na-II-Copa-AMVI-IMG_0078.jpg\"><img loading=\"lazy\" decoding=\"async\" class=\"attachment-medium size-medium lazyloaded\" src=\"https:\/\/infonewss.com\/wp-content\/uploads\/2023\/08\/Francisco-Macedo-vence-Caldeirao-Grande-por-2-a-1-na-II-Copa-AMVI-IMG_0078-300x200.jpg\" sizes=\"(max-width: 300px) 100vw, 300px\" srcset=\"https:\/\/infonewss.com\/wp-content\/uploads\/2023\/08\/Francisco-Macedo-vence-Caldeirao-Grande-por-2-a-1-na-II-Copa-AMVI-IMG_0078-300x200.jpg 300w, https:\/\/infonewss.com\/wp-content\/uploads\/2023\/08\/Francisco-Macedo-vence-Caldeirao-Grande-por-2-a-1-na-II-Copa-AMVI-IMG_0078-768x512.jpg 768w, https:\/\/infonewss.com\/wp-content\/uploads\/2023\/08\/Francisco-Macedo-vence-Caldeirao-Grande-por-2-a-1-na-II-Copa-AMVI-IMG_0078-150x100.jpg 150w, https:\/\/infonewss.com\/wp-content\/uploads\/2023\/08\/Francisco-Macedo-vence-Caldeirao-Grande-por-2-a-1-na-II-Copa-AMVI-IMG_0078-696x464.jpg 696w, https:\/\/infonewss.com\/wp-content\/uploads\/2023\/08\/Francisco-Macedo-vence-Caldeirao-Grande-por-2-a-1-na-II-Copa-AMVI-IMG_0078.jpg 900w\" alt=\"\" width=\"300\" height=\"200\" data-srcset=\"https:\/\/infonewss.com\/wp-content\/uploads\/2023\/08\/Francisco-Macedo-vence-Caldeirao-Grande-por-2-a-1-na-II-Copa-AMVI-IMG_0078-300x200.jpg 300w, https:\/\/infonewss.com\/wp-content\/uploads\/2023\/08\/Francisco-Macedo-vence-Caldeirao-Grande-por-2-a-1-na-II-Copa-AMVI-IMG_0078-768x512.jpg 768w, https:\/\/infonewss.com\/wp-content\/uploads\/2023\/08\/Francisco-Macedo-vence-Caldeirao-Grande-por-2-a-1-na-II-Copa-AMVI-IMG_0078-150x100.jpg 150w, https:\/\/infonewss.com\/wp-content\/uploads\/2023\/08\/Francisco-Macedo-vence-Caldeirao-Grande-por-2-a-1-na-II-Copa-AMVI-IMG_0078-696x464.jpg 696w, https:\/\/infonewss.com\/wp-content\/uploads\/2023\/08\/Francisco-Macedo-vence-Caldeirao-Grande-por-2-a-1-na-II-Copa-AMVI-IMG_0078.jpg 900w\" data-src=\"https:\/\/infonewss.com\/wp-content\/uploads\/2023\/08\/Francisco-Macedo-vence-Caldeirao-Grande-por-2-a-1-na-II-Copa-AMVI-IMG_0078-300x200.jpg\" data-sizes=\"(max-width: 300px) 100vw, 300px\" \/><\/a><\/div>\n<\/figure>\n<figure class=\"gallery-item\">\n<div class=\"gallery-icon landscape\"><a href=\"https:\/\/infonewss.com\/wp-content\/uploads\/2023\/08\/Francisco-Macedo-vence-Caldeirao-Grande-por-2-a-1-na-II-Copa-AMVI-IMG_0079.jpg\"><img loading=\"lazy\" decoding=\"async\" class=\"attachment-medium size-medium lazyloaded\" src=\"https:\/\/infonewss.com\/wp-content\/uploads\/2023\/08\/Francisco-Macedo-vence-Caldeirao-Grande-por-2-a-1-na-II-Copa-AMVI-IMG_0079-300x200.jpg\" sizes=\"(max-width: 300px) 100vw, 300px\" srcset=\"https:\/\/infonewss.com\/wp-content\/uploads\/2023\/08\/Francisco-Macedo-vence-Caldeirao-Grande-por-2-a-1-na-II-Copa-AMVI-IMG_0079-300x200.jpg 300w, https:\/\/infonewss.com\/wp-content\/uploads\/2023\/08\/Francisco-Macedo-vence-Caldeirao-Grande-por-2-a-1-na-II-Copa-AMVI-IMG_0079-768x512.jpg 768w, https:\/\/infonewss.com\/wp-content\/uploads\/2023\/08\/Francisco-Macedo-vence-Caldeirao-Grande-por-2-a-1-na-II-Copa-AMVI-IMG_0079-150x100.jpg 150w, https:\/\/infonewss.com\/wp-content\/uploads\/2023\/08\/Francisco-Macedo-vence-Caldeirao-Grande-por-2-a-1-na-II-Copa-AMVI-IMG_0079-696x464.jpg 696w, https:\/\/infonewss.com\/wp-content\/uploads\/2023\/08\/Francisco-Macedo-vence-Caldeirao-Grande-por-2-a-1-na-II-Copa-AMVI-IMG_0079.jpg 900w\" alt=\"\" width=\"300\" height=\"200\" data-srcset=\"https:\/\/infonewss.com\/wp-content\/uploads\/2023\/08\/Francisco-Macedo-vence-Caldeirao-Grande-por-2-a-1-na-II-Copa-AMVI-IMG_0079-300x200.jpg 300w, https:\/\/infonewss.com\/wp-content\/uploads\/2023\/08\/Francisco-Macedo-vence-Caldeirao-Grande-por-2-a-1-na-II-Copa-AMVI-IMG_0079-768x512.jpg 768w, https:\/\/infonewss.com\/wp-content\/uploads\/2023\/08\/Francisco-Macedo-vence-Caldeirao-Grande-por-2-a-1-na-II-Copa-AMVI-IMG_0079-150x100.jpg 150w, https:\/\/infonewss.com\/wp-content\/uploads\/2023\/08\/Francisco-Macedo-vence-Caldeirao-Grande-por-2-a-1-na-II-Copa-AMVI-IMG_0079-696x464.jpg 696w, https:\/\/infonewss.com\/wp-content\/uploads\/2023\/08\/Francisco-Macedo-vence-Caldeirao-Grande-por-2-a-1-na-II-Copa-AMVI-IMG_0079.jpg 900w\" data-src=\"https:\/\/infonewss.com\/wp-content\/uploads\/2023\/08\/Francisco-Macedo-vence-Caldeirao-Grande-por-2-a-1-na-II-Copa-AMVI-IMG_0079-300x200.jpg\" data-sizes=\"(max-width: 300px) 100vw, 300px\" \/><\/a><\/div>\n<\/figure>\n<figure class=\"gallery-item\">\n<div class=\"gallery-icon landscape\"><a href=\"https:\/\/infonewss.com\/wp-content\/uploads\/2023\/08\/Francisco-Macedo-vence-Caldeirao-Grande-por-2-a-1-na-II-Copa-AMVI-IMG_0080.jpg\"><img loading=\"lazy\" decoding=\"async\" class=\"attachment-medium size-medium ls-is-cached lazyloaded\" src=\"https:\/\/infonewss.com\/wp-content\/uploads\/2023\/08\/Francisco-Macedo-vence-Caldeirao-Grande-por-2-a-1-na-II-Copa-AMVI-IMG_0080-300x200.jpg\" sizes=\"(max-width: 300px) 100vw, 300px\" srcset=\"https:\/\/infonewss.com\/wp-content\/uploads\/2023\/08\/Francisco-Macedo-vence-Caldeirao-Grande-por-2-a-1-na-II-Copa-AMVI-IMG_0080-300x200.jpg 300w, https:\/\/infonewss.com\/wp-content\/uploads\/2023\/08\/Francisco-Macedo-vence-Caldeirao-Grande-por-2-a-1-na-II-Copa-AMVI-IMG_0080-768x512.jpg 768w, https:\/\/infonewss.com\/wp-content\/uploads\/2023\/08\/Francisco-Macedo-vence-Caldeirao-Grande-por-2-a-1-na-II-Copa-AMVI-IMG_0080-150x100.jpg 150w, https:\/\/infonewss.com\/wp-content\/uploads\/2023\/08\/Francisco-Macedo-vence-Caldeirao-Grande-por-2-a-1-na-II-Copa-AMVI-IMG_0080-696x464.jpg 696w, https:\/\/infonewss.com\/wp-content\/uploads\/2023\/08\/Francisco-Macedo-vence-Caldeirao-Grande-por-2-a-1-na-II-Copa-AMVI-IMG_0080.jpg 900w\" alt=\"\" width=\"300\" height=\"200\" data-srcset=\"https:\/\/infonewss.com\/wp-content\/uploads\/2023\/08\/Francisco-Macedo-vence-Caldeirao-Grande-por-2-a-1-na-II-Copa-AMVI-IMG_0080-300x200.jpg 300w, https:\/\/infonewss.com\/wp-content\/uploads\/2023\/08\/Francisco-Macedo-vence-Caldeirao-Grande-por-2-a-1-na-II-Copa-AMVI-IMG_0080-768x512.jpg 768w, https:\/\/infonewss.com\/wp-content\/uploads\/2023\/08\/Francisco-Macedo-vence-Caldeirao-Grande-por-2-a-1-na-II-Copa-AMVI-IMG_0080-150x100.jpg 150w, https:\/\/infonewss.com\/wp-content\/uploads\/2023\/08\/Francisco-Macedo-vence-Caldeirao-Grande-por-2-a-1-na-II-Copa-AMVI-IMG_0080-696x464.jpg 696w, https:\/\/infonewss.com\/wp-content\/uploads\/2023\/08\/Francisco-Macedo-vence-Caldeirao-Grande-por-2-a-1-na-II-Copa-AMVI-IMG_0080.jpg 900w\" data-src=\"https:\/\/infonewss.com\/wp-content\/uploads\/2023\/08\/Francisco-Macedo-vence-Caldeirao-Grande-por-2-a-1-na-II-Copa-AMVI-IMG_0080-300x200.jpg\" data-sizes=\"(max-width: 300px) 100vw, 300px\" \/><\/a><\/div>\n<\/figure>\n<figure class=\"gallery-item\">\n<div class=\"gallery-icon landscape\"><a href=\"https:\/\/infonewss.com\/wp-content\/uploads\/2023\/08\/Francisco-Macedo-vence-Caldeirao-Grande-por-2-a-1-na-II-Copa-AMVI-IMG_0081.jpg\"><img loading=\"lazy\" decoding=\"async\" class=\"attachment-medium size-medium lazyloaded\" src=\"https:\/\/infonewss.com\/wp-content\/uploads\/2023\/08\/Francisco-Macedo-vence-Caldeirao-Grande-por-2-a-1-na-II-Copa-AMVI-IMG_0081-300x200.jpg\" sizes=\"(max-width: 300px) 100vw, 300px\" srcset=\"https:\/\/infonewss.com\/wp-content\/uploads\/2023\/08\/Francisco-Macedo-vence-Caldeirao-Grande-por-2-a-1-na-II-Copa-AMVI-IMG_0081-300x200.jpg 300w, https:\/\/infonewss.com\/wp-content\/uploads\/2023\/08\/Francisco-Macedo-vence-Caldeirao-Grande-por-2-a-1-na-II-Copa-AMVI-IMG_0081-768x512.jpg 768w, https:\/\/infonewss.com\/wp-content\/uploads\/2023\/08\/Francisco-Macedo-vence-Caldeirao-Grande-por-2-a-1-na-II-Copa-AMVI-IMG_0081-150x100.jpg 150w, https:\/\/infonewss.com\/wp-content\/uploads\/2023\/08\/Francisco-Macedo-vence-Caldeirao-Grande-por-2-a-1-na-II-Copa-AMVI-IMG_0081-696x464.jpg 696w, https:\/\/infonewss.com\/wp-content\/uploads\/2023\/08\/Francisco-Macedo-vence-Caldeirao-Grande-por-2-a-1-na-II-Copa-AMVI-IMG_0081.jpg 900w\" alt=\"\" width=\"300\" height=\"200\" data-srcset=\"https:\/\/infonewss.com\/wp-content\/uploads\/2023\/08\/Francisco-Macedo-vence-Caldeirao-Grande-por-2-a-1-na-II-Copa-AMVI-IMG_0081-300x200.jpg 300w, https:\/\/infonewss.com\/wp-content\/uploads\/2023\/08\/Francisco-Macedo-vence-Caldeirao-Grande-por-2-a-1-na-II-Copa-AMVI-IMG_0081-768x512.jpg 768w, https:\/\/infonewss.com\/wp-content\/uploads\/2023\/08\/Francisco-Macedo-vence-Caldeirao-Grande-por-2-a-1-na-II-Copa-AMVI-IMG_0081-150x100.jpg 150w, https:\/\/infonewss.com\/wp-content\/uploads\/2023\/08\/Francisco-Macedo-vence-Caldeirao-Grande-por-2-a-1-na-II-Copa-AMVI-IMG_0081-696x464.jpg 696w, https:\/\/infonewss.com\/wp-content\/uploads\/2023\/08\/Francisco-Macedo-vence-Caldeirao-Grande-por-2-a-1-na-II-Copa-AMVI-IMG_0081.jpg 900w\" data-src=\"https:\/\/infonewss.com\/wp-content\/uploads\/2023\/08\/Francisco-Macedo-vence-Caldeirao-Grande-por-2-a-1-na-II-Copa-AMVI-IMG_0081-300x200.jpg\" data-sizes=\"(max-width: 300px) 100vw, 300px\" \/><\/a><\/div>\n<\/figure>\n<figure class=\"gallery-item\">\n<div class=\"gallery-icon landscape\"><a href=\"https:\/\/infonewss.com\/wp-content\/uploads\/2023\/08\/Francisco-Macedo-vence-Caldeirao-Grande-por-2-a-1-na-II-Copa-AMVI-IMG_0082.jpg\"><img loading=\"lazy\" decoding=\"async\" class=\"attachment-medium size-medium lazyloaded\" src=\"https:\/\/infonewss.com\/wp-content\/uploads\/2023\/08\/Francisco-Macedo-vence-Caldeirao-Grande-por-2-a-1-na-II-Copa-AMVI-IMG_0082-300x200.jpg\" sizes=\"(max-width: 300px) 100vw, 300px\" srcset=\"https:\/\/infonewss.com\/wp-content\/uploads\/2023\/08\/Francisco-Macedo-vence-Caldeirao-Grande-por-2-a-1-na-II-Copa-AMVI-IMG_0082-300x200.jpg 300w, https:\/\/infonewss.com\/wp-content\/uploads\/2023\/08\/Francisco-Macedo-vence-Caldeirao-Grande-por-2-a-1-na-II-Copa-AMVI-IMG_0082-768x512.jpg 768w, https:\/\/infonewss.com\/wp-content\/uploads\/2023\/08\/Francisco-Macedo-vence-Caldeirao-Grande-por-2-a-1-na-II-Copa-AMVI-IMG_0082-150x100.jpg 150w, https:\/\/infonewss.com\/wp-content\/uploads\/2023\/08\/Francisco-Macedo-vence-Caldeirao-Grande-por-2-a-1-na-II-Copa-AMVI-IMG_0082-696x464.jpg 696w, https:\/\/infonewss.com\/wp-content\/uploads\/2023\/08\/Francisco-Macedo-vence-Caldeirao-Grande-por-2-a-1-na-II-Copa-AMVI-IMG_0082.jpg 900w\" alt=\"\" width=\"300\" height=\"200\" data-srcset=\"https:\/\/infonewss.com\/wp-content\/uploads\/2023\/08\/Francisco-Macedo-vence-Caldeirao-Grande-por-2-a-1-na-II-Copa-AMVI-IMG_0082-300x200.jpg 300w, https:\/\/infonewss.com\/wp-content\/uploads\/2023\/08\/Francisco-Macedo-vence-Caldeirao-Grande-por-2-a-1-na-II-Copa-AMVI-IMG_0082-768x512.jpg 768w, https:\/\/infonewss.com\/wp-content\/uploads\/2023\/08\/Francisco-Macedo-vence-Caldeirao-Grande-por-2-a-1-na-II-Copa-AMVI-IMG_0082-150x100.jpg 150w, https:\/\/infonewss.com\/wp-content\/uploads\/2023\/08\/Francisco-Macedo-vence-Caldeirao-Grande-por-2-a-1-na-II-Copa-AMVI-IMG_0082-696x464.jpg 696w, https:\/\/infonewss.com\/wp-content\/uploads\/2023\/08\/Francisco-Macedo-vence-Caldeirao-Grande-por-2-a-1-na-II-Copa-AMVI-IMG_0082.jpg 900w\" data-src=\"https:\/\/infonewss.com\/wp-content\/uploads\/2023\/08\/Francisco-Macedo-vence-Caldeirao-Grande-por-2-a-1-na-II-Copa-AMVI-IMG_0082-300x200.jpg\" data-sizes=\"(max-width: 300px) 100vw, 300px\" \/><\/a><\/div>\n<\/figure>\n<figure class=\"gallery-item\">\n<div class=\"gallery-icon landscape\"><a href=\"https:\/\/infonewss.com\/wp-content\/uploads\/2023\/08\/Francisco-Macedo-vence-Caldeirao-Grande-por-2-a-1-na-II-Copa-AMVI-IMG_0083.jpg\"><img loading=\"lazy\" decoding=\"async\" class=\"attachment-medium size-medium lazyload\" src=\"data:image\/gif;base64,R0lGODlhAQABAAAAACH5BAEKAAEALAAAAAABAAEAAAICTAEAOw==\" alt=\"\" width=\"300\" height=\"200\" data-srcset=\"https:\/\/infonewss.com\/wp-content\/uploads\/2023\/08\/Francisco-Macedo-vence-Caldeirao-Grande-por-2-a-1-na-II-Copa-AMVI-IMG_0083-300x200.jpg 300w, https:\/\/infonewss.com\/wp-content\/uploads\/2023\/08\/Francisco-Macedo-vence-Caldeirao-Grande-por-2-a-1-na-II-Copa-AMVI-IMG_0083-768x512.jpg 768w, https:\/\/infonewss.com\/wp-content\/uploads\/2023\/08\/Francisco-Macedo-vence-Caldeirao-Grande-por-2-a-1-na-II-Copa-AMVI-IMG_0083-150x100.jpg 150w, https:\/\/infonewss.com\/wp-content\/uploads\/2023\/08\/Francisco-Macedo-vence-Caldeirao-Grande-por-2-a-1-na-II-Copa-AMVI-IMG_0083-696x464.jpg 696w, https:\/\/infonewss.com\/wp-content\/uploads\/2023\/08\/Francisco-Macedo-vence-Caldeirao-Grande-por-2-a-1-na-II-Copa-AMVI-IMG_0083.jpg 900w\" data-src=\"https:\/\/infonewss.com\/wp-content\/uploads\/2023\/08\/Francisco-Macedo-vence-Caldeirao-Grande-por-2-a-1-na-II-Copa-AMVI-IMG_0083-300x200.jpg\" data-sizes=\"(max-width: 300px) 100vw, 300px\" \/><\/a><\/div>\n<\/figure>\n<figure class=\"gallery-item\">\n<div class=\"gallery-icon landscape\"><a href=\"https:\/\/infonewss.com\/wp-content\/uploads\/2023\/08\/Francisco-Macedo-vence-Caldeirao-Grande-por-2-a-1-na-II-Copa-AMVI-IMG_0084.jpg\"><img loading=\"lazy\" decoding=\"async\" class=\"attachment-medium size-medium lazyload\" src=\"data:image\/gif;base64,R0lGODlhAQABAAAAACH5BAEKAAEALAAAAAABAAEAAAICTAEAOw==\" alt=\"\" width=\"300\" height=\"200\" data-srcset=\"https:\/\/infonewss.com\/wp-content\/uploads\/2023\/08\/Francisco-Macedo-vence-Caldeirao-Grande-por-2-a-1-na-II-Copa-AMVI-IMG_0084-300x200.jpg 300w, https:\/\/infonewss.com\/wp-content\/uploads\/2023\/08\/Francisco-Macedo-vence-Caldeirao-Grande-por-2-a-1-na-II-Copa-AMVI-IMG_0084-768x512.jpg 768w, https:\/\/infonewss.com\/wp-content\/uploads\/2023\/08\/Francisco-Macedo-vence-Caldeirao-Grande-por-2-a-1-na-II-Copa-AMVI-IMG_0084-150x100.jpg 150w, https:\/\/infonewss.com\/wp-content\/uploads\/2023\/08\/Francisco-Macedo-vence-Caldeirao-Grande-por-2-a-1-na-II-Copa-AMVI-IMG_0084-696x464.jpg 696w, https:\/\/infonewss.com\/wp-content\/uploads\/2023\/08\/Francisco-Macedo-vence-Caldeirao-Grande-por-2-a-1-na-II-Copa-AMVI-IMG_0084.jpg 900w\" data-src=\"https:\/\/infonewss.com\/wp-content\/uploads\/2023\/08\/Francisco-Macedo-vence-Caldeirao-Grande-por-2-a-1-na-II-Copa-AMVI-IMG_0084-300x200.jpg\" data-sizes=\"(max-width: 300px) 100vw, 300px\" \/><\/a><\/div>\n<\/figure>\n<figure class=\"gallery-item\">\n<div class=\"gallery-icon landscape\"><a href=\"https:\/\/infonewss.com\/wp-content\/uploads\/2023\/08\/Francisco-Macedo-vence-Caldeirao-Grande-por-2-a-1-na-II-Copa-AMVI-IMG_0085.jpg\"><img loading=\"lazy\" decoding=\"async\" class=\"attachment-medium size-medium lazyload\" src=\"data:image\/gif;base64,R0lGODlhAQABAAAAACH5BAEKAAEALAAAAAABAAEAAAICTAEAOw==\" alt=\"\" width=\"300\" height=\"200\" data-srcset=\"https:\/\/infonewss.com\/wp-content\/uploads\/2023\/08\/Francisco-Macedo-vence-Caldeirao-Grande-por-2-a-1-na-II-Copa-AMVI-IMG_0085-300x200.jpg 300w, https:\/\/infonewss.com\/wp-content\/uploads\/2023\/08\/Francisco-Macedo-vence-Caldeirao-Grande-por-2-a-1-na-II-Copa-AMVI-IMG_0085-768x512.jpg 768w, https:\/\/infonewss.com\/wp-content\/uploads\/2023\/08\/Francisco-Macedo-vence-Caldeirao-Grande-por-2-a-1-na-II-Copa-AMVI-IMG_0085-150x100.jpg 150w, https:\/\/infonewss.com\/wp-content\/uploads\/2023\/08\/Francisco-Macedo-vence-Caldeirao-Grande-por-2-a-1-na-II-Copa-AMVI-IMG_0085-696x464.jpg 696w, https:\/\/infonewss.com\/wp-content\/uploads\/2023\/08\/Francisco-Macedo-vence-Caldeirao-Grande-por-2-a-1-na-II-Copa-AMVI-IMG_0085.jpg 900w\" data-src=\"https:\/\/infonewss.com\/wp-content\/uploads\/2023\/08\/Francisco-Macedo-vence-Caldeirao-Grande-por-2-a-1-na-II-Copa-AMVI-IMG_0085-300x200.jpg\" data-sizes=\"(max-width: 300px) 100vw, 300px\" \/><\/a><\/div>\n<\/figure>\n<figure class=\"gallery-item\">\n<div class=\"gallery-icon landscape\"><a href=\"https:\/\/infonewss.com\/wp-content\/uploads\/2023\/08\/Francisco-Macedo-vence-Caldeirao-Grande-por-2-a-1-na-II-Copa-AMVI-IMG_0086.jpg\"><img loading=\"lazy\" decoding=\"async\" class=\"attachment-medium size-medium lazyload\" src=\"data:image\/gif;base64,R0lGODlhAQABAAAAACH5BAEKAAEALAAAAAABAAEAAAICTAEAOw==\" alt=\"\" width=\"300\" height=\"200\" data-srcset=\"https:\/\/infonewss.com\/wp-content\/uploads\/2023\/08\/Francisco-Macedo-vence-Caldeirao-Grande-por-2-a-1-na-II-Copa-AMVI-IMG_0086-300x200.jpg 300w, https:\/\/infonewss.com\/wp-content\/uploads\/2023\/08\/Francisco-Macedo-vence-Caldeirao-Grande-por-2-a-1-na-II-Copa-AMVI-IMG_0086-768x512.jpg 768w, https:\/\/infonewss.com\/wp-content\/uploads\/2023\/08\/Francisco-Macedo-vence-Caldeirao-Grande-por-2-a-1-na-II-Copa-AMVI-IMG_0086-150x100.jpg 150w, https:\/\/infonewss.com\/wp-content\/uploads\/2023\/08\/Francisco-Macedo-vence-Caldeirao-Grande-por-2-a-1-na-II-Copa-AMVI-IMG_0086-696x464.jpg 696w, https:\/\/infonewss.com\/wp-content\/uploads\/2023\/08\/Francisco-Macedo-vence-Caldeirao-Grande-por-2-a-1-na-II-Copa-AMVI-IMG_0086.jpg 900w\" data-src=\"https:\/\/infonewss.com\/wp-content\/uploads\/2023\/08\/Francisco-Macedo-vence-Caldeirao-Grande-por-2-a-1-na-II-Copa-AMVI-IMG_0086-300x200.jpg\" data-sizes=\"(max-width: 300px) 100vw, 300px\" \/><\/a><\/div>\n<\/figure>\n<figure class=\"gallery-item\">\n<div class=\"gallery-icon landscape\"><a href=\"https:\/\/infonewss.com\/wp-content\/uploads\/2023\/08\/Francisco-Macedo-vence-Caldeirao-Grande-por-2-a-1-na-II-Copa-AMVI-IMG_0087.jpg\"><img loading=\"lazy\" decoding=\"async\" class=\"attachment-medium size-medium lazyload\" src=\"data:image\/gif;base64,R0lGODlhAQABAAAAACH5BAEKAAEALAAAAAABAAEAAAICTAEAOw==\" alt=\"\" width=\"300\" height=\"200\" data-srcset=\"https:\/\/infonewss.com\/wp-content\/uploads\/2023\/08\/Francisco-Macedo-vence-Caldeirao-Grande-por-2-a-1-na-II-Copa-AMVI-IMG_0087-300x200.jpg 300w, https:\/\/infonewss.com\/wp-content\/uploads\/2023\/08\/Francisco-Macedo-vence-Caldeirao-Grande-por-2-a-1-na-II-Copa-AMVI-IMG_0087-768x512.jpg 768w, https:\/\/infonewss.com\/wp-content\/uploads\/2023\/08\/Francisco-Macedo-vence-Caldeirao-Grande-por-2-a-1-na-II-Copa-AMVI-IMG_0087-150x100.jpg 150w, https:\/\/infonewss.com\/wp-content\/uploads\/2023\/08\/Francisco-Macedo-vence-Caldeirao-Grande-por-2-a-1-na-II-Copa-AMVI-IMG_0087-696x464.jpg 696w, https:\/\/infonewss.com\/wp-content\/uploads\/2023\/08\/Francisco-Macedo-vence-Caldeirao-Grande-por-2-a-1-na-II-Copa-AMVI-IMG_0087.jpg 900w\" data-src=\"https:\/\/infonewss.com\/wp-content\/uploads\/2023\/08\/Francisco-Macedo-vence-Caldeirao-Grande-por-2-a-1-na-II-Copa-AMVI-IMG_0087-300x200.jpg\" data-sizes=\"(max-width: 300px) 100vw, 300px\" \/><\/a><\/div>\n<\/figure>\n<figure class=\"gallery-item\">\n<div class=\"gallery-icon landscape\"><a href=\"https:\/\/infonewss.com\/wp-content\/uploads\/2023\/08\/Francisco-Macedo-vence-Caldeirao-Grande-por-2-a-1-na-II-Copa-AMVI-IMG_0088.jpg\"><img loading=\"lazy\" decoding=\"async\" class=\"attachment-medium size-medium lazyload\" src=\"data:image\/gif;base64,R0lGODlhAQABAAAAACH5BAEKAAEALAAAAAABAAEAAAICTAEAOw==\" alt=\"\" width=\"300\" height=\"200\" data-srcset=\"https:\/\/infonewss.com\/wp-content\/uploads\/2023\/08\/Francisco-Macedo-vence-Caldeirao-Grande-por-2-a-1-na-II-Copa-AMVI-IMG_0088-300x200.jpg 300w, https:\/\/infonewss.com\/wp-content\/uploads\/2023\/08\/Francisco-Macedo-vence-Caldeirao-Grande-por-2-a-1-na-II-Copa-AMVI-IMG_0088-768x512.jpg 768w, https:\/\/infonewss.com\/wp-content\/uploads\/2023\/08\/Francisco-Macedo-vence-Caldeirao-Grande-por-2-a-1-na-II-Copa-AMVI-IMG_0088-150x100.jpg 150w, https:\/\/infonewss.com\/wp-content\/uploads\/2023\/08\/Francisco-Macedo-vence-Caldeirao-Grande-por-2-a-1-na-II-Copa-AMVI-IMG_0088-696x464.jpg 696w, https:\/\/infonewss.com\/wp-content\/uploads\/2023\/08\/Francisco-Macedo-vence-Caldeirao-Grande-por-2-a-1-na-II-Copa-AMVI-IMG_0088.jpg 900w\" data-src=\"https:\/\/infonewss.com\/wp-content\/uploads\/2023\/08\/Francisco-Macedo-vence-Caldeirao-Grande-por-2-a-1-na-II-Copa-AMVI-IMG_0088-300x200.jpg\" data-sizes=\"(max-width: 300px) 100vw, 300px\" \/><\/a><\/div>\n<\/figure>\n<figure class=\"gallery-item\">\n<div class=\"gallery-icon landscape\"><a href=\"https:\/\/infonewss.com\/wp-content\/uploads\/2023\/08\/Francisco-Macedo-vence-Caldeirao-Grande-por-2-a-1-na-II-Copa-AMVI-IMG_0089.jpg\"><img loading=\"lazy\" decoding=\"async\" class=\"attachment-medium size-medium lazyload\" src=\"data:image\/gif;base64,R0lGODlhAQABAAAAACH5BAEKAAEALAAAAAABAAEAAAICTAEAOw==\" alt=\"\" width=\"300\" height=\"200\" data-srcset=\"https:\/\/infonewss.com\/wp-content\/uploads\/2023\/08\/Francisco-Macedo-vence-Caldeirao-Grande-por-2-a-1-na-II-Copa-AMVI-IMG_0089-300x200.jpg 300w, https:\/\/infonewss.com\/wp-content\/uploads\/2023\/08\/Francisco-Macedo-vence-Caldeirao-Grande-por-2-a-1-na-II-Copa-AMVI-IMG_0089-768x512.jpg 768w, https:\/\/infonewss.com\/wp-content\/uploads\/2023\/08\/Francisco-Macedo-vence-Caldeirao-Grande-por-2-a-1-na-II-Copa-AMVI-IMG_0089-150x100.jpg 150w, https:\/\/infonewss.com\/wp-content\/uploads\/2023\/08\/Francisco-Macedo-vence-Caldeirao-Grande-por-2-a-1-na-II-Copa-AMVI-IMG_0089-696x464.jpg 696w, https:\/\/infonewss.com\/wp-content\/uploads\/2023\/08\/Francisco-Macedo-vence-Caldeirao-Grande-por-2-a-1-na-II-Copa-AMVI-IMG_0089.jpg 900w\" data-src=\"https:\/\/infonewss.com\/wp-content\/uploads\/2023\/08\/Francisco-Macedo-vence-Caldeirao-Grande-por-2-a-1-na-II-Copa-AMVI-IMG_0089-300x200.jpg\" data-sizes=\"(max-width: 300px) 100vw, 300px\" \/><\/a><\/div>\n<\/figure>\n<figure class=\"gallery-item\">\n<div class=\"gallery-icon landscape\"><a href=\"https:\/\/infonewss.com\/wp-content\/uploads\/2023\/08\/Francisco-Macedo-vence-Caldeirao-Grande-por-2-a-1-na-II-Copa-AMVI-IMG_0090.jpg\"><img loading=\"lazy\" decoding=\"async\" class=\"attachment-medium size-medium lazyload\" src=\"data:image\/gif;base64,R0lGODlhAQABAAAAACH5BAEKAAEALAAAAAABAAEAAAICTAEAOw==\" alt=\"\" width=\"300\" height=\"200\" data-srcset=\"https:\/\/infonewss.com\/wp-content\/uploads\/2023\/08\/Francisco-Macedo-vence-Caldeirao-Grande-por-2-a-1-na-II-Copa-AMVI-IMG_0090-300x200.jpg 300w, https:\/\/infonewss.com\/wp-content\/uploads\/2023\/08\/Francisco-Macedo-vence-Caldeirao-Grande-por-2-a-1-na-II-Copa-AMVI-IMG_0090-768x512.jpg 768w, https:\/\/infonewss.com\/wp-content\/uploads\/2023\/08\/Francisco-Macedo-vence-Caldeirao-Grande-por-2-a-1-na-II-Copa-AMVI-IMG_0090-150x100.jpg 150w, https:\/\/infonewss.com\/wp-content\/uploads\/2023\/08\/Francisco-Macedo-vence-Caldeirao-Grande-por-2-a-1-na-II-Copa-AMVI-IMG_0090-696x464.jpg 696w, https:\/\/infonewss.com\/wp-content\/uploads\/2023\/08\/Francisco-Macedo-vence-Caldeirao-Grande-por-2-a-1-na-II-Copa-AMVI-IMG_0090.jpg 900w\" data-src=\"https:\/\/infonewss.com\/wp-content\/uploads\/2023\/08\/Francisco-Macedo-vence-Caldeirao-Grande-por-2-a-1-na-II-Copa-AMVI-IMG_0090-300x200.jpg\" data-sizes=\"(max-width: 300px) 100vw, 300px\" \/><\/a><\/div>\n<\/figure>\n<figure class=\"gallery-item\">\n<div class=\"gallery-icon landscape\"><a href=\"https:\/\/infonewss.com\/wp-content\/uploads\/2023\/08\/Francisco-Macedo-vence-Caldeirao-Grande-por-2-a-1-na-II-Copa-AMVI-IMG_0091.jpg\"><img loading=\"lazy\" decoding=\"async\" class=\"attachment-medium size-medium lazyload\" src=\"data:image\/gif;base64,R0lGODlhAQABAAAAACH5BAEKAAEALAAAAAABAAEAAAICTAEAOw==\" alt=\"\" width=\"300\" height=\"200\" data-srcset=\"https:\/\/infonewss.com\/wp-content\/uploads\/2023\/08\/Francisco-Macedo-vence-Caldeirao-Grande-por-2-a-1-na-II-Copa-AMVI-IMG_0091-300x200.jpg 300w, https:\/\/infonewss.com\/wp-content\/uploads\/2023\/08\/Francisco-Macedo-vence-Caldeirao-Grande-por-2-a-1-na-II-Copa-AMVI-IMG_0091-768x512.jpg 768w, https:\/\/infonewss.com\/wp-content\/uploads\/2023\/08\/Francisco-Macedo-vence-Caldeirao-Grande-por-2-a-1-na-II-Copa-AMVI-IMG_0091-150x100.jpg 150w, https:\/\/infonewss.com\/wp-content\/uploads\/2023\/08\/Francisco-Macedo-vence-Caldeirao-Grande-por-2-a-1-na-II-Copa-AMVI-IMG_0091-696x464.jpg 696w, https:\/\/infonewss.com\/wp-content\/uploads\/2023\/08\/Francisco-Macedo-vence-Caldeirao-Grande-por-2-a-1-na-II-Copa-AMVI-IMG_0091.jpg 900w\" data-src=\"https:\/\/infonewss.com\/wp-content\/uploads\/2023\/08\/Francisco-Macedo-vence-Caldeirao-Grande-por-2-a-1-na-II-Copa-AMVI-IMG_0091-300x200.jpg\" data-sizes=\"(max-width: 300px) 100vw, 300px\" \/><\/a><\/div>\n<\/figure>\n<figure class=\"gallery-item\">\n<div class=\"gallery-icon landscape\"><a href=\"https:\/\/infonewss.com\/wp-content\/uploads\/2023\/08\/Francisco-Macedo-vence-Caldeirao-Grande-por-2-a-1-na-II-Copa-AMVI-IMG_0092.jpg\"><img loading=\"lazy\" decoding=\"async\" class=\"attachment-medium size-medium lazyload\" src=\"data:image\/gif;base64,R0lGODlhAQABAAAAACH5BAEKAAEALAAAAAABAAEAAAICTAEAOw==\" alt=\"\" width=\"300\" height=\"200\" data-srcset=\"https:\/\/infonewss.com\/wp-content\/uploads\/2023\/08\/Francisco-Macedo-vence-Caldeirao-Grande-por-2-a-1-na-II-Copa-AMVI-IMG_0092-300x200.jpg 300w, https:\/\/infonewss.com\/wp-content\/uploads\/2023\/08\/Francisco-Macedo-vence-Caldeirao-Grande-por-2-a-1-na-II-Copa-AMVI-IMG_0092-768x512.jpg 768w, https:\/\/infonewss.com\/wp-content\/uploads\/2023\/08\/Francisco-Macedo-vence-Caldeirao-Grande-por-2-a-1-na-II-Copa-AMVI-IMG_0092-150x100.jpg 150w, https:\/\/infonewss.com\/wp-content\/uploads\/2023\/08\/Francisco-Macedo-vence-Caldeirao-Grande-por-2-a-1-na-II-Copa-AMVI-IMG_0092-696x464.jpg 696w, https:\/\/infonewss.com\/wp-content\/uploads\/2023\/08\/Francisco-Macedo-vence-Caldeirao-Grande-por-2-a-1-na-II-Copa-AMVI-IMG_0092.jpg 900w\" data-src=\"https:\/\/infonewss.com\/wp-content\/uploads\/2023\/08\/Francisco-Macedo-vence-Caldeirao-Grande-por-2-a-1-na-II-Copa-AMVI-IMG_0092-300x200.jpg\" data-sizes=\"(max-width: 300px) 100vw, 300px\" \/><\/a><\/div>\n<\/figure>\n<figure class=\"gallery-item\">\n<div class=\"gallery-icon landscape\"><a href=\"https:\/\/infonewss.com\/wp-content\/uploads\/2023\/08\/Francisco-Macedo-vence-Caldeirao-Grande-por-2-a-1-na-II-Copa-AMVI-IMG_0094.jpg\"><img loading=\"lazy\" decoding=\"async\" class=\"attachment-medium size-medium lazyload\" src=\"data:image\/gif;base64,R0lGODlhAQABAAAAACH5BAEKAAEALAAAAAABAAEAAAICTAEAOw==\" alt=\"\" width=\"300\" height=\"200\" data-srcset=\"https:\/\/infonewss.com\/wp-content\/uploads\/2023\/08\/Francisco-Macedo-vence-Caldeirao-Grande-por-2-a-1-na-II-Copa-AMVI-IMG_0094-300x200.jpg 300w, https:\/\/infonewss.com\/wp-content\/uploads\/2023\/08\/Francisco-Macedo-vence-Caldeirao-Grande-por-2-a-1-na-II-Copa-AMVI-IMG_0094-768x512.jpg 768w, https:\/\/infonewss.com\/wp-content\/uploads\/2023\/08\/Francisco-Macedo-vence-Caldeirao-Grande-por-2-a-1-na-II-Copa-AMVI-IMG_0094-150x100.jpg 150w, https:\/\/infonewss.com\/wp-content\/uploads\/2023\/08\/Francisco-Macedo-vence-Caldeirao-Grande-por-2-a-1-na-II-Copa-AMVI-IMG_0094-696x464.jpg 696w, https:\/\/infonewss.com\/wp-content\/uploads\/2023\/08\/Francisco-Macedo-vence-Caldeirao-Grande-por-2-a-1-na-II-Copa-AMVI-IMG_0094.jpg 900w\" data-src=\"https:\/\/infonewss.com\/wp-content\/uploads\/2023\/08\/Francisco-Macedo-vence-Caldeirao-Grande-por-2-a-1-na-II-Copa-AMVI-IMG_0094-300x200.jpg\" data-sizes=\"(max-width: 300px) 100vw, 300px\" \/><\/a><\/div>\n<\/figure>\n<figure class=\"gallery-item\">\n<div class=\"gallery-icon landscape\"><a href=\"https:\/\/infonewss.com\/wp-content\/uploads\/2023\/08\/Francisco-Macedo-vence-Caldeirao-Grande-por-2-a-1-na-II-Copa-AMVI-IMG_0095.jpg\"><img loading=\"lazy\" decoding=\"async\" class=\"attachment-medium size-medium lazyload\" src=\"data:image\/gif;base64,R0lGODlhAQABAAAAACH5BAEKAAEALAAAAAABAAEAAAICTAEAOw==\" alt=\"\" width=\"300\" height=\"200\" data-srcset=\"https:\/\/infonewss.com\/wp-content\/uploads\/2023\/08\/Francisco-Macedo-vence-Caldeirao-Grande-por-2-a-1-na-II-Copa-AMVI-IMG_0095-300x200.jpg 300w, https:\/\/infonewss.com\/wp-content\/uploads\/2023\/08\/Francisco-Macedo-vence-Caldeirao-Grande-por-2-a-1-na-II-Copa-AMVI-IMG_0095-768x512.jpg 768w, https:\/\/infonewss.com\/wp-content\/uploads\/2023\/08\/Francisco-Macedo-vence-Caldeirao-Grande-por-2-a-1-na-II-Copa-AMVI-IMG_0095-150x100.jpg 150w, https:\/\/infonewss.com\/wp-content\/uploads\/2023\/08\/Francisco-Macedo-vence-Caldeirao-Grande-por-2-a-1-na-II-Copa-AMVI-IMG_0095-696x464.jpg 696w, https:\/\/infonewss.com\/wp-content\/uploads\/2023\/08\/Francisco-Macedo-vence-Caldeirao-Grande-por-2-a-1-na-II-Copa-AMVI-IMG_0095.jpg 900w\" data-src=\"https:\/\/infonewss.com\/wp-content\/uploads\/2023\/08\/Francisco-Macedo-vence-Caldeirao-Grande-por-2-a-1-na-II-Copa-AMVI-IMG_0095-300x200.jpg\" data-sizes=\"(max-width: 300px) 100vw, 300px\" \/><\/a><\/div>\n<\/figure>\n<figure class=\"gallery-item\">\n<div class=\"gallery-icon landscape\"><a href=\"https:\/\/infonewss.com\/wp-content\/uploads\/2023\/08\/Francisco-Macedo-vence-Caldeirao-Grande-por-2-a-1-na-II-Copa-AMVI-IMG_0096.jpg\"><img loading=\"lazy\" decoding=\"async\" class=\"attachment-medium size-medium lazyload\" src=\"data:image\/gif;base64,R0lGODlhAQABAAAAACH5BAEKAAEALAAAAAABAAEAAAICTAEAOw==\" alt=\"\" width=\"300\" height=\"200\" data-srcset=\"https:\/\/infonewss.com\/wp-content\/uploads\/2023\/08\/Francisco-Macedo-vence-Caldeirao-Grande-por-2-a-1-na-II-Copa-AMVI-IMG_0096-300x200.jpg 300w, https:\/\/infonewss.com\/wp-content\/uploads\/2023\/08\/Francisco-Macedo-vence-Caldeirao-Grande-por-2-a-1-na-II-Copa-AMVI-IMG_0096-768x512.jpg 768w, https:\/\/infonewss.com\/wp-content\/uploads\/2023\/08\/Francisco-Macedo-vence-Caldeirao-Grande-por-2-a-1-na-II-Copa-AMVI-IMG_0096-150x100.jpg 150w, https:\/\/infonewss.com\/wp-content\/uploads\/2023\/08\/Francisco-Macedo-vence-Caldeirao-Grande-por-2-a-1-na-II-Copa-AMVI-IMG_0096-696x464.jpg 696w, https:\/\/infonewss.com\/wp-content\/uploads\/2023\/08\/Francisco-Macedo-vence-Caldeirao-Grande-por-2-a-1-na-II-Copa-AMVI-IMG_0096.jpg 900w\" data-src=\"https:\/\/infonewss.com\/wp-content\/uploads\/2023\/08\/Francisco-Macedo-vence-Caldeirao-Grande-por-2-a-1-na-II-Copa-AMVI-IMG_0096-300x200.jpg\" data-sizes=\"(max-width: 300px) 100vw, 300px\" \/><\/a><\/div>\n<\/figure>\n<figure class=\"gallery-item\">\n<div class=\"gallery-icon landscape\"><a href=\"https:\/\/infonewss.com\/wp-content\/uploads\/2023\/08\/Francisco-Macedo-vence-Caldeirao-Grande-por-2-a-1-na-II-Copa-AMVI-IMG_0097.jpg\"><img loading=\"lazy\" decoding=\"async\" class=\"attachment-medium size-medium lazyload\" src=\"data:image\/gif;base64,R0lGODlhAQABAAAAACH5BAEKAAEALAAAAAABAAEAAAICTAEAOw==\" alt=\"\" width=\"300\" height=\"200\" data-srcset=\"https:\/\/infonewss.com\/wp-content\/uploads\/2023\/08\/Francisco-Macedo-vence-Caldeirao-Grande-por-2-a-1-na-II-Copa-AMVI-IMG_0097-300x200.jpg 300w, https:\/\/infonewss.com\/wp-content\/uploads\/2023\/08\/Francisco-Macedo-vence-Caldeirao-Grande-por-2-a-1-na-II-Copa-AMVI-IMG_0097-768x512.jpg 768w, https:\/\/infonewss.com\/wp-content\/uploads\/2023\/08\/Francisco-Macedo-vence-Caldeirao-Grande-por-2-a-1-na-II-Copa-AMVI-IMG_0097-150x100.jpg 150w, https:\/\/infonewss.com\/wp-content\/uploads\/2023\/08\/Francisco-Macedo-vence-Caldeirao-Grande-por-2-a-1-na-II-Copa-AMVI-IMG_0097-696x464.jpg 696w, https:\/\/infonewss.com\/wp-content\/uploads\/2023\/08\/Francisco-Macedo-vence-Caldeirao-Grande-por-2-a-1-na-II-Copa-AMVI-IMG_0097.jpg 900w\" data-src=\"https:\/\/infonewss.com\/wp-content\/uploads\/2023\/08\/Francisco-Macedo-vence-Caldeirao-Grande-por-2-a-1-na-II-Copa-AMVI-IMG_0097-300x200.jpg\" data-sizes=\"(max-width: 300px) 100vw, 300px\" \/><\/a><\/div>\n<\/figure>\n<figure class=\"gallery-item\">\n<div class=\"gallery-icon landscape\"><a href=\"https:\/\/infonewss.com\/wp-content\/uploads\/2023\/08\/Francisco-Macedo-vence-Caldeirao-Grande-por-2-a-1-na-II-Copa-AMVI-IMG_0098.jpg\"><img loading=\"lazy\" decoding=\"async\" class=\"attachment-medium size-medium lazyload\" src=\"data:image\/gif;base64,R0lGODlhAQABAAAAACH5BAEKAAEALAAAAAABAAEAAAICTAEAOw==\" alt=\"\" width=\"300\" height=\"200\" data-srcset=\"https:\/\/infonewss.com\/wp-content\/uploads\/2023\/08\/Francisco-Macedo-vence-Caldeirao-Grande-por-2-a-1-na-II-Copa-AMVI-IMG_0098-300x200.jpg 300w, https:\/\/infonewss.com\/wp-content\/uploads\/2023\/08\/Francisco-Macedo-vence-Caldeirao-Grande-por-2-a-1-na-II-Copa-AMVI-IMG_0098-768x512.jpg 768w, https:\/\/infonewss.com\/wp-content\/uploads\/2023\/08\/Francisco-Macedo-vence-Caldeirao-Grande-por-2-a-1-na-II-Copa-AMVI-IMG_0098-150x100.jpg 150w, https:\/\/infonewss.com\/wp-content\/uploads\/2023\/08\/Francisco-Macedo-vence-Caldeirao-Grande-por-2-a-1-na-II-Copa-AMVI-IMG_0098-696x464.jpg 696w, https:\/\/infonewss.com\/wp-content\/uploads\/2023\/08\/Francisco-Macedo-vence-Caldeirao-Grande-por-2-a-1-na-II-Copa-AMVI-IMG_0098.jpg 900w\" data-src=\"https:\/\/infonewss.com\/wp-content\/uploads\/2023\/08\/Francisco-Macedo-vence-Caldeirao-Grande-por-2-a-1-na-II-Copa-AMVI-IMG_0098-300x200.jpg\" data-sizes=\"(max-width: 300px) 100vw, 300px\" \/><\/a><\/div>\n<\/figure>\n<figure class=\"gallery-item\">\n<div class=\"gallery-icon landscape\"><a href=\"https:\/\/infonewss.com\/wp-content\/uploads\/2023\/08\/Francisco-Macedo-vence-Caldeirao-Grande-por-2-a-1-na-II-Copa-AMVI-IMG_0099.jpg\"><img loading=\"lazy\" decoding=\"async\" class=\"attachment-medium size-medium lazyload\" src=\"data:image\/gif;base64,R0lGODlhAQABAAAAACH5BAEKAAEALAAAAAABAAEAAAICTAEAOw==\" alt=\"\" width=\"300\" height=\"200\" data-srcset=\"https:\/\/infonewss.com\/wp-content\/uploads\/2023\/08\/Francisco-Macedo-vence-Caldeirao-Grande-por-2-a-1-na-II-Copa-AMVI-IMG_0099-300x200.jpg 300w, https:\/\/infonewss.com\/wp-content\/uploads\/2023\/08\/Francisco-Macedo-vence-Caldeirao-Grande-por-2-a-1-na-II-Copa-AMVI-IMG_0099-768x512.jpg 768w, https:\/\/infonewss.com\/wp-content\/uploads\/2023\/08\/Francisco-Macedo-vence-Caldeirao-Grande-por-2-a-1-na-II-Copa-AMVI-IMG_0099-150x100.jpg 150w, https:\/\/infonewss.com\/wp-content\/uploads\/2023\/08\/Francisco-Macedo-vence-Caldeirao-Grande-por-2-a-1-na-II-Copa-AMVI-IMG_0099-696x464.jpg 696w, https:\/\/infonewss.com\/wp-content\/uploads\/2023\/08\/Francisco-Macedo-vence-Caldeirao-Grande-por-2-a-1-na-II-Copa-AMVI-IMG_0099.jpg 900w\" data-src=\"https:\/\/infonewss.com\/wp-content\/uploads\/2023\/08\/Francisco-Macedo-vence-Caldeirao-Grande-por-2-a-1-na-II-Copa-AMVI-IMG_0099-300x200.jpg\" data-sizes=\"(max-width: 300px) 100vw, 300px\" \/><\/a><\/div>\n<\/figure>\n<figure class=\"gallery-item\">\n<div class=\"gallery-icon landscape\"><a href=\"https:\/\/infonewss.com\/wp-content\/uploads\/2023\/08\/Francisco-Macedo-vence-Caldeirao-Grande-por-2-a-1-na-II-Copa-AMVI-IMG_0101.jpg\"><img loading=\"lazy\" decoding=\"async\" class=\"attachment-medium size-medium lazyload\" src=\"data:image\/gif;base64,R0lGODlhAQABAAAAACH5BAEKAAEALAAAAAABAAEAAAICTAEAOw==\" alt=\"\" width=\"300\" height=\"200\" data-srcset=\"https:\/\/infonewss.com\/wp-content\/uploads\/2023\/08\/Francisco-Macedo-vence-Caldeirao-Grande-por-2-a-1-na-II-Copa-AMVI-IMG_0101-300x200.jpg 300w, https:\/\/infonewss.com\/wp-content\/uploads\/2023\/08\/Francisco-Macedo-vence-Caldeirao-Grande-por-2-a-1-na-II-Copa-AMVI-IMG_0101-768x512.jpg 768w, https:\/\/infonewss.com\/wp-content\/uploads\/2023\/08\/Francisco-Macedo-vence-Caldeirao-Grande-por-2-a-1-na-II-Copa-AMVI-IMG_0101-150x100.jpg 150w, https:\/\/infonewss.com\/wp-content\/uploads\/2023\/08\/Francisco-Macedo-vence-Caldeirao-Grande-por-2-a-1-na-II-Copa-AMVI-IMG_0101-696x464.jpg 696w, https:\/\/infonewss.com\/wp-content\/uploads\/2023\/08\/Francisco-Macedo-vence-Caldeirao-Grande-por-2-a-1-na-II-Copa-AMVI-IMG_0101.jpg 900w\" data-src=\"https:\/\/infonewss.com\/wp-content\/uploads\/2023\/08\/Francisco-Macedo-vence-Caldeirao-Grande-por-2-a-1-na-II-Copa-AMVI-IMG_0101-300x200.jpg\" data-sizes=\"(max-width: 300px) 100vw, 300px\" \/><\/a><\/div>\n<\/figure>\n<figure class=\"gallery-item\">\n<div class=\"gallery-icon landscape\"><a href=\"https:\/\/infonewss.com\/wp-content\/uploads\/2023\/08\/Francisco-Macedo-vence-Caldeirao-Grande-por-2-a-1-na-II-Copa-AMVI-IMG_0103.jpg\"><img loading=\"lazy\" decoding=\"async\" class=\"attachment-medium size-medium lazyload\" src=\"data:image\/gif;base64,R0lGODlhAQABAAAAACH5BAEKAAEALAAAAAABAAEAAAICTAEAOw==\" alt=\"\" width=\"300\" height=\"200\" data-srcset=\"https:\/\/infonewss.com\/wp-content\/uploads\/2023\/08\/Francisco-Macedo-vence-Caldeirao-Grande-por-2-a-1-na-II-Copa-AMVI-IMG_0103-300x200.jpg 300w, https:\/\/infonewss.com\/wp-content\/uploads\/2023\/08\/Francisco-Macedo-vence-Caldeirao-Grande-por-2-a-1-na-II-Copa-AMVI-IMG_0103-768x512.jpg 768w, https:\/\/infonewss.com\/wp-content\/uploads\/2023\/08\/Francisco-Macedo-vence-Caldeirao-Grande-por-2-a-1-na-II-Copa-AMVI-IMG_0103-150x100.jpg 150w, https:\/\/infonewss.com\/wp-content\/uploads\/2023\/08\/Francisco-Macedo-vence-Caldeirao-Grande-por-2-a-1-na-II-Copa-AMVI-IMG_0103-696x464.jpg 696w, https:\/\/infonewss.com\/wp-content\/uploads\/2023\/08\/Francisco-Macedo-vence-Caldeirao-Grande-por-2-a-1-na-II-Copa-AMVI-IMG_0103.jpg 900w\" data-src=\"https:\/\/infonewss.com\/wp-content\/uploads\/2023\/08\/Francisco-Macedo-vence-Caldeirao-Grande-por-2-a-1-na-II-Copa-AMVI-IMG_0103-300x200.jpg\" data-sizes=\"(max-width: 300px) 100vw, 300px\" \/><\/a><\/div>\n<\/figure>\n<figure class=\"gallery-item\">\n<div class=\"gallery-icon landscape\"><a href=\"https:\/\/infonewss.com\/wp-content\/uploads\/2023\/08\/Francisco-Macedo-vence-Caldeirao-Grande-por-2-a-1-na-II-Copa-AMVI-IMG_0104.jpg\"><img loading=\"lazy\" decoding=\"async\" class=\"attachment-medium size-medium lazyload\" src=\"data:image\/gif;base64,R0lGODlhAQABAAAAACH5BAEKAAEALAAAAAABAAEAAAICTAEAOw==\" alt=\"\" width=\"300\" height=\"200\" data-srcset=\"https:\/\/infonewss.com\/wp-content\/uploads\/2023\/08\/Francisco-Macedo-vence-Caldeirao-Grande-por-2-a-1-na-II-Copa-AMVI-IMG_0104-300x200.jpg 300w, https:\/\/infonewss.com\/wp-content\/uploads\/2023\/08\/Francisco-Macedo-vence-Caldeirao-Grande-por-2-a-1-na-II-Copa-AMVI-IMG_0104-768x512.jpg 768w, https:\/\/infonewss.com\/wp-content\/uploads\/2023\/08\/Francisco-Macedo-vence-Caldeirao-Grande-por-2-a-1-na-II-Copa-AMVI-IMG_0104-150x100.jpg 150w, https:\/\/infonewss.com\/wp-content\/uploads\/2023\/08\/Francisco-Macedo-vence-Caldeirao-Grande-por-2-a-1-na-II-Copa-AMVI-IMG_0104-696x464.jpg 696w, https:\/\/infonewss.com\/wp-content\/uploads\/2023\/08\/Francisco-Macedo-vence-Caldeirao-Grande-por-2-a-1-na-II-Copa-AMVI-IMG_0104.jpg 900w\" data-src=\"https:\/\/infonewss.com\/wp-content\/uploads\/2023\/08\/Francisco-Macedo-vence-Caldeirao-Grande-por-2-a-1-na-II-Copa-AMVI-IMG_0104-300x200.jpg\" data-sizes=\"(max-width: 300px) 100vw, 300px\" \/><\/a><\/div>\n<\/figure>\n<figure class=\"gallery-item\">\n<div class=\"gallery-icon landscape\"><a href=\"https:\/\/infonewss.com\/wp-content\/uploads\/2023\/08\/Francisco-Macedo-vence-Caldeirao-Grande-por-2-a-1-na-II-Copa-AMVI-IMG_0106.jpg\"><img loading=\"lazy\" decoding=\"async\" class=\"attachment-medium size-medium lazyload\" src=\"data:image\/gif;base64,R0lGODlhAQABAAAAACH5BAEKAAEALAAAAAABAAEAAAICTAEAOw==\" alt=\"\" width=\"300\" height=\"200\" data-srcset=\"https:\/\/infonewss.com\/wp-content\/uploads\/2023\/08\/Francisco-Macedo-vence-Caldeirao-Grande-por-2-a-1-na-II-Copa-AMVI-IMG_0106-300x200.jpg 300w, https:\/\/infonewss.com\/wp-content\/uploads\/2023\/08\/Francisco-Macedo-vence-Caldeirao-Grande-por-2-a-1-na-II-Copa-AMVI-IMG_0106-768x512.jpg 768w, https:\/\/infonewss.com\/wp-content\/uploads\/2023\/08\/Francisco-Macedo-vence-Caldeirao-Grande-por-2-a-1-na-II-Copa-AMVI-IMG_0106-150x100.jpg 150w, https:\/\/infonewss.com\/wp-content\/uploads\/2023\/08\/Francisco-Macedo-vence-Caldeirao-Grande-por-2-a-1-na-II-Copa-AMVI-IMG_0106-696x464.jpg 696w, https:\/\/infonewss.com\/wp-content\/uploads\/2023\/08\/Francisco-Macedo-vence-Caldeirao-Grande-por-2-a-1-na-II-Copa-AMVI-IMG_0106.jpg 900w\" data-src=\"https:\/\/infonewss.com\/wp-content\/uploads\/2023\/08\/Francisco-Macedo-vence-Caldeirao-Grande-por-2-a-1-na-II-Copa-AMVI-IMG_0106-300x200.jpg\" data-sizes=\"(max-width: 300px) 100vw, 300px\" \/><\/a><\/div>\n<\/figure>\n<figure class=\"gallery-item\">\n<div class=\"gallery-icon landscape\"><a href=\"https:\/\/infonewss.com\/wp-content\/uploads\/2023\/08\/Francisco-Macedo-vence-Caldeirao-Grande-por-2-a-1-na-II-Copa-AMVI-IMG_0107.jpg\"><img loading=\"lazy\" decoding=\"async\" class=\"attachment-medium size-medium lazyload\" src=\"data:image\/gif;base64,R0lGODlhAQABAAAAACH5BAEKAAEALAAAAAABAAEAAAICTAEAOw==\" alt=\"\" width=\"300\" height=\"200\" data-srcset=\"https:\/\/infonewss.com\/wp-content\/uploads\/2023\/08\/Francisco-Macedo-vence-Caldeirao-Grande-por-2-a-1-na-II-Copa-AMVI-IMG_0107-300x200.jpg 300w, https:\/\/infonewss.com\/wp-content\/uploads\/2023\/08\/Francisco-Macedo-vence-Caldeirao-Grande-por-2-a-1-na-II-Copa-AMVI-IMG_0107-768x512.jpg 768w, https:\/\/infonewss.com\/wp-content\/uploads\/2023\/08\/Francisco-Macedo-vence-Caldeirao-Grande-por-2-a-1-na-II-Copa-AMVI-IMG_0107-150x100.jpg 150w, https:\/\/infonewss.com\/wp-content\/uploads\/2023\/08\/Francisco-Macedo-vence-Caldeirao-Grande-por-2-a-1-na-II-Copa-AMVI-IMG_0107-696x464.jpg 696w, https:\/\/infonewss.com\/wp-content\/uploads\/2023\/08\/Francisco-Macedo-vence-Caldeirao-Grande-por-2-a-1-na-II-Copa-AMVI-IMG_0107.jpg 900w\" data-src=\"https:\/\/infonewss.com\/wp-content\/uploads\/2023\/08\/Francisco-Macedo-vence-Caldeirao-Grande-por-2-a-1-na-II-Copa-AMVI-IMG_0107-300x200.jpg\" data-sizes=\"(max-width: 300px) 100vw, 300px\" \/><\/a><\/div>\n<\/figure>\n<figure class=\"gallery-item\">\n<div class=\"gallery-icon portrait\"><a href=\"https:\/\/infonewss.com\/wp-content\/uploads\/2023\/08\/Francisco-Macedo-vence-Caldeirao-Grande-por-2-a-1-na-II-Copa-AMVI-IMG_0108.jpg\"><img loading=\"lazy\" decoding=\"async\" class=\"attachment-medium size-medium lazyload\" src=\"data:image\/gif;base64,R0lGODlhAQABAAAAACH5BAEKAAEALAAAAAABAAEAAAICTAEAOw==\" alt=\"\" width=\"200\" height=\"300\" data-srcset=\"https:\/\/infonewss.com\/wp-content\/uploads\/2023\/08\/Francisco-Macedo-vence-Caldeirao-Grande-por-2-a-1-na-II-Copa-AMVI-IMG_0108-200x300.jpg 200w, https:\/\/infonewss.com\/wp-content\/uploads\/2023\/08\/Francisco-Macedo-vence-Caldeirao-Grande-por-2-a-1-na-II-Copa-AMVI-IMG_0108-683x1024.jpg 683w, https:\/\/infonewss.com\/wp-content\/uploads\/2023\/08\/Francisco-Macedo-vence-Caldeirao-Grande-por-2-a-1-na-II-Copa-AMVI-IMG_0108-768x1152.jpg 768w, https:\/\/infonewss.com\/wp-content\/uploads\/2023\/08\/Francisco-Macedo-vence-Caldeirao-Grande-por-2-a-1-na-II-Copa-AMVI-IMG_0108-150x225.jpg 150w, https:\/\/infonewss.com\/wp-content\/uploads\/2023\/08\/Francisco-Macedo-vence-Caldeirao-Grande-por-2-a-1-na-II-Copa-AMVI-IMG_0108-300x450.jpg 300w, https:\/\/infonewss.com\/wp-content\/uploads\/2023\/08\/Francisco-Macedo-vence-Caldeirao-Grande-por-2-a-1-na-II-Copa-AMVI-IMG_0108-696x1044.jpg 696w, https:\/\/infonewss.com\/wp-content\/uploads\/2023\/08\/Francisco-Macedo-vence-Caldeirao-Grande-por-2-a-1-na-II-Copa-AMVI-IMG_0108.jpg 900w\" data-src=\"https:\/\/infonewss.com\/wp-content\/uploads\/2023\/08\/Francisco-Macedo-vence-Caldeirao-Grande-por-2-a-1-na-II-Copa-AMVI-IMG_0108-200x300.jpg\" data-sizes=\"(max-width: 200px) 100vw, 200px\" \/><\/a><\/div>\n<\/figure>\n<figure class=\"gallery-item\">\n<div class=\"gallery-icon landscape\"><a href=\"https:\/\/infonewss.com\/wp-content\/uploads\/2023\/08\/Francisco-Macedo-vence-Caldeirao-Grande-por-2-a-1-na-II-Copa-AMVI-IMG_0109.jpg\"><img loading=\"lazy\" decoding=\"async\" class=\"attachment-medium size-medium lazyload\" src=\"data:image\/gif;base64,R0lGODlhAQABAAAAACH5BAEKAAEALAAAAAABAAEAAAICTAEAOw==\" alt=\"\" width=\"300\" height=\"200\" data-srcset=\"https:\/\/infonewss.com\/wp-content\/uploads\/2023\/08\/Francisco-Macedo-vence-Caldeirao-Grande-por-2-a-1-na-II-Copa-AMVI-IMG_0109-300x200.jpg 300w, https:\/\/infonewss.com\/wp-content\/uploads\/2023\/08\/Francisco-Macedo-vence-Caldeirao-Grande-por-2-a-1-na-II-Copa-AMVI-IMG_0109-768x512.jpg 768w, https:\/\/infonewss.com\/wp-content\/uploads\/2023\/08\/Francisco-Macedo-vence-Caldeirao-Grande-por-2-a-1-na-II-Copa-AMVI-IMG_0109-150x100.jpg 150w, https:\/\/infonewss.com\/wp-content\/uploads\/2023\/08\/Francisco-Macedo-vence-Caldeirao-Grande-por-2-a-1-na-II-Copa-AMVI-IMG_0109-696x464.jpg 696w, https:\/\/infonewss.com\/wp-content\/uploads\/2023\/08\/Francisco-Macedo-vence-Caldeirao-Grande-por-2-a-1-na-II-Copa-AMVI-IMG_0109.jpg 900w\" data-src=\"https:\/\/infonewss.com\/wp-content\/uploads\/2023\/08\/Francisco-Macedo-vence-Caldeirao-Grande-por-2-a-1-na-II-Copa-AMVI-IMG_0109-300x200.jpg\" data-sizes=\"(max-width: 300px) 100vw, 300px\" \/><\/a><\/div>\n<\/figure>\n<figure class=\"gallery-item\">\n<div class=\"gallery-icon portrait\"><a href=\"https:\/\/infonewss.com\/wp-content\/uploads\/2023\/08\/Francisco-Macedo-vence-Caldeirao-Grande-por-2-a-1-na-II-Copa-AMVI-IMG_0110.jpg\"><img loading=\"lazy\" decoding=\"async\" class=\"attachment-medium size-medium lazyload\" src=\"data:image\/gif;base64,R0lGODlhAQABAAAAACH5BAEKAAEALAAAAAABAAEAAAICTAEAOw==\" alt=\"\" width=\"200\" height=\"300\" data-srcset=\"https:\/\/infonewss.com\/wp-content\/uploads\/2023\/08\/Francisco-Macedo-vence-Caldeirao-Grande-por-2-a-1-na-II-Copa-AMVI-IMG_0110-200x300.jpg 200w, https:\/\/infonewss.com\/wp-content\/uploads\/2023\/08\/Francisco-Macedo-vence-Caldeirao-Grande-por-2-a-1-na-II-Copa-AMVI-IMG_0110-683x1024.jpg 683w, https:\/\/infonewss.com\/wp-content\/uploads\/2023\/08\/Francisco-Macedo-vence-Caldeirao-Grande-por-2-a-1-na-II-Copa-AMVI-IMG_0110-768x1152.jpg 768w, https:\/\/infonewss.com\/wp-content\/uploads\/2023\/08\/Francisco-Macedo-vence-Caldeirao-Grande-por-2-a-1-na-II-Copa-AMVI-IMG_0110-150x225.jpg 150w, https:\/\/infonewss.com\/wp-content\/uploads\/2023\/08\/Francisco-Macedo-vence-Caldeirao-Grande-por-2-a-1-na-II-Copa-AMVI-IMG_0110-300x450.jpg 300w, https:\/\/infonewss.com\/wp-content\/uploads\/2023\/08\/Francisco-Macedo-vence-Caldeirao-Grande-por-2-a-1-na-II-Copa-AMVI-IMG_0110-696x1044.jpg 696w, https:\/\/infonewss.com\/wp-content\/uploads\/2023\/08\/Francisco-Macedo-vence-Caldeirao-Grande-por-2-a-1-na-II-Copa-AMVI-IMG_0110.jpg 900w\" data-src=\"https:\/\/infonewss.com\/wp-content\/uploads\/2023\/08\/Francisco-Macedo-vence-Caldeirao-Grande-por-2-a-1-na-II-Copa-AMVI-IMG_0110-200x300.jpg\" data-sizes=\"(max-width: 200px) 100vw, 200px\" \/><\/a><\/div>\n<\/figure>\n<figure class=\"gallery-item\">\n<div class=\"gallery-icon landscape\"><a href=\"https:\/\/infonewss.com\/wp-content\/uploads\/2023\/08\/Francisco-Macedo-vence-Caldeirao-Grande-por-2-a-1-na-II-Copa-AMVI-IMG_0111.jpg\"><img loading=\"lazy\" decoding=\"async\" class=\"attachment-medium size-medium lazyload\" src=\"data:image\/gif;base64,R0lGODlhAQABAAAAACH5BAEKAAEALAAAAAABAAEAAAICTAEAOw==\" alt=\"\" width=\"300\" height=\"200\" data-srcset=\"https:\/\/infonewss.com\/wp-content\/uploads\/2023\/08\/Francisco-Macedo-vence-Caldeirao-Grande-por-2-a-1-na-II-Copa-AMVI-IMG_0111-300x200.jpg 300w, https:\/\/infonewss.com\/wp-content\/uploads\/2023\/08\/Francisco-Macedo-vence-Caldeirao-Grande-por-2-a-1-na-II-Copa-AMVI-IMG_0111-768x512.jpg 768w, https:\/\/infonewss.com\/wp-content\/uploads\/2023\/08\/Francisco-Macedo-vence-Caldeirao-Grande-por-2-a-1-na-II-Copa-AMVI-IMG_0111-150x100.jpg 150w, https:\/\/infonewss.com\/wp-content\/uploads\/2023\/08\/Francisco-Macedo-vence-Caldeirao-Grande-por-2-a-1-na-II-Copa-AMVI-IMG_0111-696x464.jpg 696w, https:\/\/infonewss.com\/wp-content\/uploads\/2023\/08\/Francisco-Macedo-vence-Caldeirao-Grande-por-2-a-1-na-II-Copa-AMVI-IMG_0111.jpg 900w\" data-src=\"https:\/\/infonewss.com\/wp-content\/uploads\/2023\/08\/Francisco-Macedo-vence-Caldeirao-Grande-por-2-a-1-na-II-Copa-AMVI-IMG_0111-300x200.jpg\" data-sizes=\"(max-width: 300px) 100vw, 300px\" \/><\/a><\/div>\n<\/figure>\n<figure class=\"gallery-item\">\n<div class=\"gallery-icon landscape\"><a href=\"https:\/\/infonewss.com\/wp-content\/uploads\/2023\/08\/Francisco-Macedo-vence-Caldeirao-Grande-por-2-a-1-na-II-Copa-AMVI-IMG_0112.jpg\"><img loading=\"lazy\" decoding=\"async\" class=\"attachment-medium size-medium lazyload\" src=\"data:image\/gif;base64,R0lGODlhAQABAAAAACH5BAEKAAEALAAAAAABAAEAAAICTAEAOw==\" alt=\"\" width=\"300\" height=\"200\" data-srcset=\"https:\/\/infonewss.com\/wp-content\/uploads\/2023\/08\/Francisco-Macedo-vence-Caldeirao-Grande-por-2-a-1-na-II-Copa-AMVI-IMG_0112-300x200.jpg 300w, https:\/\/infonewss.com\/wp-content\/uploads\/2023\/08\/Francisco-Macedo-vence-Caldeirao-Grande-por-2-a-1-na-II-Copa-AMVI-IMG_0112-768x512.jpg 768w, https:\/\/infonewss.com\/wp-content\/uploads\/2023\/08\/Francisco-Macedo-vence-Caldeirao-Grande-por-2-a-1-na-II-Copa-AMVI-IMG_0112-150x100.jpg 150w, https:\/\/infonewss.com\/wp-content\/uploads\/2023\/08\/Francisco-Macedo-vence-Caldeirao-Grande-por-2-a-1-na-II-Copa-AMVI-IMG_0112-696x464.jpg 696w, https:\/\/infonewss.com\/wp-content\/uploads\/2023\/08\/Francisco-Macedo-vence-Caldeirao-Grande-por-2-a-1-na-II-Copa-AMVI-IMG_0112.jpg 900w\" data-src=\"https:\/\/infonewss.com\/wp-content\/uploads\/2023\/08\/Francisco-Macedo-vence-Caldeirao-Grande-por-2-a-1-na-II-Copa-AMVI-IMG_0112-300x200.jpg\" data-sizes=\"(max-width: 300px) 100vw, 300px\" \/><\/a><\/div>\n<\/figure>\n<figure class=\"gallery-item\">\n<div class=\"gallery-icon landscape\"><a href=\"https:\/\/infonewss.com\/wp-content\/uploads\/2023\/08\/Francisco-Macedo-vence-Caldeirao-Grande-por-2-a-1-na-II-Copa-AMVI-IMG_0113.jpg\"><img loading=\"lazy\" decoding=\"async\" class=\"attachment-medium size-medium lazyload\" src=\"data:image\/gif;base64,R0lGODlhAQABAAAAACH5BAEKAAEALAAAAAABAAEAAAICTAEAOw==\" alt=\"\" width=\"300\" height=\"200\" data-srcset=\"https:\/\/infonewss.com\/wp-content\/uploads\/2023\/08\/Francisco-Macedo-vence-Caldeirao-Grande-por-2-a-1-na-II-Copa-AMVI-IMG_0113-300x200.jpg 300w, https:\/\/infonewss.com\/wp-content\/uploads\/2023\/08\/Francisco-Macedo-vence-Caldeirao-Grande-por-2-a-1-na-II-Copa-AMVI-IMG_0113-768x512.jpg 768w, https:\/\/infonewss.com\/wp-content\/uploads\/2023\/08\/Francisco-Macedo-vence-Caldeirao-Grande-por-2-a-1-na-II-Copa-AMVI-IMG_0113-150x100.jpg 150w, https:\/\/infonewss.com\/wp-content\/uploads\/2023\/08\/Francisco-Macedo-vence-Caldeirao-Grande-por-2-a-1-na-II-Copa-AMVI-IMG_0113-696x464.jpg 696w, https:\/\/infonewss.com\/wp-content\/uploads\/2023\/08\/Francisco-Macedo-vence-Caldeirao-Grande-por-2-a-1-na-II-Copa-AMVI-IMG_0113.jpg 900w\" data-src=\"https:\/\/infonewss.com\/wp-content\/uploads\/2023\/08\/Francisco-Macedo-vence-Caldeirao-Grande-por-2-a-1-na-II-Copa-AMVI-IMG_0113-300x200.jpg\" data-sizes=\"(max-width: 300px) 100vw, 300px\" \/><\/a><\/div>\n<\/figure>\n<figure class=\"gallery-item\">\n<div class=\"gallery-icon landscape\"><a href=\"https:\/\/infonewss.com\/wp-content\/uploads\/2023\/08\/Francisco-Macedo-vence-Caldeirao-Grande-por-2-a-1-na-II-Copa-AMVI-IMG_0114.jpg\"><img loading=\"lazy\" decoding=\"async\" class=\"attachment-medium size-medium lazyload\" src=\"data:image\/gif;base64,R0lGODlhAQABAAAAACH5BAEKAAEALAAAAAABAAEAAAICTAEAOw==\" alt=\"\" width=\"300\" height=\"200\" data-srcset=\"https:\/\/infonewss.com\/wp-content\/uploads\/2023\/08\/Francisco-Macedo-vence-Caldeirao-Grande-por-2-a-1-na-II-Copa-AMVI-IMG_0114-300x200.jpg 300w, https:\/\/infonewss.com\/wp-content\/uploads\/2023\/08\/Francisco-Macedo-vence-Caldeirao-Grande-por-2-a-1-na-II-Copa-AMVI-IMG_0114-768x512.jpg 768w, https:\/\/infonewss.com\/wp-content\/uploads\/2023\/08\/Francisco-Macedo-vence-Caldeirao-Grande-por-2-a-1-na-II-Copa-AMVI-IMG_0114-150x100.jpg 150w, https:\/\/infonewss.com\/wp-content\/uploads\/2023\/08\/Francisco-Macedo-vence-Caldeirao-Grande-por-2-a-1-na-II-Copa-AMVI-IMG_0114-696x464.jpg 696w, https:\/\/infonewss.com\/wp-content\/uploads\/2023\/08\/Francisco-Macedo-vence-Caldeirao-Grande-por-2-a-1-na-II-Copa-AMVI-IMG_0114.jpg 900w\" data-src=\"https:\/\/infonewss.com\/wp-content\/uploads\/2023\/08\/Francisco-Macedo-vence-Caldeirao-Grande-por-2-a-1-na-II-Copa-AMVI-IMG_0114-300x200.jpg\" data-sizes=\"(max-width: 300px) 100vw, 300px\" \/><\/a><\/div>\n<\/figure>\n<figure class=\"gallery-item\">\n<div class=\"gallery-icon landscape\"><a href=\"https:\/\/infonewss.com\/wp-content\/uploads\/2023\/08\/Francisco-Macedo-vence-Caldeirao-Grande-por-2-a-1-na-II-Copa-AMVI-IMG_0116.jpg\"><img loading=\"lazy\" decoding=\"async\" class=\"attachment-medium size-medium lazyload\" src=\"data:image\/gif;base64,R0lGODlhAQABAAAAACH5BAEKAAEALAAAAAABAAEAAAICTAEAOw==\" alt=\"\" width=\"300\" height=\"200\" data-srcset=\"https:\/\/infonewss.com\/wp-content\/uploads\/2023\/08\/Francisco-Macedo-vence-Caldeirao-Grande-por-2-a-1-na-II-Copa-AMVI-IMG_0116-300x200.jpg 300w, https:\/\/infonewss.com\/wp-content\/uploads\/2023\/08\/Francisco-Macedo-vence-Caldeirao-Grande-por-2-a-1-na-II-Copa-AMVI-IMG_0116-768x512.jpg 768w, https:\/\/infonewss.com\/wp-content\/uploads\/2023\/08\/Francisco-Macedo-vence-Caldeirao-Grande-por-2-a-1-na-II-Copa-AMVI-IMG_0116-150x100.jpg 150w, https:\/\/infonewss.com\/wp-content\/uploads\/2023\/08\/Francisco-Macedo-vence-Caldeirao-Grande-por-2-a-1-na-II-Copa-AMVI-IMG_0116-696x464.jpg 696w, https:\/\/infonewss.com\/wp-content\/uploads\/2023\/08\/Francisco-Macedo-vence-Caldeirao-Grande-por-2-a-1-na-II-Copa-AMVI-IMG_0116.jpg 900w\" data-src=\"https:\/\/infonewss.com\/wp-content\/uploads\/2023\/08\/Francisco-Macedo-vence-Caldeirao-Grande-por-2-a-1-na-II-Copa-AMVI-IMG_0116-300x200.jpg\" data-sizes=\"(max-width: 300px) 100vw, 300px\" \/><\/a><\/div>\n<\/figure>\n<figure class=\"gallery-item\">\n<div class=\"gallery-icon landscape\"><a href=\"https:\/\/infonewss.com\/wp-content\/uploads\/2023\/08\/Francisco-Macedo-vence-Caldeirao-Grande-por-2-a-1-na-II-Copa-AMVI-IMG_0118.jpg\"><img loading=\"lazy\" decoding=\"async\" class=\"attachment-medium size-medium lazyload\" src=\"data:image\/gif;base64,R0lGODlhAQABAAAAACH5BAEKAAEALAAAAAABAAEAAAICTAEAOw==\" alt=\"\" width=\"300\" height=\"200\" data-srcset=\"https:\/\/infonewss.com\/wp-content\/uploads\/2023\/08\/Francisco-Macedo-vence-Caldeirao-Grande-por-2-a-1-na-II-Copa-AMVI-IMG_0118-300x200.jpg 300w, https:\/\/infonewss.com\/wp-content\/uploads\/2023\/08\/Francisco-Macedo-vence-Caldeirao-Grande-por-2-a-1-na-II-Copa-AMVI-IMG_0118-768x512.jpg 768w, https:\/\/infonewss.com\/wp-content\/uploads\/2023\/08\/Francisco-Macedo-vence-Caldeirao-Grande-por-2-a-1-na-II-Copa-AMVI-IMG_0118-150x100.jpg 150w, https:\/\/infonewss.com\/wp-content\/uploads\/2023\/08\/Francisco-Macedo-vence-Caldeirao-Grande-por-2-a-1-na-II-Copa-AMVI-IMG_0118-696x464.jpg 696w, https:\/\/infonewss.com\/wp-content\/uploads\/2023\/08\/Francisco-Macedo-vence-Caldeirao-Grande-por-2-a-1-na-II-Copa-AMVI-IMG_0118.jpg 900w\" data-src=\"https:\/\/infonewss.com\/wp-content\/uploads\/2023\/08\/Francisco-Macedo-vence-Caldeirao-Grande-por-2-a-1-na-II-Copa-AMVI-IMG_0118-300x200.jpg\" data-sizes=\"(max-width: 300px) 100vw, 300px\" \/><\/a><\/div>\n<\/figure>\n<figure class=\"gallery-item\">\n<div class=\"gallery-icon portrait\"><a href=\"https:\/\/infonewss.com\/wp-content\/uploads\/2023\/08\/Francisco-Macedo-vence-Caldeirao-Grande-por-2-a-1-na-II-Copa-AMVI-IMG_0119.jpg\"><img loading=\"lazy\" decoding=\"async\" class=\"attachment-medium size-medium lazyload\" src=\"data:image\/gif;base64,R0lGODlhAQABAAAAACH5BAEKAAEALAAAAAABAAEAAAICTAEAOw==\" alt=\"\" width=\"200\" height=\"300\" data-srcset=\"https:\/\/infonewss.com\/wp-content\/uploads\/2023\/08\/Francisco-Macedo-vence-Caldeirao-Grande-por-2-a-1-na-II-Copa-AMVI-IMG_0119-200x300.jpg 200w, https:\/\/infonewss.com\/wp-content\/uploads\/2023\/08\/Francisco-Macedo-vence-Caldeirao-Grande-por-2-a-1-na-II-Copa-AMVI-IMG_0119-683x1024.jpg 683w, https:\/\/infonewss.com\/wp-content\/uploads\/2023\/08\/Francisco-Macedo-vence-Caldeirao-Grande-por-2-a-1-na-II-Copa-AMVI-IMG_0119-768x1152.jpg 768w, https:\/\/infonewss.com\/wp-content\/uploads\/2023\/08\/Francisco-Macedo-vence-Caldeirao-Grande-por-2-a-1-na-II-Copa-AMVI-IMG_0119-150x225.jpg 150w, https:\/\/infonewss.com\/wp-content\/uploads\/2023\/08\/Francisco-Macedo-vence-Caldeirao-Grande-por-2-a-1-na-II-Copa-AMVI-IMG_0119-300x450.jpg 300w, https:\/\/infonewss.com\/wp-content\/uploads\/2023\/08\/Francisco-Macedo-vence-Caldeirao-Grande-por-2-a-1-na-II-Copa-AMVI-IMG_0119-696x1044.jpg 696w, https:\/\/infonewss.com\/wp-content\/uploads\/2023\/08\/Francisco-Macedo-vence-Caldeirao-Grande-por-2-a-1-na-II-Copa-AMVI-IMG_0119.jpg 900w\" data-src=\"https:\/\/infonewss.com\/wp-content\/uploads\/2023\/08\/Francisco-Macedo-vence-Caldeirao-Grande-por-2-a-1-na-II-Copa-AMVI-IMG_0119-200x300.jpg\" data-sizes=\"(max-width: 200px) 100vw, 200px\" \/><\/a><\/div>\n<\/figure>\n<figure class=\"gallery-item\">\n<div class=\"gallery-icon landscape\"><a href=\"https:\/\/infonewss.com\/wp-content\/uploads\/2023\/08\/Francisco-Macedo-vence-Caldeirao-Grande-por-2-a-1-na-II-Copa-AMVI-IMG_0120.jpg\"><img loading=\"lazy\" decoding=\"async\" class=\"attachment-medium size-medium lazyload\" src=\"data:image\/gif;base64,R0lGODlhAQABAAAAACH5BAEKAAEALAAAAAABAAEAAAICTAEAOw==\" alt=\"\" width=\"300\" height=\"200\" data-srcset=\"https:\/\/infonewss.com\/wp-content\/uploads\/2023\/08\/Francisco-Macedo-vence-Caldeirao-Grande-por-2-a-1-na-II-Copa-AMVI-IMG_0120-300x200.jpg 300w, https:\/\/infonewss.com\/wp-content\/uploads\/2023\/08\/Francisco-Macedo-vence-Caldeirao-Grande-por-2-a-1-na-II-Copa-AMVI-IMG_0120-768x512.jpg 768w, https:\/\/infonewss.com\/wp-content\/uploads\/2023\/08\/Francisco-Macedo-vence-Caldeirao-Grande-por-2-a-1-na-II-Copa-AMVI-IMG_0120-150x100.jpg 150w, https:\/\/infonewss.com\/wp-content\/uploads\/2023\/08\/Francisco-Macedo-vence-Caldeirao-Grande-por-2-a-1-na-II-Copa-AMVI-IMG_0120-696x464.jpg 696w, https:\/\/infonewss.com\/wp-content\/uploads\/2023\/08\/Francisco-Macedo-vence-Caldeirao-Grande-por-2-a-1-na-II-Copa-AMVI-IMG_0120.jpg 900w\" data-src=\"https:\/\/infonewss.com\/wp-content\/uploads\/2023\/08\/Francisco-Macedo-vence-Caldeirao-Grande-por-2-a-1-na-II-Copa-AMVI-IMG_0120-300x200.jpg\" data-sizes=\"(max-width: 300px) 100vw, 300px\" \/><\/a><\/div>\n<\/figure>\n<figure class=\"gallery-item\">\n<div class=\"gallery-icon landscape\"><a href=\"https:\/\/infonewss.com\/wp-content\/uploads\/2023\/08\/Francisco-Macedo-vence-Caldeirao-Grande-por-2-a-1-na-II-Copa-AMVI-IMG_0121.jpg\"><img loading=\"lazy\" decoding=\"async\" class=\"attachment-medium size-medium lazyload\" src=\"data:image\/gif;base64,R0lGODlhAQABAAAAACH5BAEKAAEALAAAAAABAAEAAAICTAEAOw==\" alt=\"\" width=\"300\" height=\"200\" data-srcset=\"https:\/\/infonewss.com\/wp-content\/uploads\/2023\/08\/Francisco-Macedo-vence-Caldeirao-Grande-por-2-a-1-na-II-Copa-AMVI-IMG_0121-300x200.jpg 300w, https:\/\/infonewss.com\/wp-content\/uploads\/2023\/08\/Francisco-Macedo-vence-Caldeirao-Grande-por-2-a-1-na-II-Copa-AMVI-IMG_0121-768x512.jpg 768w, https:\/\/infonewss.com\/wp-content\/uploads\/2023\/08\/Francisco-Macedo-vence-Caldeirao-Grande-por-2-a-1-na-II-Copa-AMVI-IMG_0121-150x100.jpg 150w, https:\/\/infonewss.com\/wp-content\/uploads\/2023\/08\/Francisco-Macedo-vence-Caldeirao-Grande-por-2-a-1-na-II-Copa-AMVI-IMG_0121-696x464.jpg 696w, https:\/\/infonewss.com\/wp-content\/uploads\/2023\/08\/Francisco-Macedo-vence-Caldeirao-Grande-por-2-a-1-na-II-Copa-AMVI-IMG_0121.jpg 900w\" data-src=\"https:\/\/infonewss.com\/wp-content\/uploads\/2023\/08\/Francisco-Macedo-vence-Caldeirao-Grande-por-2-a-1-na-II-Copa-AMVI-IMG_0121-300x200.jpg\" data-sizes=\"(max-width: 300px) 100vw, 300px\" \/><\/a><\/div>\n<\/figure>\n<figure class=\"gallery-item\">\n<div class=\"gallery-icon landscape\"><a href=\"https:\/\/infonewss.com\/wp-content\/uploads\/2023\/08\/Francisco-Macedo-vence-Caldeirao-Grande-por-2-a-1-na-II-Copa-AMVI-IMG_0122.jpg\"><img loading=\"lazy\" decoding=\"async\" class=\"attachment-medium size-medium lazyload\" src=\"data:image\/gif;base64,R0lGODlhAQABAAAAACH5BAEKAAEALAAAAAABAAEAAAICTAEAOw==\" alt=\"\" width=\"300\" height=\"200\" data-srcset=\"https:\/\/infonewss.com\/wp-content\/uploads\/2023\/08\/Francisco-Macedo-vence-Caldeirao-Grande-por-2-a-1-na-II-Copa-AMVI-IMG_0122-300x200.jpg 300w, https:\/\/infonewss.com\/wp-content\/uploads\/2023\/08\/Francisco-Macedo-vence-Caldeirao-Grande-por-2-a-1-na-II-Copa-AMVI-IMG_0122-768x512.jpg 768w, https:\/\/infonewss.com\/wp-content\/uploads\/2023\/08\/Francisco-Macedo-vence-Caldeirao-Grande-por-2-a-1-na-II-Copa-AMVI-IMG_0122-150x100.jpg 150w, https:\/\/infonewss.com\/wp-content\/uploads\/2023\/08\/Francisco-Macedo-vence-Caldeirao-Grande-por-2-a-1-na-II-Copa-AMVI-IMG_0122-696x464.jpg 696w, https:\/\/infonewss.com\/wp-content\/uploads\/2023\/08\/Francisco-Macedo-vence-Caldeirao-Grande-por-2-a-1-na-II-Copa-AMVI-IMG_0122.jpg 900w\" data-src=\"https:\/\/infonewss.com\/wp-content\/uploads\/2023\/08\/Francisco-Macedo-vence-Caldeirao-Grande-por-2-a-1-na-II-Copa-AMVI-IMG_0122-300x200.jpg\" data-sizes=\"(max-width: 300px) 100vw, 300px\" \/><\/a><\/div>\n<\/figure>\n<figure class=\"gallery-item\">\n<div class=\"gallery-icon landscape\"><a href=\"https:\/\/infonewss.com\/wp-content\/uploads\/2023\/08\/Francisco-Macedo-vence-Caldeirao-Grande-por-2-a-1-na-II-Copa-AMVI-IMG_0124.jpg\"><img loading=\"lazy\" decoding=\"async\" class=\"attachment-medium size-medium lazyload\" src=\"data:image\/gif;base64,R0lGODlhAQABAAAAACH5BAEKAAEALAAAAAABAAEAAAICTAEAOw==\" alt=\"\" width=\"300\" height=\"200\" data-srcset=\"https:\/\/infonewss.com\/wp-content\/uploads\/2023\/08\/Francisco-Macedo-vence-Caldeirao-Grande-por-2-a-1-na-II-Copa-AMVI-IMG_0124-300x200.jpg 300w, https:\/\/infonewss.com\/wp-content\/uploads\/2023\/08\/Francisco-Macedo-vence-Caldeirao-Grande-por-2-a-1-na-II-Copa-AMVI-IMG_0124-768x512.jpg 768w, https:\/\/infonewss.com\/wp-content\/uploads\/2023\/08\/Francisco-Macedo-vence-Caldeirao-Grande-por-2-a-1-na-II-Copa-AMVI-IMG_0124-150x100.jpg 150w, https:\/\/infonewss.com\/wp-content\/uploads\/2023\/08\/Francisco-Macedo-vence-Caldeirao-Grande-por-2-a-1-na-II-Copa-AMVI-IMG_0124-696x464.jpg 696w, https:\/\/infonewss.com\/wp-content\/uploads\/2023\/08\/Francisco-Macedo-vence-Caldeirao-Grande-por-2-a-1-na-II-Copa-AMVI-IMG_0124.jpg 900w\" data-src=\"https:\/\/infonewss.com\/wp-content\/uploads\/2023\/08\/Francisco-Macedo-vence-Caldeirao-Grande-por-2-a-1-na-II-Copa-AMVI-IMG_0124-300x200.jpg\" data-sizes=\"(max-width: 300px) 100vw, 300px\" \/><\/a><\/div>\n<\/figure>\n<figure class=\"gallery-item\">\n<div class=\"gallery-icon landscape\"><a href=\"https:\/\/infonewss.com\/wp-content\/uploads\/2023\/08\/Francisco-Macedo-vence-Caldeirao-Grande-por-2-a-1-na-II-Copa-AMVI-IMG_0125.jpg\"><img loading=\"lazy\" decoding=\"async\" class=\"attachment-medium size-medium lazyload\" src=\"data:image\/gif;base64,R0lGODlhAQABAAAAACH5BAEKAAEALAAAAAABAAEAAAICTAEAOw==\" alt=\"\" width=\"300\" height=\"200\" data-srcset=\"https:\/\/infonewss.com\/wp-content\/uploads\/2023\/08\/Francisco-Macedo-vence-Caldeirao-Grande-por-2-a-1-na-II-Copa-AMVI-IMG_0125-300x200.jpg 300w, https:\/\/infonewss.com\/wp-content\/uploads\/2023\/08\/Francisco-Macedo-vence-Caldeirao-Grande-por-2-a-1-na-II-Copa-AMVI-IMG_0125-768x512.jpg 768w, https:\/\/infonewss.com\/wp-content\/uploads\/2023\/08\/Francisco-Macedo-vence-Caldeirao-Grande-por-2-a-1-na-II-Copa-AMVI-IMG_0125-150x100.jpg 150w, https:\/\/infonewss.com\/wp-content\/uploads\/2023\/08\/Francisco-Macedo-vence-Caldeirao-Grande-por-2-a-1-na-II-Copa-AMVI-IMG_0125-696x464.jpg 696w, https:\/\/infonewss.com\/wp-content\/uploads\/2023\/08\/Francisco-Macedo-vence-Caldeirao-Grande-por-2-a-1-na-II-Copa-AMVI-IMG_0125.jpg 900w\" data-src=\"https:\/\/infonewss.com\/wp-content\/uploads\/2023\/08\/Francisco-Macedo-vence-Caldeirao-Grande-por-2-a-1-na-II-Copa-AMVI-IMG_0125-300x200.jpg\" data-sizes=\"(max-width: 300px) 100vw, 300px\" \/><\/a><\/div>\n<\/figure>\n<figure class=\"gallery-item\">\n<div class=\"gallery-icon landscape\"><a href=\"https:\/\/infonewss.com\/wp-content\/uploads\/2023\/08\/Francisco-Macedo-vence-Caldeirao-Grande-por-2-a-1-na-II-Copa-AMVI-IMG_0126.jpg\"><img loading=\"lazy\" decoding=\"async\" class=\"attachment-medium size-medium lazyload\" src=\"data:image\/gif;base64,R0lGODlhAQABAAAAACH5BAEKAAEALAAAAAABAAEAAAICTAEAOw==\" alt=\"\" width=\"300\" height=\"200\" data-srcset=\"https:\/\/infonewss.com\/wp-content\/uploads\/2023\/08\/Francisco-Macedo-vence-Caldeirao-Grande-por-2-a-1-na-II-Copa-AMVI-IMG_0126-300x200.jpg 300w, https:\/\/infonewss.com\/wp-content\/uploads\/2023\/08\/Francisco-Macedo-vence-Caldeirao-Grande-por-2-a-1-na-II-Copa-AMVI-IMG_0126-768x512.jpg 768w, https:\/\/infonewss.com\/wp-content\/uploads\/2023\/08\/Francisco-Macedo-vence-Caldeirao-Grande-por-2-a-1-na-II-Copa-AMVI-IMG_0126-150x100.jpg 150w, https:\/\/infonewss.com\/wp-content\/uploads\/2023\/08\/Francisco-Macedo-vence-Caldeirao-Grande-por-2-a-1-na-II-Copa-AMVI-IMG_0126-696x464.jpg 696w, https:\/\/infonewss.com\/wp-content\/uploads\/2023\/08\/Francisco-Macedo-vence-Caldeirao-Grande-por-2-a-1-na-II-Copa-AMVI-IMG_0126.jpg 900w\" data-src=\"https:\/\/infonewss.com\/wp-content\/uploads\/2023\/08\/Francisco-Macedo-vence-Caldeirao-Grande-por-2-a-1-na-II-Copa-AMVI-IMG_0126-300x200.jpg\" data-sizes=\"(max-width: 300px) 100vw, 300px\" \/><\/a><\/div>\n<\/figure>\n<figure class=\"gallery-item\">\n<div class=\"gallery-icon landscape\"><a href=\"https:\/\/infonewss.com\/wp-content\/uploads\/2023\/08\/Francisco-Macedo-vence-Caldeirao-Grande-por-2-a-1-na-II-Copa-AMVI-IMG_0128.jpg\"><img loading=\"lazy\" decoding=\"async\" class=\"attachment-medium size-medium lazyload\" src=\"data:image\/gif;base64,R0lGODlhAQABAAAAACH5BAEKAAEALAAAAAABAAEAAAICTAEAOw==\" alt=\"\" width=\"300\" height=\"200\" data-srcset=\"https:\/\/infonewss.com\/wp-content\/uploads\/2023\/08\/Francisco-Macedo-vence-Caldeirao-Grande-por-2-a-1-na-II-Copa-AMVI-IMG_0128-300x200.jpg 300w, https:\/\/infonewss.com\/wp-content\/uploads\/2023\/08\/Francisco-Macedo-vence-Caldeirao-Grande-por-2-a-1-na-II-Copa-AMVI-IMG_0128-768x512.jpg 768w, https:\/\/infonewss.com\/wp-content\/uploads\/2023\/08\/Francisco-Macedo-vence-Caldeirao-Grande-por-2-a-1-na-II-Copa-AMVI-IMG_0128-150x100.jpg 150w, https:\/\/infonewss.com\/wp-content\/uploads\/2023\/08\/Francisco-Macedo-vence-Caldeirao-Grande-por-2-a-1-na-II-Copa-AMVI-IMG_0128-696x464.jpg 696w, https:\/\/infonewss.com\/wp-content\/uploads\/2023\/08\/Francisco-Macedo-vence-Caldeirao-Grande-por-2-a-1-na-II-Copa-AMVI-IMG_0128.jpg 900w\" data-src=\"https:\/\/infonewss.com\/wp-content\/uploads\/2023\/08\/Francisco-Macedo-vence-Caldeirao-Grande-por-2-a-1-na-II-Copa-AMVI-IMG_0128-300x200.jpg\" data-sizes=\"(max-width: 300px) 100vw, 300px\" \/><\/a><\/div>\n<\/figure>\n<figure class=\"gallery-item\">\n<div class=\"gallery-icon landscape\"><a href=\"https:\/\/infonewss.com\/wp-content\/uploads\/2023\/08\/Francisco-Macedo-vence-Caldeirao-Grande-por-2-a-1-na-II-Copa-AMVI-IMG_0131.jpg\"><img loading=\"lazy\" decoding=\"async\" class=\"attachment-medium size-medium lazyload\" src=\"data:image\/gif;base64,R0lGODlhAQABAAAAACH5BAEKAAEALAAAAAABAAEAAAICTAEAOw==\" alt=\"\" width=\"300\" height=\"200\" data-srcset=\"https:\/\/infonewss.com\/wp-content\/uploads\/2023\/08\/Francisco-Macedo-vence-Caldeirao-Grande-por-2-a-1-na-II-Copa-AMVI-IMG_0131-300x200.jpg 300w, https:\/\/infonewss.com\/wp-content\/uploads\/2023\/08\/Francisco-Macedo-vence-Caldeirao-Grande-por-2-a-1-na-II-Copa-AMVI-IMG_0131-768x512.jpg 768w, https:\/\/infonewss.com\/wp-content\/uploads\/2023\/08\/Francisco-Macedo-vence-Caldeirao-Grande-por-2-a-1-na-II-Copa-AMVI-IMG_0131-150x100.jpg 150w, https:\/\/infonewss.com\/wp-content\/uploads\/2023\/08\/Francisco-Macedo-vence-Caldeirao-Grande-por-2-a-1-na-II-Copa-AMVI-IMG_0131-696x464.jpg 696w, https:\/\/infonewss.com\/wp-content\/uploads\/2023\/08\/Francisco-Macedo-vence-Caldeirao-Grande-por-2-a-1-na-II-Copa-AMVI-IMG_0131.jpg 900w\" data-src=\"https:\/\/infonewss.com\/wp-content\/uploads\/2023\/08\/Francisco-Macedo-vence-Caldeirao-Grande-por-2-a-1-na-II-Copa-AMVI-IMG_0131-300x200.jpg\" data-sizes=\"(max-width: 300px) 100vw, 300px\" \/><\/a><\/div>\n<\/figure>\n<figure class=\"gallery-item\">\n<div class=\"gallery-icon portrait\"><a href=\"https:\/\/infonewss.com\/wp-content\/uploads\/2023\/08\/Francisco-Macedo-vence-Caldeirao-Grande-por-2-a-1-na-II-Copa-AMVI-IMG_0132.jpg\"><img loading=\"lazy\" decoding=\"async\" class=\"attachment-medium size-medium lazyload\" src=\"data:image\/gif;base64,R0lGODlhAQABAAAAACH5BAEKAAEALAAAAAABAAEAAAICTAEAOw==\" alt=\"\" width=\"200\" height=\"300\" data-srcset=\"https:\/\/infonewss.com\/wp-content\/uploads\/2023\/08\/Francisco-Macedo-vence-Caldeirao-Grande-por-2-a-1-na-II-Copa-AMVI-IMG_0132-200x300.jpg 200w, https:\/\/infonewss.com\/wp-content\/uploads\/2023\/08\/Francisco-Macedo-vence-Caldeirao-Grande-por-2-a-1-na-II-Copa-AMVI-IMG_0132-683x1024.jpg 683w, https:\/\/infonewss.com\/wp-content\/uploads\/2023\/08\/Francisco-Macedo-vence-Caldeirao-Grande-por-2-a-1-na-II-Copa-AMVI-IMG_0132-768x1152.jpg 768w, https:\/\/infonewss.com\/wp-content\/uploads\/2023\/08\/Francisco-Macedo-vence-Caldeirao-Grande-por-2-a-1-na-II-Copa-AMVI-IMG_0132-150x225.jpg 150w, https:\/\/infonewss.com\/wp-content\/uploads\/2023\/08\/Francisco-Macedo-vence-Caldeirao-Grande-por-2-a-1-na-II-Copa-AMVI-IMG_0132-300x450.jpg 300w, https:\/\/infonewss.com\/wp-content\/uploads\/2023\/08\/Francisco-Macedo-vence-Caldeirao-Grande-por-2-a-1-na-II-Copa-AMVI-IMG_0132-696x1044.jpg 696w, https:\/\/infonewss.com\/wp-content\/uploads\/2023\/08\/Francisco-Macedo-vence-Caldeirao-Grande-por-2-a-1-na-II-Copa-AMVI-IMG_0132.jpg 900w\" data-src=\"https:\/\/infonewss.com\/wp-content\/uploads\/2023\/08\/Francisco-Macedo-vence-Caldeirao-Grande-por-2-a-1-na-II-Copa-AMVI-IMG_0132-200x300.jpg\" data-sizes=\"(max-width: 200px) 100vw, 200px\" \/><\/a><\/div>\n<\/figure>\n<figure class=\"gallery-item\">\n<div class=\"gallery-icon portrait\"><a href=\"https:\/\/infonewss.com\/wp-content\/uploads\/2023\/08\/Francisco-Macedo-vence-Caldeirao-Grande-por-2-a-1-na-II-Copa-AMVI-IMG_0133.jpg\"><img loading=\"lazy\" decoding=\"async\" class=\"attachment-medium size-medium lazyload\" src=\"data:image\/gif;base64,R0lGODlhAQABAAAAACH5BAEKAAEALAAAAAABAAEAAAICTAEAOw==\" alt=\"\" width=\"200\" height=\"300\" data-srcset=\"https:\/\/infonewss.com\/wp-content\/uploads\/2023\/08\/Francisco-Macedo-vence-Caldeirao-Grande-por-2-a-1-na-II-Copa-AMVI-IMG_0133-200x300.jpg 200w, https:\/\/infonewss.com\/wp-content\/uploads\/2023\/08\/Francisco-Macedo-vence-Caldeirao-Grande-por-2-a-1-na-II-Copa-AMVI-IMG_0133-683x1024.jpg 683w, https:\/\/infonewss.com\/wp-content\/uploads\/2023\/08\/Francisco-Macedo-vence-Caldeirao-Grande-por-2-a-1-na-II-Copa-AMVI-IMG_0133-768x1152.jpg 768w, https:\/\/infonewss.com\/wp-content\/uploads\/2023\/08\/Francisco-Macedo-vence-Caldeirao-Grande-por-2-a-1-na-II-Copa-AMVI-IMG_0133-150x225.jpg 150w, https:\/\/infonewss.com\/wp-content\/uploads\/2023\/08\/Francisco-Macedo-vence-Caldeirao-Grande-por-2-a-1-na-II-Copa-AMVI-IMG_0133-300x450.jpg 300w, https:\/\/infonewss.com\/wp-content\/uploads\/2023\/08\/Francisco-Macedo-vence-Caldeirao-Grande-por-2-a-1-na-II-Copa-AMVI-IMG_0133-696x1044.jpg 696w, https:\/\/infonewss.com\/wp-content\/uploads\/2023\/08\/Francisco-Macedo-vence-Caldeirao-Grande-por-2-a-1-na-II-Copa-AMVI-IMG_0133.jpg 900w\" data-src=\"https:\/\/infonewss.com\/wp-content\/uploads\/2023\/08\/Francisco-Macedo-vence-Caldeirao-Grande-por-2-a-1-na-II-Copa-AMVI-IMG_0133-200x300.jpg\" data-sizes=\"(max-width: 200px) 100vw, 200px\" \/><\/a><\/div>\n<\/figure>\n<figure class=\"gallery-item\">\n<div class=\"gallery-icon portrait\"><a href=\"https:\/\/infonewss.com\/wp-content\/uploads\/2023\/08\/Francisco-Macedo-vence-Caldeirao-Grande-por-2-a-1-na-II-Copa-AMVI-IMG_0134.jpg\"><img loading=\"lazy\" decoding=\"async\" class=\"attachment-medium size-medium lazyload\" src=\"data:image\/gif;base64,R0lGODlhAQABAAAAACH5BAEKAAEALAAAAAABAAEAAAICTAEAOw==\" alt=\"\" width=\"200\" height=\"300\" data-srcset=\"https:\/\/infonewss.com\/wp-content\/uploads\/2023\/08\/Francisco-Macedo-vence-Caldeirao-Grande-por-2-a-1-na-II-Copa-AMVI-IMG_0134-200x300.jpg 200w, https:\/\/infonewss.com\/wp-content\/uploads\/2023\/08\/Francisco-Macedo-vence-Caldeirao-Grande-por-2-a-1-na-II-Copa-AMVI-IMG_0134-683x1024.jpg 683w, https:\/\/infonewss.com\/wp-content\/uploads\/2023\/08\/Francisco-Macedo-vence-Caldeirao-Grande-por-2-a-1-na-II-Copa-AMVI-IMG_0134-768x1152.jpg 768w, https:\/\/infonewss.com\/wp-content\/uploads\/2023\/08\/Francisco-Macedo-vence-Caldeirao-Grande-por-2-a-1-na-II-Copa-AMVI-IMG_0134-150x225.jpg 150w, https:\/\/infonewss.com\/wp-content\/uploads\/2023\/08\/Francisco-Macedo-vence-Caldeirao-Grande-por-2-a-1-na-II-Copa-AMVI-IMG_0134-300x450.jpg 300w, https:\/\/infonewss.com\/wp-content\/uploads\/2023\/08\/Francisco-Macedo-vence-Caldeirao-Grande-por-2-a-1-na-II-Copa-AMVI-IMG_0134-696x1044.jpg 696w, https:\/\/infonewss.com\/wp-content\/uploads\/2023\/08\/Francisco-Macedo-vence-Caldeirao-Grande-por-2-a-1-na-II-Copa-AMVI-IMG_0134.jpg 900w\" data-src=\"https:\/\/infonewss.com\/wp-content\/uploads\/2023\/08\/Francisco-Macedo-vence-Caldeirao-Grande-por-2-a-1-na-II-Copa-AMVI-IMG_0134-200x300.jpg\" data-sizes=\"(max-width: 200px) 100vw, 200px\" \/><\/a><\/div>\n<\/figure>\n<figure class=\"gallery-item\">\n<div class=\"gallery-icon portrait\"><a href=\"https:\/\/infonewss.com\/wp-content\/uploads\/2023\/08\/Francisco-Macedo-vence-Caldeirao-Grande-por-2-a-1-na-II-Copa-AMVI-IMG_0136.jpg\"><img loading=\"lazy\" decoding=\"async\" class=\"attachment-medium size-medium lazyload\" src=\"data:image\/gif;base64,R0lGODlhAQABAAAAACH5BAEKAAEALAAAAAABAAEAAAICTAEAOw==\" alt=\"\" width=\"200\" height=\"300\" data-srcset=\"https:\/\/infonewss.com\/wp-content\/uploads\/2023\/08\/Francisco-Macedo-vence-Caldeirao-Grande-por-2-a-1-na-II-Copa-AMVI-IMG_0136-200x300.jpg 200w, https:\/\/infonewss.com\/wp-content\/uploads\/2023\/08\/Francisco-Macedo-vence-Caldeirao-Grande-por-2-a-1-na-II-Copa-AMVI-IMG_0136-683x1024.jpg 683w, https:\/\/infonewss.com\/wp-content\/uploads\/2023\/08\/Francisco-Macedo-vence-Caldeirao-Grande-por-2-a-1-na-II-Copa-AMVI-IMG_0136-768x1152.jpg 768w, https:\/\/infonewss.com\/wp-content\/uploads\/2023\/08\/Francisco-Macedo-vence-Caldeirao-Grande-por-2-a-1-na-II-Copa-AMVI-IMG_0136-150x225.jpg 150w, https:\/\/infonewss.com\/wp-content\/uploads\/2023\/08\/Francisco-Macedo-vence-Caldeirao-Grande-por-2-a-1-na-II-Copa-AMVI-IMG_0136-300x450.jpg 300w, https:\/\/infonewss.com\/wp-content\/uploads\/2023\/08\/Francisco-Macedo-vence-Caldeirao-Grande-por-2-a-1-na-II-Copa-AMVI-IMG_0136-696x1044.jpg 696w, https:\/\/infonewss.com\/wp-content\/uploads\/2023\/08\/Francisco-Macedo-vence-Caldeirao-Grande-por-2-a-1-na-II-Copa-AMVI-IMG_0136.jpg 900w\" data-src=\"https:\/\/infonewss.com\/wp-content\/uploads\/2023\/08\/Francisco-Macedo-vence-Caldeirao-Grande-por-2-a-1-na-II-Copa-AMVI-IMG_0136-200x300.jpg\" data-sizes=\"(max-width: 200px) 100vw, 200px\" \/><\/a><\/div>\n<\/figure>\n<figure class=\"gallery-item\">\n<div class=\"gallery-icon portrait\"><a href=\"https:\/\/infonewss.com\/wp-content\/uploads\/2023\/08\/Francisco-Macedo-vence-Caldeirao-Grande-por-2-a-1-na-II-Copa-AMVI-IMG_0137.jpg\"><img loading=\"lazy\" decoding=\"async\" class=\"attachment-medium size-medium lazyload\" src=\"data:image\/gif;base64,R0lGODlhAQABAAAAACH5BAEKAAEALAAAAAABAAEAAAICTAEAOw==\" alt=\"\" width=\"200\" height=\"300\" data-srcset=\"https:\/\/infonewss.com\/wp-content\/uploads\/2023\/08\/Francisco-Macedo-vence-Caldeirao-Grande-por-2-a-1-na-II-Copa-AMVI-IMG_0137-200x300.jpg 200w, https:\/\/infonewss.com\/wp-content\/uploads\/2023\/08\/Francisco-Macedo-vence-Caldeirao-Grande-por-2-a-1-na-II-Copa-AMVI-IMG_0137-683x1024.jpg 683w, https:\/\/infonewss.com\/wp-content\/uploads\/2023\/08\/Francisco-Macedo-vence-Caldeirao-Grande-por-2-a-1-na-II-Copa-AMVI-IMG_0137-768x1152.jpg 768w, https:\/\/infonewss.com\/wp-content\/uploads\/2023\/08\/Francisco-Macedo-vence-Caldeirao-Grande-por-2-a-1-na-II-Copa-AMVI-IMG_0137-150x225.jpg 150w, https:\/\/infonewss.com\/wp-content\/uploads\/2023\/08\/Francisco-Macedo-vence-Caldeirao-Grande-por-2-a-1-na-II-Copa-AMVI-IMG_0137-300x450.jpg 300w, https:\/\/infonewss.com\/wp-content\/uploads\/2023\/08\/Francisco-Macedo-vence-Caldeirao-Grande-por-2-a-1-na-II-Copa-AMVI-IMG_0137-696x1044.jpg 696w, https:\/\/infonewss.com\/wp-content\/uploads\/2023\/08\/Francisco-Macedo-vence-Caldeirao-Grande-por-2-a-1-na-II-Copa-AMVI-IMG_0137.jpg 900w\" data-src=\"https:\/\/infonewss.com\/wp-content\/uploads\/2023\/08\/Francisco-Macedo-vence-Caldeirao-Grande-por-2-a-1-na-II-Copa-AMVI-IMG_0137-200x300.jpg\" data-sizes=\"(max-width: 200px) 100vw, 200px\" \/><\/a><\/div>\n<\/figure>\n<figure class=\"gallery-item\">\n<div class=\"gallery-icon portrait\"><a href=\"https:\/\/infonewss.com\/wp-content\/uploads\/2023\/08\/Francisco-Macedo-vence-Caldeirao-Grande-por-2-a-1-na-II-Copa-AMVI-IMG_0138.jpg\"><img loading=\"lazy\" decoding=\"async\" class=\"attachment-medium size-medium lazyload\" src=\"data:image\/gif;base64,R0lGODlhAQABAAAAACH5BAEKAAEALAAAAAABAAEAAAICTAEAOw==\" alt=\"\" width=\"200\" height=\"300\" data-srcset=\"https:\/\/infonewss.com\/wp-content\/uploads\/2023\/08\/Francisco-Macedo-vence-Caldeirao-Grande-por-2-a-1-na-II-Copa-AMVI-IMG_0138-200x300.jpg 200w, https:\/\/infonewss.com\/wp-content\/uploads\/2023\/08\/Francisco-Macedo-vence-Caldeirao-Grande-por-2-a-1-na-II-Copa-AMVI-IMG_0138-683x1024.jpg 683w, https:\/\/infonewss.com\/wp-content\/uploads\/2023\/08\/Francisco-Macedo-vence-Caldeirao-Grande-por-2-a-1-na-II-Copa-AMVI-IMG_0138-768x1152.jpg 768w, https:\/\/infonewss.com\/wp-content\/uploads\/2023\/08\/Francisco-Macedo-vence-Caldeirao-Grande-por-2-a-1-na-II-Copa-AMVI-IMG_0138-150x225.jpg 150w, https:\/\/infonewss.com\/wp-content\/uploads\/2023\/08\/Francisco-Macedo-vence-Caldeirao-Grande-por-2-a-1-na-II-Copa-AMVI-IMG_0138-300x450.jpg 300w, https:\/\/infonewss.com\/wp-content\/uploads\/2023\/08\/Francisco-Macedo-vence-Caldeirao-Grande-por-2-a-1-na-II-Copa-AMVI-IMG_0138-696x1044.jpg 696w, https:\/\/infonewss.com\/wp-content\/uploads\/2023\/08\/Francisco-Macedo-vence-Caldeirao-Grande-por-2-a-1-na-II-Copa-AMVI-IMG_0138.jpg 900w\" data-src=\"https:\/\/infonewss.com\/wp-content\/uploads\/2023\/08\/Francisco-Macedo-vence-Caldeirao-Grande-por-2-a-1-na-II-Copa-AMVI-IMG_0138-200x300.jpg\" data-sizes=\"(max-width: 200px) 100vw, 200px\" \/><\/a><\/div>\n<\/figure>\n<figure class=\"gallery-item\">\n<div class=\"gallery-icon portrait\"><a href=\"https:\/\/infonewss.com\/wp-content\/uploads\/2023\/08\/Francisco-Macedo-vence-Caldeirao-Grande-por-2-a-1-na-II-Copa-AMVI-IMG_0139.jpg\"><img loading=\"lazy\" decoding=\"async\" class=\"attachment-medium size-medium lazyload\" src=\"data:image\/gif;base64,R0lGODlhAQABAAAAACH5BAEKAAEALAAAAAABAAEAAAICTAEAOw==\" alt=\"\" width=\"200\" height=\"300\" data-srcset=\"https:\/\/infonewss.com\/wp-content\/uploads\/2023\/08\/Francisco-Macedo-vence-Caldeirao-Grande-por-2-a-1-na-II-Copa-AMVI-IMG_0139-200x300.jpg 200w, https:\/\/infonewss.com\/wp-content\/uploads\/2023\/08\/Francisco-Macedo-vence-Caldeirao-Grande-por-2-a-1-na-II-Copa-AMVI-IMG_0139-683x1024.jpg 683w, https:\/\/infonewss.com\/wp-content\/uploads\/2023\/08\/Francisco-Macedo-vence-Caldeirao-Grande-por-2-a-1-na-II-Copa-AMVI-IMG_0139-768x1152.jpg 768w, https:\/\/infonewss.com\/wp-content\/uploads\/2023\/08\/Francisco-Macedo-vence-Caldeirao-Grande-por-2-a-1-na-II-Copa-AMVI-IMG_0139-150x225.jpg 150w, https:\/\/infonewss.com\/wp-content\/uploads\/2023\/08\/Francisco-Macedo-vence-Caldeirao-Grande-por-2-a-1-na-II-Copa-AMVI-IMG_0139-300x450.jpg 300w, https:\/\/infonewss.com\/wp-content\/uploads\/2023\/08\/Francisco-Macedo-vence-Caldeirao-Grande-por-2-a-1-na-II-Copa-AMVI-IMG_0139-696x1044.jpg 696w, https:\/\/infonewss.com\/wp-content\/uploads\/2023\/08\/Francisco-Macedo-vence-Caldeirao-Grande-por-2-a-1-na-II-Copa-AMVI-IMG_0139.jpg 900w\" data-src=\"https:\/\/infonewss.com\/wp-content\/uploads\/2023\/08\/Francisco-Macedo-vence-Caldeirao-Grande-por-2-a-1-na-II-Copa-AMVI-IMG_0139-200x300.jpg\" data-sizes=\"(max-width: 200px) 100vw, 200px\" \/><\/a><\/div>\n<\/figure>\n<figure class=\"gallery-item\">\n<div class=\"gallery-icon portrait\"><a href=\"https:\/\/infonewss.com\/wp-content\/uploads\/2023\/08\/Francisco-Macedo-vence-Caldeirao-Grande-por-2-a-1-na-II-Copa-AMVI-IMG_0140.jpg\"><img loading=\"lazy\" decoding=\"async\" class=\"attachment-medium size-medium lazyload\" src=\"data:image\/gif;base64,R0lGODlhAQABAAAAACH5BAEKAAEALAAAAAABAAEAAAICTAEAOw==\" alt=\"\" width=\"200\" height=\"300\" data-srcset=\"https:\/\/infonewss.com\/wp-content\/uploads\/2023\/08\/Francisco-Macedo-vence-Caldeirao-Grande-por-2-a-1-na-II-Copa-AMVI-IMG_0140-200x300.jpg 200w, https:\/\/infonewss.com\/wp-content\/uploads\/2023\/08\/Francisco-Macedo-vence-Caldeirao-Grande-por-2-a-1-na-II-Copa-AMVI-IMG_0140-683x1024.jpg 683w, https:\/\/infonewss.com\/wp-content\/uploads\/2023\/08\/Francisco-Macedo-vence-Caldeirao-Grande-por-2-a-1-na-II-Copa-AMVI-IMG_0140-768x1152.jpg 768w, https:\/\/infonewss.com\/wp-content\/uploads\/2023\/08\/Francisco-Macedo-vence-Caldeirao-Grande-por-2-a-1-na-II-Copa-AMVI-IMG_0140-150x225.jpg 150w, https:\/\/infonewss.com\/wp-content\/uploads\/2023\/08\/Francisco-Macedo-vence-Caldeirao-Grande-por-2-a-1-na-II-Copa-AMVI-IMG_0140-300x450.jpg 300w, https:\/\/infonewss.com\/wp-content\/uploads\/2023\/08\/Francisco-Macedo-vence-Caldeirao-Grande-por-2-a-1-na-II-Copa-AMVI-IMG_0140-696x1044.jpg 696w, https:\/\/infonewss.com\/wp-content\/uploads\/2023\/08\/Francisco-Macedo-vence-Caldeirao-Grande-por-2-a-1-na-II-Copa-AMVI-IMG_0140.jpg 900w\" data-src=\"https:\/\/infonewss.com\/wp-content\/uploads\/2023\/08\/Francisco-Macedo-vence-Caldeirao-Grande-por-2-a-1-na-II-Copa-AMVI-IMG_0140-200x300.jpg\" data-sizes=\"(max-width: 200px) 100vw, 200px\" \/><\/a><\/div>\n<\/figure>\n<figure class=\"gallery-item\">\n<div class=\"gallery-icon landscape\"><a href=\"https:\/\/infonewss.com\/wp-content\/uploads\/2023\/08\/Francisco-Macedo-vence-Caldeirao-Grande-por-2-a-1-na-II-Copa-AMVI-IMG_0141.jpg\"><img loading=\"lazy\" decoding=\"async\" class=\"attachment-medium size-medium lazyload\" src=\"data:image\/gif;base64,R0lGODlhAQABAAAAACH5BAEKAAEALAAAAAABAAEAAAICTAEAOw==\" alt=\"\" width=\"300\" height=\"200\" data-srcset=\"https:\/\/infonewss.com\/wp-content\/uploads\/2023\/08\/Francisco-Macedo-vence-Caldeirao-Grande-por-2-a-1-na-II-Copa-AMVI-IMG_0141-300x200.jpg 300w, https:\/\/infonewss.com\/wp-content\/uploads\/2023\/08\/Francisco-Macedo-vence-Caldeirao-Grande-por-2-a-1-na-II-Copa-AMVI-IMG_0141-768x512.jpg 768w, https:\/\/infonewss.com\/wp-content\/uploads\/2023\/08\/Francisco-Macedo-vence-Caldeirao-Grande-por-2-a-1-na-II-Copa-AMVI-IMG_0141-150x100.jpg 150w, https:\/\/infonewss.com\/wp-content\/uploads\/2023\/08\/Francisco-Macedo-vence-Caldeirao-Grande-por-2-a-1-na-II-Copa-AMVI-IMG_0141-696x464.jpg 696w, https:\/\/infonewss.com\/wp-content\/uploads\/2023\/08\/Francisco-Macedo-vence-Caldeirao-Grande-por-2-a-1-na-II-Copa-AMVI-IMG_0141.jpg 900w\" data-src=\"https:\/\/infonewss.com\/wp-content\/uploads\/2023\/08\/Francisco-Macedo-vence-Caldeirao-Grande-por-2-a-1-na-II-Copa-AMVI-IMG_0141-300x200.jpg\" data-sizes=\"(max-width: 300px) 100vw, 300px\" \/><\/a><\/div>\n<\/figure>\n<figure class=\"gallery-item\">\n<div class=\"gallery-icon landscape\"><a href=\"https:\/\/infonewss.com\/wp-content\/uploads\/2023\/08\/Francisco-Macedo-vence-Caldeirao-Grande-por-2-a-1-na-II-Copa-AMVI-IMG_0142.jpg\"><img loading=\"lazy\" decoding=\"async\" class=\"attachment-medium size-medium lazyload\" src=\"data:image\/gif;base64,R0lGODlhAQABAAAAACH5BAEKAAEALAAAAAABAAEAAAICTAEAOw==\" alt=\"\" width=\"300\" height=\"200\" data-srcset=\"https:\/\/infonewss.com\/wp-content\/uploads\/2023\/08\/Francisco-Macedo-vence-Caldeirao-Grande-por-2-a-1-na-II-Copa-AMVI-IMG_0142-300x200.jpg 300w, https:\/\/infonewss.com\/wp-content\/uploads\/2023\/08\/Francisco-Macedo-vence-Caldeirao-Grande-por-2-a-1-na-II-Copa-AMVI-IMG_0142-768x512.jpg 768w, https:\/\/infonewss.com\/wp-content\/uploads\/2023\/08\/Francisco-Macedo-vence-Caldeirao-Grande-por-2-a-1-na-II-Copa-AMVI-IMG_0142-150x100.jpg 150w, https:\/\/infonewss.com\/wp-content\/uploads\/2023\/08\/Francisco-Macedo-vence-Caldeirao-Grande-por-2-a-1-na-II-Copa-AMVI-IMG_0142-696x464.jpg 696w, https:\/\/infonewss.com\/wp-content\/uploads\/2023\/08\/Francisco-Macedo-vence-Caldeirao-Grande-por-2-a-1-na-II-Copa-AMVI-IMG_0142.jpg 900w\" data-src=\"https:\/\/infonewss.com\/wp-content\/uploads\/2023\/08\/Francisco-Macedo-vence-Caldeirao-Grande-por-2-a-1-na-II-Copa-AMVI-IMG_0142-300x200.jpg\" data-sizes=\"(max-width: 300px) 100vw, 300px\" \/><\/a><\/div>\n<\/figure>\n<figure class=\"gallery-item\">\n<div class=\"gallery-icon landscape\"><a href=\"https:\/\/infonewss.com\/wp-content\/uploads\/2023\/08\/Francisco-Macedo-vence-Caldeirao-Grande-por-2-a-1-na-II-Copa-AMVI-IMG_0143.jpg\"><img loading=\"lazy\" decoding=\"async\" class=\"attachment-medium size-medium lazyload\" src=\"data:image\/gif;base64,R0lGODlhAQABAAAAACH5BAEKAAEALAAAAAABAAEAAAICTAEAOw==\" alt=\"\" width=\"300\" height=\"200\" data-srcset=\"https:\/\/infonewss.com\/wp-content\/uploads\/2023\/08\/Francisco-Macedo-vence-Caldeirao-Grande-por-2-a-1-na-II-Copa-AMVI-IMG_0143-300x200.jpg 300w, https:\/\/infonewss.com\/wp-content\/uploads\/2023\/08\/Francisco-Macedo-vence-Caldeirao-Grande-por-2-a-1-na-II-Copa-AMVI-IMG_0143-768x512.jpg 768w, https:\/\/infonewss.com\/wp-content\/uploads\/2023\/08\/Francisco-Macedo-vence-Caldeirao-Grande-por-2-a-1-na-II-Copa-AMVI-IMG_0143-150x100.jpg 150w, https:\/\/infonewss.com\/wp-content\/uploads\/2023\/08\/Francisco-Macedo-vence-Caldeirao-Grande-por-2-a-1-na-II-Copa-AMVI-IMG_0143-696x464.jpg 696w, https:\/\/infonewss.com\/wp-content\/uploads\/2023\/08\/Francisco-Macedo-vence-Caldeirao-Grande-por-2-a-1-na-II-Copa-AMVI-IMG_0143.jpg 900w\" data-src=\"https:\/\/infonewss.com\/wp-content\/uploads\/2023\/08\/Francisco-Macedo-vence-Caldeirao-Grande-por-2-a-1-na-II-Copa-AMVI-IMG_0143-300x200.jpg\" data-sizes=\"(max-width: 300px) 100vw, 300px\" \/><\/a><\/div>\n<\/figure>\n<figure class=\"gallery-item\">\n<div class=\"gallery-icon landscape\"><a href=\"https:\/\/infonewss.com\/wp-content\/uploads\/2023\/08\/Francisco-Macedo-vence-Caldeirao-Grande-por-2-a-1-na-II-Copa-AMVI-IMG_0144.jpg\"><img loading=\"lazy\" decoding=\"async\" class=\"attachment-medium size-medium lazyload\" src=\"data:image\/gif;base64,R0lGODlhAQABAAAAACH5BAEKAAEALAAAAAABAAEAAAICTAEAOw==\" alt=\"\" width=\"300\" height=\"200\" data-srcset=\"https:\/\/infonewss.com\/wp-content\/uploads\/2023\/08\/Francisco-Macedo-vence-Caldeirao-Grande-por-2-a-1-na-II-Copa-AMVI-IMG_0144-300x200.jpg 300w, https:\/\/infonewss.com\/wp-content\/uploads\/2023\/08\/Francisco-Macedo-vence-Caldeirao-Grande-por-2-a-1-na-II-Copa-AMVI-IMG_0144-768x512.jpg 768w, https:\/\/infonewss.com\/wp-content\/uploads\/2023\/08\/Francisco-Macedo-vence-Caldeirao-Grande-por-2-a-1-na-II-Copa-AMVI-IMG_0144-150x100.jpg 150w, https:\/\/infonewss.com\/wp-content\/uploads\/2023\/08\/Francisco-Macedo-vence-Caldeirao-Grande-por-2-a-1-na-II-Copa-AMVI-IMG_0144-696x464.jpg 696w, https:\/\/infonewss.com\/wp-content\/uploads\/2023\/08\/Francisco-Macedo-vence-Caldeirao-Grande-por-2-a-1-na-II-Copa-AMVI-IMG_0144.jpg 900w\" data-src=\"https:\/\/infonewss.com\/wp-content\/uploads\/2023\/08\/Francisco-Macedo-vence-Caldeirao-Grande-por-2-a-1-na-II-Copa-AMVI-IMG_0144-300x200.jpg\" data-sizes=\"(max-width: 300px) 100vw, 300px\" \/><\/a><\/div>\n<\/figure>\n<figure class=\"gallery-item\">\n<div class=\"gallery-icon landscape\"><a href=\"https:\/\/infonewss.com\/wp-content\/uploads\/2023\/08\/Francisco-Macedo-vence-Caldeirao-Grande-por-2-a-1-na-II-Copa-AMVI-IMG_0145.jpg\"><img loading=\"lazy\" decoding=\"async\" class=\"attachment-medium size-medium lazyloaded\" src=\"https:\/\/infonewss.com\/wp-content\/uploads\/2023\/08\/Francisco-Macedo-vence-Caldeirao-Grande-por-2-a-1-na-II-Copa-AMVI-IMG_0145-300x200.jpg\" sizes=\"(max-width: 300px) 100vw, 300px\" srcset=\"https:\/\/infonewss.com\/wp-content\/uploads\/2023\/08\/Francisco-Macedo-vence-Caldeirao-Grande-por-2-a-1-na-II-Copa-AMVI-IMG_0145-300x200.jpg 300w, https:\/\/infonewss.com\/wp-content\/uploads\/2023\/08\/Francisco-Macedo-vence-Caldeirao-Grande-por-2-a-1-na-II-Copa-AMVI-IMG_0145-768x512.jpg 768w, https:\/\/infonewss.com\/wp-content\/uploads\/2023\/08\/Francisco-Macedo-vence-Caldeirao-Grande-por-2-a-1-na-II-Copa-AMVI-IMG_0145-150x100.jpg 150w, https:\/\/infonewss.com\/wp-content\/uploads\/2023\/08\/Francisco-Macedo-vence-Caldeirao-Grande-por-2-a-1-na-II-Copa-AMVI-IMG_0145-696x464.jpg 696w, https:\/\/infonewss.com\/wp-content\/uploads\/2023\/08\/Francisco-Macedo-vence-Caldeirao-Grande-por-2-a-1-na-II-Copa-AMVI-IMG_0145.jpg 900w\" alt=\"\" width=\"300\" height=\"200\" data-srcset=\"https:\/\/infonewss.com\/wp-content\/uploads\/2023\/08\/Francisco-Macedo-vence-Caldeirao-Grande-por-2-a-1-na-II-Copa-AMVI-IMG_0145-300x200.jpg 300w, https:\/\/infonewss.com\/wp-content\/uploads\/2023\/08\/Francisco-Macedo-vence-Caldeirao-Grande-por-2-a-1-na-II-Copa-AMVI-IMG_0145-768x512.jpg 768w, https:\/\/infonewss.com\/wp-content\/uploads\/2023\/08\/Francisco-Macedo-vence-Caldeirao-Grande-por-2-a-1-na-II-Copa-AMVI-IMG_0145-150x100.jpg 150w, https:\/\/infonewss.com\/wp-content\/uploads\/2023\/08\/Francisco-Macedo-vence-Caldeirao-Grande-por-2-a-1-na-II-Copa-AMVI-IMG_0145-696x464.jpg 696w, https:\/\/infonewss.com\/wp-content\/uploads\/2023\/08\/Francisco-Macedo-vence-Caldeirao-Grande-por-2-a-1-na-II-Copa-AMVI-IMG_0145.jpg 900w\" data-src=\"https:\/\/infonewss.com\/wp-content\/uploads\/2023\/08\/Francisco-Macedo-vence-Caldeirao-Grande-por-2-a-1-na-II-Copa-AMVI-IMG_0145-300x200.jpg\" data-sizes=\"(max-width: 300px) 100vw, 300px\" \/><\/a><\/div>\n<\/figure>\n<figure class=\"gallery-item\">\n<div class=\"gallery-icon landscape\"><a href=\"https:\/\/infonewss.com\/wp-content\/uploads\/2023\/08\/Francisco-Macedo-vence-Caldeirao-Grande-por-2-a-1-na-II-Copa-AMVI-IMG_0147.jpg\"><img loading=\"lazy\" decoding=\"async\" class=\"attachment-medium size-medium lazyloaded\" src=\"https:\/\/infonewss.com\/wp-content\/uploads\/2023\/08\/Francisco-Macedo-vence-Caldeirao-Grande-por-2-a-1-na-II-Copa-AMVI-IMG_0147-300x200.jpg\" sizes=\"(max-width: 300px) 100vw, 300px\" srcset=\"https:\/\/infonewss.com\/wp-content\/uploads\/2023\/08\/Francisco-Macedo-vence-Caldeirao-Grande-por-2-a-1-na-II-Copa-AMVI-IMG_0147-300x200.jpg 300w, https:\/\/infonewss.com\/wp-content\/uploads\/2023\/08\/Francisco-Macedo-vence-Caldeirao-Grande-por-2-a-1-na-II-Copa-AMVI-IMG_0147-768x512.jpg 768w, https:\/\/infonewss.com\/wp-content\/uploads\/2023\/08\/Francisco-Macedo-vence-Caldeirao-Grande-por-2-a-1-na-II-Copa-AMVI-IMG_0147-150x100.jpg 150w, https:\/\/infonewss.com\/wp-content\/uploads\/2023\/08\/Francisco-Macedo-vence-Caldeirao-Grande-por-2-a-1-na-II-Copa-AMVI-IMG_0147-696x464.jpg 696w, https:\/\/infonewss.com\/wp-content\/uploads\/2023\/08\/Francisco-Macedo-vence-Caldeirao-Grande-por-2-a-1-na-II-Copa-AMVI-IMG_0147.jpg 900w\" alt=\"\" width=\"300\" height=\"200\" data-srcset=\"https:\/\/infonewss.com\/wp-content\/uploads\/2023\/08\/Francisco-Macedo-vence-Caldeirao-Grande-por-2-a-1-na-II-Copa-AMVI-IMG_0147-300x200.jpg 300w, https:\/\/infonewss.com\/wp-content\/uploads\/2023\/08\/Francisco-Macedo-vence-Caldeirao-Grande-por-2-a-1-na-II-Copa-AMVI-IMG_0147-768x512.jpg 768w, https:\/\/infonewss.com\/wp-content\/uploads\/2023\/08\/Francisco-Macedo-vence-Caldeirao-Grande-por-2-a-1-na-II-Copa-AMVI-IMG_0147-150x100.jpg 150w, https:\/\/infonewss.com\/wp-content\/uploads\/2023\/08\/Francisco-Macedo-vence-Caldeirao-Grande-por-2-a-1-na-II-Copa-AMVI-IMG_0147-696x464.jpg 696w, https:\/\/infonewss.com\/wp-content\/uploads\/2023\/08\/Francisco-Macedo-vence-Caldeirao-Grande-por-2-a-1-na-II-Copa-AMVI-IMG_0147.jpg 900w\" data-src=\"https:\/\/infonewss.com\/wp-content\/uploads\/2023\/08\/Francisco-Macedo-vence-Caldeirao-Grande-por-2-a-1-na-II-Copa-AMVI-IMG_0147-300x200.jpg\" data-sizes=\"(max-width: 300px) 100vw, 300px\" \/><\/a><\/div>\n<\/figure>\n<\/div>\n<div id=\"gallery-4\" class=\"gallery galleryid-419927 gallery-columns-2 gallery-size-medium\" style=\"text-align: justify;\">\n<figure class=\"gallery-item\">\n<div class=\"gallery-icon landscape\"><a href=\"https:\/\/infonewss.com\/wp-content\/uploads\/2023\/08\/Francisco-Macedo-vence-Caldeirao-Grande-por-2-a-1-na-II-Copa-AMVI-IMG_0002-1.jpg\"><img loading=\"lazy\" decoding=\"async\" class=\"attachment-medium size-medium lazyloaded\" src=\"https:\/\/infonewss.com\/wp-content\/uploads\/2023\/08\/Francisco-Macedo-vence-Caldeirao-Grande-por-2-a-1-na-II-Copa-AMVI-IMG_0002-1-300x200.jpg\" sizes=\"(max-width: 300px) 100vw, 300px\" srcset=\"https:\/\/infonewss.com\/wp-content\/uploads\/2023\/08\/Francisco-Macedo-vence-Caldeirao-Grande-por-2-a-1-na-II-Copa-AMVI-IMG_0002-1-300x200.jpg 300w, https:\/\/infonewss.com\/wp-content\/uploads\/2023\/08\/Francisco-Macedo-vence-Caldeirao-Grande-por-2-a-1-na-II-Copa-AMVI-IMG_0002-1-768x512.jpg 768w, https:\/\/infonewss.com\/wp-content\/uploads\/2023\/08\/Francisco-Macedo-vence-Caldeirao-Grande-por-2-a-1-na-II-Copa-AMVI-IMG_0002-1-150x100.jpg 150w, https:\/\/infonewss.com\/wp-content\/uploads\/2023\/08\/Francisco-Macedo-vence-Caldeirao-Grande-por-2-a-1-na-II-Copa-AMVI-IMG_0002-1-696x464.jpg 696w, https:\/\/infonewss.com\/wp-content\/uploads\/2023\/08\/Francisco-Macedo-vence-Caldeirao-Grande-por-2-a-1-na-II-Copa-AMVI-IMG_0002-1.jpg 900w\" alt=\"\" width=\"300\" height=\"200\" data-srcset=\"https:\/\/infonewss.com\/wp-content\/uploads\/2023\/08\/Francisco-Macedo-vence-Caldeirao-Grande-por-2-a-1-na-II-Copa-AMVI-IMG_0002-1-300x200.jpg 300w, https:\/\/infonewss.com\/wp-content\/uploads\/2023\/08\/Francisco-Macedo-vence-Caldeirao-Grande-por-2-a-1-na-II-Copa-AMVI-IMG_0002-1-768x512.jpg 768w, https:\/\/infonewss.com\/wp-content\/uploads\/2023\/08\/Francisco-Macedo-vence-Caldeirao-Grande-por-2-a-1-na-II-Copa-AMVI-IMG_0002-1-150x100.jpg 150w, https:\/\/infonewss.com\/wp-content\/uploads\/2023\/08\/Francisco-Macedo-vence-Caldeirao-Grande-por-2-a-1-na-II-Copa-AMVI-IMG_0002-1-696x464.jpg 696w, https:\/\/infonewss.com\/wp-content\/uploads\/2023\/08\/Francisco-Macedo-vence-Caldeirao-Grande-por-2-a-1-na-II-Copa-AMVI-IMG_0002-1.jpg 900w\" data-src=\"https:\/\/infonewss.com\/wp-content\/uploads\/2023\/08\/Francisco-Macedo-vence-Caldeirao-Grande-por-2-a-1-na-II-Copa-AMVI-IMG_0002-1-300x200.jpg\" data-sizes=\"(max-width: 300px) 100vw, 300px\" \/><\/a><\/div>\n<\/figure>\n<figure class=\"gallery-item\">\n<div class=\"gallery-icon landscape\"><a href=\"https:\/\/infonewss.com\/wp-content\/uploads\/2023\/08\/Francisco-Macedo-vence-Caldeirao-Grande-por-2-a-1-na-II-Copa-AMVI-IMG_0003-1.jpg\"><img loading=\"lazy\" decoding=\"async\" class=\"attachment-medium size-medium lazyloaded\" src=\"https:\/\/infonewss.com\/wp-content\/uploads\/2023\/08\/Francisco-Macedo-vence-Caldeirao-Grande-por-2-a-1-na-II-Copa-AMVI-IMG_0003-1-300x200.jpg\" sizes=\"(max-width: 300px) 100vw, 300px\" srcset=\"https:\/\/infonewss.com\/wp-content\/uploads\/2023\/08\/Francisco-Macedo-vence-Caldeirao-Grande-por-2-a-1-na-II-Copa-AMVI-IMG_0003-1-300x200.jpg 300w, https:\/\/infonewss.com\/wp-content\/uploads\/2023\/08\/Francisco-Macedo-vence-Caldeirao-Grande-por-2-a-1-na-II-Copa-AMVI-IMG_0003-1-768x512.jpg 768w, https:\/\/infonewss.com\/wp-content\/uploads\/2023\/08\/Francisco-Macedo-vence-Caldeirao-Grande-por-2-a-1-na-II-Copa-AMVI-IMG_0003-1-150x100.jpg 150w, https:\/\/infonewss.com\/wp-content\/uploads\/2023\/08\/Francisco-Macedo-vence-Caldeirao-Grande-por-2-a-1-na-II-Copa-AMVI-IMG_0003-1-696x464.jpg 696w, https:\/\/infonewss.com\/wp-content\/uploads\/2023\/08\/Francisco-Macedo-vence-Caldeirao-Grande-por-2-a-1-na-II-Copa-AMVI-IMG_0003-1.jpg 900w\" alt=\"\" width=\"300\" height=\"200\" data-srcset=\"https:\/\/infonewss.com\/wp-content\/uploads\/2023\/08\/Francisco-Macedo-vence-Caldeirao-Grande-por-2-a-1-na-II-Copa-AMVI-IMG_0003-1-300x200.jpg 300w, https:\/\/infonewss.com\/wp-content\/uploads\/2023\/08\/Francisco-Macedo-vence-Caldeirao-Grande-por-2-a-1-na-II-Copa-AMVI-IMG_0003-1-768x512.jpg 768w, https:\/\/infonewss.com\/wp-content\/uploads\/2023\/08\/Francisco-Macedo-vence-Caldeirao-Grande-por-2-a-1-na-II-Copa-AMVI-IMG_0003-1-150x100.jpg 150w, https:\/\/infonewss.com\/wp-content\/uploads\/2023\/08\/Francisco-Macedo-vence-Caldeirao-Grande-por-2-a-1-na-II-Copa-AMVI-IMG_0003-1-696x464.jpg 696w, https:\/\/infonewss.com\/wp-content\/uploads\/2023\/08\/Francisco-Macedo-vence-Caldeirao-Grande-por-2-a-1-na-II-Copa-AMVI-IMG_0003-1.jpg 900w\" data-src=\"https:\/\/infonewss.com\/wp-content\/uploads\/2023\/08\/Francisco-Macedo-vence-Caldeirao-Grande-por-2-a-1-na-II-Copa-AMVI-IMG_0003-1-300x200.jpg\" data-sizes=\"(max-width: 300px) 100vw, 300px\" \/><\/a><\/div>\n<\/figure>\n<figure class=\"gallery-item\">\n<div class=\"gallery-icon landscape\"><a href=\"https:\/\/infonewss.com\/wp-content\/uploads\/2023\/08\/Francisco-Macedo-vence-Caldeirao-Grande-por-2-a-1-na-II-Copa-AMVI-IMG_0005-1.jpg\"><img loading=\"lazy\" decoding=\"async\" class=\"attachment-medium size-medium lazyloaded\" src=\"https:\/\/infonewss.com\/wp-content\/uploads\/2023\/08\/Francisco-Macedo-vence-Caldeirao-Grande-por-2-a-1-na-II-Copa-AMVI-IMG_0005-1-300x200.jpg\" sizes=\"(max-width: 300px) 100vw, 300px\" srcset=\"https:\/\/infonewss.com\/wp-content\/uploads\/2023\/08\/Francisco-Macedo-vence-Caldeirao-Grande-por-2-a-1-na-II-Copa-AMVI-IMG_0005-1-300x200.jpg 300w, https:\/\/infonewss.com\/wp-content\/uploads\/2023\/08\/Francisco-Macedo-vence-Caldeirao-Grande-por-2-a-1-na-II-Copa-AMVI-IMG_0005-1-768x512.jpg 768w, https:\/\/infonewss.com\/wp-content\/uploads\/2023\/08\/Francisco-Macedo-vence-Caldeirao-Grande-por-2-a-1-na-II-Copa-AMVI-IMG_0005-1-150x100.jpg 150w, https:\/\/infonewss.com\/wp-content\/uploads\/2023\/08\/Francisco-Macedo-vence-Caldeirao-Grande-por-2-a-1-na-II-Copa-AMVI-IMG_0005-1-696x464.jpg 696w, https:\/\/infonewss.com\/wp-content\/uploads\/2023\/08\/Francisco-Macedo-vence-Caldeirao-Grande-por-2-a-1-na-II-Copa-AMVI-IMG_0005-1.jpg 900w\" alt=\"\" width=\"300\" height=\"200\" data-srcset=\"https:\/\/infonewss.com\/wp-content\/uploads\/2023\/08\/Francisco-Macedo-vence-Caldeirao-Grande-por-2-a-1-na-II-Copa-AMVI-IMG_0005-1-300x200.jpg 300w, https:\/\/infonewss.com\/wp-content\/uploads\/2023\/08\/Francisco-Macedo-vence-Caldeirao-Grande-por-2-a-1-na-II-Copa-AMVI-IMG_0005-1-768x512.jpg 768w, https:\/\/infonewss.com\/wp-content\/uploads\/2023\/08\/Francisco-Macedo-vence-Caldeirao-Grande-por-2-a-1-na-II-Copa-AMVI-IMG_0005-1-150x100.jpg 150w, https:\/\/infonewss.com\/wp-content\/uploads\/2023\/08\/Francisco-Macedo-vence-Caldeirao-Grande-por-2-a-1-na-II-Copa-AMVI-IMG_0005-1-696x464.jpg 696w, https:\/\/infonewss.com\/wp-content\/uploads\/2023\/08\/Francisco-Macedo-vence-Caldeirao-Grande-por-2-a-1-na-II-Copa-AMVI-IMG_0005-1.jpg 900w\" data-src=\"https:\/\/infonewss.com\/wp-content\/uploads\/2023\/08\/Francisco-Macedo-vence-Caldeirao-Grande-por-2-a-1-na-II-Copa-AMVI-IMG_0005-1-300x200.jpg\" data-sizes=\"(max-width: 300px) 100vw, 300px\" \/><\/a><\/div>\n<\/figure>\n<figure class=\"gallery-item\">\n<div class=\"gallery-icon landscape\"><a href=\"https:\/\/infonewss.com\/wp-content\/uploads\/2023\/08\/Francisco-Macedo-vence-Caldeirao-Grande-por-2-a-1-na-II-Copa-AMVI-IMG_0006-1.jpg\"><img loading=\"lazy\" decoding=\"async\" class=\"attachment-medium size-medium lazyloaded\" src=\"https:\/\/infonewss.com\/wp-content\/uploads\/2023\/08\/Francisco-Macedo-vence-Caldeirao-Grande-por-2-a-1-na-II-Copa-AMVI-IMG_0006-1-300x200.jpg\" sizes=\"(max-width: 300px) 100vw, 300px\" srcset=\"https:\/\/infonewss.com\/wp-content\/uploads\/2023\/08\/Francisco-Macedo-vence-Caldeirao-Grande-por-2-a-1-na-II-Copa-AMVI-IMG_0006-1-300x200.jpg 300w, https:\/\/infonewss.com\/wp-content\/uploads\/2023\/08\/Francisco-Macedo-vence-Caldeirao-Grande-por-2-a-1-na-II-Copa-AMVI-IMG_0006-1-768x512.jpg 768w, https:\/\/infonewss.com\/wp-content\/uploads\/2023\/08\/Francisco-Macedo-vence-Caldeirao-Grande-por-2-a-1-na-II-Copa-AMVI-IMG_0006-1-150x100.jpg 150w, https:\/\/infonewss.com\/wp-content\/uploads\/2023\/08\/Francisco-Macedo-vence-Caldeirao-Grande-por-2-a-1-na-II-Copa-AMVI-IMG_0006-1-696x464.jpg 696w, https:\/\/infonewss.com\/wp-content\/uploads\/2023\/08\/Francisco-Macedo-vence-Caldeirao-Grande-por-2-a-1-na-II-Copa-AMVI-IMG_0006-1.jpg 900w\" alt=\"\" width=\"300\" height=\"200\" data-srcset=\"https:\/\/infonewss.com\/wp-content\/uploads\/2023\/08\/Francisco-Macedo-vence-Caldeirao-Grande-por-2-a-1-na-II-Copa-AMVI-IMG_0006-1-300x200.jpg 300w, https:\/\/infonewss.com\/wp-content\/uploads\/2023\/08\/Francisco-Macedo-vence-Caldeirao-Grande-por-2-a-1-na-II-Copa-AMVI-IMG_0006-1-768x512.jpg 768w, https:\/\/infonewss.com\/wp-content\/uploads\/2023\/08\/Francisco-Macedo-vence-Caldeirao-Grande-por-2-a-1-na-II-Copa-AMVI-IMG_0006-1-150x100.jpg 150w, https:\/\/infonewss.com\/wp-content\/uploads\/2023\/08\/Francisco-Macedo-vence-Caldeirao-Grande-por-2-a-1-na-II-Copa-AMVI-IMG_0006-1-696x464.jpg 696w, https:\/\/infonewss.com\/wp-content\/uploads\/2023\/08\/Francisco-Macedo-vence-Caldeirao-Grande-por-2-a-1-na-II-Copa-AMVI-IMG_0006-1.jpg 900w\" data-src=\"https:\/\/infonewss.com\/wp-content\/uploads\/2023\/08\/Francisco-Macedo-vence-Caldeirao-Grande-por-2-a-1-na-II-Copa-AMVI-IMG_0006-1-300x200.jpg\" data-sizes=\"(max-width: 300px) 100vw, 300px\" \/><\/a><\/div>\n<\/figure>\n<figure class=\"gallery-item\">\n<div class=\"gallery-icon landscape\"><a href=\"https:\/\/infonewss.com\/wp-content\/uploads\/2023\/08\/Francisco-Macedo-vence-Caldeirao-Grande-por-2-a-1-na-II-Copa-AMVI-IMG_0007-1.jpg\"><img loading=\"lazy\" decoding=\"async\" class=\"attachment-medium size-medium lazyloaded\" src=\"https:\/\/infonewss.com\/wp-content\/uploads\/2023\/08\/Francisco-Macedo-vence-Caldeirao-Grande-por-2-a-1-na-II-Copa-AMVI-IMG_0007-1-300x200.jpg\" sizes=\"(max-width: 300px) 100vw, 300px\" srcset=\"https:\/\/infonewss.com\/wp-content\/uploads\/2023\/08\/Francisco-Macedo-vence-Caldeirao-Grande-por-2-a-1-na-II-Copa-AMVI-IMG_0007-1-300x200.jpg 300w, https:\/\/infonewss.com\/wp-content\/uploads\/2023\/08\/Francisco-Macedo-vence-Caldeirao-Grande-por-2-a-1-na-II-Copa-AMVI-IMG_0007-1-768x512.jpg 768w, https:\/\/infonewss.com\/wp-content\/uploads\/2023\/08\/Francisco-Macedo-vence-Caldeirao-Grande-por-2-a-1-na-II-Copa-AMVI-IMG_0007-1-150x100.jpg 150w, https:\/\/infonewss.com\/wp-content\/uploads\/2023\/08\/Francisco-Macedo-vence-Caldeirao-Grande-por-2-a-1-na-II-Copa-AMVI-IMG_0007-1-696x464.jpg 696w, https:\/\/infonewss.com\/wp-content\/uploads\/2023\/08\/Francisco-Macedo-vence-Caldeirao-Grande-por-2-a-1-na-II-Copa-AMVI-IMG_0007-1.jpg 900w\" alt=\"\" width=\"300\" height=\"200\" data-srcset=\"https:\/\/infonewss.com\/wp-content\/uploads\/2023\/08\/Francisco-Macedo-vence-Caldeirao-Grande-por-2-a-1-na-II-Copa-AMVI-IMG_0007-1-300x200.jpg 300w, https:\/\/infonewss.com\/wp-content\/uploads\/2023\/08\/Francisco-Macedo-vence-Caldeirao-Grande-por-2-a-1-na-II-Copa-AMVI-IMG_0007-1-768x512.jpg 768w, https:\/\/infonewss.com\/wp-content\/uploads\/2023\/08\/Francisco-Macedo-vence-Caldeirao-Grande-por-2-a-1-na-II-Copa-AMVI-IMG_0007-1-150x100.jpg 150w, https:\/\/infonewss.com\/wp-content\/uploads\/2023\/08\/Francisco-Macedo-vence-Caldeirao-Grande-por-2-a-1-na-II-Copa-AMVI-IMG_0007-1-696x464.jpg 696w, https:\/\/infonewss.com\/wp-content\/uploads\/2023\/08\/Francisco-Macedo-vence-Caldeirao-Grande-por-2-a-1-na-II-Copa-AMVI-IMG_0007-1.jpg 900w\" data-src=\"https:\/\/infonewss.com\/wp-content\/uploads\/2023\/08\/Francisco-Macedo-vence-Caldeirao-Grande-por-2-a-1-na-II-Copa-AMVI-IMG_0007-1-300x200.jpg\" data-sizes=\"(max-width: 300px) 100vw, 300px\" \/><\/a><\/div>\n<\/figure>\n<figure class=\"gallery-item\">\n<div class=\"gallery-icon landscape\"><a href=\"https:\/\/infonewss.com\/wp-content\/uploads\/2023\/08\/Francisco-Macedo-vence-Caldeirao-Grande-por-2-a-1-na-II-Copa-AMVI-IMG_0008-1.jpg\"><img loading=\"lazy\" decoding=\"async\" class=\"attachment-medium size-medium ls-is-cached lazyloaded\" src=\"https:\/\/infonewss.com\/wp-content\/uploads\/2023\/08\/Francisco-Macedo-vence-Caldeirao-Grande-por-2-a-1-na-II-Copa-AMVI-IMG_0008-1-300x200.jpg\" sizes=\"(max-width: 300px) 100vw, 300px\" srcset=\"https:\/\/infonewss.com\/wp-content\/uploads\/2023\/08\/Francisco-Macedo-vence-Caldeirao-Grande-por-2-a-1-na-II-Copa-AMVI-IMG_0008-1-300x200.jpg 300w, https:\/\/infonewss.com\/wp-content\/uploads\/2023\/08\/Francisco-Macedo-vence-Caldeirao-Grande-por-2-a-1-na-II-Copa-AMVI-IMG_0008-1-768x512.jpg 768w, https:\/\/infonewss.com\/wp-content\/uploads\/2023\/08\/Francisco-Macedo-vence-Caldeirao-Grande-por-2-a-1-na-II-Copa-AMVI-IMG_0008-1-150x100.jpg 150w, https:\/\/infonewss.com\/wp-content\/uploads\/2023\/08\/Francisco-Macedo-vence-Caldeirao-Grande-por-2-a-1-na-II-Copa-AMVI-IMG_0008-1-696x464.jpg 696w, https:\/\/infonewss.com\/wp-content\/uploads\/2023\/08\/Francisco-Macedo-vence-Caldeirao-Grande-por-2-a-1-na-II-Copa-AMVI-IMG_0008-1.jpg 900w\" alt=\"\" width=\"300\" height=\"200\" data-srcset=\"https:\/\/infonewss.com\/wp-content\/uploads\/2023\/08\/Francisco-Macedo-vence-Caldeirao-Grande-por-2-a-1-na-II-Copa-AMVI-IMG_0008-1-300x200.jpg 300w, https:\/\/infonewss.com\/wp-content\/uploads\/2023\/08\/Francisco-Macedo-vence-Caldeirao-Grande-por-2-a-1-na-II-Copa-AMVI-IMG_0008-1-768x512.jpg 768w, https:\/\/infonewss.com\/wp-content\/uploads\/2023\/08\/Francisco-Macedo-vence-Caldeirao-Grande-por-2-a-1-na-II-Copa-AMVI-IMG_0008-1-150x100.jpg 150w, https:\/\/infonewss.com\/wp-content\/uploads\/2023\/08\/Francisco-Macedo-vence-Caldeirao-Grande-por-2-a-1-na-II-Copa-AMVI-IMG_0008-1-696x464.jpg 696w, https:\/\/infonewss.com\/wp-content\/uploads\/2023\/08\/Francisco-Macedo-vence-Caldeirao-Grande-por-2-a-1-na-II-Copa-AMVI-IMG_0008-1.jpg 900w\" data-src=\"https:\/\/infonewss.com\/wp-content\/uploads\/2023\/08\/Francisco-Macedo-vence-Caldeirao-Grande-por-2-a-1-na-II-Copa-AMVI-IMG_0008-1-300x200.jpg\" data-sizes=\"(max-width: 300px) 100vw, 300px\" \/><\/a><\/div>\n<\/figure>\n<figure class=\"gallery-item\">\n<div class=\"gallery-icon landscape\"><a href=\"https:\/\/infonewss.com\/wp-content\/uploads\/2023\/08\/Francisco-Macedo-vence-Caldeirao-Grande-por-2-a-1-na-II-Copa-AMVI-IMG_0011-1.jpg\"><img loading=\"lazy\" decoding=\"async\" class=\"attachment-medium size-medium lazyloaded\" src=\"https:\/\/infonewss.com\/wp-content\/uploads\/2023\/08\/Francisco-Macedo-vence-Caldeirao-Grande-por-2-a-1-na-II-Copa-AMVI-IMG_0011-1-300x200.jpg\" sizes=\"(max-width: 300px) 100vw, 300px\" srcset=\"https:\/\/infonewss.com\/wp-content\/uploads\/2023\/08\/Francisco-Macedo-vence-Caldeirao-Grande-por-2-a-1-na-II-Copa-AMVI-IMG_0011-1-300x200.jpg 300w, https:\/\/infonewss.com\/wp-content\/uploads\/2023\/08\/Francisco-Macedo-vence-Caldeirao-Grande-por-2-a-1-na-II-Copa-AMVI-IMG_0011-1-768x512.jpg 768w, https:\/\/infonewss.com\/wp-content\/uploads\/2023\/08\/Francisco-Macedo-vence-Caldeirao-Grande-por-2-a-1-na-II-Copa-AMVI-IMG_0011-1-150x100.jpg 150w, https:\/\/infonewss.com\/wp-content\/uploads\/2023\/08\/Francisco-Macedo-vence-Caldeirao-Grande-por-2-a-1-na-II-Copa-AMVI-IMG_0011-1-696x464.jpg 696w, https:\/\/infonewss.com\/wp-content\/uploads\/2023\/08\/Francisco-Macedo-vence-Caldeirao-Grande-por-2-a-1-na-II-Copa-AMVI-IMG_0011-1.jpg 900w\" alt=\"\" width=\"300\" height=\"200\" data-srcset=\"https:\/\/infonewss.com\/wp-content\/uploads\/2023\/08\/Francisco-Macedo-vence-Caldeirao-Grande-por-2-a-1-na-II-Copa-AMVI-IMG_0011-1-300x200.jpg 300w, https:\/\/infonewss.com\/wp-content\/uploads\/2023\/08\/Francisco-Macedo-vence-Caldeirao-Grande-por-2-a-1-na-II-Copa-AMVI-IMG_0011-1-768x512.jpg 768w, https:\/\/infonewss.com\/wp-content\/uploads\/2023\/08\/Francisco-Macedo-vence-Caldeirao-Grande-por-2-a-1-na-II-Copa-AMVI-IMG_0011-1-150x100.jpg 150w, https:\/\/infonewss.com\/wp-content\/uploads\/2023\/08\/Francisco-Macedo-vence-Caldeirao-Grande-por-2-a-1-na-II-Copa-AMVI-IMG_0011-1-696x464.jpg 696w, https:\/\/infonewss.com\/wp-content\/uploads\/2023\/08\/Francisco-Macedo-vence-Caldeirao-Grande-por-2-a-1-na-II-Copa-AMVI-IMG_0011-1.jpg 900w\" data-src=\"https:\/\/infonewss.com\/wp-content\/uploads\/2023\/08\/Francisco-Macedo-vence-Caldeirao-Grande-por-2-a-1-na-II-Copa-AMVI-IMG_0011-1-300x200.jpg\" data-sizes=\"(max-width: 300px) 100vw, 300px\" \/><\/a><\/div>\n<\/figure>\n<figure class=\"gallery-item\">\n<div class=\"gallery-icon landscape\"><a href=\"https:\/\/infonewss.com\/wp-content\/uploads\/2023\/08\/Francisco-Macedo-vence-Caldeirao-Grande-por-2-a-1-na-II-Copa-AMVI-IMG_0013-1.jpg\"><img loading=\"lazy\" decoding=\"async\" class=\"attachment-medium size-medium lazyloaded\" src=\"https:\/\/infonewss.com\/wp-content\/uploads\/2023\/08\/Francisco-Macedo-vence-Caldeirao-Grande-por-2-a-1-na-II-Copa-AMVI-IMG_0013-1-300x200.jpg\" sizes=\"(max-width: 300px) 100vw, 300px\" srcset=\"https:\/\/infonewss.com\/wp-content\/uploads\/2023\/08\/Francisco-Macedo-vence-Caldeirao-Grande-por-2-a-1-na-II-Copa-AMVI-IMG_0013-1-300x200.jpg 300w, https:\/\/infonewss.com\/wp-content\/uploads\/2023\/08\/Francisco-Macedo-vence-Caldeirao-Grande-por-2-a-1-na-II-Copa-AMVI-IMG_0013-1-768x512.jpg 768w, https:\/\/infonewss.com\/wp-content\/uploads\/2023\/08\/Francisco-Macedo-vence-Caldeirao-Grande-por-2-a-1-na-II-Copa-AMVI-IMG_0013-1-150x100.jpg 150w, https:\/\/infonewss.com\/wp-content\/uploads\/2023\/08\/Francisco-Macedo-vence-Caldeirao-Grande-por-2-a-1-na-II-Copa-AMVI-IMG_0013-1-696x464.jpg 696w, https:\/\/infonewss.com\/wp-content\/uploads\/2023\/08\/Francisco-Macedo-vence-Caldeirao-Grande-por-2-a-1-na-II-Copa-AMVI-IMG_0013-1.jpg 900w\" alt=\"\" width=\"300\" height=\"200\" data-srcset=\"https:\/\/infonewss.com\/wp-content\/uploads\/2023\/08\/Francisco-Macedo-vence-Caldeirao-Grande-por-2-a-1-na-II-Copa-AMVI-IMG_0013-1-300x200.jpg 300w, https:\/\/infonewss.com\/wp-content\/uploads\/2023\/08\/Francisco-Macedo-vence-Caldeirao-Grande-por-2-a-1-na-II-Copa-AMVI-IMG_0013-1-768x512.jpg 768w, https:\/\/infonewss.com\/wp-content\/uploads\/2023\/08\/Francisco-Macedo-vence-Caldeirao-Grande-por-2-a-1-na-II-Copa-AMVI-IMG_0013-1-150x100.jpg 150w, https:\/\/infonewss.com\/wp-content\/uploads\/2023\/08\/Francisco-Macedo-vence-Caldeirao-Grande-por-2-a-1-na-II-Copa-AMVI-IMG_0013-1-696x464.jpg 696w, https:\/\/infonewss.com\/wp-content\/uploads\/2023\/08\/Francisco-Macedo-vence-Caldeirao-Grande-por-2-a-1-na-II-Copa-AMVI-IMG_0013-1.jpg 900w\" data-src=\"https:\/\/infonewss.com\/wp-content\/uploads\/2023\/08\/Francisco-Macedo-vence-Caldeirao-Grande-por-2-a-1-na-II-Copa-AMVI-IMG_0013-1-300x200.jpg\" data-sizes=\"(max-width: 300px) 100vw, 300px\" \/><\/a><\/div>\n<\/figure>\n<figure class=\"gallery-item\">\n<div class=\"gallery-icon landscape\"><a href=\"https:\/\/infonewss.com\/wp-content\/uploads\/2023\/08\/Francisco-Macedo-vence-Caldeirao-Grande-por-2-a-1-na-II-Copa-AMVI-IMG_0015-1.jpg\"><img loading=\"lazy\" decoding=\"async\" class=\"attachment-medium size-medium lazyloaded\" src=\"https:\/\/infonewss.com\/wp-content\/uploads\/2023\/08\/Francisco-Macedo-vence-Caldeirao-Grande-por-2-a-1-na-II-Copa-AMVI-IMG_0015-1-300x200.jpg\" sizes=\"(max-width: 300px) 100vw, 300px\" srcset=\"https:\/\/infonewss.com\/wp-content\/uploads\/2023\/08\/Francisco-Macedo-vence-Caldeirao-Grande-por-2-a-1-na-II-Copa-AMVI-IMG_0015-1-300x200.jpg 300w, https:\/\/infonewss.com\/wp-content\/uploads\/2023\/08\/Francisco-Macedo-vence-Caldeirao-Grande-por-2-a-1-na-II-Copa-AMVI-IMG_0015-1-768x512.jpg 768w, https:\/\/infonewss.com\/wp-content\/uploads\/2023\/08\/Francisco-Macedo-vence-Caldeirao-Grande-por-2-a-1-na-II-Copa-AMVI-IMG_0015-1-150x100.jpg 150w, https:\/\/infonewss.com\/wp-content\/uploads\/2023\/08\/Francisco-Macedo-vence-Caldeirao-Grande-por-2-a-1-na-II-Copa-AMVI-IMG_0015-1-696x464.jpg 696w, https:\/\/infonewss.com\/wp-content\/uploads\/2023\/08\/Francisco-Macedo-vence-Caldeirao-Grande-por-2-a-1-na-II-Copa-AMVI-IMG_0015-1.jpg 900w\" alt=\"\" width=\"300\" height=\"200\" data-srcset=\"https:\/\/infonewss.com\/wp-content\/uploads\/2023\/08\/Francisco-Macedo-vence-Caldeirao-Grande-por-2-a-1-na-II-Copa-AMVI-IMG_0015-1-300x200.jpg 300w, https:\/\/infonewss.com\/wp-content\/uploads\/2023\/08\/Francisco-Macedo-vence-Caldeirao-Grande-por-2-a-1-na-II-Copa-AMVI-IMG_0015-1-768x512.jpg 768w, https:\/\/infonewss.com\/wp-content\/uploads\/2023\/08\/Francisco-Macedo-vence-Caldeirao-Grande-por-2-a-1-na-II-Copa-AMVI-IMG_0015-1-150x100.jpg 150w, https:\/\/infonewss.com\/wp-content\/uploads\/2023\/08\/Francisco-Macedo-vence-Caldeirao-Grande-por-2-a-1-na-II-Copa-AMVI-IMG_0015-1-696x464.jpg 696w, https:\/\/infonewss.com\/wp-content\/uploads\/2023\/08\/Francisco-Macedo-vence-Caldeirao-Grande-por-2-a-1-na-II-Copa-AMVI-IMG_0015-1.jpg 900w\" data-src=\"https:\/\/infonewss.com\/wp-content\/uploads\/2023\/08\/Francisco-Macedo-vence-Caldeirao-Grande-por-2-a-1-na-II-Copa-AMVI-IMG_0015-1-300x200.jpg\" data-sizes=\"(max-width: 300px) 100vw, 300px\" \/><\/a><\/div>\n<\/figure>\n<figure class=\"gallery-item\">\n<div class=\"gallery-icon landscape\"><a href=\"https:\/\/infonewss.com\/wp-content\/uploads\/2023\/08\/Francisco-Macedo-vence-Caldeirao-Grande-por-2-a-1-na-II-Copa-AMVI-IMG_0017-1.jpg\"><img loading=\"lazy\" decoding=\"async\" class=\"attachment-medium size-medium lazyloaded\" src=\"https:\/\/infonewss.com\/wp-content\/uploads\/2023\/08\/Francisco-Macedo-vence-Caldeirao-Grande-por-2-a-1-na-II-Copa-AMVI-IMG_0017-1-300x200.jpg\" sizes=\"(max-width: 300px) 100vw, 300px\" srcset=\"https:\/\/infonewss.com\/wp-content\/uploads\/2023\/08\/Francisco-Macedo-vence-Caldeirao-Grande-por-2-a-1-na-II-Copa-AMVI-IMG_0017-1-300x200.jpg 300w, https:\/\/infonewss.com\/wp-content\/uploads\/2023\/08\/Francisco-Macedo-vence-Caldeirao-Grande-por-2-a-1-na-II-Copa-AMVI-IMG_0017-1-768x512.jpg 768w, https:\/\/infonewss.com\/wp-content\/uploads\/2023\/08\/Francisco-Macedo-vence-Caldeirao-Grande-por-2-a-1-na-II-Copa-AMVI-IMG_0017-1-150x100.jpg 150w, https:\/\/infonewss.com\/wp-content\/uploads\/2023\/08\/Francisco-Macedo-vence-Caldeirao-Grande-por-2-a-1-na-II-Copa-AMVI-IMG_0017-1-696x464.jpg 696w, https:\/\/infonewss.com\/wp-content\/uploads\/2023\/08\/Francisco-Macedo-vence-Caldeirao-Grande-por-2-a-1-na-II-Copa-AMVI-IMG_0017-1.jpg 900w\" alt=\"\" width=\"300\" height=\"200\" data-srcset=\"https:\/\/infonewss.com\/wp-content\/uploads\/2023\/08\/Francisco-Macedo-vence-Caldeirao-Grande-por-2-a-1-na-II-Copa-AMVI-IMG_0017-1-300x200.jpg 300w, https:\/\/infonewss.com\/wp-content\/uploads\/2023\/08\/Francisco-Macedo-vence-Caldeirao-Grande-por-2-a-1-na-II-Copa-AMVI-IMG_0017-1-768x512.jpg 768w, https:\/\/infonewss.com\/wp-content\/uploads\/2023\/08\/Francisco-Macedo-vence-Caldeirao-Grande-por-2-a-1-na-II-Copa-AMVI-IMG_0017-1-150x100.jpg 150w, https:\/\/infonewss.com\/wp-content\/uploads\/2023\/08\/Francisco-Macedo-vence-Caldeirao-Grande-por-2-a-1-na-II-Copa-AMVI-IMG_0017-1-696x464.jpg 696w, https:\/\/infonewss.com\/wp-content\/uploads\/2023\/08\/Francisco-Macedo-vence-Caldeirao-Grande-por-2-a-1-na-II-Copa-AMVI-IMG_0017-1.jpg 900w\" data-src=\"https:\/\/infonewss.com\/wp-content\/uploads\/2023\/08\/Francisco-Macedo-vence-Caldeirao-Grande-por-2-a-1-na-II-Copa-AMVI-IMG_0017-1-300x200.jpg\" data-sizes=\"(max-width: 300px) 100vw, 300px\" \/><\/a><\/div>\n<\/figure>\n<figure class=\"gallery-item\">\n<div class=\"gallery-icon landscape\"><a href=\"https:\/\/infonewss.com\/wp-content\/uploads\/2023\/08\/Francisco-Macedo-vence-Caldeirao-Grande-por-2-a-1-na-II-Copa-AMVI-IMG_0020-1.jpg\"><img loading=\"lazy\" decoding=\"async\" class=\"attachment-medium size-medium lazyloaded\" src=\"https:\/\/infonewss.com\/wp-content\/uploads\/2023\/08\/Francisco-Macedo-vence-Caldeirao-Grande-por-2-a-1-na-II-Copa-AMVI-IMG_0020-1-300x200.jpg\" sizes=\"(max-width: 300px) 100vw, 300px\" srcset=\"https:\/\/infonewss.com\/wp-content\/uploads\/2023\/08\/Francisco-Macedo-vence-Caldeirao-Grande-por-2-a-1-na-II-Copa-AMVI-IMG_0020-1-300x200.jpg 300w, https:\/\/infonewss.com\/wp-content\/uploads\/2023\/08\/Francisco-Macedo-vence-Caldeirao-Grande-por-2-a-1-na-II-Copa-AMVI-IMG_0020-1-768x512.jpg 768w, https:\/\/infonewss.com\/wp-content\/uploads\/2023\/08\/Francisco-Macedo-vence-Caldeirao-Grande-por-2-a-1-na-II-Copa-AMVI-IMG_0020-1-150x100.jpg 150w, https:\/\/infonewss.com\/wp-content\/uploads\/2023\/08\/Francisco-Macedo-vence-Caldeirao-Grande-por-2-a-1-na-II-Copa-AMVI-IMG_0020-1-696x464.jpg 696w, https:\/\/infonewss.com\/wp-content\/uploads\/2023\/08\/Francisco-Macedo-vence-Caldeirao-Grande-por-2-a-1-na-II-Copa-AMVI-IMG_0020-1.jpg 900w\" alt=\"\" width=\"300\" height=\"200\" data-srcset=\"https:\/\/infonewss.com\/wp-content\/uploads\/2023\/08\/Francisco-Macedo-vence-Caldeirao-Grande-por-2-a-1-na-II-Copa-AMVI-IMG_0020-1-300x200.jpg 300w, https:\/\/infonewss.com\/wp-content\/uploads\/2023\/08\/Francisco-Macedo-vence-Caldeirao-Grande-por-2-a-1-na-II-Copa-AMVI-IMG_0020-1-768x512.jpg 768w, https:\/\/infonewss.com\/wp-content\/uploads\/2023\/08\/Francisco-Macedo-vence-Caldeirao-Grande-por-2-a-1-na-II-Copa-AMVI-IMG_0020-1-150x100.jpg 150w, https:\/\/infonewss.com\/wp-content\/uploads\/2023\/08\/Francisco-Macedo-vence-Caldeirao-Grande-por-2-a-1-na-II-Copa-AMVI-IMG_0020-1-696x464.jpg 696w, https:\/\/infonewss.com\/wp-content\/uploads\/2023\/08\/Francisco-Macedo-vence-Caldeirao-Grande-por-2-a-1-na-II-Copa-AMVI-IMG_0020-1.jpg 900w\" data-src=\"https:\/\/infonewss.com\/wp-content\/uploads\/2023\/08\/Francisco-Macedo-vence-Caldeirao-Grande-por-2-a-1-na-II-Copa-AMVI-IMG_0020-1-300x200.jpg\" data-sizes=\"(max-width: 300px) 100vw, 300px\" \/><\/a><\/div>\n<\/figure>\n<figure class=\"gallery-item\">\n<div class=\"gallery-icon landscape\"><a href=\"https:\/\/infonewss.com\/wp-content\/uploads\/2023\/08\/Francisco-Macedo-vence-Caldeirao-Grande-por-2-a-1-na-II-Copa-AMVI-IMG_0022-1.jpg\"><img loading=\"lazy\" decoding=\"async\" class=\"attachment-medium size-medium lazyloaded\" src=\"https:\/\/infonewss.com\/wp-content\/uploads\/2023\/08\/Francisco-Macedo-vence-Caldeirao-Grande-por-2-a-1-na-II-Copa-AMVI-IMG_0022-1-300x200.jpg\" sizes=\"(max-width: 300px) 100vw, 300px\" srcset=\"https:\/\/infonewss.com\/wp-content\/uploads\/2023\/08\/Francisco-Macedo-vence-Caldeirao-Grande-por-2-a-1-na-II-Copa-AMVI-IMG_0022-1-300x200.jpg 300w, https:\/\/infonewss.com\/wp-content\/uploads\/2023\/08\/Francisco-Macedo-vence-Caldeirao-Grande-por-2-a-1-na-II-Copa-AMVI-IMG_0022-1-768x512.jpg 768w, https:\/\/infonewss.com\/wp-content\/uploads\/2023\/08\/Francisco-Macedo-vence-Caldeirao-Grande-por-2-a-1-na-II-Copa-AMVI-IMG_0022-1-150x100.jpg 150w, https:\/\/infonewss.com\/wp-content\/uploads\/2023\/08\/Francisco-Macedo-vence-Caldeirao-Grande-por-2-a-1-na-II-Copa-AMVI-IMG_0022-1-696x464.jpg 696w, https:\/\/infonewss.com\/wp-content\/uploads\/2023\/08\/Francisco-Macedo-vence-Caldeirao-Grande-por-2-a-1-na-II-Copa-AMVI-IMG_0022-1.jpg 900w\" alt=\"\" width=\"300\" height=\"200\" data-srcset=\"https:\/\/infonewss.com\/wp-content\/uploads\/2023\/08\/Francisco-Macedo-vence-Caldeirao-Grande-por-2-a-1-na-II-Copa-AMVI-IMG_0022-1-300x200.jpg 300w, https:\/\/infonewss.com\/wp-content\/uploads\/2023\/08\/Francisco-Macedo-vence-Caldeirao-Grande-por-2-a-1-na-II-Copa-AMVI-IMG_0022-1-768x512.jpg 768w, https:\/\/infonewss.com\/wp-content\/uploads\/2023\/08\/Francisco-Macedo-vence-Caldeirao-Grande-por-2-a-1-na-II-Copa-AMVI-IMG_0022-1-150x100.jpg 150w, https:\/\/infonewss.com\/wp-content\/uploads\/2023\/08\/Francisco-Macedo-vence-Caldeirao-Grande-por-2-a-1-na-II-Copa-AMVI-IMG_0022-1-696x464.jpg 696w, https:\/\/infonewss.com\/wp-content\/uploads\/2023\/08\/Francisco-Macedo-vence-Caldeirao-Grande-por-2-a-1-na-II-Copa-AMVI-IMG_0022-1.jpg 900w\" data-src=\"https:\/\/infonewss.com\/wp-content\/uploads\/2023\/08\/Francisco-Macedo-vence-Caldeirao-Grande-por-2-a-1-na-II-Copa-AMVI-IMG_0022-1-300x200.jpg\" data-sizes=\"(max-width: 300px) 100vw, 300px\" \/><\/a><\/div>\n<\/figure>\n<figure class=\"gallery-item\">\n<div class=\"gallery-icon landscape\"><a href=\"https:\/\/infonewss.com\/wp-content\/uploads\/2023\/08\/Francisco-Macedo-vence-Caldeirao-Grande-por-2-a-1-na-II-Copa-AMVI-IMG_0023-1.jpg\"><img loading=\"lazy\" decoding=\"async\" class=\"attachment-medium size-medium lazyloaded\" src=\"https:\/\/infonewss.com\/wp-content\/uploads\/2023\/08\/Francisco-Macedo-vence-Caldeirao-Grande-por-2-a-1-na-II-Copa-AMVI-IMG_0023-1-300x200.jpg\" sizes=\"(max-width: 300px) 100vw, 300px\" srcset=\"https:\/\/infonewss.com\/wp-content\/uploads\/2023\/08\/Francisco-Macedo-vence-Caldeirao-Grande-por-2-a-1-na-II-Copa-AMVI-IMG_0023-1-300x200.jpg 300w, https:\/\/infonewss.com\/wp-content\/uploads\/2023\/08\/Francisco-Macedo-vence-Caldeirao-Grande-por-2-a-1-na-II-Copa-AMVI-IMG_0023-1-768x512.jpg 768w, https:\/\/infonewss.com\/wp-content\/uploads\/2023\/08\/Francisco-Macedo-vence-Caldeirao-Grande-por-2-a-1-na-II-Copa-AMVI-IMG_0023-1-150x100.jpg 150w, https:\/\/infonewss.com\/wp-content\/uploads\/2023\/08\/Francisco-Macedo-vence-Caldeirao-Grande-por-2-a-1-na-II-Copa-AMVI-IMG_0023-1-696x464.jpg 696w, https:\/\/infonewss.com\/wp-content\/uploads\/2023\/08\/Francisco-Macedo-vence-Caldeirao-Grande-por-2-a-1-na-II-Copa-AMVI-IMG_0023-1.jpg 900w\" alt=\"\" width=\"300\" height=\"200\" data-srcset=\"https:\/\/infonewss.com\/wp-content\/uploads\/2023\/08\/Francisco-Macedo-vence-Caldeirao-Grande-por-2-a-1-na-II-Copa-AMVI-IMG_0023-1-300x200.jpg 300w, https:\/\/infonewss.com\/wp-content\/uploads\/2023\/08\/Francisco-Macedo-vence-Caldeirao-Grande-por-2-a-1-na-II-Copa-AMVI-IMG_0023-1-768x512.jpg 768w, https:\/\/infonewss.com\/wp-content\/uploads\/2023\/08\/Francisco-Macedo-vence-Caldeirao-Grande-por-2-a-1-na-II-Copa-AMVI-IMG_0023-1-150x100.jpg 150w, https:\/\/infonewss.com\/wp-content\/uploads\/2023\/08\/Francisco-Macedo-vence-Caldeirao-Grande-por-2-a-1-na-II-Copa-AMVI-IMG_0023-1-696x464.jpg 696w, https:\/\/infonewss.com\/wp-content\/uploads\/2023\/08\/Francisco-Macedo-vence-Caldeirao-Grande-por-2-a-1-na-II-Copa-AMVI-IMG_0023-1.jpg 900w\" data-src=\"https:\/\/infonewss.com\/wp-content\/uploads\/2023\/08\/Francisco-Macedo-vence-Caldeirao-Grande-por-2-a-1-na-II-Copa-AMVI-IMG_0023-1-300x200.jpg\" data-sizes=\"(max-width: 300px) 100vw, 300px\" \/><\/a><\/div>\n<\/figure>\n<figure class=\"gallery-item\">\n<div class=\"gallery-icon landscape\"><a href=\"https:\/\/infonewss.com\/wp-content\/uploads\/2023\/08\/Francisco-Macedo-vence-Caldeirao-Grande-por-2-a-1-na-II-Copa-AMVI-IMG_0024-1.jpg\"><img loading=\"lazy\" decoding=\"async\" class=\"attachment-medium size-medium lazyloaded\" src=\"https:\/\/infonewss.com\/wp-content\/uploads\/2023\/08\/Francisco-Macedo-vence-Caldeirao-Grande-por-2-a-1-na-II-Copa-AMVI-IMG_0024-1-300x200.jpg\" sizes=\"(max-width: 300px) 100vw, 300px\" srcset=\"https:\/\/infonewss.com\/wp-content\/uploads\/2023\/08\/Francisco-Macedo-vence-Caldeirao-Grande-por-2-a-1-na-II-Copa-AMVI-IMG_0024-1-300x200.jpg 300w, https:\/\/infonewss.com\/wp-content\/uploads\/2023\/08\/Francisco-Macedo-vence-Caldeirao-Grande-por-2-a-1-na-II-Copa-AMVI-IMG_0024-1-768x512.jpg 768w, https:\/\/infonewss.com\/wp-content\/uploads\/2023\/08\/Francisco-Macedo-vence-Caldeirao-Grande-por-2-a-1-na-II-Copa-AMVI-IMG_0024-1-150x100.jpg 150w, https:\/\/infonewss.com\/wp-content\/uploads\/2023\/08\/Francisco-Macedo-vence-Caldeirao-Grande-por-2-a-1-na-II-Copa-AMVI-IMG_0024-1-696x464.jpg 696w, https:\/\/infonewss.com\/wp-content\/uploads\/2023\/08\/Francisco-Macedo-vence-Caldeirao-Grande-por-2-a-1-na-II-Copa-AMVI-IMG_0024-1.jpg 900w\" alt=\"\" width=\"300\" height=\"200\" data-srcset=\"https:\/\/infonewss.com\/wp-content\/uploads\/2023\/08\/Francisco-Macedo-vence-Caldeirao-Grande-por-2-a-1-na-II-Copa-AMVI-IMG_0024-1-300x200.jpg 300w, https:\/\/infonewss.com\/wp-content\/uploads\/2023\/08\/Francisco-Macedo-vence-Caldeirao-Grande-por-2-a-1-na-II-Copa-AMVI-IMG_0024-1-768x512.jpg 768w, https:\/\/infonewss.com\/wp-content\/uploads\/2023\/08\/Francisco-Macedo-vence-Caldeirao-Grande-por-2-a-1-na-II-Copa-AMVI-IMG_0024-1-150x100.jpg 150w, https:\/\/infonewss.com\/wp-content\/uploads\/2023\/08\/Francisco-Macedo-vence-Caldeirao-Grande-por-2-a-1-na-II-Copa-AMVI-IMG_0024-1-696x464.jpg 696w, https:\/\/infonewss.com\/wp-content\/uploads\/2023\/08\/Francisco-Macedo-vence-Caldeirao-Grande-por-2-a-1-na-II-Copa-AMVI-IMG_0024-1.jpg 900w\" data-src=\"https:\/\/infonewss.com\/wp-content\/uploads\/2023\/08\/Francisco-Macedo-vence-Caldeirao-Grande-por-2-a-1-na-II-Copa-AMVI-IMG_0024-1-300x200.jpg\" data-sizes=\"(max-width: 300px) 100vw, 300px\" \/><\/a><\/div>\n<\/figure>\n<figure class=\"gallery-item\">\n<div class=\"gallery-icon landscape\"><a href=\"https:\/\/infonewss.com\/wp-content\/uploads\/2023\/08\/Francisco-Macedo-vence-Caldeirao-Grande-por-2-a-1-na-II-Copa-AMVI-IMG_0025-1.jpg\"><img loading=\"lazy\" decoding=\"async\" class=\"attachment-medium size-medium lazyloaded\" src=\"https:\/\/infonewss.com\/wp-content\/uploads\/2023\/08\/Francisco-Macedo-vence-Caldeirao-Grande-por-2-a-1-na-II-Copa-AMVI-IMG_0025-1-300x200.jpg\" sizes=\"(max-width: 300px) 100vw, 300px\" srcset=\"https:\/\/infonewss.com\/wp-content\/uploads\/2023\/08\/Francisco-Macedo-vence-Caldeirao-Grande-por-2-a-1-na-II-Copa-AMVI-IMG_0025-1-300x200.jpg 300w, https:\/\/infonewss.com\/wp-content\/uploads\/2023\/08\/Francisco-Macedo-vence-Caldeirao-Grande-por-2-a-1-na-II-Copa-AMVI-IMG_0025-1-768x512.jpg 768w, https:\/\/infonewss.com\/wp-content\/uploads\/2023\/08\/Francisco-Macedo-vence-Caldeirao-Grande-por-2-a-1-na-II-Copa-AMVI-IMG_0025-1-150x100.jpg 150w, https:\/\/infonewss.com\/wp-content\/uploads\/2023\/08\/Francisco-Macedo-vence-Caldeirao-Grande-por-2-a-1-na-II-Copa-AMVI-IMG_0025-1-696x464.jpg 696w, https:\/\/infonewss.com\/wp-content\/uploads\/2023\/08\/Francisco-Macedo-vence-Caldeirao-Grande-por-2-a-1-na-II-Copa-AMVI-IMG_0025-1.jpg 900w\" alt=\"\" width=\"300\" height=\"200\" data-srcset=\"https:\/\/infonewss.com\/wp-content\/uploads\/2023\/08\/Francisco-Macedo-vence-Caldeirao-Grande-por-2-a-1-na-II-Copa-AMVI-IMG_0025-1-300x200.jpg 300w, https:\/\/infonewss.com\/wp-content\/uploads\/2023\/08\/Francisco-Macedo-vence-Caldeirao-Grande-por-2-a-1-na-II-Copa-AMVI-IMG_0025-1-768x512.jpg 768w, https:\/\/infonewss.com\/wp-content\/uploads\/2023\/08\/Francisco-Macedo-vence-Caldeirao-Grande-por-2-a-1-na-II-Copa-AMVI-IMG_0025-1-150x100.jpg 150w, https:\/\/infonewss.com\/wp-content\/uploads\/2023\/08\/Francisco-Macedo-vence-Caldeirao-Grande-por-2-a-1-na-II-Copa-AMVI-IMG_0025-1-696x464.jpg 696w, https:\/\/infonewss.com\/wp-content\/uploads\/2023\/08\/Francisco-Macedo-vence-Caldeirao-Grande-por-2-a-1-na-II-Copa-AMVI-IMG_0025-1.jpg 900w\" data-src=\"https:\/\/infonewss.com\/wp-content\/uploads\/2023\/08\/Francisco-Macedo-vence-Caldeirao-Grande-por-2-a-1-na-II-Copa-AMVI-IMG_0025-1-300x200.jpg\" data-sizes=\"(max-width: 300px) 100vw, 300px\" \/><\/a><\/div>\n<\/figure>\n<figure class=\"gallery-item\">\n<div class=\"gallery-icon landscape\"><a href=\"https:\/\/infonewss.com\/wp-content\/uploads\/2023\/08\/Francisco-Macedo-vence-Caldeirao-Grande-por-2-a-1-na-II-Copa-AMVI-IMG_0029-1.jpg\"><img loading=\"lazy\" decoding=\"async\" class=\"attachment-medium size-medium lazyloaded\" src=\"https:\/\/infonewss.com\/wp-content\/uploads\/2023\/08\/Francisco-Macedo-vence-Caldeirao-Grande-por-2-a-1-na-II-Copa-AMVI-IMG_0029-1-300x200.jpg\" sizes=\"(max-width: 300px) 100vw, 300px\" srcset=\"https:\/\/infonewss.com\/wp-content\/uploads\/2023\/08\/Francisco-Macedo-vence-Caldeirao-Grande-por-2-a-1-na-II-Copa-AMVI-IMG_0029-1-300x200.jpg 300w, https:\/\/infonewss.com\/wp-content\/uploads\/2023\/08\/Francisco-Macedo-vence-Caldeirao-Grande-por-2-a-1-na-II-Copa-AMVI-IMG_0029-1-768x512.jpg 768w, https:\/\/infonewss.com\/wp-content\/uploads\/2023\/08\/Francisco-Macedo-vence-Caldeirao-Grande-por-2-a-1-na-II-Copa-AMVI-IMG_0029-1-150x100.jpg 150w, https:\/\/infonewss.com\/wp-content\/uploads\/2023\/08\/Francisco-Macedo-vence-Caldeirao-Grande-por-2-a-1-na-II-Copa-AMVI-IMG_0029-1-696x464.jpg 696w, https:\/\/infonewss.com\/wp-content\/uploads\/2023\/08\/Francisco-Macedo-vence-Caldeirao-Grande-por-2-a-1-na-II-Copa-AMVI-IMG_0029-1.jpg 900w\" alt=\"\" width=\"300\" height=\"200\" data-srcset=\"https:\/\/infonewss.com\/wp-content\/uploads\/2023\/08\/Francisco-Macedo-vence-Caldeirao-Grande-por-2-a-1-na-II-Copa-AMVI-IMG_0029-1-300x200.jpg 300w, https:\/\/infonewss.com\/wp-content\/uploads\/2023\/08\/Francisco-Macedo-vence-Caldeirao-Grande-por-2-a-1-na-II-Copa-AMVI-IMG_0029-1-768x512.jpg 768w, https:\/\/infonewss.com\/wp-content\/uploads\/2023\/08\/Francisco-Macedo-vence-Caldeirao-Grande-por-2-a-1-na-II-Copa-AMVI-IMG_0029-1-150x100.jpg 150w, https:\/\/infonewss.com\/wp-content\/uploads\/2023\/08\/Francisco-Macedo-vence-Caldeirao-Grande-por-2-a-1-na-II-Copa-AMVI-IMG_0029-1-696x464.jpg 696w, https:\/\/infonewss.com\/wp-content\/uploads\/2023\/08\/Francisco-Macedo-vence-Caldeirao-Grande-por-2-a-1-na-II-Copa-AMVI-IMG_0029-1.jpg 900w\" data-src=\"https:\/\/infonewss.com\/wp-content\/uploads\/2023\/08\/Francisco-Macedo-vence-Caldeirao-Grande-por-2-a-1-na-II-Copa-AMVI-IMG_0029-1-300x200.jpg\" data-sizes=\"(max-width: 300px) 100vw, 300px\" \/><\/a><\/div>\n<\/figure>\n<figure class=\"gallery-item\">\n<div class=\"gallery-icon landscape\"><a href=\"https:\/\/infonewss.com\/wp-content\/uploads\/2023\/08\/Francisco-Macedo-vence-Caldeirao-Grande-por-2-a-1-na-II-Copa-AMVI-IMG_0031-1.jpg\"><img loading=\"lazy\" decoding=\"async\" class=\"attachment-medium size-medium lazyloaded\" src=\"https:\/\/infonewss.com\/wp-content\/uploads\/2023\/08\/Francisco-Macedo-vence-Caldeirao-Grande-por-2-a-1-na-II-Copa-AMVI-IMG_0031-1-300x200.jpg\" sizes=\"(max-width: 300px) 100vw, 300px\" srcset=\"https:\/\/infonewss.com\/wp-content\/uploads\/2023\/08\/Francisco-Macedo-vence-Caldeirao-Grande-por-2-a-1-na-II-Copa-AMVI-IMG_0031-1-300x200.jpg 300w, https:\/\/infonewss.com\/wp-content\/uploads\/2023\/08\/Francisco-Macedo-vence-Caldeirao-Grande-por-2-a-1-na-II-Copa-AMVI-IMG_0031-1-768x512.jpg 768w, https:\/\/infonewss.com\/wp-content\/uploads\/2023\/08\/Francisco-Macedo-vence-Caldeirao-Grande-por-2-a-1-na-II-Copa-AMVI-IMG_0031-1-150x100.jpg 150w, https:\/\/infonewss.com\/wp-content\/uploads\/2023\/08\/Francisco-Macedo-vence-Caldeirao-Grande-por-2-a-1-na-II-Copa-AMVI-IMG_0031-1-696x464.jpg 696w, https:\/\/infonewss.com\/wp-content\/uploads\/2023\/08\/Francisco-Macedo-vence-Caldeirao-Grande-por-2-a-1-na-II-Copa-AMVI-IMG_0031-1.jpg 900w\" alt=\"\" width=\"300\" height=\"200\" data-srcset=\"https:\/\/infonewss.com\/wp-content\/uploads\/2023\/08\/Francisco-Macedo-vence-Caldeirao-Grande-por-2-a-1-na-II-Copa-AMVI-IMG_0031-1-300x200.jpg 300w, https:\/\/infonewss.com\/wp-content\/uploads\/2023\/08\/Francisco-Macedo-vence-Caldeirao-Grande-por-2-a-1-na-II-Copa-AMVI-IMG_0031-1-768x512.jpg 768w, https:\/\/infonewss.com\/wp-content\/uploads\/2023\/08\/Francisco-Macedo-vence-Caldeirao-Grande-por-2-a-1-na-II-Copa-AMVI-IMG_0031-1-150x100.jpg 150w, https:\/\/infonewss.com\/wp-content\/uploads\/2023\/08\/Francisco-Macedo-vence-Caldeirao-Grande-por-2-a-1-na-II-Copa-AMVI-IMG_0031-1-696x464.jpg 696w, https:\/\/infonewss.com\/wp-content\/uploads\/2023\/08\/Francisco-Macedo-vence-Caldeirao-Grande-por-2-a-1-na-II-Copa-AMVI-IMG_0031-1.jpg 900w\" data-src=\"https:\/\/infonewss.com\/wp-content\/uploads\/2023\/08\/Francisco-Macedo-vence-Caldeirao-Grande-por-2-a-1-na-II-Copa-AMVI-IMG_0031-1-300x200.jpg\" data-sizes=\"(max-width: 300px) 100vw, 300px\" \/><\/a><\/div>\n<\/figure>\n<figure class=\"gallery-item\">\n<div class=\"gallery-icon landscape\"><a href=\"https:\/\/infonewss.com\/wp-content\/uploads\/2023\/08\/Francisco-Macedo-vence-Caldeirao-Grande-por-2-a-1-na-II-Copa-AMVI-IMG_0032-1.jpg\"><img loading=\"lazy\" decoding=\"async\" class=\"attachment-medium size-medium lazyloaded\" src=\"https:\/\/infonewss.com\/wp-content\/uploads\/2023\/08\/Francisco-Macedo-vence-Caldeirao-Grande-por-2-a-1-na-II-Copa-AMVI-IMG_0032-1-300x200.jpg\" sizes=\"(max-width: 300px) 100vw, 300px\" srcset=\"https:\/\/infonewss.com\/wp-content\/uploads\/2023\/08\/Francisco-Macedo-vence-Caldeirao-Grande-por-2-a-1-na-II-Copa-AMVI-IMG_0032-1-300x200.jpg 300w, https:\/\/infonewss.com\/wp-content\/uploads\/2023\/08\/Francisco-Macedo-vence-Caldeirao-Grande-por-2-a-1-na-II-Copa-AMVI-IMG_0032-1-768x512.jpg 768w, https:\/\/infonewss.com\/wp-content\/uploads\/2023\/08\/Francisco-Macedo-vence-Caldeirao-Grande-por-2-a-1-na-II-Copa-AMVI-IMG_0032-1-150x100.jpg 150w, https:\/\/infonewss.com\/wp-content\/uploads\/2023\/08\/Francisco-Macedo-vence-Caldeirao-Grande-por-2-a-1-na-II-Copa-AMVI-IMG_0032-1-696x464.jpg 696w, https:\/\/infonewss.com\/wp-content\/uploads\/2023\/08\/Francisco-Macedo-vence-Caldeirao-Grande-por-2-a-1-na-II-Copa-AMVI-IMG_0032-1.jpg 900w\" alt=\"\" width=\"300\" height=\"200\" data-srcset=\"https:\/\/infonewss.com\/wp-content\/uploads\/2023\/08\/Francisco-Macedo-vence-Caldeirao-Grande-por-2-a-1-na-II-Copa-AMVI-IMG_0032-1-300x200.jpg 300w, https:\/\/infonewss.com\/wp-content\/uploads\/2023\/08\/Francisco-Macedo-vence-Caldeirao-Grande-por-2-a-1-na-II-Copa-AMVI-IMG_0032-1-768x512.jpg 768w, https:\/\/infonewss.com\/wp-content\/uploads\/2023\/08\/Francisco-Macedo-vence-Caldeirao-Grande-por-2-a-1-na-II-Copa-AMVI-IMG_0032-1-150x100.jpg 150w, https:\/\/infonewss.com\/wp-content\/uploads\/2023\/08\/Francisco-Macedo-vence-Caldeirao-Grande-por-2-a-1-na-II-Copa-AMVI-IMG_0032-1-696x464.jpg 696w, https:\/\/infonewss.com\/wp-content\/uploads\/2023\/08\/Francisco-Macedo-vence-Caldeirao-Grande-por-2-a-1-na-II-Copa-AMVI-IMG_0032-1.jpg 900w\" data-src=\"https:\/\/infonewss.com\/wp-content\/uploads\/2023\/08\/Francisco-Macedo-vence-Caldeirao-Grande-por-2-a-1-na-II-Copa-AMVI-IMG_0032-1-300x200.jpg\" data-sizes=\"(max-width: 300px) 100vw, 300px\" \/><\/a><\/div>\n<\/figure>\n<figure class=\"gallery-item\">\n<div class=\"gallery-icon landscape\"><a href=\"https:\/\/infonewss.com\/wp-content\/uploads\/2023\/08\/Francisco-Macedo-vence-Caldeirao-Grande-por-2-a-1-na-II-Copa-AMVI-IMG_0035-1.jpg\"><img loading=\"lazy\" decoding=\"async\" class=\"attachment-medium size-medium lazyloaded\" src=\"https:\/\/infonewss.com\/wp-content\/uploads\/2023\/08\/Francisco-Macedo-vence-Caldeirao-Grande-por-2-a-1-na-II-Copa-AMVI-IMG_0035-1-300x200.jpg\" sizes=\"(max-width: 300px) 100vw, 300px\" srcset=\"https:\/\/infonewss.com\/wp-content\/uploads\/2023\/08\/Francisco-Macedo-vence-Caldeirao-Grande-por-2-a-1-na-II-Copa-AMVI-IMG_0035-1-300x200.jpg 300w, https:\/\/infonewss.com\/wp-content\/uploads\/2023\/08\/Francisco-Macedo-vence-Caldeirao-Grande-por-2-a-1-na-II-Copa-AMVI-IMG_0035-1-768x512.jpg 768w, https:\/\/infonewss.com\/wp-content\/uploads\/2023\/08\/Francisco-Macedo-vence-Caldeirao-Grande-por-2-a-1-na-II-Copa-AMVI-IMG_0035-1-150x100.jpg 150w, https:\/\/infonewss.com\/wp-content\/uploads\/2023\/08\/Francisco-Macedo-vence-Caldeirao-Grande-por-2-a-1-na-II-Copa-AMVI-IMG_0035-1-696x464.jpg 696w, https:\/\/infonewss.com\/wp-content\/uploads\/2023\/08\/Francisco-Macedo-vence-Caldeirao-Grande-por-2-a-1-na-II-Copa-AMVI-IMG_0035-1.jpg 900w\" alt=\"\" width=\"300\" height=\"200\" data-srcset=\"https:\/\/infonewss.com\/wp-content\/uploads\/2023\/08\/Francisco-Macedo-vence-Caldeirao-Grande-por-2-a-1-na-II-Copa-AMVI-IMG_0035-1-300x200.jpg 300w, https:\/\/infonewss.com\/wp-content\/uploads\/2023\/08\/Francisco-Macedo-vence-Caldeirao-Grande-por-2-a-1-na-II-Copa-AMVI-IMG_0035-1-768x512.jpg 768w, https:\/\/infonewss.com\/wp-content\/uploads\/2023\/08\/Francisco-Macedo-vence-Caldeirao-Grande-por-2-a-1-na-II-Copa-AMVI-IMG_0035-1-150x100.jpg 150w, https:\/\/infonewss.com\/wp-content\/uploads\/2023\/08\/Francisco-Macedo-vence-Caldeirao-Grande-por-2-a-1-na-II-Copa-AMVI-IMG_0035-1-696x464.jpg 696w, https:\/\/infonewss.com\/wp-content\/uploads\/2023\/08\/Francisco-Macedo-vence-Caldeirao-Grande-por-2-a-1-na-II-Copa-AMVI-IMG_0035-1.jpg 900w\" data-src=\"https:\/\/infonewss.com\/wp-content\/uploads\/2023\/08\/Francisco-Macedo-vence-Caldeirao-Grande-por-2-a-1-na-II-Copa-AMVI-IMG_0035-1-300x200.jpg\" data-sizes=\"(max-width: 300px) 100vw, 300px\" \/><\/a><\/div>\n<\/figure>\n<figure class=\"gallery-item\">\n<div class=\"gallery-icon landscape\"><a href=\"https:\/\/infonewss.com\/wp-content\/uploads\/2023\/08\/Francisco-Macedo-vence-Caldeirao-Grande-por-2-a-1-na-II-Copa-AMVI-IMG_0038-1.jpg\"><img loading=\"lazy\" decoding=\"async\" class=\"attachment-medium size-medium lazyloaded\" src=\"https:\/\/infonewss.com\/wp-content\/uploads\/2023\/08\/Francisco-Macedo-vence-Caldeirao-Grande-por-2-a-1-na-II-Copa-AMVI-IMG_0038-1-300x200.jpg\" sizes=\"(max-width: 300px) 100vw, 300px\" srcset=\"https:\/\/infonewss.com\/wp-content\/uploads\/2023\/08\/Francisco-Macedo-vence-Caldeirao-Grande-por-2-a-1-na-II-Copa-AMVI-IMG_0038-1-300x200.jpg 300w, https:\/\/infonewss.com\/wp-content\/uploads\/2023\/08\/Francisco-Macedo-vence-Caldeirao-Grande-por-2-a-1-na-II-Copa-AMVI-IMG_0038-1-768x512.jpg 768w, https:\/\/infonewss.com\/wp-content\/uploads\/2023\/08\/Francisco-Macedo-vence-Caldeirao-Grande-por-2-a-1-na-II-Copa-AMVI-IMG_0038-1-150x100.jpg 150w, https:\/\/infonewss.com\/wp-content\/uploads\/2023\/08\/Francisco-Macedo-vence-Caldeirao-Grande-por-2-a-1-na-II-Copa-AMVI-IMG_0038-1-696x464.jpg 696w, https:\/\/infonewss.com\/wp-content\/uploads\/2023\/08\/Francisco-Macedo-vence-Caldeirao-Grande-por-2-a-1-na-II-Copa-AMVI-IMG_0038-1.jpg 900w\" alt=\"\" width=\"300\" height=\"200\" data-srcset=\"https:\/\/infonewss.com\/wp-content\/uploads\/2023\/08\/Francisco-Macedo-vence-Caldeirao-Grande-por-2-a-1-na-II-Copa-AMVI-IMG_0038-1-300x200.jpg 300w, https:\/\/infonewss.com\/wp-content\/uploads\/2023\/08\/Francisco-Macedo-vence-Caldeirao-Grande-por-2-a-1-na-II-Copa-AMVI-IMG_0038-1-768x512.jpg 768w, https:\/\/infonewss.com\/wp-content\/uploads\/2023\/08\/Francisco-Macedo-vence-Caldeirao-Grande-por-2-a-1-na-II-Copa-AMVI-IMG_0038-1-150x100.jpg 150w, https:\/\/infonewss.com\/wp-content\/uploads\/2023\/08\/Francisco-Macedo-vence-Caldeirao-Grande-por-2-a-1-na-II-Copa-AMVI-IMG_0038-1-696x464.jpg 696w, https:\/\/infonewss.com\/wp-content\/uploads\/2023\/08\/Francisco-Macedo-vence-Caldeirao-Grande-por-2-a-1-na-II-Copa-AMVI-IMG_0038-1.jpg 900w\" data-src=\"https:\/\/infonewss.com\/wp-content\/uploads\/2023\/08\/Francisco-Macedo-vence-Caldeirao-Grande-por-2-a-1-na-II-Copa-AMVI-IMG_0038-1-300x200.jpg\" data-sizes=\"(max-width: 300px) 100vw, 300px\" \/><\/a><\/div>\n<\/figure>\n<figure class=\"gallery-item\">\n<div class=\"gallery-icon portrait\"><a href=\"https:\/\/infonewss.com\/wp-content\/uploads\/2023\/08\/Francisco-Macedo-vence-Caldeirao-Grande-por-2-a-1-na-II-Copa-AMVI-IMG_0041-1.jpg\"><img loading=\"lazy\" decoding=\"async\" class=\"attachment-medium size-medium lazyloaded\" src=\"https:\/\/infonewss.com\/wp-content\/uploads\/2023\/08\/Francisco-Macedo-vence-Caldeirao-Grande-por-2-a-1-na-II-Copa-AMVI-IMG_0041-1-200x300.jpg\" sizes=\"(max-width: 200px) 100vw, 200px\" srcset=\"https:\/\/infonewss.com\/wp-content\/uploads\/2023\/08\/Francisco-Macedo-vence-Caldeirao-Grande-por-2-a-1-na-II-Copa-AMVI-IMG_0041-1-200x300.jpg 200w, https:\/\/infonewss.com\/wp-content\/uploads\/2023\/08\/Francisco-Macedo-vence-Caldeirao-Grande-por-2-a-1-na-II-Copa-AMVI-IMG_0041-1-683x1024.jpg 683w, https:\/\/infonewss.com\/wp-content\/uploads\/2023\/08\/Francisco-Macedo-vence-Caldeirao-Grande-por-2-a-1-na-II-Copa-AMVI-IMG_0041-1-768x1152.jpg 768w, https:\/\/infonewss.com\/wp-content\/uploads\/2023\/08\/Francisco-Macedo-vence-Caldeirao-Grande-por-2-a-1-na-II-Copa-AMVI-IMG_0041-1-150x225.jpg 150w, https:\/\/infonewss.com\/wp-content\/uploads\/2023\/08\/Francisco-Macedo-vence-Caldeirao-Grande-por-2-a-1-na-II-Copa-AMVI-IMG_0041-1-300x450.jpg 300w, https:\/\/infonewss.com\/wp-content\/uploads\/2023\/08\/Francisco-Macedo-vence-Caldeirao-Grande-por-2-a-1-na-II-Copa-AMVI-IMG_0041-1-696x1044.jpg 696w, https:\/\/infonewss.com\/wp-content\/uploads\/2023\/08\/Francisco-Macedo-vence-Caldeirao-Grande-por-2-a-1-na-II-Copa-AMVI-IMG_0041-1.jpg 900w\" alt=\"\" width=\"200\" height=\"300\" data-srcset=\"https:\/\/infonewss.com\/wp-content\/uploads\/2023\/08\/Francisco-Macedo-vence-Caldeirao-Grande-por-2-a-1-na-II-Copa-AMVI-IMG_0041-1-200x300.jpg 200w, https:\/\/infonewss.com\/wp-content\/uploads\/2023\/08\/Francisco-Macedo-vence-Caldeirao-Grande-por-2-a-1-na-II-Copa-AMVI-IMG_0041-1-683x1024.jpg 683w, https:\/\/infonewss.com\/wp-content\/uploads\/2023\/08\/Francisco-Macedo-vence-Caldeirao-Grande-por-2-a-1-na-II-Copa-AMVI-IMG_0041-1-768x1152.jpg 768w, https:\/\/infonewss.com\/wp-content\/uploads\/2023\/08\/Francisco-Macedo-vence-Caldeirao-Grande-por-2-a-1-na-II-Copa-AMVI-IMG_0041-1-150x225.jpg 150w, https:\/\/infonewss.com\/wp-content\/uploads\/2023\/08\/Francisco-Macedo-vence-Caldeirao-Grande-por-2-a-1-na-II-Copa-AMVI-IMG_0041-1-300x450.jpg 300w, https:\/\/infonewss.com\/wp-content\/uploads\/2023\/08\/Francisco-Macedo-vence-Caldeirao-Grande-por-2-a-1-na-II-Copa-AMVI-IMG_0041-1-696x1044.jpg 696w, https:\/\/infonewss.com\/wp-content\/uploads\/2023\/08\/Francisco-Macedo-vence-Caldeirao-Grande-por-2-a-1-na-II-Copa-AMVI-IMG_0041-1.jpg 900w\" data-src=\"https:\/\/infonewss.com\/wp-content\/uploads\/2023\/08\/Francisco-Macedo-vence-Caldeirao-Grande-por-2-a-1-na-II-Copa-AMVI-IMG_0041-1-200x300.jpg\" data-sizes=\"(max-width: 200px) 100vw, 200px\" \/><\/a><\/div>\n<\/figure>\n<figure class=\"gallery-item\">\n<div class=\"gallery-icon landscape\"><a href=\"https:\/\/infonewss.com\/wp-content\/uploads\/2023\/08\/Francisco-Macedo-vence-Caldeirao-Grande-por-2-a-1-na-II-Copa-AMVI-IMG_0045-1.jpg\"><img loading=\"lazy\" decoding=\"async\" class=\"attachment-medium size-medium lazyloaded\" src=\"https:\/\/infonewss.com\/wp-content\/uploads\/2023\/08\/Francisco-Macedo-vence-Caldeirao-Grande-por-2-a-1-na-II-Copa-AMVI-IMG_0045-1-300x200.jpg\" sizes=\"(max-width: 300px) 100vw, 300px\" srcset=\"https:\/\/infonewss.com\/wp-content\/uploads\/2023\/08\/Francisco-Macedo-vence-Caldeirao-Grande-por-2-a-1-na-II-Copa-AMVI-IMG_0045-1-300x200.jpg 300w, https:\/\/infonewss.com\/wp-content\/uploads\/2023\/08\/Francisco-Macedo-vence-Caldeirao-Grande-por-2-a-1-na-II-Copa-AMVI-IMG_0045-1-768x512.jpg 768w, https:\/\/infonewss.com\/wp-content\/uploads\/2023\/08\/Francisco-Macedo-vence-Caldeirao-Grande-por-2-a-1-na-II-Copa-AMVI-IMG_0045-1-150x100.jpg 150w, https:\/\/infonewss.com\/wp-content\/uploads\/2023\/08\/Francisco-Macedo-vence-Caldeirao-Grande-por-2-a-1-na-II-Copa-AMVI-IMG_0045-1-696x464.jpg 696w, https:\/\/infonewss.com\/wp-content\/uploads\/2023\/08\/Francisco-Macedo-vence-Caldeirao-Grande-por-2-a-1-na-II-Copa-AMVI-IMG_0045-1.jpg 900w\" alt=\"\" width=\"300\" height=\"200\" data-srcset=\"https:\/\/infonewss.com\/wp-content\/uploads\/2023\/08\/Francisco-Macedo-vence-Caldeirao-Grande-por-2-a-1-na-II-Copa-AMVI-IMG_0045-1-300x200.jpg 300w, https:\/\/infonewss.com\/wp-content\/uploads\/2023\/08\/Francisco-Macedo-vence-Caldeirao-Grande-por-2-a-1-na-II-Copa-AMVI-IMG_0045-1-768x512.jpg 768w, https:\/\/infonewss.com\/wp-content\/uploads\/2023\/08\/Francisco-Macedo-vence-Caldeirao-Grande-por-2-a-1-na-II-Copa-AMVI-IMG_0045-1-150x100.jpg 150w, https:\/\/infonewss.com\/wp-content\/uploads\/2023\/08\/Francisco-Macedo-vence-Caldeirao-Grande-por-2-a-1-na-II-Copa-AMVI-IMG_0045-1-696x464.jpg 696w, https:\/\/infonewss.com\/wp-content\/uploads\/2023\/08\/Francisco-Macedo-vence-Caldeirao-Grande-por-2-a-1-na-II-Copa-AMVI-IMG_0045-1.jpg 900w\" data-src=\"https:\/\/infonewss.com\/wp-content\/uploads\/2023\/08\/Francisco-Macedo-vence-Caldeirao-Grande-por-2-a-1-na-II-Copa-AMVI-IMG_0045-1-300x200.jpg\" data-sizes=\"(max-width: 300px) 100vw, 300px\" \/><\/a><\/div>\n<\/figure>\n<figure class=\"gallery-item\">\n<div class=\"gallery-icon portrait\"><a href=\"https:\/\/infonewss.com\/wp-content\/uploads\/2023\/08\/Francisco-Macedo-vence-Caldeirao-Grande-por-2-a-1-na-II-Copa-AMVI-IMG_0049-1.jpg\"><img loading=\"lazy\" decoding=\"async\" class=\"attachment-medium size-medium lazyloaded\" src=\"https:\/\/infonewss.com\/wp-content\/uploads\/2023\/08\/Francisco-Macedo-vence-Caldeirao-Grande-por-2-a-1-na-II-Copa-AMVI-IMG_0049-1-200x300.jpg\" sizes=\"(max-width: 200px) 100vw, 200px\" srcset=\"https:\/\/infonewss.com\/wp-content\/uploads\/2023\/08\/Francisco-Macedo-vence-Caldeirao-Grande-por-2-a-1-na-II-Copa-AMVI-IMG_0049-1-200x300.jpg 200w, https:\/\/infonewss.com\/wp-content\/uploads\/2023\/08\/Francisco-Macedo-vence-Caldeirao-Grande-por-2-a-1-na-II-Copa-AMVI-IMG_0049-1-683x1024.jpg 683w, https:\/\/infonewss.com\/wp-content\/uploads\/2023\/08\/Francisco-Macedo-vence-Caldeirao-Grande-por-2-a-1-na-II-Copa-AMVI-IMG_0049-1-768x1152.jpg 768w, https:\/\/infonewss.com\/wp-content\/uploads\/2023\/08\/Francisco-Macedo-vence-Caldeirao-Grande-por-2-a-1-na-II-Copa-AMVI-IMG_0049-1-150x225.jpg 150w, https:\/\/infonewss.com\/wp-content\/uploads\/2023\/08\/Francisco-Macedo-vence-Caldeirao-Grande-por-2-a-1-na-II-Copa-AMVI-IMG_0049-1-300x450.jpg 300w, https:\/\/infonewss.com\/wp-content\/uploads\/2023\/08\/Francisco-Macedo-vence-Caldeirao-Grande-por-2-a-1-na-II-Copa-AMVI-IMG_0049-1-696x1044.jpg 696w, https:\/\/infonewss.com\/wp-content\/uploads\/2023\/08\/Francisco-Macedo-vence-Caldeirao-Grande-por-2-a-1-na-II-Copa-AMVI-IMG_0049-1.jpg 900w\" alt=\"\" width=\"200\" height=\"300\" data-srcset=\"https:\/\/infonewss.com\/wp-content\/uploads\/2023\/08\/Francisco-Macedo-vence-Caldeirao-Grande-por-2-a-1-na-II-Copa-AMVI-IMG_0049-1-200x300.jpg 200w, https:\/\/infonewss.com\/wp-content\/uploads\/2023\/08\/Francisco-Macedo-vence-Caldeirao-Grande-por-2-a-1-na-II-Copa-AMVI-IMG_0049-1-683x1024.jpg 683w, https:\/\/infonewss.com\/wp-content\/uploads\/2023\/08\/Francisco-Macedo-vence-Caldeirao-Grande-por-2-a-1-na-II-Copa-AMVI-IMG_0049-1-768x1152.jpg 768w, https:\/\/infonewss.com\/wp-content\/uploads\/2023\/08\/Francisco-Macedo-vence-Caldeirao-Grande-por-2-a-1-na-II-Copa-AMVI-IMG_0049-1-150x225.jpg 150w, https:\/\/infonewss.com\/wp-content\/uploads\/2023\/08\/Francisco-Macedo-vence-Caldeirao-Grande-por-2-a-1-na-II-Copa-AMVI-IMG_0049-1-300x450.jpg 300w, https:\/\/infonewss.com\/wp-content\/uploads\/2023\/08\/Francisco-Macedo-vence-Caldeirao-Grande-por-2-a-1-na-II-Copa-AMVI-IMG_0049-1-696x1044.jpg 696w, https:\/\/infonewss.com\/wp-content\/uploads\/2023\/08\/Francisco-Macedo-vence-Caldeirao-Grande-por-2-a-1-na-II-Copa-AMVI-IMG_0049-1.jpg 900w\" data-src=\"https:\/\/infonewss.com\/wp-content\/uploads\/2023\/08\/Francisco-Macedo-vence-Caldeirao-Grande-por-2-a-1-na-II-Copa-AMVI-IMG_0049-1-200x300.jpg\" data-sizes=\"(max-width: 200px) 100vw, 200px\" \/><\/a><\/div>\n<\/figure>\n<figure class=\"gallery-item\">\n<div class=\"gallery-icon portrait\"><a href=\"https:\/\/infonewss.com\/wp-content\/uploads\/2023\/08\/Francisco-Macedo-vence-Caldeirao-Grande-por-2-a-1-na-II-Copa-AMVI-IMG_0050-1.jpg\"><img loading=\"lazy\" decoding=\"async\" class=\"attachment-medium size-medium lazyloaded\" src=\"https:\/\/infonewss.com\/wp-content\/uploads\/2023\/08\/Francisco-Macedo-vence-Caldeirao-Grande-por-2-a-1-na-II-Copa-AMVI-IMG_0050-1-200x300.jpg\" sizes=\"(max-width: 200px) 100vw, 200px\" srcset=\"https:\/\/infonewss.com\/wp-content\/uploads\/2023\/08\/Francisco-Macedo-vence-Caldeirao-Grande-por-2-a-1-na-II-Copa-AMVI-IMG_0050-1-200x300.jpg 200w, https:\/\/infonewss.com\/wp-content\/uploads\/2023\/08\/Francisco-Macedo-vence-Caldeirao-Grande-por-2-a-1-na-II-Copa-AMVI-IMG_0050-1-683x1024.jpg 683w, https:\/\/infonewss.com\/wp-content\/uploads\/2023\/08\/Francisco-Macedo-vence-Caldeirao-Grande-por-2-a-1-na-II-Copa-AMVI-IMG_0050-1-768x1152.jpg 768w, https:\/\/infonewss.com\/wp-content\/uploads\/2023\/08\/Francisco-Macedo-vence-Caldeirao-Grande-por-2-a-1-na-II-Copa-AMVI-IMG_0050-1-150x225.jpg 150w, https:\/\/infonewss.com\/wp-content\/uploads\/2023\/08\/Francisco-Macedo-vence-Caldeirao-Grande-por-2-a-1-na-II-Copa-AMVI-IMG_0050-1-300x450.jpg 300w, https:\/\/infonewss.com\/wp-content\/uploads\/2023\/08\/Francisco-Macedo-vence-Caldeirao-Grande-por-2-a-1-na-II-Copa-AMVI-IMG_0050-1-696x1044.jpg 696w, https:\/\/infonewss.com\/wp-content\/uploads\/2023\/08\/Francisco-Macedo-vence-Caldeirao-Grande-por-2-a-1-na-II-Copa-AMVI-IMG_0050-1.jpg 900w\" alt=\"\" width=\"200\" height=\"300\" data-srcset=\"https:\/\/infonewss.com\/wp-content\/uploads\/2023\/08\/Francisco-Macedo-vence-Caldeirao-Grande-por-2-a-1-na-II-Copa-AMVI-IMG_0050-1-200x300.jpg 200w, https:\/\/infonewss.com\/wp-content\/uploads\/2023\/08\/Francisco-Macedo-vence-Caldeirao-Grande-por-2-a-1-na-II-Copa-AMVI-IMG_0050-1-683x1024.jpg 683w, https:\/\/infonewss.com\/wp-content\/uploads\/2023\/08\/Francisco-Macedo-vence-Caldeirao-Grande-por-2-a-1-na-II-Copa-AMVI-IMG_0050-1-768x1152.jpg 768w, https:\/\/infonewss.com\/wp-content\/uploads\/2023\/08\/Francisco-Macedo-vence-Caldeirao-Grande-por-2-a-1-na-II-Copa-AMVI-IMG_0050-1-150x225.jpg 150w, https:\/\/infonewss.com\/wp-content\/uploads\/2023\/08\/Francisco-Macedo-vence-Caldeirao-Grande-por-2-a-1-na-II-Copa-AMVI-IMG_0050-1-300x450.jpg 300w, https:\/\/infonewss.com\/wp-content\/uploads\/2023\/08\/Francisco-Macedo-vence-Caldeirao-Grande-por-2-a-1-na-II-Copa-AMVI-IMG_0050-1-696x1044.jpg 696w, https:\/\/infonewss.com\/wp-content\/uploads\/2023\/08\/Francisco-Macedo-vence-Caldeirao-Grande-por-2-a-1-na-II-Copa-AMVI-IMG_0050-1.jpg 900w\" data-src=\"https:\/\/infonewss.com\/wp-content\/uploads\/2023\/08\/Francisco-Macedo-vence-Caldeirao-Grande-por-2-a-1-na-II-Copa-AMVI-IMG_0050-1-200x300.jpg\" data-sizes=\"(max-width: 200px) 100vw, 200px\" \/><\/a><\/div>\n<\/figure>\n<figure class=\"gallery-item\">\n<div class=\"gallery-icon landscape\"><a href=\"https:\/\/infonewss.com\/wp-content\/uploads\/2023\/08\/Francisco-Macedo-vence-Caldeirao-Grande-por-2-a-1-na-II-Copa-AMVI-IMG_0053-1.jpg\"><img loading=\"lazy\" decoding=\"async\" class=\"attachment-medium size-medium lazyloaded\" src=\"https:\/\/infonewss.com\/wp-content\/uploads\/2023\/08\/Francisco-Macedo-vence-Caldeirao-Grande-por-2-a-1-na-II-Copa-AMVI-IMG_0053-1-300x200.jpg\" sizes=\"(max-width: 300px) 100vw, 300px\" srcset=\"https:\/\/infonewss.com\/wp-content\/uploads\/2023\/08\/Francisco-Macedo-vence-Caldeirao-Grande-por-2-a-1-na-II-Copa-AMVI-IMG_0053-1-300x200.jpg 300w, https:\/\/infonewss.com\/wp-content\/uploads\/2023\/08\/Francisco-Macedo-vence-Caldeirao-Grande-por-2-a-1-na-II-Copa-AMVI-IMG_0053-1-768x512.jpg 768w, https:\/\/infonewss.com\/wp-content\/uploads\/2023\/08\/Francisco-Macedo-vence-Caldeirao-Grande-por-2-a-1-na-II-Copa-AMVI-IMG_0053-1-150x100.jpg 150w, https:\/\/infonewss.com\/wp-content\/uploads\/2023\/08\/Francisco-Macedo-vence-Caldeirao-Grande-por-2-a-1-na-II-Copa-AMVI-IMG_0053-1-696x464.jpg 696w, https:\/\/infonewss.com\/wp-content\/uploads\/2023\/08\/Francisco-Macedo-vence-Caldeirao-Grande-por-2-a-1-na-II-Copa-AMVI-IMG_0053-1.jpg 900w\" alt=\"\" width=\"300\" height=\"200\" data-srcset=\"https:\/\/infonewss.com\/wp-content\/uploads\/2023\/08\/Francisco-Macedo-vence-Caldeirao-Grande-por-2-a-1-na-II-Copa-AMVI-IMG_0053-1-300x200.jpg 300w, https:\/\/infonewss.com\/wp-content\/uploads\/2023\/08\/Francisco-Macedo-vence-Caldeirao-Grande-por-2-a-1-na-II-Copa-AMVI-IMG_0053-1-768x512.jpg 768w, https:\/\/infonewss.com\/wp-content\/uploads\/2023\/08\/Francisco-Macedo-vence-Caldeirao-Grande-por-2-a-1-na-II-Copa-AMVI-IMG_0053-1-150x100.jpg 150w, https:\/\/infonewss.com\/wp-content\/uploads\/2023\/08\/Francisco-Macedo-vence-Caldeirao-Grande-por-2-a-1-na-II-Copa-AMVI-IMG_0053-1-696x464.jpg 696w, https:\/\/infonewss.com\/wp-content\/uploads\/2023\/08\/Francisco-Macedo-vence-Caldeirao-Grande-por-2-a-1-na-II-Copa-AMVI-IMG_0053-1.jpg 900w\" data-src=\"https:\/\/infonewss.com\/wp-content\/uploads\/2023\/08\/Francisco-Macedo-vence-Caldeirao-Grande-por-2-a-1-na-II-Copa-AMVI-IMG_0053-1-300x200.jpg\" data-sizes=\"(max-width: 300px) 100vw, 300px\" \/><\/a><\/div>\n<\/figure>\n<figure class=\"gallery-item\">\n<div class=\"gallery-icon landscape\"><a href=\"https:\/\/infonewss.com\/wp-content\/uploads\/2023\/08\/Francisco-Macedo-vence-Caldeirao-Grande-por-2-a-1-na-II-Copa-AMVI-IMG_0055-1.jpg\"><img loading=\"lazy\" decoding=\"async\" class=\"attachment-medium size-medium lazyloaded\" src=\"https:\/\/infonewss.com\/wp-content\/uploads\/2023\/08\/Francisco-Macedo-vence-Caldeirao-Grande-por-2-a-1-na-II-Copa-AMVI-IMG_0055-1-300x200.jpg\" sizes=\"(max-width: 300px) 100vw, 300px\" srcset=\"https:\/\/infonewss.com\/wp-content\/uploads\/2023\/08\/Francisco-Macedo-vence-Caldeirao-Grande-por-2-a-1-na-II-Copa-AMVI-IMG_0055-1-300x200.jpg 300w, https:\/\/infonewss.com\/wp-content\/uploads\/2023\/08\/Francisco-Macedo-vence-Caldeirao-Grande-por-2-a-1-na-II-Copa-AMVI-IMG_0055-1-768x512.jpg 768w, https:\/\/infonewss.com\/wp-content\/uploads\/2023\/08\/Francisco-Macedo-vence-Caldeirao-Grande-por-2-a-1-na-II-Copa-AMVI-IMG_0055-1-150x100.jpg 150w, https:\/\/infonewss.com\/wp-content\/uploads\/2023\/08\/Francisco-Macedo-vence-Caldeirao-Grande-por-2-a-1-na-II-Copa-AMVI-IMG_0055-1-696x464.jpg 696w, https:\/\/infonewss.com\/wp-content\/uploads\/2023\/08\/Francisco-Macedo-vence-Caldeirao-Grande-por-2-a-1-na-II-Copa-AMVI-IMG_0055-1.jpg 900w\" alt=\"\" width=\"300\" height=\"200\" data-srcset=\"https:\/\/infonewss.com\/wp-content\/uploads\/2023\/08\/Francisco-Macedo-vence-Caldeirao-Grande-por-2-a-1-na-II-Copa-AMVI-IMG_0055-1-300x200.jpg 300w, https:\/\/infonewss.com\/wp-content\/uploads\/2023\/08\/Francisco-Macedo-vence-Caldeirao-Grande-por-2-a-1-na-II-Copa-AMVI-IMG_0055-1-768x512.jpg 768w, https:\/\/infonewss.com\/wp-content\/uploads\/2023\/08\/Francisco-Macedo-vence-Caldeirao-Grande-por-2-a-1-na-II-Copa-AMVI-IMG_0055-1-150x100.jpg 150w, https:\/\/infonewss.com\/wp-content\/uploads\/2023\/08\/Francisco-Macedo-vence-Caldeirao-Grande-por-2-a-1-na-II-Copa-AMVI-IMG_0055-1-696x464.jpg 696w, https:\/\/infonewss.com\/wp-content\/uploads\/2023\/08\/Francisco-Macedo-vence-Caldeirao-Grande-por-2-a-1-na-II-Copa-AMVI-IMG_0055-1.jpg 900w\" data-src=\"https:\/\/infonewss.com\/wp-content\/uploads\/2023\/08\/Francisco-Macedo-vence-Caldeirao-Grande-por-2-a-1-na-II-Copa-AMVI-IMG_0055-1-300x200.jpg\" data-sizes=\"(max-width: 300px) 100vw, 300px\" \/><\/a><\/div>\n<\/figure>\n<figure class=\"gallery-item\">\n<div class=\"gallery-icon landscape\"><a href=\"https:\/\/infonewss.com\/wp-content\/uploads\/2023\/08\/Francisco-Macedo-vence-Caldeirao-Grande-por-2-a-1-na-II-Copa-AMVI-IMG_0056-1.jpg\"><img loading=\"lazy\" decoding=\"async\" class=\"attachment-medium size-medium lazyloaded\" src=\"https:\/\/infonewss.com\/wp-content\/uploads\/2023\/08\/Francisco-Macedo-vence-Caldeirao-Grande-por-2-a-1-na-II-Copa-AMVI-IMG_0056-1-300x200.jpg\" sizes=\"(max-width: 300px) 100vw, 300px\" srcset=\"https:\/\/infonewss.com\/wp-content\/uploads\/2023\/08\/Francisco-Macedo-vence-Caldeirao-Grande-por-2-a-1-na-II-Copa-AMVI-IMG_0056-1-300x200.jpg 300w, https:\/\/infonewss.com\/wp-content\/uploads\/2023\/08\/Francisco-Macedo-vence-Caldeirao-Grande-por-2-a-1-na-II-Copa-AMVI-IMG_0056-1-768x512.jpg 768w, https:\/\/infonewss.com\/wp-content\/uploads\/2023\/08\/Francisco-Macedo-vence-Caldeirao-Grande-por-2-a-1-na-II-Copa-AMVI-IMG_0056-1-150x100.jpg 150w, https:\/\/infonewss.com\/wp-content\/uploads\/2023\/08\/Francisco-Macedo-vence-Caldeirao-Grande-por-2-a-1-na-II-Copa-AMVI-IMG_0056-1-696x464.jpg 696w, https:\/\/infonewss.com\/wp-content\/uploads\/2023\/08\/Francisco-Macedo-vence-Caldeirao-Grande-por-2-a-1-na-II-Copa-AMVI-IMG_0056-1.jpg 900w\" alt=\"\" width=\"300\" height=\"200\" data-srcset=\"https:\/\/infonewss.com\/wp-content\/uploads\/2023\/08\/Francisco-Macedo-vence-Caldeirao-Grande-por-2-a-1-na-II-Copa-AMVI-IMG_0056-1-300x200.jpg 300w, https:\/\/infonewss.com\/wp-content\/uploads\/2023\/08\/Francisco-Macedo-vence-Caldeirao-Grande-por-2-a-1-na-II-Copa-AMVI-IMG_0056-1-768x512.jpg 768w, https:\/\/infonewss.com\/wp-content\/uploads\/2023\/08\/Francisco-Macedo-vence-Caldeirao-Grande-por-2-a-1-na-II-Copa-AMVI-IMG_0056-1-150x100.jpg 150w, https:\/\/infonewss.com\/wp-content\/uploads\/2023\/08\/Francisco-Macedo-vence-Caldeirao-Grande-por-2-a-1-na-II-Copa-AMVI-IMG_0056-1-696x464.jpg 696w, https:\/\/infonewss.com\/wp-content\/uploads\/2023\/08\/Francisco-Macedo-vence-Caldeirao-Grande-por-2-a-1-na-II-Copa-AMVI-IMG_0056-1.jpg 900w\" data-src=\"https:\/\/infonewss.com\/wp-content\/uploads\/2023\/08\/Francisco-Macedo-vence-Caldeirao-Grande-por-2-a-1-na-II-Copa-AMVI-IMG_0056-1-300x200.jpg\" data-sizes=\"(max-width: 300px) 100vw, 300px\" \/><\/a><\/div>\n<\/figure>\n<figure class=\"gallery-item\">\n<div class=\"gallery-icon landscape\"><a href=\"https:\/\/infonewss.com\/wp-content\/uploads\/2023\/08\/Francisco-Macedo-vence-Caldeirao-Grande-por-2-a-1-na-II-Copa-AMVI-IMG_0057-1.jpg\"><img loading=\"lazy\" decoding=\"async\" class=\"attachment-medium size-medium lazyloaded\" src=\"https:\/\/infonewss.com\/wp-content\/uploads\/2023\/08\/Francisco-Macedo-vence-Caldeirao-Grande-por-2-a-1-na-II-Copa-AMVI-IMG_0057-1-300x200.jpg\" sizes=\"(max-width: 300px) 100vw, 300px\" srcset=\"https:\/\/infonewss.com\/wp-content\/uploads\/2023\/08\/Francisco-Macedo-vence-Caldeirao-Grande-por-2-a-1-na-II-Copa-AMVI-IMG_0057-1-300x200.jpg 300w, https:\/\/infonewss.com\/wp-content\/uploads\/2023\/08\/Francisco-Macedo-vence-Caldeirao-Grande-por-2-a-1-na-II-Copa-AMVI-IMG_0057-1-768x512.jpg 768w, https:\/\/infonewss.com\/wp-content\/uploads\/2023\/08\/Francisco-Macedo-vence-Caldeirao-Grande-por-2-a-1-na-II-Copa-AMVI-IMG_0057-1-150x100.jpg 150w, https:\/\/infonewss.com\/wp-content\/uploads\/2023\/08\/Francisco-Macedo-vence-Caldeirao-Grande-por-2-a-1-na-II-Copa-AMVI-IMG_0057-1-696x464.jpg 696w, https:\/\/infonewss.com\/wp-content\/uploads\/2023\/08\/Francisco-Macedo-vence-Caldeirao-Grande-por-2-a-1-na-II-Copa-AMVI-IMG_0057-1.jpg 900w\" alt=\"\" width=\"300\" height=\"200\" data-srcset=\"https:\/\/infonewss.com\/wp-content\/uploads\/2023\/08\/Francisco-Macedo-vence-Caldeirao-Grande-por-2-a-1-na-II-Copa-AMVI-IMG_0057-1-300x200.jpg 300w, https:\/\/infonewss.com\/wp-content\/uploads\/2023\/08\/Francisco-Macedo-vence-Caldeirao-Grande-por-2-a-1-na-II-Copa-AMVI-IMG_0057-1-768x512.jpg 768w, https:\/\/infonewss.com\/wp-content\/uploads\/2023\/08\/Francisco-Macedo-vence-Caldeirao-Grande-por-2-a-1-na-II-Copa-AMVI-IMG_0057-1-150x100.jpg 150w, https:\/\/infonewss.com\/wp-content\/uploads\/2023\/08\/Francisco-Macedo-vence-Caldeirao-Grande-por-2-a-1-na-II-Copa-AMVI-IMG_0057-1-696x464.jpg 696w, https:\/\/infonewss.com\/wp-content\/uploads\/2023\/08\/Francisco-Macedo-vence-Caldeirao-Grande-por-2-a-1-na-II-Copa-AMVI-IMG_0057-1.jpg 900w\" data-src=\"https:\/\/infonewss.com\/wp-content\/uploads\/2023\/08\/Francisco-Macedo-vence-Caldeirao-Grande-por-2-a-1-na-II-Copa-AMVI-IMG_0057-1-300x200.jpg\" data-sizes=\"(max-width: 300px) 100vw, 300px\" \/><\/a><\/div>\n<\/figure>\n<figure class=\"gallery-item\">\n<div class=\"gallery-icon landscape\"><a href=\"https:\/\/infonewss.com\/wp-content\/uploads\/2023\/08\/Francisco-Macedo-vence-Caldeirao-Grande-por-2-a-1-na-II-Copa-AMVI-IMG_0059-1.jpg\"><img loading=\"lazy\" decoding=\"async\" class=\"attachment-medium size-medium lazyloaded\" src=\"https:\/\/infonewss.com\/wp-content\/uploads\/2023\/08\/Francisco-Macedo-vence-Caldeirao-Grande-por-2-a-1-na-II-Copa-AMVI-IMG_0059-1-300x200.jpg\" sizes=\"(max-width: 300px) 100vw, 300px\" srcset=\"https:\/\/infonewss.com\/wp-content\/uploads\/2023\/08\/Francisco-Macedo-vence-Caldeirao-Grande-por-2-a-1-na-II-Copa-AMVI-IMG_0059-1-300x200.jpg 300w, https:\/\/infonewss.com\/wp-content\/uploads\/2023\/08\/Francisco-Macedo-vence-Caldeirao-Grande-por-2-a-1-na-II-Copa-AMVI-IMG_0059-1-768x512.jpg 768w, https:\/\/infonewss.com\/wp-content\/uploads\/2023\/08\/Francisco-Macedo-vence-Caldeirao-Grande-por-2-a-1-na-II-Copa-AMVI-IMG_0059-1-150x100.jpg 150w, https:\/\/infonewss.com\/wp-content\/uploads\/2023\/08\/Francisco-Macedo-vence-Caldeirao-Grande-por-2-a-1-na-II-Copa-AMVI-IMG_0059-1-696x464.jpg 696w, https:\/\/infonewss.com\/wp-content\/uploads\/2023\/08\/Francisco-Macedo-vence-Caldeirao-Grande-por-2-a-1-na-II-Copa-AMVI-IMG_0059-1.jpg 900w\" alt=\"\" width=\"300\" height=\"200\" data-srcset=\"https:\/\/infonewss.com\/wp-content\/uploads\/2023\/08\/Francisco-Macedo-vence-Caldeirao-Grande-por-2-a-1-na-II-Copa-AMVI-IMG_0059-1-300x200.jpg 300w, https:\/\/infonewss.com\/wp-content\/uploads\/2023\/08\/Francisco-Macedo-vence-Caldeirao-Grande-por-2-a-1-na-II-Copa-AMVI-IMG_0059-1-768x512.jpg 768w, https:\/\/infonewss.com\/wp-content\/uploads\/2023\/08\/Francisco-Macedo-vence-Caldeirao-Grande-por-2-a-1-na-II-Copa-AMVI-IMG_0059-1-150x100.jpg 150w, https:\/\/infonewss.com\/wp-content\/uploads\/2023\/08\/Francisco-Macedo-vence-Caldeirao-Grande-por-2-a-1-na-II-Copa-AMVI-IMG_0059-1-696x464.jpg 696w, https:\/\/infonewss.com\/wp-content\/uploads\/2023\/08\/Francisco-Macedo-vence-Caldeirao-Grande-por-2-a-1-na-II-Copa-AMVI-IMG_0059-1.jpg 900w\" data-src=\"https:\/\/infonewss.com\/wp-content\/uploads\/2023\/08\/Francisco-Macedo-vence-Caldeirao-Grande-por-2-a-1-na-II-Copa-AMVI-IMG_0059-1-300x200.jpg\" data-sizes=\"(max-width: 300px) 100vw, 300px\" \/><\/a><\/div>\n<\/figure>\n<figure class=\"gallery-item\">\n<div class=\"gallery-icon landscape\"><a href=\"https:\/\/infonewss.com\/wp-content\/uploads\/2023\/08\/Francisco-Macedo-vence-Caldeirao-Grande-por-2-a-1-na-II-Copa-AMVI-IMG_0060-1.jpg\"><img loading=\"lazy\" decoding=\"async\" class=\"attachment-medium size-medium lazyloaded\" src=\"https:\/\/infonewss.com\/wp-content\/uploads\/2023\/08\/Francisco-Macedo-vence-Caldeirao-Grande-por-2-a-1-na-II-Copa-AMVI-IMG_0060-1-300x200.jpg\" sizes=\"(max-width: 300px) 100vw, 300px\" srcset=\"https:\/\/infonewss.com\/wp-content\/uploads\/2023\/08\/Francisco-Macedo-vence-Caldeirao-Grande-por-2-a-1-na-II-Copa-AMVI-IMG_0060-1-300x200.jpg 300w, https:\/\/infonewss.com\/wp-content\/uploads\/2023\/08\/Francisco-Macedo-vence-Caldeirao-Grande-por-2-a-1-na-II-Copa-AMVI-IMG_0060-1-768x512.jpg 768w, https:\/\/infonewss.com\/wp-content\/uploads\/2023\/08\/Francisco-Macedo-vence-Caldeirao-Grande-por-2-a-1-na-II-Copa-AMVI-IMG_0060-1-150x100.jpg 150w, https:\/\/infonewss.com\/wp-content\/uploads\/2023\/08\/Francisco-Macedo-vence-Caldeirao-Grande-por-2-a-1-na-II-Copa-AMVI-IMG_0060-1-696x464.jpg 696w, https:\/\/infonewss.com\/wp-content\/uploads\/2023\/08\/Francisco-Macedo-vence-Caldeirao-Grande-por-2-a-1-na-II-Copa-AMVI-IMG_0060-1.jpg 900w\" alt=\"\" width=\"300\" height=\"200\" data-srcset=\"https:\/\/infonewss.com\/wp-content\/uploads\/2023\/08\/Francisco-Macedo-vence-Caldeirao-Grande-por-2-a-1-na-II-Copa-AMVI-IMG_0060-1-300x200.jpg 300w, https:\/\/infonewss.com\/wp-content\/uploads\/2023\/08\/Francisco-Macedo-vence-Caldeirao-Grande-por-2-a-1-na-II-Copa-AMVI-IMG_0060-1-768x512.jpg 768w, https:\/\/infonewss.com\/wp-content\/uploads\/2023\/08\/Francisco-Macedo-vence-Caldeirao-Grande-por-2-a-1-na-II-Copa-AMVI-IMG_0060-1-150x100.jpg 150w, https:\/\/infonewss.com\/wp-content\/uploads\/2023\/08\/Francisco-Macedo-vence-Caldeirao-Grande-por-2-a-1-na-II-Copa-AMVI-IMG_0060-1-696x464.jpg 696w, https:\/\/infonewss.com\/wp-content\/uploads\/2023\/08\/Francisco-Macedo-vence-Caldeirao-Grande-por-2-a-1-na-II-Copa-AMVI-IMG_0060-1.jpg 900w\" data-src=\"https:\/\/infonewss.com\/wp-content\/uploads\/2023\/08\/Francisco-Macedo-vence-Caldeirao-Grande-por-2-a-1-na-II-Copa-AMVI-IMG_0060-1-300x200.jpg\" data-sizes=\"(max-width: 300px) 100vw, 300px\" \/><\/a><\/div>\n<\/figure>\n<figure class=\"gallery-item\">\n<div class=\"gallery-icon landscape\"><a href=\"https:\/\/infonewss.com\/wp-content\/uploads\/2023\/08\/Francisco-Macedo-vence-Caldeirao-Grande-por-2-a-1-na-II-Copa-AMVI-IMG_0061-1.jpg\"><img loading=\"lazy\" decoding=\"async\" class=\"attachment-medium size-medium lazyloaded\" src=\"https:\/\/infonewss.com\/wp-content\/uploads\/2023\/08\/Francisco-Macedo-vence-Caldeirao-Grande-por-2-a-1-na-II-Copa-AMVI-IMG_0061-1-300x200.jpg\" sizes=\"(max-width: 300px) 100vw, 300px\" srcset=\"https:\/\/infonewss.com\/wp-content\/uploads\/2023\/08\/Francisco-Macedo-vence-Caldeirao-Grande-por-2-a-1-na-II-Copa-AMVI-IMG_0061-1-300x200.jpg 300w, https:\/\/infonewss.com\/wp-content\/uploads\/2023\/08\/Francisco-Macedo-vence-Caldeirao-Grande-por-2-a-1-na-II-Copa-AMVI-IMG_0061-1-768x512.jpg 768w, https:\/\/infonewss.com\/wp-content\/uploads\/2023\/08\/Francisco-Macedo-vence-Caldeirao-Grande-por-2-a-1-na-II-Copa-AMVI-IMG_0061-1-150x100.jpg 150w, https:\/\/infonewss.com\/wp-content\/uploads\/2023\/08\/Francisco-Macedo-vence-Caldeirao-Grande-por-2-a-1-na-II-Copa-AMVI-IMG_0061-1-696x464.jpg 696w, https:\/\/infonewss.com\/wp-content\/uploads\/2023\/08\/Francisco-Macedo-vence-Caldeirao-Grande-por-2-a-1-na-II-Copa-AMVI-IMG_0061-1.jpg 900w\" alt=\"\" width=\"300\" height=\"200\" data-srcset=\"https:\/\/infonewss.com\/wp-content\/uploads\/2023\/08\/Francisco-Macedo-vence-Caldeirao-Grande-por-2-a-1-na-II-Copa-AMVI-IMG_0061-1-300x200.jpg 300w, https:\/\/infonewss.com\/wp-content\/uploads\/2023\/08\/Francisco-Macedo-vence-Caldeirao-Grande-por-2-a-1-na-II-Copa-AMVI-IMG_0061-1-768x512.jpg 768w, https:\/\/infonewss.com\/wp-content\/uploads\/2023\/08\/Francisco-Macedo-vence-Caldeirao-Grande-por-2-a-1-na-II-Copa-AMVI-IMG_0061-1-150x100.jpg 150w, https:\/\/infonewss.com\/wp-content\/uploads\/2023\/08\/Francisco-Macedo-vence-Caldeirao-Grande-por-2-a-1-na-II-Copa-AMVI-IMG_0061-1-696x464.jpg 696w, https:\/\/infonewss.com\/wp-content\/uploads\/2023\/08\/Francisco-Macedo-vence-Caldeirao-Grande-por-2-a-1-na-II-Copa-AMVI-IMG_0061-1.jpg 900w\" data-src=\"https:\/\/infonewss.com\/wp-content\/uploads\/2023\/08\/Francisco-Macedo-vence-Caldeirao-Grande-por-2-a-1-na-II-Copa-AMVI-IMG_0061-1-300x200.jpg\" data-sizes=\"(max-width: 300px) 100vw, 300px\" \/><\/a><\/div>\n<\/figure>\n<figure class=\"gallery-item\">\n<div class=\"gallery-icon landscape\"><a href=\"https:\/\/infonewss.com\/wp-content\/uploads\/2023\/08\/Francisco-Macedo-vence-Caldeirao-Grande-por-2-a-1-na-II-Copa-AMVI-IMG_0064-1.jpg\"><img loading=\"lazy\" decoding=\"async\" class=\"attachment-medium size-medium lazyloaded\" src=\"https:\/\/infonewss.com\/wp-content\/uploads\/2023\/08\/Francisco-Macedo-vence-Caldeirao-Grande-por-2-a-1-na-II-Copa-AMVI-IMG_0064-1-300x200.jpg\" sizes=\"(max-width: 300px) 100vw, 300px\" srcset=\"https:\/\/infonewss.com\/wp-content\/uploads\/2023\/08\/Francisco-Macedo-vence-Caldeirao-Grande-por-2-a-1-na-II-Copa-AMVI-IMG_0064-1-300x200.jpg 300w, https:\/\/infonewss.com\/wp-content\/uploads\/2023\/08\/Francisco-Macedo-vence-Caldeirao-Grande-por-2-a-1-na-II-Copa-AMVI-IMG_0064-1-768x512.jpg 768w, https:\/\/infonewss.com\/wp-content\/uploads\/2023\/08\/Francisco-Macedo-vence-Caldeirao-Grande-por-2-a-1-na-II-Copa-AMVI-IMG_0064-1-150x100.jpg 150w, https:\/\/infonewss.com\/wp-content\/uploads\/2023\/08\/Francisco-Macedo-vence-Caldeirao-Grande-por-2-a-1-na-II-Copa-AMVI-IMG_0064-1-696x464.jpg 696w, https:\/\/infonewss.com\/wp-content\/uploads\/2023\/08\/Francisco-Macedo-vence-Caldeirao-Grande-por-2-a-1-na-II-Copa-AMVI-IMG_0064-1.jpg 900w\" alt=\"\" width=\"300\" height=\"200\" data-srcset=\"https:\/\/infonewss.com\/wp-content\/uploads\/2023\/08\/Francisco-Macedo-vence-Caldeirao-Grande-por-2-a-1-na-II-Copa-AMVI-IMG_0064-1-300x200.jpg 300w, https:\/\/infonewss.com\/wp-content\/uploads\/2023\/08\/Francisco-Macedo-vence-Caldeirao-Grande-por-2-a-1-na-II-Copa-AMVI-IMG_0064-1-768x512.jpg 768w, https:\/\/infonewss.com\/wp-content\/uploads\/2023\/08\/Francisco-Macedo-vence-Caldeirao-Grande-por-2-a-1-na-II-Copa-AMVI-IMG_0064-1-150x100.jpg 150w, https:\/\/infonewss.com\/wp-content\/uploads\/2023\/08\/Francisco-Macedo-vence-Caldeirao-Grande-por-2-a-1-na-II-Copa-AMVI-IMG_0064-1-696x464.jpg 696w, https:\/\/infonewss.com\/wp-content\/uploads\/2023\/08\/Francisco-Macedo-vence-Caldeirao-Grande-por-2-a-1-na-II-Copa-AMVI-IMG_0064-1.jpg 900w\" data-src=\"https:\/\/infonewss.com\/wp-content\/uploads\/2023\/08\/Francisco-Macedo-vence-Caldeirao-Grande-por-2-a-1-na-II-Copa-AMVI-IMG_0064-1-300x200.jpg\" data-sizes=\"(max-width: 300px) 100vw, 300px\" \/><\/a><\/div>\n<\/figure>\n<figure class=\"gallery-item\">\n<div class=\"gallery-icon landscape\"><a href=\"https:\/\/infonewss.com\/wp-content\/uploads\/2023\/08\/Francisco-Macedo-vence-Caldeirao-Grande-por-2-a-1-na-II-Copa-AMVI-IMG_0065-1.jpg\"><img loading=\"lazy\" decoding=\"async\" class=\"attachment-medium size-medium lazyloaded\" src=\"https:\/\/infonewss.com\/wp-content\/uploads\/2023\/08\/Francisco-Macedo-vence-Caldeirao-Grande-por-2-a-1-na-II-Copa-AMVI-IMG_0065-1-300x200.jpg\" sizes=\"(max-width: 300px) 100vw, 300px\" srcset=\"https:\/\/infonewss.com\/wp-content\/uploads\/2023\/08\/Francisco-Macedo-vence-Caldeirao-Grande-por-2-a-1-na-II-Copa-AMVI-IMG_0065-1-300x200.jpg 300w, https:\/\/infonewss.com\/wp-content\/uploads\/2023\/08\/Francisco-Macedo-vence-Caldeirao-Grande-por-2-a-1-na-II-Copa-AMVI-IMG_0065-1-768x512.jpg 768w, https:\/\/infonewss.com\/wp-content\/uploads\/2023\/08\/Francisco-Macedo-vence-Caldeirao-Grande-por-2-a-1-na-II-Copa-AMVI-IMG_0065-1-150x100.jpg 150w, https:\/\/infonewss.com\/wp-content\/uploads\/2023\/08\/Francisco-Macedo-vence-Caldeirao-Grande-por-2-a-1-na-II-Copa-AMVI-IMG_0065-1-696x464.jpg 696w, https:\/\/infonewss.com\/wp-content\/uploads\/2023\/08\/Francisco-Macedo-vence-Caldeirao-Grande-por-2-a-1-na-II-Copa-AMVI-IMG_0065-1.jpg 900w\" alt=\"\" width=\"300\" height=\"200\" data-srcset=\"https:\/\/infonewss.com\/wp-content\/uploads\/2023\/08\/Francisco-Macedo-vence-Caldeirao-Grande-por-2-a-1-na-II-Copa-AMVI-IMG_0065-1-300x200.jpg 300w, https:\/\/infonewss.com\/wp-content\/uploads\/2023\/08\/Francisco-Macedo-vence-Caldeirao-Grande-por-2-a-1-na-II-Copa-AMVI-IMG_0065-1-768x512.jpg 768w, https:\/\/infonewss.com\/wp-content\/uploads\/2023\/08\/Francisco-Macedo-vence-Caldeirao-Grande-por-2-a-1-na-II-Copa-AMVI-IMG_0065-1-150x100.jpg 150w, https:\/\/infonewss.com\/wp-content\/uploads\/2023\/08\/Francisco-Macedo-vence-Caldeirao-Grande-por-2-a-1-na-II-Copa-AMVI-IMG_0065-1-696x464.jpg 696w, https:\/\/infonewss.com\/wp-content\/uploads\/2023\/08\/Francisco-Macedo-vence-Caldeirao-Grande-por-2-a-1-na-II-Copa-AMVI-IMG_0065-1.jpg 900w\" data-src=\"https:\/\/infonewss.com\/wp-content\/uploads\/2023\/08\/Francisco-Macedo-vence-Caldeirao-Grande-por-2-a-1-na-II-Copa-AMVI-IMG_0065-1-300x200.jpg\" data-sizes=\"(max-width: 300px) 100vw, 300px\" \/><\/a><\/div>\n<\/figure>\n<figure class=\"gallery-item\">\n<div class=\"gallery-icon landscape\"><a href=\"https:\/\/infonewss.com\/wp-content\/uploads\/2023\/08\/Francisco-Macedo-vence-Caldeirao-Grande-por-2-a-1-na-II-Copa-AMVI-IMG_0067-1.jpg\"><img loading=\"lazy\" decoding=\"async\" class=\"attachment-medium size-medium ls-is-cached lazyloaded\" src=\"https:\/\/infonewss.com\/wp-content\/uploads\/2023\/08\/Francisco-Macedo-vence-Caldeirao-Grande-por-2-a-1-na-II-Copa-AMVI-IMG_0067-1-300x200.jpg\" sizes=\"(max-width: 300px) 100vw, 300px\" srcset=\"https:\/\/infonewss.com\/wp-content\/uploads\/2023\/08\/Francisco-Macedo-vence-Caldeirao-Grande-por-2-a-1-na-II-Copa-AMVI-IMG_0067-1-300x200.jpg 300w, https:\/\/infonewss.com\/wp-content\/uploads\/2023\/08\/Francisco-Macedo-vence-Caldeirao-Grande-por-2-a-1-na-II-Copa-AMVI-IMG_0067-1-768x512.jpg 768w, https:\/\/infonewss.com\/wp-content\/uploads\/2023\/08\/Francisco-Macedo-vence-Caldeirao-Grande-por-2-a-1-na-II-Copa-AMVI-IMG_0067-1-150x100.jpg 150w, https:\/\/infonewss.com\/wp-content\/uploads\/2023\/08\/Francisco-Macedo-vence-Caldeirao-Grande-por-2-a-1-na-II-Copa-AMVI-IMG_0067-1-696x464.jpg 696w, https:\/\/infonewss.com\/wp-content\/uploads\/2023\/08\/Francisco-Macedo-vence-Caldeirao-Grande-por-2-a-1-na-II-Copa-AMVI-IMG_0067-1.jpg 900w\" alt=\"\" width=\"300\" height=\"200\" data-srcset=\"https:\/\/infonewss.com\/wp-content\/uploads\/2023\/08\/Francisco-Macedo-vence-Caldeirao-Grande-por-2-a-1-na-II-Copa-AMVI-IMG_0067-1-300x200.jpg 300w, https:\/\/infonewss.com\/wp-content\/uploads\/2023\/08\/Francisco-Macedo-vence-Caldeirao-Grande-por-2-a-1-na-II-Copa-AMVI-IMG_0067-1-768x512.jpg 768w, https:\/\/infonewss.com\/wp-content\/uploads\/2023\/08\/Francisco-Macedo-vence-Caldeirao-Grande-por-2-a-1-na-II-Copa-AMVI-IMG_0067-1-150x100.jpg 150w, https:\/\/infonewss.com\/wp-content\/uploads\/2023\/08\/Francisco-Macedo-vence-Caldeirao-Grande-por-2-a-1-na-II-Copa-AMVI-IMG_0067-1-696x464.jpg 696w, https:\/\/infonewss.com\/wp-content\/uploads\/2023\/08\/Francisco-Macedo-vence-Caldeirao-Grande-por-2-a-1-na-II-Copa-AMVI-IMG_0067-1.jpg 900w\" data-src=\"https:\/\/infonewss.com\/wp-content\/uploads\/2023\/08\/Francisco-Macedo-vence-Caldeirao-Grande-por-2-a-1-na-II-Copa-AMVI-IMG_0067-1-300x200.jpg\" data-sizes=\"(max-width: 300px) 100vw, 300px\" \/><\/a><\/div>\n<\/figure>\n<figure class=\"gallery-item\">\n<div class=\"gallery-icon landscape\"><a href=\"https:\/\/infonewss.com\/wp-content\/uploads\/2023\/08\/Francisco-Macedo-vence-Caldeirao-Grande-por-2-a-1-na-II-Copa-AMVI-IMG_0070-1.jpg\"><img loading=\"lazy\" decoding=\"async\" class=\"attachment-medium size-medium lazyloaded\" src=\"https:\/\/infonewss.com\/wp-content\/uploads\/2023\/08\/Francisco-Macedo-vence-Caldeirao-Grande-por-2-a-1-na-II-Copa-AMVI-IMG_0070-1-300x200.jpg\" sizes=\"(max-width: 300px) 100vw, 300px\" srcset=\"https:\/\/infonewss.com\/wp-content\/uploads\/2023\/08\/Francisco-Macedo-vence-Caldeirao-Grande-por-2-a-1-na-II-Copa-AMVI-IMG_0070-1-300x200.jpg 300w, https:\/\/infonewss.com\/wp-content\/uploads\/2023\/08\/Francisco-Macedo-vence-Caldeirao-Grande-por-2-a-1-na-II-Copa-AMVI-IMG_0070-1-768x512.jpg 768w, https:\/\/infonewss.com\/wp-content\/uploads\/2023\/08\/Francisco-Macedo-vence-Caldeirao-Grande-por-2-a-1-na-II-Copa-AMVI-IMG_0070-1-150x100.jpg 150w, https:\/\/infonewss.com\/wp-content\/uploads\/2023\/08\/Francisco-Macedo-vence-Caldeirao-Grande-por-2-a-1-na-II-Copa-AMVI-IMG_0070-1-696x464.jpg 696w, https:\/\/infonewss.com\/wp-content\/uploads\/2023\/08\/Francisco-Macedo-vence-Caldeirao-Grande-por-2-a-1-na-II-Copa-AMVI-IMG_0070-1.jpg 900w\" alt=\"\" width=\"300\" height=\"200\" data-srcset=\"https:\/\/infonewss.com\/wp-content\/uploads\/2023\/08\/Francisco-Macedo-vence-Caldeirao-Grande-por-2-a-1-na-II-Copa-AMVI-IMG_0070-1-300x200.jpg 300w, https:\/\/infonewss.com\/wp-content\/uploads\/2023\/08\/Francisco-Macedo-vence-Caldeirao-Grande-por-2-a-1-na-II-Copa-AMVI-IMG_0070-1-768x512.jpg 768w, https:\/\/infonewss.com\/wp-content\/uploads\/2023\/08\/Francisco-Macedo-vence-Caldeirao-Grande-por-2-a-1-na-II-Copa-AMVI-IMG_0070-1-150x100.jpg 150w, https:\/\/infonewss.com\/wp-content\/uploads\/2023\/08\/Francisco-Macedo-vence-Caldeirao-Grande-por-2-a-1-na-II-Copa-AMVI-IMG_0070-1-696x464.jpg 696w, https:\/\/infonewss.com\/wp-content\/uploads\/2023\/08\/Francisco-Macedo-vence-Caldeirao-Grande-por-2-a-1-na-II-Copa-AMVI-IMG_0070-1.jpg 900w\" data-src=\"https:\/\/infonewss.com\/wp-content\/uploads\/2023\/08\/Francisco-Macedo-vence-Caldeirao-Grande-por-2-a-1-na-II-Copa-AMVI-IMG_0070-1-300x200.jpg\" data-sizes=\"(max-width: 300px) 100vw, 300px\" \/><\/a><\/div>\n<\/figure>\n<figure class=\"gallery-item\">\n<div class=\"gallery-icon landscape\"><a href=\"https:\/\/infonewss.com\/wp-content\/uploads\/2023\/08\/Francisco-Macedo-vence-Caldeirao-Grande-por-2-a-1-na-II-Copa-AMVI-IMG_0072-1.jpg\"><img loading=\"lazy\" decoding=\"async\" class=\"attachment-medium size-medium lazyloaded\" src=\"https:\/\/infonewss.com\/wp-content\/uploads\/2023\/08\/Francisco-Macedo-vence-Caldeirao-Grande-por-2-a-1-na-II-Copa-AMVI-IMG_0072-1-300x200.jpg\" sizes=\"(max-width: 300px) 100vw, 300px\" srcset=\"https:\/\/infonewss.com\/wp-content\/uploads\/2023\/08\/Francisco-Macedo-vence-Caldeirao-Grande-por-2-a-1-na-II-Copa-AMVI-IMG_0072-1-300x200.jpg 300w, https:\/\/infonewss.com\/wp-content\/uploads\/2023\/08\/Francisco-Macedo-vence-Caldeirao-Grande-por-2-a-1-na-II-Copa-AMVI-IMG_0072-1-768x512.jpg 768w, https:\/\/infonewss.com\/wp-content\/uploads\/2023\/08\/Francisco-Macedo-vence-Caldeirao-Grande-por-2-a-1-na-II-Copa-AMVI-IMG_0072-1-150x100.jpg 150w, https:\/\/infonewss.com\/wp-content\/uploads\/2023\/08\/Francisco-Macedo-vence-Caldeirao-Grande-por-2-a-1-na-II-Copa-AMVI-IMG_0072-1-696x464.jpg 696w, https:\/\/infonewss.com\/wp-content\/uploads\/2023\/08\/Francisco-Macedo-vence-Caldeirao-Grande-por-2-a-1-na-II-Copa-AMVI-IMG_0072-1.jpg 900w\" alt=\"\" width=\"300\" height=\"200\" data-srcset=\"https:\/\/infonewss.com\/wp-content\/uploads\/2023\/08\/Francisco-Macedo-vence-Caldeirao-Grande-por-2-a-1-na-II-Copa-AMVI-IMG_0072-1-300x200.jpg 300w, https:\/\/infonewss.com\/wp-content\/uploads\/2023\/08\/Francisco-Macedo-vence-Caldeirao-Grande-por-2-a-1-na-II-Copa-AMVI-IMG_0072-1-768x512.jpg 768w, https:\/\/infonewss.com\/wp-content\/uploads\/2023\/08\/Francisco-Macedo-vence-Caldeirao-Grande-por-2-a-1-na-II-Copa-AMVI-IMG_0072-1-150x100.jpg 150w, https:\/\/infonewss.com\/wp-content\/uploads\/2023\/08\/Francisco-Macedo-vence-Caldeirao-Grande-por-2-a-1-na-II-Copa-AMVI-IMG_0072-1-696x464.jpg 696w, https:\/\/infonewss.com\/wp-content\/uploads\/2023\/08\/Francisco-Macedo-vence-Caldeirao-Grande-por-2-a-1-na-II-Copa-AMVI-IMG_0072-1.jpg 900w\" data-src=\"https:\/\/infonewss.com\/wp-content\/uploads\/2023\/08\/Francisco-Macedo-vence-Caldeirao-Grande-por-2-a-1-na-II-Copa-AMVI-IMG_0072-1-300x200.jpg\" data-sizes=\"(max-width: 300px) 100vw, 300px\" \/><\/a><\/div>\n<\/figure>\n<figure class=\"gallery-item\">\n<div class=\"gallery-icon landscape\"><a href=\"https:\/\/infonewss.com\/wp-content\/uploads\/2023\/08\/Francisco-Macedo-vence-Caldeirao-Grande-por-2-a-1-na-II-Copa-AMVI-IMG_0074-1.jpg\"><img loading=\"lazy\" decoding=\"async\" class=\"attachment-medium size-medium lazyloaded\" src=\"https:\/\/infonewss.com\/wp-content\/uploads\/2023\/08\/Francisco-Macedo-vence-Caldeirao-Grande-por-2-a-1-na-II-Copa-AMVI-IMG_0074-1-300x200.jpg\" sizes=\"(max-width: 300px) 100vw, 300px\" srcset=\"https:\/\/infonewss.com\/wp-content\/uploads\/2023\/08\/Francisco-Macedo-vence-Caldeirao-Grande-por-2-a-1-na-II-Copa-AMVI-IMG_0074-1-300x200.jpg 300w, https:\/\/infonewss.com\/wp-content\/uploads\/2023\/08\/Francisco-Macedo-vence-Caldeirao-Grande-por-2-a-1-na-II-Copa-AMVI-IMG_0074-1-768x512.jpg 768w, https:\/\/infonewss.com\/wp-content\/uploads\/2023\/08\/Francisco-Macedo-vence-Caldeirao-Grande-por-2-a-1-na-II-Copa-AMVI-IMG_0074-1-150x100.jpg 150w, https:\/\/infonewss.com\/wp-content\/uploads\/2023\/08\/Francisco-Macedo-vence-Caldeirao-Grande-por-2-a-1-na-II-Copa-AMVI-IMG_0074-1-696x464.jpg 696w, https:\/\/infonewss.com\/wp-content\/uploads\/2023\/08\/Francisco-Macedo-vence-Caldeirao-Grande-por-2-a-1-na-II-Copa-AMVI-IMG_0074-1.jpg 900w\" alt=\"\" width=\"300\" height=\"200\" data-srcset=\"https:\/\/infonewss.com\/wp-content\/uploads\/2023\/08\/Francisco-Macedo-vence-Caldeirao-Grande-por-2-a-1-na-II-Copa-AMVI-IMG_0074-1-300x200.jpg 300w, https:\/\/infonewss.com\/wp-content\/uploads\/2023\/08\/Francisco-Macedo-vence-Caldeirao-Grande-por-2-a-1-na-II-Copa-AMVI-IMG_0074-1-768x512.jpg 768w, https:\/\/infonewss.com\/wp-content\/uploads\/2023\/08\/Francisco-Macedo-vence-Caldeirao-Grande-por-2-a-1-na-II-Copa-AMVI-IMG_0074-1-150x100.jpg 150w, https:\/\/infonewss.com\/wp-content\/uploads\/2023\/08\/Francisco-Macedo-vence-Caldeirao-Grande-por-2-a-1-na-II-Copa-AMVI-IMG_0074-1-696x464.jpg 696w, https:\/\/infonewss.com\/wp-content\/uploads\/2023\/08\/Francisco-Macedo-vence-Caldeirao-Grande-por-2-a-1-na-II-Copa-AMVI-IMG_0074-1.jpg 900w\" data-src=\"https:\/\/infonewss.com\/wp-content\/uploads\/2023\/08\/Francisco-Macedo-vence-Caldeirao-Grande-por-2-a-1-na-II-Copa-AMVI-IMG_0074-1-300x200.jpg\" data-sizes=\"(max-width: 300px) 100vw, 300px\" \/><\/a><\/div>\n<\/figure>\n<figure class=\"gallery-item\">\n<div class=\"gallery-icon landscape\"><a href=\"https:\/\/infonewss.com\/wp-content\/uploads\/2023\/08\/Francisco-Macedo-vence-Caldeirao-Grande-por-2-a-1-na-II-Copa-AMVI-IMG_0075-1.jpg\"><img loading=\"lazy\" decoding=\"async\" class=\"attachment-medium size-medium lazyloaded\" src=\"https:\/\/infonewss.com\/wp-content\/uploads\/2023\/08\/Francisco-Macedo-vence-Caldeirao-Grande-por-2-a-1-na-II-Copa-AMVI-IMG_0075-1-300x200.jpg\" sizes=\"(max-width: 300px) 100vw, 300px\" srcset=\"https:\/\/infonewss.com\/wp-content\/uploads\/2023\/08\/Francisco-Macedo-vence-Caldeirao-Grande-por-2-a-1-na-II-Copa-AMVI-IMG_0075-1-300x200.jpg 300w, https:\/\/infonewss.com\/wp-content\/uploads\/2023\/08\/Francisco-Macedo-vence-Caldeirao-Grande-por-2-a-1-na-II-Copa-AMVI-IMG_0075-1-768x512.jpg 768w, https:\/\/infonewss.com\/wp-content\/uploads\/2023\/08\/Francisco-Macedo-vence-Caldeirao-Grande-por-2-a-1-na-II-Copa-AMVI-IMG_0075-1-150x100.jpg 150w, https:\/\/infonewss.com\/wp-content\/uploads\/2023\/08\/Francisco-Macedo-vence-Caldeirao-Grande-por-2-a-1-na-II-Copa-AMVI-IMG_0075-1-696x464.jpg 696w, https:\/\/infonewss.com\/wp-content\/uploads\/2023\/08\/Francisco-Macedo-vence-Caldeirao-Grande-por-2-a-1-na-II-Copa-AMVI-IMG_0075-1.jpg 900w\" alt=\"\" width=\"300\" height=\"200\" data-srcset=\"https:\/\/infonewss.com\/wp-content\/uploads\/2023\/08\/Francisco-Macedo-vence-Caldeirao-Grande-por-2-a-1-na-II-Copa-AMVI-IMG_0075-1-300x200.jpg 300w, https:\/\/infonewss.com\/wp-content\/uploads\/2023\/08\/Francisco-Macedo-vence-Caldeirao-Grande-por-2-a-1-na-II-Copa-AMVI-IMG_0075-1-768x512.jpg 768w, https:\/\/infonewss.com\/wp-content\/uploads\/2023\/08\/Francisco-Macedo-vence-Caldeirao-Grande-por-2-a-1-na-II-Copa-AMVI-IMG_0075-1-150x100.jpg 150w, https:\/\/infonewss.com\/wp-content\/uploads\/2023\/08\/Francisco-Macedo-vence-Caldeirao-Grande-por-2-a-1-na-II-Copa-AMVI-IMG_0075-1-696x464.jpg 696w, https:\/\/infonewss.com\/wp-content\/uploads\/2023\/08\/Francisco-Macedo-vence-Caldeirao-Grande-por-2-a-1-na-II-Copa-AMVI-IMG_0075-1.jpg 900w\" data-src=\"https:\/\/infonewss.com\/wp-content\/uploads\/2023\/08\/Francisco-Macedo-vence-Caldeirao-Grande-por-2-a-1-na-II-Copa-AMVI-IMG_0075-1-300x200.jpg\" data-sizes=\"(max-width: 300px) 100vw, 300px\" \/><\/a><\/div>\n<\/figure>\n<figure class=\"gallery-item\">\n<div class=\"gallery-icon landscape\"><a href=\"https:\/\/infonewss.com\/wp-content\/uploads\/2023\/08\/Francisco-Macedo-vence-Caldeirao-Grande-por-2-a-1-na-II-Copa-AMVI-IMG_0076-1.jpg\"><img loading=\"lazy\" decoding=\"async\" class=\"attachment-medium size-medium lazyloaded\" src=\"https:\/\/infonewss.com\/wp-content\/uploads\/2023\/08\/Francisco-Macedo-vence-Caldeirao-Grande-por-2-a-1-na-II-Copa-AMVI-IMG_0076-1-300x200.jpg\" sizes=\"(max-width: 300px) 100vw, 300px\" srcset=\"https:\/\/infonewss.com\/wp-content\/uploads\/2023\/08\/Francisco-Macedo-vence-Caldeirao-Grande-por-2-a-1-na-II-Copa-AMVI-IMG_0076-1-300x200.jpg 300w, https:\/\/infonewss.com\/wp-content\/uploads\/2023\/08\/Francisco-Macedo-vence-Caldeirao-Grande-por-2-a-1-na-II-Copa-AMVI-IMG_0076-1-768x512.jpg 768w, https:\/\/infonewss.com\/wp-content\/uploads\/2023\/08\/Francisco-Macedo-vence-Caldeirao-Grande-por-2-a-1-na-II-Copa-AMVI-IMG_0076-1-150x100.jpg 150w, https:\/\/infonewss.com\/wp-content\/uploads\/2023\/08\/Francisco-Macedo-vence-Caldeirao-Grande-por-2-a-1-na-II-Copa-AMVI-IMG_0076-1-696x464.jpg 696w, https:\/\/infonewss.com\/wp-content\/uploads\/2023\/08\/Francisco-Macedo-vence-Caldeirao-Grande-por-2-a-1-na-II-Copa-AMVI-IMG_0076-1.jpg 900w\" alt=\"\" width=\"300\" height=\"200\" data-srcset=\"https:\/\/infonewss.com\/wp-content\/uploads\/2023\/08\/Francisco-Macedo-vence-Caldeirao-Grande-por-2-a-1-na-II-Copa-AMVI-IMG_0076-1-300x200.jpg 300w, https:\/\/infonewss.com\/wp-content\/uploads\/2023\/08\/Francisco-Macedo-vence-Caldeirao-Grande-por-2-a-1-na-II-Copa-AMVI-IMG_0076-1-768x512.jpg 768w, https:\/\/infonewss.com\/wp-content\/uploads\/2023\/08\/Francisco-Macedo-vence-Caldeirao-Grande-por-2-a-1-na-II-Copa-AMVI-IMG_0076-1-150x100.jpg 150w, https:\/\/infonewss.com\/wp-content\/uploads\/2023\/08\/Francisco-Macedo-vence-Caldeirao-Grande-por-2-a-1-na-II-Copa-AMVI-IMG_0076-1-696x464.jpg 696w, https:\/\/infonewss.com\/wp-content\/uploads\/2023\/08\/Francisco-Macedo-vence-Caldeirao-Grande-por-2-a-1-na-II-Copa-AMVI-IMG_0076-1.jpg 900w\" data-src=\"https:\/\/infonewss.com\/wp-content\/uploads\/2023\/08\/Francisco-Macedo-vence-Caldeirao-Grande-por-2-a-1-na-II-Copa-AMVI-IMG_0076-1-300x200.jpg\" data-sizes=\"(max-width: 300px) 100vw, 300px\" \/><\/a><\/div>\n<\/figure>\n<figure class=\"gallery-item\">\n<div class=\"gallery-icon landscape\"><a href=\"https:\/\/infonewss.com\/wp-content\/uploads\/2023\/08\/Francisco-Macedo-vence-Caldeirao-Grande-por-2-a-1-na-II-Copa-AMVI-IMG_0079-1.jpg\"><img loading=\"lazy\" decoding=\"async\" class=\"attachment-medium size-medium lazyloaded\" src=\"https:\/\/infonewss.com\/wp-content\/uploads\/2023\/08\/Francisco-Macedo-vence-Caldeirao-Grande-por-2-a-1-na-II-Copa-AMVI-IMG_0079-1-300x200.jpg\" sizes=\"(max-width: 300px) 100vw, 300px\" srcset=\"https:\/\/infonewss.com\/wp-content\/uploads\/2023\/08\/Francisco-Macedo-vence-Caldeirao-Grande-por-2-a-1-na-II-Copa-AMVI-IMG_0079-1-300x200.jpg 300w, https:\/\/infonewss.com\/wp-content\/uploads\/2023\/08\/Francisco-Macedo-vence-Caldeirao-Grande-por-2-a-1-na-II-Copa-AMVI-IMG_0079-1-768x512.jpg 768w, https:\/\/infonewss.com\/wp-content\/uploads\/2023\/08\/Francisco-Macedo-vence-Caldeirao-Grande-por-2-a-1-na-II-Copa-AMVI-IMG_0079-1-150x100.jpg 150w, https:\/\/infonewss.com\/wp-content\/uploads\/2023\/08\/Francisco-Macedo-vence-Caldeirao-Grande-por-2-a-1-na-II-Copa-AMVI-IMG_0079-1-696x464.jpg 696w, https:\/\/infonewss.com\/wp-content\/uploads\/2023\/08\/Francisco-Macedo-vence-Caldeirao-Grande-por-2-a-1-na-II-Copa-AMVI-IMG_0079-1.jpg 900w\" alt=\"\" width=\"300\" height=\"200\" data-srcset=\"https:\/\/infonewss.com\/wp-content\/uploads\/2023\/08\/Francisco-Macedo-vence-Caldeirao-Grande-por-2-a-1-na-II-Copa-AMVI-IMG_0079-1-300x200.jpg 300w, https:\/\/infonewss.com\/wp-content\/uploads\/2023\/08\/Francisco-Macedo-vence-Caldeirao-Grande-por-2-a-1-na-II-Copa-AMVI-IMG_0079-1-768x512.jpg 768w, https:\/\/infonewss.com\/wp-content\/uploads\/2023\/08\/Francisco-Macedo-vence-Caldeirao-Grande-por-2-a-1-na-II-Copa-AMVI-IMG_0079-1-150x100.jpg 150w, https:\/\/infonewss.com\/wp-content\/uploads\/2023\/08\/Francisco-Macedo-vence-Caldeirao-Grande-por-2-a-1-na-II-Copa-AMVI-IMG_0079-1-696x464.jpg 696w, https:\/\/infonewss.com\/wp-content\/uploads\/2023\/08\/Francisco-Macedo-vence-Caldeirao-Grande-por-2-a-1-na-II-Copa-AMVI-IMG_0079-1.jpg 900w\" data-src=\"https:\/\/infonewss.com\/wp-content\/uploads\/2023\/08\/Francisco-Macedo-vence-Caldeirao-Grande-por-2-a-1-na-II-Copa-AMVI-IMG_0079-1-300x200.jpg\" data-sizes=\"(max-width: 300px) 100vw, 300px\" \/><\/a><\/div>\n<\/figure>\n<figure class=\"gallery-item\">\n<div class=\"gallery-icon landscape\"><a href=\"https:\/\/infonewss.com\/wp-content\/uploads\/2023\/08\/Francisco-Macedo-vence-Caldeirao-Grande-por-2-a-1-na-II-Copa-AMVI-IMG_0080-1.jpg\"><img loading=\"lazy\" decoding=\"async\" class=\"attachment-medium size-medium lazyloaded\" src=\"https:\/\/infonewss.com\/wp-content\/uploads\/2023\/08\/Francisco-Macedo-vence-Caldeirao-Grande-por-2-a-1-na-II-Copa-AMVI-IMG_0080-1-300x200.jpg\" sizes=\"(max-width: 300px) 100vw, 300px\" srcset=\"https:\/\/infonewss.com\/wp-content\/uploads\/2023\/08\/Francisco-Macedo-vence-Caldeirao-Grande-por-2-a-1-na-II-Copa-AMVI-IMG_0080-1-300x200.jpg 300w, https:\/\/infonewss.com\/wp-content\/uploads\/2023\/08\/Francisco-Macedo-vence-Caldeirao-Grande-por-2-a-1-na-II-Copa-AMVI-IMG_0080-1-768x512.jpg 768w, https:\/\/infonewss.com\/wp-content\/uploads\/2023\/08\/Francisco-Macedo-vence-Caldeirao-Grande-por-2-a-1-na-II-Copa-AMVI-IMG_0080-1-150x100.jpg 150w, https:\/\/infonewss.com\/wp-content\/uploads\/2023\/08\/Francisco-Macedo-vence-Caldeirao-Grande-por-2-a-1-na-II-Copa-AMVI-IMG_0080-1-696x464.jpg 696w, https:\/\/infonewss.com\/wp-content\/uploads\/2023\/08\/Francisco-Macedo-vence-Caldeirao-Grande-por-2-a-1-na-II-Copa-AMVI-IMG_0080-1.jpg 900w\" alt=\"\" width=\"300\" height=\"200\" data-srcset=\"https:\/\/infonewss.com\/wp-content\/uploads\/2023\/08\/Francisco-Macedo-vence-Caldeirao-Grande-por-2-a-1-na-II-Copa-AMVI-IMG_0080-1-300x200.jpg 300w, https:\/\/infonewss.com\/wp-content\/uploads\/2023\/08\/Francisco-Macedo-vence-Caldeirao-Grande-por-2-a-1-na-II-Copa-AMVI-IMG_0080-1-768x512.jpg 768w, https:\/\/infonewss.com\/wp-content\/uploads\/2023\/08\/Francisco-Macedo-vence-Caldeirao-Grande-por-2-a-1-na-II-Copa-AMVI-IMG_0080-1-150x100.jpg 150w, https:\/\/infonewss.com\/wp-content\/uploads\/2023\/08\/Francisco-Macedo-vence-Caldeirao-Grande-por-2-a-1-na-II-Copa-AMVI-IMG_0080-1-696x464.jpg 696w, https:\/\/infonewss.com\/wp-content\/uploads\/2023\/08\/Francisco-Macedo-vence-Caldeirao-Grande-por-2-a-1-na-II-Copa-AMVI-IMG_0080-1.jpg 900w\" data-src=\"https:\/\/infonewss.com\/wp-content\/uploads\/2023\/08\/Francisco-Macedo-vence-Caldeirao-Grande-por-2-a-1-na-II-Copa-AMVI-IMG_0080-1-300x200.jpg\" data-sizes=\"(max-width: 300px) 100vw, 300px\" \/><\/a><\/div>\n<\/figure>\n<figure class=\"gallery-item\">\n<div class=\"gallery-icon landscape\"><a href=\"https:\/\/infonewss.com\/wp-content\/uploads\/2023\/08\/Francisco-Macedo-vence-Caldeirao-Grande-por-2-a-1-na-II-Copa-AMVI-IMG_0082-1.jpg\"><img loading=\"lazy\" decoding=\"async\" class=\"attachment-medium size-medium ls-is-cached lazyloaded\" src=\"https:\/\/infonewss.com\/wp-content\/uploads\/2023\/08\/Francisco-Macedo-vence-Caldeirao-Grande-por-2-a-1-na-II-Copa-AMVI-IMG_0082-1-300x200.jpg\" sizes=\"(max-width: 300px) 100vw, 300px\" srcset=\"https:\/\/infonewss.com\/wp-content\/uploads\/2023\/08\/Francisco-Macedo-vence-Caldeirao-Grande-por-2-a-1-na-II-Copa-AMVI-IMG_0082-1-300x200.jpg 300w, https:\/\/infonewss.com\/wp-content\/uploads\/2023\/08\/Francisco-Macedo-vence-Caldeirao-Grande-por-2-a-1-na-II-Copa-AMVI-IMG_0082-1-768x512.jpg 768w, https:\/\/infonewss.com\/wp-content\/uploads\/2023\/08\/Francisco-Macedo-vence-Caldeirao-Grande-por-2-a-1-na-II-Copa-AMVI-IMG_0082-1-150x100.jpg 150w, https:\/\/infonewss.com\/wp-content\/uploads\/2023\/08\/Francisco-Macedo-vence-Caldeirao-Grande-por-2-a-1-na-II-Copa-AMVI-IMG_0082-1-696x464.jpg 696w, https:\/\/infonewss.com\/wp-content\/uploads\/2023\/08\/Francisco-Macedo-vence-Caldeirao-Grande-por-2-a-1-na-II-Copa-AMVI-IMG_0082-1.jpg 900w\" alt=\"\" width=\"300\" height=\"200\" data-srcset=\"https:\/\/infonewss.com\/wp-content\/uploads\/2023\/08\/Francisco-Macedo-vence-Caldeirao-Grande-por-2-a-1-na-II-Copa-AMVI-IMG_0082-1-300x200.jpg 300w, https:\/\/infonewss.com\/wp-content\/uploads\/2023\/08\/Francisco-Macedo-vence-Caldeirao-Grande-por-2-a-1-na-II-Copa-AMVI-IMG_0082-1-768x512.jpg 768w, https:\/\/infonewss.com\/wp-content\/uploads\/2023\/08\/Francisco-Macedo-vence-Caldeirao-Grande-por-2-a-1-na-II-Copa-AMVI-IMG_0082-1-150x100.jpg 150w, https:\/\/infonewss.com\/wp-content\/uploads\/2023\/08\/Francisco-Macedo-vence-Caldeirao-Grande-por-2-a-1-na-II-Copa-AMVI-IMG_0082-1-696x464.jpg 696w, https:\/\/infonewss.com\/wp-content\/uploads\/2023\/08\/Francisco-Macedo-vence-Caldeirao-Grande-por-2-a-1-na-II-Copa-AMVI-IMG_0082-1.jpg 900w\" data-src=\"https:\/\/infonewss.com\/wp-content\/uploads\/2023\/08\/Francisco-Macedo-vence-Caldeirao-Grande-por-2-a-1-na-II-Copa-AMVI-IMG_0082-1-300x200.jpg\" data-sizes=\"(max-width: 300px) 100vw, 300px\" \/><\/a><\/div>\n<\/figure>\n<figure class=\"gallery-item\">\n<div class=\"gallery-icon landscape\"><a href=\"https:\/\/infonewss.com\/wp-content\/uploads\/2023\/08\/Francisco-Macedo-vence-Caldeirao-Grande-por-2-a-1-na-II-Copa-AMVI-IMG_0083-1.jpg\"><img loading=\"lazy\" decoding=\"async\" class=\"attachment-medium size-medium lazyloaded\" src=\"https:\/\/infonewss.com\/wp-content\/uploads\/2023\/08\/Francisco-Macedo-vence-Caldeirao-Grande-por-2-a-1-na-II-Copa-AMVI-IMG_0083-1-300x200.jpg\" sizes=\"(max-width: 300px) 100vw, 300px\" srcset=\"https:\/\/infonewss.com\/wp-content\/uploads\/2023\/08\/Francisco-Macedo-vence-Caldeirao-Grande-por-2-a-1-na-II-Copa-AMVI-IMG_0083-1-300x200.jpg 300w, https:\/\/infonewss.com\/wp-content\/uploads\/2023\/08\/Francisco-Macedo-vence-Caldeirao-Grande-por-2-a-1-na-II-Copa-AMVI-IMG_0083-1-768x512.jpg 768w, https:\/\/infonewss.com\/wp-content\/uploads\/2023\/08\/Francisco-Macedo-vence-Caldeirao-Grande-por-2-a-1-na-II-Copa-AMVI-IMG_0083-1-150x100.jpg 150w, https:\/\/infonewss.com\/wp-content\/uploads\/2023\/08\/Francisco-Macedo-vence-Caldeirao-Grande-por-2-a-1-na-II-Copa-AMVI-IMG_0083-1-696x464.jpg 696w, https:\/\/infonewss.com\/wp-content\/uploads\/2023\/08\/Francisco-Macedo-vence-Caldeirao-Grande-por-2-a-1-na-II-Copa-AMVI-IMG_0083-1.jpg 900w\" alt=\"\" width=\"300\" height=\"200\" data-srcset=\"https:\/\/infonewss.com\/wp-content\/uploads\/2023\/08\/Francisco-Macedo-vence-Caldeirao-Grande-por-2-a-1-na-II-Copa-AMVI-IMG_0083-1-300x200.jpg 300w, https:\/\/infonewss.com\/wp-content\/uploads\/2023\/08\/Francisco-Macedo-vence-Caldeirao-Grande-por-2-a-1-na-II-Copa-AMVI-IMG_0083-1-768x512.jpg 768w, https:\/\/infonewss.com\/wp-content\/uploads\/2023\/08\/Francisco-Macedo-vence-Caldeirao-Grande-por-2-a-1-na-II-Copa-AMVI-IMG_0083-1-150x100.jpg 150w, https:\/\/infonewss.com\/wp-content\/uploads\/2023\/08\/Francisco-Macedo-vence-Caldeirao-Grande-por-2-a-1-na-II-Copa-AMVI-IMG_0083-1-696x464.jpg 696w, https:\/\/infonewss.com\/wp-content\/uploads\/2023\/08\/Francisco-Macedo-vence-Caldeirao-Grande-por-2-a-1-na-II-Copa-AMVI-IMG_0083-1.jpg 900w\" data-src=\"https:\/\/infonewss.com\/wp-content\/uploads\/2023\/08\/Francisco-Macedo-vence-Caldeirao-Grande-por-2-a-1-na-II-Copa-AMVI-IMG_0083-1-300x200.jpg\" data-sizes=\"(max-width: 300px) 100vw, 300px\" \/><\/a><\/div>\n<\/figure>\n<figure class=\"gallery-item\">\n<div class=\"gallery-icon landscape\"><a href=\"https:\/\/infonewss.com\/wp-content\/uploads\/2023\/08\/Francisco-Macedo-vence-Caldeirao-Grande-por-2-a-1-na-II-Copa-AMVI-IMG_0084-1.jpg\"><img loading=\"lazy\" decoding=\"async\" class=\"attachment-medium size-medium lazyloaded\" src=\"https:\/\/infonewss.com\/wp-content\/uploads\/2023\/08\/Francisco-Macedo-vence-Caldeirao-Grande-por-2-a-1-na-II-Copa-AMVI-IMG_0084-1-300x200.jpg\" sizes=\"(max-width: 300px) 100vw, 300px\" srcset=\"https:\/\/infonewss.com\/wp-content\/uploads\/2023\/08\/Francisco-Macedo-vence-Caldeirao-Grande-por-2-a-1-na-II-Copa-AMVI-IMG_0084-1-300x200.jpg 300w, https:\/\/infonewss.com\/wp-content\/uploads\/2023\/08\/Francisco-Macedo-vence-Caldeirao-Grande-por-2-a-1-na-II-Copa-AMVI-IMG_0084-1-768x512.jpg 768w, https:\/\/infonewss.com\/wp-content\/uploads\/2023\/08\/Francisco-Macedo-vence-Caldeirao-Grande-por-2-a-1-na-II-Copa-AMVI-IMG_0084-1-150x100.jpg 150w, https:\/\/infonewss.com\/wp-content\/uploads\/2023\/08\/Francisco-Macedo-vence-Caldeirao-Grande-por-2-a-1-na-II-Copa-AMVI-IMG_0084-1-696x464.jpg 696w, https:\/\/infonewss.com\/wp-content\/uploads\/2023\/08\/Francisco-Macedo-vence-Caldeirao-Grande-por-2-a-1-na-II-Copa-AMVI-IMG_0084-1.jpg 900w\" alt=\"\" width=\"300\" height=\"200\" data-srcset=\"https:\/\/infonewss.com\/wp-content\/uploads\/2023\/08\/Francisco-Macedo-vence-Caldeirao-Grande-por-2-a-1-na-II-Copa-AMVI-IMG_0084-1-300x200.jpg 300w, https:\/\/infonewss.com\/wp-content\/uploads\/2023\/08\/Francisco-Macedo-vence-Caldeirao-Grande-por-2-a-1-na-II-Copa-AMVI-IMG_0084-1-768x512.jpg 768w, https:\/\/infonewss.com\/wp-content\/uploads\/2023\/08\/Francisco-Macedo-vence-Caldeirao-Grande-por-2-a-1-na-II-Copa-AMVI-IMG_0084-1-150x100.jpg 150w, https:\/\/infonewss.com\/wp-content\/uploads\/2023\/08\/Francisco-Macedo-vence-Caldeirao-Grande-por-2-a-1-na-II-Copa-AMVI-IMG_0084-1-696x464.jpg 696w, https:\/\/infonewss.com\/wp-content\/uploads\/2023\/08\/Francisco-Macedo-vence-Caldeirao-Grande-por-2-a-1-na-II-Copa-AMVI-IMG_0084-1.jpg 900w\" data-src=\"https:\/\/infonewss.com\/wp-content\/uploads\/2023\/08\/Francisco-Macedo-vence-Caldeirao-Grande-por-2-a-1-na-II-Copa-AMVI-IMG_0084-1-300x200.jpg\" data-sizes=\"(max-width: 300px) 100vw, 300px\" \/><\/a><\/div>\n<\/figure>\n<figure class=\"gallery-item\">\n<div class=\"gallery-icon landscape\"><a href=\"https:\/\/infonewss.com\/wp-content\/uploads\/2023\/08\/Francisco-Macedo-vence-Caldeirao-Grande-por-2-a-1-na-II-Copa-AMVI-IMG_0087-1.jpg\"><img loading=\"lazy\" decoding=\"async\" class=\"attachment-medium size-medium lazyloaded\" src=\"https:\/\/infonewss.com\/wp-content\/uploads\/2023\/08\/Francisco-Macedo-vence-Caldeirao-Grande-por-2-a-1-na-II-Copa-AMVI-IMG_0087-1-300x200.jpg\" sizes=\"(max-width: 300px) 100vw, 300px\" srcset=\"https:\/\/infonewss.com\/wp-content\/uploads\/2023\/08\/Francisco-Macedo-vence-Caldeirao-Grande-por-2-a-1-na-II-Copa-AMVI-IMG_0087-1-300x200.jpg 300w, https:\/\/infonewss.com\/wp-content\/uploads\/2023\/08\/Francisco-Macedo-vence-Caldeirao-Grande-por-2-a-1-na-II-Copa-AMVI-IMG_0087-1-768x512.jpg 768w, https:\/\/infonewss.com\/wp-content\/uploads\/2023\/08\/Francisco-Macedo-vence-Caldeirao-Grande-por-2-a-1-na-II-Copa-AMVI-IMG_0087-1-150x100.jpg 150w, https:\/\/infonewss.com\/wp-content\/uploads\/2023\/08\/Francisco-Macedo-vence-Caldeirao-Grande-por-2-a-1-na-II-Copa-AMVI-IMG_0087-1-696x464.jpg 696w, https:\/\/infonewss.com\/wp-content\/uploads\/2023\/08\/Francisco-Macedo-vence-Caldeirao-Grande-por-2-a-1-na-II-Copa-AMVI-IMG_0087-1.jpg 900w\" alt=\"\" width=\"300\" height=\"200\" data-srcset=\"https:\/\/infonewss.com\/wp-content\/uploads\/2023\/08\/Francisco-Macedo-vence-Caldeirao-Grande-por-2-a-1-na-II-Copa-AMVI-IMG_0087-1-300x200.jpg 300w, https:\/\/infonewss.com\/wp-content\/uploads\/2023\/08\/Francisco-Macedo-vence-Caldeirao-Grande-por-2-a-1-na-II-Copa-AMVI-IMG_0087-1-768x512.jpg 768w, https:\/\/infonewss.com\/wp-content\/uploads\/2023\/08\/Francisco-Macedo-vence-Caldeirao-Grande-por-2-a-1-na-II-Copa-AMVI-IMG_0087-1-150x100.jpg 150w, https:\/\/infonewss.com\/wp-content\/uploads\/2023\/08\/Francisco-Macedo-vence-Caldeirao-Grande-por-2-a-1-na-II-Copa-AMVI-IMG_0087-1-696x464.jpg 696w, https:\/\/infonewss.com\/wp-content\/uploads\/2023\/08\/Francisco-Macedo-vence-Caldeirao-Grande-por-2-a-1-na-II-Copa-AMVI-IMG_0087-1.jpg 900w\" data-src=\"https:\/\/infonewss.com\/wp-content\/uploads\/2023\/08\/Francisco-Macedo-vence-Caldeirao-Grande-por-2-a-1-na-II-Copa-AMVI-IMG_0087-1-300x200.jpg\" data-sizes=\"(max-width: 300px) 100vw, 300px\" \/><\/a><\/div>\n<\/figure>\n<figure class=\"gallery-item\">\n<div class=\"gallery-icon landscape\"><a href=\"https:\/\/infonewss.com\/wp-content\/uploads\/2023\/08\/Francisco-Macedo-vence-Caldeirao-Grande-por-2-a-1-na-II-Copa-AMVI-IMG_0088-1.jpg\"><img loading=\"lazy\" decoding=\"async\" class=\"attachment-medium size-medium lazyloaded\" src=\"https:\/\/infonewss.com\/wp-content\/uploads\/2023\/08\/Francisco-Macedo-vence-Caldeirao-Grande-por-2-a-1-na-II-Copa-AMVI-IMG_0088-1-300x200.jpg\" sizes=\"(max-width: 300px) 100vw, 300px\" srcset=\"https:\/\/infonewss.com\/wp-content\/uploads\/2023\/08\/Francisco-Macedo-vence-Caldeirao-Grande-por-2-a-1-na-II-Copa-AMVI-IMG_0088-1-300x200.jpg 300w, https:\/\/infonewss.com\/wp-content\/uploads\/2023\/08\/Francisco-Macedo-vence-Caldeirao-Grande-por-2-a-1-na-II-Copa-AMVI-IMG_0088-1-768x512.jpg 768w, https:\/\/infonewss.com\/wp-content\/uploads\/2023\/08\/Francisco-Macedo-vence-Caldeirao-Grande-por-2-a-1-na-II-Copa-AMVI-IMG_0088-1-150x100.jpg 150w, https:\/\/infonewss.com\/wp-content\/uploads\/2023\/08\/Francisco-Macedo-vence-Caldeirao-Grande-por-2-a-1-na-II-Copa-AMVI-IMG_0088-1-696x464.jpg 696w, https:\/\/infonewss.com\/wp-content\/uploads\/2023\/08\/Francisco-Macedo-vence-Caldeirao-Grande-por-2-a-1-na-II-Copa-AMVI-IMG_0088-1.jpg 900w\" alt=\"\" width=\"300\" height=\"200\" data-srcset=\"https:\/\/infonewss.com\/wp-content\/uploads\/2023\/08\/Francisco-Macedo-vence-Caldeirao-Grande-por-2-a-1-na-II-Copa-AMVI-IMG_0088-1-300x200.jpg 300w, https:\/\/infonewss.com\/wp-content\/uploads\/2023\/08\/Francisco-Macedo-vence-Caldeirao-Grande-por-2-a-1-na-II-Copa-AMVI-IMG_0088-1-768x512.jpg 768w, https:\/\/infonewss.com\/wp-content\/uploads\/2023\/08\/Francisco-Macedo-vence-Caldeirao-Grande-por-2-a-1-na-II-Copa-AMVI-IMG_0088-1-150x100.jpg 150w, https:\/\/infonewss.com\/wp-content\/uploads\/2023\/08\/Francisco-Macedo-vence-Caldeirao-Grande-por-2-a-1-na-II-Copa-AMVI-IMG_0088-1-696x464.jpg 696w, https:\/\/infonewss.com\/wp-content\/uploads\/2023\/08\/Francisco-Macedo-vence-Caldeirao-Grande-por-2-a-1-na-II-Copa-AMVI-IMG_0088-1.jpg 900w\" data-src=\"https:\/\/infonewss.com\/wp-content\/uploads\/2023\/08\/Francisco-Macedo-vence-Caldeirao-Grande-por-2-a-1-na-II-Copa-AMVI-IMG_0088-1-300x200.jpg\" data-sizes=\"(max-width: 300px) 100vw, 300px\" \/><\/a><\/div>\n<\/figure>\n<figure class=\"gallery-item\">\n<div class=\"gallery-icon landscape\"><a href=\"https:\/\/infonewss.com\/wp-content\/uploads\/2023\/08\/Francisco-Macedo-vence-Caldeirao-Grande-por-2-a-1-na-II-Copa-AMVI-IMG_0090-1.jpg\"><img loading=\"lazy\" decoding=\"async\" class=\"attachment-medium size-medium lazyloaded\" src=\"https:\/\/infonewss.com\/wp-content\/uploads\/2023\/08\/Francisco-Macedo-vence-Caldeirao-Grande-por-2-a-1-na-II-Copa-AMVI-IMG_0090-1-300x200.jpg\" sizes=\"(max-width: 300px) 100vw, 300px\" srcset=\"https:\/\/infonewss.com\/wp-content\/uploads\/2023\/08\/Francisco-Macedo-vence-Caldeirao-Grande-por-2-a-1-na-II-Copa-AMVI-IMG_0090-1-300x200.jpg 300w, https:\/\/infonewss.com\/wp-content\/uploads\/2023\/08\/Francisco-Macedo-vence-Caldeirao-Grande-por-2-a-1-na-II-Copa-AMVI-IMG_0090-1-768x512.jpg 768w, https:\/\/infonewss.com\/wp-content\/uploads\/2023\/08\/Francisco-Macedo-vence-Caldeirao-Grande-por-2-a-1-na-II-Copa-AMVI-IMG_0090-1-150x100.jpg 150w, https:\/\/infonewss.com\/wp-content\/uploads\/2023\/08\/Francisco-Macedo-vence-Caldeirao-Grande-por-2-a-1-na-II-Copa-AMVI-IMG_0090-1-696x464.jpg 696w, https:\/\/infonewss.com\/wp-content\/uploads\/2023\/08\/Francisco-Macedo-vence-Caldeirao-Grande-por-2-a-1-na-II-Copa-AMVI-IMG_0090-1.jpg 900w\" alt=\"\" width=\"300\" height=\"200\" data-srcset=\"https:\/\/infonewss.com\/wp-content\/uploads\/2023\/08\/Francisco-Macedo-vence-Caldeirao-Grande-por-2-a-1-na-II-Copa-AMVI-IMG_0090-1-300x200.jpg 300w, https:\/\/infonewss.com\/wp-content\/uploads\/2023\/08\/Francisco-Macedo-vence-Caldeirao-Grande-por-2-a-1-na-II-Copa-AMVI-IMG_0090-1-768x512.jpg 768w, https:\/\/infonewss.com\/wp-content\/uploads\/2023\/08\/Francisco-Macedo-vence-Caldeirao-Grande-por-2-a-1-na-II-Copa-AMVI-IMG_0090-1-150x100.jpg 150w, https:\/\/infonewss.com\/wp-content\/uploads\/2023\/08\/Francisco-Macedo-vence-Caldeirao-Grande-por-2-a-1-na-II-Copa-AMVI-IMG_0090-1-696x464.jpg 696w, https:\/\/infonewss.com\/wp-content\/uploads\/2023\/08\/Francisco-Macedo-vence-Caldeirao-Grande-por-2-a-1-na-II-Copa-AMVI-IMG_0090-1.jpg 900w\" data-src=\"https:\/\/infonewss.com\/wp-content\/uploads\/2023\/08\/Francisco-Macedo-vence-Caldeirao-Grande-por-2-a-1-na-II-Copa-AMVI-IMG_0090-1-300x200.jpg\" data-sizes=\"(max-width: 300px) 100vw, 300px\" \/><\/a><\/div>\n<\/figure>\n<figure class=\"gallery-item\">\n<div class=\"gallery-icon landscape\"><a href=\"https:\/\/infonewss.com\/wp-content\/uploads\/2023\/08\/Francisco-Macedo-vence-Caldeirao-Grande-por-2-a-1-na-II-Copa-AMVI-IMG_0091-1.jpg\"><img loading=\"lazy\" decoding=\"async\" class=\"attachment-medium size-medium lazyloaded\" src=\"https:\/\/infonewss.com\/wp-content\/uploads\/2023\/08\/Francisco-Macedo-vence-Caldeirao-Grande-por-2-a-1-na-II-Copa-AMVI-IMG_0091-1-300x200.jpg\" sizes=\"(max-width: 300px) 100vw, 300px\" srcset=\"https:\/\/infonewss.com\/wp-content\/uploads\/2023\/08\/Francisco-Macedo-vence-Caldeirao-Grande-por-2-a-1-na-II-Copa-AMVI-IMG_0091-1-300x200.jpg 300w, https:\/\/infonewss.com\/wp-content\/uploads\/2023\/08\/Francisco-Macedo-vence-Caldeirao-Grande-por-2-a-1-na-II-Copa-AMVI-IMG_0091-1-768x512.jpg 768w, https:\/\/infonewss.com\/wp-content\/uploads\/2023\/08\/Francisco-Macedo-vence-Caldeirao-Grande-por-2-a-1-na-II-Copa-AMVI-IMG_0091-1-150x100.jpg 150w, https:\/\/infonewss.com\/wp-content\/uploads\/2023\/08\/Francisco-Macedo-vence-Caldeirao-Grande-por-2-a-1-na-II-Copa-AMVI-IMG_0091-1-696x464.jpg 696w, https:\/\/infonewss.com\/wp-content\/uploads\/2023\/08\/Francisco-Macedo-vence-Caldeirao-Grande-por-2-a-1-na-II-Copa-AMVI-IMG_0091-1.jpg 900w\" alt=\"\" width=\"300\" height=\"200\" data-srcset=\"https:\/\/infonewss.com\/wp-content\/uploads\/2023\/08\/Francisco-Macedo-vence-Caldeirao-Grande-por-2-a-1-na-II-Copa-AMVI-IMG_0091-1-300x200.jpg 300w, https:\/\/infonewss.com\/wp-content\/uploads\/2023\/08\/Francisco-Macedo-vence-Caldeirao-Grande-por-2-a-1-na-II-Copa-AMVI-IMG_0091-1-768x512.jpg 768w, https:\/\/infonewss.com\/wp-content\/uploads\/2023\/08\/Francisco-Macedo-vence-Caldeirao-Grande-por-2-a-1-na-II-Copa-AMVI-IMG_0091-1-150x100.jpg 150w, https:\/\/infonewss.com\/wp-content\/uploads\/2023\/08\/Francisco-Macedo-vence-Caldeirao-Grande-por-2-a-1-na-II-Copa-AMVI-IMG_0091-1-696x464.jpg 696w, https:\/\/infonewss.com\/wp-content\/uploads\/2023\/08\/Francisco-Macedo-vence-Caldeirao-Grande-por-2-a-1-na-II-Copa-AMVI-IMG_0091-1.jpg 900w\" data-src=\"https:\/\/infonewss.com\/wp-content\/uploads\/2023\/08\/Francisco-Macedo-vence-Caldeirao-Grande-por-2-a-1-na-II-Copa-AMVI-IMG_0091-1-300x200.jpg\" data-sizes=\"(max-width: 300px) 100vw, 300px\" \/><\/a><\/div>\n<\/figure>\n<figure class=\"gallery-item\">\n<div class=\"gallery-icon landscape\"><a href=\"https:\/\/infonewss.com\/wp-content\/uploads\/2023\/08\/Francisco-Macedo-vence-Caldeirao-Grande-por-2-a-1-na-II-Copa-AMVI-IMG_0092-1.jpg\"><img loading=\"lazy\" decoding=\"async\" class=\"attachment-medium size-medium lazyloaded\" src=\"https:\/\/infonewss.com\/wp-content\/uploads\/2023\/08\/Francisco-Macedo-vence-Caldeirao-Grande-por-2-a-1-na-II-Copa-AMVI-IMG_0092-1-300x200.jpg\" sizes=\"(max-width: 300px) 100vw, 300px\" srcset=\"https:\/\/infonewss.com\/wp-content\/uploads\/2023\/08\/Francisco-Macedo-vence-Caldeirao-Grande-por-2-a-1-na-II-Copa-AMVI-IMG_0092-1-300x200.jpg 300w, https:\/\/infonewss.com\/wp-content\/uploads\/2023\/08\/Francisco-Macedo-vence-Caldeirao-Grande-por-2-a-1-na-II-Copa-AMVI-IMG_0092-1-768x512.jpg 768w, https:\/\/infonewss.com\/wp-content\/uploads\/2023\/08\/Francisco-Macedo-vence-Caldeirao-Grande-por-2-a-1-na-II-Copa-AMVI-IMG_0092-1-150x100.jpg 150w, https:\/\/infonewss.com\/wp-content\/uploads\/2023\/08\/Francisco-Macedo-vence-Caldeirao-Grande-por-2-a-1-na-II-Copa-AMVI-IMG_0092-1-696x464.jpg 696w, https:\/\/infonewss.com\/wp-content\/uploads\/2023\/08\/Francisco-Macedo-vence-Caldeirao-Grande-por-2-a-1-na-II-Copa-AMVI-IMG_0092-1.jpg 900w\" alt=\"\" width=\"300\" height=\"200\" data-srcset=\"https:\/\/infonewss.com\/wp-content\/uploads\/2023\/08\/Francisco-Macedo-vence-Caldeirao-Grande-por-2-a-1-na-II-Copa-AMVI-IMG_0092-1-300x200.jpg 300w, https:\/\/infonewss.com\/wp-content\/uploads\/2023\/08\/Francisco-Macedo-vence-Caldeirao-Grande-por-2-a-1-na-II-Copa-AMVI-IMG_0092-1-768x512.jpg 768w, https:\/\/infonewss.com\/wp-content\/uploads\/2023\/08\/Francisco-Macedo-vence-Caldeirao-Grande-por-2-a-1-na-II-Copa-AMVI-IMG_0092-1-150x100.jpg 150w, https:\/\/infonewss.com\/wp-content\/uploads\/2023\/08\/Francisco-Macedo-vence-Caldeirao-Grande-por-2-a-1-na-II-Copa-AMVI-IMG_0092-1-696x464.jpg 696w, https:\/\/infonewss.com\/wp-content\/uploads\/2023\/08\/Francisco-Macedo-vence-Caldeirao-Grande-por-2-a-1-na-II-Copa-AMVI-IMG_0092-1.jpg 900w\" data-src=\"https:\/\/infonewss.com\/wp-content\/uploads\/2023\/08\/Francisco-Macedo-vence-Caldeirao-Grande-por-2-a-1-na-II-Copa-AMVI-IMG_0092-1-300x200.jpg\" data-sizes=\"(max-width: 300px) 100vw, 300px\" \/><\/a><\/div>\n<\/figure>\n<figure class=\"gallery-item\">\n<div class=\"gallery-icon landscape\"><a href=\"https:\/\/infonewss.com\/wp-content\/uploads\/2023\/08\/Francisco-Macedo-vence-Caldeirao-Grande-por-2-a-1-na-II-Copa-AMVI-IMG_0094-1.jpg\"><img loading=\"lazy\" decoding=\"async\" class=\"attachment-medium size-medium lazyloaded\" src=\"https:\/\/infonewss.com\/wp-content\/uploads\/2023\/08\/Francisco-Macedo-vence-Caldeirao-Grande-por-2-a-1-na-II-Copa-AMVI-IMG_0094-1-300x200.jpg\" sizes=\"(max-width: 300px) 100vw, 300px\" srcset=\"https:\/\/infonewss.com\/wp-content\/uploads\/2023\/08\/Francisco-Macedo-vence-Caldeirao-Grande-por-2-a-1-na-II-Copa-AMVI-IMG_0094-1-300x200.jpg 300w, https:\/\/infonewss.com\/wp-content\/uploads\/2023\/08\/Francisco-Macedo-vence-Caldeirao-Grande-por-2-a-1-na-II-Copa-AMVI-IMG_0094-1-768x512.jpg 768w, https:\/\/infonewss.com\/wp-content\/uploads\/2023\/08\/Francisco-Macedo-vence-Caldeirao-Grande-por-2-a-1-na-II-Copa-AMVI-IMG_0094-1-150x100.jpg 150w, https:\/\/infonewss.com\/wp-content\/uploads\/2023\/08\/Francisco-Macedo-vence-Caldeirao-Grande-por-2-a-1-na-II-Copa-AMVI-IMG_0094-1-696x464.jpg 696w, https:\/\/infonewss.com\/wp-content\/uploads\/2023\/08\/Francisco-Macedo-vence-Caldeirao-Grande-por-2-a-1-na-II-Copa-AMVI-IMG_0094-1.jpg 900w\" alt=\"\" width=\"300\" height=\"200\" data-srcset=\"https:\/\/infonewss.com\/wp-content\/uploads\/2023\/08\/Francisco-Macedo-vence-Caldeirao-Grande-por-2-a-1-na-II-Copa-AMVI-IMG_0094-1-300x200.jpg 300w, https:\/\/infonewss.com\/wp-content\/uploads\/2023\/08\/Francisco-Macedo-vence-Caldeirao-Grande-por-2-a-1-na-II-Copa-AMVI-IMG_0094-1-768x512.jpg 768w, https:\/\/infonewss.com\/wp-content\/uploads\/2023\/08\/Francisco-Macedo-vence-Caldeirao-Grande-por-2-a-1-na-II-Copa-AMVI-IMG_0094-1-150x100.jpg 150w, https:\/\/infonewss.com\/wp-content\/uploads\/2023\/08\/Francisco-Macedo-vence-Caldeirao-Grande-por-2-a-1-na-II-Copa-AMVI-IMG_0094-1-696x464.jpg 696w, https:\/\/infonewss.com\/wp-content\/uploads\/2023\/08\/Francisco-Macedo-vence-Caldeirao-Grande-por-2-a-1-na-II-Copa-AMVI-IMG_0094-1.jpg 900w\" data-src=\"https:\/\/infonewss.com\/wp-content\/uploads\/2023\/08\/Francisco-Macedo-vence-Caldeirao-Grande-por-2-a-1-na-II-Copa-AMVI-IMG_0094-1-300x200.jpg\" data-sizes=\"(max-width: 300px) 100vw, 300px\" \/><\/a><\/div>\n<\/figure>\n<figure class=\"gallery-item\">\n<div class=\"gallery-icon landscape\"><a href=\"https:\/\/infonewss.com\/wp-content\/uploads\/2023\/08\/Francisco-Macedo-vence-Caldeirao-Grande-por-2-a-1-na-II-Copa-AMVI-IMG_0095-1.jpg\"><img loading=\"lazy\" decoding=\"async\" class=\"attachment-medium size-medium lazyloaded\" src=\"https:\/\/infonewss.com\/wp-content\/uploads\/2023\/08\/Francisco-Macedo-vence-Caldeirao-Grande-por-2-a-1-na-II-Copa-AMVI-IMG_0095-1-300x200.jpg\" sizes=\"(max-width: 300px) 100vw, 300px\" srcset=\"https:\/\/infonewss.com\/wp-content\/uploads\/2023\/08\/Francisco-Macedo-vence-Caldeirao-Grande-por-2-a-1-na-II-Copa-AMVI-IMG_0095-1-300x200.jpg 300w, https:\/\/infonewss.com\/wp-content\/uploads\/2023\/08\/Francisco-Macedo-vence-Caldeirao-Grande-por-2-a-1-na-II-Copa-AMVI-IMG_0095-1-768x512.jpg 768w, https:\/\/infonewss.com\/wp-content\/uploads\/2023\/08\/Francisco-Macedo-vence-Caldeirao-Grande-por-2-a-1-na-II-Copa-AMVI-IMG_0095-1-150x100.jpg 150w, https:\/\/infonewss.com\/wp-content\/uploads\/2023\/08\/Francisco-Macedo-vence-Caldeirao-Grande-por-2-a-1-na-II-Copa-AMVI-IMG_0095-1-696x464.jpg 696w, https:\/\/infonewss.com\/wp-content\/uploads\/2023\/08\/Francisco-Macedo-vence-Caldeirao-Grande-por-2-a-1-na-II-Copa-AMVI-IMG_0095-1.jpg 900w\" alt=\"\" width=\"300\" height=\"200\" data-srcset=\"https:\/\/infonewss.com\/wp-content\/uploads\/2023\/08\/Francisco-Macedo-vence-Caldeirao-Grande-por-2-a-1-na-II-Copa-AMVI-IMG_0095-1-300x200.jpg 300w, https:\/\/infonewss.com\/wp-content\/uploads\/2023\/08\/Francisco-Macedo-vence-Caldeirao-Grande-por-2-a-1-na-II-Copa-AMVI-IMG_0095-1-768x512.jpg 768w, https:\/\/infonewss.com\/wp-content\/uploads\/2023\/08\/Francisco-Macedo-vence-Caldeirao-Grande-por-2-a-1-na-II-Copa-AMVI-IMG_0095-1-150x100.jpg 150w, https:\/\/infonewss.com\/wp-content\/uploads\/2023\/08\/Francisco-Macedo-vence-Caldeirao-Grande-por-2-a-1-na-II-Copa-AMVI-IMG_0095-1-696x464.jpg 696w, https:\/\/infonewss.com\/wp-content\/uploads\/2023\/08\/Francisco-Macedo-vence-Caldeirao-Grande-por-2-a-1-na-II-Copa-AMVI-IMG_0095-1.jpg 900w\" data-src=\"https:\/\/infonewss.com\/wp-content\/uploads\/2023\/08\/Francisco-Macedo-vence-Caldeirao-Grande-por-2-a-1-na-II-Copa-AMVI-IMG_0095-1-300x200.jpg\" data-sizes=\"(max-width: 300px) 100vw, 300px\" \/><\/a><\/div>\n<\/figure>\n<figure class=\"gallery-item\">\n<div class=\"gallery-icon landscape\"><a href=\"https:\/\/infonewss.com\/wp-content\/uploads\/2023\/08\/Francisco-Macedo-vence-Caldeirao-Grande-por-2-a-1-na-II-Copa-AMVI-IMG_0101-1.jpg\"><img loading=\"lazy\" decoding=\"async\" class=\"attachment-medium size-medium lazyloaded\" src=\"https:\/\/infonewss.com\/wp-content\/uploads\/2023\/08\/Francisco-Macedo-vence-Caldeirao-Grande-por-2-a-1-na-II-Copa-AMVI-IMG_0101-1-300x200.jpg\" sizes=\"(max-width: 300px) 100vw, 300px\" srcset=\"https:\/\/infonewss.com\/wp-content\/uploads\/2023\/08\/Francisco-Macedo-vence-Caldeirao-Grande-por-2-a-1-na-II-Copa-AMVI-IMG_0101-1-300x200.jpg 300w, https:\/\/infonewss.com\/wp-content\/uploads\/2023\/08\/Francisco-Macedo-vence-Caldeirao-Grande-por-2-a-1-na-II-Copa-AMVI-IMG_0101-1-768x512.jpg 768w, https:\/\/infonewss.com\/wp-content\/uploads\/2023\/08\/Francisco-Macedo-vence-Caldeirao-Grande-por-2-a-1-na-II-Copa-AMVI-IMG_0101-1-150x100.jpg 150w, https:\/\/infonewss.com\/wp-content\/uploads\/2023\/08\/Francisco-Macedo-vence-Caldeirao-Grande-por-2-a-1-na-II-Copa-AMVI-IMG_0101-1-696x464.jpg 696w, https:\/\/infonewss.com\/wp-content\/uploads\/2023\/08\/Francisco-Macedo-vence-Caldeirao-Grande-por-2-a-1-na-II-Copa-AMVI-IMG_0101-1.jpg 900w\" alt=\"\" width=\"300\" height=\"200\" data-srcset=\"https:\/\/infonewss.com\/wp-content\/uploads\/2023\/08\/Francisco-Macedo-vence-Caldeirao-Grande-por-2-a-1-na-II-Copa-AMVI-IMG_0101-1-300x200.jpg 300w, https:\/\/infonewss.com\/wp-content\/uploads\/2023\/08\/Francisco-Macedo-vence-Caldeirao-Grande-por-2-a-1-na-II-Copa-AMVI-IMG_0101-1-768x512.jpg 768w, https:\/\/infonewss.com\/wp-content\/uploads\/2023\/08\/Francisco-Macedo-vence-Caldeirao-Grande-por-2-a-1-na-II-Copa-AMVI-IMG_0101-1-150x100.jpg 150w, https:\/\/infonewss.com\/wp-content\/uploads\/2023\/08\/Francisco-Macedo-vence-Caldeirao-Grande-por-2-a-1-na-II-Copa-AMVI-IMG_0101-1-696x464.jpg 696w, https:\/\/infonewss.com\/wp-content\/uploads\/2023\/08\/Francisco-Macedo-vence-Caldeirao-Grande-por-2-a-1-na-II-Copa-AMVI-IMG_0101-1.jpg 900w\" data-src=\"https:\/\/infonewss.com\/wp-content\/uploads\/2023\/08\/Francisco-Macedo-vence-Caldeirao-Grande-por-2-a-1-na-II-Copa-AMVI-IMG_0101-1-300x200.jpg\" data-sizes=\"(max-width: 300px) 100vw, 300px\" \/><\/a><\/div>\n<\/figure>\n<figure class=\"gallery-item\">\n<div class=\"gallery-icon landscape\"><a href=\"https:\/\/infonewss.com\/wp-content\/uploads\/2023\/08\/Francisco-Macedo-vence-Caldeirao-Grande-por-2-a-1-na-II-Copa-AMVI-IMG_0108-1.jpg\"><img loading=\"lazy\" decoding=\"async\" class=\"attachment-medium size-medium lazyloaded\" src=\"https:\/\/infonewss.com\/wp-content\/uploads\/2023\/08\/Francisco-Macedo-vence-Caldeirao-Grande-por-2-a-1-na-II-Copa-AMVI-IMG_0108-1-300x200.jpg\" sizes=\"(max-width: 300px) 100vw, 300px\" srcset=\"https:\/\/infonewss.com\/wp-content\/uploads\/2023\/08\/Francisco-Macedo-vence-Caldeirao-Grande-por-2-a-1-na-II-Copa-AMVI-IMG_0108-1-300x200.jpg 300w, https:\/\/infonewss.com\/wp-content\/uploads\/2023\/08\/Francisco-Macedo-vence-Caldeirao-Grande-por-2-a-1-na-II-Copa-AMVI-IMG_0108-1-768x512.jpg 768w, https:\/\/infonewss.com\/wp-content\/uploads\/2023\/08\/Francisco-Macedo-vence-Caldeirao-Grande-por-2-a-1-na-II-Copa-AMVI-IMG_0108-1-150x100.jpg 150w, https:\/\/infonewss.com\/wp-content\/uploads\/2023\/08\/Francisco-Macedo-vence-Caldeirao-Grande-por-2-a-1-na-II-Copa-AMVI-IMG_0108-1-696x464.jpg 696w, https:\/\/infonewss.com\/wp-content\/uploads\/2023\/08\/Francisco-Macedo-vence-Caldeirao-Grande-por-2-a-1-na-II-Copa-AMVI-IMG_0108-1.jpg 900w\" alt=\"\" width=\"300\" height=\"200\" data-srcset=\"https:\/\/infonewss.com\/wp-content\/uploads\/2023\/08\/Francisco-Macedo-vence-Caldeirao-Grande-por-2-a-1-na-II-Copa-AMVI-IMG_0108-1-300x200.jpg 300w, https:\/\/infonewss.com\/wp-content\/uploads\/2023\/08\/Francisco-Macedo-vence-Caldeirao-Grande-por-2-a-1-na-II-Copa-AMVI-IMG_0108-1-768x512.jpg 768w, https:\/\/infonewss.com\/wp-content\/uploads\/2023\/08\/Francisco-Macedo-vence-Caldeirao-Grande-por-2-a-1-na-II-Copa-AMVI-IMG_0108-1-150x100.jpg 150w, https:\/\/infonewss.com\/wp-content\/uploads\/2023\/08\/Francisco-Macedo-vence-Caldeirao-Grande-por-2-a-1-na-II-Copa-AMVI-IMG_0108-1-696x464.jpg 696w, https:\/\/infonewss.com\/wp-content\/uploads\/2023\/08\/Francisco-Macedo-vence-Caldeirao-Grande-por-2-a-1-na-II-Copa-AMVI-IMG_0108-1.jpg 900w\" data-src=\"https:\/\/infonewss.com\/wp-content\/uploads\/2023\/08\/Francisco-Macedo-vence-Caldeirao-Grande-por-2-a-1-na-II-Copa-AMVI-IMG_0108-1-300x200.jpg\" data-sizes=\"(max-width: 300px) 100vw, 300px\" \/><\/a><\/div>\n<\/figure>\n<figure class=\"gallery-item\">\n<div class=\"gallery-icon landscape\"><a href=\"https:\/\/infonewss.com\/wp-content\/uploads\/2023\/08\/Francisco-Macedo-vence-Caldeirao-Grande-por-2-a-1-na-II-Copa-AMVI-IMG_0109-1.jpg\"><img loading=\"lazy\" decoding=\"async\" class=\"attachment-medium size-medium lazyloaded\" src=\"https:\/\/infonewss.com\/wp-content\/uploads\/2023\/08\/Francisco-Macedo-vence-Caldeirao-Grande-por-2-a-1-na-II-Copa-AMVI-IMG_0109-1-300x200.jpg\" sizes=\"(max-width: 300px) 100vw, 300px\" srcset=\"https:\/\/infonewss.com\/wp-content\/uploads\/2023\/08\/Francisco-Macedo-vence-Caldeirao-Grande-por-2-a-1-na-II-Copa-AMVI-IMG_0109-1-300x200.jpg 300w, https:\/\/infonewss.com\/wp-content\/uploads\/2023\/08\/Francisco-Macedo-vence-Caldeirao-Grande-por-2-a-1-na-II-Copa-AMVI-IMG_0109-1-768x512.jpg 768w, https:\/\/infonewss.com\/wp-content\/uploads\/2023\/08\/Francisco-Macedo-vence-Caldeirao-Grande-por-2-a-1-na-II-Copa-AMVI-IMG_0109-1-150x100.jpg 150w, https:\/\/infonewss.com\/wp-content\/uploads\/2023\/08\/Francisco-Macedo-vence-Caldeirao-Grande-por-2-a-1-na-II-Copa-AMVI-IMG_0109-1-696x464.jpg 696w, https:\/\/infonewss.com\/wp-content\/uploads\/2023\/08\/Francisco-Macedo-vence-Caldeirao-Grande-por-2-a-1-na-II-Copa-AMVI-IMG_0109-1.jpg 900w\" alt=\"\" width=\"300\" height=\"200\" data-srcset=\"https:\/\/infonewss.com\/wp-content\/uploads\/2023\/08\/Francisco-Macedo-vence-Caldeirao-Grande-por-2-a-1-na-II-Copa-AMVI-IMG_0109-1-300x200.jpg 300w, https:\/\/infonewss.com\/wp-content\/uploads\/2023\/08\/Francisco-Macedo-vence-Caldeirao-Grande-por-2-a-1-na-II-Copa-AMVI-IMG_0109-1-768x512.jpg 768w, https:\/\/infonewss.com\/wp-content\/uploads\/2023\/08\/Francisco-Macedo-vence-Caldeirao-Grande-por-2-a-1-na-II-Copa-AMVI-IMG_0109-1-150x100.jpg 150w, https:\/\/infonewss.com\/wp-content\/uploads\/2023\/08\/Francisco-Macedo-vence-Caldeirao-Grande-por-2-a-1-na-II-Copa-AMVI-IMG_0109-1-696x464.jpg 696w, https:\/\/infonewss.com\/wp-content\/uploads\/2023\/08\/Francisco-Macedo-vence-Caldeirao-Grande-por-2-a-1-na-II-Copa-AMVI-IMG_0109-1.jpg 900w\" data-src=\"https:\/\/infonewss.com\/wp-content\/uploads\/2023\/08\/Francisco-Macedo-vence-Caldeirao-Grande-por-2-a-1-na-II-Copa-AMVI-IMG_0109-1-300x200.jpg\" data-sizes=\"(max-width: 300px) 100vw, 300px\" \/><\/a><\/div>\n<\/figure>\n<figure class=\"gallery-item\">\n<div class=\"gallery-icon landscape\"><a href=\"https:\/\/infonewss.com\/wp-content\/uploads\/2023\/08\/Francisco-Macedo-vence-Caldeirao-Grande-por-2-a-1-na-II-Copa-AMVI-IMG_0110-1.jpg\"><img loading=\"lazy\" decoding=\"async\" class=\"attachment-medium size-medium lazyloaded\" src=\"https:\/\/infonewss.com\/wp-content\/uploads\/2023\/08\/Francisco-Macedo-vence-Caldeirao-Grande-por-2-a-1-na-II-Copa-AMVI-IMG_0110-1-300x200.jpg\" sizes=\"(max-width: 300px) 100vw, 300px\" srcset=\"https:\/\/infonewss.com\/wp-content\/uploads\/2023\/08\/Francisco-Macedo-vence-Caldeirao-Grande-por-2-a-1-na-II-Copa-AMVI-IMG_0110-1-300x200.jpg 300w, https:\/\/infonewss.com\/wp-content\/uploads\/2023\/08\/Francisco-Macedo-vence-Caldeirao-Grande-por-2-a-1-na-II-Copa-AMVI-IMG_0110-1-768x512.jpg 768w, https:\/\/infonewss.com\/wp-content\/uploads\/2023\/08\/Francisco-Macedo-vence-Caldeirao-Grande-por-2-a-1-na-II-Copa-AMVI-IMG_0110-1-150x100.jpg 150w, https:\/\/infonewss.com\/wp-content\/uploads\/2023\/08\/Francisco-Macedo-vence-Caldeirao-Grande-por-2-a-1-na-II-Copa-AMVI-IMG_0110-1-696x464.jpg 696w, https:\/\/infonewss.com\/wp-content\/uploads\/2023\/08\/Francisco-Macedo-vence-Caldeirao-Grande-por-2-a-1-na-II-Copa-AMVI-IMG_0110-1.jpg 900w\" alt=\"\" width=\"300\" height=\"200\" data-srcset=\"https:\/\/infonewss.com\/wp-content\/uploads\/2023\/08\/Francisco-Macedo-vence-Caldeirao-Grande-por-2-a-1-na-II-Copa-AMVI-IMG_0110-1-300x200.jpg 300w, https:\/\/infonewss.com\/wp-content\/uploads\/2023\/08\/Francisco-Macedo-vence-Caldeirao-Grande-por-2-a-1-na-II-Copa-AMVI-IMG_0110-1-768x512.jpg 768w, https:\/\/infonewss.com\/wp-content\/uploads\/2023\/08\/Francisco-Macedo-vence-Caldeirao-Grande-por-2-a-1-na-II-Copa-AMVI-IMG_0110-1-150x100.jpg 150w, https:\/\/infonewss.com\/wp-content\/uploads\/2023\/08\/Francisco-Macedo-vence-Caldeirao-Grande-por-2-a-1-na-II-Copa-AMVI-IMG_0110-1-696x464.jpg 696w, https:\/\/infonewss.com\/wp-content\/uploads\/2023\/08\/Francisco-Macedo-vence-Caldeirao-Grande-por-2-a-1-na-II-Copa-AMVI-IMG_0110-1.jpg 900w\" data-src=\"https:\/\/infonewss.com\/wp-content\/uploads\/2023\/08\/Francisco-Macedo-vence-Caldeirao-Grande-por-2-a-1-na-II-Copa-AMVI-IMG_0110-1-300x200.jpg\" data-sizes=\"(max-width: 300px) 100vw, 300px\" \/><\/a><\/div>\n<\/figure>\n<figure class=\"gallery-item\">\n<div class=\"gallery-icon landscape\"><a href=\"https:\/\/infonewss.com\/wp-content\/uploads\/2023\/08\/Francisco-Macedo-vence-Caldeirao-Grande-por-2-a-1-na-II-Copa-AMVI-IMG_0111-1.jpg\"><img loading=\"lazy\" decoding=\"async\" class=\"attachment-medium size-medium lazyloaded\" src=\"https:\/\/infonewss.com\/wp-content\/uploads\/2023\/08\/Francisco-Macedo-vence-Caldeirao-Grande-por-2-a-1-na-II-Copa-AMVI-IMG_0111-1-300x200.jpg\" sizes=\"(max-width: 300px) 100vw, 300px\" srcset=\"https:\/\/infonewss.com\/wp-content\/uploads\/2023\/08\/Francisco-Macedo-vence-Caldeirao-Grande-por-2-a-1-na-II-Copa-AMVI-IMG_0111-1-300x200.jpg 300w, https:\/\/infonewss.com\/wp-content\/uploads\/2023\/08\/Francisco-Macedo-vence-Caldeirao-Grande-por-2-a-1-na-II-Copa-AMVI-IMG_0111-1-768x512.jpg 768w, https:\/\/infonewss.com\/wp-content\/uploads\/2023\/08\/Francisco-Macedo-vence-Caldeirao-Grande-por-2-a-1-na-II-Copa-AMVI-IMG_0111-1-150x100.jpg 150w, https:\/\/infonewss.com\/wp-content\/uploads\/2023\/08\/Francisco-Macedo-vence-Caldeirao-Grande-por-2-a-1-na-II-Copa-AMVI-IMG_0111-1-696x464.jpg 696w, https:\/\/infonewss.com\/wp-content\/uploads\/2023\/08\/Francisco-Macedo-vence-Caldeirao-Grande-por-2-a-1-na-II-Copa-AMVI-IMG_0111-1.jpg 900w\" alt=\"\" width=\"300\" height=\"200\" data-srcset=\"https:\/\/infonewss.com\/wp-content\/uploads\/2023\/08\/Francisco-Macedo-vence-Caldeirao-Grande-por-2-a-1-na-II-Copa-AMVI-IMG_0111-1-300x200.jpg 300w, https:\/\/infonewss.com\/wp-content\/uploads\/2023\/08\/Francisco-Macedo-vence-Caldeirao-Grande-por-2-a-1-na-II-Copa-AMVI-IMG_0111-1-768x512.jpg 768w, https:\/\/infonewss.com\/wp-content\/uploads\/2023\/08\/Francisco-Macedo-vence-Caldeirao-Grande-por-2-a-1-na-II-Copa-AMVI-IMG_0111-1-150x100.jpg 150w, https:\/\/infonewss.com\/wp-content\/uploads\/2023\/08\/Francisco-Macedo-vence-Caldeirao-Grande-por-2-a-1-na-II-Copa-AMVI-IMG_0111-1-696x464.jpg 696w, https:\/\/infonewss.com\/wp-content\/uploads\/2023\/08\/Francisco-Macedo-vence-Caldeirao-Grande-por-2-a-1-na-II-Copa-AMVI-IMG_0111-1.jpg 900w\" data-src=\"https:\/\/infonewss.com\/wp-content\/uploads\/2023\/08\/Francisco-Macedo-vence-Caldeirao-Grande-por-2-a-1-na-II-Copa-AMVI-IMG_0111-1-300x200.jpg\" data-sizes=\"(max-width: 300px) 100vw, 300px\" \/><\/a><\/div>\n<\/figure>\n<figure class=\"gallery-item\">\n<div class=\"gallery-icon landscape\"><a href=\"https:\/\/infonewss.com\/wp-content\/uploads\/2023\/08\/Francisco-Macedo-vence-Caldeirao-Grande-por-2-a-1-na-II-Copa-AMVI-IMG_0113-1.jpg\"><img loading=\"lazy\" decoding=\"async\" class=\"attachment-medium size-medium lazyloaded\" src=\"https:\/\/infonewss.com\/wp-content\/uploads\/2023\/08\/Francisco-Macedo-vence-Caldeirao-Grande-por-2-a-1-na-II-Copa-AMVI-IMG_0113-1-300x200.jpg\" sizes=\"(max-width: 300px) 100vw, 300px\" srcset=\"https:\/\/infonewss.com\/wp-content\/uploads\/2023\/08\/Francisco-Macedo-vence-Caldeirao-Grande-por-2-a-1-na-II-Copa-AMVI-IMG_0113-1-300x200.jpg 300w, https:\/\/infonewss.com\/wp-content\/uploads\/2023\/08\/Francisco-Macedo-vence-Caldeirao-Grande-por-2-a-1-na-II-Copa-AMVI-IMG_0113-1-768x512.jpg 768w, https:\/\/infonewss.com\/wp-content\/uploads\/2023\/08\/Francisco-Macedo-vence-Caldeirao-Grande-por-2-a-1-na-II-Copa-AMVI-IMG_0113-1-150x100.jpg 150w, https:\/\/infonewss.com\/wp-content\/uploads\/2023\/08\/Francisco-Macedo-vence-Caldeirao-Grande-por-2-a-1-na-II-Copa-AMVI-IMG_0113-1-696x464.jpg 696w, https:\/\/infonewss.com\/wp-content\/uploads\/2023\/08\/Francisco-Macedo-vence-Caldeirao-Grande-por-2-a-1-na-II-Copa-AMVI-IMG_0113-1.jpg 900w\" alt=\"\" width=\"300\" height=\"200\" data-srcset=\"https:\/\/infonewss.com\/wp-content\/uploads\/2023\/08\/Francisco-Macedo-vence-Caldeirao-Grande-por-2-a-1-na-II-Copa-AMVI-IMG_0113-1-300x200.jpg 300w, https:\/\/infonewss.com\/wp-content\/uploads\/2023\/08\/Francisco-Macedo-vence-Caldeirao-Grande-por-2-a-1-na-II-Copa-AMVI-IMG_0113-1-768x512.jpg 768w, https:\/\/infonewss.com\/wp-content\/uploads\/2023\/08\/Francisco-Macedo-vence-Caldeirao-Grande-por-2-a-1-na-II-Copa-AMVI-IMG_0113-1-150x100.jpg 150w, https:\/\/infonewss.com\/wp-content\/uploads\/2023\/08\/Francisco-Macedo-vence-Caldeirao-Grande-por-2-a-1-na-II-Copa-AMVI-IMG_0113-1-696x464.jpg 696w, https:\/\/infonewss.com\/wp-content\/uploads\/2023\/08\/Francisco-Macedo-vence-Caldeirao-Grande-por-2-a-1-na-II-Copa-AMVI-IMG_0113-1.jpg 900w\" data-src=\"https:\/\/infonewss.com\/wp-content\/uploads\/2023\/08\/Francisco-Macedo-vence-Caldeirao-Grande-por-2-a-1-na-II-Copa-AMVI-IMG_0113-1-300x200.jpg\" data-sizes=\"(max-width: 300px) 100vw, 300px\" \/><\/a><\/div>\n<\/figure>\n<figure class=\"gallery-item\">\n<div class=\"gallery-icon portrait\"><a href=\"https:\/\/infonewss.com\/wp-content\/uploads\/2023\/08\/Francisco-Macedo-vence-Caldeirao-Grande-por-2-a-1-na-II-Copa-AMVI-IMG_0118-1.jpg\"><img loading=\"lazy\" decoding=\"async\" class=\"attachment-medium size-medium lazyloaded\" src=\"https:\/\/infonewss.com\/wp-content\/uploads\/2023\/08\/Francisco-Macedo-vence-Caldeirao-Grande-por-2-a-1-na-II-Copa-AMVI-IMG_0118-1-200x300.jpg\" sizes=\"(max-width: 200px) 100vw, 200px\" srcset=\"https:\/\/infonewss.com\/wp-content\/uploads\/2023\/08\/Francisco-Macedo-vence-Caldeirao-Grande-por-2-a-1-na-II-Copa-AMVI-IMG_0118-1-200x300.jpg 200w, https:\/\/infonewss.com\/wp-content\/uploads\/2023\/08\/Francisco-Macedo-vence-Caldeirao-Grande-por-2-a-1-na-II-Copa-AMVI-IMG_0118-1-683x1024.jpg 683w, https:\/\/infonewss.com\/wp-content\/uploads\/2023\/08\/Francisco-Macedo-vence-Caldeirao-Grande-por-2-a-1-na-II-Copa-AMVI-IMG_0118-1-768x1152.jpg 768w, https:\/\/infonewss.com\/wp-content\/uploads\/2023\/08\/Francisco-Macedo-vence-Caldeirao-Grande-por-2-a-1-na-II-Copa-AMVI-IMG_0118-1-150x225.jpg 150w, https:\/\/infonewss.com\/wp-content\/uploads\/2023\/08\/Francisco-Macedo-vence-Caldeirao-Grande-por-2-a-1-na-II-Copa-AMVI-IMG_0118-1-300x450.jpg 300w, https:\/\/infonewss.com\/wp-content\/uploads\/2023\/08\/Francisco-Macedo-vence-Caldeirao-Grande-por-2-a-1-na-II-Copa-AMVI-IMG_0118-1-696x1044.jpg 696w, https:\/\/infonewss.com\/wp-content\/uploads\/2023\/08\/Francisco-Macedo-vence-Caldeirao-Grande-por-2-a-1-na-II-Copa-AMVI-IMG_0118-1.jpg 900w\" alt=\"\" width=\"200\" height=\"300\" data-srcset=\"https:\/\/infonewss.com\/wp-content\/uploads\/2023\/08\/Francisco-Macedo-vence-Caldeirao-Grande-por-2-a-1-na-II-Copa-AMVI-IMG_0118-1-200x300.jpg 200w, https:\/\/infonewss.com\/wp-content\/uploads\/2023\/08\/Francisco-Macedo-vence-Caldeirao-Grande-por-2-a-1-na-II-Copa-AMVI-IMG_0118-1-683x1024.jpg 683w, https:\/\/infonewss.com\/wp-content\/uploads\/2023\/08\/Francisco-Macedo-vence-Caldeirao-Grande-por-2-a-1-na-II-Copa-AMVI-IMG_0118-1-768x1152.jpg 768w, https:\/\/infonewss.com\/wp-content\/uploads\/2023\/08\/Francisco-Macedo-vence-Caldeirao-Grande-por-2-a-1-na-II-Copa-AMVI-IMG_0118-1-150x225.jpg 150w, https:\/\/infonewss.com\/wp-content\/uploads\/2023\/08\/Francisco-Macedo-vence-Caldeirao-Grande-por-2-a-1-na-II-Copa-AMVI-IMG_0118-1-300x450.jpg 300w, https:\/\/infonewss.com\/wp-content\/uploads\/2023\/08\/Francisco-Macedo-vence-Caldeirao-Grande-por-2-a-1-na-II-Copa-AMVI-IMG_0118-1-696x1044.jpg 696w, https:\/\/infonewss.com\/wp-content\/uploads\/2023\/08\/Francisco-Macedo-vence-Caldeirao-Grande-por-2-a-1-na-II-Copa-AMVI-IMG_0118-1.jpg 900w\" data-src=\"https:\/\/infonewss.com\/wp-content\/uploads\/2023\/08\/Francisco-Macedo-vence-Caldeirao-Grande-por-2-a-1-na-II-Copa-AMVI-IMG_0118-1-200x300.jpg\" data-sizes=\"(max-width: 200px) 100vw, 200px\" \/><\/a><\/div>\n<\/figure>\n<figure class=\"gallery-item\">\n<div class=\"gallery-icon portrait\"><a href=\"https:\/\/infonewss.com\/wp-content\/uploads\/2023\/08\/Francisco-Macedo-vence-Caldeirao-Grande-por-2-a-1-na-II-Copa-AMVI-IMG_0119-1.jpg\"><img loading=\"lazy\" decoding=\"async\" class=\"attachment-medium size-medium lazyloaded\" src=\"https:\/\/infonewss.com\/wp-content\/uploads\/2023\/08\/Francisco-Macedo-vence-Caldeirao-Grande-por-2-a-1-na-II-Copa-AMVI-IMG_0119-1-200x300.jpg\" sizes=\"(max-width: 200px) 100vw, 200px\" srcset=\"https:\/\/infonewss.com\/wp-content\/uploads\/2023\/08\/Francisco-Macedo-vence-Caldeirao-Grande-por-2-a-1-na-II-Copa-AMVI-IMG_0119-1-200x300.jpg 200w, https:\/\/infonewss.com\/wp-content\/uploads\/2023\/08\/Francisco-Macedo-vence-Caldeirao-Grande-por-2-a-1-na-II-Copa-AMVI-IMG_0119-1-683x1024.jpg 683w, https:\/\/infonewss.com\/wp-content\/uploads\/2023\/08\/Francisco-Macedo-vence-Caldeirao-Grande-por-2-a-1-na-II-Copa-AMVI-IMG_0119-1-768x1152.jpg 768w, https:\/\/infonewss.com\/wp-content\/uploads\/2023\/08\/Francisco-Macedo-vence-Caldeirao-Grande-por-2-a-1-na-II-Copa-AMVI-IMG_0119-1-150x225.jpg 150w, https:\/\/infonewss.com\/wp-content\/uploads\/2023\/08\/Francisco-Macedo-vence-Caldeirao-Grande-por-2-a-1-na-II-Copa-AMVI-IMG_0119-1-300x450.jpg 300w, https:\/\/infonewss.com\/wp-content\/uploads\/2023\/08\/Francisco-Macedo-vence-Caldeirao-Grande-por-2-a-1-na-II-Copa-AMVI-IMG_0119-1-696x1044.jpg 696w, https:\/\/infonewss.com\/wp-content\/uploads\/2023\/08\/Francisco-Macedo-vence-Caldeirao-Grande-por-2-a-1-na-II-Copa-AMVI-IMG_0119-1.jpg 900w\" alt=\"\" width=\"200\" height=\"300\" data-srcset=\"https:\/\/infonewss.com\/wp-content\/uploads\/2023\/08\/Francisco-Macedo-vence-Caldeirao-Grande-por-2-a-1-na-II-Copa-AMVI-IMG_0119-1-200x300.jpg 200w, https:\/\/infonewss.com\/wp-content\/uploads\/2023\/08\/Francisco-Macedo-vence-Caldeirao-Grande-por-2-a-1-na-II-Copa-AMVI-IMG_0119-1-683x1024.jpg 683w, https:\/\/infonewss.com\/wp-content\/uploads\/2023\/08\/Francisco-Macedo-vence-Caldeirao-Grande-por-2-a-1-na-II-Copa-AMVI-IMG_0119-1-768x1152.jpg 768w, https:\/\/infonewss.com\/wp-content\/uploads\/2023\/08\/Francisco-Macedo-vence-Caldeirao-Grande-por-2-a-1-na-II-Copa-AMVI-IMG_0119-1-150x225.jpg 150w, https:\/\/infonewss.com\/wp-content\/uploads\/2023\/08\/Francisco-Macedo-vence-Caldeirao-Grande-por-2-a-1-na-II-Copa-AMVI-IMG_0119-1-300x450.jpg 300w, https:\/\/infonewss.com\/wp-content\/uploads\/2023\/08\/Francisco-Macedo-vence-Caldeirao-Grande-por-2-a-1-na-II-Copa-AMVI-IMG_0119-1-696x1044.jpg 696w, https:\/\/infonewss.com\/wp-content\/uploads\/2023\/08\/Francisco-Macedo-vence-Caldeirao-Grande-por-2-a-1-na-II-Copa-AMVI-IMG_0119-1.jpg 900w\" data-src=\"https:\/\/infonewss.com\/wp-content\/uploads\/2023\/08\/Francisco-Macedo-vence-Caldeirao-Grande-por-2-a-1-na-II-Copa-AMVI-IMG_0119-1-200x300.jpg\" data-sizes=\"(max-width: 200px) 100vw, 200px\" \/><\/a><\/div>\n<\/figure>\n<figure class=\"gallery-item\">\n<div class=\"gallery-icon landscape\"><a href=\"https:\/\/infonewss.com\/wp-content\/uploads\/2023\/08\/Francisco-Macedo-vence-Caldeirao-Grande-por-2-a-1-na-II-Copa-AMVI-IMG_0122-1.jpg\"><img loading=\"lazy\" decoding=\"async\" class=\"attachment-medium size-medium lazyloaded\" src=\"https:\/\/infonewss.com\/wp-content\/uploads\/2023\/08\/Francisco-Macedo-vence-Caldeirao-Grande-por-2-a-1-na-II-Copa-AMVI-IMG_0122-1-300x200.jpg\" sizes=\"(max-width: 300px) 100vw, 300px\" srcset=\"https:\/\/infonewss.com\/wp-content\/uploads\/2023\/08\/Francisco-Macedo-vence-Caldeirao-Grande-por-2-a-1-na-II-Copa-AMVI-IMG_0122-1-300x200.jpg 300w, https:\/\/infonewss.com\/wp-content\/uploads\/2023\/08\/Francisco-Macedo-vence-Caldeirao-Grande-por-2-a-1-na-II-Copa-AMVI-IMG_0122-1-768x512.jpg 768w, https:\/\/infonewss.com\/wp-content\/uploads\/2023\/08\/Francisco-Macedo-vence-Caldeirao-Grande-por-2-a-1-na-II-Copa-AMVI-IMG_0122-1-150x100.jpg 150w, https:\/\/infonewss.com\/wp-content\/uploads\/2023\/08\/Francisco-Macedo-vence-Caldeirao-Grande-por-2-a-1-na-II-Copa-AMVI-IMG_0122-1-696x464.jpg 696w, https:\/\/infonewss.com\/wp-content\/uploads\/2023\/08\/Francisco-Macedo-vence-Caldeirao-Grande-por-2-a-1-na-II-Copa-AMVI-IMG_0122-1.jpg 900w\" alt=\"\" width=\"300\" height=\"200\" data-srcset=\"https:\/\/infonewss.com\/wp-content\/uploads\/2023\/08\/Francisco-Macedo-vence-Caldeirao-Grande-por-2-a-1-na-II-Copa-AMVI-IMG_0122-1-300x200.jpg 300w, https:\/\/infonewss.com\/wp-content\/uploads\/2023\/08\/Francisco-Macedo-vence-Caldeirao-Grande-por-2-a-1-na-II-Copa-AMVI-IMG_0122-1-768x512.jpg 768w, https:\/\/infonewss.com\/wp-content\/uploads\/2023\/08\/Francisco-Macedo-vence-Caldeirao-Grande-por-2-a-1-na-II-Copa-AMVI-IMG_0122-1-150x100.jpg 150w, https:\/\/infonewss.com\/wp-content\/uploads\/2023\/08\/Francisco-Macedo-vence-Caldeirao-Grande-por-2-a-1-na-II-Copa-AMVI-IMG_0122-1-696x464.jpg 696w, https:\/\/infonewss.com\/wp-content\/uploads\/2023\/08\/Francisco-Macedo-vence-Caldeirao-Grande-por-2-a-1-na-II-Copa-AMVI-IMG_0122-1.jpg 900w\" data-src=\"https:\/\/infonewss.com\/wp-content\/uploads\/2023\/08\/Francisco-Macedo-vence-Caldeirao-Grande-por-2-a-1-na-II-Copa-AMVI-IMG_0122-1-300x200.jpg\" data-sizes=\"(max-width: 300px) 100vw, 300px\" \/><\/a><\/div>\n<\/figure>\n<figure class=\"gallery-item\">\n<div class=\"gallery-icon landscape\"><a href=\"https:\/\/infonewss.com\/wp-content\/uploads\/2023\/08\/Francisco-Macedo-vence-Caldeirao-Grande-por-2-a-1-na-II-Copa-AMVI-IMG_0125-1.jpg\"><img loading=\"lazy\" decoding=\"async\" class=\"attachment-medium size-medium lazyloaded\" src=\"https:\/\/infonewss.com\/wp-content\/uploads\/2023\/08\/Francisco-Macedo-vence-Caldeirao-Grande-por-2-a-1-na-II-Copa-AMVI-IMG_0125-1-300x200.jpg\" sizes=\"(max-width: 300px) 100vw, 300px\" srcset=\"https:\/\/infonewss.com\/wp-content\/uploads\/2023\/08\/Francisco-Macedo-vence-Caldeirao-Grande-por-2-a-1-na-II-Copa-AMVI-IMG_0125-1-300x200.jpg 300w, https:\/\/infonewss.com\/wp-content\/uploads\/2023\/08\/Francisco-Macedo-vence-Caldeirao-Grande-por-2-a-1-na-II-Copa-AMVI-IMG_0125-1-768x512.jpg 768w, https:\/\/infonewss.com\/wp-content\/uploads\/2023\/08\/Francisco-Macedo-vence-Caldeirao-Grande-por-2-a-1-na-II-Copa-AMVI-IMG_0125-1-150x100.jpg 150w, https:\/\/infonewss.com\/wp-content\/uploads\/2023\/08\/Francisco-Macedo-vence-Caldeirao-Grande-por-2-a-1-na-II-Copa-AMVI-IMG_0125-1-696x464.jpg 696w, https:\/\/infonewss.com\/wp-content\/uploads\/2023\/08\/Francisco-Macedo-vence-Caldeirao-Grande-por-2-a-1-na-II-Copa-AMVI-IMG_0125-1.jpg 900w\" alt=\"\" width=\"300\" height=\"200\" data-srcset=\"https:\/\/infonewss.com\/wp-content\/uploads\/2023\/08\/Francisco-Macedo-vence-Caldeirao-Grande-por-2-a-1-na-II-Copa-AMVI-IMG_0125-1-300x200.jpg 300w, https:\/\/infonewss.com\/wp-content\/uploads\/2023\/08\/Francisco-Macedo-vence-Caldeirao-Grande-por-2-a-1-na-II-Copa-AMVI-IMG_0125-1-768x512.jpg 768w, https:\/\/infonewss.com\/wp-content\/uploads\/2023\/08\/Francisco-Macedo-vence-Caldeirao-Grande-por-2-a-1-na-II-Copa-AMVI-IMG_0125-1-150x100.jpg 150w, https:\/\/infonewss.com\/wp-content\/uploads\/2023\/08\/Francisco-Macedo-vence-Caldeirao-Grande-por-2-a-1-na-II-Copa-AMVI-IMG_0125-1-696x464.jpg 696w, https:\/\/infonewss.com\/wp-content\/uploads\/2023\/08\/Francisco-Macedo-vence-Caldeirao-Grande-por-2-a-1-na-II-Copa-AMVI-IMG_0125-1.jpg 900w\" data-src=\"https:\/\/infonewss.com\/wp-content\/uploads\/2023\/08\/Francisco-Macedo-vence-Caldeirao-Grande-por-2-a-1-na-II-Copa-AMVI-IMG_0125-1-300x200.jpg\" data-sizes=\"(max-width: 300px) 100vw, 300px\" \/><\/a><\/div>\n<\/figure>\n<\/div>\n<div class=\"addtoany_share_save_container addtoany_content addtoany_content_bottom\" style=\"text-align: justify;\">\n<div class=\"a2a_kit a2a_kit_size_32 addtoany_list\" data-a2a-url=\"https:\/\/infonewss.com\/francisco-macedo-vence-caldeirao-grande-por-2-a-1-na-ii-copa-amvi\/\" data-a2a-title=\"Francisco Macedo vence Caldeir\u00e3o Grande por 2 a 1 na II Copa AMVI\"><\/div>\n<\/div>\n<\/div>\n<\/div>\n<div class=\"vc_row_inner tdi_118  vc_row vc_inner wpb_row td-pb-row\" style=\"text-align: justify;\">\n<div class=\"vc_column_inner tdi_120  wpb_column vc_column_container tdc-inner-column td-pb-span12\">\n<div class=\"vc_column-inner\"><\/div>\n<\/div>\n<\/div>\n<div class=\"tdb-author-box td_block_wrap tdb_single_author_box tdi_124 tdb-content-vert-top td-pb-border-top td_block_template_1\" data-td-block-uid=\"tdi_124\">\n<div class=\"tdb-block-inner td-fix-index\">\n<div class=\"tdb-author-info\" style=\"text-align: justify;\">FONTE: PORTAL INFONEWSS<\/div>\n<\/div>\n<\/div>\n","protected":false},"excerpt":{"rendered":"<p>Na tarde ensolarada deste domingo, dia 13 de agosto, as emo\u00e7\u00f5es da II Copa AMVI tomaram conta do Est\u00e1dio Pedro Jo\u00e3o Delfino, onde a sele\u00e7\u00e3o de Francisco Macedo enfrentou a equipe de Caldeir\u00e3o Grande em um confronto eletrizante. Ambas as equipes buscavam a vit\u00f3ria para somar pontos na competi\u00e7\u00e3o, depois de terem sofrido derrotas em &hellip;<\/p>\n","protected":false},"author":2,"featured_media":48519,"comment_status":"open","ping_status":"open","sticky":false,"template":"","format":"standard","meta":{"content-type":"","rop_custom_images_group":[],"rop_custom_messages_group":[],"rop_publish_now":"initial","rop_publish_now_accounts":{"facebook_2648258775420054_1618374048415101":""},"rop_publish_now_history":[],"rop_publish_now_status":"pending","footnotes":"","_jetpack_memberships_contains_paid_content":false},"categories":[723,113,108,502,109],"tags":[14634,724,1006,14594,140],"yoast_head":"<!-- This site is optimized with the Yoast SEO plugin v22.3 - https:\/\/yoast.com\/wordpress\/plugins\/seo\/ -->\n<title>Francisco Macedo vence Caldeir\u00e3o Grande por 2 a 1 na II Copa AMVI - Portal NPM<\/title>\n<meta name=\"robots\" content=\"index, follow, max-snippet:-1, max-image-preview:large, max-video-preview:-1\" \/>\n<link rel=\"canonical\" href=\"https:\/\/portalnpm.com\/index.php\/2023\/08\/14\/francisco-macedo-vence-caldeirao-grande-por-2-a-1-na-ii-copa-amvi\/\" \/>\n<meta property=\"og:locale\" content=\"pt_BR\" \/>\n<meta property=\"og:type\" content=\"article\" \/>\n<meta property=\"og:title\" content=\"Francisco Macedo vence Caldeir\u00e3o Grande por 2 a 1 na II Copa AMVI - Portal NPM\" \/>\n<meta property=\"og:description\" content=\"Na tarde ensolarada deste domingo, dia 13 de agosto, as emo\u00e7\u00f5es da II Copa AMVI tomaram conta do Est\u00e1dio Pedro Jo\u00e3o Delfino, onde a sele\u00e7\u00e3o de Francisco Macedo enfrentou a equipe de Caldeir\u00e3o Grande em um confronto eletrizante. Ambas as equipes buscavam a vit\u00f3ria para somar pontos na competi\u00e7\u00e3o, depois de terem sofrido derrotas em &hellip;\" \/>\n<meta property=\"og:url\" content=\"https:\/\/portalnpm.com\/index.php\/2023\/08\/14\/francisco-macedo-vence-caldeirao-grande-por-2-a-1-na-ii-copa-amvi\/\" \/>\n<meta property=\"og:site_name\" content=\"Portal NPM\" \/>\n<meta property=\"article:published_time\" content=\"2023-08-14T15:29:06+00:00\" \/>\n<meta name=\"author\" content=\"Genival Barbosa\" \/>\n<meta name=\"twitter:card\" content=\"summary_large_image\" \/>\n<meta name=\"twitter:label1\" content=\"Escrito por\" \/>\n\t<meta name=\"twitter:data1\" content=\"Genival Barbosa\" \/>\n\t<meta name=\"twitter:label2\" content=\"Est. tempo de leitura\" \/>\n\t<meta name=\"twitter:data2\" content=\"52 minutos\" \/>\n<script type=\"application\/ld+json\" class=\"yoast-schema-graph\">{\"@context\":\"https:\/\/schema.org\",\"@graph\":[{\"@type\":\"WebPage\",\"@id\":\"https:\/\/portalnpm.com\/index.php\/2023\/08\/14\/francisco-macedo-vence-caldeirao-grande-por-2-a-1-na-ii-copa-amvi\/\",\"url\":\"https:\/\/portalnpm.com\/index.php\/2023\/08\/14\/francisco-macedo-vence-caldeirao-grande-por-2-a-1-na-ii-copa-amvi\/\",\"name\":\"Francisco Macedo vence Caldeir\u00e3o Grande por 2 a 1 na II Copa AMVI - Portal NPM\",\"isPartOf\":{\"@id\":\"https:\/\/portalnpm.com\/#website\"},\"primaryImageOfPage\":{\"@id\":\"https:\/\/portalnpm.com\/index.php\/2023\/08\/14\/francisco-macedo-vence-caldeirao-grande-por-2-a-1-na-ii-copa-amvi\/#primaryimage\"},\"image\":{\"@id\":\"https:\/\/portalnpm.com\/index.php\/2023\/08\/14\/francisco-macedo-vence-caldeirao-grande-por-2-a-1-na-ii-copa-amvi\/#primaryimage\"},\"thumbnailUrl\":\"\",\"datePublished\":\"2023-08-14T15:29:06+00:00\",\"dateModified\":\"2023-08-14T15:29:06+00:00\",\"author\":{\"@id\":\"https:\/\/portalnpm.com\/#\/schema\/person\/49313e563cfdefcc167f1ee4c017c294\"},\"breadcrumb\":{\"@id\":\"https:\/\/portalnpm.com\/index.php\/2023\/08\/14\/francisco-macedo-vence-caldeirao-grande-por-2-a-1-na-ii-copa-amvi\/#breadcrumb\"},\"inLanguage\":\"pt-BR\",\"potentialAction\":[{\"@type\":\"ReadAction\",\"target\":[\"https:\/\/portalnpm.com\/index.php\/2023\/08\/14\/francisco-macedo-vence-caldeirao-grande-por-2-a-1-na-ii-copa-amvi\/\"]}]},{\"@type\":\"ImageObject\",\"inLanguage\":\"pt-BR\",\"@id\":\"https:\/\/portalnpm.com\/index.php\/2023\/08\/14\/francisco-macedo-vence-caldeirao-grande-por-2-a-1-na-ii-copa-amvi\/#primaryimage\",\"url\":\"\",\"contentUrl\":\"\"},{\"@type\":\"BreadcrumbList\",\"@id\":\"https:\/\/portalnpm.com\/index.php\/2023\/08\/14\/francisco-macedo-vence-caldeirao-grande-por-2-a-1-na-ii-copa-amvi\/#breadcrumb\",\"itemListElement\":[{\"@type\":\"ListItem\",\"position\":1,\"name\":\"In\u00edcio\",\"item\":\"https:\/\/portalnpm.com\/\"},{\"@type\":\"ListItem\",\"position\":2,\"name\":\"Francisco Macedo vence Caldeir\u00e3o Grande por 2 a 1 na II Copa AMVI\"}]},{\"@type\":\"WebSite\",\"@id\":\"https:\/\/portalnpm.com\/#website\",\"url\":\"https:\/\/portalnpm.com\/\",\"name\":\"Portal NPM\",\"description\":\"Not\u00edcias em Primeira M\u00e3o\",\"potentialAction\":[{\"@type\":\"SearchAction\",\"target\":{\"@type\":\"EntryPoint\",\"urlTemplate\":\"https:\/\/portalnpm.com\/?s={search_term_string}\"},\"query-input\":\"required name=search_term_string\"}],\"inLanguage\":\"pt-BR\"},{\"@type\":\"Person\",\"@id\":\"https:\/\/portalnpm.com\/#\/schema\/person\/49313e563cfdefcc167f1ee4c017c294\",\"name\":\"Genival Barbosa\",\"image\":{\"@type\":\"ImageObject\",\"inLanguage\":\"pt-BR\",\"@id\":\"https:\/\/portalnpm.com\/#\/schema\/person\/image\/\",\"url\":\"https:\/\/portalnpm.com\/wp-content\/uploads\/2024\/02\/avatar_user_2_1707743258-96x96.jpeg\",\"contentUrl\":\"https:\/\/portalnpm.com\/wp-content\/uploads\/2024\/02\/avatar_user_2_1707743258-96x96.jpeg\",\"caption\":\"Genival Barbosa\"},\"url\":\"https:\/\/portalnpm.com\/index.php\/author\/genival\/\"}]}<\/script>\n<!-- \/ Yoast SEO plugin. -->","yoast_head_json":{"title":"Francisco Macedo vence Caldeir\u00e3o Grande por 2 a 1 na II Copa AMVI - Portal NPM","robots":{"index":"index","follow":"follow","max-snippet":"max-snippet:-1","max-image-preview":"max-image-preview:large","max-video-preview":"max-video-preview:-1"},"canonical":"https:\/\/portalnpm.com\/index.php\/2023\/08\/14\/francisco-macedo-vence-caldeirao-grande-por-2-a-1-na-ii-copa-amvi\/","og_locale":"pt_BR","og_type":"article","og_title":"Francisco Macedo vence Caldeir\u00e3o Grande por 2 a 1 na II Copa AMVI - Portal NPM","og_description":"Na tarde ensolarada deste domingo, dia 13 de agosto, as emo\u00e7\u00f5es da II Copa AMVI tomaram conta do Est\u00e1dio Pedro Jo\u00e3o Delfino, onde a sele\u00e7\u00e3o de Francisco Macedo enfrentou a equipe de Caldeir\u00e3o Grande em um confronto eletrizante. Ambas as equipes buscavam a vit\u00f3ria para somar pontos na competi\u00e7\u00e3o, depois de terem sofrido derrotas em &hellip;","og_url":"https:\/\/portalnpm.com\/index.php\/2023\/08\/14\/francisco-macedo-vence-caldeirao-grande-por-2-a-1-na-ii-copa-amvi\/","og_site_name":"Portal NPM","article_published_time":"2023-08-14T15:29:06+00:00","author":"Genival Barbosa","twitter_card":"summary_large_image","twitter_misc":{"Escrito por":"Genival Barbosa","Est. tempo de leitura":"52 minutos"},"schema":{"@context":"https:\/\/schema.org","@graph":[{"@type":"WebPage","@id":"https:\/\/portalnpm.com\/index.php\/2023\/08\/14\/francisco-macedo-vence-caldeirao-grande-por-2-a-1-na-ii-copa-amvi\/","url":"https:\/\/portalnpm.com\/index.php\/2023\/08\/14\/francisco-macedo-vence-caldeirao-grande-por-2-a-1-na-ii-copa-amvi\/","name":"Francisco Macedo vence Caldeir\u00e3o Grande por 2 a 1 na II Copa AMVI - Portal NPM","isPartOf":{"@id":"https:\/\/portalnpm.com\/#website"},"primaryImageOfPage":{"@id":"https:\/\/portalnpm.com\/index.php\/2023\/08\/14\/francisco-macedo-vence-caldeirao-grande-por-2-a-1-na-ii-copa-amvi\/#primaryimage"},"image":{"@id":"https:\/\/portalnpm.com\/index.php\/2023\/08\/14\/francisco-macedo-vence-caldeirao-grande-por-2-a-1-na-ii-copa-amvi\/#primaryimage"},"thumbnailUrl":"","datePublished":"2023-08-14T15:29:06+00:00","dateModified":"2023-08-14T15:29:06+00:00","author":{"@id":"https:\/\/portalnpm.com\/#\/schema\/person\/49313e563cfdefcc167f1ee4c017c294"},"breadcrumb":{"@id":"https:\/\/portalnpm.com\/index.php\/2023\/08\/14\/francisco-macedo-vence-caldeirao-grande-por-2-a-1-na-ii-copa-amvi\/#breadcrumb"},"inLanguage":"pt-BR","potentialAction":[{"@type":"ReadAction","target":["https:\/\/portalnpm.com\/index.php\/2023\/08\/14\/francisco-macedo-vence-caldeirao-grande-por-2-a-1-na-ii-copa-amvi\/"]}]},{"@type":"ImageObject","inLanguage":"pt-BR","@id":"https:\/\/portalnpm.com\/index.php\/2023\/08\/14\/francisco-macedo-vence-caldeirao-grande-por-2-a-1-na-ii-copa-amvi\/#primaryimage","url":"","contentUrl":""},{"@type":"BreadcrumbList","@id":"https:\/\/portalnpm.com\/index.php\/2023\/08\/14\/francisco-macedo-vence-caldeirao-grande-por-2-a-1-na-ii-copa-amvi\/#breadcrumb","itemListElement":[{"@type":"ListItem","position":1,"name":"In\u00edcio","item":"https:\/\/portalnpm.com\/"},{"@type":"ListItem","position":2,"name":"Francisco Macedo vence Caldeir\u00e3o Grande por 2 a 1 na II Copa AMVI"}]},{"@type":"WebSite","@id":"https:\/\/portalnpm.com\/#website","url":"https:\/\/portalnpm.com\/","name":"Portal NPM","description":"Not\u00edcias em Primeira M\u00e3o","potentialAction":[{"@type":"SearchAction","target":{"@type":"EntryPoint","urlTemplate":"https:\/\/portalnpm.com\/?s={search_term_string}"},"query-input":"required name=search_term_string"}],"inLanguage":"pt-BR"},{"@type":"Person","@id":"https:\/\/portalnpm.com\/#\/schema\/person\/49313e563cfdefcc167f1ee4c017c294","name":"Genival Barbosa","image":{"@type":"ImageObject","inLanguage":"pt-BR","@id":"https:\/\/portalnpm.com\/#\/schema\/person\/image\/","url":"https:\/\/portalnpm.com\/wp-content\/uploads\/2024\/02\/avatar_user_2_1707743258-96x96.jpeg","contentUrl":"https:\/\/portalnpm.com\/wp-content\/uploads\/2024\/02\/avatar_user_2_1707743258-96x96.jpeg","caption":"Genival Barbosa"},"url":"https:\/\/portalnpm.com\/index.php\/author\/genival\/"}]}},"jetpack_sharing_enabled":true,"jetpack_featured_media_url":"","_links":{"self":[{"href":"https:\/\/portalnpm.com\/index.php\/wp-json\/wp\/v2\/posts\/48518"}],"collection":[{"href":"https:\/\/portalnpm.com\/index.php\/wp-json\/wp\/v2\/posts"}],"about":[{"href":"https:\/\/portalnpm.com\/index.php\/wp-json\/wp\/v2\/types\/post"}],"author":[{"embeddable":true,"href":"https:\/\/portalnpm.com\/index.php\/wp-json\/wp\/v2\/users\/2"}],"replies":[{"embeddable":true,"href":"https:\/\/portalnpm.com\/index.php\/wp-json\/wp\/v2\/comments?post=48518"}],"version-history":[{"count":0,"href":"https:\/\/portalnpm.com\/index.php\/wp-json\/wp\/v2\/posts\/48518\/revisions"}],"wp:featuredmedia":[{"embeddable":true,"href":"https:\/\/portalnpm.com\/index.php\/wp-json\/"}],"wp:attachment":[{"href":"https:\/\/portalnpm.com\/index.php\/wp-json\/wp\/v2\/media?parent=48518"}],"wp:term":[{"taxonomy":"category","embeddable":true,"href":"https:\/\/portalnpm.com\/index.php\/wp-json\/wp\/v2\/categories?post=48518"},{"taxonomy":"post_tag","embeddable":true,"href":"https:\/\/portalnpm.com\/index.php\/wp-json\/wp\/v2\/tags?post=48518"}],"curies":[{"name":"wp","href":"https:\/\/api.w.org\/{rel}","templated":true}]}}