{"id":48521,"date":"2023-08-14T12:39:49","date_gmt":"2023-08-14T15:39:49","guid":{"rendered":"https:\/\/portalnpm.com\/?p=48521"},"modified":"2023-08-14T12:39:49","modified_gmt":"2023-08-14T15:39:49","slug":"com-o-placar-de-4-a-1-jacobina-vence-curral-novo-do-piaui-na-disputa-pela-copa-amvi-veja-fotos","status":"publish","type":"post","link":"https:\/\/portalnpm.com\/index.php\/2023\/08\/14\/com-o-placar-de-4-a-1-jacobina-vence-curral-novo-do-piaui-na-disputa-pela-copa-amvi-veja-fotos\/","title":{"rendered":"Com o placar de 4 a 1, Jacobina vence Curral Novo do Piau\u00ed na disputa pela Copa AMVI. Veja fotos!"},"content":{"rendered":"<div class=\"penci-entry-content entry-content\">\n<p>&nbsp;<\/p>\n<blockquote><p>Na tarde deste domingo (13), a Sele\u00e7\u00e3o de Jacobina do Piau\u00ed, goleou a Sele\u00e7\u00e3o de Curral Novo do Piau\u00ed, com o placar de 4\u00d71, na disputa pela Copa AMVI. O confronto aconteceu no Est\u00e1dio Municipal de Jacobina do Piau\u00ed e reuniu um grande n\u00famero de torcedores e pol\u00edticos do munic\u00edpio<\/p><\/blockquote>\n<p style=\"text-align: justify;\">\n<p style=\"text-align: justify;\">O jogo bem disputado, no in\u00edcio do primeiro tempo, a Sele\u00e7\u00e3o de Curral Novo teve tr\u00eas oportunidades de marcar gols, mas n\u00e3o teve \u00eaxito. J\u00e1 sele\u00e7\u00e3o de Jacobina aproveitou todas as oportunidades, marcando assim os 4 gols que garantiu a vit\u00f3ria em casa. Os gols foram marcados pelos jogadores Silas, Bolota, L\u00e9o e Ronivon. O gol da Sele\u00e7\u00e3o de Curral Novo foi marcado pelo jogador Rom\u00e1rio.<\/p>\n<div id=\"gallery-2\" class=\"gallery galleryid-395329 gallery-columns-1 gallery-size-full\" style=\"text-align: justify;\">\n<figure class=\"gallery-item\">\n<div class=\"gallery-icon landscape\"><a href=\"https:\/\/www.cidadesemfoco.com\/com-o-placar-de-4-a-1-jacobina-vence-curral-novo-do-piaui-na-disputa-pela-copa-amvi-veja-fotos\/dsc_0023-439\/\"><img fetchpriority=\"high\" decoding=\"async\" class=\"attachment-full size-full\" src=\"https:\/\/www.cidadesemfoco.com\/wp-content\/uploads\/2023\/08\/DSC_0023-7.jpg\" sizes=\"(max-width: 900px) 100vw, 900px\" srcset=\"https:\/\/www.cidadesemfoco.com\/wp-content\/uploads\/2023\/08\/DSC_0023-7.jpg 900w, https:\/\/www.cidadesemfoco.com\/wp-content\/uploads\/2023\/08\/DSC_0023-7-300x200.jpg 300w, https:\/\/www.cidadesemfoco.com\/wp-content\/uploads\/2023\/08\/DSC_0023-7-768x512.jpg 768w, https:\/\/www.cidadesemfoco.com\/wp-content\/uploads\/2023\/08\/DSC_0023-7-480x320.jpg 480w, https:\/\/www.cidadesemfoco.com\/wp-content\/uploads\/2023\/08\/DSC_0023-7-280x186.jpg 280w, https:\/\/www.cidadesemfoco.com\/wp-content\/uploads\/2023\/08\/DSC_0023-7-600x400.jpg 600w, https:\/\/www.cidadesemfoco.com\/wp-content\/uploads\/2023\/08\/DSC_0023-7-585x390.jpg 585w\" alt=\"\" width=\"900\" height=\"600\" \/><\/a><\/div>\n<\/figure>\n<\/div>\n<p style=\"text-align: justify;\">Prestigiando o jogo, o prefeito GD, falou da import\u00e2ncia que \u00e9 a Copa AMVI, uma vez que \u00e9 um evento que movimenta a economia dos munic\u00edpios que sediam essas disputas. \u201cFeliz por mais uma vez est\u00e1 recebendo a Copa AMVI, em todas as cidades que est\u00e1 acontecendo os jogos, a gente ver o grandioso tamanho dessa competi\u00e7\u00e3o, valorosa que \u00e9 para cada munic\u00edpio que est\u00e1 recebendo tanto na quest\u00e3o do esporte, quanto para a economia local, movimentando todos os munic\u00edpios que est\u00e1 tendo jogos nesse momento. E tamb\u00e9m ver a nossa sele\u00e7\u00e3o fazendo um bom jogo, e essa competi\u00e7\u00e3o s\u00f3 tem a crescer e a melhorar a nossa regi\u00e3o\u201d, disse o gestor.<\/p>\n<div id=\"gallery-3\" class=\"gallery galleryid-395329 gallery-columns-1 gallery-size-full\" style=\"text-align: justify;\">\n<figure class=\"gallery-item\">\n<div class=\"gallery-icon landscape\"><a href=\"https:\/\/www.cidadesemfoco.com\/com-o-placar-de-4-a-1-jacobina-vence-curral-novo-do-piaui-na-disputa-pela-copa-amvi-veja-fotos\/dsc_0025-393\/\"><img decoding=\"async\" class=\"attachment-full size-full\" src=\"https:\/\/www.cidadesemfoco.com\/wp-content\/uploads\/2023\/08\/DSC_0025-7.jpg\" sizes=\"(max-width: 900px) 100vw, 900px\" srcset=\"https:\/\/www.cidadesemfoco.com\/wp-content\/uploads\/2023\/08\/DSC_0025-7.jpg 900w, https:\/\/www.cidadesemfoco.com\/wp-content\/uploads\/2023\/08\/DSC_0025-7-300x200.jpg 300w, https:\/\/www.cidadesemfoco.com\/wp-content\/uploads\/2023\/08\/DSC_0025-7-768x512.jpg 768w, https:\/\/www.cidadesemfoco.com\/wp-content\/uploads\/2023\/08\/DSC_0025-7-480x320.jpg 480w, https:\/\/www.cidadesemfoco.com\/wp-content\/uploads\/2023\/08\/DSC_0025-7-280x186.jpg 280w, https:\/\/www.cidadesemfoco.com\/wp-content\/uploads\/2023\/08\/DSC_0025-7-600x400.jpg 600w, https:\/\/www.cidadesemfoco.com\/wp-content\/uploads\/2023\/08\/DSC_0025-7-585x390.jpg 585w\" alt=\"\" width=\"900\" height=\"600\" \/><\/a><\/div>\n<\/figure>\n<\/div>\n<p style=\"text-align: justify;\">Tamb\u00e9m presente \u00e0 ocasi\u00e3o, a primeira-dama de Curral Novo do Piau\u00ed, Maria Aparecida, falou em nome do prefeito, que \u00e9 muito importante incentivar essas pr\u00e1ticas de esportes nos mun\u00edcipios. \u201c\u00c9 de suma import\u00e2ncia ver a nossa sele\u00e7\u00e3o pela primeira vez nesse campeonato, juntamente com o nosso gestor J\u00fanior de Abel apoiando, como amante do futebol, onde ele deseja desde sempre ver a sele\u00e7\u00e3o de Curral Novo conquistar o t\u00edtulo, mas s\u00f3 de estar participando dessa copa importante nos d\u00e1 uma certeza de que daqui para frente possamos chegar mais longe\u201d, pontuou.<\/p>\n<div id=\"gallery-4\" class=\"gallery galleryid-395329 gallery-columns-3 gallery-size-full\" style=\"text-align: justify;\">\n<figure class=\"gallery-item\">\n<div class=\"gallery-icon landscape\"><a href=\"https:\/\/www.cidadesemfoco.com\/com-o-placar-de-4-a-1-jacobina-vence-curral-novo-do-piaui-na-disputa-pela-copa-amvi-veja-fotos\/img_5752-3\/\"><img decoding=\"async\" class=\"attachment-full size-full\" src=\"https:\/\/www.cidadesemfoco.com\/wp-content\/uploads\/2023\/08\/IMG_5752.jpg\" sizes=\"(max-width: 900px) 100vw, 900px\" srcset=\"https:\/\/www.cidadesemfoco.com\/wp-content\/uploads\/2023\/08\/IMG_5752.jpg 900w, https:\/\/www.cidadesemfoco.com\/wp-content\/uploads\/2023\/08\/IMG_5752-300x200.jpg 300w, https:\/\/www.cidadesemfoco.com\/wp-content\/uploads\/2023\/08\/IMG_5752-768x512.jpg 768w, https:\/\/www.cidadesemfoco.com\/wp-content\/uploads\/2023\/08\/IMG_5752-480x320.jpg 480w, https:\/\/www.cidadesemfoco.com\/wp-content\/uploads\/2023\/08\/IMG_5752-280x186.jpg 280w, https:\/\/www.cidadesemfoco.com\/wp-content\/uploads\/2023\/08\/IMG_5752-600x400.jpg 600w, https:\/\/www.cidadesemfoco.com\/wp-content\/uploads\/2023\/08\/IMG_5752-585x390.jpg 585w\" alt=\"\" width=\"900\" height=\"600\" \/><\/a><\/div>\n<\/figure>\n<figure class=\"gallery-item\">\n<div class=\"gallery-icon landscape\"><a href=\"https:\/\/www.cidadesemfoco.com\/com-o-placar-de-4-a-1-jacobina-vence-curral-novo-do-piaui-na-disputa-pela-copa-amvi-veja-fotos\/img_5754-3\/\"><img loading=\"lazy\" decoding=\"async\" class=\"attachment-full size-full\" src=\"https:\/\/www.cidadesemfoco.com\/wp-content\/uploads\/2023\/08\/IMG_5754.jpg\" sizes=\"(max-width: 900px) 100vw, 900px\" srcset=\"https:\/\/www.cidadesemfoco.com\/wp-content\/uploads\/2023\/08\/IMG_5754.jpg 900w, https:\/\/www.cidadesemfoco.com\/wp-content\/uploads\/2023\/08\/IMG_5754-300x200.jpg 300w, https:\/\/www.cidadesemfoco.com\/wp-content\/uploads\/2023\/08\/IMG_5754-768x512.jpg 768w, https:\/\/www.cidadesemfoco.com\/wp-content\/uploads\/2023\/08\/IMG_5754-480x320.jpg 480w, https:\/\/www.cidadesemfoco.com\/wp-content\/uploads\/2023\/08\/IMG_5754-280x186.jpg 280w, https:\/\/www.cidadesemfoco.com\/wp-content\/uploads\/2023\/08\/IMG_5754-600x400.jpg 600w, https:\/\/www.cidadesemfoco.com\/wp-content\/uploads\/2023\/08\/IMG_5754-585x390.jpg 585w\" alt=\"\" width=\"900\" height=\"600\" \/><\/a><\/div>\n<\/figure>\n<figure class=\"gallery-item\">\n<div class=\"gallery-icon landscape\"><a href=\"https:\/\/www.cidadesemfoco.com\/com-o-placar-de-4-a-1-jacobina-vence-curral-novo-do-piaui-na-disputa-pela-copa-amvi-veja-fotos\/img_5750-2\/\"><img loading=\"lazy\" decoding=\"async\" class=\"attachment-full size-full\" src=\"https:\/\/www.cidadesemfoco.com\/wp-content\/uploads\/2023\/08\/IMG_5750.jpg\" sizes=\"(max-width: 900px) 100vw, 900px\" srcset=\"https:\/\/www.cidadesemfoco.com\/wp-content\/uploads\/2023\/08\/IMG_5750.jpg 900w, https:\/\/www.cidadesemfoco.com\/wp-content\/uploads\/2023\/08\/IMG_5750-300x200.jpg 300w, https:\/\/www.cidadesemfoco.com\/wp-content\/uploads\/2023\/08\/IMG_5750-768x512.jpg 768w, https:\/\/www.cidadesemfoco.com\/wp-content\/uploads\/2023\/08\/IMG_5750-480x320.jpg 480w, https:\/\/www.cidadesemfoco.com\/wp-content\/uploads\/2023\/08\/IMG_5750-280x186.jpg 280w, https:\/\/www.cidadesemfoco.com\/wp-content\/uploads\/2023\/08\/IMG_5750-600x400.jpg 600w, https:\/\/www.cidadesemfoco.com\/wp-content\/uploads\/2023\/08\/IMG_5750-585x390.jpg 585w\" alt=\"\" width=\"900\" height=\"600\" \/><\/a><\/div>\n<\/figure>\n<\/div>\n<p style=\"text-align: justify;\">Com o resultado, a sele\u00e7\u00e3o de Jacobina do Piau\u00ed somou seus tr\u00eas primeiros pontos na competi\u00e7\u00e3o. Enquanto a sele\u00e7\u00e3o de Curral Novo do Piau\u00ed segue sem pontuar no maior Campeonato de Futebol Amador do Interior do Piau\u00ed. O jogo foi prestigiado pelo prefeito GD que atualmente presidente a AMVI, al\u00e9m dele, marcou presen\u00e7a o vice-prefeito de Jacobina, Vanderlei Carvalho, vereadores, secret\u00e1rios municipais e a primeira dama de Curral Novo, Cidinha Oliveira.<\/p>\n<div id=\"gallery-5\" class=\"gallery galleryid-395329 gallery-columns-1 gallery-size-full\" style=\"text-align: justify;\">\n<figure class=\"gallery-item\">\n<div class=\"gallery-icon landscape\"><a href=\"https:\/\/www.cidadesemfoco.com\/com-o-placar-de-4-a-1-jacobina-vence-curral-novo-do-piaui-na-disputa-pela-copa-amvi-veja-fotos\/dsc_0020-423\/\"><img loading=\"lazy\" decoding=\"async\" class=\"attachment-full size-full\" src=\"https:\/\/www.cidadesemfoco.com\/wp-content\/uploads\/2023\/08\/DSC_0020-6.jpg\" sizes=\"(max-width: 900px) 100vw, 900px\" srcset=\"https:\/\/www.cidadesemfoco.com\/wp-content\/uploads\/2023\/08\/DSC_0020-6.jpg 900w, https:\/\/www.cidadesemfoco.com\/wp-content\/uploads\/2023\/08\/DSC_0020-6-300x200.jpg 300w, https:\/\/www.cidadesemfoco.com\/wp-content\/uploads\/2023\/08\/DSC_0020-6-768x512.jpg 768w, https:\/\/www.cidadesemfoco.com\/wp-content\/uploads\/2023\/08\/DSC_0020-6-480x320.jpg 480w, https:\/\/www.cidadesemfoco.com\/wp-content\/uploads\/2023\/08\/DSC_0020-6-280x186.jpg 280w, https:\/\/www.cidadesemfoco.com\/wp-content\/uploads\/2023\/08\/DSC_0020-6-600x400.jpg 600w, https:\/\/www.cidadesemfoco.com\/wp-content\/uploads\/2023\/08\/DSC_0020-6-585x390.jpg 585w\" alt=\"\" width=\"900\" height=\"600\" \/><\/a><\/div>\n<\/figure>\n<figure class=\"gallery-item\">\n<div class=\"gallery-icon landscape\"><a href=\"https:\/\/www.cidadesemfoco.com\/com-o-placar-de-4-a-1-jacobina-vence-curral-novo-do-piaui-na-disputa-pela-copa-amvi-veja-fotos\/dsc_0005-472\/\"><img loading=\"lazy\" decoding=\"async\" class=\"attachment-full size-full\" src=\"https:\/\/www.cidadesemfoco.com\/wp-content\/uploads\/2023\/08\/DSC_0005-10.jpg\" sizes=\"(max-width: 900px) 100vw, 900px\" srcset=\"https:\/\/www.cidadesemfoco.com\/wp-content\/uploads\/2023\/08\/DSC_0005-10.jpg 900w, https:\/\/www.cidadesemfoco.com\/wp-content\/uploads\/2023\/08\/DSC_0005-10-300x200.jpg 300w, https:\/\/www.cidadesemfoco.com\/wp-content\/uploads\/2023\/08\/DSC_0005-10-768x512.jpg 768w, https:\/\/www.cidadesemfoco.com\/wp-content\/uploads\/2023\/08\/DSC_0005-10-480x320.jpg 480w, https:\/\/www.cidadesemfoco.com\/wp-content\/uploads\/2023\/08\/DSC_0005-10-280x186.jpg 280w, https:\/\/www.cidadesemfoco.com\/wp-content\/uploads\/2023\/08\/DSC_0005-10-600x400.jpg 600w, https:\/\/www.cidadesemfoco.com\/wp-content\/uploads\/2023\/08\/DSC_0005-10-585x390.jpg 585w\" alt=\"\" width=\"900\" height=\"600\" \/><\/a><\/div>\n<\/figure>\n<figure class=\"gallery-item\">\n<div class=\"gallery-icon landscape\"><a href=\"https:\/\/www.cidadesemfoco.com\/com-o-placar-de-4-a-1-jacobina-vence-curral-novo-do-piaui-na-disputa-pela-copa-amvi-veja-fotos\/dsc_0006-481\/\"><img loading=\"lazy\" decoding=\"async\" class=\"attachment-full size-full\" src=\"https:\/\/www.cidadesemfoco.com\/wp-content\/uploads\/2023\/08\/DSC_0006-9.jpg\" sizes=\"(max-width: 900px) 100vw, 900px\" srcset=\"https:\/\/www.cidadesemfoco.com\/wp-content\/uploads\/2023\/08\/DSC_0006-9.jpg 900w, https:\/\/www.cidadesemfoco.com\/wp-content\/uploads\/2023\/08\/DSC_0006-9-300x200.jpg 300w, https:\/\/www.cidadesemfoco.com\/wp-content\/uploads\/2023\/08\/DSC_0006-9-768x512.jpg 768w, https:\/\/www.cidadesemfoco.com\/wp-content\/uploads\/2023\/08\/DSC_0006-9-480x320.jpg 480w, https:\/\/www.cidadesemfoco.com\/wp-content\/uploads\/2023\/08\/DSC_0006-9-280x186.jpg 280w, https:\/\/www.cidadesemfoco.com\/wp-content\/uploads\/2023\/08\/DSC_0006-9-600x400.jpg 600w, https:\/\/www.cidadesemfoco.com\/wp-content\/uploads\/2023\/08\/DSC_0006-9-585x390.jpg 585w\" alt=\"\" width=\"900\" height=\"600\" \/><\/a><\/div>\n<\/figure>\n<figure class=\"gallery-item\">\n<div class=\"gallery-icon landscape\"><a href=\"https:\/\/www.cidadesemfoco.com\/com-o-placar-de-4-a-1-jacobina-vence-curral-novo-do-piaui-na-disputa-pela-copa-amvi-veja-fotos\/dsc_0008-487\/\"><img loading=\"lazy\" decoding=\"async\" class=\"attachment-full size-full\" src=\"https:\/\/www.cidadesemfoco.com\/wp-content\/uploads\/2023\/08\/DSC_0008-6.jpg\" sizes=\"(max-width: 900px) 100vw, 900px\" srcset=\"https:\/\/www.cidadesemfoco.com\/wp-content\/uploads\/2023\/08\/DSC_0008-6.jpg 900w, https:\/\/www.cidadesemfoco.com\/wp-content\/uploads\/2023\/08\/DSC_0008-6-300x200.jpg 300w, https:\/\/www.cidadesemfoco.com\/wp-content\/uploads\/2023\/08\/DSC_0008-6-768x512.jpg 768w, https:\/\/www.cidadesemfoco.com\/wp-content\/uploads\/2023\/08\/DSC_0008-6-480x320.jpg 480w, https:\/\/www.cidadesemfoco.com\/wp-content\/uploads\/2023\/08\/DSC_0008-6-280x186.jpg 280w, https:\/\/www.cidadesemfoco.com\/wp-content\/uploads\/2023\/08\/DSC_0008-6-600x400.jpg 600w, https:\/\/www.cidadesemfoco.com\/wp-content\/uploads\/2023\/08\/DSC_0008-6-585x390.jpg 585w\" alt=\"\" width=\"900\" height=\"600\" \/><\/a><\/div>\n<\/figure>\n<figure class=\"gallery-item\">\n<div class=\"gallery-icon landscape\"><a href=\"https:\/\/www.cidadesemfoco.com\/com-o-placar-de-4-a-1-jacobina-vence-curral-novo-do-piaui-na-disputa-pela-copa-amvi-veja-fotos\/dsc_0010-466\/\"><img loading=\"lazy\" decoding=\"async\" class=\"attachment-full size-full\" src=\"https:\/\/www.cidadesemfoco.com\/wp-content\/uploads\/2023\/08\/DSC_0010-6.jpg\" sizes=\"(max-width: 900px) 100vw, 900px\" srcset=\"https:\/\/www.cidadesemfoco.com\/wp-content\/uploads\/2023\/08\/DSC_0010-6.jpg 900w, https:\/\/www.cidadesemfoco.com\/wp-content\/uploads\/2023\/08\/DSC_0010-6-300x200.jpg 300w, https:\/\/www.cidadesemfoco.com\/wp-content\/uploads\/2023\/08\/DSC_0010-6-768x512.jpg 768w, https:\/\/www.cidadesemfoco.com\/wp-content\/uploads\/2023\/08\/DSC_0010-6-480x320.jpg 480w, https:\/\/www.cidadesemfoco.com\/wp-content\/uploads\/2023\/08\/DSC_0010-6-280x186.jpg 280w, https:\/\/www.cidadesemfoco.com\/wp-content\/uploads\/2023\/08\/DSC_0010-6-600x400.jpg 600w, https:\/\/www.cidadesemfoco.com\/wp-content\/uploads\/2023\/08\/DSC_0010-6-585x390.jpg 585w\" alt=\"\" width=\"900\" height=\"600\" \/><\/a><\/div>\n<\/figure>\n<figure class=\"gallery-item\">\n<div class=\"gallery-icon landscape\"><a href=\"https:\/\/www.cidadesemfoco.com\/com-o-placar-de-4-a-1-jacobina-vence-curral-novo-do-piaui-na-disputa-pela-copa-amvi-veja-fotos\/dsc_0011-478\/\"><img loading=\"lazy\" decoding=\"async\" class=\"attachment-full size-full\" src=\"https:\/\/www.cidadesemfoco.com\/wp-content\/uploads\/2023\/08\/DSC_0011-8.jpg\" sizes=\"(max-width: 900px) 100vw, 900px\" srcset=\"https:\/\/www.cidadesemfoco.com\/wp-content\/uploads\/2023\/08\/DSC_0011-8.jpg 900w, https:\/\/www.cidadesemfoco.com\/wp-content\/uploads\/2023\/08\/DSC_0011-8-300x200.jpg 300w, https:\/\/www.cidadesemfoco.com\/wp-content\/uploads\/2023\/08\/DSC_0011-8-768x512.jpg 768w, https:\/\/www.cidadesemfoco.com\/wp-content\/uploads\/2023\/08\/DSC_0011-8-480x320.jpg 480w, https:\/\/www.cidadesemfoco.com\/wp-content\/uploads\/2023\/08\/DSC_0011-8-280x186.jpg 280w, https:\/\/www.cidadesemfoco.com\/wp-content\/uploads\/2023\/08\/DSC_0011-8-600x400.jpg 600w, https:\/\/www.cidadesemfoco.com\/wp-content\/uploads\/2023\/08\/DSC_0011-8-585x390.jpg 585w\" alt=\"\" width=\"900\" height=\"600\" \/><\/a><\/div>\n<\/figure>\n<figure class=\"gallery-item\">\n<div class=\"gallery-icon landscape\"><a href=\"https:\/\/www.cidadesemfoco.com\/com-o-placar-de-4-a-1-jacobina-vence-curral-novo-do-piaui-na-disputa-pela-copa-amvi-veja-fotos\/dsc_0012-429\/\"><img loading=\"lazy\" decoding=\"async\" class=\"attachment-full size-full\" src=\"https:\/\/www.cidadesemfoco.com\/wp-content\/uploads\/2023\/08\/DSC_0012-4.jpg\" sizes=\"(max-width: 900px) 100vw, 900px\" srcset=\"https:\/\/www.cidadesemfoco.com\/wp-content\/uploads\/2023\/08\/DSC_0012-4.jpg 900w, https:\/\/www.cidadesemfoco.com\/wp-content\/uploads\/2023\/08\/DSC_0012-4-300x200.jpg 300w, https:\/\/www.cidadesemfoco.com\/wp-content\/uploads\/2023\/08\/DSC_0012-4-768x512.jpg 768w, https:\/\/www.cidadesemfoco.com\/wp-content\/uploads\/2023\/08\/DSC_0012-4-480x320.jpg 480w, https:\/\/www.cidadesemfoco.com\/wp-content\/uploads\/2023\/08\/DSC_0012-4-280x186.jpg 280w, https:\/\/www.cidadesemfoco.com\/wp-content\/uploads\/2023\/08\/DSC_0012-4-600x400.jpg 600w, https:\/\/www.cidadesemfoco.com\/wp-content\/uploads\/2023\/08\/DSC_0012-4-585x390.jpg 585w\" alt=\"\" width=\"900\" height=\"600\" \/><\/a><\/div>\n<\/figure>\n<figure class=\"gallery-item\">\n<div class=\"gallery-icon landscape\"><a href=\"https:\/\/www.cidadesemfoco.com\/com-o-placar-de-4-a-1-jacobina-vence-curral-novo-do-piaui-na-disputa-pela-copa-amvi-veja-fotos\/dsc_0013-459\/\"><img loading=\"lazy\" decoding=\"async\" class=\"attachment-full size-full\" src=\"https:\/\/www.cidadesemfoco.com\/wp-content\/uploads\/2023\/08\/DSC_0013-7.jpg\" sizes=\"(max-width: 900px) 100vw, 900px\" srcset=\"https:\/\/www.cidadesemfoco.com\/wp-content\/uploads\/2023\/08\/DSC_0013-7.jpg 900w, https:\/\/www.cidadesemfoco.com\/wp-content\/uploads\/2023\/08\/DSC_0013-7-300x200.jpg 300w, https:\/\/www.cidadesemfoco.com\/wp-content\/uploads\/2023\/08\/DSC_0013-7-768x512.jpg 768w, https:\/\/www.cidadesemfoco.com\/wp-content\/uploads\/2023\/08\/DSC_0013-7-480x320.jpg 480w, https:\/\/www.cidadesemfoco.com\/wp-content\/uploads\/2023\/08\/DSC_0013-7-280x186.jpg 280w, https:\/\/www.cidadesemfoco.com\/wp-content\/uploads\/2023\/08\/DSC_0013-7-600x400.jpg 600w, https:\/\/www.cidadesemfoco.com\/wp-content\/uploads\/2023\/08\/DSC_0013-7-585x390.jpg 585w\" alt=\"\" width=\"900\" height=\"600\" \/><\/a><\/div>\n<\/figure>\n<figure class=\"gallery-item\">\n<div class=\"gallery-icon landscape\"><a href=\"https:\/\/www.cidadesemfoco.com\/com-o-placar-de-4-a-1-jacobina-vence-curral-novo-do-piaui-na-disputa-pela-copa-amvi-veja-fotos\/dsc_0014-441\/\"><img loading=\"lazy\" decoding=\"async\" class=\"attachment-full size-full\" src=\"https:\/\/www.cidadesemfoco.com\/wp-content\/uploads\/2023\/08\/DSC_0014-3.jpg\" sizes=\"(max-width: 900px) 100vw, 900px\" srcset=\"https:\/\/www.cidadesemfoco.com\/wp-content\/uploads\/2023\/08\/DSC_0014-3.jpg 900w, https:\/\/www.cidadesemfoco.com\/wp-content\/uploads\/2023\/08\/DSC_0014-3-300x200.jpg 300w, https:\/\/www.cidadesemfoco.com\/wp-content\/uploads\/2023\/08\/DSC_0014-3-768x512.jpg 768w, https:\/\/www.cidadesemfoco.com\/wp-content\/uploads\/2023\/08\/DSC_0014-3-480x320.jpg 480w, https:\/\/www.cidadesemfoco.com\/wp-content\/uploads\/2023\/08\/DSC_0014-3-280x186.jpg 280w, https:\/\/www.cidadesemfoco.com\/wp-content\/uploads\/2023\/08\/DSC_0014-3-600x400.jpg 600w, https:\/\/www.cidadesemfoco.com\/wp-content\/uploads\/2023\/08\/DSC_0014-3-585x390.jpg 585w\" alt=\"\" width=\"900\" height=\"600\" \/><\/a><\/div>\n<\/figure>\n<figure class=\"gallery-item\">\n<div class=\"gallery-icon landscape\"><a href=\"https:\/\/www.cidadesemfoco.com\/com-o-placar-de-4-a-1-jacobina-vence-curral-novo-do-piaui-na-disputa-pela-copa-amvi-veja-fotos\/dsc_0015-443\/\"><img loading=\"lazy\" decoding=\"async\" class=\"attachment-full size-full\" src=\"https:\/\/www.cidadesemfoco.com\/wp-content\/uploads\/2023\/08\/DSC_0015-14.jpg\" sizes=\"(max-width: 900px) 100vw, 900px\" srcset=\"https:\/\/www.cidadesemfoco.com\/wp-content\/uploads\/2023\/08\/DSC_0015-14.jpg 900w, https:\/\/www.cidadesemfoco.com\/wp-content\/uploads\/2023\/08\/DSC_0015-14-300x200.jpg 300w, https:\/\/www.cidadesemfoco.com\/wp-content\/uploads\/2023\/08\/DSC_0015-14-768x512.jpg 768w, https:\/\/www.cidadesemfoco.com\/wp-content\/uploads\/2023\/08\/DSC_0015-14-480x320.jpg 480w, https:\/\/www.cidadesemfoco.com\/wp-content\/uploads\/2023\/08\/DSC_0015-14-280x186.jpg 280w, https:\/\/www.cidadesemfoco.com\/wp-content\/uploads\/2023\/08\/DSC_0015-14-600x400.jpg 600w, https:\/\/www.cidadesemfoco.com\/wp-content\/uploads\/2023\/08\/DSC_0015-14-585x390.jpg 585w\" alt=\"\" width=\"900\" height=\"600\" \/><\/a><\/div>\n<\/figure>\n<figure class=\"gallery-item\">\n<div class=\"gallery-icon landscape\"><a href=\"https:\/\/www.cidadesemfoco.com\/com-o-placar-de-4-a-1-jacobina-vence-curral-novo-do-piaui-na-disputa-pela-copa-amvi-veja-fotos\/dsc_0017-448\/\"><img loading=\"lazy\" decoding=\"async\" class=\"attachment-full size-full\" src=\"https:\/\/www.cidadesemfoco.com\/wp-content\/uploads\/2023\/08\/DSC_0017-8.jpg\" sizes=\"(max-width: 900px) 100vw, 900px\" srcset=\"https:\/\/www.cidadesemfoco.com\/wp-content\/uploads\/2023\/08\/DSC_0017-8.jpg 900w, https:\/\/www.cidadesemfoco.com\/wp-content\/uploads\/2023\/08\/DSC_0017-8-300x200.jpg 300w, https:\/\/www.cidadesemfoco.com\/wp-content\/uploads\/2023\/08\/DSC_0017-8-768x512.jpg 768w, https:\/\/www.cidadesemfoco.com\/wp-content\/uploads\/2023\/08\/DSC_0017-8-480x320.jpg 480w, https:\/\/www.cidadesemfoco.com\/wp-content\/uploads\/2023\/08\/DSC_0017-8-280x186.jpg 280w, https:\/\/www.cidadesemfoco.com\/wp-content\/uploads\/2023\/08\/DSC_0017-8-600x400.jpg 600w, https:\/\/www.cidadesemfoco.com\/wp-content\/uploads\/2023\/08\/DSC_0017-8-585x390.jpg 585w\" alt=\"\" width=\"900\" height=\"600\" \/><\/a><\/div>\n<\/figure>\n<figure class=\"gallery-item\">\n<div class=\"gallery-icon landscape\"><a href=\"https:\/\/www.cidadesemfoco.com\/com-o-placar-de-4-a-1-jacobina-vence-curral-novo-do-piaui-na-disputa-pela-copa-amvi-veja-fotos\/dsc_0019-421\/\"><img loading=\"lazy\" decoding=\"async\" class=\"attachment-full size-full\" src=\"https:\/\/www.cidadesemfoco.com\/wp-content\/uploads\/2023\/08\/DSC_0019-7.jpg\" sizes=\"(max-width: 900px) 100vw, 900px\" srcset=\"https:\/\/www.cidadesemfoco.com\/wp-content\/uploads\/2023\/08\/DSC_0019-7.jpg 900w, https:\/\/www.cidadesemfoco.com\/wp-content\/uploads\/2023\/08\/DSC_0019-7-300x200.jpg 300w, https:\/\/www.cidadesemfoco.com\/wp-content\/uploads\/2023\/08\/DSC_0019-7-768x512.jpg 768w, https:\/\/www.cidadesemfoco.com\/wp-content\/uploads\/2023\/08\/DSC_0019-7-480x320.jpg 480w, https:\/\/www.cidadesemfoco.com\/wp-content\/uploads\/2023\/08\/DSC_0019-7-280x186.jpg 280w, https:\/\/www.cidadesemfoco.com\/wp-content\/uploads\/2023\/08\/DSC_0019-7-600x400.jpg 600w, https:\/\/www.cidadesemfoco.com\/wp-content\/uploads\/2023\/08\/DSC_0019-7-585x390.jpg 585w\" alt=\"\" width=\"900\" height=\"600\" \/><\/a><\/div>\n<\/figure>\n<figure class=\"gallery-item\">\n<div class=\"gallery-icon landscape\"><a href=\"https:\/\/www.cidadesemfoco.com\/com-o-placar-de-4-a-1-jacobina-vence-curral-novo-do-piaui-na-disputa-pela-copa-amvi-veja-fotos\/dsc_0023-438\/\"><img loading=\"lazy\" decoding=\"async\" class=\"attachment-full size-full\" src=\"https:\/\/www.cidadesemfoco.com\/wp-content\/uploads\/2023\/08\/DSC_0023-6.jpg\" sizes=\"(max-width: 900px) 100vw, 900px\" srcset=\"https:\/\/www.cidadesemfoco.com\/wp-content\/uploads\/2023\/08\/DSC_0023-6.jpg 900w, https:\/\/www.cidadesemfoco.com\/wp-content\/uploads\/2023\/08\/DSC_0023-6-300x200.jpg 300w, https:\/\/www.cidadesemfoco.com\/wp-content\/uploads\/2023\/08\/DSC_0023-6-768x512.jpg 768w, https:\/\/www.cidadesemfoco.com\/wp-content\/uploads\/2023\/08\/DSC_0023-6-480x320.jpg 480w, https:\/\/www.cidadesemfoco.com\/wp-content\/uploads\/2023\/08\/DSC_0023-6-280x186.jpg 280w, https:\/\/www.cidadesemfoco.com\/wp-content\/uploads\/2023\/08\/DSC_0023-6-600x400.jpg 600w, https:\/\/www.cidadesemfoco.com\/wp-content\/uploads\/2023\/08\/DSC_0023-6-585x390.jpg 585w\" alt=\"\" width=\"900\" height=\"600\" \/><\/a><\/div>\n<\/figure>\n<figure class=\"gallery-item\">\n<div class=\"gallery-icon landscape\"><a href=\"https:\/\/www.cidadesemfoco.com\/com-o-placar-de-4-a-1-jacobina-vence-curral-novo-do-piaui-na-disputa-pela-copa-amvi-veja-fotos\/dsc_0025-392\/\"><img loading=\"lazy\" decoding=\"async\" class=\"attachment-full size-full\" src=\"https:\/\/www.cidadesemfoco.com\/wp-content\/uploads\/2023\/08\/DSC_0025-6.jpg\" sizes=\"(max-width: 900px) 100vw, 900px\" srcset=\"https:\/\/www.cidadesemfoco.com\/wp-content\/uploads\/2023\/08\/DSC_0025-6.jpg 900w, https:\/\/www.cidadesemfoco.com\/wp-content\/uploads\/2023\/08\/DSC_0025-6-300x200.jpg 300w, https:\/\/www.cidadesemfoco.com\/wp-content\/uploads\/2023\/08\/DSC_0025-6-768x512.jpg 768w, https:\/\/www.cidadesemfoco.com\/wp-content\/uploads\/2023\/08\/DSC_0025-6-480x320.jpg 480w, https:\/\/www.cidadesemfoco.com\/wp-content\/uploads\/2023\/08\/DSC_0025-6-280x186.jpg 280w, https:\/\/www.cidadesemfoco.com\/wp-content\/uploads\/2023\/08\/DSC_0025-6-600x400.jpg 600w, https:\/\/www.cidadesemfoco.com\/wp-content\/uploads\/2023\/08\/DSC_0025-6-585x390.jpg 585w\" alt=\"\" width=\"900\" height=\"600\" \/><\/a><\/div>\n<\/figure>\n<figure class=\"gallery-item\">\n<div class=\"gallery-icon landscape\"><a href=\"https:\/\/www.cidadesemfoco.com\/com-o-placar-de-4-a-1-jacobina-vence-curral-novo-do-piaui-na-disputa-pela-copa-amvi-veja-fotos\/dsc_0028-434\/\"><img loading=\"lazy\" decoding=\"async\" class=\"attachment-full size-full\" src=\"https:\/\/www.cidadesemfoco.com\/wp-content\/uploads\/2023\/08\/DSC_0028-8.jpg\" sizes=\"(max-width: 900px) 100vw, 900px\" srcset=\"https:\/\/www.cidadesemfoco.com\/wp-content\/uploads\/2023\/08\/DSC_0028-8.jpg 900w, https:\/\/www.cidadesemfoco.com\/wp-content\/uploads\/2023\/08\/DSC_0028-8-300x200.jpg 300w, https:\/\/www.cidadesemfoco.com\/wp-content\/uploads\/2023\/08\/DSC_0028-8-768x512.jpg 768w, https:\/\/www.cidadesemfoco.com\/wp-content\/uploads\/2023\/08\/DSC_0028-8-480x320.jpg 480w, https:\/\/www.cidadesemfoco.com\/wp-content\/uploads\/2023\/08\/DSC_0028-8-280x186.jpg 280w, https:\/\/www.cidadesemfoco.com\/wp-content\/uploads\/2023\/08\/DSC_0028-8-600x400.jpg 600w, https:\/\/www.cidadesemfoco.com\/wp-content\/uploads\/2023\/08\/DSC_0028-8-585x390.jpg 585w\" alt=\"\" width=\"900\" height=\"600\" \/><\/a><\/div>\n<\/figure>\n<figure class=\"gallery-item\">\n<div class=\"gallery-icon landscape\"><a href=\"https:\/\/www.cidadesemfoco.com\/com-o-placar-de-4-a-1-jacobina-vence-curral-novo-do-piaui-na-disputa-pela-copa-amvi-veja-fotos\/dsc_0029-423\/\"><img loading=\"lazy\" decoding=\"async\" class=\"attachment-full size-full\" src=\"https:\/\/www.cidadesemfoco.com\/wp-content\/uploads\/2023\/08\/DSC_0029-8.jpg\" sizes=\"(max-width: 900px) 100vw, 900px\" srcset=\"https:\/\/www.cidadesemfoco.com\/wp-content\/uploads\/2023\/08\/DSC_0029-8.jpg 900w, https:\/\/www.cidadesemfoco.com\/wp-content\/uploads\/2023\/08\/DSC_0029-8-300x200.jpg 300w, https:\/\/www.cidadesemfoco.com\/wp-content\/uploads\/2023\/08\/DSC_0029-8-768x512.jpg 768w, https:\/\/www.cidadesemfoco.com\/wp-content\/uploads\/2023\/08\/DSC_0029-8-480x320.jpg 480w, https:\/\/www.cidadesemfoco.com\/wp-content\/uploads\/2023\/08\/DSC_0029-8-280x186.jpg 280w, https:\/\/www.cidadesemfoco.com\/wp-content\/uploads\/2023\/08\/DSC_0029-8-600x400.jpg 600w, https:\/\/www.cidadesemfoco.com\/wp-content\/uploads\/2023\/08\/DSC_0029-8-585x390.jpg 585w\" alt=\"\" width=\"900\" height=\"600\" \/><\/a><\/div>\n<\/figure>\n<figure class=\"gallery-item\">\n<div class=\"gallery-icon landscape\"><a href=\"https:\/\/www.cidadesemfoco.com\/com-o-placar-de-4-a-1-jacobina-vence-curral-novo-do-piaui-na-disputa-pela-copa-amvi-veja-fotos\/dsc_0030-408\/\"><img loading=\"lazy\" decoding=\"async\" class=\"attachment-full size-full\" src=\"https:\/\/www.cidadesemfoco.com\/wp-content\/uploads\/2023\/08\/DSC_0030-6.jpg\" sizes=\"(max-width: 900px) 100vw, 900px\" srcset=\"https:\/\/www.cidadesemfoco.com\/wp-content\/uploads\/2023\/08\/DSC_0030-6.jpg 900w, https:\/\/www.cidadesemfoco.com\/wp-content\/uploads\/2023\/08\/DSC_0030-6-300x200.jpg 300w, https:\/\/www.cidadesemfoco.com\/wp-content\/uploads\/2023\/08\/DSC_0030-6-768x512.jpg 768w, https:\/\/www.cidadesemfoco.com\/wp-content\/uploads\/2023\/08\/DSC_0030-6-480x320.jpg 480w, https:\/\/www.cidadesemfoco.com\/wp-content\/uploads\/2023\/08\/DSC_0030-6-280x186.jpg 280w, https:\/\/www.cidadesemfoco.com\/wp-content\/uploads\/2023\/08\/DSC_0030-6-600x400.jpg 600w, https:\/\/www.cidadesemfoco.com\/wp-content\/uploads\/2023\/08\/DSC_0030-6-585x390.jpg 585w\" alt=\"\" width=\"900\" height=\"600\" \/><\/a><\/div>\n<\/figure>\n<figure class=\"gallery-item\">\n<div class=\"gallery-icon landscape\"><a href=\"https:\/\/www.cidadesemfoco.com\/com-o-placar-de-4-a-1-jacobina-vence-curral-novo-do-piaui-na-disputa-pela-copa-amvi-veja-fotos\/dsc_0034-437\/\"><img loading=\"lazy\" decoding=\"async\" class=\"attachment-full size-full\" src=\"https:\/\/www.cidadesemfoco.com\/wp-content\/uploads\/2023\/08\/DSC_0034-10.jpg\" sizes=\"(max-width: 900px) 100vw, 900px\" srcset=\"https:\/\/www.cidadesemfoco.com\/wp-content\/uploads\/2023\/08\/DSC_0034-10.jpg 900w, https:\/\/www.cidadesemfoco.com\/wp-content\/uploads\/2023\/08\/DSC_0034-10-300x200.jpg 300w, https:\/\/www.cidadesemfoco.com\/wp-content\/uploads\/2023\/08\/DSC_0034-10-768x512.jpg 768w, https:\/\/www.cidadesemfoco.com\/wp-content\/uploads\/2023\/08\/DSC_0034-10-480x320.jpg 480w, https:\/\/www.cidadesemfoco.com\/wp-content\/uploads\/2023\/08\/DSC_0034-10-280x186.jpg 280w, https:\/\/www.cidadesemfoco.com\/wp-content\/uploads\/2023\/08\/DSC_0034-10-600x400.jpg 600w, https:\/\/www.cidadesemfoco.com\/wp-content\/uploads\/2023\/08\/DSC_0034-10-585x390.jpg 585w\" alt=\"\" width=\"900\" height=\"600\" \/><\/a><\/div>\n<\/figure>\n<figure class=\"gallery-item\">\n<div class=\"gallery-icon landscape\"><a href=\"https:\/\/www.cidadesemfoco.com\/com-o-placar-de-4-a-1-jacobina-vence-curral-novo-do-piaui-na-disputa-pela-copa-amvi-veja-fotos\/dsc_0038-414\/\"><img loading=\"lazy\" decoding=\"async\" class=\"attachment-full size-full\" src=\"https:\/\/www.cidadesemfoco.com\/wp-content\/uploads\/2023\/08\/DSC_0038-10.jpg\" sizes=\"(max-width: 900px) 100vw, 900px\" srcset=\"https:\/\/www.cidadesemfoco.com\/wp-content\/uploads\/2023\/08\/DSC_0038-10.jpg 900w, https:\/\/www.cidadesemfoco.com\/wp-content\/uploads\/2023\/08\/DSC_0038-10-300x200.jpg 300w, https:\/\/www.cidadesemfoco.com\/wp-content\/uploads\/2023\/08\/DSC_0038-10-768x512.jpg 768w, https:\/\/www.cidadesemfoco.com\/wp-content\/uploads\/2023\/08\/DSC_0038-10-480x320.jpg 480w, https:\/\/www.cidadesemfoco.com\/wp-content\/uploads\/2023\/08\/DSC_0038-10-280x186.jpg 280w, https:\/\/www.cidadesemfoco.com\/wp-content\/uploads\/2023\/08\/DSC_0038-10-600x400.jpg 600w, https:\/\/www.cidadesemfoco.com\/wp-content\/uploads\/2023\/08\/DSC_0038-10-585x390.jpg 585w\" alt=\"\" width=\"900\" height=\"600\" \/><\/a><\/div>\n<\/figure>\n<figure class=\"gallery-item\">\n<div class=\"gallery-icon landscape\"><a href=\"https:\/\/www.cidadesemfoco.com\/com-o-placar-de-4-a-1-jacobina-vence-curral-novo-do-piaui-na-disputa-pela-copa-amvi-veja-fotos\/dsc_0039-414\/\"><img loading=\"lazy\" decoding=\"async\" class=\"attachment-full size-full\" src=\"https:\/\/www.cidadesemfoco.com\/wp-content\/uploads\/2023\/08\/DSC_0039-5.jpg\" sizes=\"(max-width: 900px) 100vw, 900px\" srcset=\"https:\/\/www.cidadesemfoco.com\/wp-content\/uploads\/2023\/08\/DSC_0039-5.jpg 900w, https:\/\/www.cidadesemfoco.com\/wp-content\/uploads\/2023\/08\/DSC_0039-5-300x200.jpg 300w, https:\/\/www.cidadesemfoco.com\/wp-content\/uploads\/2023\/08\/DSC_0039-5-768x512.jpg 768w, https:\/\/www.cidadesemfoco.com\/wp-content\/uploads\/2023\/08\/DSC_0039-5-480x320.jpg 480w, https:\/\/www.cidadesemfoco.com\/wp-content\/uploads\/2023\/08\/DSC_0039-5-280x186.jpg 280w, https:\/\/www.cidadesemfoco.com\/wp-content\/uploads\/2023\/08\/DSC_0039-5-600x400.jpg 600w, https:\/\/www.cidadesemfoco.com\/wp-content\/uploads\/2023\/08\/DSC_0039-5-585x390.jpg 585w\" alt=\"\" width=\"900\" height=\"600\" \/><\/a><\/div>\n<\/figure>\n<figure class=\"gallery-item\">\n<div class=\"gallery-icon landscape\"><a href=\"https:\/\/www.cidadesemfoco.com\/com-o-placar-de-4-a-1-jacobina-vence-curral-novo-do-piaui-na-disputa-pela-copa-amvi-veja-fotos\/dsc_0042-386\/\"><img loading=\"lazy\" decoding=\"async\" class=\"attachment-full size-full\" src=\"https:\/\/www.cidadesemfoco.com\/wp-content\/uploads\/2023\/08\/DSC_0042-11.jpg\" sizes=\"(max-width: 900px) 100vw, 900px\" srcset=\"https:\/\/www.cidadesemfoco.com\/wp-content\/uploads\/2023\/08\/DSC_0042-11.jpg 900w, https:\/\/www.cidadesemfoco.com\/wp-content\/uploads\/2023\/08\/DSC_0042-11-300x200.jpg 300w, https:\/\/www.cidadesemfoco.com\/wp-content\/uploads\/2023\/08\/DSC_0042-11-768x512.jpg 768w, https:\/\/www.cidadesemfoco.com\/wp-content\/uploads\/2023\/08\/DSC_0042-11-480x320.jpg 480w, https:\/\/www.cidadesemfoco.com\/wp-content\/uploads\/2023\/08\/DSC_0042-11-280x186.jpg 280w, https:\/\/www.cidadesemfoco.com\/wp-content\/uploads\/2023\/08\/DSC_0042-11-600x400.jpg 600w, https:\/\/www.cidadesemfoco.com\/wp-content\/uploads\/2023\/08\/DSC_0042-11-585x390.jpg 585w\" alt=\"\" width=\"900\" height=\"600\" \/><\/a><\/div>\n<\/figure>\n<figure class=\"gallery-item\">\n<div class=\"gallery-icon landscape\"><a href=\"https:\/\/www.cidadesemfoco.com\/com-o-placar-de-4-a-1-jacobina-vence-curral-novo-do-piaui-na-disputa-pela-copa-amvi-veja-fotos\/dsc_0043-425\/\"><img loading=\"lazy\" decoding=\"async\" class=\"attachment-full size-full\" src=\"https:\/\/www.cidadesemfoco.com\/wp-content\/uploads\/2023\/08\/DSC_0043-4.jpg\" sizes=\"(max-width: 900px) 100vw, 900px\" srcset=\"https:\/\/www.cidadesemfoco.com\/wp-content\/uploads\/2023\/08\/DSC_0043-4.jpg 900w, https:\/\/www.cidadesemfoco.com\/wp-content\/uploads\/2023\/08\/DSC_0043-4-300x200.jpg 300w, https:\/\/www.cidadesemfoco.com\/wp-content\/uploads\/2023\/08\/DSC_0043-4-768x512.jpg 768w, https:\/\/www.cidadesemfoco.com\/wp-content\/uploads\/2023\/08\/DSC_0043-4-480x320.jpg 480w, https:\/\/www.cidadesemfoco.com\/wp-content\/uploads\/2023\/08\/DSC_0043-4-280x186.jpg 280w, https:\/\/www.cidadesemfoco.com\/wp-content\/uploads\/2023\/08\/DSC_0043-4-600x400.jpg 600w, https:\/\/www.cidadesemfoco.com\/wp-content\/uploads\/2023\/08\/DSC_0043-4-585x390.jpg 585w\" alt=\"\" width=\"900\" height=\"600\" \/><\/a><\/div>\n<\/figure>\n<figure class=\"gallery-item\">\n<div class=\"gallery-icon landscape\"><a href=\"https:\/\/www.cidadesemfoco.com\/com-o-placar-de-4-a-1-jacobina-vence-curral-novo-do-piaui-na-disputa-pela-copa-amvi-veja-fotos\/dsc_0045-428\/\"><img loading=\"lazy\" decoding=\"async\" class=\"attachment-full size-full\" src=\"https:\/\/www.cidadesemfoco.com\/wp-content\/uploads\/2023\/08\/DSC_0045-8.jpg\" sizes=\"(max-width: 900px) 100vw, 900px\" srcset=\"https:\/\/www.cidadesemfoco.com\/wp-content\/uploads\/2023\/08\/DSC_0045-8.jpg 900w, https:\/\/www.cidadesemfoco.com\/wp-content\/uploads\/2023\/08\/DSC_0045-8-300x200.jpg 300w, https:\/\/www.cidadesemfoco.com\/wp-content\/uploads\/2023\/08\/DSC_0045-8-768x512.jpg 768w, https:\/\/www.cidadesemfoco.com\/wp-content\/uploads\/2023\/08\/DSC_0045-8-480x320.jpg 480w, https:\/\/www.cidadesemfoco.com\/wp-content\/uploads\/2023\/08\/DSC_0045-8-280x186.jpg 280w, https:\/\/www.cidadesemfoco.com\/wp-content\/uploads\/2023\/08\/DSC_0045-8-600x400.jpg 600w, https:\/\/www.cidadesemfoco.com\/wp-content\/uploads\/2023\/08\/DSC_0045-8-585x390.jpg 585w\" alt=\"\" width=\"900\" height=\"600\" \/><\/a><\/div>\n<\/figure>\n<figure class=\"gallery-item\">\n<div class=\"gallery-icon landscape\"><a href=\"https:\/\/www.cidadesemfoco.com\/com-o-placar-de-4-a-1-jacobina-vence-curral-novo-do-piaui-na-disputa-pela-copa-amvi-veja-fotos\/dsc_0047-412\/\"><img loading=\"lazy\" decoding=\"async\" class=\"attachment-full size-full\" src=\"https:\/\/www.cidadesemfoco.com\/wp-content\/uploads\/2023\/08\/DSC_0047-9.jpg\" sizes=\"(max-width: 900px) 100vw, 900px\" srcset=\"https:\/\/www.cidadesemfoco.com\/wp-content\/uploads\/2023\/08\/DSC_0047-9.jpg 900w, https:\/\/www.cidadesemfoco.com\/wp-content\/uploads\/2023\/08\/DSC_0047-9-300x200.jpg 300w, https:\/\/www.cidadesemfoco.com\/wp-content\/uploads\/2023\/08\/DSC_0047-9-768x512.jpg 768w, https:\/\/www.cidadesemfoco.com\/wp-content\/uploads\/2023\/08\/DSC_0047-9-480x320.jpg 480w, https:\/\/www.cidadesemfoco.com\/wp-content\/uploads\/2023\/08\/DSC_0047-9-280x186.jpg 280w, https:\/\/www.cidadesemfoco.com\/wp-content\/uploads\/2023\/08\/DSC_0047-9-600x400.jpg 600w, https:\/\/www.cidadesemfoco.com\/wp-content\/uploads\/2023\/08\/DSC_0047-9-585x390.jpg 585w\" alt=\"\" width=\"900\" height=\"600\" \/><\/a><\/div>\n<\/figure>\n<figure class=\"gallery-item\">\n<div class=\"gallery-icon landscape\"><a href=\"https:\/\/www.cidadesemfoco.com\/com-o-placar-de-4-a-1-jacobina-vence-curral-novo-do-piaui-na-disputa-pela-copa-amvi-veja-fotos\/dsc_0048-399\/\"><img loading=\"lazy\" decoding=\"async\" class=\"attachment-full size-full\" src=\"https:\/\/www.cidadesemfoco.com\/wp-content\/uploads\/2023\/08\/DSC_0048-6.jpg\" sizes=\"(max-width: 900px) 100vw, 900px\" srcset=\"https:\/\/www.cidadesemfoco.com\/wp-content\/uploads\/2023\/08\/DSC_0048-6.jpg 900w, https:\/\/www.cidadesemfoco.com\/wp-content\/uploads\/2023\/08\/DSC_0048-6-300x200.jpg 300w, https:\/\/www.cidadesemfoco.com\/wp-content\/uploads\/2023\/08\/DSC_0048-6-768x512.jpg 768w, https:\/\/www.cidadesemfoco.com\/wp-content\/uploads\/2023\/08\/DSC_0048-6-480x320.jpg 480w, https:\/\/www.cidadesemfoco.com\/wp-content\/uploads\/2023\/08\/DSC_0048-6-280x186.jpg 280w, https:\/\/www.cidadesemfoco.com\/wp-content\/uploads\/2023\/08\/DSC_0048-6-600x400.jpg 600w, https:\/\/www.cidadesemfoco.com\/wp-content\/uploads\/2023\/08\/DSC_0048-6-585x390.jpg 585w\" alt=\"\" width=\"900\" height=\"600\" \/><\/a><\/div>\n<\/figure>\n<figure class=\"gallery-item\">\n<div class=\"gallery-icon landscape\"><a href=\"https:\/\/www.cidadesemfoco.com\/com-o-placar-de-4-a-1-jacobina-vence-curral-novo-do-piaui-na-disputa-pela-copa-amvi-veja-fotos\/dsc_0051-399\/\"><img loading=\"lazy\" decoding=\"async\" class=\"attachment-full size-full\" src=\"https:\/\/www.cidadesemfoco.com\/wp-content\/uploads\/2023\/08\/DSC_0051-6.jpg\" sizes=\"(max-width: 900px) 100vw, 900px\" srcset=\"https:\/\/www.cidadesemfoco.com\/wp-content\/uploads\/2023\/08\/DSC_0051-6.jpg 900w, https:\/\/www.cidadesemfoco.com\/wp-content\/uploads\/2023\/08\/DSC_0051-6-300x200.jpg 300w, https:\/\/www.cidadesemfoco.com\/wp-content\/uploads\/2023\/08\/DSC_0051-6-768x512.jpg 768w, https:\/\/www.cidadesemfoco.com\/wp-content\/uploads\/2023\/08\/DSC_0051-6-480x320.jpg 480w, https:\/\/www.cidadesemfoco.com\/wp-content\/uploads\/2023\/08\/DSC_0051-6-280x186.jpg 280w, https:\/\/www.cidadesemfoco.com\/wp-content\/uploads\/2023\/08\/DSC_0051-6-600x400.jpg 600w, https:\/\/www.cidadesemfoco.com\/wp-content\/uploads\/2023\/08\/DSC_0051-6-585x390.jpg 585w\" alt=\"\" width=\"900\" height=\"600\" \/><\/a><\/div>\n<\/figure>\n<figure class=\"gallery-item\">\n<div class=\"gallery-icon landscape\"><a href=\"https:\/\/www.cidadesemfoco.com\/com-o-placar-de-4-a-1-jacobina-vence-curral-novo-do-piaui-na-disputa-pela-copa-amvi-veja-fotos\/dsc_0055-380\/\"><img loading=\"lazy\" decoding=\"async\" class=\"attachment-full size-full\" src=\"https:\/\/www.cidadesemfoco.com\/wp-content\/uploads\/2023\/08\/DSC_0055-6.jpg\" sizes=\"(max-width: 900px) 100vw, 900px\" srcset=\"https:\/\/www.cidadesemfoco.com\/wp-content\/uploads\/2023\/08\/DSC_0055-6.jpg 900w, https:\/\/www.cidadesemfoco.com\/wp-content\/uploads\/2023\/08\/DSC_0055-6-300x200.jpg 300w, https:\/\/www.cidadesemfoco.com\/wp-content\/uploads\/2023\/08\/DSC_0055-6-768x512.jpg 768w, https:\/\/www.cidadesemfoco.com\/wp-content\/uploads\/2023\/08\/DSC_0055-6-480x320.jpg 480w, https:\/\/www.cidadesemfoco.com\/wp-content\/uploads\/2023\/08\/DSC_0055-6-280x186.jpg 280w, https:\/\/www.cidadesemfoco.com\/wp-content\/uploads\/2023\/08\/DSC_0055-6-600x400.jpg 600w, https:\/\/www.cidadesemfoco.com\/wp-content\/uploads\/2023\/08\/DSC_0055-6-585x390.jpg 585w\" alt=\"\" width=\"900\" height=\"600\" \/><\/a><\/div>\n<\/figure>\n<figure class=\"gallery-item\">\n<div class=\"gallery-icon landscape\"><a href=\"https:\/\/www.cidadesemfoco.com\/com-o-placar-de-4-a-1-jacobina-vence-curral-novo-do-piaui-na-disputa-pela-copa-amvi-veja-fotos\/dsc_0057-374\/\"><img loading=\"lazy\" decoding=\"async\" class=\"attachment-full size-full\" src=\"https:\/\/www.cidadesemfoco.com\/wp-content\/uploads\/2023\/08\/DSC_0057-7.jpg\" sizes=\"(max-width: 900px) 100vw, 900px\" srcset=\"https:\/\/www.cidadesemfoco.com\/wp-content\/uploads\/2023\/08\/DSC_0057-7.jpg 900w, https:\/\/www.cidadesemfoco.com\/wp-content\/uploads\/2023\/08\/DSC_0057-7-300x200.jpg 300w, https:\/\/www.cidadesemfoco.com\/wp-content\/uploads\/2023\/08\/DSC_0057-7-768x512.jpg 768w, https:\/\/www.cidadesemfoco.com\/wp-content\/uploads\/2023\/08\/DSC_0057-7-480x320.jpg 480w, https:\/\/www.cidadesemfoco.com\/wp-content\/uploads\/2023\/08\/DSC_0057-7-280x186.jpg 280w, https:\/\/www.cidadesemfoco.com\/wp-content\/uploads\/2023\/08\/DSC_0057-7-600x400.jpg 600w, https:\/\/www.cidadesemfoco.com\/wp-content\/uploads\/2023\/08\/DSC_0057-7-585x390.jpg 585w\" alt=\"\" width=\"900\" height=\"600\" \/><\/a><\/div>\n<\/figure>\n<figure class=\"gallery-item\">\n<div class=\"gallery-icon landscape\"><a href=\"https:\/\/www.cidadesemfoco.com\/com-o-placar-de-4-a-1-jacobina-vence-curral-novo-do-piaui-na-disputa-pela-copa-amvi-veja-fotos\/dsc_0058-390\/\"><img loading=\"lazy\" decoding=\"async\" class=\"attachment-full size-full\" src=\"https:\/\/www.cidadesemfoco.com\/wp-content\/uploads\/2023\/08\/DSC_0058-9.jpg\" sizes=\"(max-width: 900px) 100vw, 900px\" srcset=\"https:\/\/www.cidadesemfoco.com\/wp-content\/uploads\/2023\/08\/DSC_0058-9.jpg 900w, https:\/\/www.cidadesemfoco.com\/wp-content\/uploads\/2023\/08\/DSC_0058-9-300x200.jpg 300w, https:\/\/www.cidadesemfoco.com\/wp-content\/uploads\/2023\/08\/DSC_0058-9-768x512.jpg 768w, https:\/\/www.cidadesemfoco.com\/wp-content\/uploads\/2023\/08\/DSC_0058-9-480x320.jpg 480w, https:\/\/www.cidadesemfoco.com\/wp-content\/uploads\/2023\/08\/DSC_0058-9-280x186.jpg 280w, https:\/\/www.cidadesemfoco.com\/wp-content\/uploads\/2023\/08\/DSC_0058-9-600x400.jpg 600w, https:\/\/www.cidadesemfoco.com\/wp-content\/uploads\/2023\/08\/DSC_0058-9-585x390.jpg 585w\" alt=\"\" width=\"900\" height=\"600\" \/><\/a><\/div>\n<\/figure>\n<figure class=\"gallery-item\">\n<div class=\"gallery-icon landscape\"><a href=\"https:\/\/www.cidadesemfoco.com\/com-o-placar-de-4-a-1-jacobina-vence-curral-novo-do-piaui-na-disputa-pela-copa-amvi-veja-fotos\/dsc_0060-384\/\"><img loading=\"lazy\" decoding=\"async\" class=\"attachment-full size-full\" src=\"https:\/\/www.cidadesemfoco.com\/wp-content\/uploads\/2023\/08\/DSC_0060-9.jpg\" sizes=\"(max-width: 900px) 100vw, 900px\" srcset=\"https:\/\/www.cidadesemfoco.com\/wp-content\/uploads\/2023\/08\/DSC_0060-9.jpg 900w, https:\/\/www.cidadesemfoco.com\/wp-content\/uploads\/2023\/08\/DSC_0060-9-300x200.jpg 300w, https:\/\/www.cidadesemfoco.com\/wp-content\/uploads\/2023\/08\/DSC_0060-9-768x512.jpg 768w, https:\/\/www.cidadesemfoco.com\/wp-content\/uploads\/2023\/08\/DSC_0060-9-480x320.jpg 480w, https:\/\/www.cidadesemfoco.com\/wp-content\/uploads\/2023\/08\/DSC_0060-9-280x186.jpg 280w, https:\/\/www.cidadesemfoco.com\/wp-content\/uploads\/2023\/08\/DSC_0060-9-600x400.jpg 600w, https:\/\/www.cidadesemfoco.com\/wp-content\/uploads\/2023\/08\/DSC_0060-9-585x390.jpg 585w\" alt=\"\" width=\"900\" height=\"600\" \/><\/a><\/div>\n<\/figure>\n<figure class=\"gallery-item\">\n<div class=\"gallery-icon landscape\"><a href=\"https:\/\/www.cidadesemfoco.com\/com-o-placar-de-4-a-1-jacobina-vence-curral-novo-do-piaui-na-disputa-pela-copa-amvi-veja-fotos\/dsc_0061-393\/\"><img loading=\"lazy\" decoding=\"async\" class=\"attachment-full size-full\" src=\"https:\/\/www.cidadesemfoco.com\/wp-content\/uploads\/2023\/08\/DSC_0061-5.jpg\" sizes=\"(max-width: 900px) 100vw, 900px\" srcset=\"https:\/\/www.cidadesemfoco.com\/wp-content\/uploads\/2023\/08\/DSC_0061-5.jpg 900w, https:\/\/www.cidadesemfoco.com\/wp-content\/uploads\/2023\/08\/DSC_0061-5-300x200.jpg 300w, https:\/\/www.cidadesemfoco.com\/wp-content\/uploads\/2023\/08\/DSC_0061-5-768x512.jpg 768w, https:\/\/www.cidadesemfoco.com\/wp-content\/uploads\/2023\/08\/DSC_0061-5-480x320.jpg 480w, https:\/\/www.cidadesemfoco.com\/wp-content\/uploads\/2023\/08\/DSC_0061-5-280x186.jpg 280w, https:\/\/www.cidadesemfoco.com\/wp-content\/uploads\/2023\/08\/DSC_0061-5-600x400.jpg 600w, https:\/\/www.cidadesemfoco.com\/wp-content\/uploads\/2023\/08\/DSC_0061-5-585x390.jpg 585w\" alt=\"\" width=\"900\" height=\"600\" \/><\/a><\/div>\n<\/figure>\n<figure class=\"gallery-item\">\n<div class=\"gallery-icon landscape\"><a href=\"https:\/\/www.cidadesemfoco.com\/com-o-placar-de-4-a-1-jacobina-vence-curral-novo-do-piaui-na-disputa-pela-copa-amvi-veja-fotos\/dsc_0064-366\/\"><img loading=\"lazy\" decoding=\"async\" class=\"attachment-full size-full\" src=\"https:\/\/www.cidadesemfoco.com\/wp-content\/uploads\/2023\/08\/DSC_0064-7.jpg\" sizes=\"(max-width: 900px) 100vw, 900px\" srcset=\"https:\/\/www.cidadesemfoco.com\/wp-content\/uploads\/2023\/08\/DSC_0064-7.jpg 900w, https:\/\/www.cidadesemfoco.com\/wp-content\/uploads\/2023\/08\/DSC_0064-7-300x200.jpg 300w, https:\/\/www.cidadesemfoco.com\/wp-content\/uploads\/2023\/08\/DSC_0064-7-768x512.jpg 768w, https:\/\/www.cidadesemfoco.com\/wp-content\/uploads\/2023\/08\/DSC_0064-7-480x320.jpg 480w, https:\/\/www.cidadesemfoco.com\/wp-content\/uploads\/2023\/08\/DSC_0064-7-280x186.jpg 280w, https:\/\/www.cidadesemfoco.com\/wp-content\/uploads\/2023\/08\/DSC_0064-7-600x400.jpg 600w, https:\/\/www.cidadesemfoco.com\/wp-content\/uploads\/2023\/08\/DSC_0064-7-585x390.jpg 585w\" alt=\"\" width=\"900\" height=\"600\" \/><\/a><\/div>\n<\/figure>\n<figure class=\"gallery-item\">\n<div class=\"gallery-icon landscape\"><a href=\"https:\/\/www.cidadesemfoco.com\/com-o-placar-de-4-a-1-jacobina-vence-curral-novo-do-piaui-na-disputa-pela-copa-amvi-veja-fotos\/dsc_0065-389\/\"><img loading=\"lazy\" decoding=\"async\" class=\"attachment-full size-full\" src=\"https:\/\/www.cidadesemfoco.com\/wp-content\/uploads\/2023\/08\/DSC_0065-6.jpg\" sizes=\"(max-width: 900px) 100vw, 900px\" srcset=\"https:\/\/www.cidadesemfoco.com\/wp-content\/uploads\/2023\/08\/DSC_0065-6.jpg 900w, https:\/\/www.cidadesemfoco.com\/wp-content\/uploads\/2023\/08\/DSC_0065-6-300x200.jpg 300w, https:\/\/www.cidadesemfoco.com\/wp-content\/uploads\/2023\/08\/DSC_0065-6-768x512.jpg 768w, https:\/\/www.cidadesemfoco.com\/wp-content\/uploads\/2023\/08\/DSC_0065-6-480x320.jpg 480w, https:\/\/www.cidadesemfoco.com\/wp-content\/uploads\/2023\/08\/DSC_0065-6-280x186.jpg 280w, https:\/\/www.cidadesemfoco.com\/wp-content\/uploads\/2023\/08\/DSC_0065-6-600x400.jpg 600w, https:\/\/www.cidadesemfoco.com\/wp-content\/uploads\/2023\/08\/DSC_0065-6-585x390.jpg 585w\" alt=\"\" width=\"900\" height=\"600\" \/><\/a><\/div>\n<\/figure>\n<figure class=\"gallery-item\">\n<div class=\"gallery-icon landscape\"><a href=\"https:\/\/www.cidadesemfoco.com\/com-o-placar-de-4-a-1-jacobina-vence-curral-novo-do-piaui-na-disputa-pela-copa-amvi-veja-fotos\/dsc_0068-392\/\"><img loading=\"lazy\" decoding=\"async\" class=\"attachment-full size-full\" src=\"https:\/\/www.cidadesemfoco.com\/wp-content\/uploads\/2023\/08\/DSC_0068-8.jpg\" sizes=\"(max-width: 900px) 100vw, 900px\" srcset=\"https:\/\/www.cidadesemfoco.com\/wp-content\/uploads\/2023\/08\/DSC_0068-8.jpg 900w, https:\/\/www.cidadesemfoco.com\/wp-content\/uploads\/2023\/08\/DSC_0068-8-300x200.jpg 300w, https:\/\/www.cidadesemfoco.com\/wp-content\/uploads\/2023\/08\/DSC_0068-8-768x512.jpg 768w, https:\/\/www.cidadesemfoco.com\/wp-content\/uploads\/2023\/08\/DSC_0068-8-480x320.jpg 480w, https:\/\/www.cidadesemfoco.com\/wp-content\/uploads\/2023\/08\/DSC_0068-8-280x186.jpg 280w, https:\/\/www.cidadesemfoco.com\/wp-content\/uploads\/2023\/08\/DSC_0068-8-600x400.jpg 600w, https:\/\/www.cidadesemfoco.com\/wp-content\/uploads\/2023\/08\/DSC_0068-8-585x390.jpg 585w\" alt=\"\" width=\"900\" height=\"600\" \/><\/a><\/div>\n<\/figure>\n<figure class=\"gallery-item\">\n<div class=\"gallery-icon landscape\"><a href=\"https:\/\/www.cidadesemfoco.com\/com-o-placar-de-4-a-1-jacobina-vence-curral-novo-do-piaui-na-disputa-pela-copa-amvi-veja-fotos\/dsc_0070-388\/\"><img loading=\"lazy\" decoding=\"async\" class=\"attachment-full size-full\" src=\"https:\/\/www.cidadesemfoco.com\/wp-content\/uploads\/2023\/08\/DSC_0070-6.jpg\" sizes=\"(max-width: 900px) 100vw, 900px\" srcset=\"https:\/\/www.cidadesemfoco.com\/wp-content\/uploads\/2023\/08\/DSC_0070-6.jpg 900w, https:\/\/www.cidadesemfoco.com\/wp-content\/uploads\/2023\/08\/DSC_0070-6-300x200.jpg 300w, https:\/\/www.cidadesemfoco.com\/wp-content\/uploads\/2023\/08\/DSC_0070-6-768x512.jpg 768w, https:\/\/www.cidadesemfoco.com\/wp-content\/uploads\/2023\/08\/DSC_0070-6-480x320.jpg 480w, https:\/\/www.cidadesemfoco.com\/wp-content\/uploads\/2023\/08\/DSC_0070-6-280x186.jpg 280w, https:\/\/www.cidadesemfoco.com\/wp-content\/uploads\/2023\/08\/DSC_0070-6-600x400.jpg 600w, https:\/\/www.cidadesemfoco.com\/wp-content\/uploads\/2023\/08\/DSC_0070-6-585x390.jpg 585w\" alt=\"\" width=\"900\" height=\"600\" \/><\/a><\/div>\n<\/figure>\n<figure class=\"gallery-item\">\n<div class=\"gallery-icon landscape\"><a href=\"https:\/\/www.cidadesemfoco.com\/com-o-placar-de-4-a-1-jacobina-vence-curral-novo-do-piaui-na-disputa-pela-copa-amvi-veja-fotos\/dsc_0073-356\/\"><img loading=\"lazy\" decoding=\"async\" class=\"attachment-full size-full\" src=\"https:\/\/www.cidadesemfoco.com\/wp-content\/uploads\/2023\/08\/DSC_0073-10.jpg\" sizes=\"(max-width: 900px) 100vw, 900px\" srcset=\"https:\/\/www.cidadesemfoco.com\/wp-content\/uploads\/2023\/08\/DSC_0073-10.jpg 900w, https:\/\/www.cidadesemfoco.com\/wp-content\/uploads\/2023\/08\/DSC_0073-10-300x200.jpg 300w, https:\/\/www.cidadesemfoco.com\/wp-content\/uploads\/2023\/08\/DSC_0073-10-768x512.jpg 768w, https:\/\/www.cidadesemfoco.com\/wp-content\/uploads\/2023\/08\/DSC_0073-10-480x320.jpg 480w, https:\/\/www.cidadesemfoco.com\/wp-content\/uploads\/2023\/08\/DSC_0073-10-280x186.jpg 280w, https:\/\/www.cidadesemfoco.com\/wp-content\/uploads\/2023\/08\/DSC_0073-10-600x400.jpg 600w, https:\/\/www.cidadesemfoco.com\/wp-content\/uploads\/2023\/08\/DSC_0073-10-585x390.jpg 585w\" alt=\"\" width=\"900\" height=\"600\" \/><\/a><\/div>\n<\/figure>\n<figure class=\"gallery-item\">\n<div class=\"gallery-icon landscape\"><a href=\"https:\/\/www.cidadesemfoco.com\/com-o-placar-de-4-a-1-jacobina-vence-curral-novo-do-piaui-na-disputa-pela-copa-amvi-veja-fotos\/dsc_0075-373\/\"><img loading=\"lazy\" decoding=\"async\" class=\"attachment-full size-full\" src=\"https:\/\/www.cidadesemfoco.com\/wp-content\/uploads\/2023\/08\/DSC_0075-8.jpg\" sizes=\"(max-width: 900px) 100vw, 900px\" srcset=\"https:\/\/www.cidadesemfoco.com\/wp-content\/uploads\/2023\/08\/DSC_0075-8.jpg 900w, https:\/\/www.cidadesemfoco.com\/wp-content\/uploads\/2023\/08\/DSC_0075-8-300x200.jpg 300w, https:\/\/www.cidadesemfoco.com\/wp-content\/uploads\/2023\/08\/DSC_0075-8-768x512.jpg 768w, https:\/\/www.cidadesemfoco.com\/wp-content\/uploads\/2023\/08\/DSC_0075-8-480x320.jpg 480w, https:\/\/www.cidadesemfoco.com\/wp-content\/uploads\/2023\/08\/DSC_0075-8-280x186.jpg 280w, https:\/\/www.cidadesemfoco.com\/wp-content\/uploads\/2023\/08\/DSC_0075-8-600x400.jpg 600w, https:\/\/www.cidadesemfoco.com\/wp-content\/uploads\/2023\/08\/DSC_0075-8-585x390.jpg 585w\" alt=\"\" width=\"900\" height=\"600\" \/><\/a><\/div>\n<\/figure>\n<figure class=\"gallery-item\">\n<div class=\"gallery-icon landscape\"><a href=\"https:\/\/www.cidadesemfoco.com\/com-o-placar-de-4-a-1-jacobina-vence-curral-novo-do-piaui-na-disputa-pela-copa-amvi-veja-fotos\/dsc_0076-359\/\"><img loading=\"lazy\" decoding=\"async\" class=\"attachment-full size-full\" src=\"https:\/\/www.cidadesemfoco.com\/wp-content\/uploads\/2023\/08\/DSC_0076-7.jpg\" sizes=\"(max-width: 900px) 100vw, 900px\" srcset=\"https:\/\/www.cidadesemfoco.com\/wp-content\/uploads\/2023\/08\/DSC_0076-7.jpg 900w, https:\/\/www.cidadesemfoco.com\/wp-content\/uploads\/2023\/08\/DSC_0076-7-300x200.jpg 300w, https:\/\/www.cidadesemfoco.com\/wp-content\/uploads\/2023\/08\/DSC_0076-7-768x512.jpg 768w, https:\/\/www.cidadesemfoco.com\/wp-content\/uploads\/2023\/08\/DSC_0076-7-480x320.jpg 480w, https:\/\/www.cidadesemfoco.com\/wp-content\/uploads\/2023\/08\/DSC_0076-7-280x186.jpg 280w, https:\/\/www.cidadesemfoco.com\/wp-content\/uploads\/2023\/08\/DSC_0076-7-600x400.jpg 600w, https:\/\/www.cidadesemfoco.com\/wp-content\/uploads\/2023\/08\/DSC_0076-7-585x390.jpg 585w\" alt=\"\" width=\"900\" height=\"600\" \/><\/a><\/div>\n<\/figure>\n<figure class=\"gallery-item\">\n<div class=\"gallery-icon landscape\"><a href=\"https:\/\/www.cidadesemfoco.com\/com-o-placar-de-4-a-1-jacobina-vence-curral-novo-do-piaui-na-disputa-pela-copa-amvi-veja-fotos\/dsc_0078-371\/\"><img loading=\"lazy\" decoding=\"async\" class=\"attachment-full size-full\" src=\"https:\/\/www.cidadesemfoco.com\/wp-content\/uploads\/2023\/08\/DSC_0078-7.jpg\" sizes=\"(max-width: 900px) 100vw, 900px\" srcset=\"https:\/\/www.cidadesemfoco.com\/wp-content\/uploads\/2023\/08\/DSC_0078-7.jpg 900w, https:\/\/www.cidadesemfoco.com\/wp-content\/uploads\/2023\/08\/DSC_0078-7-300x200.jpg 300w, https:\/\/www.cidadesemfoco.com\/wp-content\/uploads\/2023\/08\/DSC_0078-7-768x512.jpg 768w, https:\/\/www.cidadesemfoco.com\/wp-content\/uploads\/2023\/08\/DSC_0078-7-480x320.jpg 480w, https:\/\/www.cidadesemfoco.com\/wp-content\/uploads\/2023\/08\/DSC_0078-7-280x186.jpg 280w, https:\/\/www.cidadesemfoco.com\/wp-content\/uploads\/2023\/08\/DSC_0078-7-600x400.jpg 600w, https:\/\/www.cidadesemfoco.com\/wp-content\/uploads\/2023\/08\/DSC_0078-7-585x390.jpg 585w\" alt=\"\" width=\"900\" height=\"600\" \/><\/a><\/div>\n<\/figure>\n<figure class=\"gallery-item\">\n<div class=\"gallery-icon landscape\"><a href=\"https:\/\/www.cidadesemfoco.com\/com-o-placar-de-4-a-1-jacobina-vence-curral-novo-do-piaui-na-disputa-pela-copa-amvi-veja-fotos\/dsc_0080-352\/\"><img loading=\"lazy\" decoding=\"async\" class=\"attachment-full size-full\" src=\"https:\/\/www.cidadesemfoco.com\/wp-content\/uploads\/2023\/08\/DSC_0080-8.jpg\" sizes=\"(max-width: 900px) 100vw, 900px\" srcset=\"https:\/\/www.cidadesemfoco.com\/wp-content\/uploads\/2023\/08\/DSC_0080-8.jpg 900w, https:\/\/www.cidadesemfoco.com\/wp-content\/uploads\/2023\/08\/DSC_0080-8-300x200.jpg 300w, https:\/\/www.cidadesemfoco.com\/wp-content\/uploads\/2023\/08\/DSC_0080-8-768x512.jpg 768w, https:\/\/www.cidadesemfoco.com\/wp-content\/uploads\/2023\/08\/DSC_0080-8-480x320.jpg 480w, https:\/\/www.cidadesemfoco.com\/wp-content\/uploads\/2023\/08\/DSC_0080-8-280x186.jpg 280w, https:\/\/www.cidadesemfoco.com\/wp-content\/uploads\/2023\/08\/DSC_0080-8-600x400.jpg 600w, https:\/\/www.cidadesemfoco.com\/wp-content\/uploads\/2023\/08\/DSC_0080-8-585x390.jpg 585w\" alt=\"\" width=\"900\" height=\"600\" \/><\/a><\/div>\n<\/figure>\n<figure class=\"gallery-item\">\n<div class=\"gallery-icon landscape\"><a href=\"https:\/\/www.cidadesemfoco.com\/com-o-placar-de-4-a-1-jacobina-vence-curral-novo-do-piaui-na-disputa-pela-copa-amvi-veja-fotos\/dsc_0081-352\/\"><img loading=\"lazy\" decoding=\"async\" class=\"attachment-full size-full\" src=\"https:\/\/www.cidadesemfoco.com\/wp-content\/uploads\/2023\/08\/DSC_0081-6.jpg\" sizes=\"(max-width: 900px) 100vw, 900px\" srcset=\"https:\/\/www.cidadesemfoco.com\/wp-content\/uploads\/2023\/08\/DSC_0081-6.jpg 900w, https:\/\/www.cidadesemfoco.com\/wp-content\/uploads\/2023\/08\/DSC_0081-6-300x200.jpg 300w, https:\/\/www.cidadesemfoco.com\/wp-content\/uploads\/2023\/08\/DSC_0081-6-768x512.jpg 768w, https:\/\/www.cidadesemfoco.com\/wp-content\/uploads\/2023\/08\/DSC_0081-6-480x320.jpg 480w, https:\/\/www.cidadesemfoco.com\/wp-content\/uploads\/2023\/08\/DSC_0081-6-280x186.jpg 280w, https:\/\/www.cidadesemfoco.com\/wp-content\/uploads\/2023\/08\/DSC_0081-6-600x400.jpg 600w, https:\/\/www.cidadesemfoco.com\/wp-content\/uploads\/2023\/08\/DSC_0081-6-585x390.jpg 585w\" alt=\"\" width=\"900\" height=\"600\" \/><\/a><\/div>\n<\/figure>\n<figure class=\"gallery-item\">\n<div class=\"gallery-icon landscape\"><a href=\"https:\/\/www.cidadesemfoco.com\/com-o-placar-de-4-a-1-jacobina-vence-curral-novo-do-piaui-na-disputa-pela-copa-amvi-veja-fotos\/dsc_0082-364\/\"><img loading=\"lazy\" decoding=\"async\" class=\"attachment-full size-full\" src=\"https:\/\/www.cidadesemfoco.com\/wp-content\/uploads\/2023\/08\/DSC_0082-7.jpg\" sizes=\"(max-width: 900px) 100vw, 900px\" srcset=\"https:\/\/www.cidadesemfoco.com\/wp-content\/uploads\/2023\/08\/DSC_0082-7.jpg 900w, https:\/\/www.cidadesemfoco.com\/wp-content\/uploads\/2023\/08\/DSC_0082-7-300x200.jpg 300w, https:\/\/www.cidadesemfoco.com\/wp-content\/uploads\/2023\/08\/DSC_0082-7-768x512.jpg 768w, https:\/\/www.cidadesemfoco.com\/wp-content\/uploads\/2023\/08\/DSC_0082-7-480x320.jpg 480w, https:\/\/www.cidadesemfoco.com\/wp-content\/uploads\/2023\/08\/DSC_0082-7-280x186.jpg 280w, https:\/\/www.cidadesemfoco.com\/wp-content\/uploads\/2023\/08\/DSC_0082-7-600x400.jpg 600w, https:\/\/www.cidadesemfoco.com\/wp-content\/uploads\/2023\/08\/DSC_0082-7-585x390.jpg 585w\" alt=\"\" width=\"900\" height=\"600\" \/><\/a><\/div>\n<\/figure>\n<figure class=\"gallery-item\">\n<div class=\"gallery-icon landscape\"><a href=\"https:\/\/www.cidadesemfoco.com\/com-o-placar-de-4-a-1-jacobina-vence-curral-novo-do-piaui-na-disputa-pela-copa-amvi-veja-fotos\/dsc_0085-365\/\"><img loading=\"lazy\" decoding=\"async\" class=\"attachment-full size-full\" src=\"https:\/\/www.cidadesemfoco.com\/wp-content\/uploads\/2023\/08\/DSC_0085-4.jpg\" sizes=\"(max-width: 900px) 100vw, 900px\" srcset=\"https:\/\/www.cidadesemfoco.com\/wp-content\/uploads\/2023\/08\/DSC_0085-4.jpg 900w, https:\/\/www.cidadesemfoco.com\/wp-content\/uploads\/2023\/08\/DSC_0085-4-300x200.jpg 300w, https:\/\/www.cidadesemfoco.com\/wp-content\/uploads\/2023\/08\/DSC_0085-4-768x512.jpg 768w, https:\/\/www.cidadesemfoco.com\/wp-content\/uploads\/2023\/08\/DSC_0085-4-480x320.jpg 480w, https:\/\/www.cidadesemfoco.com\/wp-content\/uploads\/2023\/08\/DSC_0085-4-280x186.jpg 280w, https:\/\/www.cidadesemfoco.com\/wp-content\/uploads\/2023\/08\/DSC_0085-4-600x400.jpg 600w, https:\/\/www.cidadesemfoco.com\/wp-content\/uploads\/2023\/08\/DSC_0085-4-585x390.jpg 585w\" alt=\"\" width=\"900\" height=\"600\" \/><\/a><\/div>\n<\/figure>\n<figure class=\"gallery-item\">\n<div class=\"gallery-icon landscape\"><a href=\"https:\/\/www.cidadesemfoco.com\/com-o-placar-de-4-a-1-jacobina-vence-curral-novo-do-piaui-na-disputa-pela-copa-amvi-veja-fotos\/dsc_0088-335\/\"><img loading=\"lazy\" decoding=\"async\" class=\"attachment-full size-full\" src=\"https:\/\/www.cidadesemfoco.com\/wp-content\/uploads\/2023\/08\/DSC_0088-5.jpg\" sizes=\"(max-width: 900px) 100vw, 900px\" srcset=\"https:\/\/www.cidadesemfoco.com\/wp-content\/uploads\/2023\/08\/DSC_0088-5.jpg 900w, https:\/\/www.cidadesemfoco.com\/wp-content\/uploads\/2023\/08\/DSC_0088-5-300x200.jpg 300w, https:\/\/www.cidadesemfoco.com\/wp-content\/uploads\/2023\/08\/DSC_0088-5-768x512.jpg 768w, https:\/\/www.cidadesemfoco.com\/wp-content\/uploads\/2023\/08\/DSC_0088-5-480x320.jpg 480w, https:\/\/www.cidadesemfoco.com\/wp-content\/uploads\/2023\/08\/DSC_0088-5-280x186.jpg 280w, https:\/\/www.cidadesemfoco.com\/wp-content\/uploads\/2023\/08\/DSC_0088-5-600x400.jpg 600w, https:\/\/www.cidadesemfoco.com\/wp-content\/uploads\/2023\/08\/DSC_0088-5-585x390.jpg 585w\" alt=\"\" width=\"900\" height=\"600\" \/><\/a><\/div>\n<\/figure>\n<figure class=\"gallery-item\">\n<div class=\"gallery-icon landscape\"><a href=\"https:\/\/www.cidadesemfoco.com\/com-o-placar-de-4-a-1-jacobina-vence-curral-novo-do-piaui-na-disputa-pela-copa-amvi-veja-fotos\/dsc_0090-347\/\"><img loading=\"lazy\" decoding=\"async\" class=\"attachment-full size-full\" src=\"https:\/\/www.cidadesemfoco.com\/wp-content\/uploads\/2023\/08\/DSC_0090-8.jpg\" sizes=\"(max-width: 900px) 100vw, 900px\" srcset=\"https:\/\/www.cidadesemfoco.com\/wp-content\/uploads\/2023\/08\/DSC_0090-8.jpg 900w, https:\/\/www.cidadesemfoco.com\/wp-content\/uploads\/2023\/08\/DSC_0090-8-300x200.jpg 300w, https:\/\/www.cidadesemfoco.com\/wp-content\/uploads\/2023\/08\/DSC_0090-8-768x512.jpg 768w, https:\/\/www.cidadesemfoco.com\/wp-content\/uploads\/2023\/08\/DSC_0090-8-480x320.jpg 480w, https:\/\/www.cidadesemfoco.com\/wp-content\/uploads\/2023\/08\/DSC_0090-8-280x186.jpg 280w, https:\/\/www.cidadesemfoco.com\/wp-content\/uploads\/2023\/08\/DSC_0090-8-600x400.jpg 600w, https:\/\/www.cidadesemfoco.com\/wp-content\/uploads\/2023\/08\/DSC_0090-8-585x390.jpg 585w\" alt=\"\" width=\"900\" height=\"600\" \/><\/a><\/div>\n<\/figure>\n<figure class=\"gallery-item\">\n<div class=\"gallery-icon landscape\"><a href=\"https:\/\/www.cidadesemfoco.com\/com-o-placar-de-4-a-1-jacobina-vence-curral-novo-do-piaui-na-disputa-pela-copa-amvi-veja-fotos\/dsc_0091-362\/\"><img loading=\"lazy\" decoding=\"async\" class=\"attachment-full size-full\" src=\"https:\/\/www.cidadesemfoco.com\/wp-content\/uploads\/2023\/08\/DSC_0091-7.jpg\" sizes=\"(max-width: 900px) 100vw, 900px\" srcset=\"https:\/\/www.cidadesemfoco.com\/wp-content\/uploads\/2023\/08\/DSC_0091-7.jpg 900w, https:\/\/www.cidadesemfoco.com\/wp-content\/uploads\/2023\/08\/DSC_0091-7-300x200.jpg 300w, https:\/\/www.cidadesemfoco.com\/wp-content\/uploads\/2023\/08\/DSC_0091-7-768x512.jpg 768w, https:\/\/www.cidadesemfoco.com\/wp-content\/uploads\/2023\/08\/DSC_0091-7-480x320.jpg 480w, https:\/\/www.cidadesemfoco.com\/wp-content\/uploads\/2023\/08\/DSC_0091-7-280x186.jpg 280w, https:\/\/www.cidadesemfoco.com\/wp-content\/uploads\/2023\/08\/DSC_0091-7-600x400.jpg 600w, https:\/\/www.cidadesemfoco.com\/wp-content\/uploads\/2023\/08\/DSC_0091-7-585x390.jpg 585w\" alt=\"\" width=\"900\" height=\"600\" \/><\/a><\/div>\n<\/figure>\n<figure class=\"gallery-item\">\n<div class=\"gallery-icon landscape\"><a href=\"https:\/\/www.cidadesemfoco.com\/com-o-placar-de-4-a-1-jacobina-vence-curral-novo-do-piaui-na-disputa-pela-copa-amvi-veja-fotos\/dsc_0092-349\/\"><img loading=\"lazy\" decoding=\"async\" class=\"attachment-full size-full\" src=\"https:\/\/www.cidadesemfoco.com\/wp-content\/uploads\/2023\/08\/DSC_0092-5.jpg\" sizes=\"(max-width: 900px) 100vw, 900px\" srcset=\"https:\/\/www.cidadesemfoco.com\/wp-content\/uploads\/2023\/08\/DSC_0092-5.jpg 900w, https:\/\/www.cidadesemfoco.com\/wp-content\/uploads\/2023\/08\/DSC_0092-5-300x200.jpg 300w, https:\/\/www.cidadesemfoco.com\/wp-content\/uploads\/2023\/08\/DSC_0092-5-768x512.jpg 768w, https:\/\/www.cidadesemfoco.com\/wp-content\/uploads\/2023\/08\/DSC_0092-5-480x320.jpg 480w, https:\/\/www.cidadesemfoco.com\/wp-content\/uploads\/2023\/08\/DSC_0092-5-280x186.jpg 280w, https:\/\/www.cidadesemfoco.com\/wp-content\/uploads\/2023\/08\/DSC_0092-5-600x400.jpg 600w, https:\/\/www.cidadesemfoco.com\/wp-content\/uploads\/2023\/08\/DSC_0092-5-585x390.jpg 585w\" alt=\"\" width=\"900\" height=\"600\" \/><\/a><\/div>\n<\/figure>\n<figure class=\"gallery-item\">\n<div class=\"gallery-icon landscape\"><a href=\"https:\/\/www.cidadesemfoco.com\/com-o-placar-de-4-a-1-jacobina-vence-curral-novo-do-piaui-na-disputa-pela-copa-amvi-veja-fotos\/dsc_0093-330\/\"><img loading=\"lazy\" decoding=\"async\" class=\"attachment-full size-full\" src=\"https:\/\/www.cidadesemfoco.com\/wp-content\/uploads\/2023\/08\/DSC_0093-7.jpg\" sizes=\"(max-width: 900px) 100vw, 900px\" srcset=\"https:\/\/www.cidadesemfoco.com\/wp-content\/uploads\/2023\/08\/DSC_0093-7.jpg 900w, https:\/\/www.cidadesemfoco.com\/wp-content\/uploads\/2023\/08\/DSC_0093-7-300x200.jpg 300w, https:\/\/www.cidadesemfoco.com\/wp-content\/uploads\/2023\/08\/DSC_0093-7-768x512.jpg 768w, https:\/\/www.cidadesemfoco.com\/wp-content\/uploads\/2023\/08\/DSC_0093-7-480x320.jpg 480w, https:\/\/www.cidadesemfoco.com\/wp-content\/uploads\/2023\/08\/DSC_0093-7-280x186.jpg 280w, https:\/\/www.cidadesemfoco.com\/wp-content\/uploads\/2023\/08\/DSC_0093-7-600x400.jpg 600w, https:\/\/www.cidadesemfoco.com\/wp-content\/uploads\/2023\/08\/DSC_0093-7-585x390.jpg 585w\" alt=\"\" width=\"900\" height=\"600\" \/><\/a><\/div>\n<\/figure>\n<figure class=\"gallery-item\">\n<div class=\"gallery-icon landscape\"><a href=\"https:\/\/www.cidadesemfoco.com\/com-o-placar-de-4-a-1-jacobina-vence-curral-novo-do-piaui-na-disputa-pela-copa-amvi-veja-fotos\/dsc_0094-356\/\"><img loading=\"lazy\" decoding=\"async\" class=\"attachment-full size-full\" src=\"https:\/\/www.cidadesemfoco.com\/wp-content\/uploads\/2023\/08\/DSC_0094-8.jpg\" sizes=\"(max-width: 900px) 100vw, 900px\" srcset=\"https:\/\/www.cidadesemfoco.com\/wp-content\/uploads\/2023\/08\/DSC_0094-8.jpg 900w, https:\/\/www.cidadesemfoco.com\/wp-content\/uploads\/2023\/08\/DSC_0094-8-300x200.jpg 300w, https:\/\/www.cidadesemfoco.com\/wp-content\/uploads\/2023\/08\/DSC_0094-8-768x512.jpg 768w, https:\/\/www.cidadesemfoco.com\/wp-content\/uploads\/2023\/08\/DSC_0094-8-480x320.jpg 480w, https:\/\/www.cidadesemfoco.com\/wp-content\/uploads\/2023\/08\/DSC_0094-8-280x186.jpg 280w, https:\/\/www.cidadesemfoco.com\/wp-content\/uploads\/2023\/08\/DSC_0094-8-600x400.jpg 600w, https:\/\/www.cidadesemfoco.com\/wp-content\/uploads\/2023\/08\/DSC_0094-8-585x390.jpg 585w\" alt=\"\" width=\"900\" height=\"600\" \/><\/a><\/div>\n<\/figure>\n<figure class=\"gallery-item\">\n<div class=\"gallery-icon landscape\"><a href=\"https:\/\/www.cidadesemfoco.com\/com-o-placar-de-4-a-1-jacobina-vence-curral-novo-do-piaui-na-disputa-pela-copa-amvi-veja-fotos\/dsc_0095-335\/\"><img loading=\"lazy\" decoding=\"async\" class=\"attachment-full size-full\" src=\"https:\/\/www.cidadesemfoco.com\/wp-content\/uploads\/2023\/08\/DSC_0095-5.jpg\" sizes=\"(max-width: 900px) 100vw, 900px\" srcset=\"https:\/\/www.cidadesemfoco.com\/wp-content\/uploads\/2023\/08\/DSC_0095-5.jpg 900w, https:\/\/www.cidadesemfoco.com\/wp-content\/uploads\/2023\/08\/DSC_0095-5-300x200.jpg 300w, https:\/\/www.cidadesemfoco.com\/wp-content\/uploads\/2023\/08\/DSC_0095-5-768x512.jpg 768w, https:\/\/www.cidadesemfoco.com\/wp-content\/uploads\/2023\/08\/DSC_0095-5-480x320.jpg 480w, https:\/\/www.cidadesemfoco.com\/wp-content\/uploads\/2023\/08\/DSC_0095-5-280x186.jpg 280w, https:\/\/www.cidadesemfoco.com\/wp-content\/uploads\/2023\/08\/DSC_0095-5-600x400.jpg 600w, https:\/\/www.cidadesemfoco.com\/wp-content\/uploads\/2023\/08\/DSC_0095-5-585x390.jpg 585w\" alt=\"\" width=\"900\" height=\"600\" \/><\/a><\/div>\n<\/figure>\n<figure class=\"gallery-item\">\n<div class=\"gallery-icon landscape\"><a href=\"https:\/\/www.cidadesemfoco.com\/com-o-placar-de-4-a-1-jacobina-vence-curral-novo-do-piaui-na-disputa-pela-copa-amvi-veja-fotos\/dsc_0098-322\/\"><img loading=\"lazy\" decoding=\"async\" class=\"attachment-full size-full\" src=\"https:\/\/www.cidadesemfoco.com\/wp-content\/uploads\/2023\/08\/DSC_0098-1.jpg\" sizes=\"(max-width: 900px) 100vw, 900px\" srcset=\"https:\/\/www.cidadesemfoco.com\/wp-content\/uploads\/2023\/08\/DSC_0098-1.jpg 900w, https:\/\/www.cidadesemfoco.com\/wp-content\/uploads\/2023\/08\/DSC_0098-1-300x200.jpg 300w, https:\/\/www.cidadesemfoco.com\/wp-content\/uploads\/2023\/08\/DSC_0098-1-768x512.jpg 768w, https:\/\/www.cidadesemfoco.com\/wp-content\/uploads\/2023\/08\/DSC_0098-1-480x320.jpg 480w, https:\/\/www.cidadesemfoco.com\/wp-content\/uploads\/2023\/08\/DSC_0098-1-280x186.jpg 280w, https:\/\/www.cidadesemfoco.com\/wp-content\/uploads\/2023\/08\/DSC_0098-1-600x400.jpg 600w, https:\/\/www.cidadesemfoco.com\/wp-content\/uploads\/2023\/08\/DSC_0098-1-585x390.jpg 585w\" alt=\"\" width=\"900\" height=\"600\" \/><\/a><\/div>\n<\/figure>\n<figure class=\"gallery-item\">\n<div class=\"gallery-icon landscape\"><a href=\"https:\/\/www.cidadesemfoco.com\/com-o-placar-de-4-a-1-jacobina-vence-curral-novo-do-piaui-na-disputa-pela-copa-amvi-veja-fotos\/dsc_0100-322\/\"><img loading=\"lazy\" decoding=\"async\" class=\"attachment-full size-full\" src=\"https:\/\/www.cidadesemfoco.com\/wp-content\/uploads\/2023\/08\/DSC_0100-7.jpg\" sizes=\"(max-width: 900px) 100vw, 900px\" srcset=\"https:\/\/www.cidadesemfoco.com\/wp-content\/uploads\/2023\/08\/DSC_0100-7.jpg 900w, https:\/\/www.cidadesemfoco.com\/wp-content\/uploads\/2023\/08\/DSC_0100-7-300x200.jpg 300w, https:\/\/www.cidadesemfoco.com\/wp-content\/uploads\/2023\/08\/DSC_0100-7-768x512.jpg 768w, https:\/\/www.cidadesemfoco.com\/wp-content\/uploads\/2023\/08\/DSC_0100-7-480x320.jpg 480w, https:\/\/www.cidadesemfoco.com\/wp-content\/uploads\/2023\/08\/DSC_0100-7-280x186.jpg 280w, https:\/\/www.cidadesemfoco.com\/wp-content\/uploads\/2023\/08\/DSC_0100-7-600x400.jpg 600w, https:\/\/www.cidadesemfoco.com\/wp-content\/uploads\/2023\/08\/DSC_0100-7-585x390.jpg 585w\" alt=\"\" width=\"900\" height=\"600\" \/><\/a><\/div>\n<\/figure>\n<figure class=\"gallery-item\">\n<div class=\"gallery-icon landscape\"><a href=\"https:\/\/www.cidadesemfoco.com\/com-o-placar-de-4-a-1-jacobina-vence-curral-novo-do-piaui-na-disputa-pela-copa-amvi-veja-fotos\/dsc_0103-351\/\"><img loading=\"lazy\" decoding=\"async\" class=\"attachment-full size-full\" src=\"https:\/\/www.cidadesemfoco.com\/wp-content\/uploads\/2023\/08\/DSC_0103-5.jpg\" sizes=\"(max-width: 900px) 100vw, 900px\" srcset=\"https:\/\/www.cidadesemfoco.com\/wp-content\/uploads\/2023\/08\/DSC_0103-5.jpg 900w, https:\/\/www.cidadesemfoco.com\/wp-content\/uploads\/2023\/08\/DSC_0103-5-300x200.jpg 300w, https:\/\/www.cidadesemfoco.com\/wp-content\/uploads\/2023\/08\/DSC_0103-5-768x512.jpg 768w, https:\/\/www.cidadesemfoco.com\/wp-content\/uploads\/2023\/08\/DSC_0103-5-480x320.jpg 480w, https:\/\/www.cidadesemfoco.com\/wp-content\/uploads\/2023\/08\/DSC_0103-5-280x186.jpg 280w, https:\/\/www.cidadesemfoco.com\/wp-content\/uploads\/2023\/08\/DSC_0103-5-600x400.jpg 600w, https:\/\/www.cidadesemfoco.com\/wp-content\/uploads\/2023\/08\/DSC_0103-5-585x390.jpg 585w\" alt=\"\" width=\"900\" height=\"600\" \/><\/a><\/div>\n<\/figure>\n<figure class=\"gallery-item\">\n<div class=\"gallery-icon landscape\"><a href=\"https:\/\/www.cidadesemfoco.com\/com-o-placar-de-4-a-1-jacobina-vence-curral-novo-do-piaui-na-disputa-pela-copa-amvi-veja-fotos\/dsc_0105-336\/\"><img loading=\"lazy\" decoding=\"async\" class=\"attachment-full size-full\" src=\"https:\/\/www.cidadesemfoco.com\/wp-content\/uploads\/2023\/08\/DSC_0105-3.jpg\" sizes=\"(max-width: 900px) 100vw, 900px\" srcset=\"https:\/\/www.cidadesemfoco.com\/wp-content\/uploads\/2023\/08\/DSC_0105-3.jpg 900w, https:\/\/www.cidadesemfoco.com\/wp-content\/uploads\/2023\/08\/DSC_0105-3-300x200.jpg 300w, https:\/\/www.cidadesemfoco.com\/wp-content\/uploads\/2023\/08\/DSC_0105-3-768x512.jpg 768w, https:\/\/www.cidadesemfoco.com\/wp-content\/uploads\/2023\/08\/DSC_0105-3-480x320.jpg 480w, https:\/\/www.cidadesemfoco.com\/wp-content\/uploads\/2023\/08\/DSC_0105-3-280x186.jpg 280w, https:\/\/www.cidadesemfoco.com\/wp-content\/uploads\/2023\/08\/DSC_0105-3-600x400.jpg 600w, https:\/\/www.cidadesemfoco.com\/wp-content\/uploads\/2023\/08\/DSC_0105-3-585x390.jpg 585w\" alt=\"\" width=\"900\" height=\"600\" \/><\/a><\/div>\n<\/figure>\n<figure class=\"gallery-item\">\n<div class=\"gallery-icon landscape\"><a href=\"https:\/\/www.cidadesemfoco.com\/com-o-placar-de-4-a-1-jacobina-vence-curral-novo-do-piaui-na-disputa-pela-copa-amvi-veja-fotos\/dsc_0108-326\/\"><img loading=\"lazy\" decoding=\"async\" class=\"attachment-full size-full\" src=\"https:\/\/www.cidadesemfoco.com\/wp-content\/uploads\/2023\/08\/DSC_0108-4.jpg\" sizes=\"(max-width: 900px) 100vw, 900px\" srcset=\"https:\/\/www.cidadesemfoco.com\/wp-content\/uploads\/2023\/08\/DSC_0108-4.jpg 900w, https:\/\/www.cidadesemfoco.com\/wp-content\/uploads\/2023\/08\/DSC_0108-4-300x200.jpg 300w, https:\/\/www.cidadesemfoco.com\/wp-content\/uploads\/2023\/08\/DSC_0108-4-768x512.jpg 768w, https:\/\/www.cidadesemfoco.com\/wp-content\/uploads\/2023\/08\/DSC_0108-4-480x320.jpg 480w, https:\/\/www.cidadesemfoco.com\/wp-content\/uploads\/2023\/08\/DSC_0108-4-280x186.jpg 280w, https:\/\/www.cidadesemfoco.com\/wp-content\/uploads\/2023\/08\/DSC_0108-4-600x400.jpg 600w, https:\/\/www.cidadesemfoco.com\/wp-content\/uploads\/2023\/08\/DSC_0108-4-585x390.jpg 585w\" alt=\"\" width=\"900\" height=\"600\" \/><\/a><\/div>\n<\/figure>\n<figure class=\"gallery-item\">\n<div class=\"gallery-icon landscape\"><a href=\"https:\/\/www.cidadesemfoco.com\/com-o-placar-de-4-a-1-jacobina-vence-curral-novo-do-piaui-na-disputa-pela-copa-amvi-veja-fotos\/dsc_0111-313\/\"><img loading=\"lazy\" decoding=\"async\" class=\"attachment-full size-full\" src=\"https:\/\/www.cidadesemfoco.com\/wp-content\/uploads\/2023\/08\/DSC_0111-8.jpg\" sizes=\"(max-width: 900px) 100vw, 900px\" srcset=\"https:\/\/www.cidadesemfoco.com\/wp-content\/uploads\/2023\/08\/DSC_0111-8.jpg 900w, https:\/\/www.cidadesemfoco.com\/wp-content\/uploads\/2023\/08\/DSC_0111-8-300x200.jpg 300w, https:\/\/www.cidadesemfoco.com\/wp-content\/uploads\/2023\/08\/DSC_0111-8-768x512.jpg 768w, https:\/\/www.cidadesemfoco.com\/wp-content\/uploads\/2023\/08\/DSC_0111-8-480x320.jpg 480w, https:\/\/www.cidadesemfoco.com\/wp-content\/uploads\/2023\/08\/DSC_0111-8-280x186.jpg 280w, https:\/\/www.cidadesemfoco.com\/wp-content\/uploads\/2023\/08\/DSC_0111-8-600x400.jpg 600w, https:\/\/www.cidadesemfoco.com\/wp-content\/uploads\/2023\/08\/DSC_0111-8-585x390.jpg 585w\" alt=\"\" width=\"900\" height=\"600\" \/><\/a><\/div>\n<\/figure>\n<figure class=\"gallery-item\">\n<div class=\"gallery-icon landscape\"><a href=\"https:\/\/www.cidadesemfoco.com\/com-o-placar-de-4-a-1-jacobina-vence-curral-novo-do-piaui-na-disputa-pela-copa-amvi-veja-fotos\/img_5335-5\/\"><img loading=\"lazy\" decoding=\"async\" class=\"attachment-full size-full\" src=\"https:\/\/www.cidadesemfoco.com\/wp-content\/uploads\/2023\/08\/IMG_5335.jpg\" sizes=\"(max-width: 900px) 100vw, 900px\" srcset=\"https:\/\/www.cidadesemfoco.com\/wp-content\/uploads\/2023\/08\/IMG_5335.jpg 900w, https:\/\/www.cidadesemfoco.com\/wp-content\/uploads\/2023\/08\/IMG_5335-300x200.jpg 300w, https:\/\/www.cidadesemfoco.com\/wp-content\/uploads\/2023\/08\/IMG_5335-768x512.jpg 768w, https:\/\/www.cidadesemfoco.com\/wp-content\/uploads\/2023\/08\/IMG_5335-480x320.jpg 480w, https:\/\/www.cidadesemfoco.com\/wp-content\/uploads\/2023\/08\/IMG_5335-280x186.jpg 280w, https:\/\/www.cidadesemfoco.com\/wp-content\/uploads\/2023\/08\/IMG_5335-600x400.jpg 600w, https:\/\/www.cidadesemfoco.com\/wp-content\/uploads\/2023\/08\/IMG_5335-585x390.jpg 585w\" alt=\"\" width=\"900\" height=\"600\" \/><\/a><\/div>\n<\/figure>\n<figure class=\"gallery-item\">\n<div class=\"gallery-icon landscape\"><a href=\"https:\/\/www.cidadesemfoco.com\/com-o-placar-de-4-a-1-jacobina-vence-curral-novo-do-piaui-na-disputa-pela-copa-amvi-veja-fotos\/img_5337-3\/\"><img loading=\"lazy\" decoding=\"async\" class=\"attachment-full size-full\" src=\"https:\/\/www.cidadesemfoco.com\/wp-content\/uploads\/2023\/08\/IMG_5337.jpg\" sizes=\"(max-width: 900px) 100vw, 900px\" srcset=\"https:\/\/www.cidadesemfoco.com\/wp-content\/uploads\/2023\/08\/IMG_5337.jpg 900w, https:\/\/www.cidadesemfoco.com\/wp-content\/uploads\/2023\/08\/IMG_5337-300x200.jpg 300w, https:\/\/www.cidadesemfoco.com\/wp-content\/uploads\/2023\/08\/IMG_5337-768x512.jpg 768w, https:\/\/www.cidadesemfoco.com\/wp-content\/uploads\/2023\/08\/IMG_5337-480x320.jpg 480w, https:\/\/www.cidadesemfoco.com\/wp-content\/uploads\/2023\/08\/IMG_5337-280x186.jpg 280w, https:\/\/www.cidadesemfoco.com\/wp-content\/uploads\/2023\/08\/IMG_5337-600x400.jpg 600w, https:\/\/www.cidadesemfoco.com\/wp-content\/uploads\/2023\/08\/IMG_5337-585x390.jpg 585w\" alt=\"\" width=\"900\" height=\"600\" \/><\/a><\/div>\n<\/figure>\n<figure class=\"gallery-item\">\n<div class=\"gallery-icon landscape\"><a href=\"https:\/\/www.cidadesemfoco.com\/com-o-placar-de-4-a-1-jacobina-vence-curral-novo-do-piaui-na-disputa-pela-copa-amvi-veja-fotos\/img_5340-4\/\"><img loading=\"lazy\" decoding=\"async\" class=\"attachment-full size-full\" src=\"https:\/\/www.cidadesemfoco.com\/wp-content\/uploads\/2023\/08\/IMG_5340.jpg\" sizes=\"(max-width: 900px) 100vw, 900px\" srcset=\"https:\/\/www.cidadesemfoco.com\/wp-content\/uploads\/2023\/08\/IMG_5340.jpg 900w, https:\/\/www.cidadesemfoco.com\/wp-content\/uploads\/2023\/08\/IMG_5340-300x200.jpg 300w, https:\/\/www.cidadesemfoco.com\/wp-content\/uploads\/2023\/08\/IMG_5340-768x512.jpg 768w, https:\/\/www.cidadesemfoco.com\/wp-content\/uploads\/2023\/08\/IMG_5340-480x320.jpg 480w, https:\/\/www.cidadesemfoco.com\/wp-content\/uploads\/2023\/08\/IMG_5340-280x186.jpg 280w, https:\/\/www.cidadesemfoco.com\/wp-content\/uploads\/2023\/08\/IMG_5340-600x400.jpg 600w, https:\/\/www.cidadesemfoco.com\/wp-content\/uploads\/2023\/08\/IMG_5340-585x390.jpg 585w\" alt=\"\" width=\"900\" height=\"600\" \/><\/a><\/div>\n<\/figure>\n<figure class=\"gallery-item\">\n<div class=\"gallery-icon landscape\"><a href=\"https:\/\/www.cidadesemfoco.com\/com-o-placar-de-4-a-1-jacobina-vence-curral-novo-do-piaui-na-disputa-pela-copa-amvi-veja-fotos\/img_5342-2\/\"><img loading=\"lazy\" decoding=\"async\" class=\"attachment-full size-full\" src=\"https:\/\/www.cidadesemfoco.com\/wp-content\/uploads\/2023\/08\/IMG_5342.jpg\" sizes=\"(max-width: 900px) 100vw, 900px\" srcset=\"https:\/\/www.cidadesemfoco.com\/wp-content\/uploads\/2023\/08\/IMG_5342.jpg 900w, https:\/\/www.cidadesemfoco.com\/wp-content\/uploads\/2023\/08\/IMG_5342-300x200.jpg 300w, https:\/\/www.cidadesemfoco.com\/wp-content\/uploads\/2023\/08\/IMG_5342-768x512.jpg 768w, https:\/\/www.cidadesemfoco.com\/wp-content\/uploads\/2023\/08\/IMG_5342-480x320.jpg 480w, https:\/\/www.cidadesemfoco.com\/wp-content\/uploads\/2023\/08\/IMG_5342-280x186.jpg 280w, https:\/\/www.cidadesemfoco.com\/wp-content\/uploads\/2023\/08\/IMG_5342-600x400.jpg 600w, https:\/\/www.cidadesemfoco.com\/wp-content\/uploads\/2023\/08\/IMG_5342-585x390.jpg 585w\" alt=\"\" width=\"900\" height=\"600\" \/><\/a><\/div>\n<\/figure>\n<figure class=\"gallery-item\">\n<div class=\"gallery-icon landscape\"><a href=\"https:\/\/www.cidadesemfoco.com\/com-o-placar-de-4-a-1-jacobina-vence-curral-novo-do-piaui-na-disputa-pela-copa-amvi-veja-fotos\/img_5344-3\/\"><img loading=\"lazy\" decoding=\"async\" class=\"attachment-full size-full\" src=\"https:\/\/www.cidadesemfoco.com\/wp-content\/uploads\/2023\/08\/IMG_5344.jpg\" sizes=\"(max-width: 900px) 100vw, 900px\" srcset=\"https:\/\/www.cidadesemfoco.com\/wp-content\/uploads\/2023\/08\/IMG_5344.jpg 900w, https:\/\/www.cidadesemfoco.com\/wp-content\/uploads\/2023\/08\/IMG_5344-300x200.jpg 300w, https:\/\/www.cidadesemfoco.com\/wp-content\/uploads\/2023\/08\/IMG_5344-768x512.jpg 768w, https:\/\/www.cidadesemfoco.com\/wp-content\/uploads\/2023\/08\/IMG_5344-480x320.jpg 480w, https:\/\/www.cidadesemfoco.com\/wp-content\/uploads\/2023\/08\/IMG_5344-280x186.jpg 280w, https:\/\/www.cidadesemfoco.com\/wp-content\/uploads\/2023\/08\/IMG_5344-600x400.jpg 600w, https:\/\/www.cidadesemfoco.com\/wp-content\/uploads\/2023\/08\/IMG_5344-585x390.jpg 585w\" alt=\"\" width=\"900\" height=\"600\" \/><\/a><\/div>\n<\/figure>\n<figure class=\"gallery-item\">\n<div class=\"gallery-icon landscape\"><a href=\"https:\/\/www.cidadesemfoco.com\/com-o-placar-de-4-a-1-jacobina-vence-curral-novo-do-piaui-na-disputa-pela-copa-amvi-veja-fotos\/img_5345-2\/\"><img loading=\"lazy\" decoding=\"async\" class=\"attachment-full size-full\" src=\"https:\/\/www.cidadesemfoco.com\/wp-content\/uploads\/2023\/08\/IMG_5345.jpg\" sizes=\"(max-width: 900px) 100vw, 900px\" srcset=\"https:\/\/www.cidadesemfoco.com\/wp-content\/uploads\/2023\/08\/IMG_5345.jpg 900w, https:\/\/www.cidadesemfoco.com\/wp-content\/uploads\/2023\/08\/IMG_5345-300x200.jpg 300w, https:\/\/www.cidadesemfoco.com\/wp-content\/uploads\/2023\/08\/IMG_5345-768x512.jpg 768w, https:\/\/www.cidadesemfoco.com\/wp-content\/uploads\/2023\/08\/IMG_5345-480x320.jpg 480w, https:\/\/www.cidadesemfoco.com\/wp-content\/uploads\/2023\/08\/IMG_5345-280x186.jpg 280w, https:\/\/www.cidadesemfoco.com\/wp-content\/uploads\/2023\/08\/IMG_5345-600x400.jpg 600w, https:\/\/www.cidadesemfoco.com\/wp-content\/uploads\/2023\/08\/IMG_5345-585x390.jpg 585w\" alt=\"\" width=\"900\" height=\"600\" \/><\/a><\/div>\n<\/figure>\n<figure class=\"gallery-item\">\n<div class=\"gallery-icon landscape\"><a href=\"https:\/\/www.cidadesemfoco.com\/com-o-placar-de-4-a-1-jacobina-vence-curral-novo-do-piaui-na-disputa-pela-copa-amvi-veja-fotos\/img_5346\/\"><img loading=\"lazy\" decoding=\"async\" class=\"attachment-full size-full\" src=\"https:\/\/www.cidadesemfoco.com\/wp-content\/uploads\/2023\/08\/IMG_5346.jpg\" sizes=\"(max-width: 900px) 100vw, 900px\" srcset=\"https:\/\/www.cidadesemfoco.com\/wp-content\/uploads\/2023\/08\/IMG_5346.jpg 900w, https:\/\/www.cidadesemfoco.com\/wp-content\/uploads\/2023\/08\/IMG_5346-300x200.jpg 300w, https:\/\/www.cidadesemfoco.com\/wp-content\/uploads\/2023\/08\/IMG_5346-768x512.jpg 768w, https:\/\/www.cidadesemfoco.com\/wp-content\/uploads\/2023\/08\/IMG_5346-480x320.jpg 480w, https:\/\/www.cidadesemfoco.com\/wp-content\/uploads\/2023\/08\/IMG_5346-280x186.jpg 280w, https:\/\/www.cidadesemfoco.com\/wp-content\/uploads\/2023\/08\/IMG_5346-600x400.jpg 600w, https:\/\/www.cidadesemfoco.com\/wp-content\/uploads\/2023\/08\/IMG_5346-585x390.jpg 585w\" alt=\"\" width=\"900\" height=\"600\" \/><\/a><\/div>\n<\/figure>\n<figure class=\"gallery-item\">\n<div class=\"gallery-icon landscape\"><a href=\"https:\/\/www.cidadesemfoco.com\/com-o-placar-de-4-a-1-jacobina-vence-curral-novo-do-piaui-na-disputa-pela-copa-amvi-veja-fotos\/img_5349-2\/\"><img loading=\"lazy\" decoding=\"async\" class=\"attachment-full size-full\" src=\"https:\/\/www.cidadesemfoco.com\/wp-content\/uploads\/2023\/08\/IMG_5349.jpg\" sizes=\"(max-width: 900px) 100vw, 900px\" srcset=\"https:\/\/www.cidadesemfoco.com\/wp-content\/uploads\/2023\/08\/IMG_5349.jpg 900w, https:\/\/www.cidadesemfoco.com\/wp-content\/uploads\/2023\/08\/IMG_5349-300x200.jpg 300w, https:\/\/www.cidadesemfoco.com\/wp-content\/uploads\/2023\/08\/IMG_5349-768x512.jpg 768w, https:\/\/www.cidadesemfoco.com\/wp-content\/uploads\/2023\/08\/IMG_5349-480x320.jpg 480w, https:\/\/www.cidadesemfoco.com\/wp-content\/uploads\/2023\/08\/IMG_5349-280x186.jpg 280w, https:\/\/www.cidadesemfoco.com\/wp-content\/uploads\/2023\/08\/IMG_5349-600x400.jpg 600w, https:\/\/www.cidadesemfoco.com\/wp-content\/uploads\/2023\/08\/IMG_5349-585x390.jpg 585w\" alt=\"\" width=\"900\" height=\"600\" \/><\/a><\/div>\n<\/figure>\n<figure class=\"gallery-item\">\n<div class=\"gallery-icon landscape\"><a href=\"https:\/\/www.cidadesemfoco.com\/com-o-placar-de-4-a-1-jacobina-vence-curral-novo-do-piaui-na-disputa-pela-copa-amvi-veja-fotos\/img_5354-2\/\"><img loading=\"lazy\" decoding=\"async\" class=\"attachment-full size-full\" src=\"https:\/\/www.cidadesemfoco.com\/wp-content\/uploads\/2023\/08\/IMG_5354.jpg\" sizes=\"(max-width: 900px) 100vw, 900px\" srcset=\"https:\/\/www.cidadesemfoco.com\/wp-content\/uploads\/2023\/08\/IMG_5354.jpg 900w, https:\/\/www.cidadesemfoco.com\/wp-content\/uploads\/2023\/08\/IMG_5354-300x200.jpg 300w, https:\/\/www.cidadesemfoco.com\/wp-content\/uploads\/2023\/08\/IMG_5354-768x512.jpg 768w, https:\/\/www.cidadesemfoco.com\/wp-content\/uploads\/2023\/08\/IMG_5354-480x320.jpg 480w, https:\/\/www.cidadesemfoco.com\/wp-content\/uploads\/2023\/08\/IMG_5354-280x186.jpg 280w, https:\/\/www.cidadesemfoco.com\/wp-content\/uploads\/2023\/08\/IMG_5354-600x400.jpg 600w, https:\/\/www.cidadesemfoco.com\/wp-content\/uploads\/2023\/08\/IMG_5354-585x390.jpg 585w\" alt=\"\" width=\"900\" height=\"600\" \/><\/a><\/div>\n<\/figure>\n<figure class=\"gallery-item\">\n<div class=\"gallery-icon landscape\"><a href=\"https:\/\/www.cidadesemfoco.com\/com-o-placar-de-4-a-1-jacobina-vence-curral-novo-do-piaui-na-disputa-pela-copa-amvi-veja-fotos\/img_5355-3\/\"><img loading=\"lazy\" decoding=\"async\" class=\"attachment-full size-full\" src=\"https:\/\/www.cidadesemfoco.com\/wp-content\/uploads\/2023\/08\/IMG_5355.jpg\" sizes=\"(max-width: 900px) 100vw, 900px\" srcset=\"https:\/\/www.cidadesemfoco.com\/wp-content\/uploads\/2023\/08\/IMG_5355.jpg 900w, https:\/\/www.cidadesemfoco.com\/wp-content\/uploads\/2023\/08\/IMG_5355-300x200.jpg 300w, https:\/\/www.cidadesemfoco.com\/wp-content\/uploads\/2023\/08\/IMG_5355-768x512.jpg 768w, https:\/\/www.cidadesemfoco.com\/wp-content\/uploads\/2023\/08\/IMG_5355-480x320.jpg 480w, https:\/\/www.cidadesemfoco.com\/wp-content\/uploads\/2023\/08\/IMG_5355-280x186.jpg 280w, https:\/\/www.cidadesemfoco.com\/wp-content\/uploads\/2023\/08\/IMG_5355-600x400.jpg 600w, https:\/\/www.cidadesemfoco.com\/wp-content\/uploads\/2023\/08\/IMG_5355-585x390.jpg 585w\" alt=\"\" width=\"900\" height=\"600\" \/><\/a><\/div>\n<\/figure>\n<figure class=\"gallery-item\">\n<div class=\"gallery-icon landscape\"><a href=\"https:\/\/www.cidadesemfoco.com\/com-o-placar-de-4-a-1-jacobina-vence-curral-novo-do-piaui-na-disputa-pela-copa-amvi-veja-fotos\/img_5358-3\/\"><img loading=\"lazy\" decoding=\"async\" class=\"attachment-full size-full\" src=\"https:\/\/www.cidadesemfoco.com\/wp-content\/uploads\/2023\/08\/IMG_5358.jpg\" sizes=\"(max-width: 900px) 100vw, 900px\" srcset=\"https:\/\/www.cidadesemfoco.com\/wp-content\/uploads\/2023\/08\/IMG_5358.jpg 900w, https:\/\/www.cidadesemfoco.com\/wp-content\/uploads\/2023\/08\/IMG_5358-300x200.jpg 300w, https:\/\/www.cidadesemfoco.com\/wp-content\/uploads\/2023\/08\/IMG_5358-768x512.jpg 768w, https:\/\/www.cidadesemfoco.com\/wp-content\/uploads\/2023\/08\/IMG_5358-480x320.jpg 480w, https:\/\/www.cidadesemfoco.com\/wp-content\/uploads\/2023\/08\/IMG_5358-280x186.jpg 280w, https:\/\/www.cidadesemfoco.com\/wp-content\/uploads\/2023\/08\/IMG_5358-600x400.jpg 600w, https:\/\/www.cidadesemfoco.com\/wp-content\/uploads\/2023\/08\/IMG_5358-585x390.jpg 585w\" alt=\"\" width=\"900\" height=\"600\" \/><\/a><\/div>\n<\/figure>\n<figure class=\"gallery-item\">\n<div class=\"gallery-icon landscape\"><a href=\"https:\/\/www.cidadesemfoco.com\/com-o-placar-de-4-a-1-jacobina-vence-curral-novo-do-piaui-na-disputa-pela-copa-amvi-veja-fotos\/img_5359-3\/\"><img loading=\"lazy\" decoding=\"async\" class=\"attachment-full size-full\" src=\"https:\/\/www.cidadesemfoco.com\/wp-content\/uploads\/2023\/08\/IMG_5359.jpg\" sizes=\"(max-width: 900px) 100vw, 900px\" srcset=\"https:\/\/www.cidadesemfoco.com\/wp-content\/uploads\/2023\/08\/IMG_5359.jpg 900w, https:\/\/www.cidadesemfoco.com\/wp-content\/uploads\/2023\/08\/IMG_5359-300x200.jpg 300w, https:\/\/www.cidadesemfoco.com\/wp-content\/uploads\/2023\/08\/IMG_5359-768x512.jpg 768w, https:\/\/www.cidadesemfoco.com\/wp-content\/uploads\/2023\/08\/IMG_5359-480x320.jpg 480w, https:\/\/www.cidadesemfoco.com\/wp-content\/uploads\/2023\/08\/IMG_5359-280x186.jpg 280w, https:\/\/www.cidadesemfoco.com\/wp-content\/uploads\/2023\/08\/IMG_5359-600x400.jpg 600w, https:\/\/www.cidadesemfoco.com\/wp-content\/uploads\/2023\/08\/IMG_5359-585x390.jpg 585w\" alt=\"\" width=\"900\" height=\"600\" \/><\/a><\/div>\n<\/figure>\n<figure class=\"gallery-item\">\n<div class=\"gallery-icon landscape\"><a href=\"https:\/\/www.cidadesemfoco.com\/com-o-placar-de-4-a-1-jacobina-vence-curral-novo-do-piaui-na-disputa-pela-copa-amvi-veja-fotos\/img_5360\/\"><img loading=\"lazy\" decoding=\"async\" class=\"attachment-full size-full\" src=\"https:\/\/www.cidadesemfoco.com\/wp-content\/uploads\/2023\/08\/IMG_5360.jpg\" sizes=\"(max-width: 900px) 100vw, 900px\" srcset=\"https:\/\/www.cidadesemfoco.com\/wp-content\/uploads\/2023\/08\/IMG_5360.jpg 900w, https:\/\/www.cidadesemfoco.com\/wp-content\/uploads\/2023\/08\/IMG_5360-300x200.jpg 300w, https:\/\/www.cidadesemfoco.com\/wp-content\/uploads\/2023\/08\/IMG_5360-768x512.jpg 768w, https:\/\/www.cidadesemfoco.com\/wp-content\/uploads\/2023\/08\/IMG_5360-480x320.jpg 480w, https:\/\/www.cidadesemfoco.com\/wp-content\/uploads\/2023\/08\/IMG_5360-280x186.jpg 280w, https:\/\/www.cidadesemfoco.com\/wp-content\/uploads\/2023\/08\/IMG_5360-600x400.jpg 600w, https:\/\/www.cidadesemfoco.com\/wp-content\/uploads\/2023\/08\/IMG_5360-585x390.jpg 585w\" alt=\"\" width=\"900\" height=\"600\" \/><\/a><\/div>\n<\/figure>\n<figure class=\"gallery-item\">\n<div class=\"gallery-icon landscape\"><a href=\"https:\/\/www.cidadesemfoco.com\/com-o-placar-de-4-a-1-jacobina-vence-curral-novo-do-piaui-na-disputa-pela-copa-amvi-veja-fotos\/img_5363-3\/\"><img loading=\"lazy\" decoding=\"async\" class=\"attachment-full size-full\" src=\"https:\/\/www.cidadesemfoco.com\/wp-content\/uploads\/2023\/08\/IMG_5363.jpg\" sizes=\"(max-width: 900px) 100vw, 900px\" srcset=\"https:\/\/www.cidadesemfoco.com\/wp-content\/uploads\/2023\/08\/IMG_5363.jpg 900w, https:\/\/www.cidadesemfoco.com\/wp-content\/uploads\/2023\/08\/IMG_5363-300x200.jpg 300w, https:\/\/www.cidadesemfoco.com\/wp-content\/uploads\/2023\/08\/IMG_5363-768x512.jpg 768w, https:\/\/www.cidadesemfoco.com\/wp-content\/uploads\/2023\/08\/IMG_5363-480x320.jpg 480w, https:\/\/www.cidadesemfoco.com\/wp-content\/uploads\/2023\/08\/IMG_5363-280x186.jpg 280w, https:\/\/www.cidadesemfoco.com\/wp-content\/uploads\/2023\/08\/IMG_5363-600x400.jpg 600w, https:\/\/www.cidadesemfoco.com\/wp-content\/uploads\/2023\/08\/IMG_5363-585x390.jpg 585w\" alt=\"\" width=\"900\" height=\"600\" \/><\/a><\/div>\n<\/figure>\n<figure class=\"gallery-item\">\n<div class=\"gallery-icon landscape\"><a href=\"https:\/\/www.cidadesemfoco.com\/com-o-placar-de-4-a-1-jacobina-vence-curral-novo-do-piaui-na-disputa-pela-copa-amvi-veja-fotos\/img_5365\/\"><img loading=\"lazy\" decoding=\"async\" class=\"attachment-full size-full\" src=\"https:\/\/www.cidadesemfoco.com\/wp-content\/uploads\/2023\/08\/IMG_5365.jpg\" sizes=\"(max-width: 900px) 100vw, 900px\" srcset=\"https:\/\/www.cidadesemfoco.com\/wp-content\/uploads\/2023\/08\/IMG_5365.jpg 900w, https:\/\/www.cidadesemfoco.com\/wp-content\/uploads\/2023\/08\/IMG_5365-300x200.jpg 300w, https:\/\/www.cidadesemfoco.com\/wp-content\/uploads\/2023\/08\/IMG_5365-768x512.jpg 768w, https:\/\/www.cidadesemfoco.com\/wp-content\/uploads\/2023\/08\/IMG_5365-480x320.jpg 480w, https:\/\/www.cidadesemfoco.com\/wp-content\/uploads\/2023\/08\/IMG_5365-280x186.jpg 280w, https:\/\/www.cidadesemfoco.com\/wp-content\/uploads\/2023\/08\/IMG_5365-600x400.jpg 600w, https:\/\/www.cidadesemfoco.com\/wp-content\/uploads\/2023\/08\/IMG_5365-585x390.jpg 585w\" alt=\"\" width=\"900\" height=\"600\" \/><\/a><\/div>\n<\/figure>\n<figure class=\"gallery-item\">\n<div class=\"gallery-icon landscape\"><a href=\"https:\/\/www.cidadesemfoco.com\/com-o-placar-de-4-a-1-jacobina-vence-curral-novo-do-piaui-na-disputa-pela-copa-amvi-veja-fotos\/img_5367-3\/\"><img loading=\"lazy\" decoding=\"async\" class=\"attachment-full size-full\" src=\"https:\/\/www.cidadesemfoco.com\/wp-content\/uploads\/2023\/08\/IMG_5367.jpg\" sizes=\"(max-width: 900px) 100vw, 900px\" srcset=\"https:\/\/www.cidadesemfoco.com\/wp-content\/uploads\/2023\/08\/IMG_5367.jpg 900w, https:\/\/www.cidadesemfoco.com\/wp-content\/uploads\/2023\/08\/IMG_5367-300x200.jpg 300w, https:\/\/www.cidadesemfoco.com\/wp-content\/uploads\/2023\/08\/IMG_5367-768x512.jpg 768w, https:\/\/www.cidadesemfoco.com\/wp-content\/uploads\/2023\/08\/IMG_5367-480x320.jpg 480w, https:\/\/www.cidadesemfoco.com\/wp-content\/uploads\/2023\/08\/IMG_5367-280x186.jpg 280w, https:\/\/www.cidadesemfoco.com\/wp-content\/uploads\/2023\/08\/IMG_5367-600x400.jpg 600w, https:\/\/www.cidadesemfoco.com\/wp-content\/uploads\/2023\/08\/IMG_5367-585x390.jpg 585w\" alt=\"\" width=\"900\" height=\"600\" \/><\/a><\/div>\n<\/figure>\n<figure class=\"gallery-item\">\n<div class=\"gallery-icon landscape\"><a href=\"https:\/\/www.cidadesemfoco.com\/com-o-placar-de-4-a-1-jacobina-vence-curral-novo-do-piaui-na-disputa-pela-copa-amvi-veja-fotos\/img_5369-5\/\"><img loading=\"lazy\" decoding=\"async\" class=\"attachment-full size-full\" src=\"https:\/\/www.cidadesemfoco.com\/wp-content\/uploads\/2023\/08\/IMG_5369.jpg\" sizes=\"(max-width: 900px) 100vw, 900px\" srcset=\"https:\/\/www.cidadesemfoco.com\/wp-content\/uploads\/2023\/08\/IMG_5369.jpg 900w, https:\/\/www.cidadesemfoco.com\/wp-content\/uploads\/2023\/08\/IMG_5369-300x200.jpg 300w, https:\/\/www.cidadesemfoco.com\/wp-content\/uploads\/2023\/08\/IMG_5369-768x512.jpg 768w, https:\/\/www.cidadesemfoco.com\/wp-content\/uploads\/2023\/08\/IMG_5369-480x320.jpg 480w, https:\/\/www.cidadesemfoco.com\/wp-content\/uploads\/2023\/08\/IMG_5369-280x186.jpg 280w, https:\/\/www.cidadesemfoco.com\/wp-content\/uploads\/2023\/08\/IMG_5369-600x400.jpg 600w, https:\/\/www.cidadesemfoco.com\/wp-content\/uploads\/2023\/08\/IMG_5369-585x390.jpg 585w\" alt=\"\" width=\"900\" height=\"600\" \/><\/a><\/div>\n<\/figure>\n<figure class=\"gallery-item\">\n<div class=\"gallery-icon landscape\"><a href=\"https:\/\/www.cidadesemfoco.com\/com-o-placar-de-4-a-1-jacobina-vence-curral-novo-do-piaui-na-disputa-pela-copa-amvi-veja-fotos\/img_5374\/\"><img loading=\"lazy\" decoding=\"async\" class=\"attachment-full size-full\" src=\"https:\/\/www.cidadesemfoco.com\/wp-content\/uploads\/2023\/08\/IMG_5374.jpg\" sizes=\"(max-width: 900px) 100vw, 900px\" srcset=\"https:\/\/www.cidadesemfoco.com\/wp-content\/uploads\/2023\/08\/IMG_5374.jpg 900w, https:\/\/www.cidadesemfoco.com\/wp-content\/uploads\/2023\/08\/IMG_5374-300x200.jpg 300w, https:\/\/www.cidadesemfoco.com\/wp-content\/uploads\/2023\/08\/IMG_5374-768x512.jpg 768w, https:\/\/www.cidadesemfoco.com\/wp-content\/uploads\/2023\/08\/IMG_5374-480x320.jpg 480w, https:\/\/www.cidadesemfoco.com\/wp-content\/uploads\/2023\/08\/IMG_5374-280x186.jpg 280w, https:\/\/www.cidadesemfoco.com\/wp-content\/uploads\/2023\/08\/IMG_5374-600x400.jpg 600w, https:\/\/www.cidadesemfoco.com\/wp-content\/uploads\/2023\/08\/IMG_5374-585x390.jpg 585w\" alt=\"\" width=\"900\" height=\"600\" \/><\/a><\/div>\n<\/figure>\n<figure class=\"gallery-item\">\n<div class=\"gallery-icon landscape\"><a href=\"https:\/\/www.cidadesemfoco.com\/com-o-placar-de-4-a-1-jacobina-vence-curral-novo-do-piaui-na-disputa-pela-copa-amvi-veja-fotos\/img_5376\/\"><img loading=\"lazy\" decoding=\"async\" class=\"attachment-full size-full\" src=\"https:\/\/www.cidadesemfoco.com\/wp-content\/uploads\/2023\/08\/IMG_5376.jpg\" sizes=\"(max-width: 900px) 100vw, 900px\" srcset=\"https:\/\/www.cidadesemfoco.com\/wp-content\/uploads\/2023\/08\/IMG_5376.jpg 900w, https:\/\/www.cidadesemfoco.com\/wp-content\/uploads\/2023\/08\/IMG_5376-300x200.jpg 300w, https:\/\/www.cidadesemfoco.com\/wp-content\/uploads\/2023\/08\/IMG_5376-768x512.jpg 768w, https:\/\/www.cidadesemfoco.com\/wp-content\/uploads\/2023\/08\/IMG_5376-480x320.jpg 480w, https:\/\/www.cidadesemfoco.com\/wp-content\/uploads\/2023\/08\/IMG_5376-280x186.jpg 280w, https:\/\/www.cidadesemfoco.com\/wp-content\/uploads\/2023\/08\/IMG_5376-600x400.jpg 600w, https:\/\/www.cidadesemfoco.com\/wp-content\/uploads\/2023\/08\/IMG_5376-585x390.jpg 585w\" alt=\"\" width=\"900\" height=\"600\" \/><\/a><\/div>\n<\/figure>\n<figure class=\"gallery-item\">\n<div class=\"gallery-icon landscape\"><a href=\"https:\/\/www.cidadesemfoco.com\/com-o-placar-de-4-a-1-jacobina-vence-curral-novo-do-piaui-na-disputa-pela-copa-amvi-veja-fotos\/img_5378-2\/\"><img loading=\"lazy\" decoding=\"async\" class=\"attachment-full size-full\" src=\"https:\/\/www.cidadesemfoco.com\/wp-content\/uploads\/2023\/08\/IMG_5378.jpg\" sizes=\"(max-width: 900px) 100vw, 900px\" srcset=\"https:\/\/www.cidadesemfoco.com\/wp-content\/uploads\/2023\/08\/IMG_5378.jpg 900w, https:\/\/www.cidadesemfoco.com\/wp-content\/uploads\/2023\/08\/IMG_5378-300x200.jpg 300w, https:\/\/www.cidadesemfoco.com\/wp-content\/uploads\/2023\/08\/IMG_5378-768x512.jpg 768w, https:\/\/www.cidadesemfoco.com\/wp-content\/uploads\/2023\/08\/IMG_5378-480x320.jpg 480w, https:\/\/www.cidadesemfoco.com\/wp-content\/uploads\/2023\/08\/IMG_5378-280x186.jpg 280w, https:\/\/www.cidadesemfoco.com\/wp-content\/uploads\/2023\/08\/IMG_5378-600x400.jpg 600w, https:\/\/www.cidadesemfoco.com\/wp-content\/uploads\/2023\/08\/IMG_5378-585x390.jpg 585w\" alt=\"\" width=\"900\" height=\"600\" \/><\/a><\/div>\n<\/figure>\n<figure class=\"gallery-item\">\n<div class=\"gallery-icon landscape\"><a href=\"https:\/\/www.cidadesemfoco.com\/com-o-placar-de-4-a-1-jacobina-vence-curral-novo-do-piaui-na-disputa-pela-copa-amvi-veja-fotos\/img_5379-3\/\"><img loading=\"lazy\" decoding=\"async\" class=\"attachment-full size-full\" src=\"https:\/\/www.cidadesemfoco.com\/wp-content\/uploads\/2023\/08\/IMG_5379.jpg\" sizes=\"(max-width: 900px) 100vw, 900px\" srcset=\"https:\/\/www.cidadesemfoco.com\/wp-content\/uploads\/2023\/08\/IMG_5379.jpg 900w, https:\/\/www.cidadesemfoco.com\/wp-content\/uploads\/2023\/08\/IMG_5379-300x200.jpg 300w, https:\/\/www.cidadesemfoco.com\/wp-content\/uploads\/2023\/08\/IMG_5379-768x512.jpg 768w, https:\/\/www.cidadesemfoco.com\/wp-content\/uploads\/2023\/08\/IMG_5379-480x320.jpg 480w, https:\/\/www.cidadesemfoco.com\/wp-content\/uploads\/2023\/08\/IMG_5379-280x186.jpg 280w, https:\/\/www.cidadesemfoco.com\/wp-content\/uploads\/2023\/08\/IMG_5379-600x400.jpg 600w, https:\/\/www.cidadesemfoco.com\/wp-content\/uploads\/2023\/08\/IMG_5379-585x390.jpg 585w\" alt=\"\" width=\"900\" height=\"600\" \/><\/a><\/div>\n<\/figure>\n<figure class=\"gallery-item\">\n<div class=\"gallery-icon landscape\"><a href=\"https:\/\/www.cidadesemfoco.com\/com-o-placar-de-4-a-1-jacobina-vence-curral-novo-do-piaui-na-disputa-pela-copa-amvi-veja-fotos\/img_5380-2\/\"><img loading=\"lazy\" decoding=\"async\" class=\"attachment-full size-full\" src=\"https:\/\/www.cidadesemfoco.com\/wp-content\/uploads\/2023\/08\/IMG_5380.jpg\" sizes=\"(max-width: 900px) 100vw, 900px\" srcset=\"https:\/\/www.cidadesemfoco.com\/wp-content\/uploads\/2023\/08\/IMG_5380.jpg 900w, https:\/\/www.cidadesemfoco.com\/wp-content\/uploads\/2023\/08\/IMG_5380-300x200.jpg 300w, https:\/\/www.cidadesemfoco.com\/wp-content\/uploads\/2023\/08\/IMG_5380-768x512.jpg 768w, https:\/\/www.cidadesemfoco.com\/wp-content\/uploads\/2023\/08\/IMG_5380-480x320.jpg 480w, https:\/\/www.cidadesemfoco.com\/wp-content\/uploads\/2023\/08\/IMG_5380-280x186.jpg 280w, https:\/\/www.cidadesemfoco.com\/wp-content\/uploads\/2023\/08\/IMG_5380-600x400.jpg 600w, https:\/\/www.cidadesemfoco.com\/wp-content\/uploads\/2023\/08\/IMG_5380-585x390.jpg 585w\" alt=\"\" width=\"900\" height=\"600\" \/><\/a><\/div>\n<\/figure>\n<figure class=\"gallery-item\">\n<div class=\"gallery-icon landscape\"><a href=\"https:\/\/www.cidadesemfoco.com\/com-o-placar-de-4-a-1-jacobina-vence-curral-novo-do-piaui-na-disputa-pela-copa-amvi-veja-fotos\/img_5385-2\/\"><img loading=\"lazy\" decoding=\"async\" class=\"attachment-full size-full\" src=\"https:\/\/www.cidadesemfoco.com\/wp-content\/uploads\/2023\/08\/IMG_5385.jpg\" sizes=\"(max-width: 900px) 100vw, 900px\" srcset=\"https:\/\/www.cidadesemfoco.com\/wp-content\/uploads\/2023\/08\/IMG_5385.jpg 900w, https:\/\/www.cidadesemfoco.com\/wp-content\/uploads\/2023\/08\/IMG_5385-300x200.jpg 300w, https:\/\/www.cidadesemfoco.com\/wp-content\/uploads\/2023\/08\/IMG_5385-768x512.jpg 768w, https:\/\/www.cidadesemfoco.com\/wp-content\/uploads\/2023\/08\/IMG_5385-480x320.jpg 480w, https:\/\/www.cidadesemfoco.com\/wp-content\/uploads\/2023\/08\/IMG_5385-280x186.jpg 280w, https:\/\/www.cidadesemfoco.com\/wp-content\/uploads\/2023\/08\/IMG_5385-600x400.jpg 600w, https:\/\/www.cidadesemfoco.com\/wp-content\/uploads\/2023\/08\/IMG_5385-585x390.jpg 585w\" alt=\"\" width=\"900\" height=\"600\" \/><\/a><\/div>\n<\/figure>\n<figure class=\"gallery-item\">\n<div class=\"gallery-icon landscape\"><a href=\"https:\/\/www.cidadesemfoco.com\/com-o-placar-de-4-a-1-jacobina-vence-curral-novo-do-piaui-na-disputa-pela-copa-amvi-veja-fotos\/img_5387-2\/\"><img loading=\"lazy\" decoding=\"async\" class=\"attachment-full size-full\" src=\"https:\/\/www.cidadesemfoco.com\/wp-content\/uploads\/2023\/08\/IMG_5387.jpg\" sizes=\"(max-width: 900px) 100vw, 900px\" srcset=\"https:\/\/www.cidadesemfoco.com\/wp-content\/uploads\/2023\/08\/IMG_5387.jpg 900w, https:\/\/www.cidadesemfoco.com\/wp-content\/uploads\/2023\/08\/IMG_5387-300x200.jpg 300w, https:\/\/www.cidadesemfoco.com\/wp-content\/uploads\/2023\/08\/IMG_5387-768x512.jpg 768w, https:\/\/www.cidadesemfoco.com\/wp-content\/uploads\/2023\/08\/IMG_5387-480x320.jpg 480w, https:\/\/www.cidadesemfoco.com\/wp-content\/uploads\/2023\/08\/IMG_5387-280x186.jpg 280w, https:\/\/www.cidadesemfoco.com\/wp-content\/uploads\/2023\/08\/IMG_5387-600x400.jpg 600w, https:\/\/www.cidadesemfoco.com\/wp-content\/uploads\/2023\/08\/IMG_5387-585x390.jpg 585w\" alt=\"\" width=\"900\" height=\"600\" \/><\/a><\/div>\n<\/figure>\n<figure class=\"gallery-item\">\n<div class=\"gallery-icon landscape\"><a href=\"https:\/\/www.cidadesemfoco.com\/com-o-placar-de-4-a-1-jacobina-vence-curral-novo-do-piaui-na-disputa-pela-copa-amvi-veja-fotos\/img_5388-3\/\"><img loading=\"lazy\" decoding=\"async\" class=\"attachment-full size-full\" src=\"https:\/\/www.cidadesemfoco.com\/wp-content\/uploads\/2023\/08\/IMG_5388.jpg\" sizes=\"(max-width: 900px) 100vw, 900px\" srcset=\"https:\/\/www.cidadesemfoco.com\/wp-content\/uploads\/2023\/08\/IMG_5388.jpg 900w, https:\/\/www.cidadesemfoco.com\/wp-content\/uploads\/2023\/08\/IMG_5388-300x200.jpg 300w, https:\/\/www.cidadesemfoco.com\/wp-content\/uploads\/2023\/08\/IMG_5388-768x512.jpg 768w, https:\/\/www.cidadesemfoco.com\/wp-content\/uploads\/2023\/08\/IMG_5388-480x320.jpg 480w, https:\/\/www.cidadesemfoco.com\/wp-content\/uploads\/2023\/08\/IMG_5388-280x186.jpg 280w, https:\/\/www.cidadesemfoco.com\/wp-content\/uploads\/2023\/08\/IMG_5388-600x400.jpg 600w, https:\/\/www.cidadesemfoco.com\/wp-content\/uploads\/2023\/08\/IMG_5388-585x390.jpg 585w\" alt=\"\" width=\"900\" height=\"600\" \/><\/a><\/div>\n<\/figure>\n<figure class=\"gallery-item\">\n<div class=\"gallery-icon landscape\"><a href=\"https:\/\/www.cidadesemfoco.com\/com-o-placar-de-4-a-1-jacobina-vence-curral-novo-do-piaui-na-disputa-pela-copa-amvi-veja-fotos\/img_5394-3\/\"><img loading=\"lazy\" decoding=\"async\" class=\"attachment-full size-full\" src=\"https:\/\/www.cidadesemfoco.com\/wp-content\/uploads\/2023\/08\/IMG_5394.jpg\" sizes=\"(max-width: 900px) 100vw, 900px\" srcset=\"https:\/\/www.cidadesemfoco.com\/wp-content\/uploads\/2023\/08\/IMG_5394.jpg 900w, https:\/\/www.cidadesemfoco.com\/wp-content\/uploads\/2023\/08\/IMG_5394-300x200.jpg 300w, https:\/\/www.cidadesemfoco.com\/wp-content\/uploads\/2023\/08\/IMG_5394-768x512.jpg 768w, https:\/\/www.cidadesemfoco.com\/wp-content\/uploads\/2023\/08\/IMG_5394-480x320.jpg 480w, https:\/\/www.cidadesemfoco.com\/wp-content\/uploads\/2023\/08\/IMG_5394-280x186.jpg 280w, https:\/\/www.cidadesemfoco.com\/wp-content\/uploads\/2023\/08\/IMG_5394-600x400.jpg 600w, https:\/\/www.cidadesemfoco.com\/wp-content\/uploads\/2023\/08\/IMG_5394-585x390.jpg 585w\" alt=\"\" width=\"900\" height=\"600\" \/><\/a><\/div>\n<\/figure>\n<figure class=\"gallery-item\">\n<div class=\"gallery-icon landscape\"><a href=\"https:\/\/www.cidadesemfoco.com\/com-o-placar-de-4-a-1-jacobina-vence-curral-novo-do-piaui-na-disputa-pela-copa-amvi-veja-fotos\/img_5396-4\/\"><img loading=\"lazy\" decoding=\"async\" class=\"attachment-full size-full\" src=\"https:\/\/www.cidadesemfoco.com\/wp-content\/uploads\/2023\/08\/IMG_5396.jpg\" sizes=\"(max-width: 900px) 100vw, 900px\" srcset=\"https:\/\/www.cidadesemfoco.com\/wp-content\/uploads\/2023\/08\/IMG_5396.jpg 900w, https:\/\/www.cidadesemfoco.com\/wp-content\/uploads\/2023\/08\/IMG_5396-300x200.jpg 300w, https:\/\/www.cidadesemfoco.com\/wp-content\/uploads\/2023\/08\/IMG_5396-768x512.jpg 768w, https:\/\/www.cidadesemfoco.com\/wp-content\/uploads\/2023\/08\/IMG_5396-480x320.jpg 480w, https:\/\/www.cidadesemfoco.com\/wp-content\/uploads\/2023\/08\/IMG_5396-280x186.jpg 280w, https:\/\/www.cidadesemfoco.com\/wp-content\/uploads\/2023\/08\/IMG_5396-600x400.jpg 600w, https:\/\/www.cidadesemfoco.com\/wp-content\/uploads\/2023\/08\/IMG_5396-585x390.jpg 585w\" alt=\"\" width=\"900\" height=\"600\" \/><\/a><\/div>\n<\/figure>\n<figure class=\"gallery-item\">\n<div class=\"gallery-icon landscape\"><a href=\"https:\/\/www.cidadesemfoco.com\/com-o-placar-de-4-a-1-jacobina-vence-curral-novo-do-piaui-na-disputa-pela-copa-amvi-veja-fotos\/img_5399-3\/\"><img loading=\"lazy\" decoding=\"async\" class=\"attachment-full size-full\" src=\"https:\/\/www.cidadesemfoco.com\/wp-content\/uploads\/2023\/08\/IMG_5399.jpg\" sizes=\"(max-width: 900px) 100vw, 900px\" srcset=\"https:\/\/www.cidadesemfoco.com\/wp-content\/uploads\/2023\/08\/IMG_5399.jpg 900w, https:\/\/www.cidadesemfoco.com\/wp-content\/uploads\/2023\/08\/IMG_5399-300x200.jpg 300w, https:\/\/www.cidadesemfoco.com\/wp-content\/uploads\/2023\/08\/IMG_5399-768x512.jpg 768w, https:\/\/www.cidadesemfoco.com\/wp-content\/uploads\/2023\/08\/IMG_5399-480x320.jpg 480w, https:\/\/www.cidadesemfoco.com\/wp-content\/uploads\/2023\/08\/IMG_5399-280x186.jpg 280w, https:\/\/www.cidadesemfoco.com\/wp-content\/uploads\/2023\/08\/IMG_5399-600x400.jpg 600w, https:\/\/www.cidadesemfoco.com\/wp-content\/uploads\/2023\/08\/IMG_5399-585x390.jpg 585w\" alt=\"\" width=\"900\" height=\"600\" \/><\/a><\/div>\n<\/figure>\n<figure class=\"gallery-item\">\n<div class=\"gallery-icon landscape\"><a href=\"https:\/\/www.cidadesemfoco.com\/com-o-placar-de-4-a-1-jacobina-vence-curral-novo-do-piaui-na-disputa-pela-copa-amvi-veja-fotos\/img_5400-3\/\"><img loading=\"lazy\" decoding=\"async\" class=\"attachment-full size-full\" src=\"https:\/\/www.cidadesemfoco.com\/wp-content\/uploads\/2023\/08\/IMG_5400.jpg\" sizes=\"(max-width: 900px) 100vw, 900px\" srcset=\"https:\/\/www.cidadesemfoco.com\/wp-content\/uploads\/2023\/08\/IMG_5400.jpg 900w, https:\/\/www.cidadesemfoco.com\/wp-content\/uploads\/2023\/08\/IMG_5400-300x200.jpg 300w, https:\/\/www.cidadesemfoco.com\/wp-content\/uploads\/2023\/08\/IMG_5400-768x512.jpg 768w, https:\/\/www.cidadesemfoco.com\/wp-content\/uploads\/2023\/08\/IMG_5400-480x320.jpg 480w, https:\/\/www.cidadesemfoco.com\/wp-content\/uploads\/2023\/08\/IMG_5400-280x186.jpg 280w, https:\/\/www.cidadesemfoco.com\/wp-content\/uploads\/2023\/08\/IMG_5400-600x400.jpg 600w, https:\/\/www.cidadesemfoco.com\/wp-content\/uploads\/2023\/08\/IMG_5400-585x390.jpg 585w\" alt=\"\" width=\"900\" height=\"600\" \/><\/a><\/div>\n<\/figure>\n<figure class=\"gallery-item\">\n<div class=\"gallery-icon landscape\"><a href=\"https:\/\/www.cidadesemfoco.com\/com-o-placar-de-4-a-1-jacobina-vence-curral-novo-do-piaui-na-disputa-pela-copa-amvi-veja-fotos\/img_5404-2\/\"><img loading=\"lazy\" decoding=\"async\" class=\"attachment-full size-full\" src=\"https:\/\/www.cidadesemfoco.com\/wp-content\/uploads\/2023\/08\/IMG_5404.jpg\" sizes=\"(max-width: 900px) 100vw, 900px\" srcset=\"https:\/\/www.cidadesemfoco.com\/wp-content\/uploads\/2023\/08\/IMG_5404.jpg 900w, https:\/\/www.cidadesemfoco.com\/wp-content\/uploads\/2023\/08\/IMG_5404-300x200.jpg 300w, https:\/\/www.cidadesemfoco.com\/wp-content\/uploads\/2023\/08\/IMG_5404-768x512.jpg 768w, https:\/\/www.cidadesemfoco.com\/wp-content\/uploads\/2023\/08\/IMG_5404-480x320.jpg 480w, https:\/\/www.cidadesemfoco.com\/wp-content\/uploads\/2023\/08\/IMG_5404-280x186.jpg 280w, https:\/\/www.cidadesemfoco.com\/wp-content\/uploads\/2023\/08\/IMG_5404-600x400.jpg 600w, https:\/\/www.cidadesemfoco.com\/wp-content\/uploads\/2023\/08\/IMG_5404-585x390.jpg 585w\" alt=\"\" width=\"900\" height=\"600\" \/><\/a><\/div>\n<\/figure>\n<figure class=\"gallery-item\">\n<div class=\"gallery-icon landscape\"><a href=\"https:\/\/www.cidadesemfoco.com\/com-o-placar-de-4-a-1-jacobina-vence-curral-novo-do-piaui-na-disputa-pela-copa-amvi-veja-fotos\/img_5405-3\/\"><img loading=\"lazy\" decoding=\"async\" class=\"attachment-full size-full\" src=\"https:\/\/www.cidadesemfoco.com\/wp-content\/uploads\/2023\/08\/IMG_5405.jpg\" sizes=\"(max-width: 900px) 100vw, 900px\" srcset=\"https:\/\/www.cidadesemfoco.com\/wp-content\/uploads\/2023\/08\/IMG_5405.jpg 900w, https:\/\/www.cidadesemfoco.com\/wp-content\/uploads\/2023\/08\/IMG_5405-300x200.jpg 300w, https:\/\/www.cidadesemfoco.com\/wp-content\/uploads\/2023\/08\/IMG_5405-768x512.jpg 768w, https:\/\/www.cidadesemfoco.com\/wp-content\/uploads\/2023\/08\/IMG_5405-480x320.jpg 480w, https:\/\/www.cidadesemfoco.com\/wp-content\/uploads\/2023\/08\/IMG_5405-280x186.jpg 280w, https:\/\/www.cidadesemfoco.com\/wp-content\/uploads\/2023\/08\/IMG_5405-600x400.jpg 600w, https:\/\/www.cidadesemfoco.com\/wp-content\/uploads\/2023\/08\/IMG_5405-585x390.jpg 585w\" alt=\"\" width=\"900\" height=\"600\" \/><\/a><\/div>\n<\/figure>\n<figure class=\"gallery-item\">\n<div class=\"gallery-icon landscape\"><a href=\"https:\/\/www.cidadesemfoco.com\/com-o-placar-de-4-a-1-jacobina-vence-curral-novo-do-piaui-na-disputa-pela-copa-amvi-veja-fotos\/img_5407\/\"><img loading=\"lazy\" decoding=\"async\" class=\"attachment-full size-full\" src=\"https:\/\/www.cidadesemfoco.com\/wp-content\/uploads\/2023\/08\/IMG_5407.jpg\" sizes=\"(max-width: 900px) 100vw, 900px\" srcset=\"https:\/\/www.cidadesemfoco.com\/wp-content\/uploads\/2023\/08\/IMG_5407.jpg 900w, https:\/\/www.cidadesemfoco.com\/wp-content\/uploads\/2023\/08\/IMG_5407-300x200.jpg 300w, https:\/\/www.cidadesemfoco.com\/wp-content\/uploads\/2023\/08\/IMG_5407-768x512.jpg 768w, https:\/\/www.cidadesemfoco.com\/wp-content\/uploads\/2023\/08\/IMG_5407-480x320.jpg 480w, https:\/\/www.cidadesemfoco.com\/wp-content\/uploads\/2023\/08\/IMG_5407-280x186.jpg 280w, https:\/\/www.cidadesemfoco.com\/wp-content\/uploads\/2023\/08\/IMG_5407-600x400.jpg 600w, https:\/\/www.cidadesemfoco.com\/wp-content\/uploads\/2023\/08\/IMG_5407-585x390.jpg 585w\" alt=\"\" width=\"900\" height=\"600\" \/><\/a><\/div>\n<\/figure>\n<figure class=\"gallery-item\">\n<div class=\"gallery-icon landscape\"><a href=\"https:\/\/www.cidadesemfoco.com\/com-o-placar-de-4-a-1-jacobina-vence-curral-novo-do-piaui-na-disputa-pela-copa-amvi-veja-fotos\/img_5411\/\"><img loading=\"lazy\" decoding=\"async\" class=\"attachment-full size-full\" src=\"https:\/\/www.cidadesemfoco.com\/wp-content\/uploads\/2023\/08\/IMG_5411.jpg\" sizes=\"(max-width: 900px) 100vw, 900px\" srcset=\"https:\/\/www.cidadesemfoco.com\/wp-content\/uploads\/2023\/08\/IMG_5411.jpg 900w, https:\/\/www.cidadesemfoco.com\/wp-content\/uploads\/2023\/08\/IMG_5411-300x200.jpg 300w, https:\/\/www.cidadesemfoco.com\/wp-content\/uploads\/2023\/08\/IMG_5411-768x512.jpg 768w, https:\/\/www.cidadesemfoco.com\/wp-content\/uploads\/2023\/08\/IMG_5411-480x320.jpg 480w, https:\/\/www.cidadesemfoco.com\/wp-content\/uploads\/2023\/08\/IMG_5411-280x186.jpg 280w, https:\/\/www.cidadesemfoco.com\/wp-content\/uploads\/2023\/08\/IMG_5411-600x400.jpg 600w, https:\/\/www.cidadesemfoco.com\/wp-content\/uploads\/2023\/08\/IMG_5411-585x390.jpg 585w\" alt=\"\" width=\"900\" height=\"600\" \/><\/a><\/div>\n<\/figure>\n<figure class=\"gallery-item\">\n<div class=\"gallery-icon landscape\"><a href=\"https:\/\/www.cidadesemfoco.com\/com-o-placar-de-4-a-1-jacobina-vence-curral-novo-do-piaui-na-disputa-pela-copa-amvi-veja-fotos\/img_5414-3\/\"><img loading=\"lazy\" decoding=\"async\" class=\"attachment-full size-full\" src=\"https:\/\/www.cidadesemfoco.com\/wp-content\/uploads\/2023\/08\/IMG_5414.jpg\" sizes=\"(max-width: 900px) 100vw, 900px\" srcset=\"https:\/\/www.cidadesemfoco.com\/wp-content\/uploads\/2023\/08\/IMG_5414.jpg 900w, https:\/\/www.cidadesemfoco.com\/wp-content\/uploads\/2023\/08\/IMG_5414-300x200.jpg 300w, https:\/\/www.cidadesemfoco.com\/wp-content\/uploads\/2023\/08\/IMG_5414-768x512.jpg 768w, https:\/\/www.cidadesemfoco.com\/wp-content\/uploads\/2023\/08\/IMG_5414-480x320.jpg 480w, https:\/\/www.cidadesemfoco.com\/wp-content\/uploads\/2023\/08\/IMG_5414-280x186.jpg 280w, https:\/\/www.cidadesemfoco.com\/wp-content\/uploads\/2023\/08\/IMG_5414-600x400.jpg 600w, https:\/\/www.cidadesemfoco.com\/wp-content\/uploads\/2023\/08\/IMG_5414-585x390.jpg 585w\" alt=\"\" width=\"900\" height=\"600\" \/><\/a><\/div>\n<\/figure>\n<figure class=\"gallery-item\">\n<div class=\"gallery-icon landscape\"><a href=\"https:\/\/www.cidadesemfoco.com\/com-o-placar-de-4-a-1-jacobina-vence-curral-novo-do-piaui-na-disputa-pela-copa-amvi-veja-fotos\/img_5421-2\/\"><img loading=\"lazy\" decoding=\"async\" class=\"attachment-full size-full\" src=\"https:\/\/www.cidadesemfoco.com\/wp-content\/uploads\/2023\/08\/IMG_5421.jpg\" sizes=\"(max-width: 900px) 100vw, 900px\" srcset=\"https:\/\/www.cidadesemfoco.com\/wp-content\/uploads\/2023\/08\/IMG_5421.jpg 900w, https:\/\/www.cidadesemfoco.com\/wp-content\/uploads\/2023\/08\/IMG_5421-300x200.jpg 300w, https:\/\/www.cidadesemfoco.com\/wp-content\/uploads\/2023\/08\/IMG_5421-768x512.jpg 768w, https:\/\/www.cidadesemfoco.com\/wp-content\/uploads\/2023\/08\/IMG_5421-480x320.jpg 480w, https:\/\/www.cidadesemfoco.com\/wp-content\/uploads\/2023\/08\/IMG_5421-280x186.jpg 280w, https:\/\/www.cidadesemfoco.com\/wp-content\/uploads\/2023\/08\/IMG_5421-600x400.jpg 600w, https:\/\/www.cidadesemfoco.com\/wp-content\/uploads\/2023\/08\/IMG_5421-585x390.jpg 585w\" alt=\"\" width=\"900\" height=\"600\" \/><\/a><\/div>\n<\/figure>\n<figure class=\"gallery-item\">\n<div class=\"gallery-icon landscape\"><a href=\"https:\/\/www.cidadesemfoco.com\/com-o-placar-de-4-a-1-jacobina-vence-curral-novo-do-piaui-na-disputa-pela-copa-amvi-veja-fotos\/img_5424\/\"><img loading=\"lazy\" decoding=\"async\" class=\"attachment-full size-full\" src=\"https:\/\/www.cidadesemfoco.com\/wp-content\/uploads\/2023\/08\/IMG_5424.jpg\" sizes=\"(max-width: 900px) 100vw, 900px\" srcset=\"https:\/\/www.cidadesemfoco.com\/wp-content\/uploads\/2023\/08\/IMG_5424.jpg 900w, https:\/\/www.cidadesemfoco.com\/wp-content\/uploads\/2023\/08\/IMG_5424-300x200.jpg 300w, https:\/\/www.cidadesemfoco.com\/wp-content\/uploads\/2023\/08\/IMG_5424-768x512.jpg 768w, https:\/\/www.cidadesemfoco.com\/wp-content\/uploads\/2023\/08\/IMG_5424-480x320.jpg 480w, https:\/\/www.cidadesemfoco.com\/wp-content\/uploads\/2023\/08\/IMG_5424-280x186.jpg 280w, https:\/\/www.cidadesemfoco.com\/wp-content\/uploads\/2023\/08\/IMG_5424-600x400.jpg 600w, https:\/\/www.cidadesemfoco.com\/wp-content\/uploads\/2023\/08\/IMG_5424-585x390.jpg 585w\" alt=\"\" width=\"900\" height=\"600\" \/><\/a><\/div>\n<\/figure>\n<figure class=\"gallery-item\">\n<div class=\"gallery-icon landscape\"><a href=\"https:\/\/www.cidadesemfoco.com\/com-o-placar-de-4-a-1-jacobina-vence-curral-novo-do-piaui-na-disputa-pela-copa-amvi-veja-fotos\/img_5425-3\/\"><img loading=\"lazy\" decoding=\"async\" class=\"attachment-full size-full\" src=\"https:\/\/www.cidadesemfoco.com\/wp-content\/uploads\/2023\/08\/IMG_5425.jpg\" sizes=\"(max-width: 900px) 100vw, 900px\" srcset=\"https:\/\/www.cidadesemfoco.com\/wp-content\/uploads\/2023\/08\/IMG_5425.jpg 900w, https:\/\/www.cidadesemfoco.com\/wp-content\/uploads\/2023\/08\/IMG_5425-300x200.jpg 300w, https:\/\/www.cidadesemfoco.com\/wp-content\/uploads\/2023\/08\/IMG_5425-768x512.jpg 768w, https:\/\/www.cidadesemfoco.com\/wp-content\/uploads\/2023\/08\/IMG_5425-480x320.jpg 480w, https:\/\/www.cidadesemfoco.com\/wp-content\/uploads\/2023\/08\/IMG_5425-280x186.jpg 280w, https:\/\/www.cidadesemfoco.com\/wp-content\/uploads\/2023\/08\/IMG_5425-600x400.jpg 600w, https:\/\/www.cidadesemfoco.com\/wp-content\/uploads\/2023\/08\/IMG_5425-585x390.jpg 585w\" alt=\"\" width=\"900\" height=\"600\" \/><\/a><\/div>\n<\/figure>\n<figure class=\"gallery-item\">\n<div class=\"gallery-icon landscape\"><a href=\"https:\/\/www.cidadesemfoco.com\/com-o-placar-de-4-a-1-jacobina-vence-curral-novo-do-piaui-na-disputa-pela-copa-amvi-veja-fotos\/img_5426-2\/\"><img loading=\"lazy\" decoding=\"async\" class=\"attachment-full size-full\" src=\"https:\/\/www.cidadesemfoco.com\/wp-content\/uploads\/2023\/08\/IMG_5426.jpg\" sizes=\"(max-width: 900px) 100vw, 900px\" srcset=\"https:\/\/www.cidadesemfoco.com\/wp-content\/uploads\/2023\/08\/IMG_5426.jpg 900w, https:\/\/www.cidadesemfoco.com\/wp-content\/uploads\/2023\/08\/IMG_5426-300x200.jpg 300w, https:\/\/www.cidadesemfoco.com\/wp-content\/uploads\/2023\/08\/IMG_5426-768x512.jpg 768w, https:\/\/www.cidadesemfoco.com\/wp-content\/uploads\/2023\/08\/IMG_5426-480x320.jpg 480w, https:\/\/www.cidadesemfoco.com\/wp-content\/uploads\/2023\/08\/IMG_5426-280x186.jpg 280w, https:\/\/www.cidadesemfoco.com\/wp-content\/uploads\/2023\/08\/IMG_5426-600x400.jpg 600w, https:\/\/www.cidadesemfoco.com\/wp-content\/uploads\/2023\/08\/IMG_5426-585x390.jpg 585w\" alt=\"\" width=\"900\" height=\"600\" \/><\/a><\/div>\n<\/figure>\n<figure class=\"gallery-item\">\n<div class=\"gallery-icon landscape\"><a href=\"https:\/\/www.cidadesemfoco.com\/com-o-placar-de-4-a-1-jacobina-vence-curral-novo-do-piaui-na-disputa-pela-copa-amvi-veja-fotos\/img_5431-2\/\"><img loading=\"lazy\" decoding=\"async\" class=\"attachment-full size-full\" src=\"https:\/\/www.cidadesemfoco.com\/wp-content\/uploads\/2023\/08\/IMG_5431.jpg\" sizes=\"(max-width: 900px) 100vw, 900px\" srcset=\"https:\/\/www.cidadesemfoco.com\/wp-content\/uploads\/2023\/08\/IMG_5431.jpg 900w, https:\/\/www.cidadesemfoco.com\/wp-content\/uploads\/2023\/08\/IMG_5431-300x200.jpg 300w, https:\/\/www.cidadesemfoco.com\/wp-content\/uploads\/2023\/08\/IMG_5431-768x512.jpg 768w, https:\/\/www.cidadesemfoco.com\/wp-content\/uploads\/2023\/08\/IMG_5431-480x320.jpg 480w, https:\/\/www.cidadesemfoco.com\/wp-content\/uploads\/2023\/08\/IMG_5431-280x186.jpg 280w, https:\/\/www.cidadesemfoco.com\/wp-content\/uploads\/2023\/08\/IMG_5431-600x400.jpg 600w, https:\/\/www.cidadesemfoco.com\/wp-content\/uploads\/2023\/08\/IMG_5431-585x390.jpg 585w\" alt=\"\" width=\"900\" height=\"600\" \/><\/a><\/div>\n<\/figure>\n<figure class=\"gallery-item\">\n<div class=\"gallery-icon landscape\"><a href=\"https:\/\/www.cidadesemfoco.com\/com-o-placar-de-4-a-1-jacobina-vence-curral-novo-do-piaui-na-disputa-pela-copa-amvi-veja-fotos\/img_5436\/\"><img loading=\"lazy\" decoding=\"async\" class=\"attachment-full size-full\" src=\"https:\/\/www.cidadesemfoco.com\/wp-content\/uploads\/2023\/08\/IMG_5436.jpg\" sizes=\"(max-width: 900px) 100vw, 900px\" srcset=\"https:\/\/www.cidadesemfoco.com\/wp-content\/uploads\/2023\/08\/IMG_5436.jpg 900w, https:\/\/www.cidadesemfoco.com\/wp-content\/uploads\/2023\/08\/IMG_5436-300x200.jpg 300w, https:\/\/www.cidadesemfoco.com\/wp-content\/uploads\/2023\/08\/IMG_5436-768x512.jpg 768w, https:\/\/www.cidadesemfoco.com\/wp-content\/uploads\/2023\/08\/IMG_5436-480x320.jpg 480w, https:\/\/www.cidadesemfoco.com\/wp-content\/uploads\/2023\/08\/IMG_5436-280x186.jpg 280w, https:\/\/www.cidadesemfoco.com\/wp-content\/uploads\/2023\/08\/IMG_5436-600x400.jpg 600w, https:\/\/www.cidadesemfoco.com\/wp-content\/uploads\/2023\/08\/IMG_5436-585x390.jpg 585w\" alt=\"\" width=\"900\" height=\"600\" \/><\/a><\/div>\n<\/figure>\n<figure class=\"gallery-item\">\n<div class=\"gallery-icon landscape\"><a href=\"https:\/\/www.cidadesemfoco.com\/com-o-placar-de-4-a-1-jacobina-vence-curral-novo-do-piaui-na-disputa-pela-copa-amvi-veja-fotos\/img_5437-3\/\"><img loading=\"lazy\" decoding=\"async\" class=\"attachment-full size-full\" src=\"https:\/\/www.cidadesemfoco.com\/wp-content\/uploads\/2023\/08\/IMG_5437.jpg\" sizes=\"(max-width: 900px) 100vw, 900px\" srcset=\"https:\/\/www.cidadesemfoco.com\/wp-content\/uploads\/2023\/08\/IMG_5437.jpg 900w, https:\/\/www.cidadesemfoco.com\/wp-content\/uploads\/2023\/08\/IMG_5437-300x200.jpg 300w, https:\/\/www.cidadesemfoco.com\/wp-content\/uploads\/2023\/08\/IMG_5437-768x512.jpg 768w, https:\/\/www.cidadesemfoco.com\/wp-content\/uploads\/2023\/08\/IMG_5437-480x320.jpg 480w, https:\/\/www.cidadesemfoco.com\/wp-content\/uploads\/2023\/08\/IMG_5437-280x186.jpg 280w, https:\/\/www.cidadesemfoco.com\/wp-content\/uploads\/2023\/08\/IMG_5437-600x400.jpg 600w, https:\/\/www.cidadesemfoco.com\/wp-content\/uploads\/2023\/08\/IMG_5437-585x390.jpg 585w\" alt=\"\" width=\"900\" height=\"600\" \/><\/a><\/div>\n<\/figure>\n<figure class=\"gallery-item\">\n<div class=\"gallery-icon landscape\"><a href=\"https:\/\/www.cidadesemfoco.com\/com-o-placar-de-4-a-1-jacobina-vence-curral-novo-do-piaui-na-disputa-pela-copa-amvi-veja-fotos\/img_5442-4\/\"><img loading=\"lazy\" decoding=\"async\" class=\"attachment-full size-full\" src=\"https:\/\/www.cidadesemfoco.com\/wp-content\/uploads\/2023\/08\/IMG_5442.jpg\" sizes=\"(max-width: 900px) 100vw, 900px\" srcset=\"https:\/\/www.cidadesemfoco.com\/wp-content\/uploads\/2023\/08\/IMG_5442.jpg 900w, https:\/\/www.cidadesemfoco.com\/wp-content\/uploads\/2023\/08\/IMG_5442-300x200.jpg 300w, https:\/\/www.cidadesemfoco.com\/wp-content\/uploads\/2023\/08\/IMG_5442-768x512.jpg 768w, https:\/\/www.cidadesemfoco.com\/wp-content\/uploads\/2023\/08\/IMG_5442-480x320.jpg 480w, https:\/\/www.cidadesemfoco.com\/wp-content\/uploads\/2023\/08\/IMG_5442-280x186.jpg 280w, https:\/\/www.cidadesemfoco.com\/wp-content\/uploads\/2023\/08\/IMG_5442-600x400.jpg 600w, https:\/\/www.cidadesemfoco.com\/wp-content\/uploads\/2023\/08\/IMG_5442-585x390.jpg 585w\" alt=\"\" width=\"900\" height=\"600\" \/><\/a><\/div>\n<\/figure>\n<figure class=\"gallery-item\">\n<div class=\"gallery-icon landscape\"><a href=\"https:\/\/www.cidadesemfoco.com\/com-o-placar-de-4-a-1-jacobina-vence-curral-novo-do-piaui-na-disputa-pela-copa-amvi-veja-fotos\/img_5444-6\/\"><img loading=\"lazy\" decoding=\"async\" class=\"attachment-full size-full\" src=\"https:\/\/www.cidadesemfoco.com\/wp-content\/uploads\/2023\/08\/IMG_5444.jpg\" sizes=\"(max-width: 900px) 100vw, 900px\" srcset=\"https:\/\/www.cidadesemfoco.com\/wp-content\/uploads\/2023\/08\/IMG_5444.jpg 900w, https:\/\/www.cidadesemfoco.com\/wp-content\/uploads\/2023\/08\/IMG_5444-300x200.jpg 300w, https:\/\/www.cidadesemfoco.com\/wp-content\/uploads\/2023\/08\/IMG_5444-768x512.jpg 768w, https:\/\/www.cidadesemfoco.com\/wp-content\/uploads\/2023\/08\/IMG_5444-480x320.jpg 480w, https:\/\/www.cidadesemfoco.com\/wp-content\/uploads\/2023\/08\/IMG_5444-280x186.jpg 280w, https:\/\/www.cidadesemfoco.com\/wp-content\/uploads\/2023\/08\/IMG_5444-600x400.jpg 600w, https:\/\/www.cidadesemfoco.com\/wp-content\/uploads\/2023\/08\/IMG_5444-585x390.jpg 585w\" alt=\"\" width=\"900\" height=\"600\" \/><\/a><\/div>\n<\/figure>\n<figure class=\"gallery-item\">\n<div class=\"gallery-icon landscape\"><a href=\"https:\/\/www.cidadesemfoco.com\/com-o-placar-de-4-a-1-jacobina-vence-curral-novo-do-piaui-na-disputa-pela-copa-amvi-veja-fotos\/img_5446-2\/\"><img loading=\"lazy\" decoding=\"async\" class=\"attachment-full size-full\" src=\"https:\/\/www.cidadesemfoco.com\/wp-content\/uploads\/2023\/08\/IMG_5446.jpg\" sizes=\"(max-width: 900px) 100vw, 900px\" srcset=\"https:\/\/www.cidadesemfoco.com\/wp-content\/uploads\/2023\/08\/IMG_5446.jpg 900w, https:\/\/www.cidadesemfoco.com\/wp-content\/uploads\/2023\/08\/IMG_5446-300x200.jpg 300w, https:\/\/www.cidadesemfoco.com\/wp-content\/uploads\/2023\/08\/IMG_5446-768x512.jpg 768w, https:\/\/www.cidadesemfoco.com\/wp-content\/uploads\/2023\/08\/IMG_5446-480x320.jpg 480w, https:\/\/www.cidadesemfoco.com\/wp-content\/uploads\/2023\/08\/IMG_5446-280x186.jpg 280w, https:\/\/www.cidadesemfoco.com\/wp-content\/uploads\/2023\/08\/IMG_5446-600x400.jpg 600w, https:\/\/www.cidadesemfoco.com\/wp-content\/uploads\/2023\/08\/IMG_5446-585x390.jpg 585w\" alt=\"\" width=\"900\" height=\"600\" \/><\/a><\/div>\n<\/figure>\n<figure class=\"gallery-item\">\n<div class=\"gallery-icon landscape\"><a href=\"https:\/\/www.cidadesemfoco.com\/com-o-placar-de-4-a-1-jacobina-vence-curral-novo-do-piaui-na-disputa-pela-copa-amvi-veja-fotos\/img_5447-2\/\"><img loading=\"lazy\" decoding=\"async\" class=\"attachment-full size-full\" src=\"https:\/\/www.cidadesemfoco.com\/wp-content\/uploads\/2023\/08\/IMG_5447.jpg\" sizes=\"(max-width: 900px) 100vw, 900px\" srcset=\"https:\/\/www.cidadesemfoco.com\/wp-content\/uploads\/2023\/08\/IMG_5447.jpg 900w, https:\/\/www.cidadesemfoco.com\/wp-content\/uploads\/2023\/08\/IMG_5447-300x200.jpg 300w, https:\/\/www.cidadesemfoco.com\/wp-content\/uploads\/2023\/08\/IMG_5447-768x512.jpg 768w, https:\/\/www.cidadesemfoco.com\/wp-content\/uploads\/2023\/08\/IMG_5447-480x320.jpg 480w, https:\/\/www.cidadesemfoco.com\/wp-content\/uploads\/2023\/08\/IMG_5447-280x186.jpg 280w, https:\/\/www.cidadesemfoco.com\/wp-content\/uploads\/2023\/08\/IMG_5447-600x400.jpg 600w, https:\/\/www.cidadesemfoco.com\/wp-content\/uploads\/2023\/08\/IMG_5447-585x390.jpg 585w\" alt=\"\" width=\"900\" height=\"600\" \/><\/a><\/div>\n<\/figure>\n<figure class=\"gallery-item\">\n<div class=\"gallery-icon landscape\"><a href=\"https:\/\/www.cidadesemfoco.com\/com-o-placar-de-4-a-1-jacobina-vence-curral-novo-do-piaui-na-disputa-pela-copa-amvi-veja-fotos\/img_5449-2\/\"><img loading=\"lazy\" decoding=\"async\" class=\"attachment-full size-full\" src=\"https:\/\/www.cidadesemfoco.com\/wp-content\/uploads\/2023\/08\/IMG_5449.jpg\" sizes=\"(max-width: 900px) 100vw, 900px\" srcset=\"https:\/\/www.cidadesemfoco.com\/wp-content\/uploads\/2023\/08\/IMG_5449.jpg 900w, https:\/\/www.cidadesemfoco.com\/wp-content\/uploads\/2023\/08\/IMG_5449-300x200.jpg 300w, https:\/\/www.cidadesemfoco.com\/wp-content\/uploads\/2023\/08\/IMG_5449-768x512.jpg 768w, https:\/\/www.cidadesemfoco.com\/wp-content\/uploads\/2023\/08\/IMG_5449-480x320.jpg 480w, https:\/\/www.cidadesemfoco.com\/wp-content\/uploads\/2023\/08\/IMG_5449-280x186.jpg 280w, https:\/\/www.cidadesemfoco.com\/wp-content\/uploads\/2023\/08\/IMG_5449-600x400.jpg 600w, https:\/\/www.cidadesemfoco.com\/wp-content\/uploads\/2023\/08\/IMG_5449-585x390.jpg 585w\" alt=\"\" width=\"900\" height=\"600\" \/><\/a><\/div>\n<\/figure>\n<figure class=\"gallery-item\">\n<div class=\"gallery-icon landscape\"><a href=\"https:\/\/www.cidadesemfoco.com\/com-o-placar-de-4-a-1-jacobina-vence-curral-novo-do-piaui-na-disputa-pela-copa-amvi-veja-fotos\/img_5450-2\/\"><img loading=\"lazy\" decoding=\"async\" class=\"attachment-full size-full\" src=\"https:\/\/www.cidadesemfoco.com\/wp-content\/uploads\/2023\/08\/IMG_5450.jpg\" sizes=\"(max-width: 900px) 100vw, 900px\" srcset=\"https:\/\/www.cidadesemfoco.com\/wp-content\/uploads\/2023\/08\/IMG_5450.jpg 900w, https:\/\/www.cidadesemfoco.com\/wp-content\/uploads\/2023\/08\/IMG_5450-300x200.jpg 300w, https:\/\/www.cidadesemfoco.com\/wp-content\/uploads\/2023\/08\/IMG_5450-768x512.jpg 768w, https:\/\/www.cidadesemfoco.com\/wp-content\/uploads\/2023\/08\/IMG_5450-480x320.jpg 480w, https:\/\/www.cidadesemfoco.com\/wp-content\/uploads\/2023\/08\/IMG_5450-280x186.jpg 280w, https:\/\/www.cidadesemfoco.com\/wp-content\/uploads\/2023\/08\/IMG_5450-600x400.jpg 600w, https:\/\/www.cidadesemfoco.com\/wp-content\/uploads\/2023\/08\/IMG_5450-585x390.jpg 585w\" alt=\"\" width=\"900\" height=\"600\" \/><\/a><\/div>\n<\/figure>\n<figure class=\"gallery-item\">\n<div class=\"gallery-icon landscape\"><a href=\"https:\/\/www.cidadesemfoco.com\/com-o-placar-de-4-a-1-jacobina-vence-curral-novo-do-piaui-na-disputa-pela-copa-amvi-veja-fotos\/img_5452-2\/\"><img loading=\"lazy\" decoding=\"async\" class=\"attachment-full size-full\" src=\"https:\/\/www.cidadesemfoco.com\/wp-content\/uploads\/2023\/08\/IMG_5452.jpg\" sizes=\"(max-width: 900px) 100vw, 900px\" srcset=\"https:\/\/www.cidadesemfoco.com\/wp-content\/uploads\/2023\/08\/IMG_5452.jpg 900w, https:\/\/www.cidadesemfoco.com\/wp-content\/uploads\/2023\/08\/IMG_5452-300x200.jpg 300w, https:\/\/www.cidadesemfoco.com\/wp-content\/uploads\/2023\/08\/IMG_5452-768x512.jpg 768w, https:\/\/www.cidadesemfoco.com\/wp-content\/uploads\/2023\/08\/IMG_5452-480x320.jpg 480w, https:\/\/www.cidadesemfoco.com\/wp-content\/uploads\/2023\/08\/IMG_5452-280x186.jpg 280w, https:\/\/www.cidadesemfoco.com\/wp-content\/uploads\/2023\/08\/IMG_5452-600x400.jpg 600w, https:\/\/www.cidadesemfoco.com\/wp-content\/uploads\/2023\/08\/IMG_5452-585x390.jpg 585w\" alt=\"\" width=\"900\" height=\"600\" \/><\/a><\/div>\n<\/figure>\n<figure class=\"gallery-item\">\n<div class=\"gallery-icon landscape\"><a href=\"https:\/\/www.cidadesemfoco.com\/com-o-placar-de-4-a-1-jacobina-vence-curral-novo-do-piaui-na-disputa-pela-copa-amvi-veja-fotos\/img_5453-2\/\"><img loading=\"lazy\" decoding=\"async\" class=\"attachment-full size-full\" src=\"https:\/\/www.cidadesemfoco.com\/wp-content\/uploads\/2023\/08\/IMG_5453.jpg\" sizes=\"(max-width: 900px) 100vw, 900px\" srcset=\"https:\/\/www.cidadesemfoco.com\/wp-content\/uploads\/2023\/08\/IMG_5453.jpg 900w, https:\/\/www.cidadesemfoco.com\/wp-content\/uploads\/2023\/08\/IMG_5453-300x200.jpg 300w, https:\/\/www.cidadesemfoco.com\/wp-content\/uploads\/2023\/08\/IMG_5453-768x512.jpg 768w, https:\/\/www.cidadesemfoco.com\/wp-content\/uploads\/2023\/08\/IMG_5453-480x320.jpg 480w, https:\/\/www.cidadesemfoco.com\/wp-content\/uploads\/2023\/08\/IMG_5453-280x186.jpg 280w, https:\/\/www.cidadesemfoco.com\/wp-content\/uploads\/2023\/08\/IMG_5453-600x400.jpg 600w, https:\/\/www.cidadesemfoco.com\/wp-content\/uploads\/2023\/08\/IMG_5453-585x390.jpg 585w\" alt=\"\" width=\"900\" height=\"600\" \/><\/a><\/div>\n<\/figure>\n<figure class=\"gallery-item\">\n<div class=\"gallery-icon landscape\"><a href=\"https:\/\/www.cidadesemfoco.com\/com-o-placar-de-4-a-1-jacobina-vence-curral-novo-do-piaui-na-disputa-pela-copa-amvi-veja-fotos\/img_5456-4\/\"><img loading=\"lazy\" decoding=\"async\" class=\"attachment-full size-full\" src=\"https:\/\/www.cidadesemfoco.com\/wp-content\/uploads\/2023\/08\/IMG_5456.jpg\" sizes=\"(max-width: 900px) 100vw, 900px\" srcset=\"https:\/\/www.cidadesemfoco.com\/wp-content\/uploads\/2023\/08\/IMG_5456.jpg 900w, https:\/\/www.cidadesemfoco.com\/wp-content\/uploads\/2023\/08\/IMG_5456-300x200.jpg 300w, https:\/\/www.cidadesemfoco.com\/wp-content\/uploads\/2023\/08\/IMG_5456-768x512.jpg 768w, https:\/\/www.cidadesemfoco.com\/wp-content\/uploads\/2023\/08\/IMG_5456-480x320.jpg 480w, https:\/\/www.cidadesemfoco.com\/wp-content\/uploads\/2023\/08\/IMG_5456-280x186.jpg 280w, https:\/\/www.cidadesemfoco.com\/wp-content\/uploads\/2023\/08\/IMG_5456-600x400.jpg 600w, https:\/\/www.cidadesemfoco.com\/wp-content\/uploads\/2023\/08\/IMG_5456-585x390.jpg 585w\" alt=\"\" width=\"900\" height=\"600\" \/><\/a><\/div>\n<\/figure>\n<figure class=\"gallery-item\">\n<div class=\"gallery-icon landscape\"><a href=\"https:\/\/www.cidadesemfoco.com\/com-o-placar-de-4-a-1-jacobina-vence-curral-novo-do-piaui-na-disputa-pela-copa-amvi-veja-fotos\/img_5458-2\/\"><img loading=\"lazy\" decoding=\"async\" class=\"attachment-full size-full\" src=\"https:\/\/www.cidadesemfoco.com\/wp-content\/uploads\/2023\/08\/IMG_5458.jpg\" sizes=\"(max-width: 900px) 100vw, 900px\" srcset=\"https:\/\/www.cidadesemfoco.com\/wp-content\/uploads\/2023\/08\/IMG_5458.jpg 900w, https:\/\/www.cidadesemfoco.com\/wp-content\/uploads\/2023\/08\/IMG_5458-300x200.jpg 300w, https:\/\/www.cidadesemfoco.com\/wp-content\/uploads\/2023\/08\/IMG_5458-768x512.jpg 768w, https:\/\/www.cidadesemfoco.com\/wp-content\/uploads\/2023\/08\/IMG_5458-480x320.jpg 480w, https:\/\/www.cidadesemfoco.com\/wp-content\/uploads\/2023\/08\/IMG_5458-280x186.jpg 280w, https:\/\/www.cidadesemfoco.com\/wp-content\/uploads\/2023\/08\/IMG_5458-600x400.jpg 600w, https:\/\/www.cidadesemfoco.com\/wp-content\/uploads\/2023\/08\/IMG_5458-585x390.jpg 585w\" alt=\"\" width=\"900\" height=\"600\" \/><\/a><\/div>\n<\/figure>\n<figure class=\"gallery-item\">\n<div class=\"gallery-icon landscape\"><a href=\"https:\/\/www.cidadesemfoco.com\/com-o-placar-de-4-a-1-jacobina-vence-curral-novo-do-piaui-na-disputa-pela-copa-amvi-veja-fotos\/img_5461-2\/\"><img loading=\"lazy\" decoding=\"async\" class=\"attachment-full size-full\" src=\"https:\/\/www.cidadesemfoco.com\/wp-content\/uploads\/2023\/08\/IMG_5461.jpg\" sizes=\"(max-width: 900px) 100vw, 900px\" srcset=\"https:\/\/www.cidadesemfoco.com\/wp-content\/uploads\/2023\/08\/IMG_5461.jpg 900w, https:\/\/www.cidadesemfoco.com\/wp-content\/uploads\/2023\/08\/IMG_5461-300x200.jpg 300w, https:\/\/www.cidadesemfoco.com\/wp-content\/uploads\/2023\/08\/IMG_5461-768x512.jpg 768w, https:\/\/www.cidadesemfoco.com\/wp-content\/uploads\/2023\/08\/IMG_5461-480x320.jpg 480w, https:\/\/www.cidadesemfoco.com\/wp-content\/uploads\/2023\/08\/IMG_5461-280x186.jpg 280w, https:\/\/www.cidadesemfoco.com\/wp-content\/uploads\/2023\/08\/IMG_5461-600x400.jpg 600w, https:\/\/www.cidadesemfoco.com\/wp-content\/uploads\/2023\/08\/IMG_5461-585x390.jpg 585w\" alt=\"\" width=\"900\" height=\"600\" \/><\/a><\/div>\n<\/figure>\n<figure class=\"gallery-item\">\n<div class=\"gallery-icon landscape\"><a href=\"https:\/\/www.cidadesemfoco.com\/com-o-placar-de-4-a-1-jacobina-vence-curral-novo-do-piaui-na-disputa-pela-copa-amvi-veja-fotos\/img_5462-5\/\"><img loading=\"lazy\" decoding=\"async\" class=\"attachment-full size-full\" src=\"https:\/\/www.cidadesemfoco.com\/wp-content\/uploads\/2023\/08\/IMG_5462.jpg\" sizes=\"(max-width: 900px) 100vw, 900px\" srcset=\"https:\/\/www.cidadesemfoco.com\/wp-content\/uploads\/2023\/08\/IMG_5462.jpg 900w, https:\/\/www.cidadesemfoco.com\/wp-content\/uploads\/2023\/08\/IMG_5462-300x200.jpg 300w, https:\/\/www.cidadesemfoco.com\/wp-content\/uploads\/2023\/08\/IMG_5462-768x512.jpg 768w, https:\/\/www.cidadesemfoco.com\/wp-content\/uploads\/2023\/08\/IMG_5462-480x320.jpg 480w, https:\/\/www.cidadesemfoco.com\/wp-content\/uploads\/2023\/08\/IMG_5462-280x186.jpg 280w, https:\/\/www.cidadesemfoco.com\/wp-content\/uploads\/2023\/08\/IMG_5462-600x400.jpg 600w, https:\/\/www.cidadesemfoco.com\/wp-content\/uploads\/2023\/08\/IMG_5462-585x390.jpg 585w\" alt=\"\" width=\"900\" height=\"600\" \/><\/a><\/div>\n<\/figure>\n<figure class=\"gallery-item\">\n<div class=\"gallery-icon landscape\"><a href=\"https:\/\/www.cidadesemfoco.com\/com-o-placar-de-4-a-1-jacobina-vence-curral-novo-do-piaui-na-disputa-pela-copa-amvi-veja-fotos\/img_5465-4\/\"><img loading=\"lazy\" decoding=\"async\" class=\"attachment-full size-full\" src=\"https:\/\/www.cidadesemfoco.com\/wp-content\/uploads\/2023\/08\/IMG_5465.jpg\" sizes=\"(max-width: 900px) 100vw, 900px\" srcset=\"https:\/\/www.cidadesemfoco.com\/wp-content\/uploads\/2023\/08\/IMG_5465.jpg 900w, https:\/\/www.cidadesemfoco.com\/wp-content\/uploads\/2023\/08\/IMG_5465-300x200.jpg 300w, https:\/\/www.cidadesemfoco.com\/wp-content\/uploads\/2023\/08\/IMG_5465-768x512.jpg 768w, https:\/\/www.cidadesemfoco.com\/wp-content\/uploads\/2023\/08\/IMG_5465-480x320.jpg 480w, https:\/\/www.cidadesemfoco.com\/wp-content\/uploads\/2023\/08\/IMG_5465-280x186.jpg 280w, https:\/\/www.cidadesemfoco.com\/wp-content\/uploads\/2023\/08\/IMG_5465-600x400.jpg 600w, https:\/\/www.cidadesemfoco.com\/wp-content\/uploads\/2023\/08\/IMG_5465-585x390.jpg 585w\" alt=\"\" width=\"900\" height=\"600\" \/><\/a><\/div>\n<\/figure>\n<figure class=\"gallery-item\">\n<div class=\"gallery-icon landscape\"><a href=\"https:\/\/www.cidadesemfoco.com\/com-o-placar-de-4-a-1-jacobina-vence-curral-novo-do-piaui-na-disputa-pela-copa-amvi-veja-fotos\/img_5468-6\/\"><img loading=\"lazy\" decoding=\"async\" class=\"attachment-full size-full\" src=\"https:\/\/www.cidadesemfoco.com\/wp-content\/uploads\/2023\/08\/IMG_5468.jpg\" sizes=\"(max-width: 900px) 100vw, 900px\" srcset=\"https:\/\/www.cidadesemfoco.com\/wp-content\/uploads\/2023\/08\/IMG_5468.jpg 900w, https:\/\/www.cidadesemfoco.com\/wp-content\/uploads\/2023\/08\/IMG_5468-300x200.jpg 300w, https:\/\/www.cidadesemfoco.com\/wp-content\/uploads\/2023\/08\/IMG_5468-768x512.jpg 768w, https:\/\/www.cidadesemfoco.com\/wp-content\/uploads\/2023\/08\/IMG_5468-480x320.jpg 480w, https:\/\/www.cidadesemfoco.com\/wp-content\/uploads\/2023\/08\/IMG_5468-280x186.jpg 280w, https:\/\/www.cidadesemfoco.com\/wp-content\/uploads\/2023\/08\/IMG_5468-600x400.jpg 600w, https:\/\/www.cidadesemfoco.com\/wp-content\/uploads\/2023\/08\/IMG_5468-585x390.jpg 585w\" alt=\"\" width=\"900\" height=\"600\" \/><\/a><\/div>\n<\/figure>\n<figure class=\"gallery-item\">\n<div class=\"gallery-icon landscape\"><a href=\"https:\/\/www.cidadesemfoco.com\/com-o-placar-de-4-a-1-jacobina-vence-curral-novo-do-piaui-na-disputa-pela-copa-amvi-veja-fotos\/img_5469-2\/\"><img loading=\"lazy\" decoding=\"async\" class=\"attachment-full size-full\" src=\"https:\/\/www.cidadesemfoco.com\/wp-content\/uploads\/2023\/08\/IMG_5469.jpg\" sizes=\"(max-width: 900px) 100vw, 900px\" srcset=\"https:\/\/www.cidadesemfoco.com\/wp-content\/uploads\/2023\/08\/IMG_5469.jpg 900w, https:\/\/www.cidadesemfoco.com\/wp-content\/uploads\/2023\/08\/IMG_5469-300x200.jpg 300w, https:\/\/www.cidadesemfoco.com\/wp-content\/uploads\/2023\/08\/IMG_5469-768x512.jpg 768w, https:\/\/www.cidadesemfoco.com\/wp-content\/uploads\/2023\/08\/IMG_5469-480x320.jpg 480w, https:\/\/www.cidadesemfoco.com\/wp-content\/uploads\/2023\/08\/IMG_5469-280x186.jpg 280w, https:\/\/www.cidadesemfoco.com\/wp-content\/uploads\/2023\/08\/IMG_5469-600x400.jpg 600w, https:\/\/www.cidadesemfoco.com\/wp-content\/uploads\/2023\/08\/IMG_5469-585x390.jpg 585w\" alt=\"\" width=\"900\" height=\"600\" \/><\/a><\/div>\n<\/figure>\n<figure class=\"gallery-item\">\n<div class=\"gallery-icon landscape\"><a href=\"https:\/\/www.cidadesemfoco.com\/com-o-placar-de-4-a-1-jacobina-vence-curral-novo-do-piaui-na-disputa-pela-copa-amvi-veja-fotos\/img_5470-4\/\"><img loading=\"lazy\" decoding=\"async\" class=\"attachment-full size-full\" src=\"https:\/\/www.cidadesemfoco.com\/wp-content\/uploads\/2023\/08\/IMG_5470.jpg\" sizes=\"(max-width: 900px) 100vw, 900px\" srcset=\"https:\/\/www.cidadesemfoco.com\/wp-content\/uploads\/2023\/08\/IMG_5470.jpg 900w, https:\/\/www.cidadesemfoco.com\/wp-content\/uploads\/2023\/08\/IMG_5470-300x200.jpg 300w, https:\/\/www.cidadesemfoco.com\/wp-content\/uploads\/2023\/08\/IMG_5470-768x512.jpg 768w, https:\/\/www.cidadesemfoco.com\/wp-content\/uploads\/2023\/08\/IMG_5470-480x320.jpg 480w, https:\/\/www.cidadesemfoco.com\/wp-content\/uploads\/2023\/08\/IMG_5470-280x186.jpg 280w, https:\/\/www.cidadesemfoco.com\/wp-content\/uploads\/2023\/08\/IMG_5470-600x400.jpg 600w, https:\/\/www.cidadesemfoco.com\/wp-content\/uploads\/2023\/08\/IMG_5470-585x390.jpg 585w\" alt=\"\" width=\"900\" height=\"600\" \/><\/a><\/div>\n<\/figure>\n<figure class=\"gallery-item\">\n<div class=\"gallery-icon landscape\"><a href=\"https:\/\/www.cidadesemfoco.com\/com-o-placar-de-4-a-1-jacobina-vence-curral-novo-do-piaui-na-disputa-pela-copa-amvi-veja-fotos\/img_5471-3\/\"><img loading=\"lazy\" decoding=\"async\" class=\"attachment-full size-full\" src=\"https:\/\/www.cidadesemfoco.com\/wp-content\/uploads\/2023\/08\/IMG_5471.jpg\" sizes=\"(max-width: 900px) 100vw, 900px\" srcset=\"https:\/\/www.cidadesemfoco.com\/wp-content\/uploads\/2023\/08\/IMG_5471.jpg 900w, https:\/\/www.cidadesemfoco.com\/wp-content\/uploads\/2023\/08\/IMG_5471-300x200.jpg 300w, https:\/\/www.cidadesemfoco.com\/wp-content\/uploads\/2023\/08\/IMG_5471-768x512.jpg 768w, https:\/\/www.cidadesemfoco.com\/wp-content\/uploads\/2023\/08\/IMG_5471-480x320.jpg 480w, https:\/\/www.cidadesemfoco.com\/wp-content\/uploads\/2023\/08\/IMG_5471-280x186.jpg 280w, https:\/\/www.cidadesemfoco.com\/wp-content\/uploads\/2023\/08\/IMG_5471-600x400.jpg 600w, https:\/\/www.cidadesemfoco.com\/wp-content\/uploads\/2023\/08\/IMG_5471-585x390.jpg 585w\" alt=\"\" width=\"900\" height=\"600\" \/><\/a><\/div>\n<\/figure>\n<figure class=\"gallery-item\">\n<div class=\"gallery-icon landscape\"><a href=\"https:\/\/www.cidadesemfoco.com\/com-o-placar-de-4-a-1-jacobina-vence-curral-novo-do-piaui-na-disputa-pela-copa-amvi-veja-fotos\/img_5478-6\/\"><img loading=\"lazy\" decoding=\"async\" class=\"attachment-full size-full\" src=\"https:\/\/www.cidadesemfoco.com\/wp-content\/uploads\/2023\/08\/IMG_5478.jpg\" sizes=\"(max-width: 900px) 100vw, 900px\" srcset=\"https:\/\/www.cidadesemfoco.com\/wp-content\/uploads\/2023\/08\/IMG_5478.jpg 900w, https:\/\/www.cidadesemfoco.com\/wp-content\/uploads\/2023\/08\/IMG_5478-300x200.jpg 300w, https:\/\/www.cidadesemfoco.com\/wp-content\/uploads\/2023\/08\/IMG_5478-768x512.jpg 768w, https:\/\/www.cidadesemfoco.com\/wp-content\/uploads\/2023\/08\/IMG_5478-480x320.jpg 480w, https:\/\/www.cidadesemfoco.com\/wp-content\/uploads\/2023\/08\/IMG_5478-280x186.jpg 280w, https:\/\/www.cidadesemfoco.com\/wp-content\/uploads\/2023\/08\/IMG_5478-600x400.jpg 600w, https:\/\/www.cidadesemfoco.com\/wp-content\/uploads\/2023\/08\/IMG_5478-585x390.jpg 585w\" alt=\"\" width=\"900\" height=\"600\" \/><\/a><\/div>\n<\/figure>\n<figure class=\"gallery-item\">\n<div class=\"gallery-icon landscape\"><a href=\"https:\/\/www.cidadesemfoco.com\/com-o-placar-de-4-a-1-jacobina-vence-curral-novo-do-piaui-na-disputa-pela-copa-amvi-veja-fotos\/img_5482-2\/\"><img loading=\"lazy\" decoding=\"async\" class=\"attachment-full size-full\" src=\"https:\/\/www.cidadesemfoco.com\/wp-content\/uploads\/2023\/08\/IMG_5482.jpg\" sizes=\"(max-width: 900px) 100vw, 900px\" srcset=\"https:\/\/www.cidadesemfoco.com\/wp-content\/uploads\/2023\/08\/IMG_5482.jpg 900w, https:\/\/www.cidadesemfoco.com\/wp-content\/uploads\/2023\/08\/IMG_5482-300x200.jpg 300w, https:\/\/www.cidadesemfoco.com\/wp-content\/uploads\/2023\/08\/IMG_5482-768x512.jpg 768w, https:\/\/www.cidadesemfoco.com\/wp-content\/uploads\/2023\/08\/IMG_5482-480x320.jpg 480w, https:\/\/www.cidadesemfoco.com\/wp-content\/uploads\/2023\/08\/IMG_5482-280x186.jpg 280w, https:\/\/www.cidadesemfoco.com\/wp-content\/uploads\/2023\/08\/IMG_5482-600x400.jpg 600w, https:\/\/www.cidadesemfoco.com\/wp-content\/uploads\/2023\/08\/IMG_5482-585x390.jpg 585w\" alt=\"\" width=\"900\" height=\"600\" \/><\/a><\/div>\n<\/figure>\n<figure class=\"gallery-item\">\n<div class=\"gallery-icon landscape\"><a href=\"https:\/\/www.cidadesemfoco.com\/com-o-placar-de-4-a-1-jacobina-vence-curral-novo-do-piaui-na-disputa-pela-copa-amvi-veja-fotos\/img_5484-2\/\"><img loading=\"lazy\" decoding=\"async\" class=\"attachment-full size-full\" src=\"https:\/\/www.cidadesemfoco.com\/wp-content\/uploads\/2023\/08\/IMG_5484.jpg\" sizes=\"(max-width: 900px) 100vw, 900px\" srcset=\"https:\/\/www.cidadesemfoco.com\/wp-content\/uploads\/2023\/08\/IMG_5484.jpg 900w, https:\/\/www.cidadesemfoco.com\/wp-content\/uploads\/2023\/08\/IMG_5484-300x200.jpg 300w, https:\/\/www.cidadesemfoco.com\/wp-content\/uploads\/2023\/08\/IMG_5484-768x512.jpg 768w, https:\/\/www.cidadesemfoco.com\/wp-content\/uploads\/2023\/08\/IMG_5484-480x320.jpg 480w, https:\/\/www.cidadesemfoco.com\/wp-content\/uploads\/2023\/08\/IMG_5484-280x186.jpg 280w, https:\/\/www.cidadesemfoco.com\/wp-content\/uploads\/2023\/08\/IMG_5484-600x400.jpg 600w, https:\/\/www.cidadesemfoco.com\/wp-content\/uploads\/2023\/08\/IMG_5484-585x390.jpg 585w\" alt=\"\" width=\"900\" height=\"600\" \/><\/a><\/div>\n<\/figure>\n<figure class=\"gallery-item\">\n<div class=\"gallery-icon landscape\"><a href=\"https:\/\/www.cidadesemfoco.com\/com-o-placar-de-4-a-1-jacobina-vence-curral-novo-do-piaui-na-disputa-pela-copa-amvi-veja-fotos\/img_5485-3\/\"><img loading=\"lazy\" decoding=\"async\" class=\"attachment-full size-full\" src=\"https:\/\/www.cidadesemfoco.com\/wp-content\/uploads\/2023\/08\/IMG_5485.jpg\" sizes=\"(max-width: 900px) 100vw, 900px\" srcset=\"https:\/\/www.cidadesemfoco.com\/wp-content\/uploads\/2023\/08\/IMG_5485.jpg 900w, https:\/\/www.cidadesemfoco.com\/wp-content\/uploads\/2023\/08\/IMG_5485-300x200.jpg 300w, https:\/\/www.cidadesemfoco.com\/wp-content\/uploads\/2023\/08\/IMG_5485-768x512.jpg 768w, https:\/\/www.cidadesemfoco.com\/wp-content\/uploads\/2023\/08\/IMG_5485-480x320.jpg 480w, https:\/\/www.cidadesemfoco.com\/wp-content\/uploads\/2023\/08\/IMG_5485-280x186.jpg 280w, https:\/\/www.cidadesemfoco.com\/wp-content\/uploads\/2023\/08\/IMG_5485-600x400.jpg 600w, https:\/\/www.cidadesemfoco.com\/wp-content\/uploads\/2023\/08\/IMG_5485-585x390.jpg 585w\" alt=\"\" width=\"900\" height=\"600\" \/><\/a><\/div>\n<\/figure>\n<figure class=\"gallery-item\">\n<div class=\"gallery-icon landscape\"><a href=\"https:\/\/www.cidadesemfoco.com\/com-o-placar-de-4-a-1-jacobina-vence-curral-novo-do-piaui-na-disputa-pela-copa-amvi-veja-fotos\/img_5487-2\/\"><img loading=\"lazy\" decoding=\"async\" class=\"attachment-full size-full\" src=\"https:\/\/www.cidadesemfoco.com\/wp-content\/uploads\/2023\/08\/IMG_5487.jpg\" sizes=\"(max-width: 900px) 100vw, 900px\" srcset=\"https:\/\/www.cidadesemfoco.com\/wp-content\/uploads\/2023\/08\/IMG_5487.jpg 900w, https:\/\/www.cidadesemfoco.com\/wp-content\/uploads\/2023\/08\/IMG_5487-300x200.jpg 300w, https:\/\/www.cidadesemfoco.com\/wp-content\/uploads\/2023\/08\/IMG_5487-768x512.jpg 768w, https:\/\/www.cidadesemfoco.com\/wp-content\/uploads\/2023\/08\/IMG_5487-480x320.jpg 480w, https:\/\/www.cidadesemfoco.com\/wp-content\/uploads\/2023\/08\/IMG_5487-280x186.jpg 280w, https:\/\/www.cidadesemfoco.com\/wp-content\/uploads\/2023\/08\/IMG_5487-600x400.jpg 600w, https:\/\/www.cidadesemfoco.com\/wp-content\/uploads\/2023\/08\/IMG_5487-585x390.jpg 585w\" alt=\"\" width=\"900\" height=\"600\" \/><\/a><\/div>\n<\/figure>\n<figure class=\"gallery-item\">\n<div class=\"gallery-icon landscape\"><a href=\"https:\/\/www.cidadesemfoco.com\/com-o-placar-de-4-a-1-jacobina-vence-curral-novo-do-piaui-na-disputa-pela-copa-amvi-veja-fotos\/img_5488-3\/\"><img loading=\"lazy\" decoding=\"async\" class=\"attachment-full size-full\" src=\"https:\/\/www.cidadesemfoco.com\/wp-content\/uploads\/2023\/08\/IMG_5488.jpg\" sizes=\"(max-width: 900px) 100vw, 900px\" srcset=\"https:\/\/www.cidadesemfoco.com\/wp-content\/uploads\/2023\/08\/IMG_5488.jpg 900w, https:\/\/www.cidadesemfoco.com\/wp-content\/uploads\/2023\/08\/IMG_5488-300x200.jpg 300w, https:\/\/www.cidadesemfoco.com\/wp-content\/uploads\/2023\/08\/IMG_5488-768x512.jpg 768w, https:\/\/www.cidadesemfoco.com\/wp-content\/uploads\/2023\/08\/IMG_5488-480x320.jpg 480w, https:\/\/www.cidadesemfoco.com\/wp-content\/uploads\/2023\/08\/IMG_5488-280x186.jpg 280w, https:\/\/www.cidadesemfoco.com\/wp-content\/uploads\/2023\/08\/IMG_5488-600x400.jpg 600w, https:\/\/www.cidadesemfoco.com\/wp-content\/uploads\/2023\/08\/IMG_5488-585x390.jpg 585w\" alt=\"\" width=\"900\" height=\"600\" \/><\/a><\/div>\n<\/figure>\n<figure class=\"gallery-item\">\n<div class=\"gallery-icon landscape\"><a href=\"https:\/\/www.cidadesemfoco.com\/com-o-placar-de-4-a-1-jacobina-vence-curral-novo-do-piaui-na-disputa-pela-copa-amvi-veja-fotos\/img_5490\/\"><img loading=\"lazy\" decoding=\"async\" class=\"attachment-full size-full\" src=\"https:\/\/www.cidadesemfoco.com\/wp-content\/uploads\/2023\/08\/IMG_5490.jpg\" sizes=\"(max-width: 900px) 100vw, 900px\" srcset=\"https:\/\/www.cidadesemfoco.com\/wp-content\/uploads\/2023\/08\/IMG_5490.jpg 900w, https:\/\/www.cidadesemfoco.com\/wp-content\/uploads\/2023\/08\/IMG_5490-300x200.jpg 300w, https:\/\/www.cidadesemfoco.com\/wp-content\/uploads\/2023\/08\/IMG_5490-768x512.jpg 768w, https:\/\/www.cidadesemfoco.com\/wp-content\/uploads\/2023\/08\/IMG_5490-480x320.jpg 480w, https:\/\/www.cidadesemfoco.com\/wp-content\/uploads\/2023\/08\/IMG_5490-280x186.jpg 280w, https:\/\/www.cidadesemfoco.com\/wp-content\/uploads\/2023\/08\/IMG_5490-600x400.jpg 600w, https:\/\/www.cidadesemfoco.com\/wp-content\/uploads\/2023\/08\/IMG_5490-585x390.jpg 585w\" alt=\"\" width=\"900\" height=\"600\" \/><\/a><\/div>\n<\/figure>\n<figure class=\"gallery-item\">\n<div class=\"gallery-icon landscape\"><a href=\"https:\/\/www.cidadesemfoco.com\/com-o-placar-de-4-a-1-jacobina-vence-curral-novo-do-piaui-na-disputa-pela-copa-amvi-veja-fotos\/img_5491-3\/\"><img loading=\"lazy\" decoding=\"async\" class=\"attachment-full size-full\" src=\"https:\/\/www.cidadesemfoco.com\/wp-content\/uploads\/2023\/08\/IMG_5491.jpg\" sizes=\"(max-width: 900px) 100vw, 900px\" srcset=\"https:\/\/www.cidadesemfoco.com\/wp-content\/uploads\/2023\/08\/IMG_5491.jpg 900w, https:\/\/www.cidadesemfoco.com\/wp-content\/uploads\/2023\/08\/IMG_5491-300x200.jpg 300w, https:\/\/www.cidadesemfoco.com\/wp-content\/uploads\/2023\/08\/IMG_5491-768x512.jpg 768w, https:\/\/www.cidadesemfoco.com\/wp-content\/uploads\/2023\/08\/IMG_5491-480x320.jpg 480w, https:\/\/www.cidadesemfoco.com\/wp-content\/uploads\/2023\/08\/IMG_5491-280x186.jpg 280w, https:\/\/www.cidadesemfoco.com\/wp-content\/uploads\/2023\/08\/IMG_5491-600x400.jpg 600w, https:\/\/www.cidadesemfoco.com\/wp-content\/uploads\/2023\/08\/IMG_5491-585x390.jpg 585w\" alt=\"\" width=\"900\" height=\"600\" \/><\/a><\/div>\n<\/figure>\n<figure class=\"gallery-item\">\n<div class=\"gallery-icon landscape\"><a href=\"https:\/\/www.cidadesemfoco.com\/com-o-placar-de-4-a-1-jacobina-vence-curral-novo-do-piaui-na-disputa-pela-copa-amvi-veja-fotos\/img_5492-2\/\"><img loading=\"lazy\" decoding=\"async\" class=\"attachment-full size-full\" src=\"https:\/\/www.cidadesemfoco.com\/wp-content\/uploads\/2023\/08\/IMG_5492.jpg\" sizes=\"(max-width: 900px) 100vw, 900px\" srcset=\"https:\/\/www.cidadesemfoco.com\/wp-content\/uploads\/2023\/08\/IMG_5492.jpg 900w, https:\/\/www.cidadesemfoco.com\/wp-content\/uploads\/2023\/08\/IMG_5492-300x200.jpg 300w, https:\/\/www.cidadesemfoco.com\/wp-content\/uploads\/2023\/08\/IMG_5492-768x512.jpg 768w, https:\/\/www.cidadesemfoco.com\/wp-content\/uploads\/2023\/08\/IMG_5492-480x320.jpg 480w, https:\/\/www.cidadesemfoco.com\/wp-content\/uploads\/2023\/08\/IMG_5492-280x186.jpg 280w, https:\/\/www.cidadesemfoco.com\/wp-content\/uploads\/2023\/08\/IMG_5492-600x400.jpg 600w, https:\/\/www.cidadesemfoco.com\/wp-content\/uploads\/2023\/08\/IMG_5492-585x390.jpg 585w\" alt=\"\" width=\"900\" height=\"600\" \/><\/a><\/div>\n<\/figure>\n<figure class=\"gallery-item\">\n<div class=\"gallery-icon landscape\"><a href=\"https:\/\/www.cidadesemfoco.com\/com-o-placar-de-4-a-1-jacobina-vence-curral-novo-do-piaui-na-disputa-pela-copa-amvi-veja-fotos\/img_5494-3\/\"><img loading=\"lazy\" decoding=\"async\" class=\"attachment-full size-full\" src=\"https:\/\/www.cidadesemfoco.com\/wp-content\/uploads\/2023\/08\/IMG_5494.jpg\" sizes=\"(max-width: 900px) 100vw, 900px\" srcset=\"https:\/\/www.cidadesemfoco.com\/wp-content\/uploads\/2023\/08\/IMG_5494.jpg 900w, https:\/\/www.cidadesemfoco.com\/wp-content\/uploads\/2023\/08\/IMG_5494-300x200.jpg 300w, https:\/\/www.cidadesemfoco.com\/wp-content\/uploads\/2023\/08\/IMG_5494-768x512.jpg 768w, https:\/\/www.cidadesemfoco.com\/wp-content\/uploads\/2023\/08\/IMG_5494-480x320.jpg 480w, https:\/\/www.cidadesemfoco.com\/wp-content\/uploads\/2023\/08\/IMG_5494-280x186.jpg 280w, https:\/\/www.cidadesemfoco.com\/wp-content\/uploads\/2023\/08\/IMG_5494-600x400.jpg 600w, https:\/\/www.cidadesemfoco.com\/wp-content\/uploads\/2023\/08\/IMG_5494-585x390.jpg 585w\" alt=\"\" width=\"900\" height=\"600\" \/><\/a><\/div>\n<\/figure>\n<figure class=\"gallery-item\">\n<div class=\"gallery-icon landscape\"><a href=\"https:\/\/www.cidadesemfoco.com\/com-o-placar-de-4-a-1-jacobina-vence-curral-novo-do-piaui-na-disputa-pela-copa-amvi-veja-fotos\/img_5496-3\/\"><img loading=\"lazy\" decoding=\"async\" class=\"attachment-full size-full\" src=\"https:\/\/www.cidadesemfoco.com\/wp-content\/uploads\/2023\/08\/IMG_5496.jpg\" sizes=\"(max-width: 900px) 100vw, 900px\" srcset=\"https:\/\/www.cidadesemfoco.com\/wp-content\/uploads\/2023\/08\/IMG_5496.jpg 900w, https:\/\/www.cidadesemfoco.com\/wp-content\/uploads\/2023\/08\/IMG_5496-300x200.jpg 300w, https:\/\/www.cidadesemfoco.com\/wp-content\/uploads\/2023\/08\/IMG_5496-768x512.jpg 768w, https:\/\/www.cidadesemfoco.com\/wp-content\/uploads\/2023\/08\/IMG_5496-480x320.jpg 480w, https:\/\/www.cidadesemfoco.com\/wp-content\/uploads\/2023\/08\/IMG_5496-280x186.jpg 280w, https:\/\/www.cidadesemfoco.com\/wp-content\/uploads\/2023\/08\/IMG_5496-600x400.jpg 600w, https:\/\/www.cidadesemfoco.com\/wp-content\/uploads\/2023\/08\/IMG_5496-585x390.jpg 585w\" alt=\"\" width=\"900\" height=\"600\" \/><\/a><\/div>\n<\/figure>\n<figure class=\"gallery-item\">\n<div class=\"gallery-icon landscape\"><a href=\"https:\/\/www.cidadesemfoco.com\/com-o-placar-de-4-a-1-jacobina-vence-curral-novo-do-piaui-na-disputa-pela-copa-amvi-veja-fotos\/img_5497-2\/\"><img loading=\"lazy\" decoding=\"async\" class=\"attachment-full size-full\" src=\"https:\/\/www.cidadesemfoco.com\/wp-content\/uploads\/2023\/08\/IMG_5497.jpg\" sizes=\"(max-width: 900px) 100vw, 900px\" srcset=\"https:\/\/www.cidadesemfoco.com\/wp-content\/uploads\/2023\/08\/IMG_5497.jpg 900w, https:\/\/www.cidadesemfoco.com\/wp-content\/uploads\/2023\/08\/IMG_5497-300x200.jpg 300w, https:\/\/www.cidadesemfoco.com\/wp-content\/uploads\/2023\/08\/IMG_5497-768x512.jpg 768w, https:\/\/www.cidadesemfoco.com\/wp-content\/uploads\/2023\/08\/IMG_5497-480x320.jpg 480w, https:\/\/www.cidadesemfoco.com\/wp-content\/uploads\/2023\/08\/IMG_5497-280x186.jpg 280w, https:\/\/www.cidadesemfoco.com\/wp-content\/uploads\/2023\/08\/IMG_5497-600x400.jpg 600w, https:\/\/www.cidadesemfoco.com\/wp-content\/uploads\/2023\/08\/IMG_5497-585x390.jpg 585w\" alt=\"\" width=\"900\" height=\"600\" \/><\/a><\/div>\n<\/figure>\n<figure class=\"gallery-item\">\n<div class=\"gallery-icon landscape\"><a href=\"https:\/\/www.cidadesemfoco.com\/com-o-placar-de-4-a-1-jacobina-vence-curral-novo-do-piaui-na-disputa-pela-copa-amvi-veja-fotos\/img_5498-2\/\"><img loading=\"lazy\" decoding=\"async\" class=\"attachment-full size-full\" src=\"https:\/\/www.cidadesemfoco.com\/wp-content\/uploads\/2023\/08\/IMG_5498.jpg\" sizes=\"(max-width: 900px) 100vw, 900px\" srcset=\"https:\/\/www.cidadesemfoco.com\/wp-content\/uploads\/2023\/08\/IMG_5498.jpg 900w, https:\/\/www.cidadesemfoco.com\/wp-content\/uploads\/2023\/08\/IMG_5498-300x200.jpg 300w, https:\/\/www.cidadesemfoco.com\/wp-content\/uploads\/2023\/08\/IMG_5498-768x512.jpg 768w, https:\/\/www.cidadesemfoco.com\/wp-content\/uploads\/2023\/08\/IMG_5498-480x320.jpg 480w, https:\/\/www.cidadesemfoco.com\/wp-content\/uploads\/2023\/08\/IMG_5498-280x186.jpg 280w, https:\/\/www.cidadesemfoco.com\/wp-content\/uploads\/2023\/08\/IMG_5498-600x400.jpg 600w, https:\/\/www.cidadesemfoco.com\/wp-content\/uploads\/2023\/08\/IMG_5498-585x390.jpg 585w\" alt=\"\" width=\"900\" height=\"600\" \/><\/a><\/div>\n<\/figure>\n<figure class=\"gallery-item\">\n<div class=\"gallery-icon landscape\"><a href=\"https:\/\/www.cidadesemfoco.com\/com-o-placar-de-4-a-1-jacobina-vence-curral-novo-do-piaui-na-disputa-pela-copa-amvi-veja-fotos\/img_5499-2\/\"><img loading=\"lazy\" decoding=\"async\" class=\"attachment-full size-full\" src=\"https:\/\/www.cidadesemfoco.com\/wp-content\/uploads\/2023\/08\/IMG_5499.jpg\" sizes=\"(max-width: 900px) 100vw, 900px\" srcset=\"https:\/\/www.cidadesemfoco.com\/wp-content\/uploads\/2023\/08\/IMG_5499.jpg 900w, https:\/\/www.cidadesemfoco.com\/wp-content\/uploads\/2023\/08\/IMG_5499-300x200.jpg 300w, https:\/\/www.cidadesemfoco.com\/wp-content\/uploads\/2023\/08\/IMG_5499-768x512.jpg 768w, https:\/\/www.cidadesemfoco.com\/wp-content\/uploads\/2023\/08\/IMG_5499-480x320.jpg 480w, https:\/\/www.cidadesemfoco.com\/wp-content\/uploads\/2023\/08\/IMG_5499-280x186.jpg 280w, https:\/\/www.cidadesemfoco.com\/wp-content\/uploads\/2023\/08\/IMG_5499-600x400.jpg 600w, https:\/\/www.cidadesemfoco.com\/wp-content\/uploads\/2023\/08\/IMG_5499-585x390.jpg 585w\" alt=\"\" width=\"900\" height=\"600\" \/><\/a><\/div>\n<\/figure>\n<figure class=\"gallery-item\">\n<div class=\"gallery-icon landscape\"><a href=\"https:\/\/www.cidadesemfoco.com\/com-o-placar-de-4-a-1-jacobina-vence-curral-novo-do-piaui-na-disputa-pela-copa-amvi-veja-fotos\/img_5502-4\/\"><img loading=\"lazy\" decoding=\"async\" class=\"attachment-full size-full\" src=\"https:\/\/www.cidadesemfoco.com\/wp-content\/uploads\/2023\/08\/IMG_5502.jpg\" sizes=\"(max-width: 900px) 100vw, 900px\" srcset=\"https:\/\/www.cidadesemfoco.com\/wp-content\/uploads\/2023\/08\/IMG_5502.jpg 900w, https:\/\/www.cidadesemfoco.com\/wp-content\/uploads\/2023\/08\/IMG_5502-300x200.jpg 300w, https:\/\/www.cidadesemfoco.com\/wp-content\/uploads\/2023\/08\/IMG_5502-768x512.jpg 768w, https:\/\/www.cidadesemfoco.com\/wp-content\/uploads\/2023\/08\/IMG_5502-480x320.jpg 480w, https:\/\/www.cidadesemfoco.com\/wp-content\/uploads\/2023\/08\/IMG_5502-280x186.jpg 280w, https:\/\/www.cidadesemfoco.com\/wp-content\/uploads\/2023\/08\/IMG_5502-600x400.jpg 600w, https:\/\/www.cidadesemfoco.com\/wp-content\/uploads\/2023\/08\/IMG_5502-585x390.jpg 585w\" alt=\"\" width=\"900\" height=\"600\" \/><\/a><\/div>\n<\/figure>\n<figure class=\"gallery-item\">\n<div class=\"gallery-icon landscape\"><a href=\"https:\/\/www.cidadesemfoco.com\/com-o-placar-de-4-a-1-jacobina-vence-curral-novo-do-piaui-na-disputa-pela-copa-amvi-veja-fotos\/img_5505-2\/\"><img loading=\"lazy\" decoding=\"async\" class=\"attachment-full size-full\" src=\"https:\/\/www.cidadesemfoco.com\/wp-content\/uploads\/2023\/08\/IMG_5505.jpg\" sizes=\"(max-width: 900px) 100vw, 900px\" srcset=\"https:\/\/www.cidadesemfoco.com\/wp-content\/uploads\/2023\/08\/IMG_5505.jpg 900w, https:\/\/www.cidadesemfoco.com\/wp-content\/uploads\/2023\/08\/IMG_5505-300x200.jpg 300w, https:\/\/www.cidadesemfoco.com\/wp-content\/uploads\/2023\/08\/IMG_5505-768x512.jpg 768w, https:\/\/www.cidadesemfoco.com\/wp-content\/uploads\/2023\/08\/IMG_5505-480x320.jpg 480w, https:\/\/www.cidadesemfoco.com\/wp-content\/uploads\/2023\/08\/IMG_5505-280x186.jpg 280w, https:\/\/www.cidadesemfoco.com\/wp-content\/uploads\/2023\/08\/IMG_5505-600x400.jpg 600w, https:\/\/www.cidadesemfoco.com\/wp-content\/uploads\/2023\/08\/IMG_5505-585x390.jpg 585w\" alt=\"\" width=\"900\" height=\"600\" \/><\/a><\/div>\n<\/figure>\n<figure class=\"gallery-item\">\n<div class=\"gallery-icon landscape\"><a href=\"https:\/\/www.cidadesemfoco.com\/com-o-placar-de-4-a-1-jacobina-vence-curral-novo-do-piaui-na-disputa-pela-copa-amvi-veja-fotos\/img_5506-2\/\"><img loading=\"lazy\" decoding=\"async\" class=\"attachment-full size-full\" src=\"https:\/\/www.cidadesemfoco.com\/wp-content\/uploads\/2023\/08\/IMG_5506.jpg\" sizes=\"(max-width: 900px) 100vw, 900px\" srcset=\"https:\/\/www.cidadesemfoco.com\/wp-content\/uploads\/2023\/08\/IMG_5506.jpg 900w, https:\/\/www.cidadesemfoco.com\/wp-content\/uploads\/2023\/08\/IMG_5506-300x200.jpg 300w, https:\/\/www.cidadesemfoco.com\/wp-content\/uploads\/2023\/08\/IMG_5506-768x512.jpg 768w, https:\/\/www.cidadesemfoco.com\/wp-content\/uploads\/2023\/08\/IMG_5506-480x320.jpg 480w, https:\/\/www.cidadesemfoco.com\/wp-content\/uploads\/2023\/08\/IMG_5506-280x186.jpg 280w, https:\/\/www.cidadesemfoco.com\/wp-content\/uploads\/2023\/08\/IMG_5506-600x400.jpg 600w, https:\/\/www.cidadesemfoco.com\/wp-content\/uploads\/2023\/08\/IMG_5506-585x390.jpg 585w\" alt=\"\" width=\"900\" height=\"600\" \/><\/a><\/div>\n<\/figure>\n<figure class=\"gallery-item\">\n<div class=\"gallery-icon landscape\"><a href=\"https:\/\/www.cidadesemfoco.com\/com-o-placar-de-4-a-1-jacobina-vence-curral-novo-do-piaui-na-disputa-pela-copa-amvi-veja-fotos\/img_5509-3\/\"><img loading=\"lazy\" decoding=\"async\" class=\"attachment-full size-full\" src=\"https:\/\/www.cidadesemfoco.com\/wp-content\/uploads\/2023\/08\/IMG_5509.jpg\" sizes=\"(max-width: 900px) 100vw, 900px\" srcset=\"https:\/\/www.cidadesemfoco.com\/wp-content\/uploads\/2023\/08\/IMG_5509.jpg 900w, https:\/\/www.cidadesemfoco.com\/wp-content\/uploads\/2023\/08\/IMG_5509-300x200.jpg 300w, https:\/\/www.cidadesemfoco.com\/wp-content\/uploads\/2023\/08\/IMG_5509-768x512.jpg 768w, https:\/\/www.cidadesemfoco.com\/wp-content\/uploads\/2023\/08\/IMG_5509-480x320.jpg 480w, https:\/\/www.cidadesemfoco.com\/wp-content\/uploads\/2023\/08\/IMG_5509-280x186.jpg 280w, https:\/\/www.cidadesemfoco.com\/wp-content\/uploads\/2023\/08\/IMG_5509-600x400.jpg 600w, https:\/\/www.cidadesemfoco.com\/wp-content\/uploads\/2023\/08\/IMG_5509-585x390.jpg 585w\" alt=\"\" width=\"900\" height=\"600\" \/><\/a><\/div>\n<\/figure>\n<figure class=\"gallery-item\">\n<div class=\"gallery-icon landscape\"><a href=\"https:\/\/www.cidadesemfoco.com\/com-o-placar-de-4-a-1-jacobina-vence-curral-novo-do-piaui-na-disputa-pela-copa-amvi-veja-fotos\/img_5510-2\/\"><img loading=\"lazy\" decoding=\"async\" class=\"attachment-full size-full\" src=\"https:\/\/www.cidadesemfoco.com\/wp-content\/uploads\/2023\/08\/IMG_5510.jpg\" sizes=\"(max-width: 900px) 100vw, 900px\" srcset=\"https:\/\/www.cidadesemfoco.com\/wp-content\/uploads\/2023\/08\/IMG_5510.jpg 900w, https:\/\/www.cidadesemfoco.com\/wp-content\/uploads\/2023\/08\/IMG_5510-300x200.jpg 300w, https:\/\/www.cidadesemfoco.com\/wp-content\/uploads\/2023\/08\/IMG_5510-768x512.jpg 768w, https:\/\/www.cidadesemfoco.com\/wp-content\/uploads\/2023\/08\/IMG_5510-480x320.jpg 480w, https:\/\/www.cidadesemfoco.com\/wp-content\/uploads\/2023\/08\/IMG_5510-280x186.jpg 280w, https:\/\/www.cidadesemfoco.com\/wp-content\/uploads\/2023\/08\/IMG_5510-600x400.jpg 600w, https:\/\/www.cidadesemfoco.com\/wp-content\/uploads\/2023\/08\/IMG_5510-585x390.jpg 585w\" alt=\"\" width=\"900\" height=\"600\" \/><\/a><\/div>\n<\/figure>\n<figure class=\"gallery-item\">\n<div class=\"gallery-icon landscape\"><a href=\"https:\/\/www.cidadesemfoco.com\/com-o-placar-de-4-a-1-jacobina-vence-curral-novo-do-piaui-na-disputa-pela-copa-amvi-veja-fotos\/img_5513-2\/\"><img loading=\"lazy\" decoding=\"async\" class=\"attachment-full size-full\" src=\"https:\/\/www.cidadesemfoco.com\/wp-content\/uploads\/2023\/08\/IMG_5513.jpg\" sizes=\"(max-width: 900px) 100vw, 900px\" srcset=\"https:\/\/www.cidadesemfoco.com\/wp-content\/uploads\/2023\/08\/IMG_5513.jpg 900w, https:\/\/www.cidadesemfoco.com\/wp-content\/uploads\/2023\/08\/IMG_5513-300x200.jpg 300w, https:\/\/www.cidadesemfoco.com\/wp-content\/uploads\/2023\/08\/IMG_5513-768x512.jpg 768w, https:\/\/www.cidadesemfoco.com\/wp-content\/uploads\/2023\/08\/IMG_5513-480x320.jpg 480w, https:\/\/www.cidadesemfoco.com\/wp-content\/uploads\/2023\/08\/IMG_5513-280x186.jpg 280w, https:\/\/www.cidadesemfoco.com\/wp-content\/uploads\/2023\/08\/IMG_5513-600x400.jpg 600w, https:\/\/www.cidadesemfoco.com\/wp-content\/uploads\/2023\/08\/IMG_5513-585x390.jpg 585w\" alt=\"\" width=\"900\" height=\"600\" \/><\/a><\/div>\n<\/figure>\n<figure class=\"gallery-item\">\n<div class=\"gallery-icon landscape\"><a href=\"https:\/\/www.cidadesemfoco.com\/com-o-placar-de-4-a-1-jacobina-vence-curral-novo-do-piaui-na-disputa-pela-copa-amvi-veja-fotos\/img_5516\/\"><img loading=\"lazy\" decoding=\"async\" class=\"attachment-full size-full\" src=\"https:\/\/www.cidadesemfoco.com\/wp-content\/uploads\/2023\/08\/IMG_5516.jpg\" sizes=\"(max-width: 900px) 100vw, 900px\" srcset=\"https:\/\/www.cidadesemfoco.com\/wp-content\/uploads\/2023\/08\/IMG_5516.jpg 900w, https:\/\/www.cidadesemfoco.com\/wp-content\/uploads\/2023\/08\/IMG_5516-300x200.jpg 300w, https:\/\/www.cidadesemfoco.com\/wp-content\/uploads\/2023\/08\/IMG_5516-768x512.jpg 768w, https:\/\/www.cidadesemfoco.com\/wp-content\/uploads\/2023\/08\/IMG_5516-480x320.jpg 480w, https:\/\/www.cidadesemfoco.com\/wp-content\/uploads\/2023\/08\/IMG_5516-280x186.jpg 280w, https:\/\/www.cidadesemfoco.com\/wp-content\/uploads\/2023\/08\/IMG_5516-600x400.jpg 600w, https:\/\/www.cidadesemfoco.com\/wp-content\/uploads\/2023\/08\/IMG_5516-585x390.jpg 585w\" alt=\"\" width=\"900\" height=\"600\" \/><\/a><\/div>\n<\/figure>\n<figure class=\"gallery-item\">\n<div class=\"gallery-icon landscape\"><a href=\"https:\/\/www.cidadesemfoco.com\/com-o-placar-de-4-a-1-jacobina-vence-curral-novo-do-piaui-na-disputa-pela-copa-amvi-veja-fotos\/img_5518\/\"><img loading=\"lazy\" decoding=\"async\" class=\"attachment-full size-full\" src=\"https:\/\/www.cidadesemfoco.com\/wp-content\/uploads\/2023\/08\/IMG_5518.jpg\" sizes=\"(max-width: 900px) 100vw, 900px\" srcset=\"https:\/\/www.cidadesemfoco.com\/wp-content\/uploads\/2023\/08\/IMG_5518.jpg 900w, https:\/\/www.cidadesemfoco.com\/wp-content\/uploads\/2023\/08\/IMG_5518-300x200.jpg 300w, https:\/\/www.cidadesemfoco.com\/wp-content\/uploads\/2023\/08\/IMG_5518-768x512.jpg 768w, https:\/\/www.cidadesemfoco.com\/wp-content\/uploads\/2023\/08\/IMG_5518-480x320.jpg 480w, https:\/\/www.cidadesemfoco.com\/wp-content\/uploads\/2023\/08\/IMG_5518-280x186.jpg 280w, https:\/\/www.cidadesemfoco.com\/wp-content\/uploads\/2023\/08\/IMG_5518-600x400.jpg 600w, https:\/\/www.cidadesemfoco.com\/wp-content\/uploads\/2023\/08\/IMG_5518-585x390.jpg 585w\" alt=\"\" width=\"900\" height=\"600\" \/><\/a><\/div>\n<\/figure>\n<figure class=\"gallery-item\">\n<div class=\"gallery-icon landscape\"><a href=\"https:\/\/www.cidadesemfoco.com\/com-o-placar-de-4-a-1-jacobina-vence-curral-novo-do-piaui-na-disputa-pela-copa-amvi-veja-fotos\/img_5520-2\/\"><img loading=\"lazy\" decoding=\"async\" class=\"attachment-full size-full\" src=\"https:\/\/www.cidadesemfoco.com\/wp-content\/uploads\/2023\/08\/IMG_5520.jpg\" sizes=\"(max-width: 900px) 100vw, 900px\" srcset=\"https:\/\/www.cidadesemfoco.com\/wp-content\/uploads\/2023\/08\/IMG_5520.jpg 900w, https:\/\/www.cidadesemfoco.com\/wp-content\/uploads\/2023\/08\/IMG_5520-300x200.jpg 300w, https:\/\/www.cidadesemfoco.com\/wp-content\/uploads\/2023\/08\/IMG_5520-768x512.jpg 768w, https:\/\/www.cidadesemfoco.com\/wp-content\/uploads\/2023\/08\/IMG_5520-480x320.jpg 480w, https:\/\/www.cidadesemfoco.com\/wp-content\/uploads\/2023\/08\/IMG_5520-280x186.jpg 280w, https:\/\/www.cidadesemfoco.com\/wp-content\/uploads\/2023\/08\/IMG_5520-600x400.jpg 600w, https:\/\/www.cidadesemfoco.com\/wp-content\/uploads\/2023\/08\/IMG_5520-585x390.jpg 585w\" alt=\"\" width=\"900\" height=\"600\" \/><\/a><\/div>\n<\/figure>\n<figure class=\"gallery-item\">\n<div class=\"gallery-icon landscape\"><a href=\"https:\/\/www.cidadesemfoco.com\/com-o-placar-de-4-a-1-jacobina-vence-curral-novo-do-piaui-na-disputa-pela-copa-amvi-veja-fotos\/img_5522-2\/\"><img loading=\"lazy\" decoding=\"async\" class=\"attachment-full size-full\" src=\"https:\/\/www.cidadesemfoco.com\/wp-content\/uploads\/2023\/08\/IMG_5522.jpg\" sizes=\"(max-width: 900px) 100vw, 900px\" srcset=\"https:\/\/www.cidadesemfoco.com\/wp-content\/uploads\/2023\/08\/IMG_5522.jpg 900w, https:\/\/www.cidadesemfoco.com\/wp-content\/uploads\/2023\/08\/IMG_5522-300x200.jpg 300w, https:\/\/www.cidadesemfoco.com\/wp-content\/uploads\/2023\/08\/IMG_5522-768x512.jpg 768w, https:\/\/www.cidadesemfoco.com\/wp-content\/uploads\/2023\/08\/IMG_5522-480x320.jpg 480w, https:\/\/www.cidadesemfoco.com\/wp-content\/uploads\/2023\/08\/IMG_5522-280x186.jpg 280w, https:\/\/www.cidadesemfoco.com\/wp-content\/uploads\/2023\/08\/IMG_5522-600x400.jpg 600w, https:\/\/www.cidadesemfoco.com\/wp-content\/uploads\/2023\/08\/IMG_5522-585x390.jpg 585w\" alt=\"\" width=\"900\" height=\"600\" \/><\/a><\/div>\n<\/figure>\n<figure class=\"gallery-item\">\n<div class=\"gallery-icon landscape\"><a href=\"https:\/\/www.cidadesemfoco.com\/com-o-placar-de-4-a-1-jacobina-vence-curral-novo-do-piaui-na-disputa-pela-copa-amvi-veja-fotos\/img_5524-3\/\"><img loading=\"lazy\" decoding=\"async\" class=\"attachment-full size-full\" src=\"https:\/\/www.cidadesemfoco.com\/wp-content\/uploads\/2023\/08\/IMG_5524.jpg\" sizes=\"(max-width: 900px) 100vw, 900px\" srcset=\"https:\/\/www.cidadesemfoco.com\/wp-content\/uploads\/2023\/08\/IMG_5524.jpg 900w, https:\/\/www.cidadesemfoco.com\/wp-content\/uploads\/2023\/08\/IMG_5524-300x200.jpg 300w, https:\/\/www.cidadesemfoco.com\/wp-content\/uploads\/2023\/08\/IMG_5524-768x512.jpg 768w, https:\/\/www.cidadesemfoco.com\/wp-content\/uploads\/2023\/08\/IMG_5524-480x320.jpg 480w, https:\/\/www.cidadesemfoco.com\/wp-content\/uploads\/2023\/08\/IMG_5524-280x186.jpg 280w, https:\/\/www.cidadesemfoco.com\/wp-content\/uploads\/2023\/08\/IMG_5524-600x400.jpg 600w, https:\/\/www.cidadesemfoco.com\/wp-content\/uploads\/2023\/08\/IMG_5524-585x390.jpg 585w\" alt=\"\" width=\"900\" height=\"600\" \/><\/a><\/div>\n<\/figure>\n<figure class=\"gallery-item\">\n<div class=\"gallery-icon landscape\"><a href=\"https:\/\/www.cidadesemfoco.com\/com-o-placar-de-4-a-1-jacobina-vence-curral-novo-do-piaui-na-disputa-pela-copa-amvi-veja-fotos\/img_5525\/\"><img loading=\"lazy\" decoding=\"async\" class=\"attachment-full size-full\" src=\"https:\/\/www.cidadesemfoco.com\/wp-content\/uploads\/2023\/08\/IMG_5525.jpg\" sizes=\"(max-width: 900px) 100vw, 900px\" srcset=\"https:\/\/www.cidadesemfoco.com\/wp-content\/uploads\/2023\/08\/IMG_5525.jpg 900w, https:\/\/www.cidadesemfoco.com\/wp-content\/uploads\/2023\/08\/IMG_5525-300x200.jpg 300w, https:\/\/www.cidadesemfoco.com\/wp-content\/uploads\/2023\/08\/IMG_5525-768x512.jpg 768w, https:\/\/www.cidadesemfoco.com\/wp-content\/uploads\/2023\/08\/IMG_5525-480x320.jpg 480w, https:\/\/www.cidadesemfoco.com\/wp-content\/uploads\/2023\/08\/IMG_5525-280x186.jpg 280w, https:\/\/www.cidadesemfoco.com\/wp-content\/uploads\/2023\/08\/IMG_5525-600x400.jpg 600w, https:\/\/www.cidadesemfoco.com\/wp-content\/uploads\/2023\/08\/IMG_5525-585x390.jpg 585w\" alt=\"\" width=\"900\" height=\"600\" \/><\/a><\/div>\n<\/figure>\n<figure class=\"gallery-item\">\n<div class=\"gallery-icon landscape\"><a href=\"https:\/\/www.cidadesemfoco.com\/com-o-placar-de-4-a-1-jacobina-vence-curral-novo-do-piaui-na-disputa-pela-copa-amvi-veja-fotos\/img_5530-2\/\"><img loading=\"lazy\" decoding=\"async\" class=\"attachment-full size-full\" src=\"https:\/\/www.cidadesemfoco.com\/wp-content\/uploads\/2023\/08\/IMG_5530.jpg\" sizes=\"(max-width: 900px) 100vw, 900px\" srcset=\"https:\/\/www.cidadesemfoco.com\/wp-content\/uploads\/2023\/08\/IMG_5530.jpg 900w, https:\/\/www.cidadesemfoco.com\/wp-content\/uploads\/2023\/08\/IMG_5530-300x200.jpg 300w, https:\/\/www.cidadesemfoco.com\/wp-content\/uploads\/2023\/08\/IMG_5530-768x512.jpg 768w, https:\/\/www.cidadesemfoco.com\/wp-content\/uploads\/2023\/08\/IMG_5530-480x320.jpg 480w, https:\/\/www.cidadesemfoco.com\/wp-content\/uploads\/2023\/08\/IMG_5530-280x186.jpg 280w, https:\/\/www.cidadesemfoco.com\/wp-content\/uploads\/2023\/08\/IMG_5530-600x400.jpg 600w, https:\/\/www.cidadesemfoco.com\/wp-content\/uploads\/2023\/08\/IMG_5530-585x390.jpg 585w\" alt=\"\" width=\"900\" height=\"600\" \/><\/a><\/div>\n<\/figure>\n<figure class=\"gallery-item\">\n<div class=\"gallery-icon landscape\"><a href=\"https:\/\/www.cidadesemfoco.com\/com-o-placar-de-4-a-1-jacobina-vence-curral-novo-do-piaui-na-disputa-pela-copa-amvi-veja-fotos\/img_5533-3\/\"><img loading=\"lazy\" decoding=\"async\" class=\"attachment-full size-full\" src=\"https:\/\/www.cidadesemfoco.com\/wp-content\/uploads\/2023\/08\/IMG_5533.jpg\" sizes=\"(max-width: 900px) 100vw, 900px\" srcset=\"https:\/\/www.cidadesemfoco.com\/wp-content\/uploads\/2023\/08\/IMG_5533.jpg 900w, https:\/\/www.cidadesemfoco.com\/wp-content\/uploads\/2023\/08\/IMG_5533-300x200.jpg 300w, https:\/\/www.cidadesemfoco.com\/wp-content\/uploads\/2023\/08\/IMG_5533-768x512.jpg 768w, https:\/\/www.cidadesemfoco.com\/wp-content\/uploads\/2023\/08\/IMG_5533-480x320.jpg 480w, https:\/\/www.cidadesemfoco.com\/wp-content\/uploads\/2023\/08\/IMG_5533-280x186.jpg 280w, https:\/\/www.cidadesemfoco.com\/wp-content\/uploads\/2023\/08\/IMG_5533-600x400.jpg 600w, https:\/\/www.cidadesemfoco.com\/wp-content\/uploads\/2023\/08\/IMG_5533-585x390.jpg 585w\" alt=\"\" width=\"900\" height=\"600\" \/><\/a><\/div>\n<\/figure>\n<figure class=\"gallery-item\">\n<div class=\"gallery-icon landscape\"><a href=\"https:\/\/www.cidadesemfoco.com\/com-o-placar-de-4-a-1-jacobina-vence-curral-novo-do-piaui-na-disputa-pela-copa-amvi-veja-fotos\/img_5535-3\/\"><img loading=\"lazy\" decoding=\"async\" class=\"attachment-full size-full\" src=\"https:\/\/www.cidadesemfoco.com\/wp-content\/uploads\/2023\/08\/IMG_5535.jpg\" sizes=\"(max-width: 900px) 100vw, 900px\" srcset=\"https:\/\/www.cidadesemfoco.com\/wp-content\/uploads\/2023\/08\/IMG_5535.jpg 900w, https:\/\/www.cidadesemfoco.com\/wp-content\/uploads\/2023\/08\/IMG_5535-300x200.jpg 300w, https:\/\/www.cidadesemfoco.com\/wp-content\/uploads\/2023\/08\/IMG_5535-768x512.jpg 768w, https:\/\/www.cidadesemfoco.com\/wp-content\/uploads\/2023\/08\/IMG_5535-480x320.jpg 480w, https:\/\/www.cidadesemfoco.com\/wp-content\/uploads\/2023\/08\/IMG_5535-280x186.jpg 280w, https:\/\/www.cidadesemfoco.com\/wp-content\/uploads\/2023\/08\/IMG_5535-600x400.jpg 600w, https:\/\/www.cidadesemfoco.com\/wp-content\/uploads\/2023\/08\/IMG_5535-585x390.jpg 585w\" alt=\"\" width=\"900\" height=\"600\" \/><\/a><\/div>\n<\/figure>\n<figure class=\"gallery-item\">\n<div class=\"gallery-icon landscape\"><a href=\"https:\/\/www.cidadesemfoco.com\/com-o-placar-de-4-a-1-jacobina-vence-curral-novo-do-piaui-na-disputa-pela-copa-amvi-veja-fotos\/img_5541\/\"><img loading=\"lazy\" decoding=\"async\" class=\"attachment-full size-full\" src=\"https:\/\/www.cidadesemfoco.com\/wp-content\/uploads\/2023\/08\/IMG_5541.jpg\" sizes=\"(max-width: 900px) 100vw, 900px\" srcset=\"https:\/\/www.cidadesemfoco.com\/wp-content\/uploads\/2023\/08\/IMG_5541.jpg 900w, https:\/\/www.cidadesemfoco.com\/wp-content\/uploads\/2023\/08\/IMG_5541-300x200.jpg 300w, https:\/\/www.cidadesemfoco.com\/wp-content\/uploads\/2023\/08\/IMG_5541-768x512.jpg 768w, https:\/\/www.cidadesemfoco.com\/wp-content\/uploads\/2023\/08\/IMG_5541-480x320.jpg 480w, https:\/\/www.cidadesemfoco.com\/wp-content\/uploads\/2023\/08\/IMG_5541-280x186.jpg 280w, https:\/\/www.cidadesemfoco.com\/wp-content\/uploads\/2023\/08\/IMG_5541-600x400.jpg 600w, https:\/\/www.cidadesemfoco.com\/wp-content\/uploads\/2023\/08\/IMG_5541-585x390.jpg 585w\" alt=\"\" width=\"900\" height=\"600\" \/><\/a><\/div>\n<\/figure>\n<figure class=\"gallery-item\">\n<div class=\"gallery-icon landscape\"><a href=\"https:\/\/www.cidadesemfoco.com\/com-o-placar-de-4-a-1-jacobina-vence-curral-novo-do-piaui-na-disputa-pela-copa-amvi-veja-fotos\/img_5542-3\/\"><img loading=\"lazy\" decoding=\"async\" class=\"attachment-full size-full\" src=\"https:\/\/www.cidadesemfoco.com\/wp-content\/uploads\/2023\/08\/IMG_5542.jpg\" sizes=\"(max-width: 900px) 100vw, 900px\" srcset=\"https:\/\/www.cidadesemfoco.com\/wp-content\/uploads\/2023\/08\/IMG_5542.jpg 900w, https:\/\/www.cidadesemfoco.com\/wp-content\/uploads\/2023\/08\/IMG_5542-300x200.jpg 300w, https:\/\/www.cidadesemfoco.com\/wp-content\/uploads\/2023\/08\/IMG_5542-768x512.jpg 768w, https:\/\/www.cidadesemfoco.com\/wp-content\/uploads\/2023\/08\/IMG_5542-480x320.jpg 480w, https:\/\/www.cidadesemfoco.com\/wp-content\/uploads\/2023\/08\/IMG_5542-280x186.jpg 280w, https:\/\/www.cidadesemfoco.com\/wp-content\/uploads\/2023\/08\/IMG_5542-600x400.jpg 600w, https:\/\/www.cidadesemfoco.com\/wp-content\/uploads\/2023\/08\/IMG_5542-585x390.jpg 585w\" alt=\"\" width=\"900\" height=\"600\" \/><\/a><\/div>\n<\/figure>\n<figure class=\"gallery-item\">\n<div class=\"gallery-icon landscape\"><a href=\"https:\/\/www.cidadesemfoco.com\/com-o-placar-de-4-a-1-jacobina-vence-curral-novo-do-piaui-na-disputa-pela-copa-amvi-veja-fotos\/img_5549-4\/\"><img loading=\"lazy\" decoding=\"async\" class=\"attachment-full size-full\" src=\"https:\/\/www.cidadesemfoco.com\/wp-content\/uploads\/2023\/08\/IMG_5549.jpg\" sizes=\"(max-width: 900px) 100vw, 900px\" srcset=\"https:\/\/www.cidadesemfoco.com\/wp-content\/uploads\/2023\/08\/IMG_5549.jpg 900w, https:\/\/www.cidadesemfoco.com\/wp-content\/uploads\/2023\/08\/IMG_5549-300x200.jpg 300w, https:\/\/www.cidadesemfoco.com\/wp-content\/uploads\/2023\/08\/IMG_5549-768x512.jpg 768w, https:\/\/www.cidadesemfoco.com\/wp-content\/uploads\/2023\/08\/IMG_5549-480x320.jpg 480w, https:\/\/www.cidadesemfoco.com\/wp-content\/uploads\/2023\/08\/IMG_5549-280x186.jpg 280w, https:\/\/www.cidadesemfoco.com\/wp-content\/uploads\/2023\/08\/IMG_5549-600x400.jpg 600w, https:\/\/www.cidadesemfoco.com\/wp-content\/uploads\/2023\/08\/IMG_5549-585x390.jpg 585w\" alt=\"\" width=\"900\" height=\"600\" \/><\/a><\/div>\n<\/figure>\n<figure class=\"gallery-item\">\n<div class=\"gallery-icon landscape\"><a href=\"https:\/\/www.cidadesemfoco.com\/com-o-placar-de-4-a-1-jacobina-vence-curral-novo-do-piaui-na-disputa-pela-copa-amvi-veja-fotos\/img_5552-3\/\"><img loading=\"lazy\" decoding=\"async\" class=\"attachment-full size-full\" src=\"https:\/\/www.cidadesemfoco.com\/wp-content\/uploads\/2023\/08\/IMG_5552.jpg\" sizes=\"(max-width: 900px) 100vw, 900px\" srcset=\"https:\/\/www.cidadesemfoco.com\/wp-content\/uploads\/2023\/08\/IMG_5552.jpg 900w, https:\/\/www.cidadesemfoco.com\/wp-content\/uploads\/2023\/08\/IMG_5552-300x200.jpg 300w, https:\/\/www.cidadesemfoco.com\/wp-content\/uploads\/2023\/08\/IMG_5552-768x512.jpg 768w, https:\/\/www.cidadesemfoco.com\/wp-content\/uploads\/2023\/08\/IMG_5552-480x320.jpg 480w, https:\/\/www.cidadesemfoco.com\/wp-content\/uploads\/2023\/08\/IMG_5552-280x186.jpg 280w, https:\/\/www.cidadesemfoco.com\/wp-content\/uploads\/2023\/08\/IMG_5552-600x400.jpg 600w, https:\/\/www.cidadesemfoco.com\/wp-content\/uploads\/2023\/08\/IMG_5552-585x390.jpg 585w\" alt=\"\" width=\"900\" height=\"600\" \/><\/a><\/div>\n<\/figure>\n<figure class=\"gallery-item\">\n<div class=\"gallery-icon landscape\"><a href=\"https:\/\/www.cidadesemfoco.com\/com-o-placar-de-4-a-1-jacobina-vence-curral-novo-do-piaui-na-disputa-pela-copa-amvi-veja-fotos\/img_5553-4\/\"><img loading=\"lazy\" decoding=\"async\" class=\"attachment-full size-full\" src=\"https:\/\/www.cidadesemfoco.com\/wp-content\/uploads\/2023\/08\/IMG_5553.jpg\" sizes=\"(max-width: 900px) 100vw, 900px\" srcset=\"https:\/\/www.cidadesemfoco.com\/wp-content\/uploads\/2023\/08\/IMG_5553.jpg 900w, https:\/\/www.cidadesemfoco.com\/wp-content\/uploads\/2023\/08\/IMG_5553-300x200.jpg 300w, https:\/\/www.cidadesemfoco.com\/wp-content\/uploads\/2023\/08\/IMG_5553-768x512.jpg 768w, https:\/\/www.cidadesemfoco.com\/wp-content\/uploads\/2023\/08\/IMG_5553-480x320.jpg 480w, https:\/\/www.cidadesemfoco.com\/wp-content\/uploads\/2023\/08\/IMG_5553-280x186.jpg 280w, https:\/\/www.cidadesemfoco.com\/wp-content\/uploads\/2023\/08\/IMG_5553-600x400.jpg 600w, https:\/\/www.cidadesemfoco.com\/wp-content\/uploads\/2023\/08\/IMG_5553-585x390.jpg 585w\" alt=\"\" width=\"900\" height=\"600\" \/><\/a><\/div>\n<\/figure>\n<figure class=\"gallery-item\">\n<div class=\"gallery-icon landscape\"><a href=\"https:\/\/www.cidadesemfoco.com\/com-o-placar-de-4-a-1-jacobina-vence-curral-novo-do-piaui-na-disputa-pela-copa-amvi-veja-fotos\/img_5554-8\/\"><img loading=\"lazy\" decoding=\"async\" class=\"attachment-full size-full\" src=\"https:\/\/www.cidadesemfoco.com\/wp-content\/uploads\/2023\/08\/IMG_5554.jpg\" sizes=\"(max-width: 900px) 100vw, 900px\" srcset=\"https:\/\/www.cidadesemfoco.com\/wp-content\/uploads\/2023\/08\/IMG_5554.jpg 900w, https:\/\/www.cidadesemfoco.com\/wp-content\/uploads\/2023\/08\/IMG_5554-300x200.jpg 300w, https:\/\/www.cidadesemfoco.com\/wp-content\/uploads\/2023\/08\/IMG_5554-768x512.jpg 768w, https:\/\/www.cidadesemfoco.com\/wp-content\/uploads\/2023\/08\/IMG_5554-480x320.jpg 480w, https:\/\/www.cidadesemfoco.com\/wp-content\/uploads\/2023\/08\/IMG_5554-280x186.jpg 280w, https:\/\/www.cidadesemfoco.com\/wp-content\/uploads\/2023\/08\/IMG_5554-600x400.jpg 600w, https:\/\/www.cidadesemfoco.com\/wp-content\/uploads\/2023\/08\/IMG_5554-585x390.jpg 585w\" alt=\"\" width=\"900\" height=\"600\" \/><\/a><\/div>\n<\/figure>\n<figure class=\"gallery-item\">\n<div class=\"gallery-icon landscape\"><a href=\"https:\/\/www.cidadesemfoco.com\/com-o-placar-de-4-a-1-jacobina-vence-curral-novo-do-piaui-na-disputa-pela-copa-amvi-veja-fotos\/img_5556-3\/\"><img loading=\"lazy\" decoding=\"async\" class=\"attachment-full size-full\" src=\"https:\/\/www.cidadesemfoco.com\/wp-content\/uploads\/2023\/08\/IMG_5556.jpg\" sizes=\"(max-width: 900px) 100vw, 900px\" srcset=\"https:\/\/www.cidadesemfoco.com\/wp-content\/uploads\/2023\/08\/IMG_5556.jpg 900w, https:\/\/www.cidadesemfoco.com\/wp-content\/uploads\/2023\/08\/IMG_5556-300x200.jpg 300w, https:\/\/www.cidadesemfoco.com\/wp-content\/uploads\/2023\/08\/IMG_5556-768x512.jpg 768w, https:\/\/www.cidadesemfoco.com\/wp-content\/uploads\/2023\/08\/IMG_5556-480x320.jpg 480w, https:\/\/www.cidadesemfoco.com\/wp-content\/uploads\/2023\/08\/IMG_5556-280x186.jpg 280w, https:\/\/www.cidadesemfoco.com\/wp-content\/uploads\/2023\/08\/IMG_5556-600x400.jpg 600w, https:\/\/www.cidadesemfoco.com\/wp-content\/uploads\/2023\/08\/IMG_5556-585x390.jpg 585w\" alt=\"\" width=\"900\" height=\"600\" \/><\/a><\/div>\n<\/figure>\n<figure class=\"gallery-item\">\n<div class=\"gallery-icon landscape\"><a href=\"https:\/\/www.cidadesemfoco.com\/com-o-placar-de-4-a-1-jacobina-vence-curral-novo-do-piaui-na-disputa-pela-copa-amvi-veja-fotos\/img_5557-4\/\"><img loading=\"lazy\" decoding=\"async\" class=\"attachment-full size-full\" src=\"https:\/\/www.cidadesemfoco.com\/wp-content\/uploads\/2023\/08\/IMG_5557.jpg\" sizes=\"(max-width: 900px) 100vw, 900px\" srcset=\"https:\/\/www.cidadesemfoco.com\/wp-content\/uploads\/2023\/08\/IMG_5557.jpg 900w, https:\/\/www.cidadesemfoco.com\/wp-content\/uploads\/2023\/08\/IMG_5557-300x200.jpg 300w, https:\/\/www.cidadesemfoco.com\/wp-content\/uploads\/2023\/08\/IMG_5557-768x512.jpg 768w, https:\/\/www.cidadesemfoco.com\/wp-content\/uploads\/2023\/08\/IMG_5557-480x320.jpg 480w, https:\/\/www.cidadesemfoco.com\/wp-content\/uploads\/2023\/08\/IMG_5557-280x186.jpg 280w, https:\/\/www.cidadesemfoco.com\/wp-content\/uploads\/2023\/08\/IMG_5557-600x400.jpg 600w, https:\/\/www.cidadesemfoco.com\/wp-content\/uploads\/2023\/08\/IMG_5557-585x390.jpg 585w\" alt=\"\" width=\"900\" height=\"600\" \/><\/a><\/div>\n<\/figure>\n<figure class=\"gallery-item\">\n<div class=\"gallery-icon landscape\"><a href=\"https:\/\/www.cidadesemfoco.com\/com-o-placar-de-4-a-1-jacobina-vence-curral-novo-do-piaui-na-disputa-pela-copa-amvi-veja-fotos\/img_5558-3\/\"><img loading=\"lazy\" decoding=\"async\" class=\"attachment-full size-full\" src=\"https:\/\/www.cidadesemfoco.com\/wp-content\/uploads\/2023\/08\/IMG_5558.jpg\" sizes=\"(max-width: 900px) 100vw, 900px\" srcset=\"https:\/\/www.cidadesemfoco.com\/wp-content\/uploads\/2023\/08\/IMG_5558.jpg 900w, https:\/\/www.cidadesemfoco.com\/wp-content\/uploads\/2023\/08\/IMG_5558-300x200.jpg 300w, https:\/\/www.cidadesemfoco.com\/wp-content\/uploads\/2023\/08\/IMG_5558-768x512.jpg 768w, https:\/\/www.cidadesemfoco.com\/wp-content\/uploads\/2023\/08\/IMG_5558-480x320.jpg 480w, https:\/\/www.cidadesemfoco.com\/wp-content\/uploads\/2023\/08\/IMG_5558-280x186.jpg 280w, https:\/\/www.cidadesemfoco.com\/wp-content\/uploads\/2023\/08\/IMG_5558-600x400.jpg 600w, https:\/\/www.cidadesemfoco.com\/wp-content\/uploads\/2023\/08\/IMG_5558-585x390.jpg 585w\" alt=\"\" width=\"900\" height=\"600\" \/><\/a><\/div>\n<\/figure>\n<figure class=\"gallery-item\">\n<div class=\"gallery-icon landscape\"><a href=\"https:\/\/www.cidadesemfoco.com\/com-o-placar-de-4-a-1-jacobina-vence-curral-novo-do-piaui-na-disputa-pela-copa-amvi-veja-fotos\/img_5559-2\/\"><img loading=\"lazy\" decoding=\"async\" class=\"attachment-full size-full\" src=\"https:\/\/www.cidadesemfoco.com\/wp-content\/uploads\/2023\/08\/IMG_5559.jpg\" sizes=\"(max-width: 900px) 100vw, 900px\" srcset=\"https:\/\/www.cidadesemfoco.com\/wp-content\/uploads\/2023\/08\/IMG_5559.jpg 900w, https:\/\/www.cidadesemfoco.com\/wp-content\/uploads\/2023\/08\/IMG_5559-300x200.jpg 300w, https:\/\/www.cidadesemfoco.com\/wp-content\/uploads\/2023\/08\/IMG_5559-768x512.jpg 768w, https:\/\/www.cidadesemfoco.com\/wp-content\/uploads\/2023\/08\/IMG_5559-480x320.jpg 480w, https:\/\/www.cidadesemfoco.com\/wp-content\/uploads\/2023\/08\/IMG_5559-280x186.jpg 280w, https:\/\/www.cidadesemfoco.com\/wp-content\/uploads\/2023\/08\/IMG_5559-600x400.jpg 600w, https:\/\/www.cidadesemfoco.com\/wp-content\/uploads\/2023\/08\/IMG_5559-585x390.jpg 585w\" alt=\"\" width=\"900\" height=\"600\" \/><\/a><\/div>\n<\/figure>\n<figure class=\"gallery-item\">\n<div class=\"gallery-icon landscape\"><a href=\"https:\/\/www.cidadesemfoco.com\/com-o-placar-de-4-a-1-jacobina-vence-curral-novo-do-piaui-na-disputa-pela-copa-amvi-veja-fotos\/img_5561-5\/\"><img loading=\"lazy\" decoding=\"async\" class=\"attachment-full size-full\" src=\"https:\/\/www.cidadesemfoco.com\/wp-content\/uploads\/2023\/08\/IMG_5561.jpg\" sizes=\"(max-width: 900px) 100vw, 900px\" srcset=\"https:\/\/www.cidadesemfoco.com\/wp-content\/uploads\/2023\/08\/IMG_5561.jpg 900w, https:\/\/www.cidadesemfoco.com\/wp-content\/uploads\/2023\/08\/IMG_5561-300x200.jpg 300w, https:\/\/www.cidadesemfoco.com\/wp-content\/uploads\/2023\/08\/IMG_5561-768x512.jpg 768w, https:\/\/www.cidadesemfoco.com\/wp-content\/uploads\/2023\/08\/IMG_5561-480x320.jpg 480w, https:\/\/www.cidadesemfoco.com\/wp-content\/uploads\/2023\/08\/IMG_5561-280x186.jpg 280w, https:\/\/www.cidadesemfoco.com\/wp-content\/uploads\/2023\/08\/IMG_5561-600x400.jpg 600w, https:\/\/www.cidadesemfoco.com\/wp-content\/uploads\/2023\/08\/IMG_5561-585x390.jpg 585w\" alt=\"\" width=\"900\" height=\"600\" \/><\/a><\/div>\n<\/figure>\n<figure class=\"gallery-item\">\n<div class=\"gallery-icon landscape\"><a href=\"https:\/\/www.cidadesemfoco.com\/com-o-placar-de-4-a-1-jacobina-vence-curral-novo-do-piaui-na-disputa-pela-copa-amvi-veja-fotos\/img_5562-4\/\"><img loading=\"lazy\" decoding=\"async\" class=\"attachment-full size-full\" src=\"https:\/\/www.cidadesemfoco.com\/wp-content\/uploads\/2023\/08\/IMG_5562.jpg\" sizes=\"(max-width: 900px) 100vw, 900px\" srcset=\"https:\/\/www.cidadesemfoco.com\/wp-content\/uploads\/2023\/08\/IMG_5562.jpg 900w, https:\/\/www.cidadesemfoco.com\/wp-content\/uploads\/2023\/08\/IMG_5562-300x200.jpg 300w, https:\/\/www.cidadesemfoco.com\/wp-content\/uploads\/2023\/08\/IMG_5562-768x512.jpg 768w, https:\/\/www.cidadesemfoco.com\/wp-content\/uploads\/2023\/08\/IMG_5562-480x320.jpg 480w, https:\/\/www.cidadesemfoco.com\/wp-content\/uploads\/2023\/08\/IMG_5562-280x186.jpg 280w, https:\/\/www.cidadesemfoco.com\/wp-content\/uploads\/2023\/08\/IMG_5562-600x400.jpg 600w, https:\/\/www.cidadesemfoco.com\/wp-content\/uploads\/2023\/08\/IMG_5562-585x390.jpg 585w\" alt=\"\" width=\"900\" height=\"600\" \/><\/a><\/div>\n<\/figure>\n<figure class=\"gallery-item\">\n<div class=\"gallery-icon landscape\"><a href=\"https:\/\/www.cidadesemfoco.com\/com-o-placar-de-4-a-1-jacobina-vence-curral-novo-do-piaui-na-disputa-pela-copa-amvi-veja-fotos\/img_5563-5\/\"><img loading=\"lazy\" decoding=\"async\" class=\"attachment-full size-full\" src=\"https:\/\/www.cidadesemfoco.com\/wp-content\/uploads\/2023\/08\/IMG_5563.jpg\" sizes=\"(max-width: 900px) 100vw, 900px\" srcset=\"https:\/\/www.cidadesemfoco.com\/wp-content\/uploads\/2023\/08\/IMG_5563.jpg 900w, https:\/\/www.cidadesemfoco.com\/wp-content\/uploads\/2023\/08\/IMG_5563-300x200.jpg 300w, https:\/\/www.cidadesemfoco.com\/wp-content\/uploads\/2023\/08\/IMG_5563-768x512.jpg 768w, https:\/\/www.cidadesemfoco.com\/wp-content\/uploads\/2023\/08\/IMG_5563-480x320.jpg 480w, https:\/\/www.cidadesemfoco.com\/wp-content\/uploads\/2023\/08\/IMG_5563-280x186.jpg 280w, https:\/\/www.cidadesemfoco.com\/wp-content\/uploads\/2023\/08\/IMG_5563-600x400.jpg 600w, https:\/\/www.cidadesemfoco.com\/wp-content\/uploads\/2023\/08\/IMG_5563-585x390.jpg 585w\" alt=\"\" width=\"900\" height=\"600\" \/><\/a><\/div>\n<\/figure>\n<figure class=\"gallery-item\">\n<div class=\"gallery-icon landscape\"><a href=\"https:\/\/www.cidadesemfoco.com\/com-o-placar-de-4-a-1-jacobina-vence-curral-novo-do-piaui-na-disputa-pela-copa-amvi-veja-fotos\/img_5564-4\/\"><img loading=\"lazy\" decoding=\"async\" class=\"attachment-full size-full\" src=\"https:\/\/www.cidadesemfoco.com\/wp-content\/uploads\/2023\/08\/IMG_5564.jpg\" sizes=\"(max-width: 900px) 100vw, 900px\" srcset=\"https:\/\/www.cidadesemfoco.com\/wp-content\/uploads\/2023\/08\/IMG_5564.jpg 900w, https:\/\/www.cidadesemfoco.com\/wp-content\/uploads\/2023\/08\/IMG_5564-300x200.jpg 300w, https:\/\/www.cidadesemfoco.com\/wp-content\/uploads\/2023\/08\/IMG_5564-768x512.jpg 768w, https:\/\/www.cidadesemfoco.com\/wp-content\/uploads\/2023\/08\/IMG_5564-480x320.jpg 480w, https:\/\/www.cidadesemfoco.com\/wp-content\/uploads\/2023\/08\/IMG_5564-280x186.jpg 280w, https:\/\/www.cidadesemfoco.com\/wp-content\/uploads\/2023\/08\/IMG_5564-600x400.jpg 600w, https:\/\/www.cidadesemfoco.com\/wp-content\/uploads\/2023\/08\/IMG_5564-585x390.jpg 585w\" alt=\"\" width=\"900\" height=\"600\" \/><\/a><\/div>\n<\/figure>\n<figure class=\"gallery-item\">\n<div class=\"gallery-icon landscape\"><a href=\"https:\/\/www.cidadesemfoco.com\/com-o-placar-de-4-a-1-jacobina-vence-curral-novo-do-piaui-na-disputa-pela-copa-amvi-veja-fotos\/img_5565-2\/\"><img loading=\"lazy\" decoding=\"async\" class=\"attachment-full size-full\" src=\"https:\/\/www.cidadesemfoco.com\/wp-content\/uploads\/2023\/08\/IMG_5565.jpg\" sizes=\"(max-width: 900px) 100vw, 900px\" srcset=\"https:\/\/www.cidadesemfoco.com\/wp-content\/uploads\/2023\/08\/IMG_5565.jpg 900w, https:\/\/www.cidadesemfoco.com\/wp-content\/uploads\/2023\/08\/IMG_5565-300x200.jpg 300w, https:\/\/www.cidadesemfoco.com\/wp-content\/uploads\/2023\/08\/IMG_5565-768x512.jpg 768w, https:\/\/www.cidadesemfoco.com\/wp-content\/uploads\/2023\/08\/IMG_5565-480x320.jpg 480w, https:\/\/www.cidadesemfoco.com\/wp-content\/uploads\/2023\/08\/IMG_5565-280x186.jpg 280w, https:\/\/www.cidadesemfoco.com\/wp-content\/uploads\/2023\/08\/IMG_5565-600x400.jpg 600w, https:\/\/www.cidadesemfoco.com\/wp-content\/uploads\/2023\/08\/IMG_5565-585x390.jpg 585w\" alt=\"\" width=\"900\" height=\"600\" \/><\/a><\/div>\n<\/figure>\n<figure class=\"gallery-item\">\n<div class=\"gallery-icon landscape\"><a href=\"https:\/\/www.cidadesemfoco.com\/com-o-placar-de-4-a-1-jacobina-vence-curral-novo-do-piaui-na-disputa-pela-copa-amvi-veja-fotos\/img_5566-3\/\"><img loading=\"lazy\" decoding=\"async\" class=\"attachment-full size-full\" src=\"https:\/\/www.cidadesemfoco.com\/wp-content\/uploads\/2023\/08\/IMG_5566.jpg\" sizes=\"(max-width: 900px) 100vw, 900px\" srcset=\"https:\/\/www.cidadesemfoco.com\/wp-content\/uploads\/2023\/08\/IMG_5566.jpg 900w, https:\/\/www.cidadesemfoco.com\/wp-content\/uploads\/2023\/08\/IMG_5566-300x200.jpg 300w, https:\/\/www.cidadesemfoco.com\/wp-content\/uploads\/2023\/08\/IMG_5566-768x512.jpg 768w, https:\/\/www.cidadesemfoco.com\/wp-content\/uploads\/2023\/08\/IMG_5566-480x320.jpg 480w, https:\/\/www.cidadesemfoco.com\/wp-content\/uploads\/2023\/08\/IMG_5566-280x186.jpg 280w, https:\/\/www.cidadesemfoco.com\/wp-content\/uploads\/2023\/08\/IMG_5566-600x400.jpg 600w, https:\/\/www.cidadesemfoco.com\/wp-content\/uploads\/2023\/08\/IMG_5566-585x390.jpg 585w\" alt=\"\" width=\"900\" height=\"600\" \/><\/a><\/div>\n<\/figure>\n<figure class=\"gallery-item\">\n<div class=\"gallery-icon landscape\"><a href=\"https:\/\/www.cidadesemfoco.com\/com-o-placar-de-4-a-1-jacobina-vence-curral-novo-do-piaui-na-disputa-pela-copa-amvi-veja-fotos\/img_5568\/\"><img loading=\"lazy\" decoding=\"async\" class=\"attachment-full size-full\" src=\"https:\/\/www.cidadesemfoco.com\/wp-content\/uploads\/2023\/08\/IMG_5568.jpg\" sizes=\"(max-width: 900px) 100vw, 900px\" srcset=\"https:\/\/www.cidadesemfoco.com\/wp-content\/uploads\/2023\/08\/IMG_5568.jpg 900w, https:\/\/www.cidadesemfoco.com\/wp-content\/uploads\/2023\/08\/IMG_5568-300x200.jpg 300w, https:\/\/www.cidadesemfoco.com\/wp-content\/uploads\/2023\/08\/IMG_5568-768x512.jpg 768w, https:\/\/www.cidadesemfoco.com\/wp-content\/uploads\/2023\/08\/IMG_5568-480x320.jpg 480w, https:\/\/www.cidadesemfoco.com\/wp-content\/uploads\/2023\/08\/IMG_5568-280x186.jpg 280w, https:\/\/www.cidadesemfoco.com\/wp-content\/uploads\/2023\/08\/IMG_5568-600x400.jpg 600w, https:\/\/www.cidadesemfoco.com\/wp-content\/uploads\/2023\/08\/IMG_5568-585x390.jpg 585w\" alt=\"\" width=\"900\" height=\"600\" \/><\/a><\/div>\n<\/figure>\n<figure class=\"gallery-item\">\n<div class=\"gallery-icon landscape\"><a href=\"https:\/\/www.cidadesemfoco.com\/com-o-placar-de-4-a-1-jacobina-vence-curral-novo-do-piaui-na-disputa-pela-copa-amvi-veja-fotos\/img_5570-2\/\"><img loading=\"lazy\" decoding=\"async\" class=\"attachment-full size-full\" src=\"https:\/\/www.cidadesemfoco.com\/wp-content\/uploads\/2023\/08\/IMG_5570.jpg\" sizes=\"(max-width: 900px) 100vw, 900px\" srcset=\"https:\/\/www.cidadesemfoco.com\/wp-content\/uploads\/2023\/08\/IMG_5570.jpg 900w, https:\/\/www.cidadesemfoco.com\/wp-content\/uploads\/2023\/08\/IMG_5570-300x200.jpg 300w, https:\/\/www.cidadesemfoco.com\/wp-content\/uploads\/2023\/08\/IMG_5570-768x512.jpg 768w, https:\/\/www.cidadesemfoco.com\/wp-content\/uploads\/2023\/08\/IMG_5570-480x320.jpg 480w, https:\/\/www.cidadesemfoco.com\/wp-content\/uploads\/2023\/08\/IMG_5570-280x186.jpg 280w, https:\/\/www.cidadesemfoco.com\/wp-content\/uploads\/2023\/08\/IMG_5570-600x400.jpg 600w, https:\/\/www.cidadesemfoco.com\/wp-content\/uploads\/2023\/08\/IMG_5570-585x390.jpg 585w\" alt=\"\" width=\"900\" height=\"600\" \/><\/a><\/div>\n<\/figure>\n<figure class=\"gallery-item\">\n<div class=\"gallery-icon landscape\"><a href=\"https:\/\/www.cidadesemfoco.com\/com-o-placar-de-4-a-1-jacobina-vence-curral-novo-do-piaui-na-disputa-pela-copa-amvi-veja-fotos\/img_5572-5\/\"><img loading=\"lazy\" decoding=\"async\" class=\"attachment-full size-full\" src=\"https:\/\/www.cidadesemfoco.com\/wp-content\/uploads\/2023\/08\/IMG_5572.jpg\" sizes=\"(max-width: 900px) 100vw, 900px\" srcset=\"https:\/\/www.cidadesemfoco.com\/wp-content\/uploads\/2023\/08\/IMG_5572.jpg 900w, https:\/\/www.cidadesemfoco.com\/wp-content\/uploads\/2023\/08\/IMG_5572-300x200.jpg 300w, https:\/\/www.cidadesemfoco.com\/wp-content\/uploads\/2023\/08\/IMG_5572-768x512.jpg 768w, https:\/\/www.cidadesemfoco.com\/wp-content\/uploads\/2023\/08\/IMG_5572-480x320.jpg 480w, https:\/\/www.cidadesemfoco.com\/wp-content\/uploads\/2023\/08\/IMG_5572-280x186.jpg 280w, https:\/\/www.cidadesemfoco.com\/wp-content\/uploads\/2023\/08\/IMG_5572-600x400.jpg 600w, https:\/\/www.cidadesemfoco.com\/wp-content\/uploads\/2023\/08\/IMG_5572-585x390.jpg 585w\" alt=\"\" width=\"900\" height=\"600\" \/><\/a><\/div>\n<\/figure>\n<figure class=\"gallery-item\">\n<div class=\"gallery-icon landscape\"><a href=\"https:\/\/www.cidadesemfoco.com\/com-o-placar-de-4-a-1-jacobina-vence-curral-novo-do-piaui-na-disputa-pela-copa-amvi-veja-fotos\/img_5574-5\/\"><img loading=\"lazy\" decoding=\"async\" class=\"attachment-full size-full\" src=\"https:\/\/www.cidadesemfoco.com\/wp-content\/uploads\/2023\/08\/IMG_5574.jpg\" sizes=\"(max-width: 900px) 100vw, 900px\" srcset=\"https:\/\/www.cidadesemfoco.com\/wp-content\/uploads\/2023\/08\/IMG_5574.jpg 900w, https:\/\/www.cidadesemfoco.com\/wp-content\/uploads\/2023\/08\/IMG_5574-300x200.jpg 300w, https:\/\/www.cidadesemfoco.com\/wp-content\/uploads\/2023\/08\/IMG_5574-768x512.jpg 768w, https:\/\/www.cidadesemfoco.com\/wp-content\/uploads\/2023\/08\/IMG_5574-480x320.jpg 480w, https:\/\/www.cidadesemfoco.com\/wp-content\/uploads\/2023\/08\/IMG_5574-280x186.jpg 280w, https:\/\/www.cidadesemfoco.com\/wp-content\/uploads\/2023\/08\/IMG_5574-600x400.jpg 600w, https:\/\/www.cidadesemfoco.com\/wp-content\/uploads\/2023\/08\/IMG_5574-585x390.jpg 585w\" alt=\"\" width=\"900\" height=\"600\" \/><\/a><\/div>\n<\/figure>\n<figure class=\"gallery-item\">\n<div class=\"gallery-icon landscape\"><a href=\"https:\/\/www.cidadesemfoco.com\/com-o-placar-de-4-a-1-jacobina-vence-curral-novo-do-piaui-na-disputa-pela-copa-amvi-veja-fotos\/img_5575-3\/\"><img loading=\"lazy\" decoding=\"async\" class=\"attachment-full size-full\" src=\"https:\/\/www.cidadesemfoco.com\/wp-content\/uploads\/2023\/08\/IMG_5575.jpg\" sizes=\"(max-width: 900px) 100vw, 900px\" srcset=\"https:\/\/www.cidadesemfoco.com\/wp-content\/uploads\/2023\/08\/IMG_5575.jpg 900w, https:\/\/www.cidadesemfoco.com\/wp-content\/uploads\/2023\/08\/IMG_5575-300x200.jpg 300w, https:\/\/www.cidadesemfoco.com\/wp-content\/uploads\/2023\/08\/IMG_5575-768x512.jpg 768w, https:\/\/www.cidadesemfoco.com\/wp-content\/uploads\/2023\/08\/IMG_5575-480x320.jpg 480w, https:\/\/www.cidadesemfoco.com\/wp-content\/uploads\/2023\/08\/IMG_5575-280x186.jpg 280w, https:\/\/www.cidadesemfoco.com\/wp-content\/uploads\/2023\/08\/IMG_5575-600x400.jpg 600w, https:\/\/www.cidadesemfoco.com\/wp-content\/uploads\/2023\/08\/IMG_5575-585x390.jpg 585w\" alt=\"\" width=\"900\" height=\"600\" \/><\/a><\/div>\n<\/figure>\n<figure class=\"gallery-item\">\n<div class=\"gallery-icon landscape\"><a href=\"https:\/\/www.cidadesemfoco.com\/com-o-placar-de-4-a-1-jacobina-vence-curral-novo-do-piaui-na-disputa-pela-copa-amvi-veja-fotos\/img_5576-2\/\"><img loading=\"lazy\" decoding=\"async\" class=\"attachment-full size-full\" src=\"https:\/\/www.cidadesemfoco.com\/wp-content\/uploads\/2023\/08\/IMG_5576.jpg\" sizes=\"(max-width: 900px) 100vw, 900px\" srcset=\"https:\/\/www.cidadesemfoco.com\/wp-content\/uploads\/2023\/08\/IMG_5576.jpg 900w, https:\/\/www.cidadesemfoco.com\/wp-content\/uploads\/2023\/08\/IMG_5576-300x200.jpg 300w, https:\/\/www.cidadesemfoco.com\/wp-content\/uploads\/2023\/08\/IMG_5576-768x512.jpg 768w, https:\/\/www.cidadesemfoco.com\/wp-content\/uploads\/2023\/08\/IMG_5576-480x320.jpg 480w, https:\/\/www.cidadesemfoco.com\/wp-content\/uploads\/2023\/08\/IMG_5576-280x186.jpg 280w, https:\/\/www.cidadesemfoco.com\/wp-content\/uploads\/2023\/08\/IMG_5576-600x400.jpg 600w, https:\/\/www.cidadesemfoco.com\/wp-content\/uploads\/2023\/08\/IMG_5576-585x390.jpg 585w\" alt=\"\" width=\"900\" height=\"600\" \/><\/a><\/div>\n<\/figure>\n<figure class=\"gallery-item\">\n<div class=\"gallery-icon landscape\"><a href=\"https:\/\/www.cidadesemfoco.com\/com-o-placar-de-4-a-1-jacobina-vence-curral-novo-do-piaui-na-disputa-pela-copa-amvi-veja-fotos\/img_5580-3\/\"><img loading=\"lazy\" decoding=\"async\" class=\"attachment-full size-full\" src=\"https:\/\/www.cidadesemfoco.com\/wp-content\/uploads\/2023\/08\/IMG_5580.jpg\" sizes=\"(max-width: 900px) 100vw, 900px\" srcset=\"https:\/\/www.cidadesemfoco.com\/wp-content\/uploads\/2023\/08\/IMG_5580.jpg 900w, https:\/\/www.cidadesemfoco.com\/wp-content\/uploads\/2023\/08\/IMG_5580-300x200.jpg 300w, https:\/\/www.cidadesemfoco.com\/wp-content\/uploads\/2023\/08\/IMG_5580-768x512.jpg 768w, https:\/\/www.cidadesemfoco.com\/wp-content\/uploads\/2023\/08\/IMG_5580-480x320.jpg 480w, https:\/\/www.cidadesemfoco.com\/wp-content\/uploads\/2023\/08\/IMG_5580-280x186.jpg 280w, https:\/\/www.cidadesemfoco.com\/wp-content\/uploads\/2023\/08\/IMG_5580-600x400.jpg 600w, https:\/\/www.cidadesemfoco.com\/wp-content\/uploads\/2023\/08\/IMG_5580-585x390.jpg 585w\" alt=\"\" width=\"900\" height=\"600\" \/><\/a><\/div>\n<\/figure>\n<figure class=\"gallery-item\">\n<div class=\"gallery-icon landscape\"><a href=\"https:\/\/www.cidadesemfoco.com\/com-o-placar-de-4-a-1-jacobina-vence-curral-novo-do-piaui-na-disputa-pela-copa-amvi-veja-fotos\/img_5582-2\/\"><img loading=\"lazy\" decoding=\"async\" class=\"attachment-full size-full\" src=\"https:\/\/www.cidadesemfoco.com\/wp-content\/uploads\/2023\/08\/IMG_5582.jpg\" sizes=\"(max-width: 900px) 100vw, 900px\" srcset=\"https:\/\/www.cidadesemfoco.com\/wp-content\/uploads\/2023\/08\/IMG_5582.jpg 900w, https:\/\/www.cidadesemfoco.com\/wp-content\/uploads\/2023\/08\/IMG_5582-300x200.jpg 300w, https:\/\/www.cidadesemfoco.com\/wp-content\/uploads\/2023\/08\/IMG_5582-768x512.jpg 768w, https:\/\/www.cidadesemfoco.com\/wp-content\/uploads\/2023\/08\/IMG_5582-480x320.jpg 480w, https:\/\/www.cidadesemfoco.com\/wp-content\/uploads\/2023\/08\/IMG_5582-280x186.jpg 280w, https:\/\/www.cidadesemfoco.com\/wp-content\/uploads\/2023\/08\/IMG_5582-600x400.jpg 600w, https:\/\/www.cidadesemfoco.com\/wp-content\/uploads\/2023\/08\/IMG_5582-585x390.jpg 585w\" alt=\"\" width=\"900\" height=\"600\" \/><\/a><\/div>\n<\/figure>\n<figure class=\"gallery-item\">\n<div class=\"gallery-icon landscape\"><a href=\"https:\/\/www.cidadesemfoco.com\/com-o-placar-de-4-a-1-jacobina-vence-curral-novo-do-piaui-na-disputa-pela-copa-amvi-veja-fotos\/img_5583-2\/\"><img loading=\"lazy\" decoding=\"async\" class=\"attachment-full size-full\" src=\"https:\/\/www.cidadesemfoco.com\/wp-content\/uploads\/2023\/08\/IMG_5583.jpg\" sizes=\"(max-width: 900px) 100vw, 900px\" srcset=\"https:\/\/www.cidadesemfoco.com\/wp-content\/uploads\/2023\/08\/IMG_5583.jpg 900w, https:\/\/www.cidadesemfoco.com\/wp-content\/uploads\/2023\/08\/IMG_5583-300x200.jpg 300w, https:\/\/www.cidadesemfoco.com\/wp-content\/uploads\/2023\/08\/IMG_5583-768x512.jpg 768w, https:\/\/www.cidadesemfoco.com\/wp-content\/uploads\/2023\/08\/IMG_5583-480x320.jpg 480w, https:\/\/www.cidadesemfoco.com\/wp-content\/uploads\/2023\/08\/IMG_5583-280x186.jpg 280w, https:\/\/www.cidadesemfoco.com\/wp-content\/uploads\/2023\/08\/IMG_5583-600x400.jpg 600w, https:\/\/www.cidadesemfoco.com\/wp-content\/uploads\/2023\/08\/IMG_5583-585x390.jpg 585w\" alt=\"\" width=\"900\" height=\"600\" \/><\/a><\/div>\n<\/figure>\n<figure class=\"gallery-item\">\n<div class=\"gallery-icon landscape\"><a href=\"https:\/\/www.cidadesemfoco.com\/com-o-placar-de-4-a-1-jacobina-vence-curral-novo-do-piaui-na-disputa-pela-copa-amvi-veja-fotos\/img_5585-4\/\"><img loading=\"lazy\" decoding=\"async\" class=\"attachment-full size-full\" src=\"https:\/\/www.cidadesemfoco.com\/wp-content\/uploads\/2023\/08\/IMG_5585.jpg\" sizes=\"(max-width: 900px) 100vw, 900px\" srcset=\"https:\/\/www.cidadesemfoco.com\/wp-content\/uploads\/2023\/08\/IMG_5585.jpg 900w, https:\/\/www.cidadesemfoco.com\/wp-content\/uploads\/2023\/08\/IMG_5585-300x200.jpg 300w, https:\/\/www.cidadesemfoco.com\/wp-content\/uploads\/2023\/08\/IMG_5585-768x512.jpg 768w, https:\/\/www.cidadesemfoco.com\/wp-content\/uploads\/2023\/08\/IMG_5585-480x320.jpg 480w, https:\/\/www.cidadesemfoco.com\/wp-content\/uploads\/2023\/08\/IMG_5585-280x186.jpg 280w, https:\/\/www.cidadesemfoco.com\/wp-content\/uploads\/2023\/08\/IMG_5585-600x400.jpg 600w, https:\/\/www.cidadesemfoco.com\/wp-content\/uploads\/2023\/08\/IMG_5585-585x390.jpg 585w\" alt=\"\" width=\"900\" height=\"600\" \/><\/a><\/div>\n<\/figure>\n<figure class=\"gallery-item\">\n<div class=\"gallery-icon landscape\"><a href=\"https:\/\/www.cidadesemfoco.com\/com-o-placar-de-4-a-1-jacobina-vence-curral-novo-do-piaui-na-disputa-pela-copa-amvi-veja-fotos\/img_5586-2\/\"><img loading=\"lazy\" decoding=\"async\" class=\"attachment-full size-full\" src=\"https:\/\/www.cidadesemfoco.com\/wp-content\/uploads\/2023\/08\/IMG_5586.jpg\" sizes=\"(max-width: 900px) 100vw, 900px\" srcset=\"https:\/\/www.cidadesemfoco.com\/wp-content\/uploads\/2023\/08\/IMG_5586.jpg 900w, https:\/\/www.cidadesemfoco.com\/wp-content\/uploads\/2023\/08\/IMG_5586-300x200.jpg 300w, https:\/\/www.cidadesemfoco.com\/wp-content\/uploads\/2023\/08\/IMG_5586-768x512.jpg 768w, https:\/\/www.cidadesemfoco.com\/wp-content\/uploads\/2023\/08\/IMG_5586-480x320.jpg 480w, https:\/\/www.cidadesemfoco.com\/wp-content\/uploads\/2023\/08\/IMG_5586-280x186.jpg 280w, https:\/\/www.cidadesemfoco.com\/wp-content\/uploads\/2023\/08\/IMG_5586-600x400.jpg 600w, https:\/\/www.cidadesemfoco.com\/wp-content\/uploads\/2023\/08\/IMG_5586-585x390.jpg 585w\" alt=\"\" width=\"900\" height=\"600\" \/><\/a><\/div>\n<\/figure>\n<figure class=\"gallery-item\">\n<div class=\"gallery-icon landscape\"><a href=\"https:\/\/www.cidadesemfoco.com\/com-o-placar-de-4-a-1-jacobina-vence-curral-novo-do-piaui-na-disputa-pela-copa-amvi-veja-fotos\/img_5587-2\/\"><img loading=\"lazy\" decoding=\"async\" class=\"attachment-full size-full\" src=\"https:\/\/www.cidadesemfoco.com\/wp-content\/uploads\/2023\/08\/IMG_5587.jpg\" sizes=\"(max-width: 900px) 100vw, 900px\" srcset=\"https:\/\/www.cidadesemfoco.com\/wp-content\/uploads\/2023\/08\/IMG_5587.jpg 900w, https:\/\/www.cidadesemfoco.com\/wp-content\/uploads\/2023\/08\/IMG_5587-300x200.jpg 300w, https:\/\/www.cidadesemfoco.com\/wp-content\/uploads\/2023\/08\/IMG_5587-768x512.jpg 768w, https:\/\/www.cidadesemfoco.com\/wp-content\/uploads\/2023\/08\/IMG_5587-480x320.jpg 480w, https:\/\/www.cidadesemfoco.com\/wp-content\/uploads\/2023\/08\/IMG_5587-280x186.jpg 280w, https:\/\/www.cidadesemfoco.com\/wp-content\/uploads\/2023\/08\/IMG_5587-600x400.jpg 600w, https:\/\/www.cidadesemfoco.com\/wp-content\/uploads\/2023\/08\/IMG_5587-585x390.jpg 585w\" alt=\"\" width=\"900\" height=\"600\" \/><\/a><\/div>\n<\/figure>\n<figure class=\"gallery-item\">\n<div class=\"gallery-icon landscape\"><a href=\"https:\/\/www.cidadesemfoco.com\/com-o-placar-de-4-a-1-jacobina-vence-curral-novo-do-piaui-na-disputa-pela-copa-amvi-veja-fotos\/img_5589-2\/\"><img loading=\"lazy\" decoding=\"async\" class=\"attachment-full size-full\" src=\"https:\/\/www.cidadesemfoco.com\/wp-content\/uploads\/2023\/08\/IMG_5589.jpg\" sizes=\"(max-width: 900px) 100vw, 900px\" srcset=\"https:\/\/www.cidadesemfoco.com\/wp-content\/uploads\/2023\/08\/IMG_5589.jpg 900w, https:\/\/www.cidadesemfoco.com\/wp-content\/uploads\/2023\/08\/IMG_5589-300x200.jpg 300w, https:\/\/www.cidadesemfoco.com\/wp-content\/uploads\/2023\/08\/IMG_5589-768x512.jpg 768w, https:\/\/www.cidadesemfoco.com\/wp-content\/uploads\/2023\/08\/IMG_5589-480x320.jpg 480w, https:\/\/www.cidadesemfoco.com\/wp-content\/uploads\/2023\/08\/IMG_5589-280x186.jpg 280w, https:\/\/www.cidadesemfoco.com\/wp-content\/uploads\/2023\/08\/IMG_5589-600x400.jpg 600w, https:\/\/www.cidadesemfoco.com\/wp-content\/uploads\/2023\/08\/IMG_5589-585x390.jpg 585w\" alt=\"\" width=\"900\" height=\"600\" \/><\/a><\/div>\n<\/figure>\n<figure class=\"gallery-item\">\n<div class=\"gallery-icon landscape\"><a href=\"https:\/\/www.cidadesemfoco.com\/com-o-placar-de-4-a-1-jacobina-vence-curral-novo-do-piaui-na-disputa-pela-copa-amvi-veja-fotos\/img_5592-3\/\"><img loading=\"lazy\" decoding=\"async\" class=\"attachment-full size-full\" src=\"https:\/\/www.cidadesemfoco.com\/wp-content\/uploads\/2023\/08\/IMG_5592.jpg\" sizes=\"(max-width: 900px) 100vw, 900px\" srcset=\"https:\/\/www.cidadesemfoco.com\/wp-content\/uploads\/2023\/08\/IMG_5592.jpg 900w, https:\/\/www.cidadesemfoco.com\/wp-content\/uploads\/2023\/08\/IMG_5592-300x200.jpg 300w, https:\/\/www.cidadesemfoco.com\/wp-content\/uploads\/2023\/08\/IMG_5592-768x512.jpg 768w, https:\/\/www.cidadesemfoco.com\/wp-content\/uploads\/2023\/08\/IMG_5592-480x320.jpg 480w, https:\/\/www.cidadesemfoco.com\/wp-content\/uploads\/2023\/08\/IMG_5592-280x186.jpg 280w, https:\/\/www.cidadesemfoco.com\/wp-content\/uploads\/2023\/08\/IMG_5592-600x400.jpg 600w, https:\/\/www.cidadesemfoco.com\/wp-content\/uploads\/2023\/08\/IMG_5592-585x390.jpg 585w\" alt=\"\" width=\"900\" height=\"600\" \/><\/a><\/div>\n<\/figure>\n<figure class=\"gallery-item\">\n<div class=\"gallery-icon landscape\"><a href=\"https:\/\/www.cidadesemfoco.com\/com-o-placar-de-4-a-1-jacobina-vence-curral-novo-do-piaui-na-disputa-pela-copa-amvi-veja-fotos\/img_5593-2\/\"><img loading=\"lazy\" decoding=\"async\" class=\"attachment-full size-full\" src=\"https:\/\/www.cidadesemfoco.com\/wp-content\/uploads\/2023\/08\/IMG_5593.jpg\" sizes=\"(max-width: 900px) 100vw, 900px\" srcset=\"https:\/\/www.cidadesemfoco.com\/wp-content\/uploads\/2023\/08\/IMG_5593.jpg 900w, https:\/\/www.cidadesemfoco.com\/wp-content\/uploads\/2023\/08\/IMG_5593-300x200.jpg 300w, https:\/\/www.cidadesemfoco.com\/wp-content\/uploads\/2023\/08\/IMG_5593-768x512.jpg 768w, https:\/\/www.cidadesemfoco.com\/wp-content\/uploads\/2023\/08\/IMG_5593-480x320.jpg 480w, https:\/\/www.cidadesemfoco.com\/wp-content\/uploads\/2023\/08\/IMG_5593-280x186.jpg 280w, https:\/\/www.cidadesemfoco.com\/wp-content\/uploads\/2023\/08\/IMG_5593-600x400.jpg 600w, https:\/\/www.cidadesemfoco.com\/wp-content\/uploads\/2023\/08\/IMG_5593-585x390.jpg 585w\" alt=\"\" width=\"900\" height=\"600\" \/><\/a><\/div>\n<\/figure>\n<figure class=\"gallery-item\">\n<div class=\"gallery-icon landscape\"><a href=\"https:\/\/www.cidadesemfoco.com\/com-o-placar-de-4-a-1-jacobina-vence-curral-novo-do-piaui-na-disputa-pela-copa-amvi-veja-fotos\/img_5594-3\/\"><img loading=\"lazy\" decoding=\"async\" class=\"attachment-full size-full\" src=\"https:\/\/www.cidadesemfoco.com\/wp-content\/uploads\/2023\/08\/IMG_5594.jpg\" sizes=\"(max-width: 900px) 100vw, 900px\" srcset=\"https:\/\/www.cidadesemfoco.com\/wp-content\/uploads\/2023\/08\/IMG_5594.jpg 900w, https:\/\/www.cidadesemfoco.com\/wp-content\/uploads\/2023\/08\/IMG_5594-300x200.jpg 300w, https:\/\/www.cidadesemfoco.com\/wp-content\/uploads\/2023\/08\/IMG_5594-768x512.jpg 768w, https:\/\/www.cidadesemfoco.com\/wp-content\/uploads\/2023\/08\/IMG_5594-480x320.jpg 480w, https:\/\/www.cidadesemfoco.com\/wp-content\/uploads\/2023\/08\/IMG_5594-280x186.jpg 280w, https:\/\/www.cidadesemfoco.com\/wp-content\/uploads\/2023\/08\/IMG_5594-600x400.jpg 600w, https:\/\/www.cidadesemfoco.com\/wp-content\/uploads\/2023\/08\/IMG_5594-585x390.jpg 585w\" alt=\"\" width=\"900\" height=\"600\" \/><\/a><\/div>\n<\/figure>\n<figure class=\"gallery-item\">\n<div class=\"gallery-icon landscape\"><a href=\"https:\/\/www.cidadesemfoco.com\/com-o-placar-de-4-a-1-jacobina-vence-curral-novo-do-piaui-na-disputa-pela-copa-amvi-veja-fotos\/img_5596-2\/\"><img loading=\"lazy\" decoding=\"async\" class=\"attachment-full size-full\" src=\"https:\/\/www.cidadesemfoco.com\/wp-content\/uploads\/2023\/08\/IMG_5596.jpg\" sizes=\"(max-width: 900px) 100vw, 900px\" srcset=\"https:\/\/www.cidadesemfoco.com\/wp-content\/uploads\/2023\/08\/IMG_5596.jpg 900w, https:\/\/www.cidadesemfoco.com\/wp-content\/uploads\/2023\/08\/IMG_5596-300x200.jpg 300w, https:\/\/www.cidadesemfoco.com\/wp-content\/uploads\/2023\/08\/IMG_5596-768x512.jpg 768w, https:\/\/www.cidadesemfoco.com\/wp-content\/uploads\/2023\/08\/IMG_5596-480x320.jpg 480w, https:\/\/www.cidadesemfoco.com\/wp-content\/uploads\/2023\/08\/IMG_5596-280x186.jpg 280w, https:\/\/www.cidadesemfoco.com\/wp-content\/uploads\/2023\/08\/IMG_5596-600x400.jpg 600w, https:\/\/www.cidadesemfoco.com\/wp-content\/uploads\/2023\/08\/IMG_5596-585x390.jpg 585w\" alt=\"\" width=\"900\" height=\"600\" \/><\/a><\/div>\n<\/figure>\n<figure class=\"gallery-item\">\n<div class=\"gallery-icon landscape\"><a href=\"https:\/\/www.cidadesemfoco.com\/com-o-placar-de-4-a-1-jacobina-vence-curral-novo-do-piaui-na-disputa-pela-copa-amvi-veja-fotos\/img_5600-4\/\"><img loading=\"lazy\" decoding=\"async\" class=\"attachment-full size-full\" src=\"https:\/\/www.cidadesemfoco.com\/wp-content\/uploads\/2023\/08\/IMG_5600.jpg\" sizes=\"(max-width: 900px) 100vw, 900px\" srcset=\"https:\/\/www.cidadesemfoco.com\/wp-content\/uploads\/2023\/08\/IMG_5600.jpg 900w, https:\/\/www.cidadesemfoco.com\/wp-content\/uploads\/2023\/08\/IMG_5600-300x200.jpg 300w, https:\/\/www.cidadesemfoco.com\/wp-content\/uploads\/2023\/08\/IMG_5600-768x512.jpg 768w, https:\/\/www.cidadesemfoco.com\/wp-content\/uploads\/2023\/08\/IMG_5600-480x320.jpg 480w, https:\/\/www.cidadesemfoco.com\/wp-content\/uploads\/2023\/08\/IMG_5600-280x186.jpg 280w, https:\/\/www.cidadesemfoco.com\/wp-content\/uploads\/2023\/08\/IMG_5600-600x400.jpg 600w, https:\/\/www.cidadesemfoco.com\/wp-content\/uploads\/2023\/08\/IMG_5600-585x390.jpg 585w\" alt=\"\" width=\"900\" height=\"600\" \/><\/a><\/div>\n<\/figure>\n<figure class=\"gallery-item\">\n<div class=\"gallery-icon landscape\"><a href=\"https:\/\/www.cidadesemfoco.com\/com-o-placar-de-4-a-1-jacobina-vence-curral-novo-do-piaui-na-disputa-pela-copa-amvi-veja-fotos\/img_5601-3\/\"><img loading=\"lazy\" decoding=\"async\" class=\"attachment-full size-full\" src=\"https:\/\/www.cidadesemfoco.com\/wp-content\/uploads\/2023\/08\/IMG_5601.jpg\" sizes=\"(max-width: 900px) 100vw, 900px\" srcset=\"https:\/\/www.cidadesemfoco.com\/wp-content\/uploads\/2023\/08\/IMG_5601.jpg 900w, https:\/\/www.cidadesemfoco.com\/wp-content\/uploads\/2023\/08\/IMG_5601-300x200.jpg 300w, https:\/\/www.cidadesemfoco.com\/wp-content\/uploads\/2023\/08\/IMG_5601-768x512.jpg 768w, https:\/\/www.cidadesemfoco.com\/wp-content\/uploads\/2023\/08\/IMG_5601-480x320.jpg 480w, https:\/\/www.cidadesemfoco.com\/wp-content\/uploads\/2023\/08\/IMG_5601-280x186.jpg 280w, https:\/\/www.cidadesemfoco.com\/wp-content\/uploads\/2023\/08\/IMG_5601-600x400.jpg 600w, https:\/\/www.cidadesemfoco.com\/wp-content\/uploads\/2023\/08\/IMG_5601-585x390.jpg 585w\" alt=\"\" width=\"900\" height=\"600\" \/><\/a><\/div>\n<\/figure>\n<figure class=\"gallery-item\">\n<div class=\"gallery-icon landscape\"><a href=\"https:\/\/www.cidadesemfoco.com\/com-o-placar-de-4-a-1-jacobina-vence-curral-novo-do-piaui-na-disputa-pela-copa-amvi-veja-fotos\/img_5602-2\/\"><img loading=\"lazy\" decoding=\"async\" class=\"attachment-full size-full\" src=\"https:\/\/www.cidadesemfoco.com\/wp-content\/uploads\/2023\/08\/IMG_5602.jpg\" sizes=\"(max-width: 900px) 100vw, 900px\" srcset=\"https:\/\/www.cidadesemfoco.com\/wp-content\/uploads\/2023\/08\/IMG_5602.jpg 900w, https:\/\/www.cidadesemfoco.com\/wp-content\/uploads\/2023\/08\/IMG_5602-300x200.jpg 300w, https:\/\/www.cidadesemfoco.com\/wp-content\/uploads\/2023\/08\/IMG_5602-768x512.jpg 768w, https:\/\/www.cidadesemfoco.com\/wp-content\/uploads\/2023\/08\/IMG_5602-480x320.jpg 480w, https:\/\/www.cidadesemfoco.com\/wp-content\/uploads\/2023\/08\/IMG_5602-280x186.jpg 280w, https:\/\/www.cidadesemfoco.com\/wp-content\/uploads\/2023\/08\/IMG_5602-600x400.jpg 600w, https:\/\/www.cidadesemfoco.com\/wp-content\/uploads\/2023\/08\/IMG_5602-585x390.jpg 585w\" alt=\"\" width=\"900\" height=\"600\" \/><\/a><\/div>\n<\/figure>\n<figure class=\"gallery-item\">\n<div class=\"gallery-icon landscape\"><a href=\"https:\/\/www.cidadesemfoco.com\/com-o-placar-de-4-a-1-jacobina-vence-curral-novo-do-piaui-na-disputa-pela-copa-amvi-veja-fotos\/img_5605-4\/\"><img loading=\"lazy\" decoding=\"async\" class=\"attachment-full size-full\" src=\"https:\/\/www.cidadesemfoco.com\/wp-content\/uploads\/2023\/08\/IMG_5605.jpg\" sizes=\"(max-width: 900px) 100vw, 900px\" srcset=\"https:\/\/www.cidadesemfoco.com\/wp-content\/uploads\/2023\/08\/IMG_5605.jpg 900w, https:\/\/www.cidadesemfoco.com\/wp-content\/uploads\/2023\/08\/IMG_5605-300x200.jpg 300w, https:\/\/www.cidadesemfoco.com\/wp-content\/uploads\/2023\/08\/IMG_5605-768x512.jpg 768w, https:\/\/www.cidadesemfoco.com\/wp-content\/uploads\/2023\/08\/IMG_5605-480x320.jpg 480w, https:\/\/www.cidadesemfoco.com\/wp-content\/uploads\/2023\/08\/IMG_5605-280x186.jpg 280w, https:\/\/www.cidadesemfoco.com\/wp-content\/uploads\/2023\/08\/IMG_5605-600x400.jpg 600w, https:\/\/www.cidadesemfoco.com\/wp-content\/uploads\/2023\/08\/IMG_5605-585x390.jpg 585w\" alt=\"\" width=\"900\" height=\"600\" \/><\/a><\/div>\n<\/figure>\n<figure class=\"gallery-item\">\n<div class=\"gallery-icon landscape\"><a href=\"https:\/\/www.cidadesemfoco.com\/com-o-placar-de-4-a-1-jacobina-vence-curral-novo-do-piaui-na-disputa-pela-copa-amvi-veja-fotos\/img_5606-3\/\"><img loading=\"lazy\" decoding=\"async\" class=\"attachment-full size-full\" src=\"https:\/\/www.cidadesemfoco.com\/wp-content\/uploads\/2023\/08\/IMG_5606.jpg\" sizes=\"(max-width: 900px) 100vw, 900px\" srcset=\"https:\/\/www.cidadesemfoco.com\/wp-content\/uploads\/2023\/08\/IMG_5606.jpg 900w, https:\/\/www.cidadesemfoco.com\/wp-content\/uploads\/2023\/08\/IMG_5606-300x200.jpg 300w, https:\/\/www.cidadesemfoco.com\/wp-content\/uploads\/2023\/08\/IMG_5606-768x512.jpg 768w, https:\/\/www.cidadesemfoco.com\/wp-content\/uploads\/2023\/08\/IMG_5606-480x320.jpg 480w, https:\/\/www.cidadesemfoco.com\/wp-content\/uploads\/2023\/08\/IMG_5606-280x186.jpg 280w, https:\/\/www.cidadesemfoco.com\/wp-content\/uploads\/2023\/08\/IMG_5606-600x400.jpg 600w, https:\/\/www.cidadesemfoco.com\/wp-content\/uploads\/2023\/08\/IMG_5606-585x390.jpg 585w\" alt=\"\" width=\"900\" height=\"600\" \/><\/a><\/div>\n<\/figure>\n<figure class=\"gallery-item\">\n<div class=\"gallery-icon landscape\"><a href=\"https:\/\/www.cidadesemfoco.com\/com-o-placar-de-4-a-1-jacobina-vence-curral-novo-do-piaui-na-disputa-pela-copa-amvi-veja-fotos\/img_5608\/\"><img loading=\"lazy\" decoding=\"async\" class=\"attachment-full size-full\" src=\"https:\/\/www.cidadesemfoco.com\/wp-content\/uploads\/2023\/08\/IMG_5608.jpg\" sizes=\"(max-width: 900px) 100vw, 900px\" srcset=\"https:\/\/www.cidadesemfoco.com\/wp-content\/uploads\/2023\/08\/IMG_5608.jpg 900w, https:\/\/www.cidadesemfoco.com\/wp-content\/uploads\/2023\/08\/IMG_5608-300x200.jpg 300w, https:\/\/www.cidadesemfoco.com\/wp-content\/uploads\/2023\/08\/IMG_5608-768x512.jpg 768w, https:\/\/www.cidadesemfoco.com\/wp-content\/uploads\/2023\/08\/IMG_5608-480x320.jpg 480w, https:\/\/www.cidadesemfoco.com\/wp-content\/uploads\/2023\/08\/IMG_5608-280x186.jpg 280w, https:\/\/www.cidadesemfoco.com\/wp-content\/uploads\/2023\/08\/IMG_5608-600x400.jpg 600w, https:\/\/www.cidadesemfoco.com\/wp-content\/uploads\/2023\/08\/IMG_5608-585x390.jpg 585w\" alt=\"\" width=\"900\" height=\"600\" \/><\/a><\/div>\n<\/figure>\n<figure class=\"gallery-item\">\n<div class=\"gallery-icon landscape\"><a href=\"https:\/\/www.cidadesemfoco.com\/com-o-placar-de-4-a-1-jacobina-vence-curral-novo-do-piaui-na-disputa-pela-copa-amvi-veja-fotos\/img_5609-4\/\"><img loading=\"lazy\" decoding=\"async\" class=\"attachment-full size-full\" src=\"https:\/\/www.cidadesemfoco.com\/wp-content\/uploads\/2023\/08\/IMG_5609.jpg\" sizes=\"(max-width: 900px) 100vw, 900px\" srcset=\"https:\/\/www.cidadesemfoco.com\/wp-content\/uploads\/2023\/08\/IMG_5609.jpg 900w, https:\/\/www.cidadesemfoco.com\/wp-content\/uploads\/2023\/08\/IMG_5609-300x200.jpg 300w, https:\/\/www.cidadesemfoco.com\/wp-content\/uploads\/2023\/08\/IMG_5609-768x512.jpg 768w, https:\/\/www.cidadesemfoco.com\/wp-content\/uploads\/2023\/08\/IMG_5609-480x320.jpg 480w, https:\/\/www.cidadesemfoco.com\/wp-content\/uploads\/2023\/08\/IMG_5609-280x186.jpg 280w, https:\/\/www.cidadesemfoco.com\/wp-content\/uploads\/2023\/08\/IMG_5609-600x400.jpg 600w, https:\/\/www.cidadesemfoco.com\/wp-content\/uploads\/2023\/08\/IMG_5609-585x390.jpg 585w\" alt=\"\" width=\"900\" height=\"600\" \/><\/a><\/div>\n<\/figure>\n<figure class=\"gallery-item\">\n<div class=\"gallery-icon landscape\"><a href=\"https:\/\/www.cidadesemfoco.com\/com-o-placar-de-4-a-1-jacobina-vence-curral-novo-do-piaui-na-disputa-pela-copa-amvi-veja-fotos\/img_5612-3\/\"><img loading=\"lazy\" decoding=\"async\" class=\"attachment-full size-full\" src=\"https:\/\/www.cidadesemfoco.com\/wp-content\/uploads\/2023\/08\/IMG_5612.jpg\" sizes=\"(max-width: 900px) 100vw, 900px\" srcset=\"https:\/\/www.cidadesemfoco.com\/wp-content\/uploads\/2023\/08\/IMG_5612.jpg 900w, https:\/\/www.cidadesemfoco.com\/wp-content\/uploads\/2023\/08\/IMG_5612-300x200.jpg 300w, https:\/\/www.cidadesemfoco.com\/wp-content\/uploads\/2023\/08\/IMG_5612-768x512.jpg 768w, https:\/\/www.cidadesemfoco.com\/wp-content\/uploads\/2023\/08\/IMG_5612-480x320.jpg 480w, https:\/\/www.cidadesemfoco.com\/wp-content\/uploads\/2023\/08\/IMG_5612-280x186.jpg 280w, https:\/\/www.cidadesemfoco.com\/wp-content\/uploads\/2023\/08\/IMG_5612-600x400.jpg 600w, https:\/\/www.cidadesemfoco.com\/wp-content\/uploads\/2023\/08\/IMG_5612-585x390.jpg 585w\" alt=\"\" width=\"900\" height=\"600\" \/><\/a><\/div>\n<\/figure>\n<figure class=\"gallery-item\">\n<div class=\"gallery-icon landscape\"><a href=\"https:\/\/www.cidadesemfoco.com\/com-o-placar-de-4-a-1-jacobina-vence-curral-novo-do-piaui-na-disputa-pela-copa-amvi-veja-fotos\/img_5613-2\/\"><img loading=\"lazy\" decoding=\"async\" class=\"attachment-full size-full\" src=\"https:\/\/www.cidadesemfoco.com\/wp-content\/uploads\/2023\/08\/IMG_5613.jpg\" sizes=\"(max-width: 900px) 100vw, 900px\" srcset=\"https:\/\/www.cidadesemfoco.com\/wp-content\/uploads\/2023\/08\/IMG_5613.jpg 900w, https:\/\/www.cidadesemfoco.com\/wp-content\/uploads\/2023\/08\/IMG_5613-300x200.jpg 300w, https:\/\/www.cidadesemfoco.com\/wp-content\/uploads\/2023\/08\/IMG_5613-768x512.jpg 768w, https:\/\/www.cidadesemfoco.com\/wp-content\/uploads\/2023\/08\/IMG_5613-480x320.jpg 480w, https:\/\/www.cidadesemfoco.com\/wp-content\/uploads\/2023\/08\/IMG_5613-280x186.jpg 280w, https:\/\/www.cidadesemfoco.com\/wp-content\/uploads\/2023\/08\/IMG_5613-600x400.jpg 600w, https:\/\/www.cidadesemfoco.com\/wp-content\/uploads\/2023\/08\/IMG_5613-585x390.jpg 585w\" alt=\"\" width=\"900\" height=\"600\" \/><\/a><\/div>\n<\/figure>\n<figure class=\"gallery-item\">\n<div class=\"gallery-icon landscape\"><a href=\"https:\/\/www.cidadesemfoco.com\/com-o-placar-de-4-a-1-jacobina-vence-curral-novo-do-piaui-na-disputa-pela-copa-amvi-veja-fotos\/img_5616-3\/\"><img loading=\"lazy\" decoding=\"async\" class=\"attachment-full size-full\" src=\"https:\/\/www.cidadesemfoco.com\/wp-content\/uploads\/2023\/08\/IMG_5616.jpg\" sizes=\"(max-width: 900px) 100vw, 900px\" srcset=\"https:\/\/www.cidadesemfoco.com\/wp-content\/uploads\/2023\/08\/IMG_5616.jpg 900w, https:\/\/www.cidadesemfoco.com\/wp-content\/uploads\/2023\/08\/IMG_5616-300x200.jpg 300w, https:\/\/www.cidadesemfoco.com\/wp-content\/uploads\/2023\/08\/IMG_5616-768x512.jpg 768w, https:\/\/www.cidadesemfoco.com\/wp-content\/uploads\/2023\/08\/IMG_5616-480x320.jpg 480w, https:\/\/www.cidadesemfoco.com\/wp-content\/uploads\/2023\/08\/IMG_5616-280x186.jpg 280w, https:\/\/www.cidadesemfoco.com\/wp-content\/uploads\/2023\/08\/IMG_5616-600x400.jpg 600w, https:\/\/www.cidadesemfoco.com\/wp-content\/uploads\/2023\/08\/IMG_5616-585x390.jpg 585w\" alt=\"\" width=\"900\" height=\"600\" \/><\/a><\/div>\n<\/figure>\n<figure class=\"gallery-item\">\n<div class=\"gallery-icon landscape\"><a href=\"https:\/\/www.cidadesemfoco.com\/com-o-placar-de-4-a-1-jacobina-vence-curral-novo-do-piaui-na-disputa-pela-copa-amvi-veja-fotos\/img_5620-3\/\"><img loading=\"lazy\" decoding=\"async\" class=\"attachment-full size-full\" src=\"https:\/\/www.cidadesemfoco.com\/wp-content\/uploads\/2023\/08\/IMG_5620.jpg\" sizes=\"(max-width: 900px) 100vw, 900px\" srcset=\"https:\/\/www.cidadesemfoco.com\/wp-content\/uploads\/2023\/08\/IMG_5620.jpg 900w, https:\/\/www.cidadesemfoco.com\/wp-content\/uploads\/2023\/08\/IMG_5620-300x200.jpg 300w, https:\/\/www.cidadesemfoco.com\/wp-content\/uploads\/2023\/08\/IMG_5620-768x512.jpg 768w, https:\/\/www.cidadesemfoco.com\/wp-content\/uploads\/2023\/08\/IMG_5620-480x320.jpg 480w, https:\/\/www.cidadesemfoco.com\/wp-content\/uploads\/2023\/08\/IMG_5620-280x186.jpg 280w, https:\/\/www.cidadesemfoco.com\/wp-content\/uploads\/2023\/08\/IMG_5620-600x400.jpg 600w, https:\/\/www.cidadesemfoco.com\/wp-content\/uploads\/2023\/08\/IMG_5620-585x390.jpg 585w\" alt=\"\" width=\"900\" height=\"600\" \/><\/a><\/div>\n<\/figure>\n<figure class=\"gallery-item\">\n<div class=\"gallery-icon landscape\"><a href=\"https:\/\/www.cidadesemfoco.com\/com-o-placar-de-4-a-1-jacobina-vence-curral-novo-do-piaui-na-disputa-pela-copa-amvi-veja-fotos\/img_5623-4\/\"><img loading=\"lazy\" decoding=\"async\" class=\"attachment-full size-full\" src=\"https:\/\/www.cidadesemfoco.com\/wp-content\/uploads\/2023\/08\/IMG_5623.jpg\" sizes=\"(max-width: 900px) 100vw, 900px\" srcset=\"https:\/\/www.cidadesemfoco.com\/wp-content\/uploads\/2023\/08\/IMG_5623.jpg 900w, https:\/\/www.cidadesemfoco.com\/wp-content\/uploads\/2023\/08\/IMG_5623-300x200.jpg 300w, https:\/\/www.cidadesemfoco.com\/wp-content\/uploads\/2023\/08\/IMG_5623-768x512.jpg 768w, https:\/\/www.cidadesemfoco.com\/wp-content\/uploads\/2023\/08\/IMG_5623-480x320.jpg 480w, https:\/\/www.cidadesemfoco.com\/wp-content\/uploads\/2023\/08\/IMG_5623-280x186.jpg 280w, https:\/\/www.cidadesemfoco.com\/wp-content\/uploads\/2023\/08\/IMG_5623-600x400.jpg 600w, https:\/\/www.cidadesemfoco.com\/wp-content\/uploads\/2023\/08\/IMG_5623-585x390.jpg 585w\" alt=\"\" width=\"900\" height=\"600\" \/><\/a><\/div>\n<\/figure>\n<figure class=\"gallery-item\">\n<div class=\"gallery-icon landscape\"><a href=\"https:\/\/www.cidadesemfoco.com\/com-o-placar-de-4-a-1-jacobina-vence-curral-novo-do-piaui-na-disputa-pela-copa-amvi-veja-fotos\/img_5627-6\/\"><img loading=\"lazy\" decoding=\"async\" class=\"attachment-full size-full\" src=\"https:\/\/www.cidadesemfoco.com\/wp-content\/uploads\/2023\/08\/IMG_5627.jpg\" sizes=\"(max-width: 900px) 100vw, 900px\" srcset=\"https:\/\/www.cidadesemfoco.com\/wp-content\/uploads\/2023\/08\/IMG_5627.jpg 900w, https:\/\/www.cidadesemfoco.com\/wp-content\/uploads\/2023\/08\/IMG_5627-300x200.jpg 300w, https:\/\/www.cidadesemfoco.com\/wp-content\/uploads\/2023\/08\/IMG_5627-768x512.jpg 768w, https:\/\/www.cidadesemfoco.com\/wp-content\/uploads\/2023\/08\/IMG_5627-480x320.jpg 480w, https:\/\/www.cidadesemfoco.com\/wp-content\/uploads\/2023\/08\/IMG_5627-280x186.jpg 280w, https:\/\/www.cidadesemfoco.com\/wp-content\/uploads\/2023\/08\/IMG_5627-600x400.jpg 600w, https:\/\/www.cidadesemfoco.com\/wp-content\/uploads\/2023\/08\/IMG_5627-585x390.jpg 585w\" alt=\"\" width=\"900\" height=\"600\" \/><\/a><\/div>\n<\/figure>\n<figure class=\"gallery-item\">\n<div class=\"gallery-icon landscape\"><a href=\"https:\/\/www.cidadesemfoco.com\/com-o-placar-de-4-a-1-jacobina-vence-curral-novo-do-piaui-na-disputa-pela-copa-amvi-veja-fotos\/img_5629-2\/\"><img loading=\"lazy\" decoding=\"async\" class=\"attachment-full size-full\" src=\"https:\/\/www.cidadesemfoco.com\/wp-content\/uploads\/2023\/08\/IMG_5629.jpg\" sizes=\"(max-width: 900px) 100vw, 900px\" srcset=\"https:\/\/www.cidadesemfoco.com\/wp-content\/uploads\/2023\/08\/IMG_5629.jpg 900w, https:\/\/www.cidadesemfoco.com\/wp-content\/uploads\/2023\/08\/IMG_5629-300x200.jpg 300w, https:\/\/www.cidadesemfoco.com\/wp-content\/uploads\/2023\/08\/IMG_5629-768x512.jpg 768w, https:\/\/www.cidadesemfoco.com\/wp-content\/uploads\/2023\/08\/IMG_5629-480x320.jpg 480w, https:\/\/www.cidadesemfoco.com\/wp-content\/uploads\/2023\/08\/IMG_5629-280x186.jpg 280w, https:\/\/www.cidadesemfoco.com\/wp-content\/uploads\/2023\/08\/IMG_5629-600x400.jpg 600w, https:\/\/www.cidadesemfoco.com\/wp-content\/uploads\/2023\/08\/IMG_5629-585x390.jpg 585w\" alt=\"\" width=\"900\" height=\"600\" \/><\/a><\/div>\n<\/figure>\n<figure class=\"gallery-item\">\n<div class=\"gallery-icon landscape\"><a href=\"https:\/\/www.cidadesemfoco.com\/com-o-placar-de-4-a-1-jacobina-vence-curral-novo-do-piaui-na-disputa-pela-copa-amvi-veja-fotos\/img_5633-3\/\"><img loading=\"lazy\" decoding=\"async\" class=\"attachment-full size-full\" src=\"https:\/\/www.cidadesemfoco.com\/wp-content\/uploads\/2023\/08\/IMG_5633.jpg\" sizes=\"(max-width: 900px) 100vw, 900px\" srcset=\"https:\/\/www.cidadesemfoco.com\/wp-content\/uploads\/2023\/08\/IMG_5633.jpg 900w, https:\/\/www.cidadesemfoco.com\/wp-content\/uploads\/2023\/08\/IMG_5633-300x200.jpg 300w, https:\/\/www.cidadesemfoco.com\/wp-content\/uploads\/2023\/08\/IMG_5633-768x512.jpg 768w, https:\/\/www.cidadesemfoco.com\/wp-content\/uploads\/2023\/08\/IMG_5633-480x320.jpg 480w, https:\/\/www.cidadesemfoco.com\/wp-content\/uploads\/2023\/08\/IMG_5633-280x186.jpg 280w, https:\/\/www.cidadesemfoco.com\/wp-content\/uploads\/2023\/08\/IMG_5633-600x400.jpg 600w, https:\/\/www.cidadesemfoco.com\/wp-content\/uploads\/2023\/08\/IMG_5633-585x390.jpg 585w\" alt=\"\" width=\"900\" height=\"600\" \/><\/a><\/div>\n<\/figure>\n<figure class=\"gallery-item\">\n<div class=\"gallery-icon landscape\"><a href=\"https:\/\/www.cidadesemfoco.com\/com-o-placar-de-4-a-1-jacobina-vence-curral-novo-do-piaui-na-disputa-pela-copa-amvi-veja-fotos\/img_5634-2\/\"><img loading=\"lazy\" decoding=\"async\" class=\"attachment-full size-full\" src=\"https:\/\/www.cidadesemfoco.com\/wp-content\/uploads\/2023\/08\/IMG_5634.jpg\" sizes=\"(max-width: 900px) 100vw, 900px\" srcset=\"https:\/\/www.cidadesemfoco.com\/wp-content\/uploads\/2023\/08\/IMG_5634.jpg 900w, https:\/\/www.cidadesemfoco.com\/wp-content\/uploads\/2023\/08\/IMG_5634-300x200.jpg 300w, https:\/\/www.cidadesemfoco.com\/wp-content\/uploads\/2023\/08\/IMG_5634-768x512.jpg 768w, https:\/\/www.cidadesemfoco.com\/wp-content\/uploads\/2023\/08\/IMG_5634-480x320.jpg 480w, https:\/\/www.cidadesemfoco.com\/wp-content\/uploads\/2023\/08\/IMG_5634-280x186.jpg 280w, https:\/\/www.cidadesemfoco.com\/wp-content\/uploads\/2023\/08\/IMG_5634-600x400.jpg 600w, https:\/\/www.cidadesemfoco.com\/wp-content\/uploads\/2023\/08\/IMG_5634-585x390.jpg 585w\" alt=\"\" width=\"900\" height=\"600\" \/><\/a><\/div>\n<\/figure>\n<figure class=\"gallery-item\">\n<div class=\"gallery-icon landscape\"><a href=\"https:\/\/www.cidadesemfoco.com\/com-o-placar-de-4-a-1-jacobina-vence-curral-novo-do-piaui-na-disputa-pela-copa-amvi-veja-fotos\/img_5635-3\/\"><img loading=\"lazy\" decoding=\"async\" class=\"attachment-full size-full\" src=\"https:\/\/www.cidadesemfoco.com\/wp-content\/uploads\/2023\/08\/IMG_5635.jpg\" sizes=\"(max-width: 900px) 100vw, 900px\" srcset=\"https:\/\/www.cidadesemfoco.com\/wp-content\/uploads\/2023\/08\/IMG_5635.jpg 900w, https:\/\/www.cidadesemfoco.com\/wp-content\/uploads\/2023\/08\/IMG_5635-300x200.jpg 300w, https:\/\/www.cidadesemfoco.com\/wp-content\/uploads\/2023\/08\/IMG_5635-768x512.jpg 768w, https:\/\/www.cidadesemfoco.com\/wp-content\/uploads\/2023\/08\/IMG_5635-480x320.jpg 480w, https:\/\/www.cidadesemfoco.com\/wp-content\/uploads\/2023\/08\/IMG_5635-280x186.jpg 280w, https:\/\/www.cidadesemfoco.com\/wp-content\/uploads\/2023\/08\/IMG_5635-600x400.jpg 600w, https:\/\/www.cidadesemfoco.com\/wp-content\/uploads\/2023\/08\/IMG_5635-585x390.jpg 585w\" alt=\"\" width=\"900\" height=\"600\" \/><\/a><\/div>\n<\/figure>\n<figure class=\"gallery-item\">\n<div class=\"gallery-icon landscape\"><a href=\"https:\/\/www.cidadesemfoco.com\/com-o-placar-de-4-a-1-jacobina-vence-curral-novo-do-piaui-na-disputa-pela-copa-amvi-veja-fotos\/img_5636-2\/\"><img loading=\"lazy\" decoding=\"async\" class=\"attachment-full size-full\" src=\"https:\/\/www.cidadesemfoco.com\/wp-content\/uploads\/2023\/08\/IMG_5636.jpg\" sizes=\"(max-width: 900px) 100vw, 900px\" srcset=\"https:\/\/www.cidadesemfoco.com\/wp-content\/uploads\/2023\/08\/IMG_5636.jpg 900w, https:\/\/www.cidadesemfoco.com\/wp-content\/uploads\/2023\/08\/IMG_5636-300x200.jpg 300w, https:\/\/www.cidadesemfoco.com\/wp-content\/uploads\/2023\/08\/IMG_5636-768x512.jpg 768w, https:\/\/www.cidadesemfoco.com\/wp-content\/uploads\/2023\/08\/IMG_5636-480x320.jpg 480w, https:\/\/www.cidadesemfoco.com\/wp-content\/uploads\/2023\/08\/IMG_5636-280x186.jpg 280w, https:\/\/www.cidadesemfoco.com\/wp-content\/uploads\/2023\/08\/IMG_5636-600x400.jpg 600w, https:\/\/www.cidadesemfoco.com\/wp-content\/uploads\/2023\/08\/IMG_5636-585x390.jpg 585w\" alt=\"\" width=\"900\" height=\"600\" \/><\/a><\/div>\n<\/figure>\n<figure class=\"gallery-item\">\n<div class=\"gallery-icon landscape\"><a href=\"https:\/\/www.cidadesemfoco.com\/com-o-placar-de-4-a-1-jacobina-vence-curral-novo-do-piaui-na-disputa-pela-copa-amvi-veja-fotos\/img_5640-4\/\"><img loading=\"lazy\" decoding=\"async\" class=\"attachment-full size-full\" src=\"https:\/\/www.cidadesemfoco.com\/wp-content\/uploads\/2023\/08\/IMG_5640.jpg\" sizes=\"(max-width: 900px) 100vw, 900px\" srcset=\"https:\/\/www.cidadesemfoco.com\/wp-content\/uploads\/2023\/08\/IMG_5640.jpg 900w, https:\/\/www.cidadesemfoco.com\/wp-content\/uploads\/2023\/08\/IMG_5640-300x200.jpg 300w, https:\/\/www.cidadesemfoco.com\/wp-content\/uploads\/2023\/08\/IMG_5640-768x512.jpg 768w, https:\/\/www.cidadesemfoco.com\/wp-content\/uploads\/2023\/08\/IMG_5640-480x320.jpg 480w, https:\/\/www.cidadesemfoco.com\/wp-content\/uploads\/2023\/08\/IMG_5640-280x186.jpg 280w, https:\/\/www.cidadesemfoco.com\/wp-content\/uploads\/2023\/08\/IMG_5640-600x400.jpg 600w, https:\/\/www.cidadesemfoco.com\/wp-content\/uploads\/2023\/08\/IMG_5640-585x390.jpg 585w\" alt=\"\" width=\"900\" height=\"600\" \/><\/a><\/div>\n<\/figure>\n<figure class=\"gallery-item\">\n<div class=\"gallery-icon landscape\"><a href=\"https:\/\/www.cidadesemfoco.com\/com-o-placar-de-4-a-1-jacobina-vence-curral-novo-do-piaui-na-disputa-pela-copa-amvi-veja-fotos\/img_5641\/\"><img loading=\"lazy\" decoding=\"async\" class=\"attachment-full size-full\" src=\"https:\/\/www.cidadesemfoco.com\/wp-content\/uploads\/2023\/08\/IMG_5641.jpg\" sizes=\"(max-width: 900px) 100vw, 900px\" srcset=\"https:\/\/www.cidadesemfoco.com\/wp-content\/uploads\/2023\/08\/IMG_5641.jpg 900w, https:\/\/www.cidadesemfoco.com\/wp-content\/uploads\/2023\/08\/IMG_5641-300x200.jpg 300w, https:\/\/www.cidadesemfoco.com\/wp-content\/uploads\/2023\/08\/IMG_5641-768x512.jpg 768w, https:\/\/www.cidadesemfoco.com\/wp-content\/uploads\/2023\/08\/IMG_5641-480x320.jpg 480w, https:\/\/www.cidadesemfoco.com\/wp-content\/uploads\/2023\/08\/IMG_5641-280x186.jpg 280w, https:\/\/www.cidadesemfoco.com\/wp-content\/uploads\/2023\/08\/IMG_5641-600x400.jpg 600w, https:\/\/www.cidadesemfoco.com\/wp-content\/uploads\/2023\/08\/IMG_5641-585x390.jpg 585w\" alt=\"\" width=\"900\" height=\"600\" \/><\/a><\/div>\n<\/figure>\n<figure class=\"gallery-item\">\n<div class=\"gallery-icon landscape\"><a href=\"https:\/\/www.cidadesemfoco.com\/com-o-placar-de-4-a-1-jacobina-vence-curral-novo-do-piaui-na-disputa-pela-copa-amvi-veja-fotos\/img_5642-3\/\"><img loading=\"lazy\" decoding=\"async\" class=\"attachment-full size-full\" src=\"https:\/\/www.cidadesemfoco.com\/wp-content\/uploads\/2023\/08\/IMG_5642.jpg\" sizes=\"(max-width: 900px) 100vw, 900px\" srcset=\"https:\/\/www.cidadesemfoco.com\/wp-content\/uploads\/2023\/08\/IMG_5642.jpg 900w, https:\/\/www.cidadesemfoco.com\/wp-content\/uploads\/2023\/08\/IMG_5642-300x200.jpg 300w, https:\/\/www.cidadesemfoco.com\/wp-content\/uploads\/2023\/08\/IMG_5642-768x512.jpg 768w, https:\/\/www.cidadesemfoco.com\/wp-content\/uploads\/2023\/08\/IMG_5642-480x320.jpg 480w, https:\/\/www.cidadesemfoco.com\/wp-content\/uploads\/2023\/08\/IMG_5642-280x186.jpg 280w, https:\/\/www.cidadesemfoco.com\/wp-content\/uploads\/2023\/08\/IMG_5642-600x400.jpg 600w, https:\/\/www.cidadesemfoco.com\/wp-content\/uploads\/2023\/08\/IMG_5642-585x390.jpg 585w\" alt=\"\" width=\"900\" height=\"600\" \/><\/a><\/div>\n<\/figure>\n<figure class=\"gallery-item\">\n<div class=\"gallery-icon landscape\"><a href=\"https:\/\/www.cidadesemfoco.com\/com-o-placar-de-4-a-1-jacobina-vence-curral-novo-do-piaui-na-disputa-pela-copa-amvi-veja-fotos\/img_5643\/\"><img loading=\"lazy\" decoding=\"async\" class=\"attachment-full size-full\" src=\"https:\/\/www.cidadesemfoco.com\/wp-content\/uploads\/2023\/08\/IMG_5643.jpg\" sizes=\"(max-width: 900px) 100vw, 900px\" srcset=\"https:\/\/www.cidadesemfoco.com\/wp-content\/uploads\/2023\/08\/IMG_5643.jpg 900w, https:\/\/www.cidadesemfoco.com\/wp-content\/uploads\/2023\/08\/IMG_5643-300x200.jpg 300w, https:\/\/www.cidadesemfoco.com\/wp-content\/uploads\/2023\/08\/IMG_5643-768x512.jpg 768w, https:\/\/www.cidadesemfoco.com\/wp-content\/uploads\/2023\/08\/IMG_5643-480x320.jpg 480w, https:\/\/www.cidadesemfoco.com\/wp-content\/uploads\/2023\/08\/IMG_5643-280x186.jpg 280w, https:\/\/www.cidadesemfoco.com\/wp-content\/uploads\/2023\/08\/IMG_5643-600x400.jpg 600w, https:\/\/www.cidadesemfoco.com\/wp-content\/uploads\/2023\/08\/IMG_5643-585x390.jpg 585w\" alt=\"\" width=\"900\" height=\"600\" \/><\/a><\/div>\n<\/figure>\n<figure class=\"gallery-item\">\n<div class=\"gallery-icon landscape\"><a href=\"https:\/\/www.cidadesemfoco.com\/com-o-placar-de-4-a-1-jacobina-vence-curral-novo-do-piaui-na-disputa-pela-copa-amvi-veja-fotos\/img_5646-4\/\"><img loading=\"lazy\" decoding=\"async\" class=\"attachment-full size-full\" src=\"https:\/\/www.cidadesemfoco.com\/wp-content\/uploads\/2023\/08\/IMG_5646.jpg\" sizes=\"(max-width: 900px) 100vw, 900px\" srcset=\"https:\/\/www.cidadesemfoco.com\/wp-content\/uploads\/2023\/08\/IMG_5646.jpg 900w, https:\/\/www.cidadesemfoco.com\/wp-content\/uploads\/2023\/08\/IMG_5646-300x200.jpg 300w, https:\/\/www.cidadesemfoco.com\/wp-content\/uploads\/2023\/08\/IMG_5646-768x512.jpg 768w, https:\/\/www.cidadesemfoco.com\/wp-content\/uploads\/2023\/08\/IMG_5646-480x320.jpg 480w, https:\/\/www.cidadesemfoco.com\/wp-content\/uploads\/2023\/08\/IMG_5646-280x186.jpg 280w, https:\/\/www.cidadesemfoco.com\/wp-content\/uploads\/2023\/08\/IMG_5646-600x400.jpg 600w, https:\/\/www.cidadesemfoco.com\/wp-content\/uploads\/2023\/08\/IMG_5646-585x390.jpg 585w\" alt=\"\" width=\"900\" height=\"600\" \/><\/a><\/div>\n<\/figure>\n<figure class=\"gallery-item\">\n<div class=\"gallery-icon landscape\"><a href=\"https:\/\/www.cidadesemfoco.com\/com-o-placar-de-4-a-1-jacobina-vence-curral-novo-do-piaui-na-disputa-pela-copa-amvi-veja-fotos\/img_5649-3\/\"><img loading=\"lazy\" decoding=\"async\" class=\"attachment-full size-full\" src=\"https:\/\/www.cidadesemfoco.com\/wp-content\/uploads\/2023\/08\/IMG_5649.jpg\" sizes=\"(max-width: 900px) 100vw, 900px\" srcset=\"https:\/\/www.cidadesemfoco.com\/wp-content\/uploads\/2023\/08\/IMG_5649.jpg 900w, https:\/\/www.cidadesemfoco.com\/wp-content\/uploads\/2023\/08\/IMG_5649-300x200.jpg 300w, https:\/\/www.cidadesemfoco.com\/wp-content\/uploads\/2023\/08\/IMG_5649-768x512.jpg 768w, https:\/\/www.cidadesemfoco.com\/wp-content\/uploads\/2023\/08\/IMG_5649-480x320.jpg 480w, https:\/\/www.cidadesemfoco.com\/wp-content\/uploads\/2023\/08\/IMG_5649-280x186.jpg 280w, https:\/\/www.cidadesemfoco.com\/wp-content\/uploads\/2023\/08\/IMG_5649-600x400.jpg 600w, https:\/\/www.cidadesemfoco.com\/wp-content\/uploads\/2023\/08\/IMG_5649-585x390.jpg 585w\" alt=\"\" width=\"900\" height=\"600\" \/><\/a><\/div>\n<\/figure>\n<figure class=\"gallery-item\">\n<div class=\"gallery-icon landscape\"><a href=\"https:\/\/www.cidadesemfoco.com\/com-o-placar-de-4-a-1-jacobina-vence-curral-novo-do-piaui-na-disputa-pela-copa-amvi-veja-fotos\/img_5651-3\/\"><img loading=\"lazy\" decoding=\"async\" class=\"attachment-full size-full\" src=\"https:\/\/www.cidadesemfoco.com\/wp-content\/uploads\/2023\/08\/IMG_5651.jpg\" sizes=\"(max-width: 900px) 100vw, 900px\" srcset=\"https:\/\/www.cidadesemfoco.com\/wp-content\/uploads\/2023\/08\/IMG_5651.jpg 900w, https:\/\/www.cidadesemfoco.com\/wp-content\/uploads\/2023\/08\/IMG_5651-300x200.jpg 300w, https:\/\/www.cidadesemfoco.com\/wp-content\/uploads\/2023\/08\/IMG_5651-768x512.jpg 768w, https:\/\/www.cidadesemfoco.com\/wp-content\/uploads\/2023\/08\/IMG_5651-480x320.jpg 480w, https:\/\/www.cidadesemfoco.com\/wp-content\/uploads\/2023\/08\/IMG_5651-280x186.jpg 280w, https:\/\/www.cidadesemfoco.com\/wp-content\/uploads\/2023\/08\/IMG_5651-600x400.jpg 600w, https:\/\/www.cidadesemfoco.com\/wp-content\/uploads\/2023\/08\/IMG_5651-585x390.jpg 585w\" alt=\"\" width=\"900\" height=\"600\" \/><\/a><\/div>\n<\/figure>\n<figure class=\"gallery-item\">\n<div class=\"gallery-icon landscape\"><a href=\"https:\/\/www.cidadesemfoco.com\/com-o-placar-de-4-a-1-jacobina-vence-curral-novo-do-piaui-na-disputa-pela-copa-amvi-veja-fotos\/img_5654-2\/\"><img loading=\"lazy\" decoding=\"async\" class=\"attachment-full size-full\" src=\"https:\/\/www.cidadesemfoco.com\/wp-content\/uploads\/2023\/08\/IMG_5654.jpg\" sizes=\"(max-width: 900px) 100vw, 900px\" srcset=\"https:\/\/www.cidadesemfoco.com\/wp-content\/uploads\/2023\/08\/IMG_5654.jpg 900w, https:\/\/www.cidadesemfoco.com\/wp-content\/uploads\/2023\/08\/IMG_5654-300x200.jpg 300w, https:\/\/www.cidadesemfoco.com\/wp-content\/uploads\/2023\/08\/IMG_5654-768x512.jpg 768w, https:\/\/www.cidadesemfoco.com\/wp-content\/uploads\/2023\/08\/IMG_5654-480x320.jpg 480w, https:\/\/www.cidadesemfoco.com\/wp-content\/uploads\/2023\/08\/IMG_5654-280x186.jpg 280w, https:\/\/www.cidadesemfoco.com\/wp-content\/uploads\/2023\/08\/IMG_5654-600x400.jpg 600w, https:\/\/www.cidadesemfoco.com\/wp-content\/uploads\/2023\/08\/IMG_5654-585x390.jpg 585w\" alt=\"\" width=\"900\" height=\"600\" \/><\/a><\/div>\n<\/figure>\n<figure class=\"gallery-item\">\n<div class=\"gallery-icon landscape\"><a href=\"https:\/\/www.cidadesemfoco.com\/com-o-placar-de-4-a-1-jacobina-vence-curral-novo-do-piaui-na-disputa-pela-copa-amvi-veja-fotos\/img_5657\/\"><img loading=\"lazy\" decoding=\"async\" class=\"attachment-full size-full\" src=\"https:\/\/www.cidadesemfoco.com\/wp-content\/uploads\/2023\/08\/IMG_5657.jpg\" sizes=\"(max-width: 900px) 100vw, 900px\" srcset=\"https:\/\/www.cidadesemfoco.com\/wp-content\/uploads\/2023\/08\/IMG_5657.jpg 900w, https:\/\/www.cidadesemfoco.com\/wp-content\/uploads\/2023\/08\/IMG_5657-300x200.jpg 300w, https:\/\/www.cidadesemfoco.com\/wp-content\/uploads\/2023\/08\/IMG_5657-768x512.jpg 768w, https:\/\/www.cidadesemfoco.com\/wp-content\/uploads\/2023\/08\/IMG_5657-480x320.jpg 480w, https:\/\/www.cidadesemfoco.com\/wp-content\/uploads\/2023\/08\/IMG_5657-280x186.jpg 280w, https:\/\/www.cidadesemfoco.com\/wp-content\/uploads\/2023\/08\/IMG_5657-600x400.jpg 600w, https:\/\/www.cidadesemfoco.com\/wp-content\/uploads\/2023\/08\/IMG_5657-585x390.jpg 585w\" alt=\"\" width=\"900\" height=\"600\" \/><\/a><\/div>\n<\/figure>\n<figure class=\"gallery-item\">\n<div class=\"gallery-icon landscape\"><a href=\"https:\/\/www.cidadesemfoco.com\/com-o-placar-de-4-a-1-jacobina-vence-curral-novo-do-piaui-na-disputa-pela-copa-amvi-veja-fotos\/img_5658-3\/\"><img loading=\"lazy\" decoding=\"async\" class=\"attachment-full size-full\" src=\"https:\/\/www.cidadesemfoco.com\/wp-content\/uploads\/2023\/08\/IMG_5658.jpg\" sizes=\"(max-width: 900px) 100vw, 900px\" srcset=\"https:\/\/www.cidadesemfoco.com\/wp-content\/uploads\/2023\/08\/IMG_5658.jpg 900w, https:\/\/www.cidadesemfoco.com\/wp-content\/uploads\/2023\/08\/IMG_5658-300x200.jpg 300w, https:\/\/www.cidadesemfoco.com\/wp-content\/uploads\/2023\/08\/IMG_5658-768x512.jpg 768w, https:\/\/www.cidadesemfoco.com\/wp-content\/uploads\/2023\/08\/IMG_5658-480x320.jpg 480w, https:\/\/www.cidadesemfoco.com\/wp-content\/uploads\/2023\/08\/IMG_5658-280x186.jpg 280w, https:\/\/www.cidadesemfoco.com\/wp-content\/uploads\/2023\/08\/IMG_5658-600x400.jpg 600w, https:\/\/www.cidadesemfoco.com\/wp-content\/uploads\/2023\/08\/IMG_5658-585x390.jpg 585w\" alt=\"\" width=\"900\" height=\"600\" \/><\/a><\/div>\n<\/figure>\n<figure class=\"gallery-item\">\n<div class=\"gallery-icon landscape\"><a href=\"https:\/\/www.cidadesemfoco.com\/com-o-placar-de-4-a-1-jacobina-vence-curral-novo-do-piaui-na-disputa-pela-copa-amvi-veja-fotos\/img_5660-3\/\"><img loading=\"lazy\" decoding=\"async\" class=\"attachment-full size-full\" src=\"https:\/\/www.cidadesemfoco.com\/wp-content\/uploads\/2023\/08\/IMG_5660.jpg\" sizes=\"(max-width: 900px) 100vw, 900px\" srcset=\"https:\/\/www.cidadesemfoco.com\/wp-content\/uploads\/2023\/08\/IMG_5660.jpg 900w, https:\/\/www.cidadesemfoco.com\/wp-content\/uploads\/2023\/08\/IMG_5660-300x200.jpg 300w, https:\/\/www.cidadesemfoco.com\/wp-content\/uploads\/2023\/08\/IMG_5660-768x512.jpg 768w, https:\/\/www.cidadesemfoco.com\/wp-content\/uploads\/2023\/08\/IMG_5660-480x320.jpg 480w, https:\/\/www.cidadesemfoco.com\/wp-content\/uploads\/2023\/08\/IMG_5660-280x186.jpg 280w, https:\/\/www.cidadesemfoco.com\/wp-content\/uploads\/2023\/08\/IMG_5660-600x400.jpg 600w, https:\/\/www.cidadesemfoco.com\/wp-content\/uploads\/2023\/08\/IMG_5660-585x390.jpg 585w\" alt=\"\" width=\"900\" height=\"600\" \/><\/a><\/div>\n<\/figure>\n<figure class=\"gallery-item\">\n<div class=\"gallery-icon landscape\"><a href=\"https:\/\/www.cidadesemfoco.com\/com-o-placar-de-4-a-1-jacobina-vence-curral-novo-do-piaui-na-disputa-pela-copa-amvi-veja-fotos\/img_5662-2\/\"><img loading=\"lazy\" decoding=\"async\" class=\"attachment-full size-full\" src=\"https:\/\/www.cidadesemfoco.com\/wp-content\/uploads\/2023\/08\/IMG_5662.jpg\" sizes=\"(max-width: 900px) 100vw, 900px\" srcset=\"https:\/\/www.cidadesemfoco.com\/wp-content\/uploads\/2023\/08\/IMG_5662.jpg 900w, https:\/\/www.cidadesemfoco.com\/wp-content\/uploads\/2023\/08\/IMG_5662-300x200.jpg 300w, https:\/\/www.cidadesemfoco.com\/wp-content\/uploads\/2023\/08\/IMG_5662-768x512.jpg 768w, https:\/\/www.cidadesemfoco.com\/wp-content\/uploads\/2023\/08\/IMG_5662-480x320.jpg 480w, https:\/\/www.cidadesemfoco.com\/wp-content\/uploads\/2023\/08\/IMG_5662-280x186.jpg 280w, https:\/\/www.cidadesemfoco.com\/wp-content\/uploads\/2023\/08\/IMG_5662-600x400.jpg 600w, https:\/\/www.cidadesemfoco.com\/wp-content\/uploads\/2023\/08\/IMG_5662-585x390.jpg 585w\" alt=\"\" width=\"900\" height=\"600\" \/><\/a><\/div>\n<\/figure>\n<figure class=\"gallery-item\">\n<div class=\"gallery-icon landscape\"><a href=\"https:\/\/www.cidadesemfoco.com\/com-o-placar-de-4-a-1-jacobina-vence-curral-novo-do-piaui-na-disputa-pela-copa-amvi-veja-fotos\/img_5663-3\/\"><img loading=\"lazy\" decoding=\"async\" class=\"attachment-full size-full\" src=\"https:\/\/www.cidadesemfoco.com\/wp-content\/uploads\/2023\/08\/IMG_5663.jpg\" sizes=\"(max-width: 900px) 100vw, 900px\" srcset=\"https:\/\/www.cidadesemfoco.com\/wp-content\/uploads\/2023\/08\/IMG_5663.jpg 900w, https:\/\/www.cidadesemfoco.com\/wp-content\/uploads\/2023\/08\/IMG_5663-300x200.jpg 300w, https:\/\/www.cidadesemfoco.com\/wp-content\/uploads\/2023\/08\/IMG_5663-768x512.jpg 768w, https:\/\/www.cidadesemfoco.com\/wp-content\/uploads\/2023\/08\/IMG_5663-480x320.jpg 480w, https:\/\/www.cidadesemfoco.com\/wp-content\/uploads\/2023\/08\/IMG_5663-280x186.jpg 280w, https:\/\/www.cidadesemfoco.com\/wp-content\/uploads\/2023\/08\/IMG_5663-600x400.jpg 600w, https:\/\/www.cidadesemfoco.com\/wp-content\/uploads\/2023\/08\/IMG_5663-585x390.jpg 585w\" alt=\"\" width=\"900\" height=\"600\" \/><\/a><\/div>\n<\/figure>\n<figure class=\"gallery-item\">\n<div class=\"gallery-icon landscape\"><a href=\"https:\/\/www.cidadesemfoco.com\/com-o-placar-de-4-a-1-jacobina-vence-curral-novo-do-piaui-na-disputa-pela-copa-amvi-veja-fotos\/img_5664-5\/\"><img loading=\"lazy\" decoding=\"async\" class=\"attachment-full size-full\" src=\"https:\/\/www.cidadesemfoco.com\/wp-content\/uploads\/2023\/08\/IMG_5664.jpg\" sizes=\"(max-width: 900px) 100vw, 900px\" srcset=\"https:\/\/www.cidadesemfoco.com\/wp-content\/uploads\/2023\/08\/IMG_5664.jpg 900w, https:\/\/www.cidadesemfoco.com\/wp-content\/uploads\/2023\/08\/IMG_5664-300x200.jpg 300w, https:\/\/www.cidadesemfoco.com\/wp-content\/uploads\/2023\/08\/IMG_5664-768x512.jpg 768w, https:\/\/www.cidadesemfoco.com\/wp-content\/uploads\/2023\/08\/IMG_5664-480x320.jpg 480w, https:\/\/www.cidadesemfoco.com\/wp-content\/uploads\/2023\/08\/IMG_5664-280x186.jpg 280w, https:\/\/www.cidadesemfoco.com\/wp-content\/uploads\/2023\/08\/IMG_5664-600x400.jpg 600w, https:\/\/www.cidadesemfoco.com\/wp-content\/uploads\/2023\/08\/IMG_5664-585x390.jpg 585w\" alt=\"\" width=\"900\" height=\"600\" \/><\/a><\/div>\n<\/figure>\n<figure class=\"gallery-item\">\n<div class=\"gallery-icon landscape\"><a href=\"https:\/\/www.cidadesemfoco.com\/com-o-placar-de-4-a-1-jacobina-vence-curral-novo-do-piaui-na-disputa-pela-copa-amvi-veja-fotos\/img_5666-4\/\"><img loading=\"lazy\" decoding=\"async\" class=\"attachment-full size-full\" src=\"https:\/\/www.cidadesemfoco.com\/wp-content\/uploads\/2023\/08\/IMG_5666.jpg\" sizes=\"(max-width: 900px) 100vw, 900px\" srcset=\"https:\/\/www.cidadesemfoco.com\/wp-content\/uploads\/2023\/08\/IMG_5666.jpg 900w, https:\/\/www.cidadesemfoco.com\/wp-content\/uploads\/2023\/08\/IMG_5666-300x200.jpg 300w, https:\/\/www.cidadesemfoco.com\/wp-content\/uploads\/2023\/08\/IMG_5666-768x512.jpg 768w, https:\/\/www.cidadesemfoco.com\/wp-content\/uploads\/2023\/08\/IMG_5666-480x320.jpg 480w, https:\/\/www.cidadesemfoco.com\/wp-content\/uploads\/2023\/08\/IMG_5666-280x186.jpg 280w, https:\/\/www.cidadesemfoco.com\/wp-content\/uploads\/2023\/08\/IMG_5666-600x400.jpg 600w, https:\/\/www.cidadesemfoco.com\/wp-content\/uploads\/2023\/08\/IMG_5666-585x390.jpg 585w\" alt=\"\" width=\"900\" height=\"600\" \/><\/a><\/div>\n<\/figure>\n<figure class=\"gallery-item\">\n<div class=\"gallery-icon landscape\"><a href=\"https:\/\/www.cidadesemfoco.com\/com-o-placar-de-4-a-1-jacobina-vence-curral-novo-do-piaui-na-disputa-pela-copa-amvi-veja-fotos\/img_5667-3\/\"><img loading=\"lazy\" decoding=\"async\" class=\"attachment-full size-full\" src=\"https:\/\/www.cidadesemfoco.com\/wp-content\/uploads\/2023\/08\/IMG_5667.jpg\" sizes=\"(max-width: 900px) 100vw, 900px\" srcset=\"https:\/\/www.cidadesemfoco.com\/wp-content\/uploads\/2023\/08\/IMG_5667.jpg 900w, https:\/\/www.cidadesemfoco.com\/wp-content\/uploads\/2023\/08\/IMG_5667-300x200.jpg 300w, https:\/\/www.cidadesemfoco.com\/wp-content\/uploads\/2023\/08\/IMG_5667-768x512.jpg 768w, https:\/\/www.cidadesemfoco.com\/wp-content\/uploads\/2023\/08\/IMG_5667-480x320.jpg 480w, https:\/\/www.cidadesemfoco.com\/wp-content\/uploads\/2023\/08\/IMG_5667-280x186.jpg 280w, https:\/\/www.cidadesemfoco.com\/wp-content\/uploads\/2023\/08\/IMG_5667-600x400.jpg 600w, https:\/\/www.cidadesemfoco.com\/wp-content\/uploads\/2023\/08\/IMG_5667-585x390.jpg 585w\" alt=\"\" width=\"900\" height=\"600\" \/><\/a><\/div>\n<\/figure>\n<figure class=\"gallery-item\">\n<div class=\"gallery-icon landscape\"><a href=\"https:\/\/www.cidadesemfoco.com\/com-o-placar-de-4-a-1-jacobina-vence-curral-novo-do-piaui-na-disputa-pela-copa-amvi-veja-fotos\/img_5668-3\/\"><img loading=\"lazy\" decoding=\"async\" class=\"attachment-full size-full\" src=\"https:\/\/www.cidadesemfoco.com\/wp-content\/uploads\/2023\/08\/IMG_5668.jpg\" sizes=\"(max-width: 900px) 100vw, 900px\" srcset=\"https:\/\/www.cidadesemfoco.com\/wp-content\/uploads\/2023\/08\/IMG_5668.jpg 900w, https:\/\/www.cidadesemfoco.com\/wp-content\/uploads\/2023\/08\/IMG_5668-300x200.jpg 300w, https:\/\/www.cidadesemfoco.com\/wp-content\/uploads\/2023\/08\/IMG_5668-768x512.jpg 768w, https:\/\/www.cidadesemfoco.com\/wp-content\/uploads\/2023\/08\/IMG_5668-480x320.jpg 480w, https:\/\/www.cidadesemfoco.com\/wp-content\/uploads\/2023\/08\/IMG_5668-280x186.jpg 280w, https:\/\/www.cidadesemfoco.com\/wp-content\/uploads\/2023\/08\/IMG_5668-600x400.jpg 600w, https:\/\/www.cidadesemfoco.com\/wp-content\/uploads\/2023\/08\/IMG_5668-585x390.jpg 585w\" alt=\"\" width=\"900\" height=\"600\" \/><\/a><\/div>\n<\/figure>\n<figure class=\"gallery-item\">\n<div class=\"gallery-icon landscape\"><a href=\"https:\/\/www.cidadesemfoco.com\/com-o-placar-de-4-a-1-jacobina-vence-curral-novo-do-piaui-na-disputa-pela-copa-amvi-veja-fotos\/img_5673-4\/\"><img loading=\"lazy\" decoding=\"async\" class=\"attachment-full size-full\" src=\"https:\/\/www.cidadesemfoco.com\/wp-content\/uploads\/2023\/08\/IMG_5673.jpg\" sizes=\"(max-width: 900px) 100vw, 900px\" srcset=\"https:\/\/www.cidadesemfoco.com\/wp-content\/uploads\/2023\/08\/IMG_5673.jpg 900w, https:\/\/www.cidadesemfoco.com\/wp-content\/uploads\/2023\/08\/IMG_5673-300x200.jpg 300w, https:\/\/www.cidadesemfoco.com\/wp-content\/uploads\/2023\/08\/IMG_5673-768x512.jpg 768w, https:\/\/www.cidadesemfoco.com\/wp-content\/uploads\/2023\/08\/IMG_5673-480x320.jpg 480w, https:\/\/www.cidadesemfoco.com\/wp-content\/uploads\/2023\/08\/IMG_5673-280x186.jpg 280w, https:\/\/www.cidadesemfoco.com\/wp-content\/uploads\/2023\/08\/IMG_5673-600x400.jpg 600w, https:\/\/www.cidadesemfoco.com\/wp-content\/uploads\/2023\/08\/IMG_5673-585x390.jpg 585w\" alt=\"\" width=\"900\" height=\"600\" \/><\/a><\/div>\n<\/figure>\n<figure class=\"gallery-item\">\n<div class=\"gallery-icon landscape\"><a href=\"https:\/\/www.cidadesemfoco.com\/com-o-placar-de-4-a-1-jacobina-vence-curral-novo-do-piaui-na-disputa-pela-copa-amvi-veja-fotos\/img_5675-4\/\"><img loading=\"lazy\" decoding=\"async\" class=\"attachment-full size-full\" src=\"https:\/\/www.cidadesemfoco.com\/wp-content\/uploads\/2023\/08\/IMG_5675.jpg\" sizes=\"(max-width: 900px) 100vw, 900px\" srcset=\"https:\/\/www.cidadesemfoco.com\/wp-content\/uploads\/2023\/08\/IMG_5675.jpg 900w, https:\/\/www.cidadesemfoco.com\/wp-content\/uploads\/2023\/08\/IMG_5675-300x200.jpg 300w, https:\/\/www.cidadesemfoco.com\/wp-content\/uploads\/2023\/08\/IMG_5675-768x512.jpg 768w, https:\/\/www.cidadesemfoco.com\/wp-content\/uploads\/2023\/08\/IMG_5675-480x320.jpg 480w, https:\/\/www.cidadesemfoco.com\/wp-content\/uploads\/2023\/08\/IMG_5675-280x186.jpg 280w, https:\/\/www.cidadesemfoco.com\/wp-content\/uploads\/2023\/08\/IMG_5675-600x400.jpg 600w, https:\/\/www.cidadesemfoco.com\/wp-content\/uploads\/2023\/08\/IMG_5675-585x390.jpg 585w\" alt=\"\" width=\"900\" height=\"600\" \/><\/a><\/div>\n<\/figure>\n<figure class=\"gallery-item\">\n<div class=\"gallery-icon landscape\"><a href=\"https:\/\/www.cidadesemfoco.com\/com-o-placar-de-4-a-1-jacobina-vence-curral-novo-do-piaui-na-disputa-pela-copa-amvi-veja-fotos\/img_5676-5\/\"><img loading=\"lazy\" decoding=\"async\" class=\"attachment-full size-full\" src=\"https:\/\/www.cidadesemfoco.com\/wp-content\/uploads\/2023\/08\/IMG_5676.jpg\" sizes=\"(max-width: 900px) 100vw, 900px\" srcset=\"https:\/\/www.cidadesemfoco.com\/wp-content\/uploads\/2023\/08\/IMG_5676.jpg 900w, https:\/\/www.cidadesemfoco.com\/wp-content\/uploads\/2023\/08\/IMG_5676-300x200.jpg 300w, https:\/\/www.cidadesemfoco.com\/wp-content\/uploads\/2023\/08\/IMG_5676-768x512.jpg 768w, https:\/\/www.cidadesemfoco.com\/wp-content\/uploads\/2023\/08\/IMG_5676-480x320.jpg 480w, https:\/\/www.cidadesemfoco.com\/wp-content\/uploads\/2023\/08\/IMG_5676-280x186.jpg 280w, https:\/\/www.cidadesemfoco.com\/wp-content\/uploads\/2023\/08\/IMG_5676-600x400.jpg 600w, https:\/\/www.cidadesemfoco.com\/wp-content\/uploads\/2023\/08\/IMG_5676-585x390.jpg 585w\" alt=\"\" width=\"900\" height=\"600\" \/><\/a><\/div>\n<\/figure>\n<figure class=\"gallery-item\">\n<div class=\"gallery-icon landscape\"><a href=\"https:\/\/www.cidadesemfoco.com\/com-o-placar-de-4-a-1-jacobina-vence-curral-novo-do-piaui-na-disputa-pela-copa-amvi-veja-fotos\/img_5678-3\/\"><img loading=\"lazy\" decoding=\"async\" class=\"attachment-full size-full\" src=\"https:\/\/www.cidadesemfoco.com\/wp-content\/uploads\/2023\/08\/IMG_5678.jpg\" sizes=\"(max-width: 900px) 100vw, 900px\" srcset=\"https:\/\/www.cidadesemfoco.com\/wp-content\/uploads\/2023\/08\/IMG_5678.jpg 900w, https:\/\/www.cidadesemfoco.com\/wp-content\/uploads\/2023\/08\/IMG_5678-300x200.jpg 300w, https:\/\/www.cidadesemfoco.com\/wp-content\/uploads\/2023\/08\/IMG_5678-768x512.jpg 768w, https:\/\/www.cidadesemfoco.com\/wp-content\/uploads\/2023\/08\/IMG_5678-480x320.jpg 480w, https:\/\/www.cidadesemfoco.com\/wp-content\/uploads\/2023\/08\/IMG_5678-280x186.jpg 280w, https:\/\/www.cidadesemfoco.com\/wp-content\/uploads\/2023\/08\/IMG_5678-600x400.jpg 600w, https:\/\/www.cidadesemfoco.com\/wp-content\/uploads\/2023\/08\/IMG_5678-585x390.jpg 585w\" alt=\"\" width=\"900\" height=\"600\" \/><\/a><\/div>\n<\/figure>\n<figure class=\"gallery-item\">\n<div class=\"gallery-icon landscape\"><a href=\"https:\/\/www.cidadesemfoco.com\/com-o-placar-de-4-a-1-jacobina-vence-curral-novo-do-piaui-na-disputa-pela-copa-amvi-veja-fotos\/img_5679-4\/\"><img loading=\"lazy\" decoding=\"async\" class=\"attachment-full size-full\" src=\"https:\/\/www.cidadesemfoco.com\/wp-content\/uploads\/2023\/08\/IMG_5679.jpg\" sizes=\"(max-width: 900px) 100vw, 900px\" srcset=\"https:\/\/www.cidadesemfoco.com\/wp-content\/uploads\/2023\/08\/IMG_5679.jpg 900w, https:\/\/www.cidadesemfoco.com\/wp-content\/uploads\/2023\/08\/IMG_5679-300x200.jpg 300w, https:\/\/www.cidadesemfoco.com\/wp-content\/uploads\/2023\/08\/IMG_5679-768x512.jpg 768w, https:\/\/www.cidadesemfoco.com\/wp-content\/uploads\/2023\/08\/IMG_5679-480x320.jpg 480w, https:\/\/www.cidadesemfoco.com\/wp-content\/uploads\/2023\/08\/IMG_5679-280x186.jpg 280w, https:\/\/www.cidadesemfoco.com\/wp-content\/uploads\/2023\/08\/IMG_5679-600x400.jpg 600w, https:\/\/www.cidadesemfoco.com\/wp-content\/uploads\/2023\/08\/IMG_5679-585x390.jpg 585w\" alt=\"\" width=\"900\" height=\"600\" \/><\/a><\/div>\n<\/figure>\n<figure class=\"gallery-item\">\n<div class=\"gallery-icon landscape\"><a href=\"https:\/\/www.cidadesemfoco.com\/com-o-placar-de-4-a-1-jacobina-vence-curral-novo-do-piaui-na-disputa-pela-copa-amvi-veja-fotos\/img_5684-3\/\"><img loading=\"lazy\" decoding=\"async\" class=\"attachment-full size-full\" src=\"https:\/\/www.cidadesemfoco.com\/wp-content\/uploads\/2023\/08\/IMG_5684.jpg\" sizes=\"(max-width: 900px) 100vw, 900px\" srcset=\"https:\/\/www.cidadesemfoco.com\/wp-content\/uploads\/2023\/08\/IMG_5684.jpg 900w, https:\/\/www.cidadesemfoco.com\/wp-content\/uploads\/2023\/08\/IMG_5684-300x200.jpg 300w, https:\/\/www.cidadesemfoco.com\/wp-content\/uploads\/2023\/08\/IMG_5684-768x512.jpg 768w, https:\/\/www.cidadesemfoco.com\/wp-content\/uploads\/2023\/08\/IMG_5684-480x320.jpg 480w, https:\/\/www.cidadesemfoco.com\/wp-content\/uploads\/2023\/08\/IMG_5684-280x186.jpg 280w, https:\/\/www.cidadesemfoco.com\/wp-content\/uploads\/2023\/08\/IMG_5684-600x400.jpg 600w, https:\/\/www.cidadesemfoco.com\/wp-content\/uploads\/2023\/08\/IMG_5684-585x390.jpg 585w\" alt=\"\" width=\"900\" height=\"600\" \/><\/a><\/div>\n<\/figure>\n<figure class=\"gallery-item\">\n<div class=\"gallery-icon landscape\"><a href=\"https:\/\/www.cidadesemfoco.com\/com-o-placar-de-4-a-1-jacobina-vence-curral-novo-do-piaui-na-disputa-pela-copa-amvi-veja-fotos\/img_5688-2\/\"><img loading=\"lazy\" decoding=\"async\" class=\"attachment-full size-full\" src=\"https:\/\/www.cidadesemfoco.com\/wp-content\/uploads\/2023\/08\/IMG_5688.jpg\" sizes=\"(max-width: 900px) 100vw, 900px\" srcset=\"https:\/\/www.cidadesemfoco.com\/wp-content\/uploads\/2023\/08\/IMG_5688.jpg 900w, https:\/\/www.cidadesemfoco.com\/wp-content\/uploads\/2023\/08\/IMG_5688-300x200.jpg 300w, https:\/\/www.cidadesemfoco.com\/wp-content\/uploads\/2023\/08\/IMG_5688-768x512.jpg 768w, https:\/\/www.cidadesemfoco.com\/wp-content\/uploads\/2023\/08\/IMG_5688-480x320.jpg 480w, https:\/\/www.cidadesemfoco.com\/wp-content\/uploads\/2023\/08\/IMG_5688-280x186.jpg 280w, https:\/\/www.cidadesemfoco.com\/wp-content\/uploads\/2023\/08\/IMG_5688-600x400.jpg 600w, https:\/\/www.cidadesemfoco.com\/wp-content\/uploads\/2023\/08\/IMG_5688-585x390.jpg 585w\" alt=\"\" width=\"900\" height=\"600\" \/><\/a><\/div>\n<\/figure>\n<figure class=\"gallery-item\">\n<div class=\"gallery-icon landscape\"><a href=\"https:\/\/www.cidadesemfoco.com\/com-o-placar-de-4-a-1-jacobina-vence-curral-novo-do-piaui-na-disputa-pela-copa-amvi-veja-fotos\/img_5689\/\"><img loading=\"lazy\" decoding=\"async\" class=\"attachment-full size-full\" src=\"https:\/\/www.cidadesemfoco.com\/wp-content\/uploads\/2023\/08\/IMG_5689.jpg\" sizes=\"(max-width: 900px) 100vw, 900px\" srcset=\"https:\/\/www.cidadesemfoco.com\/wp-content\/uploads\/2023\/08\/IMG_5689.jpg 900w, https:\/\/www.cidadesemfoco.com\/wp-content\/uploads\/2023\/08\/IMG_5689-300x200.jpg 300w, https:\/\/www.cidadesemfoco.com\/wp-content\/uploads\/2023\/08\/IMG_5689-768x512.jpg 768w, https:\/\/www.cidadesemfoco.com\/wp-content\/uploads\/2023\/08\/IMG_5689-480x320.jpg 480w, https:\/\/www.cidadesemfoco.com\/wp-content\/uploads\/2023\/08\/IMG_5689-280x186.jpg 280w, https:\/\/www.cidadesemfoco.com\/wp-content\/uploads\/2023\/08\/IMG_5689-600x400.jpg 600w, https:\/\/www.cidadesemfoco.com\/wp-content\/uploads\/2023\/08\/IMG_5689-585x390.jpg 585w\" alt=\"\" width=\"900\" height=\"600\" \/><\/a><\/div>\n<\/figure>\n<figure class=\"gallery-item\">\n<div class=\"gallery-icon landscape\"><a href=\"https:\/\/www.cidadesemfoco.com\/com-o-placar-de-4-a-1-jacobina-vence-curral-novo-do-piaui-na-disputa-pela-copa-amvi-veja-fotos\/img_5690-3\/\"><img loading=\"lazy\" decoding=\"async\" class=\"attachment-full size-full\" src=\"https:\/\/www.cidadesemfoco.com\/wp-content\/uploads\/2023\/08\/IMG_5690.jpg\" sizes=\"(max-width: 900px) 100vw, 900px\" srcset=\"https:\/\/www.cidadesemfoco.com\/wp-content\/uploads\/2023\/08\/IMG_5690.jpg 900w, https:\/\/www.cidadesemfoco.com\/wp-content\/uploads\/2023\/08\/IMG_5690-300x200.jpg 300w, https:\/\/www.cidadesemfoco.com\/wp-content\/uploads\/2023\/08\/IMG_5690-768x512.jpg 768w, https:\/\/www.cidadesemfoco.com\/wp-content\/uploads\/2023\/08\/IMG_5690-480x320.jpg 480w, https:\/\/www.cidadesemfoco.com\/wp-content\/uploads\/2023\/08\/IMG_5690-280x186.jpg 280w, https:\/\/www.cidadesemfoco.com\/wp-content\/uploads\/2023\/08\/IMG_5690-600x400.jpg 600w, https:\/\/www.cidadesemfoco.com\/wp-content\/uploads\/2023\/08\/IMG_5690-585x390.jpg 585w\" alt=\"\" width=\"900\" height=\"600\" \/><\/a><\/div>\n<\/figure>\n<figure class=\"gallery-item\">\n<div class=\"gallery-icon landscape\"><a href=\"https:\/\/www.cidadesemfoco.com\/com-o-placar-de-4-a-1-jacobina-vence-curral-novo-do-piaui-na-disputa-pela-copa-amvi-veja-fotos\/img_5693-3\/\"><img loading=\"lazy\" decoding=\"async\" class=\"attachment-full size-full\" src=\"https:\/\/www.cidadesemfoco.com\/wp-content\/uploads\/2023\/08\/IMG_5693.jpg\" sizes=\"(max-width: 900px) 100vw, 900px\" srcset=\"https:\/\/www.cidadesemfoco.com\/wp-content\/uploads\/2023\/08\/IMG_5693.jpg 900w, https:\/\/www.cidadesemfoco.com\/wp-content\/uploads\/2023\/08\/IMG_5693-300x200.jpg 300w, https:\/\/www.cidadesemfoco.com\/wp-content\/uploads\/2023\/08\/IMG_5693-768x512.jpg 768w, https:\/\/www.cidadesemfoco.com\/wp-content\/uploads\/2023\/08\/IMG_5693-480x320.jpg 480w, https:\/\/www.cidadesemfoco.com\/wp-content\/uploads\/2023\/08\/IMG_5693-280x186.jpg 280w, https:\/\/www.cidadesemfoco.com\/wp-content\/uploads\/2023\/08\/IMG_5693-600x400.jpg 600w, https:\/\/www.cidadesemfoco.com\/wp-content\/uploads\/2023\/08\/IMG_5693-585x390.jpg 585w\" alt=\"\" width=\"900\" height=\"600\" \/><\/a><\/div>\n<\/figure>\n<figure class=\"gallery-item\">\n<div class=\"gallery-icon landscape\"><a href=\"https:\/\/www.cidadesemfoco.com\/com-o-placar-de-4-a-1-jacobina-vence-curral-novo-do-piaui-na-disputa-pela-copa-amvi-veja-fotos\/img_5694-5\/\"><img loading=\"lazy\" decoding=\"async\" class=\"attachment-full size-full\" src=\"https:\/\/www.cidadesemfoco.com\/wp-content\/uploads\/2023\/08\/IMG_5694.jpg\" sizes=\"(max-width: 900px) 100vw, 900px\" srcset=\"https:\/\/www.cidadesemfoco.com\/wp-content\/uploads\/2023\/08\/IMG_5694.jpg 900w, https:\/\/www.cidadesemfoco.com\/wp-content\/uploads\/2023\/08\/IMG_5694-300x200.jpg 300w, https:\/\/www.cidadesemfoco.com\/wp-content\/uploads\/2023\/08\/IMG_5694-768x512.jpg 768w, https:\/\/www.cidadesemfoco.com\/wp-content\/uploads\/2023\/08\/IMG_5694-480x320.jpg 480w, https:\/\/www.cidadesemfoco.com\/wp-content\/uploads\/2023\/08\/IMG_5694-280x186.jpg 280w, https:\/\/www.cidadesemfoco.com\/wp-content\/uploads\/2023\/08\/IMG_5694-600x400.jpg 600w, https:\/\/www.cidadesemfoco.com\/wp-content\/uploads\/2023\/08\/IMG_5694-585x390.jpg 585w\" alt=\"\" width=\"900\" height=\"600\" \/><\/a><\/div>\n<\/figure>\n<figure class=\"gallery-item\">\n<div class=\"gallery-icon landscape\"><a href=\"https:\/\/www.cidadesemfoco.com\/com-o-placar-de-4-a-1-jacobina-vence-curral-novo-do-piaui-na-disputa-pela-copa-amvi-veja-fotos\/img_5695-3\/\"><img loading=\"lazy\" decoding=\"async\" class=\"attachment-full size-full\" src=\"https:\/\/www.cidadesemfoco.com\/wp-content\/uploads\/2023\/08\/IMG_5695.jpg\" sizes=\"(max-width: 900px) 100vw, 900px\" srcset=\"https:\/\/www.cidadesemfoco.com\/wp-content\/uploads\/2023\/08\/IMG_5695.jpg 900w, https:\/\/www.cidadesemfoco.com\/wp-content\/uploads\/2023\/08\/IMG_5695-300x200.jpg 300w, https:\/\/www.cidadesemfoco.com\/wp-content\/uploads\/2023\/08\/IMG_5695-768x512.jpg 768w, https:\/\/www.cidadesemfoco.com\/wp-content\/uploads\/2023\/08\/IMG_5695-480x320.jpg 480w, https:\/\/www.cidadesemfoco.com\/wp-content\/uploads\/2023\/08\/IMG_5695-280x186.jpg 280w, https:\/\/www.cidadesemfoco.com\/wp-content\/uploads\/2023\/08\/IMG_5695-600x400.jpg 600w, https:\/\/www.cidadesemfoco.com\/wp-content\/uploads\/2023\/08\/IMG_5695-585x390.jpg 585w\" alt=\"\" width=\"900\" height=\"600\" \/><\/a><\/div>\n<\/figure>\n<figure class=\"gallery-item\">\n<div class=\"gallery-icon landscape\"><a href=\"https:\/\/www.cidadesemfoco.com\/com-o-placar-de-4-a-1-jacobina-vence-curral-novo-do-piaui-na-disputa-pela-copa-amvi-veja-fotos\/img_5696-4\/\"><img loading=\"lazy\" decoding=\"async\" class=\"attachment-full size-full\" src=\"https:\/\/www.cidadesemfoco.com\/wp-content\/uploads\/2023\/08\/IMG_5696.jpg\" sizes=\"(max-width: 900px) 100vw, 900px\" srcset=\"https:\/\/www.cidadesemfoco.com\/wp-content\/uploads\/2023\/08\/IMG_5696.jpg 900w, https:\/\/www.cidadesemfoco.com\/wp-content\/uploads\/2023\/08\/IMG_5696-300x200.jpg 300w, https:\/\/www.cidadesemfoco.com\/wp-content\/uploads\/2023\/08\/IMG_5696-768x512.jpg 768w, https:\/\/www.cidadesemfoco.com\/wp-content\/uploads\/2023\/08\/IMG_5696-480x320.jpg 480w, https:\/\/www.cidadesemfoco.com\/wp-content\/uploads\/2023\/08\/IMG_5696-280x186.jpg 280w, https:\/\/www.cidadesemfoco.com\/wp-content\/uploads\/2023\/08\/IMG_5696-600x400.jpg 600w, https:\/\/www.cidadesemfoco.com\/wp-content\/uploads\/2023\/08\/IMG_5696-585x390.jpg 585w\" alt=\"\" width=\"900\" height=\"600\" \/><\/a><\/div>\n<\/figure>\n<figure class=\"gallery-item\">\n<div class=\"gallery-icon landscape\"><a href=\"https:\/\/www.cidadesemfoco.com\/com-o-placar-de-4-a-1-jacobina-vence-curral-novo-do-piaui-na-disputa-pela-copa-amvi-veja-fotos\/img_5697-4\/\"><img loading=\"lazy\" decoding=\"async\" class=\"attachment-full size-full\" src=\"https:\/\/www.cidadesemfoco.com\/wp-content\/uploads\/2023\/08\/IMG_5697.jpg\" sizes=\"(max-width: 900px) 100vw, 900px\" srcset=\"https:\/\/www.cidadesemfoco.com\/wp-content\/uploads\/2023\/08\/IMG_5697.jpg 900w, https:\/\/www.cidadesemfoco.com\/wp-content\/uploads\/2023\/08\/IMG_5697-300x200.jpg 300w, https:\/\/www.cidadesemfoco.com\/wp-content\/uploads\/2023\/08\/IMG_5697-768x512.jpg 768w, https:\/\/www.cidadesemfoco.com\/wp-content\/uploads\/2023\/08\/IMG_5697-480x320.jpg 480w, https:\/\/www.cidadesemfoco.com\/wp-content\/uploads\/2023\/08\/IMG_5697-280x186.jpg 280w, https:\/\/www.cidadesemfoco.com\/wp-content\/uploads\/2023\/08\/IMG_5697-600x400.jpg 600w, https:\/\/www.cidadesemfoco.com\/wp-content\/uploads\/2023\/08\/IMG_5697-585x390.jpg 585w\" alt=\"\" width=\"900\" height=\"600\" \/><\/a><\/div>\n<\/figure>\n<figure class=\"gallery-item\">\n<div class=\"gallery-icon landscape\"><a href=\"https:\/\/www.cidadesemfoco.com\/com-o-placar-de-4-a-1-jacobina-vence-curral-novo-do-piaui-na-disputa-pela-copa-amvi-veja-fotos\/img_5698-6\/\"><img loading=\"lazy\" decoding=\"async\" class=\"attachment-full size-full\" src=\"https:\/\/www.cidadesemfoco.com\/wp-content\/uploads\/2023\/08\/IMG_5698.jpg\" sizes=\"(max-width: 900px) 100vw, 900px\" srcset=\"https:\/\/www.cidadesemfoco.com\/wp-content\/uploads\/2023\/08\/IMG_5698.jpg 900w, https:\/\/www.cidadesemfoco.com\/wp-content\/uploads\/2023\/08\/IMG_5698-300x200.jpg 300w, https:\/\/www.cidadesemfoco.com\/wp-content\/uploads\/2023\/08\/IMG_5698-768x512.jpg 768w, https:\/\/www.cidadesemfoco.com\/wp-content\/uploads\/2023\/08\/IMG_5698-480x320.jpg 480w, https:\/\/www.cidadesemfoco.com\/wp-content\/uploads\/2023\/08\/IMG_5698-280x186.jpg 280w, https:\/\/www.cidadesemfoco.com\/wp-content\/uploads\/2023\/08\/IMG_5698-600x400.jpg 600w, https:\/\/www.cidadesemfoco.com\/wp-content\/uploads\/2023\/08\/IMG_5698-585x390.jpg 585w\" alt=\"\" width=\"900\" height=\"600\" \/><\/a><\/div>\n<\/figure>\n<figure class=\"gallery-item\">\n<div class=\"gallery-icon landscape\"><a href=\"https:\/\/www.cidadesemfoco.com\/com-o-placar-de-4-a-1-jacobina-vence-curral-novo-do-piaui-na-disputa-pela-copa-amvi-veja-fotos\/img_5701-3\/\"><img loading=\"lazy\" decoding=\"async\" class=\"attachment-full size-full\" src=\"https:\/\/www.cidadesemfoco.com\/wp-content\/uploads\/2023\/08\/IMG_5701.jpg\" sizes=\"(max-width: 900px) 100vw, 900px\" srcset=\"https:\/\/www.cidadesemfoco.com\/wp-content\/uploads\/2023\/08\/IMG_5701.jpg 900w, https:\/\/www.cidadesemfoco.com\/wp-content\/uploads\/2023\/08\/IMG_5701-300x200.jpg 300w, https:\/\/www.cidadesemfoco.com\/wp-content\/uploads\/2023\/08\/IMG_5701-768x512.jpg 768w, https:\/\/www.cidadesemfoco.com\/wp-content\/uploads\/2023\/08\/IMG_5701-480x320.jpg 480w, https:\/\/www.cidadesemfoco.com\/wp-content\/uploads\/2023\/08\/IMG_5701-280x186.jpg 280w, https:\/\/www.cidadesemfoco.com\/wp-content\/uploads\/2023\/08\/IMG_5701-600x400.jpg 600w, https:\/\/www.cidadesemfoco.com\/wp-content\/uploads\/2023\/08\/IMG_5701-585x390.jpg 585w\" alt=\"\" width=\"900\" height=\"600\" \/><\/a><\/div>\n<\/figure>\n<figure class=\"gallery-item\">\n<div class=\"gallery-icon landscape\"><a href=\"https:\/\/www.cidadesemfoco.com\/com-o-placar-de-4-a-1-jacobina-vence-curral-novo-do-piaui-na-disputa-pela-copa-amvi-veja-fotos\/img_5702-4\/\"><img loading=\"lazy\" decoding=\"async\" class=\"attachment-full size-full\" src=\"https:\/\/www.cidadesemfoco.com\/wp-content\/uploads\/2023\/08\/IMG_5702.jpg\" sizes=\"(max-width: 900px) 100vw, 900px\" srcset=\"https:\/\/www.cidadesemfoco.com\/wp-content\/uploads\/2023\/08\/IMG_5702.jpg 900w, https:\/\/www.cidadesemfoco.com\/wp-content\/uploads\/2023\/08\/IMG_5702-300x200.jpg 300w, https:\/\/www.cidadesemfoco.com\/wp-content\/uploads\/2023\/08\/IMG_5702-768x512.jpg 768w, https:\/\/www.cidadesemfoco.com\/wp-content\/uploads\/2023\/08\/IMG_5702-480x320.jpg 480w, https:\/\/www.cidadesemfoco.com\/wp-content\/uploads\/2023\/08\/IMG_5702-280x186.jpg 280w, https:\/\/www.cidadesemfoco.com\/wp-content\/uploads\/2023\/08\/IMG_5702-600x400.jpg 600w, https:\/\/www.cidadesemfoco.com\/wp-content\/uploads\/2023\/08\/IMG_5702-585x390.jpg 585w\" alt=\"\" width=\"900\" height=\"600\" \/><\/a><\/div>\n<\/figure>\n<figure class=\"gallery-item\">\n<div class=\"gallery-icon landscape\"><a href=\"https:\/\/www.cidadesemfoco.com\/com-o-placar-de-4-a-1-jacobina-vence-curral-novo-do-piaui-na-disputa-pela-copa-amvi-veja-fotos\/img_5703-4\/\"><img loading=\"lazy\" decoding=\"async\" class=\"attachment-full size-full\" src=\"https:\/\/www.cidadesemfoco.com\/wp-content\/uploads\/2023\/08\/IMG_5703.jpg\" sizes=\"(max-width: 900px) 100vw, 900px\" srcset=\"https:\/\/www.cidadesemfoco.com\/wp-content\/uploads\/2023\/08\/IMG_5703.jpg 900w, https:\/\/www.cidadesemfoco.com\/wp-content\/uploads\/2023\/08\/IMG_5703-300x200.jpg 300w, https:\/\/www.cidadesemfoco.com\/wp-content\/uploads\/2023\/08\/IMG_5703-768x512.jpg 768w, https:\/\/www.cidadesemfoco.com\/wp-content\/uploads\/2023\/08\/IMG_5703-480x320.jpg 480w, https:\/\/www.cidadesemfoco.com\/wp-content\/uploads\/2023\/08\/IMG_5703-280x186.jpg 280w, https:\/\/www.cidadesemfoco.com\/wp-content\/uploads\/2023\/08\/IMG_5703-600x400.jpg 600w, https:\/\/www.cidadesemfoco.com\/wp-content\/uploads\/2023\/08\/IMG_5703-585x390.jpg 585w\" alt=\"\" width=\"900\" height=\"600\" \/><\/a><\/div>\n<\/figure>\n<figure class=\"gallery-item\">\n<div class=\"gallery-icon landscape\"><a href=\"https:\/\/www.cidadesemfoco.com\/com-o-placar-de-4-a-1-jacobina-vence-curral-novo-do-piaui-na-disputa-pela-copa-amvi-veja-fotos\/img_5704-2\/\"><img loading=\"lazy\" decoding=\"async\" class=\"attachment-full size-full\" src=\"https:\/\/www.cidadesemfoco.com\/wp-content\/uploads\/2023\/08\/IMG_5704.jpg\" sizes=\"(max-width: 900px) 100vw, 900px\" srcset=\"https:\/\/www.cidadesemfoco.com\/wp-content\/uploads\/2023\/08\/IMG_5704.jpg 900w, https:\/\/www.cidadesemfoco.com\/wp-content\/uploads\/2023\/08\/IMG_5704-300x200.jpg 300w, https:\/\/www.cidadesemfoco.com\/wp-content\/uploads\/2023\/08\/IMG_5704-768x512.jpg 768w, https:\/\/www.cidadesemfoco.com\/wp-content\/uploads\/2023\/08\/IMG_5704-480x320.jpg 480w, https:\/\/www.cidadesemfoco.com\/wp-content\/uploads\/2023\/08\/IMG_5704-280x186.jpg 280w, https:\/\/www.cidadesemfoco.com\/wp-content\/uploads\/2023\/08\/IMG_5704-600x400.jpg 600w, https:\/\/www.cidadesemfoco.com\/wp-content\/uploads\/2023\/08\/IMG_5704-585x390.jpg 585w\" alt=\"\" width=\"900\" height=\"600\" \/><\/a><\/div>\n<\/figure>\n<figure class=\"gallery-item\">\n<div class=\"gallery-icon landscape\"><a href=\"https:\/\/www.cidadesemfoco.com\/com-o-placar-de-4-a-1-jacobina-vence-curral-novo-do-piaui-na-disputa-pela-copa-amvi-veja-fotos\/img_5705-4\/\"><img loading=\"lazy\" decoding=\"async\" class=\"attachment-full size-full\" src=\"https:\/\/www.cidadesemfoco.com\/wp-content\/uploads\/2023\/08\/IMG_5705.jpg\" sizes=\"(max-width: 900px) 100vw, 900px\" srcset=\"https:\/\/www.cidadesemfoco.com\/wp-content\/uploads\/2023\/08\/IMG_5705.jpg 900w, https:\/\/www.cidadesemfoco.com\/wp-content\/uploads\/2023\/08\/IMG_5705-300x200.jpg 300w, https:\/\/www.cidadesemfoco.com\/wp-content\/uploads\/2023\/08\/IMG_5705-768x512.jpg 768w, https:\/\/www.cidadesemfoco.com\/wp-content\/uploads\/2023\/08\/IMG_5705-480x320.jpg 480w, https:\/\/www.cidadesemfoco.com\/wp-content\/uploads\/2023\/08\/IMG_5705-280x186.jpg 280w, https:\/\/www.cidadesemfoco.com\/wp-content\/uploads\/2023\/08\/IMG_5705-600x400.jpg 600w, https:\/\/www.cidadesemfoco.com\/wp-content\/uploads\/2023\/08\/IMG_5705-585x390.jpg 585w\" alt=\"\" width=\"900\" height=\"600\" \/><\/a><\/div>\n<\/figure>\n<figure class=\"gallery-item\">\n<div class=\"gallery-icon landscape\"><a href=\"https:\/\/www.cidadesemfoco.com\/com-o-placar-de-4-a-1-jacobina-vence-curral-novo-do-piaui-na-disputa-pela-copa-amvi-veja-fotos\/img_5707-3\/\"><img loading=\"lazy\" decoding=\"async\" class=\"attachment-full size-full\" src=\"https:\/\/www.cidadesemfoco.com\/wp-content\/uploads\/2023\/08\/IMG_5707.jpg\" sizes=\"(max-width: 900px) 100vw, 900px\" srcset=\"https:\/\/www.cidadesemfoco.com\/wp-content\/uploads\/2023\/08\/IMG_5707.jpg 900w, https:\/\/www.cidadesemfoco.com\/wp-content\/uploads\/2023\/08\/IMG_5707-300x200.jpg 300w, https:\/\/www.cidadesemfoco.com\/wp-content\/uploads\/2023\/08\/IMG_5707-768x512.jpg 768w, https:\/\/www.cidadesemfoco.com\/wp-content\/uploads\/2023\/08\/IMG_5707-480x320.jpg 480w, https:\/\/www.cidadesemfoco.com\/wp-content\/uploads\/2023\/08\/IMG_5707-280x186.jpg 280w, https:\/\/www.cidadesemfoco.com\/wp-content\/uploads\/2023\/08\/IMG_5707-600x400.jpg 600w, https:\/\/www.cidadesemfoco.com\/wp-content\/uploads\/2023\/08\/IMG_5707-585x390.jpg 585w\" alt=\"\" width=\"900\" height=\"600\" \/><\/a><\/div>\n<\/figure>\n<figure class=\"gallery-item\">\n<div class=\"gallery-icon landscape\"><a href=\"https:\/\/www.cidadesemfoco.com\/com-o-placar-de-4-a-1-jacobina-vence-curral-novo-do-piaui-na-disputa-pela-copa-amvi-veja-fotos\/img_5708-3\/\"><img loading=\"lazy\" decoding=\"async\" class=\"attachment-full size-full\" src=\"https:\/\/www.cidadesemfoco.com\/wp-content\/uploads\/2023\/08\/IMG_5708.jpg\" sizes=\"(max-width: 900px) 100vw, 900px\" srcset=\"https:\/\/www.cidadesemfoco.com\/wp-content\/uploads\/2023\/08\/IMG_5708.jpg 900w, https:\/\/www.cidadesemfoco.com\/wp-content\/uploads\/2023\/08\/IMG_5708-300x200.jpg 300w, https:\/\/www.cidadesemfoco.com\/wp-content\/uploads\/2023\/08\/IMG_5708-768x512.jpg 768w, https:\/\/www.cidadesemfoco.com\/wp-content\/uploads\/2023\/08\/IMG_5708-480x320.jpg 480w, https:\/\/www.cidadesemfoco.com\/wp-content\/uploads\/2023\/08\/IMG_5708-280x186.jpg 280w, https:\/\/www.cidadesemfoco.com\/wp-content\/uploads\/2023\/08\/IMG_5708-600x400.jpg 600w, https:\/\/www.cidadesemfoco.com\/wp-content\/uploads\/2023\/08\/IMG_5708-585x390.jpg 585w\" alt=\"\" width=\"900\" height=\"600\" \/><\/a><\/div>\n<\/figure>\n<figure class=\"gallery-item\">\n<div class=\"gallery-icon landscape\"><a href=\"https:\/\/www.cidadesemfoco.com\/com-o-placar-de-4-a-1-jacobina-vence-curral-novo-do-piaui-na-disputa-pela-copa-amvi-veja-fotos\/img_5709-4\/\"><img loading=\"lazy\" decoding=\"async\" class=\"attachment-full size-full\" src=\"https:\/\/www.cidadesemfoco.com\/wp-content\/uploads\/2023\/08\/IMG_5709.jpg\" sizes=\"(max-width: 900px) 100vw, 900px\" srcset=\"https:\/\/www.cidadesemfoco.com\/wp-content\/uploads\/2023\/08\/IMG_5709.jpg 900w, https:\/\/www.cidadesemfoco.com\/wp-content\/uploads\/2023\/08\/IMG_5709-300x200.jpg 300w, https:\/\/www.cidadesemfoco.com\/wp-content\/uploads\/2023\/08\/IMG_5709-768x512.jpg 768w, https:\/\/www.cidadesemfoco.com\/wp-content\/uploads\/2023\/08\/IMG_5709-480x320.jpg 480w, https:\/\/www.cidadesemfoco.com\/wp-content\/uploads\/2023\/08\/IMG_5709-280x186.jpg 280w, https:\/\/www.cidadesemfoco.com\/wp-content\/uploads\/2023\/08\/IMG_5709-600x400.jpg 600w, https:\/\/www.cidadesemfoco.com\/wp-content\/uploads\/2023\/08\/IMG_5709-585x390.jpg 585w\" alt=\"\" width=\"900\" height=\"600\" \/><\/a><\/div>\n<\/figure>\n<figure class=\"gallery-item\">\n<div class=\"gallery-icon landscape\"><a href=\"https:\/\/www.cidadesemfoco.com\/com-o-placar-de-4-a-1-jacobina-vence-curral-novo-do-piaui-na-disputa-pela-copa-amvi-veja-fotos\/img_5710-4\/\"><img loading=\"lazy\" decoding=\"async\" class=\"attachment-full size-full\" src=\"https:\/\/www.cidadesemfoco.com\/wp-content\/uploads\/2023\/08\/IMG_5710.jpg\" sizes=\"(max-width: 900px) 100vw, 900px\" srcset=\"https:\/\/www.cidadesemfoco.com\/wp-content\/uploads\/2023\/08\/IMG_5710.jpg 900w, https:\/\/www.cidadesemfoco.com\/wp-content\/uploads\/2023\/08\/IMG_5710-300x200.jpg 300w, https:\/\/www.cidadesemfoco.com\/wp-content\/uploads\/2023\/08\/IMG_5710-768x512.jpg 768w, https:\/\/www.cidadesemfoco.com\/wp-content\/uploads\/2023\/08\/IMG_5710-480x320.jpg 480w, https:\/\/www.cidadesemfoco.com\/wp-content\/uploads\/2023\/08\/IMG_5710-280x186.jpg 280w, https:\/\/www.cidadesemfoco.com\/wp-content\/uploads\/2023\/08\/IMG_5710-600x400.jpg 600w, https:\/\/www.cidadesemfoco.com\/wp-content\/uploads\/2023\/08\/IMG_5710-585x390.jpg 585w\" alt=\"\" width=\"900\" height=\"600\" \/><\/a><\/div>\n<\/figure>\n<figure class=\"gallery-item\">\n<div class=\"gallery-icon landscape\"><a href=\"https:\/\/www.cidadesemfoco.com\/com-o-placar-de-4-a-1-jacobina-vence-curral-novo-do-piaui-na-disputa-pela-copa-amvi-veja-fotos\/img_5711-2\/\"><img loading=\"lazy\" decoding=\"async\" class=\"attachment-full size-full\" src=\"https:\/\/www.cidadesemfoco.com\/wp-content\/uploads\/2023\/08\/IMG_5711.jpg\" sizes=\"(max-width: 900px) 100vw, 900px\" srcset=\"https:\/\/www.cidadesemfoco.com\/wp-content\/uploads\/2023\/08\/IMG_5711.jpg 900w, https:\/\/www.cidadesemfoco.com\/wp-content\/uploads\/2023\/08\/IMG_5711-300x200.jpg 300w, https:\/\/www.cidadesemfoco.com\/wp-content\/uploads\/2023\/08\/IMG_5711-768x512.jpg 768w, https:\/\/www.cidadesemfoco.com\/wp-content\/uploads\/2023\/08\/IMG_5711-480x320.jpg 480w, https:\/\/www.cidadesemfoco.com\/wp-content\/uploads\/2023\/08\/IMG_5711-280x186.jpg 280w, https:\/\/www.cidadesemfoco.com\/wp-content\/uploads\/2023\/08\/IMG_5711-600x400.jpg 600w, https:\/\/www.cidadesemfoco.com\/wp-content\/uploads\/2023\/08\/IMG_5711-585x390.jpg 585w\" alt=\"\" width=\"900\" height=\"600\" \/><\/a><\/div>\n<\/figure>\n<figure class=\"gallery-item\">\n<div class=\"gallery-icon landscape\"><a href=\"https:\/\/www.cidadesemfoco.com\/com-o-placar-de-4-a-1-jacobina-vence-curral-novo-do-piaui-na-disputa-pela-copa-amvi-veja-fotos\/img_5714-4\/\"><img loading=\"lazy\" decoding=\"async\" class=\"attachment-full size-full\" src=\"https:\/\/www.cidadesemfoco.com\/wp-content\/uploads\/2023\/08\/IMG_5714.jpg\" sizes=\"(max-width: 900px) 100vw, 900px\" srcset=\"https:\/\/www.cidadesemfoco.com\/wp-content\/uploads\/2023\/08\/IMG_5714.jpg 900w, https:\/\/www.cidadesemfoco.com\/wp-content\/uploads\/2023\/08\/IMG_5714-300x200.jpg 300w, https:\/\/www.cidadesemfoco.com\/wp-content\/uploads\/2023\/08\/IMG_5714-768x512.jpg 768w, https:\/\/www.cidadesemfoco.com\/wp-content\/uploads\/2023\/08\/IMG_5714-480x320.jpg 480w, https:\/\/www.cidadesemfoco.com\/wp-content\/uploads\/2023\/08\/IMG_5714-280x186.jpg 280w, https:\/\/www.cidadesemfoco.com\/wp-content\/uploads\/2023\/08\/IMG_5714-600x400.jpg 600w, https:\/\/www.cidadesemfoco.com\/wp-content\/uploads\/2023\/08\/IMG_5714-585x390.jpg 585w\" alt=\"\" width=\"900\" height=\"600\" \/><\/a><\/div>\n<\/figure>\n<figure class=\"gallery-item\">\n<div class=\"gallery-icon landscape\"><a href=\"https:\/\/www.cidadesemfoco.com\/com-o-placar-de-4-a-1-jacobina-vence-curral-novo-do-piaui-na-disputa-pela-copa-amvi-veja-fotos\/img_5715-3\/\"><img loading=\"lazy\" decoding=\"async\" class=\"attachment-full size-full\" src=\"https:\/\/www.cidadesemfoco.com\/wp-content\/uploads\/2023\/08\/IMG_5715.jpg\" sizes=\"(max-width: 900px) 100vw, 900px\" srcset=\"https:\/\/www.cidadesemfoco.com\/wp-content\/uploads\/2023\/08\/IMG_5715.jpg 900w, https:\/\/www.cidadesemfoco.com\/wp-content\/uploads\/2023\/08\/IMG_5715-300x200.jpg 300w, https:\/\/www.cidadesemfoco.com\/wp-content\/uploads\/2023\/08\/IMG_5715-768x512.jpg 768w, https:\/\/www.cidadesemfoco.com\/wp-content\/uploads\/2023\/08\/IMG_5715-480x320.jpg 480w, https:\/\/www.cidadesemfoco.com\/wp-content\/uploads\/2023\/08\/IMG_5715-280x186.jpg 280w, https:\/\/www.cidadesemfoco.com\/wp-content\/uploads\/2023\/08\/IMG_5715-600x400.jpg 600w, https:\/\/www.cidadesemfoco.com\/wp-content\/uploads\/2023\/08\/IMG_5715-585x390.jpg 585w\" alt=\"\" width=\"900\" height=\"600\" \/><\/a><\/div>\n<\/figure>\n<figure class=\"gallery-item\">\n<div class=\"gallery-icon landscape\"><a href=\"https:\/\/www.cidadesemfoco.com\/com-o-placar-de-4-a-1-jacobina-vence-curral-novo-do-piaui-na-disputa-pela-copa-amvi-veja-fotos\/img_5716-4\/\"><img loading=\"lazy\" decoding=\"async\" class=\"attachment-full size-full\" src=\"https:\/\/www.cidadesemfoco.com\/wp-content\/uploads\/2023\/08\/IMG_5716.jpg\" sizes=\"(max-width: 900px) 100vw, 900px\" srcset=\"https:\/\/www.cidadesemfoco.com\/wp-content\/uploads\/2023\/08\/IMG_5716.jpg 900w, https:\/\/www.cidadesemfoco.com\/wp-content\/uploads\/2023\/08\/IMG_5716-300x200.jpg 300w, https:\/\/www.cidadesemfoco.com\/wp-content\/uploads\/2023\/08\/IMG_5716-768x512.jpg 768w, https:\/\/www.cidadesemfoco.com\/wp-content\/uploads\/2023\/08\/IMG_5716-480x320.jpg 480w, https:\/\/www.cidadesemfoco.com\/wp-content\/uploads\/2023\/08\/IMG_5716-280x186.jpg 280w, https:\/\/www.cidadesemfoco.com\/wp-content\/uploads\/2023\/08\/IMG_5716-600x400.jpg 600w, https:\/\/www.cidadesemfoco.com\/wp-content\/uploads\/2023\/08\/IMG_5716-585x390.jpg 585w\" alt=\"\" width=\"900\" height=\"600\" \/><\/a><\/div>\n<\/figure>\n<figure class=\"gallery-item\">\n<div class=\"gallery-icon landscape\"><a href=\"https:\/\/www.cidadesemfoco.com\/com-o-placar-de-4-a-1-jacobina-vence-curral-novo-do-piaui-na-disputa-pela-copa-amvi-veja-fotos\/img_5717-2\/\"><img loading=\"lazy\" decoding=\"async\" class=\"attachment-full size-full\" src=\"https:\/\/www.cidadesemfoco.com\/wp-content\/uploads\/2023\/08\/IMG_5717.jpg\" sizes=\"(max-width: 900px) 100vw, 900px\" srcset=\"https:\/\/www.cidadesemfoco.com\/wp-content\/uploads\/2023\/08\/IMG_5717.jpg 900w, https:\/\/www.cidadesemfoco.com\/wp-content\/uploads\/2023\/08\/IMG_5717-300x200.jpg 300w, https:\/\/www.cidadesemfoco.com\/wp-content\/uploads\/2023\/08\/IMG_5717-768x512.jpg 768w, https:\/\/www.cidadesemfoco.com\/wp-content\/uploads\/2023\/08\/IMG_5717-480x320.jpg 480w, https:\/\/www.cidadesemfoco.com\/wp-content\/uploads\/2023\/08\/IMG_5717-280x186.jpg 280w, https:\/\/www.cidadesemfoco.com\/wp-content\/uploads\/2023\/08\/IMG_5717-600x400.jpg 600w, https:\/\/www.cidadesemfoco.com\/wp-content\/uploads\/2023\/08\/IMG_5717-585x390.jpg 585w\" alt=\"\" width=\"900\" height=\"600\" \/><\/a><\/div>\n<\/figure>\n<figure class=\"gallery-item\">\n<div class=\"gallery-icon landscape\"><a href=\"https:\/\/www.cidadesemfoco.com\/com-o-placar-de-4-a-1-jacobina-vence-curral-novo-do-piaui-na-disputa-pela-copa-amvi-veja-fotos\/img_5719-3\/\"><img loading=\"lazy\" decoding=\"async\" class=\"attachment-full size-full\" src=\"https:\/\/www.cidadesemfoco.com\/wp-content\/uploads\/2023\/08\/IMG_5719.jpg\" sizes=\"(max-width: 900px) 100vw, 900px\" srcset=\"https:\/\/www.cidadesemfoco.com\/wp-content\/uploads\/2023\/08\/IMG_5719.jpg 900w, https:\/\/www.cidadesemfoco.com\/wp-content\/uploads\/2023\/08\/IMG_5719-300x200.jpg 300w, https:\/\/www.cidadesemfoco.com\/wp-content\/uploads\/2023\/08\/IMG_5719-768x512.jpg 768w, https:\/\/www.cidadesemfoco.com\/wp-content\/uploads\/2023\/08\/IMG_5719-480x320.jpg 480w, https:\/\/www.cidadesemfoco.com\/wp-content\/uploads\/2023\/08\/IMG_5719-280x186.jpg 280w, https:\/\/www.cidadesemfoco.com\/wp-content\/uploads\/2023\/08\/IMG_5719-600x400.jpg 600w, https:\/\/www.cidadesemfoco.com\/wp-content\/uploads\/2023\/08\/IMG_5719-585x390.jpg 585w\" alt=\"\" width=\"900\" height=\"600\" \/><\/a><\/div>\n<\/figure>\n<figure class=\"gallery-item\">\n<div class=\"gallery-icon landscape\"><a href=\"https:\/\/www.cidadesemfoco.com\/com-o-placar-de-4-a-1-jacobina-vence-curral-novo-do-piaui-na-disputa-pela-copa-amvi-veja-fotos\/img_5722-6\/\"><img loading=\"lazy\" decoding=\"async\" class=\"attachment-full size-full\" src=\"https:\/\/www.cidadesemfoco.com\/wp-content\/uploads\/2023\/08\/IMG_5722.jpg\" sizes=\"(max-width: 900px) 100vw, 900px\" srcset=\"https:\/\/www.cidadesemfoco.com\/wp-content\/uploads\/2023\/08\/IMG_5722.jpg 900w, https:\/\/www.cidadesemfoco.com\/wp-content\/uploads\/2023\/08\/IMG_5722-300x200.jpg 300w, https:\/\/www.cidadesemfoco.com\/wp-content\/uploads\/2023\/08\/IMG_5722-768x512.jpg 768w, https:\/\/www.cidadesemfoco.com\/wp-content\/uploads\/2023\/08\/IMG_5722-480x320.jpg 480w, https:\/\/www.cidadesemfoco.com\/wp-content\/uploads\/2023\/08\/IMG_5722-280x186.jpg 280w, https:\/\/www.cidadesemfoco.com\/wp-content\/uploads\/2023\/08\/IMG_5722-600x400.jpg 600w, https:\/\/www.cidadesemfoco.com\/wp-content\/uploads\/2023\/08\/IMG_5722-585x390.jpg 585w\" alt=\"\" width=\"900\" height=\"600\" \/><\/a><\/div>\n<\/figure>\n<figure class=\"gallery-item\">\n<div class=\"gallery-icon landscape\"><a href=\"https:\/\/www.cidadesemfoco.com\/com-o-placar-de-4-a-1-jacobina-vence-curral-novo-do-piaui-na-disputa-pela-copa-amvi-veja-fotos\/img_5723-2\/\"><img loading=\"lazy\" decoding=\"async\" class=\"attachment-full size-full\" src=\"https:\/\/www.cidadesemfoco.com\/wp-content\/uploads\/2023\/08\/IMG_5723.jpg\" sizes=\"(max-width: 900px) 100vw, 900px\" srcset=\"https:\/\/www.cidadesemfoco.com\/wp-content\/uploads\/2023\/08\/IMG_5723.jpg 900w, https:\/\/www.cidadesemfoco.com\/wp-content\/uploads\/2023\/08\/IMG_5723-300x200.jpg 300w, https:\/\/www.cidadesemfoco.com\/wp-content\/uploads\/2023\/08\/IMG_5723-768x512.jpg 768w, https:\/\/www.cidadesemfoco.com\/wp-content\/uploads\/2023\/08\/IMG_5723-480x320.jpg 480w, https:\/\/www.cidadesemfoco.com\/wp-content\/uploads\/2023\/08\/IMG_5723-280x186.jpg 280w, https:\/\/www.cidadesemfoco.com\/wp-content\/uploads\/2023\/08\/IMG_5723-600x400.jpg 600w, https:\/\/www.cidadesemfoco.com\/wp-content\/uploads\/2023\/08\/IMG_5723-585x390.jpg 585w\" alt=\"\" width=\"900\" height=\"600\" \/><\/a><\/div>\n<\/figure>\n<figure class=\"gallery-item\">\n<div class=\"gallery-icon landscape\"><a href=\"https:\/\/www.cidadesemfoco.com\/com-o-placar-de-4-a-1-jacobina-vence-curral-novo-do-piaui-na-disputa-pela-copa-amvi-veja-fotos\/img_5725-5\/\"><img loading=\"lazy\" decoding=\"async\" class=\"attachment-full size-full\" src=\"https:\/\/www.cidadesemfoco.com\/wp-content\/uploads\/2023\/08\/IMG_5725.jpg\" sizes=\"(max-width: 900px) 100vw, 900px\" srcset=\"https:\/\/www.cidadesemfoco.com\/wp-content\/uploads\/2023\/08\/IMG_5725.jpg 900w, https:\/\/www.cidadesemfoco.com\/wp-content\/uploads\/2023\/08\/IMG_5725-300x200.jpg 300w, https:\/\/www.cidadesemfoco.com\/wp-content\/uploads\/2023\/08\/IMG_5725-768x512.jpg 768w, https:\/\/www.cidadesemfoco.com\/wp-content\/uploads\/2023\/08\/IMG_5725-480x320.jpg 480w, https:\/\/www.cidadesemfoco.com\/wp-content\/uploads\/2023\/08\/IMG_5725-280x186.jpg 280w, https:\/\/www.cidadesemfoco.com\/wp-content\/uploads\/2023\/08\/IMG_5725-600x400.jpg 600w, https:\/\/www.cidadesemfoco.com\/wp-content\/uploads\/2023\/08\/IMG_5725-585x390.jpg 585w\" alt=\"\" width=\"900\" height=\"600\" \/><\/a><\/div>\n<\/figure>\n<figure class=\"gallery-item\">\n<div class=\"gallery-icon landscape\"><a href=\"https:\/\/www.cidadesemfoco.com\/com-o-placar-de-4-a-1-jacobina-vence-curral-novo-do-piaui-na-disputa-pela-copa-amvi-veja-fotos\/img_5726-4\/\"><img loading=\"lazy\" decoding=\"async\" class=\"attachment-full size-full\" src=\"https:\/\/www.cidadesemfoco.com\/wp-content\/uploads\/2023\/08\/IMG_5726.jpg\" sizes=\"(max-width: 900px) 100vw, 900px\" srcset=\"https:\/\/www.cidadesemfoco.com\/wp-content\/uploads\/2023\/08\/IMG_5726.jpg 900w, https:\/\/www.cidadesemfoco.com\/wp-content\/uploads\/2023\/08\/IMG_5726-300x200.jpg 300w, https:\/\/www.cidadesemfoco.com\/wp-content\/uploads\/2023\/08\/IMG_5726-768x512.jpg 768w, https:\/\/www.cidadesemfoco.com\/wp-content\/uploads\/2023\/08\/IMG_5726-480x320.jpg 480w, https:\/\/www.cidadesemfoco.com\/wp-content\/uploads\/2023\/08\/IMG_5726-280x186.jpg 280w, https:\/\/www.cidadesemfoco.com\/wp-content\/uploads\/2023\/08\/IMG_5726-600x400.jpg 600w, https:\/\/www.cidadesemfoco.com\/wp-content\/uploads\/2023\/08\/IMG_5726-585x390.jpg 585w\" alt=\"\" width=\"900\" height=\"600\" \/><\/a><\/div>\n<\/figure>\n<figure class=\"gallery-item\">\n<div class=\"gallery-icon landscape\"><a href=\"https:\/\/www.cidadesemfoco.com\/com-o-placar-de-4-a-1-jacobina-vence-curral-novo-do-piaui-na-disputa-pela-copa-amvi-veja-fotos\/img_5727-4\/\"><img loading=\"lazy\" decoding=\"async\" class=\"attachment-full size-full\" src=\"https:\/\/www.cidadesemfoco.com\/wp-content\/uploads\/2023\/08\/IMG_5727.jpg\" sizes=\"(max-width: 900px) 100vw, 900px\" srcset=\"https:\/\/www.cidadesemfoco.com\/wp-content\/uploads\/2023\/08\/IMG_5727.jpg 900w, https:\/\/www.cidadesemfoco.com\/wp-content\/uploads\/2023\/08\/IMG_5727-300x200.jpg 300w, https:\/\/www.cidadesemfoco.com\/wp-content\/uploads\/2023\/08\/IMG_5727-768x512.jpg 768w, https:\/\/www.cidadesemfoco.com\/wp-content\/uploads\/2023\/08\/IMG_5727-480x320.jpg 480w, https:\/\/www.cidadesemfoco.com\/wp-content\/uploads\/2023\/08\/IMG_5727-280x186.jpg 280w, https:\/\/www.cidadesemfoco.com\/wp-content\/uploads\/2023\/08\/IMG_5727-600x400.jpg 600w, https:\/\/www.cidadesemfoco.com\/wp-content\/uploads\/2023\/08\/IMG_5727-585x390.jpg 585w\" alt=\"\" width=\"900\" height=\"600\" \/><\/a><\/div>\n<\/figure>\n<figure class=\"gallery-item\">\n<div class=\"gallery-icon landscape\"><a href=\"https:\/\/www.cidadesemfoco.com\/com-o-placar-de-4-a-1-jacobina-vence-curral-novo-do-piaui-na-disputa-pela-copa-amvi-veja-fotos\/img_5732-4\/\"><img loading=\"lazy\" decoding=\"async\" class=\"attachment-full size-full\" src=\"https:\/\/www.cidadesemfoco.com\/wp-content\/uploads\/2023\/08\/IMG_5732.jpg\" sizes=\"(max-width: 900px) 100vw, 900px\" srcset=\"https:\/\/www.cidadesemfoco.com\/wp-content\/uploads\/2023\/08\/IMG_5732.jpg 900w, https:\/\/www.cidadesemfoco.com\/wp-content\/uploads\/2023\/08\/IMG_5732-300x200.jpg 300w, https:\/\/www.cidadesemfoco.com\/wp-content\/uploads\/2023\/08\/IMG_5732-768x512.jpg 768w, https:\/\/www.cidadesemfoco.com\/wp-content\/uploads\/2023\/08\/IMG_5732-480x320.jpg 480w, https:\/\/www.cidadesemfoco.com\/wp-content\/uploads\/2023\/08\/IMG_5732-280x186.jpg 280w, https:\/\/www.cidadesemfoco.com\/wp-content\/uploads\/2023\/08\/IMG_5732-600x400.jpg 600w, https:\/\/www.cidadesemfoco.com\/wp-content\/uploads\/2023\/08\/IMG_5732-585x390.jpg 585w\" alt=\"\" width=\"900\" height=\"600\" \/><\/a><\/div>\n<\/figure>\n<figure class=\"gallery-item\">\n<div class=\"gallery-icon landscape\"><a href=\"https:\/\/www.cidadesemfoco.com\/com-o-placar-de-4-a-1-jacobina-vence-curral-novo-do-piaui-na-disputa-pela-copa-amvi-veja-fotos\/img_5735-5\/\"><img loading=\"lazy\" decoding=\"async\" class=\"attachment-full size-full\" src=\"https:\/\/www.cidadesemfoco.com\/wp-content\/uploads\/2023\/08\/IMG_5735.jpg\" sizes=\"(max-width: 900px) 100vw, 900px\" srcset=\"https:\/\/www.cidadesemfoco.com\/wp-content\/uploads\/2023\/08\/IMG_5735.jpg 900w, https:\/\/www.cidadesemfoco.com\/wp-content\/uploads\/2023\/08\/IMG_5735-300x200.jpg 300w, https:\/\/www.cidadesemfoco.com\/wp-content\/uploads\/2023\/08\/IMG_5735-768x512.jpg 768w, https:\/\/www.cidadesemfoco.com\/wp-content\/uploads\/2023\/08\/IMG_5735-480x320.jpg 480w, https:\/\/www.cidadesemfoco.com\/wp-content\/uploads\/2023\/08\/IMG_5735-280x186.jpg 280w, https:\/\/www.cidadesemfoco.com\/wp-content\/uploads\/2023\/08\/IMG_5735-600x400.jpg 600w, https:\/\/www.cidadesemfoco.com\/wp-content\/uploads\/2023\/08\/IMG_5735-585x390.jpg 585w\" alt=\"\" width=\"900\" height=\"600\" \/><\/a><\/div>\n<\/figure>\n<figure class=\"gallery-item\">\n<div class=\"gallery-icon landscape\"><a href=\"https:\/\/www.cidadesemfoco.com\/com-o-placar-de-4-a-1-jacobina-vence-curral-novo-do-piaui-na-disputa-pela-copa-amvi-veja-fotos\/img_5737-5\/\"><img loading=\"lazy\" decoding=\"async\" class=\"attachment-full size-full\" src=\"https:\/\/www.cidadesemfoco.com\/wp-content\/uploads\/2023\/08\/IMG_5737.jpg\" sizes=\"(max-width: 900px) 100vw, 900px\" srcset=\"https:\/\/www.cidadesemfoco.com\/wp-content\/uploads\/2023\/08\/IMG_5737.jpg 900w, https:\/\/www.cidadesemfoco.com\/wp-content\/uploads\/2023\/08\/IMG_5737-300x200.jpg 300w, https:\/\/www.cidadesemfoco.com\/wp-content\/uploads\/2023\/08\/IMG_5737-768x512.jpg 768w, https:\/\/www.cidadesemfoco.com\/wp-content\/uploads\/2023\/08\/IMG_5737-480x320.jpg 480w, https:\/\/www.cidadesemfoco.com\/wp-content\/uploads\/2023\/08\/IMG_5737-280x186.jpg 280w, https:\/\/www.cidadesemfoco.com\/wp-content\/uploads\/2023\/08\/IMG_5737-600x400.jpg 600w, https:\/\/www.cidadesemfoco.com\/wp-content\/uploads\/2023\/08\/IMG_5737-585x390.jpg 585w\" alt=\"\" width=\"900\" height=\"600\" \/><\/a><\/div>\n<\/figure>\n<figure class=\"gallery-item\">\n<div class=\"gallery-icon landscape\"><a href=\"https:\/\/www.cidadesemfoco.com\/com-o-placar-de-4-a-1-jacobina-vence-curral-novo-do-piaui-na-disputa-pela-copa-amvi-veja-fotos\/img_5738-2\/\"><img loading=\"lazy\" decoding=\"async\" class=\"attachment-full size-full\" src=\"https:\/\/www.cidadesemfoco.com\/wp-content\/uploads\/2023\/08\/IMG_5738.jpg\" sizes=\"(max-width: 900px) 100vw, 900px\" srcset=\"https:\/\/www.cidadesemfoco.com\/wp-content\/uploads\/2023\/08\/IMG_5738.jpg 900w, https:\/\/www.cidadesemfoco.com\/wp-content\/uploads\/2023\/08\/IMG_5738-300x200.jpg 300w, https:\/\/www.cidadesemfoco.com\/wp-content\/uploads\/2023\/08\/IMG_5738-768x512.jpg 768w, https:\/\/www.cidadesemfoco.com\/wp-content\/uploads\/2023\/08\/IMG_5738-480x320.jpg 480w, https:\/\/www.cidadesemfoco.com\/wp-content\/uploads\/2023\/08\/IMG_5738-280x186.jpg 280w, https:\/\/www.cidadesemfoco.com\/wp-content\/uploads\/2023\/08\/IMG_5738-600x400.jpg 600w, https:\/\/www.cidadesemfoco.com\/wp-content\/uploads\/2023\/08\/IMG_5738-585x390.jpg 585w\" alt=\"\" width=\"900\" height=\"600\" \/><\/a><\/div>\n<\/figure>\n<figure class=\"gallery-item\">\n<div class=\"gallery-icon landscape\"><a href=\"https:\/\/www.cidadesemfoco.com\/com-o-placar-de-4-a-1-jacobina-vence-curral-novo-do-piaui-na-disputa-pela-copa-amvi-veja-fotos\/img_5741-4\/\"><img loading=\"lazy\" decoding=\"async\" class=\"attachment-full size-full\" src=\"https:\/\/www.cidadesemfoco.com\/wp-content\/uploads\/2023\/08\/IMG_5741.jpg\" sizes=\"(max-width: 900px) 100vw, 900px\" srcset=\"https:\/\/www.cidadesemfoco.com\/wp-content\/uploads\/2023\/08\/IMG_5741.jpg 900w, https:\/\/www.cidadesemfoco.com\/wp-content\/uploads\/2023\/08\/IMG_5741-300x200.jpg 300w, https:\/\/www.cidadesemfoco.com\/wp-content\/uploads\/2023\/08\/IMG_5741-768x512.jpg 768w, https:\/\/www.cidadesemfoco.com\/wp-content\/uploads\/2023\/08\/IMG_5741-480x320.jpg 480w, https:\/\/www.cidadesemfoco.com\/wp-content\/uploads\/2023\/08\/IMG_5741-280x186.jpg 280w, https:\/\/www.cidadesemfoco.com\/wp-content\/uploads\/2023\/08\/IMG_5741-600x400.jpg 600w, https:\/\/www.cidadesemfoco.com\/wp-content\/uploads\/2023\/08\/IMG_5741-585x390.jpg 585w\" alt=\"\" width=\"900\" height=\"600\" \/><\/a><\/div>\n<\/figure>\n<figure class=\"gallery-item\">\n<div class=\"gallery-icon landscape\"><a href=\"https:\/\/www.cidadesemfoco.com\/com-o-placar-de-4-a-1-jacobina-vence-curral-novo-do-piaui-na-disputa-pela-copa-amvi-veja-fotos\/img_5742-3\/\"><img loading=\"lazy\" decoding=\"async\" class=\"attachment-full size-full\" src=\"https:\/\/www.cidadesemfoco.com\/wp-content\/uploads\/2023\/08\/IMG_5742.jpg\" sizes=\"(max-width: 900px) 100vw, 900px\" srcset=\"https:\/\/www.cidadesemfoco.com\/wp-content\/uploads\/2023\/08\/IMG_5742.jpg 900w, https:\/\/www.cidadesemfoco.com\/wp-content\/uploads\/2023\/08\/IMG_5742-300x200.jpg 300w, https:\/\/www.cidadesemfoco.com\/wp-content\/uploads\/2023\/08\/IMG_5742-768x512.jpg 768w, https:\/\/www.cidadesemfoco.com\/wp-content\/uploads\/2023\/08\/IMG_5742-480x320.jpg 480w, https:\/\/www.cidadesemfoco.com\/wp-content\/uploads\/2023\/08\/IMG_5742-280x186.jpg 280w, https:\/\/www.cidadesemfoco.com\/wp-content\/uploads\/2023\/08\/IMG_5742-600x400.jpg 600w, https:\/\/www.cidadesemfoco.com\/wp-content\/uploads\/2023\/08\/IMG_5742-585x390.jpg 585w\" alt=\"\" width=\"900\" height=\"600\" \/><\/a><\/div>\n<\/figure>\n<figure class=\"gallery-item\">\n<div class=\"gallery-icon landscape\"><a href=\"https:\/\/www.cidadesemfoco.com\/com-o-placar-de-4-a-1-jacobina-vence-curral-novo-do-piaui-na-disputa-pela-copa-amvi-veja-fotos\/img_5743-4\/\"><img loading=\"lazy\" decoding=\"async\" class=\"attachment-full size-full\" src=\"https:\/\/www.cidadesemfoco.com\/wp-content\/uploads\/2023\/08\/IMG_5743.jpg\" sizes=\"(max-width: 900px) 100vw, 900px\" srcset=\"https:\/\/www.cidadesemfoco.com\/wp-content\/uploads\/2023\/08\/IMG_5743.jpg 900w, https:\/\/www.cidadesemfoco.com\/wp-content\/uploads\/2023\/08\/IMG_5743-300x200.jpg 300w, https:\/\/www.cidadesemfoco.com\/wp-content\/uploads\/2023\/08\/IMG_5743-768x512.jpg 768w, https:\/\/www.cidadesemfoco.com\/wp-content\/uploads\/2023\/08\/IMG_5743-480x320.jpg 480w, https:\/\/www.cidadesemfoco.com\/wp-content\/uploads\/2023\/08\/IMG_5743-280x186.jpg 280w, https:\/\/www.cidadesemfoco.com\/wp-content\/uploads\/2023\/08\/IMG_5743-600x400.jpg 600w, https:\/\/www.cidadesemfoco.com\/wp-content\/uploads\/2023\/08\/IMG_5743-585x390.jpg 585w\" alt=\"\" width=\"900\" height=\"600\" \/><\/a><\/div>\n<\/figure>\n<figure class=\"gallery-item\">\n<div class=\"gallery-icon landscape\"><a href=\"https:\/\/www.cidadesemfoco.com\/com-o-placar-de-4-a-1-jacobina-vence-curral-novo-do-piaui-na-disputa-pela-copa-amvi-veja-fotos\/img_5746-4\/\"><img loading=\"lazy\" decoding=\"async\" class=\"attachment-full size-full\" src=\"https:\/\/www.cidadesemfoco.com\/wp-content\/uploads\/2023\/08\/IMG_5746.jpg\" sizes=\"(max-width: 900px) 100vw, 900px\" srcset=\"https:\/\/www.cidadesemfoco.com\/wp-content\/uploads\/2023\/08\/IMG_5746.jpg 900w, https:\/\/www.cidadesemfoco.com\/wp-content\/uploads\/2023\/08\/IMG_5746-300x200.jpg 300w, https:\/\/www.cidadesemfoco.com\/wp-content\/uploads\/2023\/08\/IMG_5746-768x512.jpg 768w, https:\/\/www.cidadesemfoco.com\/wp-content\/uploads\/2023\/08\/IMG_5746-480x320.jpg 480w, https:\/\/www.cidadesemfoco.com\/wp-content\/uploads\/2023\/08\/IMG_5746-280x186.jpg 280w, https:\/\/www.cidadesemfoco.com\/wp-content\/uploads\/2023\/08\/IMG_5746-600x400.jpg 600w, https:\/\/www.cidadesemfoco.com\/wp-content\/uploads\/2023\/08\/IMG_5746-585x390.jpg 585w\" alt=\"\" width=\"900\" height=\"600\" \/><\/a><\/div>\n<\/figure>\n<figure class=\"gallery-item\">\n<div class=\"gallery-icon landscape\"><a href=\"https:\/\/www.cidadesemfoco.com\/com-o-placar-de-4-a-1-jacobina-vence-curral-novo-do-piaui-na-disputa-pela-copa-amvi-veja-fotos\/img_5749-5\/\"><img loading=\"lazy\" decoding=\"async\" class=\"attachment-full size-full\" src=\"https:\/\/www.cidadesemfoco.com\/wp-content\/uploads\/2023\/08\/IMG_5749.jpg\" sizes=\"(max-width: 900px) 100vw, 900px\" srcset=\"https:\/\/www.cidadesemfoco.com\/wp-content\/uploads\/2023\/08\/IMG_5749.jpg 900w, https:\/\/www.cidadesemfoco.com\/wp-content\/uploads\/2023\/08\/IMG_5749-300x200.jpg 300w, https:\/\/www.cidadesemfoco.com\/wp-content\/uploads\/2023\/08\/IMG_5749-768x512.jpg 768w, https:\/\/www.cidadesemfoco.com\/wp-content\/uploads\/2023\/08\/IMG_5749-480x320.jpg 480w, https:\/\/www.cidadesemfoco.com\/wp-content\/uploads\/2023\/08\/IMG_5749-280x186.jpg 280w, https:\/\/www.cidadesemfoco.com\/wp-content\/uploads\/2023\/08\/IMG_5749-600x400.jpg 600w, https:\/\/www.cidadesemfoco.com\/wp-content\/uploads\/2023\/08\/IMG_5749-585x390.jpg 585w\" alt=\"\" width=\"900\" height=\"600\" \/><\/a><\/div>\n<\/figure>\n<figure class=\"gallery-item\">\n<div class=\"gallery-icon landscape\"><a href=\"https:\/\/www.cidadesemfoco.com\/com-o-placar-de-4-a-1-jacobina-vence-curral-novo-do-piaui-na-disputa-pela-copa-amvi-veja-fotos\/img_5750-2\/\"><img loading=\"lazy\" decoding=\"async\" class=\"attachment-full size-full\" src=\"https:\/\/www.cidadesemfoco.com\/wp-content\/uploads\/2023\/08\/IMG_5750.jpg\" sizes=\"(max-width: 900px) 100vw, 900px\" srcset=\"https:\/\/www.cidadesemfoco.com\/wp-content\/uploads\/2023\/08\/IMG_5750.jpg 900w, https:\/\/www.cidadesemfoco.com\/wp-content\/uploads\/2023\/08\/IMG_5750-300x200.jpg 300w, https:\/\/www.cidadesemfoco.com\/wp-content\/uploads\/2023\/08\/IMG_5750-768x512.jpg 768w, https:\/\/www.cidadesemfoco.com\/wp-content\/uploads\/2023\/08\/IMG_5750-480x320.jpg 480w, https:\/\/www.cidadesemfoco.com\/wp-content\/uploads\/2023\/08\/IMG_5750-280x186.jpg 280w, https:\/\/www.cidadesemfoco.com\/wp-content\/uploads\/2023\/08\/IMG_5750-600x400.jpg 600w, https:\/\/www.cidadesemfoco.com\/wp-content\/uploads\/2023\/08\/IMG_5750-585x390.jpg 585w\" alt=\"\" width=\"900\" height=\"600\" \/><\/a><\/div>\n<\/figure>\n<figure class=\"gallery-item\">\n<div class=\"gallery-icon landscape\"><a href=\"https:\/\/www.cidadesemfoco.com\/com-o-placar-de-4-a-1-jacobina-vence-curral-novo-do-piaui-na-disputa-pela-copa-amvi-veja-fotos\/img_5751-5\/\"><img loading=\"lazy\" decoding=\"async\" class=\"attachment-full size-full\" src=\"https:\/\/www.cidadesemfoco.com\/wp-content\/uploads\/2023\/08\/IMG_5751.jpg\" sizes=\"(max-width: 900px) 100vw, 900px\" srcset=\"https:\/\/www.cidadesemfoco.com\/wp-content\/uploads\/2023\/08\/IMG_5751.jpg 900w, https:\/\/www.cidadesemfoco.com\/wp-content\/uploads\/2023\/08\/IMG_5751-300x200.jpg 300w, https:\/\/www.cidadesemfoco.com\/wp-content\/uploads\/2023\/08\/IMG_5751-768x512.jpg 768w, https:\/\/www.cidadesemfoco.com\/wp-content\/uploads\/2023\/08\/IMG_5751-480x320.jpg 480w, https:\/\/www.cidadesemfoco.com\/wp-content\/uploads\/2023\/08\/IMG_5751-280x186.jpg 280w, https:\/\/www.cidadesemfoco.com\/wp-content\/uploads\/2023\/08\/IMG_5751-600x400.jpg 600w, https:\/\/www.cidadesemfoco.com\/wp-content\/uploads\/2023\/08\/IMG_5751-585x390.jpg 585w\" alt=\"\" width=\"900\" height=\"600\" \/><\/a><\/div>\n<\/figure>\n<figure class=\"gallery-item\">\n<div class=\"gallery-icon landscape\"><a href=\"https:\/\/www.cidadesemfoco.com\/com-o-placar-de-4-a-1-jacobina-vence-curral-novo-do-piaui-na-disputa-pela-copa-amvi-veja-fotos\/img_5752-3\/\"><img decoding=\"async\" class=\"attachment-full size-full\" src=\"https:\/\/www.cidadesemfoco.com\/wp-content\/uploads\/2023\/08\/IMG_5752.jpg\" sizes=\"(max-width: 900px) 100vw, 900px\" srcset=\"https:\/\/www.cidadesemfoco.com\/wp-content\/uploads\/2023\/08\/IMG_5752.jpg 900w, https:\/\/www.cidadesemfoco.com\/wp-content\/uploads\/2023\/08\/IMG_5752-300x200.jpg 300w, https:\/\/www.cidadesemfoco.com\/wp-content\/uploads\/2023\/08\/IMG_5752-768x512.jpg 768w, https:\/\/www.cidadesemfoco.com\/wp-content\/uploads\/2023\/08\/IMG_5752-480x320.jpg 480w, https:\/\/www.cidadesemfoco.com\/wp-content\/uploads\/2023\/08\/IMG_5752-280x186.jpg 280w, https:\/\/www.cidadesemfoco.com\/wp-content\/uploads\/2023\/08\/IMG_5752-600x400.jpg 600w, https:\/\/www.cidadesemfoco.com\/wp-content\/uploads\/2023\/08\/IMG_5752-585x390.jpg 585w\" alt=\"\" width=\"900\" height=\"600\" \/><\/a><\/div>\n<\/figure>\n<figure class=\"gallery-item\">\n<div class=\"gallery-icon landscape\"><a href=\"https:\/\/www.cidadesemfoco.com\/com-o-placar-de-4-a-1-jacobina-vence-curral-novo-do-piaui-na-disputa-pela-copa-amvi-veja-fotos\/img_5754-3\/\"><img loading=\"lazy\" decoding=\"async\" class=\"attachment-full size-full\" src=\"https:\/\/www.cidadesemfoco.com\/wp-content\/uploads\/2023\/08\/IMG_5754.jpg\" sizes=\"(max-width: 900px) 100vw, 900px\" srcset=\"https:\/\/www.cidadesemfoco.com\/wp-content\/uploads\/2023\/08\/IMG_5754.jpg 900w, https:\/\/www.cidadesemfoco.com\/wp-content\/uploads\/2023\/08\/IMG_5754-300x200.jpg 300w, https:\/\/www.cidadesemfoco.com\/wp-content\/uploads\/2023\/08\/IMG_5754-768x512.jpg 768w, https:\/\/www.cidadesemfoco.com\/wp-content\/uploads\/2023\/08\/IMG_5754-480x320.jpg 480w, https:\/\/www.cidadesemfoco.com\/wp-content\/uploads\/2023\/08\/IMG_5754-280x186.jpg 280w, https:\/\/www.cidadesemfoco.com\/wp-content\/uploads\/2023\/08\/IMG_5754-600x400.jpg 600w, https:\/\/www.cidadesemfoco.com\/wp-content\/uploads\/2023\/08\/IMG_5754-585x390.jpg 585w\" alt=\"\" width=\"900\" height=\"600\" \/><\/a><\/div>\n<\/figure>\n<figure class=\"gallery-item\">\n<div class=\"gallery-icon landscape\"><a href=\"https:\/\/www.cidadesemfoco.com\/com-o-placar-de-4-a-1-jacobina-vence-curral-novo-do-piaui-na-disputa-pela-copa-amvi-veja-fotos\/img_5756-3\/\"><img loading=\"lazy\" decoding=\"async\" class=\"attachment-full size-full\" src=\"https:\/\/www.cidadesemfoco.com\/wp-content\/uploads\/2023\/08\/IMG_5756.jpg\" sizes=\"(max-width: 900px) 100vw, 900px\" srcset=\"https:\/\/www.cidadesemfoco.com\/wp-content\/uploads\/2023\/08\/IMG_5756.jpg 900w, https:\/\/www.cidadesemfoco.com\/wp-content\/uploads\/2023\/08\/IMG_5756-300x200.jpg 300w, https:\/\/www.cidadesemfoco.com\/wp-content\/uploads\/2023\/08\/IMG_5756-768x512.jpg 768w, https:\/\/www.cidadesemfoco.com\/wp-content\/uploads\/2023\/08\/IMG_5756-480x320.jpg 480w, https:\/\/www.cidadesemfoco.com\/wp-content\/uploads\/2023\/08\/IMG_5756-280x186.jpg 280w, https:\/\/www.cidadesemfoco.com\/wp-content\/uploads\/2023\/08\/IMG_5756-600x400.jpg 600w, https:\/\/www.cidadesemfoco.com\/wp-content\/uploads\/2023\/08\/IMG_5756-585x390.jpg 585w\" alt=\"\" width=\"900\" height=\"600\" \/><\/a><\/div>\n<\/figure>\n<figure class=\"gallery-item\">\n<div class=\"gallery-icon landscape\"><a href=\"https:\/\/www.cidadesemfoco.com\/com-o-placar-de-4-a-1-jacobina-vence-curral-novo-do-piaui-na-disputa-pela-copa-amvi-veja-fotos\/img_5757-4\/\"><img loading=\"lazy\" decoding=\"async\" class=\"attachment-full size-full\" src=\"https:\/\/www.cidadesemfoco.com\/wp-content\/uploads\/2023\/08\/IMG_5757.jpg\" sizes=\"(max-width: 900px) 100vw, 900px\" srcset=\"https:\/\/www.cidadesemfoco.com\/wp-content\/uploads\/2023\/08\/IMG_5757.jpg 900w, https:\/\/www.cidadesemfoco.com\/wp-content\/uploads\/2023\/08\/IMG_5757-300x200.jpg 300w, https:\/\/www.cidadesemfoco.com\/wp-content\/uploads\/2023\/08\/IMG_5757-768x512.jpg 768w, https:\/\/www.cidadesemfoco.com\/wp-content\/uploads\/2023\/08\/IMG_5757-480x320.jpg 480w, https:\/\/www.cidadesemfoco.com\/wp-content\/uploads\/2023\/08\/IMG_5757-280x186.jpg 280w, https:\/\/www.cidadesemfoco.com\/wp-content\/uploads\/2023\/08\/IMG_5757-600x400.jpg 600w, https:\/\/www.cidadesemfoco.com\/wp-content\/uploads\/2023\/08\/IMG_5757-585x390.jpg 585w\" alt=\"\" width=\"900\" height=\"600\" \/><\/a><\/div>\n<\/figure>\n<figure class=\"gallery-item\">\n<div class=\"gallery-icon landscape\"><a href=\"https:\/\/www.cidadesemfoco.com\/com-o-placar-de-4-a-1-jacobina-vence-curral-novo-do-piaui-na-disputa-pela-copa-amvi-veja-fotos\/img_5760-4\/\"><img loading=\"lazy\" decoding=\"async\" class=\"attachment-full size-full\" src=\"https:\/\/www.cidadesemfoco.com\/wp-content\/uploads\/2023\/08\/IMG_5760.jpg\" sizes=\"(max-width: 900px) 100vw, 900px\" srcset=\"https:\/\/www.cidadesemfoco.com\/wp-content\/uploads\/2023\/08\/IMG_5760.jpg 900w, https:\/\/www.cidadesemfoco.com\/wp-content\/uploads\/2023\/08\/IMG_5760-300x200.jpg 300w, https:\/\/www.cidadesemfoco.com\/wp-content\/uploads\/2023\/08\/IMG_5760-768x512.jpg 768w, https:\/\/www.cidadesemfoco.com\/wp-content\/uploads\/2023\/08\/IMG_5760-480x320.jpg 480w, https:\/\/www.cidadesemfoco.com\/wp-content\/uploads\/2023\/08\/IMG_5760-280x186.jpg 280w, https:\/\/www.cidadesemfoco.com\/wp-content\/uploads\/2023\/08\/IMG_5760-600x400.jpg 600w, https:\/\/www.cidadesemfoco.com\/wp-content\/uploads\/2023\/08\/IMG_5760-585x390.jpg 585w\" alt=\"\" width=\"900\" height=\"600\" \/><\/a><\/div>\n<\/figure>\n<figure class=\"gallery-item\">\n<div class=\"gallery-icon landscape\"><a href=\"https:\/\/www.cidadesemfoco.com\/com-o-placar-de-4-a-1-jacobina-vence-curral-novo-do-piaui-na-disputa-pela-copa-amvi-veja-fotos\/img_5761-3\/\"><img loading=\"lazy\" decoding=\"async\" class=\"attachment-full size-full\" src=\"https:\/\/www.cidadesemfoco.com\/wp-content\/uploads\/2023\/08\/IMG_5761.jpg\" sizes=\"(max-width: 900px) 100vw, 900px\" srcset=\"https:\/\/www.cidadesemfoco.com\/wp-content\/uploads\/2023\/08\/IMG_5761.jpg 900w, https:\/\/www.cidadesemfoco.com\/wp-content\/uploads\/2023\/08\/IMG_5761-300x200.jpg 300w, https:\/\/www.cidadesemfoco.com\/wp-content\/uploads\/2023\/08\/IMG_5761-768x512.jpg 768w, https:\/\/www.cidadesemfoco.com\/wp-content\/uploads\/2023\/08\/IMG_5761-480x320.jpg 480w, https:\/\/www.cidadesemfoco.com\/wp-content\/uploads\/2023\/08\/IMG_5761-280x186.jpg 280w, https:\/\/www.cidadesemfoco.com\/wp-content\/uploads\/2023\/08\/IMG_5761-600x400.jpg 600w, https:\/\/www.cidadesemfoco.com\/wp-content\/uploads\/2023\/08\/IMG_5761-585x390.jpg 585w\" alt=\"\" width=\"900\" height=\"600\" \/><\/a><\/div>\n<\/figure>\n<figure class=\"gallery-item\">\n<div class=\"gallery-icon landscape\"><a href=\"https:\/\/www.cidadesemfoco.com\/com-o-placar-de-4-a-1-jacobina-vence-curral-novo-do-piaui-na-disputa-pela-copa-amvi-veja-fotos\/img_5763-4\/\"><img loading=\"lazy\" decoding=\"async\" class=\"attachment-full size-full\" src=\"https:\/\/www.cidadesemfoco.com\/wp-content\/uploads\/2023\/08\/IMG_5763.jpg\" sizes=\"(max-width: 900px) 100vw, 900px\" srcset=\"https:\/\/www.cidadesemfoco.com\/wp-content\/uploads\/2023\/08\/IMG_5763.jpg 900w, https:\/\/www.cidadesemfoco.com\/wp-content\/uploads\/2023\/08\/IMG_5763-300x200.jpg 300w, https:\/\/www.cidadesemfoco.com\/wp-content\/uploads\/2023\/08\/IMG_5763-768x512.jpg 768w, https:\/\/www.cidadesemfoco.com\/wp-content\/uploads\/2023\/08\/IMG_5763-480x320.jpg 480w, https:\/\/www.cidadesemfoco.com\/wp-content\/uploads\/2023\/08\/IMG_5763-280x186.jpg 280w, https:\/\/www.cidadesemfoco.com\/wp-content\/uploads\/2023\/08\/IMG_5763-600x400.jpg 600w, https:\/\/www.cidadesemfoco.com\/wp-content\/uploads\/2023\/08\/IMG_5763-585x390.jpg 585w\" alt=\"\" width=\"900\" height=\"600\" \/><\/a><\/div>\n<\/figure>\n<figure class=\"gallery-item\">\n<div class=\"gallery-icon landscape\"><a href=\"https:\/\/www.cidadesemfoco.com\/com-o-placar-de-4-a-1-jacobina-vence-curral-novo-do-piaui-na-disputa-pela-copa-amvi-veja-fotos\/img_5765-5\/\"><img loading=\"lazy\" decoding=\"async\" class=\"attachment-full size-full\" src=\"https:\/\/www.cidadesemfoco.com\/wp-content\/uploads\/2023\/08\/IMG_5765.jpg\" sizes=\"(max-width: 900px) 100vw, 900px\" srcset=\"https:\/\/www.cidadesemfoco.com\/wp-content\/uploads\/2023\/08\/IMG_5765.jpg 900w, https:\/\/www.cidadesemfoco.com\/wp-content\/uploads\/2023\/08\/IMG_5765-300x200.jpg 300w, https:\/\/www.cidadesemfoco.com\/wp-content\/uploads\/2023\/08\/IMG_5765-768x512.jpg 768w, https:\/\/www.cidadesemfoco.com\/wp-content\/uploads\/2023\/08\/IMG_5765-480x320.jpg 480w, https:\/\/www.cidadesemfoco.com\/wp-content\/uploads\/2023\/08\/IMG_5765-280x186.jpg 280w, https:\/\/www.cidadesemfoco.com\/wp-content\/uploads\/2023\/08\/IMG_5765-600x400.jpg 600w, https:\/\/www.cidadesemfoco.com\/wp-content\/uploads\/2023\/08\/IMG_5765-585x390.jpg 585w\" alt=\"\" width=\"900\" height=\"600\" \/><\/a><\/div>\n<\/figure>\n<figure class=\"gallery-item\">\n<div class=\"gallery-icon landscape\"><a href=\"https:\/\/www.cidadesemfoco.com\/com-o-placar-de-4-a-1-jacobina-vence-curral-novo-do-piaui-na-disputa-pela-copa-amvi-veja-fotos\/img_5768-3\/\"><img loading=\"lazy\" decoding=\"async\" class=\"attachment-full size-full\" src=\"https:\/\/www.cidadesemfoco.com\/wp-content\/uploads\/2023\/08\/IMG_5768.jpg\" sizes=\"(max-width: 900px) 100vw, 900px\" srcset=\"https:\/\/www.cidadesemfoco.com\/wp-content\/uploads\/2023\/08\/IMG_5768.jpg 900w, https:\/\/www.cidadesemfoco.com\/wp-content\/uploads\/2023\/08\/IMG_5768-300x200.jpg 300w, https:\/\/www.cidadesemfoco.com\/wp-content\/uploads\/2023\/08\/IMG_5768-768x512.jpg 768w, https:\/\/www.cidadesemfoco.com\/wp-content\/uploads\/2023\/08\/IMG_5768-480x320.jpg 480w, https:\/\/www.cidadesemfoco.com\/wp-content\/uploads\/2023\/08\/IMG_5768-280x186.jpg 280w, https:\/\/www.cidadesemfoco.com\/wp-content\/uploads\/2023\/08\/IMG_5768-600x400.jpg 600w, https:\/\/www.cidadesemfoco.com\/wp-content\/uploads\/2023\/08\/IMG_5768-585x390.jpg 585w\" alt=\"\" width=\"900\" height=\"600\" \/><\/a><\/div>\n<\/figure>\n<figure class=\"gallery-item\">\n<div class=\"gallery-icon landscape\"><a href=\"https:\/\/www.cidadesemfoco.com\/com-o-placar-de-4-a-1-jacobina-vence-curral-novo-do-piaui-na-disputa-pela-copa-amvi-veja-fotos\/img_5770-4\/\"><img loading=\"lazy\" decoding=\"async\" class=\"attachment-full size-full\" src=\"https:\/\/www.cidadesemfoco.com\/wp-content\/uploads\/2023\/08\/IMG_5770.jpg\" sizes=\"(max-width: 900px) 100vw, 900px\" srcset=\"https:\/\/www.cidadesemfoco.com\/wp-content\/uploads\/2023\/08\/IMG_5770.jpg 900w, https:\/\/www.cidadesemfoco.com\/wp-content\/uploads\/2023\/08\/IMG_5770-300x200.jpg 300w, https:\/\/www.cidadesemfoco.com\/wp-content\/uploads\/2023\/08\/IMG_5770-768x512.jpg 768w, https:\/\/www.cidadesemfoco.com\/wp-content\/uploads\/2023\/08\/IMG_5770-480x320.jpg 480w, https:\/\/www.cidadesemfoco.com\/wp-content\/uploads\/2023\/08\/IMG_5770-280x186.jpg 280w, https:\/\/www.cidadesemfoco.com\/wp-content\/uploads\/2023\/08\/IMG_5770-600x400.jpg 600w, https:\/\/www.cidadesemfoco.com\/wp-content\/uploads\/2023\/08\/IMG_5770-585x390.jpg 585w\" alt=\"\" width=\"900\" height=\"600\" \/><\/a><\/div>\n<\/figure>\n<figure class=\"gallery-item\">\n<div class=\"gallery-icon landscape\"><a href=\"https:\/\/www.cidadesemfoco.com\/com-o-placar-de-4-a-1-jacobina-vence-curral-novo-do-piaui-na-disputa-pela-copa-amvi-veja-fotos\/img_5772-3\/\"><img loading=\"lazy\" decoding=\"async\" class=\"attachment-full size-full\" src=\"https:\/\/www.cidadesemfoco.com\/wp-content\/uploads\/2023\/08\/IMG_5772.jpg\" sizes=\"(max-width: 900px) 100vw, 900px\" srcset=\"https:\/\/www.cidadesemfoco.com\/wp-content\/uploads\/2023\/08\/IMG_5772.jpg 900w, https:\/\/www.cidadesemfoco.com\/wp-content\/uploads\/2023\/08\/IMG_5772-300x200.jpg 300w, https:\/\/www.cidadesemfoco.com\/wp-content\/uploads\/2023\/08\/IMG_5772-768x512.jpg 768w, https:\/\/www.cidadesemfoco.com\/wp-content\/uploads\/2023\/08\/IMG_5772-480x320.jpg 480w, https:\/\/www.cidadesemfoco.com\/wp-content\/uploads\/2023\/08\/IMG_5772-280x186.jpg 280w, https:\/\/www.cidadesemfoco.com\/wp-content\/uploads\/2023\/08\/IMG_5772-600x400.jpg 600w, https:\/\/www.cidadesemfoco.com\/wp-content\/uploads\/2023\/08\/IMG_5772-585x390.jpg 585w\" alt=\"\" width=\"900\" height=\"600\" \/><\/a><\/div>\n<\/figure>\n<figure class=\"gallery-item\">\n<div class=\"gallery-icon landscape\"><a href=\"https:\/\/www.cidadesemfoco.com\/com-o-placar-de-4-a-1-jacobina-vence-curral-novo-do-piaui-na-disputa-pela-copa-amvi-veja-fotos\/img_5773-5\/\"><img loading=\"lazy\" decoding=\"async\" class=\"attachment-full size-full\" src=\"https:\/\/www.cidadesemfoco.com\/wp-content\/uploads\/2023\/08\/IMG_5773.jpg\" sizes=\"(max-width: 900px) 100vw, 900px\" srcset=\"https:\/\/www.cidadesemfoco.com\/wp-content\/uploads\/2023\/08\/IMG_5773.jpg 900w, https:\/\/www.cidadesemfoco.com\/wp-content\/uploads\/2023\/08\/IMG_5773-300x200.jpg 300w, https:\/\/www.cidadesemfoco.com\/wp-content\/uploads\/2023\/08\/IMG_5773-768x512.jpg 768w, https:\/\/www.cidadesemfoco.com\/wp-content\/uploads\/2023\/08\/IMG_5773-480x320.jpg 480w, https:\/\/www.cidadesemfoco.com\/wp-content\/uploads\/2023\/08\/IMG_5773-280x186.jpg 280w, https:\/\/www.cidadesemfoco.com\/wp-content\/uploads\/2023\/08\/IMG_5773-600x400.jpg 600w, https:\/\/www.cidadesemfoco.com\/wp-content\/uploads\/2023\/08\/IMG_5773-585x390.jpg 585w\" alt=\"\" width=\"900\" height=\"600\" \/><\/a><\/div>\n<\/figure>\n<figure class=\"gallery-item\">\n<div class=\"gallery-icon landscape\"><a href=\"https:\/\/www.cidadesemfoco.com\/com-o-placar-de-4-a-1-jacobina-vence-curral-novo-do-piaui-na-disputa-pela-copa-amvi-veja-fotos\/img_5776-4\/\"><img loading=\"lazy\" decoding=\"async\" class=\"attachment-full size-full\" src=\"https:\/\/www.cidadesemfoco.com\/wp-content\/uploads\/2023\/08\/IMG_5776.jpg\" sizes=\"(max-width: 900px) 100vw, 900px\" srcset=\"https:\/\/www.cidadesemfoco.com\/wp-content\/uploads\/2023\/08\/IMG_5776.jpg 900w, https:\/\/www.cidadesemfoco.com\/wp-content\/uploads\/2023\/08\/IMG_5776-300x200.jpg 300w, https:\/\/www.cidadesemfoco.com\/wp-content\/uploads\/2023\/08\/IMG_5776-768x512.jpg 768w, https:\/\/www.cidadesemfoco.com\/wp-content\/uploads\/2023\/08\/IMG_5776-480x320.jpg 480w, https:\/\/www.cidadesemfoco.com\/wp-content\/uploads\/2023\/08\/IMG_5776-280x186.jpg 280w, https:\/\/www.cidadesemfoco.com\/wp-content\/uploads\/2023\/08\/IMG_5776-600x400.jpg 600w, https:\/\/www.cidadesemfoco.com\/wp-content\/uploads\/2023\/08\/IMG_5776-585x390.jpg 585w\" alt=\"\" width=\"900\" height=\"600\" \/><\/a><\/div>\n<\/figure>\n<figure class=\"gallery-item\">\n<div class=\"gallery-icon landscape\"><a href=\"https:\/\/www.cidadesemfoco.com\/com-o-placar-de-4-a-1-jacobina-vence-curral-novo-do-piaui-na-disputa-pela-copa-amvi-veja-fotos\/img_5777-5\/\"><img loading=\"lazy\" decoding=\"async\" class=\"attachment-full size-full\" src=\"https:\/\/www.cidadesemfoco.com\/wp-content\/uploads\/2023\/08\/IMG_5777.jpg\" sizes=\"(max-width: 900px) 100vw, 900px\" srcset=\"https:\/\/www.cidadesemfoco.com\/wp-content\/uploads\/2023\/08\/IMG_5777.jpg 900w, https:\/\/www.cidadesemfoco.com\/wp-content\/uploads\/2023\/08\/IMG_5777-300x200.jpg 300w, https:\/\/www.cidadesemfoco.com\/wp-content\/uploads\/2023\/08\/IMG_5777-768x512.jpg 768w, https:\/\/www.cidadesemfoco.com\/wp-content\/uploads\/2023\/08\/IMG_5777-480x320.jpg 480w, https:\/\/www.cidadesemfoco.com\/wp-content\/uploads\/2023\/08\/IMG_5777-280x186.jpg 280w, https:\/\/www.cidadesemfoco.com\/wp-content\/uploads\/2023\/08\/IMG_5777-600x400.jpg 600w, https:\/\/www.cidadesemfoco.com\/wp-content\/uploads\/2023\/08\/IMG_5777-585x390.jpg 585w\" alt=\"\" width=\"900\" height=\"600\" \/><\/a><\/div>\n<\/figure>\n<figure class=\"gallery-item\">\n<div class=\"gallery-icon landscape\"><a href=\"https:\/\/www.cidadesemfoco.com\/com-o-placar-de-4-a-1-jacobina-vence-curral-novo-do-piaui-na-disputa-pela-copa-amvi-veja-fotos\/img_5779-4\/\"><img loading=\"lazy\" decoding=\"async\" class=\"attachment-full size-full\" src=\"https:\/\/www.cidadesemfoco.com\/wp-content\/uploads\/2023\/08\/IMG_5779.jpg\" sizes=\"(max-width: 900px) 100vw, 900px\" srcset=\"https:\/\/www.cidadesemfoco.com\/wp-content\/uploads\/2023\/08\/IMG_5779.jpg 900w, https:\/\/www.cidadesemfoco.com\/wp-content\/uploads\/2023\/08\/IMG_5779-300x200.jpg 300w, https:\/\/www.cidadesemfoco.com\/wp-content\/uploads\/2023\/08\/IMG_5779-768x512.jpg 768w, https:\/\/www.cidadesemfoco.com\/wp-content\/uploads\/2023\/08\/IMG_5779-480x320.jpg 480w, https:\/\/www.cidadesemfoco.com\/wp-content\/uploads\/2023\/08\/IMG_5779-280x186.jpg 280w, https:\/\/www.cidadesemfoco.com\/wp-content\/uploads\/2023\/08\/IMG_5779-600x400.jpg 600w, https:\/\/www.cidadesemfoco.com\/wp-content\/uploads\/2023\/08\/IMG_5779-585x390.jpg 585w\" alt=\"\" width=\"900\" height=\"600\" \/><\/a><\/div>\n<\/figure>\n<figure class=\"gallery-item\">\n<div class=\"gallery-icon landscape\"><a href=\"https:\/\/www.cidadesemfoco.com\/com-o-placar-de-4-a-1-jacobina-vence-curral-novo-do-piaui-na-disputa-pela-copa-amvi-veja-fotos\/img_5781-3\/\"><img loading=\"lazy\" decoding=\"async\" class=\"attachment-full size-full\" src=\"https:\/\/www.cidadesemfoco.com\/wp-content\/uploads\/2023\/08\/IMG_5781.jpg\" sizes=\"(max-width: 900px) 100vw, 900px\" srcset=\"https:\/\/www.cidadesemfoco.com\/wp-content\/uploads\/2023\/08\/IMG_5781.jpg 900w, https:\/\/www.cidadesemfoco.com\/wp-content\/uploads\/2023\/08\/IMG_5781-300x200.jpg 300w, https:\/\/www.cidadesemfoco.com\/wp-content\/uploads\/2023\/08\/IMG_5781-768x512.jpg 768w, https:\/\/www.cidadesemfoco.com\/wp-content\/uploads\/2023\/08\/IMG_5781-480x320.jpg 480w, https:\/\/www.cidadesemfoco.com\/wp-content\/uploads\/2023\/08\/IMG_5781-280x186.jpg 280w, https:\/\/www.cidadesemfoco.com\/wp-content\/uploads\/2023\/08\/IMG_5781-600x400.jpg 600w, https:\/\/www.cidadesemfoco.com\/wp-content\/uploads\/2023\/08\/IMG_5781-585x390.jpg 585w\" alt=\"\" width=\"900\" height=\"600\" \/><\/a><\/div>\n<\/figure>\n<figure class=\"gallery-item\">\n<div class=\"gallery-icon landscape\"><a href=\"https:\/\/www.cidadesemfoco.com\/com-o-placar-de-4-a-1-jacobina-vence-curral-novo-do-piaui-na-disputa-pela-copa-amvi-veja-fotos\/img_5784-3\/\"><img loading=\"lazy\" decoding=\"async\" class=\"attachment-full size-full\" src=\"https:\/\/www.cidadesemfoco.com\/wp-content\/uploads\/2023\/08\/IMG_5784.jpg\" sizes=\"(max-width: 900px) 100vw, 900px\" srcset=\"https:\/\/www.cidadesemfoco.com\/wp-content\/uploads\/2023\/08\/IMG_5784.jpg 900w, https:\/\/www.cidadesemfoco.com\/wp-content\/uploads\/2023\/08\/IMG_5784-300x200.jpg 300w, https:\/\/www.cidadesemfoco.com\/wp-content\/uploads\/2023\/08\/IMG_5784-768x512.jpg 768w, https:\/\/www.cidadesemfoco.com\/wp-content\/uploads\/2023\/08\/IMG_5784-480x320.jpg 480w, https:\/\/www.cidadesemfoco.com\/wp-content\/uploads\/2023\/08\/IMG_5784-280x186.jpg 280w, https:\/\/www.cidadesemfoco.com\/wp-content\/uploads\/2023\/08\/IMG_5784-600x400.jpg 600w, https:\/\/www.cidadesemfoco.com\/wp-content\/uploads\/2023\/08\/IMG_5784-585x390.jpg 585w\" alt=\"\" width=\"900\" height=\"600\" \/><\/a><\/div>\n<\/figure>\n<\/div>\n<\/div>\n<footer class=\"penci-entry-footer\">\n<div class=\"penci-source-via-tags-wrap\" style=\"text-align: justify;\"><\/div>\n<p><span class=\"penci-social-buttons penci-social-share-footer\"><span class=\"penci-social-share-text\">Fonte: Cidades em Foco <\/span><\/span><\/footer>\n","protected":false},"excerpt":{"rendered":"<p>&nbsp; Na tarde deste domingo (13), a Sele\u00e7\u00e3o de Jacobina do Piau\u00ed, goleou a Sele\u00e7\u00e3o de Curral Novo do Piau\u00ed, com o placar de 4\u00d71, na disputa pela Copa AMVI. O confronto aconteceu no Est\u00e1dio Municipal de Jacobina do Piau\u00ed e reuniu um grande n\u00famero de torcedores e pol\u00edticos do munic\u00edpio O jogo bem disputado, &hellip;<\/p>\n","protected":false},"author":2,"featured_media":48522,"comment_status":"open","ping_status":"open","sticky":false,"template":"","format":"standard","meta":{"content-type":"","rop_custom_images_group":[],"rop_custom_messages_group":[],"rop_publish_now":"initial","rop_publish_now_accounts":{"facebook_2648258775420054_1618374048415101":""},"rop_publish_now_history":[],"rop_publish_now_status":"pending","footnotes":"","_jetpack_memberships_contains_paid_content":false},"categories":[108,109],"tags":[14213,140],"yoast_head":"<!-- This site is optimized with the Yoast SEO plugin v22.3 - https:\/\/yoast.com\/wordpress\/plugins\/seo\/ -->\n<title>Com o placar de 4 a 1, Jacobina vence Curral Novo do Piau\u00ed na disputa pela Copa AMVI. Veja fotos! - Portal NPM<\/title>\n<meta name=\"robots\" content=\"index, follow, max-snippet:-1, max-image-preview:large, max-video-preview:-1\" \/>\n<link rel=\"canonical\" href=\"https:\/\/portalnpm.com\/index.php\/2023\/08\/14\/com-o-placar-de-4-a-1-jacobina-vence-curral-novo-do-piaui-na-disputa-pela-copa-amvi-veja-fotos\/\" \/>\n<meta property=\"og:locale\" content=\"pt_BR\" \/>\n<meta property=\"og:type\" content=\"article\" \/>\n<meta property=\"og:title\" content=\"Com o placar de 4 a 1, Jacobina vence Curral Novo do Piau\u00ed na disputa pela Copa AMVI. Veja fotos! - Portal NPM\" \/>\n<meta property=\"og:description\" content=\"&nbsp; Na tarde deste domingo (13), a Sele\u00e7\u00e3o de Jacobina do Piau\u00ed, goleou a Sele\u00e7\u00e3o de Curral Novo do Piau\u00ed, com o placar de 4\u00d71, na disputa pela Copa AMVI. O confronto aconteceu no Est\u00e1dio Municipal de Jacobina do Piau\u00ed e reuniu um grande n\u00famero de torcedores e pol\u00edticos do munic\u00edpio O jogo bem disputado, &hellip;\" \/>\n<meta property=\"og:url\" content=\"https:\/\/portalnpm.com\/index.php\/2023\/08\/14\/com-o-placar-de-4-a-1-jacobina-vence-curral-novo-do-piaui-na-disputa-pela-copa-amvi-veja-fotos\/\" \/>\n<meta property=\"og:site_name\" content=\"Portal NPM\" \/>\n<meta property=\"article:published_time\" content=\"2023-08-14T15:39:49+00:00\" \/>\n<meta name=\"author\" content=\"Genival Barbosa\" \/>\n<meta name=\"twitter:card\" content=\"summary_large_image\" \/>\n<meta name=\"twitter:label1\" content=\"Escrito por\" \/>\n\t<meta name=\"twitter:data1\" content=\"Genival Barbosa\" \/>\n\t<meta name=\"twitter:label2\" content=\"Est. tempo de leitura\" \/>\n\t<meta name=\"twitter:data2\" content=\"58 minutos\" \/>\n<script type=\"application\/ld+json\" class=\"yoast-schema-graph\">{\"@context\":\"https:\/\/schema.org\",\"@graph\":[{\"@type\":\"WebPage\",\"@id\":\"https:\/\/portalnpm.com\/index.php\/2023\/08\/14\/com-o-placar-de-4-a-1-jacobina-vence-curral-novo-do-piaui-na-disputa-pela-copa-amvi-veja-fotos\/\",\"url\":\"https:\/\/portalnpm.com\/index.php\/2023\/08\/14\/com-o-placar-de-4-a-1-jacobina-vence-curral-novo-do-piaui-na-disputa-pela-copa-amvi-veja-fotos\/\",\"name\":\"Com o placar de 4 a 1, Jacobina vence Curral Novo do Piau\u00ed na disputa pela Copa AMVI. Veja fotos! - Portal NPM\",\"isPartOf\":{\"@id\":\"https:\/\/portalnpm.com\/#website\"},\"primaryImageOfPage\":{\"@id\":\"https:\/\/portalnpm.com\/index.php\/2023\/08\/14\/com-o-placar-de-4-a-1-jacobina-vence-curral-novo-do-piaui-na-disputa-pela-copa-amvi-veja-fotos\/#primaryimage\"},\"image\":{\"@id\":\"https:\/\/portalnpm.com\/index.php\/2023\/08\/14\/com-o-placar-de-4-a-1-jacobina-vence-curral-novo-do-piaui-na-disputa-pela-copa-amvi-veja-fotos\/#primaryimage\"},\"thumbnailUrl\":\"\",\"datePublished\":\"2023-08-14T15:39:49+00:00\",\"dateModified\":\"2023-08-14T15:39:49+00:00\",\"author\":{\"@id\":\"https:\/\/portalnpm.com\/#\/schema\/person\/49313e563cfdefcc167f1ee4c017c294\"},\"breadcrumb\":{\"@id\":\"https:\/\/portalnpm.com\/index.php\/2023\/08\/14\/com-o-placar-de-4-a-1-jacobina-vence-curral-novo-do-piaui-na-disputa-pela-copa-amvi-veja-fotos\/#breadcrumb\"},\"inLanguage\":\"pt-BR\",\"potentialAction\":[{\"@type\":\"ReadAction\",\"target\":[\"https:\/\/portalnpm.com\/index.php\/2023\/08\/14\/com-o-placar-de-4-a-1-jacobina-vence-curral-novo-do-piaui-na-disputa-pela-copa-amvi-veja-fotos\/\"]}]},{\"@type\":\"ImageObject\",\"inLanguage\":\"pt-BR\",\"@id\":\"https:\/\/portalnpm.com\/index.php\/2023\/08\/14\/com-o-placar-de-4-a-1-jacobina-vence-curral-novo-do-piaui-na-disputa-pela-copa-amvi-veja-fotos\/#primaryimage\",\"url\":\"\",\"contentUrl\":\"\"},{\"@type\":\"BreadcrumbList\",\"@id\":\"https:\/\/portalnpm.com\/index.php\/2023\/08\/14\/com-o-placar-de-4-a-1-jacobina-vence-curral-novo-do-piaui-na-disputa-pela-copa-amvi-veja-fotos\/#breadcrumb\",\"itemListElement\":[{\"@type\":\"ListItem\",\"position\":1,\"name\":\"In\u00edcio\",\"item\":\"https:\/\/portalnpm.com\/\"},{\"@type\":\"ListItem\",\"position\":2,\"name\":\"Com o placar de 4 a 1, Jacobina vence Curral Novo do Piau\u00ed na disputa pela Copa AMVI. Veja fotos!\"}]},{\"@type\":\"WebSite\",\"@id\":\"https:\/\/portalnpm.com\/#website\",\"url\":\"https:\/\/portalnpm.com\/\",\"name\":\"Portal NPM\",\"description\":\"Not\u00edcias em Primeira M\u00e3o\",\"potentialAction\":[{\"@type\":\"SearchAction\",\"target\":{\"@type\":\"EntryPoint\",\"urlTemplate\":\"https:\/\/portalnpm.com\/?s={search_term_string}\"},\"query-input\":\"required name=search_term_string\"}],\"inLanguage\":\"pt-BR\"},{\"@type\":\"Person\",\"@id\":\"https:\/\/portalnpm.com\/#\/schema\/person\/49313e563cfdefcc167f1ee4c017c294\",\"name\":\"Genival Barbosa\",\"image\":{\"@type\":\"ImageObject\",\"inLanguage\":\"pt-BR\",\"@id\":\"https:\/\/portalnpm.com\/#\/schema\/person\/image\/\",\"url\":\"https:\/\/portalnpm.com\/wp-content\/uploads\/2024\/02\/avatar_user_2_1707743258-96x96.jpeg\",\"contentUrl\":\"https:\/\/portalnpm.com\/wp-content\/uploads\/2024\/02\/avatar_user_2_1707743258-96x96.jpeg\",\"caption\":\"Genival Barbosa\"},\"url\":\"https:\/\/portalnpm.com\/index.php\/author\/genival\/\"}]}<\/script>\n<!-- \/ Yoast SEO plugin. -->","yoast_head_json":{"title":"Com o placar de 4 a 1, Jacobina vence Curral Novo do Piau\u00ed na disputa pela Copa AMVI. Veja fotos! - Portal NPM","robots":{"index":"index","follow":"follow","max-snippet":"max-snippet:-1","max-image-preview":"max-image-preview:large","max-video-preview":"max-video-preview:-1"},"canonical":"https:\/\/portalnpm.com\/index.php\/2023\/08\/14\/com-o-placar-de-4-a-1-jacobina-vence-curral-novo-do-piaui-na-disputa-pela-copa-amvi-veja-fotos\/","og_locale":"pt_BR","og_type":"article","og_title":"Com o placar de 4 a 1, Jacobina vence Curral Novo do Piau\u00ed na disputa pela Copa AMVI. Veja fotos! - Portal NPM","og_description":"&nbsp; Na tarde deste domingo (13), a Sele\u00e7\u00e3o de Jacobina do Piau\u00ed, goleou a Sele\u00e7\u00e3o de Curral Novo do Piau\u00ed, com o placar de 4\u00d71, na disputa pela Copa AMVI. O confronto aconteceu no Est\u00e1dio Municipal de Jacobina do Piau\u00ed e reuniu um grande n\u00famero de torcedores e pol\u00edticos do munic\u00edpio O jogo bem disputado, &hellip;","og_url":"https:\/\/portalnpm.com\/index.php\/2023\/08\/14\/com-o-placar-de-4-a-1-jacobina-vence-curral-novo-do-piaui-na-disputa-pela-copa-amvi-veja-fotos\/","og_site_name":"Portal NPM","article_published_time":"2023-08-14T15:39:49+00:00","author":"Genival Barbosa","twitter_card":"summary_large_image","twitter_misc":{"Escrito por":"Genival Barbosa","Est. tempo de leitura":"58 minutos"},"schema":{"@context":"https:\/\/schema.org","@graph":[{"@type":"WebPage","@id":"https:\/\/portalnpm.com\/index.php\/2023\/08\/14\/com-o-placar-de-4-a-1-jacobina-vence-curral-novo-do-piaui-na-disputa-pela-copa-amvi-veja-fotos\/","url":"https:\/\/portalnpm.com\/index.php\/2023\/08\/14\/com-o-placar-de-4-a-1-jacobina-vence-curral-novo-do-piaui-na-disputa-pela-copa-amvi-veja-fotos\/","name":"Com o placar de 4 a 1, Jacobina vence Curral Novo do Piau\u00ed na disputa pela Copa AMVI. Veja fotos! - Portal NPM","isPartOf":{"@id":"https:\/\/portalnpm.com\/#website"},"primaryImageOfPage":{"@id":"https:\/\/portalnpm.com\/index.php\/2023\/08\/14\/com-o-placar-de-4-a-1-jacobina-vence-curral-novo-do-piaui-na-disputa-pela-copa-amvi-veja-fotos\/#primaryimage"},"image":{"@id":"https:\/\/portalnpm.com\/index.php\/2023\/08\/14\/com-o-placar-de-4-a-1-jacobina-vence-curral-novo-do-piaui-na-disputa-pela-copa-amvi-veja-fotos\/#primaryimage"},"thumbnailUrl":"","datePublished":"2023-08-14T15:39:49+00:00","dateModified":"2023-08-14T15:39:49+00:00","author":{"@id":"https:\/\/portalnpm.com\/#\/schema\/person\/49313e563cfdefcc167f1ee4c017c294"},"breadcrumb":{"@id":"https:\/\/portalnpm.com\/index.php\/2023\/08\/14\/com-o-placar-de-4-a-1-jacobina-vence-curral-novo-do-piaui-na-disputa-pela-copa-amvi-veja-fotos\/#breadcrumb"},"inLanguage":"pt-BR","potentialAction":[{"@type":"ReadAction","target":["https:\/\/portalnpm.com\/index.php\/2023\/08\/14\/com-o-placar-de-4-a-1-jacobina-vence-curral-novo-do-piaui-na-disputa-pela-copa-amvi-veja-fotos\/"]}]},{"@type":"ImageObject","inLanguage":"pt-BR","@id":"https:\/\/portalnpm.com\/index.php\/2023\/08\/14\/com-o-placar-de-4-a-1-jacobina-vence-curral-novo-do-piaui-na-disputa-pela-copa-amvi-veja-fotos\/#primaryimage","url":"","contentUrl":""},{"@type":"BreadcrumbList","@id":"https:\/\/portalnpm.com\/index.php\/2023\/08\/14\/com-o-placar-de-4-a-1-jacobina-vence-curral-novo-do-piaui-na-disputa-pela-copa-amvi-veja-fotos\/#breadcrumb","itemListElement":[{"@type":"ListItem","position":1,"name":"In\u00edcio","item":"https:\/\/portalnpm.com\/"},{"@type":"ListItem","position":2,"name":"Com o placar de 4 a 1, Jacobina vence Curral Novo do Piau\u00ed na disputa pela Copa AMVI. Veja fotos!"}]},{"@type":"WebSite","@id":"https:\/\/portalnpm.com\/#website","url":"https:\/\/portalnpm.com\/","name":"Portal NPM","description":"Not\u00edcias em Primeira M\u00e3o","potentialAction":[{"@type":"SearchAction","target":{"@type":"EntryPoint","urlTemplate":"https:\/\/portalnpm.com\/?s={search_term_string}"},"query-input":"required name=search_term_string"}],"inLanguage":"pt-BR"},{"@type":"Person","@id":"https:\/\/portalnpm.com\/#\/schema\/person\/49313e563cfdefcc167f1ee4c017c294","name":"Genival Barbosa","image":{"@type":"ImageObject","inLanguage":"pt-BR","@id":"https:\/\/portalnpm.com\/#\/schema\/person\/image\/","url":"https:\/\/portalnpm.com\/wp-content\/uploads\/2024\/02\/avatar_user_2_1707743258-96x96.jpeg","contentUrl":"https:\/\/portalnpm.com\/wp-content\/uploads\/2024\/02\/avatar_user_2_1707743258-96x96.jpeg","caption":"Genival Barbosa"},"url":"https:\/\/portalnpm.com\/index.php\/author\/genival\/"}]}},"jetpack_sharing_enabled":true,"jetpack_featured_media_url":"","_links":{"self":[{"href":"https:\/\/portalnpm.com\/index.php\/wp-json\/wp\/v2\/posts\/48521"}],"collection":[{"href":"https:\/\/portalnpm.com\/index.php\/wp-json\/wp\/v2\/posts"}],"about":[{"href":"https:\/\/portalnpm.com\/index.php\/wp-json\/wp\/v2\/types\/post"}],"author":[{"embeddable":true,"href":"https:\/\/portalnpm.com\/index.php\/wp-json\/wp\/v2\/users\/2"}],"replies":[{"embeddable":true,"href":"https:\/\/portalnpm.com\/index.php\/wp-json\/wp\/v2\/comments?post=48521"}],"version-history":[{"count":0,"href":"https:\/\/portalnpm.com\/index.php\/wp-json\/wp\/v2\/posts\/48521\/revisions"}],"wp:featuredmedia":[{"embeddable":true,"href":"https:\/\/portalnpm.com\/index.php\/wp-json\/"}],"wp:attachment":[{"href":"https:\/\/portalnpm.com\/index.php\/wp-json\/wp\/v2\/media?parent=48521"}],"wp:term":[{"taxonomy":"category","embeddable":true,"href":"https:\/\/portalnpm.com\/index.php\/wp-json\/wp\/v2\/categories?post=48521"},{"taxonomy":"post_tag","embeddable":true,"href":"https:\/\/portalnpm.com\/index.php\/wp-json\/wp\/v2\/tags?post=48521"}],"curies":[{"name":"wp","href":"https:\/\/api.w.org\/{rel}","templated":true}]}}