{"id":48661,"date":"2023-08-20T15:32:47","date_gmt":"2023-08-20T18:32:47","guid":{"rendered":"https:\/\/portalnpm.com\/?p=48661"},"modified":"2023-08-20T15:32:47","modified_gmt":"2023-08-20T18:32:47","slug":"com-dois-gols-de-manasses-selecao-de-jacobina-vence-patos-do-piaui-na-3a-rodada-da-copa-amvi","status":"publish","type":"post","link":"https:\/\/portalnpm.com\/index.php\/2023\/08\/20\/com-dois-gols-de-manasses-selecao-de-jacobina-vence-patos-do-piaui-na-3a-rodada-da-copa-amvi\/","title":{"rendered":"Com dois gols de Manass\u00e9s, Sele\u00e7\u00e3o de Jacobina vence Patos do Piau\u00ed na 3\u00aa rodada da Copa AMVI"},"content":{"rendered":"<div id=\"post-body\" class=\"post-body entry-content\">\n<p style=\"text-align: justify;\">Na tarde do \u00faltimo s\u00e1bado (19\/08\/2023), as Sele\u00e7\u00f5es de Patos e Jacobina do Piau\u00ed entraram em campo em partida v\u00e1lida pela terceira rodada do Grupo C da Copa AMVI 2023. O jogo foi realizado no Est\u00e1dio Municipal de Patos do Piau\u00ed.<\/p>\n<p style=\"text-align: justify;\">\n<div class=\"separator\" style=\"text-align: justify;\"><a href=\"https:\/\/blogger.googleusercontent.com\/img\/b\/R29vZ2xl\/AVvXsEhkSfeCuWAlBqRh4W9YUcThwcOPKc8D4z-K6s2t6g7jFL4r_Eu1CllVBCAupPaBxolrXuVU0O7KN33Ye80eI8uMtjsPS6P3YuCFdRbnpvtipcDoa_nXvkGqWCZCdFeqYpdBNLj3xiNkcfxVJDBanOg9iI-AgN8Nzb3UZWkivHh43MYqAGf-ESdEIPeK4Os\/s5184\/IMG_9816.JPG\"><img fetchpriority=\"high\" decoding=\"async\" src=\"https:\/\/blogger.googleusercontent.com\/img\/b\/R29vZ2xl\/AVvXsEhkSfeCuWAlBqRh4W9YUcThwcOPKc8D4z-K6s2t6g7jFL4r_Eu1CllVBCAupPaBxolrXuVU0O7KN33Ye80eI8uMtjsPS6P3YuCFdRbnpvtipcDoa_nXvkGqWCZCdFeqYpdBNLj3xiNkcfxVJDBanOg9iI-AgN8Nzb3UZWkivHh43MYqAGf-ESdEIPeK4Os\/w400-h266\/IMG_9816.JPG\" width=\"400\" height=\"266\" border=\"0\" data-original-height=\"3456\" data-original-width=\"5184\" \/><\/a><\/div>\n<p style=\"text-align: justify;\">\n<p style=\"text-align: justify;\">A Sele\u00e7\u00e3o de Jacobina do Piau\u00ed conquistou a vit\u00f3ria ainda na primeira etapa, com dois gols de Manass\u00e9s. O primeiro, ap\u00f3s cobran\u00e7a de penalidade. As redes advers\u00e1rias foram balan\u00e7adas pela segunda vez em bela cobran\u00e7a de falta. Com o apito final, mais tr\u00eas pontos para os jacobinenses, que agora est\u00e3o na vice-lideran\u00e7a do grupo.<\/p>\n<p style=\"text-align: justify;\">\n<div class=\"separator\" style=\"text-align: justify;\"><a href=\"https:\/\/blogger.googleusercontent.com\/img\/b\/R29vZ2xl\/AVvXsEirxjHaRSNIBocHEl2KFa4ushWsvJ4FwfV5JGHTshqIBVmfK8dm6tOMd6SAoWl3W-kAbPS-9K53vYS8Umab-bapafOTtqo4uVkKt1YiGO89CMCJYh0DaAbas7kBG2sAQmZvIMBJYkmnHko05oWq2zZVylR5AV0GJCr4gs36_ZYywo23P0HqsPEp1uyMHVY\/s5184\/IMG_9866.JPG\"><img decoding=\"async\" src=\"https:\/\/blogger.googleusercontent.com\/img\/b\/R29vZ2xl\/AVvXsEirxjHaRSNIBocHEl2KFa4ushWsvJ4FwfV5JGHTshqIBVmfK8dm6tOMd6SAoWl3W-kAbPS-9K53vYS8Umab-bapafOTtqo4uVkKt1YiGO89CMCJYh0DaAbas7kBG2sAQmZvIMBJYkmnHko05oWq2zZVylR5AV0GJCr4gs36_ZYywo23P0HqsPEp1uyMHVY\/w400-h266\/IMG_9866.JPG\" width=\"400\" height=\"266\" border=\"0\" data-original-height=\"3456\" data-original-width=\"5184\" \/><\/a><\/div>\n<p style=\"text-align: justify;\">\n<p style=\"text-align: justify;\">Prestigiaram a partida o Prefeito de Jacobina e Presidente da Associa\u00e7\u00e3o dos Munic\u00edpios do Vale do Itaim\u00a0Gederl\u00e2nio Rodrigues de Oliveira (GD) e a primeira-dama Ver\u00f4nica Oliveira, o Prefeito de Patos Joaquim Neto e a primeira-dama e Secret\u00e1ria Municipal de Sa\u00fade Maria Auzeni,\u00a0al\u00e9m vereadores e secret\u00e1rios municipais dos dois munic\u00edpios e centenas de torcedores.<\/p>\n<p style=\"text-align: justify;\">\n<div class=\"separator\" style=\"text-align: justify;\"><a href=\"https:\/\/blogger.googleusercontent.com\/img\/b\/R29vZ2xl\/AVvXsEjpwXppfqfBUyG0wZZ_WpOVzIEZE0Sf8WouqneJq3gusQ9e-FLckUXDo7J63dJilPN1b-kVT3Fu7h38l1IoCT0R_Gg_wYDjPNWdypE-rQrOLaRB9K062WJ_KfyVIWICNCA62CfjJawEMANNcBqTiVDYpaqyw19alXmEYcnwov6v4w9GCK08OhJEQtDe6EQ\/s5184\/IMG_9889.JPG\"><img decoding=\"async\" src=\"https:\/\/blogger.googleusercontent.com\/img\/b\/R29vZ2xl\/AVvXsEjpwXppfqfBUyG0wZZ_WpOVzIEZE0Sf8WouqneJq3gusQ9e-FLckUXDo7J63dJilPN1b-kVT3Fu7h38l1IoCT0R_Gg_wYDjPNWdypE-rQrOLaRB9K062WJ_KfyVIWICNCA62CfjJawEMANNcBqTiVDYpaqyw19alXmEYcnwov6v4w9GCK08OhJEQtDe6EQ\/w400-h266\/IMG_9889.JPG\" width=\"400\" height=\"266\" border=\"0\" data-original-height=\"3456\" data-original-width=\"5184\" \/><\/a><\/div>\n<p style=\"text-align: justify;\">\n<p style=\"text-align: justify;\"><i>&#8220;A gente fica satisfeito com a dimens\u00e3o que tomou essa competi\u00e7\u00e3o, a quantidade de torcedores no est\u00e1dio de Patos, o Prefeito Joaquim Neto vendo a popula\u00e7\u00e3o abra\u00e7ar o esporte, uma forma de descobrir atletas e despertar o interesse nas novas gera\u00e7\u00f5es. Esse \u00e9 o grande papel da AMVI, promover esse evento grandioso, movimentar a economia dos munic\u00edpios&#8221;<\/i>, ressaltou o Prefeito GD.<\/p>\n<div class=\"separator\" style=\"text-align: justify;\"><a href=\"https:\/\/blogger.googleusercontent.com\/img\/b\/R29vZ2xl\/AVvXsEghHuwGesQoox9lRrn8qArdM8aOs0PSpBMsIAPMo9zky45TZkuV8uXCbNBTjnvmsRYkH1XJqeDWX8Nytk5_AJEsZdA1z_t4Me9zNbb7VbVR95JNRK3Ss7cXnsNoxHlhsDFKFyVos0VjJdT7vsNBqFERBh9VNWT_PyxkxvIBM4AnqQ456uMFaV-Wy5d9G0o\/s5184\/IMG_9753.JPG\"><img loading=\"lazy\" decoding=\"async\" src=\"https:\/\/blogger.googleusercontent.com\/img\/b\/R29vZ2xl\/AVvXsEghHuwGesQoox9lRrn8qArdM8aOs0PSpBMsIAPMo9zky45TZkuV8uXCbNBTjnvmsRYkH1XJqeDWX8Nytk5_AJEsZdA1z_t4Me9zNbb7VbVR95JNRK3Ss7cXnsNoxHlhsDFKFyVos0VjJdT7vsNBqFERBh9VNWT_PyxkxvIBM4AnqQ456uMFaV-Wy5d9G0o\/w400-h266\/IMG_9753.JPG\" width=\"400\" height=\"266\" border=\"0\" data-original-height=\"3456\" data-original-width=\"5184\" \/><\/a><\/div>\n<p style=\"text-align: justify;\">As Sele\u00e7\u00f5es de Jacobina do Piau\u00ed e Patos do Piau\u00ed voltam a se enfrentar no pr\u00f3ximo domingo (27\/08\/2023), desta vez no Est\u00e1dio Municipal de Jacobina do Piau\u00ed, em jogo v\u00e1lido pela quarta rodada da Copa AMVI.<\/p>\n<h3 style=\"text-align: justify;\"><b><a href=\"https:\/\/drive.google.com\/drive\/folders\/1AueXIyyuGTAE-pM7FJrPNM5IcPSgQ_mH?usp=sharing\" target=\"_blank\" rel=\"noopener\">CLIQUE AQUI E VEJA TODAS AS FOTOS<\/a><\/b><\/h3>\n<\/div>\n<div id=\"after-ad\">\n<div id=\"HTML6\" class=\"widget HTML\" data-version=\"2\">\n<div class=\"widget-title\">\n<h3 class=\"title\" style=\"text-align: justify;\">Fonte: Di\u00e1rio do Itaim<\/h3>\n<\/div>\n<\/div>\n<\/div>\n","protected":false},"excerpt":{"rendered":"<p>Na tarde do \u00faltimo s\u00e1bado (19\/08\/2023), as Sele\u00e7\u00f5es de Patos e Jacobina do Piau\u00ed entraram em campo em partida v\u00e1lida pela terceira rodada do Grupo C da Copa AMVI 2023. O jogo foi realizado no Est\u00e1dio Municipal de Patos do Piau\u00ed. A Sele\u00e7\u00e3o de Jacobina do Piau\u00ed conquistou a vit\u00f3ria ainda na primeira etapa, com &hellip;<\/p>\n","protected":false},"author":2,"featured_media":48662,"comment_status":"open","ping_status":"open","sticky":false,"template":"","format":"standard","meta":{"content-type":"","rop_custom_images_group":[],"rop_custom_messages_group":[],"rop_publish_now":"initial","rop_publish_now_accounts":{"facebook_2648258775420054_1618374048415101":""},"rop_publish_now_history":[],"rop_publish_now_status":"pending","footnotes":"","_jetpack_memberships_contains_paid_content":false},"categories":[108,109],"tags":[14645,12111],"yoast_head":"<!-- This site is optimized with the Yoast SEO plugin v22.3 - https:\/\/yoast.com\/wordpress\/plugins\/seo\/ -->\n<title>Com dois gols de Manass\u00e9s, Sele\u00e7\u00e3o de Jacobina vence Patos do Piau\u00ed na 3\u00aa rodada da Copa AMVI - Portal NPM<\/title>\n<meta name=\"robots\" content=\"index, follow, max-snippet:-1, max-image-preview:large, max-video-preview:-1\" \/>\n<link rel=\"canonical\" href=\"https:\/\/portalnpm.com\/index.php\/2023\/08\/20\/com-dois-gols-de-manasses-selecao-de-jacobina-vence-patos-do-piaui-na-3a-rodada-da-copa-amvi\/\" \/>\n<meta property=\"og:locale\" content=\"pt_BR\" \/>\n<meta property=\"og:type\" content=\"article\" \/>\n<meta property=\"og:title\" content=\"Com dois gols de Manass\u00e9s, Sele\u00e7\u00e3o de Jacobina vence Patos do Piau\u00ed na 3\u00aa rodada da Copa AMVI - Portal NPM\" \/>\n<meta property=\"og:description\" content=\"Na tarde do \u00faltimo s\u00e1bado (19\/08\/2023), as Sele\u00e7\u00f5es de Patos e Jacobina do Piau\u00ed entraram em campo em partida v\u00e1lida pela terceira rodada do Grupo C da Copa AMVI 2023. O jogo foi realizado no Est\u00e1dio Municipal de Patos do Piau\u00ed. A Sele\u00e7\u00e3o de Jacobina do Piau\u00ed conquistou a vit\u00f3ria ainda na primeira etapa, com &hellip;\" \/>\n<meta property=\"og:url\" content=\"https:\/\/portalnpm.com\/index.php\/2023\/08\/20\/com-dois-gols-de-manasses-selecao-de-jacobina-vence-patos-do-piaui-na-3a-rodada-da-copa-amvi\/\" \/>\n<meta property=\"og:site_name\" content=\"Portal NPM\" \/>\n<meta property=\"article:published_time\" content=\"2023-08-20T18:32:47+00:00\" \/>\n<meta name=\"author\" content=\"Genival Barbosa\" \/>\n<meta name=\"twitter:card\" content=\"summary_large_image\" \/>\n<meta name=\"twitter:label1\" content=\"Escrito por\" \/>\n\t<meta name=\"twitter:data1\" content=\"Genival Barbosa\" \/>\n\t<meta name=\"twitter:label2\" content=\"Est. tempo de leitura\" \/>\n\t<meta name=\"twitter:data2\" content=\"3 minutos\" \/>\n<script type=\"application\/ld+json\" class=\"yoast-schema-graph\">{\"@context\":\"https:\/\/schema.org\",\"@graph\":[{\"@type\":\"WebPage\",\"@id\":\"https:\/\/portalnpm.com\/index.php\/2023\/08\/20\/com-dois-gols-de-manasses-selecao-de-jacobina-vence-patos-do-piaui-na-3a-rodada-da-copa-amvi\/\",\"url\":\"https:\/\/portalnpm.com\/index.php\/2023\/08\/20\/com-dois-gols-de-manasses-selecao-de-jacobina-vence-patos-do-piaui-na-3a-rodada-da-copa-amvi\/\",\"name\":\"Com dois gols de Manass\u00e9s, Sele\u00e7\u00e3o de Jacobina vence Patos do Piau\u00ed na 3\u00aa rodada da Copa AMVI - Portal NPM\",\"isPartOf\":{\"@id\":\"https:\/\/portalnpm.com\/#website\"},\"primaryImageOfPage\":{\"@id\":\"https:\/\/portalnpm.com\/index.php\/2023\/08\/20\/com-dois-gols-de-manasses-selecao-de-jacobina-vence-patos-do-piaui-na-3a-rodada-da-copa-amvi\/#primaryimage\"},\"image\":{\"@id\":\"https:\/\/portalnpm.com\/index.php\/2023\/08\/20\/com-dois-gols-de-manasses-selecao-de-jacobina-vence-patos-do-piaui-na-3a-rodada-da-copa-amvi\/#primaryimage\"},\"thumbnailUrl\":\"\",\"datePublished\":\"2023-08-20T18:32:47+00:00\",\"dateModified\":\"2023-08-20T18:32:47+00:00\",\"author\":{\"@id\":\"https:\/\/portalnpm.com\/#\/schema\/person\/49313e563cfdefcc167f1ee4c017c294\"},\"breadcrumb\":{\"@id\":\"https:\/\/portalnpm.com\/index.php\/2023\/08\/20\/com-dois-gols-de-manasses-selecao-de-jacobina-vence-patos-do-piaui-na-3a-rodada-da-copa-amvi\/#breadcrumb\"},\"inLanguage\":\"pt-BR\",\"potentialAction\":[{\"@type\":\"ReadAction\",\"target\":[\"https:\/\/portalnpm.com\/index.php\/2023\/08\/20\/com-dois-gols-de-manasses-selecao-de-jacobina-vence-patos-do-piaui-na-3a-rodada-da-copa-amvi\/\"]}]},{\"@type\":\"ImageObject\",\"inLanguage\":\"pt-BR\",\"@id\":\"https:\/\/portalnpm.com\/index.php\/2023\/08\/20\/com-dois-gols-de-manasses-selecao-de-jacobina-vence-patos-do-piaui-na-3a-rodada-da-copa-amvi\/#primaryimage\",\"url\":\"\",\"contentUrl\":\"\"},{\"@type\":\"BreadcrumbList\",\"@id\":\"https:\/\/portalnpm.com\/index.php\/2023\/08\/20\/com-dois-gols-de-manasses-selecao-de-jacobina-vence-patos-do-piaui-na-3a-rodada-da-copa-amvi\/#breadcrumb\",\"itemListElement\":[{\"@type\":\"ListItem\",\"position\":1,\"name\":\"In\u00edcio\",\"item\":\"https:\/\/portalnpm.com\/\"},{\"@type\":\"ListItem\",\"position\":2,\"name\":\"Com dois gols de Manass\u00e9s, Sele\u00e7\u00e3o de Jacobina vence Patos do Piau\u00ed na 3\u00aa rodada da Copa AMVI\"}]},{\"@type\":\"WebSite\",\"@id\":\"https:\/\/portalnpm.com\/#website\",\"url\":\"https:\/\/portalnpm.com\/\",\"name\":\"Portal NPM\",\"description\":\"Not\u00edcias em Primeira M\u00e3o\",\"potentialAction\":[{\"@type\":\"SearchAction\",\"target\":{\"@type\":\"EntryPoint\",\"urlTemplate\":\"https:\/\/portalnpm.com\/?s={search_term_string}\"},\"query-input\":\"required name=search_term_string\"}],\"inLanguage\":\"pt-BR\"},{\"@type\":\"Person\",\"@id\":\"https:\/\/portalnpm.com\/#\/schema\/person\/49313e563cfdefcc167f1ee4c017c294\",\"name\":\"Genival Barbosa\",\"image\":{\"@type\":\"ImageObject\",\"inLanguage\":\"pt-BR\",\"@id\":\"https:\/\/portalnpm.com\/#\/schema\/person\/image\/\",\"url\":\"https:\/\/portalnpm.com\/wp-content\/uploads\/2024\/02\/avatar_user_2_1707743258-96x96.jpeg\",\"contentUrl\":\"https:\/\/portalnpm.com\/wp-content\/uploads\/2024\/02\/avatar_user_2_1707743258-96x96.jpeg\",\"caption\":\"Genival Barbosa\"},\"url\":\"https:\/\/portalnpm.com\/index.php\/author\/genival\/\"}]}<\/script>\n<!-- \/ Yoast SEO plugin. -->","yoast_head_json":{"title":"Com dois gols de Manass\u00e9s, Sele\u00e7\u00e3o de Jacobina vence Patos do Piau\u00ed na 3\u00aa rodada da Copa AMVI - Portal NPM","robots":{"index":"index","follow":"follow","max-snippet":"max-snippet:-1","max-image-preview":"max-image-preview:large","max-video-preview":"max-video-preview:-1"},"canonical":"https:\/\/portalnpm.com\/index.php\/2023\/08\/20\/com-dois-gols-de-manasses-selecao-de-jacobina-vence-patos-do-piaui-na-3a-rodada-da-copa-amvi\/","og_locale":"pt_BR","og_type":"article","og_title":"Com dois gols de Manass\u00e9s, Sele\u00e7\u00e3o de Jacobina vence Patos do Piau\u00ed na 3\u00aa rodada da Copa AMVI - Portal NPM","og_description":"Na tarde do \u00faltimo s\u00e1bado (19\/08\/2023), as Sele\u00e7\u00f5es de Patos e Jacobina do Piau\u00ed entraram em campo em partida v\u00e1lida pela terceira rodada do Grupo C da Copa AMVI 2023. O jogo foi realizado no Est\u00e1dio Municipal de Patos do Piau\u00ed. A Sele\u00e7\u00e3o de Jacobina do Piau\u00ed conquistou a vit\u00f3ria ainda na primeira etapa, com &hellip;","og_url":"https:\/\/portalnpm.com\/index.php\/2023\/08\/20\/com-dois-gols-de-manasses-selecao-de-jacobina-vence-patos-do-piaui-na-3a-rodada-da-copa-amvi\/","og_site_name":"Portal NPM","article_published_time":"2023-08-20T18:32:47+00:00","author":"Genival Barbosa","twitter_card":"summary_large_image","twitter_misc":{"Escrito por":"Genival Barbosa","Est. tempo de leitura":"3 minutos"},"schema":{"@context":"https:\/\/schema.org","@graph":[{"@type":"WebPage","@id":"https:\/\/portalnpm.com\/index.php\/2023\/08\/20\/com-dois-gols-de-manasses-selecao-de-jacobina-vence-patos-do-piaui-na-3a-rodada-da-copa-amvi\/","url":"https:\/\/portalnpm.com\/index.php\/2023\/08\/20\/com-dois-gols-de-manasses-selecao-de-jacobina-vence-patos-do-piaui-na-3a-rodada-da-copa-amvi\/","name":"Com dois gols de Manass\u00e9s, Sele\u00e7\u00e3o de Jacobina vence Patos do Piau\u00ed na 3\u00aa rodada da Copa AMVI - Portal NPM","isPartOf":{"@id":"https:\/\/portalnpm.com\/#website"},"primaryImageOfPage":{"@id":"https:\/\/portalnpm.com\/index.php\/2023\/08\/20\/com-dois-gols-de-manasses-selecao-de-jacobina-vence-patos-do-piaui-na-3a-rodada-da-copa-amvi\/#primaryimage"},"image":{"@id":"https:\/\/portalnpm.com\/index.php\/2023\/08\/20\/com-dois-gols-de-manasses-selecao-de-jacobina-vence-patos-do-piaui-na-3a-rodada-da-copa-amvi\/#primaryimage"},"thumbnailUrl":"","datePublished":"2023-08-20T18:32:47+00:00","dateModified":"2023-08-20T18:32:47+00:00","author":{"@id":"https:\/\/portalnpm.com\/#\/schema\/person\/49313e563cfdefcc167f1ee4c017c294"},"breadcrumb":{"@id":"https:\/\/portalnpm.com\/index.php\/2023\/08\/20\/com-dois-gols-de-manasses-selecao-de-jacobina-vence-patos-do-piaui-na-3a-rodada-da-copa-amvi\/#breadcrumb"},"inLanguage":"pt-BR","potentialAction":[{"@type":"ReadAction","target":["https:\/\/portalnpm.com\/index.php\/2023\/08\/20\/com-dois-gols-de-manasses-selecao-de-jacobina-vence-patos-do-piaui-na-3a-rodada-da-copa-amvi\/"]}]},{"@type":"ImageObject","inLanguage":"pt-BR","@id":"https:\/\/portalnpm.com\/index.php\/2023\/08\/20\/com-dois-gols-de-manasses-selecao-de-jacobina-vence-patos-do-piaui-na-3a-rodada-da-copa-amvi\/#primaryimage","url":"","contentUrl":""},{"@type":"BreadcrumbList","@id":"https:\/\/portalnpm.com\/index.php\/2023\/08\/20\/com-dois-gols-de-manasses-selecao-de-jacobina-vence-patos-do-piaui-na-3a-rodada-da-copa-amvi\/#breadcrumb","itemListElement":[{"@type":"ListItem","position":1,"name":"In\u00edcio","item":"https:\/\/portalnpm.com\/"},{"@type":"ListItem","position":2,"name":"Com dois gols de Manass\u00e9s, Sele\u00e7\u00e3o de Jacobina vence Patos do Piau\u00ed na 3\u00aa rodada da Copa AMVI"}]},{"@type":"WebSite","@id":"https:\/\/portalnpm.com\/#website","url":"https:\/\/portalnpm.com\/","name":"Portal NPM","description":"Not\u00edcias em Primeira M\u00e3o","potentialAction":[{"@type":"SearchAction","target":{"@type":"EntryPoint","urlTemplate":"https:\/\/portalnpm.com\/?s={search_term_string}"},"query-input":"required name=search_term_string"}],"inLanguage":"pt-BR"},{"@type":"Person","@id":"https:\/\/portalnpm.com\/#\/schema\/person\/49313e563cfdefcc167f1ee4c017c294","name":"Genival Barbosa","image":{"@type":"ImageObject","inLanguage":"pt-BR","@id":"https:\/\/portalnpm.com\/#\/schema\/person\/image\/","url":"https:\/\/portalnpm.com\/wp-content\/uploads\/2024\/02\/avatar_user_2_1707743258-96x96.jpeg","contentUrl":"https:\/\/portalnpm.com\/wp-content\/uploads\/2024\/02\/avatar_user_2_1707743258-96x96.jpeg","caption":"Genival Barbosa"},"url":"https:\/\/portalnpm.com\/index.php\/author\/genival\/"}]}},"jetpack_sharing_enabled":true,"jetpack_featured_media_url":"","_links":{"self":[{"href":"https:\/\/portalnpm.com\/index.php\/wp-json\/wp\/v2\/posts\/48661"}],"collection":[{"href":"https:\/\/portalnpm.com\/index.php\/wp-json\/wp\/v2\/posts"}],"about":[{"href":"https:\/\/portalnpm.com\/index.php\/wp-json\/wp\/v2\/types\/post"}],"author":[{"embeddable":true,"href":"https:\/\/portalnpm.com\/index.php\/wp-json\/wp\/v2\/users\/2"}],"replies":[{"embeddable":true,"href":"https:\/\/portalnpm.com\/index.php\/wp-json\/wp\/v2\/comments?post=48661"}],"version-history":[{"count":0,"href":"https:\/\/portalnpm.com\/index.php\/wp-json\/wp\/v2\/posts\/48661\/revisions"}],"wp:featuredmedia":[{"embeddable":true,"href":"https:\/\/portalnpm.com\/index.php\/wp-json\/"}],"wp:attachment":[{"href":"https:\/\/portalnpm.com\/index.php\/wp-json\/wp\/v2\/media?parent=48661"}],"wp:term":[{"taxonomy":"category","embeddable":true,"href":"https:\/\/portalnpm.com\/index.php\/wp-json\/wp\/v2\/categories?post=48661"},{"taxonomy":"post_tag","embeddable":true,"href":"https:\/\/portalnpm.com\/index.php\/wp-json\/wp\/v2\/tags?post=48661"}],"curies":[{"name":"wp","href":"https:\/\/api.w.org\/{rel}","templated":true}]}}