{"id":48720,"date":"2023-08-21T21:01:23","date_gmt":"2023-08-22T00:01:23","guid":{"rendered":"https:\/\/portalnpm.com\/?p=48720"},"modified":"2023-08-21T21:01:23","modified_gmt":"2023-08-22T00:01:23","slug":"itainopolis-vence-vera-mendes-por-2-x-0-na-supercopa-appm","status":"publish","type":"post","link":"https:\/\/portalnpm.com\/index.php\/2023\/08\/21\/itainopolis-vence-vera-mendes-por-2-x-0-na-supercopa-appm\/","title":{"rendered":"Itain\u00f3polis vence Vera Mendes por 2 x 0 na Supercopa APPM"},"content":{"rendered":"<div class=\"td_block_wrap tdb_single_content tdi_115 td-pb-border-top td_block_template_1 td-post-content tagdiv-type\" data-td-block-uid=\"tdi_115\">\n<div class=\"tdb-block-inner td-fix-index\">\n<p style=\"text-align: justify;\">No \u00faltimo domingo, dia 20 de agosto, as equipes de Itain\u00f3polis e Vera Mendes entraram em campo para um confronto emocionante pela Supercopa APPM de Futebol Amador \u2014 Territ\u00f3rio Vale dos Guaribas. O Est\u00e1dio Municipal Lu\u00eds Monteiro de Moura foi o palco desse embate que atraiu uma grande multid\u00e3o de torcedores e personalidades pol\u00edticas das duas cidades.<\/p>\n<p style=\"text-align: justify;\">\n<p style=\"text-align: justify;\">O evento contou com a presen\u00e7a dos prefeitos Miguel Rodrigues, representando Itain\u00f3polis, e Dr. Carlim, representando Vera Mendes. Al\u00e9m deles, vereadores de ambos os munic\u00edpios, secret\u00e1rios municipais e diversas outras lideran\u00e7as pol\u00edticas estiveram presentes, demonstrando o comprometimento e apoio \u00e0s equipes locais em uma tarde de futebol repleta de emo\u00e7\u00f5es.<\/p>\n<p style=\"text-align: justify;\"><img fetchpriority=\"high\" decoding=\"async\" class=\"alignnone size-full wp-image-425134 lazyloaded\" src=\"https:\/\/infonewss.com\/wp-content\/uploads\/2023\/08\/Itainopolis-vence-Vera-Mendes-por-2-x-0-na-Supercopa-APPM-IMG_0091.jpg\" sizes=\"(max-width: 900px) 100vw, 900px\" srcset=\"https:\/\/infonewss.com\/wp-content\/uploads\/2023\/08\/Itainopolis-vence-Vera-Mendes-por-2-x-0-na-Supercopa-APPM-IMG_0091.jpg 900w, https:\/\/infonewss.com\/wp-content\/uploads\/2023\/08\/Itainopolis-vence-Vera-Mendes-por-2-x-0-na-Supercopa-APPM-IMG_0091-300x200.jpg 300w, https:\/\/infonewss.com\/wp-content\/uploads\/2023\/08\/Itainopolis-vence-Vera-Mendes-por-2-x-0-na-Supercopa-APPM-IMG_0091-768x512.jpg 768w, https:\/\/infonewss.com\/wp-content\/uploads\/2023\/08\/Itainopolis-vence-Vera-Mendes-por-2-x-0-na-Supercopa-APPM-IMG_0091-150x100.jpg 150w, https:\/\/infonewss.com\/wp-content\/uploads\/2023\/08\/Itainopolis-vence-Vera-Mendes-por-2-x-0-na-Supercopa-APPM-IMG_0091-696x464.jpg 696w\" alt=\"\" width=\"900\" height=\"600\" data-srcset=\"https:\/\/infonewss.com\/wp-content\/uploads\/2023\/08\/Itainopolis-vence-Vera-Mendes-por-2-x-0-na-Supercopa-APPM-IMG_0091.jpg 900w, https:\/\/infonewss.com\/wp-content\/uploads\/2023\/08\/Itainopolis-vence-Vera-Mendes-por-2-x-0-na-Supercopa-APPM-IMG_0091-300x200.jpg 300w, https:\/\/infonewss.com\/wp-content\/uploads\/2023\/08\/Itainopolis-vence-Vera-Mendes-por-2-x-0-na-Supercopa-APPM-IMG_0091-768x512.jpg 768w, https:\/\/infonewss.com\/wp-content\/uploads\/2023\/08\/Itainopolis-vence-Vera-Mendes-por-2-x-0-na-Supercopa-APPM-IMG_0091-150x100.jpg 150w, https:\/\/infonewss.com\/wp-content\/uploads\/2023\/08\/Itainopolis-vence-Vera-Mendes-por-2-x-0-na-Supercopa-APPM-IMG_0091-696x464.jpg 696w\" data-src=\"https:\/\/infonewss.com\/wp-content\/uploads\/2023\/08\/Itainopolis-vence-Vera-Mendes-por-2-x-0-na-Supercopa-APPM-IMG_0091.jpg\" data-sizes=\"(max-width: 900px) 100vw, 900px\" \/><\/p>\n<p style=\"text-align: justify;\">A primeira etapa da partida foi marcada por uma intensidade impressionante, com a sele\u00e7\u00e3o de Itain\u00f3polis dominando as a\u00e7\u00f5es em campo. A press\u00e3o constante deu resultado quando um p\u00eanalti a favor de Itain\u00f3polis foi convertido com maestria por Wesley, abrindo o placar e fazendo a torcida vibrar com entusiasmo.<\/p>\n<p style=\"text-align: justify;\"><img decoding=\"async\" class=\"alignnone size-full wp-image-425124 lazyloaded\" src=\"https:\/\/infonewss.com\/wp-content\/uploads\/2023\/08\/Itainopolis-vence-Vera-Mendes-por-2-x-0-na-Supercopa-APPM-IMG_0064.jpg\" sizes=\"(max-width: 900px) 100vw, 900px\" srcset=\"https:\/\/infonewss.com\/wp-content\/uploads\/2023\/08\/Itainopolis-vence-Vera-Mendes-por-2-x-0-na-Supercopa-APPM-IMG_0064.jpg 900w, https:\/\/infonewss.com\/wp-content\/uploads\/2023\/08\/Itainopolis-vence-Vera-Mendes-por-2-x-0-na-Supercopa-APPM-IMG_0064-300x200.jpg 300w, https:\/\/infonewss.com\/wp-content\/uploads\/2023\/08\/Itainopolis-vence-Vera-Mendes-por-2-x-0-na-Supercopa-APPM-IMG_0064-768x512.jpg 768w, https:\/\/infonewss.com\/wp-content\/uploads\/2023\/08\/Itainopolis-vence-Vera-Mendes-por-2-x-0-na-Supercopa-APPM-IMG_0064-150x100.jpg 150w, https:\/\/infonewss.com\/wp-content\/uploads\/2023\/08\/Itainopolis-vence-Vera-Mendes-por-2-x-0-na-Supercopa-APPM-IMG_0064-696x464.jpg 696w\" alt=\"\" width=\"900\" height=\"600\" data-srcset=\"https:\/\/infonewss.com\/wp-content\/uploads\/2023\/08\/Itainopolis-vence-Vera-Mendes-por-2-x-0-na-Supercopa-APPM-IMG_0064.jpg 900w, https:\/\/infonewss.com\/wp-content\/uploads\/2023\/08\/Itainopolis-vence-Vera-Mendes-por-2-x-0-na-Supercopa-APPM-IMG_0064-300x200.jpg 300w, https:\/\/infonewss.com\/wp-content\/uploads\/2023\/08\/Itainopolis-vence-Vera-Mendes-por-2-x-0-na-Supercopa-APPM-IMG_0064-768x512.jpg 768w, https:\/\/infonewss.com\/wp-content\/uploads\/2023\/08\/Itainopolis-vence-Vera-Mendes-por-2-x-0-na-Supercopa-APPM-IMG_0064-150x100.jpg 150w, https:\/\/infonewss.com\/wp-content\/uploads\/2023\/08\/Itainopolis-vence-Vera-Mendes-por-2-x-0-na-Supercopa-APPM-IMG_0064-696x464.jpg 696w\" data-src=\"https:\/\/infonewss.com\/wp-content\/uploads\/2023\/08\/Itainopolis-vence-Vera-Mendes-por-2-x-0-na-Supercopa-APPM-IMG_0064.jpg\" data-sizes=\"(max-width: 900px) 100vw, 900px\" \/><\/p>\n<p style=\"text-align: justify;\">No segundo tempo, Vera Mendes tentou se recuperar e equilibrar as a\u00e7\u00f5es, buscando o empate. As duas equipes protagonizaram momentos de emo\u00e7\u00e3o, com investidas ao ataque e defesas espetaculares, mas Itain\u00f3polis mostrou sua determina\u00e7\u00e3o e ampliou sua vantagem no placar. O gol de Carlos Henrique foi o suficiente para consolidar a vit\u00f3ria por 2 x 0.<\/p>\n<p style=\"text-align: justify;\"><img decoding=\"async\" class=\"alignnone size-full wp-image-425147 ls-is-cached lazyloaded\" src=\"https:\/\/infonewss.com\/wp-content\/uploads\/2023\/08\/Itainopolis-vence-Vera-Mendes-por-2-x-0-na-Supercopa-APPM-IMG_0108.jpg\" sizes=\"(max-width: 900px) 100vw, 900px\" srcset=\"https:\/\/infonewss.com\/wp-content\/uploads\/2023\/08\/Itainopolis-vence-Vera-Mendes-por-2-x-0-na-Supercopa-APPM-IMG_0108.jpg 900w, https:\/\/infonewss.com\/wp-content\/uploads\/2023\/08\/Itainopolis-vence-Vera-Mendes-por-2-x-0-na-Supercopa-APPM-IMG_0108-300x200.jpg 300w, https:\/\/infonewss.com\/wp-content\/uploads\/2023\/08\/Itainopolis-vence-Vera-Mendes-por-2-x-0-na-Supercopa-APPM-IMG_0108-768x512.jpg 768w, https:\/\/infonewss.com\/wp-content\/uploads\/2023\/08\/Itainopolis-vence-Vera-Mendes-por-2-x-0-na-Supercopa-APPM-IMG_0108-150x100.jpg 150w, https:\/\/infonewss.com\/wp-content\/uploads\/2023\/08\/Itainopolis-vence-Vera-Mendes-por-2-x-0-na-Supercopa-APPM-IMG_0108-696x464.jpg 696w\" alt=\"\" width=\"900\" height=\"600\" data-srcset=\"https:\/\/infonewss.com\/wp-content\/uploads\/2023\/08\/Itainopolis-vence-Vera-Mendes-por-2-x-0-na-Supercopa-APPM-IMG_0108.jpg 900w, https:\/\/infonewss.com\/wp-content\/uploads\/2023\/08\/Itainopolis-vence-Vera-Mendes-por-2-x-0-na-Supercopa-APPM-IMG_0108-300x200.jpg 300w, https:\/\/infonewss.com\/wp-content\/uploads\/2023\/08\/Itainopolis-vence-Vera-Mendes-por-2-x-0-na-Supercopa-APPM-IMG_0108-768x512.jpg 768w, https:\/\/infonewss.com\/wp-content\/uploads\/2023\/08\/Itainopolis-vence-Vera-Mendes-por-2-x-0-na-Supercopa-APPM-IMG_0108-150x100.jpg 150w, https:\/\/infonewss.com\/wp-content\/uploads\/2023\/08\/Itainopolis-vence-Vera-Mendes-por-2-x-0-na-Supercopa-APPM-IMG_0108-696x464.jpg 696w\" data-src=\"https:\/\/infonewss.com\/wp-content\/uploads\/2023\/08\/Itainopolis-vence-Vera-Mendes-por-2-x-0-na-Supercopa-APPM-IMG_0108.jpg\" data-sizes=\"(max-width: 900px) 100vw, 900px\" \/><\/p>\n<p style=\"text-align: justify;\">Com esse resultado, Itain\u00f3polis conquistou tr\u00eas pontos importantes no grupo D da Supercopa APPM, mostrando sua for\u00e7a e determina\u00e7\u00e3o na competi\u00e7\u00e3o. Enquanto isso, Vera Mendes buscar\u00e1 se recuperar nos pr\u00f3ximos confrontos, continuando sua jornada na busca da classifica\u00e7\u00e3o.<\/p>\n<div id=\"gallery-1\" class=\"gallery galleryid-425075 gallery-columns-2 gallery-size-medium\" style=\"text-align: justify;\">\n<figure class=\"gallery-item\">\n<div class=\"gallery-icon landscape\"><a href=\"https:\/\/infonewss.com\/wp-content\/uploads\/2023\/08\/Itainopolis-vence-Vera-Mendes-por-2-x-0-na-Supercopa-APPM-WhatsApp-Image-2023-08-21-at-13.47.26.jpeg\"><img loading=\"lazy\" decoding=\"async\" class=\"attachment-medium size-medium lazyloaded\" src=\"https:\/\/infonewss.com\/wp-content\/uploads\/2023\/08\/Itainopolis-vence-Vera-Mendes-por-2-x-0-na-Supercopa-APPM-WhatsApp-Image-2023-08-21-at-13.47.26-300x172.jpeg\" sizes=\"(max-width: 300px) 100vw, 300px\" srcset=\"https:\/\/infonewss.com\/wp-content\/uploads\/2023\/08\/Itainopolis-vence-Vera-Mendes-por-2-x-0-na-Supercopa-APPM-WhatsApp-Image-2023-08-21-at-13.47.26-300x172.jpeg 300w, https:\/\/infonewss.com\/wp-content\/uploads\/2023\/08\/Itainopolis-vence-Vera-Mendes-por-2-x-0-na-Supercopa-APPM-WhatsApp-Image-2023-08-21-at-13.47.26-768x439.jpeg 768w, https:\/\/infonewss.com\/wp-content\/uploads\/2023\/08\/Itainopolis-vence-Vera-Mendes-por-2-x-0-na-Supercopa-APPM-WhatsApp-Image-2023-08-21-at-13.47.26-150x86.jpeg 150w, https:\/\/infonewss.com\/wp-content\/uploads\/2023\/08\/Itainopolis-vence-Vera-Mendes-por-2-x-0-na-Supercopa-APPM-WhatsApp-Image-2023-08-21-at-13.47.26-696x398.jpeg 696w, https:\/\/infonewss.com\/wp-content\/uploads\/2023\/08\/Itainopolis-vence-Vera-Mendes-por-2-x-0-na-Supercopa-APPM-WhatsApp-Image-2023-08-21-at-13.47.26.jpeg 900w\" alt=\"\" width=\"300\" height=\"172\" data-srcset=\"https:\/\/infonewss.com\/wp-content\/uploads\/2023\/08\/Itainopolis-vence-Vera-Mendes-por-2-x-0-na-Supercopa-APPM-WhatsApp-Image-2023-08-21-at-13.47.26-300x172.jpeg 300w, https:\/\/infonewss.com\/wp-content\/uploads\/2023\/08\/Itainopolis-vence-Vera-Mendes-por-2-x-0-na-Supercopa-APPM-WhatsApp-Image-2023-08-21-at-13.47.26-768x439.jpeg 768w, https:\/\/infonewss.com\/wp-content\/uploads\/2023\/08\/Itainopolis-vence-Vera-Mendes-por-2-x-0-na-Supercopa-APPM-WhatsApp-Image-2023-08-21-at-13.47.26-150x86.jpeg 150w, https:\/\/infonewss.com\/wp-content\/uploads\/2023\/08\/Itainopolis-vence-Vera-Mendes-por-2-x-0-na-Supercopa-APPM-WhatsApp-Image-2023-08-21-at-13.47.26-696x398.jpeg 696w, https:\/\/infonewss.com\/wp-content\/uploads\/2023\/08\/Itainopolis-vence-Vera-Mendes-por-2-x-0-na-Supercopa-APPM-WhatsApp-Image-2023-08-21-at-13.47.26.jpeg 900w\" data-src=\"https:\/\/infonewss.com\/wp-content\/uploads\/2023\/08\/Itainopolis-vence-Vera-Mendes-por-2-x-0-na-Supercopa-APPM-WhatsApp-Image-2023-08-21-at-13.47.26-300x172.jpeg\" data-sizes=\"(max-width: 300px) 100vw, 300px\" \/><\/a><\/div>\n<\/figure>\n<figure class=\"gallery-item\">\n<div class=\"gallery-icon landscape\"><a href=\"https:\/\/infonewss.com\/wp-content\/uploads\/2023\/08\/Itainopolis-vence-Vera-Mendes-por-2-x-0-na-Supercopa-APPM-WhatsApp-Image-2023-08-20-at-19.13.11-e1692646203847.jpeg\"><img loading=\"lazy\" decoding=\"async\" class=\"attachment-medium size-medium lazyloaded\" src=\"https:\/\/infonewss.com\/wp-content\/uploads\/2023\/08\/Itainopolis-vence-Vera-Mendes-por-2-x-0-na-Supercopa-APPM-WhatsApp-Image-2023-08-20-at-19.13.11-e1692646203847-300x163.jpeg\" sizes=\"(max-width: 300px) 100vw, 300px\" srcset=\"https:\/\/infonewss.com\/wp-content\/uploads\/2023\/08\/Itainopolis-vence-Vera-Mendes-por-2-x-0-na-Supercopa-APPM-WhatsApp-Image-2023-08-20-at-19.13.11-e1692646203847-300x163.jpeg 300w, https:\/\/infonewss.com\/wp-content\/uploads\/2023\/08\/Itainopolis-vence-Vera-Mendes-por-2-x-0-na-Supercopa-APPM-WhatsApp-Image-2023-08-20-at-19.13.11-e1692646203847-768x418.jpeg 768w, https:\/\/infonewss.com\/wp-content\/uploads\/2023\/08\/Itainopolis-vence-Vera-Mendes-por-2-x-0-na-Supercopa-APPM-WhatsApp-Image-2023-08-20-at-19.13.11-e1692646203847-150x82.jpeg 150w, https:\/\/infonewss.com\/wp-content\/uploads\/2023\/08\/Itainopolis-vence-Vera-Mendes-por-2-x-0-na-Supercopa-APPM-WhatsApp-Image-2023-08-20-at-19.13.11-e1692646203847-696x379.jpeg 696w, https:\/\/infonewss.com\/wp-content\/uploads\/2023\/08\/Itainopolis-vence-Vera-Mendes-por-2-x-0-na-Supercopa-APPM-WhatsApp-Image-2023-08-20-at-19.13.11-e1692646203847.jpeg 900w\" alt=\"\" width=\"300\" height=\"163\" data-srcset=\"https:\/\/infonewss.com\/wp-content\/uploads\/2023\/08\/Itainopolis-vence-Vera-Mendes-por-2-x-0-na-Supercopa-APPM-WhatsApp-Image-2023-08-20-at-19.13.11-e1692646203847-300x163.jpeg 300w, https:\/\/infonewss.com\/wp-content\/uploads\/2023\/08\/Itainopolis-vence-Vera-Mendes-por-2-x-0-na-Supercopa-APPM-WhatsApp-Image-2023-08-20-at-19.13.11-e1692646203847-768x418.jpeg 768w, https:\/\/infonewss.com\/wp-content\/uploads\/2023\/08\/Itainopolis-vence-Vera-Mendes-por-2-x-0-na-Supercopa-APPM-WhatsApp-Image-2023-08-20-at-19.13.11-e1692646203847-150x82.jpeg 150w, https:\/\/infonewss.com\/wp-content\/uploads\/2023\/08\/Itainopolis-vence-Vera-Mendes-por-2-x-0-na-Supercopa-APPM-WhatsApp-Image-2023-08-20-at-19.13.11-e1692646203847-696x379.jpeg 696w, https:\/\/infonewss.com\/wp-content\/uploads\/2023\/08\/Itainopolis-vence-Vera-Mendes-por-2-x-0-na-Supercopa-APPM-WhatsApp-Image-2023-08-20-at-19.13.11-e1692646203847.jpeg 900w\" data-src=\"https:\/\/infonewss.com\/wp-content\/uploads\/2023\/08\/Itainopolis-vence-Vera-Mendes-por-2-x-0-na-Supercopa-APPM-WhatsApp-Image-2023-08-20-at-19.13.11-e1692646203847-300x163.jpeg\" data-sizes=\"(max-width: 300px) 100vw, 300px\" \/><\/a><\/div>\n<\/figure>\n<\/div>\n<p style=\"text-align: justify;\">Mais fotos;<\/p>\n<div id=\"gallery-2\" class=\"gallery galleryid-425075 gallery-columns-2 gallery-size-medium\" style=\"text-align: justify;\">\n<figure class=\"gallery-item\">\n<div class=\"gallery-icon landscape\"><a href=\"https:\/\/infonewss.com\/wp-content\/uploads\/2023\/08\/Itainopolis-vence-Vera-Mendes-por-2-x-0-na-Supercopa-APPM-IMG_0015.jpg\"><img loading=\"lazy\" decoding=\"async\" class=\"attachment-medium size-medium lazyloaded\" src=\"https:\/\/infonewss.com\/wp-content\/uploads\/2023\/08\/Itainopolis-vence-Vera-Mendes-por-2-x-0-na-Supercopa-APPM-IMG_0015-300x200.jpg\" sizes=\"(max-width: 300px) 100vw, 300px\" srcset=\"https:\/\/infonewss.com\/wp-content\/uploads\/2023\/08\/Itainopolis-vence-Vera-Mendes-por-2-x-0-na-Supercopa-APPM-IMG_0015-300x200.jpg 300w, https:\/\/infonewss.com\/wp-content\/uploads\/2023\/08\/Itainopolis-vence-Vera-Mendes-por-2-x-0-na-Supercopa-APPM-IMG_0015-768x512.jpg 768w, https:\/\/infonewss.com\/wp-content\/uploads\/2023\/08\/Itainopolis-vence-Vera-Mendes-por-2-x-0-na-Supercopa-APPM-IMG_0015-150x100.jpg 150w, https:\/\/infonewss.com\/wp-content\/uploads\/2023\/08\/Itainopolis-vence-Vera-Mendes-por-2-x-0-na-Supercopa-APPM-IMG_0015-696x464.jpg 696w, https:\/\/infonewss.com\/wp-content\/uploads\/2023\/08\/Itainopolis-vence-Vera-Mendes-por-2-x-0-na-Supercopa-APPM-IMG_0015.jpg 900w\" alt=\"\" width=\"300\" height=\"200\" data-srcset=\"https:\/\/infonewss.com\/wp-content\/uploads\/2023\/08\/Itainopolis-vence-Vera-Mendes-por-2-x-0-na-Supercopa-APPM-IMG_0015-300x200.jpg 300w, https:\/\/infonewss.com\/wp-content\/uploads\/2023\/08\/Itainopolis-vence-Vera-Mendes-por-2-x-0-na-Supercopa-APPM-IMG_0015-768x512.jpg 768w, https:\/\/infonewss.com\/wp-content\/uploads\/2023\/08\/Itainopolis-vence-Vera-Mendes-por-2-x-0-na-Supercopa-APPM-IMG_0015-150x100.jpg 150w, https:\/\/infonewss.com\/wp-content\/uploads\/2023\/08\/Itainopolis-vence-Vera-Mendes-por-2-x-0-na-Supercopa-APPM-IMG_0015-696x464.jpg 696w, https:\/\/infonewss.com\/wp-content\/uploads\/2023\/08\/Itainopolis-vence-Vera-Mendes-por-2-x-0-na-Supercopa-APPM-IMG_0015.jpg 900w\" data-src=\"https:\/\/infonewss.com\/wp-content\/uploads\/2023\/08\/Itainopolis-vence-Vera-Mendes-por-2-x-0-na-Supercopa-APPM-IMG_0015-300x200.jpg\" data-sizes=\"(max-width: 300px) 100vw, 300px\" \/><\/a><\/div>\n<\/figure>\n<figure class=\"gallery-item\">\n<div class=\"gallery-icon landscape\"><a href=\"https:\/\/infonewss.com\/wp-content\/uploads\/2023\/08\/Itainopolis-vence-Vera-Mendes-por-2-x-0-na-Supercopa-APPM-IMG_0017.jpg\"><img loading=\"lazy\" decoding=\"async\" class=\"attachment-medium size-medium lazyloaded\" src=\"https:\/\/infonewss.com\/wp-content\/uploads\/2023\/08\/Itainopolis-vence-Vera-Mendes-por-2-x-0-na-Supercopa-APPM-IMG_0017-300x200.jpg\" sizes=\"(max-width: 300px) 100vw, 300px\" srcset=\"https:\/\/infonewss.com\/wp-content\/uploads\/2023\/08\/Itainopolis-vence-Vera-Mendes-por-2-x-0-na-Supercopa-APPM-IMG_0017-300x200.jpg 300w, https:\/\/infonewss.com\/wp-content\/uploads\/2023\/08\/Itainopolis-vence-Vera-Mendes-por-2-x-0-na-Supercopa-APPM-IMG_0017-768x512.jpg 768w, https:\/\/infonewss.com\/wp-content\/uploads\/2023\/08\/Itainopolis-vence-Vera-Mendes-por-2-x-0-na-Supercopa-APPM-IMG_0017-150x100.jpg 150w, https:\/\/infonewss.com\/wp-content\/uploads\/2023\/08\/Itainopolis-vence-Vera-Mendes-por-2-x-0-na-Supercopa-APPM-IMG_0017-696x464.jpg 696w, https:\/\/infonewss.com\/wp-content\/uploads\/2023\/08\/Itainopolis-vence-Vera-Mendes-por-2-x-0-na-Supercopa-APPM-IMG_0017.jpg 900w\" alt=\"\" width=\"300\" height=\"200\" data-srcset=\"https:\/\/infonewss.com\/wp-content\/uploads\/2023\/08\/Itainopolis-vence-Vera-Mendes-por-2-x-0-na-Supercopa-APPM-IMG_0017-300x200.jpg 300w, https:\/\/infonewss.com\/wp-content\/uploads\/2023\/08\/Itainopolis-vence-Vera-Mendes-por-2-x-0-na-Supercopa-APPM-IMG_0017-768x512.jpg 768w, https:\/\/infonewss.com\/wp-content\/uploads\/2023\/08\/Itainopolis-vence-Vera-Mendes-por-2-x-0-na-Supercopa-APPM-IMG_0017-150x100.jpg 150w, https:\/\/infonewss.com\/wp-content\/uploads\/2023\/08\/Itainopolis-vence-Vera-Mendes-por-2-x-0-na-Supercopa-APPM-IMG_0017-696x464.jpg 696w, https:\/\/infonewss.com\/wp-content\/uploads\/2023\/08\/Itainopolis-vence-Vera-Mendes-por-2-x-0-na-Supercopa-APPM-IMG_0017.jpg 900w\" data-src=\"https:\/\/infonewss.com\/wp-content\/uploads\/2023\/08\/Itainopolis-vence-Vera-Mendes-por-2-x-0-na-Supercopa-APPM-IMG_0017-300x200.jpg\" data-sizes=\"(max-width: 300px) 100vw, 300px\" \/><\/a><\/div>\n<\/figure>\n<figure class=\"gallery-item\">\n<div class=\"gallery-icon landscape\"><a href=\"https:\/\/infonewss.com\/wp-content\/uploads\/2023\/08\/Itainopolis-vence-Vera-Mendes-por-2-x-0-na-Supercopa-APPM-IMG_0018.jpg\"><img loading=\"lazy\" decoding=\"async\" class=\"attachment-medium size-medium lazyloaded\" src=\"https:\/\/infonewss.com\/wp-content\/uploads\/2023\/08\/Itainopolis-vence-Vera-Mendes-por-2-x-0-na-Supercopa-APPM-IMG_0018-300x200.jpg\" sizes=\"(max-width: 300px) 100vw, 300px\" srcset=\"https:\/\/infonewss.com\/wp-content\/uploads\/2023\/08\/Itainopolis-vence-Vera-Mendes-por-2-x-0-na-Supercopa-APPM-IMG_0018-300x200.jpg 300w, https:\/\/infonewss.com\/wp-content\/uploads\/2023\/08\/Itainopolis-vence-Vera-Mendes-por-2-x-0-na-Supercopa-APPM-IMG_0018-768x512.jpg 768w, https:\/\/infonewss.com\/wp-content\/uploads\/2023\/08\/Itainopolis-vence-Vera-Mendes-por-2-x-0-na-Supercopa-APPM-IMG_0018-150x100.jpg 150w, https:\/\/infonewss.com\/wp-content\/uploads\/2023\/08\/Itainopolis-vence-Vera-Mendes-por-2-x-0-na-Supercopa-APPM-IMG_0018-696x464.jpg 696w, https:\/\/infonewss.com\/wp-content\/uploads\/2023\/08\/Itainopolis-vence-Vera-Mendes-por-2-x-0-na-Supercopa-APPM-IMG_0018.jpg 900w\" alt=\"\" width=\"300\" height=\"200\" data-srcset=\"https:\/\/infonewss.com\/wp-content\/uploads\/2023\/08\/Itainopolis-vence-Vera-Mendes-por-2-x-0-na-Supercopa-APPM-IMG_0018-300x200.jpg 300w, https:\/\/infonewss.com\/wp-content\/uploads\/2023\/08\/Itainopolis-vence-Vera-Mendes-por-2-x-0-na-Supercopa-APPM-IMG_0018-768x512.jpg 768w, https:\/\/infonewss.com\/wp-content\/uploads\/2023\/08\/Itainopolis-vence-Vera-Mendes-por-2-x-0-na-Supercopa-APPM-IMG_0018-150x100.jpg 150w, https:\/\/infonewss.com\/wp-content\/uploads\/2023\/08\/Itainopolis-vence-Vera-Mendes-por-2-x-0-na-Supercopa-APPM-IMG_0018-696x464.jpg 696w, https:\/\/infonewss.com\/wp-content\/uploads\/2023\/08\/Itainopolis-vence-Vera-Mendes-por-2-x-0-na-Supercopa-APPM-IMG_0018.jpg 900w\" data-src=\"https:\/\/infonewss.com\/wp-content\/uploads\/2023\/08\/Itainopolis-vence-Vera-Mendes-por-2-x-0-na-Supercopa-APPM-IMG_0018-300x200.jpg\" data-sizes=\"(max-width: 300px) 100vw, 300px\" \/><\/a><\/div>\n<\/figure>\n<figure class=\"gallery-item\">\n<div class=\"gallery-icon landscape\"><a href=\"https:\/\/infonewss.com\/wp-content\/uploads\/2023\/08\/Itainopolis-vence-Vera-Mendes-por-2-x-0-na-Supercopa-APPM-IMG_0019.jpg\"><img loading=\"lazy\" decoding=\"async\" class=\"attachment-medium size-medium lazyloaded\" src=\"https:\/\/infonewss.com\/wp-content\/uploads\/2023\/08\/Itainopolis-vence-Vera-Mendes-por-2-x-0-na-Supercopa-APPM-IMG_0019-300x200.jpg\" sizes=\"(max-width: 300px) 100vw, 300px\" srcset=\"https:\/\/infonewss.com\/wp-content\/uploads\/2023\/08\/Itainopolis-vence-Vera-Mendes-por-2-x-0-na-Supercopa-APPM-IMG_0019-300x200.jpg 300w, https:\/\/infonewss.com\/wp-content\/uploads\/2023\/08\/Itainopolis-vence-Vera-Mendes-por-2-x-0-na-Supercopa-APPM-IMG_0019-768x512.jpg 768w, https:\/\/infonewss.com\/wp-content\/uploads\/2023\/08\/Itainopolis-vence-Vera-Mendes-por-2-x-0-na-Supercopa-APPM-IMG_0019-150x100.jpg 150w, https:\/\/infonewss.com\/wp-content\/uploads\/2023\/08\/Itainopolis-vence-Vera-Mendes-por-2-x-0-na-Supercopa-APPM-IMG_0019-696x464.jpg 696w, https:\/\/infonewss.com\/wp-content\/uploads\/2023\/08\/Itainopolis-vence-Vera-Mendes-por-2-x-0-na-Supercopa-APPM-IMG_0019.jpg 900w\" alt=\"\" width=\"300\" height=\"200\" data-srcset=\"https:\/\/infonewss.com\/wp-content\/uploads\/2023\/08\/Itainopolis-vence-Vera-Mendes-por-2-x-0-na-Supercopa-APPM-IMG_0019-300x200.jpg 300w, https:\/\/infonewss.com\/wp-content\/uploads\/2023\/08\/Itainopolis-vence-Vera-Mendes-por-2-x-0-na-Supercopa-APPM-IMG_0019-768x512.jpg 768w, https:\/\/infonewss.com\/wp-content\/uploads\/2023\/08\/Itainopolis-vence-Vera-Mendes-por-2-x-0-na-Supercopa-APPM-IMG_0019-150x100.jpg 150w, https:\/\/infonewss.com\/wp-content\/uploads\/2023\/08\/Itainopolis-vence-Vera-Mendes-por-2-x-0-na-Supercopa-APPM-IMG_0019-696x464.jpg 696w, https:\/\/infonewss.com\/wp-content\/uploads\/2023\/08\/Itainopolis-vence-Vera-Mendes-por-2-x-0-na-Supercopa-APPM-IMG_0019.jpg 900w\" data-src=\"https:\/\/infonewss.com\/wp-content\/uploads\/2023\/08\/Itainopolis-vence-Vera-Mendes-por-2-x-0-na-Supercopa-APPM-IMG_0019-300x200.jpg\" data-sizes=\"(max-width: 300px) 100vw, 300px\" \/><\/a><\/div>\n<\/figure>\n<figure class=\"gallery-item\">\n<div class=\"gallery-icon landscape\"><a href=\"https:\/\/infonewss.com\/wp-content\/uploads\/2023\/08\/Itainopolis-vence-Vera-Mendes-por-2-x-0-na-Supercopa-APPM-IMG_0022.jpg\"><img loading=\"lazy\" decoding=\"async\" class=\"attachment-medium size-medium lazyloaded\" src=\"https:\/\/infonewss.com\/wp-content\/uploads\/2023\/08\/Itainopolis-vence-Vera-Mendes-por-2-x-0-na-Supercopa-APPM-IMG_0022-300x200.jpg\" sizes=\"(max-width: 300px) 100vw, 300px\" srcset=\"https:\/\/infonewss.com\/wp-content\/uploads\/2023\/08\/Itainopolis-vence-Vera-Mendes-por-2-x-0-na-Supercopa-APPM-IMG_0022-300x200.jpg 300w, https:\/\/infonewss.com\/wp-content\/uploads\/2023\/08\/Itainopolis-vence-Vera-Mendes-por-2-x-0-na-Supercopa-APPM-IMG_0022-768x512.jpg 768w, https:\/\/infonewss.com\/wp-content\/uploads\/2023\/08\/Itainopolis-vence-Vera-Mendes-por-2-x-0-na-Supercopa-APPM-IMG_0022-150x100.jpg 150w, https:\/\/infonewss.com\/wp-content\/uploads\/2023\/08\/Itainopolis-vence-Vera-Mendes-por-2-x-0-na-Supercopa-APPM-IMG_0022-696x464.jpg 696w, https:\/\/infonewss.com\/wp-content\/uploads\/2023\/08\/Itainopolis-vence-Vera-Mendes-por-2-x-0-na-Supercopa-APPM-IMG_0022.jpg 900w\" alt=\"\" width=\"300\" height=\"200\" data-srcset=\"https:\/\/infonewss.com\/wp-content\/uploads\/2023\/08\/Itainopolis-vence-Vera-Mendes-por-2-x-0-na-Supercopa-APPM-IMG_0022-300x200.jpg 300w, https:\/\/infonewss.com\/wp-content\/uploads\/2023\/08\/Itainopolis-vence-Vera-Mendes-por-2-x-0-na-Supercopa-APPM-IMG_0022-768x512.jpg 768w, https:\/\/infonewss.com\/wp-content\/uploads\/2023\/08\/Itainopolis-vence-Vera-Mendes-por-2-x-0-na-Supercopa-APPM-IMG_0022-150x100.jpg 150w, https:\/\/infonewss.com\/wp-content\/uploads\/2023\/08\/Itainopolis-vence-Vera-Mendes-por-2-x-0-na-Supercopa-APPM-IMG_0022-696x464.jpg 696w, https:\/\/infonewss.com\/wp-content\/uploads\/2023\/08\/Itainopolis-vence-Vera-Mendes-por-2-x-0-na-Supercopa-APPM-IMG_0022.jpg 900w\" data-src=\"https:\/\/infonewss.com\/wp-content\/uploads\/2023\/08\/Itainopolis-vence-Vera-Mendes-por-2-x-0-na-Supercopa-APPM-IMG_0022-300x200.jpg\" data-sizes=\"(max-width: 300px) 100vw, 300px\" \/><\/a><\/div>\n<\/figure>\n<figure class=\"gallery-item\">\n<div class=\"gallery-icon landscape\"><a href=\"https:\/\/infonewss.com\/wp-content\/uploads\/2023\/08\/Itainopolis-vence-Vera-Mendes-por-2-x-0-na-Supercopa-APPM-IMG_0024.jpg\"><img loading=\"lazy\" decoding=\"async\" class=\"attachment-medium size-medium lazyloaded\" src=\"https:\/\/infonewss.com\/wp-content\/uploads\/2023\/08\/Itainopolis-vence-Vera-Mendes-por-2-x-0-na-Supercopa-APPM-IMG_0024-300x200.jpg\" sizes=\"(max-width: 300px) 100vw, 300px\" srcset=\"https:\/\/infonewss.com\/wp-content\/uploads\/2023\/08\/Itainopolis-vence-Vera-Mendes-por-2-x-0-na-Supercopa-APPM-IMG_0024-300x200.jpg 300w, https:\/\/infonewss.com\/wp-content\/uploads\/2023\/08\/Itainopolis-vence-Vera-Mendes-por-2-x-0-na-Supercopa-APPM-IMG_0024-768x512.jpg 768w, https:\/\/infonewss.com\/wp-content\/uploads\/2023\/08\/Itainopolis-vence-Vera-Mendes-por-2-x-0-na-Supercopa-APPM-IMG_0024-150x100.jpg 150w, https:\/\/infonewss.com\/wp-content\/uploads\/2023\/08\/Itainopolis-vence-Vera-Mendes-por-2-x-0-na-Supercopa-APPM-IMG_0024-696x464.jpg 696w, https:\/\/infonewss.com\/wp-content\/uploads\/2023\/08\/Itainopolis-vence-Vera-Mendes-por-2-x-0-na-Supercopa-APPM-IMG_0024.jpg 900w\" alt=\"\" width=\"300\" height=\"200\" data-srcset=\"https:\/\/infonewss.com\/wp-content\/uploads\/2023\/08\/Itainopolis-vence-Vera-Mendes-por-2-x-0-na-Supercopa-APPM-IMG_0024-300x200.jpg 300w, https:\/\/infonewss.com\/wp-content\/uploads\/2023\/08\/Itainopolis-vence-Vera-Mendes-por-2-x-0-na-Supercopa-APPM-IMG_0024-768x512.jpg 768w, https:\/\/infonewss.com\/wp-content\/uploads\/2023\/08\/Itainopolis-vence-Vera-Mendes-por-2-x-0-na-Supercopa-APPM-IMG_0024-150x100.jpg 150w, https:\/\/infonewss.com\/wp-content\/uploads\/2023\/08\/Itainopolis-vence-Vera-Mendes-por-2-x-0-na-Supercopa-APPM-IMG_0024-696x464.jpg 696w, https:\/\/infonewss.com\/wp-content\/uploads\/2023\/08\/Itainopolis-vence-Vera-Mendes-por-2-x-0-na-Supercopa-APPM-IMG_0024.jpg 900w\" data-src=\"https:\/\/infonewss.com\/wp-content\/uploads\/2023\/08\/Itainopolis-vence-Vera-Mendes-por-2-x-0-na-Supercopa-APPM-IMG_0024-300x200.jpg\" data-sizes=\"(max-width: 300px) 100vw, 300px\" \/><\/a><\/div>\n<\/figure>\n<figure class=\"gallery-item\">\n<div class=\"gallery-icon landscape\"><a href=\"https:\/\/infonewss.com\/wp-content\/uploads\/2023\/08\/Itainopolis-vence-Vera-Mendes-por-2-x-0-na-Supercopa-APPM-IMG_0027.jpg\"><img loading=\"lazy\" decoding=\"async\" class=\"attachment-medium size-medium lazyloaded\" src=\"https:\/\/infonewss.com\/wp-content\/uploads\/2023\/08\/Itainopolis-vence-Vera-Mendes-por-2-x-0-na-Supercopa-APPM-IMG_0027-300x200.jpg\" sizes=\"(max-width: 300px) 100vw, 300px\" srcset=\"https:\/\/infonewss.com\/wp-content\/uploads\/2023\/08\/Itainopolis-vence-Vera-Mendes-por-2-x-0-na-Supercopa-APPM-IMG_0027-300x200.jpg 300w, https:\/\/infonewss.com\/wp-content\/uploads\/2023\/08\/Itainopolis-vence-Vera-Mendes-por-2-x-0-na-Supercopa-APPM-IMG_0027-768x512.jpg 768w, https:\/\/infonewss.com\/wp-content\/uploads\/2023\/08\/Itainopolis-vence-Vera-Mendes-por-2-x-0-na-Supercopa-APPM-IMG_0027-150x100.jpg 150w, https:\/\/infonewss.com\/wp-content\/uploads\/2023\/08\/Itainopolis-vence-Vera-Mendes-por-2-x-0-na-Supercopa-APPM-IMG_0027-696x464.jpg 696w, https:\/\/infonewss.com\/wp-content\/uploads\/2023\/08\/Itainopolis-vence-Vera-Mendes-por-2-x-0-na-Supercopa-APPM-IMG_0027.jpg 900w\" alt=\"\" width=\"300\" height=\"200\" data-srcset=\"https:\/\/infonewss.com\/wp-content\/uploads\/2023\/08\/Itainopolis-vence-Vera-Mendes-por-2-x-0-na-Supercopa-APPM-IMG_0027-300x200.jpg 300w, https:\/\/infonewss.com\/wp-content\/uploads\/2023\/08\/Itainopolis-vence-Vera-Mendes-por-2-x-0-na-Supercopa-APPM-IMG_0027-768x512.jpg 768w, https:\/\/infonewss.com\/wp-content\/uploads\/2023\/08\/Itainopolis-vence-Vera-Mendes-por-2-x-0-na-Supercopa-APPM-IMG_0027-150x100.jpg 150w, https:\/\/infonewss.com\/wp-content\/uploads\/2023\/08\/Itainopolis-vence-Vera-Mendes-por-2-x-0-na-Supercopa-APPM-IMG_0027-696x464.jpg 696w, https:\/\/infonewss.com\/wp-content\/uploads\/2023\/08\/Itainopolis-vence-Vera-Mendes-por-2-x-0-na-Supercopa-APPM-IMG_0027.jpg 900w\" data-src=\"https:\/\/infonewss.com\/wp-content\/uploads\/2023\/08\/Itainopolis-vence-Vera-Mendes-por-2-x-0-na-Supercopa-APPM-IMG_0027-300x200.jpg\" data-sizes=\"(max-width: 300px) 100vw, 300px\" \/><\/a><\/div>\n<\/figure>\n<figure class=\"gallery-item\">\n<div class=\"gallery-icon landscape\"><a href=\"https:\/\/infonewss.com\/wp-content\/uploads\/2023\/08\/Itainopolis-vence-Vera-Mendes-por-2-x-0-na-Supercopa-APPM-IMG_0029.jpg\"><img loading=\"lazy\" decoding=\"async\" class=\"attachment-medium size-medium lazyloaded\" src=\"https:\/\/infonewss.com\/wp-content\/uploads\/2023\/08\/Itainopolis-vence-Vera-Mendes-por-2-x-0-na-Supercopa-APPM-IMG_0029-300x200.jpg\" sizes=\"(max-width: 300px) 100vw, 300px\" srcset=\"https:\/\/infonewss.com\/wp-content\/uploads\/2023\/08\/Itainopolis-vence-Vera-Mendes-por-2-x-0-na-Supercopa-APPM-IMG_0029-300x200.jpg 300w, https:\/\/infonewss.com\/wp-content\/uploads\/2023\/08\/Itainopolis-vence-Vera-Mendes-por-2-x-0-na-Supercopa-APPM-IMG_0029-768x512.jpg 768w, https:\/\/infonewss.com\/wp-content\/uploads\/2023\/08\/Itainopolis-vence-Vera-Mendes-por-2-x-0-na-Supercopa-APPM-IMG_0029-150x100.jpg 150w, https:\/\/infonewss.com\/wp-content\/uploads\/2023\/08\/Itainopolis-vence-Vera-Mendes-por-2-x-0-na-Supercopa-APPM-IMG_0029-696x464.jpg 696w, https:\/\/infonewss.com\/wp-content\/uploads\/2023\/08\/Itainopolis-vence-Vera-Mendes-por-2-x-0-na-Supercopa-APPM-IMG_0029.jpg 900w\" alt=\"\" width=\"300\" height=\"200\" data-srcset=\"https:\/\/infonewss.com\/wp-content\/uploads\/2023\/08\/Itainopolis-vence-Vera-Mendes-por-2-x-0-na-Supercopa-APPM-IMG_0029-300x200.jpg 300w, https:\/\/infonewss.com\/wp-content\/uploads\/2023\/08\/Itainopolis-vence-Vera-Mendes-por-2-x-0-na-Supercopa-APPM-IMG_0029-768x512.jpg 768w, https:\/\/infonewss.com\/wp-content\/uploads\/2023\/08\/Itainopolis-vence-Vera-Mendes-por-2-x-0-na-Supercopa-APPM-IMG_0029-150x100.jpg 150w, https:\/\/infonewss.com\/wp-content\/uploads\/2023\/08\/Itainopolis-vence-Vera-Mendes-por-2-x-0-na-Supercopa-APPM-IMG_0029-696x464.jpg 696w, https:\/\/infonewss.com\/wp-content\/uploads\/2023\/08\/Itainopolis-vence-Vera-Mendes-por-2-x-0-na-Supercopa-APPM-IMG_0029.jpg 900w\" data-src=\"https:\/\/infonewss.com\/wp-content\/uploads\/2023\/08\/Itainopolis-vence-Vera-Mendes-por-2-x-0-na-Supercopa-APPM-IMG_0029-300x200.jpg\" data-sizes=\"(max-width: 300px) 100vw, 300px\" \/><\/a><\/div>\n<\/figure>\n<figure class=\"gallery-item\">\n<div class=\"gallery-icon landscape\"><a href=\"https:\/\/infonewss.com\/wp-content\/uploads\/2023\/08\/Itainopolis-vence-Vera-Mendes-por-2-x-0-na-Supercopa-APPM-IMG_0030.jpg\"><img loading=\"lazy\" decoding=\"async\" class=\"attachment-medium size-medium lazyloaded\" src=\"https:\/\/infonewss.com\/wp-content\/uploads\/2023\/08\/Itainopolis-vence-Vera-Mendes-por-2-x-0-na-Supercopa-APPM-IMG_0030-300x200.jpg\" sizes=\"(max-width: 300px) 100vw, 300px\" srcset=\"https:\/\/infonewss.com\/wp-content\/uploads\/2023\/08\/Itainopolis-vence-Vera-Mendes-por-2-x-0-na-Supercopa-APPM-IMG_0030-300x200.jpg 300w, https:\/\/infonewss.com\/wp-content\/uploads\/2023\/08\/Itainopolis-vence-Vera-Mendes-por-2-x-0-na-Supercopa-APPM-IMG_0030-768x512.jpg 768w, https:\/\/infonewss.com\/wp-content\/uploads\/2023\/08\/Itainopolis-vence-Vera-Mendes-por-2-x-0-na-Supercopa-APPM-IMG_0030-150x100.jpg 150w, https:\/\/infonewss.com\/wp-content\/uploads\/2023\/08\/Itainopolis-vence-Vera-Mendes-por-2-x-0-na-Supercopa-APPM-IMG_0030-696x464.jpg 696w, https:\/\/infonewss.com\/wp-content\/uploads\/2023\/08\/Itainopolis-vence-Vera-Mendes-por-2-x-0-na-Supercopa-APPM-IMG_0030.jpg 900w\" alt=\"\" width=\"300\" height=\"200\" data-srcset=\"https:\/\/infonewss.com\/wp-content\/uploads\/2023\/08\/Itainopolis-vence-Vera-Mendes-por-2-x-0-na-Supercopa-APPM-IMG_0030-300x200.jpg 300w, https:\/\/infonewss.com\/wp-content\/uploads\/2023\/08\/Itainopolis-vence-Vera-Mendes-por-2-x-0-na-Supercopa-APPM-IMG_0030-768x512.jpg 768w, https:\/\/infonewss.com\/wp-content\/uploads\/2023\/08\/Itainopolis-vence-Vera-Mendes-por-2-x-0-na-Supercopa-APPM-IMG_0030-150x100.jpg 150w, https:\/\/infonewss.com\/wp-content\/uploads\/2023\/08\/Itainopolis-vence-Vera-Mendes-por-2-x-0-na-Supercopa-APPM-IMG_0030-696x464.jpg 696w, https:\/\/infonewss.com\/wp-content\/uploads\/2023\/08\/Itainopolis-vence-Vera-Mendes-por-2-x-0-na-Supercopa-APPM-IMG_0030.jpg 900w\" data-src=\"https:\/\/infonewss.com\/wp-content\/uploads\/2023\/08\/Itainopolis-vence-Vera-Mendes-por-2-x-0-na-Supercopa-APPM-IMG_0030-300x200.jpg\" data-sizes=\"(max-width: 300px) 100vw, 300px\" \/><\/a><\/div>\n<\/figure>\n<figure class=\"gallery-item\">\n<div class=\"gallery-icon landscape\"><a href=\"https:\/\/infonewss.com\/wp-content\/uploads\/2023\/08\/Itainopolis-vence-Vera-Mendes-por-2-x-0-na-Supercopa-APPM-IMG_0032.jpg\"><img loading=\"lazy\" decoding=\"async\" class=\"attachment-medium size-medium lazyloaded\" src=\"https:\/\/infonewss.com\/wp-content\/uploads\/2023\/08\/Itainopolis-vence-Vera-Mendes-por-2-x-0-na-Supercopa-APPM-IMG_0032-300x200.jpg\" sizes=\"(max-width: 300px) 100vw, 300px\" srcset=\"https:\/\/infonewss.com\/wp-content\/uploads\/2023\/08\/Itainopolis-vence-Vera-Mendes-por-2-x-0-na-Supercopa-APPM-IMG_0032-300x200.jpg 300w, https:\/\/infonewss.com\/wp-content\/uploads\/2023\/08\/Itainopolis-vence-Vera-Mendes-por-2-x-0-na-Supercopa-APPM-IMG_0032-768x512.jpg 768w, https:\/\/infonewss.com\/wp-content\/uploads\/2023\/08\/Itainopolis-vence-Vera-Mendes-por-2-x-0-na-Supercopa-APPM-IMG_0032-150x100.jpg 150w, https:\/\/infonewss.com\/wp-content\/uploads\/2023\/08\/Itainopolis-vence-Vera-Mendes-por-2-x-0-na-Supercopa-APPM-IMG_0032-696x464.jpg 696w, https:\/\/infonewss.com\/wp-content\/uploads\/2023\/08\/Itainopolis-vence-Vera-Mendes-por-2-x-0-na-Supercopa-APPM-IMG_0032.jpg 900w\" alt=\"\" width=\"300\" height=\"200\" data-srcset=\"https:\/\/infonewss.com\/wp-content\/uploads\/2023\/08\/Itainopolis-vence-Vera-Mendes-por-2-x-0-na-Supercopa-APPM-IMG_0032-300x200.jpg 300w, https:\/\/infonewss.com\/wp-content\/uploads\/2023\/08\/Itainopolis-vence-Vera-Mendes-por-2-x-0-na-Supercopa-APPM-IMG_0032-768x512.jpg 768w, https:\/\/infonewss.com\/wp-content\/uploads\/2023\/08\/Itainopolis-vence-Vera-Mendes-por-2-x-0-na-Supercopa-APPM-IMG_0032-150x100.jpg 150w, https:\/\/infonewss.com\/wp-content\/uploads\/2023\/08\/Itainopolis-vence-Vera-Mendes-por-2-x-0-na-Supercopa-APPM-IMG_0032-696x464.jpg 696w, https:\/\/infonewss.com\/wp-content\/uploads\/2023\/08\/Itainopolis-vence-Vera-Mendes-por-2-x-0-na-Supercopa-APPM-IMG_0032.jpg 900w\" data-src=\"https:\/\/infonewss.com\/wp-content\/uploads\/2023\/08\/Itainopolis-vence-Vera-Mendes-por-2-x-0-na-Supercopa-APPM-IMG_0032-300x200.jpg\" data-sizes=\"(max-width: 300px) 100vw, 300px\" \/><\/a><\/div>\n<\/figure>\n<figure class=\"gallery-item\">\n<div class=\"gallery-icon landscape\"><a href=\"https:\/\/infonewss.com\/wp-content\/uploads\/2023\/08\/Itainopolis-vence-Vera-Mendes-por-2-x-0-na-Supercopa-APPM-IMG_0033.jpg\"><img loading=\"lazy\" decoding=\"async\" class=\"attachment-medium size-medium lazyloaded\" src=\"https:\/\/infonewss.com\/wp-content\/uploads\/2023\/08\/Itainopolis-vence-Vera-Mendes-por-2-x-0-na-Supercopa-APPM-IMG_0033-300x200.jpg\" sizes=\"(max-width: 300px) 100vw, 300px\" srcset=\"https:\/\/infonewss.com\/wp-content\/uploads\/2023\/08\/Itainopolis-vence-Vera-Mendes-por-2-x-0-na-Supercopa-APPM-IMG_0033-300x200.jpg 300w, https:\/\/infonewss.com\/wp-content\/uploads\/2023\/08\/Itainopolis-vence-Vera-Mendes-por-2-x-0-na-Supercopa-APPM-IMG_0033-768x512.jpg 768w, https:\/\/infonewss.com\/wp-content\/uploads\/2023\/08\/Itainopolis-vence-Vera-Mendes-por-2-x-0-na-Supercopa-APPM-IMG_0033-150x100.jpg 150w, https:\/\/infonewss.com\/wp-content\/uploads\/2023\/08\/Itainopolis-vence-Vera-Mendes-por-2-x-0-na-Supercopa-APPM-IMG_0033-696x464.jpg 696w, https:\/\/infonewss.com\/wp-content\/uploads\/2023\/08\/Itainopolis-vence-Vera-Mendes-por-2-x-0-na-Supercopa-APPM-IMG_0033.jpg 900w\" alt=\"\" width=\"300\" height=\"200\" data-srcset=\"https:\/\/infonewss.com\/wp-content\/uploads\/2023\/08\/Itainopolis-vence-Vera-Mendes-por-2-x-0-na-Supercopa-APPM-IMG_0033-300x200.jpg 300w, https:\/\/infonewss.com\/wp-content\/uploads\/2023\/08\/Itainopolis-vence-Vera-Mendes-por-2-x-0-na-Supercopa-APPM-IMG_0033-768x512.jpg 768w, https:\/\/infonewss.com\/wp-content\/uploads\/2023\/08\/Itainopolis-vence-Vera-Mendes-por-2-x-0-na-Supercopa-APPM-IMG_0033-150x100.jpg 150w, https:\/\/infonewss.com\/wp-content\/uploads\/2023\/08\/Itainopolis-vence-Vera-Mendes-por-2-x-0-na-Supercopa-APPM-IMG_0033-696x464.jpg 696w, https:\/\/infonewss.com\/wp-content\/uploads\/2023\/08\/Itainopolis-vence-Vera-Mendes-por-2-x-0-na-Supercopa-APPM-IMG_0033.jpg 900w\" data-src=\"https:\/\/infonewss.com\/wp-content\/uploads\/2023\/08\/Itainopolis-vence-Vera-Mendes-por-2-x-0-na-Supercopa-APPM-IMG_0033-300x200.jpg\" data-sizes=\"(max-width: 300px) 100vw, 300px\" \/><\/a><\/div>\n<\/figure>\n<figure class=\"gallery-item\">\n<div class=\"gallery-icon landscape\"><a href=\"https:\/\/infonewss.com\/wp-content\/uploads\/2023\/08\/Itainopolis-vence-Vera-Mendes-por-2-x-0-na-Supercopa-APPM-IMG_0034.jpg\"><img loading=\"lazy\" decoding=\"async\" class=\"attachment-medium size-medium lazyloaded\" src=\"https:\/\/infonewss.com\/wp-content\/uploads\/2023\/08\/Itainopolis-vence-Vera-Mendes-por-2-x-0-na-Supercopa-APPM-IMG_0034-300x200.jpg\" sizes=\"(max-width: 300px) 100vw, 300px\" srcset=\"https:\/\/infonewss.com\/wp-content\/uploads\/2023\/08\/Itainopolis-vence-Vera-Mendes-por-2-x-0-na-Supercopa-APPM-IMG_0034-300x200.jpg 300w, https:\/\/infonewss.com\/wp-content\/uploads\/2023\/08\/Itainopolis-vence-Vera-Mendes-por-2-x-0-na-Supercopa-APPM-IMG_0034-768x512.jpg 768w, https:\/\/infonewss.com\/wp-content\/uploads\/2023\/08\/Itainopolis-vence-Vera-Mendes-por-2-x-0-na-Supercopa-APPM-IMG_0034-150x100.jpg 150w, https:\/\/infonewss.com\/wp-content\/uploads\/2023\/08\/Itainopolis-vence-Vera-Mendes-por-2-x-0-na-Supercopa-APPM-IMG_0034-696x464.jpg 696w, https:\/\/infonewss.com\/wp-content\/uploads\/2023\/08\/Itainopolis-vence-Vera-Mendes-por-2-x-0-na-Supercopa-APPM-IMG_0034.jpg 900w\" alt=\"\" width=\"300\" height=\"200\" data-srcset=\"https:\/\/infonewss.com\/wp-content\/uploads\/2023\/08\/Itainopolis-vence-Vera-Mendes-por-2-x-0-na-Supercopa-APPM-IMG_0034-300x200.jpg 300w, https:\/\/infonewss.com\/wp-content\/uploads\/2023\/08\/Itainopolis-vence-Vera-Mendes-por-2-x-0-na-Supercopa-APPM-IMG_0034-768x512.jpg 768w, https:\/\/infonewss.com\/wp-content\/uploads\/2023\/08\/Itainopolis-vence-Vera-Mendes-por-2-x-0-na-Supercopa-APPM-IMG_0034-150x100.jpg 150w, https:\/\/infonewss.com\/wp-content\/uploads\/2023\/08\/Itainopolis-vence-Vera-Mendes-por-2-x-0-na-Supercopa-APPM-IMG_0034-696x464.jpg 696w, https:\/\/infonewss.com\/wp-content\/uploads\/2023\/08\/Itainopolis-vence-Vera-Mendes-por-2-x-0-na-Supercopa-APPM-IMG_0034.jpg 900w\" data-src=\"https:\/\/infonewss.com\/wp-content\/uploads\/2023\/08\/Itainopolis-vence-Vera-Mendes-por-2-x-0-na-Supercopa-APPM-IMG_0034-300x200.jpg\" data-sizes=\"(max-width: 300px) 100vw, 300px\" \/><\/a><\/div>\n<\/figure>\n<figure class=\"gallery-item\">\n<div class=\"gallery-icon landscape\"><a href=\"https:\/\/infonewss.com\/wp-content\/uploads\/2023\/08\/Itainopolis-vence-Vera-Mendes-por-2-x-0-na-Supercopa-APPM-IMG_0035.jpg\"><img loading=\"lazy\" decoding=\"async\" class=\"attachment-medium size-medium lazyloaded\" src=\"https:\/\/infonewss.com\/wp-content\/uploads\/2023\/08\/Itainopolis-vence-Vera-Mendes-por-2-x-0-na-Supercopa-APPM-IMG_0035-300x200.jpg\" sizes=\"(max-width: 300px) 100vw, 300px\" srcset=\"https:\/\/infonewss.com\/wp-content\/uploads\/2023\/08\/Itainopolis-vence-Vera-Mendes-por-2-x-0-na-Supercopa-APPM-IMG_0035-300x200.jpg 300w, https:\/\/infonewss.com\/wp-content\/uploads\/2023\/08\/Itainopolis-vence-Vera-Mendes-por-2-x-0-na-Supercopa-APPM-IMG_0035-768x512.jpg 768w, https:\/\/infonewss.com\/wp-content\/uploads\/2023\/08\/Itainopolis-vence-Vera-Mendes-por-2-x-0-na-Supercopa-APPM-IMG_0035-150x100.jpg 150w, https:\/\/infonewss.com\/wp-content\/uploads\/2023\/08\/Itainopolis-vence-Vera-Mendes-por-2-x-0-na-Supercopa-APPM-IMG_0035-696x464.jpg 696w, https:\/\/infonewss.com\/wp-content\/uploads\/2023\/08\/Itainopolis-vence-Vera-Mendes-por-2-x-0-na-Supercopa-APPM-IMG_0035.jpg 900w\" alt=\"\" width=\"300\" height=\"200\" data-srcset=\"https:\/\/infonewss.com\/wp-content\/uploads\/2023\/08\/Itainopolis-vence-Vera-Mendes-por-2-x-0-na-Supercopa-APPM-IMG_0035-300x200.jpg 300w, https:\/\/infonewss.com\/wp-content\/uploads\/2023\/08\/Itainopolis-vence-Vera-Mendes-por-2-x-0-na-Supercopa-APPM-IMG_0035-768x512.jpg 768w, https:\/\/infonewss.com\/wp-content\/uploads\/2023\/08\/Itainopolis-vence-Vera-Mendes-por-2-x-0-na-Supercopa-APPM-IMG_0035-150x100.jpg 150w, https:\/\/infonewss.com\/wp-content\/uploads\/2023\/08\/Itainopolis-vence-Vera-Mendes-por-2-x-0-na-Supercopa-APPM-IMG_0035-696x464.jpg 696w, https:\/\/infonewss.com\/wp-content\/uploads\/2023\/08\/Itainopolis-vence-Vera-Mendes-por-2-x-0-na-Supercopa-APPM-IMG_0035.jpg 900w\" data-src=\"https:\/\/infonewss.com\/wp-content\/uploads\/2023\/08\/Itainopolis-vence-Vera-Mendes-por-2-x-0-na-Supercopa-APPM-IMG_0035-300x200.jpg\" data-sizes=\"(max-width: 300px) 100vw, 300px\" \/><\/a><\/div>\n<\/figure>\n<figure class=\"gallery-item\">\n<div class=\"gallery-icon landscape\"><a href=\"https:\/\/infonewss.com\/wp-content\/uploads\/2023\/08\/Itainopolis-vence-Vera-Mendes-por-2-x-0-na-Supercopa-APPM-IMG_0036.jpg\"><img loading=\"lazy\" decoding=\"async\" class=\"attachment-medium size-medium lazyloaded\" src=\"https:\/\/infonewss.com\/wp-content\/uploads\/2023\/08\/Itainopolis-vence-Vera-Mendes-por-2-x-0-na-Supercopa-APPM-IMG_0036-300x200.jpg\" sizes=\"(max-width: 300px) 100vw, 300px\" srcset=\"https:\/\/infonewss.com\/wp-content\/uploads\/2023\/08\/Itainopolis-vence-Vera-Mendes-por-2-x-0-na-Supercopa-APPM-IMG_0036-300x200.jpg 300w, https:\/\/infonewss.com\/wp-content\/uploads\/2023\/08\/Itainopolis-vence-Vera-Mendes-por-2-x-0-na-Supercopa-APPM-IMG_0036-768x512.jpg 768w, https:\/\/infonewss.com\/wp-content\/uploads\/2023\/08\/Itainopolis-vence-Vera-Mendes-por-2-x-0-na-Supercopa-APPM-IMG_0036-150x100.jpg 150w, https:\/\/infonewss.com\/wp-content\/uploads\/2023\/08\/Itainopolis-vence-Vera-Mendes-por-2-x-0-na-Supercopa-APPM-IMG_0036-696x464.jpg 696w, https:\/\/infonewss.com\/wp-content\/uploads\/2023\/08\/Itainopolis-vence-Vera-Mendes-por-2-x-0-na-Supercopa-APPM-IMG_0036.jpg 900w\" alt=\"\" width=\"300\" height=\"200\" data-srcset=\"https:\/\/infonewss.com\/wp-content\/uploads\/2023\/08\/Itainopolis-vence-Vera-Mendes-por-2-x-0-na-Supercopa-APPM-IMG_0036-300x200.jpg 300w, https:\/\/infonewss.com\/wp-content\/uploads\/2023\/08\/Itainopolis-vence-Vera-Mendes-por-2-x-0-na-Supercopa-APPM-IMG_0036-768x512.jpg 768w, https:\/\/infonewss.com\/wp-content\/uploads\/2023\/08\/Itainopolis-vence-Vera-Mendes-por-2-x-0-na-Supercopa-APPM-IMG_0036-150x100.jpg 150w, https:\/\/infonewss.com\/wp-content\/uploads\/2023\/08\/Itainopolis-vence-Vera-Mendes-por-2-x-0-na-Supercopa-APPM-IMG_0036-696x464.jpg 696w, https:\/\/infonewss.com\/wp-content\/uploads\/2023\/08\/Itainopolis-vence-Vera-Mendes-por-2-x-0-na-Supercopa-APPM-IMG_0036.jpg 900w\" data-src=\"https:\/\/infonewss.com\/wp-content\/uploads\/2023\/08\/Itainopolis-vence-Vera-Mendes-por-2-x-0-na-Supercopa-APPM-IMG_0036-300x200.jpg\" data-sizes=\"(max-width: 300px) 100vw, 300px\" \/><\/a><\/div>\n<\/figure>\n<figure class=\"gallery-item\">\n<div class=\"gallery-icon landscape\"><a href=\"https:\/\/infonewss.com\/wp-content\/uploads\/2023\/08\/Itainopolis-vence-Vera-Mendes-por-2-x-0-na-Supercopa-APPM-IMG_0037.jpg\"><img loading=\"lazy\" decoding=\"async\" class=\"attachment-medium size-medium lazyloaded\" src=\"https:\/\/infonewss.com\/wp-content\/uploads\/2023\/08\/Itainopolis-vence-Vera-Mendes-por-2-x-0-na-Supercopa-APPM-IMG_0037-300x200.jpg\" sizes=\"(max-width: 300px) 100vw, 300px\" srcset=\"https:\/\/infonewss.com\/wp-content\/uploads\/2023\/08\/Itainopolis-vence-Vera-Mendes-por-2-x-0-na-Supercopa-APPM-IMG_0037-300x200.jpg 300w, https:\/\/infonewss.com\/wp-content\/uploads\/2023\/08\/Itainopolis-vence-Vera-Mendes-por-2-x-0-na-Supercopa-APPM-IMG_0037-768x512.jpg 768w, https:\/\/infonewss.com\/wp-content\/uploads\/2023\/08\/Itainopolis-vence-Vera-Mendes-por-2-x-0-na-Supercopa-APPM-IMG_0037-150x100.jpg 150w, https:\/\/infonewss.com\/wp-content\/uploads\/2023\/08\/Itainopolis-vence-Vera-Mendes-por-2-x-0-na-Supercopa-APPM-IMG_0037-696x464.jpg 696w, https:\/\/infonewss.com\/wp-content\/uploads\/2023\/08\/Itainopolis-vence-Vera-Mendes-por-2-x-0-na-Supercopa-APPM-IMG_0037.jpg 900w\" alt=\"\" width=\"300\" height=\"200\" data-srcset=\"https:\/\/infonewss.com\/wp-content\/uploads\/2023\/08\/Itainopolis-vence-Vera-Mendes-por-2-x-0-na-Supercopa-APPM-IMG_0037-300x200.jpg 300w, https:\/\/infonewss.com\/wp-content\/uploads\/2023\/08\/Itainopolis-vence-Vera-Mendes-por-2-x-0-na-Supercopa-APPM-IMG_0037-768x512.jpg 768w, https:\/\/infonewss.com\/wp-content\/uploads\/2023\/08\/Itainopolis-vence-Vera-Mendes-por-2-x-0-na-Supercopa-APPM-IMG_0037-150x100.jpg 150w, https:\/\/infonewss.com\/wp-content\/uploads\/2023\/08\/Itainopolis-vence-Vera-Mendes-por-2-x-0-na-Supercopa-APPM-IMG_0037-696x464.jpg 696w, https:\/\/infonewss.com\/wp-content\/uploads\/2023\/08\/Itainopolis-vence-Vera-Mendes-por-2-x-0-na-Supercopa-APPM-IMG_0037.jpg 900w\" data-src=\"https:\/\/infonewss.com\/wp-content\/uploads\/2023\/08\/Itainopolis-vence-Vera-Mendes-por-2-x-0-na-Supercopa-APPM-IMG_0037-300x200.jpg\" data-sizes=\"(max-width: 300px) 100vw, 300px\" \/><\/a><\/div>\n<\/figure>\n<figure class=\"gallery-item\">\n<div class=\"gallery-icon landscape\"><a href=\"https:\/\/infonewss.com\/wp-content\/uploads\/2023\/08\/Itainopolis-vence-Vera-Mendes-por-2-x-0-na-Supercopa-APPM-IMG_0039.jpg\"><img loading=\"lazy\" decoding=\"async\" class=\"attachment-medium size-medium lazyloaded\" src=\"https:\/\/infonewss.com\/wp-content\/uploads\/2023\/08\/Itainopolis-vence-Vera-Mendes-por-2-x-0-na-Supercopa-APPM-IMG_0039-300x200.jpg\" sizes=\"(max-width: 300px) 100vw, 300px\" srcset=\"https:\/\/infonewss.com\/wp-content\/uploads\/2023\/08\/Itainopolis-vence-Vera-Mendes-por-2-x-0-na-Supercopa-APPM-IMG_0039-300x200.jpg 300w, https:\/\/infonewss.com\/wp-content\/uploads\/2023\/08\/Itainopolis-vence-Vera-Mendes-por-2-x-0-na-Supercopa-APPM-IMG_0039-768x512.jpg 768w, https:\/\/infonewss.com\/wp-content\/uploads\/2023\/08\/Itainopolis-vence-Vera-Mendes-por-2-x-0-na-Supercopa-APPM-IMG_0039-150x100.jpg 150w, https:\/\/infonewss.com\/wp-content\/uploads\/2023\/08\/Itainopolis-vence-Vera-Mendes-por-2-x-0-na-Supercopa-APPM-IMG_0039-696x464.jpg 696w, https:\/\/infonewss.com\/wp-content\/uploads\/2023\/08\/Itainopolis-vence-Vera-Mendes-por-2-x-0-na-Supercopa-APPM-IMG_0039.jpg 900w\" alt=\"\" width=\"300\" height=\"200\" data-srcset=\"https:\/\/infonewss.com\/wp-content\/uploads\/2023\/08\/Itainopolis-vence-Vera-Mendes-por-2-x-0-na-Supercopa-APPM-IMG_0039-300x200.jpg 300w, https:\/\/infonewss.com\/wp-content\/uploads\/2023\/08\/Itainopolis-vence-Vera-Mendes-por-2-x-0-na-Supercopa-APPM-IMG_0039-768x512.jpg 768w, https:\/\/infonewss.com\/wp-content\/uploads\/2023\/08\/Itainopolis-vence-Vera-Mendes-por-2-x-0-na-Supercopa-APPM-IMG_0039-150x100.jpg 150w, https:\/\/infonewss.com\/wp-content\/uploads\/2023\/08\/Itainopolis-vence-Vera-Mendes-por-2-x-0-na-Supercopa-APPM-IMG_0039-696x464.jpg 696w, https:\/\/infonewss.com\/wp-content\/uploads\/2023\/08\/Itainopolis-vence-Vera-Mendes-por-2-x-0-na-Supercopa-APPM-IMG_0039.jpg 900w\" data-src=\"https:\/\/infonewss.com\/wp-content\/uploads\/2023\/08\/Itainopolis-vence-Vera-Mendes-por-2-x-0-na-Supercopa-APPM-IMG_0039-300x200.jpg\" data-sizes=\"(max-width: 300px) 100vw, 300px\" \/><\/a><\/div>\n<\/figure>\n<figure class=\"gallery-item\">\n<div class=\"gallery-icon landscape\"><a href=\"https:\/\/infonewss.com\/wp-content\/uploads\/2023\/08\/Itainopolis-vence-Vera-Mendes-por-2-x-0-na-Supercopa-APPM-IMG_0041.jpg\"><img loading=\"lazy\" decoding=\"async\" class=\"attachment-medium size-medium lazyloaded\" src=\"https:\/\/infonewss.com\/wp-content\/uploads\/2023\/08\/Itainopolis-vence-Vera-Mendes-por-2-x-0-na-Supercopa-APPM-IMG_0041-300x200.jpg\" sizes=\"(max-width: 300px) 100vw, 300px\" srcset=\"https:\/\/infonewss.com\/wp-content\/uploads\/2023\/08\/Itainopolis-vence-Vera-Mendes-por-2-x-0-na-Supercopa-APPM-IMG_0041-300x200.jpg 300w, https:\/\/infonewss.com\/wp-content\/uploads\/2023\/08\/Itainopolis-vence-Vera-Mendes-por-2-x-0-na-Supercopa-APPM-IMG_0041-768x512.jpg 768w, https:\/\/infonewss.com\/wp-content\/uploads\/2023\/08\/Itainopolis-vence-Vera-Mendes-por-2-x-0-na-Supercopa-APPM-IMG_0041-150x100.jpg 150w, https:\/\/infonewss.com\/wp-content\/uploads\/2023\/08\/Itainopolis-vence-Vera-Mendes-por-2-x-0-na-Supercopa-APPM-IMG_0041-696x464.jpg 696w, https:\/\/infonewss.com\/wp-content\/uploads\/2023\/08\/Itainopolis-vence-Vera-Mendes-por-2-x-0-na-Supercopa-APPM-IMG_0041.jpg 900w\" alt=\"\" width=\"300\" height=\"200\" data-srcset=\"https:\/\/infonewss.com\/wp-content\/uploads\/2023\/08\/Itainopolis-vence-Vera-Mendes-por-2-x-0-na-Supercopa-APPM-IMG_0041-300x200.jpg 300w, https:\/\/infonewss.com\/wp-content\/uploads\/2023\/08\/Itainopolis-vence-Vera-Mendes-por-2-x-0-na-Supercopa-APPM-IMG_0041-768x512.jpg 768w, https:\/\/infonewss.com\/wp-content\/uploads\/2023\/08\/Itainopolis-vence-Vera-Mendes-por-2-x-0-na-Supercopa-APPM-IMG_0041-150x100.jpg 150w, https:\/\/infonewss.com\/wp-content\/uploads\/2023\/08\/Itainopolis-vence-Vera-Mendes-por-2-x-0-na-Supercopa-APPM-IMG_0041-696x464.jpg 696w, https:\/\/infonewss.com\/wp-content\/uploads\/2023\/08\/Itainopolis-vence-Vera-Mendes-por-2-x-0-na-Supercopa-APPM-IMG_0041.jpg 900w\" data-src=\"https:\/\/infonewss.com\/wp-content\/uploads\/2023\/08\/Itainopolis-vence-Vera-Mendes-por-2-x-0-na-Supercopa-APPM-IMG_0041-300x200.jpg\" data-sizes=\"(max-width: 300px) 100vw, 300px\" \/><\/a><\/div>\n<\/figure>\n<figure class=\"gallery-item\">\n<div class=\"gallery-icon landscape\"><a href=\"https:\/\/infonewss.com\/wp-content\/uploads\/2023\/08\/Itainopolis-vence-Vera-Mendes-por-2-x-0-na-Supercopa-APPM-IMG_0042.jpg\"><img loading=\"lazy\" decoding=\"async\" class=\"attachment-medium size-medium lazyloaded\" src=\"https:\/\/infonewss.com\/wp-content\/uploads\/2023\/08\/Itainopolis-vence-Vera-Mendes-por-2-x-0-na-Supercopa-APPM-IMG_0042-300x200.jpg\" sizes=\"(max-width: 300px) 100vw, 300px\" srcset=\"https:\/\/infonewss.com\/wp-content\/uploads\/2023\/08\/Itainopolis-vence-Vera-Mendes-por-2-x-0-na-Supercopa-APPM-IMG_0042-300x200.jpg 300w, https:\/\/infonewss.com\/wp-content\/uploads\/2023\/08\/Itainopolis-vence-Vera-Mendes-por-2-x-0-na-Supercopa-APPM-IMG_0042-768x512.jpg 768w, https:\/\/infonewss.com\/wp-content\/uploads\/2023\/08\/Itainopolis-vence-Vera-Mendes-por-2-x-0-na-Supercopa-APPM-IMG_0042-150x100.jpg 150w, https:\/\/infonewss.com\/wp-content\/uploads\/2023\/08\/Itainopolis-vence-Vera-Mendes-por-2-x-0-na-Supercopa-APPM-IMG_0042-696x464.jpg 696w, https:\/\/infonewss.com\/wp-content\/uploads\/2023\/08\/Itainopolis-vence-Vera-Mendes-por-2-x-0-na-Supercopa-APPM-IMG_0042.jpg 900w\" alt=\"\" width=\"300\" height=\"200\" data-srcset=\"https:\/\/infonewss.com\/wp-content\/uploads\/2023\/08\/Itainopolis-vence-Vera-Mendes-por-2-x-0-na-Supercopa-APPM-IMG_0042-300x200.jpg 300w, https:\/\/infonewss.com\/wp-content\/uploads\/2023\/08\/Itainopolis-vence-Vera-Mendes-por-2-x-0-na-Supercopa-APPM-IMG_0042-768x512.jpg 768w, https:\/\/infonewss.com\/wp-content\/uploads\/2023\/08\/Itainopolis-vence-Vera-Mendes-por-2-x-0-na-Supercopa-APPM-IMG_0042-150x100.jpg 150w, https:\/\/infonewss.com\/wp-content\/uploads\/2023\/08\/Itainopolis-vence-Vera-Mendes-por-2-x-0-na-Supercopa-APPM-IMG_0042-696x464.jpg 696w, https:\/\/infonewss.com\/wp-content\/uploads\/2023\/08\/Itainopolis-vence-Vera-Mendes-por-2-x-0-na-Supercopa-APPM-IMG_0042.jpg 900w\" data-src=\"https:\/\/infonewss.com\/wp-content\/uploads\/2023\/08\/Itainopolis-vence-Vera-Mendes-por-2-x-0-na-Supercopa-APPM-IMG_0042-300x200.jpg\" data-sizes=\"(max-width: 300px) 100vw, 300px\" \/><\/a><\/div>\n<\/figure>\n<figure class=\"gallery-item\">\n<div class=\"gallery-icon portrait\"><a href=\"https:\/\/infonewss.com\/wp-content\/uploads\/2023\/08\/Itainopolis-vence-Vera-Mendes-por-2-x-0-na-Supercopa-APPM-IMG_0043.jpg\"><img loading=\"lazy\" decoding=\"async\" class=\"attachment-medium size-medium lazyloaded\" src=\"https:\/\/infonewss.com\/wp-content\/uploads\/2023\/08\/Itainopolis-vence-Vera-Mendes-por-2-x-0-na-Supercopa-APPM-IMG_0043-200x300.jpg\" sizes=\"(max-width: 200px) 100vw, 200px\" srcset=\"https:\/\/infonewss.com\/wp-content\/uploads\/2023\/08\/Itainopolis-vence-Vera-Mendes-por-2-x-0-na-Supercopa-APPM-IMG_0043-200x300.jpg 200w, https:\/\/infonewss.com\/wp-content\/uploads\/2023\/08\/Itainopolis-vence-Vera-Mendes-por-2-x-0-na-Supercopa-APPM-IMG_0043-683x1024.jpg 683w, https:\/\/infonewss.com\/wp-content\/uploads\/2023\/08\/Itainopolis-vence-Vera-Mendes-por-2-x-0-na-Supercopa-APPM-IMG_0043-768x1152.jpg 768w, https:\/\/infonewss.com\/wp-content\/uploads\/2023\/08\/Itainopolis-vence-Vera-Mendes-por-2-x-0-na-Supercopa-APPM-IMG_0043-150x225.jpg 150w, https:\/\/infonewss.com\/wp-content\/uploads\/2023\/08\/Itainopolis-vence-Vera-Mendes-por-2-x-0-na-Supercopa-APPM-IMG_0043-300x450.jpg 300w, https:\/\/infonewss.com\/wp-content\/uploads\/2023\/08\/Itainopolis-vence-Vera-Mendes-por-2-x-0-na-Supercopa-APPM-IMG_0043-696x1044.jpg 696w, https:\/\/infonewss.com\/wp-content\/uploads\/2023\/08\/Itainopolis-vence-Vera-Mendes-por-2-x-0-na-Supercopa-APPM-IMG_0043.jpg 900w\" alt=\"\" width=\"200\" height=\"300\" data-srcset=\"https:\/\/infonewss.com\/wp-content\/uploads\/2023\/08\/Itainopolis-vence-Vera-Mendes-por-2-x-0-na-Supercopa-APPM-IMG_0043-200x300.jpg 200w, https:\/\/infonewss.com\/wp-content\/uploads\/2023\/08\/Itainopolis-vence-Vera-Mendes-por-2-x-0-na-Supercopa-APPM-IMG_0043-683x1024.jpg 683w, https:\/\/infonewss.com\/wp-content\/uploads\/2023\/08\/Itainopolis-vence-Vera-Mendes-por-2-x-0-na-Supercopa-APPM-IMG_0043-768x1152.jpg 768w, https:\/\/infonewss.com\/wp-content\/uploads\/2023\/08\/Itainopolis-vence-Vera-Mendes-por-2-x-0-na-Supercopa-APPM-IMG_0043-150x225.jpg 150w, https:\/\/infonewss.com\/wp-content\/uploads\/2023\/08\/Itainopolis-vence-Vera-Mendes-por-2-x-0-na-Supercopa-APPM-IMG_0043-300x450.jpg 300w, https:\/\/infonewss.com\/wp-content\/uploads\/2023\/08\/Itainopolis-vence-Vera-Mendes-por-2-x-0-na-Supercopa-APPM-IMG_0043-696x1044.jpg 696w, https:\/\/infonewss.com\/wp-content\/uploads\/2023\/08\/Itainopolis-vence-Vera-Mendes-por-2-x-0-na-Supercopa-APPM-IMG_0043.jpg 900w\" data-src=\"https:\/\/infonewss.com\/wp-content\/uploads\/2023\/08\/Itainopolis-vence-Vera-Mendes-por-2-x-0-na-Supercopa-APPM-IMG_0043-200x300.jpg\" data-sizes=\"(max-width: 200px) 100vw, 200px\" \/><\/a><\/div>\n<\/figure>\n<figure class=\"gallery-item\">\n<div class=\"gallery-icon portrait\"><a href=\"https:\/\/infonewss.com\/wp-content\/uploads\/2023\/08\/Itainopolis-vence-Vera-Mendes-por-2-x-0-na-Supercopa-APPM-IMG_0044.jpg\"><img loading=\"lazy\" decoding=\"async\" class=\"attachment-medium size-medium lazyloaded\" src=\"https:\/\/infonewss.com\/wp-content\/uploads\/2023\/08\/Itainopolis-vence-Vera-Mendes-por-2-x-0-na-Supercopa-APPM-IMG_0044-200x300.jpg\" sizes=\"(max-width: 200px) 100vw, 200px\" srcset=\"https:\/\/infonewss.com\/wp-content\/uploads\/2023\/08\/Itainopolis-vence-Vera-Mendes-por-2-x-0-na-Supercopa-APPM-IMG_0044-200x300.jpg 200w, https:\/\/infonewss.com\/wp-content\/uploads\/2023\/08\/Itainopolis-vence-Vera-Mendes-por-2-x-0-na-Supercopa-APPM-IMG_0044-683x1024.jpg 683w, https:\/\/infonewss.com\/wp-content\/uploads\/2023\/08\/Itainopolis-vence-Vera-Mendes-por-2-x-0-na-Supercopa-APPM-IMG_0044-768x1152.jpg 768w, https:\/\/infonewss.com\/wp-content\/uploads\/2023\/08\/Itainopolis-vence-Vera-Mendes-por-2-x-0-na-Supercopa-APPM-IMG_0044-150x225.jpg 150w, https:\/\/infonewss.com\/wp-content\/uploads\/2023\/08\/Itainopolis-vence-Vera-Mendes-por-2-x-0-na-Supercopa-APPM-IMG_0044-300x450.jpg 300w, https:\/\/infonewss.com\/wp-content\/uploads\/2023\/08\/Itainopolis-vence-Vera-Mendes-por-2-x-0-na-Supercopa-APPM-IMG_0044-696x1044.jpg 696w, https:\/\/infonewss.com\/wp-content\/uploads\/2023\/08\/Itainopolis-vence-Vera-Mendes-por-2-x-0-na-Supercopa-APPM-IMG_0044.jpg 900w\" alt=\"\" width=\"200\" height=\"300\" data-srcset=\"https:\/\/infonewss.com\/wp-content\/uploads\/2023\/08\/Itainopolis-vence-Vera-Mendes-por-2-x-0-na-Supercopa-APPM-IMG_0044-200x300.jpg 200w, https:\/\/infonewss.com\/wp-content\/uploads\/2023\/08\/Itainopolis-vence-Vera-Mendes-por-2-x-0-na-Supercopa-APPM-IMG_0044-683x1024.jpg 683w, https:\/\/infonewss.com\/wp-content\/uploads\/2023\/08\/Itainopolis-vence-Vera-Mendes-por-2-x-0-na-Supercopa-APPM-IMG_0044-768x1152.jpg 768w, https:\/\/infonewss.com\/wp-content\/uploads\/2023\/08\/Itainopolis-vence-Vera-Mendes-por-2-x-0-na-Supercopa-APPM-IMG_0044-150x225.jpg 150w, https:\/\/infonewss.com\/wp-content\/uploads\/2023\/08\/Itainopolis-vence-Vera-Mendes-por-2-x-0-na-Supercopa-APPM-IMG_0044-300x450.jpg 300w, https:\/\/infonewss.com\/wp-content\/uploads\/2023\/08\/Itainopolis-vence-Vera-Mendes-por-2-x-0-na-Supercopa-APPM-IMG_0044-696x1044.jpg 696w, https:\/\/infonewss.com\/wp-content\/uploads\/2023\/08\/Itainopolis-vence-Vera-Mendes-por-2-x-0-na-Supercopa-APPM-IMG_0044.jpg 900w\" data-src=\"https:\/\/infonewss.com\/wp-content\/uploads\/2023\/08\/Itainopolis-vence-Vera-Mendes-por-2-x-0-na-Supercopa-APPM-IMG_0044-200x300.jpg\" data-sizes=\"(max-width: 200px) 100vw, 200px\" \/><\/a><\/div>\n<\/figure>\n<figure class=\"gallery-item\">\n<div class=\"gallery-icon portrait\"><a href=\"https:\/\/infonewss.com\/wp-content\/uploads\/2023\/08\/Itainopolis-vence-Vera-Mendes-por-2-x-0-na-Supercopa-APPM-IMG_0045.jpg\"><img loading=\"lazy\" decoding=\"async\" class=\"attachment-medium size-medium lazyload\" src=\"data:image\/gif;base64,R0lGODlhAQABAAAAACH5BAEKAAEALAAAAAABAAEAAAICTAEAOw==\" alt=\"\" width=\"200\" height=\"300\" data-srcset=\"https:\/\/infonewss.com\/wp-content\/uploads\/2023\/08\/Itainopolis-vence-Vera-Mendes-por-2-x-0-na-Supercopa-APPM-IMG_0045-200x300.jpg 200w, https:\/\/infonewss.com\/wp-content\/uploads\/2023\/08\/Itainopolis-vence-Vera-Mendes-por-2-x-0-na-Supercopa-APPM-IMG_0045-683x1024.jpg 683w, https:\/\/infonewss.com\/wp-content\/uploads\/2023\/08\/Itainopolis-vence-Vera-Mendes-por-2-x-0-na-Supercopa-APPM-IMG_0045-768x1152.jpg 768w, https:\/\/infonewss.com\/wp-content\/uploads\/2023\/08\/Itainopolis-vence-Vera-Mendes-por-2-x-0-na-Supercopa-APPM-IMG_0045-150x225.jpg 150w, https:\/\/infonewss.com\/wp-content\/uploads\/2023\/08\/Itainopolis-vence-Vera-Mendes-por-2-x-0-na-Supercopa-APPM-IMG_0045-300x450.jpg 300w, https:\/\/infonewss.com\/wp-content\/uploads\/2023\/08\/Itainopolis-vence-Vera-Mendes-por-2-x-0-na-Supercopa-APPM-IMG_0045-696x1044.jpg 696w, https:\/\/infonewss.com\/wp-content\/uploads\/2023\/08\/Itainopolis-vence-Vera-Mendes-por-2-x-0-na-Supercopa-APPM-IMG_0045.jpg 900w\" data-src=\"https:\/\/infonewss.com\/wp-content\/uploads\/2023\/08\/Itainopolis-vence-Vera-Mendes-por-2-x-0-na-Supercopa-APPM-IMG_0045-200x300.jpg\" data-sizes=\"(max-width: 200px) 100vw, 200px\" \/><\/a><\/div>\n<\/figure>\n<figure class=\"gallery-item\">\n<div class=\"gallery-icon landscape\"><a href=\"https:\/\/infonewss.com\/wp-content\/uploads\/2023\/08\/Itainopolis-vence-Vera-Mendes-por-2-x-0-na-Supercopa-APPM-IMG_0047.jpg\"><img loading=\"lazy\" decoding=\"async\" class=\"attachment-medium size-medium lazyload\" src=\"data:image\/gif;base64,R0lGODlhAQABAAAAACH5BAEKAAEALAAAAAABAAEAAAICTAEAOw==\" alt=\"\" width=\"300\" height=\"200\" data-srcset=\"https:\/\/infonewss.com\/wp-content\/uploads\/2023\/08\/Itainopolis-vence-Vera-Mendes-por-2-x-0-na-Supercopa-APPM-IMG_0047-300x200.jpg 300w, https:\/\/infonewss.com\/wp-content\/uploads\/2023\/08\/Itainopolis-vence-Vera-Mendes-por-2-x-0-na-Supercopa-APPM-IMG_0047-768x512.jpg 768w, https:\/\/infonewss.com\/wp-content\/uploads\/2023\/08\/Itainopolis-vence-Vera-Mendes-por-2-x-0-na-Supercopa-APPM-IMG_0047-150x100.jpg 150w, https:\/\/infonewss.com\/wp-content\/uploads\/2023\/08\/Itainopolis-vence-Vera-Mendes-por-2-x-0-na-Supercopa-APPM-IMG_0047-696x464.jpg 696w, https:\/\/infonewss.com\/wp-content\/uploads\/2023\/08\/Itainopolis-vence-Vera-Mendes-por-2-x-0-na-Supercopa-APPM-IMG_0047.jpg 900w\" data-src=\"https:\/\/infonewss.com\/wp-content\/uploads\/2023\/08\/Itainopolis-vence-Vera-Mendes-por-2-x-0-na-Supercopa-APPM-IMG_0047-300x200.jpg\" data-sizes=\"(max-width: 300px) 100vw, 300px\" \/><\/a><\/div>\n<\/figure>\n<figure class=\"gallery-item\">\n<div class=\"gallery-icon landscape\"><a href=\"https:\/\/infonewss.com\/wp-content\/uploads\/2023\/08\/Itainopolis-vence-Vera-Mendes-por-2-x-0-na-Supercopa-APPM-IMG_0048.jpg\"><img loading=\"lazy\" decoding=\"async\" class=\"attachment-medium size-medium lazyload\" src=\"data:image\/gif;base64,R0lGODlhAQABAAAAACH5BAEKAAEALAAAAAABAAEAAAICTAEAOw==\" alt=\"\" width=\"300\" height=\"200\" data-srcset=\"https:\/\/infonewss.com\/wp-content\/uploads\/2023\/08\/Itainopolis-vence-Vera-Mendes-por-2-x-0-na-Supercopa-APPM-IMG_0048-300x200.jpg 300w, https:\/\/infonewss.com\/wp-content\/uploads\/2023\/08\/Itainopolis-vence-Vera-Mendes-por-2-x-0-na-Supercopa-APPM-IMG_0048-768x512.jpg 768w, https:\/\/infonewss.com\/wp-content\/uploads\/2023\/08\/Itainopolis-vence-Vera-Mendes-por-2-x-0-na-Supercopa-APPM-IMG_0048-150x100.jpg 150w, https:\/\/infonewss.com\/wp-content\/uploads\/2023\/08\/Itainopolis-vence-Vera-Mendes-por-2-x-0-na-Supercopa-APPM-IMG_0048-696x464.jpg 696w, https:\/\/infonewss.com\/wp-content\/uploads\/2023\/08\/Itainopolis-vence-Vera-Mendes-por-2-x-0-na-Supercopa-APPM-IMG_0048.jpg 900w\" data-src=\"https:\/\/infonewss.com\/wp-content\/uploads\/2023\/08\/Itainopolis-vence-Vera-Mendes-por-2-x-0-na-Supercopa-APPM-IMG_0048-300x200.jpg\" data-sizes=\"(max-width: 300px) 100vw, 300px\" \/><\/a><\/div>\n<\/figure>\n<figure class=\"gallery-item\">\n<div class=\"gallery-icon landscape\"><a href=\"https:\/\/infonewss.com\/wp-content\/uploads\/2023\/08\/Itainopolis-vence-Vera-Mendes-por-2-x-0-na-Supercopa-APPM-IMG_0049.jpg\"><img loading=\"lazy\" decoding=\"async\" class=\"attachment-medium size-medium lazyload\" src=\"data:image\/gif;base64,R0lGODlhAQABAAAAACH5BAEKAAEALAAAAAABAAEAAAICTAEAOw==\" alt=\"\" width=\"300\" height=\"200\" data-srcset=\"https:\/\/infonewss.com\/wp-content\/uploads\/2023\/08\/Itainopolis-vence-Vera-Mendes-por-2-x-0-na-Supercopa-APPM-IMG_0049-300x200.jpg 300w, https:\/\/infonewss.com\/wp-content\/uploads\/2023\/08\/Itainopolis-vence-Vera-Mendes-por-2-x-0-na-Supercopa-APPM-IMG_0049-768x512.jpg 768w, https:\/\/infonewss.com\/wp-content\/uploads\/2023\/08\/Itainopolis-vence-Vera-Mendes-por-2-x-0-na-Supercopa-APPM-IMG_0049-150x100.jpg 150w, https:\/\/infonewss.com\/wp-content\/uploads\/2023\/08\/Itainopolis-vence-Vera-Mendes-por-2-x-0-na-Supercopa-APPM-IMG_0049-696x464.jpg 696w, https:\/\/infonewss.com\/wp-content\/uploads\/2023\/08\/Itainopolis-vence-Vera-Mendes-por-2-x-0-na-Supercopa-APPM-IMG_0049.jpg 900w\" data-src=\"https:\/\/infonewss.com\/wp-content\/uploads\/2023\/08\/Itainopolis-vence-Vera-Mendes-por-2-x-0-na-Supercopa-APPM-IMG_0049-300x200.jpg\" data-sizes=\"(max-width: 300px) 100vw, 300px\" \/><\/a><\/div>\n<\/figure>\n<figure class=\"gallery-item\">\n<div class=\"gallery-icon landscape\"><a href=\"https:\/\/infonewss.com\/wp-content\/uploads\/2023\/08\/Itainopolis-vence-Vera-Mendes-por-2-x-0-na-Supercopa-APPM-IMG_0051.jpg\"><img loading=\"lazy\" decoding=\"async\" class=\"attachment-medium size-medium lazyload\" src=\"data:image\/gif;base64,R0lGODlhAQABAAAAACH5BAEKAAEALAAAAAABAAEAAAICTAEAOw==\" alt=\"\" width=\"300\" height=\"200\" data-srcset=\"https:\/\/infonewss.com\/wp-content\/uploads\/2023\/08\/Itainopolis-vence-Vera-Mendes-por-2-x-0-na-Supercopa-APPM-IMG_0051-300x200.jpg 300w, https:\/\/infonewss.com\/wp-content\/uploads\/2023\/08\/Itainopolis-vence-Vera-Mendes-por-2-x-0-na-Supercopa-APPM-IMG_0051-768x512.jpg 768w, https:\/\/infonewss.com\/wp-content\/uploads\/2023\/08\/Itainopolis-vence-Vera-Mendes-por-2-x-0-na-Supercopa-APPM-IMG_0051-150x100.jpg 150w, https:\/\/infonewss.com\/wp-content\/uploads\/2023\/08\/Itainopolis-vence-Vera-Mendes-por-2-x-0-na-Supercopa-APPM-IMG_0051-696x464.jpg 696w, https:\/\/infonewss.com\/wp-content\/uploads\/2023\/08\/Itainopolis-vence-Vera-Mendes-por-2-x-0-na-Supercopa-APPM-IMG_0051.jpg 900w\" data-src=\"https:\/\/infonewss.com\/wp-content\/uploads\/2023\/08\/Itainopolis-vence-Vera-Mendes-por-2-x-0-na-Supercopa-APPM-IMG_0051-300x200.jpg\" data-sizes=\"(max-width: 300px) 100vw, 300px\" \/><\/a><\/div>\n<\/figure>\n<figure class=\"gallery-item\">\n<div class=\"gallery-icon landscape\"><a href=\"https:\/\/infonewss.com\/wp-content\/uploads\/2023\/08\/Itainopolis-vence-Vera-Mendes-por-2-x-0-na-Supercopa-APPM-IMG_0052.jpg\"><img loading=\"lazy\" decoding=\"async\" class=\"attachment-medium size-medium lazyload\" src=\"data:image\/gif;base64,R0lGODlhAQABAAAAACH5BAEKAAEALAAAAAABAAEAAAICTAEAOw==\" alt=\"\" width=\"300\" height=\"200\" data-srcset=\"https:\/\/infonewss.com\/wp-content\/uploads\/2023\/08\/Itainopolis-vence-Vera-Mendes-por-2-x-0-na-Supercopa-APPM-IMG_0052-300x200.jpg 300w, https:\/\/infonewss.com\/wp-content\/uploads\/2023\/08\/Itainopolis-vence-Vera-Mendes-por-2-x-0-na-Supercopa-APPM-IMG_0052-768x512.jpg 768w, https:\/\/infonewss.com\/wp-content\/uploads\/2023\/08\/Itainopolis-vence-Vera-Mendes-por-2-x-0-na-Supercopa-APPM-IMG_0052-150x100.jpg 150w, https:\/\/infonewss.com\/wp-content\/uploads\/2023\/08\/Itainopolis-vence-Vera-Mendes-por-2-x-0-na-Supercopa-APPM-IMG_0052-696x464.jpg 696w, https:\/\/infonewss.com\/wp-content\/uploads\/2023\/08\/Itainopolis-vence-Vera-Mendes-por-2-x-0-na-Supercopa-APPM-IMG_0052.jpg 900w\" data-src=\"https:\/\/infonewss.com\/wp-content\/uploads\/2023\/08\/Itainopolis-vence-Vera-Mendes-por-2-x-0-na-Supercopa-APPM-IMG_0052-300x200.jpg\" data-sizes=\"(max-width: 300px) 100vw, 300px\" \/><\/a><\/div>\n<\/figure>\n<figure class=\"gallery-item\">\n<div class=\"gallery-icon portrait\"><a href=\"https:\/\/infonewss.com\/wp-content\/uploads\/2023\/08\/Itainopolis-vence-Vera-Mendes-por-2-x-0-na-Supercopa-APPM-IMG_0054.jpg\"><img loading=\"lazy\" decoding=\"async\" class=\"attachment-medium size-medium lazyload\" src=\"data:image\/gif;base64,R0lGODlhAQABAAAAACH5BAEKAAEALAAAAAABAAEAAAICTAEAOw==\" alt=\"\" width=\"200\" height=\"300\" data-srcset=\"https:\/\/infonewss.com\/wp-content\/uploads\/2023\/08\/Itainopolis-vence-Vera-Mendes-por-2-x-0-na-Supercopa-APPM-IMG_0054-200x300.jpg 200w, https:\/\/infonewss.com\/wp-content\/uploads\/2023\/08\/Itainopolis-vence-Vera-Mendes-por-2-x-0-na-Supercopa-APPM-IMG_0054-683x1024.jpg 683w, https:\/\/infonewss.com\/wp-content\/uploads\/2023\/08\/Itainopolis-vence-Vera-Mendes-por-2-x-0-na-Supercopa-APPM-IMG_0054-768x1152.jpg 768w, https:\/\/infonewss.com\/wp-content\/uploads\/2023\/08\/Itainopolis-vence-Vera-Mendes-por-2-x-0-na-Supercopa-APPM-IMG_0054-150x225.jpg 150w, https:\/\/infonewss.com\/wp-content\/uploads\/2023\/08\/Itainopolis-vence-Vera-Mendes-por-2-x-0-na-Supercopa-APPM-IMG_0054-300x450.jpg 300w, https:\/\/infonewss.com\/wp-content\/uploads\/2023\/08\/Itainopolis-vence-Vera-Mendes-por-2-x-0-na-Supercopa-APPM-IMG_0054-696x1044.jpg 696w, https:\/\/infonewss.com\/wp-content\/uploads\/2023\/08\/Itainopolis-vence-Vera-Mendes-por-2-x-0-na-Supercopa-APPM-IMG_0054.jpg 900w\" data-src=\"https:\/\/infonewss.com\/wp-content\/uploads\/2023\/08\/Itainopolis-vence-Vera-Mendes-por-2-x-0-na-Supercopa-APPM-IMG_0054-200x300.jpg\" data-sizes=\"(max-width: 200px) 100vw, 200px\" \/><\/a><\/div>\n<\/figure>\n<figure class=\"gallery-item\">\n<div class=\"gallery-icon portrait\"><a href=\"https:\/\/infonewss.com\/wp-content\/uploads\/2023\/08\/Itainopolis-vence-Vera-Mendes-por-2-x-0-na-Supercopa-APPM-IMG_0055.jpg\"><img loading=\"lazy\" decoding=\"async\" class=\"attachment-medium size-medium lazyload\" src=\"data:image\/gif;base64,R0lGODlhAQABAAAAACH5BAEKAAEALAAAAAABAAEAAAICTAEAOw==\" alt=\"\" width=\"200\" height=\"300\" data-srcset=\"https:\/\/infonewss.com\/wp-content\/uploads\/2023\/08\/Itainopolis-vence-Vera-Mendes-por-2-x-0-na-Supercopa-APPM-IMG_0055-200x300.jpg 200w, https:\/\/infonewss.com\/wp-content\/uploads\/2023\/08\/Itainopolis-vence-Vera-Mendes-por-2-x-0-na-Supercopa-APPM-IMG_0055-683x1024.jpg 683w, https:\/\/infonewss.com\/wp-content\/uploads\/2023\/08\/Itainopolis-vence-Vera-Mendes-por-2-x-0-na-Supercopa-APPM-IMG_0055-768x1152.jpg 768w, https:\/\/infonewss.com\/wp-content\/uploads\/2023\/08\/Itainopolis-vence-Vera-Mendes-por-2-x-0-na-Supercopa-APPM-IMG_0055-150x225.jpg 150w, https:\/\/infonewss.com\/wp-content\/uploads\/2023\/08\/Itainopolis-vence-Vera-Mendes-por-2-x-0-na-Supercopa-APPM-IMG_0055-300x450.jpg 300w, https:\/\/infonewss.com\/wp-content\/uploads\/2023\/08\/Itainopolis-vence-Vera-Mendes-por-2-x-0-na-Supercopa-APPM-IMG_0055-696x1044.jpg 696w, https:\/\/infonewss.com\/wp-content\/uploads\/2023\/08\/Itainopolis-vence-Vera-Mendes-por-2-x-0-na-Supercopa-APPM-IMG_0055.jpg 900w\" data-src=\"https:\/\/infonewss.com\/wp-content\/uploads\/2023\/08\/Itainopolis-vence-Vera-Mendes-por-2-x-0-na-Supercopa-APPM-IMG_0055-200x300.jpg\" data-sizes=\"(max-width: 200px) 100vw, 200px\" \/><\/a><\/div>\n<\/figure>\n<figure class=\"gallery-item\">\n<div class=\"gallery-icon landscape\"><a href=\"https:\/\/infonewss.com\/wp-content\/uploads\/2023\/08\/Itainopolis-vence-Vera-Mendes-por-2-x-0-na-Supercopa-APPM-IMG_0056.jpg\"><img loading=\"lazy\" decoding=\"async\" class=\"attachment-medium size-medium lazyload\" src=\"data:image\/gif;base64,R0lGODlhAQABAAAAACH5BAEKAAEALAAAAAABAAEAAAICTAEAOw==\" alt=\"\" width=\"300\" height=\"200\" data-srcset=\"https:\/\/infonewss.com\/wp-content\/uploads\/2023\/08\/Itainopolis-vence-Vera-Mendes-por-2-x-0-na-Supercopa-APPM-IMG_0056-300x200.jpg 300w, https:\/\/infonewss.com\/wp-content\/uploads\/2023\/08\/Itainopolis-vence-Vera-Mendes-por-2-x-0-na-Supercopa-APPM-IMG_0056-768x512.jpg 768w, https:\/\/infonewss.com\/wp-content\/uploads\/2023\/08\/Itainopolis-vence-Vera-Mendes-por-2-x-0-na-Supercopa-APPM-IMG_0056-150x100.jpg 150w, https:\/\/infonewss.com\/wp-content\/uploads\/2023\/08\/Itainopolis-vence-Vera-Mendes-por-2-x-0-na-Supercopa-APPM-IMG_0056-696x464.jpg 696w, https:\/\/infonewss.com\/wp-content\/uploads\/2023\/08\/Itainopolis-vence-Vera-Mendes-por-2-x-0-na-Supercopa-APPM-IMG_0056.jpg 900w\" data-src=\"https:\/\/infonewss.com\/wp-content\/uploads\/2023\/08\/Itainopolis-vence-Vera-Mendes-por-2-x-0-na-Supercopa-APPM-IMG_0056-300x200.jpg\" data-sizes=\"(max-width: 300px) 100vw, 300px\" \/><\/a><\/div>\n<\/figure>\n<figure class=\"gallery-item\">\n<div class=\"gallery-icon portrait\"><a href=\"https:\/\/infonewss.com\/wp-content\/uploads\/2023\/08\/Itainopolis-vence-Vera-Mendes-por-2-x-0-na-Supercopa-APPM-IMG_0057.jpg\"><img loading=\"lazy\" decoding=\"async\" class=\"attachment-medium size-medium lazyload\" src=\"data:image\/gif;base64,R0lGODlhAQABAAAAACH5BAEKAAEALAAAAAABAAEAAAICTAEAOw==\" alt=\"\" width=\"200\" height=\"300\" data-srcset=\"https:\/\/infonewss.com\/wp-content\/uploads\/2023\/08\/Itainopolis-vence-Vera-Mendes-por-2-x-0-na-Supercopa-APPM-IMG_0057-200x300.jpg 200w, https:\/\/infonewss.com\/wp-content\/uploads\/2023\/08\/Itainopolis-vence-Vera-Mendes-por-2-x-0-na-Supercopa-APPM-IMG_0057-683x1024.jpg 683w, https:\/\/infonewss.com\/wp-content\/uploads\/2023\/08\/Itainopolis-vence-Vera-Mendes-por-2-x-0-na-Supercopa-APPM-IMG_0057-768x1152.jpg 768w, https:\/\/infonewss.com\/wp-content\/uploads\/2023\/08\/Itainopolis-vence-Vera-Mendes-por-2-x-0-na-Supercopa-APPM-IMG_0057-150x225.jpg 150w, https:\/\/infonewss.com\/wp-content\/uploads\/2023\/08\/Itainopolis-vence-Vera-Mendes-por-2-x-0-na-Supercopa-APPM-IMG_0057-300x450.jpg 300w, https:\/\/infonewss.com\/wp-content\/uploads\/2023\/08\/Itainopolis-vence-Vera-Mendes-por-2-x-0-na-Supercopa-APPM-IMG_0057-696x1044.jpg 696w, https:\/\/infonewss.com\/wp-content\/uploads\/2023\/08\/Itainopolis-vence-Vera-Mendes-por-2-x-0-na-Supercopa-APPM-IMG_0057.jpg 900w\" data-src=\"https:\/\/infonewss.com\/wp-content\/uploads\/2023\/08\/Itainopolis-vence-Vera-Mendes-por-2-x-0-na-Supercopa-APPM-IMG_0057-200x300.jpg\" data-sizes=\"(max-width: 200px) 100vw, 200px\" \/><\/a><\/div>\n<\/figure>\n<figure class=\"gallery-item\">\n<div class=\"gallery-icon portrait\"><a href=\"https:\/\/infonewss.com\/wp-content\/uploads\/2023\/08\/Itainopolis-vence-Vera-Mendes-por-2-x-0-na-Supercopa-APPM-IMG_0058.jpg\"><img loading=\"lazy\" decoding=\"async\" class=\"attachment-medium size-medium lazyload\" src=\"data:image\/gif;base64,R0lGODlhAQABAAAAACH5BAEKAAEALAAAAAABAAEAAAICTAEAOw==\" alt=\"\" width=\"200\" height=\"300\" data-srcset=\"https:\/\/infonewss.com\/wp-content\/uploads\/2023\/08\/Itainopolis-vence-Vera-Mendes-por-2-x-0-na-Supercopa-APPM-IMG_0058-200x300.jpg 200w, https:\/\/infonewss.com\/wp-content\/uploads\/2023\/08\/Itainopolis-vence-Vera-Mendes-por-2-x-0-na-Supercopa-APPM-IMG_0058-683x1024.jpg 683w, https:\/\/infonewss.com\/wp-content\/uploads\/2023\/08\/Itainopolis-vence-Vera-Mendes-por-2-x-0-na-Supercopa-APPM-IMG_0058-768x1152.jpg 768w, https:\/\/infonewss.com\/wp-content\/uploads\/2023\/08\/Itainopolis-vence-Vera-Mendes-por-2-x-0-na-Supercopa-APPM-IMG_0058-150x225.jpg 150w, https:\/\/infonewss.com\/wp-content\/uploads\/2023\/08\/Itainopolis-vence-Vera-Mendes-por-2-x-0-na-Supercopa-APPM-IMG_0058-300x450.jpg 300w, https:\/\/infonewss.com\/wp-content\/uploads\/2023\/08\/Itainopolis-vence-Vera-Mendes-por-2-x-0-na-Supercopa-APPM-IMG_0058-696x1044.jpg 696w, https:\/\/infonewss.com\/wp-content\/uploads\/2023\/08\/Itainopolis-vence-Vera-Mendes-por-2-x-0-na-Supercopa-APPM-IMG_0058.jpg 900w\" data-src=\"https:\/\/infonewss.com\/wp-content\/uploads\/2023\/08\/Itainopolis-vence-Vera-Mendes-por-2-x-0-na-Supercopa-APPM-IMG_0058-200x300.jpg\" data-sizes=\"(max-width: 200px) 100vw, 200px\" \/><\/a><\/div>\n<\/figure>\n<figure class=\"gallery-item\">\n<div class=\"gallery-icon portrait\"><a href=\"https:\/\/infonewss.com\/wp-content\/uploads\/2023\/08\/Itainopolis-vence-Vera-Mendes-por-2-x-0-na-Supercopa-APPM-IMG_0059.jpg\"><img loading=\"lazy\" decoding=\"async\" class=\"attachment-medium size-medium lazyload\" src=\"data:image\/gif;base64,R0lGODlhAQABAAAAACH5BAEKAAEALAAAAAABAAEAAAICTAEAOw==\" alt=\"\" width=\"200\" height=\"300\" data-srcset=\"https:\/\/infonewss.com\/wp-content\/uploads\/2023\/08\/Itainopolis-vence-Vera-Mendes-por-2-x-0-na-Supercopa-APPM-IMG_0059-200x300.jpg 200w, https:\/\/infonewss.com\/wp-content\/uploads\/2023\/08\/Itainopolis-vence-Vera-Mendes-por-2-x-0-na-Supercopa-APPM-IMG_0059-683x1024.jpg 683w, https:\/\/infonewss.com\/wp-content\/uploads\/2023\/08\/Itainopolis-vence-Vera-Mendes-por-2-x-0-na-Supercopa-APPM-IMG_0059-768x1152.jpg 768w, https:\/\/infonewss.com\/wp-content\/uploads\/2023\/08\/Itainopolis-vence-Vera-Mendes-por-2-x-0-na-Supercopa-APPM-IMG_0059-150x225.jpg 150w, https:\/\/infonewss.com\/wp-content\/uploads\/2023\/08\/Itainopolis-vence-Vera-Mendes-por-2-x-0-na-Supercopa-APPM-IMG_0059-300x450.jpg 300w, https:\/\/infonewss.com\/wp-content\/uploads\/2023\/08\/Itainopolis-vence-Vera-Mendes-por-2-x-0-na-Supercopa-APPM-IMG_0059-696x1044.jpg 696w, https:\/\/infonewss.com\/wp-content\/uploads\/2023\/08\/Itainopolis-vence-Vera-Mendes-por-2-x-0-na-Supercopa-APPM-IMG_0059.jpg 900w\" data-src=\"https:\/\/infonewss.com\/wp-content\/uploads\/2023\/08\/Itainopolis-vence-Vera-Mendes-por-2-x-0-na-Supercopa-APPM-IMG_0059-200x300.jpg\" data-sizes=\"(max-width: 200px) 100vw, 200px\" \/><\/a><\/div>\n<\/figure>\n<figure class=\"gallery-item\">\n<div class=\"gallery-icon portrait\"><a href=\"https:\/\/infonewss.com\/wp-content\/uploads\/2023\/08\/Itainopolis-vence-Vera-Mendes-por-2-x-0-na-Supercopa-APPM-IMG_0060.jpg\"><img loading=\"lazy\" decoding=\"async\" class=\"attachment-medium size-medium lazyload\" src=\"data:image\/gif;base64,R0lGODlhAQABAAAAACH5BAEKAAEALAAAAAABAAEAAAICTAEAOw==\" alt=\"\" width=\"200\" height=\"300\" data-srcset=\"https:\/\/infonewss.com\/wp-content\/uploads\/2023\/08\/Itainopolis-vence-Vera-Mendes-por-2-x-0-na-Supercopa-APPM-IMG_0060-200x300.jpg 200w, https:\/\/infonewss.com\/wp-content\/uploads\/2023\/08\/Itainopolis-vence-Vera-Mendes-por-2-x-0-na-Supercopa-APPM-IMG_0060-683x1024.jpg 683w, https:\/\/infonewss.com\/wp-content\/uploads\/2023\/08\/Itainopolis-vence-Vera-Mendes-por-2-x-0-na-Supercopa-APPM-IMG_0060-768x1152.jpg 768w, https:\/\/infonewss.com\/wp-content\/uploads\/2023\/08\/Itainopolis-vence-Vera-Mendes-por-2-x-0-na-Supercopa-APPM-IMG_0060-150x225.jpg 150w, https:\/\/infonewss.com\/wp-content\/uploads\/2023\/08\/Itainopolis-vence-Vera-Mendes-por-2-x-0-na-Supercopa-APPM-IMG_0060-300x450.jpg 300w, https:\/\/infonewss.com\/wp-content\/uploads\/2023\/08\/Itainopolis-vence-Vera-Mendes-por-2-x-0-na-Supercopa-APPM-IMG_0060-696x1044.jpg 696w, https:\/\/infonewss.com\/wp-content\/uploads\/2023\/08\/Itainopolis-vence-Vera-Mendes-por-2-x-0-na-Supercopa-APPM-IMG_0060.jpg 900w\" data-src=\"https:\/\/infonewss.com\/wp-content\/uploads\/2023\/08\/Itainopolis-vence-Vera-Mendes-por-2-x-0-na-Supercopa-APPM-IMG_0060-200x300.jpg\" data-sizes=\"(max-width: 200px) 100vw, 200px\" \/><\/a><\/div>\n<\/figure>\n<figure class=\"gallery-item\">\n<div class=\"gallery-icon landscape\"><a href=\"https:\/\/infonewss.com\/wp-content\/uploads\/2023\/08\/Itainopolis-vence-Vera-Mendes-por-2-x-0-na-Supercopa-APPM-IMG_0061.jpg\"><img loading=\"lazy\" decoding=\"async\" class=\"attachment-medium size-medium lazyload\" src=\"data:image\/gif;base64,R0lGODlhAQABAAAAACH5BAEKAAEALAAAAAABAAEAAAICTAEAOw==\" alt=\"\" width=\"300\" height=\"200\" data-srcset=\"https:\/\/infonewss.com\/wp-content\/uploads\/2023\/08\/Itainopolis-vence-Vera-Mendes-por-2-x-0-na-Supercopa-APPM-IMG_0061-300x200.jpg 300w, https:\/\/infonewss.com\/wp-content\/uploads\/2023\/08\/Itainopolis-vence-Vera-Mendes-por-2-x-0-na-Supercopa-APPM-IMG_0061-768x512.jpg 768w, https:\/\/infonewss.com\/wp-content\/uploads\/2023\/08\/Itainopolis-vence-Vera-Mendes-por-2-x-0-na-Supercopa-APPM-IMG_0061-150x100.jpg 150w, https:\/\/infonewss.com\/wp-content\/uploads\/2023\/08\/Itainopolis-vence-Vera-Mendes-por-2-x-0-na-Supercopa-APPM-IMG_0061-696x464.jpg 696w, https:\/\/infonewss.com\/wp-content\/uploads\/2023\/08\/Itainopolis-vence-Vera-Mendes-por-2-x-0-na-Supercopa-APPM-IMG_0061.jpg 900w\" data-src=\"https:\/\/infonewss.com\/wp-content\/uploads\/2023\/08\/Itainopolis-vence-Vera-Mendes-por-2-x-0-na-Supercopa-APPM-IMG_0061-300x200.jpg\" data-sizes=\"(max-width: 300px) 100vw, 300px\" \/><\/a><\/div>\n<\/figure>\n<figure class=\"gallery-item\">\n<div class=\"gallery-icon landscape\"><a href=\"https:\/\/infonewss.com\/wp-content\/uploads\/2023\/08\/Itainopolis-vence-Vera-Mendes-por-2-x-0-na-Supercopa-APPM-IMG_0062.jpg\"><img loading=\"lazy\" decoding=\"async\" class=\"attachment-medium size-medium lazyload\" src=\"data:image\/gif;base64,R0lGODlhAQABAAAAACH5BAEKAAEALAAAAAABAAEAAAICTAEAOw==\" alt=\"\" width=\"300\" height=\"200\" data-srcset=\"https:\/\/infonewss.com\/wp-content\/uploads\/2023\/08\/Itainopolis-vence-Vera-Mendes-por-2-x-0-na-Supercopa-APPM-IMG_0062-300x200.jpg 300w, https:\/\/infonewss.com\/wp-content\/uploads\/2023\/08\/Itainopolis-vence-Vera-Mendes-por-2-x-0-na-Supercopa-APPM-IMG_0062-768x512.jpg 768w, https:\/\/infonewss.com\/wp-content\/uploads\/2023\/08\/Itainopolis-vence-Vera-Mendes-por-2-x-0-na-Supercopa-APPM-IMG_0062-150x100.jpg 150w, https:\/\/infonewss.com\/wp-content\/uploads\/2023\/08\/Itainopolis-vence-Vera-Mendes-por-2-x-0-na-Supercopa-APPM-IMG_0062-696x464.jpg 696w, https:\/\/infonewss.com\/wp-content\/uploads\/2023\/08\/Itainopolis-vence-Vera-Mendes-por-2-x-0-na-Supercopa-APPM-IMG_0062.jpg 900w\" data-src=\"https:\/\/infonewss.com\/wp-content\/uploads\/2023\/08\/Itainopolis-vence-Vera-Mendes-por-2-x-0-na-Supercopa-APPM-IMG_0062-300x200.jpg\" data-sizes=\"(max-width: 300px) 100vw, 300px\" \/><\/a><\/div>\n<\/figure>\n<figure class=\"gallery-item\">\n<div class=\"gallery-icon landscape\"><a href=\"https:\/\/infonewss.com\/wp-content\/uploads\/2023\/08\/Itainopolis-vence-Vera-Mendes-por-2-x-0-na-Supercopa-APPM-IMG_0063.jpg\"><img loading=\"lazy\" decoding=\"async\" class=\"attachment-medium size-medium lazyload\" src=\"data:image\/gif;base64,R0lGODlhAQABAAAAACH5BAEKAAEALAAAAAABAAEAAAICTAEAOw==\" alt=\"\" width=\"300\" height=\"200\" data-srcset=\"https:\/\/infonewss.com\/wp-content\/uploads\/2023\/08\/Itainopolis-vence-Vera-Mendes-por-2-x-0-na-Supercopa-APPM-IMG_0063-300x200.jpg 300w, https:\/\/infonewss.com\/wp-content\/uploads\/2023\/08\/Itainopolis-vence-Vera-Mendes-por-2-x-0-na-Supercopa-APPM-IMG_0063-768x512.jpg 768w, https:\/\/infonewss.com\/wp-content\/uploads\/2023\/08\/Itainopolis-vence-Vera-Mendes-por-2-x-0-na-Supercopa-APPM-IMG_0063-150x100.jpg 150w, https:\/\/infonewss.com\/wp-content\/uploads\/2023\/08\/Itainopolis-vence-Vera-Mendes-por-2-x-0-na-Supercopa-APPM-IMG_0063-696x464.jpg 696w, https:\/\/infonewss.com\/wp-content\/uploads\/2023\/08\/Itainopolis-vence-Vera-Mendes-por-2-x-0-na-Supercopa-APPM-IMG_0063.jpg 900w\" data-src=\"https:\/\/infonewss.com\/wp-content\/uploads\/2023\/08\/Itainopolis-vence-Vera-Mendes-por-2-x-0-na-Supercopa-APPM-IMG_0063-300x200.jpg\" data-sizes=\"(max-width: 300px) 100vw, 300px\" \/><\/a><\/div>\n<\/figure>\n<figure class=\"gallery-item\">\n<div class=\"gallery-icon landscape\"><a href=\"https:\/\/infonewss.com\/wp-content\/uploads\/2023\/08\/Itainopolis-vence-Vera-Mendes-por-2-x-0-na-Supercopa-APPM-IMG_0064.jpg\"><img loading=\"lazy\" decoding=\"async\" class=\"attachment-medium size-medium lazyload\" src=\"data:image\/gif;base64,R0lGODlhAQABAAAAACH5BAEKAAEALAAAAAABAAEAAAICTAEAOw==\" alt=\"\" width=\"300\" height=\"200\" data-srcset=\"https:\/\/infonewss.com\/wp-content\/uploads\/2023\/08\/Itainopolis-vence-Vera-Mendes-por-2-x-0-na-Supercopa-APPM-IMG_0064-300x200.jpg 300w, https:\/\/infonewss.com\/wp-content\/uploads\/2023\/08\/Itainopolis-vence-Vera-Mendes-por-2-x-0-na-Supercopa-APPM-IMG_0064-768x512.jpg 768w, https:\/\/infonewss.com\/wp-content\/uploads\/2023\/08\/Itainopolis-vence-Vera-Mendes-por-2-x-0-na-Supercopa-APPM-IMG_0064-150x100.jpg 150w, https:\/\/infonewss.com\/wp-content\/uploads\/2023\/08\/Itainopolis-vence-Vera-Mendes-por-2-x-0-na-Supercopa-APPM-IMG_0064-696x464.jpg 696w, https:\/\/infonewss.com\/wp-content\/uploads\/2023\/08\/Itainopolis-vence-Vera-Mendes-por-2-x-0-na-Supercopa-APPM-IMG_0064.jpg 900w\" data-src=\"https:\/\/infonewss.com\/wp-content\/uploads\/2023\/08\/Itainopolis-vence-Vera-Mendes-por-2-x-0-na-Supercopa-APPM-IMG_0064-300x200.jpg\" data-sizes=\"(max-width: 300px) 100vw, 300px\" \/><\/a><\/div>\n<\/figure>\n<figure class=\"gallery-item\">\n<div class=\"gallery-icon landscape\"><a href=\"https:\/\/infonewss.com\/wp-content\/uploads\/2023\/08\/Itainopolis-vence-Vera-Mendes-por-2-x-0-na-Supercopa-APPM-IMG_0065.jpg\"><img loading=\"lazy\" decoding=\"async\" class=\"attachment-medium size-medium lazyload\" src=\"data:image\/gif;base64,R0lGODlhAQABAAAAACH5BAEKAAEALAAAAAABAAEAAAICTAEAOw==\" alt=\"\" width=\"300\" height=\"200\" data-srcset=\"https:\/\/infonewss.com\/wp-content\/uploads\/2023\/08\/Itainopolis-vence-Vera-Mendes-por-2-x-0-na-Supercopa-APPM-IMG_0065-300x200.jpg 300w, https:\/\/infonewss.com\/wp-content\/uploads\/2023\/08\/Itainopolis-vence-Vera-Mendes-por-2-x-0-na-Supercopa-APPM-IMG_0065-768x512.jpg 768w, https:\/\/infonewss.com\/wp-content\/uploads\/2023\/08\/Itainopolis-vence-Vera-Mendes-por-2-x-0-na-Supercopa-APPM-IMG_0065-150x100.jpg 150w, https:\/\/infonewss.com\/wp-content\/uploads\/2023\/08\/Itainopolis-vence-Vera-Mendes-por-2-x-0-na-Supercopa-APPM-IMG_0065-696x464.jpg 696w, https:\/\/infonewss.com\/wp-content\/uploads\/2023\/08\/Itainopolis-vence-Vera-Mendes-por-2-x-0-na-Supercopa-APPM-IMG_0065.jpg 900w\" data-src=\"https:\/\/infonewss.com\/wp-content\/uploads\/2023\/08\/Itainopolis-vence-Vera-Mendes-por-2-x-0-na-Supercopa-APPM-IMG_0065-300x200.jpg\" data-sizes=\"(max-width: 300px) 100vw, 300px\" \/><\/a><\/div>\n<\/figure>\n<figure class=\"gallery-item\">\n<div class=\"gallery-icon portrait\"><a href=\"https:\/\/infonewss.com\/wp-content\/uploads\/2023\/08\/Itainopolis-vence-Vera-Mendes-por-2-x-0-na-Supercopa-APPM-IMG_0067.jpg\"><img loading=\"lazy\" decoding=\"async\" class=\"attachment-medium size-medium lazyload\" src=\"data:image\/gif;base64,R0lGODlhAQABAAAAACH5BAEKAAEALAAAAAABAAEAAAICTAEAOw==\" alt=\"\" width=\"200\" height=\"300\" data-srcset=\"https:\/\/infonewss.com\/wp-content\/uploads\/2023\/08\/Itainopolis-vence-Vera-Mendes-por-2-x-0-na-Supercopa-APPM-IMG_0067-200x300.jpg 200w, https:\/\/infonewss.com\/wp-content\/uploads\/2023\/08\/Itainopolis-vence-Vera-Mendes-por-2-x-0-na-Supercopa-APPM-IMG_0067-683x1024.jpg 683w, https:\/\/infonewss.com\/wp-content\/uploads\/2023\/08\/Itainopolis-vence-Vera-Mendes-por-2-x-0-na-Supercopa-APPM-IMG_0067-768x1152.jpg 768w, https:\/\/infonewss.com\/wp-content\/uploads\/2023\/08\/Itainopolis-vence-Vera-Mendes-por-2-x-0-na-Supercopa-APPM-IMG_0067-150x225.jpg 150w, https:\/\/infonewss.com\/wp-content\/uploads\/2023\/08\/Itainopolis-vence-Vera-Mendes-por-2-x-0-na-Supercopa-APPM-IMG_0067-300x450.jpg 300w, https:\/\/infonewss.com\/wp-content\/uploads\/2023\/08\/Itainopolis-vence-Vera-Mendes-por-2-x-0-na-Supercopa-APPM-IMG_0067-696x1044.jpg 696w, https:\/\/infonewss.com\/wp-content\/uploads\/2023\/08\/Itainopolis-vence-Vera-Mendes-por-2-x-0-na-Supercopa-APPM-IMG_0067.jpg 900w\" data-src=\"https:\/\/infonewss.com\/wp-content\/uploads\/2023\/08\/Itainopolis-vence-Vera-Mendes-por-2-x-0-na-Supercopa-APPM-IMG_0067-200x300.jpg\" data-sizes=\"(max-width: 200px) 100vw, 200px\" \/><\/a><\/div>\n<\/figure>\n<figure class=\"gallery-item\">\n<div class=\"gallery-icon portrait\"><a href=\"https:\/\/infonewss.com\/wp-content\/uploads\/2023\/08\/Itainopolis-vence-Vera-Mendes-por-2-x-0-na-Supercopa-APPM-IMG_0070.jpg\"><img loading=\"lazy\" decoding=\"async\" class=\"attachment-medium size-medium lazyload\" src=\"data:image\/gif;base64,R0lGODlhAQABAAAAACH5BAEKAAEALAAAAAABAAEAAAICTAEAOw==\" alt=\"\" width=\"200\" height=\"300\" data-srcset=\"https:\/\/infonewss.com\/wp-content\/uploads\/2023\/08\/Itainopolis-vence-Vera-Mendes-por-2-x-0-na-Supercopa-APPM-IMG_0070-200x300.jpg 200w, https:\/\/infonewss.com\/wp-content\/uploads\/2023\/08\/Itainopolis-vence-Vera-Mendes-por-2-x-0-na-Supercopa-APPM-IMG_0070-683x1024.jpg 683w, https:\/\/infonewss.com\/wp-content\/uploads\/2023\/08\/Itainopolis-vence-Vera-Mendes-por-2-x-0-na-Supercopa-APPM-IMG_0070-768x1152.jpg 768w, https:\/\/infonewss.com\/wp-content\/uploads\/2023\/08\/Itainopolis-vence-Vera-Mendes-por-2-x-0-na-Supercopa-APPM-IMG_0070-150x225.jpg 150w, https:\/\/infonewss.com\/wp-content\/uploads\/2023\/08\/Itainopolis-vence-Vera-Mendes-por-2-x-0-na-Supercopa-APPM-IMG_0070-300x450.jpg 300w, https:\/\/infonewss.com\/wp-content\/uploads\/2023\/08\/Itainopolis-vence-Vera-Mendes-por-2-x-0-na-Supercopa-APPM-IMG_0070-696x1044.jpg 696w, https:\/\/infonewss.com\/wp-content\/uploads\/2023\/08\/Itainopolis-vence-Vera-Mendes-por-2-x-0-na-Supercopa-APPM-IMG_0070.jpg 900w\" data-src=\"https:\/\/infonewss.com\/wp-content\/uploads\/2023\/08\/Itainopolis-vence-Vera-Mendes-por-2-x-0-na-Supercopa-APPM-IMG_0070-200x300.jpg\" data-sizes=\"(max-width: 200px) 100vw, 200px\" \/><\/a><\/div>\n<\/figure>\n<figure class=\"gallery-item\">\n<div class=\"gallery-icon portrait\"><a href=\"https:\/\/infonewss.com\/wp-content\/uploads\/2023\/08\/Itainopolis-vence-Vera-Mendes-por-2-x-0-na-Supercopa-APPM-IMG_0071.jpg\"><img loading=\"lazy\" decoding=\"async\" class=\"attachment-medium size-medium lazyload\" src=\"data:image\/gif;base64,R0lGODlhAQABAAAAACH5BAEKAAEALAAAAAABAAEAAAICTAEAOw==\" alt=\"\" width=\"200\" height=\"300\" data-srcset=\"https:\/\/infonewss.com\/wp-content\/uploads\/2023\/08\/Itainopolis-vence-Vera-Mendes-por-2-x-0-na-Supercopa-APPM-IMG_0071-200x300.jpg 200w, https:\/\/infonewss.com\/wp-content\/uploads\/2023\/08\/Itainopolis-vence-Vera-Mendes-por-2-x-0-na-Supercopa-APPM-IMG_0071-683x1024.jpg 683w, https:\/\/infonewss.com\/wp-content\/uploads\/2023\/08\/Itainopolis-vence-Vera-Mendes-por-2-x-0-na-Supercopa-APPM-IMG_0071-768x1152.jpg 768w, https:\/\/infonewss.com\/wp-content\/uploads\/2023\/08\/Itainopolis-vence-Vera-Mendes-por-2-x-0-na-Supercopa-APPM-IMG_0071-150x225.jpg 150w, https:\/\/infonewss.com\/wp-content\/uploads\/2023\/08\/Itainopolis-vence-Vera-Mendes-por-2-x-0-na-Supercopa-APPM-IMG_0071-300x450.jpg 300w, https:\/\/infonewss.com\/wp-content\/uploads\/2023\/08\/Itainopolis-vence-Vera-Mendes-por-2-x-0-na-Supercopa-APPM-IMG_0071-696x1044.jpg 696w, https:\/\/infonewss.com\/wp-content\/uploads\/2023\/08\/Itainopolis-vence-Vera-Mendes-por-2-x-0-na-Supercopa-APPM-IMG_0071.jpg 900w\" data-src=\"https:\/\/infonewss.com\/wp-content\/uploads\/2023\/08\/Itainopolis-vence-Vera-Mendes-por-2-x-0-na-Supercopa-APPM-IMG_0071-200x300.jpg\" data-sizes=\"(max-width: 200px) 100vw, 200px\" \/><\/a><\/div>\n<\/figure>\n<figure class=\"gallery-item\">\n<div class=\"gallery-icon landscape\"><a href=\"https:\/\/infonewss.com\/wp-content\/uploads\/2023\/08\/Itainopolis-vence-Vera-Mendes-por-2-x-0-na-Supercopa-APPM-IMG_0073.jpg\"><img loading=\"lazy\" decoding=\"async\" class=\"attachment-medium size-medium lazyload\" src=\"data:image\/gif;base64,R0lGODlhAQABAAAAACH5BAEKAAEALAAAAAABAAEAAAICTAEAOw==\" alt=\"\" width=\"300\" height=\"200\" data-srcset=\"https:\/\/infonewss.com\/wp-content\/uploads\/2023\/08\/Itainopolis-vence-Vera-Mendes-por-2-x-0-na-Supercopa-APPM-IMG_0073-300x200.jpg 300w, https:\/\/infonewss.com\/wp-content\/uploads\/2023\/08\/Itainopolis-vence-Vera-Mendes-por-2-x-0-na-Supercopa-APPM-IMG_0073-768x512.jpg 768w, https:\/\/infonewss.com\/wp-content\/uploads\/2023\/08\/Itainopolis-vence-Vera-Mendes-por-2-x-0-na-Supercopa-APPM-IMG_0073-150x100.jpg 150w, https:\/\/infonewss.com\/wp-content\/uploads\/2023\/08\/Itainopolis-vence-Vera-Mendes-por-2-x-0-na-Supercopa-APPM-IMG_0073-696x464.jpg 696w, https:\/\/infonewss.com\/wp-content\/uploads\/2023\/08\/Itainopolis-vence-Vera-Mendes-por-2-x-0-na-Supercopa-APPM-IMG_0073.jpg 900w\" data-src=\"https:\/\/infonewss.com\/wp-content\/uploads\/2023\/08\/Itainopolis-vence-Vera-Mendes-por-2-x-0-na-Supercopa-APPM-IMG_0073-300x200.jpg\" data-sizes=\"(max-width: 300px) 100vw, 300px\" \/><\/a><\/div>\n<\/figure>\n<figure class=\"gallery-item\">\n<div class=\"gallery-icon portrait\"><a href=\"https:\/\/infonewss.com\/wp-content\/uploads\/2023\/08\/Itainopolis-vence-Vera-Mendes-por-2-x-0-na-Supercopa-APPM-IMG_0074.jpg\"><img loading=\"lazy\" decoding=\"async\" class=\"attachment-medium size-medium lazyload\" src=\"data:image\/gif;base64,R0lGODlhAQABAAAAACH5BAEKAAEALAAAAAABAAEAAAICTAEAOw==\" alt=\"\" width=\"200\" height=\"300\" data-srcset=\"https:\/\/infonewss.com\/wp-content\/uploads\/2023\/08\/Itainopolis-vence-Vera-Mendes-por-2-x-0-na-Supercopa-APPM-IMG_0074-200x300.jpg 200w, https:\/\/infonewss.com\/wp-content\/uploads\/2023\/08\/Itainopolis-vence-Vera-Mendes-por-2-x-0-na-Supercopa-APPM-IMG_0074-683x1024.jpg 683w, https:\/\/infonewss.com\/wp-content\/uploads\/2023\/08\/Itainopolis-vence-Vera-Mendes-por-2-x-0-na-Supercopa-APPM-IMG_0074-768x1152.jpg 768w, https:\/\/infonewss.com\/wp-content\/uploads\/2023\/08\/Itainopolis-vence-Vera-Mendes-por-2-x-0-na-Supercopa-APPM-IMG_0074-150x225.jpg 150w, https:\/\/infonewss.com\/wp-content\/uploads\/2023\/08\/Itainopolis-vence-Vera-Mendes-por-2-x-0-na-Supercopa-APPM-IMG_0074-300x450.jpg 300w, https:\/\/infonewss.com\/wp-content\/uploads\/2023\/08\/Itainopolis-vence-Vera-Mendes-por-2-x-0-na-Supercopa-APPM-IMG_0074-696x1044.jpg 696w, https:\/\/infonewss.com\/wp-content\/uploads\/2023\/08\/Itainopolis-vence-Vera-Mendes-por-2-x-0-na-Supercopa-APPM-IMG_0074.jpg 900w\" data-src=\"https:\/\/infonewss.com\/wp-content\/uploads\/2023\/08\/Itainopolis-vence-Vera-Mendes-por-2-x-0-na-Supercopa-APPM-IMG_0074-200x300.jpg\" data-sizes=\"(max-width: 200px) 100vw, 200px\" \/><\/a><\/div>\n<\/figure>\n<figure class=\"gallery-item\">\n<div class=\"gallery-icon landscape\"><a href=\"https:\/\/infonewss.com\/wp-content\/uploads\/2023\/08\/Itainopolis-vence-Vera-Mendes-por-2-x-0-na-Supercopa-APPM-IMG_0082.jpg\"><img loading=\"lazy\" decoding=\"async\" class=\"attachment-medium size-medium lazyload\" src=\"data:image\/gif;base64,R0lGODlhAQABAAAAACH5BAEKAAEALAAAAAABAAEAAAICTAEAOw==\" alt=\"\" width=\"300\" height=\"200\" data-srcset=\"https:\/\/infonewss.com\/wp-content\/uploads\/2023\/08\/Itainopolis-vence-Vera-Mendes-por-2-x-0-na-Supercopa-APPM-IMG_0082-300x200.jpg 300w, https:\/\/infonewss.com\/wp-content\/uploads\/2023\/08\/Itainopolis-vence-Vera-Mendes-por-2-x-0-na-Supercopa-APPM-IMG_0082-768x512.jpg 768w, https:\/\/infonewss.com\/wp-content\/uploads\/2023\/08\/Itainopolis-vence-Vera-Mendes-por-2-x-0-na-Supercopa-APPM-IMG_0082-150x100.jpg 150w, https:\/\/infonewss.com\/wp-content\/uploads\/2023\/08\/Itainopolis-vence-Vera-Mendes-por-2-x-0-na-Supercopa-APPM-IMG_0082-696x464.jpg 696w, https:\/\/infonewss.com\/wp-content\/uploads\/2023\/08\/Itainopolis-vence-Vera-Mendes-por-2-x-0-na-Supercopa-APPM-IMG_0082.jpg 900w\" data-src=\"https:\/\/infonewss.com\/wp-content\/uploads\/2023\/08\/Itainopolis-vence-Vera-Mendes-por-2-x-0-na-Supercopa-APPM-IMG_0082-300x200.jpg\" data-sizes=\"(max-width: 300px) 100vw, 300px\" \/><\/a><\/div>\n<\/figure>\n<figure class=\"gallery-item\">\n<div class=\"gallery-icon landscape\"><a href=\"https:\/\/infonewss.com\/wp-content\/uploads\/2023\/08\/Itainopolis-vence-Vera-Mendes-por-2-x-0-na-Supercopa-APPM-IMG_0083.jpg\"><img loading=\"lazy\" decoding=\"async\" class=\"attachment-medium size-medium lazyload\" src=\"data:image\/gif;base64,R0lGODlhAQABAAAAACH5BAEKAAEALAAAAAABAAEAAAICTAEAOw==\" alt=\"\" width=\"300\" height=\"200\" data-srcset=\"https:\/\/infonewss.com\/wp-content\/uploads\/2023\/08\/Itainopolis-vence-Vera-Mendes-por-2-x-0-na-Supercopa-APPM-IMG_0083-300x200.jpg 300w, https:\/\/infonewss.com\/wp-content\/uploads\/2023\/08\/Itainopolis-vence-Vera-Mendes-por-2-x-0-na-Supercopa-APPM-IMG_0083-768x512.jpg 768w, https:\/\/infonewss.com\/wp-content\/uploads\/2023\/08\/Itainopolis-vence-Vera-Mendes-por-2-x-0-na-Supercopa-APPM-IMG_0083-150x100.jpg 150w, https:\/\/infonewss.com\/wp-content\/uploads\/2023\/08\/Itainopolis-vence-Vera-Mendes-por-2-x-0-na-Supercopa-APPM-IMG_0083-696x464.jpg 696w, https:\/\/infonewss.com\/wp-content\/uploads\/2023\/08\/Itainopolis-vence-Vera-Mendes-por-2-x-0-na-Supercopa-APPM-IMG_0083.jpg 900w\" data-src=\"https:\/\/infonewss.com\/wp-content\/uploads\/2023\/08\/Itainopolis-vence-Vera-Mendes-por-2-x-0-na-Supercopa-APPM-IMG_0083-300x200.jpg\" data-sizes=\"(max-width: 300px) 100vw, 300px\" \/><\/a><\/div>\n<\/figure>\n<figure class=\"gallery-item\">\n<div class=\"gallery-icon landscape\"><a href=\"https:\/\/infonewss.com\/wp-content\/uploads\/2023\/08\/Itainopolis-vence-Vera-Mendes-por-2-x-0-na-Supercopa-APPM-IMG_0091.jpg\"><img loading=\"lazy\" decoding=\"async\" class=\"attachment-medium size-medium lazyload\" src=\"data:image\/gif;base64,R0lGODlhAQABAAAAACH5BAEKAAEALAAAAAABAAEAAAICTAEAOw==\" alt=\"\" width=\"300\" height=\"200\" data-srcset=\"https:\/\/infonewss.com\/wp-content\/uploads\/2023\/08\/Itainopolis-vence-Vera-Mendes-por-2-x-0-na-Supercopa-APPM-IMG_0091-300x200.jpg 300w, https:\/\/infonewss.com\/wp-content\/uploads\/2023\/08\/Itainopolis-vence-Vera-Mendes-por-2-x-0-na-Supercopa-APPM-IMG_0091-768x512.jpg 768w, https:\/\/infonewss.com\/wp-content\/uploads\/2023\/08\/Itainopolis-vence-Vera-Mendes-por-2-x-0-na-Supercopa-APPM-IMG_0091-150x100.jpg 150w, https:\/\/infonewss.com\/wp-content\/uploads\/2023\/08\/Itainopolis-vence-Vera-Mendes-por-2-x-0-na-Supercopa-APPM-IMG_0091-696x464.jpg 696w, https:\/\/infonewss.com\/wp-content\/uploads\/2023\/08\/Itainopolis-vence-Vera-Mendes-por-2-x-0-na-Supercopa-APPM-IMG_0091.jpg 900w\" data-src=\"https:\/\/infonewss.com\/wp-content\/uploads\/2023\/08\/Itainopolis-vence-Vera-Mendes-por-2-x-0-na-Supercopa-APPM-IMG_0091-300x200.jpg\" data-sizes=\"(max-width: 300px) 100vw, 300px\" \/><\/a><\/div>\n<\/figure>\n<figure class=\"gallery-item\">\n<div class=\"gallery-icon landscape\"><a href=\"https:\/\/infonewss.com\/wp-content\/uploads\/2023\/08\/Itainopolis-vence-Vera-Mendes-por-2-x-0-na-Supercopa-APPM-IMG_0092.jpg\"><img loading=\"lazy\" decoding=\"async\" class=\"attachment-medium size-medium lazyload\" src=\"data:image\/gif;base64,R0lGODlhAQABAAAAACH5BAEKAAEALAAAAAABAAEAAAICTAEAOw==\" alt=\"\" width=\"300\" height=\"200\" data-srcset=\"https:\/\/infonewss.com\/wp-content\/uploads\/2023\/08\/Itainopolis-vence-Vera-Mendes-por-2-x-0-na-Supercopa-APPM-IMG_0092-300x200.jpg 300w, https:\/\/infonewss.com\/wp-content\/uploads\/2023\/08\/Itainopolis-vence-Vera-Mendes-por-2-x-0-na-Supercopa-APPM-IMG_0092-768x512.jpg 768w, https:\/\/infonewss.com\/wp-content\/uploads\/2023\/08\/Itainopolis-vence-Vera-Mendes-por-2-x-0-na-Supercopa-APPM-IMG_0092-150x100.jpg 150w, https:\/\/infonewss.com\/wp-content\/uploads\/2023\/08\/Itainopolis-vence-Vera-Mendes-por-2-x-0-na-Supercopa-APPM-IMG_0092-696x464.jpg 696w, https:\/\/infonewss.com\/wp-content\/uploads\/2023\/08\/Itainopolis-vence-Vera-Mendes-por-2-x-0-na-Supercopa-APPM-IMG_0092.jpg 900w\" data-src=\"https:\/\/infonewss.com\/wp-content\/uploads\/2023\/08\/Itainopolis-vence-Vera-Mendes-por-2-x-0-na-Supercopa-APPM-IMG_0092-300x200.jpg\" data-sizes=\"(max-width: 300px) 100vw, 300px\" \/><\/a><\/div>\n<\/figure>\n<figure class=\"gallery-item\">\n<div class=\"gallery-icon portrait\"><a href=\"https:\/\/infonewss.com\/wp-content\/uploads\/2023\/08\/Itainopolis-vence-Vera-Mendes-por-2-x-0-na-Supercopa-APPM-IMG_0093.jpg\"><img loading=\"lazy\" decoding=\"async\" class=\"attachment-medium size-medium lazyload\" src=\"data:image\/gif;base64,R0lGODlhAQABAAAAACH5BAEKAAEALAAAAAABAAEAAAICTAEAOw==\" alt=\"\" width=\"200\" height=\"300\" data-srcset=\"https:\/\/infonewss.com\/wp-content\/uploads\/2023\/08\/Itainopolis-vence-Vera-Mendes-por-2-x-0-na-Supercopa-APPM-IMG_0093-200x300.jpg 200w, https:\/\/infonewss.com\/wp-content\/uploads\/2023\/08\/Itainopolis-vence-Vera-Mendes-por-2-x-0-na-Supercopa-APPM-IMG_0093-683x1024.jpg 683w, https:\/\/infonewss.com\/wp-content\/uploads\/2023\/08\/Itainopolis-vence-Vera-Mendes-por-2-x-0-na-Supercopa-APPM-IMG_0093-768x1152.jpg 768w, https:\/\/infonewss.com\/wp-content\/uploads\/2023\/08\/Itainopolis-vence-Vera-Mendes-por-2-x-0-na-Supercopa-APPM-IMG_0093-150x225.jpg 150w, https:\/\/infonewss.com\/wp-content\/uploads\/2023\/08\/Itainopolis-vence-Vera-Mendes-por-2-x-0-na-Supercopa-APPM-IMG_0093-300x450.jpg 300w, https:\/\/infonewss.com\/wp-content\/uploads\/2023\/08\/Itainopolis-vence-Vera-Mendes-por-2-x-0-na-Supercopa-APPM-IMG_0093-696x1044.jpg 696w, https:\/\/infonewss.com\/wp-content\/uploads\/2023\/08\/Itainopolis-vence-Vera-Mendes-por-2-x-0-na-Supercopa-APPM-IMG_0093.jpg 900w\" data-src=\"https:\/\/infonewss.com\/wp-content\/uploads\/2023\/08\/Itainopolis-vence-Vera-Mendes-por-2-x-0-na-Supercopa-APPM-IMG_0093-200x300.jpg\" data-sizes=\"(max-width: 200px) 100vw, 200px\" \/><\/a><\/div>\n<\/figure>\n<figure class=\"gallery-item\">\n<div class=\"gallery-icon portrait\"><a href=\"https:\/\/infonewss.com\/wp-content\/uploads\/2023\/08\/Itainopolis-vence-Vera-Mendes-por-2-x-0-na-Supercopa-APPM-IMG_0095.jpg\"><img loading=\"lazy\" decoding=\"async\" class=\"attachment-medium size-medium lazyload\" src=\"data:image\/gif;base64,R0lGODlhAQABAAAAACH5BAEKAAEALAAAAAABAAEAAAICTAEAOw==\" alt=\"\" width=\"200\" height=\"300\" data-srcset=\"https:\/\/infonewss.com\/wp-content\/uploads\/2023\/08\/Itainopolis-vence-Vera-Mendes-por-2-x-0-na-Supercopa-APPM-IMG_0095-200x300.jpg 200w, https:\/\/infonewss.com\/wp-content\/uploads\/2023\/08\/Itainopolis-vence-Vera-Mendes-por-2-x-0-na-Supercopa-APPM-IMG_0095-683x1024.jpg 683w, https:\/\/infonewss.com\/wp-content\/uploads\/2023\/08\/Itainopolis-vence-Vera-Mendes-por-2-x-0-na-Supercopa-APPM-IMG_0095-768x1152.jpg 768w, https:\/\/infonewss.com\/wp-content\/uploads\/2023\/08\/Itainopolis-vence-Vera-Mendes-por-2-x-0-na-Supercopa-APPM-IMG_0095-150x225.jpg 150w, https:\/\/infonewss.com\/wp-content\/uploads\/2023\/08\/Itainopolis-vence-Vera-Mendes-por-2-x-0-na-Supercopa-APPM-IMG_0095-300x450.jpg 300w, https:\/\/infonewss.com\/wp-content\/uploads\/2023\/08\/Itainopolis-vence-Vera-Mendes-por-2-x-0-na-Supercopa-APPM-IMG_0095-696x1044.jpg 696w, https:\/\/infonewss.com\/wp-content\/uploads\/2023\/08\/Itainopolis-vence-Vera-Mendes-por-2-x-0-na-Supercopa-APPM-IMG_0095.jpg 900w\" data-src=\"https:\/\/infonewss.com\/wp-content\/uploads\/2023\/08\/Itainopolis-vence-Vera-Mendes-por-2-x-0-na-Supercopa-APPM-IMG_0095-200x300.jpg\" data-sizes=\"(max-width: 200px) 100vw, 200px\" \/><\/a><\/div>\n<\/figure>\n<figure class=\"gallery-item\">\n<div class=\"gallery-icon portrait\"><a href=\"https:\/\/infonewss.com\/wp-content\/uploads\/2023\/08\/Itainopolis-vence-Vera-Mendes-por-2-x-0-na-Supercopa-APPM-IMG_0098.jpg\"><img loading=\"lazy\" decoding=\"async\" class=\"attachment-medium size-medium lazyload\" src=\"data:image\/gif;base64,R0lGODlhAQABAAAAACH5BAEKAAEALAAAAAABAAEAAAICTAEAOw==\" alt=\"\" width=\"200\" height=\"300\" data-srcset=\"https:\/\/infonewss.com\/wp-content\/uploads\/2023\/08\/Itainopolis-vence-Vera-Mendes-por-2-x-0-na-Supercopa-APPM-IMG_0098-200x300.jpg 200w, https:\/\/infonewss.com\/wp-content\/uploads\/2023\/08\/Itainopolis-vence-Vera-Mendes-por-2-x-0-na-Supercopa-APPM-IMG_0098-683x1024.jpg 683w, https:\/\/infonewss.com\/wp-content\/uploads\/2023\/08\/Itainopolis-vence-Vera-Mendes-por-2-x-0-na-Supercopa-APPM-IMG_0098-768x1152.jpg 768w, https:\/\/infonewss.com\/wp-content\/uploads\/2023\/08\/Itainopolis-vence-Vera-Mendes-por-2-x-0-na-Supercopa-APPM-IMG_0098-150x225.jpg 150w, https:\/\/infonewss.com\/wp-content\/uploads\/2023\/08\/Itainopolis-vence-Vera-Mendes-por-2-x-0-na-Supercopa-APPM-IMG_0098-300x450.jpg 300w, https:\/\/infonewss.com\/wp-content\/uploads\/2023\/08\/Itainopolis-vence-Vera-Mendes-por-2-x-0-na-Supercopa-APPM-IMG_0098-696x1044.jpg 696w, https:\/\/infonewss.com\/wp-content\/uploads\/2023\/08\/Itainopolis-vence-Vera-Mendes-por-2-x-0-na-Supercopa-APPM-IMG_0098.jpg 900w\" data-src=\"https:\/\/infonewss.com\/wp-content\/uploads\/2023\/08\/Itainopolis-vence-Vera-Mendes-por-2-x-0-na-Supercopa-APPM-IMG_0098-200x300.jpg\" data-sizes=\"(max-width: 200px) 100vw, 200px\" \/><\/a><\/div>\n<\/figure>\n<figure class=\"gallery-item\">\n<div class=\"gallery-icon landscape\"><a href=\"https:\/\/infonewss.com\/wp-content\/uploads\/2023\/08\/Itainopolis-vence-Vera-Mendes-por-2-x-0-na-Supercopa-APPM-IMG_0099.jpg\"><img loading=\"lazy\" decoding=\"async\" class=\"attachment-medium size-medium lazyload\" src=\"data:image\/gif;base64,R0lGODlhAQABAAAAACH5BAEKAAEALAAAAAABAAEAAAICTAEAOw==\" alt=\"\" width=\"300\" height=\"200\" data-srcset=\"https:\/\/infonewss.com\/wp-content\/uploads\/2023\/08\/Itainopolis-vence-Vera-Mendes-por-2-x-0-na-Supercopa-APPM-IMG_0099-300x200.jpg 300w, https:\/\/infonewss.com\/wp-content\/uploads\/2023\/08\/Itainopolis-vence-Vera-Mendes-por-2-x-0-na-Supercopa-APPM-IMG_0099-768x512.jpg 768w, https:\/\/infonewss.com\/wp-content\/uploads\/2023\/08\/Itainopolis-vence-Vera-Mendes-por-2-x-0-na-Supercopa-APPM-IMG_0099-150x100.jpg 150w, https:\/\/infonewss.com\/wp-content\/uploads\/2023\/08\/Itainopolis-vence-Vera-Mendes-por-2-x-0-na-Supercopa-APPM-IMG_0099-696x464.jpg 696w, https:\/\/infonewss.com\/wp-content\/uploads\/2023\/08\/Itainopolis-vence-Vera-Mendes-por-2-x-0-na-Supercopa-APPM-IMG_0099.jpg 900w\" data-src=\"https:\/\/infonewss.com\/wp-content\/uploads\/2023\/08\/Itainopolis-vence-Vera-Mendes-por-2-x-0-na-Supercopa-APPM-IMG_0099-300x200.jpg\" data-sizes=\"(max-width: 300px) 100vw, 300px\" \/><\/a><\/div>\n<\/figure>\n<figure class=\"gallery-item\">\n<div class=\"gallery-icon landscape\"><a href=\"https:\/\/infonewss.com\/wp-content\/uploads\/2023\/08\/Itainopolis-vence-Vera-Mendes-por-2-x-0-na-Supercopa-APPM-IMG_0100.jpg\"><img loading=\"lazy\" decoding=\"async\" class=\"attachment-medium size-medium lazyload\" src=\"data:image\/gif;base64,R0lGODlhAQABAAAAACH5BAEKAAEALAAAAAABAAEAAAICTAEAOw==\" alt=\"\" width=\"300\" height=\"200\" data-srcset=\"https:\/\/infonewss.com\/wp-content\/uploads\/2023\/08\/Itainopolis-vence-Vera-Mendes-por-2-x-0-na-Supercopa-APPM-IMG_0100-300x200.jpg 300w, https:\/\/infonewss.com\/wp-content\/uploads\/2023\/08\/Itainopolis-vence-Vera-Mendes-por-2-x-0-na-Supercopa-APPM-IMG_0100-768x512.jpg 768w, https:\/\/infonewss.com\/wp-content\/uploads\/2023\/08\/Itainopolis-vence-Vera-Mendes-por-2-x-0-na-Supercopa-APPM-IMG_0100-150x100.jpg 150w, https:\/\/infonewss.com\/wp-content\/uploads\/2023\/08\/Itainopolis-vence-Vera-Mendes-por-2-x-0-na-Supercopa-APPM-IMG_0100-696x464.jpg 696w, https:\/\/infonewss.com\/wp-content\/uploads\/2023\/08\/Itainopolis-vence-Vera-Mendes-por-2-x-0-na-Supercopa-APPM-IMG_0100.jpg 900w\" data-src=\"https:\/\/infonewss.com\/wp-content\/uploads\/2023\/08\/Itainopolis-vence-Vera-Mendes-por-2-x-0-na-Supercopa-APPM-IMG_0100-300x200.jpg\" data-sizes=\"(max-width: 300px) 100vw, 300px\" \/><\/a><\/div>\n<\/figure>\n<figure class=\"gallery-item\">\n<div class=\"gallery-icon landscape\"><a href=\"https:\/\/infonewss.com\/wp-content\/uploads\/2023\/08\/Itainopolis-vence-Vera-Mendes-por-2-x-0-na-Supercopa-APPM-IMG_0101.jpg\"><img loading=\"lazy\" decoding=\"async\" class=\"attachment-medium size-medium lazyloaded\" src=\"https:\/\/infonewss.com\/wp-content\/uploads\/2023\/08\/Itainopolis-vence-Vera-Mendes-por-2-x-0-na-Supercopa-APPM-IMG_0101-300x200.jpg\" sizes=\"(max-width: 300px) 100vw, 300px\" srcset=\"https:\/\/infonewss.com\/wp-content\/uploads\/2023\/08\/Itainopolis-vence-Vera-Mendes-por-2-x-0-na-Supercopa-APPM-IMG_0101-300x200.jpg 300w, https:\/\/infonewss.com\/wp-content\/uploads\/2023\/08\/Itainopolis-vence-Vera-Mendes-por-2-x-0-na-Supercopa-APPM-IMG_0101-768x512.jpg 768w, https:\/\/infonewss.com\/wp-content\/uploads\/2023\/08\/Itainopolis-vence-Vera-Mendes-por-2-x-0-na-Supercopa-APPM-IMG_0101-150x100.jpg 150w, https:\/\/infonewss.com\/wp-content\/uploads\/2023\/08\/Itainopolis-vence-Vera-Mendes-por-2-x-0-na-Supercopa-APPM-IMG_0101-696x464.jpg 696w, https:\/\/infonewss.com\/wp-content\/uploads\/2023\/08\/Itainopolis-vence-Vera-Mendes-por-2-x-0-na-Supercopa-APPM-IMG_0101.jpg 900w\" alt=\"\" width=\"300\" height=\"200\" data-srcset=\"https:\/\/infonewss.com\/wp-content\/uploads\/2023\/08\/Itainopolis-vence-Vera-Mendes-por-2-x-0-na-Supercopa-APPM-IMG_0101-300x200.jpg 300w, https:\/\/infonewss.com\/wp-content\/uploads\/2023\/08\/Itainopolis-vence-Vera-Mendes-por-2-x-0-na-Supercopa-APPM-IMG_0101-768x512.jpg 768w, https:\/\/infonewss.com\/wp-content\/uploads\/2023\/08\/Itainopolis-vence-Vera-Mendes-por-2-x-0-na-Supercopa-APPM-IMG_0101-150x100.jpg 150w, https:\/\/infonewss.com\/wp-content\/uploads\/2023\/08\/Itainopolis-vence-Vera-Mendes-por-2-x-0-na-Supercopa-APPM-IMG_0101-696x464.jpg 696w, https:\/\/infonewss.com\/wp-content\/uploads\/2023\/08\/Itainopolis-vence-Vera-Mendes-por-2-x-0-na-Supercopa-APPM-IMG_0101.jpg 900w\" data-src=\"https:\/\/infonewss.com\/wp-content\/uploads\/2023\/08\/Itainopolis-vence-Vera-Mendes-por-2-x-0-na-Supercopa-APPM-IMG_0101-300x200.jpg\" data-sizes=\"(max-width: 300px) 100vw, 300px\" \/><\/a><\/div>\n<\/figure>\n<figure class=\"gallery-item\">\n<div class=\"gallery-icon portrait\"><a href=\"https:\/\/infonewss.com\/wp-content\/uploads\/2023\/08\/Itainopolis-vence-Vera-Mendes-por-2-x-0-na-Supercopa-APPM-IMG_0102.jpg\"><img loading=\"lazy\" decoding=\"async\" class=\"attachment-medium size-medium lazyloaded\" src=\"https:\/\/infonewss.com\/wp-content\/uploads\/2023\/08\/Itainopolis-vence-Vera-Mendes-por-2-x-0-na-Supercopa-APPM-IMG_0102-200x300.jpg\" sizes=\"(max-width: 200px) 100vw, 200px\" srcset=\"https:\/\/infonewss.com\/wp-content\/uploads\/2023\/08\/Itainopolis-vence-Vera-Mendes-por-2-x-0-na-Supercopa-APPM-IMG_0102-200x300.jpg 200w, https:\/\/infonewss.com\/wp-content\/uploads\/2023\/08\/Itainopolis-vence-Vera-Mendes-por-2-x-0-na-Supercopa-APPM-IMG_0102-683x1024.jpg 683w, https:\/\/infonewss.com\/wp-content\/uploads\/2023\/08\/Itainopolis-vence-Vera-Mendes-por-2-x-0-na-Supercopa-APPM-IMG_0102-768x1152.jpg 768w, https:\/\/infonewss.com\/wp-content\/uploads\/2023\/08\/Itainopolis-vence-Vera-Mendes-por-2-x-0-na-Supercopa-APPM-IMG_0102-150x225.jpg 150w, https:\/\/infonewss.com\/wp-content\/uploads\/2023\/08\/Itainopolis-vence-Vera-Mendes-por-2-x-0-na-Supercopa-APPM-IMG_0102-300x450.jpg 300w, https:\/\/infonewss.com\/wp-content\/uploads\/2023\/08\/Itainopolis-vence-Vera-Mendes-por-2-x-0-na-Supercopa-APPM-IMG_0102-696x1044.jpg 696w, https:\/\/infonewss.com\/wp-content\/uploads\/2023\/08\/Itainopolis-vence-Vera-Mendes-por-2-x-0-na-Supercopa-APPM-IMG_0102.jpg 900w\" alt=\"\" width=\"200\" height=\"300\" data-srcset=\"https:\/\/infonewss.com\/wp-content\/uploads\/2023\/08\/Itainopolis-vence-Vera-Mendes-por-2-x-0-na-Supercopa-APPM-IMG_0102-200x300.jpg 200w, https:\/\/infonewss.com\/wp-content\/uploads\/2023\/08\/Itainopolis-vence-Vera-Mendes-por-2-x-0-na-Supercopa-APPM-IMG_0102-683x1024.jpg 683w, https:\/\/infonewss.com\/wp-content\/uploads\/2023\/08\/Itainopolis-vence-Vera-Mendes-por-2-x-0-na-Supercopa-APPM-IMG_0102-768x1152.jpg 768w, https:\/\/infonewss.com\/wp-content\/uploads\/2023\/08\/Itainopolis-vence-Vera-Mendes-por-2-x-0-na-Supercopa-APPM-IMG_0102-150x225.jpg 150w, https:\/\/infonewss.com\/wp-content\/uploads\/2023\/08\/Itainopolis-vence-Vera-Mendes-por-2-x-0-na-Supercopa-APPM-IMG_0102-300x450.jpg 300w, https:\/\/infonewss.com\/wp-content\/uploads\/2023\/08\/Itainopolis-vence-Vera-Mendes-por-2-x-0-na-Supercopa-APPM-IMG_0102-696x1044.jpg 696w, https:\/\/infonewss.com\/wp-content\/uploads\/2023\/08\/Itainopolis-vence-Vera-Mendes-por-2-x-0-na-Supercopa-APPM-IMG_0102.jpg 900w\" data-src=\"https:\/\/infonewss.com\/wp-content\/uploads\/2023\/08\/Itainopolis-vence-Vera-Mendes-por-2-x-0-na-Supercopa-APPM-IMG_0102-200x300.jpg\" data-sizes=\"(max-width: 200px) 100vw, 200px\" \/><\/a><\/div>\n<\/figure>\n<figure class=\"gallery-item\">\n<div class=\"gallery-icon landscape\"><a href=\"https:\/\/infonewss.com\/wp-content\/uploads\/2023\/08\/Itainopolis-vence-Vera-Mendes-por-2-x-0-na-Supercopa-APPM-IMG_0103.jpg\"><img loading=\"lazy\" decoding=\"async\" class=\"attachment-medium size-medium lazyloaded\" src=\"https:\/\/infonewss.com\/wp-content\/uploads\/2023\/08\/Itainopolis-vence-Vera-Mendes-por-2-x-0-na-Supercopa-APPM-IMG_0103-300x200.jpg\" sizes=\"(max-width: 300px) 100vw, 300px\" srcset=\"https:\/\/infonewss.com\/wp-content\/uploads\/2023\/08\/Itainopolis-vence-Vera-Mendes-por-2-x-0-na-Supercopa-APPM-IMG_0103-300x200.jpg 300w, https:\/\/infonewss.com\/wp-content\/uploads\/2023\/08\/Itainopolis-vence-Vera-Mendes-por-2-x-0-na-Supercopa-APPM-IMG_0103-768x512.jpg 768w, https:\/\/infonewss.com\/wp-content\/uploads\/2023\/08\/Itainopolis-vence-Vera-Mendes-por-2-x-0-na-Supercopa-APPM-IMG_0103-150x100.jpg 150w, https:\/\/infonewss.com\/wp-content\/uploads\/2023\/08\/Itainopolis-vence-Vera-Mendes-por-2-x-0-na-Supercopa-APPM-IMG_0103-696x464.jpg 696w, https:\/\/infonewss.com\/wp-content\/uploads\/2023\/08\/Itainopolis-vence-Vera-Mendes-por-2-x-0-na-Supercopa-APPM-IMG_0103.jpg 900w\" alt=\"\" width=\"300\" height=\"200\" data-srcset=\"https:\/\/infonewss.com\/wp-content\/uploads\/2023\/08\/Itainopolis-vence-Vera-Mendes-por-2-x-0-na-Supercopa-APPM-IMG_0103-300x200.jpg 300w, https:\/\/infonewss.com\/wp-content\/uploads\/2023\/08\/Itainopolis-vence-Vera-Mendes-por-2-x-0-na-Supercopa-APPM-IMG_0103-768x512.jpg 768w, https:\/\/infonewss.com\/wp-content\/uploads\/2023\/08\/Itainopolis-vence-Vera-Mendes-por-2-x-0-na-Supercopa-APPM-IMG_0103-150x100.jpg 150w, https:\/\/infonewss.com\/wp-content\/uploads\/2023\/08\/Itainopolis-vence-Vera-Mendes-por-2-x-0-na-Supercopa-APPM-IMG_0103-696x464.jpg 696w, https:\/\/infonewss.com\/wp-content\/uploads\/2023\/08\/Itainopolis-vence-Vera-Mendes-por-2-x-0-na-Supercopa-APPM-IMG_0103.jpg 900w\" data-src=\"https:\/\/infonewss.com\/wp-content\/uploads\/2023\/08\/Itainopolis-vence-Vera-Mendes-por-2-x-0-na-Supercopa-APPM-IMG_0103-300x200.jpg\" data-sizes=\"(max-width: 300px) 100vw, 300px\" \/><\/a><\/div>\n<\/figure>\n<figure class=\"gallery-item\">\n<div class=\"gallery-icon landscape\"><a href=\"https:\/\/infonewss.com\/wp-content\/uploads\/2023\/08\/Itainopolis-vence-Vera-Mendes-por-2-x-0-na-Supercopa-APPM-IMG_0105.jpg\"><img loading=\"lazy\" decoding=\"async\" class=\"attachment-medium size-medium lazyloaded\" src=\"https:\/\/infonewss.com\/wp-content\/uploads\/2023\/08\/Itainopolis-vence-Vera-Mendes-por-2-x-0-na-Supercopa-APPM-IMG_0105-300x200.jpg\" sizes=\"(max-width: 300px) 100vw, 300px\" srcset=\"https:\/\/infonewss.com\/wp-content\/uploads\/2023\/08\/Itainopolis-vence-Vera-Mendes-por-2-x-0-na-Supercopa-APPM-IMG_0105-300x200.jpg 300w, https:\/\/infonewss.com\/wp-content\/uploads\/2023\/08\/Itainopolis-vence-Vera-Mendes-por-2-x-0-na-Supercopa-APPM-IMG_0105-768x512.jpg 768w, https:\/\/infonewss.com\/wp-content\/uploads\/2023\/08\/Itainopolis-vence-Vera-Mendes-por-2-x-0-na-Supercopa-APPM-IMG_0105-150x100.jpg 150w, https:\/\/infonewss.com\/wp-content\/uploads\/2023\/08\/Itainopolis-vence-Vera-Mendes-por-2-x-0-na-Supercopa-APPM-IMG_0105-696x464.jpg 696w, https:\/\/infonewss.com\/wp-content\/uploads\/2023\/08\/Itainopolis-vence-Vera-Mendes-por-2-x-0-na-Supercopa-APPM-IMG_0105.jpg 900w\" alt=\"\" width=\"300\" height=\"200\" data-srcset=\"https:\/\/infonewss.com\/wp-content\/uploads\/2023\/08\/Itainopolis-vence-Vera-Mendes-por-2-x-0-na-Supercopa-APPM-IMG_0105-300x200.jpg 300w, https:\/\/infonewss.com\/wp-content\/uploads\/2023\/08\/Itainopolis-vence-Vera-Mendes-por-2-x-0-na-Supercopa-APPM-IMG_0105-768x512.jpg 768w, https:\/\/infonewss.com\/wp-content\/uploads\/2023\/08\/Itainopolis-vence-Vera-Mendes-por-2-x-0-na-Supercopa-APPM-IMG_0105-150x100.jpg 150w, https:\/\/infonewss.com\/wp-content\/uploads\/2023\/08\/Itainopolis-vence-Vera-Mendes-por-2-x-0-na-Supercopa-APPM-IMG_0105-696x464.jpg 696w, https:\/\/infonewss.com\/wp-content\/uploads\/2023\/08\/Itainopolis-vence-Vera-Mendes-por-2-x-0-na-Supercopa-APPM-IMG_0105.jpg 900w\" data-src=\"https:\/\/infonewss.com\/wp-content\/uploads\/2023\/08\/Itainopolis-vence-Vera-Mendes-por-2-x-0-na-Supercopa-APPM-IMG_0105-300x200.jpg\" data-sizes=\"(max-width: 300px) 100vw, 300px\" \/><\/a><\/div>\n<\/figure>\n<figure class=\"gallery-item\">\n<div class=\"gallery-icon landscape\"><a href=\"https:\/\/infonewss.com\/wp-content\/uploads\/2023\/08\/Itainopolis-vence-Vera-Mendes-por-2-x-0-na-Supercopa-APPM-IMG_0106.jpg\"><img loading=\"lazy\" decoding=\"async\" class=\"attachment-medium size-medium lazyloaded\" src=\"https:\/\/infonewss.com\/wp-content\/uploads\/2023\/08\/Itainopolis-vence-Vera-Mendes-por-2-x-0-na-Supercopa-APPM-IMG_0106-300x200.jpg\" sizes=\"(max-width: 300px) 100vw, 300px\" srcset=\"https:\/\/infonewss.com\/wp-content\/uploads\/2023\/08\/Itainopolis-vence-Vera-Mendes-por-2-x-0-na-Supercopa-APPM-IMG_0106-300x200.jpg 300w, https:\/\/infonewss.com\/wp-content\/uploads\/2023\/08\/Itainopolis-vence-Vera-Mendes-por-2-x-0-na-Supercopa-APPM-IMG_0106-768x512.jpg 768w, https:\/\/infonewss.com\/wp-content\/uploads\/2023\/08\/Itainopolis-vence-Vera-Mendes-por-2-x-0-na-Supercopa-APPM-IMG_0106-150x100.jpg 150w, https:\/\/infonewss.com\/wp-content\/uploads\/2023\/08\/Itainopolis-vence-Vera-Mendes-por-2-x-0-na-Supercopa-APPM-IMG_0106-696x464.jpg 696w, https:\/\/infonewss.com\/wp-content\/uploads\/2023\/08\/Itainopolis-vence-Vera-Mendes-por-2-x-0-na-Supercopa-APPM-IMG_0106.jpg 900w\" alt=\"\" width=\"300\" height=\"200\" data-srcset=\"https:\/\/infonewss.com\/wp-content\/uploads\/2023\/08\/Itainopolis-vence-Vera-Mendes-por-2-x-0-na-Supercopa-APPM-IMG_0106-300x200.jpg 300w, https:\/\/infonewss.com\/wp-content\/uploads\/2023\/08\/Itainopolis-vence-Vera-Mendes-por-2-x-0-na-Supercopa-APPM-IMG_0106-768x512.jpg 768w, https:\/\/infonewss.com\/wp-content\/uploads\/2023\/08\/Itainopolis-vence-Vera-Mendes-por-2-x-0-na-Supercopa-APPM-IMG_0106-150x100.jpg 150w, https:\/\/infonewss.com\/wp-content\/uploads\/2023\/08\/Itainopolis-vence-Vera-Mendes-por-2-x-0-na-Supercopa-APPM-IMG_0106-696x464.jpg 696w, https:\/\/infonewss.com\/wp-content\/uploads\/2023\/08\/Itainopolis-vence-Vera-Mendes-por-2-x-0-na-Supercopa-APPM-IMG_0106.jpg 900w\" data-src=\"https:\/\/infonewss.com\/wp-content\/uploads\/2023\/08\/Itainopolis-vence-Vera-Mendes-por-2-x-0-na-Supercopa-APPM-IMG_0106-300x200.jpg\" data-sizes=\"(max-width: 300px) 100vw, 300px\" \/><\/a><\/div>\n<\/figure>\n<figure class=\"gallery-item\">\n<div class=\"gallery-icon landscape\"><a href=\"https:\/\/infonewss.com\/wp-content\/uploads\/2023\/08\/Itainopolis-vence-Vera-Mendes-por-2-x-0-na-Supercopa-APPM-IMG_0107.jpg\"><img loading=\"lazy\" decoding=\"async\" class=\"attachment-medium size-medium lazyloaded\" src=\"https:\/\/infonewss.com\/wp-content\/uploads\/2023\/08\/Itainopolis-vence-Vera-Mendes-por-2-x-0-na-Supercopa-APPM-IMG_0107-300x200.jpg\" sizes=\"(max-width: 300px) 100vw, 300px\" srcset=\"https:\/\/infonewss.com\/wp-content\/uploads\/2023\/08\/Itainopolis-vence-Vera-Mendes-por-2-x-0-na-Supercopa-APPM-IMG_0107-300x200.jpg 300w, https:\/\/infonewss.com\/wp-content\/uploads\/2023\/08\/Itainopolis-vence-Vera-Mendes-por-2-x-0-na-Supercopa-APPM-IMG_0107-768x512.jpg 768w, https:\/\/infonewss.com\/wp-content\/uploads\/2023\/08\/Itainopolis-vence-Vera-Mendes-por-2-x-0-na-Supercopa-APPM-IMG_0107-150x100.jpg 150w, https:\/\/infonewss.com\/wp-content\/uploads\/2023\/08\/Itainopolis-vence-Vera-Mendes-por-2-x-0-na-Supercopa-APPM-IMG_0107-696x464.jpg 696w, https:\/\/infonewss.com\/wp-content\/uploads\/2023\/08\/Itainopolis-vence-Vera-Mendes-por-2-x-0-na-Supercopa-APPM-IMG_0107.jpg 900w\" alt=\"\" width=\"300\" height=\"200\" data-srcset=\"https:\/\/infonewss.com\/wp-content\/uploads\/2023\/08\/Itainopolis-vence-Vera-Mendes-por-2-x-0-na-Supercopa-APPM-IMG_0107-300x200.jpg 300w, https:\/\/infonewss.com\/wp-content\/uploads\/2023\/08\/Itainopolis-vence-Vera-Mendes-por-2-x-0-na-Supercopa-APPM-IMG_0107-768x512.jpg 768w, https:\/\/infonewss.com\/wp-content\/uploads\/2023\/08\/Itainopolis-vence-Vera-Mendes-por-2-x-0-na-Supercopa-APPM-IMG_0107-150x100.jpg 150w, https:\/\/infonewss.com\/wp-content\/uploads\/2023\/08\/Itainopolis-vence-Vera-Mendes-por-2-x-0-na-Supercopa-APPM-IMG_0107-696x464.jpg 696w, https:\/\/infonewss.com\/wp-content\/uploads\/2023\/08\/Itainopolis-vence-Vera-Mendes-por-2-x-0-na-Supercopa-APPM-IMG_0107.jpg 900w\" data-src=\"https:\/\/infonewss.com\/wp-content\/uploads\/2023\/08\/Itainopolis-vence-Vera-Mendes-por-2-x-0-na-Supercopa-APPM-IMG_0107-300x200.jpg\" data-sizes=\"(max-width: 300px) 100vw, 300px\" \/><\/a><\/div>\n<\/figure>\n<figure class=\"gallery-item\">\n<div class=\"gallery-icon landscape\"><a href=\"https:\/\/infonewss.com\/wp-content\/uploads\/2023\/08\/Itainopolis-vence-Vera-Mendes-por-2-x-0-na-Supercopa-APPM-IMG_0108.jpg\"><img loading=\"lazy\" decoding=\"async\" class=\"attachment-medium size-medium ls-is-cached lazyloaded\" src=\"https:\/\/infonewss.com\/wp-content\/uploads\/2023\/08\/Itainopolis-vence-Vera-Mendes-por-2-x-0-na-Supercopa-APPM-IMG_0108-300x200.jpg\" sizes=\"(max-width: 300px) 100vw, 300px\" srcset=\"https:\/\/infonewss.com\/wp-content\/uploads\/2023\/08\/Itainopolis-vence-Vera-Mendes-por-2-x-0-na-Supercopa-APPM-IMG_0108-300x200.jpg 300w, https:\/\/infonewss.com\/wp-content\/uploads\/2023\/08\/Itainopolis-vence-Vera-Mendes-por-2-x-0-na-Supercopa-APPM-IMG_0108-768x512.jpg 768w, https:\/\/infonewss.com\/wp-content\/uploads\/2023\/08\/Itainopolis-vence-Vera-Mendes-por-2-x-0-na-Supercopa-APPM-IMG_0108-150x100.jpg 150w, https:\/\/infonewss.com\/wp-content\/uploads\/2023\/08\/Itainopolis-vence-Vera-Mendes-por-2-x-0-na-Supercopa-APPM-IMG_0108-696x464.jpg 696w, https:\/\/infonewss.com\/wp-content\/uploads\/2023\/08\/Itainopolis-vence-Vera-Mendes-por-2-x-0-na-Supercopa-APPM-IMG_0108.jpg 900w\" alt=\"\" width=\"300\" height=\"200\" data-srcset=\"https:\/\/infonewss.com\/wp-content\/uploads\/2023\/08\/Itainopolis-vence-Vera-Mendes-por-2-x-0-na-Supercopa-APPM-IMG_0108-300x200.jpg 300w, https:\/\/infonewss.com\/wp-content\/uploads\/2023\/08\/Itainopolis-vence-Vera-Mendes-por-2-x-0-na-Supercopa-APPM-IMG_0108-768x512.jpg 768w, https:\/\/infonewss.com\/wp-content\/uploads\/2023\/08\/Itainopolis-vence-Vera-Mendes-por-2-x-0-na-Supercopa-APPM-IMG_0108-150x100.jpg 150w, https:\/\/infonewss.com\/wp-content\/uploads\/2023\/08\/Itainopolis-vence-Vera-Mendes-por-2-x-0-na-Supercopa-APPM-IMG_0108-696x464.jpg 696w, https:\/\/infonewss.com\/wp-content\/uploads\/2023\/08\/Itainopolis-vence-Vera-Mendes-por-2-x-0-na-Supercopa-APPM-IMG_0108.jpg 900w\" data-src=\"https:\/\/infonewss.com\/wp-content\/uploads\/2023\/08\/Itainopolis-vence-Vera-Mendes-por-2-x-0-na-Supercopa-APPM-IMG_0108-300x200.jpg\" data-sizes=\"(max-width: 300px) 100vw, 300px\" \/><\/a><\/div>\n<\/figure>\n<figure class=\"gallery-item\">\n<div class=\"gallery-icon landscape\"><a href=\"https:\/\/infonewss.com\/wp-content\/uploads\/2023\/08\/Itainopolis-vence-Vera-Mendes-por-2-x-0-na-Supercopa-APPM-IMG_0110.jpg\"><img loading=\"lazy\" decoding=\"async\" class=\"attachment-medium size-medium lazyloaded\" src=\"https:\/\/infonewss.com\/wp-content\/uploads\/2023\/08\/Itainopolis-vence-Vera-Mendes-por-2-x-0-na-Supercopa-APPM-IMG_0110-300x200.jpg\" sizes=\"(max-width: 300px) 100vw, 300px\" srcset=\"https:\/\/infonewss.com\/wp-content\/uploads\/2023\/08\/Itainopolis-vence-Vera-Mendes-por-2-x-0-na-Supercopa-APPM-IMG_0110-300x200.jpg 300w, https:\/\/infonewss.com\/wp-content\/uploads\/2023\/08\/Itainopolis-vence-Vera-Mendes-por-2-x-0-na-Supercopa-APPM-IMG_0110-768x512.jpg 768w, https:\/\/infonewss.com\/wp-content\/uploads\/2023\/08\/Itainopolis-vence-Vera-Mendes-por-2-x-0-na-Supercopa-APPM-IMG_0110-150x100.jpg 150w, https:\/\/infonewss.com\/wp-content\/uploads\/2023\/08\/Itainopolis-vence-Vera-Mendes-por-2-x-0-na-Supercopa-APPM-IMG_0110-696x464.jpg 696w, https:\/\/infonewss.com\/wp-content\/uploads\/2023\/08\/Itainopolis-vence-Vera-Mendes-por-2-x-0-na-Supercopa-APPM-IMG_0110.jpg 900w\" alt=\"\" width=\"300\" height=\"200\" data-srcset=\"https:\/\/infonewss.com\/wp-content\/uploads\/2023\/08\/Itainopolis-vence-Vera-Mendes-por-2-x-0-na-Supercopa-APPM-IMG_0110-300x200.jpg 300w, https:\/\/infonewss.com\/wp-content\/uploads\/2023\/08\/Itainopolis-vence-Vera-Mendes-por-2-x-0-na-Supercopa-APPM-IMG_0110-768x512.jpg 768w, https:\/\/infonewss.com\/wp-content\/uploads\/2023\/08\/Itainopolis-vence-Vera-Mendes-por-2-x-0-na-Supercopa-APPM-IMG_0110-150x100.jpg 150w, https:\/\/infonewss.com\/wp-content\/uploads\/2023\/08\/Itainopolis-vence-Vera-Mendes-por-2-x-0-na-Supercopa-APPM-IMG_0110-696x464.jpg 696w, https:\/\/infonewss.com\/wp-content\/uploads\/2023\/08\/Itainopolis-vence-Vera-Mendes-por-2-x-0-na-Supercopa-APPM-IMG_0110.jpg 900w\" data-src=\"https:\/\/infonewss.com\/wp-content\/uploads\/2023\/08\/Itainopolis-vence-Vera-Mendes-por-2-x-0-na-Supercopa-APPM-IMG_0110-300x200.jpg\" data-sizes=\"(max-width: 300px) 100vw, 300px\" \/><\/a><\/div>\n<\/figure>\n<figure class=\"gallery-item\">\n<div class=\"gallery-icon landscape\"><a href=\"https:\/\/infonewss.com\/wp-content\/uploads\/2023\/08\/Itainopolis-vence-Vera-Mendes-por-2-x-0-na-Supercopa-APPM-IMG_0113.jpg\"><img loading=\"lazy\" decoding=\"async\" class=\"attachment-medium size-medium lazyloaded\" src=\"https:\/\/infonewss.com\/wp-content\/uploads\/2023\/08\/Itainopolis-vence-Vera-Mendes-por-2-x-0-na-Supercopa-APPM-IMG_0113-300x200.jpg\" sizes=\"(max-width: 300px) 100vw, 300px\" srcset=\"https:\/\/infonewss.com\/wp-content\/uploads\/2023\/08\/Itainopolis-vence-Vera-Mendes-por-2-x-0-na-Supercopa-APPM-IMG_0113-300x200.jpg 300w, https:\/\/infonewss.com\/wp-content\/uploads\/2023\/08\/Itainopolis-vence-Vera-Mendes-por-2-x-0-na-Supercopa-APPM-IMG_0113-768x512.jpg 768w, https:\/\/infonewss.com\/wp-content\/uploads\/2023\/08\/Itainopolis-vence-Vera-Mendes-por-2-x-0-na-Supercopa-APPM-IMG_0113-150x100.jpg 150w, https:\/\/infonewss.com\/wp-content\/uploads\/2023\/08\/Itainopolis-vence-Vera-Mendes-por-2-x-0-na-Supercopa-APPM-IMG_0113-696x464.jpg 696w, https:\/\/infonewss.com\/wp-content\/uploads\/2023\/08\/Itainopolis-vence-Vera-Mendes-por-2-x-0-na-Supercopa-APPM-IMG_0113.jpg 900w\" alt=\"\" width=\"300\" height=\"200\" data-srcset=\"https:\/\/infonewss.com\/wp-content\/uploads\/2023\/08\/Itainopolis-vence-Vera-Mendes-por-2-x-0-na-Supercopa-APPM-IMG_0113-300x200.jpg 300w, https:\/\/infonewss.com\/wp-content\/uploads\/2023\/08\/Itainopolis-vence-Vera-Mendes-por-2-x-0-na-Supercopa-APPM-IMG_0113-768x512.jpg 768w, https:\/\/infonewss.com\/wp-content\/uploads\/2023\/08\/Itainopolis-vence-Vera-Mendes-por-2-x-0-na-Supercopa-APPM-IMG_0113-150x100.jpg 150w, https:\/\/infonewss.com\/wp-content\/uploads\/2023\/08\/Itainopolis-vence-Vera-Mendes-por-2-x-0-na-Supercopa-APPM-IMG_0113-696x464.jpg 696w, https:\/\/infonewss.com\/wp-content\/uploads\/2023\/08\/Itainopolis-vence-Vera-Mendes-por-2-x-0-na-Supercopa-APPM-IMG_0113.jpg 900w\" data-src=\"https:\/\/infonewss.com\/wp-content\/uploads\/2023\/08\/Itainopolis-vence-Vera-Mendes-por-2-x-0-na-Supercopa-APPM-IMG_0113-300x200.jpg\" data-sizes=\"(max-width: 300px) 100vw, 300px\" \/><\/a><\/div>\n<\/figure>\n<figure class=\"gallery-item\">\n<div class=\"gallery-icon landscape\"><a href=\"https:\/\/infonewss.com\/wp-content\/uploads\/2023\/08\/Itainopolis-vence-Vera-Mendes-por-2-x-0-na-Supercopa-APPM-IMG_0114.jpg\"><img loading=\"lazy\" decoding=\"async\" class=\"attachment-medium size-medium lazyloaded\" src=\"https:\/\/infonewss.com\/wp-content\/uploads\/2023\/08\/Itainopolis-vence-Vera-Mendes-por-2-x-0-na-Supercopa-APPM-IMG_0114-300x200.jpg\" sizes=\"(max-width: 300px) 100vw, 300px\" srcset=\"https:\/\/infonewss.com\/wp-content\/uploads\/2023\/08\/Itainopolis-vence-Vera-Mendes-por-2-x-0-na-Supercopa-APPM-IMG_0114-300x200.jpg 300w, https:\/\/infonewss.com\/wp-content\/uploads\/2023\/08\/Itainopolis-vence-Vera-Mendes-por-2-x-0-na-Supercopa-APPM-IMG_0114-768x512.jpg 768w, https:\/\/infonewss.com\/wp-content\/uploads\/2023\/08\/Itainopolis-vence-Vera-Mendes-por-2-x-0-na-Supercopa-APPM-IMG_0114-150x100.jpg 150w, https:\/\/infonewss.com\/wp-content\/uploads\/2023\/08\/Itainopolis-vence-Vera-Mendes-por-2-x-0-na-Supercopa-APPM-IMG_0114-696x464.jpg 696w, https:\/\/infonewss.com\/wp-content\/uploads\/2023\/08\/Itainopolis-vence-Vera-Mendes-por-2-x-0-na-Supercopa-APPM-IMG_0114.jpg 900w\" alt=\"\" width=\"300\" height=\"200\" data-srcset=\"https:\/\/infonewss.com\/wp-content\/uploads\/2023\/08\/Itainopolis-vence-Vera-Mendes-por-2-x-0-na-Supercopa-APPM-IMG_0114-300x200.jpg 300w, https:\/\/infonewss.com\/wp-content\/uploads\/2023\/08\/Itainopolis-vence-Vera-Mendes-por-2-x-0-na-Supercopa-APPM-IMG_0114-768x512.jpg 768w, https:\/\/infonewss.com\/wp-content\/uploads\/2023\/08\/Itainopolis-vence-Vera-Mendes-por-2-x-0-na-Supercopa-APPM-IMG_0114-150x100.jpg 150w, https:\/\/infonewss.com\/wp-content\/uploads\/2023\/08\/Itainopolis-vence-Vera-Mendes-por-2-x-0-na-Supercopa-APPM-IMG_0114-696x464.jpg 696w, https:\/\/infonewss.com\/wp-content\/uploads\/2023\/08\/Itainopolis-vence-Vera-Mendes-por-2-x-0-na-Supercopa-APPM-IMG_0114.jpg 900w\" data-src=\"https:\/\/infonewss.com\/wp-content\/uploads\/2023\/08\/Itainopolis-vence-Vera-Mendes-por-2-x-0-na-Supercopa-APPM-IMG_0114-300x200.jpg\" data-sizes=\"(max-width: 300px) 100vw, 300px\" \/><\/a><\/div>\n<\/figure>\n<figure class=\"gallery-item\">\n<div class=\"gallery-icon landscape\"><a href=\"https:\/\/infonewss.com\/wp-content\/uploads\/2023\/08\/Itainopolis-vence-Vera-Mendes-por-2-x-0-na-Supercopa-APPM-IMG_0115.jpg\"><img loading=\"lazy\" decoding=\"async\" class=\"attachment-medium size-medium lazyload\" src=\"data:image\/gif;base64,R0lGODlhAQABAAAAACH5BAEKAAEALAAAAAABAAEAAAICTAEAOw==\" alt=\"\" width=\"300\" height=\"200\" data-srcset=\"https:\/\/infonewss.com\/wp-content\/uploads\/2023\/08\/Itainopolis-vence-Vera-Mendes-por-2-x-0-na-Supercopa-APPM-IMG_0115-300x200.jpg 300w, https:\/\/infonewss.com\/wp-content\/uploads\/2023\/08\/Itainopolis-vence-Vera-Mendes-por-2-x-0-na-Supercopa-APPM-IMG_0115-768x512.jpg 768w, https:\/\/infonewss.com\/wp-content\/uploads\/2023\/08\/Itainopolis-vence-Vera-Mendes-por-2-x-0-na-Supercopa-APPM-IMG_0115-150x100.jpg 150w, https:\/\/infonewss.com\/wp-content\/uploads\/2023\/08\/Itainopolis-vence-Vera-Mendes-por-2-x-0-na-Supercopa-APPM-IMG_0115-696x464.jpg 696w, https:\/\/infonewss.com\/wp-content\/uploads\/2023\/08\/Itainopolis-vence-Vera-Mendes-por-2-x-0-na-Supercopa-APPM-IMG_0115.jpg 900w\" data-src=\"https:\/\/infonewss.com\/wp-content\/uploads\/2023\/08\/Itainopolis-vence-Vera-Mendes-por-2-x-0-na-Supercopa-APPM-IMG_0115-300x200.jpg\" data-sizes=\"(max-width: 300px) 100vw, 300px\" \/><\/a><\/div>\n<\/figure>\n<figure class=\"gallery-item\">\n<div class=\"gallery-icon landscape\"><a href=\"https:\/\/infonewss.com\/wp-content\/uploads\/2023\/08\/Itainopolis-vence-Vera-Mendes-por-2-x-0-na-Supercopa-APPM-IMG_0116.jpg\"><img loading=\"lazy\" decoding=\"async\" class=\"attachment-medium size-medium lazyload\" src=\"data:image\/gif;base64,R0lGODlhAQABAAAAACH5BAEKAAEALAAAAAABAAEAAAICTAEAOw==\" alt=\"\" width=\"300\" height=\"200\" data-srcset=\"https:\/\/infonewss.com\/wp-content\/uploads\/2023\/08\/Itainopolis-vence-Vera-Mendes-por-2-x-0-na-Supercopa-APPM-IMG_0116-300x200.jpg 300w, https:\/\/infonewss.com\/wp-content\/uploads\/2023\/08\/Itainopolis-vence-Vera-Mendes-por-2-x-0-na-Supercopa-APPM-IMG_0116-768x512.jpg 768w, https:\/\/infonewss.com\/wp-content\/uploads\/2023\/08\/Itainopolis-vence-Vera-Mendes-por-2-x-0-na-Supercopa-APPM-IMG_0116-150x100.jpg 150w, https:\/\/infonewss.com\/wp-content\/uploads\/2023\/08\/Itainopolis-vence-Vera-Mendes-por-2-x-0-na-Supercopa-APPM-IMG_0116-696x464.jpg 696w, https:\/\/infonewss.com\/wp-content\/uploads\/2023\/08\/Itainopolis-vence-Vera-Mendes-por-2-x-0-na-Supercopa-APPM-IMG_0116.jpg 900w\" data-src=\"https:\/\/infonewss.com\/wp-content\/uploads\/2023\/08\/Itainopolis-vence-Vera-Mendes-por-2-x-0-na-Supercopa-APPM-IMG_0116-300x200.jpg\" data-sizes=\"(max-width: 300px) 100vw, 300px\" \/><\/a><\/div>\n<\/figure>\n<figure class=\"gallery-item\">\n<div class=\"gallery-icon landscape\"><a href=\"https:\/\/infonewss.com\/wp-content\/uploads\/2023\/08\/Itainopolis-vence-Vera-Mendes-por-2-x-0-na-Supercopa-APPM-IMG_0117.jpg\"><img loading=\"lazy\" decoding=\"async\" class=\"attachment-medium size-medium lazyloaded\" src=\"https:\/\/infonewss.com\/wp-content\/uploads\/2023\/08\/Itainopolis-vence-Vera-Mendes-por-2-x-0-na-Supercopa-APPM-IMG_0117-300x200.jpg\" sizes=\"(max-width: 300px) 100vw, 300px\" srcset=\"https:\/\/infonewss.com\/wp-content\/uploads\/2023\/08\/Itainopolis-vence-Vera-Mendes-por-2-x-0-na-Supercopa-APPM-IMG_0117-300x200.jpg 300w, https:\/\/infonewss.com\/wp-content\/uploads\/2023\/08\/Itainopolis-vence-Vera-Mendes-por-2-x-0-na-Supercopa-APPM-IMG_0117-768x512.jpg 768w, https:\/\/infonewss.com\/wp-content\/uploads\/2023\/08\/Itainopolis-vence-Vera-Mendes-por-2-x-0-na-Supercopa-APPM-IMG_0117-150x100.jpg 150w, https:\/\/infonewss.com\/wp-content\/uploads\/2023\/08\/Itainopolis-vence-Vera-Mendes-por-2-x-0-na-Supercopa-APPM-IMG_0117-696x464.jpg 696w, https:\/\/infonewss.com\/wp-content\/uploads\/2023\/08\/Itainopolis-vence-Vera-Mendes-por-2-x-0-na-Supercopa-APPM-IMG_0117.jpg 900w\" alt=\"\" width=\"300\" height=\"200\" data-srcset=\"https:\/\/infonewss.com\/wp-content\/uploads\/2023\/08\/Itainopolis-vence-Vera-Mendes-por-2-x-0-na-Supercopa-APPM-IMG_0117-300x200.jpg 300w, https:\/\/infonewss.com\/wp-content\/uploads\/2023\/08\/Itainopolis-vence-Vera-Mendes-por-2-x-0-na-Supercopa-APPM-IMG_0117-768x512.jpg 768w, https:\/\/infonewss.com\/wp-content\/uploads\/2023\/08\/Itainopolis-vence-Vera-Mendes-por-2-x-0-na-Supercopa-APPM-IMG_0117-150x100.jpg 150w, https:\/\/infonewss.com\/wp-content\/uploads\/2023\/08\/Itainopolis-vence-Vera-Mendes-por-2-x-0-na-Supercopa-APPM-IMG_0117-696x464.jpg 696w, https:\/\/infonewss.com\/wp-content\/uploads\/2023\/08\/Itainopolis-vence-Vera-Mendes-por-2-x-0-na-Supercopa-APPM-IMG_0117.jpg 900w\" data-src=\"https:\/\/infonewss.com\/wp-content\/uploads\/2023\/08\/Itainopolis-vence-Vera-Mendes-por-2-x-0-na-Supercopa-APPM-IMG_0117-300x200.jpg\" data-sizes=\"(max-width: 300px) 100vw, 300px\" \/><\/a><\/div>\n<\/figure>\n<figure class=\"gallery-item\">\n<div class=\"gallery-icon landscape\"><a href=\"https:\/\/infonewss.com\/wp-content\/uploads\/2023\/08\/Itainopolis-vence-Vera-Mendes-por-2-x-0-na-Supercopa-APPM-IMG_0118.jpg\"><img loading=\"lazy\" decoding=\"async\" class=\"attachment-medium size-medium lazyloaded\" src=\"https:\/\/infonewss.com\/wp-content\/uploads\/2023\/08\/Itainopolis-vence-Vera-Mendes-por-2-x-0-na-Supercopa-APPM-IMG_0118-300x200.jpg\" sizes=\"(max-width: 300px) 100vw, 300px\" srcset=\"https:\/\/infonewss.com\/wp-content\/uploads\/2023\/08\/Itainopolis-vence-Vera-Mendes-por-2-x-0-na-Supercopa-APPM-IMG_0118-300x200.jpg 300w, https:\/\/infonewss.com\/wp-content\/uploads\/2023\/08\/Itainopolis-vence-Vera-Mendes-por-2-x-0-na-Supercopa-APPM-IMG_0118-768x512.jpg 768w, https:\/\/infonewss.com\/wp-content\/uploads\/2023\/08\/Itainopolis-vence-Vera-Mendes-por-2-x-0-na-Supercopa-APPM-IMG_0118-150x100.jpg 150w, https:\/\/infonewss.com\/wp-content\/uploads\/2023\/08\/Itainopolis-vence-Vera-Mendes-por-2-x-0-na-Supercopa-APPM-IMG_0118-696x464.jpg 696w, https:\/\/infonewss.com\/wp-content\/uploads\/2023\/08\/Itainopolis-vence-Vera-Mendes-por-2-x-0-na-Supercopa-APPM-IMG_0118.jpg 900w\" alt=\"\" width=\"300\" height=\"200\" data-srcset=\"https:\/\/infonewss.com\/wp-content\/uploads\/2023\/08\/Itainopolis-vence-Vera-Mendes-por-2-x-0-na-Supercopa-APPM-IMG_0118-300x200.jpg 300w, https:\/\/infonewss.com\/wp-content\/uploads\/2023\/08\/Itainopolis-vence-Vera-Mendes-por-2-x-0-na-Supercopa-APPM-IMG_0118-768x512.jpg 768w, https:\/\/infonewss.com\/wp-content\/uploads\/2023\/08\/Itainopolis-vence-Vera-Mendes-por-2-x-0-na-Supercopa-APPM-IMG_0118-150x100.jpg 150w, https:\/\/infonewss.com\/wp-content\/uploads\/2023\/08\/Itainopolis-vence-Vera-Mendes-por-2-x-0-na-Supercopa-APPM-IMG_0118-696x464.jpg 696w, https:\/\/infonewss.com\/wp-content\/uploads\/2023\/08\/Itainopolis-vence-Vera-Mendes-por-2-x-0-na-Supercopa-APPM-IMG_0118.jpg 900w\" data-src=\"https:\/\/infonewss.com\/wp-content\/uploads\/2023\/08\/Itainopolis-vence-Vera-Mendes-por-2-x-0-na-Supercopa-APPM-IMG_0118-300x200.jpg\" data-sizes=\"(max-width: 300px) 100vw, 300px\" \/><\/a><\/div>\n<\/figure>\n<figure class=\"gallery-item\">\n<div class=\"gallery-icon landscape\"><a href=\"https:\/\/infonewss.com\/wp-content\/uploads\/2023\/08\/Itainopolis-vence-Vera-Mendes-por-2-x-0-na-Supercopa-APPM-IMG_0119.jpg\"><img loading=\"lazy\" decoding=\"async\" class=\"attachment-medium size-medium lazyloaded\" src=\"https:\/\/infonewss.com\/wp-content\/uploads\/2023\/08\/Itainopolis-vence-Vera-Mendes-por-2-x-0-na-Supercopa-APPM-IMG_0119-300x200.jpg\" sizes=\"(max-width: 300px) 100vw, 300px\" srcset=\"https:\/\/infonewss.com\/wp-content\/uploads\/2023\/08\/Itainopolis-vence-Vera-Mendes-por-2-x-0-na-Supercopa-APPM-IMG_0119-300x200.jpg 300w, https:\/\/infonewss.com\/wp-content\/uploads\/2023\/08\/Itainopolis-vence-Vera-Mendes-por-2-x-0-na-Supercopa-APPM-IMG_0119-768x512.jpg 768w, https:\/\/infonewss.com\/wp-content\/uploads\/2023\/08\/Itainopolis-vence-Vera-Mendes-por-2-x-0-na-Supercopa-APPM-IMG_0119-150x100.jpg 150w, https:\/\/infonewss.com\/wp-content\/uploads\/2023\/08\/Itainopolis-vence-Vera-Mendes-por-2-x-0-na-Supercopa-APPM-IMG_0119-696x464.jpg 696w, https:\/\/infonewss.com\/wp-content\/uploads\/2023\/08\/Itainopolis-vence-Vera-Mendes-por-2-x-0-na-Supercopa-APPM-IMG_0119.jpg 900w\" alt=\"\" width=\"300\" height=\"200\" data-srcset=\"https:\/\/infonewss.com\/wp-content\/uploads\/2023\/08\/Itainopolis-vence-Vera-Mendes-por-2-x-0-na-Supercopa-APPM-IMG_0119-300x200.jpg 300w, https:\/\/infonewss.com\/wp-content\/uploads\/2023\/08\/Itainopolis-vence-Vera-Mendes-por-2-x-0-na-Supercopa-APPM-IMG_0119-768x512.jpg 768w, https:\/\/infonewss.com\/wp-content\/uploads\/2023\/08\/Itainopolis-vence-Vera-Mendes-por-2-x-0-na-Supercopa-APPM-IMG_0119-150x100.jpg 150w, https:\/\/infonewss.com\/wp-content\/uploads\/2023\/08\/Itainopolis-vence-Vera-Mendes-por-2-x-0-na-Supercopa-APPM-IMG_0119-696x464.jpg 696w, https:\/\/infonewss.com\/wp-content\/uploads\/2023\/08\/Itainopolis-vence-Vera-Mendes-por-2-x-0-na-Supercopa-APPM-IMG_0119.jpg 900w\" data-src=\"https:\/\/infonewss.com\/wp-content\/uploads\/2023\/08\/Itainopolis-vence-Vera-Mendes-por-2-x-0-na-Supercopa-APPM-IMG_0119-300x200.jpg\" data-sizes=\"(max-width: 300px) 100vw, 300px\" \/><\/a><\/div>\n<\/figure>\n<figure class=\"gallery-item\">\n<div class=\"gallery-icon landscape\"><a href=\"https:\/\/infonewss.com\/wp-content\/uploads\/2023\/08\/Itainopolis-vence-Vera-Mendes-por-2-x-0-na-Supercopa-APPM-IMG_0121.jpg\"><img loading=\"lazy\" decoding=\"async\" class=\"attachment-medium size-medium lazyloaded\" src=\"https:\/\/infonewss.com\/wp-content\/uploads\/2023\/08\/Itainopolis-vence-Vera-Mendes-por-2-x-0-na-Supercopa-APPM-IMG_0121-300x200.jpg\" sizes=\"(max-width: 300px) 100vw, 300px\" srcset=\"https:\/\/infonewss.com\/wp-content\/uploads\/2023\/08\/Itainopolis-vence-Vera-Mendes-por-2-x-0-na-Supercopa-APPM-IMG_0121-300x200.jpg 300w, https:\/\/infonewss.com\/wp-content\/uploads\/2023\/08\/Itainopolis-vence-Vera-Mendes-por-2-x-0-na-Supercopa-APPM-IMG_0121-768x512.jpg 768w, https:\/\/infonewss.com\/wp-content\/uploads\/2023\/08\/Itainopolis-vence-Vera-Mendes-por-2-x-0-na-Supercopa-APPM-IMG_0121-150x100.jpg 150w, https:\/\/infonewss.com\/wp-content\/uploads\/2023\/08\/Itainopolis-vence-Vera-Mendes-por-2-x-0-na-Supercopa-APPM-IMG_0121-696x464.jpg 696w, https:\/\/infonewss.com\/wp-content\/uploads\/2023\/08\/Itainopolis-vence-Vera-Mendes-por-2-x-0-na-Supercopa-APPM-IMG_0121.jpg 900w\" alt=\"\" width=\"300\" height=\"200\" data-srcset=\"https:\/\/infonewss.com\/wp-content\/uploads\/2023\/08\/Itainopolis-vence-Vera-Mendes-por-2-x-0-na-Supercopa-APPM-IMG_0121-300x200.jpg 300w, https:\/\/infonewss.com\/wp-content\/uploads\/2023\/08\/Itainopolis-vence-Vera-Mendes-por-2-x-0-na-Supercopa-APPM-IMG_0121-768x512.jpg 768w, https:\/\/infonewss.com\/wp-content\/uploads\/2023\/08\/Itainopolis-vence-Vera-Mendes-por-2-x-0-na-Supercopa-APPM-IMG_0121-150x100.jpg 150w, https:\/\/infonewss.com\/wp-content\/uploads\/2023\/08\/Itainopolis-vence-Vera-Mendes-por-2-x-0-na-Supercopa-APPM-IMG_0121-696x464.jpg 696w, https:\/\/infonewss.com\/wp-content\/uploads\/2023\/08\/Itainopolis-vence-Vera-Mendes-por-2-x-0-na-Supercopa-APPM-IMG_0121.jpg 900w\" data-src=\"https:\/\/infonewss.com\/wp-content\/uploads\/2023\/08\/Itainopolis-vence-Vera-Mendes-por-2-x-0-na-Supercopa-APPM-IMG_0121-300x200.jpg\" data-sizes=\"(max-width: 300px) 100vw, 300px\" \/><\/a><\/div>\n<\/figure>\n<figure class=\"gallery-item\">\n<div class=\"gallery-icon landscape\"><a href=\"https:\/\/infonewss.com\/wp-content\/uploads\/2023\/08\/Itainopolis-vence-Vera-Mendes-por-2-x-0-na-Supercopa-APPM-IMG_0122.jpg\"><img loading=\"lazy\" decoding=\"async\" class=\"attachment-medium size-medium lazyloaded\" src=\"https:\/\/infonewss.com\/wp-content\/uploads\/2023\/08\/Itainopolis-vence-Vera-Mendes-por-2-x-0-na-Supercopa-APPM-IMG_0122-300x200.jpg\" sizes=\"(max-width: 300px) 100vw, 300px\" srcset=\"https:\/\/infonewss.com\/wp-content\/uploads\/2023\/08\/Itainopolis-vence-Vera-Mendes-por-2-x-0-na-Supercopa-APPM-IMG_0122-300x200.jpg 300w, https:\/\/infonewss.com\/wp-content\/uploads\/2023\/08\/Itainopolis-vence-Vera-Mendes-por-2-x-0-na-Supercopa-APPM-IMG_0122-768x512.jpg 768w, https:\/\/infonewss.com\/wp-content\/uploads\/2023\/08\/Itainopolis-vence-Vera-Mendes-por-2-x-0-na-Supercopa-APPM-IMG_0122-150x100.jpg 150w, https:\/\/infonewss.com\/wp-content\/uploads\/2023\/08\/Itainopolis-vence-Vera-Mendes-por-2-x-0-na-Supercopa-APPM-IMG_0122-696x464.jpg 696w, https:\/\/infonewss.com\/wp-content\/uploads\/2023\/08\/Itainopolis-vence-Vera-Mendes-por-2-x-0-na-Supercopa-APPM-IMG_0122.jpg 900w\" alt=\"\" width=\"300\" height=\"200\" data-srcset=\"https:\/\/infonewss.com\/wp-content\/uploads\/2023\/08\/Itainopolis-vence-Vera-Mendes-por-2-x-0-na-Supercopa-APPM-IMG_0122-300x200.jpg 300w, https:\/\/infonewss.com\/wp-content\/uploads\/2023\/08\/Itainopolis-vence-Vera-Mendes-por-2-x-0-na-Supercopa-APPM-IMG_0122-768x512.jpg 768w, https:\/\/infonewss.com\/wp-content\/uploads\/2023\/08\/Itainopolis-vence-Vera-Mendes-por-2-x-0-na-Supercopa-APPM-IMG_0122-150x100.jpg 150w, https:\/\/infonewss.com\/wp-content\/uploads\/2023\/08\/Itainopolis-vence-Vera-Mendes-por-2-x-0-na-Supercopa-APPM-IMG_0122-696x464.jpg 696w, https:\/\/infonewss.com\/wp-content\/uploads\/2023\/08\/Itainopolis-vence-Vera-Mendes-por-2-x-0-na-Supercopa-APPM-IMG_0122.jpg 900w\" data-src=\"https:\/\/infonewss.com\/wp-content\/uploads\/2023\/08\/Itainopolis-vence-Vera-Mendes-por-2-x-0-na-Supercopa-APPM-IMG_0122-300x200.jpg\" data-sizes=\"(max-width: 300px) 100vw, 300px\" \/><\/a><\/div>\n<\/figure>\n<figure class=\"gallery-item\">\n<div class=\"gallery-icon landscape\"><a href=\"https:\/\/infonewss.com\/wp-content\/uploads\/2023\/08\/Itainopolis-vence-Vera-Mendes-por-2-x-0-na-Supercopa-APPM-IMG_0123.jpg\"><img loading=\"lazy\" decoding=\"async\" class=\"attachment-medium size-medium lazyloaded\" src=\"https:\/\/infonewss.com\/wp-content\/uploads\/2023\/08\/Itainopolis-vence-Vera-Mendes-por-2-x-0-na-Supercopa-APPM-IMG_0123-300x200.jpg\" sizes=\"(max-width: 300px) 100vw, 300px\" srcset=\"https:\/\/infonewss.com\/wp-content\/uploads\/2023\/08\/Itainopolis-vence-Vera-Mendes-por-2-x-0-na-Supercopa-APPM-IMG_0123-300x200.jpg 300w, https:\/\/infonewss.com\/wp-content\/uploads\/2023\/08\/Itainopolis-vence-Vera-Mendes-por-2-x-0-na-Supercopa-APPM-IMG_0123-768x512.jpg 768w, https:\/\/infonewss.com\/wp-content\/uploads\/2023\/08\/Itainopolis-vence-Vera-Mendes-por-2-x-0-na-Supercopa-APPM-IMG_0123-150x100.jpg 150w, https:\/\/infonewss.com\/wp-content\/uploads\/2023\/08\/Itainopolis-vence-Vera-Mendes-por-2-x-0-na-Supercopa-APPM-IMG_0123-696x464.jpg 696w, https:\/\/infonewss.com\/wp-content\/uploads\/2023\/08\/Itainopolis-vence-Vera-Mendes-por-2-x-0-na-Supercopa-APPM-IMG_0123.jpg 900w\" alt=\"\" width=\"300\" height=\"200\" data-srcset=\"https:\/\/infonewss.com\/wp-content\/uploads\/2023\/08\/Itainopolis-vence-Vera-Mendes-por-2-x-0-na-Supercopa-APPM-IMG_0123-300x200.jpg 300w, https:\/\/infonewss.com\/wp-content\/uploads\/2023\/08\/Itainopolis-vence-Vera-Mendes-por-2-x-0-na-Supercopa-APPM-IMG_0123-768x512.jpg 768w, https:\/\/infonewss.com\/wp-content\/uploads\/2023\/08\/Itainopolis-vence-Vera-Mendes-por-2-x-0-na-Supercopa-APPM-IMG_0123-150x100.jpg 150w, https:\/\/infonewss.com\/wp-content\/uploads\/2023\/08\/Itainopolis-vence-Vera-Mendes-por-2-x-0-na-Supercopa-APPM-IMG_0123-696x464.jpg 696w, https:\/\/infonewss.com\/wp-content\/uploads\/2023\/08\/Itainopolis-vence-Vera-Mendes-por-2-x-0-na-Supercopa-APPM-IMG_0123.jpg 900w\" data-src=\"https:\/\/infonewss.com\/wp-content\/uploads\/2023\/08\/Itainopolis-vence-Vera-Mendes-por-2-x-0-na-Supercopa-APPM-IMG_0123-300x200.jpg\" data-sizes=\"(max-width: 300px) 100vw, 300px\" \/><\/a><\/div>\n<\/figure>\n<figure class=\"gallery-item\">\n<div class=\"gallery-icon landscape\"><a href=\"https:\/\/infonewss.com\/wp-content\/uploads\/2023\/08\/Itainopolis-vence-Vera-Mendes-por-2-x-0-na-Supercopa-APPM-IMG_0124.jpg\"><img loading=\"lazy\" decoding=\"async\" class=\"attachment-medium size-medium lazyloaded\" src=\"https:\/\/infonewss.com\/wp-content\/uploads\/2023\/08\/Itainopolis-vence-Vera-Mendes-por-2-x-0-na-Supercopa-APPM-IMG_0124-300x200.jpg\" sizes=\"(max-width: 300px) 100vw, 300px\" srcset=\"https:\/\/infonewss.com\/wp-content\/uploads\/2023\/08\/Itainopolis-vence-Vera-Mendes-por-2-x-0-na-Supercopa-APPM-IMG_0124-300x200.jpg 300w, https:\/\/infonewss.com\/wp-content\/uploads\/2023\/08\/Itainopolis-vence-Vera-Mendes-por-2-x-0-na-Supercopa-APPM-IMG_0124-768x512.jpg 768w, https:\/\/infonewss.com\/wp-content\/uploads\/2023\/08\/Itainopolis-vence-Vera-Mendes-por-2-x-0-na-Supercopa-APPM-IMG_0124-150x100.jpg 150w, https:\/\/infonewss.com\/wp-content\/uploads\/2023\/08\/Itainopolis-vence-Vera-Mendes-por-2-x-0-na-Supercopa-APPM-IMG_0124-696x464.jpg 696w, https:\/\/infonewss.com\/wp-content\/uploads\/2023\/08\/Itainopolis-vence-Vera-Mendes-por-2-x-0-na-Supercopa-APPM-IMG_0124.jpg 900w\" alt=\"\" width=\"300\" height=\"200\" data-srcset=\"https:\/\/infonewss.com\/wp-content\/uploads\/2023\/08\/Itainopolis-vence-Vera-Mendes-por-2-x-0-na-Supercopa-APPM-IMG_0124-300x200.jpg 300w, https:\/\/infonewss.com\/wp-content\/uploads\/2023\/08\/Itainopolis-vence-Vera-Mendes-por-2-x-0-na-Supercopa-APPM-IMG_0124-768x512.jpg 768w, https:\/\/infonewss.com\/wp-content\/uploads\/2023\/08\/Itainopolis-vence-Vera-Mendes-por-2-x-0-na-Supercopa-APPM-IMG_0124-150x100.jpg 150w, https:\/\/infonewss.com\/wp-content\/uploads\/2023\/08\/Itainopolis-vence-Vera-Mendes-por-2-x-0-na-Supercopa-APPM-IMG_0124-696x464.jpg 696w, https:\/\/infonewss.com\/wp-content\/uploads\/2023\/08\/Itainopolis-vence-Vera-Mendes-por-2-x-0-na-Supercopa-APPM-IMG_0124.jpg 900w\" data-src=\"https:\/\/infonewss.com\/wp-content\/uploads\/2023\/08\/Itainopolis-vence-Vera-Mendes-por-2-x-0-na-Supercopa-APPM-IMG_0124-300x200.jpg\" data-sizes=\"(max-width: 300px) 100vw, 300px\" \/><\/a><\/div>\n<\/figure>\n<figure class=\"gallery-item\">\n<div class=\"gallery-icon portrait\"><a href=\"https:\/\/infonewss.com\/wp-content\/uploads\/2023\/08\/Itainopolis-vence-Vera-Mendes-por-2-x-0-na-Supercopa-APPM-IMG_0127.jpg\"><img loading=\"lazy\" decoding=\"async\" class=\"attachment-medium size-medium lazyloaded\" src=\"https:\/\/infonewss.com\/wp-content\/uploads\/2023\/08\/Itainopolis-vence-Vera-Mendes-por-2-x-0-na-Supercopa-APPM-IMG_0127-200x300.jpg\" sizes=\"(max-width: 200px) 100vw, 200px\" srcset=\"https:\/\/infonewss.com\/wp-content\/uploads\/2023\/08\/Itainopolis-vence-Vera-Mendes-por-2-x-0-na-Supercopa-APPM-IMG_0127-200x300.jpg 200w, https:\/\/infonewss.com\/wp-content\/uploads\/2023\/08\/Itainopolis-vence-Vera-Mendes-por-2-x-0-na-Supercopa-APPM-IMG_0127-683x1024.jpg 683w, https:\/\/infonewss.com\/wp-content\/uploads\/2023\/08\/Itainopolis-vence-Vera-Mendes-por-2-x-0-na-Supercopa-APPM-IMG_0127-768x1152.jpg 768w, https:\/\/infonewss.com\/wp-content\/uploads\/2023\/08\/Itainopolis-vence-Vera-Mendes-por-2-x-0-na-Supercopa-APPM-IMG_0127-150x225.jpg 150w, https:\/\/infonewss.com\/wp-content\/uploads\/2023\/08\/Itainopolis-vence-Vera-Mendes-por-2-x-0-na-Supercopa-APPM-IMG_0127-300x450.jpg 300w, https:\/\/infonewss.com\/wp-content\/uploads\/2023\/08\/Itainopolis-vence-Vera-Mendes-por-2-x-0-na-Supercopa-APPM-IMG_0127-696x1044.jpg 696w, https:\/\/infonewss.com\/wp-content\/uploads\/2023\/08\/Itainopolis-vence-Vera-Mendes-por-2-x-0-na-Supercopa-APPM-IMG_0127.jpg 900w\" alt=\"\" width=\"200\" height=\"300\" data-srcset=\"https:\/\/infonewss.com\/wp-content\/uploads\/2023\/08\/Itainopolis-vence-Vera-Mendes-por-2-x-0-na-Supercopa-APPM-IMG_0127-200x300.jpg 200w, https:\/\/infonewss.com\/wp-content\/uploads\/2023\/08\/Itainopolis-vence-Vera-Mendes-por-2-x-0-na-Supercopa-APPM-IMG_0127-683x1024.jpg 683w, https:\/\/infonewss.com\/wp-content\/uploads\/2023\/08\/Itainopolis-vence-Vera-Mendes-por-2-x-0-na-Supercopa-APPM-IMG_0127-768x1152.jpg 768w, https:\/\/infonewss.com\/wp-content\/uploads\/2023\/08\/Itainopolis-vence-Vera-Mendes-por-2-x-0-na-Supercopa-APPM-IMG_0127-150x225.jpg 150w, https:\/\/infonewss.com\/wp-content\/uploads\/2023\/08\/Itainopolis-vence-Vera-Mendes-por-2-x-0-na-Supercopa-APPM-IMG_0127-300x450.jpg 300w, https:\/\/infonewss.com\/wp-content\/uploads\/2023\/08\/Itainopolis-vence-Vera-Mendes-por-2-x-0-na-Supercopa-APPM-IMG_0127-696x1044.jpg 696w, https:\/\/infonewss.com\/wp-content\/uploads\/2023\/08\/Itainopolis-vence-Vera-Mendes-por-2-x-0-na-Supercopa-APPM-IMG_0127.jpg 900w\" data-src=\"https:\/\/infonewss.com\/wp-content\/uploads\/2023\/08\/Itainopolis-vence-Vera-Mendes-por-2-x-0-na-Supercopa-APPM-IMG_0127-200x300.jpg\" data-sizes=\"(max-width: 200px) 100vw, 200px\" \/><\/a><\/div>\n<\/figure>\n<figure class=\"gallery-item\">\n<div class=\"gallery-icon portrait\"><a href=\"https:\/\/infonewss.com\/wp-content\/uploads\/2023\/08\/Itainopolis-vence-Vera-Mendes-por-2-x-0-na-Supercopa-APPM-IMG_0128.jpg\"><img loading=\"lazy\" decoding=\"async\" class=\"attachment-medium size-medium lazyloaded\" src=\"https:\/\/infonewss.com\/wp-content\/uploads\/2023\/08\/Itainopolis-vence-Vera-Mendes-por-2-x-0-na-Supercopa-APPM-IMG_0128-200x300.jpg\" sizes=\"(max-width: 200px) 100vw, 200px\" srcset=\"https:\/\/infonewss.com\/wp-content\/uploads\/2023\/08\/Itainopolis-vence-Vera-Mendes-por-2-x-0-na-Supercopa-APPM-IMG_0128-200x300.jpg 200w, https:\/\/infonewss.com\/wp-content\/uploads\/2023\/08\/Itainopolis-vence-Vera-Mendes-por-2-x-0-na-Supercopa-APPM-IMG_0128-683x1024.jpg 683w, https:\/\/infonewss.com\/wp-content\/uploads\/2023\/08\/Itainopolis-vence-Vera-Mendes-por-2-x-0-na-Supercopa-APPM-IMG_0128-768x1152.jpg 768w, https:\/\/infonewss.com\/wp-content\/uploads\/2023\/08\/Itainopolis-vence-Vera-Mendes-por-2-x-0-na-Supercopa-APPM-IMG_0128-150x225.jpg 150w, https:\/\/infonewss.com\/wp-content\/uploads\/2023\/08\/Itainopolis-vence-Vera-Mendes-por-2-x-0-na-Supercopa-APPM-IMG_0128-300x450.jpg 300w, https:\/\/infonewss.com\/wp-content\/uploads\/2023\/08\/Itainopolis-vence-Vera-Mendes-por-2-x-0-na-Supercopa-APPM-IMG_0128-696x1044.jpg 696w, https:\/\/infonewss.com\/wp-content\/uploads\/2023\/08\/Itainopolis-vence-Vera-Mendes-por-2-x-0-na-Supercopa-APPM-IMG_0128.jpg 900w\" alt=\"\" width=\"200\" height=\"300\" data-srcset=\"https:\/\/infonewss.com\/wp-content\/uploads\/2023\/08\/Itainopolis-vence-Vera-Mendes-por-2-x-0-na-Supercopa-APPM-IMG_0128-200x300.jpg 200w, https:\/\/infonewss.com\/wp-content\/uploads\/2023\/08\/Itainopolis-vence-Vera-Mendes-por-2-x-0-na-Supercopa-APPM-IMG_0128-683x1024.jpg 683w, https:\/\/infonewss.com\/wp-content\/uploads\/2023\/08\/Itainopolis-vence-Vera-Mendes-por-2-x-0-na-Supercopa-APPM-IMG_0128-768x1152.jpg 768w, https:\/\/infonewss.com\/wp-content\/uploads\/2023\/08\/Itainopolis-vence-Vera-Mendes-por-2-x-0-na-Supercopa-APPM-IMG_0128-150x225.jpg 150w, https:\/\/infonewss.com\/wp-content\/uploads\/2023\/08\/Itainopolis-vence-Vera-Mendes-por-2-x-0-na-Supercopa-APPM-IMG_0128-300x450.jpg 300w, https:\/\/infonewss.com\/wp-content\/uploads\/2023\/08\/Itainopolis-vence-Vera-Mendes-por-2-x-0-na-Supercopa-APPM-IMG_0128-696x1044.jpg 696w, https:\/\/infonewss.com\/wp-content\/uploads\/2023\/08\/Itainopolis-vence-Vera-Mendes-por-2-x-0-na-Supercopa-APPM-IMG_0128.jpg 900w\" data-src=\"https:\/\/infonewss.com\/wp-content\/uploads\/2023\/08\/Itainopolis-vence-Vera-Mendes-por-2-x-0-na-Supercopa-APPM-IMG_0128-200x300.jpg\" data-sizes=\"(max-width: 200px) 100vw, 200px\" \/><\/a><\/div>\n<\/figure>\n<figure class=\"gallery-item\">\n<div class=\"gallery-icon landscape\"><a href=\"https:\/\/infonewss.com\/wp-content\/uploads\/2023\/08\/Itainopolis-vence-Vera-Mendes-por-2-x-0-na-Supercopa-APPM-IMG_0132.jpg\"><img loading=\"lazy\" decoding=\"async\" class=\"attachment-medium size-medium lazyloaded\" src=\"https:\/\/infonewss.com\/wp-content\/uploads\/2023\/08\/Itainopolis-vence-Vera-Mendes-por-2-x-0-na-Supercopa-APPM-IMG_0132-300x200.jpg\" sizes=\"(max-width: 300px) 100vw, 300px\" srcset=\"https:\/\/infonewss.com\/wp-content\/uploads\/2023\/08\/Itainopolis-vence-Vera-Mendes-por-2-x-0-na-Supercopa-APPM-IMG_0132-300x200.jpg 300w, https:\/\/infonewss.com\/wp-content\/uploads\/2023\/08\/Itainopolis-vence-Vera-Mendes-por-2-x-0-na-Supercopa-APPM-IMG_0132-768x512.jpg 768w, https:\/\/infonewss.com\/wp-content\/uploads\/2023\/08\/Itainopolis-vence-Vera-Mendes-por-2-x-0-na-Supercopa-APPM-IMG_0132-150x100.jpg 150w, https:\/\/infonewss.com\/wp-content\/uploads\/2023\/08\/Itainopolis-vence-Vera-Mendes-por-2-x-0-na-Supercopa-APPM-IMG_0132-696x464.jpg 696w, https:\/\/infonewss.com\/wp-content\/uploads\/2023\/08\/Itainopolis-vence-Vera-Mendes-por-2-x-0-na-Supercopa-APPM-IMG_0132.jpg 900w\" alt=\"\" width=\"300\" height=\"200\" data-srcset=\"https:\/\/infonewss.com\/wp-content\/uploads\/2023\/08\/Itainopolis-vence-Vera-Mendes-por-2-x-0-na-Supercopa-APPM-IMG_0132-300x200.jpg 300w, https:\/\/infonewss.com\/wp-content\/uploads\/2023\/08\/Itainopolis-vence-Vera-Mendes-por-2-x-0-na-Supercopa-APPM-IMG_0132-768x512.jpg 768w, https:\/\/infonewss.com\/wp-content\/uploads\/2023\/08\/Itainopolis-vence-Vera-Mendes-por-2-x-0-na-Supercopa-APPM-IMG_0132-150x100.jpg 150w, https:\/\/infonewss.com\/wp-content\/uploads\/2023\/08\/Itainopolis-vence-Vera-Mendes-por-2-x-0-na-Supercopa-APPM-IMG_0132-696x464.jpg 696w, https:\/\/infonewss.com\/wp-content\/uploads\/2023\/08\/Itainopolis-vence-Vera-Mendes-por-2-x-0-na-Supercopa-APPM-IMG_0132.jpg 900w\" data-src=\"https:\/\/infonewss.com\/wp-content\/uploads\/2023\/08\/Itainopolis-vence-Vera-Mendes-por-2-x-0-na-Supercopa-APPM-IMG_0132-300x200.jpg\" data-sizes=\"(max-width: 300px) 100vw, 300px\" \/><\/a><\/div>\n<\/figure>\n<figure class=\"gallery-item\">\n<div class=\"gallery-icon landscape\"><a href=\"https:\/\/infonewss.com\/wp-content\/uploads\/2023\/08\/Itainopolis-vence-Vera-Mendes-por-2-x-0-na-Supercopa-APPM-IMG_0135.jpg\"><img loading=\"lazy\" decoding=\"async\" class=\"attachment-medium size-medium lazyloaded\" src=\"https:\/\/infonewss.com\/wp-content\/uploads\/2023\/08\/Itainopolis-vence-Vera-Mendes-por-2-x-0-na-Supercopa-APPM-IMG_0135-300x200.jpg\" sizes=\"(max-width: 300px) 100vw, 300px\" srcset=\"https:\/\/infonewss.com\/wp-content\/uploads\/2023\/08\/Itainopolis-vence-Vera-Mendes-por-2-x-0-na-Supercopa-APPM-IMG_0135-300x200.jpg 300w, https:\/\/infonewss.com\/wp-content\/uploads\/2023\/08\/Itainopolis-vence-Vera-Mendes-por-2-x-0-na-Supercopa-APPM-IMG_0135-768x512.jpg 768w, https:\/\/infonewss.com\/wp-content\/uploads\/2023\/08\/Itainopolis-vence-Vera-Mendes-por-2-x-0-na-Supercopa-APPM-IMG_0135-150x100.jpg 150w, https:\/\/infonewss.com\/wp-content\/uploads\/2023\/08\/Itainopolis-vence-Vera-Mendes-por-2-x-0-na-Supercopa-APPM-IMG_0135-696x464.jpg 696w, https:\/\/infonewss.com\/wp-content\/uploads\/2023\/08\/Itainopolis-vence-Vera-Mendes-por-2-x-0-na-Supercopa-APPM-IMG_0135.jpg 900w\" alt=\"\" width=\"300\" height=\"200\" data-srcset=\"https:\/\/infonewss.com\/wp-content\/uploads\/2023\/08\/Itainopolis-vence-Vera-Mendes-por-2-x-0-na-Supercopa-APPM-IMG_0135-300x200.jpg 300w, https:\/\/infonewss.com\/wp-content\/uploads\/2023\/08\/Itainopolis-vence-Vera-Mendes-por-2-x-0-na-Supercopa-APPM-IMG_0135-768x512.jpg 768w, https:\/\/infonewss.com\/wp-content\/uploads\/2023\/08\/Itainopolis-vence-Vera-Mendes-por-2-x-0-na-Supercopa-APPM-IMG_0135-150x100.jpg 150w, https:\/\/infonewss.com\/wp-content\/uploads\/2023\/08\/Itainopolis-vence-Vera-Mendes-por-2-x-0-na-Supercopa-APPM-IMG_0135-696x464.jpg 696w, https:\/\/infonewss.com\/wp-content\/uploads\/2023\/08\/Itainopolis-vence-Vera-Mendes-por-2-x-0-na-Supercopa-APPM-IMG_0135.jpg 900w\" data-src=\"https:\/\/infonewss.com\/wp-content\/uploads\/2023\/08\/Itainopolis-vence-Vera-Mendes-por-2-x-0-na-Supercopa-APPM-IMG_0135-300x200.jpg\" data-sizes=\"(max-width: 300px) 100vw, 300px\" \/><\/a><\/div>\n<\/figure>\n<figure class=\"gallery-item\">\n<div class=\"gallery-icon landscape\"><a href=\"https:\/\/infonewss.com\/wp-content\/uploads\/2023\/08\/Itainopolis-vence-Vera-Mendes-por-2-x-0-na-Supercopa-APPM-WhatsApp-Image-2023-08-20-at-19.13.11-e1692646203847.jpeg\"><img loading=\"lazy\" decoding=\"async\" class=\"attachment-medium size-medium ls-is-cached lazyloaded\" src=\"https:\/\/infonewss.com\/wp-content\/uploads\/2023\/08\/Itainopolis-vence-Vera-Mendes-por-2-x-0-na-Supercopa-APPM-WhatsApp-Image-2023-08-20-at-19.13.11-e1692646203847-300x163.jpeg\" sizes=\"(max-width: 300px) 100vw, 300px\" srcset=\"https:\/\/infonewss.com\/wp-content\/uploads\/2023\/08\/Itainopolis-vence-Vera-Mendes-por-2-x-0-na-Supercopa-APPM-WhatsApp-Image-2023-08-20-at-19.13.11-e1692646203847-300x163.jpeg 300w, https:\/\/infonewss.com\/wp-content\/uploads\/2023\/08\/Itainopolis-vence-Vera-Mendes-por-2-x-0-na-Supercopa-APPM-WhatsApp-Image-2023-08-20-at-19.13.11-e1692646203847-768x418.jpeg 768w, https:\/\/infonewss.com\/wp-content\/uploads\/2023\/08\/Itainopolis-vence-Vera-Mendes-por-2-x-0-na-Supercopa-APPM-WhatsApp-Image-2023-08-20-at-19.13.11-e1692646203847-150x82.jpeg 150w, https:\/\/infonewss.com\/wp-content\/uploads\/2023\/08\/Itainopolis-vence-Vera-Mendes-por-2-x-0-na-Supercopa-APPM-WhatsApp-Image-2023-08-20-at-19.13.11-e1692646203847-696x379.jpeg 696w, https:\/\/infonewss.com\/wp-content\/uploads\/2023\/08\/Itainopolis-vence-Vera-Mendes-por-2-x-0-na-Supercopa-APPM-WhatsApp-Image-2023-08-20-at-19.13.11-e1692646203847.jpeg 900w\" alt=\"\" width=\"300\" height=\"163\" data-srcset=\"https:\/\/infonewss.com\/wp-content\/uploads\/2023\/08\/Itainopolis-vence-Vera-Mendes-por-2-x-0-na-Supercopa-APPM-WhatsApp-Image-2023-08-20-at-19.13.11-e1692646203847-300x163.jpeg 300w, https:\/\/infonewss.com\/wp-content\/uploads\/2023\/08\/Itainopolis-vence-Vera-Mendes-por-2-x-0-na-Supercopa-APPM-WhatsApp-Image-2023-08-20-at-19.13.11-e1692646203847-768x418.jpeg 768w, https:\/\/infonewss.com\/wp-content\/uploads\/2023\/08\/Itainopolis-vence-Vera-Mendes-por-2-x-0-na-Supercopa-APPM-WhatsApp-Image-2023-08-20-at-19.13.11-e1692646203847-150x82.jpeg 150w, https:\/\/infonewss.com\/wp-content\/uploads\/2023\/08\/Itainopolis-vence-Vera-Mendes-por-2-x-0-na-Supercopa-APPM-WhatsApp-Image-2023-08-20-at-19.13.11-e1692646203847-696x379.jpeg 696w, https:\/\/infonewss.com\/wp-content\/uploads\/2023\/08\/Itainopolis-vence-Vera-Mendes-por-2-x-0-na-Supercopa-APPM-WhatsApp-Image-2023-08-20-at-19.13.11-e1692646203847.jpeg 900w\" data-src=\"https:\/\/infonewss.com\/wp-content\/uploads\/2023\/08\/Itainopolis-vence-Vera-Mendes-por-2-x-0-na-Supercopa-APPM-WhatsApp-Image-2023-08-20-at-19.13.11-e1692646203847-300x163.jpeg\" data-sizes=\"(max-width: 300px) 100vw, 300px\" \/><\/a><\/div>\n<\/figure>\n<figure class=\"gallery-item\">\n<div class=\"gallery-icon landscape\"><a href=\"https:\/\/infonewss.com\/wp-content\/uploads\/2023\/08\/Itainopolis-vence-Vera-Mendes-por-2-x-0-na-Supercopa-APPM-WhatsApp-Image-2023-08-20-at-19.13.12.jpeg\"><img loading=\"lazy\" decoding=\"async\" class=\"attachment-medium size-medium lazyloaded\" src=\"https:\/\/infonewss.com\/wp-content\/uploads\/2023\/08\/Itainopolis-vence-Vera-Mendes-por-2-x-0-na-Supercopa-APPM-WhatsApp-Image-2023-08-20-at-19.13.12-300x225.jpeg\" sizes=\"(max-width: 300px) 100vw, 300px\" srcset=\"https:\/\/infonewss.com\/wp-content\/uploads\/2023\/08\/Itainopolis-vence-Vera-Mendes-por-2-x-0-na-Supercopa-APPM-WhatsApp-Image-2023-08-20-at-19.13.12-300x225.jpeg 300w, https:\/\/infonewss.com\/wp-content\/uploads\/2023\/08\/Itainopolis-vence-Vera-Mendes-por-2-x-0-na-Supercopa-APPM-WhatsApp-Image-2023-08-20-at-19.13.12-768x576.jpeg 768w, https:\/\/infonewss.com\/wp-content\/uploads\/2023\/08\/Itainopolis-vence-Vera-Mendes-por-2-x-0-na-Supercopa-APPM-WhatsApp-Image-2023-08-20-at-19.13.12-150x113.jpeg 150w, https:\/\/infonewss.com\/wp-content\/uploads\/2023\/08\/Itainopolis-vence-Vera-Mendes-por-2-x-0-na-Supercopa-APPM-WhatsApp-Image-2023-08-20-at-19.13.12-696x522.jpeg 696w, https:\/\/infonewss.com\/wp-content\/uploads\/2023\/08\/Itainopolis-vence-Vera-Mendes-por-2-x-0-na-Supercopa-APPM-WhatsApp-Image-2023-08-20-at-19.13.12.jpeg 900w\" alt=\"\" width=\"300\" height=\"225\" data-srcset=\"https:\/\/infonewss.com\/wp-content\/uploads\/2023\/08\/Itainopolis-vence-Vera-Mendes-por-2-x-0-na-Supercopa-APPM-WhatsApp-Image-2023-08-20-at-19.13.12-300x225.jpeg 300w, https:\/\/infonewss.com\/wp-content\/uploads\/2023\/08\/Itainopolis-vence-Vera-Mendes-por-2-x-0-na-Supercopa-APPM-WhatsApp-Image-2023-08-20-at-19.13.12-768x576.jpeg 768w, https:\/\/infonewss.com\/wp-content\/uploads\/2023\/08\/Itainopolis-vence-Vera-Mendes-por-2-x-0-na-Supercopa-APPM-WhatsApp-Image-2023-08-20-at-19.13.12-150x113.jpeg 150w, https:\/\/infonewss.com\/wp-content\/uploads\/2023\/08\/Itainopolis-vence-Vera-Mendes-por-2-x-0-na-Supercopa-APPM-WhatsApp-Image-2023-08-20-at-19.13.12-696x522.jpeg 696w, https:\/\/infonewss.com\/wp-content\/uploads\/2023\/08\/Itainopolis-vence-Vera-Mendes-por-2-x-0-na-Supercopa-APPM-WhatsApp-Image-2023-08-20-at-19.13.12.jpeg 900w\" data-src=\"https:\/\/infonewss.com\/wp-content\/uploads\/2023\/08\/Itainopolis-vence-Vera-Mendes-por-2-x-0-na-Supercopa-APPM-WhatsApp-Image-2023-08-20-at-19.13.12-300x225.jpeg\" data-sizes=\"(max-width: 300px) 100vw, 300px\" \/><\/a><\/div>\n<\/figure>\n<figure class=\"gallery-item\">\n<div class=\"gallery-icon landscape\"><a href=\"https:\/\/infonewss.com\/wp-content\/uploads\/2023\/08\/Itainopolis-vence-Vera-Mendes-por-2-x-0-na-Supercopa-APPM-WhatsApp-Image-2023-08-21-at-13.47.26.jpeg\"><img loading=\"lazy\" decoding=\"async\" class=\"attachment-medium size-medium ls-is-cached lazyloaded\" src=\"https:\/\/infonewss.com\/wp-content\/uploads\/2023\/08\/Itainopolis-vence-Vera-Mendes-por-2-x-0-na-Supercopa-APPM-WhatsApp-Image-2023-08-21-at-13.47.26-300x172.jpeg\" sizes=\"(max-width: 300px) 100vw, 300px\" srcset=\"https:\/\/infonewss.com\/wp-content\/uploads\/2023\/08\/Itainopolis-vence-Vera-Mendes-por-2-x-0-na-Supercopa-APPM-WhatsApp-Image-2023-08-21-at-13.47.26-300x172.jpeg 300w, https:\/\/infonewss.com\/wp-content\/uploads\/2023\/08\/Itainopolis-vence-Vera-Mendes-por-2-x-0-na-Supercopa-APPM-WhatsApp-Image-2023-08-21-at-13.47.26-768x439.jpeg 768w, https:\/\/infonewss.com\/wp-content\/uploads\/2023\/08\/Itainopolis-vence-Vera-Mendes-por-2-x-0-na-Supercopa-APPM-WhatsApp-Image-2023-08-21-at-13.47.26-150x86.jpeg 150w, https:\/\/infonewss.com\/wp-content\/uploads\/2023\/08\/Itainopolis-vence-Vera-Mendes-por-2-x-0-na-Supercopa-APPM-WhatsApp-Image-2023-08-21-at-13.47.26-696x398.jpeg 696w, https:\/\/infonewss.com\/wp-content\/uploads\/2023\/08\/Itainopolis-vence-Vera-Mendes-por-2-x-0-na-Supercopa-APPM-WhatsApp-Image-2023-08-21-at-13.47.26.jpeg 900w\" alt=\"\" width=\"300\" height=\"172\" data-srcset=\"https:\/\/infonewss.com\/wp-content\/uploads\/2023\/08\/Itainopolis-vence-Vera-Mendes-por-2-x-0-na-Supercopa-APPM-WhatsApp-Image-2023-08-21-at-13.47.26-300x172.jpeg 300w, https:\/\/infonewss.com\/wp-content\/uploads\/2023\/08\/Itainopolis-vence-Vera-Mendes-por-2-x-0-na-Supercopa-APPM-WhatsApp-Image-2023-08-21-at-13.47.26-768x439.jpeg 768w, https:\/\/infonewss.com\/wp-content\/uploads\/2023\/08\/Itainopolis-vence-Vera-Mendes-por-2-x-0-na-Supercopa-APPM-WhatsApp-Image-2023-08-21-at-13.47.26-150x86.jpeg 150w, https:\/\/infonewss.com\/wp-content\/uploads\/2023\/08\/Itainopolis-vence-Vera-Mendes-por-2-x-0-na-Supercopa-APPM-WhatsApp-Image-2023-08-21-at-13.47.26-696x398.jpeg 696w, https:\/\/infonewss.com\/wp-content\/uploads\/2023\/08\/Itainopolis-vence-Vera-Mendes-por-2-x-0-na-Supercopa-APPM-WhatsApp-Image-2023-08-21-at-13.47.26.jpeg 900w\" data-src=\"https:\/\/infonewss.com\/wp-content\/uploads\/2023\/08\/Itainopolis-vence-Vera-Mendes-por-2-x-0-na-Supercopa-APPM-WhatsApp-Image-2023-08-21-at-13.47.26-300x172.jpeg\" data-sizes=\"(max-width: 300px) 100vw, 300px\" \/><\/a><\/div>\n<\/figure>\n<\/div>\n<div class=\"addtoany_share_save_container addtoany_content addtoany_content_bottom\" style=\"text-align: justify;\"><\/div>\n<\/div>\n<\/div>\n<div class=\"tdb-author-box td_block_wrap tdb_single_author_box tdi_124 tdb-content-vert-top td-pb-border-top td_block_template_1\" data-td-block-uid=\"tdi_124\">\n<div class=\"tdb-block-inner td-fix-index\">\n<div class=\"tdb-author-info\">\n<div class=\"tdb-author-descr\" style=\"text-align: justify;\">Fonte: Portal Infonewss<\/div>\n<\/div>\n<\/div>\n<\/div>\n","protected":false},"excerpt":{"rendered":"<p>No \u00faltimo domingo, dia 20 de agosto, as equipes de Itain\u00f3polis e Vera Mendes entraram em campo para um confronto emocionante pela Supercopa APPM de Futebol Amador \u2014 Territ\u00f3rio Vale dos Guaribas. O Est\u00e1dio Municipal Lu\u00eds Monteiro de Moura foi o palco desse embate que atraiu uma grande multid\u00e3o de torcedores e personalidades pol\u00edticas das &hellip;<\/p>\n","protected":false},"author":2,"featured_media":48721,"comment_status":"open","ping_status":"open","sticky":false,"template":"","format":"standard","meta":{"content-type":"","rop_custom_images_group":[],"rop_custom_messages_group":[],"rop_publish_now":"initial","rop_publish_now_accounts":{"facebook_2648258775420054_1618374048415101":""},"rop_publish_now_history":[],"rop_publish_now_status":"pending","footnotes":"","_jetpack_memberships_contains_paid_content":false},"categories":[108],"tags":[14646,140],"yoast_head":"<!-- This site is optimized with the Yoast SEO plugin v22.3 - https:\/\/yoast.com\/wordpress\/plugins\/seo\/ -->\n<title>Itain\u00f3polis vence Vera Mendes por 2 x 0 na Supercopa APPM - Portal NPM<\/title>\n<meta name=\"robots\" content=\"index, follow, max-snippet:-1, max-image-preview:large, max-video-preview:-1\" \/>\n<link rel=\"canonical\" href=\"https:\/\/portalnpm.com\/index.php\/2023\/08\/21\/itainopolis-vence-vera-mendes-por-2-x-0-na-supercopa-appm\/\" \/>\n<meta property=\"og:locale\" content=\"pt_BR\" \/>\n<meta property=\"og:type\" content=\"article\" \/>\n<meta property=\"og:title\" content=\"Itain\u00f3polis vence Vera Mendes por 2 x 0 na Supercopa APPM - Portal NPM\" \/>\n<meta property=\"og:description\" content=\"No \u00faltimo domingo, dia 20 de agosto, as equipes de Itain\u00f3polis e Vera Mendes entraram em campo para um confronto emocionante pela Supercopa APPM de Futebol Amador \u2014 Territ\u00f3rio Vale dos Guaribas. O Est\u00e1dio Municipal Lu\u00eds Monteiro de Moura foi o palco desse embate que atraiu uma grande multid\u00e3o de torcedores e personalidades pol\u00edticas das &hellip;\" \/>\n<meta property=\"og:url\" content=\"https:\/\/portalnpm.com\/index.php\/2023\/08\/21\/itainopolis-vence-vera-mendes-por-2-x-0-na-supercopa-appm\/\" \/>\n<meta property=\"og:site_name\" content=\"Portal NPM\" \/>\n<meta property=\"article:published_time\" content=\"2023-08-22T00:01:23+00:00\" \/>\n<meta name=\"author\" content=\"Genival Barbosa\" \/>\n<meta name=\"twitter:card\" content=\"summary_large_image\" \/>\n<meta name=\"twitter:label1\" content=\"Escrito por\" \/>\n\t<meta name=\"twitter:data1\" content=\"Genival Barbosa\" \/>\n\t<meta name=\"twitter:label2\" content=\"Est. tempo de leitura\" \/>\n\t<meta name=\"twitter:data2\" content=\"19 minutos\" \/>\n<script type=\"application\/ld+json\" class=\"yoast-schema-graph\">{\"@context\":\"https:\/\/schema.org\",\"@graph\":[{\"@type\":\"WebPage\",\"@id\":\"https:\/\/portalnpm.com\/index.php\/2023\/08\/21\/itainopolis-vence-vera-mendes-por-2-x-0-na-supercopa-appm\/\",\"url\":\"https:\/\/portalnpm.com\/index.php\/2023\/08\/21\/itainopolis-vence-vera-mendes-por-2-x-0-na-supercopa-appm\/\",\"name\":\"Itain\u00f3polis vence Vera Mendes por 2 x 0 na Supercopa APPM - Portal NPM\",\"isPartOf\":{\"@id\":\"https:\/\/portalnpm.com\/#website\"},\"primaryImageOfPage\":{\"@id\":\"https:\/\/portalnpm.com\/index.php\/2023\/08\/21\/itainopolis-vence-vera-mendes-por-2-x-0-na-supercopa-appm\/#primaryimage\"},\"image\":{\"@id\":\"https:\/\/portalnpm.com\/index.php\/2023\/08\/21\/itainopolis-vence-vera-mendes-por-2-x-0-na-supercopa-appm\/#primaryimage\"},\"thumbnailUrl\":\"\",\"datePublished\":\"2023-08-22T00:01:23+00:00\",\"dateModified\":\"2023-08-22T00:01:23+00:00\",\"author\":{\"@id\":\"https:\/\/portalnpm.com\/#\/schema\/person\/49313e563cfdefcc167f1ee4c017c294\"},\"breadcrumb\":{\"@id\":\"https:\/\/portalnpm.com\/index.php\/2023\/08\/21\/itainopolis-vence-vera-mendes-por-2-x-0-na-supercopa-appm\/#breadcrumb\"},\"inLanguage\":\"pt-BR\",\"potentialAction\":[{\"@type\":\"ReadAction\",\"target\":[\"https:\/\/portalnpm.com\/index.php\/2023\/08\/21\/itainopolis-vence-vera-mendes-por-2-x-0-na-supercopa-appm\/\"]}]},{\"@type\":\"ImageObject\",\"inLanguage\":\"pt-BR\",\"@id\":\"https:\/\/portalnpm.com\/index.php\/2023\/08\/21\/itainopolis-vence-vera-mendes-por-2-x-0-na-supercopa-appm\/#primaryimage\",\"url\":\"\",\"contentUrl\":\"\"},{\"@type\":\"BreadcrumbList\",\"@id\":\"https:\/\/portalnpm.com\/index.php\/2023\/08\/21\/itainopolis-vence-vera-mendes-por-2-x-0-na-supercopa-appm\/#breadcrumb\",\"itemListElement\":[{\"@type\":\"ListItem\",\"position\":1,\"name\":\"In\u00edcio\",\"item\":\"https:\/\/portalnpm.com\/\"},{\"@type\":\"ListItem\",\"position\":2,\"name\":\"Itain\u00f3polis vence Vera Mendes por 2 x 0 na Supercopa APPM\"}]},{\"@type\":\"WebSite\",\"@id\":\"https:\/\/portalnpm.com\/#website\",\"url\":\"https:\/\/portalnpm.com\/\",\"name\":\"Portal NPM\",\"description\":\"Not\u00edcias em Primeira M\u00e3o\",\"potentialAction\":[{\"@type\":\"SearchAction\",\"target\":{\"@type\":\"EntryPoint\",\"urlTemplate\":\"https:\/\/portalnpm.com\/?s={search_term_string}\"},\"query-input\":\"required name=search_term_string\"}],\"inLanguage\":\"pt-BR\"},{\"@type\":\"Person\",\"@id\":\"https:\/\/portalnpm.com\/#\/schema\/person\/49313e563cfdefcc167f1ee4c017c294\",\"name\":\"Genival Barbosa\",\"image\":{\"@type\":\"ImageObject\",\"inLanguage\":\"pt-BR\",\"@id\":\"https:\/\/portalnpm.com\/#\/schema\/person\/image\/\",\"url\":\"https:\/\/portalnpm.com\/wp-content\/uploads\/2024\/02\/avatar_user_2_1707743258-96x96.jpeg\",\"contentUrl\":\"https:\/\/portalnpm.com\/wp-content\/uploads\/2024\/02\/avatar_user_2_1707743258-96x96.jpeg\",\"caption\":\"Genival Barbosa\"},\"url\":\"https:\/\/portalnpm.com\/index.php\/author\/genival\/\"}]}<\/script>\n<!-- \/ Yoast SEO plugin. -->","yoast_head_json":{"title":"Itain\u00f3polis vence Vera Mendes por 2 x 0 na Supercopa APPM - Portal NPM","robots":{"index":"index","follow":"follow","max-snippet":"max-snippet:-1","max-image-preview":"max-image-preview:large","max-video-preview":"max-video-preview:-1"},"canonical":"https:\/\/portalnpm.com\/index.php\/2023\/08\/21\/itainopolis-vence-vera-mendes-por-2-x-0-na-supercopa-appm\/","og_locale":"pt_BR","og_type":"article","og_title":"Itain\u00f3polis vence Vera Mendes por 2 x 0 na Supercopa APPM - Portal NPM","og_description":"No \u00faltimo domingo, dia 20 de agosto, as equipes de Itain\u00f3polis e Vera Mendes entraram em campo para um confronto emocionante pela Supercopa APPM de Futebol Amador \u2014 Territ\u00f3rio Vale dos Guaribas. O Est\u00e1dio Municipal Lu\u00eds Monteiro de Moura foi o palco desse embate que atraiu uma grande multid\u00e3o de torcedores e personalidades pol\u00edticas das &hellip;","og_url":"https:\/\/portalnpm.com\/index.php\/2023\/08\/21\/itainopolis-vence-vera-mendes-por-2-x-0-na-supercopa-appm\/","og_site_name":"Portal NPM","article_published_time":"2023-08-22T00:01:23+00:00","author":"Genival Barbosa","twitter_card":"summary_large_image","twitter_misc":{"Escrito por":"Genival Barbosa","Est. tempo de leitura":"19 minutos"},"schema":{"@context":"https:\/\/schema.org","@graph":[{"@type":"WebPage","@id":"https:\/\/portalnpm.com\/index.php\/2023\/08\/21\/itainopolis-vence-vera-mendes-por-2-x-0-na-supercopa-appm\/","url":"https:\/\/portalnpm.com\/index.php\/2023\/08\/21\/itainopolis-vence-vera-mendes-por-2-x-0-na-supercopa-appm\/","name":"Itain\u00f3polis vence Vera Mendes por 2 x 0 na Supercopa APPM - Portal NPM","isPartOf":{"@id":"https:\/\/portalnpm.com\/#website"},"primaryImageOfPage":{"@id":"https:\/\/portalnpm.com\/index.php\/2023\/08\/21\/itainopolis-vence-vera-mendes-por-2-x-0-na-supercopa-appm\/#primaryimage"},"image":{"@id":"https:\/\/portalnpm.com\/index.php\/2023\/08\/21\/itainopolis-vence-vera-mendes-por-2-x-0-na-supercopa-appm\/#primaryimage"},"thumbnailUrl":"","datePublished":"2023-08-22T00:01:23+00:00","dateModified":"2023-08-22T00:01:23+00:00","author":{"@id":"https:\/\/portalnpm.com\/#\/schema\/person\/49313e563cfdefcc167f1ee4c017c294"},"breadcrumb":{"@id":"https:\/\/portalnpm.com\/index.php\/2023\/08\/21\/itainopolis-vence-vera-mendes-por-2-x-0-na-supercopa-appm\/#breadcrumb"},"inLanguage":"pt-BR","potentialAction":[{"@type":"ReadAction","target":["https:\/\/portalnpm.com\/index.php\/2023\/08\/21\/itainopolis-vence-vera-mendes-por-2-x-0-na-supercopa-appm\/"]}]},{"@type":"ImageObject","inLanguage":"pt-BR","@id":"https:\/\/portalnpm.com\/index.php\/2023\/08\/21\/itainopolis-vence-vera-mendes-por-2-x-0-na-supercopa-appm\/#primaryimage","url":"","contentUrl":""},{"@type":"BreadcrumbList","@id":"https:\/\/portalnpm.com\/index.php\/2023\/08\/21\/itainopolis-vence-vera-mendes-por-2-x-0-na-supercopa-appm\/#breadcrumb","itemListElement":[{"@type":"ListItem","position":1,"name":"In\u00edcio","item":"https:\/\/portalnpm.com\/"},{"@type":"ListItem","position":2,"name":"Itain\u00f3polis vence Vera Mendes por 2 x 0 na Supercopa APPM"}]},{"@type":"WebSite","@id":"https:\/\/portalnpm.com\/#website","url":"https:\/\/portalnpm.com\/","name":"Portal NPM","description":"Not\u00edcias em Primeira M\u00e3o","potentialAction":[{"@type":"SearchAction","target":{"@type":"EntryPoint","urlTemplate":"https:\/\/portalnpm.com\/?s={search_term_string}"},"query-input":"required name=search_term_string"}],"inLanguage":"pt-BR"},{"@type":"Person","@id":"https:\/\/portalnpm.com\/#\/schema\/person\/49313e563cfdefcc167f1ee4c017c294","name":"Genival Barbosa","image":{"@type":"ImageObject","inLanguage":"pt-BR","@id":"https:\/\/portalnpm.com\/#\/schema\/person\/image\/","url":"https:\/\/portalnpm.com\/wp-content\/uploads\/2024\/02\/avatar_user_2_1707743258-96x96.jpeg","contentUrl":"https:\/\/portalnpm.com\/wp-content\/uploads\/2024\/02\/avatar_user_2_1707743258-96x96.jpeg","caption":"Genival Barbosa"},"url":"https:\/\/portalnpm.com\/index.php\/author\/genival\/"}]}},"jetpack_sharing_enabled":true,"jetpack_featured_media_url":"","_links":{"self":[{"href":"https:\/\/portalnpm.com\/index.php\/wp-json\/wp\/v2\/posts\/48720"}],"collection":[{"href":"https:\/\/portalnpm.com\/index.php\/wp-json\/wp\/v2\/posts"}],"about":[{"href":"https:\/\/portalnpm.com\/index.php\/wp-json\/wp\/v2\/types\/post"}],"author":[{"embeddable":true,"href":"https:\/\/portalnpm.com\/index.php\/wp-json\/wp\/v2\/users\/2"}],"replies":[{"embeddable":true,"href":"https:\/\/portalnpm.com\/index.php\/wp-json\/wp\/v2\/comments?post=48720"}],"version-history":[{"count":0,"href":"https:\/\/portalnpm.com\/index.php\/wp-json\/wp\/v2\/posts\/48720\/revisions"}],"wp:featuredmedia":[{"embeddable":true,"href":"https:\/\/portalnpm.com\/index.php\/wp-json\/"}],"wp:attachment":[{"href":"https:\/\/portalnpm.com\/index.php\/wp-json\/wp\/v2\/media?parent=48720"}],"wp:term":[{"taxonomy":"category","embeddable":true,"href":"https:\/\/portalnpm.com\/index.php\/wp-json\/wp\/v2\/categories?post=48720"},{"taxonomy":"post_tag","embeddable":true,"href":"https:\/\/portalnpm.com\/index.php\/wp-json\/wp\/v2\/tags?post=48720"}],"curies":[{"name":"wp","href":"https:\/\/api.w.org\/{rel}","templated":true}]}}