{"id":48845,"date":"2023-08-26T12:34:18","date_gmt":"2023-08-26T15:34:18","guid":{"rendered":"https:\/\/portalnpm.com\/?p=48845"},"modified":"2023-08-26T12:34:18","modified_gmt":"2023-08-26T15:34:18","slug":"picos-anuncia-quatro-reforcos-para-serie-b-do-piauiense","status":"publish","type":"post","link":"https:\/\/portalnpm.com\/index.php\/2023\/08\/26\/picos-anuncia-quatro-reforcos-para-serie-b-do-piauiense\/","title":{"rendered":"Picos anuncia quatro refor\u00e7os para S\u00e9rie B do Piauiense"},"content":{"rendered":"<p style=\"text-align: justify;\"><iframe title=\"YouTube video player\" src=\"https:\/\/www.youtube.com\/embed\/YGc5ZNVKvew?si=Mksben5AYyxifEoE\" width=\"790\" height=\"526\" frameborder=\"0\" allowfullscreen=\"allowfullscreen\" data-mce-fragment=\"1\"><\/iframe><\/p>\n<p style=\"text-align: justify;\">A diretoria do Picos confirmou seus quatro primeiros refor\u00e7os mirando a S\u00e9rie B do Campeonato Piauiense. O time ter\u00e1 como espinha dorsal o elenco sub-20, mas seis nomes ao total ser\u00e3o contratados e quatro deles foram anunciados. Os zagueiros ex-Parnahyba, Gilmar Bahia e Renan e no setor ofensivo os picoenses Ra\u00ed e Jo\u00e3o Paulo.<\/p>\n<blockquote><p><em>\u201cTeremos como base nosso grupo sub-20 que vem fazendo grandes competi\u00e7\u00f5es. Por quest\u00e3o financeira n\u00e3o iremos contratar tanto e vamos trazer apenas seis nomes mais experientes, dois deles j\u00e1 da regi\u00e3o e que conhecemos bem e os zagueiros que estavam no Parnahyba, eles s\u00f3 ir\u00e3o se juntar ao elenco pr\u00f3ximo da estreia\u201d, afirmou o presidente da SEP, Ronaldo Rodrigues.\u00a0<\/em><\/p><\/blockquote>\n<p style=\"text-align: justify;\"><em>Foto: Walter Fontenele<\/em><\/p>\n<p style=\"text-align: justify;\"><img decoding=\"async\" src=\"https:\/\/cidadeverde.com\/assets\/uploads\/noticias\/e96dfa09e97deba7571aab5c431b9383.jpg\" \/><\/p>\n<p style=\"text-align: justify;\">Jo\u00e3o Paulo disputou o Piauiense desse ano com o River onde se sagrou campe\u00e3o Estadual. J\u00e1 o atacante Ra\u00ed nos \u00faltimos anos esteve no Fluminense-PI e no Bahia, por empr\u00e9stimo, os dois nomes s\u00e3o naturais da cidade de Picos. J\u00e1 Gilmar Bahia e Renan foram a dupla de zaga do Tubar\u00e3o ao longo de toda temporada e recentemente encerram o calend\u00e1rio com o Parnahyba com a disputa da S\u00e9rie D do Brasileiro.<\/p>\n<p style=\"text-align: justify;\">O Picos atualmente est\u00e1 disputando o Piauiense sub-20 e a maioria desses atletas, que s\u00e3o atuais vice-campe\u00f5es ir\u00e3o disputar a S\u00e9rie B do Estadual comandados pelo mesmo t\u00e9cnico \u2013 Felipe Souza.<\/p>\n<p style=\"text-align: justify;\">A estreia do Picos na Segundinha ser\u00e1 no dia 23 de setembro quando o time visita o Piau\u00ed, no Lindolfo Monteiro. A competi\u00e7\u00e3o tem quatro clubes e dois deles ir\u00e3o conquistar o acesso de divis\u00e3o.<\/p>\n<p style=\"text-align: justify;\">\n<p style=\"text-align: justify;\"><em>Por P\u00e2mella Maranh\u00e3o do Cidade Verde<br \/>\n<\/em><\/p>\n","protected":false},"excerpt":{"rendered":"<p>A diretoria do Picos confirmou seus quatro primeiros refor\u00e7os mirando a S\u00e9rie B do Campeonato Piauiense. O time ter\u00e1 como espinha dorsal o elenco sub-20, mas seis nomes ao total ser\u00e3o contratados e quatro deles foram anunciados. Os zagueiros ex-Parnahyba, Gilmar Bahia e Renan e no setor ofensivo os picoenses Ra\u00ed e Jo\u00e3o Paulo. \u201cTeremos &hellip;<\/p>\n","protected":false},"author":2,"featured_media":0,"comment_status":"open","ping_status":"open","sticky":false,"template":"","format":"standard","meta":{"content-type":"","rop_custom_images_group":[],"rop_custom_messages_group":[],"rop_publish_now":"initial","rop_publish_now_accounts":{"facebook_2648258775420054_1618374048415101":""},"rop_publish_now_history":[],"rop_publish_now_status":"pending","footnotes":"","_jetpack_memberships_contains_paid_content":false},"categories":[108,109,127],"tags":[128,5261],"yoast_head":"<!-- This site is optimized with the Yoast SEO plugin v22.3 - https:\/\/yoast.com\/wordpress\/plugins\/seo\/ -->\n<title>Picos anuncia quatro refor\u00e7os para S\u00e9rie B do Piauiense - Portal NPM<\/title>\n<meta name=\"robots\" content=\"index, follow, max-snippet:-1, max-image-preview:large, max-video-preview:-1\" \/>\n<link rel=\"canonical\" href=\"https:\/\/portalnpm.com\/index.php\/2023\/08\/26\/picos-anuncia-quatro-reforcos-para-serie-b-do-piauiense\/\" \/>\n<meta property=\"og:locale\" content=\"pt_BR\" \/>\n<meta property=\"og:type\" content=\"article\" \/>\n<meta property=\"og:title\" content=\"Picos anuncia quatro refor\u00e7os para S\u00e9rie B do Piauiense - Portal NPM\" \/>\n<meta property=\"og:description\" content=\"A diretoria do Picos confirmou seus quatro primeiros refor\u00e7os mirando a S\u00e9rie B do Campeonato Piauiense. O time ter\u00e1 como espinha dorsal o elenco sub-20, mas seis nomes ao total ser\u00e3o contratados e quatro deles foram anunciados. Os zagueiros ex-Parnahyba, Gilmar Bahia e Renan e no setor ofensivo os picoenses Ra\u00ed e Jo\u00e3o Paulo. \u201cTeremos &hellip;\" \/>\n<meta property=\"og:url\" content=\"https:\/\/portalnpm.com\/index.php\/2023\/08\/26\/picos-anuncia-quatro-reforcos-para-serie-b-do-piauiense\/\" \/>\n<meta property=\"og:site_name\" content=\"Portal NPM\" \/>\n<meta property=\"article:published_time\" content=\"2023-08-26T15:34:18+00:00\" \/>\n<meta property=\"og:image\" content=\"https:\/\/cidadeverde.com\/assets\/uploads\/noticias\/e96dfa09e97deba7571aab5c431b9383.jpg\" \/>\n<meta name=\"author\" content=\"Genival Barbosa\" \/>\n<meta name=\"twitter:card\" content=\"summary_large_image\" \/>\n<meta name=\"twitter:label1\" content=\"Escrito por\" \/>\n\t<meta name=\"twitter:data1\" content=\"Genival Barbosa\" \/>\n\t<meta name=\"twitter:label2\" content=\"Est. tempo de leitura\" \/>\n\t<meta name=\"twitter:data2\" content=\"2 minutos\" \/>\n<script type=\"application\/ld+json\" class=\"yoast-schema-graph\">{\"@context\":\"https:\/\/schema.org\",\"@graph\":[{\"@type\":\"WebPage\",\"@id\":\"https:\/\/portalnpm.com\/index.php\/2023\/08\/26\/picos-anuncia-quatro-reforcos-para-serie-b-do-piauiense\/\",\"url\":\"https:\/\/portalnpm.com\/index.php\/2023\/08\/26\/picos-anuncia-quatro-reforcos-para-serie-b-do-piauiense\/\",\"name\":\"Picos anuncia quatro refor\u00e7os para S\u00e9rie B do Piauiense - Portal NPM\",\"isPartOf\":{\"@id\":\"https:\/\/portalnpm.com\/#website\"},\"primaryImageOfPage\":{\"@id\":\"https:\/\/portalnpm.com\/index.php\/2023\/08\/26\/picos-anuncia-quatro-reforcos-para-serie-b-do-piauiense\/#primaryimage\"},\"image\":{\"@id\":\"https:\/\/portalnpm.com\/index.php\/2023\/08\/26\/picos-anuncia-quatro-reforcos-para-serie-b-do-piauiense\/#primaryimage\"},\"thumbnailUrl\":\"https:\/\/cidadeverde.com\/assets\/uploads\/noticias\/e96dfa09e97deba7571aab5c431b9383.jpg\",\"datePublished\":\"2023-08-26T15:34:18+00:00\",\"dateModified\":\"2023-08-26T15:34:18+00:00\",\"author\":{\"@id\":\"https:\/\/portalnpm.com\/#\/schema\/person\/49313e563cfdefcc167f1ee4c017c294\"},\"breadcrumb\":{\"@id\":\"https:\/\/portalnpm.com\/index.php\/2023\/08\/26\/picos-anuncia-quatro-reforcos-para-serie-b-do-piauiense\/#breadcrumb\"},\"inLanguage\":\"pt-BR\",\"potentialAction\":[{\"@type\":\"ReadAction\",\"target\":[\"https:\/\/portalnpm.com\/index.php\/2023\/08\/26\/picos-anuncia-quatro-reforcos-para-serie-b-do-piauiense\/\"]}]},{\"@type\":\"ImageObject\",\"inLanguage\":\"pt-BR\",\"@id\":\"https:\/\/portalnpm.com\/index.php\/2023\/08\/26\/picos-anuncia-quatro-reforcos-para-serie-b-do-piauiense\/#primaryimage\",\"url\":\"https:\/\/cidadeverde.com\/assets\/uploads\/noticias\/e96dfa09e97deba7571aab5c431b9383.jpg\",\"contentUrl\":\"https:\/\/cidadeverde.com\/assets\/uploads\/noticias\/e96dfa09e97deba7571aab5c431b9383.jpg\"},{\"@type\":\"BreadcrumbList\",\"@id\":\"https:\/\/portalnpm.com\/index.php\/2023\/08\/26\/picos-anuncia-quatro-reforcos-para-serie-b-do-piauiense\/#breadcrumb\",\"itemListElement\":[{\"@type\":\"ListItem\",\"position\":1,\"name\":\"In\u00edcio\",\"item\":\"https:\/\/portalnpm.com\/\"},{\"@type\":\"ListItem\",\"position\":2,\"name\":\"Picos anuncia quatro refor\u00e7os para S\u00e9rie B do Piauiense\"}]},{\"@type\":\"WebSite\",\"@id\":\"https:\/\/portalnpm.com\/#website\",\"url\":\"https:\/\/portalnpm.com\/\",\"name\":\"Portal NPM\",\"description\":\"Not\u00edcias em Primeira M\u00e3o\",\"potentialAction\":[{\"@type\":\"SearchAction\",\"target\":{\"@type\":\"EntryPoint\",\"urlTemplate\":\"https:\/\/portalnpm.com\/?s={search_term_string}\"},\"query-input\":\"required name=search_term_string\"}],\"inLanguage\":\"pt-BR\"},{\"@type\":\"Person\",\"@id\":\"https:\/\/portalnpm.com\/#\/schema\/person\/49313e563cfdefcc167f1ee4c017c294\",\"name\":\"Genival Barbosa\",\"image\":{\"@type\":\"ImageObject\",\"inLanguage\":\"pt-BR\",\"@id\":\"https:\/\/portalnpm.com\/#\/schema\/person\/image\/\",\"url\":\"https:\/\/portalnpm.com\/wp-content\/uploads\/2024\/02\/avatar_user_2_1707743258-96x96.jpeg\",\"contentUrl\":\"https:\/\/portalnpm.com\/wp-content\/uploads\/2024\/02\/avatar_user_2_1707743258-96x96.jpeg\",\"caption\":\"Genival Barbosa\"},\"url\":\"https:\/\/portalnpm.com\/index.php\/author\/genival\/\"}]}<\/script>\n<!-- \/ Yoast SEO plugin. -->","yoast_head_json":{"title":"Picos anuncia quatro refor\u00e7os para S\u00e9rie B do Piauiense - Portal NPM","robots":{"index":"index","follow":"follow","max-snippet":"max-snippet:-1","max-image-preview":"max-image-preview:large","max-video-preview":"max-video-preview:-1"},"canonical":"https:\/\/portalnpm.com\/index.php\/2023\/08\/26\/picos-anuncia-quatro-reforcos-para-serie-b-do-piauiense\/","og_locale":"pt_BR","og_type":"article","og_title":"Picos anuncia quatro refor\u00e7os para S\u00e9rie B do Piauiense - Portal NPM","og_description":"A diretoria do Picos confirmou seus quatro primeiros refor\u00e7os mirando a S\u00e9rie B do Campeonato Piauiense. O time ter\u00e1 como espinha dorsal o elenco sub-20, mas seis nomes ao total ser\u00e3o contratados e quatro deles foram anunciados. Os zagueiros ex-Parnahyba, Gilmar Bahia e Renan e no setor ofensivo os picoenses Ra\u00ed e Jo\u00e3o Paulo. \u201cTeremos &hellip;","og_url":"https:\/\/portalnpm.com\/index.php\/2023\/08\/26\/picos-anuncia-quatro-reforcos-para-serie-b-do-piauiense\/","og_site_name":"Portal NPM","article_published_time":"2023-08-26T15:34:18+00:00","og_image":[{"url":"https:\/\/cidadeverde.com\/assets\/uploads\/noticias\/e96dfa09e97deba7571aab5c431b9383.jpg"}],"author":"Genival Barbosa","twitter_card":"summary_large_image","twitter_misc":{"Escrito por":"Genival Barbosa","Est. tempo de leitura":"2 minutos"},"schema":{"@context":"https:\/\/schema.org","@graph":[{"@type":"WebPage","@id":"https:\/\/portalnpm.com\/index.php\/2023\/08\/26\/picos-anuncia-quatro-reforcos-para-serie-b-do-piauiense\/","url":"https:\/\/portalnpm.com\/index.php\/2023\/08\/26\/picos-anuncia-quatro-reforcos-para-serie-b-do-piauiense\/","name":"Picos anuncia quatro refor\u00e7os para S\u00e9rie B do Piauiense - Portal NPM","isPartOf":{"@id":"https:\/\/portalnpm.com\/#website"},"primaryImageOfPage":{"@id":"https:\/\/portalnpm.com\/index.php\/2023\/08\/26\/picos-anuncia-quatro-reforcos-para-serie-b-do-piauiense\/#primaryimage"},"image":{"@id":"https:\/\/portalnpm.com\/index.php\/2023\/08\/26\/picos-anuncia-quatro-reforcos-para-serie-b-do-piauiense\/#primaryimage"},"thumbnailUrl":"https:\/\/cidadeverde.com\/assets\/uploads\/noticias\/e96dfa09e97deba7571aab5c431b9383.jpg","datePublished":"2023-08-26T15:34:18+00:00","dateModified":"2023-08-26T15:34:18+00:00","author":{"@id":"https:\/\/portalnpm.com\/#\/schema\/person\/49313e563cfdefcc167f1ee4c017c294"},"breadcrumb":{"@id":"https:\/\/portalnpm.com\/index.php\/2023\/08\/26\/picos-anuncia-quatro-reforcos-para-serie-b-do-piauiense\/#breadcrumb"},"inLanguage":"pt-BR","potentialAction":[{"@type":"ReadAction","target":["https:\/\/portalnpm.com\/index.php\/2023\/08\/26\/picos-anuncia-quatro-reforcos-para-serie-b-do-piauiense\/"]}]},{"@type":"ImageObject","inLanguage":"pt-BR","@id":"https:\/\/portalnpm.com\/index.php\/2023\/08\/26\/picos-anuncia-quatro-reforcos-para-serie-b-do-piauiense\/#primaryimage","url":"https:\/\/cidadeverde.com\/assets\/uploads\/noticias\/e96dfa09e97deba7571aab5c431b9383.jpg","contentUrl":"https:\/\/cidadeverde.com\/assets\/uploads\/noticias\/e96dfa09e97deba7571aab5c431b9383.jpg"},{"@type":"BreadcrumbList","@id":"https:\/\/portalnpm.com\/index.php\/2023\/08\/26\/picos-anuncia-quatro-reforcos-para-serie-b-do-piauiense\/#breadcrumb","itemListElement":[{"@type":"ListItem","position":1,"name":"In\u00edcio","item":"https:\/\/portalnpm.com\/"},{"@type":"ListItem","position":2,"name":"Picos anuncia quatro refor\u00e7os para S\u00e9rie B do Piauiense"}]},{"@type":"WebSite","@id":"https:\/\/portalnpm.com\/#website","url":"https:\/\/portalnpm.com\/","name":"Portal NPM","description":"Not\u00edcias em Primeira M\u00e3o","potentialAction":[{"@type":"SearchAction","target":{"@type":"EntryPoint","urlTemplate":"https:\/\/portalnpm.com\/?s={search_term_string}"},"query-input":"required name=search_term_string"}],"inLanguage":"pt-BR"},{"@type":"Person","@id":"https:\/\/portalnpm.com\/#\/schema\/person\/49313e563cfdefcc167f1ee4c017c294","name":"Genival Barbosa","image":{"@type":"ImageObject","inLanguage":"pt-BR","@id":"https:\/\/portalnpm.com\/#\/schema\/person\/image\/","url":"https:\/\/portalnpm.com\/wp-content\/uploads\/2024\/02\/avatar_user_2_1707743258-96x96.jpeg","contentUrl":"https:\/\/portalnpm.com\/wp-content\/uploads\/2024\/02\/avatar_user_2_1707743258-96x96.jpeg","caption":"Genival Barbosa"},"url":"https:\/\/portalnpm.com\/index.php\/author\/genival\/"}]}},"jetpack_sharing_enabled":true,"jetpack_featured_media_url":"","_links":{"self":[{"href":"https:\/\/portalnpm.com\/index.php\/wp-json\/wp\/v2\/posts\/48845"}],"collection":[{"href":"https:\/\/portalnpm.com\/index.php\/wp-json\/wp\/v2\/posts"}],"about":[{"href":"https:\/\/portalnpm.com\/index.php\/wp-json\/wp\/v2\/types\/post"}],"author":[{"embeddable":true,"href":"https:\/\/portalnpm.com\/index.php\/wp-json\/wp\/v2\/users\/2"}],"replies":[{"embeddable":true,"href":"https:\/\/portalnpm.com\/index.php\/wp-json\/wp\/v2\/comments?post=48845"}],"version-history":[{"count":0,"href":"https:\/\/portalnpm.com\/index.php\/wp-json\/wp\/v2\/posts\/48845\/revisions"}],"wp:attachment":[{"href":"https:\/\/portalnpm.com\/index.php\/wp-json\/wp\/v2\/media?parent=48845"}],"wp:term":[{"taxonomy":"category","embeddable":true,"href":"https:\/\/portalnpm.com\/index.php\/wp-json\/wp\/v2\/categories?post=48845"},{"taxonomy":"post_tag","embeddable":true,"href":"https:\/\/portalnpm.com\/index.php\/wp-json\/wp\/v2\/tags?post=48845"}],"curies":[{"name":"wp","href":"https:\/\/api.w.org\/{rel}","templated":true}]}}