{"id":4885,"date":"2019-01-14T14:07:50","date_gmt":"2019-01-14T16:07:50","guid":{"rendered":"http:\/\/srv.portalnpm.com.br\/?p=4885"},"modified":"2019-01-14T14:07:50","modified_gmt":"2019-01-14T16:07:50","slug":"prefeito-de-caridade-visita-obras-em-andamento-e-convida-populacao-para-aniversario-da-cidade","status":"publish","type":"post","link":"https:\/\/portalnpm.com\/index.php\/2019\/01\/14\/prefeito-de-caridade-visita-obras-em-andamento-e-convida-populacao-para-aniversario-da-cidade\/","title":{"rendered":"Prefeito de Caridade visita obras em andamento e convida popula\u00e7\u00e3o para anivers\u00e1rio da cidade"},"content":{"rendered":"<p style=\"text-align: justify;\">No pr\u00f3ximo dia 26 de janeiro, Caridade do Piau\u00ed completar\u00e1 23 anos de emancipado, e o munic\u00edpio est\u00e1 sendo preparado para celebrar a mais importante data do calend\u00e1rio municipal. Dentro da programa\u00e7\u00e3o, o prefeito Antoniel de Sousa Silva, o Toninho, vai entregar obras, ve\u00edculos e outros benef\u00edcios para a popula\u00e7\u00e3o.<\/p>\n<p style=\"text-align: justify;\">Na tarde deste domingo (13), o prefeito visitou um das obras que ser\u00e3o inauguradas, o Est\u00e1dio Municipal Arauj\u00e3o,\u00a0que est\u00e1 quase conclu\u00eddo. A constru\u00e7\u00e3o do espa\u00e7o esportivo \u00e9 objeto de um convenio entre a Prefeitura Municipal e o Minist\u00e9rio do Esporte, no valor de 730 mil reais.<\/p>\n<p style=\"text-align: justify;\">O Est\u00e1dio \u00e9 gramado, possui sistema irriga\u00e7\u00e3o, alambrado e toda infraestrutura adequada para a pr\u00e1tica do futebol, a modalidade esportiva mais praticada no munic\u00edpio. \u201cCaridade \u00e9 a primeira cidade pequena da regi\u00e3o a ter um Est\u00e1dio nesse padr\u00e3o.\u201d, disse, salientando que sua gest\u00e3o tem incentivado e apoiado o futebol amador no munic\u00edpio. \u201cO futebol \u00e9 muito forte em Caridade, portanto, os atletas e desportistas n\u00e3o s\u00f3 precisavam, como merecem ter um Est\u00e1dio nesse porte.\u201d, pontuou.<\/p>\n<p style=\"text-align: justify;\">O prefeito visitou, tamb\u00e9m, mais ruas que est\u00e3o recebendo pavimenta\u00e7\u00e3o poli\u00e9drica. Nesse novo projeto ser\u00e3o aplicados 780 mil reais, recursos destinados pelo deputado federal J\u00falio C\u00e9sar, atrav\u00e9s do Minist\u00e9rio das Cidades.<\/p>\n<p style=\"text-align: justify;\">Toninho afirmou que a cidade tem avan\u00e7ado muito na \u00e1rea de mobilidade urbana. \u201cN\u00f3s asfaltamos as principais ruas da cidade e levamos cal\u00e7amento para outras que ainda eram de terra. S\u00e3o mais de 4 milh\u00f5es de reais aplicados s\u00f3 em pavimenta\u00e7\u00e3o, tanto a sede do munic\u00edpio, como os povoados Ingazeira, Baixinho de S\u00e3o Francisco e S\u00edtio Jorge\u201d, disse.<\/p>\n<p style=\"text-align: justify;\">Ao final da entrevista, o prefeito Antoniel convidou a popula\u00e7\u00e3o de Caridade e de outros munic\u00edpios da regi\u00e3o para participarem dos eventos comemorativos ao anivers\u00e1rio da cidade. \u201cN\u00f3s dias 23, 24 e 25 n\u00f3s estaremos comemorando os 23 anos de nosso munic\u00edpio. Preparamos uma programa\u00e7\u00e3o com todo carinho para celebrar essa data especial. Est\u00e3o todos convidados. Estaremos de bra\u00e7os abertos para receber a todos de Caridade, como tamb\u00e9m, os visitantes.\u201d, disse.<\/p>\n<p style=\"text-align: justify;\">O Governo Municipal preparou uma programa\u00e7\u00e3o diversificada, com atividades esportivas, c\u00edvicas, culturais e festivas.<\/p>\n<p style=\"text-align: justify;\"><strong>Fonte: Cidades na Net\u00a0<\/strong><\/p>\n","protected":false},"excerpt":{"rendered":"<p>No pr\u00f3ximo dia 26 de janeiro, Caridade do Piau\u00ed completar\u00e1 23 anos de emancipado, e o munic\u00edpio est\u00e1 sendo preparado para celebrar a mais importante data do calend\u00e1rio municipal. Dentro da programa\u00e7\u00e3o, o prefeito Antoniel de Sousa Silva, o Toninho, vai entregar obras, ve\u00edculos e outros benef\u00edcios para a popula\u00e7\u00e3o. Na tarde deste domingo (13), &hellip;<\/p>\n","protected":false},"author":4,"featured_media":4886,"comment_status":"open","ping_status":"open","sticky":false,"template":"","format":"standard","meta":{"content-type":"","rop_custom_images_group":[],"rop_custom_messages_group":[],"rop_publish_now":"initial","rop_publish_now_accounts":{"facebook_2648258775420054_1618374048415101":""},"rop_publish_now_history":[],"rop_publish_now_status":"pending","footnotes":"","_jetpack_memberships_contains_paid_content":false},"categories":[113,109],"tags":[1975,1298,135,761],"yoast_head":"<!-- This site is optimized with the Yoast SEO plugin v22.3 - https:\/\/yoast.com\/wordpress\/plugins\/seo\/ -->\n<title>Prefeito de Caridade visita obras em andamento e convida popula\u00e7\u00e3o para anivers\u00e1rio da cidade - Portal NPM<\/title>\n<meta name=\"robots\" content=\"index, follow, max-snippet:-1, max-image-preview:large, max-video-preview:-1\" \/>\n<link rel=\"canonical\" href=\"https:\/\/portalnpm.com\/index.php\/2019\/01\/14\/prefeito-de-caridade-visita-obras-em-andamento-e-convida-populacao-para-aniversario-da-cidade\/\" \/>\n<meta property=\"og:locale\" content=\"pt_BR\" \/>\n<meta property=\"og:type\" content=\"article\" \/>\n<meta property=\"og:title\" content=\"Prefeito de Caridade visita obras em andamento e convida popula\u00e7\u00e3o para anivers\u00e1rio da cidade - Portal NPM\" \/>\n<meta property=\"og:description\" content=\"No pr\u00f3ximo dia 26 de janeiro, Caridade do Piau\u00ed completar\u00e1 23 anos de emancipado, e o munic\u00edpio est\u00e1 sendo preparado para celebrar a mais importante data do calend\u00e1rio municipal. Dentro da programa\u00e7\u00e3o, o prefeito Antoniel de Sousa Silva, o Toninho, vai entregar obras, ve\u00edculos e outros benef\u00edcios para a popula\u00e7\u00e3o. Na tarde deste domingo (13), &hellip;\" \/>\n<meta property=\"og:url\" content=\"https:\/\/portalnpm.com\/index.php\/2019\/01\/14\/prefeito-de-caridade-visita-obras-em-andamento-e-convida-populacao-para-aniversario-da-cidade\/\" \/>\n<meta property=\"og:site_name\" content=\"Portal NPM\" \/>\n<meta property=\"article:published_time\" content=\"2019-01-14T16:07:50+00:00\" \/>\n<meta name=\"author\" content=\"Reda\u00e7\u00e3o\" \/>\n<meta name=\"twitter:card\" content=\"summary_large_image\" \/>\n<meta name=\"twitter:label1\" content=\"Escrito por\" \/>\n\t<meta name=\"twitter:data1\" content=\"Reda\u00e7\u00e3o\" \/>\n\t<meta name=\"twitter:label2\" content=\"Est. tempo de leitura\" \/>\n\t<meta name=\"twitter:data2\" content=\"2 minutos\" \/>\n<script type=\"application\/ld+json\" class=\"yoast-schema-graph\">{\"@context\":\"https:\/\/schema.org\",\"@graph\":[{\"@type\":\"WebPage\",\"@id\":\"https:\/\/portalnpm.com\/index.php\/2019\/01\/14\/prefeito-de-caridade-visita-obras-em-andamento-e-convida-populacao-para-aniversario-da-cidade\/\",\"url\":\"https:\/\/portalnpm.com\/index.php\/2019\/01\/14\/prefeito-de-caridade-visita-obras-em-andamento-e-convida-populacao-para-aniversario-da-cidade\/\",\"name\":\"Prefeito de Caridade visita obras em andamento e convida popula\u00e7\u00e3o para anivers\u00e1rio da cidade - Portal NPM\",\"isPartOf\":{\"@id\":\"https:\/\/portalnpm.com\/#website\"},\"primaryImageOfPage\":{\"@id\":\"https:\/\/portalnpm.com\/index.php\/2019\/01\/14\/prefeito-de-caridade-visita-obras-em-andamento-e-convida-populacao-para-aniversario-da-cidade\/#primaryimage\"},\"image\":{\"@id\":\"https:\/\/portalnpm.com\/index.php\/2019\/01\/14\/prefeito-de-caridade-visita-obras-em-andamento-e-convida-populacao-para-aniversario-da-cidade\/#primaryimage\"},\"thumbnailUrl\":\"\",\"datePublished\":\"2019-01-14T16:07:50+00:00\",\"dateModified\":\"2019-01-14T16:07:50+00:00\",\"author\":{\"@id\":\"https:\/\/portalnpm.com\/#\/schema\/person\/0b5f230ec96cee25504fa328e7f2b733\"},\"breadcrumb\":{\"@id\":\"https:\/\/portalnpm.com\/index.php\/2019\/01\/14\/prefeito-de-caridade-visita-obras-em-andamento-e-convida-populacao-para-aniversario-da-cidade\/#breadcrumb\"},\"inLanguage\":\"pt-BR\",\"potentialAction\":[{\"@type\":\"ReadAction\",\"target\":[\"https:\/\/portalnpm.com\/index.php\/2019\/01\/14\/prefeito-de-caridade-visita-obras-em-andamento-e-convida-populacao-para-aniversario-da-cidade\/\"]}]},{\"@type\":\"ImageObject\",\"inLanguage\":\"pt-BR\",\"@id\":\"https:\/\/portalnpm.com\/index.php\/2019\/01\/14\/prefeito-de-caridade-visita-obras-em-andamento-e-convida-populacao-para-aniversario-da-cidade\/#primaryimage\",\"url\":\"\",\"contentUrl\":\"\"},{\"@type\":\"BreadcrumbList\",\"@id\":\"https:\/\/portalnpm.com\/index.php\/2019\/01\/14\/prefeito-de-caridade-visita-obras-em-andamento-e-convida-populacao-para-aniversario-da-cidade\/#breadcrumb\",\"itemListElement\":[{\"@type\":\"ListItem\",\"position\":1,\"name\":\"In\u00edcio\",\"item\":\"https:\/\/portalnpm.com\/\"},{\"@type\":\"ListItem\",\"position\":2,\"name\":\"Prefeito de Caridade visita obras em andamento e convida popula\u00e7\u00e3o para anivers\u00e1rio da cidade\"}]},{\"@type\":\"WebSite\",\"@id\":\"https:\/\/portalnpm.com\/#website\",\"url\":\"https:\/\/portalnpm.com\/\",\"name\":\"Portal NPM\",\"description\":\"Not\u00edcias em Primeira M\u00e3o\",\"potentialAction\":[{\"@type\":\"SearchAction\",\"target\":{\"@type\":\"EntryPoint\",\"urlTemplate\":\"https:\/\/portalnpm.com\/?s={search_term_string}\"},\"query-input\":\"required name=search_term_string\"}],\"inLanguage\":\"pt-BR\"},{\"@type\":\"Person\",\"@id\":\"https:\/\/portalnpm.com\/#\/schema\/person\/0b5f230ec96cee25504fa328e7f2b733\",\"name\":\"Reda\u00e7\u00e3o\",\"image\":{\"@type\":\"ImageObject\",\"inLanguage\":\"pt-BR\",\"@id\":\"https:\/\/portalnpm.com\/#\/schema\/person\/image\/\",\"url\":\"https:\/\/portalnpm.com\/wp-content\/uploads\/2024\/03\/avatar_user_4_1710097212-96x96.png\",\"contentUrl\":\"https:\/\/portalnpm.com\/wp-content\/uploads\/2024\/03\/avatar_user_4_1710097212-96x96.png\",\"caption\":\"Reda\u00e7\u00e3o\"},\"url\":\"https:\/\/portalnpm.com\/index.php\/author\/redacao\/\"}]}<\/script>\n<!-- \/ Yoast SEO plugin. -->","yoast_head_json":{"title":"Prefeito de Caridade visita obras em andamento e convida popula\u00e7\u00e3o para anivers\u00e1rio da cidade - Portal NPM","robots":{"index":"index","follow":"follow","max-snippet":"max-snippet:-1","max-image-preview":"max-image-preview:large","max-video-preview":"max-video-preview:-1"},"canonical":"https:\/\/portalnpm.com\/index.php\/2019\/01\/14\/prefeito-de-caridade-visita-obras-em-andamento-e-convida-populacao-para-aniversario-da-cidade\/","og_locale":"pt_BR","og_type":"article","og_title":"Prefeito de Caridade visita obras em andamento e convida popula\u00e7\u00e3o para anivers\u00e1rio da cidade - Portal NPM","og_description":"No pr\u00f3ximo dia 26 de janeiro, Caridade do Piau\u00ed completar\u00e1 23 anos de emancipado, e o munic\u00edpio est\u00e1 sendo preparado para celebrar a mais importante data do calend\u00e1rio municipal. Dentro da programa\u00e7\u00e3o, o prefeito Antoniel de Sousa Silva, o Toninho, vai entregar obras, ve\u00edculos e outros benef\u00edcios para a popula\u00e7\u00e3o. Na tarde deste domingo (13), &hellip;","og_url":"https:\/\/portalnpm.com\/index.php\/2019\/01\/14\/prefeito-de-caridade-visita-obras-em-andamento-e-convida-populacao-para-aniversario-da-cidade\/","og_site_name":"Portal NPM","article_published_time":"2019-01-14T16:07:50+00:00","author":"Reda\u00e7\u00e3o","twitter_card":"summary_large_image","twitter_misc":{"Escrito por":"Reda\u00e7\u00e3o","Est. tempo de leitura":"2 minutos"},"schema":{"@context":"https:\/\/schema.org","@graph":[{"@type":"WebPage","@id":"https:\/\/portalnpm.com\/index.php\/2019\/01\/14\/prefeito-de-caridade-visita-obras-em-andamento-e-convida-populacao-para-aniversario-da-cidade\/","url":"https:\/\/portalnpm.com\/index.php\/2019\/01\/14\/prefeito-de-caridade-visita-obras-em-andamento-e-convida-populacao-para-aniversario-da-cidade\/","name":"Prefeito de Caridade visita obras em andamento e convida popula\u00e7\u00e3o para anivers\u00e1rio da cidade - Portal NPM","isPartOf":{"@id":"https:\/\/portalnpm.com\/#website"},"primaryImageOfPage":{"@id":"https:\/\/portalnpm.com\/index.php\/2019\/01\/14\/prefeito-de-caridade-visita-obras-em-andamento-e-convida-populacao-para-aniversario-da-cidade\/#primaryimage"},"image":{"@id":"https:\/\/portalnpm.com\/index.php\/2019\/01\/14\/prefeito-de-caridade-visita-obras-em-andamento-e-convida-populacao-para-aniversario-da-cidade\/#primaryimage"},"thumbnailUrl":"","datePublished":"2019-01-14T16:07:50+00:00","dateModified":"2019-01-14T16:07:50+00:00","author":{"@id":"https:\/\/portalnpm.com\/#\/schema\/person\/0b5f230ec96cee25504fa328e7f2b733"},"breadcrumb":{"@id":"https:\/\/portalnpm.com\/index.php\/2019\/01\/14\/prefeito-de-caridade-visita-obras-em-andamento-e-convida-populacao-para-aniversario-da-cidade\/#breadcrumb"},"inLanguage":"pt-BR","potentialAction":[{"@type":"ReadAction","target":["https:\/\/portalnpm.com\/index.php\/2019\/01\/14\/prefeito-de-caridade-visita-obras-em-andamento-e-convida-populacao-para-aniversario-da-cidade\/"]}]},{"@type":"ImageObject","inLanguage":"pt-BR","@id":"https:\/\/portalnpm.com\/index.php\/2019\/01\/14\/prefeito-de-caridade-visita-obras-em-andamento-e-convida-populacao-para-aniversario-da-cidade\/#primaryimage","url":"","contentUrl":""},{"@type":"BreadcrumbList","@id":"https:\/\/portalnpm.com\/index.php\/2019\/01\/14\/prefeito-de-caridade-visita-obras-em-andamento-e-convida-populacao-para-aniversario-da-cidade\/#breadcrumb","itemListElement":[{"@type":"ListItem","position":1,"name":"In\u00edcio","item":"https:\/\/portalnpm.com\/"},{"@type":"ListItem","position":2,"name":"Prefeito de Caridade visita obras em andamento e convida popula\u00e7\u00e3o para anivers\u00e1rio da cidade"}]},{"@type":"WebSite","@id":"https:\/\/portalnpm.com\/#website","url":"https:\/\/portalnpm.com\/","name":"Portal NPM","description":"Not\u00edcias em Primeira M\u00e3o","potentialAction":[{"@type":"SearchAction","target":{"@type":"EntryPoint","urlTemplate":"https:\/\/portalnpm.com\/?s={search_term_string}"},"query-input":"required name=search_term_string"}],"inLanguage":"pt-BR"},{"@type":"Person","@id":"https:\/\/portalnpm.com\/#\/schema\/person\/0b5f230ec96cee25504fa328e7f2b733","name":"Reda\u00e7\u00e3o","image":{"@type":"ImageObject","inLanguage":"pt-BR","@id":"https:\/\/portalnpm.com\/#\/schema\/person\/image\/","url":"https:\/\/portalnpm.com\/wp-content\/uploads\/2024\/03\/avatar_user_4_1710097212-96x96.png","contentUrl":"https:\/\/portalnpm.com\/wp-content\/uploads\/2024\/03\/avatar_user_4_1710097212-96x96.png","caption":"Reda\u00e7\u00e3o"},"url":"https:\/\/portalnpm.com\/index.php\/author\/redacao\/"}]}},"jetpack_sharing_enabled":true,"jetpack_featured_media_url":"","_links":{"self":[{"href":"https:\/\/portalnpm.com\/index.php\/wp-json\/wp\/v2\/posts\/4885"}],"collection":[{"href":"https:\/\/portalnpm.com\/index.php\/wp-json\/wp\/v2\/posts"}],"about":[{"href":"https:\/\/portalnpm.com\/index.php\/wp-json\/wp\/v2\/types\/post"}],"author":[{"embeddable":true,"href":"https:\/\/portalnpm.com\/index.php\/wp-json\/wp\/v2\/users\/4"}],"replies":[{"embeddable":true,"href":"https:\/\/portalnpm.com\/index.php\/wp-json\/wp\/v2\/comments?post=4885"}],"version-history":[{"count":0,"href":"https:\/\/portalnpm.com\/index.php\/wp-json\/wp\/v2\/posts\/4885\/revisions"}],"wp:featuredmedia":[{"embeddable":true,"href":"https:\/\/portalnpm.com\/index.php\/wp-json\/"}],"wp:attachment":[{"href":"https:\/\/portalnpm.com\/index.php\/wp-json\/wp\/v2\/media?parent=4885"}],"wp:term":[{"taxonomy":"category","embeddable":true,"href":"https:\/\/portalnpm.com\/index.php\/wp-json\/wp\/v2\/categories?post=4885"},{"taxonomy":"post_tag","embeddable":true,"href":"https:\/\/portalnpm.com\/index.php\/wp-json\/wp\/v2\/tags?post=4885"}],"curies":[{"name":"wp","href":"https:\/\/api.w.org\/{rel}","templated":true}]}}