{"id":48922,"date":"2023-08-28T12:19:38","date_gmt":"2023-08-28T15:19:38","guid":{"rendered":"https:\/\/portalnpm.com\/?p=48922"},"modified":"2023-08-28T12:19:38","modified_gmt":"2023-08-28T15:19:38","slug":"em-noite-de-inauguracao-da-iluminacao-do-estadio-jacobina-empata-com-patos-na-4a-rodada-da-copa-amvi","status":"publish","type":"post","link":"https:\/\/portalnpm.com\/index.php\/2023\/08\/28\/em-noite-de-inauguracao-da-iluminacao-do-estadio-jacobina-empata-com-patos-na-4a-rodada-da-copa-amvi\/","title":{"rendered":"Em noite de inaugura\u00e7\u00e3o da ilumina\u00e7\u00e3o do est\u00e1dio, Jacobina empata com Patos na 4\u00aa rodada da Copa AMVI"},"content":{"rendered":"<div id=\"post-body\" class=\"post-body entry-content\">\n<div class=\"separator\" style=\"text-align: justify;\"><\/div>\n<p style=\"text-align: justify;\">\n<p style=\"text-align: justify;\">No final da tarde do \u00faltimo domingo (28\/08\/2023), a bola voltou a rolar no Est\u00e1dio Municipal de Jacobina do Piau\u00ed, em partida v\u00e1lida pela 4\u00aa rodada do Grupo C da Copa AMVI. Os donos da casa receberam a Sele\u00e7\u00e3o de Patos do Piau\u00ed, em jogo que terminou empatado por 2 a 2.<\/p>\n<p style=\"text-align: justify;\">\n<p><iframe id=\"instagram-embed-0\" class=\"instagram-media instagram-media-rendered\" src=\"https:\/\/www.instagram.com\/reel\/CwdwJpKoyIM\/embed\/?cr=1&amp;v=14&amp;wp=612&amp;rd=https%3A%2F%2Fwww.diariodoitaim.com&amp;rp=%2F2023%2F08%2Fem-noite-de-inauguracao-da-iluminacao.html%3Fm%3D1%26fbclid%3DPAAaa5P45uBg584IgxJqMugLF-GnpFrF03DnHhTwsG986K8zj-x1lQxRVyvKk#%7B%22ci%22%3A0%2C%22os%22%3A5372.5%2C%22ls%22%3A1225.7999999523163%2C%22le%22%3A2157.5%7D\" height=\"403\" frameborder=\"0\" scrolling=\"no\" allowfullscreen=\"allowfullscreen\" data-instgrm-payload-id=\"instagram-media-payload-0\" data-mce-fragment=\"1\"><\/iframe><\/p>\n<p style=\"text-align: justify;\">A partida foi marcada pela inaugura\u00e7\u00e3o da ilumina\u00e7\u00e3o em LED da referida pra\u00e7a esportiva. O momento solene, realizado no intervalo, contou com a participa\u00e7\u00e3o do Prefeito GD Oliveira e a primeira-dama Ver\u00f4nica Oliveira, Vice-Prefeito Vanderlei Carvalho e o Presidente da C\u00e2mara Municipal de Vereadores Elis Campos.<\/p>\n<p style=\"text-align: justify;\">\n<div class=\"separator\" style=\"text-align: justify;\"><a href=\"https:\/\/blogger.googleusercontent.com\/img\/b\/R29vZ2xl\/AVvXsEikjEyqjNMyeweXhPysozI0opiMxKtDD98cn4HaoEg7xxNz88xaDTW-9xU474z3Iz8LtPHcq2GbwHvDD7hszstzhS7y0vfyWPrGUlVkvUd5k4on7Y9TWsFQd19_1dtFy2uDiGSzRlJBM12p4HCePsje8AQ_WLZgphKzY80qSwXpEgiszbCbfiXQmFnPCho\/s6000\/IMG_7222.JPG\"><img fetchpriority=\"high\" decoding=\"async\" src=\"https:\/\/blogger.googleusercontent.com\/img\/b\/R29vZ2xl\/AVvXsEikjEyqjNMyeweXhPysozI0opiMxKtDD98cn4HaoEg7xxNz88xaDTW-9xU474z3Iz8LtPHcq2GbwHvDD7hszstzhS7y0vfyWPrGUlVkvUd5k4on7Y9TWsFQd19_1dtFy2uDiGSzRlJBM12p4HCePsje8AQ_WLZgphKzY80qSwXpEgiszbCbfiXQmFnPCho\/w400-h266\/IMG_7222.JPG\" width=\"400\" height=\"266\" border=\"0\" data-original-height=\"4000\" data-original-width=\"6000\" \/><\/a><\/div>\n<p style=\"text-align: justify;\">\n<p style=\"text-align: justify;\"><i>&#8220;Estamos aqui na inaugura\u00e7\u00e3o da ilumina\u00e7\u00e3o do nosso est\u00e1dio, padr\u00e3o FIFA, para jogos oficiais, estamos sempre buscando o melhor para o esporte do nosso munic\u00edpio, aqui vai ser o palco da final da Copa AMVI, estamos preparando para fazer uma grande festa. Muito feliz com o resultado, uma das melhores ilumina\u00e7\u00f5es de est\u00e1dio aqui do Piau\u00ed, virando refer\u00eancia no futebol estadual, e vamos seguir trabalhando cada vez mais&#8221;<\/i>, enfatizou o Prefeito GD.<\/p>\n<p style=\"text-align: justify;\">\n<div class=\"separator\" style=\"text-align: justify;\"><a href=\"https:\/\/blogger.googleusercontent.com\/img\/b\/R29vZ2xl\/AVvXsEgXUpZ_y6fw6A8P8aLNpTs8reU3xG2aWlSiIsS6TDYKlspc7mil2PXKVWSuIwZImR3Q6xZuv3lyAy-mZtOouIkfvQAzajyt-W2UchYUVWxEUeHrV6IMB8i8iSHZeOa0KMPpZBaqWSNnf4N48KK0z_Um2xSG4QuaNEy_yrwbwCh5vdw3PAk5NqNEzSkNzn8\/s6000\/IMG_7213.JPG\"><img decoding=\"async\" src=\"https:\/\/blogger.googleusercontent.com\/img\/b\/R29vZ2xl\/AVvXsEgXUpZ_y6fw6A8P8aLNpTs8reU3xG2aWlSiIsS6TDYKlspc7mil2PXKVWSuIwZImR3Q6xZuv3lyAy-mZtOouIkfvQAzajyt-W2UchYUVWxEUeHrV6IMB8i8iSHZeOa0KMPpZBaqWSNnf4N48KK0z_Um2xSG4QuaNEy_yrwbwCh5vdw3PAk5NqNEzSkNzn8\/w400-h266\/IMG_7213.JPG\" width=\"400\" height=\"266\" border=\"0\" data-original-height=\"4000\" data-original-width=\"6000\" \/><\/a><\/div>\n<p style=\"text-align: justify;\">\n<p style=\"text-align: justify;\">Tamb\u00e9m marcaram presen\u00e7a os Vereadores Alex Oliveira, Fran Carvalho, Raelson Reis e Sidon Pedro, Secret\u00e1rios Municipais Valdir Rodrigues (Esportes), Edilene Dilora (Educa\u00e7\u00e3o), Chico Abreu (Juventude), Leidselma Nenem (Transportes) e Gilson Macedo (Obras), al\u00e9m de outras autoridades locais e de munic\u00edpios circunvizinhos.<\/p>\n<p style=\"text-align: justify;\">\n<div class=\"separator\" style=\"text-align: justify;\"><a href=\"https:\/\/blogger.googleusercontent.com\/img\/b\/R29vZ2xl\/AVvXsEgFp_524ZRGguxIbijeoESpmpZmJEWDrRAwAYQ3MxfI8-bU2PsGEV-HcjPJkn9GsPnbrTxdzRE_fOQ7hZdOa6i4yO0NiqnfVwr5J_0nOYctB8gjwaghL0vXsBsEuBCdQJPEXvM1Mk1oyya4V0mFa2AnWvo3xR2xYE6wVt1OUZU89Koc-hAJm5VwSVwhiEI\/s6000\/IMG_7093.JPG\"><img decoding=\"async\" src=\"https:\/\/blogger.googleusercontent.com\/img\/b\/R29vZ2xl\/AVvXsEgFp_524ZRGguxIbijeoESpmpZmJEWDrRAwAYQ3MxfI8-bU2PsGEV-HcjPJkn9GsPnbrTxdzRE_fOQ7hZdOa6i4yO0NiqnfVwr5J_0nOYctB8gjwaghL0vXsBsEuBCdQJPEXvM1Mk1oyya4V0mFa2AnWvo3xR2xYE6wVt1OUZU89Koc-hAJm5VwSVwhiEI\/w400-h266\/IMG_7093.JPG\" width=\"400\" height=\"266\" border=\"0\" data-original-height=\"4000\" data-original-width=\"6000\" \/><\/a><\/div>\n<p style=\"text-align: justify;\">\n<p style=\"text-align: justify;\">Dentro das quatro linhas, a partida foi equilibrada, o que refletiu no resultado. O marcador foi aberto pela Sele\u00e7\u00e3o de Jacobina com L\u00e9o, que mandou para as redes ap\u00f3s cobran\u00e7a de escanteio feita por Wesley. Os donos da casa foram para o intervalo com a vit\u00f3ria parcial.<\/p>\n<p style=\"text-align: justify;\">\n<div class=\"separator\" style=\"text-align: justify;\"><a href=\"https:\/\/blogger.googleusercontent.com\/img\/b\/R29vZ2xl\/AVvXsEjrDat3CCEBH6EH2dQ-6YwTQVVw-Ox4VDfXTFKnWNvx0921GgZQbhrjpKzL8xwjhRJxnaIrsQ5ohQSwSbL1LXKVTEHGkmK4JRUC6VYh1kRbrapGeXoRcPz0OD8UelyzICpdoyE3UDIkMeNdsEuzaaXonov50zhJYoV35GLtLgKpxpZS9Y_xO0bJbgWLhGE\/s6000\/IMG_7101.JPG\"><img loading=\"lazy\" decoding=\"async\" src=\"https:\/\/blogger.googleusercontent.com\/img\/b\/R29vZ2xl\/AVvXsEjrDat3CCEBH6EH2dQ-6YwTQVVw-Ox4VDfXTFKnWNvx0921GgZQbhrjpKzL8xwjhRJxnaIrsQ5ohQSwSbL1LXKVTEHGkmK4JRUC6VYh1kRbrapGeXoRcPz0OD8UelyzICpdoyE3UDIkMeNdsEuzaaXonov50zhJYoV35GLtLgKpxpZS9Y_xO0bJbgWLhGE\/w400-h266\/IMG_7101.JPG\" width=\"400\" height=\"266\" border=\"0\" data-original-height=\"4000\" data-original-width=\"6000\" \/><\/a><\/div>\n<p style=\"text-align: justify;\">\n<p style=\"text-align: justify;\">Na segunda etapa, foi a vez dos visitantes empatarem ap\u00f3s cobran\u00e7a de escanteio. Aos 16 minutos, o camisa 02 Wellinton n\u00e3o desperdi\u00e7ou. Pouco tempo depois, aos 24 minutos, Silas colocaria os donos da casa novamente a frente no placar. O empate da Sele\u00e7\u00e3o de Patos s\u00f3 veio acontecer na reta final da partida, aos 42 minutos, com Renato.<\/p>\n<p style=\"text-align: justify;\">\n<div class=\"separator\" style=\"text-align: justify;\"><a href=\"https:\/\/blogger.googleusercontent.com\/img\/b\/R29vZ2xl\/AVvXsEgiWxSSZtukSDMOd4alHB9ESedqMMfG1smTYwy00RuTX0WLNnxP4_vp2QBJ8N2n0blsuFjUUkmAwwISFl-2vPr8DGR7B-qUwsY7c8bJUkon39or0ytHut7TkjDnRv5OEuyLAUiaQeEhDEm7CX60ZXuYqVmVeiEuukwDwvRTKepjIW4Sw_SkY77VpXrWofI\/s6000\/IMG_7367.JPG\"><img loading=\"lazy\" decoding=\"async\" src=\"https:\/\/blogger.googleusercontent.com\/img\/b\/R29vZ2xl\/AVvXsEgiWxSSZtukSDMOd4alHB9ESedqMMfG1smTYwy00RuTX0WLNnxP4_vp2QBJ8N2n0blsuFjUUkmAwwISFl-2vPr8DGR7B-qUwsY7c8bJUkon39or0ytHut7TkjDnRv5OEuyLAUiaQeEhDEm7CX60ZXuYqVmVeiEuukwDwvRTKepjIW4Sw_SkY77VpXrWofI\/w400-h266\/IMG_7367.JPG\" width=\"400\" height=\"266\" border=\"0\" data-original-height=\"4000\" data-original-width=\"6000\" \/><\/a><\/div>\n<p style=\"text-align: justify;\">\n<p style=\"text-align: justify;\">Com o empate deste domingo, a Sele\u00e7\u00e3o de Jacobina do Piau\u00ed segue na vice-lideran\u00e7a do Grupo C, somando 7 pontos. Na sequ\u00eancia, est\u00e1 a Sele\u00e7\u00e3o de Patos com 5 pontos. A l\u00edder do grupo \u00e9 a atual campe\u00e3 Caridade, que est\u00e1 com 10 pontos e invicta at\u00e9 aqui. Na lanterna do grupo aparece a Sele\u00e7\u00e3o de Curral Novo, que ainda n\u00e3o pontuou nesta Copa AMVI.<\/p>\n<p style=\"text-align: justify;\">\n<div class=\"separator\" style=\"text-align: justify;\"><a href=\"https:\/\/blogger.googleusercontent.com\/img\/b\/R29vZ2xl\/AVvXsEg7Acn58VG39dhb8UWBUmV0Mad1dG8Gxoq0tHaXg5ahGC8BoOggeOUDxUZBKzl2d70biS6h95J-Q4VPXcTCqtd-TPDGZi_CpmHbQg8HG8-hfNcBjlykRgCLl7x-178bFA_ysG4OL0RHEk9U5IePzemGlKOg1ODGf9-KJuKBMHm5tAwJlyb72Qv2NHBBryc\/s6000\/IMG_7256.JPG\"><img loading=\"lazy\" decoding=\"async\" src=\"https:\/\/blogger.googleusercontent.com\/img\/b\/R29vZ2xl\/AVvXsEg7Acn58VG39dhb8UWBUmV0Mad1dG8Gxoq0tHaXg5ahGC8BoOggeOUDxUZBKzl2d70biS6h95J-Q4VPXcTCqtd-TPDGZi_CpmHbQg8HG8-hfNcBjlykRgCLl7x-178bFA_ysG4OL0RHEk9U5IePzemGlKOg1ODGf9-KJuKBMHm5tAwJlyb72Qv2NHBBryc\/w400-h266\/IMG_7256.JPG\" width=\"400\" height=\"266\" border=\"0\" data-original-height=\"4000\" data-original-width=\"6000\" \/><\/a><\/div>\n<p style=\"text-align: justify;\">\n<p style=\"text-align: justify;\">\n<p style=\"text-align: justify;\">A Sele\u00e7\u00e3o de Jacobina do Piau\u00ed volta a campo no pr\u00f3ximo s\u00e1bado (02\/09\/2023), a partir das 15h30, contra a Sele\u00e7\u00e3o de Curral Novo, em partida fora de casa. J\u00e1 a Sele\u00e7\u00e3o de Patos viajar\u00e1 at\u00e9 Caridade do Piau\u00ed, para partida marcada \u00e0s 17h00.<\/p>\n<h3 style=\"text-align: justify;\"><b><a href=\"https:\/\/drive.google.com\/drive\/folders\/1qA--yhpuLb_uad3yKSOGin8zVC5NASsK?usp=sharing\" target=\"_blank\" rel=\"noopener\">CLIQUE AQUI E VEJA MAIS FOTOS DA PARTIDA<\/a><\/b><\/h3>\n<\/div>\n<div id=\"after-ad\">\n<div id=\"HTML6\" class=\"widget HTML\" data-version=\"2\">\n<div class=\"widget-title\">\n<h3 class=\"title\" style=\"text-align: justify;\">Fonte: Di\u00e1rio do Itaim<\/h3>\n<\/div>\n<\/div>\n<\/div>\n","protected":false},"excerpt":{"rendered":"<p>No final da tarde do \u00faltimo domingo (28\/08\/2023), a bola voltou a rolar no Est\u00e1dio Municipal de Jacobina do Piau\u00ed, em partida v\u00e1lida pela 4\u00aa rodada do Grupo C da Copa AMVI. Os donos da casa receberam a Sele\u00e7\u00e3o de Patos do Piau\u00ed, em jogo que terminou empatado por 2 a 2. A partida foi &hellip;<\/p>\n","protected":false},"author":2,"featured_media":48923,"comment_status":"open","ping_status":"open","sticky":false,"template":"","format":"standard","meta":{"content-type":"","rop_custom_images_group":[],"rop_custom_messages_group":[],"rop_publish_now":"initial","rop_publish_now_accounts":{"facebook_2648258775420054_1618374048415101":""},"rop_publish_now_history":[],"rop_publish_now_status":"pending","footnotes":"","_jetpack_memberships_contains_paid_content":false},"categories":[108],"tags":[1118,14213],"yoast_head":"<!-- This site is optimized with the Yoast SEO plugin v22.3 - https:\/\/yoast.com\/wordpress\/plugins\/seo\/ -->\n<title>Em noite de inaugura\u00e7\u00e3o da ilumina\u00e7\u00e3o do est\u00e1dio, Jacobina empata com Patos na 4\u00aa rodada da Copa AMVI - Portal NPM<\/title>\n<meta name=\"robots\" content=\"index, follow, max-snippet:-1, max-image-preview:large, max-video-preview:-1\" \/>\n<link rel=\"canonical\" href=\"https:\/\/portalnpm.com\/index.php\/2023\/08\/28\/em-noite-de-inauguracao-da-iluminacao-do-estadio-jacobina-empata-com-patos-na-4a-rodada-da-copa-amvi\/\" \/>\n<meta property=\"og:locale\" content=\"pt_BR\" \/>\n<meta property=\"og:type\" content=\"article\" \/>\n<meta property=\"og:title\" content=\"Em noite de inaugura\u00e7\u00e3o da ilumina\u00e7\u00e3o do est\u00e1dio, Jacobina empata com Patos na 4\u00aa rodada da Copa AMVI - Portal NPM\" \/>\n<meta property=\"og:description\" content=\"No final da tarde do \u00faltimo domingo (28\/08\/2023), a bola voltou a rolar no Est\u00e1dio Municipal de Jacobina do Piau\u00ed, em partida v\u00e1lida pela 4\u00aa rodada do Grupo C da Copa AMVI. Os donos da casa receberam a Sele\u00e7\u00e3o de Patos do Piau\u00ed, em jogo que terminou empatado por 2 a 2. A partida foi &hellip;\" \/>\n<meta property=\"og:url\" content=\"https:\/\/portalnpm.com\/index.php\/2023\/08\/28\/em-noite-de-inauguracao-da-iluminacao-do-estadio-jacobina-empata-com-patos-na-4a-rodada-da-copa-amvi\/\" \/>\n<meta property=\"og:site_name\" content=\"Portal NPM\" \/>\n<meta property=\"article:published_time\" content=\"2023-08-28T15:19:38+00:00\" \/>\n<meta name=\"author\" content=\"Genival Barbosa\" \/>\n<meta name=\"twitter:card\" content=\"summary_large_image\" \/>\n<meta name=\"twitter:label1\" content=\"Escrito por\" \/>\n\t<meta name=\"twitter:data1\" content=\"Genival Barbosa\" \/>\n\t<meta name=\"twitter:label2\" content=\"Est. tempo de leitura\" \/>\n\t<meta name=\"twitter:data2\" content=\"4 minutos\" \/>\n<script type=\"application\/ld+json\" class=\"yoast-schema-graph\">{\"@context\":\"https:\/\/schema.org\",\"@graph\":[{\"@type\":\"WebPage\",\"@id\":\"https:\/\/portalnpm.com\/index.php\/2023\/08\/28\/em-noite-de-inauguracao-da-iluminacao-do-estadio-jacobina-empata-com-patos-na-4a-rodada-da-copa-amvi\/\",\"url\":\"https:\/\/portalnpm.com\/index.php\/2023\/08\/28\/em-noite-de-inauguracao-da-iluminacao-do-estadio-jacobina-empata-com-patos-na-4a-rodada-da-copa-amvi\/\",\"name\":\"Em noite de inaugura\u00e7\u00e3o da ilumina\u00e7\u00e3o do est\u00e1dio, Jacobina empata com Patos na 4\u00aa rodada da Copa AMVI - Portal NPM\",\"isPartOf\":{\"@id\":\"https:\/\/portalnpm.com\/#website\"},\"primaryImageOfPage\":{\"@id\":\"https:\/\/portalnpm.com\/index.php\/2023\/08\/28\/em-noite-de-inauguracao-da-iluminacao-do-estadio-jacobina-empata-com-patos-na-4a-rodada-da-copa-amvi\/#primaryimage\"},\"image\":{\"@id\":\"https:\/\/portalnpm.com\/index.php\/2023\/08\/28\/em-noite-de-inauguracao-da-iluminacao-do-estadio-jacobina-empata-com-patos-na-4a-rodada-da-copa-amvi\/#primaryimage\"},\"thumbnailUrl\":\"\",\"datePublished\":\"2023-08-28T15:19:38+00:00\",\"dateModified\":\"2023-08-28T15:19:38+00:00\",\"author\":{\"@id\":\"https:\/\/portalnpm.com\/#\/schema\/person\/49313e563cfdefcc167f1ee4c017c294\"},\"breadcrumb\":{\"@id\":\"https:\/\/portalnpm.com\/index.php\/2023\/08\/28\/em-noite-de-inauguracao-da-iluminacao-do-estadio-jacobina-empata-com-patos-na-4a-rodada-da-copa-amvi\/#breadcrumb\"},\"inLanguage\":\"pt-BR\",\"potentialAction\":[{\"@type\":\"ReadAction\",\"target\":[\"https:\/\/portalnpm.com\/index.php\/2023\/08\/28\/em-noite-de-inauguracao-da-iluminacao-do-estadio-jacobina-empata-com-patos-na-4a-rodada-da-copa-amvi\/\"]}]},{\"@type\":\"ImageObject\",\"inLanguage\":\"pt-BR\",\"@id\":\"https:\/\/portalnpm.com\/index.php\/2023\/08\/28\/em-noite-de-inauguracao-da-iluminacao-do-estadio-jacobina-empata-com-patos-na-4a-rodada-da-copa-amvi\/#primaryimage\",\"url\":\"\",\"contentUrl\":\"\"},{\"@type\":\"BreadcrumbList\",\"@id\":\"https:\/\/portalnpm.com\/index.php\/2023\/08\/28\/em-noite-de-inauguracao-da-iluminacao-do-estadio-jacobina-empata-com-patos-na-4a-rodada-da-copa-amvi\/#breadcrumb\",\"itemListElement\":[{\"@type\":\"ListItem\",\"position\":1,\"name\":\"In\u00edcio\",\"item\":\"https:\/\/portalnpm.com\/\"},{\"@type\":\"ListItem\",\"position\":2,\"name\":\"Em noite de inaugura\u00e7\u00e3o da ilumina\u00e7\u00e3o do est\u00e1dio, Jacobina empata com Patos na 4\u00aa rodada da Copa AMVI\"}]},{\"@type\":\"WebSite\",\"@id\":\"https:\/\/portalnpm.com\/#website\",\"url\":\"https:\/\/portalnpm.com\/\",\"name\":\"Portal NPM\",\"description\":\"Not\u00edcias em Primeira M\u00e3o\",\"potentialAction\":[{\"@type\":\"SearchAction\",\"target\":{\"@type\":\"EntryPoint\",\"urlTemplate\":\"https:\/\/portalnpm.com\/?s={search_term_string}\"},\"query-input\":\"required name=search_term_string\"}],\"inLanguage\":\"pt-BR\"},{\"@type\":\"Person\",\"@id\":\"https:\/\/portalnpm.com\/#\/schema\/person\/49313e563cfdefcc167f1ee4c017c294\",\"name\":\"Genival Barbosa\",\"image\":{\"@type\":\"ImageObject\",\"inLanguage\":\"pt-BR\",\"@id\":\"https:\/\/portalnpm.com\/#\/schema\/person\/image\/\",\"url\":\"https:\/\/portalnpm.com\/wp-content\/uploads\/2024\/02\/avatar_user_2_1707743258-96x96.jpeg\",\"contentUrl\":\"https:\/\/portalnpm.com\/wp-content\/uploads\/2024\/02\/avatar_user_2_1707743258-96x96.jpeg\",\"caption\":\"Genival Barbosa\"},\"url\":\"https:\/\/portalnpm.com\/index.php\/author\/genival\/\"}]}<\/script>\n<!-- \/ Yoast SEO plugin. -->","yoast_head_json":{"title":"Em noite de inaugura\u00e7\u00e3o da ilumina\u00e7\u00e3o do est\u00e1dio, Jacobina empata com Patos na 4\u00aa rodada da Copa AMVI - Portal NPM","robots":{"index":"index","follow":"follow","max-snippet":"max-snippet:-1","max-image-preview":"max-image-preview:large","max-video-preview":"max-video-preview:-1"},"canonical":"https:\/\/portalnpm.com\/index.php\/2023\/08\/28\/em-noite-de-inauguracao-da-iluminacao-do-estadio-jacobina-empata-com-patos-na-4a-rodada-da-copa-amvi\/","og_locale":"pt_BR","og_type":"article","og_title":"Em noite de inaugura\u00e7\u00e3o da ilumina\u00e7\u00e3o do est\u00e1dio, Jacobina empata com Patos na 4\u00aa rodada da Copa AMVI - Portal NPM","og_description":"No final da tarde do \u00faltimo domingo (28\/08\/2023), a bola voltou a rolar no Est\u00e1dio Municipal de Jacobina do Piau\u00ed, em partida v\u00e1lida pela 4\u00aa rodada do Grupo C da Copa AMVI. Os donos da casa receberam a Sele\u00e7\u00e3o de Patos do Piau\u00ed, em jogo que terminou empatado por 2 a 2. A partida foi &hellip;","og_url":"https:\/\/portalnpm.com\/index.php\/2023\/08\/28\/em-noite-de-inauguracao-da-iluminacao-do-estadio-jacobina-empata-com-patos-na-4a-rodada-da-copa-amvi\/","og_site_name":"Portal NPM","article_published_time":"2023-08-28T15:19:38+00:00","author":"Genival Barbosa","twitter_card":"summary_large_image","twitter_misc":{"Escrito por":"Genival Barbosa","Est. tempo de leitura":"4 minutos"},"schema":{"@context":"https:\/\/schema.org","@graph":[{"@type":"WebPage","@id":"https:\/\/portalnpm.com\/index.php\/2023\/08\/28\/em-noite-de-inauguracao-da-iluminacao-do-estadio-jacobina-empata-com-patos-na-4a-rodada-da-copa-amvi\/","url":"https:\/\/portalnpm.com\/index.php\/2023\/08\/28\/em-noite-de-inauguracao-da-iluminacao-do-estadio-jacobina-empata-com-patos-na-4a-rodada-da-copa-amvi\/","name":"Em noite de inaugura\u00e7\u00e3o da ilumina\u00e7\u00e3o do est\u00e1dio, Jacobina empata com Patos na 4\u00aa rodada da Copa AMVI - Portal NPM","isPartOf":{"@id":"https:\/\/portalnpm.com\/#website"},"primaryImageOfPage":{"@id":"https:\/\/portalnpm.com\/index.php\/2023\/08\/28\/em-noite-de-inauguracao-da-iluminacao-do-estadio-jacobina-empata-com-patos-na-4a-rodada-da-copa-amvi\/#primaryimage"},"image":{"@id":"https:\/\/portalnpm.com\/index.php\/2023\/08\/28\/em-noite-de-inauguracao-da-iluminacao-do-estadio-jacobina-empata-com-patos-na-4a-rodada-da-copa-amvi\/#primaryimage"},"thumbnailUrl":"","datePublished":"2023-08-28T15:19:38+00:00","dateModified":"2023-08-28T15:19:38+00:00","author":{"@id":"https:\/\/portalnpm.com\/#\/schema\/person\/49313e563cfdefcc167f1ee4c017c294"},"breadcrumb":{"@id":"https:\/\/portalnpm.com\/index.php\/2023\/08\/28\/em-noite-de-inauguracao-da-iluminacao-do-estadio-jacobina-empata-com-patos-na-4a-rodada-da-copa-amvi\/#breadcrumb"},"inLanguage":"pt-BR","potentialAction":[{"@type":"ReadAction","target":["https:\/\/portalnpm.com\/index.php\/2023\/08\/28\/em-noite-de-inauguracao-da-iluminacao-do-estadio-jacobina-empata-com-patos-na-4a-rodada-da-copa-amvi\/"]}]},{"@type":"ImageObject","inLanguage":"pt-BR","@id":"https:\/\/portalnpm.com\/index.php\/2023\/08\/28\/em-noite-de-inauguracao-da-iluminacao-do-estadio-jacobina-empata-com-patos-na-4a-rodada-da-copa-amvi\/#primaryimage","url":"","contentUrl":""},{"@type":"BreadcrumbList","@id":"https:\/\/portalnpm.com\/index.php\/2023\/08\/28\/em-noite-de-inauguracao-da-iluminacao-do-estadio-jacobina-empata-com-patos-na-4a-rodada-da-copa-amvi\/#breadcrumb","itemListElement":[{"@type":"ListItem","position":1,"name":"In\u00edcio","item":"https:\/\/portalnpm.com\/"},{"@type":"ListItem","position":2,"name":"Em noite de inaugura\u00e7\u00e3o da ilumina\u00e7\u00e3o do est\u00e1dio, Jacobina empata com Patos na 4\u00aa rodada da Copa AMVI"}]},{"@type":"WebSite","@id":"https:\/\/portalnpm.com\/#website","url":"https:\/\/portalnpm.com\/","name":"Portal NPM","description":"Not\u00edcias em Primeira M\u00e3o","potentialAction":[{"@type":"SearchAction","target":{"@type":"EntryPoint","urlTemplate":"https:\/\/portalnpm.com\/?s={search_term_string}"},"query-input":"required name=search_term_string"}],"inLanguage":"pt-BR"},{"@type":"Person","@id":"https:\/\/portalnpm.com\/#\/schema\/person\/49313e563cfdefcc167f1ee4c017c294","name":"Genival Barbosa","image":{"@type":"ImageObject","inLanguage":"pt-BR","@id":"https:\/\/portalnpm.com\/#\/schema\/person\/image\/","url":"https:\/\/portalnpm.com\/wp-content\/uploads\/2024\/02\/avatar_user_2_1707743258-96x96.jpeg","contentUrl":"https:\/\/portalnpm.com\/wp-content\/uploads\/2024\/02\/avatar_user_2_1707743258-96x96.jpeg","caption":"Genival Barbosa"},"url":"https:\/\/portalnpm.com\/index.php\/author\/genival\/"}]}},"jetpack_sharing_enabled":true,"jetpack_featured_media_url":"","_links":{"self":[{"href":"https:\/\/portalnpm.com\/index.php\/wp-json\/wp\/v2\/posts\/48922"}],"collection":[{"href":"https:\/\/portalnpm.com\/index.php\/wp-json\/wp\/v2\/posts"}],"about":[{"href":"https:\/\/portalnpm.com\/index.php\/wp-json\/wp\/v2\/types\/post"}],"author":[{"embeddable":true,"href":"https:\/\/portalnpm.com\/index.php\/wp-json\/wp\/v2\/users\/2"}],"replies":[{"embeddable":true,"href":"https:\/\/portalnpm.com\/index.php\/wp-json\/wp\/v2\/comments?post=48922"}],"version-history":[{"count":0,"href":"https:\/\/portalnpm.com\/index.php\/wp-json\/wp\/v2\/posts\/48922\/revisions"}],"wp:featuredmedia":[{"embeddable":true,"href":"https:\/\/portalnpm.com\/index.php\/wp-json\/"}],"wp:attachment":[{"href":"https:\/\/portalnpm.com\/index.php\/wp-json\/wp\/v2\/media?parent=48922"}],"wp:term":[{"taxonomy":"category","embeddable":true,"href":"https:\/\/portalnpm.com\/index.php\/wp-json\/wp\/v2\/categories?post=48922"},{"taxonomy":"post_tag","embeddable":true,"href":"https:\/\/portalnpm.com\/index.php\/wp-json\/wp\/v2\/tags?post=48922"}],"curies":[{"name":"wp","href":"https:\/\/api.w.org\/{rel}","templated":true}]}}