{"id":48925,"date":"2023-08-28T12:26:17","date_gmt":"2023-08-28T15:26:17","guid":{"rendered":"https:\/\/portalnpm.com\/?p=48925"},"modified":"2023-08-28T12:26:17","modified_gmt":"2023-08-28T15:26:17","slug":"marcolandia-vence-francisco-macedo-fora-de-casa-e-mantem-lideranca-do-grupo-d-na-ii-copa-amvi","status":"publish","type":"post","link":"https:\/\/portalnpm.com\/index.php\/2023\/08\/28\/marcolandia-vence-francisco-macedo-fora-de-casa-e-mantem-lideranca-do-grupo-d-na-ii-copa-amvi\/","title":{"rendered":"Marcol\u00e2ndia vence Francisco Macedo fora de casa e mant\u00e9m lideran\u00e7a do Grupo D na II Copa AMVI"},"content":{"rendered":"<div class=\"td_block_wrap tdb_single_featured_image tdi_113 tdb-content-horiz-left td-pb-border-top td_block_template_1\" data-td-block-uid=\"tdi_113\">\n<div class=\"tdb-block-inner td-fix-index\" style=\"text-align: justify;\"><\/div>\n<\/div>\n<div class=\"td_block_wrap tdb_single_content tdi_115 td-pb-border-top td_block_template_1 td-post-content tagdiv-type\" style=\"text-align: justify;\" data-td-block-uid=\"tdi_115\">\n<div class=\"tdb-block-inner td-fix-index\">\n<p>Em um emocionante confronto v\u00e1lido pela quarta rodada da fase de grupos da II Copa da Associa\u00e7\u00e3o dos Munic\u00edpios do Vale do Itaim (AMVI), as sele\u00e7\u00f5es de Francisco Macedo e Marcol\u00e2ndia se enfrentaram no Est\u00e1dio Municipal Jo\u00e3o Pedro Delfino, localizado em Francisco Macedo.<\/p>\n<p>&nbsp;<\/p>\n<p>A partida, que atraiu uma multid\u00e3o de torcedores apaixonados e diversas autoridades regionais, incluindo os prefeitos de Francisco Macedo, Novim, e de Marcol\u00e2ndia, Dr. Corinto Matos, proporcionou momentos de grande intensidade e rivalidade esportiva.<\/p>\n<p><img fetchpriority=\"high\" decoding=\"async\" class=\"alignnone size-full wp-image-427654 lazyloaded\" src=\"https:\/\/infonewss.com\/wp-content\/uploads\/2023\/08\/Marcolandia-vence-Francisco-Macedo-fora-de-casa-e-mantem-lideranca-do-Grupo-D-na-II-Copa-AMVI-DSC_0086.jpg\" sizes=\"(max-width: 900px) 100vw, 900px\" srcset=\"https:\/\/infonewss.com\/wp-content\/uploads\/2023\/08\/Marcolandia-vence-Francisco-Macedo-fora-de-casa-e-mantem-lideranca-do-Grupo-D-na-II-Copa-AMVI-DSC_0086.jpg 900w, https:\/\/infonewss.com\/wp-content\/uploads\/2023\/08\/Marcolandia-vence-Francisco-Macedo-fora-de-casa-e-mantem-lideranca-do-Grupo-D-na-II-Copa-AMVI-DSC_0086-300x200.jpg 300w, https:\/\/infonewss.com\/wp-content\/uploads\/2023\/08\/Marcolandia-vence-Francisco-Macedo-fora-de-casa-e-mantem-lideranca-do-Grupo-D-na-II-Copa-AMVI-DSC_0086-768x512.jpg 768w, https:\/\/infonewss.com\/wp-content\/uploads\/2023\/08\/Marcolandia-vence-Francisco-Macedo-fora-de-casa-e-mantem-lideranca-do-Grupo-D-na-II-Copa-AMVI-DSC_0086-150x100.jpg 150w, https:\/\/infonewss.com\/wp-content\/uploads\/2023\/08\/Marcolandia-vence-Francisco-Macedo-fora-de-casa-e-mantem-lideranca-do-Grupo-D-na-II-Copa-AMVI-DSC_0086-696x464.jpg 696w\" alt=\"\" width=\"900\" height=\"600\" data-srcset=\"https:\/\/infonewss.com\/wp-content\/uploads\/2023\/08\/Marcolandia-vence-Francisco-Macedo-fora-de-casa-e-mantem-lideranca-do-Grupo-D-na-II-Copa-AMVI-DSC_0086.jpg 900w, https:\/\/infonewss.com\/wp-content\/uploads\/2023\/08\/Marcolandia-vence-Francisco-Macedo-fora-de-casa-e-mantem-lideranca-do-Grupo-D-na-II-Copa-AMVI-DSC_0086-300x200.jpg 300w, https:\/\/infonewss.com\/wp-content\/uploads\/2023\/08\/Marcolandia-vence-Francisco-Macedo-fora-de-casa-e-mantem-lideranca-do-Grupo-D-na-II-Copa-AMVI-DSC_0086-768x512.jpg 768w, https:\/\/infonewss.com\/wp-content\/uploads\/2023\/08\/Marcolandia-vence-Francisco-Macedo-fora-de-casa-e-mantem-lideranca-do-Grupo-D-na-II-Copa-AMVI-DSC_0086-150x100.jpg 150w, https:\/\/infonewss.com\/wp-content\/uploads\/2023\/08\/Marcolandia-vence-Francisco-Macedo-fora-de-casa-e-mantem-lideranca-do-Grupo-D-na-II-Copa-AMVI-DSC_0086-696x464.jpg 696w\" data-src=\"https:\/\/infonewss.com\/wp-content\/uploads\/2023\/08\/Marcolandia-vence-Francisco-Macedo-fora-de-casa-e-mantem-lideranca-do-Grupo-D-na-II-Copa-AMVI-DSC_0086.jpg\" data-sizes=\"(max-width: 900px) 100vw, 900px\" \/><\/p>\n<p>O duelo direto entre as equipes come\u00e7ou com uma grande intensidade desde o apito inicial. Francisco Macedo demonstrou efici\u00eancia e abriu o placar com um belo gol de cabe\u00e7a de Valdiram, que chutou de fora da \u00e1rea e acertou o \u00e2ngulo advers\u00e1rio.<\/p>\n<p><img decoding=\"async\" class=\"alignnone size-full wp-image-427639 lazyload\" src=\"data:image\/gif;base64,R0lGODlhAQABAAAAACH5BAEKAAEALAAAAAABAAEAAAICTAEAOw==\" alt=\"\" width=\"900\" height=\"600\" data-srcset=\"https:\/\/infonewss.com\/wp-content\/uploads\/2023\/08\/Marcolandia-vence-Francisco-Macedo-fora-de-casa-e-mantem-lideranca-do-Grupo-D-na-II-Copa-AMVI-DSC_0068.jpg 900w, https:\/\/infonewss.com\/wp-content\/uploads\/2023\/08\/Marcolandia-vence-Francisco-Macedo-fora-de-casa-e-mantem-lideranca-do-Grupo-D-na-II-Copa-AMVI-DSC_0068-300x200.jpg 300w, https:\/\/infonewss.com\/wp-content\/uploads\/2023\/08\/Marcolandia-vence-Francisco-Macedo-fora-de-casa-e-mantem-lideranca-do-Grupo-D-na-II-Copa-AMVI-DSC_0068-768x512.jpg 768w, https:\/\/infonewss.com\/wp-content\/uploads\/2023\/08\/Marcolandia-vence-Francisco-Macedo-fora-de-casa-e-mantem-lideranca-do-Grupo-D-na-II-Copa-AMVI-DSC_0068-150x100.jpg 150w, https:\/\/infonewss.com\/wp-content\/uploads\/2023\/08\/Marcolandia-vence-Francisco-Macedo-fora-de-casa-e-mantem-lideranca-do-Grupo-D-na-II-Copa-AMVI-DSC_0068-696x464.jpg 696w\" data-src=\"https:\/\/infonewss.com\/wp-content\/uploads\/2023\/08\/Marcolandia-vence-Francisco-Macedo-fora-de-casa-e-mantem-lideranca-do-Grupo-D-na-II-Copa-AMVI-DSC_0068.jpg\" data-sizes=\"(max-width: 900px) 100vw, 900px\" \/><\/p>\n<p>Apesar de estar atr\u00e1s no placar, a equipe de Marcol\u00e2ndia n\u00e3o se abateu e, com determina\u00e7\u00e3o, passou a dominar a partida. A virada veio com dois gols em jogadas a\u00e9reas. Primeiro, Miguel recebeu sozinho na \u00e1rea e cabeceou para o gol, igualando o placar.<\/p>\n<p><img decoding=\"async\" class=\"alignnone size-full wp-image-427645 lazyload\" src=\"data:image\/gif;base64,R0lGODlhAQABAAAAACH5BAEKAAEALAAAAAABAAEAAAICTAEAOw==\" alt=\"\" width=\"900\" height=\"600\" data-srcset=\"https:\/\/infonewss.com\/wp-content\/uploads\/2023\/08\/Marcolandia-vence-Francisco-Macedo-fora-de-casa-e-mantem-lideranca-do-Grupo-D-na-II-Copa-AMVI-DSC_0074.jpg 900w, https:\/\/infonewss.com\/wp-content\/uploads\/2023\/08\/Marcolandia-vence-Francisco-Macedo-fora-de-casa-e-mantem-lideranca-do-Grupo-D-na-II-Copa-AMVI-DSC_0074-300x200.jpg 300w, https:\/\/infonewss.com\/wp-content\/uploads\/2023\/08\/Marcolandia-vence-Francisco-Macedo-fora-de-casa-e-mantem-lideranca-do-Grupo-D-na-II-Copa-AMVI-DSC_0074-768x512.jpg 768w, https:\/\/infonewss.com\/wp-content\/uploads\/2023\/08\/Marcolandia-vence-Francisco-Macedo-fora-de-casa-e-mantem-lideranca-do-Grupo-D-na-II-Copa-AMVI-DSC_0074-150x100.jpg 150w, https:\/\/infonewss.com\/wp-content\/uploads\/2023\/08\/Marcolandia-vence-Francisco-Macedo-fora-de-casa-e-mantem-lideranca-do-Grupo-D-na-II-Copa-AMVI-DSC_0074-696x464.jpg 696w\" data-src=\"https:\/\/infonewss.com\/wp-content\/uploads\/2023\/08\/Marcolandia-vence-Francisco-Macedo-fora-de-casa-e-mantem-lideranca-do-Grupo-D-na-II-Copa-AMVI-DSC_0074.jpg\" data-sizes=\"(max-width: 900px) 100vw, 900px\" \/><\/p>\n<p>Poucos minutos depois, Daniel se posicionou bem e, com um cabeceio preciso, virou o jogo para Marcol\u00e2ndia.<\/p>\n<p><img loading=\"lazy\" decoding=\"async\" class=\"alignnone size-full wp-image-427692 lazyload\" src=\"data:image\/gif;base64,R0lGODlhAQABAAAAACH5BAEKAAEALAAAAAABAAEAAAICTAEAOw==\" alt=\"\" width=\"900\" height=\"600\" data-srcset=\"https:\/\/infonewss.com\/wp-content\/uploads\/2023\/08\/Marcolandia-vence-Francisco-Macedo-fora-de-casa-e-mantem-lideranca-do-Grupo-D-na-II-Copa-AMVI-IMG_6674.jpg 900w, https:\/\/infonewss.com\/wp-content\/uploads\/2023\/08\/Marcolandia-vence-Francisco-Macedo-fora-de-casa-e-mantem-lideranca-do-Grupo-D-na-II-Copa-AMVI-IMG_6674-300x200.jpg 300w, https:\/\/infonewss.com\/wp-content\/uploads\/2023\/08\/Marcolandia-vence-Francisco-Macedo-fora-de-casa-e-mantem-lideranca-do-Grupo-D-na-II-Copa-AMVI-IMG_6674-768x512.jpg 768w, https:\/\/infonewss.com\/wp-content\/uploads\/2023\/08\/Marcolandia-vence-Francisco-Macedo-fora-de-casa-e-mantem-lideranca-do-Grupo-D-na-II-Copa-AMVI-IMG_6674-150x100.jpg 150w, https:\/\/infonewss.com\/wp-content\/uploads\/2023\/08\/Marcolandia-vence-Francisco-Macedo-fora-de-casa-e-mantem-lideranca-do-Grupo-D-na-II-Copa-AMVI-IMG_6674-696x464.jpg 696w\" data-src=\"https:\/\/infonewss.com\/wp-content\/uploads\/2023\/08\/Marcolandia-vence-Francisco-Macedo-fora-de-casa-e-mantem-lideranca-do-Grupo-D-na-II-Copa-AMVI-IMG_6674.jpg\" data-sizes=\"(max-width: 900px) 100vw, 900px\" \/><\/p>\n<p>Na etapa complementar, ambas as equipes travaram um grande embate, criando chances de gol, mas n\u00e3o conseguiram balan\u00e7ar as redes novamente. O resultado da partida foi de 2 a 1 para a sele\u00e7\u00e3o de Marcol\u00e2ndia.<\/p>\n<p><img loading=\"lazy\" decoding=\"async\" class=\"alignnone size-full wp-image-427636 lazyload\" src=\"data:image\/gif;base64,R0lGODlhAQABAAAAACH5BAEKAAEALAAAAAABAAEAAAICTAEAOw==\" alt=\"\" width=\"900\" height=\"600\" data-srcset=\"https:\/\/infonewss.com\/wp-content\/uploads\/2023\/08\/Marcolandia-vence-Francisco-Macedo-fora-de-casa-e-mantem-lideranca-do-Grupo-D-na-II-Copa-AMVI-DSC_0065.jpg 900w, https:\/\/infonewss.com\/wp-content\/uploads\/2023\/08\/Marcolandia-vence-Francisco-Macedo-fora-de-casa-e-mantem-lideranca-do-Grupo-D-na-II-Copa-AMVI-DSC_0065-300x200.jpg 300w, https:\/\/infonewss.com\/wp-content\/uploads\/2023\/08\/Marcolandia-vence-Francisco-Macedo-fora-de-casa-e-mantem-lideranca-do-Grupo-D-na-II-Copa-AMVI-DSC_0065-768x512.jpg 768w, https:\/\/infonewss.com\/wp-content\/uploads\/2023\/08\/Marcolandia-vence-Francisco-Macedo-fora-de-casa-e-mantem-lideranca-do-Grupo-D-na-II-Copa-AMVI-DSC_0065-150x100.jpg 150w, https:\/\/infonewss.com\/wp-content\/uploads\/2023\/08\/Marcolandia-vence-Francisco-Macedo-fora-de-casa-e-mantem-lideranca-do-Grupo-D-na-II-Copa-AMVI-DSC_0065-696x464.jpg 696w\" data-src=\"https:\/\/infonewss.com\/wp-content\/uploads\/2023\/08\/Marcolandia-vence-Francisco-Macedo-fora-de-casa-e-mantem-lideranca-do-Grupo-D-na-II-Copa-AMVI-DSC_0065.jpg\" data-sizes=\"(max-width: 900px) 100vw, 900px\" \/><\/p>\n<p>Com essa vit\u00f3ria crucial fora de casa, Marcol\u00e2ndia mant\u00e9m a lideran\u00e7a do Grupo D da II Copa AMVI, somando agora 8 pontos. Sim\u00f5es vem logo atr\u00e1s com 7 pontos, enquanto Francisco Macedo tem 4, e Caldeir\u00e3o Grande 3 pontos.<\/p>\n<p><img loading=\"lazy\" decoding=\"async\" class=\"alignnone size-full wp-image-427630 lazyload\" src=\"data:image\/gif;base64,R0lGODlhAQABAAAAACH5BAEKAAEALAAAAAABAAEAAAICTAEAOw==\" alt=\"\" width=\"900\" height=\"600\" data-srcset=\"https:\/\/infonewss.com\/wp-content\/uploads\/2023\/08\/Marcolandia-vence-Francisco-Macedo-fora-de-casa-e-mantem-lideranca-do-Grupo-D-na-II-Copa-AMVI-DSC_0055.jpg 900w, https:\/\/infonewss.com\/wp-content\/uploads\/2023\/08\/Marcolandia-vence-Francisco-Macedo-fora-de-casa-e-mantem-lideranca-do-Grupo-D-na-II-Copa-AMVI-DSC_0055-300x200.jpg 300w, https:\/\/infonewss.com\/wp-content\/uploads\/2023\/08\/Marcolandia-vence-Francisco-Macedo-fora-de-casa-e-mantem-lideranca-do-Grupo-D-na-II-Copa-AMVI-DSC_0055-768x512.jpg 768w, https:\/\/infonewss.com\/wp-content\/uploads\/2023\/08\/Marcolandia-vence-Francisco-Macedo-fora-de-casa-e-mantem-lideranca-do-Grupo-D-na-II-Copa-AMVI-DSC_0055-150x100.jpg 150w, https:\/\/infonewss.com\/wp-content\/uploads\/2023\/08\/Marcolandia-vence-Francisco-Macedo-fora-de-casa-e-mantem-lideranca-do-Grupo-D-na-II-Copa-AMVI-DSC_0055-696x464.jpg 696w\" data-src=\"https:\/\/infonewss.com\/wp-content\/uploads\/2023\/08\/Marcolandia-vence-Francisco-Macedo-fora-de-casa-e-mantem-lideranca-do-Grupo-D-na-II-Copa-AMVI-DSC_0055.jpg\" data-sizes=\"(max-width: 900px) 100vw, 900px\" \/><\/p>\n<p>Mais fotos;<\/p>\n<div id=\"gallery-1\" class=\"gallery galleryid-427589 gallery-columns-2 gallery-size-medium\">\n<figure class=\"gallery-item\">\n<div class=\"gallery-icon landscape\"><a href=\"https:\/\/infonewss.com\/wp-content\/uploads\/2023\/08\/Marcolandia-vence-Francisco-Macedo-fora-de-casa-e-mantem-lideranca-do-Grupo-D-na-II-Copa-AMVI-DSC_0003.jpg\"><img loading=\"lazy\" decoding=\"async\" class=\"attachment-medium size-medium lazyload\" src=\"data:image\/gif;base64,R0lGODlhAQABAAAAACH5BAEKAAEALAAAAAABAAEAAAICTAEAOw==\" alt=\"\" width=\"300\" height=\"200\" data-srcset=\"https:\/\/infonewss.com\/wp-content\/uploads\/2023\/08\/Marcolandia-vence-Francisco-Macedo-fora-de-casa-e-mantem-lideranca-do-Grupo-D-na-II-Copa-AMVI-DSC_0003-300x200.jpg 300w, https:\/\/infonewss.com\/wp-content\/uploads\/2023\/08\/Marcolandia-vence-Francisco-Macedo-fora-de-casa-e-mantem-lideranca-do-Grupo-D-na-II-Copa-AMVI-DSC_0003-768x512.jpg 768w, https:\/\/infonewss.com\/wp-content\/uploads\/2023\/08\/Marcolandia-vence-Francisco-Macedo-fora-de-casa-e-mantem-lideranca-do-Grupo-D-na-II-Copa-AMVI-DSC_0003-150x100.jpg 150w, https:\/\/infonewss.com\/wp-content\/uploads\/2023\/08\/Marcolandia-vence-Francisco-Macedo-fora-de-casa-e-mantem-lideranca-do-Grupo-D-na-II-Copa-AMVI-DSC_0003-696x464.jpg 696w, https:\/\/infonewss.com\/wp-content\/uploads\/2023\/08\/Marcolandia-vence-Francisco-Macedo-fora-de-casa-e-mantem-lideranca-do-Grupo-D-na-II-Copa-AMVI-DSC_0003.jpg 900w\" data-src=\"https:\/\/infonewss.com\/wp-content\/uploads\/2023\/08\/Marcolandia-vence-Francisco-Macedo-fora-de-casa-e-mantem-lideranca-do-Grupo-D-na-II-Copa-AMVI-DSC_0003-300x200.jpg\" data-sizes=\"(max-width: 300px) 100vw, 300px\" \/><\/a><\/div>\n<\/figure>\n<figure class=\"gallery-item\">\n<div class=\"gallery-icon landscape\"><a href=\"https:\/\/infonewss.com\/wp-content\/uploads\/2023\/08\/Marcolandia-vence-Francisco-Macedo-fora-de-casa-e-mantem-lideranca-do-Grupo-D-na-II-Copa-AMVI-DSC_0005.jpg\"><img loading=\"lazy\" decoding=\"async\" class=\"attachment-medium size-medium lazyload\" src=\"data:image\/gif;base64,R0lGODlhAQABAAAAACH5BAEKAAEALAAAAAABAAEAAAICTAEAOw==\" alt=\"\" width=\"300\" height=\"200\" data-srcset=\"https:\/\/infonewss.com\/wp-content\/uploads\/2023\/08\/Marcolandia-vence-Francisco-Macedo-fora-de-casa-e-mantem-lideranca-do-Grupo-D-na-II-Copa-AMVI-DSC_0005-300x200.jpg 300w, https:\/\/infonewss.com\/wp-content\/uploads\/2023\/08\/Marcolandia-vence-Francisco-Macedo-fora-de-casa-e-mantem-lideranca-do-Grupo-D-na-II-Copa-AMVI-DSC_0005-768x512.jpg 768w, https:\/\/infonewss.com\/wp-content\/uploads\/2023\/08\/Marcolandia-vence-Francisco-Macedo-fora-de-casa-e-mantem-lideranca-do-Grupo-D-na-II-Copa-AMVI-DSC_0005-150x100.jpg 150w, https:\/\/infonewss.com\/wp-content\/uploads\/2023\/08\/Marcolandia-vence-Francisco-Macedo-fora-de-casa-e-mantem-lideranca-do-Grupo-D-na-II-Copa-AMVI-DSC_0005-696x464.jpg 696w, https:\/\/infonewss.com\/wp-content\/uploads\/2023\/08\/Marcolandia-vence-Francisco-Macedo-fora-de-casa-e-mantem-lideranca-do-Grupo-D-na-II-Copa-AMVI-DSC_0005.jpg 900w\" data-src=\"https:\/\/infonewss.com\/wp-content\/uploads\/2023\/08\/Marcolandia-vence-Francisco-Macedo-fora-de-casa-e-mantem-lideranca-do-Grupo-D-na-II-Copa-AMVI-DSC_0005-300x200.jpg\" data-sizes=\"(max-width: 300px) 100vw, 300px\" \/><\/a><\/div>\n<\/figure>\n<figure class=\"gallery-item\">\n<div class=\"gallery-icon landscape\"><a href=\"https:\/\/infonewss.com\/wp-content\/uploads\/2023\/08\/Marcolandia-vence-Francisco-Macedo-fora-de-casa-e-mantem-lideranca-do-Grupo-D-na-II-Copa-AMVI-DSC_0008.jpg\"><img loading=\"lazy\" decoding=\"async\" class=\"attachment-medium size-medium lazyload\" src=\"data:image\/gif;base64,R0lGODlhAQABAAAAACH5BAEKAAEALAAAAAABAAEAAAICTAEAOw==\" alt=\"\" width=\"300\" height=\"200\" data-srcset=\"https:\/\/infonewss.com\/wp-content\/uploads\/2023\/08\/Marcolandia-vence-Francisco-Macedo-fora-de-casa-e-mantem-lideranca-do-Grupo-D-na-II-Copa-AMVI-DSC_0008-300x200.jpg 300w, https:\/\/infonewss.com\/wp-content\/uploads\/2023\/08\/Marcolandia-vence-Francisco-Macedo-fora-de-casa-e-mantem-lideranca-do-Grupo-D-na-II-Copa-AMVI-DSC_0008-768x512.jpg 768w, https:\/\/infonewss.com\/wp-content\/uploads\/2023\/08\/Marcolandia-vence-Francisco-Macedo-fora-de-casa-e-mantem-lideranca-do-Grupo-D-na-II-Copa-AMVI-DSC_0008-150x100.jpg 150w, https:\/\/infonewss.com\/wp-content\/uploads\/2023\/08\/Marcolandia-vence-Francisco-Macedo-fora-de-casa-e-mantem-lideranca-do-Grupo-D-na-II-Copa-AMVI-DSC_0008-696x464.jpg 696w, https:\/\/infonewss.com\/wp-content\/uploads\/2023\/08\/Marcolandia-vence-Francisco-Macedo-fora-de-casa-e-mantem-lideranca-do-Grupo-D-na-II-Copa-AMVI-DSC_0008.jpg 900w\" data-src=\"https:\/\/infonewss.com\/wp-content\/uploads\/2023\/08\/Marcolandia-vence-Francisco-Macedo-fora-de-casa-e-mantem-lideranca-do-Grupo-D-na-II-Copa-AMVI-DSC_0008-300x200.jpg\" data-sizes=\"(max-width: 300px) 100vw, 300px\" \/><\/a><\/div>\n<\/figure>\n<figure class=\"gallery-item\">\n<div class=\"gallery-icon landscape\"><a href=\"https:\/\/infonewss.com\/wp-content\/uploads\/2023\/08\/Marcolandia-vence-Francisco-Macedo-fora-de-casa-e-mantem-lideranca-do-Grupo-D-na-II-Copa-AMVI-DSC_0009.jpg\"><img loading=\"lazy\" decoding=\"async\" class=\"attachment-medium size-medium lazyload\" src=\"data:image\/gif;base64,R0lGODlhAQABAAAAACH5BAEKAAEALAAAAAABAAEAAAICTAEAOw==\" alt=\"\" width=\"300\" height=\"200\" data-srcset=\"https:\/\/infonewss.com\/wp-content\/uploads\/2023\/08\/Marcolandia-vence-Francisco-Macedo-fora-de-casa-e-mantem-lideranca-do-Grupo-D-na-II-Copa-AMVI-DSC_0009-300x200.jpg 300w, https:\/\/infonewss.com\/wp-content\/uploads\/2023\/08\/Marcolandia-vence-Francisco-Macedo-fora-de-casa-e-mantem-lideranca-do-Grupo-D-na-II-Copa-AMVI-DSC_0009-768x512.jpg 768w, https:\/\/infonewss.com\/wp-content\/uploads\/2023\/08\/Marcolandia-vence-Francisco-Macedo-fora-de-casa-e-mantem-lideranca-do-Grupo-D-na-II-Copa-AMVI-DSC_0009-150x100.jpg 150w, https:\/\/infonewss.com\/wp-content\/uploads\/2023\/08\/Marcolandia-vence-Francisco-Macedo-fora-de-casa-e-mantem-lideranca-do-Grupo-D-na-II-Copa-AMVI-DSC_0009-696x464.jpg 696w, https:\/\/infonewss.com\/wp-content\/uploads\/2023\/08\/Marcolandia-vence-Francisco-Macedo-fora-de-casa-e-mantem-lideranca-do-Grupo-D-na-II-Copa-AMVI-DSC_0009.jpg 900w\" data-src=\"https:\/\/infonewss.com\/wp-content\/uploads\/2023\/08\/Marcolandia-vence-Francisco-Macedo-fora-de-casa-e-mantem-lideranca-do-Grupo-D-na-II-Copa-AMVI-DSC_0009-300x200.jpg\" data-sizes=\"(max-width: 300px) 100vw, 300px\" \/><\/a><\/div>\n<\/figure>\n<figure class=\"gallery-item\">\n<div class=\"gallery-icon landscape\"><a href=\"https:\/\/infonewss.com\/wp-content\/uploads\/2023\/08\/Marcolandia-vence-Francisco-Macedo-fora-de-casa-e-mantem-lideranca-do-Grupo-D-na-II-Copa-AMVI-DSC_0010.jpg\"><img loading=\"lazy\" decoding=\"async\" class=\"attachment-medium size-medium lazyload\" src=\"data:image\/gif;base64,R0lGODlhAQABAAAAACH5BAEKAAEALAAAAAABAAEAAAICTAEAOw==\" alt=\"\" width=\"300\" height=\"200\" data-srcset=\"https:\/\/infonewss.com\/wp-content\/uploads\/2023\/08\/Marcolandia-vence-Francisco-Macedo-fora-de-casa-e-mantem-lideranca-do-Grupo-D-na-II-Copa-AMVI-DSC_0010-300x200.jpg 300w, https:\/\/infonewss.com\/wp-content\/uploads\/2023\/08\/Marcolandia-vence-Francisco-Macedo-fora-de-casa-e-mantem-lideranca-do-Grupo-D-na-II-Copa-AMVI-DSC_0010-768x512.jpg 768w, https:\/\/infonewss.com\/wp-content\/uploads\/2023\/08\/Marcolandia-vence-Francisco-Macedo-fora-de-casa-e-mantem-lideranca-do-Grupo-D-na-II-Copa-AMVI-DSC_0010-150x100.jpg 150w, https:\/\/infonewss.com\/wp-content\/uploads\/2023\/08\/Marcolandia-vence-Francisco-Macedo-fora-de-casa-e-mantem-lideranca-do-Grupo-D-na-II-Copa-AMVI-DSC_0010-696x464.jpg 696w, https:\/\/infonewss.com\/wp-content\/uploads\/2023\/08\/Marcolandia-vence-Francisco-Macedo-fora-de-casa-e-mantem-lideranca-do-Grupo-D-na-II-Copa-AMVI-DSC_0010.jpg 900w\" data-src=\"https:\/\/infonewss.com\/wp-content\/uploads\/2023\/08\/Marcolandia-vence-Francisco-Macedo-fora-de-casa-e-mantem-lideranca-do-Grupo-D-na-II-Copa-AMVI-DSC_0010-300x200.jpg\" data-sizes=\"(max-width: 300px) 100vw, 300px\" \/><\/a><\/div>\n<\/figure>\n<figure class=\"gallery-item\">\n<div class=\"gallery-icon landscape\"><a href=\"https:\/\/infonewss.com\/wp-content\/uploads\/2023\/08\/Marcolandia-vence-Francisco-Macedo-fora-de-casa-e-mantem-lideranca-do-Grupo-D-na-II-Copa-AMVI-DSC_0011.jpg\"><img loading=\"lazy\" decoding=\"async\" class=\"attachment-medium size-medium lazyload\" src=\"data:image\/gif;base64,R0lGODlhAQABAAAAACH5BAEKAAEALAAAAAABAAEAAAICTAEAOw==\" alt=\"\" width=\"300\" height=\"200\" data-srcset=\"https:\/\/infonewss.com\/wp-content\/uploads\/2023\/08\/Marcolandia-vence-Francisco-Macedo-fora-de-casa-e-mantem-lideranca-do-Grupo-D-na-II-Copa-AMVI-DSC_0011-300x200.jpg 300w, https:\/\/infonewss.com\/wp-content\/uploads\/2023\/08\/Marcolandia-vence-Francisco-Macedo-fora-de-casa-e-mantem-lideranca-do-Grupo-D-na-II-Copa-AMVI-DSC_0011-768x512.jpg 768w, https:\/\/infonewss.com\/wp-content\/uploads\/2023\/08\/Marcolandia-vence-Francisco-Macedo-fora-de-casa-e-mantem-lideranca-do-Grupo-D-na-II-Copa-AMVI-DSC_0011-150x100.jpg 150w, https:\/\/infonewss.com\/wp-content\/uploads\/2023\/08\/Marcolandia-vence-Francisco-Macedo-fora-de-casa-e-mantem-lideranca-do-Grupo-D-na-II-Copa-AMVI-DSC_0011-696x464.jpg 696w, https:\/\/infonewss.com\/wp-content\/uploads\/2023\/08\/Marcolandia-vence-Francisco-Macedo-fora-de-casa-e-mantem-lideranca-do-Grupo-D-na-II-Copa-AMVI-DSC_0011.jpg 900w\" data-src=\"https:\/\/infonewss.com\/wp-content\/uploads\/2023\/08\/Marcolandia-vence-Francisco-Macedo-fora-de-casa-e-mantem-lideranca-do-Grupo-D-na-II-Copa-AMVI-DSC_0011-300x200.jpg\" data-sizes=\"(max-width: 300px) 100vw, 300px\" \/><\/a><\/div>\n<\/figure>\n<figure class=\"gallery-item\">\n<div class=\"gallery-icon landscape\"><a href=\"https:\/\/infonewss.com\/wp-content\/uploads\/2023\/08\/Marcolandia-vence-Francisco-Macedo-fora-de-casa-e-mantem-lideranca-do-Grupo-D-na-II-Copa-AMVI-DSC_0014.jpg\"><img loading=\"lazy\" decoding=\"async\" class=\"attachment-medium size-medium lazyload\" src=\"data:image\/gif;base64,R0lGODlhAQABAAAAACH5BAEKAAEALAAAAAABAAEAAAICTAEAOw==\" alt=\"\" width=\"300\" height=\"200\" data-srcset=\"https:\/\/infonewss.com\/wp-content\/uploads\/2023\/08\/Marcolandia-vence-Francisco-Macedo-fora-de-casa-e-mantem-lideranca-do-Grupo-D-na-II-Copa-AMVI-DSC_0014-300x200.jpg 300w, https:\/\/infonewss.com\/wp-content\/uploads\/2023\/08\/Marcolandia-vence-Francisco-Macedo-fora-de-casa-e-mantem-lideranca-do-Grupo-D-na-II-Copa-AMVI-DSC_0014-768x512.jpg 768w, https:\/\/infonewss.com\/wp-content\/uploads\/2023\/08\/Marcolandia-vence-Francisco-Macedo-fora-de-casa-e-mantem-lideranca-do-Grupo-D-na-II-Copa-AMVI-DSC_0014-150x100.jpg 150w, https:\/\/infonewss.com\/wp-content\/uploads\/2023\/08\/Marcolandia-vence-Francisco-Macedo-fora-de-casa-e-mantem-lideranca-do-Grupo-D-na-II-Copa-AMVI-DSC_0014-696x464.jpg 696w, https:\/\/infonewss.com\/wp-content\/uploads\/2023\/08\/Marcolandia-vence-Francisco-Macedo-fora-de-casa-e-mantem-lideranca-do-Grupo-D-na-II-Copa-AMVI-DSC_0014.jpg 900w\" data-src=\"https:\/\/infonewss.com\/wp-content\/uploads\/2023\/08\/Marcolandia-vence-Francisco-Macedo-fora-de-casa-e-mantem-lideranca-do-Grupo-D-na-II-Copa-AMVI-DSC_0014-300x200.jpg\" data-sizes=\"(max-width: 300px) 100vw, 300px\" \/><\/a><\/div>\n<\/figure>\n<figure class=\"gallery-item\">\n<div class=\"gallery-icon landscape\"><a href=\"https:\/\/infonewss.com\/wp-content\/uploads\/2023\/08\/Marcolandia-vence-Francisco-Macedo-fora-de-casa-e-mantem-lideranca-do-Grupo-D-na-II-Copa-AMVI-DSC_0015.jpg\"><img loading=\"lazy\" decoding=\"async\" class=\"attachment-medium size-medium lazyload\" src=\"data:image\/gif;base64,R0lGODlhAQABAAAAACH5BAEKAAEALAAAAAABAAEAAAICTAEAOw==\" alt=\"\" width=\"300\" height=\"200\" data-srcset=\"https:\/\/infonewss.com\/wp-content\/uploads\/2023\/08\/Marcolandia-vence-Francisco-Macedo-fora-de-casa-e-mantem-lideranca-do-Grupo-D-na-II-Copa-AMVI-DSC_0015-300x200.jpg 300w, https:\/\/infonewss.com\/wp-content\/uploads\/2023\/08\/Marcolandia-vence-Francisco-Macedo-fora-de-casa-e-mantem-lideranca-do-Grupo-D-na-II-Copa-AMVI-DSC_0015-768x512.jpg 768w, https:\/\/infonewss.com\/wp-content\/uploads\/2023\/08\/Marcolandia-vence-Francisco-Macedo-fora-de-casa-e-mantem-lideranca-do-Grupo-D-na-II-Copa-AMVI-DSC_0015-150x100.jpg 150w, https:\/\/infonewss.com\/wp-content\/uploads\/2023\/08\/Marcolandia-vence-Francisco-Macedo-fora-de-casa-e-mantem-lideranca-do-Grupo-D-na-II-Copa-AMVI-DSC_0015-696x464.jpg 696w, https:\/\/infonewss.com\/wp-content\/uploads\/2023\/08\/Marcolandia-vence-Francisco-Macedo-fora-de-casa-e-mantem-lideranca-do-Grupo-D-na-II-Copa-AMVI-DSC_0015.jpg 900w\" data-src=\"https:\/\/infonewss.com\/wp-content\/uploads\/2023\/08\/Marcolandia-vence-Francisco-Macedo-fora-de-casa-e-mantem-lideranca-do-Grupo-D-na-II-Copa-AMVI-DSC_0015-300x200.jpg\" data-sizes=\"(max-width: 300px) 100vw, 300px\" \/><\/a><\/div>\n<\/figure>\n<figure class=\"gallery-item\">\n<div class=\"gallery-icon landscape\"><a href=\"https:\/\/infonewss.com\/wp-content\/uploads\/2023\/08\/Marcolandia-vence-Francisco-Macedo-fora-de-casa-e-mantem-lideranca-do-Grupo-D-na-II-Copa-AMVI-DSC_0016.jpg\"><img loading=\"lazy\" decoding=\"async\" class=\"attachment-medium size-medium lazyload\" src=\"data:image\/gif;base64,R0lGODlhAQABAAAAACH5BAEKAAEALAAAAAABAAEAAAICTAEAOw==\" alt=\"\" width=\"300\" height=\"200\" data-srcset=\"https:\/\/infonewss.com\/wp-content\/uploads\/2023\/08\/Marcolandia-vence-Francisco-Macedo-fora-de-casa-e-mantem-lideranca-do-Grupo-D-na-II-Copa-AMVI-DSC_0016-300x200.jpg 300w, https:\/\/infonewss.com\/wp-content\/uploads\/2023\/08\/Marcolandia-vence-Francisco-Macedo-fora-de-casa-e-mantem-lideranca-do-Grupo-D-na-II-Copa-AMVI-DSC_0016-768x512.jpg 768w, https:\/\/infonewss.com\/wp-content\/uploads\/2023\/08\/Marcolandia-vence-Francisco-Macedo-fora-de-casa-e-mantem-lideranca-do-Grupo-D-na-II-Copa-AMVI-DSC_0016-150x100.jpg 150w, https:\/\/infonewss.com\/wp-content\/uploads\/2023\/08\/Marcolandia-vence-Francisco-Macedo-fora-de-casa-e-mantem-lideranca-do-Grupo-D-na-II-Copa-AMVI-DSC_0016-696x464.jpg 696w, https:\/\/infonewss.com\/wp-content\/uploads\/2023\/08\/Marcolandia-vence-Francisco-Macedo-fora-de-casa-e-mantem-lideranca-do-Grupo-D-na-II-Copa-AMVI-DSC_0016.jpg 900w\" data-src=\"https:\/\/infonewss.com\/wp-content\/uploads\/2023\/08\/Marcolandia-vence-Francisco-Macedo-fora-de-casa-e-mantem-lideranca-do-Grupo-D-na-II-Copa-AMVI-DSC_0016-300x200.jpg\" data-sizes=\"(max-width: 300px) 100vw, 300px\" \/><\/a><\/div>\n<\/figure>\n<figure class=\"gallery-item\">\n<div class=\"gallery-icon landscape\"><a href=\"https:\/\/infonewss.com\/wp-content\/uploads\/2023\/08\/Marcolandia-vence-Francisco-Macedo-fora-de-casa-e-mantem-lideranca-do-Grupo-D-na-II-Copa-AMVI-DSC_0017.jpg\"><img loading=\"lazy\" decoding=\"async\" class=\"attachment-medium size-medium lazyload\" src=\"data:image\/gif;base64,R0lGODlhAQABAAAAACH5BAEKAAEALAAAAAABAAEAAAICTAEAOw==\" alt=\"\" width=\"300\" height=\"200\" data-srcset=\"https:\/\/infonewss.com\/wp-content\/uploads\/2023\/08\/Marcolandia-vence-Francisco-Macedo-fora-de-casa-e-mantem-lideranca-do-Grupo-D-na-II-Copa-AMVI-DSC_0017-300x200.jpg 300w, https:\/\/infonewss.com\/wp-content\/uploads\/2023\/08\/Marcolandia-vence-Francisco-Macedo-fora-de-casa-e-mantem-lideranca-do-Grupo-D-na-II-Copa-AMVI-DSC_0017-768x512.jpg 768w, https:\/\/infonewss.com\/wp-content\/uploads\/2023\/08\/Marcolandia-vence-Francisco-Macedo-fora-de-casa-e-mantem-lideranca-do-Grupo-D-na-II-Copa-AMVI-DSC_0017-150x100.jpg 150w, https:\/\/infonewss.com\/wp-content\/uploads\/2023\/08\/Marcolandia-vence-Francisco-Macedo-fora-de-casa-e-mantem-lideranca-do-Grupo-D-na-II-Copa-AMVI-DSC_0017-696x464.jpg 696w, https:\/\/infonewss.com\/wp-content\/uploads\/2023\/08\/Marcolandia-vence-Francisco-Macedo-fora-de-casa-e-mantem-lideranca-do-Grupo-D-na-II-Copa-AMVI-DSC_0017.jpg 900w\" data-src=\"https:\/\/infonewss.com\/wp-content\/uploads\/2023\/08\/Marcolandia-vence-Francisco-Macedo-fora-de-casa-e-mantem-lideranca-do-Grupo-D-na-II-Copa-AMVI-DSC_0017-300x200.jpg\" data-sizes=\"(max-width: 300px) 100vw, 300px\" \/><\/a><\/div>\n<\/figure>\n<figure class=\"gallery-item\">\n<div class=\"gallery-icon landscape\"><a href=\"https:\/\/infonewss.com\/wp-content\/uploads\/2023\/08\/Marcolandia-vence-Francisco-Macedo-fora-de-casa-e-mantem-lideranca-do-Grupo-D-na-II-Copa-AMVI-DSC_0019.jpg\"><img loading=\"lazy\" decoding=\"async\" class=\"attachment-medium size-medium lazyload\" src=\"data:image\/gif;base64,R0lGODlhAQABAAAAACH5BAEKAAEALAAAAAABAAEAAAICTAEAOw==\" alt=\"\" width=\"300\" height=\"200\" data-srcset=\"https:\/\/infonewss.com\/wp-content\/uploads\/2023\/08\/Marcolandia-vence-Francisco-Macedo-fora-de-casa-e-mantem-lideranca-do-Grupo-D-na-II-Copa-AMVI-DSC_0019-300x200.jpg 300w, https:\/\/infonewss.com\/wp-content\/uploads\/2023\/08\/Marcolandia-vence-Francisco-Macedo-fora-de-casa-e-mantem-lideranca-do-Grupo-D-na-II-Copa-AMVI-DSC_0019-768x512.jpg 768w, https:\/\/infonewss.com\/wp-content\/uploads\/2023\/08\/Marcolandia-vence-Francisco-Macedo-fora-de-casa-e-mantem-lideranca-do-Grupo-D-na-II-Copa-AMVI-DSC_0019-150x100.jpg 150w, https:\/\/infonewss.com\/wp-content\/uploads\/2023\/08\/Marcolandia-vence-Francisco-Macedo-fora-de-casa-e-mantem-lideranca-do-Grupo-D-na-II-Copa-AMVI-DSC_0019-696x464.jpg 696w, https:\/\/infonewss.com\/wp-content\/uploads\/2023\/08\/Marcolandia-vence-Francisco-Macedo-fora-de-casa-e-mantem-lideranca-do-Grupo-D-na-II-Copa-AMVI-DSC_0019.jpg 900w\" data-src=\"https:\/\/infonewss.com\/wp-content\/uploads\/2023\/08\/Marcolandia-vence-Francisco-Macedo-fora-de-casa-e-mantem-lideranca-do-Grupo-D-na-II-Copa-AMVI-DSC_0019-300x200.jpg\" data-sizes=\"(max-width: 300px) 100vw, 300px\" \/><\/a><\/div>\n<\/figure>\n<figure class=\"gallery-item\">\n<div class=\"gallery-icon landscape\"><a href=\"https:\/\/infonewss.com\/wp-content\/uploads\/2023\/08\/Marcolandia-vence-Francisco-Macedo-fora-de-casa-e-mantem-lideranca-do-Grupo-D-na-II-Copa-AMVI-DSC_0020.jpg\"><img loading=\"lazy\" decoding=\"async\" class=\"attachment-medium size-medium lazyload\" src=\"data:image\/gif;base64,R0lGODlhAQABAAAAACH5BAEKAAEALAAAAAABAAEAAAICTAEAOw==\" alt=\"\" width=\"300\" height=\"200\" data-srcset=\"https:\/\/infonewss.com\/wp-content\/uploads\/2023\/08\/Marcolandia-vence-Francisco-Macedo-fora-de-casa-e-mantem-lideranca-do-Grupo-D-na-II-Copa-AMVI-DSC_0020-300x200.jpg 300w, https:\/\/infonewss.com\/wp-content\/uploads\/2023\/08\/Marcolandia-vence-Francisco-Macedo-fora-de-casa-e-mantem-lideranca-do-Grupo-D-na-II-Copa-AMVI-DSC_0020-768x512.jpg 768w, https:\/\/infonewss.com\/wp-content\/uploads\/2023\/08\/Marcolandia-vence-Francisco-Macedo-fora-de-casa-e-mantem-lideranca-do-Grupo-D-na-II-Copa-AMVI-DSC_0020-150x100.jpg 150w, https:\/\/infonewss.com\/wp-content\/uploads\/2023\/08\/Marcolandia-vence-Francisco-Macedo-fora-de-casa-e-mantem-lideranca-do-Grupo-D-na-II-Copa-AMVI-DSC_0020-696x464.jpg 696w, https:\/\/infonewss.com\/wp-content\/uploads\/2023\/08\/Marcolandia-vence-Francisco-Macedo-fora-de-casa-e-mantem-lideranca-do-Grupo-D-na-II-Copa-AMVI-DSC_0020.jpg 900w\" data-src=\"https:\/\/infonewss.com\/wp-content\/uploads\/2023\/08\/Marcolandia-vence-Francisco-Macedo-fora-de-casa-e-mantem-lideranca-do-Grupo-D-na-II-Copa-AMVI-DSC_0020-300x200.jpg\" data-sizes=\"(max-width: 300px) 100vw, 300px\" \/><\/a><\/div>\n<\/figure>\n<figure class=\"gallery-item\">\n<div class=\"gallery-icon landscape\"><a href=\"https:\/\/infonewss.com\/wp-content\/uploads\/2023\/08\/Marcolandia-vence-Francisco-Macedo-fora-de-casa-e-mantem-lideranca-do-Grupo-D-na-II-Copa-AMVI-DSC_0021.jpg\"><img loading=\"lazy\" decoding=\"async\" class=\"attachment-medium size-medium lazyload\" src=\"data:image\/gif;base64,R0lGODlhAQABAAAAACH5BAEKAAEALAAAAAABAAEAAAICTAEAOw==\" alt=\"\" width=\"300\" height=\"200\" data-srcset=\"https:\/\/infonewss.com\/wp-content\/uploads\/2023\/08\/Marcolandia-vence-Francisco-Macedo-fora-de-casa-e-mantem-lideranca-do-Grupo-D-na-II-Copa-AMVI-DSC_0021-300x200.jpg 300w, https:\/\/infonewss.com\/wp-content\/uploads\/2023\/08\/Marcolandia-vence-Francisco-Macedo-fora-de-casa-e-mantem-lideranca-do-Grupo-D-na-II-Copa-AMVI-DSC_0021-768x512.jpg 768w, https:\/\/infonewss.com\/wp-content\/uploads\/2023\/08\/Marcolandia-vence-Francisco-Macedo-fora-de-casa-e-mantem-lideranca-do-Grupo-D-na-II-Copa-AMVI-DSC_0021-150x100.jpg 150w, https:\/\/infonewss.com\/wp-content\/uploads\/2023\/08\/Marcolandia-vence-Francisco-Macedo-fora-de-casa-e-mantem-lideranca-do-Grupo-D-na-II-Copa-AMVI-DSC_0021-696x464.jpg 696w, https:\/\/infonewss.com\/wp-content\/uploads\/2023\/08\/Marcolandia-vence-Francisco-Macedo-fora-de-casa-e-mantem-lideranca-do-Grupo-D-na-II-Copa-AMVI-DSC_0021.jpg 900w\" data-src=\"https:\/\/infonewss.com\/wp-content\/uploads\/2023\/08\/Marcolandia-vence-Francisco-Macedo-fora-de-casa-e-mantem-lideranca-do-Grupo-D-na-II-Copa-AMVI-DSC_0021-300x200.jpg\" data-sizes=\"(max-width: 300px) 100vw, 300px\" \/><\/a><\/div>\n<\/figure>\n<figure class=\"gallery-item\">\n<div class=\"gallery-icon portrait\"><a href=\"https:\/\/infonewss.com\/wp-content\/uploads\/2023\/08\/Marcolandia-vence-Francisco-Macedo-fora-de-casa-e-mantem-lideranca-do-Grupo-D-na-II-Copa-AMVI-DSC_0022.jpg\"><img loading=\"lazy\" decoding=\"async\" class=\"attachment-medium size-medium lazyload\" src=\"data:image\/gif;base64,R0lGODlhAQABAAAAACH5BAEKAAEALAAAAAABAAEAAAICTAEAOw==\" alt=\"\" width=\"200\" height=\"300\" data-srcset=\"https:\/\/infonewss.com\/wp-content\/uploads\/2023\/08\/Marcolandia-vence-Francisco-Macedo-fora-de-casa-e-mantem-lideranca-do-Grupo-D-na-II-Copa-AMVI-DSC_0022-200x300.jpg 200w, https:\/\/infonewss.com\/wp-content\/uploads\/2023\/08\/Marcolandia-vence-Francisco-Macedo-fora-de-casa-e-mantem-lideranca-do-Grupo-D-na-II-Copa-AMVI-DSC_0022-683x1024.jpg 683w, https:\/\/infonewss.com\/wp-content\/uploads\/2023\/08\/Marcolandia-vence-Francisco-Macedo-fora-de-casa-e-mantem-lideranca-do-Grupo-D-na-II-Copa-AMVI-DSC_0022-768x1152.jpg 768w, https:\/\/infonewss.com\/wp-content\/uploads\/2023\/08\/Marcolandia-vence-Francisco-Macedo-fora-de-casa-e-mantem-lideranca-do-Grupo-D-na-II-Copa-AMVI-DSC_0022-150x225.jpg 150w, https:\/\/infonewss.com\/wp-content\/uploads\/2023\/08\/Marcolandia-vence-Francisco-Macedo-fora-de-casa-e-mantem-lideranca-do-Grupo-D-na-II-Copa-AMVI-DSC_0022-300x450.jpg 300w, https:\/\/infonewss.com\/wp-content\/uploads\/2023\/08\/Marcolandia-vence-Francisco-Macedo-fora-de-casa-e-mantem-lideranca-do-Grupo-D-na-II-Copa-AMVI-DSC_0022-696x1044.jpg 696w, https:\/\/infonewss.com\/wp-content\/uploads\/2023\/08\/Marcolandia-vence-Francisco-Macedo-fora-de-casa-e-mantem-lideranca-do-Grupo-D-na-II-Copa-AMVI-DSC_0022.jpg 900w\" data-src=\"https:\/\/infonewss.com\/wp-content\/uploads\/2023\/08\/Marcolandia-vence-Francisco-Macedo-fora-de-casa-e-mantem-lideranca-do-Grupo-D-na-II-Copa-AMVI-DSC_0022-200x300.jpg\" data-sizes=\"(max-width: 200px) 100vw, 200px\" \/><\/a><\/div>\n<\/figure>\n<figure class=\"gallery-item\">\n<div class=\"gallery-icon landscape\"><a href=\"https:\/\/infonewss.com\/wp-content\/uploads\/2023\/08\/Marcolandia-vence-Francisco-Macedo-fora-de-casa-e-mantem-lideranca-do-Grupo-D-na-II-Copa-AMVI-DSC_0023.jpg\"><img loading=\"lazy\" decoding=\"async\" class=\"attachment-medium size-medium lazyload\" src=\"data:image\/gif;base64,R0lGODlhAQABAAAAACH5BAEKAAEALAAAAAABAAEAAAICTAEAOw==\" alt=\"\" width=\"300\" height=\"200\" data-srcset=\"https:\/\/infonewss.com\/wp-content\/uploads\/2023\/08\/Marcolandia-vence-Francisco-Macedo-fora-de-casa-e-mantem-lideranca-do-Grupo-D-na-II-Copa-AMVI-DSC_0023-300x200.jpg 300w, https:\/\/infonewss.com\/wp-content\/uploads\/2023\/08\/Marcolandia-vence-Francisco-Macedo-fora-de-casa-e-mantem-lideranca-do-Grupo-D-na-II-Copa-AMVI-DSC_0023-768x512.jpg 768w, https:\/\/infonewss.com\/wp-content\/uploads\/2023\/08\/Marcolandia-vence-Francisco-Macedo-fora-de-casa-e-mantem-lideranca-do-Grupo-D-na-II-Copa-AMVI-DSC_0023-150x100.jpg 150w, https:\/\/infonewss.com\/wp-content\/uploads\/2023\/08\/Marcolandia-vence-Francisco-Macedo-fora-de-casa-e-mantem-lideranca-do-Grupo-D-na-II-Copa-AMVI-DSC_0023-696x464.jpg 696w, https:\/\/infonewss.com\/wp-content\/uploads\/2023\/08\/Marcolandia-vence-Francisco-Macedo-fora-de-casa-e-mantem-lideranca-do-Grupo-D-na-II-Copa-AMVI-DSC_0023.jpg 900w\" data-src=\"https:\/\/infonewss.com\/wp-content\/uploads\/2023\/08\/Marcolandia-vence-Francisco-Macedo-fora-de-casa-e-mantem-lideranca-do-Grupo-D-na-II-Copa-AMVI-DSC_0023-300x200.jpg\" data-sizes=\"(max-width: 300px) 100vw, 300px\" \/><\/a><\/div>\n<\/figure>\n<figure class=\"gallery-item\">\n<div class=\"gallery-icon landscape\"><a href=\"https:\/\/infonewss.com\/wp-content\/uploads\/2023\/08\/Marcolandia-vence-Francisco-Macedo-fora-de-casa-e-mantem-lideranca-do-Grupo-D-na-II-Copa-AMVI-DSC_0024.jpg\"><img loading=\"lazy\" decoding=\"async\" class=\"attachment-medium size-medium lazyload\" src=\"data:image\/gif;base64,R0lGODlhAQABAAAAACH5BAEKAAEALAAAAAABAAEAAAICTAEAOw==\" alt=\"\" width=\"300\" height=\"200\" data-srcset=\"https:\/\/infonewss.com\/wp-content\/uploads\/2023\/08\/Marcolandia-vence-Francisco-Macedo-fora-de-casa-e-mantem-lideranca-do-Grupo-D-na-II-Copa-AMVI-DSC_0024-300x200.jpg 300w, https:\/\/infonewss.com\/wp-content\/uploads\/2023\/08\/Marcolandia-vence-Francisco-Macedo-fora-de-casa-e-mantem-lideranca-do-Grupo-D-na-II-Copa-AMVI-DSC_0024-768x512.jpg 768w, https:\/\/infonewss.com\/wp-content\/uploads\/2023\/08\/Marcolandia-vence-Francisco-Macedo-fora-de-casa-e-mantem-lideranca-do-Grupo-D-na-II-Copa-AMVI-DSC_0024-150x100.jpg 150w, https:\/\/infonewss.com\/wp-content\/uploads\/2023\/08\/Marcolandia-vence-Francisco-Macedo-fora-de-casa-e-mantem-lideranca-do-Grupo-D-na-II-Copa-AMVI-DSC_0024-696x464.jpg 696w, https:\/\/infonewss.com\/wp-content\/uploads\/2023\/08\/Marcolandia-vence-Francisco-Macedo-fora-de-casa-e-mantem-lideranca-do-Grupo-D-na-II-Copa-AMVI-DSC_0024.jpg 900w\" data-src=\"https:\/\/infonewss.com\/wp-content\/uploads\/2023\/08\/Marcolandia-vence-Francisco-Macedo-fora-de-casa-e-mantem-lideranca-do-Grupo-D-na-II-Copa-AMVI-DSC_0024-300x200.jpg\" data-sizes=\"(max-width: 300px) 100vw, 300px\" \/><\/a><\/div>\n<\/figure>\n<figure class=\"gallery-item\">\n<div class=\"gallery-icon landscape\"><a href=\"https:\/\/infonewss.com\/wp-content\/uploads\/2023\/08\/Marcolandia-vence-Francisco-Macedo-fora-de-casa-e-mantem-lideranca-do-Grupo-D-na-II-Copa-AMVI-DSC_0026.jpg\"><img loading=\"lazy\" decoding=\"async\" class=\"attachment-medium size-medium lazyload\" src=\"data:image\/gif;base64,R0lGODlhAQABAAAAACH5BAEKAAEALAAAAAABAAEAAAICTAEAOw==\" alt=\"\" width=\"300\" height=\"200\" data-srcset=\"https:\/\/infonewss.com\/wp-content\/uploads\/2023\/08\/Marcolandia-vence-Francisco-Macedo-fora-de-casa-e-mantem-lideranca-do-Grupo-D-na-II-Copa-AMVI-DSC_0026-300x200.jpg 300w, https:\/\/infonewss.com\/wp-content\/uploads\/2023\/08\/Marcolandia-vence-Francisco-Macedo-fora-de-casa-e-mantem-lideranca-do-Grupo-D-na-II-Copa-AMVI-DSC_0026-768x512.jpg 768w, https:\/\/infonewss.com\/wp-content\/uploads\/2023\/08\/Marcolandia-vence-Francisco-Macedo-fora-de-casa-e-mantem-lideranca-do-Grupo-D-na-II-Copa-AMVI-DSC_0026-150x100.jpg 150w, https:\/\/infonewss.com\/wp-content\/uploads\/2023\/08\/Marcolandia-vence-Francisco-Macedo-fora-de-casa-e-mantem-lideranca-do-Grupo-D-na-II-Copa-AMVI-DSC_0026-696x464.jpg 696w, https:\/\/infonewss.com\/wp-content\/uploads\/2023\/08\/Marcolandia-vence-Francisco-Macedo-fora-de-casa-e-mantem-lideranca-do-Grupo-D-na-II-Copa-AMVI-DSC_0026.jpg 900w\" data-src=\"https:\/\/infonewss.com\/wp-content\/uploads\/2023\/08\/Marcolandia-vence-Francisco-Macedo-fora-de-casa-e-mantem-lideranca-do-Grupo-D-na-II-Copa-AMVI-DSC_0026-300x200.jpg\" data-sizes=\"(max-width: 300px) 100vw, 300px\" \/><\/a><\/div>\n<\/figure>\n<figure class=\"gallery-item\">\n<div class=\"gallery-icon landscape\"><a href=\"https:\/\/infonewss.com\/wp-content\/uploads\/2023\/08\/Marcolandia-vence-Francisco-Macedo-fora-de-casa-e-mantem-lideranca-do-Grupo-D-na-II-Copa-AMVI-DSC_0027.jpg\"><img loading=\"lazy\" decoding=\"async\" class=\"attachment-medium size-medium lazyload\" src=\"data:image\/gif;base64,R0lGODlhAQABAAAAACH5BAEKAAEALAAAAAABAAEAAAICTAEAOw==\" alt=\"\" width=\"300\" height=\"200\" data-srcset=\"https:\/\/infonewss.com\/wp-content\/uploads\/2023\/08\/Marcolandia-vence-Francisco-Macedo-fora-de-casa-e-mantem-lideranca-do-Grupo-D-na-II-Copa-AMVI-DSC_0027-300x200.jpg 300w, https:\/\/infonewss.com\/wp-content\/uploads\/2023\/08\/Marcolandia-vence-Francisco-Macedo-fora-de-casa-e-mantem-lideranca-do-Grupo-D-na-II-Copa-AMVI-DSC_0027-768x512.jpg 768w, https:\/\/infonewss.com\/wp-content\/uploads\/2023\/08\/Marcolandia-vence-Francisco-Macedo-fora-de-casa-e-mantem-lideranca-do-Grupo-D-na-II-Copa-AMVI-DSC_0027-150x100.jpg 150w, https:\/\/infonewss.com\/wp-content\/uploads\/2023\/08\/Marcolandia-vence-Francisco-Macedo-fora-de-casa-e-mantem-lideranca-do-Grupo-D-na-II-Copa-AMVI-DSC_0027-696x464.jpg 696w, https:\/\/infonewss.com\/wp-content\/uploads\/2023\/08\/Marcolandia-vence-Francisco-Macedo-fora-de-casa-e-mantem-lideranca-do-Grupo-D-na-II-Copa-AMVI-DSC_0027.jpg 900w\" data-src=\"https:\/\/infonewss.com\/wp-content\/uploads\/2023\/08\/Marcolandia-vence-Francisco-Macedo-fora-de-casa-e-mantem-lideranca-do-Grupo-D-na-II-Copa-AMVI-DSC_0027-300x200.jpg\" data-sizes=\"(max-width: 300px) 100vw, 300px\" \/><\/a><\/div>\n<\/figure>\n<figure class=\"gallery-item\">\n<div class=\"gallery-icon landscape\"><a href=\"https:\/\/infonewss.com\/wp-content\/uploads\/2023\/08\/Marcolandia-vence-Francisco-Macedo-fora-de-casa-e-mantem-lideranca-do-Grupo-D-na-II-Copa-AMVI-DSC_0029.jpg\"><img loading=\"lazy\" decoding=\"async\" class=\"attachment-medium size-medium lazyload\" src=\"data:image\/gif;base64,R0lGODlhAQABAAAAACH5BAEKAAEALAAAAAABAAEAAAICTAEAOw==\" alt=\"\" width=\"300\" height=\"200\" data-srcset=\"https:\/\/infonewss.com\/wp-content\/uploads\/2023\/08\/Marcolandia-vence-Francisco-Macedo-fora-de-casa-e-mantem-lideranca-do-Grupo-D-na-II-Copa-AMVI-DSC_0029-300x200.jpg 300w, https:\/\/infonewss.com\/wp-content\/uploads\/2023\/08\/Marcolandia-vence-Francisco-Macedo-fora-de-casa-e-mantem-lideranca-do-Grupo-D-na-II-Copa-AMVI-DSC_0029-768x512.jpg 768w, https:\/\/infonewss.com\/wp-content\/uploads\/2023\/08\/Marcolandia-vence-Francisco-Macedo-fora-de-casa-e-mantem-lideranca-do-Grupo-D-na-II-Copa-AMVI-DSC_0029-150x100.jpg 150w, https:\/\/infonewss.com\/wp-content\/uploads\/2023\/08\/Marcolandia-vence-Francisco-Macedo-fora-de-casa-e-mantem-lideranca-do-Grupo-D-na-II-Copa-AMVI-DSC_0029-696x464.jpg 696w, https:\/\/infonewss.com\/wp-content\/uploads\/2023\/08\/Marcolandia-vence-Francisco-Macedo-fora-de-casa-e-mantem-lideranca-do-Grupo-D-na-II-Copa-AMVI-DSC_0029.jpg 900w\" data-src=\"https:\/\/infonewss.com\/wp-content\/uploads\/2023\/08\/Marcolandia-vence-Francisco-Macedo-fora-de-casa-e-mantem-lideranca-do-Grupo-D-na-II-Copa-AMVI-DSC_0029-300x200.jpg\" data-sizes=\"(max-width: 300px) 100vw, 300px\" \/><\/a><\/div>\n<\/figure>\n<figure class=\"gallery-item\">\n<div class=\"gallery-icon landscape\"><a href=\"https:\/\/infonewss.com\/wp-content\/uploads\/2023\/08\/Marcolandia-vence-Francisco-Macedo-fora-de-casa-e-mantem-lideranca-do-Grupo-D-na-II-Copa-AMVI-DSC_0030.jpg\"><img loading=\"lazy\" decoding=\"async\" class=\"attachment-medium size-medium lazyload\" src=\"data:image\/gif;base64,R0lGODlhAQABAAAAACH5BAEKAAEALAAAAAABAAEAAAICTAEAOw==\" alt=\"\" width=\"300\" height=\"200\" data-srcset=\"https:\/\/infonewss.com\/wp-content\/uploads\/2023\/08\/Marcolandia-vence-Francisco-Macedo-fora-de-casa-e-mantem-lideranca-do-Grupo-D-na-II-Copa-AMVI-DSC_0030-300x200.jpg 300w, https:\/\/infonewss.com\/wp-content\/uploads\/2023\/08\/Marcolandia-vence-Francisco-Macedo-fora-de-casa-e-mantem-lideranca-do-Grupo-D-na-II-Copa-AMVI-DSC_0030-768x512.jpg 768w, https:\/\/infonewss.com\/wp-content\/uploads\/2023\/08\/Marcolandia-vence-Francisco-Macedo-fora-de-casa-e-mantem-lideranca-do-Grupo-D-na-II-Copa-AMVI-DSC_0030-150x100.jpg 150w, https:\/\/infonewss.com\/wp-content\/uploads\/2023\/08\/Marcolandia-vence-Francisco-Macedo-fora-de-casa-e-mantem-lideranca-do-Grupo-D-na-II-Copa-AMVI-DSC_0030-696x464.jpg 696w, https:\/\/infonewss.com\/wp-content\/uploads\/2023\/08\/Marcolandia-vence-Francisco-Macedo-fora-de-casa-e-mantem-lideranca-do-Grupo-D-na-II-Copa-AMVI-DSC_0030.jpg 900w\" data-src=\"https:\/\/infonewss.com\/wp-content\/uploads\/2023\/08\/Marcolandia-vence-Francisco-Macedo-fora-de-casa-e-mantem-lideranca-do-Grupo-D-na-II-Copa-AMVI-DSC_0030-300x200.jpg\" data-sizes=\"(max-width: 300px) 100vw, 300px\" \/><\/a><\/div>\n<\/figure>\n<figure class=\"gallery-item\">\n<div class=\"gallery-icon landscape\"><a href=\"https:\/\/infonewss.com\/wp-content\/uploads\/2023\/08\/Marcolandia-vence-Francisco-Macedo-fora-de-casa-e-mantem-lideranca-do-Grupo-D-na-II-Copa-AMVI-DSC_0031.jpg\"><img loading=\"lazy\" decoding=\"async\" class=\"attachment-medium size-medium lazyload\" src=\"data:image\/gif;base64,R0lGODlhAQABAAAAACH5BAEKAAEALAAAAAABAAEAAAICTAEAOw==\" alt=\"\" width=\"300\" height=\"200\" data-srcset=\"https:\/\/infonewss.com\/wp-content\/uploads\/2023\/08\/Marcolandia-vence-Francisco-Macedo-fora-de-casa-e-mantem-lideranca-do-Grupo-D-na-II-Copa-AMVI-DSC_0031-300x200.jpg 300w, https:\/\/infonewss.com\/wp-content\/uploads\/2023\/08\/Marcolandia-vence-Francisco-Macedo-fora-de-casa-e-mantem-lideranca-do-Grupo-D-na-II-Copa-AMVI-DSC_0031-768x512.jpg 768w, https:\/\/infonewss.com\/wp-content\/uploads\/2023\/08\/Marcolandia-vence-Francisco-Macedo-fora-de-casa-e-mantem-lideranca-do-Grupo-D-na-II-Copa-AMVI-DSC_0031-150x100.jpg 150w, https:\/\/infonewss.com\/wp-content\/uploads\/2023\/08\/Marcolandia-vence-Francisco-Macedo-fora-de-casa-e-mantem-lideranca-do-Grupo-D-na-II-Copa-AMVI-DSC_0031-696x464.jpg 696w, https:\/\/infonewss.com\/wp-content\/uploads\/2023\/08\/Marcolandia-vence-Francisco-Macedo-fora-de-casa-e-mantem-lideranca-do-Grupo-D-na-II-Copa-AMVI-DSC_0031.jpg 900w\" data-src=\"https:\/\/infonewss.com\/wp-content\/uploads\/2023\/08\/Marcolandia-vence-Francisco-Macedo-fora-de-casa-e-mantem-lideranca-do-Grupo-D-na-II-Copa-AMVI-DSC_0031-300x200.jpg\" data-sizes=\"(max-width: 300px) 100vw, 300px\" \/><\/a><\/div>\n<\/figure>\n<figure class=\"gallery-item\">\n<div class=\"gallery-icon landscape\"><a href=\"https:\/\/infonewss.com\/wp-content\/uploads\/2023\/08\/Marcolandia-vence-Francisco-Macedo-fora-de-casa-e-mantem-lideranca-do-Grupo-D-na-II-Copa-AMVI-DSC_0032.jpg\"><img loading=\"lazy\" decoding=\"async\" class=\"attachment-medium size-medium lazyload\" src=\"data:image\/gif;base64,R0lGODlhAQABAAAAACH5BAEKAAEALAAAAAABAAEAAAICTAEAOw==\" alt=\"\" width=\"300\" height=\"200\" data-srcset=\"https:\/\/infonewss.com\/wp-content\/uploads\/2023\/08\/Marcolandia-vence-Francisco-Macedo-fora-de-casa-e-mantem-lideranca-do-Grupo-D-na-II-Copa-AMVI-DSC_0032-300x200.jpg 300w, https:\/\/infonewss.com\/wp-content\/uploads\/2023\/08\/Marcolandia-vence-Francisco-Macedo-fora-de-casa-e-mantem-lideranca-do-Grupo-D-na-II-Copa-AMVI-DSC_0032-768x512.jpg 768w, https:\/\/infonewss.com\/wp-content\/uploads\/2023\/08\/Marcolandia-vence-Francisco-Macedo-fora-de-casa-e-mantem-lideranca-do-Grupo-D-na-II-Copa-AMVI-DSC_0032-150x100.jpg 150w, https:\/\/infonewss.com\/wp-content\/uploads\/2023\/08\/Marcolandia-vence-Francisco-Macedo-fora-de-casa-e-mantem-lideranca-do-Grupo-D-na-II-Copa-AMVI-DSC_0032-696x464.jpg 696w, https:\/\/infonewss.com\/wp-content\/uploads\/2023\/08\/Marcolandia-vence-Francisco-Macedo-fora-de-casa-e-mantem-lideranca-do-Grupo-D-na-II-Copa-AMVI-DSC_0032.jpg 900w\" data-src=\"https:\/\/infonewss.com\/wp-content\/uploads\/2023\/08\/Marcolandia-vence-Francisco-Macedo-fora-de-casa-e-mantem-lideranca-do-Grupo-D-na-II-Copa-AMVI-DSC_0032-300x200.jpg\" data-sizes=\"(max-width: 300px) 100vw, 300px\" \/><\/a><\/div>\n<\/figure>\n<figure class=\"gallery-item\">\n<div class=\"gallery-icon landscape\"><a href=\"https:\/\/infonewss.com\/wp-content\/uploads\/2023\/08\/Marcolandia-vence-Francisco-Macedo-fora-de-casa-e-mantem-lideranca-do-Grupo-D-na-II-Copa-AMVI-DSC_0033.jpg\"><img loading=\"lazy\" decoding=\"async\" class=\"attachment-medium size-medium lazyload\" src=\"data:image\/gif;base64,R0lGODlhAQABAAAAACH5BAEKAAEALAAAAAABAAEAAAICTAEAOw==\" alt=\"\" width=\"300\" height=\"200\" data-srcset=\"https:\/\/infonewss.com\/wp-content\/uploads\/2023\/08\/Marcolandia-vence-Francisco-Macedo-fora-de-casa-e-mantem-lideranca-do-Grupo-D-na-II-Copa-AMVI-DSC_0033-300x200.jpg 300w, https:\/\/infonewss.com\/wp-content\/uploads\/2023\/08\/Marcolandia-vence-Francisco-Macedo-fora-de-casa-e-mantem-lideranca-do-Grupo-D-na-II-Copa-AMVI-DSC_0033-768x512.jpg 768w, https:\/\/infonewss.com\/wp-content\/uploads\/2023\/08\/Marcolandia-vence-Francisco-Macedo-fora-de-casa-e-mantem-lideranca-do-Grupo-D-na-II-Copa-AMVI-DSC_0033-150x100.jpg 150w, https:\/\/infonewss.com\/wp-content\/uploads\/2023\/08\/Marcolandia-vence-Francisco-Macedo-fora-de-casa-e-mantem-lideranca-do-Grupo-D-na-II-Copa-AMVI-DSC_0033-696x464.jpg 696w, https:\/\/infonewss.com\/wp-content\/uploads\/2023\/08\/Marcolandia-vence-Francisco-Macedo-fora-de-casa-e-mantem-lideranca-do-Grupo-D-na-II-Copa-AMVI-DSC_0033.jpg 900w\" data-src=\"https:\/\/infonewss.com\/wp-content\/uploads\/2023\/08\/Marcolandia-vence-Francisco-Macedo-fora-de-casa-e-mantem-lideranca-do-Grupo-D-na-II-Copa-AMVI-DSC_0033-300x200.jpg\" data-sizes=\"(max-width: 300px) 100vw, 300px\" \/><\/a><\/div>\n<\/figure>\n<figure class=\"gallery-item\">\n<div class=\"gallery-icon landscape\"><a href=\"https:\/\/infonewss.com\/wp-content\/uploads\/2023\/08\/Marcolandia-vence-Francisco-Macedo-fora-de-casa-e-mantem-lideranca-do-Grupo-D-na-II-Copa-AMVI-DSC_0035.jpg\"><img loading=\"lazy\" decoding=\"async\" class=\"attachment-medium size-medium lazyload\" src=\"data:image\/gif;base64,R0lGODlhAQABAAAAACH5BAEKAAEALAAAAAABAAEAAAICTAEAOw==\" alt=\"\" width=\"300\" height=\"200\" data-srcset=\"https:\/\/infonewss.com\/wp-content\/uploads\/2023\/08\/Marcolandia-vence-Francisco-Macedo-fora-de-casa-e-mantem-lideranca-do-Grupo-D-na-II-Copa-AMVI-DSC_0035-300x200.jpg 300w, https:\/\/infonewss.com\/wp-content\/uploads\/2023\/08\/Marcolandia-vence-Francisco-Macedo-fora-de-casa-e-mantem-lideranca-do-Grupo-D-na-II-Copa-AMVI-DSC_0035-768x512.jpg 768w, https:\/\/infonewss.com\/wp-content\/uploads\/2023\/08\/Marcolandia-vence-Francisco-Macedo-fora-de-casa-e-mantem-lideranca-do-Grupo-D-na-II-Copa-AMVI-DSC_0035-150x100.jpg 150w, https:\/\/infonewss.com\/wp-content\/uploads\/2023\/08\/Marcolandia-vence-Francisco-Macedo-fora-de-casa-e-mantem-lideranca-do-Grupo-D-na-II-Copa-AMVI-DSC_0035-696x464.jpg 696w, https:\/\/infonewss.com\/wp-content\/uploads\/2023\/08\/Marcolandia-vence-Francisco-Macedo-fora-de-casa-e-mantem-lideranca-do-Grupo-D-na-II-Copa-AMVI-DSC_0035.jpg 900w\" data-src=\"https:\/\/infonewss.com\/wp-content\/uploads\/2023\/08\/Marcolandia-vence-Francisco-Macedo-fora-de-casa-e-mantem-lideranca-do-Grupo-D-na-II-Copa-AMVI-DSC_0035-300x200.jpg\" data-sizes=\"(max-width: 300px) 100vw, 300px\" \/><\/a><\/div>\n<\/figure>\n<figure class=\"gallery-item\">\n<div class=\"gallery-icon portrait\"><a href=\"https:\/\/infonewss.com\/wp-content\/uploads\/2023\/08\/Marcolandia-vence-Francisco-Macedo-fora-de-casa-e-mantem-lideranca-do-Grupo-D-na-II-Copa-AMVI-DSC_0036.jpg\"><img loading=\"lazy\" decoding=\"async\" class=\"attachment-medium size-medium lazyload\" src=\"data:image\/gif;base64,R0lGODlhAQABAAAAACH5BAEKAAEALAAAAAABAAEAAAICTAEAOw==\" alt=\"\" width=\"200\" height=\"300\" data-srcset=\"https:\/\/infonewss.com\/wp-content\/uploads\/2023\/08\/Marcolandia-vence-Francisco-Macedo-fora-de-casa-e-mantem-lideranca-do-Grupo-D-na-II-Copa-AMVI-DSC_0036-200x300.jpg 200w, https:\/\/infonewss.com\/wp-content\/uploads\/2023\/08\/Marcolandia-vence-Francisco-Macedo-fora-de-casa-e-mantem-lideranca-do-Grupo-D-na-II-Copa-AMVI-DSC_0036-683x1024.jpg 683w, https:\/\/infonewss.com\/wp-content\/uploads\/2023\/08\/Marcolandia-vence-Francisco-Macedo-fora-de-casa-e-mantem-lideranca-do-Grupo-D-na-II-Copa-AMVI-DSC_0036-768x1152.jpg 768w, https:\/\/infonewss.com\/wp-content\/uploads\/2023\/08\/Marcolandia-vence-Francisco-Macedo-fora-de-casa-e-mantem-lideranca-do-Grupo-D-na-II-Copa-AMVI-DSC_0036-150x225.jpg 150w, https:\/\/infonewss.com\/wp-content\/uploads\/2023\/08\/Marcolandia-vence-Francisco-Macedo-fora-de-casa-e-mantem-lideranca-do-Grupo-D-na-II-Copa-AMVI-DSC_0036-300x450.jpg 300w, https:\/\/infonewss.com\/wp-content\/uploads\/2023\/08\/Marcolandia-vence-Francisco-Macedo-fora-de-casa-e-mantem-lideranca-do-Grupo-D-na-II-Copa-AMVI-DSC_0036-696x1044.jpg 696w, https:\/\/infonewss.com\/wp-content\/uploads\/2023\/08\/Marcolandia-vence-Francisco-Macedo-fora-de-casa-e-mantem-lideranca-do-Grupo-D-na-II-Copa-AMVI-DSC_0036.jpg 900w\" data-src=\"https:\/\/infonewss.com\/wp-content\/uploads\/2023\/08\/Marcolandia-vence-Francisco-Macedo-fora-de-casa-e-mantem-lideranca-do-Grupo-D-na-II-Copa-AMVI-DSC_0036-200x300.jpg\" data-sizes=\"(max-width: 200px) 100vw, 200px\" \/><\/a><\/div>\n<\/figure>\n<figure class=\"gallery-item\">\n<div class=\"gallery-icon landscape\"><a href=\"https:\/\/infonewss.com\/wp-content\/uploads\/2023\/08\/Marcolandia-vence-Francisco-Macedo-fora-de-casa-e-mantem-lideranca-do-Grupo-D-na-II-Copa-AMVI-DSC_0037.jpg\"><img loading=\"lazy\" decoding=\"async\" class=\"attachment-medium size-medium lazyload\" src=\"data:image\/gif;base64,R0lGODlhAQABAAAAACH5BAEKAAEALAAAAAABAAEAAAICTAEAOw==\" alt=\"\" width=\"300\" height=\"200\" data-srcset=\"https:\/\/infonewss.com\/wp-content\/uploads\/2023\/08\/Marcolandia-vence-Francisco-Macedo-fora-de-casa-e-mantem-lideranca-do-Grupo-D-na-II-Copa-AMVI-DSC_0037-300x200.jpg 300w, https:\/\/infonewss.com\/wp-content\/uploads\/2023\/08\/Marcolandia-vence-Francisco-Macedo-fora-de-casa-e-mantem-lideranca-do-Grupo-D-na-II-Copa-AMVI-DSC_0037-768x512.jpg 768w, https:\/\/infonewss.com\/wp-content\/uploads\/2023\/08\/Marcolandia-vence-Francisco-Macedo-fora-de-casa-e-mantem-lideranca-do-Grupo-D-na-II-Copa-AMVI-DSC_0037-150x100.jpg 150w, https:\/\/infonewss.com\/wp-content\/uploads\/2023\/08\/Marcolandia-vence-Francisco-Macedo-fora-de-casa-e-mantem-lideranca-do-Grupo-D-na-II-Copa-AMVI-DSC_0037-696x464.jpg 696w, https:\/\/infonewss.com\/wp-content\/uploads\/2023\/08\/Marcolandia-vence-Francisco-Macedo-fora-de-casa-e-mantem-lideranca-do-Grupo-D-na-II-Copa-AMVI-DSC_0037.jpg 900w\" data-src=\"https:\/\/infonewss.com\/wp-content\/uploads\/2023\/08\/Marcolandia-vence-Francisco-Macedo-fora-de-casa-e-mantem-lideranca-do-Grupo-D-na-II-Copa-AMVI-DSC_0037-300x200.jpg\" data-sizes=\"(max-width: 300px) 100vw, 300px\" \/><\/a><\/div>\n<\/figure>\n<figure class=\"gallery-item\">\n<div class=\"gallery-icon landscape\"><a href=\"https:\/\/infonewss.com\/wp-content\/uploads\/2023\/08\/Marcolandia-vence-Francisco-Macedo-fora-de-casa-e-mantem-lideranca-do-Grupo-D-na-II-Copa-AMVI-DSC_0038.jpg\"><img loading=\"lazy\" decoding=\"async\" class=\"attachment-medium size-medium lazyload\" src=\"data:image\/gif;base64,R0lGODlhAQABAAAAACH5BAEKAAEALAAAAAABAAEAAAICTAEAOw==\" alt=\"\" width=\"300\" height=\"200\" data-srcset=\"https:\/\/infonewss.com\/wp-content\/uploads\/2023\/08\/Marcolandia-vence-Francisco-Macedo-fora-de-casa-e-mantem-lideranca-do-Grupo-D-na-II-Copa-AMVI-DSC_0038-300x200.jpg 300w, https:\/\/infonewss.com\/wp-content\/uploads\/2023\/08\/Marcolandia-vence-Francisco-Macedo-fora-de-casa-e-mantem-lideranca-do-Grupo-D-na-II-Copa-AMVI-DSC_0038-768x512.jpg 768w, https:\/\/infonewss.com\/wp-content\/uploads\/2023\/08\/Marcolandia-vence-Francisco-Macedo-fora-de-casa-e-mantem-lideranca-do-Grupo-D-na-II-Copa-AMVI-DSC_0038-150x100.jpg 150w, https:\/\/infonewss.com\/wp-content\/uploads\/2023\/08\/Marcolandia-vence-Francisco-Macedo-fora-de-casa-e-mantem-lideranca-do-Grupo-D-na-II-Copa-AMVI-DSC_0038-696x464.jpg 696w, https:\/\/infonewss.com\/wp-content\/uploads\/2023\/08\/Marcolandia-vence-Francisco-Macedo-fora-de-casa-e-mantem-lideranca-do-Grupo-D-na-II-Copa-AMVI-DSC_0038.jpg 900w\" data-src=\"https:\/\/infonewss.com\/wp-content\/uploads\/2023\/08\/Marcolandia-vence-Francisco-Macedo-fora-de-casa-e-mantem-lideranca-do-Grupo-D-na-II-Copa-AMVI-DSC_0038-300x200.jpg\" data-sizes=\"(max-width: 300px) 100vw, 300px\" \/><\/a><\/div>\n<\/figure>\n<figure class=\"gallery-item\">\n<div class=\"gallery-icon landscape\"><a href=\"https:\/\/infonewss.com\/wp-content\/uploads\/2023\/08\/Marcolandia-vence-Francisco-Macedo-fora-de-casa-e-mantem-lideranca-do-Grupo-D-na-II-Copa-AMVI-DSC_0039.jpg\"><img loading=\"lazy\" decoding=\"async\" class=\"attachment-medium size-medium lazyload\" src=\"data:image\/gif;base64,R0lGODlhAQABAAAAACH5BAEKAAEALAAAAAABAAEAAAICTAEAOw==\" alt=\"\" width=\"300\" height=\"200\" data-srcset=\"https:\/\/infonewss.com\/wp-content\/uploads\/2023\/08\/Marcolandia-vence-Francisco-Macedo-fora-de-casa-e-mantem-lideranca-do-Grupo-D-na-II-Copa-AMVI-DSC_0039-300x200.jpg 300w, https:\/\/infonewss.com\/wp-content\/uploads\/2023\/08\/Marcolandia-vence-Francisco-Macedo-fora-de-casa-e-mantem-lideranca-do-Grupo-D-na-II-Copa-AMVI-DSC_0039-768x512.jpg 768w, https:\/\/infonewss.com\/wp-content\/uploads\/2023\/08\/Marcolandia-vence-Francisco-Macedo-fora-de-casa-e-mantem-lideranca-do-Grupo-D-na-II-Copa-AMVI-DSC_0039-150x100.jpg 150w, https:\/\/infonewss.com\/wp-content\/uploads\/2023\/08\/Marcolandia-vence-Francisco-Macedo-fora-de-casa-e-mantem-lideranca-do-Grupo-D-na-II-Copa-AMVI-DSC_0039-696x464.jpg 696w, https:\/\/infonewss.com\/wp-content\/uploads\/2023\/08\/Marcolandia-vence-Francisco-Macedo-fora-de-casa-e-mantem-lideranca-do-Grupo-D-na-II-Copa-AMVI-DSC_0039.jpg 900w\" data-src=\"https:\/\/infonewss.com\/wp-content\/uploads\/2023\/08\/Marcolandia-vence-Francisco-Macedo-fora-de-casa-e-mantem-lideranca-do-Grupo-D-na-II-Copa-AMVI-DSC_0039-300x200.jpg\" data-sizes=\"(max-width: 300px) 100vw, 300px\" \/><\/a><\/div>\n<\/figure>\n<figure class=\"gallery-item\">\n<div class=\"gallery-icon landscape\"><a href=\"https:\/\/infonewss.com\/wp-content\/uploads\/2023\/08\/Marcolandia-vence-Francisco-Macedo-fora-de-casa-e-mantem-lideranca-do-Grupo-D-na-II-Copa-AMVI-DSC_0040.jpg\"><img loading=\"lazy\" decoding=\"async\" class=\"attachment-medium size-medium lazyload\" src=\"data:image\/gif;base64,R0lGODlhAQABAAAAACH5BAEKAAEALAAAAAABAAEAAAICTAEAOw==\" alt=\"\" width=\"300\" height=\"200\" data-srcset=\"https:\/\/infonewss.com\/wp-content\/uploads\/2023\/08\/Marcolandia-vence-Francisco-Macedo-fora-de-casa-e-mantem-lideranca-do-Grupo-D-na-II-Copa-AMVI-DSC_0040-300x200.jpg 300w, https:\/\/infonewss.com\/wp-content\/uploads\/2023\/08\/Marcolandia-vence-Francisco-Macedo-fora-de-casa-e-mantem-lideranca-do-Grupo-D-na-II-Copa-AMVI-DSC_0040-768x512.jpg 768w, https:\/\/infonewss.com\/wp-content\/uploads\/2023\/08\/Marcolandia-vence-Francisco-Macedo-fora-de-casa-e-mantem-lideranca-do-Grupo-D-na-II-Copa-AMVI-DSC_0040-150x100.jpg 150w, https:\/\/infonewss.com\/wp-content\/uploads\/2023\/08\/Marcolandia-vence-Francisco-Macedo-fora-de-casa-e-mantem-lideranca-do-Grupo-D-na-II-Copa-AMVI-DSC_0040-696x464.jpg 696w, https:\/\/infonewss.com\/wp-content\/uploads\/2023\/08\/Marcolandia-vence-Francisco-Macedo-fora-de-casa-e-mantem-lideranca-do-Grupo-D-na-II-Copa-AMVI-DSC_0040.jpg 900w\" data-src=\"https:\/\/infonewss.com\/wp-content\/uploads\/2023\/08\/Marcolandia-vence-Francisco-Macedo-fora-de-casa-e-mantem-lideranca-do-Grupo-D-na-II-Copa-AMVI-DSC_0040-300x200.jpg\" data-sizes=\"(max-width: 300px) 100vw, 300px\" \/><\/a><\/div>\n<\/figure>\n<figure class=\"gallery-item\">\n<div class=\"gallery-icon landscape\"><a href=\"https:\/\/infonewss.com\/wp-content\/uploads\/2023\/08\/Marcolandia-vence-Francisco-Macedo-fora-de-casa-e-mantem-lideranca-do-Grupo-D-na-II-Copa-AMVI-DSC_0041.jpg\"><img loading=\"lazy\" decoding=\"async\" class=\"attachment-medium size-medium lazyload\" src=\"data:image\/gif;base64,R0lGODlhAQABAAAAACH5BAEKAAEALAAAAAABAAEAAAICTAEAOw==\" alt=\"\" width=\"300\" height=\"200\" data-srcset=\"https:\/\/infonewss.com\/wp-content\/uploads\/2023\/08\/Marcolandia-vence-Francisco-Macedo-fora-de-casa-e-mantem-lideranca-do-Grupo-D-na-II-Copa-AMVI-DSC_0041-300x200.jpg 300w, https:\/\/infonewss.com\/wp-content\/uploads\/2023\/08\/Marcolandia-vence-Francisco-Macedo-fora-de-casa-e-mantem-lideranca-do-Grupo-D-na-II-Copa-AMVI-DSC_0041-768x512.jpg 768w, https:\/\/infonewss.com\/wp-content\/uploads\/2023\/08\/Marcolandia-vence-Francisco-Macedo-fora-de-casa-e-mantem-lideranca-do-Grupo-D-na-II-Copa-AMVI-DSC_0041-150x100.jpg 150w, https:\/\/infonewss.com\/wp-content\/uploads\/2023\/08\/Marcolandia-vence-Francisco-Macedo-fora-de-casa-e-mantem-lideranca-do-Grupo-D-na-II-Copa-AMVI-DSC_0041-696x464.jpg 696w, https:\/\/infonewss.com\/wp-content\/uploads\/2023\/08\/Marcolandia-vence-Francisco-Macedo-fora-de-casa-e-mantem-lideranca-do-Grupo-D-na-II-Copa-AMVI-DSC_0041.jpg 900w\" data-src=\"https:\/\/infonewss.com\/wp-content\/uploads\/2023\/08\/Marcolandia-vence-Francisco-Macedo-fora-de-casa-e-mantem-lideranca-do-Grupo-D-na-II-Copa-AMVI-DSC_0041-300x200.jpg\" data-sizes=\"(max-width: 300px) 100vw, 300px\" \/><\/a><\/div>\n<\/figure>\n<figure class=\"gallery-item\">\n<div class=\"gallery-icon landscape\"><a href=\"https:\/\/infonewss.com\/wp-content\/uploads\/2023\/08\/Marcolandia-vence-Francisco-Macedo-fora-de-casa-e-mantem-lideranca-do-Grupo-D-na-II-Copa-AMVI-DSC_0042.jpg\"><img loading=\"lazy\" decoding=\"async\" class=\"attachment-medium size-medium lazyload\" src=\"data:image\/gif;base64,R0lGODlhAQABAAAAACH5BAEKAAEALAAAAAABAAEAAAICTAEAOw==\" alt=\"\" width=\"300\" height=\"200\" data-srcset=\"https:\/\/infonewss.com\/wp-content\/uploads\/2023\/08\/Marcolandia-vence-Francisco-Macedo-fora-de-casa-e-mantem-lideranca-do-Grupo-D-na-II-Copa-AMVI-DSC_0042-300x200.jpg 300w, https:\/\/infonewss.com\/wp-content\/uploads\/2023\/08\/Marcolandia-vence-Francisco-Macedo-fora-de-casa-e-mantem-lideranca-do-Grupo-D-na-II-Copa-AMVI-DSC_0042-768x512.jpg 768w, https:\/\/infonewss.com\/wp-content\/uploads\/2023\/08\/Marcolandia-vence-Francisco-Macedo-fora-de-casa-e-mantem-lideranca-do-Grupo-D-na-II-Copa-AMVI-DSC_0042-150x100.jpg 150w, https:\/\/infonewss.com\/wp-content\/uploads\/2023\/08\/Marcolandia-vence-Francisco-Macedo-fora-de-casa-e-mantem-lideranca-do-Grupo-D-na-II-Copa-AMVI-DSC_0042-696x464.jpg 696w, https:\/\/infonewss.com\/wp-content\/uploads\/2023\/08\/Marcolandia-vence-Francisco-Macedo-fora-de-casa-e-mantem-lideranca-do-Grupo-D-na-II-Copa-AMVI-DSC_0042.jpg 900w\" data-src=\"https:\/\/infonewss.com\/wp-content\/uploads\/2023\/08\/Marcolandia-vence-Francisco-Macedo-fora-de-casa-e-mantem-lideranca-do-Grupo-D-na-II-Copa-AMVI-DSC_0042-300x200.jpg\" data-sizes=\"(max-width: 300px) 100vw, 300px\" \/><\/a><\/div>\n<\/figure>\n<figure class=\"gallery-item\">\n<div class=\"gallery-icon landscape\"><a href=\"https:\/\/infonewss.com\/wp-content\/uploads\/2023\/08\/Marcolandia-vence-Francisco-Macedo-fora-de-casa-e-mantem-lideranca-do-Grupo-D-na-II-Copa-AMVI-DSC_0043.jpg\"><img loading=\"lazy\" decoding=\"async\" class=\"attachment-medium size-medium lazyload\" src=\"data:image\/gif;base64,R0lGODlhAQABAAAAACH5BAEKAAEALAAAAAABAAEAAAICTAEAOw==\" alt=\"\" width=\"300\" height=\"200\" data-srcset=\"https:\/\/infonewss.com\/wp-content\/uploads\/2023\/08\/Marcolandia-vence-Francisco-Macedo-fora-de-casa-e-mantem-lideranca-do-Grupo-D-na-II-Copa-AMVI-DSC_0043-300x200.jpg 300w, https:\/\/infonewss.com\/wp-content\/uploads\/2023\/08\/Marcolandia-vence-Francisco-Macedo-fora-de-casa-e-mantem-lideranca-do-Grupo-D-na-II-Copa-AMVI-DSC_0043-768x512.jpg 768w, https:\/\/infonewss.com\/wp-content\/uploads\/2023\/08\/Marcolandia-vence-Francisco-Macedo-fora-de-casa-e-mantem-lideranca-do-Grupo-D-na-II-Copa-AMVI-DSC_0043-150x100.jpg 150w, https:\/\/infonewss.com\/wp-content\/uploads\/2023\/08\/Marcolandia-vence-Francisco-Macedo-fora-de-casa-e-mantem-lideranca-do-Grupo-D-na-II-Copa-AMVI-DSC_0043-696x464.jpg 696w, https:\/\/infonewss.com\/wp-content\/uploads\/2023\/08\/Marcolandia-vence-Francisco-Macedo-fora-de-casa-e-mantem-lideranca-do-Grupo-D-na-II-Copa-AMVI-DSC_0043.jpg 900w\" data-src=\"https:\/\/infonewss.com\/wp-content\/uploads\/2023\/08\/Marcolandia-vence-Francisco-Macedo-fora-de-casa-e-mantem-lideranca-do-Grupo-D-na-II-Copa-AMVI-DSC_0043-300x200.jpg\" data-sizes=\"(max-width: 300px) 100vw, 300px\" \/><\/a><\/div>\n<\/figure>\n<figure class=\"gallery-item\">\n<div class=\"gallery-icon landscape\"><a href=\"https:\/\/infonewss.com\/wp-content\/uploads\/2023\/08\/Marcolandia-vence-Francisco-Macedo-fora-de-casa-e-mantem-lideranca-do-Grupo-D-na-II-Copa-AMVI-DSC_0045.jpg\"><img loading=\"lazy\" decoding=\"async\" class=\"attachment-medium size-medium lazyload\" src=\"data:image\/gif;base64,R0lGODlhAQABAAAAACH5BAEKAAEALAAAAAABAAEAAAICTAEAOw==\" alt=\"\" width=\"300\" height=\"200\" data-srcset=\"https:\/\/infonewss.com\/wp-content\/uploads\/2023\/08\/Marcolandia-vence-Francisco-Macedo-fora-de-casa-e-mantem-lideranca-do-Grupo-D-na-II-Copa-AMVI-DSC_0045-300x200.jpg 300w, https:\/\/infonewss.com\/wp-content\/uploads\/2023\/08\/Marcolandia-vence-Francisco-Macedo-fora-de-casa-e-mantem-lideranca-do-Grupo-D-na-II-Copa-AMVI-DSC_0045-768x512.jpg 768w, https:\/\/infonewss.com\/wp-content\/uploads\/2023\/08\/Marcolandia-vence-Francisco-Macedo-fora-de-casa-e-mantem-lideranca-do-Grupo-D-na-II-Copa-AMVI-DSC_0045-150x100.jpg 150w, https:\/\/infonewss.com\/wp-content\/uploads\/2023\/08\/Marcolandia-vence-Francisco-Macedo-fora-de-casa-e-mantem-lideranca-do-Grupo-D-na-II-Copa-AMVI-DSC_0045-696x464.jpg 696w, https:\/\/infonewss.com\/wp-content\/uploads\/2023\/08\/Marcolandia-vence-Francisco-Macedo-fora-de-casa-e-mantem-lideranca-do-Grupo-D-na-II-Copa-AMVI-DSC_0045.jpg 900w\" data-src=\"https:\/\/infonewss.com\/wp-content\/uploads\/2023\/08\/Marcolandia-vence-Francisco-Macedo-fora-de-casa-e-mantem-lideranca-do-Grupo-D-na-II-Copa-AMVI-DSC_0045-300x200.jpg\" data-sizes=\"(max-width: 300px) 100vw, 300px\" \/><\/a><\/div>\n<\/figure>\n<figure class=\"gallery-item\">\n<div class=\"gallery-icon landscape\"><a href=\"https:\/\/infonewss.com\/wp-content\/uploads\/2023\/08\/Marcolandia-vence-Francisco-Macedo-fora-de-casa-e-mantem-lideranca-do-Grupo-D-na-II-Copa-AMVI-DSC_0046.jpg\"><img loading=\"lazy\" decoding=\"async\" class=\"attachment-medium size-medium lazyload\" src=\"data:image\/gif;base64,R0lGODlhAQABAAAAACH5BAEKAAEALAAAAAABAAEAAAICTAEAOw==\" alt=\"\" width=\"300\" height=\"200\" data-srcset=\"https:\/\/infonewss.com\/wp-content\/uploads\/2023\/08\/Marcolandia-vence-Francisco-Macedo-fora-de-casa-e-mantem-lideranca-do-Grupo-D-na-II-Copa-AMVI-DSC_0046-300x200.jpg 300w, https:\/\/infonewss.com\/wp-content\/uploads\/2023\/08\/Marcolandia-vence-Francisco-Macedo-fora-de-casa-e-mantem-lideranca-do-Grupo-D-na-II-Copa-AMVI-DSC_0046-768x512.jpg 768w, https:\/\/infonewss.com\/wp-content\/uploads\/2023\/08\/Marcolandia-vence-Francisco-Macedo-fora-de-casa-e-mantem-lideranca-do-Grupo-D-na-II-Copa-AMVI-DSC_0046-150x100.jpg 150w, https:\/\/infonewss.com\/wp-content\/uploads\/2023\/08\/Marcolandia-vence-Francisco-Macedo-fora-de-casa-e-mantem-lideranca-do-Grupo-D-na-II-Copa-AMVI-DSC_0046-696x464.jpg 696w, https:\/\/infonewss.com\/wp-content\/uploads\/2023\/08\/Marcolandia-vence-Francisco-Macedo-fora-de-casa-e-mantem-lideranca-do-Grupo-D-na-II-Copa-AMVI-DSC_0046.jpg 900w\" data-src=\"https:\/\/infonewss.com\/wp-content\/uploads\/2023\/08\/Marcolandia-vence-Francisco-Macedo-fora-de-casa-e-mantem-lideranca-do-Grupo-D-na-II-Copa-AMVI-DSC_0046-300x200.jpg\" data-sizes=\"(max-width: 300px) 100vw, 300px\" \/><\/a><\/div>\n<\/figure>\n<figure class=\"gallery-item\">\n<div class=\"gallery-icon landscape\"><a href=\"https:\/\/infonewss.com\/wp-content\/uploads\/2023\/08\/Marcolandia-vence-Francisco-Macedo-fora-de-casa-e-mantem-lideranca-do-Grupo-D-na-II-Copa-AMVI-DSC_0047.jpg\"><img loading=\"lazy\" decoding=\"async\" class=\"attachment-medium size-medium lazyload\" src=\"data:image\/gif;base64,R0lGODlhAQABAAAAACH5BAEKAAEALAAAAAABAAEAAAICTAEAOw==\" alt=\"\" width=\"300\" height=\"200\" data-srcset=\"https:\/\/infonewss.com\/wp-content\/uploads\/2023\/08\/Marcolandia-vence-Francisco-Macedo-fora-de-casa-e-mantem-lideranca-do-Grupo-D-na-II-Copa-AMVI-DSC_0047-300x200.jpg 300w, https:\/\/infonewss.com\/wp-content\/uploads\/2023\/08\/Marcolandia-vence-Francisco-Macedo-fora-de-casa-e-mantem-lideranca-do-Grupo-D-na-II-Copa-AMVI-DSC_0047-768x512.jpg 768w, https:\/\/infonewss.com\/wp-content\/uploads\/2023\/08\/Marcolandia-vence-Francisco-Macedo-fora-de-casa-e-mantem-lideranca-do-Grupo-D-na-II-Copa-AMVI-DSC_0047-150x100.jpg 150w, https:\/\/infonewss.com\/wp-content\/uploads\/2023\/08\/Marcolandia-vence-Francisco-Macedo-fora-de-casa-e-mantem-lideranca-do-Grupo-D-na-II-Copa-AMVI-DSC_0047-696x464.jpg 696w, https:\/\/infonewss.com\/wp-content\/uploads\/2023\/08\/Marcolandia-vence-Francisco-Macedo-fora-de-casa-e-mantem-lideranca-do-Grupo-D-na-II-Copa-AMVI-DSC_0047.jpg 900w\" data-src=\"https:\/\/infonewss.com\/wp-content\/uploads\/2023\/08\/Marcolandia-vence-Francisco-Macedo-fora-de-casa-e-mantem-lideranca-do-Grupo-D-na-II-Copa-AMVI-DSC_0047-300x200.jpg\" data-sizes=\"(max-width: 300px) 100vw, 300px\" \/><\/a><\/div>\n<\/figure>\n<figure class=\"gallery-item\">\n<div class=\"gallery-icon landscape\"><a href=\"https:\/\/infonewss.com\/wp-content\/uploads\/2023\/08\/Marcolandia-vence-Francisco-Macedo-fora-de-casa-e-mantem-lideranca-do-Grupo-D-na-II-Copa-AMVI-DSC_0050.jpg\"><img loading=\"lazy\" decoding=\"async\" class=\"attachment-medium size-medium lazyload\" src=\"data:image\/gif;base64,R0lGODlhAQABAAAAACH5BAEKAAEALAAAAAABAAEAAAICTAEAOw==\" alt=\"\" width=\"300\" height=\"200\" data-srcset=\"https:\/\/infonewss.com\/wp-content\/uploads\/2023\/08\/Marcolandia-vence-Francisco-Macedo-fora-de-casa-e-mantem-lideranca-do-Grupo-D-na-II-Copa-AMVI-DSC_0050-300x200.jpg 300w, https:\/\/infonewss.com\/wp-content\/uploads\/2023\/08\/Marcolandia-vence-Francisco-Macedo-fora-de-casa-e-mantem-lideranca-do-Grupo-D-na-II-Copa-AMVI-DSC_0050-768x512.jpg 768w, https:\/\/infonewss.com\/wp-content\/uploads\/2023\/08\/Marcolandia-vence-Francisco-Macedo-fora-de-casa-e-mantem-lideranca-do-Grupo-D-na-II-Copa-AMVI-DSC_0050-150x100.jpg 150w, https:\/\/infonewss.com\/wp-content\/uploads\/2023\/08\/Marcolandia-vence-Francisco-Macedo-fora-de-casa-e-mantem-lideranca-do-Grupo-D-na-II-Copa-AMVI-DSC_0050-696x464.jpg 696w, https:\/\/infonewss.com\/wp-content\/uploads\/2023\/08\/Marcolandia-vence-Francisco-Macedo-fora-de-casa-e-mantem-lideranca-do-Grupo-D-na-II-Copa-AMVI-DSC_0050.jpg 900w\" data-src=\"https:\/\/infonewss.com\/wp-content\/uploads\/2023\/08\/Marcolandia-vence-Francisco-Macedo-fora-de-casa-e-mantem-lideranca-do-Grupo-D-na-II-Copa-AMVI-DSC_0050-300x200.jpg\" data-sizes=\"(max-width: 300px) 100vw, 300px\" \/><\/a><\/div>\n<\/figure>\n<figure class=\"gallery-item\">\n<div class=\"gallery-icon landscape\"><a href=\"https:\/\/infonewss.com\/wp-content\/uploads\/2023\/08\/Marcolandia-vence-Francisco-Macedo-fora-de-casa-e-mantem-lideranca-do-Grupo-D-na-II-Copa-AMVI-DSC_0051.jpg\"><img loading=\"lazy\" decoding=\"async\" class=\"attachment-medium size-medium lazyload\" src=\"data:image\/gif;base64,R0lGODlhAQABAAAAACH5BAEKAAEALAAAAAABAAEAAAICTAEAOw==\" alt=\"\" width=\"300\" height=\"200\" data-srcset=\"https:\/\/infonewss.com\/wp-content\/uploads\/2023\/08\/Marcolandia-vence-Francisco-Macedo-fora-de-casa-e-mantem-lideranca-do-Grupo-D-na-II-Copa-AMVI-DSC_0051-300x200.jpg 300w, https:\/\/infonewss.com\/wp-content\/uploads\/2023\/08\/Marcolandia-vence-Francisco-Macedo-fora-de-casa-e-mantem-lideranca-do-Grupo-D-na-II-Copa-AMVI-DSC_0051-768x512.jpg 768w, https:\/\/infonewss.com\/wp-content\/uploads\/2023\/08\/Marcolandia-vence-Francisco-Macedo-fora-de-casa-e-mantem-lideranca-do-Grupo-D-na-II-Copa-AMVI-DSC_0051-150x100.jpg 150w, https:\/\/infonewss.com\/wp-content\/uploads\/2023\/08\/Marcolandia-vence-Francisco-Macedo-fora-de-casa-e-mantem-lideranca-do-Grupo-D-na-II-Copa-AMVI-DSC_0051-696x464.jpg 696w, https:\/\/infonewss.com\/wp-content\/uploads\/2023\/08\/Marcolandia-vence-Francisco-Macedo-fora-de-casa-e-mantem-lideranca-do-Grupo-D-na-II-Copa-AMVI-DSC_0051.jpg 900w\" data-src=\"https:\/\/infonewss.com\/wp-content\/uploads\/2023\/08\/Marcolandia-vence-Francisco-Macedo-fora-de-casa-e-mantem-lideranca-do-Grupo-D-na-II-Copa-AMVI-DSC_0051-300x200.jpg\" data-sizes=\"(max-width: 300px) 100vw, 300px\" \/><\/a><\/div>\n<\/figure>\n<figure class=\"gallery-item\">\n<div class=\"gallery-icon landscape\"><a href=\"https:\/\/infonewss.com\/wp-content\/uploads\/2023\/08\/Marcolandia-vence-Francisco-Macedo-fora-de-casa-e-mantem-lideranca-do-Grupo-D-na-II-Copa-AMVI-DSC_0052.jpg\"><img loading=\"lazy\" decoding=\"async\" class=\"attachment-medium size-medium lazyload\" src=\"data:image\/gif;base64,R0lGODlhAQABAAAAACH5BAEKAAEALAAAAAABAAEAAAICTAEAOw==\" alt=\"\" width=\"300\" height=\"200\" data-srcset=\"https:\/\/infonewss.com\/wp-content\/uploads\/2023\/08\/Marcolandia-vence-Francisco-Macedo-fora-de-casa-e-mantem-lideranca-do-Grupo-D-na-II-Copa-AMVI-DSC_0052-300x200.jpg 300w, https:\/\/infonewss.com\/wp-content\/uploads\/2023\/08\/Marcolandia-vence-Francisco-Macedo-fora-de-casa-e-mantem-lideranca-do-Grupo-D-na-II-Copa-AMVI-DSC_0052-768x512.jpg 768w, https:\/\/infonewss.com\/wp-content\/uploads\/2023\/08\/Marcolandia-vence-Francisco-Macedo-fora-de-casa-e-mantem-lideranca-do-Grupo-D-na-II-Copa-AMVI-DSC_0052-150x100.jpg 150w, https:\/\/infonewss.com\/wp-content\/uploads\/2023\/08\/Marcolandia-vence-Francisco-Macedo-fora-de-casa-e-mantem-lideranca-do-Grupo-D-na-II-Copa-AMVI-DSC_0052-696x464.jpg 696w, https:\/\/infonewss.com\/wp-content\/uploads\/2023\/08\/Marcolandia-vence-Francisco-Macedo-fora-de-casa-e-mantem-lideranca-do-Grupo-D-na-II-Copa-AMVI-DSC_0052.jpg 900w\" data-src=\"https:\/\/infonewss.com\/wp-content\/uploads\/2023\/08\/Marcolandia-vence-Francisco-Macedo-fora-de-casa-e-mantem-lideranca-do-Grupo-D-na-II-Copa-AMVI-DSC_0052-300x200.jpg\" data-sizes=\"(max-width: 300px) 100vw, 300px\" \/><\/a><\/div>\n<\/figure>\n<figure class=\"gallery-item\">\n<div class=\"gallery-icon landscape\"><a href=\"https:\/\/infonewss.com\/wp-content\/uploads\/2023\/08\/Marcolandia-vence-Francisco-Macedo-fora-de-casa-e-mantem-lideranca-do-Grupo-D-na-II-Copa-AMVI-DSC_0053.jpg\"><img loading=\"lazy\" decoding=\"async\" class=\"attachment-medium size-medium lazyload\" src=\"data:image\/gif;base64,R0lGODlhAQABAAAAACH5BAEKAAEALAAAAAABAAEAAAICTAEAOw==\" alt=\"\" width=\"300\" height=\"200\" data-srcset=\"https:\/\/infonewss.com\/wp-content\/uploads\/2023\/08\/Marcolandia-vence-Francisco-Macedo-fora-de-casa-e-mantem-lideranca-do-Grupo-D-na-II-Copa-AMVI-DSC_0053-300x200.jpg 300w, https:\/\/infonewss.com\/wp-content\/uploads\/2023\/08\/Marcolandia-vence-Francisco-Macedo-fora-de-casa-e-mantem-lideranca-do-Grupo-D-na-II-Copa-AMVI-DSC_0053-768x512.jpg 768w, https:\/\/infonewss.com\/wp-content\/uploads\/2023\/08\/Marcolandia-vence-Francisco-Macedo-fora-de-casa-e-mantem-lideranca-do-Grupo-D-na-II-Copa-AMVI-DSC_0053-150x100.jpg 150w, https:\/\/infonewss.com\/wp-content\/uploads\/2023\/08\/Marcolandia-vence-Francisco-Macedo-fora-de-casa-e-mantem-lideranca-do-Grupo-D-na-II-Copa-AMVI-DSC_0053-696x464.jpg 696w, https:\/\/infonewss.com\/wp-content\/uploads\/2023\/08\/Marcolandia-vence-Francisco-Macedo-fora-de-casa-e-mantem-lideranca-do-Grupo-D-na-II-Copa-AMVI-DSC_0053.jpg 900w\" data-src=\"https:\/\/infonewss.com\/wp-content\/uploads\/2023\/08\/Marcolandia-vence-Francisco-Macedo-fora-de-casa-e-mantem-lideranca-do-Grupo-D-na-II-Copa-AMVI-DSC_0053-300x200.jpg\" data-sizes=\"(max-width: 300px) 100vw, 300px\" \/><\/a><\/div>\n<\/figure>\n<figure class=\"gallery-item\">\n<div class=\"gallery-icon landscape\"><a href=\"https:\/\/infonewss.com\/wp-content\/uploads\/2023\/08\/Marcolandia-vence-Francisco-Macedo-fora-de-casa-e-mantem-lideranca-do-Grupo-D-na-II-Copa-AMVI-DSC_0055.jpg\"><img loading=\"lazy\" decoding=\"async\" class=\"attachment-medium size-medium lazyload\" src=\"data:image\/gif;base64,R0lGODlhAQABAAAAACH5BAEKAAEALAAAAAABAAEAAAICTAEAOw==\" alt=\"\" width=\"300\" height=\"200\" data-srcset=\"https:\/\/infonewss.com\/wp-content\/uploads\/2023\/08\/Marcolandia-vence-Francisco-Macedo-fora-de-casa-e-mantem-lideranca-do-Grupo-D-na-II-Copa-AMVI-DSC_0055-300x200.jpg 300w, https:\/\/infonewss.com\/wp-content\/uploads\/2023\/08\/Marcolandia-vence-Francisco-Macedo-fora-de-casa-e-mantem-lideranca-do-Grupo-D-na-II-Copa-AMVI-DSC_0055-768x512.jpg 768w, https:\/\/infonewss.com\/wp-content\/uploads\/2023\/08\/Marcolandia-vence-Francisco-Macedo-fora-de-casa-e-mantem-lideranca-do-Grupo-D-na-II-Copa-AMVI-DSC_0055-150x100.jpg 150w, https:\/\/infonewss.com\/wp-content\/uploads\/2023\/08\/Marcolandia-vence-Francisco-Macedo-fora-de-casa-e-mantem-lideranca-do-Grupo-D-na-II-Copa-AMVI-DSC_0055-696x464.jpg 696w, https:\/\/infonewss.com\/wp-content\/uploads\/2023\/08\/Marcolandia-vence-Francisco-Macedo-fora-de-casa-e-mantem-lideranca-do-Grupo-D-na-II-Copa-AMVI-DSC_0055.jpg 900w\" data-src=\"https:\/\/infonewss.com\/wp-content\/uploads\/2023\/08\/Marcolandia-vence-Francisco-Macedo-fora-de-casa-e-mantem-lideranca-do-Grupo-D-na-II-Copa-AMVI-DSC_0055-300x200.jpg\" data-sizes=\"(max-width: 300px) 100vw, 300px\" \/><\/a><\/div>\n<\/figure>\n<figure class=\"gallery-item\">\n<div class=\"gallery-icon landscape\"><a href=\"https:\/\/infonewss.com\/wp-content\/uploads\/2023\/08\/Marcolandia-vence-Francisco-Macedo-fora-de-casa-e-mantem-lideranca-do-Grupo-D-na-II-Copa-AMVI-DSC_0056.jpg\"><img loading=\"lazy\" decoding=\"async\" class=\"attachment-medium size-medium lazyload\" src=\"data:image\/gif;base64,R0lGODlhAQABAAAAACH5BAEKAAEALAAAAAABAAEAAAICTAEAOw==\" alt=\"\" width=\"300\" height=\"200\" data-srcset=\"https:\/\/infonewss.com\/wp-content\/uploads\/2023\/08\/Marcolandia-vence-Francisco-Macedo-fora-de-casa-e-mantem-lideranca-do-Grupo-D-na-II-Copa-AMVI-DSC_0056-300x200.jpg 300w, https:\/\/infonewss.com\/wp-content\/uploads\/2023\/08\/Marcolandia-vence-Francisco-Macedo-fora-de-casa-e-mantem-lideranca-do-Grupo-D-na-II-Copa-AMVI-DSC_0056-768x512.jpg 768w, https:\/\/infonewss.com\/wp-content\/uploads\/2023\/08\/Marcolandia-vence-Francisco-Macedo-fora-de-casa-e-mantem-lideranca-do-Grupo-D-na-II-Copa-AMVI-DSC_0056-150x100.jpg 150w, https:\/\/infonewss.com\/wp-content\/uploads\/2023\/08\/Marcolandia-vence-Francisco-Macedo-fora-de-casa-e-mantem-lideranca-do-Grupo-D-na-II-Copa-AMVI-DSC_0056-696x464.jpg 696w, https:\/\/infonewss.com\/wp-content\/uploads\/2023\/08\/Marcolandia-vence-Francisco-Macedo-fora-de-casa-e-mantem-lideranca-do-Grupo-D-na-II-Copa-AMVI-DSC_0056.jpg 900w\" data-src=\"https:\/\/infonewss.com\/wp-content\/uploads\/2023\/08\/Marcolandia-vence-Francisco-Macedo-fora-de-casa-e-mantem-lideranca-do-Grupo-D-na-II-Copa-AMVI-DSC_0056-300x200.jpg\" data-sizes=\"(max-width: 300px) 100vw, 300px\" \/><\/a><\/div>\n<\/figure>\n<figure class=\"gallery-item\">\n<div class=\"gallery-icon landscape\"><a href=\"https:\/\/infonewss.com\/wp-content\/uploads\/2023\/08\/Marcolandia-vence-Francisco-Macedo-fora-de-casa-e-mantem-lideranca-do-Grupo-D-na-II-Copa-AMVI-DSC_0058.jpg\"><img loading=\"lazy\" decoding=\"async\" class=\"attachment-medium size-medium lazyload\" src=\"data:image\/gif;base64,R0lGODlhAQABAAAAACH5BAEKAAEALAAAAAABAAEAAAICTAEAOw==\" alt=\"\" width=\"300\" height=\"200\" data-srcset=\"https:\/\/infonewss.com\/wp-content\/uploads\/2023\/08\/Marcolandia-vence-Francisco-Macedo-fora-de-casa-e-mantem-lideranca-do-Grupo-D-na-II-Copa-AMVI-DSC_0058-300x200.jpg 300w, https:\/\/infonewss.com\/wp-content\/uploads\/2023\/08\/Marcolandia-vence-Francisco-Macedo-fora-de-casa-e-mantem-lideranca-do-Grupo-D-na-II-Copa-AMVI-DSC_0058-768x512.jpg 768w, https:\/\/infonewss.com\/wp-content\/uploads\/2023\/08\/Marcolandia-vence-Francisco-Macedo-fora-de-casa-e-mantem-lideranca-do-Grupo-D-na-II-Copa-AMVI-DSC_0058-150x100.jpg 150w, https:\/\/infonewss.com\/wp-content\/uploads\/2023\/08\/Marcolandia-vence-Francisco-Macedo-fora-de-casa-e-mantem-lideranca-do-Grupo-D-na-II-Copa-AMVI-DSC_0058-696x464.jpg 696w, https:\/\/infonewss.com\/wp-content\/uploads\/2023\/08\/Marcolandia-vence-Francisco-Macedo-fora-de-casa-e-mantem-lideranca-do-Grupo-D-na-II-Copa-AMVI-DSC_0058.jpg 900w\" data-src=\"https:\/\/infonewss.com\/wp-content\/uploads\/2023\/08\/Marcolandia-vence-Francisco-Macedo-fora-de-casa-e-mantem-lideranca-do-Grupo-D-na-II-Copa-AMVI-DSC_0058-300x200.jpg\" data-sizes=\"(max-width: 300px) 100vw, 300px\" \/><\/a><\/div>\n<\/figure>\n<figure class=\"gallery-item\">\n<div class=\"gallery-icon landscape\"><a href=\"https:\/\/infonewss.com\/wp-content\/uploads\/2023\/08\/Marcolandia-vence-Francisco-Macedo-fora-de-casa-e-mantem-lideranca-do-Grupo-D-na-II-Copa-AMVI-DSC_0059.jpg\"><img loading=\"lazy\" decoding=\"async\" class=\"attachment-medium size-medium lazyload\" src=\"data:image\/gif;base64,R0lGODlhAQABAAAAACH5BAEKAAEALAAAAAABAAEAAAICTAEAOw==\" alt=\"\" width=\"300\" height=\"200\" data-srcset=\"https:\/\/infonewss.com\/wp-content\/uploads\/2023\/08\/Marcolandia-vence-Francisco-Macedo-fora-de-casa-e-mantem-lideranca-do-Grupo-D-na-II-Copa-AMVI-DSC_0059-300x200.jpg 300w, https:\/\/infonewss.com\/wp-content\/uploads\/2023\/08\/Marcolandia-vence-Francisco-Macedo-fora-de-casa-e-mantem-lideranca-do-Grupo-D-na-II-Copa-AMVI-DSC_0059-768x512.jpg 768w, https:\/\/infonewss.com\/wp-content\/uploads\/2023\/08\/Marcolandia-vence-Francisco-Macedo-fora-de-casa-e-mantem-lideranca-do-Grupo-D-na-II-Copa-AMVI-DSC_0059-150x100.jpg 150w, https:\/\/infonewss.com\/wp-content\/uploads\/2023\/08\/Marcolandia-vence-Francisco-Macedo-fora-de-casa-e-mantem-lideranca-do-Grupo-D-na-II-Copa-AMVI-DSC_0059-696x464.jpg 696w, https:\/\/infonewss.com\/wp-content\/uploads\/2023\/08\/Marcolandia-vence-Francisco-Macedo-fora-de-casa-e-mantem-lideranca-do-Grupo-D-na-II-Copa-AMVI-DSC_0059.jpg 900w\" data-src=\"https:\/\/infonewss.com\/wp-content\/uploads\/2023\/08\/Marcolandia-vence-Francisco-Macedo-fora-de-casa-e-mantem-lideranca-do-Grupo-D-na-II-Copa-AMVI-DSC_0059-300x200.jpg\" data-sizes=\"(max-width: 300px) 100vw, 300px\" \/><\/a><\/div>\n<\/figure>\n<figure class=\"gallery-item\">\n<div class=\"gallery-icon landscape\"><a href=\"https:\/\/infonewss.com\/wp-content\/uploads\/2023\/08\/Marcolandia-vence-Francisco-Macedo-fora-de-casa-e-mantem-lideranca-do-Grupo-D-na-II-Copa-AMVI-DSC_0061.jpg\"><img loading=\"lazy\" decoding=\"async\" class=\"attachment-medium size-medium lazyload\" src=\"data:image\/gif;base64,R0lGODlhAQABAAAAACH5BAEKAAEALAAAAAABAAEAAAICTAEAOw==\" alt=\"\" width=\"300\" height=\"200\" data-srcset=\"https:\/\/infonewss.com\/wp-content\/uploads\/2023\/08\/Marcolandia-vence-Francisco-Macedo-fora-de-casa-e-mantem-lideranca-do-Grupo-D-na-II-Copa-AMVI-DSC_0061-300x200.jpg 300w, https:\/\/infonewss.com\/wp-content\/uploads\/2023\/08\/Marcolandia-vence-Francisco-Macedo-fora-de-casa-e-mantem-lideranca-do-Grupo-D-na-II-Copa-AMVI-DSC_0061-768x512.jpg 768w, https:\/\/infonewss.com\/wp-content\/uploads\/2023\/08\/Marcolandia-vence-Francisco-Macedo-fora-de-casa-e-mantem-lideranca-do-Grupo-D-na-II-Copa-AMVI-DSC_0061-150x100.jpg 150w, https:\/\/infonewss.com\/wp-content\/uploads\/2023\/08\/Marcolandia-vence-Francisco-Macedo-fora-de-casa-e-mantem-lideranca-do-Grupo-D-na-II-Copa-AMVI-DSC_0061-696x464.jpg 696w, https:\/\/infonewss.com\/wp-content\/uploads\/2023\/08\/Marcolandia-vence-Francisco-Macedo-fora-de-casa-e-mantem-lideranca-do-Grupo-D-na-II-Copa-AMVI-DSC_0061.jpg 900w\" data-src=\"https:\/\/infonewss.com\/wp-content\/uploads\/2023\/08\/Marcolandia-vence-Francisco-Macedo-fora-de-casa-e-mantem-lideranca-do-Grupo-D-na-II-Copa-AMVI-DSC_0061-300x200.jpg\" data-sizes=\"(max-width: 300px) 100vw, 300px\" \/><\/a><\/div>\n<\/figure>\n<figure class=\"gallery-item\">\n<div class=\"gallery-icon landscape\"><a href=\"https:\/\/infonewss.com\/wp-content\/uploads\/2023\/08\/Marcolandia-vence-Francisco-Macedo-fora-de-casa-e-mantem-lideranca-do-Grupo-D-na-II-Copa-AMVI-DSC_0064.jpg\"><img loading=\"lazy\" decoding=\"async\" class=\"attachment-medium size-medium lazyload\" src=\"data:image\/gif;base64,R0lGODlhAQABAAAAACH5BAEKAAEALAAAAAABAAEAAAICTAEAOw==\" alt=\"\" width=\"300\" height=\"200\" data-srcset=\"https:\/\/infonewss.com\/wp-content\/uploads\/2023\/08\/Marcolandia-vence-Francisco-Macedo-fora-de-casa-e-mantem-lideranca-do-Grupo-D-na-II-Copa-AMVI-DSC_0064-300x200.jpg 300w, https:\/\/infonewss.com\/wp-content\/uploads\/2023\/08\/Marcolandia-vence-Francisco-Macedo-fora-de-casa-e-mantem-lideranca-do-Grupo-D-na-II-Copa-AMVI-DSC_0064-768x512.jpg 768w, https:\/\/infonewss.com\/wp-content\/uploads\/2023\/08\/Marcolandia-vence-Francisco-Macedo-fora-de-casa-e-mantem-lideranca-do-Grupo-D-na-II-Copa-AMVI-DSC_0064-150x100.jpg 150w, https:\/\/infonewss.com\/wp-content\/uploads\/2023\/08\/Marcolandia-vence-Francisco-Macedo-fora-de-casa-e-mantem-lideranca-do-Grupo-D-na-II-Copa-AMVI-DSC_0064-696x464.jpg 696w, https:\/\/infonewss.com\/wp-content\/uploads\/2023\/08\/Marcolandia-vence-Francisco-Macedo-fora-de-casa-e-mantem-lideranca-do-Grupo-D-na-II-Copa-AMVI-DSC_0064.jpg 900w\" data-src=\"https:\/\/infonewss.com\/wp-content\/uploads\/2023\/08\/Marcolandia-vence-Francisco-Macedo-fora-de-casa-e-mantem-lideranca-do-Grupo-D-na-II-Copa-AMVI-DSC_0064-300x200.jpg\" data-sizes=\"(max-width: 300px) 100vw, 300px\" \/><\/a><\/div>\n<\/figure>\n<figure class=\"gallery-item\">\n<div class=\"gallery-icon landscape\"><a href=\"https:\/\/infonewss.com\/wp-content\/uploads\/2023\/08\/Marcolandia-vence-Francisco-Macedo-fora-de-casa-e-mantem-lideranca-do-Grupo-D-na-II-Copa-AMVI-DSC_0065.jpg\"><img loading=\"lazy\" decoding=\"async\" class=\"attachment-medium size-medium lazyload\" src=\"data:image\/gif;base64,R0lGODlhAQABAAAAACH5BAEKAAEALAAAAAABAAEAAAICTAEAOw==\" alt=\"\" width=\"300\" height=\"200\" data-srcset=\"https:\/\/infonewss.com\/wp-content\/uploads\/2023\/08\/Marcolandia-vence-Francisco-Macedo-fora-de-casa-e-mantem-lideranca-do-Grupo-D-na-II-Copa-AMVI-DSC_0065-300x200.jpg 300w, https:\/\/infonewss.com\/wp-content\/uploads\/2023\/08\/Marcolandia-vence-Francisco-Macedo-fora-de-casa-e-mantem-lideranca-do-Grupo-D-na-II-Copa-AMVI-DSC_0065-768x512.jpg 768w, https:\/\/infonewss.com\/wp-content\/uploads\/2023\/08\/Marcolandia-vence-Francisco-Macedo-fora-de-casa-e-mantem-lideranca-do-Grupo-D-na-II-Copa-AMVI-DSC_0065-150x100.jpg 150w, https:\/\/infonewss.com\/wp-content\/uploads\/2023\/08\/Marcolandia-vence-Francisco-Macedo-fora-de-casa-e-mantem-lideranca-do-Grupo-D-na-II-Copa-AMVI-DSC_0065-696x464.jpg 696w, https:\/\/infonewss.com\/wp-content\/uploads\/2023\/08\/Marcolandia-vence-Francisco-Macedo-fora-de-casa-e-mantem-lideranca-do-Grupo-D-na-II-Copa-AMVI-DSC_0065.jpg 900w\" data-src=\"https:\/\/infonewss.com\/wp-content\/uploads\/2023\/08\/Marcolandia-vence-Francisco-Macedo-fora-de-casa-e-mantem-lideranca-do-Grupo-D-na-II-Copa-AMVI-DSC_0065-300x200.jpg\" data-sizes=\"(max-width: 300px) 100vw, 300px\" \/><\/a><\/div>\n<\/figure>\n<figure class=\"gallery-item\">\n<div class=\"gallery-icon landscape\"><a href=\"https:\/\/infonewss.com\/wp-content\/uploads\/2023\/08\/Marcolandia-vence-Francisco-Macedo-fora-de-casa-e-mantem-lideranca-do-Grupo-D-na-II-Copa-AMVI-DSC_0066.jpg\"><img loading=\"lazy\" decoding=\"async\" class=\"attachment-medium size-medium lazyload\" src=\"data:image\/gif;base64,R0lGODlhAQABAAAAACH5BAEKAAEALAAAAAABAAEAAAICTAEAOw==\" alt=\"\" width=\"300\" height=\"200\" data-srcset=\"https:\/\/infonewss.com\/wp-content\/uploads\/2023\/08\/Marcolandia-vence-Francisco-Macedo-fora-de-casa-e-mantem-lideranca-do-Grupo-D-na-II-Copa-AMVI-DSC_0066-300x200.jpg 300w, https:\/\/infonewss.com\/wp-content\/uploads\/2023\/08\/Marcolandia-vence-Francisco-Macedo-fora-de-casa-e-mantem-lideranca-do-Grupo-D-na-II-Copa-AMVI-DSC_0066-768x512.jpg 768w, https:\/\/infonewss.com\/wp-content\/uploads\/2023\/08\/Marcolandia-vence-Francisco-Macedo-fora-de-casa-e-mantem-lideranca-do-Grupo-D-na-II-Copa-AMVI-DSC_0066-150x100.jpg 150w, https:\/\/infonewss.com\/wp-content\/uploads\/2023\/08\/Marcolandia-vence-Francisco-Macedo-fora-de-casa-e-mantem-lideranca-do-Grupo-D-na-II-Copa-AMVI-DSC_0066-696x464.jpg 696w, https:\/\/infonewss.com\/wp-content\/uploads\/2023\/08\/Marcolandia-vence-Francisco-Macedo-fora-de-casa-e-mantem-lideranca-do-Grupo-D-na-II-Copa-AMVI-DSC_0066.jpg 900w\" data-src=\"https:\/\/infonewss.com\/wp-content\/uploads\/2023\/08\/Marcolandia-vence-Francisco-Macedo-fora-de-casa-e-mantem-lideranca-do-Grupo-D-na-II-Copa-AMVI-DSC_0066-300x200.jpg\" data-sizes=\"(max-width: 300px) 100vw, 300px\" \/><\/a><\/div>\n<\/figure>\n<figure class=\"gallery-item\">\n<div class=\"gallery-icon landscape\"><a href=\"https:\/\/infonewss.com\/wp-content\/uploads\/2023\/08\/Marcolandia-vence-Francisco-Macedo-fora-de-casa-e-mantem-lideranca-do-Grupo-D-na-II-Copa-AMVI-DSC_0067.jpg\"><img loading=\"lazy\" decoding=\"async\" class=\"attachment-medium size-medium lazyload\" src=\"data:image\/gif;base64,R0lGODlhAQABAAAAACH5BAEKAAEALAAAAAABAAEAAAICTAEAOw==\" alt=\"\" width=\"300\" height=\"200\" data-srcset=\"https:\/\/infonewss.com\/wp-content\/uploads\/2023\/08\/Marcolandia-vence-Francisco-Macedo-fora-de-casa-e-mantem-lideranca-do-Grupo-D-na-II-Copa-AMVI-DSC_0067-300x200.jpg 300w, https:\/\/infonewss.com\/wp-content\/uploads\/2023\/08\/Marcolandia-vence-Francisco-Macedo-fora-de-casa-e-mantem-lideranca-do-Grupo-D-na-II-Copa-AMVI-DSC_0067-768x512.jpg 768w, https:\/\/infonewss.com\/wp-content\/uploads\/2023\/08\/Marcolandia-vence-Francisco-Macedo-fora-de-casa-e-mantem-lideranca-do-Grupo-D-na-II-Copa-AMVI-DSC_0067-150x100.jpg 150w, https:\/\/infonewss.com\/wp-content\/uploads\/2023\/08\/Marcolandia-vence-Francisco-Macedo-fora-de-casa-e-mantem-lideranca-do-Grupo-D-na-II-Copa-AMVI-DSC_0067-696x464.jpg 696w, https:\/\/infonewss.com\/wp-content\/uploads\/2023\/08\/Marcolandia-vence-Francisco-Macedo-fora-de-casa-e-mantem-lideranca-do-Grupo-D-na-II-Copa-AMVI-DSC_0067.jpg 900w\" data-src=\"https:\/\/infonewss.com\/wp-content\/uploads\/2023\/08\/Marcolandia-vence-Francisco-Macedo-fora-de-casa-e-mantem-lideranca-do-Grupo-D-na-II-Copa-AMVI-DSC_0067-300x200.jpg\" data-sizes=\"(max-width: 300px) 100vw, 300px\" \/><\/a><\/div>\n<\/figure>\n<figure class=\"gallery-item\">\n<div class=\"gallery-icon landscape\"><a href=\"https:\/\/infonewss.com\/wp-content\/uploads\/2023\/08\/Marcolandia-vence-Francisco-Macedo-fora-de-casa-e-mantem-lideranca-do-Grupo-D-na-II-Copa-AMVI-DSC_0068.jpg\"><img loading=\"lazy\" decoding=\"async\" class=\"attachment-medium size-medium lazyload\" src=\"data:image\/gif;base64,R0lGODlhAQABAAAAACH5BAEKAAEALAAAAAABAAEAAAICTAEAOw==\" alt=\"\" width=\"300\" height=\"200\" data-srcset=\"https:\/\/infonewss.com\/wp-content\/uploads\/2023\/08\/Marcolandia-vence-Francisco-Macedo-fora-de-casa-e-mantem-lideranca-do-Grupo-D-na-II-Copa-AMVI-DSC_0068-300x200.jpg 300w, https:\/\/infonewss.com\/wp-content\/uploads\/2023\/08\/Marcolandia-vence-Francisco-Macedo-fora-de-casa-e-mantem-lideranca-do-Grupo-D-na-II-Copa-AMVI-DSC_0068-768x512.jpg 768w, https:\/\/infonewss.com\/wp-content\/uploads\/2023\/08\/Marcolandia-vence-Francisco-Macedo-fora-de-casa-e-mantem-lideranca-do-Grupo-D-na-II-Copa-AMVI-DSC_0068-150x100.jpg 150w, https:\/\/infonewss.com\/wp-content\/uploads\/2023\/08\/Marcolandia-vence-Francisco-Macedo-fora-de-casa-e-mantem-lideranca-do-Grupo-D-na-II-Copa-AMVI-DSC_0068-696x464.jpg 696w, https:\/\/infonewss.com\/wp-content\/uploads\/2023\/08\/Marcolandia-vence-Francisco-Macedo-fora-de-casa-e-mantem-lideranca-do-Grupo-D-na-II-Copa-AMVI-DSC_0068.jpg 900w\" data-src=\"https:\/\/infonewss.com\/wp-content\/uploads\/2023\/08\/Marcolandia-vence-Francisco-Macedo-fora-de-casa-e-mantem-lideranca-do-Grupo-D-na-II-Copa-AMVI-DSC_0068-300x200.jpg\" data-sizes=\"(max-width: 300px) 100vw, 300px\" \/><\/a><\/div>\n<\/figure>\n<figure class=\"gallery-item\">\n<div class=\"gallery-icon landscape\"><a href=\"https:\/\/infonewss.com\/wp-content\/uploads\/2023\/08\/Marcolandia-vence-Francisco-Macedo-fora-de-casa-e-mantem-lideranca-do-Grupo-D-na-II-Copa-AMVI-DSC_0069.jpg\"><img loading=\"lazy\" decoding=\"async\" class=\"attachment-medium size-medium lazyload\" src=\"data:image\/gif;base64,R0lGODlhAQABAAAAACH5BAEKAAEALAAAAAABAAEAAAICTAEAOw==\" alt=\"\" width=\"300\" height=\"200\" data-srcset=\"https:\/\/infonewss.com\/wp-content\/uploads\/2023\/08\/Marcolandia-vence-Francisco-Macedo-fora-de-casa-e-mantem-lideranca-do-Grupo-D-na-II-Copa-AMVI-DSC_0069-300x200.jpg 300w, https:\/\/infonewss.com\/wp-content\/uploads\/2023\/08\/Marcolandia-vence-Francisco-Macedo-fora-de-casa-e-mantem-lideranca-do-Grupo-D-na-II-Copa-AMVI-DSC_0069-768x512.jpg 768w, https:\/\/infonewss.com\/wp-content\/uploads\/2023\/08\/Marcolandia-vence-Francisco-Macedo-fora-de-casa-e-mantem-lideranca-do-Grupo-D-na-II-Copa-AMVI-DSC_0069-150x100.jpg 150w, https:\/\/infonewss.com\/wp-content\/uploads\/2023\/08\/Marcolandia-vence-Francisco-Macedo-fora-de-casa-e-mantem-lideranca-do-Grupo-D-na-II-Copa-AMVI-DSC_0069-696x464.jpg 696w, https:\/\/infonewss.com\/wp-content\/uploads\/2023\/08\/Marcolandia-vence-Francisco-Macedo-fora-de-casa-e-mantem-lideranca-do-Grupo-D-na-II-Copa-AMVI-DSC_0069.jpg 900w\" data-src=\"https:\/\/infonewss.com\/wp-content\/uploads\/2023\/08\/Marcolandia-vence-Francisco-Macedo-fora-de-casa-e-mantem-lideranca-do-Grupo-D-na-II-Copa-AMVI-DSC_0069-300x200.jpg\" data-sizes=\"(max-width: 300px) 100vw, 300px\" \/><\/a><\/div>\n<\/figure>\n<figure class=\"gallery-item\">\n<div class=\"gallery-icon landscape\"><a href=\"https:\/\/infonewss.com\/wp-content\/uploads\/2023\/08\/Marcolandia-vence-Francisco-Macedo-fora-de-casa-e-mantem-lideranca-do-Grupo-D-na-II-Copa-AMVI-DSC_0070.jpg\"><img loading=\"lazy\" decoding=\"async\" class=\"attachment-medium size-medium lazyload\" src=\"data:image\/gif;base64,R0lGODlhAQABAAAAACH5BAEKAAEALAAAAAABAAEAAAICTAEAOw==\" alt=\"\" width=\"300\" height=\"200\" data-srcset=\"https:\/\/infonewss.com\/wp-content\/uploads\/2023\/08\/Marcolandia-vence-Francisco-Macedo-fora-de-casa-e-mantem-lideranca-do-Grupo-D-na-II-Copa-AMVI-DSC_0070-300x200.jpg 300w, https:\/\/infonewss.com\/wp-content\/uploads\/2023\/08\/Marcolandia-vence-Francisco-Macedo-fora-de-casa-e-mantem-lideranca-do-Grupo-D-na-II-Copa-AMVI-DSC_0070-768x512.jpg 768w, https:\/\/infonewss.com\/wp-content\/uploads\/2023\/08\/Marcolandia-vence-Francisco-Macedo-fora-de-casa-e-mantem-lideranca-do-Grupo-D-na-II-Copa-AMVI-DSC_0070-150x100.jpg 150w, https:\/\/infonewss.com\/wp-content\/uploads\/2023\/08\/Marcolandia-vence-Francisco-Macedo-fora-de-casa-e-mantem-lideranca-do-Grupo-D-na-II-Copa-AMVI-DSC_0070-696x464.jpg 696w, https:\/\/infonewss.com\/wp-content\/uploads\/2023\/08\/Marcolandia-vence-Francisco-Macedo-fora-de-casa-e-mantem-lideranca-do-Grupo-D-na-II-Copa-AMVI-DSC_0070.jpg 900w\" data-src=\"https:\/\/infonewss.com\/wp-content\/uploads\/2023\/08\/Marcolandia-vence-Francisco-Macedo-fora-de-casa-e-mantem-lideranca-do-Grupo-D-na-II-Copa-AMVI-DSC_0070-300x200.jpg\" data-sizes=\"(max-width: 300px) 100vw, 300px\" \/><\/a><\/div>\n<\/figure>\n<figure class=\"gallery-item\">\n<div class=\"gallery-icon landscape\"><a href=\"https:\/\/infonewss.com\/wp-content\/uploads\/2023\/08\/Marcolandia-vence-Francisco-Macedo-fora-de-casa-e-mantem-lideranca-do-Grupo-D-na-II-Copa-AMVI-DSC_0071.jpg\"><img loading=\"lazy\" decoding=\"async\" class=\"attachment-medium size-medium lazyload\" src=\"data:image\/gif;base64,R0lGODlhAQABAAAAACH5BAEKAAEALAAAAAABAAEAAAICTAEAOw==\" alt=\"\" width=\"300\" height=\"200\" data-srcset=\"https:\/\/infonewss.com\/wp-content\/uploads\/2023\/08\/Marcolandia-vence-Francisco-Macedo-fora-de-casa-e-mantem-lideranca-do-Grupo-D-na-II-Copa-AMVI-DSC_0071-300x200.jpg 300w, https:\/\/infonewss.com\/wp-content\/uploads\/2023\/08\/Marcolandia-vence-Francisco-Macedo-fora-de-casa-e-mantem-lideranca-do-Grupo-D-na-II-Copa-AMVI-DSC_0071-768x512.jpg 768w, https:\/\/infonewss.com\/wp-content\/uploads\/2023\/08\/Marcolandia-vence-Francisco-Macedo-fora-de-casa-e-mantem-lideranca-do-Grupo-D-na-II-Copa-AMVI-DSC_0071-150x100.jpg 150w, https:\/\/infonewss.com\/wp-content\/uploads\/2023\/08\/Marcolandia-vence-Francisco-Macedo-fora-de-casa-e-mantem-lideranca-do-Grupo-D-na-II-Copa-AMVI-DSC_0071-696x464.jpg 696w, https:\/\/infonewss.com\/wp-content\/uploads\/2023\/08\/Marcolandia-vence-Francisco-Macedo-fora-de-casa-e-mantem-lideranca-do-Grupo-D-na-II-Copa-AMVI-DSC_0071.jpg 900w\" data-src=\"https:\/\/infonewss.com\/wp-content\/uploads\/2023\/08\/Marcolandia-vence-Francisco-Macedo-fora-de-casa-e-mantem-lideranca-do-Grupo-D-na-II-Copa-AMVI-DSC_0071-300x200.jpg\" data-sizes=\"(max-width: 300px) 100vw, 300px\" \/><\/a><\/div>\n<\/figure>\n<figure class=\"gallery-item\">\n<div class=\"gallery-icon landscape\"><a href=\"https:\/\/infonewss.com\/wp-content\/uploads\/2023\/08\/Marcolandia-vence-Francisco-Macedo-fora-de-casa-e-mantem-lideranca-do-Grupo-D-na-II-Copa-AMVI-DSC_0072.jpg\"><img loading=\"lazy\" decoding=\"async\" class=\"attachment-medium size-medium lazyload\" src=\"data:image\/gif;base64,R0lGODlhAQABAAAAACH5BAEKAAEALAAAAAABAAEAAAICTAEAOw==\" alt=\"\" width=\"300\" height=\"200\" data-srcset=\"https:\/\/infonewss.com\/wp-content\/uploads\/2023\/08\/Marcolandia-vence-Francisco-Macedo-fora-de-casa-e-mantem-lideranca-do-Grupo-D-na-II-Copa-AMVI-DSC_0072-300x200.jpg 300w, https:\/\/infonewss.com\/wp-content\/uploads\/2023\/08\/Marcolandia-vence-Francisco-Macedo-fora-de-casa-e-mantem-lideranca-do-Grupo-D-na-II-Copa-AMVI-DSC_0072-768x512.jpg 768w, https:\/\/infonewss.com\/wp-content\/uploads\/2023\/08\/Marcolandia-vence-Francisco-Macedo-fora-de-casa-e-mantem-lideranca-do-Grupo-D-na-II-Copa-AMVI-DSC_0072-150x100.jpg 150w, https:\/\/infonewss.com\/wp-content\/uploads\/2023\/08\/Marcolandia-vence-Francisco-Macedo-fora-de-casa-e-mantem-lideranca-do-Grupo-D-na-II-Copa-AMVI-DSC_0072-696x464.jpg 696w, https:\/\/infonewss.com\/wp-content\/uploads\/2023\/08\/Marcolandia-vence-Francisco-Macedo-fora-de-casa-e-mantem-lideranca-do-Grupo-D-na-II-Copa-AMVI-DSC_0072.jpg 900w\" data-src=\"https:\/\/infonewss.com\/wp-content\/uploads\/2023\/08\/Marcolandia-vence-Francisco-Macedo-fora-de-casa-e-mantem-lideranca-do-Grupo-D-na-II-Copa-AMVI-DSC_0072-300x200.jpg\" data-sizes=\"(max-width: 300px) 100vw, 300px\" \/><\/a><\/div>\n<\/figure>\n<figure class=\"gallery-item\">\n<div class=\"gallery-icon landscape\"><a href=\"https:\/\/infonewss.com\/wp-content\/uploads\/2023\/08\/Marcolandia-vence-Francisco-Macedo-fora-de-casa-e-mantem-lideranca-do-Grupo-D-na-II-Copa-AMVI-DSC_0073.jpg\"><img loading=\"lazy\" decoding=\"async\" class=\"attachment-medium size-medium lazyload\" src=\"data:image\/gif;base64,R0lGODlhAQABAAAAACH5BAEKAAEALAAAAAABAAEAAAICTAEAOw==\" alt=\"\" width=\"300\" height=\"200\" data-srcset=\"https:\/\/infonewss.com\/wp-content\/uploads\/2023\/08\/Marcolandia-vence-Francisco-Macedo-fora-de-casa-e-mantem-lideranca-do-Grupo-D-na-II-Copa-AMVI-DSC_0073-300x200.jpg 300w, https:\/\/infonewss.com\/wp-content\/uploads\/2023\/08\/Marcolandia-vence-Francisco-Macedo-fora-de-casa-e-mantem-lideranca-do-Grupo-D-na-II-Copa-AMVI-DSC_0073-768x512.jpg 768w, https:\/\/infonewss.com\/wp-content\/uploads\/2023\/08\/Marcolandia-vence-Francisco-Macedo-fora-de-casa-e-mantem-lideranca-do-Grupo-D-na-II-Copa-AMVI-DSC_0073-150x100.jpg 150w, https:\/\/infonewss.com\/wp-content\/uploads\/2023\/08\/Marcolandia-vence-Francisco-Macedo-fora-de-casa-e-mantem-lideranca-do-Grupo-D-na-II-Copa-AMVI-DSC_0073-696x464.jpg 696w, https:\/\/infonewss.com\/wp-content\/uploads\/2023\/08\/Marcolandia-vence-Francisco-Macedo-fora-de-casa-e-mantem-lideranca-do-Grupo-D-na-II-Copa-AMVI-DSC_0073.jpg 900w\" data-src=\"https:\/\/infonewss.com\/wp-content\/uploads\/2023\/08\/Marcolandia-vence-Francisco-Macedo-fora-de-casa-e-mantem-lideranca-do-Grupo-D-na-II-Copa-AMVI-DSC_0073-300x200.jpg\" data-sizes=\"(max-width: 300px) 100vw, 300px\" \/><\/a><\/div>\n<\/figure>\n<figure class=\"gallery-item\">\n<div class=\"gallery-icon landscape\"><a href=\"https:\/\/infonewss.com\/wp-content\/uploads\/2023\/08\/Marcolandia-vence-Francisco-Macedo-fora-de-casa-e-mantem-lideranca-do-Grupo-D-na-II-Copa-AMVI-DSC_0074.jpg\"><img loading=\"lazy\" decoding=\"async\" class=\"attachment-medium size-medium lazyload\" src=\"data:image\/gif;base64,R0lGODlhAQABAAAAACH5BAEKAAEALAAAAAABAAEAAAICTAEAOw==\" alt=\"\" width=\"300\" height=\"200\" data-srcset=\"https:\/\/infonewss.com\/wp-content\/uploads\/2023\/08\/Marcolandia-vence-Francisco-Macedo-fora-de-casa-e-mantem-lideranca-do-Grupo-D-na-II-Copa-AMVI-DSC_0074-300x200.jpg 300w, https:\/\/infonewss.com\/wp-content\/uploads\/2023\/08\/Marcolandia-vence-Francisco-Macedo-fora-de-casa-e-mantem-lideranca-do-Grupo-D-na-II-Copa-AMVI-DSC_0074-768x512.jpg 768w, https:\/\/infonewss.com\/wp-content\/uploads\/2023\/08\/Marcolandia-vence-Francisco-Macedo-fora-de-casa-e-mantem-lideranca-do-Grupo-D-na-II-Copa-AMVI-DSC_0074-150x100.jpg 150w, https:\/\/infonewss.com\/wp-content\/uploads\/2023\/08\/Marcolandia-vence-Francisco-Macedo-fora-de-casa-e-mantem-lideranca-do-Grupo-D-na-II-Copa-AMVI-DSC_0074-696x464.jpg 696w, https:\/\/infonewss.com\/wp-content\/uploads\/2023\/08\/Marcolandia-vence-Francisco-Macedo-fora-de-casa-e-mantem-lideranca-do-Grupo-D-na-II-Copa-AMVI-DSC_0074.jpg 900w\" data-src=\"https:\/\/infonewss.com\/wp-content\/uploads\/2023\/08\/Marcolandia-vence-Francisco-Macedo-fora-de-casa-e-mantem-lideranca-do-Grupo-D-na-II-Copa-AMVI-DSC_0074-300x200.jpg\" data-sizes=\"(max-width: 300px) 100vw, 300px\" \/><\/a><\/div>\n<\/figure>\n<figure class=\"gallery-item\">\n<div class=\"gallery-icon landscape\"><a href=\"https:\/\/infonewss.com\/wp-content\/uploads\/2023\/08\/Marcolandia-vence-Francisco-Macedo-fora-de-casa-e-mantem-lideranca-do-Grupo-D-na-II-Copa-AMVI-DSC_0075.jpg\"><img loading=\"lazy\" decoding=\"async\" class=\"attachment-medium size-medium lazyload\" src=\"data:image\/gif;base64,R0lGODlhAQABAAAAACH5BAEKAAEALAAAAAABAAEAAAICTAEAOw==\" alt=\"\" width=\"300\" height=\"200\" data-srcset=\"https:\/\/infonewss.com\/wp-content\/uploads\/2023\/08\/Marcolandia-vence-Francisco-Macedo-fora-de-casa-e-mantem-lideranca-do-Grupo-D-na-II-Copa-AMVI-DSC_0075-300x200.jpg 300w, https:\/\/infonewss.com\/wp-content\/uploads\/2023\/08\/Marcolandia-vence-Francisco-Macedo-fora-de-casa-e-mantem-lideranca-do-Grupo-D-na-II-Copa-AMVI-DSC_0075-768x512.jpg 768w, https:\/\/infonewss.com\/wp-content\/uploads\/2023\/08\/Marcolandia-vence-Francisco-Macedo-fora-de-casa-e-mantem-lideranca-do-Grupo-D-na-II-Copa-AMVI-DSC_0075-150x100.jpg 150w, https:\/\/infonewss.com\/wp-content\/uploads\/2023\/08\/Marcolandia-vence-Francisco-Macedo-fora-de-casa-e-mantem-lideranca-do-Grupo-D-na-II-Copa-AMVI-DSC_0075-696x464.jpg 696w, https:\/\/infonewss.com\/wp-content\/uploads\/2023\/08\/Marcolandia-vence-Francisco-Macedo-fora-de-casa-e-mantem-lideranca-do-Grupo-D-na-II-Copa-AMVI-DSC_0075.jpg 900w\" data-src=\"https:\/\/infonewss.com\/wp-content\/uploads\/2023\/08\/Marcolandia-vence-Francisco-Macedo-fora-de-casa-e-mantem-lideranca-do-Grupo-D-na-II-Copa-AMVI-DSC_0075-300x200.jpg\" data-sizes=\"(max-width: 300px) 100vw, 300px\" \/><\/a><\/div>\n<\/figure>\n<figure class=\"gallery-item\">\n<div class=\"gallery-icon landscape\"><a href=\"https:\/\/infonewss.com\/wp-content\/uploads\/2023\/08\/Marcolandia-vence-Francisco-Macedo-fora-de-casa-e-mantem-lideranca-do-Grupo-D-na-II-Copa-AMVI-DSC_0077.jpg\"><img loading=\"lazy\" decoding=\"async\" class=\"attachment-medium size-medium lazyload\" src=\"data:image\/gif;base64,R0lGODlhAQABAAAAACH5BAEKAAEALAAAAAABAAEAAAICTAEAOw==\" alt=\"\" width=\"300\" height=\"200\" data-srcset=\"https:\/\/infonewss.com\/wp-content\/uploads\/2023\/08\/Marcolandia-vence-Francisco-Macedo-fora-de-casa-e-mantem-lideranca-do-Grupo-D-na-II-Copa-AMVI-DSC_0077-300x200.jpg 300w, https:\/\/infonewss.com\/wp-content\/uploads\/2023\/08\/Marcolandia-vence-Francisco-Macedo-fora-de-casa-e-mantem-lideranca-do-Grupo-D-na-II-Copa-AMVI-DSC_0077-768x512.jpg 768w, https:\/\/infonewss.com\/wp-content\/uploads\/2023\/08\/Marcolandia-vence-Francisco-Macedo-fora-de-casa-e-mantem-lideranca-do-Grupo-D-na-II-Copa-AMVI-DSC_0077-150x100.jpg 150w, https:\/\/infonewss.com\/wp-content\/uploads\/2023\/08\/Marcolandia-vence-Francisco-Macedo-fora-de-casa-e-mantem-lideranca-do-Grupo-D-na-II-Copa-AMVI-DSC_0077-696x464.jpg 696w, https:\/\/infonewss.com\/wp-content\/uploads\/2023\/08\/Marcolandia-vence-Francisco-Macedo-fora-de-casa-e-mantem-lideranca-do-Grupo-D-na-II-Copa-AMVI-DSC_0077.jpg 900w\" data-src=\"https:\/\/infonewss.com\/wp-content\/uploads\/2023\/08\/Marcolandia-vence-Francisco-Macedo-fora-de-casa-e-mantem-lideranca-do-Grupo-D-na-II-Copa-AMVI-DSC_0077-300x200.jpg\" data-sizes=\"(max-width: 300px) 100vw, 300px\" \/><\/a><\/div>\n<\/figure>\n<figure class=\"gallery-item\">\n<div class=\"gallery-icon landscape\"><a href=\"https:\/\/infonewss.com\/wp-content\/uploads\/2023\/08\/Marcolandia-vence-Francisco-Macedo-fora-de-casa-e-mantem-lideranca-do-Grupo-D-na-II-Copa-AMVI-DSC_0078.jpg\"><img loading=\"lazy\" decoding=\"async\" class=\"attachment-medium size-medium lazyload\" src=\"data:image\/gif;base64,R0lGODlhAQABAAAAACH5BAEKAAEALAAAAAABAAEAAAICTAEAOw==\" alt=\"\" width=\"300\" height=\"200\" data-srcset=\"https:\/\/infonewss.com\/wp-content\/uploads\/2023\/08\/Marcolandia-vence-Francisco-Macedo-fora-de-casa-e-mantem-lideranca-do-Grupo-D-na-II-Copa-AMVI-DSC_0078-300x200.jpg 300w, https:\/\/infonewss.com\/wp-content\/uploads\/2023\/08\/Marcolandia-vence-Francisco-Macedo-fora-de-casa-e-mantem-lideranca-do-Grupo-D-na-II-Copa-AMVI-DSC_0078-768x512.jpg 768w, https:\/\/infonewss.com\/wp-content\/uploads\/2023\/08\/Marcolandia-vence-Francisco-Macedo-fora-de-casa-e-mantem-lideranca-do-Grupo-D-na-II-Copa-AMVI-DSC_0078-150x100.jpg 150w, https:\/\/infonewss.com\/wp-content\/uploads\/2023\/08\/Marcolandia-vence-Francisco-Macedo-fora-de-casa-e-mantem-lideranca-do-Grupo-D-na-II-Copa-AMVI-DSC_0078-696x464.jpg 696w, https:\/\/infonewss.com\/wp-content\/uploads\/2023\/08\/Marcolandia-vence-Francisco-Macedo-fora-de-casa-e-mantem-lideranca-do-Grupo-D-na-II-Copa-AMVI-DSC_0078.jpg 900w\" data-src=\"https:\/\/infonewss.com\/wp-content\/uploads\/2023\/08\/Marcolandia-vence-Francisco-Macedo-fora-de-casa-e-mantem-lideranca-do-Grupo-D-na-II-Copa-AMVI-DSC_0078-300x200.jpg\" data-sizes=\"(max-width: 300px) 100vw, 300px\" \/><\/a><\/div>\n<\/figure>\n<figure class=\"gallery-item\">\n<div class=\"gallery-icon landscape\"><a href=\"https:\/\/infonewss.com\/wp-content\/uploads\/2023\/08\/Marcolandia-vence-Francisco-Macedo-fora-de-casa-e-mantem-lideranca-do-Grupo-D-na-II-Copa-AMVI-DSC_0079.jpg\"><img loading=\"lazy\" decoding=\"async\" class=\"attachment-medium size-medium lazyload\" src=\"data:image\/gif;base64,R0lGODlhAQABAAAAACH5BAEKAAEALAAAAAABAAEAAAICTAEAOw==\" alt=\"\" width=\"300\" height=\"200\" data-srcset=\"https:\/\/infonewss.com\/wp-content\/uploads\/2023\/08\/Marcolandia-vence-Francisco-Macedo-fora-de-casa-e-mantem-lideranca-do-Grupo-D-na-II-Copa-AMVI-DSC_0079-300x200.jpg 300w, https:\/\/infonewss.com\/wp-content\/uploads\/2023\/08\/Marcolandia-vence-Francisco-Macedo-fora-de-casa-e-mantem-lideranca-do-Grupo-D-na-II-Copa-AMVI-DSC_0079-768x512.jpg 768w, https:\/\/infonewss.com\/wp-content\/uploads\/2023\/08\/Marcolandia-vence-Francisco-Macedo-fora-de-casa-e-mantem-lideranca-do-Grupo-D-na-II-Copa-AMVI-DSC_0079-150x100.jpg 150w, https:\/\/infonewss.com\/wp-content\/uploads\/2023\/08\/Marcolandia-vence-Francisco-Macedo-fora-de-casa-e-mantem-lideranca-do-Grupo-D-na-II-Copa-AMVI-DSC_0079-696x464.jpg 696w, https:\/\/infonewss.com\/wp-content\/uploads\/2023\/08\/Marcolandia-vence-Francisco-Macedo-fora-de-casa-e-mantem-lideranca-do-Grupo-D-na-II-Copa-AMVI-DSC_0079.jpg 900w\" data-src=\"https:\/\/infonewss.com\/wp-content\/uploads\/2023\/08\/Marcolandia-vence-Francisco-Macedo-fora-de-casa-e-mantem-lideranca-do-Grupo-D-na-II-Copa-AMVI-DSC_0079-300x200.jpg\" data-sizes=\"(max-width: 300px) 100vw, 300px\" \/><\/a><\/div>\n<\/figure>\n<figure class=\"gallery-item\">\n<div class=\"gallery-icon landscape\"><a href=\"https:\/\/infonewss.com\/wp-content\/uploads\/2023\/08\/Marcolandia-vence-Francisco-Macedo-fora-de-casa-e-mantem-lideranca-do-Grupo-D-na-II-Copa-AMVI-DSC_0080.jpg\"><img loading=\"lazy\" decoding=\"async\" class=\"attachment-medium size-medium lazyload\" src=\"data:image\/gif;base64,R0lGODlhAQABAAAAACH5BAEKAAEALAAAAAABAAEAAAICTAEAOw==\" alt=\"\" width=\"300\" height=\"200\" data-srcset=\"https:\/\/infonewss.com\/wp-content\/uploads\/2023\/08\/Marcolandia-vence-Francisco-Macedo-fora-de-casa-e-mantem-lideranca-do-Grupo-D-na-II-Copa-AMVI-DSC_0080-300x200.jpg 300w, https:\/\/infonewss.com\/wp-content\/uploads\/2023\/08\/Marcolandia-vence-Francisco-Macedo-fora-de-casa-e-mantem-lideranca-do-Grupo-D-na-II-Copa-AMVI-DSC_0080-768x512.jpg 768w, https:\/\/infonewss.com\/wp-content\/uploads\/2023\/08\/Marcolandia-vence-Francisco-Macedo-fora-de-casa-e-mantem-lideranca-do-Grupo-D-na-II-Copa-AMVI-DSC_0080-150x100.jpg 150w, https:\/\/infonewss.com\/wp-content\/uploads\/2023\/08\/Marcolandia-vence-Francisco-Macedo-fora-de-casa-e-mantem-lideranca-do-Grupo-D-na-II-Copa-AMVI-DSC_0080-696x464.jpg 696w, https:\/\/infonewss.com\/wp-content\/uploads\/2023\/08\/Marcolandia-vence-Francisco-Macedo-fora-de-casa-e-mantem-lideranca-do-Grupo-D-na-II-Copa-AMVI-DSC_0080.jpg 900w\" data-src=\"https:\/\/infonewss.com\/wp-content\/uploads\/2023\/08\/Marcolandia-vence-Francisco-Macedo-fora-de-casa-e-mantem-lideranca-do-Grupo-D-na-II-Copa-AMVI-DSC_0080-300x200.jpg\" data-sizes=\"(max-width: 300px) 100vw, 300px\" \/><\/a><\/div>\n<\/figure>\n<figure class=\"gallery-item\">\n<div class=\"gallery-icon landscape\"><a href=\"https:\/\/infonewss.com\/wp-content\/uploads\/2023\/08\/Marcolandia-vence-Francisco-Macedo-fora-de-casa-e-mantem-lideranca-do-Grupo-D-na-II-Copa-AMVI-DSC_0081.jpg\"><img loading=\"lazy\" decoding=\"async\" class=\"attachment-medium size-medium lazyload\" src=\"data:image\/gif;base64,R0lGODlhAQABAAAAACH5BAEKAAEALAAAAAABAAEAAAICTAEAOw==\" alt=\"\" width=\"300\" height=\"200\" data-srcset=\"https:\/\/infonewss.com\/wp-content\/uploads\/2023\/08\/Marcolandia-vence-Francisco-Macedo-fora-de-casa-e-mantem-lideranca-do-Grupo-D-na-II-Copa-AMVI-DSC_0081-300x200.jpg 300w, https:\/\/infonewss.com\/wp-content\/uploads\/2023\/08\/Marcolandia-vence-Francisco-Macedo-fora-de-casa-e-mantem-lideranca-do-Grupo-D-na-II-Copa-AMVI-DSC_0081-768x512.jpg 768w, https:\/\/infonewss.com\/wp-content\/uploads\/2023\/08\/Marcolandia-vence-Francisco-Macedo-fora-de-casa-e-mantem-lideranca-do-Grupo-D-na-II-Copa-AMVI-DSC_0081-150x100.jpg 150w, https:\/\/infonewss.com\/wp-content\/uploads\/2023\/08\/Marcolandia-vence-Francisco-Macedo-fora-de-casa-e-mantem-lideranca-do-Grupo-D-na-II-Copa-AMVI-DSC_0081-696x464.jpg 696w, https:\/\/infonewss.com\/wp-content\/uploads\/2023\/08\/Marcolandia-vence-Francisco-Macedo-fora-de-casa-e-mantem-lideranca-do-Grupo-D-na-II-Copa-AMVI-DSC_0081.jpg 900w\" data-src=\"https:\/\/infonewss.com\/wp-content\/uploads\/2023\/08\/Marcolandia-vence-Francisco-Macedo-fora-de-casa-e-mantem-lideranca-do-Grupo-D-na-II-Copa-AMVI-DSC_0081-300x200.jpg\" data-sizes=\"(max-width: 300px) 100vw, 300px\" \/><\/a><\/div>\n<\/figure>\n<figure class=\"gallery-item\">\n<div class=\"gallery-icon landscape\"><a href=\"https:\/\/infonewss.com\/wp-content\/uploads\/2023\/08\/Marcolandia-vence-Francisco-Macedo-fora-de-casa-e-mantem-lideranca-do-Grupo-D-na-II-Copa-AMVI-DSC_0083.jpg\"><img loading=\"lazy\" decoding=\"async\" class=\"attachment-medium size-medium lazyload\" src=\"data:image\/gif;base64,R0lGODlhAQABAAAAACH5BAEKAAEALAAAAAABAAEAAAICTAEAOw==\" alt=\"\" width=\"300\" height=\"200\" data-srcset=\"https:\/\/infonewss.com\/wp-content\/uploads\/2023\/08\/Marcolandia-vence-Francisco-Macedo-fora-de-casa-e-mantem-lideranca-do-Grupo-D-na-II-Copa-AMVI-DSC_0083-300x200.jpg 300w, https:\/\/infonewss.com\/wp-content\/uploads\/2023\/08\/Marcolandia-vence-Francisco-Macedo-fora-de-casa-e-mantem-lideranca-do-Grupo-D-na-II-Copa-AMVI-DSC_0083-768x512.jpg 768w, https:\/\/infonewss.com\/wp-content\/uploads\/2023\/08\/Marcolandia-vence-Francisco-Macedo-fora-de-casa-e-mantem-lideranca-do-Grupo-D-na-II-Copa-AMVI-DSC_0083-150x100.jpg 150w, https:\/\/infonewss.com\/wp-content\/uploads\/2023\/08\/Marcolandia-vence-Francisco-Macedo-fora-de-casa-e-mantem-lideranca-do-Grupo-D-na-II-Copa-AMVI-DSC_0083-696x464.jpg 696w, https:\/\/infonewss.com\/wp-content\/uploads\/2023\/08\/Marcolandia-vence-Francisco-Macedo-fora-de-casa-e-mantem-lideranca-do-Grupo-D-na-II-Copa-AMVI-DSC_0083.jpg 900w\" data-src=\"https:\/\/infonewss.com\/wp-content\/uploads\/2023\/08\/Marcolandia-vence-Francisco-Macedo-fora-de-casa-e-mantem-lideranca-do-Grupo-D-na-II-Copa-AMVI-DSC_0083-300x200.jpg\" data-sizes=\"(max-width: 300px) 100vw, 300px\" \/><\/a><\/div>\n<\/figure>\n<figure class=\"gallery-item\">\n<div class=\"gallery-icon landscape\"><a href=\"https:\/\/infonewss.com\/wp-content\/uploads\/2023\/08\/Marcolandia-vence-Francisco-Macedo-fora-de-casa-e-mantem-lideranca-do-Grupo-D-na-II-Copa-AMVI-DSC_0084.jpg\"><img loading=\"lazy\" decoding=\"async\" class=\"attachment-medium size-medium lazyload\" src=\"data:image\/gif;base64,R0lGODlhAQABAAAAACH5BAEKAAEALAAAAAABAAEAAAICTAEAOw==\" alt=\"\" width=\"300\" height=\"200\" data-srcset=\"https:\/\/infonewss.com\/wp-content\/uploads\/2023\/08\/Marcolandia-vence-Francisco-Macedo-fora-de-casa-e-mantem-lideranca-do-Grupo-D-na-II-Copa-AMVI-DSC_0084-300x200.jpg 300w, https:\/\/infonewss.com\/wp-content\/uploads\/2023\/08\/Marcolandia-vence-Francisco-Macedo-fora-de-casa-e-mantem-lideranca-do-Grupo-D-na-II-Copa-AMVI-DSC_0084-768x512.jpg 768w, https:\/\/infonewss.com\/wp-content\/uploads\/2023\/08\/Marcolandia-vence-Francisco-Macedo-fora-de-casa-e-mantem-lideranca-do-Grupo-D-na-II-Copa-AMVI-DSC_0084-150x100.jpg 150w, https:\/\/infonewss.com\/wp-content\/uploads\/2023\/08\/Marcolandia-vence-Francisco-Macedo-fora-de-casa-e-mantem-lideranca-do-Grupo-D-na-II-Copa-AMVI-DSC_0084-696x464.jpg 696w, https:\/\/infonewss.com\/wp-content\/uploads\/2023\/08\/Marcolandia-vence-Francisco-Macedo-fora-de-casa-e-mantem-lideranca-do-Grupo-D-na-II-Copa-AMVI-DSC_0084.jpg 900w\" data-src=\"https:\/\/infonewss.com\/wp-content\/uploads\/2023\/08\/Marcolandia-vence-Francisco-Macedo-fora-de-casa-e-mantem-lideranca-do-Grupo-D-na-II-Copa-AMVI-DSC_0084-300x200.jpg\" data-sizes=\"(max-width: 300px) 100vw, 300px\" \/><\/a><\/div>\n<\/figure>\n<figure class=\"gallery-item\">\n<div class=\"gallery-icon landscape\"><a href=\"https:\/\/infonewss.com\/wp-content\/uploads\/2023\/08\/Marcolandia-vence-Francisco-Macedo-fora-de-casa-e-mantem-lideranca-do-Grupo-D-na-II-Copa-AMVI-DSC_0086.jpg\"><img loading=\"lazy\" decoding=\"async\" class=\"attachment-medium size-medium lazyload\" src=\"data:image\/gif;base64,R0lGODlhAQABAAAAACH5BAEKAAEALAAAAAABAAEAAAICTAEAOw==\" alt=\"\" width=\"300\" height=\"200\" data-srcset=\"https:\/\/infonewss.com\/wp-content\/uploads\/2023\/08\/Marcolandia-vence-Francisco-Macedo-fora-de-casa-e-mantem-lideranca-do-Grupo-D-na-II-Copa-AMVI-DSC_0086-300x200.jpg 300w, https:\/\/infonewss.com\/wp-content\/uploads\/2023\/08\/Marcolandia-vence-Francisco-Macedo-fora-de-casa-e-mantem-lideranca-do-Grupo-D-na-II-Copa-AMVI-DSC_0086-768x512.jpg 768w, https:\/\/infonewss.com\/wp-content\/uploads\/2023\/08\/Marcolandia-vence-Francisco-Macedo-fora-de-casa-e-mantem-lideranca-do-Grupo-D-na-II-Copa-AMVI-DSC_0086-150x100.jpg 150w, https:\/\/infonewss.com\/wp-content\/uploads\/2023\/08\/Marcolandia-vence-Francisco-Macedo-fora-de-casa-e-mantem-lideranca-do-Grupo-D-na-II-Copa-AMVI-DSC_0086-696x464.jpg 696w, https:\/\/infonewss.com\/wp-content\/uploads\/2023\/08\/Marcolandia-vence-Francisco-Macedo-fora-de-casa-e-mantem-lideranca-do-Grupo-D-na-II-Copa-AMVI-DSC_0086.jpg 900w\" data-src=\"https:\/\/infonewss.com\/wp-content\/uploads\/2023\/08\/Marcolandia-vence-Francisco-Macedo-fora-de-casa-e-mantem-lideranca-do-Grupo-D-na-II-Copa-AMVI-DSC_0086-300x200.jpg\" data-sizes=\"(max-width: 300px) 100vw, 300px\" \/><\/a><\/div>\n<\/figure>\n<figure class=\"gallery-item\">\n<div class=\"gallery-icon landscape\"><a href=\"https:\/\/infonewss.com\/wp-content\/uploads\/2023\/08\/Marcolandia-vence-Francisco-Macedo-fora-de-casa-e-mantem-lideranca-do-Grupo-D-na-II-Copa-AMVI-DSC_0096.jpg\"><img loading=\"lazy\" decoding=\"async\" class=\"attachment-medium size-medium lazyload\" src=\"data:image\/gif;base64,R0lGODlhAQABAAAAACH5BAEKAAEALAAAAAABAAEAAAICTAEAOw==\" alt=\"\" width=\"300\" height=\"200\" data-srcset=\"https:\/\/infonewss.com\/wp-content\/uploads\/2023\/08\/Marcolandia-vence-Francisco-Macedo-fora-de-casa-e-mantem-lideranca-do-Grupo-D-na-II-Copa-AMVI-DSC_0096-300x200.jpg 300w, https:\/\/infonewss.com\/wp-content\/uploads\/2023\/08\/Marcolandia-vence-Francisco-Macedo-fora-de-casa-e-mantem-lideranca-do-Grupo-D-na-II-Copa-AMVI-DSC_0096-768x512.jpg 768w, https:\/\/infonewss.com\/wp-content\/uploads\/2023\/08\/Marcolandia-vence-Francisco-Macedo-fora-de-casa-e-mantem-lideranca-do-Grupo-D-na-II-Copa-AMVI-DSC_0096-150x100.jpg 150w, https:\/\/infonewss.com\/wp-content\/uploads\/2023\/08\/Marcolandia-vence-Francisco-Macedo-fora-de-casa-e-mantem-lideranca-do-Grupo-D-na-II-Copa-AMVI-DSC_0096-696x464.jpg 696w, https:\/\/infonewss.com\/wp-content\/uploads\/2023\/08\/Marcolandia-vence-Francisco-Macedo-fora-de-casa-e-mantem-lideranca-do-Grupo-D-na-II-Copa-AMVI-DSC_0096.jpg 900w\" data-src=\"https:\/\/infonewss.com\/wp-content\/uploads\/2023\/08\/Marcolandia-vence-Francisco-Macedo-fora-de-casa-e-mantem-lideranca-do-Grupo-D-na-II-Copa-AMVI-DSC_0096-300x200.jpg\" data-sizes=\"(max-width: 300px) 100vw, 300px\" \/><\/a><\/div>\n<\/figure>\n<figure class=\"gallery-item\">\n<div class=\"gallery-icon landscape\"><a href=\"https:\/\/infonewss.com\/wp-content\/uploads\/2023\/08\/Marcolandia-vence-Francisco-Macedo-fora-de-casa-e-mantem-lideranca-do-Grupo-D-na-II-Copa-AMVI-DSC_0099.jpg\"><img loading=\"lazy\" decoding=\"async\" class=\"attachment-medium size-medium lazyload\" src=\"data:image\/gif;base64,R0lGODlhAQABAAAAACH5BAEKAAEALAAAAAABAAEAAAICTAEAOw==\" alt=\"\" width=\"300\" height=\"200\" data-srcset=\"https:\/\/infonewss.com\/wp-content\/uploads\/2023\/08\/Marcolandia-vence-Francisco-Macedo-fora-de-casa-e-mantem-lideranca-do-Grupo-D-na-II-Copa-AMVI-DSC_0099-300x200.jpg 300w, https:\/\/infonewss.com\/wp-content\/uploads\/2023\/08\/Marcolandia-vence-Francisco-Macedo-fora-de-casa-e-mantem-lideranca-do-Grupo-D-na-II-Copa-AMVI-DSC_0099-768x512.jpg 768w, https:\/\/infonewss.com\/wp-content\/uploads\/2023\/08\/Marcolandia-vence-Francisco-Macedo-fora-de-casa-e-mantem-lideranca-do-Grupo-D-na-II-Copa-AMVI-DSC_0099-150x100.jpg 150w, https:\/\/infonewss.com\/wp-content\/uploads\/2023\/08\/Marcolandia-vence-Francisco-Macedo-fora-de-casa-e-mantem-lideranca-do-Grupo-D-na-II-Copa-AMVI-DSC_0099-696x464.jpg 696w, https:\/\/infonewss.com\/wp-content\/uploads\/2023\/08\/Marcolandia-vence-Francisco-Macedo-fora-de-casa-e-mantem-lideranca-do-Grupo-D-na-II-Copa-AMVI-DSC_0099.jpg 900w\" data-src=\"https:\/\/infonewss.com\/wp-content\/uploads\/2023\/08\/Marcolandia-vence-Francisco-Macedo-fora-de-casa-e-mantem-lideranca-do-Grupo-D-na-II-Copa-AMVI-DSC_0099-300x200.jpg\" data-sizes=\"(max-width: 300px) 100vw, 300px\" \/><\/a><\/div>\n<\/figure>\n<figure class=\"gallery-item\">\n<div class=\"gallery-icon landscape\"><a href=\"https:\/\/infonewss.com\/wp-content\/uploads\/2023\/08\/Marcolandia-vence-Francisco-Macedo-fora-de-casa-e-mantem-lideranca-do-Grupo-D-na-II-Copa-AMVI-DSC_0100.jpg\"><img loading=\"lazy\" decoding=\"async\" class=\"attachment-medium size-medium lazyload\" src=\"data:image\/gif;base64,R0lGODlhAQABAAAAACH5BAEKAAEALAAAAAABAAEAAAICTAEAOw==\" alt=\"\" width=\"300\" height=\"200\" data-srcset=\"https:\/\/infonewss.com\/wp-content\/uploads\/2023\/08\/Marcolandia-vence-Francisco-Macedo-fora-de-casa-e-mantem-lideranca-do-Grupo-D-na-II-Copa-AMVI-DSC_0100-300x200.jpg 300w, https:\/\/infonewss.com\/wp-content\/uploads\/2023\/08\/Marcolandia-vence-Francisco-Macedo-fora-de-casa-e-mantem-lideranca-do-Grupo-D-na-II-Copa-AMVI-DSC_0100-768x512.jpg 768w, https:\/\/infonewss.com\/wp-content\/uploads\/2023\/08\/Marcolandia-vence-Francisco-Macedo-fora-de-casa-e-mantem-lideranca-do-Grupo-D-na-II-Copa-AMVI-DSC_0100-150x100.jpg 150w, https:\/\/infonewss.com\/wp-content\/uploads\/2023\/08\/Marcolandia-vence-Francisco-Macedo-fora-de-casa-e-mantem-lideranca-do-Grupo-D-na-II-Copa-AMVI-DSC_0100-696x464.jpg 696w, https:\/\/infonewss.com\/wp-content\/uploads\/2023\/08\/Marcolandia-vence-Francisco-Macedo-fora-de-casa-e-mantem-lideranca-do-Grupo-D-na-II-Copa-AMVI-DSC_0100.jpg 900w\" data-src=\"https:\/\/infonewss.com\/wp-content\/uploads\/2023\/08\/Marcolandia-vence-Francisco-Macedo-fora-de-casa-e-mantem-lideranca-do-Grupo-D-na-II-Copa-AMVI-DSC_0100-300x200.jpg\" data-sizes=\"(max-width: 300px) 100vw, 300px\" \/><\/a><\/div>\n<\/figure>\n<figure class=\"gallery-item\">\n<div class=\"gallery-icon landscape\"><a href=\"https:\/\/infonewss.com\/wp-content\/uploads\/2023\/08\/Marcolandia-vence-Francisco-Macedo-fora-de-casa-e-mantem-lideranca-do-Grupo-D-na-II-Copa-AMVI-DSC_0101.jpg\"><img loading=\"lazy\" decoding=\"async\" class=\"attachment-medium size-medium lazyload\" src=\"data:image\/gif;base64,R0lGODlhAQABAAAAACH5BAEKAAEALAAAAAABAAEAAAICTAEAOw==\" alt=\"\" width=\"300\" height=\"200\" data-srcset=\"https:\/\/infonewss.com\/wp-content\/uploads\/2023\/08\/Marcolandia-vence-Francisco-Macedo-fora-de-casa-e-mantem-lideranca-do-Grupo-D-na-II-Copa-AMVI-DSC_0101-300x200.jpg 300w, https:\/\/infonewss.com\/wp-content\/uploads\/2023\/08\/Marcolandia-vence-Francisco-Macedo-fora-de-casa-e-mantem-lideranca-do-Grupo-D-na-II-Copa-AMVI-DSC_0101-768x512.jpg 768w, https:\/\/infonewss.com\/wp-content\/uploads\/2023\/08\/Marcolandia-vence-Francisco-Macedo-fora-de-casa-e-mantem-lideranca-do-Grupo-D-na-II-Copa-AMVI-DSC_0101-150x100.jpg 150w, https:\/\/infonewss.com\/wp-content\/uploads\/2023\/08\/Marcolandia-vence-Francisco-Macedo-fora-de-casa-e-mantem-lideranca-do-Grupo-D-na-II-Copa-AMVI-DSC_0101-696x464.jpg 696w, https:\/\/infonewss.com\/wp-content\/uploads\/2023\/08\/Marcolandia-vence-Francisco-Macedo-fora-de-casa-e-mantem-lideranca-do-Grupo-D-na-II-Copa-AMVI-DSC_0101.jpg 900w\" data-src=\"https:\/\/infonewss.com\/wp-content\/uploads\/2023\/08\/Marcolandia-vence-Francisco-Macedo-fora-de-casa-e-mantem-lideranca-do-Grupo-D-na-II-Copa-AMVI-DSC_0101-300x200.jpg\" data-sizes=\"(max-width: 300px) 100vw, 300px\" \/><\/a><\/div>\n<\/figure>\n<figure class=\"gallery-item\">\n<div class=\"gallery-icon landscape\"><a href=\"https:\/\/infonewss.com\/wp-content\/uploads\/2023\/08\/Marcolandia-vence-Francisco-Macedo-fora-de-casa-e-mantem-lideranca-do-Grupo-D-na-II-Copa-AMVI-DSC_0103.jpg\"><img loading=\"lazy\" decoding=\"async\" class=\"attachment-medium size-medium lazyload\" src=\"data:image\/gif;base64,R0lGODlhAQABAAAAACH5BAEKAAEALAAAAAABAAEAAAICTAEAOw==\" alt=\"\" width=\"300\" height=\"200\" data-srcset=\"https:\/\/infonewss.com\/wp-content\/uploads\/2023\/08\/Marcolandia-vence-Francisco-Macedo-fora-de-casa-e-mantem-lideranca-do-Grupo-D-na-II-Copa-AMVI-DSC_0103-300x200.jpg 300w, https:\/\/infonewss.com\/wp-content\/uploads\/2023\/08\/Marcolandia-vence-Francisco-Macedo-fora-de-casa-e-mantem-lideranca-do-Grupo-D-na-II-Copa-AMVI-DSC_0103-768x512.jpg 768w, https:\/\/infonewss.com\/wp-content\/uploads\/2023\/08\/Marcolandia-vence-Francisco-Macedo-fora-de-casa-e-mantem-lideranca-do-Grupo-D-na-II-Copa-AMVI-DSC_0103-150x100.jpg 150w, https:\/\/infonewss.com\/wp-content\/uploads\/2023\/08\/Marcolandia-vence-Francisco-Macedo-fora-de-casa-e-mantem-lideranca-do-Grupo-D-na-II-Copa-AMVI-DSC_0103-696x464.jpg 696w, https:\/\/infonewss.com\/wp-content\/uploads\/2023\/08\/Marcolandia-vence-Francisco-Macedo-fora-de-casa-e-mantem-lideranca-do-Grupo-D-na-II-Copa-AMVI-DSC_0103.jpg 900w\" data-src=\"https:\/\/infonewss.com\/wp-content\/uploads\/2023\/08\/Marcolandia-vence-Francisco-Macedo-fora-de-casa-e-mantem-lideranca-do-Grupo-D-na-II-Copa-AMVI-DSC_0103-300x200.jpg\" data-sizes=\"(max-width: 300px) 100vw, 300px\" \/><\/a><\/div>\n<\/figure>\n<figure class=\"gallery-item\">\n<div class=\"gallery-icon portrait\"><a href=\"https:\/\/infonewss.com\/wp-content\/uploads\/2023\/08\/Marcolandia-vence-Francisco-Macedo-fora-de-casa-e-mantem-lideranca-do-Grupo-D-na-II-Copa-AMVI-DSC_0105.jpg\"><img loading=\"lazy\" decoding=\"async\" class=\"attachment-medium size-medium lazyload\" src=\"data:image\/gif;base64,R0lGODlhAQABAAAAACH5BAEKAAEALAAAAAABAAEAAAICTAEAOw==\" alt=\"\" width=\"200\" height=\"300\" data-srcset=\"https:\/\/infonewss.com\/wp-content\/uploads\/2023\/08\/Marcolandia-vence-Francisco-Macedo-fora-de-casa-e-mantem-lideranca-do-Grupo-D-na-II-Copa-AMVI-DSC_0105-200x300.jpg 200w, https:\/\/infonewss.com\/wp-content\/uploads\/2023\/08\/Marcolandia-vence-Francisco-Macedo-fora-de-casa-e-mantem-lideranca-do-Grupo-D-na-II-Copa-AMVI-DSC_0105-683x1024.jpg 683w, https:\/\/infonewss.com\/wp-content\/uploads\/2023\/08\/Marcolandia-vence-Francisco-Macedo-fora-de-casa-e-mantem-lideranca-do-Grupo-D-na-II-Copa-AMVI-DSC_0105-768x1152.jpg 768w, https:\/\/infonewss.com\/wp-content\/uploads\/2023\/08\/Marcolandia-vence-Francisco-Macedo-fora-de-casa-e-mantem-lideranca-do-Grupo-D-na-II-Copa-AMVI-DSC_0105-150x225.jpg 150w, https:\/\/infonewss.com\/wp-content\/uploads\/2023\/08\/Marcolandia-vence-Francisco-Macedo-fora-de-casa-e-mantem-lideranca-do-Grupo-D-na-II-Copa-AMVI-DSC_0105-300x450.jpg 300w, https:\/\/infonewss.com\/wp-content\/uploads\/2023\/08\/Marcolandia-vence-Francisco-Macedo-fora-de-casa-e-mantem-lideranca-do-Grupo-D-na-II-Copa-AMVI-DSC_0105-696x1044.jpg 696w, https:\/\/infonewss.com\/wp-content\/uploads\/2023\/08\/Marcolandia-vence-Francisco-Macedo-fora-de-casa-e-mantem-lideranca-do-Grupo-D-na-II-Copa-AMVI-DSC_0105.jpg 900w\" data-src=\"https:\/\/infonewss.com\/wp-content\/uploads\/2023\/08\/Marcolandia-vence-Francisco-Macedo-fora-de-casa-e-mantem-lideranca-do-Grupo-D-na-II-Copa-AMVI-DSC_0105-200x300.jpg\" data-sizes=\"(max-width: 200px) 100vw, 200px\" \/><\/a><\/div>\n<\/figure>\n<figure class=\"gallery-item\">\n<div class=\"gallery-icon landscape\"><a href=\"https:\/\/infonewss.com\/wp-content\/uploads\/2023\/08\/Marcolandia-vence-Francisco-Macedo-fora-de-casa-e-mantem-lideranca-do-Grupo-D-na-II-Copa-AMVI-DSC_0109.jpg\"><img loading=\"lazy\" decoding=\"async\" class=\"attachment-medium size-medium lazyload\" src=\"data:image\/gif;base64,R0lGODlhAQABAAAAACH5BAEKAAEALAAAAAABAAEAAAICTAEAOw==\" alt=\"\" width=\"300\" height=\"200\" data-srcset=\"https:\/\/infonewss.com\/wp-content\/uploads\/2023\/08\/Marcolandia-vence-Francisco-Macedo-fora-de-casa-e-mantem-lideranca-do-Grupo-D-na-II-Copa-AMVI-DSC_0109-300x200.jpg 300w, https:\/\/infonewss.com\/wp-content\/uploads\/2023\/08\/Marcolandia-vence-Francisco-Macedo-fora-de-casa-e-mantem-lideranca-do-Grupo-D-na-II-Copa-AMVI-DSC_0109-768x512.jpg 768w, https:\/\/infonewss.com\/wp-content\/uploads\/2023\/08\/Marcolandia-vence-Francisco-Macedo-fora-de-casa-e-mantem-lideranca-do-Grupo-D-na-II-Copa-AMVI-DSC_0109-150x100.jpg 150w, https:\/\/infonewss.com\/wp-content\/uploads\/2023\/08\/Marcolandia-vence-Francisco-Macedo-fora-de-casa-e-mantem-lideranca-do-Grupo-D-na-II-Copa-AMVI-DSC_0109-696x464.jpg 696w, https:\/\/infonewss.com\/wp-content\/uploads\/2023\/08\/Marcolandia-vence-Francisco-Macedo-fora-de-casa-e-mantem-lideranca-do-Grupo-D-na-II-Copa-AMVI-DSC_0109.jpg 900w\" data-src=\"https:\/\/infonewss.com\/wp-content\/uploads\/2023\/08\/Marcolandia-vence-Francisco-Macedo-fora-de-casa-e-mantem-lideranca-do-Grupo-D-na-II-Copa-AMVI-DSC_0109-300x200.jpg\" data-sizes=\"(max-width: 300px) 100vw, 300px\" \/><\/a><\/div>\n<\/figure>\n<figure class=\"gallery-item\">\n<div class=\"gallery-icon landscape\"><a href=\"https:\/\/infonewss.com\/wp-content\/uploads\/2023\/08\/Marcolandia-vence-Francisco-Macedo-fora-de-casa-e-mantem-lideranca-do-Grupo-D-na-II-Copa-AMVI-DSC_0115.jpg\"><img loading=\"lazy\" decoding=\"async\" class=\"attachment-medium size-medium lazyload\" src=\"data:image\/gif;base64,R0lGODlhAQABAAAAACH5BAEKAAEALAAAAAABAAEAAAICTAEAOw==\" alt=\"\" width=\"300\" height=\"200\" data-srcset=\"https:\/\/infonewss.com\/wp-content\/uploads\/2023\/08\/Marcolandia-vence-Francisco-Macedo-fora-de-casa-e-mantem-lideranca-do-Grupo-D-na-II-Copa-AMVI-DSC_0115-300x200.jpg 300w, https:\/\/infonewss.com\/wp-content\/uploads\/2023\/08\/Marcolandia-vence-Francisco-Macedo-fora-de-casa-e-mantem-lideranca-do-Grupo-D-na-II-Copa-AMVI-DSC_0115-768x512.jpg 768w, https:\/\/infonewss.com\/wp-content\/uploads\/2023\/08\/Marcolandia-vence-Francisco-Macedo-fora-de-casa-e-mantem-lideranca-do-Grupo-D-na-II-Copa-AMVI-DSC_0115-150x100.jpg 150w, https:\/\/infonewss.com\/wp-content\/uploads\/2023\/08\/Marcolandia-vence-Francisco-Macedo-fora-de-casa-e-mantem-lideranca-do-Grupo-D-na-II-Copa-AMVI-DSC_0115-696x464.jpg 696w, https:\/\/infonewss.com\/wp-content\/uploads\/2023\/08\/Marcolandia-vence-Francisco-Macedo-fora-de-casa-e-mantem-lideranca-do-Grupo-D-na-II-Copa-AMVI-DSC_0115.jpg 900w\" data-src=\"https:\/\/infonewss.com\/wp-content\/uploads\/2023\/08\/Marcolandia-vence-Francisco-Macedo-fora-de-casa-e-mantem-lideranca-do-Grupo-D-na-II-Copa-AMVI-DSC_0115-300x200.jpg\" data-sizes=\"(max-width: 300px) 100vw, 300px\" \/><\/a><\/div>\n<\/figure>\n<\/div>\n<div id=\"gallery-2\" class=\"gallery galleryid-427589 gallery-columns-2 gallery-size-medium\">\n<figure class=\"gallery-item\">\n<div class=\"gallery-icon landscape\"><a href=\"https:\/\/infonewss.com\/wp-content\/uploads\/2023\/08\/Marcolandia-vence-Francisco-Macedo-fora-de-casa-e-mantem-lideranca-do-Grupo-D-na-II-Copa-AMVI-IMG_6642.jpg\"><img loading=\"lazy\" decoding=\"async\" class=\"attachment-medium size-medium lazyload\" src=\"data:image\/gif;base64,R0lGODlhAQABAAAAACH5BAEKAAEALAAAAAABAAEAAAICTAEAOw==\" alt=\"\" width=\"300\" height=\"200\" data-srcset=\"https:\/\/infonewss.com\/wp-content\/uploads\/2023\/08\/Marcolandia-vence-Francisco-Macedo-fora-de-casa-e-mantem-lideranca-do-Grupo-D-na-II-Copa-AMVI-IMG_6642-300x200.jpg 300w, https:\/\/infonewss.com\/wp-content\/uploads\/2023\/08\/Marcolandia-vence-Francisco-Macedo-fora-de-casa-e-mantem-lideranca-do-Grupo-D-na-II-Copa-AMVI-IMG_6642-768x512.jpg 768w, https:\/\/infonewss.com\/wp-content\/uploads\/2023\/08\/Marcolandia-vence-Francisco-Macedo-fora-de-casa-e-mantem-lideranca-do-Grupo-D-na-II-Copa-AMVI-IMG_6642-150x100.jpg 150w, https:\/\/infonewss.com\/wp-content\/uploads\/2023\/08\/Marcolandia-vence-Francisco-Macedo-fora-de-casa-e-mantem-lideranca-do-Grupo-D-na-II-Copa-AMVI-IMG_6642-696x464.jpg 696w, https:\/\/infonewss.com\/wp-content\/uploads\/2023\/08\/Marcolandia-vence-Francisco-Macedo-fora-de-casa-e-mantem-lideranca-do-Grupo-D-na-II-Copa-AMVI-IMG_6642.jpg 900w\" data-src=\"https:\/\/infonewss.com\/wp-content\/uploads\/2023\/08\/Marcolandia-vence-Francisco-Macedo-fora-de-casa-e-mantem-lideranca-do-Grupo-D-na-II-Copa-AMVI-IMG_6642-300x200.jpg\" data-sizes=\"(max-width: 300px) 100vw, 300px\" \/><\/a><\/div>\n<\/figure>\n<figure class=\"gallery-item\">\n<div class=\"gallery-icon landscape\"><a href=\"https:\/\/infonewss.com\/wp-content\/uploads\/2023\/08\/Marcolandia-vence-Francisco-Macedo-fora-de-casa-e-mantem-lideranca-do-Grupo-D-na-II-Copa-AMVI-IMG_6643.jpg\"><img loading=\"lazy\" decoding=\"async\" class=\"attachment-medium size-medium lazyload\" src=\"data:image\/gif;base64,R0lGODlhAQABAAAAACH5BAEKAAEALAAAAAABAAEAAAICTAEAOw==\" alt=\"\" width=\"300\" height=\"200\" data-srcset=\"https:\/\/infonewss.com\/wp-content\/uploads\/2023\/08\/Marcolandia-vence-Francisco-Macedo-fora-de-casa-e-mantem-lideranca-do-Grupo-D-na-II-Copa-AMVI-IMG_6643-300x200.jpg 300w, https:\/\/infonewss.com\/wp-content\/uploads\/2023\/08\/Marcolandia-vence-Francisco-Macedo-fora-de-casa-e-mantem-lideranca-do-Grupo-D-na-II-Copa-AMVI-IMG_6643-768x512.jpg 768w, https:\/\/infonewss.com\/wp-content\/uploads\/2023\/08\/Marcolandia-vence-Francisco-Macedo-fora-de-casa-e-mantem-lideranca-do-Grupo-D-na-II-Copa-AMVI-IMG_6643-150x100.jpg 150w, https:\/\/infonewss.com\/wp-content\/uploads\/2023\/08\/Marcolandia-vence-Francisco-Macedo-fora-de-casa-e-mantem-lideranca-do-Grupo-D-na-II-Copa-AMVI-IMG_6643-696x464.jpg 696w, https:\/\/infonewss.com\/wp-content\/uploads\/2023\/08\/Marcolandia-vence-Francisco-Macedo-fora-de-casa-e-mantem-lideranca-do-Grupo-D-na-II-Copa-AMVI-IMG_6643.jpg 900w\" data-src=\"https:\/\/infonewss.com\/wp-content\/uploads\/2023\/08\/Marcolandia-vence-Francisco-Macedo-fora-de-casa-e-mantem-lideranca-do-Grupo-D-na-II-Copa-AMVI-IMG_6643-300x200.jpg\" data-sizes=\"(max-width: 300px) 100vw, 300px\" \/><\/a><\/div>\n<\/figure>\n<figure class=\"gallery-item\">\n<div class=\"gallery-icon landscape\"><a href=\"https:\/\/infonewss.com\/wp-content\/uploads\/2023\/08\/Marcolandia-vence-Francisco-Macedo-fora-de-casa-e-mantem-lideranca-do-Grupo-D-na-II-Copa-AMVI-IMG_6644.jpg\"><img loading=\"lazy\" decoding=\"async\" class=\"attachment-medium size-medium lazyload\" src=\"data:image\/gif;base64,R0lGODlhAQABAAAAACH5BAEKAAEALAAAAAABAAEAAAICTAEAOw==\" alt=\"\" width=\"300\" height=\"200\" data-srcset=\"https:\/\/infonewss.com\/wp-content\/uploads\/2023\/08\/Marcolandia-vence-Francisco-Macedo-fora-de-casa-e-mantem-lideranca-do-Grupo-D-na-II-Copa-AMVI-IMG_6644-300x200.jpg 300w, https:\/\/infonewss.com\/wp-content\/uploads\/2023\/08\/Marcolandia-vence-Francisco-Macedo-fora-de-casa-e-mantem-lideranca-do-Grupo-D-na-II-Copa-AMVI-IMG_6644-768x512.jpg 768w, https:\/\/infonewss.com\/wp-content\/uploads\/2023\/08\/Marcolandia-vence-Francisco-Macedo-fora-de-casa-e-mantem-lideranca-do-Grupo-D-na-II-Copa-AMVI-IMG_6644-150x100.jpg 150w, https:\/\/infonewss.com\/wp-content\/uploads\/2023\/08\/Marcolandia-vence-Francisco-Macedo-fora-de-casa-e-mantem-lideranca-do-Grupo-D-na-II-Copa-AMVI-IMG_6644-696x464.jpg 696w, https:\/\/infonewss.com\/wp-content\/uploads\/2023\/08\/Marcolandia-vence-Francisco-Macedo-fora-de-casa-e-mantem-lideranca-do-Grupo-D-na-II-Copa-AMVI-IMG_6644.jpg 900w\" data-src=\"https:\/\/infonewss.com\/wp-content\/uploads\/2023\/08\/Marcolandia-vence-Francisco-Macedo-fora-de-casa-e-mantem-lideranca-do-Grupo-D-na-II-Copa-AMVI-IMG_6644-300x200.jpg\" data-sizes=\"(max-width: 300px) 100vw, 300px\" \/><\/a><\/div>\n<\/figure>\n<figure class=\"gallery-item\">\n<div class=\"gallery-icon landscape\"><a href=\"https:\/\/infonewss.com\/wp-content\/uploads\/2023\/08\/Marcolandia-vence-Francisco-Macedo-fora-de-casa-e-mantem-lideranca-do-Grupo-D-na-II-Copa-AMVI-IMG_6647.jpg\"><img loading=\"lazy\" decoding=\"async\" class=\"attachment-medium size-medium lazyload\" src=\"data:image\/gif;base64,R0lGODlhAQABAAAAACH5BAEKAAEALAAAAAABAAEAAAICTAEAOw==\" alt=\"\" width=\"300\" height=\"200\" data-srcset=\"https:\/\/infonewss.com\/wp-content\/uploads\/2023\/08\/Marcolandia-vence-Francisco-Macedo-fora-de-casa-e-mantem-lideranca-do-Grupo-D-na-II-Copa-AMVI-IMG_6647-300x200.jpg 300w, https:\/\/infonewss.com\/wp-content\/uploads\/2023\/08\/Marcolandia-vence-Francisco-Macedo-fora-de-casa-e-mantem-lideranca-do-Grupo-D-na-II-Copa-AMVI-IMG_6647-768x512.jpg 768w, https:\/\/infonewss.com\/wp-content\/uploads\/2023\/08\/Marcolandia-vence-Francisco-Macedo-fora-de-casa-e-mantem-lideranca-do-Grupo-D-na-II-Copa-AMVI-IMG_6647-150x100.jpg 150w, https:\/\/infonewss.com\/wp-content\/uploads\/2023\/08\/Marcolandia-vence-Francisco-Macedo-fora-de-casa-e-mantem-lideranca-do-Grupo-D-na-II-Copa-AMVI-IMG_6647-696x464.jpg 696w, https:\/\/infonewss.com\/wp-content\/uploads\/2023\/08\/Marcolandia-vence-Francisco-Macedo-fora-de-casa-e-mantem-lideranca-do-Grupo-D-na-II-Copa-AMVI-IMG_6647.jpg 900w\" data-src=\"https:\/\/infonewss.com\/wp-content\/uploads\/2023\/08\/Marcolandia-vence-Francisco-Macedo-fora-de-casa-e-mantem-lideranca-do-Grupo-D-na-II-Copa-AMVI-IMG_6647-300x200.jpg\" data-sizes=\"(max-width: 300px) 100vw, 300px\" \/><\/a><\/div>\n<\/figure>\n<figure class=\"gallery-item\">\n<div class=\"gallery-icon landscape\"><a href=\"https:\/\/infonewss.com\/wp-content\/uploads\/2023\/08\/Marcolandia-vence-Francisco-Macedo-fora-de-casa-e-mantem-lideranca-do-Grupo-D-na-II-Copa-AMVI-IMG_6648.jpg\"><img loading=\"lazy\" decoding=\"async\" class=\"attachment-medium size-medium lazyload\" src=\"data:image\/gif;base64,R0lGODlhAQABAAAAACH5BAEKAAEALAAAAAABAAEAAAICTAEAOw==\" alt=\"\" width=\"300\" height=\"200\" data-srcset=\"https:\/\/infonewss.com\/wp-content\/uploads\/2023\/08\/Marcolandia-vence-Francisco-Macedo-fora-de-casa-e-mantem-lideranca-do-Grupo-D-na-II-Copa-AMVI-IMG_6648-300x200.jpg 300w, https:\/\/infonewss.com\/wp-content\/uploads\/2023\/08\/Marcolandia-vence-Francisco-Macedo-fora-de-casa-e-mantem-lideranca-do-Grupo-D-na-II-Copa-AMVI-IMG_6648-768x512.jpg 768w, https:\/\/infonewss.com\/wp-content\/uploads\/2023\/08\/Marcolandia-vence-Francisco-Macedo-fora-de-casa-e-mantem-lideranca-do-Grupo-D-na-II-Copa-AMVI-IMG_6648-150x100.jpg 150w, https:\/\/infonewss.com\/wp-content\/uploads\/2023\/08\/Marcolandia-vence-Francisco-Macedo-fora-de-casa-e-mantem-lideranca-do-Grupo-D-na-II-Copa-AMVI-IMG_6648-696x464.jpg 696w, https:\/\/infonewss.com\/wp-content\/uploads\/2023\/08\/Marcolandia-vence-Francisco-Macedo-fora-de-casa-e-mantem-lideranca-do-Grupo-D-na-II-Copa-AMVI-IMG_6648.jpg 900w\" data-src=\"https:\/\/infonewss.com\/wp-content\/uploads\/2023\/08\/Marcolandia-vence-Francisco-Macedo-fora-de-casa-e-mantem-lideranca-do-Grupo-D-na-II-Copa-AMVI-IMG_6648-300x200.jpg\" data-sizes=\"(max-width: 300px) 100vw, 300px\" \/><\/a><\/div>\n<\/figure>\n<figure class=\"gallery-item\">\n<div class=\"gallery-icon landscape\"><a href=\"https:\/\/infonewss.com\/wp-content\/uploads\/2023\/08\/Marcolandia-vence-Francisco-Macedo-fora-de-casa-e-mantem-lideranca-do-Grupo-D-na-II-Copa-AMVI-IMG_6649.jpg\"><img loading=\"lazy\" decoding=\"async\" class=\"attachment-medium size-medium lazyload\" src=\"data:image\/gif;base64,R0lGODlhAQABAAAAACH5BAEKAAEALAAAAAABAAEAAAICTAEAOw==\" alt=\"\" width=\"300\" height=\"200\" data-srcset=\"https:\/\/infonewss.com\/wp-content\/uploads\/2023\/08\/Marcolandia-vence-Francisco-Macedo-fora-de-casa-e-mantem-lideranca-do-Grupo-D-na-II-Copa-AMVI-IMG_6649-300x200.jpg 300w, https:\/\/infonewss.com\/wp-content\/uploads\/2023\/08\/Marcolandia-vence-Francisco-Macedo-fora-de-casa-e-mantem-lideranca-do-Grupo-D-na-II-Copa-AMVI-IMG_6649-768x512.jpg 768w, https:\/\/infonewss.com\/wp-content\/uploads\/2023\/08\/Marcolandia-vence-Francisco-Macedo-fora-de-casa-e-mantem-lideranca-do-Grupo-D-na-II-Copa-AMVI-IMG_6649-150x100.jpg 150w, https:\/\/infonewss.com\/wp-content\/uploads\/2023\/08\/Marcolandia-vence-Francisco-Macedo-fora-de-casa-e-mantem-lideranca-do-Grupo-D-na-II-Copa-AMVI-IMG_6649-696x464.jpg 696w, https:\/\/infonewss.com\/wp-content\/uploads\/2023\/08\/Marcolandia-vence-Francisco-Macedo-fora-de-casa-e-mantem-lideranca-do-Grupo-D-na-II-Copa-AMVI-IMG_6649.jpg 900w\" data-src=\"https:\/\/infonewss.com\/wp-content\/uploads\/2023\/08\/Marcolandia-vence-Francisco-Macedo-fora-de-casa-e-mantem-lideranca-do-Grupo-D-na-II-Copa-AMVI-IMG_6649-300x200.jpg\" data-sizes=\"(max-width: 300px) 100vw, 300px\" \/><\/a><\/div>\n<\/figure>\n<figure class=\"gallery-item\">\n<div class=\"gallery-icon landscape\"><a href=\"https:\/\/infonewss.com\/wp-content\/uploads\/2023\/08\/Marcolandia-vence-Francisco-Macedo-fora-de-casa-e-mantem-lideranca-do-Grupo-D-na-II-Copa-AMVI-IMG_6650.jpg\"><img loading=\"lazy\" decoding=\"async\" class=\"attachment-medium size-medium lazyload\" src=\"data:image\/gif;base64,R0lGODlhAQABAAAAACH5BAEKAAEALAAAAAABAAEAAAICTAEAOw==\" alt=\"\" width=\"300\" height=\"200\" data-srcset=\"https:\/\/infonewss.com\/wp-content\/uploads\/2023\/08\/Marcolandia-vence-Francisco-Macedo-fora-de-casa-e-mantem-lideranca-do-Grupo-D-na-II-Copa-AMVI-IMG_6650-300x200.jpg 300w, https:\/\/infonewss.com\/wp-content\/uploads\/2023\/08\/Marcolandia-vence-Francisco-Macedo-fora-de-casa-e-mantem-lideranca-do-Grupo-D-na-II-Copa-AMVI-IMG_6650-768x512.jpg 768w, https:\/\/infonewss.com\/wp-content\/uploads\/2023\/08\/Marcolandia-vence-Francisco-Macedo-fora-de-casa-e-mantem-lideranca-do-Grupo-D-na-II-Copa-AMVI-IMG_6650-150x100.jpg 150w, https:\/\/infonewss.com\/wp-content\/uploads\/2023\/08\/Marcolandia-vence-Francisco-Macedo-fora-de-casa-e-mantem-lideranca-do-Grupo-D-na-II-Copa-AMVI-IMG_6650-696x464.jpg 696w, https:\/\/infonewss.com\/wp-content\/uploads\/2023\/08\/Marcolandia-vence-Francisco-Macedo-fora-de-casa-e-mantem-lideranca-do-Grupo-D-na-II-Copa-AMVI-IMG_6650.jpg 900w\" data-src=\"https:\/\/infonewss.com\/wp-content\/uploads\/2023\/08\/Marcolandia-vence-Francisco-Macedo-fora-de-casa-e-mantem-lideranca-do-Grupo-D-na-II-Copa-AMVI-IMG_6650-300x200.jpg\" data-sizes=\"(max-width: 300px) 100vw, 300px\" \/><\/a><\/div>\n<\/figure>\n<figure class=\"gallery-item\">\n<div class=\"gallery-icon landscape\"><a href=\"https:\/\/infonewss.com\/wp-content\/uploads\/2023\/08\/Marcolandia-vence-Francisco-Macedo-fora-de-casa-e-mantem-lideranca-do-Grupo-D-na-II-Copa-AMVI-IMG_6652.jpg\"><img loading=\"lazy\" decoding=\"async\" class=\"attachment-medium size-medium lazyload\" src=\"data:image\/gif;base64,R0lGODlhAQABAAAAACH5BAEKAAEALAAAAAABAAEAAAICTAEAOw==\" alt=\"\" width=\"300\" height=\"200\" data-srcset=\"https:\/\/infonewss.com\/wp-content\/uploads\/2023\/08\/Marcolandia-vence-Francisco-Macedo-fora-de-casa-e-mantem-lideranca-do-Grupo-D-na-II-Copa-AMVI-IMG_6652-300x200.jpg 300w, https:\/\/infonewss.com\/wp-content\/uploads\/2023\/08\/Marcolandia-vence-Francisco-Macedo-fora-de-casa-e-mantem-lideranca-do-Grupo-D-na-II-Copa-AMVI-IMG_6652-768x512.jpg 768w, https:\/\/infonewss.com\/wp-content\/uploads\/2023\/08\/Marcolandia-vence-Francisco-Macedo-fora-de-casa-e-mantem-lideranca-do-Grupo-D-na-II-Copa-AMVI-IMG_6652-150x100.jpg 150w, https:\/\/infonewss.com\/wp-content\/uploads\/2023\/08\/Marcolandia-vence-Francisco-Macedo-fora-de-casa-e-mantem-lideranca-do-Grupo-D-na-II-Copa-AMVI-IMG_6652-696x464.jpg 696w, https:\/\/infonewss.com\/wp-content\/uploads\/2023\/08\/Marcolandia-vence-Francisco-Macedo-fora-de-casa-e-mantem-lideranca-do-Grupo-D-na-II-Copa-AMVI-IMG_6652.jpg 900w\" data-src=\"https:\/\/infonewss.com\/wp-content\/uploads\/2023\/08\/Marcolandia-vence-Francisco-Macedo-fora-de-casa-e-mantem-lideranca-do-Grupo-D-na-II-Copa-AMVI-IMG_6652-300x200.jpg\" data-sizes=\"(max-width: 300px) 100vw, 300px\" \/><\/a><\/div>\n<\/figure>\n<figure class=\"gallery-item\">\n<div class=\"gallery-icon landscape\"><a href=\"https:\/\/infonewss.com\/wp-content\/uploads\/2023\/08\/Marcolandia-vence-Francisco-Macedo-fora-de-casa-e-mantem-lideranca-do-Grupo-D-na-II-Copa-AMVI-IMG_6653.jpg\"><img loading=\"lazy\" decoding=\"async\" class=\"attachment-medium size-medium lazyload\" src=\"data:image\/gif;base64,R0lGODlhAQABAAAAACH5BAEKAAEALAAAAAABAAEAAAICTAEAOw==\" alt=\"\" width=\"300\" height=\"200\" data-srcset=\"https:\/\/infonewss.com\/wp-content\/uploads\/2023\/08\/Marcolandia-vence-Francisco-Macedo-fora-de-casa-e-mantem-lideranca-do-Grupo-D-na-II-Copa-AMVI-IMG_6653-300x200.jpg 300w, https:\/\/infonewss.com\/wp-content\/uploads\/2023\/08\/Marcolandia-vence-Francisco-Macedo-fora-de-casa-e-mantem-lideranca-do-Grupo-D-na-II-Copa-AMVI-IMG_6653-768x512.jpg 768w, https:\/\/infonewss.com\/wp-content\/uploads\/2023\/08\/Marcolandia-vence-Francisco-Macedo-fora-de-casa-e-mantem-lideranca-do-Grupo-D-na-II-Copa-AMVI-IMG_6653-150x100.jpg 150w, https:\/\/infonewss.com\/wp-content\/uploads\/2023\/08\/Marcolandia-vence-Francisco-Macedo-fora-de-casa-e-mantem-lideranca-do-Grupo-D-na-II-Copa-AMVI-IMG_6653-696x464.jpg 696w, https:\/\/infonewss.com\/wp-content\/uploads\/2023\/08\/Marcolandia-vence-Francisco-Macedo-fora-de-casa-e-mantem-lideranca-do-Grupo-D-na-II-Copa-AMVI-IMG_6653.jpg 900w\" data-src=\"https:\/\/infonewss.com\/wp-content\/uploads\/2023\/08\/Marcolandia-vence-Francisco-Macedo-fora-de-casa-e-mantem-lideranca-do-Grupo-D-na-II-Copa-AMVI-IMG_6653-300x200.jpg\" data-sizes=\"(max-width: 300px) 100vw, 300px\" \/><\/a><\/div>\n<\/figure>\n<figure class=\"gallery-item\">\n<div class=\"gallery-icon landscape\"><a href=\"https:\/\/infonewss.com\/wp-content\/uploads\/2023\/08\/Marcolandia-vence-Francisco-Macedo-fora-de-casa-e-mantem-lideranca-do-Grupo-D-na-II-Copa-AMVI-IMG_6654.jpg\"><img loading=\"lazy\" decoding=\"async\" class=\"attachment-medium size-medium lazyload\" src=\"data:image\/gif;base64,R0lGODlhAQABAAAAACH5BAEKAAEALAAAAAABAAEAAAICTAEAOw==\" alt=\"\" width=\"300\" height=\"200\" data-srcset=\"https:\/\/infonewss.com\/wp-content\/uploads\/2023\/08\/Marcolandia-vence-Francisco-Macedo-fora-de-casa-e-mantem-lideranca-do-Grupo-D-na-II-Copa-AMVI-IMG_6654-300x200.jpg 300w, https:\/\/infonewss.com\/wp-content\/uploads\/2023\/08\/Marcolandia-vence-Francisco-Macedo-fora-de-casa-e-mantem-lideranca-do-Grupo-D-na-II-Copa-AMVI-IMG_6654-768x512.jpg 768w, https:\/\/infonewss.com\/wp-content\/uploads\/2023\/08\/Marcolandia-vence-Francisco-Macedo-fora-de-casa-e-mantem-lideranca-do-Grupo-D-na-II-Copa-AMVI-IMG_6654-150x100.jpg 150w, https:\/\/infonewss.com\/wp-content\/uploads\/2023\/08\/Marcolandia-vence-Francisco-Macedo-fora-de-casa-e-mantem-lideranca-do-Grupo-D-na-II-Copa-AMVI-IMG_6654-696x464.jpg 696w, https:\/\/infonewss.com\/wp-content\/uploads\/2023\/08\/Marcolandia-vence-Francisco-Macedo-fora-de-casa-e-mantem-lideranca-do-Grupo-D-na-II-Copa-AMVI-IMG_6654.jpg 900w\" data-src=\"https:\/\/infonewss.com\/wp-content\/uploads\/2023\/08\/Marcolandia-vence-Francisco-Macedo-fora-de-casa-e-mantem-lideranca-do-Grupo-D-na-II-Copa-AMVI-IMG_6654-300x200.jpg\" data-sizes=\"(max-width: 300px) 100vw, 300px\" \/><\/a><\/div>\n<\/figure>\n<figure class=\"gallery-item\">\n<div class=\"gallery-icon landscape\"><a href=\"https:\/\/infonewss.com\/wp-content\/uploads\/2023\/08\/Marcolandia-vence-Francisco-Macedo-fora-de-casa-e-mantem-lideranca-do-Grupo-D-na-II-Copa-AMVI-IMG_6655.jpg\"><img loading=\"lazy\" decoding=\"async\" class=\"attachment-medium size-medium lazyload\" src=\"data:image\/gif;base64,R0lGODlhAQABAAAAACH5BAEKAAEALAAAAAABAAEAAAICTAEAOw==\" alt=\"\" width=\"300\" height=\"200\" data-srcset=\"https:\/\/infonewss.com\/wp-content\/uploads\/2023\/08\/Marcolandia-vence-Francisco-Macedo-fora-de-casa-e-mantem-lideranca-do-Grupo-D-na-II-Copa-AMVI-IMG_6655-300x200.jpg 300w, https:\/\/infonewss.com\/wp-content\/uploads\/2023\/08\/Marcolandia-vence-Francisco-Macedo-fora-de-casa-e-mantem-lideranca-do-Grupo-D-na-II-Copa-AMVI-IMG_6655-768x512.jpg 768w, https:\/\/infonewss.com\/wp-content\/uploads\/2023\/08\/Marcolandia-vence-Francisco-Macedo-fora-de-casa-e-mantem-lideranca-do-Grupo-D-na-II-Copa-AMVI-IMG_6655-150x100.jpg 150w, https:\/\/infonewss.com\/wp-content\/uploads\/2023\/08\/Marcolandia-vence-Francisco-Macedo-fora-de-casa-e-mantem-lideranca-do-Grupo-D-na-II-Copa-AMVI-IMG_6655-696x464.jpg 696w, https:\/\/infonewss.com\/wp-content\/uploads\/2023\/08\/Marcolandia-vence-Francisco-Macedo-fora-de-casa-e-mantem-lideranca-do-Grupo-D-na-II-Copa-AMVI-IMG_6655.jpg 900w\" data-src=\"https:\/\/infonewss.com\/wp-content\/uploads\/2023\/08\/Marcolandia-vence-Francisco-Macedo-fora-de-casa-e-mantem-lideranca-do-Grupo-D-na-II-Copa-AMVI-IMG_6655-300x200.jpg\" data-sizes=\"(max-width: 300px) 100vw, 300px\" \/><\/a><\/div>\n<\/figure>\n<figure class=\"gallery-item\">\n<div class=\"gallery-icon landscape\"><a href=\"https:\/\/infonewss.com\/wp-content\/uploads\/2023\/08\/Marcolandia-vence-Francisco-Macedo-fora-de-casa-e-mantem-lideranca-do-Grupo-D-na-II-Copa-AMVI-IMG_6657.jpg\"><img loading=\"lazy\" decoding=\"async\" class=\"attachment-medium size-medium lazyload\" src=\"data:image\/gif;base64,R0lGODlhAQABAAAAACH5BAEKAAEALAAAAAABAAEAAAICTAEAOw==\" alt=\"\" width=\"300\" height=\"200\" data-srcset=\"https:\/\/infonewss.com\/wp-content\/uploads\/2023\/08\/Marcolandia-vence-Francisco-Macedo-fora-de-casa-e-mantem-lideranca-do-Grupo-D-na-II-Copa-AMVI-IMG_6657-300x200.jpg 300w, https:\/\/infonewss.com\/wp-content\/uploads\/2023\/08\/Marcolandia-vence-Francisco-Macedo-fora-de-casa-e-mantem-lideranca-do-Grupo-D-na-II-Copa-AMVI-IMG_6657-768x512.jpg 768w, https:\/\/infonewss.com\/wp-content\/uploads\/2023\/08\/Marcolandia-vence-Francisco-Macedo-fora-de-casa-e-mantem-lideranca-do-Grupo-D-na-II-Copa-AMVI-IMG_6657-150x100.jpg 150w, https:\/\/infonewss.com\/wp-content\/uploads\/2023\/08\/Marcolandia-vence-Francisco-Macedo-fora-de-casa-e-mantem-lideranca-do-Grupo-D-na-II-Copa-AMVI-IMG_6657-696x464.jpg 696w, https:\/\/infonewss.com\/wp-content\/uploads\/2023\/08\/Marcolandia-vence-Francisco-Macedo-fora-de-casa-e-mantem-lideranca-do-Grupo-D-na-II-Copa-AMVI-IMG_6657.jpg 900w\" data-src=\"https:\/\/infonewss.com\/wp-content\/uploads\/2023\/08\/Marcolandia-vence-Francisco-Macedo-fora-de-casa-e-mantem-lideranca-do-Grupo-D-na-II-Copa-AMVI-IMG_6657-300x200.jpg\" data-sizes=\"(max-width: 300px) 100vw, 300px\" \/><\/a><\/div>\n<\/figure>\n<figure class=\"gallery-item\">\n<div class=\"gallery-icon portrait\"><a href=\"https:\/\/infonewss.com\/wp-content\/uploads\/2023\/08\/Marcolandia-vence-Francisco-Macedo-fora-de-casa-e-mantem-lideranca-do-Grupo-D-na-II-Copa-AMVI-IMG_6659.jpg\"><img loading=\"lazy\" decoding=\"async\" class=\"attachment-medium size-medium lazyload\" src=\"data:image\/gif;base64,R0lGODlhAQABAAAAACH5BAEKAAEALAAAAAABAAEAAAICTAEAOw==\" alt=\"\" width=\"200\" height=\"300\" data-srcset=\"https:\/\/infonewss.com\/wp-content\/uploads\/2023\/08\/Marcolandia-vence-Francisco-Macedo-fora-de-casa-e-mantem-lideranca-do-Grupo-D-na-II-Copa-AMVI-IMG_6659-200x300.jpg 200w, https:\/\/infonewss.com\/wp-content\/uploads\/2023\/08\/Marcolandia-vence-Francisco-Macedo-fora-de-casa-e-mantem-lideranca-do-Grupo-D-na-II-Copa-AMVI-IMG_6659-683x1024.jpg 683w, https:\/\/infonewss.com\/wp-content\/uploads\/2023\/08\/Marcolandia-vence-Francisco-Macedo-fora-de-casa-e-mantem-lideranca-do-Grupo-D-na-II-Copa-AMVI-IMG_6659-768x1152.jpg 768w, https:\/\/infonewss.com\/wp-content\/uploads\/2023\/08\/Marcolandia-vence-Francisco-Macedo-fora-de-casa-e-mantem-lideranca-do-Grupo-D-na-II-Copa-AMVI-IMG_6659-150x225.jpg 150w, https:\/\/infonewss.com\/wp-content\/uploads\/2023\/08\/Marcolandia-vence-Francisco-Macedo-fora-de-casa-e-mantem-lideranca-do-Grupo-D-na-II-Copa-AMVI-IMG_6659-300x450.jpg 300w, https:\/\/infonewss.com\/wp-content\/uploads\/2023\/08\/Marcolandia-vence-Francisco-Macedo-fora-de-casa-e-mantem-lideranca-do-Grupo-D-na-II-Copa-AMVI-IMG_6659-696x1044.jpg 696w, https:\/\/infonewss.com\/wp-content\/uploads\/2023\/08\/Marcolandia-vence-Francisco-Macedo-fora-de-casa-e-mantem-lideranca-do-Grupo-D-na-II-Copa-AMVI-IMG_6659.jpg 900w\" data-src=\"https:\/\/infonewss.com\/wp-content\/uploads\/2023\/08\/Marcolandia-vence-Francisco-Macedo-fora-de-casa-e-mantem-lideranca-do-Grupo-D-na-II-Copa-AMVI-IMG_6659-200x300.jpg\" data-sizes=\"(max-width: 200px) 100vw, 200px\" \/><\/a><\/div>\n<\/figure>\n<figure class=\"gallery-item\">\n<div class=\"gallery-icon portrait\"><a href=\"https:\/\/infonewss.com\/wp-content\/uploads\/2023\/08\/Marcolandia-vence-Francisco-Macedo-fora-de-casa-e-mantem-lideranca-do-Grupo-D-na-II-Copa-AMVI-IMG_6660.jpg\"><img loading=\"lazy\" decoding=\"async\" class=\"attachment-medium size-medium lazyload\" src=\"data:image\/gif;base64,R0lGODlhAQABAAAAACH5BAEKAAEALAAAAAABAAEAAAICTAEAOw==\" alt=\"\" width=\"200\" height=\"300\" data-srcset=\"https:\/\/infonewss.com\/wp-content\/uploads\/2023\/08\/Marcolandia-vence-Francisco-Macedo-fora-de-casa-e-mantem-lideranca-do-Grupo-D-na-II-Copa-AMVI-IMG_6660-200x300.jpg 200w, https:\/\/infonewss.com\/wp-content\/uploads\/2023\/08\/Marcolandia-vence-Francisco-Macedo-fora-de-casa-e-mantem-lideranca-do-Grupo-D-na-II-Copa-AMVI-IMG_6660-683x1024.jpg 683w, https:\/\/infonewss.com\/wp-content\/uploads\/2023\/08\/Marcolandia-vence-Francisco-Macedo-fora-de-casa-e-mantem-lideranca-do-Grupo-D-na-II-Copa-AMVI-IMG_6660-768x1152.jpg 768w, https:\/\/infonewss.com\/wp-content\/uploads\/2023\/08\/Marcolandia-vence-Francisco-Macedo-fora-de-casa-e-mantem-lideranca-do-Grupo-D-na-II-Copa-AMVI-IMG_6660-150x225.jpg 150w, https:\/\/infonewss.com\/wp-content\/uploads\/2023\/08\/Marcolandia-vence-Francisco-Macedo-fora-de-casa-e-mantem-lideranca-do-Grupo-D-na-II-Copa-AMVI-IMG_6660-300x450.jpg 300w, https:\/\/infonewss.com\/wp-content\/uploads\/2023\/08\/Marcolandia-vence-Francisco-Macedo-fora-de-casa-e-mantem-lideranca-do-Grupo-D-na-II-Copa-AMVI-IMG_6660-696x1044.jpg 696w, https:\/\/infonewss.com\/wp-content\/uploads\/2023\/08\/Marcolandia-vence-Francisco-Macedo-fora-de-casa-e-mantem-lideranca-do-Grupo-D-na-II-Copa-AMVI-IMG_6660.jpg 900w\" data-src=\"https:\/\/infonewss.com\/wp-content\/uploads\/2023\/08\/Marcolandia-vence-Francisco-Macedo-fora-de-casa-e-mantem-lideranca-do-Grupo-D-na-II-Copa-AMVI-IMG_6660-200x300.jpg\" data-sizes=\"(max-width: 200px) 100vw, 200px\" \/><\/a><\/div>\n<\/figure>\n<figure class=\"gallery-item\">\n<div class=\"gallery-icon portrait\"><a href=\"https:\/\/infonewss.com\/wp-content\/uploads\/2023\/08\/Marcolandia-vence-Francisco-Macedo-fora-de-casa-e-mantem-lideranca-do-Grupo-D-na-II-Copa-AMVI-IMG_6662.jpg\"><img loading=\"lazy\" decoding=\"async\" class=\"attachment-medium size-medium lazyload\" src=\"data:image\/gif;base64,R0lGODlhAQABAAAAACH5BAEKAAEALAAAAAABAAEAAAICTAEAOw==\" alt=\"\" width=\"200\" height=\"300\" data-srcset=\"https:\/\/infonewss.com\/wp-content\/uploads\/2023\/08\/Marcolandia-vence-Francisco-Macedo-fora-de-casa-e-mantem-lideranca-do-Grupo-D-na-II-Copa-AMVI-IMG_6662-200x300.jpg 200w, https:\/\/infonewss.com\/wp-content\/uploads\/2023\/08\/Marcolandia-vence-Francisco-Macedo-fora-de-casa-e-mantem-lideranca-do-Grupo-D-na-II-Copa-AMVI-IMG_6662-683x1024.jpg 683w, https:\/\/infonewss.com\/wp-content\/uploads\/2023\/08\/Marcolandia-vence-Francisco-Macedo-fora-de-casa-e-mantem-lideranca-do-Grupo-D-na-II-Copa-AMVI-IMG_6662-768x1152.jpg 768w, https:\/\/infonewss.com\/wp-content\/uploads\/2023\/08\/Marcolandia-vence-Francisco-Macedo-fora-de-casa-e-mantem-lideranca-do-Grupo-D-na-II-Copa-AMVI-IMG_6662-150x225.jpg 150w, https:\/\/infonewss.com\/wp-content\/uploads\/2023\/08\/Marcolandia-vence-Francisco-Macedo-fora-de-casa-e-mantem-lideranca-do-Grupo-D-na-II-Copa-AMVI-IMG_6662-300x450.jpg 300w, https:\/\/infonewss.com\/wp-content\/uploads\/2023\/08\/Marcolandia-vence-Francisco-Macedo-fora-de-casa-e-mantem-lideranca-do-Grupo-D-na-II-Copa-AMVI-IMG_6662-696x1044.jpg 696w, https:\/\/infonewss.com\/wp-content\/uploads\/2023\/08\/Marcolandia-vence-Francisco-Macedo-fora-de-casa-e-mantem-lideranca-do-Grupo-D-na-II-Copa-AMVI-IMG_6662.jpg 900w\" data-src=\"https:\/\/infonewss.com\/wp-content\/uploads\/2023\/08\/Marcolandia-vence-Francisco-Macedo-fora-de-casa-e-mantem-lideranca-do-Grupo-D-na-II-Copa-AMVI-IMG_6662-200x300.jpg\" data-sizes=\"(max-width: 200px) 100vw, 200px\" \/><\/a><\/div>\n<\/figure>\n<figure class=\"gallery-item\">\n<div class=\"gallery-icon portrait\"><a href=\"https:\/\/infonewss.com\/wp-content\/uploads\/2023\/08\/Marcolandia-vence-Francisco-Macedo-fora-de-casa-e-mantem-lideranca-do-Grupo-D-na-II-Copa-AMVI-IMG_6663.jpg\"><img loading=\"lazy\" decoding=\"async\" class=\"attachment-medium size-medium lazyload\" src=\"data:image\/gif;base64,R0lGODlhAQABAAAAACH5BAEKAAEALAAAAAABAAEAAAICTAEAOw==\" alt=\"\" width=\"200\" height=\"300\" data-srcset=\"https:\/\/infonewss.com\/wp-content\/uploads\/2023\/08\/Marcolandia-vence-Francisco-Macedo-fora-de-casa-e-mantem-lideranca-do-Grupo-D-na-II-Copa-AMVI-IMG_6663-200x300.jpg 200w, https:\/\/infonewss.com\/wp-content\/uploads\/2023\/08\/Marcolandia-vence-Francisco-Macedo-fora-de-casa-e-mantem-lideranca-do-Grupo-D-na-II-Copa-AMVI-IMG_6663-683x1024.jpg 683w, https:\/\/infonewss.com\/wp-content\/uploads\/2023\/08\/Marcolandia-vence-Francisco-Macedo-fora-de-casa-e-mantem-lideranca-do-Grupo-D-na-II-Copa-AMVI-IMG_6663-768x1152.jpg 768w, https:\/\/infonewss.com\/wp-content\/uploads\/2023\/08\/Marcolandia-vence-Francisco-Macedo-fora-de-casa-e-mantem-lideranca-do-Grupo-D-na-II-Copa-AMVI-IMG_6663-150x225.jpg 150w, https:\/\/infonewss.com\/wp-content\/uploads\/2023\/08\/Marcolandia-vence-Francisco-Macedo-fora-de-casa-e-mantem-lideranca-do-Grupo-D-na-II-Copa-AMVI-IMG_6663-300x450.jpg 300w, https:\/\/infonewss.com\/wp-content\/uploads\/2023\/08\/Marcolandia-vence-Francisco-Macedo-fora-de-casa-e-mantem-lideranca-do-Grupo-D-na-II-Copa-AMVI-IMG_6663-696x1044.jpg 696w, https:\/\/infonewss.com\/wp-content\/uploads\/2023\/08\/Marcolandia-vence-Francisco-Macedo-fora-de-casa-e-mantem-lideranca-do-Grupo-D-na-II-Copa-AMVI-IMG_6663.jpg 900w\" data-src=\"https:\/\/infonewss.com\/wp-content\/uploads\/2023\/08\/Marcolandia-vence-Francisco-Macedo-fora-de-casa-e-mantem-lideranca-do-Grupo-D-na-II-Copa-AMVI-IMG_6663-200x300.jpg\" data-sizes=\"(max-width: 200px) 100vw, 200px\" \/><\/a><\/div>\n<\/figure>\n<figure class=\"gallery-item\">\n<div class=\"gallery-icon landscape\"><a href=\"https:\/\/infonewss.com\/wp-content\/uploads\/2023\/08\/Marcolandia-vence-Francisco-Macedo-fora-de-casa-e-mantem-lideranca-do-Grupo-D-na-II-Copa-AMVI-IMG_6665.jpg\"><img loading=\"lazy\" decoding=\"async\" class=\"attachment-medium size-medium lazyload\" src=\"data:image\/gif;base64,R0lGODlhAQABAAAAACH5BAEKAAEALAAAAAABAAEAAAICTAEAOw==\" alt=\"\" width=\"300\" height=\"200\" data-srcset=\"https:\/\/infonewss.com\/wp-content\/uploads\/2023\/08\/Marcolandia-vence-Francisco-Macedo-fora-de-casa-e-mantem-lideranca-do-Grupo-D-na-II-Copa-AMVI-IMG_6665-300x200.jpg 300w, https:\/\/infonewss.com\/wp-content\/uploads\/2023\/08\/Marcolandia-vence-Francisco-Macedo-fora-de-casa-e-mantem-lideranca-do-Grupo-D-na-II-Copa-AMVI-IMG_6665-768x512.jpg 768w, https:\/\/infonewss.com\/wp-content\/uploads\/2023\/08\/Marcolandia-vence-Francisco-Macedo-fora-de-casa-e-mantem-lideranca-do-Grupo-D-na-II-Copa-AMVI-IMG_6665-150x100.jpg 150w, https:\/\/infonewss.com\/wp-content\/uploads\/2023\/08\/Marcolandia-vence-Francisco-Macedo-fora-de-casa-e-mantem-lideranca-do-Grupo-D-na-II-Copa-AMVI-IMG_6665-696x464.jpg 696w, https:\/\/infonewss.com\/wp-content\/uploads\/2023\/08\/Marcolandia-vence-Francisco-Macedo-fora-de-casa-e-mantem-lideranca-do-Grupo-D-na-II-Copa-AMVI-IMG_6665.jpg 900w\" data-src=\"https:\/\/infonewss.com\/wp-content\/uploads\/2023\/08\/Marcolandia-vence-Francisco-Macedo-fora-de-casa-e-mantem-lideranca-do-Grupo-D-na-II-Copa-AMVI-IMG_6665-300x200.jpg\" data-sizes=\"(max-width: 300px) 100vw, 300px\" \/><\/a><\/div>\n<\/figure>\n<figure class=\"gallery-item\">\n<div class=\"gallery-icon landscape\"><a href=\"https:\/\/infonewss.com\/wp-content\/uploads\/2023\/08\/Marcolandia-vence-Francisco-Macedo-fora-de-casa-e-mantem-lideranca-do-Grupo-D-na-II-Copa-AMVI-IMG_6666.jpg\"><img loading=\"lazy\" decoding=\"async\" class=\"attachment-medium size-medium lazyload\" src=\"data:image\/gif;base64,R0lGODlhAQABAAAAACH5BAEKAAEALAAAAAABAAEAAAICTAEAOw==\" alt=\"\" width=\"300\" height=\"200\" data-srcset=\"https:\/\/infonewss.com\/wp-content\/uploads\/2023\/08\/Marcolandia-vence-Francisco-Macedo-fora-de-casa-e-mantem-lideranca-do-Grupo-D-na-II-Copa-AMVI-IMG_6666-300x200.jpg 300w, https:\/\/infonewss.com\/wp-content\/uploads\/2023\/08\/Marcolandia-vence-Francisco-Macedo-fora-de-casa-e-mantem-lideranca-do-Grupo-D-na-II-Copa-AMVI-IMG_6666-768x512.jpg 768w, https:\/\/infonewss.com\/wp-content\/uploads\/2023\/08\/Marcolandia-vence-Francisco-Macedo-fora-de-casa-e-mantem-lideranca-do-Grupo-D-na-II-Copa-AMVI-IMG_6666-150x100.jpg 150w, https:\/\/infonewss.com\/wp-content\/uploads\/2023\/08\/Marcolandia-vence-Francisco-Macedo-fora-de-casa-e-mantem-lideranca-do-Grupo-D-na-II-Copa-AMVI-IMG_6666-696x464.jpg 696w, https:\/\/infonewss.com\/wp-content\/uploads\/2023\/08\/Marcolandia-vence-Francisco-Macedo-fora-de-casa-e-mantem-lideranca-do-Grupo-D-na-II-Copa-AMVI-IMG_6666.jpg 900w\" data-src=\"https:\/\/infonewss.com\/wp-content\/uploads\/2023\/08\/Marcolandia-vence-Francisco-Macedo-fora-de-casa-e-mantem-lideranca-do-Grupo-D-na-II-Copa-AMVI-IMG_6666-300x200.jpg\" data-sizes=\"(max-width: 300px) 100vw, 300px\" \/><\/a><\/div>\n<\/figure>\n<figure class=\"gallery-item\">\n<div class=\"gallery-icon landscape\"><a href=\"https:\/\/infonewss.com\/wp-content\/uploads\/2023\/08\/Marcolandia-vence-Francisco-Macedo-fora-de-casa-e-mantem-lideranca-do-Grupo-D-na-II-Copa-AMVI-IMG_6667.jpg\"><img loading=\"lazy\" decoding=\"async\" class=\"attachment-medium size-medium lazyload\" src=\"data:image\/gif;base64,R0lGODlhAQABAAAAACH5BAEKAAEALAAAAAABAAEAAAICTAEAOw==\" alt=\"\" width=\"300\" height=\"200\" data-srcset=\"https:\/\/infonewss.com\/wp-content\/uploads\/2023\/08\/Marcolandia-vence-Francisco-Macedo-fora-de-casa-e-mantem-lideranca-do-Grupo-D-na-II-Copa-AMVI-IMG_6667-300x200.jpg 300w, https:\/\/infonewss.com\/wp-content\/uploads\/2023\/08\/Marcolandia-vence-Francisco-Macedo-fora-de-casa-e-mantem-lideranca-do-Grupo-D-na-II-Copa-AMVI-IMG_6667-768x512.jpg 768w, https:\/\/infonewss.com\/wp-content\/uploads\/2023\/08\/Marcolandia-vence-Francisco-Macedo-fora-de-casa-e-mantem-lideranca-do-Grupo-D-na-II-Copa-AMVI-IMG_6667-150x100.jpg 150w, https:\/\/infonewss.com\/wp-content\/uploads\/2023\/08\/Marcolandia-vence-Francisco-Macedo-fora-de-casa-e-mantem-lideranca-do-Grupo-D-na-II-Copa-AMVI-IMG_6667-696x464.jpg 696w, https:\/\/infonewss.com\/wp-content\/uploads\/2023\/08\/Marcolandia-vence-Francisco-Macedo-fora-de-casa-e-mantem-lideranca-do-Grupo-D-na-II-Copa-AMVI-IMG_6667.jpg 900w\" data-src=\"https:\/\/infonewss.com\/wp-content\/uploads\/2023\/08\/Marcolandia-vence-Francisco-Macedo-fora-de-casa-e-mantem-lideranca-do-Grupo-D-na-II-Copa-AMVI-IMG_6667-300x200.jpg\" data-sizes=\"(max-width: 300px) 100vw, 300px\" \/><\/a><\/div>\n<\/figure>\n<figure class=\"gallery-item\">\n<div class=\"gallery-icon landscape\"><a href=\"https:\/\/infonewss.com\/wp-content\/uploads\/2023\/08\/Marcolandia-vence-Francisco-Macedo-fora-de-casa-e-mantem-lideranca-do-Grupo-D-na-II-Copa-AMVI-IMG_6668.jpg\"><img loading=\"lazy\" decoding=\"async\" class=\"attachment-medium size-medium lazyload\" src=\"data:image\/gif;base64,R0lGODlhAQABAAAAACH5BAEKAAEALAAAAAABAAEAAAICTAEAOw==\" alt=\"\" width=\"300\" height=\"200\" data-srcset=\"https:\/\/infonewss.com\/wp-content\/uploads\/2023\/08\/Marcolandia-vence-Francisco-Macedo-fora-de-casa-e-mantem-lideranca-do-Grupo-D-na-II-Copa-AMVI-IMG_6668-300x200.jpg 300w, https:\/\/infonewss.com\/wp-content\/uploads\/2023\/08\/Marcolandia-vence-Francisco-Macedo-fora-de-casa-e-mantem-lideranca-do-Grupo-D-na-II-Copa-AMVI-IMG_6668-768x512.jpg 768w, https:\/\/infonewss.com\/wp-content\/uploads\/2023\/08\/Marcolandia-vence-Francisco-Macedo-fora-de-casa-e-mantem-lideranca-do-Grupo-D-na-II-Copa-AMVI-IMG_6668-150x100.jpg 150w, https:\/\/infonewss.com\/wp-content\/uploads\/2023\/08\/Marcolandia-vence-Francisco-Macedo-fora-de-casa-e-mantem-lideranca-do-Grupo-D-na-II-Copa-AMVI-IMG_6668-696x464.jpg 696w, https:\/\/infonewss.com\/wp-content\/uploads\/2023\/08\/Marcolandia-vence-Francisco-Macedo-fora-de-casa-e-mantem-lideranca-do-Grupo-D-na-II-Copa-AMVI-IMG_6668.jpg 900w\" data-src=\"https:\/\/infonewss.com\/wp-content\/uploads\/2023\/08\/Marcolandia-vence-Francisco-Macedo-fora-de-casa-e-mantem-lideranca-do-Grupo-D-na-II-Copa-AMVI-IMG_6668-300x200.jpg\" data-sizes=\"(max-width: 300px) 100vw, 300px\" \/><\/a><\/div>\n<\/figure>\n<figure class=\"gallery-item\">\n<div class=\"gallery-icon landscape\"><a href=\"https:\/\/infonewss.com\/wp-content\/uploads\/2023\/08\/Marcolandia-vence-Francisco-Macedo-fora-de-casa-e-mantem-lideranca-do-Grupo-D-na-II-Copa-AMVI-IMG_6670.jpg\"><img loading=\"lazy\" decoding=\"async\" class=\"attachment-medium size-medium lazyload\" src=\"data:image\/gif;base64,R0lGODlhAQABAAAAACH5BAEKAAEALAAAAAABAAEAAAICTAEAOw==\" alt=\"\" width=\"300\" height=\"200\" data-srcset=\"https:\/\/infonewss.com\/wp-content\/uploads\/2023\/08\/Marcolandia-vence-Francisco-Macedo-fora-de-casa-e-mantem-lideranca-do-Grupo-D-na-II-Copa-AMVI-IMG_6670-300x200.jpg 300w, https:\/\/infonewss.com\/wp-content\/uploads\/2023\/08\/Marcolandia-vence-Francisco-Macedo-fora-de-casa-e-mantem-lideranca-do-Grupo-D-na-II-Copa-AMVI-IMG_6670-768x512.jpg 768w, https:\/\/infonewss.com\/wp-content\/uploads\/2023\/08\/Marcolandia-vence-Francisco-Macedo-fora-de-casa-e-mantem-lideranca-do-Grupo-D-na-II-Copa-AMVI-IMG_6670-150x100.jpg 150w, https:\/\/infonewss.com\/wp-content\/uploads\/2023\/08\/Marcolandia-vence-Francisco-Macedo-fora-de-casa-e-mantem-lideranca-do-Grupo-D-na-II-Copa-AMVI-IMG_6670-696x464.jpg 696w, https:\/\/infonewss.com\/wp-content\/uploads\/2023\/08\/Marcolandia-vence-Francisco-Macedo-fora-de-casa-e-mantem-lideranca-do-Grupo-D-na-II-Copa-AMVI-IMG_6670.jpg 900w\" data-src=\"https:\/\/infonewss.com\/wp-content\/uploads\/2023\/08\/Marcolandia-vence-Francisco-Macedo-fora-de-casa-e-mantem-lideranca-do-Grupo-D-na-II-Copa-AMVI-IMG_6670-300x200.jpg\" data-sizes=\"(max-width: 300px) 100vw, 300px\" \/><\/a><\/div>\n<\/figure>\n<figure class=\"gallery-item\">\n<div class=\"gallery-icon landscape\"><a href=\"https:\/\/infonewss.com\/wp-content\/uploads\/2023\/08\/Marcolandia-vence-Francisco-Macedo-fora-de-casa-e-mantem-lideranca-do-Grupo-D-na-II-Copa-AMVI-IMG_6671.jpg\"><img loading=\"lazy\" decoding=\"async\" class=\"attachment-medium size-medium lazyload\" src=\"data:image\/gif;base64,R0lGODlhAQABAAAAACH5BAEKAAEALAAAAAABAAEAAAICTAEAOw==\" alt=\"\" width=\"300\" height=\"200\" data-srcset=\"https:\/\/infonewss.com\/wp-content\/uploads\/2023\/08\/Marcolandia-vence-Francisco-Macedo-fora-de-casa-e-mantem-lideranca-do-Grupo-D-na-II-Copa-AMVI-IMG_6671-300x200.jpg 300w, https:\/\/infonewss.com\/wp-content\/uploads\/2023\/08\/Marcolandia-vence-Francisco-Macedo-fora-de-casa-e-mantem-lideranca-do-Grupo-D-na-II-Copa-AMVI-IMG_6671-768x512.jpg 768w, https:\/\/infonewss.com\/wp-content\/uploads\/2023\/08\/Marcolandia-vence-Francisco-Macedo-fora-de-casa-e-mantem-lideranca-do-Grupo-D-na-II-Copa-AMVI-IMG_6671-150x100.jpg 150w, https:\/\/infonewss.com\/wp-content\/uploads\/2023\/08\/Marcolandia-vence-Francisco-Macedo-fora-de-casa-e-mantem-lideranca-do-Grupo-D-na-II-Copa-AMVI-IMG_6671-696x464.jpg 696w, https:\/\/infonewss.com\/wp-content\/uploads\/2023\/08\/Marcolandia-vence-Francisco-Macedo-fora-de-casa-e-mantem-lideranca-do-Grupo-D-na-II-Copa-AMVI-IMG_6671.jpg 900w\" data-src=\"https:\/\/infonewss.com\/wp-content\/uploads\/2023\/08\/Marcolandia-vence-Francisco-Macedo-fora-de-casa-e-mantem-lideranca-do-Grupo-D-na-II-Copa-AMVI-IMG_6671-300x200.jpg\" data-sizes=\"(max-width: 300px) 100vw, 300px\" \/><\/a><\/div>\n<\/figure>\n<figure class=\"gallery-item\">\n<div class=\"gallery-icon landscape\"><a href=\"https:\/\/infonewss.com\/wp-content\/uploads\/2023\/08\/Marcolandia-vence-Francisco-Macedo-fora-de-casa-e-mantem-lideranca-do-Grupo-D-na-II-Copa-AMVI-IMG_6672.jpg\"><img loading=\"lazy\" decoding=\"async\" class=\"attachment-medium size-medium lazyload\" src=\"data:image\/gif;base64,R0lGODlhAQABAAAAACH5BAEKAAEALAAAAAABAAEAAAICTAEAOw==\" alt=\"\" width=\"300\" height=\"200\" data-srcset=\"https:\/\/infonewss.com\/wp-content\/uploads\/2023\/08\/Marcolandia-vence-Francisco-Macedo-fora-de-casa-e-mantem-lideranca-do-Grupo-D-na-II-Copa-AMVI-IMG_6672-300x200.jpg 300w, https:\/\/infonewss.com\/wp-content\/uploads\/2023\/08\/Marcolandia-vence-Francisco-Macedo-fora-de-casa-e-mantem-lideranca-do-Grupo-D-na-II-Copa-AMVI-IMG_6672-768x512.jpg 768w, https:\/\/infonewss.com\/wp-content\/uploads\/2023\/08\/Marcolandia-vence-Francisco-Macedo-fora-de-casa-e-mantem-lideranca-do-Grupo-D-na-II-Copa-AMVI-IMG_6672-150x100.jpg 150w, https:\/\/infonewss.com\/wp-content\/uploads\/2023\/08\/Marcolandia-vence-Francisco-Macedo-fora-de-casa-e-mantem-lideranca-do-Grupo-D-na-II-Copa-AMVI-IMG_6672-696x464.jpg 696w, https:\/\/infonewss.com\/wp-content\/uploads\/2023\/08\/Marcolandia-vence-Francisco-Macedo-fora-de-casa-e-mantem-lideranca-do-Grupo-D-na-II-Copa-AMVI-IMG_6672.jpg 900w\" data-src=\"https:\/\/infonewss.com\/wp-content\/uploads\/2023\/08\/Marcolandia-vence-Francisco-Macedo-fora-de-casa-e-mantem-lideranca-do-Grupo-D-na-II-Copa-AMVI-IMG_6672-300x200.jpg\" data-sizes=\"(max-width: 300px) 100vw, 300px\" \/><\/a><\/div>\n<\/figure>\n<figure class=\"gallery-item\">\n<div class=\"gallery-icon landscape\"><a href=\"https:\/\/infonewss.com\/wp-content\/uploads\/2023\/08\/Marcolandia-vence-Francisco-Macedo-fora-de-casa-e-mantem-lideranca-do-Grupo-D-na-II-Copa-AMVI-IMG_6674.jpg\"><img loading=\"lazy\" decoding=\"async\" class=\"attachment-medium size-medium lazyload\" src=\"data:image\/gif;base64,R0lGODlhAQABAAAAACH5BAEKAAEALAAAAAABAAEAAAICTAEAOw==\" alt=\"\" width=\"300\" height=\"200\" data-srcset=\"https:\/\/infonewss.com\/wp-content\/uploads\/2023\/08\/Marcolandia-vence-Francisco-Macedo-fora-de-casa-e-mantem-lideranca-do-Grupo-D-na-II-Copa-AMVI-IMG_6674-300x200.jpg 300w, https:\/\/infonewss.com\/wp-content\/uploads\/2023\/08\/Marcolandia-vence-Francisco-Macedo-fora-de-casa-e-mantem-lideranca-do-Grupo-D-na-II-Copa-AMVI-IMG_6674-768x512.jpg 768w, https:\/\/infonewss.com\/wp-content\/uploads\/2023\/08\/Marcolandia-vence-Francisco-Macedo-fora-de-casa-e-mantem-lideranca-do-Grupo-D-na-II-Copa-AMVI-IMG_6674-150x100.jpg 150w, https:\/\/infonewss.com\/wp-content\/uploads\/2023\/08\/Marcolandia-vence-Francisco-Macedo-fora-de-casa-e-mantem-lideranca-do-Grupo-D-na-II-Copa-AMVI-IMG_6674-696x464.jpg 696w, https:\/\/infonewss.com\/wp-content\/uploads\/2023\/08\/Marcolandia-vence-Francisco-Macedo-fora-de-casa-e-mantem-lideranca-do-Grupo-D-na-II-Copa-AMVI-IMG_6674.jpg 900w\" data-src=\"https:\/\/infonewss.com\/wp-content\/uploads\/2023\/08\/Marcolandia-vence-Francisco-Macedo-fora-de-casa-e-mantem-lideranca-do-Grupo-D-na-II-Copa-AMVI-IMG_6674-300x200.jpg\" data-sizes=\"(max-width: 300px) 100vw, 300px\" \/><\/a><\/div>\n<\/figure>\n<figure class=\"gallery-item\">\n<div class=\"gallery-icon landscape\"><a href=\"https:\/\/infonewss.com\/wp-content\/uploads\/2023\/08\/Marcolandia-vence-Francisco-Macedo-fora-de-casa-e-mantem-lideranca-do-Grupo-D-na-II-Copa-AMVI-IMG_6676.jpg\"><img loading=\"lazy\" decoding=\"async\" class=\"attachment-medium size-medium lazyload\" src=\"data:image\/gif;base64,R0lGODlhAQABAAAAACH5BAEKAAEALAAAAAABAAEAAAICTAEAOw==\" alt=\"\" width=\"300\" height=\"200\" data-srcset=\"https:\/\/infonewss.com\/wp-content\/uploads\/2023\/08\/Marcolandia-vence-Francisco-Macedo-fora-de-casa-e-mantem-lideranca-do-Grupo-D-na-II-Copa-AMVI-IMG_6676-300x200.jpg 300w, https:\/\/infonewss.com\/wp-content\/uploads\/2023\/08\/Marcolandia-vence-Francisco-Macedo-fora-de-casa-e-mantem-lideranca-do-Grupo-D-na-II-Copa-AMVI-IMG_6676-768x512.jpg 768w, https:\/\/infonewss.com\/wp-content\/uploads\/2023\/08\/Marcolandia-vence-Francisco-Macedo-fora-de-casa-e-mantem-lideranca-do-Grupo-D-na-II-Copa-AMVI-IMG_6676-150x100.jpg 150w, https:\/\/infonewss.com\/wp-content\/uploads\/2023\/08\/Marcolandia-vence-Francisco-Macedo-fora-de-casa-e-mantem-lideranca-do-Grupo-D-na-II-Copa-AMVI-IMG_6676-696x464.jpg 696w, https:\/\/infonewss.com\/wp-content\/uploads\/2023\/08\/Marcolandia-vence-Francisco-Macedo-fora-de-casa-e-mantem-lideranca-do-Grupo-D-na-II-Copa-AMVI-IMG_6676.jpg 900w\" data-src=\"https:\/\/infonewss.com\/wp-content\/uploads\/2023\/08\/Marcolandia-vence-Francisco-Macedo-fora-de-casa-e-mantem-lideranca-do-Grupo-D-na-II-Copa-AMVI-IMG_6676-300x200.jpg\" data-sizes=\"(max-width: 300px) 100vw, 300px\" \/><\/a><\/div>\n<\/figure>\n<figure class=\"gallery-item\">\n<div class=\"gallery-icon landscape\"><a href=\"https:\/\/infonewss.com\/wp-content\/uploads\/2023\/08\/Marcolandia-vence-Francisco-Macedo-fora-de-casa-e-mantem-lideranca-do-Grupo-D-na-II-Copa-AMVI-IMG_6677.jpg\"><img loading=\"lazy\" decoding=\"async\" class=\"attachment-medium size-medium lazyload\" src=\"data:image\/gif;base64,R0lGODlhAQABAAAAACH5BAEKAAEALAAAAAABAAEAAAICTAEAOw==\" alt=\"\" width=\"300\" height=\"200\" data-srcset=\"https:\/\/infonewss.com\/wp-content\/uploads\/2023\/08\/Marcolandia-vence-Francisco-Macedo-fora-de-casa-e-mantem-lideranca-do-Grupo-D-na-II-Copa-AMVI-IMG_6677-300x200.jpg 300w, https:\/\/infonewss.com\/wp-content\/uploads\/2023\/08\/Marcolandia-vence-Francisco-Macedo-fora-de-casa-e-mantem-lideranca-do-Grupo-D-na-II-Copa-AMVI-IMG_6677-768x512.jpg 768w, https:\/\/infonewss.com\/wp-content\/uploads\/2023\/08\/Marcolandia-vence-Francisco-Macedo-fora-de-casa-e-mantem-lideranca-do-Grupo-D-na-II-Copa-AMVI-IMG_6677-150x100.jpg 150w, https:\/\/infonewss.com\/wp-content\/uploads\/2023\/08\/Marcolandia-vence-Francisco-Macedo-fora-de-casa-e-mantem-lideranca-do-Grupo-D-na-II-Copa-AMVI-IMG_6677-696x464.jpg 696w, https:\/\/infonewss.com\/wp-content\/uploads\/2023\/08\/Marcolandia-vence-Francisco-Macedo-fora-de-casa-e-mantem-lideranca-do-Grupo-D-na-II-Copa-AMVI-IMG_6677.jpg 900w\" data-src=\"https:\/\/infonewss.com\/wp-content\/uploads\/2023\/08\/Marcolandia-vence-Francisco-Macedo-fora-de-casa-e-mantem-lideranca-do-Grupo-D-na-II-Copa-AMVI-IMG_6677-300x200.jpg\" data-sizes=\"(max-width: 300px) 100vw, 300px\" \/><\/a><\/div>\n<\/figure>\n<figure class=\"gallery-item\">\n<div class=\"gallery-icon landscape\"><a href=\"https:\/\/infonewss.com\/wp-content\/uploads\/2023\/08\/Marcolandia-vence-Francisco-Macedo-fora-de-casa-e-mantem-lideranca-do-Grupo-D-na-II-Copa-AMVI-IMG_6678.jpg\"><img loading=\"lazy\" decoding=\"async\" class=\"attachment-medium size-medium lazyloaded\" src=\"https:\/\/infonewss.com\/wp-content\/uploads\/2023\/08\/Marcolandia-vence-Francisco-Macedo-fora-de-casa-e-mantem-lideranca-do-Grupo-D-na-II-Copa-AMVI-IMG_6678-300x200.jpg\" sizes=\"(max-width: 300px) 100vw, 300px\" srcset=\"https:\/\/infonewss.com\/wp-content\/uploads\/2023\/08\/Marcolandia-vence-Francisco-Macedo-fora-de-casa-e-mantem-lideranca-do-Grupo-D-na-II-Copa-AMVI-IMG_6678-300x200.jpg 300w, https:\/\/infonewss.com\/wp-content\/uploads\/2023\/08\/Marcolandia-vence-Francisco-Macedo-fora-de-casa-e-mantem-lideranca-do-Grupo-D-na-II-Copa-AMVI-IMG_6678-768x512.jpg 768w, https:\/\/infonewss.com\/wp-content\/uploads\/2023\/08\/Marcolandia-vence-Francisco-Macedo-fora-de-casa-e-mantem-lideranca-do-Grupo-D-na-II-Copa-AMVI-IMG_6678-150x100.jpg 150w, https:\/\/infonewss.com\/wp-content\/uploads\/2023\/08\/Marcolandia-vence-Francisco-Macedo-fora-de-casa-e-mantem-lideranca-do-Grupo-D-na-II-Copa-AMVI-IMG_6678-696x464.jpg 696w, https:\/\/infonewss.com\/wp-content\/uploads\/2023\/08\/Marcolandia-vence-Francisco-Macedo-fora-de-casa-e-mantem-lideranca-do-Grupo-D-na-II-Copa-AMVI-IMG_6678.jpg 900w\" alt=\"\" width=\"300\" height=\"200\" data-srcset=\"https:\/\/infonewss.com\/wp-content\/uploads\/2023\/08\/Marcolandia-vence-Francisco-Macedo-fora-de-casa-e-mantem-lideranca-do-Grupo-D-na-II-Copa-AMVI-IMG_6678-300x200.jpg 300w, https:\/\/infonewss.com\/wp-content\/uploads\/2023\/08\/Marcolandia-vence-Francisco-Macedo-fora-de-casa-e-mantem-lideranca-do-Grupo-D-na-II-Copa-AMVI-IMG_6678-768x512.jpg 768w, https:\/\/infonewss.com\/wp-content\/uploads\/2023\/08\/Marcolandia-vence-Francisco-Macedo-fora-de-casa-e-mantem-lideranca-do-Grupo-D-na-II-Copa-AMVI-IMG_6678-150x100.jpg 150w, https:\/\/infonewss.com\/wp-content\/uploads\/2023\/08\/Marcolandia-vence-Francisco-Macedo-fora-de-casa-e-mantem-lideranca-do-Grupo-D-na-II-Copa-AMVI-IMG_6678-696x464.jpg 696w, https:\/\/infonewss.com\/wp-content\/uploads\/2023\/08\/Marcolandia-vence-Francisco-Macedo-fora-de-casa-e-mantem-lideranca-do-Grupo-D-na-II-Copa-AMVI-IMG_6678.jpg 900w\" data-src=\"https:\/\/infonewss.com\/wp-content\/uploads\/2023\/08\/Marcolandia-vence-Francisco-Macedo-fora-de-casa-e-mantem-lideranca-do-Grupo-D-na-II-Copa-AMVI-IMG_6678-300x200.jpg\" data-sizes=\"(max-width: 300px) 100vw, 300px\" \/><\/a><\/div>\n<\/figure>\n<figure class=\"gallery-item\">\n<div class=\"gallery-icon landscape\"><a href=\"https:\/\/infonewss.com\/wp-content\/uploads\/2023\/08\/Marcolandia-vence-Francisco-Macedo-fora-de-casa-e-mantem-lideranca-do-Grupo-D-na-II-Copa-AMVI-IMG_6680.jpg\"><img loading=\"lazy\" decoding=\"async\" class=\"attachment-medium size-medium lazyloaded\" src=\"https:\/\/infonewss.com\/wp-content\/uploads\/2023\/08\/Marcolandia-vence-Francisco-Macedo-fora-de-casa-e-mantem-lideranca-do-Grupo-D-na-II-Copa-AMVI-IMG_6680-300x200.jpg\" sizes=\"(max-width: 300px) 100vw, 300px\" srcset=\"https:\/\/infonewss.com\/wp-content\/uploads\/2023\/08\/Marcolandia-vence-Francisco-Macedo-fora-de-casa-e-mantem-lideranca-do-Grupo-D-na-II-Copa-AMVI-IMG_6680-300x200.jpg 300w, https:\/\/infonewss.com\/wp-content\/uploads\/2023\/08\/Marcolandia-vence-Francisco-Macedo-fora-de-casa-e-mantem-lideranca-do-Grupo-D-na-II-Copa-AMVI-IMG_6680-768x512.jpg 768w, https:\/\/infonewss.com\/wp-content\/uploads\/2023\/08\/Marcolandia-vence-Francisco-Macedo-fora-de-casa-e-mantem-lideranca-do-Grupo-D-na-II-Copa-AMVI-IMG_6680-150x100.jpg 150w, https:\/\/infonewss.com\/wp-content\/uploads\/2023\/08\/Marcolandia-vence-Francisco-Macedo-fora-de-casa-e-mantem-lideranca-do-Grupo-D-na-II-Copa-AMVI-IMG_6680-696x464.jpg 696w, https:\/\/infonewss.com\/wp-content\/uploads\/2023\/08\/Marcolandia-vence-Francisco-Macedo-fora-de-casa-e-mantem-lideranca-do-Grupo-D-na-II-Copa-AMVI-IMG_6680.jpg 900w\" alt=\"\" width=\"300\" height=\"200\" data-srcset=\"https:\/\/infonewss.com\/wp-content\/uploads\/2023\/08\/Marcolandia-vence-Francisco-Macedo-fora-de-casa-e-mantem-lideranca-do-Grupo-D-na-II-Copa-AMVI-IMG_6680-300x200.jpg 300w, https:\/\/infonewss.com\/wp-content\/uploads\/2023\/08\/Marcolandia-vence-Francisco-Macedo-fora-de-casa-e-mantem-lideranca-do-Grupo-D-na-II-Copa-AMVI-IMG_6680-768x512.jpg 768w, https:\/\/infonewss.com\/wp-content\/uploads\/2023\/08\/Marcolandia-vence-Francisco-Macedo-fora-de-casa-e-mantem-lideranca-do-Grupo-D-na-II-Copa-AMVI-IMG_6680-150x100.jpg 150w, https:\/\/infonewss.com\/wp-content\/uploads\/2023\/08\/Marcolandia-vence-Francisco-Macedo-fora-de-casa-e-mantem-lideranca-do-Grupo-D-na-II-Copa-AMVI-IMG_6680-696x464.jpg 696w, https:\/\/infonewss.com\/wp-content\/uploads\/2023\/08\/Marcolandia-vence-Francisco-Macedo-fora-de-casa-e-mantem-lideranca-do-Grupo-D-na-II-Copa-AMVI-IMG_6680.jpg 900w\" data-src=\"https:\/\/infonewss.com\/wp-content\/uploads\/2023\/08\/Marcolandia-vence-Francisco-Macedo-fora-de-casa-e-mantem-lideranca-do-Grupo-D-na-II-Copa-AMVI-IMG_6680-300x200.jpg\" data-sizes=\"(max-width: 300px) 100vw, 300px\" \/><\/a><\/div>\n<\/figure>\n<figure class=\"gallery-item\">\n<div class=\"gallery-icon landscape\"><a href=\"https:\/\/infonewss.com\/wp-content\/uploads\/2023\/08\/Marcolandia-vence-Francisco-Macedo-fora-de-casa-e-mantem-lideranca-do-Grupo-D-na-II-Copa-AMVI-IMG_6681.jpg\"><img loading=\"lazy\" decoding=\"async\" class=\"attachment-medium size-medium lazyloaded\" src=\"https:\/\/infonewss.com\/wp-content\/uploads\/2023\/08\/Marcolandia-vence-Francisco-Macedo-fora-de-casa-e-mantem-lideranca-do-Grupo-D-na-II-Copa-AMVI-IMG_6681-300x200.jpg\" sizes=\"(max-width: 300px) 100vw, 300px\" srcset=\"https:\/\/infonewss.com\/wp-content\/uploads\/2023\/08\/Marcolandia-vence-Francisco-Macedo-fora-de-casa-e-mantem-lideranca-do-Grupo-D-na-II-Copa-AMVI-IMG_6681-300x200.jpg 300w, https:\/\/infonewss.com\/wp-content\/uploads\/2023\/08\/Marcolandia-vence-Francisco-Macedo-fora-de-casa-e-mantem-lideranca-do-Grupo-D-na-II-Copa-AMVI-IMG_6681-768x512.jpg 768w, https:\/\/infonewss.com\/wp-content\/uploads\/2023\/08\/Marcolandia-vence-Francisco-Macedo-fora-de-casa-e-mantem-lideranca-do-Grupo-D-na-II-Copa-AMVI-IMG_6681-150x100.jpg 150w, https:\/\/infonewss.com\/wp-content\/uploads\/2023\/08\/Marcolandia-vence-Francisco-Macedo-fora-de-casa-e-mantem-lideranca-do-Grupo-D-na-II-Copa-AMVI-IMG_6681-696x464.jpg 696w, https:\/\/infonewss.com\/wp-content\/uploads\/2023\/08\/Marcolandia-vence-Francisco-Macedo-fora-de-casa-e-mantem-lideranca-do-Grupo-D-na-II-Copa-AMVI-IMG_6681.jpg 900w\" alt=\"\" width=\"300\" height=\"200\" data-srcset=\"https:\/\/infonewss.com\/wp-content\/uploads\/2023\/08\/Marcolandia-vence-Francisco-Macedo-fora-de-casa-e-mantem-lideranca-do-Grupo-D-na-II-Copa-AMVI-IMG_6681-300x200.jpg 300w, https:\/\/infonewss.com\/wp-content\/uploads\/2023\/08\/Marcolandia-vence-Francisco-Macedo-fora-de-casa-e-mantem-lideranca-do-Grupo-D-na-II-Copa-AMVI-IMG_6681-768x512.jpg 768w, https:\/\/infonewss.com\/wp-content\/uploads\/2023\/08\/Marcolandia-vence-Francisco-Macedo-fora-de-casa-e-mantem-lideranca-do-Grupo-D-na-II-Copa-AMVI-IMG_6681-150x100.jpg 150w, https:\/\/infonewss.com\/wp-content\/uploads\/2023\/08\/Marcolandia-vence-Francisco-Macedo-fora-de-casa-e-mantem-lideranca-do-Grupo-D-na-II-Copa-AMVI-IMG_6681-696x464.jpg 696w, https:\/\/infonewss.com\/wp-content\/uploads\/2023\/08\/Marcolandia-vence-Francisco-Macedo-fora-de-casa-e-mantem-lideranca-do-Grupo-D-na-II-Copa-AMVI-IMG_6681.jpg 900w\" data-src=\"https:\/\/infonewss.com\/wp-content\/uploads\/2023\/08\/Marcolandia-vence-Francisco-Macedo-fora-de-casa-e-mantem-lideranca-do-Grupo-D-na-II-Copa-AMVI-IMG_6681-300x200.jpg\" data-sizes=\"(max-width: 300px) 100vw, 300px\" \/><\/a><\/div>\n<\/figure>\n<figure class=\"gallery-item\">\n<div class=\"gallery-icon landscape\"><a href=\"https:\/\/infonewss.com\/wp-content\/uploads\/2023\/08\/Marcolandia-vence-Francisco-Macedo-fora-de-casa-e-mantem-lideranca-do-Grupo-D-na-II-Copa-AMVI-IMG_6683.jpg\"><img loading=\"lazy\" decoding=\"async\" class=\"attachment-medium size-medium lazyloaded\" src=\"https:\/\/infonewss.com\/wp-content\/uploads\/2023\/08\/Marcolandia-vence-Francisco-Macedo-fora-de-casa-e-mantem-lideranca-do-Grupo-D-na-II-Copa-AMVI-IMG_6683-300x200.jpg\" sizes=\"(max-width: 300px) 100vw, 300px\" srcset=\"https:\/\/infonewss.com\/wp-content\/uploads\/2023\/08\/Marcolandia-vence-Francisco-Macedo-fora-de-casa-e-mantem-lideranca-do-Grupo-D-na-II-Copa-AMVI-IMG_6683-300x200.jpg 300w, https:\/\/infonewss.com\/wp-content\/uploads\/2023\/08\/Marcolandia-vence-Francisco-Macedo-fora-de-casa-e-mantem-lideranca-do-Grupo-D-na-II-Copa-AMVI-IMG_6683-768x512.jpg 768w, https:\/\/infonewss.com\/wp-content\/uploads\/2023\/08\/Marcolandia-vence-Francisco-Macedo-fora-de-casa-e-mantem-lideranca-do-Grupo-D-na-II-Copa-AMVI-IMG_6683-150x100.jpg 150w, https:\/\/infonewss.com\/wp-content\/uploads\/2023\/08\/Marcolandia-vence-Francisco-Macedo-fora-de-casa-e-mantem-lideranca-do-Grupo-D-na-II-Copa-AMVI-IMG_6683-696x464.jpg 696w, https:\/\/infonewss.com\/wp-content\/uploads\/2023\/08\/Marcolandia-vence-Francisco-Macedo-fora-de-casa-e-mantem-lideranca-do-Grupo-D-na-II-Copa-AMVI-IMG_6683.jpg 900w\" alt=\"\" width=\"300\" height=\"200\" data-srcset=\"https:\/\/infonewss.com\/wp-content\/uploads\/2023\/08\/Marcolandia-vence-Francisco-Macedo-fora-de-casa-e-mantem-lideranca-do-Grupo-D-na-II-Copa-AMVI-IMG_6683-300x200.jpg 300w, https:\/\/infonewss.com\/wp-content\/uploads\/2023\/08\/Marcolandia-vence-Francisco-Macedo-fora-de-casa-e-mantem-lideranca-do-Grupo-D-na-II-Copa-AMVI-IMG_6683-768x512.jpg 768w, https:\/\/infonewss.com\/wp-content\/uploads\/2023\/08\/Marcolandia-vence-Francisco-Macedo-fora-de-casa-e-mantem-lideranca-do-Grupo-D-na-II-Copa-AMVI-IMG_6683-150x100.jpg 150w, https:\/\/infonewss.com\/wp-content\/uploads\/2023\/08\/Marcolandia-vence-Francisco-Macedo-fora-de-casa-e-mantem-lideranca-do-Grupo-D-na-II-Copa-AMVI-IMG_6683-696x464.jpg 696w, https:\/\/infonewss.com\/wp-content\/uploads\/2023\/08\/Marcolandia-vence-Francisco-Macedo-fora-de-casa-e-mantem-lideranca-do-Grupo-D-na-II-Copa-AMVI-IMG_6683.jpg 900w\" data-src=\"https:\/\/infonewss.com\/wp-content\/uploads\/2023\/08\/Marcolandia-vence-Francisco-Macedo-fora-de-casa-e-mantem-lideranca-do-Grupo-D-na-II-Copa-AMVI-IMG_6683-300x200.jpg\" data-sizes=\"(max-width: 300px) 100vw, 300px\" \/><\/a><\/div>\n<\/figure>\n<figure class=\"gallery-item\">\n<div class=\"gallery-icon landscape\"><a href=\"https:\/\/infonewss.com\/wp-content\/uploads\/2023\/08\/Marcolandia-vence-Francisco-Macedo-fora-de-casa-e-mantem-lideranca-do-Grupo-D-na-II-Copa-AMVI-IMG_6684.jpg\"><img loading=\"lazy\" decoding=\"async\" class=\"attachment-medium size-medium lazyloaded\" src=\"https:\/\/infonewss.com\/wp-content\/uploads\/2023\/08\/Marcolandia-vence-Francisco-Macedo-fora-de-casa-e-mantem-lideranca-do-Grupo-D-na-II-Copa-AMVI-IMG_6684-300x200.jpg\" sizes=\"(max-width: 300px) 100vw, 300px\" srcset=\"https:\/\/infonewss.com\/wp-content\/uploads\/2023\/08\/Marcolandia-vence-Francisco-Macedo-fora-de-casa-e-mantem-lideranca-do-Grupo-D-na-II-Copa-AMVI-IMG_6684-300x200.jpg 300w, https:\/\/infonewss.com\/wp-content\/uploads\/2023\/08\/Marcolandia-vence-Francisco-Macedo-fora-de-casa-e-mantem-lideranca-do-Grupo-D-na-II-Copa-AMVI-IMG_6684-768x512.jpg 768w, https:\/\/infonewss.com\/wp-content\/uploads\/2023\/08\/Marcolandia-vence-Francisco-Macedo-fora-de-casa-e-mantem-lideranca-do-Grupo-D-na-II-Copa-AMVI-IMG_6684-150x100.jpg 150w, https:\/\/infonewss.com\/wp-content\/uploads\/2023\/08\/Marcolandia-vence-Francisco-Macedo-fora-de-casa-e-mantem-lideranca-do-Grupo-D-na-II-Copa-AMVI-IMG_6684-696x464.jpg 696w, https:\/\/infonewss.com\/wp-content\/uploads\/2023\/08\/Marcolandia-vence-Francisco-Macedo-fora-de-casa-e-mantem-lideranca-do-Grupo-D-na-II-Copa-AMVI-IMG_6684.jpg 900w\" alt=\"\" width=\"300\" height=\"200\" data-srcset=\"https:\/\/infonewss.com\/wp-content\/uploads\/2023\/08\/Marcolandia-vence-Francisco-Macedo-fora-de-casa-e-mantem-lideranca-do-Grupo-D-na-II-Copa-AMVI-IMG_6684-300x200.jpg 300w, https:\/\/infonewss.com\/wp-content\/uploads\/2023\/08\/Marcolandia-vence-Francisco-Macedo-fora-de-casa-e-mantem-lideranca-do-Grupo-D-na-II-Copa-AMVI-IMG_6684-768x512.jpg 768w, https:\/\/infonewss.com\/wp-content\/uploads\/2023\/08\/Marcolandia-vence-Francisco-Macedo-fora-de-casa-e-mantem-lideranca-do-Grupo-D-na-II-Copa-AMVI-IMG_6684-150x100.jpg 150w, https:\/\/infonewss.com\/wp-content\/uploads\/2023\/08\/Marcolandia-vence-Francisco-Macedo-fora-de-casa-e-mantem-lideranca-do-Grupo-D-na-II-Copa-AMVI-IMG_6684-696x464.jpg 696w, https:\/\/infonewss.com\/wp-content\/uploads\/2023\/08\/Marcolandia-vence-Francisco-Macedo-fora-de-casa-e-mantem-lideranca-do-Grupo-D-na-II-Copa-AMVI-IMG_6684.jpg 900w\" data-src=\"https:\/\/infonewss.com\/wp-content\/uploads\/2023\/08\/Marcolandia-vence-Francisco-Macedo-fora-de-casa-e-mantem-lideranca-do-Grupo-D-na-II-Copa-AMVI-IMG_6684-300x200.jpg\" data-sizes=\"(max-width: 300px) 100vw, 300px\" \/><\/a><\/div>\n<\/figure>\n<figure class=\"gallery-item\">\n<div class=\"gallery-icon landscape\"><a href=\"https:\/\/infonewss.com\/wp-content\/uploads\/2023\/08\/Marcolandia-vence-Francisco-Macedo-fora-de-casa-e-mantem-lideranca-do-Grupo-D-na-II-Copa-AMVI-IMG_6685.jpg\"><img loading=\"lazy\" decoding=\"async\" class=\"attachment-medium size-medium lazyloaded\" src=\"https:\/\/infonewss.com\/wp-content\/uploads\/2023\/08\/Marcolandia-vence-Francisco-Macedo-fora-de-casa-e-mantem-lideranca-do-Grupo-D-na-II-Copa-AMVI-IMG_6685-300x200.jpg\" sizes=\"(max-width: 300px) 100vw, 300px\" srcset=\"https:\/\/infonewss.com\/wp-content\/uploads\/2023\/08\/Marcolandia-vence-Francisco-Macedo-fora-de-casa-e-mantem-lideranca-do-Grupo-D-na-II-Copa-AMVI-IMG_6685-300x200.jpg 300w, https:\/\/infonewss.com\/wp-content\/uploads\/2023\/08\/Marcolandia-vence-Francisco-Macedo-fora-de-casa-e-mantem-lideranca-do-Grupo-D-na-II-Copa-AMVI-IMG_6685-768x512.jpg 768w, https:\/\/infonewss.com\/wp-content\/uploads\/2023\/08\/Marcolandia-vence-Francisco-Macedo-fora-de-casa-e-mantem-lideranca-do-Grupo-D-na-II-Copa-AMVI-IMG_6685-150x100.jpg 150w, https:\/\/infonewss.com\/wp-content\/uploads\/2023\/08\/Marcolandia-vence-Francisco-Macedo-fora-de-casa-e-mantem-lideranca-do-Grupo-D-na-II-Copa-AMVI-IMG_6685-696x464.jpg 696w, https:\/\/infonewss.com\/wp-content\/uploads\/2023\/08\/Marcolandia-vence-Francisco-Macedo-fora-de-casa-e-mantem-lideranca-do-Grupo-D-na-II-Copa-AMVI-IMG_6685.jpg 900w\" alt=\"\" width=\"300\" height=\"200\" data-srcset=\"https:\/\/infonewss.com\/wp-content\/uploads\/2023\/08\/Marcolandia-vence-Francisco-Macedo-fora-de-casa-e-mantem-lideranca-do-Grupo-D-na-II-Copa-AMVI-IMG_6685-300x200.jpg 300w, https:\/\/infonewss.com\/wp-content\/uploads\/2023\/08\/Marcolandia-vence-Francisco-Macedo-fora-de-casa-e-mantem-lideranca-do-Grupo-D-na-II-Copa-AMVI-IMG_6685-768x512.jpg 768w, https:\/\/infonewss.com\/wp-content\/uploads\/2023\/08\/Marcolandia-vence-Francisco-Macedo-fora-de-casa-e-mantem-lideranca-do-Grupo-D-na-II-Copa-AMVI-IMG_6685-150x100.jpg 150w, https:\/\/infonewss.com\/wp-content\/uploads\/2023\/08\/Marcolandia-vence-Francisco-Macedo-fora-de-casa-e-mantem-lideranca-do-Grupo-D-na-II-Copa-AMVI-IMG_6685-696x464.jpg 696w, https:\/\/infonewss.com\/wp-content\/uploads\/2023\/08\/Marcolandia-vence-Francisco-Macedo-fora-de-casa-e-mantem-lideranca-do-Grupo-D-na-II-Copa-AMVI-IMG_6685.jpg 900w\" data-src=\"https:\/\/infonewss.com\/wp-content\/uploads\/2023\/08\/Marcolandia-vence-Francisco-Macedo-fora-de-casa-e-mantem-lideranca-do-Grupo-D-na-II-Copa-AMVI-IMG_6685-300x200.jpg\" data-sizes=\"(max-width: 300px) 100vw, 300px\" \/><\/a><\/div>\n<\/figure>\n<figure class=\"gallery-item\">\n<div class=\"gallery-icon landscape\"><a href=\"https:\/\/infonewss.com\/wp-content\/uploads\/2023\/08\/Marcolandia-vence-Francisco-Macedo-fora-de-casa-e-mantem-lideranca-do-Grupo-D-na-II-Copa-AMVI-IMG_6688.jpg\"><img loading=\"lazy\" decoding=\"async\" class=\"attachment-medium size-medium lazyloaded\" src=\"https:\/\/infonewss.com\/wp-content\/uploads\/2023\/08\/Marcolandia-vence-Francisco-Macedo-fora-de-casa-e-mantem-lideranca-do-Grupo-D-na-II-Copa-AMVI-IMG_6688-300x200.jpg\" sizes=\"(max-width: 300px) 100vw, 300px\" srcset=\"https:\/\/infonewss.com\/wp-content\/uploads\/2023\/08\/Marcolandia-vence-Francisco-Macedo-fora-de-casa-e-mantem-lideranca-do-Grupo-D-na-II-Copa-AMVI-IMG_6688-300x200.jpg 300w, https:\/\/infonewss.com\/wp-content\/uploads\/2023\/08\/Marcolandia-vence-Francisco-Macedo-fora-de-casa-e-mantem-lideranca-do-Grupo-D-na-II-Copa-AMVI-IMG_6688-768x512.jpg 768w, https:\/\/infonewss.com\/wp-content\/uploads\/2023\/08\/Marcolandia-vence-Francisco-Macedo-fora-de-casa-e-mantem-lideranca-do-Grupo-D-na-II-Copa-AMVI-IMG_6688-150x100.jpg 150w, https:\/\/infonewss.com\/wp-content\/uploads\/2023\/08\/Marcolandia-vence-Francisco-Macedo-fora-de-casa-e-mantem-lideranca-do-Grupo-D-na-II-Copa-AMVI-IMG_6688-696x464.jpg 696w, https:\/\/infonewss.com\/wp-content\/uploads\/2023\/08\/Marcolandia-vence-Francisco-Macedo-fora-de-casa-e-mantem-lideranca-do-Grupo-D-na-II-Copa-AMVI-IMG_6688.jpg 900w\" alt=\"\" width=\"300\" height=\"200\" data-srcset=\"https:\/\/infonewss.com\/wp-content\/uploads\/2023\/08\/Marcolandia-vence-Francisco-Macedo-fora-de-casa-e-mantem-lideranca-do-Grupo-D-na-II-Copa-AMVI-IMG_6688-300x200.jpg 300w, https:\/\/infonewss.com\/wp-content\/uploads\/2023\/08\/Marcolandia-vence-Francisco-Macedo-fora-de-casa-e-mantem-lideranca-do-Grupo-D-na-II-Copa-AMVI-IMG_6688-768x512.jpg 768w, https:\/\/infonewss.com\/wp-content\/uploads\/2023\/08\/Marcolandia-vence-Francisco-Macedo-fora-de-casa-e-mantem-lideranca-do-Grupo-D-na-II-Copa-AMVI-IMG_6688-150x100.jpg 150w, https:\/\/infonewss.com\/wp-content\/uploads\/2023\/08\/Marcolandia-vence-Francisco-Macedo-fora-de-casa-e-mantem-lideranca-do-Grupo-D-na-II-Copa-AMVI-IMG_6688-696x464.jpg 696w, https:\/\/infonewss.com\/wp-content\/uploads\/2023\/08\/Marcolandia-vence-Francisco-Macedo-fora-de-casa-e-mantem-lideranca-do-Grupo-D-na-II-Copa-AMVI-IMG_6688.jpg 900w\" data-src=\"https:\/\/infonewss.com\/wp-content\/uploads\/2023\/08\/Marcolandia-vence-Francisco-Macedo-fora-de-casa-e-mantem-lideranca-do-Grupo-D-na-II-Copa-AMVI-IMG_6688-300x200.jpg\" data-sizes=\"(max-width: 300px) 100vw, 300px\" \/><\/a><\/div>\n<\/figure>\n<figure class=\"gallery-item\">\n<div class=\"gallery-icon landscape\"><a href=\"https:\/\/infonewss.com\/wp-content\/uploads\/2023\/08\/Marcolandia-vence-Francisco-Macedo-fora-de-casa-e-mantem-lideranca-do-Grupo-D-na-II-Copa-AMVI-IMG_6692.jpg\"><img loading=\"lazy\" decoding=\"async\" class=\"attachment-medium size-medium lazyloaded\" src=\"https:\/\/infonewss.com\/wp-content\/uploads\/2023\/08\/Marcolandia-vence-Francisco-Macedo-fora-de-casa-e-mantem-lideranca-do-Grupo-D-na-II-Copa-AMVI-IMG_6692-300x200.jpg\" sizes=\"(max-width: 300px) 100vw, 300px\" srcset=\"https:\/\/infonewss.com\/wp-content\/uploads\/2023\/08\/Marcolandia-vence-Francisco-Macedo-fora-de-casa-e-mantem-lideranca-do-Grupo-D-na-II-Copa-AMVI-IMG_6692-300x200.jpg 300w, https:\/\/infonewss.com\/wp-content\/uploads\/2023\/08\/Marcolandia-vence-Francisco-Macedo-fora-de-casa-e-mantem-lideranca-do-Grupo-D-na-II-Copa-AMVI-IMG_6692-768x512.jpg 768w, https:\/\/infonewss.com\/wp-content\/uploads\/2023\/08\/Marcolandia-vence-Francisco-Macedo-fora-de-casa-e-mantem-lideranca-do-Grupo-D-na-II-Copa-AMVI-IMG_6692-150x100.jpg 150w, https:\/\/infonewss.com\/wp-content\/uploads\/2023\/08\/Marcolandia-vence-Francisco-Macedo-fora-de-casa-e-mantem-lideranca-do-Grupo-D-na-II-Copa-AMVI-IMG_6692-696x464.jpg 696w, https:\/\/infonewss.com\/wp-content\/uploads\/2023\/08\/Marcolandia-vence-Francisco-Macedo-fora-de-casa-e-mantem-lideranca-do-Grupo-D-na-II-Copa-AMVI-IMG_6692.jpg 900w\" alt=\"\" width=\"300\" height=\"200\" data-srcset=\"https:\/\/infonewss.com\/wp-content\/uploads\/2023\/08\/Marcolandia-vence-Francisco-Macedo-fora-de-casa-e-mantem-lideranca-do-Grupo-D-na-II-Copa-AMVI-IMG_6692-300x200.jpg 300w, https:\/\/infonewss.com\/wp-content\/uploads\/2023\/08\/Marcolandia-vence-Francisco-Macedo-fora-de-casa-e-mantem-lideranca-do-Grupo-D-na-II-Copa-AMVI-IMG_6692-768x512.jpg 768w, https:\/\/infonewss.com\/wp-content\/uploads\/2023\/08\/Marcolandia-vence-Francisco-Macedo-fora-de-casa-e-mantem-lideranca-do-Grupo-D-na-II-Copa-AMVI-IMG_6692-150x100.jpg 150w, https:\/\/infonewss.com\/wp-content\/uploads\/2023\/08\/Marcolandia-vence-Francisco-Macedo-fora-de-casa-e-mantem-lideranca-do-Grupo-D-na-II-Copa-AMVI-IMG_6692-696x464.jpg 696w, https:\/\/infonewss.com\/wp-content\/uploads\/2023\/08\/Marcolandia-vence-Francisco-Macedo-fora-de-casa-e-mantem-lideranca-do-Grupo-D-na-II-Copa-AMVI-IMG_6692.jpg 900w\" data-src=\"https:\/\/infonewss.com\/wp-content\/uploads\/2023\/08\/Marcolandia-vence-Francisco-Macedo-fora-de-casa-e-mantem-lideranca-do-Grupo-D-na-II-Copa-AMVI-IMG_6692-300x200.jpg\" data-sizes=\"(max-width: 300px) 100vw, 300px\" \/><\/a><\/div>\n<\/figure>\n<figure class=\"gallery-item\">\n<div class=\"gallery-icon landscape\"><a href=\"https:\/\/infonewss.com\/wp-content\/uploads\/2023\/08\/Marcolandia-vence-Francisco-Macedo-fora-de-casa-e-mantem-lideranca-do-Grupo-D-na-II-Copa-AMVI-IMG_6695.jpg\"><img loading=\"lazy\" decoding=\"async\" class=\"attachment-medium size-medium lazyloaded\" src=\"https:\/\/infonewss.com\/wp-content\/uploads\/2023\/08\/Marcolandia-vence-Francisco-Macedo-fora-de-casa-e-mantem-lideranca-do-Grupo-D-na-II-Copa-AMVI-IMG_6695-300x200.jpg\" sizes=\"(max-width: 300px) 100vw, 300px\" srcset=\"https:\/\/infonewss.com\/wp-content\/uploads\/2023\/08\/Marcolandia-vence-Francisco-Macedo-fora-de-casa-e-mantem-lideranca-do-Grupo-D-na-II-Copa-AMVI-IMG_6695-300x200.jpg 300w, https:\/\/infonewss.com\/wp-content\/uploads\/2023\/08\/Marcolandia-vence-Francisco-Macedo-fora-de-casa-e-mantem-lideranca-do-Grupo-D-na-II-Copa-AMVI-IMG_6695-768x512.jpg 768w, https:\/\/infonewss.com\/wp-content\/uploads\/2023\/08\/Marcolandia-vence-Francisco-Macedo-fora-de-casa-e-mantem-lideranca-do-Grupo-D-na-II-Copa-AMVI-IMG_6695-150x100.jpg 150w, https:\/\/infonewss.com\/wp-content\/uploads\/2023\/08\/Marcolandia-vence-Francisco-Macedo-fora-de-casa-e-mantem-lideranca-do-Grupo-D-na-II-Copa-AMVI-IMG_6695-696x464.jpg 696w, https:\/\/infonewss.com\/wp-content\/uploads\/2023\/08\/Marcolandia-vence-Francisco-Macedo-fora-de-casa-e-mantem-lideranca-do-Grupo-D-na-II-Copa-AMVI-IMG_6695.jpg 900w\" alt=\"\" width=\"300\" height=\"200\" data-srcset=\"https:\/\/infonewss.com\/wp-content\/uploads\/2023\/08\/Marcolandia-vence-Francisco-Macedo-fora-de-casa-e-mantem-lideranca-do-Grupo-D-na-II-Copa-AMVI-IMG_6695-300x200.jpg 300w, https:\/\/infonewss.com\/wp-content\/uploads\/2023\/08\/Marcolandia-vence-Francisco-Macedo-fora-de-casa-e-mantem-lideranca-do-Grupo-D-na-II-Copa-AMVI-IMG_6695-768x512.jpg 768w, https:\/\/infonewss.com\/wp-content\/uploads\/2023\/08\/Marcolandia-vence-Francisco-Macedo-fora-de-casa-e-mantem-lideranca-do-Grupo-D-na-II-Copa-AMVI-IMG_6695-150x100.jpg 150w, https:\/\/infonewss.com\/wp-content\/uploads\/2023\/08\/Marcolandia-vence-Francisco-Macedo-fora-de-casa-e-mantem-lideranca-do-Grupo-D-na-II-Copa-AMVI-IMG_6695-696x464.jpg 696w, https:\/\/infonewss.com\/wp-content\/uploads\/2023\/08\/Marcolandia-vence-Francisco-Macedo-fora-de-casa-e-mantem-lideranca-do-Grupo-D-na-II-Copa-AMVI-IMG_6695.jpg 900w\" data-src=\"https:\/\/infonewss.com\/wp-content\/uploads\/2023\/08\/Marcolandia-vence-Francisco-Macedo-fora-de-casa-e-mantem-lideranca-do-Grupo-D-na-II-Copa-AMVI-IMG_6695-300x200.jpg\" data-sizes=\"(max-width: 300px) 100vw, 300px\" \/><\/a><\/div>\n<\/figure>\n<figure class=\"gallery-item\">\n<div class=\"gallery-icon landscape\"><a href=\"https:\/\/infonewss.com\/wp-content\/uploads\/2023\/08\/Marcolandia-vence-Francisco-Macedo-fora-de-casa-e-mantem-lideranca-do-Grupo-D-na-II-Copa-AMVI-IMG_6699.jpg\"><img loading=\"lazy\" decoding=\"async\" class=\"attachment-medium size-medium lazyloaded\" src=\"https:\/\/infonewss.com\/wp-content\/uploads\/2023\/08\/Marcolandia-vence-Francisco-Macedo-fora-de-casa-e-mantem-lideranca-do-Grupo-D-na-II-Copa-AMVI-IMG_6699-300x200.jpg\" sizes=\"(max-width: 300px) 100vw, 300px\" srcset=\"https:\/\/infonewss.com\/wp-content\/uploads\/2023\/08\/Marcolandia-vence-Francisco-Macedo-fora-de-casa-e-mantem-lideranca-do-Grupo-D-na-II-Copa-AMVI-IMG_6699-300x200.jpg 300w, https:\/\/infonewss.com\/wp-content\/uploads\/2023\/08\/Marcolandia-vence-Francisco-Macedo-fora-de-casa-e-mantem-lideranca-do-Grupo-D-na-II-Copa-AMVI-IMG_6699-768x512.jpg 768w, https:\/\/infonewss.com\/wp-content\/uploads\/2023\/08\/Marcolandia-vence-Francisco-Macedo-fora-de-casa-e-mantem-lideranca-do-Grupo-D-na-II-Copa-AMVI-IMG_6699-150x100.jpg 150w, https:\/\/infonewss.com\/wp-content\/uploads\/2023\/08\/Marcolandia-vence-Francisco-Macedo-fora-de-casa-e-mantem-lideranca-do-Grupo-D-na-II-Copa-AMVI-IMG_6699-696x464.jpg 696w, https:\/\/infonewss.com\/wp-content\/uploads\/2023\/08\/Marcolandia-vence-Francisco-Macedo-fora-de-casa-e-mantem-lideranca-do-Grupo-D-na-II-Copa-AMVI-IMG_6699.jpg 900w\" alt=\"\" width=\"300\" height=\"200\" data-srcset=\"https:\/\/infonewss.com\/wp-content\/uploads\/2023\/08\/Marcolandia-vence-Francisco-Macedo-fora-de-casa-e-mantem-lideranca-do-Grupo-D-na-II-Copa-AMVI-IMG_6699-300x200.jpg 300w, https:\/\/infonewss.com\/wp-content\/uploads\/2023\/08\/Marcolandia-vence-Francisco-Macedo-fora-de-casa-e-mantem-lideranca-do-Grupo-D-na-II-Copa-AMVI-IMG_6699-768x512.jpg 768w, https:\/\/infonewss.com\/wp-content\/uploads\/2023\/08\/Marcolandia-vence-Francisco-Macedo-fora-de-casa-e-mantem-lideranca-do-Grupo-D-na-II-Copa-AMVI-IMG_6699-150x100.jpg 150w, https:\/\/infonewss.com\/wp-content\/uploads\/2023\/08\/Marcolandia-vence-Francisco-Macedo-fora-de-casa-e-mantem-lideranca-do-Grupo-D-na-II-Copa-AMVI-IMG_6699-696x464.jpg 696w, https:\/\/infonewss.com\/wp-content\/uploads\/2023\/08\/Marcolandia-vence-Francisco-Macedo-fora-de-casa-e-mantem-lideranca-do-Grupo-D-na-II-Copa-AMVI-IMG_6699.jpg 900w\" data-src=\"https:\/\/infonewss.com\/wp-content\/uploads\/2023\/08\/Marcolandia-vence-Francisco-Macedo-fora-de-casa-e-mantem-lideranca-do-Grupo-D-na-II-Copa-AMVI-IMG_6699-300x200.jpg\" data-sizes=\"(max-width: 300px) 100vw, 300px\" \/><\/a><\/div>\n<\/figure>\n<figure class=\"gallery-item\">\n<div class=\"gallery-icon landscape\"><a href=\"https:\/\/infonewss.com\/wp-content\/uploads\/2023\/08\/Marcolandia-vence-Francisco-Macedo-fora-de-casa-e-mantem-lideranca-do-Grupo-D-na-II-Copa-AMVI-IMG_6700.jpg\"><img loading=\"lazy\" decoding=\"async\" class=\"attachment-medium size-medium lazyloaded\" src=\"https:\/\/infonewss.com\/wp-content\/uploads\/2023\/08\/Marcolandia-vence-Francisco-Macedo-fora-de-casa-e-mantem-lideranca-do-Grupo-D-na-II-Copa-AMVI-IMG_6700-300x200.jpg\" sizes=\"(max-width: 300px) 100vw, 300px\" srcset=\"https:\/\/infonewss.com\/wp-content\/uploads\/2023\/08\/Marcolandia-vence-Francisco-Macedo-fora-de-casa-e-mantem-lideranca-do-Grupo-D-na-II-Copa-AMVI-IMG_6700-300x200.jpg 300w, https:\/\/infonewss.com\/wp-content\/uploads\/2023\/08\/Marcolandia-vence-Francisco-Macedo-fora-de-casa-e-mantem-lideranca-do-Grupo-D-na-II-Copa-AMVI-IMG_6700-768x512.jpg 768w, https:\/\/infonewss.com\/wp-content\/uploads\/2023\/08\/Marcolandia-vence-Francisco-Macedo-fora-de-casa-e-mantem-lideranca-do-Grupo-D-na-II-Copa-AMVI-IMG_6700-150x100.jpg 150w, https:\/\/infonewss.com\/wp-content\/uploads\/2023\/08\/Marcolandia-vence-Francisco-Macedo-fora-de-casa-e-mantem-lideranca-do-Grupo-D-na-II-Copa-AMVI-IMG_6700-696x464.jpg 696w, https:\/\/infonewss.com\/wp-content\/uploads\/2023\/08\/Marcolandia-vence-Francisco-Macedo-fora-de-casa-e-mantem-lideranca-do-Grupo-D-na-II-Copa-AMVI-IMG_6700.jpg 900w\" alt=\"\" width=\"300\" height=\"200\" data-srcset=\"https:\/\/infonewss.com\/wp-content\/uploads\/2023\/08\/Marcolandia-vence-Francisco-Macedo-fora-de-casa-e-mantem-lideranca-do-Grupo-D-na-II-Copa-AMVI-IMG_6700-300x200.jpg 300w, https:\/\/infonewss.com\/wp-content\/uploads\/2023\/08\/Marcolandia-vence-Francisco-Macedo-fora-de-casa-e-mantem-lideranca-do-Grupo-D-na-II-Copa-AMVI-IMG_6700-768x512.jpg 768w, https:\/\/infonewss.com\/wp-content\/uploads\/2023\/08\/Marcolandia-vence-Francisco-Macedo-fora-de-casa-e-mantem-lideranca-do-Grupo-D-na-II-Copa-AMVI-IMG_6700-150x100.jpg 150w, https:\/\/infonewss.com\/wp-content\/uploads\/2023\/08\/Marcolandia-vence-Francisco-Macedo-fora-de-casa-e-mantem-lideranca-do-Grupo-D-na-II-Copa-AMVI-IMG_6700-696x464.jpg 696w, https:\/\/infonewss.com\/wp-content\/uploads\/2023\/08\/Marcolandia-vence-Francisco-Macedo-fora-de-casa-e-mantem-lideranca-do-Grupo-D-na-II-Copa-AMVI-IMG_6700.jpg 900w\" data-src=\"https:\/\/infonewss.com\/wp-content\/uploads\/2023\/08\/Marcolandia-vence-Francisco-Macedo-fora-de-casa-e-mantem-lideranca-do-Grupo-D-na-II-Copa-AMVI-IMG_6700-300x200.jpg\" data-sizes=\"(max-width: 300px) 100vw, 300px\" \/><\/a><\/div>\n<\/figure>\n<figure class=\"gallery-item\">\n<div class=\"gallery-icon landscape\"><a href=\"https:\/\/infonewss.com\/wp-content\/uploads\/2023\/08\/Marcolandia-vence-Francisco-Macedo-fora-de-casa-e-mantem-lideranca-do-Grupo-D-na-II-Copa-AMVI-IMG_6694.jpg\"><img loading=\"lazy\" decoding=\"async\" class=\"attachment-medium size-medium lazyloaded\" src=\"https:\/\/infonewss.com\/wp-content\/uploads\/2023\/08\/Marcolandia-vence-Francisco-Macedo-fora-de-casa-e-mantem-lideranca-do-Grupo-D-na-II-Copa-AMVI-IMG_6694-300x200.jpg\" sizes=\"(max-width: 300px) 100vw, 300px\" srcset=\"https:\/\/infonewss.com\/wp-content\/uploads\/2023\/08\/Marcolandia-vence-Francisco-Macedo-fora-de-casa-e-mantem-lideranca-do-Grupo-D-na-II-Copa-AMVI-IMG_6694-300x200.jpg 300w, https:\/\/infonewss.com\/wp-content\/uploads\/2023\/08\/Marcolandia-vence-Francisco-Macedo-fora-de-casa-e-mantem-lideranca-do-Grupo-D-na-II-Copa-AMVI-IMG_6694-768x512.jpg 768w, https:\/\/infonewss.com\/wp-content\/uploads\/2023\/08\/Marcolandia-vence-Francisco-Macedo-fora-de-casa-e-mantem-lideranca-do-Grupo-D-na-II-Copa-AMVI-IMG_6694-150x100.jpg 150w, https:\/\/infonewss.com\/wp-content\/uploads\/2023\/08\/Marcolandia-vence-Francisco-Macedo-fora-de-casa-e-mantem-lideranca-do-Grupo-D-na-II-Copa-AMVI-IMG_6694-696x464.jpg 696w, https:\/\/infonewss.com\/wp-content\/uploads\/2023\/08\/Marcolandia-vence-Francisco-Macedo-fora-de-casa-e-mantem-lideranca-do-Grupo-D-na-II-Copa-AMVI-IMG_6694.jpg 900w\" alt=\"\" width=\"300\" height=\"200\" data-srcset=\"https:\/\/infonewss.com\/wp-content\/uploads\/2023\/08\/Marcolandia-vence-Francisco-Macedo-fora-de-casa-e-mantem-lideranca-do-Grupo-D-na-II-Copa-AMVI-IMG_6694-300x200.jpg 300w, https:\/\/infonewss.com\/wp-content\/uploads\/2023\/08\/Marcolandia-vence-Francisco-Macedo-fora-de-casa-e-mantem-lideranca-do-Grupo-D-na-II-Copa-AMVI-IMG_6694-768x512.jpg 768w, https:\/\/infonewss.com\/wp-content\/uploads\/2023\/08\/Marcolandia-vence-Francisco-Macedo-fora-de-casa-e-mantem-lideranca-do-Grupo-D-na-II-Copa-AMVI-IMG_6694-150x100.jpg 150w, https:\/\/infonewss.com\/wp-content\/uploads\/2023\/08\/Marcolandia-vence-Francisco-Macedo-fora-de-casa-e-mantem-lideranca-do-Grupo-D-na-II-Copa-AMVI-IMG_6694-696x464.jpg 696w, https:\/\/infonewss.com\/wp-content\/uploads\/2023\/08\/Marcolandia-vence-Francisco-Macedo-fora-de-casa-e-mantem-lideranca-do-Grupo-D-na-II-Copa-AMVI-IMG_6694.jpg 900w\" data-src=\"https:\/\/infonewss.com\/wp-content\/uploads\/2023\/08\/Marcolandia-vence-Francisco-Macedo-fora-de-casa-e-mantem-lideranca-do-Grupo-D-na-II-Copa-AMVI-IMG_6694-300x200.jpg\" data-sizes=\"(max-width: 300px) 100vw, 300px\" \/><\/a><\/div>\n<\/figure>\n<\/div>\n<div class=\"addtoany_share_save_container addtoany_content addtoany_content_bottom\">\n<div class=\"a2a_kit a2a_kit_size_32 addtoany_list\" data-a2a-url=\"https:\/\/infonewss.com\/marcolandia-vence-francisco-macedo-fora-de-casa-e-mantem-lideranca-do-grupo-d-na-ii-copa-amvi\/\" data-a2a-title=\"Marcol\u00e2ndia vence Francisco Macedo fora de casa e mant\u00e9m lideran\u00e7a do Grupo D na II Copa AMVI\"><\/div>\n<\/div>\n<\/div>\n<\/div>\n<div class=\"vc_row_inner tdi_118  vc_row vc_inner wpb_row td-pb-row\" style=\"text-align: justify;\">\n<div class=\"vc_column_inner tdi_120  wpb_column vc_column_container tdc-inner-column td-pb-span12\">\n<div class=\"vc_column-inner\">\n<div class=\"wpb_wrapper\"><\/div>\n<\/div>\n<\/div>\n<\/div>\n<div class=\"tdb-author-box td_block_wrap tdb_single_author_box tdi_124 tdb-content-vert-top td-pb-border-top td_block_template_1\" data-td-block-uid=\"tdi_124\">\n<div class=\"tdb-block-inner td-fix-index\">\n<div class=\"tdb-author-info\" style=\"text-align: justify;\">Fonte: Portal Infonewss<\/div>\n<\/div>\n<\/div>\n","protected":false},"excerpt":{"rendered":"<p>Em um emocionante confronto v\u00e1lido pela quarta rodada da fase de grupos da II Copa da Associa\u00e7\u00e3o dos Munic\u00edpios do Vale do Itaim (AMVI), as sele\u00e7\u00f5es de Francisco Macedo e Marcol\u00e2ndia se enfrentaram no Est\u00e1dio Municipal Jo\u00e3o Pedro Delfino, localizado em Francisco Macedo. &nbsp; A partida, que atraiu uma multid\u00e3o de torcedores apaixonados e diversas &hellip;<\/p>\n","protected":false},"author":2,"featured_media":48926,"comment_status":"open","ping_status":"open","sticky":false,"template":"","format":"standard","meta":{"content-type":"","rop_custom_images_group":[],"rop_custom_messages_group":[],"rop_publish_now":"initial","rop_publish_now_accounts":{"facebook_2648258775420054_1618374048415101":""},"rop_publish_now_history":[],"rop_publish_now_status":"pending","footnotes":"","_jetpack_memberships_contains_paid_content":false},"categories":[108,502,555,109],"tags":[556,140],"yoast_head":"<!-- This site is optimized with the Yoast SEO plugin v22.3 - https:\/\/yoast.com\/wordpress\/plugins\/seo\/ -->\n<title>Marcol\u00e2ndia vence Francisco Macedo fora de casa e mant\u00e9m lideran\u00e7a do Grupo D na II Copa AMVI - Portal NPM<\/title>\n<meta name=\"robots\" content=\"index, follow, max-snippet:-1, max-image-preview:large, max-video-preview:-1\" \/>\n<link rel=\"canonical\" href=\"https:\/\/portalnpm.com\/index.php\/2023\/08\/28\/marcolandia-vence-francisco-macedo-fora-de-casa-e-mantem-lideranca-do-grupo-d-na-ii-copa-amvi\/\" \/>\n<meta property=\"og:locale\" content=\"pt_BR\" \/>\n<meta property=\"og:type\" content=\"article\" \/>\n<meta property=\"og:title\" content=\"Marcol\u00e2ndia vence Francisco Macedo fora de casa e mant\u00e9m lideran\u00e7a do Grupo D na II Copa AMVI - Portal NPM\" \/>\n<meta property=\"og:description\" content=\"Em um emocionante confronto v\u00e1lido pela quarta rodada da fase de grupos da II Copa da Associa\u00e7\u00e3o dos Munic\u00edpios do Vale do Itaim (AMVI), as sele\u00e7\u00f5es de Francisco Macedo e Marcol\u00e2ndia se enfrentaram no Est\u00e1dio Municipal Jo\u00e3o Pedro Delfino, localizado em Francisco Macedo. &nbsp; A partida, que atraiu uma multid\u00e3o de torcedores apaixonados e diversas &hellip;\" \/>\n<meta property=\"og:url\" content=\"https:\/\/portalnpm.com\/index.php\/2023\/08\/28\/marcolandia-vence-francisco-macedo-fora-de-casa-e-mantem-lideranca-do-grupo-d-na-ii-copa-amvi\/\" \/>\n<meta property=\"og:site_name\" content=\"Portal NPM\" \/>\n<meta property=\"article:published_time\" content=\"2023-08-28T15:26:17+00:00\" \/>\n<meta name=\"author\" content=\"Genival Barbosa\" \/>\n<meta name=\"twitter:card\" content=\"summary_large_image\" \/>\n<meta name=\"twitter:label1\" content=\"Escrito por\" \/>\n\t<meta name=\"twitter:data1\" content=\"Genival Barbosa\" \/>\n\t<meta name=\"twitter:label2\" content=\"Est. tempo de leitura\" \/>\n\t<meta name=\"twitter:data2\" content=\"25 minutos\" \/>\n<script type=\"application\/ld+json\" class=\"yoast-schema-graph\">{\"@context\":\"https:\/\/schema.org\",\"@graph\":[{\"@type\":\"WebPage\",\"@id\":\"https:\/\/portalnpm.com\/index.php\/2023\/08\/28\/marcolandia-vence-francisco-macedo-fora-de-casa-e-mantem-lideranca-do-grupo-d-na-ii-copa-amvi\/\",\"url\":\"https:\/\/portalnpm.com\/index.php\/2023\/08\/28\/marcolandia-vence-francisco-macedo-fora-de-casa-e-mantem-lideranca-do-grupo-d-na-ii-copa-amvi\/\",\"name\":\"Marcol\u00e2ndia vence Francisco Macedo fora de casa e mant\u00e9m lideran\u00e7a do Grupo D na II Copa AMVI - Portal NPM\",\"isPartOf\":{\"@id\":\"https:\/\/portalnpm.com\/#website\"},\"primaryImageOfPage\":{\"@id\":\"https:\/\/portalnpm.com\/index.php\/2023\/08\/28\/marcolandia-vence-francisco-macedo-fora-de-casa-e-mantem-lideranca-do-grupo-d-na-ii-copa-amvi\/#primaryimage\"},\"image\":{\"@id\":\"https:\/\/portalnpm.com\/index.php\/2023\/08\/28\/marcolandia-vence-francisco-macedo-fora-de-casa-e-mantem-lideranca-do-grupo-d-na-ii-copa-amvi\/#primaryimage\"},\"thumbnailUrl\":\"\",\"datePublished\":\"2023-08-28T15:26:17+00:00\",\"dateModified\":\"2023-08-28T15:26:17+00:00\",\"author\":{\"@id\":\"https:\/\/portalnpm.com\/#\/schema\/person\/49313e563cfdefcc167f1ee4c017c294\"},\"breadcrumb\":{\"@id\":\"https:\/\/portalnpm.com\/index.php\/2023\/08\/28\/marcolandia-vence-francisco-macedo-fora-de-casa-e-mantem-lideranca-do-grupo-d-na-ii-copa-amvi\/#breadcrumb\"},\"inLanguage\":\"pt-BR\",\"potentialAction\":[{\"@type\":\"ReadAction\",\"target\":[\"https:\/\/portalnpm.com\/index.php\/2023\/08\/28\/marcolandia-vence-francisco-macedo-fora-de-casa-e-mantem-lideranca-do-grupo-d-na-ii-copa-amvi\/\"]}]},{\"@type\":\"ImageObject\",\"inLanguage\":\"pt-BR\",\"@id\":\"https:\/\/portalnpm.com\/index.php\/2023\/08\/28\/marcolandia-vence-francisco-macedo-fora-de-casa-e-mantem-lideranca-do-grupo-d-na-ii-copa-amvi\/#primaryimage\",\"url\":\"\",\"contentUrl\":\"\"},{\"@type\":\"BreadcrumbList\",\"@id\":\"https:\/\/portalnpm.com\/index.php\/2023\/08\/28\/marcolandia-vence-francisco-macedo-fora-de-casa-e-mantem-lideranca-do-grupo-d-na-ii-copa-amvi\/#breadcrumb\",\"itemListElement\":[{\"@type\":\"ListItem\",\"position\":1,\"name\":\"In\u00edcio\",\"item\":\"https:\/\/portalnpm.com\/\"},{\"@type\":\"ListItem\",\"position\":2,\"name\":\"Marcol\u00e2ndia vence Francisco Macedo fora de casa e mant\u00e9m lideran\u00e7a do Grupo D na II Copa AMVI\"}]},{\"@type\":\"WebSite\",\"@id\":\"https:\/\/portalnpm.com\/#website\",\"url\":\"https:\/\/portalnpm.com\/\",\"name\":\"Portal NPM\",\"description\":\"Not\u00edcias em Primeira M\u00e3o\",\"potentialAction\":[{\"@type\":\"SearchAction\",\"target\":{\"@type\":\"EntryPoint\",\"urlTemplate\":\"https:\/\/portalnpm.com\/?s={search_term_string}\"},\"query-input\":\"required name=search_term_string\"}],\"inLanguage\":\"pt-BR\"},{\"@type\":\"Person\",\"@id\":\"https:\/\/portalnpm.com\/#\/schema\/person\/49313e563cfdefcc167f1ee4c017c294\",\"name\":\"Genival Barbosa\",\"image\":{\"@type\":\"ImageObject\",\"inLanguage\":\"pt-BR\",\"@id\":\"https:\/\/portalnpm.com\/#\/schema\/person\/image\/\",\"url\":\"https:\/\/portalnpm.com\/wp-content\/uploads\/2024\/02\/avatar_user_2_1707743258-96x96.jpeg\",\"contentUrl\":\"https:\/\/portalnpm.com\/wp-content\/uploads\/2024\/02\/avatar_user_2_1707743258-96x96.jpeg\",\"caption\":\"Genival Barbosa\"},\"url\":\"https:\/\/portalnpm.com\/index.php\/author\/genival\/\"}]}<\/script>\n<!-- \/ Yoast SEO plugin. -->","yoast_head_json":{"title":"Marcol\u00e2ndia vence Francisco Macedo fora de casa e mant\u00e9m lideran\u00e7a do Grupo D na II Copa AMVI - Portal NPM","robots":{"index":"index","follow":"follow","max-snippet":"max-snippet:-1","max-image-preview":"max-image-preview:large","max-video-preview":"max-video-preview:-1"},"canonical":"https:\/\/portalnpm.com\/index.php\/2023\/08\/28\/marcolandia-vence-francisco-macedo-fora-de-casa-e-mantem-lideranca-do-grupo-d-na-ii-copa-amvi\/","og_locale":"pt_BR","og_type":"article","og_title":"Marcol\u00e2ndia vence Francisco Macedo fora de casa e mant\u00e9m lideran\u00e7a do Grupo D na II Copa AMVI - Portal NPM","og_description":"Em um emocionante confronto v\u00e1lido pela quarta rodada da fase de grupos da II Copa da Associa\u00e7\u00e3o dos Munic\u00edpios do Vale do Itaim (AMVI), as sele\u00e7\u00f5es de Francisco Macedo e Marcol\u00e2ndia se enfrentaram no Est\u00e1dio Municipal Jo\u00e3o Pedro Delfino, localizado em Francisco Macedo. &nbsp; A partida, que atraiu uma multid\u00e3o de torcedores apaixonados e diversas &hellip;","og_url":"https:\/\/portalnpm.com\/index.php\/2023\/08\/28\/marcolandia-vence-francisco-macedo-fora-de-casa-e-mantem-lideranca-do-grupo-d-na-ii-copa-amvi\/","og_site_name":"Portal NPM","article_published_time":"2023-08-28T15:26:17+00:00","author":"Genival Barbosa","twitter_card":"summary_large_image","twitter_misc":{"Escrito por":"Genival Barbosa","Est. tempo de leitura":"25 minutos"},"schema":{"@context":"https:\/\/schema.org","@graph":[{"@type":"WebPage","@id":"https:\/\/portalnpm.com\/index.php\/2023\/08\/28\/marcolandia-vence-francisco-macedo-fora-de-casa-e-mantem-lideranca-do-grupo-d-na-ii-copa-amvi\/","url":"https:\/\/portalnpm.com\/index.php\/2023\/08\/28\/marcolandia-vence-francisco-macedo-fora-de-casa-e-mantem-lideranca-do-grupo-d-na-ii-copa-amvi\/","name":"Marcol\u00e2ndia vence Francisco Macedo fora de casa e mant\u00e9m lideran\u00e7a do Grupo D na II Copa AMVI - Portal NPM","isPartOf":{"@id":"https:\/\/portalnpm.com\/#website"},"primaryImageOfPage":{"@id":"https:\/\/portalnpm.com\/index.php\/2023\/08\/28\/marcolandia-vence-francisco-macedo-fora-de-casa-e-mantem-lideranca-do-grupo-d-na-ii-copa-amvi\/#primaryimage"},"image":{"@id":"https:\/\/portalnpm.com\/index.php\/2023\/08\/28\/marcolandia-vence-francisco-macedo-fora-de-casa-e-mantem-lideranca-do-grupo-d-na-ii-copa-amvi\/#primaryimage"},"thumbnailUrl":"","datePublished":"2023-08-28T15:26:17+00:00","dateModified":"2023-08-28T15:26:17+00:00","author":{"@id":"https:\/\/portalnpm.com\/#\/schema\/person\/49313e563cfdefcc167f1ee4c017c294"},"breadcrumb":{"@id":"https:\/\/portalnpm.com\/index.php\/2023\/08\/28\/marcolandia-vence-francisco-macedo-fora-de-casa-e-mantem-lideranca-do-grupo-d-na-ii-copa-amvi\/#breadcrumb"},"inLanguage":"pt-BR","potentialAction":[{"@type":"ReadAction","target":["https:\/\/portalnpm.com\/index.php\/2023\/08\/28\/marcolandia-vence-francisco-macedo-fora-de-casa-e-mantem-lideranca-do-grupo-d-na-ii-copa-amvi\/"]}]},{"@type":"ImageObject","inLanguage":"pt-BR","@id":"https:\/\/portalnpm.com\/index.php\/2023\/08\/28\/marcolandia-vence-francisco-macedo-fora-de-casa-e-mantem-lideranca-do-grupo-d-na-ii-copa-amvi\/#primaryimage","url":"","contentUrl":""},{"@type":"BreadcrumbList","@id":"https:\/\/portalnpm.com\/index.php\/2023\/08\/28\/marcolandia-vence-francisco-macedo-fora-de-casa-e-mantem-lideranca-do-grupo-d-na-ii-copa-amvi\/#breadcrumb","itemListElement":[{"@type":"ListItem","position":1,"name":"In\u00edcio","item":"https:\/\/portalnpm.com\/"},{"@type":"ListItem","position":2,"name":"Marcol\u00e2ndia vence Francisco Macedo fora de casa e mant\u00e9m lideran\u00e7a do Grupo D na II Copa AMVI"}]},{"@type":"WebSite","@id":"https:\/\/portalnpm.com\/#website","url":"https:\/\/portalnpm.com\/","name":"Portal NPM","description":"Not\u00edcias em Primeira M\u00e3o","potentialAction":[{"@type":"SearchAction","target":{"@type":"EntryPoint","urlTemplate":"https:\/\/portalnpm.com\/?s={search_term_string}"},"query-input":"required name=search_term_string"}],"inLanguage":"pt-BR"},{"@type":"Person","@id":"https:\/\/portalnpm.com\/#\/schema\/person\/49313e563cfdefcc167f1ee4c017c294","name":"Genival Barbosa","image":{"@type":"ImageObject","inLanguage":"pt-BR","@id":"https:\/\/portalnpm.com\/#\/schema\/person\/image\/","url":"https:\/\/portalnpm.com\/wp-content\/uploads\/2024\/02\/avatar_user_2_1707743258-96x96.jpeg","contentUrl":"https:\/\/portalnpm.com\/wp-content\/uploads\/2024\/02\/avatar_user_2_1707743258-96x96.jpeg","caption":"Genival Barbosa"},"url":"https:\/\/portalnpm.com\/index.php\/author\/genival\/"}]}},"jetpack_sharing_enabled":true,"jetpack_featured_media_url":"","_links":{"self":[{"href":"https:\/\/portalnpm.com\/index.php\/wp-json\/wp\/v2\/posts\/48925"}],"collection":[{"href":"https:\/\/portalnpm.com\/index.php\/wp-json\/wp\/v2\/posts"}],"about":[{"href":"https:\/\/portalnpm.com\/index.php\/wp-json\/wp\/v2\/types\/post"}],"author":[{"embeddable":true,"href":"https:\/\/portalnpm.com\/index.php\/wp-json\/wp\/v2\/users\/2"}],"replies":[{"embeddable":true,"href":"https:\/\/portalnpm.com\/index.php\/wp-json\/wp\/v2\/comments?post=48925"}],"version-history":[{"count":0,"href":"https:\/\/portalnpm.com\/index.php\/wp-json\/wp\/v2\/posts\/48925\/revisions"}],"wp:featuredmedia":[{"embeddable":true,"href":"https:\/\/portalnpm.com\/index.php\/wp-json\/"}],"wp:attachment":[{"href":"https:\/\/portalnpm.com\/index.php\/wp-json\/wp\/v2\/media?parent=48925"}],"wp:term":[{"taxonomy":"category","embeddable":true,"href":"https:\/\/portalnpm.com\/index.php\/wp-json\/wp\/v2\/categories?post=48925"},{"taxonomy":"post_tag","embeddable":true,"href":"https:\/\/portalnpm.com\/index.php\/wp-json\/wp\/v2\/tags?post=48925"}],"curies":[{"name":"wp","href":"https:\/\/api.w.org\/{rel}","templated":true}]}}