{"id":48985,"date":"2023-08-30T12:27:35","date_gmt":"2023-08-30T15:27:35","guid":{"rendered":"https:\/\/portalnpm.com\/?p=48985"},"modified":"2023-08-30T12:27:35","modified_gmt":"2023-08-30T15:27:35","slug":"picos-chega-ao-quinto-reforco-que-se-une-a-categoria-base-para-serie-b-do-piauiense","status":"publish","type":"post","link":"https:\/\/portalnpm.com\/index.php\/2023\/08\/30\/picos-chega-ao-quinto-reforco-que-se-une-a-categoria-base-para-serie-b-do-piauiense\/","title":{"rendered":"Picos chega ao quinto refor\u00e7o que se une a categoria base para S\u00e9rie B do Piauiense"},"content":{"rendered":"<p style=\"text-align: justify;\">\n<p style=\"text-align: justify;\"><a href=\"https:\/\/cidadeverde.com\/noticias\/398228\/picos-anuncia-quatro-reforcos-para-serie-b-do-piauiense\">A equipe do Picos aos poucos vai encorpando o elenco<\/a>\u00a0que ir\u00e1 disputar a\u00a0<strong>S\u00e9rie B do Piauiense<\/strong>\u00a02023. A competi\u00e7\u00e3o come\u00e7a dia 23 de setembro quando a SEP vai enfrentar o Piau\u00ed Esporte Clube, \u00e0s 16h, no Lindolfo Monteiro. A \u2018espinha dorsal\u2019 do time ser\u00e3o os atletas do sub20 que atualmente est\u00e3o disputando o Campeonato Piauiense da categoria onde s\u00e3o l\u00edderes isolados e j\u00e1 est\u00e3o classificados para as semifinais. Paralelo a isso, a diretoria prometeu seis a oito contrata\u00e7\u00f5es mais experientes e alguns nomes foram anunciados.<\/p>\n<p style=\"text-align: justify;\">\n<p style=\"text-align: justify;\">Cinco pe\u00e7as foram anunciadas atrav\u00e9s das redes sociais do clube e a expectativa \u00e9 que mais tr\u00eas sejam confirmados essa semana. O time ser\u00e1 comando por Felipe Sousa, nome que est\u00e1 \u00e0 frente das categorias de base da SEP, atualmente trabalhando elenco sub20 e no ano passado comandou o clube na S\u00e9rie B onde n\u00e3o conquistou o acesso.<\/p>\n<p>Os cinco refor\u00e7os anunciados pela equipe do Picos que chegam para compor o lado mais experiente s\u00e3o \u2013 o volante PH, ex- Altos e CoriSabb\u00e1, atacante Ra\u00ed e Jo\u00e3o Paulo, que estavam no Real- RR e River-PI respectivamente no come\u00e7o do ano e a dupla de zaga ex-Parnahyba com Renan e Gilmar Bahia.<\/p>\n<p style=\"text-align: justify;\">Todos esses atletas devem se juntar aos jogadores do elenco sub20 somente a partir do dia 5 de setembro. Quando ter\u00e1 encerrado a disputa do Campeonato Piauiense sub20, em que o Picos briga diretamente pelo t\u00edtulo e por consequ\u00eancia para estar novamente na Copa S\u00e3o Paulo de Futebol J\u00fanior.<\/p>\n<p style=\"text-align: justify;\"><iframe title=\"YouTube video player\" src=\"https:\/\/www.youtube.com\/embed\/1iYKqatzl_U?si=0_VD_F4PxVef27MD\" width=\"790\" height=\"526\" frameborder=\"0\" allowfullscreen=\"allowfullscreen\" data-mce-fragment=\"1\"><\/iframe><\/p>\n<p style=\"text-align: justify;\">Com isso, o per\u00edodo de treinamentos do elenco completo deve ser bem reduzido, por\u00e9m todas as pe\u00e7as veteranas anunciadas at\u00e9 aqui estavam em movimenta\u00e7\u00e3o no mercado at\u00e9 pouco tempo atr\u00e1s.<\/p>\n<p style=\"text-align: justify;\">A primeira rodada da S\u00e9rie B do Piauiense ser\u00e1 no dia 23 de setembro. O jogo entre Oeirense x Flamengo, \u00e0s 15h45min, no Gerson Campos, em Oeiras e a partida em Teresina entre Piau\u00ed x Picos, \u00e0s 16h, no Lindolfo Monteiro.<\/p>\n<p style=\"text-align: justify;\"><iframe title=\"YouTube video player\" src=\"https:\/\/www.youtube.com\/embed\/YGc5ZNVKvew?si=P6OJ7vKWdTdgncBL\" width=\"790\" height=\"526\" frameborder=\"0\" allowfullscreen=\"allowfullscreen\" data-mce-fragment=\"1\"><\/iframe><\/p>\n<p style=\"text-align: justify;\">\n<p style=\"text-align: justify;\"><em>Por P\u00e2mella Maranh\u00e3o do Cidade Verde<br \/>\n<\/em><\/p>\n","protected":false},"excerpt":{"rendered":"<p>A equipe do Picos aos poucos vai encorpando o elenco\u00a0que ir\u00e1 disputar a\u00a0S\u00e9rie B do Piauiense\u00a02023. A competi\u00e7\u00e3o come\u00e7a dia 23 de setembro quando a SEP vai enfrentar o Piau\u00ed Esporte Clube, \u00e0s 16h, no Lindolfo Monteiro. A \u2018espinha dorsal\u2019 do time ser\u00e3o os atletas do sub20 que atualmente est\u00e3o disputando o Campeonato Piauiense da &hellip;<\/p>\n","protected":false},"author":2,"featured_media":48986,"comment_status":"open","ping_status":"open","sticky":false,"template":"","format":"standard","meta":{"content-type":"","rop_custom_images_group":[],"rop_custom_messages_group":[],"rop_publish_now":"initial","rop_publish_now_accounts":{"facebook_2648258775420054_1618374048415101":""},"rop_publish_now_history":[],"rop_publish_now_status":"pending","footnotes":"","_jetpack_memberships_contains_paid_content":false},"categories":[108,109,127],"tags":[4682,128],"yoast_head":"<!-- This site is optimized with the Yoast SEO plugin v22.3 - https:\/\/yoast.com\/wordpress\/plugins\/seo\/ -->\n<title>Picos chega ao quinto refor\u00e7o que se une a categoria base para S\u00e9rie B do Piauiense - Portal NPM<\/title>\n<meta name=\"robots\" content=\"index, follow, max-snippet:-1, max-image-preview:large, max-video-preview:-1\" \/>\n<link rel=\"canonical\" href=\"https:\/\/portalnpm.com\/index.php\/2023\/08\/30\/picos-chega-ao-quinto-reforco-que-se-une-a-categoria-base-para-serie-b-do-piauiense\/\" \/>\n<meta property=\"og:locale\" content=\"pt_BR\" \/>\n<meta property=\"og:type\" content=\"article\" \/>\n<meta property=\"og:title\" content=\"Picos chega ao quinto refor\u00e7o que se une a categoria base para S\u00e9rie B do Piauiense - Portal NPM\" \/>\n<meta property=\"og:description\" content=\"A equipe do Picos aos poucos vai encorpando o elenco\u00a0que ir\u00e1 disputar a\u00a0S\u00e9rie B do Piauiense\u00a02023. A competi\u00e7\u00e3o come\u00e7a dia 23 de setembro quando a SEP vai enfrentar o Piau\u00ed Esporte Clube, \u00e0s 16h, no Lindolfo Monteiro. A \u2018espinha dorsal\u2019 do time ser\u00e3o os atletas do sub20 que atualmente est\u00e3o disputando o Campeonato Piauiense da &hellip;\" \/>\n<meta property=\"og:url\" content=\"https:\/\/portalnpm.com\/index.php\/2023\/08\/30\/picos-chega-ao-quinto-reforco-que-se-une-a-categoria-base-para-serie-b-do-piauiense\/\" \/>\n<meta property=\"og:site_name\" content=\"Portal NPM\" \/>\n<meta property=\"article:published_time\" content=\"2023-08-30T15:27:35+00:00\" \/>\n<meta name=\"author\" content=\"Genival Barbosa\" \/>\n<meta name=\"twitter:card\" content=\"summary_large_image\" \/>\n<meta name=\"twitter:label1\" content=\"Escrito por\" \/>\n\t<meta name=\"twitter:data1\" content=\"Genival Barbosa\" \/>\n\t<meta name=\"twitter:label2\" content=\"Est. tempo de leitura\" \/>\n\t<meta name=\"twitter:data2\" content=\"2 minutos\" \/>\n<script type=\"application\/ld+json\" class=\"yoast-schema-graph\">{\"@context\":\"https:\/\/schema.org\",\"@graph\":[{\"@type\":\"WebPage\",\"@id\":\"https:\/\/portalnpm.com\/index.php\/2023\/08\/30\/picos-chega-ao-quinto-reforco-que-se-une-a-categoria-base-para-serie-b-do-piauiense\/\",\"url\":\"https:\/\/portalnpm.com\/index.php\/2023\/08\/30\/picos-chega-ao-quinto-reforco-que-se-une-a-categoria-base-para-serie-b-do-piauiense\/\",\"name\":\"Picos chega ao quinto refor\u00e7o que se une a categoria base para S\u00e9rie B do Piauiense - Portal NPM\",\"isPartOf\":{\"@id\":\"https:\/\/portalnpm.com\/#website\"},\"primaryImageOfPage\":{\"@id\":\"https:\/\/portalnpm.com\/index.php\/2023\/08\/30\/picos-chega-ao-quinto-reforco-que-se-une-a-categoria-base-para-serie-b-do-piauiense\/#primaryimage\"},\"image\":{\"@id\":\"https:\/\/portalnpm.com\/index.php\/2023\/08\/30\/picos-chega-ao-quinto-reforco-que-se-une-a-categoria-base-para-serie-b-do-piauiense\/#primaryimage\"},\"thumbnailUrl\":\"\",\"datePublished\":\"2023-08-30T15:27:35+00:00\",\"dateModified\":\"2023-08-30T15:27:35+00:00\",\"author\":{\"@id\":\"https:\/\/portalnpm.com\/#\/schema\/person\/49313e563cfdefcc167f1ee4c017c294\"},\"breadcrumb\":{\"@id\":\"https:\/\/portalnpm.com\/index.php\/2023\/08\/30\/picos-chega-ao-quinto-reforco-que-se-une-a-categoria-base-para-serie-b-do-piauiense\/#breadcrumb\"},\"inLanguage\":\"pt-BR\",\"potentialAction\":[{\"@type\":\"ReadAction\",\"target\":[\"https:\/\/portalnpm.com\/index.php\/2023\/08\/30\/picos-chega-ao-quinto-reforco-que-se-une-a-categoria-base-para-serie-b-do-piauiense\/\"]}]},{\"@type\":\"ImageObject\",\"inLanguage\":\"pt-BR\",\"@id\":\"https:\/\/portalnpm.com\/index.php\/2023\/08\/30\/picos-chega-ao-quinto-reforco-que-se-une-a-categoria-base-para-serie-b-do-piauiense\/#primaryimage\",\"url\":\"\",\"contentUrl\":\"\"},{\"@type\":\"BreadcrumbList\",\"@id\":\"https:\/\/portalnpm.com\/index.php\/2023\/08\/30\/picos-chega-ao-quinto-reforco-que-se-une-a-categoria-base-para-serie-b-do-piauiense\/#breadcrumb\",\"itemListElement\":[{\"@type\":\"ListItem\",\"position\":1,\"name\":\"In\u00edcio\",\"item\":\"https:\/\/portalnpm.com\/\"},{\"@type\":\"ListItem\",\"position\":2,\"name\":\"Picos chega ao quinto refor\u00e7o que se une a categoria base para S\u00e9rie B do Piauiense\"}]},{\"@type\":\"WebSite\",\"@id\":\"https:\/\/portalnpm.com\/#website\",\"url\":\"https:\/\/portalnpm.com\/\",\"name\":\"Portal NPM\",\"description\":\"Not\u00edcias em Primeira M\u00e3o\",\"potentialAction\":[{\"@type\":\"SearchAction\",\"target\":{\"@type\":\"EntryPoint\",\"urlTemplate\":\"https:\/\/portalnpm.com\/?s={search_term_string}\"},\"query-input\":\"required name=search_term_string\"}],\"inLanguage\":\"pt-BR\"},{\"@type\":\"Person\",\"@id\":\"https:\/\/portalnpm.com\/#\/schema\/person\/49313e563cfdefcc167f1ee4c017c294\",\"name\":\"Genival Barbosa\",\"image\":{\"@type\":\"ImageObject\",\"inLanguage\":\"pt-BR\",\"@id\":\"https:\/\/portalnpm.com\/#\/schema\/person\/image\/\",\"url\":\"https:\/\/portalnpm.com\/wp-content\/uploads\/2024\/02\/avatar_user_2_1707743258-96x96.jpeg\",\"contentUrl\":\"https:\/\/portalnpm.com\/wp-content\/uploads\/2024\/02\/avatar_user_2_1707743258-96x96.jpeg\",\"caption\":\"Genival Barbosa\"},\"url\":\"https:\/\/portalnpm.com\/index.php\/author\/genival\/\"}]}<\/script>\n<!-- \/ Yoast SEO plugin. -->","yoast_head_json":{"title":"Picos chega ao quinto refor\u00e7o que se une a categoria base para S\u00e9rie B do Piauiense - Portal NPM","robots":{"index":"index","follow":"follow","max-snippet":"max-snippet:-1","max-image-preview":"max-image-preview:large","max-video-preview":"max-video-preview:-1"},"canonical":"https:\/\/portalnpm.com\/index.php\/2023\/08\/30\/picos-chega-ao-quinto-reforco-que-se-une-a-categoria-base-para-serie-b-do-piauiense\/","og_locale":"pt_BR","og_type":"article","og_title":"Picos chega ao quinto refor\u00e7o que se une a categoria base para S\u00e9rie B do Piauiense - Portal NPM","og_description":"A equipe do Picos aos poucos vai encorpando o elenco\u00a0que ir\u00e1 disputar a\u00a0S\u00e9rie B do Piauiense\u00a02023. A competi\u00e7\u00e3o come\u00e7a dia 23 de setembro quando a SEP vai enfrentar o Piau\u00ed Esporte Clube, \u00e0s 16h, no Lindolfo Monteiro. A \u2018espinha dorsal\u2019 do time ser\u00e3o os atletas do sub20 que atualmente est\u00e3o disputando o Campeonato Piauiense da &hellip;","og_url":"https:\/\/portalnpm.com\/index.php\/2023\/08\/30\/picos-chega-ao-quinto-reforco-que-se-une-a-categoria-base-para-serie-b-do-piauiense\/","og_site_name":"Portal NPM","article_published_time":"2023-08-30T15:27:35+00:00","author":"Genival Barbosa","twitter_card":"summary_large_image","twitter_misc":{"Escrito por":"Genival Barbosa","Est. tempo de leitura":"2 minutos"},"schema":{"@context":"https:\/\/schema.org","@graph":[{"@type":"WebPage","@id":"https:\/\/portalnpm.com\/index.php\/2023\/08\/30\/picos-chega-ao-quinto-reforco-que-se-une-a-categoria-base-para-serie-b-do-piauiense\/","url":"https:\/\/portalnpm.com\/index.php\/2023\/08\/30\/picos-chega-ao-quinto-reforco-que-se-une-a-categoria-base-para-serie-b-do-piauiense\/","name":"Picos chega ao quinto refor\u00e7o que se une a categoria base para S\u00e9rie B do Piauiense - Portal NPM","isPartOf":{"@id":"https:\/\/portalnpm.com\/#website"},"primaryImageOfPage":{"@id":"https:\/\/portalnpm.com\/index.php\/2023\/08\/30\/picos-chega-ao-quinto-reforco-que-se-une-a-categoria-base-para-serie-b-do-piauiense\/#primaryimage"},"image":{"@id":"https:\/\/portalnpm.com\/index.php\/2023\/08\/30\/picos-chega-ao-quinto-reforco-que-se-une-a-categoria-base-para-serie-b-do-piauiense\/#primaryimage"},"thumbnailUrl":"","datePublished":"2023-08-30T15:27:35+00:00","dateModified":"2023-08-30T15:27:35+00:00","author":{"@id":"https:\/\/portalnpm.com\/#\/schema\/person\/49313e563cfdefcc167f1ee4c017c294"},"breadcrumb":{"@id":"https:\/\/portalnpm.com\/index.php\/2023\/08\/30\/picos-chega-ao-quinto-reforco-que-se-une-a-categoria-base-para-serie-b-do-piauiense\/#breadcrumb"},"inLanguage":"pt-BR","potentialAction":[{"@type":"ReadAction","target":["https:\/\/portalnpm.com\/index.php\/2023\/08\/30\/picos-chega-ao-quinto-reforco-que-se-une-a-categoria-base-para-serie-b-do-piauiense\/"]}]},{"@type":"ImageObject","inLanguage":"pt-BR","@id":"https:\/\/portalnpm.com\/index.php\/2023\/08\/30\/picos-chega-ao-quinto-reforco-que-se-une-a-categoria-base-para-serie-b-do-piauiense\/#primaryimage","url":"","contentUrl":""},{"@type":"BreadcrumbList","@id":"https:\/\/portalnpm.com\/index.php\/2023\/08\/30\/picos-chega-ao-quinto-reforco-que-se-une-a-categoria-base-para-serie-b-do-piauiense\/#breadcrumb","itemListElement":[{"@type":"ListItem","position":1,"name":"In\u00edcio","item":"https:\/\/portalnpm.com\/"},{"@type":"ListItem","position":2,"name":"Picos chega ao quinto refor\u00e7o que se une a categoria base para S\u00e9rie B do Piauiense"}]},{"@type":"WebSite","@id":"https:\/\/portalnpm.com\/#website","url":"https:\/\/portalnpm.com\/","name":"Portal NPM","description":"Not\u00edcias em Primeira M\u00e3o","potentialAction":[{"@type":"SearchAction","target":{"@type":"EntryPoint","urlTemplate":"https:\/\/portalnpm.com\/?s={search_term_string}"},"query-input":"required name=search_term_string"}],"inLanguage":"pt-BR"},{"@type":"Person","@id":"https:\/\/portalnpm.com\/#\/schema\/person\/49313e563cfdefcc167f1ee4c017c294","name":"Genival Barbosa","image":{"@type":"ImageObject","inLanguage":"pt-BR","@id":"https:\/\/portalnpm.com\/#\/schema\/person\/image\/","url":"https:\/\/portalnpm.com\/wp-content\/uploads\/2024\/02\/avatar_user_2_1707743258-96x96.jpeg","contentUrl":"https:\/\/portalnpm.com\/wp-content\/uploads\/2024\/02\/avatar_user_2_1707743258-96x96.jpeg","caption":"Genival Barbosa"},"url":"https:\/\/portalnpm.com\/index.php\/author\/genival\/"}]}},"jetpack_sharing_enabled":true,"jetpack_featured_media_url":"","_links":{"self":[{"href":"https:\/\/portalnpm.com\/index.php\/wp-json\/wp\/v2\/posts\/48985"}],"collection":[{"href":"https:\/\/portalnpm.com\/index.php\/wp-json\/wp\/v2\/posts"}],"about":[{"href":"https:\/\/portalnpm.com\/index.php\/wp-json\/wp\/v2\/types\/post"}],"author":[{"embeddable":true,"href":"https:\/\/portalnpm.com\/index.php\/wp-json\/wp\/v2\/users\/2"}],"replies":[{"embeddable":true,"href":"https:\/\/portalnpm.com\/index.php\/wp-json\/wp\/v2\/comments?post=48985"}],"version-history":[{"count":0,"href":"https:\/\/portalnpm.com\/index.php\/wp-json\/wp\/v2\/posts\/48985\/revisions"}],"wp:featuredmedia":[{"embeddable":true,"href":"https:\/\/portalnpm.com\/index.php\/wp-json\/"}],"wp:attachment":[{"href":"https:\/\/portalnpm.com\/index.php\/wp-json\/wp\/v2\/media?parent=48985"}],"wp:term":[{"taxonomy":"category","embeddable":true,"href":"https:\/\/portalnpm.com\/index.php\/wp-json\/wp\/v2\/categories?post=48985"},{"taxonomy":"post_tag","embeddable":true,"href":"https:\/\/portalnpm.com\/index.php\/wp-json\/wp\/v2\/tags?post=48985"}],"curies":[{"name":"wp","href":"https:\/\/api.w.org\/{rel}","templated":true}]}}