{"id":49081,"date":"2023-09-03T14:24:07","date_gmt":"2023-09-03T17:24:07","guid":{"rendered":"https:\/\/portalnpm.com\/?p=49081"},"modified":"2023-09-03T14:24:07","modified_gmt":"2023-09-03T17:24:07","slug":"wesley-safadao-anuncia-pausa-na-carreira-por-problemas-de-saude-em-breve-estarei-de-volta","status":"publish","type":"post","link":"https:\/\/portalnpm.com\/index.php\/2023\/09\/03\/wesley-safadao-anuncia-pausa-na-carreira-por-problemas-de-saude-em-breve-estarei-de-volta\/","title":{"rendered":"Wesley Safad\u00e3o anuncia pausa na carreira por problemas de sa\u00fade: &#8216;Em breve estarei de volta&#8217;"},"content":{"rendered":"<p style=\"text-align: justify;\">\n<p style=\"text-align: justify;\">O cantor Wesley Safad\u00e3o surpreendeu na manh\u00e3 deste domingo (3) e anunciou uma pausa por tempo indeterminado na carreira. Atrav\u00e9s de uma nota postada em suas redes sociais, a assessoria e o cantor afirmam que foi um pedido m\u00e9dico, sem detalhar um tratamento ou doen\u00e7a. Ele recebeu apoio de f\u00e3s.&#8221;Informamos que o cantor Wesley Safad\u00e3o far\u00e1 uma pausa na agenda de shows por tempo indeterminado.<\/p>\n<p style=\"text-align: justify;\">\n<p style=\"text-align: justify;\">O artista apresentou problemas de sa\u00fade e ter\u00e1 que se afastar dos palcos por orienta\u00e7\u00e3o m\u00e9dica&#8221;, diz a nota, assinada pela produtora que cuida de sua carreira art\u00edstica, a Camarote Shows.<\/p>\n<p style=\"text-align: justify;\"><iframe id=\"instagram-embed-0\" class=\"instagram-media instagram-media-rendered\" src=\"https:\/\/www.instagram.com\/p\/CwukmaYuqki\/embed\/?cr=1&amp;v=14&amp;wp=945&amp;rd=https%3A%2F%2Fcidadeverde.com&amp;rp=%2Fnoticias%2F398619%2Fwesley-safadao-anuncia-pausa-na-carreira-por-problemas-de-saude-em-breve-estarei-de-volta#%7B%22ci%22%3A0%2C%22os%22%3A3250.699999809265%2C%22ls%22%3A389.7999999523163%2C%22le%22%3A671.3999998569489%7D\" height=\"723\" frameborder=\"0\" scrolling=\"no\" allowfullscreen=\"allowfullscreen\" data-instgrm-payload-id=\"instagram-media-payload-0\" data-mce-fragment=\"1\"><\/iframe><\/p>\n<p style=\"text-align: justify;\">\nNa noite de s\u00e1bado (2), Wesley Safad\u00e3o realizou um show em Natal, no Rio Grande do Norte. Nenhum outro show consta na sua agenda, dispon\u00edvel em seu site oficial.<\/p>\n<p style=\"text-align: justify;\">Wesley Safad\u00e3o estorou em todo o Brasil com a m\u00fasica &#8220;Camarote&#8221;, em 2015, e desde ent\u00e3o \u00e9 um dos maiores cach\u00eas da musica nacional. Um show seu chega a custar R$ 200 mil para contratantes, devido a demanda de p\u00fablico que tem.<\/p>\n<p style=\"text-align: justify;\">Fonte: Folhapress<\/p>\n","protected":false},"excerpt":{"rendered":"<p>O cantor Wesley Safad\u00e3o surpreendeu na manh\u00e3 deste domingo (3) e anunciou uma pausa por tempo indeterminado na carreira. Atrav\u00e9s de uma nota postada em suas redes sociais, a assessoria e o cantor afirmam que foi um pedido m\u00e9dico, sem detalhar um tratamento ou doen\u00e7a. Ele recebeu apoio de f\u00e3s.&#8221;Informamos que o cantor Wesley Safad\u00e3o &hellip;<\/p>\n","protected":false},"author":2,"featured_media":49082,"comment_status":"open","ping_status":"open","sticky":false,"template":"","format":"standard","meta":{"content-type":"","rop_custom_images_group":[],"rop_custom_messages_group":[],"rop_publish_now":"initial","rop_publish_now_accounts":{"facebook_2648258775420054_1618374048415101":""},"rop_publish_now_history":[],"rop_publish_now_status":"pending","footnotes":"","_jetpack_memberships_contains_paid_content":false},"categories":[113,147],"tags":[2702,2704,4080],"yoast_head":"<!-- This site is optimized with the Yoast SEO plugin v22.3 - https:\/\/yoast.com\/wordpress\/plugins\/seo\/ -->\n<title>Wesley Safad\u00e3o anuncia pausa na carreira por problemas de sa\u00fade: &#039;Em breve estarei de volta&#039; - Portal NPM<\/title>\n<meta name=\"robots\" content=\"index, follow, max-snippet:-1, max-image-preview:large, max-video-preview:-1\" \/>\n<link rel=\"canonical\" href=\"https:\/\/portalnpm.com\/index.php\/2023\/09\/03\/wesley-safadao-anuncia-pausa-na-carreira-por-problemas-de-saude-em-breve-estarei-de-volta\/\" \/>\n<meta property=\"og:locale\" content=\"pt_BR\" \/>\n<meta property=\"og:type\" content=\"article\" \/>\n<meta property=\"og:title\" content=\"Wesley Safad\u00e3o anuncia pausa na carreira por problemas de sa\u00fade: &#039;Em breve estarei de volta&#039; - Portal NPM\" \/>\n<meta property=\"og:description\" content=\"O cantor Wesley Safad\u00e3o surpreendeu na manh\u00e3 deste domingo (3) e anunciou uma pausa por tempo indeterminado na carreira. Atrav\u00e9s de uma nota postada em suas redes sociais, a assessoria e o cantor afirmam que foi um pedido m\u00e9dico, sem detalhar um tratamento ou doen\u00e7a. Ele recebeu apoio de f\u00e3s.&#8221;Informamos que o cantor Wesley Safad\u00e3o &hellip;\" \/>\n<meta property=\"og:url\" content=\"https:\/\/portalnpm.com\/index.php\/2023\/09\/03\/wesley-safadao-anuncia-pausa-na-carreira-por-problemas-de-saude-em-breve-estarei-de-volta\/\" \/>\n<meta property=\"og:site_name\" content=\"Portal NPM\" \/>\n<meta property=\"article:published_time\" content=\"2023-09-03T17:24:07+00:00\" \/>\n<meta name=\"author\" content=\"Genival Barbosa\" \/>\n<meta name=\"twitter:card\" content=\"summary_large_image\" \/>\n<meta name=\"twitter:label1\" content=\"Escrito por\" \/>\n\t<meta name=\"twitter:data1\" content=\"Genival Barbosa\" \/>\n\t<meta name=\"twitter:label2\" content=\"Est. tempo de leitura\" \/>\n\t<meta name=\"twitter:data2\" content=\"1 minuto\" \/>\n<script type=\"application\/ld+json\" class=\"yoast-schema-graph\">{\"@context\":\"https:\/\/schema.org\",\"@graph\":[{\"@type\":\"WebPage\",\"@id\":\"https:\/\/portalnpm.com\/index.php\/2023\/09\/03\/wesley-safadao-anuncia-pausa-na-carreira-por-problemas-de-saude-em-breve-estarei-de-volta\/\",\"url\":\"https:\/\/portalnpm.com\/index.php\/2023\/09\/03\/wesley-safadao-anuncia-pausa-na-carreira-por-problemas-de-saude-em-breve-estarei-de-volta\/\",\"name\":\"Wesley Safad\u00e3o anuncia pausa na carreira por problemas de sa\u00fade: 'Em breve estarei de volta' - Portal NPM\",\"isPartOf\":{\"@id\":\"https:\/\/portalnpm.com\/#website\"},\"primaryImageOfPage\":{\"@id\":\"https:\/\/portalnpm.com\/index.php\/2023\/09\/03\/wesley-safadao-anuncia-pausa-na-carreira-por-problemas-de-saude-em-breve-estarei-de-volta\/#primaryimage\"},\"image\":{\"@id\":\"https:\/\/portalnpm.com\/index.php\/2023\/09\/03\/wesley-safadao-anuncia-pausa-na-carreira-por-problemas-de-saude-em-breve-estarei-de-volta\/#primaryimage\"},\"thumbnailUrl\":\"\",\"datePublished\":\"2023-09-03T17:24:07+00:00\",\"dateModified\":\"2023-09-03T17:24:07+00:00\",\"author\":{\"@id\":\"https:\/\/portalnpm.com\/#\/schema\/person\/49313e563cfdefcc167f1ee4c017c294\"},\"breadcrumb\":{\"@id\":\"https:\/\/portalnpm.com\/index.php\/2023\/09\/03\/wesley-safadao-anuncia-pausa-na-carreira-por-problemas-de-saude-em-breve-estarei-de-volta\/#breadcrumb\"},\"inLanguage\":\"pt-BR\",\"potentialAction\":[{\"@type\":\"ReadAction\",\"target\":[\"https:\/\/portalnpm.com\/index.php\/2023\/09\/03\/wesley-safadao-anuncia-pausa-na-carreira-por-problemas-de-saude-em-breve-estarei-de-volta\/\"]}]},{\"@type\":\"ImageObject\",\"inLanguage\":\"pt-BR\",\"@id\":\"https:\/\/portalnpm.com\/index.php\/2023\/09\/03\/wesley-safadao-anuncia-pausa-na-carreira-por-problemas-de-saude-em-breve-estarei-de-volta\/#primaryimage\",\"url\":\"\",\"contentUrl\":\"\"},{\"@type\":\"BreadcrumbList\",\"@id\":\"https:\/\/portalnpm.com\/index.php\/2023\/09\/03\/wesley-safadao-anuncia-pausa-na-carreira-por-problemas-de-saude-em-breve-estarei-de-volta\/#breadcrumb\",\"itemListElement\":[{\"@type\":\"ListItem\",\"position\":1,\"name\":\"In\u00edcio\",\"item\":\"https:\/\/portalnpm.com\/\"},{\"@type\":\"ListItem\",\"position\":2,\"name\":\"Wesley Safad\u00e3o anuncia pausa na carreira por problemas de sa\u00fade: &#8216;Em breve estarei de volta&#8217;\"}]},{\"@type\":\"WebSite\",\"@id\":\"https:\/\/portalnpm.com\/#website\",\"url\":\"https:\/\/portalnpm.com\/\",\"name\":\"Portal NPM\",\"description\":\"Not\u00edcias em Primeira M\u00e3o\",\"potentialAction\":[{\"@type\":\"SearchAction\",\"target\":{\"@type\":\"EntryPoint\",\"urlTemplate\":\"https:\/\/portalnpm.com\/?s={search_term_string}\"},\"query-input\":\"required name=search_term_string\"}],\"inLanguage\":\"pt-BR\"},{\"@type\":\"Person\",\"@id\":\"https:\/\/portalnpm.com\/#\/schema\/person\/49313e563cfdefcc167f1ee4c017c294\",\"name\":\"Genival Barbosa\",\"image\":{\"@type\":\"ImageObject\",\"inLanguage\":\"pt-BR\",\"@id\":\"https:\/\/portalnpm.com\/#\/schema\/person\/image\/\",\"url\":\"https:\/\/portalnpm.com\/wp-content\/uploads\/2024\/02\/avatar_user_2_1707743258-96x96.jpeg\",\"contentUrl\":\"https:\/\/portalnpm.com\/wp-content\/uploads\/2024\/02\/avatar_user_2_1707743258-96x96.jpeg\",\"caption\":\"Genival Barbosa\"},\"url\":\"https:\/\/portalnpm.com\/index.php\/author\/genival\/\"}]}<\/script>\n<!-- \/ Yoast SEO plugin. -->","yoast_head_json":{"title":"Wesley Safad\u00e3o anuncia pausa na carreira por problemas de sa\u00fade: 'Em breve estarei de volta' - Portal NPM","robots":{"index":"index","follow":"follow","max-snippet":"max-snippet:-1","max-image-preview":"max-image-preview:large","max-video-preview":"max-video-preview:-1"},"canonical":"https:\/\/portalnpm.com\/index.php\/2023\/09\/03\/wesley-safadao-anuncia-pausa-na-carreira-por-problemas-de-saude-em-breve-estarei-de-volta\/","og_locale":"pt_BR","og_type":"article","og_title":"Wesley Safad\u00e3o anuncia pausa na carreira por problemas de sa\u00fade: 'Em breve estarei de volta' - Portal NPM","og_description":"O cantor Wesley Safad\u00e3o surpreendeu na manh\u00e3 deste domingo (3) e anunciou uma pausa por tempo indeterminado na carreira. Atrav\u00e9s de uma nota postada em suas redes sociais, a assessoria e o cantor afirmam que foi um pedido m\u00e9dico, sem detalhar um tratamento ou doen\u00e7a. Ele recebeu apoio de f\u00e3s.&#8221;Informamos que o cantor Wesley Safad\u00e3o &hellip;","og_url":"https:\/\/portalnpm.com\/index.php\/2023\/09\/03\/wesley-safadao-anuncia-pausa-na-carreira-por-problemas-de-saude-em-breve-estarei-de-volta\/","og_site_name":"Portal NPM","article_published_time":"2023-09-03T17:24:07+00:00","author":"Genival Barbosa","twitter_card":"summary_large_image","twitter_misc":{"Escrito por":"Genival Barbosa","Est. tempo de leitura":"1 minuto"},"schema":{"@context":"https:\/\/schema.org","@graph":[{"@type":"WebPage","@id":"https:\/\/portalnpm.com\/index.php\/2023\/09\/03\/wesley-safadao-anuncia-pausa-na-carreira-por-problemas-de-saude-em-breve-estarei-de-volta\/","url":"https:\/\/portalnpm.com\/index.php\/2023\/09\/03\/wesley-safadao-anuncia-pausa-na-carreira-por-problemas-de-saude-em-breve-estarei-de-volta\/","name":"Wesley Safad\u00e3o anuncia pausa na carreira por problemas de sa\u00fade: 'Em breve estarei de volta' - Portal NPM","isPartOf":{"@id":"https:\/\/portalnpm.com\/#website"},"primaryImageOfPage":{"@id":"https:\/\/portalnpm.com\/index.php\/2023\/09\/03\/wesley-safadao-anuncia-pausa-na-carreira-por-problemas-de-saude-em-breve-estarei-de-volta\/#primaryimage"},"image":{"@id":"https:\/\/portalnpm.com\/index.php\/2023\/09\/03\/wesley-safadao-anuncia-pausa-na-carreira-por-problemas-de-saude-em-breve-estarei-de-volta\/#primaryimage"},"thumbnailUrl":"","datePublished":"2023-09-03T17:24:07+00:00","dateModified":"2023-09-03T17:24:07+00:00","author":{"@id":"https:\/\/portalnpm.com\/#\/schema\/person\/49313e563cfdefcc167f1ee4c017c294"},"breadcrumb":{"@id":"https:\/\/portalnpm.com\/index.php\/2023\/09\/03\/wesley-safadao-anuncia-pausa-na-carreira-por-problemas-de-saude-em-breve-estarei-de-volta\/#breadcrumb"},"inLanguage":"pt-BR","potentialAction":[{"@type":"ReadAction","target":["https:\/\/portalnpm.com\/index.php\/2023\/09\/03\/wesley-safadao-anuncia-pausa-na-carreira-por-problemas-de-saude-em-breve-estarei-de-volta\/"]}]},{"@type":"ImageObject","inLanguage":"pt-BR","@id":"https:\/\/portalnpm.com\/index.php\/2023\/09\/03\/wesley-safadao-anuncia-pausa-na-carreira-por-problemas-de-saude-em-breve-estarei-de-volta\/#primaryimage","url":"","contentUrl":""},{"@type":"BreadcrumbList","@id":"https:\/\/portalnpm.com\/index.php\/2023\/09\/03\/wesley-safadao-anuncia-pausa-na-carreira-por-problemas-de-saude-em-breve-estarei-de-volta\/#breadcrumb","itemListElement":[{"@type":"ListItem","position":1,"name":"In\u00edcio","item":"https:\/\/portalnpm.com\/"},{"@type":"ListItem","position":2,"name":"Wesley Safad\u00e3o anuncia pausa na carreira por problemas de sa\u00fade: &#8216;Em breve estarei de volta&#8217;"}]},{"@type":"WebSite","@id":"https:\/\/portalnpm.com\/#website","url":"https:\/\/portalnpm.com\/","name":"Portal NPM","description":"Not\u00edcias em Primeira M\u00e3o","potentialAction":[{"@type":"SearchAction","target":{"@type":"EntryPoint","urlTemplate":"https:\/\/portalnpm.com\/?s={search_term_string}"},"query-input":"required name=search_term_string"}],"inLanguage":"pt-BR"},{"@type":"Person","@id":"https:\/\/portalnpm.com\/#\/schema\/person\/49313e563cfdefcc167f1ee4c017c294","name":"Genival Barbosa","image":{"@type":"ImageObject","inLanguage":"pt-BR","@id":"https:\/\/portalnpm.com\/#\/schema\/person\/image\/","url":"https:\/\/portalnpm.com\/wp-content\/uploads\/2024\/02\/avatar_user_2_1707743258-96x96.jpeg","contentUrl":"https:\/\/portalnpm.com\/wp-content\/uploads\/2024\/02\/avatar_user_2_1707743258-96x96.jpeg","caption":"Genival Barbosa"},"url":"https:\/\/portalnpm.com\/index.php\/author\/genival\/"}]}},"jetpack_sharing_enabled":true,"jetpack_featured_media_url":"","_links":{"self":[{"href":"https:\/\/portalnpm.com\/index.php\/wp-json\/wp\/v2\/posts\/49081"}],"collection":[{"href":"https:\/\/portalnpm.com\/index.php\/wp-json\/wp\/v2\/posts"}],"about":[{"href":"https:\/\/portalnpm.com\/index.php\/wp-json\/wp\/v2\/types\/post"}],"author":[{"embeddable":true,"href":"https:\/\/portalnpm.com\/index.php\/wp-json\/wp\/v2\/users\/2"}],"replies":[{"embeddable":true,"href":"https:\/\/portalnpm.com\/index.php\/wp-json\/wp\/v2\/comments?post=49081"}],"version-history":[{"count":0,"href":"https:\/\/portalnpm.com\/index.php\/wp-json\/wp\/v2\/posts\/49081\/revisions"}],"wp:featuredmedia":[{"embeddable":true,"href":"https:\/\/portalnpm.com\/index.php\/wp-json\/"}],"wp:attachment":[{"href":"https:\/\/portalnpm.com\/index.php\/wp-json\/wp\/v2\/media?parent=49081"}],"wp:term":[{"taxonomy":"category","embeddable":true,"href":"https:\/\/portalnpm.com\/index.php\/wp-json\/wp\/v2\/categories?post=49081"},{"taxonomy":"post_tag","embeddable":true,"href":"https:\/\/portalnpm.com\/index.php\/wp-json\/wp\/v2\/tags?post=49081"}],"curies":[{"name":"wp","href":"https:\/\/api.w.org\/{rel}","templated":true}]}}