{"id":49114,"date":"2023-09-06T12:49:34","date_gmt":"2023-09-06T15:49:34","guid":{"rendered":"https:\/\/portalnpm.com\/?p=49114"},"modified":"2023-09-06T12:49:34","modified_gmt":"2023-09-06T15:49:34","slug":"prefeito-de-dirceu-arcoverde-morre-aos-53-anos-vitima-de-infarto","status":"publish","type":"post","link":"https:\/\/portalnpm.com\/index.php\/2023\/09\/06\/prefeito-de-dirceu-arcoverde-morre-aos-53-anos-vitima-de-infarto\/","title":{"rendered":"Prefeito de Dirceu Arcoverde Morre aos 53 Anos V\u00edtima de Infarto"},"content":{"rendered":"<p style=\"text-align: justify;\">A cidade de Dirceu Arcoverde, localizada no Sul do Piau\u00ed, est\u00e1 de luto ap\u00f3s a tr\u00e1gica not\u00edcia do falecimento do prefeito Reginaldo Gomes de Oliveira, aos 53 anos, em decorr\u00eancia de um infarto. O triste epis\u00f3dio ocorreu no in\u00edcio da noite desta ter\u00e7a-feira, dia 5 de setembro, chocando a comunidade local.<\/p>\n<p style=\"text-align: justify;\">\n<p style=\"text-align: justify;\">Segundo informa\u00e7\u00f5es apuradas, Reginaldo participava de uma partida de futebol de sal\u00e3o com amigos veteranos em Dirceu Arcoverde quando come\u00e7ou a se sentir mal. No momento em que tentava se dirigir ao seu carro, o prefeito desmaiou, deixando todos ao seu redor alarmados.<\/p>\n<figure id=\"attachment_429782\" class=\"wp-caption alignnone\" style=\"text-align: justify;\" aria-describedby=\"caption-attachment-429782\"><img fetchpriority=\"high\" decoding=\"async\" class=\"size-full wp-image-429782 ls-is-cached lazyloaded\" src=\"https:\/\/infonewss.com\/wp-content\/uploads\/2023\/09\/IMG_0403.jpeg\" sizes=\"(max-width: 1080px) 100vw, 1080px\" srcset=\"https:\/\/infonewss.com\/wp-content\/uploads\/2023\/09\/IMG_0403.jpeg 1080w, https:\/\/infonewss.com\/wp-content\/uploads\/2023\/09\/IMG_0403-300x242.jpeg 300w, https:\/\/infonewss.com\/wp-content\/uploads\/2023\/09\/IMG_0403-1024x826.jpeg 1024w, https:\/\/infonewss.com\/wp-content\/uploads\/2023\/09\/IMG_0403-768x619.jpeg 768w, https:\/\/infonewss.com\/wp-content\/uploads\/2023\/09\/IMG_0403-150x121.jpeg 150w, https:\/\/infonewss.com\/wp-content\/uploads\/2023\/09\/IMG_0403-696x561.jpeg 696w, https:\/\/infonewss.com\/wp-content\/uploads\/2023\/09\/IMG_0403-1068x861.jpeg 1068w\" alt=\"\" width=\"1080\" height=\"871\" data-srcset=\"https:\/\/infonewss.com\/wp-content\/uploads\/2023\/09\/IMG_0403.jpeg 1080w, https:\/\/infonewss.com\/wp-content\/uploads\/2023\/09\/IMG_0403-300x242.jpeg 300w, https:\/\/infonewss.com\/wp-content\/uploads\/2023\/09\/IMG_0403-1024x826.jpeg 1024w, https:\/\/infonewss.com\/wp-content\/uploads\/2023\/09\/IMG_0403-768x619.jpeg 768w, https:\/\/infonewss.com\/wp-content\/uploads\/2023\/09\/IMG_0403-150x121.jpeg 150w, https:\/\/infonewss.com\/wp-content\/uploads\/2023\/09\/IMG_0403-696x561.jpeg 696w, https:\/\/infonewss.com\/wp-content\/uploads\/2023\/09\/IMG_0403-1068x861.jpeg 1068w\" data-src=\"https:\/\/infonewss.com\/wp-content\/uploads\/2023\/09\/IMG_0403.jpeg\" data-sizes=\"(max-width: 1080px) 100vw, 1080px\" \/><figcaption id=\"caption-attachment-429782\" class=\"wp-caption-text\">Prefeito de Dirceu Arcoverde Morre aos 53 Anos V\u00edtima de Infarto<\/figcaption><\/figure>\n<p style=\"text-align: justify;\">Imediatamente, uma equipe de socorro foi acionada e Reginaldo Gomes de Oliveira foi transferido \u00e0s pressas para a Unidade de Pronto Atendimento (UPA) de S\u00e3o Raimundo, em busca de atendimento m\u00e9dico especializado. No entanto, os esfor\u00e7os m\u00e9dicos n\u00e3o foram suficientes para salvar sua vida, e ele veio a falecer.<\/p>\n<p style=\"text-align: justify;\">A not\u00edcia do falecimento precoce do prefeito, causou forte como\u00e7\u00e3o na comunidade de Dirceu. Reginaldo Gomes de Oliveira, filiado ao Progressistas, tinha recentemente passado por uma cirurgia card\u00edaca, demonstrando uma batalha constante contra problemas de sa\u00fade relacionados ao cora\u00e7\u00e3o.<\/p>\n<p style=\"text-align: justify;\">Com o falecimento do prefeito, o vice-prefeito Chico do Sindicato, do Republicanos, de 67 anos, assume a gest\u00e3o do munic\u00edpio. Ele agora enfrenta o desafio de liderar a cidade em um momento de luto e incertezas.<\/p>\n<p style=\"text-align: justify;\"><strong>Prefeitura Emite Nota de Pesar<\/strong><\/p>\n<figure class=\"wp-caption alignnone\" style=\"text-align: justify;\"><img decoding=\"async\" class=\" lazyloaded\" src=\"https:\/\/infonewss.com\/wp-content\/uploads\/2023\/09\/IMG_0405.jpeg\" alt=\"\" width=\"1170\" height=\"1906\" data-src=\"https:\/\/infonewss.com\/wp-content\/uploads\/2023\/09\/IMG_0405.jpeg\" \/><figcaption class=\"wp-caption-text\">Prefeito de Dirceu Arcoverde Morre aos 53 Anos V\u00edtima de Infarto<\/p>\n<p>Fonte: Portal Infonewss\u00a0<\/figcaption><\/figure>\n","protected":false},"excerpt":{"rendered":"<p>A cidade de Dirceu Arcoverde, localizada no Sul do Piau\u00ed, est\u00e1 de luto ap\u00f3s a tr\u00e1gica not\u00edcia do falecimento do prefeito Reginaldo Gomes de Oliveira, aos 53 anos, em decorr\u00eancia de um infarto. O triste epis\u00f3dio ocorreu no in\u00edcio da noite desta ter\u00e7a-feira, dia 5 de setembro, chocando a comunidade local. Segundo informa\u00e7\u00f5es apuradas, Reginaldo &hellip;<\/p>\n","protected":false},"author":2,"featured_media":49115,"comment_status":"open","ping_status":"open","sticky":false,"template":"","format":"standard","meta":{"content-type":"","rop_custom_images_group":[],"rop_custom_messages_group":[],"rop_publish_now":"initial","rop_publish_now_accounts":{"facebook_2648258775420054_1618374048415101":""},"rop_publish_now_history":[],"rop_publish_now_status":"pending","footnotes":"","_jetpack_memberships_contains_paid_content":false},"categories":[113,118,188,130],"tags":[2298,132,135],"yoast_head":"<!-- This site is optimized with the Yoast SEO plugin v22.3 - https:\/\/yoast.com\/wordpress\/plugins\/seo\/ -->\n<title>Prefeito de Dirceu Arcoverde Morre aos 53 Anos V\u00edtima de Infarto - Portal NPM<\/title>\n<meta name=\"robots\" content=\"index, follow, max-snippet:-1, max-image-preview:large, max-video-preview:-1\" \/>\n<link rel=\"canonical\" href=\"https:\/\/portalnpm.com\/index.php\/2023\/09\/06\/prefeito-de-dirceu-arcoverde-morre-aos-53-anos-vitima-de-infarto\/\" \/>\n<meta property=\"og:locale\" content=\"pt_BR\" \/>\n<meta property=\"og:type\" content=\"article\" \/>\n<meta property=\"og:title\" content=\"Prefeito de Dirceu Arcoverde Morre aos 53 Anos V\u00edtima de Infarto - Portal NPM\" \/>\n<meta property=\"og:description\" content=\"A cidade de Dirceu Arcoverde, localizada no Sul do Piau\u00ed, est\u00e1 de luto ap\u00f3s a tr\u00e1gica not\u00edcia do falecimento do prefeito Reginaldo Gomes de Oliveira, aos 53 anos, em decorr\u00eancia de um infarto. O triste epis\u00f3dio ocorreu no in\u00edcio da noite desta ter\u00e7a-feira, dia 5 de setembro, chocando a comunidade local. Segundo informa\u00e7\u00f5es apuradas, Reginaldo &hellip;\" \/>\n<meta property=\"og:url\" content=\"https:\/\/portalnpm.com\/index.php\/2023\/09\/06\/prefeito-de-dirceu-arcoverde-morre-aos-53-anos-vitima-de-infarto\/\" \/>\n<meta property=\"og:site_name\" content=\"Portal NPM\" \/>\n<meta property=\"article:published_time\" content=\"2023-09-06T15:49:34+00:00\" \/>\n<meta name=\"author\" content=\"Genival Barbosa\" \/>\n<meta name=\"twitter:card\" content=\"summary_large_image\" \/>\n<meta name=\"twitter:label1\" content=\"Escrito por\" \/>\n\t<meta name=\"twitter:data1\" content=\"Genival Barbosa\" \/>\n\t<meta name=\"twitter:label2\" content=\"Est. tempo de leitura\" \/>\n\t<meta name=\"twitter:data2\" content=\"2 minutos\" \/>\n<script type=\"application\/ld+json\" class=\"yoast-schema-graph\">{\"@context\":\"https:\/\/schema.org\",\"@graph\":[{\"@type\":\"WebPage\",\"@id\":\"https:\/\/portalnpm.com\/index.php\/2023\/09\/06\/prefeito-de-dirceu-arcoverde-morre-aos-53-anos-vitima-de-infarto\/\",\"url\":\"https:\/\/portalnpm.com\/index.php\/2023\/09\/06\/prefeito-de-dirceu-arcoverde-morre-aos-53-anos-vitima-de-infarto\/\",\"name\":\"Prefeito de Dirceu Arcoverde Morre aos 53 Anos V\u00edtima de Infarto - Portal NPM\",\"isPartOf\":{\"@id\":\"https:\/\/portalnpm.com\/#website\"},\"primaryImageOfPage\":{\"@id\":\"https:\/\/portalnpm.com\/index.php\/2023\/09\/06\/prefeito-de-dirceu-arcoverde-morre-aos-53-anos-vitima-de-infarto\/#primaryimage\"},\"image\":{\"@id\":\"https:\/\/portalnpm.com\/index.php\/2023\/09\/06\/prefeito-de-dirceu-arcoverde-morre-aos-53-anos-vitima-de-infarto\/#primaryimage\"},\"thumbnailUrl\":\"\",\"datePublished\":\"2023-09-06T15:49:34+00:00\",\"dateModified\":\"2023-09-06T15:49:34+00:00\",\"author\":{\"@id\":\"https:\/\/portalnpm.com\/#\/schema\/person\/49313e563cfdefcc167f1ee4c017c294\"},\"breadcrumb\":{\"@id\":\"https:\/\/portalnpm.com\/index.php\/2023\/09\/06\/prefeito-de-dirceu-arcoverde-morre-aos-53-anos-vitima-de-infarto\/#breadcrumb\"},\"inLanguage\":\"pt-BR\",\"potentialAction\":[{\"@type\":\"ReadAction\",\"target\":[\"https:\/\/portalnpm.com\/index.php\/2023\/09\/06\/prefeito-de-dirceu-arcoverde-morre-aos-53-anos-vitima-de-infarto\/\"]}]},{\"@type\":\"ImageObject\",\"inLanguage\":\"pt-BR\",\"@id\":\"https:\/\/portalnpm.com\/index.php\/2023\/09\/06\/prefeito-de-dirceu-arcoverde-morre-aos-53-anos-vitima-de-infarto\/#primaryimage\",\"url\":\"\",\"contentUrl\":\"\"},{\"@type\":\"BreadcrumbList\",\"@id\":\"https:\/\/portalnpm.com\/index.php\/2023\/09\/06\/prefeito-de-dirceu-arcoverde-morre-aos-53-anos-vitima-de-infarto\/#breadcrumb\",\"itemListElement\":[{\"@type\":\"ListItem\",\"position\":1,\"name\":\"In\u00edcio\",\"item\":\"https:\/\/portalnpm.com\/\"},{\"@type\":\"ListItem\",\"position\":2,\"name\":\"Prefeito de Dirceu Arcoverde Morre aos 53 Anos V\u00edtima de Infarto\"}]},{\"@type\":\"WebSite\",\"@id\":\"https:\/\/portalnpm.com\/#website\",\"url\":\"https:\/\/portalnpm.com\/\",\"name\":\"Portal NPM\",\"description\":\"Not\u00edcias em Primeira M\u00e3o\",\"potentialAction\":[{\"@type\":\"SearchAction\",\"target\":{\"@type\":\"EntryPoint\",\"urlTemplate\":\"https:\/\/portalnpm.com\/?s={search_term_string}\"},\"query-input\":\"required name=search_term_string\"}],\"inLanguage\":\"pt-BR\"},{\"@type\":\"Person\",\"@id\":\"https:\/\/portalnpm.com\/#\/schema\/person\/49313e563cfdefcc167f1ee4c017c294\",\"name\":\"Genival Barbosa\",\"image\":{\"@type\":\"ImageObject\",\"inLanguage\":\"pt-BR\",\"@id\":\"https:\/\/portalnpm.com\/#\/schema\/person\/image\/\",\"url\":\"https:\/\/portalnpm.com\/wp-content\/uploads\/2024\/02\/avatar_user_2_1707743258-96x96.jpeg\",\"contentUrl\":\"https:\/\/portalnpm.com\/wp-content\/uploads\/2024\/02\/avatar_user_2_1707743258-96x96.jpeg\",\"caption\":\"Genival Barbosa\"},\"url\":\"https:\/\/portalnpm.com\/index.php\/author\/genival\/\"}]}<\/script>\n<!-- \/ Yoast SEO plugin. -->","yoast_head_json":{"title":"Prefeito de Dirceu Arcoverde Morre aos 53 Anos V\u00edtima de Infarto - Portal NPM","robots":{"index":"index","follow":"follow","max-snippet":"max-snippet:-1","max-image-preview":"max-image-preview:large","max-video-preview":"max-video-preview:-1"},"canonical":"https:\/\/portalnpm.com\/index.php\/2023\/09\/06\/prefeito-de-dirceu-arcoverde-morre-aos-53-anos-vitima-de-infarto\/","og_locale":"pt_BR","og_type":"article","og_title":"Prefeito de Dirceu Arcoverde Morre aos 53 Anos V\u00edtima de Infarto - Portal NPM","og_description":"A cidade de Dirceu Arcoverde, localizada no Sul do Piau\u00ed, est\u00e1 de luto ap\u00f3s a tr\u00e1gica not\u00edcia do falecimento do prefeito Reginaldo Gomes de Oliveira, aos 53 anos, em decorr\u00eancia de um infarto. O triste epis\u00f3dio ocorreu no in\u00edcio da noite desta ter\u00e7a-feira, dia 5 de setembro, chocando a comunidade local. Segundo informa\u00e7\u00f5es apuradas, Reginaldo &hellip;","og_url":"https:\/\/portalnpm.com\/index.php\/2023\/09\/06\/prefeito-de-dirceu-arcoverde-morre-aos-53-anos-vitima-de-infarto\/","og_site_name":"Portal NPM","article_published_time":"2023-09-06T15:49:34+00:00","author":"Genival Barbosa","twitter_card":"summary_large_image","twitter_misc":{"Escrito por":"Genival Barbosa","Est. tempo de leitura":"2 minutos"},"schema":{"@context":"https:\/\/schema.org","@graph":[{"@type":"WebPage","@id":"https:\/\/portalnpm.com\/index.php\/2023\/09\/06\/prefeito-de-dirceu-arcoverde-morre-aos-53-anos-vitima-de-infarto\/","url":"https:\/\/portalnpm.com\/index.php\/2023\/09\/06\/prefeito-de-dirceu-arcoverde-morre-aos-53-anos-vitima-de-infarto\/","name":"Prefeito de Dirceu Arcoverde Morre aos 53 Anos V\u00edtima de Infarto - Portal NPM","isPartOf":{"@id":"https:\/\/portalnpm.com\/#website"},"primaryImageOfPage":{"@id":"https:\/\/portalnpm.com\/index.php\/2023\/09\/06\/prefeito-de-dirceu-arcoverde-morre-aos-53-anos-vitima-de-infarto\/#primaryimage"},"image":{"@id":"https:\/\/portalnpm.com\/index.php\/2023\/09\/06\/prefeito-de-dirceu-arcoverde-morre-aos-53-anos-vitima-de-infarto\/#primaryimage"},"thumbnailUrl":"","datePublished":"2023-09-06T15:49:34+00:00","dateModified":"2023-09-06T15:49:34+00:00","author":{"@id":"https:\/\/portalnpm.com\/#\/schema\/person\/49313e563cfdefcc167f1ee4c017c294"},"breadcrumb":{"@id":"https:\/\/portalnpm.com\/index.php\/2023\/09\/06\/prefeito-de-dirceu-arcoverde-morre-aos-53-anos-vitima-de-infarto\/#breadcrumb"},"inLanguage":"pt-BR","potentialAction":[{"@type":"ReadAction","target":["https:\/\/portalnpm.com\/index.php\/2023\/09\/06\/prefeito-de-dirceu-arcoverde-morre-aos-53-anos-vitima-de-infarto\/"]}]},{"@type":"ImageObject","inLanguage":"pt-BR","@id":"https:\/\/portalnpm.com\/index.php\/2023\/09\/06\/prefeito-de-dirceu-arcoverde-morre-aos-53-anos-vitima-de-infarto\/#primaryimage","url":"","contentUrl":""},{"@type":"BreadcrumbList","@id":"https:\/\/portalnpm.com\/index.php\/2023\/09\/06\/prefeito-de-dirceu-arcoverde-morre-aos-53-anos-vitima-de-infarto\/#breadcrumb","itemListElement":[{"@type":"ListItem","position":1,"name":"In\u00edcio","item":"https:\/\/portalnpm.com\/"},{"@type":"ListItem","position":2,"name":"Prefeito de Dirceu Arcoverde Morre aos 53 Anos V\u00edtima de Infarto"}]},{"@type":"WebSite","@id":"https:\/\/portalnpm.com\/#website","url":"https:\/\/portalnpm.com\/","name":"Portal NPM","description":"Not\u00edcias em Primeira M\u00e3o","potentialAction":[{"@type":"SearchAction","target":{"@type":"EntryPoint","urlTemplate":"https:\/\/portalnpm.com\/?s={search_term_string}"},"query-input":"required name=search_term_string"}],"inLanguage":"pt-BR"},{"@type":"Person","@id":"https:\/\/portalnpm.com\/#\/schema\/person\/49313e563cfdefcc167f1ee4c017c294","name":"Genival Barbosa","image":{"@type":"ImageObject","inLanguage":"pt-BR","@id":"https:\/\/portalnpm.com\/#\/schema\/person\/image\/","url":"https:\/\/portalnpm.com\/wp-content\/uploads\/2024\/02\/avatar_user_2_1707743258-96x96.jpeg","contentUrl":"https:\/\/portalnpm.com\/wp-content\/uploads\/2024\/02\/avatar_user_2_1707743258-96x96.jpeg","caption":"Genival Barbosa"},"url":"https:\/\/portalnpm.com\/index.php\/author\/genival\/"}]}},"jetpack_sharing_enabled":true,"jetpack_featured_media_url":"","_links":{"self":[{"href":"https:\/\/portalnpm.com\/index.php\/wp-json\/wp\/v2\/posts\/49114"}],"collection":[{"href":"https:\/\/portalnpm.com\/index.php\/wp-json\/wp\/v2\/posts"}],"about":[{"href":"https:\/\/portalnpm.com\/index.php\/wp-json\/wp\/v2\/types\/post"}],"author":[{"embeddable":true,"href":"https:\/\/portalnpm.com\/index.php\/wp-json\/wp\/v2\/users\/2"}],"replies":[{"embeddable":true,"href":"https:\/\/portalnpm.com\/index.php\/wp-json\/wp\/v2\/comments?post=49114"}],"version-history":[{"count":0,"href":"https:\/\/portalnpm.com\/index.php\/wp-json\/wp\/v2\/posts\/49114\/revisions"}],"wp:featuredmedia":[{"embeddable":true,"href":"https:\/\/portalnpm.com\/index.php\/wp-json\/"}],"wp:attachment":[{"href":"https:\/\/portalnpm.com\/index.php\/wp-json\/wp\/v2\/media?parent=49114"}],"wp:term":[{"taxonomy":"category","embeddable":true,"href":"https:\/\/portalnpm.com\/index.php\/wp-json\/wp\/v2\/categories?post=49114"},{"taxonomy":"post_tag","embeddable":true,"href":"https:\/\/portalnpm.com\/index.php\/wp-json\/wp\/v2\/tags?post=49114"}],"curies":[{"name":"wp","href":"https:\/\/api.w.org\/{rel}","templated":true}]}}