{"id":49140,"date":"2023-09-09T11:30:45","date_gmt":"2023-09-09T14:30:45","guid":{"rendered":"https:\/\/portalnpm.com\/?p=49140"},"modified":"2023-09-09T11:30:45","modified_gmt":"2023-09-09T14:30:45","slug":"pablo-santos-lidera-pesquisa-eleitoral-para-prefeitura-de-picos","status":"publish","type":"post","link":"https:\/\/portalnpm.com\/index.php\/2023\/09\/09\/pablo-santos-lidera-pesquisa-eleitoral-para-prefeitura-de-picos\/","title":{"rendered":"Pablo Santos lidera pesquisa eleitoral para Prefeitura de Picos"},"content":{"rendered":"<div id=\"audimaWidget\" class=\"checked\">\n<div id=\"audima-banner\" class=\"checked\" style=\"text-align: justify;\"><\/div>\n<\/div>\n<p style=\"text-align: justify;\">O deputado Pablo Santos (MDB) aparece com 57,77% das inten\u00e7\u00f5es de voto para a Prefeitura de Picos, em uma pesquisa estimulada realizada no munic\u00edpio pelo Instituto Datamax, entre os dias 25 a 28 de agosto de 2023. Neste cen\u00e1rio, o emedebista aparece na frente dos 23,09% alcan\u00e7ados pelo atual prefeito, Gil Paraibano (PP).<\/p>\n<p style=\"text-align: justify;\">\n<p style=\"text-align: justify;\">Atual secret\u00e1rio estadual de Turismo, Pablo Santos tamb\u00e9m lidera a pesquisa espont\u00e2nea feito pelo instituto. Quando perguntado em que votariam, caso as elei\u00e7\u00f5es municipais fossem hoje, o parlamentar \u00e9 lembrado por 18,10% dos entrevistados, que pontuaram a sa\u00fade como o principal problema da atual gest\u00e3o.<\/p>\n<p style=\"text-align: justify;\">A pesquisa ainda constatou que 13,23% dos entrevistados avaliam o saneamento b\u00e1sico e a gera\u00e7\u00e3o de emprego e renda como os principais problemas enfrentados na cidade. Al\u00e9m disso, mais de 70% das pessoas que responderam \u00e0 pesquisa afirmaram que n\u00e3o pretendem mudar seu voto no dia da elei\u00e7\u00e3o.<\/p>\n<p style=\"text-align: justify;\">J\u00e1 a gest\u00e3o do governador Rafael Fontelas (PT) foi avaliada positivamente por mais de 51% da popula\u00e7\u00e3o picoense. 14,62% dos entrevistados disseram que o petista faz um \u00f3timo governo, enquanto outros 36,77% disseram que ser um bom governo e 31,21% consideraram regular.<\/p>\n<p style=\"text-align: justify;\">A amostra contou com a participa\u00e7\u00e3o de 862 entrevistas, distribu\u00eddas nos Bairros: Centro, Aroeiras do Matadouro, Canto da V\u00e1rzea, Malva, Paroquial, Pantanal, Paraibinha, COHAB, Jardim Natal, Conduru, Pedrinhas, Junco, Parque de Exposi\u00e7\u00e3o, DNER, Catavento, Morro da AABB, Ipueiras, Umari, Macambira, Bomba, S\u00e3o Jos\u00e9, S\u00e3o Vicente, Morada do Sol, Morada Nova, Aerol\u00e2ndia, Belo Norte, Passagem das Pedras, Boa Vista, Cidade de Deus, Boa Sorte e Trizidela (S\u00e3o Sebasti\u00e3o). Al\u00e9m das localidades da regi\u00e3o como: F\u00e1tima do Piau\u00ed, Mirol\u00e2ndia, Torr\u00f5es, Morrinhos, Coroat\u00e1 e Val Para\u00edso, por cotas de sexo, idade, grau de instru\u00e7\u00e3o e renda em rela\u00e7\u00e3o ao eleitorado do munic\u00edpio, com margem de erro de 3,8% e n\u00edvel de confian\u00e7a de 95%.<\/p>\n<p style=\"text-align: justify;\">\n<p style=\"text-align: justify;\"><em><strong>Fonte: Cidade Verde\/Foto Capa Paula Monize Cidade Verde<\/strong><\/em><\/p>\n","protected":false},"excerpt":{"rendered":"<p>O deputado Pablo Santos (MDB) aparece com 57,77% das inten\u00e7\u00f5es de voto para a Prefeitura de Picos, em uma pesquisa estimulada realizada no munic\u00edpio pelo Instituto Datamax, entre os dias 25 a 28 de agosto de 2023. Neste cen\u00e1rio, o emedebista aparece na frente dos 23,09% alcan\u00e7ados pelo atual prefeito, Gil Paraibano (PP). Atual secret\u00e1rio &hellip;<\/p>\n","protected":false},"author":2,"featured_media":49141,"comment_status":"open","ping_status":"open","sticky":false,"template":"","format":"standard","meta":{"content-type":"","rop_custom_images_group":[],"rop_custom_messages_group":[],"rop_publish_now":"initial","rop_publish_now_accounts":{"facebook_2648258775420054_1618374048415101":""},"rop_publish_now_history":[],"rop_publish_now_status":"pending","footnotes":"","_jetpack_memberships_contains_paid_content":false},"categories":[109,127],"tags":[541,6927,2260,14660],"yoast_head":"<!-- This site is optimized with the Yoast SEO plugin v22.3 - https:\/\/yoast.com\/wordpress\/plugins\/seo\/ -->\n<title>Pablo Santos lidera pesquisa eleitoral para Prefeitura de Picos - Portal NPM<\/title>\n<meta name=\"robots\" content=\"index, follow, max-snippet:-1, max-image-preview:large, max-video-preview:-1\" \/>\n<link rel=\"canonical\" href=\"https:\/\/portalnpm.com\/index.php\/2023\/09\/09\/pablo-santos-lidera-pesquisa-eleitoral-para-prefeitura-de-picos\/\" \/>\n<meta property=\"og:locale\" content=\"pt_BR\" \/>\n<meta property=\"og:type\" content=\"article\" \/>\n<meta property=\"og:title\" content=\"Pablo Santos lidera pesquisa eleitoral para Prefeitura de Picos - Portal NPM\" \/>\n<meta property=\"og:description\" content=\"O deputado Pablo Santos (MDB) aparece com 57,77% das inten\u00e7\u00f5es de voto para a Prefeitura de Picos, em uma pesquisa estimulada realizada no munic\u00edpio pelo Instituto Datamax, entre os dias 25 a 28 de agosto de 2023. Neste cen\u00e1rio, o emedebista aparece na frente dos 23,09% alcan\u00e7ados pelo atual prefeito, Gil Paraibano (PP). Atual secret\u00e1rio &hellip;\" \/>\n<meta property=\"og:url\" content=\"https:\/\/portalnpm.com\/index.php\/2023\/09\/09\/pablo-santos-lidera-pesquisa-eleitoral-para-prefeitura-de-picos\/\" \/>\n<meta property=\"og:site_name\" content=\"Portal NPM\" \/>\n<meta property=\"article:published_time\" content=\"2023-09-09T14:30:45+00:00\" \/>\n<meta name=\"author\" content=\"Genival Barbosa\" \/>\n<meta name=\"twitter:card\" content=\"summary_large_image\" \/>\n<meta name=\"twitter:label1\" content=\"Escrito por\" \/>\n\t<meta name=\"twitter:data1\" content=\"Genival Barbosa\" \/>\n\t<meta name=\"twitter:label2\" content=\"Est. tempo de leitura\" \/>\n\t<meta name=\"twitter:data2\" content=\"2 minutos\" \/>\n<script type=\"application\/ld+json\" class=\"yoast-schema-graph\">{\"@context\":\"https:\/\/schema.org\",\"@graph\":[{\"@type\":\"WebPage\",\"@id\":\"https:\/\/portalnpm.com\/index.php\/2023\/09\/09\/pablo-santos-lidera-pesquisa-eleitoral-para-prefeitura-de-picos\/\",\"url\":\"https:\/\/portalnpm.com\/index.php\/2023\/09\/09\/pablo-santos-lidera-pesquisa-eleitoral-para-prefeitura-de-picos\/\",\"name\":\"Pablo Santos lidera pesquisa eleitoral para Prefeitura de Picos - Portal NPM\",\"isPartOf\":{\"@id\":\"https:\/\/portalnpm.com\/#website\"},\"primaryImageOfPage\":{\"@id\":\"https:\/\/portalnpm.com\/index.php\/2023\/09\/09\/pablo-santos-lidera-pesquisa-eleitoral-para-prefeitura-de-picos\/#primaryimage\"},\"image\":{\"@id\":\"https:\/\/portalnpm.com\/index.php\/2023\/09\/09\/pablo-santos-lidera-pesquisa-eleitoral-para-prefeitura-de-picos\/#primaryimage\"},\"thumbnailUrl\":\"\",\"datePublished\":\"2023-09-09T14:30:45+00:00\",\"dateModified\":\"2023-09-09T14:30:45+00:00\",\"author\":{\"@id\":\"https:\/\/portalnpm.com\/#\/schema\/person\/49313e563cfdefcc167f1ee4c017c294\"},\"breadcrumb\":{\"@id\":\"https:\/\/portalnpm.com\/index.php\/2023\/09\/09\/pablo-santos-lidera-pesquisa-eleitoral-para-prefeitura-de-picos\/#breadcrumb\"},\"inLanguage\":\"pt-BR\",\"potentialAction\":[{\"@type\":\"ReadAction\",\"target\":[\"https:\/\/portalnpm.com\/index.php\/2023\/09\/09\/pablo-santos-lidera-pesquisa-eleitoral-para-prefeitura-de-picos\/\"]}]},{\"@type\":\"ImageObject\",\"inLanguage\":\"pt-BR\",\"@id\":\"https:\/\/portalnpm.com\/index.php\/2023\/09\/09\/pablo-santos-lidera-pesquisa-eleitoral-para-prefeitura-de-picos\/#primaryimage\",\"url\":\"\",\"contentUrl\":\"\"},{\"@type\":\"BreadcrumbList\",\"@id\":\"https:\/\/portalnpm.com\/index.php\/2023\/09\/09\/pablo-santos-lidera-pesquisa-eleitoral-para-prefeitura-de-picos\/#breadcrumb\",\"itemListElement\":[{\"@type\":\"ListItem\",\"position\":1,\"name\":\"In\u00edcio\",\"item\":\"https:\/\/portalnpm.com\/\"},{\"@type\":\"ListItem\",\"position\":2,\"name\":\"Pablo Santos lidera pesquisa eleitoral para Prefeitura de Picos\"}]},{\"@type\":\"WebSite\",\"@id\":\"https:\/\/portalnpm.com\/#website\",\"url\":\"https:\/\/portalnpm.com\/\",\"name\":\"Portal NPM\",\"description\":\"Not\u00edcias em Primeira M\u00e3o\",\"potentialAction\":[{\"@type\":\"SearchAction\",\"target\":{\"@type\":\"EntryPoint\",\"urlTemplate\":\"https:\/\/portalnpm.com\/?s={search_term_string}\"},\"query-input\":\"required name=search_term_string\"}],\"inLanguage\":\"pt-BR\"},{\"@type\":\"Person\",\"@id\":\"https:\/\/portalnpm.com\/#\/schema\/person\/49313e563cfdefcc167f1ee4c017c294\",\"name\":\"Genival Barbosa\",\"image\":{\"@type\":\"ImageObject\",\"inLanguage\":\"pt-BR\",\"@id\":\"https:\/\/portalnpm.com\/#\/schema\/person\/image\/\",\"url\":\"https:\/\/portalnpm.com\/wp-content\/uploads\/2024\/02\/avatar_user_2_1707743258-96x96.jpeg\",\"contentUrl\":\"https:\/\/portalnpm.com\/wp-content\/uploads\/2024\/02\/avatar_user_2_1707743258-96x96.jpeg\",\"caption\":\"Genival Barbosa\"},\"url\":\"https:\/\/portalnpm.com\/index.php\/author\/genival\/\"}]}<\/script>\n<!-- \/ Yoast SEO plugin. -->","yoast_head_json":{"title":"Pablo Santos lidera pesquisa eleitoral para Prefeitura de Picos - Portal NPM","robots":{"index":"index","follow":"follow","max-snippet":"max-snippet:-1","max-image-preview":"max-image-preview:large","max-video-preview":"max-video-preview:-1"},"canonical":"https:\/\/portalnpm.com\/index.php\/2023\/09\/09\/pablo-santos-lidera-pesquisa-eleitoral-para-prefeitura-de-picos\/","og_locale":"pt_BR","og_type":"article","og_title":"Pablo Santos lidera pesquisa eleitoral para Prefeitura de Picos - Portal NPM","og_description":"O deputado Pablo Santos (MDB) aparece com 57,77% das inten\u00e7\u00f5es de voto para a Prefeitura de Picos, em uma pesquisa estimulada realizada no munic\u00edpio pelo Instituto Datamax, entre os dias 25 a 28 de agosto de 2023. Neste cen\u00e1rio, o emedebista aparece na frente dos 23,09% alcan\u00e7ados pelo atual prefeito, Gil Paraibano (PP). Atual secret\u00e1rio &hellip;","og_url":"https:\/\/portalnpm.com\/index.php\/2023\/09\/09\/pablo-santos-lidera-pesquisa-eleitoral-para-prefeitura-de-picos\/","og_site_name":"Portal NPM","article_published_time":"2023-09-09T14:30:45+00:00","author":"Genival Barbosa","twitter_card":"summary_large_image","twitter_misc":{"Escrito por":"Genival Barbosa","Est. tempo de leitura":"2 minutos"},"schema":{"@context":"https:\/\/schema.org","@graph":[{"@type":"WebPage","@id":"https:\/\/portalnpm.com\/index.php\/2023\/09\/09\/pablo-santos-lidera-pesquisa-eleitoral-para-prefeitura-de-picos\/","url":"https:\/\/portalnpm.com\/index.php\/2023\/09\/09\/pablo-santos-lidera-pesquisa-eleitoral-para-prefeitura-de-picos\/","name":"Pablo Santos lidera pesquisa eleitoral para Prefeitura de Picos - Portal NPM","isPartOf":{"@id":"https:\/\/portalnpm.com\/#website"},"primaryImageOfPage":{"@id":"https:\/\/portalnpm.com\/index.php\/2023\/09\/09\/pablo-santos-lidera-pesquisa-eleitoral-para-prefeitura-de-picos\/#primaryimage"},"image":{"@id":"https:\/\/portalnpm.com\/index.php\/2023\/09\/09\/pablo-santos-lidera-pesquisa-eleitoral-para-prefeitura-de-picos\/#primaryimage"},"thumbnailUrl":"","datePublished":"2023-09-09T14:30:45+00:00","dateModified":"2023-09-09T14:30:45+00:00","author":{"@id":"https:\/\/portalnpm.com\/#\/schema\/person\/49313e563cfdefcc167f1ee4c017c294"},"breadcrumb":{"@id":"https:\/\/portalnpm.com\/index.php\/2023\/09\/09\/pablo-santos-lidera-pesquisa-eleitoral-para-prefeitura-de-picos\/#breadcrumb"},"inLanguage":"pt-BR","potentialAction":[{"@type":"ReadAction","target":["https:\/\/portalnpm.com\/index.php\/2023\/09\/09\/pablo-santos-lidera-pesquisa-eleitoral-para-prefeitura-de-picos\/"]}]},{"@type":"ImageObject","inLanguage":"pt-BR","@id":"https:\/\/portalnpm.com\/index.php\/2023\/09\/09\/pablo-santos-lidera-pesquisa-eleitoral-para-prefeitura-de-picos\/#primaryimage","url":"","contentUrl":""},{"@type":"BreadcrumbList","@id":"https:\/\/portalnpm.com\/index.php\/2023\/09\/09\/pablo-santos-lidera-pesquisa-eleitoral-para-prefeitura-de-picos\/#breadcrumb","itemListElement":[{"@type":"ListItem","position":1,"name":"In\u00edcio","item":"https:\/\/portalnpm.com\/"},{"@type":"ListItem","position":2,"name":"Pablo Santos lidera pesquisa eleitoral para Prefeitura de Picos"}]},{"@type":"WebSite","@id":"https:\/\/portalnpm.com\/#website","url":"https:\/\/portalnpm.com\/","name":"Portal NPM","description":"Not\u00edcias em Primeira M\u00e3o","potentialAction":[{"@type":"SearchAction","target":{"@type":"EntryPoint","urlTemplate":"https:\/\/portalnpm.com\/?s={search_term_string}"},"query-input":"required name=search_term_string"}],"inLanguage":"pt-BR"},{"@type":"Person","@id":"https:\/\/portalnpm.com\/#\/schema\/person\/49313e563cfdefcc167f1ee4c017c294","name":"Genival Barbosa","image":{"@type":"ImageObject","inLanguage":"pt-BR","@id":"https:\/\/portalnpm.com\/#\/schema\/person\/image\/","url":"https:\/\/portalnpm.com\/wp-content\/uploads\/2024\/02\/avatar_user_2_1707743258-96x96.jpeg","contentUrl":"https:\/\/portalnpm.com\/wp-content\/uploads\/2024\/02\/avatar_user_2_1707743258-96x96.jpeg","caption":"Genival Barbosa"},"url":"https:\/\/portalnpm.com\/index.php\/author\/genival\/"}]}},"jetpack_sharing_enabled":true,"jetpack_featured_media_url":"","_links":{"self":[{"href":"https:\/\/portalnpm.com\/index.php\/wp-json\/wp\/v2\/posts\/49140"}],"collection":[{"href":"https:\/\/portalnpm.com\/index.php\/wp-json\/wp\/v2\/posts"}],"about":[{"href":"https:\/\/portalnpm.com\/index.php\/wp-json\/wp\/v2\/types\/post"}],"author":[{"embeddable":true,"href":"https:\/\/portalnpm.com\/index.php\/wp-json\/wp\/v2\/users\/2"}],"replies":[{"embeddable":true,"href":"https:\/\/portalnpm.com\/index.php\/wp-json\/wp\/v2\/comments?post=49140"}],"version-history":[{"count":0,"href":"https:\/\/portalnpm.com\/index.php\/wp-json\/wp\/v2\/posts\/49140\/revisions"}],"wp:featuredmedia":[{"embeddable":true,"href":"https:\/\/portalnpm.com\/index.php\/wp-json\/"}],"wp:attachment":[{"href":"https:\/\/portalnpm.com\/index.php\/wp-json\/wp\/v2\/media?parent=49140"}],"wp:term":[{"taxonomy":"category","embeddable":true,"href":"https:\/\/portalnpm.com\/index.php\/wp-json\/wp\/v2\/categories?post=49140"},{"taxonomy":"post_tag","embeddable":true,"href":"https:\/\/portalnpm.com\/index.php\/wp-json\/wp\/v2\/tags?post=49140"}],"curies":[{"name":"wp","href":"https:\/\/api.w.org\/{rel}","templated":true}]}}