{"id":49163,"date":"2023-09-10T21:43:53","date_gmt":"2023-09-11T00:43:53","guid":{"rendered":"https:\/\/portalnpm.com\/?p=49163"},"modified":"2023-09-10T21:43:53","modified_gmt":"2023-09-11T00:43:53","slug":"massape-vence-padre-marcos-por-3-x-1-em-placar-agregado-pela-ii-copa-amvi","status":"publish","type":"post","link":"https:\/\/portalnpm.com\/index.php\/2023\/09\/10\/massape-vence-padre-marcos-por-3-x-1-em-placar-agregado-pela-ii-copa-amvi\/","title":{"rendered":"Massap\u00ea vence Padre Marcos por 3 \u00d7 1 em placar agregado pela II Copa AMVI"},"content":{"rendered":"<div class=\"td_block_wrap tdb_single_featured_image tdi_113 tdb-content-horiz-left td-pb-border-top td_block_template_1\" data-td-block-uid=\"tdi_113\">\n<div class=\"tdb-block-inner td-fix-index\" style=\"text-align: justify;\"><\/div>\n<\/div>\n<div class=\"td_block_wrap tdb_single_content tdi_115 td-pb-border-top td_block_template_1 td-post-content tagdiv-type\" style=\"text-align: justify;\" data-td-block-uid=\"tdi_115\">\n<div class=\"tdb-block-inner td-fix-index\">\n<p>A II Copa AMVI proporcionou mais um emocionante confronto neste s\u00e1bado, 09 de setembro, quando Massap\u00ea enfrentou Padre Marcos em uma partida que foi marcada por reviravoltas e a\u00e7\u00e3o intensa em campo. Ap\u00f3s um empate de 1 \u00d7 1 no est\u00e1dio municipal de Massap\u00ea do Piau\u00ed no \u00faltimo domingo, 3 de setembro, a partida teve que ser encerrada ainda no primeiro tempo devido a problemas de seguran\u00e7a.<\/p>\n<p>No entanto, a comiss\u00e3o organizadora da competi\u00e7\u00e3o agiu rapidamente e remarcou o jogo para um campo neutro, o est\u00e1dio \u201cMalhad\u00e3o\u201d, em Bel\u00e9m do Piau\u00ed.<\/p>\n<p><img fetchpriority=\"high\" decoding=\"async\" class=\"alignnone wp-image-431372 size-full lazyloaded\" src=\"https:\/\/infonewss.com\/wp-content\/uploads\/2023\/09\/Massape-vence-Padre-Marcos-por-3-%C3%97-1-em-placar-agregado-pela-II-Copa-AMVI-IMG_1052.jpg\" sizes=\"(max-width: 900px) 100vw, 900px\" srcset=\"https:\/\/infonewss.com\/wp-content\/uploads\/2023\/09\/Massape-vence-Padre-Marcos-por-3-\u00d7-1-em-placar-agregado-pela-II-Copa-AMVI-IMG_1052.jpg 900w, https:\/\/infonewss.com\/wp-content\/uploads\/2023\/09\/Massape-vence-Padre-Marcos-por-3-\u00d7-1-em-placar-agregado-pela-II-Copa-AMVI-IMG_1052-300x200.jpg 300w, https:\/\/infonewss.com\/wp-content\/uploads\/2023\/09\/Massape-vence-Padre-Marcos-por-3-\u00d7-1-em-placar-agregado-pela-II-Copa-AMVI-IMG_1052-768x512.jpg 768w, https:\/\/infonewss.com\/wp-content\/uploads\/2023\/09\/Massape-vence-Padre-Marcos-por-3-\u00d7-1-em-placar-agregado-pela-II-Copa-AMVI-IMG_1052-150x100.jpg 150w, https:\/\/infonewss.com\/wp-content\/uploads\/2023\/09\/Massape-vence-Padre-Marcos-por-3-\u00d7-1-em-placar-agregado-pela-II-Copa-AMVI-IMG_1052-696x464.jpg 696w\" alt=\"\" width=\"900\" height=\"600\" data-srcset=\"https:\/\/infonewss.com\/wp-content\/uploads\/2023\/09\/Massape-vence-Padre-Marcos-por-3-\u00d7-1-em-placar-agregado-pela-II-Copa-AMVI-IMG_1052.jpg 900w, https:\/\/infonewss.com\/wp-content\/uploads\/2023\/09\/Massape-vence-Padre-Marcos-por-3-\u00d7-1-em-placar-agregado-pela-II-Copa-AMVI-IMG_1052-300x200.jpg 300w, https:\/\/infonewss.com\/wp-content\/uploads\/2023\/09\/Massape-vence-Padre-Marcos-por-3-\u00d7-1-em-placar-agregado-pela-II-Copa-AMVI-IMG_1052-768x512.jpg 768w, https:\/\/infonewss.com\/wp-content\/uploads\/2023\/09\/Massape-vence-Padre-Marcos-por-3-\u00d7-1-em-placar-agregado-pela-II-Copa-AMVI-IMG_1052-150x100.jpg 150w, https:\/\/infonewss.com\/wp-content\/uploads\/2023\/09\/Massape-vence-Padre-Marcos-por-3-\u00d7-1-em-placar-agregado-pela-II-Copa-AMVI-IMG_1052-696x464.jpg 696w\" data-src=\"https:\/\/infonewss.com\/wp-content\/uploads\/2023\/09\/Massape-vence-Padre-Marcos-por-3-\u00d7-1-em-placar-agregado-pela-II-Copa-AMVI-IMG_1052.jpg\" data-sizes=\"(max-width: 900px) 100vw, 900px\" \/><\/p>\n<p>Com a determina\u00e7\u00e3o de retomar a partida e definir um vencedor, o confronto aconteceu com port\u00f5es fechados, uma decis\u00e3o tomada como puni\u00e7\u00e3o para ambas as sele\u00e7\u00f5es. Os torcedores ficaram ansiosos para ver como as equipes se sairiam na segunda etapa deste emocionante embate.<\/p>\n<p><strong>Resumo do Jogo:<\/strong><\/p>\n<p>A primeira etapa da partida em Massap\u00ea do Piau\u00ed terminou empatada por 1 \u00d7 1 no placar, mantendo todos na expectativa para a segunda metade do jogo. Logo no in\u00edcio do jogo em Bel\u00e9m, a sele\u00e7\u00e3o de Massap\u00ea mostrou determina\u00e7\u00e3o e marcou com o meio-campista Zez\u00e3o, demonstrando sua determina\u00e7\u00e3o em buscar a vit\u00f3ria. N\u00e3o demorou muito para que Massap\u00ea ampliasse sua vantagem, com menos de 20 minutos jogados, o atacante Katriel deixou sua marca nas redes advers\u00e1rias.<\/p>\n<div id=\"gallery-1\" class=\"gallery galleryid-431305 gallery-columns-1 gallery-size-full\">\n<figure class=\"gallery-item\">\n<div class=\"gallery-icon landscape\"><a href=\"https:\/\/infonewss.com\/wp-content\/uploads\/2023\/09\/Massape-vence-Padre-Marcos-por-3-%C3%97-1-em-placar-agregado-pela-II-Copa-AMVI-IMG_0645.jpg\"><img decoding=\"async\" class=\"attachment-full size-full ls-is-cached lazyloaded\" src=\"https:\/\/infonewss.com\/wp-content\/uploads\/2023\/09\/Massape-vence-Padre-Marcos-por-3-%C3%97-1-em-placar-agregado-pela-II-Copa-AMVI-IMG_0645.jpg\" sizes=\"(max-width: 900px) 100vw, 900px\" srcset=\"https:\/\/infonewss.com\/wp-content\/uploads\/2023\/09\/Massape-vence-Padre-Marcos-por-3-\u00d7-1-em-placar-agregado-pela-II-Copa-AMVI-IMG_0645.jpg 900w, https:\/\/infonewss.com\/wp-content\/uploads\/2023\/09\/Massape-vence-Padre-Marcos-por-3-\u00d7-1-em-placar-agregado-pela-II-Copa-AMVI-IMG_0645-300x200.jpg 300w, https:\/\/infonewss.com\/wp-content\/uploads\/2023\/09\/Massape-vence-Padre-Marcos-por-3-\u00d7-1-em-placar-agregado-pela-II-Copa-AMVI-IMG_0645-768x512.jpg 768w, https:\/\/infonewss.com\/wp-content\/uploads\/2023\/09\/Massape-vence-Padre-Marcos-por-3-\u00d7-1-em-placar-agregado-pela-II-Copa-AMVI-IMG_0645-150x100.jpg 150w, https:\/\/infonewss.com\/wp-content\/uploads\/2023\/09\/Massape-vence-Padre-Marcos-por-3-\u00d7-1-em-placar-agregado-pela-II-Copa-AMVI-IMG_0645-696x464.jpg 696w\" alt=\"\" width=\"900\" height=\"600\" data-srcset=\"https:\/\/infonewss.com\/wp-content\/uploads\/2023\/09\/Massape-vence-Padre-Marcos-por-3-\u00d7-1-em-placar-agregado-pela-II-Copa-AMVI-IMG_0645.jpg 900w, https:\/\/infonewss.com\/wp-content\/uploads\/2023\/09\/Massape-vence-Padre-Marcos-por-3-\u00d7-1-em-placar-agregado-pela-II-Copa-AMVI-IMG_0645-300x200.jpg 300w, https:\/\/infonewss.com\/wp-content\/uploads\/2023\/09\/Massape-vence-Padre-Marcos-por-3-\u00d7-1-em-placar-agregado-pela-II-Copa-AMVI-IMG_0645-768x512.jpg 768w, https:\/\/infonewss.com\/wp-content\/uploads\/2023\/09\/Massape-vence-Padre-Marcos-por-3-\u00d7-1-em-placar-agregado-pela-II-Copa-AMVI-IMG_0645-150x100.jpg 150w, https:\/\/infonewss.com\/wp-content\/uploads\/2023\/09\/Massape-vence-Padre-Marcos-por-3-\u00d7-1-em-placar-agregado-pela-II-Copa-AMVI-IMG_0645-696x464.jpg 696w\" data-src=\"https:\/\/infonewss.com\/wp-content\/uploads\/2023\/09\/Massape-vence-Padre-Marcos-por-3-\u00d7-1-em-placar-agregado-pela-II-Copa-AMVI-IMG_0645.jpg\" data-sizes=\"(max-width: 900px) 100vw, 900px\" \/><\/a><\/div>\n<\/figure>\n<\/div>\n<p>A sele\u00e7\u00e3o de Padre Marcos correu atr\u00e1s do preju\u00edzo, mas o tempo foi curto para buscar o empate, e a partida terminou com uma vit\u00f3ria por 2 \u00d7 0 para Massap\u00ea na segunda etapa, totalizando 3 \u00d7 1 no agregado.<\/p>\n<p><img decoding=\"async\" class=\"alignnone wp-image-431415 size-full ls-is-cached lazyloaded\" src=\"https:\/\/infonewss.com\/wp-content\/uploads\/2023\/09\/Massape-vence-Padre-Marcos-por-3-%C3%97-1-em-placar-agregado-pela-II-Copa-AMVI-IMG_1131.jpg\" sizes=\"(max-width: 900px) 100vw, 900px\" srcset=\"https:\/\/infonewss.com\/wp-content\/uploads\/2023\/09\/Massape-vence-Padre-Marcos-por-3-\u00d7-1-em-placar-agregado-pela-II-Copa-AMVI-IMG_1131.jpg 900w, https:\/\/infonewss.com\/wp-content\/uploads\/2023\/09\/Massape-vence-Padre-Marcos-por-3-\u00d7-1-em-placar-agregado-pela-II-Copa-AMVI-IMG_1131-300x200.jpg 300w, https:\/\/infonewss.com\/wp-content\/uploads\/2023\/09\/Massape-vence-Padre-Marcos-por-3-\u00d7-1-em-placar-agregado-pela-II-Copa-AMVI-IMG_1131-768x512.jpg 768w, https:\/\/infonewss.com\/wp-content\/uploads\/2023\/09\/Massape-vence-Padre-Marcos-por-3-\u00d7-1-em-placar-agregado-pela-II-Copa-AMVI-IMG_1131-150x100.jpg 150w, https:\/\/infonewss.com\/wp-content\/uploads\/2023\/09\/Massape-vence-Padre-Marcos-por-3-\u00d7-1-em-placar-agregado-pela-II-Copa-AMVI-IMG_1131-696x464.jpg 696w\" alt=\"\" width=\"900\" height=\"600\" data-srcset=\"https:\/\/infonewss.com\/wp-content\/uploads\/2023\/09\/Massape-vence-Padre-Marcos-por-3-\u00d7-1-em-placar-agregado-pela-II-Copa-AMVI-IMG_1131.jpg 900w, https:\/\/infonewss.com\/wp-content\/uploads\/2023\/09\/Massape-vence-Padre-Marcos-por-3-\u00d7-1-em-placar-agregado-pela-II-Copa-AMVI-IMG_1131-300x200.jpg 300w, https:\/\/infonewss.com\/wp-content\/uploads\/2023\/09\/Massape-vence-Padre-Marcos-por-3-\u00d7-1-em-placar-agregado-pela-II-Copa-AMVI-IMG_1131-768x512.jpg 768w, https:\/\/infonewss.com\/wp-content\/uploads\/2023\/09\/Massape-vence-Padre-Marcos-por-3-\u00d7-1-em-placar-agregado-pela-II-Copa-AMVI-IMG_1131-150x100.jpg 150w, https:\/\/infonewss.com\/wp-content\/uploads\/2023\/09\/Massape-vence-Padre-Marcos-por-3-\u00d7-1-em-placar-agregado-pela-II-Copa-AMVI-IMG_1131-696x464.jpg 696w\" data-src=\"https:\/\/infonewss.com\/wp-content\/uploads\/2023\/09\/Massape-vence-Padre-Marcos-por-3-\u00d7-1-em-placar-agregado-pela-II-Copa-AMVI-IMG_1131.jpg\" data-sizes=\"(max-width: 900px) 100vw, 900px\" \/><\/p>\n<p><strong>Resultado e Classifica\u00e7\u00e3o:<\/strong><\/p>\n<p>Com esse resultado, a sele\u00e7\u00e3o de Jaic\u00f3s continua liderando o Grupo B, somando 8 pontos. Logo atr\u00e1s, Padre Marcos e Massap\u00ea dividem a segunda e terceira coloca\u00e7\u00f5es, ambas com 7 pontos acumulados at\u00e9 o momento. Bel\u00e9m aparece em quarto lugar com 5 pontos.<\/p>\n<p><strong>Pr\u00f3ximos Confrontos:<\/strong><\/p>\n<p>Os pr\u00f3ximos jogos prometem ainda mais emo\u00e7\u00e3o para os f\u00e3s de futebol na regi\u00e3o. A sele\u00e7\u00e3o de Massap\u00ea viajar\u00e1 at\u00e9 Bel\u00e9m para enfrentar a sele\u00e7\u00e3o local, enquanto Padre Marcos receber\u00e1 Jaic\u00f3s em casa. Os resultados desses jogos t\u00eam o potencial de definir o rumo da competi\u00e7\u00e3o e a classifica\u00e7\u00e3o para a pr\u00f3xima fase.<\/p>\n<p><strong>Mais fotos;<\/strong><\/p>\n<div id=\"gallery-2\" class=\"gallery galleryid-431305 gallery-columns-2 gallery-size-medium\">\n<figure class=\"gallery-item\">\n<div class=\"gallery-icon landscape\"><a href=\"https:\/\/infonewss.com\/wp-content\/uploads\/2023\/09\/Massape-vence-Padre-Marcos-por-3-%C3%97-1-em-placar-agregado-pela-II-Copa-AMVI-IMG_0909.jpg\"><img loading=\"lazy\" decoding=\"async\" class=\"attachment-medium size-medium ls-is-cached lazyloaded\" src=\"https:\/\/infonewss.com\/wp-content\/uploads\/2023\/09\/Massape-vence-Padre-Marcos-por-3-%C3%97-1-em-placar-agregado-pela-II-Copa-AMVI-IMG_0909-300x200.jpg\" sizes=\"(max-width: 300px) 100vw, 300px\" srcset=\"https:\/\/infonewss.com\/wp-content\/uploads\/2023\/09\/Massape-vence-Padre-Marcos-por-3-\u00d7-1-em-placar-agregado-pela-II-Copa-AMVI-IMG_0909-300x200.jpg 300w, https:\/\/infonewss.com\/wp-content\/uploads\/2023\/09\/Massape-vence-Padre-Marcos-por-3-\u00d7-1-em-placar-agregado-pela-II-Copa-AMVI-IMG_0909-768x512.jpg 768w, https:\/\/infonewss.com\/wp-content\/uploads\/2023\/09\/Massape-vence-Padre-Marcos-por-3-\u00d7-1-em-placar-agregado-pela-II-Copa-AMVI-IMG_0909-150x100.jpg 150w, https:\/\/infonewss.com\/wp-content\/uploads\/2023\/09\/Massape-vence-Padre-Marcos-por-3-\u00d7-1-em-placar-agregado-pela-II-Copa-AMVI-IMG_0909-696x464.jpg 696w, https:\/\/infonewss.com\/wp-content\/uploads\/2023\/09\/Massape-vence-Padre-Marcos-por-3-\u00d7-1-em-placar-agregado-pela-II-Copa-AMVI-IMG_0909.jpg 900w\" alt=\"\" width=\"300\" height=\"200\" data-srcset=\"https:\/\/infonewss.com\/wp-content\/uploads\/2023\/09\/Massape-vence-Padre-Marcos-por-3-\u00d7-1-em-placar-agregado-pela-II-Copa-AMVI-IMG_0909-300x200.jpg 300w, https:\/\/infonewss.com\/wp-content\/uploads\/2023\/09\/Massape-vence-Padre-Marcos-por-3-\u00d7-1-em-placar-agregado-pela-II-Copa-AMVI-IMG_0909-768x512.jpg 768w, https:\/\/infonewss.com\/wp-content\/uploads\/2023\/09\/Massape-vence-Padre-Marcos-por-3-\u00d7-1-em-placar-agregado-pela-II-Copa-AMVI-IMG_0909-150x100.jpg 150w, https:\/\/infonewss.com\/wp-content\/uploads\/2023\/09\/Massape-vence-Padre-Marcos-por-3-\u00d7-1-em-placar-agregado-pela-II-Copa-AMVI-IMG_0909-696x464.jpg 696w, https:\/\/infonewss.com\/wp-content\/uploads\/2023\/09\/Massape-vence-Padre-Marcos-por-3-\u00d7-1-em-placar-agregado-pela-II-Copa-AMVI-IMG_0909.jpg 900w\" data-src=\"https:\/\/infonewss.com\/wp-content\/uploads\/2023\/09\/Massape-vence-Padre-Marcos-por-3-\u00d7-1-em-placar-agregado-pela-II-Copa-AMVI-IMG_0909-300x200.jpg\" data-sizes=\"(max-width: 300px) 100vw, 300px\" \/><\/a><\/div>\n<\/figure>\n<figure class=\"gallery-item\">\n<div class=\"gallery-icon landscape\"><a href=\"https:\/\/infonewss.com\/wp-content\/uploads\/2023\/09\/Massape-vence-Padre-Marcos-por-3-%C3%97-1-em-placar-agregado-pela-II-Copa-AMVI-IMG_0910.jpg\"><img loading=\"lazy\" decoding=\"async\" class=\"attachment-medium size-medium lazyloaded\" src=\"https:\/\/infonewss.com\/wp-content\/uploads\/2023\/09\/Massape-vence-Padre-Marcos-por-3-%C3%97-1-em-placar-agregado-pela-II-Copa-AMVI-IMG_0910-300x200.jpg\" sizes=\"(max-width: 300px) 100vw, 300px\" srcset=\"https:\/\/infonewss.com\/wp-content\/uploads\/2023\/09\/Massape-vence-Padre-Marcos-por-3-\u00d7-1-em-placar-agregado-pela-II-Copa-AMVI-IMG_0910-300x200.jpg 300w, https:\/\/infonewss.com\/wp-content\/uploads\/2023\/09\/Massape-vence-Padre-Marcos-por-3-\u00d7-1-em-placar-agregado-pela-II-Copa-AMVI-IMG_0910-768x512.jpg 768w, https:\/\/infonewss.com\/wp-content\/uploads\/2023\/09\/Massape-vence-Padre-Marcos-por-3-\u00d7-1-em-placar-agregado-pela-II-Copa-AMVI-IMG_0910-150x100.jpg 150w, https:\/\/infonewss.com\/wp-content\/uploads\/2023\/09\/Massape-vence-Padre-Marcos-por-3-\u00d7-1-em-placar-agregado-pela-II-Copa-AMVI-IMG_0910-696x464.jpg 696w, https:\/\/infonewss.com\/wp-content\/uploads\/2023\/09\/Massape-vence-Padre-Marcos-por-3-\u00d7-1-em-placar-agregado-pela-II-Copa-AMVI-IMG_0910.jpg 900w\" alt=\"\" width=\"300\" height=\"200\" data-srcset=\"https:\/\/infonewss.com\/wp-content\/uploads\/2023\/09\/Massape-vence-Padre-Marcos-por-3-\u00d7-1-em-placar-agregado-pela-II-Copa-AMVI-IMG_0910-300x200.jpg 300w, https:\/\/infonewss.com\/wp-content\/uploads\/2023\/09\/Massape-vence-Padre-Marcos-por-3-\u00d7-1-em-placar-agregado-pela-II-Copa-AMVI-IMG_0910-768x512.jpg 768w, https:\/\/infonewss.com\/wp-content\/uploads\/2023\/09\/Massape-vence-Padre-Marcos-por-3-\u00d7-1-em-placar-agregado-pela-II-Copa-AMVI-IMG_0910-150x100.jpg 150w, https:\/\/infonewss.com\/wp-content\/uploads\/2023\/09\/Massape-vence-Padre-Marcos-por-3-\u00d7-1-em-placar-agregado-pela-II-Copa-AMVI-IMG_0910-696x464.jpg 696w, https:\/\/infonewss.com\/wp-content\/uploads\/2023\/09\/Massape-vence-Padre-Marcos-por-3-\u00d7-1-em-placar-agregado-pela-II-Copa-AMVI-IMG_0910.jpg 900w\" data-src=\"https:\/\/infonewss.com\/wp-content\/uploads\/2023\/09\/Massape-vence-Padre-Marcos-por-3-\u00d7-1-em-placar-agregado-pela-II-Copa-AMVI-IMG_0910-300x200.jpg\" data-sizes=\"(max-width: 300px) 100vw, 300px\" \/><\/a><\/div>\n<\/figure>\n<figure class=\"gallery-item\">\n<div class=\"gallery-icon landscape\"><a href=\"https:\/\/infonewss.com\/wp-content\/uploads\/2023\/09\/Massape-vence-Padre-Marcos-por-3-%C3%97-1-em-placar-agregado-pela-II-Copa-AMVI-IMG_0913.jpg\"><img loading=\"lazy\" decoding=\"async\" class=\"attachment-medium size-medium lazyloaded\" src=\"https:\/\/infonewss.com\/wp-content\/uploads\/2023\/09\/Massape-vence-Padre-Marcos-por-3-%C3%97-1-em-placar-agregado-pela-II-Copa-AMVI-IMG_0913-300x200.jpg\" sizes=\"(max-width: 300px) 100vw, 300px\" srcset=\"https:\/\/infonewss.com\/wp-content\/uploads\/2023\/09\/Massape-vence-Padre-Marcos-por-3-\u00d7-1-em-placar-agregado-pela-II-Copa-AMVI-IMG_0913-300x200.jpg 300w, https:\/\/infonewss.com\/wp-content\/uploads\/2023\/09\/Massape-vence-Padre-Marcos-por-3-\u00d7-1-em-placar-agregado-pela-II-Copa-AMVI-IMG_0913-768x512.jpg 768w, https:\/\/infonewss.com\/wp-content\/uploads\/2023\/09\/Massape-vence-Padre-Marcos-por-3-\u00d7-1-em-placar-agregado-pela-II-Copa-AMVI-IMG_0913-150x100.jpg 150w, https:\/\/infonewss.com\/wp-content\/uploads\/2023\/09\/Massape-vence-Padre-Marcos-por-3-\u00d7-1-em-placar-agregado-pela-II-Copa-AMVI-IMG_0913-696x464.jpg 696w, https:\/\/infonewss.com\/wp-content\/uploads\/2023\/09\/Massape-vence-Padre-Marcos-por-3-\u00d7-1-em-placar-agregado-pela-II-Copa-AMVI-IMG_0913.jpg 900w\" alt=\"\" width=\"300\" height=\"200\" data-srcset=\"https:\/\/infonewss.com\/wp-content\/uploads\/2023\/09\/Massape-vence-Padre-Marcos-por-3-\u00d7-1-em-placar-agregado-pela-II-Copa-AMVI-IMG_0913-300x200.jpg 300w, https:\/\/infonewss.com\/wp-content\/uploads\/2023\/09\/Massape-vence-Padre-Marcos-por-3-\u00d7-1-em-placar-agregado-pela-II-Copa-AMVI-IMG_0913-768x512.jpg 768w, https:\/\/infonewss.com\/wp-content\/uploads\/2023\/09\/Massape-vence-Padre-Marcos-por-3-\u00d7-1-em-placar-agregado-pela-II-Copa-AMVI-IMG_0913-150x100.jpg 150w, https:\/\/infonewss.com\/wp-content\/uploads\/2023\/09\/Massape-vence-Padre-Marcos-por-3-\u00d7-1-em-placar-agregado-pela-II-Copa-AMVI-IMG_0913-696x464.jpg 696w, https:\/\/infonewss.com\/wp-content\/uploads\/2023\/09\/Massape-vence-Padre-Marcos-por-3-\u00d7-1-em-placar-agregado-pela-II-Copa-AMVI-IMG_0913.jpg 900w\" data-src=\"https:\/\/infonewss.com\/wp-content\/uploads\/2023\/09\/Massape-vence-Padre-Marcos-por-3-\u00d7-1-em-placar-agregado-pela-II-Copa-AMVI-IMG_0913-300x200.jpg\" data-sizes=\"(max-width: 300px) 100vw, 300px\" \/><\/a><\/div>\n<\/figure>\n<figure class=\"gallery-item\">\n<div class=\"gallery-icon landscape\"><a href=\"https:\/\/infonewss.com\/wp-content\/uploads\/2023\/09\/Massape-vence-Padre-Marcos-por-3-%C3%97-1-em-placar-agregado-pela-II-Copa-AMVI-IMG_0918.jpg\"><img loading=\"lazy\" decoding=\"async\" class=\"attachment-medium size-medium lazyloaded\" src=\"https:\/\/infonewss.com\/wp-content\/uploads\/2023\/09\/Massape-vence-Padre-Marcos-por-3-%C3%97-1-em-placar-agregado-pela-II-Copa-AMVI-IMG_0918-300x200.jpg\" sizes=\"(max-width: 300px) 100vw, 300px\" srcset=\"https:\/\/infonewss.com\/wp-content\/uploads\/2023\/09\/Massape-vence-Padre-Marcos-por-3-\u00d7-1-em-placar-agregado-pela-II-Copa-AMVI-IMG_0918-300x200.jpg 300w, https:\/\/infonewss.com\/wp-content\/uploads\/2023\/09\/Massape-vence-Padre-Marcos-por-3-\u00d7-1-em-placar-agregado-pela-II-Copa-AMVI-IMG_0918-768x512.jpg 768w, https:\/\/infonewss.com\/wp-content\/uploads\/2023\/09\/Massape-vence-Padre-Marcos-por-3-\u00d7-1-em-placar-agregado-pela-II-Copa-AMVI-IMG_0918-150x100.jpg 150w, https:\/\/infonewss.com\/wp-content\/uploads\/2023\/09\/Massape-vence-Padre-Marcos-por-3-\u00d7-1-em-placar-agregado-pela-II-Copa-AMVI-IMG_0918-696x464.jpg 696w, https:\/\/infonewss.com\/wp-content\/uploads\/2023\/09\/Massape-vence-Padre-Marcos-por-3-\u00d7-1-em-placar-agregado-pela-II-Copa-AMVI-IMG_0918.jpg 900w\" alt=\"\" width=\"300\" height=\"200\" data-srcset=\"https:\/\/infonewss.com\/wp-content\/uploads\/2023\/09\/Massape-vence-Padre-Marcos-por-3-\u00d7-1-em-placar-agregado-pela-II-Copa-AMVI-IMG_0918-300x200.jpg 300w, https:\/\/infonewss.com\/wp-content\/uploads\/2023\/09\/Massape-vence-Padre-Marcos-por-3-\u00d7-1-em-placar-agregado-pela-II-Copa-AMVI-IMG_0918-768x512.jpg 768w, https:\/\/infonewss.com\/wp-content\/uploads\/2023\/09\/Massape-vence-Padre-Marcos-por-3-\u00d7-1-em-placar-agregado-pela-II-Copa-AMVI-IMG_0918-150x100.jpg 150w, https:\/\/infonewss.com\/wp-content\/uploads\/2023\/09\/Massape-vence-Padre-Marcos-por-3-\u00d7-1-em-placar-agregado-pela-II-Copa-AMVI-IMG_0918-696x464.jpg 696w, https:\/\/infonewss.com\/wp-content\/uploads\/2023\/09\/Massape-vence-Padre-Marcos-por-3-\u00d7-1-em-placar-agregado-pela-II-Copa-AMVI-IMG_0918.jpg 900w\" data-src=\"https:\/\/infonewss.com\/wp-content\/uploads\/2023\/09\/Massape-vence-Padre-Marcos-por-3-\u00d7-1-em-placar-agregado-pela-II-Copa-AMVI-IMG_0918-300x200.jpg\" data-sizes=\"(max-width: 300px) 100vw, 300px\" \/><\/a><\/div>\n<\/figure>\n<figure class=\"gallery-item\">\n<div class=\"gallery-icon landscape\"><a href=\"https:\/\/infonewss.com\/wp-content\/uploads\/2023\/09\/Massape-vence-Padre-Marcos-por-3-%C3%97-1-em-placar-agregado-pela-II-Copa-AMVI-IMG_0925.jpg\"><img loading=\"lazy\" decoding=\"async\" class=\"attachment-medium size-medium lazyloaded\" src=\"https:\/\/infonewss.com\/wp-content\/uploads\/2023\/09\/Massape-vence-Padre-Marcos-por-3-%C3%97-1-em-placar-agregado-pela-II-Copa-AMVI-IMG_0925-300x200.jpg\" sizes=\"(max-width: 300px) 100vw, 300px\" srcset=\"https:\/\/infonewss.com\/wp-content\/uploads\/2023\/09\/Massape-vence-Padre-Marcos-por-3-\u00d7-1-em-placar-agregado-pela-II-Copa-AMVI-IMG_0925-300x200.jpg 300w, https:\/\/infonewss.com\/wp-content\/uploads\/2023\/09\/Massape-vence-Padre-Marcos-por-3-\u00d7-1-em-placar-agregado-pela-II-Copa-AMVI-IMG_0925-768x512.jpg 768w, https:\/\/infonewss.com\/wp-content\/uploads\/2023\/09\/Massape-vence-Padre-Marcos-por-3-\u00d7-1-em-placar-agregado-pela-II-Copa-AMVI-IMG_0925-150x100.jpg 150w, https:\/\/infonewss.com\/wp-content\/uploads\/2023\/09\/Massape-vence-Padre-Marcos-por-3-\u00d7-1-em-placar-agregado-pela-II-Copa-AMVI-IMG_0925-696x464.jpg 696w, https:\/\/infonewss.com\/wp-content\/uploads\/2023\/09\/Massape-vence-Padre-Marcos-por-3-\u00d7-1-em-placar-agregado-pela-II-Copa-AMVI-IMG_0925.jpg 900w\" alt=\"\" width=\"300\" height=\"200\" data-srcset=\"https:\/\/infonewss.com\/wp-content\/uploads\/2023\/09\/Massape-vence-Padre-Marcos-por-3-\u00d7-1-em-placar-agregado-pela-II-Copa-AMVI-IMG_0925-300x200.jpg 300w, https:\/\/infonewss.com\/wp-content\/uploads\/2023\/09\/Massape-vence-Padre-Marcos-por-3-\u00d7-1-em-placar-agregado-pela-II-Copa-AMVI-IMG_0925-768x512.jpg 768w, https:\/\/infonewss.com\/wp-content\/uploads\/2023\/09\/Massape-vence-Padre-Marcos-por-3-\u00d7-1-em-placar-agregado-pela-II-Copa-AMVI-IMG_0925-150x100.jpg 150w, https:\/\/infonewss.com\/wp-content\/uploads\/2023\/09\/Massape-vence-Padre-Marcos-por-3-\u00d7-1-em-placar-agregado-pela-II-Copa-AMVI-IMG_0925-696x464.jpg 696w, https:\/\/infonewss.com\/wp-content\/uploads\/2023\/09\/Massape-vence-Padre-Marcos-por-3-\u00d7-1-em-placar-agregado-pela-II-Copa-AMVI-IMG_0925.jpg 900w\" data-src=\"https:\/\/infonewss.com\/wp-content\/uploads\/2023\/09\/Massape-vence-Padre-Marcos-por-3-\u00d7-1-em-placar-agregado-pela-II-Copa-AMVI-IMG_0925-300x200.jpg\" data-sizes=\"(max-width: 300px) 100vw, 300px\" \/><\/a><\/div>\n<\/figure>\n<figure class=\"gallery-item\">\n<div class=\"gallery-icon portrait\"><a href=\"https:\/\/infonewss.com\/wp-content\/uploads\/2023\/09\/Massape-vence-Padre-Marcos-por-3-%C3%97-1-em-placar-agregado-pela-II-Copa-AMVI-IMG_0927.jpg\"><img loading=\"lazy\" decoding=\"async\" class=\"attachment-medium size-medium lazyloaded\" src=\"https:\/\/infonewss.com\/wp-content\/uploads\/2023\/09\/Massape-vence-Padre-Marcos-por-3-%C3%97-1-em-placar-agregado-pela-II-Copa-AMVI-IMG_0927-200x300.jpg\" sizes=\"(max-width: 200px) 100vw, 200px\" srcset=\"https:\/\/infonewss.com\/wp-content\/uploads\/2023\/09\/Massape-vence-Padre-Marcos-por-3-\u00d7-1-em-placar-agregado-pela-II-Copa-AMVI-IMG_0927-200x300.jpg 200w, https:\/\/infonewss.com\/wp-content\/uploads\/2023\/09\/Massape-vence-Padre-Marcos-por-3-\u00d7-1-em-placar-agregado-pela-II-Copa-AMVI-IMG_0927-683x1024.jpg 683w, https:\/\/infonewss.com\/wp-content\/uploads\/2023\/09\/Massape-vence-Padre-Marcos-por-3-\u00d7-1-em-placar-agregado-pela-II-Copa-AMVI-IMG_0927-768x1152.jpg 768w, https:\/\/infonewss.com\/wp-content\/uploads\/2023\/09\/Massape-vence-Padre-Marcos-por-3-\u00d7-1-em-placar-agregado-pela-II-Copa-AMVI-IMG_0927-150x225.jpg 150w, https:\/\/infonewss.com\/wp-content\/uploads\/2023\/09\/Massape-vence-Padre-Marcos-por-3-\u00d7-1-em-placar-agregado-pela-II-Copa-AMVI-IMG_0927-300x450.jpg 300w, https:\/\/infonewss.com\/wp-content\/uploads\/2023\/09\/Massape-vence-Padre-Marcos-por-3-\u00d7-1-em-placar-agregado-pela-II-Copa-AMVI-IMG_0927-696x1044.jpg 696w, https:\/\/infonewss.com\/wp-content\/uploads\/2023\/09\/Massape-vence-Padre-Marcos-por-3-\u00d7-1-em-placar-agregado-pela-II-Copa-AMVI-IMG_0927.jpg 900w\" alt=\"\" width=\"200\" height=\"300\" data-srcset=\"https:\/\/infonewss.com\/wp-content\/uploads\/2023\/09\/Massape-vence-Padre-Marcos-por-3-\u00d7-1-em-placar-agregado-pela-II-Copa-AMVI-IMG_0927-200x300.jpg 200w, https:\/\/infonewss.com\/wp-content\/uploads\/2023\/09\/Massape-vence-Padre-Marcos-por-3-\u00d7-1-em-placar-agregado-pela-II-Copa-AMVI-IMG_0927-683x1024.jpg 683w, https:\/\/infonewss.com\/wp-content\/uploads\/2023\/09\/Massape-vence-Padre-Marcos-por-3-\u00d7-1-em-placar-agregado-pela-II-Copa-AMVI-IMG_0927-768x1152.jpg 768w, https:\/\/infonewss.com\/wp-content\/uploads\/2023\/09\/Massape-vence-Padre-Marcos-por-3-\u00d7-1-em-placar-agregado-pela-II-Copa-AMVI-IMG_0927-150x225.jpg 150w, https:\/\/infonewss.com\/wp-content\/uploads\/2023\/09\/Massape-vence-Padre-Marcos-por-3-\u00d7-1-em-placar-agregado-pela-II-Copa-AMVI-IMG_0927-300x450.jpg 300w, https:\/\/infonewss.com\/wp-content\/uploads\/2023\/09\/Massape-vence-Padre-Marcos-por-3-\u00d7-1-em-placar-agregado-pela-II-Copa-AMVI-IMG_0927-696x1044.jpg 696w, https:\/\/infonewss.com\/wp-content\/uploads\/2023\/09\/Massape-vence-Padre-Marcos-por-3-\u00d7-1-em-placar-agregado-pela-II-Copa-AMVI-IMG_0927.jpg 900w\" data-src=\"https:\/\/infonewss.com\/wp-content\/uploads\/2023\/09\/Massape-vence-Padre-Marcos-por-3-\u00d7-1-em-placar-agregado-pela-II-Copa-AMVI-IMG_0927-200x300.jpg\" data-sizes=\"(max-width: 200px) 100vw, 200px\" \/><\/a><\/div>\n<\/figure>\n<figure class=\"gallery-item\">\n<div class=\"gallery-icon portrait\"><a href=\"https:\/\/infonewss.com\/wp-content\/uploads\/2023\/09\/Massape-vence-Padre-Marcos-por-3-%C3%97-1-em-placar-agregado-pela-II-Copa-AMVI-IMG_0929.jpg\"><img loading=\"lazy\" decoding=\"async\" class=\"attachment-medium size-medium lazyloaded\" src=\"https:\/\/infonewss.com\/wp-content\/uploads\/2023\/09\/Massape-vence-Padre-Marcos-por-3-%C3%97-1-em-placar-agregado-pela-II-Copa-AMVI-IMG_0929-200x300.jpg\" sizes=\"(max-width: 200px) 100vw, 200px\" srcset=\"https:\/\/infonewss.com\/wp-content\/uploads\/2023\/09\/Massape-vence-Padre-Marcos-por-3-\u00d7-1-em-placar-agregado-pela-II-Copa-AMVI-IMG_0929-200x300.jpg 200w, https:\/\/infonewss.com\/wp-content\/uploads\/2023\/09\/Massape-vence-Padre-Marcos-por-3-\u00d7-1-em-placar-agregado-pela-II-Copa-AMVI-IMG_0929-683x1024.jpg 683w, https:\/\/infonewss.com\/wp-content\/uploads\/2023\/09\/Massape-vence-Padre-Marcos-por-3-\u00d7-1-em-placar-agregado-pela-II-Copa-AMVI-IMG_0929-768x1152.jpg 768w, https:\/\/infonewss.com\/wp-content\/uploads\/2023\/09\/Massape-vence-Padre-Marcos-por-3-\u00d7-1-em-placar-agregado-pela-II-Copa-AMVI-IMG_0929-150x225.jpg 150w, https:\/\/infonewss.com\/wp-content\/uploads\/2023\/09\/Massape-vence-Padre-Marcos-por-3-\u00d7-1-em-placar-agregado-pela-II-Copa-AMVI-IMG_0929-300x450.jpg 300w, https:\/\/infonewss.com\/wp-content\/uploads\/2023\/09\/Massape-vence-Padre-Marcos-por-3-\u00d7-1-em-placar-agregado-pela-II-Copa-AMVI-IMG_0929-696x1044.jpg 696w, https:\/\/infonewss.com\/wp-content\/uploads\/2023\/09\/Massape-vence-Padre-Marcos-por-3-\u00d7-1-em-placar-agregado-pela-II-Copa-AMVI-IMG_0929.jpg 900w\" alt=\"\" width=\"200\" height=\"300\" data-srcset=\"https:\/\/infonewss.com\/wp-content\/uploads\/2023\/09\/Massape-vence-Padre-Marcos-por-3-\u00d7-1-em-placar-agregado-pela-II-Copa-AMVI-IMG_0929-200x300.jpg 200w, https:\/\/infonewss.com\/wp-content\/uploads\/2023\/09\/Massape-vence-Padre-Marcos-por-3-\u00d7-1-em-placar-agregado-pela-II-Copa-AMVI-IMG_0929-683x1024.jpg 683w, https:\/\/infonewss.com\/wp-content\/uploads\/2023\/09\/Massape-vence-Padre-Marcos-por-3-\u00d7-1-em-placar-agregado-pela-II-Copa-AMVI-IMG_0929-768x1152.jpg 768w, https:\/\/infonewss.com\/wp-content\/uploads\/2023\/09\/Massape-vence-Padre-Marcos-por-3-\u00d7-1-em-placar-agregado-pela-II-Copa-AMVI-IMG_0929-150x225.jpg 150w, https:\/\/infonewss.com\/wp-content\/uploads\/2023\/09\/Massape-vence-Padre-Marcos-por-3-\u00d7-1-em-placar-agregado-pela-II-Copa-AMVI-IMG_0929-300x450.jpg 300w, https:\/\/infonewss.com\/wp-content\/uploads\/2023\/09\/Massape-vence-Padre-Marcos-por-3-\u00d7-1-em-placar-agregado-pela-II-Copa-AMVI-IMG_0929-696x1044.jpg 696w, https:\/\/infonewss.com\/wp-content\/uploads\/2023\/09\/Massape-vence-Padre-Marcos-por-3-\u00d7-1-em-placar-agregado-pela-II-Copa-AMVI-IMG_0929.jpg 900w\" data-src=\"https:\/\/infonewss.com\/wp-content\/uploads\/2023\/09\/Massape-vence-Padre-Marcos-por-3-\u00d7-1-em-placar-agregado-pela-II-Copa-AMVI-IMG_0929-200x300.jpg\" data-sizes=\"(max-width: 200px) 100vw, 200px\" \/><\/a><\/div>\n<\/figure>\n<figure class=\"gallery-item\">\n<div class=\"gallery-icon landscape\"><a href=\"https:\/\/infonewss.com\/wp-content\/uploads\/2023\/09\/Massape-vence-Padre-Marcos-por-3-%C3%97-1-em-placar-agregado-pela-II-Copa-AMVI-IMG_0933.jpg\"><img loading=\"lazy\" decoding=\"async\" class=\"attachment-medium size-medium lazyloaded\" src=\"https:\/\/infonewss.com\/wp-content\/uploads\/2023\/09\/Massape-vence-Padre-Marcos-por-3-%C3%97-1-em-placar-agregado-pela-II-Copa-AMVI-IMG_0933-300x200.jpg\" sizes=\"(max-width: 300px) 100vw, 300px\" srcset=\"https:\/\/infonewss.com\/wp-content\/uploads\/2023\/09\/Massape-vence-Padre-Marcos-por-3-\u00d7-1-em-placar-agregado-pela-II-Copa-AMVI-IMG_0933-300x200.jpg 300w, https:\/\/infonewss.com\/wp-content\/uploads\/2023\/09\/Massape-vence-Padre-Marcos-por-3-\u00d7-1-em-placar-agregado-pela-II-Copa-AMVI-IMG_0933-768x512.jpg 768w, https:\/\/infonewss.com\/wp-content\/uploads\/2023\/09\/Massape-vence-Padre-Marcos-por-3-\u00d7-1-em-placar-agregado-pela-II-Copa-AMVI-IMG_0933-150x100.jpg 150w, https:\/\/infonewss.com\/wp-content\/uploads\/2023\/09\/Massape-vence-Padre-Marcos-por-3-\u00d7-1-em-placar-agregado-pela-II-Copa-AMVI-IMG_0933-696x464.jpg 696w, https:\/\/infonewss.com\/wp-content\/uploads\/2023\/09\/Massape-vence-Padre-Marcos-por-3-\u00d7-1-em-placar-agregado-pela-II-Copa-AMVI-IMG_0933.jpg 900w\" alt=\"\" width=\"300\" height=\"200\" data-srcset=\"https:\/\/infonewss.com\/wp-content\/uploads\/2023\/09\/Massape-vence-Padre-Marcos-por-3-\u00d7-1-em-placar-agregado-pela-II-Copa-AMVI-IMG_0933-300x200.jpg 300w, https:\/\/infonewss.com\/wp-content\/uploads\/2023\/09\/Massape-vence-Padre-Marcos-por-3-\u00d7-1-em-placar-agregado-pela-II-Copa-AMVI-IMG_0933-768x512.jpg 768w, https:\/\/infonewss.com\/wp-content\/uploads\/2023\/09\/Massape-vence-Padre-Marcos-por-3-\u00d7-1-em-placar-agregado-pela-II-Copa-AMVI-IMG_0933-150x100.jpg 150w, https:\/\/infonewss.com\/wp-content\/uploads\/2023\/09\/Massape-vence-Padre-Marcos-por-3-\u00d7-1-em-placar-agregado-pela-II-Copa-AMVI-IMG_0933-696x464.jpg 696w, https:\/\/infonewss.com\/wp-content\/uploads\/2023\/09\/Massape-vence-Padre-Marcos-por-3-\u00d7-1-em-placar-agregado-pela-II-Copa-AMVI-IMG_0933.jpg 900w\" data-src=\"https:\/\/infonewss.com\/wp-content\/uploads\/2023\/09\/Massape-vence-Padre-Marcos-por-3-\u00d7-1-em-placar-agregado-pela-II-Copa-AMVI-IMG_0933-300x200.jpg\" data-sizes=\"(max-width: 300px) 100vw, 300px\" \/><\/a><\/div>\n<\/figure>\n<figure class=\"gallery-item\">\n<div class=\"gallery-icon landscape\"><a href=\"https:\/\/infonewss.com\/wp-content\/uploads\/2023\/09\/Massape-vence-Padre-Marcos-por-3-%C3%97-1-em-placar-agregado-pela-II-Copa-AMVI-IMG_0938.jpg\"><img loading=\"lazy\" decoding=\"async\" class=\"attachment-medium size-medium lazyloaded\" src=\"https:\/\/infonewss.com\/wp-content\/uploads\/2023\/09\/Massape-vence-Padre-Marcos-por-3-%C3%97-1-em-placar-agregado-pela-II-Copa-AMVI-IMG_0938-300x200.jpg\" sizes=\"(max-width: 300px) 100vw, 300px\" srcset=\"https:\/\/infonewss.com\/wp-content\/uploads\/2023\/09\/Massape-vence-Padre-Marcos-por-3-\u00d7-1-em-placar-agregado-pela-II-Copa-AMVI-IMG_0938-300x200.jpg 300w, https:\/\/infonewss.com\/wp-content\/uploads\/2023\/09\/Massape-vence-Padre-Marcos-por-3-\u00d7-1-em-placar-agregado-pela-II-Copa-AMVI-IMG_0938-768x512.jpg 768w, https:\/\/infonewss.com\/wp-content\/uploads\/2023\/09\/Massape-vence-Padre-Marcos-por-3-\u00d7-1-em-placar-agregado-pela-II-Copa-AMVI-IMG_0938-150x100.jpg 150w, https:\/\/infonewss.com\/wp-content\/uploads\/2023\/09\/Massape-vence-Padre-Marcos-por-3-\u00d7-1-em-placar-agregado-pela-II-Copa-AMVI-IMG_0938-696x464.jpg 696w, https:\/\/infonewss.com\/wp-content\/uploads\/2023\/09\/Massape-vence-Padre-Marcos-por-3-\u00d7-1-em-placar-agregado-pela-II-Copa-AMVI-IMG_0938.jpg 900w\" alt=\"\" width=\"300\" height=\"200\" data-srcset=\"https:\/\/infonewss.com\/wp-content\/uploads\/2023\/09\/Massape-vence-Padre-Marcos-por-3-\u00d7-1-em-placar-agregado-pela-II-Copa-AMVI-IMG_0938-300x200.jpg 300w, https:\/\/infonewss.com\/wp-content\/uploads\/2023\/09\/Massape-vence-Padre-Marcos-por-3-\u00d7-1-em-placar-agregado-pela-II-Copa-AMVI-IMG_0938-768x512.jpg 768w, https:\/\/infonewss.com\/wp-content\/uploads\/2023\/09\/Massape-vence-Padre-Marcos-por-3-\u00d7-1-em-placar-agregado-pela-II-Copa-AMVI-IMG_0938-150x100.jpg 150w, https:\/\/infonewss.com\/wp-content\/uploads\/2023\/09\/Massape-vence-Padre-Marcos-por-3-\u00d7-1-em-placar-agregado-pela-II-Copa-AMVI-IMG_0938-696x464.jpg 696w, https:\/\/infonewss.com\/wp-content\/uploads\/2023\/09\/Massape-vence-Padre-Marcos-por-3-\u00d7-1-em-placar-agregado-pela-II-Copa-AMVI-IMG_0938.jpg 900w\" data-src=\"https:\/\/infonewss.com\/wp-content\/uploads\/2023\/09\/Massape-vence-Padre-Marcos-por-3-\u00d7-1-em-placar-agregado-pela-II-Copa-AMVI-IMG_0938-300x200.jpg\" data-sizes=\"(max-width: 300px) 100vw, 300px\" \/><\/a><\/div>\n<\/figure>\n<figure class=\"gallery-item\">\n<div class=\"gallery-icon landscape\"><a href=\"https:\/\/infonewss.com\/wp-content\/uploads\/2023\/09\/Massape-vence-Padre-Marcos-por-3-%C3%97-1-em-placar-agregado-pela-II-Copa-AMVI-IMG_0941.jpg\"><img loading=\"lazy\" decoding=\"async\" class=\"attachment-medium size-medium lazyloaded\" src=\"https:\/\/infonewss.com\/wp-content\/uploads\/2023\/09\/Massape-vence-Padre-Marcos-por-3-%C3%97-1-em-placar-agregado-pela-II-Copa-AMVI-IMG_0941-300x200.jpg\" sizes=\"(max-width: 300px) 100vw, 300px\" srcset=\"https:\/\/infonewss.com\/wp-content\/uploads\/2023\/09\/Massape-vence-Padre-Marcos-por-3-\u00d7-1-em-placar-agregado-pela-II-Copa-AMVI-IMG_0941-300x200.jpg 300w, https:\/\/infonewss.com\/wp-content\/uploads\/2023\/09\/Massape-vence-Padre-Marcos-por-3-\u00d7-1-em-placar-agregado-pela-II-Copa-AMVI-IMG_0941-768x512.jpg 768w, https:\/\/infonewss.com\/wp-content\/uploads\/2023\/09\/Massape-vence-Padre-Marcos-por-3-\u00d7-1-em-placar-agregado-pela-II-Copa-AMVI-IMG_0941-150x100.jpg 150w, https:\/\/infonewss.com\/wp-content\/uploads\/2023\/09\/Massape-vence-Padre-Marcos-por-3-\u00d7-1-em-placar-agregado-pela-II-Copa-AMVI-IMG_0941-696x464.jpg 696w, https:\/\/infonewss.com\/wp-content\/uploads\/2023\/09\/Massape-vence-Padre-Marcos-por-3-\u00d7-1-em-placar-agregado-pela-II-Copa-AMVI-IMG_0941.jpg 900w\" alt=\"\" width=\"300\" height=\"200\" data-srcset=\"https:\/\/infonewss.com\/wp-content\/uploads\/2023\/09\/Massape-vence-Padre-Marcos-por-3-\u00d7-1-em-placar-agregado-pela-II-Copa-AMVI-IMG_0941-300x200.jpg 300w, https:\/\/infonewss.com\/wp-content\/uploads\/2023\/09\/Massape-vence-Padre-Marcos-por-3-\u00d7-1-em-placar-agregado-pela-II-Copa-AMVI-IMG_0941-768x512.jpg 768w, https:\/\/infonewss.com\/wp-content\/uploads\/2023\/09\/Massape-vence-Padre-Marcos-por-3-\u00d7-1-em-placar-agregado-pela-II-Copa-AMVI-IMG_0941-150x100.jpg 150w, https:\/\/infonewss.com\/wp-content\/uploads\/2023\/09\/Massape-vence-Padre-Marcos-por-3-\u00d7-1-em-placar-agregado-pela-II-Copa-AMVI-IMG_0941-696x464.jpg 696w, https:\/\/infonewss.com\/wp-content\/uploads\/2023\/09\/Massape-vence-Padre-Marcos-por-3-\u00d7-1-em-placar-agregado-pela-II-Copa-AMVI-IMG_0941.jpg 900w\" data-src=\"https:\/\/infonewss.com\/wp-content\/uploads\/2023\/09\/Massape-vence-Padre-Marcos-por-3-\u00d7-1-em-placar-agregado-pela-II-Copa-AMVI-IMG_0941-300x200.jpg\" data-sizes=\"(max-width: 300px) 100vw, 300px\" \/><\/a><\/div>\n<\/figure>\n<figure class=\"gallery-item\">\n<div class=\"gallery-icon landscape\"><a href=\"https:\/\/infonewss.com\/wp-content\/uploads\/2023\/09\/Massape-vence-Padre-Marcos-por-3-%C3%97-1-em-placar-agregado-pela-II-Copa-AMVI-IMG_0945.jpg\"><img loading=\"lazy\" decoding=\"async\" class=\"attachment-medium size-medium lazyload\" src=\"data:image\/gif;base64,R0lGODlhAQABAAAAACH5BAEKAAEALAAAAAABAAEAAAICTAEAOw==\" alt=\"\" width=\"300\" height=\"200\" data-srcset=\"https:\/\/infonewss.com\/wp-content\/uploads\/2023\/09\/Massape-vence-Padre-Marcos-por-3-\u00d7-1-em-placar-agregado-pela-II-Copa-AMVI-IMG_0945-300x200.jpg 300w, https:\/\/infonewss.com\/wp-content\/uploads\/2023\/09\/Massape-vence-Padre-Marcos-por-3-\u00d7-1-em-placar-agregado-pela-II-Copa-AMVI-IMG_0945-768x512.jpg 768w, https:\/\/infonewss.com\/wp-content\/uploads\/2023\/09\/Massape-vence-Padre-Marcos-por-3-\u00d7-1-em-placar-agregado-pela-II-Copa-AMVI-IMG_0945-150x100.jpg 150w, https:\/\/infonewss.com\/wp-content\/uploads\/2023\/09\/Massape-vence-Padre-Marcos-por-3-\u00d7-1-em-placar-agregado-pela-II-Copa-AMVI-IMG_0945-696x464.jpg 696w, https:\/\/infonewss.com\/wp-content\/uploads\/2023\/09\/Massape-vence-Padre-Marcos-por-3-\u00d7-1-em-placar-agregado-pela-II-Copa-AMVI-IMG_0945.jpg 900w\" data-src=\"https:\/\/infonewss.com\/wp-content\/uploads\/2023\/09\/Massape-vence-Padre-Marcos-por-3-\u00d7-1-em-placar-agregado-pela-II-Copa-AMVI-IMG_0945-300x200.jpg\" data-sizes=\"(max-width: 300px) 100vw, 300px\" \/><\/a><\/div>\n<\/figure>\n<figure class=\"gallery-item\">\n<div class=\"gallery-icon landscape\"><a href=\"https:\/\/infonewss.com\/wp-content\/uploads\/2023\/09\/Massape-vence-Padre-Marcos-por-3-%C3%97-1-em-placar-agregado-pela-II-Copa-AMVI-IMG_0947.jpg\"><img loading=\"lazy\" decoding=\"async\" class=\"attachment-medium size-medium lazyload\" src=\"data:image\/gif;base64,R0lGODlhAQABAAAAACH5BAEKAAEALAAAAAABAAEAAAICTAEAOw==\" alt=\"\" width=\"300\" height=\"200\" data-srcset=\"https:\/\/infonewss.com\/wp-content\/uploads\/2023\/09\/Massape-vence-Padre-Marcos-por-3-\u00d7-1-em-placar-agregado-pela-II-Copa-AMVI-IMG_0947-300x200.jpg 300w, https:\/\/infonewss.com\/wp-content\/uploads\/2023\/09\/Massape-vence-Padre-Marcos-por-3-\u00d7-1-em-placar-agregado-pela-II-Copa-AMVI-IMG_0947-768x512.jpg 768w, https:\/\/infonewss.com\/wp-content\/uploads\/2023\/09\/Massape-vence-Padre-Marcos-por-3-\u00d7-1-em-placar-agregado-pela-II-Copa-AMVI-IMG_0947-150x100.jpg 150w, https:\/\/infonewss.com\/wp-content\/uploads\/2023\/09\/Massape-vence-Padre-Marcos-por-3-\u00d7-1-em-placar-agregado-pela-II-Copa-AMVI-IMG_0947-696x464.jpg 696w, https:\/\/infonewss.com\/wp-content\/uploads\/2023\/09\/Massape-vence-Padre-Marcos-por-3-\u00d7-1-em-placar-agregado-pela-II-Copa-AMVI-IMG_0947.jpg 900w\" data-src=\"https:\/\/infonewss.com\/wp-content\/uploads\/2023\/09\/Massape-vence-Padre-Marcos-por-3-\u00d7-1-em-placar-agregado-pela-II-Copa-AMVI-IMG_0947-300x200.jpg\" data-sizes=\"(max-width: 300px) 100vw, 300px\" \/><\/a><\/div>\n<\/figure>\n<figure class=\"gallery-item\">\n<div class=\"gallery-icon landscape\"><a href=\"https:\/\/infonewss.com\/wp-content\/uploads\/2023\/09\/Massape-vence-Padre-Marcos-por-3-%C3%97-1-em-placar-agregado-pela-II-Copa-AMVI-IMG_0953.jpg\"><img loading=\"lazy\" decoding=\"async\" class=\"attachment-medium size-medium ls-is-cached lazyloaded\" src=\"https:\/\/infonewss.com\/wp-content\/uploads\/2023\/09\/Massape-vence-Padre-Marcos-por-3-%C3%97-1-em-placar-agregado-pela-II-Copa-AMVI-IMG_0953-300x200.jpg\" sizes=\"(max-width: 300px) 100vw, 300px\" srcset=\"https:\/\/infonewss.com\/wp-content\/uploads\/2023\/09\/Massape-vence-Padre-Marcos-por-3-\u00d7-1-em-placar-agregado-pela-II-Copa-AMVI-IMG_0953-300x200.jpg 300w, https:\/\/infonewss.com\/wp-content\/uploads\/2023\/09\/Massape-vence-Padre-Marcos-por-3-\u00d7-1-em-placar-agregado-pela-II-Copa-AMVI-IMG_0953-768x512.jpg 768w, https:\/\/infonewss.com\/wp-content\/uploads\/2023\/09\/Massape-vence-Padre-Marcos-por-3-\u00d7-1-em-placar-agregado-pela-II-Copa-AMVI-IMG_0953-150x100.jpg 150w, https:\/\/infonewss.com\/wp-content\/uploads\/2023\/09\/Massape-vence-Padre-Marcos-por-3-\u00d7-1-em-placar-agregado-pela-II-Copa-AMVI-IMG_0953-696x464.jpg 696w, https:\/\/infonewss.com\/wp-content\/uploads\/2023\/09\/Massape-vence-Padre-Marcos-por-3-\u00d7-1-em-placar-agregado-pela-II-Copa-AMVI-IMG_0953.jpg 900w\" alt=\"\" width=\"300\" height=\"200\" data-srcset=\"https:\/\/infonewss.com\/wp-content\/uploads\/2023\/09\/Massape-vence-Padre-Marcos-por-3-\u00d7-1-em-placar-agregado-pela-II-Copa-AMVI-IMG_0953-300x200.jpg 300w, https:\/\/infonewss.com\/wp-content\/uploads\/2023\/09\/Massape-vence-Padre-Marcos-por-3-\u00d7-1-em-placar-agregado-pela-II-Copa-AMVI-IMG_0953-768x512.jpg 768w, https:\/\/infonewss.com\/wp-content\/uploads\/2023\/09\/Massape-vence-Padre-Marcos-por-3-\u00d7-1-em-placar-agregado-pela-II-Copa-AMVI-IMG_0953-150x100.jpg 150w, https:\/\/infonewss.com\/wp-content\/uploads\/2023\/09\/Massape-vence-Padre-Marcos-por-3-\u00d7-1-em-placar-agregado-pela-II-Copa-AMVI-IMG_0953-696x464.jpg 696w, https:\/\/infonewss.com\/wp-content\/uploads\/2023\/09\/Massape-vence-Padre-Marcos-por-3-\u00d7-1-em-placar-agregado-pela-II-Copa-AMVI-IMG_0953.jpg 900w\" data-src=\"https:\/\/infonewss.com\/wp-content\/uploads\/2023\/09\/Massape-vence-Padre-Marcos-por-3-\u00d7-1-em-placar-agregado-pela-II-Copa-AMVI-IMG_0953-300x200.jpg\" data-sizes=\"(max-width: 300px) 100vw, 300px\" \/><\/a><\/div>\n<\/figure>\n<figure class=\"gallery-item\">\n<div class=\"gallery-icon landscape\"><a href=\"https:\/\/infonewss.com\/wp-content\/uploads\/2023\/09\/Massape-vence-Padre-Marcos-por-3-%C3%97-1-em-placar-agregado-pela-II-Copa-AMVI-IMG_0955.jpg\"><img loading=\"lazy\" decoding=\"async\" class=\"attachment-medium size-medium ls-is-cached lazyloaded\" src=\"https:\/\/infonewss.com\/wp-content\/uploads\/2023\/09\/Massape-vence-Padre-Marcos-por-3-%C3%97-1-em-placar-agregado-pela-II-Copa-AMVI-IMG_0955-300x200.jpg\" sizes=\"(max-width: 300px) 100vw, 300px\" srcset=\"https:\/\/infonewss.com\/wp-content\/uploads\/2023\/09\/Massape-vence-Padre-Marcos-por-3-\u00d7-1-em-placar-agregado-pela-II-Copa-AMVI-IMG_0955-300x200.jpg 300w, https:\/\/infonewss.com\/wp-content\/uploads\/2023\/09\/Massape-vence-Padre-Marcos-por-3-\u00d7-1-em-placar-agregado-pela-II-Copa-AMVI-IMG_0955-768x512.jpg 768w, https:\/\/infonewss.com\/wp-content\/uploads\/2023\/09\/Massape-vence-Padre-Marcos-por-3-\u00d7-1-em-placar-agregado-pela-II-Copa-AMVI-IMG_0955-150x100.jpg 150w, https:\/\/infonewss.com\/wp-content\/uploads\/2023\/09\/Massape-vence-Padre-Marcos-por-3-\u00d7-1-em-placar-agregado-pela-II-Copa-AMVI-IMG_0955-696x464.jpg 696w, https:\/\/infonewss.com\/wp-content\/uploads\/2023\/09\/Massape-vence-Padre-Marcos-por-3-\u00d7-1-em-placar-agregado-pela-II-Copa-AMVI-IMG_0955.jpg 900w\" alt=\"\" width=\"300\" height=\"200\" data-srcset=\"https:\/\/infonewss.com\/wp-content\/uploads\/2023\/09\/Massape-vence-Padre-Marcos-por-3-\u00d7-1-em-placar-agregado-pela-II-Copa-AMVI-IMG_0955-300x200.jpg 300w, https:\/\/infonewss.com\/wp-content\/uploads\/2023\/09\/Massape-vence-Padre-Marcos-por-3-\u00d7-1-em-placar-agregado-pela-II-Copa-AMVI-IMG_0955-768x512.jpg 768w, https:\/\/infonewss.com\/wp-content\/uploads\/2023\/09\/Massape-vence-Padre-Marcos-por-3-\u00d7-1-em-placar-agregado-pela-II-Copa-AMVI-IMG_0955-150x100.jpg 150w, https:\/\/infonewss.com\/wp-content\/uploads\/2023\/09\/Massape-vence-Padre-Marcos-por-3-\u00d7-1-em-placar-agregado-pela-II-Copa-AMVI-IMG_0955-696x464.jpg 696w, https:\/\/infonewss.com\/wp-content\/uploads\/2023\/09\/Massape-vence-Padre-Marcos-por-3-\u00d7-1-em-placar-agregado-pela-II-Copa-AMVI-IMG_0955.jpg 900w\" data-src=\"https:\/\/infonewss.com\/wp-content\/uploads\/2023\/09\/Massape-vence-Padre-Marcos-por-3-\u00d7-1-em-placar-agregado-pela-II-Copa-AMVI-IMG_0955-300x200.jpg\" data-sizes=\"(max-width: 300px) 100vw, 300px\" \/><\/a><\/div>\n<\/figure>\n<figure class=\"gallery-item\">\n<div class=\"gallery-icon landscape\"><a href=\"https:\/\/infonewss.com\/wp-content\/uploads\/2023\/09\/Massape-vence-Padre-Marcos-por-3-%C3%97-1-em-placar-agregado-pela-II-Copa-AMVI-IMG_0957.jpg\"><img loading=\"lazy\" decoding=\"async\" class=\"attachment-medium size-medium lazyloaded\" src=\"https:\/\/infonewss.com\/wp-content\/uploads\/2023\/09\/Massape-vence-Padre-Marcos-por-3-%C3%97-1-em-placar-agregado-pela-II-Copa-AMVI-IMG_0957-300x200.jpg\" sizes=\"(max-width: 300px) 100vw, 300px\" srcset=\"https:\/\/infonewss.com\/wp-content\/uploads\/2023\/09\/Massape-vence-Padre-Marcos-por-3-\u00d7-1-em-placar-agregado-pela-II-Copa-AMVI-IMG_0957-300x200.jpg 300w, https:\/\/infonewss.com\/wp-content\/uploads\/2023\/09\/Massape-vence-Padre-Marcos-por-3-\u00d7-1-em-placar-agregado-pela-II-Copa-AMVI-IMG_0957-768x512.jpg 768w, https:\/\/infonewss.com\/wp-content\/uploads\/2023\/09\/Massape-vence-Padre-Marcos-por-3-\u00d7-1-em-placar-agregado-pela-II-Copa-AMVI-IMG_0957-150x100.jpg 150w, https:\/\/infonewss.com\/wp-content\/uploads\/2023\/09\/Massape-vence-Padre-Marcos-por-3-\u00d7-1-em-placar-agregado-pela-II-Copa-AMVI-IMG_0957-696x464.jpg 696w, https:\/\/infonewss.com\/wp-content\/uploads\/2023\/09\/Massape-vence-Padre-Marcos-por-3-\u00d7-1-em-placar-agregado-pela-II-Copa-AMVI-IMG_0957.jpg 900w\" alt=\"\" width=\"300\" height=\"200\" data-srcset=\"https:\/\/infonewss.com\/wp-content\/uploads\/2023\/09\/Massape-vence-Padre-Marcos-por-3-\u00d7-1-em-placar-agregado-pela-II-Copa-AMVI-IMG_0957-300x200.jpg 300w, https:\/\/infonewss.com\/wp-content\/uploads\/2023\/09\/Massape-vence-Padre-Marcos-por-3-\u00d7-1-em-placar-agregado-pela-II-Copa-AMVI-IMG_0957-768x512.jpg 768w, https:\/\/infonewss.com\/wp-content\/uploads\/2023\/09\/Massape-vence-Padre-Marcos-por-3-\u00d7-1-em-placar-agregado-pela-II-Copa-AMVI-IMG_0957-150x100.jpg 150w, https:\/\/infonewss.com\/wp-content\/uploads\/2023\/09\/Massape-vence-Padre-Marcos-por-3-\u00d7-1-em-placar-agregado-pela-II-Copa-AMVI-IMG_0957-696x464.jpg 696w, https:\/\/infonewss.com\/wp-content\/uploads\/2023\/09\/Massape-vence-Padre-Marcos-por-3-\u00d7-1-em-placar-agregado-pela-II-Copa-AMVI-IMG_0957.jpg 900w\" data-src=\"https:\/\/infonewss.com\/wp-content\/uploads\/2023\/09\/Massape-vence-Padre-Marcos-por-3-\u00d7-1-em-placar-agregado-pela-II-Copa-AMVI-IMG_0957-300x200.jpg\" data-sizes=\"(max-width: 300px) 100vw, 300px\" \/><\/a><\/div>\n<\/figure>\n<figure class=\"gallery-item\">\n<div class=\"gallery-icon landscape\"><a href=\"https:\/\/infonewss.com\/wp-content\/uploads\/2023\/09\/Massape-vence-Padre-Marcos-por-3-%C3%97-1-em-placar-agregado-pela-II-Copa-AMVI-IMG_0959.jpg\"><img loading=\"lazy\" decoding=\"async\" class=\"attachment-medium size-medium lazyload\" src=\"data:image\/gif;base64,R0lGODlhAQABAAAAACH5BAEKAAEALAAAAAABAAEAAAICTAEAOw==\" alt=\"\" width=\"300\" height=\"200\" data-srcset=\"https:\/\/infonewss.com\/wp-content\/uploads\/2023\/09\/Massape-vence-Padre-Marcos-por-3-\u00d7-1-em-placar-agregado-pela-II-Copa-AMVI-IMG_0959-300x200.jpg 300w, https:\/\/infonewss.com\/wp-content\/uploads\/2023\/09\/Massape-vence-Padre-Marcos-por-3-\u00d7-1-em-placar-agregado-pela-II-Copa-AMVI-IMG_0959-768x512.jpg 768w, https:\/\/infonewss.com\/wp-content\/uploads\/2023\/09\/Massape-vence-Padre-Marcos-por-3-\u00d7-1-em-placar-agregado-pela-II-Copa-AMVI-IMG_0959-150x100.jpg 150w, https:\/\/infonewss.com\/wp-content\/uploads\/2023\/09\/Massape-vence-Padre-Marcos-por-3-\u00d7-1-em-placar-agregado-pela-II-Copa-AMVI-IMG_0959-696x464.jpg 696w, https:\/\/infonewss.com\/wp-content\/uploads\/2023\/09\/Massape-vence-Padre-Marcos-por-3-\u00d7-1-em-placar-agregado-pela-II-Copa-AMVI-IMG_0959.jpg 900w\" data-src=\"https:\/\/infonewss.com\/wp-content\/uploads\/2023\/09\/Massape-vence-Padre-Marcos-por-3-\u00d7-1-em-placar-agregado-pela-II-Copa-AMVI-IMG_0959-300x200.jpg\" data-sizes=\"(max-width: 300px) 100vw, 300px\" \/><\/a><\/div>\n<\/figure>\n<figure class=\"gallery-item\">\n<div class=\"gallery-icon landscape\"><a href=\"https:\/\/infonewss.com\/wp-content\/uploads\/2023\/09\/Massape-vence-Padre-Marcos-por-3-%C3%97-1-em-placar-agregado-pela-II-Copa-AMVI-IMG_0960.jpg\"><img loading=\"lazy\" decoding=\"async\" class=\"attachment-medium size-medium lazyload\" src=\"data:image\/gif;base64,R0lGODlhAQABAAAAACH5BAEKAAEALAAAAAABAAEAAAICTAEAOw==\" alt=\"\" width=\"300\" height=\"200\" data-srcset=\"https:\/\/infonewss.com\/wp-content\/uploads\/2023\/09\/Massape-vence-Padre-Marcos-por-3-\u00d7-1-em-placar-agregado-pela-II-Copa-AMVI-IMG_0960-300x200.jpg 300w, https:\/\/infonewss.com\/wp-content\/uploads\/2023\/09\/Massape-vence-Padre-Marcos-por-3-\u00d7-1-em-placar-agregado-pela-II-Copa-AMVI-IMG_0960-768x512.jpg 768w, https:\/\/infonewss.com\/wp-content\/uploads\/2023\/09\/Massape-vence-Padre-Marcos-por-3-\u00d7-1-em-placar-agregado-pela-II-Copa-AMVI-IMG_0960-150x100.jpg 150w, https:\/\/infonewss.com\/wp-content\/uploads\/2023\/09\/Massape-vence-Padre-Marcos-por-3-\u00d7-1-em-placar-agregado-pela-II-Copa-AMVI-IMG_0960-696x464.jpg 696w, https:\/\/infonewss.com\/wp-content\/uploads\/2023\/09\/Massape-vence-Padre-Marcos-por-3-\u00d7-1-em-placar-agregado-pela-II-Copa-AMVI-IMG_0960.jpg 900w\" data-src=\"https:\/\/infonewss.com\/wp-content\/uploads\/2023\/09\/Massape-vence-Padre-Marcos-por-3-\u00d7-1-em-placar-agregado-pela-II-Copa-AMVI-IMG_0960-300x200.jpg\" data-sizes=\"(max-width: 300px) 100vw, 300px\" \/><\/a><\/div>\n<\/figure>\n<figure class=\"gallery-item\">\n<div class=\"gallery-icon portrait\"><a href=\"https:\/\/infonewss.com\/wp-content\/uploads\/2023\/09\/Massape-vence-Padre-Marcos-por-3-%C3%97-1-em-placar-agregado-pela-II-Copa-AMVI-IMG_0963.jpg\"><img loading=\"lazy\" decoding=\"async\" class=\"attachment-medium size-medium lazyload\" src=\"data:image\/gif;base64,R0lGODlhAQABAAAAACH5BAEKAAEALAAAAAABAAEAAAICTAEAOw==\" alt=\"\" width=\"200\" height=\"300\" data-srcset=\"https:\/\/infonewss.com\/wp-content\/uploads\/2023\/09\/Massape-vence-Padre-Marcos-por-3-\u00d7-1-em-placar-agregado-pela-II-Copa-AMVI-IMG_0963-200x300.jpg 200w, https:\/\/infonewss.com\/wp-content\/uploads\/2023\/09\/Massape-vence-Padre-Marcos-por-3-\u00d7-1-em-placar-agregado-pela-II-Copa-AMVI-IMG_0963-683x1024.jpg 683w, https:\/\/infonewss.com\/wp-content\/uploads\/2023\/09\/Massape-vence-Padre-Marcos-por-3-\u00d7-1-em-placar-agregado-pela-II-Copa-AMVI-IMG_0963-768x1152.jpg 768w, https:\/\/infonewss.com\/wp-content\/uploads\/2023\/09\/Massape-vence-Padre-Marcos-por-3-\u00d7-1-em-placar-agregado-pela-II-Copa-AMVI-IMG_0963-150x225.jpg 150w, https:\/\/infonewss.com\/wp-content\/uploads\/2023\/09\/Massape-vence-Padre-Marcos-por-3-\u00d7-1-em-placar-agregado-pela-II-Copa-AMVI-IMG_0963-300x450.jpg 300w, https:\/\/infonewss.com\/wp-content\/uploads\/2023\/09\/Massape-vence-Padre-Marcos-por-3-\u00d7-1-em-placar-agregado-pela-II-Copa-AMVI-IMG_0963-696x1044.jpg 696w, https:\/\/infonewss.com\/wp-content\/uploads\/2023\/09\/Massape-vence-Padre-Marcos-por-3-\u00d7-1-em-placar-agregado-pela-II-Copa-AMVI-IMG_0963.jpg 900w\" data-src=\"https:\/\/infonewss.com\/wp-content\/uploads\/2023\/09\/Massape-vence-Padre-Marcos-por-3-\u00d7-1-em-placar-agregado-pela-II-Copa-AMVI-IMG_0963-200x300.jpg\" data-sizes=\"(max-width: 200px) 100vw, 200px\" \/><\/a><\/div>\n<\/figure>\n<figure class=\"gallery-item\">\n<div class=\"gallery-icon portrait\"><a href=\"https:\/\/infonewss.com\/wp-content\/uploads\/2023\/09\/Massape-vence-Padre-Marcos-por-3-%C3%97-1-em-placar-agregado-pela-II-Copa-AMVI-IMG_0965.jpg\"><img loading=\"lazy\" decoding=\"async\" class=\"attachment-medium size-medium lazyloaded\" src=\"https:\/\/infonewss.com\/wp-content\/uploads\/2023\/09\/Massape-vence-Padre-Marcos-por-3-%C3%97-1-em-placar-agregado-pela-II-Copa-AMVI-IMG_0965-200x300.jpg\" sizes=\"(max-width: 200px) 100vw, 200px\" srcset=\"https:\/\/infonewss.com\/wp-content\/uploads\/2023\/09\/Massape-vence-Padre-Marcos-por-3-\u00d7-1-em-placar-agregado-pela-II-Copa-AMVI-IMG_0965-200x300.jpg 200w, https:\/\/infonewss.com\/wp-content\/uploads\/2023\/09\/Massape-vence-Padre-Marcos-por-3-\u00d7-1-em-placar-agregado-pela-II-Copa-AMVI-IMG_0965-683x1024.jpg 683w, https:\/\/infonewss.com\/wp-content\/uploads\/2023\/09\/Massape-vence-Padre-Marcos-por-3-\u00d7-1-em-placar-agregado-pela-II-Copa-AMVI-IMG_0965-768x1152.jpg 768w, https:\/\/infonewss.com\/wp-content\/uploads\/2023\/09\/Massape-vence-Padre-Marcos-por-3-\u00d7-1-em-placar-agregado-pela-II-Copa-AMVI-IMG_0965-150x225.jpg 150w, https:\/\/infonewss.com\/wp-content\/uploads\/2023\/09\/Massape-vence-Padre-Marcos-por-3-\u00d7-1-em-placar-agregado-pela-II-Copa-AMVI-IMG_0965-300x450.jpg 300w, https:\/\/infonewss.com\/wp-content\/uploads\/2023\/09\/Massape-vence-Padre-Marcos-por-3-\u00d7-1-em-placar-agregado-pela-II-Copa-AMVI-IMG_0965-696x1044.jpg 696w, https:\/\/infonewss.com\/wp-content\/uploads\/2023\/09\/Massape-vence-Padre-Marcos-por-3-\u00d7-1-em-placar-agregado-pela-II-Copa-AMVI-IMG_0965.jpg 900w\" alt=\"\" width=\"200\" height=\"300\" data-srcset=\"https:\/\/infonewss.com\/wp-content\/uploads\/2023\/09\/Massape-vence-Padre-Marcos-por-3-\u00d7-1-em-placar-agregado-pela-II-Copa-AMVI-IMG_0965-200x300.jpg 200w, https:\/\/infonewss.com\/wp-content\/uploads\/2023\/09\/Massape-vence-Padre-Marcos-por-3-\u00d7-1-em-placar-agregado-pela-II-Copa-AMVI-IMG_0965-683x1024.jpg 683w, https:\/\/infonewss.com\/wp-content\/uploads\/2023\/09\/Massape-vence-Padre-Marcos-por-3-\u00d7-1-em-placar-agregado-pela-II-Copa-AMVI-IMG_0965-768x1152.jpg 768w, https:\/\/infonewss.com\/wp-content\/uploads\/2023\/09\/Massape-vence-Padre-Marcos-por-3-\u00d7-1-em-placar-agregado-pela-II-Copa-AMVI-IMG_0965-150x225.jpg 150w, https:\/\/infonewss.com\/wp-content\/uploads\/2023\/09\/Massape-vence-Padre-Marcos-por-3-\u00d7-1-em-placar-agregado-pela-II-Copa-AMVI-IMG_0965-300x450.jpg 300w, https:\/\/infonewss.com\/wp-content\/uploads\/2023\/09\/Massape-vence-Padre-Marcos-por-3-\u00d7-1-em-placar-agregado-pela-II-Copa-AMVI-IMG_0965-696x1044.jpg 696w, https:\/\/infonewss.com\/wp-content\/uploads\/2023\/09\/Massape-vence-Padre-Marcos-por-3-\u00d7-1-em-placar-agregado-pela-II-Copa-AMVI-IMG_0965.jpg 900w\" data-src=\"https:\/\/infonewss.com\/wp-content\/uploads\/2023\/09\/Massape-vence-Padre-Marcos-por-3-\u00d7-1-em-placar-agregado-pela-II-Copa-AMVI-IMG_0965-200x300.jpg\" data-sizes=\"(max-width: 200px) 100vw, 200px\" \/><\/a><\/div>\n<\/figure>\n<figure class=\"gallery-item\">\n<div class=\"gallery-icon portrait\"><a href=\"https:\/\/infonewss.com\/wp-content\/uploads\/2023\/09\/Massape-vence-Padre-Marcos-por-3-%C3%97-1-em-placar-agregado-pela-II-Copa-AMVI-IMG_0967.jpg\"><img loading=\"lazy\" decoding=\"async\" class=\"attachment-medium size-medium lazyloaded\" src=\"https:\/\/infonewss.com\/wp-content\/uploads\/2023\/09\/Massape-vence-Padre-Marcos-por-3-%C3%97-1-em-placar-agregado-pela-II-Copa-AMVI-IMG_0967-200x300.jpg\" sizes=\"(max-width: 200px) 100vw, 200px\" srcset=\"https:\/\/infonewss.com\/wp-content\/uploads\/2023\/09\/Massape-vence-Padre-Marcos-por-3-\u00d7-1-em-placar-agregado-pela-II-Copa-AMVI-IMG_0967-200x300.jpg 200w, https:\/\/infonewss.com\/wp-content\/uploads\/2023\/09\/Massape-vence-Padre-Marcos-por-3-\u00d7-1-em-placar-agregado-pela-II-Copa-AMVI-IMG_0967-683x1024.jpg 683w, https:\/\/infonewss.com\/wp-content\/uploads\/2023\/09\/Massape-vence-Padre-Marcos-por-3-\u00d7-1-em-placar-agregado-pela-II-Copa-AMVI-IMG_0967-768x1152.jpg 768w, https:\/\/infonewss.com\/wp-content\/uploads\/2023\/09\/Massape-vence-Padre-Marcos-por-3-\u00d7-1-em-placar-agregado-pela-II-Copa-AMVI-IMG_0967-150x225.jpg 150w, https:\/\/infonewss.com\/wp-content\/uploads\/2023\/09\/Massape-vence-Padre-Marcos-por-3-\u00d7-1-em-placar-agregado-pela-II-Copa-AMVI-IMG_0967-300x450.jpg 300w, https:\/\/infonewss.com\/wp-content\/uploads\/2023\/09\/Massape-vence-Padre-Marcos-por-3-\u00d7-1-em-placar-agregado-pela-II-Copa-AMVI-IMG_0967-696x1044.jpg 696w, https:\/\/infonewss.com\/wp-content\/uploads\/2023\/09\/Massape-vence-Padre-Marcos-por-3-\u00d7-1-em-placar-agregado-pela-II-Copa-AMVI-IMG_0967.jpg 900w\" alt=\"\" width=\"200\" height=\"300\" data-srcset=\"https:\/\/infonewss.com\/wp-content\/uploads\/2023\/09\/Massape-vence-Padre-Marcos-por-3-\u00d7-1-em-placar-agregado-pela-II-Copa-AMVI-IMG_0967-200x300.jpg 200w, https:\/\/infonewss.com\/wp-content\/uploads\/2023\/09\/Massape-vence-Padre-Marcos-por-3-\u00d7-1-em-placar-agregado-pela-II-Copa-AMVI-IMG_0967-683x1024.jpg 683w, https:\/\/infonewss.com\/wp-content\/uploads\/2023\/09\/Massape-vence-Padre-Marcos-por-3-\u00d7-1-em-placar-agregado-pela-II-Copa-AMVI-IMG_0967-768x1152.jpg 768w, https:\/\/infonewss.com\/wp-content\/uploads\/2023\/09\/Massape-vence-Padre-Marcos-por-3-\u00d7-1-em-placar-agregado-pela-II-Copa-AMVI-IMG_0967-150x225.jpg 150w, https:\/\/infonewss.com\/wp-content\/uploads\/2023\/09\/Massape-vence-Padre-Marcos-por-3-\u00d7-1-em-placar-agregado-pela-II-Copa-AMVI-IMG_0967-300x450.jpg 300w, https:\/\/infonewss.com\/wp-content\/uploads\/2023\/09\/Massape-vence-Padre-Marcos-por-3-\u00d7-1-em-placar-agregado-pela-II-Copa-AMVI-IMG_0967-696x1044.jpg 696w, https:\/\/infonewss.com\/wp-content\/uploads\/2023\/09\/Massape-vence-Padre-Marcos-por-3-\u00d7-1-em-placar-agregado-pela-II-Copa-AMVI-IMG_0967.jpg 900w\" data-src=\"https:\/\/infonewss.com\/wp-content\/uploads\/2023\/09\/Massape-vence-Padre-Marcos-por-3-\u00d7-1-em-placar-agregado-pela-II-Copa-AMVI-IMG_0967-200x300.jpg\" data-sizes=\"(max-width: 200px) 100vw, 200px\" \/><\/a><\/div>\n<\/figure>\n<figure class=\"gallery-item\">\n<div class=\"gallery-icon portrait\"><a href=\"https:\/\/infonewss.com\/wp-content\/uploads\/2023\/09\/Massape-vence-Padre-Marcos-por-3-%C3%97-1-em-placar-agregado-pela-II-Copa-AMVI-IMG_0968.jpg\"><img loading=\"lazy\" decoding=\"async\" class=\"attachment-medium size-medium lazyloaded\" src=\"https:\/\/infonewss.com\/wp-content\/uploads\/2023\/09\/Massape-vence-Padre-Marcos-por-3-%C3%97-1-em-placar-agregado-pela-II-Copa-AMVI-IMG_0968-200x300.jpg\" sizes=\"(max-width: 200px) 100vw, 200px\" srcset=\"https:\/\/infonewss.com\/wp-content\/uploads\/2023\/09\/Massape-vence-Padre-Marcos-por-3-\u00d7-1-em-placar-agregado-pela-II-Copa-AMVI-IMG_0968-200x300.jpg 200w, https:\/\/infonewss.com\/wp-content\/uploads\/2023\/09\/Massape-vence-Padre-Marcos-por-3-\u00d7-1-em-placar-agregado-pela-II-Copa-AMVI-IMG_0968-683x1024.jpg 683w, https:\/\/infonewss.com\/wp-content\/uploads\/2023\/09\/Massape-vence-Padre-Marcos-por-3-\u00d7-1-em-placar-agregado-pela-II-Copa-AMVI-IMG_0968-768x1152.jpg 768w, https:\/\/infonewss.com\/wp-content\/uploads\/2023\/09\/Massape-vence-Padre-Marcos-por-3-\u00d7-1-em-placar-agregado-pela-II-Copa-AMVI-IMG_0968-150x225.jpg 150w, https:\/\/infonewss.com\/wp-content\/uploads\/2023\/09\/Massape-vence-Padre-Marcos-por-3-\u00d7-1-em-placar-agregado-pela-II-Copa-AMVI-IMG_0968-300x450.jpg 300w, https:\/\/infonewss.com\/wp-content\/uploads\/2023\/09\/Massape-vence-Padre-Marcos-por-3-\u00d7-1-em-placar-agregado-pela-II-Copa-AMVI-IMG_0968-696x1044.jpg 696w, https:\/\/infonewss.com\/wp-content\/uploads\/2023\/09\/Massape-vence-Padre-Marcos-por-3-\u00d7-1-em-placar-agregado-pela-II-Copa-AMVI-IMG_0968.jpg 900w\" alt=\"\" width=\"200\" height=\"300\" data-srcset=\"https:\/\/infonewss.com\/wp-content\/uploads\/2023\/09\/Massape-vence-Padre-Marcos-por-3-\u00d7-1-em-placar-agregado-pela-II-Copa-AMVI-IMG_0968-200x300.jpg 200w, https:\/\/infonewss.com\/wp-content\/uploads\/2023\/09\/Massape-vence-Padre-Marcos-por-3-\u00d7-1-em-placar-agregado-pela-II-Copa-AMVI-IMG_0968-683x1024.jpg 683w, https:\/\/infonewss.com\/wp-content\/uploads\/2023\/09\/Massape-vence-Padre-Marcos-por-3-\u00d7-1-em-placar-agregado-pela-II-Copa-AMVI-IMG_0968-768x1152.jpg 768w, https:\/\/infonewss.com\/wp-content\/uploads\/2023\/09\/Massape-vence-Padre-Marcos-por-3-\u00d7-1-em-placar-agregado-pela-II-Copa-AMVI-IMG_0968-150x225.jpg 150w, https:\/\/infonewss.com\/wp-content\/uploads\/2023\/09\/Massape-vence-Padre-Marcos-por-3-\u00d7-1-em-placar-agregado-pela-II-Copa-AMVI-IMG_0968-300x450.jpg 300w, https:\/\/infonewss.com\/wp-content\/uploads\/2023\/09\/Massape-vence-Padre-Marcos-por-3-\u00d7-1-em-placar-agregado-pela-II-Copa-AMVI-IMG_0968-696x1044.jpg 696w, https:\/\/infonewss.com\/wp-content\/uploads\/2023\/09\/Massape-vence-Padre-Marcos-por-3-\u00d7-1-em-placar-agregado-pela-II-Copa-AMVI-IMG_0968.jpg 900w\" data-src=\"https:\/\/infonewss.com\/wp-content\/uploads\/2023\/09\/Massape-vence-Padre-Marcos-por-3-\u00d7-1-em-placar-agregado-pela-II-Copa-AMVI-IMG_0968-200x300.jpg\" data-sizes=\"(max-width: 200px) 100vw, 200px\" \/><\/a><\/div>\n<\/figure>\n<figure class=\"gallery-item\">\n<div class=\"gallery-icon landscape\"><a href=\"https:\/\/infonewss.com\/wp-content\/uploads\/2023\/09\/Massape-vence-Padre-Marcos-por-3-%C3%97-1-em-placar-agregado-pela-II-Copa-AMVI-IMG_0970.jpg\"><img loading=\"lazy\" decoding=\"async\" class=\"attachment-medium size-medium lazyloaded\" src=\"https:\/\/infonewss.com\/wp-content\/uploads\/2023\/09\/Massape-vence-Padre-Marcos-por-3-%C3%97-1-em-placar-agregado-pela-II-Copa-AMVI-IMG_0970-300x200.jpg\" sizes=\"(max-width: 300px) 100vw, 300px\" srcset=\"https:\/\/infonewss.com\/wp-content\/uploads\/2023\/09\/Massape-vence-Padre-Marcos-por-3-\u00d7-1-em-placar-agregado-pela-II-Copa-AMVI-IMG_0970-300x200.jpg 300w, https:\/\/infonewss.com\/wp-content\/uploads\/2023\/09\/Massape-vence-Padre-Marcos-por-3-\u00d7-1-em-placar-agregado-pela-II-Copa-AMVI-IMG_0970-768x512.jpg 768w, https:\/\/infonewss.com\/wp-content\/uploads\/2023\/09\/Massape-vence-Padre-Marcos-por-3-\u00d7-1-em-placar-agregado-pela-II-Copa-AMVI-IMG_0970-150x100.jpg 150w, https:\/\/infonewss.com\/wp-content\/uploads\/2023\/09\/Massape-vence-Padre-Marcos-por-3-\u00d7-1-em-placar-agregado-pela-II-Copa-AMVI-IMG_0970-696x464.jpg 696w, https:\/\/infonewss.com\/wp-content\/uploads\/2023\/09\/Massape-vence-Padre-Marcos-por-3-\u00d7-1-em-placar-agregado-pela-II-Copa-AMVI-IMG_0970.jpg 900w\" alt=\"\" width=\"300\" height=\"200\" data-srcset=\"https:\/\/infonewss.com\/wp-content\/uploads\/2023\/09\/Massape-vence-Padre-Marcos-por-3-\u00d7-1-em-placar-agregado-pela-II-Copa-AMVI-IMG_0970-300x200.jpg 300w, https:\/\/infonewss.com\/wp-content\/uploads\/2023\/09\/Massape-vence-Padre-Marcos-por-3-\u00d7-1-em-placar-agregado-pela-II-Copa-AMVI-IMG_0970-768x512.jpg 768w, https:\/\/infonewss.com\/wp-content\/uploads\/2023\/09\/Massape-vence-Padre-Marcos-por-3-\u00d7-1-em-placar-agregado-pela-II-Copa-AMVI-IMG_0970-150x100.jpg 150w, https:\/\/infonewss.com\/wp-content\/uploads\/2023\/09\/Massape-vence-Padre-Marcos-por-3-\u00d7-1-em-placar-agregado-pela-II-Copa-AMVI-IMG_0970-696x464.jpg 696w, https:\/\/infonewss.com\/wp-content\/uploads\/2023\/09\/Massape-vence-Padre-Marcos-por-3-\u00d7-1-em-placar-agregado-pela-II-Copa-AMVI-IMG_0970.jpg 900w\" data-src=\"https:\/\/infonewss.com\/wp-content\/uploads\/2023\/09\/Massape-vence-Padre-Marcos-por-3-\u00d7-1-em-placar-agregado-pela-II-Copa-AMVI-IMG_0970-300x200.jpg\" data-sizes=\"(max-width: 300px) 100vw, 300px\" \/><\/a><\/div>\n<\/figure>\n<figure class=\"gallery-item\">\n<div class=\"gallery-icon landscape\"><a href=\"https:\/\/infonewss.com\/wp-content\/uploads\/2023\/09\/Massape-vence-Padre-Marcos-por-3-%C3%97-1-em-placar-agregado-pela-II-Copa-AMVI-IMG_0971.jpg\"><img loading=\"lazy\" decoding=\"async\" class=\"attachment-medium size-medium lazyloaded\" src=\"https:\/\/infonewss.com\/wp-content\/uploads\/2023\/09\/Massape-vence-Padre-Marcos-por-3-%C3%97-1-em-placar-agregado-pela-II-Copa-AMVI-IMG_0971-300x200.jpg\" sizes=\"(max-width: 300px) 100vw, 300px\" srcset=\"https:\/\/infonewss.com\/wp-content\/uploads\/2023\/09\/Massape-vence-Padre-Marcos-por-3-\u00d7-1-em-placar-agregado-pela-II-Copa-AMVI-IMG_0971-300x200.jpg 300w, https:\/\/infonewss.com\/wp-content\/uploads\/2023\/09\/Massape-vence-Padre-Marcos-por-3-\u00d7-1-em-placar-agregado-pela-II-Copa-AMVI-IMG_0971-768x512.jpg 768w, https:\/\/infonewss.com\/wp-content\/uploads\/2023\/09\/Massape-vence-Padre-Marcos-por-3-\u00d7-1-em-placar-agregado-pela-II-Copa-AMVI-IMG_0971-150x100.jpg 150w, https:\/\/infonewss.com\/wp-content\/uploads\/2023\/09\/Massape-vence-Padre-Marcos-por-3-\u00d7-1-em-placar-agregado-pela-II-Copa-AMVI-IMG_0971-696x464.jpg 696w, https:\/\/infonewss.com\/wp-content\/uploads\/2023\/09\/Massape-vence-Padre-Marcos-por-3-\u00d7-1-em-placar-agregado-pela-II-Copa-AMVI-IMG_0971.jpg 900w\" alt=\"\" width=\"300\" height=\"200\" data-srcset=\"https:\/\/infonewss.com\/wp-content\/uploads\/2023\/09\/Massape-vence-Padre-Marcos-por-3-\u00d7-1-em-placar-agregado-pela-II-Copa-AMVI-IMG_0971-300x200.jpg 300w, https:\/\/infonewss.com\/wp-content\/uploads\/2023\/09\/Massape-vence-Padre-Marcos-por-3-\u00d7-1-em-placar-agregado-pela-II-Copa-AMVI-IMG_0971-768x512.jpg 768w, https:\/\/infonewss.com\/wp-content\/uploads\/2023\/09\/Massape-vence-Padre-Marcos-por-3-\u00d7-1-em-placar-agregado-pela-II-Copa-AMVI-IMG_0971-150x100.jpg 150w, https:\/\/infonewss.com\/wp-content\/uploads\/2023\/09\/Massape-vence-Padre-Marcos-por-3-\u00d7-1-em-placar-agregado-pela-II-Copa-AMVI-IMG_0971-696x464.jpg 696w, https:\/\/infonewss.com\/wp-content\/uploads\/2023\/09\/Massape-vence-Padre-Marcos-por-3-\u00d7-1-em-placar-agregado-pela-II-Copa-AMVI-IMG_0971.jpg 900w\" data-src=\"https:\/\/infonewss.com\/wp-content\/uploads\/2023\/09\/Massape-vence-Padre-Marcos-por-3-\u00d7-1-em-placar-agregado-pela-II-Copa-AMVI-IMG_0971-300x200.jpg\" data-sizes=\"(max-width: 300px) 100vw, 300px\" \/><\/a><\/div>\n<\/figure>\n<figure class=\"gallery-item\">\n<div class=\"gallery-icon portrait\"><a href=\"https:\/\/infonewss.com\/wp-content\/uploads\/2023\/09\/Massape-vence-Padre-Marcos-por-3-%C3%97-1-em-placar-agregado-pela-II-Copa-AMVI-IMG_0974.jpg\"><img loading=\"lazy\" decoding=\"async\" class=\"attachment-medium size-medium lazyloaded\" src=\"https:\/\/infonewss.com\/wp-content\/uploads\/2023\/09\/Massape-vence-Padre-Marcos-por-3-%C3%97-1-em-placar-agregado-pela-II-Copa-AMVI-IMG_0974-200x300.jpg\" sizes=\"(max-width: 200px) 100vw, 200px\" srcset=\"https:\/\/infonewss.com\/wp-content\/uploads\/2023\/09\/Massape-vence-Padre-Marcos-por-3-\u00d7-1-em-placar-agregado-pela-II-Copa-AMVI-IMG_0974-200x300.jpg 200w, https:\/\/infonewss.com\/wp-content\/uploads\/2023\/09\/Massape-vence-Padre-Marcos-por-3-\u00d7-1-em-placar-agregado-pela-II-Copa-AMVI-IMG_0974-683x1024.jpg 683w, https:\/\/infonewss.com\/wp-content\/uploads\/2023\/09\/Massape-vence-Padre-Marcos-por-3-\u00d7-1-em-placar-agregado-pela-II-Copa-AMVI-IMG_0974-768x1152.jpg 768w, https:\/\/infonewss.com\/wp-content\/uploads\/2023\/09\/Massape-vence-Padre-Marcos-por-3-\u00d7-1-em-placar-agregado-pela-II-Copa-AMVI-IMG_0974-150x225.jpg 150w, https:\/\/infonewss.com\/wp-content\/uploads\/2023\/09\/Massape-vence-Padre-Marcos-por-3-\u00d7-1-em-placar-agregado-pela-II-Copa-AMVI-IMG_0974-300x450.jpg 300w, https:\/\/infonewss.com\/wp-content\/uploads\/2023\/09\/Massape-vence-Padre-Marcos-por-3-\u00d7-1-em-placar-agregado-pela-II-Copa-AMVI-IMG_0974-696x1044.jpg 696w, https:\/\/infonewss.com\/wp-content\/uploads\/2023\/09\/Massape-vence-Padre-Marcos-por-3-\u00d7-1-em-placar-agregado-pela-II-Copa-AMVI-IMG_0974.jpg 900w\" alt=\"\" width=\"200\" height=\"300\" data-srcset=\"https:\/\/infonewss.com\/wp-content\/uploads\/2023\/09\/Massape-vence-Padre-Marcos-por-3-\u00d7-1-em-placar-agregado-pela-II-Copa-AMVI-IMG_0974-200x300.jpg 200w, https:\/\/infonewss.com\/wp-content\/uploads\/2023\/09\/Massape-vence-Padre-Marcos-por-3-\u00d7-1-em-placar-agregado-pela-II-Copa-AMVI-IMG_0974-683x1024.jpg 683w, https:\/\/infonewss.com\/wp-content\/uploads\/2023\/09\/Massape-vence-Padre-Marcos-por-3-\u00d7-1-em-placar-agregado-pela-II-Copa-AMVI-IMG_0974-768x1152.jpg 768w, https:\/\/infonewss.com\/wp-content\/uploads\/2023\/09\/Massape-vence-Padre-Marcos-por-3-\u00d7-1-em-placar-agregado-pela-II-Copa-AMVI-IMG_0974-150x225.jpg 150w, https:\/\/infonewss.com\/wp-content\/uploads\/2023\/09\/Massape-vence-Padre-Marcos-por-3-\u00d7-1-em-placar-agregado-pela-II-Copa-AMVI-IMG_0974-300x450.jpg 300w, https:\/\/infonewss.com\/wp-content\/uploads\/2023\/09\/Massape-vence-Padre-Marcos-por-3-\u00d7-1-em-placar-agregado-pela-II-Copa-AMVI-IMG_0974-696x1044.jpg 696w, https:\/\/infonewss.com\/wp-content\/uploads\/2023\/09\/Massape-vence-Padre-Marcos-por-3-\u00d7-1-em-placar-agregado-pela-II-Copa-AMVI-IMG_0974.jpg 900w\" data-src=\"https:\/\/infonewss.com\/wp-content\/uploads\/2023\/09\/Massape-vence-Padre-Marcos-por-3-\u00d7-1-em-placar-agregado-pela-II-Copa-AMVI-IMG_0974-200x300.jpg\" data-sizes=\"(max-width: 200px) 100vw, 200px\" \/><\/a><\/div>\n<\/figure>\n<figure class=\"gallery-item\">\n<div class=\"gallery-icon portrait\"><a href=\"https:\/\/infonewss.com\/wp-content\/uploads\/2023\/09\/Massape-vence-Padre-Marcos-por-3-%C3%97-1-em-placar-agregado-pela-II-Copa-AMVI-IMG_0976.jpg\"><img loading=\"lazy\" decoding=\"async\" class=\"attachment-medium size-medium lazyloaded\" src=\"https:\/\/infonewss.com\/wp-content\/uploads\/2023\/09\/Massape-vence-Padre-Marcos-por-3-%C3%97-1-em-placar-agregado-pela-II-Copa-AMVI-IMG_0976-200x300.jpg\" sizes=\"(max-width: 200px) 100vw, 200px\" srcset=\"https:\/\/infonewss.com\/wp-content\/uploads\/2023\/09\/Massape-vence-Padre-Marcos-por-3-\u00d7-1-em-placar-agregado-pela-II-Copa-AMVI-IMG_0976-200x300.jpg 200w, https:\/\/infonewss.com\/wp-content\/uploads\/2023\/09\/Massape-vence-Padre-Marcos-por-3-\u00d7-1-em-placar-agregado-pela-II-Copa-AMVI-IMG_0976-683x1024.jpg 683w, https:\/\/infonewss.com\/wp-content\/uploads\/2023\/09\/Massape-vence-Padre-Marcos-por-3-\u00d7-1-em-placar-agregado-pela-II-Copa-AMVI-IMG_0976-768x1152.jpg 768w, https:\/\/infonewss.com\/wp-content\/uploads\/2023\/09\/Massape-vence-Padre-Marcos-por-3-\u00d7-1-em-placar-agregado-pela-II-Copa-AMVI-IMG_0976-150x225.jpg 150w, https:\/\/infonewss.com\/wp-content\/uploads\/2023\/09\/Massape-vence-Padre-Marcos-por-3-\u00d7-1-em-placar-agregado-pela-II-Copa-AMVI-IMG_0976-300x450.jpg 300w, https:\/\/infonewss.com\/wp-content\/uploads\/2023\/09\/Massape-vence-Padre-Marcos-por-3-\u00d7-1-em-placar-agregado-pela-II-Copa-AMVI-IMG_0976-696x1044.jpg 696w, https:\/\/infonewss.com\/wp-content\/uploads\/2023\/09\/Massape-vence-Padre-Marcos-por-3-\u00d7-1-em-placar-agregado-pela-II-Copa-AMVI-IMG_0976.jpg 900w\" alt=\"\" width=\"200\" height=\"300\" data-srcset=\"https:\/\/infonewss.com\/wp-content\/uploads\/2023\/09\/Massape-vence-Padre-Marcos-por-3-\u00d7-1-em-placar-agregado-pela-II-Copa-AMVI-IMG_0976-200x300.jpg 200w, https:\/\/infonewss.com\/wp-content\/uploads\/2023\/09\/Massape-vence-Padre-Marcos-por-3-\u00d7-1-em-placar-agregado-pela-II-Copa-AMVI-IMG_0976-683x1024.jpg 683w, https:\/\/infonewss.com\/wp-content\/uploads\/2023\/09\/Massape-vence-Padre-Marcos-por-3-\u00d7-1-em-placar-agregado-pela-II-Copa-AMVI-IMG_0976-768x1152.jpg 768w, https:\/\/infonewss.com\/wp-content\/uploads\/2023\/09\/Massape-vence-Padre-Marcos-por-3-\u00d7-1-em-placar-agregado-pela-II-Copa-AMVI-IMG_0976-150x225.jpg 150w, https:\/\/infonewss.com\/wp-content\/uploads\/2023\/09\/Massape-vence-Padre-Marcos-por-3-\u00d7-1-em-placar-agregado-pela-II-Copa-AMVI-IMG_0976-300x450.jpg 300w, https:\/\/infonewss.com\/wp-content\/uploads\/2023\/09\/Massape-vence-Padre-Marcos-por-3-\u00d7-1-em-placar-agregado-pela-II-Copa-AMVI-IMG_0976-696x1044.jpg 696w, https:\/\/infonewss.com\/wp-content\/uploads\/2023\/09\/Massape-vence-Padre-Marcos-por-3-\u00d7-1-em-placar-agregado-pela-II-Copa-AMVI-IMG_0976.jpg 900w\" data-src=\"https:\/\/infonewss.com\/wp-content\/uploads\/2023\/09\/Massape-vence-Padre-Marcos-por-3-\u00d7-1-em-placar-agregado-pela-II-Copa-AMVI-IMG_0976-200x300.jpg\" data-sizes=\"(max-width: 200px) 100vw, 200px\" \/><\/a><\/div>\n<\/figure>\n<figure class=\"gallery-item\">\n<div class=\"gallery-icon portrait\"><a href=\"https:\/\/infonewss.com\/wp-content\/uploads\/2023\/09\/Massape-vence-Padre-Marcos-por-3-%C3%97-1-em-placar-agregado-pela-II-Copa-AMVI-IMG_0978.jpg\"><img loading=\"lazy\" decoding=\"async\" class=\"attachment-medium size-medium lazyloaded\" src=\"https:\/\/infonewss.com\/wp-content\/uploads\/2023\/09\/Massape-vence-Padre-Marcos-por-3-%C3%97-1-em-placar-agregado-pela-II-Copa-AMVI-IMG_0978-200x300.jpg\" sizes=\"(max-width: 200px) 100vw, 200px\" srcset=\"https:\/\/infonewss.com\/wp-content\/uploads\/2023\/09\/Massape-vence-Padre-Marcos-por-3-\u00d7-1-em-placar-agregado-pela-II-Copa-AMVI-IMG_0978-200x300.jpg 200w, https:\/\/infonewss.com\/wp-content\/uploads\/2023\/09\/Massape-vence-Padre-Marcos-por-3-\u00d7-1-em-placar-agregado-pela-II-Copa-AMVI-IMG_0978-683x1024.jpg 683w, https:\/\/infonewss.com\/wp-content\/uploads\/2023\/09\/Massape-vence-Padre-Marcos-por-3-\u00d7-1-em-placar-agregado-pela-II-Copa-AMVI-IMG_0978-768x1152.jpg 768w, https:\/\/infonewss.com\/wp-content\/uploads\/2023\/09\/Massape-vence-Padre-Marcos-por-3-\u00d7-1-em-placar-agregado-pela-II-Copa-AMVI-IMG_0978-150x225.jpg 150w, https:\/\/infonewss.com\/wp-content\/uploads\/2023\/09\/Massape-vence-Padre-Marcos-por-3-\u00d7-1-em-placar-agregado-pela-II-Copa-AMVI-IMG_0978-300x450.jpg 300w, https:\/\/infonewss.com\/wp-content\/uploads\/2023\/09\/Massape-vence-Padre-Marcos-por-3-\u00d7-1-em-placar-agregado-pela-II-Copa-AMVI-IMG_0978-696x1044.jpg 696w, https:\/\/infonewss.com\/wp-content\/uploads\/2023\/09\/Massape-vence-Padre-Marcos-por-3-\u00d7-1-em-placar-agregado-pela-II-Copa-AMVI-IMG_0978.jpg 900w\" alt=\"\" width=\"200\" height=\"300\" data-srcset=\"https:\/\/infonewss.com\/wp-content\/uploads\/2023\/09\/Massape-vence-Padre-Marcos-por-3-\u00d7-1-em-placar-agregado-pela-II-Copa-AMVI-IMG_0978-200x300.jpg 200w, https:\/\/infonewss.com\/wp-content\/uploads\/2023\/09\/Massape-vence-Padre-Marcos-por-3-\u00d7-1-em-placar-agregado-pela-II-Copa-AMVI-IMG_0978-683x1024.jpg 683w, https:\/\/infonewss.com\/wp-content\/uploads\/2023\/09\/Massape-vence-Padre-Marcos-por-3-\u00d7-1-em-placar-agregado-pela-II-Copa-AMVI-IMG_0978-768x1152.jpg 768w, https:\/\/infonewss.com\/wp-content\/uploads\/2023\/09\/Massape-vence-Padre-Marcos-por-3-\u00d7-1-em-placar-agregado-pela-II-Copa-AMVI-IMG_0978-150x225.jpg 150w, https:\/\/infonewss.com\/wp-content\/uploads\/2023\/09\/Massape-vence-Padre-Marcos-por-3-\u00d7-1-em-placar-agregado-pela-II-Copa-AMVI-IMG_0978-300x450.jpg 300w, https:\/\/infonewss.com\/wp-content\/uploads\/2023\/09\/Massape-vence-Padre-Marcos-por-3-\u00d7-1-em-placar-agregado-pela-II-Copa-AMVI-IMG_0978-696x1044.jpg 696w, https:\/\/infonewss.com\/wp-content\/uploads\/2023\/09\/Massape-vence-Padre-Marcos-por-3-\u00d7-1-em-placar-agregado-pela-II-Copa-AMVI-IMG_0978.jpg 900w\" data-src=\"https:\/\/infonewss.com\/wp-content\/uploads\/2023\/09\/Massape-vence-Padre-Marcos-por-3-\u00d7-1-em-placar-agregado-pela-II-Copa-AMVI-IMG_0978-200x300.jpg\" data-sizes=\"(max-width: 200px) 100vw, 200px\" \/><\/a><\/div>\n<\/figure>\n<figure class=\"gallery-item\">\n<div class=\"gallery-icon portrait\"><a href=\"https:\/\/infonewss.com\/wp-content\/uploads\/2023\/09\/Massape-vence-Padre-Marcos-por-3-%C3%97-1-em-placar-agregado-pela-II-Copa-AMVI-IMG_0981.jpg\"><img loading=\"lazy\" decoding=\"async\" class=\"attachment-medium size-medium lazyloaded\" src=\"https:\/\/infonewss.com\/wp-content\/uploads\/2023\/09\/Massape-vence-Padre-Marcos-por-3-%C3%97-1-em-placar-agregado-pela-II-Copa-AMVI-IMG_0981-200x300.jpg\" sizes=\"(max-width: 200px) 100vw, 200px\" srcset=\"https:\/\/infonewss.com\/wp-content\/uploads\/2023\/09\/Massape-vence-Padre-Marcos-por-3-\u00d7-1-em-placar-agregado-pela-II-Copa-AMVI-IMG_0981-200x300.jpg 200w, https:\/\/infonewss.com\/wp-content\/uploads\/2023\/09\/Massape-vence-Padre-Marcos-por-3-\u00d7-1-em-placar-agregado-pela-II-Copa-AMVI-IMG_0981-683x1024.jpg 683w, https:\/\/infonewss.com\/wp-content\/uploads\/2023\/09\/Massape-vence-Padre-Marcos-por-3-\u00d7-1-em-placar-agregado-pela-II-Copa-AMVI-IMG_0981-768x1152.jpg 768w, https:\/\/infonewss.com\/wp-content\/uploads\/2023\/09\/Massape-vence-Padre-Marcos-por-3-\u00d7-1-em-placar-agregado-pela-II-Copa-AMVI-IMG_0981-150x225.jpg 150w, https:\/\/infonewss.com\/wp-content\/uploads\/2023\/09\/Massape-vence-Padre-Marcos-por-3-\u00d7-1-em-placar-agregado-pela-II-Copa-AMVI-IMG_0981-300x450.jpg 300w, https:\/\/infonewss.com\/wp-content\/uploads\/2023\/09\/Massape-vence-Padre-Marcos-por-3-\u00d7-1-em-placar-agregado-pela-II-Copa-AMVI-IMG_0981-696x1044.jpg 696w, https:\/\/infonewss.com\/wp-content\/uploads\/2023\/09\/Massape-vence-Padre-Marcos-por-3-\u00d7-1-em-placar-agregado-pela-II-Copa-AMVI-IMG_0981.jpg 900w\" alt=\"\" width=\"200\" height=\"300\" data-srcset=\"https:\/\/infonewss.com\/wp-content\/uploads\/2023\/09\/Massape-vence-Padre-Marcos-por-3-\u00d7-1-em-placar-agregado-pela-II-Copa-AMVI-IMG_0981-200x300.jpg 200w, https:\/\/infonewss.com\/wp-content\/uploads\/2023\/09\/Massape-vence-Padre-Marcos-por-3-\u00d7-1-em-placar-agregado-pela-II-Copa-AMVI-IMG_0981-683x1024.jpg 683w, https:\/\/infonewss.com\/wp-content\/uploads\/2023\/09\/Massape-vence-Padre-Marcos-por-3-\u00d7-1-em-placar-agregado-pela-II-Copa-AMVI-IMG_0981-768x1152.jpg 768w, https:\/\/infonewss.com\/wp-content\/uploads\/2023\/09\/Massape-vence-Padre-Marcos-por-3-\u00d7-1-em-placar-agregado-pela-II-Copa-AMVI-IMG_0981-150x225.jpg 150w, https:\/\/infonewss.com\/wp-content\/uploads\/2023\/09\/Massape-vence-Padre-Marcos-por-3-\u00d7-1-em-placar-agregado-pela-II-Copa-AMVI-IMG_0981-300x450.jpg 300w, https:\/\/infonewss.com\/wp-content\/uploads\/2023\/09\/Massape-vence-Padre-Marcos-por-3-\u00d7-1-em-placar-agregado-pela-II-Copa-AMVI-IMG_0981-696x1044.jpg 696w, https:\/\/infonewss.com\/wp-content\/uploads\/2023\/09\/Massape-vence-Padre-Marcos-por-3-\u00d7-1-em-placar-agregado-pela-II-Copa-AMVI-IMG_0981.jpg 900w\" data-src=\"https:\/\/infonewss.com\/wp-content\/uploads\/2023\/09\/Massape-vence-Padre-Marcos-por-3-\u00d7-1-em-placar-agregado-pela-II-Copa-AMVI-IMG_0981-200x300.jpg\" data-sizes=\"(max-width: 200px) 100vw, 200px\" \/><\/a><\/div>\n<\/figure>\n<figure class=\"gallery-item\">\n<div class=\"gallery-icon landscape\"><a href=\"https:\/\/infonewss.com\/wp-content\/uploads\/2023\/09\/Massape-vence-Padre-Marcos-por-3-%C3%97-1-em-placar-agregado-pela-II-Copa-AMVI-IMG_0983.jpg\"><img loading=\"lazy\" decoding=\"async\" class=\"attachment-medium size-medium lazyload\" src=\"data:image\/gif;base64,R0lGODlhAQABAAAAACH5BAEKAAEALAAAAAABAAEAAAICTAEAOw==\" alt=\"\" width=\"300\" height=\"200\" data-srcset=\"https:\/\/infonewss.com\/wp-content\/uploads\/2023\/09\/Massape-vence-Padre-Marcos-por-3-\u00d7-1-em-placar-agregado-pela-II-Copa-AMVI-IMG_0983-300x200.jpg 300w, https:\/\/infonewss.com\/wp-content\/uploads\/2023\/09\/Massape-vence-Padre-Marcos-por-3-\u00d7-1-em-placar-agregado-pela-II-Copa-AMVI-IMG_0983-768x512.jpg 768w, https:\/\/infonewss.com\/wp-content\/uploads\/2023\/09\/Massape-vence-Padre-Marcos-por-3-\u00d7-1-em-placar-agregado-pela-II-Copa-AMVI-IMG_0983-150x100.jpg 150w, https:\/\/infonewss.com\/wp-content\/uploads\/2023\/09\/Massape-vence-Padre-Marcos-por-3-\u00d7-1-em-placar-agregado-pela-II-Copa-AMVI-IMG_0983-696x464.jpg 696w, https:\/\/infonewss.com\/wp-content\/uploads\/2023\/09\/Massape-vence-Padre-Marcos-por-3-\u00d7-1-em-placar-agregado-pela-II-Copa-AMVI-IMG_0983.jpg 900w\" data-src=\"https:\/\/infonewss.com\/wp-content\/uploads\/2023\/09\/Massape-vence-Padre-Marcos-por-3-\u00d7-1-em-placar-agregado-pela-II-Copa-AMVI-IMG_0983-300x200.jpg\" data-sizes=\"(max-width: 300px) 100vw, 300px\" \/><\/a><\/div>\n<\/figure>\n<figure class=\"gallery-item\">\n<div class=\"gallery-icon landscape\"><a href=\"https:\/\/infonewss.com\/wp-content\/uploads\/2023\/09\/Massape-vence-Padre-Marcos-por-3-%C3%97-1-em-placar-agregado-pela-II-Copa-AMVI-IMG_0987.jpg\"><img loading=\"lazy\" decoding=\"async\" class=\"attachment-medium size-medium lazyload\" src=\"data:image\/gif;base64,R0lGODlhAQABAAAAACH5BAEKAAEALAAAAAABAAEAAAICTAEAOw==\" alt=\"\" width=\"300\" height=\"200\" data-srcset=\"https:\/\/infonewss.com\/wp-content\/uploads\/2023\/09\/Massape-vence-Padre-Marcos-por-3-\u00d7-1-em-placar-agregado-pela-II-Copa-AMVI-IMG_0987-300x200.jpg 300w, https:\/\/infonewss.com\/wp-content\/uploads\/2023\/09\/Massape-vence-Padre-Marcos-por-3-\u00d7-1-em-placar-agregado-pela-II-Copa-AMVI-IMG_0987-768x512.jpg 768w, https:\/\/infonewss.com\/wp-content\/uploads\/2023\/09\/Massape-vence-Padre-Marcos-por-3-\u00d7-1-em-placar-agregado-pela-II-Copa-AMVI-IMG_0987-150x100.jpg 150w, https:\/\/infonewss.com\/wp-content\/uploads\/2023\/09\/Massape-vence-Padre-Marcos-por-3-\u00d7-1-em-placar-agregado-pela-II-Copa-AMVI-IMG_0987-696x464.jpg 696w, https:\/\/infonewss.com\/wp-content\/uploads\/2023\/09\/Massape-vence-Padre-Marcos-por-3-\u00d7-1-em-placar-agregado-pela-II-Copa-AMVI-IMG_0987.jpg 900w\" data-src=\"https:\/\/infonewss.com\/wp-content\/uploads\/2023\/09\/Massape-vence-Padre-Marcos-por-3-\u00d7-1-em-placar-agregado-pela-II-Copa-AMVI-IMG_0987-300x200.jpg\" data-sizes=\"(max-width: 300px) 100vw, 300px\" \/><\/a><\/div>\n<\/figure>\n<figure class=\"gallery-item\">\n<div class=\"gallery-icon landscape\"><a href=\"https:\/\/infonewss.com\/wp-content\/uploads\/2023\/09\/Massape-vence-Padre-Marcos-por-3-%C3%97-1-em-placar-agregado-pela-II-Copa-AMVI-IMG_0989.jpg\"><img loading=\"lazy\" decoding=\"async\" class=\"attachment-medium size-medium lazyload\" src=\"data:image\/gif;base64,R0lGODlhAQABAAAAACH5BAEKAAEALAAAAAABAAEAAAICTAEAOw==\" alt=\"\" width=\"300\" height=\"200\" data-srcset=\"https:\/\/infonewss.com\/wp-content\/uploads\/2023\/09\/Massape-vence-Padre-Marcos-por-3-\u00d7-1-em-placar-agregado-pela-II-Copa-AMVI-IMG_0989-300x200.jpg 300w, https:\/\/infonewss.com\/wp-content\/uploads\/2023\/09\/Massape-vence-Padre-Marcos-por-3-\u00d7-1-em-placar-agregado-pela-II-Copa-AMVI-IMG_0989-768x512.jpg 768w, https:\/\/infonewss.com\/wp-content\/uploads\/2023\/09\/Massape-vence-Padre-Marcos-por-3-\u00d7-1-em-placar-agregado-pela-II-Copa-AMVI-IMG_0989-150x100.jpg 150w, https:\/\/infonewss.com\/wp-content\/uploads\/2023\/09\/Massape-vence-Padre-Marcos-por-3-\u00d7-1-em-placar-agregado-pela-II-Copa-AMVI-IMG_0989-696x464.jpg 696w, https:\/\/infonewss.com\/wp-content\/uploads\/2023\/09\/Massape-vence-Padre-Marcos-por-3-\u00d7-1-em-placar-agregado-pela-II-Copa-AMVI-IMG_0989.jpg 900w\" data-src=\"https:\/\/infonewss.com\/wp-content\/uploads\/2023\/09\/Massape-vence-Padre-Marcos-por-3-\u00d7-1-em-placar-agregado-pela-II-Copa-AMVI-IMG_0989-300x200.jpg\" data-sizes=\"(max-width: 300px) 100vw, 300px\" \/><\/a><\/div>\n<\/figure>\n<figure class=\"gallery-item\">\n<div class=\"gallery-icon portrait\"><a href=\"https:\/\/infonewss.com\/wp-content\/uploads\/2023\/09\/Massape-vence-Padre-Marcos-por-3-%C3%97-1-em-placar-agregado-pela-II-Copa-AMVI-IMG_0993.jpg\"><img loading=\"lazy\" decoding=\"async\" class=\"attachment-medium size-medium lazyload\" src=\"data:image\/gif;base64,R0lGODlhAQABAAAAACH5BAEKAAEALAAAAAABAAEAAAICTAEAOw==\" alt=\"\" width=\"200\" height=\"300\" data-srcset=\"https:\/\/infonewss.com\/wp-content\/uploads\/2023\/09\/Massape-vence-Padre-Marcos-por-3-\u00d7-1-em-placar-agregado-pela-II-Copa-AMVI-IMG_0993-200x300.jpg 200w, https:\/\/infonewss.com\/wp-content\/uploads\/2023\/09\/Massape-vence-Padre-Marcos-por-3-\u00d7-1-em-placar-agregado-pela-II-Copa-AMVI-IMG_0993-683x1024.jpg 683w, https:\/\/infonewss.com\/wp-content\/uploads\/2023\/09\/Massape-vence-Padre-Marcos-por-3-\u00d7-1-em-placar-agregado-pela-II-Copa-AMVI-IMG_0993-768x1152.jpg 768w, https:\/\/infonewss.com\/wp-content\/uploads\/2023\/09\/Massape-vence-Padre-Marcos-por-3-\u00d7-1-em-placar-agregado-pela-II-Copa-AMVI-IMG_0993-150x225.jpg 150w, https:\/\/infonewss.com\/wp-content\/uploads\/2023\/09\/Massape-vence-Padre-Marcos-por-3-\u00d7-1-em-placar-agregado-pela-II-Copa-AMVI-IMG_0993-300x450.jpg 300w, https:\/\/infonewss.com\/wp-content\/uploads\/2023\/09\/Massape-vence-Padre-Marcos-por-3-\u00d7-1-em-placar-agregado-pela-II-Copa-AMVI-IMG_0993-696x1044.jpg 696w, https:\/\/infonewss.com\/wp-content\/uploads\/2023\/09\/Massape-vence-Padre-Marcos-por-3-\u00d7-1-em-placar-agregado-pela-II-Copa-AMVI-IMG_0993.jpg 900w\" data-src=\"https:\/\/infonewss.com\/wp-content\/uploads\/2023\/09\/Massape-vence-Padre-Marcos-por-3-\u00d7-1-em-placar-agregado-pela-II-Copa-AMVI-IMG_0993-200x300.jpg\" data-sizes=\"(max-width: 200px) 100vw, 200px\" \/><\/a><\/div>\n<\/figure>\n<figure class=\"gallery-item\">\n<div class=\"gallery-icon portrait\"><a href=\"https:\/\/infonewss.com\/wp-content\/uploads\/2023\/09\/Massape-vence-Padre-Marcos-por-3-%C3%97-1-em-placar-agregado-pela-II-Copa-AMVI-IMG_0994.jpg\"><img loading=\"lazy\" decoding=\"async\" class=\"attachment-medium size-medium lazyload\" src=\"data:image\/gif;base64,R0lGODlhAQABAAAAACH5BAEKAAEALAAAAAABAAEAAAICTAEAOw==\" alt=\"\" width=\"200\" height=\"300\" data-srcset=\"https:\/\/infonewss.com\/wp-content\/uploads\/2023\/09\/Massape-vence-Padre-Marcos-por-3-\u00d7-1-em-placar-agregado-pela-II-Copa-AMVI-IMG_0994-200x300.jpg 200w, https:\/\/infonewss.com\/wp-content\/uploads\/2023\/09\/Massape-vence-Padre-Marcos-por-3-\u00d7-1-em-placar-agregado-pela-II-Copa-AMVI-IMG_0994-683x1024.jpg 683w, https:\/\/infonewss.com\/wp-content\/uploads\/2023\/09\/Massape-vence-Padre-Marcos-por-3-\u00d7-1-em-placar-agregado-pela-II-Copa-AMVI-IMG_0994-768x1152.jpg 768w, https:\/\/infonewss.com\/wp-content\/uploads\/2023\/09\/Massape-vence-Padre-Marcos-por-3-\u00d7-1-em-placar-agregado-pela-II-Copa-AMVI-IMG_0994-150x225.jpg 150w, https:\/\/infonewss.com\/wp-content\/uploads\/2023\/09\/Massape-vence-Padre-Marcos-por-3-\u00d7-1-em-placar-agregado-pela-II-Copa-AMVI-IMG_0994-300x450.jpg 300w, https:\/\/infonewss.com\/wp-content\/uploads\/2023\/09\/Massape-vence-Padre-Marcos-por-3-\u00d7-1-em-placar-agregado-pela-II-Copa-AMVI-IMG_0994-696x1044.jpg 696w, https:\/\/infonewss.com\/wp-content\/uploads\/2023\/09\/Massape-vence-Padre-Marcos-por-3-\u00d7-1-em-placar-agregado-pela-II-Copa-AMVI-IMG_0994.jpg 900w\" data-src=\"https:\/\/infonewss.com\/wp-content\/uploads\/2023\/09\/Massape-vence-Padre-Marcos-por-3-\u00d7-1-em-placar-agregado-pela-II-Copa-AMVI-IMG_0994-200x300.jpg\" data-sizes=\"(max-width: 200px) 100vw, 200px\" \/><\/a><\/div>\n<\/figure>\n<figure class=\"gallery-item\">\n<div class=\"gallery-icon landscape\"><a href=\"https:\/\/infonewss.com\/wp-content\/uploads\/2023\/09\/Massape-vence-Padre-Marcos-por-3-%C3%97-1-em-placar-agregado-pela-II-Copa-AMVI-IMG_0996.jpg\"><img loading=\"lazy\" decoding=\"async\" class=\"attachment-medium size-medium lazyload\" src=\"data:image\/gif;base64,R0lGODlhAQABAAAAACH5BAEKAAEALAAAAAABAAEAAAICTAEAOw==\" alt=\"\" width=\"300\" height=\"200\" data-srcset=\"https:\/\/infonewss.com\/wp-content\/uploads\/2023\/09\/Massape-vence-Padre-Marcos-por-3-\u00d7-1-em-placar-agregado-pela-II-Copa-AMVI-IMG_0996-300x200.jpg 300w, https:\/\/infonewss.com\/wp-content\/uploads\/2023\/09\/Massape-vence-Padre-Marcos-por-3-\u00d7-1-em-placar-agregado-pela-II-Copa-AMVI-IMG_0996-768x512.jpg 768w, https:\/\/infonewss.com\/wp-content\/uploads\/2023\/09\/Massape-vence-Padre-Marcos-por-3-\u00d7-1-em-placar-agregado-pela-II-Copa-AMVI-IMG_0996-150x100.jpg 150w, https:\/\/infonewss.com\/wp-content\/uploads\/2023\/09\/Massape-vence-Padre-Marcos-por-3-\u00d7-1-em-placar-agregado-pela-II-Copa-AMVI-IMG_0996-696x464.jpg 696w, https:\/\/infonewss.com\/wp-content\/uploads\/2023\/09\/Massape-vence-Padre-Marcos-por-3-\u00d7-1-em-placar-agregado-pela-II-Copa-AMVI-IMG_0996.jpg 900w\" data-src=\"https:\/\/infonewss.com\/wp-content\/uploads\/2023\/09\/Massape-vence-Padre-Marcos-por-3-\u00d7-1-em-placar-agregado-pela-II-Copa-AMVI-IMG_0996-300x200.jpg\" data-sizes=\"(max-width: 300px) 100vw, 300px\" \/><\/a><\/div>\n<\/figure>\n<figure class=\"gallery-item\">\n<div class=\"gallery-icon landscape\"><a href=\"https:\/\/infonewss.com\/wp-content\/uploads\/2023\/09\/Massape-vence-Padre-Marcos-por-3-%C3%97-1-em-placar-agregado-pela-II-Copa-AMVI-IMG_0997.jpg\"><img loading=\"lazy\" decoding=\"async\" class=\"attachment-medium size-medium lazyload\" src=\"data:image\/gif;base64,R0lGODlhAQABAAAAACH5BAEKAAEALAAAAAABAAEAAAICTAEAOw==\" alt=\"\" width=\"300\" height=\"200\" data-srcset=\"https:\/\/infonewss.com\/wp-content\/uploads\/2023\/09\/Massape-vence-Padre-Marcos-por-3-\u00d7-1-em-placar-agregado-pela-II-Copa-AMVI-IMG_0997-300x200.jpg 300w, https:\/\/infonewss.com\/wp-content\/uploads\/2023\/09\/Massape-vence-Padre-Marcos-por-3-\u00d7-1-em-placar-agregado-pela-II-Copa-AMVI-IMG_0997-768x512.jpg 768w, https:\/\/infonewss.com\/wp-content\/uploads\/2023\/09\/Massape-vence-Padre-Marcos-por-3-\u00d7-1-em-placar-agregado-pela-II-Copa-AMVI-IMG_0997-150x100.jpg 150w, https:\/\/infonewss.com\/wp-content\/uploads\/2023\/09\/Massape-vence-Padre-Marcos-por-3-\u00d7-1-em-placar-agregado-pela-II-Copa-AMVI-IMG_0997-696x464.jpg 696w, https:\/\/infonewss.com\/wp-content\/uploads\/2023\/09\/Massape-vence-Padre-Marcos-por-3-\u00d7-1-em-placar-agregado-pela-II-Copa-AMVI-IMG_0997.jpg 900w\" data-src=\"https:\/\/infonewss.com\/wp-content\/uploads\/2023\/09\/Massape-vence-Padre-Marcos-por-3-\u00d7-1-em-placar-agregado-pela-II-Copa-AMVI-IMG_0997-300x200.jpg\" data-sizes=\"(max-width: 300px) 100vw, 300px\" \/><\/a><\/div>\n<\/figure>\n<figure class=\"gallery-item\">\n<div class=\"gallery-icon landscape\"><a href=\"https:\/\/infonewss.com\/wp-content\/uploads\/2023\/09\/Massape-vence-Padre-Marcos-por-3-%C3%97-1-em-placar-agregado-pela-II-Copa-AMVI-IMG_0998.jpg\"><img loading=\"lazy\" decoding=\"async\" class=\"attachment-medium size-medium lazyload\" src=\"data:image\/gif;base64,R0lGODlhAQABAAAAACH5BAEKAAEALAAAAAABAAEAAAICTAEAOw==\" alt=\"\" width=\"300\" height=\"200\" data-srcset=\"https:\/\/infonewss.com\/wp-content\/uploads\/2023\/09\/Massape-vence-Padre-Marcos-por-3-\u00d7-1-em-placar-agregado-pela-II-Copa-AMVI-IMG_0998-300x200.jpg 300w, https:\/\/infonewss.com\/wp-content\/uploads\/2023\/09\/Massape-vence-Padre-Marcos-por-3-\u00d7-1-em-placar-agregado-pela-II-Copa-AMVI-IMG_0998-768x512.jpg 768w, https:\/\/infonewss.com\/wp-content\/uploads\/2023\/09\/Massape-vence-Padre-Marcos-por-3-\u00d7-1-em-placar-agregado-pela-II-Copa-AMVI-IMG_0998-150x100.jpg 150w, https:\/\/infonewss.com\/wp-content\/uploads\/2023\/09\/Massape-vence-Padre-Marcos-por-3-\u00d7-1-em-placar-agregado-pela-II-Copa-AMVI-IMG_0998-696x464.jpg 696w, https:\/\/infonewss.com\/wp-content\/uploads\/2023\/09\/Massape-vence-Padre-Marcos-por-3-\u00d7-1-em-placar-agregado-pela-II-Copa-AMVI-IMG_0998.jpg 900w\" data-src=\"https:\/\/infonewss.com\/wp-content\/uploads\/2023\/09\/Massape-vence-Padre-Marcos-por-3-\u00d7-1-em-placar-agregado-pela-II-Copa-AMVI-IMG_0998-300x200.jpg\" data-sizes=\"(max-width: 300px) 100vw, 300px\" \/><\/a><\/div>\n<\/figure>\n<figure class=\"gallery-item\">\n<div class=\"gallery-icon landscape\"><a href=\"https:\/\/infonewss.com\/wp-content\/uploads\/2023\/09\/Massape-vence-Padre-Marcos-por-3-%C3%97-1-em-placar-agregado-pela-II-Copa-AMVI-IMG_0999.jpg\"><img loading=\"lazy\" decoding=\"async\" class=\"attachment-medium size-medium lazyload\" src=\"data:image\/gif;base64,R0lGODlhAQABAAAAACH5BAEKAAEALAAAAAABAAEAAAICTAEAOw==\" alt=\"\" width=\"300\" height=\"200\" data-srcset=\"https:\/\/infonewss.com\/wp-content\/uploads\/2023\/09\/Massape-vence-Padre-Marcos-por-3-\u00d7-1-em-placar-agregado-pela-II-Copa-AMVI-IMG_0999-300x200.jpg 300w, https:\/\/infonewss.com\/wp-content\/uploads\/2023\/09\/Massape-vence-Padre-Marcos-por-3-\u00d7-1-em-placar-agregado-pela-II-Copa-AMVI-IMG_0999-768x512.jpg 768w, https:\/\/infonewss.com\/wp-content\/uploads\/2023\/09\/Massape-vence-Padre-Marcos-por-3-\u00d7-1-em-placar-agregado-pela-II-Copa-AMVI-IMG_0999-150x100.jpg 150w, https:\/\/infonewss.com\/wp-content\/uploads\/2023\/09\/Massape-vence-Padre-Marcos-por-3-\u00d7-1-em-placar-agregado-pela-II-Copa-AMVI-IMG_0999-696x464.jpg 696w, https:\/\/infonewss.com\/wp-content\/uploads\/2023\/09\/Massape-vence-Padre-Marcos-por-3-\u00d7-1-em-placar-agregado-pela-II-Copa-AMVI-IMG_0999.jpg 900w\" data-src=\"https:\/\/infonewss.com\/wp-content\/uploads\/2023\/09\/Massape-vence-Padre-Marcos-por-3-\u00d7-1-em-placar-agregado-pela-II-Copa-AMVI-IMG_0999-300x200.jpg\" data-sizes=\"(max-width: 300px) 100vw, 300px\" \/><\/a><\/div>\n<\/figure>\n<figure class=\"gallery-item\">\n<div class=\"gallery-icon landscape\"><a href=\"https:\/\/infonewss.com\/wp-content\/uploads\/2023\/09\/Massape-vence-Padre-Marcos-por-3-%C3%97-1-em-placar-agregado-pela-II-Copa-AMVI-IMG_1000.jpg\"><img loading=\"lazy\" decoding=\"async\" class=\"attachment-medium size-medium lazyload\" src=\"data:image\/gif;base64,R0lGODlhAQABAAAAACH5BAEKAAEALAAAAAABAAEAAAICTAEAOw==\" alt=\"\" width=\"300\" height=\"200\" data-srcset=\"https:\/\/infonewss.com\/wp-content\/uploads\/2023\/09\/Massape-vence-Padre-Marcos-por-3-\u00d7-1-em-placar-agregado-pela-II-Copa-AMVI-IMG_1000-300x200.jpg 300w, https:\/\/infonewss.com\/wp-content\/uploads\/2023\/09\/Massape-vence-Padre-Marcos-por-3-\u00d7-1-em-placar-agregado-pela-II-Copa-AMVI-IMG_1000-768x512.jpg 768w, https:\/\/infonewss.com\/wp-content\/uploads\/2023\/09\/Massape-vence-Padre-Marcos-por-3-\u00d7-1-em-placar-agregado-pela-II-Copa-AMVI-IMG_1000-150x100.jpg 150w, https:\/\/infonewss.com\/wp-content\/uploads\/2023\/09\/Massape-vence-Padre-Marcos-por-3-\u00d7-1-em-placar-agregado-pela-II-Copa-AMVI-IMG_1000-696x464.jpg 696w, https:\/\/infonewss.com\/wp-content\/uploads\/2023\/09\/Massape-vence-Padre-Marcos-por-3-\u00d7-1-em-placar-agregado-pela-II-Copa-AMVI-IMG_1000.jpg 900w\" data-src=\"https:\/\/infonewss.com\/wp-content\/uploads\/2023\/09\/Massape-vence-Padre-Marcos-por-3-\u00d7-1-em-placar-agregado-pela-II-Copa-AMVI-IMG_1000-300x200.jpg\" data-sizes=\"(max-width: 300px) 100vw, 300px\" \/><\/a><\/div>\n<\/figure>\n<figure class=\"gallery-item\">\n<div class=\"gallery-icon landscape\"><a href=\"https:\/\/infonewss.com\/wp-content\/uploads\/2023\/09\/Massape-vence-Padre-Marcos-por-3-%C3%97-1-em-placar-agregado-pela-II-Copa-AMVI-IMG_1001.jpg\"><img loading=\"lazy\" decoding=\"async\" class=\"attachment-medium size-medium lazyload\" src=\"data:image\/gif;base64,R0lGODlhAQABAAAAACH5BAEKAAEALAAAAAABAAEAAAICTAEAOw==\" alt=\"\" width=\"300\" height=\"200\" data-srcset=\"https:\/\/infonewss.com\/wp-content\/uploads\/2023\/09\/Massape-vence-Padre-Marcos-por-3-\u00d7-1-em-placar-agregado-pela-II-Copa-AMVI-IMG_1001-300x200.jpg 300w, https:\/\/infonewss.com\/wp-content\/uploads\/2023\/09\/Massape-vence-Padre-Marcos-por-3-\u00d7-1-em-placar-agregado-pela-II-Copa-AMVI-IMG_1001-768x512.jpg 768w, https:\/\/infonewss.com\/wp-content\/uploads\/2023\/09\/Massape-vence-Padre-Marcos-por-3-\u00d7-1-em-placar-agregado-pela-II-Copa-AMVI-IMG_1001-150x100.jpg 150w, https:\/\/infonewss.com\/wp-content\/uploads\/2023\/09\/Massape-vence-Padre-Marcos-por-3-\u00d7-1-em-placar-agregado-pela-II-Copa-AMVI-IMG_1001-696x464.jpg 696w, https:\/\/infonewss.com\/wp-content\/uploads\/2023\/09\/Massape-vence-Padre-Marcos-por-3-\u00d7-1-em-placar-agregado-pela-II-Copa-AMVI-IMG_1001.jpg 900w\" data-src=\"https:\/\/infonewss.com\/wp-content\/uploads\/2023\/09\/Massape-vence-Padre-Marcos-por-3-\u00d7-1-em-placar-agregado-pela-II-Copa-AMVI-IMG_1001-300x200.jpg\" data-sizes=\"(max-width: 300px) 100vw, 300px\" \/><\/a><\/div>\n<\/figure>\n<figure class=\"gallery-item\">\n<div class=\"gallery-icon landscape\"><a href=\"https:\/\/infonewss.com\/wp-content\/uploads\/2023\/09\/Massape-vence-Padre-Marcos-por-3-%C3%97-1-em-placar-agregado-pela-II-Copa-AMVI-IMG_1003.jpg\"><img loading=\"lazy\" decoding=\"async\" class=\"attachment-medium size-medium lazyload\" src=\"data:image\/gif;base64,R0lGODlhAQABAAAAACH5BAEKAAEALAAAAAABAAEAAAICTAEAOw==\" alt=\"\" width=\"300\" height=\"200\" data-srcset=\"https:\/\/infonewss.com\/wp-content\/uploads\/2023\/09\/Massape-vence-Padre-Marcos-por-3-\u00d7-1-em-placar-agregado-pela-II-Copa-AMVI-IMG_1003-300x200.jpg 300w, https:\/\/infonewss.com\/wp-content\/uploads\/2023\/09\/Massape-vence-Padre-Marcos-por-3-\u00d7-1-em-placar-agregado-pela-II-Copa-AMVI-IMG_1003-768x512.jpg 768w, https:\/\/infonewss.com\/wp-content\/uploads\/2023\/09\/Massape-vence-Padre-Marcos-por-3-\u00d7-1-em-placar-agregado-pela-II-Copa-AMVI-IMG_1003-150x100.jpg 150w, https:\/\/infonewss.com\/wp-content\/uploads\/2023\/09\/Massape-vence-Padre-Marcos-por-3-\u00d7-1-em-placar-agregado-pela-II-Copa-AMVI-IMG_1003-696x464.jpg 696w, https:\/\/infonewss.com\/wp-content\/uploads\/2023\/09\/Massape-vence-Padre-Marcos-por-3-\u00d7-1-em-placar-agregado-pela-II-Copa-AMVI-IMG_1003.jpg 900w\" data-src=\"https:\/\/infonewss.com\/wp-content\/uploads\/2023\/09\/Massape-vence-Padre-Marcos-por-3-\u00d7-1-em-placar-agregado-pela-II-Copa-AMVI-IMG_1003-300x200.jpg\" data-sizes=\"(max-width: 300px) 100vw, 300px\" \/><\/a><\/div>\n<\/figure>\n<figure class=\"gallery-item\">\n<div class=\"gallery-icon landscape\"><a href=\"https:\/\/infonewss.com\/wp-content\/uploads\/2023\/09\/Massape-vence-Padre-Marcos-por-3-%C3%97-1-em-placar-agregado-pela-II-Copa-AMVI-IMG_1004.jpg\"><img loading=\"lazy\" decoding=\"async\" class=\"attachment-medium size-medium lazyload\" src=\"data:image\/gif;base64,R0lGODlhAQABAAAAACH5BAEKAAEALAAAAAABAAEAAAICTAEAOw==\" alt=\"\" width=\"300\" height=\"200\" data-srcset=\"https:\/\/infonewss.com\/wp-content\/uploads\/2023\/09\/Massape-vence-Padre-Marcos-por-3-\u00d7-1-em-placar-agregado-pela-II-Copa-AMVI-IMG_1004-300x200.jpg 300w, https:\/\/infonewss.com\/wp-content\/uploads\/2023\/09\/Massape-vence-Padre-Marcos-por-3-\u00d7-1-em-placar-agregado-pela-II-Copa-AMVI-IMG_1004-768x512.jpg 768w, https:\/\/infonewss.com\/wp-content\/uploads\/2023\/09\/Massape-vence-Padre-Marcos-por-3-\u00d7-1-em-placar-agregado-pela-II-Copa-AMVI-IMG_1004-150x100.jpg 150w, https:\/\/infonewss.com\/wp-content\/uploads\/2023\/09\/Massape-vence-Padre-Marcos-por-3-\u00d7-1-em-placar-agregado-pela-II-Copa-AMVI-IMG_1004-696x464.jpg 696w, https:\/\/infonewss.com\/wp-content\/uploads\/2023\/09\/Massape-vence-Padre-Marcos-por-3-\u00d7-1-em-placar-agregado-pela-II-Copa-AMVI-IMG_1004.jpg 900w\" data-src=\"https:\/\/infonewss.com\/wp-content\/uploads\/2023\/09\/Massape-vence-Padre-Marcos-por-3-\u00d7-1-em-placar-agregado-pela-II-Copa-AMVI-IMG_1004-300x200.jpg\" data-sizes=\"(max-width: 300px) 100vw, 300px\" \/><\/a><\/div>\n<\/figure>\n<figure class=\"gallery-item\">\n<div class=\"gallery-icon landscape\"><a href=\"https:\/\/infonewss.com\/wp-content\/uploads\/2023\/09\/Massape-vence-Padre-Marcos-por-3-%C3%97-1-em-placar-agregado-pela-II-Copa-AMVI-IMG_1005.jpg\"><img loading=\"lazy\" decoding=\"async\" class=\"attachment-medium size-medium lazyload\" src=\"data:image\/gif;base64,R0lGODlhAQABAAAAACH5BAEKAAEALAAAAAABAAEAAAICTAEAOw==\" alt=\"\" width=\"300\" height=\"200\" data-srcset=\"https:\/\/infonewss.com\/wp-content\/uploads\/2023\/09\/Massape-vence-Padre-Marcos-por-3-\u00d7-1-em-placar-agregado-pela-II-Copa-AMVI-IMG_1005-300x200.jpg 300w, https:\/\/infonewss.com\/wp-content\/uploads\/2023\/09\/Massape-vence-Padre-Marcos-por-3-\u00d7-1-em-placar-agregado-pela-II-Copa-AMVI-IMG_1005-768x512.jpg 768w, https:\/\/infonewss.com\/wp-content\/uploads\/2023\/09\/Massape-vence-Padre-Marcos-por-3-\u00d7-1-em-placar-agregado-pela-II-Copa-AMVI-IMG_1005-150x100.jpg 150w, https:\/\/infonewss.com\/wp-content\/uploads\/2023\/09\/Massape-vence-Padre-Marcos-por-3-\u00d7-1-em-placar-agregado-pela-II-Copa-AMVI-IMG_1005-696x464.jpg 696w, https:\/\/infonewss.com\/wp-content\/uploads\/2023\/09\/Massape-vence-Padre-Marcos-por-3-\u00d7-1-em-placar-agregado-pela-II-Copa-AMVI-IMG_1005.jpg 900w\" data-src=\"https:\/\/infonewss.com\/wp-content\/uploads\/2023\/09\/Massape-vence-Padre-Marcos-por-3-\u00d7-1-em-placar-agregado-pela-II-Copa-AMVI-IMG_1005-300x200.jpg\" data-sizes=\"(max-width: 300px) 100vw, 300px\" \/><\/a><\/div>\n<\/figure>\n<figure class=\"gallery-item\">\n<div class=\"gallery-icon landscape\"><a href=\"https:\/\/infonewss.com\/wp-content\/uploads\/2023\/09\/Massape-vence-Padre-Marcos-por-3-%C3%97-1-em-placar-agregado-pela-II-Copa-AMVI-IMG_1007.jpg\"><img loading=\"lazy\" decoding=\"async\" class=\"attachment-medium size-medium lazyload\" src=\"data:image\/gif;base64,R0lGODlhAQABAAAAACH5BAEKAAEALAAAAAABAAEAAAICTAEAOw==\" alt=\"\" width=\"300\" height=\"200\" data-srcset=\"https:\/\/infonewss.com\/wp-content\/uploads\/2023\/09\/Massape-vence-Padre-Marcos-por-3-\u00d7-1-em-placar-agregado-pela-II-Copa-AMVI-IMG_1007-300x200.jpg 300w, https:\/\/infonewss.com\/wp-content\/uploads\/2023\/09\/Massape-vence-Padre-Marcos-por-3-\u00d7-1-em-placar-agregado-pela-II-Copa-AMVI-IMG_1007-768x512.jpg 768w, https:\/\/infonewss.com\/wp-content\/uploads\/2023\/09\/Massape-vence-Padre-Marcos-por-3-\u00d7-1-em-placar-agregado-pela-II-Copa-AMVI-IMG_1007-150x100.jpg 150w, https:\/\/infonewss.com\/wp-content\/uploads\/2023\/09\/Massape-vence-Padre-Marcos-por-3-\u00d7-1-em-placar-agregado-pela-II-Copa-AMVI-IMG_1007-696x464.jpg 696w, https:\/\/infonewss.com\/wp-content\/uploads\/2023\/09\/Massape-vence-Padre-Marcos-por-3-\u00d7-1-em-placar-agregado-pela-II-Copa-AMVI-IMG_1007.jpg 900w\" data-src=\"https:\/\/infonewss.com\/wp-content\/uploads\/2023\/09\/Massape-vence-Padre-Marcos-por-3-\u00d7-1-em-placar-agregado-pela-II-Copa-AMVI-IMG_1007-300x200.jpg\" data-sizes=\"(max-width: 300px) 100vw, 300px\" \/><\/a><\/div>\n<\/figure>\n<figure class=\"gallery-item\">\n<div class=\"gallery-icon landscape\"><a href=\"https:\/\/infonewss.com\/wp-content\/uploads\/2023\/09\/Massape-vence-Padre-Marcos-por-3-%C3%97-1-em-placar-agregado-pela-II-Copa-AMVI-IMG_1010.jpg\"><img loading=\"lazy\" decoding=\"async\" class=\"attachment-medium size-medium lazyload\" src=\"data:image\/gif;base64,R0lGODlhAQABAAAAACH5BAEKAAEALAAAAAABAAEAAAICTAEAOw==\" alt=\"\" width=\"300\" height=\"200\" data-srcset=\"https:\/\/infonewss.com\/wp-content\/uploads\/2023\/09\/Massape-vence-Padre-Marcos-por-3-\u00d7-1-em-placar-agregado-pela-II-Copa-AMVI-IMG_1010-300x200.jpg 300w, https:\/\/infonewss.com\/wp-content\/uploads\/2023\/09\/Massape-vence-Padre-Marcos-por-3-\u00d7-1-em-placar-agregado-pela-II-Copa-AMVI-IMG_1010-768x512.jpg 768w, https:\/\/infonewss.com\/wp-content\/uploads\/2023\/09\/Massape-vence-Padre-Marcos-por-3-\u00d7-1-em-placar-agregado-pela-II-Copa-AMVI-IMG_1010-150x100.jpg 150w, https:\/\/infonewss.com\/wp-content\/uploads\/2023\/09\/Massape-vence-Padre-Marcos-por-3-\u00d7-1-em-placar-agregado-pela-II-Copa-AMVI-IMG_1010-696x464.jpg 696w, https:\/\/infonewss.com\/wp-content\/uploads\/2023\/09\/Massape-vence-Padre-Marcos-por-3-\u00d7-1-em-placar-agregado-pela-II-Copa-AMVI-IMG_1010.jpg 900w\" data-src=\"https:\/\/infonewss.com\/wp-content\/uploads\/2023\/09\/Massape-vence-Padre-Marcos-por-3-\u00d7-1-em-placar-agregado-pela-II-Copa-AMVI-IMG_1010-300x200.jpg\" data-sizes=\"(max-width: 300px) 100vw, 300px\" \/><\/a><\/div>\n<\/figure>\n<figure class=\"gallery-item\">\n<div class=\"gallery-icon landscape\"><a href=\"https:\/\/infonewss.com\/wp-content\/uploads\/2023\/09\/Massape-vence-Padre-Marcos-por-3-%C3%97-1-em-placar-agregado-pela-II-Copa-AMVI-IMG_1012.jpg\"><img loading=\"lazy\" decoding=\"async\" class=\"attachment-medium size-medium lazyload\" src=\"data:image\/gif;base64,R0lGODlhAQABAAAAACH5BAEKAAEALAAAAAABAAEAAAICTAEAOw==\" alt=\"\" width=\"300\" height=\"200\" data-srcset=\"https:\/\/infonewss.com\/wp-content\/uploads\/2023\/09\/Massape-vence-Padre-Marcos-por-3-\u00d7-1-em-placar-agregado-pela-II-Copa-AMVI-IMG_1012-300x200.jpg 300w, https:\/\/infonewss.com\/wp-content\/uploads\/2023\/09\/Massape-vence-Padre-Marcos-por-3-\u00d7-1-em-placar-agregado-pela-II-Copa-AMVI-IMG_1012-768x512.jpg 768w, https:\/\/infonewss.com\/wp-content\/uploads\/2023\/09\/Massape-vence-Padre-Marcos-por-3-\u00d7-1-em-placar-agregado-pela-II-Copa-AMVI-IMG_1012-150x100.jpg 150w, https:\/\/infonewss.com\/wp-content\/uploads\/2023\/09\/Massape-vence-Padre-Marcos-por-3-\u00d7-1-em-placar-agregado-pela-II-Copa-AMVI-IMG_1012-696x464.jpg 696w, https:\/\/infonewss.com\/wp-content\/uploads\/2023\/09\/Massape-vence-Padre-Marcos-por-3-\u00d7-1-em-placar-agregado-pela-II-Copa-AMVI-IMG_1012.jpg 900w\" data-src=\"https:\/\/infonewss.com\/wp-content\/uploads\/2023\/09\/Massape-vence-Padre-Marcos-por-3-\u00d7-1-em-placar-agregado-pela-II-Copa-AMVI-IMG_1012-300x200.jpg\" data-sizes=\"(max-width: 300px) 100vw, 300px\" \/><\/a><\/div>\n<\/figure>\n<figure class=\"gallery-item\">\n<div class=\"gallery-icon landscape\"><a href=\"https:\/\/infonewss.com\/wp-content\/uploads\/2023\/09\/Massape-vence-Padre-Marcos-por-3-%C3%97-1-em-placar-agregado-pela-II-Copa-AMVI-IMG_1013.jpg\"><img loading=\"lazy\" decoding=\"async\" class=\"attachment-medium size-medium lazyload\" src=\"data:image\/gif;base64,R0lGODlhAQABAAAAACH5BAEKAAEALAAAAAABAAEAAAICTAEAOw==\" alt=\"\" width=\"300\" height=\"200\" data-srcset=\"https:\/\/infonewss.com\/wp-content\/uploads\/2023\/09\/Massape-vence-Padre-Marcos-por-3-\u00d7-1-em-placar-agregado-pela-II-Copa-AMVI-IMG_1013-300x200.jpg 300w, https:\/\/infonewss.com\/wp-content\/uploads\/2023\/09\/Massape-vence-Padre-Marcos-por-3-\u00d7-1-em-placar-agregado-pela-II-Copa-AMVI-IMG_1013-768x512.jpg 768w, https:\/\/infonewss.com\/wp-content\/uploads\/2023\/09\/Massape-vence-Padre-Marcos-por-3-\u00d7-1-em-placar-agregado-pela-II-Copa-AMVI-IMG_1013-150x100.jpg 150w, https:\/\/infonewss.com\/wp-content\/uploads\/2023\/09\/Massape-vence-Padre-Marcos-por-3-\u00d7-1-em-placar-agregado-pela-II-Copa-AMVI-IMG_1013-696x464.jpg 696w, https:\/\/infonewss.com\/wp-content\/uploads\/2023\/09\/Massape-vence-Padre-Marcos-por-3-\u00d7-1-em-placar-agregado-pela-II-Copa-AMVI-IMG_1013.jpg 900w\" data-src=\"https:\/\/infonewss.com\/wp-content\/uploads\/2023\/09\/Massape-vence-Padre-Marcos-por-3-\u00d7-1-em-placar-agregado-pela-II-Copa-AMVI-IMG_1013-300x200.jpg\" data-sizes=\"(max-width: 300px) 100vw, 300px\" \/><\/a><\/div>\n<\/figure>\n<figure class=\"gallery-item\">\n<div class=\"gallery-icon landscape\"><a href=\"https:\/\/infonewss.com\/wp-content\/uploads\/2023\/09\/Massape-vence-Padre-Marcos-por-3-%C3%97-1-em-placar-agregado-pela-II-Copa-AMVI-IMG_1016.jpg\"><img loading=\"lazy\" decoding=\"async\" class=\"attachment-medium size-medium lazyload\" src=\"data:image\/gif;base64,R0lGODlhAQABAAAAACH5BAEKAAEALAAAAAABAAEAAAICTAEAOw==\" alt=\"\" width=\"300\" height=\"200\" data-srcset=\"https:\/\/infonewss.com\/wp-content\/uploads\/2023\/09\/Massape-vence-Padre-Marcos-por-3-\u00d7-1-em-placar-agregado-pela-II-Copa-AMVI-IMG_1016-300x200.jpg 300w, https:\/\/infonewss.com\/wp-content\/uploads\/2023\/09\/Massape-vence-Padre-Marcos-por-3-\u00d7-1-em-placar-agregado-pela-II-Copa-AMVI-IMG_1016-768x512.jpg 768w, https:\/\/infonewss.com\/wp-content\/uploads\/2023\/09\/Massape-vence-Padre-Marcos-por-3-\u00d7-1-em-placar-agregado-pela-II-Copa-AMVI-IMG_1016-150x100.jpg 150w, https:\/\/infonewss.com\/wp-content\/uploads\/2023\/09\/Massape-vence-Padre-Marcos-por-3-\u00d7-1-em-placar-agregado-pela-II-Copa-AMVI-IMG_1016-696x464.jpg 696w, https:\/\/infonewss.com\/wp-content\/uploads\/2023\/09\/Massape-vence-Padre-Marcos-por-3-\u00d7-1-em-placar-agregado-pela-II-Copa-AMVI-IMG_1016.jpg 900w\" data-src=\"https:\/\/infonewss.com\/wp-content\/uploads\/2023\/09\/Massape-vence-Padre-Marcos-por-3-\u00d7-1-em-placar-agregado-pela-II-Copa-AMVI-IMG_1016-300x200.jpg\" data-sizes=\"(max-width: 300px) 100vw, 300px\" \/><\/a><\/div>\n<\/figure>\n<figure class=\"gallery-item\">\n<div class=\"gallery-icon landscape\"><a href=\"https:\/\/infonewss.com\/wp-content\/uploads\/2023\/09\/Massape-vence-Padre-Marcos-por-3-%C3%97-1-em-placar-agregado-pela-II-Copa-AMVI-IMG_1018.jpg\"><img loading=\"lazy\" decoding=\"async\" class=\"attachment-medium size-medium lazyload\" src=\"data:image\/gif;base64,R0lGODlhAQABAAAAACH5BAEKAAEALAAAAAABAAEAAAICTAEAOw==\" alt=\"\" width=\"300\" height=\"200\" data-srcset=\"https:\/\/infonewss.com\/wp-content\/uploads\/2023\/09\/Massape-vence-Padre-Marcos-por-3-\u00d7-1-em-placar-agregado-pela-II-Copa-AMVI-IMG_1018-300x200.jpg 300w, https:\/\/infonewss.com\/wp-content\/uploads\/2023\/09\/Massape-vence-Padre-Marcos-por-3-\u00d7-1-em-placar-agregado-pela-II-Copa-AMVI-IMG_1018-768x512.jpg 768w, https:\/\/infonewss.com\/wp-content\/uploads\/2023\/09\/Massape-vence-Padre-Marcos-por-3-\u00d7-1-em-placar-agregado-pela-II-Copa-AMVI-IMG_1018-150x100.jpg 150w, https:\/\/infonewss.com\/wp-content\/uploads\/2023\/09\/Massape-vence-Padre-Marcos-por-3-\u00d7-1-em-placar-agregado-pela-II-Copa-AMVI-IMG_1018-696x464.jpg 696w, https:\/\/infonewss.com\/wp-content\/uploads\/2023\/09\/Massape-vence-Padre-Marcos-por-3-\u00d7-1-em-placar-agregado-pela-II-Copa-AMVI-IMG_1018.jpg 900w\" data-src=\"https:\/\/infonewss.com\/wp-content\/uploads\/2023\/09\/Massape-vence-Padre-Marcos-por-3-\u00d7-1-em-placar-agregado-pela-II-Copa-AMVI-IMG_1018-300x200.jpg\" data-sizes=\"(max-width: 300px) 100vw, 300px\" \/><\/a><\/div>\n<\/figure>\n<figure class=\"gallery-item\">\n<div class=\"gallery-icon landscape\"><a href=\"https:\/\/infonewss.com\/wp-content\/uploads\/2023\/09\/Massape-vence-Padre-Marcos-por-3-%C3%97-1-em-placar-agregado-pela-II-Copa-AMVI-IMG_1020.jpg\"><img loading=\"lazy\" decoding=\"async\" class=\"attachment-medium size-medium lazyload\" src=\"data:image\/gif;base64,R0lGODlhAQABAAAAACH5BAEKAAEALAAAAAABAAEAAAICTAEAOw==\" alt=\"\" width=\"300\" height=\"200\" data-srcset=\"https:\/\/infonewss.com\/wp-content\/uploads\/2023\/09\/Massape-vence-Padre-Marcos-por-3-\u00d7-1-em-placar-agregado-pela-II-Copa-AMVI-IMG_1020-300x200.jpg 300w, https:\/\/infonewss.com\/wp-content\/uploads\/2023\/09\/Massape-vence-Padre-Marcos-por-3-\u00d7-1-em-placar-agregado-pela-II-Copa-AMVI-IMG_1020-768x512.jpg 768w, https:\/\/infonewss.com\/wp-content\/uploads\/2023\/09\/Massape-vence-Padre-Marcos-por-3-\u00d7-1-em-placar-agregado-pela-II-Copa-AMVI-IMG_1020-150x100.jpg 150w, https:\/\/infonewss.com\/wp-content\/uploads\/2023\/09\/Massape-vence-Padre-Marcos-por-3-\u00d7-1-em-placar-agregado-pela-II-Copa-AMVI-IMG_1020-696x464.jpg 696w, https:\/\/infonewss.com\/wp-content\/uploads\/2023\/09\/Massape-vence-Padre-Marcos-por-3-\u00d7-1-em-placar-agregado-pela-II-Copa-AMVI-IMG_1020.jpg 900w\" data-src=\"https:\/\/infonewss.com\/wp-content\/uploads\/2023\/09\/Massape-vence-Padre-Marcos-por-3-\u00d7-1-em-placar-agregado-pela-II-Copa-AMVI-IMG_1020-300x200.jpg\" data-sizes=\"(max-width: 300px) 100vw, 300px\" \/><\/a><\/div>\n<\/figure>\n<figure class=\"gallery-item\">\n<div class=\"gallery-icon landscape\"><a href=\"https:\/\/infonewss.com\/wp-content\/uploads\/2023\/09\/Massape-vence-Padre-Marcos-por-3-%C3%97-1-em-placar-agregado-pela-II-Copa-AMVI-IMG_1021.jpg\"><img loading=\"lazy\" decoding=\"async\" class=\"attachment-medium size-medium lazyload\" src=\"data:image\/gif;base64,R0lGODlhAQABAAAAACH5BAEKAAEALAAAAAABAAEAAAICTAEAOw==\" alt=\"\" width=\"300\" height=\"200\" data-srcset=\"https:\/\/infonewss.com\/wp-content\/uploads\/2023\/09\/Massape-vence-Padre-Marcos-por-3-\u00d7-1-em-placar-agregado-pela-II-Copa-AMVI-IMG_1021-300x200.jpg 300w, https:\/\/infonewss.com\/wp-content\/uploads\/2023\/09\/Massape-vence-Padre-Marcos-por-3-\u00d7-1-em-placar-agregado-pela-II-Copa-AMVI-IMG_1021-768x512.jpg 768w, https:\/\/infonewss.com\/wp-content\/uploads\/2023\/09\/Massape-vence-Padre-Marcos-por-3-\u00d7-1-em-placar-agregado-pela-II-Copa-AMVI-IMG_1021-150x100.jpg 150w, https:\/\/infonewss.com\/wp-content\/uploads\/2023\/09\/Massape-vence-Padre-Marcos-por-3-\u00d7-1-em-placar-agregado-pela-II-Copa-AMVI-IMG_1021-696x464.jpg 696w, https:\/\/infonewss.com\/wp-content\/uploads\/2023\/09\/Massape-vence-Padre-Marcos-por-3-\u00d7-1-em-placar-agregado-pela-II-Copa-AMVI-IMG_1021.jpg 900w\" data-src=\"https:\/\/infonewss.com\/wp-content\/uploads\/2023\/09\/Massape-vence-Padre-Marcos-por-3-\u00d7-1-em-placar-agregado-pela-II-Copa-AMVI-IMG_1021-300x200.jpg\" data-sizes=\"(max-width: 300px) 100vw, 300px\" \/><\/a><\/div>\n<\/figure>\n<figure class=\"gallery-item\">\n<div class=\"gallery-icon landscape\"><a href=\"https:\/\/infonewss.com\/wp-content\/uploads\/2023\/09\/Massape-vence-Padre-Marcos-por-3-%C3%97-1-em-placar-agregado-pela-II-Copa-AMVI-IMG_1022.jpg\"><img loading=\"lazy\" decoding=\"async\" class=\"attachment-medium size-medium lazyload\" src=\"data:image\/gif;base64,R0lGODlhAQABAAAAACH5BAEKAAEALAAAAAABAAEAAAICTAEAOw==\" alt=\"\" width=\"300\" height=\"200\" data-srcset=\"https:\/\/infonewss.com\/wp-content\/uploads\/2023\/09\/Massape-vence-Padre-Marcos-por-3-\u00d7-1-em-placar-agregado-pela-II-Copa-AMVI-IMG_1022-300x200.jpg 300w, https:\/\/infonewss.com\/wp-content\/uploads\/2023\/09\/Massape-vence-Padre-Marcos-por-3-\u00d7-1-em-placar-agregado-pela-II-Copa-AMVI-IMG_1022-768x512.jpg 768w, https:\/\/infonewss.com\/wp-content\/uploads\/2023\/09\/Massape-vence-Padre-Marcos-por-3-\u00d7-1-em-placar-agregado-pela-II-Copa-AMVI-IMG_1022-150x100.jpg 150w, https:\/\/infonewss.com\/wp-content\/uploads\/2023\/09\/Massape-vence-Padre-Marcos-por-3-\u00d7-1-em-placar-agregado-pela-II-Copa-AMVI-IMG_1022-696x464.jpg 696w, https:\/\/infonewss.com\/wp-content\/uploads\/2023\/09\/Massape-vence-Padre-Marcos-por-3-\u00d7-1-em-placar-agregado-pela-II-Copa-AMVI-IMG_1022.jpg 900w\" data-src=\"https:\/\/infonewss.com\/wp-content\/uploads\/2023\/09\/Massape-vence-Padre-Marcos-por-3-\u00d7-1-em-placar-agregado-pela-II-Copa-AMVI-IMG_1022-300x200.jpg\" data-sizes=\"(max-width: 300px) 100vw, 300px\" \/><\/a><\/div>\n<\/figure>\n<figure class=\"gallery-item\">\n<div class=\"gallery-icon landscape\"><a href=\"https:\/\/infonewss.com\/wp-content\/uploads\/2023\/09\/Massape-vence-Padre-Marcos-por-3-%C3%97-1-em-placar-agregado-pela-II-Copa-AMVI-IMG_1024.jpg\"><img loading=\"lazy\" decoding=\"async\" class=\"attachment-medium size-medium lazyload\" src=\"data:image\/gif;base64,R0lGODlhAQABAAAAACH5BAEKAAEALAAAAAABAAEAAAICTAEAOw==\" alt=\"\" width=\"300\" height=\"200\" data-srcset=\"https:\/\/infonewss.com\/wp-content\/uploads\/2023\/09\/Massape-vence-Padre-Marcos-por-3-\u00d7-1-em-placar-agregado-pela-II-Copa-AMVI-IMG_1024-300x200.jpg 300w, https:\/\/infonewss.com\/wp-content\/uploads\/2023\/09\/Massape-vence-Padre-Marcos-por-3-\u00d7-1-em-placar-agregado-pela-II-Copa-AMVI-IMG_1024-768x512.jpg 768w, https:\/\/infonewss.com\/wp-content\/uploads\/2023\/09\/Massape-vence-Padre-Marcos-por-3-\u00d7-1-em-placar-agregado-pela-II-Copa-AMVI-IMG_1024-150x100.jpg 150w, https:\/\/infonewss.com\/wp-content\/uploads\/2023\/09\/Massape-vence-Padre-Marcos-por-3-\u00d7-1-em-placar-agregado-pela-II-Copa-AMVI-IMG_1024-696x464.jpg 696w, https:\/\/infonewss.com\/wp-content\/uploads\/2023\/09\/Massape-vence-Padre-Marcos-por-3-\u00d7-1-em-placar-agregado-pela-II-Copa-AMVI-IMG_1024.jpg 900w\" data-src=\"https:\/\/infonewss.com\/wp-content\/uploads\/2023\/09\/Massape-vence-Padre-Marcos-por-3-\u00d7-1-em-placar-agregado-pela-II-Copa-AMVI-IMG_1024-300x200.jpg\" data-sizes=\"(max-width: 300px) 100vw, 300px\" \/><\/a><\/div>\n<\/figure>\n<figure class=\"gallery-item\">\n<div class=\"gallery-icon landscape\"><a href=\"https:\/\/infonewss.com\/wp-content\/uploads\/2023\/09\/Massape-vence-Padre-Marcos-por-3-%C3%97-1-em-placar-agregado-pela-II-Copa-AMVI-IMG_1026.jpg\"><img loading=\"lazy\" decoding=\"async\" class=\"attachment-medium size-medium lazyload\" src=\"data:image\/gif;base64,R0lGODlhAQABAAAAACH5BAEKAAEALAAAAAABAAEAAAICTAEAOw==\" alt=\"\" width=\"300\" height=\"200\" data-srcset=\"https:\/\/infonewss.com\/wp-content\/uploads\/2023\/09\/Massape-vence-Padre-Marcos-por-3-\u00d7-1-em-placar-agregado-pela-II-Copa-AMVI-IMG_1026-300x200.jpg 300w, https:\/\/infonewss.com\/wp-content\/uploads\/2023\/09\/Massape-vence-Padre-Marcos-por-3-\u00d7-1-em-placar-agregado-pela-II-Copa-AMVI-IMG_1026-768x512.jpg 768w, https:\/\/infonewss.com\/wp-content\/uploads\/2023\/09\/Massape-vence-Padre-Marcos-por-3-\u00d7-1-em-placar-agregado-pela-II-Copa-AMVI-IMG_1026-150x100.jpg 150w, https:\/\/infonewss.com\/wp-content\/uploads\/2023\/09\/Massape-vence-Padre-Marcos-por-3-\u00d7-1-em-placar-agregado-pela-II-Copa-AMVI-IMG_1026-696x464.jpg 696w, https:\/\/infonewss.com\/wp-content\/uploads\/2023\/09\/Massape-vence-Padre-Marcos-por-3-\u00d7-1-em-placar-agregado-pela-II-Copa-AMVI-IMG_1026.jpg 900w\" data-src=\"https:\/\/infonewss.com\/wp-content\/uploads\/2023\/09\/Massape-vence-Padre-Marcos-por-3-\u00d7-1-em-placar-agregado-pela-II-Copa-AMVI-IMG_1026-300x200.jpg\" data-sizes=\"(max-width: 300px) 100vw, 300px\" \/><\/a><\/div>\n<\/figure>\n<figure class=\"gallery-item\">\n<div class=\"gallery-icon landscape\"><a href=\"https:\/\/infonewss.com\/wp-content\/uploads\/2023\/09\/Massape-vence-Padre-Marcos-por-3-%C3%97-1-em-placar-agregado-pela-II-Copa-AMVI-IMG_1028.jpg\"><img loading=\"lazy\" decoding=\"async\" class=\"attachment-medium size-medium lazyload\" src=\"data:image\/gif;base64,R0lGODlhAQABAAAAACH5BAEKAAEALAAAAAABAAEAAAICTAEAOw==\" alt=\"\" width=\"300\" height=\"200\" data-srcset=\"https:\/\/infonewss.com\/wp-content\/uploads\/2023\/09\/Massape-vence-Padre-Marcos-por-3-\u00d7-1-em-placar-agregado-pela-II-Copa-AMVI-IMG_1028-300x200.jpg 300w, https:\/\/infonewss.com\/wp-content\/uploads\/2023\/09\/Massape-vence-Padre-Marcos-por-3-\u00d7-1-em-placar-agregado-pela-II-Copa-AMVI-IMG_1028-768x512.jpg 768w, https:\/\/infonewss.com\/wp-content\/uploads\/2023\/09\/Massape-vence-Padre-Marcos-por-3-\u00d7-1-em-placar-agregado-pela-II-Copa-AMVI-IMG_1028-150x100.jpg 150w, https:\/\/infonewss.com\/wp-content\/uploads\/2023\/09\/Massape-vence-Padre-Marcos-por-3-\u00d7-1-em-placar-agregado-pela-II-Copa-AMVI-IMG_1028-696x464.jpg 696w, https:\/\/infonewss.com\/wp-content\/uploads\/2023\/09\/Massape-vence-Padre-Marcos-por-3-\u00d7-1-em-placar-agregado-pela-II-Copa-AMVI-IMG_1028.jpg 900w\" data-src=\"https:\/\/infonewss.com\/wp-content\/uploads\/2023\/09\/Massape-vence-Padre-Marcos-por-3-\u00d7-1-em-placar-agregado-pela-II-Copa-AMVI-IMG_1028-300x200.jpg\" data-sizes=\"(max-width: 300px) 100vw, 300px\" \/><\/a><\/div>\n<\/figure>\n<figure class=\"gallery-item\">\n<div class=\"gallery-icon landscape\"><a href=\"https:\/\/infonewss.com\/wp-content\/uploads\/2023\/09\/Massape-vence-Padre-Marcos-por-3-%C3%97-1-em-placar-agregado-pela-II-Copa-AMVI-IMG_1030.jpg\"><img loading=\"lazy\" decoding=\"async\" class=\"attachment-medium size-medium lazyload\" src=\"data:image\/gif;base64,R0lGODlhAQABAAAAACH5BAEKAAEALAAAAAABAAEAAAICTAEAOw==\" alt=\"\" width=\"300\" height=\"200\" data-srcset=\"https:\/\/infonewss.com\/wp-content\/uploads\/2023\/09\/Massape-vence-Padre-Marcos-por-3-\u00d7-1-em-placar-agregado-pela-II-Copa-AMVI-IMG_1030-300x200.jpg 300w, https:\/\/infonewss.com\/wp-content\/uploads\/2023\/09\/Massape-vence-Padre-Marcos-por-3-\u00d7-1-em-placar-agregado-pela-II-Copa-AMVI-IMG_1030-768x512.jpg 768w, https:\/\/infonewss.com\/wp-content\/uploads\/2023\/09\/Massape-vence-Padre-Marcos-por-3-\u00d7-1-em-placar-agregado-pela-II-Copa-AMVI-IMG_1030-150x100.jpg 150w, https:\/\/infonewss.com\/wp-content\/uploads\/2023\/09\/Massape-vence-Padre-Marcos-por-3-\u00d7-1-em-placar-agregado-pela-II-Copa-AMVI-IMG_1030-696x464.jpg 696w, https:\/\/infonewss.com\/wp-content\/uploads\/2023\/09\/Massape-vence-Padre-Marcos-por-3-\u00d7-1-em-placar-agregado-pela-II-Copa-AMVI-IMG_1030.jpg 900w\" data-src=\"https:\/\/infonewss.com\/wp-content\/uploads\/2023\/09\/Massape-vence-Padre-Marcos-por-3-\u00d7-1-em-placar-agregado-pela-II-Copa-AMVI-IMG_1030-300x200.jpg\" data-sizes=\"(max-width: 300px) 100vw, 300px\" \/><\/a><\/div>\n<\/figure>\n<figure class=\"gallery-item\">\n<div class=\"gallery-icon landscape\"><a href=\"https:\/\/infonewss.com\/wp-content\/uploads\/2023\/09\/Massape-vence-Padre-Marcos-por-3-%C3%97-1-em-placar-agregado-pela-II-Copa-AMVI-IMG_1033.jpg\"><img loading=\"lazy\" decoding=\"async\" class=\"attachment-medium size-medium lazyload\" src=\"data:image\/gif;base64,R0lGODlhAQABAAAAACH5BAEKAAEALAAAAAABAAEAAAICTAEAOw==\" alt=\"\" width=\"300\" height=\"200\" data-srcset=\"https:\/\/infonewss.com\/wp-content\/uploads\/2023\/09\/Massape-vence-Padre-Marcos-por-3-\u00d7-1-em-placar-agregado-pela-II-Copa-AMVI-IMG_1033-300x200.jpg 300w, https:\/\/infonewss.com\/wp-content\/uploads\/2023\/09\/Massape-vence-Padre-Marcos-por-3-\u00d7-1-em-placar-agregado-pela-II-Copa-AMVI-IMG_1033-768x512.jpg 768w, https:\/\/infonewss.com\/wp-content\/uploads\/2023\/09\/Massape-vence-Padre-Marcos-por-3-\u00d7-1-em-placar-agregado-pela-II-Copa-AMVI-IMG_1033-150x100.jpg 150w, https:\/\/infonewss.com\/wp-content\/uploads\/2023\/09\/Massape-vence-Padre-Marcos-por-3-\u00d7-1-em-placar-agregado-pela-II-Copa-AMVI-IMG_1033-696x464.jpg 696w, https:\/\/infonewss.com\/wp-content\/uploads\/2023\/09\/Massape-vence-Padre-Marcos-por-3-\u00d7-1-em-placar-agregado-pela-II-Copa-AMVI-IMG_1033.jpg 900w\" data-src=\"https:\/\/infonewss.com\/wp-content\/uploads\/2023\/09\/Massape-vence-Padre-Marcos-por-3-\u00d7-1-em-placar-agregado-pela-II-Copa-AMVI-IMG_1033-300x200.jpg\" data-sizes=\"(max-width: 300px) 100vw, 300px\" \/><\/a><\/div>\n<\/figure>\n<figure class=\"gallery-item\">\n<div class=\"gallery-icon landscape\"><a href=\"https:\/\/infonewss.com\/wp-content\/uploads\/2023\/09\/Massape-vence-Padre-Marcos-por-3-%C3%97-1-em-placar-agregado-pela-II-Copa-AMVI-IMG_1035.jpg\"><img loading=\"lazy\" decoding=\"async\" class=\"attachment-medium size-medium lazyload\" src=\"data:image\/gif;base64,R0lGODlhAQABAAAAACH5BAEKAAEALAAAAAABAAEAAAICTAEAOw==\" alt=\"\" width=\"300\" height=\"200\" data-srcset=\"https:\/\/infonewss.com\/wp-content\/uploads\/2023\/09\/Massape-vence-Padre-Marcos-por-3-\u00d7-1-em-placar-agregado-pela-II-Copa-AMVI-IMG_1035-300x200.jpg 300w, https:\/\/infonewss.com\/wp-content\/uploads\/2023\/09\/Massape-vence-Padre-Marcos-por-3-\u00d7-1-em-placar-agregado-pela-II-Copa-AMVI-IMG_1035-768x512.jpg 768w, https:\/\/infonewss.com\/wp-content\/uploads\/2023\/09\/Massape-vence-Padre-Marcos-por-3-\u00d7-1-em-placar-agregado-pela-II-Copa-AMVI-IMG_1035-150x100.jpg 150w, https:\/\/infonewss.com\/wp-content\/uploads\/2023\/09\/Massape-vence-Padre-Marcos-por-3-\u00d7-1-em-placar-agregado-pela-II-Copa-AMVI-IMG_1035-696x464.jpg 696w, https:\/\/infonewss.com\/wp-content\/uploads\/2023\/09\/Massape-vence-Padre-Marcos-por-3-\u00d7-1-em-placar-agregado-pela-II-Copa-AMVI-IMG_1035.jpg 900w\" data-src=\"https:\/\/infonewss.com\/wp-content\/uploads\/2023\/09\/Massape-vence-Padre-Marcos-por-3-\u00d7-1-em-placar-agregado-pela-II-Copa-AMVI-IMG_1035-300x200.jpg\" data-sizes=\"(max-width: 300px) 100vw, 300px\" \/><\/a><\/div>\n<\/figure>\n<figure class=\"gallery-item\">\n<div class=\"gallery-icon landscape\"><a href=\"https:\/\/infonewss.com\/wp-content\/uploads\/2023\/09\/Massape-vence-Padre-Marcos-por-3-%C3%97-1-em-placar-agregado-pela-II-Copa-AMVI-IMG_1037.jpg\"><img loading=\"lazy\" decoding=\"async\" class=\"attachment-medium size-medium lazyload\" src=\"data:image\/gif;base64,R0lGODlhAQABAAAAACH5BAEKAAEALAAAAAABAAEAAAICTAEAOw==\" alt=\"\" width=\"300\" height=\"200\" data-srcset=\"https:\/\/infonewss.com\/wp-content\/uploads\/2023\/09\/Massape-vence-Padre-Marcos-por-3-\u00d7-1-em-placar-agregado-pela-II-Copa-AMVI-IMG_1037-300x200.jpg 300w, https:\/\/infonewss.com\/wp-content\/uploads\/2023\/09\/Massape-vence-Padre-Marcos-por-3-\u00d7-1-em-placar-agregado-pela-II-Copa-AMVI-IMG_1037-768x512.jpg 768w, https:\/\/infonewss.com\/wp-content\/uploads\/2023\/09\/Massape-vence-Padre-Marcos-por-3-\u00d7-1-em-placar-agregado-pela-II-Copa-AMVI-IMG_1037-150x100.jpg 150w, https:\/\/infonewss.com\/wp-content\/uploads\/2023\/09\/Massape-vence-Padre-Marcos-por-3-\u00d7-1-em-placar-agregado-pela-II-Copa-AMVI-IMG_1037-696x464.jpg 696w, https:\/\/infonewss.com\/wp-content\/uploads\/2023\/09\/Massape-vence-Padre-Marcos-por-3-\u00d7-1-em-placar-agregado-pela-II-Copa-AMVI-IMG_1037.jpg 900w\" data-src=\"https:\/\/infonewss.com\/wp-content\/uploads\/2023\/09\/Massape-vence-Padre-Marcos-por-3-\u00d7-1-em-placar-agregado-pela-II-Copa-AMVI-IMG_1037-300x200.jpg\" data-sizes=\"(max-width: 300px) 100vw, 300px\" \/><\/a><\/div>\n<\/figure>\n<figure class=\"gallery-item\">\n<div class=\"gallery-icon landscape\"><a href=\"https:\/\/infonewss.com\/wp-content\/uploads\/2023\/09\/Massape-vence-Padre-Marcos-por-3-%C3%97-1-em-placar-agregado-pela-II-Copa-AMVI-IMG_1038.jpg\"><img loading=\"lazy\" decoding=\"async\" class=\"attachment-medium size-medium lazyload\" src=\"data:image\/gif;base64,R0lGODlhAQABAAAAACH5BAEKAAEALAAAAAABAAEAAAICTAEAOw==\" alt=\"\" width=\"300\" height=\"200\" data-srcset=\"https:\/\/infonewss.com\/wp-content\/uploads\/2023\/09\/Massape-vence-Padre-Marcos-por-3-\u00d7-1-em-placar-agregado-pela-II-Copa-AMVI-IMG_1038-300x200.jpg 300w, https:\/\/infonewss.com\/wp-content\/uploads\/2023\/09\/Massape-vence-Padre-Marcos-por-3-\u00d7-1-em-placar-agregado-pela-II-Copa-AMVI-IMG_1038-768x512.jpg 768w, https:\/\/infonewss.com\/wp-content\/uploads\/2023\/09\/Massape-vence-Padre-Marcos-por-3-\u00d7-1-em-placar-agregado-pela-II-Copa-AMVI-IMG_1038-150x100.jpg 150w, https:\/\/infonewss.com\/wp-content\/uploads\/2023\/09\/Massape-vence-Padre-Marcos-por-3-\u00d7-1-em-placar-agregado-pela-II-Copa-AMVI-IMG_1038-696x464.jpg 696w, https:\/\/infonewss.com\/wp-content\/uploads\/2023\/09\/Massape-vence-Padre-Marcos-por-3-\u00d7-1-em-placar-agregado-pela-II-Copa-AMVI-IMG_1038.jpg 900w\" data-src=\"https:\/\/infonewss.com\/wp-content\/uploads\/2023\/09\/Massape-vence-Padre-Marcos-por-3-\u00d7-1-em-placar-agregado-pela-II-Copa-AMVI-IMG_1038-300x200.jpg\" data-sizes=\"(max-width: 300px) 100vw, 300px\" \/><\/a><\/div>\n<\/figure>\n<figure class=\"gallery-item\">\n<div class=\"gallery-icon landscape\"><a href=\"https:\/\/infonewss.com\/wp-content\/uploads\/2023\/09\/Massape-vence-Padre-Marcos-por-3-%C3%97-1-em-placar-agregado-pela-II-Copa-AMVI-IMG_1040.jpg\"><img loading=\"lazy\" decoding=\"async\" class=\"attachment-medium size-medium lazyload\" src=\"data:image\/gif;base64,R0lGODlhAQABAAAAACH5BAEKAAEALAAAAAABAAEAAAICTAEAOw==\" alt=\"\" width=\"300\" height=\"200\" data-srcset=\"https:\/\/infonewss.com\/wp-content\/uploads\/2023\/09\/Massape-vence-Padre-Marcos-por-3-\u00d7-1-em-placar-agregado-pela-II-Copa-AMVI-IMG_1040-300x200.jpg 300w, https:\/\/infonewss.com\/wp-content\/uploads\/2023\/09\/Massape-vence-Padre-Marcos-por-3-\u00d7-1-em-placar-agregado-pela-II-Copa-AMVI-IMG_1040-768x512.jpg 768w, https:\/\/infonewss.com\/wp-content\/uploads\/2023\/09\/Massape-vence-Padre-Marcos-por-3-\u00d7-1-em-placar-agregado-pela-II-Copa-AMVI-IMG_1040-150x100.jpg 150w, https:\/\/infonewss.com\/wp-content\/uploads\/2023\/09\/Massape-vence-Padre-Marcos-por-3-\u00d7-1-em-placar-agregado-pela-II-Copa-AMVI-IMG_1040-696x464.jpg 696w, https:\/\/infonewss.com\/wp-content\/uploads\/2023\/09\/Massape-vence-Padre-Marcos-por-3-\u00d7-1-em-placar-agregado-pela-II-Copa-AMVI-IMG_1040.jpg 900w\" data-src=\"https:\/\/infonewss.com\/wp-content\/uploads\/2023\/09\/Massape-vence-Padre-Marcos-por-3-\u00d7-1-em-placar-agregado-pela-II-Copa-AMVI-IMG_1040-300x200.jpg\" data-sizes=\"(max-width: 300px) 100vw, 300px\" \/><\/a><\/div>\n<\/figure>\n<figure class=\"gallery-item\">\n<div class=\"gallery-icon landscape\"><a href=\"https:\/\/infonewss.com\/wp-content\/uploads\/2023\/09\/Massape-vence-Padre-Marcos-por-3-%C3%97-1-em-placar-agregado-pela-II-Copa-AMVI-IMG_1041.jpg\"><img loading=\"lazy\" decoding=\"async\" class=\"attachment-medium size-medium lazyload\" src=\"data:image\/gif;base64,R0lGODlhAQABAAAAACH5BAEKAAEALAAAAAABAAEAAAICTAEAOw==\" alt=\"\" width=\"300\" height=\"200\" data-srcset=\"https:\/\/infonewss.com\/wp-content\/uploads\/2023\/09\/Massape-vence-Padre-Marcos-por-3-\u00d7-1-em-placar-agregado-pela-II-Copa-AMVI-IMG_1041-300x200.jpg 300w, https:\/\/infonewss.com\/wp-content\/uploads\/2023\/09\/Massape-vence-Padre-Marcos-por-3-\u00d7-1-em-placar-agregado-pela-II-Copa-AMVI-IMG_1041-768x512.jpg 768w, https:\/\/infonewss.com\/wp-content\/uploads\/2023\/09\/Massape-vence-Padre-Marcos-por-3-\u00d7-1-em-placar-agregado-pela-II-Copa-AMVI-IMG_1041-150x100.jpg 150w, https:\/\/infonewss.com\/wp-content\/uploads\/2023\/09\/Massape-vence-Padre-Marcos-por-3-\u00d7-1-em-placar-agregado-pela-II-Copa-AMVI-IMG_1041-696x464.jpg 696w, https:\/\/infonewss.com\/wp-content\/uploads\/2023\/09\/Massape-vence-Padre-Marcos-por-3-\u00d7-1-em-placar-agregado-pela-II-Copa-AMVI-IMG_1041.jpg 900w\" data-src=\"https:\/\/infonewss.com\/wp-content\/uploads\/2023\/09\/Massape-vence-Padre-Marcos-por-3-\u00d7-1-em-placar-agregado-pela-II-Copa-AMVI-IMG_1041-300x200.jpg\" data-sizes=\"(max-width: 300px) 100vw, 300px\" \/><\/a><\/div>\n<\/figure>\n<figure class=\"gallery-item\">\n<div class=\"gallery-icon landscape\"><a href=\"https:\/\/infonewss.com\/wp-content\/uploads\/2023\/09\/Massape-vence-Padre-Marcos-por-3-%C3%97-1-em-placar-agregado-pela-II-Copa-AMVI-IMG_1042.jpg\"><img loading=\"lazy\" decoding=\"async\" class=\"attachment-medium size-medium lazyload\" src=\"data:image\/gif;base64,R0lGODlhAQABAAAAACH5BAEKAAEALAAAAAABAAEAAAICTAEAOw==\" alt=\"\" width=\"300\" height=\"200\" data-srcset=\"https:\/\/infonewss.com\/wp-content\/uploads\/2023\/09\/Massape-vence-Padre-Marcos-por-3-\u00d7-1-em-placar-agregado-pela-II-Copa-AMVI-IMG_1042-300x200.jpg 300w, https:\/\/infonewss.com\/wp-content\/uploads\/2023\/09\/Massape-vence-Padre-Marcos-por-3-\u00d7-1-em-placar-agregado-pela-II-Copa-AMVI-IMG_1042-768x512.jpg 768w, https:\/\/infonewss.com\/wp-content\/uploads\/2023\/09\/Massape-vence-Padre-Marcos-por-3-\u00d7-1-em-placar-agregado-pela-II-Copa-AMVI-IMG_1042-150x100.jpg 150w, https:\/\/infonewss.com\/wp-content\/uploads\/2023\/09\/Massape-vence-Padre-Marcos-por-3-\u00d7-1-em-placar-agregado-pela-II-Copa-AMVI-IMG_1042-696x464.jpg 696w, https:\/\/infonewss.com\/wp-content\/uploads\/2023\/09\/Massape-vence-Padre-Marcos-por-3-\u00d7-1-em-placar-agregado-pela-II-Copa-AMVI-IMG_1042.jpg 900w\" data-src=\"https:\/\/infonewss.com\/wp-content\/uploads\/2023\/09\/Massape-vence-Padre-Marcos-por-3-\u00d7-1-em-placar-agregado-pela-II-Copa-AMVI-IMG_1042-300x200.jpg\" data-sizes=\"(max-width: 300px) 100vw, 300px\" \/><\/a><\/div>\n<\/figure>\n<figure class=\"gallery-item\">\n<div class=\"gallery-icon landscape\"><a href=\"https:\/\/infonewss.com\/wp-content\/uploads\/2023\/09\/Massape-vence-Padre-Marcos-por-3-%C3%97-1-em-placar-agregado-pela-II-Copa-AMVI-IMG_1043.jpg\"><img loading=\"lazy\" decoding=\"async\" class=\"attachment-medium size-medium lazyload\" src=\"data:image\/gif;base64,R0lGODlhAQABAAAAACH5BAEKAAEALAAAAAABAAEAAAICTAEAOw==\" alt=\"\" width=\"300\" height=\"200\" data-srcset=\"https:\/\/infonewss.com\/wp-content\/uploads\/2023\/09\/Massape-vence-Padre-Marcos-por-3-\u00d7-1-em-placar-agregado-pela-II-Copa-AMVI-IMG_1043-300x200.jpg 300w, https:\/\/infonewss.com\/wp-content\/uploads\/2023\/09\/Massape-vence-Padre-Marcos-por-3-\u00d7-1-em-placar-agregado-pela-II-Copa-AMVI-IMG_1043-768x512.jpg 768w, https:\/\/infonewss.com\/wp-content\/uploads\/2023\/09\/Massape-vence-Padre-Marcos-por-3-\u00d7-1-em-placar-agregado-pela-II-Copa-AMVI-IMG_1043-150x100.jpg 150w, https:\/\/infonewss.com\/wp-content\/uploads\/2023\/09\/Massape-vence-Padre-Marcos-por-3-\u00d7-1-em-placar-agregado-pela-II-Copa-AMVI-IMG_1043-696x464.jpg 696w, https:\/\/infonewss.com\/wp-content\/uploads\/2023\/09\/Massape-vence-Padre-Marcos-por-3-\u00d7-1-em-placar-agregado-pela-II-Copa-AMVI-IMG_1043.jpg 900w\" data-src=\"https:\/\/infonewss.com\/wp-content\/uploads\/2023\/09\/Massape-vence-Padre-Marcos-por-3-\u00d7-1-em-placar-agregado-pela-II-Copa-AMVI-IMG_1043-300x200.jpg\" data-sizes=\"(max-width: 300px) 100vw, 300px\" \/><\/a><\/div>\n<\/figure>\n<figure class=\"gallery-item\">\n<div class=\"gallery-icon landscape\"><a href=\"https:\/\/infonewss.com\/wp-content\/uploads\/2023\/09\/Massape-vence-Padre-Marcos-por-3-%C3%97-1-em-placar-agregado-pela-II-Copa-AMVI-IMG_1048.jpg\"><img loading=\"lazy\" decoding=\"async\" class=\"attachment-medium size-medium lazyload\" src=\"data:image\/gif;base64,R0lGODlhAQABAAAAACH5BAEKAAEALAAAAAABAAEAAAICTAEAOw==\" alt=\"\" width=\"300\" height=\"200\" data-srcset=\"https:\/\/infonewss.com\/wp-content\/uploads\/2023\/09\/Massape-vence-Padre-Marcos-por-3-\u00d7-1-em-placar-agregado-pela-II-Copa-AMVI-IMG_1048-300x200.jpg 300w, https:\/\/infonewss.com\/wp-content\/uploads\/2023\/09\/Massape-vence-Padre-Marcos-por-3-\u00d7-1-em-placar-agregado-pela-II-Copa-AMVI-IMG_1048-768x512.jpg 768w, https:\/\/infonewss.com\/wp-content\/uploads\/2023\/09\/Massape-vence-Padre-Marcos-por-3-\u00d7-1-em-placar-agregado-pela-II-Copa-AMVI-IMG_1048-150x100.jpg 150w, https:\/\/infonewss.com\/wp-content\/uploads\/2023\/09\/Massape-vence-Padre-Marcos-por-3-\u00d7-1-em-placar-agregado-pela-II-Copa-AMVI-IMG_1048-696x464.jpg 696w, https:\/\/infonewss.com\/wp-content\/uploads\/2023\/09\/Massape-vence-Padre-Marcos-por-3-\u00d7-1-em-placar-agregado-pela-II-Copa-AMVI-IMG_1048.jpg 900w\" data-src=\"https:\/\/infonewss.com\/wp-content\/uploads\/2023\/09\/Massape-vence-Padre-Marcos-por-3-\u00d7-1-em-placar-agregado-pela-II-Copa-AMVI-IMG_1048-300x200.jpg\" data-sizes=\"(max-width: 300px) 100vw, 300px\" \/><\/a><\/div>\n<\/figure>\n<figure class=\"gallery-item\">\n<div class=\"gallery-icon landscape\"><a href=\"https:\/\/infonewss.com\/wp-content\/uploads\/2023\/09\/Massape-vence-Padre-Marcos-por-3-%C3%97-1-em-placar-agregado-pela-II-Copa-AMVI-IMG_1049.jpg\"><img loading=\"lazy\" decoding=\"async\" class=\"attachment-medium size-medium lazyload\" src=\"data:image\/gif;base64,R0lGODlhAQABAAAAACH5BAEKAAEALAAAAAABAAEAAAICTAEAOw==\" alt=\"\" width=\"300\" height=\"200\" data-srcset=\"https:\/\/infonewss.com\/wp-content\/uploads\/2023\/09\/Massape-vence-Padre-Marcos-por-3-\u00d7-1-em-placar-agregado-pela-II-Copa-AMVI-IMG_1049-300x200.jpg 300w, https:\/\/infonewss.com\/wp-content\/uploads\/2023\/09\/Massape-vence-Padre-Marcos-por-3-\u00d7-1-em-placar-agregado-pela-II-Copa-AMVI-IMG_1049-768x512.jpg 768w, https:\/\/infonewss.com\/wp-content\/uploads\/2023\/09\/Massape-vence-Padre-Marcos-por-3-\u00d7-1-em-placar-agregado-pela-II-Copa-AMVI-IMG_1049-150x100.jpg 150w, https:\/\/infonewss.com\/wp-content\/uploads\/2023\/09\/Massape-vence-Padre-Marcos-por-3-\u00d7-1-em-placar-agregado-pela-II-Copa-AMVI-IMG_1049-696x464.jpg 696w, https:\/\/infonewss.com\/wp-content\/uploads\/2023\/09\/Massape-vence-Padre-Marcos-por-3-\u00d7-1-em-placar-agregado-pela-II-Copa-AMVI-IMG_1049.jpg 900w\" data-src=\"https:\/\/infonewss.com\/wp-content\/uploads\/2023\/09\/Massape-vence-Padre-Marcos-por-3-\u00d7-1-em-placar-agregado-pela-II-Copa-AMVI-IMG_1049-300x200.jpg\" data-sizes=\"(max-width: 300px) 100vw, 300px\" \/><\/a><\/div>\n<\/figure>\n<figure class=\"gallery-item\">\n<div class=\"gallery-icon landscape\"><a href=\"https:\/\/infonewss.com\/wp-content\/uploads\/2023\/09\/Massape-vence-Padre-Marcos-por-3-%C3%97-1-em-placar-agregado-pela-II-Copa-AMVI-IMG_1050.jpg\"><img loading=\"lazy\" decoding=\"async\" class=\"attachment-medium size-medium lazyload\" src=\"data:image\/gif;base64,R0lGODlhAQABAAAAACH5BAEKAAEALAAAAAABAAEAAAICTAEAOw==\" alt=\"\" width=\"300\" height=\"200\" data-srcset=\"https:\/\/infonewss.com\/wp-content\/uploads\/2023\/09\/Massape-vence-Padre-Marcos-por-3-\u00d7-1-em-placar-agregado-pela-II-Copa-AMVI-IMG_1050-300x200.jpg 300w, https:\/\/infonewss.com\/wp-content\/uploads\/2023\/09\/Massape-vence-Padre-Marcos-por-3-\u00d7-1-em-placar-agregado-pela-II-Copa-AMVI-IMG_1050-768x512.jpg 768w, https:\/\/infonewss.com\/wp-content\/uploads\/2023\/09\/Massape-vence-Padre-Marcos-por-3-\u00d7-1-em-placar-agregado-pela-II-Copa-AMVI-IMG_1050-150x100.jpg 150w, https:\/\/infonewss.com\/wp-content\/uploads\/2023\/09\/Massape-vence-Padre-Marcos-por-3-\u00d7-1-em-placar-agregado-pela-II-Copa-AMVI-IMG_1050-696x464.jpg 696w, https:\/\/infonewss.com\/wp-content\/uploads\/2023\/09\/Massape-vence-Padre-Marcos-por-3-\u00d7-1-em-placar-agregado-pela-II-Copa-AMVI-IMG_1050.jpg 900w\" data-src=\"https:\/\/infonewss.com\/wp-content\/uploads\/2023\/09\/Massape-vence-Padre-Marcos-por-3-\u00d7-1-em-placar-agregado-pela-II-Copa-AMVI-IMG_1050-300x200.jpg\" data-sizes=\"(max-width: 300px) 100vw, 300px\" \/><\/a><\/div>\n<\/figure>\n<figure class=\"gallery-item\">\n<div class=\"gallery-icon landscape\"><a href=\"https:\/\/infonewss.com\/wp-content\/uploads\/2023\/09\/Massape-vence-Padre-Marcos-por-3-%C3%97-1-em-placar-agregado-pela-II-Copa-AMVI-IMG_1051.jpg\"><img loading=\"lazy\" decoding=\"async\" class=\"attachment-medium size-medium lazyload\" src=\"data:image\/gif;base64,R0lGODlhAQABAAAAACH5BAEKAAEALAAAAAABAAEAAAICTAEAOw==\" alt=\"\" width=\"300\" height=\"200\" data-srcset=\"https:\/\/infonewss.com\/wp-content\/uploads\/2023\/09\/Massape-vence-Padre-Marcos-por-3-\u00d7-1-em-placar-agregado-pela-II-Copa-AMVI-IMG_1051-300x200.jpg 300w, https:\/\/infonewss.com\/wp-content\/uploads\/2023\/09\/Massape-vence-Padre-Marcos-por-3-\u00d7-1-em-placar-agregado-pela-II-Copa-AMVI-IMG_1051-768x512.jpg 768w, https:\/\/infonewss.com\/wp-content\/uploads\/2023\/09\/Massape-vence-Padre-Marcos-por-3-\u00d7-1-em-placar-agregado-pela-II-Copa-AMVI-IMG_1051-150x100.jpg 150w, https:\/\/infonewss.com\/wp-content\/uploads\/2023\/09\/Massape-vence-Padre-Marcos-por-3-\u00d7-1-em-placar-agregado-pela-II-Copa-AMVI-IMG_1051-696x464.jpg 696w, https:\/\/infonewss.com\/wp-content\/uploads\/2023\/09\/Massape-vence-Padre-Marcos-por-3-\u00d7-1-em-placar-agregado-pela-II-Copa-AMVI-IMG_1051.jpg 900w\" data-src=\"https:\/\/infonewss.com\/wp-content\/uploads\/2023\/09\/Massape-vence-Padre-Marcos-por-3-\u00d7-1-em-placar-agregado-pela-II-Copa-AMVI-IMG_1051-300x200.jpg\" data-sizes=\"(max-width: 300px) 100vw, 300px\" \/><\/a><\/div>\n<\/figure>\n<figure class=\"gallery-item\">\n<div class=\"gallery-icon landscape\"><a href=\"https:\/\/infonewss.com\/wp-content\/uploads\/2023\/09\/Massape-vence-Padre-Marcos-por-3-%C3%97-1-em-placar-agregado-pela-II-Copa-AMVI-IMG_1052.jpg\"><img loading=\"lazy\" decoding=\"async\" class=\"attachment-medium size-medium lazyload\" src=\"data:image\/gif;base64,R0lGODlhAQABAAAAACH5BAEKAAEALAAAAAABAAEAAAICTAEAOw==\" alt=\"\" width=\"300\" height=\"200\" data-srcset=\"https:\/\/infonewss.com\/wp-content\/uploads\/2023\/09\/Massape-vence-Padre-Marcos-por-3-\u00d7-1-em-placar-agregado-pela-II-Copa-AMVI-IMG_1052-300x200.jpg 300w, https:\/\/infonewss.com\/wp-content\/uploads\/2023\/09\/Massape-vence-Padre-Marcos-por-3-\u00d7-1-em-placar-agregado-pela-II-Copa-AMVI-IMG_1052-768x512.jpg 768w, https:\/\/infonewss.com\/wp-content\/uploads\/2023\/09\/Massape-vence-Padre-Marcos-por-3-\u00d7-1-em-placar-agregado-pela-II-Copa-AMVI-IMG_1052-150x100.jpg 150w, https:\/\/infonewss.com\/wp-content\/uploads\/2023\/09\/Massape-vence-Padre-Marcos-por-3-\u00d7-1-em-placar-agregado-pela-II-Copa-AMVI-IMG_1052-696x464.jpg 696w, https:\/\/infonewss.com\/wp-content\/uploads\/2023\/09\/Massape-vence-Padre-Marcos-por-3-\u00d7-1-em-placar-agregado-pela-II-Copa-AMVI-IMG_1052.jpg 900w\" data-src=\"https:\/\/infonewss.com\/wp-content\/uploads\/2023\/09\/Massape-vence-Padre-Marcos-por-3-\u00d7-1-em-placar-agregado-pela-II-Copa-AMVI-IMG_1052-300x200.jpg\" data-sizes=\"(max-width: 300px) 100vw, 300px\" \/><\/a><\/div>\n<\/figure>\n<figure class=\"gallery-item\">\n<div class=\"gallery-icon landscape\"><a href=\"https:\/\/infonewss.com\/wp-content\/uploads\/2023\/09\/Massape-vence-Padre-Marcos-por-3-%C3%97-1-em-placar-agregado-pela-II-Copa-AMVI-IMG_1053.jpg\"><img loading=\"lazy\" decoding=\"async\" class=\"attachment-medium size-medium lazyload\" src=\"data:image\/gif;base64,R0lGODlhAQABAAAAACH5BAEKAAEALAAAAAABAAEAAAICTAEAOw==\" alt=\"\" width=\"300\" height=\"200\" data-srcset=\"https:\/\/infonewss.com\/wp-content\/uploads\/2023\/09\/Massape-vence-Padre-Marcos-por-3-\u00d7-1-em-placar-agregado-pela-II-Copa-AMVI-IMG_1053-300x200.jpg 300w, https:\/\/infonewss.com\/wp-content\/uploads\/2023\/09\/Massape-vence-Padre-Marcos-por-3-\u00d7-1-em-placar-agregado-pela-II-Copa-AMVI-IMG_1053-768x512.jpg 768w, https:\/\/infonewss.com\/wp-content\/uploads\/2023\/09\/Massape-vence-Padre-Marcos-por-3-\u00d7-1-em-placar-agregado-pela-II-Copa-AMVI-IMG_1053-150x100.jpg 150w, https:\/\/infonewss.com\/wp-content\/uploads\/2023\/09\/Massape-vence-Padre-Marcos-por-3-\u00d7-1-em-placar-agregado-pela-II-Copa-AMVI-IMG_1053-696x464.jpg 696w, https:\/\/infonewss.com\/wp-content\/uploads\/2023\/09\/Massape-vence-Padre-Marcos-por-3-\u00d7-1-em-placar-agregado-pela-II-Copa-AMVI-IMG_1053.jpg 900w\" data-src=\"https:\/\/infonewss.com\/wp-content\/uploads\/2023\/09\/Massape-vence-Padre-Marcos-por-3-\u00d7-1-em-placar-agregado-pela-II-Copa-AMVI-IMG_1053-300x200.jpg\" data-sizes=\"(max-width: 300px) 100vw, 300px\" \/><\/a><\/div>\n<\/figure>\n<figure class=\"gallery-item\">\n<div class=\"gallery-icon landscape\"><a href=\"https:\/\/infonewss.com\/wp-content\/uploads\/2023\/09\/Massape-vence-Padre-Marcos-por-3-%C3%97-1-em-placar-agregado-pela-II-Copa-AMVI-IMG_1054.jpg\"><img loading=\"lazy\" decoding=\"async\" class=\"attachment-medium size-medium lazyload\" src=\"data:image\/gif;base64,R0lGODlhAQABAAAAACH5BAEKAAEALAAAAAABAAEAAAICTAEAOw==\" alt=\"\" width=\"300\" height=\"200\" data-srcset=\"https:\/\/infonewss.com\/wp-content\/uploads\/2023\/09\/Massape-vence-Padre-Marcos-por-3-\u00d7-1-em-placar-agregado-pela-II-Copa-AMVI-IMG_1054-300x200.jpg 300w, https:\/\/infonewss.com\/wp-content\/uploads\/2023\/09\/Massape-vence-Padre-Marcos-por-3-\u00d7-1-em-placar-agregado-pela-II-Copa-AMVI-IMG_1054-768x512.jpg 768w, https:\/\/infonewss.com\/wp-content\/uploads\/2023\/09\/Massape-vence-Padre-Marcos-por-3-\u00d7-1-em-placar-agregado-pela-II-Copa-AMVI-IMG_1054-150x100.jpg 150w, https:\/\/infonewss.com\/wp-content\/uploads\/2023\/09\/Massape-vence-Padre-Marcos-por-3-\u00d7-1-em-placar-agregado-pela-II-Copa-AMVI-IMG_1054-696x464.jpg 696w, https:\/\/infonewss.com\/wp-content\/uploads\/2023\/09\/Massape-vence-Padre-Marcos-por-3-\u00d7-1-em-placar-agregado-pela-II-Copa-AMVI-IMG_1054.jpg 900w\" data-src=\"https:\/\/infonewss.com\/wp-content\/uploads\/2023\/09\/Massape-vence-Padre-Marcos-por-3-\u00d7-1-em-placar-agregado-pela-II-Copa-AMVI-IMG_1054-300x200.jpg\" data-sizes=\"(max-width: 300px) 100vw, 300px\" \/><\/a><\/div>\n<\/figure>\n<figure class=\"gallery-item\">\n<div class=\"gallery-icon landscape\"><a href=\"https:\/\/infonewss.com\/wp-content\/uploads\/2023\/09\/Massape-vence-Padre-Marcos-por-3-%C3%97-1-em-placar-agregado-pela-II-Copa-AMVI-IMG_1057.jpg\"><img loading=\"lazy\" decoding=\"async\" class=\"attachment-medium size-medium lazyload\" src=\"data:image\/gif;base64,R0lGODlhAQABAAAAACH5BAEKAAEALAAAAAABAAEAAAICTAEAOw==\" alt=\"\" width=\"300\" height=\"200\" data-srcset=\"https:\/\/infonewss.com\/wp-content\/uploads\/2023\/09\/Massape-vence-Padre-Marcos-por-3-\u00d7-1-em-placar-agregado-pela-II-Copa-AMVI-IMG_1057-300x200.jpg 300w, https:\/\/infonewss.com\/wp-content\/uploads\/2023\/09\/Massape-vence-Padre-Marcos-por-3-\u00d7-1-em-placar-agregado-pela-II-Copa-AMVI-IMG_1057-768x512.jpg 768w, https:\/\/infonewss.com\/wp-content\/uploads\/2023\/09\/Massape-vence-Padre-Marcos-por-3-\u00d7-1-em-placar-agregado-pela-II-Copa-AMVI-IMG_1057-150x100.jpg 150w, https:\/\/infonewss.com\/wp-content\/uploads\/2023\/09\/Massape-vence-Padre-Marcos-por-3-\u00d7-1-em-placar-agregado-pela-II-Copa-AMVI-IMG_1057-696x464.jpg 696w, https:\/\/infonewss.com\/wp-content\/uploads\/2023\/09\/Massape-vence-Padre-Marcos-por-3-\u00d7-1-em-placar-agregado-pela-II-Copa-AMVI-IMG_1057.jpg 900w\" data-src=\"https:\/\/infonewss.com\/wp-content\/uploads\/2023\/09\/Massape-vence-Padre-Marcos-por-3-\u00d7-1-em-placar-agregado-pela-II-Copa-AMVI-IMG_1057-300x200.jpg\" data-sizes=\"(max-width: 300px) 100vw, 300px\" \/><\/a><\/div>\n<\/figure>\n<figure class=\"gallery-item\">\n<div class=\"gallery-icon landscape\"><a href=\"https:\/\/infonewss.com\/wp-content\/uploads\/2023\/09\/Massape-vence-Padre-Marcos-por-3-%C3%97-1-em-placar-agregado-pela-II-Copa-AMVI-IMG_1058.jpg\"><img loading=\"lazy\" decoding=\"async\" class=\"attachment-medium size-medium lazyload\" src=\"data:image\/gif;base64,R0lGODlhAQABAAAAACH5BAEKAAEALAAAAAABAAEAAAICTAEAOw==\" alt=\"\" width=\"300\" height=\"200\" data-srcset=\"https:\/\/infonewss.com\/wp-content\/uploads\/2023\/09\/Massape-vence-Padre-Marcos-por-3-\u00d7-1-em-placar-agregado-pela-II-Copa-AMVI-IMG_1058-300x200.jpg 300w, https:\/\/infonewss.com\/wp-content\/uploads\/2023\/09\/Massape-vence-Padre-Marcos-por-3-\u00d7-1-em-placar-agregado-pela-II-Copa-AMVI-IMG_1058-768x512.jpg 768w, https:\/\/infonewss.com\/wp-content\/uploads\/2023\/09\/Massape-vence-Padre-Marcos-por-3-\u00d7-1-em-placar-agregado-pela-II-Copa-AMVI-IMG_1058-150x100.jpg 150w, https:\/\/infonewss.com\/wp-content\/uploads\/2023\/09\/Massape-vence-Padre-Marcos-por-3-\u00d7-1-em-placar-agregado-pela-II-Copa-AMVI-IMG_1058-696x464.jpg 696w, https:\/\/infonewss.com\/wp-content\/uploads\/2023\/09\/Massape-vence-Padre-Marcos-por-3-\u00d7-1-em-placar-agregado-pela-II-Copa-AMVI-IMG_1058.jpg 900w\" data-src=\"https:\/\/infonewss.com\/wp-content\/uploads\/2023\/09\/Massape-vence-Padre-Marcos-por-3-\u00d7-1-em-placar-agregado-pela-II-Copa-AMVI-IMG_1058-300x200.jpg\" data-sizes=\"(max-width: 300px) 100vw, 300px\" \/><\/a><\/div>\n<\/figure>\n<figure class=\"gallery-item\">\n<div class=\"gallery-icon portrait\"><a href=\"https:\/\/infonewss.com\/wp-content\/uploads\/2023\/09\/Massape-vence-Padre-Marcos-por-3-%C3%97-1-em-placar-agregado-pela-II-Copa-AMVI-IMG_1060.jpg\"><img loading=\"lazy\" decoding=\"async\" class=\"attachment-medium size-medium lazyload\" src=\"data:image\/gif;base64,R0lGODlhAQABAAAAACH5BAEKAAEALAAAAAABAAEAAAICTAEAOw==\" alt=\"\" width=\"200\" height=\"300\" data-srcset=\"https:\/\/infonewss.com\/wp-content\/uploads\/2023\/09\/Massape-vence-Padre-Marcos-por-3-\u00d7-1-em-placar-agregado-pela-II-Copa-AMVI-IMG_1060-200x300.jpg 200w, https:\/\/infonewss.com\/wp-content\/uploads\/2023\/09\/Massape-vence-Padre-Marcos-por-3-\u00d7-1-em-placar-agregado-pela-II-Copa-AMVI-IMG_1060-683x1024.jpg 683w, https:\/\/infonewss.com\/wp-content\/uploads\/2023\/09\/Massape-vence-Padre-Marcos-por-3-\u00d7-1-em-placar-agregado-pela-II-Copa-AMVI-IMG_1060-768x1152.jpg 768w, https:\/\/infonewss.com\/wp-content\/uploads\/2023\/09\/Massape-vence-Padre-Marcos-por-3-\u00d7-1-em-placar-agregado-pela-II-Copa-AMVI-IMG_1060-150x225.jpg 150w, https:\/\/infonewss.com\/wp-content\/uploads\/2023\/09\/Massape-vence-Padre-Marcos-por-3-\u00d7-1-em-placar-agregado-pela-II-Copa-AMVI-IMG_1060-300x450.jpg 300w, https:\/\/infonewss.com\/wp-content\/uploads\/2023\/09\/Massape-vence-Padre-Marcos-por-3-\u00d7-1-em-placar-agregado-pela-II-Copa-AMVI-IMG_1060-696x1044.jpg 696w, https:\/\/infonewss.com\/wp-content\/uploads\/2023\/09\/Massape-vence-Padre-Marcos-por-3-\u00d7-1-em-placar-agregado-pela-II-Copa-AMVI-IMG_1060.jpg 900w\" data-src=\"https:\/\/infonewss.com\/wp-content\/uploads\/2023\/09\/Massape-vence-Padre-Marcos-por-3-\u00d7-1-em-placar-agregado-pela-II-Copa-AMVI-IMG_1060-200x300.jpg\" data-sizes=\"(max-width: 200px) 100vw, 200px\" \/><\/a><\/div>\n<\/figure>\n<figure class=\"gallery-item\">\n<div class=\"gallery-icon portrait\"><a href=\"https:\/\/infonewss.com\/wp-content\/uploads\/2023\/09\/Massape-vence-Padre-Marcos-por-3-%C3%97-1-em-placar-agregado-pela-II-Copa-AMVI-IMG_1061.jpg\"><img loading=\"lazy\" decoding=\"async\" class=\"attachment-medium size-medium lazyload\" src=\"data:image\/gif;base64,R0lGODlhAQABAAAAACH5BAEKAAEALAAAAAABAAEAAAICTAEAOw==\" alt=\"\" width=\"200\" height=\"300\" data-srcset=\"https:\/\/infonewss.com\/wp-content\/uploads\/2023\/09\/Massape-vence-Padre-Marcos-por-3-\u00d7-1-em-placar-agregado-pela-II-Copa-AMVI-IMG_1061-200x300.jpg 200w, https:\/\/infonewss.com\/wp-content\/uploads\/2023\/09\/Massape-vence-Padre-Marcos-por-3-\u00d7-1-em-placar-agregado-pela-II-Copa-AMVI-IMG_1061-683x1024.jpg 683w, https:\/\/infonewss.com\/wp-content\/uploads\/2023\/09\/Massape-vence-Padre-Marcos-por-3-\u00d7-1-em-placar-agregado-pela-II-Copa-AMVI-IMG_1061-768x1152.jpg 768w, https:\/\/infonewss.com\/wp-content\/uploads\/2023\/09\/Massape-vence-Padre-Marcos-por-3-\u00d7-1-em-placar-agregado-pela-II-Copa-AMVI-IMG_1061-150x225.jpg 150w, https:\/\/infonewss.com\/wp-content\/uploads\/2023\/09\/Massape-vence-Padre-Marcos-por-3-\u00d7-1-em-placar-agregado-pela-II-Copa-AMVI-IMG_1061-300x450.jpg 300w, https:\/\/infonewss.com\/wp-content\/uploads\/2023\/09\/Massape-vence-Padre-Marcos-por-3-\u00d7-1-em-placar-agregado-pela-II-Copa-AMVI-IMG_1061-696x1044.jpg 696w, https:\/\/infonewss.com\/wp-content\/uploads\/2023\/09\/Massape-vence-Padre-Marcos-por-3-\u00d7-1-em-placar-agregado-pela-II-Copa-AMVI-IMG_1061.jpg 900w\" data-src=\"https:\/\/infonewss.com\/wp-content\/uploads\/2023\/09\/Massape-vence-Padre-Marcos-por-3-\u00d7-1-em-placar-agregado-pela-II-Copa-AMVI-IMG_1061-200x300.jpg\" data-sizes=\"(max-width: 200px) 100vw, 200px\" \/><\/a><\/div>\n<\/figure>\n<figure class=\"gallery-item\">\n<div class=\"gallery-icon portrait\"><a href=\"https:\/\/infonewss.com\/wp-content\/uploads\/2023\/09\/Massape-vence-Padre-Marcos-por-3-%C3%97-1-em-placar-agregado-pela-II-Copa-AMVI-IMG_1063.jpg\"><img loading=\"lazy\" decoding=\"async\" class=\"attachment-medium size-medium lazyload\" src=\"data:image\/gif;base64,R0lGODlhAQABAAAAACH5BAEKAAEALAAAAAABAAEAAAICTAEAOw==\" alt=\"\" width=\"200\" height=\"300\" data-srcset=\"https:\/\/infonewss.com\/wp-content\/uploads\/2023\/09\/Massape-vence-Padre-Marcos-por-3-\u00d7-1-em-placar-agregado-pela-II-Copa-AMVI-IMG_1063-200x300.jpg 200w, https:\/\/infonewss.com\/wp-content\/uploads\/2023\/09\/Massape-vence-Padre-Marcos-por-3-\u00d7-1-em-placar-agregado-pela-II-Copa-AMVI-IMG_1063-683x1024.jpg 683w, https:\/\/infonewss.com\/wp-content\/uploads\/2023\/09\/Massape-vence-Padre-Marcos-por-3-\u00d7-1-em-placar-agregado-pela-II-Copa-AMVI-IMG_1063-768x1152.jpg 768w, https:\/\/infonewss.com\/wp-content\/uploads\/2023\/09\/Massape-vence-Padre-Marcos-por-3-\u00d7-1-em-placar-agregado-pela-II-Copa-AMVI-IMG_1063-150x225.jpg 150w, https:\/\/infonewss.com\/wp-content\/uploads\/2023\/09\/Massape-vence-Padre-Marcos-por-3-\u00d7-1-em-placar-agregado-pela-II-Copa-AMVI-IMG_1063-300x450.jpg 300w, https:\/\/infonewss.com\/wp-content\/uploads\/2023\/09\/Massape-vence-Padre-Marcos-por-3-\u00d7-1-em-placar-agregado-pela-II-Copa-AMVI-IMG_1063-696x1044.jpg 696w, https:\/\/infonewss.com\/wp-content\/uploads\/2023\/09\/Massape-vence-Padre-Marcos-por-3-\u00d7-1-em-placar-agregado-pela-II-Copa-AMVI-IMG_1063.jpg 900w\" data-src=\"https:\/\/infonewss.com\/wp-content\/uploads\/2023\/09\/Massape-vence-Padre-Marcos-por-3-\u00d7-1-em-placar-agregado-pela-II-Copa-AMVI-IMG_1063-200x300.jpg\" data-sizes=\"(max-width: 200px) 100vw, 200px\" \/><\/a><\/div>\n<\/figure>\n<figure class=\"gallery-item\">\n<div class=\"gallery-icon landscape\"><a href=\"https:\/\/infonewss.com\/wp-content\/uploads\/2023\/09\/Massape-vence-Padre-Marcos-por-3-%C3%97-1-em-placar-agregado-pela-II-Copa-AMVI-IMG_1065.jpg\"><img loading=\"lazy\" decoding=\"async\" class=\"attachment-medium size-medium lazyload\" src=\"data:image\/gif;base64,R0lGODlhAQABAAAAACH5BAEKAAEALAAAAAABAAEAAAICTAEAOw==\" alt=\"\" width=\"300\" height=\"200\" data-srcset=\"https:\/\/infonewss.com\/wp-content\/uploads\/2023\/09\/Massape-vence-Padre-Marcos-por-3-\u00d7-1-em-placar-agregado-pela-II-Copa-AMVI-IMG_1065-300x200.jpg 300w, https:\/\/infonewss.com\/wp-content\/uploads\/2023\/09\/Massape-vence-Padre-Marcos-por-3-\u00d7-1-em-placar-agregado-pela-II-Copa-AMVI-IMG_1065-768x512.jpg 768w, https:\/\/infonewss.com\/wp-content\/uploads\/2023\/09\/Massape-vence-Padre-Marcos-por-3-\u00d7-1-em-placar-agregado-pela-II-Copa-AMVI-IMG_1065-150x100.jpg 150w, https:\/\/infonewss.com\/wp-content\/uploads\/2023\/09\/Massape-vence-Padre-Marcos-por-3-\u00d7-1-em-placar-agregado-pela-II-Copa-AMVI-IMG_1065-696x464.jpg 696w, https:\/\/infonewss.com\/wp-content\/uploads\/2023\/09\/Massape-vence-Padre-Marcos-por-3-\u00d7-1-em-placar-agregado-pela-II-Copa-AMVI-IMG_1065.jpg 900w\" data-src=\"https:\/\/infonewss.com\/wp-content\/uploads\/2023\/09\/Massape-vence-Padre-Marcos-por-3-\u00d7-1-em-placar-agregado-pela-II-Copa-AMVI-IMG_1065-300x200.jpg\" data-sizes=\"(max-width: 300px) 100vw, 300px\" \/><\/a><\/div>\n<\/figure>\n<figure class=\"gallery-item\">\n<div class=\"gallery-icon landscape\"><a href=\"https:\/\/infonewss.com\/wp-content\/uploads\/2023\/09\/Massape-vence-Padre-Marcos-por-3-%C3%97-1-em-placar-agregado-pela-II-Copa-AMVI-IMG_1067.jpg\"><img loading=\"lazy\" decoding=\"async\" class=\"attachment-medium size-medium lazyload\" src=\"data:image\/gif;base64,R0lGODlhAQABAAAAACH5BAEKAAEALAAAAAABAAEAAAICTAEAOw==\" alt=\"\" width=\"300\" height=\"200\" data-srcset=\"https:\/\/infonewss.com\/wp-content\/uploads\/2023\/09\/Massape-vence-Padre-Marcos-por-3-\u00d7-1-em-placar-agregado-pela-II-Copa-AMVI-IMG_1067-300x200.jpg 300w, https:\/\/infonewss.com\/wp-content\/uploads\/2023\/09\/Massape-vence-Padre-Marcos-por-3-\u00d7-1-em-placar-agregado-pela-II-Copa-AMVI-IMG_1067-768x512.jpg 768w, https:\/\/infonewss.com\/wp-content\/uploads\/2023\/09\/Massape-vence-Padre-Marcos-por-3-\u00d7-1-em-placar-agregado-pela-II-Copa-AMVI-IMG_1067-150x100.jpg 150w, https:\/\/infonewss.com\/wp-content\/uploads\/2023\/09\/Massape-vence-Padre-Marcos-por-3-\u00d7-1-em-placar-agregado-pela-II-Copa-AMVI-IMG_1067-696x464.jpg 696w, https:\/\/infonewss.com\/wp-content\/uploads\/2023\/09\/Massape-vence-Padre-Marcos-por-3-\u00d7-1-em-placar-agregado-pela-II-Copa-AMVI-IMG_1067.jpg 900w\" data-src=\"https:\/\/infonewss.com\/wp-content\/uploads\/2023\/09\/Massape-vence-Padre-Marcos-por-3-\u00d7-1-em-placar-agregado-pela-II-Copa-AMVI-IMG_1067-300x200.jpg\" data-sizes=\"(max-width: 300px) 100vw, 300px\" \/><\/a><\/div>\n<\/figure>\n<figure class=\"gallery-item\">\n<div class=\"gallery-icon landscape\"><a href=\"https:\/\/infonewss.com\/wp-content\/uploads\/2023\/09\/Massape-vence-Padre-Marcos-por-3-%C3%97-1-em-placar-agregado-pela-II-Copa-AMVI-IMG_1070.jpg\"><img loading=\"lazy\" decoding=\"async\" class=\"attachment-medium size-medium lazyload\" src=\"data:image\/gif;base64,R0lGODlhAQABAAAAACH5BAEKAAEALAAAAAABAAEAAAICTAEAOw==\" alt=\"\" width=\"300\" height=\"200\" data-srcset=\"https:\/\/infonewss.com\/wp-content\/uploads\/2023\/09\/Massape-vence-Padre-Marcos-por-3-\u00d7-1-em-placar-agregado-pela-II-Copa-AMVI-IMG_1070-300x200.jpg 300w, https:\/\/infonewss.com\/wp-content\/uploads\/2023\/09\/Massape-vence-Padre-Marcos-por-3-\u00d7-1-em-placar-agregado-pela-II-Copa-AMVI-IMG_1070-768x512.jpg 768w, https:\/\/infonewss.com\/wp-content\/uploads\/2023\/09\/Massape-vence-Padre-Marcos-por-3-\u00d7-1-em-placar-agregado-pela-II-Copa-AMVI-IMG_1070-150x100.jpg 150w, https:\/\/infonewss.com\/wp-content\/uploads\/2023\/09\/Massape-vence-Padre-Marcos-por-3-\u00d7-1-em-placar-agregado-pela-II-Copa-AMVI-IMG_1070-696x464.jpg 696w, https:\/\/infonewss.com\/wp-content\/uploads\/2023\/09\/Massape-vence-Padre-Marcos-por-3-\u00d7-1-em-placar-agregado-pela-II-Copa-AMVI-IMG_1070.jpg 900w\" data-src=\"https:\/\/infonewss.com\/wp-content\/uploads\/2023\/09\/Massape-vence-Padre-Marcos-por-3-\u00d7-1-em-placar-agregado-pela-II-Copa-AMVI-IMG_1070-300x200.jpg\" data-sizes=\"(max-width: 300px) 100vw, 300px\" \/><\/a><\/div>\n<\/figure>\n<figure class=\"gallery-item\">\n<div class=\"gallery-icon landscape\"><a href=\"https:\/\/infonewss.com\/wp-content\/uploads\/2023\/09\/Massape-vence-Padre-Marcos-por-3-%C3%97-1-em-placar-agregado-pela-II-Copa-AMVI-IMG_1073.jpg\"><img loading=\"lazy\" decoding=\"async\" class=\"attachment-medium size-medium lazyload\" src=\"data:image\/gif;base64,R0lGODlhAQABAAAAACH5BAEKAAEALAAAAAABAAEAAAICTAEAOw==\" alt=\"\" width=\"300\" height=\"200\" data-srcset=\"https:\/\/infonewss.com\/wp-content\/uploads\/2023\/09\/Massape-vence-Padre-Marcos-por-3-\u00d7-1-em-placar-agregado-pela-II-Copa-AMVI-IMG_1073-300x200.jpg 300w, https:\/\/infonewss.com\/wp-content\/uploads\/2023\/09\/Massape-vence-Padre-Marcos-por-3-\u00d7-1-em-placar-agregado-pela-II-Copa-AMVI-IMG_1073-768x512.jpg 768w, https:\/\/infonewss.com\/wp-content\/uploads\/2023\/09\/Massape-vence-Padre-Marcos-por-3-\u00d7-1-em-placar-agregado-pela-II-Copa-AMVI-IMG_1073-150x100.jpg 150w, https:\/\/infonewss.com\/wp-content\/uploads\/2023\/09\/Massape-vence-Padre-Marcos-por-3-\u00d7-1-em-placar-agregado-pela-II-Copa-AMVI-IMG_1073-696x464.jpg 696w, https:\/\/infonewss.com\/wp-content\/uploads\/2023\/09\/Massape-vence-Padre-Marcos-por-3-\u00d7-1-em-placar-agregado-pela-II-Copa-AMVI-IMG_1073.jpg 900w\" data-src=\"https:\/\/infonewss.com\/wp-content\/uploads\/2023\/09\/Massape-vence-Padre-Marcos-por-3-\u00d7-1-em-placar-agregado-pela-II-Copa-AMVI-IMG_1073-300x200.jpg\" data-sizes=\"(max-width: 300px) 100vw, 300px\" \/><\/a><\/div>\n<\/figure>\n<figure class=\"gallery-item\">\n<div class=\"gallery-icon landscape\"><a href=\"https:\/\/infonewss.com\/wp-content\/uploads\/2023\/09\/Massape-vence-Padre-Marcos-por-3-%C3%97-1-em-placar-agregado-pela-II-Copa-AMVI-IMG_1074.jpg\"><img loading=\"lazy\" decoding=\"async\" class=\"attachment-medium size-medium lazyload\" src=\"data:image\/gif;base64,R0lGODlhAQABAAAAACH5BAEKAAEALAAAAAABAAEAAAICTAEAOw==\" alt=\"\" width=\"300\" height=\"200\" data-srcset=\"https:\/\/infonewss.com\/wp-content\/uploads\/2023\/09\/Massape-vence-Padre-Marcos-por-3-\u00d7-1-em-placar-agregado-pela-II-Copa-AMVI-IMG_1074-300x200.jpg 300w, https:\/\/infonewss.com\/wp-content\/uploads\/2023\/09\/Massape-vence-Padre-Marcos-por-3-\u00d7-1-em-placar-agregado-pela-II-Copa-AMVI-IMG_1074-768x512.jpg 768w, https:\/\/infonewss.com\/wp-content\/uploads\/2023\/09\/Massape-vence-Padre-Marcos-por-3-\u00d7-1-em-placar-agregado-pela-II-Copa-AMVI-IMG_1074-150x100.jpg 150w, https:\/\/infonewss.com\/wp-content\/uploads\/2023\/09\/Massape-vence-Padre-Marcos-por-3-\u00d7-1-em-placar-agregado-pela-II-Copa-AMVI-IMG_1074-696x464.jpg 696w, https:\/\/infonewss.com\/wp-content\/uploads\/2023\/09\/Massape-vence-Padre-Marcos-por-3-\u00d7-1-em-placar-agregado-pela-II-Copa-AMVI-IMG_1074.jpg 900w\" data-src=\"https:\/\/infonewss.com\/wp-content\/uploads\/2023\/09\/Massape-vence-Padre-Marcos-por-3-\u00d7-1-em-placar-agregado-pela-II-Copa-AMVI-IMG_1074-300x200.jpg\" data-sizes=\"(max-width: 300px) 100vw, 300px\" \/><\/a><\/div>\n<\/figure>\n<figure class=\"gallery-item\">\n<div class=\"gallery-icon landscape\"><a href=\"https:\/\/infonewss.com\/wp-content\/uploads\/2023\/09\/Massape-vence-Padre-Marcos-por-3-%C3%97-1-em-placar-agregado-pela-II-Copa-AMVI-IMG_1075.jpg\"><img loading=\"lazy\" decoding=\"async\" class=\"attachment-medium size-medium lazyload\" src=\"data:image\/gif;base64,R0lGODlhAQABAAAAACH5BAEKAAEALAAAAAABAAEAAAICTAEAOw==\" alt=\"\" width=\"300\" height=\"200\" data-srcset=\"https:\/\/infonewss.com\/wp-content\/uploads\/2023\/09\/Massape-vence-Padre-Marcos-por-3-\u00d7-1-em-placar-agregado-pela-II-Copa-AMVI-IMG_1075-300x200.jpg 300w, https:\/\/infonewss.com\/wp-content\/uploads\/2023\/09\/Massape-vence-Padre-Marcos-por-3-\u00d7-1-em-placar-agregado-pela-II-Copa-AMVI-IMG_1075-768x512.jpg 768w, https:\/\/infonewss.com\/wp-content\/uploads\/2023\/09\/Massape-vence-Padre-Marcos-por-3-\u00d7-1-em-placar-agregado-pela-II-Copa-AMVI-IMG_1075-150x100.jpg 150w, https:\/\/infonewss.com\/wp-content\/uploads\/2023\/09\/Massape-vence-Padre-Marcos-por-3-\u00d7-1-em-placar-agregado-pela-II-Copa-AMVI-IMG_1075-696x464.jpg 696w, https:\/\/infonewss.com\/wp-content\/uploads\/2023\/09\/Massape-vence-Padre-Marcos-por-3-\u00d7-1-em-placar-agregado-pela-II-Copa-AMVI-IMG_1075.jpg 900w\" data-src=\"https:\/\/infonewss.com\/wp-content\/uploads\/2023\/09\/Massape-vence-Padre-Marcos-por-3-\u00d7-1-em-placar-agregado-pela-II-Copa-AMVI-IMG_1075-300x200.jpg\" data-sizes=\"(max-width: 300px) 100vw, 300px\" \/><\/a><\/div>\n<\/figure>\n<figure class=\"gallery-item\">\n<div class=\"gallery-icon landscape\"><a href=\"https:\/\/infonewss.com\/wp-content\/uploads\/2023\/09\/Massape-vence-Padre-Marcos-por-3-%C3%97-1-em-placar-agregado-pela-II-Copa-AMVI-IMG_1076.jpg\"><img loading=\"lazy\" decoding=\"async\" class=\"attachment-medium size-medium lazyload\" src=\"data:image\/gif;base64,R0lGODlhAQABAAAAACH5BAEKAAEALAAAAAABAAEAAAICTAEAOw==\" alt=\"\" width=\"300\" height=\"200\" data-srcset=\"https:\/\/infonewss.com\/wp-content\/uploads\/2023\/09\/Massape-vence-Padre-Marcos-por-3-\u00d7-1-em-placar-agregado-pela-II-Copa-AMVI-IMG_1076-300x200.jpg 300w, https:\/\/infonewss.com\/wp-content\/uploads\/2023\/09\/Massape-vence-Padre-Marcos-por-3-\u00d7-1-em-placar-agregado-pela-II-Copa-AMVI-IMG_1076-768x512.jpg 768w, https:\/\/infonewss.com\/wp-content\/uploads\/2023\/09\/Massape-vence-Padre-Marcos-por-3-\u00d7-1-em-placar-agregado-pela-II-Copa-AMVI-IMG_1076-150x100.jpg 150w, https:\/\/infonewss.com\/wp-content\/uploads\/2023\/09\/Massape-vence-Padre-Marcos-por-3-\u00d7-1-em-placar-agregado-pela-II-Copa-AMVI-IMG_1076-696x464.jpg 696w, https:\/\/infonewss.com\/wp-content\/uploads\/2023\/09\/Massape-vence-Padre-Marcos-por-3-\u00d7-1-em-placar-agregado-pela-II-Copa-AMVI-IMG_1076.jpg 900w\" data-src=\"https:\/\/infonewss.com\/wp-content\/uploads\/2023\/09\/Massape-vence-Padre-Marcos-por-3-\u00d7-1-em-placar-agregado-pela-II-Copa-AMVI-IMG_1076-300x200.jpg\" data-sizes=\"(max-width: 300px) 100vw, 300px\" \/><\/a><\/div>\n<\/figure>\n<figure class=\"gallery-item\">\n<div class=\"gallery-icon portrait\"><a href=\"https:\/\/infonewss.com\/wp-content\/uploads\/2023\/09\/Massape-vence-Padre-Marcos-por-3-%C3%97-1-em-placar-agregado-pela-II-Copa-AMVI-IMG_1078.jpg\"><img loading=\"lazy\" decoding=\"async\" class=\"attachment-medium size-medium lazyload\" src=\"data:image\/gif;base64,R0lGODlhAQABAAAAACH5BAEKAAEALAAAAAABAAEAAAICTAEAOw==\" alt=\"\" width=\"200\" height=\"300\" data-srcset=\"https:\/\/infonewss.com\/wp-content\/uploads\/2023\/09\/Massape-vence-Padre-Marcos-por-3-\u00d7-1-em-placar-agregado-pela-II-Copa-AMVI-IMG_1078-200x300.jpg 200w, https:\/\/infonewss.com\/wp-content\/uploads\/2023\/09\/Massape-vence-Padre-Marcos-por-3-\u00d7-1-em-placar-agregado-pela-II-Copa-AMVI-IMG_1078-683x1024.jpg 683w, https:\/\/infonewss.com\/wp-content\/uploads\/2023\/09\/Massape-vence-Padre-Marcos-por-3-\u00d7-1-em-placar-agregado-pela-II-Copa-AMVI-IMG_1078-768x1152.jpg 768w, https:\/\/infonewss.com\/wp-content\/uploads\/2023\/09\/Massape-vence-Padre-Marcos-por-3-\u00d7-1-em-placar-agregado-pela-II-Copa-AMVI-IMG_1078-150x225.jpg 150w, https:\/\/infonewss.com\/wp-content\/uploads\/2023\/09\/Massape-vence-Padre-Marcos-por-3-\u00d7-1-em-placar-agregado-pela-II-Copa-AMVI-IMG_1078-300x450.jpg 300w, https:\/\/infonewss.com\/wp-content\/uploads\/2023\/09\/Massape-vence-Padre-Marcos-por-3-\u00d7-1-em-placar-agregado-pela-II-Copa-AMVI-IMG_1078-696x1044.jpg 696w, https:\/\/infonewss.com\/wp-content\/uploads\/2023\/09\/Massape-vence-Padre-Marcos-por-3-\u00d7-1-em-placar-agregado-pela-II-Copa-AMVI-IMG_1078.jpg 900w\" data-src=\"https:\/\/infonewss.com\/wp-content\/uploads\/2023\/09\/Massape-vence-Padre-Marcos-por-3-\u00d7-1-em-placar-agregado-pela-II-Copa-AMVI-IMG_1078-200x300.jpg\" data-sizes=\"(max-width: 200px) 100vw, 200px\" \/><\/a><\/div>\n<\/figure>\n<figure class=\"gallery-item\">\n<div class=\"gallery-icon portrait\"><a href=\"https:\/\/infonewss.com\/wp-content\/uploads\/2023\/09\/Massape-vence-Padre-Marcos-por-3-%C3%97-1-em-placar-agregado-pela-II-Copa-AMVI-IMG_1079.jpg\"><img loading=\"lazy\" decoding=\"async\" class=\"attachment-medium size-medium lazyload\" src=\"data:image\/gif;base64,R0lGODlhAQABAAAAACH5BAEKAAEALAAAAAABAAEAAAICTAEAOw==\" alt=\"\" width=\"200\" height=\"300\" data-srcset=\"https:\/\/infonewss.com\/wp-content\/uploads\/2023\/09\/Massape-vence-Padre-Marcos-por-3-\u00d7-1-em-placar-agregado-pela-II-Copa-AMVI-IMG_1079-200x300.jpg 200w, https:\/\/infonewss.com\/wp-content\/uploads\/2023\/09\/Massape-vence-Padre-Marcos-por-3-\u00d7-1-em-placar-agregado-pela-II-Copa-AMVI-IMG_1079-683x1024.jpg 683w, https:\/\/infonewss.com\/wp-content\/uploads\/2023\/09\/Massape-vence-Padre-Marcos-por-3-\u00d7-1-em-placar-agregado-pela-II-Copa-AMVI-IMG_1079-768x1152.jpg 768w, https:\/\/infonewss.com\/wp-content\/uploads\/2023\/09\/Massape-vence-Padre-Marcos-por-3-\u00d7-1-em-placar-agregado-pela-II-Copa-AMVI-IMG_1079-150x225.jpg 150w, https:\/\/infonewss.com\/wp-content\/uploads\/2023\/09\/Massape-vence-Padre-Marcos-por-3-\u00d7-1-em-placar-agregado-pela-II-Copa-AMVI-IMG_1079-300x450.jpg 300w, https:\/\/infonewss.com\/wp-content\/uploads\/2023\/09\/Massape-vence-Padre-Marcos-por-3-\u00d7-1-em-placar-agregado-pela-II-Copa-AMVI-IMG_1079-696x1044.jpg 696w, https:\/\/infonewss.com\/wp-content\/uploads\/2023\/09\/Massape-vence-Padre-Marcos-por-3-\u00d7-1-em-placar-agregado-pela-II-Copa-AMVI-IMG_1079.jpg 900w\" data-src=\"https:\/\/infonewss.com\/wp-content\/uploads\/2023\/09\/Massape-vence-Padre-Marcos-por-3-\u00d7-1-em-placar-agregado-pela-II-Copa-AMVI-IMG_1079-200x300.jpg\" data-sizes=\"(max-width: 200px) 100vw, 200px\" \/><\/a><\/div>\n<\/figure>\n<figure class=\"gallery-item\">\n<div class=\"gallery-icon portrait\"><a href=\"https:\/\/infonewss.com\/wp-content\/uploads\/2023\/09\/Massape-vence-Padre-Marcos-por-3-%C3%97-1-em-placar-agregado-pela-II-Copa-AMVI-IMG_1080.jpg\"><img loading=\"lazy\" decoding=\"async\" class=\"attachment-medium size-medium lazyload\" src=\"data:image\/gif;base64,R0lGODlhAQABAAAAACH5BAEKAAEALAAAAAABAAEAAAICTAEAOw==\" alt=\"\" width=\"200\" height=\"300\" data-srcset=\"https:\/\/infonewss.com\/wp-content\/uploads\/2023\/09\/Massape-vence-Padre-Marcos-por-3-\u00d7-1-em-placar-agregado-pela-II-Copa-AMVI-IMG_1080-200x300.jpg 200w, https:\/\/infonewss.com\/wp-content\/uploads\/2023\/09\/Massape-vence-Padre-Marcos-por-3-\u00d7-1-em-placar-agregado-pela-II-Copa-AMVI-IMG_1080-683x1024.jpg 683w, https:\/\/infonewss.com\/wp-content\/uploads\/2023\/09\/Massape-vence-Padre-Marcos-por-3-\u00d7-1-em-placar-agregado-pela-II-Copa-AMVI-IMG_1080-768x1152.jpg 768w, https:\/\/infonewss.com\/wp-content\/uploads\/2023\/09\/Massape-vence-Padre-Marcos-por-3-\u00d7-1-em-placar-agregado-pela-II-Copa-AMVI-IMG_1080-150x225.jpg 150w, https:\/\/infonewss.com\/wp-content\/uploads\/2023\/09\/Massape-vence-Padre-Marcos-por-3-\u00d7-1-em-placar-agregado-pela-II-Copa-AMVI-IMG_1080-300x450.jpg 300w, https:\/\/infonewss.com\/wp-content\/uploads\/2023\/09\/Massape-vence-Padre-Marcos-por-3-\u00d7-1-em-placar-agregado-pela-II-Copa-AMVI-IMG_1080-696x1044.jpg 696w, https:\/\/infonewss.com\/wp-content\/uploads\/2023\/09\/Massape-vence-Padre-Marcos-por-3-\u00d7-1-em-placar-agregado-pela-II-Copa-AMVI-IMG_1080.jpg 900w\" data-src=\"https:\/\/infonewss.com\/wp-content\/uploads\/2023\/09\/Massape-vence-Padre-Marcos-por-3-\u00d7-1-em-placar-agregado-pela-II-Copa-AMVI-IMG_1080-200x300.jpg\" data-sizes=\"(max-width: 200px) 100vw, 200px\" \/><\/a><\/div>\n<\/figure>\n<figure class=\"gallery-item\">\n<div class=\"gallery-icon portrait\"><a href=\"https:\/\/infonewss.com\/wp-content\/uploads\/2023\/09\/Massape-vence-Padre-Marcos-por-3-%C3%97-1-em-placar-agregado-pela-II-Copa-AMVI-IMG_1083.jpg\"><img loading=\"lazy\" decoding=\"async\" class=\"attachment-medium size-medium lazyload\" src=\"data:image\/gif;base64,R0lGODlhAQABAAAAACH5BAEKAAEALAAAAAABAAEAAAICTAEAOw==\" alt=\"\" width=\"200\" height=\"300\" data-srcset=\"https:\/\/infonewss.com\/wp-content\/uploads\/2023\/09\/Massape-vence-Padre-Marcos-por-3-\u00d7-1-em-placar-agregado-pela-II-Copa-AMVI-IMG_1083-200x300.jpg 200w, https:\/\/infonewss.com\/wp-content\/uploads\/2023\/09\/Massape-vence-Padre-Marcos-por-3-\u00d7-1-em-placar-agregado-pela-II-Copa-AMVI-IMG_1083-683x1024.jpg 683w, https:\/\/infonewss.com\/wp-content\/uploads\/2023\/09\/Massape-vence-Padre-Marcos-por-3-\u00d7-1-em-placar-agregado-pela-II-Copa-AMVI-IMG_1083-768x1152.jpg 768w, https:\/\/infonewss.com\/wp-content\/uploads\/2023\/09\/Massape-vence-Padre-Marcos-por-3-\u00d7-1-em-placar-agregado-pela-II-Copa-AMVI-IMG_1083-150x225.jpg 150w, https:\/\/infonewss.com\/wp-content\/uploads\/2023\/09\/Massape-vence-Padre-Marcos-por-3-\u00d7-1-em-placar-agregado-pela-II-Copa-AMVI-IMG_1083-300x450.jpg 300w, https:\/\/infonewss.com\/wp-content\/uploads\/2023\/09\/Massape-vence-Padre-Marcos-por-3-\u00d7-1-em-placar-agregado-pela-II-Copa-AMVI-IMG_1083-696x1044.jpg 696w, https:\/\/infonewss.com\/wp-content\/uploads\/2023\/09\/Massape-vence-Padre-Marcos-por-3-\u00d7-1-em-placar-agregado-pela-II-Copa-AMVI-IMG_1083.jpg 900w\" data-src=\"https:\/\/infonewss.com\/wp-content\/uploads\/2023\/09\/Massape-vence-Padre-Marcos-por-3-\u00d7-1-em-placar-agregado-pela-II-Copa-AMVI-IMG_1083-200x300.jpg\" data-sizes=\"(max-width: 200px) 100vw, 200px\" \/><\/a><\/div>\n<\/figure>\n<figure class=\"gallery-item\">\n<div class=\"gallery-icon landscape\"><a href=\"https:\/\/infonewss.com\/wp-content\/uploads\/2023\/09\/Massape-vence-Padre-Marcos-por-3-%C3%97-1-em-placar-agregado-pela-II-Copa-AMVI-IMG_1084.jpg\"><img loading=\"lazy\" decoding=\"async\" class=\"attachment-medium size-medium lazyload\" src=\"data:image\/gif;base64,R0lGODlhAQABAAAAACH5BAEKAAEALAAAAAABAAEAAAICTAEAOw==\" alt=\"\" width=\"300\" height=\"200\" data-srcset=\"https:\/\/infonewss.com\/wp-content\/uploads\/2023\/09\/Massape-vence-Padre-Marcos-por-3-\u00d7-1-em-placar-agregado-pela-II-Copa-AMVI-IMG_1084-300x200.jpg 300w, https:\/\/infonewss.com\/wp-content\/uploads\/2023\/09\/Massape-vence-Padre-Marcos-por-3-\u00d7-1-em-placar-agregado-pela-II-Copa-AMVI-IMG_1084-768x512.jpg 768w, https:\/\/infonewss.com\/wp-content\/uploads\/2023\/09\/Massape-vence-Padre-Marcos-por-3-\u00d7-1-em-placar-agregado-pela-II-Copa-AMVI-IMG_1084-150x100.jpg 150w, https:\/\/infonewss.com\/wp-content\/uploads\/2023\/09\/Massape-vence-Padre-Marcos-por-3-\u00d7-1-em-placar-agregado-pela-II-Copa-AMVI-IMG_1084-696x464.jpg 696w, https:\/\/infonewss.com\/wp-content\/uploads\/2023\/09\/Massape-vence-Padre-Marcos-por-3-\u00d7-1-em-placar-agregado-pela-II-Copa-AMVI-IMG_1084.jpg 900w\" data-src=\"https:\/\/infonewss.com\/wp-content\/uploads\/2023\/09\/Massape-vence-Padre-Marcos-por-3-\u00d7-1-em-placar-agregado-pela-II-Copa-AMVI-IMG_1084-300x200.jpg\" data-sizes=\"(max-width: 300px) 100vw, 300px\" \/><\/a><\/div>\n<\/figure>\n<figure class=\"gallery-item\">\n<div class=\"gallery-icon landscape\"><a href=\"https:\/\/infonewss.com\/wp-content\/uploads\/2023\/09\/Massape-vence-Padre-Marcos-por-3-%C3%97-1-em-placar-agregado-pela-II-Copa-AMVI-IMG_1091.jpg\"><img loading=\"lazy\" decoding=\"async\" class=\"attachment-medium size-medium lazyload\" src=\"data:image\/gif;base64,R0lGODlhAQABAAAAACH5BAEKAAEALAAAAAABAAEAAAICTAEAOw==\" alt=\"\" width=\"300\" height=\"200\" data-srcset=\"https:\/\/infonewss.com\/wp-content\/uploads\/2023\/09\/Massape-vence-Padre-Marcos-por-3-\u00d7-1-em-placar-agregado-pela-II-Copa-AMVI-IMG_1091-300x200.jpg 300w, https:\/\/infonewss.com\/wp-content\/uploads\/2023\/09\/Massape-vence-Padre-Marcos-por-3-\u00d7-1-em-placar-agregado-pela-II-Copa-AMVI-IMG_1091-768x512.jpg 768w, https:\/\/infonewss.com\/wp-content\/uploads\/2023\/09\/Massape-vence-Padre-Marcos-por-3-\u00d7-1-em-placar-agregado-pela-II-Copa-AMVI-IMG_1091-150x100.jpg 150w, https:\/\/infonewss.com\/wp-content\/uploads\/2023\/09\/Massape-vence-Padre-Marcos-por-3-\u00d7-1-em-placar-agregado-pela-II-Copa-AMVI-IMG_1091-696x464.jpg 696w, https:\/\/infonewss.com\/wp-content\/uploads\/2023\/09\/Massape-vence-Padre-Marcos-por-3-\u00d7-1-em-placar-agregado-pela-II-Copa-AMVI-IMG_1091.jpg 900w\" data-src=\"https:\/\/infonewss.com\/wp-content\/uploads\/2023\/09\/Massape-vence-Padre-Marcos-por-3-\u00d7-1-em-placar-agregado-pela-II-Copa-AMVI-IMG_1091-300x200.jpg\" data-sizes=\"(max-width: 300px) 100vw, 300px\" \/><\/a><\/div>\n<\/figure>\n<figure class=\"gallery-item\">\n<div class=\"gallery-icon landscape\"><a href=\"https:\/\/infonewss.com\/wp-content\/uploads\/2023\/09\/Massape-vence-Padre-Marcos-por-3-%C3%97-1-em-placar-agregado-pela-II-Copa-AMVI-IMG_1094.jpg\"><img loading=\"lazy\" decoding=\"async\" class=\"attachment-medium size-medium lazyload\" src=\"data:image\/gif;base64,R0lGODlhAQABAAAAACH5BAEKAAEALAAAAAABAAEAAAICTAEAOw==\" alt=\"\" width=\"300\" height=\"200\" data-srcset=\"https:\/\/infonewss.com\/wp-content\/uploads\/2023\/09\/Massape-vence-Padre-Marcos-por-3-\u00d7-1-em-placar-agregado-pela-II-Copa-AMVI-IMG_1094-300x200.jpg 300w, https:\/\/infonewss.com\/wp-content\/uploads\/2023\/09\/Massape-vence-Padre-Marcos-por-3-\u00d7-1-em-placar-agregado-pela-II-Copa-AMVI-IMG_1094-768x512.jpg 768w, https:\/\/infonewss.com\/wp-content\/uploads\/2023\/09\/Massape-vence-Padre-Marcos-por-3-\u00d7-1-em-placar-agregado-pela-II-Copa-AMVI-IMG_1094-150x100.jpg 150w, https:\/\/infonewss.com\/wp-content\/uploads\/2023\/09\/Massape-vence-Padre-Marcos-por-3-\u00d7-1-em-placar-agregado-pela-II-Copa-AMVI-IMG_1094-696x464.jpg 696w, https:\/\/infonewss.com\/wp-content\/uploads\/2023\/09\/Massape-vence-Padre-Marcos-por-3-\u00d7-1-em-placar-agregado-pela-II-Copa-AMVI-IMG_1094.jpg 900w\" data-src=\"https:\/\/infonewss.com\/wp-content\/uploads\/2023\/09\/Massape-vence-Padre-Marcos-por-3-\u00d7-1-em-placar-agregado-pela-II-Copa-AMVI-IMG_1094-300x200.jpg\" data-sizes=\"(max-width: 300px) 100vw, 300px\" \/><\/a><\/div>\n<\/figure>\n<figure class=\"gallery-item\">\n<div class=\"gallery-icon landscape\"><a href=\"https:\/\/infonewss.com\/wp-content\/uploads\/2023\/09\/Massape-vence-Padre-Marcos-por-3-%C3%97-1-em-placar-agregado-pela-II-Copa-AMVI-IMG_1096.jpg\"><img loading=\"lazy\" decoding=\"async\" class=\"attachment-medium size-medium lazyload\" src=\"data:image\/gif;base64,R0lGODlhAQABAAAAACH5BAEKAAEALAAAAAABAAEAAAICTAEAOw==\" alt=\"\" width=\"300\" height=\"200\" data-srcset=\"https:\/\/infonewss.com\/wp-content\/uploads\/2023\/09\/Massape-vence-Padre-Marcos-por-3-\u00d7-1-em-placar-agregado-pela-II-Copa-AMVI-IMG_1096-300x200.jpg 300w, https:\/\/infonewss.com\/wp-content\/uploads\/2023\/09\/Massape-vence-Padre-Marcos-por-3-\u00d7-1-em-placar-agregado-pela-II-Copa-AMVI-IMG_1096-768x512.jpg 768w, https:\/\/infonewss.com\/wp-content\/uploads\/2023\/09\/Massape-vence-Padre-Marcos-por-3-\u00d7-1-em-placar-agregado-pela-II-Copa-AMVI-IMG_1096-150x100.jpg 150w, https:\/\/infonewss.com\/wp-content\/uploads\/2023\/09\/Massape-vence-Padre-Marcos-por-3-\u00d7-1-em-placar-agregado-pela-II-Copa-AMVI-IMG_1096-696x464.jpg 696w, https:\/\/infonewss.com\/wp-content\/uploads\/2023\/09\/Massape-vence-Padre-Marcos-por-3-\u00d7-1-em-placar-agregado-pela-II-Copa-AMVI-IMG_1096.jpg 900w\" data-src=\"https:\/\/infonewss.com\/wp-content\/uploads\/2023\/09\/Massape-vence-Padre-Marcos-por-3-\u00d7-1-em-placar-agregado-pela-II-Copa-AMVI-IMG_1096-300x200.jpg\" data-sizes=\"(max-width: 300px) 100vw, 300px\" \/><\/a><\/div>\n<\/figure>\n<figure class=\"gallery-item\">\n<div class=\"gallery-icon landscape\"><a href=\"https:\/\/infonewss.com\/wp-content\/uploads\/2023\/09\/Massape-vence-Padre-Marcos-por-3-%C3%97-1-em-placar-agregado-pela-II-Copa-AMVI-IMG_1097.jpg\"><img loading=\"lazy\" decoding=\"async\" class=\"attachment-medium size-medium lazyload\" src=\"data:image\/gif;base64,R0lGODlhAQABAAAAACH5BAEKAAEALAAAAAABAAEAAAICTAEAOw==\" alt=\"\" width=\"300\" height=\"200\" data-srcset=\"https:\/\/infonewss.com\/wp-content\/uploads\/2023\/09\/Massape-vence-Padre-Marcos-por-3-\u00d7-1-em-placar-agregado-pela-II-Copa-AMVI-IMG_1097-300x200.jpg 300w, https:\/\/infonewss.com\/wp-content\/uploads\/2023\/09\/Massape-vence-Padre-Marcos-por-3-\u00d7-1-em-placar-agregado-pela-II-Copa-AMVI-IMG_1097-768x512.jpg 768w, https:\/\/infonewss.com\/wp-content\/uploads\/2023\/09\/Massape-vence-Padre-Marcos-por-3-\u00d7-1-em-placar-agregado-pela-II-Copa-AMVI-IMG_1097-150x100.jpg 150w, https:\/\/infonewss.com\/wp-content\/uploads\/2023\/09\/Massape-vence-Padre-Marcos-por-3-\u00d7-1-em-placar-agregado-pela-II-Copa-AMVI-IMG_1097-696x464.jpg 696w, https:\/\/infonewss.com\/wp-content\/uploads\/2023\/09\/Massape-vence-Padre-Marcos-por-3-\u00d7-1-em-placar-agregado-pela-II-Copa-AMVI-IMG_1097.jpg 900w\" data-src=\"https:\/\/infonewss.com\/wp-content\/uploads\/2023\/09\/Massape-vence-Padre-Marcos-por-3-\u00d7-1-em-placar-agregado-pela-II-Copa-AMVI-IMG_1097-300x200.jpg\" data-sizes=\"(max-width: 300px) 100vw, 300px\" \/><\/a><\/div>\n<\/figure>\n<figure class=\"gallery-item\">\n<div class=\"gallery-icon landscape\"><a href=\"https:\/\/infonewss.com\/wp-content\/uploads\/2023\/09\/Massape-vence-Padre-Marcos-por-3-%C3%97-1-em-placar-agregado-pela-II-Copa-AMVI-IMG_1098.jpg\"><img loading=\"lazy\" decoding=\"async\" class=\"attachment-medium size-medium lazyload\" src=\"data:image\/gif;base64,R0lGODlhAQABAAAAACH5BAEKAAEALAAAAAABAAEAAAICTAEAOw==\" alt=\"\" width=\"300\" height=\"200\" data-srcset=\"https:\/\/infonewss.com\/wp-content\/uploads\/2023\/09\/Massape-vence-Padre-Marcos-por-3-\u00d7-1-em-placar-agregado-pela-II-Copa-AMVI-IMG_1098-300x200.jpg 300w, https:\/\/infonewss.com\/wp-content\/uploads\/2023\/09\/Massape-vence-Padre-Marcos-por-3-\u00d7-1-em-placar-agregado-pela-II-Copa-AMVI-IMG_1098-768x512.jpg 768w, https:\/\/infonewss.com\/wp-content\/uploads\/2023\/09\/Massape-vence-Padre-Marcos-por-3-\u00d7-1-em-placar-agregado-pela-II-Copa-AMVI-IMG_1098-150x100.jpg 150w, https:\/\/infonewss.com\/wp-content\/uploads\/2023\/09\/Massape-vence-Padre-Marcos-por-3-\u00d7-1-em-placar-agregado-pela-II-Copa-AMVI-IMG_1098-696x464.jpg 696w, https:\/\/infonewss.com\/wp-content\/uploads\/2023\/09\/Massape-vence-Padre-Marcos-por-3-\u00d7-1-em-placar-agregado-pela-II-Copa-AMVI-IMG_1098.jpg 900w\" data-src=\"https:\/\/infonewss.com\/wp-content\/uploads\/2023\/09\/Massape-vence-Padre-Marcos-por-3-\u00d7-1-em-placar-agregado-pela-II-Copa-AMVI-IMG_1098-300x200.jpg\" data-sizes=\"(max-width: 300px) 100vw, 300px\" \/><\/a><\/div>\n<\/figure>\n<figure class=\"gallery-item\">\n<div class=\"gallery-icon landscape\"><a href=\"https:\/\/infonewss.com\/wp-content\/uploads\/2023\/09\/Massape-vence-Padre-Marcos-por-3-%C3%97-1-em-placar-agregado-pela-II-Copa-AMVI-IMG_1100.jpg\"><img loading=\"lazy\" decoding=\"async\" class=\"attachment-medium size-medium lazyload\" src=\"data:image\/gif;base64,R0lGODlhAQABAAAAACH5BAEKAAEALAAAAAABAAEAAAICTAEAOw==\" alt=\"\" width=\"300\" height=\"200\" data-srcset=\"https:\/\/infonewss.com\/wp-content\/uploads\/2023\/09\/Massape-vence-Padre-Marcos-por-3-\u00d7-1-em-placar-agregado-pela-II-Copa-AMVI-IMG_1100-300x200.jpg 300w, https:\/\/infonewss.com\/wp-content\/uploads\/2023\/09\/Massape-vence-Padre-Marcos-por-3-\u00d7-1-em-placar-agregado-pela-II-Copa-AMVI-IMG_1100-768x512.jpg 768w, https:\/\/infonewss.com\/wp-content\/uploads\/2023\/09\/Massape-vence-Padre-Marcos-por-3-\u00d7-1-em-placar-agregado-pela-II-Copa-AMVI-IMG_1100-150x100.jpg 150w, https:\/\/infonewss.com\/wp-content\/uploads\/2023\/09\/Massape-vence-Padre-Marcos-por-3-\u00d7-1-em-placar-agregado-pela-II-Copa-AMVI-IMG_1100-696x464.jpg 696w, https:\/\/infonewss.com\/wp-content\/uploads\/2023\/09\/Massape-vence-Padre-Marcos-por-3-\u00d7-1-em-placar-agregado-pela-II-Copa-AMVI-IMG_1100.jpg 900w\" data-src=\"https:\/\/infonewss.com\/wp-content\/uploads\/2023\/09\/Massape-vence-Padre-Marcos-por-3-\u00d7-1-em-placar-agregado-pela-II-Copa-AMVI-IMG_1100-300x200.jpg\" data-sizes=\"(max-width: 300px) 100vw, 300px\" \/><\/a><\/div>\n<\/figure>\n<figure class=\"gallery-item\">\n<div class=\"gallery-icon landscape\"><a href=\"https:\/\/infonewss.com\/wp-content\/uploads\/2023\/09\/Massape-vence-Padre-Marcos-por-3-%C3%97-1-em-placar-agregado-pela-II-Copa-AMVI-IMG_1101.jpg\"><img loading=\"lazy\" decoding=\"async\" class=\"attachment-medium size-medium lazyload\" src=\"data:image\/gif;base64,R0lGODlhAQABAAAAACH5BAEKAAEALAAAAAABAAEAAAICTAEAOw==\" alt=\"\" width=\"300\" height=\"200\" data-srcset=\"https:\/\/infonewss.com\/wp-content\/uploads\/2023\/09\/Massape-vence-Padre-Marcos-por-3-\u00d7-1-em-placar-agregado-pela-II-Copa-AMVI-IMG_1101-300x200.jpg 300w, https:\/\/infonewss.com\/wp-content\/uploads\/2023\/09\/Massape-vence-Padre-Marcos-por-3-\u00d7-1-em-placar-agregado-pela-II-Copa-AMVI-IMG_1101-768x512.jpg 768w, https:\/\/infonewss.com\/wp-content\/uploads\/2023\/09\/Massape-vence-Padre-Marcos-por-3-\u00d7-1-em-placar-agregado-pela-II-Copa-AMVI-IMG_1101-150x100.jpg 150w, https:\/\/infonewss.com\/wp-content\/uploads\/2023\/09\/Massape-vence-Padre-Marcos-por-3-\u00d7-1-em-placar-agregado-pela-II-Copa-AMVI-IMG_1101-696x464.jpg 696w, https:\/\/infonewss.com\/wp-content\/uploads\/2023\/09\/Massape-vence-Padre-Marcos-por-3-\u00d7-1-em-placar-agregado-pela-II-Copa-AMVI-IMG_1101.jpg 900w\" data-src=\"https:\/\/infonewss.com\/wp-content\/uploads\/2023\/09\/Massape-vence-Padre-Marcos-por-3-\u00d7-1-em-placar-agregado-pela-II-Copa-AMVI-IMG_1101-300x200.jpg\" data-sizes=\"(max-width: 300px) 100vw, 300px\" \/><\/a><\/div>\n<\/figure>\n<figure class=\"gallery-item\">\n<div class=\"gallery-icon portrait\"><a href=\"https:\/\/infonewss.com\/wp-content\/uploads\/2023\/09\/Massape-vence-Padre-Marcos-por-3-%C3%97-1-em-placar-agregado-pela-II-Copa-AMVI-IMG_1102.jpg\"><img loading=\"lazy\" decoding=\"async\" class=\"attachment-medium size-medium lazyload\" src=\"data:image\/gif;base64,R0lGODlhAQABAAAAACH5BAEKAAEALAAAAAABAAEAAAICTAEAOw==\" alt=\"\" width=\"200\" height=\"300\" data-srcset=\"https:\/\/infonewss.com\/wp-content\/uploads\/2023\/09\/Massape-vence-Padre-Marcos-por-3-\u00d7-1-em-placar-agregado-pela-II-Copa-AMVI-IMG_1102-200x300.jpg 200w, https:\/\/infonewss.com\/wp-content\/uploads\/2023\/09\/Massape-vence-Padre-Marcos-por-3-\u00d7-1-em-placar-agregado-pela-II-Copa-AMVI-IMG_1102-683x1024.jpg 683w, https:\/\/infonewss.com\/wp-content\/uploads\/2023\/09\/Massape-vence-Padre-Marcos-por-3-\u00d7-1-em-placar-agregado-pela-II-Copa-AMVI-IMG_1102-768x1152.jpg 768w, https:\/\/infonewss.com\/wp-content\/uploads\/2023\/09\/Massape-vence-Padre-Marcos-por-3-\u00d7-1-em-placar-agregado-pela-II-Copa-AMVI-IMG_1102-150x225.jpg 150w, https:\/\/infonewss.com\/wp-content\/uploads\/2023\/09\/Massape-vence-Padre-Marcos-por-3-\u00d7-1-em-placar-agregado-pela-II-Copa-AMVI-IMG_1102-300x450.jpg 300w, https:\/\/infonewss.com\/wp-content\/uploads\/2023\/09\/Massape-vence-Padre-Marcos-por-3-\u00d7-1-em-placar-agregado-pela-II-Copa-AMVI-IMG_1102-696x1044.jpg 696w, https:\/\/infonewss.com\/wp-content\/uploads\/2023\/09\/Massape-vence-Padre-Marcos-por-3-\u00d7-1-em-placar-agregado-pela-II-Copa-AMVI-IMG_1102.jpg 900w\" data-src=\"https:\/\/infonewss.com\/wp-content\/uploads\/2023\/09\/Massape-vence-Padre-Marcos-por-3-\u00d7-1-em-placar-agregado-pela-II-Copa-AMVI-IMG_1102-200x300.jpg\" data-sizes=\"(max-width: 200px) 100vw, 200px\" \/><\/a><\/div>\n<\/figure>\n<figure class=\"gallery-item\">\n<div class=\"gallery-icon portrait\"><a href=\"https:\/\/infonewss.com\/wp-content\/uploads\/2023\/09\/Massape-vence-Padre-Marcos-por-3-%C3%97-1-em-placar-agregado-pela-II-Copa-AMVI-IMG_1105.jpg\"><img loading=\"lazy\" decoding=\"async\" class=\"attachment-medium size-medium lazyload\" src=\"data:image\/gif;base64,R0lGODlhAQABAAAAACH5BAEKAAEALAAAAAABAAEAAAICTAEAOw==\" alt=\"\" width=\"200\" height=\"300\" data-srcset=\"https:\/\/infonewss.com\/wp-content\/uploads\/2023\/09\/Massape-vence-Padre-Marcos-por-3-\u00d7-1-em-placar-agregado-pela-II-Copa-AMVI-IMG_1105-200x300.jpg 200w, https:\/\/infonewss.com\/wp-content\/uploads\/2023\/09\/Massape-vence-Padre-Marcos-por-3-\u00d7-1-em-placar-agregado-pela-II-Copa-AMVI-IMG_1105-683x1024.jpg 683w, https:\/\/infonewss.com\/wp-content\/uploads\/2023\/09\/Massape-vence-Padre-Marcos-por-3-\u00d7-1-em-placar-agregado-pela-II-Copa-AMVI-IMG_1105-768x1152.jpg 768w, https:\/\/infonewss.com\/wp-content\/uploads\/2023\/09\/Massape-vence-Padre-Marcos-por-3-\u00d7-1-em-placar-agregado-pela-II-Copa-AMVI-IMG_1105-150x225.jpg 150w, https:\/\/infonewss.com\/wp-content\/uploads\/2023\/09\/Massape-vence-Padre-Marcos-por-3-\u00d7-1-em-placar-agregado-pela-II-Copa-AMVI-IMG_1105-300x450.jpg 300w, https:\/\/infonewss.com\/wp-content\/uploads\/2023\/09\/Massape-vence-Padre-Marcos-por-3-\u00d7-1-em-placar-agregado-pela-II-Copa-AMVI-IMG_1105-696x1044.jpg 696w, https:\/\/infonewss.com\/wp-content\/uploads\/2023\/09\/Massape-vence-Padre-Marcos-por-3-\u00d7-1-em-placar-agregado-pela-II-Copa-AMVI-IMG_1105.jpg 900w\" data-src=\"https:\/\/infonewss.com\/wp-content\/uploads\/2023\/09\/Massape-vence-Padre-Marcos-por-3-\u00d7-1-em-placar-agregado-pela-II-Copa-AMVI-IMG_1105-200x300.jpg\" data-sizes=\"(max-width: 200px) 100vw, 200px\" \/><\/a><\/div>\n<\/figure>\n<figure class=\"gallery-item\">\n<div class=\"gallery-icon landscape\"><a href=\"https:\/\/infonewss.com\/wp-content\/uploads\/2023\/09\/Massape-vence-Padre-Marcos-por-3-%C3%97-1-em-placar-agregado-pela-II-Copa-AMVI-IMG_1110.jpg\"><img loading=\"lazy\" decoding=\"async\" class=\"attachment-medium size-medium lazyload\" src=\"data:image\/gif;base64,R0lGODlhAQABAAAAACH5BAEKAAEALAAAAAABAAEAAAICTAEAOw==\" alt=\"\" width=\"300\" height=\"200\" data-srcset=\"https:\/\/infonewss.com\/wp-content\/uploads\/2023\/09\/Massape-vence-Padre-Marcos-por-3-\u00d7-1-em-placar-agregado-pela-II-Copa-AMVI-IMG_1110-300x200.jpg 300w, https:\/\/infonewss.com\/wp-content\/uploads\/2023\/09\/Massape-vence-Padre-Marcos-por-3-\u00d7-1-em-placar-agregado-pela-II-Copa-AMVI-IMG_1110-768x512.jpg 768w, https:\/\/infonewss.com\/wp-content\/uploads\/2023\/09\/Massape-vence-Padre-Marcos-por-3-\u00d7-1-em-placar-agregado-pela-II-Copa-AMVI-IMG_1110-150x100.jpg 150w, https:\/\/infonewss.com\/wp-content\/uploads\/2023\/09\/Massape-vence-Padre-Marcos-por-3-\u00d7-1-em-placar-agregado-pela-II-Copa-AMVI-IMG_1110-696x464.jpg 696w, https:\/\/infonewss.com\/wp-content\/uploads\/2023\/09\/Massape-vence-Padre-Marcos-por-3-\u00d7-1-em-placar-agregado-pela-II-Copa-AMVI-IMG_1110.jpg 900w\" data-src=\"https:\/\/infonewss.com\/wp-content\/uploads\/2023\/09\/Massape-vence-Padre-Marcos-por-3-\u00d7-1-em-placar-agregado-pela-II-Copa-AMVI-IMG_1110-300x200.jpg\" data-sizes=\"(max-width: 300px) 100vw, 300px\" \/><\/a><\/div>\n<\/figure>\n<figure class=\"gallery-item\">\n<div class=\"gallery-icon landscape\"><a href=\"https:\/\/infonewss.com\/wp-content\/uploads\/2023\/09\/Massape-vence-Padre-Marcos-por-3-%C3%97-1-em-placar-agregado-pela-II-Copa-AMVI-IMG_1113.jpg\"><img loading=\"lazy\" decoding=\"async\" class=\"attachment-medium size-medium lazyload\" src=\"data:image\/gif;base64,R0lGODlhAQABAAAAACH5BAEKAAEALAAAAAABAAEAAAICTAEAOw==\" alt=\"\" width=\"300\" height=\"200\" data-srcset=\"https:\/\/infonewss.com\/wp-content\/uploads\/2023\/09\/Massape-vence-Padre-Marcos-por-3-\u00d7-1-em-placar-agregado-pela-II-Copa-AMVI-IMG_1113-300x200.jpg 300w, https:\/\/infonewss.com\/wp-content\/uploads\/2023\/09\/Massape-vence-Padre-Marcos-por-3-\u00d7-1-em-placar-agregado-pela-II-Copa-AMVI-IMG_1113-768x512.jpg 768w, https:\/\/infonewss.com\/wp-content\/uploads\/2023\/09\/Massape-vence-Padre-Marcos-por-3-\u00d7-1-em-placar-agregado-pela-II-Copa-AMVI-IMG_1113-150x100.jpg 150w, https:\/\/infonewss.com\/wp-content\/uploads\/2023\/09\/Massape-vence-Padre-Marcos-por-3-\u00d7-1-em-placar-agregado-pela-II-Copa-AMVI-IMG_1113-696x464.jpg 696w, https:\/\/infonewss.com\/wp-content\/uploads\/2023\/09\/Massape-vence-Padre-Marcos-por-3-\u00d7-1-em-placar-agregado-pela-II-Copa-AMVI-IMG_1113.jpg 900w\" data-src=\"https:\/\/infonewss.com\/wp-content\/uploads\/2023\/09\/Massape-vence-Padre-Marcos-por-3-\u00d7-1-em-placar-agregado-pela-II-Copa-AMVI-IMG_1113-300x200.jpg\" data-sizes=\"(max-width: 300px) 100vw, 300px\" \/><\/a><\/div>\n<\/figure>\n<figure class=\"gallery-item\">\n<div class=\"gallery-icon landscape\"><a href=\"https:\/\/infonewss.com\/wp-content\/uploads\/2023\/09\/Massape-vence-Padre-Marcos-por-3-%C3%97-1-em-placar-agregado-pela-II-Copa-AMVI-IMG_1115.jpg\"><img loading=\"lazy\" decoding=\"async\" class=\"attachment-medium size-medium lazyload\" src=\"data:image\/gif;base64,R0lGODlhAQABAAAAACH5BAEKAAEALAAAAAABAAEAAAICTAEAOw==\" alt=\"\" width=\"300\" height=\"200\" data-srcset=\"https:\/\/infonewss.com\/wp-content\/uploads\/2023\/09\/Massape-vence-Padre-Marcos-por-3-\u00d7-1-em-placar-agregado-pela-II-Copa-AMVI-IMG_1115-300x200.jpg 300w, https:\/\/infonewss.com\/wp-content\/uploads\/2023\/09\/Massape-vence-Padre-Marcos-por-3-\u00d7-1-em-placar-agregado-pela-II-Copa-AMVI-IMG_1115-768x512.jpg 768w, https:\/\/infonewss.com\/wp-content\/uploads\/2023\/09\/Massape-vence-Padre-Marcos-por-3-\u00d7-1-em-placar-agregado-pela-II-Copa-AMVI-IMG_1115-150x100.jpg 150w, https:\/\/infonewss.com\/wp-content\/uploads\/2023\/09\/Massape-vence-Padre-Marcos-por-3-\u00d7-1-em-placar-agregado-pela-II-Copa-AMVI-IMG_1115-696x464.jpg 696w, https:\/\/infonewss.com\/wp-content\/uploads\/2023\/09\/Massape-vence-Padre-Marcos-por-3-\u00d7-1-em-placar-agregado-pela-II-Copa-AMVI-IMG_1115.jpg 900w\" data-src=\"https:\/\/infonewss.com\/wp-content\/uploads\/2023\/09\/Massape-vence-Padre-Marcos-por-3-\u00d7-1-em-placar-agregado-pela-II-Copa-AMVI-IMG_1115-300x200.jpg\" data-sizes=\"(max-width: 300px) 100vw, 300px\" \/><\/a><\/div>\n<\/figure>\n<figure class=\"gallery-item\">\n<div class=\"gallery-icon landscape\"><a href=\"https:\/\/infonewss.com\/wp-content\/uploads\/2023\/09\/Massape-vence-Padre-Marcos-por-3-%C3%97-1-em-placar-agregado-pela-II-Copa-AMVI-IMG_1116.jpg\"><img loading=\"lazy\" decoding=\"async\" class=\"attachment-medium size-medium lazyload\" src=\"data:image\/gif;base64,R0lGODlhAQABAAAAACH5BAEKAAEALAAAAAABAAEAAAICTAEAOw==\" alt=\"\" width=\"300\" height=\"200\" data-srcset=\"https:\/\/infonewss.com\/wp-content\/uploads\/2023\/09\/Massape-vence-Padre-Marcos-por-3-\u00d7-1-em-placar-agregado-pela-II-Copa-AMVI-IMG_1116-300x200.jpg 300w, https:\/\/infonewss.com\/wp-content\/uploads\/2023\/09\/Massape-vence-Padre-Marcos-por-3-\u00d7-1-em-placar-agregado-pela-II-Copa-AMVI-IMG_1116-768x512.jpg 768w, https:\/\/infonewss.com\/wp-content\/uploads\/2023\/09\/Massape-vence-Padre-Marcos-por-3-\u00d7-1-em-placar-agregado-pela-II-Copa-AMVI-IMG_1116-150x100.jpg 150w, https:\/\/infonewss.com\/wp-content\/uploads\/2023\/09\/Massape-vence-Padre-Marcos-por-3-\u00d7-1-em-placar-agregado-pela-II-Copa-AMVI-IMG_1116-696x464.jpg 696w, https:\/\/infonewss.com\/wp-content\/uploads\/2023\/09\/Massape-vence-Padre-Marcos-por-3-\u00d7-1-em-placar-agregado-pela-II-Copa-AMVI-IMG_1116.jpg 900w\" data-src=\"https:\/\/infonewss.com\/wp-content\/uploads\/2023\/09\/Massape-vence-Padre-Marcos-por-3-\u00d7-1-em-placar-agregado-pela-II-Copa-AMVI-IMG_1116-300x200.jpg\" data-sizes=\"(max-width: 300px) 100vw, 300px\" \/><\/a><\/div>\n<\/figure>\n<figure class=\"gallery-item\">\n<div class=\"gallery-icon landscape\"><a href=\"https:\/\/infonewss.com\/wp-content\/uploads\/2023\/09\/Massape-vence-Padre-Marcos-por-3-%C3%97-1-em-placar-agregado-pela-II-Copa-AMVI-IMG_1118.jpg\"><img loading=\"lazy\" decoding=\"async\" class=\"attachment-medium size-medium lazyload\" src=\"data:image\/gif;base64,R0lGODlhAQABAAAAACH5BAEKAAEALAAAAAABAAEAAAICTAEAOw==\" alt=\"\" width=\"300\" height=\"200\" data-srcset=\"https:\/\/infonewss.com\/wp-content\/uploads\/2023\/09\/Massape-vence-Padre-Marcos-por-3-\u00d7-1-em-placar-agregado-pela-II-Copa-AMVI-IMG_1118-300x200.jpg 300w, https:\/\/infonewss.com\/wp-content\/uploads\/2023\/09\/Massape-vence-Padre-Marcos-por-3-\u00d7-1-em-placar-agregado-pela-II-Copa-AMVI-IMG_1118-768x512.jpg 768w, https:\/\/infonewss.com\/wp-content\/uploads\/2023\/09\/Massape-vence-Padre-Marcos-por-3-\u00d7-1-em-placar-agregado-pela-II-Copa-AMVI-IMG_1118-150x100.jpg 150w, https:\/\/infonewss.com\/wp-content\/uploads\/2023\/09\/Massape-vence-Padre-Marcos-por-3-\u00d7-1-em-placar-agregado-pela-II-Copa-AMVI-IMG_1118-696x464.jpg 696w, https:\/\/infonewss.com\/wp-content\/uploads\/2023\/09\/Massape-vence-Padre-Marcos-por-3-\u00d7-1-em-placar-agregado-pela-II-Copa-AMVI-IMG_1118.jpg 900w\" data-src=\"https:\/\/infonewss.com\/wp-content\/uploads\/2023\/09\/Massape-vence-Padre-Marcos-por-3-\u00d7-1-em-placar-agregado-pela-II-Copa-AMVI-IMG_1118-300x200.jpg\" data-sizes=\"(max-width: 300px) 100vw, 300px\" \/><\/a><\/div>\n<\/figure>\n<figure class=\"gallery-item\">\n<div class=\"gallery-icon landscape\"><a href=\"https:\/\/infonewss.com\/wp-content\/uploads\/2023\/09\/Massape-vence-Padre-Marcos-por-3-%C3%97-1-em-placar-agregado-pela-II-Copa-AMVI-IMG_1120.jpg\"><img loading=\"lazy\" decoding=\"async\" class=\"attachment-medium size-medium lazyload\" src=\"data:image\/gif;base64,R0lGODlhAQABAAAAACH5BAEKAAEALAAAAAABAAEAAAICTAEAOw==\" alt=\"\" width=\"300\" height=\"200\" data-srcset=\"https:\/\/infonewss.com\/wp-content\/uploads\/2023\/09\/Massape-vence-Padre-Marcos-por-3-\u00d7-1-em-placar-agregado-pela-II-Copa-AMVI-IMG_1120-300x200.jpg 300w, https:\/\/infonewss.com\/wp-content\/uploads\/2023\/09\/Massape-vence-Padre-Marcos-por-3-\u00d7-1-em-placar-agregado-pela-II-Copa-AMVI-IMG_1120-768x512.jpg 768w, https:\/\/infonewss.com\/wp-content\/uploads\/2023\/09\/Massape-vence-Padre-Marcos-por-3-\u00d7-1-em-placar-agregado-pela-II-Copa-AMVI-IMG_1120-150x100.jpg 150w, https:\/\/infonewss.com\/wp-content\/uploads\/2023\/09\/Massape-vence-Padre-Marcos-por-3-\u00d7-1-em-placar-agregado-pela-II-Copa-AMVI-IMG_1120-696x464.jpg 696w, https:\/\/infonewss.com\/wp-content\/uploads\/2023\/09\/Massape-vence-Padre-Marcos-por-3-\u00d7-1-em-placar-agregado-pela-II-Copa-AMVI-IMG_1120.jpg 900w\" data-src=\"https:\/\/infonewss.com\/wp-content\/uploads\/2023\/09\/Massape-vence-Padre-Marcos-por-3-\u00d7-1-em-placar-agregado-pela-II-Copa-AMVI-IMG_1120-300x200.jpg\" data-sizes=\"(max-width: 300px) 100vw, 300px\" \/><\/a><\/div>\n<\/figure>\n<figure class=\"gallery-item\">\n<div class=\"gallery-icon landscape\"><a href=\"https:\/\/infonewss.com\/wp-content\/uploads\/2023\/09\/Massape-vence-Padre-Marcos-por-3-%C3%97-1-em-placar-agregado-pela-II-Copa-AMVI-IMG_1121.jpg\"><img loading=\"lazy\" decoding=\"async\" class=\"attachment-medium size-medium lazyload\" src=\"data:image\/gif;base64,R0lGODlhAQABAAAAACH5BAEKAAEALAAAAAABAAEAAAICTAEAOw==\" alt=\"\" width=\"300\" height=\"200\" data-srcset=\"https:\/\/infonewss.com\/wp-content\/uploads\/2023\/09\/Massape-vence-Padre-Marcos-por-3-\u00d7-1-em-placar-agregado-pela-II-Copa-AMVI-IMG_1121-300x200.jpg 300w, https:\/\/infonewss.com\/wp-content\/uploads\/2023\/09\/Massape-vence-Padre-Marcos-por-3-\u00d7-1-em-placar-agregado-pela-II-Copa-AMVI-IMG_1121-768x512.jpg 768w, https:\/\/infonewss.com\/wp-content\/uploads\/2023\/09\/Massape-vence-Padre-Marcos-por-3-\u00d7-1-em-placar-agregado-pela-II-Copa-AMVI-IMG_1121-150x100.jpg 150w, https:\/\/infonewss.com\/wp-content\/uploads\/2023\/09\/Massape-vence-Padre-Marcos-por-3-\u00d7-1-em-placar-agregado-pela-II-Copa-AMVI-IMG_1121-696x464.jpg 696w, https:\/\/infonewss.com\/wp-content\/uploads\/2023\/09\/Massape-vence-Padre-Marcos-por-3-\u00d7-1-em-placar-agregado-pela-II-Copa-AMVI-IMG_1121.jpg 900w\" data-src=\"https:\/\/infonewss.com\/wp-content\/uploads\/2023\/09\/Massape-vence-Padre-Marcos-por-3-\u00d7-1-em-placar-agregado-pela-II-Copa-AMVI-IMG_1121-300x200.jpg\" data-sizes=\"(max-width: 300px) 100vw, 300px\" \/><\/a><\/div>\n<\/figure>\n<figure class=\"gallery-item\">\n<div class=\"gallery-icon landscape\"><a href=\"https:\/\/infonewss.com\/wp-content\/uploads\/2023\/09\/Massape-vence-Padre-Marcos-por-3-%C3%97-1-em-placar-agregado-pela-II-Copa-AMVI-IMG_1122.jpg\"><img loading=\"lazy\" decoding=\"async\" class=\"attachment-medium size-medium lazyload\" src=\"data:image\/gif;base64,R0lGODlhAQABAAAAACH5BAEKAAEALAAAAAABAAEAAAICTAEAOw==\" alt=\"\" width=\"300\" height=\"200\" data-srcset=\"https:\/\/infonewss.com\/wp-content\/uploads\/2023\/09\/Massape-vence-Padre-Marcos-por-3-\u00d7-1-em-placar-agregado-pela-II-Copa-AMVI-IMG_1122-300x200.jpg 300w, https:\/\/infonewss.com\/wp-content\/uploads\/2023\/09\/Massape-vence-Padre-Marcos-por-3-\u00d7-1-em-placar-agregado-pela-II-Copa-AMVI-IMG_1122-768x512.jpg 768w, https:\/\/infonewss.com\/wp-content\/uploads\/2023\/09\/Massape-vence-Padre-Marcos-por-3-\u00d7-1-em-placar-agregado-pela-II-Copa-AMVI-IMG_1122-150x100.jpg 150w, https:\/\/infonewss.com\/wp-content\/uploads\/2023\/09\/Massape-vence-Padre-Marcos-por-3-\u00d7-1-em-placar-agregado-pela-II-Copa-AMVI-IMG_1122-696x464.jpg 696w, https:\/\/infonewss.com\/wp-content\/uploads\/2023\/09\/Massape-vence-Padre-Marcos-por-3-\u00d7-1-em-placar-agregado-pela-II-Copa-AMVI-IMG_1122.jpg 900w\" data-src=\"https:\/\/infonewss.com\/wp-content\/uploads\/2023\/09\/Massape-vence-Padre-Marcos-por-3-\u00d7-1-em-placar-agregado-pela-II-Copa-AMVI-IMG_1122-300x200.jpg\" data-sizes=\"(max-width: 300px) 100vw, 300px\" \/><\/a><\/div>\n<\/figure>\n<figure class=\"gallery-item\">\n<div class=\"gallery-icon landscape\"><a href=\"https:\/\/infonewss.com\/wp-content\/uploads\/2023\/09\/Massape-vence-Padre-Marcos-por-3-%C3%97-1-em-placar-agregado-pela-II-Copa-AMVI-IMG_1123.jpg\"><img loading=\"lazy\" decoding=\"async\" class=\"attachment-medium size-medium lazyload\" src=\"data:image\/gif;base64,R0lGODlhAQABAAAAACH5BAEKAAEALAAAAAABAAEAAAICTAEAOw==\" alt=\"\" width=\"300\" height=\"200\" data-srcset=\"https:\/\/infonewss.com\/wp-content\/uploads\/2023\/09\/Massape-vence-Padre-Marcos-por-3-\u00d7-1-em-placar-agregado-pela-II-Copa-AMVI-IMG_1123-300x200.jpg 300w, https:\/\/infonewss.com\/wp-content\/uploads\/2023\/09\/Massape-vence-Padre-Marcos-por-3-\u00d7-1-em-placar-agregado-pela-II-Copa-AMVI-IMG_1123-768x512.jpg 768w, https:\/\/infonewss.com\/wp-content\/uploads\/2023\/09\/Massape-vence-Padre-Marcos-por-3-\u00d7-1-em-placar-agregado-pela-II-Copa-AMVI-IMG_1123-150x100.jpg 150w, https:\/\/infonewss.com\/wp-content\/uploads\/2023\/09\/Massape-vence-Padre-Marcos-por-3-\u00d7-1-em-placar-agregado-pela-II-Copa-AMVI-IMG_1123-696x464.jpg 696w, https:\/\/infonewss.com\/wp-content\/uploads\/2023\/09\/Massape-vence-Padre-Marcos-por-3-\u00d7-1-em-placar-agregado-pela-II-Copa-AMVI-IMG_1123.jpg 900w\" data-src=\"https:\/\/infonewss.com\/wp-content\/uploads\/2023\/09\/Massape-vence-Padre-Marcos-por-3-\u00d7-1-em-placar-agregado-pela-II-Copa-AMVI-IMG_1123-300x200.jpg\" data-sizes=\"(max-width: 300px) 100vw, 300px\" \/><\/a><\/div>\n<\/figure>\n<figure class=\"gallery-item\">\n<div class=\"gallery-icon landscape\"><a href=\"https:\/\/infonewss.com\/wp-content\/uploads\/2023\/09\/Massape-vence-Padre-Marcos-por-3-%C3%97-1-em-placar-agregado-pela-II-Copa-AMVI-IMG_1124.jpg\"><img loading=\"lazy\" decoding=\"async\" class=\"attachment-medium size-medium lazyload\" src=\"data:image\/gif;base64,R0lGODlhAQABAAAAACH5BAEKAAEALAAAAAABAAEAAAICTAEAOw==\" alt=\"\" width=\"300\" height=\"200\" data-srcset=\"https:\/\/infonewss.com\/wp-content\/uploads\/2023\/09\/Massape-vence-Padre-Marcos-por-3-\u00d7-1-em-placar-agregado-pela-II-Copa-AMVI-IMG_1124-300x200.jpg 300w, https:\/\/infonewss.com\/wp-content\/uploads\/2023\/09\/Massape-vence-Padre-Marcos-por-3-\u00d7-1-em-placar-agregado-pela-II-Copa-AMVI-IMG_1124-768x512.jpg 768w, https:\/\/infonewss.com\/wp-content\/uploads\/2023\/09\/Massape-vence-Padre-Marcos-por-3-\u00d7-1-em-placar-agregado-pela-II-Copa-AMVI-IMG_1124-150x100.jpg 150w, https:\/\/infonewss.com\/wp-content\/uploads\/2023\/09\/Massape-vence-Padre-Marcos-por-3-\u00d7-1-em-placar-agregado-pela-II-Copa-AMVI-IMG_1124-696x464.jpg 696w, https:\/\/infonewss.com\/wp-content\/uploads\/2023\/09\/Massape-vence-Padre-Marcos-por-3-\u00d7-1-em-placar-agregado-pela-II-Copa-AMVI-IMG_1124.jpg 900w\" data-src=\"https:\/\/infonewss.com\/wp-content\/uploads\/2023\/09\/Massape-vence-Padre-Marcos-por-3-\u00d7-1-em-placar-agregado-pela-II-Copa-AMVI-IMG_1124-300x200.jpg\" data-sizes=\"(max-width: 300px) 100vw, 300px\" \/><\/a><\/div>\n<\/figure>\n<figure class=\"gallery-item\">\n<div class=\"gallery-icon landscape\"><a href=\"https:\/\/infonewss.com\/wp-content\/uploads\/2023\/09\/Massape-vence-Padre-Marcos-por-3-%C3%97-1-em-placar-agregado-pela-II-Copa-AMVI-IMG_1125.jpg\"><img loading=\"lazy\" decoding=\"async\" class=\"attachment-medium size-medium lazyload\" src=\"data:image\/gif;base64,R0lGODlhAQABAAAAACH5BAEKAAEALAAAAAABAAEAAAICTAEAOw==\" alt=\"\" width=\"300\" height=\"200\" data-srcset=\"https:\/\/infonewss.com\/wp-content\/uploads\/2023\/09\/Massape-vence-Padre-Marcos-por-3-\u00d7-1-em-placar-agregado-pela-II-Copa-AMVI-IMG_1125-300x200.jpg 300w, https:\/\/infonewss.com\/wp-content\/uploads\/2023\/09\/Massape-vence-Padre-Marcos-por-3-\u00d7-1-em-placar-agregado-pela-II-Copa-AMVI-IMG_1125-768x512.jpg 768w, https:\/\/infonewss.com\/wp-content\/uploads\/2023\/09\/Massape-vence-Padre-Marcos-por-3-\u00d7-1-em-placar-agregado-pela-II-Copa-AMVI-IMG_1125-150x100.jpg 150w, https:\/\/infonewss.com\/wp-content\/uploads\/2023\/09\/Massape-vence-Padre-Marcos-por-3-\u00d7-1-em-placar-agregado-pela-II-Copa-AMVI-IMG_1125-696x464.jpg 696w, https:\/\/infonewss.com\/wp-content\/uploads\/2023\/09\/Massape-vence-Padre-Marcos-por-3-\u00d7-1-em-placar-agregado-pela-II-Copa-AMVI-IMG_1125.jpg 900w\" data-src=\"https:\/\/infonewss.com\/wp-content\/uploads\/2023\/09\/Massape-vence-Padre-Marcos-por-3-\u00d7-1-em-placar-agregado-pela-II-Copa-AMVI-IMG_1125-300x200.jpg\" data-sizes=\"(max-width: 300px) 100vw, 300px\" \/><\/a><\/div>\n<\/figure>\n<figure class=\"gallery-item\">\n<div class=\"gallery-icon landscape\"><a href=\"https:\/\/infonewss.com\/wp-content\/uploads\/2023\/09\/Massape-vence-Padre-Marcos-por-3-%C3%97-1-em-placar-agregado-pela-II-Copa-AMVI-IMG_1127.jpg\"><img loading=\"lazy\" decoding=\"async\" class=\"attachment-medium size-medium lazyload\" src=\"data:image\/gif;base64,R0lGODlhAQABAAAAACH5BAEKAAEALAAAAAABAAEAAAICTAEAOw==\" alt=\"\" width=\"300\" height=\"200\" data-srcset=\"https:\/\/infonewss.com\/wp-content\/uploads\/2023\/09\/Massape-vence-Padre-Marcos-por-3-\u00d7-1-em-placar-agregado-pela-II-Copa-AMVI-IMG_1127-300x200.jpg 300w, https:\/\/infonewss.com\/wp-content\/uploads\/2023\/09\/Massape-vence-Padre-Marcos-por-3-\u00d7-1-em-placar-agregado-pela-II-Copa-AMVI-IMG_1127-768x512.jpg 768w, https:\/\/infonewss.com\/wp-content\/uploads\/2023\/09\/Massape-vence-Padre-Marcos-por-3-\u00d7-1-em-placar-agregado-pela-II-Copa-AMVI-IMG_1127-150x100.jpg 150w, https:\/\/infonewss.com\/wp-content\/uploads\/2023\/09\/Massape-vence-Padre-Marcos-por-3-\u00d7-1-em-placar-agregado-pela-II-Copa-AMVI-IMG_1127-696x464.jpg 696w, https:\/\/infonewss.com\/wp-content\/uploads\/2023\/09\/Massape-vence-Padre-Marcos-por-3-\u00d7-1-em-placar-agregado-pela-II-Copa-AMVI-IMG_1127.jpg 900w\" data-src=\"https:\/\/infonewss.com\/wp-content\/uploads\/2023\/09\/Massape-vence-Padre-Marcos-por-3-\u00d7-1-em-placar-agregado-pela-II-Copa-AMVI-IMG_1127-300x200.jpg\" data-sizes=\"(max-width: 300px) 100vw, 300px\" \/><\/a><\/div>\n<\/figure>\n<figure class=\"gallery-item\">\n<div class=\"gallery-icon landscape\"><a href=\"https:\/\/infonewss.com\/wp-content\/uploads\/2023\/09\/Massape-vence-Padre-Marcos-por-3-%C3%97-1-em-placar-agregado-pela-II-Copa-AMVI-IMG_1129.jpg\"><img loading=\"lazy\" decoding=\"async\" class=\"attachment-medium size-medium lazyload\" src=\"data:image\/gif;base64,R0lGODlhAQABAAAAACH5BAEKAAEALAAAAAABAAEAAAICTAEAOw==\" alt=\"\" width=\"300\" height=\"200\" data-srcset=\"https:\/\/infonewss.com\/wp-content\/uploads\/2023\/09\/Massape-vence-Padre-Marcos-por-3-\u00d7-1-em-placar-agregado-pela-II-Copa-AMVI-IMG_1129-300x200.jpg 300w, https:\/\/infonewss.com\/wp-content\/uploads\/2023\/09\/Massape-vence-Padre-Marcos-por-3-\u00d7-1-em-placar-agregado-pela-II-Copa-AMVI-IMG_1129-768x512.jpg 768w, https:\/\/infonewss.com\/wp-content\/uploads\/2023\/09\/Massape-vence-Padre-Marcos-por-3-\u00d7-1-em-placar-agregado-pela-II-Copa-AMVI-IMG_1129-150x100.jpg 150w, https:\/\/infonewss.com\/wp-content\/uploads\/2023\/09\/Massape-vence-Padre-Marcos-por-3-\u00d7-1-em-placar-agregado-pela-II-Copa-AMVI-IMG_1129-696x464.jpg 696w, https:\/\/infonewss.com\/wp-content\/uploads\/2023\/09\/Massape-vence-Padre-Marcos-por-3-\u00d7-1-em-placar-agregado-pela-II-Copa-AMVI-IMG_1129.jpg 900w\" data-src=\"https:\/\/infonewss.com\/wp-content\/uploads\/2023\/09\/Massape-vence-Padre-Marcos-por-3-\u00d7-1-em-placar-agregado-pela-II-Copa-AMVI-IMG_1129-300x200.jpg\" data-sizes=\"(max-width: 300px) 100vw, 300px\" \/><\/a><\/div>\n<\/figure>\n<figure class=\"gallery-item\">\n<div class=\"gallery-icon landscape\"><a href=\"https:\/\/infonewss.com\/wp-content\/uploads\/2023\/09\/Massape-vence-Padre-Marcos-por-3-%C3%97-1-em-placar-agregado-pela-II-Copa-AMVI-IMG_1130.jpg\"><img loading=\"lazy\" decoding=\"async\" class=\"attachment-medium size-medium lazyload\" src=\"data:image\/gif;base64,R0lGODlhAQABAAAAACH5BAEKAAEALAAAAAABAAEAAAICTAEAOw==\" alt=\"\" width=\"300\" height=\"200\" data-srcset=\"https:\/\/infonewss.com\/wp-content\/uploads\/2023\/09\/Massape-vence-Padre-Marcos-por-3-\u00d7-1-em-placar-agregado-pela-II-Copa-AMVI-IMG_1130-300x200.jpg 300w, https:\/\/infonewss.com\/wp-content\/uploads\/2023\/09\/Massape-vence-Padre-Marcos-por-3-\u00d7-1-em-placar-agregado-pela-II-Copa-AMVI-IMG_1130-768x512.jpg 768w, https:\/\/infonewss.com\/wp-content\/uploads\/2023\/09\/Massape-vence-Padre-Marcos-por-3-\u00d7-1-em-placar-agregado-pela-II-Copa-AMVI-IMG_1130-150x100.jpg 150w, https:\/\/infonewss.com\/wp-content\/uploads\/2023\/09\/Massape-vence-Padre-Marcos-por-3-\u00d7-1-em-placar-agregado-pela-II-Copa-AMVI-IMG_1130-696x464.jpg 696w, https:\/\/infonewss.com\/wp-content\/uploads\/2023\/09\/Massape-vence-Padre-Marcos-por-3-\u00d7-1-em-placar-agregado-pela-II-Copa-AMVI-IMG_1130.jpg 900w\" data-src=\"https:\/\/infonewss.com\/wp-content\/uploads\/2023\/09\/Massape-vence-Padre-Marcos-por-3-\u00d7-1-em-placar-agregado-pela-II-Copa-AMVI-IMG_1130-300x200.jpg\" data-sizes=\"(max-width: 300px) 100vw, 300px\" \/><\/a><\/div>\n<\/figure>\n<figure class=\"gallery-item\">\n<div class=\"gallery-icon landscape\"><a href=\"https:\/\/infonewss.com\/wp-content\/uploads\/2023\/09\/Massape-vence-Padre-Marcos-por-3-%C3%97-1-em-placar-agregado-pela-II-Copa-AMVI-IMG_1131.jpg\"><img loading=\"lazy\" decoding=\"async\" class=\"attachment-medium size-medium lazyload\" src=\"data:image\/gif;base64,R0lGODlhAQABAAAAACH5BAEKAAEALAAAAAABAAEAAAICTAEAOw==\" alt=\"\" width=\"300\" height=\"200\" data-srcset=\"https:\/\/infonewss.com\/wp-content\/uploads\/2023\/09\/Massape-vence-Padre-Marcos-por-3-\u00d7-1-em-placar-agregado-pela-II-Copa-AMVI-IMG_1131-300x200.jpg 300w, https:\/\/infonewss.com\/wp-content\/uploads\/2023\/09\/Massape-vence-Padre-Marcos-por-3-\u00d7-1-em-placar-agregado-pela-II-Copa-AMVI-IMG_1131-768x512.jpg 768w, https:\/\/infonewss.com\/wp-content\/uploads\/2023\/09\/Massape-vence-Padre-Marcos-por-3-\u00d7-1-em-placar-agregado-pela-II-Copa-AMVI-IMG_1131-150x100.jpg 150w, https:\/\/infonewss.com\/wp-content\/uploads\/2023\/09\/Massape-vence-Padre-Marcos-por-3-\u00d7-1-em-placar-agregado-pela-II-Copa-AMVI-IMG_1131-696x464.jpg 696w, https:\/\/infonewss.com\/wp-content\/uploads\/2023\/09\/Massape-vence-Padre-Marcos-por-3-\u00d7-1-em-placar-agregado-pela-II-Copa-AMVI-IMG_1131.jpg 900w\" data-src=\"https:\/\/infonewss.com\/wp-content\/uploads\/2023\/09\/Massape-vence-Padre-Marcos-por-3-\u00d7-1-em-placar-agregado-pela-II-Copa-AMVI-IMG_1131-300x200.jpg\" data-sizes=\"(max-width: 300px) 100vw, 300px\" \/><\/a><\/div>\n<\/figure>\n<figure class=\"gallery-item\">\n<div class=\"gallery-icon landscape\"><a href=\"https:\/\/infonewss.com\/wp-content\/uploads\/2023\/09\/Massape-vence-Padre-Marcos-por-3-%C3%97-1-em-placar-agregado-pela-II-Copa-AMVI-IMG_1132.jpg\"><img loading=\"lazy\" decoding=\"async\" class=\"attachment-medium size-medium lazyload\" src=\"data:image\/gif;base64,R0lGODlhAQABAAAAACH5BAEKAAEALAAAAAABAAEAAAICTAEAOw==\" alt=\"\" width=\"300\" height=\"200\" data-srcset=\"https:\/\/infonewss.com\/wp-content\/uploads\/2023\/09\/Massape-vence-Padre-Marcos-por-3-\u00d7-1-em-placar-agregado-pela-II-Copa-AMVI-IMG_1132-300x200.jpg 300w, https:\/\/infonewss.com\/wp-content\/uploads\/2023\/09\/Massape-vence-Padre-Marcos-por-3-\u00d7-1-em-placar-agregado-pela-II-Copa-AMVI-IMG_1132-768x512.jpg 768w, https:\/\/infonewss.com\/wp-content\/uploads\/2023\/09\/Massape-vence-Padre-Marcos-por-3-\u00d7-1-em-placar-agregado-pela-II-Copa-AMVI-IMG_1132-150x100.jpg 150w, https:\/\/infonewss.com\/wp-content\/uploads\/2023\/09\/Massape-vence-Padre-Marcos-por-3-\u00d7-1-em-placar-agregado-pela-II-Copa-AMVI-IMG_1132-696x464.jpg 696w, https:\/\/infonewss.com\/wp-content\/uploads\/2023\/09\/Massape-vence-Padre-Marcos-por-3-\u00d7-1-em-placar-agregado-pela-II-Copa-AMVI-IMG_1132.jpg 900w\" data-src=\"https:\/\/infonewss.com\/wp-content\/uploads\/2023\/09\/Massape-vence-Padre-Marcos-por-3-\u00d7-1-em-placar-agregado-pela-II-Copa-AMVI-IMG_1132-300x200.jpg\" data-sizes=\"(max-width: 300px) 100vw, 300px\" \/><\/a><\/div>\n<\/figure>\n<figure class=\"gallery-item\">\n<div class=\"gallery-icon landscape\"><a href=\"https:\/\/infonewss.com\/wp-content\/uploads\/2023\/09\/Massape-vence-Padre-Marcos-por-3-%C3%97-1-em-placar-agregado-pela-II-Copa-AMVI-IMG_1134.jpg\"><img loading=\"lazy\" decoding=\"async\" class=\"attachment-medium size-medium lazyload\" src=\"data:image\/gif;base64,R0lGODlhAQABAAAAACH5BAEKAAEALAAAAAABAAEAAAICTAEAOw==\" alt=\"\" width=\"300\" height=\"200\" data-srcset=\"https:\/\/infonewss.com\/wp-content\/uploads\/2023\/09\/Massape-vence-Padre-Marcos-por-3-\u00d7-1-em-placar-agregado-pela-II-Copa-AMVI-IMG_1134-300x200.jpg 300w, https:\/\/infonewss.com\/wp-content\/uploads\/2023\/09\/Massape-vence-Padre-Marcos-por-3-\u00d7-1-em-placar-agregado-pela-II-Copa-AMVI-IMG_1134-768x512.jpg 768w, https:\/\/infonewss.com\/wp-content\/uploads\/2023\/09\/Massape-vence-Padre-Marcos-por-3-\u00d7-1-em-placar-agregado-pela-II-Copa-AMVI-IMG_1134-150x100.jpg 150w, https:\/\/infonewss.com\/wp-content\/uploads\/2023\/09\/Massape-vence-Padre-Marcos-por-3-\u00d7-1-em-placar-agregado-pela-II-Copa-AMVI-IMG_1134-696x464.jpg 696w, https:\/\/infonewss.com\/wp-content\/uploads\/2023\/09\/Massape-vence-Padre-Marcos-por-3-\u00d7-1-em-placar-agregado-pela-II-Copa-AMVI-IMG_1134.jpg 900w\" data-src=\"https:\/\/infonewss.com\/wp-content\/uploads\/2023\/09\/Massape-vence-Padre-Marcos-por-3-\u00d7-1-em-placar-agregado-pela-II-Copa-AMVI-IMG_1134-300x200.jpg\" data-sizes=\"(max-width: 300px) 100vw, 300px\" \/><\/a><\/div>\n<\/figure>\n<figure class=\"gallery-item\">\n<div class=\"gallery-icon landscape\"><a href=\"https:\/\/infonewss.com\/wp-content\/uploads\/2023\/09\/Massape-vence-Padre-Marcos-por-3-%C3%97-1-em-placar-agregado-pela-II-Copa-AMVI-IMG_1135.jpg\"><img loading=\"lazy\" decoding=\"async\" class=\"attachment-medium size-medium lazyload\" src=\"data:image\/gif;base64,R0lGODlhAQABAAAAACH5BAEKAAEALAAAAAABAAEAAAICTAEAOw==\" alt=\"\" width=\"300\" height=\"200\" data-srcset=\"https:\/\/infonewss.com\/wp-content\/uploads\/2023\/09\/Massape-vence-Padre-Marcos-por-3-\u00d7-1-em-placar-agregado-pela-II-Copa-AMVI-IMG_1135-300x200.jpg 300w, https:\/\/infonewss.com\/wp-content\/uploads\/2023\/09\/Massape-vence-Padre-Marcos-por-3-\u00d7-1-em-placar-agregado-pela-II-Copa-AMVI-IMG_1135-768x512.jpg 768w, https:\/\/infonewss.com\/wp-content\/uploads\/2023\/09\/Massape-vence-Padre-Marcos-por-3-\u00d7-1-em-placar-agregado-pela-II-Copa-AMVI-IMG_1135-150x100.jpg 150w, https:\/\/infonewss.com\/wp-content\/uploads\/2023\/09\/Massape-vence-Padre-Marcos-por-3-\u00d7-1-em-placar-agregado-pela-II-Copa-AMVI-IMG_1135-696x464.jpg 696w, https:\/\/infonewss.com\/wp-content\/uploads\/2023\/09\/Massape-vence-Padre-Marcos-por-3-\u00d7-1-em-placar-agregado-pela-II-Copa-AMVI-IMG_1135.jpg 900w\" data-src=\"https:\/\/infonewss.com\/wp-content\/uploads\/2023\/09\/Massape-vence-Padre-Marcos-por-3-\u00d7-1-em-placar-agregado-pela-II-Copa-AMVI-IMG_1135-300x200.jpg\" data-sizes=\"(max-width: 300px) 100vw, 300px\" \/><\/a><\/div>\n<\/figure>\n<figure class=\"gallery-item\">\n<div class=\"gallery-icon landscape\"><a href=\"https:\/\/infonewss.com\/wp-content\/uploads\/2023\/09\/Massape-vence-Padre-Marcos-por-3-%C3%97-1-em-placar-agregado-pela-II-Copa-AMVI-IMG_1137.jpg\"><img loading=\"lazy\" decoding=\"async\" class=\"attachment-medium size-medium lazyload\" src=\"data:image\/gif;base64,R0lGODlhAQABAAAAACH5BAEKAAEALAAAAAABAAEAAAICTAEAOw==\" alt=\"\" width=\"300\" height=\"200\" data-srcset=\"https:\/\/infonewss.com\/wp-content\/uploads\/2023\/09\/Massape-vence-Padre-Marcos-por-3-\u00d7-1-em-placar-agregado-pela-II-Copa-AMVI-IMG_1137-300x200.jpg 300w, https:\/\/infonewss.com\/wp-content\/uploads\/2023\/09\/Massape-vence-Padre-Marcos-por-3-\u00d7-1-em-placar-agregado-pela-II-Copa-AMVI-IMG_1137-768x512.jpg 768w, https:\/\/infonewss.com\/wp-content\/uploads\/2023\/09\/Massape-vence-Padre-Marcos-por-3-\u00d7-1-em-placar-agregado-pela-II-Copa-AMVI-IMG_1137-150x100.jpg 150w, https:\/\/infonewss.com\/wp-content\/uploads\/2023\/09\/Massape-vence-Padre-Marcos-por-3-\u00d7-1-em-placar-agregado-pela-II-Copa-AMVI-IMG_1137-696x464.jpg 696w, https:\/\/infonewss.com\/wp-content\/uploads\/2023\/09\/Massape-vence-Padre-Marcos-por-3-\u00d7-1-em-placar-agregado-pela-II-Copa-AMVI-IMG_1137.jpg 900w\" data-src=\"https:\/\/infonewss.com\/wp-content\/uploads\/2023\/09\/Massape-vence-Padre-Marcos-por-3-\u00d7-1-em-placar-agregado-pela-II-Copa-AMVI-IMG_1137-300x200.jpg\" data-sizes=\"(max-width: 300px) 100vw, 300px\" \/><\/a><\/div>\n<\/figure>\n<figure class=\"gallery-item\">\n<div class=\"gallery-icon landscape\"><a href=\"https:\/\/infonewss.com\/wp-content\/uploads\/2023\/09\/Massape-vence-Padre-Marcos-por-3-%C3%97-1-em-placar-agregado-pela-II-Copa-AMVI-IMG_1138.jpg\"><img loading=\"lazy\" decoding=\"async\" class=\"attachment-medium size-medium lazyload\" src=\"data:image\/gif;base64,R0lGODlhAQABAAAAACH5BAEKAAEALAAAAAABAAEAAAICTAEAOw==\" alt=\"\" width=\"300\" height=\"200\" data-srcset=\"https:\/\/infonewss.com\/wp-content\/uploads\/2023\/09\/Massape-vence-Padre-Marcos-por-3-\u00d7-1-em-placar-agregado-pela-II-Copa-AMVI-IMG_1138-300x200.jpg 300w, https:\/\/infonewss.com\/wp-content\/uploads\/2023\/09\/Massape-vence-Padre-Marcos-por-3-\u00d7-1-em-placar-agregado-pela-II-Copa-AMVI-IMG_1138-768x512.jpg 768w, https:\/\/infonewss.com\/wp-content\/uploads\/2023\/09\/Massape-vence-Padre-Marcos-por-3-\u00d7-1-em-placar-agregado-pela-II-Copa-AMVI-IMG_1138-150x100.jpg 150w, https:\/\/infonewss.com\/wp-content\/uploads\/2023\/09\/Massape-vence-Padre-Marcos-por-3-\u00d7-1-em-placar-agregado-pela-II-Copa-AMVI-IMG_1138-696x464.jpg 696w, https:\/\/infonewss.com\/wp-content\/uploads\/2023\/09\/Massape-vence-Padre-Marcos-por-3-\u00d7-1-em-placar-agregado-pela-II-Copa-AMVI-IMG_1138.jpg 900w\" data-src=\"https:\/\/infonewss.com\/wp-content\/uploads\/2023\/09\/Massape-vence-Padre-Marcos-por-3-\u00d7-1-em-placar-agregado-pela-II-Copa-AMVI-IMG_1138-300x200.jpg\" data-sizes=\"(max-width: 300px) 100vw, 300px\" \/><\/a><\/div>\n<\/figure>\n<figure class=\"gallery-item\">\n<div class=\"gallery-icon landscape\"><a href=\"https:\/\/infonewss.com\/wp-content\/uploads\/2023\/09\/Massape-vence-Padre-Marcos-por-3-%C3%97-1-em-placar-agregado-pela-II-Copa-AMVI-IMG_1139.jpg\"><img loading=\"lazy\" decoding=\"async\" class=\"attachment-medium size-medium lazyload\" src=\"data:image\/gif;base64,R0lGODlhAQABAAAAACH5BAEKAAEALAAAAAABAAEAAAICTAEAOw==\" alt=\"\" width=\"300\" height=\"200\" data-srcset=\"https:\/\/infonewss.com\/wp-content\/uploads\/2023\/09\/Massape-vence-Padre-Marcos-por-3-\u00d7-1-em-placar-agregado-pela-II-Copa-AMVI-IMG_1139-300x200.jpg 300w, https:\/\/infonewss.com\/wp-content\/uploads\/2023\/09\/Massape-vence-Padre-Marcos-por-3-\u00d7-1-em-placar-agregado-pela-II-Copa-AMVI-IMG_1139-768x512.jpg 768w, https:\/\/infonewss.com\/wp-content\/uploads\/2023\/09\/Massape-vence-Padre-Marcos-por-3-\u00d7-1-em-placar-agregado-pela-II-Copa-AMVI-IMG_1139-150x100.jpg 150w, https:\/\/infonewss.com\/wp-content\/uploads\/2023\/09\/Massape-vence-Padre-Marcos-por-3-\u00d7-1-em-placar-agregado-pela-II-Copa-AMVI-IMG_1139-696x464.jpg 696w, https:\/\/infonewss.com\/wp-content\/uploads\/2023\/09\/Massape-vence-Padre-Marcos-por-3-\u00d7-1-em-placar-agregado-pela-II-Copa-AMVI-IMG_1139.jpg 900w\" data-src=\"https:\/\/infonewss.com\/wp-content\/uploads\/2023\/09\/Massape-vence-Padre-Marcos-por-3-\u00d7-1-em-placar-agregado-pela-II-Copa-AMVI-IMG_1139-300x200.jpg\" data-sizes=\"(max-width: 300px) 100vw, 300px\" \/><\/a><\/div>\n<\/figure>\n<figure class=\"gallery-item\">\n<div class=\"gallery-icon landscape\"><a href=\"https:\/\/infonewss.com\/wp-content\/uploads\/2023\/09\/Massape-vence-Padre-Marcos-por-3-%C3%97-1-em-placar-agregado-pela-II-Copa-AMVI-IMG_1140.jpg\"><img loading=\"lazy\" decoding=\"async\" class=\"attachment-medium size-medium lazyload\" src=\"data:image\/gif;base64,R0lGODlhAQABAAAAACH5BAEKAAEALAAAAAABAAEAAAICTAEAOw==\" alt=\"\" width=\"300\" height=\"200\" data-srcset=\"https:\/\/infonewss.com\/wp-content\/uploads\/2023\/09\/Massape-vence-Padre-Marcos-por-3-\u00d7-1-em-placar-agregado-pela-II-Copa-AMVI-IMG_1140-300x200.jpg 300w, https:\/\/infonewss.com\/wp-content\/uploads\/2023\/09\/Massape-vence-Padre-Marcos-por-3-\u00d7-1-em-placar-agregado-pela-II-Copa-AMVI-IMG_1140-768x512.jpg 768w, https:\/\/infonewss.com\/wp-content\/uploads\/2023\/09\/Massape-vence-Padre-Marcos-por-3-\u00d7-1-em-placar-agregado-pela-II-Copa-AMVI-IMG_1140-150x100.jpg 150w, https:\/\/infonewss.com\/wp-content\/uploads\/2023\/09\/Massape-vence-Padre-Marcos-por-3-\u00d7-1-em-placar-agregado-pela-II-Copa-AMVI-IMG_1140-696x464.jpg 696w, https:\/\/infonewss.com\/wp-content\/uploads\/2023\/09\/Massape-vence-Padre-Marcos-por-3-\u00d7-1-em-placar-agregado-pela-II-Copa-AMVI-IMG_1140.jpg 900w\" data-src=\"https:\/\/infonewss.com\/wp-content\/uploads\/2023\/09\/Massape-vence-Padre-Marcos-por-3-\u00d7-1-em-placar-agregado-pela-II-Copa-AMVI-IMG_1140-300x200.jpg\" data-sizes=\"(max-width: 300px) 100vw, 300px\" \/><\/a><\/div>\n<\/figure>\n<figure class=\"gallery-item\">\n<div class=\"gallery-icon landscape\"><a href=\"https:\/\/infonewss.com\/wp-content\/uploads\/2023\/09\/Massape-vence-Padre-Marcos-por-3-%C3%97-1-em-placar-agregado-pela-II-Copa-AMVI-IMG_1141.jpg\"><img loading=\"lazy\" decoding=\"async\" class=\"attachment-medium size-medium lazyload\" src=\"data:image\/gif;base64,R0lGODlhAQABAAAAACH5BAEKAAEALAAAAAABAAEAAAICTAEAOw==\" alt=\"\" width=\"300\" height=\"200\" data-srcset=\"https:\/\/infonewss.com\/wp-content\/uploads\/2023\/09\/Massape-vence-Padre-Marcos-por-3-\u00d7-1-em-placar-agregado-pela-II-Copa-AMVI-IMG_1141-300x200.jpg 300w, https:\/\/infonewss.com\/wp-content\/uploads\/2023\/09\/Massape-vence-Padre-Marcos-por-3-\u00d7-1-em-placar-agregado-pela-II-Copa-AMVI-IMG_1141-768x512.jpg 768w, https:\/\/infonewss.com\/wp-content\/uploads\/2023\/09\/Massape-vence-Padre-Marcos-por-3-\u00d7-1-em-placar-agregado-pela-II-Copa-AMVI-IMG_1141-150x100.jpg 150w, https:\/\/infonewss.com\/wp-content\/uploads\/2023\/09\/Massape-vence-Padre-Marcos-por-3-\u00d7-1-em-placar-agregado-pela-II-Copa-AMVI-IMG_1141-696x464.jpg 696w, https:\/\/infonewss.com\/wp-content\/uploads\/2023\/09\/Massape-vence-Padre-Marcos-por-3-\u00d7-1-em-placar-agregado-pela-II-Copa-AMVI-IMG_1141.jpg 900w\" data-src=\"https:\/\/infonewss.com\/wp-content\/uploads\/2023\/09\/Massape-vence-Padre-Marcos-por-3-\u00d7-1-em-placar-agregado-pela-II-Copa-AMVI-IMG_1141-300x200.jpg\" data-sizes=\"(max-width: 300px) 100vw, 300px\" \/><\/a><\/div>\n<\/figure>\n<figure class=\"gallery-item\">\n<div class=\"gallery-icon landscape\"><a href=\"https:\/\/infonewss.com\/wp-content\/uploads\/2023\/09\/Massape-vence-Padre-Marcos-por-3-%C3%97-1-em-placar-agregado-pela-II-Copa-AMVI-IMG_1143.jpg\"><img loading=\"lazy\" decoding=\"async\" class=\"attachment-medium size-medium lazyload\" src=\"data:image\/gif;base64,R0lGODlhAQABAAAAACH5BAEKAAEALAAAAAABAAEAAAICTAEAOw==\" alt=\"\" width=\"300\" height=\"200\" data-srcset=\"https:\/\/infonewss.com\/wp-content\/uploads\/2023\/09\/Massape-vence-Padre-Marcos-por-3-\u00d7-1-em-placar-agregado-pela-II-Copa-AMVI-IMG_1143-300x200.jpg 300w, https:\/\/infonewss.com\/wp-content\/uploads\/2023\/09\/Massape-vence-Padre-Marcos-por-3-\u00d7-1-em-placar-agregado-pela-II-Copa-AMVI-IMG_1143-768x512.jpg 768w, https:\/\/infonewss.com\/wp-content\/uploads\/2023\/09\/Massape-vence-Padre-Marcos-por-3-\u00d7-1-em-placar-agregado-pela-II-Copa-AMVI-IMG_1143-150x100.jpg 150w, https:\/\/infonewss.com\/wp-content\/uploads\/2023\/09\/Massape-vence-Padre-Marcos-por-3-\u00d7-1-em-placar-agregado-pela-II-Copa-AMVI-IMG_1143-696x464.jpg 696w, https:\/\/infonewss.com\/wp-content\/uploads\/2023\/09\/Massape-vence-Padre-Marcos-por-3-\u00d7-1-em-placar-agregado-pela-II-Copa-AMVI-IMG_1143.jpg 900w\" data-src=\"https:\/\/infonewss.com\/wp-content\/uploads\/2023\/09\/Massape-vence-Padre-Marcos-por-3-\u00d7-1-em-placar-agregado-pela-II-Copa-AMVI-IMG_1143-300x200.jpg\" data-sizes=\"(max-width: 300px) 100vw, 300px\" \/><\/a><\/div>\n<\/figure>\n<figure class=\"gallery-item\">\n<div class=\"gallery-icon landscape\"><a href=\"https:\/\/infonewss.com\/wp-content\/uploads\/2023\/09\/Massape-vence-Padre-Marcos-por-3-%C3%97-1-em-placar-agregado-pela-II-Copa-AMVI-IMG_1144.jpg\"><img loading=\"lazy\" decoding=\"async\" class=\"attachment-medium size-medium lazyload\" src=\"data:image\/gif;base64,R0lGODlhAQABAAAAACH5BAEKAAEALAAAAAABAAEAAAICTAEAOw==\" alt=\"\" width=\"300\" height=\"200\" data-srcset=\"https:\/\/infonewss.com\/wp-content\/uploads\/2023\/09\/Massape-vence-Padre-Marcos-por-3-\u00d7-1-em-placar-agregado-pela-II-Copa-AMVI-IMG_1144-300x200.jpg 300w, https:\/\/infonewss.com\/wp-content\/uploads\/2023\/09\/Massape-vence-Padre-Marcos-por-3-\u00d7-1-em-placar-agregado-pela-II-Copa-AMVI-IMG_1144-768x512.jpg 768w, https:\/\/infonewss.com\/wp-content\/uploads\/2023\/09\/Massape-vence-Padre-Marcos-por-3-\u00d7-1-em-placar-agregado-pela-II-Copa-AMVI-IMG_1144-150x100.jpg 150w, https:\/\/infonewss.com\/wp-content\/uploads\/2023\/09\/Massape-vence-Padre-Marcos-por-3-\u00d7-1-em-placar-agregado-pela-II-Copa-AMVI-IMG_1144-696x464.jpg 696w, https:\/\/infonewss.com\/wp-content\/uploads\/2023\/09\/Massape-vence-Padre-Marcos-por-3-\u00d7-1-em-placar-agregado-pela-II-Copa-AMVI-IMG_1144.jpg 900w\" data-src=\"https:\/\/infonewss.com\/wp-content\/uploads\/2023\/09\/Massape-vence-Padre-Marcos-por-3-\u00d7-1-em-placar-agregado-pela-II-Copa-AMVI-IMG_1144-300x200.jpg\" data-sizes=\"(max-width: 300px) 100vw, 300px\" \/><\/a><\/div>\n<\/figure>\n<figure class=\"gallery-item\">\n<div class=\"gallery-icon landscape\"><a href=\"https:\/\/infonewss.com\/wp-content\/uploads\/2023\/09\/Massape-vence-Padre-Marcos-por-3-%C3%97-1-em-placar-agregado-pela-II-Copa-AMVI-IMG_1145.jpg\"><img loading=\"lazy\" decoding=\"async\" class=\"attachment-medium size-medium lazyload\" src=\"data:image\/gif;base64,R0lGODlhAQABAAAAACH5BAEKAAEALAAAAAABAAEAAAICTAEAOw==\" alt=\"\" width=\"300\" height=\"200\" data-srcset=\"https:\/\/infonewss.com\/wp-content\/uploads\/2023\/09\/Massape-vence-Padre-Marcos-por-3-\u00d7-1-em-placar-agregado-pela-II-Copa-AMVI-IMG_1145-300x200.jpg 300w, https:\/\/infonewss.com\/wp-content\/uploads\/2023\/09\/Massape-vence-Padre-Marcos-por-3-\u00d7-1-em-placar-agregado-pela-II-Copa-AMVI-IMG_1145-768x512.jpg 768w, https:\/\/infonewss.com\/wp-content\/uploads\/2023\/09\/Massape-vence-Padre-Marcos-por-3-\u00d7-1-em-placar-agregado-pela-II-Copa-AMVI-IMG_1145-150x100.jpg 150w, https:\/\/infonewss.com\/wp-content\/uploads\/2023\/09\/Massape-vence-Padre-Marcos-por-3-\u00d7-1-em-placar-agregado-pela-II-Copa-AMVI-IMG_1145-696x464.jpg 696w, https:\/\/infonewss.com\/wp-content\/uploads\/2023\/09\/Massape-vence-Padre-Marcos-por-3-\u00d7-1-em-placar-agregado-pela-II-Copa-AMVI-IMG_1145.jpg 900w\" data-src=\"https:\/\/infonewss.com\/wp-content\/uploads\/2023\/09\/Massape-vence-Padre-Marcos-por-3-\u00d7-1-em-placar-agregado-pela-II-Copa-AMVI-IMG_1145-300x200.jpg\" data-sizes=\"(max-width: 300px) 100vw, 300px\" \/><\/a><\/div>\n<\/figure>\n<figure class=\"gallery-item\">\n<div class=\"gallery-icon landscape\"><a href=\"https:\/\/infonewss.com\/wp-content\/uploads\/2023\/09\/Massape-vence-Padre-Marcos-por-3-%C3%97-1-em-placar-agregado-pela-II-Copa-AMVI-IMG_1147.jpg\"><img loading=\"lazy\" decoding=\"async\" class=\"attachment-medium size-medium lazyload\" src=\"data:image\/gif;base64,R0lGODlhAQABAAAAACH5BAEKAAEALAAAAAABAAEAAAICTAEAOw==\" alt=\"\" width=\"300\" height=\"200\" data-srcset=\"https:\/\/infonewss.com\/wp-content\/uploads\/2023\/09\/Massape-vence-Padre-Marcos-por-3-\u00d7-1-em-placar-agregado-pela-II-Copa-AMVI-IMG_1147-300x200.jpg 300w, https:\/\/infonewss.com\/wp-content\/uploads\/2023\/09\/Massape-vence-Padre-Marcos-por-3-\u00d7-1-em-placar-agregado-pela-II-Copa-AMVI-IMG_1147-768x512.jpg 768w, https:\/\/infonewss.com\/wp-content\/uploads\/2023\/09\/Massape-vence-Padre-Marcos-por-3-\u00d7-1-em-placar-agregado-pela-II-Copa-AMVI-IMG_1147-150x100.jpg 150w, https:\/\/infonewss.com\/wp-content\/uploads\/2023\/09\/Massape-vence-Padre-Marcos-por-3-\u00d7-1-em-placar-agregado-pela-II-Copa-AMVI-IMG_1147-696x464.jpg 696w, https:\/\/infonewss.com\/wp-content\/uploads\/2023\/09\/Massape-vence-Padre-Marcos-por-3-\u00d7-1-em-placar-agregado-pela-II-Copa-AMVI-IMG_1147.jpg 900w\" data-src=\"https:\/\/infonewss.com\/wp-content\/uploads\/2023\/09\/Massape-vence-Padre-Marcos-por-3-\u00d7-1-em-placar-agregado-pela-II-Copa-AMVI-IMG_1147-300x200.jpg\" data-sizes=\"(max-width: 300px) 100vw, 300px\" \/><\/a><\/div>\n<\/figure>\n<figure class=\"gallery-item\">\n<div class=\"gallery-icon landscape\"><a href=\"https:\/\/infonewss.com\/wp-content\/uploads\/2023\/09\/Massape-vence-Padre-Marcos-por-3-%C3%97-1-em-placar-agregado-pela-II-Copa-AMVI-IMG_1148.jpg\"><img loading=\"lazy\" decoding=\"async\" class=\"attachment-medium size-medium lazyload\" src=\"data:image\/gif;base64,R0lGODlhAQABAAAAACH5BAEKAAEALAAAAAABAAEAAAICTAEAOw==\" alt=\"\" width=\"300\" height=\"200\" data-srcset=\"https:\/\/infonewss.com\/wp-content\/uploads\/2023\/09\/Massape-vence-Padre-Marcos-por-3-\u00d7-1-em-placar-agregado-pela-II-Copa-AMVI-IMG_1148-300x200.jpg 300w, https:\/\/infonewss.com\/wp-content\/uploads\/2023\/09\/Massape-vence-Padre-Marcos-por-3-\u00d7-1-em-placar-agregado-pela-II-Copa-AMVI-IMG_1148-768x512.jpg 768w, https:\/\/infonewss.com\/wp-content\/uploads\/2023\/09\/Massape-vence-Padre-Marcos-por-3-\u00d7-1-em-placar-agregado-pela-II-Copa-AMVI-IMG_1148-150x100.jpg 150w, https:\/\/infonewss.com\/wp-content\/uploads\/2023\/09\/Massape-vence-Padre-Marcos-por-3-\u00d7-1-em-placar-agregado-pela-II-Copa-AMVI-IMG_1148-696x464.jpg 696w, https:\/\/infonewss.com\/wp-content\/uploads\/2023\/09\/Massape-vence-Padre-Marcos-por-3-\u00d7-1-em-placar-agregado-pela-II-Copa-AMVI-IMG_1148.jpg 900w\" data-src=\"https:\/\/infonewss.com\/wp-content\/uploads\/2023\/09\/Massape-vence-Padre-Marcos-por-3-\u00d7-1-em-placar-agregado-pela-II-Copa-AMVI-IMG_1148-300x200.jpg\" data-sizes=\"(max-width: 300px) 100vw, 300px\" \/><\/a><\/div>\n<\/figure>\n<figure class=\"gallery-item\">\n<div class=\"gallery-icon landscape\"><a href=\"https:\/\/infonewss.com\/wp-content\/uploads\/2023\/09\/Massape-vence-Padre-Marcos-por-3-%C3%97-1-em-placar-agregado-pela-II-Copa-AMVI-IMG_1150.jpg\"><img loading=\"lazy\" decoding=\"async\" class=\"attachment-medium size-medium lazyload\" src=\"data:image\/gif;base64,R0lGODlhAQABAAAAACH5BAEKAAEALAAAAAABAAEAAAICTAEAOw==\" alt=\"\" width=\"300\" height=\"200\" data-srcset=\"https:\/\/infonewss.com\/wp-content\/uploads\/2023\/09\/Massape-vence-Padre-Marcos-por-3-\u00d7-1-em-placar-agregado-pela-II-Copa-AMVI-IMG_1150-300x200.jpg 300w, https:\/\/infonewss.com\/wp-content\/uploads\/2023\/09\/Massape-vence-Padre-Marcos-por-3-\u00d7-1-em-placar-agregado-pela-II-Copa-AMVI-IMG_1150-768x512.jpg 768w, https:\/\/infonewss.com\/wp-content\/uploads\/2023\/09\/Massape-vence-Padre-Marcos-por-3-\u00d7-1-em-placar-agregado-pela-II-Copa-AMVI-IMG_1150-150x100.jpg 150w, https:\/\/infonewss.com\/wp-content\/uploads\/2023\/09\/Massape-vence-Padre-Marcos-por-3-\u00d7-1-em-placar-agregado-pela-II-Copa-AMVI-IMG_1150-696x464.jpg 696w, https:\/\/infonewss.com\/wp-content\/uploads\/2023\/09\/Massape-vence-Padre-Marcos-por-3-\u00d7-1-em-placar-agregado-pela-II-Copa-AMVI-IMG_1150.jpg 900w\" data-src=\"https:\/\/infonewss.com\/wp-content\/uploads\/2023\/09\/Massape-vence-Padre-Marcos-por-3-\u00d7-1-em-placar-agregado-pela-II-Copa-AMVI-IMG_1150-300x200.jpg\" data-sizes=\"(max-width: 300px) 100vw, 300px\" \/><\/a><\/div>\n<\/figure>\n<figure class=\"gallery-item\">\n<div class=\"gallery-icon landscape\"><a href=\"https:\/\/infonewss.com\/wp-content\/uploads\/2023\/09\/Massape-vence-Padre-Marcos-por-3-%C3%97-1-em-placar-agregado-pela-II-Copa-AMVI-IMG_1151.jpg\"><img loading=\"lazy\" decoding=\"async\" class=\"attachment-medium size-medium lazyload\" src=\"data:image\/gif;base64,R0lGODlhAQABAAAAACH5BAEKAAEALAAAAAABAAEAAAICTAEAOw==\" alt=\"\" width=\"300\" height=\"200\" data-srcset=\"https:\/\/infonewss.com\/wp-content\/uploads\/2023\/09\/Massape-vence-Padre-Marcos-por-3-\u00d7-1-em-placar-agregado-pela-II-Copa-AMVI-IMG_1151-300x200.jpg 300w, https:\/\/infonewss.com\/wp-content\/uploads\/2023\/09\/Massape-vence-Padre-Marcos-por-3-\u00d7-1-em-placar-agregado-pela-II-Copa-AMVI-IMG_1151-768x512.jpg 768w, https:\/\/infonewss.com\/wp-content\/uploads\/2023\/09\/Massape-vence-Padre-Marcos-por-3-\u00d7-1-em-placar-agregado-pela-II-Copa-AMVI-IMG_1151-150x100.jpg 150w, https:\/\/infonewss.com\/wp-content\/uploads\/2023\/09\/Massape-vence-Padre-Marcos-por-3-\u00d7-1-em-placar-agregado-pela-II-Copa-AMVI-IMG_1151-696x464.jpg 696w, https:\/\/infonewss.com\/wp-content\/uploads\/2023\/09\/Massape-vence-Padre-Marcos-por-3-\u00d7-1-em-placar-agregado-pela-II-Copa-AMVI-IMG_1151.jpg 900w\" data-src=\"https:\/\/infonewss.com\/wp-content\/uploads\/2023\/09\/Massape-vence-Padre-Marcos-por-3-\u00d7-1-em-placar-agregado-pela-II-Copa-AMVI-IMG_1151-300x200.jpg\" data-sizes=\"(max-width: 300px) 100vw, 300px\" \/><\/a><\/div>\n<\/figure>\n<figure class=\"gallery-item\">\n<div class=\"gallery-icon landscape\"><a href=\"https:\/\/infonewss.com\/wp-content\/uploads\/2023\/09\/Massape-vence-Padre-Marcos-por-3-%C3%97-1-em-placar-agregado-pela-II-Copa-AMVI-IMG_1152.jpg\"><img loading=\"lazy\" decoding=\"async\" class=\"attachment-medium size-medium lazyload\" src=\"data:image\/gif;base64,R0lGODlhAQABAAAAACH5BAEKAAEALAAAAAABAAEAAAICTAEAOw==\" alt=\"\" width=\"300\" height=\"200\" data-srcset=\"https:\/\/infonewss.com\/wp-content\/uploads\/2023\/09\/Massape-vence-Padre-Marcos-por-3-\u00d7-1-em-placar-agregado-pela-II-Copa-AMVI-IMG_1152-300x200.jpg 300w, https:\/\/infonewss.com\/wp-content\/uploads\/2023\/09\/Massape-vence-Padre-Marcos-por-3-\u00d7-1-em-placar-agregado-pela-II-Copa-AMVI-IMG_1152-768x512.jpg 768w, https:\/\/infonewss.com\/wp-content\/uploads\/2023\/09\/Massape-vence-Padre-Marcos-por-3-\u00d7-1-em-placar-agregado-pela-II-Copa-AMVI-IMG_1152-150x100.jpg 150w, https:\/\/infonewss.com\/wp-content\/uploads\/2023\/09\/Massape-vence-Padre-Marcos-por-3-\u00d7-1-em-placar-agregado-pela-II-Copa-AMVI-IMG_1152-696x464.jpg 696w, https:\/\/infonewss.com\/wp-content\/uploads\/2023\/09\/Massape-vence-Padre-Marcos-por-3-\u00d7-1-em-placar-agregado-pela-II-Copa-AMVI-IMG_1152.jpg 900w\" data-src=\"https:\/\/infonewss.com\/wp-content\/uploads\/2023\/09\/Massape-vence-Padre-Marcos-por-3-\u00d7-1-em-placar-agregado-pela-II-Copa-AMVI-IMG_1152-300x200.jpg\" data-sizes=\"(max-width: 300px) 100vw, 300px\" \/><\/a><\/div>\n<\/figure>\n<figure class=\"gallery-item\">\n<div class=\"gallery-icon landscape\"><a href=\"https:\/\/infonewss.com\/wp-content\/uploads\/2023\/09\/Massape-vence-Padre-Marcos-por-3-%C3%97-1-em-placar-agregado-pela-II-Copa-AMVI-IMG_1153.jpg\"><img loading=\"lazy\" decoding=\"async\" class=\"attachment-medium size-medium lazyload\" src=\"data:image\/gif;base64,R0lGODlhAQABAAAAACH5BAEKAAEALAAAAAABAAEAAAICTAEAOw==\" alt=\"\" width=\"300\" height=\"200\" data-srcset=\"https:\/\/infonewss.com\/wp-content\/uploads\/2023\/09\/Massape-vence-Padre-Marcos-por-3-\u00d7-1-em-placar-agregado-pela-II-Copa-AMVI-IMG_1153-300x200.jpg 300w, https:\/\/infonewss.com\/wp-content\/uploads\/2023\/09\/Massape-vence-Padre-Marcos-por-3-\u00d7-1-em-placar-agregado-pela-II-Copa-AMVI-IMG_1153-768x512.jpg 768w, https:\/\/infonewss.com\/wp-content\/uploads\/2023\/09\/Massape-vence-Padre-Marcos-por-3-\u00d7-1-em-placar-agregado-pela-II-Copa-AMVI-IMG_1153-150x100.jpg 150w, https:\/\/infonewss.com\/wp-content\/uploads\/2023\/09\/Massape-vence-Padre-Marcos-por-3-\u00d7-1-em-placar-agregado-pela-II-Copa-AMVI-IMG_1153-696x464.jpg 696w, https:\/\/infonewss.com\/wp-content\/uploads\/2023\/09\/Massape-vence-Padre-Marcos-por-3-\u00d7-1-em-placar-agregado-pela-II-Copa-AMVI-IMG_1153.jpg 900w\" data-src=\"https:\/\/infonewss.com\/wp-content\/uploads\/2023\/09\/Massape-vence-Padre-Marcos-por-3-\u00d7-1-em-placar-agregado-pela-II-Copa-AMVI-IMG_1153-300x200.jpg\" data-sizes=\"(max-width: 300px) 100vw, 300px\" \/><\/a><\/div>\n<\/figure>\n<figure class=\"gallery-item\">\n<div class=\"gallery-icon landscape\"><a href=\"https:\/\/infonewss.com\/wp-content\/uploads\/2023\/09\/Massape-vence-Padre-Marcos-por-3-%C3%97-1-em-placar-agregado-pela-II-Copa-AMVI-IMG_1154.jpg\"><img loading=\"lazy\" decoding=\"async\" class=\"attachment-medium size-medium lazyload\" src=\"data:image\/gif;base64,R0lGODlhAQABAAAAACH5BAEKAAEALAAAAAABAAEAAAICTAEAOw==\" alt=\"\" width=\"300\" height=\"200\" data-srcset=\"https:\/\/infonewss.com\/wp-content\/uploads\/2023\/09\/Massape-vence-Padre-Marcos-por-3-\u00d7-1-em-placar-agregado-pela-II-Copa-AMVI-IMG_1154-300x200.jpg 300w, https:\/\/infonewss.com\/wp-content\/uploads\/2023\/09\/Massape-vence-Padre-Marcos-por-3-\u00d7-1-em-placar-agregado-pela-II-Copa-AMVI-IMG_1154-768x512.jpg 768w, https:\/\/infonewss.com\/wp-content\/uploads\/2023\/09\/Massape-vence-Padre-Marcos-por-3-\u00d7-1-em-placar-agregado-pela-II-Copa-AMVI-IMG_1154-150x100.jpg 150w, https:\/\/infonewss.com\/wp-content\/uploads\/2023\/09\/Massape-vence-Padre-Marcos-por-3-\u00d7-1-em-placar-agregado-pela-II-Copa-AMVI-IMG_1154-696x464.jpg 696w, https:\/\/infonewss.com\/wp-content\/uploads\/2023\/09\/Massape-vence-Padre-Marcos-por-3-\u00d7-1-em-placar-agregado-pela-II-Copa-AMVI-IMG_1154.jpg 900w\" data-src=\"https:\/\/infonewss.com\/wp-content\/uploads\/2023\/09\/Massape-vence-Padre-Marcos-por-3-\u00d7-1-em-placar-agregado-pela-II-Copa-AMVI-IMG_1154-300x200.jpg\" data-sizes=\"(max-width: 300px) 100vw, 300px\" \/><\/a><\/div>\n<\/figure>\n<figure class=\"gallery-item\">\n<div class=\"gallery-icon landscape\"><a href=\"https:\/\/infonewss.com\/wp-content\/uploads\/2023\/09\/Massape-vence-Padre-Marcos-por-3-%C3%97-1-em-placar-agregado-pela-II-Copa-AMVI-IMG_1156.jpg\"><img loading=\"lazy\" decoding=\"async\" class=\"attachment-medium size-medium lazyload\" src=\"data:image\/gif;base64,R0lGODlhAQABAAAAACH5BAEKAAEALAAAAAABAAEAAAICTAEAOw==\" alt=\"\" width=\"300\" height=\"200\" data-srcset=\"https:\/\/infonewss.com\/wp-content\/uploads\/2023\/09\/Massape-vence-Padre-Marcos-por-3-\u00d7-1-em-placar-agregado-pela-II-Copa-AMVI-IMG_1156-300x200.jpg 300w, https:\/\/infonewss.com\/wp-content\/uploads\/2023\/09\/Massape-vence-Padre-Marcos-por-3-\u00d7-1-em-placar-agregado-pela-II-Copa-AMVI-IMG_1156-768x512.jpg 768w, https:\/\/infonewss.com\/wp-content\/uploads\/2023\/09\/Massape-vence-Padre-Marcos-por-3-\u00d7-1-em-placar-agregado-pela-II-Copa-AMVI-IMG_1156-150x100.jpg 150w, https:\/\/infonewss.com\/wp-content\/uploads\/2023\/09\/Massape-vence-Padre-Marcos-por-3-\u00d7-1-em-placar-agregado-pela-II-Copa-AMVI-IMG_1156-696x464.jpg 696w, https:\/\/infonewss.com\/wp-content\/uploads\/2023\/09\/Massape-vence-Padre-Marcos-por-3-\u00d7-1-em-placar-agregado-pela-II-Copa-AMVI-IMG_1156.jpg 900w\" data-src=\"https:\/\/infonewss.com\/wp-content\/uploads\/2023\/09\/Massape-vence-Padre-Marcos-por-3-\u00d7-1-em-placar-agregado-pela-II-Copa-AMVI-IMG_1156-300x200.jpg\" data-sizes=\"(max-width: 300px) 100vw, 300px\" \/><\/a><\/div>\n<\/figure>\n<figure class=\"gallery-item\">\n<div class=\"gallery-icon landscape\"><a href=\"https:\/\/infonewss.com\/wp-content\/uploads\/2023\/09\/Massape-vence-Padre-Marcos-por-3-%C3%97-1-em-placar-agregado-pela-II-Copa-AMVI-IMG_1158.jpg\"><img loading=\"lazy\" decoding=\"async\" class=\"attachment-medium size-medium lazyload\" src=\"data:image\/gif;base64,R0lGODlhAQABAAAAACH5BAEKAAEALAAAAAABAAEAAAICTAEAOw==\" alt=\"\" width=\"300\" height=\"200\" data-srcset=\"https:\/\/infonewss.com\/wp-content\/uploads\/2023\/09\/Massape-vence-Padre-Marcos-por-3-\u00d7-1-em-placar-agregado-pela-II-Copa-AMVI-IMG_1158-300x200.jpg 300w, https:\/\/infonewss.com\/wp-content\/uploads\/2023\/09\/Massape-vence-Padre-Marcos-por-3-\u00d7-1-em-placar-agregado-pela-II-Copa-AMVI-IMG_1158-768x512.jpg 768w, https:\/\/infonewss.com\/wp-content\/uploads\/2023\/09\/Massape-vence-Padre-Marcos-por-3-\u00d7-1-em-placar-agregado-pela-II-Copa-AMVI-IMG_1158-150x100.jpg 150w, https:\/\/infonewss.com\/wp-content\/uploads\/2023\/09\/Massape-vence-Padre-Marcos-por-3-\u00d7-1-em-placar-agregado-pela-II-Copa-AMVI-IMG_1158-696x464.jpg 696w, https:\/\/infonewss.com\/wp-content\/uploads\/2023\/09\/Massape-vence-Padre-Marcos-por-3-\u00d7-1-em-placar-agregado-pela-II-Copa-AMVI-IMG_1158.jpg 900w\" data-src=\"https:\/\/infonewss.com\/wp-content\/uploads\/2023\/09\/Massape-vence-Padre-Marcos-por-3-\u00d7-1-em-placar-agregado-pela-II-Copa-AMVI-IMG_1158-300x200.jpg\" data-sizes=\"(max-width: 300px) 100vw, 300px\" \/><\/a><\/div>\n<\/figure>\n<figure class=\"gallery-item\">\n<div class=\"gallery-icon landscape\"><a href=\"https:\/\/infonewss.com\/wp-content\/uploads\/2023\/09\/Massape-vence-Padre-Marcos-por-3-%C3%97-1-em-placar-agregado-pela-II-Copa-AMVI-IMG_1159.jpg\"><img loading=\"lazy\" decoding=\"async\" class=\"attachment-medium size-medium lazyload\" src=\"data:image\/gif;base64,R0lGODlhAQABAAAAACH5BAEKAAEALAAAAAABAAEAAAICTAEAOw==\" alt=\"\" width=\"300\" height=\"200\" data-srcset=\"https:\/\/infonewss.com\/wp-content\/uploads\/2023\/09\/Massape-vence-Padre-Marcos-por-3-\u00d7-1-em-placar-agregado-pela-II-Copa-AMVI-IMG_1159-300x200.jpg 300w, https:\/\/infonewss.com\/wp-content\/uploads\/2023\/09\/Massape-vence-Padre-Marcos-por-3-\u00d7-1-em-placar-agregado-pela-II-Copa-AMVI-IMG_1159-768x512.jpg 768w, https:\/\/infonewss.com\/wp-content\/uploads\/2023\/09\/Massape-vence-Padre-Marcos-por-3-\u00d7-1-em-placar-agregado-pela-II-Copa-AMVI-IMG_1159-150x100.jpg 150w, https:\/\/infonewss.com\/wp-content\/uploads\/2023\/09\/Massape-vence-Padre-Marcos-por-3-\u00d7-1-em-placar-agregado-pela-II-Copa-AMVI-IMG_1159-696x464.jpg 696w, https:\/\/infonewss.com\/wp-content\/uploads\/2023\/09\/Massape-vence-Padre-Marcos-por-3-\u00d7-1-em-placar-agregado-pela-II-Copa-AMVI-IMG_1159.jpg 900w\" data-src=\"https:\/\/infonewss.com\/wp-content\/uploads\/2023\/09\/Massape-vence-Padre-Marcos-por-3-\u00d7-1-em-placar-agregado-pela-II-Copa-AMVI-IMG_1159-300x200.jpg\" data-sizes=\"(max-width: 300px) 100vw, 300px\" \/><\/a><\/div>\n<\/figure>\n<figure class=\"gallery-item\">\n<div class=\"gallery-icon landscape\"><a href=\"https:\/\/infonewss.com\/wp-content\/uploads\/2023\/09\/Massape-vence-Padre-Marcos-por-3-%C3%97-1-em-placar-agregado-pela-II-Copa-AMVI-IMG_1161.jpg\"><img loading=\"lazy\" decoding=\"async\" class=\"attachment-medium size-medium lazyload\" src=\"data:image\/gif;base64,R0lGODlhAQABAAAAACH5BAEKAAEALAAAAAABAAEAAAICTAEAOw==\" alt=\"\" width=\"300\" height=\"200\" data-srcset=\"https:\/\/infonewss.com\/wp-content\/uploads\/2023\/09\/Massape-vence-Padre-Marcos-por-3-\u00d7-1-em-placar-agregado-pela-II-Copa-AMVI-IMG_1161-300x200.jpg 300w, https:\/\/infonewss.com\/wp-content\/uploads\/2023\/09\/Massape-vence-Padre-Marcos-por-3-\u00d7-1-em-placar-agregado-pela-II-Copa-AMVI-IMG_1161-768x512.jpg 768w, https:\/\/infonewss.com\/wp-content\/uploads\/2023\/09\/Massape-vence-Padre-Marcos-por-3-\u00d7-1-em-placar-agregado-pela-II-Copa-AMVI-IMG_1161-150x100.jpg 150w, https:\/\/infonewss.com\/wp-content\/uploads\/2023\/09\/Massape-vence-Padre-Marcos-por-3-\u00d7-1-em-placar-agregado-pela-II-Copa-AMVI-IMG_1161-696x464.jpg 696w, https:\/\/infonewss.com\/wp-content\/uploads\/2023\/09\/Massape-vence-Padre-Marcos-por-3-\u00d7-1-em-placar-agregado-pela-II-Copa-AMVI-IMG_1161.jpg 900w\" data-src=\"https:\/\/infonewss.com\/wp-content\/uploads\/2023\/09\/Massape-vence-Padre-Marcos-por-3-\u00d7-1-em-placar-agregado-pela-II-Copa-AMVI-IMG_1161-300x200.jpg\" data-sizes=\"(max-width: 300px) 100vw, 300px\" \/><\/a><\/div>\n<\/figure>\n<figure class=\"gallery-item\">\n<div class=\"gallery-icon landscape\"><a href=\"https:\/\/infonewss.com\/wp-content\/uploads\/2023\/09\/Massape-vence-Padre-Marcos-por-3-%C3%97-1-em-placar-agregado-pela-II-Copa-AMVI-IMG_1163.jpg\"><img loading=\"lazy\" decoding=\"async\" class=\"attachment-medium size-medium lazyload\" src=\"data:image\/gif;base64,R0lGODlhAQABAAAAACH5BAEKAAEALAAAAAABAAEAAAICTAEAOw==\" alt=\"\" width=\"300\" height=\"200\" data-srcset=\"https:\/\/infonewss.com\/wp-content\/uploads\/2023\/09\/Massape-vence-Padre-Marcos-por-3-\u00d7-1-em-placar-agregado-pela-II-Copa-AMVI-IMG_1163-300x200.jpg 300w, https:\/\/infonewss.com\/wp-content\/uploads\/2023\/09\/Massape-vence-Padre-Marcos-por-3-\u00d7-1-em-placar-agregado-pela-II-Copa-AMVI-IMG_1163-768x512.jpg 768w, https:\/\/infonewss.com\/wp-content\/uploads\/2023\/09\/Massape-vence-Padre-Marcos-por-3-\u00d7-1-em-placar-agregado-pela-II-Copa-AMVI-IMG_1163-150x100.jpg 150w, https:\/\/infonewss.com\/wp-content\/uploads\/2023\/09\/Massape-vence-Padre-Marcos-por-3-\u00d7-1-em-placar-agregado-pela-II-Copa-AMVI-IMG_1163-696x464.jpg 696w, https:\/\/infonewss.com\/wp-content\/uploads\/2023\/09\/Massape-vence-Padre-Marcos-por-3-\u00d7-1-em-placar-agregado-pela-II-Copa-AMVI-IMG_1163.jpg 900w\" data-src=\"https:\/\/infonewss.com\/wp-content\/uploads\/2023\/09\/Massape-vence-Padre-Marcos-por-3-\u00d7-1-em-placar-agregado-pela-II-Copa-AMVI-IMG_1163-300x200.jpg\" data-sizes=\"(max-width: 300px) 100vw, 300px\" \/><\/a><\/div>\n<\/figure>\n<figure class=\"gallery-item\">\n<div class=\"gallery-icon portrait\"><a href=\"https:\/\/infonewss.com\/wp-content\/uploads\/2023\/09\/Massape-vence-Padre-Marcos-por-3-%C3%97-1-em-placar-agregado-pela-II-Copa-AMVI-IMG_1165.jpg\"><img loading=\"lazy\" decoding=\"async\" class=\"attachment-medium size-medium lazyload\" src=\"data:image\/gif;base64,R0lGODlhAQABAAAAACH5BAEKAAEALAAAAAABAAEAAAICTAEAOw==\" alt=\"\" width=\"200\" height=\"300\" data-srcset=\"https:\/\/infonewss.com\/wp-content\/uploads\/2023\/09\/Massape-vence-Padre-Marcos-por-3-\u00d7-1-em-placar-agregado-pela-II-Copa-AMVI-IMG_1165-200x300.jpg 200w, https:\/\/infonewss.com\/wp-content\/uploads\/2023\/09\/Massape-vence-Padre-Marcos-por-3-\u00d7-1-em-placar-agregado-pela-II-Copa-AMVI-IMG_1165-683x1024.jpg 683w, https:\/\/infonewss.com\/wp-content\/uploads\/2023\/09\/Massape-vence-Padre-Marcos-por-3-\u00d7-1-em-placar-agregado-pela-II-Copa-AMVI-IMG_1165-768x1152.jpg 768w, https:\/\/infonewss.com\/wp-content\/uploads\/2023\/09\/Massape-vence-Padre-Marcos-por-3-\u00d7-1-em-placar-agregado-pela-II-Copa-AMVI-IMG_1165-150x225.jpg 150w, https:\/\/infonewss.com\/wp-content\/uploads\/2023\/09\/Massape-vence-Padre-Marcos-por-3-\u00d7-1-em-placar-agregado-pela-II-Copa-AMVI-IMG_1165-300x450.jpg 300w, https:\/\/infonewss.com\/wp-content\/uploads\/2023\/09\/Massape-vence-Padre-Marcos-por-3-\u00d7-1-em-placar-agregado-pela-II-Copa-AMVI-IMG_1165-696x1044.jpg 696w, https:\/\/infonewss.com\/wp-content\/uploads\/2023\/09\/Massape-vence-Padre-Marcos-por-3-\u00d7-1-em-placar-agregado-pela-II-Copa-AMVI-IMG_1165.jpg 900w\" data-src=\"https:\/\/infonewss.com\/wp-content\/uploads\/2023\/09\/Massape-vence-Padre-Marcos-por-3-\u00d7-1-em-placar-agregado-pela-II-Copa-AMVI-IMG_1165-200x300.jpg\" data-sizes=\"(max-width: 200px) 100vw, 200px\" \/><\/a><\/div>\n<\/figure>\n<figure class=\"gallery-item\">\n<div class=\"gallery-icon landscape\"><a href=\"https:\/\/infonewss.com\/wp-content\/uploads\/2023\/09\/Massape-vence-Padre-Marcos-por-3-%C3%97-1-em-placar-agregado-pela-II-Copa-AMVI-IMG_1169.jpg\"><img loading=\"lazy\" decoding=\"async\" class=\"attachment-medium size-medium lazyload\" src=\"data:image\/gif;base64,R0lGODlhAQABAAAAACH5BAEKAAEALAAAAAABAAEAAAICTAEAOw==\" alt=\"\" width=\"300\" height=\"200\" data-srcset=\"https:\/\/infonewss.com\/wp-content\/uploads\/2023\/09\/Massape-vence-Padre-Marcos-por-3-\u00d7-1-em-placar-agregado-pela-II-Copa-AMVI-IMG_1169-300x200.jpg 300w, https:\/\/infonewss.com\/wp-content\/uploads\/2023\/09\/Massape-vence-Padre-Marcos-por-3-\u00d7-1-em-placar-agregado-pela-II-Copa-AMVI-IMG_1169-768x512.jpg 768w, https:\/\/infonewss.com\/wp-content\/uploads\/2023\/09\/Massape-vence-Padre-Marcos-por-3-\u00d7-1-em-placar-agregado-pela-II-Copa-AMVI-IMG_1169-150x100.jpg 150w, https:\/\/infonewss.com\/wp-content\/uploads\/2023\/09\/Massape-vence-Padre-Marcos-por-3-\u00d7-1-em-placar-agregado-pela-II-Copa-AMVI-IMG_1169-696x464.jpg 696w, https:\/\/infonewss.com\/wp-content\/uploads\/2023\/09\/Massape-vence-Padre-Marcos-por-3-\u00d7-1-em-placar-agregado-pela-II-Copa-AMVI-IMG_1169.jpg 900w\" data-src=\"https:\/\/infonewss.com\/wp-content\/uploads\/2023\/09\/Massape-vence-Padre-Marcos-por-3-\u00d7-1-em-placar-agregado-pela-II-Copa-AMVI-IMG_1169-300x200.jpg\" data-sizes=\"(max-width: 300px) 100vw, 300px\" \/><\/a><\/div>\n<\/figure>\n<figure class=\"gallery-item\">\n<div class=\"gallery-icon landscape\"><a href=\"https:\/\/infonewss.com\/wp-content\/uploads\/2023\/09\/Massape-vence-Padre-Marcos-por-3-%C3%97-1-em-placar-agregado-pela-II-Copa-AMVI-IMG_1171.jpg\"><img loading=\"lazy\" decoding=\"async\" class=\"attachment-medium size-medium lazyload\" src=\"data:image\/gif;base64,R0lGODlhAQABAAAAACH5BAEKAAEALAAAAAABAAEAAAICTAEAOw==\" alt=\"\" width=\"300\" height=\"200\" data-srcset=\"https:\/\/infonewss.com\/wp-content\/uploads\/2023\/09\/Massape-vence-Padre-Marcos-por-3-\u00d7-1-em-placar-agregado-pela-II-Copa-AMVI-IMG_1171-300x200.jpg 300w, https:\/\/infonewss.com\/wp-content\/uploads\/2023\/09\/Massape-vence-Padre-Marcos-por-3-\u00d7-1-em-placar-agregado-pela-II-Copa-AMVI-IMG_1171-768x512.jpg 768w, https:\/\/infonewss.com\/wp-content\/uploads\/2023\/09\/Massape-vence-Padre-Marcos-por-3-\u00d7-1-em-placar-agregado-pela-II-Copa-AMVI-IMG_1171-150x100.jpg 150w, https:\/\/infonewss.com\/wp-content\/uploads\/2023\/09\/Massape-vence-Padre-Marcos-por-3-\u00d7-1-em-placar-agregado-pela-II-Copa-AMVI-IMG_1171-696x464.jpg 696w, https:\/\/infonewss.com\/wp-content\/uploads\/2023\/09\/Massape-vence-Padre-Marcos-por-3-\u00d7-1-em-placar-agregado-pela-II-Copa-AMVI-IMG_1171.jpg 900w\" data-src=\"https:\/\/infonewss.com\/wp-content\/uploads\/2023\/09\/Massape-vence-Padre-Marcos-por-3-\u00d7-1-em-placar-agregado-pela-II-Copa-AMVI-IMG_1171-300x200.jpg\" data-sizes=\"(max-width: 300px) 100vw, 300px\" \/><\/a><\/div>\n<\/figure>\n<figure class=\"gallery-item\">\n<div class=\"gallery-icon landscape\"><a href=\"https:\/\/infonewss.com\/wp-content\/uploads\/2023\/09\/Massape-vence-Padre-Marcos-por-3-%C3%97-1-em-placar-agregado-pela-II-Copa-AMVI-IMG_1173.jpg\"><img loading=\"lazy\" decoding=\"async\" class=\"attachment-medium size-medium lazyload\" src=\"data:image\/gif;base64,R0lGODlhAQABAAAAACH5BAEKAAEALAAAAAABAAEAAAICTAEAOw==\" alt=\"\" width=\"300\" height=\"200\" data-srcset=\"https:\/\/infonewss.com\/wp-content\/uploads\/2023\/09\/Massape-vence-Padre-Marcos-por-3-\u00d7-1-em-placar-agregado-pela-II-Copa-AMVI-IMG_1173-300x200.jpg 300w, https:\/\/infonewss.com\/wp-content\/uploads\/2023\/09\/Massape-vence-Padre-Marcos-por-3-\u00d7-1-em-placar-agregado-pela-II-Copa-AMVI-IMG_1173-768x512.jpg 768w, https:\/\/infonewss.com\/wp-content\/uploads\/2023\/09\/Massape-vence-Padre-Marcos-por-3-\u00d7-1-em-placar-agregado-pela-II-Copa-AMVI-IMG_1173-150x100.jpg 150w, https:\/\/infonewss.com\/wp-content\/uploads\/2023\/09\/Massape-vence-Padre-Marcos-por-3-\u00d7-1-em-placar-agregado-pela-II-Copa-AMVI-IMG_1173-696x464.jpg 696w, https:\/\/infonewss.com\/wp-content\/uploads\/2023\/09\/Massape-vence-Padre-Marcos-por-3-\u00d7-1-em-placar-agregado-pela-II-Copa-AMVI-IMG_1173.jpg 900w\" data-src=\"https:\/\/infonewss.com\/wp-content\/uploads\/2023\/09\/Massape-vence-Padre-Marcos-por-3-\u00d7-1-em-placar-agregado-pela-II-Copa-AMVI-IMG_1173-300x200.jpg\" data-sizes=\"(max-width: 300px) 100vw, 300px\" \/><\/a><\/div>\n<\/figure>\n<figure class=\"gallery-item\">\n<div class=\"gallery-icon landscape\"><a href=\"https:\/\/infonewss.com\/wp-content\/uploads\/2023\/09\/Massape-vence-Padre-Marcos-por-3-%C3%97-1-em-placar-agregado-pela-II-Copa-AMVI-IMG_1174.jpg\"><img loading=\"lazy\" decoding=\"async\" class=\"attachment-medium size-medium lazyload\" src=\"data:image\/gif;base64,R0lGODlhAQABAAAAACH5BAEKAAEALAAAAAABAAEAAAICTAEAOw==\" alt=\"\" width=\"300\" height=\"200\" data-srcset=\"https:\/\/infonewss.com\/wp-content\/uploads\/2023\/09\/Massape-vence-Padre-Marcos-por-3-\u00d7-1-em-placar-agregado-pela-II-Copa-AMVI-IMG_1174-300x200.jpg 300w, https:\/\/infonewss.com\/wp-content\/uploads\/2023\/09\/Massape-vence-Padre-Marcos-por-3-\u00d7-1-em-placar-agregado-pela-II-Copa-AMVI-IMG_1174-768x512.jpg 768w, https:\/\/infonewss.com\/wp-content\/uploads\/2023\/09\/Massape-vence-Padre-Marcos-por-3-\u00d7-1-em-placar-agregado-pela-II-Copa-AMVI-IMG_1174-150x100.jpg 150w, https:\/\/infonewss.com\/wp-content\/uploads\/2023\/09\/Massape-vence-Padre-Marcos-por-3-\u00d7-1-em-placar-agregado-pela-II-Copa-AMVI-IMG_1174-696x464.jpg 696w, https:\/\/infonewss.com\/wp-content\/uploads\/2023\/09\/Massape-vence-Padre-Marcos-por-3-\u00d7-1-em-placar-agregado-pela-II-Copa-AMVI-IMG_1174.jpg 900w\" data-src=\"https:\/\/infonewss.com\/wp-content\/uploads\/2023\/09\/Massape-vence-Padre-Marcos-por-3-\u00d7-1-em-placar-agregado-pela-II-Copa-AMVI-IMG_1174-300x200.jpg\" data-sizes=\"(max-width: 300px) 100vw, 300px\" \/><\/a><\/div>\n<\/figure>\n<figure class=\"gallery-item\">\n<div class=\"gallery-icon landscape\"><a href=\"https:\/\/infonewss.com\/wp-content\/uploads\/2023\/09\/Massape-vence-Padre-Marcos-por-3-%C3%97-1-em-placar-agregado-pela-II-Copa-AMVI-IMG_1177.jpg\"><img loading=\"lazy\" decoding=\"async\" class=\"attachment-medium size-medium lazyload\" src=\"data:image\/gif;base64,R0lGODlhAQABAAAAACH5BAEKAAEALAAAAAABAAEAAAICTAEAOw==\" alt=\"\" width=\"300\" height=\"200\" data-srcset=\"https:\/\/infonewss.com\/wp-content\/uploads\/2023\/09\/Massape-vence-Padre-Marcos-por-3-\u00d7-1-em-placar-agregado-pela-II-Copa-AMVI-IMG_1177-300x200.jpg 300w, https:\/\/infonewss.com\/wp-content\/uploads\/2023\/09\/Massape-vence-Padre-Marcos-por-3-\u00d7-1-em-placar-agregado-pela-II-Copa-AMVI-IMG_1177-768x512.jpg 768w, https:\/\/infonewss.com\/wp-content\/uploads\/2023\/09\/Massape-vence-Padre-Marcos-por-3-\u00d7-1-em-placar-agregado-pela-II-Copa-AMVI-IMG_1177-150x100.jpg 150w, https:\/\/infonewss.com\/wp-content\/uploads\/2023\/09\/Massape-vence-Padre-Marcos-por-3-\u00d7-1-em-placar-agregado-pela-II-Copa-AMVI-IMG_1177-696x464.jpg 696w, https:\/\/infonewss.com\/wp-content\/uploads\/2023\/09\/Massape-vence-Padre-Marcos-por-3-\u00d7-1-em-placar-agregado-pela-II-Copa-AMVI-IMG_1177.jpg 900w\" data-src=\"https:\/\/infonewss.com\/wp-content\/uploads\/2023\/09\/Massape-vence-Padre-Marcos-por-3-\u00d7-1-em-placar-agregado-pela-II-Copa-AMVI-IMG_1177-300x200.jpg\" data-sizes=\"(max-width: 300px) 100vw, 300px\" \/><\/a><\/div>\n<\/figure>\n<figure class=\"gallery-item\">\n<div class=\"gallery-icon landscape\"><a href=\"https:\/\/infonewss.com\/wp-content\/uploads\/2023\/09\/Massape-vence-Padre-Marcos-por-3-%C3%97-1-em-placar-agregado-pela-II-Copa-AMVI-IMG_1179.jpg\"><img loading=\"lazy\" decoding=\"async\" class=\"attachment-medium size-medium lazyload\" src=\"data:image\/gif;base64,R0lGODlhAQABAAAAACH5BAEKAAEALAAAAAABAAEAAAICTAEAOw==\" alt=\"\" width=\"300\" height=\"200\" data-srcset=\"https:\/\/infonewss.com\/wp-content\/uploads\/2023\/09\/Massape-vence-Padre-Marcos-por-3-\u00d7-1-em-placar-agregado-pela-II-Copa-AMVI-IMG_1179-300x200.jpg 300w, https:\/\/infonewss.com\/wp-content\/uploads\/2023\/09\/Massape-vence-Padre-Marcos-por-3-\u00d7-1-em-placar-agregado-pela-II-Copa-AMVI-IMG_1179-768x512.jpg 768w, https:\/\/infonewss.com\/wp-content\/uploads\/2023\/09\/Massape-vence-Padre-Marcos-por-3-\u00d7-1-em-placar-agregado-pela-II-Copa-AMVI-IMG_1179-150x100.jpg 150w, https:\/\/infonewss.com\/wp-content\/uploads\/2023\/09\/Massape-vence-Padre-Marcos-por-3-\u00d7-1-em-placar-agregado-pela-II-Copa-AMVI-IMG_1179-696x464.jpg 696w, https:\/\/infonewss.com\/wp-content\/uploads\/2023\/09\/Massape-vence-Padre-Marcos-por-3-\u00d7-1-em-placar-agregado-pela-II-Copa-AMVI-IMG_1179.jpg 900w\" data-src=\"https:\/\/infonewss.com\/wp-content\/uploads\/2023\/09\/Massape-vence-Padre-Marcos-por-3-\u00d7-1-em-placar-agregado-pela-II-Copa-AMVI-IMG_1179-300x200.jpg\" data-sizes=\"(max-width: 300px) 100vw, 300px\" \/><\/a><\/div>\n<\/figure>\n<figure class=\"gallery-item\">\n<div class=\"gallery-icon landscape\"><a href=\"https:\/\/infonewss.com\/wp-content\/uploads\/2023\/09\/Massape-vence-Padre-Marcos-por-3-%C3%97-1-em-placar-agregado-pela-II-Copa-AMVI-IMG_1180.jpg\"><img loading=\"lazy\" decoding=\"async\" class=\"attachment-medium size-medium lazyload\" src=\"data:image\/gif;base64,R0lGODlhAQABAAAAACH5BAEKAAEALAAAAAABAAEAAAICTAEAOw==\" alt=\"\" width=\"300\" height=\"200\" data-srcset=\"https:\/\/infonewss.com\/wp-content\/uploads\/2023\/09\/Massape-vence-Padre-Marcos-por-3-\u00d7-1-em-placar-agregado-pela-II-Copa-AMVI-IMG_1180-300x200.jpg 300w, https:\/\/infonewss.com\/wp-content\/uploads\/2023\/09\/Massape-vence-Padre-Marcos-por-3-\u00d7-1-em-placar-agregado-pela-II-Copa-AMVI-IMG_1180-768x512.jpg 768w, https:\/\/infonewss.com\/wp-content\/uploads\/2023\/09\/Massape-vence-Padre-Marcos-por-3-\u00d7-1-em-placar-agregado-pela-II-Copa-AMVI-IMG_1180-150x100.jpg 150w, https:\/\/infonewss.com\/wp-content\/uploads\/2023\/09\/Massape-vence-Padre-Marcos-por-3-\u00d7-1-em-placar-agregado-pela-II-Copa-AMVI-IMG_1180-696x464.jpg 696w, https:\/\/infonewss.com\/wp-content\/uploads\/2023\/09\/Massape-vence-Padre-Marcos-por-3-\u00d7-1-em-placar-agregado-pela-II-Copa-AMVI-IMG_1180.jpg 900w\" data-src=\"https:\/\/infonewss.com\/wp-content\/uploads\/2023\/09\/Massape-vence-Padre-Marcos-por-3-\u00d7-1-em-placar-agregado-pela-II-Copa-AMVI-IMG_1180-300x200.jpg\" data-sizes=\"(max-width: 300px) 100vw, 300px\" \/><\/a><\/div>\n<\/figure>\n<figure class=\"gallery-item\">\n<div class=\"gallery-icon landscape\"><a href=\"https:\/\/infonewss.com\/wp-content\/uploads\/2023\/09\/Massape-vence-Padre-Marcos-por-3-%C3%97-1-em-placar-agregado-pela-II-Copa-AMVI-IMG_1184.jpg\"><img loading=\"lazy\" decoding=\"async\" class=\"attachment-medium size-medium lazyload\" src=\"data:image\/gif;base64,R0lGODlhAQABAAAAACH5BAEKAAEALAAAAAABAAEAAAICTAEAOw==\" alt=\"\" width=\"300\" height=\"200\" data-srcset=\"https:\/\/infonewss.com\/wp-content\/uploads\/2023\/09\/Massape-vence-Padre-Marcos-por-3-\u00d7-1-em-placar-agregado-pela-II-Copa-AMVI-IMG_1184-300x200.jpg 300w, https:\/\/infonewss.com\/wp-content\/uploads\/2023\/09\/Massape-vence-Padre-Marcos-por-3-\u00d7-1-em-placar-agregado-pela-II-Copa-AMVI-IMG_1184-768x512.jpg 768w, https:\/\/infonewss.com\/wp-content\/uploads\/2023\/09\/Massape-vence-Padre-Marcos-por-3-\u00d7-1-em-placar-agregado-pela-II-Copa-AMVI-IMG_1184-150x100.jpg 150w, https:\/\/infonewss.com\/wp-content\/uploads\/2023\/09\/Massape-vence-Padre-Marcos-por-3-\u00d7-1-em-placar-agregado-pela-II-Copa-AMVI-IMG_1184-696x464.jpg 696w, https:\/\/infonewss.com\/wp-content\/uploads\/2023\/09\/Massape-vence-Padre-Marcos-por-3-\u00d7-1-em-placar-agregado-pela-II-Copa-AMVI-IMG_1184.jpg 900w\" data-src=\"https:\/\/infonewss.com\/wp-content\/uploads\/2023\/09\/Massape-vence-Padre-Marcos-por-3-\u00d7-1-em-placar-agregado-pela-II-Copa-AMVI-IMG_1184-300x200.jpg\" data-sizes=\"(max-width: 300px) 100vw, 300px\" \/><\/a><\/div>\n<\/figure>\n<figure class=\"gallery-item\">\n<div class=\"gallery-icon landscape\"><a href=\"https:\/\/infonewss.com\/wp-content\/uploads\/2023\/09\/Massape-vence-Padre-Marcos-por-3-%C3%97-1-em-placar-agregado-pela-II-Copa-AMVI-IMG_1185.jpg\"><img loading=\"lazy\" decoding=\"async\" class=\"attachment-medium size-medium lazyload\" src=\"data:image\/gif;base64,R0lGODlhAQABAAAAACH5BAEKAAEALAAAAAABAAEAAAICTAEAOw==\" alt=\"\" width=\"300\" height=\"200\" data-srcset=\"https:\/\/infonewss.com\/wp-content\/uploads\/2023\/09\/Massape-vence-Padre-Marcos-por-3-\u00d7-1-em-placar-agregado-pela-II-Copa-AMVI-IMG_1185-300x200.jpg 300w, https:\/\/infonewss.com\/wp-content\/uploads\/2023\/09\/Massape-vence-Padre-Marcos-por-3-\u00d7-1-em-placar-agregado-pela-II-Copa-AMVI-IMG_1185-768x512.jpg 768w, https:\/\/infonewss.com\/wp-content\/uploads\/2023\/09\/Massape-vence-Padre-Marcos-por-3-\u00d7-1-em-placar-agregado-pela-II-Copa-AMVI-IMG_1185-150x100.jpg 150w, https:\/\/infonewss.com\/wp-content\/uploads\/2023\/09\/Massape-vence-Padre-Marcos-por-3-\u00d7-1-em-placar-agregado-pela-II-Copa-AMVI-IMG_1185-696x464.jpg 696w, https:\/\/infonewss.com\/wp-content\/uploads\/2023\/09\/Massape-vence-Padre-Marcos-por-3-\u00d7-1-em-placar-agregado-pela-II-Copa-AMVI-IMG_1185.jpg 900w\" data-src=\"https:\/\/infonewss.com\/wp-content\/uploads\/2023\/09\/Massape-vence-Padre-Marcos-por-3-\u00d7-1-em-placar-agregado-pela-II-Copa-AMVI-IMG_1185-300x200.jpg\" data-sizes=\"(max-width: 300px) 100vw, 300px\" \/><\/a><\/div>\n<\/figure>\n<figure class=\"gallery-item\">\n<div class=\"gallery-icon landscape\"><a href=\"https:\/\/infonewss.com\/wp-content\/uploads\/2023\/09\/Massape-vence-Padre-Marcos-por-3-%C3%97-1-em-placar-agregado-pela-II-Copa-AMVI-IMG_1186.jpg\"><img loading=\"lazy\" decoding=\"async\" class=\"attachment-medium size-medium lazyload\" src=\"data:image\/gif;base64,R0lGODlhAQABAAAAACH5BAEKAAEALAAAAAABAAEAAAICTAEAOw==\" alt=\"\" width=\"300\" height=\"200\" data-srcset=\"https:\/\/infonewss.com\/wp-content\/uploads\/2023\/09\/Massape-vence-Padre-Marcos-por-3-\u00d7-1-em-placar-agregado-pela-II-Copa-AMVI-IMG_1186-300x200.jpg 300w, https:\/\/infonewss.com\/wp-content\/uploads\/2023\/09\/Massape-vence-Padre-Marcos-por-3-\u00d7-1-em-placar-agregado-pela-II-Copa-AMVI-IMG_1186-768x512.jpg 768w, https:\/\/infonewss.com\/wp-content\/uploads\/2023\/09\/Massape-vence-Padre-Marcos-por-3-\u00d7-1-em-placar-agregado-pela-II-Copa-AMVI-IMG_1186-150x100.jpg 150w, https:\/\/infonewss.com\/wp-content\/uploads\/2023\/09\/Massape-vence-Padre-Marcos-por-3-\u00d7-1-em-placar-agregado-pela-II-Copa-AMVI-IMG_1186-696x464.jpg 696w, https:\/\/infonewss.com\/wp-content\/uploads\/2023\/09\/Massape-vence-Padre-Marcos-por-3-\u00d7-1-em-placar-agregado-pela-II-Copa-AMVI-IMG_1186.jpg 900w\" data-src=\"https:\/\/infonewss.com\/wp-content\/uploads\/2023\/09\/Massape-vence-Padre-Marcos-por-3-\u00d7-1-em-placar-agregado-pela-II-Copa-AMVI-IMG_1186-300x200.jpg\" data-sizes=\"(max-width: 300px) 100vw, 300px\" \/><\/a><\/div>\n<\/figure>\n<figure class=\"gallery-item\">\n<div class=\"gallery-icon landscape\"><a href=\"https:\/\/infonewss.com\/wp-content\/uploads\/2023\/09\/Massape-vence-Padre-Marcos-por-3-%C3%97-1-em-placar-agregado-pela-II-Copa-AMVI-IMG_1187.jpg\"><img loading=\"lazy\" decoding=\"async\" class=\"attachment-medium size-medium lazyload\" src=\"data:image\/gif;base64,R0lGODlhAQABAAAAACH5BAEKAAEALAAAAAABAAEAAAICTAEAOw==\" alt=\"\" width=\"300\" height=\"200\" data-srcset=\"https:\/\/infonewss.com\/wp-content\/uploads\/2023\/09\/Massape-vence-Padre-Marcos-por-3-\u00d7-1-em-placar-agregado-pela-II-Copa-AMVI-IMG_1187-300x200.jpg 300w, https:\/\/infonewss.com\/wp-content\/uploads\/2023\/09\/Massape-vence-Padre-Marcos-por-3-\u00d7-1-em-placar-agregado-pela-II-Copa-AMVI-IMG_1187-768x512.jpg 768w, https:\/\/infonewss.com\/wp-content\/uploads\/2023\/09\/Massape-vence-Padre-Marcos-por-3-\u00d7-1-em-placar-agregado-pela-II-Copa-AMVI-IMG_1187-150x100.jpg 150w, https:\/\/infonewss.com\/wp-content\/uploads\/2023\/09\/Massape-vence-Padre-Marcos-por-3-\u00d7-1-em-placar-agregado-pela-II-Copa-AMVI-IMG_1187-696x464.jpg 696w, https:\/\/infonewss.com\/wp-content\/uploads\/2023\/09\/Massape-vence-Padre-Marcos-por-3-\u00d7-1-em-placar-agregado-pela-II-Copa-AMVI-IMG_1187.jpg 900w\" data-src=\"https:\/\/infonewss.com\/wp-content\/uploads\/2023\/09\/Massape-vence-Padre-Marcos-por-3-\u00d7-1-em-placar-agregado-pela-II-Copa-AMVI-IMG_1187-300x200.jpg\" data-sizes=\"(max-width: 300px) 100vw, 300px\" \/><\/a><\/div>\n<\/figure>\n<figure class=\"gallery-item\">\n<div class=\"gallery-icon landscape\"><a href=\"https:\/\/infonewss.com\/wp-content\/uploads\/2023\/09\/Massape-vence-Padre-Marcos-por-3-%C3%97-1-em-placar-agregado-pela-II-Copa-AMVI-IMG_1188.jpg\"><img loading=\"lazy\" decoding=\"async\" class=\"attachment-medium size-medium lazyload\" src=\"data:image\/gif;base64,R0lGODlhAQABAAAAACH5BAEKAAEALAAAAAABAAEAAAICTAEAOw==\" alt=\"\" width=\"300\" height=\"200\" data-srcset=\"https:\/\/infonewss.com\/wp-content\/uploads\/2023\/09\/Massape-vence-Padre-Marcos-por-3-\u00d7-1-em-placar-agregado-pela-II-Copa-AMVI-IMG_1188-300x200.jpg 300w, https:\/\/infonewss.com\/wp-content\/uploads\/2023\/09\/Massape-vence-Padre-Marcos-por-3-\u00d7-1-em-placar-agregado-pela-II-Copa-AMVI-IMG_1188-768x512.jpg 768w, https:\/\/infonewss.com\/wp-content\/uploads\/2023\/09\/Massape-vence-Padre-Marcos-por-3-\u00d7-1-em-placar-agregado-pela-II-Copa-AMVI-IMG_1188-150x100.jpg 150w, https:\/\/infonewss.com\/wp-content\/uploads\/2023\/09\/Massape-vence-Padre-Marcos-por-3-\u00d7-1-em-placar-agregado-pela-II-Copa-AMVI-IMG_1188-696x464.jpg 696w, https:\/\/infonewss.com\/wp-content\/uploads\/2023\/09\/Massape-vence-Padre-Marcos-por-3-\u00d7-1-em-placar-agregado-pela-II-Copa-AMVI-IMG_1188.jpg 900w\" data-src=\"https:\/\/infonewss.com\/wp-content\/uploads\/2023\/09\/Massape-vence-Padre-Marcos-por-3-\u00d7-1-em-placar-agregado-pela-II-Copa-AMVI-IMG_1188-300x200.jpg\" data-sizes=\"(max-width: 300px) 100vw, 300px\" \/><\/a><\/div>\n<\/figure>\n<figure class=\"gallery-item\">\n<div class=\"gallery-icon portrait\"><a href=\"https:\/\/infonewss.com\/wp-content\/uploads\/2023\/09\/Massape-vence-Padre-Marcos-por-3-%C3%97-1-em-placar-agregado-pela-II-Copa-AMVI-IMG_1189.jpg\"><img loading=\"lazy\" decoding=\"async\" class=\"attachment-medium size-medium lazyload\" src=\"data:image\/gif;base64,R0lGODlhAQABAAAAACH5BAEKAAEALAAAAAABAAEAAAICTAEAOw==\" alt=\"\" width=\"200\" height=\"300\" data-srcset=\"https:\/\/infonewss.com\/wp-content\/uploads\/2023\/09\/Massape-vence-Padre-Marcos-por-3-\u00d7-1-em-placar-agregado-pela-II-Copa-AMVI-IMG_1189-200x300.jpg 200w, https:\/\/infonewss.com\/wp-content\/uploads\/2023\/09\/Massape-vence-Padre-Marcos-por-3-\u00d7-1-em-placar-agregado-pela-II-Copa-AMVI-IMG_1189-683x1024.jpg 683w, https:\/\/infonewss.com\/wp-content\/uploads\/2023\/09\/Massape-vence-Padre-Marcos-por-3-\u00d7-1-em-placar-agregado-pela-II-Copa-AMVI-IMG_1189-768x1152.jpg 768w, https:\/\/infonewss.com\/wp-content\/uploads\/2023\/09\/Massape-vence-Padre-Marcos-por-3-\u00d7-1-em-placar-agregado-pela-II-Copa-AMVI-IMG_1189-150x225.jpg 150w, https:\/\/infonewss.com\/wp-content\/uploads\/2023\/09\/Massape-vence-Padre-Marcos-por-3-\u00d7-1-em-placar-agregado-pela-II-Copa-AMVI-IMG_1189-300x450.jpg 300w, https:\/\/infonewss.com\/wp-content\/uploads\/2023\/09\/Massape-vence-Padre-Marcos-por-3-\u00d7-1-em-placar-agregado-pela-II-Copa-AMVI-IMG_1189-696x1044.jpg 696w, https:\/\/infonewss.com\/wp-content\/uploads\/2023\/09\/Massape-vence-Padre-Marcos-por-3-\u00d7-1-em-placar-agregado-pela-II-Copa-AMVI-IMG_1189.jpg 900w\" data-src=\"https:\/\/infonewss.com\/wp-content\/uploads\/2023\/09\/Massape-vence-Padre-Marcos-por-3-\u00d7-1-em-placar-agregado-pela-II-Copa-AMVI-IMG_1189-200x300.jpg\" data-sizes=\"(max-width: 200px) 100vw, 200px\" \/><\/a><\/div>\n<\/figure>\n<figure class=\"gallery-item\">\n<div class=\"gallery-icon portrait\"><a href=\"https:\/\/infonewss.com\/wp-content\/uploads\/2023\/09\/Massape-vence-Padre-Marcos-por-3-%C3%97-1-em-placar-agregado-pela-II-Copa-AMVI-IMG_1190.jpg\"><img loading=\"lazy\" decoding=\"async\" class=\"attachment-medium size-medium lazyload\" src=\"data:image\/gif;base64,R0lGODlhAQABAAAAACH5BAEKAAEALAAAAAABAAEAAAICTAEAOw==\" alt=\"\" width=\"200\" height=\"300\" data-srcset=\"https:\/\/infonewss.com\/wp-content\/uploads\/2023\/09\/Massape-vence-Padre-Marcos-por-3-\u00d7-1-em-placar-agregado-pela-II-Copa-AMVI-IMG_1190-200x300.jpg 200w, https:\/\/infonewss.com\/wp-content\/uploads\/2023\/09\/Massape-vence-Padre-Marcos-por-3-\u00d7-1-em-placar-agregado-pela-II-Copa-AMVI-IMG_1190-683x1024.jpg 683w, https:\/\/infonewss.com\/wp-content\/uploads\/2023\/09\/Massape-vence-Padre-Marcos-por-3-\u00d7-1-em-placar-agregado-pela-II-Copa-AMVI-IMG_1190-768x1152.jpg 768w, https:\/\/infonewss.com\/wp-content\/uploads\/2023\/09\/Massape-vence-Padre-Marcos-por-3-\u00d7-1-em-placar-agregado-pela-II-Copa-AMVI-IMG_1190-150x225.jpg 150w, https:\/\/infonewss.com\/wp-content\/uploads\/2023\/09\/Massape-vence-Padre-Marcos-por-3-\u00d7-1-em-placar-agregado-pela-II-Copa-AMVI-IMG_1190-300x450.jpg 300w, https:\/\/infonewss.com\/wp-content\/uploads\/2023\/09\/Massape-vence-Padre-Marcos-por-3-\u00d7-1-em-placar-agregado-pela-II-Copa-AMVI-IMG_1190-696x1044.jpg 696w, https:\/\/infonewss.com\/wp-content\/uploads\/2023\/09\/Massape-vence-Padre-Marcos-por-3-\u00d7-1-em-placar-agregado-pela-II-Copa-AMVI-IMG_1190.jpg 900w\" data-src=\"https:\/\/infonewss.com\/wp-content\/uploads\/2023\/09\/Massape-vence-Padre-Marcos-por-3-\u00d7-1-em-placar-agregado-pela-II-Copa-AMVI-IMG_1190-200x300.jpg\" data-sizes=\"(max-width: 200px) 100vw, 200px\" \/><\/a><\/div>\n<\/figure>\n<figure class=\"gallery-item\">\n<div class=\"gallery-icon landscape\"><a href=\"https:\/\/infonewss.com\/wp-content\/uploads\/2023\/09\/Massape-vence-Padre-Marcos-por-3-%C3%97-1-em-placar-agregado-pela-II-Copa-AMVI-IMG_1192.jpg\"><img loading=\"lazy\" decoding=\"async\" class=\"attachment-medium size-medium lazyload\" src=\"data:image\/gif;base64,R0lGODlhAQABAAAAACH5BAEKAAEALAAAAAABAAEAAAICTAEAOw==\" alt=\"\" width=\"300\" height=\"200\" data-srcset=\"https:\/\/infonewss.com\/wp-content\/uploads\/2023\/09\/Massape-vence-Padre-Marcos-por-3-\u00d7-1-em-placar-agregado-pela-II-Copa-AMVI-IMG_1192-300x200.jpg 300w, https:\/\/infonewss.com\/wp-content\/uploads\/2023\/09\/Massape-vence-Padre-Marcos-por-3-\u00d7-1-em-placar-agregado-pela-II-Copa-AMVI-IMG_1192-768x512.jpg 768w, https:\/\/infonewss.com\/wp-content\/uploads\/2023\/09\/Massape-vence-Padre-Marcos-por-3-\u00d7-1-em-placar-agregado-pela-II-Copa-AMVI-IMG_1192-150x100.jpg 150w, https:\/\/infonewss.com\/wp-content\/uploads\/2023\/09\/Massape-vence-Padre-Marcos-por-3-\u00d7-1-em-placar-agregado-pela-II-Copa-AMVI-IMG_1192-696x464.jpg 696w, https:\/\/infonewss.com\/wp-content\/uploads\/2023\/09\/Massape-vence-Padre-Marcos-por-3-\u00d7-1-em-placar-agregado-pela-II-Copa-AMVI-IMG_1192.jpg 900w\" data-src=\"https:\/\/infonewss.com\/wp-content\/uploads\/2023\/09\/Massape-vence-Padre-Marcos-por-3-\u00d7-1-em-placar-agregado-pela-II-Copa-AMVI-IMG_1192-300x200.jpg\" data-sizes=\"(max-width: 300px) 100vw, 300px\" \/><\/a><\/div>\n<\/figure>\n<figure class=\"gallery-item\">\n<div class=\"gallery-icon landscape\"><a href=\"https:\/\/infonewss.com\/wp-content\/uploads\/2023\/09\/Massape-vence-Padre-Marcos-por-3-%C3%97-1-em-placar-agregado-pela-II-Copa-AMVI-IMG_1194.jpg\"><img loading=\"lazy\" decoding=\"async\" class=\"attachment-medium size-medium lazyload\" src=\"data:image\/gif;base64,R0lGODlhAQABAAAAACH5BAEKAAEALAAAAAABAAEAAAICTAEAOw==\" alt=\"\" width=\"300\" height=\"200\" data-srcset=\"https:\/\/infonewss.com\/wp-content\/uploads\/2023\/09\/Massape-vence-Padre-Marcos-por-3-\u00d7-1-em-placar-agregado-pela-II-Copa-AMVI-IMG_1194-300x200.jpg 300w, https:\/\/infonewss.com\/wp-content\/uploads\/2023\/09\/Massape-vence-Padre-Marcos-por-3-\u00d7-1-em-placar-agregado-pela-II-Copa-AMVI-IMG_1194-768x512.jpg 768w, https:\/\/infonewss.com\/wp-content\/uploads\/2023\/09\/Massape-vence-Padre-Marcos-por-3-\u00d7-1-em-placar-agregado-pela-II-Copa-AMVI-IMG_1194-150x100.jpg 150w, https:\/\/infonewss.com\/wp-content\/uploads\/2023\/09\/Massape-vence-Padre-Marcos-por-3-\u00d7-1-em-placar-agregado-pela-II-Copa-AMVI-IMG_1194-696x464.jpg 696w, https:\/\/infonewss.com\/wp-content\/uploads\/2023\/09\/Massape-vence-Padre-Marcos-por-3-\u00d7-1-em-placar-agregado-pela-II-Copa-AMVI-IMG_1194.jpg 900w\" data-src=\"https:\/\/infonewss.com\/wp-content\/uploads\/2023\/09\/Massape-vence-Padre-Marcos-por-3-\u00d7-1-em-placar-agregado-pela-II-Copa-AMVI-IMG_1194-300x200.jpg\" data-sizes=\"(max-width: 300px) 100vw, 300px\" \/><\/a><\/div>\n<\/figure>\n<figure class=\"gallery-item\">\n<div class=\"gallery-icon landscape\"><a href=\"https:\/\/infonewss.com\/wp-content\/uploads\/2023\/09\/Massape-vence-Padre-Marcos-por-3-%C3%97-1-em-placar-agregado-pela-II-Copa-AMVI-IMG_1196.jpg\"><img loading=\"lazy\" decoding=\"async\" class=\"attachment-medium size-medium lazyload\" src=\"data:image\/gif;base64,R0lGODlhAQABAAAAACH5BAEKAAEALAAAAAABAAEAAAICTAEAOw==\" alt=\"\" width=\"300\" height=\"200\" data-srcset=\"https:\/\/infonewss.com\/wp-content\/uploads\/2023\/09\/Massape-vence-Padre-Marcos-por-3-\u00d7-1-em-placar-agregado-pela-II-Copa-AMVI-IMG_1196-300x200.jpg 300w, https:\/\/infonewss.com\/wp-content\/uploads\/2023\/09\/Massape-vence-Padre-Marcos-por-3-\u00d7-1-em-placar-agregado-pela-II-Copa-AMVI-IMG_1196-768x512.jpg 768w, https:\/\/infonewss.com\/wp-content\/uploads\/2023\/09\/Massape-vence-Padre-Marcos-por-3-\u00d7-1-em-placar-agregado-pela-II-Copa-AMVI-IMG_1196-150x100.jpg 150w, https:\/\/infonewss.com\/wp-content\/uploads\/2023\/09\/Massape-vence-Padre-Marcos-por-3-\u00d7-1-em-placar-agregado-pela-II-Copa-AMVI-IMG_1196-696x464.jpg 696w, https:\/\/infonewss.com\/wp-content\/uploads\/2023\/09\/Massape-vence-Padre-Marcos-por-3-\u00d7-1-em-placar-agregado-pela-II-Copa-AMVI-IMG_1196.jpg 900w\" data-src=\"https:\/\/infonewss.com\/wp-content\/uploads\/2023\/09\/Massape-vence-Padre-Marcos-por-3-\u00d7-1-em-placar-agregado-pela-II-Copa-AMVI-IMG_1196-300x200.jpg\" data-sizes=\"(max-width: 300px) 100vw, 300px\" \/><\/a><\/div>\n<\/figure>\n<figure class=\"gallery-item\">\n<div class=\"gallery-icon landscape\"><a href=\"https:\/\/infonewss.com\/wp-content\/uploads\/2023\/09\/Massape-vence-Padre-Marcos-por-3-%C3%97-1-em-placar-agregado-pela-II-Copa-AMVI-IMG_1198.jpg\"><img loading=\"lazy\" decoding=\"async\" class=\"attachment-medium size-medium lazyload\" src=\"data:image\/gif;base64,R0lGODlhAQABAAAAACH5BAEKAAEALAAAAAABAAEAAAICTAEAOw==\" alt=\"\" width=\"300\" height=\"200\" data-srcset=\"https:\/\/infonewss.com\/wp-content\/uploads\/2023\/09\/Massape-vence-Padre-Marcos-por-3-\u00d7-1-em-placar-agregado-pela-II-Copa-AMVI-IMG_1198-300x200.jpg 300w, https:\/\/infonewss.com\/wp-content\/uploads\/2023\/09\/Massape-vence-Padre-Marcos-por-3-\u00d7-1-em-placar-agregado-pela-II-Copa-AMVI-IMG_1198-768x512.jpg 768w, https:\/\/infonewss.com\/wp-content\/uploads\/2023\/09\/Massape-vence-Padre-Marcos-por-3-\u00d7-1-em-placar-agregado-pela-II-Copa-AMVI-IMG_1198-150x100.jpg 150w, https:\/\/infonewss.com\/wp-content\/uploads\/2023\/09\/Massape-vence-Padre-Marcos-por-3-\u00d7-1-em-placar-agregado-pela-II-Copa-AMVI-IMG_1198-696x464.jpg 696w, https:\/\/infonewss.com\/wp-content\/uploads\/2023\/09\/Massape-vence-Padre-Marcos-por-3-\u00d7-1-em-placar-agregado-pela-II-Copa-AMVI-IMG_1198.jpg 900w\" data-src=\"https:\/\/infonewss.com\/wp-content\/uploads\/2023\/09\/Massape-vence-Padre-Marcos-por-3-\u00d7-1-em-placar-agregado-pela-II-Copa-AMVI-IMG_1198-300x200.jpg\" data-sizes=\"(max-width: 300px) 100vw, 300px\" \/><\/a><\/div>\n<\/figure>\n<figure class=\"gallery-item\">\n<div class=\"gallery-icon landscape\"><a href=\"https:\/\/infonewss.com\/wp-content\/uploads\/2023\/09\/Massape-vence-Padre-Marcos-por-3-%C3%97-1-em-placar-agregado-pela-II-Copa-AMVI-IMG_1199.jpg\"><img loading=\"lazy\" decoding=\"async\" class=\"attachment-medium size-medium lazyload\" src=\"data:image\/gif;base64,R0lGODlhAQABAAAAACH5BAEKAAEALAAAAAABAAEAAAICTAEAOw==\" alt=\"\" width=\"300\" height=\"200\" data-srcset=\"https:\/\/infonewss.com\/wp-content\/uploads\/2023\/09\/Massape-vence-Padre-Marcos-por-3-\u00d7-1-em-placar-agregado-pela-II-Copa-AMVI-IMG_1199-300x200.jpg 300w, https:\/\/infonewss.com\/wp-content\/uploads\/2023\/09\/Massape-vence-Padre-Marcos-por-3-\u00d7-1-em-placar-agregado-pela-II-Copa-AMVI-IMG_1199-768x512.jpg 768w, https:\/\/infonewss.com\/wp-content\/uploads\/2023\/09\/Massape-vence-Padre-Marcos-por-3-\u00d7-1-em-placar-agregado-pela-II-Copa-AMVI-IMG_1199-150x100.jpg 150w, https:\/\/infonewss.com\/wp-content\/uploads\/2023\/09\/Massape-vence-Padre-Marcos-por-3-\u00d7-1-em-placar-agregado-pela-II-Copa-AMVI-IMG_1199-696x464.jpg 696w, https:\/\/infonewss.com\/wp-content\/uploads\/2023\/09\/Massape-vence-Padre-Marcos-por-3-\u00d7-1-em-placar-agregado-pela-II-Copa-AMVI-IMG_1199.jpg 900w\" data-src=\"https:\/\/infonewss.com\/wp-content\/uploads\/2023\/09\/Massape-vence-Padre-Marcos-por-3-\u00d7-1-em-placar-agregado-pela-II-Copa-AMVI-IMG_1199-300x200.jpg\" data-sizes=\"(max-width: 300px) 100vw, 300px\" \/><\/a><\/div>\n<\/figure>\n<figure class=\"gallery-item\">\n<div class=\"gallery-icon landscape\"><a href=\"https:\/\/infonewss.com\/wp-content\/uploads\/2023\/09\/Massape-vence-Padre-Marcos-por-3-%C3%97-1-em-placar-agregado-pela-II-Copa-AMVI-IMG_1201.jpg\"><img loading=\"lazy\" decoding=\"async\" class=\"attachment-medium size-medium lazyload\" src=\"data:image\/gif;base64,R0lGODlhAQABAAAAACH5BAEKAAEALAAAAAABAAEAAAICTAEAOw==\" alt=\"\" width=\"300\" height=\"200\" data-srcset=\"https:\/\/infonewss.com\/wp-content\/uploads\/2023\/09\/Massape-vence-Padre-Marcos-por-3-\u00d7-1-em-placar-agregado-pela-II-Copa-AMVI-IMG_1201-300x200.jpg 300w, https:\/\/infonewss.com\/wp-content\/uploads\/2023\/09\/Massape-vence-Padre-Marcos-por-3-\u00d7-1-em-placar-agregado-pela-II-Copa-AMVI-IMG_1201-768x512.jpg 768w, https:\/\/infonewss.com\/wp-content\/uploads\/2023\/09\/Massape-vence-Padre-Marcos-por-3-\u00d7-1-em-placar-agregado-pela-II-Copa-AMVI-IMG_1201-150x100.jpg 150w, https:\/\/infonewss.com\/wp-content\/uploads\/2023\/09\/Massape-vence-Padre-Marcos-por-3-\u00d7-1-em-placar-agregado-pela-II-Copa-AMVI-IMG_1201-696x464.jpg 696w, https:\/\/infonewss.com\/wp-content\/uploads\/2023\/09\/Massape-vence-Padre-Marcos-por-3-\u00d7-1-em-placar-agregado-pela-II-Copa-AMVI-IMG_1201.jpg 900w\" data-src=\"https:\/\/infonewss.com\/wp-content\/uploads\/2023\/09\/Massape-vence-Padre-Marcos-por-3-\u00d7-1-em-placar-agregado-pela-II-Copa-AMVI-IMG_1201-300x200.jpg\" data-sizes=\"(max-width: 300px) 100vw, 300px\" \/><\/a><\/div>\n<\/figure>\n<figure class=\"gallery-item\">\n<div class=\"gallery-icon landscape\"><a href=\"https:\/\/infonewss.com\/wp-content\/uploads\/2023\/09\/Massape-vence-Padre-Marcos-por-3-%C3%97-1-em-placar-agregado-pela-II-Copa-AMVI-IMG_1203.jpg\"><img loading=\"lazy\" decoding=\"async\" class=\"attachment-medium size-medium lazyload\" src=\"data:image\/gif;base64,R0lGODlhAQABAAAAACH5BAEKAAEALAAAAAABAAEAAAICTAEAOw==\" alt=\"\" width=\"300\" height=\"200\" data-srcset=\"https:\/\/infonewss.com\/wp-content\/uploads\/2023\/09\/Massape-vence-Padre-Marcos-por-3-\u00d7-1-em-placar-agregado-pela-II-Copa-AMVI-IMG_1203-300x200.jpg 300w, https:\/\/infonewss.com\/wp-content\/uploads\/2023\/09\/Massape-vence-Padre-Marcos-por-3-\u00d7-1-em-placar-agregado-pela-II-Copa-AMVI-IMG_1203-768x512.jpg 768w, https:\/\/infonewss.com\/wp-content\/uploads\/2023\/09\/Massape-vence-Padre-Marcos-por-3-\u00d7-1-em-placar-agregado-pela-II-Copa-AMVI-IMG_1203-150x100.jpg 150w, https:\/\/infonewss.com\/wp-content\/uploads\/2023\/09\/Massape-vence-Padre-Marcos-por-3-\u00d7-1-em-placar-agregado-pela-II-Copa-AMVI-IMG_1203-696x464.jpg 696w, https:\/\/infonewss.com\/wp-content\/uploads\/2023\/09\/Massape-vence-Padre-Marcos-por-3-\u00d7-1-em-placar-agregado-pela-II-Copa-AMVI-IMG_1203.jpg 900w\" data-src=\"https:\/\/infonewss.com\/wp-content\/uploads\/2023\/09\/Massape-vence-Padre-Marcos-por-3-\u00d7-1-em-placar-agregado-pela-II-Copa-AMVI-IMG_1203-300x200.jpg\" data-sizes=\"(max-width: 300px) 100vw, 300px\" \/><\/a><\/div>\n<\/figure>\n<figure class=\"gallery-item\">\n<div class=\"gallery-icon landscape\"><a href=\"https:\/\/infonewss.com\/wp-content\/uploads\/2023\/09\/Massape-vence-Padre-Marcos-por-3-%C3%97-1-em-placar-agregado-pela-II-Copa-AMVI-IMG_1204.jpg\"><img loading=\"lazy\" decoding=\"async\" class=\"attachment-medium size-medium lazyload\" src=\"data:image\/gif;base64,R0lGODlhAQABAAAAACH5BAEKAAEALAAAAAABAAEAAAICTAEAOw==\" alt=\"\" width=\"300\" height=\"200\" data-srcset=\"https:\/\/infonewss.com\/wp-content\/uploads\/2023\/09\/Massape-vence-Padre-Marcos-por-3-\u00d7-1-em-placar-agregado-pela-II-Copa-AMVI-IMG_1204-300x200.jpg 300w, https:\/\/infonewss.com\/wp-content\/uploads\/2023\/09\/Massape-vence-Padre-Marcos-por-3-\u00d7-1-em-placar-agregado-pela-II-Copa-AMVI-IMG_1204-768x512.jpg 768w, https:\/\/infonewss.com\/wp-content\/uploads\/2023\/09\/Massape-vence-Padre-Marcos-por-3-\u00d7-1-em-placar-agregado-pela-II-Copa-AMVI-IMG_1204-150x100.jpg 150w, https:\/\/infonewss.com\/wp-content\/uploads\/2023\/09\/Massape-vence-Padre-Marcos-por-3-\u00d7-1-em-placar-agregado-pela-II-Copa-AMVI-IMG_1204-696x464.jpg 696w, https:\/\/infonewss.com\/wp-content\/uploads\/2023\/09\/Massape-vence-Padre-Marcos-por-3-\u00d7-1-em-placar-agregado-pela-II-Copa-AMVI-IMG_1204.jpg 900w\" data-src=\"https:\/\/infonewss.com\/wp-content\/uploads\/2023\/09\/Massape-vence-Padre-Marcos-por-3-\u00d7-1-em-placar-agregado-pela-II-Copa-AMVI-IMG_1204-300x200.jpg\" data-sizes=\"(max-width: 300px) 100vw, 300px\" \/><\/a><\/div>\n<\/figure>\n<figure class=\"gallery-item\">\n<div class=\"gallery-icon portrait\"><a href=\"https:\/\/infonewss.com\/wp-content\/uploads\/2023\/09\/Massape-vence-Padre-Marcos-por-3-%C3%97-1-em-placar-agregado-pela-II-Copa-AMVI-IMG_1206.jpg\"><img loading=\"lazy\" decoding=\"async\" class=\"attachment-medium size-medium lazyload\" src=\"data:image\/gif;base64,R0lGODlhAQABAAAAACH5BAEKAAEALAAAAAABAAEAAAICTAEAOw==\" alt=\"\" width=\"200\" height=\"300\" data-srcset=\"https:\/\/infonewss.com\/wp-content\/uploads\/2023\/09\/Massape-vence-Padre-Marcos-por-3-\u00d7-1-em-placar-agregado-pela-II-Copa-AMVI-IMG_1206-200x300.jpg 200w, https:\/\/infonewss.com\/wp-content\/uploads\/2023\/09\/Massape-vence-Padre-Marcos-por-3-\u00d7-1-em-placar-agregado-pela-II-Copa-AMVI-IMG_1206-683x1024.jpg 683w, https:\/\/infonewss.com\/wp-content\/uploads\/2023\/09\/Massape-vence-Padre-Marcos-por-3-\u00d7-1-em-placar-agregado-pela-II-Copa-AMVI-IMG_1206-768x1152.jpg 768w, https:\/\/infonewss.com\/wp-content\/uploads\/2023\/09\/Massape-vence-Padre-Marcos-por-3-\u00d7-1-em-placar-agregado-pela-II-Copa-AMVI-IMG_1206-150x225.jpg 150w, https:\/\/infonewss.com\/wp-content\/uploads\/2023\/09\/Massape-vence-Padre-Marcos-por-3-\u00d7-1-em-placar-agregado-pela-II-Copa-AMVI-IMG_1206-300x450.jpg 300w, https:\/\/infonewss.com\/wp-content\/uploads\/2023\/09\/Massape-vence-Padre-Marcos-por-3-\u00d7-1-em-placar-agregado-pela-II-Copa-AMVI-IMG_1206-696x1044.jpg 696w, https:\/\/infonewss.com\/wp-content\/uploads\/2023\/09\/Massape-vence-Padre-Marcos-por-3-\u00d7-1-em-placar-agregado-pela-II-Copa-AMVI-IMG_1206.jpg 900w\" data-src=\"https:\/\/infonewss.com\/wp-content\/uploads\/2023\/09\/Massape-vence-Padre-Marcos-por-3-\u00d7-1-em-placar-agregado-pela-II-Copa-AMVI-IMG_1206-200x300.jpg\" data-sizes=\"(max-width: 200px) 100vw, 200px\" \/><\/a><\/div>\n<\/figure>\n<figure class=\"gallery-item\">\n<div class=\"gallery-icon portrait\"><a href=\"https:\/\/infonewss.com\/wp-content\/uploads\/2023\/09\/Massape-vence-Padre-Marcos-por-3-%C3%97-1-em-placar-agregado-pela-II-Copa-AMVI-IMG_1208.jpg\"><img loading=\"lazy\" decoding=\"async\" class=\"attachment-medium size-medium lazyload\" src=\"data:image\/gif;base64,R0lGODlhAQABAAAAACH5BAEKAAEALAAAAAABAAEAAAICTAEAOw==\" alt=\"\" width=\"200\" height=\"300\" data-srcset=\"https:\/\/infonewss.com\/wp-content\/uploads\/2023\/09\/Massape-vence-Padre-Marcos-por-3-\u00d7-1-em-placar-agregado-pela-II-Copa-AMVI-IMG_1208-200x300.jpg 200w, https:\/\/infonewss.com\/wp-content\/uploads\/2023\/09\/Massape-vence-Padre-Marcos-por-3-\u00d7-1-em-placar-agregado-pela-II-Copa-AMVI-IMG_1208-683x1024.jpg 683w, https:\/\/infonewss.com\/wp-content\/uploads\/2023\/09\/Massape-vence-Padre-Marcos-por-3-\u00d7-1-em-placar-agregado-pela-II-Copa-AMVI-IMG_1208-768x1152.jpg 768w, https:\/\/infonewss.com\/wp-content\/uploads\/2023\/09\/Massape-vence-Padre-Marcos-por-3-\u00d7-1-em-placar-agregado-pela-II-Copa-AMVI-IMG_1208-150x225.jpg 150w, https:\/\/infonewss.com\/wp-content\/uploads\/2023\/09\/Massape-vence-Padre-Marcos-por-3-\u00d7-1-em-placar-agregado-pela-II-Copa-AMVI-IMG_1208-300x450.jpg 300w, https:\/\/infonewss.com\/wp-content\/uploads\/2023\/09\/Massape-vence-Padre-Marcos-por-3-\u00d7-1-em-placar-agregado-pela-II-Copa-AMVI-IMG_1208-696x1044.jpg 696w, https:\/\/infonewss.com\/wp-content\/uploads\/2023\/09\/Massape-vence-Padre-Marcos-por-3-\u00d7-1-em-placar-agregado-pela-II-Copa-AMVI-IMG_1208.jpg 900w\" data-src=\"https:\/\/infonewss.com\/wp-content\/uploads\/2023\/09\/Massape-vence-Padre-Marcos-por-3-\u00d7-1-em-placar-agregado-pela-II-Copa-AMVI-IMG_1208-200x300.jpg\" data-sizes=\"(max-width: 200px) 100vw, 200px\" \/><\/a><\/div>\n<\/figure>\n<figure class=\"gallery-item\">\n<div class=\"gallery-icon portrait\"><a href=\"https:\/\/infonewss.com\/wp-content\/uploads\/2023\/09\/Massape-vence-Padre-Marcos-por-3-%C3%97-1-em-placar-agregado-pela-II-Copa-AMVI-IMG_1210.jpg\"><img loading=\"lazy\" decoding=\"async\" class=\"attachment-medium size-medium lazyload\" src=\"data:image\/gif;base64,R0lGODlhAQABAAAAACH5BAEKAAEALAAAAAABAAEAAAICTAEAOw==\" alt=\"\" width=\"200\" height=\"300\" data-srcset=\"https:\/\/infonewss.com\/wp-content\/uploads\/2023\/09\/Massape-vence-Padre-Marcos-por-3-\u00d7-1-em-placar-agregado-pela-II-Copa-AMVI-IMG_1210-200x300.jpg 200w, https:\/\/infonewss.com\/wp-content\/uploads\/2023\/09\/Massape-vence-Padre-Marcos-por-3-\u00d7-1-em-placar-agregado-pela-II-Copa-AMVI-IMG_1210-683x1024.jpg 683w, https:\/\/infonewss.com\/wp-content\/uploads\/2023\/09\/Massape-vence-Padre-Marcos-por-3-\u00d7-1-em-placar-agregado-pela-II-Copa-AMVI-IMG_1210-768x1152.jpg 768w, https:\/\/infonewss.com\/wp-content\/uploads\/2023\/09\/Massape-vence-Padre-Marcos-por-3-\u00d7-1-em-placar-agregado-pela-II-Copa-AMVI-IMG_1210-150x225.jpg 150w, https:\/\/infonewss.com\/wp-content\/uploads\/2023\/09\/Massape-vence-Padre-Marcos-por-3-\u00d7-1-em-placar-agregado-pela-II-Copa-AMVI-IMG_1210-300x450.jpg 300w, https:\/\/infonewss.com\/wp-content\/uploads\/2023\/09\/Massape-vence-Padre-Marcos-por-3-\u00d7-1-em-placar-agregado-pela-II-Copa-AMVI-IMG_1210-696x1044.jpg 696w, https:\/\/infonewss.com\/wp-content\/uploads\/2023\/09\/Massape-vence-Padre-Marcos-por-3-\u00d7-1-em-placar-agregado-pela-II-Copa-AMVI-IMG_1210.jpg 900w\" data-src=\"https:\/\/infonewss.com\/wp-content\/uploads\/2023\/09\/Massape-vence-Padre-Marcos-por-3-\u00d7-1-em-placar-agregado-pela-II-Copa-AMVI-IMG_1210-200x300.jpg\" data-sizes=\"(max-width: 200px) 100vw, 200px\" \/><\/a><\/div>\n<\/figure>\n<figure class=\"gallery-item\">\n<div class=\"gallery-icon portrait\"><a href=\"https:\/\/infonewss.com\/wp-content\/uploads\/2023\/09\/Massape-vence-Padre-Marcos-por-3-%C3%97-1-em-placar-agregado-pela-II-Copa-AMVI-IMG_1212.jpg\"><img loading=\"lazy\" decoding=\"async\" class=\"attachment-medium size-medium lazyload\" src=\"data:image\/gif;base64,R0lGODlhAQABAAAAACH5BAEKAAEALAAAAAABAAEAAAICTAEAOw==\" alt=\"\" width=\"200\" height=\"300\" data-srcset=\"https:\/\/infonewss.com\/wp-content\/uploads\/2023\/09\/Massape-vence-Padre-Marcos-por-3-\u00d7-1-em-placar-agregado-pela-II-Copa-AMVI-IMG_1212-200x300.jpg 200w, https:\/\/infonewss.com\/wp-content\/uploads\/2023\/09\/Massape-vence-Padre-Marcos-por-3-\u00d7-1-em-placar-agregado-pela-II-Copa-AMVI-IMG_1212-683x1024.jpg 683w, https:\/\/infonewss.com\/wp-content\/uploads\/2023\/09\/Massape-vence-Padre-Marcos-por-3-\u00d7-1-em-placar-agregado-pela-II-Copa-AMVI-IMG_1212-768x1152.jpg 768w, https:\/\/infonewss.com\/wp-content\/uploads\/2023\/09\/Massape-vence-Padre-Marcos-por-3-\u00d7-1-em-placar-agregado-pela-II-Copa-AMVI-IMG_1212-150x225.jpg 150w, https:\/\/infonewss.com\/wp-content\/uploads\/2023\/09\/Massape-vence-Padre-Marcos-por-3-\u00d7-1-em-placar-agregado-pela-II-Copa-AMVI-IMG_1212-300x450.jpg 300w, https:\/\/infonewss.com\/wp-content\/uploads\/2023\/09\/Massape-vence-Padre-Marcos-por-3-\u00d7-1-em-placar-agregado-pela-II-Copa-AMVI-IMG_1212-696x1044.jpg 696w, https:\/\/infonewss.com\/wp-content\/uploads\/2023\/09\/Massape-vence-Padre-Marcos-por-3-\u00d7-1-em-placar-agregado-pela-II-Copa-AMVI-IMG_1212.jpg 900w\" data-src=\"https:\/\/infonewss.com\/wp-content\/uploads\/2023\/09\/Massape-vence-Padre-Marcos-por-3-\u00d7-1-em-placar-agregado-pela-II-Copa-AMVI-IMG_1212-200x300.jpg\" data-sizes=\"(max-width: 200px) 100vw, 200px\" \/><\/a><\/div>\n<\/figure>\n<figure class=\"gallery-item\">\n<div class=\"gallery-icon portrait\"><a href=\"https:\/\/infonewss.com\/wp-content\/uploads\/2023\/09\/Massape-vence-Padre-Marcos-por-3-%C3%97-1-em-placar-agregado-pela-II-Copa-AMVI-IMG_1213.jpg\"><img loading=\"lazy\" decoding=\"async\" class=\"attachment-medium size-medium lazyload\" src=\"data:image\/gif;base64,R0lGODlhAQABAAAAACH5BAEKAAEALAAAAAABAAEAAAICTAEAOw==\" alt=\"\" width=\"200\" height=\"300\" data-srcset=\"https:\/\/infonewss.com\/wp-content\/uploads\/2023\/09\/Massape-vence-Padre-Marcos-por-3-\u00d7-1-em-placar-agregado-pela-II-Copa-AMVI-IMG_1213-200x300.jpg 200w, https:\/\/infonewss.com\/wp-content\/uploads\/2023\/09\/Massape-vence-Padre-Marcos-por-3-\u00d7-1-em-placar-agregado-pela-II-Copa-AMVI-IMG_1213-683x1024.jpg 683w, https:\/\/infonewss.com\/wp-content\/uploads\/2023\/09\/Massape-vence-Padre-Marcos-por-3-\u00d7-1-em-placar-agregado-pela-II-Copa-AMVI-IMG_1213-768x1152.jpg 768w, https:\/\/infonewss.com\/wp-content\/uploads\/2023\/09\/Massape-vence-Padre-Marcos-por-3-\u00d7-1-em-placar-agregado-pela-II-Copa-AMVI-IMG_1213-150x225.jpg 150w, https:\/\/infonewss.com\/wp-content\/uploads\/2023\/09\/Massape-vence-Padre-Marcos-por-3-\u00d7-1-em-placar-agregado-pela-II-Copa-AMVI-IMG_1213-300x450.jpg 300w, https:\/\/infonewss.com\/wp-content\/uploads\/2023\/09\/Massape-vence-Padre-Marcos-por-3-\u00d7-1-em-placar-agregado-pela-II-Copa-AMVI-IMG_1213-696x1044.jpg 696w, https:\/\/infonewss.com\/wp-content\/uploads\/2023\/09\/Massape-vence-Padre-Marcos-por-3-\u00d7-1-em-placar-agregado-pela-II-Copa-AMVI-IMG_1213.jpg 900w\" data-src=\"https:\/\/infonewss.com\/wp-content\/uploads\/2023\/09\/Massape-vence-Padre-Marcos-por-3-\u00d7-1-em-placar-agregado-pela-II-Copa-AMVI-IMG_1213-200x300.jpg\" data-sizes=\"(max-width: 200px) 100vw, 200px\" \/><\/a><\/div>\n<\/figure>\n<figure class=\"gallery-item\">\n<div class=\"gallery-icon portrait\"><a href=\"https:\/\/infonewss.com\/wp-content\/uploads\/2023\/09\/Massape-vence-Padre-Marcos-por-3-%C3%97-1-em-placar-agregado-pela-II-Copa-AMVI-IMG_1215.jpg\"><img loading=\"lazy\" decoding=\"async\" class=\"attachment-medium size-medium lazyload\" src=\"data:image\/gif;base64,R0lGODlhAQABAAAAACH5BAEKAAEALAAAAAABAAEAAAICTAEAOw==\" alt=\"\" width=\"200\" height=\"300\" data-srcset=\"https:\/\/infonewss.com\/wp-content\/uploads\/2023\/09\/Massape-vence-Padre-Marcos-por-3-\u00d7-1-em-placar-agregado-pela-II-Copa-AMVI-IMG_1215-200x300.jpg 200w, https:\/\/infonewss.com\/wp-content\/uploads\/2023\/09\/Massape-vence-Padre-Marcos-por-3-\u00d7-1-em-placar-agregado-pela-II-Copa-AMVI-IMG_1215-683x1024.jpg 683w, https:\/\/infonewss.com\/wp-content\/uploads\/2023\/09\/Massape-vence-Padre-Marcos-por-3-\u00d7-1-em-placar-agregado-pela-II-Copa-AMVI-IMG_1215-768x1152.jpg 768w, https:\/\/infonewss.com\/wp-content\/uploads\/2023\/09\/Massape-vence-Padre-Marcos-por-3-\u00d7-1-em-placar-agregado-pela-II-Copa-AMVI-IMG_1215-150x225.jpg 150w, https:\/\/infonewss.com\/wp-content\/uploads\/2023\/09\/Massape-vence-Padre-Marcos-por-3-\u00d7-1-em-placar-agregado-pela-II-Copa-AMVI-IMG_1215-300x450.jpg 300w, https:\/\/infonewss.com\/wp-content\/uploads\/2023\/09\/Massape-vence-Padre-Marcos-por-3-\u00d7-1-em-placar-agregado-pela-II-Copa-AMVI-IMG_1215-696x1044.jpg 696w, https:\/\/infonewss.com\/wp-content\/uploads\/2023\/09\/Massape-vence-Padre-Marcos-por-3-\u00d7-1-em-placar-agregado-pela-II-Copa-AMVI-IMG_1215.jpg 900w\" data-src=\"https:\/\/infonewss.com\/wp-content\/uploads\/2023\/09\/Massape-vence-Padre-Marcos-por-3-\u00d7-1-em-placar-agregado-pela-II-Copa-AMVI-IMG_1215-200x300.jpg\" data-sizes=\"(max-width: 200px) 100vw, 200px\" \/><\/a><\/div>\n<\/figure>\n<figure class=\"gallery-item\">\n<div class=\"gallery-icon landscape\"><a href=\"https:\/\/infonewss.com\/wp-content\/uploads\/2023\/09\/Massape-vence-Padre-Marcos-por-3-%C3%97-1-em-placar-agregado-pela-II-Copa-AMVI-IMG_1216.jpg\"><img loading=\"lazy\" decoding=\"async\" class=\"attachment-medium size-medium lazyload\" src=\"data:image\/gif;base64,R0lGODlhAQABAAAAACH5BAEKAAEALAAAAAABAAEAAAICTAEAOw==\" alt=\"\" width=\"300\" height=\"200\" data-srcset=\"https:\/\/infonewss.com\/wp-content\/uploads\/2023\/09\/Massape-vence-Padre-Marcos-por-3-\u00d7-1-em-placar-agregado-pela-II-Copa-AMVI-IMG_1216-300x200.jpg 300w, https:\/\/infonewss.com\/wp-content\/uploads\/2023\/09\/Massape-vence-Padre-Marcos-por-3-\u00d7-1-em-placar-agregado-pela-II-Copa-AMVI-IMG_1216-768x512.jpg 768w, https:\/\/infonewss.com\/wp-content\/uploads\/2023\/09\/Massape-vence-Padre-Marcos-por-3-\u00d7-1-em-placar-agregado-pela-II-Copa-AMVI-IMG_1216-150x100.jpg 150w, https:\/\/infonewss.com\/wp-content\/uploads\/2023\/09\/Massape-vence-Padre-Marcos-por-3-\u00d7-1-em-placar-agregado-pela-II-Copa-AMVI-IMG_1216-696x464.jpg 696w, https:\/\/infonewss.com\/wp-content\/uploads\/2023\/09\/Massape-vence-Padre-Marcos-por-3-\u00d7-1-em-placar-agregado-pela-II-Copa-AMVI-IMG_1216.jpg 900w\" data-src=\"https:\/\/infonewss.com\/wp-content\/uploads\/2023\/09\/Massape-vence-Padre-Marcos-por-3-\u00d7-1-em-placar-agregado-pela-II-Copa-AMVI-IMG_1216-300x200.jpg\" data-sizes=\"(max-width: 300px) 100vw, 300px\" \/><\/a><\/div>\n<\/figure>\n<figure class=\"gallery-item\">\n<div class=\"gallery-icon landscape\"><a href=\"https:\/\/infonewss.com\/wp-content\/uploads\/2023\/09\/Massape-vence-Padre-Marcos-por-3-%C3%97-1-em-placar-agregado-pela-II-Copa-AMVI-IMG_1219.jpg\"><img loading=\"lazy\" decoding=\"async\" class=\"attachment-medium size-medium lazyload\" src=\"data:image\/gif;base64,R0lGODlhAQABAAAAACH5BAEKAAEALAAAAAABAAEAAAICTAEAOw==\" alt=\"\" width=\"300\" height=\"200\" data-srcset=\"https:\/\/infonewss.com\/wp-content\/uploads\/2023\/09\/Massape-vence-Padre-Marcos-por-3-\u00d7-1-em-placar-agregado-pela-II-Copa-AMVI-IMG_1219-300x200.jpg 300w, https:\/\/infonewss.com\/wp-content\/uploads\/2023\/09\/Massape-vence-Padre-Marcos-por-3-\u00d7-1-em-placar-agregado-pela-II-Copa-AMVI-IMG_1219-768x512.jpg 768w, https:\/\/infonewss.com\/wp-content\/uploads\/2023\/09\/Massape-vence-Padre-Marcos-por-3-\u00d7-1-em-placar-agregado-pela-II-Copa-AMVI-IMG_1219-150x100.jpg 150w, https:\/\/infonewss.com\/wp-content\/uploads\/2023\/09\/Massape-vence-Padre-Marcos-por-3-\u00d7-1-em-placar-agregado-pela-II-Copa-AMVI-IMG_1219-696x464.jpg 696w, https:\/\/infonewss.com\/wp-content\/uploads\/2023\/09\/Massape-vence-Padre-Marcos-por-3-\u00d7-1-em-placar-agregado-pela-II-Copa-AMVI-IMG_1219.jpg 900w\" data-src=\"https:\/\/infonewss.com\/wp-content\/uploads\/2023\/09\/Massape-vence-Padre-Marcos-por-3-\u00d7-1-em-placar-agregado-pela-II-Copa-AMVI-IMG_1219-300x200.jpg\" data-sizes=\"(max-width: 300px) 100vw, 300px\" \/><\/a><\/div>\n<\/figure>\n<figure class=\"gallery-item\">\n<div class=\"gallery-icon landscape\"><a href=\"https:\/\/infonewss.com\/wp-content\/uploads\/2023\/09\/Massape-vence-Padre-Marcos-por-3-%C3%97-1-em-placar-agregado-pela-II-Copa-AMVI-IMG_1222.jpg\"><img loading=\"lazy\" decoding=\"async\" class=\"attachment-medium size-medium lazyload\" src=\"data:image\/gif;base64,R0lGODlhAQABAAAAACH5BAEKAAEALAAAAAABAAEAAAICTAEAOw==\" alt=\"\" width=\"300\" height=\"200\" data-srcset=\"https:\/\/infonewss.com\/wp-content\/uploads\/2023\/09\/Massape-vence-Padre-Marcos-por-3-\u00d7-1-em-placar-agregado-pela-II-Copa-AMVI-IMG_1222-300x200.jpg 300w, https:\/\/infonewss.com\/wp-content\/uploads\/2023\/09\/Massape-vence-Padre-Marcos-por-3-\u00d7-1-em-placar-agregado-pela-II-Copa-AMVI-IMG_1222-768x512.jpg 768w, https:\/\/infonewss.com\/wp-content\/uploads\/2023\/09\/Massape-vence-Padre-Marcos-por-3-\u00d7-1-em-placar-agregado-pela-II-Copa-AMVI-IMG_1222-150x100.jpg 150w, https:\/\/infonewss.com\/wp-content\/uploads\/2023\/09\/Massape-vence-Padre-Marcos-por-3-\u00d7-1-em-placar-agregado-pela-II-Copa-AMVI-IMG_1222-696x464.jpg 696w, https:\/\/infonewss.com\/wp-content\/uploads\/2023\/09\/Massape-vence-Padre-Marcos-por-3-\u00d7-1-em-placar-agregado-pela-II-Copa-AMVI-IMG_1222.jpg 900w\" data-src=\"https:\/\/infonewss.com\/wp-content\/uploads\/2023\/09\/Massape-vence-Padre-Marcos-por-3-\u00d7-1-em-placar-agregado-pela-II-Copa-AMVI-IMG_1222-300x200.jpg\" data-sizes=\"(max-width: 300px) 100vw, 300px\" \/><\/a><\/div>\n<\/figure>\n<figure class=\"gallery-item\">\n<div class=\"gallery-icon landscape\"><a href=\"https:\/\/infonewss.com\/wp-content\/uploads\/2023\/09\/Massape-vence-Padre-Marcos-por-3-%C3%97-1-em-placar-agregado-pela-II-Copa-AMVI-IMG_1223.jpg\"><img loading=\"lazy\" decoding=\"async\" class=\"attachment-medium size-medium lazyload\" src=\"data:image\/gif;base64,R0lGODlhAQABAAAAACH5BAEKAAEALAAAAAABAAEAAAICTAEAOw==\" alt=\"\" width=\"300\" height=\"200\" data-srcset=\"https:\/\/infonewss.com\/wp-content\/uploads\/2023\/09\/Massape-vence-Padre-Marcos-por-3-\u00d7-1-em-placar-agregado-pela-II-Copa-AMVI-IMG_1223-300x200.jpg 300w, https:\/\/infonewss.com\/wp-content\/uploads\/2023\/09\/Massape-vence-Padre-Marcos-por-3-\u00d7-1-em-placar-agregado-pela-II-Copa-AMVI-IMG_1223-768x512.jpg 768w, https:\/\/infonewss.com\/wp-content\/uploads\/2023\/09\/Massape-vence-Padre-Marcos-por-3-\u00d7-1-em-placar-agregado-pela-II-Copa-AMVI-IMG_1223-150x100.jpg 150w, https:\/\/infonewss.com\/wp-content\/uploads\/2023\/09\/Massape-vence-Padre-Marcos-por-3-\u00d7-1-em-placar-agregado-pela-II-Copa-AMVI-IMG_1223-696x464.jpg 696w, https:\/\/infonewss.com\/wp-content\/uploads\/2023\/09\/Massape-vence-Padre-Marcos-por-3-\u00d7-1-em-placar-agregado-pela-II-Copa-AMVI-IMG_1223.jpg 900w\" data-src=\"https:\/\/infonewss.com\/wp-content\/uploads\/2023\/09\/Massape-vence-Padre-Marcos-por-3-\u00d7-1-em-placar-agregado-pela-II-Copa-AMVI-IMG_1223-300x200.jpg\" data-sizes=\"(max-width: 300px) 100vw, 300px\" \/><\/a><\/div>\n<\/figure>\n<figure class=\"gallery-item\">\n<div class=\"gallery-icon landscape\"><a href=\"https:\/\/infonewss.com\/wp-content\/uploads\/2023\/09\/Massape-vence-Padre-Marcos-por-3-%C3%97-1-em-placar-agregado-pela-II-Copa-AMVI-IMG_1227.jpg\"><img loading=\"lazy\" decoding=\"async\" class=\"attachment-medium size-medium lazyload\" src=\"data:image\/gif;base64,R0lGODlhAQABAAAAACH5BAEKAAEALAAAAAABAAEAAAICTAEAOw==\" alt=\"\" width=\"300\" height=\"200\" data-srcset=\"https:\/\/infonewss.com\/wp-content\/uploads\/2023\/09\/Massape-vence-Padre-Marcos-por-3-\u00d7-1-em-placar-agregado-pela-II-Copa-AMVI-IMG_1227-300x200.jpg 300w, https:\/\/infonewss.com\/wp-content\/uploads\/2023\/09\/Massape-vence-Padre-Marcos-por-3-\u00d7-1-em-placar-agregado-pela-II-Copa-AMVI-IMG_1227-768x512.jpg 768w, https:\/\/infonewss.com\/wp-content\/uploads\/2023\/09\/Massape-vence-Padre-Marcos-por-3-\u00d7-1-em-placar-agregado-pela-II-Copa-AMVI-IMG_1227-150x100.jpg 150w, https:\/\/infonewss.com\/wp-content\/uploads\/2023\/09\/Massape-vence-Padre-Marcos-por-3-\u00d7-1-em-placar-agregado-pela-II-Copa-AMVI-IMG_1227-696x464.jpg 696w, https:\/\/infonewss.com\/wp-content\/uploads\/2023\/09\/Massape-vence-Padre-Marcos-por-3-\u00d7-1-em-placar-agregado-pela-II-Copa-AMVI-IMG_1227.jpg 900w\" data-src=\"https:\/\/infonewss.com\/wp-content\/uploads\/2023\/09\/Massape-vence-Padre-Marcos-por-3-\u00d7-1-em-placar-agregado-pela-II-Copa-AMVI-IMG_1227-300x200.jpg\" data-sizes=\"(max-width: 300px) 100vw, 300px\" \/><\/a><\/div>\n<\/figure>\n<figure class=\"gallery-item\">\n<div class=\"gallery-icon landscape\"><a href=\"https:\/\/infonewss.com\/wp-content\/uploads\/2023\/09\/Massape-vence-Padre-Marcos-por-3-%C3%97-1-em-placar-agregado-pela-II-Copa-AMVI-IMG_1228.jpg\"><img loading=\"lazy\" decoding=\"async\" class=\"attachment-medium size-medium lazyload\" src=\"data:image\/gif;base64,R0lGODlhAQABAAAAACH5BAEKAAEALAAAAAABAAEAAAICTAEAOw==\" alt=\"\" width=\"300\" height=\"200\" data-srcset=\"https:\/\/infonewss.com\/wp-content\/uploads\/2023\/09\/Massape-vence-Padre-Marcos-por-3-\u00d7-1-em-placar-agregado-pela-II-Copa-AMVI-IMG_1228-300x200.jpg 300w, https:\/\/infonewss.com\/wp-content\/uploads\/2023\/09\/Massape-vence-Padre-Marcos-por-3-\u00d7-1-em-placar-agregado-pela-II-Copa-AMVI-IMG_1228-768x512.jpg 768w, https:\/\/infonewss.com\/wp-content\/uploads\/2023\/09\/Massape-vence-Padre-Marcos-por-3-\u00d7-1-em-placar-agregado-pela-II-Copa-AMVI-IMG_1228-150x100.jpg 150w, https:\/\/infonewss.com\/wp-content\/uploads\/2023\/09\/Massape-vence-Padre-Marcos-por-3-\u00d7-1-em-placar-agregado-pela-II-Copa-AMVI-IMG_1228-696x464.jpg 696w, https:\/\/infonewss.com\/wp-content\/uploads\/2023\/09\/Massape-vence-Padre-Marcos-por-3-\u00d7-1-em-placar-agregado-pela-II-Copa-AMVI-IMG_1228.jpg 900w\" data-src=\"https:\/\/infonewss.com\/wp-content\/uploads\/2023\/09\/Massape-vence-Padre-Marcos-por-3-\u00d7-1-em-placar-agregado-pela-II-Copa-AMVI-IMG_1228-300x200.jpg\" data-sizes=\"(max-width: 300px) 100vw, 300px\" \/><\/a><\/div>\n<\/figure>\n<figure class=\"gallery-item\">\n<div class=\"gallery-icon landscape\"><a href=\"https:\/\/infonewss.com\/wp-content\/uploads\/2023\/09\/Massape-vence-Padre-Marcos-por-3-%C3%97-1-em-placar-agregado-pela-II-Copa-AMVI-IMG_1229.jpg\"><img loading=\"lazy\" decoding=\"async\" class=\"attachment-medium size-medium lazyload\" src=\"data:image\/gif;base64,R0lGODlhAQABAAAAACH5BAEKAAEALAAAAAABAAEAAAICTAEAOw==\" alt=\"\" width=\"300\" height=\"200\" data-srcset=\"https:\/\/infonewss.com\/wp-content\/uploads\/2023\/09\/Massape-vence-Padre-Marcos-por-3-\u00d7-1-em-placar-agregado-pela-II-Copa-AMVI-IMG_1229-300x200.jpg 300w, https:\/\/infonewss.com\/wp-content\/uploads\/2023\/09\/Massape-vence-Padre-Marcos-por-3-\u00d7-1-em-placar-agregado-pela-II-Copa-AMVI-IMG_1229-768x512.jpg 768w, https:\/\/infonewss.com\/wp-content\/uploads\/2023\/09\/Massape-vence-Padre-Marcos-por-3-\u00d7-1-em-placar-agregado-pela-II-Copa-AMVI-IMG_1229-150x100.jpg 150w, https:\/\/infonewss.com\/wp-content\/uploads\/2023\/09\/Massape-vence-Padre-Marcos-por-3-\u00d7-1-em-placar-agregado-pela-II-Copa-AMVI-IMG_1229-696x464.jpg 696w, https:\/\/infonewss.com\/wp-content\/uploads\/2023\/09\/Massape-vence-Padre-Marcos-por-3-\u00d7-1-em-placar-agregado-pela-II-Copa-AMVI-IMG_1229.jpg 900w\" data-src=\"https:\/\/infonewss.com\/wp-content\/uploads\/2023\/09\/Massape-vence-Padre-Marcos-por-3-\u00d7-1-em-placar-agregado-pela-II-Copa-AMVI-IMG_1229-300x200.jpg\" data-sizes=\"(max-width: 300px) 100vw, 300px\" \/><\/a><\/div>\n<\/figure>\n<figure class=\"gallery-item\">\n<div class=\"gallery-icon landscape\"><a href=\"https:\/\/infonewss.com\/wp-content\/uploads\/2023\/09\/Massape-vence-Padre-Marcos-por-3-%C3%97-1-em-placar-agregado-pela-II-Copa-AMVI-IMG_1231.jpg\"><img loading=\"lazy\" decoding=\"async\" class=\"attachment-medium size-medium lazyload\" src=\"data:image\/gif;base64,R0lGODlhAQABAAAAACH5BAEKAAEALAAAAAABAAEAAAICTAEAOw==\" alt=\"\" width=\"300\" height=\"200\" data-srcset=\"https:\/\/infonewss.com\/wp-content\/uploads\/2023\/09\/Massape-vence-Padre-Marcos-por-3-\u00d7-1-em-placar-agregado-pela-II-Copa-AMVI-IMG_1231-300x200.jpg 300w, https:\/\/infonewss.com\/wp-content\/uploads\/2023\/09\/Massape-vence-Padre-Marcos-por-3-\u00d7-1-em-placar-agregado-pela-II-Copa-AMVI-IMG_1231-768x512.jpg 768w, https:\/\/infonewss.com\/wp-content\/uploads\/2023\/09\/Massape-vence-Padre-Marcos-por-3-\u00d7-1-em-placar-agregado-pela-II-Copa-AMVI-IMG_1231-150x100.jpg 150w, https:\/\/infonewss.com\/wp-content\/uploads\/2023\/09\/Massape-vence-Padre-Marcos-por-3-\u00d7-1-em-placar-agregado-pela-II-Copa-AMVI-IMG_1231-696x464.jpg 696w, https:\/\/infonewss.com\/wp-content\/uploads\/2023\/09\/Massape-vence-Padre-Marcos-por-3-\u00d7-1-em-placar-agregado-pela-II-Copa-AMVI-IMG_1231.jpg 900w\" data-src=\"https:\/\/infonewss.com\/wp-content\/uploads\/2023\/09\/Massape-vence-Padre-Marcos-por-3-\u00d7-1-em-placar-agregado-pela-II-Copa-AMVI-IMG_1231-300x200.jpg\" data-sizes=\"(max-width: 300px) 100vw, 300px\" \/><\/a><\/div>\n<\/figure>\n<figure class=\"gallery-item\">\n<div class=\"gallery-icon landscape\"><a href=\"https:\/\/infonewss.com\/wp-content\/uploads\/2023\/09\/Massape-vence-Padre-Marcos-por-3-%C3%97-1-em-placar-agregado-pela-II-Copa-AMVI-IMG_1233.jpg\"><img loading=\"lazy\" decoding=\"async\" class=\"attachment-medium size-medium lazyload\" src=\"data:image\/gif;base64,R0lGODlhAQABAAAAACH5BAEKAAEALAAAAAABAAEAAAICTAEAOw==\" alt=\"\" width=\"300\" height=\"200\" data-srcset=\"https:\/\/infonewss.com\/wp-content\/uploads\/2023\/09\/Massape-vence-Padre-Marcos-por-3-\u00d7-1-em-placar-agregado-pela-II-Copa-AMVI-IMG_1233-300x200.jpg 300w, https:\/\/infonewss.com\/wp-content\/uploads\/2023\/09\/Massape-vence-Padre-Marcos-por-3-\u00d7-1-em-placar-agregado-pela-II-Copa-AMVI-IMG_1233-768x512.jpg 768w, https:\/\/infonewss.com\/wp-content\/uploads\/2023\/09\/Massape-vence-Padre-Marcos-por-3-\u00d7-1-em-placar-agregado-pela-II-Copa-AMVI-IMG_1233-150x100.jpg 150w, https:\/\/infonewss.com\/wp-content\/uploads\/2023\/09\/Massape-vence-Padre-Marcos-por-3-\u00d7-1-em-placar-agregado-pela-II-Copa-AMVI-IMG_1233-696x464.jpg 696w, https:\/\/infonewss.com\/wp-content\/uploads\/2023\/09\/Massape-vence-Padre-Marcos-por-3-\u00d7-1-em-placar-agregado-pela-II-Copa-AMVI-IMG_1233.jpg 900w\" data-src=\"https:\/\/infonewss.com\/wp-content\/uploads\/2023\/09\/Massape-vence-Padre-Marcos-por-3-\u00d7-1-em-placar-agregado-pela-II-Copa-AMVI-IMG_1233-300x200.jpg\" data-sizes=\"(max-width: 300px) 100vw, 300px\" \/><\/a><\/div>\n<\/figure>\n<figure class=\"gallery-item\">\n<div class=\"gallery-icon landscape\"><a href=\"https:\/\/infonewss.com\/wp-content\/uploads\/2023\/09\/Massape-vence-Padre-Marcos-por-3-%C3%97-1-em-placar-agregado-pela-II-Copa-AMVI-IMG_1234.jpg\"><img loading=\"lazy\" decoding=\"async\" class=\"attachment-medium size-medium lazyload\" src=\"data:image\/gif;base64,R0lGODlhAQABAAAAACH5BAEKAAEALAAAAAABAAEAAAICTAEAOw==\" alt=\"\" width=\"300\" height=\"200\" data-srcset=\"https:\/\/infonewss.com\/wp-content\/uploads\/2023\/09\/Massape-vence-Padre-Marcos-por-3-\u00d7-1-em-placar-agregado-pela-II-Copa-AMVI-IMG_1234-300x200.jpg 300w, https:\/\/infonewss.com\/wp-content\/uploads\/2023\/09\/Massape-vence-Padre-Marcos-por-3-\u00d7-1-em-placar-agregado-pela-II-Copa-AMVI-IMG_1234-768x512.jpg 768w, https:\/\/infonewss.com\/wp-content\/uploads\/2023\/09\/Massape-vence-Padre-Marcos-por-3-\u00d7-1-em-placar-agregado-pela-II-Copa-AMVI-IMG_1234-150x100.jpg 150w, https:\/\/infonewss.com\/wp-content\/uploads\/2023\/09\/Massape-vence-Padre-Marcos-por-3-\u00d7-1-em-placar-agregado-pela-II-Copa-AMVI-IMG_1234-696x464.jpg 696w, https:\/\/infonewss.com\/wp-content\/uploads\/2023\/09\/Massape-vence-Padre-Marcos-por-3-\u00d7-1-em-placar-agregado-pela-II-Copa-AMVI-IMG_1234.jpg 900w\" data-src=\"https:\/\/infonewss.com\/wp-content\/uploads\/2023\/09\/Massape-vence-Padre-Marcos-por-3-\u00d7-1-em-placar-agregado-pela-II-Copa-AMVI-IMG_1234-300x200.jpg\" data-sizes=\"(max-width: 300px) 100vw, 300px\" \/><\/a><\/div>\n<\/figure>\n<figure class=\"gallery-item\">\n<div class=\"gallery-icon landscape\"><a href=\"https:\/\/infonewss.com\/wp-content\/uploads\/2023\/09\/Massape-vence-Padre-Marcos-por-3-%C3%97-1-em-placar-agregado-pela-II-Copa-AMVI-IMG_1236.jpg\"><img loading=\"lazy\" decoding=\"async\" class=\"attachment-medium size-medium lazyload\" src=\"data:image\/gif;base64,R0lGODlhAQABAAAAACH5BAEKAAEALAAAAAABAAEAAAICTAEAOw==\" alt=\"\" width=\"300\" height=\"200\" data-srcset=\"https:\/\/infonewss.com\/wp-content\/uploads\/2023\/09\/Massape-vence-Padre-Marcos-por-3-\u00d7-1-em-placar-agregado-pela-II-Copa-AMVI-IMG_1236-300x200.jpg 300w, https:\/\/infonewss.com\/wp-content\/uploads\/2023\/09\/Massape-vence-Padre-Marcos-por-3-\u00d7-1-em-placar-agregado-pela-II-Copa-AMVI-IMG_1236-768x512.jpg 768w, https:\/\/infonewss.com\/wp-content\/uploads\/2023\/09\/Massape-vence-Padre-Marcos-por-3-\u00d7-1-em-placar-agregado-pela-II-Copa-AMVI-IMG_1236-150x100.jpg 150w, https:\/\/infonewss.com\/wp-content\/uploads\/2023\/09\/Massape-vence-Padre-Marcos-por-3-\u00d7-1-em-placar-agregado-pela-II-Copa-AMVI-IMG_1236-696x464.jpg 696w, https:\/\/infonewss.com\/wp-content\/uploads\/2023\/09\/Massape-vence-Padre-Marcos-por-3-\u00d7-1-em-placar-agregado-pela-II-Copa-AMVI-IMG_1236.jpg 900w\" data-src=\"https:\/\/infonewss.com\/wp-content\/uploads\/2023\/09\/Massape-vence-Padre-Marcos-por-3-\u00d7-1-em-placar-agregado-pela-II-Copa-AMVI-IMG_1236-300x200.jpg\" data-sizes=\"(max-width: 300px) 100vw, 300px\" \/><\/a><\/div>\n<\/figure>\n<figure class=\"gallery-item\">\n<div class=\"gallery-icon portrait\"><a href=\"https:\/\/infonewss.com\/wp-content\/uploads\/2023\/09\/Massape-vence-Padre-Marcos-por-3-%C3%97-1-em-placar-agregado-pela-II-Copa-AMVI-IMG_0583.jpg\"><img loading=\"lazy\" decoding=\"async\" class=\"attachment-medium size-medium lazyload\" src=\"data:image\/gif;base64,R0lGODlhAQABAAAAACH5BAEKAAEALAAAAAABAAEAAAICTAEAOw==\" alt=\"\" width=\"200\" height=\"300\" data-srcset=\"https:\/\/infonewss.com\/wp-content\/uploads\/2023\/09\/Massape-vence-Padre-Marcos-por-3-\u00d7-1-em-placar-agregado-pela-II-Copa-AMVI-IMG_0583-200x300.jpg 200w, https:\/\/infonewss.com\/wp-content\/uploads\/2023\/09\/Massape-vence-Padre-Marcos-por-3-\u00d7-1-em-placar-agregado-pela-II-Copa-AMVI-IMG_0583-683x1024.jpg 683w, https:\/\/infonewss.com\/wp-content\/uploads\/2023\/09\/Massape-vence-Padre-Marcos-por-3-\u00d7-1-em-placar-agregado-pela-II-Copa-AMVI-IMG_0583-768x1152.jpg 768w, https:\/\/infonewss.com\/wp-content\/uploads\/2023\/09\/Massape-vence-Padre-Marcos-por-3-\u00d7-1-em-placar-agregado-pela-II-Copa-AMVI-IMG_0583-150x225.jpg 150w, https:\/\/infonewss.com\/wp-content\/uploads\/2023\/09\/Massape-vence-Padre-Marcos-por-3-\u00d7-1-em-placar-agregado-pela-II-Copa-AMVI-IMG_0583-300x450.jpg 300w, https:\/\/infonewss.com\/wp-content\/uploads\/2023\/09\/Massape-vence-Padre-Marcos-por-3-\u00d7-1-em-placar-agregado-pela-II-Copa-AMVI-IMG_0583-696x1044.jpg 696w, https:\/\/infonewss.com\/wp-content\/uploads\/2023\/09\/Massape-vence-Padre-Marcos-por-3-\u00d7-1-em-placar-agregado-pela-II-Copa-AMVI-IMG_0583.jpg 900w\" data-src=\"https:\/\/infonewss.com\/wp-content\/uploads\/2023\/09\/Massape-vence-Padre-Marcos-por-3-\u00d7-1-em-placar-agregado-pela-II-Copa-AMVI-IMG_0583-200x300.jpg\" data-sizes=\"(max-width: 200px) 100vw, 200px\" \/><\/a><\/div>\n<\/figure>\n<figure class=\"gallery-item\">\n<div class=\"gallery-icon portrait\"><a href=\"https:\/\/infonewss.com\/wp-content\/uploads\/2023\/09\/Massape-vence-Padre-Marcos-por-3-%C3%97-1-em-placar-agregado-pela-II-Copa-AMVI-IMG_0586.jpg\"><img loading=\"lazy\" decoding=\"async\" class=\"attachment-medium size-medium lazyload\" src=\"data:image\/gif;base64,R0lGODlhAQABAAAAACH5BAEKAAEALAAAAAABAAEAAAICTAEAOw==\" alt=\"\" width=\"200\" height=\"300\" data-srcset=\"https:\/\/infonewss.com\/wp-content\/uploads\/2023\/09\/Massape-vence-Padre-Marcos-por-3-\u00d7-1-em-placar-agregado-pela-II-Copa-AMVI-IMG_0586-200x300.jpg 200w, https:\/\/infonewss.com\/wp-content\/uploads\/2023\/09\/Massape-vence-Padre-Marcos-por-3-\u00d7-1-em-placar-agregado-pela-II-Copa-AMVI-IMG_0586-683x1024.jpg 683w, https:\/\/infonewss.com\/wp-content\/uploads\/2023\/09\/Massape-vence-Padre-Marcos-por-3-\u00d7-1-em-placar-agregado-pela-II-Copa-AMVI-IMG_0586-768x1152.jpg 768w, https:\/\/infonewss.com\/wp-content\/uploads\/2023\/09\/Massape-vence-Padre-Marcos-por-3-\u00d7-1-em-placar-agregado-pela-II-Copa-AMVI-IMG_0586-150x225.jpg 150w, https:\/\/infonewss.com\/wp-content\/uploads\/2023\/09\/Massape-vence-Padre-Marcos-por-3-\u00d7-1-em-placar-agregado-pela-II-Copa-AMVI-IMG_0586-300x450.jpg 300w, https:\/\/infonewss.com\/wp-content\/uploads\/2023\/09\/Massape-vence-Padre-Marcos-por-3-\u00d7-1-em-placar-agregado-pela-II-Copa-AMVI-IMG_0586-696x1044.jpg 696w, https:\/\/infonewss.com\/wp-content\/uploads\/2023\/09\/Massape-vence-Padre-Marcos-por-3-\u00d7-1-em-placar-agregado-pela-II-Copa-AMVI-IMG_0586.jpg 900w\" data-src=\"https:\/\/infonewss.com\/wp-content\/uploads\/2023\/09\/Massape-vence-Padre-Marcos-por-3-\u00d7-1-em-placar-agregado-pela-II-Copa-AMVI-IMG_0586-200x300.jpg\" data-sizes=\"(max-width: 200px) 100vw, 200px\" \/><\/a><\/div>\n<\/figure>\n<figure class=\"gallery-item\">\n<div class=\"gallery-icon portrait\"><a href=\"https:\/\/infonewss.com\/wp-content\/uploads\/2023\/09\/Massape-vence-Padre-Marcos-por-3-%C3%97-1-em-placar-agregado-pela-II-Copa-AMVI-IMG_0589.jpg\"><img loading=\"lazy\" decoding=\"async\" class=\"attachment-medium size-medium lazyload\" src=\"data:image\/gif;base64,R0lGODlhAQABAAAAACH5BAEKAAEALAAAAAABAAEAAAICTAEAOw==\" alt=\"\" width=\"200\" height=\"300\" data-srcset=\"https:\/\/infonewss.com\/wp-content\/uploads\/2023\/09\/Massape-vence-Padre-Marcos-por-3-\u00d7-1-em-placar-agregado-pela-II-Copa-AMVI-IMG_0589-200x300.jpg 200w, https:\/\/infonewss.com\/wp-content\/uploads\/2023\/09\/Massape-vence-Padre-Marcos-por-3-\u00d7-1-em-placar-agregado-pela-II-Copa-AMVI-IMG_0589-683x1024.jpg 683w, https:\/\/infonewss.com\/wp-content\/uploads\/2023\/09\/Massape-vence-Padre-Marcos-por-3-\u00d7-1-em-placar-agregado-pela-II-Copa-AMVI-IMG_0589-768x1152.jpg 768w, https:\/\/infonewss.com\/wp-content\/uploads\/2023\/09\/Massape-vence-Padre-Marcos-por-3-\u00d7-1-em-placar-agregado-pela-II-Copa-AMVI-IMG_0589-150x225.jpg 150w, https:\/\/infonewss.com\/wp-content\/uploads\/2023\/09\/Massape-vence-Padre-Marcos-por-3-\u00d7-1-em-placar-agregado-pela-II-Copa-AMVI-IMG_0589-300x450.jpg 300w, https:\/\/infonewss.com\/wp-content\/uploads\/2023\/09\/Massape-vence-Padre-Marcos-por-3-\u00d7-1-em-placar-agregado-pela-II-Copa-AMVI-IMG_0589-696x1044.jpg 696w, https:\/\/infonewss.com\/wp-content\/uploads\/2023\/09\/Massape-vence-Padre-Marcos-por-3-\u00d7-1-em-placar-agregado-pela-II-Copa-AMVI-IMG_0589.jpg 900w\" data-src=\"https:\/\/infonewss.com\/wp-content\/uploads\/2023\/09\/Massape-vence-Padre-Marcos-por-3-\u00d7-1-em-placar-agregado-pela-II-Copa-AMVI-IMG_0589-200x300.jpg\" data-sizes=\"(max-width: 200px) 100vw, 200px\" \/><\/a><\/div>\n<\/figure>\n<figure class=\"gallery-item\">\n<div class=\"gallery-icon portrait\"><a href=\"https:\/\/infonewss.com\/wp-content\/uploads\/2023\/09\/Massape-vence-Padre-Marcos-por-3-%C3%97-1-em-placar-agregado-pela-II-Copa-AMVI-IMG_0590.jpg\"><img loading=\"lazy\" decoding=\"async\" class=\"attachment-medium size-medium lazyload\" src=\"data:image\/gif;base64,R0lGODlhAQABAAAAACH5BAEKAAEALAAAAAABAAEAAAICTAEAOw==\" alt=\"\" width=\"200\" height=\"300\" data-srcset=\"https:\/\/infonewss.com\/wp-content\/uploads\/2023\/09\/Massape-vence-Padre-Marcos-por-3-\u00d7-1-em-placar-agregado-pela-II-Copa-AMVI-IMG_0590-200x300.jpg 200w, https:\/\/infonewss.com\/wp-content\/uploads\/2023\/09\/Massape-vence-Padre-Marcos-por-3-\u00d7-1-em-placar-agregado-pela-II-Copa-AMVI-IMG_0590-683x1024.jpg 683w, https:\/\/infonewss.com\/wp-content\/uploads\/2023\/09\/Massape-vence-Padre-Marcos-por-3-\u00d7-1-em-placar-agregado-pela-II-Copa-AMVI-IMG_0590-768x1152.jpg 768w, https:\/\/infonewss.com\/wp-content\/uploads\/2023\/09\/Massape-vence-Padre-Marcos-por-3-\u00d7-1-em-placar-agregado-pela-II-Copa-AMVI-IMG_0590-150x225.jpg 150w, https:\/\/infonewss.com\/wp-content\/uploads\/2023\/09\/Massape-vence-Padre-Marcos-por-3-\u00d7-1-em-placar-agregado-pela-II-Copa-AMVI-IMG_0590-300x450.jpg 300w, https:\/\/infonewss.com\/wp-content\/uploads\/2023\/09\/Massape-vence-Padre-Marcos-por-3-\u00d7-1-em-placar-agregado-pela-II-Copa-AMVI-IMG_0590-696x1044.jpg 696w, https:\/\/infonewss.com\/wp-content\/uploads\/2023\/09\/Massape-vence-Padre-Marcos-por-3-\u00d7-1-em-placar-agregado-pela-II-Copa-AMVI-IMG_0590.jpg 900w\" data-src=\"https:\/\/infonewss.com\/wp-content\/uploads\/2023\/09\/Massape-vence-Padre-Marcos-por-3-\u00d7-1-em-placar-agregado-pela-II-Copa-AMVI-IMG_0590-200x300.jpg\" data-sizes=\"(max-width: 200px) 100vw, 200px\" \/><\/a><\/div>\n<\/figure>\n<figure class=\"gallery-item\">\n<div class=\"gallery-icon portrait\"><a href=\"https:\/\/infonewss.com\/wp-content\/uploads\/2023\/09\/Massape-vence-Padre-Marcos-por-3-%C3%97-1-em-placar-agregado-pela-II-Copa-AMVI-IMG_0591.jpg\"><img loading=\"lazy\" decoding=\"async\" class=\"attachment-medium size-medium lazyload\" src=\"data:image\/gif;base64,R0lGODlhAQABAAAAACH5BAEKAAEALAAAAAABAAEAAAICTAEAOw==\" alt=\"\" width=\"200\" height=\"300\" data-srcset=\"https:\/\/infonewss.com\/wp-content\/uploads\/2023\/09\/Massape-vence-Padre-Marcos-por-3-\u00d7-1-em-placar-agregado-pela-II-Copa-AMVI-IMG_0591-200x300.jpg 200w, https:\/\/infonewss.com\/wp-content\/uploads\/2023\/09\/Massape-vence-Padre-Marcos-por-3-\u00d7-1-em-placar-agregado-pela-II-Copa-AMVI-IMG_0591-683x1024.jpg 683w, https:\/\/infonewss.com\/wp-content\/uploads\/2023\/09\/Massape-vence-Padre-Marcos-por-3-\u00d7-1-em-placar-agregado-pela-II-Copa-AMVI-IMG_0591-768x1152.jpg 768w, https:\/\/infonewss.com\/wp-content\/uploads\/2023\/09\/Massape-vence-Padre-Marcos-por-3-\u00d7-1-em-placar-agregado-pela-II-Copa-AMVI-IMG_0591-150x225.jpg 150w, https:\/\/infonewss.com\/wp-content\/uploads\/2023\/09\/Massape-vence-Padre-Marcos-por-3-\u00d7-1-em-placar-agregado-pela-II-Copa-AMVI-IMG_0591-300x450.jpg 300w, https:\/\/infonewss.com\/wp-content\/uploads\/2023\/09\/Massape-vence-Padre-Marcos-por-3-\u00d7-1-em-placar-agregado-pela-II-Copa-AMVI-IMG_0591-696x1044.jpg 696w, https:\/\/infonewss.com\/wp-content\/uploads\/2023\/09\/Massape-vence-Padre-Marcos-por-3-\u00d7-1-em-placar-agregado-pela-II-Copa-AMVI-IMG_0591.jpg 900w\" data-src=\"https:\/\/infonewss.com\/wp-content\/uploads\/2023\/09\/Massape-vence-Padre-Marcos-por-3-\u00d7-1-em-placar-agregado-pela-II-Copa-AMVI-IMG_0591-200x300.jpg\" data-sizes=\"(max-width: 200px) 100vw, 200px\" \/><\/a><\/div>\n<\/figure>\n<figure class=\"gallery-item\">\n<div class=\"gallery-icon portrait\"><a href=\"https:\/\/infonewss.com\/wp-content\/uploads\/2023\/09\/Massape-vence-Padre-Marcos-por-3-%C3%97-1-em-placar-agregado-pela-II-Copa-AMVI-IMG_0592.jpg\"><img loading=\"lazy\" decoding=\"async\" class=\"attachment-medium size-medium lazyload\" src=\"data:image\/gif;base64,R0lGODlhAQABAAAAACH5BAEKAAEALAAAAAABAAEAAAICTAEAOw==\" alt=\"\" width=\"200\" height=\"300\" data-srcset=\"https:\/\/infonewss.com\/wp-content\/uploads\/2023\/09\/Massape-vence-Padre-Marcos-por-3-\u00d7-1-em-placar-agregado-pela-II-Copa-AMVI-IMG_0592-200x300.jpg 200w, https:\/\/infonewss.com\/wp-content\/uploads\/2023\/09\/Massape-vence-Padre-Marcos-por-3-\u00d7-1-em-placar-agregado-pela-II-Copa-AMVI-IMG_0592-683x1024.jpg 683w, https:\/\/infonewss.com\/wp-content\/uploads\/2023\/09\/Massape-vence-Padre-Marcos-por-3-\u00d7-1-em-placar-agregado-pela-II-Copa-AMVI-IMG_0592-768x1152.jpg 768w, https:\/\/infonewss.com\/wp-content\/uploads\/2023\/09\/Massape-vence-Padre-Marcos-por-3-\u00d7-1-em-placar-agregado-pela-II-Copa-AMVI-IMG_0592-150x225.jpg 150w, https:\/\/infonewss.com\/wp-content\/uploads\/2023\/09\/Massape-vence-Padre-Marcos-por-3-\u00d7-1-em-placar-agregado-pela-II-Copa-AMVI-IMG_0592-300x450.jpg 300w, https:\/\/infonewss.com\/wp-content\/uploads\/2023\/09\/Massape-vence-Padre-Marcos-por-3-\u00d7-1-em-placar-agregado-pela-II-Copa-AMVI-IMG_0592-696x1044.jpg 696w, https:\/\/infonewss.com\/wp-content\/uploads\/2023\/09\/Massape-vence-Padre-Marcos-por-3-\u00d7-1-em-placar-agregado-pela-II-Copa-AMVI-IMG_0592.jpg 900w\" data-src=\"https:\/\/infonewss.com\/wp-content\/uploads\/2023\/09\/Massape-vence-Padre-Marcos-por-3-\u00d7-1-em-placar-agregado-pela-II-Copa-AMVI-IMG_0592-200x300.jpg\" data-sizes=\"(max-width: 200px) 100vw, 200px\" \/><\/a><\/div>\n<\/figure>\n<figure class=\"gallery-item\">\n<div class=\"gallery-icon portrait\"><a href=\"https:\/\/infonewss.com\/wp-content\/uploads\/2023\/09\/Massape-vence-Padre-Marcos-por-3-%C3%97-1-em-placar-agregado-pela-II-Copa-AMVI-IMG_0594.jpg\"><img loading=\"lazy\" decoding=\"async\" class=\"attachment-medium size-medium lazyload\" src=\"data:image\/gif;base64,R0lGODlhAQABAAAAACH5BAEKAAEALAAAAAABAAEAAAICTAEAOw==\" alt=\"\" width=\"200\" height=\"300\" data-srcset=\"https:\/\/infonewss.com\/wp-content\/uploads\/2023\/09\/Massape-vence-Padre-Marcos-por-3-\u00d7-1-em-placar-agregado-pela-II-Copa-AMVI-IMG_0594-200x300.jpg 200w, https:\/\/infonewss.com\/wp-content\/uploads\/2023\/09\/Massape-vence-Padre-Marcos-por-3-\u00d7-1-em-placar-agregado-pela-II-Copa-AMVI-IMG_0594-683x1024.jpg 683w, https:\/\/infonewss.com\/wp-content\/uploads\/2023\/09\/Massape-vence-Padre-Marcos-por-3-\u00d7-1-em-placar-agregado-pela-II-Copa-AMVI-IMG_0594-768x1152.jpg 768w, https:\/\/infonewss.com\/wp-content\/uploads\/2023\/09\/Massape-vence-Padre-Marcos-por-3-\u00d7-1-em-placar-agregado-pela-II-Copa-AMVI-IMG_0594-150x225.jpg 150w, https:\/\/infonewss.com\/wp-content\/uploads\/2023\/09\/Massape-vence-Padre-Marcos-por-3-\u00d7-1-em-placar-agregado-pela-II-Copa-AMVI-IMG_0594-300x450.jpg 300w, https:\/\/infonewss.com\/wp-content\/uploads\/2023\/09\/Massape-vence-Padre-Marcos-por-3-\u00d7-1-em-placar-agregado-pela-II-Copa-AMVI-IMG_0594-696x1044.jpg 696w, https:\/\/infonewss.com\/wp-content\/uploads\/2023\/09\/Massape-vence-Padre-Marcos-por-3-\u00d7-1-em-placar-agregado-pela-II-Copa-AMVI-IMG_0594.jpg 900w\" data-src=\"https:\/\/infonewss.com\/wp-content\/uploads\/2023\/09\/Massape-vence-Padre-Marcos-por-3-\u00d7-1-em-placar-agregado-pela-II-Copa-AMVI-IMG_0594-200x300.jpg\" data-sizes=\"(max-width: 200px) 100vw, 200px\" \/><\/a><\/div>\n<\/figure>\n<figure class=\"gallery-item\">\n<div class=\"gallery-icon portrait\"><a href=\"https:\/\/infonewss.com\/wp-content\/uploads\/2023\/09\/Massape-vence-Padre-Marcos-por-3-%C3%97-1-em-placar-agregado-pela-II-Copa-AMVI-IMG_0595.jpg\"><img loading=\"lazy\" decoding=\"async\" class=\"attachment-medium size-medium lazyload\" src=\"data:image\/gif;base64,R0lGODlhAQABAAAAACH5BAEKAAEALAAAAAABAAEAAAICTAEAOw==\" alt=\"\" width=\"200\" height=\"300\" data-srcset=\"https:\/\/infonewss.com\/wp-content\/uploads\/2023\/09\/Massape-vence-Padre-Marcos-por-3-\u00d7-1-em-placar-agregado-pela-II-Copa-AMVI-IMG_0595-200x300.jpg 200w, https:\/\/infonewss.com\/wp-content\/uploads\/2023\/09\/Massape-vence-Padre-Marcos-por-3-\u00d7-1-em-placar-agregado-pela-II-Copa-AMVI-IMG_0595-683x1024.jpg 683w, https:\/\/infonewss.com\/wp-content\/uploads\/2023\/09\/Massape-vence-Padre-Marcos-por-3-\u00d7-1-em-placar-agregado-pela-II-Copa-AMVI-IMG_0595-768x1152.jpg 768w, https:\/\/infonewss.com\/wp-content\/uploads\/2023\/09\/Massape-vence-Padre-Marcos-por-3-\u00d7-1-em-placar-agregado-pela-II-Copa-AMVI-IMG_0595-150x225.jpg 150w, https:\/\/infonewss.com\/wp-content\/uploads\/2023\/09\/Massape-vence-Padre-Marcos-por-3-\u00d7-1-em-placar-agregado-pela-II-Copa-AMVI-IMG_0595-300x450.jpg 300w, https:\/\/infonewss.com\/wp-content\/uploads\/2023\/09\/Massape-vence-Padre-Marcos-por-3-\u00d7-1-em-placar-agregado-pela-II-Copa-AMVI-IMG_0595-696x1044.jpg 696w, https:\/\/infonewss.com\/wp-content\/uploads\/2023\/09\/Massape-vence-Padre-Marcos-por-3-\u00d7-1-em-placar-agregado-pela-II-Copa-AMVI-IMG_0595.jpg 900w\" data-src=\"https:\/\/infonewss.com\/wp-content\/uploads\/2023\/09\/Massape-vence-Padre-Marcos-por-3-\u00d7-1-em-placar-agregado-pela-II-Copa-AMVI-IMG_0595-200x300.jpg\" data-sizes=\"(max-width: 200px) 100vw, 200px\" \/><\/a><\/div>\n<\/figure>\n<figure class=\"gallery-item\">\n<div class=\"gallery-icon portrait\"><a href=\"https:\/\/infonewss.com\/wp-content\/uploads\/2023\/09\/Massape-vence-Padre-Marcos-por-3-%C3%97-1-em-placar-agregado-pela-II-Copa-AMVI-IMG_0596.jpg\"><img loading=\"lazy\" decoding=\"async\" class=\"attachment-medium size-medium lazyload\" src=\"data:image\/gif;base64,R0lGODlhAQABAAAAACH5BAEKAAEALAAAAAABAAEAAAICTAEAOw==\" alt=\"\" width=\"200\" height=\"300\" data-srcset=\"https:\/\/infonewss.com\/wp-content\/uploads\/2023\/09\/Massape-vence-Padre-Marcos-por-3-\u00d7-1-em-placar-agregado-pela-II-Copa-AMVI-IMG_0596-200x300.jpg 200w, https:\/\/infonewss.com\/wp-content\/uploads\/2023\/09\/Massape-vence-Padre-Marcos-por-3-\u00d7-1-em-placar-agregado-pela-II-Copa-AMVI-IMG_0596-683x1024.jpg 683w, https:\/\/infonewss.com\/wp-content\/uploads\/2023\/09\/Massape-vence-Padre-Marcos-por-3-\u00d7-1-em-placar-agregado-pela-II-Copa-AMVI-IMG_0596-768x1152.jpg 768w, https:\/\/infonewss.com\/wp-content\/uploads\/2023\/09\/Massape-vence-Padre-Marcos-por-3-\u00d7-1-em-placar-agregado-pela-II-Copa-AMVI-IMG_0596-150x225.jpg 150w, https:\/\/infonewss.com\/wp-content\/uploads\/2023\/09\/Massape-vence-Padre-Marcos-por-3-\u00d7-1-em-placar-agregado-pela-II-Copa-AMVI-IMG_0596-300x450.jpg 300w, https:\/\/infonewss.com\/wp-content\/uploads\/2023\/09\/Massape-vence-Padre-Marcos-por-3-\u00d7-1-em-placar-agregado-pela-II-Copa-AMVI-IMG_0596-696x1044.jpg 696w, https:\/\/infonewss.com\/wp-content\/uploads\/2023\/09\/Massape-vence-Padre-Marcos-por-3-\u00d7-1-em-placar-agregado-pela-II-Copa-AMVI-IMG_0596.jpg 900w\" data-src=\"https:\/\/infonewss.com\/wp-content\/uploads\/2023\/09\/Massape-vence-Padre-Marcos-por-3-\u00d7-1-em-placar-agregado-pela-II-Copa-AMVI-IMG_0596-200x300.jpg\" data-sizes=\"(max-width: 200px) 100vw, 200px\" \/><\/a><\/div>\n<\/figure>\n<figure class=\"gallery-item\">\n<div class=\"gallery-icon portrait\"><a href=\"https:\/\/infonewss.com\/wp-content\/uploads\/2023\/09\/Massape-vence-Padre-Marcos-por-3-%C3%97-1-em-placar-agregado-pela-II-Copa-AMVI-IMG_0597.jpg\"><img loading=\"lazy\" decoding=\"async\" class=\"attachment-medium size-medium lazyload\" src=\"data:image\/gif;base64,R0lGODlhAQABAAAAACH5BAEKAAEALAAAAAABAAEAAAICTAEAOw==\" alt=\"\" width=\"200\" height=\"300\" data-srcset=\"https:\/\/infonewss.com\/wp-content\/uploads\/2023\/09\/Massape-vence-Padre-Marcos-por-3-\u00d7-1-em-placar-agregado-pela-II-Copa-AMVI-IMG_0597-200x300.jpg 200w, https:\/\/infonewss.com\/wp-content\/uploads\/2023\/09\/Massape-vence-Padre-Marcos-por-3-\u00d7-1-em-placar-agregado-pela-II-Copa-AMVI-IMG_0597-683x1024.jpg 683w, https:\/\/infonewss.com\/wp-content\/uploads\/2023\/09\/Massape-vence-Padre-Marcos-por-3-\u00d7-1-em-placar-agregado-pela-II-Copa-AMVI-IMG_0597-768x1152.jpg 768w, https:\/\/infonewss.com\/wp-content\/uploads\/2023\/09\/Massape-vence-Padre-Marcos-por-3-\u00d7-1-em-placar-agregado-pela-II-Copa-AMVI-IMG_0597-150x225.jpg 150w, https:\/\/infonewss.com\/wp-content\/uploads\/2023\/09\/Massape-vence-Padre-Marcos-por-3-\u00d7-1-em-placar-agregado-pela-II-Copa-AMVI-IMG_0597-300x450.jpg 300w, https:\/\/infonewss.com\/wp-content\/uploads\/2023\/09\/Massape-vence-Padre-Marcos-por-3-\u00d7-1-em-placar-agregado-pela-II-Copa-AMVI-IMG_0597-696x1044.jpg 696w, https:\/\/infonewss.com\/wp-content\/uploads\/2023\/09\/Massape-vence-Padre-Marcos-por-3-\u00d7-1-em-placar-agregado-pela-II-Copa-AMVI-IMG_0597.jpg 900w\" data-src=\"https:\/\/infonewss.com\/wp-content\/uploads\/2023\/09\/Massape-vence-Padre-Marcos-por-3-\u00d7-1-em-placar-agregado-pela-II-Copa-AMVI-IMG_0597-200x300.jpg\" data-sizes=\"(max-width: 200px) 100vw, 200px\" \/><\/a><\/div>\n<\/figure>\n<figure class=\"gallery-item\">\n<div class=\"gallery-icon portrait\"><a href=\"https:\/\/infonewss.com\/wp-content\/uploads\/2023\/09\/Massape-vence-Padre-Marcos-por-3-%C3%97-1-em-placar-agregado-pela-II-Copa-AMVI-IMG_0600.jpg\"><img loading=\"lazy\" decoding=\"async\" class=\"attachment-medium size-medium lazyload\" src=\"data:image\/gif;base64,R0lGODlhAQABAAAAACH5BAEKAAEALAAAAAABAAEAAAICTAEAOw==\" alt=\"\" width=\"200\" height=\"300\" data-srcset=\"https:\/\/infonewss.com\/wp-content\/uploads\/2023\/09\/Massape-vence-Padre-Marcos-por-3-\u00d7-1-em-placar-agregado-pela-II-Copa-AMVI-IMG_0600-200x300.jpg 200w, https:\/\/infonewss.com\/wp-content\/uploads\/2023\/09\/Massape-vence-Padre-Marcos-por-3-\u00d7-1-em-placar-agregado-pela-II-Copa-AMVI-IMG_0600-683x1024.jpg 683w, https:\/\/infonewss.com\/wp-content\/uploads\/2023\/09\/Massape-vence-Padre-Marcos-por-3-\u00d7-1-em-placar-agregado-pela-II-Copa-AMVI-IMG_0600-768x1152.jpg 768w, https:\/\/infonewss.com\/wp-content\/uploads\/2023\/09\/Massape-vence-Padre-Marcos-por-3-\u00d7-1-em-placar-agregado-pela-II-Copa-AMVI-IMG_0600-150x225.jpg 150w, https:\/\/infonewss.com\/wp-content\/uploads\/2023\/09\/Massape-vence-Padre-Marcos-por-3-\u00d7-1-em-placar-agregado-pela-II-Copa-AMVI-IMG_0600-300x450.jpg 300w, https:\/\/infonewss.com\/wp-content\/uploads\/2023\/09\/Massape-vence-Padre-Marcos-por-3-\u00d7-1-em-placar-agregado-pela-II-Copa-AMVI-IMG_0600-696x1044.jpg 696w, https:\/\/infonewss.com\/wp-content\/uploads\/2023\/09\/Massape-vence-Padre-Marcos-por-3-\u00d7-1-em-placar-agregado-pela-II-Copa-AMVI-IMG_0600.jpg 900w\" data-src=\"https:\/\/infonewss.com\/wp-content\/uploads\/2023\/09\/Massape-vence-Padre-Marcos-por-3-\u00d7-1-em-placar-agregado-pela-II-Copa-AMVI-IMG_0600-200x300.jpg\" data-sizes=\"(max-width: 200px) 100vw, 200px\" \/><\/a><\/div>\n<\/figure>\n<figure class=\"gallery-item\">\n<div class=\"gallery-icon portrait\"><a href=\"https:\/\/infonewss.com\/wp-content\/uploads\/2023\/09\/Massape-vence-Padre-Marcos-por-3-%C3%97-1-em-placar-agregado-pela-II-Copa-AMVI-IMG_0603.jpg\"><img loading=\"lazy\" decoding=\"async\" class=\"attachment-medium size-medium lazyload\" src=\"data:image\/gif;base64,R0lGODlhAQABAAAAACH5BAEKAAEALAAAAAABAAEAAAICTAEAOw==\" alt=\"\" width=\"200\" height=\"300\" data-srcset=\"https:\/\/infonewss.com\/wp-content\/uploads\/2023\/09\/Massape-vence-Padre-Marcos-por-3-\u00d7-1-em-placar-agregado-pela-II-Copa-AMVI-IMG_0603-200x300.jpg 200w, https:\/\/infonewss.com\/wp-content\/uploads\/2023\/09\/Massape-vence-Padre-Marcos-por-3-\u00d7-1-em-placar-agregado-pela-II-Copa-AMVI-IMG_0603-683x1024.jpg 683w, https:\/\/infonewss.com\/wp-content\/uploads\/2023\/09\/Massape-vence-Padre-Marcos-por-3-\u00d7-1-em-placar-agregado-pela-II-Copa-AMVI-IMG_0603-768x1152.jpg 768w, https:\/\/infonewss.com\/wp-content\/uploads\/2023\/09\/Massape-vence-Padre-Marcos-por-3-\u00d7-1-em-placar-agregado-pela-II-Copa-AMVI-IMG_0603-150x225.jpg 150w, https:\/\/infonewss.com\/wp-content\/uploads\/2023\/09\/Massape-vence-Padre-Marcos-por-3-\u00d7-1-em-placar-agregado-pela-II-Copa-AMVI-IMG_0603-300x450.jpg 300w, https:\/\/infonewss.com\/wp-content\/uploads\/2023\/09\/Massape-vence-Padre-Marcos-por-3-\u00d7-1-em-placar-agregado-pela-II-Copa-AMVI-IMG_0603-696x1044.jpg 696w, https:\/\/infonewss.com\/wp-content\/uploads\/2023\/09\/Massape-vence-Padre-Marcos-por-3-\u00d7-1-em-placar-agregado-pela-II-Copa-AMVI-IMG_0603.jpg 900w\" data-src=\"https:\/\/infonewss.com\/wp-content\/uploads\/2023\/09\/Massape-vence-Padre-Marcos-por-3-\u00d7-1-em-placar-agregado-pela-II-Copa-AMVI-IMG_0603-200x300.jpg\" data-sizes=\"(max-width: 200px) 100vw, 200px\" \/><\/a><\/div>\n<\/figure>\n<figure class=\"gallery-item\">\n<div class=\"gallery-icon landscape\"><a href=\"https:\/\/infonewss.com\/wp-content\/uploads\/2023\/09\/Massape-vence-Padre-Marcos-por-3-%C3%97-1-em-placar-agregado-pela-II-Copa-AMVI-IMG_0605.jpg\"><img loading=\"lazy\" decoding=\"async\" class=\"attachment-medium size-medium lazyload\" src=\"data:image\/gif;base64,R0lGODlhAQABAAAAACH5BAEKAAEALAAAAAABAAEAAAICTAEAOw==\" alt=\"\" width=\"300\" height=\"200\" data-srcset=\"https:\/\/infonewss.com\/wp-content\/uploads\/2023\/09\/Massape-vence-Padre-Marcos-por-3-\u00d7-1-em-placar-agregado-pela-II-Copa-AMVI-IMG_0605-300x200.jpg 300w, https:\/\/infonewss.com\/wp-content\/uploads\/2023\/09\/Massape-vence-Padre-Marcos-por-3-\u00d7-1-em-placar-agregado-pela-II-Copa-AMVI-IMG_0605-768x512.jpg 768w, https:\/\/infonewss.com\/wp-content\/uploads\/2023\/09\/Massape-vence-Padre-Marcos-por-3-\u00d7-1-em-placar-agregado-pela-II-Copa-AMVI-IMG_0605-150x100.jpg 150w, https:\/\/infonewss.com\/wp-content\/uploads\/2023\/09\/Massape-vence-Padre-Marcos-por-3-\u00d7-1-em-placar-agregado-pela-II-Copa-AMVI-IMG_0605-696x464.jpg 696w, https:\/\/infonewss.com\/wp-content\/uploads\/2023\/09\/Massape-vence-Padre-Marcos-por-3-\u00d7-1-em-placar-agregado-pela-II-Copa-AMVI-IMG_0605.jpg 900w\" data-src=\"https:\/\/infonewss.com\/wp-content\/uploads\/2023\/09\/Massape-vence-Padre-Marcos-por-3-\u00d7-1-em-placar-agregado-pela-II-Copa-AMVI-IMG_0605-300x200.jpg\" data-sizes=\"(max-width: 300px) 100vw, 300px\" \/><\/a><\/div>\n<\/figure>\n<figure class=\"gallery-item\">\n<div class=\"gallery-icon portrait\"><a href=\"https:\/\/infonewss.com\/wp-content\/uploads\/2023\/09\/Massape-vence-Padre-Marcos-por-3-%C3%97-1-em-placar-agregado-pela-II-Copa-AMVI-IMG_0616.jpg\"><img loading=\"lazy\" decoding=\"async\" class=\"attachment-medium size-medium lazyload\" src=\"data:image\/gif;base64,R0lGODlhAQABAAAAACH5BAEKAAEALAAAAAABAAEAAAICTAEAOw==\" alt=\"\" width=\"200\" height=\"300\" data-srcset=\"https:\/\/infonewss.com\/wp-content\/uploads\/2023\/09\/Massape-vence-Padre-Marcos-por-3-\u00d7-1-em-placar-agregado-pela-II-Copa-AMVI-IMG_0616-200x300.jpg 200w, https:\/\/infonewss.com\/wp-content\/uploads\/2023\/09\/Massape-vence-Padre-Marcos-por-3-\u00d7-1-em-placar-agregado-pela-II-Copa-AMVI-IMG_0616-683x1024.jpg 683w, https:\/\/infonewss.com\/wp-content\/uploads\/2023\/09\/Massape-vence-Padre-Marcos-por-3-\u00d7-1-em-placar-agregado-pela-II-Copa-AMVI-IMG_0616-768x1152.jpg 768w, https:\/\/infonewss.com\/wp-content\/uploads\/2023\/09\/Massape-vence-Padre-Marcos-por-3-\u00d7-1-em-placar-agregado-pela-II-Copa-AMVI-IMG_0616-150x225.jpg 150w, https:\/\/infonewss.com\/wp-content\/uploads\/2023\/09\/Massape-vence-Padre-Marcos-por-3-\u00d7-1-em-placar-agregado-pela-II-Copa-AMVI-IMG_0616-300x450.jpg 300w, https:\/\/infonewss.com\/wp-content\/uploads\/2023\/09\/Massape-vence-Padre-Marcos-por-3-\u00d7-1-em-placar-agregado-pela-II-Copa-AMVI-IMG_0616-696x1044.jpg 696w, https:\/\/infonewss.com\/wp-content\/uploads\/2023\/09\/Massape-vence-Padre-Marcos-por-3-\u00d7-1-em-placar-agregado-pela-II-Copa-AMVI-IMG_0616.jpg 900w\" data-src=\"https:\/\/infonewss.com\/wp-content\/uploads\/2023\/09\/Massape-vence-Padre-Marcos-por-3-\u00d7-1-em-placar-agregado-pela-II-Copa-AMVI-IMG_0616-200x300.jpg\" data-sizes=\"(max-width: 200px) 100vw, 200px\" \/><\/a><\/div>\n<\/figure>\n<figure class=\"gallery-item\">\n<div class=\"gallery-icon portrait\"><a href=\"https:\/\/infonewss.com\/wp-content\/uploads\/2023\/09\/Massape-vence-Padre-Marcos-por-3-%C3%97-1-em-placar-agregado-pela-II-Copa-AMVI-IMG_0622.jpg\"><img loading=\"lazy\" decoding=\"async\" class=\"attachment-medium size-medium lazyload\" src=\"data:image\/gif;base64,R0lGODlhAQABAAAAACH5BAEKAAEALAAAAAABAAEAAAICTAEAOw==\" alt=\"\" width=\"200\" height=\"300\" data-srcset=\"https:\/\/infonewss.com\/wp-content\/uploads\/2023\/09\/Massape-vence-Padre-Marcos-por-3-\u00d7-1-em-placar-agregado-pela-II-Copa-AMVI-IMG_0622-200x300.jpg 200w, https:\/\/infonewss.com\/wp-content\/uploads\/2023\/09\/Massape-vence-Padre-Marcos-por-3-\u00d7-1-em-placar-agregado-pela-II-Copa-AMVI-IMG_0622-683x1024.jpg 683w, https:\/\/infonewss.com\/wp-content\/uploads\/2023\/09\/Massape-vence-Padre-Marcos-por-3-\u00d7-1-em-placar-agregado-pela-II-Copa-AMVI-IMG_0622-768x1152.jpg 768w, https:\/\/infonewss.com\/wp-content\/uploads\/2023\/09\/Massape-vence-Padre-Marcos-por-3-\u00d7-1-em-placar-agregado-pela-II-Copa-AMVI-IMG_0622-150x225.jpg 150w, https:\/\/infonewss.com\/wp-content\/uploads\/2023\/09\/Massape-vence-Padre-Marcos-por-3-\u00d7-1-em-placar-agregado-pela-II-Copa-AMVI-IMG_0622-300x450.jpg 300w, https:\/\/infonewss.com\/wp-content\/uploads\/2023\/09\/Massape-vence-Padre-Marcos-por-3-\u00d7-1-em-placar-agregado-pela-II-Copa-AMVI-IMG_0622-696x1044.jpg 696w, https:\/\/infonewss.com\/wp-content\/uploads\/2023\/09\/Massape-vence-Padre-Marcos-por-3-\u00d7-1-em-placar-agregado-pela-II-Copa-AMVI-IMG_0622.jpg 900w\" data-src=\"https:\/\/infonewss.com\/wp-content\/uploads\/2023\/09\/Massape-vence-Padre-Marcos-por-3-\u00d7-1-em-placar-agregado-pela-II-Copa-AMVI-IMG_0622-200x300.jpg\" data-sizes=\"(max-width: 200px) 100vw, 200px\" \/><\/a><\/div>\n<\/figure>\n<figure class=\"gallery-item\">\n<div class=\"gallery-icon portrait\"><a href=\"https:\/\/infonewss.com\/wp-content\/uploads\/2023\/09\/Massape-vence-Padre-Marcos-por-3-%C3%97-1-em-placar-agregado-pela-II-Copa-AMVI-IMG_0629.jpg\"><img loading=\"lazy\" decoding=\"async\" class=\"attachment-medium size-medium lazyload\" src=\"data:image\/gif;base64,R0lGODlhAQABAAAAACH5BAEKAAEALAAAAAABAAEAAAICTAEAOw==\" alt=\"\" width=\"200\" height=\"300\" data-srcset=\"https:\/\/infonewss.com\/wp-content\/uploads\/2023\/09\/Massape-vence-Padre-Marcos-por-3-\u00d7-1-em-placar-agregado-pela-II-Copa-AMVI-IMG_0629-200x300.jpg 200w, https:\/\/infonewss.com\/wp-content\/uploads\/2023\/09\/Massape-vence-Padre-Marcos-por-3-\u00d7-1-em-placar-agregado-pela-II-Copa-AMVI-IMG_0629-683x1024.jpg 683w, https:\/\/infonewss.com\/wp-content\/uploads\/2023\/09\/Massape-vence-Padre-Marcos-por-3-\u00d7-1-em-placar-agregado-pela-II-Copa-AMVI-IMG_0629-768x1152.jpg 768w, https:\/\/infonewss.com\/wp-content\/uploads\/2023\/09\/Massape-vence-Padre-Marcos-por-3-\u00d7-1-em-placar-agregado-pela-II-Copa-AMVI-IMG_0629-150x225.jpg 150w, https:\/\/infonewss.com\/wp-content\/uploads\/2023\/09\/Massape-vence-Padre-Marcos-por-3-\u00d7-1-em-placar-agregado-pela-II-Copa-AMVI-IMG_0629-300x450.jpg 300w, https:\/\/infonewss.com\/wp-content\/uploads\/2023\/09\/Massape-vence-Padre-Marcos-por-3-\u00d7-1-em-placar-agregado-pela-II-Copa-AMVI-IMG_0629-696x1044.jpg 696w, https:\/\/infonewss.com\/wp-content\/uploads\/2023\/09\/Massape-vence-Padre-Marcos-por-3-\u00d7-1-em-placar-agregado-pela-II-Copa-AMVI-IMG_0629.jpg 900w\" data-src=\"https:\/\/infonewss.com\/wp-content\/uploads\/2023\/09\/Massape-vence-Padre-Marcos-por-3-\u00d7-1-em-placar-agregado-pela-II-Copa-AMVI-IMG_0629-200x300.jpg\" data-sizes=\"(max-width: 200px) 100vw, 200px\" \/><\/a><\/div>\n<\/figure>\n<figure class=\"gallery-item\">\n<div class=\"gallery-icon portrait\"><a href=\"https:\/\/infonewss.com\/wp-content\/uploads\/2023\/09\/Massape-vence-Padre-Marcos-por-3-%C3%97-1-em-placar-agregado-pela-II-Copa-AMVI-IMG_0634.jpg\"><img loading=\"lazy\" decoding=\"async\" class=\"attachment-medium size-medium lazyload\" src=\"data:image\/gif;base64,R0lGODlhAQABAAAAACH5BAEKAAEALAAAAAABAAEAAAICTAEAOw==\" alt=\"\" width=\"200\" height=\"300\" data-srcset=\"https:\/\/infonewss.com\/wp-content\/uploads\/2023\/09\/Massape-vence-Padre-Marcos-por-3-\u00d7-1-em-placar-agregado-pela-II-Copa-AMVI-IMG_0634-200x300.jpg 200w, https:\/\/infonewss.com\/wp-content\/uploads\/2023\/09\/Massape-vence-Padre-Marcos-por-3-\u00d7-1-em-placar-agregado-pela-II-Copa-AMVI-IMG_0634-683x1024.jpg 683w, https:\/\/infonewss.com\/wp-content\/uploads\/2023\/09\/Massape-vence-Padre-Marcos-por-3-\u00d7-1-em-placar-agregado-pela-II-Copa-AMVI-IMG_0634-768x1152.jpg 768w, https:\/\/infonewss.com\/wp-content\/uploads\/2023\/09\/Massape-vence-Padre-Marcos-por-3-\u00d7-1-em-placar-agregado-pela-II-Copa-AMVI-IMG_0634-150x225.jpg 150w, https:\/\/infonewss.com\/wp-content\/uploads\/2023\/09\/Massape-vence-Padre-Marcos-por-3-\u00d7-1-em-placar-agregado-pela-II-Copa-AMVI-IMG_0634-300x450.jpg 300w, https:\/\/infonewss.com\/wp-content\/uploads\/2023\/09\/Massape-vence-Padre-Marcos-por-3-\u00d7-1-em-placar-agregado-pela-II-Copa-AMVI-IMG_0634-696x1044.jpg 696w, https:\/\/infonewss.com\/wp-content\/uploads\/2023\/09\/Massape-vence-Padre-Marcos-por-3-\u00d7-1-em-placar-agregado-pela-II-Copa-AMVI-IMG_0634.jpg 900w\" data-src=\"https:\/\/infonewss.com\/wp-content\/uploads\/2023\/09\/Massape-vence-Padre-Marcos-por-3-\u00d7-1-em-placar-agregado-pela-II-Copa-AMVI-IMG_0634-200x300.jpg\" data-sizes=\"(max-width: 200px) 100vw, 200px\" \/><\/a><\/div>\n<\/figure>\n<figure class=\"gallery-item\">\n<div class=\"gallery-icon portrait\"><a href=\"https:\/\/infonewss.com\/wp-content\/uploads\/2023\/09\/Massape-vence-Padre-Marcos-por-3-%C3%97-1-em-placar-agregado-pela-II-Copa-AMVI-IMG_0635.jpg\"><img loading=\"lazy\" decoding=\"async\" class=\"attachment-medium size-medium lazyload\" src=\"data:image\/gif;base64,R0lGODlhAQABAAAAACH5BAEKAAEALAAAAAABAAEAAAICTAEAOw==\" alt=\"\" width=\"200\" height=\"300\" data-srcset=\"https:\/\/infonewss.com\/wp-content\/uploads\/2023\/09\/Massape-vence-Padre-Marcos-por-3-\u00d7-1-em-placar-agregado-pela-II-Copa-AMVI-IMG_0635-200x300.jpg 200w, https:\/\/infonewss.com\/wp-content\/uploads\/2023\/09\/Massape-vence-Padre-Marcos-por-3-\u00d7-1-em-placar-agregado-pela-II-Copa-AMVI-IMG_0635-683x1024.jpg 683w, https:\/\/infonewss.com\/wp-content\/uploads\/2023\/09\/Massape-vence-Padre-Marcos-por-3-\u00d7-1-em-placar-agregado-pela-II-Copa-AMVI-IMG_0635-768x1152.jpg 768w, https:\/\/infonewss.com\/wp-content\/uploads\/2023\/09\/Massape-vence-Padre-Marcos-por-3-\u00d7-1-em-placar-agregado-pela-II-Copa-AMVI-IMG_0635-150x225.jpg 150w, https:\/\/infonewss.com\/wp-content\/uploads\/2023\/09\/Massape-vence-Padre-Marcos-por-3-\u00d7-1-em-placar-agregado-pela-II-Copa-AMVI-IMG_0635-300x450.jpg 300w, https:\/\/infonewss.com\/wp-content\/uploads\/2023\/09\/Massape-vence-Padre-Marcos-por-3-\u00d7-1-em-placar-agregado-pela-II-Copa-AMVI-IMG_0635-696x1044.jpg 696w, https:\/\/infonewss.com\/wp-content\/uploads\/2023\/09\/Massape-vence-Padre-Marcos-por-3-\u00d7-1-em-placar-agregado-pela-II-Copa-AMVI-IMG_0635.jpg 900w\" data-src=\"https:\/\/infonewss.com\/wp-content\/uploads\/2023\/09\/Massape-vence-Padre-Marcos-por-3-\u00d7-1-em-placar-agregado-pela-II-Copa-AMVI-IMG_0635-200x300.jpg\" data-sizes=\"(max-width: 200px) 100vw, 200px\" \/><\/a><\/div>\n<\/figure>\n<figure class=\"gallery-item\">\n<div class=\"gallery-icon portrait\"><a href=\"https:\/\/infonewss.com\/wp-content\/uploads\/2023\/09\/Massape-vence-Padre-Marcos-por-3-%C3%97-1-em-placar-agregado-pela-II-Copa-AMVI-IMG_0639.jpg\"><img loading=\"lazy\" decoding=\"async\" class=\"attachment-medium size-medium lazyload\" src=\"data:image\/gif;base64,R0lGODlhAQABAAAAACH5BAEKAAEALAAAAAABAAEAAAICTAEAOw==\" alt=\"\" width=\"200\" height=\"300\" data-srcset=\"https:\/\/infonewss.com\/wp-content\/uploads\/2023\/09\/Massape-vence-Padre-Marcos-por-3-\u00d7-1-em-placar-agregado-pela-II-Copa-AMVI-IMG_0639-200x300.jpg 200w, https:\/\/infonewss.com\/wp-content\/uploads\/2023\/09\/Massape-vence-Padre-Marcos-por-3-\u00d7-1-em-placar-agregado-pela-II-Copa-AMVI-IMG_0639-683x1024.jpg 683w, https:\/\/infonewss.com\/wp-content\/uploads\/2023\/09\/Massape-vence-Padre-Marcos-por-3-\u00d7-1-em-placar-agregado-pela-II-Copa-AMVI-IMG_0639-768x1152.jpg 768w, https:\/\/infonewss.com\/wp-content\/uploads\/2023\/09\/Massape-vence-Padre-Marcos-por-3-\u00d7-1-em-placar-agregado-pela-II-Copa-AMVI-IMG_0639-150x225.jpg 150w, https:\/\/infonewss.com\/wp-content\/uploads\/2023\/09\/Massape-vence-Padre-Marcos-por-3-\u00d7-1-em-placar-agregado-pela-II-Copa-AMVI-IMG_0639-300x450.jpg 300w, https:\/\/infonewss.com\/wp-content\/uploads\/2023\/09\/Massape-vence-Padre-Marcos-por-3-\u00d7-1-em-placar-agregado-pela-II-Copa-AMVI-IMG_0639-696x1044.jpg 696w, https:\/\/infonewss.com\/wp-content\/uploads\/2023\/09\/Massape-vence-Padre-Marcos-por-3-\u00d7-1-em-placar-agregado-pela-II-Copa-AMVI-IMG_0639.jpg 900w\" data-src=\"https:\/\/infonewss.com\/wp-content\/uploads\/2023\/09\/Massape-vence-Padre-Marcos-por-3-\u00d7-1-em-placar-agregado-pela-II-Copa-AMVI-IMG_0639-200x300.jpg\" data-sizes=\"(max-width: 200px) 100vw, 200px\" \/><\/a><\/div>\n<\/figure>\n<figure class=\"gallery-item\">\n<div class=\"gallery-icon portrait\"><a href=\"https:\/\/infonewss.com\/wp-content\/uploads\/2023\/09\/Massape-vence-Padre-Marcos-por-3-%C3%97-1-em-placar-agregado-pela-II-Copa-AMVI-IMG_0640.jpg\"><img loading=\"lazy\" decoding=\"async\" class=\"attachment-medium size-medium lazyload\" src=\"data:image\/gif;base64,R0lGODlhAQABAAAAACH5BAEKAAEALAAAAAABAAEAAAICTAEAOw==\" alt=\"\" width=\"200\" height=\"300\" data-srcset=\"https:\/\/infonewss.com\/wp-content\/uploads\/2023\/09\/Massape-vence-Padre-Marcos-por-3-\u00d7-1-em-placar-agregado-pela-II-Copa-AMVI-IMG_0640-200x300.jpg 200w, https:\/\/infonewss.com\/wp-content\/uploads\/2023\/09\/Massape-vence-Padre-Marcos-por-3-\u00d7-1-em-placar-agregado-pela-II-Copa-AMVI-IMG_0640-683x1024.jpg 683w, https:\/\/infonewss.com\/wp-content\/uploads\/2023\/09\/Massape-vence-Padre-Marcos-por-3-\u00d7-1-em-placar-agregado-pela-II-Copa-AMVI-IMG_0640-768x1152.jpg 768w, https:\/\/infonewss.com\/wp-content\/uploads\/2023\/09\/Massape-vence-Padre-Marcos-por-3-\u00d7-1-em-placar-agregado-pela-II-Copa-AMVI-IMG_0640-150x225.jpg 150w, https:\/\/infonewss.com\/wp-content\/uploads\/2023\/09\/Massape-vence-Padre-Marcos-por-3-\u00d7-1-em-placar-agregado-pela-II-Copa-AMVI-IMG_0640-300x450.jpg 300w, https:\/\/infonewss.com\/wp-content\/uploads\/2023\/09\/Massape-vence-Padre-Marcos-por-3-\u00d7-1-em-placar-agregado-pela-II-Copa-AMVI-IMG_0640-696x1044.jpg 696w, https:\/\/infonewss.com\/wp-content\/uploads\/2023\/09\/Massape-vence-Padre-Marcos-por-3-\u00d7-1-em-placar-agregado-pela-II-Copa-AMVI-IMG_0640.jpg 900w\" data-src=\"https:\/\/infonewss.com\/wp-content\/uploads\/2023\/09\/Massape-vence-Padre-Marcos-por-3-\u00d7-1-em-placar-agregado-pela-II-Copa-AMVI-IMG_0640-200x300.jpg\" data-sizes=\"(max-width: 200px) 100vw, 200px\" \/><\/a><\/div>\n<\/figure>\n<figure class=\"gallery-item\">\n<div class=\"gallery-icon portrait\"><a href=\"https:\/\/infonewss.com\/wp-content\/uploads\/2023\/09\/Massape-vence-Padre-Marcos-por-3-%C3%97-1-em-placar-agregado-pela-II-Copa-AMVI-IMG_0641.jpg\"><img loading=\"lazy\" decoding=\"async\" class=\"attachment-medium size-medium lazyload\" src=\"data:image\/gif;base64,R0lGODlhAQABAAAAACH5BAEKAAEALAAAAAABAAEAAAICTAEAOw==\" alt=\"\" width=\"200\" height=\"300\" data-srcset=\"https:\/\/infonewss.com\/wp-content\/uploads\/2023\/09\/Massape-vence-Padre-Marcos-por-3-\u00d7-1-em-placar-agregado-pela-II-Copa-AMVI-IMG_0641-200x300.jpg 200w, https:\/\/infonewss.com\/wp-content\/uploads\/2023\/09\/Massape-vence-Padre-Marcos-por-3-\u00d7-1-em-placar-agregado-pela-II-Copa-AMVI-IMG_0641-683x1024.jpg 683w, https:\/\/infonewss.com\/wp-content\/uploads\/2023\/09\/Massape-vence-Padre-Marcos-por-3-\u00d7-1-em-placar-agregado-pela-II-Copa-AMVI-IMG_0641-768x1152.jpg 768w, https:\/\/infonewss.com\/wp-content\/uploads\/2023\/09\/Massape-vence-Padre-Marcos-por-3-\u00d7-1-em-placar-agregado-pela-II-Copa-AMVI-IMG_0641-150x225.jpg 150w, https:\/\/infonewss.com\/wp-content\/uploads\/2023\/09\/Massape-vence-Padre-Marcos-por-3-\u00d7-1-em-placar-agregado-pela-II-Copa-AMVI-IMG_0641-300x450.jpg 300w, https:\/\/infonewss.com\/wp-content\/uploads\/2023\/09\/Massape-vence-Padre-Marcos-por-3-\u00d7-1-em-placar-agregado-pela-II-Copa-AMVI-IMG_0641-696x1044.jpg 696w, https:\/\/infonewss.com\/wp-content\/uploads\/2023\/09\/Massape-vence-Padre-Marcos-por-3-\u00d7-1-em-placar-agregado-pela-II-Copa-AMVI-IMG_0641.jpg 900w\" data-src=\"https:\/\/infonewss.com\/wp-content\/uploads\/2023\/09\/Massape-vence-Padre-Marcos-por-3-\u00d7-1-em-placar-agregado-pela-II-Copa-AMVI-IMG_0641-200x300.jpg\" data-sizes=\"(max-width: 200px) 100vw, 200px\" \/><\/a><\/div>\n<\/figure>\n<figure class=\"gallery-item\">\n<div class=\"gallery-icon portrait\"><a href=\"https:\/\/infonewss.com\/wp-content\/uploads\/2023\/09\/Massape-vence-Padre-Marcos-por-3-%C3%97-1-em-placar-agregado-pela-II-Copa-AMVI-IMG_0642.jpg\"><img loading=\"lazy\" decoding=\"async\" class=\"attachment-medium size-medium lazyload\" src=\"data:image\/gif;base64,R0lGODlhAQABAAAAACH5BAEKAAEALAAAAAABAAEAAAICTAEAOw==\" alt=\"\" width=\"200\" height=\"300\" data-srcset=\"https:\/\/infonewss.com\/wp-content\/uploads\/2023\/09\/Massape-vence-Padre-Marcos-por-3-\u00d7-1-em-placar-agregado-pela-II-Copa-AMVI-IMG_0642-200x300.jpg 200w, https:\/\/infonewss.com\/wp-content\/uploads\/2023\/09\/Massape-vence-Padre-Marcos-por-3-\u00d7-1-em-placar-agregado-pela-II-Copa-AMVI-IMG_0642-683x1024.jpg 683w, https:\/\/infonewss.com\/wp-content\/uploads\/2023\/09\/Massape-vence-Padre-Marcos-por-3-\u00d7-1-em-placar-agregado-pela-II-Copa-AMVI-IMG_0642-768x1152.jpg 768w, https:\/\/infonewss.com\/wp-content\/uploads\/2023\/09\/Massape-vence-Padre-Marcos-por-3-\u00d7-1-em-placar-agregado-pela-II-Copa-AMVI-IMG_0642-150x225.jpg 150w, https:\/\/infonewss.com\/wp-content\/uploads\/2023\/09\/Massape-vence-Padre-Marcos-por-3-\u00d7-1-em-placar-agregado-pela-II-Copa-AMVI-IMG_0642-300x450.jpg 300w, https:\/\/infonewss.com\/wp-content\/uploads\/2023\/09\/Massape-vence-Padre-Marcos-por-3-\u00d7-1-em-placar-agregado-pela-II-Copa-AMVI-IMG_0642-696x1044.jpg 696w, https:\/\/infonewss.com\/wp-content\/uploads\/2023\/09\/Massape-vence-Padre-Marcos-por-3-\u00d7-1-em-placar-agregado-pela-II-Copa-AMVI-IMG_0642.jpg 900w\" data-src=\"https:\/\/infonewss.com\/wp-content\/uploads\/2023\/09\/Massape-vence-Padre-Marcos-por-3-\u00d7-1-em-placar-agregado-pela-II-Copa-AMVI-IMG_0642-200x300.jpg\" data-sizes=\"(max-width: 200px) 100vw, 200px\" \/><\/a><\/div>\n<\/figure>\n<figure class=\"gallery-item\">\n<div class=\"gallery-icon landscape\"><a href=\"https:\/\/infonewss.com\/wp-content\/uploads\/2023\/09\/Massape-vence-Padre-Marcos-por-3-%C3%97-1-em-placar-agregado-pela-II-Copa-AMVI-IMG_0645.jpg\"><img loading=\"lazy\" decoding=\"async\" class=\"attachment-medium size-medium lazyload\" src=\"data:image\/gif;base64,R0lGODlhAQABAAAAACH5BAEKAAEALAAAAAABAAEAAAICTAEAOw==\" alt=\"\" width=\"300\" height=\"200\" data-srcset=\"https:\/\/infonewss.com\/wp-content\/uploads\/2023\/09\/Massape-vence-Padre-Marcos-por-3-\u00d7-1-em-placar-agregado-pela-II-Copa-AMVI-IMG_0645-300x200.jpg 300w, https:\/\/infonewss.com\/wp-content\/uploads\/2023\/09\/Massape-vence-Padre-Marcos-por-3-\u00d7-1-em-placar-agregado-pela-II-Copa-AMVI-IMG_0645-768x512.jpg 768w, https:\/\/infonewss.com\/wp-content\/uploads\/2023\/09\/Massape-vence-Padre-Marcos-por-3-\u00d7-1-em-placar-agregado-pela-II-Copa-AMVI-IMG_0645-150x100.jpg 150w, https:\/\/infonewss.com\/wp-content\/uploads\/2023\/09\/Massape-vence-Padre-Marcos-por-3-\u00d7-1-em-placar-agregado-pela-II-Copa-AMVI-IMG_0645-696x464.jpg 696w, https:\/\/infonewss.com\/wp-content\/uploads\/2023\/09\/Massape-vence-Padre-Marcos-por-3-\u00d7-1-em-placar-agregado-pela-II-Copa-AMVI-IMG_0645.jpg 900w\" data-src=\"https:\/\/infonewss.com\/wp-content\/uploads\/2023\/09\/Massape-vence-Padre-Marcos-por-3-\u00d7-1-em-placar-agregado-pela-II-Copa-AMVI-IMG_0645-300x200.jpg\" data-sizes=\"(max-width: 300px) 100vw, 300px\" \/><\/a><\/div>\n<\/figure>\n<figure class=\"gallery-item\">\n<div class=\"gallery-icon portrait\"><a href=\"https:\/\/infonewss.com\/wp-content\/uploads\/2023\/09\/Massape-vence-Padre-Marcos-por-3-%C3%97-1-em-placar-agregado-pela-II-Copa-AMVI-IMG_0647.jpg\"><img loading=\"lazy\" decoding=\"async\" class=\"attachment-medium size-medium lazyload\" src=\"data:image\/gif;base64,R0lGODlhAQABAAAAACH5BAEKAAEALAAAAAABAAEAAAICTAEAOw==\" alt=\"\" width=\"200\" height=\"300\" data-srcset=\"https:\/\/infonewss.com\/wp-content\/uploads\/2023\/09\/Massape-vence-Padre-Marcos-por-3-\u00d7-1-em-placar-agregado-pela-II-Copa-AMVI-IMG_0647-200x300.jpg 200w, https:\/\/infonewss.com\/wp-content\/uploads\/2023\/09\/Massape-vence-Padre-Marcos-por-3-\u00d7-1-em-placar-agregado-pela-II-Copa-AMVI-IMG_0647-683x1024.jpg 683w, https:\/\/infonewss.com\/wp-content\/uploads\/2023\/09\/Massape-vence-Padre-Marcos-por-3-\u00d7-1-em-placar-agregado-pela-II-Copa-AMVI-IMG_0647-768x1152.jpg 768w, https:\/\/infonewss.com\/wp-content\/uploads\/2023\/09\/Massape-vence-Padre-Marcos-por-3-\u00d7-1-em-placar-agregado-pela-II-Copa-AMVI-IMG_0647-150x225.jpg 150w, https:\/\/infonewss.com\/wp-content\/uploads\/2023\/09\/Massape-vence-Padre-Marcos-por-3-\u00d7-1-em-placar-agregado-pela-II-Copa-AMVI-IMG_0647-300x450.jpg 300w, https:\/\/infonewss.com\/wp-content\/uploads\/2023\/09\/Massape-vence-Padre-Marcos-por-3-\u00d7-1-em-placar-agregado-pela-II-Copa-AMVI-IMG_0647-696x1044.jpg 696w, https:\/\/infonewss.com\/wp-content\/uploads\/2023\/09\/Massape-vence-Padre-Marcos-por-3-\u00d7-1-em-placar-agregado-pela-II-Copa-AMVI-IMG_0647.jpg 900w\" data-src=\"https:\/\/infonewss.com\/wp-content\/uploads\/2023\/09\/Massape-vence-Padre-Marcos-por-3-\u00d7-1-em-placar-agregado-pela-II-Copa-AMVI-IMG_0647-200x300.jpg\" data-sizes=\"(max-width: 200px) 100vw, 200px\" \/><\/a><\/div>\n<\/figure>\n<figure class=\"gallery-item\">\n<div class=\"gallery-icon portrait\"><a href=\"https:\/\/infonewss.com\/wp-content\/uploads\/2023\/09\/Massape-vence-Padre-Marcos-por-3-%C3%97-1-em-placar-agregado-pela-II-Copa-AMVI-IMG_0649.jpg\"><img loading=\"lazy\" decoding=\"async\" class=\"attachment-medium size-medium lazyload\" src=\"data:image\/gif;base64,R0lGODlhAQABAAAAACH5BAEKAAEALAAAAAABAAEAAAICTAEAOw==\" alt=\"\" width=\"200\" height=\"300\" data-srcset=\"https:\/\/infonewss.com\/wp-content\/uploads\/2023\/09\/Massape-vence-Padre-Marcos-por-3-\u00d7-1-em-placar-agregado-pela-II-Copa-AMVI-IMG_0649-200x300.jpg 200w, https:\/\/infonewss.com\/wp-content\/uploads\/2023\/09\/Massape-vence-Padre-Marcos-por-3-\u00d7-1-em-placar-agregado-pela-II-Copa-AMVI-IMG_0649-683x1024.jpg 683w, https:\/\/infonewss.com\/wp-content\/uploads\/2023\/09\/Massape-vence-Padre-Marcos-por-3-\u00d7-1-em-placar-agregado-pela-II-Copa-AMVI-IMG_0649-768x1152.jpg 768w, https:\/\/infonewss.com\/wp-content\/uploads\/2023\/09\/Massape-vence-Padre-Marcos-por-3-\u00d7-1-em-placar-agregado-pela-II-Copa-AMVI-IMG_0649-150x225.jpg 150w, https:\/\/infonewss.com\/wp-content\/uploads\/2023\/09\/Massape-vence-Padre-Marcos-por-3-\u00d7-1-em-placar-agregado-pela-II-Copa-AMVI-IMG_0649-300x450.jpg 300w, https:\/\/infonewss.com\/wp-content\/uploads\/2023\/09\/Massape-vence-Padre-Marcos-por-3-\u00d7-1-em-placar-agregado-pela-II-Copa-AMVI-IMG_0649-696x1044.jpg 696w, https:\/\/infonewss.com\/wp-content\/uploads\/2023\/09\/Massape-vence-Padre-Marcos-por-3-\u00d7-1-em-placar-agregado-pela-II-Copa-AMVI-IMG_0649.jpg 900w\" data-src=\"https:\/\/infonewss.com\/wp-content\/uploads\/2023\/09\/Massape-vence-Padre-Marcos-por-3-\u00d7-1-em-placar-agregado-pela-II-Copa-AMVI-IMG_0649-200x300.jpg\" data-sizes=\"(max-width: 200px) 100vw, 200px\" \/><\/a><\/div>\n<\/figure>\n<figure class=\"gallery-item\">\n<div class=\"gallery-icon portrait\"><a href=\"https:\/\/infonewss.com\/wp-content\/uploads\/2023\/09\/Massape-vence-Padre-Marcos-por-3-%C3%97-1-em-placar-agregado-pela-II-Copa-AMVI-IMG_0650.jpg\"><img loading=\"lazy\" decoding=\"async\" class=\"attachment-medium size-medium lazyload\" src=\"data:image\/gif;base64,R0lGODlhAQABAAAAACH5BAEKAAEALAAAAAABAAEAAAICTAEAOw==\" alt=\"\" width=\"200\" height=\"300\" data-srcset=\"https:\/\/infonewss.com\/wp-content\/uploads\/2023\/09\/Massape-vence-Padre-Marcos-por-3-\u00d7-1-em-placar-agregado-pela-II-Copa-AMVI-IMG_0650-200x300.jpg 200w, https:\/\/infonewss.com\/wp-content\/uploads\/2023\/09\/Massape-vence-Padre-Marcos-por-3-\u00d7-1-em-placar-agregado-pela-II-Copa-AMVI-IMG_0650-683x1024.jpg 683w, https:\/\/infonewss.com\/wp-content\/uploads\/2023\/09\/Massape-vence-Padre-Marcos-por-3-\u00d7-1-em-placar-agregado-pela-II-Copa-AMVI-IMG_0650-768x1152.jpg 768w, https:\/\/infonewss.com\/wp-content\/uploads\/2023\/09\/Massape-vence-Padre-Marcos-por-3-\u00d7-1-em-placar-agregado-pela-II-Copa-AMVI-IMG_0650-150x225.jpg 150w, https:\/\/infonewss.com\/wp-content\/uploads\/2023\/09\/Massape-vence-Padre-Marcos-por-3-\u00d7-1-em-placar-agregado-pela-II-Copa-AMVI-IMG_0650-300x450.jpg 300w, https:\/\/infonewss.com\/wp-content\/uploads\/2023\/09\/Massape-vence-Padre-Marcos-por-3-\u00d7-1-em-placar-agregado-pela-II-Copa-AMVI-IMG_0650-696x1044.jpg 696w, https:\/\/infonewss.com\/wp-content\/uploads\/2023\/09\/Massape-vence-Padre-Marcos-por-3-\u00d7-1-em-placar-agregado-pela-II-Copa-AMVI-IMG_0650.jpg 900w\" data-src=\"https:\/\/infonewss.com\/wp-content\/uploads\/2023\/09\/Massape-vence-Padre-Marcos-por-3-\u00d7-1-em-placar-agregado-pela-II-Copa-AMVI-IMG_0650-200x300.jpg\" data-sizes=\"(max-width: 200px) 100vw, 200px\" \/><\/a><\/div>\n<\/figure>\n<figure class=\"gallery-item\">\n<div class=\"gallery-icon portrait\"><a href=\"https:\/\/infonewss.com\/wp-content\/uploads\/2023\/09\/Massape-vence-Padre-Marcos-por-3-%C3%97-1-em-placar-agregado-pela-II-Copa-AMVI-IMG_0651.jpg\"><img loading=\"lazy\" decoding=\"async\" class=\"attachment-medium size-medium lazyload\" src=\"data:image\/gif;base64,R0lGODlhAQABAAAAACH5BAEKAAEALAAAAAABAAEAAAICTAEAOw==\" alt=\"\" width=\"200\" height=\"300\" data-srcset=\"https:\/\/infonewss.com\/wp-content\/uploads\/2023\/09\/Massape-vence-Padre-Marcos-por-3-\u00d7-1-em-placar-agregado-pela-II-Copa-AMVI-IMG_0651-200x300.jpg 200w, https:\/\/infonewss.com\/wp-content\/uploads\/2023\/09\/Massape-vence-Padre-Marcos-por-3-\u00d7-1-em-placar-agregado-pela-II-Copa-AMVI-IMG_0651-683x1024.jpg 683w, https:\/\/infonewss.com\/wp-content\/uploads\/2023\/09\/Massape-vence-Padre-Marcos-por-3-\u00d7-1-em-placar-agregado-pela-II-Copa-AMVI-IMG_0651-768x1152.jpg 768w, https:\/\/infonewss.com\/wp-content\/uploads\/2023\/09\/Massape-vence-Padre-Marcos-por-3-\u00d7-1-em-placar-agregado-pela-II-Copa-AMVI-IMG_0651-150x225.jpg 150w, https:\/\/infonewss.com\/wp-content\/uploads\/2023\/09\/Massape-vence-Padre-Marcos-por-3-\u00d7-1-em-placar-agregado-pela-II-Copa-AMVI-IMG_0651-300x450.jpg 300w, https:\/\/infonewss.com\/wp-content\/uploads\/2023\/09\/Massape-vence-Padre-Marcos-por-3-\u00d7-1-em-placar-agregado-pela-II-Copa-AMVI-IMG_0651-696x1044.jpg 696w, https:\/\/infonewss.com\/wp-content\/uploads\/2023\/09\/Massape-vence-Padre-Marcos-por-3-\u00d7-1-em-placar-agregado-pela-II-Copa-AMVI-IMG_0651.jpg 900w\" data-src=\"https:\/\/infonewss.com\/wp-content\/uploads\/2023\/09\/Massape-vence-Padre-Marcos-por-3-\u00d7-1-em-placar-agregado-pela-II-Copa-AMVI-IMG_0651-200x300.jpg\" data-sizes=\"(max-width: 200px) 100vw, 200px\" \/><\/a><\/div>\n<\/figure>\n<figure class=\"gallery-item\">\n<div class=\"gallery-icon portrait\"><a href=\"https:\/\/infonewss.com\/wp-content\/uploads\/2023\/09\/Massape-vence-Padre-Marcos-por-3-%C3%97-1-em-placar-agregado-pela-II-Copa-AMVI-IMG_0652.jpg\"><img loading=\"lazy\" decoding=\"async\" class=\"attachment-medium size-medium lazyload\" src=\"data:image\/gif;base64,R0lGODlhAQABAAAAACH5BAEKAAEALAAAAAABAAEAAAICTAEAOw==\" alt=\"\" width=\"200\" height=\"300\" data-srcset=\"https:\/\/infonewss.com\/wp-content\/uploads\/2023\/09\/Massape-vence-Padre-Marcos-por-3-\u00d7-1-em-placar-agregado-pela-II-Copa-AMVI-IMG_0652-200x300.jpg 200w, https:\/\/infonewss.com\/wp-content\/uploads\/2023\/09\/Massape-vence-Padre-Marcos-por-3-\u00d7-1-em-placar-agregado-pela-II-Copa-AMVI-IMG_0652-683x1024.jpg 683w, https:\/\/infonewss.com\/wp-content\/uploads\/2023\/09\/Massape-vence-Padre-Marcos-por-3-\u00d7-1-em-placar-agregado-pela-II-Copa-AMVI-IMG_0652-768x1152.jpg 768w, https:\/\/infonewss.com\/wp-content\/uploads\/2023\/09\/Massape-vence-Padre-Marcos-por-3-\u00d7-1-em-placar-agregado-pela-II-Copa-AMVI-IMG_0652-150x225.jpg 150w, https:\/\/infonewss.com\/wp-content\/uploads\/2023\/09\/Massape-vence-Padre-Marcos-por-3-\u00d7-1-em-placar-agregado-pela-II-Copa-AMVI-IMG_0652-300x450.jpg 300w, https:\/\/infonewss.com\/wp-content\/uploads\/2023\/09\/Massape-vence-Padre-Marcos-por-3-\u00d7-1-em-placar-agregado-pela-II-Copa-AMVI-IMG_0652-696x1044.jpg 696w, https:\/\/infonewss.com\/wp-content\/uploads\/2023\/09\/Massape-vence-Padre-Marcos-por-3-\u00d7-1-em-placar-agregado-pela-II-Copa-AMVI-IMG_0652.jpg 900w\" data-src=\"https:\/\/infonewss.com\/wp-content\/uploads\/2023\/09\/Massape-vence-Padre-Marcos-por-3-\u00d7-1-em-placar-agregado-pela-II-Copa-AMVI-IMG_0652-200x300.jpg\" data-sizes=\"(max-width: 200px) 100vw, 200px\" \/><\/a><\/div>\n<\/figure>\n<figure class=\"gallery-item\">\n<div class=\"gallery-icon landscape\"><a href=\"https:\/\/infonewss.com\/wp-content\/uploads\/2023\/09\/Massape-vence-Padre-Marcos-por-3-%C3%97-1-em-placar-agregado-pela-II-Copa-AMVI-IMG_0653.jpg\"><img loading=\"lazy\" decoding=\"async\" class=\"attachment-medium size-medium lazyload\" src=\"data:image\/gif;base64,R0lGODlhAQABAAAAACH5BAEKAAEALAAAAAABAAEAAAICTAEAOw==\" alt=\"\" width=\"300\" height=\"200\" data-srcset=\"https:\/\/infonewss.com\/wp-content\/uploads\/2023\/09\/Massape-vence-Padre-Marcos-por-3-\u00d7-1-em-placar-agregado-pela-II-Copa-AMVI-IMG_0653-300x200.jpg 300w, https:\/\/infonewss.com\/wp-content\/uploads\/2023\/09\/Massape-vence-Padre-Marcos-por-3-\u00d7-1-em-placar-agregado-pela-II-Copa-AMVI-IMG_0653-768x512.jpg 768w, https:\/\/infonewss.com\/wp-content\/uploads\/2023\/09\/Massape-vence-Padre-Marcos-por-3-\u00d7-1-em-placar-agregado-pela-II-Copa-AMVI-IMG_0653-150x100.jpg 150w, https:\/\/infonewss.com\/wp-content\/uploads\/2023\/09\/Massape-vence-Padre-Marcos-por-3-\u00d7-1-em-placar-agregado-pela-II-Copa-AMVI-IMG_0653-696x464.jpg 696w, https:\/\/infonewss.com\/wp-content\/uploads\/2023\/09\/Massape-vence-Padre-Marcos-por-3-\u00d7-1-em-placar-agregado-pela-II-Copa-AMVI-IMG_0653.jpg 900w\" data-src=\"https:\/\/infonewss.com\/wp-content\/uploads\/2023\/09\/Massape-vence-Padre-Marcos-por-3-\u00d7-1-em-placar-agregado-pela-II-Copa-AMVI-IMG_0653-300x200.jpg\" data-sizes=\"(max-width: 300px) 100vw, 300px\" \/><\/a><\/div>\n<\/figure>\n<figure class=\"gallery-item\">\n<div class=\"gallery-icon landscape\"><a href=\"https:\/\/infonewss.com\/wp-content\/uploads\/2023\/09\/Massape-vence-Padre-Marcos-por-3-%C3%97-1-em-placar-agregado-pela-II-Copa-AMVI-IMG_0654.jpg\"><img loading=\"lazy\" decoding=\"async\" class=\"attachment-medium size-medium lazyload\" src=\"data:image\/gif;base64,R0lGODlhAQABAAAAACH5BAEKAAEALAAAAAABAAEAAAICTAEAOw==\" alt=\"\" width=\"300\" height=\"200\" data-srcset=\"https:\/\/infonewss.com\/wp-content\/uploads\/2023\/09\/Massape-vence-Padre-Marcos-por-3-\u00d7-1-em-placar-agregado-pela-II-Copa-AMVI-IMG_0654-300x200.jpg 300w, https:\/\/infonewss.com\/wp-content\/uploads\/2023\/09\/Massape-vence-Padre-Marcos-por-3-\u00d7-1-em-placar-agregado-pela-II-Copa-AMVI-IMG_0654-768x512.jpg 768w, https:\/\/infonewss.com\/wp-content\/uploads\/2023\/09\/Massape-vence-Padre-Marcos-por-3-\u00d7-1-em-placar-agregado-pela-II-Copa-AMVI-IMG_0654-150x100.jpg 150w, https:\/\/infonewss.com\/wp-content\/uploads\/2023\/09\/Massape-vence-Padre-Marcos-por-3-\u00d7-1-em-placar-agregado-pela-II-Copa-AMVI-IMG_0654-696x464.jpg 696w, https:\/\/infonewss.com\/wp-content\/uploads\/2023\/09\/Massape-vence-Padre-Marcos-por-3-\u00d7-1-em-placar-agregado-pela-II-Copa-AMVI-IMG_0654.jpg 900w\" data-src=\"https:\/\/infonewss.com\/wp-content\/uploads\/2023\/09\/Massape-vence-Padre-Marcos-por-3-\u00d7-1-em-placar-agregado-pela-II-Copa-AMVI-IMG_0654-300x200.jpg\" data-sizes=\"(max-width: 300px) 100vw, 300px\" \/><\/a><\/div>\n<\/figure>\n<figure class=\"gallery-item\">\n<div class=\"gallery-icon portrait\"><a href=\"https:\/\/infonewss.com\/wp-content\/uploads\/2023\/09\/Massape-vence-Padre-Marcos-por-3-%C3%97-1-em-placar-agregado-pela-II-Copa-AMVI-IMG_0662.jpg\"><img loading=\"lazy\" decoding=\"async\" class=\"attachment-medium size-medium lazyload\" src=\"data:image\/gif;base64,R0lGODlhAQABAAAAACH5BAEKAAEALAAAAAABAAEAAAICTAEAOw==\" alt=\"\" width=\"200\" height=\"300\" data-srcset=\"https:\/\/infonewss.com\/wp-content\/uploads\/2023\/09\/Massape-vence-Padre-Marcos-por-3-\u00d7-1-em-placar-agregado-pela-II-Copa-AMVI-IMG_0662-200x300.jpg 200w, https:\/\/infonewss.com\/wp-content\/uploads\/2023\/09\/Massape-vence-Padre-Marcos-por-3-\u00d7-1-em-placar-agregado-pela-II-Copa-AMVI-IMG_0662-683x1024.jpg 683w, https:\/\/infonewss.com\/wp-content\/uploads\/2023\/09\/Massape-vence-Padre-Marcos-por-3-\u00d7-1-em-placar-agregado-pela-II-Copa-AMVI-IMG_0662-768x1152.jpg 768w, https:\/\/infonewss.com\/wp-content\/uploads\/2023\/09\/Massape-vence-Padre-Marcos-por-3-\u00d7-1-em-placar-agregado-pela-II-Copa-AMVI-IMG_0662-150x225.jpg 150w, https:\/\/infonewss.com\/wp-content\/uploads\/2023\/09\/Massape-vence-Padre-Marcos-por-3-\u00d7-1-em-placar-agregado-pela-II-Copa-AMVI-IMG_0662-300x450.jpg 300w, https:\/\/infonewss.com\/wp-content\/uploads\/2023\/09\/Massape-vence-Padre-Marcos-por-3-\u00d7-1-em-placar-agregado-pela-II-Copa-AMVI-IMG_0662-696x1044.jpg 696w, https:\/\/infonewss.com\/wp-content\/uploads\/2023\/09\/Massape-vence-Padre-Marcos-por-3-\u00d7-1-em-placar-agregado-pela-II-Copa-AMVI-IMG_0662.jpg 900w\" data-src=\"https:\/\/infonewss.com\/wp-content\/uploads\/2023\/09\/Massape-vence-Padre-Marcos-por-3-\u00d7-1-em-placar-agregado-pela-II-Copa-AMVI-IMG_0662-200x300.jpg\" data-sizes=\"(max-width: 200px) 100vw, 200px\" \/><\/a><\/div>\n<\/figure>\n<figure class=\"gallery-item\">\n<div class=\"gallery-icon portrait\"><a href=\"https:\/\/infonewss.com\/wp-content\/uploads\/2023\/09\/Massape-vence-Padre-Marcos-por-3-%C3%97-1-em-placar-agregado-pela-II-Copa-AMVI-IMG_0664.jpg\"><img loading=\"lazy\" decoding=\"async\" class=\"attachment-medium size-medium lazyload\" src=\"data:image\/gif;base64,R0lGODlhAQABAAAAACH5BAEKAAEALAAAAAABAAEAAAICTAEAOw==\" alt=\"\" width=\"200\" height=\"300\" data-srcset=\"https:\/\/infonewss.com\/wp-content\/uploads\/2023\/09\/Massape-vence-Padre-Marcos-por-3-\u00d7-1-em-placar-agregado-pela-II-Copa-AMVI-IMG_0664-200x300.jpg 200w, https:\/\/infonewss.com\/wp-content\/uploads\/2023\/09\/Massape-vence-Padre-Marcos-por-3-\u00d7-1-em-placar-agregado-pela-II-Copa-AMVI-IMG_0664-683x1024.jpg 683w, https:\/\/infonewss.com\/wp-content\/uploads\/2023\/09\/Massape-vence-Padre-Marcos-por-3-\u00d7-1-em-placar-agregado-pela-II-Copa-AMVI-IMG_0664-768x1152.jpg 768w, https:\/\/infonewss.com\/wp-content\/uploads\/2023\/09\/Massape-vence-Padre-Marcos-por-3-\u00d7-1-em-placar-agregado-pela-II-Copa-AMVI-IMG_0664-150x225.jpg 150w, https:\/\/infonewss.com\/wp-content\/uploads\/2023\/09\/Massape-vence-Padre-Marcos-por-3-\u00d7-1-em-placar-agregado-pela-II-Copa-AMVI-IMG_0664-300x450.jpg 300w, https:\/\/infonewss.com\/wp-content\/uploads\/2023\/09\/Massape-vence-Padre-Marcos-por-3-\u00d7-1-em-placar-agregado-pela-II-Copa-AMVI-IMG_0664-696x1044.jpg 696w, https:\/\/infonewss.com\/wp-content\/uploads\/2023\/09\/Massape-vence-Padre-Marcos-por-3-\u00d7-1-em-placar-agregado-pela-II-Copa-AMVI-IMG_0664.jpg 900w\" data-src=\"https:\/\/infonewss.com\/wp-content\/uploads\/2023\/09\/Massape-vence-Padre-Marcos-por-3-\u00d7-1-em-placar-agregado-pela-II-Copa-AMVI-IMG_0664-200x300.jpg\" data-sizes=\"(max-width: 200px) 100vw, 200px\" \/><\/a><\/div>\n<\/figure>\n<figure class=\"gallery-item\">\n<div class=\"gallery-icon portrait\"><a href=\"https:\/\/infonewss.com\/wp-content\/uploads\/2023\/09\/Massape-vence-Padre-Marcos-por-3-%C3%97-1-em-placar-agregado-pela-II-Copa-AMVI-IMG_0665.jpg\"><img loading=\"lazy\" decoding=\"async\" class=\"attachment-medium size-medium lazyload\" src=\"data:image\/gif;base64,R0lGODlhAQABAAAAACH5BAEKAAEALAAAAAABAAEAAAICTAEAOw==\" alt=\"\" width=\"200\" height=\"300\" data-srcset=\"https:\/\/infonewss.com\/wp-content\/uploads\/2023\/09\/Massape-vence-Padre-Marcos-por-3-\u00d7-1-em-placar-agregado-pela-II-Copa-AMVI-IMG_0665-200x300.jpg 200w, https:\/\/infonewss.com\/wp-content\/uploads\/2023\/09\/Massape-vence-Padre-Marcos-por-3-\u00d7-1-em-placar-agregado-pela-II-Copa-AMVI-IMG_0665-683x1024.jpg 683w, https:\/\/infonewss.com\/wp-content\/uploads\/2023\/09\/Massape-vence-Padre-Marcos-por-3-\u00d7-1-em-placar-agregado-pela-II-Copa-AMVI-IMG_0665-768x1152.jpg 768w, https:\/\/infonewss.com\/wp-content\/uploads\/2023\/09\/Massape-vence-Padre-Marcos-por-3-\u00d7-1-em-placar-agregado-pela-II-Copa-AMVI-IMG_0665-150x225.jpg 150w, https:\/\/infonewss.com\/wp-content\/uploads\/2023\/09\/Massape-vence-Padre-Marcos-por-3-\u00d7-1-em-placar-agregado-pela-II-Copa-AMVI-IMG_0665-300x450.jpg 300w, https:\/\/infonewss.com\/wp-content\/uploads\/2023\/09\/Massape-vence-Padre-Marcos-por-3-\u00d7-1-em-placar-agregado-pela-II-Copa-AMVI-IMG_0665-696x1044.jpg 696w, https:\/\/infonewss.com\/wp-content\/uploads\/2023\/09\/Massape-vence-Padre-Marcos-por-3-\u00d7-1-em-placar-agregado-pela-II-Copa-AMVI-IMG_0665.jpg 900w\" data-src=\"https:\/\/infonewss.com\/wp-content\/uploads\/2023\/09\/Massape-vence-Padre-Marcos-por-3-\u00d7-1-em-placar-agregado-pela-II-Copa-AMVI-IMG_0665-200x300.jpg\" data-sizes=\"(max-width: 200px) 100vw, 200px\" \/><\/a><\/div>\n<\/figure>\n<figure class=\"gallery-item\">\n<div class=\"gallery-icon portrait\"><a href=\"https:\/\/infonewss.com\/wp-content\/uploads\/2023\/09\/Massape-vence-Padre-Marcos-por-3-%C3%97-1-em-placar-agregado-pela-II-Copa-AMVI-IMG_0666.jpg\"><img loading=\"lazy\" decoding=\"async\" class=\"attachment-medium size-medium lazyload\" src=\"data:image\/gif;base64,R0lGODlhAQABAAAAACH5BAEKAAEALAAAAAABAAEAAAICTAEAOw==\" alt=\"\" width=\"200\" height=\"300\" data-srcset=\"https:\/\/infonewss.com\/wp-content\/uploads\/2023\/09\/Massape-vence-Padre-Marcos-por-3-\u00d7-1-em-placar-agregado-pela-II-Copa-AMVI-IMG_0666-200x300.jpg 200w, https:\/\/infonewss.com\/wp-content\/uploads\/2023\/09\/Massape-vence-Padre-Marcos-por-3-\u00d7-1-em-placar-agregado-pela-II-Copa-AMVI-IMG_0666-683x1024.jpg 683w, https:\/\/infonewss.com\/wp-content\/uploads\/2023\/09\/Massape-vence-Padre-Marcos-por-3-\u00d7-1-em-placar-agregado-pela-II-Copa-AMVI-IMG_0666-768x1152.jpg 768w, https:\/\/infonewss.com\/wp-content\/uploads\/2023\/09\/Massape-vence-Padre-Marcos-por-3-\u00d7-1-em-placar-agregado-pela-II-Copa-AMVI-IMG_0666-150x225.jpg 150w, https:\/\/infonewss.com\/wp-content\/uploads\/2023\/09\/Massape-vence-Padre-Marcos-por-3-\u00d7-1-em-placar-agregado-pela-II-Copa-AMVI-IMG_0666-300x450.jpg 300w, https:\/\/infonewss.com\/wp-content\/uploads\/2023\/09\/Massape-vence-Padre-Marcos-por-3-\u00d7-1-em-placar-agregado-pela-II-Copa-AMVI-IMG_0666-696x1044.jpg 696w, https:\/\/infonewss.com\/wp-content\/uploads\/2023\/09\/Massape-vence-Padre-Marcos-por-3-\u00d7-1-em-placar-agregado-pela-II-Copa-AMVI-IMG_0666.jpg 900w\" data-src=\"https:\/\/infonewss.com\/wp-content\/uploads\/2023\/09\/Massape-vence-Padre-Marcos-por-3-\u00d7-1-em-placar-agregado-pela-II-Copa-AMVI-IMG_0666-200x300.jpg\" data-sizes=\"(max-width: 200px) 100vw, 200px\" \/><\/a><\/div>\n<\/figure>\n<figure class=\"gallery-item\">\n<div class=\"gallery-icon portrait\"><a href=\"https:\/\/infonewss.com\/wp-content\/uploads\/2023\/09\/Massape-vence-Padre-Marcos-por-3-%C3%97-1-em-placar-agregado-pela-II-Copa-AMVI-IMG_0667.jpg\"><img loading=\"lazy\" decoding=\"async\" class=\"attachment-medium size-medium lazyload\" src=\"data:image\/gif;base64,R0lGODlhAQABAAAAACH5BAEKAAEALAAAAAABAAEAAAICTAEAOw==\" alt=\"\" width=\"200\" height=\"300\" data-srcset=\"https:\/\/infonewss.com\/wp-content\/uploads\/2023\/09\/Massape-vence-Padre-Marcos-por-3-\u00d7-1-em-placar-agregado-pela-II-Copa-AMVI-IMG_0667-200x300.jpg 200w, https:\/\/infonewss.com\/wp-content\/uploads\/2023\/09\/Massape-vence-Padre-Marcos-por-3-\u00d7-1-em-placar-agregado-pela-II-Copa-AMVI-IMG_0667-683x1024.jpg 683w, https:\/\/infonewss.com\/wp-content\/uploads\/2023\/09\/Massape-vence-Padre-Marcos-por-3-\u00d7-1-em-placar-agregado-pela-II-Copa-AMVI-IMG_0667-768x1152.jpg 768w, https:\/\/infonewss.com\/wp-content\/uploads\/2023\/09\/Massape-vence-Padre-Marcos-por-3-\u00d7-1-em-placar-agregado-pela-II-Copa-AMVI-IMG_0667-150x225.jpg 150w, https:\/\/infonewss.com\/wp-content\/uploads\/2023\/09\/Massape-vence-Padre-Marcos-por-3-\u00d7-1-em-placar-agregado-pela-II-Copa-AMVI-IMG_0667-300x450.jpg 300w, https:\/\/infonewss.com\/wp-content\/uploads\/2023\/09\/Massape-vence-Padre-Marcos-por-3-\u00d7-1-em-placar-agregado-pela-II-Copa-AMVI-IMG_0667-696x1044.jpg 696w, https:\/\/infonewss.com\/wp-content\/uploads\/2023\/09\/Massape-vence-Padre-Marcos-por-3-\u00d7-1-em-placar-agregado-pela-II-Copa-AMVI-IMG_0667.jpg 900w\" data-src=\"https:\/\/infonewss.com\/wp-content\/uploads\/2023\/09\/Massape-vence-Padre-Marcos-por-3-\u00d7-1-em-placar-agregado-pela-II-Copa-AMVI-IMG_0667-200x300.jpg\" data-sizes=\"(max-width: 200px) 100vw, 200px\" \/><\/a><\/div>\n<\/figure>\n<figure class=\"gallery-item\">\n<div class=\"gallery-icon portrait\"><a href=\"https:\/\/infonewss.com\/wp-content\/uploads\/2023\/09\/Massape-vence-Padre-Marcos-por-3-%C3%97-1-em-placar-agregado-pela-II-Copa-AMVI-IMG_0668.jpg\"><img loading=\"lazy\" decoding=\"async\" class=\"attachment-medium size-medium lazyload\" src=\"data:image\/gif;base64,R0lGODlhAQABAAAAACH5BAEKAAEALAAAAAABAAEAAAICTAEAOw==\" alt=\"\" width=\"200\" height=\"300\" data-srcset=\"https:\/\/infonewss.com\/wp-content\/uploads\/2023\/09\/Massape-vence-Padre-Marcos-por-3-\u00d7-1-em-placar-agregado-pela-II-Copa-AMVI-IMG_0668-200x300.jpg 200w, https:\/\/infonewss.com\/wp-content\/uploads\/2023\/09\/Massape-vence-Padre-Marcos-por-3-\u00d7-1-em-placar-agregado-pela-II-Copa-AMVI-IMG_0668-683x1024.jpg 683w, https:\/\/infonewss.com\/wp-content\/uploads\/2023\/09\/Massape-vence-Padre-Marcos-por-3-\u00d7-1-em-placar-agregado-pela-II-Copa-AMVI-IMG_0668-768x1152.jpg 768w, https:\/\/infonewss.com\/wp-content\/uploads\/2023\/09\/Massape-vence-Padre-Marcos-por-3-\u00d7-1-em-placar-agregado-pela-II-Copa-AMVI-IMG_0668-150x225.jpg 150w, https:\/\/infonewss.com\/wp-content\/uploads\/2023\/09\/Massape-vence-Padre-Marcos-por-3-\u00d7-1-em-placar-agregado-pela-II-Copa-AMVI-IMG_0668-300x450.jpg 300w, https:\/\/infonewss.com\/wp-content\/uploads\/2023\/09\/Massape-vence-Padre-Marcos-por-3-\u00d7-1-em-placar-agregado-pela-II-Copa-AMVI-IMG_0668-696x1044.jpg 696w, https:\/\/infonewss.com\/wp-content\/uploads\/2023\/09\/Massape-vence-Padre-Marcos-por-3-\u00d7-1-em-placar-agregado-pela-II-Copa-AMVI-IMG_0668.jpg 900w\" data-src=\"https:\/\/infonewss.com\/wp-content\/uploads\/2023\/09\/Massape-vence-Padre-Marcos-por-3-\u00d7-1-em-placar-agregado-pela-II-Copa-AMVI-IMG_0668-200x300.jpg\" data-sizes=\"(max-width: 200px) 100vw, 200px\" \/><\/a><\/div>\n<\/figure>\n<figure class=\"gallery-item\">\n<div class=\"gallery-icon portrait\"><a href=\"https:\/\/infonewss.com\/wp-content\/uploads\/2023\/09\/Massape-vence-Padre-Marcos-por-3-%C3%97-1-em-placar-agregado-pela-II-Copa-AMVI-IMG_0669.jpg\"><img loading=\"lazy\" decoding=\"async\" class=\"attachment-medium size-medium lazyload\" src=\"data:image\/gif;base64,R0lGODlhAQABAAAAACH5BAEKAAEALAAAAAABAAEAAAICTAEAOw==\" alt=\"\" width=\"200\" height=\"300\" data-srcset=\"https:\/\/infonewss.com\/wp-content\/uploads\/2023\/09\/Massape-vence-Padre-Marcos-por-3-\u00d7-1-em-placar-agregado-pela-II-Copa-AMVI-IMG_0669-200x300.jpg 200w, https:\/\/infonewss.com\/wp-content\/uploads\/2023\/09\/Massape-vence-Padre-Marcos-por-3-\u00d7-1-em-placar-agregado-pela-II-Copa-AMVI-IMG_0669-683x1024.jpg 683w, https:\/\/infonewss.com\/wp-content\/uploads\/2023\/09\/Massape-vence-Padre-Marcos-por-3-\u00d7-1-em-placar-agregado-pela-II-Copa-AMVI-IMG_0669-768x1152.jpg 768w, https:\/\/infonewss.com\/wp-content\/uploads\/2023\/09\/Massape-vence-Padre-Marcos-por-3-\u00d7-1-em-placar-agregado-pela-II-Copa-AMVI-IMG_0669-150x225.jpg 150w, https:\/\/infonewss.com\/wp-content\/uploads\/2023\/09\/Massape-vence-Padre-Marcos-por-3-\u00d7-1-em-placar-agregado-pela-II-Copa-AMVI-IMG_0669-300x450.jpg 300w, https:\/\/infonewss.com\/wp-content\/uploads\/2023\/09\/Massape-vence-Padre-Marcos-por-3-\u00d7-1-em-placar-agregado-pela-II-Copa-AMVI-IMG_0669-696x1044.jpg 696w, https:\/\/infonewss.com\/wp-content\/uploads\/2023\/09\/Massape-vence-Padre-Marcos-por-3-\u00d7-1-em-placar-agregado-pela-II-Copa-AMVI-IMG_0669.jpg 900w\" data-src=\"https:\/\/infonewss.com\/wp-content\/uploads\/2023\/09\/Massape-vence-Padre-Marcos-por-3-\u00d7-1-em-placar-agregado-pela-II-Copa-AMVI-IMG_0669-200x300.jpg\" data-sizes=\"(max-width: 200px) 100vw, 200px\" \/><\/a><\/div>\n<\/figure>\n<figure class=\"gallery-item\">\n<div class=\"gallery-icon portrait\"><a href=\"https:\/\/infonewss.com\/wp-content\/uploads\/2023\/09\/Massape-vence-Padre-Marcos-por-3-%C3%97-1-em-placar-agregado-pela-II-Copa-AMVI-IMG_0670.jpg\"><img loading=\"lazy\" decoding=\"async\" class=\"attachment-medium size-medium lazyload\" src=\"data:image\/gif;base64,R0lGODlhAQABAAAAACH5BAEKAAEALAAAAAABAAEAAAICTAEAOw==\" alt=\"\" width=\"200\" height=\"300\" data-srcset=\"https:\/\/infonewss.com\/wp-content\/uploads\/2023\/09\/Massape-vence-Padre-Marcos-por-3-\u00d7-1-em-placar-agregado-pela-II-Copa-AMVI-IMG_0670-200x300.jpg 200w, https:\/\/infonewss.com\/wp-content\/uploads\/2023\/09\/Massape-vence-Padre-Marcos-por-3-\u00d7-1-em-placar-agregado-pela-II-Copa-AMVI-IMG_0670-683x1024.jpg 683w, https:\/\/infonewss.com\/wp-content\/uploads\/2023\/09\/Massape-vence-Padre-Marcos-por-3-\u00d7-1-em-placar-agregado-pela-II-Copa-AMVI-IMG_0670-768x1152.jpg 768w, https:\/\/infonewss.com\/wp-content\/uploads\/2023\/09\/Massape-vence-Padre-Marcos-por-3-\u00d7-1-em-placar-agregado-pela-II-Copa-AMVI-IMG_0670-150x225.jpg 150w, https:\/\/infonewss.com\/wp-content\/uploads\/2023\/09\/Massape-vence-Padre-Marcos-por-3-\u00d7-1-em-placar-agregado-pela-II-Copa-AMVI-IMG_0670-300x450.jpg 300w, https:\/\/infonewss.com\/wp-content\/uploads\/2023\/09\/Massape-vence-Padre-Marcos-por-3-\u00d7-1-em-placar-agregado-pela-II-Copa-AMVI-IMG_0670-696x1044.jpg 696w, https:\/\/infonewss.com\/wp-content\/uploads\/2023\/09\/Massape-vence-Padre-Marcos-por-3-\u00d7-1-em-placar-agregado-pela-II-Copa-AMVI-IMG_0670.jpg 900w\" data-src=\"https:\/\/infonewss.com\/wp-content\/uploads\/2023\/09\/Massape-vence-Padre-Marcos-por-3-\u00d7-1-em-placar-agregado-pela-II-Copa-AMVI-IMG_0670-200x300.jpg\" data-sizes=\"(max-width: 200px) 100vw, 200px\" \/><\/a><\/div>\n<\/figure>\n<figure class=\"gallery-item\">\n<div class=\"gallery-icon portrait\"><a href=\"https:\/\/infonewss.com\/wp-content\/uploads\/2023\/09\/Massape-vence-Padre-Marcos-por-3-%C3%97-1-em-placar-agregado-pela-II-Copa-AMVI-IMG_0672.jpg\"><img loading=\"lazy\" decoding=\"async\" class=\"attachment-medium size-medium lazyload\" src=\"data:image\/gif;base64,R0lGODlhAQABAAAAACH5BAEKAAEALAAAAAABAAEAAAICTAEAOw==\" alt=\"\" width=\"200\" height=\"300\" data-srcset=\"https:\/\/infonewss.com\/wp-content\/uploads\/2023\/09\/Massape-vence-Padre-Marcos-por-3-\u00d7-1-em-placar-agregado-pela-II-Copa-AMVI-IMG_0672-200x300.jpg 200w, https:\/\/infonewss.com\/wp-content\/uploads\/2023\/09\/Massape-vence-Padre-Marcos-por-3-\u00d7-1-em-placar-agregado-pela-II-Copa-AMVI-IMG_0672-683x1024.jpg 683w, https:\/\/infonewss.com\/wp-content\/uploads\/2023\/09\/Massape-vence-Padre-Marcos-por-3-\u00d7-1-em-placar-agregado-pela-II-Copa-AMVI-IMG_0672-768x1152.jpg 768w, https:\/\/infonewss.com\/wp-content\/uploads\/2023\/09\/Massape-vence-Padre-Marcos-por-3-\u00d7-1-em-placar-agregado-pela-II-Copa-AMVI-IMG_0672-150x225.jpg 150w, https:\/\/infonewss.com\/wp-content\/uploads\/2023\/09\/Massape-vence-Padre-Marcos-por-3-\u00d7-1-em-placar-agregado-pela-II-Copa-AMVI-IMG_0672-300x450.jpg 300w, https:\/\/infonewss.com\/wp-content\/uploads\/2023\/09\/Massape-vence-Padre-Marcos-por-3-\u00d7-1-em-placar-agregado-pela-II-Copa-AMVI-IMG_0672-696x1044.jpg 696w, https:\/\/infonewss.com\/wp-content\/uploads\/2023\/09\/Massape-vence-Padre-Marcos-por-3-\u00d7-1-em-placar-agregado-pela-II-Copa-AMVI-IMG_0672.jpg 900w\" data-src=\"https:\/\/infonewss.com\/wp-content\/uploads\/2023\/09\/Massape-vence-Padre-Marcos-por-3-\u00d7-1-em-placar-agregado-pela-II-Copa-AMVI-IMG_0672-200x300.jpg\" data-sizes=\"(max-width: 200px) 100vw, 200px\" \/><\/a><\/div>\n<\/figure>\n<figure class=\"gallery-item\">\n<div class=\"gallery-icon portrait\"><a href=\"https:\/\/infonewss.com\/wp-content\/uploads\/2023\/09\/Massape-vence-Padre-Marcos-por-3-%C3%97-1-em-placar-agregado-pela-II-Copa-AMVI-IMG_0673.jpg\"><img loading=\"lazy\" decoding=\"async\" class=\"attachment-medium size-medium lazyload\" src=\"data:image\/gif;base64,R0lGODlhAQABAAAAACH5BAEKAAEALAAAAAABAAEAAAICTAEAOw==\" alt=\"\" width=\"200\" height=\"300\" data-srcset=\"https:\/\/infonewss.com\/wp-content\/uploads\/2023\/09\/Massape-vence-Padre-Marcos-por-3-\u00d7-1-em-placar-agregado-pela-II-Copa-AMVI-IMG_0673-200x300.jpg 200w, https:\/\/infonewss.com\/wp-content\/uploads\/2023\/09\/Massape-vence-Padre-Marcos-por-3-\u00d7-1-em-placar-agregado-pela-II-Copa-AMVI-IMG_0673-683x1024.jpg 683w, https:\/\/infonewss.com\/wp-content\/uploads\/2023\/09\/Massape-vence-Padre-Marcos-por-3-\u00d7-1-em-placar-agregado-pela-II-Copa-AMVI-IMG_0673-768x1152.jpg 768w, https:\/\/infonewss.com\/wp-content\/uploads\/2023\/09\/Massape-vence-Padre-Marcos-por-3-\u00d7-1-em-placar-agregado-pela-II-Copa-AMVI-IMG_0673-150x225.jpg 150w, https:\/\/infonewss.com\/wp-content\/uploads\/2023\/09\/Massape-vence-Padre-Marcos-por-3-\u00d7-1-em-placar-agregado-pela-II-Copa-AMVI-IMG_0673-300x450.jpg 300w, https:\/\/infonewss.com\/wp-content\/uploads\/2023\/09\/Massape-vence-Padre-Marcos-por-3-\u00d7-1-em-placar-agregado-pela-II-Copa-AMVI-IMG_0673-696x1044.jpg 696w, https:\/\/infonewss.com\/wp-content\/uploads\/2023\/09\/Massape-vence-Padre-Marcos-por-3-\u00d7-1-em-placar-agregado-pela-II-Copa-AMVI-IMG_0673.jpg 900w\" data-src=\"https:\/\/infonewss.com\/wp-content\/uploads\/2023\/09\/Massape-vence-Padre-Marcos-por-3-\u00d7-1-em-placar-agregado-pela-II-Copa-AMVI-IMG_0673-200x300.jpg\" data-sizes=\"(max-width: 200px) 100vw, 200px\" \/><\/a><\/div>\n<\/figure>\n<figure class=\"gallery-item\">\n<div class=\"gallery-icon portrait\"><a href=\"https:\/\/infonewss.com\/wp-content\/uploads\/2023\/09\/Massape-vence-Padre-Marcos-por-3-%C3%97-1-em-placar-agregado-pela-II-Copa-AMVI-IMG_0681.jpg\"><img loading=\"lazy\" decoding=\"async\" class=\"attachment-medium size-medium lazyload\" src=\"data:image\/gif;base64,R0lGODlhAQABAAAAACH5BAEKAAEALAAAAAABAAEAAAICTAEAOw==\" alt=\"\" width=\"200\" height=\"300\" data-srcset=\"https:\/\/infonewss.com\/wp-content\/uploads\/2023\/09\/Massape-vence-Padre-Marcos-por-3-\u00d7-1-em-placar-agregado-pela-II-Copa-AMVI-IMG_0681-200x300.jpg 200w, https:\/\/infonewss.com\/wp-content\/uploads\/2023\/09\/Massape-vence-Padre-Marcos-por-3-\u00d7-1-em-placar-agregado-pela-II-Copa-AMVI-IMG_0681-683x1024.jpg 683w, https:\/\/infonewss.com\/wp-content\/uploads\/2023\/09\/Massape-vence-Padre-Marcos-por-3-\u00d7-1-em-placar-agregado-pela-II-Copa-AMVI-IMG_0681-768x1152.jpg 768w, https:\/\/infonewss.com\/wp-content\/uploads\/2023\/09\/Massape-vence-Padre-Marcos-por-3-\u00d7-1-em-placar-agregado-pela-II-Copa-AMVI-IMG_0681-150x225.jpg 150w, https:\/\/infonewss.com\/wp-content\/uploads\/2023\/09\/Massape-vence-Padre-Marcos-por-3-\u00d7-1-em-placar-agregado-pela-II-Copa-AMVI-IMG_0681-300x450.jpg 300w, https:\/\/infonewss.com\/wp-content\/uploads\/2023\/09\/Massape-vence-Padre-Marcos-por-3-\u00d7-1-em-placar-agregado-pela-II-Copa-AMVI-IMG_0681-696x1044.jpg 696w, https:\/\/infonewss.com\/wp-content\/uploads\/2023\/09\/Massape-vence-Padre-Marcos-por-3-\u00d7-1-em-placar-agregado-pela-II-Copa-AMVI-IMG_0681.jpg 900w\" data-src=\"https:\/\/infonewss.com\/wp-content\/uploads\/2023\/09\/Massape-vence-Padre-Marcos-por-3-\u00d7-1-em-placar-agregado-pela-II-Copa-AMVI-IMG_0681-200x300.jpg\" data-sizes=\"(max-width: 200px) 100vw, 200px\" \/><\/a><\/div>\n<\/figure>\n<figure class=\"gallery-item\">\n<div class=\"gallery-icon portrait\"><a href=\"https:\/\/infonewss.com\/wp-content\/uploads\/2023\/09\/Massape-vence-Padre-Marcos-por-3-%C3%97-1-em-placar-agregado-pela-II-Copa-AMVI-IMG_0682.jpg\"><img loading=\"lazy\" decoding=\"async\" class=\"attachment-medium size-medium lazyload\" src=\"data:image\/gif;base64,R0lGODlhAQABAAAAACH5BAEKAAEALAAAAAABAAEAAAICTAEAOw==\" alt=\"\" width=\"200\" height=\"300\" data-srcset=\"https:\/\/infonewss.com\/wp-content\/uploads\/2023\/09\/Massape-vence-Padre-Marcos-por-3-\u00d7-1-em-placar-agregado-pela-II-Copa-AMVI-IMG_0682-200x300.jpg 200w, https:\/\/infonewss.com\/wp-content\/uploads\/2023\/09\/Massape-vence-Padre-Marcos-por-3-\u00d7-1-em-placar-agregado-pela-II-Copa-AMVI-IMG_0682-683x1024.jpg 683w, https:\/\/infonewss.com\/wp-content\/uploads\/2023\/09\/Massape-vence-Padre-Marcos-por-3-\u00d7-1-em-placar-agregado-pela-II-Copa-AMVI-IMG_0682-768x1152.jpg 768w, https:\/\/infonewss.com\/wp-content\/uploads\/2023\/09\/Massape-vence-Padre-Marcos-por-3-\u00d7-1-em-placar-agregado-pela-II-Copa-AMVI-IMG_0682-150x225.jpg 150w, https:\/\/infonewss.com\/wp-content\/uploads\/2023\/09\/Massape-vence-Padre-Marcos-por-3-\u00d7-1-em-placar-agregado-pela-II-Copa-AMVI-IMG_0682-300x450.jpg 300w, https:\/\/infonewss.com\/wp-content\/uploads\/2023\/09\/Massape-vence-Padre-Marcos-por-3-\u00d7-1-em-placar-agregado-pela-II-Copa-AMVI-IMG_0682-696x1044.jpg 696w, https:\/\/infonewss.com\/wp-content\/uploads\/2023\/09\/Massape-vence-Padre-Marcos-por-3-\u00d7-1-em-placar-agregado-pela-II-Copa-AMVI-IMG_0682.jpg 900w\" data-src=\"https:\/\/infonewss.com\/wp-content\/uploads\/2023\/09\/Massape-vence-Padre-Marcos-por-3-\u00d7-1-em-placar-agregado-pela-II-Copa-AMVI-IMG_0682-200x300.jpg\" data-sizes=\"(max-width: 200px) 100vw, 200px\" \/><\/a><\/div>\n<\/figure>\n<figure class=\"gallery-item\">\n<div class=\"gallery-icon portrait\"><a href=\"https:\/\/infonewss.com\/wp-content\/uploads\/2023\/09\/Massape-vence-Padre-Marcos-por-3-%C3%97-1-em-placar-agregado-pela-II-Copa-AMVI-IMG_0684.jpg\"><img loading=\"lazy\" decoding=\"async\" class=\"attachment-medium size-medium lazyload\" src=\"data:image\/gif;base64,R0lGODlhAQABAAAAACH5BAEKAAEALAAAAAABAAEAAAICTAEAOw==\" alt=\"\" width=\"200\" height=\"300\" data-srcset=\"https:\/\/infonewss.com\/wp-content\/uploads\/2023\/09\/Massape-vence-Padre-Marcos-por-3-\u00d7-1-em-placar-agregado-pela-II-Copa-AMVI-IMG_0684-200x300.jpg 200w, https:\/\/infonewss.com\/wp-content\/uploads\/2023\/09\/Massape-vence-Padre-Marcos-por-3-\u00d7-1-em-placar-agregado-pela-II-Copa-AMVI-IMG_0684-683x1024.jpg 683w, https:\/\/infonewss.com\/wp-content\/uploads\/2023\/09\/Massape-vence-Padre-Marcos-por-3-\u00d7-1-em-placar-agregado-pela-II-Copa-AMVI-IMG_0684-768x1152.jpg 768w, https:\/\/infonewss.com\/wp-content\/uploads\/2023\/09\/Massape-vence-Padre-Marcos-por-3-\u00d7-1-em-placar-agregado-pela-II-Copa-AMVI-IMG_0684-150x225.jpg 150w, https:\/\/infonewss.com\/wp-content\/uploads\/2023\/09\/Massape-vence-Padre-Marcos-por-3-\u00d7-1-em-placar-agregado-pela-II-Copa-AMVI-IMG_0684-300x450.jpg 300w, https:\/\/infonewss.com\/wp-content\/uploads\/2023\/09\/Massape-vence-Padre-Marcos-por-3-\u00d7-1-em-placar-agregado-pela-II-Copa-AMVI-IMG_0684-696x1044.jpg 696w, https:\/\/infonewss.com\/wp-content\/uploads\/2023\/09\/Massape-vence-Padre-Marcos-por-3-\u00d7-1-em-placar-agregado-pela-II-Copa-AMVI-IMG_0684.jpg 900w\" data-src=\"https:\/\/infonewss.com\/wp-content\/uploads\/2023\/09\/Massape-vence-Padre-Marcos-por-3-\u00d7-1-em-placar-agregado-pela-II-Copa-AMVI-IMG_0684-200x300.jpg\" data-sizes=\"(max-width: 200px) 100vw, 200px\" \/><\/a><\/div>\n<\/figure>\n<figure class=\"gallery-item\">\n<div class=\"gallery-icon portrait\"><a href=\"https:\/\/infonewss.com\/wp-content\/uploads\/2023\/09\/Massape-vence-Padre-Marcos-por-3-%C3%97-1-em-placar-agregado-pela-II-Copa-AMVI-IMG_0686.jpg\"><img loading=\"lazy\" decoding=\"async\" class=\"attachment-medium size-medium lazyload\" src=\"data:image\/gif;base64,R0lGODlhAQABAAAAACH5BAEKAAEALAAAAAABAAEAAAICTAEAOw==\" alt=\"\" width=\"200\" height=\"300\" data-srcset=\"https:\/\/infonewss.com\/wp-content\/uploads\/2023\/09\/Massape-vence-Padre-Marcos-por-3-\u00d7-1-em-placar-agregado-pela-II-Copa-AMVI-IMG_0686-200x300.jpg 200w, https:\/\/infonewss.com\/wp-content\/uploads\/2023\/09\/Massape-vence-Padre-Marcos-por-3-\u00d7-1-em-placar-agregado-pela-II-Copa-AMVI-IMG_0686-683x1024.jpg 683w, https:\/\/infonewss.com\/wp-content\/uploads\/2023\/09\/Massape-vence-Padre-Marcos-por-3-\u00d7-1-em-placar-agregado-pela-II-Copa-AMVI-IMG_0686-768x1152.jpg 768w, https:\/\/infonewss.com\/wp-content\/uploads\/2023\/09\/Massape-vence-Padre-Marcos-por-3-\u00d7-1-em-placar-agregado-pela-II-Copa-AMVI-IMG_0686-150x225.jpg 150w, https:\/\/infonewss.com\/wp-content\/uploads\/2023\/09\/Massape-vence-Padre-Marcos-por-3-\u00d7-1-em-placar-agregado-pela-II-Copa-AMVI-IMG_0686-300x450.jpg 300w, https:\/\/infonewss.com\/wp-content\/uploads\/2023\/09\/Massape-vence-Padre-Marcos-por-3-\u00d7-1-em-placar-agregado-pela-II-Copa-AMVI-IMG_0686-696x1044.jpg 696w, https:\/\/infonewss.com\/wp-content\/uploads\/2023\/09\/Massape-vence-Padre-Marcos-por-3-\u00d7-1-em-placar-agregado-pela-II-Copa-AMVI-IMG_0686.jpg 900w\" data-src=\"https:\/\/infonewss.com\/wp-content\/uploads\/2023\/09\/Massape-vence-Padre-Marcos-por-3-\u00d7-1-em-placar-agregado-pela-II-Copa-AMVI-IMG_0686-200x300.jpg\" data-sizes=\"(max-width: 200px) 100vw, 200px\" \/><\/a><\/div>\n<\/figure>\n<figure class=\"gallery-item\">\n<div class=\"gallery-icon portrait\"><a href=\"https:\/\/infonewss.com\/wp-content\/uploads\/2023\/09\/Massape-vence-Padre-Marcos-por-3-%C3%97-1-em-placar-agregado-pela-II-Copa-AMVI-IMG_0687.jpg\"><img loading=\"lazy\" decoding=\"async\" class=\"attachment-medium size-medium lazyload\" src=\"data:image\/gif;base64,R0lGODlhAQABAAAAACH5BAEKAAEALAAAAAABAAEAAAICTAEAOw==\" alt=\"\" width=\"200\" height=\"300\" data-srcset=\"https:\/\/infonewss.com\/wp-content\/uploads\/2023\/09\/Massape-vence-Padre-Marcos-por-3-\u00d7-1-em-placar-agregado-pela-II-Copa-AMVI-IMG_0687-200x300.jpg 200w, https:\/\/infonewss.com\/wp-content\/uploads\/2023\/09\/Massape-vence-Padre-Marcos-por-3-\u00d7-1-em-placar-agregado-pela-II-Copa-AMVI-IMG_0687-683x1024.jpg 683w, https:\/\/infonewss.com\/wp-content\/uploads\/2023\/09\/Massape-vence-Padre-Marcos-por-3-\u00d7-1-em-placar-agregado-pela-II-Copa-AMVI-IMG_0687-768x1152.jpg 768w, https:\/\/infonewss.com\/wp-content\/uploads\/2023\/09\/Massape-vence-Padre-Marcos-por-3-\u00d7-1-em-placar-agregado-pela-II-Copa-AMVI-IMG_0687-150x225.jpg 150w, https:\/\/infonewss.com\/wp-content\/uploads\/2023\/09\/Massape-vence-Padre-Marcos-por-3-\u00d7-1-em-placar-agregado-pela-II-Copa-AMVI-IMG_0687-300x450.jpg 300w, https:\/\/infonewss.com\/wp-content\/uploads\/2023\/09\/Massape-vence-Padre-Marcos-por-3-\u00d7-1-em-placar-agregado-pela-II-Copa-AMVI-IMG_0687-696x1044.jpg 696w, https:\/\/infonewss.com\/wp-content\/uploads\/2023\/09\/Massape-vence-Padre-Marcos-por-3-\u00d7-1-em-placar-agregado-pela-II-Copa-AMVI-IMG_0687.jpg 900w\" data-src=\"https:\/\/infonewss.com\/wp-content\/uploads\/2023\/09\/Massape-vence-Padre-Marcos-por-3-\u00d7-1-em-placar-agregado-pela-II-Copa-AMVI-IMG_0687-200x300.jpg\" data-sizes=\"(max-width: 200px) 100vw, 200px\" \/><\/a><\/div>\n<\/figure>\n<figure class=\"gallery-item\">\n<div class=\"gallery-icon portrait\"><a href=\"https:\/\/infonewss.com\/wp-content\/uploads\/2023\/09\/Massape-vence-Padre-Marcos-por-3-%C3%97-1-em-placar-agregado-pela-II-Copa-AMVI-IMG_0688.jpg\"><img loading=\"lazy\" decoding=\"async\" class=\"attachment-medium size-medium lazyload\" src=\"data:image\/gif;base64,R0lGODlhAQABAAAAACH5BAEKAAEALAAAAAABAAEAAAICTAEAOw==\" alt=\"\" width=\"200\" height=\"300\" data-srcset=\"https:\/\/infonewss.com\/wp-content\/uploads\/2023\/09\/Massape-vence-Padre-Marcos-por-3-\u00d7-1-em-placar-agregado-pela-II-Copa-AMVI-IMG_0688-200x300.jpg 200w, https:\/\/infonewss.com\/wp-content\/uploads\/2023\/09\/Massape-vence-Padre-Marcos-por-3-\u00d7-1-em-placar-agregado-pela-II-Copa-AMVI-IMG_0688-683x1024.jpg 683w, https:\/\/infonewss.com\/wp-content\/uploads\/2023\/09\/Massape-vence-Padre-Marcos-por-3-\u00d7-1-em-placar-agregado-pela-II-Copa-AMVI-IMG_0688-768x1152.jpg 768w, https:\/\/infonewss.com\/wp-content\/uploads\/2023\/09\/Massape-vence-Padre-Marcos-por-3-\u00d7-1-em-placar-agregado-pela-II-Copa-AMVI-IMG_0688-150x225.jpg 150w, https:\/\/infonewss.com\/wp-content\/uploads\/2023\/09\/Massape-vence-Padre-Marcos-por-3-\u00d7-1-em-placar-agregado-pela-II-Copa-AMVI-IMG_0688-300x450.jpg 300w, https:\/\/infonewss.com\/wp-content\/uploads\/2023\/09\/Massape-vence-Padre-Marcos-por-3-\u00d7-1-em-placar-agregado-pela-II-Copa-AMVI-IMG_0688-696x1044.jpg 696w, https:\/\/infonewss.com\/wp-content\/uploads\/2023\/09\/Massape-vence-Padre-Marcos-por-3-\u00d7-1-em-placar-agregado-pela-II-Copa-AMVI-IMG_0688.jpg 900w\" data-src=\"https:\/\/infonewss.com\/wp-content\/uploads\/2023\/09\/Massape-vence-Padre-Marcos-por-3-\u00d7-1-em-placar-agregado-pela-II-Copa-AMVI-IMG_0688-200x300.jpg\" data-sizes=\"(max-width: 200px) 100vw, 200px\" \/><\/a><\/div>\n<\/figure>\n<figure class=\"gallery-item\">\n<div class=\"gallery-icon portrait\"><a href=\"https:\/\/infonewss.com\/wp-content\/uploads\/2023\/09\/Massape-vence-Padre-Marcos-por-3-%C3%97-1-em-placar-agregado-pela-II-Copa-AMVI-IMG_0689.jpg\"><img loading=\"lazy\" decoding=\"async\" class=\"attachment-medium size-medium lazyload\" src=\"data:image\/gif;base64,R0lGODlhAQABAAAAACH5BAEKAAEALAAAAAABAAEAAAICTAEAOw==\" alt=\"\" width=\"200\" height=\"300\" data-srcset=\"https:\/\/infonewss.com\/wp-content\/uploads\/2023\/09\/Massape-vence-Padre-Marcos-por-3-\u00d7-1-em-placar-agregado-pela-II-Copa-AMVI-IMG_0689-200x300.jpg 200w, https:\/\/infonewss.com\/wp-content\/uploads\/2023\/09\/Massape-vence-Padre-Marcos-por-3-\u00d7-1-em-placar-agregado-pela-II-Copa-AMVI-IMG_0689-683x1024.jpg 683w, https:\/\/infonewss.com\/wp-content\/uploads\/2023\/09\/Massape-vence-Padre-Marcos-por-3-\u00d7-1-em-placar-agregado-pela-II-Copa-AMVI-IMG_0689-768x1152.jpg 768w, https:\/\/infonewss.com\/wp-content\/uploads\/2023\/09\/Massape-vence-Padre-Marcos-por-3-\u00d7-1-em-placar-agregado-pela-II-Copa-AMVI-IMG_0689-150x225.jpg 150w, https:\/\/infonewss.com\/wp-content\/uploads\/2023\/09\/Massape-vence-Padre-Marcos-por-3-\u00d7-1-em-placar-agregado-pela-II-Copa-AMVI-IMG_0689-300x450.jpg 300w, https:\/\/infonewss.com\/wp-content\/uploads\/2023\/09\/Massape-vence-Padre-Marcos-por-3-\u00d7-1-em-placar-agregado-pela-II-Copa-AMVI-IMG_0689-696x1044.jpg 696w, https:\/\/infonewss.com\/wp-content\/uploads\/2023\/09\/Massape-vence-Padre-Marcos-por-3-\u00d7-1-em-placar-agregado-pela-II-Copa-AMVI-IMG_0689.jpg 900w\" data-src=\"https:\/\/infonewss.com\/wp-content\/uploads\/2023\/09\/Massape-vence-Padre-Marcos-por-3-\u00d7-1-em-placar-agregado-pela-II-Copa-AMVI-IMG_0689-200x300.jpg\" data-sizes=\"(max-width: 200px) 100vw, 200px\" \/><\/a><\/div>\n<\/figure>\n<figure class=\"gallery-item\">\n<div class=\"gallery-icon portrait\"><a href=\"https:\/\/infonewss.com\/wp-content\/uploads\/2023\/09\/Massape-vence-Padre-Marcos-por-3-%C3%97-1-em-placar-agregado-pela-II-Copa-AMVI-IMG_0695.jpg\"><img loading=\"lazy\" decoding=\"async\" class=\"attachment-medium size-medium lazyload\" src=\"data:image\/gif;base64,R0lGODlhAQABAAAAACH5BAEKAAEALAAAAAABAAEAAAICTAEAOw==\" alt=\"\" width=\"200\" height=\"300\" data-srcset=\"https:\/\/infonewss.com\/wp-content\/uploads\/2023\/09\/Massape-vence-Padre-Marcos-por-3-\u00d7-1-em-placar-agregado-pela-II-Copa-AMVI-IMG_0695-200x300.jpg 200w, https:\/\/infonewss.com\/wp-content\/uploads\/2023\/09\/Massape-vence-Padre-Marcos-por-3-\u00d7-1-em-placar-agregado-pela-II-Copa-AMVI-IMG_0695-683x1024.jpg 683w, https:\/\/infonewss.com\/wp-content\/uploads\/2023\/09\/Massape-vence-Padre-Marcos-por-3-\u00d7-1-em-placar-agregado-pela-II-Copa-AMVI-IMG_0695-768x1152.jpg 768w, https:\/\/infonewss.com\/wp-content\/uploads\/2023\/09\/Massape-vence-Padre-Marcos-por-3-\u00d7-1-em-placar-agregado-pela-II-Copa-AMVI-IMG_0695-150x225.jpg 150w, https:\/\/infonewss.com\/wp-content\/uploads\/2023\/09\/Massape-vence-Padre-Marcos-por-3-\u00d7-1-em-placar-agregado-pela-II-Copa-AMVI-IMG_0695-300x450.jpg 300w, https:\/\/infonewss.com\/wp-content\/uploads\/2023\/09\/Massape-vence-Padre-Marcos-por-3-\u00d7-1-em-placar-agregado-pela-II-Copa-AMVI-IMG_0695-696x1044.jpg 696w, https:\/\/infonewss.com\/wp-content\/uploads\/2023\/09\/Massape-vence-Padre-Marcos-por-3-\u00d7-1-em-placar-agregado-pela-II-Copa-AMVI-IMG_0695.jpg 900w\" data-src=\"https:\/\/infonewss.com\/wp-content\/uploads\/2023\/09\/Massape-vence-Padre-Marcos-por-3-\u00d7-1-em-placar-agregado-pela-II-Copa-AMVI-IMG_0695-200x300.jpg\" data-sizes=\"(max-width: 200px) 100vw, 200px\" \/><\/a><\/div>\n<\/figure>\n<figure class=\"gallery-item\">\n<div class=\"gallery-icon portrait\"><a href=\"https:\/\/infonewss.com\/wp-content\/uploads\/2023\/09\/Massape-vence-Padre-Marcos-por-3-%C3%97-1-em-placar-agregado-pela-II-Copa-AMVI-IMG_0696.jpg\"><img loading=\"lazy\" decoding=\"async\" class=\"attachment-medium size-medium lazyload\" src=\"data:image\/gif;base64,R0lGODlhAQABAAAAACH5BAEKAAEALAAAAAABAAEAAAICTAEAOw==\" alt=\"\" width=\"200\" height=\"300\" data-srcset=\"https:\/\/infonewss.com\/wp-content\/uploads\/2023\/09\/Massape-vence-Padre-Marcos-por-3-\u00d7-1-em-placar-agregado-pela-II-Copa-AMVI-IMG_0696-200x300.jpg 200w, https:\/\/infonewss.com\/wp-content\/uploads\/2023\/09\/Massape-vence-Padre-Marcos-por-3-\u00d7-1-em-placar-agregado-pela-II-Copa-AMVI-IMG_0696-683x1024.jpg 683w, https:\/\/infonewss.com\/wp-content\/uploads\/2023\/09\/Massape-vence-Padre-Marcos-por-3-\u00d7-1-em-placar-agregado-pela-II-Copa-AMVI-IMG_0696-768x1152.jpg 768w, https:\/\/infonewss.com\/wp-content\/uploads\/2023\/09\/Massape-vence-Padre-Marcos-por-3-\u00d7-1-em-placar-agregado-pela-II-Copa-AMVI-IMG_0696-150x225.jpg 150w, https:\/\/infonewss.com\/wp-content\/uploads\/2023\/09\/Massape-vence-Padre-Marcos-por-3-\u00d7-1-em-placar-agregado-pela-II-Copa-AMVI-IMG_0696-300x450.jpg 300w, https:\/\/infonewss.com\/wp-content\/uploads\/2023\/09\/Massape-vence-Padre-Marcos-por-3-\u00d7-1-em-placar-agregado-pela-II-Copa-AMVI-IMG_0696-696x1044.jpg 696w, https:\/\/infonewss.com\/wp-content\/uploads\/2023\/09\/Massape-vence-Padre-Marcos-por-3-\u00d7-1-em-placar-agregado-pela-II-Copa-AMVI-IMG_0696.jpg 900w\" data-src=\"https:\/\/infonewss.com\/wp-content\/uploads\/2023\/09\/Massape-vence-Padre-Marcos-por-3-\u00d7-1-em-placar-agregado-pela-II-Copa-AMVI-IMG_0696-200x300.jpg\" data-sizes=\"(max-width: 200px) 100vw, 200px\" \/><\/a><\/div>\n<\/figure>\n<figure class=\"gallery-item\">\n<div class=\"gallery-icon portrait\"><a href=\"https:\/\/infonewss.com\/wp-content\/uploads\/2023\/09\/Massape-vence-Padre-Marcos-por-3-%C3%97-1-em-placar-agregado-pela-II-Copa-AMVI-IMG_0697.jpg\"><img loading=\"lazy\" decoding=\"async\" class=\"attachment-medium size-medium lazyload\" src=\"data:image\/gif;base64,R0lGODlhAQABAAAAACH5BAEKAAEALAAAAAABAAEAAAICTAEAOw==\" alt=\"\" width=\"200\" height=\"300\" data-srcset=\"https:\/\/infonewss.com\/wp-content\/uploads\/2023\/09\/Massape-vence-Padre-Marcos-por-3-\u00d7-1-em-placar-agregado-pela-II-Copa-AMVI-IMG_0697-200x300.jpg 200w, https:\/\/infonewss.com\/wp-content\/uploads\/2023\/09\/Massape-vence-Padre-Marcos-por-3-\u00d7-1-em-placar-agregado-pela-II-Copa-AMVI-IMG_0697-683x1024.jpg 683w, https:\/\/infonewss.com\/wp-content\/uploads\/2023\/09\/Massape-vence-Padre-Marcos-por-3-\u00d7-1-em-placar-agregado-pela-II-Copa-AMVI-IMG_0697-768x1152.jpg 768w, https:\/\/infonewss.com\/wp-content\/uploads\/2023\/09\/Massape-vence-Padre-Marcos-por-3-\u00d7-1-em-placar-agregado-pela-II-Copa-AMVI-IMG_0697-150x225.jpg 150w, https:\/\/infonewss.com\/wp-content\/uploads\/2023\/09\/Massape-vence-Padre-Marcos-por-3-\u00d7-1-em-placar-agregado-pela-II-Copa-AMVI-IMG_0697-300x450.jpg 300w, https:\/\/infonewss.com\/wp-content\/uploads\/2023\/09\/Massape-vence-Padre-Marcos-por-3-\u00d7-1-em-placar-agregado-pela-II-Copa-AMVI-IMG_0697-696x1044.jpg 696w, https:\/\/infonewss.com\/wp-content\/uploads\/2023\/09\/Massape-vence-Padre-Marcos-por-3-\u00d7-1-em-placar-agregado-pela-II-Copa-AMVI-IMG_0697.jpg 900w\" data-src=\"https:\/\/infonewss.com\/wp-content\/uploads\/2023\/09\/Massape-vence-Padre-Marcos-por-3-\u00d7-1-em-placar-agregado-pela-II-Copa-AMVI-IMG_0697-200x300.jpg\" data-sizes=\"(max-width: 200px) 100vw, 200px\" \/><\/a><\/div>\n<\/figure>\n<figure class=\"gallery-item\">\n<div class=\"gallery-icon portrait\"><a href=\"https:\/\/infonewss.com\/wp-content\/uploads\/2023\/09\/Massape-vence-Padre-Marcos-por-3-%C3%97-1-em-placar-agregado-pela-II-Copa-AMVI-IMG_0698.jpg\"><img loading=\"lazy\" decoding=\"async\" class=\"attachment-medium size-medium lazyload\" src=\"data:image\/gif;base64,R0lGODlhAQABAAAAACH5BAEKAAEALAAAAAABAAEAAAICTAEAOw==\" alt=\"\" width=\"200\" height=\"300\" data-srcset=\"https:\/\/infonewss.com\/wp-content\/uploads\/2023\/09\/Massape-vence-Padre-Marcos-por-3-\u00d7-1-em-placar-agregado-pela-II-Copa-AMVI-IMG_0698-200x300.jpg 200w, https:\/\/infonewss.com\/wp-content\/uploads\/2023\/09\/Massape-vence-Padre-Marcos-por-3-\u00d7-1-em-placar-agregado-pela-II-Copa-AMVI-IMG_0698-683x1024.jpg 683w, https:\/\/infonewss.com\/wp-content\/uploads\/2023\/09\/Massape-vence-Padre-Marcos-por-3-\u00d7-1-em-placar-agregado-pela-II-Copa-AMVI-IMG_0698-768x1152.jpg 768w, https:\/\/infonewss.com\/wp-content\/uploads\/2023\/09\/Massape-vence-Padre-Marcos-por-3-\u00d7-1-em-placar-agregado-pela-II-Copa-AMVI-IMG_0698-150x225.jpg 150w, https:\/\/infonewss.com\/wp-content\/uploads\/2023\/09\/Massape-vence-Padre-Marcos-por-3-\u00d7-1-em-placar-agregado-pela-II-Copa-AMVI-IMG_0698-300x450.jpg 300w, https:\/\/infonewss.com\/wp-content\/uploads\/2023\/09\/Massape-vence-Padre-Marcos-por-3-\u00d7-1-em-placar-agregado-pela-II-Copa-AMVI-IMG_0698-696x1044.jpg 696w, https:\/\/infonewss.com\/wp-content\/uploads\/2023\/09\/Massape-vence-Padre-Marcos-por-3-\u00d7-1-em-placar-agregado-pela-II-Copa-AMVI-IMG_0698.jpg 900w\" data-src=\"https:\/\/infonewss.com\/wp-content\/uploads\/2023\/09\/Massape-vence-Padre-Marcos-por-3-\u00d7-1-em-placar-agregado-pela-II-Copa-AMVI-IMG_0698-200x300.jpg\" data-sizes=\"(max-width: 200px) 100vw, 200px\" \/><\/a><\/div>\n<\/figure>\n<figure class=\"gallery-item\">\n<div class=\"gallery-icon landscape\"><a href=\"https:\/\/infonewss.com\/wp-content\/uploads\/2023\/09\/Massape-vence-Padre-Marcos-por-3-%C3%97-1-em-placar-agregado-pela-II-Copa-AMVI-IMG_0699.jpg\"><img loading=\"lazy\" decoding=\"async\" class=\"attachment-medium size-medium lazyloaded\" src=\"https:\/\/infonewss.com\/wp-content\/uploads\/2023\/09\/Massape-vence-Padre-Marcos-por-3-%C3%97-1-em-placar-agregado-pela-II-Copa-AMVI-IMG_0699-300x200.jpg\" sizes=\"(max-width: 300px) 100vw, 300px\" srcset=\"https:\/\/infonewss.com\/wp-content\/uploads\/2023\/09\/Massape-vence-Padre-Marcos-por-3-\u00d7-1-em-placar-agregado-pela-II-Copa-AMVI-IMG_0699-300x200.jpg 300w, https:\/\/infonewss.com\/wp-content\/uploads\/2023\/09\/Massape-vence-Padre-Marcos-por-3-\u00d7-1-em-placar-agregado-pela-II-Copa-AMVI-IMG_0699-768x512.jpg 768w, https:\/\/infonewss.com\/wp-content\/uploads\/2023\/09\/Massape-vence-Padre-Marcos-por-3-\u00d7-1-em-placar-agregado-pela-II-Copa-AMVI-IMG_0699-150x100.jpg 150w, https:\/\/infonewss.com\/wp-content\/uploads\/2023\/09\/Massape-vence-Padre-Marcos-por-3-\u00d7-1-em-placar-agregado-pela-II-Copa-AMVI-IMG_0699-696x464.jpg 696w, https:\/\/infonewss.com\/wp-content\/uploads\/2023\/09\/Massape-vence-Padre-Marcos-por-3-\u00d7-1-em-placar-agregado-pela-II-Copa-AMVI-IMG_0699.jpg 900w\" alt=\"\" width=\"300\" height=\"200\" data-srcset=\"https:\/\/infonewss.com\/wp-content\/uploads\/2023\/09\/Massape-vence-Padre-Marcos-por-3-\u00d7-1-em-placar-agregado-pela-II-Copa-AMVI-IMG_0699-300x200.jpg 300w, https:\/\/infonewss.com\/wp-content\/uploads\/2023\/09\/Massape-vence-Padre-Marcos-por-3-\u00d7-1-em-placar-agregado-pela-II-Copa-AMVI-IMG_0699-768x512.jpg 768w, https:\/\/infonewss.com\/wp-content\/uploads\/2023\/09\/Massape-vence-Padre-Marcos-por-3-\u00d7-1-em-placar-agregado-pela-II-Copa-AMVI-IMG_0699-150x100.jpg 150w, https:\/\/infonewss.com\/wp-content\/uploads\/2023\/09\/Massape-vence-Padre-Marcos-por-3-\u00d7-1-em-placar-agregado-pela-II-Copa-AMVI-IMG_0699-696x464.jpg 696w, https:\/\/infonewss.com\/wp-content\/uploads\/2023\/09\/Massape-vence-Padre-Marcos-por-3-\u00d7-1-em-placar-agregado-pela-II-Copa-AMVI-IMG_0699.jpg 900w\" data-src=\"https:\/\/infonewss.com\/wp-content\/uploads\/2023\/09\/Massape-vence-Padre-Marcos-por-3-\u00d7-1-em-placar-agregado-pela-II-Copa-AMVI-IMG_0699-300x200.jpg\" data-sizes=\"(max-width: 300px) 100vw, 300px\" \/><\/a><\/div>\n<\/figure>\n<figure class=\"gallery-item\">\n<div class=\"gallery-icon landscape\"><a href=\"https:\/\/infonewss.com\/wp-content\/uploads\/2023\/09\/Massape-vence-Padre-Marcos-por-3-%C3%97-1-em-placar-agregado-pela-II-Copa-AMVI-IMG_0702.jpg\"><img loading=\"lazy\" decoding=\"async\" class=\"attachment-medium size-medium lazyloaded\" src=\"https:\/\/infonewss.com\/wp-content\/uploads\/2023\/09\/Massape-vence-Padre-Marcos-por-3-%C3%97-1-em-placar-agregado-pela-II-Copa-AMVI-IMG_0702-300x200.jpg\" sizes=\"(max-width: 300px) 100vw, 300px\" srcset=\"https:\/\/infonewss.com\/wp-content\/uploads\/2023\/09\/Massape-vence-Padre-Marcos-por-3-\u00d7-1-em-placar-agregado-pela-II-Copa-AMVI-IMG_0702-300x200.jpg 300w, https:\/\/infonewss.com\/wp-content\/uploads\/2023\/09\/Massape-vence-Padre-Marcos-por-3-\u00d7-1-em-placar-agregado-pela-II-Copa-AMVI-IMG_0702-768x512.jpg 768w, https:\/\/infonewss.com\/wp-content\/uploads\/2023\/09\/Massape-vence-Padre-Marcos-por-3-\u00d7-1-em-placar-agregado-pela-II-Copa-AMVI-IMG_0702-150x100.jpg 150w, https:\/\/infonewss.com\/wp-content\/uploads\/2023\/09\/Massape-vence-Padre-Marcos-por-3-\u00d7-1-em-placar-agregado-pela-II-Copa-AMVI-IMG_0702-696x464.jpg 696w, https:\/\/infonewss.com\/wp-content\/uploads\/2023\/09\/Massape-vence-Padre-Marcos-por-3-\u00d7-1-em-placar-agregado-pela-II-Copa-AMVI-IMG_0702.jpg 900w\" alt=\"\" width=\"300\" height=\"200\" data-srcset=\"https:\/\/infonewss.com\/wp-content\/uploads\/2023\/09\/Massape-vence-Padre-Marcos-por-3-\u00d7-1-em-placar-agregado-pela-II-Copa-AMVI-IMG_0702-300x200.jpg 300w, https:\/\/infonewss.com\/wp-content\/uploads\/2023\/09\/Massape-vence-Padre-Marcos-por-3-\u00d7-1-em-placar-agregado-pela-II-Copa-AMVI-IMG_0702-768x512.jpg 768w, https:\/\/infonewss.com\/wp-content\/uploads\/2023\/09\/Massape-vence-Padre-Marcos-por-3-\u00d7-1-em-placar-agregado-pela-II-Copa-AMVI-IMG_0702-150x100.jpg 150w, https:\/\/infonewss.com\/wp-content\/uploads\/2023\/09\/Massape-vence-Padre-Marcos-por-3-\u00d7-1-em-placar-agregado-pela-II-Copa-AMVI-IMG_0702-696x464.jpg 696w, https:\/\/infonewss.com\/wp-content\/uploads\/2023\/09\/Massape-vence-Padre-Marcos-por-3-\u00d7-1-em-placar-agregado-pela-II-Copa-AMVI-IMG_0702.jpg 900w\" data-src=\"https:\/\/infonewss.com\/wp-content\/uploads\/2023\/09\/Massape-vence-Padre-Marcos-por-3-\u00d7-1-em-placar-agregado-pela-II-Copa-AMVI-IMG_0702-300x200.jpg\" data-sizes=\"(max-width: 300px) 100vw, 300px\" \/><\/a><\/div>\n<\/figure>\n<figure class=\"gallery-item\">\n<div class=\"gallery-icon landscape\"><a href=\"https:\/\/infonewss.com\/wp-content\/uploads\/2023\/09\/Massape-vence-Padre-Marcos-por-3-%C3%97-1-em-placar-agregado-pela-II-Copa-AMVI-IMG_0707.jpg\"><img loading=\"lazy\" decoding=\"async\" class=\"attachment-medium size-medium lazyloaded\" src=\"https:\/\/infonewss.com\/wp-content\/uploads\/2023\/09\/Massape-vence-Padre-Marcos-por-3-%C3%97-1-em-placar-agregado-pela-II-Copa-AMVI-IMG_0707-300x200.jpg\" sizes=\"(max-width: 300px) 100vw, 300px\" srcset=\"https:\/\/infonewss.com\/wp-content\/uploads\/2023\/09\/Massape-vence-Padre-Marcos-por-3-\u00d7-1-em-placar-agregado-pela-II-Copa-AMVI-IMG_0707-300x200.jpg 300w, https:\/\/infonewss.com\/wp-content\/uploads\/2023\/09\/Massape-vence-Padre-Marcos-por-3-\u00d7-1-em-placar-agregado-pela-II-Copa-AMVI-IMG_0707-768x512.jpg 768w, https:\/\/infonewss.com\/wp-content\/uploads\/2023\/09\/Massape-vence-Padre-Marcos-por-3-\u00d7-1-em-placar-agregado-pela-II-Copa-AMVI-IMG_0707-150x100.jpg 150w, https:\/\/infonewss.com\/wp-content\/uploads\/2023\/09\/Massape-vence-Padre-Marcos-por-3-\u00d7-1-em-placar-agregado-pela-II-Copa-AMVI-IMG_0707-696x464.jpg 696w, https:\/\/infonewss.com\/wp-content\/uploads\/2023\/09\/Massape-vence-Padre-Marcos-por-3-\u00d7-1-em-placar-agregado-pela-II-Copa-AMVI-IMG_0707.jpg 900w\" alt=\"\" width=\"300\" height=\"200\" data-srcset=\"https:\/\/infonewss.com\/wp-content\/uploads\/2023\/09\/Massape-vence-Padre-Marcos-por-3-\u00d7-1-em-placar-agregado-pela-II-Copa-AMVI-IMG_0707-300x200.jpg 300w, https:\/\/infonewss.com\/wp-content\/uploads\/2023\/09\/Massape-vence-Padre-Marcos-por-3-\u00d7-1-em-placar-agregado-pela-II-Copa-AMVI-IMG_0707-768x512.jpg 768w, https:\/\/infonewss.com\/wp-content\/uploads\/2023\/09\/Massape-vence-Padre-Marcos-por-3-\u00d7-1-em-placar-agregado-pela-II-Copa-AMVI-IMG_0707-150x100.jpg 150w, https:\/\/infonewss.com\/wp-content\/uploads\/2023\/09\/Massape-vence-Padre-Marcos-por-3-\u00d7-1-em-placar-agregado-pela-II-Copa-AMVI-IMG_0707-696x464.jpg 696w, https:\/\/infonewss.com\/wp-content\/uploads\/2023\/09\/Massape-vence-Padre-Marcos-por-3-\u00d7-1-em-placar-agregado-pela-II-Copa-AMVI-IMG_0707.jpg 900w\" data-src=\"https:\/\/infonewss.com\/wp-content\/uploads\/2023\/09\/Massape-vence-Padre-Marcos-por-3-\u00d7-1-em-placar-agregado-pela-II-Copa-AMVI-IMG_0707-300x200.jpg\" data-sizes=\"(max-width: 300px) 100vw, 300px\" \/><\/a><\/div>\n<\/figure>\n<figure class=\"gallery-item\">\n<div class=\"gallery-icon landscape\"><a href=\"https:\/\/infonewss.com\/wp-content\/uploads\/2023\/09\/Massape-vence-Padre-Marcos-por-3-%C3%97-1-em-placar-agregado-pela-II-Copa-AMVI-IMG_0708.jpg\"><img loading=\"lazy\" decoding=\"async\" class=\"attachment-medium size-medium lazyloaded\" src=\"https:\/\/infonewss.com\/wp-content\/uploads\/2023\/09\/Massape-vence-Padre-Marcos-por-3-%C3%97-1-em-placar-agregado-pela-II-Copa-AMVI-IMG_0708-300x200.jpg\" sizes=\"(max-width: 300px) 100vw, 300px\" srcset=\"https:\/\/infonewss.com\/wp-content\/uploads\/2023\/09\/Massape-vence-Padre-Marcos-por-3-\u00d7-1-em-placar-agregado-pela-II-Copa-AMVI-IMG_0708-300x200.jpg 300w, https:\/\/infonewss.com\/wp-content\/uploads\/2023\/09\/Massape-vence-Padre-Marcos-por-3-\u00d7-1-em-placar-agregado-pela-II-Copa-AMVI-IMG_0708-768x512.jpg 768w, https:\/\/infonewss.com\/wp-content\/uploads\/2023\/09\/Massape-vence-Padre-Marcos-por-3-\u00d7-1-em-placar-agregado-pela-II-Copa-AMVI-IMG_0708-150x100.jpg 150w, https:\/\/infonewss.com\/wp-content\/uploads\/2023\/09\/Massape-vence-Padre-Marcos-por-3-\u00d7-1-em-placar-agregado-pela-II-Copa-AMVI-IMG_0708-696x464.jpg 696w, https:\/\/infonewss.com\/wp-content\/uploads\/2023\/09\/Massape-vence-Padre-Marcos-por-3-\u00d7-1-em-placar-agregado-pela-II-Copa-AMVI-IMG_0708.jpg 900w\" alt=\"\" width=\"300\" height=\"200\" data-srcset=\"https:\/\/infonewss.com\/wp-content\/uploads\/2023\/09\/Massape-vence-Padre-Marcos-por-3-\u00d7-1-em-placar-agregado-pela-II-Copa-AMVI-IMG_0708-300x200.jpg 300w, https:\/\/infonewss.com\/wp-content\/uploads\/2023\/09\/Massape-vence-Padre-Marcos-por-3-\u00d7-1-em-placar-agregado-pela-II-Copa-AMVI-IMG_0708-768x512.jpg 768w, https:\/\/infonewss.com\/wp-content\/uploads\/2023\/09\/Massape-vence-Padre-Marcos-por-3-\u00d7-1-em-placar-agregado-pela-II-Copa-AMVI-IMG_0708-150x100.jpg 150w, https:\/\/infonewss.com\/wp-content\/uploads\/2023\/09\/Massape-vence-Padre-Marcos-por-3-\u00d7-1-em-placar-agregado-pela-II-Copa-AMVI-IMG_0708-696x464.jpg 696w, https:\/\/infonewss.com\/wp-content\/uploads\/2023\/09\/Massape-vence-Padre-Marcos-por-3-\u00d7-1-em-placar-agregado-pela-II-Copa-AMVI-IMG_0708.jpg 900w\" data-src=\"https:\/\/infonewss.com\/wp-content\/uploads\/2023\/09\/Massape-vence-Padre-Marcos-por-3-\u00d7-1-em-placar-agregado-pela-II-Copa-AMVI-IMG_0708-300x200.jpg\" data-sizes=\"(max-width: 300px) 100vw, 300px\" \/><\/a><\/div>\n<\/figure>\n<figure class=\"gallery-item\">\n<div class=\"gallery-icon portrait\"><a href=\"https:\/\/infonewss.com\/wp-content\/uploads\/2023\/09\/Massape-vence-Padre-Marcos-por-3-%C3%97-1-em-placar-agregado-pela-II-Copa-AMVI-IMG_0711.jpg\"><img loading=\"lazy\" decoding=\"async\" class=\"attachment-medium size-medium lazyloaded\" src=\"https:\/\/infonewss.com\/wp-content\/uploads\/2023\/09\/Massape-vence-Padre-Marcos-por-3-%C3%97-1-em-placar-agregado-pela-II-Copa-AMVI-IMG_0711-200x300.jpg\" sizes=\"(max-width: 200px) 100vw, 200px\" srcset=\"https:\/\/infonewss.com\/wp-content\/uploads\/2023\/09\/Massape-vence-Padre-Marcos-por-3-\u00d7-1-em-placar-agregado-pela-II-Copa-AMVI-IMG_0711-200x300.jpg 200w, https:\/\/infonewss.com\/wp-content\/uploads\/2023\/09\/Massape-vence-Padre-Marcos-por-3-\u00d7-1-em-placar-agregado-pela-II-Copa-AMVI-IMG_0711-683x1024.jpg 683w, https:\/\/infonewss.com\/wp-content\/uploads\/2023\/09\/Massape-vence-Padre-Marcos-por-3-\u00d7-1-em-placar-agregado-pela-II-Copa-AMVI-IMG_0711-768x1152.jpg 768w, https:\/\/infonewss.com\/wp-content\/uploads\/2023\/09\/Massape-vence-Padre-Marcos-por-3-\u00d7-1-em-placar-agregado-pela-II-Copa-AMVI-IMG_0711-150x225.jpg 150w, https:\/\/infonewss.com\/wp-content\/uploads\/2023\/09\/Massape-vence-Padre-Marcos-por-3-\u00d7-1-em-placar-agregado-pela-II-Copa-AMVI-IMG_0711-300x450.jpg 300w, https:\/\/infonewss.com\/wp-content\/uploads\/2023\/09\/Massape-vence-Padre-Marcos-por-3-\u00d7-1-em-placar-agregado-pela-II-Copa-AMVI-IMG_0711-696x1044.jpg 696w, https:\/\/infonewss.com\/wp-content\/uploads\/2023\/09\/Massape-vence-Padre-Marcos-por-3-\u00d7-1-em-placar-agregado-pela-II-Copa-AMVI-IMG_0711.jpg 900w\" alt=\"\" width=\"200\" height=\"300\" data-srcset=\"https:\/\/infonewss.com\/wp-content\/uploads\/2023\/09\/Massape-vence-Padre-Marcos-por-3-\u00d7-1-em-placar-agregado-pela-II-Copa-AMVI-IMG_0711-200x300.jpg 200w, https:\/\/infonewss.com\/wp-content\/uploads\/2023\/09\/Massape-vence-Padre-Marcos-por-3-\u00d7-1-em-placar-agregado-pela-II-Copa-AMVI-IMG_0711-683x1024.jpg 683w, https:\/\/infonewss.com\/wp-content\/uploads\/2023\/09\/Massape-vence-Padre-Marcos-por-3-\u00d7-1-em-placar-agregado-pela-II-Copa-AMVI-IMG_0711-768x1152.jpg 768w, https:\/\/infonewss.com\/wp-content\/uploads\/2023\/09\/Massape-vence-Padre-Marcos-por-3-\u00d7-1-em-placar-agregado-pela-II-Copa-AMVI-IMG_0711-150x225.jpg 150w, https:\/\/infonewss.com\/wp-content\/uploads\/2023\/09\/Massape-vence-Padre-Marcos-por-3-\u00d7-1-em-placar-agregado-pela-II-Copa-AMVI-IMG_0711-300x450.jpg 300w, https:\/\/infonewss.com\/wp-content\/uploads\/2023\/09\/Massape-vence-Padre-Marcos-por-3-\u00d7-1-em-placar-agregado-pela-II-Copa-AMVI-IMG_0711-696x1044.jpg 696w, https:\/\/infonewss.com\/wp-content\/uploads\/2023\/09\/Massape-vence-Padre-Marcos-por-3-\u00d7-1-em-placar-agregado-pela-II-Copa-AMVI-IMG_0711.jpg 900w\" data-src=\"https:\/\/infonewss.com\/wp-content\/uploads\/2023\/09\/Massape-vence-Padre-Marcos-por-3-\u00d7-1-em-placar-agregado-pela-II-Copa-AMVI-IMG_0711-200x300.jpg\" data-sizes=\"(max-width: 200px) 100vw, 200px\" \/><\/a><\/div>\n<\/figure>\n<figure class=\"gallery-item\">\n<div class=\"gallery-icon portrait\"><a href=\"https:\/\/infonewss.com\/wp-content\/uploads\/2023\/09\/Massape-vence-Padre-Marcos-por-3-%C3%97-1-em-placar-agregado-pela-II-Copa-AMVI-IMG_0712.jpg\"><img loading=\"lazy\" decoding=\"async\" class=\"attachment-medium size-medium lazyloaded\" src=\"https:\/\/infonewss.com\/wp-content\/uploads\/2023\/09\/Massape-vence-Padre-Marcos-por-3-%C3%97-1-em-placar-agregado-pela-II-Copa-AMVI-IMG_0712-200x300.jpg\" sizes=\"(max-width: 200px) 100vw, 200px\" srcset=\"https:\/\/infonewss.com\/wp-content\/uploads\/2023\/09\/Massape-vence-Padre-Marcos-por-3-\u00d7-1-em-placar-agregado-pela-II-Copa-AMVI-IMG_0712-200x300.jpg 200w, https:\/\/infonewss.com\/wp-content\/uploads\/2023\/09\/Massape-vence-Padre-Marcos-por-3-\u00d7-1-em-placar-agregado-pela-II-Copa-AMVI-IMG_0712-683x1024.jpg 683w, https:\/\/infonewss.com\/wp-content\/uploads\/2023\/09\/Massape-vence-Padre-Marcos-por-3-\u00d7-1-em-placar-agregado-pela-II-Copa-AMVI-IMG_0712-768x1152.jpg 768w, https:\/\/infonewss.com\/wp-content\/uploads\/2023\/09\/Massape-vence-Padre-Marcos-por-3-\u00d7-1-em-placar-agregado-pela-II-Copa-AMVI-IMG_0712-150x225.jpg 150w, https:\/\/infonewss.com\/wp-content\/uploads\/2023\/09\/Massape-vence-Padre-Marcos-por-3-\u00d7-1-em-placar-agregado-pela-II-Copa-AMVI-IMG_0712-300x450.jpg 300w, https:\/\/infonewss.com\/wp-content\/uploads\/2023\/09\/Massape-vence-Padre-Marcos-por-3-\u00d7-1-em-placar-agregado-pela-II-Copa-AMVI-IMG_0712-696x1044.jpg 696w, https:\/\/infonewss.com\/wp-content\/uploads\/2023\/09\/Massape-vence-Padre-Marcos-por-3-\u00d7-1-em-placar-agregado-pela-II-Copa-AMVI-IMG_0712.jpg 900w\" alt=\"\" width=\"200\" height=\"300\" data-srcset=\"https:\/\/infonewss.com\/wp-content\/uploads\/2023\/09\/Massape-vence-Padre-Marcos-por-3-\u00d7-1-em-placar-agregado-pela-II-Copa-AMVI-IMG_0712-200x300.jpg 200w, https:\/\/infonewss.com\/wp-content\/uploads\/2023\/09\/Massape-vence-Padre-Marcos-por-3-\u00d7-1-em-placar-agregado-pela-II-Copa-AMVI-IMG_0712-683x1024.jpg 683w, https:\/\/infonewss.com\/wp-content\/uploads\/2023\/09\/Massape-vence-Padre-Marcos-por-3-\u00d7-1-em-placar-agregado-pela-II-Copa-AMVI-IMG_0712-768x1152.jpg 768w, https:\/\/infonewss.com\/wp-content\/uploads\/2023\/09\/Massape-vence-Padre-Marcos-por-3-\u00d7-1-em-placar-agregado-pela-II-Copa-AMVI-IMG_0712-150x225.jpg 150w, https:\/\/infonewss.com\/wp-content\/uploads\/2023\/09\/Massape-vence-Padre-Marcos-por-3-\u00d7-1-em-placar-agregado-pela-II-Copa-AMVI-IMG_0712-300x450.jpg 300w, https:\/\/infonewss.com\/wp-content\/uploads\/2023\/09\/Massape-vence-Padre-Marcos-por-3-\u00d7-1-em-placar-agregado-pela-II-Copa-AMVI-IMG_0712-696x1044.jpg 696w, https:\/\/infonewss.com\/wp-content\/uploads\/2023\/09\/Massape-vence-Padre-Marcos-por-3-\u00d7-1-em-placar-agregado-pela-II-Copa-AMVI-IMG_0712.jpg 900w\" data-src=\"https:\/\/infonewss.com\/wp-content\/uploads\/2023\/09\/Massape-vence-Padre-Marcos-por-3-\u00d7-1-em-placar-agregado-pela-II-Copa-AMVI-IMG_0712-200x300.jpg\" data-sizes=\"(max-width: 200px) 100vw, 200px\" \/><\/a><\/div>\n<\/figure>\n<figure class=\"gallery-item\">\n<div class=\"gallery-icon portrait\"><a href=\"https:\/\/infonewss.com\/wp-content\/uploads\/2023\/09\/Massape-vence-Padre-Marcos-por-3-%C3%97-1-em-placar-agregado-pela-II-Copa-AMVI-IMG_0715.jpg\"><img loading=\"lazy\" decoding=\"async\" class=\"attachment-medium size-medium lazyloaded\" src=\"https:\/\/infonewss.com\/wp-content\/uploads\/2023\/09\/Massape-vence-Padre-Marcos-por-3-%C3%97-1-em-placar-agregado-pela-II-Copa-AMVI-IMG_0715-200x300.jpg\" sizes=\"(max-width: 200px) 100vw, 200px\" srcset=\"https:\/\/infonewss.com\/wp-content\/uploads\/2023\/09\/Massape-vence-Padre-Marcos-por-3-\u00d7-1-em-placar-agregado-pela-II-Copa-AMVI-IMG_0715-200x300.jpg 200w, https:\/\/infonewss.com\/wp-content\/uploads\/2023\/09\/Massape-vence-Padre-Marcos-por-3-\u00d7-1-em-placar-agregado-pela-II-Copa-AMVI-IMG_0715-683x1024.jpg 683w, https:\/\/infonewss.com\/wp-content\/uploads\/2023\/09\/Massape-vence-Padre-Marcos-por-3-\u00d7-1-em-placar-agregado-pela-II-Copa-AMVI-IMG_0715-768x1152.jpg 768w, https:\/\/infonewss.com\/wp-content\/uploads\/2023\/09\/Massape-vence-Padre-Marcos-por-3-\u00d7-1-em-placar-agregado-pela-II-Copa-AMVI-IMG_0715-150x225.jpg 150w, https:\/\/infonewss.com\/wp-content\/uploads\/2023\/09\/Massape-vence-Padre-Marcos-por-3-\u00d7-1-em-placar-agregado-pela-II-Copa-AMVI-IMG_0715-300x450.jpg 300w, https:\/\/infonewss.com\/wp-content\/uploads\/2023\/09\/Massape-vence-Padre-Marcos-por-3-\u00d7-1-em-placar-agregado-pela-II-Copa-AMVI-IMG_0715-696x1044.jpg 696w, https:\/\/infonewss.com\/wp-content\/uploads\/2023\/09\/Massape-vence-Padre-Marcos-por-3-\u00d7-1-em-placar-agregado-pela-II-Copa-AMVI-IMG_0715.jpg 900w\" alt=\"\" width=\"200\" height=\"300\" data-srcset=\"https:\/\/infonewss.com\/wp-content\/uploads\/2023\/09\/Massape-vence-Padre-Marcos-por-3-\u00d7-1-em-placar-agregado-pela-II-Copa-AMVI-IMG_0715-200x300.jpg 200w, https:\/\/infonewss.com\/wp-content\/uploads\/2023\/09\/Massape-vence-Padre-Marcos-por-3-\u00d7-1-em-placar-agregado-pela-II-Copa-AMVI-IMG_0715-683x1024.jpg 683w, https:\/\/infonewss.com\/wp-content\/uploads\/2023\/09\/Massape-vence-Padre-Marcos-por-3-\u00d7-1-em-placar-agregado-pela-II-Copa-AMVI-IMG_0715-768x1152.jpg 768w, https:\/\/infonewss.com\/wp-content\/uploads\/2023\/09\/Massape-vence-Padre-Marcos-por-3-\u00d7-1-em-placar-agregado-pela-II-Copa-AMVI-IMG_0715-150x225.jpg 150w, https:\/\/infonewss.com\/wp-content\/uploads\/2023\/09\/Massape-vence-Padre-Marcos-por-3-\u00d7-1-em-placar-agregado-pela-II-Copa-AMVI-IMG_0715-300x450.jpg 300w, https:\/\/infonewss.com\/wp-content\/uploads\/2023\/09\/Massape-vence-Padre-Marcos-por-3-\u00d7-1-em-placar-agregado-pela-II-Copa-AMVI-IMG_0715-696x1044.jpg 696w, https:\/\/infonewss.com\/wp-content\/uploads\/2023\/09\/Massape-vence-Padre-Marcos-por-3-\u00d7-1-em-placar-agregado-pela-II-Copa-AMVI-IMG_0715.jpg 900w\" data-src=\"https:\/\/infonewss.com\/wp-content\/uploads\/2023\/09\/Massape-vence-Padre-Marcos-por-3-\u00d7-1-em-placar-agregado-pela-II-Copa-AMVI-IMG_0715-200x300.jpg\" data-sizes=\"(max-width: 200px) 100vw, 200px\" \/><\/a><\/div>\n<\/figure>\n<figure class=\"gallery-item\">\n<div class=\"gallery-icon portrait\"><a href=\"https:\/\/infonewss.com\/wp-content\/uploads\/2023\/09\/Massape-vence-Padre-Marcos-por-3-%C3%97-1-em-placar-agregado-pela-II-Copa-AMVI-IMG_0716.jpg\"><img loading=\"lazy\" decoding=\"async\" class=\"attachment-medium size-medium lazyloaded\" src=\"https:\/\/infonewss.com\/wp-content\/uploads\/2023\/09\/Massape-vence-Padre-Marcos-por-3-%C3%97-1-em-placar-agregado-pela-II-Copa-AMVI-IMG_0716-200x300.jpg\" sizes=\"(max-width: 200px) 100vw, 200px\" srcset=\"https:\/\/infonewss.com\/wp-content\/uploads\/2023\/09\/Massape-vence-Padre-Marcos-por-3-\u00d7-1-em-placar-agregado-pela-II-Copa-AMVI-IMG_0716-200x300.jpg 200w, https:\/\/infonewss.com\/wp-content\/uploads\/2023\/09\/Massape-vence-Padre-Marcos-por-3-\u00d7-1-em-placar-agregado-pela-II-Copa-AMVI-IMG_0716-683x1024.jpg 683w, https:\/\/infonewss.com\/wp-content\/uploads\/2023\/09\/Massape-vence-Padre-Marcos-por-3-\u00d7-1-em-placar-agregado-pela-II-Copa-AMVI-IMG_0716-768x1152.jpg 768w, https:\/\/infonewss.com\/wp-content\/uploads\/2023\/09\/Massape-vence-Padre-Marcos-por-3-\u00d7-1-em-placar-agregado-pela-II-Copa-AMVI-IMG_0716-150x225.jpg 150w, https:\/\/infonewss.com\/wp-content\/uploads\/2023\/09\/Massape-vence-Padre-Marcos-por-3-\u00d7-1-em-placar-agregado-pela-II-Copa-AMVI-IMG_0716-300x450.jpg 300w, https:\/\/infonewss.com\/wp-content\/uploads\/2023\/09\/Massape-vence-Padre-Marcos-por-3-\u00d7-1-em-placar-agregado-pela-II-Copa-AMVI-IMG_0716-696x1044.jpg 696w, https:\/\/infonewss.com\/wp-content\/uploads\/2023\/09\/Massape-vence-Padre-Marcos-por-3-\u00d7-1-em-placar-agregado-pela-II-Copa-AMVI-IMG_0716.jpg 900w\" alt=\"\" width=\"200\" height=\"300\" data-srcset=\"https:\/\/infonewss.com\/wp-content\/uploads\/2023\/09\/Massape-vence-Padre-Marcos-por-3-\u00d7-1-em-placar-agregado-pela-II-Copa-AMVI-IMG_0716-200x300.jpg 200w, https:\/\/infonewss.com\/wp-content\/uploads\/2023\/09\/Massape-vence-Padre-Marcos-por-3-\u00d7-1-em-placar-agregado-pela-II-Copa-AMVI-IMG_0716-683x1024.jpg 683w, https:\/\/infonewss.com\/wp-content\/uploads\/2023\/09\/Massape-vence-Padre-Marcos-por-3-\u00d7-1-em-placar-agregado-pela-II-Copa-AMVI-IMG_0716-768x1152.jpg 768w, https:\/\/infonewss.com\/wp-content\/uploads\/2023\/09\/Massape-vence-Padre-Marcos-por-3-\u00d7-1-em-placar-agregado-pela-II-Copa-AMVI-IMG_0716-150x225.jpg 150w, https:\/\/infonewss.com\/wp-content\/uploads\/2023\/09\/Massape-vence-Padre-Marcos-por-3-\u00d7-1-em-placar-agregado-pela-II-Copa-AMVI-IMG_0716-300x450.jpg 300w, https:\/\/infonewss.com\/wp-content\/uploads\/2023\/09\/Massape-vence-Padre-Marcos-por-3-\u00d7-1-em-placar-agregado-pela-II-Copa-AMVI-IMG_0716-696x1044.jpg 696w, https:\/\/infonewss.com\/wp-content\/uploads\/2023\/09\/Massape-vence-Padre-Marcos-por-3-\u00d7-1-em-placar-agregado-pela-II-Copa-AMVI-IMG_0716.jpg 900w\" data-src=\"https:\/\/infonewss.com\/wp-content\/uploads\/2023\/09\/Massape-vence-Padre-Marcos-por-3-\u00d7-1-em-placar-agregado-pela-II-Copa-AMVI-IMG_0716-200x300.jpg\" data-sizes=\"(max-width: 200px) 100vw, 200px\" \/><\/a><\/div>\n<\/figure>\n<figure class=\"gallery-item\">\n<div class=\"gallery-icon portrait\"><a href=\"https:\/\/infonewss.com\/wp-content\/uploads\/2023\/09\/Massape-vence-Padre-Marcos-por-3-%C3%97-1-em-placar-agregado-pela-II-Copa-AMVI-IMG_0719.jpg\"><img loading=\"lazy\" decoding=\"async\" class=\"attachment-medium size-medium lazyloaded\" src=\"https:\/\/infonewss.com\/wp-content\/uploads\/2023\/09\/Massape-vence-Padre-Marcos-por-3-%C3%97-1-em-placar-agregado-pela-II-Copa-AMVI-IMG_0719-200x300.jpg\" sizes=\"(max-width: 200px) 100vw, 200px\" srcset=\"https:\/\/infonewss.com\/wp-content\/uploads\/2023\/09\/Massape-vence-Padre-Marcos-por-3-\u00d7-1-em-placar-agregado-pela-II-Copa-AMVI-IMG_0719-200x300.jpg 200w, https:\/\/infonewss.com\/wp-content\/uploads\/2023\/09\/Massape-vence-Padre-Marcos-por-3-\u00d7-1-em-placar-agregado-pela-II-Copa-AMVI-IMG_0719-683x1024.jpg 683w, https:\/\/infonewss.com\/wp-content\/uploads\/2023\/09\/Massape-vence-Padre-Marcos-por-3-\u00d7-1-em-placar-agregado-pela-II-Copa-AMVI-IMG_0719-768x1152.jpg 768w, https:\/\/infonewss.com\/wp-content\/uploads\/2023\/09\/Massape-vence-Padre-Marcos-por-3-\u00d7-1-em-placar-agregado-pela-II-Copa-AMVI-IMG_0719-150x225.jpg 150w, https:\/\/infonewss.com\/wp-content\/uploads\/2023\/09\/Massape-vence-Padre-Marcos-por-3-\u00d7-1-em-placar-agregado-pela-II-Copa-AMVI-IMG_0719-300x450.jpg 300w, https:\/\/infonewss.com\/wp-content\/uploads\/2023\/09\/Massape-vence-Padre-Marcos-por-3-\u00d7-1-em-placar-agregado-pela-II-Copa-AMVI-IMG_0719-696x1044.jpg 696w, https:\/\/infonewss.com\/wp-content\/uploads\/2023\/09\/Massape-vence-Padre-Marcos-por-3-\u00d7-1-em-placar-agregado-pela-II-Copa-AMVI-IMG_0719.jpg 900w\" alt=\"\" width=\"200\" height=\"300\" data-srcset=\"https:\/\/infonewss.com\/wp-content\/uploads\/2023\/09\/Massape-vence-Padre-Marcos-por-3-\u00d7-1-em-placar-agregado-pela-II-Copa-AMVI-IMG_0719-200x300.jpg 200w, https:\/\/infonewss.com\/wp-content\/uploads\/2023\/09\/Massape-vence-Padre-Marcos-por-3-\u00d7-1-em-placar-agregado-pela-II-Copa-AMVI-IMG_0719-683x1024.jpg 683w, https:\/\/infonewss.com\/wp-content\/uploads\/2023\/09\/Massape-vence-Padre-Marcos-por-3-\u00d7-1-em-placar-agregado-pela-II-Copa-AMVI-IMG_0719-768x1152.jpg 768w, https:\/\/infonewss.com\/wp-content\/uploads\/2023\/09\/Massape-vence-Padre-Marcos-por-3-\u00d7-1-em-placar-agregado-pela-II-Copa-AMVI-IMG_0719-150x225.jpg 150w, https:\/\/infonewss.com\/wp-content\/uploads\/2023\/09\/Massape-vence-Padre-Marcos-por-3-\u00d7-1-em-placar-agregado-pela-II-Copa-AMVI-IMG_0719-300x450.jpg 300w, https:\/\/infonewss.com\/wp-content\/uploads\/2023\/09\/Massape-vence-Padre-Marcos-por-3-\u00d7-1-em-placar-agregado-pela-II-Copa-AMVI-IMG_0719-696x1044.jpg 696w, https:\/\/infonewss.com\/wp-content\/uploads\/2023\/09\/Massape-vence-Padre-Marcos-por-3-\u00d7-1-em-placar-agregado-pela-II-Copa-AMVI-IMG_0719.jpg 900w\" data-src=\"https:\/\/infonewss.com\/wp-content\/uploads\/2023\/09\/Massape-vence-Padre-Marcos-por-3-\u00d7-1-em-placar-agregado-pela-II-Copa-AMVI-IMG_0719-200x300.jpg\" data-sizes=\"(max-width: 200px) 100vw, 200px\" \/><\/a><\/div>\n<\/figure>\n<figure class=\"gallery-item\">\n<div class=\"gallery-icon landscape\"><a href=\"https:\/\/infonewss.com\/wp-content\/uploads\/2023\/09\/Massape-vence-Padre-Marcos-por-3-%C3%97-1-em-placar-agregado-pela-II-Copa-AMVI-IMG_0720.jpg\"><img loading=\"lazy\" decoding=\"async\" class=\"attachment-medium size-medium lazyloaded\" src=\"https:\/\/infonewss.com\/wp-content\/uploads\/2023\/09\/Massape-vence-Padre-Marcos-por-3-%C3%97-1-em-placar-agregado-pela-II-Copa-AMVI-IMG_0720-300x200.jpg\" sizes=\"(max-width: 300px) 100vw, 300px\" srcset=\"https:\/\/infonewss.com\/wp-content\/uploads\/2023\/09\/Massape-vence-Padre-Marcos-por-3-\u00d7-1-em-placar-agregado-pela-II-Copa-AMVI-IMG_0720-300x200.jpg 300w, https:\/\/infonewss.com\/wp-content\/uploads\/2023\/09\/Massape-vence-Padre-Marcos-por-3-\u00d7-1-em-placar-agregado-pela-II-Copa-AMVI-IMG_0720-768x512.jpg 768w, https:\/\/infonewss.com\/wp-content\/uploads\/2023\/09\/Massape-vence-Padre-Marcos-por-3-\u00d7-1-em-placar-agregado-pela-II-Copa-AMVI-IMG_0720-150x100.jpg 150w, https:\/\/infonewss.com\/wp-content\/uploads\/2023\/09\/Massape-vence-Padre-Marcos-por-3-\u00d7-1-em-placar-agregado-pela-II-Copa-AMVI-IMG_0720-696x464.jpg 696w, https:\/\/infonewss.com\/wp-content\/uploads\/2023\/09\/Massape-vence-Padre-Marcos-por-3-\u00d7-1-em-placar-agregado-pela-II-Copa-AMVI-IMG_0720.jpg 900w\" alt=\"\" width=\"300\" height=\"200\" data-srcset=\"https:\/\/infonewss.com\/wp-content\/uploads\/2023\/09\/Massape-vence-Padre-Marcos-por-3-\u00d7-1-em-placar-agregado-pela-II-Copa-AMVI-IMG_0720-300x200.jpg 300w, https:\/\/infonewss.com\/wp-content\/uploads\/2023\/09\/Massape-vence-Padre-Marcos-por-3-\u00d7-1-em-placar-agregado-pela-II-Copa-AMVI-IMG_0720-768x512.jpg 768w, https:\/\/infonewss.com\/wp-content\/uploads\/2023\/09\/Massape-vence-Padre-Marcos-por-3-\u00d7-1-em-placar-agregado-pela-II-Copa-AMVI-IMG_0720-150x100.jpg 150w, https:\/\/infonewss.com\/wp-content\/uploads\/2023\/09\/Massape-vence-Padre-Marcos-por-3-\u00d7-1-em-placar-agregado-pela-II-Copa-AMVI-IMG_0720-696x464.jpg 696w, https:\/\/infonewss.com\/wp-content\/uploads\/2023\/09\/Massape-vence-Padre-Marcos-por-3-\u00d7-1-em-placar-agregado-pela-II-Copa-AMVI-IMG_0720.jpg 900w\" data-src=\"https:\/\/infonewss.com\/wp-content\/uploads\/2023\/09\/Massape-vence-Padre-Marcos-por-3-\u00d7-1-em-placar-agregado-pela-II-Copa-AMVI-IMG_0720-300x200.jpg\" data-sizes=\"(max-width: 300px) 100vw, 300px\" \/><\/a><\/div>\n<\/figure>\n<\/div>\n<div class=\"addtoany_share_save_container addtoany_content addtoany_content_bottom\">\n<div class=\"a2a_kit a2a_kit_size_32 addtoany_list\" data-a2a-url=\"https:\/\/infonewss.com\/massape-vence-padre-marcos-por-3-x-1-em-placar-agregado-pela-ii-copa-amvi\/\" data-a2a-title=\"Massap\u00ea vence Padre Marcos por 3 \u00d7 1 em placar agregado pela II Copa AMVI\"><\/div>\n<\/div>\n<\/div>\n<\/div>\n<div class=\"vc_row_inner tdi_118  vc_row vc_inner wpb_row td-pb-row\" style=\"text-align: justify;\">\n<div class=\"vc_column_inner tdi_120  wpb_column vc_column_container tdc-inner-column td-pb-span12\">\n<div class=\"vc_column-inner\">\n<div class=\"wpb_wrapper\"><\/div>\n<\/div>\n<\/div>\n<\/div>\n<div class=\"tdb-author-box td_block_wrap tdb_single_author_box tdi_124 tdb-content-vert-top td-pb-border-top td_block_template_1\" data-td-block-uid=\"tdi_124\">\n<div class=\"tdb-block-inner td-fix-index\">\n<div class=\"tdb-author-info\" style=\"text-align: justify;\"><\/div>\n<div class=\"tdb-author-info\" style=\"text-align: justify;\">Fonte: Portal Infonewss<\/div>\n<\/div>\n<\/div>\n","protected":false},"excerpt":{"rendered":"<p>A II Copa AMVI proporcionou mais um emocionante confronto neste s\u00e1bado, 09 de setembro, quando Massap\u00ea enfrentou Padre Marcos em uma partida que foi marcada por reviravoltas e a\u00e7\u00e3o intensa em campo. Ap\u00f3s um empate de 1 \u00d7 1 no est\u00e1dio municipal de Massap\u00ea do Piau\u00ed no \u00faltimo domingo, 3 de setembro, a partida teve &hellip;<\/p>\n","protected":false},"author":2,"featured_media":49161,"comment_status":"open","ping_status":"open","sticky":false,"template":"","format":"standard","meta":{"content-type":"","rop_custom_images_group":[],"rop_custom_messages_group":[],"rop_publish_now":"initial","rop_publish_now_accounts":{"facebook_2648258775420054_1618374048415101":""},"rop_publish_now_history":[],"rop_publish_now_status":"pending","footnotes":"","_jetpack_memberships_contains_paid_content":false},"categories":[108],"tags":[7842,140],"yoast_head":"<!-- This site is optimized with the Yoast SEO plugin v22.3 - https:\/\/yoast.com\/wordpress\/plugins\/seo\/ -->\n<title>Massap\u00ea vence Padre Marcos por 3 \u00d7 1 em placar agregado pela II Copa AMVI - Portal NPM<\/title>\n<meta name=\"robots\" content=\"index, follow, max-snippet:-1, max-image-preview:large, max-video-preview:-1\" \/>\n<link rel=\"canonical\" href=\"https:\/\/portalnpm.com\/index.php\/2023\/09\/10\/massape-vence-padre-marcos-por-3-x-1-em-placar-agregado-pela-ii-copa-amvi\/\" \/>\n<meta property=\"og:locale\" content=\"pt_BR\" \/>\n<meta property=\"og:type\" content=\"article\" \/>\n<meta property=\"og:title\" content=\"Massap\u00ea vence Padre Marcos por 3 \u00d7 1 em placar agregado pela II Copa AMVI - Portal NPM\" \/>\n<meta property=\"og:description\" content=\"A II Copa AMVI proporcionou mais um emocionante confronto neste s\u00e1bado, 09 de setembro, quando Massap\u00ea enfrentou Padre Marcos em uma partida que foi marcada por reviravoltas e a\u00e7\u00e3o intensa em campo. Ap\u00f3s um empate de 1 \u00d7 1 no est\u00e1dio municipal de Massap\u00ea do Piau\u00ed no \u00faltimo domingo, 3 de setembro, a partida teve &hellip;\" \/>\n<meta property=\"og:url\" content=\"https:\/\/portalnpm.com\/index.php\/2023\/09\/10\/massape-vence-padre-marcos-por-3-x-1-em-placar-agregado-pela-ii-copa-amvi\/\" \/>\n<meta property=\"og:site_name\" content=\"Portal NPM\" \/>\n<meta property=\"article:published_time\" content=\"2023-09-11T00:43:53+00:00\" \/>\n<meta name=\"author\" content=\"Genival Barbosa\" \/>\n<meta name=\"twitter:card\" content=\"summary_large_image\" \/>\n<meta name=\"twitter:label1\" content=\"Escrito por\" \/>\n\t<meta name=\"twitter:data1\" content=\"Genival Barbosa\" \/>\n\t<meta name=\"twitter:label2\" content=\"Est. tempo de leitura\" \/>\n\t<meta name=\"twitter:data2\" content=\"50 minutos\" \/>\n<script type=\"application\/ld+json\" class=\"yoast-schema-graph\">{\"@context\":\"https:\/\/schema.org\",\"@graph\":[{\"@type\":\"WebPage\",\"@id\":\"https:\/\/portalnpm.com\/index.php\/2023\/09\/10\/massape-vence-padre-marcos-por-3-x-1-em-placar-agregado-pela-ii-copa-amvi\/\",\"url\":\"https:\/\/portalnpm.com\/index.php\/2023\/09\/10\/massape-vence-padre-marcos-por-3-x-1-em-placar-agregado-pela-ii-copa-amvi\/\",\"name\":\"Massap\u00ea vence Padre Marcos por 3 \u00d7 1 em placar agregado pela II Copa AMVI - Portal NPM\",\"isPartOf\":{\"@id\":\"https:\/\/portalnpm.com\/#website\"},\"primaryImageOfPage\":{\"@id\":\"https:\/\/portalnpm.com\/index.php\/2023\/09\/10\/massape-vence-padre-marcos-por-3-x-1-em-placar-agregado-pela-ii-copa-amvi\/#primaryimage\"},\"image\":{\"@id\":\"https:\/\/portalnpm.com\/index.php\/2023\/09\/10\/massape-vence-padre-marcos-por-3-x-1-em-placar-agregado-pela-ii-copa-amvi\/#primaryimage\"},\"thumbnailUrl\":\"\",\"datePublished\":\"2023-09-11T00:43:53+00:00\",\"dateModified\":\"2023-09-11T00:43:53+00:00\",\"author\":{\"@id\":\"https:\/\/portalnpm.com\/#\/schema\/person\/49313e563cfdefcc167f1ee4c017c294\"},\"breadcrumb\":{\"@id\":\"https:\/\/portalnpm.com\/index.php\/2023\/09\/10\/massape-vence-padre-marcos-por-3-x-1-em-placar-agregado-pela-ii-copa-amvi\/#breadcrumb\"},\"inLanguage\":\"pt-BR\",\"potentialAction\":[{\"@type\":\"ReadAction\",\"target\":[\"https:\/\/portalnpm.com\/index.php\/2023\/09\/10\/massape-vence-padre-marcos-por-3-x-1-em-placar-agregado-pela-ii-copa-amvi\/\"]}]},{\"@type\":\"ImageObject\",\"inLanguage\":\"pt-BR\",\"@id\":\"https:\/\/portalnpm.com\/index.php\/2023\/09\/10\/massape-vence-padre-marcos-por-3-x-1-em-placar-agregado-pela-ii-copa-amvi\/#primaryimage\",\"url\":\"\",\"contentUrl\":\"\"},{\"@type\":\"BreadcrumbList\",\"@id\":\"https:\/\/portalnpm.com\/index.php\/2023\/09\/10\/massape-vence-padre-marcos-por-3-x-1-em-placar-agregado-pela-ii-copa-amvi\/#breadcrumb\",\"itemListElement\":[{\"@type\":\"ListItem\",\"position\":1,\"name\":\"In\u00edcio\",\"item\":\"https:\/\/portalnpm.com\/\"},{\"@type\":\"ListItem\",\"position\":2,\"name\":\"Massap\u00ea vence Padre Marcos por 3 \u00d7 1 em placar agregado pela II Copa AMVI\"}]},{\"@type\":\"WebSite\",\"@id\":\"https:\/\/portalnpm.com\/#website\",\"url\":\"https:\/\/portalnpm.com\/\",\"name\":\"Portal NPM\",\"description\":\"Not\u00edcias em Primeira M\u00e3o\",\"potentialAction\":[{\"@type\":\"SearchAction\",\"target\":{\"@type\":\"EntryPoint\",\"urlTemplate\":\"https:\/\/portalnpm.com\/?s={search_term_string}\"},\"query-input\":\"required name=search_term_string\"}],\"inLanguage\":\"pt-BR\"},{\"@type\":\"Person\",\"@id\":\"https:\/\/portalnpm.com\/#\/schema\/person\/49313e563cfdefcc167f1ee4c017c294\",\"name\":\"Genival Barbosa\",\"image\":{\"@type\":\"ImageObject\",\"inLanguage\":\"pt-BR\",\"@id\":\"https:\/\/portalnpm.com\/#\/schema\/person\/image\/\",\"url\":\"https:\/\/portalnpm.com\/wp-content\/uploads\/2024\/02\/avatar_user_2_1707743258-96x96.jpeg\",\"contentUrl\":\"https:\/\/portalnpm.com\/wp-content\/uploads\/2024\/02\/avatar_user_2_1707743258-96x96.jpeg\",\"caption\":\"Genival Barbosa\"},\"url\":\"https:\/\/portalnpm.com\/index.php\/author\/genival\/\"}]}<\/script>\n<!-- \/ Yoast SEO plugin. -->","yoast_head_json":{"title":"Massap\u00ea vence Padre Marcos por 3 \u00d7 1 em placar agregado pela II Copa AMVI - Portal NPM","robots":{"index":"index","follow":"follow","max-snippet":"max-snippet:-1","max-image-preview":"max-image-preview:large","max-video-preview":"max-video-preview:-1"},"canonical":"https:\/\/portalnpm.com\/index.php\/2023\/09\/10\/massape-vence-padre-marcos-por-3-x-1-em-placar-agregado-pela-ii-copa-amvi\/","og_locale":"pt_BR","og_type":"article","og_title":"Massap\u00ea vence Padre Marcos por 3 \u00d7 1 em placar agregado pela II Copa AMVI - Portal NPM","og_description":"A II Copa AMVI proporcionou mais um emocionante confronto neste s\u00e1bado, 09 de setembro, quando Massap\u00ea enfrentou Padre Marcos em uma partida que foi marcada por reviravoltas e a\u00e7\u00e3o intensa em campo. Ap\u00f3s um empate de 1 \u00d7 1 no est\u00e1dio municipal de Massap\u00ea do Piau\u00ed no \u00faltimo domingo, 3 de setembro, a partida teve &hellip;","og_url":"https:\/\/portalnpm.com\/index.php\/2023\/09\/10\/massape-vence-padre-marcos-por-3-x-1-em-placar-agregado-pela-ii-copa-amvi\/","og_site_name":"Portal NPM","article_published_time":"2023-09-11T00:43:53+00:00","author":"Genival Barbosa","twitter_card":"summary_large_image","twitter_misc":{"Escrito por":"Genival Barbosa","Est. tempo de leitura":"50 minutos"},"schema":{"@context":"https:\/\/schema.org","@graph":[{"@type":"WebPage","@id":"https:\/\/portalnpm.com\/index.php\/2023\/09\/10\/massape-vence-padre-marcos-por-3-x-1-em-placar-agregado-pela-ii-copa-amvi\/","url":"https:\/\/portalnpm.com\/index.php\/2023\/09\/10\/massape-vence-padre-marcos-por-3-x-1-em-placar-agregado-pela-ii-copa-amvi\/","name":"Massap\u00ea vence Padre Marcos por 3 \u00d7 1 em placar agregado pela II Copa AMVI - Portal NPM","isPartOf":{"@id":"https:\/\/portalnpm.com\/#website"},"primaryImageOfPage":{"@id":"https:\/\/portalnpm.com\/index.php\/2023\/09\/10\/massape-vence-padre-marcos-por-3-x-1-em-placar-agregado-pela-ii-copa-amvi\/#primaryimage"},"image":{"@id":"https:\/\/portalnpm.com\/index.php\/2023\/09\/10\/massape-vence-padre-marcos-por-3-x-1-em-placar-agregado-pela-ii-copa-amvi\/#primaryimage"},"thumbnailUrl":"","datePublished":"2023-09-11T00:43:53+00:00","dateModified":"2023-09-11T00:43:53+00:00","author":{"@id":"https:\/\/portalnpm.com\/#\/schema\/person\/49313e563cfdefcc167f1ee4c017c294"},"breadcrumb":{"@id":"https:\/\/portalnpm.com\/index.php\/2023\/09\/10\/massape-vence-padre-marcos-por-3-x-1-em-placar-agregado-pela-ii-copa-amvi\/#breadcrumb"},"inLanguage":"pt-BR","potentialAction":[{"@type":"ReadAction","target":["https:\/\/portalnpm.com\/index.php\/2023\/09\/10\/massape-vence-padre-marcos-por-3-x-1-em-placar-agregado-pela-ii-copa-amvi\/"]}]},{"@type":"ImageObject","inLanguage":"pt-BR","@id":"https:\/\/portalnpm.com\/index.php\/2023\/09\/10\/massape-vence-padre-marcos-por-3-x-1-em-placar-agregado-pela-ii-copa-amvi\/#primaryimage","url":"","contentUrl":""},{"@type":"BreadcrumbList","@id":"https:\/\/portalnpm.com\/index.php\/2023\/09\/10\/massape-vence-padre-marcos-por-3-x-1-em-placar-agregado-pela-ii-copa-amvi\/#breadcrumb","itemListElement":[{"@type":"ListItem","position":1,"name":"In\u00edcio","item":"https:\/\/portalnpm.com\/"},{"@type":"ListItem","position":2,"name":"Massap\u00ea vence Padre Marcos por 3 \u00d7 1 em placar agregado pela II Copa AMVI"}]},{"@type":"WebSite","@id":"https:\/\/portalnpm.com\/#website","url":"https:\/\/portalnpm.com\/","name":"Portal NPM","description":"Not\u00edcias em Primeira M\u00e3o","potentialAction":[{"@type":"SearchAction","target":{"@type":"EntryPoint","urlTemplate":"https:\/\/portalnpm.com\/?s={search_term_string}"},"query-input":"required name=search_term_string"}],"inLanguage":"pt-BR"},{"@type":"Person","@id":"https:\/\/portalnpm.com\/#\/schema\/person\/49313e563cfdefcc167f1ee4c017c294","name":"Genival Barbosa","image":{"@type":"ImageObject","inLanguage":"pt-BR","@id":"https:\/\/portalnpm.com\/#\/schema\/person\/image\/","url":"https:\/\/portalnpm.com\/wp-content\/uploads\/2024\/02\/avatar_user_2_1707743258-96x96.jpeg","contentUrl":"https:\/\/portalnpm.com\/wp-content\/uploads\/2024\/02\/avatar_user_2_1707743258-96x96.jpeg","caption":"Genival Barbosa"},"url":"https:\/\/portalnpm.com\/index.php\/author\/genival\/"}]}},"jetpack_sharing_enabled":true,"jetpack_featured_media_url":"","_links":{"self":[{"href":"https:\/\/portalnpm.com\/index.php\/wp-json\/wp\/v2\/posts\/49163"}],"collection":[{"href":"https:\/\/portalnpm.com\/index.php\/wp-json\/wp\/v2\/posts"}],"about":[{"href":"https:\/\/portalnpm.com\/index.php\/wp-json\/wp\/v2\/types\/post"}],"author":[{"embeddable":true,"href":"https:\/\/portalnpm.com\/index.php\/wp-json\/wp\/v2\/users\/2"}],"replies":[{"embeddable":true,"href":"https:\/\/portalnpm.com\/index.php\/wp-json\/wp\/v2\/comments?post=49163"}],"version-history":[{"count":0,"href":"https:\/\/portalnpm.com\/index.php\/wp-json\/wp\/v2\/posts\/49163\/revisions"}],"wp:featuredmedia":[{"embeddable":true,"href":"https:\/\/portalnpm.com\/index.php\/wp-json\/"}],"wp:attachment":[{"href":"https:\/\/portalnpm.com\/index.php\/wp-json\/wp\/v2\/media?parent=49163"}],"wp:term":[{"taxonomy":"category","embeddable":true,"href":"https:\/\/portalnpm.com\/index.php\/wp-json\/wp\/v2\/categories?post=49163"},{"taxonomy":"post_tag","embeddable":true,"href":"https:\/\/portalnpm.com\/index.php\/wp-json\/wp\/v2\/tags?post=49163"}],"curies":[{"name":"wp","href":"https:\/\/api.w.org\/{rel}","templated":true}]}}