{"id":49181,"date":"2023-09-11T11:57:30","date_gmt":"2023-09-11T14:57:30","guid":{"rendered":"https:\/\/portalnpm.com\/?p=49181"},"modified":"2023-09-11T11:57:30","modified_gmt":"2023-09-11T14:57:30","slug":"santana-vence-sussuapara-e-quebra-jejum-na-supercopa-appm","status":"publish","type":"post","link":"https:\/\/portalnpm.com\/index.php\/2023\/09\/11\/santana-vence-sussuapara-e-quebra-jejum-na-supercopa-appm\/","title":{"rendered":"Santana vence Sussuapara e quebra jejum na Supercopa APPM"},"content":{"rendered":"<div class=\"shmateria\">\n<p style=\"text-align: justify;\">\n<p style=\"text-align: justify;\">Em um jogo eletrizante e cheio de emo\u00e7\u00e3o, a sele\u00e7\u00e3o de Santana do Piau\u00ed venceu na tarde deste s\u00e1bado, dia 09, a sele\u00e7\u00e3o de Sussuapara pelo placar de 2 X 0, na partida de retorno do Grupo C, valendo pela Supercopa APPM, quebrando assim um jejum que vinha desde o in\u00edcio do certame.<\/p>\n<p style=\"text-align: justify;\"><img decoding=\"async\" src=\"https:\/\/www.picos40graus.com.br\/userfiles\/images\/DSC_0233(2).JPG\" alt=\"\" \/><\/p>\n<p style=\"text-align: justify;\"><img decoding=\"async\" src=\"https:\/\/www.picos40graus.com.br\/userfiles\/images\/DSC_0236(2).JPG\" alt=\"\" \/><\/p>\n<p style=\"text-align: justify;\">A partida aconteceu no Est\u00e1dio Valdim Elp\u00eddio, no povoado Santa Luzia, em Sussuapara, onde os donos da casa iniciaram a ofensiva contra os visitantes armando boas jogadas e finaliza\u00e7\u00f5es. Por\u00e9m, o primeiro gol s\u00f3 saiu mediante um p\u00eanalti marcado contra a sele\u00e7\u00e3o de Santana do Piau\u00ed. O placar se igualou poucos minutos depois, por meio de outro p\u00eanalti marcado contra Sussuapara e encerrado o primeiro tempo, o placar foi de 1 X 1.<\/p>\n<p style=\"text-align: justify;\"><img decoding=\"async\" src=\"https:\/\/www.picos40graus.com.br\/userfiles\/images\/DSC_0269(3).JPG\" alt=\"\" \/><\/p>\n<p style=\"text-align: justify;\"><img decoding=\"async\" src=\"https:\/\/www.picos40graus.com.br\/userfiles\/images\/DSC_0277(1).JPG\" alt=\"\" \/><\/p>\n<p style=\"text-align: justify;\">Com o segundo tempo iniciado, a sele\u00e7\u00e3o de Santana do Piau\u00ed enxergou as chances reais de quebrar a invencibilidade de Sussuapara, que nos \u00faltimos jogos do Grupo C acumulava tr\u00eas vit\u00f3rias e um empate, ocupando a lideran\u00e7a do grupo. J\u00e1 no final do segundo tempo, ap\u00f3s v\u00e1rias tentativas, saiu o gol da vit\u00f3ria de Santana, de virada, levando \u00e0 loucura tanto os jogadores quanto a comiss\u00e3o t\u00e9cnica e torcedores que se deslocaram do munic\u00edpio santanense para prestigiarem a partida.<\/p>\n<p style=\"text-align: justify;\"><img decoding=\"async\" src=\"https:\/\/www.picos40graus.com.br\/userfiles\/images\/DSC_0245.JPG\" alt=\"\" \/><\/p>\n<p style=\"text-align: justify;\"><img decoding=\"async\" src=\"https:\/\/www.picos40graus.com.br\/userfiles\/images\/DSC_0257(3).JPG\" alt=\"\" \/><\/p>\n<p style=\"text-align: justify;\"><img decoding=\"async\" src=\"https:\/\/www.picos40graus.com.br\/userfiles\/images\/1694297947697.jpg\" alt=\"\" \/><\/p>\n<p style=\"text-align: justify;\"><img decoding=\"async\" src=\"https:\/\/www.picos40graus.com.br\/userfiles\/images\/1694297947705.jpg\" alt=\"\" \/><\/p>\n<p style=\"text-align: justify;\">PRESEN\u00c7AS<br \/>\nA partida de retorno do Grupo C da Supercopa APPM, entre Sussuapara e Santana do Piau\u00ed foi prestigiada por v\u00e1rias autoridades dos dois munic\u00edpios, como a prefeita de Santana do Piau\u00ed, Maria Jos\u00e9 de Sousa Moura, o vereador Ricardo da Lagoa, as vereadoras Clarete Rabelo e Elenilsa Gabriel, o vice-prefeito Neli Borges, o ex-prefeito Deusimar Borges, o vice-prefeito de Sussuapara, Chaguinha Moura, os vereadores sussuaparenses, Ant\u00f4nio Ramiro, Ded\u00e9 Cipa\u00faba, Badim, Velosinho, Vanderly Ferreira, Cear\u00e1, Reginaldo e L\u00facia de Ded\u00e9, al\u00e9m de secret\u00e1rios e lideran\u00e7as dos dois munic\u00edpios. Tamb\u00e9m estiveram presentes o prefeito de S\u00e3o Jos\u00e9 do Piau\u00ed, Admaelton Bezerra e o vereador Ant\u00f4nio Gabriel.<\/p>\n<p style=\"text-align: justify;\"><img decoding=\"async\" src=\"https:\/\/www.picos40graus.com.br\/userfiles\/images\/DSC_0288(1).JPG\" alt=\"\" \/><\/p>\n<p style=\"text-align: justify;\"><img decoding=\"async\" src=\"https:\/\/www.picos40graus.com.br\/userfiles\/images\/DSC_0243(3).JPG\" alt=\"\" \/><\/p>\n<p style=\"text-align: justify;\"><img decoding=\"async\" src=\"https:\/\/www.picos40graus.com.br\/userfiles\/images\/DSC_0279(2).JPG\" alt=\"\" \/><\/p>\n<p style=\"text-align: justify;\"><img decoding=\"async\" src=\"https:\/\/www.picos40graus.com.br\/userfiles\/images\/DSC_0281(1).JPG\" alt=\"\" \/><\/p>\n<p style=\"text-align: justify;\"><img decoding=\"async\" src=\"https:\/\/www.picos40graus.com.br\/userfiles\/images\/DSC_0280.JPG\" alt=\"\" \/><\/p>\n<p style=\"text-align: justify;\"><img decoding=\"async\" src=\"https:\/\/www.picos40graus.com.br\/userfiles\/images\/DSC_0285.JPG\" alt=\"\" \/><\/p>\n<p style=\"text-align: justify;\"><img decoding=\"async\" src=\"https:\/\/www.picos40graus.com.br\/userfiles\/images\/DSC_0293(1).JPG\" alt=\"\" \/><\/p>\n<p style=\"text-align: justify;\"><img decoding=\"async\" src=\"https:\/\/www.picos40graus.com.br\/userfiles\/images\/DSC_0310(3).JPG\" alt=\"\" \/><\/p>\n<p style=\"text-align: justify;\"><img decoding=\"async\" src=\"https:\/\/www.picos40graus.com.br\/userfiles\/images\/DSC_0311(6).JPG\" alt=\"\" \/><\/p>\n<p style=\"text-align: justify;\"><img decoding=\"async\" src=\"https:\/\/www.picos40graus.com.br\/userfiles\/images\/DSC_0312(2).JPG\" alt=\"\" \/><\/p>\n<p style=\"text-align: justify;\"><img decoding=\"async\" src=\"https:\/\/www.picos40graus.com.br\/userfiles\/images\/DSC_0313(4).JPG\" alt=\"\" \/><\/p>\n<p style=\"text-align: justify;\"><img decoding=\"async\" src=\"https:\/\/www.picos40graus.com.br\/userfiles\/images\/DSC_0317(2).JPG\" alt=\"\" \/><\/p>\n<p style=\"text-align: justify;\"><img decoding=\"async\" src=\"https:\/\/www.picos40graus.com.br\/userfiles\/images\/DSC_0321.JPG\" alt=\"\" \/><\/p>\n<p style=\"text-align: justify;\"><img decoding=\"async\" src=\"https:\/\/www.picos40graus.com.br\/userfiles\/images\/DSC_0328(2).JPG\" alt=\"\" \/><\/p>\n<p style=\"text-align: justify;\"><img decoding=\"async\" src=\"https:\/\/www.picos40graus.com.br\/userfiles\/images\/DSC_0334(2).JPG\" alt=\"\" \/><\/p>\n<p style=\"text-align: justify;\"><img decoding=\"async\" src=\"https:\/\/www.picos40graus.com.br\/userfiles\/images\/DSC_0338(2).JPG\" alt=\"\" \/><\/p>\n<p style=\"text-align: justify;\"><img decoding=\"async\" src=\"https:\/\/www.picos40graus.com.br\/userfiles\/images\/DSC_0336.JPG\" alt=\"\" \/><\/p>\n<p style=\"text-align: justify;\"><img decoding=\"async\" src=\"https:\/\/www.picos40graus.com.br\/userfiles\/images\/DSC_0341.JPG\" alt=\"\" \/><\/p>\n<p style=\"text-align: justify;\"><img decoding=\"async\" src=\"https:\/\/www.picos40graus.com.br\/userfiles\/images\/DSC_0349(3).JPG\" alt=\"\" \/><\/p>\n<p style=\"text-align: justify;\"><img decoding=\"async\" src=\"https:\/\/www.picos40graus.com.br\/userfiles\/images\/DSC_0351(5).JPG\" alt=\"\" \/><\/p>\n<p style=\"text-align: justify;\">\n<p style=\"text-align: justify;\"><em><strong>Fonte: Picos 40 Graus<\/strong><\/em><\/p>\n<div class=\"shfoto fotofull\" style=\"text-align: justify;\"><em><strong>Foto: Jo\u00e3o Paulo Leal<\/strong><\/em><\/div>\n<p style=\"text-align: justify;\"><em><strong>Imagens A\u00e9reas: Ismael Kennedy (IK Drones)<\/strong><\/em><\/p>\n<\/div>\n","protected":false},"excerpt":{"rendered":"<p>Em um jogo eletrizante e cheio de emo\u00e7\u00e3o, a sele\u00e7\u00e3o de Santana do Piau\u00ed venceu na tarde deste s\u00e1bado, dia 09, a sele\u00e7\u00e3o de Sussuapara pelo placar de 2 X 0, na partida de retorno do Grupo C, valendo pela Supercopa APPM, quebrando assim um jejum que vinha desde o in\u00edcio do certame. A partida &hellip;<\/p>\n","protected":false},"author":2,"featured_media":49182,"comment_status":"open","ping_status":"open","sticky":false,"template":"","format":"standard","meta":{"content-type":"","rop_custom_images_group":[],"rop_custom_messages_group":[],"rop_publish_now":"initial","rop_publish_now_accounts":{"facebook_2648258775420054_1618374048415101":""},"rop_publish_now_history":[],"rop_publish_now_status":"pending","footnotes":"","_jetpack_memberships_contains_paid_content":false},"categories":[108,109],"tags":[11802,140],"yoast_head":"<!-- This site is optimized with the Yoast SEO plugin v22.3 - https:\/\/yoast.com\/wordpress\/plugins\/seo\/ -->\n<title>Santana vence Sussuapara e quebra jejum na Supercopa APPM - Portal NPM<\/title>\n<meta name=\"robots\" content=\"index, follow, max-snippet:-1, max-image-preview:large, max-video-preview:-1\" \/>\n<link rel=\"canonical\" href=\"https:\/\/portalnpm.com\/index.php\/2023\/09\/11\/santana-vence-sussuapara-e-quebra-jejum-na-supercopa-appm\/\" \/>\n<meta property=\"og:locale\" content=\"pt_BR\" \/>\n<meta property=\"og:type\" content=\"article\" \/>\n<meta property=\"og:title\" content=\"Santana vence Sussuapara e quebra jejum na Supercopa APPM - Portal NPM\" \/>\n<meta property=\"og:description\" content=\"Em um jogo eletrizante e cheio de emo\u00e7\u00e3o, a sele\u00e7\u00e3o de Santana do Piau\u00ed venceu na tarde deste s\u00e1bado, dia 09, a sele\u00e7\u00e3o de Sussuapara pelo placar de 2 X 0, na partida de retorno do Grupo C, valendo pela Supercopa APPM, quebrando assim um jejum que vinha desde o in\u00edcio do certame. A partida &hellip;\" \/>\n<meta property=\"og:url\" content=\"https:\/\/portalnpm.com\/index.php\/2023\/09\/11\/santana-vence-sussuapara-e-quebra-jejum-na-supercopa-appm\/\" \/>\n<meta property=\"og:site_name\" content=\"Portal NPM\" \/>\n<meta property=\"article:published_time\" content=\"2023-09-11T14:57:30+00:00\" \/>\n<meta name=\"author\" content=\"Genival Barbosa\" \/>\n<meta name=\"twitter:card\" content=\"summary_large_image\" \/>\n<meta name=\"twitter:label1\" content=\"Escrito por\" \/>\n\t<meta name=\"twitter:data1\" content=\"Genival Barbosa\" \/>\n\t<meta name=\"twitter:label2\" content=\"Est. tempo de leitura\" \/>\n\t<meta name=\"twitter:data2\" content=\"8 minutos\" \/>\n<script type=\"application\/ld+json\" class=\"yoast-schema-graph\">{\"@context\":\"https:\/\/schema.org\",\"@graph\":[{\"@type\":\"WebPage\",\"@id\":\"https:\/\/portalnpm.com\/index.php\/2023\/09\/11\/santana-vence-sussuapara-e-quebra-jejum-na-supercopa-appm\/\",\"url\":\"https:\/\/portalnpm.com\/index.php\/2023\/09\/11\/santana-vence-sussuapara-e-quebra-jejum-na-supercopa-appm\/\",\"name\":\"Santana vence Sussuapara e quebra jejum na Supercopa APPM - Portal NPM\",\"isPartOf\":{\"@id\":\"https:\/\/portalnpm.com\/#website\"},\"primaryImageOfPage\":{\"@id\":\"https:\/\/portalnpm.com\/index.php\/2023\/09\/11\/santana-vence-sussuapara-e-quebra-jejum-na-supercopa-appm\/#primaryimage\"},\"image\":{\"@id\":\"https:\/\/portalnpm.com\/index.php\/2023\/09\/11\/santana-vence-sussuapara-e-quebra-jejum-na-supercopa-appm\/#primaryimage\"},\"thumbnailUrl\":\"\",\"datePublished\":\"2023-09-11T14:57:30+00:00\",\"dateModified\":\"2023-09-11T14:57:30+00:00\",\"author\":{\"@id\":\"https:\/\/portalnpm.com\/#\/schema\/person\/49313e563cfdefcc167f1ee4c017c294\"},\"breadcrumb\":{\"@id\":\"https:\/\/portalnpm.com\/index.php\/2023\/09\/11\/santana-vence-sussuapara-e-quebra-jejum-na-supercopa-appm\/#breadcrumb\"},\"inLanguage\":\"pt-BR\",\"potentialAction\":[{\"@type\":\"ReadAction\",\"target\":[\"https:\/\/portalnpm.com\/index.php\/2023\/09\/11\/santana-vence-sussuapara-e-quebra-jejum-na-supercopa-appm\/\"]}]},{\"@type\":\"ImageObject\",\"inLanguage\":\"pt-BR\",\"@id\":\"https:\/\/portalnpm.com\/index.php\/2023\/09\/11\/santana-vence-sussuapara-e-quebra-jejum-na-supercopa-appm\/#primaryimage\",\"url\":\"\",\"contentUrl\":\"\"},{\"@type\":\"BreadcrumbList\",\"@id\":\"https:\/\/portalnpm.com\/index.php\/2023\/09\/11\/santana-vence-sussuapara-e-quebra-jejum-na-supercopa-appm\/#breadcrumb\",\"itemListElement\":[{\"@type\":\"ListItem\",\"position\":1,\"name\":\"In\u00edcio\",\"item\":\"https:\/\/portalnpm.com\/\"},{\"@type\":\"ListItem\",\"position\":2,\"name\":\"Santana vence Sussuapara e quebra jejum na Supercopa APPM\"}]},{\"@type\":\"WebSite\",\"@id\":\"https:\/\/portalnpm.com\/#website\",\"url\":\"https:\/\/portalnpm.com\/\",\"name\":\"Portal NPM\",\"description\":\"Not\u00edcias em Primeira M\u00e3o\",\"potentialAction\":[{\"@type\":\"SearchAction\",\"target\":{\"@type\":\"EntryPoint\",\"urlTemplate\":\"https:\/\/portalnpm.com\/?s={search_term_string}\"},\"query-input\":\"required name=search_term_string\"}],\"inLanguage\":\"pt-BR\"},{\"@type\":\"Person\",\"@id\":\"https:\/\/portalnpm.com\/#\/schema\/person\/49313e563cfdefcc167f1ee4c017c294\",\"name\":\"Genival Barbosa\",\"image\":{\"@type\":\"ImageObject\",\"inLanguage\":\"pt-BR\",\"@id\":\"https:\/\/portalnpm.com\/#\/schema\/person\/image\/\",\"url\":\"https:\/\/portalnpm.com\/wp-content\/uploads\/2024\/02\/avatar_user_2_1707743258-96x96.jpeg\",\"contentUrl\":\"https:\/\/portalnpm.com\/wp-content\/uploads\/2024\/02\/avatar_user_2_1707743258-96x96.jpeg\",\"caption\":\"Genival Barbosa\"},\"url\":\"https:\/\/portalnpm.com\/index.php\/author\/genival\/\"}]}<\/script>\n<!-- \/ Yoast SEO plugin. -->","yoast_head_json":{"title":"Santana vence Sussuapara e quebra jejum na Supercopa APPM - Portal NPM","robots":{"index":"index","follow":"follow","max-snippet":"max-snippet:-1","max-image-preview":"max-image-preview:large","max-video-preview":"max-video-preview:-1"},"canonical":"https:\/\/portalnpm.com\/index.php\/2023\/09\/11\/santana-vence-sussuapara-e-quebra-jejum-na-supercopa-appm\/","og_locale":"pt_BR","og_type":"article","og_title":"Santana vence Sussuapara e quebra jejum na Supercopa APPM - Portal NPM","og_description":"Em um jogo eletrizante e cheio de emo\u00e7\u00e3o, a sele\u00e7\u00e3o de Santana do Piau\u00ed venceu na tarde deste s\u00e1bado, dia 09, a sele\u00e7\u00e3o de Sussuapara pelo placar de 2 X 0, na partida de retorno do Grupo C, valendo pela Supercopa APPM, quebrando assim um jejum que vinha desde o in\u00edcio do certame. A partida &hellip;","og_url":"https:\/\/portalnpm.com\/index.php\/2023\/09\/11\/santana-vence-sussuapara-e-quebra-jejum-na-supercopa-appm\/","og_site_name":"Portal NPM","article_published_time":"2023-09-11T14:57:30+00:00","author":"Genival Barbosa","twitter_card":"summary_large_image","twitter_misc":{"Escrito por":"Genival Barbosa","Est. tempo de leitura":"8 minutos"},"schema":{"@context":"https:\/\/schema.org","@graph":[{"@type":"WebPage","@id":"https:\/\/portalnpm.com\/index.php\/2023\/09\/11\/santana-vence-sussuapara-e-quebra-jejum-na-supercopa-appm\/","url":"https:\/\/portalnpm.com\/index.php\/2023\/09\/11\/santana-vence-sussuapara-e-quebra-jejum-na-supercopa-appm\/","name":"Santana vence Sussuapara e quebra jejum na Supercopa APPM - Portal NPM","isPartOf":{"@id":"https:\/\/portalnpm.com\/#website"},"primaryImageOfPage":{"@id":"https:\/\/portalnpm.com\/index.php\/2023\/09\/11\/santana-vence-sussuapara-e-quebra-jejum-na-supercopa-appm\/#primaryimage"},"image":{"@id":"https:\/\/portalnpm.com\/index.php\/2023\/09\/11\/santana-vence-sussuapara-e-quebra-jejum-na-supercopa-appm\/#primaryimage"},"thumbnailUrl":"","datePublished":"2023-09-11T14:57:30+00:00","dateModified":"2023-09-11T14:57:30+00:00","author":{"@id":"https:\/\/portalnpm.com\/#\/schema\/person\/49313e563cfdefcc167f1ee4c017c294"},"breadcrumb":{"@id":"https:\/\/portalnpm.com\/index.php\/2023\/09\/11\/santana-vence-sussuapara-e-quebra-jejum-na-supercopa-appm\/#breadcrumb"},"inLanguage":"pt-BR","potentialAction":[{"@type":"ReadAction","target":["https:\/\/portalnpm.com\/index.php\/2023\/09\/11\/santana-vence-sussuapara-e-quebra-jejum-na-supercopa-appm\/"]}]},{"@type":"ImageObject","inLanguage":"pt-BR","@id":"https:\/\/portalnpm.com\/index.php\/2023\/09\/11\/santana-vence-sussuapara-e-quebra-jejum-na-supercopa-appm\/#primaryimage","url":"","contentUrl":""},{"@type":"BreadcrumbList","@id":"https:\/\/portalnpm.com\/index.php\/2023\/09\/11\/santana-vence-sussuapara-e-quebra-jejum-na-supercopa-appm\/#breadcrumb","itemListElement":[{"@type":"ListItem","position":1,"name":"In\u00edcio","item":"https:\/\/portalnpm.com\/"},{"@type":"ListItem","position":2,"name":"Santana vence Sussuapara e quebra jejum na Supercopa APPM"}]},{"@type":"WebSite","@id":"https:\/\/portalnpm.com\/#website","url":"https:\/\/portalnpm.com\/","name":"Portal NPM","description":"Not\u00edcias em Primeira M\u00e3o","potentialAction":[{"@type":"SearchAction","target":{"@type":"EntryPoint","urlTemplate":"https:\/\/portalnpm.com\/?s={search_term_string}"},"query-input":"required name=search_term_string"}],"inLanguage":"pt-BR"},{"@type":"Person","@id":"https:\/\/portalnpm.com\/#\/schema\/person\/49313e563cfdefcc167f1ee4c017c294","name":"Genival Barbosa","image":{"@type":"ImageObject","inLanguage":"pt-BR","@id":"https:\/\/portalnpm.com\/#\/schema\/person\/image\/","url":"https:\/\/portalnpm.com\/wp-content\/uploads\/2024\/02\/avatar_user_2_1707743258-96x96.jpeg","contentUrl":"https:\/\/portalnpm.com\/wp-content\/uploads\/2024\/02\/avatar_user_2_1707743258-96x96.jpeg","caption":"Genival Barbosa"},"url":"https:\/\/portalnpm.com\/index.php\/author\/genival\/"}]}},"jetpack_sharing_enabled":true,"jetpack_featured_media_url":"","_links":{"self":[{"href":"https:\/\/portalnpm.com\/index.php\/wp-json\/wp\/v2\/posts\/49181"}],"collection":[{"href":"https:\/\/portalnpm.com\/index.php\/wp-json\/wp\/v2\/posts"}],"about":[{"href":"https:\/\/portalnpm.com\/index.php\/wp-json\/wp\/v2\/types\/post"}],"author":[{"embeddable":true,"href":"https:\/\/portalnpm.com\/index.php\/wp-json\/wp\/v2\/users\/2"}],"replies":[{"embeddable":true,"href":"https:\/\/portalnpm.com\/index.php\/wp-json\/wp\/v2\/comments?post=49181"}],"version-history":[{"count":0,"href":"https:\/\/portalnpm.com\/index.php\/wp-json\/wp\/v2\/posts\/49181\/revisions"}],"wp:featuredmedia":[{"embeddable":true,"href":"https:\/\/portalnpm.com\/index.php\/wp-json\/"}],"wp:attachment":[{"href":"https:\/\/portalnpm.com\/index.php\/wp-json\/wp\/v2\/media?parent=49181"}],"wp:term":[{"taxonomy":"category","embeddable":true,"href":"https:\/\/portalnpm.com\/index.php\/wp-json\/wp\/v2\/categories?post=49181"},{"taxonomy":"post_tag","embeddable":true,"href":"https:\/\/portalnpm.com\/index.php\/wp-json\/wp\/v2\/tags?post=49181"}],"curies":[{"name":"wp","href":"https:\/\/api.w.org\/{rel}","templated":true}]}}