{"id":49184,"date":"2023-09-11T12:03:17","date_gmt":"2023-09-11T15:03:17","guid":{"rendered":"https:\/\/portalnpm.com\/?p=49184"},"modified":"2023-09-11T12:03:17","modified_gmt":"2023-09-11T15:03:17","slug":"caridade-vence-jacobina-por-2-a-0-e-se-consolida-como-melhor-campanha-da-1a-fase-da-copa-amvi","status":"publish","type":"post","link":"https:\/\/portalnpm.com\/index.php\/2023\/09\/11\/caridade-vence-jacobina-por-2-a-0-e-se-consolida-como-melhor-campanha-da-1a-fase-da-copa-amvi\/","title":{"rendered":"Caridade vence Jacobina por 2 a 0 e se consolida como melhor campanha da 1\u00aa fase da Copa AMVI"},"content":{"rendered":"<div id=\"post-body\" class=\"post-body entry-content\">\n<div class=\"separator\" style=\"text-align: justify;\"><\/div>\n<p style=\"text-align: justify;\">\n<p style=\"text-align: justify;\">A Sele\u00e7\u00e3o de Caridade do Piau\u00ed tem demonstrado que vai defender com maestria o bicampeonato da Copa AMVI. Na tarde do \u00faltimo domingo (10\/09\/2023), os caridadenses foram at\u00e9 a cidade de Jacobina do Piau\u00ed e venceram os donos da casa por 2 a 0, consolidando como a melhor campanha da 1\u00aa fase da competi\u00e7\u00e3o.<\/p>\n<p style=\"text-align: justify;\">\n<div class=\"separator\" style=\"text-align: justify;\"><a href=\"https:\/\/blogger.googleusercontent.com\/img\/b\/R29vZ2xl\/AVvXsEja7HxSXfch36caI4xAPPpFWnOlyzE-iMlZk0gQCsSu_cDPFuFXoVQcZ_EOZGUbHkAr8_CUEfN2flXI7-aTzLqqepsmhkv-HYnvw4vn8cEEwwkQV4eP-VGElAhof4kHqqQXpYghuF_m56chUANHkfHdJVYR4WAReplyrlDcYqmcdeqrMLsBgCNb-fv0I7A\/s6000\/IMG_0014.JPG\"><img fetchpriority=\"high\" decoding=\"async\" src=\"https:\/\/blogger.googleusercontent.com\/img\/b\/R29vZ2xl\/AVvXsEja7HxSXfch36caI4xAPPpFWnOlyzE-iMlZk0gQCsSu_cDPFuFXoVQcZ_EOZGUbHkAr8_CUEfN2flXI7-aTzLqqepsmhkv-HYnvw4vn8cEEwwkQV4eP-VGElAhof4kHqqQXpYghuF_m56chUANHkfHdJVYR4WAReplyrlDcYqmcdeqrMLsBgCNb-fv0I7A\/w640-h426\/IMG_0014.JPG\" width=\"640\" height=\"426\" border=\"0\" data-original-height=\"4000\" data-original-width=\"6000\" \/><\/a><\/div>\n<p style=\"text-align: justify;\">\n<p style=\"text-align: justify;\">Os visitantes iniciaram a partida com um time alternativo, mas que conseguiu jogar de igual para igual com a Sele\u00e7\u00e3o de Jacobina do Piau\u00ed. Na primeira etapa, um jogo equilibrado, com as duas equipes conseguindo construir bons ataques, mas sem efetivar com o gol, indo para o intervalo com o placar zerado.<\/p>\n<p style=\"text-align: justify;\">\n<div class=\"separator\" style=\"text-align: justify;\"><a href=\"https:\/\/blogger.googleusercontent.com\/img\/b\/R29vZ2xl\/AVvXsEjcGgZGmvVLdZC7wihgqF0zLoXy8R3p4Z81pZunf907KkzidJCinPRfsjhIwRA2MnxqXCmSVdB7H_cN6qzKTyuMuW8ZAA3JOkBCItixOCk_oFK_UuXbzy64kZZBHrSVQ3UxJid-BQxUm1WTRdO0zLn6aawmSul2WmbYoetIHa3iA-nrOaHITd3CEN1pXWw\/s6000\/IMG_8993.JPG\"><img decoding=\"async\" src=\"https:\/\/blogger.googleusercontent.com\/img\/b\/R29vZ2xl\/AVvXsEjcGgZGmvVLdZC7wihgqF0zLoXy8R3p4Z81pZunf907KkzidJCinPRfsjhIwRA2MnxqXCmSVdB7H_cN6qzKTyuMuW8ZAA3JOkBCItixOCk_oFK_UuXbzy64kZZBHrSVQ3UxJid-BQxUm1WTRdO0zLn6aawmSul2WmbYoetIHa3iA-nrOaHITd3CEN1pXWw\/w640-h426\/IMG_8993.JPG\" width=\"640\" height=\"426\" border=\"0\" data-original-height=\"4000\" data-original-width=\"6000\" \/><\/a><\/div>\n<p style=\"text-align: justify;\">\n<p style=\"text-align: justify;\">J\u00e1 na segunda etapa, a Sele\u00e7\u00e3o de Caridade abriu o marcador logo aos 13 minutos, quando a bola foi cruzada na \u00e1rea, Dylan dominou e deixou no jeito para Alisson balan\u00e7ar as redes. Aos 32 minutos, Manass\u00e9s foi expulso ap\u00f3s receber 02 cart\u00f5es amarelos seguidos por reclama\u00e7\u00e3o. Uma perda importante n\u00e3o s\u00f3 na partida, mas para a sequ\u00eancia da competi\u00e7\u00e3o, j\u00e1 que o craque ficar\u00e1 de fora da primeira partida das Quartas de Final.<\/p>\n<p style=\"text-align: justify;\">\n<div class=\"separator\" style=\"text-align: justify;\"><a href=\"https:\/\/blogger.googleusercontent.com\/img\/b\/R29vZ2xl\/AVvXsEisiIpVQX2Zl8NaTxfwn6O-nGEXJv8jaQ5Fcqbnx1yaxph9k0gW855fjVjqQrdvHbMuG6q7aZ1RgajC-e14K9MeJdQ1jWA4QHe77Z01F9n_q5h0v68JUkV7m3U9CZJyYpn8aG9Eq7jg68iTZPWSqVLnel0PxvI4pS0gWb77btUWrUWhJ9of5zPP6gmT42Q\/s6000\/IMG_0021.JPG\"><img decoding=\"async\" src=\"https:\/\/blogger.googleusercontent.com\/img\/b\/R29vZ2xl\/AVvXsEisiIpVQX2Zl8NaTxfwn6O-nGEXJv8jaQ5Fcqbnx1yaxph9k0gW855fjVjqQrdvHbMuG6q7aZ1RgajC-e14K9MeJdQ1jWA4QHe77Z01F9n_q5h0v68JUkV7m3U9CZJyYpn8aG9Eq7jg68iTZPWSqVLnel0PxvI4pS0gWb77btUWrUWhJ9of5zPP6gmT42Q\/w640-h426\/IMG_0021.JPG\" width=\"640\" height=\"426\" border=\"0\" data-original-height=\"4000\" data-original-width=\"6000\" \/><\/a><\/div>\n<p style=\"text-align: justify;\">\n<p style=\"text-align: justify;\">No mesmo lance de falta e das reclama\u00e7\u00f5es que geraram a expuls\u00e3o de Manass\u00e9s, aos 35 minutos, sairia o segundo gol da partida. Ap\u00f3s bela cobran\u00e7a, o camisa 20 Sass\u00e1 ampliou com um gola\u00e7o. E assim seria finalizada a partida: Jacobina 0 x 2 Caridade.<\/p>\n<p style=\"text-align: justify;\">\n<div class=\"separator\" style=\"text-align: justify;\"><a href=\"https:\/\/blogger.googleusercontent.com\/img\/b\/R29vZ2xl\/AVvXsEgQwRh9Lxxa_MokPujZEbMuu-eOhKgzj0UD0pkCrBktJN-ZLSWaHFgR482Yd84XDgRiBknq2-kbB0mn5IGpCTq1yXGpdLtkWyE3fQbFitDbGv_QtIs8epeLeCTAhec49OF-cyW5k9hteUezCjILzGVT_MaRDzr8I1P1z6N_swsCkYSletWijibwAOvrkaM\/s6000\/IMG_8998.JPG\"><img loading=\"lazy\" decoding=\"async\" src=\"https:\/\/blogger.googleusercontent.com\/img\/b\/R29vZ2xl\/AVvXsEgQwRh9Lxxa_MokPujZEbMuu-eOhKgzj0UD0pkCrBktJN-ZLSWaHFgR482Yd84XDgRiBknq2-kbB0mn5IGpCTq1yXGpdLtkWyE3fQbFitDbGv_QtIs8epeLeCTAhec49OF-cyW5k9hteUezCjILzGVT_MaRDzr8I1P1z6N_swsCkYSletWijibwAOvrkaM\/w640-h426\/IMG_8998.JPG\" width=\"640\" height=\"426\" border=\"0\" data-original-height=\"4000\" data-original-width=\"6000\" \/><\/a><\/div>\n<p style=\"text-align: justify;\">\n<p style=\"text-align: justify;\">Com o resultado, ambas as equipes conseguiram a classifica\u00e7\u00e3o. Caridade, em primeiro, com 13 pontos. Na segunda coloca\u00e7\u00e3o, Jacobina com os mesmos 08 pontos que Patos, mas superando no saldo de gols, primeiro crit\u00e9rio desempate. Nas Quartas de Final, Caridade enfrentar\u00e1 Sim\u00f5es e Jacobina ter\u00e1 a Sele\u00e7\u00e3o de Marcol\u00e2ndia como advers\u00e1ria.<\/p>\n<p style=\"text-align: justify;\">\n<div class=\"separator\" style=\"text-align: justify;\"><a href=\"https:\/\/blogger.googleusercontent.com\/img\/b\/R29vZ2xl\/AVvXsEhAmyGr4bvd1hyxQpkVwBQqVcaM551qS0_s10srejBPPd2C_5RjNHArUylOHCbvsFrroBrTJ-wv9YAxd8Fb_2-soG3ETWDkWSEcq710MghFNU-4DEqnNhhFnN5jgG_bBq5ajSycfaW9W3K2dlOCpArESBGnKG8qOEdf_E7h1sYSw-VFs2q602LBhEbRGn8\/s6000\/IMG_0019.JPG\"><img loading=\"lazy\" decoding=\"async\" src=\"https:\/\/blogger.googleusercontent.com\/img\/b\/R29vZ2xl\/AVvXsEhAmyGr4bvd1hyxQpkVwBQqVcaM551qS0_s10srejBPPd2C_5RjNHArUylOHCbvsFrroBrTJ-wv9YAxd8Fb_2-soG3ETWDkWSEcq710MghFNU-4DEqnNhhFnN5jgG_bBq5ajSycfaW9W3K2dlOCpArESBGnKG8qOEdf_E7h1sYSw-VFs2q602LBhEbRGn8\/w640-h426\/IMG_0019.JPG\" width=\"640\" height=\"426\" border=\"0\" data-original-height=\"4000\" data-original-width=\"6000\" \/><\/a><\/div>\n<p style=\"text-align: justify;\">\n<p style=\"text-align: justify;\">A Sele\u00e7\u00e3o de Caridade do Piau\u00ed encerra a primeira fase com excelentes n\u00fameros: melhor campanha e aproveitamento (16 pontos e 89%), melhor defesa (s\u00f3 levou 02 gols), terceiro melhor ataque (13 gols marcados), 05 vit\u00f3rias, 01 empate e ainda com o jogador Lucas no Top 03 da Artilharia.<\/p>\n<p style=\"text-align: justify;\">\n<div class=\"separator\" style=\"text-align: justify;\"><a href=\"https:\/\/blogger.googleusercontent.com\/img\/b\/R29vZ2xl\/AVvXsEj9IgVKfQFhWLeu7mW56XWVPBwPU655nBT1PS3R1InTwT-w_bvZVGvSV8hMh1eY_qIKuC3m6ReHdAFP9ojVTlf3rpd7lZmB4HcqTlIYRntBjTfkU8ihm5VR-rlkIsBo67glL2zshQbQpq6HPPlClcJ564DlRIExyxvH6_fYeCEFgGNg8ZmQJY8qd0zjMlc\/s6000\/IMG_0066.JPG\"><img loading=\"lazy\" decoding=\"async\" src=\"https:\/\/blogger.googleusercontent.com\/img\/b\/R29vZ2xl\/AVvXsEj9IgVKfQFhWLeu7mW56XWVPBwPU655nBT1PS3R1InTwT-w_bvZVGvSV8hMh1eY_qIKuC3m6ReHdAFP9ojVTlf3rpd7lZmB4HcqTlIYRntBjTfkU8ihm5VR-rlkIsBo67glL2zshQbQpq6HPPlClcJ564DlRIExyxvH6_fYeCEFgGNg8ZmQJY8qd0zjMlc\/w640-h426\/IMG_0066.JPG\" width=\"640\" height=\"426\" border=\"0\" data-original-height=\"4000\" data-original-width=\"6000\" \/><\/a><\/div>\n<p style=\"text-align: justify;\">\n<p style=\"text-align: justify;\">Prestigiaram a partida o Prefeito de Jacobina e Presidente da Associa\u00e7\u00e3o dos Munic\u00edpios do Vale do Itaim Gederl\u00e2nio Rodrigues de Oliveira (GD), Vice-Prefeito Vanderlei Carvalho, al\u00e9m vereadores e secret\u00e1rios municipais de munic\u00edpios da regi\u00e3o e centenas de torcedores.<\/p>\n<h3 style=\"text-align: justify;\"><b><a href=\"https:\/\/drive.google.com\/drive\/folders\/13XuczKDSD3iKH1BIWBdCo9bNi-qNrCix?usp=sharing\" target=\"_blank\" rel=\"noopener\">CLIQUE AQUI E VEJA MAIS FOTOS DA PARTIDA<\/a><\/b><\/h3>\n<\/div>\n<div id=\"after-ad\">\n<div id=\"HTML6\" class=\"widget HTML\" data-version=\"2\">\n<div class=\"widget-title\">\n<h3 class=\"title\" style=\"text-align: justify;\">Fonte:Di\u00e1rio do Itaim<\/h3>\n<\/div>\n<\/div>\n<\/div>\n","protected":false},"excerpt":{"rendered":"<p>A Sele\u00e7\u00e3o de Caridade do Piau\u00ed tem demonstrado que vai defender com maestria o bicampeonato da Copa AMVI. Na tarde do \u00faltimo domingo (10\/09\/2023), os caridadenses foram at\u00e9 a cidade de Jacobina do Piau\u00ed e venceram os donos da casa por 2 a 0, consolidando como a melhor campanha da 1\u00aa fase da competi\u00e7\u00e3o. Os &hellip;<\/p>\n","protected":false},"author":2,"featured_media":49185,"comment_status":"open","ping_status":"open","sticky":false,"template":"","format":"standard","meta":{"content-type":"","rop_custom_images_group":[],"rop_custom_messages_group":[],"rop_publish_now":"initial","rop_publish_now_accounts":{"facebook_2648258775420054_1618374048415101":""},"rop_publish_now_history":[],"rop_publish_now_status":"pending","footnotes":"","_jetpack_memberships_contains_paid_content":false},"categories":[108,109],"tags":[8596,140],"yoast_head":"<!-- This site is optimized with the Yoast SEO plugin v22.3 - https:\/\/yoast.com\/wordpress\/plugins\/seo\/ -->\n<title>Caridade vence Jacobina por 2 a 0 e se consolida como melhor campanha da 1\u00aa fase da Copa AMVI - Portal NPM<\/title>\n<meta name=\"robots\" content=\"index, follow, max-snippet:-1, max-image-preview:large, max-video-preview:-1\" \/>\n<link rel=\"canonical\" href=\"https:\/\/portalnpm.com\/index.php\/2023\/09\/11\/caridade-vence-jacobina-por-2-a-0-e-se-consolida-como-melhor-campanha-da-1a-fase-da-copa-amvi\/\" \/>\n<meta property=\"og:locale\" content=\"pt_BR\" \/>\n<meta property=\"og:type\" content=\"article\" \/>\n<meta property=\"og:title\" content=\"Caridade vence Jacobina por 2 a 0 e se consolida como melhor campanha da 1\u00aa fase da Copa AMVI - Portal NPM\" \/>\n<meta property=\"og:description\" content=\"A Sele\u00e7\u00e3o de Caridade do Piau\u00ed tem demonstrado que vai defender com maestria o bicampeonato da Copa AMVI. Na tarde do \u00faltimo domingo (10\/09\/2023), os caridadenses foram at\u00e9 a cidade de Jacobina do Piau\u00ed e venceram os donos da casa por 2 a 0, consolidando como a melhor campanha da 1\u00aa fase da competi\u00e7\u00e3o. Os &hellip;\" \/>\n<meta property=\"og:url\" content=\"https:\/\/portalnpm.com\/index.php\/2023\/09\/11\/caridade-vence-jacobina-por-2-a-0-e-se-consolida-como-melhor-campanha-da-1a-fase-da-copa-amvi\/\" \/>\n<meta property=\"og:site_name\" content=\"Portal NPM\" \/>\n<meta property=\"article:published_time\" content=\"2023-09-11T15:03:17+00:00\" \/>\n<meta name=\"author\" content=\"Genival Barbosa\" \/>\n<meta name=\"twitter:card\" content=\"summary_large_image\" \/>\n<meta name=\"twitter:label1\" content=\"Escrito por\" \/>\n\t<meta name=\"twitter:data1\" content=\"Genival Barbosa\" \/>\n\t<meta name=\"twitter:label2\" content=\"Est. tempo de leitura\" \/>\n\t<meta name=\"twitter:data2\" content=\"4 minutos\" \/>\n<script type=\"application\/ld+json\" class=\"yoast-schema-graph\">{\"@context\":\"https:\/\/schema.org\",\"@graph\":[{\"@type\":\"WebPage\",\"@id\":\"https:\/\/portalnpm.com\/index.php\/2023\/09\/11\/caridade-vence-jacobina-por-2-a-0-e-se-consolida-como-melhor-campanha-da-1a-fase-da-copa-amvi\/\",\"url\":\"https:\/\/portalnpm.com\/index.php\/2023\/09\/11\/caridade-vence-jacobina-por-2-a-0-e-se-consolida-como-melhor-campanha-da-1a-fase-da-copa-amvi\/\",\"name\":\"Caridade vence Jacobina por 2 a 0 e se consolida como melhor campanha da 1\u00aa fase da Copa AMVI - Portal NPM\",\"isPartOf\":{\"@id\":\"https:\/\/portalnpm.com\/#website\"},\"primaryImageOfPage\":{\"@id\":\"https:\/\/portalnpm.com\/index.php\/2023\/09\/11\/caridade-vence-jacobina-por-2-a-0-e-se-consolida-como-melhor-campanha-da-1a-fase-da-copa-amvi\/#primaryimage\"},\"image\":{\"@id\":\"https:\/\/portalnpm.com\/index.php\/2023\/09\/11\/caridade-vence-jacobina-por-2-a-0-e-se-consolida-como-melhor-campanha-da-1a-fase-da-copa-amvi\/#primaryimage\"},\"thumbnailUrl\":\"\",\"datePublished\":\"2023-09-11T15:03:17+00:00\",\"dateModified\":\"2023-09-11T15:03:17+00:00\",\"author\":{\"@id\":\"https:\/\/portalnpm.com\/#\/schema\/person\/49313e563cfdefcc167f1ee4c017c294\"},\"breadcrumb\":{\"@id\":\"https:\/\/portalnpm.com\/index.php\/2023\/09\/11\/caridade-vence-jacobina-por-2-a-0-e-se-consolida-como-melhor-campanha-da-1a-fase-da-copa-amvi\/#breadcrumb\"},\"inLanguage\":\"pt-BR\",\"potentialAction\":[{\"@type\":\"ReadAction\",\"target\":[\"https:\/\/portalnpm.com\/index.php\/2023\/09\/11\/caridade-vence-jacobina-por-2-a-0-e-se-consolida-como-melhor-campanha-da-1a-fase-da-copa-amvi\/\"]}]},{\"@type\":\"ImageObject\",\"inLanguage\":\"pt-BR\",\"@id\":\"https:\/\/portalnpm.com\/index.php\/2023\/09\/11\/caridade-vence-jacobina-por-2-a-0-e-se-consolida-como-melhor-campanha-da-1a-fase-da-copa-amvi\/#primaryimage\",\"url\":\"\",\"contentUrl\":\"\"},{\"@type\":\"BreadcrumbList\",\"@id\":\"https:\/\/portalnpm.com\/index.php\/2023\/09\/11\/caridade-vence-jacobina-por-2-a-0-e-se-consolida-como-melhor-campanha-da-1a-fase-da-copa-amvi\/#breadcrumb\",\"itemListElement\":[{\"@type\":\"ListItem\",\"position\":1,\"name\":\"In\u00edcio\",\"item\":\"https:\/\/portalnpm.com\/\"},{\"@type\":\"ListItem\",\"position\":2,\"name\":\"Caridade vence Jacobina por 2 a 0 e se consolida como melhor campanha da 1\u00aa fase da Copa AMVI\"}]},{\"@type\":\"WebSite\",\"@id\":\"https:\/\/portalnpm.com\/#website\",\"url\":\"https:\/\/portalnpm.com\/\",\"name\":\"Portal NPM\",\"description\":\"Not\u00edcias em Primeira M\u00e3o\",\"potentialAction\":[{\"@type\":\"SearchAction\",\"target\":{\"@type\":\"EntryPoint\",\"urlTemplate\":\"https:\/\/portalnpm.com\/?s={search_term_string}\"},\"query-input\":\"required name=search_term_string\"}],\"inLanguage\":\"pt-BR\"},{\"@type\":\"Person\",\"@id\":\"https:\/\/portalnpm.com\/#\/schema\/person\/49313e563cfdefcc167f1ee4c017c294\",\"name\":\"Genival Barbosa\",\"image\":{\"@type\":\"ImageObject\",\"inLanguage\":\"pt-BR\",\"@id\":\"https:\/\/portalnpm.com\/#\/schema\/person\/image\/\",\"url\":\"https:\/\/portalnpm.com\/wp-content\/uploads\/2024\/02\/avatar_user_2_1707743258-96x96.jpeg\",\"contentUrl\":\"https:\/\/portalnpm.com\/wp-content\/uploads\/2024\/02\/avatar_user_2_1707743258-96x96.jpeg\",\"caption\":\"Genival Barbosa\"},\"url\":\"https:\/\/portalnpm.com\/index.php\/author\/genival\/\"}]}<\/script>\n<!-- \/ Yoast SEO plugin. -->","yoast_head_json":{"title":"Caridade vence Jacobina por 2 a 0 e se consolida como melhor campanha da 1\u00aa fase da Copa AMVI - Portal NPM","robots":{"index":"index","follow":"follow","max-snippet":"max-snippet:-1","max-image-preview":"max-image-preview:large","max-video-preview":"max-video-preview:-1"},"canonical":"https:\/\/portalnpm.com\/index.php\/2023\/09\/11\/caridade-vence-jacobina-por-2-a-0-e-se-consolida-como-melhor-campanha-da-1a-fase-da-copa-amvi\/","og_locale":"pt_BR","og_type":"article","og_title":"Caridade vence Jacobina por 2 a 0 e se consolida como melhor campanha da 1\u00aa fase da Copa AMVI - Portal NPM","og_description":"A Sele\u00e7\u00e3o de Caridade do Piau\u00ed tem demonstrado que vai defender com maestria o bicampeonato da Copa AMVI. Na tarde do \u00faltimo domingo (10\/09\/2023), os caridadenses foram at\u00e9 a cidade de Jacobina do Piau\u00ed e venceram os donos da casa por 2 a 0, consolidando como a melhor campanha da 1\u00aa fase da competi\u00e7\u00e3o. Os &hellip;","og_url":"https:\/\/portalnpm.com\/index.php\/2023\/09\/11\/caridade-vence-jacobina-por-2-a-0-e-se-consolida-como-melhor-campanha-da-1a-fase-da-copa-amvi\/","og_site_name":"Portal NPM","article_published_time":"2023-09-11T15:03:17+00:00","author":"Genival Barbosa","twitter_card":"summary_large_image","twitter_misc":{"Escrito por":"Genival Barbosa","Est. tempo de leitura":"4 minutos"},"schema":{"@context":"https:\/\/schema.org","@graph":[{"@type":"WebPage","@id":"https:\/\/portalnpm.com\/index.php\/2023\/09\/11\/caridade-vence-jacobina-por-2-a-0-e-se-consolida-como-melhor-campanha-da-1a-fase-da-copa-amvi\/","url":"https:\/\/portalnpm.com\/index.php\/2023\/09\/11\/caridade-vence-jacobina-por-2-a-0-e-se-consolida-como-melhor-campanha-da-1a-fase-da-copa-amvi\/","name":"Caridade vence Jacobina por 2 a 0 e se consolida como melhor campanha da 1\u00aa fase da Copa AMVI - Portal NPM","isPartOf":{"@id":"https:\/\/portalnpm.com\/#website"},"primaryImageOfPage":{"@id":"https:\/\/portalnpm.com\/index.php\/2023\/09\/11\/caridade-vence-jacobina-por-2-a-0-e-se-consolida-como-melhor-campanha-da-1a-fase-da-copa-amvi\/#primaryimage"},"image":{"@id":"https:\/\/portalnpm.com\/index.php\/2023\/09\/11\/caridade-vence-jacobina-por-2-a-0-e-se-consolida-como-melhor-campanha-da-1a-fase-da-copa-amvi\/#primaryimage"},"thumbnailUrl":"","datePublished":"2023-09-11T15:03:17+00:00","dateModified":"2023-09-11T15:03:17+00:00","author":{"@id":"https:\/\/portalnpm.com\/#\/schema\/person\/49313e563cfdefcc167f1ee4c017c294"},"breadcrumb":{"@id":"https:\/\/portalnpm.com\/index.php\/2023\/09\/11\/caridade-vence-jacobina-por-2-a-0-e-se-consolida-como-melhor-campanha-da-1a-fase-da-copa-amvi\/#breadcrumb"},"inLanguage":"pt-BR","potentialAction":[{"@type":"ReadAction","target":["https:\/\/portalnpm.com\/index.php\/2023\/09\/11\/caridade-vence-jacobina-por-2-a-0-e-se-consolida-como-melhor-campanha-da-1a-fase-da-copa-amvi\/"]}]},{"@type":"ImageObject","inLanguage":"pt-BR","@id":"https:\/\/portalnpm.com\/index.php\/2023\/09\/11\/caridade-vence-jacobina-por-2-a-0-e-se-consolida-como-melhor-campanha-da-1a-fase-da-copa-amvi\/#primaryimage","url":"","contentUrl":""},{"@type":"BreadcrumbList","@id":"https:\/\/portalnpm.com\/index.php\/2023\/09\/11\/caridade-vence-jacobina-por-2-a-0-e-se-consolida-como-melhor-campanha-da-1a-fase-da-copa-amvi\/#breadcrumb","itemListElement":[{"@type":"ListItem","position":1,"name":"In\u00edcio","item":"https:\/\/portalnpm.com\/"},{"@type":"ListItem","position":2,"name":"Caridade vence Jacobina por 2 a 0 e se consolida como melhor campanha da 1\u00aa fase da Copa AMVI"}]},{"@type":"WebSite","@id":"https:\/\/portalnpm.com\/#website","url":"https:\/\/portalnpm.com\/","name":"Portal NPM","description":"Not\u00edcias em Primeira M\u00e3o","potentialAction":[{"@type":"SearchAction","target":{"@type":"EntryPoint","urlTemplate":"https:\/\/portalnpm.com\/?s={search_term_string}"},"query-input":"required name=search_term_string"}],"inLanguage":"pt-BR"},{"@type":"Person","@id":"https:\/\/portalnpm.com\/#\/schema\/person\/49313e563cfdefcc167f1ee4c017c294","name":"Genival Barbosa","image":{"@type":"ImageObject","inLanguage":"pt-BR","@id":"https:\/\/portalnpm.com\/#\/schema\/person\/image\/","url":"https:\/\/portalnpm.com\/wp-content\/uploads\/2024\/02\/avatar_user_2_1707743258-96x96.jpeg","contentUrl":"https:\/\/portalnpm.com\/wp-content\/uploads\/2024\/02\/avatar_user_2_1707743258-96x96.jpeg","caption":"Genival Barbosa"},"url":"https:\/\/portalnpm.com\/index.php\/author\/genival\/"}]}},"jetpack_sharing_enabled":true,"jetpack_featured_media_url":"","_links":{"self":[{"href":"https:\/\/portalnpm.com\/index.php\/wp-json\/wp\/v2\/posts\/49184"}],"collection":[{"href":"https:\/\/portalnpm.com\/index.php\/wp-json\/wp\/v2\/posts"}],"about":[{"href":"https:\/\/portalnpm.com\/index.php\/wp-json\/wp\/v2\/types\/post"}],"author":[{"embeddable":true,"href":"https:\/\/portalnpm.com\/index.php\/wp-json\/wp\/v2\/users\/2"}],"replies":[{"embeddable":true,"href":"https:\/\/portalnpm.com\/index.php\/wp-json\/wp\/v2\/comments?post=49184"}],"version-history":[{"count":0,"href":"https:\/\/portalnpm.com\/index.php\/wp-json\/wp\/v2\/posts\/49184\/revisions"}],"wp:featuredmedia":[{"embeddable":true,"href":"https:\/\/portalnpm.com\/index.php\/wp-json\/"}],"wp:attachment":[{"href":"https:\/\/portalnpm.com\/index.php\/wp-json\/wp\/v2\/media?parent=49184"}],"wp:term":[{"taxonomy":"category","embeddable":true,"href":"https:\/\/portalnpm.com\/index.php\/wp-json\/wp\/v2\/categories?post=49184"},{"taxonomy":"post_tag","embeddable":true,"href":"https:\/\/portalnpm.com\/index.php\/wp-json\/wp\/v2\/tags?post=49184"}],"curies":[{"name":"wp","href":"https:\/\/api.w.org\/{rel}","templated":true}]}}