{"id":49197,"date":"2023-09-14T01:15:12","date_gmt":"2023-09-14T04:15:12","guid":{"rendered":"https:\/\/portalnpm.com\/?p=49197"},"modified":"2023-09-14T01:15:12","modified_gmt":"2023-09-14T04:15:12","slug":"flamengo-faz-vexame-perde-para-o-athletico-e-preocupa-torcida-para-final-da-copa-do-brasil","status":"publish","type":"post","link":"https:\/\/portalnpm.com\/index.php\/2023\/09\/14\/flamengo-faz-vexame-perde-para-o-athletico-e-preocupa-torcida-para-final-da-copa-do-brasil\/","title":{"rendered":"Flamengo faz vexame, perde para o Athletico e preocupa torcida para final da Copa do Brasil"},"content":{"rendered":"<p style=\"text-align: justify;\">O\u00a0<strong><a href=\"http:\/\/lance.com.br\/flamengo\">Flamengo\u00a0<\/a><\/strong>enfrentou o Athletico PR neste dia 13 de setembro, em Cariacica, em jogo v\u00e1lido pela 23\u00aa rodada do Campeonato Brasileiro. Com uma escala\u00e7\u00e3o improvisada, o time de Jorge Sampaoli at\u00e9 iniciou bem a partida, pressionando o advers\u00e1rio, mas n\u00e3o conseguiu manter o ritmo e viu o Furac\u00e3o ser bem superior. Com um futebol sofr\u00edvel, o Fla teve atua\u00e7\u00e3o completamente perdida, recebeu duras cr\u00edticas da torcida e traz preocupa\u00e7\u00f5es para a final da Copa do Brasil.<\/p>\n<p style=\"text-align: justify;\"><strong>CINCO PONTOS QUE MARCARAM A PARTIDA:<\/strong><\/p>\n<div class=\"ad-anchor adsense-in_article-loop-1\" style=\"text-align: justify;\" data-index=\"1\" data-slot=\"4641928028\" data-style=\"display:inline-block;width:300px;height:250px;\"><ins class=\"adsbygoogle\" data-ad-client=\"ca-pub-1883810847636355\" data-ad-slot=\"4641928028\" data-page-url=\"https:\/\/cdn-af.feednews.com\/news\/detail\/0c758d79fad4615585fb53d3ffea2268?client=mini\" data-adsbygoogle-status=\"done\" data-ad-status=\"filled\"><\/p>\n<div id=\"aswift_1_host\" tabindex=\"0\" title=\"Advertisement\" aria-label=\"Advertisement\"><\/div>\n<p><\/ins><\/div>\n<p style=\"text-align: justify;\"><strong>&gt;A ESCALA\u00c7\u00c3O DO FLAMENGO?\u00a0<\/strong>Isso mesmo que voc\u00ea leu! Jorge Sampaoli mudou toda a estrutura do time, com Thiago Maia de lateral esquerdo e David Luiz de volante, e o resultado foi um time completamente perdido no primeiro tempo da partida<\/p>\n<p style=\"text-align: justify;\"><strong>&gt;QUASE, GABIGOL!\u00a0<\/strong>Logo aos dois minutos, Gerson cabeceou para Pedro, que trabalhou com Gabigol. O camisa 10 invadiu a \u00e1rea e finalizou, mas parou na defesa de Leo Link.<\/p>\n<p style=\"text-align: justify;\"><strong>&gt;GOL DO ATHLETICO<\/strong>! Ap\u00f3s falha do sistema defensivo do Flamengo, Vitor Bueno finaliza da intermedi\u00e1ria, Matheus Cunha defende e, no rebote, Cac\u00e1 abre o placar.<\/p>\n<div class=\"ad-anchor adsense-in_article-loop-4\" style=\"text-align: justify;\" data-index=\"4\" data-slot=\"7490903905\" data-style=\"display:inline-block;width:300px;height:250px;\"><ins class=\"adsbygoogle\" data-ad-client=\"ca-pub-1883810847636355\" data-ad-slot=\"7490903905\" data-page-url=\"https:\/\/cdn-af.feednews.com\/news\/detail\/0c758d79fad4615585fb53d3ffea2268?client=mini\" data-adsbygoogle-status=\"done\" data-ad-status=\"filled\"><\/p>\n<div id=\"aswift_2_host\" tabindex=\"0\" title=\"Advertisement\" aria-label=\"Advertisement\"><\/div>\n<p><\/ins><\/div>\n<div class=\"google-auto-placed\" style=\"text-align: justify;\"><\/div>\n<p style=\"text-align: justify;\"><strong>&gt;GABIGOL EXPULSO!<\/strong>\u00a0Em lance com Cuello, Gabi deixou o cotovelo no rosto do advers\u00e1rio e inicialmente, foi punido com amarelo. Ap\u00f3s an\u00e1lise do VAR, a arbitragem mudou a decis\u00e3o e aplicou cart\u00e3o vermelho no camisa 10, que n\u00e3o joga contra o Goi\u00e1s.<\/p>\n<p style=\"text-align: justify;\"><strong>&gt;GOL DO ATHLETICO!<\/strong>\u00a0Willian Bigode tenta passe, L\u00e9o Pereira corta, mas Alex Santana pega a sobra do zagueiro do Flamengo, finaliza de primeira e manda no canto da meta rubro-negra.<\/p>\n<p style=\"text-align: justify;\"><strong>COMO FOI O PRIMEIRO TEMPO?<\/strong><\/p>\n<p style=\"text-align: justify;\">O primeiro tempo come\u00e7ou com press\u00e3o do Flamengo, e parecia que o time carioca iria para cima do Athletico em busca da vit\u00f3ria. No entanto, depois das amea\u00e7as iniciais do Fla, o Furac\u00e3o foi quem assumiu as r\u00e9deas da partida. O time visitante come\u00e7ou a pressionar a equipe de Sampaoli e conseguiu boas chances. Uma, ap\u00f3s falha de Matheus Cunha, e outra, de David Luiz. O gol dos paranaenses saiu aos 26 minutos, depois de uma falha em todo o sistema defensivo do Flamengo. Os 45 minutos iniciais se encerraram com dom\u00ednio do CAP.<\/p>\n<p style=\"text-align: justify;\"><strong>E A ETAPA FINAL?<\/strong><\/p>\n<p style=\"text-align: justify;\">Jorge Sampaoli identificou as falhas na escala\u00e7\u00e3o e, no intervalo, promoveu as duas principais substitui\u00e7\u00f5es: sa\u00edram David Luiz e Victor Hugo para as entradas de Allan e Everton Ribeiro. Com as mexidas, o Flamengo retomou a press\u00e3o da etapa inicial e tentou buscar o empate, mas n\u00e3o conseguia ser efetivo. Aos 23 minutos, a hist\u00f3ria piorou com a expuls\u00e3o de Gabigol, por cotovelada em Cuello. Na sa\u00edda de campo, o atacante foi atingido com pipocas arremessadas por torcedores.<\/p>\n<div class=\"google-auto-placed\" style=\"text-align: justify;\"><ins class=\"adsbygoogle adsbygoogle-noablate\" data-ad-format=\"auto\" data-ad-client=\"ca-pub-1883810847636355\" data-adsbygoogle-status=\"done\" data-ad-status=\"filled\"><\/p>\n<div id=\"aswift_6_host\" tabindex=\"0\" title=\"Advertisement\" aria-label=\"Advertisement\"><\/div>\n<p><\/ins><\/div>\n<div class=\"ad-anchor adx-in_article-loop-8\" style=\"text-align: justify;\" data-index=\"8\" data-slot=\"s4592841290048\" data-style=\"display:inline-block;\"><ins class=\"adsbyopera\" data-adx-slot=\"s4592841290048\" data-adx-fit-width=\"true\" data-adx-status=\"done\" data-ad-status=\"unfilled\"><\/p>\n<div id=\"operaadx-s4592841290048_wrapper\"><\/div>\n<p><\/ins><\/div>\n<p style=\"text-align: justify;\">Com um jogador a menos e nenhuma produtividade, o Flamengo sofreu outros dois gols e, al\u00e9m da derrota nas quatro linhas, encarou a bronca da torcida. Muitas vaias, gritos de &#8216;time sem vergonha&#8217; e &#8216;fora Sampaoli&#8217; ecoaram nas arquibancadas. Em adendo, flamenguistas entraram na onda dos athleticanos e gritaram &#8216;ol\u00e9&#8217; para o Fla.<\/p>\n<p style=\"text-align: justify;\"><strong>O QUE VEM POR A\u00cd?<\/strong><\/p>\n<p style=\"text-align: justify;\">Ap\u00f3s a derrota, o Flamengo volta a campo no domingo, dia 17 de setembro, para disputar o primeiro jogo da final da Copa do Brasil, contra o S\u00e3o Paulo. A partida ser\u00e1 disputada no Maracan\u00e3, \u00e0s 16h (hor\u00e1rio de Bras\u00edlia), e a torcida rubro-negra prepara uma festa digna dos &#8216;tempos de ouro&#8217; do clube. Para isso, os flamenguistas se uniram em uma vaquinha, que ultrapassou R$ 100 mil em arrecada\u00e7\u00e3o.<\/p>\n<p style=\"text-align: justify;\"><strong>FLAMENGO X ATHLETICO-PR<\/strong><\/p>\n<div class=\"ad-anchor adsense-in_article-loop-10\" style=\"text-align: justify;\" data-index=\"10\" data-slot=\"3304081612\" data-style=\"display:inline-block;width:300px;height:250px;\"><ins class=\"adsbygoogle\" data-ad-client=\"ca-pub-1883810847636355\" data-ad-slot=\"3304081612\" data-page-url=\"https:\/\/cdn-af.feednews.com\/news\/detail\/0c758d79fad4615585fb53d3ffea2268?client=mini\" data-adsbygoogle-status=\"done\" data-ad-status=\"filled\"><\/p>\n<div id=\"aswift_3_host\" tabindex=\"0\" title=\"Advertisement\" aria-label=\"Advertisement\"><\/div>\n<p><\/ins><\/div>\n<p style=\"text-align: justify;\"><strong>Data e hora:<\/strong>\u00a013 de setembro de 2023, \u00e0s 21h30 (de Bras\u00edlia)<br \/>\n<strong>Est\u00e1dio:<\/strong>\u00a0Kleber Andrade, Cariacica (ES)<br \/>\n<strong>\u00c1rbitro:<\/strong>\u00a0Rafael Rodrigo Klein (RS)<br \/>\n<strong>Assisten<\/strong>tes: Mauricio Coelho Silva Penna (RS) e Maira Mastella Moreira (RS)<br \/>\n<strong>VAR:<\/strong>\u00a0Rodrigo Guarizo Ferreira do Amaral (Fifa-SP)<br \/>\n<strong>Onde assistir:<\/strong>\u00a0Globo (tv aberta) e Premiere (tv fechada). O\u00a0<strong>Lance!<\/strong>\u00a0acompanha o duelo em tempo real<\/p>\n<p style=\"text-align: justify;\"><strong>Gols:\u00a0<\/strong>Cac\u00e1 (26&#8242; do 1\u00bat),<\/p>\n<p style=\"text-align: justify;\"><strong>Cart\u00e3o amarelo<\/strong>: Wesley, Everton Ribeiro (FLA), Alex Santana, Hugo Moura (CAP)<br \/>\n<strong>Cart\u00e3o vermelho:<\/strong>\u00a0Gabigol (FLA)<\/p>\n<p style=\"text-align: justify;\"><strong>FLAMENGO\u00a0<\/strong>(T\u00e9cnico: Jorge Sampaoli)<br \/>\nMatheus Cunha, Wesley, Fabr\u00edcio Bruno, L\u00e9o Pereira, Thiago Maia, David Luiz (Allan\/intervalo &#8211; Igor Jesus\/16&#8242; do 2\u00bat)), Gerson, Victor Hugo (Everton Ribeiro\/intervalo), Cebolinha, Gabigol e Pedro<\/p>\n<div style=\"text-align: justify;\">\n<div>\n<div>\n<div id=\"autors-container-0\"><\/div>\n<\/div>\n<\/div>\n<\/div>\n<p style=\"text-align: justify;\"><strong>ATHLETICO PR\u00a0<\/strong>(T\u00e9cnico: Wesley Carvalho)<br \/>\nL\u00e9o Link, Madson (Bruno Peres\/39&#8242; do 2\u00bat), Cac\u00e1, Thiago Heleno e Lucas Esquivel; Erick, Hugo Moura (Alex Santana\/17&#8242; do 2\u00bat), Bruno Zapeli (Willian\/31&#8242; do 2\u00bat), Vitor Bueno, Cuello (R\u00f4mulo\/39&#8242; do 2\u00bat) e Pablo<\/p>\n<p style=\"text-align: justify;\">TERRA<\/p>\n","protected":false},"excerpt":{"rendered":"<p>O\u00a0Flamengo\u00a0enfrentou o Athletico PR neste dia 13 de setembro, em Cariacica, em jogo v\u00e1lido pela 23\u00aa rodada do Campeonato Brasileiro. Com uma escala\u00e7\u00e3o improvisada, o time de Jorge Sampaoli at\u00e9 iniciou bem a partida, pressionando o advers\u00e1rio, mas n\u00e3o conseguiu manter o ritmo e viu o Furac\u00e3o ser bem superior. Com um futebol sofr\u00edvel, o &hellip;<\/p>\n","protected":false},"author":2,"featured_media":49198,"comment_status":"open","ping_status":"open","sticky":false,"template":"","format":"standard","meta":{"content-type":"","rop_custom_images_group":[],"rop_custom_messages_group":[],"rop_publish_now":"initial","rop_publish_now_accounts":{"facebook_2648258775420054_1618374048415101":""},"rop_publish_now_history":[],"rop_publish_now_status":"pending","footnotes":"","_jetpack_memberships_contains_paid_content":false},"categories":[108],"tags":[865,161],"yoast_head":"<!-- This site is optimized with the Yoast SEO plugin v22.3 - https:\/\/yoast.com\/wordpress\/plugins\/seo\/ -->\n<title>Flamengo faz vexame, perde para o Athletico e preocupa torcida para final da Copa do Brasil - Portal NPM<\/title>\n<meta name=\"robots\" content=\"index, follow, max-snippet:-1, max-image-preview:large, max-video-preview:-1\" \/>\n<link rel=\"canonical\" href=\"https:\/\/portalnpm.com\/index.php\/2023\/09\/14\/flamengo-faz-vexame-perde-para-o-athletico-e-preocupa-torcida-para-final-da-copa-do-brasil\/\" \/>\n<meta property=\"og:locale\" content=\"pt_BR\" \/>\n<meta property=\"og:type\" content=\"article\" \/>\n<meta property=\"og:title\" content=\"Flamengo faz vexame, perde para o Athletico e preocupa torcida para final da Copa do Brasil - Portal NPM\" \/>\n<meta property=\"og:description\" content=\"O\u00a0Flamengo\u00a0enfrentou o Athletico PR neste dia 13 de setembro, em Cariacica, em jogo v\u00e1lido pela 23\u00aa rodada do Campeonato Brasileiro. Com uma escala\u00e7\u00e3o improvisada, o time de Jorge Sampaoli at\u00e9 iniciou bem a partida, pressionando o advers\u00e1rio, mas n\u00e3o conseguiu manter o ritmo e viu o Furac\u00e3o ser bem superior. Com um futebol sofr\u00edvel, o &hellip;\" \/>\n<meta property=\"og:url\" content=\"https:\/\/portalnpm.com\/index.php\/2023\/09\/14\/flamengo-faz-vexame-perde-para-o-athletico-e-preocupa-torcida-para-final-da-copa-do-brasil\/\" \/>\n<meta property=\"og:site_name\" content=\"Portal NPM\" \/>\n<meta property=\"article:published_time\" content=\"2023-09-14T04:15:12+00:00\" \/>\n<meta name=\"author\" content=\"Genival Barbosa\" \/>\n<meta name=\"twitter:card\" content=\"summary_large_image\" \/>\n<meta name=\"twitter:label1\" content=\"Escrito por\" \/>\n\t<meta name=\"twitter:data1\" content=\"Genival Barbosa\" \/>\n\t<meta name=\"twitter:label2\" content=\"Est. tempo de leitura\" \/>\n\t<meta name=\"twitter:data2\" content=\"4 minutos\" \/>\n<script type=\"application\/ld+json\" class=\"yoast-schema-graph\">{\"@context\":\"https:\/\/schema.org\",\"@graph\":[{\"@type\":\"WebPage\",\"@id\":\"https:\/\/portalnpm.com\/index.php\/2023\/09\/14\/flamengo-faz-vexame-perde-para-o-athletico-e-preocupa-torcida-para-final-da-copa-do-brasil\/\",\"url\":\"https:\/\/portalnpm.com\/index.php\/2023\/09\/14\/flamengo-faz-vexame-perde-para-o-athletico-e-preocupa-torcida-para-final-da-copa-do-brasil\/\",\"name\":\"Flamengo faz vexame, perde para o Athletico e preocupa torcida para final da Copa do Brasil - Portal NPM\",\"isPartOf\":{\"@id\":\"https:\/\/portalnpm.com\/#website\"},\"primaryImageOfPage\":{\"@id\":\"https:\/\/portalnpm.com\/index.php\/2023\/09\/14\/flamengo-faz-vexame-perde-para-o-athletico-e-preocupa-torcida-para-final-da-copa-do-brasil\/#primaryimage\"},\"image\":{\"@id\":\"https:\/\/portalnpm.com\/index.php\/2023\/09\/14\/flamengo-faz-vexame-perde-para-o-athletico-e-preocupa-torcida-para-final-da-copa-do-brasil\/#primaryimage\"},\"thumbnailUrl\":\"\",\"datePublished\":\"2023-09-14T04:15:12+00:00\",\"dateModified\":\"2023-09-14T04:15:12+00:00\",\"author\":{\"@id\":\"https:\/\/portalnpm.com\/#\/schema\/person\/49313e563cfdefcc167f1ee4c017c294\"},\"breadcrumb\":{\"@id\":\"https:\/\/portalnpm.com\/index.php\/2023\/09\/14\/flamengo-faz-vexame-perde-para-o-athletico-e-preocupa-torcida-para-final-da-copa-do-brasil\/#breadcrumb\"},\"inLanguage\":\"pt-BR\",\"potentialAction\":[{\"@type\":\"ReadAction\",\"target\":[\"https:\/\/portalnpm.com\/index.php\/2023\/09\/14\/flamengo-faz-vexame-perde-para-o-athletico-e-preocupa-torcida-para-final-da-copa-do-brasil\/\"]}]},{\"@type\":\"ImageObject\",\"inLanguage\":\"pt-BR\",\"@id\":\"https:\/\/portalnpm.com\/index.php\/2023\/09\/14\/flamengo-faz-vexame-perde-para-o-athletico-e-preocupa-torcida-para-final-da-copa-do-brasil\/#primaryimage\",\"url\":\"\",\"contentUrl\":\"\"},{\"@type\":\"BreadcrumbList\",\"@id\":\"https:\/\/portalnpm.com\/index.php\/2023\/09\/14\/flamengo-faz-vexame-perde-para-o-athletico-e-preocupa-torcida-para-final-da-copa-do-brasil\/#breadcrumb\",\"itemListElement\":[{\"@type\":\"ListItem\",\"position\":1,\"name\":\"In\u00edcio\",\"item\":\"https:\/\/portalnpm.com\/\"},{\"@type\":\"ListItem\",\"position\":2,\"name\":\"Flamengo faz vexame, perde para o Athletico e preocupa torcida para final da Copa do Brasil\"}]},{\"@type\":\"WebSite\",\"@id\":\"https:\/\/portalnpm.com\/#website\",\"url\":\"https:\/\/portalnpm.com\/\",\"name\":\"Portal NPM\",\"description\":\"Not\u00edcias em Primeira M\u00e3o\",\"potentialAction\":[{\"@type\":\"SearchAction\",\"target\":{\"@type\":\"EntryPoint\",\"urlTemplate\":\"https:\/\/portalnpm.com\/?s={search_term_string}\"},\"query-input\":\"required name=search_term_string\"}],\"inLanguage\":\"pt-BR\"},{\"@type\":\"Person\",\"@id\":\"https:\/\/portalnpm.com\/#\/schema\/person\/49313e563cfdefcc167f1ee4c017c294\",\"name\":\"Genival Barbosa\",\"image\":{\"@type\":\"ImageObject\",\"inLanguage\":\"pt-BR\",\"@id\":\"https:\/\/portalnpm.com\/#\/schema\/person\/image\/\",\"url\":\"https:\/\/portalnpm.com\/wp-content\/uploads\/2024\/02\/avatar_user_2_1707743258-96x96.jpeg\",\"contentUrl\":\"https:\/\/portalnpm.com\/wp-content\/uploads\/2024\/02\/avatar_user_2_1707743258-96x96.jpeg\",\"caption\":\"Genival Barbosa\"},\"url\":\"https:\/\/portalnpm.com\/index.php\/author\/genival\/\"}]}<\/script>\n<!-- \/ Yoast SEO plugin. -->","yoast_head_json":{"title":"Flamengo faz vexame, perde para o Athletico e preocupa torcida para final da Copa do Brasil - Portal NPM","robots":{"index":"index","follow":"follow","max-snippet":"max-snippet:-1","max-image-preview":"max-image-preview:large","max-video-preview":"max-video-preview:-1"},"canonical":"https:\/\/portalnpm.com\/index.php\/2023\/09\/14\/flamengo-faz-vexame-perde-para-o-athletico-e-preocupa-torcida-para-final-da-copa-do-brasil\/","og_locale":"pt_BR","og_type":"article","og_title":"Flamengo faz vexame, perde para o Athletico e preocupa torcida para final da Copa do Brasil - Portal NPM","og_description":"O\u00a0Flamengo\u00a0enfrentou o Athletico PR neste dia 13 de setembro, em Cariacica, em jogo v\u00e1lido pela 23\u00aa rodada do Campeonato Brasileiro. Com uma escala\u00e7\u00e3o improvisada, o time de Jorge Sampaoli at\u00e9 iniciou bem a partida, pressionando o advers\u00e1rio, mas n\u00e3o conseguiu manter o ritmo e viu o Furac\u00e3o ser bem superior. Com um futebol sofr\u00edvel, o &hellip;","og_url":"https:\/\/portalnpm.com\/index.php\/2023\/09\/14\/flamengo-faz-vexame-perde-para-o-athletico-e-preocupa-torcida-para-final-da-copa-do-brasil\/","og_site_name":"Portal NPM","article_published_time":"2023-09-14T04:15:12+00:00","author":"Genival Barbosa","twitter_card":"summary_large_image","twitter_misc":{"Escrito por":"Genival Barbosa","Est. tempo de leitura":"4 minutos"},"schema":{"@context":"https:\/\/schema.org","@graph":[{"@type":"WebPage","@id":"https:\/\/portalnpm.com\/index.php\/2023\/09\/14\/flamengo-faz-vexame-perde-para-o-athletico-e-preocupa-torcida-para-final-da-copa-do-brasil\/","url":"https:\/\/portalnpm.com\/index.php\/2023\/09\/14\/flamengo-faz-vexame-perde-para-o-athletico-e-preocupa-torcida-para-final-da-copa-do-brasil\/","name":"Flamengo faz vexame, perde para o Athletico e preocupa torcida para final da Copa do Brasil - Portal NPM","isPartOf":{"@id":"https:\/\/portalnpm.com\/#website"},"primaryImageOfPage":{"@id":"https:\/\/portalnpm.com\/index.php\/2023\/09\/14\/flamengo-faz-vexame-perde-para-o-athletico-e-preocupa-torcida-para-final-da-copa-do-brasil\/#primaryimage"},"image":{"@id":"https:\/\/portalnpm.com\/index.php\/2023\/09\/14\/flamengo-faz-vexame-perde-para-o-athletico-e-preocupa-torcida-para-final-da-copa-do-brasil\/#primaryimage"},"thumbnailUrl":"","datePublished":"2023-09-14T04:15:12+00:00","dateModified":"2023-09-14T04:15:12+00:00","author":{"@id":"https:\/\/portalnpm.com\/#\/schema\/person\/49313e563cfdefcc167f1ee4c017c294"},"breadcrumb":{"@id":"https:\/\/portalnpm.com\/index.php\/2023\/09\/14\/flamengo-faz-vexame-perde-para-o-athletico-e-preocupa-torcida-para-final-da-copa-do-brasil\/#breadcrumb"},"inLanguage":"pt-BR","potentialAction":[{"@type":"ReadAction","target":["https:\/\/portalnpm.com\/index.php\/2023\/09\/14\/flamengo-faz-vexame-perde-para-o-athletico-e-preocupa-torcida-para-final-da-copa-do-brasil\/"]}]},{"@type":"ImageObject","inLanguage":"pt-BR","@id":"https:\/\/portalnpm.com\/index.php\/2023\/09\/14\/flamengo-faz-vexame-perde-para-o-athletico-e-preocupa-torcida-para-final-da-copa-do-brasil\/#primaryimage","url":"","contentUrl":""},{"@type":"BreadcrumbList","@id":"https:\/\/portalnpm.com\/index.php\/2023\/09\/14\/flamengo-faz-vexame-perde-para-o-athletico-e-preocupa-torcida-para-final-da-copa-do-brasil\/#breadcrumb","itemListElement":[{"@type":"ListItem","position":1,"name":"In\u00edcio","item":"https:\/\/portalnpm.com\/"},{"@type":"ListItem","position":2,"name":"Flamengo faz vexame, perde para o Athletico e preocupa torcida para final da Copa do Brasil"}]},{"@type":"WebSite","@id":"https:\/\/portalnpm.com\/#website","url":"https:\/\/portalnpm.com\/","name":"Portal NPM","description":"Not\u00edcias em Primeira M\u00e3o","potentialAction":[{"@type":"SearchAction","target":{"@type":"EntryPoint","urlTemplate":"https:\/\/portalnpm.com\/?s={search_term_string}"},"query-input":"required name=search_term_string"}],"inLanguage":"pt-BR"},{"@type":"Person","@id":"https:\/\/portalnpm.com\/#\/schema\/person\/49313e563cfdefcc167f1ee4c017c294","name":"Genival Barbosa","image":{"@type":"ImageObject","inLanguage":"pt-BR","@id":"https:\/\/portalnpm.com\/#\/schema\/person\/image\/","url":"https:\/\/portalnpm.com\/wp-content\/uploads\/2024\/02\/avatar_user_2_1707743258-96x96.jpeg","contentUrl":"https:\/\/portalnpm.com\/wp-content\/uploads\/2024\/02\/avatar_user_2_1707743258-96x96.jpeg","caption":"Genival Barbosa"},"url":"https:\/\/portalnpm.com\/index.php\/author\/genival\/"}]}},"jetpack_sharing_enabled":true,"jetpack_featured_media_url":"","_links":{"self":[{"href":"https:\/\/portalnpm.com\/index.php\/wp-json\/wp\/v2\/posts\/49197"}],"collection":[{"href":"https:\/\/portalnpm.com\/index.php\/wp-json\/wp\/v2\/posts"}],"about":[{"href":"https:\/\/portalnpm.com\/index.php\/wp-json\/wp\/v2\/types\/post"}],"author":[{"embeddable":true,"href":"https:\/\/portalnpm.com\/index.php\/wp-json\/wp\/v2\/users\/2"}],"replies":[{"embeddable":true,"href":"https:\/\/portalnpm.com\/index.php\/wp-json\/wp\/v2\/comments?post=49197"}],"version-history":[{"count":0,"href":"https:\/\/portalnpm.com\/index.php\/wp-json\/wp\/v2\/posts\/49197\/revisions"}],"wp:featuredmedia":[{"embeddable":true,"href":"https:\/\/portalnpm.com\/index.php\/wp-json\/"}],"wp:attachment":[{"href":"https:\/\/portalnpm.com\/index.php\/wp-json\/wp\/v2\/media?parent=49197"}],"wp:term":[{"taxonomy":"category","embeddable":true,"href":"https:\/\/portalnpm.com\/index.php\/wp-json\/wp\/v2\/categories?post=49197"},{"taxonomy":"post_tag","embeddable":true,"href":"https:\/\/portalnpm.com\/index.php\/wp-json\/wp\/v2\/tags?post=49197"}],"curies":[{"name":"wp","href":"https:\/\/api.w.org\/{rel}","templated":true}]}}