{"id":4922,"date":"2019-01-16T10:58:14","date_gmt":"2019-01-16T12:58:14","guid":{"rendered":"http:\/\/srv.portalnpm.com.br\/?p=4922"},"modified":"2019-01-16T10:58:14","modified_gmt":"2019-01-16T12:58:14","slug":"pcdob-confirma-indicacao-de-apoio-a-rodrigo-maia-para-presidencia-da-camara-dos-deputados","status":"publish","type":"post","link":"https:\/\/portalnpm.com\/index.php\/2019\/01\/16\/pcdob-confirma-indicacao-de-apoio-a-rodrigo-maia-para-presidencia-da-camara-dos-deputados\/","title":{"rendered":"PCdoB confirma indica\u00e7\u00e3o de apoio a Rodrigo Maia para presid\u00eancia da C\u00e2mara dos Deputados"},"content":{"rendered":"<blockquote><p>Assim como o PDT de Ciro Gomes, partido de Manuela D&#8217;\u00c1vila, mesmo enquanto oposi\u00e7\u00e3o, deve se aliar ao PSL de Bolsonaro para reeleger Rodrigo Maia (DEM-RJ) como presidente da C\u00e2mara dos Deputados; &#8220;Momento \u00e9 de fazer composi\u00e7\u00f5es pol\u00edticas que permitam nosso combate&#8221;, disse a presidenta do partido, Luciana Santos<\/p><\/blockquote>\n<p style=\"text-align: justify;\">Ap\u00f3s reuni\u00e3o entre parlamentares e a Executiva Nacional do partido, o PCdoB decidiu, no in\u00edcio da noite desta ter\u00e7a-feira (15), indicar apoio \u00e0 candidatura de Rodrigo Maia (DEM-RJ) para a presid\u00eancia da C\u00e2mara. Com a resolu\u00e7\u00e3o, o partido de Manuela D\u2019\u00c1vila se une ao PDT de Ciro Gomes, que tamb\u00e9m optou pelo apoio a Maia no \u00faltimo final de semana.<\/p>\n<p style=\"text-align: justify;\">A composi\u00e7\u00e3o para reeleger o deputado carioca como presidente da Casa\u00a0causou revolta em parte dos militantes do PDT\u00a0e tamb\u00e9m do PCdoB uma vez que isso significa se colocar ao lado do PSL de Jair Bolsonaro, que tamb\u00e9m apoia Maia. Em v\u00eddeo divulgado nas redes sociais, no entanto, a presidenta do PCdoB, Luciana Santos, pondera que Rodrigo Maia tem cumprido acordos com o partido nos \u00faltimos anos e que \u201co momento \u00e9 de fazer composi\u00e7\u00f5es pol\u00edticas que permitam que nosso combate, debate de ideias e resist\u00eancia possam se desenvolver\u201d, j\u00e1 que uma candidatura de um parlamentar de esquerda seria praticamente invi\u00e1vel.<\/p>\n<p style=\"text-align: justify;\">A indica\u00e7\u00e3o do PCdoB e do PDT de apoio a Maia ainda ser\u00e1 discutida com o PSB, outro partido que pretende formar bloco de oposi\u00e7\u00e3o ao governo.<\/p>\n<p style=\"text-align: justify;\">Os outros partidos do campo progressista, PT e PSOL, rejeitam um eventual apoio a Rodrigo Maia ou a qualquer candidato ligado ao chamado \u201ccentr\u00e3o\u201d ou ao governo. O PSOL j\u00e1 lan\u00e7ou Marcelo Freixo (RJ) como candidato \u00e0 presid\u00eancia da Casa. O PT, por sua vez, ainda n\u00e3o indicou nem candidato e nem apoio, mas garantiu que n\u00e3o seguir\u00e1 a mesma indica\u00e7\u00e3o de PDT e PCdoB.<\/p>\n<p><strong>Fonte: Revista Forum\u00a0<\/strong><\/p>\n","protected":false},"excerpt":{"rendered":"<p>Assim como o PDT de Ciro Gomes, partido de Manuela D&#8217;\u00c1vila, mesmo enquanto oposi\u00e7\u00e3o, deve se aliar ao PSL de Bolsonaro para reeleger Rodrigo Maia (DEM-RJ) como presidente da C\u00e2mara dos Deputados; &#8220;Momento \u00e9 de fazer composi\u00e7\u00f5es pol\u00edticas que permitam nosso combate&#8221;, disse a presidenta do partido, Luciana Santos Ap\u00f3s reuni\u00e3o entre parlamentares e a &hellip;<\/p>\n","protected":false},"author":3,"featured_media":4923,"comment_status":"open","ping_status":"open","sticky":false,"template":"","format":"standard","meta":{"content-type":"","rop_custom_images_group":[],"rop_custom_messages_group":[],"rop_publish_now":"initial","rop_publish_now_accounts":{"facebook_2648258775420054_1618374048415101":""},"rop_publish_now_history":[],"rop_publish_now_status":"pending","footnotes":"","_jetpack_memberships_contains_paid_content":false},"categories":[113,130],"tags":[576,1995,1966],"yoast_head":"<!-- This site is optimized with the Yoast SEO plugin v22.3 - https:\/\/yoast.com\/wordpress\/plugins\/seo\/ -->\n<title>PCdoB confirma indica\u00e7\u00e3o de apoio a Rodrigo Maia para presid\u00eancia da C\u00e2mara dos Deputados - Portal NPM<\/title>\n<meta name=\"robots\" content=\"index, follow, max-snippet:-1, max-image-preview:large, max-video-preview:-1\" \/>\n<link rel=\"canonical\" href=\"https:\/\/portalnpm.com\/index.php\/2019\/01\/16\/pcdob-confirma-indicacao-de-apoio-a-rodrigo-maia-para-presidencia-da-camara-dos-deputados\/\" \/>\n<meta property=\"og:locale\" content=\"pt_BR\" \/>\n<meta property=\"og:type\" content=\"article\" \/>\n<meta property=\"og:title\" content=\"PCdoB confirma indica\u00e7\u00e3o de apoio a Rodrigo Maia para presid\u00eancia da C\u00e2mara dos Deputados - Portal NPM\" \/>\n<meta property=\"og:description\" content=\"Assim como o PDT de Ciro Gomes, partido de Manuela D&#8217;\u00c1vila, mesmo enquanto oposi\u00e7\u00e3o, deve se aliar ao PSL de Bolsonaro para reeleger Rodrigo Maia (DEM-RJ) como presidente da C\u00e2mara dos Deputados; &#8220;Momento \u00e9 de fazer composi\u00e7\u00f5es pol\u00edticas que permitam nosso combate&#8221;, disse a presidenta do partido, Luciana Santos Ap\u00f3s reuni\u00e3o entre parlamentares e a &hellip;\" \/>\n<meta property=\"og:url\" content=\"https:\/\/portalnpm.com\/index.php\/2019\/01\/16\/pcdob-confirma-indicacao-de-apoio-a-rodrigo-maia-para-presidencia-da-camara-dos-deputados\/\" \/>\n<meta property=\"og:site_name\" content=\"Portal NPM\" \/>\n<meta property=\"article:published_time\" content=\"2019-01-16T12:58:14+00:00\" \/>\n<meta name=\"author\" content=\"Luis Alberto\" \/>\n<meta name=\"twitter:card\" content=\"summary_large_image\" \/>\n<meta name=\"twitter:label1\" content=\"Escrito por\" \/>\n\t<meta name=\"twitter:data1\" content=\"Luis Alberto\" \/>\n\t<meta name=\"twitter:label2\" content=\"Est. tempo de leitura\" \/>\n\t<meta name=\"twitter:data2\" content=\"2 minutos\" \/>\n<script type=\"application\/ld+json\" class=\"yoast-schema-graph\">{\"@context\":\"https:\/\/schema.org\",\"@graph\":[{\"@type\":\"WebPage\",\"@id\":\"https:\/\/portalnpm.com\/index.php\/2019\/01\/16\/pcdob-confirma-indicacao-de-apoio-a-rodrigo-maia-para-presidencia-da-camara-dos-deputados\/\",\"url\":\"https:\/\/portalnpm.com\/index.php\/2019\/01\/16\/pcdob-confirma-indicacao-de-apoio-a-rodrigo-maia-para-presidencia-da-camara-dos-deputados\/\",\"name\":\"PCdoB confirma indica\u00e7\u00e3o de apoio a Rodrigo Maia para presid\u00eancia da C\u00e2mara dos Deputados - Portal NPM\",\"isPartOf\":{\"@id\":\"https:\/\/portalnpm.com\/#website\"},\"primaryImageOfPage\":{\"@id\":\"https:\/\/portalnpm.com\/index.php\/2019\/01\/16\/pcdob-confirma-indicacao-de-apoio-a-rodrigo-maia-para-presidencia-da-camara-dos-deputados\/#primaryimage\"},\"image\":{\"@id\":\"https:\/\/portalnpm.com\/index.php\/2019\/01\/16\/pcdob-confirma-indicacao-de-apoio-a-rodrigo-maia-para-presidencia-da-camara-dos-deputados\/#primaryimage\"},\"thumbnailUrl\":\"\",\"datePublished\":\"2019-01-16T12:58:14+00:00\",\"dateModified\":\"2019-01-16T12:58:14+00:00\",\"author\":{\"@id\":\"https:\/\/portalnpm.com\/#\/schema\/person\/5c8006acdf71774cd4e7a5ab98482152\"},\"breadcrumb\":{\"@id\":\"https:\/\/portalnpm.com\/index.php\/2019\/01\/16\/pcdob-confirma-indicacao-de-apoio-a-rodrigo-maia-para-presidencia-da-camara-dos-deputados\/#breadcrumb\"},\"inLanguage\":\"pt-BR\",\"potentialAction\":[{\"@type\":\"ReadAction\",\"target\":[\"https:\/\/portalnpm.com\/index.php\/2019\/01\/16\/pcdob-confirma-indicacao-de-apoio-a-rodrigo-maia-para-presidencia-da-camara-dos-deputados\/\"]}]},{\"@type\":\"ImageObject\",\"inLanguage\":\"pt-BR\",\"@id\":\"https:\/\/portalnpm.com\/index.php\/2019\/01\/16\/pcdob-confirma-indicacao-de-apoio-a-rodrigo-maia-para-presidencia-da-camara-dos-deputados\/#primaryimage\",\"url\":\"\",\"contentUrl\":\"\"},{\"@type\":\"BreadcrumbList\",\"@id\":\"https:\/\/portalnpm.com\/index.php\/2019\/01\/16\/pcdob-confirma-indicacao-de-apoio-a-rodrigo-maia-para-presidencia-da-camara-dos-deputados\/#breadcrumb\",\"itemListElement\":[{\"@type\":\"ListItem\",\"position\":1,\"name\":\"In\u00edcio\",\"item\":\"https:\/\/portalnpm.com\/\"},{\"@type\":\"ListItem\",\"position\":2,\"name\":\"PCdoB confirma indica\u00e7\u00e3o de apoio a Rodrigo Maia para presid\u00eancia da C\u00e2mara dos Deputados\"}]},{\"@type\":\"WebSite\",\"@id\":\"https:\/\/portalnpm.com\/#website\",\"url\":\"https:\/\/portalnpm.com\/\",\"name\":\"Portal NPM\",\"description\":\"Not\u00edcias em Primeira M\u00e3o\",\"potentialAction\":[{\"@type\":\"SearchAction\",\"target\":{\"@type\":\"EntryPoint\",\"urlTemplate\":\"https:\/\/portalnpm.com\/?s={search_term_string}\"},\"query-input\":\"required name=search_term_string\"}],\"inLanguage\":\"pt-BR\"},{\"@type\":\"Person\",\"@id\":\"https:\/\/portalnpm.com\/#\/schema\/person\/5c8006acdf71774cd4e7a5ab98482152\",\"name\":\"Luis Alberto\",\"image\":{\"@type\":\"ImageObject\",\"inLanguage\":\"pt-BR\",\"@id\":\"https:\/\/portalnpm.com\/#\/schema\/person\/image\/\",\"url\":\"https:\/\/portalnpm.com\/wp-content\/uploads\/2024\/12\/avatar_user_3_1734699769-96x96.jpeg\",\"contentUrl\":\"https:\/\/portalnpm.com\/wp-content\/uploads\/2024\/12\/avatar_user_3_1734699769-96x96.jpeg\",\"caption\":\"Luis Alberto\"},\"description\":\"Editor-geral do Portal NPM, \u00e9 formado como T\u00e9cnico em Seguran\u00e7a do Trabalho pela Escola Metropolitana de Cursos T\u00e9cnicos. Det\u00e9m ainda licenciatura em Educa\u00e7\u00e3o F\u00edsica e bacharelado em Ci\u00eancias Pol\u00edticas, ambos obtidos pela institui\u00e7\u00e3o Anhanguera\/UNOPAR.\",\"url\":\"https:\/\/portalnpm.com\/index.php\/author\/pereira\/\"}]}<\/script>\n<!-- \/ Yoast SEO plugin. -->","yoast_head_json":{"title":"PCdoB confirma indica\u00e7\u00e3o de apoio a Rodrigo Maia para presid\u00eancia da C\u00e2mara dos Deputados - Portal NPM","robots":{"index":"index","follow":"follow","max-snippet":"max-snippet:-1","max-image-preview":"max-image-preview:large","max-video-preview":"max-video-preview:-1"},"canonical":"https:\/\/portalnpm.com\/index.php\/2019\/01\/16\/pcdob-confirma-indicacao-de-apoio-a-rodrigo-maia-para-presidencia-da-camara-dos-deputados\/","og_locale":"pt_BR","og_type":"article","og_title":"PCdoB confirma indica\u00e7\u00e3o de apoio a Rodrigo Maia para presid\u00eancia da C\u00e2mara dos Deputados - Portal NPM","og_description":"Assim como o PDT de Ciro Gomes, partido de Manuela D&#8217;\u00c1vila, mesmo enquanto oposi\u00e7\u00e3o, deve se aliar ao PSL de Bolsonaro para reeleger Rodrigo Maia (DEM-RJ) como presidente da C\u00e2mara dos Deputados; &#8220;Momento \u00e9 de fazer composi\u00e7\u00f5es pol\u00edticas que permitam nosso combate&#8221;, disse a presidenta do partido, Luciana Santos Ap\u00f3s reuni\u00e3o entre parlamentares e a &hellip;","og_url":"https:\/\/portalnpm.com\/index.php\/2019\/01\/16\/pcdob-confirma-indicacao-de-apoio-a-rodrigo-maia-para-presidencia-da-camara-dos-deputados\/","og_site_name":"Portal NPM","article_published_time":"2019-01-16T12:58:14+00:00","author":"Luis Alberto","twitter_card":"summary_large_image","twitter_misc":{"Escrito por":"Luis Alberto","Est. tempo de leitura":"2 minutos"},"schema":{"@context":"https:\/\/schema.org","@graph":[{"@type":"WebPage","@id":"https:\/\/portalnpm.com\/index.php\/2019\/01\/16\/pcdob-confirma-indicacao-de-apoio-a-rodrigo-maia-para-presidencia-da-camara-dos-deputados\/","url":"https:\/\/portalnpm.com\/index.php\/2019\/01\/16\/pcdob-confirma-indicacao-de-apoio-a-rodrigo-maia-para-presidencia-da-camara-dos-deputados\/","name":"PCdoB confirma indica\u00e7\u00e3o de apoio a Rodrigo Maia para presid\u00eancia da C\u00e2mara dos Deputados - Portal NPM","isPartOf":{"@id":"https:\/\/portalnpm.com\/#website"},"primaryImageOfPage":{"@id":"https:\/\/portalnpm.com\/index.php\/2019\/01\/16\/pcdob-confirma-indicacao-de-apoio-a-rodrigo-maia-para-presidencia-da-camara-dos-deputados\/#primaryimage"},"image":{"@id":"https:\/\/portalnpm.com\/index.php\/2019\/01\/16\/pcdob-confirma-indicacao-de-apoio-a-rodrigo-maia-para-presidencia-da-camara-dos-deputados\/#primaryimage"},"thumbnailUrl":"","datePublished":"2019-01-16T12:58:14+00:00","dateModified":"2019-01-16T12:58:14+00:00","author":{"@id":"https:\/\/portalnpm.com\/#\/schema\/person\/5c8006acdf71774cd4e7a5ab98482152"},"breadcrumb":{"@id":"https:\/\/portalnpm.com\/index.php\/2019\/01\/16\/pcdob-confirma-indicacao-de-apoio-a-rodrigo-maia-para-presidencia-da-camara-dos-deputados\/#breadcrumb"},"inLanguage":"pt-BR","potentialAction":[{"@type":"ReadAction","target":["https:\/\/portalnpm.com\/index.php\/2019\/01\/16\/pcdob-confirma-indicacao-de-apoio-a-rodrigo-maia-para-presidencia-da-camara-dos-deputados\/"]}]},{"@type":"ImageObject","inLanguage":"pt-BR","@id":"https:\/\/portalnpm.com\/index.php\/2019\/01\/16\/pcdob-confirma-indicacao-de-apoio-a-rodrigo-maia-para-presidencia-da-camara-dos-deputados\/#primaryimage","url":"","contentUrl":""},{"@type":"BreadcrumbList","@id":"https:\/\/portalnpm.com\/index.php\/2019\/01\/16\/pcdob-confirma-indicacao-de-apoio-a-rodrigo-maia-para-presidencia-da-camara-dos-deputados\/#breadcrumb","itemListElement":[{"@type":"ListItem","position":1,"name":"In\u00edcio","item":"https:\/\/portalnpm.com\/"},{"@type":"ListItem","position":2,"name":"PCdoB confirma indica\u00e7\u00e3o de apoio a Rodrigo Maia para presid\u00eancia da C\u00e2mara dos Deputados"}]},{"@type":"WebSite","@id":"https:\/\/portalnpm.com\/#website","url":"https:\/\/portalnpm.com\/","name":"Portal NPM","description":"Not\u00edcias em Primeira M\u00e3o","potentialAction":[{"@type":"SearchAction","target":{"@type":"EntryPoint","urlTemplate":"https:\/\/portalnpm.com\/?s={search_term_string}"},"query-input":"required name=search_term_string"}],"inLanguage":"pt-BR"},{"@type":"Person","@id":"https:\/\/portalnpm.com\/#\/schema\/person\/5c8006acdf71774cd4e7a5ab98482152","name":"Luis Alberto","image":{"@type":"ImageObject","inLanguage":"pt-BR","@id":"https:\/\/portalnpm.com\/#\/schema\/person\/image\/","url":"https:\/\/portalnpm.com\/wp-content\/uploads\/2024\/12\/avatar_user_3_1734699769-96x96.jpeg","contentUrl":"https:\/\/portalnpm.com\/wp-content\/uploads\/2024\/12\/avatar_user_3_1734699769-96x96.jpeg","caption":"Luis Alberto"},"description":"Editor-geral do Portal NPM, \u00e9 formado como T\u00e9cnico em Seguran\u00e7a do Trabalho pela Escola Metropolitana de Cursos T\u00e9cnicos. Det\u00e9m ainda licenciatura em Educa\u00e7\u00e3o F\u00edsica e bacharelado em Ci\u00eancias Pol\u00edticas, ambos obtidos pela institui\u00e7\u00e3o Anhanguera\/UNOPAR.","url":"https:\/\/portalnpm.com\/index.php\/author\/pereira\/"}]}},"jetpack_sharing_enabled":true,"jetpack_featured_media_url":"","_links":{"self":[{"href":"https:\/\/portalnpm.com\/index.php\/wp-json\/wp\/v2\/posts\/4922"}],"collection":[{"href":"https:\/\/portalnpm.com\/index.php\/wp-json\/wp\/v2\/posts"}],"about":[{"href":"https:\/\/portalnpm.com\/index.php\/wp-json\/wp\/v2\/types\/post"}],"author":[{"embeddable":true,"href":"https:\/\/portalnpm.com\/index.php\/wp-json\/wp\/v2\/users\/3"}],"replies":[{"embeddable":true,"href":"https:\/\/portalnpm.com\/index.php\/wp-json\/wp\/v2\/comments?post=4922"}],"version-history":[{"count":0,"href":"https:\/\/portalnpm.com\/index.php\/wp-json\/wp\/v2\/posts\/4922\/revisions"}],"wp:featuredmedia":[{"embeddable":true,"href":"https:\/\/portalnpm.com\/index.php\/wp-json\/"}],"wp:attachment":[{"href":"https:\/\/portalnpm.com\/index.php\/wp-json\/wp\/v2\/media?parent=4922"}],"wp:term":[{"taxonomy":"category","embeddable":true,"href":"https:\/\/portalnpm.com\/index.php\/wp-json\/wp\/v2\/categories?post=4922"},{"taxonomy":"post_tag","embeddable":true,"href":"https:\/\/portalnpm.com\/index.php\/wp-json\/wp\/v2\/tags?post=4922"}],"curies":[{"name":"wp","href":"https:\/\/api.w.org\/{rel}","templated":true}]}}