{"id":49288,"date":"2023-09-17T22:35:29","date_gmt":"2023-09-18T01:35:29","guid":{"rendered":"https:\/\/portalnpm.com\/?p=49288"},"modified":"2023-09-17T22:35:29","modified_gmt":"2023-09-18T01:35:29","slug":"arthur-lira-diz-que-pp-e-republicanos-sao-da-base-do-governo-lula","status":"publish","type":"post","link":"https:\/\/portalnpm.com\/index.php\/2023\/09\/17\/arthur-lira-diz-que-pp-e-republicanos-sao-da-base-do-governo-lula\/","title":{"rendered":"Arthur Lira diz que PP e Republicanos s\u00e3o da base do governo Lula"},"content":{"rendered":"<p style=\"text-align: justify;\">O presidente da C\u00e2mara dos Deputados, Arthur Lira (foto), disse \u00e0 Folha que as bancadas do PP e do Republicanos agora fazem parte da base de apoio do governo Lula.<\/p>\n<p style=\"text-align: justify;\">Na entrevista, ele tamb\u00e9m confirmou que a Caixa est\u00e1 nas negocia\u00e7\u00f5es com a gest\u00e3o petista e reconheceu que as nomea\u00e7\u00f5es passar\u00e3o por ele.<\/p>\n<p style=\"text-align: justify;\">\u201cH\u00e1 uma aproxima\u00e7\u00e3o de partidos de centro que n\u00e3o faziam parte da base do governo para essa ades\u00e3o. \u00c9 claro que, quando um partido indica um ministro que era l\u00edder de um partido na C\u00e2mara [Caso de Andr\u00e9 Fufuca], a tend\u00eancia natural \u00e9 que esse partido passe a ser base de apoio ao governo na C\u00e2mara dos Deputados, como Republicanos, como outros partidos\u201d, disse.<\/p>\n<p style=\"text-align: justify;\">Silvio Costa Filho, do Republicanos, e Andr\u00e9 Fufuca, do PP, foram acomodados nas pastas de Portos e Aeroportos e Esporte, respectivamente.<\/p>\n<p style=\"text-align: justify;\">Sobre as indica\u00e7\u00f5es na Caixa, ele afirmou:<\/p>\n<p style=\"text-align: justify;\">\u201cAli as coisas t\u00eam que ser tratadas com muita transpar\u00eancia e v\u00e3o ser tratadas com muita clareza. E v\u00e3o ter, claro, indica\u00e7\u00f5es pol\u00edticas que n\u00e3o ser\u00e3o criminalizadas por isso. A turma ter\u00e1 responsabilidade. A exonera\u00e7\u00e3o \u00e9 o primeiro convite para quem n\u00e3o andar corretamente.\u201d<\/p>\n<p style=\"text-align: justify;\"><strong><em>Fonte: O Antagonista<\/em><\/strong><\/p>\n","protected":false},"excerpt":{"rendered":"<p>O presidente da C\u00e2mara dos Deputados, Arthur Lira (foto), disse \u00e0 Folha que as bancadas do PP e do Republicanos agora fazem parte da base de apoio do governo Lula. Na entrevista, ele tamb\u00e9m confirmou que a Caixa est\u00e1 nas negocia\u00e7\u00f5es com a gest\u00e3o petista e reconheceu que as nomea\u00e7\u00f5es passar\u00e3o por ele. \u201cH\u00e1 uma &hellip;<\/p>\n","protected":false},"author":3,"featured_media":49291,"comment_status":"open","ping_status":"open","sticky":false,"template":"","format":"standard","meta":{"content-type":"","rop_custom_images_group":[],"rop_custom_messages_group":[],"rop_publish_now":"initial","rop_publish_now_accounts":{"facebook_2648258775420054_1618374048415101":""},"rop_publish_now_history":[],"rop_publish_now_status":"pending","footnotes":"","_jetpack_memberships_contains_paid_content":false},"categories":[113,130],"tags":[576,8789,536],"yoast_head":"<!-- This site is optimized with the Yoast SEO plugin v22.3 - https:\/\/yoast.com\/wordpress\/plugins\/seo\/ -->\n<title>Arthur Lira diz que PP e Republicanos s\u00e3o da base do governo Lula - Portal NPM<\/title>\n<meta name=\"robots\" content=\"index, follow, max-snippet:-1, max-image-preview:large, max-video-preview:-1\" \/>\n<link rel=\"canonical\" href=\"https:\/\/portalnpm.com\/index.php\/2023\/09\/17\/arthur-lira-diz-que-pp-e-republicanos-sao-da-base-do-governo-lula\/\" \/>\n<meta property=\"og:locale\" content=\"pt_BR\" \/>\n<meta property=\"og:type\" content=\"article\" \/>\n<meta property=\"og:title\" content=\"Arthur Lira diz que PP e Republicanos s\u00e3o da base do governo Lula - Portal NPM\" \/>\n<meta property=\"og:description\" content=\"O presidente da C\u00e2mara dos Deputados, Arthur Lira (foto), disse \u00e0 Folha que as bancadas do PP e do Republicanos agora fazem parte da base de apoio do governo Lula. Na entrevista, ele tamb\u00e9m confirmou que a Caixa est\u00e1 nas negocia\u00e7\u00f5es com a gest\u00e3o petista e reconheceu que as nomea\u00e7\u00f5es passar\u00e3o por ele. \u201cH\u00e1 uma &hellip;\" \/>\n<meta property=\"og:url\" content=\"https:\/\/portalnpm.com\/index.php\/2023\/09\/17\/arthur-lira-diz-que-pp-e-republicanos-sao-da-base-do-governo-lula\/\" \/>\n<meta property=\"og:site_name\" content=\"Portal NPM\" \/>\n<meta property=\"article:published_time\" content=\"2023-09-18T01:35:29+00:00\" \/>\n<meta name=\"author\" content=\"Luis Alberto\" \/>\n<meta name=\"twitter:card\" content=\"summary_large_image\" \/>\n<meta name=\"twitter:label1\" content=\"Escrito por\" \/>\n\t<meta name=\"twitter:data1\" content=\"Luis Alberto\" \/>\n\t<meta name=\"twitter:label2\" content=\"Est. tempo de leitura\" \/>\n\t<meta name=\"twitter:data2\" content=\"2 minutos\" \/>\n<script type=\"application\/ld+json\" class=\"yoast-schema-graph\">{\"@context\":\"https:\/\/schema.org\",\"@graph\":[{\"@type\":\"WebPage\",\"@id\":\"https:\/\/portalnpm.com\/index.php\/2023\/09\/17\/arthur-lira-diz-que-pp-e-republicanos-sao-da-base-do-governo-lula\/\",\"url\":\"https:\/\/portalnpm.com\/index.php\/2023\/09\/17\/arthur-lira-diz-que-pp-e-republicanos-sao-da-base-do-governo-lula\/\",\"name\":\"Arthur Lira diz que PP e Republicanos s\u00e3o da base do governo Lula - Portal NPM\",\"isPartOf\":{\"@id\":\"https:\/\/portalnpm.com\/#website\"},\"primaryImageOfPage\":{\"@id\":\"https:\/\/portalnpm.com\/index.php\/2023\/09\/17\/arthur-lira-diz-que-pp-e-republicanos-sao-da-base-do-governo-lula\/#primaryimage\"},\"image\":{\"@id\":\"https:\/\/portalnpm.com\/index.php\/2023\/09\/17\/arthur-lira-diz-que-pp-e-republicanos-sao-da-base-do-governo-lula\/#primaryimage\"},\"thumbnailUrl\":\"\",\"datePublished\":\"2023-09-18T01:35:29+00:00\",\"dateModified\":\"2023-09-18T01:35:29+00:00\",\"author\":{\"@id\":\"https:\/\/portalnpm.com\/#\/schema\/person\/5c8006acdf71774cd4e7a5ab98482152\"},\"breadcrumb\":{\"@id\":\"https:\/\/portalnpm.com\/index.php\/2023\/09\/17\/arthur-lira-diz-que-pp-e-republicanos-sao-da-base-do-governo-lula\/#breadcrumb\"},\"inLanguage\":\"pt-BR\",\"potentialAction\":[{\"@type\":\"ReadAction\",\"target\":[\"https:\/\/portalnpm.com\/index.php\/2023\/09\/17\/arthur-lira-diz-que-pp-e-republicanos-sao-da-base-do-governo-lula\/\"]}]},{\"@type\":\"ImageObject\",\"inLanguage\":\"pt-BR\",\"@id\":\"https:\/\/portalnpm.com\/index.php\/2023\/09\/17\/arthur-lira-diz-que-pp-e-republicanos-sao-da-base-do-governo-lula\/#primaryimage\",\"url\":\"\",\"contentUrl\":\"\"},{\"@type\":\"BreadcrumbList\",\"@id\":\"https:\/\/portalnpm.com\/index.php\/2023\/09\/17\/arthur-lira-diz-que-pp-e-republicanos-sao-da-base-do-governo-lula\/#breadcrumb\",\"itemListElement\":[{\"@type\":\"ListItem\",\"position\":1,\"name\":\"In\u00edcio\",\"item\":\"https:\/\/portalnpm.com\/\"},{\"@type\":\"ListItem\",\"position\":2,\"name\":\"Arthur Lira diz que PP e Republicanos s\u00e3o da base do governo Lula\"}]},{\"@type\":\"WebSite\",\"@id\":\"https:\/\/portalnpm.com\/#website\",\"url\":\"https:\/\/portalnpm.com\/\",\"name\":\"Portal NPM\",\"description\":\"Not\u00edcias em Primeira M\u00e3o\",\"potentialAction\":[{\"@type\":\"SearchAction\",\"target\":{\"@type\":\"EntryPoint\",\"urlTemplate\":\"https:\/\/portalnpm.com\/?s={search_term_string}\"},\"query-input\":\"required name=search_term_string\"}],\"inLanguage\":\"pt-BR\"},{\"@type\":\"Person\",\"@id\":\"https:\/\/portalnpm.com\/#\/schema\/person\/5c8006acdf71774cd4e7a5ab98482152\",\"name\":\"Luis Alberto\",\"image\":{\"@type\":\"ImageObject\",\"inLanguage\":\"pt-BR\",\"@id\":\"https:\/\/portalnpm.com\/#\/schema\/person\/image\/\",\"url\":\"https:\/\/portalnpm.com\/wp-content\/uploads\/2024\/12\/avatar_user_3_1734699769-96x96.jpeg\",\"contentUrl\":\"https:\/\/portalnpm.com\/wp-content\/uploads\/2024\/12\/avatar_user_3_1734699769-96x96.jpeg\",\"caption\":\"Luis Alberto\"},\"description\":\"Editor-geral do Portal NPM, \u00e9 formado como T\u00e9cnico em Seguran\u00e7a do Trabalho pela Escola Metropolitana de Cursos T\u00e9cnicos. Det\u00e9m ainda licenciatura em Educa\u00e7\u00e3o F\u00edsica e bacharelado em Ci\u00eancias Pol\u00edticas, ambos obtidos pela institui\u00e7\u00e3o Anhanguera\/UNOPAR.\",\"url\":\"https:\/\/portalnpm.com\/index.php\/author\/pereira\/\"}]}<\/script>\n<!-- \/ Yoast SEO plugin. -->","yoast_head_json":{"title":"Arthur Lira diz que PP e Republicanos s\u00e3o da base do governo Lula - Portal NPM","robots":{"index":"index","follow":"follow","max-snippet":"max-snippet:-1","max-image-preview":"max-image-preview:large","max-video-preview":"max-video-preview:-1"},"canonical":"https:\/\/portalnpm.com\/index.php\/2023\/09\/17\/arthur-lira-diz-que-pp-e-republicanos-sao-da-base-do-governo-lula\/","og_locale":"pt_BR","og_type":"article","og_title":"Arthur Lira diz que PP e Republicanos s\u00e3o da base do governo Lula - Portal NPM","og_description":"O presidente da C\u00e2mara dos Deputados, Arthur Lira (foto), disse \u00e0 Folha que as bancadas do PP e do Republicanos agora fazem parte da base de apoio do governo Lula. Na entrevista, ele tamb\u00e9m confirmou que a Caixa est\u00e1 nas negocia\u00e7\u00f5es com a gest\u00e3o petista e reconheceu que as nomea\u00e7\u00f5es passar\u00e3o por ele. \u201cH\u00e1 uma &hellip;","og_url":"https:\/\/portalnpm.com\/index.php\/2023\/09\/17\/arthur-lira-diz-que-pp-e-republicanos-sao-da-base-do-governo-lula\/","og_site_name":"Portal NPM","article_published_time":"2023-09-18T01:35:29+00:00","author":"Luis Alberto","twitter_card":"summary_large_image","twitter_misc":{"Escrito por":"Luis Alberto","Est. tempo de leitura":"2 minutos"},"schema":{"@context":"https:\/\/schema.org","@graph":[{"@type":"WebPage","@id":"https:\/\/portalnpm.com\/index.php\/2023\/09\/17\/arthur-lira-diz-que-pp-e-republicanos-sao-da-base-do-governo-lula\/","url":"https:\/\/portalnpm.com\/index.php\/2023\/09\/17\/arthur-lira-diz-que-pp-e-republicanos-sao-da-base-do-governo-lula\/","name":"Arthur Lira diz que PP e Republicanos s\u00e3o da base do governo Lula - Portal NPM","isPartOf":{"@id":"https:\/\/portalnpm.com\/#website"},"primaryImageOfPage":{"@id":"https:\/\/portalnpm.com\/index.php\/2023\/09\/17\/arthur-lira-diz-que-pp-e-republicanos-sao-da-base-do-governo-lula\/#primaryimage"},"image":{"@id":"https:\/\/portalnpm.com\/index.php\/2023\/09\/17\/arthur-lira-diz-que-pp-e-republicanos-sao-da-base-do-governo-lula\/#primaryimage"},"thumbnailUrl":"","datePublished":"2023-09-18T01:35:29+00:00","dateModified":"2023-09-18T01:35:29+00:00","author":{"@id":"https:\/\/portalnpm.com\/#\/schema\/person\/5c8006acdf71774cd4e7a5ab98482152"},"breadcrumb":{"@id":"https:\/\/portalnpm.com\/index.php\/2023\/09\/17\/arthur-lira-diz-que-pp-e-republicanos-sao-da-base-do-governo-lula\/#breadcrumb"},"inLanguage":"pt-BR","potentialAction":[{"@type":"ReadAction","target":["https:\/\/portalnpm.com\/index.php\/2023\/09\/17\/arthur-lira-diz-que-pp-e-republicanos-sao-da-base-do-governo-lula\/"]}]},{"@type":"ImageObject","inLanguage":"pt-BR","@id":"https:\/\/portalnpm.com\/index.php\/2023\/09\/17\/arthur-lira-diz-que-pp-e-republicanos-sao-da-base-do-governo-lula\/#primaryimage","url":"","contentUrl":""},{"@type":"BreadcrumbList","@id":"https:\/\/portalnpm.com\/index.php\/2023\/09\/17\/arthur-lira-diz-que-pp-e-republicanos-sao-da-base-do-governo-lula\/#breadcrumb","itemListElement":[{"@type":"ListItem","position":1,"name":"In\u00edcio","item":"https:\/\/portalnpm.com\/"},{"@type":"ListItem","position":2,"name":"Arthur Lira diz que PP e Republicanos s\u00e3o da base do governo Lula"}]},{"@type":"WebSite","@id":"https:\/\/portalnpm.com\/#website","url":"https:\/\/portalnpm.com\/","name":"Portal NPM","description":"Not\u00edcias em Primeira M\u00e3o","potentialAction":[{"@type":"SearchAction","target":{"@type":"EntryPoint","urlTemplate":"https:\/\/portalnpm.com\/?s={search_term_string}"},"query-input":"required name=search_term_string"}],"inLanguage":"pt-BR"},{"@type":"Person","@id":"https:\/\/portalnpm.com\/#\/schema\/person\/5c8006acdf71774cd4e7a5ab98482152","name":"Luis Alberto","image":{"@type":"ImageObject","inLanguage":"pt-BR","@id":"https:\/\/portalnpm.com\/#\/schema\/person\/image\/","url":"https:\/\/portalnpm.com\/wp-content\/uploads\/2024\/12\/avatar_user_3_1734699769-96x96.jpeg","contentUrl":"https:\/\/portalnpm.com\/wp-content\/uploads\/2024\/12\/avatar_user_3_1734699769-96x96.jpeg","caption":"Luis Alberto"},"description":"Editor-geral do Portal NPM, \u00e9 formado como T\u00e9cnico em Seguran\u00e7a do Trabalho pela Escola Metropolitana de Cursos T\u00e9cnicos. Det\u00e9m ainda licenciatura em Educa\u00e7\u00e3o F\u00edsica e bacharelado em Ci\u00eancias Pol\u00edticas, ambos obtidos pela institui\u00e7\u00e3o Anhanguera\/UNOPAR.","url":"https:\/\/portalnpm.com\/index.php\/author\/pereira\/"}]}},"jetpack_sharing_enabled":true,"jetpack_featured_media_url":"","_links":{"self":[{"href":"https:\/\/portalnpm.com\/index.php\/wp-json\/wp\/v2\/posts\/49288"}],"collection":[{"href":"https:\/\/portalnpm.com\/index.php\/wp-json\/wp\/v2\/posts"}],"about":[{"href":"https:\/\/portalnpm.com\/index.php\/wp-json\/wp\/v2\/types\/post"}],"author":[{"embeddable":true,"href":"https:\/\/portalnpm.com\/index.php\/wp-json\/wp\/v2\/users\/3"}],"replies":[{"embeddable":true,"href":"https:\/\/portalnpm.com\/index.php\/wp-json\/wp\/v2\/comments?post=49288"}],"version-history":[{"count":0,"href":"https:\/\/portalnpm.com\/index.php\/wp-json\/wp\/v2\/posts\/49288\/revisions"}],"wp:featuredmedia":[{"embeddable":true,"href":"https:\/\/portalnpm.com\/index.php\/wp-json\/"}],"wp:attachment":[{"href":"https:\/\/portalnpm.com\/index.php\/wp-json\/wp\/v2\/media?parent=49288"}],"wp:term":[{"taxonomy":"category","embeddable":true,"href":"https:\/\/portalnpm.com\/index.php\/wp-json\/wp\/v2\/categories?post=49288"},{"taxonomy":"post_tag","embeddable":true,"href":"https:\/\/portalnpm.com\/index.php\/wp-json\/wp\/v2\/tags?post=49288"}],"curies":[{"name":"wp","href":"https:\/\/api.w.org\/{rel}","templated":true}]}}