{"id":49325,"date":"2023-09-24T13:30:20","date_gmt":"2023-09-24T16:30:20","guid":{"rendered":"https:\/\/portalnpm.com\/?p=49325"},"modified":"2023-09-24T13:30:20","modified_gmt":"2023-09-24T16:30:20","slug":"belem-vence-paulistana-por-2-x-1-em-jogo-de-ida-das-quartas-de-finais-da-ii-copa-amvi","status":"publish","type":"post","link":"https:\/\/portalnpm.com\/index.php\/2023\/09\/24\/belem-vence-paulistana-por-2-x-1-em-jogo-de-ida-das-quartas-de-finais-da-ii-copa-amvi\/","title":{"rendered":"Bel\u00e9m vence Paulistana por 2 \u00d7 1 em jogo de ida das quartas de finais da II Copa AMVI"},"content":{"rendered":"<div id=\"tdi_81\" class=\"tdc-row stretch_row_1200 td-stretch-content\">\n<div class=\"vc_row tdi_82  wpb_row td-pb-row\">\n<div class=\"vc_column tdi_84  wpb_column vc_column_container tdc-column td-pb-span12\">\n<div class=\"wpb_wrapper\">\n<div class=\"td_block_wrap tdb_title tdi_85 tdb-single-title td-pb-border-top td_block_template_1\" data-td-block-uid=\"tdi_85\">\n<div class=\"tdb-block-inner td-fix-index\">\n<h1 class=\"tdb-title-text\" style=\"text-align: justify;\"><\/h1>\n<\/div>\n<\/div>\n<\/div>\n<\/div>\n<\/div>\n<\/div>\n<div id=\"tdi_109\" class=\"tdc-row\">\n<div class=\"vc_row tdi_110  wpb_row td-pb-row\">\n<div class=\"vc_column tdi_112  wpb_column vc_column_container tdc-column td-pb-span8\">\n<div class=\"wpb_wrapper\">\n<div class=\"td_block_wrap tdb_single_content tdi_115 td-pb-border-top td_block_template_1 td-post-content tagdiv-type\" style=\"text-align: justify;\" data-td-block-uid=\"tdi_115\">\n<div class=\"tdb-block-inner td-fix-index\">\n<p>A II Copa AMVI, o torneio de futebol mais emocionante da regi\u00e3o, est\u00e1 se aproximando de sua fase final, proporcionando partidas empolgantes e agitando os finais de semana dos apaixonados torcedores. No \u00faltimo s\u00e1bado, 23 de setembro, o est\u00e1dio Malhad\u00e3o, localizado em Bel\u00e9m do Piau\u00ed, foi o cen\u00e1rio de um confronto eletrizante entre a sele\u00e7\u00e3o local e a equipe de Paulistana, em um jogo v\u00e1lido pelas quartas de final. O embate prometia fortes emo\u00e7\u00f5es e n\u00e3o decepcionou.<\/p>\n<p><strong>Resumo da partida<\/strong><\/p>\n<p>No primeiro jogo deste confronto de 180 minutos, a sele\u00e7\u00e3o de Bel\u00e9m entrou em campo determinada a fazer um bom resultado. A equipe da casa tomou a iniciativa da partida e, nos primeiros minutos, abriu o placar com um gol marcado pelo atacante Vandinho. O jogo seguiu din\u00e2mico, com ambas as equipes criando oportunidades de gol.<\/p>\n<p><img fetchpriority=\"high\" decoding=\"async\" class=\"alignnone wp-image-435636 size-full lazyloaded\" src=\"https:\/\/infonewss.com\/wp-content\/uploads\/2023\/09\/Belem-vence-Paulistana-por-2-%C3%97-1-em-jogo-de-ida-das-quartas-de-finais-da-II-Copa-AMVI-IMG_1745.jpg\" sizes=\"(max-width: 900px) 100vw, 900px\" srcset=\"https:\/\/infonewss.com\/wp-content\/uploads\/2023\/09\/Belem-vence-Paulistana-por-2-\u00d7-1-em-jogo-de-ida-das-quartas-de-finais-da-II-Copa-AMVI-IMG_1745.jpg 900w, https:\/\/infonewss.com\/wp-content\/uploads\/2023\/09\/Belem-vence-Paulistana-por-2-\u00d7-1-em-jogo-de-ida-das-quartas-de-finais-da-II-Copa-AMVI-IMG_1745-300x200.jpg 300w, https:\/\/infonewss.com\/wp-content\/uploads\/2023\/09\/Belem-vence-Paulistana-por-2-\u00d7-1-em-jogo-de-ida-das-quartas-de-finais-da-II-Copa-AMVI-IMG_1745-768x512.jpg 768w, https:\/\/infonewss.com\/wp-content\/uploads\/2023\/09\/Belem-vence-Paulistana-por-2-\u00d7-1-em-jogo-de-ida-das-quartas-de-finais-da-II-Copa-AMVI-IMG_1745-150x100.jpg 150w, https:\/\/infonewss.com\/wp-content\/uploads\/2023\/09\/Belem-vence-Paulistana-por-2-\u00d7-1-em-jogo-de-ida-das-quartas-de-finais-da-II-Copa-AMVI-IMG_1745-696x464.jpg 696w\" alt=\"\" width=\"900\" height=\"600\" data-srcset=\"https:\/\/infonewss.com\/wp-content\/uploads\/2023\/09\/Belem-vence-Paulistana-por-2-\u00d7-1-em-jogo-de-ida-das-quartas-de-finais-da-II-Copa-AMVI-IMG_1745.jpg 900w, https:\/\/infonewss.com\/wp-content\/uploads\/2023\/09\/Belem-vence-Paulistana-por-2-\u00d7-1-em-jogo-de-ida-das-quartas-de-finais-da-II-Copa-AMVI-IMG_1745-300x200.jpg 300w, https:\/\/infonewss.com\/wp-content\/uploads\/2023\/09\/Belem-vence-Paulistana-por-2-\u00d7-1-em-jogo-de-ida-das-quartas-de-finais-da-II-Copa-AMVI-IMG_1745-768x512.jpg 768w, https:\/\/infonewss.com\/wp-content\/uploads\/2023\/09\/Belem-vence-Paulistana-por-2-\u00d7-1-em-jogo-de-ida-das-quartas-de-finais-da-II-Copa-AMVI-IMG_1745-150x100.jpg 150w, https:\/\/infonewss.com\/wp-content\/uploads\/2023\/09\/Belem-vence-Paulistana-por-2-\u00d7-1-em-jogo-de-ida-das-quartas-de-finais-da-II-Copa-AMVI-IMG_1745-696x464.jpg 696w\" data-src=\"https:\/\/infonewss.com\/wp-content\/uploads\/2023\/09\/Belem-vence-Paulistana-por-2-\u00d7-1-em-jogo-de-ida-das-quartas-de-finais-da-II-Copa-AMVI-IMG_1745.jpg\" data-sizes=\"(max-width: 900px) 100vw, 900px\" \/><\/p>\n<p>No segundo tempo, o treinador de Bel\u00e9m tomou decis\u00f5es estrat\u00e9gicas trazendo pe\u00e7as importantes, incluindo o artilheiro da sele\u00e7\u00e3o, Elber Gol. Mais uma vez, Elber fez a diferen\u00e7a e contribuiu para a equipe.<\/p>\n<p>A sele\u00e7\u00e3o de Paulistana conseguiu empatar o jogo com o atacante Ramon Moura, mas Bel\u00e9m n\u00e3o se abalou com o gol sofrido. A equipe partiu em busca da vit\u00f3ria e conseguiu marcar o segundo gol, com Elber, definindo o placar em 2 \u00d7 1 a favor de Bel\u00e9m.<\/p>\n<p><img decoding=\"async\" class=\"alignnone wp-image-435641 size-full lazyloaded\" src=\"https:\/\/infonewss.com\/wp-content\/uploads\/2023\/09\/Belem-vence-Paulistana-por-2-%C3%97-1-em-jogo-de-ida-das-quartas-de-finais-da-II-Copa-AMVI-IMG_1753.jpg\" sizes=\"(max-width: 900px) 100vw, 900px\" srcset=\"https:\/\/infonewss.com\/wp-content\/uploads\/2023\/09\/Belem-vence-Paulistana-por-2-\u00d7-1-em-jogo-de-ida-das-quartas-de-finais-da-II-Copa-AMVI-IMG_1753.jpg 900w, https:\/\/infonewss.com\/wp-content\/uploads\/2023\/09\/Belem-vence-Paulistana-por-2-\u00d7-1-em-jogo-de-ida-das-quartas-de-finais-da-II-Copa-AMVI-IMG_1753-300x200.jpg 300w, https:\/\/infonewss.com\/wp-content\/uploads\/2023\/09\/Belem-vence-Paulistana-por-2-\u00d7-1-em-jogo-de-ida-das-quartas-de-finais-da-II-Copa-AMVI-IMG_1753-768x512.jpg 768w, https:\/\/infonewss.com\/wp-content\/uploads\/2023\/09\/Belem-vence-Paulistana-por-2-\u00d7-1-em-jogo-de-ida-das-quartas-de-finais-da-II-Copa-AMVI-IMG_1753-150x100.jpg 150w, https:\/\/infonewss.com\/wp-content\/uploads\/2023\/09\/Belem-vence-Paulistana-por-2-\u00d7-1-em-jogo-de-ida-das-quartas-de-finais-da-II-Copa-AMVI-IMG_1753-696x464.jpg 696w\" alt=\"\" width=\"900\" height=\"600\" data-srcset=\"https:\/\/infonewss.com\/wp-content\/uploads\/2023\/09\/Belem-vence-Paulistana-por-2-\u00d7-1-em-jogo-de-ida-das-quartas-de-finais-da-II-Copa-AMVI-IMG_1753.jpg 900w, https:\/\/infonewss.com\/wp-content\/uploads\/2023\/09\/Belem-vence-Paulistana-por-2-\u00d7-1-em-jogo-de-ida-das-quartas-de-finais-da-II-Copa-AMVI-IMG_1753-300x200.jpg 300w, https:\/\/infonewss.com\/wp-content\/uploads\/2023\/09\/Belem-vence-Paulistana-por-2-\u00d7-1-em-jogo-de-ida-das-quartas-de-finais-da-II-Copa-AMVI-IMG_1753-768x512.jpg 768w, https:\/\/infonewss.com\/wp-content\/uploads\/2023\/09\/Belem-vence-Paulistana-por-2-\u00d7-1-em-jogo-de-ida-das-quartas-de-finais-da-II-Copa-AMVI-IMG_1753-150x100.jpg 150w, https:\/\/infonewss.com\/wp-content\/uploads\/2023\/09\/Belem-vence-Paulistana-por-2-\u00d7-1-em-jogo-de-ida-das-quartas-de-finais-da-II-Copa-AMVI-IMG_1753-696x464.jpg 696w\" data-src=\"https:\/\/infonewss.com\/wp-content\/uploads\/2023\/09\/Belem-vence-Paulistana-por-2-\u00d7-1-em-jogo-de-ida-das-quartas-de-finais-da-II-Copa-AMVI-IMG_1753.jpg\" data-sizes=\"(max-width: 900px) 100vw, 900px\" \/><\/p>\n<p>Com essa vit\u00f3ria, a sele\u00e7\u00e3o de Bel\u00e9m leva uma vantagem de um gol de diferen\u00e7a para o pr\u00f3ximo confronto. Paulistana, por sua vez, ter\u00e1 a oportunidade de buscar a classifica\u00e7\u00e3o em casa. O pr\u00f3ximo jogo est\u00e1 marcado para o s\u00e1bado, 30 de setembro, no est\u00e1dio municipal Evald\u00e3o, em Paulistana, prometendo mais emo\u00e7\u00f5es para os torcedores.<\/p>\n<p><strong>Grande presen\u00e7a de p\u00fablico e autoridades<\/strong><\/p>\n<p>O jogo atraiu uma grande quantidade de torcedores, que lotaram as arquibancadas do est\u00e1dio Malhad\u00e3o para acompanhar o espet\u00e1culo. Al\u00e9m dos apaixonados pelo futebol, a partida contou com a presen\u00e7a de importantes autoridades locais, incluindo o vice-prefeito, Francisco Reis (Tico), e vereadores de ambos os munic\u00edpios. Secret\u00e1rios municipais, l\u00edderes pol\u00edticos e diversas personalidades locais tamb\u00e9m prestigiaram o evento, fortalecendo ainda mais a conex\u00e3o entre a comunidade e o esporte.<\/p>\n<div id=\"gallery-1\" class=\"gallery galleryid-435530 gallery-columns-2 gallery-size-medium\">\n<figure class=\"gallery-item\">\n<div class=\"gallery-icon landscape\"><a href=\"https:\/\/infonewss.com\/wp-content\/uploads\/2023\/09\/Belem-vence-Paulistana-por-2-%C3%97-1-em-jogo-de-ida-das-quartas-de-finais-da-II-Copa-AMVI-IMG_1954.jpg\"><img decoding=\"async\" class=\"attachment-medium size-medium lazyloaded\" src=\"https:\/\/infonewss.com\/wp-content\/uploads\/2023\/09\/Belem-vence-Paulistana-por-2-%C3%97-1-em-jogo-de-ida-das-quartas-de-finais-da-II-Copa-AMVI-IMG_1954-300x200.jpg\" sizes=\"(max-width: 300px) 100vw, 300px\" srcset=\"https:\/\/infonewss.com\/wp-content\/uploads\/2023\/09\/Belem-vence-Paulistana-por-2-\u00d7-1-em-jogo-de-ida-das-quartas-de-finais-da-II-Copa-AMVI-IMG_1954-300x200.jpg 300w, https:\/\/infonewss.com\/wp-content\/uploads\/2023\/09\/Belem-vence-Paulistana-por-2-\u00d7-1-em-jogo-de-ida-das-quartas-de-finais-da-II-Copa-AMVI-IMG_1954-768x512.jpg 768w, https:\/\/infonewss.com\/wp-content\/uploads\/2023\/09\/Belem-vence-Paulistana-por-2-\u00d7-1-em-jogo-de-ida-das-quartas-de-finais-da-II-Copa-AMVI-IMG_1954-150x100.jpg 150w, https:\/\/infonewss.com\/wp-content\/uploads\/2023\/09\/Belem-vence-Paulistana-por-2-\u00d7-1-em-jogo-de-ida-das-quartas-de-finais-da-II-Copa-AMVI-IMG_1954-696x464.jpg 696w, https:\/\/infonewss.com\/wp-content\/uploads\/2023\/09\/Belem-vence-Paulistana-por-2-\u00d7-1-em-jogo-de-ida-das-quartas-de-finais-da-II-Copa-AMVI-IMG_1954.jpg 900w\" alt=\"\" width=\"300\" height=\"200\" data-srcset=\"https:\/\/infonewss.com\/wp-content\/uploads\/2023\/09\/Belem-vence-Paulistana-por-2-\u00d7-1-em-jogo-de-ida-das-quartas-de-finais-da-II-Copa-AMVI-IMG_1954-300x200.jpg 300w, https:\/\/infonewss.com\/wp-content\/uploads\/2023\/09\/Belem-vence-Paulistana-por-2-\u00d7-1-em-jogo-de-ida-das-quartas-de-finais-da-II-Copa-AMVI-IMG_1954-768x512.jpg 768w, https:\/\/infonewss.com\/wp-content\/uploads\/2023\/09\/Belem-vence-Paulistana-por-2-\u00d7-1-em-jogo-de-ida-das-quartas-de-finais-da-II-Copa-AMVI-IMG_1954-150x100.jpg 150w, https:\/\/infonewss.com\/wp-content\/uploads\/2023\/09\/Belem-vence-Paulistana-por-2-\u00d7-1-em-jogo-de-ida-das-quartas-de-finais-da-II-Copa-AMVI-IMG_1954-696x464.jpg 696w, https:\/\/infonewss.com\/wp-content\/uploads\/2023\/09\/Belem-vence-Paulistana-por-2-\u00d7-1-em-jogo-de-ida-das-quartas-de-finais-da-II-Copa-AMVI-IMG_1954.jpg 900w\" data-src=\"https:\/\/infonewss.com\/wp-content\/uploads\/2023\/09\/Belem-vence-Paulistana-por-2-\u00d7-1-em-jogo-de-ida-das-quartas-de-finais-da-II-Copa-AMVI-IMG_1954-300x200.jpg\" data-sizes=\"(max-width: 300px) 100vw, 300px\" \/><\/a><\/div>\n<\/figure>\n<figure class=\"gallery-item\">\n<div class=\"gallery-icon landscape\"><a href=\"https:\/\/infonewss.com\/wp-content\/uploads\/2023\/09\/Belem-vence-Paulistana-por-2-%C3%97-1-em-jogo-de-ida-das-quartas-de-finais-da-II-Copa-AMVI-c74e941c-a316-4427-9172-57fd9725240f.jpg\"><img loading=\"lazy\" decoding=\"async\" class=\"attachment-medium size-medium lazyloaded\" src=\"https:\/\/infonewss.com\/wp-content\/uploads\/2023\/09\/Belem-vence-Paulistana-por-2-%C3%97-1-em-jogo-de-ida-das-quartas-de-finais-da-II-Copa-AMVI-c74e941c-a316-4427-9172-57fd9725240f-300x225.jpg\" sizes=\"(max-width: 300px) 100vw, 300px\" srcset=\"https:\/\/infonewss.com\/wp-content\/uploads\/2023\/09\/Belem-vence-Paulistana-por-2-\u00d7-1-em-jogo-de-ida-das-quartas-de-finais-da-II-Copa-AMVI-c74e941c-a316-4427-9172-57fd9725240f-300x225.jpg 300w, https:\/\/infonewss.com\/wp-content\/uploads\/2023\/09\/Belem-vence-Paulistana-por-2-\u00d7-1-em-jogo-de-ida-das-quartas-de-finais-da-II-Copa-AMVI-c74e941c-a316-4427-9172-57fd9725240f-768x576.jpg 768w, https:\/\/infonewss.com\/wp-content\/uploads\/2023\/09\/Belem-vence-Paulistana-por-2-\u00d7-1-em-jogo-de-ida-das-quartas-de-finais-da-II-Copa-AMVI-c74e941c-a316-4427-9172-57fd9725240f-150x113.jpg 150w, https:\/\/infonewss.com\/wp-content\/uploads\/2023\/09\/Belem-vence-Paulistana-por-2-\u00d7-1-em-jogo-de-ida-das-quartas-de-finais-da-II-Copa-AMVI-c74e941c-a316-4427-9172-57fd9725240f-696x522.jpg 696w, https:\/\/infonewss.com\/wp-content\/uploads\/2023\/09\/Belem-vence-Paulistana-por-2-\u00d7-1-em-jogo-de-ida-das-quartas-de-finais-da-II-Copa-AMVI-c74e941c-a316-4427-9172-57fd9725240f.jpg 900w\" alt=\"\" width=\"300\" height=\"225\" data-srcset=\"https:\/\/infonewss.com\/wp-content\/uploads\/2023\/09\/Belem-vence-Paulistana-por-2-\u00d7-1-em-jogo-de-ida-das-quartas-de-finais-da-II-Copa-AMVI-c74e941c-a316-4427-9172-57fd9725240f-300x225.jpg 300w, https:\/\/infonewss.com\/wp-content\/uploads\/2023\/09\/Belem-vence-Paulistana-por-2-\u00d7-1-em-jogo-de-ida-das-quartas-de-finais-da-II-Copa-AMVI-c74e941c-a316-4427-9172-57fd9725240f-768x576.jpg 768w, https:\/\/infonewss.com\/wp-content\/uploads\/2023\/09\/Belem-vence-Paulistana-por-2-\u00d7-1-em-jogo-de-ida-das-quartas-de-finais-da-II-Copa-AMVI-c74e941c-a316-4427-9172-57fd9725240f-150x113.jpg 150w, https:\/\/infonewss.com\/wp-content\/uploads\/2023\/09\/Belem-vence-Paulistana-por-2-\u00d7-1-em-jogo-de-ida-das-quartas-de-finais-da-II-Copa-AMVI-c74e941c-a316-4427-9172-57fd9725240f-696x522.jpg 696w, https:\/\/infonewss.com\/wp-content\/uploads\/2023\/09\/Belem-vence-Paulistana-por-2-\u00d7-1-em-jogo-de-ida-das-quartas-de-finais-da-II-Copa-AMVI-c74e941c-a316-4427-9172-57fd9725240f.jpg 900w\" data-src=\"https:\/\/infonewss.com\/wp-content\/uploads\/2023\/09\/Belem-vence-Paulistana-por-2-\u00d7-1-em-jogo-de-ida-das-quartas-de-finais-da-II-Copa-AMVI-c74e941c-a316-4427-9172-57fd9725240f-300x225.jpg\" data-sizes=\"(max-width: 300px) 100vw, 300px\" \/><\/a><\/div>\n<\/figure>\n<\/div>\n<p>A II Copa AMVI segue emocionante, e os torcedores de Bel\u00e9m do Piau\u00ed e Paulistana est\u00e3o ansiosos pelo pr\u00f3ximo confronto. O esporte mais uma vez se mostra como um importante elo de uni\u00e3o e entretenimento para a regi\u00e3o, prometendo mais momentos inesquec\u00edveis e partidas emocionantes \u00e0 medida que a competi\u00e7\u00e3o avan\u00e7a para sua reta final.<\/p>\n<p><strong>Mais fotos;<\/strong><\/p>\n<div id=\"gallery-2\" class=\"gallery galleryid-435530 gallery-columns-2 gallery-size-medium\">\n<figure class=\"gallery-item\">\n<div class=\"gallery-icon landscape\"><a href=\"https:\/\/infonewss.com\/wp-content\/uploads\/2023\/09\/Belem-vence-Paulistana-por-2-%C3%97-1-em-jogo-de-ida-das-quartas-de-finais-da-II-Copa-AMVI-06336f82-dbb7-4def-bc75-8e19bd509075.jpg\"><img loading=\"lazy\" decoding=\"async\" class=\"attachment-medium size-medium lazyloaded\" src=\"https:\/\/infonewss.com\/wp-content\/uploads\/2023\/09\/Belem-vence-Paulistana-por-2-%C3%97-1-em-jogo-de-ida-das-quartas-de-finais-da-II-Copa-AMVI-06336f82-dbb7-4def-bc75-8e19bd509075-300x225.jpg\" sizes=\"(max-width: 300px) 100vw, 300px\" srcset=\"https:\/\/infonewss.com\/wp-content\/uploads\/2023\/09\/Belem-vence-Paulistana-por-2-\u00d7-1-em-jogo-de-ida-das-quartas-de-finais-da-II-Copa-AMVI-06336f82-dbb7-4def-bc75-8e19bd509075-300x225.jpg 300w, https:\/\/infonewss.com\/wp-content\/uploads\/2023\/09\/Belem-vence-Paulistana-por-2-\u00d7-1-em-jogo-de-ida-das-quartas-de-finais-da-II-Copa-AMVI-06336f82-dbb7-4def-bc75-8e19bd509075-768x576.jpg 768w, https:\/\/infonewss.com\/wp-content\/uploads\/2023\/09\/Belem-vence-Paulistana-por-2-\u00d7-1-em-jogo-de-ida-das-quartas-de-finais-da-II-Copa-AMVI-06336f82-dbb7-4def-bc75-8e19bd509075-150x113.jpg 150w, https:\/\/infonewss.com\/wp-content\/uploads\/2023\/09\/Belem-vence-Paulistana-por-2-\u00d7-1-em-jogo-de-ida-das-quartas-de-finais-da-II-Copa-AMVI-06336f82-dbb7-4def-bc75-8e19bd509075-696x522.jpg 696w, https:\/\/infonewss.com\/wp-content\/uploads\/2023\/09\/Belem-vence-Paulistana-por-2-\u00d7-1-em-jogo-de-ida-das-quartas-de-finais-da-II-Copa-AMVI-06336f82-dbb7-4def-bc75-8e19bd509075.jpg 900w\" alt=\"\" width=\"300\" height=\"225\" data-srcset=\"https:\/\/infonewss.com\/wp-content\/uploads\/2023\/09\/Belem-vence-Paulistana-por-2-\u00d7-1-em-jogo-de-ida-das-quartas-de-finais-da-II-Copa-AMVI-06336f82-dbb7-4def-bc75-8e19bd509075-300x225.jpg 300w, https:\/\/infonewss.com\/wp-content\/uploads\/2023\/09\/Belem-vence-Paulistana-por-2-\u00d7-1-em-jogo-de-ida-das-quartas-de-finais-da-II-Copa-AMVI-06336f82-dbb7-4def-bc75-8e19bd509075-768x576.jpg 768w, https:\/\/infonewss.com\/wp-content\/uploads\/2023\/09\/Belem-vence-Paulistana-por-2-\u00d7-1-em-jogo-de-ida-das-quartas-de-finais-da-II-Copa-AMVI-06336f82-dbb7-4def-bc75-8e19bd509075-150x113.jpg 150w, https:\/\/infonewss.com\/wp-content\/uploads\/2023\/09\/Belem-vence-Paulistana-por-2-\u00d7-1-em-jogo-de-ida-das-quartas-de-finais-da-II-Copa-AMVI-06336f82-dbb7-4def-bc75-8e19bd509075-696x522.jpg 696w, https:\/\/infonewss.com\/wp-content\/uploads\/2023\/09\/Belem-vence-Paulistana-por-2-\u00d7-1-em-jogo-de-ida-das-quartas-de-finais-da-II-Copa-AMVI-06336f82-dbb7-4def-bc75-8e19bd509075.jpg 900w\" data-src=\"https:\/\/infonewss.com\/wp-content\/uploads\/2023\/09\/Belem-vence-Paulistana-por-2-\u00d7-1-em-jogo-de-ida-das-quartas-de-finais-da-II-Copa-AMVI-06336f82-dbb7-4def-bc75-8e19bd509075-300x225.jpg\" data-sizes=\"(max-width: 300px) 100vw, 300px\" \/><\/a><\/div>\n<\/figure>\n<figure class=\"gallery-item\">\n<div class=\"gallery-icon landscape\"><a href=\"https:\/\/infonewss.com\/wp-content\/uploads\/2023\/09\/Belem-vence-Paulistana-por-2-%C3%97-1-em-jogo-de-ida-das-quartas-de-finais-da-II-Copa-AMVI-IMG_1641.jpg\"><img loading=\"lazy\" decoding=\"async\" class=\"attachment-medium size-medium lazyloaded\" src=\"https:\/\/infonewss.com\/wp-content\/uploads\/2023\/09\/Belem-vence-Paulistana-por-2-%C3%97-1-em-jogo-de-ida-das-quartas-de-finais-da-II-Copa-AMVI-IMG_1641-300x200.jpg\" sizes=\"(max-width: 300px) 100vw, 300px\" srcset=\"https:\/\/infonewss.com\/wp-content\/uploads\/2023\/09\/Belem-vence-Paulistana-por-2-\u00d7-1-em-jogo-de-ida-das-quartas-de-finais-da-II-Copa-AMVI-IMG_1641-300x200.jpg 300w, https:\/\/infonewss.com\/wp-content\/uploads\/2023\/09\/Belem-vence-Paulistana-por-2-\u00d7-1-em-jogo-de-ida-das-quartas-de-finais-da-II-Copa-AMVI-IMG_1641-768x512.jpg 768w, https:\/\/infonewss.com\/wp-content\/uploads\/2023\/09\/Belem-vence-Paulistana-por-2-\u00d7-1-em-jogo-de-ida-das-quartas-de-finais-da-II-Copa-AMVI-IMG_1641-150x100.jpg 150w, https:\/\/infonewss.com\/wp-content\/uploads\/2023\/09\/Belem-vence-Paulistana-por-2-\u00d7-1-em-jogo-de-ida-das-quartas-de-finais-da-II-Copa-AMVI-IMG_1641-696x464.jpg 696w, https:\/\/infonewss.com\/wp-content\/uploads\/2023\/09\/Belem-vence-Paulistana-por-2-\u00d7-1-em-jogo-de-ida-das-quartas-de-finais-da-II-Copa-AMVI-IMG_1641.jpg 900w\" alt=\"\" width=\"300\" height=\"200\" data-srcset=\"https:\/\/infonewss.com\/wp-content\/uploads\/2023\/09\/Belem-vence-Paulistana-por-2-\u00d7-1-em-jogo-de-ida-das-quartas-de-finais-da-II-Copa-AMVI-IMG_1641-300x200.jpg 300w, https:\/\/infonewss.com\/wp-content\/uploads\/2023\/09\/Belem-vence-Paulistana-por-2-\u00d7-1-em-jogo-de-ida-das-quartas-de-finais-da-II-Copa-AMVI-IMG_1641-768x512.jpg 768w, https:\/\/infonewss.com\/wp-content\/uploads\/2023\/09\/Belem-vence-Paulistana-por-2-\u00d7-1-em-jogo-de-ida-das-quartas-de-finais-da-II-Copa-AMVI-IMG_1641-150x100.jpg 150w, https:\/\/infonewss.com\/wp-content\/uploads\/2023\/09\/Belem-vence-Paulistana-por-2-\u00d7-1-em-jogo-de-ida-das-quartas-de-finais-da-II-Copa-AMVI-IMG_1641-696x464.jpg 696w, https:\/\/infonewss.com\/wp-content\/uploads\/2023\/09\/Belem-vence-Paulistana-por-2-\u00d7-1-em-jogo-de-ida-das-quartas-de-finais-da-II-Copa-AMVI-IMG_1641.jpg 900w\" data-src=\"https:\/\/infonewss.com\/wp-content\/uploads\/2023\/09\/Belem-vence-Paulistana-por-2-\u00d7-1-em-jogo-de-ida-das-quartas-de-finais-da-II-Copa-AMVI-IMG_1641-300x200.jpg\" data-sizes=\"(max-width: 300px) 100vw, 300px\" \/><\/a><\/div>\n<\/figure>\n<figure class=\"gallery-item\">\n<div class=\"gallery-icon portrait\"><a href=\"https:\/\/infonewss.com\/wp-content\/uploads\/2023\/09\/Belem-vence-Paulistana-por-2-%C3%97-1-em-jogo-de-ida-das-quartas-de-finais-da-II-Copa-AMVI-IMG_1645.jpg\"><img loading=\"lazy\" decoding=\"async\" class=\"attachment-medium size-medium lazyloaded\" src=\"https:\/\/infonewss.com\/wp-content\/uploads\/2023\/09\/Belem-vence-Paulistana-por-2-%C3%97-1-em-jogo-de-ida-das-quartas-de-finais-da-II-Copa-AMVI-IMG_1645-200x300.jpg\" sizes=\"(max-width: 200px) 100vw, 200px\" srcset=\"https:\/\/infonewss.com\/wp-content\/uploads\/2023\/09\/Belem-vence-Paulistana-por-2-\u00d7-1-em-jogo-de-ida-das-quartas-de-finais-da-II-Copa-AMVI-IMG_1645-200x300.jpg 200w, https:\/\/infonewss.com\/wp-content\/uploads\/2023\/09\/Belem-vence-Paulistana-por-2-\u00d7-1-em-jogo-de-ida-das-quartas-de-finais-da-II-Copa-AMVI-IMG_1645-683x1024.jpg 683w, https:\/\/infonewss.com\/wp-content\/uploads\/2023\/09\/Belem-vence-Paulistana-por-2-\u00d7-1-em-jogo-de-ida-das-quartas-de-finais-da-II-Copa-AMVI-IMG_1645-768x1152.jpg 768w, https:\/\/infonewss.com\/wp-content\/uploads\/2023\/09\/Belem-vence-Paulistana-por-2-\u00d7-1-em-jogo-de-ida-das-quartas-de-finais-da-II-Copa-AMVI-IMG_1645-150x225.jpg 150w, https:\/\/infonewss.com\/wp-content\/uploads\/2023\/09\/Belem-vence-Paulistana-por-2-\u00d7-1-em-jogo-de-ida-das-quartas-de-finais-da-II-Copa-AMVI-IMG_1645-300x450.jpg 300w, https:\/\/infonewss.com\/wp-content\/uploads\/2023\/09\/Belem-vence-Paulistana-por-2-\u00d7-1-em-jogo-de-ida-das-quartas-de-finais-da-II-Copa-AMVI-IMG_1645-696x1044.jpg 696w, https:\/\/infonewss.com\/wp-content\/uploads\/2023\/09\/Belem-vence-Paulistana-por-2-\u00d7-1-em-jogo-de-ida-das-quartas-de-finais-da-II-Copa-AMVI-IMG_1645.jpg 900w\" alt=\"\" width=\"200\" height=\"300\" data-srcset=\"https:\/\/infonewss.com\/wp-content\/uploads\/2023\/09\/Belem-vence-Paulistana-por-2-\u00d7-1-em-jogo-de-ida-das-quartas-de-finais-da-II-Copa-AMVI-IMG_1645-200x300.jpg 200w, https:\/\/infonewss.com\/wp-content\/uploads\/2023\/09\/Belem-vence-Paulistana-por-2-\u00d7-1-em-jogo-de-ida-das-quartas-de-finais-da-II-Copa-AMVI-IMG_1645-683x1024.jpg 683w, https:\/\/infonewss.com\/wp-content\/uploads\/2023\/09\/Belem-vence-Paulistana-por-2-\u00d7-1-em-jogo-de-ida-das-quartas-de-finais-da-II-Copa-AMVI-IMG_1645-768x1152.jpg 768w, https:\/\/infonewss.com\/wp-content\/uploads\/2023\/09\/Belem-vence-Paulistana-por-2-\u00d7-1-em-jogo-de-ida-das-quartas-de-finais-da-II-Copa-AMVI-IMG_1645-150x225.jpg 150w, https:\/\/infonewss.com\/wp-content\/uploads\/2023\/09\/Belem-vence-Paulistana-por-2-\u00d7-1-em-jogo-de-ida-das-quartas-de-finais-da-II-Copa-AMVI-IMG_1645-300x450.jpg 300w, https:\/\/infonewss.com\/wp-content\/uploads\/2023\/09\/Belem-vence-Paulistana-por-2-\u00d7-1-em-jogo-de-ida-das-quartas-de-finais-da-II-Copa-AMVI-IMG_1645-696x1044.jpg 696w, https:\/\/infonewss.com\/wp-content\/uploads\/2023\/09\/Belem-vence-Paulistana-por-2-\u00d7-1-em-jogo-de-ida-das-quartas-de-finais-da-II-Copa-AMVI-IMG_1645.jpg 900w\" data-src=\"https:\/\/infonewss.com\/wp-content\/uploads\/2023\/09\/Belem-vence-Paulistana-por-2-\u00d7-1-em-jogo-de-ida-das-quartas-de-finais-da-II-Copa-AMVI-IMG_1645-200x300.jpg\" data-sizes=\"(max-width: 200px) 100vw, 200px\" \/><\/a><\/div>\n<\/figure>\n<figure class=\"gallery-item\">\n<div class=\"gallery-icon landscape\"><a href=\"https:\/\/infonewss.com\/wp-content\/uploads\/2023\/09\/Belem-vence-Paulistana-por-2-%C3%97-1-em-jogo-de-ida-das-quartas-de-finais-da-II-Copa-AMVI-IMG_1647.jpg\"><img loading=\"lazy\" decoding=\"async\" class=\"attachment-medium size-medium lazyloaded\" src=\"https:\/\/infonewss.com\/wp-content\/uploads\/2023\/09\/Belem-vence-Paulistana-por-2-%C3%97-1-em-jogo-de-ida-das-quartas-de-finais-da-II-Copa-AMVI-IMG_1647-300x200.jpg\" sizes=\"(max-width: 300px) 100vw, 300px\" srcset=\"https:\/\/infonewss.com\/wp-content\/uploads\/2023\/09\/Belem-vence-Paulistana-por-2-\u00d7-1-em-jogo-de-ida-das-quartas-de-finais-da-II-Copa-AMVI-IMG_1647-300x200.jpg 300w, https:\/\/infonewss.com\/wp-content\/uploads\/2023\/09\/Belem-vence-Paulistana-por-2-\u00d7-1-em-jogo-de-ida-das-quartas-de-finais-da-II-Copa-AMVI-IMG_1647-768x512.jpg 768w, https:\/\/infonewss.com\/wp-content\/uploads\/2023\/09\/Belem-vence-Paulistana-por-2-\u00d7-1-em-jogo-de-ida-das-quartas-de-finais-da-II-Copa-AMVI-IMG_1647-150x100.jpg 150w, https:\/\/infonewss.com\/wp-content\/uploads\/2023\/09\/Belem-vence-Paulistana-por-2-\u00d7-1-em-jogo-de-ida-das-quartas-de-finais-da-II-Copa-AMVI-IMG_1647-696x464.jpg 696w, https:\/\/infonewss.com\/wp-content\/uploads\/2023\/09\/Belem-vence-Paulistana-por-2-\u00d7-1-em-jogo-de-ida-das-quartas-de-finais-da-II-Copa-AMVI-IMG_1647.jpg 900w\" alt=\"\" width=\"300\" height=\"200\" data-srcset=\"https:\/\/infonewss.com\/wp-content\/uploads\/2023\/09\/Belem-vence-Paulistana-por-2-\u00d7-1-em-jogo-de-ida-das-quartas-de-finais-da-II-Copa-AMVI-IMG_1647-300x200.jpg 300w, https:\/\/infonewss.com\/wp-content\/uploads\/2023\/09\/Belem-vence-Paulistana-por-2-\u00d7-1-em-jogo-de-ida-das-quartas-de-finais-da-II-Copa-AMVI-IMG_1647-768x512.jpg 768w, https:\/\/infonewss.com\/wp-content\/uploads\/2023\/09\/Belem-vence-Paulistana-por-2-\u00d7-1-em-jogo-de-ida-das-quartas-de-finais-da-II-Copa-AMVI-IMG_1647-150x100.jpg 150w, https:\/\/infonewss.com\/wp-content\/uploads\/2023\/09\/Belem-vence-Paulistana-por-2-\u00d7-1-em-jogo-de-ida-das-quartas-de-finais-da-II-Copa-AMVI-IMG_1647-696x464.jpg 696w, https:\/\/infonewss.com\/wp-content\/uploads\/2023\/09\/Belem-vence-Paulistana-por-2-\u00d7-1-em-jogo-de-ida-das-quartas-de-finais-da-II-Copa-AMVI-IMG_1647.jpg 900w\" data-src=\"https:\/\/infonewss.com\/wp-content\/uploads\/2023\/09\/Belem-vence-Paulistana-por-2-\u00d7-1-em-jogo-de-ida-das-quartas-de-finais-da-II-Copa-AMVI-IMG_1647-300x200.jpg\" data-sizes=\"(max-width: 300px) 100vw, 300px\" \/><\/a><\/div>\n<\/figure>\n<figure class=\"gallery-item\">\n<div class=\"gallery-icon landscape\"><a href=\"https:\/\/infonewss.com\/wp-content\/uploads\/2023\/09\/Belem-vence-Paulistana-por-2-%C3%97-1-em-jogo-de-ida-das-quartas-de-finais-da-II-Copa-AMVI-IMG_1649.jpg\"><img loading=\"lazy\" decoding=\"async\" class=\"attachment-medium size-medium lazyloaded\" src=\"https:\/\/infonewss.com\/wp-content\/uploads\/2023\/09\/Belem-vence-Paulistana-por-2-%C3%97-1-em-jogo-de-ida-das-quartas-de-finais-da-II-Copa-AMVI-IMG_1649-300x200.jpg\" sizes=\"(max-width: 300px) 100vw, 300px\" srcset=\"https:\/\/infonewss.com\/wp-content\/uploads\/2023\/09\/Belem-vence-Paulistana-por-2-\u00d7-1-em-jogo-de-ida-das-quartas-de-finais-da-II-Copa-AMVI-IMG_1649-300x200.jpg 300w, https:\/\/infonewss.com\/wp-content\/uploads\/2023\/09\/Belem-vence-Paulistana-por-2-\u00d7-1-em-jogo-de-ida-das-quartas-de-finais-da-II-Copa-AMVI-IMG_1649-768x512.jpg 768w, https:\/\/infonewss.com\/wp-content\/uploads\/2023\/09\/Belem-vence-Paulistana-por-2-\u00d7-1-em-jogo-de-ida-das-quartas-de-finais-da-II-Copa-AMVI-IMG_1649-150x100.jpg 150w, https:\/\/infonewss.com\/wp-content\/uploads\/2023\/09\/Belem-vence-Paulistana-por-2-\u00d7-1-em-jogo-de-ida-das-quartas-de-finais-da-II-Copa-AMVI-IMG_1649-696x464.jpg 696w, https:\/\/infonewss.com\/wp-content\/uploads\/2023\/09\/Belem-vence-Paulistana-por-2-\u00d7-1-em-jogo-de-ida-das-quartas-de-finais-da-II-Copa-AMVI-IMG_1649.jpg 900w\" alt=\"\" width=\"300\" height=\"200\" data-srcset=\"https:\/\/infonewss.com\/wp-content\/uploads\/2023\/09\/Belem-vence-Paulistana-por-2-\u00d7-1-em-jogo-de-ida-das-quartas-de-finais-da-II-Copa-AMVI-IMG_1649-300x200.jpg 300w, https:\/\/infonewss.com\/wp-content\/uploads\/2023\/09\/Belem-vence-Paulistana-por-2-\u00d7-1-em-jogo-de-ida-das-quartas-de-finais-da-II-Copa-AMVI-IMG_1649-768x512.jpg 768w, https:\/\/infonewss.com\/wp-content\/uploads\/2023\/09\/Belem-vence-Paulistana-por-2-\u00d7-1-em-jogo-de-ida-das-quartas-de-finais-da-II-Copa-AMVI-IMG_1649-150x100.jpg 150w, https:\/\/infonewss.com\/wp-content\/uploads\/2023\/09\/Belem-vence-Paulistana-por-2-\u00d7-1-em-jogo-de-ida-das-quartas-de-finais-da-II-Copa-AMVI-IMG_1649-696x464.jpg 696w, https:\/\/infonewss.com\/wp-content\/uploads\/2023\/09\/Belem-vence-Paulistana-por-2-\u00d7-1-em-jogo-de-ida-das-quartas-de-finais-da-II-Copa-AMVI-IMG_1649.jpg 900w\" data-src=\"https:\/\/infonewss.com\/wp-content\/uploads\/2023\/09\/Belem-vence-Paulistana-por-2-\u00d7-1-em-jogo-de-ida-das-quartas-de-finais-da-II-Copa-AMVI-IMG_1649-300x200.jpg\" data-sizes=\"(max-width: 300px) 100vw, 300px\" \/><\/a><\/div>\n<\/figure>\n<figure class=\"gallery-item\">\n<div class=\"gallery-icon landscape\"><a href=\"https:\/\/infonewss.com\/wp-content\/uploads\/2023\/09\/Belem-vence-Paulistana-por-2-%C3%97-1-em-jogo-de-ida-das-quartas-de-finais-da-II-Copa-AMVI-IMG_1651.jpg\"><img loading=\"lazy\" decoding=\"async\" class=\"attachment-medium size-medium lazyloaded\" src=\"https:\/\/infonewss.com\/wp-content\/uploads\/2023\/09\/Belem-vence-Paulistana-por-2-%C3%97-1-em-jogo-de-ida-das-quartas-de-finais-da-II-Copa-AMVI-IMG_1651-300x200.jpg\" sizes=\"(max-width: 300px) 100vw, 300px\" srcset=\"https:\/\/infonewss.com\/wp-content\/uploads\/2023\/09\/Belem-vence-Paulistana-por-2-\u00d7-1-em-jogo-de-ida-das-quartas-de-finais-da-II-Copa-AMVI-IMG_1651-300x200.jpg 300w, https:\/\/infonewss.com\/wp-content\/uploads\/2023\/09\/Belem-vence-Paulistana-por-2-\u00d7-1-em-jogo-de-ida-das-quartas-de-finais-da-II-Copa-AMVI-IMG_1651-768x512.jpg 768w, https:\/\/infonewss.com\/wp-content\/uploads\/2023\/09\/Belem-vence-Paulistana-por-2-\u00d7-1-em-jogo-de-ida-das-quartas-de-finais-da-II-Copa-AMVI-IMG_1651-150x100.jpg 150w, https:\/\/infonewss.com\/wp-content\/uploads\/2023\/09\/Belem-vence-Paulistana-por-2-\u00d7-1-em-jogo-de-ida-das-quartas-de-finais-da-II-Copa-AMVI-IMG_1651-696x464.jpg 696w, https:\/\/infonewss.com\/wp-content\/uploads\/2023\/09\/Belem-vence-Paulistana-por-2-\u00d7-1-em-jogo-de-ida-das-quartas-de-finais-da-II-Copa-AMVI-IMG_1651.jpg 900w\" alt=\"\" width=\"300\" height=\"200\" data-srcset=\"https:\/\/infonewss.com\/wp-content\/uploads\/2023\/09\/Belem-vence-Paulistana-por-2-\u00d7-1-em-jogo-de-ida-das-quartas-de-finais-da-II-Copa-AMVI-IMG_1651-300x200.jpg 300w, https:\/\/infonewss.com\/wp-content\/uploads\/2023\/09\/Belem-vence-Paulistana-por-2-\u00d7-1-em-jogo-de-ida-das-quartas-de-finais-da-II-Copa-AMVI-IMG_1651-768x512.jpg 768w, https:\/\/infonewss.com\/wp-content\/uploads\/2023\/09\/Belem-vence-Paulistana-por-2-\u00d7-1-em-jogo-de-ida-das-quartas-de-finais-da-II-Copa-AMVI-IMG_1651-150x100.jpg 150w, https:\/\/infonewss.com\/wp-content\/uploads\/2023\/09\/Belem-vence-Paulistana-por-2-\u00d7-1-em-jogo-de-ida-das-quartas-de-finais-da-II-Copa-AMVI-IMG_1651-696x464.jpg 696w, https:\/\/infonewss.com\/wp-content\/uploads\/2023\/09\/Belem-vence-Paulistana-por-2-\u00d7-1-em-jogo-de-ida-das-quartas-de-finais-da-II-Copa-AMVI-IMG_1651.jpg 900w\" data-src=\"https:\/\/infonewss.com\/wp-content\/uploads\/2023\/09\/Belem-vence-Paulistana-por-2-\u00d7-1-em-jogo-de-ida-das-quartas-de-finais-da-II-Copa-AMVI-IMG_1651-300x200.jpg\" data-sizes=\"(max-width: 300px) 100vw, 300px\" \/><\/a><\/div>\n<\/figure>\n<figure class=\"gallery-item\">\n<div class=\"gallery-icon landscape\"><a href=\"https:\/\/infonewss.com\/wp-content\/uploads\/2023\/09\/Belem-vence-Paulistana-por-2-%C3%97-1-em-jogo-de-ida-das-quartas-de-finais-da-II-Copa-AMVI-IMG_1652.jpg\"><img loading=\"lazy\" decoding=\"async\" class=\"attachment-medium size-medium lazyloaded\" src=\"https:\/\/infonewss.com\/wp-content\/uploads\/2023\/09\/Belem-vence-Paulistana-por-2-%C3%97-1-em-jogo-de-ida-das-quartas-de-finais-da-II-Copa-AMVI-IMG_1652-300x200.jpg\" sizes=\"(max-width: 300px) 100vw, 300px\" srcset=\"https:\/\/infonewss.com\/wp-content\/uploads\/2023\/09\/Belem-vence-Paulistana-por-2-\u00d7-1-em-jogo-de-ida-das-quartas-de-finais-da-II-Copa-AMVI-IMG_1652-300x200.jpg 300w, https:\/\/infonewss.com\/wp-content\/uploads\/2023\/09\/Belem-vence-Paulistana-por-2-\u00d7-1-em-jogo-de-ida-das-quartas-de-finais-da-II-Copa-AMVI-IMG_1652-768x512.jpg 768w, https:\/\/infonewss.com\/wp-content\/uploads\/2023\/09\/Belem-vence-Paulistana-por-2-\u00d7-1-em-jogo-de-ida-das-quartas-de-finais-da-II-Copa-AMVI-IMG_1652-150x100.jpg 150w, https:\/\/infonewss.com\/wp-content\/uploads\/2023\/09\/Belem-vence-Paulistana-por-2-\u00d7-1-em-jogo-de-ida-das-quartas-de-finais-da-II-Copa-AMVI-IMG_1652-696x464.jpg 696w, https:\/\/infonewss.com\/wp-content\/uploads\/2023\/09\/Belem-vence-Paulistana-por-2-\u00d7-1-em-jogo-de-ida-das-quartas-de-finais-da-II-Copa-AMVI-IMG_1652.jpg 900w\" alt=\"\" width=\"300\" height=\"200\" data-srcset=\"https:\/\/infonewss.com\/wp-content\/uploads\/2023\/09\/Belem-vence-Paulistana-por-2-\u00d7-1-em-jogo-de-ida-das-quartas-de-finais-da-II-Copa-AMVI-IMG_1652-300x200.jpg 300w, https:\/\/infonewss.com\/wp-content\/uploads\/2023\/09\/Belem-vence-Paulistana-por-2-\u00d7-1-em-jogo-de-ida-das-quartas-de-finais-da-II-Copa-AMVI-IMG_1652-768x512.jpg 768w, https:\/\/infonewss.com\/wp-content\/uploads\/2023\/09\/Belem-vence-Paulistana-por-2-\u00d7-1-em-jogo-de-ida-das-quartas-de-finais-da-II-Copa-AMVI-IMG_1652-150x100.jpg 150w, https:\/\/infonewss.com\/wp-content\/uploads\/2023\/09\/Belem-vence-Paulistana-por-2-\u00d7-1-em-jogo-de-ida-das-quartas-de-finais-da-II-Copa-AMVI-IMG_1652-696x464.jpg 696w, https:\/\/infonewss.com\/wp-content\/uploads\/2023\/09\/Belem-vence-Paulistana-por-2-\u00d7-1-em-jogo-de-ida-das-quartas-de-finais-da-II-Copa-AMVI-IMG_1652.jpg 900w\" data-src=\"https:\/\/infonewss.com\/wp-content\/uploads\/2023\/09\/Belem-vence-Paulistana-por-2-\u00d7-1-em-jogo-de-ida-das-quartas-de-finais-da-II-Copa-AMVI-IMG_1652-300x200.jpg\" data-sizes=\"(max-width: 300px) 100vw, 300px\" \/><\/a><\/div>\n<\/figure>\n<figure class=\"gallery-item\">\n<div class=\"gallery-icon landscape\"><a href=\"https:\/\/infonewss.com\/wp-content\/uploads\/2023\/09\/Belem-vence-Paulistana-por-2-%C3%97-1-em-jogo-de-ida-das-quartas-de-finais-da-II-Copa-AMVI-IMG_1655.jpg\"><img loading=\"lazy\" decoding=\"async\" class=\"attachment-medium size-medium lazyloaded\" src=\"https:\/\/infonewss.com\/wp-content\/uploads\/2023\/09\/Belem-vence-Paulistana-por-2-%C3%97-1-em-jogo-de-ida-das-quartas-de-finais-da-II-Copa-AMVI-IMG_1655-300x200.jpg\" sizes=\"(max-width: 300px) 100vw, 300px\" srcset=\"https:\/\/infonewss.com\/wp-content\/uploads\/2023\/09\/Belem-vence-Paulistana-por-2-\u00d7-1-em-jogo-de-ida-das-quartas-de-finais-da-II-Copa-AMVI-IMG_1655-300x200.jpg 300w, https:\/\/infonewss.com\/wp-content\/uploads\/2023\/09\/Belem-vence-Paulistana-por-2-\u00d7-1-em-jogo-de-ida-das-quartas-de-finais-da-II-Copa-AMVI-IMG_1655-768x512.jpg 768w, https:\/\/infonewss.com\/wp-content\/uploads\/2023\/09\/Belem-vence-Paulistana-por-2-\u00d7-1-em-jogo-de-ida-das-quartas-de-finais-da-II-Copa-AMVI-IMG_1655-150x100.jpg 150w, https:\/\/infonewss.com\/wp-content\/uploads\/2023\/09\/Belem-vence-Paulistana-por-2-\u00d7-1-em-jogo-de-ida-das-quartas-de-finais-da-II-Copa-AMVI-IMG_1655-696x464.jpg 696w, https:\/\/infonewss.com\/wp-content\/uploads\/2023\/09\/Belem-vence-Paulistana-por-2-\u00d7-1-em-jogo-de-ida-das-quartas-de-finais-da-II-Copa-AMVI-IMG_1655.jpg 900w\" alt=\"\" width=\"300\" height=\"200\" data-srcset=\"https:\/\/infonewss.com\/wp-content\/uploads\/2023\/09\/Belem-vence-Paulistana-por-2-\u00d7-1-em-jogo-de-ida-das-quartas-de-finais-da-II-Copa-AMVI-IMG_1655-300x200.jpg 300w, https:\/\/infonewss.com\/wp-content\/uploads\/2023\/09\/Belem-vence-Paulistana-por-2-\u00d7-1-em-jogo-de-ida-das-quartas-de-finais-da-II-Copa-AMVI-IMG_1655-768x512.jpg 768w, https:\/\/infonewss.com\/wp-content\/uploads\/2023\/09\/Belem-vence-Paulistana-por-2-\u00d7-1-em-jogo-de-ida-das-quartas-de-finais-da-II-Copa-AMVI-IMG_1655-150x100.jpg 150w, https:\/\/infonewss.com\/wp-content\/uploads\/2023\/09\/Belem-vence-Paulistana-por-2-\u00d7-1-em-jogo-de-ida-das-quartas-de-finais-da-II-Copa-AMVI-IMG_1655-696x464.jpg 696w, https:\/\/infonewss.com\/wp-content\/uploads\/2023\/09\/Belem-vence-Paulistana-por-2-\u00d7-1-em-jogo-de-ida-das-quartas-de-finais-da-II-Copa-AMVI-IMG_1655.jpg 900w\" data-src=\"https:\/\/infonewss.com\/wp-content\/uploads\/2023\/09\/Belem-vence-Paulistana-por-2-\u00d7-1-em-jogo-de-ida-das-quartas-de-finais-da-II-Copa-AMVI-IMG_1655-300x200.jpg\" data-sizes=\"(max-width: 300px) 100vw, 300px\" \/><\/a><\/div>\n<\/figure>\n<figure class=\"gallery-item\">\n<div class=\"gallery-icon landscape\"><a href=\"https:\/\/infonewss.com\/wp-content\/uploads\/2023\/09\/Belem-vence-Paulistana-por-2-%C3%97-1-em-jogo-de-ida-das-quartas-de-finais-da-II-Copa-AMVI-IMG_1657.jpg\"><img loading=\"lazy\" decoding=\"async\" class=\"attachment-medium size-medium lazyloaded\" src=\"https:\/\/infonewss.com\/wp-content\/uploads\/2023\/09\/Belem-vence-Paulistana-por-2-%C3%97-1-em-jogo-de-ida-das-quartas-de-finais-da-II-Copa-AMVI-IMG_1657-300x200.jpg\" sizes=\"(max-width: 300px) 100vw, 300px\" srcset=\"https:\/\/infonewss.com\/wp-content\/uploads\/2023\/09\/Belem-vence-Paulistana-por-2-\u00d7-1-em-jogo-de-ida-das-quartas-de-finais-da-II-Copa-AMVI-IMG_1657-300x200.jpg 300w, https:\/\/infonewss.com\/wp-content\/uploads\/2023\/09\/Belem-vence-Paulistana-por-2-\u00d7-1-em-jogo-de-ida-das-quartas-de-finais-da-II-Copa-AMVI-IMG_1657-768x512.jpg 768w, https:\/\/infonewss.com\/wp-content\/uploads\/2023\/09\/Belem-vence-Paulistana-por-2-\u00d7-1-em-jogo-de-ida-das-quartas-de-finais-da-II-Copa-AMVI-IMG_1657-150x100.jpg 150w, https:\/\/infonewss.com\/wp-content\/uploads\/2023\/09\/Belem-vence-Paulistana-por-2-\u00d7-1-em-jogo-de-ida-das-quartas-de-finais-da-II-Copa-AMVI-IMG_1657-696x464.jpg 696w, https:\/\/infonewss.com\/wp-content\/uploads\/2023\/09\/Belem-vence-Paulistana-por-2-\u00d7-1-em-jogo-de-ida-das-quartas-de-finais-da-II-Copa-AMVI-IMG_1657.jpg 900w\" alt=\"\" width=\"300\" height=\"200\" data-srcset=\"https:\/\/infonewss.com\/wp-content\/uploads\/2023\/09\/Belem-vence-Paulistana-por-2-\u00d7-1-em-jogo-de-ida-das-quartas-de-finais-da-II-Copa-AMVI-IMG_1657-300x200.jpg 300w, https:\/\/infonewss.com\/wp-content\/uploads\/2023\/09\/Belem-vence-Paulistana-por-2-\u00d7-1-em-jogo-de-ida-das-quartas-de-finais-da-II-Copa-AMVI-IMG_1657-768x512.jpg 768w, https:\/\/infonewss.com\/wp-content\/uploads\/2023\/09\/Belem-vence-Paulistana-por-2-\u00d7-1-em-jogo-de-ida-das-quartas-de-finais-da-II-Copa-AMVI-IMG_1657-150x100.jpg 150w, https:\/\/infonewss.com\/wp-content\/uploads\/2023\/09\/Belem-vence-Paulistana-por-2-\u00d7-1-em-jogo-de-ida-das-quartas-de-finais-da-II-Copa-AMVI-IMG_1657-696x464.jpg 696w, https:\/\/infonewss.com\/wp-content\/uploads\/2023\/09\/Belem-vence-Paulistana-por-2-\u00d7-1-em-jogo-de-ida-das-quartas-de-finais-da-II-Copa-AMVI-IMG_1657.jpg 900w\" data-src=\"https:\/\/infonewss.com\/wp-content\/uploads\/2023\/09\/Belem-vence-Paulistana-por-2-\u00d7-1-em-jogo-de-ida-das-quartas-de-finais-da-II-Copa-AMVI-IMG_1657-300x200.jpg\" data-sizes=\"(max-width: 300px) 100vw, 300px\" \/><\/a><\/div>\n<\/figure>\n<figure class=\"gallery-item\">\n<div class=\"gallery-icon landscape\"><a href=\"https:\/\/infonewss.com\/wp-content\/uploads\/2023\/09\/Belem-vence-Paulistana-por-2-%C3%97-1-em-jogo-de-ida-das-quartas-de-finais-da-II-Copa-AMVI-IMG_1658.jpg\"><img loading=\"lazy\" decoding=\"async\" class=\"attachment-medium size-medium lazyloaded\" src=\"https:\/\/infonewss.com\/wp-content\/uploads\/2023\/09\/Belem-vence-Paulistana-por-2-%C3%97-1-em-jogo-de-ida-das-quartas-de-finais-da-II-Copa-AMVI-IMG_1658-300x200.jpg\" sizes=\"(max-width: 300px) 100vw, 300px\" srcset=\"https:\/\/infonewss.com\/wp-content\/uploads\/2023\/09\/Belem-vence-Paulistana-por-2-\u00d7-1-em-jogo-de-ida-das-quartas-de-finais-da-II-Copa-AMVI-IMG_1658-300x200.jpg 300w, https:\/\/infonewss.com\/wp-content\/uploads\/2023\/09\/Belem-vence-Paulistana-por-2-\u00d7-1-em-jogo-de-ida-das-quartas-de-finais-da-II-Copa-AMVI-IMG_1658-768x512.jpg 768w, https:\/\/infonewss.com\/wp-content\/uploads\/2023\/09\/Belem-vence-Paulistana-por-2-\u00d7-1-em-jogo-de-ida-das-quartas-de-finais-da-II-Copa-AMVI-IMG_1658-150x100.jpg 150w, https:\/\/infonewss.com\/wp-content\/uploads\/2023\/09\/Belem-vence-Paulistana-por-2-\u00d7-1-em-jogo-de-ida-das-quartas-de-finais-da-II-Copa-AMVI-IMG_1658-696x464.jpg 696w, https:\/\/infonewss.com\/wp-content\/uploads\/2023\/09\/Belem-vence-Paulistana-por-2-\u00d7-1-em-jogo-de-ida-das-quartas-de-finais-da-II-Copa-AMVI-IMG_1658.jpg 900w\" alt=\"\" width=\"300\" height=\"200\" data-srcset=\"https:\/\/infonewss.com\/wp-content\/uploads\/2023\/09\/Belem-vence-Paulistana-por-2-\u00d7-1-em-jogo-de-ida-das-quartas-de-finais-da-II-Copa-AMVI-IMG_1658-300x200.jpg 300w, https:\/\/infonewss.com\/wp-content\/uploads\/2023\/09\/Belem-vence-Paulistana-por-2-\u00d7-1-em-jogo-de-ida-das-quartas-de-finais-da-II-Copa-AMVI-IMG_1658-768x512.jpg 768w, https:\/\/infonewss.com\/wp-content\/uploads\/2023\/09\/Belem-vence-Paulistana-por-2-\u00d7-1-em-jogo-de-ida-das-quartas-de-finais-da-II-Copa-AMVI-IMG_1658-150x100.jpg 150w, https:\/\/infonewss.com\/wp-content\/uploads\/2023\/09\/Belem-vence-Paulistana-por-2-\u00d7-1-em-jogo-de-ida-das-quartas-de-finais-da-II-Copa-AMVI-IMG_1658-696x464.jpg 696w, https:\/\/infonewss.com\/wp-content\/uploads\/2023\/09\/Belem-vence-Paulistana-por-2-\u00d7-1-em-jogo-de-ida-das-quartas-de-finais-da-II-Copa-AMVI-IMG_1658.jpg 900w\" data-src=\"https:\/\/infonewss.com\/wp-content\/uploads\/2023\/09\/Belem-vence-Paulistana-por-2-\u00d7-1-em-jogo-de-ida-das-quartas-de-finais-da-II-Copa-AMVI-IMG_1658-300x200.jpg\" data-sizes=\"(max-width: 300px) 100vw, 300px\" \/><\/a><\/div>\n<\/figure>\n<figure class=\"gallery-item\">\n<div class=\"gallery-icon landscape\"><a href=\"https:\/\/infonewss.com\/wp-content\/uploads\/2023\/09\/Belem-vence-Paulistana-por-2-%C3%97-1-em-jogo-de-ida-das-quartas-de-finais-da-II-Copa-AMVI-IMG_1660.jpg\"><img loading=\"lazy\" decoding=\"async\" class=\"attachment-medium size-medium lazyloaded\" src=\"https:\/\/infonewss.com\/wp-content\/uploads\/2023\/09\/Belem-vence-Paulistana-por-2-%C3%97-1-em-jogo-de-ida-das-quartas-de-finais-da-II-Copa-AMVI-IMG_1660-300x200.jpg\" sizes=\"(max-width: 300px) 100vw, 300px\" srcset=\"https:\/\/infonewss.com\/wp-content\/uploads\/2023\/09\/Belem-vence-Paulistana-por-2-\u00d7-1-em-jogo-de-ida-das-quartas-de-finais-da-II-Copa-AMVI-IMG_1660-300x200.jpg 300w, https:\/\/infonewss.com\/wp-content\/uploads\/2023\/09\/Belem-vence-Paulistana-por-2-\u00d7-1-em-jogo-de-ida-das-quartas-de-finais-da-II-Copa-AMVI-IMG_1660-768x512.jpg 768w, https:\/\/infonewss.com\/wp-content\/uploads\/2023\/09\/Belem-vence-Paulistana-por-2-\u00d7-1-em-jogo-de-ida-das-quartas-de-finais-da-II-Copa-AMVI-IMG_1660-150x100.jpg 150w, https:\/\/infonewss.com\/wp-content\/uploads\/2023\/09\/Belem-vence-Paulistana-por-2-\u00d7-1-em-jogo-de-ida-das-quartas-de-finais-da-II-Copa-AMVI-IMG_1660-696x464.jpg 696w, https:\/\/infonewss.com\/wp-content\/uploads\/2023\/09\/Belem-vence-Paulistana-por-2-\u00d7-1-em-jogo-de-ida-das-quartas-de-finais-da-II-Copa-AMVI-IMG_1660.jpg 900w\" alt=\"\" width=\"300\" height=\"200\" data-srcset=\"https:\/\/infonewss.com\/wp-content\/uploads\/2023\/09\/Belem-vence-Paulistana-por-2-\u00d7-1-em-jogo-de-ida-das-quartas-de-finais-da-II-Copa-AMVI-IMG_1660-300x200.jpg 300w, https:\/\/infonewss.com\/wp-content\/uploads\/2023\/09\/Belem-vence-Paulistana-por-2-\u00d7-1-em-jogo-de-ida-das-quartas-de-finais-da-II-Copa-AMVI-IMG_1660-768x512.jpg 768w, https:\/\/infonewss.com\/wp-content\/uploads\/2023\/09\/Belem-vence-Paulistana-por-2-\u00d7-1-em-jogo-de-ida-das-quartas-de-finais-da-II-Copa-AMVI-IMG_1660-150x100.jpg 150w, https:\/\/infonewss.com\/wp-content\/uploads\/2023\/09\/Belem-vence-Paulistana-por-2-\u00d7-1-em-jogo-de-ida-das-quartas-de-finais-da-II-Copa-AMVI-IMG_1660-696x464.jpg 696w, https:\/\/infonewss.com\/wp-content\/uploads\/2023\/09\/Belem-vence-Paulistana-por-2-\u00d7-1-em-jogo-de-ida-das-quartas-de-finais-da-II-Copa-AMVI-IMG_1660.jpg 900w\" data-src=\"https:\/\/infonewss.com\/wp-content\/uploads\/2023\/09\/Belem-vence-Paulistana-por-2-\u00d7-1-em-jogo-de-ida-das-quartas-de-finais-da-II-Copa-AMVI-IMG_1660-300x200.jpg\" data-sizes=\"(max-width: 300px) 100vw, 300px\" \/><\/a><\/div>\n<\/figure>\n<figure class=\"gallery-item\">\n<div class=\"gallery-icon landscape\"><a href=\"https:\/\/infonewss.com\/wp-content\/uploads\/2023\/09\/Belem-vence-Paulistana-por-2-%C3%97-1-em-jogo-de-ida-das-quartas-de-finais-da-II-Copa-AMVI-IMG_1661.jpg\"><img loading=\"lazy\" decoding=\"async\" class=\"attachment-medium size-medium lazyloaded\" src=\"https:\/\/infonewss.com\/wp-content\/uploads\/2023\/09\/Belem-vence-Paulistana-por-2-%C3%97-1-em-jogo-de-ida-das-quartas-de-finais-da-II-Copa-AMVI-IMG_1661-300x200.jpg\" sizes=\"(max-width: 300px) 100vw, 300px\" srcset=\"https:\/\/infonewss.com\/wp-content\/uploads\/2023\/09\/Belem-vence-Paulistana-por-2-\u00d7-1-em-jogo-de-ida-das-quartas-de-finais-da-II-Copa-AMVI-IMG_1661-300x200.jpg 300w, https:\/\/infonewss.com\/wp-content\/uploads\/2023\/09\/Belem-vence-Paulistana-por-2-\u00d7-1-em-jogo-de-ida-das-quartas-de-finais-da-II-Copa-AMVI-IMG_1661-768x512.jpg 768w, https:\/\/infonewss.com\/wp-content\/uploads\/2023\/09\/Belem-vence-Paulistana-por-2-\u00d7-1-em-jogo-de-ida-das-quartas-de-finais-da-II-Copa-AMVI-IMG_1661-150x100.jpg 150w, https:\/\/infonewss.com\/wp-content\/uploads\/2023\/09\/Belem-vence-Paulistana-por-2-\u00d7-1-em-jogo-de-ida-das-quartas-de-finais-da-II-Copa-AMVI-IMG_1661-696x464.jpg 696w, https:\/\/infonewss.com\/wp-content\/uploads\/2023\/09\/Belem-vence-Paulistana-por-2-\u00d7-1-em-jogo-de-ida-das-quartas-de-finais-da-II-Copa-AMVI-IMG_1661.jpg 900w\" alt=\"\" width=\"300\" height=\"200\" data-srcset=\"https:\/\/infonewss.com\/wp-content\/uploads\/2023\/09\/Belem-vence-Paulistana-por-2-\u00d7-1-em-jogo-de-ida-das-quartas-de-finais-da-II-Copa-AMVI-IMG_1661-300x200.jpg 300w, https:\/\/infonewss.com\/wp-content\/uploads\/2023\/09\/Belem-vence-Paulistana-por-2-\u00d7-1-em-jogo-de-ida-das-quartas-de-finais-da-II-Copa-AMVI-IMG_1661-768x512.jpg 768w, https:\/\/infonewss.com\/wp-content\/uploads\/2023\/09\/Belem-vence-Paulistana-por-2-\u00d7-1-em-jogo-de-ida-das-quartas-de-finais-da-II-Copa-AMVI-IMG_1661-150x100.jpg 150w, https:\/\/infonewss.com\/wp-content\/uploads\/2023\/09\/Belem-vence-Paulistana-por-2-\u00d7-1-em-jogo-de-ida-das-quartas-de-finais-da-II-Copa-AMVI-IMG_1661-696x464.jpg 696w, https:\/\/infonewss.com\/wp-content\/uploads\/2023\/09\/Belem-vence-Paulistana-por-2-\u00d7-1-em-jogo-de-ida-das-quartas-de-finais-da-II-Copa-AMVI-IMG_1661.jpg 900w\" data-src=\"https:\/\/infonewss.com\/wp-content\/uploads\/2023\/09\/Belem-vence-Paulistana-por-2-\u00d7-1-em-jogo-de-ida-das-quartas-de-finais-da-II-Copa-AMVI-IMG_1661-300x200.jpg\" data-sizes=\"(max-width: 300px) 100vw, 300px\" \/><\/a><\/div>\n<\/figure>\n<figure class=\"gallery-item\">\n<div class=\"gallery-icon portrait\"><a href=\"https:\/\/infonewss.com\/wp-content\/uploads\/2023\/09\/Belem-vence-Paulistana-por-2-%C3%97-1-em-jogo-de-ida-das-quartas-de-finais-da-II-Copa-AMVI-IMG_1663.jpg\"><img loading=\"lazy\" decoding=\"async\" class=\"attachment-medium size-medium lazyloaded\" src=\"https:\/\/infonewss.com\/wp-content\/uploads\/2023\/09\/Belem-vence-Paulistana-por-2-%C3%97-1-em-jogo-de-ida-das-quartas-de-finais-da-II-Copa-AMVI-IMG_1663-200x300.jpg\" sizes=\"(max-width: 200px) 100vw, 200px\" srcset=\"https:\/\/infonewss.com\/wp-content\/uploads\/2023\/09\/Belem-vence-Paulistana-por-2-\u00d7-1-em-jogo-de-ida-das-quartas-de-finais-da-II-Copa-AMVI-IMG_1663-200x300.jpg 200w, https:\/\/infonewss.com\/wp-content\/uploads\/2023\/09\/Belem-vence-Paulistana-por-2-\u00d7-1-em-jogo-de-ida-das-quartas-de-finais-da-II-Copa-AMVI-IMG_1663-683x1024.jpg 683w, https:\/\/infonewss.com\/wp-content\/uploads\/2023\/09\/Belem-vence-Paulistana-por-2-\u00d7-1-em-jogo-de-ida-das-quartas-de-finais-da-II-Copa-AMVI-IMG_1663-768x1152.jpg 768w, https:\/\/infonewss.com\/wp-content\/uploads\/2023\/09\/Belem-vence-Paulistana-por-2-\u00d7-1-em-jogo-de-ida-das-quartas-de-finais-da-II-Copa-AMVI-IMG_1663-150x225.jpg 150w, https:\/\/infonewss.com\/wp-content\/uploads\/2023\/09\/Belem-vence-Paulistana-por-2-\u00d7-1-em-jogo-de-ida-das-quartas-de-finais-da-II-Copa-AMVI-IMG_1663-300x450.jpg 300w, https:\/\/infonewss.com\/wp-content\/uploads\/2023\/09\/Belem-vence-Paulistana-por-2-\u00d7-1-em-jogo-de-ida-das-quartas-de-finais-da-II-Copa-AMVI-IMG_1663-696x1044.jpg 696w, https:\/\/infonewss.com\/wp-content\/uploads\/2023\/09\/Belem-vence-Paulistana-por-2-\u00d7-1-em-jogo-de-ida-das-quartas-de-finais-da-II-Copa-AMVI-IMG_1663.jpg 900w\" alt=\"\" width=\"200\" height=\"300\" data-srcset=\"https:\/\/infonewss.com\/wp-content\/uploads\/2023\/09\/Belem-vence-Paulistana-por-2-\u00d7-1-em-jogo-de-ida-das-quartas-de-finais-da-II-Copa-AMVI-IMG_1663-200x300.jpg 200w, https:\/\/infonewss.com\/wp-content\/uploads\/2023\/09\/Belem-vence-Paulistana-por-2-\u00d7-1-em-jogo-de-ida-das-quartas-de-finais-da-II-Copa-AMVI-IMG_1663-683x1024.jpg 683w, https:\/\/infonewss.com\/wp-content\/uploads\/2023\/09\/Belem-vence-Paulistana-por-2-\u00d7-1-em-jogo-de-ida-das-quartas-de-finais-da-II-Copa-AMVI-IMG_1663-768x1152.jpg 768w, https:\/\/infonewss.com\/wp-content\/uploads\/2023\/09\/Belem-vence-Paulistana-por-2-\u00d7-1-em-jogo-de-ida-das-quartas-de-finais-da-II-Copa-AMVI-IMG_1663-150x225.jpg 150w, https:\/\/infonewss.com\/wp-content\/uploads\/2023\/09\/Belem-vence-Paulistana-por-2-\u00d7-1-em-jogo-de-ida-das-quartas-de-finais-da-II-Copa-AMVI-IMG_1663-300x450.jpg 300w, https:\/\/infonewss.com\/wp-content\/uploads\/2023\/09\/Belem-vence-Paulistana-por-2-\u00d7-1-em-jogo-de-ida-das-quartas-de-finais-da-II-Copa-AMVI-IMG_1663-696x1044.jpg 696w, https:\/\/infonewss.com\/wp-content\/uploads\/2023\/09\/Belem-vence-Paulistana-por-2-\u00d7-1-em-jogo-de-ida-das-quartas-de-finais-da-II-Copa-AMVI-IMG_1663.jpg 900w\" data-src=\"https:\/\/infonewss.com\/wp-content\/uploads\/2023\/09\/Belem-vence-Paulistana-por-2-\u00d7-1-em-jogo-de-ida-das-quartas-de-finais-da-II-Copa-AMVI-IMG_1663-200x300.jpg\" data-sizes=\"(max-width: 200px) 100vw, 200px\" \/><\/a><\/div>\n<\/figure>\n<figure class=\"gallery-item\">\n<div class=\"gallery-icon portrait\"><a href=\"https:\/\/infonewss.com\/wp-content\/uploads\/2023\/09\/Belem-vence-Paulistana-por-2-%C3%97-1-em-jogo-de-ida-das-quartas-de-finais-da-II-Copa-AMVI-IMG_1664.jpg\"><img loading=\"lazy\" decoding=\"async\" class=\"attachment-medium size-medium lazyloaded\" src=\"https:\/\/infonewss.com\/wp-content\/uploads\/2023\/09\/Belem-vence-Paulistana-por-2-%C3%97-1-em-jogo-de-ida-das-quartas-de-finais-da-II-Copa-AMVI-IMG_1664-200x300.jpg\" sizes=\"(max-width: 200px) 100vw, 200px\" srcset=\"https:\/\/infonewss.com\/wp-content\/uploads\/2023\/09\/Belem-vence-Paulistana-por-2-\u00d7-1-em-jogo-de-ida-das-quartas-de-finais-da-II-Copa-AMVI-IMG_1664-200x300.jpg 200w, https:\/\/infonewss.com\/wp-content\/uploads\/2023\/09\/Belem-vence-Paulistana-por-2-\u00d7-1-em-jogo-de-ida-das-quartas-de-finais-da-II-Copa-AMVI-IMG_1664-683x1024.jpg 683w, https:\/\/infonewss.com\/wp-content\/uploads\/2023\/09\/Belem-vence-Paulistana-por-2-\u00d7-1-em-jogo-de-ida-das-quartas-de-finais-da-II-Copa-AMVI-IMG_1664-768x1152.jpg 768w, https:\/\/infonewss.com\/wp-content\/uploads\/2023\/09\/Belem-vence-Paulistana-por-2-\u00d7-1-em-jogo-de-ida-das-quartas-de-finais-da-II-Copa-AMVI-IMG_1664-150x225.jpg 150w, https:\/\/infonewss.com\/wp-content\/uploads\/2023\/09\/Belem-vence-Paulistana-por-2-\u00d7-1-em-jogo-de-ida-das-quartas-de-finais-da-II-Copa-AMVI-IMG_1664-300x450.jpg 300w, https:\/\/infonewss.com\/wp-content\/uploads\/2023\/09\/Belem-vence-Paulistana-por-2-\u00d7-1-em-jogo-de-ida-das-quartas-de-finais-da-II-Copa-AMVI-IMG_1664-696x1044.jpg 696w, https:\/\/infonewss.com\/wp-content\/uploads\/2023\/09\/Belem-vence-Paulistana-por-2-\u00d7-1-em-jogo-de-ida-das-quartas-de-finais-da-II-Copa-AMVI-IMG_1664.jpg 900w\" alt=\"\" width=\"200\" height=\"300\" data-srcset=\"https:\/\/infonewss.com\/wp-content\/uploads\/2023\/09\/Belem-vence-Paulistana-por-2-\u00d7-1-em-jogo-de-ida-das-quartas-de-finais-da-II-Copa-AMVI-IMG_1664-200x300.jpg 200w, https:\/\/infonewss.com\/wp-content\/uploads\/2023\/09\/Belem-vence-Paulistana-por-2-\u00d7-1-em-jogo-de-ida-das-quartas-de-finais-da-II-Copa-AMVI-IMG_1664-683x1024.jpg 683w, https:\/\/infonewss.com\/wp-content\/uploads\/2023\/09\/Belem-vence-Paulistana-por-2-\u00d7-1-em-jogo-de-ida-das-quartas-de-finais-da-II-Copa-AMVI-IMG_1664-768x1152.jpg 768w, https:\/\/infonewss.com\/wp-content\/uploads\/2023\/09\/Belem-vence-Paulistana-por-2-\u00d7-1-em-jogo-de-ida-das-quartas-de-finais-da-II-Copa-AMVI-IMG_1664-150x225.jpg 150w, https:\/\/infonewss.com\/wp-content\/uploads\/2023\/09\/Belem-vence-Paulistana-por-2-\u00d7-1-em-jogo-de-ida-das-quartas-de-finais-da-II-Copa-AMVI-IMG_1664-300x450.jpg 300w, https:\/\/infonewss.com\/wp-content\/uploads\/2023\/09\/Belem-vence-Paulistana-por-2-\u00d7-1-em-jogo-de-ida-das-quartas-de-finais-da-II-Copa-AMVI-IMG_1664-696x1044.jpg 696w, https:\/\/infonewss.com\/wp-content\/uploads\/2023\/09\/Belem-vence-Paulistana-por-2-\u00d7-1-em-jogo-de-ida-das-quartas-de-finais-da-II-Copa-AMVI-IMG_1664.jpg 900w\" data-src=\"https:\/\/infonewss.com\/wp-content\/uploads\/2023\/09\/Belem-vence-Paulistana-por-2-\u00d7-1-em-jogo-de-ida-das-quartas-de-finais-da-II-Copa-AMVI-IMG_1664-200x300.jpg\" data-sizes=\"(max-width: 200px) 100vw, 200px\" \/><\/a><\/div>\n<\/figure>\n<figure class=\"gallery-item\">\n<div class=\"gallery-icon portrait\"><a href=\"https:\/\/infonewss.com\/wp-content\/uploads\/2023\/09\/Belem-vence-Paulistana-por-2-%C3%97-1-em-jogo-de-ida-das-quartas-de-finais-da-II-Copa-AMVI-IMG_1667.jpg\"><img loading=\"lazy\" decoding=\"async\" class=\"attachment-medium size-medium lazyloaded\" src=\"https:\/\/infonewss.com\/wp-content\/uploads\/2023\/09\/Belem-vence-Paulistana-por-2-%C3%97-1-em-jogo-de-ida-das-quartas-de-finais-da-II-Copa-AMVI-IMG_1667-200x300.jpg\" sizes=\"(max-width: 200px) 100vw, 200px\" srcset=\"https:\/\/infonewss.com\/wp-content\/uploads\/2023\/09\/Belem-vence-Paulistana-por-2-\u00d7-1-em-jogo-de-ida-das-quartas-de-finais-da-II-Copa-AMVI-IMG_1667-200x300.jpg 200w, https:\/\/infonewss.com\/wp-content\/uploads\/2023\/09\/Belem-vence-Paulistana-por-2-\u00d7-1-em-jogo-de-ida-das-quartas-de-finais-da-II-Copa-AMVI-IMG_1667-683x1024.jpg 683w, https:\/\/infonewss.com\/wp-content\/uploads\/2023\/09\/Belem-vence-Paulistana-por-2-\u00d7-1-em-jogo-de-ida-das-quartas-de-finais-da-II-Copa-AMVI-IMG_1667-768x1152.jpg 768w, https:\/\/infonewss.com\/wp-content\/uploads\/2023\/09\/Belem-vence-Paulistana-por-2-\u00d7-1-em-jogo-de-ida-das-quartas-de-finais-da-II-Copa-AMVI-IMG_1667-150x225.jpg 150w, https:\/\/infonewss.com\/wp-content\/uploads\/2023\/09\/Belem-vence-Paulistana-por-2-\u00d7-1-em-jogo-de-ida-das-quartas-de-finais-da-II-Copa-AMVI-IMG_1667-300x450.jpg 300w, https:\/\/infonewss.com\/wp-content\/uploads\/2023\/09\/Belem-vence-Paulistana-por-2-\u00d7-1-em-jogo-de-ida-das-quartas-de-finais-da-II-Copa-AMVI-IMG_1667-696x1044.jpg 696w, https:\/\/infonewss.com\/wp-content\/uploads\/2023\/09\/Belem-vence-Paulistana-por-2-\u00d7-1-em-jogo-de-ida-das-quartas-de-finais-da-II-Copa-AMVI-IMG_1667.jpg 900w\" alt=\"\" width=\"200\" height=\"300\" data-srcset=\"https:\/\/infonewss.com\/wp-content\/uploads\/2023\/09\/Belem-vence-Paulistana-por-2-\u00d7-1-em-jogo-de-ida-das-quartas-de-finais-da-II-Copa-AMVI-IMG_1667-200x300.jpg 200w, https:\/\/infonewss.com\/wp-content\/uploads\/2023\/09\/Belem-vence-Paulistana-por-2-\u00d7-1-em-jogo-de-ida-das-quartas-de-finais-da-II-Copa-AMVI-IMG_1667-683x1024.jpg 683w, https:\/\/infonewss.com\/wp-content\/uploads\/2023\/09\/Belem-vence-Paulistana-por-2-\u00d7-1-em-jogo-de-ida-das-quartas-de-finais-da-II-Copa-AMVI-IMG_1667-768x1152.jpg 768w, https:\/\/infonewss.com\/wp-content\/uploads\/2023\/09\/Belem-vence-Paulistana-por-2-\u00d7-1-em-jogo-de-ida-das-quartas-de-finais-da-II-Copa-AMVI-IMG_1667-150x225.jpg 150w, https:\/\/infonewss.com\/wp-content\/uploads\/2023\/09\/Belem-vence-Paulistana-por-2-\u00d7-1-em-jogo-de-ida-das-quartas-de-finais-da-II-Copa-AMVI-IMG_1667-300x450.jpg 300w, https:\/\/infonewss.com\/wp-content\/uploads\/2023\/09\/Belem-vence-Paulistana-por-2-\u00d7-1-em-jogo-de-ida-das-quartas-de-finais-da-II-Copa-AMVI-IMG_1667-696x1044.jpg 696w, https:\/\/infonewss.com\/wp-content\/uploads\/2023\/09\/Belem-vence-Paulistana-por-2-\u00d7-1-em-jogo-de-ida-das-quartas-de-finais-da-II-Copa-AMVI-IMG_1667.jpg 900w\" data-src=\"https:\/\/infonewss.com\/wp-content\/uploads\/2023\/09\/Belem-vence-Paulistana-por-2-\u00d7-1-em-jogo-de-ida-das-quartas-de-finais-da-II-Copa-AMVI-IMG_1667-200x300.jpg\" data-sizes=\"(max-width: 200px) 100vw, 200px\" \/><\/a><\/div>\n<\/figure>\n<figure class=\"gallery-item\">\n<div class=\"gallery-icon portrait\"><a href=\"https:\/\/infonewss.com\/wp-content\/uploads\/2023\/09\/Belem-vence-Paulistana-por-2-%C3%97-1-em-jogo-de-ida-das-quartas-de-finais-da-II-Copa-AMVI-IMG_1668.jpg\"><img loading=\"lazy\" decoding=\"async\" class=\"attachment-medium size-medium lazyloaded\" src=\"https:\/\/infonewss.com\/wp-content\/uploads\/2023\/09\/Belem-vence-Paulistana-por-2-%C3%97-1-em-jogo-de-ida-das-quartas-de-finais-da-II-Copa-AMVI-IMG_1668-200x300.jpg\" sizes=\"(max-width: 200px) 100vw, 200px\" srcset=\"https:\/\/infonewss.com\/wp-content\/uploads\/2023\/09\/Belem-vence-Paulistana-por-2-\u00d7-1-em-jogo-de-ida-das-quartas-de-finais-da-II-Copa-AMVI-IMG_1668-200x300.jpg 200w, https:\/\/infonewss.com\/wp-content\/uploads\/2023\/09\/Belem-vence-Paulistana-por-2-\u00d7-1-em-jogo-de-ida-das-quartas-de-finais-da-II-Copa-AMVI-IMG_1668-683x1024.jpg 683w, https:\/\/infonewss.com\/wp-content\/uploads\/2023\/09\/Belem-vence-Paulistana-por-2-\u00d7-1-em-jogo-de-ida-das-quartas-de-finais-da-II-Copa-AMVI-IMG_1668-768x1152.jpg 768w, https:\/\/infonewss.com\/wp-content\/uploads\/2023\/09\/Belem-vence-Paulistana-por-2-\u00d7-1-em-jogo-de-ida-das-quartas-de-finais-da-II-Copa-AMVI-IMG_1668-150x225.jpg 150w, https:\/\/infonewss.com\/wp-content\/uploads\/2023\/09\/Belem-vence-Paulistana-por-2-\u00d7-1-em-jogo-de-ida-das-quartas-de-finais-da-II-Copa-AMVI-IMG_1668-300x450.jpg 300w, https:\/\/infonewss.com\/wp-content\/uploads\/2023\/09\/Belem-vence-Paulistana-por-2-\u00d7-1-em-jogo-de-ida-das-quartas-de-finais-da-II-Copa-AMVI-IMG_1668-696x1044.jpg 696w, https:\/\/infonewss.com\/wp-content\/uploads\/2023\/09\/Belem-vence-Paulistana-por-2-\u00d7-1-em-jogo-de-ida-das-quartas-de-finais-da-II-Copa-AMVI-IMG_1668.jpg 900w\" alt=\"\" width=\"200\" height=\"300\" data-srcset=\"https:\/\/infonewss.com\/wp-content\/uploads\/2023\/09\/Belem-vence-Paulistana-por-2-\u00d7-1-em-jogo-de-ida-das-quartas-de-finais-da-II-Copa-AMVI-IMG_1668-200x300.jpg 200w, https:\/\/infonewss.com\/wp-content\/uploads\/2023\/09\/Belem-vence-Paulistana-por-2-\u00d7-1-em-jogo-de-ida-das-quartas-de-finais-da-II-Copa-AMVI-IMG_1668-683x1024.jpg 683w, https:\/\/infonewss.com\/wp-content\/uploads\/2023\/09\/Belem-vence-Paulistana-por-2-\u00d7-1-em-jogo-de-ida-das-quartas-de-finais-da-II-Copa-AMVI-IMG_1668-768x1152.jpg 768w, https:\/\/infonewss.com\/wp-content\/uploads\/2023\/09\/Belem-vence-Paulistana-por-2-\u00d7-1-em-jogo-de-ida-das-quartas-de-finais-da-II-Copa-AMVI-IMG_1668-150x225.jpg 150w, https:\/\/infonewss.com\/wp-content\/uploads\/2023\/09\/Belem-vence-Paulistana-por-2-\u00d7-1-em-jogo-de-ida-das-quartas-de-finais-da-II-Copa-AMVI-IMG_1668-300x450.jpg 300w, https:\/\/infonewss.com\/wp-content\/uploads\/2023\/09\/Belem-vence-Paulistana-por-2-\u00d7-1-em-jogo-de-ida-das-quartas-de-finais-da-II-Copa-AMVI-IMG_1668-696x1044.jpg 696w, https:\/\/infonewss.com\/wp-content\/uploads\/2023\/09\/Belem-vence-Paulistana-por-2-\u00d7-1-em-jogo-de-ida-das-quartas-de-finais-da-II-Copa-AMVI-IMG_1668.jpg 900w\" data-src=\"https:\/\/infonewss.com\/wp-content\/uploads\/2023\/09\/Belem-vence-Paulistana-por-2-\u00d7-1-em-jogo-de-ida-das-quartas-de-finais-da-II-Copa-AMVI-IMG_1668-200x300.jpg\" data-sizes=\"(max-width: 200px) 100vw, 200px\" \/><\/a><\/div>\n<\/figure>\n<figure class=\"gallery-item\">\n<div class=\"gallery-icon portrait\"><a href=\"https:\/\/infonewss.com\/wp-content\/uploads\/2023\/09\/Belem-vence-Paulistana-por-2-%C3%97-1-em-jogo-de-ida-das-quartas-de-finais-da-II-Copa-AMVI-IMG_1670.jpg\"><img loading=\"lazy\" decoding=\"async\" class=\"attachment-medium size-medium lazyloaded\" src=\"https:\/\/infonewss.com\/wp-content\/uploads\/2023\/09\/Belem-vence-Paulistana-por-2-%C3%97-1-em-jogo-de-ida-das-quartas-de-finais-da-II-Copa-AMVI-IMG_1670-200x300.jpg\" sizes=\"(max-width: 200px) 100vw, 200px\" srcset=\"https:\/\/infonewss.com\/wp-content\/uploads\/2023\/09\/Belem-vence-Paulistana-por-2-\u00d7-1-em-jogo-de-ida-das-quartas-de-finais-da-II-Copa-AMVI-IMG_1670-200x300.jpg 200w, https:\/\/infonewss.com\/wp-content\/uploads\/2023\/09\/Belem-vence-Paulistana-por-2-\u00d7-1-em-jogo-de-ida-das-quartas-de-finais-da-II-Copa-AMVI-IMG_1670-683x1024.jpg 683w, https:\/\/infonewss.com\/wp-content\/uploads\/2023\/09\/Belem-vence-Paulistana-por-2-\u00d7-1-em-jogo-de-ida-das-quartas-de-finais-da-II-Copa-AMVI-IMG_1670-768x1152.jpg 768w, https:\/\/infonewss.com\/wp-content\/uploads\/2023\/09\/Belem-vence-Paulistana-por-2-\u00d7-1-em-jogo-de-ida-das-quartas-de-finais-da-II-Copa-AMVI-IMG_1670-150x225.jpg 150w, https:\/\/infonewss.com\/wp-content\/uploads\/2023\/09\/Belem-vence-Paulistana-por-2-\u00d7-1-em-jogo-de-ida-das-quartas-de-finais-da-II-Copa-AMVI-IMG_1670-300x450.jpg 300w, https:\/\/infonewss.com\/wp-content\/uploads\/2023\/09\/Belem-vence-Paulistana-por-2-\u00d7-1-em-jogo-de-ida-das-quartas-de-finais-da-II-Copa-AMVI-IMG_1670-696x1044.jpg 696w, https:\/\/infonewss.com\/wp-content\/uploads\/2023\/09\/Belem-vence-Paulistana-por-2-\u00d7-1-em-jogo-de-ida-das-quartas-de-finais-da-II-Copa-AMVI-IMG_1670.jpg 900w\" alt=\"\" width=\"200\" height=\"300\" data-srcset=\"https:\/\/infonewss.com\/wp-content\/uploads\/2023\/09\/Belem-vence-Paulistana-por-2-\u00d7-1-em-jogo-de-ida-das-quartas-de-finais-da-II-Copa-AMVI-IMG_1670-200x300.jpg 200w, https:\/\/infonewss.com\/wp-content\/uploads\/2023\/09\/Belem-vence-Paulistana-por-2-\u00d7-1-em-jogo-de-ida-das-quartas-de-finais-da-II-Copa-AMVI-IMG_1670-683x1024.jpg 683w, https:\/\/infonewss.com\/wp-content\/uploads\/2023\/09\/Belem-vence-Paulistana-por-2-\u00d7-1-em-jogo-de-ida-das-quartas-de-finais-da-II-Copa-AMVI-IMG_1670-768x1152.jpg 768w, https:\/\/infonewss.com\/wp-content\/uploads\/2023\/09\/Belem-vence-Paulistana-por-2-\u00d7-1-em-jogo-de-ida-das-quartas-de-finais-da-II-Copa-AMVI-IMG_1670-150x225.jpg 150w, https:\/\/infonewss.com\/wp-content\/uploads\/2023\/09\/Belem-vence-Paulistana-por-2-\u00d7-1-em-jogo-de-ida-das-quartas-de-finais-da-II-Copa-AMVI-IMG_1670-300x450.jpg 300w, https:\/\/infonewss.com\/wp-content\/uploads\/2023\/09\/Belem-vence-Paulistana-por-2-\u00d7-1-em-jogo-de-ida-das-quartas-de-finais-da-II-Copa-AMVI-IMG_1670-696x1044.jpg 696w, https:\/\/infonewss.com\/wp-content\/uploads\/2023\/09\/Belem-vence-Paulistana-por-2-\u00d7-1-em-jogo-de-ida-das-quartas-de-finais-da-II-Copa-AMVI-IMG_1670.jpg 900w\" data-src=\"https:\/\/infonewss.com\/wp-content\/uploads\/2023\/09\/Belem-vence-Paulistana-por-2-\u00d7-1-em-jogo-de-ida-das-quartas-de-finais-da-II-Copa-AMVI-IMG_1670-200x300.jpg\" data-sizes=\"(max-width: 200px) 100vw, 200px\" \/><\/a><\/div>\n<\/figure>\n<figure class=\"gallery-item\">\n<div class=\"gallery-icon landscape\"><a href=\"https:\/\/infonewss.com\/wp-content\/uploads\/2023\/09\/Belem-vence-Paulistana-por-2-%C3%97-1-em-jogo-de-ida-das-quartas-de-finais-da-II-Copa-AMVI-IMG_1676.jpg\"><img loading=\"lazy\" decoding=\"async\" class=\"attachment-medium size-medium lazyloaded\" src=\"https:\/\/infonewss.com\/wp-content\/uploads\/2023\/09\/Belem-vence-Paulistana-por-2-%C3%97-1-em-jogo-de-ida-das-quartas-de-finais-da-II-Copa-AMVI-IMG_1676-300x200.jpg\" sizes=\"(max-width: 300px) 100vw, 300px\" srcset=\"https:\/\/infonewss.com\/wp-content\/uploads\/2023\/09\/Belem-vence-Paulistana-por-2-\u00d7-1-em-jogo-de-ida-das-quartas-de-finais-da-II-Copa-AMVI-IMG_1676-300x200.jpg 300w, https:\/\/infonewss.com\/wp-content\/uploads\/2023\/09\/Belem-vence-Paulistana-por-2-\u00d7-1-em-jogo-de-ida-das-quartas-de-finais-da-II-Copa-AMVI-IMG_1676-768x512.jpg 768w, https:\/\/infonewss.com\/wp-content\/uploads\/2023\/09\/Belem-vence-Paulistana-por-2-\u00d7-1-em-jogo-de-ida-das-quartas-de-finais-da-II-Copa-AMVI-IMG_1676-150x100.jpg 150w, https:\/\/infonewss.com\/wp-content\/uploads\/2023\/09\/Belem-vence-Paulistana-por-2-\u00d7-1-em-jogo-de-ida-das-quartas-de-finais-da-II-Copa-AMVI-IMG_1676-696x464.jpg 696w, https:\/\/infonewss.com\/wp-content\/uploads\/2023\/09\/Belem-vence-Paulistana-por-2-\u00d7-1-em-jogo-de-ida-das-quartas-de-finais-da-II-Copa-AMVI-IMG_1676.jpg 900w\" alt=\"\" width=\"300\" height=\"200\" data-srcset=\"https:\/\/infonewss.com\/wp-content\/uploads\/2023\/09\/Belem-vence-Paulistana-por-2-\u00d7-1-em-jogo-de-ida-das-quartas-de-finais-da-II-Copa-AMVI-IMG_1676-300x200.jpg 300w, https:\/\/infonewss.com\/wp-content\/uploads\/2023\/09\/Belem-vence-Paulistana-por-2-\u00d7-1-em-jogo-de-ida-das-quartas-de-finais-da-II-Copa-AMVI-IMG_1676-768x512.jpg 768w, https:\/\/infonewss.com\/wp-content\/uploads\/2023\/09\/Belem-vence-Paulistana-por-2-\u00d7-1-em-jogo-de-ida-das-quartas-de-finais-da-II-Copa-AMVI-IMG_1676-150x100.jpg 150w, https:\/\/infonewss.com\/wp-content\/uploads\/2023\/09\/Belem-vence-Paulistana-por-2-\u00d7-1-em-jogo-de-ida-das-quartas-de-finais-da-II-Copa-AMVI-IMG_1676-696x464.jpg 696w, https:\/\/infonewss.com\/wp-content\/uploads\/2023\/09\/Belem-vence-Paulistana-por-2-\u00d7-1-em-jogo-de-ida-das-quartas-de-finais-da-II-Copa-AMVI-IMG_1676.jpg 900w\" data-src=\"https:\/\/infonewss.com\/wp-content\/uploads\/2023\/09\/Belem-vence-Paulistana-por-2-\u00d7-1-em-jogo-de-ida-das-quartas-de-finais-da-II-Copa-AMVI-IMG_1676-300x200.jpg\" data-sizes=\"(max-width: 300px) 100vw, 300px\" \/><\/a><\/div>\n<\/figure>\n<figure class=\"gallery-item\">\n<div class=\"gallery-icon landscape\"><a href=\"https:\/\/infonewss.com\/wp-content\/uploads\/2023\/09\/Belem-vence-Paulistana-por-2-%C3%97-1-em-jogo-de-ida-das-quartas-de-finais-da-II-Copa-AMVI-IMG_1677.jpg\"><img loading=\"lazy\" decoding=\"async\" class=\"attachment-medium size-medium lazyloaded\" src=\"https:\/\/infonewss.com\/wp-content\/uploads\/2023\/09\/Belem-vence-Paulistana-por-2-%C3%97-1-em-jogo-de-ida-das-quartas-de-finais-da-II-Copa-AMVI-IMG_1677-300x200.jpg\" sizes=\"(max-width: 300px) 100vw, 300px\" srcset=\"https:\/\/infonewss.com\/wp-content\/uploads\/2023\/09\/Belem-vence-Paulistana-por-2-\u00d7-1-em-jogo-de-ida-das-quartas-de-finais-da-II-Copa-AMVI-IMG_1677-300x200.jpg 300w, https:\/\/infonewss.com\/wp-content\/uploads\/2023\/09\/Belem-vence-Paulistana-por-2-\u00d7-1-em-jogo-de-ida-das-quartas-de-finais-da-II-Copa-AMVI-IMG_1677-768x512.jpg 768w, https:\/\/infonewss.com\/wp-content\/uploads\/2023\/09\/Belem-vence-Paulistana-por-2-\u00d7-1-em-jogo-de-ida-das-quartas-de-finais-da-II-Copa-AMVI-IMG_1677-150x100.jpg 150w, https:\/\/infonewss.com\/wp-content\/uploads\/2023\/09\/Belem-vence-Paulistana-por-2-\u00d7-1-em-jogo-de-ida-das-quartas-de-finais-da-II-Copa-AMVI-IMG_1677-696x464.jpg 696w, https:\/\/infonewss.com\/wp-content\/uploads\/2023\/09\/Belem-vence-Paulistana-por-2-\u00d7-1-em-jogo-de-ida-das-quartas-de-finais-da-II-Copa-AMVI-IMG_1677.jpg 900w\" alt=\"\" width=\"300\" height=\"200\" data-srcset=\"https:\/\/infonewss.com\/wp-content\/uploads\/2023\/09\/Belem-vence-Paulistana-por-2-\u00d7-1-em-jogo-de-ida-das-quartas-de-finais-da-II-Copa-AMVI-IMG_1677-300x200.jpg 300w, https:\/\/infonewss.com\/wp-content\/uploads\/2023\/09\/Belem-vence-Paulistana-por-2-\u00d7-1-em-jogo-de-ida-das-quartas-de-finais-da-II-Copa-AMVI-IMG_1677-768x512.jpg 768w, https:\/\/infonewss.com\/wp-content\/uploads\/2023\/09\/Belem-vence-Paulistana-por-2-\u00d7-1-em-jogo-de-ida-das-quartas-de-finais-da-II-Copa-AMVI-IMG_1677-150x100.jpg 150w, https:\/\/infonewss.com\/wp-content\/uploads\/2023\/09\/Belem-vence-Paulistana-por-2-\u00d7-1-em-jogo-de-ida-das-quartas-de-finais-da-II-Copa-AMVI-IMG_1677-696x464.jpg 696w, https:\/\/infonewss.com\/wp-content\/uploads\/2023\/09\/Belem-vence-Paulistana-por-2-\u00d7-1-em-jogo-de-ida-das-quartas-de-finais-da-II-Copa-AMVI-IMG_1677.jpg 900w\" data-src=\"https:\/\/infonewss.com\/wp-content\/uploads\/2023\/09\/Belem-vence-Paulistana-por-2-\u00d7-1-em-jogo-de-ida-das-quartas-de-finais-da-II-Copa-AMVI-IMG_1677-300x200.jpg\" data-sizes=\"(max-width: 300px) 100vw, 300px\" \/><\/a><\/div>\n<\/figure>\n<figure class=\"gallery-item\">\n<div class=\"gallery-icon landscape\"><a href=\"https:\/\/infonewss.com\/wp-content\/uploads\/2023\/09\/Belem-vence-Paulistana-por-2-%C3%97-1-em-jogo-de-ida-das-quartas-de-finais-da-II-Copa-AMVI-IMG_1681.jpg\"><img loading=\"lazy\" decoding=\"async\" class=\"attachment-medium size-medium lazyloaded\" src=\"https:\/\/infonewss.com\/wp-content\/uploads\/2023\/09\/Belem-vence-Paulistana-por-2-%C3%97-1-em-jogo-de-ida-das-quartas-de-finais-da-II-Copa-AMVI-IMG_1681-300x200.jpg\" sizes=\"(max-width: 300px) 100vw, 300px\" srcset=\"https:\/\/infonewss.com\/wp-content\/uploads\/2023\/09\/Belem-vence-Paulistana-por-2-\u00d7-1-em-jogo-de-ida-das-quartas-de-finais-da-II-Copa-AMVI-IMG_1681-300x200.jpg 300w, https:\/\/infonewss.com\/wp-content\/uploads\/2023\/09\/Belem-vence-Paulistana-por-2-\u00d7-1-em-jogo-de-ida-das-quartas-de-finais-da-II-Copa-AMVI-IMG_1681-768x512.jpg 768w, https:\/\/infonewss.com\/wp-content\/uploads\/2023\/09\/Belem-vence-Paulistana-por-2-\u00d7-1-em-jogo-de-ida-das-quartas-de-finais-da-II-Copa-AMVI-IMG_1681-150x100.jpg 150w, https:\/\/infonewss.com\/wp-content\/uploads\/2023\/09\/Belem-vence-Paulistana-por-2-\u00d7-1-em-jogo-de-ida-das-quartas-de-finais-da-II-Copa-AMVI-IMG_1681-696x464.jpg 696w, https:\/\/infonewss.com\/wp-content\/uploads\/2023\/09\/Belem-vence-Paulistana-por-2-\u00d7-1-em-jogo-de-ida-das-quartas-de-finais-da-II-Copa-AMVI-IMG_1681.jpg 900w\" alt=\"\" width=\"300\" height=\"200\" data-srcset=\"https:\/\/infonewss.com\/wp-content\/uploads\/2023\/09\/Belem-vence-Paulistana-por-2-\u00d7-1-em-jogo-de-ida-das-quartas-de-finais-da-II-Copa-AMVI-IMG_1681-300x200.jpg 300w, https:\/\/infonewss.com\/wp-content\/uploads\/2023\/09\/Belem-vence-Paulistana-por-2-\u00d7-1-em-jogo-de-ida-das-quartas-de-finais-da-II-Copa-AMVI-IMG_1681-768x512.jpg 768w, https:\/\/infonewss.com\/wp-content\/uploads\/2023\/09\/Belem-vence-Paulistana-por-2-\u00d7-1-em-jogo-de-ida-das-quartas-de-finais-da-II-Copa-AMVI-IMG_1681-150x100.jpg 150w, https:\/\/infonewss.com\/wp-content\/uploads\/2023\/09\/Belem-vence-Paulistana-por-2-\u00d7-1-em-jogo-de-ida-das-quartas-de-finais-da-II-Copa-AMVI-IMG_1681-696x464.jpg 696w, https:\/\/infonewss.com\/wp-content\/uploads\/2023\/09\/Belem-vence-Paulistana-por-2-\u00d7-1-em-jogo-de-ida-das-quartas-de-finais-da-II-Copa-AMVI-IMG_1681.jpg 900w\" data-src=\"https:\/\/infonewss.com\/wp-content\/uploads\/2023\/09\/Belem-vence-Paulistana-por-2-\u00d7-1-em-jogo-de-ida-das-quartas-de-finais-da-II-Copa-AMVI-IMG_1681-300x200.jpg\" data-sizes=\"(max-width: 300px) 100vw, 300px\" \/><\/a><\/div>\n<\/figure>\n<figure class=\"gallery-item\">\n<div class=\"gallery-icon landscape\"><a href=\"https:\/\/infonewss.com\/wp-content\/uploads\/2023\/09\/Belem-vence-Paulistana-por-2-%C3%97-1-em-jogo-de-ida-das-quartas-de-finais-da-II-Copa-AMVI-IMG_1682.jpg\"><img loading=\"lazy\" decoding=\"async\" class=\"attachment-medium size-medium lazyloaded\" src=\"https:\/\/infonewss.com\/wp-content\/uploads\/2023\/09\/Belem-vence-Paulistana-por-2-%C3%97-1-em-jogo-de-ida-das-quartas-de-finais-da-II-Copa-AMVI-IMG_1682-300x200.jpg\" sizes=\"(max-width: 300px) 100vw, 300px\" srcset=\"https:\/\/infonewss.com\/wp-content\/uploads\/2023\/09\/Belem-vence-Paulistana-por-2-\u00d7-1-em-jogo-de-ida-das-quartas-de-finais-da-II-Copa-AMVI-IMG_1682-300x200.jpg 300w, https:\/\/infonewss.com\/wp-content\/uploads\/2023\/09\/Belem-vence-Paulistana-por-2-\u00d7-1-em-jogo-de-ida-das-quartas-de-finais-da-II-Copa-AMVI-IMG_1682-768x512.jpg 768w, https:\/\/infonewss.com\/wp-content\/uploads\/2023\/09\/Belem-vence-Paulistana-por-2-\u00d7-1-em-jogo-de-ida-das-quartas-de-finais-da-II-Copa-AMVI-IMG_1682-150x100.jpg 150w, https:\/\/infonewss.com\/wp-content\/uploads\/2023\/09\/Belem-vence-Paulistana-por-2-\u00d7-1-em-jogo-de-ida-das-quartas-de-finais-da-II-Copa-AMVI-IMG_1682-696x464.jpg 696w, https:\/\/infonewss.com\/wp-content\/uploads\/2023\/09\/Belem-vence-Paulistana-por-2-\u00d7-1-em-jogo-de-ida-das-quartas-de-finais-da-II-Copa-AMVI-IMG_1682.jpg 900w\" alt=\"\" width=\"300\" height=\"200\" data-srcset=\"https:\/\/infonewss.com\/wp-content\/uploads\/2023\/09\/Belem-vence-Paulistana-por-2-\u00d7-1-em-jogo-de-ida-das-quartas-de-finais-da-II-Copa-AMVI-IMG_1682-300x200.jpg 300w, https:\/\/infonewss.com\/wp-content\/uploads\/2023\/09\/Belem-vence-Paulistana-por-2-\u00d7-1-em-jogo-de-ida-das-quartas-de-finais-da-II-Copa-AMVI-IMG_1682-768x512.jpg 768w, https:\/\/infonewss.com\/wp-content\/uploads\/2023\/09\/Belem-vence-Paulistana-por-2-\u00d7-1-em-jogo-de-ida-das-quartas-de-finais-da-II-Copa-AMVI-IMG_1682-150x100.jpg 150w, https:\/\/infonewss.com\/wp-content\/uploads\/2023\/09\/Belem-vence-Paulistana-por-2-\u00d7-1-em-jogo-de-ida-das-quartas-de-finais-da-II-Copa-AMVI-IMG_1682-696x464.jpg 696w, https:\/\/infonewss.com\/wp-content\/uploads\/2023\/09\/Belem-vence-Paulistana-por-2-\u00d7-1-em-jogo-de-ida-das-quartas-de-finais-da-II-Copa-AMVI-IMG_1682.jpg 900w\" data-src=\"https:\/\/infonewss.com\/wp-content\/uploads\/2023\/09\/Belem-vence-Paulistana-por-2-\u00d7-1-em-jogo-de-ida-das-quartas-de-finais-da-II-Copa-AMVI-IMG_1682-300x200.jpg\" data-sizes=\"(max-width: 300px) 100vw, 300px\" \/><\/a><\/div>\n<\/figure>\n<figure class=\"gallery-item\">\n<div class=\"gallery-icon landscape\"><a href=\"https:\/\/infonewss.com\/wp-content\/uploads\/2023\/09\/Belem-vence-Paulistana-por-2-%C3%97-1-em-jogo-de-ida-das-quartas-de-finais-da-II-Copa-AMVI-IMG_1684.jpg\"><img loading=\"lazy\" decoding=\"async\" class=\"attachment-medium size-medium lazyloaded\" src=\"https:\/\/infonewss.com\/wp-content\/uploads\/2023\/09\/Belem-vence-Paulistana-por-2-%C3%97-1-em-jogo-de-ida-das-quartas-de-finais-da-II-Copa-AMVI-IMG_1684-300x200.jpg\" sizes=\"(max-width: 300px) 100vw, 300px\" srcset=\"https:\/\/infonewss.com\/wp-content\/uploads\/2023\/09\/Belem-vence-Paulistana-por-2-\u00d7-1-em-jogo-de-ida-das-quartas-de-finais-da-II-Copa-AMVI-IMG_1684-300x200.jpg 300w, https:\/\/infonewss.com\/wp-content\/uploads\/2023\/09\/Belem-vence-Paulistana-por-2-\u00d7-1-em-jogo-de-ida-das-quartas-de-finais-da-II-Copa-AMVI-IMG_1684-768x512.jpg 768w, https:\/\/infonewss.com\/wp-content\/uploads\/2023\/09\/Belem-vence-Paulistana-por-2-\u00d7-1-em-jogo-de-ida-das-quartas-de-finais-da-II-Copa-AMVI-IMG_1684-150x100.jpg 150w, https:\/\/infonewss.com\/wp-content\/uploads\/2023\/09\/Belem-vence-Paulistana-por-2-\u00d7-1-em-jogo-de-ida-das-quartas-de-finais-da-II-Copa-AMVI-IMG_1684-696x464.jpg 696w, https:\/\/infonewss.com\/wp-content\/uploads\/2023\/09\/Belem-vence-Paulistana-por-2-\u00d7-1-em-jogo-de-ida-das-quartas-de-finais-da-II-Copa-AMVI-IMG_1684.jpg 900w\" alt=\"\" width=\"300\" height=\"200\" data-srcset=\"https:\/\/infonewss.com\/wp-content\/uploads\/2023\/09\/Belem-vence-Paulistana-por-2-\u00d7-1-em-jogo-de-ida-das-quartas-de-finais-da-II-Copa-AMVI-IMG_1684-300x200.jpg 300w, https:\/\/infonewss.com\/wp-content\/uploads\/2023\/09\/Belem-vence-Paulistana-por-2-\u00d7-1-em-jogo-de-ida-das-quartas-de-finais-da-II-Copa-AMVI-IMG_1684-768x512.jpg 768w, https:\/\/infonewss.com\/wp-content\/uploads\/2023\/09\/Belem-vence-Paulistana-por-2-\u00d7-1-em-jogo-de-ida-das-quartas-de-finais-da-II-Copa-AMVI-IMG_1684-150x100.jpg 150w, https:\/\/infonewss.com\/wp-content\/uploads\/2023\/09\/Belem-vence-Paulistana-por-2-\u00d7-1-em-jogo-de-ida-das-quartas-de-finais-da-II-Copa-AMVI-IMG_1684-696x464.jpg 696w, https:\/\/infonewss.com\/wp-content\/uploads\/2023\/09\/Belem-vence-Paulistana-por-2-\u00d7-1-em-jogo-de-ida-das-quartas-de-finais-da-II-Copa-AMVI-IMG_1684.jpg 900w\" data-src=\"https:\/\/infonewss.com\/wp-content\/uploads\/2023\/09\/Belem-vence-Paulistana-por-2-\u00d7-1-em-jogo-de-ida-das-quartas-de-finais-da-II-Copa-AMVI-IMG_1684-300x200.jpg\" data-sizes=\"(max-width: 300px) 100vw, 300px\" \/><\/a><\/div>\n<\/figure>\n<figure class=\"gallery-item\">\n<div class=\"gallery-icon landscape\"><a href=\"https:\/\/infonewss.com\/wp-content\/uploads\/2023\/09\/Belem-vence-Paulistana-por-2-%C3%97-1-em-jogo-de-ida-das-quartas-de-finais-da-II-Copa-AMVI-IMG_1686.jpg\"><img loading=\"lazy\" decoding=\"async\" class=\"attachment-medium size-medium lazyloaded\" src=\"https:\/\/infonewss.com\/wp-content\/uploads\/2023\/09\/Belem-vence-Paulistana-por-2-%C3%97-1-em-jogo-de-ida-das-quartas-de-finais-da-II-Copa-AMVI-IMG_1686-300x200.jpg\" sizes=\"(max-width: 300px) 100vw, 300px\" srcset=\"https:\/\/infonewss.com\/wp-content\/uploads\/2023\/09\/Belem-vence-Paulistana-por-2-\u00d7-1-em-jogo-de-ida-das-quartas-de-finais-da-II-Copa-AMVI-IMG_1686-300x200.jpg 300w, https:\/\/infonewss.com\/wp-content\/uploads\/2023\/09\/Belem-vence-Paulistana-por-2-\u00d7-1-em-jogo-de-ida-das-quartas-de-finais-da-II-Copa-AMVI-IMG_1686-768x512.jpg 768w, https:\/\/infonewss.com\/wp-content\/uploads\/2023\/09\/Belem-vence-Paulistana-por-2-\u00d7-1-em-jogo-de-ida-das-quartas-de-finais-da-II-Copa-AMVI-IMG_1686-150x100.jpg 150w, https:\/\/infonewss.com\/wp-content\/uploads\/2023\/09\/Belem-vence-Paulistana-por-2-\u00d7-1-em-jogo-de-ida-das-quartas-de-finais-da-II-Copa-AMVI-IMG_1686-696x464.jpg 696w, https:\/\/infonewss.com\/wp-content\/uploads\/2023\/09\/Belem-vence-Paulistana-por-2-\u00d7-1-em-jogo-de-ida-das-quartas-de-finais-da-II-Copa-AMVI-IMG_1686.jpg 900w\" alt=\"\" width=\"300\" height=\"200\" data-srcset=\"https:\/\/infonewss.com\/wp-content\/uploads\/2023\/09\/Belem-vence-Paulistana-por-2-\u00d7-1-em-jogo-de-ida-das-quartas-de-finais-da-II-Copa-AMVI-IMG_1686-300x200.jpg 300w, https:\/\/infonewss.com\/wp-content\/uploads\/2023\/09\/Belem-vence-Paulistana-por-2-\u00d7-1-em-jogo-de-ida-das-quartas-de-finais-da-II-Copa-AMVI-IMG_1686-768x512.jpg 768w, https:\/\/infonewss.com\/wp-content\/uploads\/2023\/09\/Belem-vence-Paulistana-por-2-\u00d7-1-em-jogo-de-ida-das-quartas-de-finais-da-II-Copa-AMVI-IMG_1686-150x100.jpg 150w, https:\/\/infonewss.com\/wp-content\/uploads\/2023\/09\/Belem-vence-Paulistana-por-2-\u00d7-1-em-jogo-de-ida-das-quartas-de-finais-da-II-Copa-AMVI-IMG_1686-696x464.jpg 696w, https:\/\/infonewss.com\/wp-content\/uploads\/2023\/09\/Belem-vence-Paulistana-por-2-\u00d7-1-em-jogo-de-ida-das-quartas-de-finais-da-II-Copa-AMVI-IMG_1686.jpg 900w\" data-src=\"https:\/\/infonewss.com\/wp-content\/uploads\/2023\/09\/Belem-vence-Paulistana-por-2-\u00d7-1-em-jogo-de-ida-das-quartas-de-finais-da-II-Copa-AMVI-IMG_1686-300x200.jpg\" data-sizes=\"(max-width: 300px) 100vw, 300px\" \/><\/a><\/div>\n<\/figure>\n<figure class=\"gallery-item\">\n<div class=\"gallery-icon landscape\"><a href=\"https:\/\/infonewss.com\/wp-content\/uploads\/2023\/09\/Belem-vence-Paulistana-por-2-%C3%97-1-em-jogo-de-ida-das-quartas-de-finais-da-II-Copa-AMVI-IMG_1687.jpg\"><img loading=\"lazy\" decoding=\"async\" class=\"attachment-medium size-medium lazyloaded\" src=\"https:\/\/infonewss.com\/wp-content\/uploads\/2023\/09\/Belem-vence-Paulistana-por-2-%C3%97-1-em-jogo-de-ida-das-quartas-de-finais-da-II-Copa-AMVI-IMG_1687-300x200.jpg\" sizes=\"(max-width: 300px) 100vw, 300px\" srcset=\"https:\/\/infonewss.com\/wp-content\/uploads\/2023\/09\/Belem-vence-Paulistana-por-2-\u00d7-1-em-jogo-de-ida-das-quartas-de-finais-da-II-Copa-AMVI-IMG_1687-300x200.jpg 300w, https:\/\/infonewss.com\/wp-content\/uploads\/2023\/09\/Belem-vence-Paulistana-por-2-\u00d7-1-em-jogo-de-ida-das-quartas-de-finais-da-II-Copa-AMVI-IMG_1687-768x512.jpg 768w, https:\/\/infonewss.com\/wp-content\/uploads\/2023\/09\/Belem-vence-Paulistana-por-2-\u00d7-1-em-jogo-de-ida-das-quartas-de-finais-da-II-Copa-AMVI-IMG_1687-150x100.jpg 150w, https:\/\/infonewss.com\/wp-content\/uploads\/2023\/09\/Belem-vence-Paulistana-por-2-\u00d7-1-em-jogo-de-ida-das-quartas-de-finais-da-II-Copa-AMVI-IMG_1687-696x464.jpg 696w, https:\/\/infonewss.com\/wp-content\/uploads\/2023\/09\/Belem-vence-Paulistana-por-2-\u00d7-1-em-jogo-de-ida-das-quartas-de-finais-da-II-Copa-AMVI-IMG_1687.jpg 900w\" alt=\"\" width=\"300\" height=\"200\" data-srcset=\"https:\/\/infonewss.com\/wp-content\/uploads\/2023\/09\/Belem-vence-Paulistana-por-2-\u00d7-1-em-jogo-de-ida-das-quartas-de-finais-da-II-Copa-AMVI-IMG_1687-300x200.jpg 300w, https:\/\/infonewss.com\/wp-content\/uploads\/2023\/09\/Belem-vence-Paulistana-por-2-\u00d7-1-em-jogo-de-ida-das-quartas-de-finais-da-II-Copa-AMVI-IMG_1687-768x512.jpg 768w, https:\/\/infonewss.com\/wp-content\/uploads\/2023\/09\/Belem-vence-Paulistana-por-2-\u00d7-1-em-jogo-de-ida-das-quartas-de-finais-da-II-Copa-AMVI-IMG_1687-150x100.jpg 150w, https:\/\/infonewss.com\/wp-content\/uploads\/2023\/09\/Belem-vence-Paulistana-por-2-\u00d7-1-em-jogo-de-ida-das-quartas-de-finais-da-II-Copa-AMVI-IMG_1687-696x464.jpg 696w, https:\/\/infonewss.com\/wp-content\/uploads\/2023\/09\/Belem-vence-Paulistana-por-2-\u00d7-1-em-jogo-de-ida-das-quartas-de-finais-da-II-Copa-AMVI-IMG_1687.jpg 900w\" data-src=\"https:\/\/infonewss.com\/wp-content\/uploads\/2023\/09\/Belem-vence-Paulistana-por-2-\u00d7-1-em-jogo-de-ida-das-quartas-de-finais-da-II-Copa-AMVI-IMG_1687-300x200.jpg\" data-sizes=\"(max-width: 300px) 100vw, 300px\" \/><\/a><\/div>\n<\/figure>\n<figure class=\"gallery-item\">\n<div class=\"gallery-icon landscape\"><a href=\"https:\/\/infonewss.com\/wp-content\/uploads\/2023\/09\/Belem-vence-Paulistana-por-2-%C3%97-1-em-jogo-de-ida-das-quartas-de-finais-da-II-Copa-AMVI-IMG_1689.jpg\"><img loading=\"lazy\" decoding=\"async\" class=\"attachment-medium size-medium lazyloaded\" src=\"https:\/\/infonewss.com\/wp-content\/uploads\/2023\/09\/Belem-vence-Paulistana-por-2-%C3%97-1-em-jogo-de-ida-das-quartas-de-finais-da-II-Copa-AMVI-IMG_1689-300x200.jpg\" sizes=\"(max-width: 300px) 100vw, 300px\" srcset=\"https:\/\/infonewss.com\/wp-content\/uploads\/2023\/09\/Belem-vence-Paulistana-por-2-\u00d7-1-em-jogo-de-ida-das-quartas-de-finais-da-II-Copa-AMVI-IMG_1689-300x200.jpg 300w, https:\/\/infonewss.com\/wp-content\/uploads\/2023\/09\/Belem-vence-Paulistana-por-2-\u00d7-1-em-jogo-de-ida-das-quartas-de-finais-da-II-Copa-AMVI-IMG_1689-768x512.jpg 768w, https:\/\/infonewss.com\/wp-content\/uploads\/2023\/09\/Belem-vence-Paulistana-por-2-\u00d7-1-em-jogo-de-ida-das-quartas-de-finais-da-II-Copa-AMVI-IMG_1689-150x100.jpg 150w, https:\/\/infonewss.com\/wp-content\/uploads\/2023\/09\/Belem-vence-Paulistana-por-2-\u00d7-1-em-jogo-de-ida-das-quartas-de-finais-da-II-Copa-AMVI-IMG_1689-696x464.jpg 696w, https:\/\/infonewss.com\/wp-content\/uploads\/2023\/09\/Belem-vence-Paulistana-por-2-\u00d7-1-em-jogo-de-ida-das-quartas-de-finais-da-II-Copa-AMVI-IMG_1689.jpg 900w\" alt=\"\" width=\"300\" height=\"200\" data-srcset=\"https:\/\/infonewss.com\/wp-content\/uploads\/2023\/09\/Belem-vence-Paulistana-por-2-\u00d7-1-em-jogo-de-ida-das-quartas-de-finais-da-II-Copa-AMVI-IMG_1689-300x200.jpg 300w, https:\/\/infonewss.com\/wp-content\/uploads\/2023\/09\/Belem-vence-Paulistana-por-2-\u00d7-1-em-jogo-de-ida-das-quartas-de-finais-da-II-Copa-AMVI-IMG_1689-768x512.jpg 768w, https:\/\/infonewss.com\/wp-content\/uploads\/2023\/09\/Belem-vence-Paulistana-por-2-\u00d7-1-em-jogo-de-ida-das-quartas-de-finais-da-II-Copa-AMVI-IMG_1689-150x100.jpg 150w, https:\/\/infonewss.com\/wp-content\/uploads\/2023\/09\/Belem-vence-Paulistana-por-2-\u00d7-1-em-jogo-de-ida-das-quartas-de-finais-da-II-Copa-AMVI-IMG_1689-696x464.jpg 696w, https:\/\/infonewss.com\/wp-content\/uploads\/2023\/09\/Belem-vence-Paulistana-por-2-\u00d7-1-em-jogo-de-ida-das-quartas-de-finais-da-II-Copa-AMVI-IMG_1689.jpg 900w\" data-src=\"https:\/\/infonewss.com\/wp-content\/uploads\/2023\/09\/Belem-vence-Paulistana-por-2-\u00d7-1-em-jogo-de-ida-das-quartas-de-finais-da-II-Copa-AMVI-IMG_1689-300x200.jpg\" data-sizes=\"(max-width: 300px) 100vw, 300px\" \/><\/a><\/div>\n<\/figure>\n<figure class=\"gallery-item\">\n<div class=\"gallery-icon landscape\"><a href=\"https:\/\/infonewss.com\/wp-content\/uploads\/2023\/09\/Belem-vence-Paulistana-por-2-%C3%97-1-em-jogo-de-ida-das-quartas-de-finais-da-II-Copa-AMVI-IMG_1692.jpg\"><img loading=\"lazy\" decoding=\"async\" class=\"attachment-medium size-medium lazyloaded\" src=\"https:\/\/infonewss.com\/wp-content\/uploads\/2023\/09\/Belem-vence-Paulistana-por-2-%C3%97-1-em-jogo-de-ida-das-quartas-de-finais-da-II-Copa-AMVI-IMG_1692-300x200.jpg\" sizes=\"(max-width: 300px) 100vw, 300px\" srcset=\"https:\/\/infonewss.com\/wp-content\/uploads\/2023\/09\/Belem-vence-Paulistana-por-2-\u00d7-1-em-jogo-de-ida-das-quartas-de-finais-da-II-Copa-AMVI-IMG_1692-300x200.jpg 300w, https:\/\/infonewss.com\/wp-content\/uploads\/2023\/09\/Belem-vence-Paulistana-por-2-\u00d7-1-em-jogo-de-ida-das-quartas-de-finais-da-II-Copa-AMVI-IMG_1692-768x512.jpg 768w, https:\/\/infonewss.com\/wp-content\/uploads\/2023\/09\/Belem-vence-Paulistana-por-2-\u00d7-1-em-jogo-de-ida-das-quartas-de-finais-da-II-Copa-AMVI-IMG_1692-150x100.jpg 150w, https:\/\/infonewss.com\/wp-content\/uploads\/2023\/09\/Belem-vence-Paulistana-por-2-\u00d7-1-em-jogo-de-ida-das-quartas-de-finais-da-II-Copa-AMVI-IMG_1692-696x464.jpg 696w, https:\/\/infonewss.com\/wp-content\/uploads\/2023\/09\/Belem-vence-Paulistana-por-2-\u00d7-1-em-jogo-de-ida-das-quartas-de-finais-da-II-Copa-AMVI-IMG_1692.jpg 900w\" alt=\"\" width=\"300\" height=\"200\" data-srcset=\"https:\/\/infonewss.com\/wp-content\/uploads\/2023\/09\/Belem-vence-Paulistana-por-2-\u00d7-1-em-jogo-de-ida-das-quartas-de-finais-da-II-Copa-AMVI-IMG_1692-300x200.jpg 300w, https:\/\/infonewss.com\/wp-content\/uploads\/2023\/09\/Belem-vence-Paulistana-por-2-\u00d7-1-em-jogo-de-ida-das-quartas-de-finais-da-II-Copa-AMVI-IMG_1692-768x512.jpg 768w, https:\/\/infonewss.com\/wp-content\/uploads\/2023\/09\/Belem-vence-Paulistana-por-2-\u00d7-1-em-jogo-de-ida-das-quartas-de-finais-da-II-Copa-AMVI-IMG_1692-150x100.jpg 150w, https:\/\/infonewss.com\/wp-content\/uploads\/2023\/09\/Belem-vence-Paulistana-por-2-\u00d7-1-em-jogo-de-ida-das-quartas-de-finais-da-II-Copa-AMVI-IMG_1692-696x464.jpg 696w, https:\/\/infonewss.com\/wp-content\/uploads\/2023\/09\/Belem-vence-Paulistana-por-2-\u00d7-1-em-jogo-de-ida-das-quartas-de-finais-da-II-Copa-AMVI-IMG_1692.jpg 900w\" data-src=\"https:\/\/infonewss.com\/wp-content\/uploads\/2023\/09\/Belem-vence-Paulistana-por-2-\u00d7-1-em-jogo-de-ida-das-quartas-de-finais-da-II-Copa-AMVI-IMG_1692-300x200.jpg\" data-sizes=\"(max-width: 300px) 100vw, 300px\" \/><\/a><\/div>\n<\/figure>\n<figure class=\"gallery-item\">\n<div class=\"gallery-icon portrait\"><a href=\"https:\/\/infonewss.com\/wp-content\/uploads\/2023\/09\/Belem-vence-Paulistana-por-2-%C3%97-1-em-jogo-de-ida-das-quartas-de-finais-da-II-Copa-AMVI-IMG_1694.jpg\"><img loading=\"lazy\" decoding=\"async\" class=\"attachment-medium size-medium lazyloaded\" src=\"https:\/\/infonewss.com\/wp-content\/uploads\/2023\/09\/Belem-vence-Paulistana-por-2-%C3%97-1-em-jogo-de-ida-das-quartas-de-finais-da-II-Copa-AMVI-IMG_1694-200x300.jpg\" sizes=\"(max-width: 200px) 100vw, 200px\" srcset=\"https:\/\/infonewss.com\/wp-content\/uploads\/2023\/09\/Belem-vence-Paulistana-por-2-\u00d7-1-em-jogo-de-ida-das-quartas-de-finais-da-II-Copa-AMVI-IMG_1694-200x300.jpg 200w, https:\/\/infonewss.com\/wp-content\/uploads\/2023\/09\/Belem-vence-Paulistana-por-2-\u00d7-1-em-jogo-de-ida-das-quartas-de-finais-da-II-Copa-AMVI-IMG_1694-683x1024.jpg 683w, https:\/\/infonewss.com\/wp-content\/uploads\/2023\/09\/Belem-vence-Paulistana-por-2-\u00d7-1-em-jogo-de-ida-das-quartas-de-finais-da-II-Copa-AMVI-IMG_1694-768x1152.jpg 768w, https:\/\/infonewss.com\/wp-content\/uploads\/2023\/09\/Belem-vence-Paulistana-por-2-\u00d7-1-em-jogo-de-ida-das-quartas-de-finais-da-II-Copa-AMVI-IMG_1694-150x225.jpg 150w, https:\/\/infonewss.com\/wp-content\/uploads\/2023\/09\/Belem-vence-Paulistana-por-2-\u00d7-1-em-jogo-de-ida-das-quartas-de-finais-da-II-Copa-AMVI-IMG_1694-300x450.jpg 300w, https:\/\/infonewss.com\/wp-content\/uploads\/2023\/09\/Belem-vence-Paulistana-por-2-\u00d7-1-em-jogo-de-ida-das-quartas-de-finais-da-II-Copa-AMVI-IMG_1694-696x1044.jpg 696w, https:\/\/infonewss.com\/wp-content\/uploads\/2023\/09\/Belem-vence-Paulistana-por-2-\u00d7-1-em-jogo-de-ida-das-quartas-de-finais-da-II-Copa-AMVI-IMG_1694.jpg 900w\" alt=\"\" width=\"200\" height=\"300\" data-srcset=\"https:\/\/infonewss.com\/wp-content\/uploads\/2023\/09\/Belem-vence-Paulistana-por-2-\u00d7-1-em-jogo-de-ida-das-quartas-de-finais-da-II-Copa-AMVI-IMG_1694-200x300.jpg 200w, https:\/\/infonewss.com\/wp-content\/uploads\/2023\/09\/Belem-vence-Paulistana-por-2-\u00d7-1-em-jogo-de-ida-das-quartas-de-finais-da-II-Copa-AMVI-IMG_1694-683x1024.jpg 683w, https:\/\/infonewss.com\/wp-content\/uploads\/2023\/09\/Belem-vence-Paulistana-por-2-\u00d7-1-em-jogo-de-ida-das-quartas-de-finais-da-II-Copa-AMVI-IMG_1694-768x1152.jpg 768w, https:\/\/infonewss.com\/wp-content\/uploads\/2023\/09\/Belem-vence-Paulistana-por-2-\u00d7-1-em-jogo-de-ida-das-quartas-de-finais-da-II-Copa-AMVI-IMG_1694-150x225.jpg 150w, https:\/\/infonewss.com\/wp-content\/uploads\/2023\/09\/Belem-vence-Paulistana-por-2-\u00d7-1-em-jogo-de-ida-das-quartas-de-finais-da-II-Copa-AMVI-IMG_1694-300x450.jpg 300w, https:\/\/infonewss.com\/wp-content\/uploads\/2023\/09\/Belem-vence-Paulistana-por-2-\u00d7-1-em-jogo-de-ida-das-quartas-de-finais-da-II-Copa-AMVI-IMG_1694-696x1044.jpg 696w, https:\/\/infonewss.com\/wp-content\/uploads\/2023\/09\/Belem-vence-Paulistana-por-2-\u00d7-1-em-jogo-de-ida-das-quartas-de-finais-da-II-Copa-AMVI-IMG_1694.jpg 900w\" data-src=\"https:\/\/infonewss.com\/wp-content\/uploads\/2023\/09\/Belem-vence-Paulistana-por-2-\u00d7-1-em-jogo-de-ida-das-quartas-de-finais-da-II-Copa-AMVI-IMG_1694-200x300.jpg\" data-sizes=\"(max-width: 200px) 100vw, 200px\" \/><\/a><\/div>\n<\/figure>\n<figure class=\"gallery-item\">\n<div class=\"gallery-icon portrait\"><a href=\"https:\/\/infonewss.com\/wp-content\/uploads\/2023\/09\/Belem-vence-Paulistana-por-2-%C3%97-1-em-jogo-de-ida-das-quartas-de-finais-da-II-Copa-AMVI-IMG_1695.jpg\"><img loading=\"lazy\" decoding=\"async\" class=\"attachment-medium size-medium lazyloaded\" src=\"https:\/\/infonewss.com\/wp-content\/uploads\/2023\/09\/Belem-vence-Paulistana-por-2-%C3%97-1-em-jogo-de-ida-das-quartas-de-finais-da-II-Copa-AMVI-IMG_1695-200x300.jpg\" sizes=\"(max-width: 200px) 100vw, 200px\" srcset=\"https:\/\/infonewss.com\/wp-content\/uploads\/2023\/09\/Belem-vence-Paulistana-por-2-\u00d7-1-em-jogo-de-ida-das-quartas-de-finais-da-II-Copa-AMVI-IMG_1695-200x300.jpg 200w, https:\/\/infonewss.com\/wp-content\/uploads\/2023\/09\/Belem-vence-Paulistana-por-2-\u00d7-1-em-jogo-de-ida-das-quartas-de-finais-da-II-Copa-AMVI-IMG_1695-683x1024.jpg 683w, https:\/\/infonewss.com\/wp-content\/uploads\/2023\/09\/Belem-vence-Paulistana-por-2-\u00d7-1-em-jogo-de-ida-das-quartas-de-finais-da-II-Copa-AMVI-IMG_1695-768x1152.jpg 768w, https:\/\/infonewss.com\/wp-content\/uploads\/2023\/09\/Belem-vence-Paulistana-por-2-\u00d7-1-em-jogo-de-ida-das-quartas-de-finais-da-II-Copa-AMVI-IMG_1695-150x225.jpg 150w, https:\/\/infonewss.com\/wp-content\/uploads\/2023\/09\/Belem-vence-Paulistana-por-2-\u00d7-1-em-jogo-de-ida-das-quartas-de-finais-da-II-Copa-AMVI-IMG_1695-300x450.jpg 300w, https:\/\/infonewss.com\/wp-content\/uploads\/2023\/09\/Belem-vence-Paulistana-por-2-\u00d7-1-em-jogo-de-ida-das-quartas-de-finais-da-II-Copa-AMVI-IMG_1695-696x1044.jpg 696w, https:\/\/infonewss.com\/wp-content\/uploads\/2023\/09\/Belem-vence-Paulistana-por-2-\u00d7-1-em-jogo-de-ida-das-quartas-de-finais-da-II-Copa-AMVI-IMG_1695.jpg 900w\" alt=\"\" width=\"200\" height=\"300\" data-srcset=\"https:\/\/infonewss.com\/wp-content\/uploads\/2023\/09\/Belem-vence-Paulistana-por-2-\u00d7-1-em-jogo-de-ida-das-quartas-de-finais-da-II-Copa-AMVI-IMG_1695-200x300.jpg 200w, https:\/\/infonewss.com\/wp-content\/uploads\/2023\/09\/Belem-vence-Paulistana-por-2-\u00d7-1-em-jogo-de-ida-das-quartas-de-finais-da-II-Copa-AMVI-IMG_1695-683x1024.jpg 683w, https:\/\/infonewss.com\/wp-content\/uploads\/2023\/09\/Belem-vence-Paulistana-por-2-\u00d7-1-em-jogo-de-ida-das-quartas-de-finais-da-II-Copa-AMVI-IMG_1695-768x1152.jpg 768w, https:\/\/infonewss.com\/wp-content\/uploads\/2023\/09\/Belem-vence-Paulistana-por-2-\u00d7-1-em-jogo-de-ida-das-quartas-de-finais-da-II-Copa-AMVI-IMG_1695-150x225.jpg 150w, https:\/\/infonewss.com\/wp-content\/uploads\/2023\/09\/Belem-vence-Paulistana-por-2-\u00d7-1-em-jogo-de-ida-das-quartas-de-finais-da-II-Copa-AMVI-IMG_1695-300x450.jpg 300w, https:\/\/infonewss.com\/wp-content\/uploads\/2023\/09\/Belem-vence-Paulistana-por-2-\u00d7-1-em-jogo-de-ida-das-quartas-de-finais-da-II-Copa-AMVI-IMG_1695-696x1044.jpg 696w, https:\/\/infonewss.com\/wp-content\/uploads\/2023\/09\/Belem-vence-Paulistana-por-2-\u00d7-1-em-jogo-de-ida-das-quartas-de-finais-da-II-Copa-AMVI-IMG_1695.jpg 900w\" data-src=\"https:\/\/infonewss.com\/wp-content\/uploads\/2023\/09\/Belem-vence-Paulistana-por-2-\u00d7-1-em-jogo-de-ida-das-quartas-de-finais-da-II-Copa-AMVI-IMG_1695-200x300.jpg\" data-sizes=\"(max-width: 200px) 100vw, 200px\" \/><\/a><\/div>\n<\/figure>\n<figure class=\"gallery-item\">\n<div class=\"gallery-icon portrait\"><a href=\"https:\/\/infonewss.com\/wp-content\/uploads\/2023\/09\/Belem-vence-Paulistana-por-2-%C3%97-1-em-jogo-de-ida-das-quartas-de-finais-da-II-Copa-AMVI-IMG_1697.jpg\"><img loading=\"lazy\" decoding=\"async\" class=\"attachment-medium size-medium lazyloaded\" src=\"https:\/\/infonewss.com\/wp-content\/uploads\/2023\/09\/Belem-vence-Paulistana-por-2-%C3%97-1-em-jogo-de-ida-das-quartas-de-finais-da-II-Copa-AMVI-IMG_1697-200x300.jpg\" sizes=\"(max-width: 200px) 100vw, 200px\" srcset=\"https:\/\/infonewss.com\/wp-content\/uploads\/2023\/09\/Belem-vence-Paulistana-por-2-\u00d7-1-em-jogo-de-ida-das-quartas-de-finais-da-II-Copa-AMVI-IMG_1697-200x300.jpg 200w, https:\/\/infonewss.com\/wp-content\/uploads\/2023\/09\/Belem-vence-Paulistana-por-2-\u00d7-1-em-jogo-de-ida-das-quartas-de-finais-da-II-Copa-AMVI-IMG_1697-683x1024.jpg 683w, https:\/\/infonewss.com\/wp-content\/uploads\/2023\/09\/Belem-vence-Paulistana-por-2-\u00d7-1-em-jogo-de-ida-das-quartas-de-finais-da-II-Copa-AMVI-IMG_1697-768x1152.jpg 768w, https:\/\/infonewss.com\/wp-content\/uploads\/2023\/09\/Belem-vence-Paulistana-por-2-\u00d7-1-em-jogo-de-ida-das-quartas-de-finais-da-II-Copa-AMVI-IMG_1697-150x225.jpg 150w, https:\/\/infonewss.com\/wp-content\/uploads\/2023\/09\/Belem-vence-Paulistana-por-2-\u00d7-1-em-jogo-de-ida-das-quartas-de-finais-da-II-Copa-AMVI-IMG_1697-300x450.jpg 300w, https:\/\/infonewss.com\/wp-content\/uploads\/2023\/09\/Belem-vence-Paulistana-por-2-\u00d7-1-em-jogo-de-ida-das-quartas-de-finais-da-II-Copa-AMVI-IMG_1697-696x1044.jpg 696w, https:\/\/infonewss.com\/wp-content\/uploads\/2023\/09\/Belem-vence-Paulistana-por-2-\u00d7-1-em-jogo-de-ida-das-quartas-de-finais-da-II-Copa-AMVI-IMG_1697.jpg 900w\" alt=\"\" width=\"200\" height=\"300\" data-srcset=\"https:\/\/infonewss.com\/wp-content\/uploads\/2023\/09\/Belem-vence-Paulistana-por-2-\u00d7-1-em-jogo-de-ida-das-quartas-de-finais-da-II-Copa-AMVI-IMG_1697-200x300.jpg 200w, https:\/\/infonewss.com\/wp-content\/uploads\/2023\/09\/Belem-vence-Paulistana-por-2-\u00d7-1-em-jogo-de-ida-das-quartas-de-finais-da-II-Copa-AMVI-IMG_1697-683x1024.jpg 683w, https:\/\/infonewss.com\/wp-content\/uploads\/2023\/09\/Belem-vence-Paulistana-por-2-\u00d7-1-em-jogo-de-ida-das-quartas-de-finais-da-II-Copa-AMVI-IMG_1697-768x1152.jpg 768w, https:\/\/infonewss.com\/wp-content\/uploads\/2023\/09\/Belem-vence-Paulistana-por-2-\u00d7-1-em-jogo-de-ida-das-quartas-de-finais-da-II-Copa-AMVI-IMG_1697-150x225.jpg 150w, https:\/\/infonewss.com\/wp-content\/uploads\/2023\/09\/Belem-vence-Paulistana-por-2-\u00d7-1-em-jogo-de-ida-das-quartas-de-finais-da-II-Copa-AMVI-IMG_1697-300x450.jpg 300w, https:\/\/infonewss.com\/wp-content\/uploads\/2023\/09\/Belem-vence-Paulistana-por-2-\u00d7-1-em-jogo-de-ida-das-quartas-de-finais-da-II-Copa-AMVI-IMG_1697-696x1044.jpg 696w, https:\/\/infonewss.com\/wp-content\/uploads\/2023\/09\/Belem-vence-Paulistana-por-2-\u00d7-1-em-jogo-de-ida-das-quartas-de-finais-da-II-Copa-AMVI-IMG_1697.jpg 900w\" data-src=\"https:\/\/infonewss.com\/wp-content\/uploads\/2023\/09\/Belem-vence-Paulistana-por-2-\u00d7-1-em-jogo-de-ida-das-quartas-de-finais-da-II-Copa-AMVI-IMG_1697-200x300.jpg\" data-sizes=\"(max-width: 200px) 100vw, 200px\" \/><\/a><\/div>\n<\/figure>\n<figure class=\"gallery-item\">\n<div class=\"gallery-icon portrait\"><a href=\"https:\/\/infonewss.com\/wp-content\/uploads\/2023\/09\/Belem-vence-Paulistana-por-2-%C3%97-1-em-jogo-de-ida-das-quartas-de-finais-da-II-Copa-AMVI-IMG_1698.jpg\"><img loading=\"lazy\" decoding=\"async\" class=\"attachment-medium size-medium lazyloaded\" src=\"https:\/\/infonewss.com\/wp-content\/uploads\/2023\/09\/Belem-vence-Paulistana-por-2-%C3%97-1-em-jogo-de-ida-das-quartas-de-finais-da-II-Copa-AMVI-IMG_1698-200x300.jpg\" sizes=\"(max-width: 200px) 100vw, 200px\" srcset=\"https:\/\/infonewss.com\/wp-content\/uploads\/2023\/09\/Belem-vence-Paulistana-por-2-\u00d7-1-em-jogo-de-ida-das-quartas-de-finais-da-II-Copa-AMVI-IMG_1698-200x300.jpg 200w, https:\/\/infonewss.com\/wp-content\/uploads\/2023\/09\/Belem-vence-Paulistana-por-2-\u00d7-1-em-jogo-de-ida-das-quartas-de-finais-da-II-Copa-AMVI-IMG_1698-683x1024.jpg 683w, https:\/\/infonewss.com\/wp-content\/uploads\/2023\/09\/Belem-vence-Paulistana-por-2-\u00d7-1-em-jogo-de-ida-das-quartas-de-finais-da-II-Copa-AMVI-IMG_1698-768x1152.jpg 768w, https:\/\/infonewss.com\/wp-content\/uploads\/2023\/09\/Belem-vence-Paulistana-por-2-\u00d7-1-em-jogo-de-ida-das-quartas-de-finais-da-II-Copa-AMVI-IMG_1698-150x225.jpg 150w, https:\/\/infonewss.com\/wp-content\/uploads\/2023\/09\/Belem-vence-Paulistana-por-2-\u00d7-1-em-jogo-de-ida-das-quartas-de-finais-da-II-Copa-AMVI-IMG_1698-300x450.jpg 300w, https:\/\/infonewss.com\/wp-content\/uploads\/2023\/09\/Belem-vence-Paulistana-por-2-\u00d7-1-em-jogo-de-ida-das-quartas-de-finais-da-II-Copa-AMVI-IMG_1698-696x1044.jpg 696w, https:\/\/infonewss.com\/wp-content\/uploads\/2023\/09\/Belem-vence-Paulistana-por-2-\u00d7-1-em-jogo-de-ida-das-quartas-de-finais-da-II-Copa-AMVI-IMG_1698.jpg 900w\" alt=\"\" width=\"200\" height=\"300\" data-srcset=\"https:\/\/infonewss.com\/wp-content\/uploads\/2023\/09\/Belem-vence-Paulistana-por-2-\u00d7-1-em-jogo-de-ida-das-quartas-de-finais-da-II-Copa-AMVI-IMG_1698-200x300.jpg 200w, https:\/\/infonewss.com\/wp-content\/uploads\/2023\/09\/Belem-vence-Paulistana-por-2-\u00d7-1-em-jogo-de-ida-das-quartas-de-finais-da-II-Copa-AMVI-IMG_1698-683x1024.jpg 683w, https:\/\/infonewss.com\/wp-content\/uploads\/2023\/09\/Belem-vence-Paulistana-por-2-\u00d7-1-em-jogo-de-ida-das-quartas-de-finais-da-II-Copa-AMVI-IMG_1698-768x1152.jpg 768w, https:\/\/infonewss.com\/wp-content\/uploads\/2023\/09\/Belem-vence-Paulistana-por-2-\u00d7-1-em-jogo-de-ida-das-quartas-de-finais-da-II-Copa-AMVI-IMG_1698-150x225.jpg 150w, https:\/\/infonewss.com\/wp-content\/uploads\/2023\/09\/Belem-vence-Paulistana-por-2-\u00d7-1-em-jogo-de-ida-das-quartas-de-finais-da-II-Copa-AMVI-IMG_1698-300x450.jpg 300w, https:\/\/infonewss.com\/wp-content\/uploads\/2023\/09\/Belem-vence-Paulistana-por-2-\u00d7-1-em-jogo-de-ida-das-quartas-de-finais-da-II-Copa-AMVI-IMG_1698-696x1044.jpg 696w, https:\/\/infonewss.com\/wp-content\/uploads\/2023\/09\/Belem-vence-Paulistana-por-2-\u00d7-1-em-jogo-de-ida-das-quartas-de-finais-da-II-Copa-AMVI-IMG_1698.jpg 900w\" data-src=\"https:\/\/infonewss.com\/wp-content\/uploads\/2023\/09\/Belem-vence-Paulistana-por-2-\u00d7-1-em-jogo-de-ida-das-quartas-de-finais-da-II-Copa-AMVI-IMG_1698-200x300.jpg\" data-sizes=\"(max-width: 200px) 100vw, 200px\" \/><\/a><\/div>\n<\/figure>\n<figure class=\"gallery-item\">\n<div class=\"gallery-icon portrait\"><a href=\"https:\/\/infonewss.com\/wp-content\/uploads\/2023\/09\/Belem-vence-Paulistana-por-2-%C3%97-1-em-jogo-de-ida-das-quartas-de-finais-da-II-Copa-AMVI-IMG_1700.jpg\"><img loading=\"lazy\" decoding=\"async\" class=\"attachment-medium size-medium lazyload\" src=\"data:image\/gif;base64,R0lGODlhAQABAAAAACH5BAEKAAEALAAAAAABAAEAAAICTAEAOw==\" alt=\"\" width=\"200\" height=\"300\" data-srcset=\"https:\/\/infonewss.com\/wp-content\/uploads\/2023\/09\/Belem-vence-Paulistana-por-2-\u00d7-1-em-jogo-de-ida-das-quartas-de-finais-da-II-Copa-AMVI-IMG_1700-200x300.jpg 200w, https:\/\/infonewss.com\/wp-content\/uploads\/2023\/09\/Belem-vence-Paulistana-por-2-\u00d7-1-em-jogo-de-ida-das-quartas-de-finais-da-II-Copa-AMVI-IMG_1700-683x1024.jpg 683w, https:\/\/infonewss.com\/wp-content\/uploads\/2023\/09\/Belem-vence-Paulistana-por-2-\u00d7-1-em-jogo-de-ida-das-quartas-de-finais-da-II-Copa-AMVI-IMG_1700-768x1152.jpg 768w, https:\/\/infonewss.com\/wp-content\/uploads\/2023\/09\/Belem-vence-Paulistana-por-2-\u00d7-1-em-jogo-de-ida-das-quartas-de-finais-da-II-Copa-AMVI-IMG_1700-150x225.jpg 150w, https:\/\/infonewss.com\/wp-content\/uploads\/2023\/09\/Belem-vence-Paulistana-por-2-\u00d7-1-em-jogo-de-ida-das-quartas-de-finais-da-II-Copa-AMVI-IMG_1700-300x450.jpg 300w, https:\/\/infonewss.com\/wp-content\/uploads\/2023\/09\/Belem-vence-Paulistana-por-2-\u00d7-1-em-jogo-de-ida-das-quartas-de-finais-da-II-Copa-AMVI-IMG_1700-696x1044.jpg 696w, https:\/\/infonewss.com\/wp-content\/uploads\/2023\/09\/Belem-vence-Paulistana-por-2-\u00d7-1-em-jogo-de-ida-das-quartas-de-finais-da-II-Copa-AMVI-IMG_1700.jpg 900w\" data-src=\"https:\/\/infonewss.com\/wp-content\/uploads\/2023\/09\/Belem-vence-Paulistana-por-2-\u00d7-1-em-jogo-de-ida-das-quartas-de-finais-da-II-Copa-AMVI-IMG_1700-200x300.jpg\" data-sizes=\"(max-width: 200px) 100vw, 200px\" \/><\/a><\/div>\n<\/figure>\n<figure class=\"gallery-item\">\n<div class=\"gallery-icon landscape\"><a href=\"https:\/\/infonewss.com\/wp-content\/uploads\/2023\/09\/Belem-vence-Paulistana-por-2-%C3%97-1-em-jogo-de-ida-das-quartas-de-finais-da-II-Copa-AMVI-IMG_1703.jpg\"><img loading=\"lazy\" decoding=\"async\" class=\"attachment-medium size-medium lazyload\" src=\"data:image\/gif;base64,R0lGODlhAQABAAAAACH5BAEKAAEALAAAAAABAAEAAAICTAEAOw==\" alt=\"\" width=\"300\" height=\"200\" data-srcset=\"https:\/\/infonewss.com\/wp-content\/uploads\/2023\/09\/Belem-vence-Paulistana-por-2-\u00d7-1-em-jogo-de-ida-das-quartas-de-finais-da-II-Copa-AMVI-IMG_1703-300x200.jpg 300w, https:\/\/infonewss.com\/wp-content\/uploads\/2023\/09\/Belem-vence-Paulistana-por-2-\u00d7-1-em-jogo-de-ida-das-quartas-de-finais-da-II-Copa-AMVI-IMG_1703-768x512.jpg 768w, https:\/\/infonewss.com\/wp-content\/uploads\/2023\/09\/Belem-vence-Paulistana-por-2-\u00d7-1-em-jogo-de-ida-das-quartas-de-finais-da-II-Copa-AMVI-IMG_1703-150x100.jpg 150w, https:\/\/infonewss.com\/wp-content\/uploads\/2023\/09\/Belem-vence-Paulistana-por-2-\u00d7-1-em-jogo-de-ida-das-quartas-de-finais-da-II-Copa-AMVI-IMG_1703-696x464.jpg 696w, https:\/\/infonewss.com\/wp-content\/uploads\/2023\/09\/Belem-vence-Paulistana-por-2-\u00d7-1-em-jogo-de-ida-das-quartas-de-finais-da-II-Copa-AMVI-IMG_1703.jpg 900w\" data-src=\"https:\/\/infonewss.com\/wp-content\/uploads\/2023\/09\/Belem-vence-Paulistana-por-2-\u00d7-1-em-jogo-de-ida-das-quartas-de-finais-da-II-Copa-AMVI-IMG_1703-300x200.jpg\" data-sizes=\"(max-width: 300px) 100vw, 300px\" \/><\/a><\/div>\n<\/figure>\n<figure class=\"gallery-item\">\n<div class=\"gallery-icon landscape\"><a href=\"https:\/\/infonewss.com\/wp-content\/uploads\/2023\/09\/Belem-vence-Paulistana-por-2-%C3%97-1-em-jogo-de-ida-das-quartas-de-finais-da-II-Copa-AMVI-IMG_1705.jpg\"><img loading=\"lazy\" decoding=\"async\" class=\"attachment-medium size-medium lazyload\" src=\"data:image\/gif;base64,R0lGODlhAQABAAAAACH5BAEKAAEALAAAAAABAAEAAAICTAEAOw==\" alt=\"\" width=\"300\" height=\"200\" data-srcset=\"https:\/\/infonewss.com\/wp-content\/uploads\/2023\/09\/Belem-vence-Paulistana-por-2-\u00d7-1-em-jogo-de-ida-das-quartas-de-finais-da-II-Copa-AMVI-IMG_1705-300x200.jpg 300w, https:\/\/infonewss.com\/wp-content\/uploads\/2023\/09\/Belem-vence-Paulistana-por-2-\u00d7-1-em-jogo-de-ida-das-quartas-de-finais-da-II-Copa-AMVI-IMG_1705-768x512.jpg 768w, https:\/\/infonewss.com\/wp-content\/uploads\/2023\/09\/Belem-vence-Paulistana-por-2-\u00d7-1-em-jogo-de-ida-das-quartas-de-finais-da-II-Copa-AMVI-IMG_1705-150x100.jpg 150w, https:\/\/infonewss.com\/wp-content\/uploads\/2023\/09\/Belem-vence-Paulistana-por-2-\u00d7-1-em-jogo-de-ida-das-quartas-de-finais-da-II-Copa-AMVI-IMG_1705-696x464.jpg 696w, https:\/\/infonewss.com\/wp-content\/uploads\/2023\/09\/Belem-vence-Paulistana-por-2-\u00d7-1-em-jogo-de-ida-das-quartas-de-finais-da-II-Copa-AMVI-IMG_1705.jpg 900w\" data-src=\"https:\/\/infonewss.com\/wp-content\/uploads\/2023\/09\/Belem-vence-Paulistana-por-2-\u00d7-1-em-jogo-de-ida-das-quartas-de-finais-da-II-Copa-AMVI-IMG_1705-300x200.jpg\" data-sizes=\"(max-width: 300px) 100vw, 300px\" \/><\/a><\/div>\n<\/figure>\n<figure class=\"gallery-item\">\n<div class=\"gallery-icon landscape\"><a href=\"https:\/\/infonewss.com\/wp-content\/uploads\/2023\/09\/Belem-vence-Paulistana-por-2-%C3%97-1-em-jogo-de-ida-das-quartas-de-finais-da-II-Copa-AMVI-IMG_1707.jpg\"><img loading=\"lazy\" decoding=\"async\" class=\"attachment-medium size-medium lazyload\" src=\"data:image\/gif;base64,R0lGODlhAQABAAAAACH5BAEKAAEALAAAAAABAAEAAAICTAEAOw==\" alt=\"\" width=\"300\" height=\"200\" data-srcset=\"https:\/\/infonewss.com\/wp-content\/uploads\/2023\/09\/Belem-vence-Paulistana-por-2-\u00d7-1-em-jogo-de-ida-das-quartas-de-finais-da-II-Copa-AMVI-IMG_1707-300x200.jpg 300w, https:\/\/infonewss.com\/wp-content\/uploads\/2023\/09\/Belem-vence-Paulistana-por-2-\u00d7-1-em-jogo-de-ida-das-quartas-de-finais-da-II-Copa-AMVI-IMG_1707-768x512.jpg 768w, https:\/\/infonewss.com\/wp-content\/uploads\/2023\/09\/Belem-vence-Paulistana-por-2-\u00d7-1-em-jogo-de-ida-das-quartas-de-finais-da-II-Copa-AMVI-IMG_1707-150x100.jpg 150w, https:\/\/infonewss.com\/wp-content\/uploads\/2023\/09\/Belem-vence-Paulistana-por-2-\u00d7-1-em-jogo-de-ida-das-quartas-de-finais-da-II-Copa-AMVI-IMG_1707-696x464.jpg 696w, https:\/\/infonewss.com\/wp-content\/uploads\/2023\/09\/Belem-vence-Paulistana-por-2-\u00d7-1-em-jogo-de-ida-das-quartas-de-finais-da-II-Copa-AMVI-IMG_1707.jpg 900w\" data-src=\"https:\/\/infonewss.com\/wp-content\/uploads\/2023\/09\/Belem-vence-Paulistana-por-2-\u00d7-1-em-jogo-de-ida-das-quartas-de-finais-da-II-Copa-AMVI-IMG_1707-300x200.jpg\" data-sizes=\"(max-width: 300px) 100vw, 300px\" \/><\/a><\/div>\n<\/figure>\n<figure class=\"gallery-item\">\n<div class=\"gallery-icon landscape\"><a href=\"https:\/\/infonewss.com\/wp-content\/uploads\/2023\/09\/Belem-vence-Paulistana-por-2-%C3%97-1-em-jogo-de-ida-das-quartas-de-finais-da-II-Copa-AMVI-IMG_1709.jpg\"><img loading=\"lazy\" decoding=\"async\" class=\"attachment-medium size-medium lazyload\" src=\"data:image\/gif;base64,R0lGODlhAQABAAAAACH5BAEKAAEALAAAAAABAAEAAAICTAEAOw==\" alt=\"\" width=\"300\" height=\"200\" data-srcset=\"https:\/\/infonewss.com\/wp-content\/uploads\/2023\/09\/Belem-vence-Paulistana-por-2-\u00d7-1-em-jogo-de-ida-das-quartas-de-finais-da-II-Copa-AMVI-IMG_1709-300x200.jpg 300w, https:\/\/infonewss.com\/wp-content\/uploads\/2023\/09\/Belem-vence-Paulistana-por-2-\u00d7-1-em-jogo-de-ida-das-quartas-de-finais-da-II-Copa-AMVI-IMG_1709-768x512.jpg 768w, https:\/\/infonewss.com\/wp-content\/uploads\/2023\/09\/Belem-vence-Paulistana-por-2-\u00d7-1-em-jogo-de-ida-das-quartas-de-finais-da-II-Copa-AMVI-IMG_1709-150x100.jpg 150w, https:\/\/infonewss.com\/wp-content\/uploads\/2023\/09\/Belem-vence-Paulistana-por-2-\u00d7-1-em-jogo-de-ida-das-quartas-de-finais-da-II-Copa-AMVI-IMG_1709-696x464.jpg 696w, https:\/\/infonewss.com\/wp-content\/uploads\/2023\/09\/Belem-vence-Paulistana-por-2-\u00d7-1-em-jogo-de-ida-das-quartas-de-finais-da-II-Copa-AMVI-IMG_1709.jpg 900w\" data-src=\"https:\/\/infonewss.com\/wp-content\/uploads\/2023\/09\/Belem-vence-Paulistana-por-2-\u00d7-1-em-jogo-de-ida-das-quartas-de-finais-da-II-Copa-AMVI-IMG_1709-300x200.jpg\" data-sizes=\"(max-width: 300px) 100vw, 300px\" \/><\/a><\/div>\n<\/figure>\n<figure class=\"gallery-item\">\n<div class=\"gallery-icon landscape\"><a href=\"https:\/\/infonewss.com\/wp-content\/uploads\/2023\/09\/Belem-vence-Paulistana-por-2-%C3%97-1-em-jogo-de-ida-das-quartas-de-finais-da-II-Copa-AMVI-IMG_1710.jpg\"><img loading=\"lazy\" decoding=\"async\" class=\"attachment-medium size-medium lazyload\" src=\"data:image\/gif;base64,R0lGODlhAQABAAAAACH5BAEKAAEALAAAAAABAAEAAAICTAEAOw==\" alt=\"\" width=\"300\" height=\"200\" data-srcset=\"https:\/\/infonewss.com\/wp-content\/uploads\/2023\/09\/Belem-vence-Paulistana-por-2-\u00d7-1-em-jogo-de-ida-das-quartas-de-finais-da-II-Copa-AMVI-IMG_1710-300x200.jpg 300w, https:\/\/infonewss.com\/wp-content\/uploads\/2023\/09\/Belem-vence-Paulistana-por-2-\u00d7-1-em-jogo-de-ida-das-quartas-de-finais-da-II-Copa-AMVI-IMG_1710-768x512.jpg 768w, https:\/\/infonewss.com\/wp-content\/uploads\/2023\/09\/Belem-vence-Paulistana-por-2-\u00d7-1-em-jogo-de-ida-das-quartas-de-finais-da-II-Copa-AMVI-IMG_1710-150x100.jpg 150w, https:\/\/infonewss.com\/wp-content\/uploads\/2023\/09\/Belem-vence-Paulistana-por-2-\u00d7-1-em-jogo-de-ida-das-quartas-de-finais-da-II-Copa-AMVI-IMG_1710-696x464.jpg 696w, https:\/\/infonewss.com\/wp-content\/uploads\/2023\/09\/Belem-vence-Paulistana-por-2-\u00d7-1-em-jogo-de-ida-das-quartas-de-finais-da-II-Copa-AMVI-IMG_1710.jpg 900w\" data-src=\"https:\/\/infonewss.com\/wp-content\/uploads\/2023\/09\/Belem-vence-Paulistana-por-2-\u00d7-1-em-jogo-de-ida-das-quartas-de-finais-da-II-Copa-AMVI-IMG_1710-300x200.jpg\" data-sizes=\"(max-width: 300px) 100vw, 300px\" \/><\/a><\/div>\n<\/figure>\n<figure class=\"gallery-item\">\n<div class=\"gallery-icon landscape\"><a href=\"https:\/\/infonewss.com\/wp-content\/uploads\/2023\/09\/Belem-vence-Paulistana-por-2-%C3%97-1-em-jogo-de-ida-das-quartas-de-finais-da-II-Copa-AMVI-IMG_1713.jpg\"><img loading=\"lazy\" decoding=\"async\" class=\"attachment-medium size-medium lazyload\" src=\"data:image\/gif;base64,R0lGODlhAQABAAAAACH5BAEKAAEALAAAAAABAAEAAAICTAEAOw==\" alt=\"\" width=\"300\" height=\"200\" data-srcset=\"https:\/\/infonewss.com\/wp-content\/uploads\/2023\/09\/Belem-vence-Paulistana-por-2-\u00d7-1-em-jogo-de-ida-das-quartas-de-finais-da-II-Copa-AMVI-IMG_1713-300x200.jpg 300w, https:\/\/infonewss.com\/wp-content\/uploads\/2023\/09\/Belem-vence-Paulistana-por-2-\u00d7-1-em-jogo-de-ida-das-quartas-de-finais-da-II-Copa-AMVI-IMG_1713-768x512.jpg 768w, https:\/\/infonewss.com\/wp-content\/uploads\/2023\/09\/Belem-vence-Paulistana-por-2-\u00d7-1-em-jogo-de-ida-das-quartas-de-finais-da-II-Copa-AMVI-IMG_1713-150x100.jpg 150w, https:\/\/infonewss.com\/wp-content\/uploads\/2023\/09\/Belem-vence-Paulistana-por-2-\u00d7-1-em-jogo-de-ida-das-quartas-de-finais-da-II-Copa-AMVI-IMG_1713-696x464.jpg 696w, https:\/\/infonewss.com\/wp-content\/uploads\/2023\/09\/Belem-vence-Paulistana-por-2-\u00d7-1-em-jogo-de-ida-das-quartas-de-finais-da-II-Copa-AMVI-IMG_1713.jpg 900w\" data-src=\"https:\/\/infonewss.com\/wp-content\/uploads\/2023\/09\/Belem-vence-Paulistana-por-2-\u00d7-1-em-jogo-de-ida-das-quartas-de-finais-da-II-Copa-AMVI-IMG_1713-300x200.jpg\" data-sizes=\"(max-width: 300px) 100vw, 300px\" \/><\/a><\/div>\n<\/figure>\n<figure class=\"gallery-item\">\n<div class=\"gallery-icon portrait\"><a href=\"https:\/\/infonewss.com\/wp-content\/uploads\/2023\/09\/Belem-vence-Paulistana-por-2-%C3%97-1-em-jogo-de-ida-das-quartas-de-finais-da-II-Copa-AMVI-IMG_1717.jpg\"><img loading=\"lazy\" decoding=\"async\" class=\"attachment-medium size-medium lazyload\" src=\"data:image\/gif;base64,R0lGODlhAQABAAAAACH5BAEKAAEALAAAAAABAAEAAAICTAEAOw==\" alt=\"\" width=\"200\" height=\"300\" data-srcset=\"https:\/\/infonewss.com\/wp-content\/uploads\/2023\/09\/Belem-vence-Paulistana-por-2-\u00d7-1-em-jogo-de-ida-das-quartas-de-finais-da-II-Copa-AMVI-IMG_1717-200x300.jpg 200w, https:\/\/infonewss.com\/wp-content\/uploads\/2023\/09\/Belem-vence-Paulistana-por-2-\u00d7-1-em-jogo-de-ida-das-quartas-de-finais-da-II-Copa-AMVI-IMG_1717-683x1024.jpg 683w, https:\/\/infonewss.com\/wp-content\/uploads\/2023\/09\/Belem-vence-Paulistana-por-2-\u00d7-1-em-jogo-de-ida-das-quartas-de-finais-da-II-Copa-AMVI-IMG_1717-768x1152.jpg 768w, https:\/\/infonewss.com\/wp-content\/uploads\/2023\/09\/Belem-vence-Paulistana-por-2-\u00d7-1-em-jogo-de-ida-das-quartas-de-finais-da-II-Copa-AMVI-IMG_1717-150x225.jpg 150w, https:\/\/infonewss.com\/wp-content\/uploads\/2023\/09\/Belem-vence-Paulistana-por-2-\u00d7-1-em-jogo-de-ida-das-quartas-de-finais-da-II-Copa-AMVI-IMG_1717-300x450.jpg 300w, https:\/\/infonewss.com\/wp-content\/uploads\/2023\/09\/Belem-vence-Paulistana-por-2-\u00d7-1-em-jogo-de-ida-das-quartas-de-finais-da-II-Copa-AMVI-IMG_1717-696x1044.jpg 696w, https:\/\/infonewss.com\/wp-content\/uploads\/2023\/09\/Belem-vence-Paulistana-por-2-\u00d7-1-em-jogo-de-ida-das-quartas-de-finais-da-II-Copa-AMVI-IMG_1717.jpg 900w\" data-src=\"https:\/\/infonewss.com\/wp-content\/uploads\/2023\/09\/Belem-vence-Paulistana-por-2-\u00d7-1-em-jogo-de-ida-das-quartas-de-finais-da-II-Copa-AMVI-IMG_1717-200x300.jpg\" data-sizes=\"(max-width: 200px) 100vw, 200px\" \/><\/a><\/div>\n<\/figure>\n<figure class=\"gallery-item\">\n<div class=\"gallery-icon portrait\"><a href=\"https:\/\/infonewss.com\/wp-content\/uploads\/2023\/09\/Belem-vence-Paulistana-por-2-%C3%97-1-em-jogo-de-ida-das-quartas-de-finais-da-II-Copa-AMVI-IMG_1718.jpg\"><img loading=\"lazy\" decoding=\"async\" class=\"attachment-medium size-medium lazyloaded\" src=\"https:\/\/infonewss.com\/wp-content\/uploads\/2023\/09\/Belem-vence-Paulistana-por-2-%C3%97-1-em-jogo-de-ida-das-quartas-de-finais-da-II-Copa-AMVI-IMG_1718-200x300.jpg\" sizes=\"(max-width: 200px) 100vw, 200px\" srcset=\"https:\/\/infonewss.com\/wp-content\/uploads\/2023\/09\/Belem-vence-Paulistana-por-2-\u00d7-1-em-jogo-de-ida-das-quartas-de-finais-da-II-Copa-AMVI-IMG_1718-200x300.jpg 200w, https:\/\/infonewss.com\/wp-content\/uploads\/2023\/09\/Belem-vence-Paulistana-por-2-\u00d7-1-em-jogo-de-ida-das-quartas-de-finais-da-II-Copa-AMVI-IMG_1718-683x1024.jpg 683w, https:\/\/infonewss.com\/wp-content\/uploads\/2023\/09\/Belem-vence-Paulistana-por-2-\u00d7-1-em-jogo-de-ida-das-quartas-de-finais-da-II-Copa-AMVI-IMG_1718-768x1152.jpg 768w, https:\/\/infonewss.com\/wp-content\/uploads\/2023\/09\/Belem-vence-Paulistana-por-2-\u00d7-1-em-jogo-de-ida-das-quartas-de-finais-da-II-Copa-AMVI-IMG_1718-150x225.jpg 150w, https:\/\/infonewss.com\/wp-content\/uploads\/2023\/09\/Belem-vence-Paulistana-por-2-\u00d7-1-em-jogo-de-ida-das-quartas-de-finais-da-II-Copa-AMVI-IMG_1718-300x450.jpg 300w, https:\/\/infonewss.com\/wp-content\/uploads\/2023\/09\/Belem-vence-Paulistana-por-2-\u00d7-1-em-jogo-de-ida-das-quartas-de-finais-da-II-Copa-AMVI-IMG_1718-696x1044.jpg 696w, https:\/\/infonewss.com\/wp-content\/uploads\/2023\/09\/Belem-vence-Paulistana-por-2-\u00d7-1-em-jogo-de-ida-das-quartas-de-finais-da-II-Copa-AMVI-IMG_1718.jpg 900w\" alt=\"\" width=\"200\" height=\"300\" data-srcset=\"https:\/\/infonewss.com\/wp-content\/uploads\/2023\/09\/Belem-vence-Paulistana-por-2-\u00d7-1-em-jogo-de-ida-das-quartas-de-finais-da-II-Copa-AMVI-IMG_1718-200x300.jpg 200w, https:\/\/infonewss.com\/wp-content\/uploads\/2023\/09\/Belem-vence-Paulistana-por-2-\u00d7-1-em-jogo-de-ida-das-quartas-de-finais-da-II-Copa-AMVI-IMG_1718-683x1024.jpg 683w, https:\/\/infonewss.com\/wp-content\/uploads\/2023\/09\/Belem-vence-Paulistana-por-2-\u00d7-1-em-jogo-de-ida-das-quartas-de-finais-da-II-Copa-AMVI-IMG_1718-768x1152.jpg 768w, https:\/\/infonewss.com\/wp-content\/uploads\/2023\/09\/Belem-vence-Paulistana-por-2-\u00d7-1-em-jogo-de-ida-das-quartas-de-finais-da-II-Copa-AMVI-IMG_1718-150x225.jpg 150w, https:\/\/infonewss.com\/wp-content\/uploads\/2023\/09\/Belem-vence-Paulistana-por-2-\u00d7-1-em-jogo-de-ida-das-quartas-de-finais-da-II-Copa-AMVI-IMG_1718-300x450.jpg 300w, https:\/\/infonewss.com\/wp-content\/uploads\/2023\/09\/Belem-vence-Paulistana-por-2-\u00d7-1-em-jogo-de-ida-das-quartas-de-finais-da-II-Copa-AMVI-IMG_1718-696x1044.jpg 696w, https:\/\/infonewss.com\/wp-content\/uploads\/2023\/09\/Belem-vence-Paulistana-por-2-\u00d7-1-em-jogo-de-ida-das-quartas-de-finais-da-II-Copa-AMVI-IMG_1718.jpg 900w\" data-src=\"https:\/\/infonewss.com\/wp-content\/uploads\/2023\/09\/Belem-vence-Paulistana-por-2-\u00d7-1-em-jogo-de-ida-das-quartas-de-finais-da-II-Copa-AMVI-IMG_1718-200x300.jpg\" data-sizes=\"(max-width: 200px) 100vw, 200px\" \/><\/a><\/div>\n<\/figure>\n<figure class=\"gallery-item\">\n<div class=\"gallery-icon portrait\"><a href=\"https:\/\/infonewss.com\/wp-content\/uploads\/2023\/09\/Belem-vence-Paulistana-por-2-%C3%97-1-em-jogo-de-ida-das-quartas-de-finais-da-II-Copa-AMVI-IMG_1719.jpg\"><img loading=\"lazy\" decoding=\"async\" class=\"attachment-medium size-medium lazyloaded\" src=\"https:\/\/infonewss.com\/wp-content\/uploads\/2023\/09\/Belem-vence-Paulistana-por-2-%C3%97-1-em-jogo-de-ida-das-quartas-de-finais-da-II-Copa-AMVI-IMG_1719-200x300.jpg\" sizes=\"(max-width: 200px) 100vw, 200px\" srcset=\"https:\/\/infonewss.com\/wp-content\/uploads\/2023\/09\/Belem-vence-Paulistana-por-2-\u00d7-1-em-jogo-de-ida-das-quartas-de-finais-da-II-Copa-AMVI-IMG_1719-200x300.jpg 200w, https:\/\/infonewss.com\/wp-content\/uploads\/2023\/09\/Belem-vence-Paulistana-por-2-\u00d7-1-em-jogo-de-ida-das-quartas-de-finais-da-II-Copa-AMVI-IMG_1719-683x1024.jpg 683w, https:\/\/infonewss.com\/wp-content\/uploads\/2023\/09\/Belem-vence-Paulistana-por-2-\u00d7-1-em-jogo-de-ida-das-quartas-de-finais-da-II-Copa-AMVI-IMG_1719-768x1152.jpg 768w, https:\/\/infonewss.com\/wp-content\/uploads\/2023\/09\/Belem-vence-Paulistana-por-2-\u00d7-1-em-jogo-de-ida-das-quartas-de-finais-da-II-Copa-AMVI-IMG_1719-150x225.jpg 150w, https:\/\/infonewss.com\/wp-content\/uploads\/2023\/09\/Belem-vence-Paulistana-por-2-\u00d7-1-em-jogo-de-ida-das-quartas-de-finais-da-II-Copa-AMVI-IMG_1719-300x450.jpg 300w, https:\/\/infonewss.com\/wp-content\/uploads\/2023\/09\/Belem-vence-Paulistana-por-2-\u00d7-1-em-jogo-de-ida-das-quartas-de-finais-da-II-Copa-AMVI-IMG_1719-696x1044.jpg 696w, https:\/\/infonewss.com\/wp-content\/uploads\/2023\/09\/Belem-vence-Paulistana-por-2-\u00d7-1-em-jogo-de-ida-das-quartas-de-finais-da-II-Copa-AMVI-IMG_1719.jpg 900w\" alt=\"\" width=\"200\" height=\"300\" data-srcset=\"https:\/\/infonewss.com\/wp-content\/uploads\/2023\/09\/Belem-vence-Paulistana-por-2-\u00d7-1-em-jogo-de-ida-das-quartas-de-finais-da-II-Copa-AMVI-IMG_1719-200x300.jpg 200w, https:\/\/infonewss.com\/wp-content\/uploads\/2023\/09\/Belem-vence-Paulistana-por-2-\u00d7-1-em-jogo-de-ida-das-quartas-de-finais-da-II-Copa-AMVI-IMG_1719-683x1024.jpg 683w, https:\/\/infonewss.com\/wp-content\/uploads\/2023\/09\/Belem-vence-Paulistana-por-2-\u00d7-1-em-jogo-de-ida-das-quartas-de-finais-da-II-Copa-AMVI-IMG_1719-768x1152.jpg 768w, https:\/\/infonewss.com\/wp-content\/uploads\/2023\/09\/Belem-vence-Paulistana-por-2-\u00d7-1-em-jogo-de-ida-das-quartas-de-finais-da-II-Copa-AMVI-IMG_1719-150x225.jpg 150w, https:\/\/infonewss.com\/wp-content\/uploads\/2023\/09\/Belem-vence-Paulistana-por-2-\u00d7-1-em-jogo-de-ida-das-quartas-de-finais-da-II-Copa-AMVI-IMG_1719-300x450.jpg 300w, https:\/\/infonewss.com\/wp-content\/uploads\/2023\/09\/Belem-vence-Paulistana-por-2-\u00d7-1-em-jogo-de-ida-das-quartas-de-finais-da-II-Copa-AMVI-IMG_1719-696x1044.jpg 696w, https:\/\/infonewss.com\/wp-content\/uploads\/2023\/09\/Belem-vence-Paulistana-por-2-\u00d7-1-em-jogo-de-ida-das-quartas-de-finais-da-II-Copa-AMVI-IMG_1719.jpg 900w\" data-src=\"https:\/\/infonewss.com\/wp-content\/uploads\/2023\/09\/Belem-vence-Paulistana-por-2-\u00d7-1-em-jogo-de-ida-das-quartas-de-finais-da-II-Copa-AMVI-IMG_1719-200x300.jpg\" data-sizes=\"(max-width: 200px) 100vw, 200px\" \/><\/a><\/div>\n<\/figure>\n<figure class=\"gallery-item\">\n<div class=\"gallery-icon landscape\"><a href=\"https:\/\/infonewss.com\/wp-content\/uploads\/2023\/09\/Belem-vence-Paulistana-por-2-%C3%97-1-em-jogo-de-ida-das-quartas-de-finais-da-II-Copa-AMVI-IMG_1721.jpg\"><img loading=\"lazy\" decoding=\"async\" class=\"attachment-medium size-medium lazyloaded\" src=\"https:\/\/infonewss.com\/wp-content\/uploads\/2023\/09\/Belem-vence-Paulistana-por-2-%C3%97-1-em-jogo-de-ida-das-quartas-de-finais-da-II-Copa-AMVI-IMG_1721-300x200.jpg\" sizes=\"(max-width: 300px) 100vw, 300px\" srcset=\"https:\/\/infonewss.com\/wp-content\/uploads\/2023\/09\/Belem-vence-Paulistana-por-2-\u00d7-1-em-jogo-de-ida-das-quartas-de-finais-da-II-Copa-AMVI-IMG_1721-300x200.jpg 300w, https:\/\/infonewss.com\/wp-content\/uploads\/2023\/09\/Belem-vence-Paulistana-por-2-\u00d7-1-em-jogo-de-ida-das-quartas-de-finais-da-II-Copa-AMVI-IMG_1721-768x512.jpg 768w, https:\/\/infonewss.com\/wp-content\/uploads\/2023\/09\/Belem-vence-Paulistana-por-2-\u00d7-1-em-jogo-de-ida-das-quartas-de-finais-da-II-Copa-AMVI-IMG_1721-150x100.jpg 150w, https:\/\/infonewss.com\/wp-content\/uploads\/2023\/09\/Belem-vence-Paulistana-por-2-\u00d7-1-em-jogo-de-ida-das-quartas-de-finais-da-II-Copa-AMVI-IMG_1721-696x464.jpg 696w, https:\/\/infonewss.com\/wp-content\/uploads\/2023\/09\/Belem-vence-Paulistana-por-2-\u00d7-1-em-jogo-de-ida-das-quartas-de-finais-da-II-Copa-AMVI-IMG_1721.jpg 900w\" alt=\"\" width=\"300\" height=\"200\" data-srcset=\"https:\/\/infonewss.com\/wp-content\/uploads\/2023\/09\/Belem-vence-Paulistana-por-2-\u00d7-1-em-jogo-de-ida-das-quartas-de-finais-da-II-Copa-AMVI-IMG_1721-300x200.jpg 300w, https:\/\/infonewss.com\/wp-content\/uploads\/2023\/09\/Belem-vence-Paulistana-por-2-\u00d7-1-em-jogo-de-ida-das-quartas-de-finais-da-II-Copa-AMVI-IMG_1721-768x512.jpg 768w, https:\/\/infonewss.com\/wp-content\/uploads\/2023\/09\/Belem-vence-Paulistana-por-2-\u00d7-1-em-jogo-de-ida-das-quartas-de-finais-da-II-Copa-AMVI-IMG_1721-150x100.jpg 150w, https:\/\/infonewss.com\/wp-content\/uploads\/2023\/09\/Belem-vence-Paulistana-por-2-\u00d7-1-em-jogo-de-ida-das-quartas-de-finais-da-II-Copa-AMVI-IMG_1721-696x464.jpg 696w, https:\/\/infonewss.com\/wp-content\/uploads\/2023\/09\/Belem-vence-Paulistana-por-2-\u00d7-1-em-jogo-de-ida-das-quartas-de-finais-da-II-Copa-AMVI-IMG_1721.jpg 900w\" data-src=\"https:\/\/infonewss.com\/wp-content\/uploads\/2023\/09\/Belem-vence-Paulistana-por-2-\u00d7-1-em-jogo-de-ida-das-quartas-de-finais-da-II-Copa-AMVI-IMG_1721-300x200.jpg\" data-sizes=\"(max-width: 300px) 100vw, 300px\" \/><\/a><\/div>\n<\/figure>\n<figure class=\"gallery-item\">\n<div class=\"gallery-icon landscape\"><a href=\"https:\/\/infonewss.com\/wp-content\/uploads\/2023\/09\/Belem-vence-Paulistana-por-2-%C3%97-1-em-jogo-de-ida-das-quartas-de-finais-da-II-Copa-AMVI-IMG_1724.jpg\"><img loading=\"lazy\" decoding=\"async\" class=\"attachment-medium size-medium lazyloaded\" src=\"https:\/\/infonewss.com\/wp-content\/uploads\/2023\/09\/Belem-vence-Paulistana-por-2-%C3%97-1-em-jogo-de-ida-das-quartas-de-finais-da-II-Copa-AMVI-IMG_1724-300x200.jpg\" sizes=\"(max-width: 300px) 100vw, 300px\" srcset=\"https:\/\/infonewss.com\/wp-content\/uploads\/2023\/09\/Belem-vence-Paulistana-por-2-\u00d7-1-em-jogo-de-ida-das-quartas-de-finais-da-II-Copa-AMVI-IMG_1724-300x200.jpg 300w, https:\/\/infonewss.com\/wp-content\/uploads\/2023\/09\/Belem-vence-Paulistana-por-2-\u00d7-1-em-jogo-de-ida-das-quartas-de-finais-da-II-Copa-AMVI-IMG_1724-768x512.jpg 768w, https:\/\/infonewss.com\/wp-content\/uploads\/2023\/09\/Belem-vence-Paulistana-por-2-\u00d7-1-em-jogo-de-ida-das-quartas-de-finais-da-II-Copa-AMVI-IMG_1724-150x100.jpg 150w, https:\/\/infonewss.com\/wp-content\/uploads\/2023\/09\/Belem-vence-Paulistana-por-2-\u00d7-1-em-jogo-de-ida-das-quartas-de-finais-da-II-Copa-AMVI-IMG_1724-696x464.jpg 696w, https:\/\/infonewss.com\/wp-content\/uploads\/2023\/09\/Belem-vence-Paulistana-por-2-\u00d7-1-em-jogo-de-ida-das-quartas-de-finais-da-II-Copa-AMVI-IMG_1724.jpg 900w\" alt=\"\" width=\"300\" height=\"200\" data-srcset=\"https:\/\/infonewss.com\/wp-content\/uploads\/2023\/09\/Belem-vence-Paulistana-por-2-\u00d7-1-em-jogo-de-ida-das-quartas-de-finais-da-II-Copa-AMVI-IMG_1724-300x200.jpg 300w, https:\/\/infonewss.com\/wp-content\/uploads\/2023\/09\/Belem-vence-Paulistana-por-2-\u00d7-1-em-jogo-de-ida-das-quartas-de-finais-da-II-Copa-AMVI-IMG_1724-768x512.jpg 768w, https:\/\/infonewss.com\/wp-content\/uploads\/2023\/09\/Belem-vence-Paulistana-por-2-\u00d7-1-em-jogo-de-ida-das-quartas-de-finais-da-II-Copa-AMVI-IMG_1724-150x100.jpg 150w, https:\/\/infonewss.com\/wp-content\/uploads\/2023\/09\/Belem-vence-Paulistana-por-2-\u00d7-1-em-jogo-de-ida-das-quartas-de-finais-da-II-Copa-AMVI-IMG_1724-696x464.jpg 696w, https:\/\/infonewss.com\/wp-content\/uploads\/2023\/09\/Belem-vence-Paulistana-por-2-\u00d7-1-em-jogo-de-ida-das-quartas-de-finais-da-II-Copa-AMVI-IMG_1724.jpg 900w\" data-src=\"https:\/\/infonewss.com\/wp-content\/uploads\/2023\/09\/Belem-vence-Paulistana-por-2-\u00d7-1-em-jogo-de-ida-das-quartas-de-finais-da-II-Copa-AMVI-IMG_1724-300x200.jpg\" data-sizes=\"(max-width: 300px) 100vw, 300px\" \/><\/a><\/div>\n<\/figure>\n<figure class=\"gallery-item\">\n<div class=\"gallery-icon landscape\"><a href=\"https:\/\/infonewss.com\/wp-content\/uploads\/2023\/09\/Belem-vence-Paulistana-por-2-%C3%97-1-em-jogo-de-ida-das-quartas-de-finais-da-II-Copa-AMVI-IMG_1727.jpg\"><img loading=\"lazy\" decoding=\"async\" class=\"attachment-medium size-medium lazyloaded\" src=\"https:\/\/infonewss.com\/wp-content\/uploads\/2023\/09\/Belem-vence-Paulistana-por-2-%C3%97-1-em-jogo-de-ida-das-quartas-de-finais-da-II-Copa-AMVI-IMG_1727-300x200.jpg\" sizes=\"(max-width: 300px) 100vw, 300px\" srcset=\"https:\/\/infonewss.com\/wp-content\/uploads\/2023\/09\/Belem-vence-Paulistana-por-2-\u00d7-1-em-jogo-de-ida-das-quartas-de-finais-da-II-Copa-AMVI-IMG_1727-300x200.jpg 300w, https:\/\/infonewss.com\/wp-content\/uploads\/2023\/09\/Belem-vence-Paulistana-por-2-\u00d7-1-em-jogo-de-ida-das-quartas-de-finais-da-II-Copa-AMVI-IMG_1727-768x512.jpg 768w, https:\/\/infonewss.com\/wp-content\/uploads\/2023\/09\/Belem-vence-Paulistana-por-2-\u00d7-1-em-jogo-de-ida-das-quartas-de-finais-da-II-Copa-AMVI-IMG_1727-150x100.jpg 150w, https:\/\/infonewss.com\/wp-content\/uploads\/2023\/09\/Belem-vence-Paulistana-por-2-\u00d7-1-em-jogo-de-ida-das-quartas-de-finais-da-II-Copa-AMVI-IMG_1727-696x464.jpg 696w, https:\/\/infonewss.com\/wp-content\/uploads\/2023\/09\/Belem-vence-Paulistana-por-2-\u00d7-1-em-jogo-de-ida-das-quartas-de-finais-da-II-Copa-AMVI-IMG_1727.jpg 900w\" alt=\"\" width=\"300\" height=\"200\" data-srcset=\"https:\/\/infonewss.com\/wp-content\/uploads\/2023\/09\/Belem-vence-Paulistana-por-2-\u00d7-1-em-jogo-de-ida-das-quartas-de-finais-da-II-Copa-AMVI-IMG_1727-300x200.jpg 300w, https:\/\/infonewss.com\/wp-content\/uploads\/2023\/09\/Belem-vence-Paulistana-por-2-\u00d7-1-em-jogo-de-ida-das-quartas-de-finais-da-II-Copa-AMVI-IMG_1727-768x512.jpg 768w, https:\/\/infonewss.com\/wp-content\/uploads\/2023\/09\/Belem-vence-Paulistana-por-2-\u00d7-1-em-jogo-de-ida-das-quartas-de-finais-da-II-Copa-AMVI-IMG_1727-150x100.jpg 150w, https:\/\/infonewss.com\/wp-content\/uploads\/2023\/09\/Belem-vence-Paulistana-por-2-\u00d7-1-em-jogo-de-ida-das-quartas-de-finais-da-II-Copa-AMVI-IMG_1727-696x464.jpg 696w, https:\/\/infonewss.com\/wp-content\/uploads\/2023\/09\/Belem-vence-Paulistana-por-2-\u00d7-1-em-jogo-de-ida-das-quartas-de-finais-da-II-Copa-AMVI-IMG_1727.jpg 900w\" data-src=\"https:\/\/infonewss.com\/wp-content\/uploads\/2023\/09\/Belem-vence-Paulistana-por-2-\u00d7-1-em-jogo-de-ida-das-quartas-de-finais-da-II-Copa-AMVI-IMG_1727-300x200.jpg\" data-sizes=\"(max-width: 300px) 100vw, 300px\" \/><\/a><\/div>\n<\/figure>\n<figure class=\"gallery-item\">\n<div class=\"gallery-icon landscape\"><a href=\"https:\/\/infonewss.com\/wp-content\/uploads\/2023\/09\/Belem-vence-Paulistana-por-2-%C3%97-1-em-jogo-de-ida-das-quartas-de-finais-da-II-Copa-AMVI-IMG_1728.jpg\"><img loading=\"lazy\" decoding=\"async\" class=\"attachment-medium size-medium lazyloaded\" src=\"https:\/\/infonewss.com\/wp-content\/uploads\/2023\/09\/Belem-vence-Paulistana-por-2-%C3%97-1-em-jogo-de-ida-das-quartas-de-finais-da-II-Copa-AMVI-IMG_1728-300x200.jpg\" sizes=\"(max-width: 300px) 100vw, 300px\" srcset=\"https:\/\/infonewss.com\/wp-content\/uploads\/2023\/09\/Belem-vence-Paulistana-por-2-\u00d7-1-em-jogo-de-ida-das-quartas-de-finais-da-II-Copa-AMVI-IMG_1728-300x200.jpg 300w, https:\/\/infonewss.com\/wp-content\/uploads\/2023\/09\/Belem-vence-Paulistana-por-2-\u00d7-1-em-jogo-de-ida-das-quartas-de-finais-da-II-Copa-AMVI-IMG_1728-768x512.jpg 768w, https:\/\/infonewss.com\/wp-content\/uploads\/2023\/09\/Belem-vence-Paulistana-por-2-\u00d7-1-em-jogo-de-ida-das-quartas-de-finais-da-II-Copa-AMVI-IMG_1728-150x100.jpg 150w, https:\/\/infonewss.com\/wp-content\/uploads\/2023\/09\/Belem-vence-Paulistana-por-2-\u00d7-1-em-jogo-de-ida-das-quartas-de-finais-da-II-Copa-AMVI-IMG_1728-696x464.jpg 696w, https:\/\/infonewss.com\/wp-content\/uploads\/2023\/09\/Belem-vence-Paulistana-por-2-\u00d7-1-em-jogo-de-ida-das-quartas-de-finais-da-II-Copa-AMVI-IMG_1728.jpg 900w\" alt=\"\" width=\"300\" height=\"200\" data-srcset=\"https:\/\/infonewss.com\/wp-content\/uploads\/2023\/09\/Belem-vence-Paulistana-por-2-\u00d7-1-em-jogo-de-ida-das-quartas-de-finais-da-II-Copa-AMVI-IMG_1728-300x200.jpg 300w, https:\/\/infonewss.com\/wp-content\/uploads\/2023\/09\/Belem-vence-Paulistana-por-2-\u00d7-1-em-jogo-de-ida-das-quartas-de-finais-da-II-Copa-AMVI-IMG_1728-768x512.jpg 768w, https:\/\/infonewss.com\/wp-content\/uploads\/2023\/09\/Belem-vence-Paulistana-por-2-\u00d7-1-em-jogo-de-ida-das-quartas-de-finais-da-II-Copa-AMVI-IMG_1728-150x100.jpg 150w, https:\/\/infonewss.com\/wp-content\/uploads\/2023\/09\/Belem-vence-Paulistana-por-2-\u00d7-1-em-jogo-de-ida-das-quartas-de-finais-da-II-Copa-AMVI-IMG_1728-696x464.jpg 696w, https:\/\/infonewss.com\/wp-content\/uploads\/2023\/09\/Belem-vence-Paulistana-por-2-\u00d7-1-em-jogo-de-ida-das-quartas-de-finais-da-II-Copa-AMVI-IMG_1728.jpg 900w\" data-src=\"https:\/\/infonewss.com\/wp-content\/uploads\/2023\/09\/Belem-vence-Paulistana-por-2-\u00d7-1-em-jogo-de-ida-das-quartas-de-finais-da-II-Copa-AMVI-IMG_1728-300x200.jpg\" data-sizes=\"(max-width: 300px) 100vw, 300px\" \/><\/a><\/div>\n<\/figure>\n<figure class=\"gallery-item\">\n<div class=\"gallery-icon landscape\"><a href=\"https:\/\/infonewss.com\/wp-content\/uploads\/2023\/09\/Belem-vence-Paulistana-por-2-%C3%97-1-em-jogo-de-ida-das-quartas-de-finais-da-II-Copa-AMVI-IMG_1730.jpg\"><img loading=\"lazy\" decoding=\"async\" class=\"attachment-medium size-medium lazyloaded\" src=\"https:\/\/infonewss.com\/wp-content\/uploads\/2023\/09\/Belem-vence-Paulistana-por-2-%C3%97-1-em-jogo-de-ida-das-quartas-de-finais-da-II-Copa-AMVI-IMG_1730-300x200.jpg\" sizes=\"(max-width: 300px) 100vw, 300px\" srcset=\"https:\/\/infonewss.com\/wp-content\/uploads\/2023\/09\/Belem-vence-Paulistana-por-2-\u00d7-1-em-jogo-de-ida-das-quartas-de-finais-da-II-Copa-AMVI-IMG_1730-300x200.jpg 300w, https:\/\/infonewss.com\/wp-content\/uploads\/2023\/09\/Belem-vence-Paulistana-por-2-\u00d7-1-em-jogo-de-ida-das-quartas-de-finais-da-II-Copa-AMVI-IMG_1730-768x512.jpg 768w, https:\/\/infonewss.com\/wp-content\/uploads\/2023\/09\/Belem-vence-Paulistana-por-2-\u00d7-1-em-jogo-de-ida-das-quartas-de-finais-da-II-Copa-AMVI-IMG_1730-150x100.jpg 150w, https:\/\/infonewss.com\/wp-content\/uploads\/2023\/09\/Belem-vence-Paulistana-por-2-\u00d7-1-em-jogo-de-ida-das-quartas-de-finais-da-II-Copa-AMVI-IMG_1730-696x464.jpg 696w, https:\/\/infonewss.com\/wp-content\/uploads\/2023\/09\/Belem-vence-Paulistana-por-2-\u00d7-1-em-jogo-de-ida-das-quartas-de-finais-da-II-Copa-AMVI-IMG_1730.jpg 900w\" alt=\"\" width=\"300\" height=\"200\" data-srcset=\"https:\/\/infonewss.com\/wp-content\/uploads\/2023\/09\/Belem-vence-Paulistana-por-2-\u00d7-1-em-jogo-de-ida-das-quartas-de-finais-da-II-Copa-AMVI-IMG_1730-300x200.jpg 300w, https:\/\/infonewss.com\/wp-content\/uploads\/2023\/09\/Belem-vence-Paulistana-por-2-\u00d7-1-em-jogo-de-ida-das-quartas-de-finais-da-II-Copa-AMVI-IMG_1730-768x512.jpg 768w, https:\/\/infonewss.com\/wp-content\/uploads\/2023\/09\/Belem-vence-Paulistana-por-2-\u00d7-1-em-jogo-de-ida-das-quartas-de-finais-da-II-Copa-AMVI-IMG_1730-150x100.jpg 150w, https:\/\/infonewss.com\/wp-content\/uploads\/2023\/09\/Belem-vence-Paulistana-por-2-\u00d7-1-em-jogo-de-ida-das-quartas-de-finais-da-II-Copa-AMVI-IMG_1730-696x464.jpg 696w, https:\/\/infonewss.com\/wp-content\/uploads\/2023\/09\/Belem-vence-Paulistana-por-2-\u00d7-1-em-jogo-de-ida-das-quartas-de-finais-da-II-Copa-AMVI-IMG_1730.jpg 900w\" data-src=\"https:\/\/infonewss.com\/wp-content\/uploads\/2023\/09\/Belem-vence-Paulistana-por-2-\u00d7-1-em-jogo-de-ida-das-quartas-de-finais-da-II-Copa-AMVI-IMG_1730-300x200.jpg\" data-sizes=\"(max-width: 300px) 100vw, 300px\" \/><\/a><\/div>\n<\/figure>\n<figure class=\"gallery-item\">\n<div class=\"gallery-icon landscape\"><a href=\"https:\/\/infonewss.com\/wp-content\/uploads\/2023\/09\/Belem-vence-Paulistana-por-2-%C3%97-1-em-jogo-de-ida-das-quartas-de-finais-da-II-Copa-AMVI-IMG_1731.jpg\"><img loading=\"lazy\" decoding=\"async\" class=\"attachment-medium size-medium lazyloaded\" src=\"https:\/\/infonewss.com\/wp-content\/uploads\/2023\/09\/Belem-vence-Paulistana-por-2-%C3%97-1-em-jogo-de-ida-das-quartas-de-finais-da-II-Copa-AMVI-IMG_1731-300x200.jpg\" sizes=\"(max-width: 300px) 100vw, 300px\" srcset=\"https:\/\/infonewss.com\/wp-content\/uploads\/2023\/09\/Belem-vence-Paulistana-por-2-\u00d7-1-em-jogo-de-ida-das-quartas-de-finais-da-II-Copa-AMVI-IMG_1731-300x200.jpg 300w, https:\/\/infonewss.com\/wp-content\/uploads\/2023\/09\/Belem-vence-Paulistana-por-2-\u00d7-1-em-jogo-de-ida-das-quartas-de-finais-da-II-Copa-AMVI-IMG_1731-768x512.jpg 768w, https:\/\/infonewss.com\/wp-content\/uploads\/2023\/09\/Belem-vence-Paulistana-por-2-\u00d7-1-em-jogo-de-ida-das-quartas-de-finais-da-II-Copa-AMVI-IMG_1731-150x100.jpg 150w, https:\/\/infonewss.com\/wp-content\/uploads\/2023\/09\/Belem-vence-Paulistana-por-2-\u00d7-1-em-jogo-de-ida-das-quartas-de-finais-da-II-Copa-AMVI-IMG_1731-696x464.jpg 696w, https:\/\/infonewss.com\/wp-content\/uploads\/2023\/09\/Belem-vence-Paulistana-por-2-\u00d7-1-em-jogo-de-ida-das-quartas-de-finais-da-II-Copa-AMVI-IMG_1731.jpg 900w\" alt=\"\" width=\"300\" height=\"200\" data-srcset=\"https:\/\/infonewss.com\/wp-content\/uploads\/2023\/09\/Belem-vence-Paulistana-por-2-\u00d7-1-em-jogo-de-ida-das-quartas-de-finais-da-II-Copa-AMVI-IMG_1731-300x200.jpg 300w, https:\/\/infonewss.com\/wp-content\/uploads\/2023\/09\/Belem-vence-Paulistana-por-2-\u00d7-1-em-jogo-de-ida-das-quartas-de-finais-da-II-Copa-AMVI-IMG_1731-768x512.jpg 768w, https:\/\/infonewss.com\/wp-content\/uploads\/2023\/09\/Belem-vence-Paulistana-por-2-\u00d7-1-em-jogo-de-ida-das-quartas-de-finais-da-II-Copa-AMVI-IMG_1731-150x100.jpg 150w, https:\/\/infonewss.com\/wp-content\/uploads\/2023\/09\/Belem-vence-Paulistana-por-2-\u00d7-1-em-jogo-de-ida-das-quartas-de-finais-da-II-Copa-AMVI-IMG_1731-696x464.jpg 696w, https:\/\/infonewss.com\/wp-content\/uploads\/2023\/09\/Belem-vence-Paulistana-por-2-\u00d7-1-em-jogo-de-ida-das-quartas-de-finais-da-II-Copa-AMVI-IMG_1731.jpg 900w\" data-src=\"https:\/\/infonewss.com\/wp-content\/uploads\/2023\/09\/Belem-vence-Paulistana-por-2-\u00d7-1-em-jogo-de-ida-das-quartas-de-finais-da-II-Copa-AMVI-IMG_1731-300x200.jpg\" data-sizes=\"(max-width: 300px) 100vw, 300px\" \/><\/a><\/div>\n<\/figure>\n<figure class=\"gallery-item\">\n<div class=\"gallery-icon landscape\"><a href=\"https:\/\/infonewss.com\/wp-content\/uploads\/2023\/09\/Belem-vence-Paulistana-por-2-%C3%97-1-em-jogo-de-ida-das-quartas-de-finais-da-II-Copa-AMVI-IMG_1734.jpg\"><img loading=\"lazy\" decoding=\"async\" class=\"attachment-medium size-medium lazyloaded\" src=\"https:\/\/infonewss.com\/wp-content\/uploads\/2023\/09\/Belem-vence-Paulistana-por-2-%C3%97-1-em-jogo-de-ida-das-quartas-de-finais-da-II-Copa-AMVI-IMG_1734-300x200.jpg\" sizes=\"(max-width: 300px) 100vw, 300px\" srcset=\"https:\/\/infonewss.com\/wp-content\/uploads\/2023\/09\/Belem-vence-Paulistana-por-2-\u00d7-1-em-jogo-de-ida-das-quartas-de-finais-da-II-Copa-AMVI-IMG_1734-300x200.jpg 300w, https:\/\/infonewss.com\/wp-content\/uploads\/2023\/09\/Belem-vence-Paulistana-por-2-\u00d7-1-em-jogo-de-ida-das-quartas-de-finais-da-II-Copa-AMVI-IMG_1734-768x512.jpg 768w, https:\/\/infonewss.com\/wp-content\/uploads\/2023\/09\/Belem-vence-Paulistana-por-2-\u00d7-1-em-jogo-de-ida-das-quartas-de-finais-da-II-Copa-AMVI-IMG_1734-150x100.jpg 150w, https:\/\/infonewss.com\/wp-content\/uploads\/2023\/09\/Belem-vence-Paulistana-por-2-\u00d7-1-em-jogo-de-ida-das-quartas-de-finais-da-II-Copa-AMVI-IMG_1734-696x464.jpg 696w, https:\/\/infonewss.com\/wp-content\/uploads\/2023\/09\/Belem-vence-Paulistana-por-2-\u00d7-1-em-jogo-de-ida-das-quartas-de-finais-da-II-Copa-AMVI-IMG_1734.jpg 900w\" alt=\"\" width=\"300\" height=\"200\" data-srcset=\"https:\/\/infonewss.com\/wp-content\/uploads\/2023\/09\/Belem-vence-Paulistana-por-2-\u00d7-1-em-jogo-de-ida-das-quartas-de-finais-da-II-Copa-AMVI-IMG_1734-300x200.jpg 300w, https:\/\/infonewss.com\/wp-content\/uploads\/2023\/09\/Belem-vence-Paulistana-por-2-\u00d7-1-em-jogo-de-ida-das-quartas-de-finais-da-II-Copa-AMVI-IMG_1734-768x512.jpg 768w, https:\/\/infonewss.com\/wp-content\/uploads\/2023\/09\/Belem-vence-Paulistana-por-2-\u00d7-1-em-jogo-de-ida-das-quartas-de-finais-da-II-Copa-AMVI-IMG_1734-150x100.jpg 150w, https:\/\/infonewss.com\/wp-content\/uploads\/2023\/09\/Belem-vence-Paulistana-por-2-\u00d7-1-em-jogo-de-ida-das-quartas-de-finais-da-II-Copa-AMVI-IMG_1734-696x464.jpg 696w, https:\/\/infonewss.com\/wp-content\/uploads\/2023\/09\/Belem-vence-Paulistana-por-2-\u00d7-1-em-jogo-de-ida-das-quartas-de-finais-da-II-Copa-AMVI-IMG_1734.jpg 900w\" data-src=\"https:\/\/infonewss.com\/wp-content\/uploads\/2023\/09\/Belem-vence-Paulistana-por-2-\u00d7-1-em-jogo-de-ida-das-quartas-de-finais-da-II-Copa-AMVI-IMG_1734-300x200.jpg\" data-sizes=\"(max-width: 300px) 100vw, 300px\" \/><\/a><\/div>\n<\/figure>\n<figure class=\"gallery-item\">\n<div class=\"gallery-icon landscape\"><a href=\"https:\/\/infonewss.com\/wp-content\/uploads\/2023\/09\/Belem-vence-Paulistana-por-2-%C3%97-1-em-jogo-de-ida-das-quartas-de-finais-da-II-Copa-AMVI-IMG_1736.jpg\"><img loading=\"lazy\" decoding=\"async\" class=\"attachment-medium size-medium lazyloaded\" src=\"https:\/\/infonewss.com\/wp-content\/uploads\/2023\/09\/Belem-vence-Paulistana-por-2-%C3%97-1-em-jogo-de-ida-das-quartas-de-finais-da-II-Copa-AMVI-IMG_1736-300x200.jpg\" sizes=\"(max-width: 300px) 100vw, 300px\" srcset=\"https:\/\/infonewss.com\/wp-content\/uploads\/2023\/09\/Belem-vence-Paulistana-por-2-\u00d7-1-em-jogo-de-ida-das-quartas-de-finais-da-II-Copa-AMVI-IMG_1736-300x200.jpg 300w, https:\/\/infonewss.com\/wp-content\/uploads\/2023\/09\/Belem-vence-Paulistana-por-2-\u00d7-1-em-jogo-de-ida-das-quartas-de-finais-da-II-Copa-AMVI-IMG_1736-768x512.jpg 768w, https:\/\/infonewss.com\/wp-content\/uploads\/2023\/09\/Belem-vence-Paulistana-por-2-\u00d7-1-em-jogo-de-ida-das-quartas-de-finais-da-II-Copa-AMVI-IMG_1736-150x100.jpg 150w, https:\/\/infonewss.com\/wp-content\/uploads\/2023\/09\/Belem-vence-Paulistana-por-2-\u00d7-1-em-jogo-de-ida-das-quartas-de-finais-da-II-Copa-AMVI-IMG_1736-696x464.jpg 696w, https:\/\/infonewss.com\/wp-content\/uploads\/2023\/09\/Belem-vence-Paulistana-por-2-\u00d7-1-em-jogo-de-ida-das-quartas-de-finais-da-II-Copa-AMVI-IMG_1736.jpg 900w\" alt=\"\" width=\"300\" height=\"200\" data-srcset=\"https:\/\/infonewss.com\/wp-content\/uploads\/2023\/09\/Belem-vence-Paulistana-por-2-\u00d7-1-em-jogo-de-ida-das-quartas-de-finais-da-II-Copa-AMVI-IMG_1736-300x200.jpg 300w, https:\/\/infonewss.com\/wp-content\/uploads\/2023\/09\/Belem-vence-Paulistana-por-2-\u00d7-1-em-jogo-de-ida-das-quartas-de-finais-da-II-Copa-AMVI-IMG_1736-768x512.jpg 768w, https:\/\/infonewss.com\/wp-content\/uploads\/2023\/09\/Belem-vence-Paulistana-por-2-\u00d7-1-em-jogo-de-ida-das-quartas-de-finais-da-II-Copa-AMVI-IMG_1736-150x100.jpg 150w, https:\/\/infonewss.com\/wp-content\/uploads\/2023\/09\/Belem-vence-Paulistana-por-2-\u00d7-1-em-jogo-de-ida-das-quartas-de-finais-da-II-Copa-AMVI-IMG_1736-696x464.jpg 696w, https:\/\/infonewss.com\/wp-content\/uploads\/2023\/09\/Belem-vence-Paulistana-por-2-\u00d7-1-em-jogo-de-ida-das-quartas-de-finais-da-II-Copa-AMVI-IMG_1736.jpg 900w\" data-src=\"https:\/\/infonewss.com\/wp-content\/uploads\/2023\/09\/Belem-vence-Paulistana-por-2-\u00d7-1-em-jogo-de-ida-das-quartas-de-finais-da-II-Copa-AMVI-IMG_1736-300x200.jpg\" data-sizes=\"(max-width: 300px) 100vw, 300px\" \/><\/a><\/div>\n<\/figure>\n<figure class=\"gallery-item\">\n<div class=\"gallery-icon landscape\"><a href=\"https:\/\/infonewss.com\/wp-content\/uploads\/2023\/09\/Belem-vence-Paulistana-por-2-%C3%97-1-em-jogo-de-ida-das-quartas-de-finais-da-II-Copa-AMVI-IMG_1737.jpg\"><img loading=\"lazy\" decoding=\"async\" class=\"attachment-medium size-medium lazyloaded\" src=\"https:\/\/infonewss.com\/wp-content\/uploads\/2023\/09\/Belem-vence-Paulistana-por-2-%C3%97-1-em-jogo-de-ida-das-quartas-de-finais-da-II-Copa-AMVI-IMG_1737-300x200.jpg\" sizes=\"(max-width: 300px) 100vw, 300px\" srcset=\"https:\/\/infonewss.com\/wp-content\/uploads\/2023\/09\/Belem-vence-Paulistana-por-2-\u00d7-1-em-jogo-de-ida-das-quartas-de-finais-da-II-Copa-AMVI-IMG_1737-300x200.jpg 300w, https:\/\/infonewss.com\/wp-content\/uploads\/2023\/09\/Belem-vence-Paulistana-por-2-\u00d7-1-em-jogo-de-ida-das-quartas-de-finais-da-II-Copa-AMVI-IMG_1737-768x512.jpg 768w, https:\/\/infonewss.com\/wp-content\/uploads\/2023\/09\/Belem-vence-Paulistana-por-2-\u00d7-1-em-jogo-de-ida-das-quartas-de-finais-da-II-Copa-AMVI-IMG_1737-150x100.jpg 150w, https:\/\/infonewss.com\/wp-content\/uploads\/2023\/09\/Belem-vence-Paulistana-por-2-\u00d7-1-em-jogo-de-ida-das-quartas-de-finais-da-II-Copa-AMVI-IMG_1737-696x464.jpg 696w, https:\/\/infonewss.com\/wp-content\/uploads\/2023\/09\/Belem-vence-Paulistana-por-2-\u00d7-1-em-jogo-de-ida-das-quartas-de-finais-da-II-Copa-AMVI-IMG_1737.jpg 900w\" alt=\"\" width=\"300\" height=\"200\" data-srcset=\"https:\/\/infonewss.com\/wp-content\/uploads\/2023\/09\/Belem-vence-Paulistana-por-2-\u00d7-1-em-jogo-de-ida-das-quartas-de-finais-da-II-Copa-AMVI-IMG_1737-300x200.jpg 300w, https:\/\/infonewss.com\/wp-content\/uploads\/2023\/09\/Belem-vence-Paulistana-por-2-\u00d7-1-em-jogo-de-ida-das-quartas-de-finais-da-II-Copa-AMVI-IMG_1737-768x512.jpg 768w, https:\/\/infonewss.com\/wp-content\/uploads\/2023\/09\/Belem-vence-Paulistana-por-2-\u00d7-1-em-jogo-de-ida-das-quartas-de-finais-da-II-Copa-AMVI-IMG_1737-150x100.jpg 150w, https:\/\/infonewss.com\/wp-content\/uploads\/2023\/09\/Belem-vence-Paulistana-por-2-\u00d7-1-em-jogo-de-ida-das-quartas-de-finais-da-II-Copa-AMVI-IMG_1737-696x464.jpg 696w, https:\/\/infonewss.com\/wp-content\/uploads\/2023\/09\/Belem-vence-Paulistana-por-2-\u00d7-1-em-jogo-de-ida-das-quartas-de-finais-da-II-Copa-AMVI-IMG_1737.jpg 900w\" data-src=\"https:\/\/infonewss.com\/wp-content\/uploads\/2023\/09\/Belem-vence-Paulistana-por-2-\u00d7-1-em-jogo-de-ida-das-quartas-de-finais-da-II-Copa-AMVI-IMG_1737-300x200.jpg\" data-sizes=\"(max-width: 300px) 100vw, 300px\" \/><\/a><\/div>\n<\/figure>\n<figure class=\"gallery-item\">\n<div class=\"gallery-icon landscape\"><a href=\"https:\/\/infonewss.com\/wp-content\/uploads\/2023\/09\/Belem-vence-Paulistana-por-2-%C3%97-1-em-jogo-de-ida-das-quartas-de-finais-da-II-Copa-AMVI-IMG_1739.jpg\"><img loading=\"lazy\" decoding=\"async\" class=\"attachment-medium size-medium lazyloaded\" src=\"https:\/\/infonewss.com\/wp-content\/uploads\/2023\/09\/Belem-vence-Paulistana-por-2-%C3%97-1-em-jogo-de-ida-das-quartas-de-finais-da-II-Copa-AMVI-IMG_1739-300x200.jpg\" sizes=\"(max-width: 300px) 100vw, 300px\" srcset=\"https:\/\/infonewss.com\/wp-content\/uploads\/2023\/09\/Belem-vence-Paulistana-por-2-\u00d7-1-em-jogo-de-ida-das-quartas-de-finais-da-II-Copa-AMVI-IMG_1739-300x200.jpg 300w, https:\/\/infonewss.com\/wp-content\/uploads\/2023\/09\/Belem-vence-Paulistana-por-2-\u00d7-1-em-jogo-de-ida-das-quartas-de-finais-da-II-Copa-AMVI-IMG_1739-768x512.jpg 768w, https:\/\/infonewss.com\/wp-content\/uploads\/2023\/09\/Belem-vence-Paulistana-por-2-\u00d7-1-em-jogo-de-ida-das-quartas-de-finais-da-II-Copa-AMVI-IMG_1739-150x100.jpg 150w, https:\/\/infonewss.com\/wp-content\/uploads\/2023\/09\/Belem-vence-Paulistana-por-2-\u00d7-1-em-jogo-de-ida-das-quartas-de-finais-da-II-Copa-AMVI-IMG_1739-696x464.jpg 696w, https:\/\/infonewss.com\/wp-content\/uploads\/2023\/09\/Belem-vence-Paulistana-por-2-\u00d7-1-em-jogo-de-ida-das-quartas-de-finais-da-II-Copa-AMVI-IMG_1739.jpg 900w\" alt=\"\" width=\"300\" height=\"200\" data-srcset=\"https:\/\/infonewss.com\/wp-content\/uploads\/2023\/09\/Belem-vence-Paulistana-por-2-\u00d7-1-em-jogo-de-ida-das-quartas-de-finais-da-II-Copa-AMVI-IMG_1739-300x200.jpg 300w, https:\/\/infonewss.com\/wp-content\/uploads\/2023\/09\/Belem-vence-Paulistana-por-2-\u00d7-1-em-jogo-de-ida-das-quartas-de-finais-da-II-Copa-AMVI-IMG_1739-768x512.jpg 768w, https:\/\/infonewss.com\/wp-content\/uploads\/2023\/09\/Belem-vence-Paulistana-por-2-\u00d7-1-em-jogo-de-ida-das-quartas-de-finais-da-II-Copa-AMVI-IMG_1739-150x100.jpg 150w, https:\/\/infonewss.com\/wp-content\/uploads\/2023\/09\/Belem-vence-Paulistana-por-2-\u00d7-1-em-jogo-de-ida-das-quartas-de-finais-da-II-Copa-AMVI-IMG_1739-696x464.jpg 696w, https:\/\/infonewss.com\/wp-content\/uploads\/2023\/09\/Belem-vence-Paulistana-por-2-\u00d7-1-em-jogo-de-ida-das-quartas-de-finais-da-II-Copa-AMVI-IMG_1739.jpg 900w\" data-src=\"https:\/\/infonewss.com\/wp-content\/uploads\/2023\/09\/Belem-vence-Paulistana-por-2-\u00d7-1-em-jogo-de-ida-das-quartas-de-finais-da-II-Copa-AMVI-IMG_1739-300x200.jpg\" data-sizes=\"(max-width: 300px) 100vw, 300px\" \/><\/a><\/div>\n<\/figure>\n<figure class=\"gallery-item\">\n<div class=\"gallery-icon landscape\"><a href=\"https:\/\/infonewss.com\/wp-content\/uploads\/2023\/09\/Belem-vence-Paulistana-por-2-%C3%97-1-em-jogo-de-ida-das-quartas-de-finais-da-II-Copa-AMVI-IMG_1740.jpg\"><img loading=\"lazy\" decoding=\"async\" class=\"attachment-medium size-medium lazyloaded\" src=\"https:\/\/infonewss.com\/wp-content\/uploads\/2023\/09\/Belem-vence-Paulistana-por-2-%C3%97-1-em-jogo-de-ida-das-quartas-de-finais-da-II-Copa-AMVI-IMG_1740-300x200.jpg\" sizes=\"(max-width: 300px) 100vw, 300px\" srcset=\"https:\/\/infonewss.com\/wp-content\/uploads\/2023\/09\/Belem-vence-Paulistana-por-2-\u00d7-1-em-jogo-de-ida-das-quartas-de-finais-da-II-Copa-AMVI-IMG_1740-300x200.jpg 300w, https:\/\/infonewss.com\/wp-content\/uploads\/2023\/09\/Belem-vence-Paulistana-por-2-\u00d7-1-em-jogo-de-ida-das-quartas-de-finais-da-II-Copa-AMVI-IMG_1740-768x512.jpg 768w, https:\/\/infonewss.com\/wp-content\/uploads\/2023\/09\/Belem-vence-Paulistana-por-2-\u00d7-1-em-jogo-de-ida-das-quartas-de-finais-da-II-Copa-AMVI-IMG_1740-150x100.jpg 150w, https:\/\/infonewss.com\/wp-content\/uploads\/2023\/09\/Belem-vence-Paulistana-por-2-\u00d7-1-em-jogo-de-ida-das-quartas-de-finais-da-II-Copa-AMVI-IMG_1740-696x464.jpg 696w, https:\/\/infonewss.com\/wp-content\/uploads\/2023\/09\/Belem-vence-Paulistana-por-2-\u00d7-1-em-jogo-de-ida-das-quartas-de-finais-da-II-Copa-AMVI-IMG_1740.jpg 900w\" alt=\"\" width=\"300\" height=\"200\" data-srcset=\"https:\/\/infonewss.com\/wp-content\/uploads\/2023\/09\/Belem-vence-Paulistana-por-2-\u00d7-1-em-jogo-de-ida-das-quartas-de-finais-da-II-Copa-AMVI-IMG_1740-300x200.jpg 300w, https:\/\/infonewss.com\/wp-content\/uploads\/2023\/09\/Belem-vence-Paulistana-por-2-\u00d7-1-em-jogo-de-ida-das-quartas-de-finais-da-II-Copa-AMVI-IMG_1740-768x512.jpg 768w, https:\/\/infonewss.com\/wp-content\/uploads\/2023\/09\/Belem-vence-Paulistana-por-2-\u00d7-1-em-jogo-de-ida-das-quartas-de-finais-da-II-Copa-AMVI-IMG_1740-150x100.jpg 150w, https:\/\/infonewss.com\/wp-content\/uploads\/2023\/09\/Belem-vence-Paulistana-por-2-\u00d7-1-em-jogo-de-ida-das-quartas-de-finais-da-II-Copa-AMVI-IMG_1740-696x464.jpg 696w, https:\/\/infonewss.com\/wp-content\/uploads\/2023\/09\/Belem-vence-Paulistana-por-2-\u00d7-1-em-jogo-de-ida-das-quartas-de-finais-da-II-Copa-AMVI-IMG_1740.jpg 900w\" data-src=\"https:\/\/infonewss.com\/wp-content\/uploads\/2023\/09\/Belem-vence-Paulistana-por-2-\u00d7-1-em-jogo-de-ida-das-quartas-de-finais-da-II-Copa-AMVI-IMG_1740-300x200.jpg\" data-sizes=\"(max-width: 300px) 100vw, 300px\" \/><\/a><\/div>\n<\/figure>\n<figure class=\"gallery-item\">\n<div class=\"gallery-icon landscape\"><a href=\"https:\/\/infonewss.com\/wp-content\/uploads\/2023\/09\/Belem-vence-Paulistana-por-2-%C3%97-1-em-jogo-de-ida-das-quartas-de-finais-da-II-Copa-AMVI-IMG_1741.jpg\"><img loading=\"lazy\" decoding=\"async\" class=\"attachment-medium size-medium lazyloaded\" src=\"https:\/\/infonewss.com\/wp-content\/uploads\/2023\/09\/Belem-vence-Paulistana-por-2-%C3%97-1-em-jogo-de-ida-das-quartas-de-finais-da-II-Copa-AMVI-IMG_1741-300x200.jpg\" sizes=\"(max-width: 300px) 100vw, 300px\" srcset=\"https:\/\/infonewss.com\/wp-content\/uploads\/2023\/09\/Belem-vence-Paulistana-por-2-\u00d7-1-em-jogo-de-ida-das-quartas-de-finais-da-II-Copa-AMVI-IMG_1741-300x200.jpg 300w, https:\/\/infonewss.com\/wp-content\/uploads\/2023\/09\/Belem-vence-Paulistana-por-2-\u00d7-1-em-jogo-de-ida-das-quartas-de-finais-da-II-Copa-AMVI-IMG_1741-768x512.jpg 768w, https:\/\/infonewss.com\/wp-content\/uploads\/2023\/09\/Belem-vence-Paulistana-por-2-\u00d7-1-em-jogo-de-ida-das-quartas-de-finais-da-II-Copa-AMVI-IMG_1741-150x100.jpg 150w, https:\/\/infonewss.com\/wp-content\/uploads\/2023\/09\/Belem-vence-Paulistana-por-2-\u00d7-1-em-jogo-de-ida-das-quartas-de-finais-da-II-Copa-AMVI-IMG_1741-696x464.jpg 696w, https:\/\/infonewss.com\/wp-content\/uploads\/2023\/09\/Belem-vence-Paulistana-por-2-\u00d7-1-em-jogo-de-ida-das-quartas-de-finais-da-II-Copa-AMVI-IMG_1741.jpg 900w\" alt=\"\" width=\"300\" height=\"200\" data-srcset=\"https:\/\/infonewss.com\/wp-content\/uploads\/2023\/09\/Belem-vence-Paulistana-por-2-\u00d7-1-em-jogo-de-ida-das-quartas-de-finais-da-II-Copa-AMVI-IMG_1741-300x200.jpg 300w, https:\/\/infonewss.com\/wp-content\/uploads\/2023\/09\/Belem-vence-Paulistana-por-2-\u00d7-1-em-jogo-de-ida-das-quartas-de-finais-da-II-Copa-AMVI-IMG_1741-768x512.jpg 768w, https:\/\/infonewss.com\/wp-content\/uploads\/2023\/09\/Belem-vence-Paulistana-por-2-\u00d7-1-em-jogo-de-ida-das-quartas-de-finais-da-II-Copa-AMVI-IMG_1741-150x100.jpg 150w, https:\/\/infonewss.com\/wp-content\/uploads\/2023\/09\/Belem-vence-Paulistana-por-2-\u00d7-1-em-jogo-de-ida-das-quartas-de-finais-da-II-Copa-AMVI-IMG_1741-696x464.jpg 696w, https:\/\/infonewss.com\/wp-content\/uploads\/2023\/09\/Belem-vence-Paulistana-por-2-\u00d7-1-em-jogo-de-ida-das-quartas-de-finais-da-II-Copa-AMVI-IMG_1741.jpg 900w\" data-src=\"https:\/\/infonewss.com\/wp-content\/uploads\/2023\/09\/Belem-vence-Paulistana-por-2-\u00d7-1-em-jogo-de-ida-das-quartas-de-finais-da-II-Copa-AMVI-IMG_1741-300x200.jpg\" data-sizes=\"(max-width: 300px) 100vw, 300px\" \/><\/a><\/div>\n<\/figure>\n<figure class=\"gallery-item\">\n<div class=\"gallery-icon landscape\"><a href=\"https:\/\/infonewss.com\/wp-content\/uploads\/2023\/09\/Belem-vence-Paulistana-por-2-%C3%97-1-em-jogo-de-ida-das-quartas-de-finais-da-II-Copa-AMVI-IMG_1742.jpg\"><img loading=\"lazy\" decoding=\"async\" class=\"attachment-medium size-medium lazyloaded\" src=\"https:\/\/infonewss.com\/wp-content\/uploads\/2023\/09\/Belem-vence-Paulistana-por-2-%C3%97-1-em-jogo-de-ida-das-quartas-de-finais-da-II-Copa-AMVI-IMG_1742-300x200.jpg\" sizes=\"(max-width: 300px) 100vw, 300px\" srcset=\"https:\/\/infonewss.com\/wp-content\/uploads\/2023\/09\/Belem-vence-Paulistana-por-2-\u00d7-1-em-jogo-de-ida-das-quartas-de-finais-da-II-Copa-AMVI-IMG_1742-300x200.jpg 300w, https:\/\/infonewss.com\/wp-content\/uploads\/2023\/09\/Belem-vence-Paulistana-por-2-\u00d7-1-em-jogo-de-ida-das-quartas-de-finais-da-II-Copa-AMVI-IMG_1742-768x512.jpg 768w, https:\/\/infonewss.com\/wp-content\/uploads\/2023\/09\/Belem-vence-Paulistana-por-2-\u00d7-1-em-jogo-de-ida-das-quartas-de-finais-da-II-Copa-AMVI-IMG_1742-150x100.jpg 150w, https:\/\/infonewss.com\/wp-content\/uploads\/2023\/09\/Belem-vence-Paulistana-por-2-\u00d7-1-em-jogo-de-ida-das-quartas-de-finais-da-II-Copa-AMVI-IMG_1742-696x464.jpg 696w, https:\/\/infonewss.com\/wp-content\/uploads\/2023\/09\/Belem-vence-Paulistana-por-2-\u00d7-1-em-jogo-de-ida-das-quartas-de-finais-da-II-Copa-AMVI-IMG_1742.jpg 900w\" alt=\"\" width=\"300\" height=\"200\" data-srcset=\"https:\/\/infonewss.com\/wp-content\/uploads\/2023\/09\/Belem-vence-Paulistana-por-2-\u00d7-1-em-jogo-de-ida-das-quartas-de-finais-da-II-Copa-AMVI-IMG_1742-300x200.jpg 300w, https:\/\/infonewss.com\/wp-content\/uploads\/2023\/09\/Belem-vence-Paulistana-por-2-\u00d7-1-em-jogo-de-ida-das-quartas-de-finais-da-II-Copa-AMVI-IMG_1742-768x512.jpg 768w, https:\/\/infonewss.com\/wp-content\/uploads\/2023\/09\/Belem-vence-Paulistana-por-2-\u00d7-1-em-jogo-de-ida-das-quartas-de-finais-da-II-Copa-AMVI-IMG_1742-150x100.jpg 150w, https:\/\/infonewss.com\/wp-content\/uploads\/2023\/09\/Belem-vence-Paulistana-por-2-\u00d7-1-em-jogo-de-ida-das-quartas-de-finais-da-II-Copa-AMVI-IMG_1742-696x464.jpg 696w, https:\/\/infonewss.com\/wp-content\/uploads\/2023\/09\/Belem-vence-Paulistana-por-2-\u00d7-1-em-jogo-de-ida-das-quartas-de-finais-da-II-Copa-AMVI-IMG_1742.jpg 900w\" data-src=\"https:\/\/infonewss.com\/wp-content\/uploads\/2023\/09\/Belem-vence-Paulistana-por-2-\u00d7-1-em-jogo-de-ida-das-quartas-de-finais-da-II-Copa-AMVI-IMG_1742-300x200.jpg\" data-sizes=\"(max-width: 300px) 100vw, 300px\" \/><\/a><\/div>\n<\/figure>\n<figure class=\"gallery-item\">\n<div class=\"gallery-icon landscape\"><a href=\"https:\/\/infonewss.com\/wp-content\/uploads\/2023\/09\/Belem-vence-Paulistana-por-2-%C3%97-1-em-jogo-de-ida-das-quartas-de-finais-da-II-Copa-AMVI-IMG_1744.jpg\"><img loading=\"lazy\" decoding=\"async\" class=\"attachment-medium size-medium lazyloaded\" src=\"https:\/\/infonewss.com\/wp-content\/uploads\/2023\/09\/Belem-vence-Paulistana-por-2-%C3%97-1-em-jogo-de-ida-das-quartas-de-finais-da-II-Copa-AMVI-IMG_1744-300x200.jpg\" sizes=\"(max-width: 300px) 100vw, 300px\" srcset=\"https:\/\/infonewss.com\/wp-content\/uploads\/2023\/09\/Belem-vence-Paulistana-por-2-\u00d7-1-em-jogo-de-ida-das-quartas-de-finais-da-II-Copa-AMVI-IMG_1744-300x200.jpg 300w, https:\/\/infonewss.com\/wp-content\/uploads\/2023\/09\/Belem-vence-Paulistana-por-2-\u00d7-1-em-jogo-de-ida-das-quartas-de-finais-da-II-Copa-AMVI-IMG_1744-768x512.jpg 768w, https:\/\/infonewss.com\/wp-content\/uploads\/2023\/09\/Belem-vence-Paulistana-por-2-\u00d7-1-em-jogo-de-ida-das-quartas-de-finais-da-II-Copa-AMVI-IMG_1744-150x100.jpg 150w, https:\/\/infonewss.com\/wp-content\/uploads\/2023\/09\/Belem-vence-Paulistana-por-2-\u00d7-1-em-jogo-de-ida-das-quartas-de-finais-da-II-Copa-AMVI-IMG_1744-696x464.jpg 696w, https:\/\/infonewss.com\/wp-content\/uploads\/2023\/09\/Belem-vence-Paulistana-por-2-\u00d7-1-em-jogo-de-ida-das-quartas-de-finais-da-II-Copa-AMVI-IMG_1744.jpg 900w\" alt=\"\" width=\"300\" height=\"200\" data-srcset=\"https:\/\/infonewss.com\/wp-content\/uploads\/2023\/09\/Belem-vence-Paulistana-por-2-\u00d7-1-em-jogo-de-ida-das-quartas-de-finais-da-II-Copa-AMVI-IMG_1744-300x200.jpg 300w, https:\/\/infonewss.com\/wp-content\/uploads\/2023\/09\/Belem-vence-Paulistana-por-2-\u00d7-1-em-jogo-de-ida-das-quartas-de-finais-da-II-Copa-AMVI-IMG_1744-768x512.jpg 768w, https:\/\/infonewss.com\/wp-content\/uploads\/2023\/09\/Belem-vence-Paulistana-por-2-\u00d7-1-em-jogo-de-ida-das-quartas-de-finais-da-II-Copa-AMVI-IMG_1744-150x100.jpg 150w, https:\/\/infonewss.com\/wp-content\/uploads\/2023\/09\/Belem-vence-Paulistana-por-2-\u00d7-1-em-jogo-de-ida-das-quartas-de-finais-da-II-Copa-AMVI-IMG_1744-696x464.jpg 696w, https:\/\/infonewss.com\/wp-content\/uploads\/2023\/09\/Belem-vence-Paulistana-por-2-\u00d7-1-em-jogo-de-ida-das-quartas-de-finais-da-II-Copa-AMVI-IMG_1744.jpg 900w\" data-src=\"https:\/\/infonewss.com\/wp-content\/uploads\/2023\/09\/Belem-vence-Paulistana-por-2-\u00d7-1-em-jogo-de-ida-das-quartas-de-finais-da-II-Copa-AMVI-IMG_1744-300x200.jpg\" data-sizes=\"(max-width: 300px) 100vw, 300px\" \/><\/a><\/div>\n<\/figure>\n<figure class=\"gallery-item\">\n<div class=\"gallery-icon landscape\"><a href=\"https:\/\/infonewss.com\/wp-content\/uploads\/2023\/09\/Belem-vence-Paulistana-por-2-%C3%97-1-em-jogo-de-ida-das-quartas-de-finais-da-II-Copa-AMVI-IMG_1745.jpg\"><img loading=\"lazy\" decoding=\"async\" class=\"attachment-medium size-medium ls-is-cached lazyloaded\" src=\"https:\/\/infonewss.com\/wp-content\/uploads\/2023\/09\/Belem-vence-Paulistana-por-2-%C3%97-1-em-jogo-de-ida-das-quartas-de-finais-da-II-Copa-AMVI-IMG_1745-300x200.jpg\" sizes=\"(max-width: 300px) 100vw, 300px\" srcset=\"https:\/\/infonewss.com\/wp-content\/uploads\/2023\/09\/Belem-vence-Paulistana-por-2-\u00d7-1-em-jogo-de-ida-das-quartas-de-finais-da-II-Copa-AMVI-IMG_1745-300x200.jpg 300w, https:\/\/infonewss.com\/wp-content\/uploads\/2023\/09\/Belem-vence-Paulistana-por-2-\u00d7-1-em-jogo-de-ida-das-quartas-de-finais-da-II-Copa-AMVI-IMG_1745-768x512.jpg 768w, https:\/\/infonewss.com\/wp-content\/uploads\/2023\/09\/Belem-vence-Paulistana-por-2-\u00d7-1-em-jogo-de-ida-das-quartas-de-finais-da-II-Copa-AMVI-IMG_1745-150x100.jpg 150w, https:\/\/infonewss.com\/wp-content\/uploads\/2023\/09\/Belem-vence-Paulistana-por-2-\u00d7-1-em-jogo-de-ida-das-quartas-de-finais-da-II-Copa-AMVI-IMG_1745-696x464.jpg 696w, https:\/\/infonewss.com\/wp-content\/uploads\/2023\/09\/Belem-vence-Paulistana-por-2-\u00d7-1-em-jogo-de-ida-das-quartas-de-finais-da-II-Copa-AMVI-IMG_1745.jpg 900w\" alt=\"\" width=\"300\" height=\"200\" data-srcset=\"https:\/\/infonewss.com\/wp-content\/uploads\/2023\/09\/Belem-vence-Paulistana-por-2-\u00d7-1-em-jogo-de-ida-das-quartas-de-finais-da-II-Copa-AMVI-IMG_1745-300x200.jpg 300w, https:\/\/infonewss.com\/wp-content\/uploads\/2023\/09\/Belem-vence-Paulistana-por-2-\u00d7-1-em-jogo-de-ida-das-quartas-de-finais-da-II-Copa-AMVI-IMG_1745-768x512.jpg 768w, https:\/\/infonewss.com\/wp-content\/uploads\/2023\/09\/Belem-vence-Paulistana-por-2-\u00d7-1-em-jogo-de-ida-das-quartas-de-finais-da-II-Copa-AMVI-IMG_1745-150x100.jpg 150w, https:\/\/infonewss.com\/wp-content\/uploads\/2023\/09\/Belem-vence-Paulistana-por-2-\u00d7-1-em-jogo-de-ida-das-quartas-de-finais-da-II-Copa-AMVI-IMG_1745-696x464.jpg 696w, https:\/\/infonewss.com\/wp-content\/uploads\/2023\/09\/Belem-vence-Paulistana-por-2-\u00d7-1-em-jogo-de-ida-das-quartas-de-finais-da-II-Copa-AMVI-IMG_1745.jpg 900w\" data-src=\"https:\/\/infonewss.com\/wp-content\/uploads\/2023\/09\/Belem-vence-Paulistana-por-2-\u00d7-1-em-jogo-de-ida-das-quartas-de-finais-da-II-Copa-AMVI-IMG_1745-300x200.jpg\" data-sizes=\"(max-width: 300px) 100vw, 300px\" \/><\/a><\/div>\n<\/figure>\n<figure class=\"gallery-item\">\n<div class=\"gallery-icon landscape\"><a href=\"https:\/\/infonewss.com\/wp-content\/uploads\/2023\/09\/Belem-vence-Paulistana-por-2-%C3%97-1-em-jogo-de-ida-das-quartas-de-finais-da-II-Copa-AMVI-IMG_1748.jpg\"><img loading=\"lazy\" decoding=\"async\" class=\"attachment-medium size-medium lazyloaded\" src=\"https:\/\/infonewss.com\/wp-content\/uploads\/2023\/09\/Belem-vence-Paulistana-por-2-%C3%97-1-em-jogo-de-ida-das-quartas-de-finais-da-II-Copa-AMVI-IMG_1748-300x200.jpg\" sizes=\"(max-width: 300px) 100vw, 300px\" srcset=\"https:\/\/infonewss.com\/wp-content\/uploads\/2023\/09\/Belem-vence-Paulistana-por-2-\u00d7-1-em-jogo-de-ida-das-quartas-de-finais-da-II-Copa-AMVI-IMG_1748-300x200.jpg 300w, https:\/\/infonewss.com\/wp-content\/uploads\/2023\/09\/Belem-vence-Paulistana-por-2-\u00d7-1-em-jogo-de-ida-das-quartas-de-finais-da-II-Copa-AMVI-IMG_1748-768x512.jpg 768w, https:\/\/infonewss.com\/wp-content\/uploads\/2023\/09\/Belem-vence-Paulistana-por-2-\u00d7-1-em-jogo-de-ida-das-quartas-de-finais-da-II-Copa-AMVI-IMG_1748-150x100.jpg 150w, https:\/\/infonewss.com\/wp-content\/uploads\/2023\/09\/Belem-vence-Paulistana-por-2-\u00d7-1-em-jogo-de-ida-das-quartas-de-finais-da-II-Copa-AMVI-IMG_1748-696x464.jpg 696w, https:\/\/infonewss.com\/wp-content\/uploads\/2023\/09\/Belem-vence-Paulistana-por-2-\u00d7-1-em-jogo-de-ida-das-quartas-de-finais-da-II-Copa-AMVI-IMG_1748.jpg 900w\" alt=\"\" width=\"300\" height=\"200\" data-srcset=\"https:\/\/infonewss.com\/wp-content\/uploads\/2023\/09\/Belem-vence-Paulistana-por-2-\u00d7-1-em-jogo-de-ida-das-quartas-de-finais-da-II-Copa-AMVI-IMG_1748-300x200.jpg 300w, https:\/\/infonewss.com\/wp-content\/uploads\/2023\/09\/Belem-vence-Paulistana-por-2-\u00d7-1-em-jogo-de-ida-das-quartas-de-finais-da-II-Copa-AMVI-IMG_1748-768x512.jpg 768w, https:\/\/infonewss.com\/wp-content\/uploads\/2023\/09\/Belem-vence-Paulistana-por-2-\u00d7-1-em-jogo-de-ida-das-quartas-de-finais-da-II-Copa-AMVI-IMG_1748-150x100.jpg 150w, https:\/\/infonewss.com\/wp-content\/uploads\/2023\/09\/Belem-vence-Paulistana-por-2-\u00d7-1-em-jogo-de-ida-das-quartas-de-finais-da-II-Copa-AMVI-IMG_1748-696x464.jpg 696w, https:\/\/infonewss.com\/wp-content\/uploads\/2023\/09\/Belem-vence-Paulistana-por-2-\u00d7-1-em-jogo-de-ida-das-quartas-de-finais-da-II-Copa-AMVI-IMG_1748.jpg 900w\" data-src=\"https:\/\/infonewss.com\/wp-content\/uploads\/2023\/09\/Belem-vence-Paulistana-por-2-\u00d7-1-em-jogo-de-ida-das-quartas-de-finais-da-II-Copa-AMVI-IMG_1748-300x200.jpg\" data-sizes=\"(max-width: 300px) 100vw, 300px\" \/><\/a><\/div>\n<\/figure>\n<figure class=\"gallery-item\">\n<div class=\"gallery-icon landscape\"><a href=\"https:\/\/infonewss.com\/wp-content\/uploads\/2023\/09\/Belem-vence-Paulistana-por-2-%C3%97-1-em-jogo-de-ida-das-quartas-de-finais-da-II-Copa-AMVI-IMG_1749.jpg\"><img loading=\"lazy\" decoding=\"async\" class=\"attachment-medium size-medium lazyloaded\" src=\"https:\/\/infonewss.com\/wp-content\/uploads\/2023\/09\/Belem-vence-Paulistana-por-2-%C3%97-1-em-jogo-de-ida-das-quartas-de-finais-da-II-Copa-AMVI-IMG_1749-300x200.jpg\" sizes=\"(max-width: 300px) 100vw, 300px\" srcset=\"https:\/\/infonewss.com\/wp-content\/uploads\/2023\/09\/Belem-vence-Paulistana-por-2-\u00d7-1-em-jogo-de-ida-das-quartas-de-finais-da-II-Copa-AMVI-IMG_1749-300x200.jpg 300w, https:\/\/infonewss.com\/wp-content\/uploads\/2023\/09\/Belem-vence-Paulistana-por-2-\u00d7-1-em-jogo-de-ida-das-quartas-de-finais-da-II-Copa-AMVI-IMG_1749-768x512.jpg 768w, https:\/\/infonewss.com\/wp-content\/uploads\/2023\/09\/Belem-vence-Paulistana-por-2-\u00d7-1-em-jogo-de-ida-das-quartas-de-finais-da-II-Copa-AMVI-IMG_1749-150x100.jpg 150w, https:\/\/infonewss.com\/wp-content\/uploads\/2023\/09\/Belem-vence-Paulistana-por-2-\u00d7-1-em-jogo-de-ida-das-quartas-de-finais-da-II-Copa-AMVI-IMG_1749-696x464.jpg 696w, https:\/\/infonewss.com\/wp-content\/uploads\/2023\/09\/Belem-vence-Paulistana-por-2-\u00d7-1-em-jogo-de-ida-das-quartas-de-finais-da-II-Copa-AMVI-IMG_1749.jpg 900w\" alt=\"\" width=\"300\" height=\"200\" data-srcset=\"https:\/\/infonewss.com\/wp-content\/uploads\/2023\/09\/Belem-vence-Paulistana-por-2-\u00d7-1-em-jogo-de-ida-das-quartas-de-finais-da-II-Copa-AMVI-IMG_1749-300x200.jpg 300w, https:\/\/infonewss.com\/wp-content\/uploads\/2023\/09\/Belem-vence-Paulistana-por-2-\u00d7-1-em-jogo-de-ida-das-quartas-de-finais-da-II-Copa-AMVI-IMG_1749-768x512.jpg 768w, https:\/\/infonewss.com\/wp-content\/uploads\/2023\/09\/Belem-vence-Paulistana-por-2-\u00d7-1-em-jogo-de-ida-das-quartas-de-finais-da-II-Copa-AMVI-IMG_1749-150x100.jpg 150w, https:\/\/infonewss.com\/wp-content\/uploads\/2023\/09\/Belem-vence-Paulistana-por-2-\u00d7-1-em-jogo-de-ida-das-quartas-de-finais-da-II-Copa-AMVI-IMG_1749-696x464.jpg 696w, https:\/\/infonewss.com\/wp-content\/uploads\/2023\/09\/Belem-vence-Paulistana-por-2-\u00d7-1-em-jogo-de-ida-das-quartas-de-finais-da-II-Copa-AMVI-IMG_1749.jpg 900w\" data-src=\"https:\/\/infonewss.com\/wp-content\/uploads\/2023\/09\/Belem-vence-Paulistana-por-2-\u00d7-1-em-jogo-de-ida-das-quartas-de-finais-da-II-Copa-AMVI-IMG_1749-300x200.jpg\" data-sizes=\"(max-width: 300px) 100vw, 300px\" \/><\/a><\/div>\n<\/figure>\n<figure class=\"gallery-item\">\n<div class=\"gallery-icon landscape\"><a href=\"https:\/\/infonewss.com\/wp-content\/uploads\/2023\/09\/Belem-vence-Paulistana-por-2-%C3%97-1-em-jogo-de-ida-das-quartas-de-finais-da-II-Copa-AMVI-IMG_1751.jpg\"><img loading=\"lazy\" decoding=\"async\" class=\"attachment-medium size-medium lazyloaded\" src=\"https:\/\/infonewss.com\/wp-content\/uploads\/2023\/09\/Belem-vence-Paulistana-por-2-%C3%97-1-em-jogo-de-ida-das-quartas-de-finais-da-II-Copa-AMVI-IMG_1751-300x200.jpg\" sizes=\"(max-width: 300px) 100vw, 300px\" srcset=\"https:\/\/infonewss.com\/wp-content\/uploads\/2023\/09\/Belem-vence-Paulistana-por-2-\u00d7-1-em-jogo-de-ida-das-quartas-de-finais-da-II-Copa-AMVI-IMG_1751-300x200.jpg 300w, https:\/\/infonewss.com\/wp-content\/uploads\/2023\/09\/Belem-vence-Paulistana-por-2-\u00d7-1-em-jogo-de-ida-das-quartas-de-finais-da-II-Copa-AMVI-IMG_1751-768x512.jpg 768w, https:\/\/infonewss.com\/wp-content\/uploads\/2023\/09\/Belem-vence-Paulistana-por-2-\u00d7-1-em-jogo-de-ida-das-quartas-de-finais-da-II-Copa-AMVI-IMG_1751-150x100.jpg 150w, https:\/\/infonewss.com\/wp-content\/uploads\/2023\/09\/Belem-vence-Paulistana-por-2-\u00d7-1-em-jogo-de-ida-das-quartas-de-finais-da-II-Copa-AMVI-IMG_1751-696x464.jpg 696w, https:\/\/infonewss.com\/wp-content\/uploads\/2023\/09\/Belem-vence-Paulistana-por-2-\u00d7-1-em-jogo-de-ida-das-quartas-de-finais-da-II-Copa-AMVI-IMG_1751.jpg 900w\" alt=\"\" width=\"300\" height=\"200\" data-srcset=\"https:\/\/infonewss.com\/wp-content\/uploads\/2023\/09\/Belem-vence-Paulistana-por-2-\u00d7-1-em-jogo-de-ida-das-quartas-de-finais-da-II-Copa-AMVI-IMG_1751-300x200.jpg 300w, https:\/\/infonewss.com\/wp-content\/uploads\/2023\/09\/Belem-vence-Paulistana-por-2-\u00d7-1-em-jogo-de-ida-das-quartas-de-finais-da-II-Copa-AMVI-IMG_1751-768x512.jpg 768w, https:\/\/infonewss.com\/wp-content\/uploads\/2023\/09\/Belem-vence-Paulistana-por-2-\u00d7-1-em-jogo-de-ida-das-quartas-de-finais-da-II-Copa-AMVI-IMG_1751-150x100.jpg 150w, https:\/\/infonewss.com\/wp-content\/uploads\/2023\/09\/Belem-vence-Paulistana-por-2-\u00d7-1-em-jogo-de-ida-das-quartas-de-finais-da-II-Copa-AMVI-IMG_1751-696x464.jpg 696w, https:\/\/infonewss.com\/wp-content\/uploads\/2023\/09\/Belem-vence-Paulistana-por-2-\u00d7-1-em-jogo-de-ida-das-quartas-de-finais-da-II-Copa-AMVI-IMG_1751.jpg 900w\" data-src=\"https:\/\/infonewss.com\/wp-content\/uploads\/2023\/09\/Belem-vence-Paulistana-por-2-\u00d7-1-em-jogo-de-ida-das-quartas-de-finais-da-II-Copa-AMVI-IMG_1751-300x200.jpg\" data-sizes=\"(max-width: 300px) 100vw, 300px\" \/><\/a><\/div>\n<\/figure>\n<figure class=\"gallery-item\">\n<div class=\"gallery-icon landscape\"><a href=\"https:\/\/infonewss.com\/wp-content\/uploads\/2023\/09\/Belem-vence-Paulistana-por-2-%C3%97-1-em-jogo-de-ida-das-quartas-de-finais-da-II-Copa-AMVI-IMG_1752.jpg\"><img loading=\"lazy\" decoding=\"async\" class=\"attachment-medium size-medium ls-is-cached lazyloaded\" src=\"https:\/\/infonewss.com\/wp-content\/uploads\/2023\/09\/Belem-vence-Paulistana-por-2-%C3%97-1-em-jogo-de-ida-das-quartas-de-finais-da-II-Copa-AMVI-IMG_1752-300x200.jpg\" sizes=\"(max-width: 300px) 100vw, 300px\" srcset=\"https:\/\/infonewss.com\/wp-content\/uploads\/2023\/09\/Belem-vence-Paulistana-por-2-\u00d7-1-em-jogo-de-ida-das-quartas-de-finais-da-II-Copa-AMVI-IMG_1752-300x200.jpg 300w, https:\/\/infonewss.com\/wp-content\/uploads\/2023\/09\/Belem-vence-Paulistana-por-2-\u00d7-1-em-jogo-de-ida-das-quartas-de-finais-da-II-Copa-AMVI-IMG_1752-768x512.jpg 768w, https:\/\/infonewss.com\/wp-content\/uploads\/2023\/09\/Belem-vence-Paulistana-por-2-\u00d7-1-em-jogo-de-ida-das-quartas-de-finais-da-II-Copa-AMVI-IMG_1752-150x100.jpg 150w, https:\/\/infonewss.com\/wp-content\/uploads\/2023\/09\/Belem-vence-Paulistana-por-2-\u00d7-1-em-jogo-de-ida-das-quartas-de-finais-da-II-Copa-AMVI-IMG_1752-696x464.jpg 696w, https:\/\/infonewss.com\/wp-content\/uploads\/2023\/09\/Belem-vence-Paulistana-por-2-\u00d7-1-em-jogo-de-ida-das-quartas-de-finais-da-II-Copa-AMVI-IMG_1752.jpg 900w\" alt=\"\" width=\"300\" height=\"200\" data-srcset=\"https:\/\/infonewss.com\/wp-content\/uploads\/2023\/09\/Belem-vence-Paulistana-por-2-\u00d7-1-em-jogo-de-ida-das-quartas-de-finais-da-II-Copa-AMVI-IMG_1752-300x200.jpg 300w, https:\/\/infonewss.com\/wp-content\/uploads\/2023\/09\/Belem-vence-Paulistana-por-2-\u00d7-1-em-jogo-de-ida-das-quartas-de-finais-da-II-Copa-AMVI-IMG_1752-768x512.jpg 768w, https:\/\/infonewss.com\/wp-content\/uploads\/2023\/09\/Belem-vence-Paulistana-por-2-\u00d7-1-em-jogo-de-ida-das-quartas-de-finais-da-II-Copa-AMVI-IMG_1752-150x100.jpg 150w, https:\/\/infonewss.com\/wp-content\/uploads\/2023\/09\/Belem-vence-Paulistana-por-2-\u00d7-1-em-jogo-de-ida-das-quartas-de-finais-da-II-Copa-AMVI-IMG_1752-696x464.jpg 696w, https:\/\/infonewss.com\/wp-content\/uploads\/2023\/09\/Belem-vence-Paulistana-por-2-\u00d7-1-em-jogo-de-ida-das-quartas-de-finais-da-II-Copa-AMVI-IMG_1752.jpg 900w\" data-src=\"https:\/\/infonewss.com\/wp-content\/uploads\/2023\/09\/Belem-vence-Paulistana-por-2-\u00d7-1-em-jogo-de-ida-das-quartas-de-finais-da-II-Copa-AMVI-IMG_1752-300x200.jpg\" data-sizes=\"(max-width: 300px) 100vw, 300px\" \/><\/a><\/div>\n<\/figure>\n<figure class=\"gallery-item\">\n<div class=\"gallery-icon landscape\"><a href=\"https:\/\/infonewss.com\/wp-content\/uploads\/2023\/09\/Belem-vence-Paulistana-por-2-%C3%97-1-em-jogo-de-ida-das-quartas-de-finais-da-II-Copa-AMVI-IMG_1753.jpg\"><img loading=\"lazy\" decoding=\"async\" class=\"attachment-medium size-medium ls-is-cached lazyloaded\" src=\"https:\/\/infonewss.com\/wp-content\/uploads\/2023\/09\/Belem-vence-Paulistana-por-2-%C3%97-1-em-jogo-de-ida-das-quartas-de-finais-da-II-Copa-AMVI-IMG_1753-300x200.jpg\" sizes=\"(max-width: 300px) 100vw, 300px\" srcset=\"https:\/\/infonewss.com\/wp-content\/uploads\/2023\/09\/Belem-vence-Paulistana-por-2-\u00d7-1-em-jogo-de-ida-das-quartas-de-finais-da-II-Copa-AMVI-IMG_1753-300x200.jpg 300w, https:\/\/infonewss.com\/wp-content\/uploads\/2023\/09\/Belem-vence-Paulistana-por-2-\u00d7-1-em-jogo-de-ida-das-quartas-de-finais-da-II-Copa-AMVI-IMG_1753-768x512.jpg 768w, https:\/\/infonewss.com\/wp-content\/uploads\/2023\/09\/Belem-vence-Paulistana-por-2-\u00d7-1-em-jogo-de-ida-das-quartas-de-finais-da-II-Copa-AMVI-IMG_1753-150x100.jpg 150w, https:\/\/infonewss.com\/wp-content\/uploads\/2023\/09\/Belem-vence-Paulistana-por-2-\u00d7-1-em-jogo-de-ida-das-quartas-de-finais-da-II-Copa-AMVI-IMG_1753-696x464.jpg 696w, https:\/\/infonewss.com\/wp-content\/uploads\/2023\/09\/Belem-vence-Paulistana-por-2-\u00d7-1-em-jogo-de-ida-das-quartas-de-finais-da-II-Copa-AMVI-IMG_1753.jpg 900w\" alt=\"\" width=\"300\" height=\"200\" data-srcset=\"https:\/\/infonewss.com\/wp-content\/uploads\/2023\/09\/Belem-vence-Paulistana-por-2-\u00d7-1-em-jogo-de-ida-das-quartas-de-finais-da-II-Copa-AMVI-IMG_1753-300x200.jpg 300w, https:\/\/infonewss.com\/wp-content\/uploads\/2023\/09\/Belem-vence-Paulistana-por-2-\u00d7-1-em-jogo-de-ida-das-quartas-de-finais-da-II-Copa-AMVI-IMG_1753-768x512.jpg 768w, https:\/\/infonewss.com\/wp-content\/uploads\/2023\/09\/Belem-vence-Paulistana-por-2-\u00d7-1-em-jogo-de-ida-das-quartas-de-finais-da-II-Copa-AMVI-IMG_1753-150x100.jpg 150w, https:\/\/infonewss.com\/wp-content\/uploads\/2023\/09\/Belem-vence-Paulistana-por-2-\u00d7-1-em-jogo-de-ida-das-quartas-de-finais-da-II-Copa-AMVI-IMG_1753-696x464.jpg 696w, https:\/\/infonewss.com\/wp-content\/uploads\/2023\/09\/Belem-vence-Paulistana-por-2-\u00d7-1-em-jogo-de-ida-das-quartas-de-finais-da-II-Copa-AMVI-IMG_1753.jpg 900w\" data-src=\"https:\/\/infonewss.com\/wp-content\/uploads\/2023\/09\/Belem-vence-Paulistana-por-2-\u00d7-1-em-jogo-de-ida-das-quartas-de-finais-da-II-Copa-AMVI-IMG_1753-300x200.jpg\" data-sizes=\"(max-width: 300px) 100vw, 300px\" \/><\/a><\/div>\n<\/figure>\n<figure class=\"gallery-item\">\n<div class=\"gallery-icon landscape\"><a href=\"https:\/\/infonewss.com\/wp-content\/uploads\/2023\/09\/Belem-vence-Paulistana-por-2-%C3%97-1-em-jogo-de-ida-das-quartas-de-finais-da-II-Copa-AMVI-IMG_1754.jpg\"><img loading=\"lazy\" decoding=\"async\" class=\"attachment-medium size-medium ls-is-cached lazyloaded\" src=\"https:\/\/infonewss.com\/wp-content\/uploads\/2023\/09\/Belem-vence-Paulistana-por-2-%C3%97-1-em-jogo-de-ida-das-quartas-de-finais-da-II-Copa-AMVI-IMG_1754-300x200.jpg\" sizes=\"(max-width: 300px) 100vw, 300px\" srcset=\"https:\/\/infonewss.com\/wp-content\/uploads\/2023\/09\/Belem-vence-Paulistana-por-2-\u00d7-1-em-jogo-de-ida-das-quartas-de-finais-da-II-Copa-AMVI-IMG_1754-300x200.jpg 300w, https:\/\/infonewss.com\/wp-content\/uploads\/2023\/09\/Belem-vence-Paulistana-por-2-\u00d7-1-em-jogo-de-ida-das-quartas-de-finais-da-II-Copa-AMVI-IMG_1754-768x512.jpg 768w, https:\/\/infonewss.com\/wp-content\/uploads\/2023\/09\/Belem-vence-Paulistana-por-2-\u00d7-1-em-jogo-de-ida-das-quartas-de-finais-da-II-Copa-AMVI-IMG_1754-150x100.jpg 150w, https:\/\/infonewss.com\/wp-content\/uploads\/2023\/09\/Belem-vence-Paulistana-por-2-\u00d7-1-em-jogo-de-ida-das-quartas-de-finais-da-II-Copa-AMVI-IMG_1754-696x464.jpg 696w, https:\/\/infonewss.com\/wp-content\/uploads\/2023\/09\/Belem-vence-Paulistana-por-2-\u00d7-1-em-jogo-de-ida-das-quartas-de-finais-da-II-Copa-AMVI-IMG_1754.jpg 900w\" alt=\"\" width=\"300\" height=\"200\" data-srcset=\"https:\/\/infonewss.com\/wp-content\/uploads\/2023\/09\/Belem-vence-Paulistana-por-2-\u00d7-1-em-jogo-de-ida-das-quartas-de-finais-da-II-Copa-AMVI-IMG_1754-300x200.jpg 300w, https:\/\/infonewss.com\/wp-content\/uploads\/2023\/09\/Belem-vence-Paulistana-por-2-\u00d7-1-em-jogo-de-ida-das-quartas-de-finais-da-II-Copa-AMVI-IMG_1754-768x512.jpg 768w, https:\/\/infonewss.com\/wp-content\/uploads\/2023\/09\/Belem-vence-Paulistana-por-2-\u00d7-1-em-jogo-de-ida-das-quartas-de-finais-da-II-Copa-AMVI-IMG_1754-150x100.jpg 150w, https:\/\/infonewss.com\/wp-content\/uploads\/2023\/09\/Belem-vence-Paulistana-por-2-\u00d7-1-em-jogo-de-ida-das-quartas-de-finais-da-II-Copa-AMVI-IMG_1754-696x464.jpg 696w, https:\/\/infonewss.com\/wp-content\/uploads\/2023\/09\/Belem-vence-Paulistana-por-2-\u00d7-1-em-jogo-de-ida-das-quartas-de-finais-da-II-Copa-AMVI-IMG_1754.jpg 900w\" data-src=\"https:\/\/infonewss.com\/wp-content\/uploads\/2023\/09\/Belem-vence-Paulistana-por-2-\u00d7-1-em-jogo-de-ida-das-quartas-de-finais-da-II-Copa-AMVI-IMG_1754-300x200.jpg\" data-sizes=\"(max-width: 300px) 100vw, 300px\" \/><\/a><\/div>\n<\/figure>\n<figure class=\"gallery-item\">\n<div class=\"gallery-icon landscape\"><a href=\"https:\/\/infonewss.com\/wp-content\/uploads\/2023\/09\/Belem-vence-Paulistana-por-2-%C3%97-1-em-jogo-de-ida-das-quartas-de-finais-da-II-Copa-AMVI-IMG_1755.jpg\"><img loading=\"lazy\" decoding=\"async\" class=\"attachment-medium size-medium lazyloaded\" src=\"https:\/\/infonewss.com\/wp-content\/uploads\/2023\/09\/Belem-vence-Paulistana-por-2-%C3%97-1-em-jogo-de-ida-das-quartas-de-finais-da-II-Copa-AMVI-IMG_1755-300x200.jpg\" sizes=\"(max-width: 300px) 100vw, 300px\" srcset=\"https:\/\/infonewss.com\/wp-content\/uploads\/2023\/09\/Belem-vence-Paulistana-por-2-\u00d7-1-em-jogo-de-ida-das-quartas-de-finais-da-II-Copa-AMVI-IMG_1755-300x200.jpg 300w, https:\/\/infonewss.com\/wp-content\/uploads\/2023\/09\/Belem-vence-Paulistana-por-2-\u00d7-1-em-jogo-de-ida-das-quartas-de-finais-da-II-Copa-AMVI-IMG_1755-768x512.jpg 768w, https:\/\/infonewss.com\/wp-content\/uploads\/2023\/09\/Belem-vence-Paulistana-por-2-\u00d7-1-em-jogo-de-ida-das-quartas-de-finais-da-II-Copa-AMVI-IMG_1755-150x100.jpg 150w, https:\/\/infonewss.com\/wp-content\/uploads\/2023\/09\/Belem-vence-Paulistana-por-2-\u00d7-1-em-jogo-de-ida-das-quartas-de-finais-da-II-Copa-AMVI-IMG_1755-696x464.jpg 696w, https:\/\/infonewss.com\/wp-content\/uploads\/2023\/09\/Belem-vence-Paulistana-por-2-\u00d7-1-em-jogo-de-ida-das-quartas-de-finais-da-II-Copa-AMVI-IMG_1755.jpg 900w\" alt=\"\" width=\"300\" height=\"200\" data-srcset=\"https:\/\/infonewss.com\/wp-content\/uploads\/2023\/09\/Belem-vence-Paulistana-por-2-\u00d7-1-em-jogo-de-ida-das-quartas-de-finais-da-II-Copa-AMVI-IMG_1755-300x200.jpg 300w, https:\/\/infonewss.com\/wp-content\/uploads\/2023\/09\/Belem-vence-Paulistana-por-2-\u00d7-1-em-jogo-de-ida-das-quartas-de-finais-da-II-Copa-AMVI-IMG_1755-768x512.jpg 768w, https:\/\/infonewss.com\/wp-content\/uploads\/2023\/09\/Belem-vence-Paulistana-por-2-\u00d7-1-em-jogo-de-ida-das-quartas-de-finais-da-II-Copa-AMVI-IMG_1755-150x100.jpg 150w, https:\/\/infonewss.com\/wp-content\/uploads\/2023\/09\/Belem-vence-Paulistana-por-2-\u00d7-1-em-jogo-de-ida-das-quartas-de-finais-da-II-Copa-AMVI-IMG_1755-696x464.jpg 696w, https:\/\/infonewss.com\/wp-content\/uploads\/2023\/09\/Belem-vence-Paulistana-por-2-\u00d7-1-em-jogo-de-ida-das-quartas-de-finais-da-II-Copa-AMVI-IMG_1755.jpg 900w\" data-src=\"https:\/\/infonewss.com\/wp-content\/uploads\/2023\/09\/Belem-vence-Paulistana-por-2-\u00d7-1-em-jogo-de-ida-das-quartas-de-finais-da-II-Copa-AMVI-IMG_1755-300x200.jpg\" data-sizes=\"(max-width: 300px) 100vw, 300px\" \/><\/a><\/div>\n<\/figure>\n<figure class=\"gallery-item\">\n<div class=\"gallery-icon landscape\"><a href=\"https:\/\/infonewss.com\/wp-content\/uploads\/2023\/09\/Belem-vence-Paulistana-por-2-%C3%97-1-em-jogo-de-ida-das-quartas-de-finais-da-II-Copa-AMVI-IMG_1759.jpg\"><img loading=\"lazy\" decoding=\"async\" class=\"attachment-medium size-medium lazyloaded\" src=\"https:\/\/infonewss.com\/wp-content\/uploads\/2023\/09\/Belem-vence-Paulistana-por-2-%C3%97-1-em-jogo-de-ida-das-quartas-de-finais-da-II-Copa-AMVI-IMG_1759-300x200.jpg\" sizes=\"(max-width: 300px) 100vw, 300px\" srcset=\"https:\/\/infonewss.com\/wp-content\/uploads\/2023\/09\/Belem-vence-Paulistana-por-2-\u00d7-1-em-jogo-de-ida-das-quartas-de-finais-da-II-Copa-AMVI-IMG_1759-300x200.jpg 300w, https:\/\/infonewss.com\/wp-content\/uploads\/2023\/09\/Belem-vence-Paulistana-por-2-\u00d7-1-em-jogo-de-ida-das-quartas-de-finais-da-II-Copa-AMVI-IMG_1759-768x512.jpg 768w, https:\/\/infonewss.com\/wp-content\/uploads\/2023\/09\/Belem-vence-Paulistana-por-2-\u00d7-1-em-jogo-de-ida-das-quartas-de-finais-da-II-Copa-AMVI-IMG_1759-150x100.jpg 150w, https:\/\/infonewss.com\/wp-content\/uploads\/2023\/09\/Belem-vence-Paulistana-por-2-\u00d7-1-em-jogo-de-ida-das-quartas-de-finais-da-II-Copa-AMVI-IMG_1759-696x464.jpg 696w, https:\/\/infonewss.com\/wp-content\/uploads\/2023\/09\/Belem-vence-Paulistana-por-2-\u00d7-1-em-jogo-de-ida-das-quartas-de-finais-da-II-Copa-AMVI-IMG_1759.jpg 900w\" alt=\"\" width=\"300\" height=\"200\" data-srcset=\"https:\/\/infonewss.com\/wp-content\/uploads\/2023\/09\/Belem-vence-Paulistana-por-2-\u00d7-1-em-jogo-de-ida-das-quartas-de-finais-da-II-Copa-AMVI-IMG_1759-300x200.jpg 300w, https:\/\/infonewss.com\/wp-content\/uploads\/2023\/09\/Belem-vence-Paulistana-por-2-\u00d7-1-em-jogo-de-ida-das-quartas-de-finais-da-II-Copa-AMVI-IMG_1759-768x512.jpg 768w, https:\/\/infonewss.com\/wp-content\/uploads\/2023\/09\/Belem-vence-Paulistana-por-2-\u00d7-1-em-jogo-de-ida-das-quartas-de-finais-da-II-Copa-AMVI-IMG_1759-150x100.jpg 150w, https:\/\/infonewss.com\/wp-content\/uploads\/2023\/09\/Belem-vence-Paulistana-por-2-\u00d7-1-em-jogo-de-ida-das-quartas-de-finais-da-II-Copa-AMVI-IMG_1759-696x464.jpg 696w, https:\/\/infonewss.com\/wp-content\/uploads\/2023\/09\/Belem-vence-Paulistana-por-2-\u00d7-1-em-jogo-de-ida-das-quartas-de-finais-da-II-Copa-AMVI-IMG_1759.jpg 900w\" data-src=\"https:\/\/infonewss.com\/wp-content\/uploads\/2023\/09\/Belem-vence-Paulistana-por-2-\u00d7-1-em-jogo-de-ida-das-quartas-de-finais-da-II-Copa-AMVI-IMG_1759-300x200.jpg\" data-sizes=\"(max-width: 300px) 100vw, 300px\" \/><\/a><\/div>\n<\/figure>\n<figure class=\"gallery-item\">\n<div class=\"gallery-icon portrait\"><a href=\"https:\/\/infonewss.com\/wp-content\/uploads\/2023\/09\/Belem-vence-Paulistana-por-2-%C3%97-1-em-jogo-de-ida-das-quartas-de-finais-da-II-Copa-AMVI-IMG_1760.jpg\"><img loading=\"lazy\" decoding=\"async\" class=\"attachment-medium size-medium lazyloaded\" src=\"https:\/\/infonewss.com\/wp-content\/uploads\/2023\/09\/Belem-vence-Paulistana-por-2-%C3%97-1-em-jogo-de-ida-das-quartas-de-finais-da-II-Copa-AMVI-IMG_1760-200x300.jpg\" sizes=\"(max-width: 200px) 100vw, 200px\" srcset=\"https:\/\/infonewss.com\/wp-content\/uploads\/2023\/09\/Belem-vence-Paulistana-por-2-\u00d7-1-em-jogo-de-ida-das-quartas-de-finais-da-II-Copa-AMVI-IMG_1760-200x300.jpg 200w, https:\/\/infonewss.com\/wp-content\/uploads\/2023\/09\/Belem-vence-Paulistana-por-2-\u00d7-1-em-jogo-de-ida-das-quartas-de-finais-da-II-Copa-AMVI-IMG_1760-683x1024.jpg 683w, https:\/\/infonewss.com\/wp-content\/uploads\/2023\/09\/Belem-vence-Paulistana-por-2-\u00d7-1-em-jogo-de-ida-das-quartas-de-finais-da-II-Copa-AMVI-IMG_1760-768x1152.jpg 768w, https:\/\/infonewss.com\/wp-content\/uploads\/2023\/09\/Belem-vence-Paulistana-por-2-\u00d7-1-em-jogo-de-ida-das-quartas-de-finais-da-II-Copa-AMVI-IMG_1760-150x225.jpg 150w, https:\/\/infonewss.com\/wp-content\/uploads\/2023\/09\/Belem-vence-Paulistana-por-2-\u00d7-1-em-jogo-de-ida-das-quartas-de-finais-da-II-Copa-AMVI-IMG_1760-300x450.jpg 300w, https:\/\/infonewss.com\/wp-content\/uploads\/2023\/09\/Belem-vence-Paulistana-por-2-\u00d7-1-em-jogo-de-ida-das-quartas-de-finais-da-II-Copa-AMVI-IMG_1760-696x1044.jpg 696w, https:\/\/infonewss.com\/wp-content\/uploads\/2023\/09\/Belem-vence-Paulistana-por-2-\u00d7-1-em-jogo-de-ida-das-quartas-de-finais-da-II-Copa-AMVI-IMG_1760.jpg 900w\" alt=\"\" width=\"200\" height=\"300\" data-srcset=\"https:\/\/infonewss.com\/wp-content\/uploads\/2023\/09\/Belem-vence-Paulistana-por-2-\u00d7-1-em-jogo-de-ida-das-quartas-de-finais-da-II-Copa-AMVI-IMG_1760-200x300.jpg 200w, https:\/\/infonewss.com\/wp-content\/uploads\/2023\/09\/Belem-vence-Paulistana-por-2-\u00d7-1-em-jogo-de-ida-das-quartas-de-finais-da-II-Copa-AMVI-IMG_1760-683x1024.jpg 683w, https:\/\/infonewss.com\/wp-content\/uploads\/2023\/09\/Belem-vence-Paulistana-por-2-\u00d7-1-em-jogo-de-ida-das-quartas-de-finais-da-II-Copa-AMVI-IMG_1760-768x1152.jpg 768w, https:\/\/infonewss.com\/wp-content\/uploads\/2023\/09\/Belem-vence-Paulistana-por-2-\u00d7-1-em-jogo-de-ida-das-quartas-de-finais-da-II-Copa-AMVI-IMG_1760-150x225.jpg 150w, https:\/\/infonewss.com\/wp-content\/uploads\/2023\/09\/Belem-vence-Paulistana-por-2-\u00d7-1-em-jogo-de-ida-das-quartas-de-finais-da-II-Copa-AMVI-IMG_1760-300x450.jpg 300w, https:\/\/infonewss.com\/wp-content\/uploads\/2023\/09\/Belem-vence-Paulistana-por-2-\u00d7-1-em-jogo-de-ida-das-quartas-de-finais-da-II-Copa-AMVI-IMG_1760-696x1044.jpg 696w, https:\/\/infonewss.com\/wp-content\/uploads\/2023\/09\/Belem-vence-Paulistana-por-2-\u00d7-1-em-jogo-de-ida-das-quartas-de-finais-da-II-Copa-AMVI-IMG_1760.jpg 900w\" data-src=\"https:\/\/infonewss.com\/wp-content\/uploads\/2023\/09\/Belem-vence-Paulistana-por-2-\u00d7-1-em-jogo-de-ida-das-quartas-de-finais-da-II-Copa-AMVI-IMG_1760-200x300.jpg\" data-sizes=\"(max-width: 200px) 100vw, 200px\" \/><\/a><\/div>\n<\/figure>\n<figure class=\"gallery-item\">\n<div class=\"gallery-icon portrait\"><a href=\"https:\/\/infonewss.com\/wp-content\/uploads\/2023\/09\/Belem-vence-Paulistana-por-2-%C3%97-1-em-jogo-de-ida-das-quartas-de-finais-da-II-Copa-AMVI-IMG_1761.jpg\"><img loading=\"lazy\" decoding=\"async\" class=\"attachment-medium size-medium lazyloaded\" src=\"https:\/\/infonewss.com\/wp-content\/uploads\/2023\/09\/Belem-vence-Paulistana-por-2-%C3%97-1-em-jogo-de-ida-das-quartas-de-finais-da-II-Copa-AMVI-IMG_1761-200x300.jpg\" sizes=\"(max-width: 200px) 100vw, 200px\" srcset=\"https:\/\/infonewss.com\/wp-content\/uploads\/2023\/09\/Belem-vence-Paulistana-por-2-\u00d7-1-em-jogo-de-ida-das-quartas-de-finais-da-II-Copa-AMVI-IMG_1761-200x300.jpg 200w, https:\/\/infonewss.com\/wp-content\/uploads\/2023\/09\/Belem-vence-Paulistana-por-2-\u00d7-1-em-jogo-de-ida-das-quartas-de-finais-da-II-Copa-AMVI-IMG_1761-683x1024.jpg 683w, https:\/\/infonewss.com\/wp-content\/uploads\/2023\/09\/Belem-vence-Paulistana-por-2-\u00d7-1-em-jogo-de-ida-das-quartas-de-finais-da-II-Copa-AMVI-IMG_1761-768x1152.jpg 768w, https:\/\/infonewss.com\/wp-content\/uploads\/2023\/09\/Belem-vence-Paulistana-por-2-\u00d7-1-em-jogo-de-ida-das-quartas-de-finais-da-II-Copa-AMVI-IMG_1761-150x225.jpg 150w, https:\/\/infonewss.com\/wp-content\/uploads\/2023\/09\/Belem-vence-Paulistana-por-2-\u00d7-1-em-jogo-de-ida-das-quartas-de-finais-da-II-Copa-AMVI-IMG_1761-300x450.jpg 300w, https:\/\/infonewss.com\/wp-content\/uploads\/2023\/09\/Belem-vence-Paulistana-por-2-\u00d7-1-em-jogo-de-ida-das-quartas-de-finais-da-II-Copa-AMVI-IMG_1761-696x1044.jpg 696w, https:\/\/infonewss.com\/wp-content\/uploads\/2023\/09\/Belem-vence-Paulistana-por-2-\u00d7-1-em-jogo-de-ida-das-quartas-de-finais-da-II-Copa-AMVI-IMG_1761.jpg 900w\" alt=\"\" width=\"200\" height=\"300\" data-srcset=\"https:\/\/infonewss.com\/wp-content\/uploads\/2023\/09\/Belem-vence-Paulistana-por-2-\u00d7-1-em-jogo-de-ida-das-quartas-de-finais-da-II-Copa-AMVI-IMG_1761-200x300.jpg 200w, https:\/\/infonewss.com\/wp-content\/uploads\/2023\/09\/Belem-vence-Paulistana-por-2-\u00d7-1-em-jogo-de-ida-das-quartas-de-finais-da-II-Copa-AMVI-IMG_1761-683x1024.jpg 683w, https:\/\/infonewss.com\/wp-content\/uploads\/2023\/09\/Belem-vence-Paulistana-por-2-\u00d7-1-em-jogo-de-ida-das-quartas-de-finais-da-II-Copa-AMVI-IMG_1761-768x1152.jpg 768w, https:\/\/infonewss.com\/wp-content\/uploads\/2023\/09\/Belem-vence-Paulistana-por-2-\u00d7-1-em-jogo-de-ida-das-quartas-de-finais-da-II-Copa-AMVI-IMG_1761-150x225.jpg 150w, https:\/\/infonewss.com\/wp-content\/uploads\/2023\/09\/Belem-vence-Paulistana-por-2-\u00d7-1-em-jogo-de-ida-das-quartas-de-finais-da-II-Copa-AMVI-IMG_1761-300x450.jpg 300w, https:\/\/infonewss.com\/wp-content\/uploads\/2023\/09\/Belem-vence-Paulistana-por-2-\u00d7-1-em-jogo-de-ida-das-quartas-de-finais-da-II-Copa-AMVI-IMG_1761-696x1044.jpg 696w, https:\/\/infonewss.com\/wp-content\/uploads\/2023\/09\/Belem-vence-Paulistana-por-2-\u00d7-1-em-jogo-de-ida-das-quartas-de-finais-da-II-Copa-AMVI-IMG_1761.jpg 900w\" data-src=\"https:\/\/infonewss.com\/wp-content\/uploads\/2023\/09\/Belem-vence-Paulistana-por-2-\u00d7-1-em-jogo-de-ida-das-quartas-de-finais-da-II-Copa-AMVI-IMG_1761-200x300.jpg\" data-sizes=\"(max-width: 200px) 100vw, 200px\" \/><\/a><\/div>\n<\/figure>\n<figure class=\"gallery-item\">\n<div class=\"gallery-icon portrait\"><a href=\"https:\/\/infonewss.com\/wp-content\/uploads\/2023\/09\/Belem-vence-Paulistana-por-2-%C3%97-1-em-jogo-de-ida-das-quartas-de-finais-da-II-Copa-AMVI-IMG_1762.jpg\"><img loading=\"lazy\" decoding=\"async\" class=\"attachment-medium size-medium lazyloaded\" src=\"https:\/\/infonewss.com\/wp-content\/uploads\/2023\/09\/Belem-vence-Paulistana-por-2-%C3%97-1-em-jogo-de-ida-das-quartas-de-finais-da-II-Copa-AMVI-IMG_1762-200x300.jpg\" sizes=\"(max-width: 200px) 100vw, 200px\" srcset=\"https:\/\/infonewss.com\/wp-content\/uploads\/2023\/09\/Belem-vence-Paulistana-por-2-\u00d7-1-em-jogo-de-ida-das-quartas-de-finais-da-II-Copa-AMVI-IMG_1762-200x300.jpg 200w, https:\/\/infonewss.com\/wp-content\/uploads\/2023\/09\/Belem-vence-Paulistana-por-2-\u00d7-1-em-jogo-de-ida-das-quartas-de-finais-da-II-Copa-AMVI-IMG_1762-683x1024.jpg 683w, https:\/\/infonewss.com\/wp-content\/uploads\/2023\/09\/Belem-vence-Paulistana-por-2-\u00d7-1-em-jogo-de-ida-das-quartas-de-finais-da-II-Copa-AMVI-IMG_1762-768x1152.jpg 768w, https:\/\/infonewss.com\/wp-content\/uploads\/2023\/09\/Belem-vence-Paulistana-por-2-\u00d7-1-em-jogo-de-ida-das-quartas-de-finais-da-II-Copa-AMVI-IMG_1762-150x225.jpg 150w, https:\/\/infonewss.com\/wp-content\/uploads\/2023\/09\/Belem-vence-Paulistana-por-2-\u00d7-1-em-jogo-de-ida-das-quartas-de-finais-da-II-Copa-AMVI-IMG_1762-300x450.jpg 300w, https:\/\/infonewss.com\/wp-content\/uploads\/2023\/09\/Belem-vence-Paulistana-por-2-\u00d7-1-em-jogo-de-ida-das-quartas-de-finais-da-II-Copa-AMVI-IMG_1762-696x1044.jpg 696w, https:\/\/infonewss.com\/wp-content\/uploads\/2023\/09\/Belem-vence-Paulistana-por-2-\u00d7-1-em-jogo-de-ida-das-quartas-de-finais-da-II-Copa-AMVI-IMG_1762.jpg 900w\" alt=\"\" width=\"200\" height=\"300\" data-srcset=\"https:\/\/infonewss.com\/wp-content\/uploads\/2023\/09\/Belem-vence-Paulistana-por-2-\u00d7-1-em-jogo-de-ida-das-quartas-de-finais-da-II-Copa-AMVI-IMG_1762-200x300.jpg 200w, https:\/\/infonewss.com\/wp-content\/uploads\/2023\/09\/Belem-vence-Paulistana-por-2-\u00d7-1-em-jogo-de-ida-das-quartas-de-finais-da-II-Copa-AMVI-IMG_1762-683x1024.jpg 683w, https:\/\/infonewss.com\/wp-content\/uploads\/2023\/09\/Belem-vence-Paulistana-por-2-\u00d7-1-em-jogo-de-ida-das-quartas-de-finais-da-II-Copa-AMVI-IMG_1762-768x1152.jpg 768w, https:\/\/infonewss.com\/wp-content\/uploads\/2023\/09\/Belem-vence-Paulistana-por-2-\u00d7-1-em-jogo-de-ida-das-quartas-de-finais-da-II-Copa-AMVI-IMG_1762-150x225.jpg 150w, https:\/\/infonewss.com\/wp-content\/uploads\/2023\/09\/Belem-vence-Paulistana-por-2-\u00d7-1-em-jogo-de-ida-das-quartas-de-finais-da-II-Copa-AMVI-IMG_1762-300x450.jpg 300w, https:\/\/infonewss.com\/wp-content\/uploads\/2023\/09\/Belem-vence-Paulistana-por-2-\u00d7-1-em-jogo-de-ida-das-quartas-de-finais-da-II-Copa-AMVI-IMG_1762-696x1044.jpg 696w, https:\/\/infonewss.com\/wp-content\/uploads\/2023\/09\/Belem-vence-Paulistana-por-2-\u00d7-1-em-jogo-de-ida-das-quartas-de-finais-da-II-Copa-AMVI-IMG_1762.jpg 900w\" data-src=\"https:\/\/infonewss.com\/wp-content\/uploads\/2023\/09\/Belem-vence-Paulistana-por-2-\u00d7-1-em-jogo-de-ida-das-quartas-de-finais-da-II-Copa-AMVI-IMG_1762-200x300.jpg\" data-sizes=\"(max-width: 200px) 100vw, 200px\" \/><\/a><\/div>\n<\/figure>\n<figure class=\"gallery-item\">\n<div class=\"gallery-icon portrait\"><a href=\"https:\/\/infonewss.com\/wp-content\/uploads\/2023\/09\/Belem-vence-Paulistana-por-2-%C3%97-1-em-jogo-de-ida-das-quartas-de-finais-da-II-Copa-AMVI-IMG_1765.jpg\"><img loading=\"lazy\" decoding=\"async\" class=\"attachment-medium size-medium lazyloaded\" src=\"https:\/\/infonewss.com\/wp-content\/uploads\/2023\/09\/Belem-vence-Paulistana-por-2-%C3%97-1-em-jogo-de-ida-das-quartas-de-finais-da-II-Copa-AMVI-IMG_1765-200x300.jpg\" sizes=\"(max-width: 200px) 100vw, 200px\" srcset=\"https:\/\/infonewss.com\/wp-content\/uploads\/2023\/09\/Belem-vence-Paulistana-por-2-\u00d7-1-em-jogo-de-ida-das-quartas-de-finais-da-II-Copa-AMVI-IMG_1765-200x300.jpg 200w, https:\/\/infonewss.com\/wp-content\/uploads\/2023\/09\/Belem-vence-Paulistana-por-2-\u00d7-1-em-jogo-de-ida-das-quartas-de-finais-da-II-Copa-AMVI-IMG_1765-683x1024.jpg 683w, https:\/\/infonewss.com\/wp-content\/uploads\/2023\/09\/Belem-vence-Paulistana-por-2-\u00d7-1-em-jogo-de-ida-das-quartas-de-finais-da-II-Copa-AMVI-IMG_1765-768x1152.jpg 768w, https:\/\/infonewss.com\/wp-content\/uploads\/2023\/09\/Belem-vence-Paulistana-por-2-\u00d7-1-em-jogo-de-ida-das-quartas-de-finais-da-II-Copa-AMVI-IMG_1765-150x225.jpg 150w, https:\/\/infonewss.com\/wp-content\/uploads\/2023\/09\/Belem-vence-Paulistana-por-2-\u00d7-1-em-jogo-de-ida-das-quartas-de-finais-da-II-Copa-AMVI-IMG_1765-300x450.jpg 300w, https:\/\/infonewss.com\/wp-content\/uploads\/2023\/09\/Belem-vence-Paulistana-por-2-\u00d7-1-em-jogo-de-ida-das-quartas-de-finais-da-II-Copa-AMVI-IMG_1765-696x1044.jpg 696w, https:\/\/infonewss.com\/wp-content\/uploads\/2023\/09\/Belem-vence-Paulistana-por-2-\u00d7-1-em-jogo-de-ida-das-quartas-de-finais-da-II-Copa-AMVI-IMG_1765.jpg 900w\" alt=\"\" width=\"200\" height=\"300\" data-srcset=\"https:\/\/infonewss.com\/wp-content\/uploads\/2023\/09\/Belem-vence-Paulistana-por-2-\u00d7-1-em-jogo-de-ida-das-quartas-de-finais-da-II-Copa-AMVI-IMG_1765-200x300.jpg 200w, https:\/\/infonewss.com\/wp-content\/uploads\/2023\/09\/Belem-vence-Paulistana-por-2-\u00d7-1-em-jogo-de-ida-das-quartas-de-finais-da-II-Copa-AMVI-IMG_1765-683x1024.jpg 683w, https:\/\/infonewss.com\/wp-content\/uploads\/2023\/09\/Belem-vence-Paulistana-por-2-\u00d7-1-em-jogo-de-ida-das-quartas-de-finais-da-II-Copa-AMVI-IMG_1765-768x1152.jpg 768w, https:\/\/infonewss.com\/wp-content\/uploads\/2023\/09\/Belem-vence-Paulistana-por-2-\u00d7-1-em-jogo-de-ida-das-quartas-de-finais-da-II-Copa-AMVI-IMG_1765-150x225.jpg 150w, https:\/\/infonewss.com\/wp-content\/uploads\/2023\/09\/Belem-vence-Paulistana-por-2-\u00d7-1-em-jogo-de-ida-das-quartas-de-finais-da-II-Copa-AMVI-IMG_1765-300x450.jpg 300w, https:\/\/infonewss.com\/wp-content\/uploads\/2023\/09\/Belem-vence-Paulistana-por-2-\u00d7-1-em-jogo-de-ida-das-quartas-de-finais-da-II-Copa-AMVI-IMG_1765-696x1044.jpg 696w, https:\/\/infonewss.com\/wp-content\/uploads\/2023\/09\/Belem-vence-Paulistana-por-2-\u00d7-1-em-jogo-de-ida-das-quartas-de-finais-da-II-Copa-AMVI-IMG_1765.jpg 900w\" data-src=\"https:\/\/infonewss.com\/wp-content\/uploads\/2023\/09\/Belem-vence-Paulistana-por-2-\u00d7-1-em-jogo-de-ida-das-quartas-de-finais-da-II-Copa-AMVI-IMG_1765-200x300.jpg\" data-sizes=\"(max-width: 200px) 100vw, 200px\" \/><\/a><\/div>\n<\/figure>\n<figure class=\"gallery-item\">\n<div class=\"gallery-icon portrait\"><a href=\"https:\/\/infonewss.com\/wp-content\/uploads\/2023\/09\/Belem-vence-Paulistana-por-2-%C3%97-1-em-jogo-de-ida-das-quartas-de-finais-da-II-Copa-AMVI-IMG_1767.jpg\"><img loading=\"lazy\" decoding=\"async\" class=\"attachment-medium size-medium lazyloaded\" src=\"https:\/\/infonewss.com\/wp-content\/uploads\/2023\/09\/Belem-vence-Paulistana-por-2-%C3%97-1-em-jogo-de-ida-das-quartas-de-finais-da-II-Copa-AMVI-IMG_1767-200x300.jpg\" sizes=\"(max-width: 200px) 100vw, 200px\" srcset=\"https:\/\/infonewss.com\/wp-content\/uploads\/2023\/09\/Belem-vence-Paulistana-por-2-\u00d7-1-em-jogo-de-ida-das-quartas-de-finais-da-II-Copa-AMVI-IMG_1767-200x300.jpg 200w, https:\/\/infonewss.com\/wp-content\/uploads\/2023\/09\/Belem-vence-Paulistana-por-2-\u00d7-1-em-jogo-de-ida-das-quartas-de-finais-da-II-Copa-AMVI-IMG_1767-683x1024.jpg 683w, https:\/\/infonewss.com\/wp-content\/uploads\/2023\/09\/Belem-vence-Paulistana-por-2-\u00d7-1-em-jogo-de-ida-das-quartas-de-finais-da-II-Copa-AMVI-IMG_1767-768x1152.jpg 768w, https:\/\/infonewss.com\/wp-content\/uploads\/2023\/09\/Belem-vence-Paulistana-por-2-\u00d7-1-em-jogo-de-ida-das-quartas-de-finais-da-II-Copa-AMVI-IMG_1767-150x225.jpg 150w, https:\/\/infonewss.com\/wp-content\/uploads\/2023\/09\/Belem-vence-Paulistana-por-2-\u00d7-1-em-jogo-de-ida-das-quartas-de-finais-da-II-Copa-AMVI-IMG_1767-300x450.jpg 300w, https:\/\/infonewss.com\/wp-content\/uploads\/2023\/09\/Belem-vence-Paulistana-por-2-\u00d7-1-em-jogo-de-ida-das-quartas-de-finais-da-II-Copa-AMVI-IMG_1767-696x1044.jpg 696w, https:\/\/infonewss.com\/wp-content\/uploads\/2023\/09\/Belem-vence-Paulistana-por-2-\u00d7-1-em-jogo-de-ida-das-quartas-de-finais-da-II-Copa-AMVI-IMG_1767.jpg 900w\" alt=\"\" width=\"200\" height=\"300\" data-srcset=\"https:\/\/infonewss.com\/wp-content\/uploads\/2023\/09\/Belem-vence-Paulistana-por-2-\u00d7-1-em-jogo-de-ida-das-quartas-de-finais-da-II-Copa-AMVI-IMG_1767-200x300.jpg 200w, https:\/\/infonewss.com\/wp-content\/uploads\/2023\/09\/Belem-vence-Paulistana-por-2-\u00d7-1-em-jogo-de-ida-das-quartas-de-finais-da-II-Copa-AMVI-IMG_1767-683x1024.jpg 683w, https:\/\/infonewss.com\/wp-content\/uploads\/2023\/09\/Belem-vence-Paulistana-por-2-\u00d7-1-em-jogo-de-ida-das-quartas-de-finais-da-II-Copa-AMVI-IMG_1767-768x1152.jpg 768w, https:\/\/infonewss.com\/wp-content\/uploads\/2023\/09\/Belem-vence-Paulistana-por-2-\u00d7-1-em-jogo-de-ida-das-quartas-de-finais-da-II-Copa-AMVI-IMG_1767-150x225.jpg 150w, https:\/\/infonewss.com\/wp-content\/uploads\/2023\/09\/Belem-vence-Paulistana-por-2-\u00d7-1-em-jogo-de-ida-das-quartas-de-finais-da-II-Copa-AMVI-IMG_1767-300x450.jpg 300w, https:\/\/infonewss.com\/wp-content\/uploads\/2023\/09\/Belem-vence-Paulistana-por-2-\u00d7-1-em-jogo-de-ida-das-quartas-de-finais-da-II-Copa-AMVI-IMG_1767-696x1044.jpg 696w, https:\/\/infonewss.com\/wp-content\/uploads\/2023\/09\/Belem-vence-Paulistana-por-2-\u00d7-1-em-jogo-de-ida-das-quartas-de-finais-da-II-Copa-AMVI-IMG_1767.jpg 900w\" data-src=\"https:\/\/infonewss.com\/wp-content\/uploads\/2023\/09\/Belem-vence-Paulistana-por-2-\u00d7-1-em-jogo-de-ida-das-quartas-de-finais-da-II-Copa-AMVI-IMG_1767-200x300.jpg\" data-sizes=\"(max-width: 200px) 100vw, 200px\" \/><\/a><\/div>\n<\/figure>\n<figure class=\"gallery-item\">\n<div class=\"gallery-icon landscape\"><a href=\"https:\/\/infonewss.com\/wp-content\/uploads\/2023\/09\/Belem-vence-Paulistana-por-2-%C3%97-1-em-jogo-de-ida-das-quartas-de-finais-da-II-Copa-AMVI-IMG_1769.jpg\"><img loading=\"lazy\" decoding=\"async\" class=\"attachment-medium size-medium lazyloaded\" src=\"https:\/\/infonewss.com\/wp-content\/uploads\/2023\/09\/Belem-vence-Paulistana-por-2-%C3%97-1-em-jogo-de-ida-das-quartas-de-finais-da-II-Copa-AMVI-IMG_1769-300x200.jpg\" sizes=\"(max-width: 300px) 100vw, 300px\" srcset=\"https:\/\/infonewss.com\/wp-content\/uploads\/2023\/09\/Belem-vence-Paulistana-por-2-\u00d7-1-em-jogo-de-ida-das-quartas-de-finais-da-II-Copa-AMVI-IMG_1769-300x200.jpg 300w, https:\/\/infonewss.com\/wp-content\/uploads\/2023\/09\/Belem-vence-Paulistana-por-2-\u00d7-1-em-jogo-de-ida-das-quartas-de-finais-da-II-Copa-AMVI-IMG_1769-768x512.jpg 768w, https:\/\/infonewss.com\/wp-content\/uploads\/2023\/09\/Belem-vence-Paulistana-por-2-\u00d7-1-em-jogo-de-ida-das-quartas-de-finais-da-II-Copa-AMVI-IMG_1769-150x100.jpg 150w, https:\/\/infonewss.com\/wp-content\/uploads\/2023\/09\/Belem-vence-Paulistana-por-2-\u00d7-1-em-jogo-de-ida-das-quartas-de-finais-da-II-Copa-AMVI-IMG_1769-696x464.jpg 696w, https:\/\/infonewss.com\/wp-content\/uploads\/2023\/09\/Belem-vence-Paulistana-por-2-\u00d7-1-em-jogo-de-ida-das-quartas-de-finais-da-II-Copa-AMVI-IMG_1769.jpg 900w\" alt=\"\" width=\"300\" height=\"200\" data-srcset=\"https:\/\/infonewss.com\/wp-content\/uploads\/2023\/09\/Belem-vence-Paulistana-por-2-\u00d7-1-em-jogo-de-ida-das-quartas-de-finais-da-II-Copa-AMVI-IMG_1769-300x200.jpg 300w, https:\/\/infonewss.com\/wp-content\/uploads\/2023\/09\/Belem-vence-Paulistana-por-2-\u00d7-1-em-jogo-de-ida-das-quartas-de-finais-da-II-Copa-AMVI-IMG_1769-768x512.jpg 768w, https:\/\/infonewss.com\/wp-content\/uploads\/2023\/09\/Belem-vence-Paulistana-por-2-\u00d7-1-em-jogo-de-ida-das-quartas-de-finais-da-II-Copa-AMVI-IMG_1769-150x100.jpg 150w, https:\/\/infonewss.com\/wp-content\/uploads\/2023\/09\/Belem-vence-Paulistana-por-2-\u00d7-1-em-jogo-de-ida-das-quartas-de-finais-da-II-Copa-AMVI-IMG_1769-696x464.jpg 696w, https:\/\/infonewss.com\/wp-content\/uploads\/2023\/09\/Belem-vence-Paulistana-por-2-\u00d7-1-em-jogo-de-ida-das-quartas-de-finais-da-II-Copa-AMVI-IMG_1769.jpg 900w\" data-src=\"https:\/\/infonewss.com\/wp-content\/uploads\/2023\/09\/Belem-vence-Paulistana-por-2-\u00d7-1-em-jogo-de-ida-das-quartas-de-finais-da-II-Copa-AMVI-IMG_1769-300x200.jpg\" data-sizes=\"(max-width: 300px) 100vw, 300px\" \/><\/a><\/div>\n<\/figure>\n<figure class=\"gallery-item\">\n<div class=\"gallery-icon landscape\"><a href=\"https:\/\/infonewss.com\/wp-content\/uploads\/2023\/09\/Belem-vence-Paulistana-por-2-%C3%97-1-em-jogo-de-ida-das-quartas-de-finais-da-II-Copa-AMVI-IMG_1770.jpg\"><img loading=\"lazy\" decoding=\"async\" class=\"attachment-medium size-medium lazyloaded\" src=\"https:\/\/infonewss.com\/wp-content\/uploads\/2023\/09\/Belem-vence-Paulistana-por-2-%C3%97-1-em-jogo-de-ida-das-quartas-de-finais-da-II-Copa-AMVI-IMG_1770-300x200.jpg\" sizes=\"(max-width: 300px) 100vw, 300px\" srcset=\"https:\/\/infonewss.com\/wp-content\/uploads\/2023\/09\/Belem-vence-Paulistana-por-2-\u00d7-1-em-jogo-de-ida-das-quartas-de-finais-da-II-Copa-AMVI-IMG_1770-300x200.jpg 300w, https:\/\/infonewss.com\/wp-content\/uploads\/2023\/09\/Belem-vence-Paulistana-por-2-\u00d7-1-em-jogo-de-ida-das-quartas-de-finais-da-II-Copa-AMVI-IMG_1770-768x512.jpg 768w, https:\/\/infonewss.com\/wp-content\/uploads\/2023\/09\/Belem-vence-Paulistana-por-2-\u00d7-1-em-jogo-de-ida-das-quartas-de-finais-da-II-Copa-AMVI-IMG_1770-150x100.jpg 150w, https:\/\/infonewss.com\/wp-content\/uploads\/2023\/09\/Belem-vence-Paulistana-por-2-\u00d7-1-em-jogo-de-ida-das-quartas-de-finais-da-II-Copa-AMVI-IMG_1770-696x464.jpg 696w, https:\/\/infonewss.com\/wp-content\/uploads\/2023\/09\/Belem-vence-Paulistana-por-2-\u00d7-1-em-jogo-de-ida-das-quartas-de-finais-da-II-Copa-AMVI-IMG_1770.jpg 900w\" alt=\"\" width=\"300\" height=\"200\" data-srcset=\"https:\/\/infonewss.com\/wp-content\/uploads\/2023\/09\/Belem-vence-Paulistana-por-2-\u00d7-1-em-jogo-de-ida-das-quartas-de-finais-da-II-Copa-AMVI-IMG_1770-300x200.jpg 300w, https:\/\/infonewss.com\/wp-content\/uploads\/2023\/09\/Belem-vence-Paulistana-por-2-\u00d7-1-em-jogo-de-ida-das-quartas-de-finais-da-II-Copa-AMVI-IMG_1770-768x512.jpg 768w, https:\/\/infonewss.com\/wp-content\/uploads\/2023\/09\/Belem-vence-Paulistana-por-2-\u00d7-1-em-jogo-de-ida-das-quartas-de-finais-da-II-Copa-AMVI-IMG_1770-150x100.jpg 150w, https:\/\/infonewss.com\/wp-content\/uploads\/2023\/09\/Belem-vence-Paulistana-por-2-\u00d7-1-em-jogo-de-ida-das-quartas-de-finais-da-II-Copa-AMVI-IMG_1770-696x464.jpg 696w, https:\/\/infonewss.com\/wp-content\/uploads\/2023\/09\/Belem-vence-Paulistana-por-2-\u00d7-1-em-jogo-de-ida-das-quartas-de-finais-da-II-Copa-AMVI-IMG_1770.jpg 900w\" data-src=\"https:\/\/infonewss.com\/wp-content\/uploads\/2023\/09\/Belem-vence-Paulistana-por-2-\u00d7-1-em-jogo-de-ida-das-quartas-de-finais-da-II-Copa-AMVI-IMG_1770-300x200.jpg\" data-sizes=\"(max-width: 300px) 100vw, 300px\" \/><\/a><\/div>\n<\/figure>\n<figure class=\"gallery-item\">\n<div class=\"gallery-icon landscape\"><a href=\"https:\/\/infonewss.com\/wp-content\/uploads\/2023\/09\/Belem-vence-Paulistana-por-2-%C3%97-1-em-jogo-de-ida-das-quartas-de-finais-da-II-Copa-AMVI-IMG_1772.jpg\"><img loading=\"lazy\" decoding=\"async\" class=\"attachment-medium size-medium lazyloaded\" src=\"https:\/\/infonewss.com\/wp-content\/uploads\/2023\/09\/Belem-vence-Paulistana-por-2-%C3%97-1-em-jogo-de-ida-das-quartas-de-finais-da-II-Copa-AMVI-IMG_1772-300x200.jpg\" sizes=\"(max-width: 300px) 100vw, 300px\" srcset=\"https:\/\/infonewss.com\/wp-content\/uploads\/2023\/09\/Belem-vence-Paulistana-por-2-\u00d7-1-em-jogo-de-ida-das-quartas-de-finais-da-II-Copa-AMVI-IMG_1772-300x200.jpg 300w, https:\/\/infonewss.com\/wp-content\/uploads\/2023\/09\/Belem-vence-Paulistana-por-2-\u00d7-1-em-jogo-de-ida-das-quartas-de-finais-da-II-Copa-AMVI-IMG_1772-768x512.jpg 768w, https:\/\/infonewss.com\/wp-content\/uploads\/2023\/09\/Belem-vence-Paulistana-por-2-\u00d7-1-em-jogo-de-ida-das-quartas-de-finais-da-II-Copa-AMVI-IMG_1772-150x100.jpg 150w, https:\/\/infonewss.com\/wp-content\/uploads\/2023\/09\/Belem-vence-Paulistana-por-2-\u00d7-1-em-jogo-de-ida-das-quartas-de-finais-da-II-Copa-AMVI-IMG_1772-696x464.jpg 696w, https:\/\/infonewss.com\/wp-content\/uploads\/2023\/09\/Belem-vence-Paulistana-por-2-\u00d7-1-em-jogo-de-ida-das-quartas-de-finais-da-II-Copa-AMVI-IMG_1772.jpg 900w\" alt=\"\" width=\"300\" height=\"200\" data-srcset=\"https:\/\/infonewss.com\/wp-content\/uploads\/2023\/09\/Belem-vence-Paulistana-por-2-\u00d7-1-em-jogo-de-ida-das-quartas-de-finais-da-II-Copa-AMVI-IMG_1772-300x200.jpg 300w, https:\/\/infonewss.com\/wp-content\/uploads\/2023\/09\/Belem-vence-Paulistana-por-2-\u00d7-1-em-jogo-de-ida-das-quartas-de-finais-da-II-Copa-AMVI-IMG_1772-768x512.jpg 768w, https:\/\/infonewss.com\/wp-content\/uploads\/2023\/09\/Belem-vence-Paulistana-por-2-\u00d7-1-em-jogo-de-ida-das-quartas-de-finais-da-II-Copa-AMVI-IMG_1772-150x100.jpg 150w, https:\/\/infonewss.com\/wp-content\/uploads\/2023\/09\/Belem-vence-Paulistana-por-2-\u00d7-1-em-jogo-de-ida-das-quartas-de-finais-da-II-Copa-AMVI-IMG_1772-696x464.jpg 696w, https:\/\/infonewss.com\/wp-content\/uploads\/2023\/09\/Belem-vence-Paulistana-por-2-\u00d7-1-em-jogo-de-ida-das-quartas-de-finais-da-II-Copa-AMVI-IMG_1772.jpg 900w\" data-src=\"https:\/\/infonewss.com\/wp-content\/uploads\/2023\/09\/Belem-vence-Paulistana-por-2-\u00d7-1-em-jogo-de-ida-das-quartas-de-finais-da-II-Copa-AMVI-IMG_1772-300x200.jpg\" data-sizes=\"(max-width: 300px) 100vw, 300px\" \/><\/a><\/div>\n<\/figure>\n<figure class=\"gallery-item\">\n<div class=\"gallery-icon landscape\"><a href=\"https:\/\/infonewss.com\/wp-content\/uploads\/2023\/09\/Belem-vence-Paulistana-por-2-%C3%97-1-em-jogo-de-ida-das-quartas-de-finais-da-II-Copa-AMVI-IMG_1773.jpg\"><img loading=\"lazy\" decoding=\"async\" class=\"attachment-medium size-medium lazyload\" src=\"data:image\/gif;base64,R0lGODlhAQABAAAAACH5BAEKAAEALAAAAAABAAEAAAICTAEAOw==\" alt=\"\" width=\"300\" height=\"200\" data-srcset=\"https:\/\/infonewss.com\/wp-content\/uploads\/2023\/09\/Belem-vence-Paulistana-por-2-\u00d7-1-em-jogo-de-ida-das-quartas-de-finais-da-II-Copa-AMVI-IMG_1773-300x200.jpg 300w, https:\/\/infonewss.com\/wp-content\/uploads\/2023\/09\/Belem-vence-Paulistana-por-2-\u00d7-1-em-jogo-de-ida-das-quartas-de-finais-da-II-Copa-AMVI-IMG_1773-768x512.jpg 768w, https:\/\/infonewss.com\/wp-content\/uploads\/2023\/09\/Belem-vence-Paulistana-por-2-\u00d7-1-em-jogo-de-ida-das-quartas-de-finais-da-II-Copa-AMVI-IMG_1773-150x100.jpg 150w, https:\/\/infonewss.com\/wp-content\/uploads\/2023\/09\/Belem-vence-Paulistana-por-2-\u00d7-1-em-jogo-de-ida-das-quartas-de-finais-da-II-Copa-AMVI-IMG_1773-696x464.jpg 696w, https:\/\/infonewss.com\/wp-content\/uploads\/2023\/09\/Belem-vence-Paulistana-por-2-\u00d7-1-em-jogo-de-ida-das-quartas-de-finais-da-II-Copa-AMVI-IMG_1773.jpg 900w\" data-src=\"https:\/\/infonewss.com\/wp-content\/uploads\/2023\/09\/Belem-vence-Paulistana-por-2-\u00d7-1-em-jogo-de-ida-das-quartas-de-finais-da-II-Copa-AMVI-IMG_1773-300x200.jpg\" data-sizes=\"(max-width: 300px) 100vw, 300px\" \/><\/a><\/div>\n<\/figure>\n<figure class=\"gallery-item\">\n<div class=\"gallery-icon portrait\"><a href=\"https:\/\/infonewss.com\/wp-content\/uploads\/2023\/09\/Belem-vence-Paulistana-por-2-%C3%97-1-em-jogo-de-ida-das-quartas-de-finais-da-II-Copa-AMVI-IMG_1777.jpg\"><img loading=\"lazy\" decoding=\"async\" class=\"attachment-medium size-medium lazyload\" src=\"data:image\/gif;base64,R0lGODlhAQABAAAAACH5BAEKAAEALAAAAAABAAEAAAICTAEAOw==\" alt=\"\" width=\"200\" height=\"300\" data-srcset=\"https:\/\/infonewss.com\/wp-content\/uploads\/2023\/09\/Belem-vence-Paulistana-por-2-\u00d7-1-em-jogo-de-ida-das-quartas-de-finais-da-II-Copa-AMVI-IMG_1777-200x300.jpg 200w, https:\/\/infonewss.com\/wp-content\/uploads\/2023\/09\/Belem-vence-Paulistana-por-2-\u00d7-1-em-jogo-de-ida-das-quartas-de-finais-da-II-Copa-AMVI-IMG_1777-683x1024.jpg 683w, https:\/\/infonewss.com\/wp-content\/uploads\/2023\/09\/Belem-vence-Paulistana-por-2-\u00d7-1-em-jogo-de-ida-das-quartas-de-finais-da-II-Copa-AMVI-IMG_1777-768x1152.jpg 768w, https:\/\/infonewss.com\/wp-content\/uploads\/2023\/09\/Belem-vence-Paulistana-por-2-\u00d7-1-em-jogo-de-ida-das-quartas-de-finais-da-II-Copa-AMVI-IMG_1777-150x225.jpg 150w, https:\/\/infonewss.com\/wp-content\/uploads\/2023\/09\/Belem-vence-Paulistana-por-2-\u00d7-1-em-jogo-de-ida-das-quartas-de-finais-da-II-Copa-AMVI-IMG_1777-300x450.jpg 300w, https:\/\/infonewss.com\/wp-content\/uploads\/2023\/09\/Belem-vence-Paulistana-por-2-\u00d7-1-em-jogo-de-ida-das-quartas-de-finais-da-II-Copa-AMVI-IMG_1777-696x1044.jpg 696w, https:\/\/infonewss.com\/wp-content\/uploads\/2023\/09\/Belem-vence-Paulistana-por-2-\u00d7-1-em-jogo-de-ida-das-quartas-de-finais-da-II-Copa-AMVI-IMG_1777.jpg 900w\" data-src=\"https:\/\/infonewss.com\/wp-content\/uploads\/2023\/09\/Belem-vence-Paulistana-por-2-\u00d7-1-em-jogo-de-ida-das-quartas-de-finais-da-II-Copa-AMVI-IMG_1777-200x300.jpg\" data-sizes=\"(max-width: 200px) 100vw, 200px\" \/><\/a><\/div>\n<\/figure>\n<figure class=\"gallery-item\">\n<div class=\"gallery-icon landscape\"><a href=\"https:\/\/infonewss.com\/wp-content\/uploads\/2023\/09\/Belem-vence-Paulistana-por-2-%C3%97-1-em-jogo-de-ida-das-quartas-de-finais-da-II-Copa-AMVI-IMG_1778.jpg\"><img loading=\"lazy\" decoding=\"async\" class=\"attachment-medium size-medium lazyload\" src=\"data:image\/gif;base64,R0lGODlhAQABAAAAACH5BAEKAAEALAAAAAABAAEAAAICTAEAOw==\" alt=\"\" width=\"300\" height=\"200\" data-srcset=\"https:\/\/infonewss.com\/wp-content\/uploads\/2023\/09\/Belem-vence-Paulistana-por-2-\u00d7-1-em-jogo-de-ida-das-quartas-de-finais-da-II-Copa-AMVI-IMG_1778-300x200.jpg 300w, https:\/\/infonewss.com\/wp-content\/uploads\/2023\/09\/Belem-vence-Paulistana-por-2-\u00d7-1-em-jogo-de-ida-das-quartas-de-finais-da-II-Copa-AMVI-IMG_1778-768x512.jpg 768w, https:\/\/infonewss.com\/wp-content\/uploads\/2023\/09\/Belem-vence-Paulistana-por-2-\u00d7-1-em-jogo-de-ida-das-quartas-de-finais-da-II-Copa-AMVI-IMG_1778-150x100.jpg 150w, https:\/\/infonewss.com\/wp-content\/uploads\/2023\/09\/Belem-vence-Paulistana-por-2-\u00d7-1-em-jogo-de-ida-das-quartas-de-finais-da-II-Copa-AMVI-IMG_1778-696x464.jpg 696w, https:\/\/infonewss.com\/wp-content\/uploads\/2023\/09\/Belem-vence-Paulistana-por-2-\u00d7-1-em-jogo-de-ida-das-quartas-de-finais-da-II-Copa-AMVI-IMG_1778.jpg 900w\" data-src=\"https:\/\/infonewss.com\/wp-content\/uploads\/2023\/09\/Belem-vence-Paulistana-por-2-\u00d7-1-em-jogo-de-ida-das-quartas-de-finais-da-II-Copa-AMVI-IMG_1778-300x200.jpg\" data-sizes=\"(max-width: 300px) 100vw, 300px\" \/><\/a><\/div>\n<\/figure>\n<figure class=\"gallery-item\">\n<div class=\"gallery-icon portrait\"><a href=\"https:\/\/infonewss.com\/wp-content\/uploads\/2023\/09\/Belem-vence-Paulistana-por-2-%C3%97-1-em-jogo-de-ida-das-quartas-de-finais-da-II-Copa-AMVI-IMG_1781.jpg\"><img loading=\"lazy\" decoding=\"async\" class=\"attachment-medium size-medium lazyload\" src=\"data:image\/gif;base64,R0lGODlhAQABAAAAACH5BAEKAAEALAAAAAABAAEAAAICTAEAOw==\" alt=\"\" width=\"200\" height=\"300\" data-srcset=\"https:\/\/infonewss.com\/wp-content\/uploads\/2023\/09\/Belem-vence-Paulistana-por-2-\u00d7-1-em-jogo-de-ida-das-quartas-de-finais-da-II-Copa-AMVI-IMG_1781-200x300.jpg 200w, https:\/\/infonewss.com\/wp-content\/uploads\/2023\/09\/Belem-vence-Paulistana-por-2-\u00d7-1-em-jogo-de-ida-das-quartas-de-finais-da-II-Copa-AMVI-IMG_1781-683x1024.jpg 683w, https:\/\/infonewss.com\/wp-content\/uploads\/2023\/09\/Belem-vence-Paulistana-por-2-\u00d7-1-em-jogo-de-ida-das-quartas-de-finais-da-II-Copa-AMVI-IMG_1781-768x1152.jpg 768w, https:\/\/infonewss.com\/wp-content\/uploads\/2023\/09\/Belem-vence-Paulistana-por-2-\u00d7-1-em-jogo-de-ida-das-quartas-de-finais-da-II-Copa-AMVI-IMG_1781-150x225.jpg 150w, https:\/\/infonewss.com\/wp-content\/uploads\/2023\/09\/Belem-vence-Paulistana-por-2-\u00d7-1-em-jogo-de-ida-das-quartas-de-finais-da-II-Copa-AMVI-IMG_1781-300x450.jpg 300w, https:\/\/infonewss.com\/wp-content\/uploads\/2023\/09\/Belem-vence-Paulistana-por-2-\u00d7-1-em-jogo-de-ida-das-quartas-de-finais-da-II-Copa-AMVI-IMG_1781-696x1044.jpg 696w, https:\/\/infonewss.com\/wp-content\/uploads\/2023\/09\/Belem-vence-Paulistana-por-2-\u00d7-1-em-jogo-de-ida-das-quartas-de-finais-da-II-Copa-AMVI-IMG_1781.jpg 900w\" data-src=\"https:\/\/infonewss.com\/wp-content\/uploads\/2023\/09\/Belem-vence-Paulistana-por-2-\u00d7-1-em-jogo-de-ida-das-quartas-de-finais-da-II-Copa-AMVI-IMG_1781-200x300.jpg\" data-sizes=\"(max-width: 200px) 100vw, 200px\" \/><\/a><\/div>\n<\/figure>\n<figure class=\"gallery-item\">\n<div class=\"gallery-icon landscape\"><a href=\"https:\/\/infonewss.com\/wp-content\/uploads\/2023\/09\/Belem-vence-Paulistana-por-2-%C3%97-1-em-jogo-de-ida-das-quartas-de-finais-da-II-Copa-AMVI-IMG_1783.jpg\"><img loading=\"lazy\" decoding=\"async\" class=\"attachment-medium size-medium lazyload\" src=\"data:image\/gif;base64,R0lGODlhAQABAAAAACH5BAEKAAEALAAAAAABAAEAAAICTAEAOw==\" alt=\"\" width=\"300\" height=\"200\" data-srcset=\"https:\/\/infonewss.com\/wp-content\/uploads\/2023\/09\/Belem-vence-Paulistana-por-2-\u00d7-1-em-jogo-de-ida-das-quartas-de-finais-da-II-Copa-AMVI-IMG_1783-300x200.jpg 300w, https:\/\/infonewss.com\/wp-content\/uploads\/2023\/09\/Belem-vence-Paulistana-por-2-\u00d7-1-em-jogo-de-ida-das-quartas-de-finais-da-II-Copa-AMVI-IMG_1783-768x512.jpg 768w, https:\/\/infonewss.com\/wp-content\/uploads\/2023\/09\/Belem-vence-Paulistana-por-2-\u00d7-1-em-jogo-de-ida-das-quartas-de-finais-da-II-Copa-AMVI-IMG_1783-150x100.jpg 150w, https:\/\/infonewss.com\/wp-content\/uploads\/2023\/09\/Belem-vence-Paulistana-por-2-\u00d7-1-em-jogo-de-ida-das-quartas-de-finais-da-II-Copa-AMVI-IMG_1783-696x464.jpg 696w, https:\/\/infonewss.com\/wp-content\/uploads\/2023\/09\/Belem-vence-Paulistana-por-2-\u00d7-1-em-jogo-de-ida-das-quartas-de-finais-da-II-Copa-AMVI-IMG_1783.jpg 900w\" data-src=\"https:\/\/infonewss.com\/wp-content\/uploads\/2023\/09\/Belem-vence-Paulistana-por-2-\u00d7-1-em-jogo-de-ida-das-quartas-de-finais-da-II-Copa-AMVI-IMG_1783-300x200.jpg\" data-sizes=\"(max-width: 300px) 100vw, 300px\" \/><\/a><\/div>\n<\/figure>\n<figure class=\"gallery-item\">\n<div class=\"gallery-icon landscape\"><a href=\"https:\/\/infonewss.com\/wp-content\/uploads\/2023\/09\/Belem-vence-Paulistana-por-2-%C3%97-1-em-jogo-de-ida-das-quartas-de-finais-da-II-Copa-AMVI-IMG_1785.jpg\"><img loading=\"lazy\" decoding=\"async\" class=\"attachment-medium size-medium lazyload\" src=\"data:image\/gif;base64,R0lGODlhAQABAAAAACH5BAEKAAEALAAAAAABAAEAAAICTAEAOw==\" alt=\"\" width=\"300\" height=\"200\" data-srcset=\"https:\/\/infonewss.com\/wp-content\/uploads\/2023\/09\/Belem-vence-Paulistana-por-2-\u00d7-1-em-jogo-de-ida-das-quartas-de-finais-da-II-Copa-AMVI-IMG_1785-300x200.jpg 300w, https:\/\/infonewss.com\/wp-content\/uploads\/2023\/09\/Belem-vence-Paulistana-por-2-\u00d7-1-em-jogo-de-ida-das-quartas-de-finais-da-II-Copa-AMVI-IMG_1785-768x512.jpg 768w, https:\/\/infonewss.com\/wp-content\/uploads\/2023\/09\/Belem-vence-Paulistana-por-2-\u00d7-1-em-jogo-de-ida-das-quartas-de-finais-da-II-Copa-AMVI-IMG_1785-150x100.jpg 150w, https:\/\/infonewss.com\/wp-content\/uploads\/2023\/09\/Belem-vence-Paulistana-por-2-\u00d7-1-em-jogo-de-ida-das-quartas-de-finais-da-II-Copa-AMVI-IMG_1785-696x464.jpg 696w, https:\/\/infonewss.com\/wp-content\/uploads\/2023\/09\/Belem-vence-Paulistana-por-2-\u00d7-1-em-jogo-de-ida-das-quartas-de-finais-da-II-Copa-AMVI-IMG_1785.jpg 900w\" data-src=\"https:\/\/infonewss.com\/wp-content\/uploads\/2023\/09\/Belem-vence-Paulistana-por-2-\u00d7-1-em-jogo-de-ida-das-quartas-de-finais-da-II-Copa-AMVI-IMG_1785-300x200.jpg\" data-sizes=\"(max-width: 300px) 100vw, 300px\" \/><\/a><\/div>\n<\/figure>\n<figure class=\"gallery-item\">\n<div class=\"gallery-icon landscape\"><a href=\"https:\/\/infonewss.com\/wp-content\/uploads\/2023\/09\/Belem-vence-Paulistana-por-2-%C3%97-1-em-jogo-de-ida-das-quartas-de-finais-da-II-Copa-AMVI-IMG_1786.jpg\"><img loading=\"lazy\" decoding=\"async\" class=\"attachment-medium size-medium lazyload\" src=\"data:image\/gif;base64,R0lGODlhAQABAAAAACH5BAEKAAEALAAAAAABAAEAAAICTAEAOw==\" alt=\"\" width=\"300\" height=\"200\" data-srcset=\"https:\/\/infonewss.com\/wp-content\/uploads\/2023\/09\/Belem-vence-Paulistana-por-2-\u00d7-1-em-jogo-de-ida-das-quartas-de-finais-da-II-Copa-AMVI-IMG_1786-300x200.jpg 300w, https:\/\/infonewss.com\/wp-content\/uploads\/2023\/09\/Belem-vence-Paulistana-por-2-\u00d7-1-em-jogo-de-ida-das-quartas-de-finais-da-II-Copa-AMVI-IMG_1786-768x512.jpg 768w, https:\/\/infonewss.com\/wp-content\/uploads\/2023\/09\/Belem-vence-Paulistana-por-2-\u00d7-1-em-jogo-de-ida-das-quartas-de-finais-da-II-Copa-AMVI-IMG_1786-150x100.jpg 150w, https:\/\/infonewss.com\/wp-content\/uploads\/2023\/09\/Belem-vence-Paulistana-por-2-\u00d7-1-em-jogo-de-ida-das-quartas-de-finais-da-II-Copa-AMVI-IMG_1786-696x464.jpg 696w, https:\/\/infonewss.com\/wp-content\/uploads\/2023\/09\/Belem-vence-Paulistana-por-2-\u00d7-1-em-jogo-de-ida-das-quartas-de-finais-da-II-Copa-AMVI-IMG_1786.jpg 900w\" data-src=\"https:\/\/infonewss.com\/wp-content\/uploads\/2023\/09\/Belem-vence-Paulistana-por-2-\u00d7-1-em-jogo-de-ida-das-quartas-de-finais-da-II-Copa-AMVI-IMG_1786-300x200.jpg\" data-sizes=\"(max-width: 300px) 100vw, 300px\" \/><\/a><\/div>\n<\/figure>\n<figure class=\"gallery-item\">\n<div class=\"gallery-icon landscape\"><a href=\"https:\/\/infonewss.com\/wp-content\/uploads\/2023\/09\/Belem-vence-Paulistana-por-2-%C3%97-1-em-jogo-de-ida-das-quartas-de-finais-da-II-Copa-AMVI-IMG_1787.jpg\"><img loading=\"lazy\" decoding=\"async\" class=\"attachment-medium size-medium lazyload\" src=\"data:image\/gif;base64,R0lGODlhAQABAAAAACH5BAEKAAEALAAAAAABAAEAAAICTAEAOw==\" alt=\"\" width=\"300\" height=\"200\" data-srcset=\"https:\/\/infonewss.com\/wp-content\/uploads\/2023\/09\/Belem-vence-Paulistana-por-2-\u00d7-1-em-jogo-de-ida-das-quartas-de-finais-da-II-Copa-AMVI-IMG_1787-300x200.jpg 300w, https:\/\/infonewss.com\/wp-content\/uploads\/2023\/09\/Belem-vence-Paulistana-por-2-\u00d7-1-em-jogo-de-ida-das-quartas-de-finais-da-II-Copa-AMVI-IMG_1787-768x512.jpg 768w, https:\/\/infonewss.com\/wp-content\/uploads\/2023\/09\/Belem-vence-Paulistana-por-2-\u00d7-1-em-jogo-de-ida-das-quartas-de-finais-da-II-Copa-AMVI-IMG_1787-150x100.jpg 150w, https:\/\/infonewss.com\/wp-content\/uploads\/2023\/09\/Belem-vence-Paulistana-por-2-\u00d7-1-em-jogo-de-ida-das-quartas-de-finais-da-II-Copa-AMVI-IMG_1787-696x464.jpg 696w, https:\/\/infonewss.com\/wp-content\/uploads\/2023\/09\/Belem-vence-Paulistana-por-2-\u00d7-1-em-jogo-de-ida-das-quartas-de-finais-da-II-Copa-AMVI-IMG_1787.jpg 900w\" data-src=\"https:\/\/infonewss.com\/wp-content\/uploads\/2023\/09\/Belem-vence-Paulistana-por-2-\u00d7-1-em-jogo-de-ida-das-quartas-de-finais-da-II-Copa-AMVI-IMG_1787-300x200.jpg\" data-sizes=\"(max-width: 300px) 100vw, 300px\" \/><\/a><\/div>\n<\/figure>\n<figure class=\"gallery-item\">\n<div class=\"gallery-icon landscape\"><a href=\"https:\/\/infonewss.com\/wp-content\/uploads\/2023\/09\/Belem-vence-Paulistana-por-2-%C3%97-1-em-jogo-de-ida-das-quartas-de-finais-da-II-Copa-AMVI-IMG_1788.jpg\"><img loading=\"lazy\" decoding=\"async\" class=\"attachment-medium size-medium lazyload\" src=\"data:image\/gif;base64,R0lGODlhAQABAAAAACH5BAEKAAEALAAAAAABAAEAAAICTAEAOw==\" alt=\"\" width=\"300\" height=\"200\" data-srcset=\"https:\/\/infonewss.com\/wp-content\/uploads\/2023\/09\/Belem-vence-Paulistana-por-2-\u00d7-1-em-jogo-de-ida-das-quartas-de-finais-da-II-Copa-AMVI-IMG_1788-300x200.jpg 300w, https:\/\/infonewss.com\/wp-content\/uploads\/2023\/09\/Belem-vence-Paulistana-por-2-\u00d7-1-em-jogo-de-ida-das-quartas-de-finais-da-II-Copa-AMVI-IMG_1788-768x512.jpg 768w, https:\/\/infonewss.com\/wp-content\/uploads\/2023\/09\/Belem-vence-Paulistana-por-2-\u00d7-1-em-jogo-de-ida-das-quartas-de-finais-da-II-Copa-AMVI-IMG_1788-150x100.jpg 150w, https:\/\/infonewss.com\/wp-content\/uploads\/2023\/09\/Belem-vence-Paulistana-por-2-\u00d7-1-em-jogo-de-ida-das-quartas-de-finais-da-II-Copa-AMVI-IMG_1788-696x464.jpg 696w, https:\/\/infonewss.com\/wp-content\/uploads\/2023\/09\/Belem-vence-Paulistana-por-2-\u00d7-1-em-jogo-de-ida-das-quartas-de-finais-da-II-Copa-AMVI-IMG_1788.jpg 900w\" data-src=\"https:\/\/infonewss.com\/wp-content\/uploads\/2023\/09\/Belem-vence-Paulistana-por-2-\u00d7-1-em-jogo-de-ida-das-quartas-de-finais-da-II-Copa-AMVI-IMG_1788-300x200.jpg\" data-sizes=\"(max-width: 300px) 100vw, 300px\" \/><\/a><\/div>\n<\/figure>\n<figure class=\"gallery-item\">\n<div class=\"gallery-icon landscape\"><a href=\"https:\/\/infonewss.com\/wp-content\/uploads\/2023\/09\/Belem-vence-Paulistana-por-2-%C3%97-1-em-jogo-de-ida-das-quartas-de-finais-da-II-Copa-AMVI-IMG_1789.jpg\"><img loading=\"lazy\" decoding=\"async\" class=\"attachment-medium size-medium lazyload\" src=\"data:image\/gif;base64,R0lGODlhAQABAAAAACH5BAEKAAEALAAAAAABAAEAAAICTAEAOw==\" alt=\"\" width=\"300\" height=\"200\" data-srcset=\"https:\/\/infonewss.com\/wp-content\/uploads\/2023\/09\/Belem-vence-Paulistana-por-2-\u00d7-1-em-jogo-de-ida-das-quartas-de-finais-da-II-Copa-AMVI-IMG_1789-300x200.jpg 300w, https:\/\/infonewss.com\/wp-content\/uploads\/2023\/09\/Belem-vence-Paulistana-por-2-\u00d7-1-em-jogo-de-ida-das-quartas-de-finais-da-II-Copa-AMVI-IMG_1789-768x512.jpg 768w, https:\/\/infonewss.com\/wp-content\/uploads\/2023\/09\/Belem-vence-Paulistana-por-2-\u00d7-1-em-jogo-de-ida-das-quartas-de-finais-da-II-Copa-AMVI-IMG_1789-150x100.jpg 150w, https:\/\/infonewss.com\/wp-content\/uploads\/2023\/09\/Belem-vence-Paulistana-por-2-\u00d7-1-em-jogo-de-ida-das-quartas-de-finais-da-II-Copa-AMVI-IMG_1789-696x464.jpg 696w, https:\/\/infonewss.com\/wp-content\/uploads\/2023\/09\/Belem-vence-Paulistana-por-2-\u00d7-1-em-jogo-de-ida-das-quartas-de-finais-da-II-Copa-AMVI-IMG_1789.jpg 900w\" data-src=\"https:\/\/infonewss.com\/wp-content\/uploads\/2023\/09\/Belem-vence-Paulistana-por-2-\u00d7-1-em-jogo-de-ida-das-quartas-de-finais-da-II-Copa-AMVI-IMG_1789-300x200.jpg\" data-sizes=\"(max-width: 300px) 100vw, 300px\" \/><\/a><\/div>\n<\/figure>\n<figure class=\"gallery-item\">\n<div class=\"gallery-icon landscape\"><a href=\"https:\/\/infonewss.com\/wp-content\/uploads\/2023\/09\/Belem-vence-Paulistana-por-2-%C3%97-1-em-jogo-de-ida-das-quartas-de-finais-da-II-Copa-AMVI-IMG_1790.jpg\"><img loading=\"lazy\" decoding=\"async\" class=\"attachment-medium size-medium lazyload\" src=\"data:image\/gif;base64,R0lGODlhAQABAAAAACH5BAEKAAEALAAAAAABAAEAAAICTAEAOw==\" alt=\"\" width=\"300\" height=\"200\" data-srcset=\"https:\/\/infonewss.com\/wp-content\/uploads\/2023\/09\/Belem-vence-Paulistana-por-2-\u00d7-1-em-jogo-de-ida-das-quartas-de-finais-da-II-Copa-AMVI-IMG_1790-300x200.jpg 300w, https:\/\/infonewss.com\/wp-content\/uploads\/2023\/09\/Belem-vence-Paulistana-por-2-\u00d7-1-em-jogo-de-ida-das-quartas-de-finais-da-II-Copa-AMVI-IMG_1790-768x512.jpg 768w, https:\/\/infonewss.com\/wp-content\/uploads\/2023\/09\/Belem-vence-Paulistana-por-2-\u00d7-1-em-jogo-de-ida-das-quartas-de-finais-da-II-Copa-AMVI-IMG_1790-150x100.jpg 150w, https:\/\/infonewss.com\/wp-content\/uploads\/2023\/09\/Belem-vence-Paulistana-por-2-\u00d7-1-em-jogo-de-ida-das-quartas-de-finais-da-II-Copa-AMVI-IMG_1790-696x464.jpg 696w, https:\/\/infonewss.com\/wp-content\/uploads\/2023\/09\/Belem-vence-Paulistana-por-2-\u00d7-1-em-jogo-de-ida-das-quartas-de-finais-da-II-Copa-AMVI-IMG_1790.jpg 900w\" data-src=\"https:\/\/infonewss.com\/wp-content\/uploads\/2023\/09\/Belem-vence-Paulistana-por-2-\u00d7-1-em-jogo-de-ida-das-quartas-de-finais-da-II-Copa-AMVI-IMG_1790-300x200.jpg\" data-sizes=\"(max-width: 300px) 100vw, 300px\" \/><\/a><\/div>\n<\/figure>\n<figure class=\"gallery-item\">\n<div class=\"gallery-icon landscape\"><a href=\"https:\/\/infonewss.com\/wp-content\/uploads\/2023\/09\/Belem-vence-Paulistana-por-2-%C3%97-1-em-jogo-de-ida-das-quartas-de-finais-da-II-Copa-AMVI-IMG_1794.jpg\"><img loading=\"lazy\" decoding=\"async\" class=\"attachment-medium size-medium lazyload\" src=\"data:image\/gif;base64,R0lGODlhAQABAAAAACH5BAEKAAEALAAAAAABAAEAAAICTAEAOw==\" alt=\"\" width=\"300\" height=\"200\" data-srcset=\"https:\/\/infonewss.com\/wp-content\/uploads\/2023\/09\/Belem-vence-Paulistana-por-2-\u00d7-1-em-jogo-de-ida-das-quartas-de-finais-da-II-Copa-AMVI-IMG_1794-300x200.jpg 300w, https:\/\/infonewss.com\/wp-content\/uploads\/2023\/09\/Belem-vence-Paulistana-por-2-\u00d7-1-em-jogo-de-ida-das-quartas-de-finais-da-II-Copa-AMVI-IMG_1794-768x512.jpg 768w, https:\/\/infonewss.com\/wp-content\/uploads\/2023\/09\/Belem-vence-Paulistana-por-2-\u00d7-1-em-jogo-de-ida-das-quartas-de-finais-da-II-Copa-AMVI-IMG_1794-150x100.jpg 150w, https:\/\/infonewss.com\/wp-content\/uploads\/2023\/09\/Belem-vence-Paulistana-por-2-\u00d7-1-em-jogo-de-ida-das-quartas-de-finais-da-II-Copa-AMVI-IMG_1794-696x464.jpg 696w, https:\/\/infonewss.com\/wp-content\/uploads\/2023\/09\/Belem-vence-Paulistana-por-2-\u00d7-1-em-jogo-de-ida-das-quartas-de-finais-da-II-Copa-AMVI-IMG_1794.jpg 900w\" data-src=\"https:\/\/infonewss.com\/wp-content\/uploads\/2023\/09\/Belem-vence-Paulistana-por-2-\u00d7-1-em-jogo-de-ida-das-quartas-de-finais-da-II-Copa-AMVI-IMG_1794-300x200.jpg\" data-sizes=\"(max-width: 300px) 100vw, 300px\" \/><\/a><\/div>\n<\/figure>\n<figure class=\"gallery-item\">\n<div class=\"gallery-icon landscape\"><a href=\"https:\/\/infonewss.com\/wp-content\/uploads\/2023\/09\/Belem-vence-Paulistana-por-2-%C3%97-1-em-jogo-de-ida-das-quartas-de-finais-da-II-Copa-AMVI-IMG_1795.jpg\"><img loading=\"lazy\" decoding=\"async\" class=\"attachment-medium size-medium lazyload\" src=\"data:image\/gif;base64,R0lGODlhAQABAAAAACH5BAEKAAEALAAAAAABAAEAAAICTAEAOw==\" alt=\"\" width=\"300\" height=\"200\" data-srcset=\"https:\/\/infonewss.com\/wp-content\/uploads\/2023\/09\/Belem-vence-Paulistana-por-2-\u00d7-1-em-jogo-de-ida-das-quartas-de-finais-da-II-Copa-AMVI-IMG_1795-300x200.jpg 300w, https:\/\/infonewss.com\/wp-content\/uploads\/2023\/09\/Belem-vence-Paulistana-por-2-\u00d7-1-em-jogo-de-ida-das-quartas-de-finais-da-II-Copa-AMVI-IMG_1795-768x512.jpg 768w, https:\/\/infonewss.com\/wp-content\/uploads\/2023\/09\/Belem-vence-Paulistana-por-2-\u00d7-1-em-jogo-de-ida-das-quartas-de-finais-da-II-Copa-AMVI-IMG_1795-150x100.jpg 150w, https:\/\/infonewss.com\/wp-content\/uploads\/2023\/09\/Belem-vence-Paulistana-por-2-\u00d7-1-em-jogo-de-ida-das-quartas-de-finais-da-II-Copa-AMVI-IMG_1795-696x464.jpg 696w, https:\/\/infonewss.com\/wp-content\/uploads\/2023\/09\/Belem-vence-Paulistana-por-2-\u00d7-1-em-jogo-de-ida-das-quartas-de-finais-da-II-Copa-AMVI-IMG_1795.jpg 900w\" data-src=\"https:\/\/infonewss.com\/wp-content\/uploads\/2023\/09\/Belem-vence-Paulistana-por-2-\u00d7-1-em-jogo-de-ida-das-quartas-de-finais-da-II-Copa-AMVI-IMG_1795-300x200.jpg\" data-sizes=\"(max-width: 300px) 100vw, 300px\" \/><\/a><\/div>\n<\/figure>\n<figure class=\"gallery-item\">\n<div class=\"gallery-icon landscape\"><a href=\"https:\/\/infonewss.com\/wp-content\/uploads\/2023\/09\/Belem-vence-Paulistana-por-2-%C3%97-1-em-jogo-de-ida-das-quartas-de-finais-da-II-Copa-AMVI-IMG_1796.jpg\"><img loading=\"lazy\" decoding=\"async\" class=\"attachment-medium size-medium lazyload\" src=\"data:image\/gif;base64,R0lGODlhAQABAAAAACH5BAEKAAEALAAAAAABAAEAAAICTAEAOw==\" alt=\"\" width=\"300\" height=\"200\" data-srcset=\"https:\/\/infonewss.com\/wp-content\/uploads\/2023\/09\/Belem-vence-Paulistana-por-2-\u00d7-1-em-jogo-de-ida-das-quartas-de-finais-da-II-Copa-AMVI-IMG_1796-300x200.jpg 300w, https:\/\/infonewss.com\/wp-content\/uploads\/2023\/09\/Belem-vence-Paulistana-por-2-\u00d7-1-em-jogo-de-ida-das-quartas-de-finais-da-II-Copa-AMVI-IMG_1796-768x512.jpg 768w, https:\/\/infonewss.com\/wp-content\/uploads\/2023\/09\/Belem-vence-Paulistana-por-2-\u00d7-1-em-jogo-de-ida-das-quartas-de-finais-da-II-Copa-AMVI-IMG_1796-150x100.jpg 150w, https:\/\/infonewss.com\/wp-content\/uploads\/2023\/09\/Belem-vence-Paulistana-por-2-\u00d7-1-em-jogo-de-ida-das-quartas-de-finais-da-II-Copa-AMVI-IMG_1796-696x464.jpg 696w, https:\/\/infonewss.com\/wp-content\/uploads\/2023\/09\/Belem-vence-Paulistana-por-2-\u00d7-1-em-jogo-de-ida-das-quartas-de-finais-da-II-Copa-AMVI-IMG_1796.jpg 900w\" data-src=\"https:\/\/infonewss.com\/wp-content\/uploads\/2023\/09\/Belem-vence-Paulistana-por-2-\u00d7-1-em-jogo-de-ida-das-quartas-de-finais-da-II-Copa-AMVI-IMG_1796-300x200.jpg\" data-sizes=\"(max-width: 300px) 100vw, 300px\" \/><\/a><\/div>\n<\/figure>\n<figure class=\"gallery-item\">\n<div class=\"gallery-icon landscape\"><a href=\"https:\/\/infonewss.com\/wp-content\/uploads\/2023\/09\/Belem-vence-Paulistana-por-2-%C3%97-1-em-jogo-de-ida-das-quartas-de-finais-da-II-Copa-AMVI-IMG_1797.jpg\"><img loading=\"lazy\" decoding=\"async\" class=\"attachment-medium size-medium lazyload\" src=\"data:image\/gif;base64,R0lGODlhAQABAAAAACH5BAEKAAEALAAAAAABAAEAAAICTAEAOw==\" alt=\"\" width=\"300\" height=\"200\" data-srcset=\"https:\/\/infonewss.com\/wp-content\/uploads\/2023\/09\/Belem-vence-Paulistana-por-2-\u00d7-1-em-jogo-de-ida-das-quartas-de-finais-da-II-Copa-AMVI-IMG_1797-300x200.jpg 300w, https:\/\/infonewss.com\/wp-content\/uploads\/2023\/09\/Belem-vence-Paulistana-por-2-\u00d7-1-em-jogo-de-ida-das-quartas-de-finais-da-II-Copa-AMVI-IMG_1797-768x512.jpg 768w, https:\/\/infonewss.com\/wp-content\/uploads\/2023\/09\/Belem-vence-Paulistana-por-2-\u00d7-1-em-jogo-de-ida-das-quartas-de-finais-da-II-Copa-AMVI-IMG_1797-150x100.jpg 150w, https:\/\/infonewss.com\/wp-content\/uploads\/2023\/09\/Belem-vence-Paulistana-por-2-\u00d7-1-em-jogo-de-ida-das-quartas-de-finais-da-II-Copa-AMVI-IMG_1797-696x464.jpg 696w, https:\/\/infonewss.com\/wp-content\/uploads\/2023\/09\/Belem-vence-Paulistana-por-2-\u00d7-1-em-jogo-de-ida-das-quartas-de-finais-da-II-Copa-AMVI-IMG_1797.jpg 900w\" data-src=\"https:\/\/infonewss.com\/wp-content\/uploads\/2023\/09\/Belem-vence-Paulistana-por-2-\u00d7-1-em-jogo-de-ida-das-quartas-de-finais-da-II-Copa-AMVI-IMG_1797-300x200.jpg\" data-sizes=\"(max-width: 300px) 100vw, 300px\" \/><\/a><\/div>\n<\/figure>\n<figure class=\"gallery-item\">\n<div class=\"gallery-icon landscape\"><a href=\"https:\/\/infonewss.com\/wp-content\/uploads\/2023\/09\/Belem-vence-Paulistana-por-2-%C3%97-1-em-jogo-de-ida-das-quartas-de-finais-da-II-Copa-AMVI-IMG_1798.jpg\"><img loading=\"lazy\" decoding=\"async\" class=\"attachment-medium size-medium lazyload\" src=\"data:image\/gif;base64,R0lGODlhAQABAAAAACH5BAEKAAEALAAAAAABAAEAAAICTAEAOw==\" alt=\"\" width=\"300\" height=\"200\" data-srcset=\"https:\/\/infonewss.com\/wp-content\/uploads\/2023\/09\/Belem-vence-Paulistana-por-2-\u00d7-1-em-jogo-de-ida-das-quartas-de-finais-da-II-Copa-AMVI-IMG_1798-300x200.jpg 300w, https:\/\/infonewss.com\/wp-content\/uploads\/2023\/09\/Belem-vence-Paulistana-por-2-\u00d7-1-em-jogo-de-ida-das-quartas-de-finais-da-II-Copa-AMVI-IMG_1798-768x512.jpg 768w, https:\/\/infonewss.com\/wp-content\/uploads\/2023\/09\/Belem-vence-Paulistana-por-2-\u00d7-1-em-jogo-de-ida-das-quartas-de-finais-da-II-Copa-AMVI-IMG_1798-150x100.jpg 150w, https:\/\/infonewss.com\/wp-content\/uploads\/2023\/09\/Belem-vence-Paulistana-por-2-\u00d7-1-em-jogo-de-ida-das-quartas-de-finais-da-II-Copa-AMVI-IMG_1798-696x464.jpg 696w, https:\/\/infonewss.com\/wp-content\/uploads\/2023\/09\/Belem-vence-Paulistana-por-2-\u00d7-1-em-jogo-de-ida-das-quartas-de-finais-da-II-Copa-AMVI-IMG_1798.jpg 900w\" data-src=\"https:\/\/infonewss.com\/wp-content\/uploads\/2023\/09\/Belem-vence-Paulistana-por-2-\u00d7-1-em-jogo-de-ida-das-quartas-de-finais-da-II-Copa-AMVI-IMG_1798-300x200.jpg\" data-sizes=\"(max-width: 300px) 100vw, 300px\" \/><\/a><\/div>\n<\/figure>\n<figure class=\"gallery-item\">\n<div class=\"gallery-icon landscape\"><a href=\"https:\/\/infonewss.com\/wp-content\/uploads\/2023\/09\/Belem-vence-Paulistana-por-2-%C3%97-1-em-jogo-de-ida-das-quartas-de-finais-da-II-Copa-AMVI-IMG_1799.jpg\"><img loading=\"lazy\" decoding=\"async\" class=\"attachment-medium size-medium lazyload\" src=\"data:image\/gif;base64,R0lGODlhAQABAAAAACH5BAEKAAEALAAAAAABAAEAAAICTAEAOw==\" alt=\"\" width=\"300\" height=\"200\" data-srcset=\"https:\/\/infonewss.com\/wp-content\/uploads\/2023\/09\/Belem-vence-Paulistana-por-2-\u00d7-1-em-jogo-de-ida-das-quartas-de-finais-da-II-Copa-AMVI-IMG_1799-300x200.jpg 300w, https:\/\/infonewss.com\/wp-content\/uploads\/2023\/09\/Belem-vence-Paulistana-por-2-\u00d7-1-em-jogo-de-ida-das-quartas-de-finais-da-II-Copa-AMVI-IMG_1799-768x512.jpg 768w, https:\/\/infonewss.com\/wp-content\/uploads\/2023\/09\/Belem-vence-Paulistana-por-2-\u00d7-1-em-jogo-de-ida-das-quartas-de-finais-da-II-Copa-AMVI-IMG_1799-150x100.jpg 150w, https:\/\/infonewss.com\/wp-content\/uploads\/2023\/09\/Belem-vence-Paulistana-por-2-\u00d7-1-em-jogo-de-ida-das-quartas-de-finais-da-II-Copa-AMVI-IMG_1799-696x464.jpg 696w, https:\/\/infonewss.com\/wp-content\/uploads\/2023\/09\/Belem-vence-Paulistana-por-2-\u00d7-1-em-jogo-de-ida-das-quartas-de-finais-da-II-Copa-AMVI-IMG_1799.jpg 900w\" data-src=\"https:\/\/infonewss.com\/wp-content\/uploads\/2023\/09\/Belem-vence-Paulistana-por-2-\u00d7-1-em-jogo-de-ida-das-quartas-de-finais-da-II-Copa-AMVI-IMG_1799-300x200.jpg\" data-sizes=\"(max-width: 300px) 100vw, 300px\" \/><\/a><\/div>\n<\/figure>\n<figure class=\"gallery-item\">\n<div class=\"gallery-icon landscape\"><a href=\"https:\/\/infonewss.com\/wp-content\/uploads\/2023\/09\/Belem-vence-Paulistana-por-2-%C3%97-1-em-jogo-de-ida-das-quartas-de-finais-da-II-Copa-AMVI-IMG_1800.jpg\"><img loading=\"lazy\" decoding=\"async\" class=\"attachment-medium size-medium lazyload\" src=\"data:image\/gif;base64,R0lGODlhAQABAAAAACH5BAEKAAEALAAAAAABAAEAAAICTAEAOw==\" alt=\"\" width=\"300\" height=\"200\" data-srcset=\"https:\/\/infonewss.com\/wp-content\/uploads\/2023\/09\/Belem-vence-Paulistana-por-2-\u00d7-1-em-jogo-de-ida-das-quartas-de-finais-da-II-Copa-AMVI-IMG_1800-300x200.jpg 300w, https:\/\/infonewss.com\/wp-content\/uploads\/2023\/09\/Belem-vence-Paulistana-por-2-\u00d7-1-em-jogo-de-ida-das-quartas-de-finais-da-II-Copa-AMVI-IMG_1800-768x512.jpg 768w, https:\/\/infonewss.com\/wp-content\/uploads\/2023\/09\/Belem-vence-Paulistana-por-2-\u00d7-1-em-jogo-de-ida-das-quartas-de-finais-da-II-Copa-AMVI-IMG_1800-150x100.jpg 150w, https:\/\/infonewss.com\/wp-content\/uploads\/2023\/09\/Belem-vence-Paulistana-por-2-\u00d7-1-em-jogo-de-ida-das-quartas-de-finais-da-II-Copa-AMVI-IMG_1800-696x464.jpg 696w, https:\/\/infonewss.com\/wp-content\/uploads\/2023\/09\/Belem-vence-Paulistana-por-2-\u00d7-1-em-jogo-de-ida-das-quartas-de-finais-da-II-Copa-AMVI-IMG_1800.jpg 900w\" data-src=\"https:\/\/infonewss.com\/wp-content\/uploads\/2023\/09\/Belem-vence-Paulistana-por-2-\u00d7-1-em-jogo-de-ida-das-quartas-de-finais-da-II-Copa-AMVI-IMG_1800-300x200.jpg\" data-sizes=\"(max-width: 300px) 100vw, 300px\" \/><\/a><\/div>\n<\/figure>\n<figure class=\"gallery-item\">\n<div class=\"gallery-icon landscape\"><a href=\"https:\/\/infonewss.com\/wp-content\/uploads\/2023\/09\/Belem-vence-Paulistana-por-2-%C3%97-1-em-jogo-de-ida-das-quartas-de-finais-da-II-Copa-AMVI-IMG_1801.jpg\"><img loading=\"lazy\" decoding=\"async\" class=\"attachment-medium size-medium lazyload\" src=\"data:image\/gif;base64,R0lGODlhAQABAAAAACH5BAEKAAEALAAAAAABAAEAAAICTAEAOw==\" alt=\"\" width=\"300\" height=\"200\" data-srcset=\"https:\/\/infonewss.com\/wp-content\/uploads\/2023\/09\/Belem-vence-Paulistana-por-2-\u00d7-1-em-jogo-de-ida-das-quartas-de-finais-da-II-Copa-AMVI-IMG_1801-300x200.jpg 300w, https:\/\/infonewss.com\/wp-content\/uploads\/2023\/09\/Belem-vence-Paulistana-por-2-\u00d7-1-em-jogo-de-ida-das-quartas-de-finais-da-II-Copa-AMVI-IMG_1801-768x512.jpg 768w, https:\/\/infonewss.com\/wp-content\/uploads\/2023\/09\/Belem-vence-Paulistana-por-2-\u00d7-1-em-jogo-de-ida-das-quartas-de-finais-da-II-Copa-AMVI-IMG_1801-150x100.jpg 150w, https:\/\/infonewss.com\/wp-content\/uploads\/2023\/09\/Belem-vence-Paulistana-por-2-\u00d7-1-em-jogo-de-ida-das-quartas-de-finais-da-II-Copa-AMVI-IMG_1801-696x464.jpg 696w, https:\/\/infonewss.com\/wp-content\/uploads\/2023\/09\/Belem-vence-Paulistana-por-2-\u00d7-1-em-jogo-de-ida-das-quartas-de-finais-da-II-Copa-AMVI-IMG_1801.jpg 900w\" data-src=\"https:\/\/infonewss.com\/wp-content\/uploads\/2023\/09\/Belem-vence-Paulistana-por-2-\u00d7-1-em-jogo-de-ida-das-quartas-de-finais-da-II-Copa-AMVI-IMG_1801-300x200.jpg\" data-sizes=\"(max-width: 300px) 100vw, 300px\" \/><\/a><\/div>\n<\/figure>\n<figure class=\"gallery-item\">\n<div class=\"gallery-icon landscape\"><a href=\"https:\/\/infonewss.com\/wp-content\/uploads\/2023\/09\/Belem-vence-Paulistana-por-2-%C3%97-1-em-jogo-de-ida-das-quartas-de-finais-da-II-Copa-AMVI-IMG_1803.jpg\"><img loading=\"lazy\" decoding=\"async\" class=\"attachment-medium size-medium lazyload\" src=\"data:image\/gif;base64,R0lGODlhAQABAAAAACH5BAEKAAEALAAAAAABAAEAAAICTAEAOw==\" alt=\"\" width=\"300\" height=\"200\" data-srcset=\"https:\/\/infonewss.com\/wp-content\/uploads\/2023\/09\/Belem-vence-Paulistana-por-2-\u00d7-1-em-jogo-de-ida-das-quartas-de-finais-da-II-Copa-AMVI-IMG_1803-300x200.jpg 300w, https:\/\/infonewss.com\/wp-content\/uploads\/2023\/09\/Belem-vence-Paulistana-por-2-\u00d7-1-em-jogo-de-ida-das-quartas-de-finais-da-II-Copa-AMVI-IMG_1803-768x512.jpg 768w, https:\/\/infonewss.com\/wp-content\/uploads\/2023\/09\/Belem-vence-Paulistana-por-2-\u00d7-1-em-jogo-de-ida-das-quartas-de-finais-da-II-Copa-AMVI-IMG_1803-150x100.jpg 150w, https:\/\/infonewss.com\/wp-content\/uploads\/2023\/09\/Belem-vence-Paulistana-por-2-\u00d7-1-em-jogo-de-ida-das-quartas-de-finais-da-II-Copa-AMVI-IMG_1803-696x464.jpg 696w, https:\/\/infonewss.com\/wp-content\/uploads\/2023\/09\/Belem-vence-Paulistana-por-2-\u00d7-1-em-jogo-de-ida-das-quartas-de-finais-da-II-Copa-AMVI-IMG_1803.jpg 900w\" data-src=\"https:\/\/infonewss.com\/wp-content\/uploads\/2023\/09\/Belem-vence-Paulistana-por-2-\u00d7-1-em-jogo-de-ida-das-quartas-de-finais-da-II-Copa-AMVI-IMG_1803-300x200.jpg\" data-sizes=\"(max-width: 300px) 100vw, 300px\" \/><\/a><\/div>\n<\/figure>\n<figure class=\"gallery-item\">\n<div class=\"gallery-icon landscape\"><a href=\"https:\/\/infonewss.com\/wp-content\/uploads\/2023\/09\/Belem-vence-Paulistana-por-2-%C3%97-1-em-jogo-de-ida-das-quartas-de-finais-da-II-Copa-AMVI-IMG_1804.jpg\"><img loading=\"lazy\" decoding=\"async\" class=\"attachment-medium size-medium lazyload\" src=\"data:image\/gif;base64,R0lGODlhAQABAAAAACH5BAEKAAEALAAAAAABAAEAAAICTAEAOw==\" alt=\"\" width=\"300\" height=\"200\" data-srcset=\"https:\/\/infonewss.com\/wp-content\/uploads\/2023\/09\/Belem-vence-Paulistana-por-2-\u00d7-1-em-jogo-de-ida-das-quartas-de-finais-da-II-Copa-AMVI-IMG_1804-300x200.jpg 300w, https:\/\/infonewss.com\/wp-content\/uploads\/2023\/09\/Belem-vence-Paulistana-por-2-\u00d7-1-em-jogo-de-ida-das-quartas-de-finais-da-II-Copa-AMVI-IMG_1804-768x512.jpg 768w, https:\/\/infonewss.com\/wp-content\/uploads\/2023\/09\/Belem-vence-Paulistana-por-2-\u00d7-1-em-jogo-de-ida-das-quartas-de-finais-da-II-Copa-AMVI-IMG_1804-150x100.jpg 150w, https:\/\/infonewss.com\/wp-content\/uploads\/2023\/09\/Belem-vence-Paulistana-por-2-\u00d7-1-em-jogo-de-ida-das-quartas-de-finais-da-II-Copa-AMVI-IMG_1804-696x464.jpg 696w, https:\/\/infonewss.com\/wp-content\/uploads\/2023\/09\/Belem-vence-Paulistana-por-2-\u00d7-1-em-jogo-de-ida-das-quartas-de-finais-da-II-Copa-AMVI-IMG_1804.jpg 900w\" data-src=\"https:\/\/infonewss.com\/wp-content\/uploads\/2023\/09\/Belem-vence-Paulistana-por-2-\u00d7-1-em-jogo-de-ida-das-quartas-de-finais-da-II-Copa-AMVI-IMG_1804-300x200.jpg\" data-sizes=\"(max-width: 300px) 100vw, 300px\" \/><\/a><\/div>\n<\/figure>\n<figure class=\"gallery-item\">\n<div class=\"gallery-icon landscape\"><a href=\"https:\/\/infonewss.com\/wp-content\/uploads\/2023\/09\/Belem-vence-Paulistana-por-2-%C3%97-1-em-jogo-de-ida-das-quartas-de-finais-da-II-Copa-AMVI-IMG_1805.jpg\"><img loading=\"lazy\" decoding=\"async\" class=\"attachment-medium size-medium lazyload\" src=\"data:image\/gif;base64,R0lGODlhAQABAAAAACH5BAEKAAEALAAAAAABAAEAAAICTAEAOw==\" alt=\"\" width=\"300\" height=\"200\" data-srcset=\"https:\/\/infonewss.com\/wp-content\/uploads\/2023\/09\/Belem-vence-Paulistana-por-2-\u00d7-1-em-jogo-de-ida-das-quartas-de-finais-da-II-Copa-AMVI-IMG_1805-300x200.jpg 300w, https:\/\/infonewss.com\/wp-content\/uploads\/2023\/09\/Belem-vence-Paulistana-por-2-\u00d7-1-em-jogo-de-ida-das-quartas-de-finais-da-II-Copa-AMVI-IMG_1805-768x512.jpg 768w, https:\/\/infonewss.com\/wp-content\/uploads\/2023\/09\/Belem-vence-Paulistana-por-2-\u00d7-1-em-jogo-de-ida-das-quartas-de-finais-da-II-Copa-AMVI-IMG_1805-150x100.jpg 150w, https:\/\/infonewss.com\/wp-content\/uploads\/2023\/09\/Belem-vence-Paulistana-por-2-\u00d7-1-em-jogo-de-ida-das-quartas-de-finais-da-II-Copa-AMVI-IMG_1805-696x464.jpg 696w, https:\/\/infonewss.com\/wp-content\/uploads\/2023\/09\/Belem-vence-Paulistana-por-2-\u00d7-1-em-jogo-de-ida-das-quartas-de-finais-da-II-Copa-AMVI-IMG_1805.jpg 900w\" data-src=\"https:\/\/infonewss.com\/wp-content\/uploads\/2023\/09\/Belem-vence-Paulistana-por-2-\u00d7-1-em-jogo-de-ida-das-quartas-de-finais-da-II-Copa-AMVI-IMG_1805-300x200.jpg\" data-sizes=\"(max-width: 300px) 100vw, 300px\" \/><\/a><\/div>\n<\/figure>\n<figure class=\"gallery-item\">\n<div class=\"gallery-icon landscape\"><a href=\"https:\/\/infonewss.com\/wp-content\/uploads\/2023\/09\/Belem-vence-Paulistana-por-2-%C3%97-1-em-jogo-de-ida-das-quartas-de-finais-da-II-Copa-AMVI-IMG_1806.jpg\"><img loading=\"lazy\" decoding=\"async\" class=\"attachment-medium size-medium lazyload\" src=\"data:image\/gif;base64,R0lGODlhAQABAAAAACH5BAEKAAEALAAAAAABAAEAAAICTAEAOw==\" alt=\"\" width=\"300\" height=\"200\" data-srcset=\"https:\/\/infonewss.com\/wp-content\/uploads\/2023\/09\/Belem-vence-Paulistana-por-2-\u00d7-1-em-jogo-de-ida-das-quartas-de-finais-da-II-Copa-AMVI-IMG_1806-300x200.jpg 300w, https:\/\/infonewss.com\/wp-content\/uploads\/2023\/09\/Belem-vence-Paulistana-por-2-\u00d7-1-em-jogo-de-ida-das-quartas-de-finais-da-II-Copa-AMVI-IMG_1806-768x512.jpg 768w, https:\/\/infonewss.com\/wp-content\/uploads\/2023\/09\/Belem-vence-Paulistana-por-2-\u00d7-1-em-jogo-de-ida-das-quartas-de-finais-da-II-Copa-AMVI-IMG_1806-150x100.jpg 150w, https:\/\/infonewss.com\/wp-content\/uploads\/2023\/09\/Belem-vence-Paulistana-por-2-\u00d7-1-em-jogo-de-ida-das-quartas-de-finais-da-II-Copa-AMVI-IMG_1806-696x464.jpg 696w, https:\/\/infonewss.com\/wp-content\/uploads\/2023\/09\/Belem-vence-Paulistana-por-2-\u00d7-1-em-jogo-de-ida-das-quartas-de-finais-da-II-Copa-AMVI-IMG_1806.jpg 900w\" data-src=\"https:\/\/infonewss.com\/wp-content\/uploads\/2023\/09\/Belem-vence-Paulistana-por-2-\u00d7-1-em-jogo-de-ida-das-quartas-de-finais-da-II-Copa-AMVI-IMG_1806-300x200.jpg\" data-sizes=\"(max-width: 300px) 100vw, 300px\" \/><\/a><\/div>\n<\/figure>\n<figure class=\"gallery-item\">\n<div class=\"gallery-icon portrait\"><a href=\"https:\/\/infonewss.com\/wp-content\/uploads\/2023\/09\/Belem-vence-Paulistana-por-2-%C3%97-1-em-jogo-de-ida-das-quartas-de-finais-da-II-Copa-AMVI-IMG_1811.jpg\"><img loading=\"lazy\" decoding=\"async\" class=\"attachment-medium size-medium lazyload\" src=\"data:image\/gif;base64,R0lGODlhAQABAAAAACH5BAEKAAEALAAAAAABAAEAAAICTAEAOw==\" alt=\"\" width=\"200\" height=\"300\" data-srcset=\"https:\/\/infonewss.com\/wp-content\/uploads\/2023\/09\/Belem-vence-Paulistana-por-2-\u00d7-1-em-jogo-de-ida-das-quartas-de-finais-da-II-Copa-AMVI-IMG_1811-200x300.jpg 200w, https:\/\/infonewss.com\/wp-content\/uploads\/2023\/09\/Belem-vence-Paulistana-por-2-\u00d7-1-em-jogo-de-ida-das-quartas-de-finais-da-II-Copa-AMVI-IMG_1811-683x1024.jpg 683w, https:\/\/infonewss.com\/wp-content\/uploads\/2023\/09\/Belem-vence-Paulistana-por-2-\u00d7-1-em-jogo-de-ida-das-quartas-de-finais-da-II-Copa-AMVI-IMG_1811-768x1152.jpg 768w, https:\/\/infonewss.com\/wp-content\/uploads\/2023\/09\/Belem-vence-Paulistana-por-2-\u00d7-1-em-jogo-de-ida-das-quartas-de-finais-da-II-Copa-AMVI-IMG_1811-150x225.jpg 150w, https:\/\/infonewss.com\/wp-content\/uploads\/2023\/09\/Belem-vence-Paulistana-por-2-\u00d7-1-em-jogo-de-ida-das-quartas-de-finais-da-II-Copa-AMVI-IMG_1811-300x450.jpg 300w, https:\/\/infonewss.com\/wp-content\/uploads\/2023\/09\/Belem-vence-Paulistana-por-2-\u00d7-1-em-jogo-de-ida-das-quartas-de-finais-da-II-Copa-AMVI-IMG_1811-696x1044.jpg 696w, https:\/\/infonewss.com\/wp-content\/uploads\/2023\/09\/Belem-vence-Paulistana-por-2-\u00d7-1-em-jogo-de-ida-das-quartas-de-finais-da-II-Copa-AMVI-IMG_1811.jpg 900w\" data-src=\"https:\/\/infonewss.com\/wp-content\/uploads\/2023\/09\/Belem-vence-Paulistana-por-2-\u00d7-1-em-jogo-de-ida-das-quartas-de-finais-da-II-Copa-AMVI-IMG_1811-200x300.jpg\" data-sizes=\"(max-width: 200px) 100vw, 200px\" \/><\/a><\/div>\n<\/figure>\n<figure class=\"gallery-item\">\n<div class=\"gallery-icon portrait\"><a href=\"https:\/\/infonewss.com\/wp-content\/uploads\/2023\/09\/Belem-vence-Paulistana-por-2-%C3%97-1-em-jogo-de-ida-das-quartas-de-finais-da-II-Copa-AMVI-IMG_1815.jpg\"><img loading=\"lazy\" decoding=\"async\" class=\"attachment-medium size-medium lazyload\" src=\"data:image\/gif;base64,R0lGODlhAQABAAAAACH5BAEKAAEALAAAAAABAAEAAAICTAEAOw==\" alt=\"\" width=\"200\" height=\"300\" data-srcset=\"https:\/\/infonewss.com\/wp-content\/uploads\/2023\/09\/Belem-vence-Paulistana-por-2-\u00d7-1-em-jogo-de-ida-das-quartas-de-finais-da-II-Copa-AMVI-IMG_1815-200x300.jpg 200w, https:\/\/infonewss.com\/wp-content\/uploads\/2023\/09\/Belem-vence-Paulistana-por-2-\u00d7-1-em-jogo-de-ida-das-quartas-de-finais-da-II-Copa-AMVI-IMG_1815-683x1024.jpg 683w, https:\/\/infonewss.com\/wp-content\/uploads\/2023\/09\/Belem-vence-Paulistana-por-2-\u00d7-1-em-jogo-de-ida-das-quartas-de-finais-da-II-Copa-AMVI-IMG_1815-768x1152.jpg 768w, https:\/\/infonewss.com\/wp-content\/uploads\/2023\/09\/Belem-vence-Paulistana-por-2-\u00d7-1-em-jogo-de-ida-das-quartas-de-finais-da-II-Copa-AMVI-IMG_1815-150x225.jpg 150w, https:\/\/infonewss.com\/wp-content\/uploads\/2023\/09\/Belem-vence-Paulistana-por-2-\u00d7-1-em-jogo-de-ida-das-quartas-de-finais-da-II-Copa-AMVI-IMG_1815-300x450.jpg 300w, https:\/\/infonewss.com\/wp-content\/uploads\/2023\/09\/Belem-vence-Paulistana-por-2-\u00d7-1-em-jogo-de-ida-das-quartas-de-finais-da-II-Copa-AMVI-IMG_1815-696x1044.jpg 696w, https:\/\/infonewss.com\/wp-content\/uploads\/2023\/09\/Belem-vence-Paulistana-por-2-\u00d7-1-em-jogo-de-ida-das-quartas-de-finais-da-II-Copa-AMVI-IMG_1815.jpg 900w\" data-src=\"https:\/\/infonewss.com\/wp-content\/uploads\/2023\/09\/Belem-vence-Paulistana-por-2-\u00d7-1-em-jogo-de-ida-das-quartas-de-finais-da-II-Copa-AMVI-IMG_1815-200x300.jpg\" data-sizes=\"(max-width: 200px) 100vw, 200px\" \/><\/a><\/div>\n<\/figure>\n<figure class=\"gallery-item\">\n<div class=\"gallery-icon portrait\"><a href=\"https:\/\/infonewss.com\/wp-content\/uploads\/2023\/09\/Belem-vence-Paulistana-por-2-%C3%97-1-em-jogo-de-ida-das-quartas-de-finais-da-II-Copa-AMVI-IMG_1818.jpg\"><img loading=\"lazy\" decoding=\"async\" class=\"attachment-medium size-medium lazyloaded\" src=\"https:\/\/infonewss.com\/wp-content\/uploads\/2023\/09\/Belem-vence-Paulistana-por-2-%C3%97-1-em-jogo-de-ida-das-quartas-de-finais-da-II-Copa-AMVI-IMG_1818-200x300.jpg\" sizes=\"(max-width: 200px) 100vw, 200px\" srcset=\"https:\/\/infonewss.com\/wp-content\/uploads\/2023\/09\/Belem-vence-Paulistana-por-2-\u00d7-1-em-jogo-de-ida-das-quartas-de-finais-da-II-Copa-AMVI-IMG_1818-200x300.jpg 200w, https:\/\/infonewss.com\/wp-content\/uploads\/2023\/09\/Belem-vence-Paulistana-por-2-\u00d7-1-em-jogo-de-ida-das-quartas-de-finais-da-II-Copa-AMVI-IMG_1818-683x1024.jpg 683w, https:\/\/infonewss.com\/wp-content\/uploads\/2023\/09\/Belem-vence-Paulistana-por-2-\u00d7-1-em-jogo-de-ida-das-quartas-de-finais-da-II-Copa-AMVI-IMG_1818-768x1152.jpg 768w, https:\/\/infonewss.com\/wp-content\/uploads\/2023\/09\/Belem-vence-Paulistana-por-2-\u00d7-1-em-jogo-de-ida-das-quartas-de-finais-da-II-Copa-AMVI-IMG_1818-150x225.jpg 150w, https:\/\/infonewss.com\/wp-content\/uploads\/2023\/09\/Belem-vence-Paulistana-por-2-\u00d7-1-em-jogo-de-ida-das-quartas-de-finais-da-II-Copa-AMVI-IMG_1818-300x450.jpg 300w, https:\/\/infonewss.com\/wp-content\/uploads\/2023\/09\/Belem-vence-Paulistana-por-2-\u00d7-1-em-jogo-de-ida-das-quartas-de-finais-da-II-Copa-AMVI-IMG_1818-696x1044.jpg 696w, https:\/\/infonewss.com\/wp-content\/uploads\/2023\/09\/Belem-vence-Paulistana-por-2-\u00d7-1-em-jogo-de-ida-das-quartas-de-finais-da-II-Copa-AMVI-IMG_1818.jpg 900w\" alt=\"\" width=\"200\" height=\"300\" data-srcset=\"https:\/\/infonewss.com\/wp-content\/uploads\/2023\/09\/Belem-vence-Paulistana-por-2-\u00d7-1-em-jogo-de-ida-das-quartas-de-finais-da-II-Copa-AMVI-IMG_1818-200x300.jpg 200w, https:\/\/infonewss.com\/wp-content\/uploads\/2023\/09\/Belem-vence-Paulistana-por-2-\u00d7-1-em-jogo-de-ida-das-quartas-de-finais-da-II-Copa-AMVI-IMG_1818-683x1024.jpg 683w, https:\/\/infonewss.com\/wp-content\/uploads\/2023\/09\/Belem-vence-Paulistana-por-2-\u00d7-1-em-jogo-de-ida-das-quartas-de-finais-da-II-Copa-AMVI-IMG_1818-768x1152.jpg 768w, https:\/\/infonewss.com\/wp-content\/uploads\/2023\/09\/Belem-vence-Paulistana-por-2-\u00d7-1-em-jogo-de-ida-das-quartas-de-finais-da-II-Copa-AMVI-IMG_1818-150x225.jpg 150w, https:\/\/infonewss.com\/wp-content\/uploads\/2023\/09\/Belem-vence-Paulistana-por-2-\u00d7-1-em-jogo-de-ida-das-quartas-de-finais-da-II-Copa-AMVI-IMG_1818-300x450.jpg 300w, https:\/\/infonewss.com\/wp-content\/uploads\/2023\/09\/Belem-vence-Paulistana-por-2-\u00d7-1-em-jogo-de-ida-das-quartas-de-finais-da-II-Copa-AMVI-IMG_1818-696x1044.jpg 696w, https:\/\/infonewss.com\/wp-content\/uploads\/2023\/09\/Belem-vence-Paulistana-por-2-\u00d7-1-em-jogo-de-ida-das-quartas-de-finais-da-II-Copa-AMVI-IMG_1818.jpg 900w\" data-src=\"https:\/\/infonewss.com\/wp-content\/uploads\/2023\/09\/Belem-vence-Paulistana-por-2-\u00d7-1-em-jogo-de-ida-das-quartas-de-finais-da-II-Copa-AMVI-IMG_1818-200x300.jpg\" data-sizes=\"(max-width: 200px) 100vw, 200px\" \/><\/a><\/div>\n<\/figure>\n<figure class=\"gallery-item\">\n<div class=\"gallery-icon landscape\"><a href=\"https:\/\/infonewss.com\/wp-content\/uploads\/2023\/09\/Belem-vence-Paulistana-por-2-%C3%97-1-em-jogo-de-ida-das-quartas-de-finais-da-II-Copa-AMVI-IMG_1821.jpg\"><img loading=\"lazy\" decoding=\"async\" class=\"attachment-medium size-medium lazyloaded\" src=\"https:\/\/infonewss.com\/wp-content\/uploads\/2023\/09\/Belem-vence-Paulistana-por-2-%C3%97-1-em-jogo-de-ida-das-quartas-de-finais-da-II-Copa-AMVI-IMG_1821-300x200.jpg\" sizes=\"(max-width: 300px) 100vw, 300px\" srcset=\"https:\/\/infonewss.com\/wp-content\/uploads\/2023\/09\/Belem-vence-Paulistana-por-2-\u00d7-1-em-jogo-de-ida-das-quartas-de-finais-da-II-Copa-AMVI-IMG_1821-300x200.jpg 300w, https:\/\/infonewss.com\/wp-content\/uploads\/2023\/09\/Belem-vence-Paulistana-por-2-\u00d7-1-em-jogo-de-ida-das-quartas-de-finais-da-II-Copa-AMVI-IMG_1821-768x512.jpg 768w, https:\/\/infonewss.com\/wp-content\/uploads\/2023\/09\/Belem-vence-Paulistana-por-2-\u00d7-1-em-jogo-de-ida-das-quartas-de-finais-da-II-Copa-AMVI-IMG_1821-150x100.jpg 150w, https:\/\/infonewss.com\/wp-content\/uploads\/2023\/09\/Belem-vence-Paulistana-por-2-\u00d7-1-em-jogo-de-ida-das-quartas-de-finais-da-II-Copa-AMVI-IMG_1821-696x464.jpg 696w, https:\/\/infonewss.com\/wp-content\/uploads\/2023\/09\/Belem-vence-Paulistana-por-2-\u00d7-1-em-jogo-de-ida-das-quartas-de-finais-da-II-Copa-AMVI-IMG_1821.jpg 900w\" alt=\"\" width=\"300\" height=\"200\" data-srcset=\"https:\/\/infonewss.com\/wp-content\/uploads\/2023\/09\/Belem-vence-Paulistana-por-2-\u00d7-1-em-jogo-de-ida-das-quartas-de-finais-da-II-Copa-AMVI-IMG_1821-300x200.jpg 300w, https:\/\/infonewss.com\/wp-content\/uploads\/2023\/09\/Belem-vence-Paulistana-por-2-\u00d7-1-em-jogo-de-ida-das-quartas-de-finais-da-II-Copa-AMVI-IMG_1821-768x512.jpg 768w, https:\/\/infonewss.com\/wp-content\/uploads\/2023\/09\/Belem-vence-Paulistana-por-2-\u00d7-1-em-jogo-de-ida-das-quartas-de-finais-da-II-Copa-AMVI-IMG_1821-150x100.jpg 150w, https:\/\/infonewss.com\/wp-content\/uploads\/2023\/09\/Belem-vence-Paulistana-por-2-\u00d7-1-em-jogo-de-ida-das-quartas-de-finais-da-II-Copa-AMVI-IMG_1821-696x464.jpg 696w, https:\/\/infonewss.com\/wp-content\/uploads\/2023\/09\/Belem-vence-Paulistana-por-2-\u00d7-1-em-jogo-de-ida-das-quartas-de-finais-da-II-Copa-AMVI-IMG_1821.jpg 900w\" data-src=\"https:\/\/infonewss.com\/wp-content\/uploads\/2023\/09\/Belem-vence-Paulistana-por-2-\u00d7-1-em-jogo-de-ida-das-quartas-de-finais-da-II-Copa-AMVI-IMG_1821-300x200.jpg\" data-sizes=\"(max-width: 300px) 100vw, 300px\" \/><\/a><\/div>\n<\/figure>\n<figure class=\"gallery-item\">\n<div class=\"gallery-icon portrait\"><a href=\"https:\/\/infonewss.com\/wp-content\/uploads\/2023\/09\/Belem-vence-Paulistana-por-2-%C3%97-1-em-jogo-de-ida-das-quartas-de-finais-da-II-Copa-AMVI-IMG_1823.jpg\"><img loading=\"lazy\" decoding=\"async\" class=\"attachment-medium size-medium ls-is-cached lazyloaded\" src=\"https:\/\/infonewss.com\/wp-content\/uploads\/2023\/09\/Belem-vence-Paulistana-por-2-%C3%97-1-em-jogo-de-ida-das-quartas-de-finais-da-II-Copa-AMVI-IMG_1823-200x300.jpg\" sizes=\"(max-width: 200px) 100vw, 200px\" srcset=\"https:\/\/infonewss.com\/wp-content\/uploads\/2023\/09\/Belem-vence-Paulistana-por-2-\u00d7-1-em-jogo-de-ida-das-quartas-de-finais-da-II-Copa-AMVI-IMG_1823-200x300.jpg 200w, https:\/\/infonewss.com\/wp-content\/uploads\/2023\/09\/Belem-vence-Paulistana-por-2-\u00d7-1-em-jogo-de-ida-das-quartas-de-finais-da-II-Copa-AMVI-IMG_1823-683x1024.jpg 683w, https:\/\/infonewss.com\/wp-content\/uploads\/2023\/09\/Belem-vence-Paulistana-por-2-\u00d7-1-em-jogo-de-ida-das-quartas-de-finais-da-II-Copa-AMVI-IMG_1823-768x1152.jpg 768w, https:\/\/infonewss.com\/wp-content\/uploads\/2023\/09\/Belem-vence-Paulistana-por-2-\u00d7-1-em-jogo-de-ida-das-quartas-de-finais-da-II-Copa-AMVI-IMG_1823-150x225.jpg 150w, https:\/\/infonewss.com\/wp-content\/uploads\/2023\/09\/Belem-vence-Paulistana-por-2-\u00d7-1-em-jogo-de-ida-das-quartas-de-finais-da-II-Copa-AMVI-IMG_1823-300x450.jpg 300w, https:\/\/infonewss.com\/wp-content\/uploads\/2023\/09\/Belem-vence-Paulistana-por-2-\u00d7-1-em-jogo-de-ida-das-quartas-de-finais-da-II-Copa-AMVI-IMG_1823-696x1044.jpg 696w, https:\/\/infonewss.com\/wp-content\/uploads\/2023\/09\/Belem-vence-Paulistana-por-2-\u00d7-1-em-jogo-de-ida-das-quartas-de-finais-da-II-Copa-AMVI-IMG_1823.jpg 900w\" alt=\"\" width=\"200\" height=\"300\" data-srcset=\"https:\/\/infonewss.com\/wp-content\/uploads\/2023\/09\/Belem-vence-Paulistana-por-2-\u00d7-1-em-jogo-de-ida-das-quartas-de-finais-da-II-Copa-AMVI-IMG_1823-200x300.jpg 200w, https:\/\/infonewss.com\/wp-content\/uploads\/2023\/09\/Belem-vence-Paulistana-por-2-\u00d7-1-em-jogo-de-ida-das-quartas-de-finais-da-II-Copa-AMVI-IMG_1823-683x1024.jpg 683w, https:\/\/infonewss.com\/wp-content\/uploads\/2023\/09\/Belem-vence-Paulistana-por-2-\u00d7-1-em-jogo-de-ida-das-quartas-de-finais-da-II-Copa-AMVI-IMG_1823-768x1152.jpg 768w, https:\/\/infonewss.com\/wp-content\/uploads\/2023\/09\/Belem-vence-Paulistana-por-2-\u00d7-1-em-jogo-de-ida-das-quartas-de-finais-da-II-Copa-AMVI-IMG_1823-150x225.jpg 150w, https:\/\/infonewss.com\/wp-content\/uploads\/2023\/09\/Belem-vence-Paulistana-por-2-\u00d7-1-em-jogo-de-ida-das-quartas-de-finais-da-II-Copa-AMVI-IMG_1823-300x450.jpg 300w, https:\/\/infonewss.com\/wp-content\/uploads\/2023\/09\/Belem-vence-Paulistana-por-2-\u00d7-1-em-jogo-de-ida-das-quartas-de-finais-da-II-Copa-AMVI-IMG_1823-696x1044.jpg 696w, https:\/\/infonewss.com\/wp-content\/uploads\/2023\/09\/Belem-vence-Paulistana-por-2-\u00d7-1-em-jogo-de-ida-das-quartas-de-finais-da-II-Copa-AMVI-IMG_1823.jpg 900w\" data-src=\"https:\/\/infonewss.com\/wp-content\/uploads\/2023\/09\/Belem-vence-Paulistana-por-2-\u00d7-1-em-jogo-de-ida-das-quartas-de-finais-da-II-Copa-AMVI-IMG_1823-200x300.jpg\" data-sizes=\"(max-width: 200px) 100vw, 200px\" \/><\/a><\/div>\n<\/figure>\n<figure class=\"gallery-item\">\n<div class=\"gallery-icon landscape\"><a href=\"https:\/\/infonewss.com\/wp-content\/uploads\/2023\/09\/Belem-vence-Paulistana-por-2-%C3%97-1-em-jogo-de-ida-das-quartas-de-finais-da-II-Copa-AMVI-IMG_1825.jpg\"><img loading=\"lazy\" decoding=\"async\" class=\"attachment-medium size-medium lazyloaded\" src=\"https:\/\/infonewss.com\/wp-content\/uploads\/2023\/09\/Belem-vence-Paulistana-por-2-%C3%97-1-em-jogo-de-ida-das-quartas-de-finais-da-II-Copa-AMVI-IMG_1825-300x200.jpg\" sizes=\"(max-width: 300px) 100vw, 300px\" srcset=\"https:\/\/infonewss.com\/wp-content\/uploads\/2023\/09\/Belem-vence-Paulistana-por-2-\u00d7-1-em-jogo-de-ida-das-quartas-de-finais-da-II-Copa-AMVI-IMG_1825-300x200.jpg 300w, https:\/\/infonewss.com\/wp-content\/uploads\/2023\/09\/Belem-vence-Paulistana-por-2-\u00d7-1-em-jogo-de-ida-das-quartas-de-finais-da-II-Copa-AMVI-IMG_1825-768x512.jpg 768w, https:\/\/infonewss.com\/wp-content\/uploads\/2023\/09\/Belem-vence-Paulistana-por-2-\u00d7-1-em-jogo-de-ida-das-quartas-de-finais-da-II-Copa-AMVI-IMG_1825-150x100.jpg 150w, https:\/\/infonewss.com\/wp-content\/uploads\/2023\/09\/Belem-vence-Paulistana-por-2-\u00d7-1-em-jogo-de-ida-das-quartas-de-finais-da-II-Copa-AMVI-IMG_1825-696x464.jpg 696w, https:\/\/infonewss.com\/wp-content\/uploads\/2023\/09\/Belem-vence-Paulistana-por-2-\u00d7-1-em-jogo-de-ida-das-quartas-de-finais-da-II-Copa-AMVI-IMG_1825.jpg 900w\" alt=\"\" width=\"300\" height=\"200\" data-srcset=\"https:\/\/infonewss.com\/wp-content\/uploads\/2023\/09\/Belem-vence-Paulistana-por-2-\u00d7-1-em-jogo-de-ida-das-quartas-de-finais-da-II-Copa-AMVI-IMG_1825-300x200.jpg 300w, https:\/\/infonewss.com\/wp-content\/uploads\/2023\/09\/Belem-vence-Paulistana-por-2-\u00d7-1-em-jogo-de-ida-das-quartas-de-finais-da-II-Copa-AMVI-IMG_1825-768x512.jpg 768w, https:\/\/infonewss.com\/wp-content\/uploads\/2023\/09\/Belem-vence-Paulistana-por-2-\u00d7-1-em-jogo-de-ida-das-quartas-de-finais-da-II-Copa-AMVI-IMG_1825-150x100.jpg 150w, https:\/\/infonewss.com\/wp-content\/uploads\/2023\/09\/Belem-vence-Paulistana-por-2-\u00d7-1-em-jogo-de-ida-das-quartas-de-finais-da-II-Copa-AMVI-IMG_1825-696x464.jpg 696w, https:\/\/infonewss.com\/wp-content\/uploads\/2023\/09\/Belem-vence-Paulistana-por-2-\u00d7-1-em-jogo-de-ida-das-quartas-de-finais-da-II-Copa-AMVI-IMG_1825.jpg 900w\" data-src=\"https:\/\/infonewss.com\/wp-content\/uploads\/2023\/09\/Belem-vence-Paulistana-por-2-\u00d7-1-em-jogo-de-ida-das-quartas-de-finais-da-II-Copa-AMVI-IMG_1825-300x200.jpg\" data-sizes=\"(max-width: 300px) 100vw, 300px\" \/><\/a><\/div>\n<\/figure>\n<figure class=\"gallery-item\">\n<div class=\"gallery-icon landscape\"><a href=\"https:\/\/infonewss.com\/wp-content\/uploads\/2023\/09\/Belem-vence-Paulistana-por-2-%C3%97-1-em-jogo-de-ida-das-quartas-de-finais-da-II-Copa-AMVI-IMG_1827.jpg\"><img loading=\"lazy\" decoding=\"async\" class=\"attachment-medium size-medium lazyloaded\" src=\"https:\/\/infonewss.com\/wp-content\/uploads\/2023\/09\/Belem-vence-Paulistana-por-2-%C3%97-1-em-jogo-de-ida-das-quartas-de-finais-da-II-Copa-AMVI-IMG_1827-300x200.jpg\" sizes=\"(max-width: 300px) 100vw, 300px\" srcset=\"https:\/\/infonewss.com\/wp-content\/uploads\/2023\/09\/Belem-vence-Paulistana-por-2-\u00d7-1-em-jogo-de-ida-das-quartas-de-finais-da-II-Copa-AMVI-IMG_1827-300x200.jpg 300w, https:\/\/infonewss.com\/wp-content\/uploads\/2023\/09\/Belem-vence-Paulistana-por-2-\u00d7-1-em-jogo-de-ida-das-quartas-de-finais-da-II-Copa-AMVI-IMG_1827-768x512.jpg 768w, https:\/\/infonewss.com\/wp-content\/uploads\/2023\/09\/Belem-vence-Paulistana-por-2-\u00d7-1-em-jogo-de-ida-das-quartas-de-finais-da-II-Copa-AMVI-IMG_1827-150x100.jpg 150w, https:\/\/infonewss.com\/wp-content\/uploads\/2023\/09\/Belem-vence-Paulistana-por-2-\u00d7-1-em-jogo-de-ida-das-quartas-de-finais-da-II-Copa-AMVI-IMG_1827-696x464.jpg 696w, https:\/\/infonewss.com\/wp-content\/uploads\/2023\/09\/Belem-vence-Paulistana-por-2-\u00d7-1-em-jogo-de-ida-das-quartas-de-finais-da-II-Copa-AMVI-IMG_1827.jpg 900w\" alt=\"\" width=\"300\" height=\"200\" data-srcset=\"https:\/\/infonewss.com\/wp-content\/uploads\/2023\/09\/Belem-vence-Paulistana-por-2-\u00d7-1-em-jogo-de-ida-das-quartas-de-finais-da-II-Copa-AMVI-IMG_1827-300x200.jpg 300w, https:\/\/infonewss.com\/wp-content\/uploads\/2023\/09\/Belem-vence-Paulistana-por-2-\u00d7-1-em-jogo-de-ida-das-quartas-de-finais-da-II-Copa-AMVI-IMG_1827-768x512.jpg 768w, https:\/\/infonewss.com\/wp-content\/uploads\/2023\/09\/Belem-vence-Paulistana-por-2-\u00d7-1-em-jogo-de-ida-das-quartas-de-finais-da-II-Copa-AMVI-IMG_1827-150x100.jpg 150w, https:\/\/infonewss.com\/wp-content\/uploads\/2023\/09\/Belem-vence-Paulistana-por-2-\u00d7-1-em-jogo-de-ida-das-quartas-de-finais-da-II-Copa-AMVI-IMG_1827-696x464.jpg 696w, https:\/\/infonewss.com\/wp-content\/uploads\/2023\/09\/Belem-vence-Paulistana-por-2-\u00d7-1-em-jogo-de-ida-das-quartas-de-finais-da-II-Copa-AMVI-IMG_1827.jpg 900w\" data-src=\"https:\/\/infonewss.com\/wp-content\/uploads\/2023\/09\/Belem-vence-Paulistana-por-2-\u00d7-1-em-jogo-de-ida-das-quartas-de-finais-da-II-Copa-AMVI-IMG_1827-300x200.jpg\" data-sizes=\"(max-width: 300px) 100vw, 300px\" \/><\/a><\/div>\n<\/figure>\n<figure class=\"gallery-item\">\n<div class=\"gallery-icon landscape\"><a href=\"https:\/\/infonewss.com\/wp-content\/uploads\/2023\/09\/Belem-vence-Paulistana-por-2-%C3%97-1-em-jogo-de-ida-das-quartas-de-finais-da-II-Copa-AMVI-IMG_1828.jpg\"><img loading=\"lazy\" decoding=\"async\" class=\"attachment-medium size-medium lazyloaded\" src=\"https:\/\/infonewss.com\/wp-content\/uploads\/2023\/09\/Belem-vence-Paulistana-por-2-%C3%97-1-em-jogo-de-ida-das-quartas-de-finais-da-II-Copa-AMVI-IMG_1828-300x200.jpg\" sizes=\"(max-width: 300px) 100vw, 300px\" srcset=\"https:\/\/infonewss.com\/wp-content\/uploads\/2023\/09\/Belem-vence-Paulistana-por-2-\u00d7-1-em-jogo-de-ida-das-quartas-de-finais-da-II-Copa-AMVI-IMG_1828-300x200.jpg 300w, https:\/\/infonewss.com\/wp-content\/uploads\/2023\/09\/Belem-vence-Paulistana-por-2-\u00d7-1-em-jogo-de-ida-das-quartas-de-finais-da-II-Copa-AMVI-IMG_1828-768x512.jpg 768w, https:\/\/infonewss.com\/wp-content\/uploads\/2023\/09\/Belem-vence-Paulistana-por-2-\u00d7-1-em-jogo-de-ida-das-quartas-de-finais-da-II-Copa-AMVI-IMG_1828-150x100.jpg 150w, https:\/\/infonewss.com\/wp-content\/uploads\/2023\/09\/Belem-vence-Paulistana-por-2-\u00d7-1-em-jogo-de-ida-das-quartas-de-finais-da-II-Copa-AMVI-IMG_1828-696x464.jpg 696w, https:\/\/infonewss.com\/wp-content\/uploads\/2023\/09\/Belem-vence-Paulistana-por-2-\u00d7-1-em-jogo-de-ida-das-quartas-de-finais-da-II-Copa-AMVI-IMG_1828.jpg 900w\" alt=\"\" width=\"300\" height=\"200\" data-srcset=\"https:\/\/infonewss.com\/wp-content\/uploads\/2023\/09\/Belem-vence-Paulistana-por-2-\u00d7-1-em-jogo-de-ida-das-quartas-de-finais-da-II-Copa-AMVI-IMG_1828-300x200.jpg 300w, https:\/\/infonewss.com\/wp-content\/uploads\/2023\/09\/Belem-vence-Paulistana-por-2-\u00d7-1-em-jogo-de-ida-das-quartas-de-finais-da-II-Copa-AMVI-IMG_1828-768x512.jpg 768w, https:\/\/infonewss.com\/wp-content\/uploads\/2023\/09\/Belem-vence-Paulistana-por-2-\u00d7-1-em-jogo-de-ida-das-quartas-de-finais-da-II-Copa-AMVI-IMG_1828-150x100.jpg 150w, https:\/\/infonewss.com\/wp-content\/uploads\/2023\/09\/Belem-vence-Paulistana-por-2-\u00d7-1-em-jogo-de-ida-das-quartas-de-finais-da-II-Copa-AMVI-IMG_1828-696x464.jpg 696w, https:\/\/infonewss.com\/wp-content\/uploads\/2023\/09\/Belem-vence-Paulistana-por-2-\u00d7-1-em-jogo-de-ida-das-quartas-de-finais-da-II-Copa-AMVI-IMG_1828.jpg 900w\" data-src=\"https:\/\/infonewss.com\/wp-content\/uploads\/2023\/09\/Belem-vence-Paulistana-por-2-\u00d7-1-em-jogo-de-ida-das-quartas-de-finais-da-II-Copa-AMVI-IMG_1828-300x200.jpg\" data-sizes=\"(max-width: 300px) 100vw, 300px\" \/><\/a><\/div>\n<\/figure>\n<figure class=\"gallery-item\">\n<div class=\"gallery-icon landscape\"><a href=\"https:\/\/infonewss.com\/wp-content\/uploads\/2023\/09\/Belem-vence-Paulistana-por-2-%C3%97-1-em-jogo-de-ida-das-quartas-de-finais-da-II-Copa-AMVI-IMG_1829.jpg\"><img loading=\"lazy\" decoding=\"async\" class=\"attachment-medium size-medium lazyloaded\" src=\"https:\/\/infonewss.com\/wp-content\/uploads\/2023\/09\/Belem-vence-Paulistana-por-2-%C3%97-1-em-jogo-de-ida-das-quartas-de-finais-da-II-Copa-AMVI-IMG_1829-300x200.jpg\" sizes=\"(max-width: 300px) 100vw, 300px\" srcset=\"https:\/\/infonewss.com\/wp-content\/uploads\/2023\/09\/Belem-vence-Paulistana-por-2-\u00d7-1-em-jogo-de-ida-das-quartas-de-finais-da-II-Copa-AMVI-IMG_1829-300x200.jpg 300w, https:\/\/infonewss.com\/wp-content\/uploads\/2023\/09\/Belem-vence-Paulistana-por-2-\u00d7-1-em-jogo-de-ida-das-quartas-de-finais-da-II-Copa-AMVI-IMG_1829-768x512.jpg 768w, https:\/\/infonewss.com\/wp-content\/uploads\/2023\/09\/Belem-vence-Paulistana-por-2-\u00d7-1-em-jogo-de-ida-das-quartas-de-finais-da-II-Copa-AMVI-IMG_1829-150x100.jpg 150w, https:\/\/infonewss.com\/wp-content\/uploads\/2023\/09\/Belem-vence-Paulistana-por-2-\u00d7-1-em-jogo-de-ida-das-quartas-de-finais-da-II-Copa-AMVI-IMG_1829-696x464.jpg 696w, https:\/\/infonewss.com\/wp-content\/uploads\/2023\/09\/Belem-vence-Paulistana-por-2-\u00d7-1-em-jogo-de-ida-das-quartas-de-finais-da-II-Copa-AMVI-IMG_1829.jpg 900w\" alt=\"\" width=\"300\" height=\"200\" data-srcset=\"https:\/\/infonewss.com\/wp-content\/uploads\/2023\/09\/Belem-vence-Paulistana-por-2-\u00d7-1-em-jogo-de-ida-das-quartas-de-finais-da-II-Copa-AMVI-IMG_1829-300x200.jpg 300w, https:\/\/infonewss.com\/wp-content\/uploads\/2023\/09\/Belem-vence-Paulistana-por-2-\u00d7-1-em-jogo-de-ida-das-quartas-de-finais-da-II-Copa-AMVI-IMG_1829-768x512.jpg 768w, https:\/\/infonewss.com\/wp-content\/uploads\/2023\/09\/Belem-vence-Paulistana-por-2-\u00d7-1-em-jogo-de-ida-das-quartas-de-finais-da-II-Copa-AMVI-IMG_1829-150x100.jpg 150w, https:\/\/infonewss.com\/wp-content\/uploads\/2023\/09\/Belem-vence-Paulistana-por-2-\u00d7-1-em-jogo-de-ida-das-quartas-de-finais-da-II-Copa-AMVI-IMG_1829-696x464.jpg 696w, https:\/\/infonewss.com\/wp-content\/uploads\/2023\/09\/Belem-vence-Paulistana-por-2-\u00d7-1-em-jogo-de-ida-das-quartas-de-finais-da-II-Copa-AMVI-IMG_1829.jpg 900w\" data-src=\"https:\/\/infonewss.com\/wp-content\/uploads\/2023\/09\/Belem-vence-Paulistana-por-2-\u00d7-1-em-jogo-de-ida-das-quartas-de-finais-da-II-Copa-AMVI-IMG_1829-300x200.jpg\" data-sizes=\"(max-width: 300px) 100vw, 300px\" \/><\/a><\/div>\n<\/figure>\n<figure class=\"gallery-item\">\n<div class=\"gallery-icon landscape\"><a href=\"https:\/\/infonewss.com\/wp-content\/uploads\/2023\/09\/Belem-vence-Paulistana-por-2-%C3%97-1-em-jogo-de-ida-das-quartas-de-finais-da-II-Copa-AMVI-IMG_1832.jpg\"><img loading=\"lazy\" decoding=\"async\" class=\"attachment-medium size-medium lazyloaded\" src=\"https:\/\/infonewss.com\/wp-content\/uploads\/2023\/09\/Belem-vence-Paulistana-por-2-%C3%97-1-em-jogo-de-ida-das-quartas-de-finais-da-II-Copa-AMVI-IMG_1832-300x200.jpg\" sizes=\"(max-width: 300px) 100vw, 300px\" srcset=\"https:\/\/infonewss.com\/wp-content\/uploads\/2023\/09\/Belem-vence-Paulistana-por-2-\u00d7-1-em-jogo-de-ida-das-quartas-de-finais-da-II-Copa-AMVI-IMG_1832-300x200.jpg 300w, https:\/\/infonewss.com\/wp-content\/uploads\/2023\/09\/Belem-vence-Paulistana-por-2-\u00d7-1-em-jogo-de-ida-das-quartas-de-finais-da-II-Copa-AMVI-IMG_1832-768x512.jpg 768w, https:\/\/infonewss.com\/wp-content\/uploads\/2023\/09\/Belem-vence-Paulistana-por-2-\u00d7-1-em-jogo-de-ida-das-quartas-de-finais-da-II-Copa-AMVI-IMG_1832-150x100.jpg 150w, https:\/\/infonewss.com\/wp-content\/uploads\/2023\/09\/Belem-vence-Paulistana-por-2-\u00d7-1-em-jogo-de-ida-das-quartas-de-finais-da-II-Copa-AMVI-IMG_1832-696x464.jpg 696w, https:\/\/infonewss.com\/wp-content\/uploads\/2023\/09\/Belem-vence-Paulistana-por-2-\u00d7-1-em-jogo-de-ida-das-quartas-de-finais-da-II-Copa-AMVI-IMG_1832.jpg 900w\" alt=\"\" width=\"300\" height=\"200\" data-srcset=\"https:\/\/infonewss.com\/wp-content\/uploads\/2023\/09\/Belem-vence-Paulistana-por-2-\u00d7-1-em-jogo-de-ida-das-quartas-de-finais-da-II-Copa-AMVI-IMG_1832-300x200.jpg 300w, https:\/\/infonewss.com\/wp-content\/uploads\/2023\/09\/Belem-vence-Paulistana-por-2-\u00d7-1-em-jogo-de-ida-das-quartas-de-finais-da-II-Copa-AMVI-IMG_1832-768x512.jpg 768w, https:\/\/infonewss.com\/wp-content\/uploads\/2023\/09\/Belem-vence-Paulistana-por-2-\u00d7-1-em-jogo-de-ida-das-quartas-de-finais-da-II-Copa-AMVI-IMG_1832-150x100.jpg 150w, https:\/\/infonewss.com\/wp-content\/uploads\/2023\/09\/Belem-vence-Paulistana-por-2-\u00d7-1-em-jogo-de-ida-das-quartas-de-finais-da-II-Copa-AMVI-IMG_1832-696x464.jpg 696w, https:\/\/infonewss.com\/wp-content\/uploads\/2023\/09\/Belem-vence-Paulistana-por-2-\u00d7-1-em-jogo-de-ida-das-quartas-de-finais-da-II-Copa-AMVI-IMG_1832.jpg 900w\" data-src=\"https:\/\/infonewss.com\/wp-content\/uploads\/2023\/09\/Belem-vence-Paulistana-por-2-\u00d7-1-em-jogo-de-ida-das-quartas-de-finais-da-II-Copa-AMVI-IMG_1832-300x200.jpg\" data-sizes=\"(max-width: 300px) 100vw, 300px\" \/><\/a><\/div>\n<\/figure>\n<figure class=\"gallery-item\">\n<div class=\"gallery-icon portrait\"><a href=\"https:\/\/infonewss.com\/wp-content\/uploads\/2023\/09\/Belem-vence-Paulistana-por-2-%C3%97-1-em-jogo-de-ida-das-quartas-de-finais-da-II-Copa-AMVI-IMG_1835.jpg\"><img loading=\"lazy\" decoding=\"async\" class=\"attachment-medium size-medium lazyloaded\" src=\"https:\/\/infonewss.com\/wp-content\/uploads\/2023\/09\/Belem-vence-Paulistana-por-2-%C3%97-1-em-jogo-de-ida-das-quartas-de-finais-da-II-Copa-AMVI-IMG_1835-200x300.jpg\" sizes=\"(max-width: 200px) 100vw, 200px\" srcset=\"https:\/\/infonewss.com\/wp-content\/uploads\/2023\/09\/Belem-vence-Paulistana-por-2-\u00d7-1-em-jogo-de-ida-das-quartas-de-finais-da-II-Copa-AMVI-IMG_1835-200x300.jpg 200w, https:\/\/infonewss.com\/wp-content\/uploads\/2023\/09\/Belem-vence-Paulistana-por-2-\u00d7-1-em-jogo-de-ida-das-quartas-de-finais-da-II-Copa-AMVI-IMG_1835-683x1024.jpg 683w, https:\/\/infonewss.com\/wp-content\/uploads\/2023\/09\/Belem-vence-Paulistana-por-2-\u00d7-1-em-jogo-de-ida-das-quartas-de-finais-da-II-Copa-AMVI-IMG_1835-768x1152.jpg 768w, https:\/\/infonewss.com\/wp-content\/uploads\/2023\/09\/Belem-vence-Paulistana-por-2-\u00d7-1-em-jogo-de-ida-das-quartas-de-finais-da-II-Copa-AMVI-IMG_1835-150x225.jpg 150w, https:\/\/infonewss.com\/wp-content\/uploads\/2023\/09\/Belem-vence-Paulistana-por-2-\u00d7-1-em-jogo-de-ida-das-quartas-de-finais-da-II-Copa-AMVI-IMG_1835-300x450.jpg 300w, https:\/\/infonewss.com\/wp-content\/uploads\/2023\/09\/Belem-vence-Paulistana-por-2-\u00d7-1-em-jogo-de-ida-das-quartas-de-finais-da-II-Copa-AMVI-IMG_1835-696x1044.jpg 696w, https:\/\/infonewss.com\/wp-content\/uploads\/2023\/09\/Belem-vence-Paulistana-por-2-\u00d7-1-em-jogo-de-ida-das-quartas-de-finais-da-II-Copa-AMVI-IMG_1835.jpg 900w\" alt=\"\" width=\"200\" height=\"300\" data-srcset=\"https:\/\/infonewss.com\/wp-content\/uploads\/2023\/09\/Belem-vence-Paulistana-por-2-\u00d7-1-em-jogo-de-ida-das-quartas-de-finais-da-II-Copa-AMVI-IMG_1835-200x300.jpg 200w, https:\/\/infonewss.com\/wp-content\/uploads\/2023\/09\/Belem-vence-Paulistana-por-2-\u00d7-1-em-jogo-de-ida-das-quartas-de-finais-da-II-Copa-AMVI-IMG_1835-683x1024.jpg 683w, https:\/\/infonewss.com\/wp-content\/uploads\/2023\/09\/Belem-vence-Paulistana-por-2-\u00d7-1-em-jogo-de-ida-das-quartas-de-finais-da-II-Copa-AMVI-IMG_1835-768x1152.jpg 768w, https:\/\/infonewss.com\/wp-content\/uploads\/2023\/09\/Belem-vence-Paulistana-por-2-\u00d7-1-em-jogo-de-ida-das-quartas-de-finais-da-II-Copa-AMVI-IMG_1835-150x225.jpg 150w, https:\/\/infonewss.com\/wp-content\/uploads\/2023\/09\/Belem-vence-Paulistana-por-2-\u00d7-1-em-jogo-de-ida-das-quartas-de-finais-da-II-Copa-AMVI-IMG_1835-300x450.jpg 300w, https:\/\/infonewss.com\/wp-content\/uploads\/2023\/09\/Belem-vence-Paulistana-por-2-\u00d7-1-em-jogo-de-ida-das-quartas-de-finais-da-II-Copa-AMVI-IMG_1835-696x1044.jpg 696w, https:\/\/infonewss.com\/wp-content\/uploads\/2023\/09\/Belem-vence-Paulistana-por-2-\u00d7-1-em-jogo-de-ida-das-quartas-de-finais-da-II-Copa-AMVI-IMG_1835.jpg 900w\" data-src=\"https:\/\/infonewss.com\/wp-content\/uploads\/2023\/09\/Belem-vence-Paulistana-por-2-\u00d7-1-em-jogo-de-ida-das-quartas-de-finais-da-II-Copa-AMVI-IMG_1835-200x300.jpg\" data-sizes=\"(max-width: 200px) 100vw, 200px\" \/><\/a><\/div>\n<\/figure>\n<figure class=\"gallery-item\">\n<div class=\"gallery-icon landscape\"><a href=\"https:\/\/infonewss.com\/wp-content\/uploads\/2023\/09\/Belem-vence-Paulistana-por-2-%C3%97-1-em-jogo-de-ida-das-quartas-de-finais-da-II-Copa-AMVI-IMG_1836.jpg\"><img loading=\"lazy\" decoding=\"async\" class=\"attachment-medium size-medium lazyloaded\" src=\"https:\/\/infonewss.com\/wp-content\/uploads\/2023\/09\/Belem-vence-Paulistana-por-2-%C3%97-1-em-jogo-de-ida-das-quartas-de-finais-da-II-Copa-AMVI-IMG_1836-300x200.jpg\" sizes=\"(max-width: 300px) 100vw, 300px\" srcset=\"https:\/\/infonewss.com\/wp-content\/uploads\/2023\/09\/Belem-vence-Paulistana-por-2-\u00d7-1-em-jogo-de-ida-das-quartas-de-finais-da-II-Copa-AMVI-IMG_1836-300x200.jpg 300w, https:\/\/infonewss.com\/wp-content\/uploads\/2023\/09\/Belem-vence-Paulistana-por-2-\u00d7-1-em-jogo-de-ida-das-quartas-de-finais-da-II-Copa-AMVI-IMG_1836-768x512.jpg 768w, https:\/\/infonewss.com\/wp-content\/uploads\/2023\/09\/Belem-vence-Paulistana-por-2-\u00d7-1-em-jogo-de-ida-das-quartas-de-finais-da-II-Copa-AMVI-IMG_1836-150x100.jpg 150w, https:\/\/infonewss.com\/wp-content\/uploads\/2023\/09\/Belem-vence-Paulistana-por-2-\u00d7-1-em-jogo-de-ida-das-quartas-de-finais-da-II-Copa-AMVI-IMG_1836-696x464.jpg 696w, https:\/\/infonewss.com\/wp-content\/uploads\/2023\/09\/Belem-vence-Paulistana-por-2-\u00d7-1-em-jogo-de-ida-das-quartas-de-finais-da-II-Copa-AMVI-IMG_1836.jpg 900w\" alt=\"\" width=\"300\" height=\"200\" data-srcset=\"https:\/\/infonewss.com\/wp-content\/uploads\/2023\/09\/Belem-vence-Paulistana-por-2-\u00d7-1-em-jogo-de-ida-das-quartas-de-finais-da-II-Copa-AMVI-IMG_1836-300x200.jpg 300w, https:\/\/infonewss.com\/wp-content\/uploads\/2023\/09\/Belem-vence-Paulistana-por-2-\u00d7-1-em-jogo-de-ida-das-quartas-de-finais-da-II-Copa-AMVI-IMG_1836-768x512.jpg 768w, https:\/\/infonewss.com\/wp-content\/uploads\/2023\/09\/Belem-vence-Paulistana-por-2-\u00d7-1-em-jogo-de-ida-das-quartas-de-finais-da-II-Copa-AMVI-IMG_1836-150x100.jpg 150w, https:\/\/infonewss.com\/wp-content\/uploads\/2023\/09\/Belem-vence-Paulistana-por-2-\u00d7-1-em-jogo-de-ida-das-quartas-de-finais-da-II-Copa-AMVI-IMG_1836-696x464.jpg 696w, https:\/\/infonewss.com\/wp-content\/uploads\/2023\/09\/Belem-vence-Paulistana-por-2-\u00d7-1-em-jogo-de-ida-das-quartas-de-finais-da-II-Copa-AMVI-IMG_1836.jpg 900w\" data-src=\"https:\/\/infonewss.com\/wp-content\/uploads\/2023\/09\/Belem-vence-Paulistana-por-2-\u00d7-1-em-jogo-de-ida-das-quartas-de-finais-da-II-Copa-AMVI-IMG_1836-300x200.jpg\" data-sizes=\"(max-width: 300px) 100vw, 300px\" \/><\/a><\/div>\n<\/figure>\n<figure class=\"gallery-item\">\n<div class=\"gallery-icon landscape\"><a href=\"https:\/\/infonewss.com\/wp-content\/uploads\/2023\/09\/Belem-vence-Paulistana-por-2-%C3%97-1-em-jogo-de-ida-das-quartas-de-finais-da-II-Copa-AMVI-IMG_1837.jpg\"><img loading=\"lazy\" decoding=\"async\" class=\"attachment-medium size-medium lazyloaded\" src=\"https:\/\/infonewss.com\/wp-content\/uploads\/2023\/09\/Belem-vence-Paulistana-por-2-%C3%97-1-em-jogo-de-ida-das-quartas-de-finais-da-II-Copa-AMVI-IMG_1837-300x200.jpg\" sizes=\"(max-width: 300px) 100vw, 300px\" srcset=\"https:\/\/infonewss.com\/wp-content\/uploads\/2023\/09\/Belem-vence-Paulistana-por-2-\u00d7-1-em-jogo-de-ida-das-quartas-de-finais-da-II-Copa-AMVI-IMG_1837-300x200.jpg 300w, https:\/\/infonewss.com\/wp-content\/uploads\/2023\/09\/Belem-vence-Paulistana-por-2-\u00d7-1-em-jogo-de-ida-das-quartas-de-finais-da-II-Copa-AMVI-IMG_1837-768x512.jpg 768w, https:\/\/infonewss.com\/wp-content\/uploads\/2023\/09\/Belem-vence-Paulistana-por-2-\u00d7-1-em-jogo-de-ida-das-quartas-de-finais-da-II-Copa-AMVI-IMG_1837-150x100.jpg 150w, https:\/\/infonewss.com\/wp-content\/uploads\/2023\/09\/Belem-vence-Paulistana-por-2-\u00d7-1-em-jogo-de-ida-das-quartas-de-finais-da-II-Copa-AMVI-IMG_1837-696x464.jpg 696w, https:\/\/infonewss.com\/wp-content\/uploads\/2023\/09\/Belem-vence-Paulistana-por-2-\u00d7-1-em-jogo-de-ida-das-quartas-de-finais-da-II-Copa-AMVI-IMG_1837.jpg 900w\" alt=\"\" width=\"300\" height=\"200\" data-srcset=\"https:\/\/infonewss.com\/wp-content\/uploads\/2023\/09\/Belem-vence-Paulistana-por-2-\u00d7-1-em-jogo-de-ida-das-quartas-de-finais-da-II-Copa-AMVI-IMG_1837-300x200.jpg 300w, https:\/\/infonewss.com\/wp-content\/uploads\/2023\/09\/Belem-vence-Paulistana-por-2-\u00d7-1-em-jogo-de-ida-das-quartas-de-finais-da-II-Copa-AMVI-IMG_1837-768x512.jpg 768w, https:\/\/infonewss.com\/wp-content\/uploads\/2023\/09\/Belem-vence-Paulistana-por-2-\u00d7-1-em-jogo-de-ida-das-quartas-de-finais-da-II-Copa-AMVI-IMG_1837-150x100.jpg 150w, https:\/\/infonewss.com\/wp-content\/uploads\/2023\/09\/Belem-vence-Paulistana-por-2-\u00d7-1-em-jogo-de-ida-das-quartas-de-finais-da-II-Copa-AMVI-IMG_1837-696x464.jpg 696w, https:\/\/infonewss.com\/wp-content\/uploads\/2023\/09\/Belem-vence-Paulistana-por-2-\u00d7-1-em-jogo-de-ida-das-quartas-de-finais-da-II-Copa-AMVI-IMG_1837.jpg 900w\" data-src=\"https:\/\/infonewss.com\/wp-content\/uploads\/2023\/09\/Belem-vence-Paulistana-por-2-\u00d7-1-em-jogo-de-ida-das-quartas-de-finais-da-II-Copa-AMVI-IMG_1837-300x200.jpg\" data-sizes=\"(max-width: 300px) 100vw, 300px\" \/><\/a><\/div>\n<\/figure>\n<figure class=\"gallery-item\">\n<div class=\"gallery-icon landscape\"><a href=\"https:\/\/infonewss.com\/wp-content\/uploads\/2023\/09\/Belem-vence-Paulistana-por-2-%C3%97-1-em-jogo-de-ida-das-quartas-de-finais-da-II-Copa-AMVI-IMG_1839.jpg\"><img loading=\"lazy\" decoding=\"async\" class=\"attachment-medium size-medium lazyloaded\" src=\"https:\/\/infonewss.com\/wp-content\/uploads\/2023\/09\/Belem-vence-Paulistana-por-2-%C3%97-1-em-jogo-de-ida-das-quartas-de-finais-da-II-Copa-AMVI-IMG_1839-300x200.jpg\" sizes=\"(max-width: 300px) 100vw, 300px\" srcset=\"https:\/\/infonewss.com\/wp-content\/uploads\/2023\/09\/Belem-vence-Paulistana-por-2-\u00d7-1-em-jogo-de-ida-das-quartas-de-finais-da-II-Copa-AMVI-IMG_1839-300x200.jpg 300w, https:\/\/infonewss.com\/wp-content\/uploads\/2023\/09\/Belem-vence-Paulistana-por-2-\u00d7-1-em-jogo-de-ida-das-quartas-de-finais-da-II-Copa-AMVI-IMG_1839-768x512.jpg 768w, https:\/\/infonewss.com\/wp-content\/uploads\/2023\/09\/Belem-vence-Paulistana-por-2-\u00d7-1-em-jogo-de-ida-das-quartas-de-finais-da-II-Copa-AMVI-IMG_1839-150x100.jpg 150w, https:\/\/infonewss.com\/wp-content\/uploads\/2023\/09\/Belem-vence-Paulistana-por-2-\u00d7-1-em-jogo-de-ida-das-quartas-de-finais-da-II-Copa-AMVI-IMG_1839-696x464.jpg 696w, https:\/\/infonewss.com\/wp-content\/uploads\/2023\/09\/Belem-vence-Paulistana-por-2-\u00d7-1-em-jogo-de-ida-das-quartas-de-finais-da-II-Copa-AMVI-IMG_1839.jpg 900w\" alt=\"\" width=\"300\" height=\"200\" data-srcset=\"https:\/\/infonewss.com\/wp-content\/uploads\/2023\/09\/Belem-vence-Paulistana-por-2-\u00d7-1-em-jogo-de-ida-das-quartas-de-finais-da-II-Copa-AMVI-IMG_1839-300x200.jpg 300w, https:\/\/infonewss.com\/wp-content\/uploads\/2023\/09\/Belem-vence-Paulistana-por-2-\u00d7-1-em-jogo-de-ida-das-quartas-de-finais-da-II-Copa-AMVI-IMG_1839-768x512.jpg 768w, https:\/\/infonewss.com\/wp-content\/uploads\/2023\/09\/Belem-vence-Paulistana-por-2-\u00d7-1-em-jogo-de-ida-das-quartas-de-finais-da-II-Copa-AMVI-IMG_1839-150x100.jpg 150w, https:\/\/infonewss.com\/wp-content\/uploads\/2023\/09\/Belem-vence-Paulistana-por-2-\u00d7-1-em-jogo-de-ida-das-quartas-de-finais-da-II-Copa-AMVI-IMG_1839-696x464.jpg 696w, https:\/\/infonewss.com\/wp-content\/uploads\/2023\/09\/Belem-vence-Paulistana-por-2-\u00d7-1-em-jogo-de-ida-das-quartas-de-finais-da-II-Copa-AMVI-IMG_1839.jpg 900w\" data-src=\"https:\/\/infonewss.com\/wp-content\/uploads\/2023\/09\/Belem-vence-Paulistana-por-2-\u00d7-1-em-jogo-de-ida-das-quartas-de-finais-da-II-Copa-AMVI-IMG_1839-300x200.jpg\" data-sizes=\"(max-width: 300px) 100vw, 300px\" \/><\/a><\/div>\n<\/figure>\n<figure class=\"gallery-item\">\n<div class=\"gallery-icon landscape\"><a href=\"https:\/\/infonewss.com\/wp-content\/uploads\/2023\/09\/Belem-vence-Paulistana-por-2-%C3%97-1-em-jogo-de-ida-das-quartas-de-finais-da-II-Copa-AMVI-IMG_1841.jpg\"><img loading=\"lazy\" decoding=\"async\" class=\"attachment-medium size-medium lazyloaded\" src=\"https:\/\/infonewss.com\/wp-content\/uploads\/2023\/09\/Belem-vence-Paulistana-por-2-%C3%97-1-em-jogo-de-ida-das-quartas-de-finais-da-II-Copa-AMVI-IMG_1841-300x200.jpg\" sizes=\"(max-width: 300px) 100vw, 300px\" srcset=\"https:\/\/infonewss.com\/wp-content\/uploads\/2023\/09\/Belem-vence-Paulistana-por-2-\u00d7-1-em-jogo-de-ida-das-quartas-de-finais-da-II-Copa-AMVI-IMG_1841-300x200.jpg 300w, https:\/\/infonewss.com\/wp-content\/uploads\/2023\/09\/Belem-vence-Paulistana-por-2-\u00d7-1-em-jogo-de-ida-das-quartas-de-finais-da-II-Copa-AMVI-IMG_1841-768x512.jpg 768w, https:\/\/infonewss.com\/wp-content\/uploads\/2023\/09\/Belem-vence-Paulistana-por-2-\u00d7-1-em-jogo-de-ida-das-quartas-de-finais-da-II-Copa-AMVI-IMG_1841-150x100.jpg 150w, https:\/\/infonewss.com\/wp-content\/uploads\/2023\/09\/Belem-vence-Paulistana-por-2-\u00d7-1-em-jogo-de-ida-das-quartas-de-finais-da-II-Copa-AMVI-IMG_1841-696x464.jpg 696w, https:\/\/infonewss.com\/wp-content\/uploads\/2023\/09\/Belem-vence-Paulistana-por-2-\u00d7-1-em-jogo-de-ida-das-quartas-de-finais-da-II-Copa-AMVI-IMG_1841.jpg 900w\" alt=\"\" width=\"300\" height=\"200\" data-srcset=\"https:\/\/infonewss.com\/wp-content\/uploads\/2023\/09\/Belem-vence-Paulistana-por-2-\u00d7-1-em-jogo-de-ida-das-quartas-de-finais-da-II-Copa-AMVI-IMG_1841-300x200.jpg 300w, https:\/\/infonewss.com\/wp-content\/uploads\/2023\/09\/Belem-vence-Paulistana-por-2-\u00d7-1-em-jogo-de-ida-das-quartas-de-finais-da-II-Copa-AMVI-IMG_1841-768x512.jpg 768w, https:\/\/infonewss.com\/wp-content\/uploads\/2023\/09\/Belem-vence-Paulistana-por-2-\u00d7-1-em-jogo-de-ida-das-quartas-de-finais-da-II-Copa-AMVI-IMG_1841-150x100.jpg 150w, https:\/\/infonewss.com\/wp-content\/uploads\/2023\/09\/Belem-vence-Paulistana-por-2-\u00d7-1-em-jogo-de-ida-das-quartas-de-finais-da-II-Copa-AMVI-IMG_1841-696x464.jpg 696w, https:\/\/infonewss.com\/wp-content\/uploads\/2023\/09\/Belem-vence-Paulistana-por-2-\u00d7-1-em-jogo-de-ida-das-quartas-de-finais-da-II-Copa-AMVI-IMG_1841.jpg 900w\" data-src=\"https:\/\/infonewss.com\/wp-content\/uploads\/2023\/09\/Belem-vence-Paulistana-por-2-\u00d7-1-em-jogo-de-ida-das-quartas-de-finais-da-II-Copa-AMVI-IMG_1841-300x200.jpg\" data-sizes=\"(max-width: 300px) 100vw, 300px\" \/><\/a><\/div>\n<\/figure>\n<figure class=\"gallery-item\">\n<div class=\"gallery-icon landscape\"><a href=\"https:\/\/infonewss.com\/wp-content\/uploads\/2023\/09\/Belem-vence-Paulistana-por-2-%C3%97-1-em-jogo-de-ida-das-quartas-de-finais-da-II-Copa-AMVI-IMG_1843.jpg\"><img loading=\"lazy\" decoding=\"async\" class=\"attachment-medium size-medium lazyloaded\" src=\"https:\/\/infonewss.com\/wp-content\/uploads\/2023\/09\/Belem-vence-Paulistana-por-2-%C3%97-1-em-jogo-de-ida-das-quartas-de-finais-da-II-Copa-AMVI-IMG_1843-300x200.jpg\" sizes=\"(max-width: 300px) 100vw, 300px\" srcset=\"https:\/\/infonewss.com\/wp-content\/uploads\/2023\/09\/Belem-vence-Paulistana-por-2-\u00d7-1-em-jogo-de-ida-das-quartas-de-finais-da-II-Copa-AMVI-IMG_1843-300x200.jpg 300w, https:\/\/infonewss.com\/wp-content\/uploads\/2023\/09\/Belem-vence-Paulistana-por-2-\u00d7-1-em-jogo-de-ida-das-quartas-de-finais-da-II-Copa-AMVI-IMG_1843-768x512.jpg 768w, https:\/\/infonewss.com\/wp-content\/uploads\/2023\/09\/Belem-vence-Paulistana-por-2-\u00d7-1-em-jogo-de-ida-das-quartas-de-finais-da-II-Copa-AMVI-IMG_1843-150x100.jpg 150w, https:\/\/infonewss.com\/wp-content\/uploads\/2023\/09\/Belem-vence-Paulistana-por-2-\u00d7-1-em-jogo-de-ida-das-quartas-de-finais-da-II-Copa-AMVI-IMG_1843-696x464.jpg 696w, https:\/\/infonewss.com\/wp-content\/uploads\/2023\/09\/Belem-vence-Paulistana-por-2-\u00d7-1-em-jogo-de-ida-das-quartas-de-finais-da-II-Copa-AMVI-IMG_1843.jpg 900w\" alt=\"\" width=\"300\" height=\"200\" data-srcset=\"https:\/\/infonewss.com\/wp-content\/uploads\/2023\/09\/Belem-vence-Paulistana-por-2-\u00d7-1-em-jogo-de-ida-das-quartas-de-finais-da-II-Copa-AMVI-IMG_1843-300x200.jpg 300w, https:\/\/infonewss.com\/wp-content\/uploads\/2023\/09\/Belem-vence-Paulistana-por-2-\u00d7-1-em-jogo-de-ida-das-quartas-de-finais-da-II-Copa-AMVI-IMG_1843-768x512.jpg 768w, https:\/\/infonewss.com\/wp-content\/uploads\/2023\/09\/Belem-vence-Paulistana-por-2-\u00d7-1-em-jogo-de-ida-das-quartas-de-finais-da-II-Copa-AMVI-IMG_1843-150x100.jpg 150w, https:\/\/infonewss.com\/wp-content\/uploads\/2023\/09\/Belem-vence-Paulistana-por-2-\u00d7-1-em-jogo-de-ida-das-quartas-de-finais-da-II-Copa-AMVI-IMG_1843-696x464.jpg 696w, https:\/\/infonewss.com\/wp-content\/uploads\/2023\/09\/Belem-vence-Paulistana-por-2-\u00d7-1-em-jogo-de-ida-das-quartas-de-finais-da-II-Copa-AMVI-IMG_1843.jpg 900w\" data-src=\"https:\/\/infonewss.com\/wp-content\/uploads\/2023\/09\/Belem-vence-Paulistana-por-2-\u00d7-1-em-jogo-de-ida-das-quartas-de-finais-da-II-Copa-AMVI-IMG_1843-300x200.jpg\" data-sizes=\"(max-width: 300px) 100vw, 300px\" \/><\/a><\/div>\n<\/figure>\n<figure class=\"gallery-item\">\n<div class=\"gallery-icon landscape\"><a href=\"https:\/\/infonewss.com\/wp-content\/uploads\/2023\/09\/Belem-vence-Paulistana-por-2-%C3%97-1-em-jogo-de-ida-das-quartas-de-finais-da-II-Copa-AMVI-IMG_1846.jpg\"><img loading=\"lazy\" decoding=\"async\" class=\"attachment-medium size-medium lazyloaded\" src=\"https:\/\/infonewss.com\/wp-content\/uploads\/2023\/09\/Belem-vence-Paulistana-por-2-%C3%97-1-em-jogo-de-ida-das-quartas-de-finais-da-II-Copa-AMVI-IMG_1846-300x200.jpg\" sizes=\"(max-width: 300px) 100vw, 300px\" srcset=\"https:\/\/infonewss.com\/wp-content\/uploads\/2023\/09\/Belem-vence-Paulistana-por-2-\u00d7-1-em-jogo-de-ida-das-quartas-de-finais-da-II-Copa-AMVI-IMG_1846-300x200.jpg 300w, https:\/\/infonewss.com\/wp-content\/uploads\/2023\/09\/Belem-vence-Paulistana-por-2-\u00d7-1-em-jogo-de-ida-das-quartas-de-finais-da-II-Copa-AMVI-IMG_1846-768x512.jpg 768w, https:\/\/infonewss.com\/wp-content\/uploads\/2023\/09\/Belem-vence-Paulistana-por-2-\u00d7-1-em-jogo-de-ida-das-quartas-de-finais-da-II-Copa-AMVI-IMG_1846-150x100.jpg 150w, https:\/\/infonewss.com\/wp-content\/uploads\/2023\/09\/Belem-vence-Paulistana-por-2-\u00d7-1-em-jogo-de-ida-das-quartas-de-finais-da-II-Copa-AMVI-IMG_1846-696x464.jpg 696w, https:\/\/infonewss.com\/wp-content\/uploads\/2023\/09\/Belem-vence-Paulistana-por-2-\u00d7-1-em-jogo-de-ida-das-quartas-de-finais-da-II-Copa-AMVI-IMG_1846.jpg 900w\" alt=\"\" width=\"300\" height=\"200\" data-srcset=\"https:\/\/infonewss.com\/wp-content\/uploads\/2023\/09\/Belem-vence-Paulistana-por-2-\u00d7-1-em-jogo-de-ida-das-quartas-de-finais-da-II-Copa-AMVI-IMG_1846-300x200.jpg 300w, https:\/\/infonewss.com\/wp-content\/uploads\/2023\/09\/Belem-vence-Paulistana-por-2-\u00d7-1-em-jogo-de-ida-das-quartas-de-finais-da-II-Copa-AMVI-IMG_1846-768x512.jpg 768w, https:\/\/infonewss.com\/wp-content\/uploads\/2023\/09\/Belem-vence-Paulistana-por-2-\u00d7-1-em-jogo-de-ida-das-quartas-de-finais-da-II-Copa-AMVI-IMG_1846-150x100.jpg 150w, https:\/\/infonewss.com\/wp-content\/uploads\/2023\/09\/Belem-vence-Paulistana-por-2-\u00d7-1-em-jogo-de-ida-das-quartas-de-finais-da-II-Copa-AMVI-IMG_1846-696x464.jpg 696w, https:\/\/infonewss.com\/wp-content\/uploads\/2023\/09\/Belem-vence-Paulistana-por-2-\u00d7-1-em-jogo-de-ida-das-quartas-de-finais-da-II-Copa-AMVI-IMG_1846.jpg 900w\" data-src=\"https:\/\/infonewss.com\/wp-content\/uploads\/2023\/09\/Belem-vence-Paulistana-por-2-\u00d7-1-em-jogo-de-ida-das-quartas-de-finais-da-II-Copa-AMVI-IMG_1846-300x200.jpg\" data-sizes=\"(max-width: 300px) 100vw, 300px\" \/><\/a><\/div>\n<\/figure>\n<figure class=\"gallery-item\">\n<div class=\"gallery-icon portrait\"><a href=\"https:\/\/infonewss.com\/wp-content\/uploads\/2023\/09\/Belem-vence-Paulistana-por-2-%C3%97-1-em-jogo-de-ida-das-quartas-de-finais-da-II-Copa-AMVI-IMG_1848.jpg\"><img loading=\"lazy\" decoding=\"async\" class=\"attachment-medium size-medium lazyloaded\" src=\"https:\/\/infonewss.com\/wp-content\/uploads\/2023\/09\/Belem-vence-Paulistana-por-2-%C3%97-1-em-jogo-de-ida-das-quartas-de-finais-da-II-Copa-AMVI-IMG_1848-200x300.jpg\" sizes=\"(max-width: 200px) 100vw, 200px\" srcset=\"https:\/\/infonewss.com\/wp-content\/uploads\/2023\/09\/Belem-vence-Paulistana-por-2-\u00d7-1-em-jogo-de-ida-das-quartas-de-finais-da-II-Copa-AMVI-IMG_1848-200x300.jpg 200w, https:\/\/infonewss.com\/wp-content\/uploads\/2023\/09\/Belem-vence-Paulistana-por-2-\u00d7-1-em-jogo-de-ida-das-quartas-de-finais-da-II-Copa-AMVI-IMG_1848-683x1024.jpg 683w, https:\/\/infonewss.com\/wp-content\/uploads\/2023\/09\/Belem-vence-Paulistana-por-2-\u00d7-1-em-jogo-de-ida-das-quartas-de-finais-da-II-Copa-AMVI-IMG_1848-768x1152.jpg 768w, https:\/\/infonewss.com\/wp-content\/uploads\/2023\/09\/Belem-vence-Paulistana-por-2-\u00d7-1-em-jogo-de-ida-das-quartas-de-finais-da-II-Copa-AMVI-IMG_1848-150x225.jpg 150w, https:\/\/infonewss.com\/wp-content\/uploads\/2023\/09\/Belem-vence-Paulistana-por-2-\u00d7-1-em-jogo-de-ida-das-quartas-de-finais-da-II-Copa-AMVI-IMG_1848-300x450.jpg 300w, https:\/\/infonewss.com\/wp-content\/uploads\/2023\/09\/Belem-vence-Paulistana-por-2-\u00d7-1-em-jogo-de-ida-das-quartas-de-finais-da-II-Copa-AMVI-IMG_1848-696x1044.jpg 696w, https:\/\/infonewss.com\/wp-content\/uploads\/2023\/09\/Belem-vence-Paulistana-por-2-\u00d7-1-em-jogo-de-ida-das-quartas-de-finais-da-II-Copa-AMVI-IMG_1848.jpg 900w\" alt=\"\" width=\"200\" height=\"300\" data-srcset=\"https:\/\/infonewss.com\/wp-content\/uploads\/2023\/09\/Belem-vence-Paulistana-por-2-\u00d7-1-em-jogo-de-ida-das-quartas-de-finais-da-II-Copa-AMVI-IMG_1848-200x300.jpg 200w, https:\/\/infonewss.com\/wp-content\/uploads\/2023\/09\/Belem-vence-Paulistana-por-2-\u00d7-1-em-jogo-de-ida-das-quartas-de-finais-da-II-Copa-AMVI-IMG_1848-683x1024.jpg 683w, https:\/\/infonewss.com\/wp-content\/uploads\/2023\/09\/Belem-vence-Paulistana-por-2-\u00d7-1-em-jogo-de-ida-das-quartas-de-finais-da-II-Copa-AMVI-IMG_1848-768x1152.jpg 768w, https:\/\/infonewss.com\/wp-content\/uploads\/2023\/09\/Belem-vence-Paulistana-por-2-\u00d7-1-em-jogo-de-ida-das-quartas-de-finais-da-II-Copa-AMVI-IMG_1848-150x225.jpg 150w, https:\/\/infonewss.com\/wp-content\/uploads\/2023\/09\/Belem-vence-Paulistana-por-2-\u00d7-1-em-jogo-de-ida-das-quartas-de-finais-da-II-Copa-AMVI-IMG_1848-300x450.jpg 300w, https:\/\/infonewss.com\/wp-content\/uploads\/2023\/09\/Belem-vence-Paulistana-por-2-\u00d7-1-em-jogo-de-ida-das-quartas-de-finais-da-II-Copa-AMVI-IMG_1848-696x1044.jpg 696w, https:\/\/infonewss.com\/wp-content\/uploads\/2023\/09\/Belem-vence-Paulistana-por-2-\u00d7-1-em-jogo-de-ida-das-quartas-de-finais-da-II-Copa-AMVI-IMG_1848.jpg 900w\" data-src=\"https:\/\/infonewss.com\/wp-content\/uploads\/2023\/09\/Belem-vence-Paulistana-por-2-\u00d7-1-em-jogo-de-ida-das-quartas-de-finais-da-II-Copa-AMVI-IMG_1848-200x300.jpg\" data-sizes=\"(max-width: 200px) 100vw, 200px\" \/><\/a><\/div>\n<\/figure>\n<figure class=\"gallery-item\">\n<div class=\"gallery-icon landscape\"><a href=\"https:\/\/infonewss.com\/wp-content\/uploads\/2023\/09\/Belem-vence-Paulistana-por-2-%C3%97-1-em-jogo-de-ida-das-quartas-de-finais-da-II-Copa-AMVI-IMG_1852.jpg\"><img loading=\"lazy\" decoding=\"async\" class=\"attachment-medium size-medium lazyloaded\" src=\"https:\/\/infonewss.com\/wp-content\/uploads\/2023\/09\/Belem-vence-Paulistana-por-2-%C3%97-1-em-jogo-de-ida-das-quartas-de-finais-da-II-Copa-AMVI-IMG_1852-300x200.jpg\" sizes=\"(max-width: 300px) 100vw, 300px\" srcset=\"https:\/\/infonewss.com\/wp-content\/uploads\/2023\/09\/Belem-vence-Paulistana-por-2-\u00d7-1-em-jogo-de-ida-das-quartas-de-finais-da-II-Copa-AMVI-IMG_1852-300x200.jpg 300w, https:\/\/infonewss.com\/wp-content\/uploads\/2023\/09\/Belem-vence-Paulistana-por-2-\u00d7-1-em-jogo-de-ida-das-quartas-de-finais-da-II-Copa-AMVI-IMG_1852-768x512.jpg 768w, https:\/\/infonewss.com\/wp-content\/uploads\/2023\/09\/Belem-vence-Paulistana-por-2-\u00d7-1-em-jogo-de-ida-das-quartas-de-finais-da-II-Copa-AMVI-IMG_1852-150x100.jpg 150w, https:\/\/infonewss.com\/wp-content\/uploads\/2023\/09\/Belem-vence-Paulistana-por-2-\u00d7-1-em-jogo-de-ida-das-quartas-de-finais-da-II-Copa-AMVI-IMG_1852-696x464.jpg 696w, https:\/\/infonewss.com\/wp-content\/uploads\/2023\/09\/Belem-vence-Paulistana-por-2-\u00d7-1-em-jogo-de-ida-das-quartas-de-finais-da-II-Copa-AMVI-IMG_1852.jpg 900w\" alt=\"\" width=\"300\" height=\"200\" data-srcset=\"https:\/\/infonewss.com\/wp-content\/uploads\/2023\/09\/Belem-vence-Paulistana-por-2-\u00d7-1-em-jogo-de-ida-das-quartas-de-finais-da-II-Copa-AMVI-IMG_1852-300x200.jpg 300w, https:\/\/infonewss.com\/wp-content\/uploads\/2023\/09\/Belem-vence-Paulistana-por-2-\u00d7-1-em-jogo-de-ida-das-quartas-de-finais-da-II-Copa-AMVI-IMG_1852-768x512.jpg 768w, https:\/\/infonewss.com\/wp-content\/uploads\/2023\/09\/Belem-vence-Paulistana-por-2-\u00d7-1-em-jogo-de-ida-das-quartas-de-finais-da-II-Copa-AMVI-IMG_1852-150x100.jpg 150w, https:\/\/infonewss.com\/wp-content\/uploads\/2023\/09\/Belem-vence-Paulistana-por-2-\u00d7-1-em-jogo-de-ida-das-quartas-de-finais-da-II-Copa-AMVI-IMG_1852-696x464.jpg 696w, https:\/\/infonewss.com\/wp-content\/uploads\/2023\/09\/Belem-vence-Paulistana-por-2-\u00d7-1-em-jogo-de-ida-das-quartas-de-finais-da-II-Copa-AMVI-IMG_1852.jpg 900w\" data-src=\"https:\/\/infonewss.com\/wp-content\/uploads\/2023\/09\/Belem-vence-Paulistana-por-2-\u00d7-1-em-jogo-de-ida-das-quartas-de-finais-da-II-Copa-AMVI-IMG_1852-300x200.jpg\" data-sizes=\"(max-width: 300px) 100vw, 300px\" \/><\/a><\/div>\n<\/figure>\n<figure class=\"gallery-item\">\n<div class=\"gallery-icon landscape\"><a href=\"https:\/\/infonewss.com\/wp-content\/uploads\/2023\/09\/Belem-vence-Paulistana-por-2-%C3%97-1-em-jogo-de-ida-das-quartas-de-finais-da-II-Copa-AMVI-IMG_1854.jpg\"><img loading=\"lazy\" decoding=\"async\" class=\"attachment-medium size-medium lazyloaded\" src=\"https:\/\/infonewss.com\/wp-content\/uploads\/2023\/09\/Belem-vence-Paulistana-por-2-%C3%97-1-em-jogo-de-ida-das-quartas-de-finais-da-II-Copa-AMVI-IMG_1854-300x200.jpg\" sizes=\"(max-width: 300px) 100vw, 300px\" srcset=\"https:\/\/infonewss.com\/wp-content\/uploads\/2023\/09\/Belem-vence-Paulistana-por-2-\u00d7-1-em-jogo-de-ida-das-quartas-de-finais-da-II-Copa-AMVI-IMG_1854-300x200.jpg 300w, https:\/\/infonewss.com\/wp-content\/uploads\/2023\/09\/Belem-vence-Paulistana-por-2-\u00d7-1-em-jogo-de-ida-das-quartas-de-finais-da-II-Copa-AMVI-IMG_1854-768x512.jpg 768w, https:\/\/infonewss.com\/wp-content\/uploads\/2023\/09\/Belem-vence-Paulistana-por-2-\u00d7-1-em-jogo-de-ida-das-quartas-de-finais-da-II-Copa-AMVI-IMG_1854-150x100.jpg 150w, https:\/\/infonewss.com\/wp-content\/uploads\/2023\/09\/Belem-vence-Paulistana-por-2-\u00d7-1-em-jogo-de-ida-das-quartas-de-finais-da-II-Copa-AMVI-IMG_1854-696x464.jpg 696w, https:\/\/infonewss.com\/wp-content\/uploads\/2023\/09\/Belem-vence-Paulistana-por-2-\u00d7-1-em-jogo-de-ida-das-quartas-de-finais-da-II-Copa-AMVI-IMG_1854.jpg 900w\" alt=\"\" width=\"300\" height=\"200\" data-srcset=\"https:\/\/infonewss.com\/wp-content\/uploads\/2023\/09\/Belem-vence-Paulistana-por-2-\u00d7-1-em-jogo-de-ida-das-quartas-de-finais-da-II-Copa-AMVI-IMG_1854-300x200.jpg 300w, https:\/\/infonewss.com\/wp-content\/uploads\/2023\/09\/Belem-vence-Paulistana-por-2-\u00d7-1-em-jogo-de-ida-das-quartas-de-finais-da-II-Copa-AMVI-IMG_1854-768x512.jpg 768w, https:\/\/infonewss.com\/wp-content\/uploads\/2023\/09\/Belem-vence-Paulistana-por-2-\u00d7-1-em-jogo-de-ida-das-quartas-de-finais-da-II-Copa-AMVI-IMG_1854-150x100.jpg 150w, https:\/\/infonewss.com\/wp-content\/uploads\/2023\/09\/Belem-vence-Paulistana-por-2-\u00d7-1-em-jogo-de-ida-das-quartas-de-finais-da-II-Copa-AMVI-IMG_1854-696x464.jpg 696w, https:\/\/infonewss.com\/wp-content\/uploads\/2023\/09\/Belem-vence-Paulistana-por-2-\u00d7-1-em-jogo-de-ida-das-quartas-de-finais-da-II-Copa-AMVI-IMG_1854.jpg 900w\" data-src=\"https:\/\/infonewss.com\/wp-content\/uploads\/2023\/09\/Belem-vence-Paulistana-por-2-\u00d7-1-em-jogo-de-ida-das-quartas-de-finais-da-II-Copa-AMVI-IMG_1854-300x200.jpg\" data-sizes=\"(max-width: 300px) 100vw, 300px\" \/><\/a><\/div>\n<\/figure>\n<figure class=\"gallery-item\">\n<div class=\"gallery-icon landscape\"><a href=\"https:\/\/infonewss.com\/wp-content\/uploads\/2023\/09\/Belem-vence-Paulistana-por-2-%C3%97-1-em-jogo-de-ida-das-quartas-de-finais-da-II-Copa-AMVI-IMG_1857.jpg\"><img loading=\"lazy\" decoding=\"async\" class=\"attachment-medium size-medium lazyloaded\" src=\"https:\/\/infonewss.com\/wp-content\/uploads\/2023\/09\/Belem-vence-Paulistana-por-2-%C3%97-1-em-jogo-de-ida-das-quartas-de-finais-da-II-Copa-AMVI-IMG_1857-300x200.jpg\" sizes=\"(max-width: 300px) 100vw, 300px\" srcset=\"https:\/\/infonewss.com\/wp-content\/uploads\/2023\/09\/Belem-vence-Paulistana-por-2-\u00d7-1-em-jogo-de-ida-das-quartas-de-finais-da-II-Copa-AMVI-IMG_1857-300x200.jpg 300w, https:\/\/infonewss.com\/wp-content\/uploads\/2023\/09\/Belem-vence-Paulistana-por-2-\u00d7-1-em-jogo-de-ida-das-quartas-de-finais-da-II-Copa-AMVI-IMG_1857-768x512.jpg 768w, https:\/\/infonewss.com\/wp-content\/uploads\/2023\/09\/Belem-vence-Paulistana-por-2-\u00d7-1-em-jogo-de-ida-das-quartas-de-finais-da-II-Copa-AMVI-IMG_1857-150x100.jpg 150w, https:\/\/infonewss.com\/wp-content\/uploads\/2023\/09\/Belem-vence-Paulistana-por-2-\u00d7-1-em-jogo-de-ida-das-quartas-de-finais-da-II-Copa-AMVI-IMG_1857-696x464.jpg 696w, https:\/\/infonewss.com\/wp-content\/uploads\/2023\/09\/Belem-vence-Paulistana-por-2-\u00d7-1-em-jogo-de-ida-das-quartas-de-finais-da-II-Copa-AMVI-IMG_1857.jpg 900w\" alt=\"\" width=\"300\" height=\"200\" data-srcset=\"https:\/\/infonewss.com\/wp-content\/uploads\/2023\/09\/Belem-vence-Paulistana-por-2-\u00d7-1-em-jogo-de-ida-das-quartas-de-finais-da-II-Copa-AMVI-IMG_1857-300x200.jpg 300w, https:\/\/infonewss.com\/wp-content\/uploads\/2023\/09\/Belem-vence-Paulistana-por-2-\u00d7-1-em-jogo-de-ida-das-quartas-de-finais-da-II-Copa-AMVI-IMG_1857-768x512.jpg 768w, https:\/\/infonewss.com\/wp-content\/uploads\/2023\/09\/Belem-vence-Paulistana-por-2-\u00d7-1-em-jogo-de-ida-das-quartas-de-finais-da-II-Copa-AMVI-IMG_1857-150x100.jpg 150w, https:\/\/infonewss.com\/wp-content\/uploads\/2023\/09\/Belem-vence-Paulistana-por-2-\u00d7-1-em-jogo-de-ida-das-quartas-de-finais-da-II-Copa-AMVI-IMG_1857-696x464.jpg 696w, https:\/\/infonewss.com\/wp-content\/uploads\/2023\/09\/Belem-vence-Paulistana-por-2-\u00d7-1-em-jogo-de-ida-das-quartas-de-finais-da-II-Copa-AMVI-IMG_1857.jpg 900w\" data-src=\"https:\/\/infonewss.com\/wp-content\/uploads\/2023\/09\/Belem-vence-Paulistana-por-2-\u00d7-1-em-jogo-de-ida-das-quartas-de-finais-da-II-Copa-AMVI-IMG_1857-300x200.jpg\" data-sizes=\"(max-width: 300px) 100vw, 300px\" \/><\/a><\/div>\n<\/figure>\n<figure class=\"gallery-item\">\n<div class=\"gallery-icon landscape\"><a href=\"https:\/\/infonewss.com\/wp-content\/uploads\/2023\/09\/Belem-vence-Paulistana-por-2-%C3%97-1-em-jogo-de-ida-das-quartas-de-finais-da-II-Copa-AMVI-IMG_1858.jpg\"><img loading=\"lazy\" decoding=\"async\" class=\"attachment-medium size-medium lazyloaded\" src=\"https:\/\/infonewss.com\/wp-content\/uploads\/2023\/09\/Belem-vence-Paulistana-por-2-%C3%97-1-em-jogo-de-ida-das-quartas-de-finais-da-II-Copa-AMVI-IMG_1858-300x200.jpg\" sizes=\"(max-width: 300px) 100vw, 300px\" srcset=\"https:\/\/infonewss.com\/wp-content\/uploads\/2023\/09\/Belem-vence-Paulistana-por-2-\u00d7-1-em-jogo-de-ida-das-quartas-de-finais-da-II-Copa-AMVI-IMG_1858-300x200.jpg 300w, https:\/\/infonewss.com\/wp-content\/uploads\/2023\/09\/Belem-vence-Paulistana-por-2-\u00d7-1-em-jogo-de-ida-das-quartas-de-finais-da-II-Copa-AMVI-IMG_1858-768x512.jpg 768w, https:\/\/infonewss.com\/wp-content\/uploads\/2023\/09\/Belem-vence-Paulistana-por-2-\u00d7-1-em-jogo-de-ida-das-quartas-de-finais-da-II-Copa-AMVI-IMG_1858-150x100.jpg 150w, https:\/\/infonewss.com\/wp-content\/uploads\/2023\/09\/Belem-vence-Paulistana-por-2-\u00d7-1-em-jogo-de-ida-das-quartas-de-finais-da-II-Copa-AMVI-IMG_1858-696x464.jpg 696w, https:\/\/infonewss.com\/wp-content\/uploads\/2023\/09\/Belem-vence-Paulistana-por-2-\u00d7-1-em-jogo-de-ida-das-quartas-de-finais-da-II-Copa-AMVI-IMG_1858.jpg 900w\" alt=\"\" width=\"300\" height=\"200\" data-srcset=\"https:\/\/infonewss.com\/wp-content\/uploads\/2023\/09\/Belem-vence-Paulistana-por-2-\u00d7-1-em-jogo-de-ida-das-quartas-de-finais-da-II-Copa-AMVI-IMG_1858-300x200.jpg 300w, https:\/\/infonewss.com\/wp-content\/uploads\/2023\/09\/Belem-vence-Paulistana-por-2-\u00d7-1-em-jogo-de-ida-das-quartas-de-finais-da-II-Copa-AMVI-IMG_1858-768x512.jpg 768w, https:\/\/infonewss.com\/wp-content\/uploads\/2023\/09\/Belem-vence-Paulistana-por-2-\u00d7-1-em-jogo-de-ida-das-quartas-de-finais-da-II-Copa-AMVI-IMG_1858-150x100.jpg 150w, https:\/\/infonewss.com\/wp-content\/uploads\/2023\/09\/Belem-vence-Paulistana-por-2-\u00d7-1-em-jogo-de-ida-das-quartas-de-finais-da-II-Copa-AMVI-IMG_1858-696x464.jpg 696w, https:\/\/infonewss.com\/wp-content\/uploads\/2023\/09\/Belem-vence-Paulistana-por-2-\u00d7-1-em-jogo-de-ida-das-quartas-de-finais-da-II-Copa-AMVI-IMG_1858.jpg 900w\" data-src=\"https:\/\/infonewss.com\/wp-content\/uploads\/2023\/09\/Belem-vence-Paulistana-por-2-\u00d7-1-em-jogo-de-ida-das-quartas-de-finais-da-II-Copa-AMVI-IMG_1858-300x200.jpg\" data-sizes=\"(max-width: 300px) 100vw, 300px\" \/><\/a><\/div>\n<\/figure>\n<figure class=\"gallery-item\">\n<div class=\"gallery-icon landscape\"><a href=\"https:\/\/infonewss.com\/wp-content\/uploads\/2023\/09\/Belem-vence-Paulistana-por-2-%C3%97-1-em-jogo-de-ida-das-quartas-de-finais-da-II-Copa-AMVI-IMG_1859.jpg\"><img loading=\"lazy\" decoding=\"async\" class=\"attachment-medium size-medium lazyloaded\" src=\"https:\/\/infonewss.com\/wp-content\/uploads\/2023\/09\/Belem-vence-Paulistana-por-2-%C3%97-1-em-jogo-de-ida-das-quartas-de-finais-da-II-Copa-AMVI-IMG_1859-300x200.jpg\" sizes=\"(max-width: 300px) 100vw, 300px\" srcset=\"https:\/\/infonewss.com\/wp-content\/uploads\/2023\/09\/Belem-vence-Paulistana-por-2-\u00d7-1-em-jogo-de-ida-das-quartas-de-finais-da-II-Copa-AMVI-IMG_1859-300x200.jpg 300w, https:\/\/infonewss.com\/wp-content\/uploads\/2023\/09\/Belem-vence-Paulistana-por-2-\u00d7-1-em-jogo-de-ida-das-quartas-de-finais-da-II-Copa-AMVI-IMG_1859-768x512.jpg 768w, https:\/\/infonewss.com\/wp-content\/uploads\/2023\/09\/Belem-vence-Paulistana-por-2-\u00d7-1-em-jogo-de-ida-das-quartas-de-finais-da-II-Copa-AMVI-IMG_1859-150x100.jpg 150w, https:\/\/infonewss.com\/wp-content\/uploads\/2023\/09\/Belem-vence-Paulistana-por-2-\u00d7-1-em-jogo-de-ida-das-quartas-de-finais-da-II-Copa-AMVI-IMG_1859-696x464.jpg 696w, https:\/\/infonewss.com\/wp-content\/uploads\/2023\/09\/Belem-vence-Paulistana-por-2-\u00d7-1-em-jogo-de-ida-das-quartas-de-finais-da-II-Copa-AMVI-IMG_1859.jpg 900w\" alt=\"\" width=\"300\" height=\"200\" data-srcset=\"https:\/\/infonewss.com\/wp-content\/uploads\/2023\/09\/Belem-vence-Paulistana-por-2-\u00d7-1-em-jogo-de-ida-das-quartas-de-finais-da-II-Copa-AMVI-IMG_1859-300x200.jpg 300w, https:\/\/infonewss.com\/wp-content\/uploads\/2023\/09\/Belem-vence-Paulistana-por-2-\u00d7-1-em-jogo-de-ida-das-quartas-de-finais-da-II-Copa-AMVI-IMG_1859-768x512.jpg 768w, https:\/\/infonewss.com\/wp-content\/uploads\/2023\/09\/Belem-vence-Paulistana-por-2-\u00d7-1-em-jogo-de-ida-das-quartas-de-finais-da-II-Copa-AMVI-IMG_1859-150x100.jpg 150w, https:\/\/infonewss.com\/wp-content\/uploads\/2023\/09\/Belem-vence-Paulistana-por-2-\u00d7-1-em-jogo-de-ida-das-quartas-de-finais-da-II-Copa-AMVI-IMG_1859-696x464.jpg 696w, https:\/\/infonewss.com\/wp-content\/uploads\/2023\/09\/Belem-vence-Paulistana-por-2-\u00d7-1-em-jogo-de-ida-das-quartas-de-finais-da-II-Copa-AMVI-IMG_1859.jpg 900w\" data-src=\"https:\/\/infonewss.com\/wp-content\/uploads\/2023\/09\/Belem-vence-Paulistana-por-2-\u00d7-1-em-jogo-de-ida-das-quartas-de-finais-da-II-Copa-AMVI-IMG_1859-300x200.jpg\" data-sizes=\"(max-width: 300px) 100vw, 300px\" \/><\/a><\/div>\n<\/figure>\n<figure class=\"gallery-item\">\n<div class=\"gallery-icon landscape\"><a href=\"https:\/\/infonewss.com\/wp-content\/uploads\/2023\/09\/Belem-vence-Paulistana-por-2-%C3%97-1-em-jogo-de-ida-das-quartas-de-finais-da-II-Copa-AMVI-IMG_1861.jpg\"><img loading=\"lazy\" decoding=\"async\" class=\"attachment-medium size-medium lazyloaded\" src=\"https:\/\/infonewss.com\/wp-content\/uploads\/2023\/09\/Belem-vence-Paulistana-por-2-%C3%97-1-em-jogo-de-ida-das-quartas-de-finais-da-II-Copa-AMVI-IMG_1861-300x200.jpg\" sizes=\"(max-width: 300px) 100vw, 300px\" srcset=\"https:\/\/infonewss.com\/wp-content\/uploads\/2023\/09\/Belem-vence-Paulistana-por-2-\u00d7-1-em-jogo-de-ida-das-quartas-de-finais-da-II-Copa-AMVI-IMG_1861-300x200.jpg 300w, https:\/\/infonewss.com\/wp-content\/uploads\/2023\/09\/Belem-vence-Paulistana-por-2-\u00d7-1-em-jogo-de-ida-das-quartas-de-finais-da-II-Copa-AMVI-IMG_1861-768x512.jpg 768w, https:\/\/infonewss.com\/wp-content\/uploads\/2023\/09\/Belem-vence-Paulistana-por-2-\u00d7-1-em-jogo-de-ida-das-quartas-de-finais-da-II-Copa-AMVI-IMG_1861-150x100.jpg 150w, https:\/\/infonewss.com\/wp-content\/uploads\/2023\/09\/Belem-vence-Paulistana-por-2-\u00d7-1-em-jogo-de-ida-das-quartas-de-finais-da-II-Copa-AMVI-IMG_1861-696x464.jpg 696w, https:\/\/infonewss.com\/wp-content\/uploads\/2023\/09\/Belem-vence-Paulistana-por-2-\u00d7-1-em-jogo-de-ida-das-quartas-de-finais-da-II-Copa-AMVI-IMG_1861.jpg 900w\" alt=\"\" width=\"300\" height=\"200\" data-srcset=\"https:\/\/infonewss.com\/wp-content\/uploads\/2023\/09\/Belem-vence-Paulistana-por-2-\u00d7-1-em-jogo-de-ida-das-quartas-de-finais-da-II-Copa-AMVI-IMG_1861-300x200.jpg 300w, https:\/\/infonewss.com\/wp-content\/uploads\/2023\/09\/Belem-vence-Paulistana-por-2-\u00d7-1-em-jogo-de-ida-das-quartas-de-finais-da-II-Copa-AMVI-IMG_1861-768x512.jpg 768w, https:\/\/infonewss.com\/wp-content\/uploads\/2023\/09\/Belem-vence-Paulistana-por-2-\u00d7-1-em-jogo-de-ida-das-quartas-de-finais-da-II-Copa-AMVI-IMG_1861-150x100.jpg 150w, https:\/\/infonewss.com\/wp-content\/uploads\/2023\/09\/Belem-vence-Paulistana-por-2-\u00d7-1-em-jogo-de-ida-das-quartas-de-finais-da-II-Copa-AMVI-IMG_1861-696x464.jpg 696w, https:\/\/infonewss.com\/wp-content\/uploads\/2023\/09\/Belem-vence-Paulistana-por-2-\u00d7-1-em-jogo-de-ida-das-quartas-de-finais-da-II-Copa-AMVI-IMG_1861.jpg 900w\" data-src=\"https:\/\/infonewss.com\/wp-content\/uploads\/2023\/09\/Belem-vence-Paulistana-por-2-\u00d7-1-em-jogo-de-ida-das-quartas-de-finais-da-II-Copa-AMVI-IMG_1861-300x200.jpg\" data-sizes=\"(max-width: 300px) 100vw, 300px\" \/><\/a><\/div>\n<\/figure>\n<figure class=\"gallery-item\">\n<div class=\"gallery-icon landscape\"><a href=\"https:\/\/infonewss.com\/wp-content\/uploads\/2023\/09\/Belem-vence-Paulistana-por-2-%C3%97-1-em-jogo-de-ida-das-quartas-de-finais-da-II-Copa-AMVI-IMG_1863.jpg\"><img loading=\"lazy\" decoding=\"async\" class=\"attachment-medium size-medium lazyloaded\" src=\"https:\/\/infonewss.com\/wp-content\/uploads\/2023\/09\/Belem-vence-Paulistana-por-2-%C3%97-1-em-jogo-de-ida-das-quartas-de-finais-da-II-Copa-AMVI-IMG_1863-300x200.jpg\" sizes=\"(max-width: 300px) 100vw, 300px\" srcset=\"https:\/\/infonewss.com\/wp-content\/uploads\/2023\/09\/Belem-vence-Paulistana-por-2-\u00d7-1-em-jogo-de-ida-das-quartas-de-finais-da-II-Copa-AMVI-IMG_1863-300x200.jpg 300w, https:\/\/infonewss.com\/wp-content\/uploads\/2023\/09\/Belem-vence-Paulistana-por-2-\u00d7-1-em-jogo-de-ida-das-quartas-de-finais-da-II-Copa-AMVI-IMG_1863-768x512.jpg 768w, https:\/\/infonewss.com\/wp-content\/uploads\/2023\/09\/Belem-vence-Paulistana-por-2-\u00d7-1-em-jogo-de-ida-das-quartas-de-finais-da-II-Copa-AMVI-IMG_1863-150x100.jpg 150w, https:\/\/infonewss.com\/wp-content\/uploads\/2023\/09\/Belem-vence-Paulistana-por-2-\u00d7-1-em-jogo-de-ida-das-quartas-de-finais-da-II-Copa-AMVI-IMG_1863-696x464.jpg 696w, https:\/\/infonewss.com\/wp-content\/uploads\/2023\/09\/Belem-vence-Paulistana-por-2-\u00d7-1-em-jogo-de-ida-das-quartas-de-finais-da-II-Copa-AMVI-IMG_1863.jpg 900w\" alt=\"\" width=\"300\" height=\"200\" data-srcset=\"https:\/\/infonewss.com\/wp-content\/uploads\/2023\/09\/Belem-vence-Paulistana-por-2-\u00d7-1-em-jogo-de-ida-das-quartas-de-finais-da-II-Copa-AMVI-IMG_1863-300x200.jpg 300w, https:\/\/infonewss.com\/wp-content\/uploads\/2023\/09\/Belem-vence-Paulistana-por-2-\u00d7-1-em-jogo-de-ida-das-quartas-de-finais-da-II-Copa-AMVI-IMG_1863-768x512.jpg 768w, https:\/\/infonewss.com\/wp-content\/uploads\/2023\/09\/Belem-vence-Paulistana-por-2-\u00d7-1-em-jogo-de-ida-das-quartas-de-finais-da-II-Copa-AMVI-IMG_1863-150x100.jpg 150w, https:\/\/infonewss.com\/wp-content\/uploads\/2023\/09\/Belem-vence-Paulistana-por-2-\u00d7-1-em-jogo-de-ida-das-quartas-de-finais-da-II-Copa-AMVI-IMG_1863-696x464.jpg 696w, https:\/\/infonewss.com\/wp-content\/uploads\/2023\/09\/Belem-vence-Paulistana-por-2-\u00d7-1-em-jogo-de-ida-das-quartas-de-finais-da-II-Copa-AMVI-IMG_1863.jpg 900w\" data-src=\"https:\/\/infonewss.com\/wp-content\/uploads\/2023\/09\/Belem-vence-Paulistana-por-2-\u00d7-1-em-jogo-de-ida-das-quartas-de-finais-da-II-Copa-AMVI-IMG_1863-300x200.jpg\" data-sizes=\"(max-width: 300px) 100vw, 300px\" \/><\/a><\/div>\n<\/figure>\n<figure class=\"gallery-item\">\n<div class=\"gallery-icon landscape\"><a href=\"https:\/\/infonewss.com\/wp-content\/uploads\/2023\/09\/Belem-vence-Paulistana-por-2-%C3%97-1-em-jogo-de-ida-das-quartas-de-finais-da-II-Copa-AMVI-IMG_1865.jpg\"><img loading=\"lazy\" decoding=\"async\" class=\"attachment-medium size-medium lazyloaded\" src=\"https:\/\/infonewss.com\/wp-content\/uploads\/2023\/09\/Belem-vence-Paulistana-por-2-%C3%97-1-em-jogo-de-ida-das-quartas-de-finais-da-II-Copa-AMVI-IMG_1865-300x200.jpg\" sizes=\"(max-width: 300px) 100vw, 300px\" srcset=\"https:\/\/infonewss.com\/wp-content\/uploads\/2023\/09\/Belem-vence-Paulistana-por-2-\u00d7-1-em-jogo-de-ida-das-quartas-de-finais-da-II-Copa-AMVI-IMG_1865-300x200.jpg 300w, https:\/\/infonewss.com\/wp-content\/uploads\/2023\/09\/Belem-vence-Paulistana-por-2-\u00d7-1-em-jogo-de-ida-das-quartas-de-finais-da-II-Copa-AMVI-IMG_1865-768x512.jpg 768w, https:\/\/infonewss.com\/wp-content\/uploads\/2023\/09\/Belem-vence-Paulistana-por-2-\u00d7-1-em-jogo-de-ida-das-quartas-de-finais-da-II-Copa-AMVI-IMG_1865-150x100.jpg 150w, https:\/\/infonewss.com\/wp-content\/uploads\/2023\/09\/Belem-vence-Paulistana-por-2-\u00d7-1-em-jogo-de-ida-das-quartas-de-finais-da-II-Copa-AMVI-IMG_1865-696x464.jpg 696w, https:\/\/infonewss.com\/wp-content\/uploads\/2023\/09\/Belem-vence-Paulistana-por-2-\u00d7-1-em-jogo-de-ida-das-quartas-de-finais-da-II-Copa-AMVI-IMG_1865.jpg 900w\" alt=\"\" width=\"300\" height=\"200\" data-srcset=\"https:\/\/infonewss.com\/wp-content\/uploads\/2023\/09\/Belem-vence-Paulistana-por-2-\u00d7-1-em-jogo-de-ida-das-quartas-de-finais-da-II-Copa-AMVI-IMG_1865-300x200.jpg 300w, https:\/\/infonewss.com\/wp-content\/uploads\/2023\/09\/Belem-vence-Paulistana-por-2-\u00d7-1-em-jogo-de-ida-das-quartas-de-finais-da-II-Copa-AMVI-IMG_1865-768x512.jpg 768w, https:\/\/infonewss.com\/wp-content\/uploads\/2023\/09\/Belem-vence-Paulistana-por-2-\u00d7-1-em-jogo-de-ida-das-quartas-de-finais-da-II-Copa-AMVI-IMG_1865-150x100.jpg 150w, https:\/\/infonewss.com\/wp-content\/uploads\/2023\/09\/Belem-vence-Paulistana-por-2-\u00d7-1-em-jogo-de-ida-das-quartas-de-finais-da-II-Copa-AMVI-IMG_1865-696x464.jpg 696w, https:\/\/infonewss.com\/wp-content\/uploads\/2023\/09\/Belem-vence-Paulistana-por-2-\u00d7-1-em-jogo-de-ida-das-quartas-de-finais-da-II-Copa-AMVI-IMG_1865.jpg 900w\" data-src=\"https:\/\/infonewss.com\/wp-content\/uploads\/2023\/09\/Belem-vence-Paulistana-por-2-\u00d7-1-em-jogo-de-ida-das-quartas-de-finais-da-II-Copa-AMVI-IMG_1865-300x200.jpg\" data-sizes=\"(max-width: 300px) 100vw, 300px\" \/><\/a><\/div>\n<\/figure>\n<figure class=\"gallery-item\">\n<div class=\"gallery-icon portrait\"><a href=\"https:\/\/infonewss.com\/wp-content\/uploads\/2023\/09\/Belem-vence-Paulistana-por-2-%C3%97-1-em-jogo-de-ida-das-quartas-de-finais-da-II-Copa-AMVI-IMG_1866.jpg\"><img loading=\"lazy\" decoding=\"async\" class=\"attachment-medium size-medium lazyloaded\" src=\"https:\/\/infonewss.com\/wp-content\/uploads\/2023\/09\/Belem-vence-Paulistana-por-2-%C3%97-1-em-jogo-de-ida-das-quartas-de-finais-da-II-Copa-AMVI-IMG_1866-200x300.jpg\" sizes=\"(max-width: 200px) 100vw, 200px\" srcset=\"https:\/\/infonewss.com\/wp-content\/uploads\/2023\/09\/Belem-vence-Paulistana-por-2-\u00d7-1-em-jogo-de-ida-das-quartas-de-finais-da-II-Copa-AMVI-IMG_1866-200x300.jpg 200w, https:\/\/infonewss.com\/wp-content\/uploads\/2023\/09\/Belem-vence-Paulistana-por-2-\u00d7-1-em-jogo-de-ida-das-quartas-de-finais-da-II-Copa-AMVI-IMG_1866-683x1024.jpg 683w, https:\/\/infonewss.com\/wp-content\/uploads\/2023\/09\/Belem-vence-Paulistana-por-2-\u00d7-1-em-jogo-de-ida-das-quartas-de-finais-da-II-Copa-AMVI-IMG_1866-768x1152.jpg 768w, https:\/\/infonewss.com\/wp-content\/uploads\/2023\/09\/Belem-vence-Paulistana-por-2-\u00d7-1-em-jogo-de-ida-das-quartas-de-finais-da-II-Copa-AMVI-IMG_1866-150x225.jpg 150w, https:\/\/infonewss.com\/wp-content\/uploads\/2023\/09\/Belem-vence-Paulistana-por-2-\u00d7-1-em-jogo-de-ida-das-quartas-de-finais-da-II-Copa-AMVI-IMG_1866-300x450.jpg 300w, https:\/\/infonewss.com\/wp-content\/uploads\/2023\/09\/Belem-vence-Paulistana-por-2-\u00d7-1-em-jogo-de-ida-das-quartas-de-finais-da-II-Copa-AMVI-IMG_1866-696x1044.jpg 696w, https:\/\/infonewss.com\/wp-content\/uploads\/2023\/09\/Belem-vence-Paulistana-por-2-\u00d7-1-em-jogo-de-ida-das-quartas-de-finais-da-II-Copa-AMVI-IMG_1866.jpg 900w\" alt=\"\" width=\"200\" height=\"300\" data-srcset=\"https:\/\/infonewss.com\/wp-content\/uploads\/2023\/09\/Belem-vence-Paulistana-por-2-\u00d7-1-em-jogo-de-ida-das-quartas-de-finais-da-II-Copa-AMVI-IMG_1866-200x300.jpg 200w, https:\/\/infonewss.com\/wp-content\/uploads\/2023\/09\/Belem-vence-Paulistana-por-2-\u00d7-1-em-jogo-de-ida-das-quartas-de-finais-da-II-Copa-AMVI-IMG_1866-683x1024.jpg 683w, https:\/\/infonewss.com\/wp-content\/uploads\/2023\/09\/Belem-vence-Paulistana-por-2-\u00d7-1-em-jogo-de-ida-das-quartas-de-finais-da-II-Copa-AMVI-IMG_1866-768x1152.jpg 768w, https:\/\/infonewss.com\/wp-content\/uploads\/2023\/09\/Belem-vence-Paulistana-por-2-\u00d7-1-em-jogo-de-ida-das-quartas-de-finais-da-II-Copa-AMVI-IMG_1866-150x225.jpg 150w, https:\/\/infonewss.com\/wp-content\/uploads\/2023\/09\/Belem-vence-Paulistana-por-2-\u00d7-1-em-jogo-de-ida-das-quartas-de-finais-da-II-Copa-AMVI-IMG_1866-300x450.jpg 300w, https:\/\/infonewss.com\/wp-content\/uploads\/2023\/09\/Belem-vence-Paulistana-por-2-\u00d7-1-em-jogo-de-ida-das-quartas-de-finais-da-II-Copa-AMVI-IMG_1866-696x1044.jpg 696w, https:\/\/infonewss.com\/wp-content\/uploads\/2023\/09\/Belem-vence-Paulistana-por-2-\u00d7-1-em-jogo-de-ida-das-quartas-de-finais-da-II-Copa-AMVI-IMG_1866.jpg 900w\" data-src=\"https:\/\/infonewss.com\/wp-content\/uploads\/2023\/09\/Belem-vence-Paulistana-por-2-\u00d7-1-em-jogo-de-ida-das-quartas-de-finais-da-II-Copa-AMVI-IMG_1866-200x300.jpg\" data-sizes=\"(max-width: 200px) 100vw, 200px\" \/><\/a><\/div>\n<\/figure>\n<figure class=\"gallery-item\">\n<div class=\"gallery-icon portrait\"><a href=\"https:\/\/infonewss.com\/wp-content\/uploads\/2023\/09\/Belem-vence-Paulistana-por-2-%C3%97-1-em-jogo-de-ida-das-quartas-de-finais-da-II-Copa-AMVI-IMG_1868.jpg\"><img loading=\"lazy\" decoding=\"async\" class=\"attachment-medium size-medium lazyloaded\" src=\"https:\/\/infonewss.com\/wp-content\/uploads\/2023\/09\/Belem-vence-Paulistana-por-2-%C3%97-1-em-jogo-de-ida-das-quartas-de-finais-da-II-Copa-AMVI-IMG_1868-200x300.jpg\" sizes=\"(max-width: 200px) 100vw, 200px\" srcset=\"https:\/\/infonewss.com\/wp-content\/uploads\/2023\/09\/Belem-vence-Paulistana-por-2-\u00d7-1-em-jogo-de-ida-das-quartas-de-finais-da-II-Copa-AMVI-IMG_1868-200x300.jpg 200w, https:\/\/infonewss.com\/wp-content\/uploads\/2023\/09\/Belem-vence-Paulistana-por-2-\u00d7-1-em-jogo-de-ida-das-quartas-de-finais-da-II-Copa-AMVI-IMG_1868-683x1024.jpg 683w, https:\/\/infonewss.com\/wp-content\/uploads\/2023\/09\/Belem-vence-Paulistana-por-2-\u00d7-1-em-jogo-de-ida-das-quartas-de-finais-da-II-Copa-AMVI-IMG_1868-768x1152.jpg 768w, https:\/\/infonewss.com\/wp-content\/uploads\/2023\/09\/Belem-vence-Paulistana-por-2-\u00d7-1-em-jogo-de-ida-das-quartas-de-finais-da-II-Copa-AMVI-IMG_1868-150x225.jpg 150w, https:\/\/infonewss.com\/wp-content\/uploads\/2023\/09\/Belem-vence-Paulistana-por-2-\u00d7-1-em-jogo-de-ida-das-quartas-de-finais-da-II-Copa-AMVI-IMG_1868-300x450.jpg 300w, https:\/\/infonewss.com\/wp-content\/uploads\/2023\/09\/Belem-vence-Paulistana-por-2-\u00d7-1-em-jogo-de-ida-das-quartas-de-finais-da-II-Copa-AMVI-IMG_1868-696x1044.jpg 696w, https:\/\/infonewss.com\/wp-content\/uploads\/2023\/09\/Belem-vence-Paulistana-por-2-\u00d7-1-em-jogo-de-ida-das-quartas-de-finais-da-II-Copa-AMVI-IMG_1868.jpg 900w\" alt=\"\" width=\"200\" height=\"300\" data-srcset=\"https:\/\/infonewss.com\/wp-content\/uploads\/2023\/09\/Belem-vence-Paulistana-por-2-\u00d7-1-em-jogo-de-ida-das-quartas-de-finais-da-II-Copa-AMVI-IMG_1868-200x300.jpg 200w, https:\/\/infonewss.com\/wp-content\/uploads\/2023\/09\/Belem-vence-Paulistana-por-2-\u00d7-1-em-jogo-de-ida-das-quartas-de-finais-da-II-Copa-AMVI-IMG_1868-683x1024.jpg 683w, https:\/\/infonewss.com\/wp-content\/uploads\/2023\/09\/Belem-vence-Paulistana-por-2-\u00d7-1-em-jogo-de-ida-das-quartas-de-finais-da-II-Copa-AMVI-IMG_1868-768x1152.jpg 768w, https:\/\/infonewss.com\/wp-content\/uploads\/2023\/09\/Belem-vence-Paulistana-por-2-\u00d7-1-em-jogo-de-ida-das-quartas-de-finais-da-II-Copa-AMVI-IMG_1868-150x225.jpg 150w, https:\/\/infonewss.com\/wp-content\/uploads\/2023\/09\/Belem-vence-Paulistana-por-2-\u00d7-1-em-jogo-de-ida-das-quartas-de-finais-da-II-Copa-AMVI-IMG_1868-300x450.jpg 300w, https:\/\/infonewss.com\/wp-content\/uploads\/2023\/09\/Belem-vence-Paulistana-por-2-\u00d7-1-em-jogo-de-ida-das-quartas-de-finais-da-II-Copa-AMVI-IMG_1868-696x1044.jpg 696w, https:\/\/infonewss.com\/wp-content\/uploads\/2023\/09\/Belem-vence-Paulistana-por-2-\u00d7-1-em-jogo-de-ida-das-quartas-de-finais-da-II-Copa-AMVI-IMG_1868.jpg 900w\" data-src=\"https:\/\/infonewss.com\/wp-content\/uploads\/2023\/09\/Belem-vence-Paulistana-por-2-\u00d7-1-em-jogo-de-ida-das-quartas-de-finais-da-II-Copa-AMVI-IMG_1868-200x300.jpg\" data-sizes=\"(max-width: 200px) 100vw, 200px\" \/><\/a><\/div>\n<\/figure>\n<figure class=\"gallery-item\">\n<div class=\"gallery-icon landscape\"><a href=\"https:\/\/infonewss.com\/wp-content\/uploads\/2023\/09\/Belem-vence-Paulistana-por-2-%C3%97-1-em-jogo-de-ida-das-quartas-de-finais-da-II-Copa-AMVI-IMG_1870.jpg\"><img loading=\"lazy\" decoding=\"async\" class=\"attachment-medium size-medium lazyloaded\" src=\"https:\/\/infonewss.com\/wp-content\/uploads\/2023\/09\/Belem-vence-Paulistana-por-2-%C3%97-1-em-jogo-de-ida-das-quartas-de-finais-da-II-Copa-AMVI-IMG_1870-300x200.jpg\" sizes=\"(max-width: 300px) 100vw, 300px\" srcset=\"https:\/\/infonewss.com\/wp-content\/uploads\/2023\/09\/Belem-vence-Paulistana-por-2-\u00d7-1-em-jogo-de-ida-das-quartas-de-finais-da-II-Copa-AMVI-IMG_1870-300x200.jpg 300w, https:\/\/infonewss.com\/wp-content\/uploads\/2023\/09\/Belem-vence-Paulistana-por-2-\u00d7-1-em-jogo-de-ida-das-quartas-de-finais-da-II-Copa-AMVI-IMG_1870-768x512.jpg 768w, https:\/\/infonewss.com\/wp-content\/uploads\/2023\/09\/Belem-vence-Paulistana-por-2-\u00d7-1-em-jogo-de-ida-das-quartas-de-finais-da-II-Copa-AMVI-IMG_1870-150x100.jpg 150w, https:\/\/infonewss.com\/wp-content\/uploads\/2023\/09\/Belem-vence-Paulistana-por-2-\u00d7-1-em-jogo-de-ida-das-quartas-de-finais-da-II-Copa-AMVI-IMG_1870-696x464.jpg 696w, https:\/\/infonewss.com\/wp-content\/uploads\/2023\/09\/Belem-vence-Paulistana-por-2-\u00d7-1-em-jogo-de-ida-das-quartas-de-finais-da-II-Copa-AMVI-IMG_1870.jpg 900w\" alt=\"\" width=\"300\" height=\"200\" data-srcset=\"https:\/\/infonewss.com\/wp-content\/uploads\/2023\/09\/Belem-vence-Paulistana-por-2-\u00d7-1-em-jogo-de-ida-das-quartas-de-finais-da-II-Copa-AMVI-IMG_1870-300x200.jpg 300w, https:\/\/infonewss.com\/wp-content\/uploads\/2023\/09\/Belem-vence-Paulistana-por-2-\u00d7-1-em-jogo-de-ida-das-quartas-de-finais-da-II-Copa-AMVI-IMG_1870-768x512.jpg 768w, https:\/\/infonewss.com\/wp-content\/uploads\/2023\/09\/Belem-vence-Paulistana-por-2-\u00d7-1-em-jogo-de-ida-das-quartas-de-finais-da-II-Copa-AMVI-IMG_1870-150x100.jpg 150w, https:\/\/infonewss.com\/wp-content\/uploads\/2023\/09\/Belem-vence-Paulistana-por-2-\u00d7-1-em-jogo-de-ida-das-quartas-de-finais-da-II-Copa-AMVI-IMG_1870-696x464.jpg 696w, https:\/\/infonewss.com\/wp-content\/uploads\/2023\/09\/Belem-vence-Paulistana-por-2-\u00d7-1-em-jogo-de-ida-das-quartas-de-finais-da-II-Copa-AMVI-IMG_1870.jpg 900w\" data-src=\"https:\/\/infonewss.com\/wp-content\/uploads\/2023\/09\/Belem-vence-Paulistana-por-2-\u00d7-1-em-jogo-de-ida-das-quartas-de-finais-da-II-Copa-AMVI-IMG_1870-300x200.jpg\" data-sizes=\"(max-width: 300px) 100vw, 300px\" \/><\/a><\/div>\n<\/figure>\n<figure class=\"gallery-item\">\n<div class=\"gallery-icon landscape\"><a href=\"https:\/\/infonewss.com\/wp-content\/uploads\/2023\/09\/Belem-vence-Paulistana-por-2-%C3%97-1-em-jogo-de-ida-das-quartas-de-finais-da-II-Copa-AMVI-IMG_1871.jpg\"><img loading=\"lazy\" decoding=\"async\" class=\"attachment-medium size-medium lazyloaded\" src=\"https:\/\/infonewss.com\/wp-content\/uploads\/2023\/09\/Belem-vence-Paulistana-por-2-%C3%97-1-em-jogo-de-ida-das-quartas-de-finais-da-II-Copa-AMVI-IMG_1871-300x200.jpg\" sizes=\"(max-width: 300px) 100vw, 300px\" srcset=\"https:\/\/infonewss.com\/wp-content\/uploads\/2023\/09\/Belem-vence-Paulistana-por-2-\u00d7-1-em-jogo-de-ida-das-quartas-de-finais-da-II-Copa-AMVI-IMG_1871-300x200.jpg 300w, https:\/\/infonewss.com\/wp-content\/uploads\/2023\/09\/Belem-vence-Paulistana-por-2-\u00d7-1-em-jogo-de-ida-das-quartas-de-finais-da-II-Copa-AMVI-IMG_1871-768x512.jpg 768w, https:\/\/infonewss.com\/wp-content\/uploads\/2023\/09\/Belem-vence-Paulistana-por-2-\u00d7-1-em-jogo-de-ida-das-quartas-de-finais-da-II-Copa-AMVI-IMG_1871-150x100.jpg 150w, https:\/\/infonewss.com\/wp-content\/uploads\/2023\/09\/Belem-vence-Paulistana-por-2-\u00d7-1-em-jogo-de-ida-das-quartas-de-finais-da-II-Copa-AMVI-IMG_1871-696x464.jpg 696w, https:\/\/infonewss.com\/wp-content\/uploads\/2023\/09\/Belem-vence-Paulistana-por-2-\u00d7-1-em-jogo-de-ida-das-quartas-de-finais-da-II-Copa-AMVI-IMG_1871.jpg 900w\" alt=\"\" width=\"300\" height=\"200\" data-srcset=\"https:\/\/infonewss.com\/wp-content\/uploads\/2023\/09\/Belem-vence-Paulistana-por-2-\u00d7-1-em-jogo-de-ida-das-quartas-de-finais-da-II-Copa-AMVI-IMG_1871-300x200.jpg 300w, https:\/\/infonewss.com\/wp-content\/uploads\/2023\/09\/Belem-vence-Paulistana-por-2-\u00d7-1-em-jogo-de-ida-das-quartas-de-finais-da-II-Copa-AMVI-IMG_1871-768x512.jpg 768w, https:\/\/infonewss.com\/wp-content\/uploads\/2023\/09\/Belem-vence-Paulistana-por-2-\u00d7-1-em-jogo-de-ida-das-quartas-de-finais-da-II-Copa-AMVI-IMG_1871-150x100.jpg 150w, https:\/\/infonewss.com\/wp-content\/uploads\/2023\/09\/Belem-vence-Paulistana-por-2-\u00d7-1-em-jogo-de-ida-das-quartas-de-finais-da-II-Copa-AMVI-IMG_1871-696x464.jpg 696w, https:\/\/infonewss.com\/wp-content\/uploads\/2023\/09\/Belem-vence-Paulistana-por-2-\u00d7-1-em-jogo-de-ida-das-quartas-de-finais-da-II-Copa-AMVI-IMG_1871.jpg 900w\" data-src=\"https:\/\/infonewss.com\/wp-content\/uploads\/2023\/09\/Belem-vence-Paulistana-por-2-\u00d7-1-em-jogo-de-ida-das-quartas-de-finais-da-II-Copa-AMVI-IMG_1871-300x200.jpg\" data-sizes=\"(max-width: 300px) 100vw, 300px\" \/><\/a><\/div>\n<\/figure>\n<figure class=\"gallery-item\">\n<div class=\"gallery-icon landscape\"><a href=\"https:\/\/infonewss.com\/wp-content\/uploads\/2023\/09\/Belem-vence-Paulistana-por-2-%C3%97-1-em-jogo-de-ida-das-quartas-de-finais-da-II-Copa-AMVI-IMG_1872.jpg\"><img loading=\"lazy\" decoding=\"async\" class=\"attachment-medium size-medium lazyloaded\" src=\"https:\/\/infonewss.com\/wp-content\/uploads\/2023\/09\/Belem-vence-Paulistana-por-2-%C3%97-1-em-jogo-de-ida-das-quartas-de-finais-da-II-Copa-AMVI-IMG_1872-300x200.jpg\" sizes=\"(max-width: 300px) 100vw, 300px\" srcset=\"https:\/\/infonewss.com\/wp-content\/uploads\/2023\/09\/Belem-vence-Paulistana-por-2-\u00d7-1-em-jogo-de-ida-das-quartas-de-finais-da-II-Copa-AMVI-IMG_1872-300x200.jpg 300w, https:\/\/infonewss.com\/wp-content\/uploads\/2023\/09\/Belem-vence-Paulistana-por-2-\u00d7-1-em-jogo-de-ida-das-quartas-de-finais-da-II-Copa-AMVI-IMG_1872-768x512.jpg 768w, https:\/\/infonewss.com\/wp-content\/uploads\/2023\/09\/Belem-vence-Paulistana-por-2-\u00d7-1-em-jogo-de-ida-das-quartas-de-finais-da-II-Copa-AMVI-IMG_1872-150x100.jpg 150w, https:\/\/infonewss.com\/wp-content\/uploads\/2023\/09\/Belem-vence-Paulistana-por-2-\u00d7-1-em-jogo-de-ida-das-quartas-de-finais-da-II-Copa-AMVI-IMG_1872-696x464.jpg 696w, https:\/\/infonewss.com\/wp-content\/uploads\/2023\/09\/Belem-vence-Paulistana-por-2-\u00d7-1-em-jogo-de-ida-das-quartas-de-finais-da-II-Copa-AMVI-IMG_1872.jpg 900w\" alt=\"\" width=\"300\" height=\"200\" data-srcset=\"https:\/\/infonewss.com\/wp-content\/uploads\/2023\/09\/Belem-vence-Paulistana-por-2-\u00d7-1-em-jogo-de-ida-das-quartas-de-finais-da-II-Copa-AMVI-IMG_1872-300x200.jpg 300w, https:\/\/infonewss.com\/wp-content\/uploads\/2023\/09\/Belem-vence-Paulistana-por-2-\u00d7-1-em-jogo-de-ida-das-quartas-de-finais-da-II-Copa-AMVI-IMG_1872-768x512.jpg 768w, https:\/\/infonewss.com\/wp-content\/uploads\/2023\/09\/Belem-vence-Paulistana-por-2-\u00d7-1-em-jogo-de-ida-das-quartas-de-finais-da-II-Copa-AMVI-IMG_1872-150x100.jpg 150w, https:\/\/infonewss.com\/wp-content\/uploads\/2023\/09\/Belem-vence-Paulistana-por-2-\u00d7-1-em-jogo-de-ida-das-quartas-de-finais-da-II-Copa-AMVI-IMG_1872-696x464.jpg 696w, https:\/\/infonewss.com\/wp-content\/uploads\/2023\/09\/Belem-vence-Paulistana-por-2-\u00d7-1-em-jogo-de-ida-das-quartas-de-finais-da-II-Copa-AMVI-IMG_1872.jpg 900w\" data-src=\"https:\/\/infonewss.com\/wp-content\/uploads\/2023\/09\/Belem-vence-Paulistana-por-2-\u00d7-1-em-jogo-de-ida-das-quartas-de-finais-da-II-Copa-AMVI-IMG_1872-300x200.jpg\" data-sizes=\"(max-width: 300px) 100vw, 300px\" \/><\/a><\/div>\n<\/figure>\n<figure class=\"gallery-item\">\n<div class=\"gallery-icon landscape\"><a href=\"https:\/\/infonewss.com\/wp-content\/uploads\/2023\/09\/Belem-vence-Paulistana-por-2-%C3%97-1-em-jogo-de-ida-das-quartas-de-finais-da-II-Copa-AMVI-IMG_1873.jpg\"><img loading=\"lazy\" decoding=\"async\" class=\"attachment-medium size-medium lazyloaded\" src=\"https:\/\/infonewss.com\/wp-content\/uploads\/2023\/09\/Belem-vence-Paulistana-por-2-%C3%97-1-em-jogo-de-ida-das-quartas-de-finais-da-II-Copa-AMVI-IMG_1873-300x200.jpg\" sizes=\"(max-width: 300px) 100vw, 300px\" srcset=\"https:\/\/infonewss.com\/wp-content\/uploads\/2023\/09\/Belem-vence-Paulistana-por-2-\u00d7-1-em-jogo-de-ida-das-quartas-de-finais-da-II-Copa-AMVI-IMG_1873-300x200.jpg 300w, https:\/\/infonewss.com\/wp-content\/uploads\/2023\/09\/Belem-vence-Paulistana-por-2-\u00d7-1-em-jogo-de-ida-das-quartas-de-finais-da-II-Copa-AMVI-IMG_1873-768x512.jpg 768w, https:\/\/infonewss.com\/wp-content\/uploads\/2023\/09\/Belem-vence-Paulistana-por-2-\u00d7-1-em-jogo-de-ida-das-quartas-de-finais-da-II-Copa-AMVI-IMG_1873-150x100.jpg 150w, https:\/\/infonewss.com\/wp-content\/uploads\/2023\/09\/Belem-vence-Paulistana-por-2-\u00d7-1-em-jogo-de-ida-das-quartas-de-finais-da-II-Copa-AMVI-IMG_1873-696x464.jpg 696w, https:\/\/infonewss.com\/wp-content\/uploads\/2023\/09\/Belem-vence-Paulistana-por-2-\u00d7-1-em-jogo-de-ida-das-quartas-de-finais-da-II-Copa-AMVI-IMG_1873.jpg 900w\" alt=\"\" width=\"300\" height=\"200\" data-srcset=\"https:\/\/infonewss.com\/wp-content\/uploads\/2023\/09\/Belem-vence-Paulistana-por-2-\u00d7-1-em-jogo-de-ida-das-quartas-de-finais-da-II-Copa-AMVI-IMG_1873-300x200.jpg 300w, https:\/\/infonewss.com\/wp-content\/uploads\/2023\/09\/Belem-vence-Paulistana-por-2-\u00d7-1-em-jogo-de-ida-das-quartas-de-finais-da-II-Copa-AMVI-IMG_1873-768x512.jpg 768w, https:\/\/infonewss.com\/wp-content\/uploads\/2023\/09\/Belem-vence-Paulistana-por-2-\u00d7-1-em-jogo-de-ida-das-quartas-de-finais-da-II-Copa-AMVI-IMG_1873-150x100.jpg 150w, https:\/\/infonewss.com\/wp-content\/uploads\/2023\/09\/Belem-vence-Paulistana-por-2-\u00d7-1-em-jogo-de-ida-das-quartas-de-finais-da-II-Copa-AMVI-IMG_1873-696x464.jpg 696w, https:\/\/infonewss.com\/wp-content\/uploads\/2023\/09\/Belem-vence-Paulistana-por-2-\u00d7-1-em-jogo-de-ida-das-quartas-de-finais-da-II-Copa-AMVI-IMG_1873.jpg 900w\" data-src=\"https:\/\/infonewss.com\/wp-content\/uploads\/2023\/09\/Belem-vence-Paulistana-por-2-\u00d7-1-em-jogo-de-ida-das-quartas-de-finais-da-II-Copa-AMVI-IMG_1873-300x200.jpg\" data-sizes=\"(max-width: 300px) 100vw, 300px\" \/><\/a><\/div>\n<\/figure>\n<figure class=\"gallery-item\">\n<div class=\"gallery-icon landscape\"><a href=\"https:\/\/infonewss.com\/wp-content\/uploads\/2023\/09\/Belem-vence-Paulistana-por-2-%C3%97-1-em-jogo-de-ida-das-quartas-de-finais-da-II-Copa-AMVI-IMG_1874.jpg\"><img loading=\"lazy\" decoding=\"async\" class=\"attachment-medium size-medium lazyloaded\" src=\"https:\/\/infonewss.com\/wp-content\/uploads\/2023\/09\/Belem-vence-Paulistana-por-2-%C3%97-1-em-jogo-de-ida-das-quartas-de-finais-da-II-Copa-AMVI-IMG_1874-300x200.jpg\" sizes=\"(max-width: 300px) 100vw, 300px\" srcset=\"https:\/\/infonewss.com\/wp-content\/uploads\/2023\/09\/Belem-vence-Paulistana-por-2-\u00d7-1-em-jogo-de-ida-das-quartas-de-finais-da-II-Copa-AMVI-IMG_1874-300x200.jpg 300w, https:\/\/infonewss.com\/wp-content\/uploads\/2023\/09\/Belem-vence-Paulistana-por-2-\u00d7-1-em-jogo-de-ida-das-quartas-de-finais-da-II-Copa-AMVI-IMG_1874-768x512.jpg 768w, https:\/\/infonewss.com\/wp-content\/uploads\/2023\/09\/Belem-vence-Paulistana-por-2-\u00d7-1-em-jogo-de-ida-das-quartas-de-finais-da-II-Copa-AMVI-IMG_1874-150x100.jpg 150w, https:\/\/infonewss.com\/wp-content\/uploads\/2023\/09\/Belem-vence-Paulistana-por-2-\u00d7-1-em-jogo-de-ida-das-quartas-de-finais-da-II-Copa-AMVI-IMG_1874-696x464.jpg 696w, https:\/\/infonewss.com\/wp-content\/uploads\/2023\/09\/Belem-vence-Paulistana-por-2-\u00d7-1-em-jogo-de-ida-das-quartas-de-finais-da-II-Copa-AMVI-IMG_1874.jpg 900w\" alt=\"\" width=\"300\" height=\"200\" data-srcset=\"https:\/\/infonewss.com\/wp-content\/uploads\/2023\/09\/Belem-vence-Paulistana-por-2-\u00d7-1-em-jogo-de-ida-das-quartas-de-finais-da-II-Copa-AMVI-IMG_1874-300x200.jpg 300w, https:\/\/infonewss.com\/wp-content\/uploads\/2023\/09\/Belem-vence-Paulistana-por-2-\u00d7-1-em-jogo-de-ida-das-quartas-de-finais-da-II-Copa-AMVI-IMG_1874-768x512.jpg 768w, https:\/\/infonewss.com\/wp-content\/uploads\/2023\/09\/Belem-vence-Paulistana-por-2-\u00d7-1-em-jogo-de-ida-das-quartas-de-finais-da-II-Copa-AMVI-IMG_1874-150x100.jpg 150w, https:\/\/infonewss.com\/wp-content\/uploads\/2023\/09\/Belem-vence-Paulistana-por-2-\u00d7-1-em-jogo-de-ida-das-quartas-de-finais-da-II-Copa-AMVI-IMG_1874-696x464.jpg 696w, https:\/\/infonewss.com\/wp-content\/uploads\/2023\/09\/Belem-vence-Paulistana-por-2-\u00d7-1-em-jogo-de-ida-das-quartas-de-finais-da-II-Copa-AMVI-IMG_1874.jpg 900w\" data-src=\"https:\/\/infonewss.com\/wp-content\/uploads\/2023\/09\/Belem-vence-Paulistana-por-2-\u00d7-1-em-jogo-de-ida-das-quartas-de-finais-da-II-Copa-AMVI-IMG_1874-300x200.jpg\" data-sizes=\"(max-width: 300px) 100vw, 300px\" \/><\/a><\/div>\n<\/figure>\n<figure class=\"gallery-item\">\n<div class=\"gallery-icon portrait\"><a href=\"https:\/\/infonewss.com\/wp-content\/uploads\/2023\/09\/Belem-vence-Paulistana-por-2-%C3%97-1-em-jogo-de-ida-das-quartas-de-finais-da-II-Copa-AMVI-IMG_1877.jpg\"><img loading=\"lazy\" decoding=\"async\" class=\"attachment-medium size-medium lazyloaded\" src=\"https:\/\/infonewss.com\/wp-content\/uploads\/2023\/09\/Belem-vence-Paulistana-por-2-%C3%97-1-em-jogo-de-ida-das-quartas-de-finais-da-II-Copa-AMVI-IMG_1877-200x300.jpg\" sizes=\"(max-width: 200px) 100vw, 200px\" srcset=\"https:\/\/infonewss.com\/wp-content\/uploads\/2023\/09\/Belem-vence-Paulistana-por-2-\u00d7-1-em-jogo-de-ida-das-quartas-de-finais-da-II-Copa-AMVI-IMG_1877-200x300.jpg 200w, https:\/\/infonewss.com\/wp-content\/uploads\/2023\/09\/Belem-vence-Paulistana-por-2-\u00d7-1-em-jogo-de-ida-das-quartas-de-finais-da-II-Copa-AMVI-IMG_1877-683x1024.jpg 683w, https:\/\/infonewss.com\/wp-content\/uploads\/2023\/09\/Belem-vence-Paulistana-por-2-\u00d7-1-em-jogo-de-ida-das-quartas-de-finais-da-II-Copa-AMVI-IMG_1877-768x1152.jpg 768w, https:\/\/infonewss.com\/wp-content\/uploads\/2023\/09\/Belem-vence-Paulistana-por-2-\u00d7-1-em-jogo-de-ida-das-quartas-de-finais-da-II-Copa-AMVI-IMG_1877-150x225.jpg 150w, https:\/\/infonewss.com\/wp-content\/uploads\/2023\/09\/Belem-vence-Paulistana-por-2-\u00d7-1-em-jogo-de-ida-das-quartas-de-finais-da-II-Copa-AMVI-IMG_1877-300x450.jpg 300w, https:\/\/infonewss.com\/wp-content\/uploads\/2023\/09\/Belem-vence-Paulistana-por-2-\u00d7-1-em-jogo-de-ida-das-quartas-de-finais-da-II-Copa-AMVI-IMG_1877-696x1044.jpg 696w, https:\/\/infonewss.com\/wp-content\/uploads\/2023\/09\/Belem-vence-Paulistana-por-2-\u00d7-1-em-jogo-de-ida-das-quartas-de-finais-da-II-Copa-AMVI-IMG_1877.jpg 900w\" alt=\"\" width=\"200\" height=\"300\" data-srcset=\"https:\/\/infonewss.com\/wp-content\/uploads\/2023\/09\/Belem-vence-Paulistana-por-2-\u00d7-1-em-jogo-de-ida-das-quartas-de-finais-da-II-Copa-AMVI-IMG_1877-200x300.jpg 200w, https:\/\/infonewss.com\/wp-content\/uploads\/2023\/09\/Belem-vence-Paulistana-por-2-\u00d7-1-em-jogo-de-ida-das-quartas-de-finais-da-II-Copa-AMVI-IMG_1877-683x1024.jpg 683w, https:\/\/infonewss.com\/wp-content\/uploads\/2023\/09\/Belem-vence-Paulistana-por-2-\u00d7-1-em-jogo-de-ida-das-quartas-de-finais-da-II-Copa-AMVI-IMG_1877-768x1152.jpg 768w, https:\/\/infonewss.com\/wp-content\/uploads\/2023\/09\/Belem-vence-Paulistana-por-2-\u00d7-1-em-jogo-de-ida-das-quartas-de-finais-da-II-Copa-AMVI-IMG_1877-150x225.jpg 150w, https:\/\/infonewss.com\/wp-content\/uploads\/2023\/09\/Belem-vence-Paulistana-por-2-\u00d7-1-em-jogo-de-ida-das-quartas-de-finais-da-II-Copa-AMVI-IMG_1877-300x450.jpg 300w, https:\/\/infonewss.com\/wp-content\/uploads\/2023\/09\/Belem-vence-Paulistana-por-2-\u00d7-1-em-jogo-de-ida-das-quartas-de-finais-da-II-Copa-AMVI-IMG_1877-696x1044.jpg 696w, https:\/\/infonewss.com\/wp-content\/uploads\/2023\/09\/Belem-vence-Paulistana-por-2-\u00d7-1-em-jogo-de-ida-das-quartas-de-finais-da-II-Copa-AMVI-IMG_1877.jpg 900w\" data-src=\"https:\/\/infonewss.com\/wp-content\/uploads\/2023\/09\/Belem-vence-Paulistana-por-2-\u00d7-1-em-jogo-de-ida-das-quartas-de-finais-da-II-Copa-AMVI-IMG_1877-200x300.jpg\" data-sizes=\"(max-width: 200px) 100vw, 200px\" \/><\/a><\/div>\n<\/figure>\n<figure class=\"gallery-item\">\n<div class=\"gallery-icon landscape\"><a href=\"https:\/\/infonewss.com\/wp-content\/uploads\/2023\/09\/Belem-vence-Paulistana-por-2-%C3%97-1-em-jogo-de-ida-das-quartas-de-finais-da-II-Copa-AMVI-IMG_1878.jpg\"><img loading=\"lazy\" decoding=\"async\" class=\"attachment-medium size-medium lazyloaded\" src=\"https:\/\/infonewss.com\/wp-content\/uploads\/2023\/09\/Belem-vence-Paulistana-por-2-%C3%97-1-em-jogo-de-ida-das-quartas-de-finais-da-II-Copa-AMVI-IMG_1878-300x200.jpg\" sizes=\"(max-width: 300px) 100vw, 300px\" srcset=\"https:\/\/infonewss.com\/wp-content\/uploads\/2023\/09\/Belem-vence-Paulistana-por-2-\u00d7-1-em-jogo-de-ida-das-quartas-de-finais-da-II-Copa-AMVI-IMG_1878-300x200.jpg 300w, https:\/\/infonewss.com\/wp-content\/uploads\/2023\/09\/Belem-vence-Paulistana-por-2-\u00d7-1-em-jogo-de-ida-das-quartas-de-finais-da-II-Copa-AMVI-IMG_1878-768x512.jpg 768w, https:\/\/infonewss.com\/wp-content\/uploads\/2023\/09\/Belem-vence-Paulistana-por-2-\u00d7-1-em-jogo-de-ida-das-quartas-de-finais-da-II-Copa-AMVI-IMG_1878-150x100.jpg 150w, https:\/\/infonewss.com\/wp-content\/uploads\/2023\/09\/Belem-vence-Paulistana-por-2-\u00d7-1-em-jogo-de-ida-das-quartas-de-finais-da-II-Copa-AMVI-IMG_1878-696x464.jpg 696w, https:\/\/infonewss.com\/wp-content\/uploads\/2023\/09\/Belem-vence-Paulistana-por-2-\u00d7-1-em-jogo-de-ida-das-quartas-de-finais-da-II-Copa-AMVI-IMG_1878.jpg 900w\" alt=\"\" width=\"300\" height=\"200\" data-srcset=\"https:\/\/infonewss.com\/wp-content\/uploads\/2023\/09\/Belem-vence-Paulistana-por-2-\u00d7-1-em-jogo-de-ida-das-quartas-de-finais-da-II-Copa-AMVI-IMG_1878-300x200.jpg 300w, https:\/\/infonewss.com\/wp-content\/uploads\/2023\/09\/Belem-vence-Paulistana-por-2-\u00d7-1-em-jogo-de-ida-das-quartas-de-finais-da-II-Copa-AMVI-IMG_1878-768x512.jpg 768w, https:\/\/infonewss.com\/wp-content\/uploads\/2023\/09\/Belem-vence-Paulistana-por-2-\u00d7-1-em-jogo-de-ida-das-quartas-de-finais-da-II-Copa-AMVI-IMG_1878-150x100.jpg 150w, https:\/\/infonewss.com\/wp-content\/uploads\/2023\/09\/Belem-vence-Paulistana-por-2-\u00d7-1-em-jogo-de-ida-das-quartas-de-finais-da-II-Copa-AMVI-IMG_1878-696x464.jpg 696w, https:\/\/infonewss.com\/wp-content\/uploads\/2023\/09\/Belem-vence-Paulistana-por-2-\u00d7-1-em-jogo-de-ida-das-quartas-de-finais-da-II-Copa-AMVI-IMG_1878.jpg 900w\" data-src=\"https:\/\/infonewss.com\/wp-content\/uploads\/2023\/09\/Belem-vence-Paulistana-por-2-\u00d7-1-em-jogo-de-ida-das-quartas-de-finais-da-II-Copa-AMVI-IMG_1878-300x200.jpg\" data-sizes=\"(max-width: 300px) 100vw, 300px\" \/><\/a><\/div>\n<\/figure>\n<figure class=\"gallery-item\">\n<div class=\"gallery-icon landscape\"><a href=\"https:\/\/infonewss.com\/wp-content\/uploads\/2023\/09\/Belem-vence-Paulistana-por-2-%C3%97-1-em-jogo-de-ida-das-quartas-de-finais-da-II-Copa-AMVI-IMG_1881.jpg\"><img loading=\"lazy\" decoding=\"async\" class=\"attachment-medium size-medium lazyloaded\" src=\"https:\/\/infonewss.com\/wp-content\/uploads\/2023\/09\/Belem-vence-Paulistana-por-2-%C3%97-1-em-jogo-de-ida-das-quartas-de-finais-da-II-Copa-AMVI-IMG_1881-300x200.jpg\" sizes=\"(max-width: 300px) 100vw, 300px\" srcset=\"https:\/\/infonewss.com\/wp-content\/uploads\/2023\/09\/Belem-vence-Paulistana-por-2-\u00d7-1-em-jogo-de-ida-das-quartas-de-finais-da-II-Copa-AMVI-IMG_1881-300x200.jpg 300w, https:\/\/infonewss.com\/wp-content\/uploads\/2023\/09\/Belem-vence-Paulistana-por-2-\u00d7-1-em-jogo-de-ida-das-quartas-de-finais-da-II-Copa-AMVI-IMG_1881-768x512.jpg 768w, https:\/\/infonewss.com\/wp-content\/uploads\/2023\/09\/Belem-vence-Paulistana-por-2-\u00d7-1-em-jogo-de-ida-das-quartas-de-finais-da-II-Copa-AMVI-IMG_1881-150x100.jpg 150w, https:\/\/infonewss.com\/wp-content\/uploads\/2023\/09\/Belem-vence-Paulistana-por-2-\u00d7-1-em-jogo-de-ida-das-quartas-de-finais-da-II-Copa-AMVI-IMG_1881-696x464.jpg 696w, https:\/\/infonewss.com\/wp-content\/uploads\/2023\/09\/Belem-vence-Paulistana-por-2-\u00d7-1-em-jogo-de-ida-das-quartas-de-finais-da-II-Copa-AMVI-IMG_1881.jpg 900w\" alt=\"\" width=\"300\" height=\"200\" data-srcset=\"https:\/\/infonewss.com\/wp-content\/uploads\/2023\/09\/Belem-vence-Paulistana-por-2-\u00d7-1-em-jogo-de-ida-das-quartas-de-finais-da-II-Copa-AMVI-IMG_1881-300x200.jpg 300w, https:\/\/infonewss.com\/wp-content\/uploads\/2023\/09\/Belem-vence-Paulistana-por-2-\u00d7-1-em-jogo-de-ida-das-quartas-de-finais-da-II-Copa-AMVI-IMG_1881-768x512.jpg 768w, https:\/\/infonewss.com\/wp-content\/uploads\/2023\/09\/Belem-vence-Paulistana-por-2-\u00d7-1-em-jogo-de-ida-das-quartas-de-finais-da-II-Copa-AMVI-IMG_1881-150x100.jpg 150w, https:\/\/infonewss.com\/wp-content\/uploads\/2023\/09\/Belem-vence-Paulistana-por-2-\u00d7-1-em-jogo-de-ida-das-quartas-de-finais-da-II-Copa-AMVI-IMG_1881-696x464.jpg 696w, https:\/\/infonewss.com\/wp-content\/uploads\/2023\/09\/Belem-vence-Paulistana-por-2-\u00d7-1-em-jogo-de-ida-das-quartas-de-finais-da-II-Copa-AMVI-IMG_1881.jpg 900w\" data-src=\"https:\/\/infonewss.com\/wp-content\/uploads\/2023\/09\/Belem-vence-Paulistana-por-2-\u00d7-1-em-jogo-de-ida-das-quartas-de-finais-da-II-Copa-AMVI-IMG_1881-300x200.jpg\" data-sizes=\"(max-width: 300px) 100vw, 300px\" \/><\/a><\/div>\n<\/figure>\n<figure class=\"gallery-item\">\n<div class=\"gallery-icon portrait\"><a href=\"https:\/\/infonewss.com\/wp-content\/uploads\/2023\/09\/Belem-vence-Paulistana-por-2-%C3%97-1-em-jogo-de-ida-das-quartas-de-finais-da-II-Copa-AMVI-IMG_1884.jpg\"><img loading=\"lazy\" decoding=\"async\" class=\"attachment-medium size-medium lazyloaded\" src=\"https:\/\/infonewss.com\/wp-content\/uploads\/2023\/09\/Belem-vence-Paulistana-por-2-%C3%97-1-em-jogo-de-ida-das-quartas-de-finais-da-II-Copa-AMVI-IMG_1884-200x300.jpg\" sizes=\"(max-width: 200px) 100vw, 200px\" srcset=\"https:\/\/infonewss.com\/wp-content\/uploads\/2023\/09\/Belem-vence-Paulistana-por-2-\u00d7-1-em-jogo-de-ida-das-quartas-de-finais-da-II-Copa-AMVI-IMG_1884-200x300.jpg 200w, https:\/\/infonewss.com\/wp-content\/uploads\/2023\/09\/Belem-vence-Paulistana-por-2-\u00d7-1-em-jogo-de-ida-das-quartas-de-finais-da-II-Copa-AMVI-IMG_1884-683x1024.jpg 683w, https:\/\/infonewss.com\/wp-content\/uploads\/2023\/09\/Belem-vence-Paulistana-por-2-\u00d7-1-em-jogo-de-ida-das-quartas-de-finais-da-II-Copa-AMVI-IMG_1884-768x1152.jpg 768w, https:\/\/infonewss.com\/wp-content\/uploads\/2023\/09\/Belem-vence-Paulistana-por-2-\u00d7-1-em-jogo-de-ida-das-quartas-de-finais-da-II-Copa-AMVI-IMG_1884-150x225.jpg 150w, https:\/\/infonewss.com\/wp-content\/uploads\/2023\/09\/Belem-vence-Paulistana-por-2-\u00d7-1-em-jogo-de-ida-das-quartas-de-finais-da-II-Copa-AMVI-IMG_1884-300x450.jpg 300w, https:\/\/infonewss.com\/wp-content\/uploads\/2023\/09\/Belem-vence-Paulistana-por-2-\u00d7-1-em-jogo-de-ida-das-quartas-de-finais-da-II-Copa-AMVI-IMG_1884-696x1044.jpg 696w, https:\/\/infonewss.com\/wp-content\/uploads\/2023\/09\/Belem-vence-Paulistana-por-2-\u00d7-1-em-jogo-de-ida-das-quartas-de-finais-da-II-Copa-AMVI-IMG_1884.jpg 900w\" alt=\"\" width=\"200\" height=\"300\" data-srcset=\"https:\/\/infonewss.com\/wp-content\/uploads\/2023\/09\/Belem-vence-Paulistana-por-2-\u00d7-1-em-jogo-de-ida-das-quartas-de-finais-da-II-Copa-AMVI-IMG_1884-200x300.jpg 200w, https:\/\/infonewss.com\/wp-content\/uploads\/2023\/09\/Belem-vence-Paulistana-por-2-\u00d7-1-em-jogo-de-ida-das-quartas-de-finais-da-II-Copa-AMVI-IMG_1884-683x1024.jpg 683w, https:\/\/infonewss.com\/wp-content\/uploads\/2023\/09\/Belem-vence-Paulistana-por-2-\u00d7-1-em-jogo-de-ida-das-quartas-de-finais-da-II-Copa-AMVI-IMG_1884-768x1152.jpg 768w, https:\/\/infonewss.com\/wp-content\/uploads\/2023\/09\/Belem-vence-Paulistana-por-2-\u00d7-1-em-jogo-de-ida-das-quartas-de-finais-da-II-Copa-AMVI-IMG_1884-150x225.jpg 150w, https:\/\/infonewss.com\/wp-content\/uploads\/2023\/09\/Belem-vence-Paulistana-por-2-\u00d7-1-em-jogo-de-ida-das-quartas-de-finais-da-II-Copa-AMVI-IMG_1884-300x450.jpg 300w, https:\/\/infonewss.com\/wp-content\/uploads\/2023\/09\/Belem-vence-Paulistana-por-2-\u00d7-1-em-jogo-de-ida-das-quartas-de-finais-da-II-Copa-AMVI-IMG_1884-696x1044.jpg 696w, https:\/\/infonewss.com\/wp-content\/uploads\/2023\/09\/Belem-vence-Paulistana-por-2-\u00d7-1-em-jogo-de-ida-das-quartas-de-finais-da-II-Copa-AMVI-IMG_1884.jpg 900w\" data-src=\"https:\/\/infonewss.com\/wp-content\/uploads\/2023\/09\/Belem-vence-Paulistana-por-2-\u00d7-1-em-jogo-de-ida-das-quartas-de-finais-da-II-Copa-AMVI-IMG_1884-200x300.jpg\" data-sizes=\"(max-width: 200px) 100vw, 200px\" \/><\/a><\/div>\n<\/figure>\n<figure class=\"gallery-item\">\n<div class=\"gallery-icon portrait\"><a href=\"https:\/\/infonewss.com\/wp-content\/uploads\/2023\/09\/Belem-vence-Paulistana-por-2-%C3%97-1-em-jogo-de-ida-das-quartas-de-finais-da-II-Copa-AMVI-IMG_1892.jpg\"><img loading=\"lazy\" decoding=\"async\" class=\"attachment-medium size-medium lazyloaded\" src=\"https:\/\/infonewss.com\/wp-content\/uploads\/2023\/09\/Belem-vence-Paulistana-por-2-%C3%97-1-em-jogo-de-ida-das-quartas-de-finais-da-II-Copa-AMVI-IMG_1892-200x300.jpg\" sizes=\"(max-width: 200px) 100vw, 200px\" srcset=\"https:\/\/infonewss.com\/wp-content\/uploads\/2023\/09\/Belem-vence-Paulistana-por-2-\u00d7-1-em-jogo-de-ida-das-quartas-de-finais-da-II-Copa-AMVI-IMG_1892-200x300.jpg 200w, https:\/\/infonewss.com\/wp-content\/uploads\/2023\/09\/Belem-vence-Paulistana-por-2-\u00d7-1-em-jogo-de-ida-das-quartas-de-finais-da-II-Copa-AMVI-IMG_1892-683x1024.jpg 683w, https:\/\/infonewss.com\/wp-content\/uploads\/2023\/09\/Belem-vence-Paulistana-por-2-\u00d7-1-em-jogo-de-ida-das-quartas-de-finais-da-II-Copa-AMVI-IMG_1892-768x1152.jpg 768w, https:\/\/infonewss.com\/wp-content\/uploads\/2023\/09\/Belem-vence-Paulistana-por-2-\u00d7-1-em-jogo-de-ida-das-quartas-de-finais-da-II-Copa-AMVI-IMG_1892-150x225.jpg 150w, https:\/\/infonewss.com\/wp-content\/uploads\/2023\/09\/Belem-vence-Paulistana-por-2-\u00d7-1-em-jogo-de-ida-das-quartas-de-finais-da-II-Copa-AMVI-IMG_1892-300x450.jpg 300w, https:\/\/infonewss.com\/wp-content\/uploads\/2023\/09\/Belem-vence-Paulistana-por-2-\u00d7-1-em-jogo-de-ida-das-quartas-de-finais-da-II-Copa-AMVI-IMG_1892-696x1044.jpg 696w, https:\/\/infonewss.com\/wp-content\/uploads\/2023\/09\/Belem-vence-Paulistana-por-2-\u00d7-1-em-jogo-de-ida-das-quartas-de-finais-da-II-Copa-AMVI-IMG_1892.jpg 900w\" alt=\"\" width=\"200\" height=\"300\" data-srcset=\"https:\/\/infonewss.com\/wp-content\/uploads\/2023\/09\/Belem-vence-Paulistana-por-2-\u00d7-1-em-jogo-de-ida-das-quartas-de-finais-da-II-Copa-AMVI-IMG_1892-200x300.jpg 200w, https:\/\/infonewss.com\/wp-content\/uploads\/2023\/09\/Belem-vence-Paulistana-por-2-\u00d7-1-em-jogo-de-ida-das-quartas-de-finais-da-II-Copa-AMVI-IMG_1892-683x1024.jpg 683w, https:\/\/infonewss.com\/wp-content\/uploads\/2023\/09\/Belem-vence-Paulistana-por-2-\u00d7-1-em-jogo-de-ida-das-quartas-de-finais-da-II-Copa-AMVI-IMG_1892-768x1152.jpg 768w, https:\/\/infonewss.com\/wp-content\/uploads\/2023\/09\/Belem-vence-Paulistana-por-2-\u00d7-1-em-jogo-de-ida-das-quartas-de-finais-da-II-Copa-AMVI-IMG_1892-150x225.jpg 150w, https:\/\/infonewss.com\/wp-content\/uploads\/2023\/09\/Belem-vence-Paulistana-por-2-\u00d7-1-em-jogo-de-ida-das-quartas-de-finais-da-II-Copa-AMVI-IMG_1892-300x450.jpg 300w, https:\/\/infonewss.com\/wp-content\/uploads\/2023\/09\/Belem-vence-Paulistana-por-2-\u00d7-1-em-jogo-de-ida-das-quartas-de-finais-da-II-Copa-AMVI-IMG_1892-696x1044.jpg 696w, https:\/\/infonewss.com\/wp-content\/uploads\/2023\/09\/Belem-vence-Paulistana-por-2-\u00d7-1-em-jogo-de-ida-das-quartas-de-finais-da-II-Copa-AMVI-IMG_1892.jpg 900w\" data-src=\"https:\/\/infonewss.com\/wp-content\/uploads\/2023\/09\/Belem-vence-Paulistana-por-2-\u00d7-1-em-jogo-de-ida-das-quartas-de-finais-da-II-Copa-AMVI-IMG_1892-200x300.jpg\" data-sizes=\"(max-width: 200px) 100vw, 200px\" \/><\/a><\/div>\n<\/figure>\n<figure class=\"gallery-item\">\n<div class=\"gallery-icon landscape\"><a href=\"https:\/\/infonewss.com\/wp-content\/uploads\/2023\/09\/Belem-vence-Paulistana-por-2-%C3%97-1-em-jogo-de-ida-das-quartas-de-finais-da-II-Copa-AMVI-IMG_1897.jpg\"><img loading=\"lazy\" decoding=\"async\" class=\"attachment-medium size-medium lazyloaded\" src=\"https:\/\/infonewss.com\/wp-content\/uploads\/2023\/09\/Belem-vence-Paulistana-por-2-%C3%97-1-em-jogo-de-ida-das-quartas-de-finais-da-II-Copa-AMVI-IMG_1897-300x200.jpg\" sizes=\"(max-width: 300px) 100vw, 300px\" srcset=\"https:\/\/infonewss.com\/wp-content\/uploads\/2023\/09\/Belem-vence-Paulistana-por-2-\u00d7-1-em-jogo-de-ida-das-quartas-de-finais-da-II-Copa-AMVI-IMG_1897-300x200.jpg 300w, https:\/\/infonewss.com\/wp-content\/uploads\/2023\/09\/Belem-vence-Paulistana-por-2-\u00d7-1-em-jogo-de-ida-das-quartas-de-finais-da-II-Copa-AMVI-IMG_1897-768x512.jpg 768w, https:\/\/infonewss.com\/wp-content\/uploads\/2023\/09\/Belem-vence-Paulistana-por-2-\u00d7-1-em-jogo-de-ida-das-quartas-de-finais-da-II-Copa-AMVI-IMG_1897-150x100.jpg 150w, https:\/\/infonewss.com\/wp-content\/uploads\/2023\/09\/Belem-vence-Paulistana-por-2-\u00d7-1-em-jogo-de-ida-das-quartas-de-finais-da-II-Copa-AMVI-IMG_1897-696x464.jpg 696w, https:\/\/infonewss.com\/wp-content\/uploads\/2023\/09\/Belem-vence-Paulistana-por-2-\u00d7-1-em-jogo-de-ida-das-quartas-de-finais-da-II-Copa-AMVI-IMG_1897.jpg 900w\" alt=\"\" width=\"300\" height=\"200\" data-srcset=\"https:\/\/infonewss.com\/wp-content\/uploads\/2023\/09\/Belem-vence-Paulistana-por-2-\u00d7-1-em-jogo-de-ida-das-quartas-de-finais-da-II-Copa-AMVI-IMG_1897-300x200.jpg 300w, https:\/\/infonewss.com\/wp-content\/uploads\/2023\/09\/Belem-vence-Paulistana-por-2-\u00d7-1-em-jogo-de-ida-das-quartas-de-finais-da-II-Copa-AMVI-IMG_1897-768x512.jpg 768w, https:\/\/infonewss.com\/wp-content\/uploads\/2023\/09\/Belem-vence-Paulistana-por-2-\u00d7-1-em-jogo-de-ida-das-quartas-de-finais-da-II-Copa-AMVI-IMG_1897-150x100.jpg 150w, https:\/\/infonewss.com\/wp-content\/uploads\/2023\/09\/Belem-vence-Paulistana-por-2-\u00d7-1-em-jogo-de-ida-das-quartas-de-finais-da-II-Copa-AMVI-IMG_1897-696x464.jpg 696w, https:\/\/infonewss.com\/wp-content\/uploads\/2023\/09\/Belem-vence-Paulistana-por-2-\u00d7-1-em-jogo-de-ida-das-quartas-de-finais-da-II-Copa-AMVI-IMG_1897.jpg 900w\" data-src=\"https:\/\/infonewss.com\/wp-content\/uploads\/2023\/09\/Belem-vence-Paulistana-por-2-\u00d7-1-em-jogo-de-ida-das-quartas-de-finais-da-II-Copa-AMVI-IMG_1897-300x200.jpg\" data-sizes=\"(max-width: 300px) 100vw, 300px\" \/><\/a><\/div>\n<\/figure>\n<figure class=\"gallery-item\">\n<div class=\"gallery-icon landscape\"><a href=\"https:\/\/infonewss.com\/wp-content\/uploads\/2023\/09\/Belem-vence-Paulistana-por-2-%C3%97-1-em-jogo-de-ida-das-quartas-de-finais-da-II-Copa-AMVI-IMG_1899.jpg\"><img loading=\"lazy\" decoding=\"async\" class=\"attachment-medium size-medium lazyloaded\" src=\"https:\/\/infonewss.com\/wp-content\/uploads\/2023\/09\/Belem-vence-Paulistana-por-2-%C3%97-1-em-jogo-de-ida-das-quartas-de-finais-da-II-Copa-AMVI-IMG_1899-300x200.jpg\" sizes=\"(max-width: 300px) 100vw, 300px\" srcset=\"https:\/\/infonewss.com\/wp-content\/uploads\/2023\/09\/Belem-vence-Paulistana-por-2-\u00d7-1-em-jogo-de-ida-das-quartas-de-finais-da-II-Copa-AMVI-IMG_1899-300x200.jpg 300w, https:\/\/infonewss.com\/wp-content\/uploads\/2023\/09\/Belem-vence-Paulistana-por-2-\u00d7-1-em-jogo-de-ida-das-quartas-de-finais-da-II-Copa-AMVI-IMG_1899-768x512.jpg 768w, https:\/\/infonewss.com\/wp-content\/uploads\/2023\/09\/Belem-vence-Paulistana-por-2-\u00d7-1-em-jogo-de-ida-das-quartas-de-finais-da-II-Copa-AMVI-IMG_1899-150x100.jpg 150w, https:\/\/infonewss.com\/wp-content\/uploads\/2023\/09\/Belem-vence-Paulistana-por-2-\u00d7-1-em-jogo-de-ida-das-quartas-de-finais-da-II-Copa-AMVI-IMG_1899-696x464.jpg 696w, https:\/\/infonewss.com\/wp-content\/uploads\/2023\/09\/Belem-vence-Paulistana-por-2-\u00d7-1-em-jogo-de-ida-das-quartas-de-finais-da-II-Copa-AMVI-IMG_1899.jpg 900w\" alt=\"\" width=\"300\" height=\"200\" data-srcset=\"https:\/\/infonewss.com\/wp-content\/uploads\/2023\/09\/Belem-vence-Paulistana-por-2-\u00d7-1-em-jogo-de-ida-das-quartas-de-finais-da-II-Copa-AMVI-IMG_1899-300x200.jpg 300w, https:\/\/infonewss.com\/wp-content\/uploads\/2023\/09\/Belem-vence-Paulistana-por-2-\u00d7-1-em-jogo-de-ida-das-quartas-de-finais-da-II-Copa-AMVI-IMG_1899-768x512.jpg 768w, https:\/\/infonewss.com\/wp-content\/uploads\/2023\/09\/Belem-vence-Paulistana-por-2-\u00d7-1-em-jogo-de-ida-das-quartas-de-finais-da-II-Copa-AMVI-IMG_1899-150x100.jpg 150w, https:\/\/infonewss.com\/wp-content\/uploads\/2023\/09\/Belem-vence-Paulistana-por-2-\u00d7-1-em-jogo-de-ida-das-quartas-de-finais-da-II-Copa-AMVI-IMG_1899-696x464.jpg 696w, https:\/\/infonewss.com\/wp-content\/uploads\/2023\/09\/Belem-vence-Paulistana-por-2-\u00d7-1-em-jogo-de-ida-das-quartas-de-finais-da-II-Copa-AMVI-IMG_1899.jpg 900w\" data-src=\"https:\/\/infonewss.com\/wp-content\/uploads\/2023\/09\/Belem-vence-Paulistana-por-2-\u00d7-1-em-jogo-de-ida-das-quartas-de-finais-da-II-Copa-AMVI-IMG_1899-300x200.jpg\" data-sizes=\"(max-width: 300px) 100vw, 300px\" \/><\/a><\/div>\n<\/figure>\n<figure class=\"gallery-item\">\n<div class=\"gallery-icon landscape\"><a href=\"https:\/\/infonewss.com\/wp-content\/uploads\/2023\/09\/Belem-vence-Paulistana-por-2-%C3%97-1-em-jogo-de-ida-das-quartas-de-finais-da-II-Copa-AMVI-IMG_1901.jpg\"><img loading=\"lazy\" decoding=\"async\" class=\"attachment-medium size-medium ls-is-cached lazyloaded\" src=\"https:\/\/infonewss.com\/wp-content\/uploads\/2023\/09\/Belem-vence-Paulistana-por-2-%C3%97-1-em-jogo-de-ida-das-quartas-de-finais-da-II-Copa-AMVI-IMG_1901-300x200.jpg\" sizes=\"(max-width: 300px) 100vw, 300px\" srcset=\"https:\/\/infonewss.com\/wp-content\/uploads\/2023\/09\/Belem-vence-Paulistana-por-2-\u00d7-1-em-jogo-de-ida-das-quartas-de-finais-da-II-Copa-AMVI-IMG_1901-300x200.jpg 300w, https:\/\/infonewss.com\/wp-content\/uploads\/2023\/09\/Belem-vence-Paulistana-por-2-\u00d7-1-em-jogo-de-ida-das-quartas-de-finais-da-II-Copa-AMVI-IMG_1901-768x512.jpg 768w, https:\/\/infonewss.com\/wp-content\/uploads\/2023\/09\/Belem-vence-Paulistana-por-2-\u00d7-1-em-jogo-de-ida-das-quartas-de-finais-da-II-Copa-AMVI-IMG_1901-150x100.jpg 150w, https:\/\/infonewss.com\/wp-content\/uploads\/2023\/09\/Belem-vence-Paulistana-por-2-\u00d7-1-em-jogo-de-ida-das-quartas-de-finais-da-II-Copa-AMVI-IMG_1901-696x464.jpg 696w, https:\/\/infonewss.com\/wp-content\/uploads\/2023\/09\/Belem-vence-Paulistana-por-2-\u00d7-1-em-jogo-de-ida-das-quartas-de-finais-da-II-Copa-AMVI-IMG_1901.jpg 900w\" alt=\"\" width=\"300\" height=\"200\" data-srcset=\"https:\/\/infonewss.com\/wp-content\/uploads\/2023\/09\/Belem-vence-Paulistana-por-2-\u00d7-1-em-jogo-de-ida-das-quartas-de-finais-da-II-Copa-AMVI-IMG_1901-300x200.jpg 300w, https:\/\/infonewss.com\/wp-content\/uploads\/2023\/09\/Belem-vence-Paulistana-por-2-\u00d7-1-em-jogo-de-ida-das-quartas-de-finais-da-II-Copa-AMVI-IMG_1901-768x512.jpg 768w, https:\/\/infonewss.com\/wp-content\/uploads\/2023\/09\/Belem-vence-Paulistana-por-2-\u00d7-1-em-jogo-de-ida-das-quartas-de-finais-da-II-Copa-AMVI-IMG_1901-150x100.jpg 150w, https:\/\/infonewss.com\/wp-content\/uploads\/2023\/09\/Belem-vence-Paulistana-por-2-\u00d7-1-em-jogo-de-ida-das-quartas-de-finais-da-II-Copa-AMVI-IMG_1901-696x464.jpg 696w, https:\/\/infonewss.com\/wp-content\/uploads\/2023\/09\/Belem-vence-Paulistana-por-2-\u00d7-1-em-jogo-de-ida-das-quartas-de-finais-da-II-Copa-AMVI-IMG_1901.jpg 900w\" data-src=\"https:\/\/infonewss.com\/wp-content\/uploads\/2023\/09\/Belem-vence-Paulistana-por-2-\u00d7-1-em-jogo-de-ida-das-quartas-de-finais-da-II-Copa-AMVI-IMG_1901-300x200.jpg\" data-sizes=\"(max-width: 300px) 100vw, 300px\" \/><\/a><\/div>\n<\/figure>\n<figure class=\"gallery-item\">\n<div class=\"gallery-icon landscape\"><a href=\"https:\/\/infonewss.com\/wp-content\/uploads\/2023\/09\/Belem-vence-Paulistana-por-2-%C3%97-1-em-jogo-de-ida-das-quartas-de-finais-da-II-Copa-AMVI-IMG_1902.jpg\"><img loading=\"lazy\" decoding=\"async\" class=\"attachment-medium size-medium ls-is-cached lazyloaded\" src=\"https:\/\/infonewss.com\/wp-content\/uploads\/2023\/09\/Belem-vence-Paulistana-por-2-%C3%97-1-em-jogo-de-ida-das-quartas-de-finais-da-II-Copa-AMVI-IMG_1902-300x200.jpg\" sizes=\"(max-width: 300px) 100vw, 300px\" srcset=\"https:\/\/infonewss.com\/wp-content\/uploads\/2023\/09\/Belem-vence-Paulistana-por-2-\u00d7-1-em-jogo-de-ida-das-quartas-de-finais-da-II-Copa-AMVI-IMG_1902-300x200.jpg 300w, https:\/\/infonewss.com\/wp-content\/uploads\/2023\/09\/Belem-vence-Paulistana-por-2-\u00d7-1-em-jogo-de-ida-das-quartas-de-finais-da-II-Copa-AMVI-IMG_1902-768x512.jpg 768w, https:\/\/infonewss.com\/wp-content\/uploads\/2023\/09\/Belem-vence-Paulistana-por-2-\u00d7-1-em-jogo-de-ida-das-quartas-de-finais-da-II-Copa-AMVI-IMG_1902-150x100.jpg 150w, https:\/\/infonewss.com\/wp-content\/uploads\/2023\/09\/Belem-vence-Paulistana-por-2-\u00d7-1-em-jogo-de-ida-das-quartas-de-finais-da-II-Copa-AMVI-IMG_1902-696x464.jpg 696w, https:\/\/infonewss.com\/wp-content\/uploads\/2023\/09\/Belem-vence-Paulistana-por-2-\u00d7-1-em-jogo-de-ida-das-quartas-de-finais-da-II-Copa-AMVI-IMG_1902.jpg 900w\" alt=\"\" width=\"300\" height=\"200\" data-srcset=\"https:\/\/infonewss.com\/wp-content\/uploads\/2023\/09\/Belem-vence-Paulistana-por-2-\u00d7-1-em-jogo-de-ida-das-quartas-de-finais-da-II-Copa-AMVI-IMG_1902-300x200.jpg 300w, https:\/\/infonewss.com\/wp-content\/uploads\/2023\/09\/Belem-vence-Paulistana-por-2-\u00d7-1-em-jogo-de-ida-das-quartas-de-finais-da-II-Copa-AMVI-IMG_1902-768x512.jpg 768w, https:\/\/infonewss.com\/wp-content\/uploads\/2023\/09\/Belem-vence-Paulistana-por-2-\u00d7-1-em-jogo-de-ida-das-quartas-de-finais-da-II-Copa-AMVI-IMG_1902-150x100.jpg 150w, https:\/\/infonewss.com\/wp-content\/uploads\/2023\/09\/Belem-vence-Paulistana-por-2-\u00d7-1-em-jogo-de-ida-das-quartas-de-finais-da-II-Copa-AMVI-IMG_1902-696x464.jpg 696w, https:\/\/infonewss.com\/wp-content\/uploads\/2023\/09\/Belem-vence-Paulistana-por-2-\u00d7-1-em-jogo-de-ida-das-quartas-de-finais-da-II-Copa-AMVI-IMG_1902.jpg 900w\" data-src=\"https:\/\/infonewss.com\/wp-content\/uploads\/2023\/09\/Belem-vence-Paulistana-por-2-\u00d7-1-em-jogo-de-ida-das-quartas-de-finais-da-II-Copa-AMVI-IMG_1902-300x200.jpg\" data-sizes=\"(max-width: 300px) 100vw, 300px\" \/><\/a><\/div>\n<\/figure>\n<figure class=\"gallery-item\">\n<div class=\"gallery-icon landscape\"><a href=\"https:\/\/infonewss.com\/wp-content\/uploads\/2023\/09\/Belem-vence-Paulistana-por-2-%C3%97-1-em-jogo-de-ida-das-quartas-de-finais-da-II-Copa-AMVI-IMG_1903.jpg\"><img loading=\"lazy\" decoding=\"async\" class=\"attachment-medium size-medium ls-is-cached lazyloaded\" src=\"https:\/\/infonewss.com\/wp-content\/uploads\/2023\/09\/Belem-vence-Paulistana-por-2-%C3%97-1-em-jogo-de-ida-das-quartas-de-finais-da-II-Copa-AMVI-IMG_1903-300x200.jpg\" sizes=\"(max-width: 300px) 100vw, 300px\" srcset=\"https:\/\/infonewss.com\/wp-content\/uploads\/2023\/09\/Belem-vence-Paulistana-por-2-\u00d7-1-em-jogo-de-ida-das-quartas-de-finais-da-II-Copa-AMVI-IMG_1903-300x200.jpg 300w, https:\/\/infonewss.com\/wp-content\/uploads\/2023\/09\/Belem-vence-Paulistana-por-2-\u00d7-1-em-jogo-de-ida-das-quartas-de-finais-da-II-Copa-AMVI-IMG_1903-768x512.jpg 768w, https:\/\/infonewss.com\/wp-content\/uploads\/2023\/09\/Belem-vence-Paulistana-por-2-\u00d7-1-em-jogo-de-ida-das-quartas-de-finais-da-II-Copa-AMVI-IMG_1903-150x100.jpg 150w, https:\/\/infonewss.com\/wp-content\/uploads\/2023\/09\/Belem-vence-Paulistana-por-2-\u00d7-1-em-jogo-de-ida-das-quartas-de-finais-da-II-Copa-AMVI-IMG_1903-696x464.jpg 696w, https:\/\/infonewss.com\/wp-content\/uploads\/2023\/09\/Belem-vence-Paulistana-por-2-\u00d7-1-em-jogo-de-ida-das-quartas-de-finais-da-II-Copa-AMVI-IMG_1903.jpg 900w\" alt=\"\" width=\"300\" height=\"200\" data-srcset=\"https:\/\/infonewss.com\/wp-content\/uploads\/2023\/09\/Belem-vence-Paulistana-por-2-\u00d7-1-em-jogo-de-ida-das-quartas-de-finais-da-II-Copa-AMVI-IMG_1903-300x200.jpg 300w, https:\/\/infonewss.com\/wp-content\/uploads\/2023\/09\/Belem-vence-Paulistana-por-2-\u00d7-1-em-jogo-de-ida-das-quartas-de-finais-da-II-Copa-AMVI-IMG_1903-768x512.jpg 768w, https:\/\/infonewss.com\/wp-content\/uploads\/2023\/09\/Belem-vence-Paulistana-por-2-\u00d7-1-em-jogo-de-ida-das-quartas-de-finais-da-II-Copa-AMVI-IMG_1903-150x100.jpg 150w, https:\/\/infonewss.com\/wp-content\/uploads\/2023\/09\/Belem-vence-Paulistana-por-2-\u00d7-1-em-jogo-de-ida-das-quartas-de-finais-da-II-Copa-AMVI-IMG_1903-696x464.jpg 696w, https:\/\/infonewss.com\/wp-content\/uploads\/2023\/09\/Belem-vence-Paulistana-por-2-\u00d7-1-em-jogo-de-ida-das-quartas-de-finais-da-II-Copa-AMVI-IMG_1903.jpg 900w\" data-src=\"https:\/\/infonewss.com\/wp-content\/uploads\/2023\/09\/Belem-vence-Paulistana-por-2-\u00d7-1-em-jogo-de-ida-das-quartas-de-finais-da-II-Copa-AMVI-IMG_1903-300x200.jpg\" data-sizes=\"(max-width: 300px) 100vw, 300px\" \/><\/a><\/div>\n<\/figure>\n<figure class=\"gallery-item\">\n<div class=\"gallery-icon landscape\"><a href=\"https:\/\/infonewss.com\/wp-content\/uploads\/2023\/09\/Belem-vence-Paulistana-por-2-%C3%97-1-em-jogo-de-ida-das-quartas-de-finais-da-II-Copa-AMVI-IMG_1904.jpg\"><img loading=\"lazy\" decoding=\"async\" class=\"attachment-medium size-medium ls-is-cached lazyloaded\" src=\"https:\/\/infonewss.com\/wp-content\/uploads\/2023\/09\/Belem-vence-Paulistana-por-2-%C3%97-1-em-jogo-de-ida-das-quartas-de-finais-da-II-Copa-AMVI-IMG_1904-300x200.jpg\" sizes=\"(max-width: 300px) 100vw, 300px\" srcset=\"https:\/\/infonewss.com\/wp-content\/uploads\/2023\/09\/Belem-vence-Paulistana-por-2-\u00d7-1-em-jogo-de-ida-das-quartas-de-finais-da-II-Copa-AMVI-IMG_1904-300x200.jpg 300w, https:\/\/infonewss.com\/wp-content\/uploads\/2023\/09\/Belem-vence-Paulistana-por-2-\u00d7-1-em-jogo-de-ida-das-quartas-de-finais-da-II-Copa-AMVI-IMG_1904-768x512.jpg 768w, https:\/\/infonewss.com\/wp-content\/uploads\/2023\/09\/Belem-vence-Paulistana-por-2-\u00d7-1-em-jogo-de-ida-das-quartas-de-finais-da-II-Copa-AMVI-IMG_1904-150x100.jpg 150w, https:\/\/infonewss.com\/wp-content\/uploads\/2023\/09\/Belem-vence-Paulistana-por-2-\u00d7-1-em-jogo-de-ida-das-quartas-de-finais-da-II-Copa-AMVI-IMG_1904-696x464.jpg 696w, https:\/\/infonewss.com\/wp-content\/uploads\/2023\/09\/Belem-vence-Paulistana-por-2-\u00d7-1-em-jogo-de-ida-das-quartas-de-finais-da-II-Copa-AMVI-IMG_1904.jpg 900w\" alt=\"\" width=\"300\" height=\"200\" data-srcset=\"https:\/\/infonewss.com\/wp-content\/uploads\/2023\/09\/Belem-vence-Paulistana-por-2-\u00d7-1-em-jogo-de-ida-das-quartas-de-finais-da-II-Copa-AMVI-IMG_1904-300x200.jpg 300w, https:\/\/infonewss.com\/wp-content\/uploads\/2023\/09\/Belem-vence-Paulistana-por-2-\u00d7-1-em-jogo-de-ida-das-quartas-de-finais-da-II-Copa-AMVI-IMG_1904-768x512.jpg 768w, https:\/\/infonewss.com\/wp-content\/uploads\/2023\/09\/Belem-vence-Paulistana-por-2-\u00d7-1-em-jogo-de-ida-das-quartas-de-finais-da-II-Copa-AMVI-IMG_1904-150x100.jpg 150w, https:\/\/infonewss.com\/wp-content\/uploads\/2023\/09\/Belem-vence-Paulistana-por-2-\u00d7-1-em-jogo-de-ida-das-quartas-de-finais-da-II-Copa-AMVI-IMG_1904-696x464.jpg 696w, https:\/\/infonewss.com\/wp-content\/uploads\/2023\/09\/Belem-vence-Paulistana-por-2-\u00d7-1-em-jogo-de-ida-das-quartas-de-finais-da-II-Copa-AMVI-IMG_1904.jpg 900w\" data-src=\"https:\/\/infonewss.com\/wp-content\/uploads\/2023\/09\/Belem-vence-Paulistana-por-2-\u00d7-1-em-jogo-de-ida-das-quartas-de-finais-da-II-Copa-AMVI-IMG_1904-300x200.jpg\" data-sizes=\"(max-width: 300px) 100vw, 300px\" \/><\/a><\/div>\n<\/figure>\n<figure class=\"gallery-item\">\n<div class=\"gallery-icon landscape\"><a href=\"https:\/\/infonewss.com\/wp-content\/uploads\/2023\/09\/Belem-vence-Paulistana-por-2-%C3%97-1-em-jogo-de-ida-das-quartas-de-finais-da-II-Copa-AMVI-IMG_1905.jpg\"><img loading=\"lazy\" decoding=\"async\" class=\"attachment-medium size-medium ls-is-cached lazyloaded\" src=\"https:\/\/infonewss.com\/wp-content\/uploads\/2023\/09\/Belem-vence-Paulistana-por-2-%C3%97-1-em-jogo-de-ida-das-quartas-de-finais-da-II-Copa-AMVI-IMG_1905-300x200.jpg\" sizes=\"(max-width: 300px) 100vw, 300px\" srcset=\"https:\/\/infonewss.com\/wp-content\/uploads\/2023\/09\/Belem-vence-Paulistana-por-2-\u00d7-1-em-jogo-de-ida-das-quartas-de-finais-da-II-Copa-AMVI-IMG_1905-300x200.jpg 300w, https:\/\/infonewss.com\/wp-content\/uploads\/2023\/09\/Belem-vence-Paulistana-por-2-\u00d7-1-em-jogo-de-ida-das-quartas-de-finais-da-II-Copa-AMVI-IMG_1905-768x512.jpg 768w, https:\/\/infonewss.com\/wp-content\/uploads\/2023\/09\/Belem-vence-Paulistana-por-2-\u00d7-1-em-jogo-de-ida-das-quartas-de-finais-da-II-Copa-AMVI-IMG_1905-150x100.jpg 150w, https:\/\/infonewss.com\/wp-content\/uploads\/2023\/09\/Belem-vence-Paulistana-por-2-\u00d7-1-em-jogo-de-ida-das-quartas-de-finais-da-II-Copa-AMVI-IMG_1905-696x464.jpg 696w, https:\/\/infonewss.com\/wp-content\/uploads\/2023\/09\/Belem-vence-Paulistana-por-2-\u00d7-1-em-jogo-de-ida-das-quartas-de-finais-da-II-Copa-AMVI-IMG_1905.jpg 900w\" alt=\"\" width=\"300\" height=\"200\" data-srcset=\"https:\/\/infonewss.com\/wp-content\/uploads\/2023\/09\/Belem-vence-Paulistana-por-2-\u00d7-1-em-jogo-de-ida-das-quartas-de-finais-da-II-Copa-AMVI-IMG_1905-300x200.jpg 300w, https:\/\/infonewss.com\/wp-content\/uploads\/2023\/09\/Belem-vence-Paulistana-por-2-\u00d7-1-em-jogo-de-ida-das-quartas-de-finais-da-II-Copa-AMVI-IMG_1905-768x512.jpg 768w, https:\/\/infonewss.com\/wp-content\/uploads\/2023\/09\/Belem-vence-Paulistana-por-2-\u00d7-1-em-jogo-de-ida-das-quartas-de-finais-da-II-Copa-AMVI-IMG_1905-150x100.jpg 150w, https:\/\/infonewss.com\/wp-content\/uploads\/2023\/09\/Belem-vence-Paulistana-por-2-\u00d7-1-em-jogo-de-ida-das-quartas-de-finais-da-II-Copa-AMVI-IMG_1905-696x464.jpg 696w, https:\/\/infonewss.com\/wp-content\/uploads\/2023\/09\/Belem-vence-Paulistana-por-2-\u00d7-1-em-jogo-de-ida-das-quartas-de-finais-da-II-Copa-AMVI-IMG_1905.jpg 900w\" data-src=\"https:\/\/infonewss.com\/wp-content\/uploads\/2023\/09\/Belem-vence-Paulistana-por-2-\u00d7-1-em-jogo-de-ida-das-quartas-de-finais-da-II-Copa-AMVI-IMG_1905-300x200.jpg\" data-sizes=\"(max-width: 300px) 100vw, 300px\" \/><\/a><\/div>\n<\/figure>\n<figure class=\"gallery-item\">\n<div class=\"gallery-icon landscape\"><a href=\"https:\/\/infonewss.com\/wp-content\/uploads\/2023\/09\/Belem-vence-Paulistana-por-2-%C3%97-1-em-jogo-de-ida-das-quartas-de-finais-da-II-Copa-AMVI-IMG_1906.jpg\"><img loading=\"lazy\" decoding=\"async\" class=\"attachment-medium size-medium ls-is-cached lazyloaded\" src=\"https:\/\/infonewss.com\/wp-content\/uploads\/2023\/09\/Belem-vence-Paulistana-por-2-%C3%97-1-em-jogo-de-ida-das-quartas-de-finais-da-II-Copa-AMVI-IMG_1906-300x200.jpg\" sizes=\"(max-width: 300px) 100vw, 300px\" srcset=\"https:\/\/infonewss.com\/wp-content\/uploads\/2023\/09\/Belem-vence-Paulistana-por-2-\u00d7-1-em-jogo-de-ida-das-quartas-de-finais-da-II-Copa-AMVI-IMG_1906-300x200.jpg 300w, https:\/\/infonewss.com\/wp-content\/uploads\/2023\/09\/Belem-vence-Paulistana-por-2-\u00d7-1-em-jogo-de-ida-das-quartas-de-finais-da-II-Copa-AMVI-IMG_1906-768x512.jpg 768w, https:\/\/infonewss.com\/wp-content\/uploads\/2023\/09\/Belem-vence-Paulistana-por-2-\u00d7-1-em-jogo-de-ida-das-quartas-de-finais-da-II-Copa-AMVI-IMG_1906-150x100.jpg 150w, https:\/\/infonewss.com\/wp-content\/uploads\/2023\/09\/Belem-vence-Paulistana-por-2-\u00d7-1-em-jogo-de-ida-das-quartas-de-finais-da-II-Copa-AMVI-IMG_1906-696x464.jpg 696w, https:\/\/infonewss.com\/wp-content\/uploads\/2023\/09\/Belem-vence-Paulistana-por-2-\u00d7-1-em-jogo-de-ida-das-quartas-de-finais-da-II-Copa-AMVI-IMG_1906.jpg 900w\" alt=\"\" width=\"300\" height=\"200\" data-srcset=\"https:\/\/infonewss.com\/wp-content\/uploads\/2023\/09\/Belem-vence-Paulistana-por-2-\u00d7-1-em-jogo-de-ida-das-quartas-de-finais-da-II-Copa-AMVI-IMG_1906-300x200.jpg 300w, https:\/\/infonewss.com\/wp-content\/uploads\/2023\/09\/Belem-vence-Paulistana-por-2-\u00d7-1-em-jogo-de-ida-das-quartas-de-finais-da-II-Copa-AMVI-IMG_1906-768x512.jpg 768w, https:\/\/infonewss.com\/wp-content\/uploads\/2023\/09\/Belem-vence-Paulistana-por-2-\u00d7-1-em-jogo-de-ida-das-quartas-de-finais-da-II-Copa-AMVI-IMG_1906-150x100.jpg 150w, https:\/\/infonewss.com\/wp-content\/uploads\/2023\/09\/Belem-vence-Paulistana-por-2-\u00d7-1-em-jogo-de-ida-das-quartas-de-finais-da-II-Copa-AMVI-IMG_1906-696x464.jpg 696w, https:\/\/infonewss.com\/wp-content\/uploads\/2023\/09\/Belem-vence-Paulistana-por-2-\u00d7-1-em-jogo-de-ida-das-quartas-de-finais-da-II-Copa-AMVI-IMG_1906.jpg 900w\" data-src=\"https:\/\/infonewss.com\/wp-content\/uploads\/2023\/09\/Belem-vence-Paulistana-por-2-\u00d7-1-em-jogo-de-ida-das-quartas-de-finais-da-II-Copa-AMVI-IMG_1906-300x200.jpg\" data-sizes=\"(max-width: 300px) 100vw, 300px\" \/><\/a><\/div>\n<\/figure>\n<figure class=\"gallery-item\">\n<div class=\"gallery-icon landscape\"><a href=\"https:\/\/infonewss.com\/wp-content\/uploads\/2023\/09\/Belem-vence-Paulistana-por-2-%C3%97-1-em-jogo-de-ida-das-quartas-de-finais-da-II-Copa-AMVI-IMG_1907.jpg\"><img loading=\"lazy\" decoding=\"async\" class=\"attachment-medium size-medium lazyloaded\" src=\"https:\/\/infonewss.com\/wp-content\/uploads\/2023\/09\/Belem-vence-Paulistana-por-2-%C3%97-1-em-jogo-de-ida-das-quartas-de-finais-da-II-Copa-AMVI-IMG_1907-300x200.jpg\" sizes=\"(max-width: 300px) 100vw, 300px\" srcset=\"https:\/\/infonewss.com\/wp-content\/uploads\/2023\/09\/Belem-vence-Paulistana-por-2-\u00d7-1-em-jogo-de-ida-das-quartas-de-finais-da-II-Copa-AMVI-IMG_1907-300x200.jpg 300w, https:\/\/infonewss.com\/wp-content\/uploads\/2023\/09\/Belem-vence-Paulistana-por-2-\u00d7-1-em-jogo-de-ida-das-quartas-de-finais-da-II-Copa-AMVI-IMG_1907-768x512.jpg 768w, https:\/\/infonewss.com\/wp-content\/uploads\/2023\/09\/Belem-vence-Paulistana-por-2-\u00d7-1-em-jogo-de-ida-das-quartas-de-finais-da-II-Copa-AMVI-IMG_1907-150x100.jpg 150w, https:\/\/infonewss.com\/wp-content\/uploads\/2023\/09\/Belem-vence-Paulistana-por-2-\u00d7-1-em-jogo-de-ida-das-quartas-de-finais-da-II-Copa-AMVI-IMG_1907-696x464.jpg 696w, https:\/\/infonewss.com\/wp-content\/uploads\/2023\/09\/Belem-vence-Paulistana-por-2-\u00d7-1-em-jogo-de-ida-das-quartas-de-finais-da-II-Copa-AMVI-IMG_1907.jpg 900w\" alt=\"\" width=\"300\" height=\"200\" data-srcset=\"https:\/\/infonewss.com\/wp-content\/uploads\/2023\/09\/Belem-vence-Paulistana-por-2-\u00d7-1-em-jogo-de-ida-das-quartas-de-finais-da-II-Copa-AMVI-IMG_1907-300x200.jpg 300w, https:\/\/infonewss.com\/wp-content\/uploads\/2023\/09\/Belem-vence-Paulistana-por-2-\u00d7-1-em-jogo-de-ida-das-quartas-de-finais-da-II-Copa-AMVI-IMG_1907-768x512.jpg 768w, https:\/\/infonewss.com\/wp-content\/uploads\/2023\/09\/Belem-vence-Paulistana-por-2-\u00d7-1-em-jogo-de-ida-das-quartas-de-finais-da-II-Copa-AMVI-IMG_1907-150x100.jpg 150w, https:\/\/infonewss.com\/wp-content\/uploads\/2023\/09\/Belem-vence-Paulistana-por-2-\u00d7-1-em-jogo-de-ida-das-quartas-de-finais-da-II-Copa-AMVI-IMG_1907-696x464.jpg 696w, https:\/\/infonewss.com\/wp-content\/uploads\/2023\/09\/Belem-vence-Paulistana-por-2-\u00d7-1-em-jogo-de-ida-das-quartas-de-finais-da-II-Copa-AMVI-IMG_1907.jpg 900w\" data-src=\"https:\/\/infonewss.com\/wp-content\/uploads\/2023\/09\/Belem-vence-Paulistana-por-2-\u00d7-1-em-jogo-de-ida-das-quartas-de-finais-da-II-Copa-AMVI-IMG_1907-300x200.jpg\" data-sizes=\"(max-width: 300px) 100vw, 300px\" \/><\/a><\/div>\n<\/figure>\n<figure class=\"gallery-item\">\n<div class=\"gallery-icon landscape\"><a href=\"https:\/\/infonewss.com\/wp-content\/uploads\/2023\/09\/Belem-vence-Paulistana-por-2-%C3%97-1-em-jogo-de-ida-das-quartas-de-finais-da-II-Copa-AMVI-IMG_1912.jpg\"><img loading=\"lazy\" decoding=\"async\" class=\"attachment-medium size-medium lazyloaded\" src=\"https:\/\/infonewss.com\/wp-content\/uploads\/2023\/09\/Belem-vence-Paulistana-por-2-%C3%97-1-em-jogo-de-ida-das-quartas-de-finais-da-II-Copa-AMVI-IMG_1912-300x200.jpg\" sizes=\"(max-width: 300px) 100vw, 300px\" srcset=\"https:\/\/infonewss.com\/wp-content\/uploads\/2023\/09\/Belem-vence-Paulistana-por-2-\u00d7-1-em-jogo-de-ida-das-quartas-de-finais-da-II-Copa-AMVI-IMG_1912-300x200.jpg 300w, https:\/\/infonewss.com\/wp-content\/uploads\/2023\/09\/Belem-vence-Paulistana-por-2-\u00d7-1-em-jogo-de-ida-das-quartas-de-finais-da-II-Copa-AMVI-IMG_1912-768x512.jpg 768w, https:\/\/infonewss.com\/wp-content\/uploads\/2023\/09\/Belem-vence-Paulistana-por-2-\u00d7-1-em-jogo-de-ida-das-quartas-de-finais-da-II-Copa-AMVI-IMG_1912-150x100.jpg 150w, https:\/\/infonewss.com\/wp-content\/uploads\/2023\/09\/Belem-vence-Paulistana-por-2-\u00d7-1-em-jogo-de-ida-das-quartas-de-finais-da-II-Copa-AMVI-IMG_1912-696x464.jpg 696w, https:\/\/infonewss.com\/wp-content\/uploads\/2023\/09\/Belem-vence-Paulistana-por-2-\u00d7-1-em-jogo-de-ida-das-quartas-de-finais-da-II-Copa-AMVI-IMG_1912.jpg 900w\" alt=\"\" width=\"300\" height=\"200\" data-srcset=\"https:\/\/infonewss.com\/wp-content\/uploads\/2023\/09\/Belem-vence-Paulistana-por-2-\u00d7-1-em-jogo-de-ida-das-quartas-de-finais-da-II-Copa-AMVI-IMG_1912-300x200.jpg 300w, https:\/\/infonewss.com\/wp-content\/uploads\/2023\/09\/Belem-vence-Paulistana-por-2-\u00d7-1-em-jogo-de-ida-das-quartas-de-finais-da-II-Copa-AMVI-IMG_1912-768x512.jpg 768w, https:\/\/infonewss.com\/wp-content\/uploads\/2023\/09\/Belem-vence-Paulistana-por-2-\u00d7-1-em-jogo-de-ida-das-quartas-de-finais-da-II-Copa-AMVI-IMG_1912-150x100.jpg 150w, https:\/\/infonewss.com\/wp-content\/uploads\/2023\/09\/Belem-vence-Paulistana-por-2-\u00d7-1-em-jogo-de-ida-das-quartas-de-finais-da-II-Copa-AMVI-IMG_1912-696x464.jpg 696w, https:\/\/infonewss.com\/wp-content\/uploads\/2023\/09\/Belem-vence-Paulistana-por-2-\u00d7-1-em-jogo-de-ida-das-quartas-de-finais-da-II-Copa-AMVI-IMG_1912.jpg 900w\" data-src=\"https:\/\/infonewss.com\/wp-content\/uploads\/2023\/09\/Belem-vence-Paulistana-por-2-\u00d7-1-em-jogo-de-ida-das-quartas-de-finais-da-II-Copa-AMVI-IMG_1912-300x200.jpg\" data-sizes=\"(max-width: 300px) 100vw, 300px\" \/><\/a><\/div>\n<\/figure>\n<figure class=\"gallery-item\">\n<div class=\"gallery-icon landscape\"><a href=\"https:\/\/infonewss.com\/wp-content\/uploads\/2023\/09\/Belem-vence-Paulistana-por-2-%C3%97-1-em-jogo-de-ida-das-quartas-de-finais-da-II-Copa-AMVI-IMG_1918.jpg\"><img loading=\"lazy\" decoding=\"async\" class=\"attachment-medium size-medium lazyloaded\" src=\"https:\/\/infonewss.com\/wp-content\/uploads\/2023\/09\/Belem-vence-Paulistana-por-2-%C3%97-1-em-jogo-de-ida-das-quartas-de-finais-da-II-Copa-AMVI-IMG_1918-300x200.jpg\" sizes=\"(max-width: 300px) 100vw, 300px\" srcset=\"https:\/\/infonewss.com\/wp-content\/uploads\/2023\/09\/Belem-vence-Paulistana-por-2-\u00d7-1-em-jogo-de-ida-das-quartas-de-finais-da-II-Copa-AMVI-IMG_1918-300x200.jpg 300w, https:\/\/infonewss.com\/wp-content\/uploads\/2023\/09\/Belem-vence-Paulistana-por-2-\u00d7-1-em-jogo-de-ida-das-quartas-de-finais-da-II-Copa-AMVI-IMG_1918-768x512.jpg 768w, https:\/\/infonewss.com\/wp-content\/uploads\/2023\/09\/Belem-vence-Paulistana-por-2-\u00d7-1-em-jogo-de-ida-das-quartas-de-finais-da-II-Copa-AMVI-IMG_1918-150x100.jpg 150w, https:\/\/infonewss.com\/wp-content\/uploads\/2023\/09\/Belem-vence-Paulistana-por-2-\u00d7-1-em-jogo-de-ida-das-quartas-de-finais-da-II-Copa-AMVI-IMG_1918-696x464.jpg 696w, https:\/\/infonewss.com\/wp-content\/uploads\/2023\/09\/Belem-vence-Paulistana-por-2-\u00d7-1-em-jogo-de-ida-das-quartas-de-finais-da-II-Copa-AMVI-IMG_1918.jpg 900w\" alt=\"\" width=\"300\" height=\"200\" data-srcset=\"https:\/\/infonewss.com\/wp-content\/uploads\/2023\/09\/Belem-vence-Paulistana-por-2-\u00d7-1-em-jogo-de-ida-das-quartas-de-finais-da-II-Copa-AMVI-IMG_1918-300x200.jpg 300w, https:\/\/infonewss.com\/wp-content\/uploads\/2023\/09\/Belem-vence-Paulistana-por-2-\u00d7-1-em-jogo-de-ida-das-quartas-de-finais-da-II-Copa-AMVI-IMG_1918-768x512.jpg 768w, https:\/\/infonewss.com\/wp-content\/uploads\/2023\/09\/Belem-vence-Paulistana-por-2-\u00d7-1-em-jogo-de-ida-das-quartas-de-finais-da-II-Copa-AMVI-IMG_1918-150x100.jpg 150w, https:\/\/infonewss.com\/wp-content\/uploads\/2023\/09\/Belem-vence-Paulistana-por-2-\u00d7-1-em-jogo-de-ida-das-quartas-de-finais-da-II-Copa-AMVI-IMG_1918-696x464.jpg 696w, https:\/\/infonewss.com\/wp-content\/uploads\/2023\/09\/Belem-vence-Paulistana-por-2-\u00d7-1-em-jogo-de-ida-das-quartas-de-finais-da-II-Copa-AMVI-IMG_1918.jpg 900w\" data-src=\"https:\/\/infonewss.com\/wp-content\/uploads\/2023\/09\/Belem-vence-Paulistana-por-2-\u00d7-1-em-jogo-de-ida-das-quartas-de-finais-da-II-Copa-AMVI-IMG_1918-300x200.jpg\" data-sizes=\"(max-width: 300px) 100vw, 300px\" \/><\/a><\/div>\n<\/figure>\n<figure class=\"gallery-item\">\n<div class=\"gallery-icon landscape\"><a href=\"https:\/\/infonewss.com\/wp-content\/uploads\/2023\/09\/Belem-vence-Paulistana-por-2-%C3%97-1-em-jogo-de-ida-das-quartas-de-finais-da-II-Copa-AMVI-IMG_1922.jpg\"><img loading=\"lazy\" decoding=\"async\" class=\"attachment-medium size-medium lazyloaded\" src=\"https:\/\/infonewss.com\/wp-content\/uploads\/2023\/09\/Belem-vence-Paulistana-por-2-%C3%97-1-em-jogo-de-ida-das-quartas-de-finais-da-II-Copa-AMVI-IMG_1922-300x200.jpg\" sizes=\"(max-width: 300px) 100vw, 300px\" srcset=\"https:\/\/infonewss.com\/wp-content\/uploads\/2023\/09\/Belem-vence-Paulistana-por-2-\u00d7-1-em-jogo-de-ida-das-quartas-de-finais-da-II-Copa-AMVI-IMG_1922-300x200.jpg 300w, https:\/\/infonewss.com\/wp-content\/uploads\/2023\/09\/Belem-vence-Paulistana-por-2-\u00d7-1-em-jogo-de-ida-das-quartas-de-finais-da-II-Copa-AMVI-IMG_1922-768x512.jpg 768w, https:\/\/infonewss.com\/wp-content\/uploads\/2023\/09\/Belem-vence-Paulistana-por-2-\u00d7-1-em-jogo-de-ida-das-quartas-de-finais-da-II-Copa-AMVI-IMG_1922-150x100.jpg 150w, https:\/\/infonewss.com\/wp-content\/uploads\/2023\/09\/Belem-vence-Paulistana-por-2-\u00d7-1-em-jogo-de-ida-das-quartas-de-finais-da-II-Copa-AMVI-IMG_1922-696x464.jpg 696w, https:\/\/infonewss.com\/wp-content\/uploads\/2023\/09\/Belem-vence-Paulistana-por-2-\u00d7-1-em-jogo-de-ida-das-quartas-de-finais-da-II-Copa-AMVI-IMG_1922.jpg 900w\" alt=\"\" width=\"300\" height=\"200\" data-srcset=\"https:\/\/infonewss.com\/wp-content\/uploads\/2023\/09\/Belem-vence-Paulistana-por-2-\u00d7-1-em-jogo-de-ida-das-quartas-de-finais-da-II-Copa-AMVI-IMG_1922-300x200.jpg 300w, https:\/\/infonewss.com\/wp-content\/uploads\/2023\/09\/Belem-vence-Paulistana-por-2-\u00d7-1-em-jogo-de-ida-das-quartas-de-finais-da-II-Copa-AMVI-IMG_1922-768x512.jpg 768w, https:\/\/infonewss.com\/wp-content\/uploads\/2023\/09\/Belem-vence-Paulistana-por-2-\u00d7-1-em-jogo-de-ida-das-quartas-de-finais-da-II-Copa-AMVI-IMG_1922-150x100.jpg 150w, https:\/\/infonewss.com\/wp-content\/uploads\/2023\/09\/Belem-vence-Paulistana-por-2-\u00d7-1-em-jogo-de-ida-das-quartas-de-finais-da-II-Copa-AMVI-IMG_1922-696x464.jpg 696w, https:\/\/infonewss.com\/wp-content\/uploads\/2023\/09\/Belem-vence-Paulistana-por-2-\u00d7-1-em-jogo-de-ida-das-quartas-de-finais-da-II-Copa-AMVI-IMG_1922.jpg 900w\" data-src=\"https:\/\/infonewss.com\/wp-content\/uploads\/2023\/09\/Belem-vence-Paulistana-por-2-\u00d7-1-em-jogo-de-ida-das-quartas-de-finais-da-II-Copa-AMVI-IMG_1922-300x200.jpg\" data-sizes=\"(max-width: 300px) 100vw, 300px\" \/><\/a><\/div>\n<\/figure>\n<figure class=\"gallery-item\">\n<div class=\"gallery-icon landscape\"><a href=\"https:\/\/infonewss.com\/wp-content\/uploads\/2023\/09\/Belem-vence-Paulistana-por-2-%C3%97-1-em-jogo-de-ida-das-quartas-de-finais-da-II-Copa-AMVI-IMG_1924.jpg\"><img loading=\"lazy\" decoding=\"async\" class=\"attachment-medium size-medium ls-is-cached lazyloaded\" src=\"https:\/\/infonewss.com\/wp-content\/uploads\/2023\/09\/Belem-vence-Paulistana-por-2-%C3%97-1-em-jogo-de-ida-das-quartas-de-finais-da-II-Copa-AMVI-IMG_1924-300x200.jpg\" sizes=\"(max-width: 300px) 100vw, 300px\" srcset=\"https:\/\/infonewss.com\/wp-content\/uploads\/2023\/09\/Belem-vence-Paulistana-por-2-\u00d7-1-em-jogo-de-ida-das-quartas-de-finais-da-II-Copa-AMVI-IMG_1924-300x200.jpg 300w, https:\/\/infonewss.com\/wp-content\/uploads\/2023\/09\/Belem-vence-Paulistana-por-2-\u00d7-1-em-jogo-de-ida-das-quartas-de-finais-da-II-Copa-AMVI-IMG_1924-768x512.jpg 768w, https:\/\/infonewss.com\/wp-content\/uploads\/2023\/09\/Belem-vence-Paulistana-por-2-\u00d7-1-em-jogo-de-ida-das-quartas-de-finais-da-II-Copa-AMVI-IMG_1924-150x100.jpg 150w, https:\/\/infonewss.com\/wp-content\/uploads\/2023\/09\/Belem-vence-Paulistana-por-2-\u00d7-1-em-jogo-de-ida-das-quartas-de-finais-da-II-Copa-AMVI-IMG_1924-696x464.jpg 696w, https:\/\/infonewss.com\/wp-content\/uploads\/2023\/09\/Belem-vence-Paulistana-por-2-\u00d7-1-em-jogo-de-ida-das-quartas-de-finais-da-II-Copa-AMVI-IMG_1924.jpg 900w\" alt=\"\" width=\"300\" height=\"200\" data-srcset=\"https:\/\/infonewss.com\/wp-content\/uploads\/2023\/09\/Belem-vence-Paulistana-por-2-\u00d7-1-em-jogo-de-ida-das-quartas-de-finais-da-II-Copa-AMVI-IMG_1924-300x200.jpg 300w, https:\/\/infonewss.com\/wp-content\/uploads\/2023\/09\/Belem-vence-Paulistana-por-2-\u00d7-1-em-jogo-de-ida-das-quartas-de-finais-da-II-Copa-AMVI-IMG_1924-768x512.jpg 768w, https:\/\/infonewss.com\/wp-content\/uploads\/2023\/09\/Belem-vence-Paulistana-por-2-\u00d7-1-em-jogo-de-ida-das-quartas-de-finais-da-II-Copa-AMVI-IMG_1924-150x100.jpg 150w, https:\/\/infonewss.com\/wp-content\/uploads\/2023\/09\/Belem-vence-Paulistana-por-2-\u00d7-1-em-jogo-de-ida-das-quartas-de-finais-da-II-Copa-AMVI-IMG_1924-696x464.jpg 696w, https:\/\/infonewss.com\/wp-content\/uploads\/2023\/09\/Belem-vence-Paulistana-por-2-\u00d7-1-em-jogo-de-ida-das-quartas-de-finais-da-II-Copa-AMVI-IMG_1924.jpg 900w\" data-src=\"https:\/\/infonewss.com\/wp-content\/uploads\/2023\/09\/Belem-vence-Paulistana-por-2-\u00d7-1-em-jogo-de-ida-das-quartas-de-finais-da-II-Copa-AMVI-IMG_1924-300x200.jpg\" data-sizes=\"(max-width: 300px) 100vw, 300px\" \/><\/a><\/div>\n<\/figure>\n<figure class=\"gallery-item\">\n<div class=\"gallery-icon landscape\"><a href=\"https:\/\/infonewss.com\/wp-content\/uploads\/2023\/09\/Belem-vence-Paulistana-por-2-%C3%97-1-em-jogo-de-ida-das-quartas-de-finais-da-II-Copa-AMVI-IMG_1925.jpg\"><img loading=\"lazy\" decoding=\"async\" class=\"attachment-medium size-medium ls-is-cached lazyloaded\" src=\"https:\/\/infonewss.com\/wp-content\/uploads\/2023\/09\/Belem-vence-Paulistana-por-2-%C3%97-1-em-jogo-de-ida-das-quartas-de-finais-da-II-Copa-AMVI-IMG_1925-300x200.jpg\" sizes=\"(max-width: 300px) 100vw, 300px\" srcset=\"https:\/\/infonewss.com\/wp-content\/uploads\/2023\/09\/Belem-vence-Paulistana-por-2-\u00d7-1-em-jogo-de-ida-das-quartas-de-finais-da-II-Copa-AMVI-IMG_1925-300x200.jpg 300w, https:\/\/infonewss.com\/wp-content\/uploads\/2023\/09\/Belem-vence-Paulistana-por-2-\u00d7-1-em-jogo-de-ida-das-quartas-de-finais-da-II-Copa-AMVI-IMG_1925-768x512.jpg 768w, https:\/\/infonewss.com\/wp-content\/uploads\/2023\/09\/Belem-vence-Paulistana-por-2-\u00d7-1-em-jogo-de-ida-das-quartas-de-finais-da-II-Copa-AMVI-IMG_1925-150x100.jpg 150w, https:\/\/infonewss.com\/wp-content\/uploads\/2023\/09\/Belem-vence-Paulistana-por-2-\u00d7-1-em-jogo-de-ida-das-quartas-de-finais-da-II-Copa-AMVI-IMG_1925-696x464.jpg 696w, https:\/\/infonewss.com\/wp-content\/uploads\/2023\/09\/Belem-vence-Paulistana-por-2-\u00d7-1-em-jogo-de-ida-das-quartas-de-finais-da-II-Copa-AMVI-IMG_1925.jpg 900w\" alt=\"\" width=\"300\" height=\"200\" data-srcset=\"https:\/\/infonewss.com\/wp-content\/uploads\/2023\/09\/Belem-vence-Paulistana-por-2-\u00d7-1-em-jogo-de-ida-das-quartas-de-finais-da-II-Copa-AMVI-IMG_1925-300x200.jpg 300w, https:\/\/infonewss.com\/wp-content\/uploads\/2023\/09\/Belem-vence-Paulistana-por-2-\u00d7-1-em-jogo-de-ida-das-quartas-de-finais-da-II-Copa-AMVI-IMG_1925-768x512.jpg 768w, https:\/\/infonewss.com\/wp-content\/uploads\/2023\/09\/Belem-vence-Paulistana-por-2-\u00d7-1-em-jogo-de-ida-das-quartas-de-finais-da-II-Copa-AMVI-IMG_1925-150x100.jpg 150w, https:\/\/infonewss.com\/wp-content\/uploads\/2023\/09\/Belem-vence-Paulistana-por-2-\u00d7-1-em-jogo-de-ida-das-quartas-de-finais-da-II-Copa-AMVI-IMG_1925-696x464.jpg 696w, https:\/\/infonewss.com\/wp-content\/uploads\/2023\/09\/Belem-vence-Paulistana-por-2-\u00d7-1-em-jogo-de-ida-das-quartas-de-finais-da-II-Copa-AMVI-IMG_1925.jpg 900w\" data-src=\"https:\/\/infonewss.com\/wp-content\/uploads\/2023\/09\/Belem-vence-Paulistana-por-2-\u00d7-1-em-jogo-de-ida-das-quartas-de-finais-da-II-Copa-AMVI-IMG_1925-300x200.jpg\" data-sizes=\"(max-width: 300px) 100vw, 300px\" \/><\/a><\/div>\n<\/figure>\n<figure class=\"gallery-item\">\n<div class=\"gallery-icon landscape\"><a href=\"https:\/\/infonewss.com\/wp-content\/uploads\/2023\/09\/Belem-vence-Paulistana-por-2-%C3%97-1-em-jogo-de-ida-das-quartas-de-finais-da-II-Copa-AMVI-IMG_1926.jpg\"><img loading=\"lazy\" decoding=\"async\" class=\"attachment-medium size-medium ls-is-cached lazyloaded\" src=\"https:\/\/infonewss.com\/wp-content\/uploads\/2023\/09\/Belem-vence-Paulistana-por-2-%C3%97-1-em-jogo-de-ida-das-quartas-de-finais-da-II-Copa-AMVI-IMG_1926-300x200.jpg\" sizes=\"(max-width: 300px) 100vw, 300px\" srcset=\"https:\/\/infonewss.com\/wp-content\/uploads\/2023\/09\/Belem-vence-Paulistana-por-2-\u00d7-1-em-jogo-de-ida-das-quartas-de-finais-da-II-Copa-AMVI-IMG_1926-300x200.jpg 300w, https:\/\/infonewss.com\/wp-content\/uploads\/2023\/09\/Belem-vence-Paulistana-por-2-\u00d7-1-em-jogo-de-ida-das-quartas-de-finais-da-II-Copa-AMVI-IMG_1926-768x512.jpg 768w, https:\/\/infonewss.com\/wp-content\/uploads\/2023\/09\/Belem-vence-Paulistana-por-2-\u00d7-1-em-jogo-de-ida-das-quartas-de-finais-da-II-Copa-AMVI-IMG_1926-150x100.jpg 150w, https:\/\/infonewss.com\/wp-content\/uploads\/2023\/09\/Belem-vence-Paulistana-por-2-\u00d7-1-em-jogo-de-ida-das-quartas-de-finais-da-II-Copa-AMVI-IMG_1926-696x464.jpg 696w, https:\/\/infonewss.com\/wp-content\/uploads\/2023\/09\/Belem-vence-Paulistana-por-2-\u00d7-1-em-jogo-de-ida-das-quartas-de-finais-da-II-Copa-AMVI-IMG_1926.jpg 900w\" alt=\"\" width=\"300\" height=\"200\" data-srcset=\"https:\/\/infonewss.com\/wp-content\/uploads\/2023\/09\/Belem-vence-Paulistana-por-2-\u00d7-1-em-jogo-de-ida-das-quartas-de-finais-da-II-Copa-AMVI-IMG_1926-300x200.jpg 300w, https:\/\/infonewss.com\/wp-content\/uploads\/2023\/09\/Belem-vence-Paulistana-por-2-\u00d7-1-em-jogo-de-ida-das-quartas-de-finais-da-II-Copa-AMVI-IMG_1926-768x512.jpg 768w, https:\/\/infonewss.com\/wp-content\/uploads\/2023\/09\/Belem-vence-Paulistana-por-2-\u00d7-1-em-jogo-de-ida-das-quartas-de-finais-da-II-Copa-AMVI-IMG_1926-150x100.jpg 150w, https:\/\/infonewss.com\/wp-content\/uploads\/2023\/09\/Belem-vence-Paulistana-por-2-\u00d7-1-em-jogo-de-ida-das-quartas-de-finais-da-II-Copa-AMVI-IMG_1926-696x464.jpg 696w, https:\/\/infonewss.com\/wp-content\/uploads\/2023\/09\/Belem-vence-Paulistana-por-2-\u00d7-1-em-jogo-de-ida-das-quartas-de-finais-da-II-Copa-AMVI-IMG_1926.jpg 900w\" data-src=\"https:\/\/infonewss.com\/wp-content\/uploads\/2023\/09\/Belem-vence-Paulistana-por-2-\u00d7-1-em-jogo-de-ida-das-quartas-de-finais-da-II-Copa-AMVI-IMG_1926-300x200.jpg\" data-sizes=\"(max-width: 300px) 100vw, 300px\" \/><\/a><\/div>\n<\/figure>\n<figure class=\"gallery-item\">\n<div class=\"gallery-icon landscape\"><a href=\"https:\/\/infonewss.com\/wp-content\/uploads\/2023\/09\/Belem-vence-Paulistana-por-2-%C3%97-1-em-jogo-de-ida-das-quartas-de-finais-da-II-Copa-AMVI-IMG_1927.jpg\"><img loading=\"lazy\" decoding=\"async\" class=\"attachment-medium size-medium ls-is-cached lazyloaded\" src=\"https:\/\/infonewss.com\/wp-content\/uploads\/2023\/09\/Belem-vence-Paulistana-por-2-%C3%97-1-em-jogo-de-ida-das-quartas-de-finais-da-II-Copa-AMVI-IMG_1927-300x200.jpg\" sizes=\"(max-width: 300px) 100vw, 300px\" srcset=\"https:\/\/infonewss.com\/wp-content\/uploads\/2023\/09\/Belem-vence-Paulistana-por-2-\u00d7-1-em-jogo-de-ida-das-quartas-de-finais-da-II-Copa-AMVI-IMG_1927-300x200.jpg 300w, https:\/\/infonewss.com\/wp-content\/uploads\/2023\/09\/Belem-vence-Paulistana-por-2-\u00d7-1-em-jogo-de-ida-das-quartas-de-finais-da-II-Copa-AMVI-IMG_1927-768x512.jpg 768w, https:\/\/infonewss.com\/wp-content\/uploads\/2023\/09\/Belem-vence-Paulistana-por-2-\u00d7-1-em-jogo-de-ida-das-quartas-de-finais-da-II-Copa-AMVI-IMG_1927-150x100.jpg 150w, https:\/\/infonewss.com\/wp-content\/uploads\/2023\/09\/Belem-vence-Paulistana-por-2-\u00d7-1-em-jogo-de-ida-das-quartas-de-finais-da-II-Copa-AMVI-IMG_1927-696x464.jpg 696w, https:\/\/infonewss.com\/wp-content\/uploads\/2023\/09\/Belem-vence-Paulistana-por-2-\u00d7-1-em-jogo-de-ida-das-quartas-de-finais-da-II-Copa-AMVI-IMG_1927.jpg 900w\" alt=\"\" width=\"300\" height=\"200\" data-srcset=\"https:\/\/infonewss.com\/wp-content\/uploads\/2023\/09\/Belem-vence-Paulistana-por-2-\u00d7-1-em-jogo-de-ida-das-quartas-de-finais-da-II-Copa-AMVI-IMG_1927-300x200.jpg 300w, https:\/\/infonewss.com\/wp-content\/uploads\/2023\/09\/Belem-vence-Paulistana-por-2-\u00d7-1-em-jogo-de-ida-das-quartas-de-finais-da-II-Copa-AMVI-IMG_1927-768x512.jpg 768w, https:\/\/infonewss.com\/wp-content\/uploads\/2023\/09\/Belem-vence-Paulistana-por-2-\u00d7-1-em-jogo-de-ida-das-quartas-de-finais-da-II-Copa-AMVI-IMG_1927-150x100.jpg 150w, https:\/\/infonewss.com\/wp-content\/uploads\/2023\/09\/Belem-vence-Paulistana-por-2-\u00d7-1-em-jogo-de-ida-das-quartas-de-finais-da-II-Copa-AMVI-IMG_1927-696x464.jpg 696w, https:\/\/infonewss.com\/wp-content\/uploads\/2023\/09\/Belem-vence-Paulistana-por-2-\u00d7-1-em-jogo-de-ida-das-quartas-de-finais-da-II-Copa-AMVI-IMG_1927.jpg 900w\" data-src=\"https:\/\/infonewss.com\/wp-content\/uploads\/2023\/09\/Belem-vence-Paulistana-por-2-\u00d7-1-em-jogo-de-ida-das-quartas-de-finais-da-II-Copa-AMVI-IMG_1927-300x200.jpg\" data-sizes=\"(max-width: 300px) 100vw, 300px\" \/><\/a><\/div>\n<\/figure>\n<figure class=\"gallery-item\">\n<div class=\"gallery-icon landscape\"><a href=\"https:\/\/infonewss.com\/wp-content\/uploads\/2023\/09\/Belem-vence-Paulistana-por-2-%C3%97-1-em-jogo-de-ida-das-quartas-de-finais-da-II-Copa-AMVI-IMG_1930.jpg\"><img loading=\"lazy\" decoding=\"async\" class=\"attachment-medium size-medium lazyloaded\" src=\"https:\/\/infonewss.com\/wp-content\/uploads\/2023\/09\/Belem-vence-Paulistana-por-2-%C3%97-1-em-jogo-de-ida-das-quartas-de-finais-da-II-Copa-AMVI-IMG_1930-300x200.jpg\" sizes=\"(max-width: 300px) 100vw, 300px\" srcset=\"https:\/\/infonewss.com\/wp-content\/uploads\/2023\/09\/Belem-vence-Paulistana-por-2-\u00d7-1-em-jogo-de-ida-das-quartas-de-finais-da-II-Copa-AMVI-IMG_1930-300x200.jpg 300w, https:\/\/infonewss.com\/wp-content\/uploads\/2023\/09\/Belem-vence-Paulistana-por-2-\u00d7-1-em-jogo-de-ida-das-quartas-de-finais-da-II-Copa-AMVI-IMG_1930-768x512.jpg 768w, https:\/\/infonewss.com\/wp-content\/uploads\/2023\/09\/Belem-vence-Paulistana-por-2-\u00d7-1-em-jogo-de-ida-das-quartas-de-finais-da-II-Copa-AMVI-IMG_1930-150x100.jpg 150w, https:\/\/infonewss.com\/wp-content\/uploads\/2023\/09\/Belem-vence-Paulistana-por-2-\u00d7-1-em-jogo-de-ida-das-quartas-de-finais-da-II-Copa-AMVI-IMG_1930-696x464.jpg 696w, https:\/\/infonewss.com\/wp-content\/uploads\/2023\/09\/Belem-vence-Paulistana-por-2-\u00d7-1-em-jogo-de-ida-das-quartas-de-finais-da-II-Copa-AMVI-IMG_1930.jpg 900w\" alt=\"\" width=\"300\" height=\"200\" data-srcset=\"https:\/\/infonewss.com\/wp-content\/uploads\/2023\/09\/Belem-vence-Paulistana-por-2-\u00d7-1-em-jogo-de-ida-das-quartas-de-finais-da-II-Copa-AMVI-IMG_1930-300x200.jpg 300w, https:\/\/infonewss.com\/wp-content\/uploads\/2023\/09\/Belem-vence-Paulistana-por-2-\u00d7-1-em-jogo-de-ida-das-quartas-de-finais-da-II-Copa-AMVI-IMG_1930-768x512.jpg 768w, https:\/\/infonewss.com\/wp-content\/uploads\/2023\/09\/Belem-vence-Paulistana-por-2-\u00d7-1-em-jogo-de-ida-das-quartas-de-finais-da-II-Copa-AMVI-IMG_1930-150x100.jpg 150w, https:\/\/infonewss.com\/wp-content\/uploads\/2023\/09\/Belem-vence-Paulistana-por-2-\u00d7-1-em-jogo-de-ida-das-quartas-de-finais-da-II-Copa-AMVI-IMG_1930-696x464.jpg 696w, https:\/\/infonewss.com\/wp-content\/uploads\/2023\/09\/Belem-vence-Paulistana-por-2-\u00d7-1-em-jogo-de-ida-das-quartas-de-finais-da-II-Copa-AMVI-IMG_1930.jpg 900w\" data-src=\"https:\/\/infonewss.com\/wp-content\/uploads\/2023\/09\/Belem-vence-Paulistana-por-2-\u00d7-1-em-jogo-de-ida-das-quartas-de-finais-da-II-Copa-AMVI-IMG_1930-300x200.jpg\" data-sizes=\"(max-width: 300px) 100vw, 300px\" \/><\/a><\/div>\n<\/figure>\n<figure class=\"gallery-item\">\n<div class=\"gallery-icon landscape\"><a href=\"https:\/\/infonewss.com\/wp-content\/uploads\/2023\/09\/Belem-vence-Paulistana-por-2-%C3%97-1-em-jogo-de-ida-das-quartas-de-finais-da-II-Copa-AMVI-IMG_1936.jpg\"><img loading=\"lazy\" decoding=\"async\" class=\"attachment-medium size-medium lazyloaded\" src=\"https:\/\/infonewss.com\/wp-content\/uploads\/2023\/09\/Belem-vence-Paulistana-por-2-%C3%97-1-em-jogo-de-ida-das-quartas-de-finais-da-II-Copa-AMVI-IMG_1936-300x200.jpg\" sizes=\"(max-width: 300px) 100vw, 300px\" srcset=\"https:\/\/infonewss.com\/wp-content\/uploads\/2023\/09\/Belem-vence-Paulistana-por-2-\u00d7-1-em-jogo-de-ida-das-quartas-de-finais-da-II-Copa-AMVI-IMG_1936-300x200.jpg 300w, https:\/\/infonewss.com\/wp-content\/uploads\/2023\/09\/Belem-vence-Paulistana-por-2-\u00d7-1-em-jogo-de-ida-das-quartas-de-finais-da-II-Copa-AMVI-IMG_1936-768x512.jpg 768w, https:\/\/infonewss.com\/wp-content\/uploads\/2023\/09\/Belem-vence-Paulistana-por-2-\u00d7-1-em-jogo-de-ida-das-quartas-de-finais-da-II-Copa-AMVI-IMG_1936-150x100.jpg 150w, https:\/\/infonewss.com\/wp-content\/uploads\/2023\/09\/Belem-vence-Paulistana-por-2-\u00d7-1-em-jogo-de-ida-das-quartas-de-finais-da-II-Copa-AMVI-IMG_1936-696x464.jpg 696w, https:\/\/infonewss.com\/wp-content\/uploads\/2023\/09\/Belem-vence-Paulistana-por-2-\u00d7-1-em-jogo-de-ida-das-quartas-de-finais-da-II-Copa-AMVI-IMG_1936.jpg 900w\" alt=\"\" width=\"300\" height=\"200\" data-srcset=\"https:\/\/infonewss.com\/wp-content\/uploads\/2023\/09\/Belem-vence-Paulistana-por-2-\u00d7-1-em-jogo-de-ida-das-quartas-de-finais-da-II-Copa-AMVI-IMG_1936-300x200.jpg 300w, https:\/\/infonewss.com\/wp-content\/uploads\/2023\/09\/Belem-vence-Paulistana-por-2-\u00d7-1-em-jogo-de-ida-das-quartas-de-finais-da-II-Copa-AMVI-IMG_1936-768x512.jpg 768w, https:\/\/infonewss.com\/wp-content\/uploads\/2023\/09\/Belem-vence-Paulistana-por-2-\u00d7-1-em-jogo-de-ida-das-quartas-de-finais-da-II-Copa-AMVI-IMG_1936-150x100.jpg 150w, https:\/\/infonewss.com\/wp-content\/uploads\/2023\/09\/Belem-vence-Paulistana-por-2-\u00d7-1-em-jogo-de-ida-das-quartas-de-finais-da-II-Copa-AMVI-IMG_1936-696x464.jpg 696w, https:\/\/infonewss.com\/wp-content\/uploads\/2023\/09\/Belem-vence-Paulistana-por-2-\u00d7-1-em-jogo-de-ida-das-quartas-de-finais-da-II-Copa-AMVI-IMG_1936.jpg 900w\" data-src=\"https:\/\/infonewss.com\/wp-content\/uploads\/2023\/09\/Belem-vence-Paulistana-por-2-\u00d7-1-em-jogo-de-ida-das-quartas-de-finais-da-II-Copa-AMVI-IMG_1936-300x200.jpg\" data-sizes=\"(max-width: 300px) 100vw, 300px\" \/><\/a><\/div>\n<\/figure>\n<figure class=\"gallery-item\">\n<div class=\"gallery-icon portrait\"><a href=\"https:\/\/infonewss.com\/wp-content\/uploads\/2023\/09\/Belem-vence-Paulistana-por-2-%C3%97-1-em-jogo-de-ida-das-quartas-de-finais-da-II-Copa-AMVI-IMG_1938.jpg\"><img loading=\"lazy\" decoding=\"async\" class=\"attachment-medium size-medium lazyloaded\" src=\"https:\/\/infonewss.com\/wp-content\/uploads\/2023\/09\/Belem-vence-Paulistana-por-2-%C3%97-1-em-jogo-de-ida-das-quartas-de-finais-da-II-Copa-AMVI-IMG_1938-200x300.jpg\" sizes=\"(max-width: 200px) 100vw, 200px\" srcset=\"https:\/\/infonewss.com\/wp-content\/uploads\/2023\/09\/Belem-vence-Paulistana-por-2-\u00d7-1-em-jogo-de-ida-das-quartas-de-finais-da-II-Copa-AMVI-IMG_1938-200x300.jpg 200w, https:\/\/infonewss.com\/wp-content\/uploads\/2023\/09\/Belem-vence-Paulistana-por-2-\u00d7-1-em-jogo-de-ida-das-quartas-de-finais-da-II-Copa-AMVI-IMG_1938-683x1024.jpg 683w, https:\/\/infonewss.com\/wp-content\/uploads\/2023\/09\/Belem-vence-Paulistana-por-2-\u00d7-1-em-jogo-de-ida-das-quartas-de-finais-da-II-Copa-AMVI-IMG_1938-768x1152.jpg 768w, https:\/\/infonewss.com\/wp-content\/uploads\/2023\/09\/Belem-vence-Paulistana-por-2-\u00d7-1-em-jogo-de-ida-das-quartas-de-finais-da-II-Copa-AMVI-IMG_1938-150x225.jpg 150w, https:\/\/infonewss.com\/wp-content\/uploads\/2023\/09\/Belem-vence-Paulistana-por-2-\u00d7-1-em-jogo-de-ida-das-quartas-de-finais-da-II-Copa-AMVI-IMG_1938-300x450.jpg 300w, https:\/\/infonewss.com\/wp-content\/uploads\/2023\/09\/Belem-vence-Paulistana-por-2-\u00d7-1-em-jogo-de-ida-das-quartas-de-finais-da-II-Copa-AMVI-IMG_1938-696x1044.jpg 696w, https:\/\/infonewss.com\/wp-content\/uploads\/2023\/09\/Belem-vence-Paulistana-por-2-\u00d7-1-em-jogo-de-ida-das-quartas-de-finais-da-II-Copa-AMVI-IMG_1938.jpg 900w\" alt=\"\" width=\"200\" height=\"300\" data-srcset=\"https:\/\/infonewss.com\/wp-content\/uploads\/2023\/09\/Belem-vence-Paulistana-por-2-\u00d7-1-em-jogo-de-ida-das-quartas-de-finais-da-II-Copa-AMVI-IMG_1938-200x300.jpg 200w, https:\/\/infonewss.com\/wp-content\/uploads\/2023\/09\/Belem-vence-Paulistana-por-2-\u00d7-1-em-jogo-de-ida-das-quartas-de-finais-da-II-Copa-AMVI-IMG_1938-683x1024.jpg 683w, https:\/\/infonewss.com\/wp-content\/uploads\/2023\/09\/Belem-vence-Paulistana-por-2-\u00d7-1-em-jogo-de-ida-das-quartas-de-finais-da-II-Copa-AMVI-IMG_1938-768x1152.jpg 768w, https:\/\/infonewss.com\/wp-content\/uploads\/2023\/09\/Belem-vence-Paulistana-por-2-\u00d7-1-em-jogo-de-ida-das-quartas-de-finais-da-II-Copa-AMVI-IMG_1938-150x225.jpg 150w, https:\/\/infonewss.com\/wp-content\/uploads\/2023\/09\/Belem-vence-Paulistana-por-2-\u00d7-1-em-jogo-de-ida-das-quartas-de-finais-da-II-Copa-AMVI-IMG_1938-300x450.jpg 300w, https:\/\/infonewss.com\/wp-content\/uploads\/2023\/09\/Belem-vence-Paulistana-por-2-\u00d7-1-em-jogo-de-ida-das-quartas-de-finais-da-II-Copa-AMVI-IMG_1938-696x1044.jpg 696w, https:\/\/infonewss.com\/wp-content\/uploads\/2023\/09\/Belem-vence-Paulistana-por-2-\u00d7-1-em-jogo-de-ida-das-quartas-de-finais-da-II-Copa-AMVI-IMG_1938.jpg 900w\" data-src=\"https:\/\/infonewss.com\/wp-content\/uploads\/2023\/09\/Belem-vence-Paulistana-por-2-\u00d7-1-em-jogo-de-ida-das-quartas-de-finais-da-II-Copa-AMVI-IMG_1938-200x300.jpg\" data-sizes=\"(max-width: 200px) 100vw, 200px\" \/><\/a><\/div>\n<\/figure>\n<figure class=\"gallery-item\">\n<div class=\"gallery-icon portrait\"><a href=\"https:\/\/infonewss.com\/wp-content\/uploads\/2023\/09\/Belem-vence-Paulistana-por-2-%C3%97-1-em-jogo-de-ida-das-quartas-de-finais-da-II-Copa-AMVI-IMG_1940.jpg\"><img loading=\"lazy\" decoding=\"async\" class=\"attachment-medium size-medium lazyloaded\" src=\"https:\/\/infonewss.com\/wp-content\/uploads\/2023\/09\/Belem-vence-Paulistana-por-2-%C3%97-1-em-jogo-de-ida-das-quartas-de-finais-da-II-Copa-AMVI-IMG_1940-200x300.jpg\" sizes=\"(max-width: 200px) 100vw, 200px\" srcset=\"https:\/\/infonewss.com\/wp-content\/uploads\/2023\/09\/Belem-vence-Paulistana-por-2-\u00d7-1-em-jogo-de-ida-das-quartas-de-finais-da-II-Copa-AMVI-IMG_1940-200x300.jpg 200w, https:\/\/infonewss.com\/wp-content\/uploads\/2023\/09\/Belem-vence-Paulistana-por-2-\u00d7-1-em-jogo-de-ida-das-quartas-de-finais-da-II-Copa-AMVI-IMG_1940-683x1024.jpg 683w, https:\/\/infonewss.com\/wp-content\/uploads\/2023\/09\/Belem-vence-Paulistana-por-2-\u00d7-1-em-jogo-de-ida-das-quartas-de-finais-da-II-Copa-AMVI-IMG_1940-768x1152.jpg 768w, https:\/\/infonewss.com\/wp-content\/uploads\/2023\/09\/Belem-vence-Paulistana-por-2-\u00d7-1-em-jogo-de-ida-das-quartas-de-finais-da-II-Copa-AMVI-IMG_1940-150x225.jpg 150w, https:\/\/infonewss.com\/wp-content\/uploads\/2023\/09\/Belem-vence-Paulistana-por-2-\u00d7-1-em-jogo-de-ida-das-quartas-de-finais-da-II-Copa-AMVI-IMG_1940-300x450.jpg 300w, https:\/\/infonewss.com\/wp-content\/uploads\/2023\/09\/Belem-vence-Paulistana-por-2-\u00d7-1-em-jogo-de-ida-das-quartas-de-finais-da-II-Copa-AMVI-IMG_1940-696x1044.jpg 696w, https:\/\/infonewss.com\/wp-content\/uploads\/2023\/09\/Belem-vence-Paulistana-por-2-\u00d7-1-em-jogo-de-ida-das-quartas-de-finais-da-II-Copa-AMVI-IMG_1940.jpg 900w\" alt=\"\" width=\"200\" height=\"300\" data-srcset=\"https:\/\/infonewss.com\/wp-content\/uploads\/2023\/09\/Belem-vence-Paulistana-por-2-\u00d7-1-em-jogo-de-ida-das-quartas-de-finais-da-II-Copa-AMVI-IMG_1940-200x300.jpg 200w, https:\/\/infonewss.com\/wp-content\/uploads\/2023\/09\/Belem-vence-Paulistana-por-2-\u00d7-1-em-jogo-de-ida-das-quartas-de-finais-da-II-Copa-AMVI-IMG_1940-683x1024.jpg 683w, https:\/\/infonewss.com\/wp-content\/uploads\/2023\/09\/Belem-vence-Paulistana-por-2-\u00d7-1-em-jogo-de-ida-das-quartas-de-finais-da-II-Copa-AMVI-IMG_1940-768x1152.jpg 768w, https:\/\/infonewss.com\/wp-content\/uploads\/2023\/09\/Belem-vence-Paulistana-por-2-\u00d7-1-em-jogo-de-ida-das-quartas-de-finais-da-II-Copa-AMVI-IMG_1940-150x225.jpg 150w, https:\/\/infonewss.com\/wp-content\/uploads\/2023\/09\/Belem-vence-Paulistana-por-2-\u00d7-1-em-jogo-de-ida-das-quartas-de-finais-da-II-Copa-AMVI-IMG_1940-300x450.jpg 300w, https:\/\/infonewss.com\/wp-content\/uploads\/2023\/09\/Belem-vence-Paulistana-por-2-\u00d7-1-em-jogo-de-ida-das-quartas-de-finais-da-II-Copa-AMVI-IMG_1940-696x1044.jpg 696w, https:\/\/infonewss.com\/wp-content\/uploads\/2023\/09\/Belem-vence-Paulistana-por-2-\u00d7-1-em-jogo-de-ida-das-quartas-de-finais-da-II-Copa-AMVI-IMG_1940.jpg 900w\" data-src=\"https:\/\/infonewss.com\/wp-content\/uploads\/2023\/09\/Belem-vence-Paulistana-por-2-\u00d7-1-em-jogo-de-ida-das-quartas-de-finais-da-II-Copa-AMVI-IMG_1940-200x300.jpg\" data-sizes=\"(max-width: 200px) 100vw, 200px\" \/><\/a><\/div>\n<\/figure>\n<figure class=\"gallery-item\">\n<div class=\"gallery-icon portrait\"><a href=\"https:\/\/infonewss.com\/wp-content\/uploads\/2023\/09\/Belem-vence-Paulistana-por-2-%C3%97-1-em-jogo-de-ida-das-quartas-de-finais-da-II-Copa-AMVI-IMG_1941.jpg\"><img loading=\"lazy\" decoding=\"async\" class=\"attachment-medium size-medium ls-is-cached lazyloaded\" src=\"https:\/\/infonewss.com\/wp-content\/uploads\/2023\/09\/Belem-vence-Paulistana-por-2-%C3%97-1-em-jogo-de-ida-das-quartas-de-finais-da-II-Copa-AMVI-IMG_1941-200x300.jpg\" sizes=\"(max-width: 200px) 100vw, 200px\" srcset=\"https:\/\/infonewss.com\/wp-content\/uploads\/2023\/09\/Belem-vence-Paulistana-por-2-\u00d7-1-em-jogo-de-ida-das-quartas-de-finais-da-II-Copa-AMVI-IMG_1941-200x300.jpg 200w, https:\/\/infonewss.com\/wp-content\/uploads\/2023\/09\/Belem-vence-Paulistana-por-2-\u00d7-1-em-jogo-de-ida-das-quartas-de-finais-da-II-Copa-AMVI-IMG_1941-683x1024.jpg 683w, https:\/\/infonewss.com\/wp-content\/uploads\/2023\/09\/Belem-vence-Paulistana-por-2-\u00d7-1-em-jogo-de-ida-das-quartas-de-finais-da-II-Copa-AMVI-IMG_1941-768x1152.jpg 768w, https:\/\/infonewss.com\/wp-content\/uploads\/2023\/09\/Belem-vence-Paulistana-por-2-\u00d7-1-em-jogo-de-ida-das-quartas-de-finais-da-II-Copa-AMVI-IMG_1941-150x225.jpg 150w, https:\/\/infonewss.com\/wp-content\/uploads\/2023\/09\/Belem-vence-Paulistana-por-2-\u00d7-1-em-jogo-de-ida-das-quartas-de-finais-da-II-Copa-AMVI-IMG_1941-300x450.jpg 300w, https:\/\/infonewss.com\/wp-content\/uploads\/2023\/09\/Belem-vence-Paulistana-por-2-\u00d7-1-em-jogo-de-ida-das-quartas-de-finais-da-II-Copa-AMVI-IMG_1941-696x1044.jpg 696w, https:\/\/infonewss.com\/wp-content\/uploads\/2023\/09\/Belem-vence-Paulistana-por-2-\u00d7-1-em-jogo-de-ida-das-quartas-de-finais-da-II-Copa-AMVI-IMG_1941.jpg 900w\" alt=\"\" width=\"200\" height=\"300\" data-srcset=\"https:\/\/infonewss.com\/wp-content\/uploads\/2023\/09\/Belem-vence-Paulistana-por-2-\u00d7-1-em-jogo-de-ida-das-quartas-de-finais-da-II-Copa-AMVI-IMG_1941-200x300.jpg 200w, https:\/\/infonewss.com\/wp-content\/uploads\/2023\/09\/Belem-vence-Paulistana-por-2-\u00d7-1-em-jogo-de-ida-das-quartas-de-finais-da-II-Copa-AMVI-IMG_1941-683x1024.jpg 683w, https:\/\/infonewss.com\/wp-content\/uploads\/2023\/09\/Belem-vence-Paulistana-por-2-\u00d7-1-em-jogo-de-ida-das-quartas-de-finais-da-II-Copa-AMVI-IMG_1941-768x1152.jpg 768w, https:\/\/infonewss.com\/wp-content\/uploads\/2023\/09\/Belem-vence-Paulistana-por-2-\u00d7-1-em-jogo-de-ida-das-quartas-de-finais-da-II-Copa-AMVI-IMG_1941-150x225.jpg 150w, https:\/\/infonewss.com\/wp-content\/uploads\/2023\/09\/Belem-vence-Paulistana-por-2-\u00d7-1-em-jogo-de-ida-das-quartas-de-finais-da-II-Copa-AMVI-IMG_1941-300x450.jpg 300w, https:\/\/infonewss.com\/wp-content\/uploads\/2023\/09\/Belem-vence-Paulistana-por-2-\u00d7-1-em-jogo-de-ida-das-quartas-de-finais-da-II-Copa-AMVI-IMG_1941-696x1044.jpg 696w, https:\/\/infonewss.com\/wp-content\/uploads\/2023\/09\/Belem-vence-Paulistana-por-2-\u00d7-1-em-jogo-de-ida-das-quartas-de-finais-da-II-Copa-AMVI-IMG_1941.jpg 900w\" data-src=\"https:\/\/infonewss.com\/wp-content\/uploads\/2023\/09\/Belem-vence-Paulistana-por-2-\u00d7-1-em-jogo-de-ida-das-quartas-de-finais-da-II-Copa-AMVI-IMG_1941-200x300.jpg\" data-sizes=\"(max-width: 200px) 100vw, 200px\" \/><\/a><\/div>\n<\/figure>\n<figure class=\"gallery-item\">\n<div class=\"gallery-icon portrait\"><a href=\"https:\/\/infonewss.com\/wp-content\/uploads\/2023\/09\/Belem-vence-Paulistana-por-2-%C3%97-1-em-jogo-de-ida-das-quartas-de-finais-da-II-Copa-AMVI-IMG_1943.jpg\"><img loading=\"lazy\" decoding=\"async\" class=\"attachment-medium size-medium ls-is-cached lazyloaded\" src=\"https:\/\/infonewss.com\/wp-content\/uploads\/2023\/09\/Belem-vence-Paulistana-por-2-%C3%97-1-em-jogo-de-ida-das-quartas-de-finais-da-II-Copa-AMVI-IMG_1943-200x300.jpg\" sizes=\"(max-width: 200px) 100vw, 200px\" srcset=\"https:\/\/infonewss.com\/wp-content\/uploads\/2023\/09\/Belem-vence-Paulistana-por-2-\u00d7-1-em-jogo-de-ida-das-quartas-de-finais-da-II-Copa-AMVI-IMG_1943-200x300.jpg 200w, https:\/\/infonewss.com\/wp-content\/uploads\/2023\/09\/Belem-vence-Paulistana-por-2-\u00d7-1-em-jogo-de-ida-das-quartas-de-finais-da-II-Copa-AMVI-IMG_1943-683x1024.jpg 683w, https:\/\/infonewss.com\/wp-content\/uploads\/2023\/09\/Belem-vence-Paulistana-por-2-\u00d7-1-em-jogo-de-ida-das-quartas-de-finais-da-II-Copa-AMVI-IMG_1943-768x1152.jpg 768w, https:\/\/infonewss.com\/wp-content\/uploads\/2023\/09\/Belem-vence-Paulistana-por-2-\u00d7-1-em-jogo-de-ida-das-quartas-de-finais-da-II-Copa-AMVI-IMG_1943-150x225.jpg 150w, https:\/\/infonewss.com\/wp-content\/uploads\/2023\/09\/Belem-vence-Paulistana-por-2-\u00d7-1-em-jogo-de-ida-das-quartas-de-finais-da-II-Copa-AMVI-IMG_1943-300x450.jpg 300w, https:\/\/infonewss.com\/wp-content\/uploads\/2023\/09\/Belem-vence-Paulistana-por-2-\u00d7-1-em-jogo-de-ida-das-quartas-de-finais-da-II-Copa-AMVI-IMG_1943-696x1044.jpg 696w, https:\/\/infonewss.com\/wp-content\/uploads\/2023\/09\/Belem-vence-Paulistana-por-2-\u00d7-1-em-jogo-de-ida-das-quartas-de-finais-da-II-Copa-AMVI-IMG_1943.jpg 900w\" alt=\"\" width=\"200\" height=\"300\" data-srcset=\"https:\/\/infonewss.com\/wp-content\/uploads\/2023\/09\/Belem-vence-Paulistana-por-2-\u00d7-1-em-jogo-de-ida-das-quartas-de-finais-da-II-Copa-AMVI-IMG_1943-200x300.jpg 200w, https:\/\/infonewss.com\/wp-content\/uploads\/2023\/09\/Belem-vence-Paulistana-por-2-\u00d7-1-em-jogo-de-ida-das-quartas-de-finais-da-II-Copa-AMVI-IMG_1943-683x1024.jpg 683w, https:\/\/infonewss.com\/wp-content\/uploads\/2023\/09\/Belem-vence-Paulistana-por-2-\u00d7-1-em-jogo-de-ida-das-quartas-de-finais-da-II-Copa-AMVI-IMG_1943-768x1152.jpg 768w, https:\/\/infonewss.com\/wp-content\/uploads\/2023\/09\/Belem-vence-Paulistana-por-2-\u00d7-1-em-jogo-de-ida-das-quartas-de-finais-da-II-Copa-AMVI-IMG_1943-150x225.jpg 150w, https:\/\/infonewss.com\/wp-content\/uploads\/2023\/09\/Belem-vence-Paulistana-por-2-\u00d7-1-em-jogo-de-ida-das-quartas-de-finais-da-II-Copa-AMVI-IMG_1943-300x450.jpg 300w, https:\/\/infonewss.com\/wp-content\/uploads\/2023\/09\/Belem-vence-Paulistana-por-2-\u00d7-1-em-jogo-de-ida-das-quartas-de-finais-da-II-Copa-AMVI-IMG_1943-696x1044.jpg 696w, https:\/\/infonewss.com\/wp-content\/uploads\/2023\/09\/Belem-vence-Paulistana-por-2-\u00d7-1-em-jogo-de-ida-das-quartas-de-finais-da-II-Copa-AMVI-IMG_1943.jpg 900w\" data-src=\"https:\/\/infonewss.com\/wp-content\/uploads\/2023\/09\/Belem-vence-Paulistana-por-2-\u00d7-1-em-jogo-de-ida-das-quartas-de-finais-da-II-Copa-AMVI-IMG_1943-200x300.jpg\" data-sizes=\"(max-width: 200px) 100vw, 200px\" \/><\/a><\/div>\n<\/figure>\n<figure class=\"gallery-item\">\n<div class=\"gallery-icon portrait\"><a href=\"https:\/\/infonewss.com\/wp-content\/uploads\/2023\/09\/Belem-vence-Paulistana-por-2-%C3%97-1-em-jogo-de-ida-das-quartas-de-finais-da-II-Copa-AMVI-IMG_1945.jpg\"><img loading=\"lazy\" decoding=\"async\" class=\"attachment-medium size-medium lazyloaded\" src=\"https:\/\/infonewss.com\/wp-content\/uploads\/2023\/09\/Belem-vence-Paulistana-por-2-%C3%97-1-em-jogo-de-ida-das-quartas-de-finais-da-II-Copa-AMVI-IMG_1945-200x300.jpg\" sizes=\"(max-width: 200px) 100vw, 200px\" srcset=\"https:\/\/infonewss.com\/wp-content\/uploads\/2023\/09\/Belem-vence-Paulistana-por-2-\u00d7-1-em-jogo-de-ida-das-quartas-de-finais-da-II-Copa-AMVI-IMG_1945-200x300.jpg 200w, https:\/\/infonewss.com\/wp-content\/uploads\/2023\/09\/Belem-vence-Paulistana-por-2-\u00d7-1-em-jogo-de-ida-das-quartas-de-finais-da-II-Copa-AMVI-IMG_1945-683x1024.jpg 683w, https:\/\/infonewss.com\/wp-content\/uploads\/2023\/09\/Belem-vence-Paulistana-por-2-\u00d7-1-em-jogo-de-ida-das-quartas-de-finais-da-II-Copa-AMVI-IMG_1945-768x1152.jpg 768w, https:\/\/infonewss.com\/wp-content\/uploads\/2023\/09\/Belem-vence-Paulistana-por-2-\u00d7-1-em-jogo-de-ida-das-quartas-de-finais-da-II-Copa-AMVI-IMG_1945-150x225.jpg 150w, https:\/\/infonewss.com\/wp-content\/uploads\/2023\/09\/Belem-vence-Paulistana-por-2-\u00d7-1-em-jogo-de-ida-das-quartas-de-finais-da-II-Copa-AMVI-IMG_1945-300x450.jpg 300w, https:\/\/infonewss.com\/wp-content\/uploads\/2023\/09\/Belem-vence-Paulistana-por-2-\u00d7-1-em-jogo-de-ida-das-quartas-de-finais-da-II-Copa-AMVI-IMG_1945-696x1044.jpg 696w, https:\/\/infonewss.com\/wp-content\/uploads\/2023\/09\/Belem-vence-Paulistana-por-2-\u00d7-1-em-jogo-de-ida-das-quartas-de-finais-da-II-Copa-AMVI-IMG_1945.jpg 900w\" alt=\"\" width=\"200\" height=\"300\" data-srcset=\"https:\/\/infonewss.com\/wp-content\/uploads\/2023\/09\/Belem-vence-Paulistana-por-2-\u00d7-1-em-jogo-de-ida-das-quartas-de-finais-da-II-Copa-AMVI-IMG_1945-200x300.jpg 200w, https:\/\/infonewss.com\/wp-content\/uploads\/2023\/09\/Belem-vence-Paulistana-por-2-\u00d7-1-em-jogo-de-ida-das-quartas-de-finais-da-II-Copa-AMVI-IMG_1945-683x1024.jpg 683w, https:\/\/infonewss.com\/wp-content\/uploads\/2023\/09\/Belem-vence-Paulistana-por-2-\u00d7-1-em-jogo-de-ida-das-quartas-de-finais-da-II-Copa-AMVI-IMG_1945-768x1152.jpg 768w, https:\/\/infonewss.com\/wp-content\/uploads\/2023\/09\/Belem-vence-Paulistana-por-2-\u00d7-1-em-jogo-de-ida-das-quartas-de-finais-da-II-Copa-AMVI-IMG_1945-150x225.jpg 150w, https:\/\/infonewss.com\/wp-content\/uploads\/2023\/09\/Belem-vence-Paulistana-por-2-\u00d7-1-em-jogo-de-ida-das-quartas-de-finais-da-II-Copa-AMVI-IMG_1945-300x450.jpg 300w, https:\/\/infonewss.com\/wp-content\/uploads\/2023\/09\/Belem-vence-Paulistana-por-2-\u00d7-1-em-jogo-de-ida-das-quartas-de-finais-da-II-Copa-AMVI-IMG_1945-696x1044.jpg 696w, https:\/\/infonewss.com\/wp-content\/uploads\/2023\/09\/Belem-vence-Paulistana-por-2-\u00d7-1-em-jogo-de-ida-das-quartas-de-finais-da-II-Copa-AMVI-IMG_1945.jpg 900w\" data-src=\"https:\/\/infonewss.com\/wp-content\/uploads\/2023\/09\/Belem-vence-Paulistana-por-2-\u00d7-1-em-jogo-de-ida-das-quartas-de-finais-da-II-Copa-AMVI-IMG_1945-200x300.jpg\" data-sizes=\"(max-width: 200px) 100vw, 200px\" \/><\/a><\/div>\n<\/figure>\n<figure class=\"gallery-item\">\n<div class=\"gallery-icon landscape\"><a href=\"https:\/\/infonewss.com\/wp-content\/uploads\/2023\/09\/Belem-vence-Paulistana-por-2-%C3%97-1-em-jogo-de-ida-das-quartas-de-finais-da-II-Copa-AMVI-IMG_1946.jpg\"><img loading=\"lazy\" decoding=\"async\" class=\"attachment-medium size-medium lazyloaded\" src=\"https:\/\/infonewss.com\/wp-content\/uploads\/2023\/09\/Belem-vence-Paulistana-por-2-%C3%97-1-em-jogo-de-ida-das-quartas-de-finais-da-II-Copa-AMVI-IMG_1946-300x200.jpg\" sizes=\"(max-width: 300px) 100vw, 300px\" srcset=\"https:\/\/infonewss.com\/wp-content\/uploads\/2023\/09\/Belem-vence-Paulistana-por-2-\u00d7-1-em-jogo-de-ida-das-quartas-de-finais-da-II-Copa-AMVI-IMG_1946-300x200.jpg 300w, https:\/\/infonewss.com\/wp-content\/uploads\/2023\/09\/Belem-vence-Paulistana-por-2-\u00d7-1-em-jogo-de-ida-das-quartas-de-finais-da-II-Copa-AMVI-IMG_1946-768x512.jpg 768w, https:\/\/infonewss.com\/wp-content\/uploads\/2023\/09\/Belem-vence-Paulistana-por-2-\u00d7-1-em-jogo-de-ida-das-quartas-de-finais-da-II-Copa-AMVI-IMG_1946-150x100.jpg 150w, https:\/\/infonewss.com\/wp-content\/uploads\/2023\/09\/Belem-vence-Paulistana-por-2-\u00d7-1-em-jogo-de-ida-das-quartas-de-finais-da-II-Copa-AMVI-IMG_1946-696x464.jpg 696w, https:\/\/infonewss.com\/wp-content\/uploads\/2023\/09\/Belem-vence-Paulistana-por-2-\u00d7-1-em-jogo-de-ida-das-quartas-de-finais-da-II-Copa-AMVI-IMG_1946.jpg 900w\" alt=\"\" width=\"300\" height=\"200\" data-srcset=\"https:\/\/infonewss.com\/wp-content\/uploads\/2023\/09\/Belem-vence-Paulistana-por-2-\u00d7-1-em-jogo-de-ida-das-quartas-de-finais-da-II-Copa-AMVI-IMG_1946-300x200.jpg 300w, https:\/\/infonewss.com\/wp-content\/uploads\/2023\/09\/Belem-vence-Paulistana-por-2-\u00d7-1-em-jogo-de-ida-das-quartas-de-finais-da-II-Copa-AMVI-IMG_1946-768x512.jpg 768w, https:\/\/infonewss.com\/wp-content\/uploads\/2023\/09\/Belem-vence-Paulistana-por-2-\u00d7-1-em-jogo-de-ida-das-quartas-de-finais-da-II-Copa-AMVI-IMG_1946-150x100.jpg 150w, https:\/\/infonewss.com\/wp-content\/uploads\/2023\/09\/Belem-vence-Paulistana-por-2-\u00d7-1-em-jogo-de-ida-das-quartas-de-finais-da-II-Copa-AMVI-IMG_1946-696x464.jpg 696w, https:\/\/infonewss.com\/wp-content\/uploads\/2023\/09\/Belem-vence-Paulistana-por-2-\u00d7-1-em-jogo-de-ida-das-quartas-de-finais-da-II-Copa-AMVI-IMG_1946.jpg 900w\" data-src=\"https:\/\/infonewss.com\/wp-content\/uploads\/2023\/09\/Belem-vence-Paulistana-por-2-\u00d7-1-em-jogo-de-ida-das-quartas-de-finais-da-II-Copa-AMVI-IMG_1946-300x200.jpg\" data-sizes=\"(max-width: 300px) 100vw, 300px\" \/><\/a><\/div>\n<\/figure>\n<figure class=\"gallery-item\">\n<div class=\"gallery-icon landscape\"><a href=\"https:\/\/infonewss.com\/wp-content\/uploads\/2023\/09\/Belem-vence-Paulistana-por-2-%C3%97-1-em-jogo-de-ida-das-quartas-de-finais-da-II-Copa-AMVI-IMG_1949.jpg\"><img loading=\"lazy\" decoding=\"async\" class=\"attachment-medium size-medium lazyloaded\" src=\"https:\/\/infonewss.com\/wp-content\/uploads\/2023\/09\/Belem-vence-Paulistana-por-2-%C3%97-1-em-jogo-de-ida-das-quartas-de-finais-da-II-Copa-AMVI-IMG_1949-300x200.jpg\" sizes=\"(max-width: 300px) 100vw, 300px\" srcset=\"https:\/\/infonewss.com\/wp-content\/uploads\/2023\/09\/Belem-vence-Paulistana-por-2-\u00d7-1-em-jogo-de-ida-das-quartas-de-finais-da-II-Copa-AMVI-IMG_1949-300x200.jpg 300w, https:\/\/infonewss.com\/wp-content\/uploads\/2023\/09\/Belem-vence-Paulistana-por-2-\u00d7-1-em-jogo-de-ida-das-quartas-de-finais-da-II-Copa-AMVI-IMG_1949-768x512.jpg 768w, https:\/\/infonewss.com\/wp-content\/uploads\/2023\/09\/Belem-vence-Paulistana-por-2-\u00d7-1-em-jogo-de-ida-das-quartas-de-finais-da-II-Copa-AMVI-IMG_1949-150x100.jpg 150w, https:\/\/infonewss.com\/wp-content\/uploads\/2023\/09\/Belem-vence-Paulistana-por-2-\u00d7-1-em-jogo-de-ida-das-quartas-de-finais-da-II-Copa-AMVI-IMG_1949-696x464.jpg 696w, https:\/\/infonewss.com\/wp-content\/uploads\/2023\/09\/Belem-vence-Paulistana-por-2-\u00d7-1-em-jogo-de-ida-das-quartas-de-finais-da-II-Copa-AMVI-IMG_1949.jpg 900w\" alt=\"\" width=\"300\" height=\"200\" data-srcset=\"https:\/\/infonewss.com\/wp-content\/uploads\/2023\/09\/Belem-vence-Paulistana-por-2-\u00d7-1-em-jogo-de-ida-das-quartas-de-finais-da-II-Copa-AMVI-IMG_1949-300x200.jpg 300w, https:\/\/infonewss.com\/wp-content\/uploads\/2023\/09\/Belem-vence-Paulistana-por-2-\u00d7-1-em-jogo-de-ida-das-quartas-de-finais-da-II-Copa-AMVI-IMG_1949-768x512.jpg 768w, https:\/\/infonewss.com\/wp-content\/uploads\/2023\/09\/Belem-vence-Paulistana-por-2-\u00d7-1-em-jogo-de-ida-das-quartas-de-finais-da-II-Copa-AMVI-IMG_1949-150x100.jpg 150w, https:\/\/infonewss.com\/wp-content\/uploads\/2023\/09\/Belem-vence-Paulistana-por-2-\u00d7-1-em-jogo-de-ida-das-quartas-de-finais-da-II-Copa-AMVI-IMG_1949-696x464.jpg 696w, https:\/\/infonewss.com\/wp-content\/uploads\/2023\/09\/Belem-vence-Paulistana-por-2-\u00d7-1-em-jogo-de-ida-das-quartas-de-finais-da-II-Copa-AMVI-IMG_1949.jpg 900w\" data-src=\"https:\/\/infonewss.com\/wp-content\/uploads\/2023\/09\/Belem-vence-Paulistana-por-2-\u00d7-1-em-jogo-de-ida-das-quartas-de-finais-da-II-Copa-AMVI-IMG_1949-300x200.jpg\" data-sizes=\"(max-width: 300px) 100vw, 300px\" \/><\/a><\/div>\n<\/figure>\n<figure class=\"gallery-item\">\n<div class=\"gallery-icon landscape\"><a href=\"https:\/\/infonewss.com\/wp-content\/uploads\/2023\/09\/Belem-vence-Paulistana-por-2-%C3%97-1-em-jogo-de-ida-das-quartas-de-finais-da-II-Copa-AMVI-IMG_1952.jpg\"><img loading=\"lazy\" decoding=\"async\" class=\"attachment-medium size-medium lazyloaded\" src=\"https:\/\/infonewss.com\/wp-content\/uploads\/2023\/09\/Belem-vence-Paulistana-por-2-%C3%97-1-em-jogo-de-ida-das-quartas-de-finais-da-II-Copa-AMVI-IMG_1952-300x200.jpg\" sizes=\"(max-width: 300px) 100vw, 300px\" srcset=\"https:\/\/infonewss.com\/wp-content\/uploads\/2023\/09\/Belem-vence-Paulistana-por-2-\u00d7-1-em-jogo-de-ida-das-quartas-de-finais-da-II-Copa-AMVI-IMG_1952-300x200.jpg 300w, https:\/\/infonewss.com\/wp-content\/uploads\/2023\/09\/Belem-vence-Paulistana-por-2-\u00d7-1-em-jogo-de-ida-das-quartas-de-finais-da-II-Copa-AMVI-IMG_1952-768x512.jpg 768w, https:\/\/infonewss.com\/wp-content\/uploads\/2023\/09\/Belem-vence-Paulistana-por-2-\u00d7-1-em-jogo-de-ida-das-quartas-de-finais-da-II-Copa-AMVI-IMG_1952-150x100.jpg 150w, https:\/\/infonewss.com\/wp-content\/uploads\/2023\/09\/Belem-vence-Paulistana-por-2-\u00d7-1-em-jogo-de-ida-das-quartas-de-finais-da-II-Copa-AMVI-IMG_1952-696x464.jpg 696w, https:\/\/infonewss.com\/wp-content\/uploads\/2023\/09\/Belem-vence-Paulistana-por-2-\u00d7-1-em-jogo-de-ida-das-quartas-de-finais-da-II-Copa-AMVI-IMG_1952.jpg 900w\" alt=\"\" width=\"300\" height=\"200\" data-srcset=\"https:\/\/infonewss.com\/wp-content\/uploads\/2023\/09\/Belem-vence-Paulistana-por-2-\u00d7-1-em-jogo-de-ida-das-quartas-de-finais-da-II-Copa-AMVI-IMG_1952-300x200.jpg 300w, https:\/\/infonewss.com\/wp-content\/uploads\/2023\/09\/Belem-vence-Paulistana-por-2-\u00d7-1-em-jogo-de-ida-das-quartas-de-finais-da-II-Copa-AMVI-IMG_1952-768x512.jpg 768w, https:\/\/infonewss.com\/wp-content\/uploads\/2023\/09\/Belem-vence-Paulistana-por-2-\u00d7-1-em-jogo-de-ida-das-quartas-de-finais-da-II-Copa-AMVI-IMG_1952-150x100.jpg 150w, https:\/\/infonewss.com\/wp-content\/uploads\/2023\/09\/Belem-vence-Paulistana-por-2-\u00d7-1-em-jogo-de-ida-das-quartas-de-finais-da-II-Copa-AMVI-IMG_1952-696x464.jpg 696w, https:\/\/infonewss.com\/wp-content\/uploads\/2023\/09\/Belem-vence-Paulistana-por-2-\u00d7-1-em-jogo-de-ida-das-quartas-de-finais-da-II-Copa-AMVI-IMG_1952.jpg 900w\" data-src=\"https:\/\/infonewss.com\/wp-content\/uploads\/2023\/09\/Belem-vence-Paulistana-por-2-\u00d7-1-em-jogo-de-ida-das-quartas-de-finais-da-II-Copa-AMVI-IMG_1952-300x200.jpg\" data-sizes=\"(max-width: 300px) 100vw, 300px\" \/><\/a><\/div>\n<\/figure>\n<figure class=\"gallery-item\">\n<div class=\"gallery-icon landscape\"><a href=\"https:\/\/infonewss.com\/wp-content\/uploads\/2023\/09\/Belem-vence-Paulistana-por-2-%C3%97-1-em-jogo-de-ida-das-quartas-de-finais-da-II-Copa-AMVI-IMG_1954.jpg\"><img loading=\"lazy\" decoding=\"async\" class=\"attachment-medium size-medium ls-is-cached lazyloaded\" src=\"https:\/\/infonewss.com\/wp-content\/uploads\/2023\/09\/Belem-vence-Paulistana-por-2-%C3%97-1-em-jogo-de-ida-das-quartas-de-finais-da-II-Copa-AMVI-IMG_1954-300x200.jpg\" sizes=\"(max-width: 300px) 100vw, 300px\" srcset=\"https:\/\/infonewss.com\/wp-content\/uploads\/2023\/09\/Belem-vence-Paulistana-por-2-\u00d7-1-em-jogo-de-ida-das-quartas-de-finais-da-II-Copa-AMVI-IMG_1954-300x200.jpg 300w, https:\/\/infonewss.com\/wp-content\/uploads\/2023\/09\/Belem-vence-Paulistana-por-2-\u00d7-1-em-jogo-de-ida-das-quartas-de-finais-da-II-Copa-AMVI-IMG_1954-768x512.jpg 768w, https:\/\/infonewss.com\/wp-content\/uploads\/2023\/09\/Belem-vence-Paulistana-por-2-\u00d7-1-em-jogo-de-ida-das-quartas-de-finais-da-II-Copa-AMVI-IMG_1954-150x100.jpg 150w, https:\/\/infonewss.com\/wp-content\/uploads\/2023\/09\/Belem-vence-Paulistana-por-2-\u00d7-1-em-jogo-de-ida-das-quartas-de-finais-da-II-Copa-AMVI-IMG_1954-696x464.jpg 696w, https:\/\/infonewss.com\/wp-content\/uploads\/2023\/09\/Belem-vence-Paulistana-por-2-\u00d7-1-em-jogo-de-ida-das-quartas-de-finais-da-II-Copa-AMVI-IMG_1954.jpg 900w\" alt=\"\" width=\"300\" height=\"200\" data-srcset=\"https:\/\/infonewss.com\/wp-content\/uploads\/2023\/09\/Belem-vence-Paulistana-por-2-\u00d7-1-em-jogo-de-ida-das-quartas-de-finais-da-II-Copa-AMVI-IMG_1954-300x200.jpg 300w, https:\/\/infonewss.com\/wp-content\/uploads\/2023\/09\/Belem-vence-Paulistana-por-2-\u00d7-1-em-jogo-de-ida-das-quartas-de-finais-da-II-Copa-AMVI-IMG_1954-768x512.jpg 768w, https:\/\/infonewss.com\/wp-content\/uploads\/2023\/09\/Belem-vence-Paulistana-por-2-\u00d7-1-em-jogo-de-ida-das-quartas-de-finais-da-II-Copa-AMVI-IMG_1954-150x100.jpg 150w, https:\/\/infonewss.com\/wp-content\/uploads\/2023\/09\/Belem-vence-Paulistana-por-2-\u00d7-1-em-jogo-de-ida-das-quartas-de-finais-da-II-Copa-AMVI-IMG_1954-696x464.jpg 696w, https:\/\/infonewss.com\/wp-content\/uploads\/2023\/09\/Belem-vence-Paulistana-por-2-\u00d7-1-em-jogo-de-ida-das-quartas-de-finais-da-II-Copa-AMVI-IMG_1954.jpg 900w\" data-src=\"https:\/\/infonewss.com\/wp-content\/uploads\/2023\/09\/Belem-vence-Paulistana-por-2-\u00d7-1-em-jogo-de-ida-das-quartas-de-finais-da-II-Copa-AMVI-IMG_1954-300x200.jpg\" data-sizes=\"(max-width: 300px) 100vw, 300px\" \/><\/a><\/div>\n<\/figure>\n<figure class=\"gallery-item\">\n<div class=\"gallery-icon landscape\"><a href=\"https:\/\/infonewss.com\/wp-content\/uploads\/2023\/09\/Belem-vence-Paulistana-por-2-%C3%97-1-em-jogo-de-ida-das-quartas-de-finais-da-II-Copa-AMVI-IMG_1956.jpg\"><img loading=\"lazy\" decoding=\"async\" class=\"attachment-medium size-medium lazyloaded\" src=\"https:\/\/infonewss.com\/wp-content\/uploads\/2023\/09\/Belem-vence-Paulistana-por-2-%C3%97-1-em-jogo-de-ida-das-quartas-de-finais-da-II-Copa-AMVI-IMG_1956-300x200.jpg\" sizes=\"(max-width: 300px) 100vw, 300px\" srcset=\"https:\/\/infonewss.com\/wp-content\/uploads\/2023\/09\/Belem-vence-Paulistana-por-2-\u00d7-1-em-jogo-de-ida-das-quartas-de-finais-da-II-Copa-AMVI-IMG_1956-300x200.jpg 300w, https:\/\/infonewss.com\/wp-content\/uploads\/2023\/09\/Belem-vence-Paulistana-por-2-\u00d7-1-em-jogo-de-ida-das-quartas-de-finais-da-II-Copa-AMVI-IMG_1956-768x512.jpg 768w, https:\/\/infonewss.com\/wp-content\/uploads\/2023\/09\/Belem-vence-Paulistana-por-2-\u00d7-1-em-jogo-de-ida-das-quartas-de-finais-da-II-Copa-AMVI-IMG_1956-150x100.jpg 150w, https:\/\/infonewss.com\/wp-content\/uploads\/2023\/09\/Belem-vence-Paulistana-por-2-\u00d7-1-em-jogo-de-ida-das-quartas-de-finais-da-II-Copa-AMVI-IMG_1956-696x464.jpg 696w, https:\/\/infonewss.com\/wp-content\/uploads\/2023\/09\/Belem-vence-Paulistana-por-2-\u00d7-1-em-jogo-de-ida-das-quartas-de-finais-da-II-Copa-AMVI-IMG_1956.jpg 900w\" alt=\"\" width=\"300\" height=\"200\" data-srcset=\"https:\/\/infonewss.com\/wp-content\/uploads\/2023\/09\/Belem-vence-Paulistana-por-2-\u00d7-1-em-jogo-de-ida-das-quartas-de-finais-da-II-Copa-AMVI-IMG_1956-300x200.jpg 300w, https:\/\/infonewss.com\/wp-content\/uploads\/2023\/09\/Belem-vence-Paulistana-por-2-\u00d7-1-em-jogo-de-ida-das-quartas-de-finais-da-II-Copa-AMVI-IMG_1956-768x512.jpg 768w, https:\/\/infonewss.com\/wp-content\/uploads\/2023\/09\/Belem-vence-Paulistana-por-2-\u00d7-1-em-jogo-de-ida-das-quartas-de-finais-da-II-Copa-AMVI-IMG_1956-150x100.jpg 150w, https:\/\/infonewss.com\/wp-content\/uploads\/2023\/09\/Belem-vence-Paulistana-por-2-\u00d7-1-em-jogo-de-ida-das-quartas-de-finais-da-II-Copa-AMVI-IMG_1956-696x464.jpg 696w, https:\/\/infonewss.com\/wp-content\/uploads\/2023\/09\/Belem-vence-Paulistana-por-2-\u00d7-1-em-jogo-de-ida-das-quartas-de-finais-da-II-Copa-AMVI-IMG_1956.jpg 900w\" data-src=\"https:\/\/infonewss.com\/wp-content\/uploads\/2023\/09\/Belem-vence-Paulistana-por-2-\u00d7-1-em-jogo-de-ida-das-quartas-de-finais-da-II-Copa-AMVI-IMG_1956-300x200.jpg\" data-sizes=\"(max-width: 300px) 100vw, 300px\" \/><\/a><\/div>\n<\/figure>\n<figure class=\"gallery-item\">\n<div class=\"gallery-icon landscape\"><a href=\"https:\/\/infonewss.com\/wp-content\/uploads\/2023\/09\/Belem-vence-Paulistana-por-2-%C3%97-1-em-jogo-de-ida-das-quartas-de-finais-da-II-Copa-AMVI-IMG_1959.jpg\"><img loading=\"lazy\" decoding=\"async\" class=\"attachment-medium size-medium lazyloaded\" src=\"https:\/\/infonewss.com\/wp-content\/uploads\/2023\/09\/Belem-vence-Paulistana-por-2-%C3%97-1-em-jogo-de-ida-das-quartas-de-finais-da-II-Copa-AMVI-IMG_1959-300x200.jpg\" sizes=\"(max-width: 300px) 100vw, 300px\" srcset=\"https:\/\/infonewss.com\/wp-content\/uploads\/2023\/09\/Belem-vence-Paulistana-por-2-\u00d7-1-em-jogo-de-ida-das-quartas-de-finais-da-II-Copa-AMVI-IMG_1959-300x200.jpg 300w, https:\/\/infonewss.com\/wp-content\/uploads\/2023\/09\/Belem-vence-Paulistana-por-2-\u00d7-1-em-jogo-de-ida-das-quartas-de-finais-da-II-Copa-AMVI-IMG_1959-768x512.jpg 768w, https:\/\/infonewss.com\/wp-content\/uploads\/2023\/09\/Belem-vence-Paulistana-por-2-\u00d7-1-em-jogo-de-ida-das-quartas-de-finais-da-II-Copa-AMVI-IMG_1959-150x100.jpg 150w, https:\/\/infonewss.com\/wp-content\/uploads\/2023\/09\/Belem-vence-Paulistana-por-2-\u00d7-1-em-jogo-de-ida-das-quartas-de-finais-da-II-Copa-AMVI-IMG_1959-696x464.jpg 696w, https:\/\/infonewss.com\/wp-content\/uploads\/2023\/09\/Belem-vence-Paulistana-por-2-\u00d7-1-em-jogo-de-ida-das-quartas-de-finais-da-II-Copa-AMVI-IMG_1959.jpg 900w\" alt=\"\" width=\"300\" height=\"200\" data-srcset=\"https:\/\/infonewss.com\/wp-content\/uploads\/2023\/09\/Belem-vence-Paulistana-por-2-\u00d7-1-em-jogo-de-ida-das-quartas-de-finais-da-II-Copa-AMVI-IMG_1959-300x200.jpg 300w, https:\/\/infonewss.com\/wp-content\/uploads\/2023\/09\/Belem-vence-Paulistana-por-2-\u00d7-1-em-jogo-de-ida-das-quartas-de-finais-da-II-Copa-AMVI-IMG_1959-768x512.jpg 768w, https:\/\/infonewss.com\/wp-content\/uploads\/2023\/09\/Belem-vence-Paulistana-por-2-\u00d7-1-em-jogo-de-ida-das-quartas-de-finais-da-II-Copa-AMVI-IMG_1959-150x100.jpg 150w, https:\/\/infonewss.com\/wp-content\/uploads\/2023\/09\/Belem-vence-Paulistana-por-2-\u00d7-1-em-jogo-de-ida-das-quartas-de-finais-da-II-Copa-AMVI-IMG_1959-696x464.jpg 696w, https:\/\/infonewss.com\/wp-content\/uploads\/2023\/09\/Belem-vence-Paulistana-por-2-\u00d7-1-em-jogo-de-ida-das-quartas-de-finais-da-II-Copa-AMVI-IMG_1959.jpg 900w\" data-src=\"https:\/\/infonewss.com\/wp-content\/uploads\/2023\/09\/Belem-vence-Paulistana-por-2-\u00d7-1-em-jogo-de-ida-das-quartas-de-finais-da-II-Copa-AMVI-IMG_1959-300x200.jpg\" data-sizes=\"(max-width: 300px) 100vw, 300px\" \/><\/a><\/div>\n<\/figure>\n<figure class=\"gallery-item\">\n<div class=\"gallery-icon landscape\"><a href=\"https:\/\/infonewss.com\/wp-content\/uploads\/2023\/09\/Belem-vence-Paulistana-por-2-%C3%97-1-em-jogo-de-ida-das-quartas-de-finais-da-II-Copa-AMVI-IMG_1960.jpg\"><img loading=\"lazy\" decoding=\"async\" class=\"attachment-medium size-medium lazyloaded\" src=\"https:\/\/infonewss.com\/wp-content\/uploads\/2023\/09\/Belem-vence-Paulistana-por-2-%C3%97-1-em-jogo-de-ida-das-quartas-de-finais-da-II-Copa-AMVI-IMG_1960-300x200.jpg\" sizes=\"(max-width: 300px) 100vw, 300px\" srcset=\"https:\/\/infonewss.com\/wp-content\/uploads\/2023\/09\/Belem-vence-Paulistana-por-2-\u00d7-1-em-jogo-de-ida-das-quartas-de-finais-da-II-Copa-AMVI-IMG_1960-300x200.jpg 300w, https:\/\/infonewss.com\/wp-content\/uploads\/2023\/09\/Belem-vence-Paulistana-por-2-\u00d7-1-em-jogo-de-ida-das-quartas-de-finais-da-II-Copa-AMVI-IMG_1960-768x512.jpg 768w, https:\/\/infonewss.com\/wp-content\/uploads\/2023\/09\/Belem-vence-Paulistana-por-2-\u00d7-1-em-jogo-de-ida-das-quartas-de-finais-da-II-Copa-AMVI-IMG_1960-150x100.jpg 150w, https:\/\/infonewss.com\/wp-content\/uploads\/2023\/09\/Belem-vence-Paulistana-por-2-\u00d7-1-em-jogo-de-ida-das-quartas-de-finais-da-II-Copa-AMVI-IMG_1960-696x464.jpg 696w, https:\/\/infonewss.com\/wp-content\/uploads\/2023\/09\/Belem-vence-Paulistana-por-2-\u00d7-1-em-jogo-de-ida-das-quartas-de-finais-da-II-Copa-AMVI-IMG_1960.jpg 900w\" alt=\"\" width=\"300\" height=\"200\" data-srcset=\"https:\/\/infonewss.com\/wp-content\/uploads\/2023\/09\/Belem-vence-Paulistana-por-2-\u00d7-1-em-jogo-de-ida-das-quartas-de-finais-da-II-Copa-AMVI-IMG_1960-300x200.jpg 300w, https:\/\/infonewss.com\/wp-content\/uploads\/2023\/09\/Belem-vence-Paulistana-por-2-\u00d7-1-em-jogo-de-ida-das-quartas-de-finais-da-II-Copa-AMVI-IMG_1960-768x512.jpg 768w, https:\/\/infonewss.com\/wp-content\/uploads\/2023\/09\/Belem-vence-Paulistana-por-2-\u00d7-1-em-jogo-de-ida-das-quartas-de-finais-da-II-Copa-AMVI-IMG_1960-150x100.jpg 150w, https:\/\/infonewss.com\/wp-content\/uploads\/2023\/09\/Belem-vence-Paulistana-por-2-\u00d7-1-em-jogo-de-ida-das-quartas-de-finais-da-II-Copa-AMVI-IMG_1960-696x464.jpg 696w, https:\/\/infonewss.com\/wp-content\/uploads\/2023\/09\/Belem-vence-Paulistana-por-2-\u00d7-1-em-jogo-de-ida-das-quartas-de-finais-da-II-Copa-AMVI-IMG_1960.jpg 900w\" data-src=\"https:\/\/infonewss.com\/wp-content\/uploads\/2023\/09\/Belem-vence-Paulistana-por-2-\u00d7-1-em-jogo-de-ida-das-quartas-de-finais-da-II-Copa-AMVI-IMG_1960-300x200.jpg\" data-sizes=\"(max-width: 300px) 100vw, 300px\" \/><\/a><\/div>\n<\/figure>\n<figure class=\"gallery-item\">\n<div class=\"gallery-icon landscape\"><a href=\"https:\/\/infonewss.com\/wp-content\/uploads\/2023\/09\/Belem-vence-Paulistana-por-2-%C3%97-1-em-jogo-de-ida-das-quartas-de-finais-da-II-Copa-AMVI-IMG_1961.jpg\"><img loading=\"lazy\" decoding=\"async\" class=\"attachment-medium size-medium ls-is-cached lazyloaded\" src=\"https:\/\/infonewss.com\/wp-content\/uploads\/2023\/09\/Belem-vence-Paulistana-por-2-%C3%97-1-em-jogo-de-ida-das-quartas-de-finais-da-II-Copa-AMVI-IMG_1961-300x200.jpg\" sizes=\"(max-width: 300px) 100vw, 300px\" srcset=\"https:\/\/infonewss.com\/wp-content\/uploads\/2023\/09\/Belem-vence-Paulistana-por-2-\u00d7-1-em-jogo-de-ida-das-quartas-de-finais-da-II-Copa-AMVI-IMG_1961-300x200.jpg 300w, https:\/\/infonewss.com\/wp-content\/uploads\/2023\/09\/Belem-vence-Paulistana-por-2-\u00d7-1-em-jogo-de-ida-das-quartas-de-finais-da-II-Copa-AMVI-IMG_1961-768x512.jpg 768w, https:\/\/infonewss.com\/wp-content\/uploads\/2023\/09\/Belem-vence-Paulistana-por-2-\u00d7-1-em-jogo-de-ida-das-quartas-de-finais-da-II-Copa-AMVI-IMG_1961-150x100.jpg 150w, https:\/\/infonewss.com\/wp-content\/uploads\/2023\/09\/Belem-vence-Paulistana-por-2-\u00d7-1-em-jogo-de-ida-das-quartas-de-finais-da-II-Copa-AMVI-IMG_1961-696x464.jpg 696w, https:\/\/infonewss.com\/wp-content\/uploads\/2023\/09\/Belem-vence-Paulistana-por-2-\u00d7-1-em-jogo-de-ida-das-quartas-de-finais-da-II-Copa-AMVI-IMG_1961.jpg 900w\" alt=\"\" width=\"300\" height=\"200\" data-srcset=\"https:\/\/infonewss.com\/wp-content\/uploads\/2023\/09\/Belem-vence-Paulistana-por-2-\u00d7-1-em-jogo-de-ida-das-quartas-de-finais-da-II-Copa-AMVI-IMG_1961-300x200.jpg 300w, https:\/\/infonewss.com\/wp-content\/uploads\/2023\/09\/Belem-vence-Paulistana-por-2-\u00d7-1-em-jogo-de-ida-das-quartas-de-finais-da-II-Copa-AMVI-IMG_1961-768x512.jpg 768w, https:\/\/infonewss.com\/wp-content\/uploads\/2023\/09\/Belem-vence-Paulistana-por-2-\u00d7-1-em-jogo-de-ida-das-quartas-de-finais-da-II-Copa-AMVI-IMG_1961-150x100.jpg 150w, https:\/\/infonewss.com\/wp-content\/uploads\/2023\/09\/Belem-vence-Paulistana-por-2-\u00d7-1-em-jogo-de-ida-das-quartas-de-finais-da-II-Copa-AMVI-IMG_1961-696x464.jpg 696w, https:\/\/infonewss.com\/wp-content\/uploads\/2023\/09\/Belem-vence-Paulistana-por-2-\u00d7-1-em-jogo-de-ida-das-quartas-de-finais-da-II-Copa-AMVI-IMG_1961.jpg 900w\" data-src=\"https:\/\/infonewss.com\/wp-content\/uploads\/2023\/09\/Belem-vence-Paulistana-por-2-\u00d7-1-em-jogo-de-ida-das-quartas-de-finais-da-II-Copa-AMVI-IMG_1961-300x200.jpg\" data-sizes=\"(max-width: 300px) 100vw, 300px\" \/><\/a><\/div>\n<\/figure>\n<figure class=\"gallery-item\">\n<div class=\"gallery-icon landscape\"><a href=\"https:\/\/infonewss.com\/wp-content\/uploads\/2023\/09\/Belem-vence-Paulistana-por-2-%C3%97-1-em-jogo-de-ida-das-quartas-de-finais-da-II-Copa-AMVI-IMG_1962.jpg\"><img loading=\"lazy\" decoding=\"async\" class=\"attachment-medium size-medium ls-is-cached lazyloaded\" src=\"https:\/\/infonewss.com\/wp-content\/uploads\/2023\/09\/Belem-vence-Paulistana-por-2-%C3%97-1-em-jogo-de-ida-das-quartas-de-finais-da-II-Copa-AMVI-IMG_1962-300x200.jpg\" sizes=\"(max-width: 300px) 100vw, 300px\" srcset=\"https:\/\/infonewss.com\/wp-content\/uploads\/2023\/09\/Belem-vence-Paulistana-por-2-\u00d7-1-em-jogo-de-ida-das-quartas-de-finais-da-II-Copa-AMVI-IMG_1962-300x200.jpg 300w, https:\/\/infonewss.com\/wp-content\/uploads\/2023\/09\/Belem-vence-Paulistana-por-2-\u00d7-1-em-jogo-de-ida-das-quartas-de-finais-da-II-Copa-AMVI-IMG_1962-768x512.jpg 768w, https:\/\/infonewss.com\/wp-content\/uploads\/2023\/09\/Belem-vence-Paulistana-por-2-\u00d7-1-em-jogo-de-ida-das-quartas-de-finais-da-II-Copa-AMVI-IMG_1962-150x100.jpg 150w, https:\/\/infonewss.com\/wp-content\/uploads\/2023\/09\/Belem-vence-Paulistana-por-2-\u00d7-1-em-jogo-de-ida-das-quartas-de-finais-da-II-Copa-AMVI-IMG_1962-696x464.jpg 696w, https:\/\/infonewss.com\/wp-content\/uploads\/2023\/09\/Belem-vence-Paulistana-por-2-\u00d7-1-em-jogo-de-ida-das-quartas-de-finais-da-II-Copa-AMVI-IMG_1962.jpg 900w\" alt=\"\" width=\"300\" height=\"200\" data-srcset=\"https:\/\/infonewss.com\/wp-content\/uploads\/2023\/09\/Belem-vence-Paulistana-por-2-\u00d7-1-em-jogo-de-ida-das-quartas-de-finais-da-II-Copa-AMVI-IMG_1962-300x200.jpg 300w, https:\/\/infonewss.com\/wp-content\/uploads\/2023\/09\/Belem-vence-Paulistana-por-2-\u00d7-1-em-jogo-de-ida-das-quartas-de-finais-da-II-Copa-AMVI-IMG_1962-768x512.jpg 768w, https:\/\/infonewss.com\/wp-content\/uploads\/2023\/09\/Belem-vence-Paulistana-por-2-\u00d7-1-em-jogo-de-ida-das-quartas-de-finais-da-II-Copa-AMVI-IMG_1962-150x100.jpg 150w, https:\/\/infonewss.com\/wp-content\/uploads\/2023\/09\/Belem-vence-Paulistana-por-2-\u00d7-1-em-jogo-de-ida-das-quartas-de-finais-da-II-Copa-AMVI-IMG_1962-696x464.jpg 696w, https:\/\/infonewss.com\/wp-content\/uploads\/2023\/09\/Belem-vence-Paulistana-por-2-\u00d7-1-em-jogo-de-ida-das-quartas-de-finais-da-II-Copa-AMVI-IMG_1962.jpg 900w\" data-src=\"https:\/\/infonewss.com\/wp-content\/uploads\/2023\/09\/Belem-vence-Paulistana-por-2-\u00d7-1-em-jogo-de-ida-das-quartas-de-finais-da-II-Copa-AMVI-IMG_1962-300x200.jpg\" data-sizes=\"(max-width: 300px) 100vw, 300px\" \/><\/a><\/div>\n<\/figure>\n<figure class=\"gallery-item\">\n<div class=\"gallery-icon landscape\"><a href=\"https:\/\/infonewss.com\/wp-content\/uploads\/2023\/09\/Belem-vence-Paulistana-por-2-%C3%97-1-em-jogo-de-ida-das-quartas-de-finais-da-II-Copa-AMVI-IMG_1963.jpg\"><img loading=\"lazy\" decoding=\"async\" class=\"attachment-medium size-medium ls-is-cached lazyloaded\" src=\"https:\/\/infonewss.com\/wp-content\/uploads\/2023\/09\/Belem-vence-Paulistana-por-2-%C3%97-1-em-jogo-de-ida-das-quartas-de-finais-da-II-Copa-AMVI-IMG_1963-300x200.jpg\" sizes=\"(max-width: 300px) 100vw, 300px\" srcset=\"https:\/\/infonewss.com\/wp-content\/uploads\/2023\/09\/Belem-vence-Paulistana-por-2-\u00d7-1-em-jogo-de-ida-das-quartas-de-finais-da-II-Copa-AMVI-IMG_1963-300x200.jpg 300w, https:\/\/infonewss.com\/wp-content\/uploads\/2023\/09\/Belem-vence-Paulistana-por-2-\u00d7-1-em-jogo-de-ida-das-quartas-de-finais-da-II-Copa-AMVI-IMG_1963-768x512.jpg 768w, https:\/\/infonewss.com\/wp-content\/uploads\/2023\/09\/Belem-vence-Paulistana-por-2-\u00d7-1-em-jogo-de-ida-das-quartas-de-finais-da-II-Copa-AMVI-IMG_1963-150x100.jpg 150w, https:\/\/infonewss.com\/wp-content\/uploads\/2023\/09\/Belem-vence-Paulistana-por-2-\u00d7-1-em-jogo-de-ida-das-quartas-de-finais-da-II-Copa-AMVI-IMG_1963-696x464.jpg 696w, https:\/\/infonewss.com\/wp-content\/uploads\/2023\/09\/Belem-vence-Paulistana-por-2-\u00d7-1-em-jogo-de-ida-das-quartas-de-finais-da-II-Copa-AMVI-IMG_1963.jpg 900w\" alt=\"\" width=\"300\" height=\"200\" data-srcset=\"https:\/\/infonewss.com\/wp-content\/uploads\/2023\/09\/Belem-vence-Paulistana-por-2-\u00d7-1-em-jogo-de-ida-das-quartas-de-finais-da-II-Copa-AMVI-IMG_1963-300x200.jpg 300w, https:\/\/infonewss.com\/wp-content\/uploads\/2023\/09\/Belem-vence-Paulistana-por-2-\u00d7-1-em-jogo-de-ida-das-quartas-de-finais-da-II-Copa-AMVI-IMG_1963-768x512.jpg 768w, https:\/\/infonewss.com\/wp-content\/uploads\/2023\/09\/Belem-vence-Paulistana-por-2-\u00d7-1-em-jogo-de-ida-das-quartas-de-finais-da-II-Copa-AMVI-IMG_1963-150x100.jpg 150w, https:\/\/infonewss.com\/wp-content\/uploads\/2023\/09\/Belem-vence-Paulistana-por-2-\u00d7-1-em-jogo-de-ida-das-quartas-de-finais-da-II-Copa-AMVI-IMG_1963-696x464.jpg 696w, https:\/\/infonewss.com\/wp-content\/uploads\/2023\/09\/Belem-vence-Paulistana-por-2-\u00d7-1-em-jogo-de-ida-das-quartas-de-finais-da-II-Copa-AMVI-IMG_1963.jpg 900w\" data-src=\"https:\/\/infonewss.com\/wp-content\/uploads\/2023\/09\/Belem-vence-Paulistana-por-2-\u00d7-1-em-jogo-de-ida-das-quartas-de-finais-da-II-Copa-AMVI-IMG_1963-300x200.jpg\" data-sizes=\"(max-width: 300px) 100vw, 300px\" \/><\/a><\/div>\n<\/figure>\n<figure class=\"gallery-item\">\n<div class=\"gallery-icon landscape\"><a href=\"https:\/\/infonewss.com\/wp-content\/uploads\/2023\/09\/Belem-vence-Paulistana-por-2-%C3%97-1-em-jogo-de-ida-das-quartas-de-finais-da-II-Copa-AMVI-IMG_1964.jpg\"><img loading=\"lazy\" decoding=\"async\" class=\"attachment-medium size-medium lazyloaded\" src=\"https:\/\/infonewss.com\/wp-content\/uploads\/2023\/09\/Belem-vence-Paulistana-por-2-%C3%97-1-em-jogo-de-ida-das-quartas-de-finais-da-II-Copa-AMVI-IMG_1964-300x200.jpg\" sizes=\"(max-width: 300px) 100vw, 300px\" srcset=\"https:\/\/infonewss.com\/wp-content\/uploads\/2023\/09\/Belem-vence-Paulistana-por-2-\u00d7-1-em-jogo-de-ida-das-quartas-de-finais-da-II-Copa-AMVI-IMG_1964-300x200.jpg 300w, https:\/\/infonewss.com\/wp-content\/uploads\/2023\/09\/Belem-vence-Paulistana-por-2-\u00d7-1-em-jogo-de-ida-das-quartas-de-finais-da-II-Copa-AMVI-IMG_1964-768x512.jpg 768w, https:\/\/infonewss.com\/wp-content\/uploads\/2023\/09\/Belem-vence-Paulistana-por-2-\u00d7-1-em-jogo-de-ida-das-quartas-de-finais-da-II-Copa-AMVI-IMG_1964-150x100.jpg 150w, https:\/\/infonewss.com\/wp-content\/uploads\/2023\/09\/Belem-vence-Paulistana-por-2-\u00d7-1-em-jogo-de-ida-das-quartas-de-finais-da-II-Copa-AMVI-IMG_1964-696x464.jpg 696w, https:\/\/infonewss.com\/wp-content\/uploads\/2023\/09\/Belem-vence-Paulistana-por-2-\u00d7-1-em-jogo-de-ida-das-quartas-de-finais-da-II-Copa-AMVI-IMG_1964.jpg 900w\" alt=\"\" width=\"300\" height=\"200\" data-srcset=\"https:\/\/infonewss.com\/wp-content\/uploads\/2023\/09\/Belem-vence-Paulistana-por-2-\u00d7-1-em-jogo-de-ida-das-quartas-de-finais-da-II-Copa-AMVI-IMG_1964-300x200.jpg 300w, https:\/\/infonewss.com\/wp-content\/uploads\/2023\/09\/Belem-vence-Paulistana-por-2-\u00d7-1-em-jogo-de-ida-das-quartas-de-finais-da-II-Copa-AMVI-IMG_1964-768x512.jpg 768w, https:\/\/infonewss.com\/wp-content\/uploads\/2023\/09\/Belem-vence-Paulistana-por-2-\u00d7-1-em-jogo-de-ida-das-quartas-de-finais-da-II-Copa-AMVI-IMG_1964-150x100.jpg 150w, https:\/\/infonewss.com\/wp-content\/uploads\/2023\/09\/Belem-vence-Paulistana-por-2-\u00d7-1-em-jogo-de-ida-das-quartas-de-finais-da-II-Copa-AMVI-IMG_1964-696x464.jpg 696w, https:\/\/infonewss.com\/wp-content\/uploads\/2023\/09\/Belem-vence-Paulistana-por-2-\u00d7-1-em-jogo-de-ida-das-quartas-de-finais-da-II-Copa-AMVI-IMG_1964.jpg 900w\" data-src=\"https:\/\/infonewss.com\/wp-content\/uploads\/2023\/09\/Belem-vence-Paulistana-por-2-\u00d7-1-em-jogo-de-ida-das-quartas-de-finais-da-II-Copa-AMVI-IMG_1964-300x200.jpg\" data-sizes=\"(max-width: 300px) 100vw, 300px\" \/><\/a><\/div>\n<\/figure>\n<figure class=\"gallery-item\">\n<div class=\"gallery-icon landscape\"><a href=\"https:\/\/infonewss.com\/wp-content\/uploads\/2023\/09\/Belem-vence-Paulistana-por-2-%C3%97-1-em-jogo-de-ida-das-quartas-de-finais-da-II-Copa-AMVI-IMG_1968.jpg\"><img loading=\"lazy\" decoding=\"async\" class=\"attachment-medium size-medium lazyloaded\" src=\"https:\/\/infonewss.com\/wp-content\/uploads\/2023\/09\/Belem-vence-Paulistana-por-2-%C3%97-1-em-jogo-de-ida-das-quartas-de-finais-da-II-Copa-AMVI-IMG_1968-300x200.jpg\" sizes=\"(max-width: 300px) 100vw, 300px\" srcset=\"https:\/\/infonewss.com\/wp-content\/uploads\/2023\/09\/Belem-vence-Paulistana-por-2-\u00d7-1-em-jogo-de-ida-das-quartas-de-finais-da-II-Copa-AMVI-IMG_1968-300x200.jpg 300w, https:\/\/infonewss.com\/wp-content\/uploads\/2023\/09\/Belem-vence-Paulistana-por-2-\u00d7-1-em-jogo-de-ida-das-quartas-de-finais-da-II-Copa-AMVI-IMG_1968-768x512.jpg 768w, https:\/\/infonewss.com\/wp-content\/uploads\/2023\/09\/Belem-vence-Paulistana-por-2-\u00d7-1-em-jogo-de-ida-das-quartas-de-finais-da-II-Copa-AMVI-IMG_1968-150x100.jpg 150w, https:\/\/infonewss.com\/wp-content\/uploads\/2023\/09\/Belem-vence-Paulistana-por-2-\u00d7-1-em-jogo-de-ida-das-quartas-de-finais-da-II-Copa-AMVI-IMG_1968-696x464.jpg 696w, https:\/\/infonewss.com\/wp-content\/uploads\/2023\/09\/Belem-vence-Paulistana-por-2-\u00d7-1-em-jogo-de-ida-das-quartas-de-finais-da-II-Copa-AMVI-IMG_1968.jpg 900w\" alt=\"\" width=\"300\" height=\"200\" data-srcset=\"https:\/\/infonewss.com\/wp-content\/uploads\/2023\/09\/Belem-vence-Paulistana-por-2-\u00d7-1-em-jogo-de-ida-das-quartas-de-finais-da-II-Copa-AMVI-IMG_1968-300x200.jpg 300w, https:\/\/infonewss.com\/wp-content\/uploads\/2023\/09\/Belem-vence-Paulistana-por-2-\u00d7-1-em-jogo-de-ida-das-quartas-de-finais-da-II-Copa-AMVI-IMG_1968-768x512.jpg 768w, https:\/\/infonewss.com\/wp-content\/uploads\/2023\/09\/Belem-vence-Paulistana-por-2-\u00d7-1-em-jogo-de-ida-das-quartas-de-finais-da-II-Copa-AMVI-IMG_1968-150x100.jpg 150w, https:\/\/infonewss.com\/wp-content\/uploads\/2023\/09\/Belem-vence-Paulistana-por-2-\u00d7-1-em-jogo-de-ida-das-quartas-de-finais-da-II-Copa-AMVI-IMG_1968-696x464.jpg 696w, https:\/\/infonewss.com\/wp-content\/uploads\/2023\/09\/Belem-vence-Paulistana-por-2-\u00d7-1-em-jogo-de-ida-das-quartas-de-finais-da-II-Copa-AMVI-IMG_1968.jpg 900w\" data-src=\"https:\/\/infonewss.com\/wp-content\/uploads\/2023\/09\/Belem-vence-Paulistana-por-2-\u00d7-1-em-jogo-de-ida-das-quartas-de-finais-da-II-Copa-AMVI-IMG_1968-300x200.jpg\" data-sizes=\"(max-width: 300px) 100vw, 300px\" \/><\/a><\/div>\n<\/figure>\n<figure class=\"gallery-item\">\n<div class=\"gallery-icon portrait\"><a href=\"https:\/\/infonewss.com\/wp-content\/uploads\/2023\/09\/Belem-vence-Paulistana-por-2-%C3%97-1-em-jogo-de-ida-das-quartas-de-finais-da-II-Copa-AMVI-IMG_1971.jpg\"><img loading=\"lazy\" decoding=\"async\" class=\"attachment-medium size-medium ls-is-cached lazyloaded\" src=\"https:\/\/infonewss.com\/wp-content\/uploads\/2023\/09\/Belem-vence-Paulistana-por-2-%C3%97-1-em-jogo-de-ida-das-quartas-de-finais-da-II-Copa-AMVI-IMG_1971-200x300.jpg\" sizes=\"(max-width: 200px) 100vw, 200px\" srcset=\"https:\/\/infonewss.com\/wp-content\/uploads\/2023\/09\/Belem-vence-Paulistana-por-2-\u00d7-1-em-jogo-de-ida-das-quartas-de-finais-da-II-Copa-AMVI-IMG_1971-200x300.jpg 200w, https:\/\/infonewss.com\/wp-content\/uploads\/2023\/09\/Belem-vence-Paulistana-por-2-\u00d7-1-em-jogo-de-ida-das-quartas-de-finais-da-II-Copa-AMVI-IMG_1971-683x1024.jpg 683w, https:\/\/infonewss.com\/wp-content\/uploads\/2023\/09\/Belem-vence-Paulistana-por-2-\u00d7-1-em-jogo-de-ida-das-quartas-de-finais-da-II-Copa-AMVI-IMG_1971-768x1152.jpg 768w, https:\/\/infonewss.com\/wp-content\/uploads\/2023\/09\/Belem-vence-Paulistana-por-2-\u00d7-1-em-jogo-de-ida-das-quartas-de-finais-da-II-Copa-AMVI-IMG_1971-150x225.jpg 150w, https:\/\/infonewss.com\/wp-content\/uploads\/2023\/09\/Belem-vence-Paulistana-por-2-\u00d7-1-em-jogo-de-ida-das-quartas-de-finais-da-II-Copa-AMVI-IMG_1971-300x450.jpg 300w, https:\/\/infonewss.com\/wp-content\/uploads\/2023\/09\/Belem-vence-Paulistana-por-2-\u00d7-1-em-jogo-de-ida-das-quartas-de-finais-da-II-Copa-AMVI-IMG_1971-696x1044.jpg 696w, https:\/\/infonewss.com\/wp-content\/uploads\/2023\/09\/Belem-vence-Paulistana-por-2-\u00d7-1-em-jogo-de-ida-das-quartas-de-finais-da-II-Copa-AMVI-IMG_1971.jpg 900w\" alt=\"\" width=\"200\" height=\"300\" data-srcset=\"https:\/\/infonewss.com\/wp-content\/uploads\/2023\/09\/Belem-vence-Paulistana-por-2-\u00d7-1-em-jogo-de-ida-das-quartas-de-finais-da-II-Copa-AMVI-IMG_1971-200x300.jpg 200w, https:\/\/infonewss.com\/wp-content\/uploads\/2023\/09\/Belem-vence-Paulistana-por-2-\u00d7-1-em-jogo-de-ida-das-quartas-de-finais-da-II-Copa-AMVI-IMG_1971-683x1024.jpg 683w, https:\/\/infonewss.com\/wp-content\/uploads\/2023\/09\/Belem-vence-Paulistana-por-2-\u00d7-1-em-jogo-de-ida-das-quartas-de-finais-da-II-Copa-AMVI-IMG_1971-768x1152.jpg 768w, https:\/\/infonewss.com\/wp-content\/uploads\/2023\/09\/Belem-vence-Paulistana-por-2-\u00d7-1-em-jogo-de-ida-das-quartas-de-finais-da-II-Copa-AMVI-IMG_1971-150x225.jpg 150w, https:\/\/infonewss.com\/wp-content\/uploads\/2023\/09\/Belem-vence-Paulistana-por-2-\u00d7-1-em-jogo-de-ida-das-quartas-de-finais-da-II-Copa-AMVI-IMG_1971-300x450.jpg 300w, https:\/\/infonewss.com\/wp-content\/uploads\/2023\/09\/Belem-vence-Paulistana-por-2-\u00d7-1-em-jogo-de-ida-das-quartas-de-finais-da-II-Copa-AMVI-IMG_1971-696x1044.jpg 696w, https:\/\/infonewss.com\/wp-content\/uploads\/2023\/09\/Belem-vence-Paulistana-por-2-\u00d7-1-em-jogo-de-ida-das-quartas-de-finais-da-II-Copa-AMVI-IMG_1971.jpg 900w\" data-src=\"https:\/\/infonewss.com\/wp-content\/uploads\/2023\/09\/Belem-vence-Paulistana-por-2-\u00d7-1-em-jogo-de-ida-das-quartas-de-finais-da-II-Copa-AMVI-IMG_1971-200x300.jpg\" data-sizes=\"(max-width: 200px) 100vw, 200px\" \/><\/a><\/div>\n<\/figure>\n<figure class=\"gallery-item\">\n<div class=\"gallery-icon portrait\"><a href=\"https:\/\/infonewss.com\/wp-content\/uploads\/2023\/09\/Belem-vence-Paulistana-por-2-%C3%97-1-em-jogo-de-ida-das-quartas-de-finais-da-II-Copa-AMVI-IMG_1973.jpg\"><img loading=\"lazy\" decoding=\"async\" class=\"attachment-medium size-medium ls-is-cached lazyloaded\" src=\"https:\/\/infonewss.com\/wp-content\/uploads\/2023\/09\/Belem-vence-Paulistana-por-2-%C3%97-1-em-jogo-de-ida-das-quartas-de-finais-da-II-Copa-AMVI-IMG_1973-200x300.jpg\" sizes=\"(max-width: 200px) 100vw, 200px\" srcset=\"https:\/\/infonewss.com\/wp-content\/uploads\/2023\/09\/Belem-vence-Paulistana-por-2-\u00d7-1-em-jogo-de-ida-das-quartas-de-finais-da-II-Copa-AMVI-IMG_1973-200x300.jpg 200w, https:\/\/infonewss.com\/wp-content\/uploads\/2023\/09\/Belem-vence-Paulistana-por-2-\u00d7-1-em-jogo-de-ida-das-quartas-de-finais-da-II-Copa-AMVI-IMG_1973-683x1024.jpg 683w, https:\/\/infonewss.com\/wp-content\/uploads\/2023\/09\/Belem-vence-Paulistana-por-2-\u00d7-1-em-jogo-de-ida-das-quartas-de-finais-da-II-Copa-AMVI-IMG_1973-768x1152.jpg 768w, https:\/\/infonewss.com\/wp-content\/uploads\/2023\/09\/Belem-vence-Paulistana-por-2-\u00d7-1-em-jogo-de-ida-das-quartas-de-finais-da-II-Copa-AMVI-IMG_1973-150x225.jpg 150w, https:\/\/infonewss.com\/wp-content\/uploads\/2023\/09\/Belem-vence-Paulistana-por-2-\u00d7-1-em-jogo-de-ida-das-quartas-de-finais-da-II-Copa-AMVI-IMG_1973-300x450.jpg 300w, https:\/\/infonewss.com\/wp-content\/uploads\/2023\/09\/Belem-vence-Paulistana-por-2-\u00d7-1-em-jogo-de-ida-das-quartas-de-finais-da-II-Copa-AMVI-IMG_1973-696x1044.jpg 696w, https:\/\/infonewss.com\/wp-content\/uploads\/2023\/09\/Belem-vence-Paulistana-por-2-\u00d7-1-em-jogo-de-ida-das-quartas-de-finais-da-II-Copa-AMVI-IMG_1973.jpg 900w\" alt=\"\" width=\"200\" height=\"300\" data-srcset=\"https:\/\/infonewss.com\/wp-content\/uploads\/2023\/09\/Belem-vence-Paulistana-por-2-\u00d7-1-em-jogo-de-ida-das-quartas-de-finais-da-II-Copa-AMVI-IMG_1973-200x300.jpg 200w, https:\/\/infonewss.com\/wp-content\/uploads\/2023\/09\/Belem-vence-Paulistana-por-2-\u00d7-1-em-jogo-de-ida-das-quartas-de-finais-da-II-Copa-AMVI-IMG_1973-683x1024.jpg 683w, https:\/\/infonewss.com\/wp-content\/uploads\/2023\/09\/Belem-vence-Paulistana-por-2-\u00d7-1-em-jogo-de-ida-das-quartas-de-finais-da-II-Copa-AMVI-IMG_1973-768x1152.jpg 768w, https:\/\/infonewss.com\/wp-content\/uploads\/2023\/09\/Belem-vence-Paulistana-por-2-\u00d7-1-em-jogo-de-ida-das-quartas-de-finais-da-II-Copa-AMVI-IMG_1973-150x225.jpg 150w, https:\/\/infonewss.com\/wp-content\/uploads\/2023\/09\/Belem-vence-Paulistana-por-2-\u00d7-1-em-jogo-de-ida-das-quartas-de-finais-da-II-Copa-AMVI-IMG_1973-300x450.jpg 300w, https:\/\/infonewss.com\/wp-content\/uploads\/2023\/09\/Belem-vence-Paulistana-por-2-\u00d7-1-em-jogo-de-ida-das-quartas-de-finais-da-II-Copa-AMVI-IMG_1973-696x1044.jpg 696w, https:\/\/infonewss.com\/wp-content\/uploads\/2023\/09\/Belem-vence-Paulistana-por-2-\u00d7-1-em-jogo-de-ida-das-quartas-de-finais-da-II-Copa-AMVI-IMG_1973.jpg 900w\" data-src=\"https:\/\/infonewss.com\/wp-content\/uploads\/2023\/09\/Belem-vence-Paulistana-por-2-\u00d7-1-em-jogo-de-ida-das-quartas-de-finais-da-II-Copa-AMVI-IMG_1973-200x300.jpg\" data-sizes=\"(max-width: 200px) 100vw, 200px\" \/><\/a><\/div>\n<\/figure>\n<figure class=\"gallery-item\">\n<div class=\"gallery-icon landscape\"><a href=\"https:\/\/infonewss.com\/wp-content\/uploads\/2023\/09\/Belem-vence-Paulistana-por-2-%C3%97-1-em-jogo-de-ida-das-quartas-de-finais-da-II-Copa-AMVI-IMG_1974.jpg\"><img loading=\"lazy\" decoding=\"async\" class=\"attachment-medium size-medium lazyloaded\" src=\"https:\/\/infonewss.com\/wp-content\/uploads\/2023\/09\/Belem-vence-Paulistana-por-2-%C3%97-1-em-jogo-de-ida-das-quartas-de-finais-da-II-Copa-AMVI-IMG_1974-300x200.jpg\" sizes=\"(max-width: 300px) 100vw, 300px\" srcset=\"https:\/\/infonewss.com\/wp-content\/uploads\/2023\/09\/Belem-vence-Paulistana-por-2-\u00d7-1-em-jogo-de-ida-das-quartas-de-finais-da-II-Copa-AMVI-IMG_1974-300x200.jpg 300w, https:\/\/infonewss.com\/wp-content\/uploads\/2023\/09\/Belem-vence-Paulistana-por-2-\u00d7-1-em-jogo-de-ida-das-quartas-de-finais-da-II-Copa-AMVI-IMG_1974-768x512.jpg 768w, https:\/\/infonewss.com\/wp-content\/uploads\/2023\/09\/Belem-vence-Paulistana-por-2-\u00d7-1-em-jogo-de-ida-das-quartas-de-finais-da-II-Copa-AMVI-IMG_1974-150x100.jpg 150w, https:\/\/infonewss.com\/wp-content\/uploads\/2023\/09\/Belem-vence-Paulistana-por-2-\u00d7-1-em-jogo-de-ida-das-quartas-de-finais-da-II-Copa-AMVI-IMG_1974-696x464.jpg 696w, https:\/\/infonewss.com\/wp-content\/uploads\/2023\/09\/Belem-vence-Paulistana-por-2-\u00d7-1-em-jogo-de-ida-das-quartas-de-finais-da-II-Copa-AMVI-IMG_1974.jpg 900w\" alt=\"\" width=\"300\" height=\"200\" data-srcset=\"https:\/\/infonewss.com\/wp-content\/uploads\/2023\/09\/Belem-vence-Paulistana-por-2-\u00d7-1-em-jogo-de-ida-das-quartas-de-finais-da-II-Copa-AMVI-IMG_1974-300x200.jpg 300w, https:\/\/infonewss.com\/wp-content\/uploads\/2023\/09\/Belem-vence-Paulistana-por-2-\u00d7-1-em-jogo-de-ida-das-quartas-de-finais-da-II-Copa-AMVI-IMG_1974-768x512.jpg 768w, https:\/\/infonewss.com\/wp-content\/uploads\/2023\/09\/Belem-vence-Paulistana-por-2-\u00d7-1-em-jogo-de-ida-das-quartas-de-finais-da-II-Copa-AMVI-IMG_1974-150x100.jpg 150w, https:\/\/infonewss.com\/wp-content\/uploads\/2023\/09\/Belem-vence-Paulistana-por-2-\u00d7-1-em-jogo-de-ida-das-quartas-de-finais-da-II-Copa-AMVI-IMG_1974-696x464.jpg 696w, https:\/\/infonewss.com\/wp-content\/uploads\/2023\/09\/Belem-vence-Paulistana-por-2-\u00d7-1-em-jogo-de-ida-das-quartas-de-finais-da-II-Copa-AMVI-IMG_1974.jpg 900w\" data-src=\"https:\/\/infonewss.com\/wp-content\/uploads\/2023\/09\/Belem-vence-Paulistana-por-2-\u00d7-1-em-jogo-de-ida-das-quartas-de-finais-da-II-Copa-AMVI-IMG_1974-300x200.jpg\" data-sizes=\"(max-width: 300px) 100vw, 300px\" \/><\/a><\/div>\n<\/figure>\n<figure class=\"gallery-item\">\n<div class=\"gallery-icon landscape\"><a href=\"https:\/\/infonewss.com\/wp-content\/uploads\/2023\/09\/Belem-vence-Paulistana-por-2-%C3%97-1-em-jogo-de-ida-das-quartas-de-finais-da-II-Copa-AMVI-IMG_1977.jpg\"><img loading=\"lazy\" decoding=\"async\" class=\"attachment-medium size-medium ls-is-cached lazyloaded\" src=\"https:\/\/infonewss.com\/wp-content\/uploads\/2023\/09\/Belem-vence-Paulistana-por-2-%C3%97-1-em-jogo-de-ida-das-quartas-de-finais-da-II-Copa-AMVI-IMG_1977-300x200.jpg\" sizes=\"(max-width: 300px) 100vw, 300px\" srcset=\"https:\/\/infonewss.com\/wp-content\/uploads\/2023\/09\/Belem-vence-Paulistana-por-2-\u00d7-1-em-jogo-de-ida-das-quartas-de-finais-da-II-Copa-AMVI-IMG_1977-300x200.jpg 300w, https:\/\/infonewss.com\/wp-content\/uploads\/2023\/09\/Belem-vence-Paulistana-por-2-\u00d7-1-em-jogo-de-ida-das-quartas-de-finais-da-II-Copa-AMVI-IMG_1977-768x512.jpg 768w, https:\/\/infonewss.com\/wp-content\/uploads\/2023\/09\/Belem-vence-Paulistana-por-2-\u00d7-1-em-jogo-de-ida-das-quartas-de-finais-da-II-Copa-AMVI-IMG_1977-150x100.jpg 150w, https:\/\/infonewss.com\/wp-content\/uploads\/2023\/09\/Belem-vence-Paulistana-por-2-\u00d7-1-em-jogo-de-ida-das-quartas-de-finais-da-II-Copa-AMVI-IMG_1977-696x464.jpg 696w, https:\/\/infonewss.com\/wp-content\/uploads\/2023\/09\/Belem-vence-Paulistana-por-2-\u00d7-1-em-jogo-de-ida-das-quartas-de-finais-da-II-Copa-AMVI-IMG_1977.jpg 900w\" alt=\"\" width=\"300\" height=\"200\" data-srcset=\"https:\/\/infonewss.com\/wp-content\/uploads\/2023\/09\/Belem-vence-Paulistana-por-2-\u00d7-1-em-jogo-de-ida-das-quartas-de-finais-da-II-Copa-AMVI-IMG_1977-300x200.jpg 300w, https:\/\/infonewss.com\/wp-content\/uploads\/2023\/09\/Belem-vence-Paulistana-por-2-\u00d7-1-em-jogo-de-ida-das-quartas-de-finais-da-II-Copa-AMVI-IMG_1977-768x512.jpg 768w, https:\/\/infonewss.com\/wp-content\/uploads\/2023\/09\/Belem-vence-Paulistana-por-2-\u00d7-1-em-jogo-de-ida-das-quartas-de-finais-da-II-Copa-AMVI-IMG_1977-150x100.jpg 150w, https:\/\/infonewss.com\/wp-content\/uploads\/2023\/09\/Belem-vence-Paulistana-por-2-\u00d7-1-em-jogo-de-ida-das-quartas-de-finais-da-II-Copa-AMVI-IMG_1977-696x464.jpg 696w, https:\/\/infonewss.com\/wp-content\/uploads\/2023\/09\/Belem-vence-Paulistana-por-2-\u00d7-1-em-jogo-de-ida-das-quartas-de-finais-da-II-Copa-AMVI-IMG_1977.jpg 900w\" data-src=\"https:\/\/infonewss.com\/wp-content\/uploads\/2023\/09\/Belem-vence-Paulistana-por-2-\u00d7-1-em-jogo-de-ida-das-quartas-de-finais-da-II-Copa-AMVI-IMG_1977-300x200.jpg\" data-sizes=\"(max-width: 300px) 100vw, 300px\" \/><\/a><\/div>\n<\/figure>\n<figure class=\"gallery-item\">\n<div class=\"gallery-icon landscape\"><a href=\"https:\/\/infonewss.com\/wp-content\/uploads\/2023\/09\/Belem-vence-Paulistana-por-2-%C3%97-1-em-jogo-de-ida-das-quartas-de-finais-da-II-Copa-AMVI-IMG_1989.jpg\"><img loading=\"lazy\" decoding=\"async\" class=\"attachment-medium size-medium lazyloaded\" src=\"https:\/\/infonewss.com\/wp-content\/uploads\/2023\/09\/Belem-vence-Paulistana-por-2-%C3%97-1-em-jogo-de-ida-das-quartas-de-finais-da-II-Copa-AMVI-IMG_1989-300x200.jpg\" sizes=\"(max-width: 300px) 100vw, 300px\" srcset=\"https:\/\/infonewss.com\/wp-content\/uploads\/2023\/09\/Belem-vence-Paulistana-por-2-\u00d7-1-em-jogo-de-ida-das-quartas-de-finais-da-II-Copa-AMVI-IMG_1989-300x200.jpg 300w, https:\/\/infonewss.com\/wp-content\/uploads\/2023\/09\/Belem-vence-Paulistana-por-2-\u00d7-1-em-jogo-de-ida-das-quartas-de-finais-da-II-Copa-AMVI-IMG_1989-768x512.jpg 768w, https:\/\/infonewss.com\/wp-content\/uploads\/2023\/09\/Belem-vence-Paulistana-por-2-\u00d7-1-em-jogo-de-ida-das-quartas-de-finais-da-II-Copa-AMVI-IMG_1989-150x100.jpg 150w, https:\/\/infonewss.com\/wp-content\/uploads\/2023\/09\/Belem-vence-Paulistana-por-2-\u00d7-1-em-jogo-de-ida-das-quartas-de-finais-da-II-Copa-AMVI-IMG_1989-696x464.jpg 696w, https:\/\/infonewss.com\/wp-content\/uploads\/2023\/09\/Belem-vence-Paulistana-por-2-\u00d7-1-em-jogo-de-ida-das-quartas-de-finais-da-II-Copa-AMVI-IMG_1989.jpg 900w\" alt=\"\" width=\"300\" height=\"200\" data-srcset=\"https:\/\/infonewss.com\/wp-content\/uploads\/2023\/09\/Belem-vence-Paulistana-por-2-\u00d7-1-em-jogo-de-ida-das-quartas-de-finais-da-II-Copa-AMVI-IMG_1989-300x200.jpg 300w, https:\/\/infonewss.com\/wp-content\/uploads\/2023\/09\/Belem-vence-Paulistana-por-2-\u00d7-1-em-jogo-de-ida-das-quartas-de-finais-da-II-Copa-AMVI-IMG_1989-768x512.jpg 768w, https:\/\/infonewss.com\/wp-content\/uploads\/2023\/09\/Belem-vence-Paulistana-por-2-\u00d7-1-em-jogo-de-ida-das-quartas-de-finais-da-II-Copa-AMVI-IMG_1989-150x100.jpg 150w, https:\/\/infonewss.com\/wp-content\/uploads\/2023\/09\/Belem-vence-Paulistana-por-2-\u00d7-1-em-jogo-de-ida-das-quartas-de-finais-da-II-Copa-AMVI-IMG_1989-696x464.jpg 696w, https:\/\/infonewss.com\/wp-content\/uploads\/2023\/09\/Belem-vence-Paulistana-por-2-\u00d7-1-em-jogo-de-ida-das-quartas-de-finais-da-II-Copa-AMVI-IMG_1989.jpg 900w\" data-src=\"https:\/\/infonewss.com\/wp-content\/uploads\/2023\/09\/Belem-vence-Paulistana-por-2-\u00d7-1-em-jogo-de-ida-das-quartas-de-finais-da-II-Copa-AMVI-IMG_1989-300x200.jpg\" data-sizes=\"(max-width: 300px) 100vw, 300px\" \/><\/a><\/div>\n<\/figure>\n<figure class=\"gallery-item\">\n<div class=\"gallery-icon landscape\"><a href=\"https:\/\/infonewss.com\/wp-content\/uploads\/2023\/09\/Belem-vence-Paulistana-por-2-%C3%97-1-em-jogo-de-ida-das-quartas-de-finais-da-II-Copa-AMVI-IMG_1991.jpg\"><img loading=\"lazy\" decoding=\"async\" class=\"attachment-medium size-medium lazyloaded\" src=\"https:\/\/infonewss.com\/wp-content\/uploads\/2023\/09\/Belem-vence-Paulistana-por-2-%C3%97-1-em-jogo-de-ida-das-quartas-de-finais-da-II-Copa-AMVI-IMG_1991-300x200.jpg\" sizes=\"(max-width: 300px) 100vw, 300px\" srcset=\"https:\/\/infonewss.com\/wp-content\/uploads\/2023\/09\/Belem-vence-Paulistana-por-2-\u00d7-1-em-jogo-de-ida-das-quartas-de-finais-da-II-Copa-AMVI-IMG_1991-300x200.jpg 300w, https:\/\/infonewss.com\/wp-content\/uploads\/2023\/09\/Belem-vence-Paulistana-por-2-\u00d7-1-em-jogo-de-ida-das-quartas-de-finais-da-II-Copa-AMVI-IMG_1991-768x512.jpg 768w, https:\/\/infonewss.com\/wp-content\/uploads\/2023\/09\/Belem-vence-Paulistana-por-2-\u00d7-1-em-jogo-de-ida-das-quartas-de-finais-da-II-Copa-AMVI-IMG_1991-150x100.jpg 150w, https:\/\/infonewss.com\/wp-content\/uploads\/2023\/09\/Belem-vence-Paulistana-por-2-\u00d7-1-em-jogo-de-ida-das-quartas-de-finais-da-II-Copa-AMVI-IMG_1991-696x464.jpg 696w, https:\/\/infonewss.com\/wp-content\/uploads\/2023\/09\/Belem-vence-Paulistana-por-2-\u00d7-1-em-jogo-de-ida-das-quartas-de-finais-da-II-Copa-AMVI-IMG_1991.jpg 900w\" alt=\"\" width=\"300\" height=\"200\" data-srcset=\"https:\/\/infonewss.com\/wp-content\/uploads\/2023\/09\/Belem-vence-Paulistana-por-2-\u00d7-1-em-jogo-de-ida-das-quartas-de-finais-da-II-Copa-AMVI-IMG_1991-300x200.jpg 300w, https:\/\/infonewss.com\/wp-content\/uploads\/2023\/09\/Belem-vence-Paulistana-por-2-\u00d7-1-em-jogo-de-ida-das-quartas-de-finais-da-II-Copa-AMVI-IMG_1991-768x512.jpg 768w, https:\/\/infonewss.com\/wp-content\/uploads\/2023\/09\/Belem-vence-Paulistana-por-2-\u00d7-1-em-jogo-de-ida-das-quartas-de-finais-da-II-Copa-AMVI-IMG_1991-150x100.jpg 150w, https:\/\/infonewss.com\/wp-content\/uploads\/2023\/09\/Belem-vence-Paulistana-por-2-\u00d7-1-em-jogo-de-ida-das-quartas-de-finais-da-II-Copa-AMVI-IMG_1991-696x464.jpg 696w, https:\/\/infonewss.com\/wp-content\/uploads\/2023\/09\/Belem-vence-Paulistana-por-2-\u00d7-1-em-jogo-de-ida-das-quartas-de-finais-da-II-Copa-AMVI-IMG_1991.jpg 900w\" data-src=\"https:\/\/infonewss.com\/wp-content\/uploads\/2023\/09\/Belem-vence-Paulistana-por-2-\u00d7-1-em-jogo-de-ida-das-quartas-de-finais-da-II-Copa-AMVI-IMG_1991-300x200.jpg\" data-sizes=\"(max-width: 300px) 100vw, 300px\" \/><\/a><\/div>\n<\/figure>\n<figure class=\"gallery-item\">\n<div class=\"gallery-icon landscape\"><a href=\"https:\/\/infonewss.com\/wp-content\/uploads\/2023\/09\/Belem-vence-Paulistana-por-2-%C3%97-1-em-jogo-de-ida-das-quartas-de-finais-da-II-Copa-AMVI-IMG_1994.jpg\"><img loading=\"lazy\" decoding=\"async\" class=\"attachment-medium size-medium lazyloaded\" src=\"https:\/\/infonewss.com\/wp-content\/uploads\/2023\/09\/Belem-vence-Paulistana-por-2-%C3%97-1-em-jogo-de-ida-das-quartas-de-finais-da-II-Copa-AMVI-IMG_1994-300x200.jpg\" sizes=\"(max-width: 300px) 100vw, 300px\" srcset=\"https:\/\/infonewss.com\/wp-content\/uploads\/2023\/09\/Belem-vence-Paulistana-por-2-\u00d7-1-em-jogo-de-ida-das-quartas-de-finais-da-II-Copa-AMVI-IMG_1994-300x200.jpg 300w, https:\/\/infonewss.com\/wp-content\/uploads\/2023\/09\/Belem-vence-Paulistana-por-2-\u00d7-1-em-jogo-de-ida-das-quartas-de-finais-da-II-Copa-AMVI-IMG_1994-768x512.jpg 768w, https:\/\/infonewss.com\/wp-content\/uploads\/2023\/09\/Belem-vence-Paulistana-por-2-\u00d7-1-em-jogo-de-ida-das-quartas-de-finais-da-II-Copa-AMVI-IMG_1994-150x100.jpg 150w, https:\/\/infonewss.com\/wp-content\/uploads\/2023\/09\/Belem-vence-Paulistana-por-2-\u00d7-1-em-jogo-de-ida-das-quartas-de-finais-da-II-Copa-AMVI-IMG_1994-696x464.jpg 696w, https:\/\/infonewss.com\/wp-content\/uploads\/2023\/09\/Belem-vence-Paulistana-por-2-\u00d7-1-em-jogo-de-ida-das-quartas-de-finais-da-II-Copa-AMVI-IMG_1994.jpg 900w\" alt=\"\" width=\"300\" height=\"200\" data-srcset=\"https:\/\/infonewss.com\/wp-content\/uploads\/2023\/09\/Belem-vence-Paulistana-por-2-\u00d7-1-em-jogo-de-ida-das-quartas-de-finais-da-II-Copa-AMVI-IMG_1994-300x200.jpg 300w, https:\/\/infonewss.com\/wp-content\/uploads\/2023\/09\/Belem-vence-Paulistana-por-2-\u00d7-1-em-jogo-de-ida-das-quartas-de-finais-da-II-Copa-AMVI-IMG_1994-768x512.jpg 768w, https:\/\/infonewss.com\/wp-content\/uploads\/2023\/09\/Belem-vence-Paulistana-por-2-\u00d7-1-em-jogo-de-ida-das-quartas-de-finais-da-II-Copa-AMVI-IMG_1994-150x100.jpg 150w, https:\/\/infonewss.com\/wp-content\/uploads\/2023\/09\/Belem-vence-Paulistana-por-2-\u00d7-1-em-jogo-de-ida-das-quartas-de-finais-da-II-Copa-AMVI-IMG_1994-696x464.jpg 696w, https:\/\/infonewss.com\/wp-content\/uploads\/2023\/09\/Belem-vence-Paulistana-por-2-\u00d7-1-em-jogo-de-ida-das-quartas-de-finais-da-II-Copa-AMVI-IMG_1994.jpg 900w\" data-src=\"https:\/\/infonewss.com\/wp-content\/uploads\/2023\/09\/Belem-vence-Paulistana-por-2-\u00d7-1-em-jogo-de-ida-das-quartas-de-finais-da-II-Copa-AMVI-IMG_1994-300x200.jpg\" data-sizes=\"(max-width: 300px) 100vw, 300px\" \/><\/a><\/div>\n<\/figure>\n<figure class=\"gallery-item\">\n<div class=\"gallery-icon landscape\"><a href=\"https:\/\/infonewss.com\/wp-content\/uploads\/2023\/09\/Belem-vence-Paulistana-por-2-%C3%97-1-em-jogo-de-ida-das-quartas-de-finais-da-II-Copa-AMVI-IMG_1996.jpg\"><img loading=\"lazy\" decoding=\"async\" class=\"attachment-medium size-medium lazyloaded\" src=\"https:\/\/infonewss.com\/wp-content\/uploads\/2023\/09\/Belem-vence-Paulistana-por-2-%C3%97-1-em-jogo-de-ida-das-quartas-de-finais-da-II-Copa-AMVI-IMG_1996-300x200.jpg\" sizes=\"(max-width: 300px) 100vw, 300px\" srcset=\"https:\/\/infonewss.com\/wp-content\/uploads\/2023\/09\/Belem-vence-Paulistana-por-2-\u00d7-1-em-jogo-de-ida-das-quartas-de-finais-da-II-Copa-AMVI-IMG_1996-300x200.jpg 300w, https:\/\/infonewss.com\/wp-content\/uploads\/2023\/09\/Belem-vence-Paulistana-por-2-\u00d7-1-em-jogo-de-ida-das-quartas-de-finais-da-II-Copa-AMVI-IMG_1996-768x512.jpg 768w, https:\/\/infonewss.com\/wp-content\/uploads\/2023\/09\/Belem-vence-Paulistana-por-2-\u00d7-1-em-jogo-de-ida-das-quartas-de-finais-da-II-Copa-AMVI-IMG_1996-150x100.jpg 150w, https:\/\/infonewss.com\/wp-content\/uploads\/2023\/09\/Belem-vence-Paulistana-por-2-\u00d7-1-em-jogo-de-ida-das-quartas-de-finais-da-II-Copa-AMVI-IMG_1996-696x464.jpg 696w, https:\/\/infonewss.com\/wp-content\/uploads\/2023\/09\/Belem-vence-Paulistana-por-2-\u00d7-1-em-jogo-de-ida-das-quartas-de-finais-da-II-Copa-AMVI-IMG_1996.jpg 900w\" alt=\"\" width=\"300\" height=\"200\" data-srcset=\"https:\/\/infonewss.com\/wp-content\/uploads\/2023\/09\/Belem-vence-Paulistana-por-2-\u00d7-1-em-jogo-de-ida-das-quartas-de-finais-da-II-Copa-AMVI-IMG_1996-300x200.jpg 300w, https:\/\/infonewss.com\/wp-content\/uploads\/2023\/09\/Belem-vence-Paulistana-por-2-\u00d7-1-em-jogo-de-ida-das-quartas-de-finais-da-II-Copa-AMVI-IMG_1996-768x512.jpg 768w, https:\/\/infonewss.com\/wp-content\/uploads\/2023\/09\/Belem-vence-Paulistana-por-2-\u00d7-1-em-jogo-de-ida-das-quartas-de-finais-da-II-Copa-AMVI-IMG_1996-150x100.jpg 150w, https:\/\/infonewss.com\/wp-content\/uploads\/2023\/09\/Belem-vence-Paulistana-por-2-\u00d7-1-em-jogo-de-ida-das-quartas-de-finais-da-II-Copa-AMVI-IMG_1996-696x464.jpg 696w, https:\/\/infonewss.com\/wp-content\/uploads\/2023\/09\/Belem-vence-Paulistana-por-2-\u00d7-1-em-jogo-de-ida-das-quartas-de-finais-da-II-Copa-AMVI-IMG_1996.jpg 900w\" data-src=\"https:\/\/infonewss.com\/wp-content\/uploads\/2023\/09\/Belem-vence-Paulistana-por-2-\u00d7-1-em-jogo-de-ida-das-quartas-de-finais-da-II-Copa-AMVI-IMG_1996-300x200.jpg\" data-sizes=\"(max-width: 300px) 100vw, 300px\" \/><\/a><\/div>\n<\/figure>\n<figure class=\"gallery-item\">\n<div class=\"gallery-icon landscape\"><a href=\"https:\/\/infonewss.com\/wp-content\/uploads\/2023\/09\/Belem-vence-Paulistana-por-2-%C3%97-1-em-jogo-de-ida-das-quartas-de-finais-da-II-Copa-AMVI-IMG_1999.jpg\"><img loading=\"lazy\" decoding=\"async\" class=\"attachment-medium size-medium ls-is-cached lazyloaded\" src=\"https:\/\/infonewss.com\/wp-content\/uploads\/2023\/09\/Belem-vence-Paulistana-por-2-%C3%97-1-em-jogo-de-ida-das-quartas-de-finais-da-II-Copa-AMVI-IMG_1999-300x200.jpg\" sizes=\"(max-width: 300px) 100vw, 300px\" srcset=\"https:\/\/infonewss.com\/wp-content\/uploads\/2023\/09\/Belem-vence-Paulistana-por-2-\u00d7-1-em-jogo-de-ida-das-quartas-de-finais-da-II-Copa-AMVI-IMG_1999-300x200.jpg 300w, https:\/\/infonewss.com\/wp-content\/uploads\/2023\/09\/Belem-vence-Paulistana-por-2-\u00d7-1-em-jogo-de-ida-das-quartas-de-finais-da-II-Copa-AMVI-IMG_1999-768x512.jpg 768w, https:\/\/infonewss.com\/wp-content\/uploads\/2023\/09\/Belem-vence-Paulistana-por-2-\u00d7-1-em-jogo-de-ida-das-quartas-de-finais-da-II-Copa-AMVI-IMG_1999-150x100.jpg 150w, https:\/\/infonewss.com\/wp-content\/uploads\/2023\/09\/Belem-vence-Paulistana-por-2-\u00d7-1-em-jogo-de-ida-das-quartas-de-finais-da-II-Copa-AMVI-IMG_1999-696x464.jpg 696w, https:\/\/infonewss.com\/wp-content\/uploads\/2023\/09\/Belem-vence-Paulistana-por-2-\u00d7-1-em-jogo-de-ida-das-quartas-de-finais-da-II-Copa-AMVI-IMG_1999.jpg 900w\" alt=\"\" width=\"300\" height=\"200\" data-srcset=\"https:\/\/infonewss.com\/wp-content\/uploads\/2023\/09\/Belem-vence-Paulistana-por-2-\u00d7-1-em-jogo-de-ida-das-quartas-de-finais-da-II-Copa-AMVI-IMG_1999-300x200.jpg 300w, https:\/\/infonewss.com\/wp-content\/uploads\/2023\/09\/Belem-vence-Paulistana-por-2-\u00d7-1-em-jogo-de-ida-das-quartas-de-finais-da-II-Copa-AMVI-IMG_1999-768x512.jpg 768w, https:\/\/infonewss.com\/wp-content\/uploads\/2023\/09\/Belem-vence-Paulistana-por-2-\u00d7-1-em-jogo-de-ida-das-quartas-de-finais-da-II-Copa-AMVI-IMG_1999-150x100.jpg 150w, https:\/\/infonewss.com\/wp-content\/uploads\/2023\/09\/Belem-vence-Paulistana-por-2-\u00d7-1-em-jogo-de-ida-das-quartas-de-finais-da-II-Copa-AMVI-IMG_1999-696x464.jpg 696w, https:\/\/infonewss.com\/wp-content\/uploads\/2023\/09\/Belem-vence-Paulistana-por-2-\u00d7-1-em-jogo-de-ida-das-quartas-de-finais-da-II-Copa-AMVI-IMG_1999.jpg 900w\" data-src=\"https:\/\/infonewss.com\/wp-content\/uploads\/2023\/09\/Belem-vence-Paulistana-por-2-\u00d7-1-em-jogo-de-ida-das-quartas-de-finais-da-II-Copa-AMVI-IMG_1999-300x200.jpg\" data-sizes=\"(max-width: 300px) 100vw, 300px\" \/><\/a><\/div>\n<\/figure>\n<figure class=\"gallery-item\">\n<div class=\"gallery-icon portrait\"><a href=\"https:\/\/infonewss.com\/wp-content\/uploads\/2023\/09\/Belem-vence-Paulistana-por-2-%C3%97-1-em-jogo-de-ida-das-quartas-de-finais-da-II-Copa-AMVI-IMG_2001.jpg\"><img loading=\"lazy\" decoding=\"async\" class=\"attachment-medium size-medium ls-is-cached lazyloaded\" src=\"https:\/\/infonewss.com\/wp-content\/uploads\/2023\/09\/Belem-vence-Paulistana-por-2-%C3%97-1-em-jogo-de-ida-das-quartas-de-finais-da-II-Copa-AMVI-IMG_2001-200x300.jpg\" sizes=\"(max-width: 200px) 100vw, 200px\" srcset=\"https:\/\/infonewss.com\/wp-content\/uploads\/2023\/09\/Belem-vence-Paulistana-por-2-\u00d7-1-em-jogo-de-ida-das-quartas-de-finais-da-II-Copa-AMVI-IMG_2001-200x300.jpg 200w, https:\/\/infonewss.com\/wp-content\/uploads\/2023\/09\/Belem-vence-Paulistana-por-2-\u00d7-1-em-jogo-de-ida-das-quartas-de-finais-da-II-Copa-AMVI-IMG_2001-683x1024.jpg 683w, https:\/\/infonewss.com\/wp-content\/uploads\/2023\/09\/Belem-vence-Paulistana-por-2-\u00d7-1-em-jogo-de-ida-das-quartas-de-finais-da-II-Copa-AMVI-IMG_2001-768x1152.jpg 768w, https:\/\/infonewss.com\/wp-content\/uploads\/2023\/09\/Belem-vence-Paulistana-por-2-\u00d7-1-em-jogo-de-ida-das-quartas-de-finais-da-II-Copa-AMVI-IMG_2001-150x225.jpg 150w, https:\/\/infonewss.com\/wp-content\/uploads\/2023\/09\/Belem-vence-Paulistana-por-2-\u00d7-1-em-jogo-de-ida-das-quartas-de-finais-da-II-Copa-AMVI-IMG_2001-300x450.jpg 300w, https:\/\/infonewss.com\/wp-content\/uploads\/2023\/09\/Belem-vence-Paulistana-por-2-\u00d7-1-em-jogo-de-ida-das-quartas-de-finais-da-II-Copa-AMVI-IMG_2001-696x1044.jpg 696w, https:\/\/infonewss.com\/wp-content\/uploads\/2023\/09\/Belem-vence-Paulistana-por-2-\u00d7-1-em-jogo-de-ida-das-quartas-de-finais-da-II-Copa-AMVI-IMG_2001.jpg 900w\" alt=\"\" width=\"200\" height=\"300\" data-srcset=\"https:\/\/infonewss.com\/wp-content\/uploads\/2023\/09\/Belem-vence-Paulistana-por-2-\u00d7-1-em-jogo-de-ida-das-quartas-de-finais-da-II-Copa-AMVI-IMG_2001-200x300.jpg 200w, https:\/\/infonewss.com\/wp-content\/uploads\/2023\/09\/Belem-vence-Paulistana-por-2-\u00d7-1-em-jogo-de-ida-das-quartas-de-finais-da-II-Copa-AMVI-IMG_2001-683x1024.jpg 683w, https:\/\/infonewss.com\/wp-content\/uploads\/2023\/09\/Belem-vence-Paulistana-por-2-\u00d7-1-em-jogo-de-ida-das-quartas-de-finais-da-II-Copa-AMVI-IMG_2001-768x1152.jpg 768w, https:\/\/infonewss.com\/wp-content\/uploads\/2023\/09\/Belem-vence-Paulistana-por-2-\u00d7-1-em-jogo-de-ida-das-quartas-de-finais-da-II-Copa-AMVI-IMG_2001-150x225.jpg 150w, https:\/\/infonewss.com\/wp-content\/uploads\/2023\/09\/Belem-vence-Paulistana-por-2-\u00d7-1-em-jogo-de-ida-das-quartas-de-finais-da-II-Copa-AMVI-IMG_2001-300x450.jpg 300w, https:\/\/infonewss.com\/wp-content\/uploads\/2023\/09\/Belem-vence-Paulistana-por-2-\u00d7-1-em-jogo-de-ida-das-quartas-de-finais-da-II-Copa-AMVI-IMG_2001-696x1044.jpg 696w, https:\/\/infonewss.com\/wp-content\/uploads\/2023\/09\/Belem-vence-Paulistana-por-2-\u00d7-1-em-jogo-de-ida-das-quartas-de-finais-da-II-Copa-AMVI-IMG_2001.jpg 900w\" data-src=\"https:\/\/infonewss.com\/wp-content\/uploads\/2023\/09\/Belem-vence-Paulistana-por-2-\u00d7-1-em-jogo-de-ida-das-quartas-de-finais-da-II-Copa-AMVI-IMG_2001-200x300.jpg\" data-sizes=\"(max-width: 200px) 100vw, 200px\" \/><\/a><\/div>\n<\/figure>\n<figure class=\"gallery-item\">\n<div class=\"gallery-icon landscape\"><a href=\"https:\/\/infonewss.com\/wp-content\/uploads\/2023\/09\/Belem-vence-Paulistana-por-2-%C3%97-1-em-jogo-de-ida-das-quartas-de-finais-da-II-Copa-AMVI-IMG_2743.jpg\"><img loading=\"lazy\" decoding=\"async\" class=\"attachment-medium size-medium ls-is-cached lazyloaded\" src=\"https:\/\/infonewss.com\/wp-content\/uploads\/2023\/09\/Belem-vence-Paulistana-por-2-%C3%97-1-em-jogo-de-ida-das-quartas-de-finais-da-II-Copa-AMVI-IMG_2743-300x200.jpg\" sizes=\"(max-width: 300px) 100vw, 300px\" srcset=\"https:\/\/infonewss.com\/wp-content\/uploads\/2023\/09\/Belem-vence-Paulistana-por-2-\u00d7-1-em-jogo-de-ida-das-quartas-de-finais-da-II-Copa-AMVI-IMG_2743-300x200.jpg 300w, https:\/\/infonewss.com\/wp-content\/uploads\/2023\/09\/Belem-vence-Paulistana-por-2-\u00d7-1-em-jogo-de-ida-das-quartas-de-finais-da-II-Copa-AMVI-IMG_2743-768x512.jpg 768w, https:\/\/infonewss.com\/wp-content\/uploads\/2023\/09\/Belem-vence-Paulistana-por-2-\u00d7-1-em-jogo-de-ida-das-quartas-de-finais-da-II-Copa-AMVI-IMG_2743-150x100.jpg 150w, https:\/\/infonewss.com\/wp-content\/uploads\/2023\/09\/Belem-vence-Paulistana-por-2-\u00d7-1-em-jogo-de-ida-das-quartas-de-finais-da-II-Copa-AMVI-IMG_2743-696x464.jpg 696w, https:\/\/infonewss.com\/wp-content\/uploads\/2023\/09\/Belem-vence-Paulistana-por-2-\u00d7-1-em-jogo-de-ida-das-quartas-de-finais-da-II-Copa-AMVI-IMG_2743.jpg 900w\" alt=\"\" width=\"300\" height=\"200\" data-srcset=\"https:\/\/infonewss.com\/wp-content\/uploads\/2023\/09\/Belem-vence-Paulistana-por-2-\u00d7-1-em-jogo-de-ida-das-quartas-de-finais-da-II-Copa-AMVI-IMG_2743-300x200.jpg 300w, https:\/\/infonewss.com\/wp-content\/uploads\/2023\/09\/Belem-vence-Paulistana-por-2-\u00d7-1-em-jogo-de-ida-das-quartas-de-finais-da-II-Copa-AMVI-IMG_2743-768x512.jpg 768w, https:\/\/infonewss.com\/wp-content\/uploads\/2023\/09\/Belem-vence-Paulistana-por-2-\u00d7-1-em-jogo-de-ida-das-quartas-de-finais-da-II-Copa-AMVI-IMG_2743-150x100.jpg 150w, https:\/\/infonewss.com\/wp-content\/uploads\/2023\/09\/Belem-vence-Paulistana-por-2-\u00d7-1-em-jogo-de-ida-das-quartas-de-finais-da-II-Copa-AMVI-IMG_2743-696x464.jpg 696w, https:\/\/infonewss.com\/wp-content\/uploads\/2023\/09\/Belem-vence-Paulistana-por-2-\u00d7-1-em-jogo-de-ida-das-quartas-de-finais-da-II-Copa-AMVI-IMG_2743.jpg 900w\" data-src=\"https:\/\/infonewss.com\/wp-content\/uploads\/2023\/09\/Belem-vence-Paulistana-por-2-\u00d7-1-em-jogo-de-ida-das-quartas-de-finais-da-II-Copa-AMVI-IMG_2743-300x200.jpg\" data-sizes=\"(max-width: 300px) 100vw, 300px\" \/><\/a><\/div>\n<\/figure>\n<figure class=\"gallery-item\">\n<div class=\"gallery-icon landscape\"><a href=\"https:\/\/infonewss.com\/wp-content\/uploads\/2023\/09\/Belem-vence-Paulistana-por-2-%C3%97-1-em-jogo-de-ida-das-quartas-de-finais-da-II-Copa-AMVI-IMG_2744.jpg\"><img loading=\"lazy\" decoding=\"async\" class=\"attachment-medium size-medium ls-is-cached lazyloaded\" src=\"https:\/\/infonewss.com\/wp-content\/uploads\/2023\/09\/Belem-vence-Paulistana-por-2-%C3%97-1-em-jogo-de-ida-das-quartas-de-finais-da-II-Copa-AMVI-IMG_2744-300x200.jpg\" sizes=\"(max-width: 300px) 100vw, 300px\" srcset=\"https:\/\/infonewss.com\/wp-content\/uploads\/2023\/09\/Belem-vence-Paulistana-por-2-\u00d7-1-em-jogo-de-ida-das-quartas-de-finais-da-II-Copa-AMVI-IMG_2744-300x200.jpg 300w, https:\/\/infonewss.com\/wp-content\/uploads\/2023\/09\/Belem-vence-Paulistana-por-2-\u00d7-1-em-jogo-de-ida-das-quartas-de-finais-da-II-Copa-AMVI-IMG_2744-768x512.jpg 768w, https:\/\/infonewss.com\/wp-content\/uploads\/2023\/09\/Belem-vence-Paulistana-por-2-\u00d7-1-em-jogo-de-ida-das-quartas-de-finais-da-II-Copa-AMVI-IMG_2744-150x100.jpg 150w, https:\/\/infonewss.com\/wp-content\/uploads\/2023\/09\/Belem-vence-Paulistana-por-2-\u00d7-1-em-jogo-de-ida-das-quartas-de-finais-da-II-Copa-AMVI-IMG_2744-696x464.jpg 696w, https:\/\/infonewss.com\/wp-content\/uploads\/2023\/09\/Belem-vence-Paulistana-por-2-\u00d7-1-em-jogo-de-ida-das-quartas-de-finais-da-II-Copa-AMVI-IMG_2744.jpg 900w\" alt=\"\" width=\"300\" height=\"200\" data-srcset=\"https:\/\/infonewss.com\/wp-content\/uploads\/2023\/09\/Belem-vence-Paulistana-por-2-\u00d7-1-em-jogo-de-ida-das-quartas-de-finais-da-II-Copa-AMVI-IMG_2744-300x200.jpg 300w, https:\/\/infonewss.com\/wp-content\/uploads\/2023\/09\/Belem-vence-Paulistana-por-2-\u00d7-1-em-jogo-de-ida-das-quartas-de-finais-da-II-Copa-AMVI-IMG_2744-768x512.jpg 768w, https:\/\/infonewss.com\/wp-content\/uploads\/2023\/09\/Belem-vence-Paulistana-por-2-\u00d7-1-em-jogo-de-ida-das-quartas-de-finais-da-II-Copa-AMVI-IMG_2744-150x100.jpg 150w, https:\/\/infonewss.com\/wp-content\/uploads\/2023\/09\/Belem-vence-Paulistana-por-2-\u00d7-1-em-jogo-de-ida-das-quartas-de-finais-da-II-Copa-AMVI-IMG_2744-696x464.jpg 696w, https:\/\/infonewss.com\/wp-content\/uploads\/2023\/09\/Belem-vence-Paulistana-por-2-\u00d7-1-em-jogo-de-ida-das-quartas-de-finais-da-II-Copa-AMVI-IMG_2744.jpg 900w\" data-src=\"https:\/\/infonewss.com\/wp-content\/uploads\/2023\/09\/Belem-vence-Paulistana-por-2-\u00d7-1-em-jogo-de-ida-das-quartas-de-finais-da-II-Copa-AMVI-IMG_2744-300x200.jpg\" data-sizes=\"(max-width: 300px) 100vw, 300px\" \/><\/a><\/div>\n<\/figure>\n<\/div>\n<div class=\"addtoany_share_save_container addtoany_content addtoany_content_bottom\"><\/div>\n<\/div>\n<\/div>\n<div class=\"td_block_wrap tdb_single_post_share tdi_125 td-pb-border-top td_block_template_1\" data-td-block-uid=\"tdi_125\">\n<div id=\"tdi_125\" class=\"td-post-sharing tdb-block td-ps-bg td-ps-padding td-post-sharing-style2 \">\n<div style=\"text-align: justify;\">Fonte: Portal Infonewss<\/div>\n<\/div>\n<\/div>\n<\/div>\n<\/div>\n<\/div>\n<\/div>\n","protected":false},"excerpt":{"rendered":"<p>A II Copa AMVI, o torneio de futebol mais emocionante da regi\u00e3o, est\u00e1 se aproximando de sua fase final, proporcionando partidas empolgantes e agitando os finais de semana dos apaixonados torcedores. No \u00faltimo s\u00e1bado, 23 de setembro, o est\u00e1dio Malhad\u00e3o, localizado em Bel\u00e9m do Piau\u00ed, foi o cen\u00e1rio de um confronto eletrizante entre a sele\u00e7\u00e3o &hellip;<\/p>\n","protected":false},"author":2,"featured_media":49326,"comment_status":"open","ping_status":"open","sticky":false,"template":"","format":"standard","meta":{"content-type":"","rop_custom_images_group":[],"rop_custom_messages_group":[],"rop_publish_now":"initial","rop_publish_now_accounts":{"facebook_2648258775420054_1618374048415101":""},"rop_publish_now_history":[],"rop_publish_now_status":"pending","footnotes":"","_jetpack_memberships_contains_paid_content":false},"categories":[106,113,108],"tags":[14672,600],"yoast_head":"<!-- This site is optimized with the Yoast SEO plugin v22.3 - https:\/\/yoast.com\/wordpress\/plugins\/seo\/ -->\n<title>Bel\u00e9m vence Paulistana por 2 \u00d7 1 em jogo de ida das quartas de finais da II Copa AMVI - Portal NPM<\/title>\n<meta name=\"robots\" content=\"index, follow, max-snippet:-1, max-image-preview:large, max-video-preview:-1\" \/>\n<link rel=\"canonical\" href=\"https:\/\/portalnpm.com\/index.php\/2023\/09\/24\/belem-vence-paulistana-por-2-x-1-em-jogo-de-ida-das-quartas-de-finais-da-ii-copa-amvi\/\" \/>\n<meta property=\"og:locale\" content=\"pt_BR\" \/>\n<meta property=\"og:type\" content=\"article\" \/>\n<meta property=\"og:title\" content=\"Bel\u00e9m vence Paulistana por 2 \u00d7 1 em jogo de ida das quartas de finais da II Copa AMVI - Portal NPM\" \/>\n<meta property=\"og:description\" content=\"A II Copa AMVI, o torneio de futebol mais emocionante da regi\u00e3o, est\u00e1 se aproximando de sua fase final, proporcionando partidas empolgantes e agitando os finais de semana dos apaixonados torcedores. No \u00faltimo s\u00e1bado, 23 de setembro, o est\u00e1dio Malhad\u00e3o, localizado em Bel\u00e9m do Piau\u00ed, foi o cen\u00e1rio de um confronto eletrizante entre a sele\u00e7\u00e3o &hellip;\" \/>\n<meta property=\"og:url\" content=\"https:\/\/portalnpm.com\/index.php\/2023\/09\/24\/belem-vence-paulistana-por-2-x-1-em-jogo-de-ida-das-quartas-de-finais-da-ii-copa-amvi\/\" \/>\n<meta property=\"og:site_name\" content=\"Portal NPM\" \/>\n<meta property=\"article:published_time\" content=\"2023-09-24T16:30:20+00:00\" \/>\n<meta name=\"author\" content=\"Genival Barbosa\" \/>\n<meta name=\"twitter:card\" content=\"summary_large_image\" \/>\n<meta name=\"twitter:label1\" content=\"Escrito por\" \/>\n\t<meta name=\"twitter:data1\" content=\"Genival Barbosa\" \/>\n\t<meta name=\"twitter:label2\" content=\"Est. tempo de leitura\" \/>\n\t<meta name=\"twitter:data2\" content=\"42 minutos\" \/>\n<script type=\"application\/ld+json\" class=\"yoast-schema-graph\">{\"@context\":\"https:\/\/schema.org\",\"@graph\":[{\"@type\":\"WebPage\",\"@id\":\"https:\/\/portalnpm.com\/index.php\/2023\/09\/24\/belem-vence-paulistana-por-2-x-1-em-jogo-de-ida-das-quartas-de-finais-da-ii-copa-amvi\/\",\"url\":\"https:\/\/portalnpm.com\/index.php\/2023\/09\/24\/belem-vence-paulistana-por-2-x-1-em-jogo-de-ida-das-quartas-de-finais-da-ii-copa-amvi\/\",\"name\":\"Bel\u00e9m vence Paulistana por 2 \u00d7 1 em jogo de ida das quartas de finais da II Copa AMVI - Portal NPM\",\"isPartOf\":{\"@id\":\"https:\/\/portalnpm.com\/#website\"},\"primaryImageOfPage\":{\"@id\":\"https:\/\/portalnpm.com\/index.php\/2023\/09\/24\/belem-vence-paulistana-por-2-x-1-em-jogo-de-ida-das-quartas-de-finais-da-ii-copa-amvi\/#primaryimage\"},\"image\":{\"@id\":\"https:\/\/portalnpm.com\/index.php\/2023\/09\/24\/belem-vence-paulistana-por-2-x-1-em-jogo-de-ida-das-quartas-de-finais-da-ii-copa-amvi\/#primaryimage\"},\"thumbnailUrl\":\"\",\"datePublished\":\"2023-09-24T16:30:20+00:00\",\"dateModified\":\"2023-09-24T16:30:20+00:00\",\"author\":{\"@id\":\"https:\/\/portalnpm.com\/#\/schema\/person\/49313e563cfdefcc167f1ee4c017c294\"},\"breadcrumb\":{\"@id\":\"https:\/\/portalnpm.com\/index.php\/2023\/09\/24\/belem-vence-paulistana-por-2-x-1-em-jogo-de-ida-das-quartas-de-finais-da-ii-copa-amvi\/#breadcrumb\"},\"inLanguage\":\"pt-BR\",\"potentialAction\":[{\"@type\":\"ReadAction\",\"target\":[\"https:\/\/portalnpm.com\/index.php\/2023\/09\/24\/belem-vence-paulistana-por-2-x-1-em-jogo-de-ida-das-quartas-de-finais-da-ii-copa-amvi\/\"]}]},{\"@type\":\"ImageObject\",\"inLanguage\":\"pt-BR\",\"@id\":\"https:\/\/portalnpm.com\/index.php\/2023\/09\/24\/belem-vence-paulistana-por-2-x-1-em-jogo-de-ida-das-quartas-de-finais-da-ii-copa-amvi\/#primaryimage\",\"url\":\"\",\"contentUrl\":\"\"},{\"@type\":\"BreadcrumbList\",\"@id\":\"https:\/\/portalnpm.com\/index.php\/2023\/09\/24\/belem-vence-paulistana-por-2-x-1-em-jogo-de-ida-das-quartas-de-finais-da-ii-copa-amvi\/#breadcrumb\",\"itemListElement\":[{\"@type\":\"ListItem\",\"position\":1,\"name\":\"In\u00edcio\",\"item\":\"https:\/\/portalnpm.com\/\"},{\"@type\":\"ListItem\",\"position\":2,\"name\":\"Bel\u00e9m vence Paulistana por 2 \u00d7 1 em jogo de ida das quartas de finais da II Copa AMVI\"}]},{\"@type\":\"WebSite\",\"@id\":\"https:\/\/portalnpm.com\/#website\",\"url\":\"https:\/\/portalnpm.com\/\",\"name\":\"Portal NPM\",\"description\":\"Not\u00edcias em Primeira M\u00e3o\",\"potentialAction\":[{\"@type\":\"SearchAction\",\"target\":{\"@type\":\"EntryPoint\",\"urlTemplate\":\"https:\/\/portalnpm.com\/?s={search_term_string}\"},\"query-input\":\"required name=search_term_string\"}],\"inLanguage\":\"pt-BR\"},{\"@type\":\"Person\",\"@id\":\"https:\/\/portalnpm.com\/#\/schema\/person\/49313e563cfdefcc167f1ee4c017c294\",\"name\":\"Genival Barbosa\",\"image\":{\"@type\":\"ImageObject\",\"inLanguage\":\"pt-BR\",\"@id\":\"https:\/\/portalnpm.com\/#\/schema\/person\/image\/\",\"url\":\"https:\/\/portalnpm.com\/wp-content\/uploads\/2024\/02\/avatar_user_2_1707743258-96x96.jpeg\",\"contentUrl\":\"https:\/\/portalnpm.com\/wp-content\/uploads\/2024\/02\/avatar_user_2_1707743258-96x96.jpeg\",\"caption\":\"Genival Barbosa\"},\"url\":\"https:\/\/portalnpm.com\/index.php\/author\/genival\/\"}]}<\/script>\n<!-- \/ Yoast SEO plugin. -->","yoast_head_json":{"title":"Bel\u00e9m vence Paulistana por 2 \u00d7 1 em jogo de ida das quartas de finais da II Copa AMVI - Portal NPM","robots":{"index":"index","follow":"follow","max-snippet":"max-snippet:-1","max-image-preview":"max-image-preview:large","max-video-preview":"max-video-preview:-1"},"canonical":"https:\/\/portalnpm.com\/index.php\/2023\/09\/24\/belem-vence-paulistana-por-2-x-1-em-jogo-de-ida-das-quartas-de-finais-da-ii-copa-amvi\/","og_locale":"pt_BR","og_type":"article","og_title":"Bel\u00e9m vence Paulistana por 2 \u00d7 1 em jogo de ida das quartas de finais da II Copa AMVI - Portal NPM","og_description":"A II Copa AMVI, o torneio de futebol mais emocionante da regi\u00e3o, est\u00e1 se aproximando de sua fase final, proporcionando partidas empolgantes e agitando os finais de semana dos apaixonados torcedores. No \u00faltimo s\u00e1bado, 23 de setembro, o est\u00e1dio Malhad\u00e3o, localizado em Bel\u00e9m do Piau\u00ed, foi o cen\u00e1rio de um confronto eletrizante entre a sele\u00e7\u00e3o &hellip;","og_url":"https:\/\/portalnpm.com\/index.php\/2023\/09\/24\/belem-vence-paulistana-por-2-x-1-em-jogo-de-ida-das-quartas-de-finais-da-ii-copa-amvi\/","og_site_name":"Portal NPM","article_published_time":"2023-09-24T16:30:20+00:00","author":"Genival Barbosa","twitter_card":"summary_large_image","twitter_misc":{"Escrito por":"Genival Barbosa","Est. tempo de leitura":"42 minutos"},"schema":{"@context":"https:\/\/schema.org","@graph":[{"@type":"WebPage","@id":"https:\/\/portalnpm.com\/index.php\/2023\/09\/24\/belem-vence-paulistana-por-2-x-1-em-jogo-de-ida-das-quartas-de-finais-da-ii-copa-amvi\/","url":"https:\/\/portalnpm.com\/index.php\/2023\/09\/24\/belem-vence-paulistana-por-2-x-1-em-jogo-de-ida-das-quartas-de-finais-da-ii-copa-amvi\/","name":"Bel\u00e9m vence Paulistana por 2 \u00d7 1 em jogo de ida das quartas de finais da II Copa AMVI - Portal NPM","isPartOf":{"@id":"https:\/\/portalnpm.com\/#website"},"primaryImageOfPage":{"@id":"https:\/\/portalnpm.com\/index.php\/2023\/09\/24\/belem-vence-paulistana-por-2-x-1-em-jogo-de-ida-das-quartas-de-finais-da-ii-copa-amvi\/#primaryimage"},"image":{"@id":"https:\/\/portalnpm.com\/index.php\/2023\/09\/24\/belem-vence-paulistana-por-2-x-1-em-jogo-de-ida-das-quartas-de-finais-da-ii-copa-amvi\/#primaryimage"},"thumbnailUrl":"","datePublished":"2023-09-24T16:30:20+00:00","dateModified":"2023-09-24T16:30:20+00:00","author":{"@id":"https:\/\/portalnpm.com\/#\/schema\/person\/49313e563cfdefcc167f1ee4c017c294"},"breadcrumb":{"@id":"https:\/\/portalnpm.com\/index.php\/2023\/09\/24\/belem-vence-paulistana-por-2-x-1-em-jogo-de-ida-das-quartas-de-finais-da-ii-copa-amvi\/#breadcrumb"},"inLanguage":"pt-BR","potentialAction":[{"@type":"ReadAction","target":["https:\/\/portalnpm.com\/index.php\/2023\/09\/24\/belem-vence-paulistana-por-2-x-1-em-jogo-de-ida-das-quartas-de-finais-da-ii-copa-amvi\/"]}]},{"@type":"ImageObject","inLanguage":"pt-BR","@id":"https:\/\/portalnpm.com\/index.php\/2023\/09\/24\/belem-vence-paulistana-por-2-x-1-em-jogo-de-ida-das-quartas-de-finais-da-ii-copa-amvi\/#primaryimage","url":"","contentUrl":""},{"@type":"BreadcrumbList","@id":"https:\/\/portalnpm.com\/index.php\/2023\/09\/24\/belem-vence-paulistana-por-2-x-1-em-jogo-de-ida-das-quartas-de-finais-da-ii-copa-amvi\/#breadcrumb","itemListElement":[{"@type":"ListItem","position":1,"name":"In\u00edcio","item":"https:\/\/portalnpm.com\/"},{"@type":"ListItem","position":2,"name":"Bel\u00e9m vence Paulistana por 2 \u00d7 1 em jogo de ida das quartas de finais da II Copa AMVI"}]},{"@type":"WebSite","@id":"https:\/\/portalnpm.com\/#website","url":"https:\/\/portalnpm.com\/","name":"Portal NPM","description":"Not\u00edcias em Primeira M\u00e3o","potentialAction":[{"@type":"SearchAction","target":{"@type":"EntryPoint","urlTemplate":"https:\/\/portalnpm.com\/?s={search_term_string}"},"query-input":"required name=search_term_string"}],"inLanguage":"pt-BR"},{"@type":"Person","@id":"https:\/\/portalnpm.com\/#\/schema\/person\/49313e563cfdefcc167f1ee4c017c294","name":"Genival Barbosa","image":{"@type":"ImageObject","inLanguage":"pt-BR","@id":"https:\/\/portalnpm.com\/#\/schema\/person\/image\/","url":"https:\/\/portalnpm.com\/wp-content\/uploads\/2024\/02\/avatar_user_2_1707743258-96x96.jpeg","contentUrl":"https:\/\/portalnpm.com\/wp-content\/uploads\/2024\/02\/avatar_user_2_1707743258-96x96.jpeg","caption":"Genival Barbosa"},"url":"https:\/\/portalnpm.com\/index.php\/author\/genival\/"}]}},"jetpack_sharing_enabled":true,"jetpack_featured_media_url":"","_links":{"self":[{"href":"https:\/\/portalnpm.com\/index.php\/wp-json\/wp\/v2\/posts\/49325"}],"collection":[{"href":"https:\/\/portalnpm.com\/index.php\/wp-json\/wp\/v2\/posts"}],"about":[{"href":"https:\/\/portalnpm.com\/index.php\/wp-json\/wp\/v2\/types\/post"}],"author":[{"embeddable":true,"href":"https:\/\/portalnpm.com\/index.php\/wp-json\/wp\/v2\/users\/2"}],"replies":[{"embeddable":true,"href":"https:\/\/portalnpm.com\/index.php\/wp-json\/wp\/v2\/comments?post=49325"}],"version-history":[{"count":0,"href":"https:\/\/portalnpm.com\/index.php\/wp-json\/wp\/v2\/posts\/49325\/revisions"}],"wp:featuredmedia":[{"embeddable":true,"href":"https:\/\/portalnpm.com\/index.php\/wp-json\/"}],"wp:attachment":[{"href":"https:\/\/portalnpm.com\/index.php\/wp-json\/wp\/v2\/media?parent=49325"}],"wp:term":[{"taxonomy":"category","embeddable":true,"href":"https:\/\/portalnpm.com\/index.php\/wp-json\/wp\/v2\/categories?post=49325"},{"taxonomy":"post_tag","embeddable":true,"href":"https:\/\/portalnpm.com\/index.php\/wp-json\/wp\/v2\/tags?post=49325"}],"curies":[{"name":"wp","href":"https:\/\/api.w.org\/{rel}","templated":true}]}}