{"id":49341,"date":"2023-09-24T14:05:19","date_gmt":"2023-09-24T17:05:19","guid":{"rendered":"https:\/\/portalnpm.com\/?p=49341"},"modified":"2023-09-24T14:05:19","modified_gmt":"2023-09-24T17:05:19","slug":"ii-copa-amvi-simoes-1x4-caridade-o-placar-foi-justo-pra-gente-disse-dieldo-atacante-de-caridade","status":"publish","type":"post","link":"https:\/\/portalnpm.com\/index.php\/2023\/09\/24\/ii-copa-amvi-simoes-1x4-caridade-o-placar-foi-justo-pra-gente-disse-dieldo-atacante-de-caridade\/","title":{"rendered":"II COPA AMVI \u2013 Sim\u00f5es 1X4 Caridade; O Placar foi justo pra gente, disse Dieldo, Atacante de Caridade"},"content":{"rendered":"<p style=\"text-align: justify;\">\u00a0O primeiro jogo das quartas \u00a0de finais, aconteceu no Est\u00e1dio Municipal de Sim\u00f5es, no dia 23 de setembro de 2023.<\/p>\n<p style=\"text-align: justify;\">\n<p style=\"text-align: justify;\">A sele\u00e7\u00e3o de Sim\u00f5es, conta com total apoio do Prefeito Z\u00e9 Wlisses, que sempre est\u00e1 ao lado dos atletas com palavras de for\u00e7a e incentivo.<\/p>\n<p style=\"text-align: justify;\">Z\u00e9 Wlisses, \u00e9 incentivador tanto da sele\u00e7\u00e3o, como tamb\u00e9m do esportes em todo munic\u00edpio, onde tamb\u00e9m j\u00e1 esteve e estar\u00e1 presente em todos os campeonatos do territ\u00f3rio de Sim\u00f5es-PI.<\/p>\n<p style=\"text-align: justify;\">A sele\u00e7\u00e3o de Sim\u00f5es, come\u00e7ou ganhando o jogo por um gol, mas levou uma virada de 4&#215;1.<\/p>\n<p style=\"text-align: justify;\">A torcida de Sim\u00f5es e Caridade, lotaram o Est\u00e1dio, sendo um\u00a0 bel\u00edssimo espet\u00e1culo, com a vibra\u00e7\u00e3o das torcidas, charangas e muito incentivo por parte dos prefeitos dos dois munic\u00edpios.<\/p>\n<p style=\"text-align: justify;\">O Pr\u00f3ximo jogo vai acontecer no dia 30 de setembro, em Caridade do Piau\u00ed, que tem um saldo positivo de 3 gols.<\/p>\n<p style=\"text-align: justify;\">O atleta Gilmar, da sele\u00e7\u00e3o de Sim\u00f5es, foi conduzido ao Hospital Municipal Zuca Batista, ap\u00f3s sofrer um corte no superc\u00edlio.<\/p>\n<p style=\"text-align: justify;\">\u00c1rbitro central Willian Mac\u00eado, auxiliares Cielim e Willian Fernando. 4\u00ba \u00e1rbitro Toscano.<\/p>\n<p style=\"text-align: justify;\">\n<p style=\"text-align: justify;\">\n<p style=\"text-align: justify;\"><b>Fonte: Sim\u00f5es Online <\/b><\/p>\n","protected":false},"excerpt":{"rendered":"<p>\u00a0O primeiro jogo das quartas \u00a0de finais, aconteceu no Est\u00e1dio Municipal de Sim\u00f5es, no dia 23 de setembro de 2023. A sele\u00e7\u00e3o de Sim\u00f5es, conta com total apoio do Prefeito Z\u00e9 Wlisses, que sempre est\u00e1 ao lado dos atletas com palavras de for\u00e7a e incentivo. Z\u00e9 Wlisses, \u00e9 incentivador tanto da sele\u00e7\u00e3o, como tamb\u00e9m do &hellip;<\/p>\n","protected":false},"author":2,"featured_media":49342,"comment_status":"open","ping_status":"open","sticky":false,"template":"","format":"standard","meta":{"content-type":"","rop_custom_images_group":[],"rop_custom_messages_group":[],"rop_publish_now":"initial","rop_publish_now_accounts":{"facebook_2648258775420054_1618374048415101":""},"rop_publish_now_history":[],"rop_publish_now_status":"pending","footnotes":"","_jetpack_memberships_contains_paid_content":false},"categories":[108,109],"tags":[161,14675,1467],"yoast_head":"<!-- This site is optimized with the Yoast SEO plugin v22.3 - https:\/\/yoast.com\/wordpress\/plugins\/seo\/ -->\n<title>II COPA AMVI \u2013 Sim\u00f5es 1X4 Caridade; O Placar foi justo pra gente, disse Dieldo, Atacante de Caridade - Portal NPM<\/title>\n<meta name=\"robots\" content=\"index, follow, max-snippet:-1, max-image-preview:large, max-video-preview:-1\" \/>\n<link rel=\"canonical\" href=\"https:\/\/portalnpm.com\/index.php\/2023\/09\/24\/ii-copa-amvi-simoes-1x4-caridade-o-placar-foi-justo-pra-gente-disse-dieldo-atacante-de-caridade\/\" \/>\n<meta property=\"og:locale\" content=\"pt_BR\" \/>\n<meta property=\"og:type\" content=\"article\" \/>\n<meta property=\"og:title\" content=\"II COPA AMVI \u2013 Sim\u00f5es 1X4 Caridade; O Placar foi justo pra gente, disse Dieldo, Atacante de Caridade - Portal NPM\" \/>\n<meta property=\"og:description\" content=\"\u00a0O primeiro jogo das quartas \u00a0de finais, aconteceu no Est\u00e1dio Municipal de Sim\u00f5es, no dia 23 de setembro de 2023. A sele\u00e7\u00e3o de Sim\u00f5es, conta com total apoio do Prefeito Z\u00e9 Wlisses, que sempre est\u00e1 ao lado dos atletas com palavras de for\u00e7a e incentivo. Z\u00e9 Wlisses, \u00e9 incentivador tanto da sele\u00e7\u00e3o, como tamb\u00e9m do &hellip;\" \/>\n<meta property=\"og:url\" content=\"https:\/\/portalnpm.com\/index.php\/2023\/09\/24\/ii-copa-amvi-simoes-1x4-caridade-o-placar-foi-justo-pra-gente-disse-dieldo-atacante-de-caridade\/\" \/>\n<meta property=\"og:site_name\" content=\"Portal NPM\" \/>\n<meta property=\"article:published_time\" content=\"2023-09-24T17:05:19+00:00\" \/>\n<meta name=\"author\" content=\"Genival Barbosa\" \/>\n<meta name=\"twitter:card\" content=\"summary_large_image\" \/>\n<meta name=\"twitter:label1\" content=\"Escrito por\" \/>\n\t<meta name=\"twitter:data1\" content=\"Genival Barbosa\" \/>\n\t<meta name=\"twitter:label2\" content=\"Est. tempo de leitura\" \/>\n\t<meta name=\"twitter:data2\" content=\"1 minuto\" \/>\n<script type=\"application\/ld+json\" class=\"yoast-schema-graph\">{\"@context\":\"https:\/\/schema.org\",\"@graph\":[{\"@type\":\"WebPage\",\"@id\":\"https:\/\/portalnpm.com\/index.php\/2023\/09\/24\/ii-copa-amvi-simoes-1x4-caridade-o-placar-foi-justo-pra-gente-disse-dieldo-atacante-de-caridade\/\",\"url\":\"https:\/\/portalnpm.com\/index.php\/2023\/09\/24\/ii-copa-amvi-simoes-1x4-caridade-o-placar-foi-justo-pra-gente-disse-dieldo-atacante-de-caridade\/\",\"name\":\"II COPA AMVI \u2013 Sim\u00f5es 1X4 Caridade; O Placar foi justo pra gente, disse Dieldo, Atacante de Caridade - Portal NPM\",\"isPartOf\":{\"@id\":\"https:\/\/portalnpm.com\/#website\"},\"primaryImageOfPage\":{\"@id\":\"https:\/\/portalnpm.com\/index.php\/2023\/09\/24\/ii-copa-amvi-simoes-1x4-caridade-o-placar-foi-justo-pra-gente-disse-dieldo-atacante-de-caridade\/#primaryimage\"},\"image\":{\"@id\":\"https:\/\/portalnpm.com\/index.php\/2023\/09\/24\/ii-copa-amvi-simoes-1x4-caridade-o-placar-foi-justo-pra-gente-disse-dieldo-atacante-de-caridade\/#primaryimage\"},\"thumbnailUrl\":\"\",\"datePublished\":\"2023-09-24T17:05:19+00:00\",\"dateModified\":\"2023-09-24T17:05:19+00:00\",\"author\":{\"@id\":\"https:\/\/portalnpm.com\/#\/schema\/person\/49313e563cfdefcc167f1ee4c017c294\"},\"breadcrumb\":{\"@id\":\"https:\/\/portalnpm.com\/index.php\/2023\/09\/24\/ii-copa-amvi-simoes-1x4-caridade-o-placar-foi-justo-pra-gente-disse-dieldo-atacante-de-caridade\/#breadcrumb\"},\"inLanguage\":\"pt-BR\",\"potentialAction\":[{\"@type\":\"ReadAction\",\"target\":[\"https:\/\/portalnpm.com\/index.php\/2023\/09\/24\/ii-copa-amvi-simoes-1x4-caridade-o-placar-foi-justo-pra-gente-disse-dieldo-atacante-de-caridade\/\"]}]},{\"@type\":\"ImageObject\",\"inLanguage\":\"pt-BR\",\"@id\":\"https:\/\/portalnpm.com\/index.php\/2023\/09\/24\/ii-copa-amvi-simoes-1x4-caridade-o-placar-foi-justo-pra-gente-disse-dieldo-atacante-de-caridade\/#primaryimage\",\"url\":\"\",\"contentUrl\":\"\"},{\"@type\":\"BreadcrumbList\",\"@id\":\"https:\/\/portalnpm.com\/index.php\/2023\/09\/24\/ii-copa-amvi-simoes-1x4-caridade-o-placar-foi-justo-pra-gente-disse-dieldo-atacante-de-caridade\/#breadcrumb\",\"itemListElement\":[{\"@type\":\"ListItem\",\"position\":1,\"name\":\"In\u00edcio\",\"item\":\"https:\/\/portalnpm.com\/\"},{\"@type\":\"ListItem\",\"position\":2,\"name\":\"II COPA AMVI \u2013 Sim\u00f5es 1X4 Caridade; O Placar foi justo pra gente, disse Dieldo, Atacante de Caridade\"}]},{\"@type\":\"WebSite\",\"@id\":\"https:\/\/portalnpm.com\/#website\",\"url\":\"https:\/\/portalnpm.com\/\",\"name\":\"Portal NPM\",\"description\":\"Not\u00edcias em Primeira M\u00e3o\",\"potentialAction\":[{\"@type\":\"SearchAction\",\"target\":{\"@type\":\"EntryPoint\",\"urlTemplate\":\"https:\/\/portalnpm.com\/?s={search_term_string}\"},\"query-input\":\"required name=search_term_string\"}],\"inLanguage\":\"pt-BR\"},{\"@type\":\"Person\",\"@id\":\"https:\/\/portalnpm.com\/#\/schema\/person\/49313e563cfdefcc167f1ee4c017c294\",\"name\":\"Genival Barbosa\",\"image\":{\"@type\":\"ImageObject\",\"inLanguage\":\"pt-BR\",\"@id\":\"https:\/\/portalnpm.com\/#\/schema\/person\/image\/\",\"url\":\"https:\/\/portalnpm.com\/wp-content\/uploads\/2024\/02\/avatar_user_2_1707743258-96x96.jpeg\",\"contentUrl\":\"https:\/\/portalnpm.com\/wp-content\/uploads\/2024\/02\/avatar_user_2_1707743258-96x96.jpeg\",\"caption\":\"Genival Barbosa\"},\"url\":\"https:\/\/portalnpm.com\/index.php\/author\/genival\/\"}]}<\/script>\n<!-- \/ Yoast SEO plugin. -->","yoast_head_json":{"title":"II COPA AMVI \u2013 Sim\u00f5es 1X4 Caridade; O Placar foi justo pra gente, disse Dieldo, Atacante de Caridade - Portal NPM","robots":{"index":"index","follow":"follow","max-snippet":"max-snippet:-1","max-image-preview":"max-image-preview:large","max-video-preview":"max-video-preview:-1"},"canonical":"https:\/\/portalnpm.com\/index.php\/2023\/09\/24\/ii-copa-amvi-simoes-1x4-caridade-o-placar-foi-justo-pra-gente-disse-dieldo-atacante-de-caridade\/","og_locale":"pt_BR","og_type":"article","og_title":"II COPA AMVI \u2013 Sim\u00f5es 1X4 Caridade; O Placar foi justo pra gente, disse Dieldo, Atacante de Caridade - Portal NPM","og_description":"\u00a0O primeiro jogo das quartas \u00a0de finais, aconteceu no Est\u00e1dio Municipal de Sim\u00f5es, no dia 23 de setembro de 2023. A sele\u00e7\u00e3o de Sim\u00f5es, conta com total apoio do Prefeito Z\u00e9 Wlisses, que sempre est\u00e1 ao lado dos atletas com palavras de for\u00e7a e incentivo. Z\u00e9 Wlisses, \u00e9 incentivador tanto da sele\u00e7\u00e3o, como tamb\u00e9m do &hellip;","og_url":"https:\/\/portalnpm.com\/index.php\/2023\/09\/24\/ii-copa-amvi-simoes-1x4-caridade-o-placar-foi-justo-pra-gente-disse-dieldo-atacante-de-caridade\/","og_site_name":"Portal NPM","article_published_time":"2023-09-24T17:05:19+00:00","author":"Genival Barbosa","twitter_card":"summary_large_image","twitter_misc":{"Escrito por":"Genival Barbosa","Est. tempo de leitura":"1 minuto"},"schema":{"@context":"https:\/\/schema.org","@graph":[{"@type":"WebPage","@id":"https:\/\/portalnpm.com\/index.php\/2023\/09\/24\/ii-copa-amvi-simoes-1x4-caridade-o-placar-foi-justo-pra-gente-disse-dieldo-atacante-de-caridade\/","url":"https:\/\/portalnpm.com\/index.php\/2023\/09\/24\/ii-copa-amvi-simoes-1x4-caridade-o-placar-foi-justo-pra-gente-disse-dieldo-atacante-de-caridade\/","name":"II COPA AMVI \u2013 Sim\u00f5es 1X4 Caridade; O Placar foi justo pra gente, disse Dieldo, Atacante de Caridade - Portal NPM","isPartOf":{"@id":"https:\/\/portalnpm.com\/#website"},"primaryImageOfPage":{"@id":"https:\/\/portalnpm.com\/index.php\/2023\/09\/24\/ii-copa-amvi-simoes-1x4-caridade-o-placar-foi-justo-pra-gente-disse-dieldo-atacante-de-caridade\/#primaryimage"},"image":{"@id":"https:\/\/portalnpm.com\/index.php\/2023\/09\/24\/ii-copa-amvi-simoes-1x4-caridade-o-placar-foi-justo-pra-gente-disse-dieldo-atacante-de-caridade\/#primaryimage"},"thumbnailUrl":"","datePublished":"2023-09-24T17:05:19+00:00","dateModified":"2023-09-24T17:05:19+00:00","author":{"@id":"https:\/\/portalnpm.com\/#\/schema\/person\/49313e563cfdefcc167f1ee4c017c294"},"breadcrumb":{"@id":"https:\/\/portalnpm.com\/index.php\/2023\/09\/24\/ii-copa-amvi-simoes-1x4-caridade-o-placar-foi-justo-pra-gente-disse-dieldo-atacante-de-caridade\/#breadcrumb"},"inLanguage":"pt-BR","potentialAction":[{"@type":"ReadAction","target":["https:\/\/portalnpm.com\/index.php\/2023\/09\/24\/ii-copa-amvi-simoes-1x4-caridade-o-placar-foi-justo-pra-gente-disse-dieldo-atacante-de-caridade\/"]}]},{"@type":"ImageObject","inLanguage":"pt-BR","@id":"https:\/\/portalnpm.com\/index.php\/2023\/09\/24\/ii-copa-amvi-simoes-1x4-caridade-o-placar-foi-justo-pra-gente-disse-dieldo-atacante-de-caridade\/#primaryimage","url":"","contentUrl":""},{"@type":"BreadcrumbList","@id":"https:\/\/portalnpm.com\/index.php\/2023\/09\/24\/ii-copa-amvi-simoes-1x4-caridade-o-placar-foi-justo-pra-gente-disse-dieldo-atacante-de-caridade\/#breadcrumb","itemListElement":[{"@type":"ListItem","position":1,"name":"In\u00edcio","item":"https:\/\/portalnpm.com\/"},{"@type":"ListItem","position":2,"name":"II COPA AMVI \u2013 Sim\u00f5es 1X4 Caridade; O Placar foi justo pra gente, disse Dieldo, Atacante de Caridade"}]},{"@type":"WebSite","@id":"https:\/\/portalnpm.com\/#website","url":"https:\/\/portalnpm.com\/","name":"Portal NPM","description":"Not\u00edcias em Primeira M\u00e3o","potentialAction":[{"@type":"SearchAction","target":{"@type":"EntryPoint","urlTemplate":"https:\/\/portalnpm.com\/?s={search_term_string}"},"query-input":"required name=search_term_string"}],"inLanguage":"pt-BR"},{"@type":"Person","@id":"https:\/\/portalnpm.com\/#\/schema\/person\/49313e563cfdefcc167f1ee4c017c294","name":"Genival Barbosa","image":{"@type":"ImageObject","inLanguage":"pt-BR","@id":"https:\/\/portalnpm.com\/#\/schema\/person\/image\/","url":"https:\/\/portalnpm.com\/wp-content\/uploads\/2024\/02\/avatar_user_2_1707743258-96x96.jpeg","contentUrl":"https:\/\/portalnpm.com\/wp-content\/uploads\/2024\/02\/avatar_user_2_1707743258-96x96.jpeg","caption":"Genival Barbosa"},"url":"https:\/\/portalnpm.com\/index.php\/author\/genival\/"}]}},"jetpack_sharing_enabled":true,"jetpack_featured_media_url":"","_links":{"self":[{"href":"https:\/\/portalnpm.com\/index.php\/wp-json\/wp\/v2\/posts\/49341"}],"collection":[{"href":"https:\/\/portalnpm.com\/index.php\/wp-json\/wp\/v2\/posts"}],"about":[{"href":"https:\/\/portalnpm.com\/index.php\/wp-json\/wp\/v2\/types\/post"}],"author":[{"embeddable":true,"href":"https:\/\/portalnpm.com\/index.php\/wp-json\/wp\/v2\/users\/2"}],"replies":[{"embeddable":true,"href":"https:\/\/portalnpm.com\/index.php\/wp-json\/wp\/v2\/comments?post=49341"}],"version-history":[{"count":0,"href":"https:\/\/portalnpm.com\/index.php\/wp-json\/wp\/v2\/posts\/49341\/revisions"}],"wp:featuredmedia":[{"embeddable":true,"href":"https:\/\/portalnpm.com\/index.php\/wp-json\/"}],"wp:attachment":[{"href":"https:\/\/portalnpm.com\/index.php\/wp-json\/wp\/v2\/media?parent=49341"}],"wp:term":[{"taxonomy":"category","embeddable":true,"href":"https:\/\/portalnpm.com\/index.php\/wp-json\/wp\/v2\/categories?post=49341"},{"taxonomy":"post_tag","embeddable":true,"href":"https:\/\/portalnpm.com\/index.php\/wp-json\/wp\/v2\/tags?post=49341"}],"curies":[{"name":"wp","href":"https:\/\/api.w.org\/{rel}","templated":true}]}}