{"id":49344,"date":"2023-09-24T14:40:55","date_gmt":"2023-09-24T17:40:55","guid":{"rendered":"https:\/\/portalnpm.com\/?p=49344"},"modified":"2023-09-24T14:40:55","modified_gmt":"2023-09-24T17:40:55","slug":"araujinho-declara-apoio-a-pablo-faca-por-picos-tudo-aquilo-que-eu-faria","status":"publish","type":"post","link":"https:\/\/portalnpm.com\/index.php\/2023\/09\/24\/araujinho-declara-apoio-a-pablo-faca-por-picos-tudo-aquilo-que-eu-faria\/","title":{"rendered":"Araujinho declara apoio a Pablo: \u201cFa\u00e7a por Picos tudo aquilo que eu faria\u201d"},"content":{"rendered":"<h6 class=\"article-subtitle\" style=\"text-align: justify;\">Empres\u00e1rio Araujinho declara apoio ao pr\u00e9-candidato a prefeito Pablo Santos<\/h6>\n<p style=\"text-align: justify;\">\n<p style=\"text-align: justify;\">Sogro do governador Rafael Fonteles, um dos empres\u00e1rios mais bem sucedidos do Piau\u00ed, ex-candidato a prefeito de Picos e pe\u00e7a-chave na sucess\u00e3o da cidade, Araujinho declarou apoio ao deputado estadual Pablo Santos durante evento na noite de sexta-feira (22) na Cidade Modelo.<\/p>\n<p style=\"text-align: justify;\">\u201cAs pesquisas que n\u00f3s temos apontam Pablo em Picos. Tudo o que eu pretendia fazer eu quero que voc\u00ea fa\u00e7a. Serei um soldado para ver tudo isso acontecer em Picos atrav\u00e9s de voc\u00ea\u201d, comentou.<\/p>\n<p style=\"text-align: justify;\">Feliz com a declara\u00e7\u00e3o p\u00fablica de apoio por parte de Araujinho, o pr\u00e9-candidato a prefeito Pablo Santos respondeu, tamb\u00e9m ao microfone, que ser\u00e1 grato e fiel ao empres\u00e1rio.<\/p>\n<p style=\"text-align: justify;\">Pablo Santos, deputado estadual do MDB, tamb\u00e9m tem o apoio do governador Rafael, do futuro presidente da Assembleia Legislativa, Severo Eul\u00e1lio, e espera apenas a declara\u00e7\u00e3o do deputado estadual Nerinho (PT), que pode indicar a vice na chapa.<\/p>\n<div class=\"twitter-tweet twitter-tweet-rendered\" style=\"text-align: justify;\"><iframe id=\"twitter-widget-0\" class=\"\" title=\"Twitter Tweet\" src=\"https:\/\/platform.twitter.com\/embed\/Tweet.html?dnt=false&amp;embedId=twitter-widget-0&amp;features=eyJ0ZndfdGltZWxpbmVfbGlzdCI6eyJidWNrZXQiOltdLCJ2ZXJzaW9uIjpudWxsfSwidGZ3X2ZvbGxvd2VyX2NvdW50X3N1bnNldCI6eyJidWNrZXQiOnRydWUsInZlcnNpb24iOm51bGx9LCJ0ZndfdHdlZXRfZWRpdF9iYWNrZW5kIjp7ImJ1Y2tldCI6Im9uIiwidmVyc2lvbiI6bnVsbH0sInRmd19yZWZzcmNfc2Vzc2lvbiI6eyJidWNrZXQiOiJvbiIsInZlcnNpb24iOm51bGx9LCJ0ZndfZm9zbnJfc29mdF9pbnRlcnZlbnRpb25zX2VuYWJsZWQiOnsiYnVja2V0Ijoib24iLCJ2ZXJzaW9uIjpudWxsfSwidGZ3X21peGVkX21lZGlhXzE1ODk3Ijp7ImJ1Y2tldCI6InRyZWF0bWVudCIsInZlcnNpb24iOm51bGx9LCJ0ZndfZXhwZXJpbWVudHNfY29va2llX2V4cGlyYXRpb24iOnsiYnVja2V0IjoxMjA5NjAwLCJ2ZXJzaW9uIjpudWxsfSwidGZ3X3Nob3dfYmlyZHdhdGNoX3Bpdm90c19lbmFibGVkIjp7ImJ1Y2tldCI6Im9uIiwidmVyc2lvbiI6bnVsbH0sInRmd19kdXBsaWNhdGVfc2NyaWJlc190b19zZXR0aW5ncyI6eyJidWNrZXQiOiJvbiIsInZlcnNpb24iOm51bGx9LCJ0ZndfdXNlX3Byb2ZpbGVfaW1hZ2Vfc2hhcGVfZW5hYmxlZCI6eyJidWNrZXQiOiJvbiIsInZlcnNpb24iOm51bGx9LCJ0ZndfdmlkZW9faGxzX2R5bmFtaWNfbWFuaWZlc3RzXzE1MDgyIjp7ImJ1Y2tldCI6InRydWVfYml0cmF0ZSIsInZlcnNpb24iOm51bGx9LCJ0ZndfbGVnYWN5X3RpbWVsaW5lX3N1bnNldCI6eyJidWNrZXQiOnRydWUsInZlcnNpb24iOm51bGx9LCJ0ZndfdHdlZXRfZWRpdF9mcm9udGVuZCI6eyJidWNrZXQiOiJvbiIsInZlcnNpb24iOm51bGx9fQ%3D%3D&amp;frame=false&amp;hideCard=false&amp;hideThread=false&amp;id=1705568179475427460&amp;lang=pt&amp;origin=https%3A%2F%2Fwww.portalsaibamais.com.br%2Faraujinho-declara-apoio-a-pablo-faca-por-picos-tudo-aquilo-que-eu-faria%2F&amp;sessionId=d4a68cf5b00db9234e69d67c8425d5def671155b&amp;theme=light&amp;widgetsVersion=aaf4084522e3a%3A1674595607486&amp;width=550px\" frameborder=\"0\" scrolling=\"no\" allowfullscreen=\"allowfullscreen\" data-tweet-id=\"1705568179475427460\" data-mce-fragment=\"1\"><\/iframe><\/div>\n<p style=\"text-align: justify;\">\n<hr \/>\n<p style=\"text-align: justify;\">Fonte: Ari Carvalho\/Meio Norte<\/p>\n","protected":false},"excerpt":{"rendered":"<p>Empres\u00e1rio Araujinho declara apoio ao pr\u00e9-candidato a prefeito Pablo Santos Sogro do governador Rafael Fonteles, um dos empres\u00e1rios mais bem sucedidos do Piau\u00ed, ex-candidato a prefeito de Picos e pe\u00e7a-chave na sucess\u00e3o da cidade, Araujinho declarou apoio ao deputado estadual Pablo Santos durante evento na noite de sexta-feira (22) na Cidade Modelo. \u201cAs pesquisas que &hellip;<\/p>\n","protected":false},"author":2,"featured_media":49345,"comment_status":"open","ping_status":"open","sticky":false,"template":"","format":"standard","meta":{"content-type":"","rop_custom_images_group":[],"rop_custom_messages_group":[],"rop_publish_now":"initial","rop_publish_now_accounts":{"facebook_2648258775420054_1618374048415101":""},"rop_publish_now_history":[],"rop_publish_now_status":"pending","footnotes":"","_jetpack_memberships_contains_paid_content":false},"categories":[109,127],"tags":[576,3773],"yoast_head":"<!-- This site is optimized with the Yoast SEO plugin v22.3 - https:\/\/yoast.com\/wordpress\/plugins\/seo\/ -->\n<title>Araujinho declara apoio a Pablo: \u201cFa\u00e7a por Picos tudo aquilo que eu faria\u201d - Portal NPM<\/title>\n<meta name=\"robots\" content=\"index, follow, max-snippet:-1, max-image-preview:large, max-video-preview:-1\" \/>\n<link rel=\"canonical\" href=\"https:\/\/portalnpm.com\/index.php\/2023\/09\/24\/araujinho-declara-apoio-a-pablo-faca-por-picos-tudo-aquilo-que-eu-faria\/\" \/>\n<meta property=\"og:locale\" content=\"pt_BR\" \/>\n<meta property=\"og:type\" content=\"article\" \/>\n<meta property=\"og:title\" content=\"Araujinho declara apoio a Pablo: \u201cFa\u00e7a por Picos tudo aquilo que eu faria\u201d - Portal NPM\" \/>\n<meta property=\"og:description\" content=\"Empres\u00e1rio Araujinho declara apoio ao pr\u00e9-candidato a prefeito Pablo Santos Sogro do governador Rafael Fonteles, um dos empres\u00e1rios mais bem sucedidos do Piau\u00ed, ex-candidato a prefeito de Picos e pe\u00e7a-chave na sucess\u00e3o da cidade, Araujinho declarou apoio ao deputado estadual Pablo Santos durante evento na noite de sexta-feira (22) na Cidade Modelo. \u201cAs pesquisas que &hellip;\" \/>\n<meta property=\"og:url\" content=\"https:\/\/portalnpm.com\/index.php\/2023\/09\/24\/araujinho-declara-apoio-a-pablo-faca-por-picos-tudo-aquilo-que-eu-faria\/\" \/>\n<meta property=\"og:site_name\" content=\"Portal NPM\" \/>\n<meta property=\"article:published_time\" content=\"2023-09-24T17:40:55+00:00\" \/>\n<meta name=\"author\" content=\"Genival Barbosa\" \/>\n<meta name=\"twitter:card\" content=\"summary_large_image\" \/>\n<meta name=\"twitter:label1\" content=\"Escrito por\" \/>\n\t<meta name=\"twitter:data1\" content=\"Genival Barbosa\" \/>\n\t<meta name=\"twitter:label2\" content=\"Est. tempo de leitura\" \/>\n\t<meta name=\"twitter:data2\" content=\"1 minuto\" \/>\n<script type=\"application\/ld+json\" class=\"yoast-schema-graph\">{\"@context\":\"https:\/\/schema.org\",\"@graph\":[{\"@type\":\"WebPage\",\"@id\":\"https:\/\/portalnpm.com\/index.php\/2023\/09\/24\/araujinho-declara-apoio-a-pablo-faca-por-picos-tudo-aquilo-que-eu-faria\/\",\"url\":\"https:\/\/portalnpm.com\/index.php\/2023\/09\/24\/araujinho-declara-apoio-a-pablo-faca-por-picos-tudo-aquilo-que-eu-faria\/\",\"name\":\"Araujinho declara apoio a Pablo: \u201cFa\u00e7a por Picos tudo aquilo que eu faria\u201d - Portal NPM\",\"isPartOf\":{\"@id\":\"https:\/\/portalnpm.com\/#website\"},\"primaryImageOfPage\":{\"@id\":\"https:\/\/portalnpm.com\/index.php\/2023\/09\/24\/araujinho-declara-apoio-a-pablo-faca-por-picos-tudo-aquilo-que-eu-faria\/#primaryimage\"},\"image\":{\"@id\":\"https:\/\/portalnpm.com\/index.php\/2023\/09\/24\/araujinho-declara-apoio-a-pablo-faca-por-picos-tudo-aquilo-que-eu-faria\/#primaryimage\"},\"thumbnailUrl\":\"\",\"datePublished\":\"2023-09-24T17:40:55+00:00\",\"dateModified\":\"2023-09-24T17:40:55+00:00\",\"author\":{\"@id\":\"https:\/\/portalnpm.com\/#\/schema\/person\/49313e563cfdefcc167f1ee4c017c294\"},\"breadcrumb\":{\"@id\":\"https:\/\/portalnpm.com\/index.php\/2023\/09\/24\/araujinho-declara-apoio-a-pablo-faca-por-picos-tudo-aquilo-que-eu-faria\/#breadcrumb\"},\"inLanguage\":\"pt-BR\",\"potentialAction\":[{\"@type\":\"ReadAction\",\"target\":[\"https:\/\/portalnpm.com\/index.php\/2023\/09\/24\/araujinho-declara-apoio-a-pablo-faca-por-picos-tudo-aquilo-que-eu-faria\/\"]}]},{\"@type\":\"ImageObject\",\"inLanguage\":\"pt-BR\",\"@id\":\"https:\/\/portalnpm.com\/index.php\/2023\/09\/24\/araujinho-declara-apoio-a-pablo-faca-por-picos-tudo-aquilo-que-eu-faria\/#primaryimage\",\"url\":\"\",\"contentUrl\":\"\"},{\"@type\":\"BreadcrumbList\",\"@id\":\"https:\/\/portalnpm.com\/index.php\/2023\/09\/24\/araujinho-declara-apoio-a-pablo-faca-por-picos-tudo-aquilo-que-eu-faria\/#breadcrumb\",\"itemListElement\":[{\"@type\":\"ListItem\",\"position\":1,\"name\":\"In\u00edcio\",\"item\":\"https:\/\/portalnpm.com\/\"},{\"@type\":\"ListItem\",\"position\":2,\"name\":\"Araujinho declara apoio a Pablo: \u201cFa\u00e7a por Picos tudo aquilo que eu faria\u201d\"}]},{\"@type\":\"WebSite\",\"@id\":\"https:\/\/portalnpm.com\/#website\",\"url\":\"https:\/\/portalnpm.com\/\",\"name\":\"Portal NPM\",\"description\":\"Not\u00edcias em Primeira M\u00e3o\",\"potentialAction\":[{\"@type\":\"SearchAction\",\"target\":{\"@type\":\"EntryPoint\",\"urlTemplate\":\"https:\/\/portalnpm.com\/?s={search_term_string}\"},\"query-input\":\"required name=search_term_string\"}],\"inLanguage\":\"pt-BR\"},{\"@type\":\"Person\",\"@id\":\"https:\/\/portalnpm.com\/#\/schema\/person\/49313e563cfdefcc167f1ee4c017c294\",\"name\":\"Genival Barbosa\",\"image\":{\"@type\":\"ImageObject\",\"inLanguage\":\"pt-BR\",\"@id\":\"https:\/\/portalnpm.com\/#\/schema\/person\/image\/\",\"url\":\"https:\/\/portalnpm.com\/wp-content\/uploads\/2024\/02\/avatar_user_2_1707743258-96x96.jpeg\",\"contentUrl\":\"https:\/\/portalnpm.com\/wp-content\/uploads\/2024\/02\/avatar_user_2_1707743258-96x96.jpeg\",\"caption\":\"Genival Barbosa\"},\"url\":\"https:\/\/portalnpm.com\/index.php\/author\/genival\/\"}]}<\/script>\n<!-- \/ Yoast SEO plugin. -->","yoast_head_json":{"title":"Araujinho declara apoio a Pablo: \u201cFa\u00e7a por Picos tudo aquilo que eu faria\u201d - Portal NPM","robots":{"index":"index","follow":"follow","max-snippet":"max-snippet:-1","max-image-preview":"max-image-preview:large","max-video-preview":"max-video-preview:-1"},"canonical":"https:\/\/portalnpm.com\/index.php\/2023\/09\/24\/araujinho-declara-apoio-a-pablo-faca-por-picos-tudo-aquilo-que-eu-faria\/","og_locale":"pt_BR","og_type":"article","og_title":"Araujinho declara apoio a Pablo: \u201cFa\u00e7a por Picos tudo aquilo que eu faria\u201d - Portal NPM","og_description":"Empres\u00e1rio Araujinho declara apoio ao pr\u00e9-candidato a prefeito Pablo Santos Sogro do governador Rafael Fonteles, um dos empres\u00e1rios mais bem sucedidos do Piau\u00ed, ex-candidato a prefeito de Picos e pe\u00e7a-chave na sucess\u00e3o da cidade, Araujinho declarou apoio ao deputado estadual Pablo Santos durante evento na noite de sexta-feira (22) na Cidade Modelo. \u201cAs pesquisas que &hellip;","og_url":"https:\/\/portalnpm.com\/index.php\/2023\/09\/24\/araujinho-declara-apoio-a-pablo-faca-por-picos-tudo-aquilo-que-eu-faria\/","og_site_name":"Portal NPM","article_published_time":"2023-09-24T17:40:55+00:00","author":"Genival Barbosa","twitter_card":"summary_large_image","twitter_misc":{"Escrito por":"Genival Barbosa","Est. tempo de leitura":"1 minuto"},"schema":{"@context":"https:\/\/schema.org","@graph":[{"@type":"WebPage","@id":"https:\/\/portalnpm.com\/index.php\/2023\/09\/24\/araujinho-declara-apoio-a-pablo-faca-por-picos-tudo-aquilo-que-eu-faria\/","url":"https:\/\/portalnpm.com\/index.php\/2023\/09\/24\/araujinho-declara-apoio-a-pablo-faca-por-picos-tudo-aquilo-que-eu-faria\/","name":"Araujinho declara apoio a Pablo: \u201cFa\u00e7a por Picos tudo aquilo que eu faria\u201d - Portal NPM","isPartOf":{"@id":"https:\/\/portalnpm.com\/#website"},"primaryImageOfPage":{"@id":"https:\/\/portalnpm.com\/index.php\/2023\/09\/24\/araujinho-declara-apoio-a-pablo-faca-por-picos-tudo-aquilo-que-eu-faria\/#primaryimage"},"image":{"@id":"https:\/\/portalnpm.com\/index.php\/2023\/09\/24\/araujinho-declara-apoio-a-pablo-faca-por-picos-tudo-aquilo-que-eu-faria\/#primaryimage"},"thumbnailUrl":"","datePublished":"2023-09-24T17:40:55+00:00","dateModified":"2023-09-24T17:40:55+00:00","author":{"@id":"https:\/\/portalnpm.com\/#\/schema\/person\/49313e563cfdefcc167f1ee4c017c294"},"breadcrumb":{"@id":"https:\/\/portalnpm.com\/index.php\/2023\/09\/24\/araujinho-declara-apoio-a-pablo-faca-por-picos-tudo-aquilo-que-eu-faria\/#breadcrumb"},"inLanguage":"pt-BR","potentialAction":[{"@type":"ReadAction","target":["https:\/\/portalnpm.com\/index.php\/2023\/09\/24\/araujinho-declara-apoio-a-pablo-faca-por-picos-tudo-aquilo-que-eu-faria\/"]}]},{"@type":"ImageObject","inLanguage":"pt-BR","@id":"https:\/\/portalnpm.com\/index.php\/2023\/09\/24\/araujinho-declara-apoio-a-pablo-faca-por-picos-tudo-aquilo-que-eu-faria\/#primaryimage","url":"","contentUrl":""},{"@type":"BreadcrumbList","@id":"https:\/\/portalnpm.com\/index.php\/2023\/09\/24\/araujinho-declara-apoio-a-pablo-faca-por-picos-tudo-aquilo-que-eu-faria\/#breadcrumb","itemListElement":[{"@type":"ListItem","position":1,"name":"In\u00edcio","item":"https:\/\/portalnpm.com\/"},{"@type":"ListItem","position":2,"name":"Araujinho declara apoio a Pablo: \u201cFa\u00e7a por Picos tudo aquilo que eu faria\u201d"}]},{"@type":"WebSite","@id":"https:\/\/portalnpm.com\/#website","url":"https:\/\/portalnpm.com\/","name":"Portal NPM","description":"Not\u00edcias em Primeira M\u00e3o","potentialAction":[{"@type":"SearchAction","target":{"@type":"EntryPoint","urlTemplate":"https:\/\/portalnpm.com\/?s={search_term_string}"},"query-input":"required name=search_term_string"}],"inLanguage":"pt-BR"},{"@type":"Person","@id":"https:\/\/portalnpm.com\/#\/schema\/person\/49313e563cfdefcc167f1ee4c017c294","name":"Genival Barbosa","image":{"@type":"ImageObject","inLanguage":"pt-BR","@id":"https:\/\/portalnpm.com\/#\/schema\/person\/image\/","url":"https:\/\/portalnpm.com\/wp-content\/uploads\/2024\/02\/avatar_user_2_1707743258-96x96.jpeg","contentUrl":"https:\/\/portalnpm.com\/wp-content\/uploads\/2024\/02\/avatar_user_2_1707743258-96x96.jpeg","caption":"Genival Barbosa"},"url":"https:\/\/portalnpm.com\/index.php\/author\/genival\/"}]}},"jetpack_sharing_enabled":true,"jetpack_featured_media_url":"","_links":{"self":[{"href":"https:\/\/portalnpm.com\/index.php\/wp-json\/wp\/v2\/posts\/49344"}],"collection":[{"href":"https:\/\/portalnpm.com\/index.php\/wp-json\/wp\/v2\/posts"}],"about":[{"href":"https:\/\/portalnpm.com\/index.php\/wp-json\/wp\/v2\/types\/post"}],"author":[{"embeddable":true,"href":"https:\/\/portalnpm.com\/index.php\/wp-json\/wp\/v2\/users\/2"}],"replies":[{"embeddable":true,"href":"https:\/\/portalnpm.com\/index.php\/wp-json\/wp\/v2\/comments?post=49344"}],"version-history":[{"count":0,"href":"https:\/\/portalnpm.com\/index.php\/wp-json\/wp\/v2\/posts\/49344\/revisions"}],"wp:featuredmedia":[{"embeddable":true,"href":"https:\/\/portalnpm.com\/index.php\/wp-json\/"}],"wp:attachment":[{"href":"https:\/\/portalnpm.com\/index.php\/wp-json\/wp\/v2\/media?parent=49344"}],"wp:term":[{"taxonomy":"category","embeddable":true,"href":"https:\/\/portalnpm.com\/index.php\/wp-json\/wp\/v2\/categories?post=49344"},{"taxonomy":"post_tag","embeddable":true,"href":"https:\/\/portalnpm.com\/index.php\/wp-json\/wp\/v2\/tags?post=49344"}],"curies":[{"name":"wp","href":"https:\/\/api.w.org\/{rel}","templated":true}]}}