{"id":49600,"date":"2023-10-14T16:22:21","date_gmt":"2023-10-14T19:22:21","guid":{"rendered":"https:\/\/portalnpm.com\/?p=49600"},"modified":"2023-10-14T16:22:21","modified_gmt":"2023-10-14T19:22:21","slug":"ex-candidata-a-vereadora-adere-ao-grupo-da-oposicao-em-alagoinha-do-piaui","status":"publish","type":"post","link":"https:\/\/portalnpm.com\/index.php\/2023\/10\/14\/ex-candidata-a-vereadora-adere-ao-grupo-da-oposicao-em-alagoinha-do-piaui\/","title":{"rendered":"Ex-candidata a vereadora adere ao grupo da oposi\u00e7\u00e3o em Alagoinha do Piau\u00ed"},"content":{"rendered":"<p style=\"text-align: justify;\">Os bastidores da pol\u00edtica de Alagoinha do Piau\u00ed continuam se movimentando visando o processo pol\u00edtico eleitoral do pr\u00f3ximo ano.<\/p>\n<p style=\"text-align: justify;\">A l\u00edder pol\u00edtico e ex-candidata a vereadora, Margarida, deixou o grupo da situa\u00e7\u00e3o e aderiu a oposi\u00e7\u00e3o, fortalecendo cada vez mais o campo oposicionista no munic\u00edpio de Alagoinha do Piau\u00ed.<\/p>\n<p style=\"text-align: justify;\">Margarida foi candidata vereadora nas elei\u00e7\u00f5es de 2004, tendo 198 votos na disputa por uma das vagas no legislativo municipal, ficando na supl\u00eancia. Para as elei\u00e7\u00f5es de 2024, Margarida coloca seu nome a disposi\u00e7\u00e3o para disputar novamente um mandato de vereador no campo da oposi\u00e7\u00e3o, na chapa de Dr. Pedro e Cicinho dos Colch\u00f5es.<\/p>\n","protected":false},"excerpt":{"rendered":"<p>Os bastidores da pol\u00edtica de Alagoinha do Piau\u00ed continuam se movimentando visando o processo pol\u00edtico eleitoral do pr\u00f3ximo ano. A l\u00edder pol\u00edtico e ex-candidata a vereadora, Margarida, deixou o grupo da situa\u00e7\u00e3o e aderiu a oposi\u00e7\u00e3o, fortalecendo cada vez mais o campo oposicionista no munic\u00edpio de Alagoinha do Piau\u00ed. Margarida foi candidata vereadora nas elei\u00e7\u00f5es &hellip;<\/p>\n","protected":false},"author":4,"featured_media":49602,"comment_status":"open","ping_status":"open","sticky":false,"template":"","format":"standard","meta":{"content-type":"","rop_custom_images_group":[],"rop_custom_messages_group":[],"rop_publish_now":"initial","rop_publish_now_accounts":{"facebook_2648258775420054_1618374048415101":""},"rop_publish_now_history":[],"rop_publish_now_status":"pending","footnotes":"","_jetpack_memberships_contains_paid_content":false},"categories":[144,113,130],"tags":[175,1119,176],"yoast_head":"<!-- This site is optimized with the Yoast SEO plugin v22.3 - https:\/\/yoast.com\/wordpress\/plugins\/seo\/ -->\n<title>Ex-candidata a vereadora adere ao grupo da oposi\u00e7\u00e3o em Alagoinha do Piau\u00ed - Portal NPM<\/title>\n<meta name=\"robots\" content=\"index, follow, max-snippet:-1, max-image-preview:large, max-video-preview:-1\" \/>\n<link rel=\"canonical\" href=\"https:\/\/portalnpm.com\/index.php\/2023\/10\/14\/ex-candidata-a-vereadora-adere-ao-grupo-da-oposicao-em-alagoinha-do-piaui\/\" \/>\n<meta property=\"og:locale\" content=\"pt_BR\" \/>\n<meta property=\"og:type\" content=\"article\" \/>\n<meta property=\"og:title\" content=\"Ex-candidata a vereadora adere ao grupo da oposi\u00e7\u00e3o em Alagoinha do Piau\u00ed - Portal NPM\" \/>\n<meta property=\"og:description\" content=\"Os bastidores da pol\u00edtica de Alagoinha do Piau\u00ed continuam se movimentando visando o processo pol\u00edtico eleitoral do pr\u00f3ximo ano. A l\u00edder pol\u00edtico e ex-candidata a vereadora, Margarida, deixou o grupo da situa\u00e7\u00e3o e aderiu a oposi\u00e7\u00e3o, fortalecendo cada vez mais o campo oposicionista no munic\u00edpio de Alagoinha do Piau\u00ed. Margarida foi candidata vereadora nas elei\u00e7\u00f5es &hellip;\" \/>\n<meta property=\"og:url\" content=\"https:\/\/portalnpm.com\/index.php\/2023\/10\/14\/ex-candidata-a-vereadora-adere-ao-grupo-da-oposicao-em-alagoinha-do-piaui\/\" \/>\n<meta property=\"og:site_name\" content=\"Portal NPM\" \/>\n<meta property=\"article:published_time\" content=\"2023-10-14T19:22:21+00:00\" \/>\n<meta name=\"author\" content=\"Reda\u00e7\u00e3o\" \/>\n<meta name=\"twitter:card\" content=\"summary_large_image\" \/>\n<meta name=\"twitter:label1\" content=\"Escrito por\" \/>\n\t<meta name=\"twitter:data1\" content=\"Reda\u00e7\u00e3o\" \/>\n\t<meta name=\"twitter:label2\" content=\"Est. tempo de leitura\" \/>\n\t<meta name=\"twitter:data2\" content=\"1 minuto\" \/>\n<script type=\"application\/ld+json\" class=\"yoast-schema-graph\">{\"@context\":\"https:\/\/schema.org\",\"@graph\":[{\"@type\":\"WebPage\",\"@id\":\"https:\/\/portalnpm.com\/index.php\/2023\/10\/14\/ex-candidata-a-vereadora-adere-ao-grupo-da-oposicao-em-alagoinha-do-piaui\/\",\"url\":\"https:\/\/portalnpm.com\/index.php\/2023\/10\/14\/ex-candidata-a-vereadora-adere-ao-grupo-da-oposicao-em-alagoinha-do-piaui\/\",\"name\":\"Ex-candidata a vereadora adere ao grupo da oposi\u00e7\u00e3o em Alagoinha do Piau\u00ed - Portal NPM\",\"isPartOf\":{\"@id\":\"https:\/\/portalnpm.com\/#website\"},\"primaryImageOfPage\":{\"@id\":\"https:\/\/portalnpm.com\/index.php\/2023\/10\/14\/ex-candidata-a-vereadora-adere-ao-grupo-da-oposicao-em-alagoinha-do-piaui\/#primaryimage\"},\"image\":{\"@id\":\"https:\/\/portalnpm.com\/index.php\/2023\/10\/14\/ex-candidata-a-vereadora-adere-ao-grupo-da-oposicao-em-alagoinha-do-piaui\/#primaryimage\"},\"thumbnailUrl\":\"\",\"datePublished\":\"2023-10-14T19:22:21+00:00\",\"dateModified\":\"2023-10-14T19:22:21+00:00\",\"author\":{\"@id\":\"https:\/\/portalnpm.com\/#\/schema\/person\/0b5f230ec96cee25504fa328e7f2b733\"},\"breadcrumb\":{\"@id\":\"https:\/\/portalnpm.com\/index.php\/2023\/10\/14\/ex-candidata-a-vereadora-adere-ao-grupo-da-oposicao-em-alagoinha-do-piaui\/#breadcrumb\"},\"inLanguage\":\"pt-BR\",\"potentialAction\":[{\"@type\":\"ReadAction\",\"target\":[\"https:\/\/portalnpm.com\/index.php\/2023\/10\/14\/ex-candidata-a-vereadora-adere-ao-grupo-da-oposicao-em-alagoinha-do-piaui\/\"]}]},{\"@type\":\"ImageObject\",\"inLanguage\":\"pt-BR\",\"@id\":\"https:\/\/portalnpm.com\/index.php\/2023\/10\/14\/ex-candidata-a-vereadora-adere-ao-grupo-da-oposicao-em-alagoinha-do-piaui\/#primaryimage\",\"url\":\"\",\"contentUrl\":\"\"},{\"@type\":\"BreadcrumbList\",\"@id\":\"https:\/\/portalnpm.com\/index.php\/2023\/10\/14\/ex-candidata-a-vereadora-adere-ao-grupo-da-oposicao-em-alagoinha-do-piaui\/#breadcrumb\",\"itemListElement\":[{\"@type\":\"ListItem\",\"position\":1,\"name\":\"In\u00edcio\",\"item\":\"https:\/\/portalnpm.com\/\"},{\"@type\":\"ListItem\",\"position\":2,\"name\":\"Ex-candidata a vereadora adere ao grupo da oposi\u00e7\u00e3o em Alagoinha do Piau\u00ed\"}]},{\"@type\":\"WebSite\",\"@id\":\"https:\/\/portalnpm.com\/#website\",\"url\":\"https:\/\/portalnpm.com\/\",\"name\":\"Portal NPM\",\"description\":\"Not\u00edcias em Primeira M\u00e3o\",\"potentialAction\":[{\"@type\":\"SearchAction\",\"target\":{\"@type\":\"EntryPoint\",\"urlTemplate\":\"https:\/\/portalnpm.com\/?s={search_term_string}\"},\"query-input\":\"required name=search_term_string\"}],\"inLanguage\":\"pt-BR\"},{\"@type\":\"Person\",\"@id\":\"https:\/\/portalnpm.com\/#\/schema\/person\/0b5f230ec96cee25504fa328e7f2b733\",\"name\":\"Reda\u00e7\u00e3o\",\"image\":{\"@type\":\"ImageObject\",\"inLanguage\":\"pt-BR\",\"@id\":\"https:\/\/portalnpm.com\/#\/schema\/person\/image\/\",\"url\":\"https:\/\/portalnpm.com\/wp-content\/uploads\/2024\/03\/avatar_user_4_1710097212-96x96.png\",\"contentUrl\":\"https:\/\/portalnpm.com\/wp-content\/uploads\/2024\/03\/avatar_user_4_1710097212-96x96.png\",\"caption\":\"Reda\u00e7\u00e3o\"},\"url\":\"https:\/\/portalnpm.com\/index.php\/author\/redacao\/\"}]}<\/script>\n<!-- \/ Yoast SEO plugin. -->","yoast_head_json":{"title":"Ex-candidata a vereadora adere ao grupo da oposi\u00e7\u00e3o em Alagoinha do Piau\u00ed - Portal NPM","robots":{"index":"index","follow":"follow","max-snippet":"max-snippet:-1","max-image-preview":"max-image-preview:large","max-video-preview":"max-video-preview:-1"},"canonical":"https:\/\/portalnpm.com\/index.php\/2023\/10\/14\/ex-candidata-a-vereadora-adere-ao-grupo-da-oposicao-em-alagoinha-do-piaui\/","og_locale":"pt_BR","og_type":"article","og_title":"Ex-candidata a vereadora adere ao grupo da oposi\u00e7\u00e3o em Alagoinha do Piau\u00ed - Portal NPM","og_description":"Os bastidores da pol\u00edtica de Alagoinha do Piau\u00ed continuam se movimentando visando o processo pol\u00edtico eleitoral do pr\u00f3ximo ano. A l\u00edder pol\u00edtico e ex-candidata a vereadora, Margarida, deixou o grupo da situa\u00e7\u00e3o e aderiu a oposi\u00e7\u00e3o, fortalecendo cada vez mais o campo oposicionista no munic\u00edpio de Alagoinha do Piau\u00ed. Margarida foi candidata vereadora nas elei\u00e7\u00f5es &hellip;","og_url":"https:\/\/portalnpm.com\/index.php\/2023\/10\/14\/ex-candidata-a-vereadora-adere-ao-grupo-da-oposicao-em-alagoinha-do-piaui\/","og_site_name":"Portal NPM","article_published_time":"2023-10-14T19:22:21+00:00","author":"Reda\u00e7\u00e3o","twitter_card":"summary_large_image","twitter_misc":{"Escrito por":"Reda\u00e7\u00e3o","Est. tempo de leitura":"1 minuto"},"schema":{"@context":"https:\/\/schema.org","@graph":[{"@type":"WebPage","@id":"https:\/\/portalnpm.com\/index.php\/2023\/10\/14\/ex-candidata-a-vereadora-adere-ao-grupo-da-oposicao-em-alagoinha-do-piaui\/","url":"https:\/\/portalnpm.com\/index.php\/2023\/10\/14\/ex-candidata-a-vereadora-adere-ao-grupo-da-oposicao-em-alagoinha-do-piaui\/","name":"Ex-candidata a vereadora adere ao grupo da oposi\u00e7\u00e3o em Alagoinha do Piau\u00ed - Portal NPM","isPartOf":{"@id":"https:\/\/portalnpm.com\/#website"},"primaryImageOfPage":{"@id":"https:\/\/portalnpm.com\/index.php\/2023\/10\/14\/ex-candidata-a-vereadora-adere-ao-grupo-da-oposicao-em-alagoinha-do-piaui\/#primaryimage"},"image":{"@id":"https:\/\/portalnpm.com\/index.php\/2023\/10\/14\/ex-candidata-a-vereadora-adere-ao-grupo-da-oposicao-em-alagoinha-do-piaui\/#primaryimage"},"thumbnailUrl":"","datePublished":"2023-10-14T19:22:21+00:00","dateModified":"2023-10-14T19:22:21+00:00","author":{"@id":"https:\/\/portalnpm.com\/#\/schema\/person\/0b5f230ec96cee25504fa328e7f2b733"},"breadcrumb":{"@id":"https:\/\/portalnpm.com\/index.php\/2023\/10\/14\/ex-candidata-a-vereadora-adere-ao-grupo-da-oposicao-em-alagoinha-do-piaui\/#breadcrumb"},"inLanguage":"pt-BR","potentialAction":[{"@type":"ReadAction","target":["https:\/\/portalnpm.com\/index.php\/2023\/10\/14\/ex-candidata-a-vereadora-adere-ao-grupo-da-oposicao-em-alagoinha-do-piaui\/"]}]},{"@type":"ImageObject","inLanguage":"pt-BR","@id":"https:\/\/portalnpm.com\/index.php\/2023\/10\/14\/ex-candidata-a-vereadora-adere-ao-grupo-da-oposicao-em-alagoinha-do-piaui\/#primaryimage","url":"","contentUrl":""},{"@type":"BreadcrumbList","@id":"https:\/\/portalnpm.com\/index.php\/2023\/10\/14\/ex-candidata-a-vereadora-adere-ao-grupo-da-oposicao-em-alagoinha-do-piaui\/#breadcrumb","itemListElement":[{"@type":"ListItem","position":1,"name":"In\u00edcio","item":"https:\/\/portalnpm.com\/"},{"@type":"ListItem","position":2,"name":"Ex-candidata a vereadora adere ao grupo da oposi\u00e7\u00e3o em Alagoinha do Piau\u00ed"}]},{"@type":"WebSite","@id":"https:\/\/portalnpm.com\/#website","url":"https:\/\/portalnpm.com\/","name":"Portal NPM","description":"Not\u00edcias em Primeira M\u00e3o","potentialAction":[{"@type":"SearchAction","target":{"@type":"EntryPoint","urlTemplate":"https:\/\/portalnpm.com\/?s={search_term_string}"},"query-input":"required name=search_term_string"}],"inLanguage":"pt-BR"},{"@type":"Person","@id":"https:\/\/portalnpm.com\/#\/schema\/person\/0b5f230ec96cee25504fa328e7f2b733","name":"Reda\u00e7\u00e3o","image":{"@type":"ImageObject","inLanguage":"pt-BR","@id":"https:\/\/portalnpm.com\/#\/schema\/person\/image\/","url":"https:\/\/portalnpm.com\/wp-content\/uploads\/2024\/03\/avatar_user_4_1710097212-96x96.png","contentUrl":"https:\/\/portalnpm.com\/wp-content\/uploads\/2024\/03\/avatar_user_4_1710097212-96x96.png","caption":"Reda\u00e7\u00e3o"},"url":"https:\/\/portalnpm.com\/index.php\/author\/redacao\/"}]}},"jetpack_sharing_enabled":true,"jetpack_featured_media_url":"","_links":{"self":[{"href":"https:\/\/portalnpm.com\/index.php\/wp-json\/wp\/v2\/posts\/49600"}],"collection":[{"href":"https:\/\/portalnpm.com\/index.php\/wp-json\/wp\/v2\/posts"}],"about":[{"href":"https:\/\/portalnpm.com\/index.php\/wp-json\/wp\/v2\/types\/post"}],"author":[{"embeddable":true,"href":"https:\/\/portalnpm.com\/index.php\/wp-json\/wp\/v2\/users\/4"}],"replies":[{"embeddable":true,"href":"https:\/\/portalnpm.com\/index.php\/wp-json\/wp\/v2\/comments?post=49600"}],"version-history":[{"count":0,"href":"https:\/\/portalnpm.com\/index.php\/wp-json\/wp\/v2\/posts\/49600\/revisions"}],"wp:featuredmedia":[{"embeddable":true,"href":"https:\/\/portalnpm.com\/index.php\/wp-json\/"}],"wp:attachment":[{"href":"https:\/\/portalnpm.com\/index.php\/wp-json\/wp\/v2\/media?parent=49600"}],"wp:term":[{"taxonomy":"category","embeddable":true,"href":"https:\/\/portalnpm.com\/index.php\/wp-json\/wp\/v2\/categories?post=49600"},{"taxonomy":"post_tag","embeddable":true,"href":"https:\/\/portalnpm.com\/index.php\/wp-json\/wp\/v2\/tags?post=49600"}],"curies":[{"name":"wp","href":"https:\/\/api.w.org\/{rel}","templated":true}]}}