{"id":4967,"date":"2019-01-18T12:36:53","date_gmt":"2019-01-18T14:36:53","guid":{"rendered":"http:\/\/srv.portalnpm.com.br\/?p=4967"},"modified":"2019-01-18T12:36:53","modified_gmt":"2019-01-18T14:36:53","slug":"no-piaui-jovem-e-eletrocutado-em-quadra-de-esportes-apos-pisar-em-cabo-de-refletor","status":"publish","type":"post","link":"https:\/\/portalnpm.com\/index.php\/2019\/01\/18\/no-piaui-jovem-e-eletrocutado-em-quadra-de-esportes-apos-pisar-em-cabo-de-refletor\/","title":{"rendered":"No Piau\u00ed, jovem \u00e9 eletrocutado em quadra de esportes ap\u00f3s pisar em cabo de refletor"},"content":{"rendered":"<blockquote><p>O\u00a0fato aconteceu quando o jovem pisou em um cabo de a\u00e7o solto no ch\u00e3o da quadra. O fio \u00e9 do poste de um dos refletores.<\/p><\/blockquote>\n<p style=\"text-align: justify;\">Um jovem, identificado como Marco Ant\u00f4nio, de 18 anos, foi eletrocutado no final da tarde desta quinta-feira (17\/01) no bairro Matadouro, em Campo Maior. Ele sofreu uma forte descarga quando jogava futebol com amigos em uma quadra de esportes.<\/p>\n<p style=\"text-align: justify;\">Um vigia do local agiu r\u00e1pido e conseguiu desligar a caixa de for\u00e7a a tempo de salvar a vida do garoto. Ele ficou desacordado por cerca de 5 minutos e foi reanimado por populares.<\/p>\n<p style=\"text-align: justify;\">O Servi\u00e7o de Atendimento M\u00f3vel de Urg\u00eancia (SAMU) foi acionado e levou o jovem para o Hospital Regional de Campo Maior para a realiza\u00e7\u00e3o de exames. A quadra de esportes do bairro Matadouro j\u00e1 n\u00e3o recebe uma reforma h\u00e1 bastante tempo.<\/p>\n<p><strong>Fonte:\u00a0Portal\u00a0L\u00edder<\/strong><\/p>\n","protected":false},"excerpt":{"rendered":"<p>O\u00a0fato aconteceu quando o jovem pisou em um cabo de a\u00e7o solto no ch\u00e3o da quadra. O fio \u00e9 do poste de um dos refletores. Um jovem, identificado como Marco Ant\u00f4nio, de 18 anos, foi eletrocutado no final da tarde desta quinta-feira (17\/01) no bairro Matadouro, em Campo Maior. Ele sofreu uma forte descarga quando &hellip;<\/p>\n","protected":false},"author":3,"featured_media":4968,"comment_status":"open","ping_status":"open","sticky":false,"template":"","format":"standard","meta":{"content-type":"","rop_custom_images_group":[],"rop_custom_messages_group":[],"rop_publish_now":"initial","rop_publish_now_accounts":{"facebook_2648258775420054_1618374048415101":""},"rop_publish_now_history":[],"rop_publish_now_status":"pending","footnotes":"","_jetpack_memberships_contains_paid_content":false},"categories":[113,125],"tags":[2008,172,187],"yoast_head":"<!-- This site is optimized with the Yoast SEO plugin v22.3 - https:\/\/yoast.com\/wordpress\/plugins\/seo\/ -->\n<title>No Piau\u00ed, jovem \u00e9 eletrocutado em quadra de esportes ap\u00f3s pisar em cabo de refletor - Portal NPM<\/title>\n<meta name=\"robots\" content=\"index, follow, max-snippet:-1, max-image-preview:large, max-video-preview:-1\" \/>\n<link rel=\"canonical\" href=\"https:\/\/portalnpm.com\/index.php\/2019\/01\/18\/no-piaui-jovem-e-eletrocutado-em-quadra-de-esportes-apos-pisar-em-cabo-de-refletor\/\" \/>\n<meta property=\"og:locale\" content=\"pt_BR\" \/>\n<meta property=\"og:type\" content=\"article\" \/>\n<meta property=\"og:title\" content=\"No Piau\u00ed, jovem \u00e9 eletrocutado em quadra de esportes ap\u00f3s pisar em cabo de refletor - Portal NPM\" \/>\n<meta property=\"og:description\" content=\"O\u00a0fato aconteceu quando o jovem pisou em um cabo de a\u00e7o solto no ch\u00e3o da quadra. O fio \u00e9 do poste de um dos refletores. Um jovem, identificado como Marco Ant\u00f4nio, de 18 anos, foi eletrocutado no final da tarde desta quinta-feira (17\/01) no bairro Matadouro, em Campo Maior. Ele sofreu uma forte descarga quando &hellip;\" \/>\n<meta property=\"og:url\" content=\"https:\/\/portalnpm.com\/index.php\/2019\/01\/18\/no-piaui-jovem-e-eletrocutado-em-quadra-de-esportes-apos-pisar-em-cabo-de-refletor\/\" \/>\n<meta property=\"og:site_name\" content=\"Portal NPM\" \/>\n<meta property=\"article:published_time\" content=\"2019-01-18T14:36:53+00:00\" \/>\n<meta name=\"author\" content=\"Luis Alberto\" \/>\n<meta name=\"twitter:card\" content=\"summary_large_image\" \/>\n<meta name=\"twitter:label1\" content=\"Escrito por\" \/>\n\t<meta name=\"twitter:data1\" content=\"Luis Alberto\" \/>\n\t<meta name=\"twitter:label2\" content=\"Est. tempo de leitura\" \/>\n\t<meta name=\"twitter:data2\" content=\"1 minuto\" \/>\n<script type=\"application\/ld+json\" class=\"yoast-schema-graph\">{\"@context\":\"https:\/\/schema.org\",\"@graph\":[{\"@type\":\"WebPage\",\"@id\":\"https:\/\/portalnpm.com\/index.php\/2019\/01\/18\/no-piaui-jovem-e-eletrocutado-em-quadra-de-esportes-apos-pisar-em-cabo-de-refletor\/\",\"url\":\"https:\/\/portalnpm.com\/index.php\/2019\/01\/18\/no-piaui-jovem-e-eletrocutado-em-quadra-de-esportes-apos-pisar-em-cabo-de-refletor\/\",\"name\":\"No Piau\u00ed, jovem \u00e9 eletrocutado em quadra de esportes ap\u00f3s pisar em cabo de refletor - Portal NPM\",\"isPartOf\":{\"@id\":\"https:\/\/portalnpm.com\/#website\"},\"primaryImageOfPage\":{\"@id\":\"https:\/\/portalnpm.com\/index.php\/2019\/01\/18\/no-piaui-jovem-e-eletrocutado-em-quadra-de-esportes-apos-pisar-em-cabo-de-refletor\/#primaryimage\"},\"image\":{\"@id\":\"https:\/\/portalnpm.com\/index.php\/2019\/01\/18\/no-piaui-jovem-e-eletrocutado-em-quadra-de-esportes-apos-pisar-em-cabo-de-refletor\/#primaryimage\"},\"thumbnailUrl\":\"\",\"datePublished\":\"2019-01-18T14:36:53+00:00\",\"dateModified\":\"2019-01-18T14:36:53+00:00\",\"author\":{\"@id\":\"https:\/\/portalnpm.com\/#\/schema\/person\/5c8006acdf71774cd4e7a5ab98482152\"},\"breadcrumb\":{\"@id\":\"https:\/\/portalnpm.com\/index.php\/2019\/01\/18\/no-piaui-jovem-e-eletrocutado-em-quadra-de-esportes-apos-pisar-em-cabo-de-refletor\/#breadcrumb\"},\"inLanguage\":\"pt-BR\",\"potentialAction\":[{\"@type\":\"ReadAction\",\"target\":[\"https:\/\/portalnpm.com\/index.php\/2019\/01\/18\/no-piaui-jovem-e-eletrocutado-em-quadra-de-esportes-apos-pisar-em-cabo-de-refletor\/\"]}]},{\"@type\":\"ImageObject\",\"inLanguage\":\"pt-BR\",\"@id\":\"https:\/\/portalnpm.com\/index.php\/2019\/01\/18\/no-piaui-jovem-e-eletrocutado-em-quadra-de-esportes-apos-pisar-em-cabo-de-refletor\/#primaryimage\",\"url\":\"\",\"contentUrl\":\"\"},{\"@type\":\"BreadcrumbList\",\"@id\":\"https:\/\/portalnpm.com\/index.php\/2019\/01\/18\/no-piaui-jovem-e-eletrocutado-em-quadra-de-esportes-apos-pisar-em-cabo-de-refletor\/#breadcrumb\",\"itemListElement\":[{\"@type\":\"ListItem\",\"position\":1,\"name\":\"In\u00edcio\",\"item\":\"https:\/\/portalnpm.com\/\"},{\"@type\":\"ListItem\",\"position\":2,\"name\":\"No Piau\u00ed, jovem \u00e9 eletrocutado em quadra de esportes ap\u00f3s pisar em cabo de refletor\"}]},{\"@type\":\"WebSite\",\"@id\":\"https:\/\/portalnpm.com\/#website\",\"url\":\"https:\/\/portalnpm.com\/\",\"name\":\"Portal NPM\",\"description\":\"Not\u00edcias em Primeira M\u00e3o\",\"potentialAction\":[{\"@type\":\"SearchAction\",\"target\":{\"@type\":\"EntryPoint\",\"urlTemplate\":\"https:\/\/portalnpm.com\/?s={search_term_string}\"},\"query-input\":\"required name=search_term_string\"}],\"inLanguage\":\"pt-BR\"},{\"@type\":\"Person\",\"@id\":\"https:\/\/portalnpm.com\/#\/schema\/person\/5c8006acdf71774cd4e7a5ab98482152\",\"name\":\"Luis Alberto\",\"image\":{\"@type\":\"ImageObject\",\"inLanguage\":\"pt-BR\",\"@id\":\"https:\/\/portalnpm.com\/#\/schema\/person\/image\/\",\"url\":\"https:\/\/portalnpm.com\/wp-content\/uploads\/2024\/12\/avatar_user_3_1734699769-96x96.jpeg\",\"contentUrl\":\"https:\/\/portalnpm.com\/wp-content\/uploads\/2024\/12\/avatar_user_3_1734699769-96x96.jpeg\",\"caption\":\"Luis Alberto\"},\"description\":\"Editor-geral do Portal NPM, \u00e9 formado como T\u00e9cnico em Seguran\u00e7a do Trabalho pela Escola Metropolitana de Cursos T\u00e9cnicos. Det\u00e9m ainda licenciatura em Educa\u00e7\u00e3o F\u00edsica e bacharelado em Ci\u00eancias Pol\u00edticas, ambos obtidos pela institui\u00e7\u00e3o Anhanguera\/UNOPAR.\",\"url\":\"https:\/\/portalnpm.com\/index.php\/author\/pereira\/\"}]}<\/script>\n<!-- \/ Yoast SEO plugin. -->","yoast_head_json":{"title":"No Piau\u00ed, jovem \u00e9 eletrocutado em quadra de esportes ap\u00f3s pisar em cabo de refletor - Portal NPM","robots":{"index":"index","follow":"follow","max-snippet":"max-snippet:-1","max-image-preview":"max-image-preview:large","max-video-preview":"max-video-preview:-1"},"canonical":"https:\/\/portalnpm.com\/index.php\/2019\/01\/18\/no-piaui-jovem-e-eletrocutado-em-quadra-de-esportes-apos-pisar-em-cabo-de-refletor\/","og_locale":"pt_BR","og_type":"article","og_title":"No Piau\u00ed, jovem \u00e9 eletrocutado em quadra de esportes ap\u00f3s pisar em cabo de refletor - Portal NPM","og_description":"O\u00a0fato aconteceu quando o jovem pisou em um cabo de a\u00e7o solto no ch\u00e3o da quadra. O fio \u00e9 do poste de um dos refletores. Um jovem, identificado como Marco Ant\u00f4nio, de 18 anos, foi eletrocutado no final da tarde desta quinta-feira (17\/01) no bairro Matadouro, em Campo Maior. Ele sofreu uma forte descarga quando &hellip;","og_url":"https:\/\/portalnpm.com\/index.php\/2019\/01\/18\/no-piaui-jovem-e-eletrocutado-em-quadra-de-esportes-apos-pisar-em-cabo-de-refletor\/","og_site_name":"Portal NPM","article_published_time":"2019-01-18T14:36:53+00:00","author":"Luis Alberto","twitter_card":"summary_large_image","twitter_misc":{"Escrito por":"Luis Alberto","Est. tempo de leitura":"1 minuto"},"schema":{"@context":"https:\/\/schema.org","@graph":[{"@type":"WebPage","@id":"https:\/\/portalnpm.com\/index.php\/2019\/01\/18\/no-piaui-jovem-e-eletrocutado-em-quadra-de-esportes-apos-pisar-em-cabo-de-refletor\/","url":"https:\/\/portalnpm.com\/index.php\/2019\/01\/18\/no-piaui-jovem-e-eletrocutado-em-quadra-de-esportes-apos-pisar-em-cabo-de-refletor\/","name":"No Piau\u00ed, jovem \u00e9 eletrocutado em quadra de esportes ap\u00f3s pisar em cabo de refletor - Portal NPM","isPartOf":{"@id":"https:\/\/portalnpm.com\/#website"},"primaryImageOfPage":{"@id":"https:\/\/portalnpm.com\/index.php\/2019\/01\/18\/no-piaui-jovem-e-eletrocutado-em-quadra-de-esportes-apos-pisar-em-cabo-de-refletor\/#primaryimage"},"image":{"@id":"https:\/\/portalnpm.com\/index.php\/2019\/01\/18\/no-piaui-jovem-e-eletrocutado-em-quadra-de-esportes-apos-pisar-em-cabo-de-refletor\/#primaryimage"},"thumbnailUrl":"","datePublished":"2019-01-18T14:36:53+00:00","dateModified":"2019-01-18T14:36:53+00:00","author":{"@id":"https:\/\/portalnpm.com\/#\/schema\/person\/5c8006acdf71774cd4e7a5ab98482152"},"breadcrumb":{"@id":"https:\/\/portalnpm.com\/index.php\/2019\/01\/18\/no-piaui-jovem-e-eletrocutado-em-quadra-de-esportes-apos-pisar-em-cabo-de-refletor\/#breadcrumb"},"inLanguage":"pt-BR","potentialAction":[{"@type":"ReadAction","target":["https:\/\/portalnpm.com\/index.php\/2019\/01\/18\/no-piaui-jovem-e-eletrocutado-em-quadra-de-esportes-apos-pisar-em-cabo-de-refletor\/"]}]},{"@type":"ImageObject","inLanguage":"pt-BR","@id":"https:\/\/portalnpm.com\/index.php\/2019\/01\/18\/no-piaui-jovem-e-eletrocutado-em-quadra-de-esportes-apos-pisar-em-cabo-de-refletor\/#primaryimage","url":"","contentUrl":""},{"@type":"BreadcrumbList","@id":"https:\/\/portalnpm.com\/index.php\/2019\/01\/18\/no-piaui-jovem-e-eletrocutado-em-quadra-de-esportes-apos-pisar-em-cabo-de-refletor\/#breadcrumb","itemListElement":[{"@type":"ListItem","position":1,"name":"In\u00edcio","item":"https:\/\/portalnpm.com\/"},{"@type":"ListItem","position":2,"name":"No Piau\u00ed, jovem \u00e9 eletrocutado em quadra de esportes ap\u00f3s pisar em cabo de refletor"}]},{"@type":"WebSite","@id":"https:\/\/portalnpm.com\/#website","url":"https:\/\/portalnpm.com\/","name":"Portal NPM","description":"Not\u00edcias em Primeira M\u00e3o","potentialAction":[{"@type":"SearchAction","target":{"@type":"EntryPoint","urlTemplate":"https:\/\/portalnpm.com\/?s={search_term_string}"},"query-input":"required name=search_term_string"}],"inLanguage":"pt-BR"},{"@type":"Person","@id":"https:\/\/portalnpm.com\/#\/schema\/person\/5c8006acdf71774cd4e7a5ab98482152","name":"Luis Alberto","image":{"@type":"ImageObject","inLanguage":"pt-BR","@id":"https:\/\/portalnpm.com\/#\/schema\/person\/image\/","url":"https:\/\/portalnpm.com\/wp-content\/uploads\/2024\/12\/avatar_user_3_1734699769-96x96.jpeg","contentUrl":"https:\/\/portalnpm.com\/wp-content\/uploads\/2024\/12\/avatar_user_3_1734699769-96x96.jpeg","caption":"Luis Alberto"},"description":"Editor-geral do Portal NPM, \u00e9 formado como T\u00e9cnico em Seguran\u00e7a do Trabalho pela Escola Metropolitana de Cursos T\u00e9cnicos. Det\u00e9m ainda licenciatura em Educa\u00e7\u00e3o F\u00edsica e bacharelado em Ci\u00eancias Pol\u00edticas, ambos obtidos pela institui\u00e7\u00e3o Anhanguera\/UNOPAR.","url":"https:\/\/portalnpm.com\/index.php\/author\/pereira\/"}]}},"jetpack_sharing_enabled":true,"jetpack_featured_media_url":"","_links":{"self":[{"href":"https:\/\/portalnpm.com\/index.php\/wp-json\/wp\/v2\/posts\/4967"}],"collection":[{"href":"https:\/\/portalnpm.com\/index.php\/wp-json\/wp\/v2\/posts"}],"about":[{"href":"https:\/\/portalnpm.com\/index.php\/wp-json\/wp\/v2\/types\/post"}],"author":[{"embeddable":true,"href":"https:\/\/portalnpm.com\/index.php\/wp-json\/wp\/v2\/users\/3"}],"replies":[{"embeddable":true,"href":"https:\/\/portalnpm.com\/index.php\/wp-json\/wp\/v2\/comments?post=4967"}],"version-history":[{"count":0,"href":"https:\/\/portalnpm.com\/index.php\/wp-json\/wp\/v2\/posts\/4967\/revisions"}],"wp:featuredmedia":[{"embeddable":true,"href":"https:\/\/portalnpm.com\/index.php\/wp-json\/"}],"wp:attachment":[{"href":"https:\/\/portalnpm.com\/index.php\/wp-json\/wp\/v2\/media?parent=4967"}],"wp:term":[{"taxonomy":"category","embeddable":true,"href":"https:\/\/portalnpm.com\/index.php\/wp-json\/wp\/v2\/categories?post=4967"},{"taxonomy":"post_tag","embeddable":true,"href":"https:\/\/portalnpm.com\/index.php\/wp-json\/wp\/v2\/tags?post=4967"}],"curies":[{"name":"wp","href":"https:\/\/api.w.org\/{rel}","templated":true}]}}