{"id":49679,"date":"2023-10-22T21:35:47","date_gmt":"2023-10-23T00:35:47","guid":{"rendered":"https:\/\/portalnpm.com\/?p=49679"},"modified":"2023-10-22T21:35:47","modified_gmt":"2023-10-23T00:35:47","slug":"em-jogo-de-dois-dias-lider-botafogo-empata-com-athletico-pr-e-mantem-folga","status":"publish","type":"post","link":"https:\/\/portalnpm.com\/index.php\/2023\/10\/22\/em-jogo-de-dois-dias-lider-botafogo-empata-com-athletico-pr-e-mantem-folga\/","title":{"rendered":"Em jogo de dois dias, l\u00edder Botafogo empata com Athletico-PR e mant\u00e9m folga"},"content":{"rendered":"<div id=\"audimaWidget\" class=\"checked\">\n<div id=\"audima-banner\" class=\"checked\" style=\"text-align: justify;\"><\/div>\n<\/div>\n<p style=\"text-align: justify;\">O duelo entre Botafogo e Athletico-PR come\u00e7ou no s\u00e1bado \u00e0 noite e terminou somente neste domingo \u00e0 tarde. Por conta de um problema na ilumina\u00e7\u00e3o no est\u00e1dio Engenh\u00e3o, no Rio, as equipes fizeram um jogo &#8216;de dois dias&#8217; e ficaram no empate por 1 a 1.<\/p>\n<p style=\"text-align: justify;\">\n<p style=\"text-align: justify;\">Na primeira parte, o duelo foi bastante movimentado e teve dois gols, mas na segunda parte, o ritmo foi outro e por isso o placar acabou inalterado. Melhor aos cariocas, que continuam com boa folga na lideran\u00e7a.<\/p>\n<p style=\"text-align: justify;\">Com o empate, o Botafogo foi aos 59 pontos e continua tranquilo na primeira coloca\u00e7\u00e3o, focado no t\u00edtulo. O Red Bull Bragantino, que ainda joga na rodada e \u00e9 vice-l\u00edder, tem 49. J\u00e1 o Athletico-PR, com 45 pontos, somou o terceiro jogo sem derrota.<\/p>\n<p style=\"text-align: justify;\">No s\u00e1bado, o Engenh\u00e3o estava recebendo um bom p\u00fablico com 36.908 presentes e uma renda de R$ 1.292.630,00. Na entrada das equipes, o duelo teve festa com drones e mosaico.<\/p>\n<p style=\"text-align: justify;\">Mas, neste domingo, quando a partida foi retomada, n\u00e3o houve p\u00fablico. Os port\u00f5es ficaram fechados por uma quest\u00e3o &#8216;extraordin\u00e1ria&#8217; de seguran\u00e7a p\u00fablica, j\u00e1 que tamb\u00e9m acontece no Maracan\u00e3 o cl\u00e1ssico entre Flamengo e Vasco.<\/p>\n<p style=\"text-align: justify;\">O primeiro tempo, disputado ainda no s\u00e1bado \u00e0 noite, ficou comprometido pelas frequentes paralisa\u00e7\u00f5es por quest\u00f5es de energia. O \u00c1rbitro de V\u00eddeo n\u00e3o funcionou desde a primeira queda de energia, aos cinco minutos. Os dois gols geraram d\u00favidas, mas n\u00e3o puderam ser revistos pelo VAR.<\/p>\n<p style=\"text-align: justify;\">Aos 21 minutos, Tiquinho Soares marcou de cabe\u00e7a, ap\u00f3s escanteio cobrado por Mar\u00e7al. Mas os jogadores do Athletico reclamaram muito de um empurr\u00e3o do atacante nas costas do zagueiro Thiago Heleno.<\/p>\n<p style=\"text-align: justify;\">O empate do time paranaense aconteceu aos 40 minutos, num cruzamento rasteiro de Cuello e que foi completado na segunda trave por Pablo, que sozinho, seu ajeitou a bola com a chapa do p\u00e9.<\/p>\n<p style=\"text-align: justify;\">Mas sua posi\u00e7\u00e3o tamb\u00e9m gerou d\u00favidas. Ele parecia impedido. Mesmo assim, o duelo foi para o intervalo com o empate por 1 a 1<\/p>\n<p style=\"text-align: justify;\">O segundo tempo voltou ainda no s\u00e1bado, ap\u00f3s muita diverg\u00eancia sobre o retorno. Mais logo aos cinco minutos, uma nova interrup\u00e7\u00e3o de energia, a sexta da noite. Depois disso, o duelo foi remarcado para terminar na tarde deste domingo. No retorno, os dois times foram para cima em busca da vit\u00f3ria.<\/p>\n<p style=\"text-align: justify;\">A melhor chance veio pelo lado do Athletico-PR, aos 26 minutos. Vitor Bueno cobrou escanteio e Thiago Heleno desviou de cabe\u00e7a, levando perigo ao gol advers\u00e1rio.<\/p>\n<p style=\"text-align: justify;\">J\u00e1 aos 34 foi a vez de Zapelli pegar uma sobra e arriscar de longe, mandando para fora. Do outro lado, o Botafogo pouco conseguiu assustar e o duelo terminou mesmo com o placar de 1 a 1.<\/p>\n<p style=\"text-align: justify;\">Agora, o Athletico-PR volta a campo nesta quarta-feira para a disputa da 29\u00aa rodada do Brasileir\u00e3o. Em casa, na Ligga Arena, recebe o Am\u00e9rica-MG, \u00e0s 19h.<\/p>\n<p style=\"text-align: justify;\">J\u00e1 o Botafogo entraria em campo na ter\u00e7a-feira contra o Fortaleza, na Arena Castel\u00e3o, mas o jogo foi adiado por conta da falta de tempo entre uma partida e outra<\/p>\n<p style=\"text-align: justify;\">A medida acabou, inclusive, beneficiando o clube cearense que j\u00e1 tinha solicitado a transfer\u00eancia para outra data, tendo em vista que no pr\u00f3ximo s\u00e1bado vai decidir o t\u00edtulo da Copa Sul-Americana diante do LDU, do Equador. A final vai acontecer na cidade de Maldonado, no Uruguai.<\/p>\n<p style=\"text-align: justify;\">Fonte: Estad\u00e3o Conte\u00fado<\/p>\n","protected":false},"excerpt":{"rendered":"<p>O duelo entre Botafogo e Athletico-PR come\u00e7ou no s\u00e1bado \u00e0 noite e terminou somente neste domingo \u00e0 tarde. Por conta de um problema na ilumina\u00e7\u00e3o no est\u00e1dio Engenh\u00e3o, no Rio, as equipes fizeram um jogo &#8216;de dois dias&#8217; e ficaram no empate por 1 a 1. Na primeira parte, o duelo foi bastante movimentado e &hellip;<\/p>\n","protected":false},"author":2,"featured_media":49680,"comment_status":"open","ping_status":"open","sticky":false,"template":"","format":"standard","meta":{"content-type":"","rop_custom_images_group":[],"rop_custom_messages_group":[],"rop_publish_now":"initial","rop_publish_now_accounts":{"facebook_2648258775420054_1618374048415101":""},"rop_publish_now_history":[],"rop_publish_now_status":"pending","footnotes":"","_jetpack_memberships_contains_paid_content":false},"categories":[108],"tags":[160,1118],"yoast_head":"<!-- This site is optimized with the Yoast SEO plugin v22.3 - https:\/\/yoast.com\/wordpress\/plugins\/seo\/ -->\n<title>Em jogo de dois dias, l\u00edder Botafogo empata com Athletico-PR e mant\u00e9m folga - Portal NPM<\/title>\n<meta name=\"robots\" content=\"index, follow, max-snippet:-1, max-image-preview:large, max-video-preview:-1\" \/>\n<link rel=\"canonical\" href=\"https:\/\/portalnpm.com\/index.php\/2023\/10\/22\/em-jogo-de-dois-dias-lider-botafogo-empata-com-athletico-pr-e-mantem-folga\/\" \/>\n<meta property=\"og:locale\" content=\"pt_BR\" \/>\n<meta property=\"og:type\" content=\"article\" \/>\n<meta property=\"og:title\" content=\"Em jogo de dois dias, l\u00edder Botafogo empata com Athletico-PR e mant\u00e9m folga - Portal NPM\" \/>\n<meta property=\"og:description\" content=\"O duelo entre Botafogo e Athletico-PR come\u00e7ou no s\u00e1bado \u00e0 noite e terminou somente neste domingo \u00e0 tarde. Por conta de um problema na ilumina\u00e7\u00e3o no est\u00e1dio Engenh\u00e3o, no Rio, as equipes fizeram um jogo &#8216;de dois dias&#8217; e ficaram no empate por 1 a 1. Na primeira parte, o duelo foi bastante movimentado e &hellip;\" \/>\n<meta property=\"og:url\" content=\"https:\/\/portalnpm.com\/index.php\/2023\/10\/22\/em-jogo-de-dois-dias-lider-botafogo-empata-com-athletico-pr-e-mantem-folga\/\" \/>\n<meta property=\"og:site_name\" content=\"Portal NPM\" \/>\n<meta property=\"article:published_time\" content=\"2023-10-23T00:35:47+00:00\" \/>\n<meta name=\"author\" content=\"Genival Barbosa\" \/>\n<meta name=\"twitter:card\" content=\"summary_large_image\" \/>\n<meta name=\"twitter:label1\" content=\"Escrito por\" \/>\n\t<meta name=\"twitter:data1\" content=\"Genival Barbosa\" \/>\n\t<meta name=\"twitter:label2\" content=\"Est. tempo de leitura\" \/>\n\t<meta name=\"twitter:data2\" content=\"4 minutos\" \/>\n<script type=\"application\/ld+json\" class=\"yoast-schema-graph\">{\"@context\":\"https:\/\/schema.org\",\"@graph\":[{\"@type\":\"WebPage\",\"@id\":\"https:\/\/portalnpm.com\/index.php\/2023\/10\/22\/em-jogo-de-dois-dias-lider-botafogo-empata-com-athletico-pr-e-mantem-folga\/\",\"url\":\"https:\/\/portalnpm.com\/index.php\/2023\/10\/22\/em-jogo-de-dois-dias-lider-botafogo-empata-com-athletico-pr-e-mantem-folga\/\",\"name\":\"Em jogo de dois dias, l\u00edder Botafogo empata com Athletico-PR e mant\u00e9m folga - Portal NPM\",\"isPartOf\":{\"@id\":\"https:\/\/portalnpm.com\/#website\"},\"primaryImageOfPage\":{\"@id\":\"https:\/\/portalnpm.com\/index.php\/2023\/10\/22\/em-jogo-de-dois-dias-lider-botafogo-empata-com-athletico-pr-e-mantem-folga\/#primaryimage\"},\"image\":{\"@id\":\"https:\/\/portalnpm.com\/index.php\/2023\/10\/22\/em-jogo-de-dois-dias-lider-botafogo-empata-com-athletico-pr-e-mantem-folga\/#primaryimage\"},\"thumbnailUrl\":\"\",\"datePublished\":\"2023-10-23T00:35:47+00:00\",\"dateModified\":\"2023-10-23T00:35:47+00:00\",\"author\":{\"@id\":\"https:\/\/portalnpm.com\/#\/schema\/person\/49313e563cfdefcc167f1ee4c017c294\"},\"breadcrumb\":{\"@id\":\"https:\/\/portalnpm.com\/index.php\/2023\/10\/22\/em-jogo-de-dois-dias-lider-botafogo-empata-com-athletico-pr-e-mantem-folga\/#breadcrumb\"},\"inLanguage\":\"pt-BR\",\"potentialAction\":[{\"@type\":\"ReadAction\",\"target\":[\"https:\/\/portalnpm.com\/index.php\/2023\/10\/22\/em-jogo-de-dois-dias-lider-botafogo-empata-com-athletico-pr-e-mantem-folga\/\"]}]},{\"@type\":\"ImageObject\",\"inLanguage\":\"pt-BR\",\"@id\":\"https:\/\/portalnpm.com\/index.php\/2023\/10\/22\/em-jogo-de-dois-dias-lider-botafogo-empata-com-athletico-pr-e-mantem-folga\/#primaryimage\",\"url\":\"\",\"contentUrl\":\"\"},{\"@type\":\"BreadcrumbList\",\"@id\":\"https:\/\/portalnpm.com\/index.php\/2023\/10\/22\/em-jogo-de-dois-dias-lider-botafogo-empata-com-athletico-pr-e-mantem-folga\/#breadcrumb\",\"itemListElement\":[{\"@type\":\"ListItem\",\"position\":1,\"name\":\"In\u00edcio\",\"item\":\"https:\/\/portalnpm.com\/\"},{\"@type\":\"ListItem\",\"position\":2,\"name\":\"Em jogo de dois dias, l\u00edder Botafogo empata com Athletico-PR e mant\u00e9m folga\"}]},{\"@type\":\"WebSite\",\"@id\":\"https:\/\/portalnpm.com\/#website\",\"url\":\"https:\/\/portalnpm.com\/\",\"name\":\"Portal NPM\",\"description\":\"Not\u00edcias em Primeira M\u00e3o\",\"potentialAction\":[{\"@type\":\"SearchAction\",\"target\":{\"@type\":\"EntryPoint\",\"urlTemplate\":\"https:\/\/portalnpm.com\/?s={search_term_string}\"},\"query-input\":\"required name=search_term_string\"}],\"inLanguage\":\"pt-BR\"},{\"@type\":\"Person\",\"@id\":\"https:\/\/portalnpm.com\/#\/schema\/person\/49313e563cfdefcc167f1ee4c017c294\",\"name\":\"Genival Barbosa\",\"image\":{\"@type\":\"ImageObject\",\"inLanguage\":\"pt-BR\",\"@id\":\"https:\/\/portalnpm.com\/#\/schema\/person\/image\/\",\"url\":\"https:\/\/portalnpm.com\/wp-content\/uploads\/2024\/02\/avatar_user_2_1707743258-96x96.jpeg\",\"contentUrl\":\"https:\/\/portalnpm.com\/wp-content\/uploads\/2024\/02\/avatar_user_2_1707743258-96x96.jpeg\",\"caption\":\"Genival Barbosa\"},\"url\":\"https:\/\/portalnpm.com\/index.php\/author\/genival\/\"}]}<\/script>\n<!-- \/ Yoast SEO plugin. -->","yoast_head_json":{"title":"Em jogo de dois dias, l\u00edder Botafogo empata com Athletico-PR e mant\u00e9m folga - Portal NPM","robots":{"index":"index","follow":"follow","max-snippet":"max-snippet:-1","max-image-preview":"max-image-preview:large","max-video-preview":"max-video-preview:-1"},"canonical":"https:\/\/portalnpm.com\/index.php\/2023\/10\/22\/em-jogo-de-dois-dias-lider-botafogo-empata-com-athletico-pr-e-mantem-folga\/","og_locale":"pt_BR","og_type":"article","og_title":"Em jogo de dois dias, l\u00edder Botafogo empata com Athletico-PR e mant\u00e9m folga - Portal NPM","og_description":"O duelo entre Botafogo e Athletico-PR come\u00e7ou no s\u00e1bado \u00e0 noite e terminou somente neste domingo \u00e0 tarde. Por conta de um problema na ilumina\u00e7\u00e3o no est\u00e1dio Engenh\u00e3o, no Rio, as equipes fizeram um jogo &#8216;de dois dias&#8217; e ficaram no empate por 1 a 1. Na primeira parte, o duelo foi bastante movimentado e &hellip;","og_url":"https:\/\/portalnpm.com\/index.php\/2023\/10\/22\/em-jogo-de-dois-dias-lider-botafogo-empata-com-athletico-pr-e-mantem-folga\/","og_site_name":"Portal NPM","article_published_time":"2023-10-23T00:35:47+00:00","author":"Genival Barbosa","twitter_card":"summary_large_image","twitter_misc":{"Escrito por":"Genival Barbosa","Est. tempo de leitura":"4 minutos"},"schema":{"@context":"https:\/\/schema.org","@graph":[{"@type":"WebPage","@id":"https:\/\/portalnpm.com\/index.php\/2023\/10\/22\/em-jogo-de-dois-dias-lider-botafogo-empata-com-athletico-pr-e-mantem-folga\/","url":"https:\/\/portalnpm.com\/index.php\/2023\/10\/22\/em-jogo-de-dois-dias-lider-botafogo-empata-com-athletico-pr-e-mantem-folga\/","name":"Em jogo de dois dias, l\u00edder Botafogo empata com Athletico-PR e mant\u00e9m folga - Portal NPM","isPartOf":{"@id":"https:\/\/portalnpm.com\/#website"},"primaryImageOfPage":{"@id":"https:\/\/portalnpm.com\/index.php\/2023\/10\/22\/em-jogo-de-dois-dias-lider-botafogo-empata-com-athletico-pr-e-mantem-folga\/#primaryimage"},"image":{"@id":"https:\/\/portalnpm.com\/index.php\/2023\/10\/22\/em-jogo-de-dois-dias-lider-botafogo-empata-com-athletico-pr-e-mantem-folga\/#primaryimage"},"thumbnailUrl":"","datePublished":"2023-10-23T00:35:47+00:00","dateModified":"2023-10-23T00:35:47+00:00","author":{"@id":"https:\/\/portalnpm.com\/#\/schema\/person\/49313e563cfdefcc167f1ee4c017c294"},"breadcrumb":{"@id":"https:\/\/portalnpm.com\/index.php\/2023\/10\/22\/em-jogo-de-dois-dias-lider-botafogo-empata-com-athletico-pr-e-mantem-folga\/#breadcrumb"},"inLanguage":"pt-BR","potentialAction":[{"@type":"ReadAction","target":["https:\/\/portalnpm.com\/index.php\/2023\/10\/22\/em-jogo-de-dois-dias-lider-botafogo-empata-com-athletico-pr-e-mantem-folga\/"]}]},{"@type":"ImageObject","inLanguage":"pt-BR","@id":"https:\/\/portalnpm.com\/index.php\/2023\/10\/22\/em-jogo-de-dois-dias-lider-botafogo-empata-com-athletico-pr-e-mantem-folga\/#primaryimage","url":"","contentUrl":""},{"@type":"BreadcrumbList","@id":"https:\/\/portalnpm.com\/index.php\/2023\/10\/22\/em-jogo-de-dois-dias-lider-botafogo-empata-com-athletico-pr-e-mantem-folga\/#breadcrumb","itemListElement":[{"@type":"ListItem","position":1,"name":"In\u00edcio","item":"https:\/\/portalnpm.com\/"},{"@type":"ListItem","position":2,"name":"Em jogo de dois dias, l\u00edder Botafogo empata com Athletico-PR e mant\u00e9m folga"}]},{"@type":"WebSite","@id":"https:\/\/portalnpm.com\/#website","url":"https:\/\/portalnpm.com\/","name":"Portal NPM","description":"Not\u00edcias em Primeira M\u00e3o","potentialAction":[{"@type":"SearchAction","target":{"@type":"EntryPoint","urlTemplate":"https:\/\/portalnpm.com\/?s={search_term_string}"},"query-input":"required name=search_term_string"}],"inLanguage":"pt-BR"},{"@type":"Person","@id":"https:\/\/portalnpm.com\/#\/schema\/person\/49313e563cfdefcc167f1ee4c017c294","name":"Genival Barbosa","image":{"@type":"ImageObject","inLanguage":"pt-BR","@id":"https:\/\/portalnpm.com\/#\/schema\/person\/image\/","url":"https:\/\/portalnpm.com\/wp-content\/uploads\/2024\/02\/avatar_user_2_1707743258-96x96.jpeg","contentUrl":"https:\/\/portalnpm.com\/wp-content\/uploads\/2024\/02\/avatar_user_2_1707743258-96x96.jpeg","caption":"Genival Barbosa"},"url":"https:\/\/portalnpm.com\/index.php\/author\/genival\/"}]}},"jetpack_sharing_enabled":true,"jetpack_featured_media_url":"","_links":{"self":[{"href":"https:\/\/portalnpm.com\/index.php\/wp-json\/wp\/v2\/posts\/49679"}],"collection":[{"href":"https:\/\/portalnpm.com\/index.php\/wp-json\/wp\/v2\/posts"}],"about":[{"href":"https:\/\/portalnpm.com\/index.php\/wp-json\/wp\/v2\/types\/post"}],"author":[{"embeddable":true,"href":"https:\/\/portalnpm.com\/index.php\/wp-json\/wp\/v2\/users\/2"}],"replies":[{"embeddable":true,"href":"https:\/\/portalnpm.com\/index.php\/wp-json\/wp\/v2\/comments?post=49679"}],"version-history":[{"count":0,"href":"https:\/\/portalnpm.com\/index.php\/wp-json\/wp\/v2\/posts\/49679\/revisions"}],"wp:featuredmedia":[{"embeddable":true,"href":"https:\/\/portalnpm.com\/index.php\/wp-json\/"}],"wp:attachment":[{"href":"https:\/\/portalnpm.com\/index.php\/wp-json\/wp\/v2\/media?parent=49679"}],"wp:term":[{"taxonomy":"category","embeddable":true,"href":"https:\/\/portalnpm.com\/index.php\/wp-json\/wp\/v2\/categories?post=49679"},{"taxonomy":"post_tag","embeddable":true,"href":"https:\/\/portalnpm.com\/index.php\/wp-json\/wp\/v2\/tags?post=49679"}],"curies":[{"name":"wp","href":"https:\/\/api.w.org\/{rel}","templated":true}]}}