{"id":49761,"date":"2023-10-28T13:36:24","date_gmt":"2023-10-28T16:36:24","guid":{"rendered":"https:\/\/portalnpm.com\/?p=49761"},"modified":"2023-10-28T13:36:24","modified_gmt":"2023-10-28T16:36:24","slug":"noticias-do-trecho-homem-morre-apos-acidente-de-trabalho-em-fabrica-de-celulose-em-lencois-paulista","status":"publish","type":"post","link":"https:\/\/portalnpm.com\/index.php\/2023\/10\/28\/noticias-do-trecho-homem-morre-apos-acidente-de-trabalho-em-fabrica-de-celulose-em-lencois-paulista\/","title":{"rendered":"Not\u00edcias do Trecho: Homem morre ap\u00f3s acidente de trabalho em f\u00e1brica de celulose em Len\u00e7\u00f3is Paulista"},"content":{"rendered":"<p style=\"text-align: justify;\">Na madrugada de hoje, por volta das 2 horas, uma triste ocorr\u00eancia abalou a equipe de trabalhadores da multinacional Bracell, localizada na cidade de Len\u00e7\u00f3is Paulista. Dois colaboradores de empresas terceirizadas, que prestavam servi\u00e7o na \u00e1rea de branqueamento da linha 1, foram v\u00edtimas de um terr\u00edvel acidente enquanto realizavam a manuten\u00e7\u00e3o em um reator.<\/p>\n<p style=\"text-align: justify;\">\n<p style=\"text-align: justify;\">\n<p style=\"text-align: justify;\">Segundo relatos de colegas que preferiram manter o anonimato por medo de poss\u00edveis retalia\u00e7\u00f5es, uma grande quantidade de massa quente, mat\u00e9ria-prima do processo de produ\u00e7\u00e3o, desabou sobre os corpos dos trabalhadores. Ambos foram prontamente socorridos e encaminhados para a Unidade de Pronto Atendimento (UPA) de Len\u00e7\u00f3is Paulista. Dada a gravidade dos ferimentos, foram posteriormente transferidos para hospitais da regi\u00e3o.<\/p>\n<p style=\"text-align: justify;\">\n<p style=\"text-align: justify;\">Infelizmente, pela manh\u00e3, recebemos a triste not\u00edcia de que o colaborador I. C. J., uma das v\u00edtimas do acidente, n\u00e3o resistiu aos ferimentos e veio a \u00f3bito no hospital de Botucatu. O outro colaborador, identificado como R. J. A., encontra-se em estado grave e foi transferido para o Hospital Estadual na cidade de Bauru.<\/p>\n<p style=\"text-align: justify;\">\n<p style=\"text-align: justify;\">Informa\u00e7\u00f5es adicionais circularam entre os colaboradores da empresa atrav\u00e9s do aplicativo de mensagens WhatsApp. De acordo com as mensagens, os trabalhadores estavam realizando uma opera\u00e7\u00e3o no reator a pedido da equipe de opera\u00e7\u00e3o, quando ocorreu o tr\u00e1gico incidente. Os colaboradores estavam em um andaime e, aparentemente, n\u00e3o haviam recebido a orienta\u00e7\u00e3o adequada para a tarefa.<\/p>\n<p style=\"text-align: justify;\">\n<p style=\"text-align: justify;\">Este doloroso acontecimento serve como um alerta para a import\u00e2ncia de se cuidar, prevenir e se informar sobre os procedimentos de seguran\u00e7a no ambiente de trabalho. N\u00e3o confiar apenas na orienta\u00e7\u00e3o da opera\u00e7\u00e3o, especialmente quando houver d\u00favidas. A vida \u00e9 \u00fanica e deve ser preservada acima de tudo.<\/p>\n<p style=\"text-align: justify;\">\n<p style=\"text-align: justify;\">Nossos sentimentos est\u00e3o com a fam\u00edlia e amigos de enlutados, assim como com Reginaldo e seus entes queridos, nesse momento de profunda tristeza e luto. A Bracell e as autoridades competentes est\u00e3o conduzindo as investiga\u00e7\u00f5es para esclarecer as circunst\u00e2ncias deste acidente e tomar as medidas necess\u00e1rias para evitar que trag\u00e9dias como essa se repitam no futuro.<\/p>\n<p style=\"text-align: justify;\">\n<p style=\"text-align: justify;\">Nota Oficial da Bracell encaminhada ao jornal Atitude:<\/p>\n<p style=\"text-align: justify;\">\n<p style=\"text-align: justify;\">A Bracell lamenta informar que na madrugada de hoje (26) ocorreu um acidente durante os trabalhos de manuten\u00e7\u00e3o. Dois colaboradores terceirizados ficaram feridos. Os protocolos de sa\u00fade e seguran\u00e7a foram acionados para socorro imediato dos colaboradores, que foram direcionados a hospitais de refer\u00eancia na regi\u00e3o para atendimento com a melhor assist\u00eancia poss\u00edvel. Infelizmente, um deles veio a \u00f3bito nesta manh\u00e3.<\/p>\n<p style=\"text-align: justify;\">\n<p style=\"text-align: justify;\">A Bracell lamenta profundamente o ocorrido e neste momento presta todo apoio \u00e0 fam\u00edlia. O outro colaborador segue internado e sob cuidados intensivos. A empresa apura as causas do acidente em conjunto com as empresas terceirizadas e refor\u00e7a seu compromisso com o cumprimento de todas as normas e procedimentos de seguran\u00e7a das equipes diretas e indiretas.<\/p>\n<p style=\"text-align: justify;\">\n<p style=\"text-align: justify;\">\n<p style=\"text-align: justify;\">\n<p style=\"text-align: justify;\"><em><strong>Fonte: Marcos Xavier do Jornal Atitude\u00a0<\/strong><\/em><\/p>\n<p style=\"text-align: justify;\"><em><strong>Jornalista do Povo<\/strong><\/em><\/p>\n","protected":false},"excerpt":{"rendered":"<p>Na madrugada de hoje, por volta das 2 horas, uma triste ocorr\u00eancia abalou a equipe de trabalhadores da multinacional Bracell, localizada na cidade de Len\u00e7\u00f3is Paulista. Dois colaboradores de empresas terceirizadas, que prestavam servi\u00e7o na \u00e1rea de branqueamento da linha 1, foram v\u00edtimas de um terr\u00edvel acidente enquanto realizavam a manuten\u00e7\u00e3o em um reator. Segundo &hellip;<\/p>\n","protected":false},"author":4,"featured_media":49762,"comment_status":"open","ping_status":"open","sticky":false,"template":"","format":"standard","meta":{"content-type":"","rop_custom_images_group":[],"rop_custom_messages_group":[],"rop_publish_now":"initial","rop_publish_now_accounts":{"facebook_2648258775420054_1618374048415101":""},"rop_publish_now_history":[],"rop_publish_now_status":"pending","footnotes":"","_jetpack_memberships_contains_paid_content":false},"categories":[113,118],"tags":[154,14683],"yoast_head":"<!-- This site is optimized with the Yoast SEO plugin v22.3 - https:\/\/yoast.com\/wordpress\/plugins\/seo\/ -->\n<title>Not\u00edcias do Trecho: Homem morre ap\u00f3s acidente de trabalho em f\u00e1brica de celulose em Len\u00e7\u00f3is Paulista - Portal NPM<\/title>\n<meta name=\"robots\" content=\"index, follow, max-snippet:-1, max-image-preview:large, max-video-preview:-1\" \/>\n<link rel=\"canonical\" href=\"https:\/\/portalnpm.com\/index.php\/2023\/10\/28\/noticias-do-trecho-homem-morre-apos-acidente-de-trabalho-em-fabrica-de-celulose-em-lencois-paulista\/\" \/>\n<meta property=\"og:locale\" content=\"pt_BR\" \/>\n<meta property=\"og:type\" content=\"article\" \/>\n<meta property=\"og:title\" content=\"Not\u00edcias do Trecho: Homem morre ap\u00f3s acidente de trabalho em f\u00e1brica de celulose em Len\u00e7\u00f3is Paulista - Portal NPM\" \/>\n<meta property=\"og:description\" content=\"Na madrugada de hoje, por volta das 2 horas, uma triste ocorr\u00eancia abalou a equipe de trabalhadores da multinacional Bracell, localizada na cidade de Len\u00e7\u00f3is Paulista. Dois colaboradores de empresas terceirizadas, que prestavam servi\u00e7o na \u00e1rea de branqueamento da linha 1, foram v\u00edtimas de um terr\u00edvel acidente enquanto realizavam a manuten\u00e7\u00e3o em um reator. Segundo &hellip;\" \/>\n<meta property=\"og:url\" content=\"https:\/\/portalnpm.com\/index.php\/2023\/10\/28\/noticias-do-trecho-homem-morre-apos-acidente-de-trabalho-em-fabrica-de-celulose-em-lencois-paulista\/\" \/>\n<meta property=\"og:site_name\" content=\"Portal NPM\" \/>\n<meta property=\"article:published_time\" content=\"2023-10-28T16:36:24+00:00\" \/>\n<meta name=\"author\" content=\"Reda\u00e7\u00e3o\" \/>\n<meta name=\"twitter:card\" content=\"summary_large_image\" \/>\n<meta name=\"twitter:label1\" content=\"Escrito por\" \/>\n\t<meta name=\"twitter:data1\" content=\"Reda\u00e7\u00e3o\" \/>\n\t<meta name=\"twitter:label2\" content=\"Est. tempo de leitura\" \/>\n\t<meta name=\"twitter:data2\" content=\"3 minutos\" \/>\n<script type=\"application\/ld+json\" class=\"yoast-schema-graph\">{\"@context\":\"https:\/\/schema.org\",\"@graph\":[{\"@type\":\"WebPage\",\"@id\":\"https:\/\/portalnpm.com\/index.php\/2023\/10\/28\/noticias-do-trecho-homem-morre-apos-acidente-de-trabalho-em-fabrica-de-celulose-em-lencois-paulista\/\",\"url\":\"https:\/\/portalnpm.com\/index.php\/2023\/10\/28\/noticias-do-trecho-homem-morre-apos-acidente-de-trabalho-em-fabrica-de-celulose-em-lencois-paulista\/\",\"name\":\"Not\u00edcias do Trecho: Homem morre ap\u00f3s acidente de trabalho em f\u00e1brica de celulose em Len\u00e7\u00f3is Paulista - Portal NPM\",\"isPartOf\":{\"@id\":\"https:\/\/portalnpm.com\/#website\"},\"primaryImageOfPage\":{\"@id\":\"https:\/\/portalnpm.com\/index.php\/2023\/10\/28\/noticias-do-trecho-homem-morre-apos-acidente-de-trabalho-em-fabrica-de-celulose-em-lencois-paulista\/#primaryimage\"},\"image\":{\"@id\":\"https:\/\/portalnpm.com\/index.php\/2023\/10\/28\/noticias-do-trecho-homem-morre-apos-acidente-de-trabalho-em-fabrica-de-celulose-em-lencois-paulista\/#primaryimage\"},\"thumbnailUrl\":\"\",\"datePublished\":\"2023-10-28T16:36:24+00:00\",\"dateModified\":\"2023-10-28T16:36:24+00:00\",\"author\":{\"@id\":\"https:\/\/portalnpm.com\/#\/schema\/person\/0b5f230ec96cee25504fa328e7f2b733\"},\"breadcrumb\":{\"@id\":\"https:\/\/portalnpm.com\/index.php\/2023\/10\/28\/noticias-do-trecho-homem-morre-apos-acidente-de-trabalho-em-fabrica-de-celulose-em-lencois-paulista\/#breadcrumb\"},\"inLanguage\":\"pt-BR\",\"potentialAction\":[{\"@type\":\"ReadAction\",\"target\":[\"https:\/\/portalnpm.com\/index.php\/2023\/10\/28\/noticias-do-trecho-homem-morre-apos-acidente-de-trabalho-em-fabrica-de-celulose-em-lencois-paulista\/\"]}]},{\"@type\":\"ImageObject\",\"inLanguage\":\"pt-BR\",\"@id\":\"https:\/\/portalnpm.com\/index.php\/2023\/10\/28\/noticias-do-trecho-homem-morre-apos-acidente-de-trabalho-em-fabrica-de-celulose-em-lencois-paulista\/#primaryimage\",\"url\":\"\",\"contentUrl\":\"\"},{\"@type\":\"BreadcrumbList\",\"@id\":\"https:\/\/portalnpm.com\/index.php\/2023\/10\/28\/noticias-do-trecho-homem-morre-apos-acidente-de-trabalho-em-fabrica-de-celulose-em-lencois-paulista\/#breadcrumb\",\"itemListElement\":[{\"@type\":\"ListItem\",\"position\":1,\"name\":\"In\u00edcio\",\"item\":\"https:\/\/portalnpm.com\/\"},{\"@type\":\"ListItem\",\"position\":2,\"name\":\"Not\u00edcias do Trecho: Homem morre ap\u00f3s acidente de trabalho em f\u00e1brica de celulose em Len\u00e7\u00f3is Paulista\"}]},{\"@type\":\"WebSite\",\"@id\":\"https:\/\/portalnpm.com\/#website\",\"url\":\"https:\/\/portalnpm.com\/\",\"name\":\"Portal NPM\",\"description\":\"Not\u00edcias em Primeira M\u00e3o\",\"potentialAction\":[{\"@type\":\"SearchAction\",\"target\":{\"@type\":\"EntryPoint\",\"urlTemplate\":\"https:\/\/portalnpm.com\/?s={search_term_string}\"},\"query-input\":\"required name=search_term_string\"}],\"inLanguage\":\"pt-BR\"},{\"@type\":\"Person\",\"@id\":\"https:\/\/portalnpm.com\/#\/schema\/person\/0b5f230ec96cee25504fa328e7f2b733\",\"name\":\"Reda\u00e7\u00e3o\",\"image\":{\"@type\":\"ImageObject\",\"inLanguage\":\"pt-BR\",\"@id\":\"https:\/\/portalnpm.com\/#\/schema\/person\/image\/\",\"url\":\"https:\/\/portalnpm.com\/wp-content\/uploads\/2024\/03\/avatar_user_4_1710097212-96x96.png\",\"contentUrl\":\"https:\/\/portalnpm.com\/wp-content\/uploads\/2024\/03\/avatar_user_4_1710097212-96x96.png\",\"caption\":\"Reda\u00e7\u00e3o\"},\"url\":\"https:\/\/portalnpm.com\/index.php\/author\/redacao\/\"}]}<\/script>\n<!-- \/ Yoast SEO plugin. -->","yoast_head_json":{"title":"Not\u00edcias do Trecho: Homem morre ap\u00f3s acidente de trabalho em f\u00e1brica de celulose em Len\u00e7\u00f3is Paulista - Portal NPM","robots":{"index":"index","follow":"follow","max-snippet":"max-snippet:-1","max-image-preview":"max-image-preview:large","max-video-preview":"max-video-preview:-1"},"canonical":"https:\/\/portalnpm.com\/index.php\/2023\/10\/28\/noticias-do-trecho-homem-morre-apos-acidente-de-trabalho-em-fabrica-de-celulose-em-lencois-paulista\/","og_locale":"pt_BR","og_type":"article","og_title":"Not\u00edcias do Trecho: Homem morre ap\u00f3s acidente de trabalho em f\u00e1brica de celulose em Len\u00e7\u00f3is Paulista - Portal NPM","og_description":"Na madrugada de hoje, por volta das 2 horas, uma triste ocorr\u00eancia abalou a equipe de trabalhadores da multinacional Bracell, localizada na cidade de Len\u00e7\u00f3is Paulista. Dois colaboradores de empresas terceirizadas, que prestavam servi\u00e7o na \u00e1rea de branqueamento da linha 1, foram v\u00edtimas de um terr\u00edvel acidente enquanto realizavam a manuten\u00e7\u00e3o em um reator. Segundo &hellip;","og_url":"https:\/\/portalnpm.com\/index.php\/2023\/10\/28\/noticias-do-trecho-homem-morre-apos-acidente-de-trabalho-em-fabrica-de-celulose-em-lencois-paulista\/","og_site_name":"Portal NPM","article_published_time":"2023-10-28T16:36:24+00:00","author":"Reda\u00e7\u00e3o","twitter_card":"summary_large_image","twitter_misc":{"Escrito por":"Reda\u00e7\u00e3o","Est. tempo de leitura":"3 minutos"},"schema":{"@context":"https:\/\/schema.org","@graph":[{"@type":"WebPage","@id":"https:\/\/portalnpm.com\/index.php\/2023\/10\/28\/noticias-do-trecho-homem-morre-apos-acidente-de-trabalho-em-fabrica-de-celulose-em-lencois-paulista\/","url":"https:\/\/portalnpm.com\/index.php\/2023\/10\/28\/noticias-do-trecho-homem-morre-apos-acidente-de-trabalho-em-fabrica-de-celulose-em-lencois-paulista\/","name":"Not\u00edcias do Trecho: Homem morre ap\u00f3s acidente de trabalho em f\u00e1brica de celulose em Len\u00e7\u00f3is Paulista - Portal NPM","isPartOf":{"@id":"https:\/\/portalnpm.com\/#website"},"primaryImageOfPage":{"@id":"https:\/\/portalnpm.com\/index.php\/2023\/10\/28\/noticias-do-trecho-homem-morre-apos-acidente-de-trabalho-em-fabrica-de-celulose-em-lencois-paulista\/#primaryimage"},"image":{"@id":"https:\/\/portalnpm.com\/index.php\/2023\/10\/28\/noticias-do-trecho-homem-morre-apos-acidente-de-trabalho-em-fabrica-de-celulose-em-lencois-paulista\/#primaryimage"},"thumbnailUrl":"","datePublished":"2023-10-28T16:36:24+00:00","dateModified":"2023-10-28T16:36:24+00:00","author":{"@id":"https:\/\/portalnpm.com\/#\/schema\/person\/0b5f230ec96cee25504fa328e7f2b733"},"breadcrumb":{"@id":"https:\/\/portalnpm.com\/index.php\/2023\/10\/28\/noticias-do-trecho-homem-morre-apos-acidente-de-trabalho-em-fabrica-de-celulose-em-lencois-paulista\/#breadcrumb"},"inLanguage":"pt-BR","potentialAction":[{"@type":"ReadAction","target":["https:\/\/portalnpm.com\/index.php\/2023\/10\/28\/noticias-do-trecho-homem-morre-apos-acidente-de-trabalho-em-fabrica-de-celulose-em-lencois-paulista\/"]}]},{"@type":"ImageObject","inLanguage":"pt-BR","@id":"https:\/\/portalnpm.com\/index.php\/2023\/10\/28\/noticias-do-trecho-homem-morre-apos-acidente-de-trabalho-em-fabrica-de-celulose-em-lencois-paulista\/#primaryimage","url":"","contentUrl":""},{"@type":"BreadcrumbList","@id":"https:\/\/portalnpm.com\/index.php\/2023\/10\/28\/noticias-do-trecho-homem-morre-apos-acidente-de-trabalho-em-fabrica-de-celulose-em-lencois-paulista\/#breadcrumb","itemListElement":[{"@type":"ListItem","position":1,"name":"In\u00edcio","item":"https:\/\/portalnpm.com\/"},{"@type":"ListItem","position":2,"name":"Not\u00edcias do Trecho: Homem morre ap\u00f3s acidente de trabalho em f\u00e1brica de celulose em Len\u00e7\u00f3is Paulista"}]},{"@type":"WebSite","@id":"https:\/\/portalnpm.com\/#website","url":"https:\/\/portalnpm.com\/","name":"Portal NPM","description":"Not\u00edcias em Primeira M\u00e3o","potentialAction":[{"@type":"SearchAction","target":{"@type":"EntryPoint","urlTemplate":"https:\/\/portalnpm.com\/?s={search_term_string}"},"query-input":"required name=search_term_string"}],"inLanguage":"pt-BR"},{"@type":"Person","@id":"https:\/\/portalnpm.com\/#\/schema\/person\/0b5f230ec96cee25504fa328e7f2b733","name":"Reda\u00e7\u00e3o","image":{"@type":"ImageObject","inLanguage":"pt-BR","@id":"https:\/\/portalnpm.com\/#\/schema\/person\/image\/","url":"https:\/\/portalnpm.com\/wp-content\/uploads\/2024\/03\/avatar_user_4_1710097212-96x96.png","contentUrl":"https:\/\/portalnpm.com\/wp-content\/uploads\/2024\/03\/avatar_user_4_1710097212-96x96.png","caption":"Reda\u00e7\u00e3o"},"url":"https:\/\/portalnpm.com\/index.php\/author\/redacao\/"}]}},"jetpack_sharing_enabled":true,"jetpack_featured_media_url":"","_links":{"self":[{"href":"https:\/\/portalnpm.com\/index.php\/wp-json\/wp\/v2\/posts\/49761"}],"collection":[{"href":"https:\/\/portalnpm.com\/index.php\/wp-json\/wp\/v2\/posts"}],"about":[{"href":"https:\/\/portalnpm.com\/index.php\/wp-json\/wp\/v2\/types\/post"}],"author":[{"embeddable":true,"href":"https:\/\/portalnpm.com\/index.php\/wp-json\/wp\/v2\/users\/4"}],"replies":[{"embeddable":true,"href":"https:\/\/portalnpm.com\/index.php\/wp-json\/wp\/v2\/comments?post=49761"}],"version-history":[{"count":0,"href":"https:\/\/portalnpm.com\/index.php\/wp-json\/wp\/v2\/posts\/49761\/revisions"}],"wp:featuredmedia":[{"embeddable":true,"href":"https:\/\/portalnpm.com\/index.php\/wp-json\/"}],"wp:attachment":[{"href":"https:\/\/portalnpm.com\/index.php\/wp-json\/wp\/v2\/media?parent=49761"}],"wp:term":[{"taxonomy":"category","embeddable":true,"href":"https:\/\/portalnpm.com\/index.php\/wp-json\/wp\/v2\/categories?post=49761"},{"taxonomy":"post_tag","embeddable":true,"href":"https:\/\/portalnpm.com\/index.php\/wp-json\/wp\/v2\/tags?post=49761"}],"curies":[{"name":"wp","href":"https:\/\/api.w.org\/{rel}","templated":true}]}}