{"id":49832,"date":"2023-11-01T21:33:07","date_gmt":"2023-11-02T00:33:07","guid":{"rendered":"https:\/\/portalnpm.com\/?p=49832"},"modified":"2023-11-01T21:33:07","modified_gmt":"2023-11-02T00:33:07","slug":"internacional-fica-no-empate-com-o-america-mg-no-beira-rio","status":"publish","type":"post","link":"https:\/\/portalnpm.com\/index.php\/2023\/11\/01\/internacional-fica-no-empate-com-o-america-mg-no-beira-rio\/","title":{"rendered":"Internacional fica no empate com o Am\u00e9rica-MG no Beira-Rio"},"content":{"rendered":"<div class=\"fsNewsArticle__perex\" style=\"text-align: justify;\">Internacional e Am\u00e9rica-MG empataram por 1 a 1 no Beira-Rio, nesta quarta-feira (1), em duelo v\u00e1lido pela 31\u00aa rodada do Brasileir\u00e3o. Enner Valencia fez o gol colorado no primeiro tempo e Marlon empatou para o Coelho na etapa final.<\/div>\n<p style=\"text-align: justify;\">Com o resultado, o\u00a0<a href=\"https:\/\/www.flashscore.com.br\/equipe\/internacional\/tSCiHj0I\/\">Inter<\/a>\u00a0vai a\u00a0<b>40 pontos<\/b>\u00a0ganhos, mas cai para a 13\u00aa coloca\u00e7\u00e3o.<\/p>\n<div class=\"adsenvelopeCont\" style=\"text-align: justify;\">\n<div id=\"lsadvert-zid-6085\" class=\"adsenvelope adstextpad banx-fsnews_article\">\n<div id=\"lsadvert-fsnews_article\" class=\"adscontent\"><\/div>\n<div class=\"ads__text ads__text--h\"><\/div>\n<\/div>\n<\/div>\n<p style=\"text-align: justify;\"><b><a href=\"https:\/\/www.flashscore.com.br\/jogo\/4U2ejSb1\/#\/resumo-de-jogo\/\">Confira os n\u00fameros de Internacional 1&#215;1 Am\u00e9rica-MG<\/a><\/b><\/p>\n<p style=\"text-align: justify;\">J\u00e1 o\u00a0<a href=\"https:\/\/www.flashscore.com.br\/equipe\/america-mg\/xUT0Bp8o\/\">Coelho<\/a>\u00a0vai a 20 pontos e segue afundado na lanterna, a\u00a0<b>15 pontos<\/b>\u00a0do primeiro time fora do Z-4 (o\u00a0<a href=\"https:\/\/www.flashscore.com.br\/equipe\/santos\/n3QdnjFB\/\">Santos<\/a>).<\/p>\n<p style=\"text-align: justify;\">Esta foi a 10\u00aa partida consecutiva sem vit\u00f3ria do time mineiro\u00a0no campeonato.<\/p>\n<p style=\"text-align: justify;\">O Internacional, por outro lado, conquistou apenas 1 ponto nas duas \u00faltimas rodadas jogando em Porto Alegre contra os\u00a0<b>dois piores times do Brasileiro<\/b>.<\/p>\n<p style=\"text-align: justify;\"><b><a href=\"https:\/\/www.flashscore.com.br\/futebol\/brasil\/serie-a\/classificacao\/#\/WGqehPkI\">Veja a classifica\u00e7\u00e3o atualizada da S\u00e9rie A<\/a><\/b><\/p>\n<p style=\"text-align: justify;\">Na pr\u00f3xima rodada do Brasileir\u00e3o, o Colorado visita o\u00a0<a href=\"https:\/\/www.flashscore.com.br\/equipe\/cruzeiro\/0SwtclaU\/\">Cruzeiro<\/a>, e o Am\u00e9rica recebe o Atl\u00e9tico-MG.<\/p>\n<div class=\"imageContainer\" style=\"text-align: justify;\">\n<div class=\"imageContainer__element\">\n<figure class=\"ui-media ui-media--article ui-media--preview\"><picture class=\"ui-media__placeholder\"><source srcset=\"https:\/\/livesport-ott-images.ssl.cdn.cra.cz\/r120xfq60\/dfba86e2-830f-47af-9402-f04f713b0c77.avif 120w, https:\/\/livesport-ott-images.ssl.cdn.cra.cz\/r300xfq60\/dfba86e2-830f-47af-9402-f04f713b0c77.avif 300w, https:\/\/livesport-ott-images.ssl.cdn.cra.cz\/r600xfq60\/dfba86e2-830f-47af-9402-f04f713b0c77.avif 600w, https:\/\/livesport-ott-images.ssl.cdn.cra.cz\/r900xfq60\/dfba86e2-830f-47af-9402-f04f713b0c77.avif 900w, https:\/\/livesport-ott-images.ssl.cdn.cra.cz\/r1200xfq60\/dfba86e2-830f-47af-9402-f04f713b0c77.avif 1200w\" type=\"image\/avif\" sizes=\"(max-width: 1047px) 100vw, 614px\" \/><source srcset=\"https:\/\/livesport-ott-images.ssl.cdn.cra.cz\/r120xfq60\/dfba86e2-830f-47af-9402-f04f713b0c77.webp 120w, https:\/\/livesport-ott-images.ssl.cdn.cra.cz\/r300xfq60\/dfba86e2-830f-47af-9402-f04f713b0c77.webp 300w, https:\/\/livesport-ott-images.ssl.cdn.cra.cz\/r600xfq60\/dfba86e2-830f-47af-9402-f04f713b0c77.webp 600w, https:\/\/livesport-ott-images.ssl.cdn.cra.cz\/r900xfq60\/dfba86e2-830f-47af-9402-f04f713b0c77.webp 900w, https:\/\/livesport-ott-images.ssl.cdn.cra.cz\/r1200xfq60\/dfba86e2-830f-47af-9402-f04f713b0c77.webp 1200w\" type=\"image\/webp\" sizes=\"(max-width: 1047px) 100vw, 614px\" \/><source srcset=\"https:\/\/livesport-ott-images.ssl.cdn.cra.cz\/r120xfq60\/dfba86e2-830f-47af-9402-f04f713b0c77.jpg 120w, https:\/\/livesport-ott-images.ssl.cdn.cra.cz\/r300xfq60\/dfba86e2-830f-47af-9402-f04f713b0c77.jpg 300w, https:\/\/livesport-ott-images.ssl.cdn.cra.cz\/r600xfq60\/dfba86e2-830f-47af-9402-f04f713b0c77.jpg 600w, https:\/\/livesport-ott-images.ssl.cdn.cra.cz\/r900xfq60\/dfba86e2-830f-47af-9402-f04f713b0c77.jpg 900w, https:\/\/livesport-ott-images.ssl.cdn.cra.cz\/r1200xfq60\/dfba86e2-830f-47af-9402-f04f713b0c77.jpg 1200w\" type=\"image\/jpeg\" sizes=\"(max-width: 1047px) 100vw, 614px\" \/><img decoding=\"async\" class=\"ui-media__image ui-media__image--loaded\" title=\"Estat\u00edsticas do duelo\" src=\"https:\/\/livesport-ott-images.ssl.cdn.cra.cz\/r900xfq60\/dfba86e2-830f-47af-9402-f04f713b0c77.jpg\" alt=\"Estat\u00edsticas do duelo\" \/><\/picture><figcaption class=\"ui-media__caption fsNewsArticle__provider\">\n<div class=\"fsNewsArticle__label\">Estat\u00edsticas do duelo<\/div>\n<p>Flashscore<\/figcaption><\/figure>\n<\/div>\n<\/div>\n<h2 style=\"text-align: justify;\"><b>Valencia, sempre ele<\/b><\/h2>\n<p style=\"text-align: justify;\"><a href=\"https:\/\/www.flashscore.com.br\/jogador\/valencia-enner\/KELXYJ3s\/\">Enner Valencia<\/a>\u00a0anotou seu sexto gol nos \u00faltimos cinco jogos e virou artilheiro do Inter no torneio.<\/p>\n<p style=\"text-align: justify;\">O equatoriano abriu o placar aos 14 minutos, ap\u00f3s cruzamento de\u00a0<a href=\"https:\/\/www.flashscore.com.br\/jogador\/hernandez-nicolas\/n3vlNyz7\/\">Nico Hern\u00e1ndez<\/a>.<\/p>\n<div class=\"imageContainer\" style=\"text-align: justify;\">\n<div class=\"imageContainer__element\">\n<figure class=\"ui-media ui-media--article ui-media--preview\"><picture class=\"ui-media__placeholder\"><source srcset=\"https:\/\/livesport-ott-images.ssl.cdn.cra.cz\/r120xfq60\/20d69eeb-7ebb-4cec-85d4-0f8bbcfa19e3.avif 120w, https:\/\/livesport-ott-images.ssl.cdn.cra.cz\/r300xfq60\/20d69eeb-7ebb-4cec-85d4-0f8bbcfa19e3.avif 300w, https:\/\/livesport-ott-images.ssl.cdn.cra.cz\/r600xfq60\/20d69eeb-7ebb-4cec-85d4-0f8bbcfa19e3.avif 600w, https:\/\/livesport-ott-images.ssl.cdn.cra.cz\/r900xfq60\/20d69eeb-7ebb-4cec-85d4-0f8bbcfa19e3.avif 900w, https:\/\/livesport-ott-images.ssl.cdn.cra.cz\/r1200xfq60\/20d69eeb-7ebb-4cec-85d4-0f8bbcfa19e3.avif 1200w\" type=\"image\/avif\" sizes=\"(max-width: 1047px) 100vw, 614px\" \/><source srcset=\"https:\/\/livesport-ott-images.ssl.cdn.cra.cz\/r120xfq60\/20d69eeb-7ebb-4cec-85d4-0f8bbcfa19e3.webp 120w, https:\/\/livesport-ott-images.ssl.cdn.cra.cz\/r300xfq60\/20d69eeb-7ebb-4cec-85d4-0f8bbcfa19e3.webp 300w, https:\/\/livesport-ott-images.ssl.cdn.cra.cz\/r600xfq60\/20d69eeb-7ebb-4cec-85d4-0f8bbcfa19e3.webp 600w, https:\/\/livesport-ott-images.ssl.cdn.cra.cz\/r900xfq60\/20d69eeb-7ebb-4cec-85d4-0f8bbcfa19e3.webp 900w, https:\/\/livesport-ott-images.ssl.cdn.cra.cz\/r1200xfq60\/20d69eeb-7ebb-4cec-85d4-0f8bbcfa19e3.webp 1200w\" type=\"image\/webp\" sizes=\"(max-width: 1047px) 100vw, 614px\" \/><source srcset=\"https:\/\/livesport-ott-images.ssl.cdn.cra.cz\/r120xfq60\/20d69eeb-7ebb-4cec-85d4-0f8bbcfa19e3.jpg 120w, https:\/\/livesport-ott-images.ssl.cdn.cra.cz\/r300xfq60\/20d69eeb-7ebb-4cec-85d4-0f8bbcfa19e3.jpg 300w, https:\/\/livesport-ott-images.ssl.cdn.cra.cz\/r600xfq60\/20d69eeb-7ebb-4cec-85d4-0f8bbcfa19e3.jpg 600w, https:\/\/livesport-ott-images.ssl.cdn.cra.cz\/r900xfq60\/20d69eeb-7ebb-4cec-85d4-0f8bbcfa19e3.jpg 900w, https:\/\/livesport-ott-images.ssl.cdn.cra.cz\/r1200xfq60\/20d69eeb-7ebb-4cec-85d4-0f8bbcfa19e3.jpg 1200w\" type=\"image\/jpeg\" sizes=\"(max-width: 1047px) 100vw, 614px\" \/><img decoding=\"async\" class=\"ui-media__image ui-media__image--loaded\" title=\"Valencia fez seu d\u00e9cimo\u00a0gol em 21 jogos pelo time de Porto Alegre\" src=\"https:\/\/livesport-ott-images.ssl.cdn.cra.cz\/r900xfq60\/20d69eeb-7ebb-4cec-85d4-0f8bbcfa19e3.jpg\" alt=\"Valencia fez seu d\u00e9cimo\u00a0gol em 21 jogos pelo time de Porto Alegre\" \/><\/picture><figcaption class=\"ui-media__caption fsNewsArticle__provider\">\n<div class=\"fsNewsArticle__label\">Valencia fez seu d\u00e9cimo\u00a0gol em 21 jogos pelo time de Porto Alegre<\/div>\n<p>AFP<\/figcaption><\/figure>\n<\/div>\n<\/div>\n<p style=\"text-align: justify;\">Com mais posse de bola e mais finaliza\u00e7\u00f5es, os donos da casa dominaram a primeira etapa, mas aos poucos diminu\u00edram o ritmo.<\/p>\n<p style=\"text-align: justify;\">Ap\u00f3s o intervalo, o time de Eduardo Coudet recuou e o Am\u00e9rica come\u00e7ou finalmente a levar perigo \u00e0 meta de Rochet.<\/p>\n<p style=\"text-align: justify;\">O empate saiu com justi\u00e7a aos 29 da etapa final com o lateral esquerdo\u00a0<a href=\"https:\/\/www.flashscore.com.br\/jogador\/marlon\/0CDZUPof\/\">Marlon<\/a>, que acertou um canudo de p\u00e9 direito na gaveta.<\/p>\n<p style=\"text-align: justify;\">O Inter tentou pressionar nos minutos finais, e teve duas boas chances de marcar, mas Valencia e Lucca pecaram nos arremates.<\/p>\n<div class=\"imageContainer\" style=\"text-align: justify;\">\n<div class=\"imageContainer__element\">\n<figure class=\"ui-media ui-media--article ui-media--preview\"><picture class=\"ui-media__placeholder\"><source srcset=\"https:\/\/livesport-ott-images.ssl.cdn.cra.cz\/r120xfq60\/40f7203e-8707-4e04-b8a6-c707b9590157.avif 120w, https:\/\/livesport-ott-images.ssl.cdn.cra.cz\/r300xfq60\/40f7203e-8707-4e04-b8a6-c707b9590157.avif 300w, https:\/\/livesport-ott-images.ssl.cdn.cra.cz\/r600xfq60\/40f7203e-8707-4e04-b8a6-c707b9590157.avif 600w, https:\/\/livesport-ott-images.ssl.cdn.cra.cz\/r900xfq60\/40f7203e-8707-4e04-b8a6-c707b9590157.avif 900w, https:\/\/livesport-ott-images.ssl.cdn.cra.cz\/r1200xfq60\/40f7203e-8707-4e04-b8a6-c707b9590157.avif 1200w\" type=\"image\/avif\" sizes=\"(max-width: 1047px) 100vw, 614px\" \/><source srcset=\"https:\/\/livesport-ott-images.ssl.cdn.cra.cz\/r120xfq60\/40f7203e-8707-4e04-b8a6-c707b9590157.webp 120w, https:\/\/livesport-ott-images.ssl.cdn.cra.cz\/r300xfq60\/40f7203e-8707-4e04-b8a6-c707b9590157.webp 300w, https:\/\/livesport-ott-images.ssl.cdn.cra.cz\/r600xfq60\/40f7203e-8707-4e04-b8a6-c707b9590157.webp 600w, https:\/\/livesport-ott-images.ssl.cdn.cra.cz\/r900xfq60\/40f7203e-8707-4e04-b8a6-c707b9590157.webp 900w, https:\/\/livesport-ott-images.ssl.cdn.cra.cz\/r1200xfq60\/40f7203e-8707-4e04-b8a6-c707b9590157.webp 1200w\" type=\"image\/webp\" sizes=\"(max-width: 1047px) 100vw, 614px\" \/><source srcset=\"https:\/\/livesport-ott-images.ssl.cdn.cra.cz\/r120xfq60\/40f7203e-8707-4e04-b8a6-c707b9590157.jpg 120w, https:\/\/livesport-ott-images.ssl.cdn.cra.cz\/r300xfq60\/40f7203e-8707-4e04-b8a6-c707b9590157.jpg 300w, https:\/\/livesport-ott-images.ssl.cdn.cra.cz\/r600xfq60\/40f7203e-8707-4e04-b8a6-c707b9590157.jpg 600w, https:\/\/livesport-ott-images.ssl.cdn.cra.cz\/r900xfq60\/40f7203e-8707-4e04-b8a6-c707b9590157.jpg 900w, https:\/\/livesport-ott-images.ssl.cdn.cra.cz\/r1200xfq60\/40f7203e-8707-4e04-b8a6-c707b9590157.jpg 1200w\" type=\"image\/jpeg\" sizes=\"(max-width: 1047px) 100vw, 614px\" \/><img decoding=\"async\" class=\"ui-media__image ui-media__image--loaded\" title=\"Notas autom\u00e1ticas do Flashscore\" src=\"https:\/\/livesport-ott-images.ssl.cdn.cra.cz\/r900xfq60\/40f7203e-8707-4e04-b8a6-c707b9590157.jpg\" alt=\"Notas autom\u00e1ticas do Flashscore\" \/><\/picture><figcaption class=\"ui-media__caption fsNewsArticle__provider\">\n<div class=\"fsNewsArticle__label\">Notas autom\u00e1ticas do Flashscore<\/div>\n<p>Flashscore<\/figcaption><\/figure>\n<\/div>\n<\/div>\n<h2 style=\"text-align: justify;\">Atua\u00e7\u00f5es<\/h2>\n<p style=\"text-align: justify;\">Valencia foi o titular mais bem avaliado do confronto, seguido de perto pelo lateral Nico Hern\u00e1ndez.<\/p>\n<p style=\"text-align: justify;\">Pelo lado mineiro, Rodriguinho foi o destaque por ter sido o motor do meio campo americano<\/p>\n<p style=\"text-align: justify;\">Por Flashscore<\/p>\n","protected":false},"excerpt":{"rendered":"<p>Internacional e Am\u00e9rica-MG empataram por 1 a 1 no Beira-Rio, nesta quarta-feira (1), em duelo v\u00e1lido pela 31\u00aa rodada do Brasileir\u00e3o. Enner Valencia fez o gol colorado no primeiro tempo e Marlon empatou para o Coelho na etapa final. Com o resultado, o\u00a0Inter\u00a0vai a\u00a040 pontos\u00a0ganhos, mas cai para a 13\u00aa coloca\u00e7\u00e3o. Confira os n\u00fameros de &hellip;<\/p>\n","protected":false},"author":2,"featured_media":49833,"comment_status":"open","ping_status":"open","sticky":false,"template":"","format":"standard","meta":{"content-type":"","rop_custom_images_group":[],"rop_custom_messages_group":[],"rop_publish_now":"initial","rop_publish_now_accounts":{"facebook_2648258775420054_1618374048415101":""},"rop_publish_now_history":[],"rop_publish_now_status":"pending","footnotes":"","_jetpack_memberships_contains_paid_content":false},"categories":[108],"tags":[1118,8603],"yoast_head":"<!-- This site is optimized with the Yoast SEO plugin v22.3 - https:\/\/yoast.com\/wordpress\/plugins\/seo\/ -->\n<title>Internacional fica no empate com o Am\u00e9rica-MG no Beira-Rio - Portal NPM<\/title>\n<meta name=\"robots\" content=\"index, follow, max-snippet:-1, max-image-preview:large, max-video-preview:-1\" \/>\n<link rel=\"canonical\" href=\"https:\/\/portalnpm.com\/index.php\/2023\/11\/01\/internacional-fica-no-empate-com-o-america-mg-no-beira-rio\/\" \/>\n<meta property=\"og:locale\" content=\"pt_BR\" \/>\n<meta property=\"og:type\" content=\"article\" \/>\n<meta property=\"og:title\" content=\"Internacional fica no empate com o Am\u00e9rica-MG no Beira-Rio - Portal NPM\" \/>\n<meta property=\"og:description\" content=\"Internacional e Am\u00e9rica-MG empataram por 1 a 1 no Beira-Rio, nesta quarta-feira (1), em duelo v\u00e1lido pela 31\u00aa rodada do Brasileir\u00e3o. Enner Valencia fez o gol colorado no primeiro tempo e Marlon empatou para o Coelho na etapa final. Com o resultado, o\u00a0Inter\u00a0vai a\u00a040 pontos\u00a0ganhos, mas cai para a 13\u00aa coloca\u00e7\u00e3o. Confira os n\u00fameros de &hellip;\" \/>\n<meta property=\"og:url\" content=\"https:\/\/portalnpm.com\/index.php\/2023\/11\/01\/internacional-fica-no-empate-com-o-america-mg-no-beira-rio\/\" \/>\n<meta property=\"og:site_name\" content=\"Portal NPM\" \/>\n<meta property=\"article:published_time\" content=\"2023-11-02T00:33:07+00:00\" \/>\n<meta name=\"author\" content=\"Genival Barbosa\" \/>\n<meta name=\"twitter:card\" content=\"summary_large_image\" \/>\n<meta name=\"twitter:label1\" content=\"Escrito por\" \/>\n\t<meta name=\"twitter:data1\" content=\"Genival Barbosa\" \/>\n\t<meta name=\"twitter:label2\" content=\"Est. tempo de leitura\" \/>\n\t<meta name=\"twitter:data2\" content=\"3 minutos\" \/>\n<script type=\"application\/ld+json\" class=\"yoast-schema-graph\">{\"@context\":\"https:\/\/schema.org\",\"@graph\":[{\"@type\":\"WebPage\",\"@id\":\"https:\/\/portalnpm.com\/index.php\/2023\/11\/01\/internacional-fica-no-empate-com-o-america-mg-no-beira-rio\/\",\"url\":\"https:\/\/portalnpm.com\/index.php\/2023\/11\/01\/internacional-fica-no-empate-com-o-america-mg-no-beira-rio\/\",\"name\":\"Internacional fica no empate com o Am\u00e9rica-MG no Beira-Rio - Portal NPM\",\"isPartOf\":{\"@id\":\"https:\/\/portalnpm.com\/#website\"},\"primaryImageOfPage\":{\"@id\":\"https:\/\/portalnpm.com\/index.php\/2023\/11\/01\/internacional-fica-no-empate-com-o-america-mg-no-beira-rio\/#primaryimage\"},\"image\":{\"@id\":\"https:\/\/portalnpm.com\/index.php\/2023\/11\/01\/internacional-fica-no-empate-com-o-america-mg-no-beira-rio\/#primaryimage\"},\"thumbnailUrl\":\"\",\"datePublished\":\"2023-11-02T00:33:07+00:00\",\"dateModified\":\"2023-11-02T00:33:07+00:00\",\"author\":{\"@id\":\"https:\/\/portalnpm.com\/#\/schema\/person\/49313e563cfdefcc167f1ee4c017c294\"},\"breadcrumb\":{\"@id\":\"https:\/\/portalnpm.com\/index.php\/2023\/11\/01\/internacional-fica-no-empate-com-o-america-mg-no-beira-rio\/#breadcrumb\"},\"inLanguage\":\"pt-BR\",\"potentialAction\":[{\"@type\":\"ReadAction\",\"target\":[\"https:\/\/portalnpm.com\/index.php\/2023\/11\/01\/internacional-fica-no-empate-com-o-america-mg-no-beira-rio\/\"]}]},{\"@type\":\"ImageObject\",\"inLanguage\":\"pt-BR\",\"@id\":\"https:\/\/portalnpm.com\/index.php\/2023\/11\/01\/internacional-fica-no-empate-com-o-america-mg-no-beira-rio\/#primaryimage\",\"url\":\"\",\"contentUrl\":\"\"},{\"@type\":\"BreadcrumbList\",\"@id\":\"https:\/\/portalnpm.com\/index.php\/2023\/11\/01\/internacional-fica-no-empate-com-o-america-mg-no-beira-rio\/#breadcrumb\",\"itemListElement\":[{\"@type\":\"ListItem\",\"position\":1,\"name\":\"In\u00edcio\",\"item\":\"https:\/\/portalnpm.com\/\"},{\"@type\":\"ListItem\",\"position\":2,\"name\":\"Internacional fica no empate com o Am\u00e9rica-MG no Beira-Rio\"}]},{\"@type\":\"WebSite\",\"@id\":\"https:\/\/portalnpm.com\/#website\",\"url\":\"https:\/\/portalnpm.com\/\",\"name\":\"Portal NPM\",\"description\":\"Not\u00edcias em Primeira M\u00e3o\",\"potentialAction\":[{\"@type\":\"SearchAction\",\"target\":{\"@type\":\"EntryPoint\",\"urlTemplate\":\"https:\/\/portalnpm.com\/?s={search_term_string}\"},\"query-input\":\"required name=search_term_string\"}],\"inLanguage\":\"pt-BR\"},{\"@type\":\"Person\",\"@id\":\"https:\/\/portalnpm.com\/#\/schema\/person\/49313e563cfdefcc167f1ee4c017c294\",\"name\":\"Genival Barbosa\",\"image\":{\"@type\":\"ImageObject\",\"inLanguage\":\"pt-BR\",\"@id\":\"https:\/\/portalnpm.com\/#\/schema\/person\/image\/\",\"url\":\"https:\/\/portalnpm.com\/wp-content\/uploads\/2024\/02\/avatar_user_2_1707743258-96x96.jpeg\",\"contentUrl\":\"https:\/\/portalnpm.com\/wp-content\/uploads\/2024\/02\/avatar_user_2_1707743258-96x96.jpeg\",\"caption\":\"Genival Barbosa\"},\"url\":\"https:\/\/portalnpm.com\/index.php\/author\/genival\/\"}]}<\/script>\n<!-- \/ Yoast SEO plugin. -->","yoast_head_json":{"title":"Internacional fica no empate com o Am\u00e9rica-MG no Beira-Rio - Portal NPM","robots":{"index":"index","follow":"follow","max-snippet":"max-snippet:-1","max-image-preview":"max-image-preview:large","max-video-preview":"max-video-preview:-1"},"canonical":"https:\/\/portalnpm.com\/index.php\/2023\/11\/01\/internacional-fica-no-empate-com-o-america-mg-no-beira-rio\/","og_locale":"pt_BR","og_type":"article","og_title":"Internacional fica no empate com o Am\u00e9rica-MG no Beira-Rio - Portal NPM","og_description":"Internacional e Am\u00e9rica-MG empataram por 1 a 1 no Beira-Rio, nesta quarta-feira (1), em duelo v\u00e1lido pela 31\u00aa rodada do Brasileir\u00e3o. Enner Valencia fez o gol colorado no primeiro tempo e Marlon empatou para o Coelho na etapa final. Com o resultado, o\u00a0Inter\u00a0vai a\u00a040 pontos\u00a0ganhos, mas cai para a 13\u00aa coloca\u00e7\u00e3o. Confira os n\u00fameros de &hellip;","og_url":"https:\/\/portalnpm.com\/index.php\/2023\/11\/01\/internacional-fica-no-empate-com-o-america-mg-no-beira-rio\/","og_site_name":"Portal NPM","article_published_time":"2023-11-02T00:33:07+00:00","author":"Genival Barbosa","twitter_card":"summary_large_image","twitter_misc":{"Escrito por":"Genival Barbosa","Est. tempo de leitura":"3 minutos"},"schema":{"@context":"https:\/\/schema.org","@graph":[{"@type":"WebPage","@id":"https:\/\/portalnpm.com\/index.php\/2023\/11\/01\/internacional-fica-no-empate-com-o-america-mg-no-beira-rio\/","url":"https:\/\/portalnpm.com\/index.php\/2023\/11\/01\/internacional-fica-no-empate-com-o-america-mg-no-beira-rio\/","name":"Internacional fica no empate com o Am\u00e9rica-MG no Beira-Rio - Portal NPM","isPartOf":{"@id":"https:\/\/portalnpm.com\/#website"},"primaryImageOfPage":{"@id":"https:\/\/portalnpm.com\/index.php\/2023\/11\/01\/internacional-fica-no-empate-com-o-america-mg-no-beira-rio\/#primaryimage"},"image":{"@id":"https:\/\/portalnpm.com\/index.php\/2023\/11\/01\/internacional-fica-no-empate-com-o-america-mg-no-beira-rio\/#primaryimage"},"thumbnailUrl":"","datePublished":"2023-11-02T00:33:07+00:00","dateModified":"2023-11-02T00:33:07+00:00","author":{"@id":"https:\/\/portalnpm.com\/#\/schema\/person\/49313e563cfdefcc167f1ee4c017c294"},"breadcrumb":{"@id":"https:\/\/portalnpm.com\/index.php\/2023\/11\/01\/internacional-fica-no-empate-com-o-america-mg-no-beira-rio\/#breadcrumb"},"inLanguage":"pt-BR","potentialAction":[{"@type":"ReadAction","target":["https:\/\/portalnpm.com\/index.php\/2023\/11\/01\/internacional-fica-no-empate-com-o-america-mg-no-beira-rio\/"]}]},{"@type":"ImageObject","inLanguage":"pt-BR","@id":"https:\/\/portalnpm.com\/index.php\/2023\/11\/01\/internacional-fica-no-empate-com-o-america-mg-no-beira-rio\/#primaryimage","url":"","contentUrl":""},{"@type":"BreadcrumbList","@id":"https:\/\/portalnpm.com\/index.php\/2023\/11\/01\/internacional-fica-no-empate-com-o-america-mg-no-beira-rio\/#breadcrumb","itemListElement":[{"@type":"ListItem","position":1,"name":"In\u00edcio","item":"https:\/\/portalnpm.com\/"},{"@type":"ListItem","position":2,"name":"Internacional fica no empate com o Am\u00e9rica-MG no Beira-Rio"}]},{"@type":"WebSite","@id":"https:\/\/portalnpm.com\/#website","url":"https:\/\/portalnpm.com\/","name":"Portal NPM","description":"Not\u00edcias em Primeira M\u00e3o","potentialAction":[{"@type":"SearchAction","target":{"@type":"EntryPoint","urlTemplate":"https:\/\/portalnpm.com\/?s={search_term_string}"},"query-input":"required name=search_term_string"}],"inLanguage":"pt-BR"},{"@type":"Person","@id":"https:\/\/portalnpm.com\/#\/schema\/person\/49313e563cfdefcc167f1ee4c017c294","name":"Genival Barbosa","image":{"@type":"ImageObject","inLanguage":"pt-BR","@id":"https:\/\/portalnpm.com\/#\/schema\/person\/image\/","url":"https:\/\/portalnpm.com\/wp-content\/uploads\/2024\/02\/avatar_user_2_1707743258-96x96.jpeg","contentUrl":"https:\/\/portalnpm.com\/wp-content\/uploads\/2024\/02\/avatar_user_2_1707743258-96x96.jpeg","caption":"Genival Barbosa"},"url":"https:\/\/portalnpm.com\/index.php\/author\/genival\/"}]}},"jetpack_sharing_enabled":true,"jetpack_featured_media_url":"","_links":{"self":[{"href":"https:\/\/portalnpm.com\/index.php\/wp-json\/wp\/v2\/posts\/49832"}],"collection":[{"href":"https:\/\/portalnpm.com\/index.php\/wp-json\/wp\/v2\/posts"}],"about":[{"href":"https:\/\/portalnpm.com\/index.php\/wp-json\/wp\/v2\/types\/post"}],"author":[{"embeddable":true,"href":"https:\/\/portalnpm.com\/index.php\/wp-json\/wp\/v2\/users\/2"}],"replies":[{"embeddable":true,"href":"https:\/\/portalnpm.com\/index.php\/wp-json\/wp\/v2\/comments?post=49832"}],"version-history":[{"count":0,"href":"https:\/\/portalnpm.com\/index.php\/wp-json\/wp\/v2\/posts\/49832\/revisions"}],"wp:featuredmedia":[{"embeddable":true,"href":"https:\/\/portalnpm.com\/index.php\/wp-json\/"}],"wp:attachment":[{"href":"https:\/\/portalnpm.com\/index.php\/wp-json\/wp\/v2\/media?parent=49832"}],"wp:term":[{"taxonomy":"category","embeddable":true,"href":"https:\/\/portalnpm.com\/index.php\/wp-json\/wp\/v2\/categories?post=49832"},{"taxonomy":"post_tag","embeddable":true,"href":"https:\/\/portalnpm.com\/index.php\/wp-json\/wp\/v2\/tags?post=49832"}],"curies":[{"name":"wp","href":"https:\/\/api.w.org\/{rel}","templated":true}]}}